{"id":8500,"date":"2021-04-28T06:48:30","date_gmt":"2021-04-27T21:48:30","guid":{"rendered":"https:\/\/portal.hokuryu.info\/?p=8500"},"modified":"2021-05-26T08:13:46","modified_gmt":"2021-05-25T23:13:46","slug":"8500-sonrasi","status":"publish","type":"post","link":"https:\/\/portal.hokuryu.info\/tr\/8500\/","title":{"rendered":"102 y\u0131l \u00f6nce Hokuryu Kasabas\u0131na yerle\u015fen Kubo ailesi Isamu ve Nobuko&#039;yu kasabadan u\u011furlarken"},"content":{"rendered":"<p>\u00c7ar\u015famba, 28 Nisan 2021<\/p>\n<p>27 Nisan 2021 Sal\u0131 g\u00fcn\u00fc sabah 8:00&#039;de Bay ve Bayan Isamu ile Nobuko Kubo, o\u011fullar\u0131n\u0131n ya\u015fad\u0131\u011f\u0131 Sapporo&#039;ya ta\u015f\u0131nacaklar.<\/p>\n<p>Wa mahalle derne\u011fi \u00fcyeleri ve aileyle ba\u011flant\u0131s\u0131 olan di\u011fer kasaba halk\u0131, Kubo ailesinin bah\u00e7esinde topland\u0131 ve onlar\u0131 u\u011furlamak i\u00e7in isteksizce de olsa hep birlikte &quot;Banzai&quot; \u015fark\u0131s\u0131n\u0131 \u00fc\u00e7 kez s\u00f6yledi.<\/p>\n<figure class=\"wp-caption aligncenter\"><a href=\"https:\/\/photos.google.com\/share\/AF1QipPBOscPqyvZuyERZugkT2mlRBywbLCUkQvCq0FcD49BNvi3qn-xQG4xYsd2JZwSYw\/photo\/AF1QipMMZPeHP6ljBaIFre_NPJpKr7_nlA0HqrHX_kQ?key=LVJ5ZEktcU1GU2owek5Ham1ycjRNNXFzS3pia0dR\" target=\"_blank\" rel=\"noopener\"><img decoding=\"async\" src=\"https:\/\/lh3.googleusercontent.com\/pw\/ACtC-3eJtmg49u_s9gqjKnXW9ZnvWZNDYJcRE49Wdxy9EDV0YdVeWZQslx1c7OZcz_FOnbo_Vm1BYNcZstV1WhLg_h5A4FBMLcYgOGVBS_Gao3N9JTo46Bf1iwiDwLpLTw9HeJv8j8Hwu7OIzh7TpIfO8viV=w2000-h1500-no?authuser=0\" width=\"2000\" height=\"1500\" alt=\"Onlar\u0131 \u00fc\u00e7 tezah\u00fcratla u\u011furluyoruz\" class=\"size-medium\" \/><\/a><figcaption class=\"wp-caption-text\">Onlar\u0131 \u00fc\u00e7 tezah\u00fcratla u\u011furluyoruz<\/figcaption><\/figure>\n<p>Kubo ailesi, Kubo Isamu&#039;nun b\u00fcy\u00fckbabas\u0131n\u0131n 1920&#039;de Hokuryu Kasabas\u0131&#039;na yerle\u015fmesinden bu yana ge\u00e7en 102 y\u0131l boyunca Hokuryu Kasabas\u0131&#039;n\u0131n tar\u0131msal temelinin kurulmas\u0131na b\u00fcy\u00fck katk\u0131larda bulundu. Ayr\u0131ca mahalle derne\u011fi ba\u015fkanl\u0131\u011f\u0131n\u0131 yapt\u0131 ve yorulmak bilmez destek sa\u011flad\u0131.<\/p>\n<h2>Wa Mahalle Derne\u011fi Ba\u015fkan\u0131 Hideyuki Hasegawa&#039;n\u0131n s\u00f6zleri<\/h2>\n<figure class=\"wp-caption aligncenter\"><a href=\"https:\/\/photos.google.com\/share\/AF1QipPBOscPqyvZuyERZugkT2mlRBywbLCUkQvCq0FcD49BNvi3qn-xQG4xYsd2JZwSYw\/photo\/AF1QipOWIdHiXsgzZjqTqmAq9qAUlGVZaXvJi22E3ow?key=LVJ5ZEktcU1GU2owek5Ham1ycjRNNXFzS3pia0dR\" target=\"_blank\" rel=\"noopener\"><img decoding=\"async\" src=\"https:\/\/lh3.googleusercontent.com\/pw\/ACtC-3eZ9g5DvhordzI350FMVP8lvewqfaWZ_FufP-ADODv-95rQXBdiikcngmN6mZmx2XRphj20oKf64eJhB9HmUhiwz9KjT7kJG2BMjMdeoHhUNizmPBA62C1ZFLNcou5XFVjHnszjNyYH4JbtLeyos1wO=w2000-h1500-no?authuser=0\" width=\"2000\" height=\"1500\" alt=\"Mahalle derne\u011fi temsilcisi Hideyuki Hasegawa&#039;dan te\u015fekk\u00fcr s\u00f6zleri\" class=\"size-medium\" \/><\/a><figcaption class=\"wp-caption-text\">Mahalle derne\u011fi temsilcisi Hideyuki Hasegawa&#039;dan te\u015fekk\u00fcr s\u00f6zleri<\/figcaption><\/figure>\n<p>&quot;Bay Kubo Isamu&#039;nun b\u00fcy\u00fckbabas\u0131n\u0131n zaman\u0131nda, tar\u0131m arazisi aray\u0131\u015f\u0131yla Uryuu Kasabas\u0131&#039;ndan Hokuryu Kasabas\u0131&#039;na geldiklerini duydum. 100 y\u0131ldan fazla bir s\u00fcre \u00f6nce Hokuryu Kasabas\u0131&#039;na yerle\u015ftiler.<\/p>\n<p>O zamanlar Hokuryu Kasabas\u0131 g\u00fcn\u00fcm\u00fczdeki gibi pirin\u00e7 tarlalar\u0131yla dolu de\u011fildi; Arazi \u00e7e\u015fitli b\u00fcy\u00fckl\u00fcklerde ve y\u00fckseltilerdeydi ve sulama kanallar\u0131 ile drenaj kanallar\u0131 iyi geli\u015fmemi\u015fti, bu nedenle yerle\u015fimcilerin buraya yerle\u015fmesi \u00e7ok zor bir d\u00f6nemdi.<\/p>\n<p>Daha sonra altyap\u0131 iyile\u015ftirildi ve bug\u00fcnk\u00fc pirin\u00e7 tarlalar\u0131n\u0131n temellerinin 1965 y\u0131l\u0131 civar\u0131nda yap\u0131sal iyile\u015ftirme projesi kapsam\u0131nda at\u0131ld\u0131\u011f\u0131na inan\u0131yorum. Gen\u00e7 Kubo o d\u00f6nemde toplumun merkezi fig\u00fcr\u00fc haline geldi ve modern tar\u0131m\u0131n temellerini atmak i\u00e7in \u00e7ok \u00e7al\u0131\u015ft\u0131.<\/p>\n<p>Heisei d\u00f6neminde Wa mahalle derne\u011fi, Baemoto mahalle derne\u011fiyle birle\u015ferek (2005 civar\u0131) Wa mahalle derne\u011fini olu\u015fturdu. Ba\u015flang\u0131\u00e7ta birle\u015fen mahalle dernekleri aras\u0131nda baz\u0131 d\u00fczenleme ve ba\u015fka konularda farkl\u0131l\u0131klar vard\u0131. Ancak Kubo&#039;nun mahalle derne\u011fi ba\u015fkan\u0131 olarak mahalle derne\u011finin d\u00fczg\u00fcn bir \u015fekilde y\u00f6netilmesini sa\u011flamak i\u00e7in ne kadar iyi ayarlamalar yapabildi\u011fini g\u00fc\u00e7l\u00fc bir \u015fekilde hat\u0131rl\u0131yorum.<\/p>\n<p>Say\u0131n Kubo&#039;ya toplulu\u011fa uzun vadeli katk\u0131lar\u0131ndan dolay\u0131 i\u00e7ten \u015f\u00fckranlar\u0131m\u0131z\u0131 sunmak istiyoruz.<\/p>\n<p>Bay ve Bayan Kubo daha sonra o\u011fullar\u0131n\u0131n ya\u015fad\u0131\u011f\u0131 Sapporo&#039;ya gidecek ve orada bir ikametgah kuracaklar. Umar\u0131m ikiniz de birlikte rahatlat\u0131c\u0131 bir zaman ge\u00e7irirsiniz.<\/p>\n<p>Bu s\u00fcre zarf\u0131nda Say\u0131n Kubo&#039;nun Hokuryu Kasabas\u0131&#039;n\u0131 hat\u0131rlamas\u0131n\u0131 istiyorum. L\u00fctfen Ay\u00e7i\u00e7e\u011fi Festivali&#039;ne ve di\u011fer etkinliklere gelin, e\u011fer tan\u0131d\u0131k y\u00fczler g\u00f6r\u00fcrseniz bize merhaba derseniz \u00e7ok mutlu oluruz.<\/p>\n<p>Bu sefer, yerel topluluktan ald\u0131\u011f\u0131 yard\u0131mlar i\u00e7in kendisine te\u015fekk\u00fcr eden Say\u0131n Kubo&#039;dan bir ba\u011f\u0131\u015f ald\u0131k. Kubo-san&#039;a bir kez daha te\u015fekk\u00fcr etmek istiyorum.<\/p>\n<p>Ayr\u0131ca mahalle derne\u011fi t\u00fcz\u00fc\u011f\u00fc gere\u011fince sizlere bir veda hediyesi vermek istiyoruz. Mahalle derne\u011fi ad\u0131na Say\u0131n Kubo&#039;ya sunmak istiyorum. Wa Mahalle Derne\u011fi temsilcisi Ba\u015fkan Hasegawa, &quot;Sizi \u00f6zleyece\u011fiz, ancak t\u00fcm bu y\u0131llar i\u00e7in size \u00e7ok te\u015fekk\u00fcr ederiz&quot; dedi.<\/p>\n<figure class=\"wp-caption aligncenter\"><a href=\"https:\/\/photos.google.com\/share\/AF1QipPBOscPqyvZuyERZugkT2mlRBywbLCUkQvCq0FcD49BNvi3qn-xQG4xYsd2JZwSYw\/photo\/AF1QipPu8yuQXeSvkIzQUBmh4NNjupH_gCSdVPZMIu8?key=LVJ5ZEktcU1GU2owek5Ham1ycjRNNXFzS3pia0dR\" target=\"_blank\" rel=\"noopener\"><img decoding=\"async\" src=\"https:\/\/lh3.googleusercontent.com\/pw\/ACtC-3cp8j34XjAO4DYJhvufIqQBuD6dI30BD6L5PPJGleTWav33rXbQP_cg_gFtxE-iiaJJKjj6GKqpMcVNDDo2a1Nml5TjCNsq8yiIcOpinbhbxhPKrfGAxHduJEqwU2ugZQuk6l2JT4QUMEXsp0uTatPY=w2000-h1500-no?authuser=0\" width=\"2000\" height=\"1500\" alt=\"Onursal \u00fccretler\" class=\"size-medium\" \/><\/a><figcaption class=\"wp-caption-text\">Onursal \u00fccretler<\/figcaption><\/figure>\n<h2>Isamu Kubo&#039;nun s\u00f6zleri<\/h2>\n<p>&quot;Yo\u011fun programlar\u0131n\u0131zdan vakit ay\u0131r\u0131p sabah erkenden gelip beni u\u011furlad\u0131\u011f\u0131n\u0131z i\u00e7in hepinize en i\u00e7ten te\u015fekk\u00fcrlerimi sunmak istiyorum.<\/p>\n<p>Bu y\u0131l, b\u00fcy\u00fckbabam\u0131n Mart 1920&#039;de Uryuu K\u00f6y\u00fc&#039;nden Kitaryu K\u00f6y\u00fc&#039;ne ta\u015f\u0131nmas\u0131n\u0131n 102. y\u0131l d\u00f6n\u00fcm\u00fc. Son \u00fc\u00e7 nesildir bize verdi\u011finiz destek i\u00e7in hepinize en derin \u015f\u00fckranlar\u0131m\u0131z\u0131 sunmak istiyoruz.<\/p>\n<p>Hepinizin sa\u011fl\u0131\u011f\u0131n\u0131za dikkat etmenizi umuyor, sa\u011fl\u0131k ve mutluluklar\u0131n\u0131z\u0131n devam\u0131n\u0131 diliyorum. &quot;Bug\u00fcn so\u011fuk havaya ra\u011fmen geldi\u011finiz i\u00e7in \u00e7ok te\u015fekk\u00fcr ederim.&quot;<\/p>\n<figure class=\"wp-caption aligncenter\"><a href=\"https:\/\/photos.google.com\/share\/AF1QipPBOscPqyvZuyERZugkT2mlRBywbLCUkQvCq0FcD49BNvi3qn-xQG4xYsd2JZwSYw\/photo\/AF1QipMYIShsaWfPNM-NwsssnR210KvIZadQM2VFHneg?key=LVJ5ZEktcU1GU2owek5Ham1ycjRNNXFzS3pia0dR\" target=\"_blank\" rel=\"noopener\"><img decoding=\"async\" src=\"https:\/\/lh3.googleusercontent.com\/pw\/ACtC-3ekaqncdF3NjSszr5LsgXvF_r6mzD1KyFFS0Aytxc7GgB42cyO2dLlOLN1EgWNtw7wmauJv4nvV0G3SLQljsrIcc1ra3Rp0SqD700gff8Q2CKVxmBT-Q560hizHxmtMnFCylGk5QbFlbmqO8kG3Kldbhw=w1416-h1888-no?authuser=0\" width=\"400\" alt=\"Bay Isamu Kubo ve Bayan Nobuko\" class=\"size-medium\" \/><\/a><figcaption class=\"wp-caption-text\">Bay Isamu Kubo ve Bayan Nobuko<\/figcaption><\/figure>\n<figure class=\"wp-caption aligncenter\"><a href=\"https:\/\/photos.google.com\/share\/AF1QipPBOscPqyvZuyERZugkT2mlRBywbLCUkQvCq0FcD49BNvi3qn-xQG4xYsd2JZwSYw\/photo\/AF1QipMTwDFJS-V6yl91kkMTCHRmDMi-9KEg-6AI1IA?key=LVJ5ZEktcU1GU2owek5Ham1ycjRNNXFzS3pia0dR\" target=\"_blank\" rel=\"noopener\"><img decoding=\"async\" src=\"https:\/\/lh3.googleusercontent.com\/pw\/ACtC-3fAOg4cX8X1xLAoPZLLvwHFiSuwqdw-PI1jV_RnE-Nx6W6PfsnqLtHqZPN_NRkhrTvznaxTei3zwEn1QvXBMip_yvT6DrpZ41pfKgHi5p7MFxdidsqkIMgE-TRLMXpLKnvsHOTVo1ESOoqUuGJzXRsk=w2000-h1500-no?authuser=0\" width=\"2000\" height=\"1500\" alt=\"Kubo ailesi\" class=\"size-medium\" \/><\/a><figcaption class=\"wp-caption-text\">Kubo ailesi<\/figcaption><\/figure>\n<h2>Onlar\u0131 u\u011furlarken \u00fc\u00e7 kez tezah\u00fcrat ediyoruz<\/h2>\n<p>Hepimiz hep birlikte \u00fc\u00e7 kez &quot;Banzai&quot; diye ba\u011f\u0131rarak onlar\u0131 u\u011furlad\u0131k.<\/p>\n<figure class=\"wp-caption aligncenter\"><a href=\"https:\/\/photos.google.com\/share\/AF1QipPBOscPqyvZuyERZugkT2mlRBywbLCUkQvCq0FcD49BNvi3qn-xQG4xYsd2JZwSYw\/photo\/AF1QipNS7Im9Gun640YKtjI2VTb7TR3RReRAiXOau5M?key=LVJ5ZEktcU1GU2owek5Ham1ycjRNNXFzS3pia0dR\" target=\"_blank\" rel=\"noopener\"><img decoding=\"async\" src=\"https:\/\/lh3.googleusercontent.com\/pw\/ACtC-3fHnhkQNE9WowxNvguBpjlo34d7XdA78blgRmggfqBA3-_RUJWMm05u6l2hAdZ34WXHIzCJl9VCzoWe6lNjhyjFm8JPHUmdzrF2higowt2tbSSeOLnVYou-pFeKSgYuTB4TcvbLYxO2wB83LgUVPYPD=w2000-h1500-no?authuser=0\" width=\"2000\" height=\"1500\" alt=\"Onlar\u0131 \u00fc\u00e7 tezah\u00fcratla u\u011furluyoruz\" class=\"size-medium\" \/><\/a><figcaption class=\"wp-caption-text\">Onlar\u0131 \u00fc\u00e7 tezah\u00fcratla u\u011furluyoruz<\/figcaption><\/figure>\n<p>Hokuryu&#039;yu \u00e7ok seven ve kasabalar\u0131n\u0131 korumak ve gelece\u011fe ta\u015f\u0131mak i\u00e7in birbirleriyle i\u015fbirli\u011fi yapan, yard\u0131mla\u015fan ve destekleyen Hokuryu halk\u0131n\u0131n uyum ruhuna s\u0131n\u0131rs\u0131z sevgi, \u015f\u00fckran ve dualar\u0131m\u0131zla. . .<\/p>\n<figure class=\"wp-caption aligncenter\"><a href=\"https:\/\/photos.google.com\/share\/AF1QipPBOscPqyvZuyERZugkT2mlRBywbLCUkQvCq0FcD49BNvi3qn-xQG4xYsd2JZwSYw\/photo\/AF1QipNRUc0ExgjfhsbUQI0YdK-g91Fu7afqG70rXcw?key=LVJ5ZEktcU1GU2owek5Ham1ycjRNNXFzS3pia0dR\" target=\"_blank\" rel=\"noopener\"><img decoding=\"async\" src=\"https:\/\/lh3.googleusercontent.com\/pw\/ACtC-3fdVzba2lUBRWXtpuRMinivpiHJpg14kSYuodOYw7Hg5fbOYXsK_kjqRkh2Mb5lXQOLAHBEE3eA2TbF2hYq7aHpF4yvoKBFo3U5p8Eov3nX22cjefq86z5nWejqdgvqghxYWzTw5P_gIClVUuovEzxr=w2000-h1500-no?authuser=0\" width=\"2000\" height=\"1500\" alt=\"Edai Da\u011f\u0131&#039;n\u0131n g\u00f6zetledi\u011fi kasaba manzaras\u0131\" class=\"size-medium\" \/><\/a><figcaption class=\"wp-caption-text\">Edai Da\u011f\u0131&#039;n\u0131n g\u00f6zetledi\u011fi kasaba manzaras\u0131<\/figcaption><\/figure>\n<p>\u25c7 \u00c7ekim ve kurgu: Noboru Terauchi R\u00f6portaj ve metin: Ikuko Terauchi<\/p>","protected":false},"excerpt":{"rendered":"<p>\uff12\uff10\uff12\uff11\u5e74\uff14\u6708\uff12\uff18\u65e5\uff08\u6c34\uff09 \u4ee4\u548c\uff13\u5e74\uff14\u6708\uff12\uff17\u65e5\uff08\u706b\uff09\uff10\uff18\uff1a\uff10\uff10\u3001\u4e45\u4fdd\u52c7\u30fb\u4fe1\u5b50\u3054\u592b\u59bb\u304c\u3001\u5fa1\u5b50\u606f\u304c\u304a\u4f4f\u307e\u3044\u306e\u672d\u5e4c\u3078\u8ee2\u51fa\u3055\u308c\u308b\u3053\u3068\u3068\u306a\u308a\u307e\u3057\u305f\u3002 \u548c\u753a\u5185\u4f1a\u306e\u7686\u3055\u3093\u3001\u3054\u7e01\u306e\u3042\u308b\u753a\u6c11\u304c\u4e45\u4fdd\u5bb6\u306e\u304a\u5ead\u306b\u96c6\u3044\u3001\u540d\u6b8b\u60dc [&hellip;]<\/p>\n","protected":false},"author":1,"featured_media":8501,"comment_status":"open","ping_status":"open","sticky":false,"template":"","format":"standard","meta":{"footnotes":""},"categories":[4],"tags":[],"class_list":["post-8500","post","type-post","status-publish","format-standard","has-post-thumbnail","hentry","category-cover-story"],"_links":{"self":[{"href":"https:\/\/portal.hokuryu.info\/tr\/wp-json\/wp\/v2\/posts\/8500","targetHints":{"allow":["GET"]}}],"collection":[{"href":"https:\/\/portal.hokuryu.info\/tr\/wp-json\/wp\/v2\/posts"}],"about":[{"href":"https:\/\/portal.hokuryu.info\/tr\/wp-json\/wp\/v2\/types\/post"}],"author":[{"embeddable":true,"href":"https:\/\/portal.hokuryu.info\/tr\/wp-json\/wp\/v2\/users\/1"}],"replies":[{"embeddable":true,"href":"https:\/\/portal.hokuryu.info\/tr\/wp-json\/wp\/v2\/comments?post=8500"}],"version-history":[{"count":0,"href":"https:\/\/portal.hokuryu.info\/tr\/wp-json\/wp\/v2\/posts\/8500\/revisions"}],"wp:featuredmedia":[{"embeddable":true,"href":"https:\/\/portal.hokuryu.info\/tr\/wp-json\/wp\/v2\/media\/8501"}],"wp:attachment":[{"href":"https:\/\/portal.hokuryu.info\/tr\/wp-json\/wp\/v2\/media?parent=8500"}],"wp:term":[{"taxonomy":"category","embeddable":true,"href":"https:\/\/portal.hokuryu.info\/tr\/wp-json\/wp\/v2\/categories?post=8500"},{"taxonomy":"post_tag","embeddable":true,"href":"https:\/\/portal.hokuryu.info\/tr\/wp-json\/wp\/v2\/tags?post=8500"}],"curies":[{"name":"wp","href":"https:\/\/api.w.org\/{rel}","templated":true}]}}