{"id":72942,"date":"2026-04-07T09:36:44","date_gmt":"2026-04-07T00:36:44","guid":{"rendered":"https:\/\/portal.hokuryu.info\/?p=72942"},"modified":"2026-04-17T06:41:57","modified_gmt":"2026-04-16T21:41:57","slug":"%e5%a4%a7%e5%9c%b0%e3%81%8c%e7%9b%ae%e8%a6%9a%e3%82%81%e3%82%8b%e6%98%a5%e3%80%81%e5%8c%97%e7%ab%9c%e7%94%ba%e3%81%ab-100ha-%e5%88%86%e3%81%ae%e3%80%8c%e3%81%84%e3%81%ae%e3%81%a1%e3%80%8d%e3%81%8c","status":"publish","type":"post","link":"https:\/\/portal.hokuryu.info\/tr\/72942\/","title":{"rendered":"Mizuho Co., Ltd.&#039;nin &quot;Yo\u011fun Fidan Yolculu\u011fu 2026, \u0130kinci U\u00e7u\u015f&quot; | Bahar, Hokuryu Kasabas\u0131 topraklar\u0131n\u0131 uyand\u0131r\u0131yor ve 100 hektarl\u0131k alanda &quot;ya\u015fam&quot; filizlenmeye ba\u015fl\u0131yor."},"content":{"rendered":"<p>Sal\u0131, 7 Nisan 2026<\/p>\n<div class=\"ep-box es-BpaperRight es-grid bgc-VPsky\">\nNisan ay\u0131nda Hokuryu kasabas\u0131n\u0131n topraklar\u0131 hala kar kal\u0131nt\u0131lar\u0131yla kapl\u0131yd\u0131. Ancak Mizuho \u015eirketi&#039;nin (Ba\u015fkan ve CEO: Masami Komatsu) tarlalar\u0131nda, alt\u0131 serada fide yeti\u015ftirme haz\u0131rl\u0131klar\u0131 istikrarl\u0131 bir \u015fekilde ilerliyordu. 100 hektarl\u0131k (100 cho, 200&#039;den fazla pirin\u00e7 tarlas\u0131) alan\u0131 destekleyen yo\u011fun fide yeti\u015ftiricili\u011finin alt\u0131nc\u0131 y\u0131l\u0131. 10 se\u00e7kin \u00fcyeden olu\u015fan bir ekip, alt\u0131n hasada do\u011fru yolculuklar\u0131na bir kez daha ba\u015flad\u0131.\n<\/div>\n<h2>Bahar geldi\u011finde, Hokuryu topraklar\u0131 uyan\u0131rken, 100 hektarl\u0131k alanda &quot;ya\u015fam&quot; filizlenmeye ba\u015flar.<\/h2>\n<p>Nisan ay\u0131 ba\u015flarken, \u015fehrin bir\u00e7ok yerinde h\u00e2l\u00e2 kar kal\u0131nt\u0131lar\u0131 bulunuyor. Ancak Mizuho \u00c7iftli\u011fi&#039;ndeki fide seras\u0131n\u0131n i\u00e7inde hi\u00e7 kar kalmam\u0131\u015f.<\/p>\n<figure class=\"wp-caption aligncenter\"><a href=\"https:\/\/photos.google.com\/share\/AF1QipPanfXh1d4rWiejucP8xEafS0NrZv6epZVH8-SBTyuctqlPxLhkNlFK6RLRkM7nOg\/photo\/AF1QipNRVlzxkIGKCX29Oa79J6Lp3Wl-TKBjuwih2ns?key=NUpVaDM3eDVQWFZCOGR5eURZOFoxMXZfYTVMdVRn\" target=\"_blank\"><img decoding=\"async\" src=\"https:\/\/lh3.googleusercontent.com\/pw\/AP1GczOCr07R5pkQdULXx-VfGkhOgVgx11Dvky9eQtyWEgIVWuQUXE76mWvzJis-95zos0-bdlWxBqjAZkUP-gsiGwsc0G_E8QMKA1uo_nNuAo1Lc1UtZCFTEhcN35b77lUhMDVWP5eSZ2LEDIdebHMfFeBP=w2000-h1116-s-no-gm?authuser=0\" width=\"2000\" height=\"1116\" alt=\"Kar\u0131n tamamen t\u00fckendi\u011fi fide seras\u0131n\u0131n i\u00e7inde.\" class=\"size-medium\" \/><\/a><figcaption class=\"wp-caption-text\">Tomoya Nishino&#039;nun rehberli\u011finde, \u00fczerinde hi\u00e7 kar kalmam\u0131\u015f bir fide seras\u0131n\u0131n i\u00e7inde.<\/figcaption><\/figure>\n<blockquote><p>&quot;Bu y\u0131l kar erken eridi. Sera i\u00e7indeki kar\u0131 temizlemek zorunda kalmadan bahar \u00e7al\u0131\u015fmalar\u0131na ba\u015flayabildik.&quot;<\/p><\/blockquote>\n<p>Hokkaido&#039;daki \u00e7ift\u00e7iler i\u00e7in bu tek c\u00fcmle son derece b\u00fcy\u00fck bir \u00f6nem ta\u015f\u0131yor. Normalde bahar, seralar\u0131n i\u00e7inden kar k\u00fcreme gibi zahmetli bir i\u015fle ba\u015flar. Ancak bu y\u0131l buna gerek kalmad\u0131. Do\u011fa bu bahar \u00e7ift\u00e7ilerin yan\u0131ndayd\u0131. Mizuho Corporation&#039;\u0131n 2026 sezonu hafif bir r\u00fczgarla ba\u015flad\u0131.<\/p>\n<h2>100 hektarl\u0131k bir hayal, alt\u0131 evde sakl\u0131.<\/h2>\n<p>Mizuho \u015eirketi, pirin\u00e7 fidelerini yeti\u015ftirmek i\u00e7in alt\u0131 sera kullan\u0131yor. Her sera 100 metre uzunlu\u011funda ve birlikte yakla\u015f\u0131k 100 hektarl\u0131k alanda fide yeti\u015ftiriyorlar.<\/p>\n<p>Nisan ba\u015flar\u0131nda ziyaret etti\u011fimizde, personel sera borular\u0131na plastik ipler ba\u011flamakla me\u015fguld\u00fc. Her biri kendi istasyonunda verimli ve sessiz bir \u015fekilde \u00e7al\u0131\u015farak yatay \u00e7ubuklar\u0131 tak\u0131yor, plasti\u011fi sar\u0131yor ve ipleri sabitliyordu.<\/p>\n<figure class=\"wp-caption aligncenter\"><a href=\"https:\/\/photos.google.com\/share\/AF1QipPanfXh1d4rWiejucP8xEafS0NrZv6epZVH8-SBTyuctqlPxLhkNlFK6RLRkM7nOg\/photo\/AF1QipMCKcuZvJLZMvUlLwTDzRNLQjSDDMSY-nFawzw?key=NUpVaDM3eDVQWFZCOGR5eURZOFoxMXZfYTVMdVRn\" target=\"_blank\"><img decoding=\"async\" src=\"https:\/\/lh3.googleusercontent.com\/pw\/AP1GczMMASLIJKTJylCxTR6ILX0LmoEUn-jAR-CJbXn4SIuBJ_NtCjOMJ1rVglL8itKNRq7OAvFol4ZXbn4BMZ9LjVuVUFgwHvh9FAW8reyHUn3KtFyu8LWs0enBDd9PGVupWRE13mfdlXBOb78BQ9RJA6e8=w2000-h1125-s-no-gm?authuser=0\" width=\"2000\" height=\"1125\" alt=\"Vinil ip ba\u011flama i\u015fi\" class=\"size-medium\" \/><\/a><figcaption class=\"wp-caption-text\">Vinil ip ba\u011flama i\u015fi<\/figcaption><\/figure>\n<figure class=\"wp-caption aligncenter\"><a href=\"https:\/\/photos.google.com\/share\/AF1QipPanfXh1d4rWiejucP8xEafS0NrZv6epZVH8-SBTyuctqlPxLhkNlFK6RLRkM7nOg\/photo\/AF1QipN7p4zl_4rDP-Mc6lTWwHIF8V02vV4UMcoA1vc?key=NUpVaDM3eDVQWFZCOGR5eURZOFoxMXZfYTVMdVRn\" target=\"_blank\"><img decoding=\"async\" src=\"https:\/\/lh3.googleusercontent.com\/pw\/AP1GczMyKLcWIT1x8K6e8b3rla78Fb0C0dovFOmAnuY6ufd6dB1AvtUy1DYmf4eVKBYfx0BJvhgs50EAgzW4fbd25cQXqqUZxtQO5HhSXK10RzbbTAEt-YwrzeRfuyjm3kraX2rbjd-eqUw2BnyKsywvlbB5=w2000-h1125-s-no-gm?authuser=0\" width=\"2000\" height=\"1125\" alt=\"\u00d6n\u00fcm\u00fczdeki haftan\u0131n ba\u015flar\u0131nda r\u00fczgars\u0131z bir g\u00fcnde bitkilerin \u00fczerini plastik \u00f6rt\u00fcyle \u00f6rtmeyi planl\u0131yoruz.\" class=\"size-medium\" \/><\/a><figcaption class=\"wp-caption-text\">\u00d6n\u00fcm\u00fczdeki haftan\u0131n ba\u015flar\u0131nda r\u00fczgars\u0131z bir g\u00fcnde bitkilerin \u00fczerini plastik \u00f6rt\u00fcyle \u00f6rtmeyi planl\u0131yoruz.<\/figcaption><\/figure>\n<blockquote><p>&quot;R\u00fczgar\u0131n olmad\u0131\u011f\u0131 bir g\u00fcnde \u00fczerini plastik \u00f6rt\u00fcyle kapataca\u011f\u0131z. Ko\u015fullar uygun oldu\u011funda, \u00f6n\u00fcm\u00fczdeki haftan\u0131n ba\u015flar\u0131nda yapmay\u0131 planl\u0131yoruz.&quot;<\/p><\/blockquote>\n<h2>B\u00fcy\u00fck \u00f6l\u00e7ekli bir tar\u0131m i\u015fletmesini y\u00f6neten 10 ki\u015filik bir ekip.<\/h2>\n<p>\u015eu anda Mizuho Corporation&#039;da, y\u00f6neticiler ve \u00e7al\u0131\u015fanlar da dahil olmak \u00fczere 10 ki\u015filik bir ekip bahar i\u015fleri \u00fczerinde \u00e7al\u0131\u015f\u0131yor. Ekim sezonunda iki ki\u015finin daha kat\u0131lmas\u0131 bekleniyor.<\/p>\n<h3>Takahiro Nakamura (Sapporo sakini, Haz\u0131r Yedek \u00d6z Savunma Kuvvetleri \u00fcyesi)<\/h3>\n<figure class=\"wp-caption aligncenter\"><a href=\"https:\/\/photos.google.com\/share\/AF1QipPanfXh1d4rWiejucP8xEafS0NrZv6epZVH8-SBTyuctqlPxLhkNlFK6RLRkM7nOg\/photo\/AF1QipPNI4rJzdFNNZL2Zg84-l2_eLBCm7sbveawEO4?key=NUpVaDM3eDVQWFZCOGR5eURZOFoxMXZfYTVMdVRn\" target=\"_blank\"><img decoding=\"async\" src=\"https:\/\/lh3.googleusercontent.com\/pw\/AP1GczPve8VXL3MXokuzG23aTS6ujKMF1Zaxwnxn1QEBxpxlEmdKPKyJHIlrGGt0HoNDNDm6ahv-JJZjxJWjTRSHXOqYIk5ApMkhiDMoHQDrVAtj-cehzkv4ldXPV5IVKfFXQOWPs6R_0p3-Izq0P-6SmdIO=w2000-h1121-s-no-gm?authuser=0\" width=\"2000\" height=\"1121\" alt=\"Takahiro Nakamura\" class=\"size-medium\" \/><\/a><figcaption class=\"wp-caption-text\">Takahiro Nakamura<\/figcaption><\/figure>\n<blockquote><p>&quot;\u00d6z Savunma Kuvvetlerinden ayr\u0131lmay\u0131 d\u00fc\u015f\u00fcnd\u00fc\u011f\u00fcm bir d\u00f6nemde, \u00e7ift\u00e7ili\u011fin bana daha uygun oldu\u011funu fark ettim. Do\u011fada aktif olmaktan keyif al\u0131yorum.&quot;<\/p><\/blockquote>\n<p>Mizuho ile tan\u0131\u015fmam, yeni \u00e7ift\u00e7iler i\u00e7in d\u00fczenlenen bir fuarda \u00e7iftlik y\u00f6neticisi Sakuraba&#039;n\u0131n ona yakla\u015fmas\u0131yla ba\u015flad\u0131. \u00d6z Savunma Kuvvetleri&#039;nde ge\u00e7irdi\u011fi s\u00fcre boyunca geli\u015ftirdi\u011fi disiplin ve fiziksel g\u00fcc\u00fc, \u015fimdi tar\u0131m alan\u0131nda par\u0131ld\u0131yor.<\/p>\n<h3>Yuki Sato (Shintotsukawa&#039;n\u0131n sakini)<\/h3>\n<figure class=\"wp-caption aligncenter\"><a href=\"https:\/\/photos.google.com\/share\/AF1QipPanfXh1d4rWiejucP8xEafS0NrZv6epZVH8-SBTyuctqlPxLhkNlFK6RLRkM7nOg\/photo\/AF1QipM9HUiJYH_WQrXd1dwry4zyMV7J5DFiW3kT5lY?key=NUpVaDM3eDVQWFZCOGR5eURZOFoxMXZfYTVMdVRn\" target=\"_blank\"><img decoding=\"async\" src=\"https:\/\/lh3.googleusercontent.com\/pw\/AP1GczNdrjIlrv4WfmBqoXWm6bMjOtRp_LYAbZFi4QAGgYToL8yGcY4Jt5BtPvzAoskt_LzE793TeO1yerJ8rXNiTdtOEsCBLruW-Sb5TEEpUxle3MR37H_yBGSjPJwMbuQ0PvrdyPr5hwVvNdgmao-GOtA6=w2000-h1122-s-no-gm?authuser=0\" width=\"2000\" height=\"1122\" alt=\"Yuki Sato\" class=\"size-medium\" \/><\/a><figcaption class=\"wp-caption-text\">Yuki Sato<\/figcaption><\/figure>\n<blockquote><p>&quot;Daha \u00f6nce Kitaryu&#039;da bir karton \u015firketinde \u00e7al\u0131\u015f\u0131yordum. Bayan Goto&#039;nun annesi beni Mizuho ile tan\u0131\u015ft\u0131rd\u0131. Makineleri ve a\u00e7\u0131k havada \u00e7al\u0131\u015fmay\u0131 seviyorum. Shintotsukawa&#039;ya olan uzakl\u0131k beni rahats\u0131z etmiyor, bu y\u00fczden burada \u00e7al\u0131\u015f\u0131yorum.&quot;<\/p><\/blockquote>\n<p>Bay Sato, \u00e7ift\u00e7ili\u011fin zor bir i\u015f oldu\u011fu d\u00fc\u015f\u00fcncesine sahipti. Ancak tarlada \u00e7al\u0131\u015fmaya ba\u015flad\u0131ktan sonra, i\u015fin b\u00fcy\u00fck bir k\u0131sm\u0131n\u0131n tar\u0131m makineleriyle ilgili oldu\u011funu ve bunun v\u00fccuduna uygun oldu\u011funu fark etti. Makinelere olan sevgisi ve a\u00e7\u0131k g\u00f6ky\u00fcz\u00fc alt\u0131nda \u00e7al\u0131\u015fma f\u0131rsat\u0131, Bay Sato&#039;yu Hokuryu Kasabas\u0131&#039;n\u0131n k\u0131rsal b\u00f6lgelerine \u00e7eken \u015feydi.<\/p>\n<h3>Tsutomu Komatsu (Fukagawa sakini ve temsilci Masami Komatsu&#039;nun en b\u00fcy\u00fck o\u011flu)<\/h3>\n<figure class=\"wp-caption aligncenter\"><a href=\"https:\/\/photos.google.com\/share\/AF1QipPanfXh1d4rWiejucP8xEafS0NrZv6epZVH8-SBTyuctqlPxLhkNlFK6RLRkM7nOg\/photo\/AF1QipNMw6nWXl00ql0Xv3T4NA4DdS6ca5HqnhNcH-Q?key=NUpVaDM3eDVQWFZCOGR5eURZOFoxMXZfYTVMdVRn\" target=\"_blank\"><img decoding=\"async\" src=\"https:\/\/lh3.googleusercontent.com\/pw\/AP1GczP2ts8j9zgjZzFHF3X9-ZFPKRQutQJzpUvffgWMTwo3wBZI8_c-Yphe4wv7Ywkm9d7BS6UKuO6G8g05ESgThtrzcS0THxEIAlqBih48re2rUfBgTmsDCmLowxlqsLuJogtxSoGJ00fLj2ERNBKRvpaC=w2000-h1125-s-no-gm?authuser=0\" width=\"2000\" height=\"1125\" alt=\"Tsutomu Komatsu\" class=\"size-medium\" \/><\/a><figcaption class=\"wp-caption-text\">Tsutomu Komatsu<\/figcaption><\/figure>\n<blockquote><p>&quot;Mart ay\u0131na kadar Kitasorachi Tar\u0131m Kooperatifi&#039;nde (Fukagawa \u015eehri) \u00e7al\u0131\u015ft\u0131m. Babam ya\u015flan\u0131yor ve aile \u015firketimiz oldu\u011fu i\u00e7in devralmaya karar verdim.&quot;<\/p><\/blockquote>\n<p>Y\u0131ll\u0131k \u00e7iftlik i\u015fleri rutinini anlasa da, ellerini kirletti\u011fi ilk deneyimiydi bu. Endi\u015felerini d\u00fcr\u00fcst\u00e7e dile getirse de, g\u00f6zlerinde belirgin bir kararl\u0131l\u0131k vard\u0131.<\/p>\n<blockquote><p>&quot;Tar\u0131m alan\u0131nda yeni \u015feyler deneme f\u0131rsatlar\u0131n\u0131n devam edece\u011fine inan\u0131yorum. Herkesi bu zorlu\u011fun \u00fcstesinden gelmeye te\u015fvik ediyorum.&quot;<\/p><\/blockquote>\n<p>Kendisi de yeni gelen biri oldu\u011fu i\u00e7in s\u00f6zleri \u00f6nem ta\u015f\u0131yor.<\/p>\n<h2>S\u0131k fide yeti\u015ftiricili\u011finin kalbi: fide tepsileri ve tohum \u0131slatma tanklar\u0131.<\/h2>\n<p>Bir sonraki ad\u0131m, pirin\u00e7 tohumlar\u0131n\u0131 suda bekletmek i\u00e7in haz\u0131rlamak, yani &quot;su deposu haz\u0131rlamak&quot;t\u0131r.<br \/>\nDeponun i\u00e7ine yan yana \u00fc\u00e7 adet \u00f6zel yap\u0131m su deposu (AQUA PRO AQ-300) kurulmas\u0131 planlan\u0131yor.<\/p>\n<p>&quot;Buraya \u00fc\u00e7 tank diziyoruz, i\u00e7lerini suyla dolduruyoruz ve pirin\u00e7 tohumlar\u0131n\u0131 suda bekletiyoruz. Sonra onlar\u0131 buraya ta\u015f\u0131y\u0131p \u00e7imlenmeleri i\u00e7in \u0131s\u0131 uyguluyoruz. Pirin\u00e7 tohumlar\u0131 g\u00fcvercin g\u00f6\u011fs\u00fc gibi \u015fi\u015fip filizlenmeye haz\u0131r hale geldi\u011finde, ekmeye haz\u0131rlan\u0131yoruz,&quot; diye a\u00e7\u0131kl\u0131yor Kiyotaka Hasegawa.<\/p>\n<p>Tar\u0131m kooperatifinde pirin\u00e7 tohumlar\u0131 s\u0131cak su dezenfeksiyonu ile \u00f6n i\u015flemden ge\u00e7iriliyor ve \u0131slatma i\u015flemi s\u0131ras\u0131nda sirke ekleniyor. Bu, y\u0131llar\u0131n deneyimini bilimle birle\u015ftiren titiz bir s\u00fcre\u00e7tir.<\/p>\n<figure class=\"wp-caption aligncenter\"><a href=\"https:\/\/photos.google.com\/share\/AF1QipPanfXh1d4rWiejucP8xEafS0NrZv6epZVH8-SBTyuctqlPxLhkNlFK6RLRkM7nOg\/photo\/AF1QipMrzY4FaRG_Mj9enFPbB_Pt_pYdP8H1JKU65vI?key=NUpVaDM3eDVQWFZCOGR5eURZOFoxMXZfYTVMdVRn\"><img decoding=\"async\" src=\"https:\/\/lh3.googleusercontent.com\/pw\/AP1GczOZyuFpOwP_FZLtnovYJM_TJw8AEoiCg21iMgmXI7d3ofs6sy71Wr0QtPfLaiZapb1g7Gei3cnAAzzU4-6eEKuPHnFcflczQnU4KWaue5rX6tAKMVi0_vOAoyFi_0yAM9wYY3bvv5aXtUJKN1m_LTGe=w2000-h1116-s-no-gm?authuser=0\" width=\"2000\" height=\"1116\" alt=\"Kiyotaka Hasegawa size pirin\u00e7 tohumu \u00e7imlendirme makinesini tan\u0131t\u0131yor.\" class=\"size-medium\" \/><\/a><figcaption class=\"wp-caption-text\">Kiyotaka Hasegawa size pirin\u00e7 tohumu \u00e7imlendirme makinesini tan\u0131t\u0131yor.<\/figcaption><\/figure>\n<p>Bu s\u0131rada, deponun bir k\u00f6\u015fesinde, \u00f6zellikle yo\u011fun fide yeti\u015ftiricili\u011fi i\u00e7in kullan\u0131lan fide tepsileri neredeyse tavana kadar istiflenmi\u015fti. Bu say\u0131, kullan\u0131lan toplam miktar\u0131n yakla\u015f\u0131k \u00fc\u00e7te ikisini temsil ediyor. Daha da art\u0131rmak i\u00e7in yer oldu\u011funu s\u00f6yl\u00fcyorlar.<\/p>\n<p>Tomoya Nishino bir fide tepsisi ald\u0131 ve bana anlatt\u0131.<\/p>\n<figure class=\"wp-caption aligncenter\"><a href=\"https:\/\/photos.google.com\/share\/AF1QipPanfXh1d4rWiejucP8xEafS0NrZv6epZVH8-SBTyuctqlPxLhkNlFK6RLRkM7nOg\/photo\/AF1QipO0l9wb98uomMg9lDB6ZHhuxfgN8pXKI0SR1O0?key=NUpVaDM3eDVQWFZCOGR5eURZOFoxMXZfYTVMdVRn\" target=\"_blank\"><img decoding=\"async\" src=\"https:\/\/lh3.googleusercontent.com\/pw\/AP1GczMD9JVmRLdw2nUhLgckW-CrcywhQjV5-PA0bReMFcDVO1z-K82lNZQ-9LxlkLmYg4VT5NVDZXYLtRBUxSrJDzr1mN4mfOGppm2PaXvnX1NWFguKQkAKZ6Wb6UbegP2f6VlA-bo8MpDDjG--i_SAIhhW=w2000-h1125-s-no-gm?authuser=0\" width=\"2000\" height=\"1125\" alt=\"S\u0131k fide yeti\u015ftirmek i\u00e7in \u00f6zel olarak tasarlanm\u0131\u015f fide tepsileri\" class=\"size-medium\" \/><\/a><figcaption class=\"wp-caption-text\">S\u0131k fide yeti\u015ftirmek i\u00e7in \u00f6zel olarak tasarlanm\u0131\u015f fide tepsileri<\/figcaption><\/figure>\n<figure class=\"wp-caption aligncenter\"><a href=\"https:\/\/photos.google.com\/share\/AF1QipPanfXh1d4rWiejucP8xEafS0NrZv6epZVH8-SBTyuctqlPxLhkNlFK6RLRkM7nOg\/photo\/AF1QipOZ3ZZ_uDrQTIkzkJj8PUN6B4E1KG6zwr7vqYY?key=NUpVaDM3eDVQWFZCOGR5eURZOFoxMXZfYTVMdVRn\" target=\"_blank\"><img decoding=\"async\" src=\"https:\/\/lh3.googleusercontent.com\/pw\/AP1GczP3DqJOzS1DwnNVPtBPh5PAK-k8jj0iwtovhH6_582JYV_eW_4F8GLDGukp4ETbrPqsIXDcwRCX5lgXUJw53nP4RUsJsHdjFpvSNOKICGn9vldjBpdid8_U8t3DZg52lsvwkstZnRnXmphFmbqxNE1Q=w2000-h1125-s-no-gm?authuser=0\" width=\"2000\" height=\"1125\" alt=\"\u00dcst \u00fcste dizilmi\u015f fide tepsileri\" class=\"size-medium\" \/><\/a><figcaption class=\"wp-caption-text\">\u00dcst \u00fcste dizilmi\u015f fide tepsileri<\/figcaption><\/figure>\n<blockquote><p>&quot;Saks\u0131da yeti\u015ftirilen fidelerin her birinde bir delik bulunur, ancak yo\u011fun fide tepsileri tamamen has\u0131r benzeri bir malzemeden yap\u0131lm\u0131\u015ft\u0131r ve k\u00f6kler tepsinin i\u00e7inde birbirine dolanarak tepsiyi tamamen beyazlat\u0131r. Trakt\u00f6r taraf\u0131ndan ezilmedi\u011fi s\u00fcrece neredeyse yok edilemez. Uzun y\u0131llar kullan\u0131labilir.&quot;<\/p><\/blockquote>\n<h2>Y\u00fcksek yo\u011funluklu pirin\u00e7 fide dikme makinesi \u2013 ak\u0131ll\u0131 tar\u0131m\u0131n \u00f6nc\u00fcs\u00fc<\/h2>\n<p>S\u0131k fide yeti\u015ftiricili\u011fi i\u00e7in \u00f6zel olarak tasarlanm\u0131\u015f be\u015f adet Yanmar pirin\u00e7 fide dikme makinesi, deponun arka taraf\u0131nda d\u00fczg\u00fcn bir \u015fekilde s\u0131ralanm\u0131\u015ft\u0131. Varl\u0131klar\u0131 olduk\u00e7a etkileyiciydi.<\/p>\n<figure class=\"wp-caption aligncenter\"><a href=\"https:\/\/photos.google.com\/share\/AF1QipPanfXh1d4rWiejucP8xEafS0NrZv6epZVH8-SBTyuctqlPxLhkNlFK6RLRkM7nOg\/photo\/AF1QipOuMOn6aoOgXmYx-d1piTL6HrZyvgf8DRC0GzA?key=NUpVaDM3eDVQWFZCOGR5eURZOFoxMXZfYTVMdVRn\" target=\"_blank\"><img decoding=\"async\" src=\"https:\/\/lh3.googleusercontent.com\/pw\/AP1GczNeIN8jmYh80dyAqPZ4QlQZYqwlUE69cftYKFiX9uZJjmEdUGtoJgxm9EW-O45_u00q1krVi2B2_rXiIryhis9e5nYzzqWiNZojwDieelt-WXeBPC8EU9T6H1UzR7byt1gIIbCqoNste49mp7SHXiSn=w2000-h1120-s-no-gm?authuser=0\" width=\"2000\" height=\"1120\" alt=\"Be\u015f pirin\u00e7 fide dikme makinesi\" class=\"size-medium\" \/><\/a><figcaption class=\"wp-caption-text\">Be\u015f pirin\u00e7 fide dikme makinesi<\/figcaption><\/figure>\n<blockquote><p>&quot;E\u011fer fideleri kavisli anahtara y\u00fcklerseniz, yeniden tedarik etmenize gerek kalmadan yakla\u015f\u0131k 3 tan (yakla\u015f\u0131k 30 ar) alan ekebilirsiniz.&quot;<\/p><\/blockquote>\n<p>Saks\u0131da yeti\u015ftirilen fideler i\u00e7in kullan\u0131lan pirin\u00e7 fide dikme makineleri ve s\u0131k\u0131\u015f\u0131k dikim i\u00e7in kullan\u0131lan makineler temelde farkl\u0131 yap\u0131lara sahiptir. Saks\u0131da yeti\u015ftirilen fidelerde fide tepsileri makineye yerle\u015ftirilirken, s\u0131k\u0131\u015f\u0131k dikimlerde fide altl\u0131klar\u0131 tepsilerden \u00e7\u0131kar\u0131larak makineye yerle\u015ftirilir. Makinenin fide tepsileri her zaman d\u0131\u015far\u0131da b\u0131rak\u0131l\u0131r. Bu fark, i\u015f verimlili\u011fini \u00f6nemli \u00f6l\u00e7\u00fcde etkiler.<br \/>\nDaha da dikkat \u00e7ekici olan ise GPS otomatik d\u00fcz hat navigasyon fonksiyonunun dahil edilmi\u015f olmas\u0131d\u0131r.<\/p>\n<blockquote><p>&quot;Sadece bir anahtar kullanarak A ve B noktalar\u0131n\u0131 belirliyorsunuz ve ara\u00e7 otomatik olarak bu noktalar aras\u0131nda d\u00fcz bir \u00e7izgide hareket ediyor. Basit oldu\u011fu i\u00e7in ar\u0131za yapma olas\u0131l\u0131\u011f\u0131 daha d\u00fc\u015f\u00fck.&quot;<\/p><\/blockquote>\n<p>&quot;Bir operat\u00f6r makinenin \u00f6n\u00fcnde ve arkas\u0131nda ekim ilerlemesini izlerken, makine otomatik olarak d\u00fcz hatl\u0131 hareketi kontrol eder. 5 makine, 10 ki\u015fi ve 10 g\u00fcnde 100 hektarl\u0131k bir alan\u0131 ekme plan\u0131, bu teknolojilerin bir araya gelmesiyle m\u00fcmk\u00fcn hale geliyor.&quot;<\/p>\n<figure class=\"wp-caption aligncenter\"><a href=\"https:\/\/photos.google.com\/share\/AF1QipPanfXh1d4rWiejucP8xEafS0NrZv6epZVH8-SBTyuctqlPxLhkNlFK6RLRkM7nOg\/photo\/AF1QipMHwD6jwC3GJMiEFTyk1-mr-yiuTsCTUau3ZDo?key=NUpVaDM3eDVQWFZCOGR5eURZOFoxMXZfYTVMdVRn\" target=\"_blank\"><img decoding=\"async\" src=\"https:\/\/lh3.googleusercontent.com\/pw\/AP1GczO0MUq3AJbwRdX2oFHYeFmvMocPfYgFcR0iW-mCWeS20upe_TwDQbxYmKXq3BRbKG3nAcr2MKfaTHUnE4CHPJ_jy_WVSlfjWoKC-EulkhsL0090ZXU6CQ3n9dA5kQIhvDBCIs-Q6YohWaEtyjUoqSaG=w2000-h1121-s-no-gm?authuser=0\" width=\"2000\" height=\"1121\" alt=\"D\u00fcz gitmek otomatik pilotta.\" class=\"size-medium\" \/><\/a><figcaption class=\"wp-caption-text\">D\u00fcz gitmek otomatik pilotta.<\/figcaption><\/figure>\n<figure class=\"wp-caption aligncenter\"><a href=\"https:\/\/photos.google.com\/share\/AF1QipPanfXh1d4rWiejucP8xEafS0NrZv6epZVH8-SBTyuctqlPxLhkNlFK6RLRkM7nOg\/photo\/AF1QipNlQemJB1KaagCq84XgUBV-ryAngH2rsn9Njzw?key=NUpVaDM3eDVQWFZCOGR5eURZOFoxMXZfYTVMdVRn\"><img decoding=\"async\" src=\"https:\/\/lh3.googleusercontent.com\/pw\/AP1GczP5RCQgxa9nhIvFXbdlLIQq_Iij_bjEtU1EkMsayhKVAm2yfXzbK7SETj5rxIGMQbW-Ab6lFySXa8ZjT3nueUAEFMF_tGJsAgujmFGDXul3hmIBkBU4RjhdBGQEXATvIU1DgW5bUnuPWDEUPdjuAflp=w2000-h1108-s-no-gm?authuser=0\" width=\"2000\" height=\"1108\" alt=\"Bay Nishino, pirin\u00e7 fide dikme makinesinin \u00e7al\u0131\u015fma prensibini a\u00e7\u0131kl\u0131yor.\" class=\"size-medium\" \/><\/a><figcaption class=\"wp-caption-text\">Bay Nishino, pirin\u00e7 fide dikme makinesinin \u00e7al\u0131\u015fma prensibini a\u00e7\u0131kl\u0131yor.<\/figcaption><\/figure>\n<p>Tomoya Nishino ve Kiyotaka Hasegawa detayl\u0131 bir \u015fekilde, &quot;Pirin\u00e7 ekimine 15 May\u0131s&#039;ta ba\u015flanmas\u0131 planlan\u0131yor. Plan, makine ba\u015f\u0131na g\u00fcnde yakla\u015f\u0131k 2 hektar, toplamda ise makine ba\u015f\u0131na 10 hektar ekim yap\u0131lmas\u0131 ve \u00e7al\u0131\u015fmalar\u0131n \u00f6\u011fleden sonra saat 3 civar\u0131nda tamamlanmas\u0131d\u0131r&quot; diye a\u00e7\u0131klad\u0131lar.<\/p>\n<figure class=\"wp-caption aligncenter\"><a href=\"https:\/\/photos.google.com\/share\/AF1QipPanfXh1d4rWiejucP8xEafS0NrZv6epZVH8-SBTyuctqlPxLhkNlFK6RLRkM7nOg\/photo\/AF1QipPJi2n-5BpixlT3nI2iO3txtENDRM10ByW8owc?key=NUpVaDM3eDVQWFZCOGR5eURZOFoxMXZfYTVMdVRn\" target=\"_blank\"><img decoding=\"async\" src=\"https:\/\/lh3.googleusercontent.com\/pw\/AP1GczMztX6NIPmFZoR8_WOrsWbtYEulvnKb1Tm4WdjyrrjyqtzVGocWVYmK_N3zbeEm0boNC7E0EeNbnSa5XSawnceZjkK3xxT0l8UEKkB2Ok-cUtfeWFNNZJ-0euXWku0-k6P6CTHEl5cZQODtD1oGj__9=w2000-h1126-s-no-gm?authuser=0\" width=\"2000\" height=\"1126\" alt=\"Bay Nishino ve Bay Hasegawa bize her \u015feyi ayr\u0131nt\u0131l\u0131 olarak a\u00e7\u0131klad\u0131lar.\" class=\"size-medium\" \/><\/a><figcaption class=\"wp-caption-text\">Bay Nishino ve Bay Hasegawa bize her \u015feyi ayr\u0131nt\u0131l\u0131 olarak a\u00e7\u0131klad\u0131lar.<\/figcaption><\/figure>\n<h2>Gelece\u011fe y\u00f6nelik \u00e7al\u0131\u015fma planlar\u0131 - d\u00fcnya ile diyalog halinde<\/h2>\n<ul>\n<li><strong>Nisan sonu:<\/strong>M\u0131s\u0131r ekimi (alt\u0131 seradan birini kullanarak)<\/li>\n<li><strong>27 Nisan&#039;dan itibaren:<\/strong>Pirin\u00e7 ekimi (Nanatsuboshi \u00e7e\u015fidinin s\u0131k fideleri) ba\u015flad\u0131.<\/li>\n<li><strong>May\u0131s ay\u0131ndaki Alt\u0131n Hafta tatillerinin sonuna kadar:<\/strong>Fide d\u00f6nemi (yakla\u015f\u0131k 18 g\u00fcn)<\/li>\n<li><strong>15 May\u0131s&#039;tan itibaren:<\/strong>Pirin\u00e7 ekimi ba\u015flad\u0131 (5 makine kullan\u0131l\u0131yor, 10 g\u00fcn i\u00e7inde tamamlanmas\u0131 bekleniyor).<\/li>\n<li><strong>Temmuz ortas\u0131na kadar:<\/strong>Lazer seviyeleyici kullanarak pirin\u00e7 tarlas\u0131 d\u00fczleme<\/li>\n<\/ul>\n<p>Bu y\u0131l sadece &quot;Nanatsuboshi&quot; \u00e7e\u015fidini dikece\u011fiz. \u00c7e\u015fit say\u0131s\u0131n\u0131 azaltarak, y\u00f6netimi standartla\u015ft\u0131rmay\u0131 ve nakliye plan\u0131n\u0131 basitle\u015ftirmeyi hedefliyoruz.<\/p>\n<blockquote><p>&quot;L\u00fctfen ekilen tohumlar filizlenmeye ba\u015flad\u0131\u011f\u0131 sezon ortalar\u0131nda tekrar gelin. O zaman en etkileyici manzara oluyor,&quot; diye nazik\u00e7e s\u00f6ylediler.\n<\/p><\/blockquote>\n<p>Yery\u00fcz\u00fcn\u00fcn sesini dinleyerek ve de\u011fi\u015fen mevsimleri istikrarl\u0131 bir \u015fekilde takip ederek, Mizuho Corporation&#039;\u0131n bahar\u0131 hen\u00fcz yeni yeni kendini g\u00f6stermeye ba\u015fl\u0131yor.<\/p>\n<figure class=\"wp-caption aligncenter\"><a href=\"https:\/\/photos.google.com\/share\/AF1QipPanfXh1d4rWiejucP8xEafS0NrZv6epZVH8-SBTyuctqlPxLhkNlFK6RLRkM7nOg\/photo\/AF1QipPHz7uB2hXNEwibya2BGe1Y1186v10wxDSG92Y?key=NUpVaDM3eDVQWFZCOGR5eURZOFoxMXZfYTVMdVRn\" target=\"_blank\"><img decoding=\"async\" src=\"https:\/\/lh3.googleusercontent.com\/pw\/AP1GczPA4wHHtfkk8A_EH6l4FTlzhA_zQqPe2Y8Loc1HY1hCmXCuYofQShIfqN-dyJvi2wtXCXeX73V68T8VmouTsOuQG9b1wKpGoNpvBR0fZD72rwq4T6but54vbIk6Y87piwSTOMPFJL6Q66CFzzH9MG-U=w2000-h1125-s-no-gm?authuser=0\" width=\"2000\" height=\"1125\" alt=\"B\u00f6lgeyi \u00e7evreleyen karla kapl\u0131 da\u011flar\" class=\"size-medium\" \/><\/a><figcaption class=\"wp-caption-text\">B\u00f6lgeyi \u00e7evreleyen karla kapl\u0131 da\u011flar<\/figcaption><\/figure>\n<h2>Mizuho&#039;nun Raporu<\/h2>\n<p>Mizuho&#039;dan yak\u0131nl\u0131kla ilgili baz\u0131 g\u00f6rseller ald\u0131k ve bunlar\u0131 sizlerle payla\u015fmak istiyoruz.<\/p>\n<h3>2 Nisan Per\u015fembe g\u00fcn\u00fc \u00d6z Savunma Kuvvetleri mensuplar\u0131yla bir araya geldik.<\/h3>\n<div class=\"column column-2\">\n<div class=\"column__item\"><a href=\"https:\/\/photos.google.com\/share\/AF1QipPanfXh1d4rWiejucP8xEafS0NrZv6epZVH8-SBTyuctqlPxLhkNlFK6RLRkM7nOg\/photo\/AF1QipOx3s_uH-TOFg6GGvIUEO6WODhD8v0eMbkdL-g?key=NUpVaDM3eDVQWFZCOGR5eURZOFoxMXZfYTVMdVRn\" target=\"_blank\"><img decoding=\"async\" src=\"https:\/\/lh3.googleusercontent.com\/pw\/AP1GczOrZ-xI3qmVmwZ1EON45H01eCKOKZ06K7wn0yjbXslIIcvIa11KhDguB2WIF5w8v7H7PzCkOw6Bfad5j5D-wBWHHX52nouW1XWOpvqqW5HwZL8p1KGe2jz1UnwaPPQRb6EM_iVSGThLejHrKNPtvU2b=w1403-h1870-s-no-gm?authuser=0\" alt=\"\u00d6z Savunma Kuvvetleri mensuplar\u0131yla g\u00f6r\u00fc\u015fme\"><\/a><\/div>\n<div class=\"column__item\"><a href=\"https:\/\/photos.google.com\/share\/AF1QipPanfXh1d4rWiejucP8xEafS0NrZv6epZVH8-SBTyuctqlPxLhkNlFK6RLRkM7nOg\/photo\/AF1QipOWyyAuMcxCDHaSmyuOa4W8BwxK530F8dYTOe0?key=NUpVaDM3eDVQWFZCOGR5eURZOFoxMXZfYTVMdVRn\" target=\"_blank\"><img decoding=\"async\" src=\"https:\/\/lh3.googleusercontent.com\/pw\/AP1GczMy2Cx7MVDeHR-gGx4bfhZrtKvwHxZ9Q29gCELSRYWtWSVBWPTFTdxb2hfhfPaFmCpwaUQMRrSk61ZGJfDM1jM84ITV_ooLeZLpz1Id9VVJulALyMTMQO_s3yKxwz9gjI6wg7khM9AsJy8WXBtxa8zr=w1403-h1870-s-no-gm?authuser=0\" alt=\"\u00d6z Savunma Kuvvetleri mensuplar\u0131yla g\u00f6r\u00fc\u015fme\"><\/a><\/div>\n<\/div>\n<h3>6 Nisan (Pazartesi) 6 \u00e7ad\u0131r\u0131n kurulumu<\/h3>\n<p>Saat 7:30 civar\u0131nda, r\u00fczgar dindi\u011finde, alt\u0131 binan\u0131n (100 m) tamam\u0131nda ayn\u0131 anda \u00e7ad\u0131rlar\u0131 kurduk.<\/p>\n<div class=\"column column-2\">\n<div class=\"column__item\"><a href=\"https:\/\/photos.google.com\/share\/AF1QipPanfXh1d4rWiejucP8xEafS0NrZv6epZVH8-SBTyuctqlPxLhkNlFK6RLRkM7nOg\/photo\/AF1QipPbCZc4vCqEvE4EeGJtG6AvMVkg8XI3-vtlMmg?key=NUpVaDM3eDVQWFZCOGR5eURZOFoxMXZfYTVMdVRn\" target=\"_blank\"><img decoding=\"async\" src=\"https:\/\/lh3.googleusercontent.com\/pw\/AP1GczNLxCPVCwDjOJPDiRk7rsMOIKP0blxbXGaDpfEdlw123Lraas1eP-7cE7H3HFw3XdxNPoCngn9w8U0H2yjEzVXfXYcbR53wksy_rOTaFgRHHizeatpx7i2o-g1BekUiqlZAL-bnh3jVthip5_y8uktT=w1912-h1434-s-no-gm?authuser=0\" alt=\"6 \u00e7ad\u0131r kuruldu.\"><\/a><\/div>\n<div class=\"column__item\"><a href=\"https:\/\/photos.google.com\/share\/AF1QipPanfXh1d4rWiejucP8xEafS0NrZv6epZVH8-SBTyuctqlPxLhkNlFK6RLRkM7nOg\/photo\/AF1QipPeatukILcp9se4mYQInQHGe6U7dkWyR_R8zgA?key=NUpVaDM3eDVQWFZCOGR5eURZOFoxMXZfYTVMdVRn\" target=\"_blank\"><img decoding=\"async\" src=\"https:\/\/lh3.googleusercontent.com\/pw\/AP1GczMHWuUJBUn1gQy-0jrNRCeG7LyKK7E7sPzPtU7a7OW-CgCFPO0PjKGfCF63TnaqvQJ-ETERWZCPrlQGdYwjAb-kI7wI4Os58FuVqgQwDPF7B4RnWvatgRzxSGBLgt-XjL_0Ye_hGLPfK98ZPHuIaTnb=w1912-h1434-s-no-gm?authuser=0\" alt=\"6 \u00e7ad\u0131r kuruldu.\"><\/a><\/div>\n<\/div>\n<div class=\"column column-2\">\n<div class=\"column__item\"><a href=\"https:\/\/photos.google.com\/share\/AF1QipPanfXh1d4rWiejucP8xEafS0NrZv6epZVH8-SBTyuctqlPxLhkNlFK6RLRkM7nOg\/photo\/AF1QipMsTzGCOAw4SQuiHx8cFVrHdqs6hbFZGrRx2kI?key=NUpVaDM3eDVQWFZCOGR5eURZOFoxMXZfYTVMdVRn\" target=\"_blank\"><img decoding=\"async\" src=\"https:\/\/lh3.googleusercontent.com\/pw\/AP1GczOv8ZZtDoWnNKd2o9JQabugbZokYEuQ4UJ_KC1zpP-ZtzQGEjviyK-Wc8knjGemurnCZ1psRpwgK20pA9JjJFlwkYX2gFwTiIlkEcbXzHU2oWhRBkoB8PdP2RuJxBz0wtrnV_auPm40YbSS_e8F0mjd=w1912-h1434-s-no-gm?authuser=0\" alt=\"6 \u00e7ad\u0131r kuruldu.\"><\/a><\/div>\n<div class=\"column__item\"><a href=\"https:\/\/photos.google.com\/share\/AF1QipPanfXh1d4rWiejucP8xEafS0NrZv6epZVH8-SBTyuctqlPxLhkNlFK6RLRkM7nOg\/photo\/AF1QipMBlxwYAvvtsZYNHaSHmPk7R5dkukf6-zzrLl0?key=NUpVaDM3eDVQWFZCOGR5eURZOFoxMXZfYTVMdVRn\" target=\"_blank\"><img decoding=\"async\" src=\"https:\/\/lh3.googleusercontent.com\/pw\/AP1GczPQxnnE7WcgQOYHYezsnrUUR70Ib71nVGge0XViz8ZcpkY7aVWYfndR7TkdI67DNe_LPd_TOJZyKVkwkEWMIQ3zF2EJrG0uFU0VPO6B_rHUT4jD6HXx2tAHBwuBwoaEsSH434ehY8zyvLYXAO6-Qqon=w1912-h1434-s-no-gm?authuser=0\" alt=\"6 \u00e7ad\u0131r kuruldu.\"><\/a><\/div>\n<\/div>\n<h2>Youtube videolar\u0131<\/h2>\n<div class=\"youtube\"><iframe title=\"Bahar\u0131n geli\u015fiyle birlikte toprak uyan\u0131rken, Hokuryu Kasabas\u0131&#039;nda 100 hektarl\u0131k alanda &quot;ya\u015fam&quot; filizlenmeye ba\u015fl\u0131yor \u2014 Mizuho Co., Ltd. 2026 yo\u011fun fide yeti\u015ftirme sezonunu ba\u015flat\u0131yor.\" src=\"https:\/\/www.youtube.com\/embed\/B1AqpnrRuNQ?feature=oembed\" frameborder=\"0\" allow=\"accelerometer; autoplay; clipboard-write; encrypted-media; gyroscope; picture-in-picture; web-share\" referrerpolicy=\"strict-origin-when-cross-origin\" allowfullscreen><\/iframe><\/div>\n<h2>Di\u011fer foto\u011fraflar<\/h2>\n<div class=\"img-move\"><img decoding=\"async\" style=\"vertical-align: middle;\" src=\"https:\/\/ehokkaido.net\/wp-content\/uploads\/2021\/12\/2021-12-06-11.41.12.png\" \/> <a href=\"https:\/\/photos.app.goo.gl\/H3xHPsEMAW9f6Qsq6\" target=\"_blank\" rel=\"noopener noreferrer\">Mizuho Co., Ltd.&#039;nin 2026 y\u0131l\u0131na ait &quot;Nanatsuboshi&quot; pirincinin yo\u011fun fide yeti\u015ftiricili\u011fine ait foto\u011fraflar (124 g\u00f6r\u00fcnt\u00fc) burada bulunabilir &gt;&gt;<\/a><\/div>\n<h2>\u0130lgili makaleler<\/h2>\n\n        <div class=\"site-blogcard-premium\">\n            <div class=\"bc-label-custom\">\u0130lgili makaleler<\/div>\n            <div class=\"bc-flex-container\">\n                <div class=\"bc-main-text\">\n                    <div class=\"bc-title-link-box\">\n                        <a href=\"https:\/\/portal.hokuryu.info\/tr\/70628\/\" target=\"_blank\">https:\/\/portal.hokuryu.info\/70628<\/a>\n                    <\/div>\n                    <div class=\"bc-excerpt-box\">Sayfa bilgileri al\u0131namad\u0131.<\/div>\n                <\/div>\n                <div class=\"bc-thumbnail-box\">\n                    <a href=\"https:\/\/portal.hokuryu.info\/tr\/70628\/\" target=\"_blank\">\n                        <div class=\"bc-img-zoom-wrap\">\n                            <img decoding=\"async\" src=\"https:\/\/portal.hokuryu.info\/wp\/wp-content\/uploads\/2026\/02\/20230802DSC06445_1.jpg\" alt=\"https:\/\/portal.hokuryu.info\/70628\">\n                        <\/div>\n                    <\/a>\n                <\/div>\n            <\/div>\n        <\/div>\n\n<div class=\"img-move\">\n<a href=\"https:\/\/portal.hokuryu.info\/tr\/62509\/\">\u270f\ufe0f \u0130\u00e7erik planlamas\u0131, makale yaz\u0131m\u0131, foto\u011fraf se\u00e7imi ve video prod\u00fcksiyonu: Ikuko Terauchi<img decoding=\"async\" style=\"vertical-align: middle;\" src=\"https:\/\/ehokkaido.net\/wp-content\/uploads\/2021\/12\/2021-12-06-11.41.12.png\" \/> Foto\u011fraf\u00e7\u0131l\u0131k, d\u00fczenleme ve web sitesi y\u00f6netimi: Noboru Terauchi<\/a><\/div>\n<p>\u25c7<\/p>","protected":false},"excerpt":{"rendered":"<p>2026\u5e744\u67087\u65e5\uff08\u706b\uff09 4\u6708\u3001\u5317\u7adc\u753a\u306e\u5927\u5730\u306f\u307e\u3060\u96ea\u306e\u540d\u6b8b\u3092\u307e\u3068\u3063\u3066\u3044\u307e\u3057\u305f\u3002\u3057\u304b\u3057\u682a\u5f0f\u4f1a\u793e\u307f\u305a\u307b\uff08\u4ee3\u8868\u53d6\u7de0\u5f79\u30fb\u5c0f\u677e\u6b63\u7f8e\uff09\u306e\u5703\u5834\u3067\u306f\u30016\u68df\u306e\u30d3\u30cb\u30fc\u30eb\u30cf\u30a6\u30b9\u3067\u80b2\u82d7\u306e\u6e96\u5099\u304c\u7740\u3005\u3068\u9032\u3093\u3067\u3044\u307e\u3059\u3002100ha\uff08 [&hellip;]<\/p>\n","protected":false},"author":1,"featured_media":72947,"comment_status":"open","ping_status":"open","sticky":false,"template":"","format":"standard","meta":{"footnotes":""},"categories":[4,122],"tags":[],"class_list":["post-72942","post","type-post","status-publish","format-standard","has-post-thumbnail","hentry","category-cover-story","category-mizuho"],"_links":{"self":[{"href":"https:\/\/portal.hokuryu.info\/tr\/wp-json\/wp\/v2\/posts\/72942","targetHints":{"allow":["GET"]}}],"collection":[{"href":"https:\/\/portal.hokuryu.info\/tr\/wp-json\/wp\/v2\/posts"}],"about":[{"href":"https:\/\/portal.hokuryu.info\/tr\/wp-json\/wp\/v2\/types\/post"}],"author":[{"embeddable":true,"href":"https:\/\/portal.hokuryu.info\/tr\/wp-json\/wp\/v2\/users\/1"}],"replies":[{"embeddable":true,"href":"https:\/\/portal.hokuryu.info\/tr\/wp-json\/wp\/v2\/comments?post=72942"}],"version-history":[{"count":27,"href":"https:\/\/portal.hokuryu.info\/tr\/wp-json\/wp\/v2\/posts\/72942\/revisions"}],"predecessor-version":[{"id":73697,"href":"https:\/\/portal.hokuryu.info\/tr\/wp-json\/wp\/v2\/posts\/72942\/revisions\/73697"}],"wp:featuredmedia":[{"embeddable":true,"href":"https:\/\/portal.hokuryu.info\/tr\/wp-json\/wp\/v2\/media\/72947"}],"wp:attachment":[{"href":"https:\/\/portal.hokuryu.info\/tr\/wp-json\/wp\/v2\/media?parent=72942"}],"wp:term":[{"taxonomy":"category","embeddable":true,"href":"https:\/\/portal.hokuryu.info\/tr\/wp-json\/wp\/v2\/categories?post=72942"},{"taxonomy":"post_tag","embeddable":true,"href":"https:\/\/portal.hokuryu.info\/tr\/wp-json\/wp\/v2\/tags?post=72942"}],"curies":[{"name":"wp","href":"https:\/\/api.w.org\/{rel}","templated":true}]}}