{"id":72492,"date":"2026-04-01T09:36:42","date_gmt":"2026-04-01T00:36:42","guid":{"rendered":"https:\/\/portal.hokuryu.info\/?p=72492"},"modified":"2026-04-02T06:44:55","modified_gmt":"2026-04-01T21:44:55","slug":"%e5%8c%97%e7%ab%9c%e7%94%ba%e3%81%ae%e9%ad%82%e3%82%92%e8%aa%9e%e3%82%8a%e7%b6%99%e3%81%90-%e2%94%80-%e9%96%8b%e6%8b%93%e3%83%bb%e9%a3%9f%e3%83%bb%e3%82%b9%e3%83%9d%e3%83%bc%e3%83%84%e3%83%bb%e5%92%8c","status":"publish","type":"post","link":"https:\/\/portal.hokuryu.info\/tr\/72492\/","title":{"rendered":"Hokuryu Kasabas\u0131&#039;n\u0131n ruhunu gelecek nesillere aktarmak \u2014 Atalar\u0131m\u0131z\u0131n \u00f6nc\u00fcl\u00fck, yemek, spor ve Japon ruhu hakk\u0131ndaki s\u00f6zleri."},"content":{"rendered":"<p>\u00c7ar\u015famba, 1 Nisan 2026<\/p>\n<div class=\"ep-box es-BpaperRight es-grid bgc-VPsky\">27 Mart Cuma g\u00fcn\u00fc, sekiz ki\u015fi &quot;Hokuryu Kasabas\u0131n\u0131n Ruhunu Aktarma Toplant\u0131s\u0131&quot; i\u00e7in Ay\u00e7i\u00e7e\u011fi Park\u0131 Hokuryu Onsen&#039;de bir araya geldi. Onursal kasaba sakinleri, belediye ba\u015fkan\u0131, e\u011fitim m\u00fcd\u00fcr\u00fc, eski belediye ba\u015fkan\u0131, \u00f6nc\u00fclerin torunlar\u0131 ve demans deste\u011finde \u00f6nc\u00fcler\u2014Hokuryu Kasabas\u0131n\u0131 in\u015fa eden herkes\u2014iki saat boyunca bir araya gelerek konu\u015ftu. &quot;Sporla beslenen hayaller&quot;, &quot;Yemek hayatt\u0131r&quot;, &quot;Hokuryu&#039;ya \u00f6nc\u00fcl\u00fck eden geri d\u00f6nenlerin \u00e7al\u0131\u015fmalar\u0131&quot;, &quot;Y\u00f6netimin bak\u0131\u015f a\u00e7\u0131s\u0131ndan Hokuryu&quot;, &quot;100 y\u0131ll\u0131k Miha s\u0131\u011f\u0131r eti&quot;, &quot;Kasaban\u0131n d\u0131\u015f\u0131ndan g\u00f6r\u00fclen Hokuryu&#039;nun s\u0131cakl\u0131\u011f\u0131&quot;\u2014bu \u00f6nc\u00fclerin s\u00f6zleri, gelecek nesillere aktar\u0131lmas\u0131 gereken Hokuryu ruhunu gece boyunca s\u0131cak bir alev gibi canl\u0131 tuttu.<\/div>\n<h2>&quot;Hokuryu Kasabas\u0131n\u0131n Ruhunu Aktarma Toplant\u0131s\u0131&quot; d\u00fczenlendi.<\/h2>\n<p>Hokkaido&#039;daki Hokuryu Kasabas\u0131. Yakla\u015f\u0131k 1600 n\u00fcfuslu bu k\u00fc\u00e7\u00fck kasaba, d\u00fcnyan\u0131n d\u00f6rt bir yan\u0131ndan 140 \u00fclkeden her y\u0131l 270.000&#039;den fazla insan\u0131 kendine \u00e7ekiyor. Bunun ard\u0131ndaki sebep sadece ay\u00e7i\u00e7eklerinin manzaras\u0131 de\u011fil, ayn\u0131 zamanda bu topraklarda ya\u015fayan insanlar\u0131n sars\u0131lmaz ruhudur.<\/p>\n<p>27 Mart 2026 Cuma g\u00fcn\u00fc, sekiz ki\u015fi Hokuryu Onsen Ay\u00e7i\u00e7e\u011fi Park\u0131&#039;n\u0131n konferans salonunda bir araya geldi. Toplant\u0131, Hokuryu Kasabas\u0131&#039;n\u0131n tarihini ke\u015ffetmek ve Hokuryu&#039;da ya\u015fat\u0131lan ruhu aktarmak amac\u0131yla d\u00fczenlendi. Toplant\u0131n\u0131n i\u00e7eri\u011fi, Hokuryu Kasaba Portal\u0131&#039;nda \u00f6zel bir makale olarak yay\u0131nlanacak ve kasaba halk\u0131 da dahil olmak \u00fczere, bu konuyla ilgili bir\u00e7ok ki\u015fiyle payla\u015f\u0131lacakt\u0131.<\/p>\n<h3>Etkinlik Anahatt\u0131<\/h3>\n<ul>\n<li><strong>Tarih ve Saat:<\/strong>27 Mart 2026 (Cuma) 15:00-19:00<\/li>\n<li><strong>yer:<\/strong>Ay\u00e7i\u00e7e\u011fi Park\u0131 Hokuryu Onsen<\/li>\n<li><strong>Kat\u0131l\u0131mc\u0131lar:<\/strong>8 ki\u015fi<\/li>\n<\/ul>\n<h3>kat\u0131l\u0131mc\u0131lar<\/h3>\n<ul>\n<li>Belediye Ba\u015fkan\u0131 Yasuhiro Sasaki (69 ya\u015f\u0131nda)<\/li>\n<li>Yoshiki Tanaka, E\u011fitim M\u00fcd\u00fcr\u00fc (69 ya\u015f\u0131nda)<\/li>\n<li>Moriaki Tanaka (89 ya\u015f\u0131nda)<\/li>\n<li>Ryoji Okura, Fahri Vatanda\u015f (86 ya\u015f\u0131nda)<\/li>\n<li>Toyo Sano, Fahri Vatanda\u015f ve Eski Belediye Ba\u015fkan\u0131 (75 ya\u015f\u0131nda)<\/li>\n<li>Hajime Michishita (84 ya\u015f\u0131nda)<\/li>\n<li>Kazuo Kimura (83 ya\u015f\u0131nda), Hokuryu Kasabas\u0131 Meclis \u00dcyesi<\/li>\n<li>Isao Hoshiba (87 ya\u015f\u0131nda), Erken Ba\u015flang\u0131\u00e7l\u0131 Demans Aile Derne\u011fi dan\u0131\u015fman\u0131, Saisei-no-kai (Tokyo).<\/li>\n<li>Moderat\u00f6r: Noboru Terauchi, Hokuryu Kasabas\u0131 Portal\u0131 (Yard\u0131mc\u0131 moderat\u00f6r: Ikuko Terauchi, Hokuryu Kasabas\u0131 Portal\u0131)<\/li>\n<\/ul>\n<figure id=\"attachment_72628\" class=\"wp-caption aligncenter\"><a href=\"https:\/\/portal.hokuryu.info\/wp\/wp-content\/uploads\/2026\/04\/2026-03-31-15.14.31.jpg\" target=\"_blank\"><img decoding=\"async\" src=\"https:\/\/portal.hokuryu.info\/wp\/wp-content\/uploads\/2026\/03\/2026-03-31-15.14.32.jpg\" alt=\"Hokuryu Kasabas\u0131&#039;n\u0131n ruhunu gelecek nesillere aktarmak \u2014 Atalar\u0131m\u0131z\u0131n \u00f6nc\u00fcl\u00fck, yemek, spor ve Japon ruhu hakk\u0131ndaki s\u00f6zleri.\" width=\"1332\" height=\"1434\" class=\"size-full wp-image-72628\" style=\"border:solid 1px blue\" \/><figcaption class=\"wp-caption-text\">Hokuryu Kasabas\u0131&#039;n\u0131n ruhunu gelecek nesillere aktarmak \u2014 Atalar\u0131m\u0131z\u0131n \u00f6nc\u00fcl\u00fck, yemek, spor ve Japon ruhu hakk\u0131ndaki s\u00f6zleri.<\/a><\/figcaption><\/figure>\n<h2>Giri\u015f - Belediye Ba\u015fkan\u0131 ve E\u011fitim M\u00fcd\u00fcr\u00fc&#039;nden selamlar<\/h2>\n<h3>Belediye Ba\u015fkan\u0131 Yasuhiro Sasaki<\/h3>\n<figure class=\"wp-caption aligncenter\"><a href=\"https:\/\/photos.google.com\/share\/AF1QipPoi1d2ioAs33VpZ7xAe4J16GC2I0m729eXQ8XcOEh_gd9fskpvrNJxaW8PwjPvZg\/photo\/AF1QipO9KUEb5BUUtR2rSGyGYR5yEUdBYleDslatzeM?key=YkNxX3FxdWk4MXZodVZteHY0cktaTmV2WS0ydWxn\" target=\"_blank\"><img decoding=\"async\" src=\"https:\/\/lh3.googleusercontent.com\/pw\/AP1GczOtvngtn2U_KXbF5eXpvwOk7GVczrakjgVA8HSvKTdD-1nbDg4m0QN_VMtuQZ7KU4VDlBjibhJSnp0j0EHPjNA2DzTUh0TcYMy2Var8gE-ByAyiroXCZNQwqKJIkWgL0r25UkCcQ8eChqnFs2EAmtV5=w2000-h1333-s-no-gm?authuser=0\" width=\"2000\" height=\"1333\" alt=\"Belediye Ba\u015fkan\u0131 Yasuhiro Sasaki&#039;den selamlar\" class=\"size-medium\" \/><\/a><figcaption class=\"wp-caption-text\">Belediye Ba\u015fkan\u0131 Yasuhiro Sasaki&#039;den selamlar<\/figcaption><\/figure>\n<blockquote><p>\n&quot;Umar\u0131m bug\u00fcn dinledi\u011fimiz \u00e7e\u015fitli hikayeler e\u011fitim materyali olarak korunur ve gen\u00e7ler bunlar\u0131 video olarak izleyebilir veya kitap\u00e7\u0131k \u015feklinde okuyabilirler. Ben de onlar\u0131 bu \u015fekilde korumak isterim.&quot;\n<\/p><\/blockquote>\n<p>Belediye ba\u015fkan\u0131, bu bulu\u015fman\u0131n 50&#039;li, 40&#039;l\u0131 ve 30&#039;lu ya\u015flar\u0131ndaki gen\u00e7 kasaba sakinlerinin &quot;Hokuryu&#039;nun parlayan hazinelerini&quot; yeniden hat\u0131rlayabilecekleri bir etkinlik olmas\u0131n\u0131 istedi\u011fini s\u00f6yledi. &quot;Bug\u00fcnk\u00fc bulu\u015fma ger\u00e7ekten de Hokuryu Kasabas\u0131&#039;n\u0131n ruhunu aktarmakla ilgili ve bu ilk bulu\u015fma oldu\u011fu i\u00e7in bunun nas\u0131l devam edece\u011fini g\u00f6rmek i\u00e7in \u00e7ok heyecanl\u0131y\u0131m, bu y\u00fczden tekrar bize kat\u0131lman\u0131z\u0131 umuyorum.&quot;<\/p>\n<p>Ryoji Okura kat\u0131l\u0131mc\u0131lar\u0131 se\u00e7ti, Noboru Terauchi ise haz\u0131rl\u0131klar\u0131 ve sunuculu\u011fu \u00fcstlendi. Belediye Ba\u015fkan\u0131 Sasaki&#039;nin nazik s\u00f6zleri, ba\u011flant\u0131lar\u0131 ve co\u015fkular\u0131 i\u00e7in duydu\u011fu minnettarl\u0131kla doluydu.<\/p>\n<h3>Yoshiki Tanaka, E\u011fitim M\u00fcd\u00fcr\u00fc<\/h3>\n<figure class=\"wp-caption aligncenter\"><a href=\"https:\/\/photos.google.com\/share\/AF1QipPoi1d2ioAs33VpZ7xAe4J16GC2I0m729eXQ8XcOEh_gd9fskpvrNJxaW8PwjPvZg\/photo\/AF1QipPAQ7NC4XFIEOFISC7HhN4W5ugRq6f0w1nCdLQ?key=YkNxX3FxdWk4MXZodVZteHY0cktaTmV2WS0ydWxn\" target=\"_blank\"><img decoding=\"async\" src=\"https:\/\/lh3.googleusercontent.com\/pw\/AP1GczNb8LSP02bZAKVf-sqtwcSAnbzDapyJBpXuoEC-wUhQibkoRz6cWfvJSjvhDnQGQ599JBIisll1OYX6YX-K1LWIvDdh5L8PVGSvwlseF4UheqD3xiNDTDtvM5R70L_0XHFMXwzW_bL69hbYiO17BhID=w2000-h1333-s-no-gm?authuser=0\" width=\"2000\" height=\"1333\" alt=\"M\u00fcd\u00fcr Tanaka&#039;dan selamlar.\" class=\"size-medium\" \/><\/a><figcaption class=\"wp-caption-text\">M\u00fcd\u00fcr Tanaka&#039;dan selamlar.<\/figcaption><\/figure>\n<blockquote><p>\n&quot;50 y\u0131l sonra Hokuryu Kasabas\u0131na geri d\u00f6nd\u00fcm ve hayat\u0131m\u0131n temelini olu\u015fturan her \u015feyin, her \u015feyin Hokuryu Kasabas\u0131nda bulundu\u011funu fark ettim.&quot;<\/p>\n<p>E\u011fer biri bana hayat\u0131m\u0131 anlatmam\u0131 isteseydi, san\u0131r\u0131m \u00e7o\u011funlukla spordan bahsederdim. Ama sporda bile, temelinde \u00e7ocukken bug\u00fcn burada hepinizi g\u00f6rd\u00fc\u011f\u00fcmde sahip oldu\u011fum bir \u00f6zlem yat\u0131yor; olmak istedi\u011fim yeti\u015fkin, olmak istedi\u011fim gen\u00e7 insan. Ger\u00e7ekten de bunun her zaman hayat\u0131m\u0131n temelinde oldu\u011funu hissediyorum.&quot;\n<\/p><\/blockquote>\n<p>50 y\u0131l sonra Hokuryu&#039;ya E\u011fitim M\u00fcd\u00fcr\u00fc olarak d\u00f6nen Yoshiki Tanaka, beyzbol, ragbi ve atletizm de dahil olmak \u00fczere \u00e7e\u015fitli spor dallar\u0131nda yer ald\u0131\u011f\u0131 etkileyici atletik kariyerinden bahsetti ve Sorachi Atletizm Pisti&#039;nde 100 metre yar\u0131\u015f\u0131nda &quot;neredeyse hi\u00e7 kaybetmedi\u011fini&quot; s\u00f6yledi. Hokuryu&#039;da ge\u00e7irdi\u011fi s\u00fcre boyunca g\u00f6zlemledi\u011fi seleflerinin varl\u0131\u011f\u0131n\u0131n bunun arka plan\u0131n\u0131 olu\u015fturdu\u011funu belirtti. &quot;Ger\u00e7ekten de bu kasaban\u0131n bana ruhumu verdi\u011fini hissediyorum,&quot; dedi ve salondaki herkes ba\u015f\u0131yla onaylad\u0131.<\/p>\n<figure class=\"wp-caption aligncenter\"><a href=\"https:\/\/photos.google.com\/share\/AF1QipPoi1d2ioAs33VpZ7xAe4J16GC2I0m729eXQ8XcOEh_gd9fskpvrNJxaW8PwjPvZg\/photo\/AF1QipO7Nmzmv1Ew_lMZwbt-c9OhqiMKUxN9tlgiNzw?key=YkNxX3FxdWk4MXZodVZteHY0cktaTmV2WS0ydWxn\" target=\"_blank\"><img decoding=\"async\" src=\"https:\/\/lh3.googleusercontent.com\/pw\/AP1GczPvwdECmpLTSJU8LxpBbmlBe5nCqksx5rvb5Hc8tvkI4ZL3HM_3CHDAwxzbjQpyTtRQEuRnezqh68GqImt5U3NVhaNs6L4-1cDJmSTvh_64reTY-xcJL5qZ8ziX3vWFGsdBz9oVB7mU3PG4E_K-pmOh=w2000-h1333-s-no-gm?authuser=0\" width=\"2000\" height=\"1333\" alt=\"Kat\u0131l\u0131mc\u0131lar\" class=\"size-medium\" \/><\/a><figcaption class=\"wp-caption-text\">Kat\u0131l\u0131mc\u0131lar<\/figcaption><\/figure>\n<h2>B\u00f6l\u00fcm 1: Yuvarlak Masa Tart\u0131\u015fmas\u0131 \u2013 Hokuryu Kasabas\u0131n\u0131n Ruhu \u00dczerine Konu\u015fmalar<\/h2>\n<p>Alt\u0131 kat\u0131l\u0131mc\u0131n\u0131n her biri yakla\u015f\u0131k 10 dakika s\u00fcren birer konu\u015fma yapt\u0131, ard\u0131ndan birbirlerinin bak\u0131\u015f a\u00e7\u0131lar\u0131n\u0131 daha iyi anlamak i\u00e7in bir saatlik serbest tart\u0131\u015fma ger\u00e7ekle\u015ftirildi.<\/p>\n<h3>\u2460 Bay Moriaki Tanaka: Kitaryu Kasabas\u0131 ve Sporlar\u0131<\/h3>\n<figure class=\"wp-caption aligncenter\"><a href=\"https:\/\/photos.google.com\/share\/AF1QipPoi1d2ioAs33VpZ7xAe4J16GC2I0m729eXQ8XcOEh_gd9fskpvrNJxaW8PwjPvZg\/photo\/AF1QipMrl8GR-8uM_XKOV4aNSIN-C3gN2vmu4AeKBbI?key=YkNxX3FxdWk4MXZodVZteHY0cktaTmV2WS0ydWxn\" target=\"_blank\"><img decoding=\"async\" src=\"https:\/\/lh3.googleusercontent.com\/pw\/AP1GczMKzV8SDmNKfl-pw6EamuN5KZkrdNc4Kb5SXtb3JZ9wp58JYs-KCpk-sreHGbgnXpKs6wXnDKegcqzJ0Is2T--WZKhz8wFiembisg74MkugVaJe1ZKWljP9O18BGs5Lz87YdbpsZAe5ieSwgO4O60Rr=w2000-h1333-s-no-gm?authuser=0\" width=\"2000\" height=\"1333\" alt=\"Say\u0131n Moriaki Tanaka\" class=\"size-medium\" \/><\/a><figcaption class=\"wp-caption-text\">Say\u0131n Moriaki Tanaka<\/figcaption><\/figure>\n<p>Bay Moriaki Tanaka, 1961 y\u0131l\u0131nda Hokuryu Kasabas\u0131 Gen\u00e7lik Derne\u011fi&#039;nin ba\u015f\u0131na ge\u00e7ti. O zamanlar kasabada 200&#039;den fazla \u00fcye oldu\u011fu s\u00f6yleniyor. T\u00fcm tar\u0131m i\u015flerinin elle yap\u0131ld\u0131\u011f\u0131 bir d\u00f6nemde, t\u00fcm i\u015fleri elle yapan \u00e7ift\u00e7ilerin \u00e7ocuklar\u0131 (topra\u011f\u0131 s\u00fcren, eken, ot ay\u0131klayan ve hasat edenler) tarlalar\u0131 ay\u0131kl\u0131yor ve gen\u00e7lik derne\u011fine kat\u0131l\u0131yorlard\u0131. \u0130\u015fte b\u00f6yle bir d\u00f6nemdi.<\/p>\n<p>Tak\u0131m lideri olduktan sonra Kita-Sorachi&#039;deki ilk toplant\u0131s\u0131nda, &quot;Ge\u00e7en y\u0131l\u0131n ilerleme raporunu sessizce dinledi\u011fimde, Hokuryu&#039;nun ad\u0131 bir kez bile ge\u00e7memi\u015fti. \u00c7ok hayal k\u0131r\u0131kl\u0131\u011f\u0131na u\u011fram\u0131\u015f ve son derece \u00fczg\u00fcn bir \u015fekilde geri d\u00f6nd\u00fcm. Bir \u015feyler yap\u0131lmal\u0131yd\u0131.&quot; dedi. Bay Okura ile g\u00f6r\u00fc\u015ft\u00fc ve okul \u00f6\u011fretmenlerinden spor program\u0131n\u0131 g\u00fc\u00e7lendirmek i\u00e7in rehberlik istedi. Sonunda, Hokuryu t\u00fcm spor dallar\u0131nda (kendo, judo, sumo, masa tenisi ve atletizm) liderli\u011fi ele almaya ba\u015flad\u0131 ve Hokuryu&#039;nun ad\u0131 Kita-Sorachi&#039;nin her yerinde tan\u0131n\u0131r hale geldi.<\/p>\n<blockquote><p>\n&quot;Hokuryu&#039;nun spor alan\u0131nda g\u00fc\u00e7lendi\u011fi d\u00f6nemlerde, Bay Okura &#039;kendimizi bir spor \u015fehri ilan etme&#039; karar\u0131nda \u00f6nc\u00fcl\u00fck etti. 1967&#039;de, Tomakomai&#039;den sonra Hokkaido&#039;da kendimizi bir spor \u015fehri ilan eden ikinci \u015fehir olduk! Ard\u0131ndan Hokkaido Spor \u00d6d\u00fcl\u00fc&#039;n\u00fc ald\u0131k ve inan\u0131yorum ki bu ruh o zamandan beri devam ediyor.&quot;\n<\/p><\/blockquote>\n<p>Bay Tanaka daha sonra, sava\u015f\u0131n bitiminden k\u0131sa bir s\u00fcre sonra, 1948 y\u0131l\u0131ndan unutulmaz bir hikaye anlatt\u0131.<\/p>\n<p>\u0130lk Ulusal Spor Festivali 1947&#039;de d\u00fczenlendi ve ikinci festivalde Chusaku Iwai, Hokkaido&#039;yu temsilen bisiklet yar\u0131\u015fmas\u0131na kat\u0131ld\u0131. &quot;Herkes bundan ilham ald\u0131 ve Chusaku Iwai&#039;nin ge\u00e7en y\u0131l gitti\u011fini duyduklar\u0131nda, Bay Shono&#039;nun babas\u0131 da dahil olmak \u00fczere be\u015f alt\u0131 gen\u00e7 bisiklet s\u00fcrmeye ba\u015flad\u0131 ve antrenman yapmaya koyuldu. Sloganlar\u0131 \u015fuydu: &#039;Chusaku Iwai&#039;den daha iyi olursan\u0131z, Ulusal Spor Festivali&#039;ne gidebilirsiniz.&#039;&quot; Bay Tanaka&#039;n\u0131n amcas\u0131 Shozo Tanaka da onlar\u0131n aras\u0131ndayd\u0131.<\/p>\n<p>Shozo Tanaka, \u00e7ift\u00e7ilik i\u015fleri ve pirin\u00e7 hasad\u0131 aras\u0131nda bile sabah erken saatlerde Horyu K\u00f6pr\u00fcs\u00fc&#039;ne ko\u015farak antrenman yapt\u0131 ve 3. Ulusal Spor Festivali i\u00e7in Hokkaido&#039;dan se\u00e7ilen 18 temsilciden biri oldu. Ancak k\u00f6y muhtar\u0131, &quot;Bu fakir k\u00f6y\u00fcn bunun i\u00e7in kaynaklar\u0131 yok&quot; diyerek yard\u0131m etmeyi reddetti. K\u0131demlisi Sanji Tagawa, muhtarla konu\u015fmaya \u00e7al\u0131\u015ft\u0131, ancak bir anla\u015fmazl\u0131k sonucu yollar\u0131 ayr\u0131ld\u0131. Gen\u00e7lik grubu daha sonra seyahat masraflar\u0131 i\u00e7in para toplamak amac\u0131yla amat\u00f6r bir yetenek g\u00f6sterisi d\u00fczenledi ve iki genci g\u00f6nderdi. \u0130ki gen\u00e7 paray\u0131 ald\u0131 ve &quot;Bizim i\u00e7in \u00e7ok \u015fey yapt\u0131lar, elimizden gelenin en iyisini yapmal\u0131y\u0131z&quot; diye d\u00fc\u015f\u00fcnerek motive oldular. Di\u011fer oyuncular\u0131n \u00e7o\u011fu profesyonel de\u011fildi ve t\u00fcm g\u00fcn antrenman yapabilirken, Shozo Tanaka sadece \u00e7ift\u00e7ilik i\u015fleri aras\u0131nda antrenman yapabiliyordu. \u00d6n eleme ve yar\u0131 final turlar\u0131n\u0131 ikinci s\u0131rada kazand\u0131 ve finalde alt\u0131nc\u0131 olmas\u0131na ra\u011fmen \u0130mparatorluk Kupas\u0131 i\u00e7in bir puan kazand\u0131.<\/p>\n<blockquote><p>\n&quot;K\u00f6y muhtar\u0131, ne pahas\u0131na olursa olsun yoksul kasabas\u0131n\u0131 koruma konusunda g\u00fc\u00e7l\u00fc bir sorumluluk duygusuna sahipti ve ayn\u0131 zamanda biraz da sosyal beceriksizdi. O zamanlar, hen\u00fcz gen\u00e7 olmama ra\u011fmen, ondan bir\u00e7ok \u015fey \u00f6\u011frendi\u011fimi hat\u0131rl\u0131yorum.&quot;\n<\/p><\/blockquote>\n<p>Sporlar\u0131yla \u00fcnl\u00fc Hokuryu kasabas\u0131n\u0131n ruhu, insanlar\u0131n birbirleri i\u00e7in aya\u011fa kalkt\u0131\u011f\u0131 o tutkulu ve yoksulluk dolu zamanlarda beslendi.<\/p>\n<h3>\u2461 Ryoji Okura, Fahri Vatanda\u015f: Yemek hayatt\u0131r (ya\u015fam)<\/h3>\n<figure class=\"wp-caption aligncenter\"><a href=\"https:\/\/photos.google.com\/share\/AF1QipPoi1d2ioAs33VpZ7xAe4J16GC2I0m729eXQ8XcOEh_gd9fskpvrNJxaW8PwjPvZg\/photo\/AF1QipNgxEDFA89LyLQLNgeK6t_-4slWV5rj0sMMd1c?key=YkNxX3FxdWk4MXZodVZteHY0cktaTmV2WS0ydWxn\" target=\"_blank\"><img decoding=\"async\" src=\"https:\/\/lh3.googleusercontent.com\/pw\/AP1GczMqxz65M_RM8MpLF7dMZQWXSUaHKVTsfa2QPAjVw-dkykyZSDxqCsdVAVKWcz2BmXP4qgAaJnjW3th1nJM-aDD8593NEd7094piN2lwWs_K5YRt70q9VJgRsZiWiAnCEkwHxYuzvLVggy82fL-u2ti9=w2000-h1333-s-no-gm?authuser=0\" width=\"2000\" height=\"1333\" alt=\"Ryoji Okura\" class=\"size-medium\" \/><\/a><figcaption class=\"wp-caption-text\">Ryoji Okura<\/figcaption><\/figure>\n<p>Bay Ryoji Okura&#039;n\u0131n tar\u0131m kooperatifi ofisinde, &quot;G\u00f6ky\u00fcz\u00fc, Yery\u00fcz\u00fc, Su ve Tar\u0131m\u0131n Ruhu&quot; yaz\u0131l\u0131 bir rulo as\u0131l\u0131d\u0131r. Bay Okura&#039;n\u0131n tar\u0131m felsefesinin tamam\u0131n\u0131 ifade eden bu s\u00f6zler, tar\u0131m\u0131n ancak do\u011fal d\u00fcnya ve insan ruhu birle\u015fti\u011finde ger\u00e7ekle\u015ftirilebilece\u011fi anlam\u0131na gelir.<\/p>\n<p>Bu felsefenin \u00f6z\u00fcnde, b\u00fcy\u00fck bir \u00f6nc\u00fc olan Mitsuo Goto&#039;nun \u00f6\u011fretileri yer al\u0131yordu.<\/p>\n<blockquote><p>\n&quot;Benim i\u00e7in Bay Goto Mitsuo her \u015fey demek. 2 Kas\u0131m 1972&#039;de Bay Goto bana \u00fc\u00e7 \u015fey emanet etti: birincisi, yak\u0131nda yiyecek kalmayaca\u011f\u0131; ikincisi, okula gitmedi\u011fim i\u00e7in kitap okumam gerekti\u011fi; ve \u00fc\u00e7\u00fcnc\u00fcs\u00fc, belirli bir sorumluluk \u00fcstlendi\u011fimde stat\u00fc, \u015feref veya para pe\u015finde ko\u015fmamam gerekti\u011fi. Bunlar bana y\u00fczlerce kez s\u00f6ylendi.&quot;\n<\/p><\/blockquote>\n<p>Mitsuo Goto (1898-1993), 18 y\u0131l boyunca Hokuryu Tar\u0131m Kooperatifi ba\u015fkanl\u0131\u011f\u0131n\u0131 yapm\u0131\u015f ve &quot;Kurba\u011falar\u0131n \u00f6tt\u00fc\u011f\u00fc yerde pirin\u00e7 yeti\u015ftirin&quot; ve &quot;Su olan yerde pirin\u00e7 tarlalar\u0131 kurun&quot; sloganlar\u0131yla Hokuryu&#039;da pirin\u00e7 tarlas\u0131 tar\u0131m\u0131n\u0131n temellerini atan, Hokkaido&#039;nun \u00f6nde gelen tar\u0131m aktivistlerinden biriydi. G\u00f6rev s\u00fcresi boyunca pirin\u00e7 tarlalar\u0131n\u0131n geni\u015fletilmesini, sulama ve drenaj kanallar\u0131n\u0131n ve tar\u0131m yollar\u0131n\u0131n geli\u015ftirilmesini, b\u00fcy\u00fck makinelerin getirilmesini ve ortak kullan\u0131m ve i\u015fbirli\u011fini te\u015fvik etti. 1965 y\u0131l\u0131nda, toplam 9,8 milyar yen tutar\u0131ndaki devasa bir projeyi 10 y\u0131ldan biraz fazla bir s\u00fcrede tamamlayan Tar\u0131msal Yap\u0131 \u0130yile\u015ftirme Projesi&#039;ni ba\u015flatt\u0131. 1971 y\u0131l\u0131nda Hokuryu Kasabas\u0131&#039;n\u0131n ilk Onursal Vatanda\u015f\u0131 olarak aday g\u00f6sterildi.<\/p>\n<blockquote><p>\n&quot;Y\u00f6netim kurulu toplant\u0131s\u0131ndan \u00f6nce ve sonra Bay Goto her zaman beni ziyaret eder ve \u00fczerinde \u00e7al\u0131\u015ft\u0131\u011f\u0131m\u0131z konular\u0131 ve ald\u0131\u011f\u0131m\u0131z kararlar\u0131 bana bildirirdi. Bay Goto tek kelime etmezdi. Ancak o\u011flu Toru, babas\u0131n\u0131n ne d\u00fc\u015f\u00fcnd\u00fc\u011f\u00fcn\u00fc a\u00e7\u0131klard\u0131. &#039;Ryo-chan, baban\u0131n senden beklentisi, \u00f6ncelikle pirin\u00e7 \u00fcretim b\u00f6lgelerinin de\u011ferini y\u00fckseltmek, tar\u0131m kooperatifinin borcunu ortadan kald\u0131rmak ve kesinlikle hi\u00e7bir gizli anla\u015fma yapmamakt\u0131r.&#039;&quot;\n<\/p><\/blockquote>\n<p>Bay Goto&#039;nun &quot;sonunda yiyecek hi\u00e7bir \u015fey kalmayacak&quot; tahmini, 1972-1973&#039;teki ilk petrol krizi s\u0131ras\u0131nda ger\u00e7e\u011fe d\u00f6n\u00fc\u015ft\u00fc. O d\u00f6nemde pirin\u00e7 fazlas\u0131 neredeyse 7 milyon tona ula\u015fm\u0131\u015ft\u0131.<\/p>\n<blockquote><p>\n&quot;Bize &#039;Yiyece\u011fin ne oldu\u011fu ve nas\u0131l olmas\u0131 gerekti\u011fi&#039; soruldu\u011fu a\u00e7\u0131kt\u0131 ve o\u011flum Kyo bana, &#039;Babam\u0131n demek istedi\u011fi \u015fuydu: E\u011fer y\u00fcksek ekonomik b\u00fcy\u00fcme devam ederse, tar\u0131m gerileyecek ve sonunda g\u0131dan\u0131n g\u00fcvenli\u011fi sorgulanacak&#039; dedi, bu y\u00fczden do\u011fal tar\u0131m konusunda birlikte \u00e7al\u0131\u015fmaya karar verdik.&quot;\n<\/p><\/blockquote>\n<p>&quot;Say\u0131n Okura da \u00f6yle diyor.&quot;<\/p>\n<p>O y\u0131l\u0131n A\u011fustos ay\u0131n\u0131n sonlar\u0131nda, Tobetsu Kasabas\u0131&#039;ndaki Tar\u0131m Bakanl\u0131\u011f\u0131&#039;ndan Bay Kyo ile birlikte do\u011fal tar\u0131m e\u011fitimi alm\u0131\u015f olan Bay Okura, bir pirin\u00e7 tarlas\u0131n\u0131n kenar\u0131nda y\u00fcr\u00fcrken Bay Kyo taraf\u0131ndan &quot;Bay Okura, tar\u0131m\u0131n ne oldu\u011funu biliyor musunuz?&quot; diye soruldu.<\/p>\n<blockquote><p>\n&quot;Hemen cevap veremedim. 20 y\u0131l tar\u0131m sekt\u00f6r\u00fcnde \u00e7al\u0131\u015ft\u0131ktan sonra, tar\u0131m\u0131n ne oldu\u011funu ger\u00e7ekten d\u00fc\u015f\u00fcnmemi\u015f olmam\u0131 itiraf etmek utan\u00e7 verici. Bay Akiaki Sato&#039;nun sakin bir \u015fekilde &#039;Bay Okura, tar\u0131m, insanlar i\u00e7in g\u00fcvenli g\u0131da \u00fcretmekle ilgilidir. Bu \u00e7ok zor bir i\u015ftir&#039; dedi\u011fini h\u00e2l\u00e2 \u00e7ok net hat\u0131rl\u0131yorum ve asla unutmayaca\u011f\u0131m.&quot;\n<\/p><\/blockquote>\n<p>Bu soru, Bay Okura&#039;n\u0131n tar\u0131m kariyerini k\u00f6kten de\u011fi\u015ftirdi. Kimyasal g\u00fcbre, herbisit veya b\u00f6cek ilac\u0131 kullan\u0131lmadan do\u011fal pirin\u00e7 yeti\u015ftiricili\u011fi i\u00e7in bir deneme alan\u0131 olu\u015fturuldu. Ot ay\u0131klama makinesi kullanma, elle dizlerine kadar ot temizleme ve pirinci raflarda kurutma gibi zahmetli bir s\u00fcreci i\u00e7eren hasat, d\u00f6n\u00fcm ba\u015f\u0131na sadece 5 balya gibi hayal k\u0131r\u0131kl\u0131\u011f\u0131 yaratan bir sonu\u00e7 verdi.<\/p>\n<p>20 Haziran 1988&#039;de, y\u0131ll\u0131k &quot;Pirin\u00e7 Fiyat\u0131 Talep Mitingi&quot;, \u00fclke \u00e7ap\u0131nda bir ilk olarak &quot;Halk\u0131n Ya\u015fam\u0131n\u0131 ve Sa\u011fl\u0131\u011f\u0131n\u0131 Korumak \u0130\u00e7in G\u00fcvenli G\u0131da \u00dcretme Ama\u00e7l\u0131 Hokuryu Kasabas\u0131 \u00c7ift\u00e7ileri Meclisi&quot; olarak yeniden adland\u0131r\u0131ld\u0131. Gen\u00e7lik grubu temsilcisi Minoru Sato, &quot;G\u00fcvenli G\u0131da \u00dcretimi Karar\u0131&quot; \u00f6nerdi\u011finde, muhalefetle kar\u015f\u0131la\u015fmas\u0131 bekleniyordu; ancak bunun yerine, 80&#039;li ya\u015flar\u0131ndaki Kimio Sugiyama elini kald\u0131rarak, &quot;Siz deneyin, ben lehte oy kullanaca\u011f\u0131m&quot; dedi. Karar oy birli\u011fiyle kabul edildi.<\/p>\n<p>1989&#039;da, b\u00fcy\u00fck bir heyecanla beklenen &quot;Kirara 397&quot; pirinci, organik ve pestisit oran\u0131 azalt\u0131lm\u0131\u015f bir pirin\u00e7 olarak \u00fcretildi ve Hokkaido genelinde &quot;Himawari Pirinci&quot; ad\u0131 alt\u0131nda 5.000 balya sat\u0131larak pop\u00fcler bir marka haline geldi.<\/p>\n<p>1990 y\u0131l\u0131nda, d\u00f6rt kurulu\u015f \u2013tar\u0131m kooperatifi, tar\u0131m komitesi, arazi \u0131slah b\u00f6lgesi ve Hokuryu Kasabas\u0131\u2013 birlikte kendilerini &quot;vatanda\u015flar\u0131n\u0131n can ve sa\u011fl\u0131\u011f\u0131n\u0131 korumak i\u00e7in g\u00fcvenli g\u0131da \u00fcreten bir kasaba&quot; olarak ilan ettiler. Bu, t\u00fcm \u00fclkede Hokuryu&#039;ya \u00f6zg\u00fc tarihi bir bildiriydi.<\/p>\n<p>Ard\u0131ndan, 2017&#039;de Hokuryu Ay\u00e7i\u00e7ekli Pirin\u00e7 \u00dcreticileri Kooperatifi, Japonya Tar\u0131m \u00d6d\u00fcl\u00fc B\u00fcy\u00fck \u00d6d\u00fcl\u00fc&#039;n\u00fc kazand\u0131. \u00dclke genelindeki 93 kat\u0131l\u0131mc\u0131 aras\u0131ndan, grup organizasyonu kategorisinde \u00f6d\u00fcl alan sadece \u00fc\u00e7 kurulu\u015ftan biri ve Hokkaido&#039;dan bu \u00f6d\u00fcl\u00fc alan tek kurulu\u015f oldu.<\/p>\n<blockquote><p>\n&quot;Temelde tar\u0131m, insanlar i\u00e7in g\u00fcvenli g\u0131da \u00fcretmekle ilgilidir. Tar\u0131m kooperatifleri ise ya\u015fam\u0131, g\u0131day\u0131, \u00e7evreyi ve ge\u00e7im kaynaklar\u0131n\u0131 korumak ve geli\u015ftirmekle ilgilidir. Hepsi bu kadar. Hokuryu&#039;nun sadece s\u00f6zleri de\u011fil, sonu\u00e7lar\u0131 da var. Gittikleri her yerde gurur duyabilirler. Bu inan\u0131lmaz.&quot;\n<\/p><\/blockquote>\n<p>Bunlar, 35 y\u0131l\u0131 a\u015fk\u0131n pratik deneyimden do\u011fan, derin anlamlar i\u00e7eren s\u00f6zlerdi.<\/p>\n<h3>\u2462 Say\u0131n Yutaka Sano (Fahri Vatanda\u015f, Eski Belediye Ba\u015fkan\u0131): Belediye binas\u0131ndan g\u00f6r\u00fcnen Hokuryu Kasabas\u0131<\/h3>\n<figure class=\"wp-caption aligncenter\"><a href=\"https:\/\/photos.google.com\/share\/AF1QipPoi1d2ioAs33VpZ7xAe4J16GC2I0m729eXQ8XcOEh_gd9fskpvrNJxaW8PwjPvZg\/photo\/AF1QipMWDLhA_Rya7W4SeR9CalRDITxPCA15e95sYOM?key=YkNxX3FxdWk4MXZodVZteHY0cktaTmV2WS0ydWxn\" target=\"_blank\"><img decoding=\"async\" src=\"https:\/\/lh3.googleusercontent.com\/pw\/AP1GczNP_F822p0HtNYrMtfrcr9OItFLTHW_ZbN6_39n47HjTLWcOfnLdVIMT_5rkUIVp4b4LVUxtZQIvfiWoES7AZJIbWrL3GAPye5Z9Q8gzM5-kfVTWtZTV6heA2-VjnPeHajnQ7u61iLAgf_OsZMqJaLy=w2000-h1333-s-no-gm?authuser=0\" width=\"2000\" height=\"1333\" alt=\"Toyo Sano\" class=\"size-medium\" \/><\/a><figcaption class=\"wp-caption-text\">Toyo Sano<\/figcaption><\/figure>\n<p>Onursal vatanda\u015f ve eski belediye ba\u015fkan\u0131 olan Say\u0131n Toyo Sano, 12 y\u0131l boyunca \u00fc\u00e7 d\u00f6nem g\u00f6rev yapt\u0131\u011f\u0131 Hokuryu Kasabas\u0131&#039;n\u0131n idari tarihine dair d\u00fc\u015f\u00fcncelerini payla\u015ft\u0131.<\/p>\n<blockquote><p>\n&quot;Say\u0131n Terauchi&#039;nin, belediye ba\u015fkan yard\u0131mc\u0131l\u0131\u011f\u0131 g\u00f6revim s\u0131ras\u0131nda bile bana ne kadar \u00e7ok yard\u0131mc\u0131 oldu\u011funu kelimelerle ifade edemem. Yapt\u0131klar\u0131m\u0131 \u00f6zetledi ve bana ipu\u00e7lar\u0131 ve ilham veren makaleler yazd\u0131; bu da 12 y\u0131l boyunca o g\u00f6revde hizmet etmeme olanak sa\u011flad\u0131.&quot;\n<\/p><\/blockquote>\n<p>Ay\u00e7i\u00e7ekleri ve lezzetli pilav\u0131n \u00f6tesinde, Hokuryu Kasabas\u0131 sosyal yard\u0131m alan\u0131nda da \u00f6nc\u00fcyd\u00fc. Ichinoseki Kasabas\u0131&#039;n\u0131n eski belediye ba\u015fkan\u0131n\u0131n erken ba\u015flang\u0131\u00e7l\u0131 demans te\u015fhisini kamuoyuna a\u00e7\u0131klamas\u0131n\u0131n ard\u0131ndan, bir demans aileleri derne\u011fi kuruldu ve o zamandan beri \u00fclkenin d\u00f6rt bir yan\u0131ndan yakla\u015f\u0131k 40 ki\u015fi her y\u0131l ay\u00e7i\u00e7e\u011fi maratonu i\u00e7in kasabay\u0131 ziyaret ediyor.<\/p>\n<p>Co-op Sapporo ile i\u015fbirli\u011fi i\u00e7inde a\u00e7\u0131lan devlet destekli s\u00fcpermarket de \u00fclke \u00e7ap\u0131nda nadir g\u00f6r\u00fclen bir giri\u015fim olarak dikkat \u00e7ekti. Mimar Kengo Kuma taraf\u0131ndan tasarlanan anaokulu ve t\u00fcm lobiyi kaplayan ay\u00e7i\u00e7ekleriyle sar\u0131 perde benzeri alan da Hokuryu&#039;ya \u00f6zg\u00fc \u00f6zellikler aras\u0131nda yer al\u0131yor.<\/p>\n<blockquote><p>\n&quot;Hokuryu&#039;dan gelen \u00e7ocuklar\u0131n akademik yetenekleri ger\u00e7ekten ola\u011fan\u00fcst\u00fcyd\u00fc. Baz\u0131lar\u0131 haz\u0131rl\u0131k kursuna bile gitmeden ilk denemelerinde ulusal \u00fcniversitelere girdi ve \u00fc\u00e7\u00fc Asahikawa T\u0131p \u00dcniversitesi&#039;ne kabul edildi. Bay Tanaka&#039;n\u0131n torunu Kyoto \u00dcniversitesi&#039;ne, Bay Hatsuda&#039;n\u0131n torunu ise Tokyo \u00dcniversitesi&#039;ne gitti; hatta torunlar\u0131yla ilgili hikayeler bile duyuyoruz. D\u00fcnyaya \u00e7\u0131kt\u0131klar\u0131nda gurur duyabilecekleri bir gurur duygusuna sahiplerdi.&quot;\n<\/p><\/blockquote>\n<p>Hokuryu kasabas\u0131n\u0131n cazibesi soruldu\u011funda, Bay Sano \u015fu yan\u0131t\u0131 verdi:<\/p>\n<blockquote><p>\n&quot;Bence Hokuryu kasabas\u0131n\u0131n cazibesi, Japonya&#039;n\u0131n en g\u00fcvenli ve en lezzetli pirincini \u00fcreten bir kasaba olmas\u0131n\u0131n yan\u0131 s\u0131ra, Japonya&#039;n\u0131n en g\u00fczel ay\u00e7i\u00e7e\u011fi tarlalar\u0131na sahip olmas\u0131nda yat\u0131yor.&quot;\n<\/p><\/blockquote>\n<h3>\u2463 Kazuo Kimura (Hokuryu Kasabas\u0131 Meclis \u00dcyesi): Hokuryu Kasabas\u0131&#039;n\u0131n \u00f6nc\u00fclerinden olan geri d\u00f6nenler<\/h3>\n<figure class=\"wp-caption aligncenter\"><a href=\"https:\/\/photos.google.com\/share\/AF1QipPoi1d2ioAs33VpZ7xAe4J16GC2I0m729eXQ8XcOEh_gd9fskpvrNJxaW8PwjPvZg\/photo\/AF1QipN0xau05MrpEPutzqz6o15HypuZvLxS7oQkMvc?key=YkNxX3FxdWk4MXZodVZteHY0cktaTmV2WS0ydWxn\" target=\"_blank\"><img decoding=\"async\" src=\"https:\/\/lh3.googleusercontent.com\/pw\/AP1GczODPiFWSNC9T7qL1U7xYdJ-s6qwZjmEK88tYqdJOQTb47RgxwTUuqVOViA0wKneE9OUchl7SPlg7HiMTH5HVmaB-IqzUjfvNCm-mFMrf5y-6f7qFewh58vHAYNZgI8PELAY4Rv9_W38a2RuFivp9Hl8=w2000-h1333-s-no-gm?authuser=0\" width=\"2000\" height=\"1333\" alt=\"Kazuo Kimura\" class=\"size-medium\" \/><\/a><figcaption class=\"wp-caption-text\">Kazuo Kimura<\/figcaption><\/figure>\n<figure class=\"wp-caption aligncenter\"><a href=\"https:\/\/photos.google.com\/share\/AF1QipPoi1d2ioAs33VpZ7xAe4J16GC2I0m729eXQ8XcOEh_gd9fskpvrNJxaW8PwjPvZg\/photo\/AF1QipO723309zqqmBrMKW3-wkp8Jw-SY7IHbGiehY8?key=YkNxX3FxdWk4MXZodVZteHY0cktaTmV2WS0ydWxn\" target=\"_blank\"><img decoding=\"async\" src=\"https:\/\/lh3.googleusercontent.com\/pw\/AP1GczPoaRMAtJxaszkWlKxJuDFyy-U3YnXh6_qUiR3yJrSPGTdR8cX1j1o72qmMmSjJPDHxBQT6BmqHJhOhwrxd6YJ9dsK2oSN82qKqbF7FAIZnzYee5jheUs3sT-GMtNbreHc803Jemy2I6-YKkKymLUnx=w2000-h1333-s-no-gm?authuser=0\" width=\"2000\" height=\"1333\" alt=\"Kazuo Kimura \" class=\"size-medium\" \/><\/a><figcaption class=\"wp-caption-text\">Kazuo Kimura<\/figcaption><\/figure>\n<p>Kazuo Kimura, Ichinosawa b\u00f6lgesinin geli\u015fim tarihini anlat\u0131rken, kendi ailesine dair an\u0131lar\u0131n\u0131 da payla\u015ft\u0131.<\/p>\n<p>Bay Kimura&#039;n\u0131n babas\u0131, eski Man\u00e7ukuo&#039;da Japon ulusal politikas\u0131 olarak desteklenen bir yerle\u015fim grubunun par\u00e7as\u0131 olarak, ailesini 1938&#039;de oraya yerle\u015ftirdi.<\/p>\n<blockquote><p>\n&quot;Azimli \u00e7abalar\u0131 sonucunda, birka\u00e7 y\u0131l i\u00e7inde evler in\u015fa etmeyi ve tar\u0131m arazileri geli\u015ftirmeyi ba\u015fard\u0131lar ve nihayet ya\u015famlar\u0131 i\u00e7in istikrarl\u0131 bir temel olu\u015fturdular. Ancak, II. D\u00fcnya Sava\u015f\u0131&#039;n\u0131n sonunda, A\u011fustos 1945&#039;te, ani bir tahliye emri verildi.&quot;\n<\/p><\/blockquote>\n<p>Sovyetler Birli\u011fi&#039;nin sava\u015fa girmesiyle, \u00fczerlerindeki k\u0131yafetlerden ba\u015fka hi\u00e7bir \u015fey almadan ka\u00e7t\u0131lar. &quot;Aylar boyunca zorlu ko\u015fullara katland\u0131lar, d\u00fc\u015fman ate\u015finden ka\u00e7t\u0131lar ve hayatta kalmak i\u00e7in umutsuzca m\u00fccadele ettiler.&quot; Yiyecek k\u0131tl\u0131\u011f\u0131, yetersiz beslenme ve hastal\u0131k nedeniyle, &quot;annem, erkek karde\u015fim ve k\u0131z karde\u015fim birer birer \u00f6ld\u00fc, ama babam, k\u0131z karde\u015fim ve ben hayatta kalmay\u0131 ba\u015fard\u0131k.&quot;<\/p>\n<p>Maizuru&#039;da anakaraya ayak bast\u0131lar. Hokkaido, Takikawa ve Hokuryu Ichinosawa dahil olmak \u00fczere \u00e7e\u015fitli yerlerde dola\u015ft\u0131lar ve nihayet 1947 bahar\u0131nda ciddi \u00f6nc\u00fc \u00e7al\u0131\u015fmalara ba\u015flad\u0131lar.<\/p>\n<blockquote><p>\n&quot;R\u00fczgardan ve kardan derme \u00e7atma kul\u00fcbelerde s\u0131\u011f\u0131nd\u0131k, ilkbahardan sonbahara kadar tatl\u0131 patates, kabak ve karabu\u011fday hasat ederek hayatta kald\u0131k ve k\u0131\u015f\u0131n giyecek, yiyecek ve bar\u0131nak ihtiyac\u0131m\u0131z\u0131 a\u011fa\u00e7 keserek kar\u015f\u0131lad\u0131k. Neredeyse hi\u00e7 pirin\u00e7 yemedik.&quot;\n<\/p><\/blockquote>\n<p>Ichinosawa&#039;da bol su kaynaklar\u0131 vard\u0131, ancak su haklar\u0131 sorunlar\u0131 nedeniyle pirin\u00e7 tarlalar\u0131 olu\u015fturmak zordu.<\/p>\n<blockquote><p>\n&quot;Dalg\u0131\u00e7l\u0131k yaparak bir iki d\u00f6n\u00fcm araziyi i\u015fledim ve su haklar\u0131n\u0131 elde etmek i\u00e7in k\u00f6ye, \u015fube ofisine ve il y\u00f6netimine ba\u015fvurmaya devam ettim.&quot;\n<\/p><\/blockquote>\n<p>Hokkaido&#039;da d\u00f6rd\u00fcnc\u00fc s\u0131n\u0131fta ilkokula ba\u015flad\u0131m. 1948 k\u0131\u015f\u0131nda Ichinosawa&#039;ya geldi\u011fimde, pirin\u00e7, bu\u011fday, patates veya karabu\u011fday neredeyse hi\u00e7 yiyemiyordum.<\/p>\n<blockquote><p>\n&quot;Hedefim beyaz pirin\u00e7ti. \u0130lkokul \u00fc\u00e7\u00fcnc\u00fc s\u0131n\u0131fa kadar beyaz beslenme \u00e7antas\u0131 getiremiyordum.&quot;\n<\/p><\/blockquote>\n<p>Uzun s\u00fcren zorluklar\u0131n ard\u0131ndan pirin\u00e7 tarlalar\u0131 geni\u015fledi. 1958, Hokuryu Tar\u0131m Kooperatifi&#039;nin kurulu\u015funun 10. y\u0131ld\u00f6n\u00fcm\u00fcn\u00fc i\u015faret ediyordu. 1963&#039;te 150.000 balyay\u0131 a\u015fan rekor bir pirin\u00e7 hasad\u0131 ger\u00e7ekle\u015fti. 1974&#039;te trakt\u00f6rlerin kullan\u0131m\u0131 ve bir \u00e7ift\u00e7ilik grubunun kurulmas\u0131yla pirin\u00e7 \u00fcretimi 210.000 balyaya ula\u015ft\u0131. Ard\u0131ndan, 1 Ocak 1992&#039;de Ichinosawa, Iwamura ile birle\u015ferek yeni bir ad\u0131m att\u0131.<\/p>\n<p>Bay Kimura, uzun y\u0131llar boyunca tar\u0131msal yap\u0131sal iyile\u015ftirme projeleri, arazi birle\u015ftirme ve drenaj iyile\u015ftirme projelerinde de yer alm\u0131\u015f ve Hokkaido Tar\u0131m Gen\u00e7lik Konferans\u0131&#039;n\u0131n ulusal kongresine kat\u0131lm\u0131\u015ft\u0131r. Tokyo&#039;daki Yoyogiyama Ulusal Stadyumu&#039;nda davetli bir sporcu olarak kat\u0131ld\u0131\u011f\u0131 (uzun atlama 5.05m, g\u00fclle atma 11.29m, 1500m 4 dakika 25 saniye) ve sadece bir puan ald\u0131\u011f\u0131 yar\u0131\u015fma, &quot;Hokkaido, Kazuo Kimura&quot; olarak sergilenmi\u015ftir.<\/p>\n<blockquote><p>\n&quot;D\u00fc\u015f\u00fcnd\u00fc\u011f\u00fcn\u00fcz \u015feyleri uygulamaya koyman\u0131n \u00f6nemli oldu\u011funa inan\u0131yorum. Zaman ge\u00e7tik\u00e7e ve ya\u015fland\u0131k\u00e7a, kendi ba\u015f\u0131na i\u015f yapabilen bir benlik yaratman\u0131n \u00f6nemli oldu\u011funu d\u00fc\u015f\u00fcn\u00fcyorum,&quot; dedi Hokuryu&#039;da sessizce tar\u0131m\u0131n temellerini atan Bay Kimura. S\u00f6zleri sessiz bir a\u011f\u0131rl\u0131k ta\u015f\u0131yordu.\n<\/p><\/blockquote>\n<h3>\u2464 Hajime Michishita: Mihagyu s\u0131\u011f\u0131r etinin geli\u015fimi<\/h3>\n<figure class=\"wp-caption aligncenter\"><a href=\"https:\/\/photos.google.com\/share\/AF1QipPoi1d2ioAs33VpZ7xAe4J16GC2I0m729eXQ8XcOEh_gd9fskpvrNJxaW8PwjPvZg\/photo\/AF1QipPmtvTN5ZYONcjrLWAD28W7Pje1yDiEpxFkBuk?key=YkNxX3FxdWk4MXZodVZteHY0cktaTmV2WS0ydWxn\" target=\"_blank\"><img decoding=\"async\" src=\"https:\/\/lh3.googleusercontent.com\/pw\/AP1GczNh-CBsLGu_Ncs3Go5EmYD2gPH9r7d5jC0M5g80ZpueNIqKlfkV5wCpyuCGtRTIS2QkRuBU5aY7xKgytQujJ6A446dLjlctkR2lAy_vgH6SQwaXJYMADbSa23TxuHw4k65rq7e8oEK_im4cNss3ehTM=w2000-h1333-s-no-gm?authuser=0\" width=\"2000\" height=\"1333\" alt=\" Hajime Michishita\" class=\"size-medium\" \/><\/a><figcaption class=\"wp-caption-text\">Hajime Michishita<\/figcaption><\/figure>\n<p>Say\u0131n Michishita Hajime, Mihagyu b\u00f6lgesinin geli\u015fimi hakk\u0131nda konu\u015ftu. &quot;Bizim i\u00e7in 100 y\u0131l oldu,&quot; diye ba\u015flad\u0131 Say\u0131n Michishita g\u00fclerek.<\/p>\n<blockquote><p>\n1897 y\u0131l\u0131nda (Meiji 30), Ishikawa Eyaleti, Kanazawa \u015fehrindeki Ueno k\u00f6y\u00fcnden 17 aile b\u00f6lgeye yerle\u015fti. Maizuru&#039;dan Otaru&#039;ya tekneyle seyahat ettiler ve Numata&#039;da zengin bir toprak sahibi olan Kisaburo Numata&#039;n\u0131n yard\u0131m\u0131yla sonunda Mihagyu topraklar\u0131na ula\u015ft\u0131lar. &quot;Bu bizim be\u015finci neslimiz. \u015eimdi torunum alt\u0131nc\u0131 nesil ve yedinci nesil de yak\u0131nda geliyor.&quot;\n<\/p><\/blockquote>\n<p>\u00dc\u00e7\u00fcnc\u00fc ve d\u00f6rd\u00fcnc\u00fc ku\u015faklar bir varis bulma konusunda endi\u015felendi\u011fi zamanlar olmu\u015ftu, ancak o, &quot;Damad\u0131m geldikten sonra hayat\u0131m\u0131n tad\u0131n\u0131 \u00e7\u0131kar\u0131yorum. Her g\u00fcn sadece e\u011fleniyorum ve d\u00fckkanlara y\u00fcr\u00fcy\u00fc\u015fe \u00e7\u0131k\u0131yorum&quot; dedi\u011finde, izleyicilerden kahkahalar y\u00fckseldi. Bu kahkahan\u0131n ard\u0131nda, yedi ku\u015fak sonra atalar\u0131ndan miras kalan topraklar\u0131 bir sonraki nesle devredebilmenin verdi\u011fi derin bir rahatlama ve sevin\u00e7 duygusu vard\u0131.<\/p>\n<blockquote><p>\n&quot;Ya\u015famay\u0131, e\u011flenmeyi \u00f6\u011frendim ve bug\u00fcn hayat\u0131mda \u00f6\u011frendiklerim de bunlar.&quot; Bay Michishita&#039;n\u0131n s\u00f6zleri, topra\u011fa k\u00f6k salman\u0131n anlam\u0131n\u0131 sessizce \u00f6zetliyordu.\n<\/p><\/blockquote>\n<h3>\u2465 Isao Hoshiba: Hokuryu Kasabas\u0131&#039;n\u0131n d\u0131\u015far\u0131dan g\u00f6r\u00fcn\u00fcm\u00fc<\/h3>\n<figure class=\"wp-caption aligncenter\"><a href=\"https:\/\/photos.google.com\/share\/AF1QipPoi1d2ioAs33VpZ7xAe4J16GC2I0m729eXQ8XcOEh_gd9fskpvrNJxaW8PwjPvZg\/photo\/AF1QipNVCjzWaQi21H7Wc9ZUAHb71U6i4NsztzqO7bk?key=YkNxX3FxdWk4MXZodVZteHY0cktaTmV2WS0ydWxn\" target=\"_blank\"><img decoding=\"async\" src=\"https:\/\/lh3.googleusercontent.com\/pw\/AP1GczP25RsoVttETfh16KqImGKN9a93xQx6wKAZf_4BC0e4E7lbpZOjSUVVQRGxUT8CBBRHCWKGDoDm8fAKqZaJNDp9yfz4LHMcRaVFSGNHEZIVn90BOLDCEE4Pg_25dIsc9sCUaXALj18qWW3QRniwtHKL=w2000-h1333-s-no-gm?authuser=0\" width=\"2000\" height=\"1333\" alt=\"Isao Ho\u015fiba\" class=\"size-medium\" \/><\/a><figcaption class=\"wp-caption-text\">Isao Ho\u015fiba<\/figcaption><\/figure>\n<p>18 ya\u015f\u0131nda Hokuryu kasabas\u0131ndan ayr\u0131lan ve 60 y\u0131l sonra memleketine d\u00f6nen Isao Hoshiba, uzun s\u00fcredir Gen\u00e7 Ya\u015fta Ba\u015flayan Demansl\u0131 Aileler Ulusal Birli\u011fi&#039;nin temsilcisi olarak aktif olarak g\u00f6rev yapmaktad\u0131r.<\/p>\n<p>&quot;Burada yar\u0131\u015fmaya kat\u0131lmaya yeterli olup olmad\u0131\u011f\u0131mdan bile emin de\u011fildim,&quot; diye m\u00fctevaz\u0131 bir \u015fekilde s\u00f6ze ba\u015flayan Bay Hoshiba, ancak onun yolculu\u011fu Hokuryu Kasabas\u0131 ile derinden i\u00e7 i\u00e7e ge\u00e7mi\u015fti.<\/p>\n<p>E\u015fine Tokyo&#039;da erken ba\u015flang\u0131\u00e7l\u0131 demans te\u015fhisi konulan ve bir aile destek grubunun temsilcisi olarak aktif olan Bay Hoshiba, Avustralya&#039;da demans hastas\u0131 olan Christine&#039;in bir konu\u015fmas\u0131n\u0131 dinledikten sonra &quot;demans hastalar\u0131 i\u00e7in \u00f6nemli olan\u0131n ya\u015fam ortamlar\u0131 ve bak\u0131m sa\u011flama yetene\u011fi&quot; oldu\u011funa ikna oldu.<\/p>\n<p>Bu inan\u00e7la hareket ederek, gen\u00e7 ya\u015fta bunama te\u015fhisi konmu\u015f bir hastan\u0131n ailesi olan Nakamura ailesini Hokuryu Kasabas\u0131&#039;na kabul etme \u00e7abalar\u0131na \u00f6nc\u00fcl\u00fck ettiler. Ba\u015flang\u0131\u00e7ta, &quot;so\u011fuk k\u0131\u015f aylar\u0131nda Tokyo&#039;dan seyahat etmenin zor olaca\u011f\u0131&quot; endi\u015fesi vard\u0131, ancak bir personel \u00fcyesinin &quot;Bunu o kadar \u00e7ok savundum ki, bir aileyi kabul etmemek sa\u00e7ma olurdu&quot; \u015feklindeki iddias\u0131 sayesinde bu m\u00fcmk\u00fcn oldu.<\/p>\n<blockquote><p>\n&quot;O aile ilk buraya geldi\u011finde, bir belediye yetkilisi onlar\u0131 Sunagawa&#039;daki hastaneye g\u00f6t\u00fcrmeyi teklif etmi\u015fti. K\u0131zlar\u0131 lise giri\u015f s\u0131nav\u0131na girdi\u011finde de, bir belediye g\u00f6n\u00fcll\u00fcs\u00fc ona e\u015flik etmi\u015fti.&quot;\n<\/p><\/blockquote>\n<p>Hokuryu Kasabas\u0131&#039;ndaki g\u00f6n\u00fcll\u00fc faaliyetler \u00fclke \u00e7ap\u0131nda tan\u0131nd\u0131 ve Okinawa&#039;dan Aomori&#039;ye kadar \u00e7e\u015fitli yerlerde konu\u015fma davetlerine yol a\u00e7t\u0131. Hatta NHK BS&#039;de bir saatlik bir programda yay\u0131nlanarak dikkat \u00e7ekti. Ve Bay Hoshiba&#039;n\u0131n kendisi de Hokuryu Kasabas\u0131&#039;na ta\u015f\u0131nmaya karar verdi.<\/p>\n<p>Bay Terauchi&#039;nin Hokuryu&#039;ya ta\u015f\u0131naca\u011f\u0131n\u0131 duydu\u011funda &quot;\u015ea\u015f\u0131rd\u0131m&quot; dedi, ancak yenilenmi\u015f evine ta\u015f\u0131nd\u0131\u011f\u0131n\u0131 g\u00f6r\u00fcnce g\u00fcld\u00fc ve &quot;Rahatlad\u0131m, gelecekte kesinlikle Hokuryu i\u00e7in \u00e7al\u0131\u015fmaya devam edece\u011fini d\u00fc\u015f\u00fcnd\u00fcm&quot; dedi.<\/p>\n<blockquote><p>\n&quot;Bu \u015fekilde \u00e7e\u015fitli insanlar\u0131 Hokuryu&#039;ya getirdi\u011fimizde, kasaba halk\u0131 inan\u0131lmaz derecede misafirperver davrand\u0131. Herkes geldi ve herkes mutluydu.&quot;\n<\/p><\/blockquote>\n<p>Tan\u0131mad\u0131\u011f\u0131 bir aileyi kucaklayan Hokuryu kasabas\u0131n\u0131n s\u0131cakl\u0131\u011f\u0131, bu kasaban\u0131n ger\u00e7ek \u00f6z\u00fcn\u00fc olu\u015fturuyordu.<\/p>\n<h2>\u00d6zg\u00fcr Konu\u015fma - Gelecek Nesillere Aktarmam\u0131z Gerekenler<\/h2>\n<p>Alt\u0131 konu\u015fman\u0131n ard\u0131ndan, &quot;Gelecek nesillere, yani Hokuryu Kasabas\u0131&#039;n\u0131n bir sonraki nesline mutlaka aktar\u0131lmas\u0131 gereken \u015feyler nelerdir ve de\u011fi\u015ftirilebilecek \u015feyler nelerdir?&quot; sorusuyla bir saatlik serbest konu\u015fma oturumu ba\u015flad\u0131.<\/p>\n<h3>Tar\u0131m felsefesi ve gelecek nesil i\u00e7in umutlar<\/h3>\n<p>Ryoji Okura, Hokuryu Kasabas\u0131&#039;n\u0131n tarihine i\u015flemi\u015f olan &quot;hikayelerin&quot; \u00f6nemini defalarca vurgulad\u0131.<\/p>\n<figure class=\"wp-caption aligncenter\"><a href=\"https:\/\/photos.google.com\/share\/AF1QipPoi1d2ioAs33VpZ7xAe4J16GC2I0m729eXQ8XcOEh_gd9fskpvrNJxaW8PwjPvZg\/photo\/AF1QipN6zMaO6FkQlSu30mOGxZ1HTuEXtWGJp001g4A?key=YkNxX3FxdWk4MXZodVZteHY0cktaTmV2WS0ydWxn\" target=\"_blank\"><img decoding=\"async\" src=\"https:\/\/lh3.googleusercontent.com\/pw\/AP1GczM3d5ItSmj1opVO38VBdfdblpnd7iiMSEeWYe1gy94IGhH9ywHvcdWH-aurWCLPRSVkZvOydZdZNpez_WnLEiawTNDdH7bt9BmiXjob2ziFNZa-lvVR52F0kxirRUCLlRHYjDmtVNYMeRNqNeKj2XM0=w2000-h1333-s-no-gm?authuser=0\" width=\"2000\" height=\"1333\" alt=\"Ryoji Okura\" class=\"size-medium\" \/><\/a><figcaption class=\"wp-caption-text\">Ryoji Okura<\/figcaption><\/figure>\n<blockquote><p>\n&quot;135 y\u0131l \u00f6nce Hokuryu Kasabas\u0131&#039;nda, 28 ya\u015f\u0131ndaki Shoichiro Yoshie, sadece testere, balta, \u00e7apa ve k\u00fcrek kullanarak u\u00e7suz bucaks\u0131z bir bakir ormanla \u00e7evrili araziyi temizlemenin zorlu yolunu se\u00e7ti.&quot;<\/p>\n<p>Bundan sonra, Say\u0131n Masakiyo Kita, Say\u0131n Mitsuo Hachiro Goto ve Say\u0131n Sakuzo Matsuoka geldi. Bu ki\u015filer olmasayd\u0131, Hokuryu&#039;nun bug\u00fcn oldu\u011fu gibi \u00fclke \u00e7ap\u0131nda tan\u0131nmas\u0131 zor olurdu.&quot;\n<\/p><\/blockquote>\n<blockquote><p>\n&quot;Temelde tar\u0131m, insanlar i\u00e7in g\u00fcvenli g\u0131da \u00fcretmekle ilgilidir. Tar\u0131m kooperatifleri ise ya\u015fam\u0131, g\u0131day\u0131, \u00e7evreyi ve ge\u00e7im kaynaklar\u0131n\u0131 korumak ve geli\u015ftirmekle ilgilidir. Umar\u0131m g\u00fcn\u00fcm\u00fcz gen\u00e7leri bir noktada bunu d\u00fc\u015f\u00fcn\u00fcrler.&quot;<\/p>\n<p>Hokuryu, d\u00f6rt kurulu\u015fun g\u00fcvenli g\u0131da \u00fcretece\u011fini a\u00e7\u0131klad\u0131. Bu, \u00fclke \u00e7ap\u0131nda ger\u00e7ekle\u015fen bir \u015fey de\u011fil. Hokuryu&#039;nun sadece s\u00f6zde de\u011fil, icraatlar\u0131 da var. Gitti\u011fimiz her yerde bununla gurur duyabiliriz.&quot;\n<\/p><\/blockquote>\n<p>Ayr\u0131ca tar\u0131m kooperatifleri \u00fcyeleriyle diyalo\u011fun \u00f6nemini de vurgulad\u0131.<\/p>\n<blockquote><p>\n&quot;Tar\u0131m kooperatifindeki as\u0131l oyuncular personel veya y\u00f6neticiler de\u011fil, \u00fcyelerdir. As\u0131l oyuncular \u00fcyelerdir. Bu y\u00fczden her zaman \u00fcyeleri d\u00fc\u015f\u00fcn\u00fcr\u00fcz. Bu durum belediye ba\u015fkan\u0131 i\u00e7in de ge\u00e7erlidir. As\u0131l oyuncular biz de\u011fil, kasaba halk\u0131d\u0131r. Bu y\u00fczden iyi insanlarla tan\u0131\u015fma ve onlardan \u00f6\u011frenme \u015fans\u0131na sahip oldu\u011fum i\u00e7in \u015fansl\u0131y\u0131m.&quot;\n<\/p><\/blockquote>\n<h3>&quot;Hokuryu Kasabas\u0131&#039;n\u0131n cazibesini tek kelimeyle tan\u0131mlay\u0131n.&quot;<\/h3>\n<p>Sunucu Terauchi, &quot;Hokuryu Kasabas\u0131&#039;n\u0131n cazibesini tek bir kelimeyle tarif etmeniz gerekseydi, bu kelime ne olurdu?&quot; diye sordu.<\/p>\n<blockquote><p><strong>Moriaki Tanaka:<\/strong>&quot;Hokuryu kasabas\u0131n\u0131n insanlar\u0131 \u00e7ok nazik. Di\u011fer kasaba ve k\u00f6ylerdeki insanlardan kesinlikle farkl\u0131lar. Bence bu harika.&quot;<\/p><\/blockquote>\n<blockquote><p><strong>Ryoji Kikura:<\/strong>&quot;G\u00fcvenli g\u0131da \u00fcretmek. \u00c7evreyi korumak. A\u011fa\u00e7lar\u0131, ye\u015fillikleri, suyu ve topra\u011f\u0131 tahrip etmemek veya kirletmemek ve \u00e7ift\u00e7i ruhunu geli\u015ftirmek. Bunlar bug\u00fcn yery\u00fcz\u00fcndeki en b\u00fcy\u00fck de\u011ferlerdir.&quot;<\/p><\/blockquote>\n<blockquote><p><strong>Toyo Sano:<\/strong>&quot;Hokuryu kasabas\u0131n\u0131n cazibesi, Japonya&#039;n\u0131n en g\u00fcvenli ve en lezzetli pirincini \u00fcreten bir kasaba olmas\u0131n\u0131n yan\u0131 s\u0131ra, Japonya&#039;n\u0131n en g\u00fczel ay\u00e7i\u00e7e\u011fi tarlalar\u0131na sahip olmas\u0131nda yatmaktad\u0131r.&quot;<\/p><\/blockquote>\n<blockquote><p><strong>Hajime Michishita:<\/strong>&quot;Gen\u00e7li\u011fimde, ister i\u00e7ki i\u00e7erken ister toplant\u0131da olal\u0131m, astlar\u0131mla pirin\u00e7 ekimi ve \u00e7ift\u00e7ilik gibi her t\u00fcrl\u00fc \u015fey hakk\u0131nda konu\u015furdum.&quot;<br \/>\nHerkes bir aile gibiydi, gen\u00e7 ya\u015fl\u0131 herkes her \u015feyden bahsediyor ve birbirleriyle ba\u011flant\u0131da kal\u0131yordu. Bence Hokuryu Kasabas\u0131&#039;n\u0131n en g\u00fczel yan\u0131 herkesin birbiriyle konu\u015fmas\u0131 ve i\u015f birli\u011fi yapmas\u0131.&quot;<\/p><\/blockquote>\n<blockquote><p><strong>Kazuo Kimura:<\/strong>&quot;Pirin\u00e7 tarlalar\u0131m\u0131z, ormanlar\u0131m\u0131z ve Hokuryu Onsen&#039;e bakan bir seyir noktam\u0131z var; da\u011f\u0131n daha da yukar\u0131s\u0131na \u00e7\u0131karsan\u0131z, ger\u00e7ekten de\u011ferli bir do\u011fal g\u00f6zlem platformuna ula\u015f\u0131rs\u0131n\u0131z. Bence en b\u00fcy\u00fck g\u00fcc\u00fcm\u00fcz bu araziyi geli\u015ftirmekte yat\u0131yor.&quot;<\/p><\/blockquote>\n<blockquote><p><strong>Isao Hoshiba:<\/strong>&quot;Herkesi bu \u015fekilde Hokuryu&#039;ya getirdi\u011fimde, onlara \u00e7ok iyi davrand\u0131lar. Herkes geldi ve herkes mutluydu. Bu s\u0131cakl\u0131k, Hokuryu&#039;yu bu kadar \u00e7ekici k\u0131lan \u015fey.&quot;<\/p><\/blockquote>\n<figure class=\"wp-caption aligncenter\"><a href=\"https:\/\/photos.google.com\/share\/AF1QipPoi1d2ioAs33VpZ7xAe4J16GC2I0m729eXQ8XcOEh_gd9fskpvrNJxaW8PwjPvZg\/photo\/AF1QipPV3b7ha04YR34WyX294Hb2SkKtatUcnmnHaAo?key=YkNxX3FxdWk4MXZodVZteHY0cktaTmV2WS0ydWxn\" target=\"_blank\"><img decoding=\"async\" src=\"https:\/\/lh3.googleusercontent.com\/pw\/AP1GczM2-ZK9Iys7Ctkhcj_WOpIcsj13pqDALETDhrcpcO3vq61me3wkWWNXPwt31GYUc1WMzLDZfAf1iXHOyk13jqgAucXdiUsjWSXK9icBojmzjBWAR6I-fPYo81L4BIglH_YDg4EQ-w5ddz0tcV5yX9i0=w2000-h1333-s-no-gm?authuser=0\" width=\"2000\" height=\"1333\" alt=\"Hokuryu Kasabas\u0131n\u0131n cazibesi hakk\u0131nda birka\u00e7 s\u00f6z\" class=\"size-medium\" \/><\/a><figcaption class=\"wp-caption-text\">Hokuryu Kasabas\u0131n\u0131n cazibesi hakk\u0131nda birka\u00e7 s\u00f6z<\/figcaption><\/figure>\n<figure class=\"wp-caption aligncenter\"><a href=\"https:\/\/photos.google.com\/share\/AF1QipPoi1d2ioAs33VpZ7xAe4J16GC2I0m729eXQ8XcOEh_gd9fskpvrNJxaW8PwjPvZg\/photo\/AF1QipNxradsKU7u7sZfUMEvyk2dPKf6H5cnCIyeqTE?key=YkNxX3FxdWk4MXZodVZteHY0cktaTmV2WS0ydWxn\" target=\"_blank\"><img decoding=\"async\" src=\"https:\/\/lh3.googleusercontent.com\/pw\/AP1GczO_3l_4N8LTOveb3rnybVj7z8aiFbLxCd8L9cdTD16MykLauS5JPWr4FtA5tvQZvsXaCziuYLDqkpZfhCbLkqFS_A-7WVwXz0KtEdKqlvdEnOoaGq4hA3v0CeKsLvQjQWcgWgKK_jtDqn1vY5cCJqfI=w2000-h1333-s-no-gm?authuser=0\" width=\"2000\" height=\"1333\" alt=\"Hokuryu Kasabas\u0131&#039;n\u0131n nezaketi!\" class=\"size-medium\" \/><\/a><figcaption class=\"wp-caption-text\">Hokuryu Kasabas\u0131&#039;n\u0131n nezaketi!<\/figcaption><\/figure>\n<figure class=\"wp-caption aligncenter\"><a href=\"https:\/\/photos.google.com\/share\/AF1QipPoi1d2ioAs33VpZ7xAe4J16GC2I0m729eXQ8XcOEh_gd9fskpvrNJxaW8PwjPvZg\/photo\/AF1QipMl5DF--nB1TIi0x2OQj4kUJtoNl9GGENoRj94?key=YkNxX3FxdWk4MXZodVZteHY0cktaTmV2WS0ydWxn\"><img decoding=\"async\" src=\"https:\/\/lh3.googleusercontent.com\/pw\/AP1GczNcozd3cWyHodrBx_b8oBC8j1JfHPUyF3hTimHK9SC3QPrR3GhAozLDEI_eYu3hFctBpuHYcyGg2sX-FyC9D9DCIh1ieiHeLjsO91QDB8EZKa1o0ET9TcennhyJrp5jepSfSa6vU1CrFs6JkE64HaV-=w2000-h1333-s-no-gm?authuser=0\" width=\"2000\" height=\"1333\" alt=\"G\u00fcvenli ve huzurlu bir kasaba, ay\u00e7i\u00e7ekleriyle dolu bir kasaba!\" class=\"size-medium\" \/><\/a><figcaption class=\"wp-caption-text\">G\u00fcvenli ve huzurlu bir kasaba, ay\u00e7i\u00e7ekleriyle dolu bir kasaba!<\/figcaption><\/figure>\n<h3>E\u011fitim M\u00fcd\u00fcr\u00fc ve Belediye Ba\u015fkan\u0131&#039;n\u0131n kapan\u0131\u015f konu\u015fmalar\u0131<\/h3>\n<figure class=\"wp-caption aligncenter\"><a href=\"https:\/\/photos.google.com\/share\/AF1QipPoi1d2ioAs33VpZ7xAe4J16GC2I0m729eXQ8XcOEh_gd9fskpvrNJxaW8PwjPvZg\/photo\/AF1QipOTQzwzgWNu6tCxO2-SEj68AVjavLrFa-5gfJg?key=YkNxX3FxdWk4MXZodVZteHY0cktaTmV2WS0ydWxn\" target=\"_blank\"><img decoding=\"async\" src=\"https:\/\/lh3.googleusercontent.com\/pw\/AP1GczNCoSiQkDT-A1dOsR-KZ0S9WAK9ADMMVnjmoFg4uGOt62TeWz9XV_TEfGCBBn05dAHIXSBhVr0HuVZTjI-gLzyboE9LUPD5hOyrGUa_V8zMqWeP64FM2pDQfcDNUpl0IvN4yjoRVhPOg1vBCo509q85=w2000-h1333-s-no-gm?authuser=0\" width=\"2000\" height=\"1333\" alt=\"Sonu\u00e7 a\u00e7\u0131klamalar\u0131\" class=\"size-medium\" \/><\/a><figcaption class=\"wp-caption-text\">Sonu\u00e7 a\u00e7\u0131klamalar\u0131<\/figcaption><\/figure>\n<p>E\u011fitim M\u00fcd\u00fcr\u00fc Yoshiki Tanaka \u015funlar\u0131 s\u00f6yledi:<\/p>\n<blockquote><p>\n&quot;Yeti\u015fkinler bile toplumun gelecekte nas\u0131l de\u011fi\u015fece\u011fini tahmin edemez.&quot;<\/p>\n<p>Hokuryu&#039;nun en b\u00fcy\u00fck hazinesinin ne oldu\u011funu d\u00fc\u015f\u00fcnd\u00fc\u011f\u00fcmde, de\u011fi\u015fime esnek bir \u015fekilde uyum sa\u011flama ve \u00e7ocuklar aras\u0131nda olumlu ili\u015fkiler kurma yetene\u011fi oldu\u011funu fark ettim.<\/p>\n<p>\u00c7ocuklar\u0131n ders konular\u0131n\u0131 veya gelenekleri \u00f6\u011frenmelerini sa\u011flamak yerine, onlar\u0131 insanlar\u0131 anlamay\u0131, ba\u015fkalar\u0131n\u0131n duygular\u0131n\u0131 anlamay\u0131 ve kendilerine de\u011fer vermeyi \u00f6\u011fretmek i\u00e7in bir ara\u00e7 olarak kullanmak istiyorum.<\/p>\n<p>&quot;Hi\u00e7bir kural yok. Biz de kural koymayaca\u011f\u0131z. Tek bir \u015fey var: &#039;Kendinize ve ba\u015fkalar\u0131na iyi bak\u0131n.&#039; Her \u015feyin bu ilkeye g\u00f6re kararla\u015ft\u0131r\u0131labilece\u011fi bir \u015fehir yaratmak istiyorum ve bu hedefe do\u011fru ilk ad\u0131m\u0131 att\u0131m.&quot;\n<\/p><\/blockquote>\n<p>Belediye Ba\u015fkan\u0131 Yasuhiro Sasaki \u015funlar\u0131 s\u00f6yledi:<\/p>\n<figure class=\"wp-caption aligncenter\"><a href=\"https:\/\/photos.google.com\/share\/AF1QipPoi1d2ioAs33VpZ7xAe4J16GC2I0m729eXQ8XcOEh_gd9fskpvrNJxaW8PwjPvZg\/photo\/AF1QipMJmRbhMYMQFl8RbS5-UrpscaZa2C8x_SJg48k?key=YkNxX3FxdWk4MXZodVZteHY0cktaTmV2WS0ydWxn\" target=\"_blank\"><img decoding=\"async\" src=\"https:\/\/lh3.googleusercontent.com\/pw\/AP1GczM8SZ9ST9u_SYJEnrgEPmJyZlhPlA3u5c0CoZeBg-Ur6VYqloECxrEUi4u_mu9WStKhmYH4Kd8uIyqko8Y_GjcZv0DIb30PL8UrNVLr7tLYaiANWvpSoT_x005waoki91jvHjN4LYphKXX7vRAjeLQI=w2000-h1333-s-no-gm?authuser=0\" width=\"2000\" height=\"1333\" alt=\"Kapan\u0131\u015f konu\u015fmas\u0131\" class=\"size-medium\" \/><\/a><figcaption class=\"wp-caption-text\">Kapan\u0131\u015f konu\u015fmas\u0131<\/figcaption><\/figure>\n<blockquote><p>\n&quot;Bence gen\u00e7ler sinirlenmiyor, tart\u0131\u015fm\u0131yor. \u00c7at\u0131\u015fmamak, ilerlememek anlam\u0131na geliyor diye d\u00fc\u015f\u00fcn\u00fcyorum. Bu tutkunun nas\u0131l tezah\u00fcr etti\u011fini yeni yeni ke\u015ffetmeye ba\u015flad\u0131k.&quot;<\/p>\n<p>Bebeklerin do\u011fduklar\u0131 andan itibaren Hokuryu&#039;yu g\u00f6rebilmeleri i\u00e7in bir yol yaratmal\u0131y\u0131z. Bu y\u00fczden bir resimli kitap haz\u0131rlad\u0131m. S\u0131f\u0131r ya\u015f\u0131ndan itibaren bebeklere sorular sormak istiyorum. Ruhlar\u0131n\u0131n daha da b\u00fcy\u00fcmesine, daha tutkulu olmalar\u0131na ve i\u00e7lerindeki ate\u015fi tutu\u015fturmalar\u0131na yard\u0131mc\u0131 olmak i\u00e7in \u00e7ok \u00e7al\u0131\u015faca\u011f\u0131m.<\/p>\n<p>Bu, ilk de\u011fi\u015fimi tetikleyecek b\u00f6l\u00fcm olabilir.&quot;<\/p><\/blockquote>\n<p>Son hat\u0131ra foto\u011fraf\u0131 \u00e7ekimi s\u0131ras\u0131nda, birisi &quot;Ya\u015fl\u0131lar \u00f6nde mi yoksa arkada m\u0131 olmal\u0131?&quot; diye sordu\u011funda kahkahalar y\u00fckseldi ve &quot;Bug\u00fcnk\u00fc \u00e7al\u0131\u015fmalar\u0131n\u0131z i\u00e7in te\u015fekk\u00fcr ederim&quot; ve &quot;Hepiniz \u00e7ok mutlu g\u00f6r\u00fcn\u00fcyorsunuz&quot; gibi s\u00f6zler sarf edildi; bulu\u015fma s\u0131cak ve birlik i\u00e7inde bir atmosferde sona erdi.<\/p>\n<p>&quot;\u0130ki saat u\u00e7up gitti. Umar\u0131m bir i\u00e7ki e\u015fli\u011finde eski an\u0131lar\u0131m\u0131z\u0131 payla\u015fabilir ve gelecek hakk\u0131nda konu\u015fabiliriz. Bug\u00fcn i\u00e7in \u00e7ok te\u015fekk\u00fcr ederim,&quot; dedi Terauchi.<\/p>\n<figure class=\"wp-caption aligncenter\"><a href=\"https:\/\/photos.google.com\/share\/AF1QipPoi1d2ioAs33VpZ7xAe4J16GC2I0m729eXQ8XcOEh_gd9fskpvrNJxaW8PwjPvZg\/photo\/AF1QipPLA35OkuPO5pi0DwHt1W0tfJW_DOTozxmxFWY?key=YkNxX3FxdWk4MXZodVZteHY0cktaTmV2WS0ydWxn\" target=\"_blank\"><img decoding=\"async\" src=\"https:\/\/lh3.googleusercontent.com\/pw\/AP1GczOj80X17MsoSPGUN3pVfawAeDJmYt4d8K52M4MT8CNH6ybYENX4BNeG0sFcHKHN3DKUx9jtVHGPr_newAb5KBYwxQf-k05Sg-cXx8U9xsAmkJDmBOWVyr2D4gXHiAl8TocmrX0aSxb_20rvTxw4WP6z=w2000-h1333-s-no-gm?authuser=0\" width=\"2000\" height=\"1333\" alt=\"Herkes kat\u0131ls\u0131n!\" class=\"size-medium\" \/><\/a><figcaption class=\"wp-caption-text\">Herkes kat\u0131ls\u0131n!<\/figcaption><\/figure>\n<h2>B\u00f6l\u00fcm 2: Sosyal Bulu\u015fma \u2013 Sohbet Dolu Bir Ak\u015fam<\/h2>\n<p>Sosyal bulu\u015fma saat 17:10&#039;da ba\u015flad\u0131. Herkes Hokuryu Onsen&#039;in s\u0131cak yemeklerinin tad\u0131n\u0131 \u00e7\u0131kar\u0131rken, canl\u0131 sohbet ortam\u0131 devam etti.<\/p>\n<figure class=\"wp-caption aligncenter\"><a href=\"https:\/\/photos.google.com\/share\/AF1QipPoi1d2ioAs33VpZ7xAe4J16GC2I0m729eXQ8XcOEh_gd9fskpvrNJxaW8PwjPvZg\/photo\/AF1QipOKxPt4Cg-8YLuRat4p1a3l5Hm3UIwrtIh_PRI?key=YkNxX3FxdWk4MXZodVZteHY0cktaTmV2WS0ydWxn\" target=\"_blank\"><img decoding=\"async\" src=\"https:\/\/lh3.googleusercontent.com\/pw\/AP1GczMn866tN6WTijc76z_NspWLJeehTfN_qminb2aFQd3I6tFhIvI1WO3zOBchi5UiOjk4qggacJ6Yz3J844pMTAwJFmGyR0oyFMYJneJudtJ3t8CIfg3PwkaHK-mvSylzJSr6yHBgVN_JNqlC9i4Z6hmu=w2000-h1500-s-no-gm?authuser=0\" width=\"2000\" height=\"1500\" alt=\"Sosyal etkinlikte!\" class=\"size-medium\" \/><\/a><figcaption class=\"wp-caption-text\">Sosyal etkinlikte!<\/figcaption><\/figure>\n<figure class=\"wp-caption aligncenter\"><a href=\"https:\/\/photos.google.com\/share\/AF1QipPoi1d2ioAs33VpZ7xAe4J16GC2I0m729eXQ8XcOEh_gd9fskpvrNJxaW8PwjPvZg\/photo\/AF1QipO71EfmLH17dhXLavohuopcELA0SQ3k3iBdzeA?key=YkNxX3FxdWk4MXZodVZteHY0cktaTmV2WS0ydWxn\" target=\"_blank\"><img decoding=\"async\" src=\"https:\/\/lh3.googleusercontent.com\/pw\/AP1GczNfmPZWzc1J0BZFHkFx_drg2DR5HQ9otwr_nmEaRa2SR1uDxNrI-OCXM89GWe8cU3murXbAIIMyyJsqgot-0cydVnoFpQ1FoMGZoCf_9YxP7hxMTtlu9X1fzvzTjdmm0yB6oymaSKY9tLnesO3o8Fcr=w2000-h1500-s-no-gm?authuser=0\" width=\"2000\" height=\"1500\" alt=\"Hokuryu Kasabas\u0131&#039;n\u0131n ruhu, uyumlu sohbetler yoluyla nesilden nesile aktar\u0131ld\u0131.\" class=\"size-medium\" \/><\/a><figcaption class=\"wp-caption-text\">Hokuryu Kasabas\u0131&#039;n\u0131n ruhu, uyumlu sohbetler yoluyla nesilden nesile aktar\u0131ld\u0131.<\/figcaption><\/figure>\n<h2>Hokuryu&#039;nun ruhu nesilden nesile aktar\u0131ld\u0131.<\/h2>\n<p>Toplant\u0131 sona erdikten sonra, orada toplanan on ki\u015finin kalbinde kalan \u015fey, kelimelerle ifade edilmesi zor bir duyguydu.<\/p>\n<p>Hokuryu Kasabas\u0131&#039;n\u0131n ruhu nedir? Bu, \u00f6nc\u00fcl\u00fc\u011f\u00fcn zorluklar\u0131, tar\u0131m teknikleri veya spor rekorlar\u0131 de\u011fildir.<br \/>\n\u3000<\/p>\n<ul>\n<li>Shoichiro Yoshiue, 28 ya\u015f\u0131nda, \u00e7apas\u0131n\u0131 u\u00e7suz bucaks\u0131z bir bakir ormana saplad\u0131.<\/li>\n<li>Ya\u015fl\u0131 Mitsuo Goto&#039;nun su getirirken, &quot;Kurba\u011falar\u0131n v\u0131raklad\u0131\u011f\u0131 yerde pirin\u00e7 yeti\u015fir&quot; dedi\u011fi hikaye.<\/li>\n<li>Masayuki Okura&#039;n\u0131n 34 ya\u015f\u0131nda, d\u00f6rt lamban\u0131n alt\u0131nda iki eliyle abak\u00fcs kullanarak hayat\u0131na son vermesi ger\u00e7e\u011fi.<\/li>\n<li>Geri d\u00f6nenler, \u00fczerlerindeki k\u0131yafetlerden ba\u015fka hi\u00e7bir \u015fey almadan Man\u00e7urya&#039;dan ka\u00e7t\u0131lar, Ichinosawa&#039;n\u0131n \u0131ss\u0131z tarlalar\u0131n\u0131 i\u015flediler ve tek ama\u00e7lar\u0131 beyaz pirin\u00e7 yemek olana kadar su haklar\u0131 i\u00e7in m\u00fccadele ettiler.<\/li>\n<li>Yoksul bir k\u00f6yde, bir gen\u00e7lik grubu \u00fcyelerinin seyahat masraflar\u0131n\u0131 kar\u015f\u0131lamak i\u00e7in bir e\u011flence g\u00f6sterisi d\u00fczenledi.<\/li>\n<li>Say\u0131n Miaki Sato&#039;nun &quot;Tar\u0131m, insanlar i\u00e7in g\u00fcvenli g\u0131da \u00fcretmekle ilgilidir&quot; \u015feklindeki tek bir s\u00f6z\u00fc, Say\u0131n Ryoji Okura&#039;n\u0131n tar\u0131m alan\u0131ndaki hayat\u0131n\u0131 de\u011fi\u015ftirdi.<\/li>\n<li>Demans hastas\u0131 bir ki\u015finin ailesine, kasabadan tamamen yabanc\u0131 olan ve zamanlar\u0131n\u0131 g\u00f6n\u00fcll\u00fc olarak ay\u0131ran ki\u015filer taraf\u0131ndan s\u0131cak bir destek verildi.<\/li>\n<\/ul>\n<p>\u3000<br \/>\nBu eylemlerin her birinin alt\u0131nda s\u0131cak bir kalp, sadece kendine de\u011fil, ba\u015fkalar\u0131na ve gelece\u011fe y\u00f6nelik bir arzu yat\u0131yordu.<\/p>\n<p>Hokkaido&#039;nun Hokuryu kasabas\u0131nda ya\u015fayanlar &quot;uyum&quot; veya &quot;\u015fefkat&quot; gibi kavramlar\u0131 \u00f6zel bir \u015fey olarak g\u00f6rmezler. Onlar sadece her g\u00fcn\u00fc \u00f6zenle ve ba\u015fkalar\u0131n\u0131 d\u00fc\u015f\u00fcnerek ya\u015farlar.<\/p>\n<p>Ama i\u015fte bu, g\u00fcn\u00fcm\u00fczde \u00e7ok de\u011ferli olan \u015feydir. Ay\u00e7i\u00e7e\u011fi gibi, g\u00fcne\u015f gibi s\u0131cak bir kalptir.<\/p>\n<p>Bug\u00fcn s\u00f6ylenen s\u00f6zler, Hokuryu Kasaba Portal\u0131 arac\u0131l\u0131\u011f\u0131yla Japonya ve t\u00fcm d\u00fcnyaya yay\u0131nlanacakt\u0131r. 140 \u00fclkeye ula\u015fan Hokuryu&#039;nun seslerinin, d\u00fcnyan\u0131n bir yerinde birilerinin kalbine dokunmas\u0131n\u0131 ve empati \u00e7emberi olu\u015fturmas\u0131n\u0131 i\u00e7tenlikle umuyoruz.<\/p>\n<p>Hokuryu Kasabas\u0131&#039;n\u0131n ruhu nesilden nesile aktar\u0131lacak.<\/p>\n<p>Kalplerimiz g\u00fcne\u015f kadar s\u0131cak, Hokuryu Kasabas\u0131&#039;n\u0131n b\u00fcy\u00fck ruhuna sonsuz sevgimizi, \u015f\u00fckranlar\u0131m\u0131z\u0131 ve dualar\u0131m\u0131z\u0131 sunuyoruz; onlar\u0131n \u00f6yk\u00fcleri nesilden nesile aktar\u0131lacak.<\/p>\n<h2>Youtube videolar\u0131<\/h2>\n<div class=\"youtube\"><iframe title=\"Hokuryu Kasabas\u0131&#039;n\u0131n ruhunu gelecek nesillere aktarmak \u2014 Atalar\u0131m\u0131z\u0131n \u00f6nc\u00fcl\u00fck, yemek, spor ve Japon ruhu hakk\u0131ndaki s\u00f6zleri.\" src=\"https:\/\/www.youtube.com\/embed\/2Wv8R_jxFJU?feature=oembed\" frameborder=\"0\" allow=\"accelerometer; autoplay; clipboard-write; encrypted-media; gyroscope; picture-in-picture; web-share\" referrerpolicy=\"strict-origin-when-cross-origin\" allowfullscreen><\/iframe><\/div>\n<h2>Di\u011fer foto\u011fraflar<\/h2>\n<div class=\"img-move\"><img decoding=\"async\" style=\"vertical-align: middle;\" src=\"https:\/\/ehokkaido.net\/wp-content\/uploads\/2021\/12\/2021-12-06-11.41.12.png\" \/> <a href=\"\" target=\"_blank\" rel=\"noopener noreferrer\">\u0130\u015fte Hokuryu Kasabas\u0131 Ruh Koruma Derne\u011fi&#039;nden 10 foto\u011fraf &gt;&gt;<\/a><\/div>\n<h2>\u0130lgili makaleler<\/h2>\n\n        <div class=\"site-blogcard-premium\">\n            <div class=\"bc-label-custom\">\u0130lgili makaleler<\/div>\n            <div class=\"bc-flex-container\">\n                <div class=\"bc-main-text\">\n                    <div class=\"bc-title-link-box\">\n                        <a href=\"https:\/\/portal.hokuryu.info\/tr\/kategori\/town-life\/kamu-gorevlisi\/sasaki-yasuhiro-belediye-baskani\/\" target=\"_blank\">Hokuryu Kasabas\u0131 Belediye Ba\u015fkan\u0131 Yasuhiro Sasaki&#039;nin faaliyet raporu (kategori)<\/a>\n                    <\/div>\n                    <div class=\"bc-excerpt-box\">Bu, Hokkaido, Hokuryu Kasabas\u0131 Belediye Ba\u015fkan\u0131 Yasuhiro Sasaki&#039;nin (22 \u015eubat 2024&#039;te atanm\u0131\u015ft\u0131r) faaliyetlerine ili\u015fkin bir rapordur.\n<\/div>\n                <\/div>\n                <div class=\"bc-thumbnail-box\">\n                    <a href=\"https:\/\/portal.hokuryu.info\/tr\/kategori\/town-life\/kamu-gorevlisi\/sasaki-yasuhiro-belediye-baskani\/\" target=\"_blank\">\n                        <div class=\"bc-img-zoom-wrap\">\n                            <img decoding=\"async\" src=\"https:\/\/portal.hokuryu.info\/wp\/wp-content\/uploads\/2026\/02\/20230802DSC06445_1.jpg\" alt=\"Hokuryu Kasabas\u0131 Belediye Ba\u015fkan\u0131 Yasuhiro Sasaki&#039;nin faaliyet raporu (kategori)\">\n                        <\/div>\n                    <\/a>\n                <\/div>\n            <\/div>\n        <\/div>\n\n        <div class=\"site-blogcard-premium\">\n            <div class=\"bc-label-custom\">\u0130lgili makaleler<\/div>\n            <div class=\"bc-flex-container\">\n                <div class=\"bc-main-text\">\n                    <div class=\"bc-title-link-box\">\n                        <a href=\"https:\/\/portal.hokuryu.info\/tr\/71816\/\" target=\"_blank\">https:\/\/portal.hokuryu.info\/71816<\/a>\n                    <\/div>\n                    <div class=\"bc-excerpt-box\">Sayfa bilgileri al\u0131namad\u0131.<\/div>\n                <\/div>\n                <div class=\"bc-thumbnail-box\">\n                    <a href=\"https:\/\/portal.hokuryu.info\/tr\/71816\/\" target=\"_blank\">\n                        <div class=\"bc-img-zoom-wrap\">\n                            <img decoding=\"async\" src=\"https:\/\/portal.hokuryu.info\/wp\/wp-content\/uploads\/2026\/02\/20230802DSC06445_1.jpg\" alt=\"https:\/\/portal.hokuryu.info\/71816\">\n                        <\/div>\n                    <\/a>\n                <\/div>\n            <\/div>\n        <\/div>\n\n        <div class=\"site-blogcard-premium\">\n            <div class=\"bc-label-custom\">\u0130lgili makaleler<\/div>\n            <div class=\"bc-flex-container\">\n                <div class=\"bc-main-text\">\n                    <div class=\"bc-title-link-box\">\n                        <a href=\"https:\/\/portal.hokuryu.info\/tr\/70781\/\" target=\"_blank\">https:\/\/portal.hokuryu.info\/70781<\/a>\n                    <\/div>\n                    <div class=\"bc-excerpt-box\">Sayfa bilgileri al\u0131namad\u0131.<\/div>\n                <\/div>\n                <div class=\"bc-thumbnail-box\">\n                    <a href=\"https:\/\/portal.hokuryu.info\/tr\/70781\/\" target=\"_blank\">\n                        <div class=\"bc-img-zoom-wrap\">\n                            <img decoding=\"async\" src=\"https:\/\/portal.hokuryu.info\/wp\/wp-content\/uploads\/2026\/02\/20230802DSC06445_1.jpg\" alt=\"https:\/\/portal.hokuryu.info\/70781\">\n                        <\/div>\n                    <\/a>\n                <\/div>\n            <\/div>\n        <\/div>\n\n        <div class=\"site-blogcard-premium\">\n            <div class=\"bc-label-custom\">\u0130lgili makaleler<\/div>\n            <div class=\"bc-flex-container\">\n                <div class=\"bc-main-text\">\n                    <div class=\"bc-title-link-box\">\n                        <a href=\"https:\/\/portal.hokuryu.info\/tr\/hokuryu-himawari-rice-pc.html\/\" target=\"_blank\">46. Japonya Tar\u0131m \u00d6d\u00fclleri&#039;nde B\u00fcy\u00fck \u00d6d\u00fcl kazanan Hokuryu Ay\u00e7i\u00e7e\u011fi Pirin\u00e7 \u00dcreticileri Derne\u011fi&#039;nin (Hokuryu Kasabas\u0131, Hokkaido) faaliyetleri (toplu organizasyon) - Hokuryu Kasabas\u0131 Portal\u0131 (Hokkaido) - Japonya&#039;n\u0131n 1 numaral\u0131 ay\u00e7i\u00e7e\u011fi k\u00f6y\u00fc<\/a>\n                    <\/div>\n                    <div class=\"bc-excerpt-box\">46. Japonya Tar\u0131m \u00d6d\u00fclleri&#039;nde B\u00fcy\u00fck \u00d6d\u00fcl kazanan &quot;Hokuryu Ay\u00e7i\u00e7ekli Pirin\u00e7 \u00dcretim Kooperatifi&quot;nin faaliyetlerini aktaraca\u011f\u0131z. Milletin ya\u015fam\u0131na ve sa\u011fl\u0131\u011f\u0131na katk\u0131da bulunuyorlar...<\/div>\n                <\/div>\n                <div class=\"bc-thumbnail-box\">\n                    <a href=\"https:\/\/portal.hokuryu.info\/tr\/hokuryu-himawari-rice-pc.html\/\" target=\"_blank\">\n                        <div class=\"bc-img-zoom-wrap\">\n                            <img decoding=\"async\" src=\"https:\/\/lh3.googleusercontent.com\/H2Ry25wDRS2jSSZfUr8ZAb_m38KRp52oHaD27YbisffsTB7ATGcaIrhjSIc-sBTowNLvg4pUjFmttjNX5UbYRyQY4XenvnYsWMHqS1ljSWPjRBr0Y0l7BDCZXJ_g1Bc3nMdE-Qy93uXnmVQ16T-7gPwVqzCcSiE6oschyORti6585nd4VqjcVKzzFmtJRhN09MlT3M7sxQuS_zfaLP2HHoZPXXiD1j3cysSrUi3ovVj81bV4JzraQWbGKUp6NaZvbxaskvMgY9WCj5qny7yHj0-3G5P1xOUBrdILhRa3Dqp8BA6Ma3-b58B2OOdGpGaIq7LRSpJVZehHS07kgsDF9S-Az3WcY36G7Bw5J8O6m8Qo41ktVgWVXdMEpcCVJeGo51GqNLEYeWr1vUC2uMYz4__f3MNkqS6Xi_5OjBFwPuR_CQvpdqkrHGBD0Ffj1fgoVYmTKCfQTQPBU9OTcliXVYEMkbo5DGRY8ex4shfTV-cffLxBkjfLTmPhbhMkDhT4YsBXYn0KLldd1XxFo9-GQALfUve_gNm9g_rrQNwfCxWVDUZPkxDyNvhHeODRhcqRc0D9L8eSljH9DUJajEatQ8tm_3OuAx5Y4U3YgIlh9uRzJ5lQqTuYke6SyNGniz9xxFt5-aimRSGtZFXIWBrvlOiyMt7O0CfkFEfcBEvODg=w803-h133-no\" alt=\"46. Japonya Tar\u0131m \u00d6d\u00fclleri&#039;nde B\u00fcy\u00fck \u00d6d\u00fcl kazanan Hokuryu Ay\u00e7i\u00e7e\u011fi Pirin\u00e7 \u00dcreticileri Derne\u011fi&#039;nin (Hokuryu Kasabas\u0131, Hokkaido) faaliyetleri (toplu organizasyon) - Hokuryu Kasabas\u0131 Portal\u0131 (Hokkaido) - Japonya&#039;n\u0131n 1 numaral\u0131 ay\u00e7i\u00e7e\u011fi k\u00f6y\u00fc\">\n                        <\/div>\n                    <\/a>\n                <\/div>\n            <\/div>\n        <\/div>\n\n        <div class=\"site-blogcard-premium\">\n            <div class=\"bc-label-custom\">\u0130lgili makaleler<\/div>\n            <div class=\"bc-flex-container\">\n                <div class=\"bc-main-text\">\n                    <div class=\"bc-title-link-box\">\n                        <a href=\"https:\/\/portal.hokuryu.info\/tr\/31230\/\" target=\"_blank\">https:\/\/portal.hokuryu.info\/31230<\/a>\n                    <\/div>\n                    <div class=\"bc-excerpt-box\">Sayfa bilgileri al\u0131namad\u0131.<\/div>\n                <\/div>\n                <div class=\"bc-thumbnail-box\">\n                    <a href=\"https:\/\/portal.hokuryu.info\/tr\/31230\/\" target=\"_blank\">\n                        <div class=\"bc-img-zoom-wrap\">\n                            <img decoding=\"async\" src=\"https:\/\/portal.hokuryu.info\/wp\/wp-content\/uploads\/2026\/02\/20230802DSC06445_1.jpg\" alt=\"https:\/\/portal.hokuryu.info\/31230\">\n                        <\/div>\n                    <\/a>\n                <\/div>\n            <\/div>\n        <\/div>\n\n        <div class=\"site-blogcard-premium\">\n            <div class=\"bc-label-custom\">\u0130lgili makaleler<\/div>\n            <div class=\"bc-flex-container\">\n                <div class=\"bc-main-text\">\n                    <div class=\"bc-title-link-box\">\n                        <a href=\"https:\/\/portal.hokuryu.info\/tr\/kategori\/digerleri\/sano-yutaka-eski-belediye-baskani\/\" target=\"_blank\">Hokuryu Kasabas\u0131 eski Belediye Ba\u015fkan\u0131 Yutaka Sano&#039;nun faaliyet raporu (kategori)<\/a>\n                    <\/div>\n                    <div class=\"bc-excerpt-box\">Hokuryu Belediye Ba\u015fkan\u0131 Yutaka Sano&#039;nun faaliyet raporlar\u0131n\u0131n Facebook sayfas\u0131 kar\u015f\u0131n\u0131zda.\n<\/div>\n                <\/div>\n                <div class=\"bc-thumbnail-box\">\n                    <a href=\"https:\/\/portal.hokuryu.info\/tr\/kategori\/digerleri\/sano-yutaka-eski-belediye-baskani\/\" target=\"_blank\">\n                        <div class=\"bc-img-zoom-wrap\">\n                            <img decoding=\"async\" src=\"https:\/\/portal.hokuryu.info\/wp\/wp-content\/uploads\/2026\/02\/20230802DSC06445_1.jpg\" alt=\"Hokuryu Kasabas\u0131 eski Belediye Ba\u015fkan\u0131 Yutaka Sano&#039;nun faaliyet raporu (kategori)\">\n                        <\/div>\n                    <\/a>\n                <\/div>\n            <\/div>\n        <\/div>\n\n        <div class=\"site-blogcard-premium\">\n            <div class=\"bc-label-custom\">\u0130lgili makaleler<\/div>\n            <div class=\"bc-flex-container\">\n                <div class=\"bc-main-text\">\n                    <div class=\"bc-title-link-box\">\n                        <a href=\"https:\/\/portal.hokuryu.info\/tr\/personal_history_no9\/3.html\/\" target=\"_blank\">Kazuo Kimura&#039;n\u0131n &quot;Otobiyografisi&quot; - Hokuryu Town Portal (Hokkaido) - Japonya&#039;n\u0131n 1 Numaral\u0131 Ay\u00e7i\u00e7e\u011fi K\u00f6y\u00fc<\/a>\n                    <\/div>\n                    <div class=\"bc-excerpt-box\">2.100 n\u00fcfuslu ve 401.300 ki\u015filik ya\u015flanma oran\u0131na sahip, canl\u0131 bir kasaban\u0131n &quot;bug\u00fcnk\u00fc&quot; halini sizlere sunuyoruz. Ay\u00e7i\u00e7ekleri gibi, aileler uyum i\u00e7inde ya\u015f\u0131yor...<\/div>\n                <\/div>\n                <div class=\"bc-thumbnail-box\">\n                    <a href=\"https:\/\/portal.hokuryu.info\/tr\/personal_history_no9\/3.html\/\" target=\"_blank\">\n                        <div class=\"bc-img-zoom-wrap\">\n                            <img decoding=\"async\" src=\"https:\/\/lh4.googleusercontent.com\/-BnO1h5nb26o\/Ut23lzy1oCI\/AAAAAAABACs\/DeqsQi_Vz30\/w1310-h873-no\/NEX7+41119\" alt=\"Kazuo Kimura&#039;n\u0131n &quot;Otobiyografisi&quot; - Hokuryu Town Portal (Hokkaido) - Japonya&#039;n\u0131n 1 Numaral\u0131 Ay\u00e7i\u00e7e\u011fi K\u00f6y\u00fc\">\n                        <\/div>\n                    <\/a>\n                <\/div>\n            <\/div>\n        <\/div>\n\n        <div class=\"site-blogcard-premium\">\n            <div class=\"bc-label-custom\">\u0130lgili makaleler<\/div>\n            <div class=\"bc-flex-container\">\n                <div class=\"bc-main-text\">\n                    <div class=\"bc-title-link-box\">\n                        <a href=\"https:\/\/portal.hokuryu.info\/tr\/3412\/\" target=\"_blank\">https:\/\/portal.hokuryu.info\/3412<\/a>\n                    <\/div>\n                    <div class=\"bc-excerpt-box\">Sayfa bilgileri al\u0131namad\u0131.<\/div>\n                <\/div>\n                <div class=\"bc-thumbnail-box\">\n                    <a href=\"https:\/\/portal.hokuryu.info\/tr\/3412\/\" target=\"_blank\">\n                        <div class=\"bc-img-zoom-wrap\">\n                            <img decoding=\"async\" src=\"https:\/\/portal.hokuryu.info\/wp\/wp-content\/uploads\/2026\/02\/20230802DSC06445_1.jpg\" alt=\"https:\/\/portal.hokuryu.info\/3412\">\n                        <\/div>\n                    <\/a>\n                <\/div>\n            <\/div>\n        <\/div>\n<div class=\"img-move\">\n<a href=\"https:\/\/portal.hokuryu.info\/tr\/62509\/\">\ud83d\udd8b\ufe0f \u0130\u00e7erik planlama, makale yaz\u0131m\u0131, foto\u011fraf se\u00e7imi ve video olu\u015fturma: Ikuko Terauchi<img decoding=\"async\" style=\"vertical-align: middle;\" src=\"https:\/\/ehokkaido.net\/wp-content\/uploads\/2021\/12\/2021-12-06-11.41.12.png\" \/> Foto\u011fraf\u00e7\u0131l\u0131k, d\u00fczenleme ve web sitesi y\u00f6netimi: Noboru Terauchi<\/a><\/div>\n<p>\u25c7<\/p>","protected":false},"excerpt":{"rendered":"<p>2026\u5e744\u67081\u65e5\uff08\u6c34\uff09 3\u670827\u65e5\uff08\u91d1\uff09\u3001\u30b5\u30f3\u30d5\u30e9\u30ef\u30fc\u30d1\u30fc\u30af\u5317\u7adc\u6e29\u6cc9\u306b8\u540d\u304c\u96c6\u307e\u308a\u3001\u300c\u5317\u7adc\u753a\u306e\u9b42\u3092\u8a9e\u308a\u7d99\u3050\u4f1a\u300d\u304c\u958b\u50ac\u3055\u308c\u307e\u3057\u305f\u3002\u540d\u8a89\u753a\u6c11\u30fb\u753a\u9577\u30fb\u6559\u80b2\u9577\u30fb\u5143\u753a\u9577\u30fb\u958b\u62d3\u8005\u306e\u5b50\u5b6b\u30fb\u8a8d\u77e5\u75c7\u652f\u63f4\u306e\u5148\u99c6\u8005\u307e\u3067\u3001 [&hellip;]<\/p>\n","protected":false},"author":1,"featured_media":72493,"comment_status":"open","ping_status":"open","sticky":false,"template":"","format":"standard","meta":{"footnotes":""},"categories":[4,5,84,15],"tags":[],"class_list":["post-72492","post","type-post","status-publish","format-standard","has-post-thumbnail","hentry","category-cover-story","category-sano-yutaka-formermayor","category-inspectiontour","category-hokuryu-townsman"],"_links":{"self":[{"href":"https:\/\/portal.hokuryu.info\/tr\/wp-json\/wp\/v2\/posts\/72492","targetHints":{"allow":["GET"]}}],"collection":[{"href":"https:\/\/portal.hokuryu.info\/tr\/wp-json\/wp\/v2\/posts"}],"about":[{"href":"https:\/\/portal.hokuryu.info\/tr\/wp-json\/wp\/v2\/types\/post"}],"author":[{"embeddable":true,"href":"https:\/\/portal.hokuryu.info\/tr\/wp-json\/wp\/v2\/users\/1"}],"replies":[{"embeddable":true,"href":"https:\/\/portal.hokuryu.info\/tr\/wp-json\/wp\/v2\/comments?post=72492"}],"version-history":[{"count":44,"href":"https:\/\/portal.hokuryu.info\/tr\/wp-json\/wp\/v2\/posts\/72492\/revisions"}],"predecessor-version":[{"id":72761,"href":"https:\/\/portal.hokuryu.info\/tr\/wp-json\/wp\/v2\/posts\/72492\/revisions\/72761"}],"wp:featuredmedia":[{"embeddable":true,"href":"https:\/\/portal.hokuryu.info\/tr\/wp-json\/wp\/v2\/media\/72493"}],"wp:attachment":[{"href":"https:\/\/portal.hokuryu.info\/tr\/wp-json\/wp\/v2\/media?parent=72492"}],"wp:term":[{"taxonomy":"category","embeddable":true,"href":"https:\/\/portal.hokuryu.info\/tr\/wp-json\/wp\/v2\/categories?post=72492"},{"taxonomy":"post_tag","embeddable":true,"href":"https:\/\/portal.hokuryu.info\/tr\/wp-json\/wp\/v2\/tags?post=72492"}],"curies":[{"name":"wp","href":"https:\/\/api.w.org\/{rel}","templated":true}]}}