{"id":70330,"date":"2026-03-05T15:36:47","date_gmt":"2026-03-05T06:36:47","guid":{"rendered":"https:\/\/portal.hokuryu.info\/?p=70330"},"modified":"2026-03-13T05:34:17","modified_gmt":"2026-03-12T20:34:17","slug":"%e3%81%b2%e3%81%be%e3%82%8f%e3%82%8a%e3%81%ae%e9%87%8c%e3%81%ab%e6%96%b0%e3%81%9f%e3%81%aa%e9%bc%93%e5%8b%95%e3%82%92%e3%80%82100%e5%b9%b4%e3%81%ae%e6%9c%aa%e6%9d%a5%e3%82%92%e7%94%ba%e6%b0%91","status":"publish","type":"post","link":"https:\/\/portal.hokuryu.info\/tr\/70330\/","title":{"rendered":"Himawari no Sato&#039;da yeni bir heyecan. Kasaba halk\u0131yla birlikte 100 y\u0131ll\u0131k gelece\u011fi yaratmak: &quot;Wakuwaku Gelecek Yaratma Merkezi (ge\u00e7ici isim)&quot; Biwagyu E\u011fitim Merkezi&#039;nde sakinlere y\u00f6nelik bilgilendirme toplant\u0131s\u0131."},"content":{"rendered":"<p>Per\u015fembe, 5 Mart 2026<\/p>\n<h2>Himawari no Sato i\u00e7in yeni bir soluk: &quot;Wakuwaku Gelecek Yarat\u0131m Merkezi (ge\u00e7ici isim)&quot; i\u00e7in yerel halka y\u00f6nelik bilgilendirme toplant\u0131s\u0131 - kasaba halk\u0131yla birlikte 100 y\u0131ll\u0131k bir gelecek in\u015fa etmek.<\/h2>\n<div class=\"ep-box es-BpaperRight es-grid bgc-VPsky\">&quot;Ay\u00e7i\u00e7e\u011fi K\u00f6y\u00fc&quot;, Hokkaido&#039;daki Hokuryu Kasabas\u0131&#039;n\u0131n gurur kayna\u011f\u0131d\u0131r. Kalbinde, \u00f6n\u00fcm\u00fczdeki 100 y\u0131la y\u00f6nelik olarak &quot;Wakuwaku Gelecek Yarat\u0131m Merkezi (ge\u00e7ici isim)&quot; ad\u0131nda yeni bir topluluk merkezi in\u015fa edilmek \u00fczere. 3 Mart Sal\u0131 g\u00fcn\u00fc Mibaushi E\u011fitim Merkezi&#039;nde d\u00fczenlenen sakinler bilgilendirme toplant\u0131s\u0131 sadece bir proje raporu de\u011fildi; her bir kasaba sakininin &quot;uyum ruhu&quot; ve &quot;\u015fefkatinin&quot; kesi\u015fti\u011fi, ilham verici bir ortak yarat\u0131m forumuydu. Tekerlekli sandalye eri\u015filebilirli\u011finden boz ay\u0131lar\u0131n \u00f6nlenmesine ve kamp alan\u0131 geli\u015ftirilmesine kadar, hararetli tart\u0131\u015fmalar\u0131n ve Hokuryu Kasabas\u0131&#039;n\u0131n her nesilden insan\u0131n sevece\u011fi bir tesis yaratma konusundaki tutkulu \u00e7abalar\u0131n\u0131n t\u00fcm \u00f6yk\u00fcs\u00fcn\u00fc sizlere sunuyoruz.<\/div>\n<p>3 Mart Sal\u0131 g\u00fcn\u00fc saat 18:30&#039;da, h\u00e2l\u00e2 so\u011fuk olan r\u00fczgara bahar\u0131n hafif kokusu kar\u0131\u015fmaya ba\u015flam\u0131\u015ft\u0131. Hokkaido&#039;nun Hokuryu kasabas\u0131ndaki Miwa S\u0131\u011f\u0131r Yeti\u015ftirme Merkezi&#039;nde, i\u015flerini bitirmekle veya bahar \u00e7iftlik i\u015flerine haz\u0131rlanmakla me\u015fgul olmalar\u0131na ra\u011fmen, yakla\u015f\u0131k 15 yerel sakin sessizce, ancak b\u00fcy\u00fck bir heyecanla bir araya gelmi\u015fti.<\/p>\n<p>Bug\u00fcn, her y\u0131l bir\u00e7ok insan\u0131n y\u00fcz\u00fcne g\u00fcl\u00fcmseme ve heyecan getiren Hokuryu Kasabas\u0131&#039;n\u0131n sembol\u00fc olan &quot;Ay\u00e7i\u00e7e\u011fi K\u00f6y\u00fc&quot;n\u00fcn gelece\u011fine dair yeni bir vizyon olan &quot;Wakuwaku Gelecek Yarat\u0131m Merkezi (ge\u00e7ici ad)&quot;nin temel tasar\u0131m\u0131n\u0131 (tasla\u011f\u0131n\u0131) a\u00e7\u0131klamak \u00fczere halka a\u00e7\u0131k bir bilgilendirme toplant\u0131s\u0131 d\u00fczenledik. Toplant\u0131ya Belediye Ba\u015fkan\u0131 Yasuhiro Sasaki, Belediye Ba\u015fkan Yard\u0131mc\u0131s\u0131 Masaaki Okuda, Genel Politika Sorumlusu Katsuyoshi Takahashi, Sanayi B\u00f6l\u00fcm\u00fc Ba\u015fkan\u0131 Junichi Iguchi, \u0130n\u015faat B\u00f6l\u00fcm\u00fc Ba\u015fkan\u0131 Masahiro Kawada ve B\u00f6l\u00fcm \u015eefi Yoshihiro Ichiba kat\u0131ld\u0131. Bilgilendirme toplant\u0131s\u0131 saat 20:00&#039;ye kadar b\u00fcy\u00fck bir heyecanla devam etti.<\/p>\n<p>Bu etkinli\u011fin ard\u0131ndan, 4 Mart \u00c7ar\u015famba g\u00fcn\u00fc Aomizu Ikigai Merkezi&#039;nde ve 6 Mart Cuma g\u00fcn\u00fc Toplum Merkezi&#039;nde halka a\u00e7\u0131k bir bilgilendirme toplant\u0131s\u0131 d\u00fczenlenmesi planlanmaktad\u0131r.<\/p>\n<figure class=\"wp-caption aligncenter\"><a href=\"https:\/\/photos.google.com\/share\/AF1QipOTMje2qzC5N25Xp-TOhAYKyp_VFpFCSH7nfJS537C62rq2jk4-qNREFZ9VDo-aNA\/photo\/AF1QipPpzTnz0hmCVp25ZaTGrvApk3CDubHgGt226jI?key=QUZQcjlvVktUZGVuYmp4TVMtVlN3TkVEcUlOVXFB\" target=\"_blank\"><img decoding=\"async\" src=\"https:\/\/lh3.googleusercontent.com\/pw\/AP1GczPFEn4WM176QM58gN0DycryFul6Vse3RBPbXhl954NM-4-53U0EMR6PyTVS9KjZ4qVZcDlUoIRNGwWURdc3aSfxZ6xVZacgSlS94WqXNANoDrYju4H5jF1Y9GdhPYKOozsW0ap1shXc3oAPLOQerAhP=w2000-h1333-s-no-gm?authuser=0\" width=\"2000\" height=\"1333\" alt=\"Wakuwaku Gelecek Yarat\u0131m Merkezi (ge\u00e7ici isim) Sakinleri Bilgilendirme Toplant\u0131s\u0131\" class=\"size-medium\" \/><\/a><figcaption class=\"wp-caption-text\">Wakuwaku Gelecek Yarat\u0131m Merkezi (ge\u00e7ici isim) Sakinleri Bilgilendirme Toplant\u0131s\u0131<\/figcaption><\/figure>\n<p>Mekana ad\u0131m\u0131m\u0131 att\u0131\u011f\u0131m anda, Hokuryu Kasabas\u0131na \u00f6zg\u00fc o al\u0131\u015f\u0131lm\u0131\u015f s\u0131cak atmosferle kar\u015f\u0131land\u0131m. \u0130nsanlar birbirlerine bak\u0131yor, takdir s\u00f6zleri payla\u015f\u0131yor ve soban\u0131n s\u0131cakl\u0131\u011f\u0131 e\u015fli\u011finde i\u00e7lerini d\u00f6k\u00fcyorlard\u0131.<\/p>\n<p>G\u00fcn\u00fcm\u00fcz toplumunda verimlilik ve h\u0131z\u0131n \u00f6ncelik kazand\u0131\u011f\u0131 bir ortamda, bu kasaba, insanlar\u0131n bir araya gelme ve y\u00fcz y\u00fcze g\u00f6r\u00fc\u015fme eylemine sayg\u0131 duyan ve bunu \u00f6nemseyen derin bir &quot;uyum ruhu&quot; ile canl\u0131d\u0131r.<\/p>\n<p>Mibaushi b\u00f6lgesinin sakinleri bu e\u011fitim merkezini her zaman \u00e7ok temiz tutuyor ve ona iyi bak\u0131yorlar; kasabalar\u0131na duyduklar\u0131 sevgi ve topluluk olarak duyduklar\u0131 gurur bu mek\u00e2nda a\u00e7\u0131k\u00e7a g\u00f6r\u00fcl\u00fcyor.<\/p>\n<p>Planlanan saat 18:30&#039;du.<br \/>\nBrifing, Belediye Ba\u015fkan Yard\u0131mc\u0131s\u0131 Okuda&#039;n\u0131n sakin ama etkili bir selamlama konu\u015fmas\u0131yla ba\u015flad\u0131.<\/p>\n<figure class=\"wp-caption aligncenter\"><a href=\"https:\/\/photos.google.com\/share\/AF1QipOTMje2qzC5N25Xp-TOhAYKyp_VFpFCSH7nfJS537C62rq2jk4-qNREFZ9VDo-aNA\/photo\/AF1QipO3GUtDFEup2Wttxd8kGMS5vJOQ3JV7McvrQGA?key=QUZQcjlvVktUZGVuYmp4TVMtVlN3TkVEcUlOVXFB\" target=\"_blank\"><img decoding=\"async\" src=\"https:\/\/lh3.googleusercontent.com\/pw\/AP1GczM6bm6unU4iW19aX86zFsLz7yRQCEgbKJLdIg4J0bzlxff1eTXSEx71fAl1qFvHe-xgHhdr7nrrwaPumzo6dBsgapnFLpNlcBkNFQB6yNoDJUQetOgKm51Qp5iZo6RK0ov4VkopkpWHcAJS_VKy_YJR=w2000-h1333-s-no-gm?authuser=0\" width=\"2000\" height=\"1333\" alt=\"Etkinli\u011fin moderat\u00f6rl\u00fc\u011f\u00fcn\u00fc Belediye Ba\u015fkan Yard\u0131mc\u0131s\u0131 Okuda \u00fcstlendi.\" class=\"size-medium\" \/><\/a><figcaption class=\"wp-caption-text\">Etkinli\u011fin moderat\u00f6rl\u00fc\u011f\u00fcn\u00fc Belediye Ba\u015fkan Yard\u0131mc\u0131s\u0131 Okuda \u00fcstlendi.<\/figcaption><\/figure>\n<h3>Ge\u00e7mi\u015fe dair bir de\u011ferlendirme ve gelecek i\u00e7in samimi bir taahh\u00fct.<\/h3>\n<p>Belediye Ba\u015fkan\u0131 Sasaki mikrofonu ilk alan ki\u015fi oldu.<\/p>\n<figure class=\"wp-caption aligncenter\"><a href=\"https:\/\/photos.google.com\/share\/AF1QipOTMje2qzC5N25Xp-TOhAYKyp_VFpFCSH7nfJS537C62rq2jk4-qNREFZ9VDo-aNA\/photo\/AF1QipMrAiCXOzXFcsEO57YBGjQ865i9EOETZsAKD8M?key=QUZQcjlvVktUZGVuYmp4TVMtVlN3TkVEcUlOVXFB\" target=\"_blank\"><img decoding=\"async\" src=\"https:\/\/lh3.googleusercontent.com\/pw\/AP1GczMTlGFwh6xItA4P83qqKG4QzA0pv4OyqmF0XSHkKgD_3HlKKrm1KBNMjJ2s6LTLoLxrSd8hV0bXZ5wPJoG7flCglRrbqSeWUspT-0WgV29sEXopQHxkJrVBw8a4l2ffe6ZlIyvO6KRZ-NnisObndDaW=w2000-h1333-s-no-gm?authuser=0\" width=\"2000\" height=\"1333\" alt=\"Belediye Ba\u015fkan\u0131 Sasaki&#039;den selamlar\" class=\"size-medium\" \/><\/a><figcaption class=\"wp-caption-text\">Belediye Ba\u015fkan\u0131 Sasaki&#039;den selamlar<\/figcaption><\/figure>\n<p>&quot;Himawari no Sato&#039;nun gelece\u011fine dair temel plan hakk\u0131ndaki bu bilgilendirme toplant\u0131s\u0131na yo\u011fun programlar\u0131n\u0131zdan zaman ay\u0131rd\u0131\u011f\u0131n\u0131z i\u00e7in \u00e7ok te\u015fekk\u00fcr ederim.&quot;<\/p>\n<p>Belediye Ba\u015fkan\u0131 Sasaki&#039;nin y\u00fcz\u00fcnde Mibaushi b\u00f6lgesi halk\u0131na duydu\u011fu derin g\u00fcven ve sevgi ifadesi vard\u0131.<\/p>\n<p>&quot;Mibaushi b\u00f6lgesindeki herkese bu toplant\u0131lara her zaman kat\u0131ld\u0131klar\u0131 i\u00e7in \u00e7ok te\u015fekk\u00fcr ederim. Mibaushi b\u00f6lgesi, herkesten ald\u0131\u011f\u0131m\u0131z g\u00f6r\u00fc\u015fleri \u015fehir geli\u015fiminde en iyi \u015fekilde de\u011ferlendiren b\u00f6lgedir. Herkesin bu e\u011fitim merkezini temiz tuttu\u011funu g\u00f6rmek beni her zaman etkiliyor ve buraya klima tak\u0131lmas\u0131na de\u011fdi.&quot;<\/p>\n<p>Belediye Ba\u015fkan\u0131 Sasaki, o d\u00f6nemde ba\u015fkan olarak g\u00f6rev yaparken, orijinal g\u00f6zlem g\u00fcvertesi plan\u0131n\u0131 iptal etmek zorunda kald\u0131\u011f\u0131nda hissetti\u011fi \u00fcz\u00fcnt\u00fcy\u00fc a\u00e7\u0131k\u00e7a dile getirmeye ba\u015flad\u0131.<\/p>\n<p>&quot;O d\u00f6nemde, d\u00fcnyaca \u00fcnl\u00fc bir mimar ah\u015fap bile\u015fenler kullanarak bir g\u00f6zlem g\u00fcvertesi in\u015fa etmeyi \u00f6nerdi ve 115 milyon yen teklif etti. O zamanlar, kasaba sakinleri fiyat\u0131n \u00e7ok y\u00fcksek oldu\u011funu ve tasar\u0131m\u0131n kasabaya uygun olmad\u0131\u011f\u0131n\u0131 belirterek endi\u015felerini dile getirdiler. Bunun nedeni neydi? \u00c7\u00fcnk\u00fc detayl\u0131 bilgilendirme toplant\u0131lar\u0131 yapmad\u0131k. Sakinlerin g\u00f6r\u00fc\u015flerine dayanarak sundu\u011fumuz teklifi de\u011fi\u015ftirme s\u00fcrecinden ge\u00e7medik. Bu derinlemesine d\u00fc\u015f\u00fcnme, bug\u00fcne kadar ya\u015fananlar\u0131n temelinde yatmaktad\u0131r.&quot;<\/p>\n<p>H\u00fck\u00fcmetin tek tarafl\u0131 olarak binalar in\u015fa etti\u011fi g\u00fcnler geride kald\u0131. Belediye Ba\u015fkan\u0131 Sasaki, kasaba halk\u0131 ve h\u00fck\u00fcmetin e\u015fit ortaklar olarak hareket etti\u011fi, birlikte endi\u015felendi\u011fi, birlikte d\u00fc\u015f\u00fcnd\u00fc\u011f\u00fc ve birlikte yaratt\u0131\u011f\u0131 bir &quot;ortak yarat\u0131m&quot; s\u00f6z\u00fc verdi. Bu samimi yakla\u015f\u0131m, mek\u00e2ndaki atmosferi daha da s\u0131cak hale getirdi ve hepimizin bir b\u00fct\u00fcn haline geldi\u011fini hissettik.<\/p>\n<h3>0 ila 100 ya\u015f aras\u0131. T\u00fcm nesillerin &quot;duygular\u0131n\u0131n&quot; i\u00e7 i\u00e7e ge\u00e7ti\u011fi bir yer.<\/h3>\n<p>Yeni &quot;Wakuwaku Gelecek Yarat\u0131m Merkezi&quot; sadece turistler i\u00e7in bir tesis de\u011fil. Belediye ba\u015fkan\u0131, son iki y\u0131ld\u0131r dinledi\u011fi, farkl\u0131 ku\u015faklardan kasaba halk\u0131n\u0131n samimi seslerini tan\u0131tt\u0131.<\/p>\n<p>&quot;Belediye ba\u015fkan\u0131 oldu\u011fumdan beri, k\u00fc\u00e7\u00fck \u00e7ocuklardan ortaokul ve lise \u00f6\u011frencilerine, hatta yeti\u015fkinlere kadar \u00e7ok say\u0131da insanla konu\u015fma f\u0131rsat\u0131m oldu. \u00c7ocuklar, k\u0131\u015f\u0131n bile oynayabilecekleri ve vakit ge\u00e7irebilecekleri bir yere sahip olma konusundaki samimi isteklerini dile getirdiler.&quot;<\/p>\n<p>20 ila 60 ya\u015flar\u0131 aras\u0131ndaki \u00e7al\u0131\u015fan kad\u0131nlar bana tavsiye isteyerek, &quot;Ekmek pi\u015firiyorum, aksesuar yap\u0131yorum ve t\u00fcm kalbimle, ruhumla tasar\u0131m yap\u0131yorum. Bunu bir i\u015fe d\u00f6n\u00fc\u015ft\u00fcrmenin bir yolu var m\u0131? Bunu deneyebilece\u011fim bir yer var m\u0131?&quot; diyorlar.<\/p>\n<p>Ve sonra 70&#039;li ve 80&#039;li ya\u015flar\u0131ndaki ya\u015fl\u0131lar vard\u0131. Onlar, inan\u0131lmaz 40 y\u0131l boyunca Ay\u00e7i\u00e7e\u011fi K\u00f6y\u00fc&#039;n\u00fc kendi elleriyle in\u015fa etmi\u015f olmaktan gurur duyan insanlard\u0131 ve bana tutkulu ve zorlu bir soru sordular: &#039;Hokuryu Kasabas\u0131&#039;n\u0131n \u00f6nemli bir cazibe merkezi olan Ay\u00e7i\u00e7e\u011fi K\u00f6y\u00fc ile gelecekte ne yapaca\u011f\u0131z?&#039;&quot;<\/p>\n<p>Do\u011fumdan 100 ya\u015f\u0131na kadar t\u00fcm kasaba halk\u0131n\u0131n umutlar\u0131, gururu ve dualar\u0131 tek bir yerde nas\u0131l somutla\u015ft\u0131r\u0131labilir? Hokuryu Kasabas\u0131&#039;n\u0131n bu devasa soruya cevab\u0131 &quot;Heyecan Verici Gelecek Yarat\u0131m Merkezi&quot;dir (ge\u00e7ici isim).<\/p>\n<p>&quot;Bu, mevcut turizm merkezinin yeniden in\u015fas\u0131 de\u011fil. Bunu, kasaba halk\u0131 i\u00e7in tamamen yeni bir tesis olarak d\u00fc\u015f\u00fcn\u00fcn. Herkesin d\u00f6rt mevsim boyunca \u00f6zg\u00fcrce ve g\u00f6nl\u00fcnce kullanmas\u0131n\u0131 istiyoruz. Ayr\u0131ca, bize fayda sa\u011flayacak ve para kazanmam\u0131za olanak tan\u0131yacak bir sistem olu\u015fturmak istiyoruz.&quot;<\/p>\n<p>Belediye ba\u015fkan\u0131n\u0131n s\u00f6zleri, sars\u0131lmaz, \u00f6zverili bir sevgi ve her bir sakinin hayat\u0131n\u0131 zenginle\u015ftirme arzusuyla doluydu.<\/p>\n<h3>&quot;Kazan\u00e7 g\u00fcc\u00fc&quot; ve &quot;y\u0131l boyu kullan\u0131m&quot; \u00fczerine kurulu s\u00fcrd\u00fcr\u00fclebilir bir gelecek.<\/h3>\n<figure class=\"wp-caption aligncenter\"><a href=\"https:\/\/photos.google.com\/share\/AF1QipOTMje2qzC5N25Xp-TOhAYKyp_VFpFCSH7nfJS537C62rq2jk4-qNREFZ9VDo-aNA\/photo\/AF1QipM0JBzZGrtor-vcXp0EkMOcGf12M4sRTqSB4ws?key=QUZQcjlvVktUZGVuYmp4TVMtVlN3TkVEcUlOVXFB\" target=\"_blank\"><img decoding=\"async\" src=\"https:\/\/lh3.googleusercontent.com\/pw\/AP1GczN0phkNwPCc5ettYmIhlPzvMDf_dRzkYKjk4s4foNYbzOVRxqIFYTy4JXwv1aGtbz6GXCnPmOgNxgzi4cab1iSoY8v9JYEsfot6m9KjtIrKkgV7X258t_5icAru3f8t7vHCFWuMg8uNKHmJwmYXOQ74=w2000-h1333-s-no-gm?authuser=0\" width=\"2000\" height=\"1333\" alt=\"Genel M\u00fcd\u00fcr Takahashi&#039;nin Genel Bak\u0131\u015f\u0131\" class=\"size-medium\" \/><\/a><figcaption class=\"wp-caption-text\">Genel M\u00fcd\u00fcr Takahashi&#039;nin Genel Bak\u0131\u015f\u0131<\/figcaption><\/figure>\n<p>Ard\u0131ndan, Politika Genel M\u00fcd\u00fcr\u00fc Takahashi, tesisin \u00f6zel konsepti hakk\u0131nda bilgi verdi.<\/p>\n<ol>\n<li>Tarih\u00e7e, ilgili giri\u015fimler ve gelecek planlar\u0131<\/li>\n<li>Tesisin genel g\u00f6r\u00fcn\u00fcm\u00fc ve \u00f6zellikleri<\/li>\n<li>Yenileme \u00e7al\u0131\u015fmalar\u0131 sonras\u0131nda tesisin nas\u0131l kullan\u0131laca\u011f\u0131na dair g\u00f6rsel.<\/li>\n<li>Para kazanma modeli \u00e7al\u0131\u015fma projesi<\/li>\n<\/ol>\n<figure class=\"wp-caption aligncenter\"><a href=\"https:\/\/photos.google.com\/share\/AF1QipOTMje2qzC5N25Xp-TOhAYKyp_VFpFCSH7nfJS537C62rq2jk4-qNREFZ9VDo-aNA\/photo\/AF1QipNVDnI7fBZlSZZJDNN1CVN9rMXpp-UgOFqhv1s?key=QUZQcjlvVktUZGVuYmp4TVMtVlN3TkVEcUlOVXFB\" target=\"_blank\"><img decoding=\"async\" src=\"https:\/\/lh3.googleusercontent.com\/pw\/AP1GczOutx2CEP-Mn-veDl-zADby1uoHhe8t4ik2DrJo_2XeUIZ88020bJwVOPunjnXRTb5eZh6smXB3Rg0uHNjQVXpqfzrYdIW_Ilx9JlWSLnCAPiBeHVTTIyuq_nVt6WzXDssZbjUpTFN3FzDbRzfdyzw2=w2646-h1870-s-no-gm?authuser=0\" width=\"2000\" height=\"1333\" alt=\"Tarih\u00e7e, ilgili giri\u015fimler ve gelecek planlar\u0131\" class=\"size-medium\" style=\"border:solid 1px gray\"\/><figcaption class=\"wp-caption-text\">Tarih\u00e7e, ilgili giri\u015fimler ve gelecek planlar\u0131<\/a><\/figcaption><\/figure>\n<p>Bu, tesisin yaln\u0131zca ay\u00e7i\u00e7e\u011fi mevsiminde hareketli oldu\u011fu y\u00f6n\u00fcndeki geleneksel anlay\u0131\u015f\u0131 alt \u00fcst eden, y\u0131l boyunca kullan\u0131labilecek, insanlar\u0131n bir araya gelebilece\u011fi, \u00f6\u011frenebilece\u011fi ve y\u0131l boyunca yeni zorluklarla ba\u015fa \u00e7\u0131kabilece\u011fi bir tesis olmay\u0131 hedefleyen g\u00fc\u00e7l\u00fc bir vizyondur.<\/p>\n<p>Bu tesis sadece konforlu bir konaklama yeri sa\u011flamakla kalmayacak, ayn\u0131 zamanda yiyecek, i\u00e7ecek ve \u00fcr\u00fcn sat\u0131\u015f alanlar\u0131 da sunacak ve insanlar\u0131n \u00f6zel ki\u015filer ve uzmanlarla etkile\u015fim kurabilece\u011fi bir &quot;yarat\u0131c\u0131 laboratuvar&quot; i\u015flevi de g\u00f6recektir.<\/p>\n<p>&quot;Projemiz, ulusal h\u00fck\u00fcmetin Yeni B\u00f6lgesel Canland\u0131rma Merkezi Geli\u015ftirme Hibesi i\u00e7in se\u00e7ildi. H\u00fck\u00fcmetin de\u011ferlendirmesindeki kilit nokta, mevcut bir tesisle ayn\u0131 olmayaca\u011f\u0131, aksine hem \u00e7ocuklar\u0131n hem de yeti\u015fkinlerin kasaba halk\u0131 ve ilgili n\u00fcfusun i\u015fbirli\u011fiyle yeni zorluklarla ba\u015fa \u00e7\u0131kabilece\u011fi bir yer ve sistem yarataca\u011f\u0131yd\u0131.&quot;<\/p>\n<figure class=\"wp-caption aligncenter\"><a href=\"https:\/\/photos.google.com\/share\/AF1QipOTMje2qzC5N25Xp-TOhAYKyp_VFpFCSH7nfJS537C62rq2jk4-qNREFZ9VDo-aNA\/photo\/AF1QipNIEjYv8A79oCngs5nDkZpfSkJ0KxNZ8YX7VLs?key=QUZQcjlvVktUZGVuYmp4TVMtVlN3TkVEcUlOVXFB\" target=\"_blank\"><img decoding=\"async\" src=\"https:\/\/lh3.googleusercontent.com\/pw\/AP1GczMhJdPeS3soVGRzPkskEDWqbNSg8kN8lTGCagDCjTfBTNxCIt153xYWVcnZxnHZJMN4fSFs-OV9B81cLcehRMR1UbJPfHX8x-aVAu-zfz-jhor0ZULWRwMidWkNXJNt8IhhNEtTT14gNWr680aMxeWO=w2646-h1870-s-no-gm?authuser=0\" width=\"2000\" height=\"1333\" alt=\"Kullan\u0131m senaryolar\u0131n\u0131 ve gelir elde etme modellerini incelemeyi ama\u00e7layan proje.\" class=\"size-medium\" style=\"border:solid 1px gray\"\/><figcaption class=\"wp-caption-text\">Kullan\u0131m senaryolar\u0131n\u0131 ve gelir elde etme modellerini incelemeyi ama\u00e7layan proje.<\/a><\/figcaption><\/figure>\n<p>&quot;K\u0131\u015f hafta sonlar\u0131nda, kar alanlar\u0131nda aktivite arayan turistleri, \u00f6zellikle de yurt d\u0131\u015f\u0131ndan gelen turistleri \u00e7ekmek i\u00e7in bir sistem olu\u015fturaca\u011f\u0131z. Av eti, karla kapl\u0131 bir t\u00fcnel bar, d\u00fczenli bir el sanatlar\u0131 pazar\u0131 ve i\u015flenmi\u015f tar\u0131m \u00fcr\u00fcnleri i\u00e7in bir i\u015f plan\u0131 yar\u0131\u015fmas\u0131 d\u00fczenleyece\u011fiz. Ayr\u0131ca, ortaokul ve lise \u00f6\u011frencilerinin kendi i\u015flerini kurabilecekleri ve \u00e7evrimi\u00e7i d\u00fcnyayla ba\u011flant\u0131 kurabilecekleri bir yer olacak.&quot;<\/p>\n<p>Gen\u00e7 \u00e7al\u0131\u015fanlar, \u00f6zel \u015firketler ve kasaba sakinleri, Nonno Orman\u0131 i\u00e7in gelir elde etme modellerini de\u011ferlendirmek \u00fczere \u015fimdiden birlikte \u00e7al\u0131\u015f\u0131yorlar. Toyota Tsusho&#039;nun gen\u00e7 \u00e7al\u0131\u015fanlar\u0131, gen\u00e7 kasaba sakinleri ve gen\u00e7 belediye \u00e7al\u0131\u015fanlar\u0131 etkinlikler planlamak i\u00e7in bir araya geliyor ve k\u0131\u015f\u0131n s\u0131cak hava balonu gezileri ve orman y\u00fcr\u00fcy\u00fc\u015fleri gibi fikirler ortaya \u00e7\u0131k\u0131yor.<\/p>\n<p>Ayr\u0131ca, Creema ile i\u015fbirli\u011fi i\u00e7inde d\u00fczenledi\u011fimiz bir el sanatlar\u0131 pazar\u0131nda, geyik boynuzu, ya\u011f ve deri gibi genellikle g\u00f6zden ka\u00e7an yerel kaynaklar\u0131 getirdik ve hepsinin t\u00fckendi\u011fini g\u00f6rmekten mutluluk duyduk.<\/p>\n<p>&quot;Buras\u0131, hem \u00e7ocuklar\u0131n hem de yeti\u015fkinlerin yeni zorluklarla kar\u015f\u0131la\u015fabilece\u011fi bir yer. Bu tesis, kat\u0131l\u0131mc\u0131 say\u0131s\u0131n\u0131 art\u0131racak, yeni i\u015fletmeler kuracak, d\u00f6viz kazand\u0131racak ve kasaba i\u00e7in bir itici g\u00fc\u00e7 haline gelecek.&quot;<\/p>\n<p>Sorumlu ki\u015filerin seslerinde, k\u0131rsal kesimlerdeki n\u00fcfus azalmas\u0131 sorununa yan\u0131t olarak Hokuryu Kasabas\u0131&#039;ndan yeni bir umut modeli g\u00f6nderme konusunda g\u00fc\u00e7l\u00fc bir misyon duygusu vard\u0131. Sadece bir tesis in\u015fa etmek yerine, ona hayat veriyorlar ve yerel ekonominin kendi kendini idame ettiren bir d\u00f6ng\u00fcs\u00fcn\u00fc yarat\u0131yorlar. Bu, gelecek nesil i\u00e7in en b\u00fcy\u00fck \u00f6nceliktir.<\/p>\n<h3>Do\u011fayla b\u00fct\u00fcnle\u015fen mimari: Ay\u00e7i\u00e7ekleri denizine uzanan bir &quot;\u0131\u015f\u0131k t\u00fcneli&quot;<\/h3>\n<p>Ayr\u0131ca, Sanayi B\u00f6l\u00fcm\u00fc Direkt\u00f6r\u00fc Bay Iguchi, Wakuwaku Gelecek Yarat\u0131m Merkezi geli\u015ftirme projesinin ana hatlar\u0131, \u00f6nerilen geli\u015ftirme plan\u0131, \u00f6nerilen Nonno no Mori geli\u015ftirme plan\u0131, tahmini proje maliyetleri ve geri \u00f6deme sim\u00fclasyonu hakk\u0131nda a\u00e7\u0131klama yapt\u0131.<\/p>\n<figure class=\"wp-caption aligncenter\"><a href=\"https:\/\/photos.google.com\/share\/AF1QipOTMje2qzC5N25Xp-TOhAYKyp_VFpFCSH7nfJS537C62rq2jk4-qNREFZ9VDo-aNA\/photo\/AF1QipOwwG6tC8HL74sXmopafTCUKIUVOyDxRJuLsOY?key=QUZQcjlvVktUZGVuYmp4TVMtVlN3TkVEcUlOVXFB\" target=\"_blank\"><img decoding=\"async\" src=\"https:\/\/lh3.googleusercontent.com\/pw\/AP1GczPP5Uc-n9Uxz31yGvbn_FTgwk8AeevI7iJLUmUTmzS9kvVU-GHiJ59jKJtYblGvOGZyiU8USaFqyHbtztdNS-djyO18UwL5LjjDRQzzF4DDX1xmxKV-dlhbzbxssOOeAMZZlsfdafCPtsZBhYxsACZ_=w2000-h1333-s-no-gm?authuser=0\" width=\"2000\" height=\"1333\" alt=\"Sanayi B\u00f6l\u00fcm\u00fc, B\u00f6l\u00fcm \u015eefi Iguchi\" class=\"size-medium\" \/><\/a><figcaption class=\"wp-caption-text\">Sanayi B\u00f6l\u00fcm\u00fc, B\u00f6l\u00fcm \u015eefi Iguchi<\/figcaption><\/figure>\n<p>Salondaki herkesin g\u00f6z\u00fc, materyallerde g\u00f6sterilen temel tasar\u0131m\u0131n perspektif \u00e7izimine (\u00f6rt\u00fcl\u00fc tasvirine) kilitlenmi\u015fti.<\/p>\n<figure class=\"wp-caption aligncenter\"><a href=\"https:\/\/photos.google.com\/share\/AF1QipOTMje2qzC5N25Xp-TOhAYKyp_VFpFCSH7nfJS537C62rq2jk4-qNREFZ9VDo-aNA\/photo\/AF1QipMlPgmVYfSOy5JFqM4Blow09eQH8NhqhWI5AWA?key=QUZQcjlvVktUZGVuYmp4TVMtVlN3TkVEcUlOVXFB\" target=\"_blank\"><img decoding=\"async\" src=\"https:\/\/lh3.googleusercontent.com\/pw\/AP1GczN9Uo8kLhePHLxXkHcsUoYZ49AeJwskNO8gTqLRnUx1YYRb5bH7dlln4P5yPGbZ6O9jbCc_yJS2GmNmSA60ICmWzYqXMgHVhXGue9xkX9XXFooHVop-a1yoiJnDf4T-sSSz4h9ES54DTqPuOf2MroE4=w2000-h1333-s-no-gm?authuser=0\" width=\"2000\" height=\"1333\" alt=\"Tamamlanm\u0131\u015f g\u00f6r\u00fcnt\u00fc\" class=\"size-medium\" \/><\/a><figcaption class=\"wp-caption-text\">Tamamlanm\u0131\u015f g\u00f6r\u00fcnt\u00fc<\/figcaption><\/figure>\n<p>Tesis, mevcut turizm merkezine g\u00f6re Nonno Orman\u0131&#039;na daha yak\u0131n bir konumda yer alacak.<\/p>\n<figure class=\"wp-caption aligncenter\"><a href=\"https:\/\/photos.google.com\/share\/AF1QipOTMje2qzC5N25Xp-TOhAYKyp_VFpFCSH7nfJS537C62rq2jk4-qNREFZ9VDo-aNA\/photo\/AF1QipNESUkqdiHtWpE_M5Uwagfbg2FBlfoyQRXIrm4?key=QUZQcjlvVktUZGVuYmp4TVMtVlN3TkVEcUlOVXFB\" target=\"_blank\"><img decoding=\"async\" src=\"https:\/\/lh3.googleusercontent.com\/pw\/AP1GczP5p5PgVjLplE9_Jk5YLpD4A5R_wKO2gb4ZaUcqtqOgTc1bxF61zYR9B3F_bxuxX7k_44_ipA5b6S1CXHO3Q8t5N2403M3tDTooWcuyZqW03HKujDFvofH-zvnZ3b9vkB7FAUzIrNgPLIBSk-q4mnRs=w2646-h1870-s-no-gm?authuser=0\" width=\"2000\" height=\"1333\" alt=\"Wakuwaku Gelecek Yarat\u0131m Merkezi (ge\u00e7ici isim) \u00e7evresindeki alan\u0131n geli\u015ftirilmesi\" class=\"size-medium\" style=\"border:solid 1px gray\"\/><figcaption class=\"wp-caption-text\">Wakuwaku Gelecek Yarat\u0131m Merkezi (ge\u00e7ici isim) \u00e7evresindeki alan\u0131n geli\u015ftirilmesi<\/a><\/figcaption><\/figure>\n<p>En ikonik \u00f6zelli\u011fi, hafif e\u011fimli toprak yolla kusursuz bir \u015fekilde b\u00fct\u00fcnle\u015fen g\u00fczel, ak\u0131c\u0131 tasar\u0131m\u0131d\u0131r. Binan\u0131n giri\u015fi, \u00f6n cepheye bakacak \u015fekilde \u00f6zenle tasarlanm\u0131\u015f olup, \u00e7at\u0131 e\u011fimi boyunca zarif bir merdiven uzanmaktad\u0131r. \u00c7at\u0131dan, u\u00e7suz bucaks\u0131z ay\u00e7i\u00e7e\u011fi tarlalar\u0131n\u0131n ve batan g\u00fcne\u015fin ayd\u0131nlatt\u0131\u011f\u0131 da\u011flar\u0131n panoramik manzaras\u0131n\u0131n keyfini \u00e7\u0131karabilirsiniz.<\/p>\n<figure class=\"wp-caption aligncenter\"><a href=\"https:\/\/photos.google.com\/share\/AF1QipOTMje2qzC5N25Xp-TOhAYKyp_VFpFCSH7nfJS537C62rq2jk4-qNREFZ9VDo-aNA\/photo\/AF1QipPTlFC31RuerxwZsNga-99-wCS6c58L0xjG_jM?key=QUZQcjlvVktUZGVuYmp4TVMtVlN3TkVEcUlOVXFB\" target=\"_blank\"><img decoding=\"async\" src=\"https:\/\/lh3.googleusercontent.com\/pw\/AP1GczPTbdsnQ-VFElzdVJPOZ2urg6IieIecTy6_xtSAbn1yTXN2QOiFuLaeb_x1l1vQyF1tLllnLZ7fFTVZeQXuInKDEB4M7gBpjAZbjR8eqSxrxxhW7nTly3Jm1rThsvSFc8g3LvVNKqRVNLZE2to7KwaX=w2646-h1870-s-no-gm?authuser=0\" width=\"2000\" height=\"1333\" alt=\"Binan\u0131n genel g\u00f6r\u00fcn\u00fcm\u00fc&quot;\" class=\"size-medium\" style=\"border:solid 1px gray\"\/><figcaption class=\"wp-caption-text\">Binan\u0131n genel g\u00f6r\u00fcn\u00fcm\u00fc<\/a><\/figcaption><\/figure>\n<p>Bir\u00e7ok insan\u0131n kalbini fetheden \u015fey, birinci kattan ay\u00e7i\u00e7e\u011fi tarlas\u0131na do\u011fru d\u00fcmd\u00fcz uzanan &quot;t\u00fcnel&quot; oldu.<\/p>\n<figure class=\"wp-caption aligncenter\"><a href=\"https:\/\/photos.google.com\/share\/AF1QipOTMje2qzC5N25Xp-TOhAYKyp_VFpFCSH7nfJS537C62rq2jk4-qNREFZ9VDo-aNA\/photo\/AF1QipNLF3-08q4TldQEfjBY9ZSzgPEjoHytFcEOkdI?key=QUZQcjlvVktUZGVuYmp4TVMtVlN3TkVEcUlOVXFB\" target=\"_blank\"><img decoding=\"async\" src=\"https:\/\/lh3.googleusercontent.com\/pw\/AP1GczMa2MUMrFQzajGxaVi0LHi1K0a2CYpauGc8mWW0YQJPxmlQtaSpIfDoAJe7ZPg0ukFXanlDELyOC-oH2MhiBQgtam4_C3SsWaK-4wtsj27VBa1w65f-PVhd9ECB7GISUppXSixc512M_5lyqvDRreD4=w2646-h1870-s-no-gm?authuser=0\" width=\"2000\" height=\"1333\" alt=\"T\u00fcnelden g\u00f6r\u00fcnen binan\u0131n sanal ger\u00e7eklik g\u00f6r\u00fcnt\u00fcs\u00fc.\" class=\"size-medium\" style=\"border:solid 1px gray\"\/><figcaption class=\"wp-caption-text\">T\u00fcnelden g\u00f6r\u00fcnen binan\u0131n sanal ger\u00e7eklik g\u00f6r\u00fcnt\u00fcs\u00fc.<\/a><\/figcaption><\/figure>\n<p>Sakin bir beton t\u00fcnelden ge\u00e7tikten sonra, g\u00f6zlerinizin \u00f6n\u00fcnde aniden iki milyon alt\u0131n sar\u0131s\u0131 ay\u00e7i\u00e7e\u011fi beliriyor ve t\u00fcm g\u00f6r\u00fc\u015f alan\u0131n\u0131z\u0131 kapl\u0131yor. Bu \u00e7arp\u0131c\u0131 mek\u00e2nsal sunum, ziyaret\u00e7iler \u00fczerinde ezici bir etki b\u0131rakaca\u011f\u0131ndan emin olabilirsiniz.<\/p>\n<p>Sanki Hokuryu Kasabas\u0131&#039;n\u0131n g\u00f6r\u00fcnt\u00fcs\u00fc, d\u00fcr\u00fcst tarihinin t\u00fcnelinden \u00e7\u0131k\u0131p parlak bir gelece\u011fe do\u011fru ilerliyor.<\/p>\n<figure class=\"wp-caption aligncenter\"><a href=\"https:\/\/photos.google.com\/share\/AF1QipOTMje2qzC5N25Xp-TOhAYKyp_VFpFCSH7nfJS537C62rq2jk4-qNREFZ9VDo-aNA\/photo\/AF1QipOhvrHlqbojC6vz2As8kwWWSjI7s0vyNL8qSMk?key=QUZQcjlvVktUZGVuYmp4TVMtVlN3TkVEcUlOVXFB\" target=\"_blank\"><img decoding=\"async\" src=\"https:\/\/lh3.googleusercontent.com\/pw\/AP1GczOyhVwAoDFIo1pg7qWPJx_mEUL5bf5x9iU8EsatAgBDUf013vjfUSl08FNCknDTFfneoKTkv-6vHIgp3W3SNXyGIYe4iXPd_gpR3vgn37SQHvsidWrJ3tXM9iwNkvGhuTYnp3x_HyaD1kk17l-9xNQB=w2754-h1536-s-no-gm?authuser=0\" width=\"2000\" height=\"1333\" alt=\"Hokuryu Kasabas\u0131 Portal\u0131 i\u015fletmecisi taraf\u0131ndan yapay zeka ile i\u015fbirli\u011fi i\u00e7inde olu\u015fturulan kavramsal bir g\u00f6rsel.\" class=\"size-medium\" style=\"border:solid 1px gray\"\/><figcaption class=\"wp-caption-text\">Hokuryu Kasabas\u0131 Portal\u0131 i\u015fletmecisi taraf\u0131ndan yapay zeka ile i\u015fbirli\u011fi i\u00e7inde olu\u015fturulan kavramsal bir g\u00f6rsel.<\/a><\/figcaption><\/figure>\n<p>\u0130kinci katta &quot;a\u00e7\u0131k laboratuvar&quot; ve etkinlikler i\u00e7in \u00f6zel odalar bulunuyor; bu da insanlar\u0131n ay\u00e7i\u00e7e\u011fi tarlalar\u0131n\u0131n manzaras\u0131n\u0131n tad\u0131n\u0131 \u00e7\u0131kar\u0131rken toplant\u0131 yapabilecekleri ve \u00e7al\u0131\u015fabilecekleri geni\u015f, a\u00e7\u0131k bir alan sa\u011fl\u0131yor.<\/p>\n<figure class=\"wp-caption aligncenter\"><a href=\"https:\/\/photos.google.com\/share\/AF1QipOTMje2qzC5N25Xp-TOhAYKyp_VFpFCSH7nfJS537C62rq2jk4-qNREFZ9VDo-aNA\/photo\/AF1QipPyD-kWT6Om_iF8fFima11iTuBi4Jc4VF-a6f0?key=QUZQcjlvVktUZGVuYmp4TVMtVlN3TkVEcUlOVXFB\" target=\"_blank\"><img decoding=\"async\" src=\"https:\/\/lh3.googleusercontent.com\/pw\/AP1GczM_rD0Crsufdd77bUNMGBALMbtC89eYYwQrEcguDCBy4bX8CFRQG1w6NF6g9XpxeXXWyLmG6qQHWeKlNH4GtvJArBCdcnQbIg3tTrGmcLdWvfGDvdQf1B9UgpgsJ7pGcZ5W3dNvHQsH2tZh5gpwO_RW=w2646-h1870-s-no-gm?authuser=0\" width=\"2000\" height=\"1333\" alt=\"mekansal yap\u0131land\u0131rma\" class=\"size-medium\" style=\"border:solid 1px gray\"\/><figcaption class=\"wp-caption-text\">mekansal yap\u0131land\u0131rma<\/a><\/figcaption><\/figure>\n<p>D\u0131\u015f cephesi g\u00fczel olmakla kalm\u0131yor, ayn\u0131 zamanda orada vakit ge\u00e7iren insanlar\u0131n konforunu hedefleyen &quot;insan odakl\u0131 tasar\u0131m&quot; anlay\u0131\u015f\u0131 her yerde g\u00f6r\u00fclebiliyor.<\/p>\n<figure class=\"wp-caption aligncenter\"><a href=\"https:\/\/photos.google.com\/share\/AF1QipOTMje2qzC5N25Xp-TOhAYKyp_VFpFCSH7nfJS537C62rq2jk4-qNREFZ9VDo-aNA\/photo\/AF1QipOAtov2wRPEnSymMOhuFKm61bn3Zo6r-qlaiQI?key=QUZQcjlvVktUZGVuYmp4TVMtVlN3TkVEcUlOVXFB\" target=\"_blank\"><img decoding=\"async\" src=\"https:\/\/lh3.googleusercontent.com\/pw\/AP1GczOWcZwYg0cHt1CRCrlmCVBQzugXDk2XlscEuwiRNoJiA8fm9JpMdRRyreiBGC13YLJIlBmbZYnOGhMu86hytkaCJYfLjlQPaAGvH8XZ4HUObGe8NH7wXKxTYsAq71BsYl2qg8cgcErRXHuLYxLaARfC=w2646-h1870-s-no-gm?authuser=0\" width=\"2000\" height=\"1333\" alt=\"G\u00fcneydo\u011fu d\u0131\u015f cephesi\" class=\"size-medium\" style=\"border:solid 1px gray\"\/><figcaption class=\"wp-caption-text\">G\u00fcneydo\u011fu d\u0131\u015f cephesi<\/a><\/figcaption><\/figure>\n<p>Ayr\u0131ca, mevcut &quot;Nonno Orman\u0131&quot; da b\u00fcy\u00fck bir d\u00f6n\u00fc\u015f\u00fcm ge\u00e7irecek.<\/p>\n<figure class=\"wp-caption aligncenter\"><a href=\"https:\/\/photos.google.com\/share\/AF1QipOTMje2qzC5N25Xp-TOhAYKyp_VFpFCSH7nfJS537C62rq2jk4-qNREFZ9VDo-aNA\/photo\/AF1QipPI2HmpiA1mY5vhNFFNdpQVXE_cHadcpu9hSXA?key=QUZQcjlvVktUZGVuYmp4TVMtVlN3TkVEcUlOVXFB\" target=\"_blank\"><img decoding=\"async\" src=\"https:\/\/lh3.googleusercontent.com\/pw\/AP1GczOXFAjGyp5eyAmfotsLxFGH-enxm_bUHPXoZuQzreZsspOc2EI2c9FV_q_h9ZtxtQzmloAhCKsAQQLixcNDigC_IB_zLX8HOsYpMSTrVPePSflqngZSj_JishKMuVmMrzYC02yWapgVrn0lYSNc-Pw8=w2646-h1870-s-no-gm?authuser=0\" width=\"2000\" height=\"1333\" alt=\"Bir etkinlik s\u0131ras\u0131nda kullan\u0131m \u00f6rne\u011fi\" class=\"size-medium\" style=\"border:solid 1px gray\"\/><figcaption class=\"wp-caption-text\">Bir etkinlik s\u0131ras\u0131nda kullan\u0131m \u00f6rne\u011fi<\/a><\/figcaption><\/figure>\n<p>Plan, geni\u015f, \u00e7i\u00e7ek \u015feklinde bir peyzaja, su meydan\u0131na, \u00e7ocuklar\u0131n g\u00fcvenle oynayabilece\u011fi bir \u015ferit kayd\u0131ra\u011fa ve \u00fccretsiz kiral\u0131k oyun ekipmanlar\u0131na sahip bir oyuncak arabaya sahip, ailelerin uzun s\u00fcre kalabilece\u011fi s\u0131cak bir alan yaratmakt\u0131r.<\/p>\n<h3>Kasaba halk\u0131n\u0131n bilgeli\u011fi ve sevgisinin kesi\u015fti\u011fi hararetli bir diyalog.<\/h3>\n<p>H\u00fck\u00fcmetin ayr\u0131nt\u0131l\u0131 a\u00e7\u0131klamas\u0131n\u0131n ard\u0131ndan, salondakiler birer birer ellerini kald\u0131rmaya ba\u015flad\u0131 ve planlanan s\u00fcreyi a\u015fan hararetli bir tart\u0131\u015fma ba\u015flad\u0131.<\/p>\n<p>Bunlar sadece sorular veya ele\u015ftiriler de\u011fildi, ayn\u0131 zamanda kasaba halk\u0131n\u0131n tesislerini daha da iyile\u015ftirme arzusunu ve g\u00fc\u00e7l\u00fc sahiplenme duygusunu ifade ediyordu.<\/p>\n<p>Burada, her soruyu ve cevab\u0131 ayr\u0131nt\u0131l\u0131 olarak kaydedece\u011fiz ve bunlar\u0131n i\u00e7inde bar\u0131nd\u0131rd\u0131\u011f\u0131 Hokuryu Kasabas\u0131&#039;n\u0131n ruhunu ortaya \u00e7\u0131karaca\u011f\u0131z.<\/p>\n<figure class=\"wp-caption aligncenter\"><a href=\"https:\/\/photos.google.com\/share\/AF1QipOTMje2qzC5N25Xp-TOhAYKyp_VFpFCSH7nfJS537C62rq2jk4-qNREFZ9VDo-aNA\/photo\/AF1QipOf1kHYjSvMCJIov0MD3w5XV_qTEv_m1JpcOIU?key=QUZQcjlvVktUZGVuYmp4TVMtVlN3TkVEcUlOVXFB\" target=\"_blank\"><img decoding=\"async\" src=\"https:\/\/lh3.googleusercontent.com\/pw\/AP1GczPlc_VmizM9PI3cXCXQBPV3aGKmmDPUo3figBY-sLccTRrSfkK-kdilSNlDTEk8m1YTHYz9cRo45R-jitFINL713kb6f37ObCw-PBdTXdDztM3S-iybmJAhbsEurzZT61-q9GkFxdPMcMKKtNei3S3s=w2000-h1333-s-no-gm?authuser=0\" width=\"2000\" height=\"1333\" alt=\"Soru &amp; Cevap\" class=\"size-medium\" \/><\/a><figcaption class=\"wp-caption-text\">Soru &amp; Cevap<\/figcaption><\/figure>\n<h4>Tekerlekli sandalye eri\u015filebilirli\u011fi, giri\u015f ve otopark \u00fccretleri<\/h4>\n<p>El kald\u0131ran ilk kasaba sakininin s\u00f6zleri \u015fa\u015f\u0131rt\u0131c\u0131yd\u0131.<\/p>\n<blockquote><p><strong>kasaba halk\u0131<\/strong>&quot;20. sayfadaki tekerlekli sandalye kullananlar i\u00e7in perspektif \u00e7izimine bakt\u0131m. Ancak tesis merdivenlerle dolu, bu y\u00fczden tekerlekli sandalye kullanan birinin en \u00fcstteki g\u00f6zlem g\u00fcvertesine ula\u015fabilece\u011fini sanm\u0131yorum. \u0130nsanlar\u0131n k\u0131rsal bir kasaban\u0131n cazibesini olu\u015fturan manzaray\u0131 en tepeye kadar g\u00f6rmek isteyeceklerinden eminim. G\u00fcn\u00fcm\u00fczde bir g\u00f6zlem g\u00fcvertesi in\u015fa edeceksek, ya\u015fl\u0131lar\u0131n ve tekerlekli sandalye kullananlar\u0131n bile en tepeye ula\u015fabilmesi i\u00e7in bir rampa eklemenin \u00f6nemli oldu\u011funu d\u00fc\u015f\u00fcn\u00fcyorum.&quot;<\/p>\n<p><strong>m\u00fcd\u00fcr<\/strong>&quot;Yeniden Canland\u0131rma Konseyi&#039;nden g\u00f6r\u00fc\u015fler ald\u0131k ve temelde asans\u00f6rle yukar\u0131 \u00e7\u0131kmay\u0131, ard\u0131ndan bir yoku\u015fu t\u0131rmanmay\u0131, d\u0131\u015f teras\u0131 ge\u00e7meyi ve g\u00f6zlem g\u00fcvertesinin sonuna kadar gitmeyi m\u00fcmk\u00fcn k\u0131ld\u0131k. Ancak \u00e7at\u0131n\u0131n di\u011fer taraf\u0131nda baz\u0131 dik b\u00f6l\u00fcmler var, bu da zorluk yarat\u0131yor, ancak insanlar\u0131n Ay\u00e7i\u00e7e\u011fi K\u00f6y\u00fc&#039;n\u00fcn tad\u0131n\u0131 \u00e7\u0131karabilmeleri i\u00e7in gerekli hususlar\u0131 g\u00f6z \u00f6n\u00fcnde bulundurduk.&quot;<\/p><\/blockquote>\n<figure class=\"wp-caption aligncenter\"><a href=\"https:\/\/photos.google.com\/share\/AF1QipOTMje2qzC5N25Xp-TOhAYKyp_VFpFCSH7nfJS537C62rq2jk4-qNREFZ9VDo-aNA\/photo\/AF1QipNzcj_hqH6u8kdWJJ8XnFzmpyJjz7ukX5qHyZ0?key=QUZQcjlvVktUZGVuYmp4TVMtVlN3TkVEcUlOVXFB\" target=\"_blank\"><img decoding=\"async\" src=\"https:\/\/lh3.googleusercontent.com\/pw\/AP1GczPfJqma8CwHTNOnwKXfznLO0ICObPa5uLSQItUkIm0GO_gXui7xxwMSCoBmXVlZDedVfuPE00nIQ3HM-I1eHjBTpQBUm-xA9pEglLeW2_2DgIpT71K5KxPdhyI_VjfNjMtomcYx2FMQHWVgl9n1pHYr=w2646-h1870-s-no-gm?authuser=0\" width=\"2000\" height=\"1333\" alt=\"T\u00fcnelin bat\u0131 taraf\u0131ndan g\u00f6r\u00fcnen i\u00e7 g\u00f6r\u00fcn\u00fcm\u00fc.\" class=\"size-medium\" style=\"border:solid 1px gray\" \/><figcaption class=\"wp-caption-text\">T\u00fcnelin bat\u0131 taraf\u0131ndan g\u00f6r\u00fcnen i\u00e7 g\u00f6r\u00fcn\u00fcm\u00fc.<\/a><\/figcaption><\/figure>\n<figure class=\"wp-caption aligncenter\"><a href=\"https:\/\/photos.google.com\/share\/AF1QipOTMje2qzC5N25Xp-TOhAYKyp_VFpFCSH7nfJS537C62rq2jk4-qNREFZ9VDo-aNA\/photo\/AF1QipOor1aQ3redF1Xh7qm1JsqcezP9og_gn4qcUNY?key=QUZQcjlvVktUZGVuYmp4TVMtVlN3TkVEcUlOVXFB\" target=\"_blank\"><img decoding=\"async\" src=\"https:\/\/lh3.googleusercontent.com\/pw\/AP1GczPZNVCOCrqt45TJ3TwooI0LgP6XRECqk5utuM5gz4W1H_iVf-g3sFd4PaP_aPw2p04bZ9kgjY6dKJ_9zWVfjCi7hpXT6zZgNtgf7QY2k4d3HBbuW0o0GqdJSBfu6OZ0ttZCVAKFTTYHmacoQri5j4vD=w2646-h1870-s-no-gm?authuser=0\" width=\"2000\" height=\"1333\" alt=\"2. kat plan\u0131 ve \u00e7at\u0131 plan\u0131\" class=\"size-medium\" style=\"border:solid 1px gray\" \/><figcaption class=\"wp-caption-text\">2. kat plan\u0131 ve \u00e7at\u0131 plan\u0131<\/a><\/figcaption><\/figure>\n<blockquote><p><strong>kasaba halk\u0131<\/strong>&quot;Turist dan\u0131\u015fma merkezine girerken giri\u015f \u00fccreti \u00f6dememiz gerekiyor mu?&quot;<\/p>\n<p><strong>m\u00fcd\u00fcr<\/strong>&quot;Evet. Giri\u015fte mi yoksa i\u00e7eride mi \u00fccret alaca\u011f\u0131m\u0131z\u0131 \u015fu anda de\u011ferlendiriyoruz, ancak parka giri\u015f i\u00e7in \u00fccret al\u0131nmas\u0131 gerekecek ve kimsenin d\u0131\u015far\u0131da kalmamas\u0131 i\u00e7in \u00fccretleri toplayabilece\u011fimiz bir yer kuraca\u011f\u0131z. Mevcut otopark \u00fccretini tekrar \u00fccretsiz hale getirmeyi ve sadece giri\u015f \u00fccretiyle s\u0131n\u0131rlamay\u0131 planl\u0131yoruz.&quot;<\/p><\/blockquote>\n<p>Bu etkile\u015fimde Hokuryu Kasabas\u0131&#039;n\u0131n ger\u00e7ek \u00f6z\u00fcn\u00fc g\u00f6rd\u00fcm. Sadece sa\u011fl\u0131kl\u0131 bireylerin de\u011fil, ya\u015fl\u0131lar\u0131n, engellilerin ve di\u011ferlerinin de ayn\u0131 manzaray\u0131 izleyebilece\u011fi ve ayn\u0131 duygular\u0131 payla\u015fabilece\u011fi bir yer yaratmak istiyoruz.<\/p>\n<p>Kasaba halk\u0131n\u0131n s\u00f6zleri derin bir \u015fefkat duygusunu ifade ediyor: &quot;Kimse geride b\u0131rak\u0131lmayacak.&quot; Yerel y\u00f6netim bunu ciddiye alm\u0131\u015f ve tesisin tasar\u0131m\u0131na dahil ederek s\u0131cak bir g\u00fcven ili\u015fkisi izlenimi vermi\u015ftir.<\/p>\n<h4>Do\u011fal enerji ve afet \u00f6nleme \u00fcss\u00fc i\u00e7in \u00f6neri<\/h4>\n<p>Ayr\u0131ca, gelece\u011fe y\u00f6nelik olarak do\u011fal enerjinin kullan\u0131m\u0131yla ilgili \u00f6neriler de vard\u0131.<\/p>\n<figure class=\"wp-caption aligncenter\"><a href=\"https:\/\/photos.google.com\/share\/AF1QipOTMje2qzC5N25Xp-TOhAYKyp_VFpFCSH7nfJS537C62rq2jk4-qNREFZ9VDo-aNA\/photo\/AF1QipP_-NmsVhHMNye9xN_85kpIWnvvzivTGlFyPWI?key=QUZQcjlvVktUZGVuYmp4TVMtVlN3TkVEcUlOVXFB\" target=\"_blank\"><img decoding=\"async\" src=\"https:\/\/lh3.googleusercontent.com\/pw\/AP1GczOa1l9pAT9NeNiJKUX-cuYzF0jjEM3pARBKN8Cm19iFPPcF698oOUfv7bQPREdDTThBHAX30Z-rVdmoptxTatwDHzpGhekPJZfRkIUOqN-jWk8_k2Z5ak1icxdOWWIUTqeAvJbq_IttgJaXdGbtVfZe=w2000-h1333-s-no-gm?authuser=0\" width=\"2000\" height=\"1333\" alt=\"Gelecek i\u00e7in yenilenebilir enerji\" class=\"size-medium\" \/><\/a><figcaption class=\"wp-caption-text\">Gelecek i\u00e7in yenilenebilir enerji<\/figcaption><\/figure>\n<blockquote><p><strong>kasaba halk\u0131<\/strong>&quot;Tamamen yeni bir \u015fey in\u015fa edeceksek, mevcut elektri\u011fi kullanmak yerine g\u00fcne\u015f panelleri ve depolama bataryalar\u0131 kurmam\u0131z gerekmez mi? \u00c7ok b\u00fcy\u00fck bir tesis, dolay\u0131s\u0131yla bolca yer olmal\u0131. Mevcut ciddi enerji durumu g\u00f6z \u00f6n\u00fcne al\u0131nd\u0131\u011f\u0131nda, elektri\u011fi istikrarl\u0131 bir \u015fekilde depolay\u0131p sa\u011flayabilmek harika olurdu. G\u00fcne\u015f enerjisi, afet zamanlar\u0131nda ve di\u011fer sorunlarda \u00f6nemlidir. Biraz paraya mal olabilir, ancak do\u011fal \u0131\u015f\u0131ktan \u00fcretilen elektri\u011fi kulland\u0131\u011f\u0131m\u0131z ger\u00e7e\u011fini tan\u0131tmak iyi olurdu.&quot;<\/p>\n<p><strong>Belediye Ba\u015fkan\u0131<\/strong>&quot;Bu \u00e7ok de\u011ferli bir g\u00f6r\u00fc\u015f. Planlanan in\u015faat alan\u0131 Hokuryu Kasabas\u0131&#039;n\u0131n en y\u00fcksek noktas\u0131nda bulunuyor. Bu nedenle, bu tesisi ayn\u0131 zamanda bir afet \u00f6nleme \u00fcss\u00fc olarak da d\u00fc\u015f\u00fcn\u00fcyoruz. Afet \u00f6nleme \u00fcss\u00fc olarak sermaye yat\u0131r\u0131m\u0131 i\u00e7in s\u00fcbvansiyon al\u0131p alamayaca\u011f\u0131m\u0131z\u0131 ve tasar\u0131m\u0131 tehlikeye atmadan g\u00fcne\u015f panellerini nas\u0131l kurabilece\u011fimizi ayr\u0131 ayr\u0131 dikkatlice de\u011ferlendirece\u011fiz.&quot;<\/p><\/blockquote>\n<p>Bu a\u00e7\u0131klama ayn\u0131 zamanda Hokuryu kasabas\u0131n\u0131n uzun zamand\u0131r benimsedi\u011fi &quot;do\u011fayla birlikte ya\u015fama&quot; felsefesini de yans\u0131t\u0131yor.<\/p>\n<p>Do\u011fal g\u00fczellikleri korurken, bu alan g\u00fcne\u015fin bol enerjisinden faydalanacak ve acil durumlarda kasaba halk\u0131n\u0131n can\u0131n\u0131 koruyacak bir kale haline gelecekti. Belediye ba\u015fkan\u0131 teklifi hemen kabul etti ve buran\u0131n afet \u00f6nleme \u00fcss\u00fc olarak potansiyelinden bahsetti\u011finde, planlar\u0131n diyalog yoluyla nas\u0131l geli\u015febilece\u011finin g\u00fcvenilirli\u011fini hissettim.<\/p>\n<h4>K\u0131\u015f kar aktiviteleri<\/h4>\n<p>Ayr\u0131ca, k\u0131\u015f aylar\u0131nda alan\u0131n nas\u0131l kullan\u0131laca\u011f\u0131na dair bir\u00e7ok somut fikir de vard\u0131.<\/p>\n<blockquote><p><strong>kasaba halk\u0131<\/strong>&quot;K\u0131\u015fl\u0131k bir g\u0131da pazar\u0131 kurulmas\u0131 planlan\u0131yor, ancak bu k\u0131\u015f\u0131n kamp yapmak ve kar\u0131 s\u0131k\u0131\u015ft\u0131rmak gibi bir \u015fey anlam\u0131na m\u0131 gelecek?&quot;<\/p>\n<p><strong>m\u00fcd\u00fcr<\/strong>&quot;Bu fikirleri nas\u0131l ger\u00e7e\u011fe d\u00f6n\u00fc\u015ft\u00fcrebilece\u011fimiz konusunda olumlu d\u00fc\u015f\u00fcn\u00fcyoruz. Kasaban\u0131n gen\u00e7 sakinlerinden bir\u00e7ok ilgin\u00e7 fikir ald\u0131k. \u00d6rne\u011fin, tesisin \u00e7at\u0131s\u0131n\u0131n e\u011fimini kayd\u0131rak yapmak i\u00e7in kullanabilece\u011fimizi veya \u00e7at\u0131da kar d\u00fc\u011f\u00fcn\u00fc d\u00fczenlemenin ilgin\u00e7 bir sahne olu\u015fturaca\u011f\u0131n\u0131 \u00f6nerdiler. Tesisi kar a\u011f\u0131rl\u0131\u011f\u0131na dayanacak kadar sa\u011flam hale getirdik, bu nedenle k\u0131\u015f aktivitelerine yol a\u00e7acak her t\u00fcrl\u00fc \u015feyi denemeyi umuyoruz.&quot;<\/p><\/blockquote>\n<p>Bu kasaba, \u00e7o\u011fu zaman bir s\u0131k\u0131nt\u0131 olarak g\u00f6r\u00fclen kar\u0131 bile keyif al\u0131nacak bir kayna\u011fa d\u00f6n\u00fc\u015ft\u00fcrecek pozitif bir enerjiye sahip. Sert do\u011fal \u00e7evreye ald\u0131rmadan g\u00fclebilecek g\u00fcce sahip.<\/p>\n<h4>Yeralt\u0131 alan\u0131n\u0131 oto kamp alan\u0131na d\u00f6n\u00fc\u015ft\u00fcrmek<\/h4>\n<p>Daha sonra, mekanlar\u0131n belirli \u015fekillerde kullan\u0131lmas\u0131na y\u00f6nelik ek \u00f6neriler sunuldu.<\/p>\n<blockquote><p><strong>kasaba halk\u0131<\/strong>&quot;H\u00e2l\u00e2 yer alt\u0131 alan\u0131 kald\u0131 m\u0131? Bence oray\u0131 insanlar\u0131n arabayla ula\u015fabilece\u011fi bir kamp alan\u0131na (oto kamp alan\u0131) d\u00f6n\u00fc\u015ft\u00fcrmek iyi bir fikir olurdu. Himawari no Sato&#039;ya arabalar\u0131n girmesi \u00e7e\u015fitli sorunlara yol a\u00e7\u0131yor, ancak oraya arabayla kamp yapabilir ve elbette bundan para kazanabilirsiniz.&quot;<\/p>\n<p><strong>Belediye Ba\u015fkan\u0131<\/strong>&quot;Bu t\u00fcr insanlar\u0131n, Ay\u00e7i\u00e7e\u011fi Park\u0131 (kapl\u0131calar\u0131) dahil olmak \u00fczere kapl\u0131calardan da faydalanmas\u0131n\u0131 isteriz. Elbette, buray\u0131 ayr\u0131 bir giri\u015f \u00fccreti alabilece\u011fimiz bir yer olarak d\u00fc\u015f\u00fcn\u00fcyoruz. Te\u015fekk\u00fcrler.&quot;<\/p><\/blockquote>\n<p>Bu, insanlar\u0131n do\u011fan\u0131n tad\u0131n\u0131 \u00e7\u0131kar\u0131rken hassas bir bitki olan ay\u00e7i\u00e7e\u011finin \u00e7evresini korumalar\u0131na olanak tan\u0131yan harika ve ger\u00e7ek\u00e7i bir \u00f6neri. Ayr\u0131ca kasaban\u0131n ekonomisine de katk\u0131da bulunuyor. Kasaba halk\u0131n\u0131n yerel y\u00f6netime para kazand\u0131rman\u0131n bir yolunu kendilerinin \u00f6nermesinde ger\u00e7ek bir \u00f6zy\u00f6netim \u00f6rne\u011fi g\u00f6rd\u00fcm.<\/p>\n<figure class=\"wp-caption aligncenter\"><a href=\"https:\/\/photos.google.com\/share\/AF1QipOTMje2qzC5N25Xp-TOhAYKyp_VFpFCSH7nfJS537C62rq2jk4-qNREFZ9VDo-aNA\/photo\/AF1QipOdMYhomlDhTmiwU5HoY637F85jBuXD-FB1_QQ?key=QUZQcjlvVktUZGVuYmp4TVMtVlN3TkVEcUlOVXFB\" target=\"_blank\"><img decoding=\"async\" src=\"https:\/\/lh3.googleusercontent.com\/pw\/AP1GczMQ-9-0GW8eDlPuXyPWREeFzvyVURhZyGfc2MgyZ8BUBfq2fOjm4yS95fsXRPTv7atZTlfzDilRxUifWq7z9KqRAKurpbU3AEuVU-y6-IX6pBFhv38UBtVcnheGqHiQ2_2G4WfwXF-U37JIU4U3_jjM=w2000-h1333-s-no-gm?authuser=0\" width=\"2000\" height=\"1333\" alt=\"\u00c7e\u015fitli g\u00f6r\u00fc\u015f ve yorumlar bir araya getirilmi\u015f...\" class=\"size-medium\" \/><\/a><figcaption class=\"wp-caption-text\">\u00c7e\u015fitli g\u00f6r\u00fc\u015f ve yorumlar bir araya getirilmi\u015f...<\/figcaption><\/figure>\n<h4>Okulun altyap\u0131s\u0131, yeri ve gelece\u011fi<\/h4>\n<p>B\u00fcy\u00fck bir tesis in\u015fa edilirken ka\u00e7\u0131n\u0131lmaz olan altyap\u0131 ve mevcut binalar\u0131n nas\u0131l ele al\u0131naca\u011f\u0131 konusunda da sorular g\u00fcndeme geldi.<\/p>\n<blockquote><p><strong>kasaba halk\u0131<\/strong>&quot;Suyumuzu nas\u0131l g\u00fcvence alt\u0131na alaca\u011f\u0131z?&quot;<\/p>\n<p><strong>m\u00fcd\u00fcr<\/strong>&quot;Yak\u0131nlarda su temini i\u00e7in bir sondaj kuyusu a\u00e7ma fikrimiz var. O b\u00f6lgedeki yeralt\u0131 suyu seviyesi y\u00fcksek, bu nedenle su temini i\u00e7in farkl\u0131 bir yerde sondaj yapmay\u0131 d\u00fc\u015f\u00fcnebiliriz. Maliyet eskiden yakla\u015f\u0131k 8 milyon yen civar\u0131ndayd\u0131, ancak \u015fimdi 30 milyon yen civar\u0131na \u00e7\u0131kabilir. Derinlemesine kazmadan bilemeyece\u011fimiz baz\u0131 \u015feyler var, ancak elbette bunu de\u011ferlendirece\u011fiz.&quot;<\/p><\/blockquote>\n<h4>Kahverengi ay\u0131lara kar\u015f\u0131 al\u0131nan en son hayat kurtar\u0131c\u0131 \u00f6nlemler<\/h4>\n<p>Kat\u0131l\u0131mc\u0131lar ayr\u0131ca, do\u011fal g\u00fczellikleri bak\u0131m\u0131ndan zengin bir b\u00f6lge olan Hokkaido&#039;ya \u00f6zg\u00fc acil sorunlar\u0131 da ele ald\u0131lar.<\/p>\n<blockquote><p><strong>kasaba halk\u0131<\/strong>&quot;Son zamanlarda o civarda hi\u00e7 boz ay\u0131 g\u00f6r\u00fclmedi mi?&quot;<\/p>\n<p><strong>m\u00fcd\u00fcr<\/strong>&quot;Ge\u00e7en y\u0131l, parktaki golf sahas\u0131n\u0131n \u00e7evresinde g\u00f6r\u00fcld\u00fcler. \u0130tfaiye ekiplerimiz dronlarla u\u00e7uyor ve onlar\u0131 g\u00f6zlem alt\u0131nda tutmalar\u0131 i\u00e7in \u00e7a\u011f\u0131r\u0131yoruz. Yaz\u0131n da\u011flarda yiyecek var, bu y\u00fczden kasabaya geleceklerini sanm\u0131yorum, ama hava durumuna ba\u011fl\u0131. Ge\u00e7en y\u0131l Hokkaido&#039;nun her yerinde s\u0131cakt\u0131, bu da da\u011flarda yiyecek olmad\u0131\u011f\u0131 i\u00e7in etkili oldu.&quot;<\/p>\n<p><strong>Belediye Ba\u015fkan\u0131<\/strong>&quot;Laleleriyle \u00fcnl\u00fc Yubetsu kasabas\u0131, turistleri korumak i\u00e7in insans\u0131z hava ara\u00e7lar\u0131na s\u0131cakl\u0131k sens\u00f6rleri takma konusunda deneylere ba\u015flad\u0131. Biz de do\u011fal olarak bu t\u00fcr son \u00f6rnekleri dikkate alarak herkesin hayat\u0131n\u0131 koruyacak yollar bulaca\u011f\u0131z.&quot;<\/p><\/blockquote>\n<p>Korkmak yerine, insan ve do\u011fal d\u00fcnya aras\u0131nda g\u00fcvenli bir s\u0131n\u0131r olu\u015fturmak ve do\u011fayla birlikte var olmak i\u00e7in en son teknolojiyi (s\u0131cakl\u0131k alg\u0131layan dronlar) benimsediler. Bu da, her \u015feyden \u00f6nce hayata de\u011fer veren Hokuryu halk\u0131n\u0131n &quot;merhametini&quot; g\u00f6steriyor.<\/p>\n<h4>&quot;Birlikte para kazanal\u0131m&quot; Toplumsal istihdam ve bo\u015f evlerin de\u011ferlendirilmesi<\/h4>\n<p>Son olarak, tesisin i\u015fleyi\u015fi ve kasaban\u0131n canl\u0131l\u0131\u011f\u0131 \u00fczerine bir g\u00f6r\u00fc\u015fme yap\u0131ld\u0131.<\/p>\n<blockquote><p><strong>kasaba halk\u0131<\/strong>&quot;Yeni tesis in\u015fa edildi\u011finde, orada bir y\u00f6netici bulunacak m\u0131?&quot;<\/p>\n<p><strong>Belediye Ba\u015fkan Yard\u0131mc\u0131s\u0131<\/strong>&quot;Tesisin kullan\u0131m\u0131na ba\u015flarsak bir bak\u0131c\u0131ya ihtiyac\u0131m\u0131z olacak, ancak her g\u00fcn a\u00e7\u0131k olup olmayaca\u011f\u0131 veya sadece belirli etkinlikler i\u00e7in a\u00e7\u0131k olup olmayaca\u011f\u0131, gelecekte nas\u0131l y\u00f6netilece\u011fine ba\u011fl\u0131 olacak. Bunu dikkatlice de\u011ferlendirmemiz ve bu y\u0131l (2026 mali y\u0131l\u0131) bir karar vermemiz gerekecek.&quot;<\/p>\n<p><strong>Belediye Ba\u015fkan\u0131<\/strong>&quot;Kasaba halk\u0131ndan \u00e7im bi\u00e7mek gibi \u00e7e\u015fitli i\u015fler yapmalar\u0131n\u0131 istemek zorunda kalaca\u011f\u0131z. Hepimizin \u00e7al\u0131\u015fabilece\u011fi, para kazanabilece\u011fi ve birlikte e\u011flenebilece\u011fi bir sistem olu\u015fturmak istiyoruz.&quot;<\/p>\n<p>Miboshi&#039;de ya\u015famak isteyen ancak &quot;Burada bo\u015f ev yok&quot; diyen gen\u00e7 k\u0131zlar\u0131n hikayelerini de duydum. Ayr\u0131ca, bo\u015falan evlerin tadilat\u0131 ve kullan\u0131m\u0131 i\u00e7in bir sistem olu\u015fturulmas\u0131 y\u00f6n\u00fcnde talepler de ald\u0131m. \u0130nsanlar bu \u015fekilde g\u00f6r\u00fc\u015flerini dile getirmeye devam ederse, bunu ger\u00e7e\u011fe d\u00f6n\u00fc\u015ft\u00fcrmek isterim.&quot;<\/p><\/blockquote>\n<p>Yeni tesis sadece bir turistik mekan olmakla kalmayacak, ayn\u0131 zamanda yerel halk i\u00e7in i\u015f imkanlar\u0131 yaratacak ve yeni sakinler i\u00e7in s\u0131cak bir kar\u015f\u0131lama g\u00f6revi g\u00f6recektir. Belediye Ba\u015fkan\u0131 Sasaki&#039;nin &quot;Herkes para kazan\u0131r ve herkes e\u011flenir.&quot; s\u00f6zleri, Hokuryu Kasabas\u0131&#039;n\u0131n hedefledi\u011fi nihai uyum bi\u00e7imini \u00f6zetliyor.<\/p>\n<figure class=\"wp-caption aligncenter\"><a href=\"https:\/\/photos.google.com\/share\/AF1QipOTMje2qzC5N25Xp-TOhAYKyp_VFpFCSH7nfJS537C62rq2jk4-qNREFZ9VDo-aNA\/photo\/AF1QipNwV8JTOUSHVHFs7jWuzqu7Eg-sO3iuCaHkV54?key=QUZQcjlvVktUZGVuYmp4TVMtVlN3TkVEcUlOVXFB\" target=\"_blank\"><img decoding=\"async\" src=\"https:\/\/lh3.googleusercontent.com\/pw\/AP1GczOxBPQdTiZ3rDTBLLAoG0XZD2p_4V-olZVwGrPBTKPk3g_CF37tcwkT7hUMhdSQDiuB6PCBWO4K879nitZ-rIHg0eNkl74xSgI4XC0CjGz1OgKoBccosft3_hA0BV5zbrxCGpEeAGKMcN6cmSbOZV8j=w2000-h1333-s-no-gm?authuser=0\" width=\"2000\" height=\"1333\" alt=\"Amac\u0131m\u0131z &quot;birlikte para kazanmak ve birlikte e\u011flenmek!&quot;\" class=\"size-medium\" \/><\/a><figcaption class=\"wp-caption-text\">Amac\u0131m\u0131z &quot;birlikte para kazanmak ve birlikte e\u011flenmek!&quot;<\/figcaption><\/figure>\n<h3>&quot;Uyum ruhu&quot; taraf\u0131ndan yarat\u0131lan, d\u00fcnya i\u00e7in bir umut modeli.<\/h3>\n<figure class=\"wp-caption aligncenter\"><a href=\"https:\/\/photos.google.com\/share\/AF1QipOTMje2qzC5N25Xp-TOhAYKyp_VFpFCSH7nfJS537C62rq2jk4-qNREFZ9VDo-aNA\/photo\/AF1QipMDZfKLPA6PSKRWz0m97DVr6zYUB_kaZmKTPIk?key=QUZQcjlvVktUZGVuYmp4TVMtVlN3TkVEcUlOVXFB\" target=\"_blank\"><img decoding=\"async\" src=\"https:\/\/lh3.googleusercontent.com\/pw\/AP1GczPB4vuN3_fp5Z70Mnk4xkvmecPo8PfAvkJEYV3RrbNoLaVqyewpklnqzHcj5LucbgNNghqDuMkxV3ryNLSSyP--OSyrcNhp38uQ0r39bdndSd-J7LXFRYDxFnSYJ0tomGXtkpNZ8MGGsuQFBTDocSF3=w2000-h1333-s-no-gm?authuser=0\" width=\"2000\" height=\"1333\" alt=\"Belediye Ba\u015fkan Yard\u0131mc\u0131s\u0131 Okuda&#039;n\u0131n kapan\u0131\u015f konu\u015fmas\u0131\" class=\"size-medium\" \/><\/a><figcaption class=\"wp-caption-text\">Belediye Ba\u015fkan Yard\u0131mc\u0131s\u0131 Okuda&#039;n\u0131n kapan\u0131\u015f konu\u015fmas\u0131<\/figcaption><\/figure>\n<p>&quot;Gelecekte daha fazla bilgilendirme toplant\u0131s\u0131 d\u00fczenlemek i\u00e7in f\u0131rsatlar bulmak isteriz. Bug\u00fcn i\u00e7in \u00e7ok te\u015fekk\u00fcr ederim.&quot;<\/p>\n<p>Yakla\u015f\u0131k 90 dakika s\u00fcren ve hararetli ge\u00e7mesine ra\u011fmen s\u0131cak bir atmosferin hakim oldu\u011fu brifing, belediye ba\u015fkan yard\u0131mc\u0131s\u0131n\u0131n konu\u015fmas\u0131yla sona erdi.<\/p>\n<p>D\u0131\u015far\u0131da hala kal\u0131n bir kar \u00f6rt\u00fcs\u00fc olmas\u0131na ra\u011fmen, etkinlikteki herkesin y\u00fcz\u00fc, bahar g\u00fcne\u015finin parlak \u0131\u015f\u0131nlar\u0131 gibi, umut dolu bir ifadeyle doluydu.<\/p>\n<p>&quot;Wakuwaku Gelecek Yarat\u0131m Merkezi&quot; (ge\u00e7ici isim) projesi, sadece yeni bir bina in\u015fa etmekten ibaret de\u011fil. Bu, Hokuryu halk\u0131n\u0131n nesillerdir besledi\u011fi &quot;uyum ruhu&quot; ve &quot;\u015fefkat ruhuna&quot; somut bir bi\u00e7im kazand\u0131rmak ve gelece\u011fe bakmak i\u00e7in yap\u0131lan b\u00fcy\u00fck bir deneydir.<\/p>\n<p>Farkl\u0131 g\u00f6r\u00fc\u015fleri kabul etmek, \u00e7at\u0131\u015fma korkusu olmadan diyalog kurmak ve herkesin \u00fczerinde anla\u015fabilece\u011fi bir uzla\u015fma noktas\u0131 bulmak, Hokuryu Kasabas\u0131&#039;n\u0131n en b\u00fcy\u00fck cazibesi ve somut olmayan de\u011feri olan, tam da bu ayaklar\u0131 yere basan ama d\u00fcr\u00fcst s\u00fcre\u00e7tir.<\/p>\n<p>G\u00fcn\u00fcm\u00fcz toplumunda, verimlilik ve rasyonelli\u011fin \u00f6ncelik kazand\u0131\u011f\u0131 ve insanlar\u0131n yaln\u0131zl\u0131k ve kopukluk duygular\u0131na daha yatk\u0131n oldu\u011fu bir ortamda, Hokuryu Kasabas\u0131 zaman ay\u0131rman\u0131n ve i\u015flere g\u00f6n\u00fcl vermenin de\u011ferini g\u00f6stermeye \u00e7al\u0131\u015f\u0131yor.<\/p>\n<blockquote>\n<ul>\n<li>Tekerlekli sandalye kullan\u0131c\u0131lar\u0131n\u0131 da g\u00f6z \u00f6n\u00fcnde bulunduran bir rampa \u00f6nerisi.<\/li>\n<li>Do\u011fan\u0131n nimetlerine \u015f\u00fckran duyan g\u00fcne\u015f panelleri \u00f6neriyoruz.<\/li>\n<li>K\u0131\u015f aktiviteleri ve kamp alan\u0131 para tasarrufu fikirleri.<\/li>\n<li>Teknolojiyi kullanarak kahverengi ay\u0131lardan kaynaklanan tehlikelere kar\u015f\u0131 can g\u00fcvenli\u011fini sa\u011flamak.<\/li>\n<li>Ve yeti\u015fkinlerin gelecek nesillere y\u00fck b\u0131rakmama kararl\u0131l\u0131\u011f\u0131.<\/li>\n<\/ul>\n<\/blockquote>\n<p>Hokuryu Kasabas\u0131&#039;n\u0131n gelece\u011fi parlak, \u00e7\u00fcnk\u00fc bu k\u00fc\u00e7\u00fck ama kesin &quot;iyilik&quot; eylemleri sonunda d\u00fcnyay\u0131 s\u0131cak bir \u015fekilde kucaklayacak ve bar\u0131\u015f i\u00e7in bir g\u00fc\u00e7 haline gelecek b\u00fcy\u00fck bir dalgaya d\u00f6n\u00fc\u015fecek!<\/p>\n<p>S\u0131n\u0131rs\u0131z sevgi, \u015f\u00fckran ve dualarla, Hokuryu Kasabas\u0131 halk\u0131, ay\u00e7i\u00e7e\u011fi kadar parlak ve g\u00fcne\u015f kadar s\u0131cak bir gelece\u011fe do\u011fru g\u00fc\u00e7l\u00fc bir yolculu\u011fa \u00e7\u0131karken, ruhlar\u0131nda birlik i\u00e7indeler.<\/p>\n<h2>Di\u011fer foto\u011fraflar<\/h2>\n<div class=\"img-move\"><img decoding=\"async\" style=\"vertical-align: middle;\" src=\"https:\/\/ehokkaido.net\/wp-content\/uploads\/2021\/12\/2021-12-06-11.41.12.png\" \/> <a href=\"https:\/\/photos.app.goo.gl\/zYFAjrY2hubvMgcu7\" target=\"_blank\" rel=\"noopener noreferrer\">Bibagyu E\u011fitim Merkezi&#039;nde Wakuwaku Gelecek Yarat\u0131m Merkezi&#039;nin (ge\u00e7ici isim) temel tasar\u0131m\u0131na (taslak) ili\u015fkin halka a\u00e7\u0131k bilgilendirme oturumunun 65 foto\u011fraf\u0131 i\u00e7in buraya t\u0131klay\u0131n &gt;&gt;<\/a><\/div>\n<h2>\u0130lgili Siteler<\/h2>\n\n        <div class=\"site-blogcard-premium\">\n            <div class=\"bc-label-custom\">\u0130lgili makaleler<\/div>\n            <div class=\"bc-flex-container\">\n                <div class=\"bc-main-text\">\n                    <div class=\"bc-title-link-box\">\n                        <a href=\"https:\/\/portal.hokuryu.info\/tr\/70280\/\" target=\"_blank\">https:\/\/portal.hokuryu.info\/70280<\/a>\n                    <\/div>\n                    <div class=\"bc-excerpt-box\">Sayfa bilgileri al\u0131namad\u0131.<\/div>\n                <\/div>\n                <div class=\"bc-thumbnail-box\">\n                    <a href=\"https:\/\/portal.hokuryu.info\/tr\/70280\/\" target=\"_blank\">\n                        <div class=\"bc-img-zoom-wrap\">\n                            <img decoding=\"async\" src=\"https:\/\/portal.hokuryu.info\/wp\/wp-content\/uploads\/2026\/02\/20230802DSC06445_1.jpg\" alt=\"https:\/\/portal.hokuryu.info\/70280\">\n                        <\/div>\n                    <\/a>\n                <\/div>\n            <\/div>\n        <\/div>\n\n        <div class=\"site-blogcard-premium\">\n            <div class=\"bc-label-custom\">\u0130lgili makaleler<\/div>\n            <div class=\"bc-flex-container\">\n                <div class=\"bc-main-text\">\n                    <div class=\"bc-title-link-box\">\n                        <a href=\"https:\/\/portal.hokuryu.info\/tr\/70539\/\" target=\"_blank\">https:\/\/portal.hokuryu.info\/70539<\/a>\n                    <\/div>\n                    <div class=\"bc-excerpt-box\">Sayfa bilgileri al\u0131namad\u0131.<\/div>\n                <\/div>\n                <div class=\"bc-thumbnail-box\">\n                    <a href=\"https:\/\/portal.hokuryu.info\/tr\/70539\/\" target=\"_blank\">\n                        <div class=\"bc-img-zoom-wrap\">\n                            <img decoding=\"async\" src=\"https:\/\/portal.hokuryu.info\/wp\/wp-content\/uploads\/2026\/02\/20230802DSC06445_1.jpg\" alt=\"https:\/\/portal.hokuryu.info\/70539\">\n                        <\/div>\n                    <\/a>\n                <\/div>\n            <\/div>\n        <\/div>\n\n        <div class=\"site-blogcard-premium\">\n            <div class=\"bc-label-custom\">\u0130lgili makaleler<\/div>\n            <div class=\"bc-flex-container\">\n                <div class=\"bc-main-text\">\n                    <div class=\"bc-title-link-box\">\n                        <a href=\"https:\/\/portal.hokuryu.info\/tr\/70364\/\" target=\"_blank\">https:\/\/portal.hokuryu.info\/70364<\/a>\n                    <\/div>\n                    <div class=\"bc-excerpt-box\">Sayfa bilgileri al\u0131namad\u0131.<\/div>\n                <\/div>\n                <div class=\"bc-thumbnail-box\">\n                    <a href=\"https:\/\/portal.hokuryu.info\/tr\/70364\/\" target=\"_blank\">\n                        <div class=\"bc-img-zoom-wrap\">\n                            <img decoding=\"async\" src=\"https:\/\/portal.hokuryu.info\/wp\/wp-content\/uploads\/2026\/02\/20230802DSC06445_1.jpg\" alt=\"https:\/\/portal.hokuryu.info\/70364\">\n                        <\/div>\n                    <\/a>\n                <\/div>\n            <\/div>\n        <\/div>\n<div class=\"img-move\">\n<a href=\"https:\/\/portal.hokuryu.info\/tr\/62509\/\">\ud83d\udd8b\ufe0f \u0130\u00e7erik planlama, makale yaz\u0131m\u0131, foto\u011fraf se\u00e7imi ve video olu\u015fturma: Ikuko Terauchi<img decoding=\"async\" style=\"vertical-align: middle;\" src=\"https:\/\/ehokkaido.net\/wp-content\/uploads\/2021\/12\/2021-12-06-11.41.12.png\" \/> Foto\u011fraf\u00e7\u0131l\u0131k, d\u00fczenleme ve web sitesi y\u00f6netimi: Noboru Terauchi<\/a><\/div>\n<p>\u25c7<\/p>","protected":false},"excerpt":{"rendered":"<p>2026\u5e743\u67085\u65e5\uff08\u6728\uff09 \u3072\u307e\u308f\u308a\u306e\u91cc\u306b\u65b0\u305f\u306a\u9f13\u52d5\u3092\u3002100\u5e74\u306e\u672a\u6765\u3092\u753a\u6c11\u3068\u5171\u306b\u5275\u308b\u300c\u308f\u304f\u308f\u304f\u672a\u6765\u5275\u9020\u9928\uff08\u4eee\u79f0\uff09\u300d\u4f4f\u6c11\u8aac\u660e\u4f1a \u5317\u6d77\u9053\u5317\u7adc\u753a\u304c\u8a87\u308b\u300c\u3072\u307e\u308f\u308a\u306e\u91cc\u300d\u3002\u305d\u306e\u4e2d\u5fc3\u306b\u3001\u6b21\u306a\u308b100\u5e74\u3092\u898b\u636e\u3048\u305f\u65b0 [&hellip;]<\/p>\n","protected":false},"author":1,"featured_media":70349,"comment_status":"open","ping_status":"open","sticky":false,"template":"","format":"standard","meta":{"footnotes":""},"categories":[4,75,14,112],"tags":[],"class_list":["post-70330","post","type-post","status-publish","format-standard","has-post-thumbnail","hentry","category-cover-story","category-sasaki-yasuhiro-mayor","category-hokuryu-town","category-local_revitalization_2"],"_links":{"self":[{"href":"https:\/\/portal.hokuryu.info\/tr\/wp-json\/wp\/v2\/posts\/70330","targetHints":{"allow":["GET"]}}],"collection":[{"href":"https:\/\/portal.hokuryu.info\/tr\/wp-json\/wp\/v2\/posts"}],"about":[{"href":"https:\/\/portal.hokuryu.info\/tr\/wp-json\/wp\/v2\/types\/post"}],"author":[{"embeddable":true,"href":"https:\/\/portal.hokuryu.info\/tr\/wp-json\/wp\/v2\/users\/1"}],"replies":[{"embeddable":true,"href":"https:\/\/portal.hokuryu.info\/tr\/wp-json\/wp\/v2\/comments?post=70330"}],"version-history":[{"count":54,"href":"https:\/\/portal.hokuryu.info\/tr\/wp-json\/wp\/v2\/posts\/70330\/revisions"}],"predecessor-version":[{"id":70598,"href":"https:\/\/portal.hokuryu.info\/tr\/wp-json\/wp\/v2\/posts\/70330\/revisions\/70598"}],"wp:featuredmedia":[{"embeddable":true,"href":"https:\/\/portal.hokuryu.info\/tr\/wp-json\/wp\/v2\/media\/70349"}],"wp:attachment":[{"href":"https:\/\/portal.hokuryu.info\/tr\/wp-json\/wp\/v2\/media?parent=70330"}],"wp:term":[{"taxonomy":"category","embeddable":true,"href":"https:\/\/portal.hokuryu.info\/tr\/wp-json\/wp\/v2\/categories?post=70330"},{"taxonomy":"post_tag","embeddable":true,"href":"https:\/\/portal.hokuryu.info\/tr\/wp-json\/wp\/v2\/tags?post=70330"}],"curies":[{"name":"wp","href":"https:\/\/api.w.org\/{rel}","templated":true}]}}