{"id":69661,"date":"2026-02-18T09:36:13","date_gmt":"2026-02-18T00:36:13","guid":{"rendered":"https:\/\/portal.hokuryu.info\/?p=69661"},"modified":"2026-02-18T11:08:55","modified_gmt":"2026-02-18T02:08:55","slug":"%e7%ac%ac25%e5%9b%9e%e5%85%83%e6%b0%97%e6%9d%91%e3%83%bb%e5%a4%a2%e3%81%ae%e8%be%b2%e6%9d%91%e5%a1%be-%e7%b7%8f%e4%bc%9a-2026%e3%83%bb%e6%9c%aa%e6%9d%a5%e3%81%b8%e8%92%94%e3%81%8f%e3%80%81%e6%84%9f","status":"publish","type":"post","link":"https:\/\/portal.hokuryu.info\/tr\/69661\/","title":{"rendered":"Genki K\u00f6y\u00fc Hayal K\u0131rsal Akademisi 25. Genel Toplant\u0131s\u0131 2026: Gelece\u011fe ilham tohumlar\u0131 ekmek: &quot;Yeni zorluklar&quot; ve de\u011fi\u015fmeyen &quot;uyum ruhu&quot;"},"content":{"rendered":"<p>\u00c7ar\u015famba, 18 \u015eubat 2026<\/p>\n<div class=\"ep-box es-BpaperRight es-grid bgc-VPsky\">\n&quot;Kar\u015f\u0131la\u015fmalar hayat\u0131n tohumlar\u0131d\u0131r.&quot; Bu mottoyu pusula edinen Genki Mura Yume no Nousou Juku, son 24 y\u0131lda 18.000&#039;den fazla genci Kita-Sorachi topraklar\u0131na a\u011f\u0131rlad\u0131. 13 \u015eubat Cuma g\u00fcn\u00fc, Fukagawa&#039;n\u0131n karl\u0131 topraklar\u0131ndaki Agri Kobo Maabu&#039;da 25. genel toplant\u0131 ger\u00e7ekle\u015ftirildi. \u00c7eyrek as\u0131rl\u0131k tarihlerini d\u00fc\u015f\u00fcn\u00fcrken, \u00e7ift\u00e7iler okul gezilerindeki azalman\u0131n yaratt\u0131\u011f\u0131 olumsuz r\u00fczgar\u0131, kendileri harekete ge\u00e7mek i\u00e7in bir f\u0131rsat olarak de\u011ferlendirmeye kararl\u0131l\u0131k g\u00f6sterdiler. Ve uyum ba\u011flar\u0131 de\u011fi\u015fmeden kald\u0131. G\u00fcl\u00fcmsemeler, g\u00f6zya\u015flar\u0131 ve umutla dolu k\u0131rsal ya\u015fam\u0131n mevcut durumunu aktaraca\u011f\u0131z.\n<\/div>\n<h2>Genki K\u00f6y\u00fc Hayal K\u0131rsal Akademisi 25. Genel Toplant\u0131s\u0131 2026: Gelece\u011fe ilham tohumlar\u0131 ekmek: &quot;Yeni zorluklar&quot; ve de\u011fi\u015fmeyen &quot;uyum ruhu&quot;<\/h2>\n<p>Takvime g\u00f6re bahar olmas\u0131na ra\u011fmen, Hokkaido&#039;nun Kita-Sorachi b\u00f6lgesi hala bembeyaz karla kapl\u0131. 13 \u015eubat \u00f6\u011fleden sonra, nefesiniz bile buz gibi hissediliyor. Ancak Fukagawa \u015fehrindeki Agri Kobo Maabu Kentsel-K\u0131rsal De\u011fi\u015fim Merkezi&#039;nin bir odas\u0131nda, hava yaz ortas\u0131 kadar s\u0131cak ve g\u00fcne\u015fli bir yerin s\u0131cakl\u0131\u011f\u0131yla doluydu.<\/p>\n<p>Burada, Kita-Sorachi&#039;deki bir \u015fehirden ve d\u00f6rt kasabadan (Fukagawa \u015eehri, Imobeushi Kasabas\u0131, Chishibetsu Kasabas\u0131, Hokuryu Kasabas\u0131 ve Numata Kasabas\u0131) insanlar ortak bir \u00f6zlemle bir araya geldi: Genki Mura R\u00fcya \u00c7iftli\u011fi Okulu \u00fcyeleri, kentli \u00e7ocuklara tar\u0131m\u0131, g\u0131dan\u0131n can damar\u0131n\u0131 ve memleketlerinin s\u0131cakl\u0131\u011f\u0131n\u0131 \u00f6\u011freten bir grup profesyonel.<\/p>\n<p>Kurulu\u015fun \u00fczerinden 24 y\u0131l ge\u00e7ti. 25. Genel Kurul Toplant\u0131s\u0131, \u00e7eyrek as\u0131rl\u0131k \u00f6nemli bir d\u00f6n\u00fcm noktas\u0131n\u0131 i\u015faret ediyor. Mekan\u0131n kap\u0131lar\u0131 a\u00e7\u0131ld\u0131\u011f\u0131nda, uzun zamand\u0131r beklenen bulu\u015fman\u0131n sevinciyle dolup ta\u015fan ne\u015feli sohbetler ve \u0131\u015f\u0131l \u0131\u015f\u0131l g\u00fcl\u00fcmsemeler mekan\u0131 doldurdu.<\/p>\n<h3>B\u00f6l\u00fcm 1: 18.000 ki\u015finin kalbindeki &quot;k\u0131rsal ya\u015fam an\u0131lar\u0131&quot;<\/h3>\n<figure class=\"wp-caption aligncenter\"><a href=\"https:\/\/photos.google.com\/share\/AF1QipN4yvMKQt9alw2rEWNMMLcsTVb2T-DGfZEH-QgZdsOy0FsnCZiV8ELmxTRGyr2OsA\/photo\/AF1QipPgPNjNturikyxswOzNGi-i9a6pmKgIWDDlNSg?key=M2daTG5Pd2EyQ2ZIN3YzOHpMeGIwVHRtWktQdWNB\" target=\"_blank\"><img decoding=\"async\" src=\"https:\/\/lh3.googleusercontent.com\/pw\/AP1GczOROVINcyCfqxPbVpi0-21emVSqNm7RIaOSccoraTpDoTJ1ACQPJRQsPm902FQ6f5xYXZHq0lx_kYyYrcqznJ8JmPNdZiFyOQbHgI13ci27k21175qJ-csmqj4A6LnA4oSAH9rxoC2M55Wv4hb8gCvd=w2000-h1125-s-no-gm?authuser=1\" width=\"2000\" height=\"1125\" alt=\"Genki K\u00f6y\u00fc Hayal K\u0131rsal Akademisi 25. Genel Toplant\u0131s\u0131\" class=\"size-medium\" \/><\/a><figcaption class=\"wp-caption-text\">Genki K\u00f6y\u00fc Hayal K\u0131rsal Akademisi 25. Genel Toplant\u0131s\u0131<\/figcaption><\/figure>\n<p>25. Genel Kurul Toplant\u0131s\u0131, moderat\u00f6r\u00fcn sakin sesiyle zaman\u0131nda ba\u015flad\u0131. Mikrofonu ilk alan ki\u015fi, yaln\u0131zca bir kad\u0131n\u0131n sahip olabilece\u011fi dikkatli bir bak\u0131\u015f a\u00e7\u0131s\u0131yla te\u015fkilat\u0131 y\u00f6neten Okul M\u00fcd\u00fcr\u00fc Murakami Harumi oldu.<\/p>\n<figure class=\"wp-caption aligncenter\"><a href=\"https:\/\/photos.google.com\/share\/AF1QipN4yvMKQt9alw2rEWNMMLcsTVb2T-DGfZEH-QgZdsOy0FsnCZiV8ELmxTRGyr2OsA\/photo\/AF1QipMUNPeO08GMpGrB45RGk-AfGnNID2RXCW0PJV4?key=M2daTG5Pd2EyQ2ZIN3YzOHpMeGIwVHRtWktQdWNB\" target=\"_blank\"><img decoding=\"async\" src=\"https:\/\/lh3.googleusercontent.com\/pw\/AP1GczMT0om8SgwAIVrZcQNma6eENzexKKJTyjZov9alpXuvGH6APPZM5bgRj1G3BvMlBnBWDqLHiAOWdXQy70cLXjTsDhO82RP_PdPOCpVZEjWVgxMVZe_2SzOtkbRlcScqXeyNrntgTP-qh9FV7nXNU-_r=w2000-h1333-s-no-gm?authuser=0\" width=\"2000\" height=\"1333\" alt=\"M\u00fcd\u00fcr Harumi Murakami\" class=\"size-medium\" \/><\/a><figcaption class=\"wp-caption-text\">M\u00fcd\u00fcr Harumi Murakami<\/figcaption><\/figure>\n<p>&quot;K\u00f6t\u00fc havaya ra\u011fmen bug\u00fcn geldi\u011finiz i\u00e7in \u00e7ok te\u015fekk\u00fcr ederim.&quot;<\/p>\n<p>\u0130lk s\u00f6zleri meslekta\u015flar\u0131na duydu\u011fu derin minnettarl\u0131kla doluydu. M\u00fcd\u00fcr Murakami, 24 y\u0131ll\u0131k \u00e7al\u0131\u015fman\u0131n doruk noktas\u0131 olarak kabul edilebilecek \u015fa\u015f\u0131rt\u0131c\u0131 rakamlardan bahsetti.<\/p>\n<p>&quot;Ge\u00e7en y\u0131l\u0131n sonu itibariyle tam 18.700 \u00f6\u011frenciyi kabul etmi\u015ftik.&quot;<\/p>\n<p>18.700. Bu sadece bir say\u0131 listesi de\u011fil.<br \/>\n\u00c7amurlu ellerle pirin\u00e7 ekmek, taze toplanm\u0131\u015f domatesleri yerkenki g\u00fcl\u00fcmsemeler, vedala\u015f\u0131rken d\u00f6k\u00fclen g\u00f6zya\u015flar\u0131; bu anlar\u0131n her biri, \u00fcyelerimizin bize g\u00f6sterdi\u011fi sevginin toplam\u0131n\u0131 temsil ediyor.<\/p>\n<h4>Kar\u015f\u0131la\u015fmalar hayat\u0131n tohumlar\u0131d\u0131r.<\/h4>\n<p>K\u0131rsal Okulun slogan\u0131n\u0131n bo\u015f laftan ibaret olmad\u0131\u011f\u0131n\u0131 kan\u0131tlayan iki dokunakl\u0131 hikaye payla\u015f\u0131ld\u0131.<\/p>\n<figure class=\"wp-caption aligncenter\"><a href=\"https:\/\/photos.google.com\/share\/AF1QipN4yvMKQt9alw2rEWNMMLcsTVb2T-DGfZEH-QgZdsOy0FsnCZiV8ELmxTRGyr2OsA\/photo\/AF1QipMmgBif-QuBtucFjPTpYH0VUeZRTs7RrXKfplw?key=M2daTG5Pd2EyQ2ZIN3YzOHpMeGIwVHRtWktQdWNB\" target=\"_blank\"><img decoding=\"async\" src=\"https:\/\/lh3.googleusercontent.com\/pw\/AP1GczNjTEtubU0QjXvUbabHwIhjVGTnVWBFx8hi6TzRUrtHVlGGS50X6xlKVebuTojFLz6yTGZEqGKCVx8cT0IpNhsOK07Z0xHOhY5x0fs6DGwJYmjnuNgMFw0JqF78E9UVdMgePKe1v4MWXSIkLKAQ6hng=w2000-h1333-s-no-gm?authuser=0\" width=\"2000\" height=\"1333\" alt=\"Slogan\u0131m\u0131z &quot;Bulu\u015fmalar hayat\u0131n tohumlar\u0131d\u0131r!&quot;\" class=\"size-medium\" \/><\/a><figcaption class=\"wp-caption-text\">Slogan\u0131m\u0131z &quot;Bulu\u015fmalar hayat\u0131n tohumlar\u0131d\u0131r!&quot;<\/figcaption><\/figure>\n<p><strong>Bunlardan biri, yedi y\u0131l \u00f6nce Tayvan&#039;dan gelen bir lise \u00f6\u011frencisinin hikayesi.<\/strong><\/p>\n<p>Kita Sorachi&#039;deki deneyimlerinden etkilenen kad\u0131n, Japonya&#039;da bir \u00fcniversitede e\u011fitimine devam etti. Mezun olduktan sonra Tayvan&#039;da bir seyahat acentesinde i\u015fe girdi ve \u015fimdi Japonya&#039;ya e\u011fitim ama\u00e7l\u0131 seyahatler d\u00fczenlemeyi hayal ediyor ve &quot;Tayvanl\u0131 \u00e7ocuklar\u0131 Japonya&#039;ya g\u00f6nderen bir i\u015fte \u00e7al\u0131\u015fmak istiyorum&quot; diyor. Bir zamanlar ekilen tohumlar s\u0131n\u0131rlar\u0131 a\u015farak filizlendi ve yeni bir k\u00f6pr\u00fc olmaya haz\u0131rlan\u0131yor.<\/p>\n<p><strong>Di\u011feri ise \u00e7ok daha eski bir zamana, 20 y\u0131l \u00f6ncesine dayan\u0131yor.<\/strong><\/p>\n<p>Osaka&#039;daki baz\u0131 ortaokul \u00f6\u011frencileri, hat\u0131ra olarak sulama kanal\u0131n\u0131n beton y\u00fczeyine el izlerini b\u0131rakt\u0131lar.<br \/>\nUzun y\u0131llar sonra, onlardan birinin art\u0131k Hyogo Eyaleti&#039;nde bir ortaokulun m\u00fcd\u00fcr\u00fc oldu\u011funu \u00f6\u011frendim. Art\u0131k yeti\u015fkin ve bir e\u011fitimci olan bu ki\u015fi, an\u0131larla dolu bir yer olan Fukagawa&#039;y\u0131 arabayla ziyaret etti.<\/p>\n<p>&quot;Sa\u011flad\u0131\u011f\u0131m\u0131z k\u0131rsal tar\u0131m ya\u015fam\u0131 deneyiminin \u00e7ocuklar\u0131n kalplerinde kal\u0131c\u0131 bir iz b\u0131rakaca\u011f\u0131na inan\u0131yoruz. Bunca zamandan sonra, cevaplar yava\u015f yava\u015f ortaya \u00e7\u0131kmaya ba\u015fl\u0131yor.&quot;<\/p>\n<p>M\u00fcd\u00fcr Murakami&#039;nin s\u00f6zleri, izleyicilerden derin ve anlaml\u0131 ba\u015f sallamalar\u0131yla kar\u015f\u0131land\u0131.<br \/>\nDa\u011f\u0131tt\u0131\u011f\u0131m\u0131z \u015fey sadece &quot;sebze&quot; veya &quot;hat\u0131ralar&quot; de\u011fil. Uzun ya\u015famlar\u0131 boyunca \u00e7ocuklara destek olacak &quot;manevi k\u00f6kler&quot; da\u011f\u0131t\u0131yoruz. Bu gurur t\u00fcm \u00fcyelerin y\u00fczlerinden okunuyordu.<\/p>\n<figure class=\"wp-caption aligncenter\"><a href=\"https:\/\/photos.google.com\/share\/AF1QipN4yvMKQt9alw2rEWNMMLcsTVb2T-DGfZEH-QgZdsOy0FsnCZiV8ELmxTRGyr2OsA\/photo\/AF1QipM1FPwFFoxBGcAPeIe8Me4L_cEIvxY5gUxgRJg?key=M2daTG5Pd2EyQ2ZIN3YzOHpMeGIwVHRtWktQdWNB\" target=\"_blank\"><img decoding=\"async\" src=\"https:\/\/lh3.googleusercontent.com\/pw\/AP1GczO01aXckwJSHYtJVpa6c2COMjfxoyTm9-uvY3KxNGV08w7BaIZjwMg02ieCL1qOlRCZFsOfsWQN8XxvUII6-FqP9xw8TtTQI-xj9gNdij3N532bVq_vvRuJouUq4SvoM37U1UvL1sJc43xviWydYRKT=w2000-h1125-s-no-gm?authuser=0\" width=\"2000\" height=\"1125\" alt=\"&quot;Kalbin k\u00f6klerini&quot; besleyen tar\u0131msal deneyimler\" class=\"size-medium\" \/><\/a><figcaption class=\"wp-caption-text\">&quot;Kalbin k\u00f6klerini&quot; besleyen tar\u0131msal deneyimler<\/figcaption><\/figure>\n<h3>B\u00f6l\u00fcm 2: Toplulu\u011fu destekleyen uyum ve s\u0131cak tezah\u00fcratlar<\/h3>\n<p>Genki Mura Dream K\u0131rsal Akademisi&#039;nin harika yan\u0131, idari b\u00f6l\u00fcmlerin s\u0131n\u0131rlar\u0131n\u0131 zahmetsizce a\u015fmas\u0131d\u0131r. Her kasaba el ele vererek &quot;Kita Sorachi&quot; ad\u0131 verilen b\u00fcy\u00fck bir aile olarak birlikte \u00e7al\u0131\u015f\u0131r.<\/p>\n<blockquote><p><strong>2025 B\u00f6lgesel \u00dcyelik: Toplam 25 \u00fcye<\/strong>Fukagawa \u015eehri: 12 \u00fcye, Numata Kasabas\u0131: 7 \u00fcye, Hokuryu Kasabas\u0131: 4 \u00fcye, Imobeushi Kasabas\u0131: 2 \u00fcye, Chishibetsu Kasabas\u0131: 0 \u00fcye.<\/p>\n<p><strong>2025 y\u0131l\u0131nda b\u00f6lgelere g\u00f6re kabul edilecek \u00f6\u011frenci say\u0131s\u0131: Toplam 415 \u00f6\u011frenci<\/strong>Fukagawa \u015eehri: 147 ki\u015fi, Numata Kasabas\u0131: 148 ki\u015fi, Hokuryu Kasabas\u0131: 71 ki\u015fi, Imobeushi Kasabas\u0131: 49 ki\u015fi, Chishibetsu Kasabas\u0131: 0 ki\u015fi.<\/p><\/blockquote>\n<p>Bug\u00fcn, \u015fehir ve kasaba yetkilileri ile JA (Tar\u0131m Kooperatifleri Birli\u011fi) \u00fcyeleri genel kurul toplant\u0131s\u0131na konuk olarak kat\u0131ld\u0131lar.<\/p>\n<p>Fukagawa Belediye Ba\u015fkan\u0131 Masayuki Tanaka, konuk konu\u015fmas\u0131 yapmak \u00fczere mikrofonun \u00f6n\u00fcne ge\u00e7ti.<\/p>\n<p>Konu\u015fma sadece resmi bir tebrik konu\u015fmas\u0131 de\u011fildi, aksine K\u0131rsal Akademi&#039;nin tarihine ve \u00f6nemine dair derin bir anlay\u0131\u015f\u0131 g\u00f6steren ve i\u00e7ten bir sayg\u0131y\u0131 ifade eden harika bir konu\u015fmayd\u0131.<\/p>\n<h4>Fukagawa Belediye Ba\u015fkan\u0131 Masayuki Tanaka&#039;n\u0131n tebrik konu\u015fmas\u0131<\/h4>\n<figure class=\"wp-caption aligncenter\"><a href=\"https:\/\/photos.google.com\/share\/AF1QipN4yvMKQt9alw2rEWNMMLcsTVb2T-DGfZEH-QgZdsOy0FsnCZiV8ELmxTRGyr2OsA\/photo\/AF1QipOnsmqNdFBO1BHsLp-S6FJ_TVW8zMW3l8rxRak?key=M2daTG5Pd2EyQ2ZIN3YzOHpMeGIwVHRtWktQdWNB\" target=\"_blank\"><img decoding=\"async\" src=\"https:\/\/lh3.googleusercontent.com\/pw\/AP1GczN3WIHbuky5UlKlIrVqHbbsEd1xEj1Y-g3-LY6-kOSDPBGEfgL3GTTgzXBgV3Hke2xkLsWZyphABQB51jYcYjvHqQuu62p152EzdwErCoYf0-zFsvghvExn6KxeP1ND2wpji0jrIl0ast7qD9hmK7zU=w2000-h1333-s-no-gm?authuser=0\" width=\"2000\" height=\"1333\" alt=\"Fukagawa Belediye Ba\u015fkan\u0131 Masayuki Tanaka\" class=\"size-medium\" \/><\/a><figcaption class=\"wp-caption-text\">Fukagawa Belediye Ba\u015fkan\u0131 Masayuki Tanaka<\/figcaption><\/figure>\n<p>&quot;Ben Tanaka. Bu, Genki K\u00f6y\u00fc ve R\u00fcya K\u0131rsal Akademisi&#039;nin 25. genel toplant\u0131s\u0131. 2002 y\u0131l\u0131nda ba\u015flad\u0131, yani \u00e7eyrek as\u0131r ge\u00e7ti. Bu genel toplant\u0131n\u0131n ger\u00e7ekle\u015fmesi i\u00e7in \u00e7ok \u00e7al\u0131\u015fan t\u00fcm \u00fcyelere y\u00fcrekten tebriklerimi sunmak istiyorum ve hepimizin bildi\u011fi gibi, &#039;kar\u015f\u0131la\u015fmalar hayat\u0131n tohumlar\u0131d\u0131r.&#039;&quot;<\/p>\n<p>Hem \u015fehirli hem de k\u0131rsal kesimden \u00e7ocuklara \u00e7ift\u00e7ili\u011fi deneyimleme \u015fans\u0131 vermek istiyoruz ve \u00e7ift\u00e7ilik arac\u0131l\u0131\u011f\u0131yla &quot;kalp&quot; ve &quot;ba\u015fkalar\u0131na kar\u015f\u0131 \u015fefkat&quot; duygusunu a\u015f\u0131layacak faaliyetler y\u00fcr\u00fctmek istiyoruz. Ayr\u0131ca, okul m\u00fcd\u00fcr\u00fcn\u00fcn de az \u00f6nce belirtti\u011fi gibi, bu faaliyetler bug\u00fcne kadar 18.000 ki\u015fiyi a\u011f\u0131rlayacak noktaya ula\u015ft\u0131 ve ge\u00e7en y\u0131l 400&#039;den fazla ki\u015fiyi a\u011f\u0131rlad\u0131k, bu nedenle insanlar\u0131n bu faaliyetlerin \u00f6nemini ke\u015ffetti\u011fini d\u00fc\u015f\u00fcn\u00fcyorum.<\/p>\n<p>Dahas\u0131, grup iki y\u0131l \u00f6nce 11. &quot;K\u00f6y\u00fcm\u00fcz G\u00fczeldir - Hokkaido&quot; kampanyas\u0131 yar\u0131\u015fmas\u0131nda M\u00fckemmellik \u00d6d\u00fcl\u00fc&#039;n\u00fc kazanm\u0131\u015f ve devam eden harika faaliyetleriyle takdir toplam\u0131\u015ft\u0131r.<\/p>\n<p>Her bir \u00f6rg\u00fct veya tar\u0131m \u015firketindeki \u00fcye say\u0131s\u0131, \u00f6nceki 50&#039;nin \u00fczerindeki say\u0131dan azalm\u0131\u015f olsa da, bu faaliyetlerin kendilerinin zay\u0131flad\u0131\u011f\u0131 anlam\u0131na gelmez; aksine, bence daha da \u00f6nem kazanm\u0131\u015flard\u0131r.<\/p>\n<p>\u015eehrin bize sa\u011flad\u0131\u011f\u0131 destekten gurur duyacak durumda olmasak da, mevcut \u00fcyelerimizin faaliyetlerini ve \u00e7abalar\u0131n\u0131 elimizden geldi\u011fince desteklemek istiyoruz.<\/p>\n<p>Ayr\u0131ca, bug\u00fcn konu\u015fma yapacak olan Say\u0131n Noya, uzun zaman \u00f6nce b\u00fcy\u00fckbaban\u0131zla konu\u015fma f\u0131rsat\u0131m olmu\u015ftu. Torununun Hokkaido \u00dcniversitesi&#039;ne kabul edilmesinden duydu\u011fu mutlulu\u011fu \u00e7ok net hat\u0131rl\u0131yorum. Umar\u0131m siz de ba\u015fkalar\u0131yla kurdu\u011funuz bu t\u00fcr ba\u011flant\u0131lar\u0131 k\u0131ymetlendirirsiniz. Tebriklerimi, gelecekte de ba\u015far\u0131lar\u0131n\u0131z\u0131n devam\u0131n\u0131 dileyerek sonland\u0131rmak istiyorum.<\/p>\n<p>Belediye Ba\u015fkan\u0131 Tanaka, etkileyici bir konu\u015fmada, &quot;Bug\u00fcnk\u00fc geli\u015finizden dolay\u0131 tebrikler,&quot; dedi.<\/p>\n<p>Bu g\u00fc\u00e7l\u00fc s\u00f6zler \u00fcyelerden b\u00fcy\u00fck bir alk\u0131\u015f tufan\u0131yla kar\u015f\u0131land\u0131. H\u00fck\u00fcmetten gelen destek elbette \u00f6nemli, ancak bundan daha \u00f6nemlisi, bize faaliyetlerimize devam etme enerjisi veren \u015fey, bu t\u00fcr &quot;alan\u0131na duyulan sayg\u0131&quot; ve &quot;manevi destek&quot;tir.<\/p>\n<h4>Misafir Tan\u0131t\u0131m\u0131<\/h4>\n<p>Konuklar\u0131n tan\u0131t\u0131m\u0131 s\u0131ras\u0131nda, her bir konu\u011fun ad\u0131 okundu\u011funda izleyiciler co\u015fkulu alk\u0131\u015flarla kar\u015f\u0131l\u0131k verdi: &quot;Fukagawa \u015eehri Tar\u0131m Politikas\u0131 B\u00f6l\u00fcm\u00fc Ba\u015fkan\u0131 Kakigi Rieko,&quot; &quot;Numata Kasabas\u0131 Tar\u0131m Te\u015fvik B\u00f6l\u00fcm\u00fc Dan\u0131\u015fman\u0131 Kamiyabu Futoshi,&quot; &quot;Imobeushi Kasabas\u0131 Tar\u0131m Politikas\u0131 B\u00f6l\u00fcm\u00fc Ba\u015fkan\u0131 Shimizuno Isamu,&quot; &quot;Chishibetsu Kasabas\u0131 Tar\u0131m Politikas\u0131 B\u00f6l\u00fcm\u00fc Ba\u015fkan\u0131 Shimizuno Isamu&quot; ve bizim kendi konu\u011fumuz &quot;Hokuryu Kasabas\u0131 Sanayi B\u00f6l\u00fcm\u00fc Ba\u015fkan\u0131 Iguchi Junichi.&quot;<\/p>\n<p>JA Kita Sorachi&#039;nin Temsilci Direkt\u00f6r\u00fc ve Ba\u015fkan\u0131 Iwata Kiyomasa, JA Kita Ibuki&#039;nin Temsilci Direkt\u00f6r\u00fc ve Ba\u015fkan\u0131 Ta Yoichi ve gen\u00e7lik b\u00f6l\u00fcm\u00fc temsilcileri de dahil olmak \u00fczere tar\u0131m sekt\u00f6r\u00fcn\u00fcn \u00f6n saflar\u0131nda yer alan liderler de etkinlikte haz\u0131r bulunacak.<\/p>\n<p>Pozisyonlar\u0131 ve ba\u011flant\u0131lar\u0131 farkl\u0131 olsa da, hepsinin ortak bir amac\u0131 var: &quot;Bu b\u00f6lgedeki tar\u0131m\u0131 korumak istiyoruz&quot; ve &quot;\u00c7ocuklara g\u0131dan\u0131n \u00f6nemini \u00f6\u011fretmek istiyoruz.&quot;<\/p>\n<figure class=\"wp-caption aligncenter\"><a href=\"https:\/\/photos.google.com\/share\/AF1QipN4yvMKQt9alw2rEWNMMLcsTVb2T-DGfZEH-QgZdsOy0FsnCZiV8ELmxTRGyr2OsA\/photo\/AF1QipOk6IA8CGJeZmPLYOZiXL2jdhwG7TeZ7K0ISrQ?key=M2daTG5Pd2EyQ2ZIN3YzOHpMeGIwVHRtWktQdWNB\" target=\"_blank\"><img decoding=\"async\" src=\"https:\/\/lh3.googleusercontent.com\/pw\/AP1GczO-XgoQhSvLw4qN4lhgbpcuhOJDxk_8r8EdEPMwpeb7qWVKO3epGMmpDu5t8yd_0EtYTYhmdqskH9EzxS4UJRkfuzzEX4tVwEEXtPyqSyuyFPYWz0-pWialVXfv1LHPrI_klHgjcQut2c0y_ak-93Lw=w2000-h1333-s-no-gm?authuser=0\" width=\"2000\" height=\"1333\" alt=\"Misafir Tan\u0131t\u0131m\u0131\" class=\"size-medium\" \/><\/a><figcaption class=\"wp-caption-text\">Misafir Tan\u0131t\u0131m\u0131<\/figcaption><\/figure>\n<figure class=\"wp-caption aligncenter\"><a href=\"https:\/\/photos.google.com\/share\/AF1QipN4yvMKQt9alw2rEWNMMLcsTVb2T-DGfZEH-QgZdsOy0FsnCZiV8ELmxTRGyr2OsA\/photo\/AF1QipMtnwX-NJ6wQAp7LtV6lFj7sLCloENFYlSgG6g?key=M2daTG5Pd2EyQ2ZIN3YzOHpMeGIwVHRtWktQdWNB\" target=\"_blank\"><img decoding=\"async\" src=\"https:\/\/lh3.googleusercontent.com\/pw\/AP1GczOwzWCqJi5bzksc9JsWEM4QnW8nvsJQqfNuKgnwatbymn3DlHY7HPLDG5mbGCXJWOhbM5m3amHiSQrMK0nZzSDMLvnwOISv2A5jyeSvD2xUJFEJ593rWOL-zXxOAwHCLz7U_ytlIy-XGv8VsrWIZlnW=w2000-h1125-s-no-gm?authuser=0\" width=\"2000\" height=\"1125\" alt=\"Misafir Tan\u0131t\u0131m\u0131\" class=\"size-medium\" \/><\/a><figcaption class=\"wp-caption-text\">Misafir Tan\u0131t\u0131m\u0131<\/figcaption><\/figure>\n<ul>\n<li>Konu\u015fmac\u0131: Natsumi Noya, Umajikobo<\/li>\n<li>Profes\u00f6r Emeritus Makoto Hashimoto, Takushoku \u00dcniversitesi Hokkaido Junior College<br \/>\n\u3000<\/li>\n<li><strong>Fukagawa \u015eehri<\/strong>Belediye Ba\u015fkan\u0131 Masayuki Tanaka<\/li>\n<li><strong>Fukagawa \u015eehri<\/strong>Rieko Kakigi, Tar\u0131m Politikas\u0131 B\u00f6l\u00fcm\u00fc Ba\u015fkan\u0131, Tar\u0131m Politikas\u0131 Birimi<\/li>\n<li><strong>Imoseushi Kasabas\u0131<\/strong>Isamu Shimizuno, Tar\u0131m Politikalar\u0131 B\u00f6l\u00fcm\u00fc Direkt\u00f6r\u00fc<\/li>\n<li><strong>Chishibetsu Kasabas\u0131<\/strong>Tatsumi Oyama, Sanayi B\u00f6l\u00fcm\u00fc Direkt\u00f6r\u00fc<\/li>\n<li><strong>Hokuryu Kasabas\u0131<\/strong>Junichi Iguchi, Sanayi B\u00f6l\u00fcm\u00fc Direkt\u00f6r\u00fc<\/li>\n<li><strong>Numata Kasabas\u0131<\/strong>Tar\u0131m Te\u015fvik B\u00f6l\u00fcm\u00fc Dan\u0131\u015fman\u0131 Futa Kamiyabu<br \/>\n\u3000<\/li>\n<li><strong>JA Kitasorachi<\/strong>Kiyomasa Iwata Temsilci Direkt\u00f6rler Birli\u011fi Ba\u015fkan\u0131<\/li>\n<li><strong>JA Kitasorachi<\/strong>Tar\u0131m Te\u015fvik Dairesi Direkt\u00f6r\u00fc Keiichi Goto<br \/>\n\u3000<\/li>\n<li><strong>JA Kita Ibuki Black<\/strong>Yoichi Ta, Temsilci Direkt\u00f6rler Birli\u011fi Ba\u015fkan\u0131<\/li>\n<li><strong>JA Kita Ibuki<\/strong>Kazuhiro Sawada, Tar\u0131m Te\u015fvik Dairesi M\u00fcd\u00fcr\u00fc<\/li>\n<li><strong>JA Kita Ibuki Blue<\/strong>Yusuke Hori, Y\u0131l Departman\u0131 Direkt\u00f6r\u00fc<br \/>\n\u3000<\/li>\n<li><strong>Maabu Tar\u0131m At\u00f6lyesi<\/strong>Noriaki Akizawa Teknik Direkt\u00f6r<br \/>\n\u3000<\/li>\n<li><strong>Sorachi iyi biri.<\/strong>Mitsunori Yasuda, \u0130cra Direkt\u00f6r\u00fc<\/li>\n<li><strong>Renkli Tohumlar W<\/strong>E-ticaret tasar\u0131mc\u0131s\u0131 Mai Takane<\/li>\n<\/ul>\n<h3>B\u00f6l\u00fcm 3: Kar\u015f\u0131 r\u00fczgarlar\u0131 &quot;umut r\u00fczgarlar\u0131na&quot; \u00e7evirmek: Tar\u0131m ruhunun zorlu\u011fu<\/h3>\n<p>Genel kurul, rahat bir atmosferde, gelece\u011fe y\u00f6nelik ciddi planlar\u0131n ele al\u0131nd\u0131\u011f\u0131 g\u00fcndem maddelerine ge\u00e7ti.<\/p>\n<ul>\n<li><strong>1 Numaral\u0131 \u00d6neri:<\/strong>2025 Faaliyet Raporu, Mali Tablolar, Deneme \u00dccretleri ve Denetim Raporu<\/li>\n<li><strong>2 No&#039;lu \u00d6neri:<\/strong>2026 Mali Y\u0131l\u0131 Faaliyet Plan\u0131 (Taslak) ve Gelir ve Gider B\u00fct\u00e7esi (Taslak)<\/li>\n<li><strong>3 No&#039;lu \u00d6neri:<\/strong>2026 Mali Y\u0131l\u0131 Faaliyet Plan\u0131 (Taslak)<\/li>\n<li><strong>4 No&#039;lu Teklif:<\/strong>Memur se\u00e7imi<\/li>\n<li><strong>5 No&#039;lu Teklif:<\/strong>di\u011ferleri<\/li>\n<\/ul>\n<p>Burada payla\u015f\u0131lanlar, hi\u00e7 de iyimser olmayan bir &quot;ger\u00e7eklik&quot;ti.<\/p>\n<p>Son y\u0131llarda, Japonya&#039;ya gelen yabanc\u0131 turist say\u0131s\u0131ndaki h\u0131zl\u0131 art\u0131\u015f, Hokkaido i\u00e7indeki otob\u00fcs bilet fiyatlar\u0131n\u0131n ve otel fiyatlar\u0131n\u0131n f\u0131rlamas\u0131na neden oldu. Sonu\u00e7 olarak, daha \u00f6nce Hokkaido&#039;yu tercih eden Honshu&#039;daki okullar, okul gezisi destinasyonlar\u0131n\u0131 giderek daha fazla Okinawa&#039;ya veya yurt d\u0131\u015f\u0131na kayd\u0131r\u0131yor.<\/p>\n<p>Ayr\u0131ca, ya\u015flanan n\u00fcfus nedeniyle bir\u00e7ok b\u00f6lgede ziyaret\u00e7ileri a\u011f\u0131rlayan \u00e7ift\u00e7i say\u0131s\u0131 azalmaktad\u0131r. 2026 mali y\u0131l\u0131 i\u00e7in planlanan ziyaret\u00e7i say\u0131s\u0131 \u015fu anda &quot;yedi&quot;dir. Ge\u00e7mi\u015fin hareketlili\u011fini hat\u0131rlayan \u00fcyeler bir yaln\u0131zl\u0131k ve kriz duygusu ya\u015f\u0131yorlar. Ancak &quot;Genki K\u00f6y\u00fc&quot;n\u00fcn ruhu, &quot;\u00e7ift\u00e7i ruhu&quot; burada sona ermez.<\/p>\n<p>M\u00fcd\u00fcr Murakami&#039;nin sesi g\u00fc\u00e7l\u00fc ve etkileyici.<br \/>\n&quot;E\u011fer sadece beklersek, bu durumlar\u0131n say\u0131s\u0131 sadece azalacakt\u0131r. Bu y\u00fczden bu y\u0131l sald\u0131r\u0131ya ge\u00e7iyoruz!&quot;<\/p>\n<p>A\u00e7\u0131klanan eylem plan\u0131, zorluklar\u0131n \u00fcstesinden gelmek i\u00e7in heyecan verici yeni zorluklar i\u00e7eriyordu.<\/p>\n<ul>\n<li><strong>Orijinal proje &quot;Bir g\u00fcnl\u00fck tar\u0131m deneyimi&quot;:<\/strong><br \/>\nSeyahat acentelerinden talep beklemek yerine, kendileri bir etkinlik planlay\u0131p A\u011fustos ay\u0131nda genel kat\u0131l\u0131mc\u0131lar\u0131 davet ederek bir etkinlik d\u00fczenlediler. Bu, ba\u011f\u0131ms\u0131zl\u0131\u011fa do\u011fru at\u0131lan ilk ad\u0131md\u0131: &quot;m\u00fc\u015fterileri kendimiz getiriyoruz.&quot;<\/li>\n<li><strong>\u0130leti\u015fim becerilerini g\u00fc\u00e7lendirme:<\/strong><br \/>\nWeb sitemizi ve sosyal medyay\u0131 (Instagram, vb.) her zamankinden daha fazla kullanaca\u011f\u0131z. Profesyonel tasar\u0131mc\u0131 Mai Takane&#039;nin (&quot;Colorful Seeds&quot;) yard\u0131m\u0131yla i\u015fe al\u0131m posterlerimizi yeniledik ve &quot;K\u0131rsal Okulun B\u00fcy\u00fcs\u00fc&quot;ne do\u011frudan ba\u011flant\u0131 veren QR kodlar\u0131 kullanaca\u011f\u0131z.<\/li>\n<li><strong>\u00dcye logosu bulunan \u00fcr\u00fcnlerin olu\u015fturulmas\u0131:<\/strong><br \/>\nBirbirine uyumlu k\u0131yafetler ve \u00fcr\u00fcnler \u00fcreterek, ekip \u00fcyeleri aras\u0131ndaki tak\u0131m ruhunu g\u00fc\u00e7lendirebilir ve markam\u0131z\u0131 d\u0131\u015f d\u00fcnyaya tan\u0131tabiliriz.<\/li>\n<\/ul>\n<h4>Kriz bir f\u0131rsatt\u0131r.<\/h4>\n<p>Tar\u0131m, hava ko\u015fullar\u0131n\u0131n ka\u00e7\u0131n\u0131lmaz do\u011fal unsurlar\u0131yla ba\u015fa \u00e7\u0131kmay\u0131 gerektiren bir meslektir. Bu nedenle \u00e7ift\u00e7iler de\u011fi\u015fime uyum sa\u011flama ve de\u011fi\u015fime kar\u015f\u0131 diren\u00e7 g\u00f6sterme yetene\u011fine sahiptirler.<\/p>\n<p>Okul gezilerinin say\u0131s\u0131 azal\u0131yorsa, bireysel turistleri davet etmeliyiz. E\u011fer bu konu pek bilinmiyorsa, kendimiz fark\u0131ndal\u0131k yaratmal\u0131y\u0131z. Bu t\u00fcr olumlu bir enerji, mek\u00e2ndaki atmosferi tamamen de\u011fi\u015ftirdi.<\/p>\n<h3>B\u00f6l\u00fcm 4: Tasar\u0131mc\u0131 Mai Takane&#039;nin &quot;Gelece\u011fe A\u00e7\u0131lan Kap\u0131&quot; adl\u0131 \u00e7al\u0131\u015fmas\u0131<\/h3>\n<figure class=\"wp-caption aligncenter\"><a href=\"https:\/\/photos.google.com\/share\/AF1QipN4yvMKQt9alw2rEWNMMLcsTVb2T-DGfZEH-QgZdsOy0FsnCZiV8ELmxTRGyr2OsA\/photo\/AF1QipNS9q1AWDEo_wCDuIqVED5-1iZp_riRDZ6ZWw4?key=M2daTG5Pd2EyQ2ZIN3YzOHpMeGIwVHRtWktQdWNB\" target=\"_blank\"><img decoding=\"async\" src=\"https:\/\/lh3.googleusercontent.com\/pw\/AP1GczN6-FwBTnMGXuC0wp3KCal6ALfVEo0-vxQ7O4E0di-rdQsrO4W78voFjvwR3nBbefyDNDrPPwv3OS79GwzIohPKzZGlhIqEDC6_ntR4d-TJGMjzKZdYuUQWPmSwdEX9cAnZ6bmfdS_8mzxYZjKy9oGh=w2000-h1125-s-no-gm?authuser=0\" width=\"2000\" height=\"1125\" alt=\"Renkli Tohumlar Web Tasar\u0131mc\u0131s\u0131 Mai Takane\" class=\"size-medium\" \/><\/a><figcaption class=\"wp-caption-text\">Renkli Tohumlar Web Tasar\u0131mc\u0131s\u0131 Mai Takane<\/figcaption><\/figure>\n<p>Etkinlik s\u0131ras\u0131nda \u00f6zellikle dikkat \u00e7eken sunumlardan biri, yeni \u00fcyeler kazanmak i\u00e7in bir poster fikri \u00f6neren web tasar\u0131mc\u0131s\u0131 Mai Takane&#039;nin sunumuydu.<\/p>\n<p>&quot;Sadece bilgi vermek yerine, insanlar\u0131 &#039;Ben de \u00fcye olmak istiyorum!&#039; diye d\u00fc\u015f\u00fcnd\u00fcrecek heyecan verici bir tasar\u0131m hedefledik.&quot;<\/p>\n<figure class=\"wp-caption aligncenter\"><a href=\"https:\/\/photos.google.com\/share\/AF1QipN4yvMKQt9alw2rEWNMMLcsTVb2T-DGfZEH-QgZdsOy0FsnCZiV8ELmxTRGyr2OsA\/photo\/AF1QipPuSW6ybXsexq4kE7KSl1af_PCkqJo432rAYRM?key=M2daTG5Pd2EyQ2ZIN3YzOHpMeGIwVHRtWktQdWNB\" target=\"_blank\"><img decoding=\"async\" src=\"https:\/\/lh3.googleusercontent.com\/pw\/AP1GczNVFZDKFIET7Et9dQI5Xee7RLG4bYfHzDSGn3AIm4S7YtC7qp5lyHMvgAB4cNDZ7D0uqjnGRN2_ppLVwXIIBEXzryhqBw_quAP4TADZxLxZf9KdyQ_Gvukn5B8iJBYM6VdQ-KIhLWN5ea5Dc7ouzjQV=w2000-h1500-s-no-gm?authuser=0\" width=\"2000\" height=\"1500\" alt=\"\u00dc\u00e7 tasar\u0131m fikri\" class=\"size-medium\" \/><\/a><figcaption class=\"wp-caption-text\">\u00dc\u00e7 tasar\u0131m fikri<\/figcaption><\/figure>\n<h4>A, B ve C olmak \u00fczere \u00fc\u00e7 tasar\u0131m \u00f6nerisi sunuldu.<\/h4>\n<p>Foto\u011fraflar, \u00e7ift\u00e7ilerin \u0131\u015f\u0131l \u0131\u015f\u0131l g\u00fcl\u00fcmsemelerini ve Kita Sorachi&#039;nin muhte\u015fem manzaras\u0131n\u0131 yakalam\u0131\u015ft\u0131.<\/p>\n<p>Daha da benzersiz olan\u0131 ise QR koduna olan ba\u011flant\u0131. Do\u011frudan ba\u015fvuru ekran\u0131na gitmek yerine, K\u0131rsal Okulun sizin i\u00e7in uygun olup olmad\u0131\u011f\u0131n\u0131 de\u011ferlendirmek \u00fczere bir anket formu sunarak e\u011flenceli ve ilgi \u00e7ekici bir deneyim yarat\u0131yor.<\/p>\n<p>&quot;Vay, bu ilgin\u00e7.&quot; &quot;Ak\u0131ll\u0131 telefonunuzdan bak\u0131nca farkl\u0131 g\u00f6r\u00fcn\u00fcyor.&quot;<br \/>\nEtkinlik alan\u0131na vard\u0131klar\u0131nda, baz\u0131 \u00fcyeler hemen ak\u0131ll\u0131 telefonlar\u0131n\u0131 \u00e7\u0131kar\u0131p ekrana dikkatlice bakmaya ba\u015flad\u0131lar.<\/p>\n<p>Analog s\u0131cakl\u0131k ve dijital kolayl\u0131k. Bu iki unsuru birle\u015ftirerek, Rural Academy, Reiwa d\u00f6nemine yak\u0131\u015f\u0131r bir yap\u0131ya d\u00f6n\u00fc\u015f\u00fcyor. Gazilerin gen\u00e7 duyarl\u0131l\u0131klar\u0131 benimsedi\u011fini ve de\u011fi\u015fimden korkmad\u0131\u011f\u0131n\u0131 g\u00f6r\u00fcnce, kurulu\u015fun gen\u00e7li\u011fini hissetmeden edemedim.<\/p>\n<h3>B\u00f6l\u00fcm 5: Bayra\u011f\u0131 devretmek ve sonsuz gen\u00e7lik<\/h3>\n<h4>G\u00fcndem Maddesi 4: G\u00f6revlilerin Se\u00e7imi<font size=\"3\">(Ba\u015fl\u0131klar atlanm\u0131\u015ft\u0131r)<\/font><\/h4>\n<table border=\"1\" cellspacing=\"0\" cellpadding=\"6\">\n<thead>\n<tr>\n<th><\/th>\n<th>Reiwa 6-7<\/th>\n<th>Reiwa 8-9<\/th>\n<\/tr>\n<\/thead>\n<tbody>\n<tr>\n<th>Okul M\u00fcd\u00fcr\u00fc<\/th>\n<td>Harumi Murakami<\/td>\n<td>Harumi Murakami<\/td>\n<\/tr>\n<tr>\n<th>M\u00fcd\u00fcr Yard\u0131mc\u0131s\u0131<\/th>\n<td>Shigenori Watanabe<\/td>\n<td>Kato Osamu<\/td>\n<\/tr>\n<tr>\n<th>Genel Sekreter<\/th>\n<td>Chizuru Ueki<\/td>\n<td>Yachiko Tsuruyama<\/td>\n<\/tr>\n<tr>\n<th>muhasebe<\/th>\n<td>Mizuki Ha\u015fimuki<\/td>\n<td>Mizuki Ha\u015fimuki<\/td>\n<\/tr>\n<tr>\n<th>denet\u00e7i<\/th>\n<td>Yumi Komatsu<\/td>\n<td>Nozomi Shiraoka<\/td>\n<\/tr>\n<tr>\n<th>denet\u00e7i<\/th>\n<td>Yachiko Tsuruyama<\/td>\n<td>Kana Teraki<\/td>\n<\/tr>\n<\/tbody>\n<\/table>\n<h4>Yeni ve eski y\u00f6neticilerimizden selamlar.<\/h4>\n<figure class=\"wp-caption aligncenter\"><a href=\"https:\/\/photos.google.com\/share\/AF1QipN4yvMKQt9alw2rEWNMMLcsTVb2T-DGfZEH-QgZdsOy0FsnCZiV8ELmxTRGyr2OsA\/photo\/AF1QipPy6LDKAOoBLjHI2L1yWyXor_7bWLm2P8EpHf0?key=M2daTG5Pd2EyQ2ZIN3YzOHpMeGIwVHRtWktQdWNB\" target=\"_blank\"><img decoding=\"async\" src=\"https:\/\/lh3.googleusercontent.com\/pw\/AP1GczNycv1QNS9Wky3CrzZXwd4dxWCCF2F_o9xZF4_0GTb9RQiWGQWllQ8kvZs3XjrCKwHDQ65QozIginYDT7BuAxPEvbxvpqgbzaGq9WPw6vmjVrTZvAHyluG_daKDH3WZQmL0cUmfT1cm-kBB1jxIxSGn=w2000-h1333-s-no-gm?authuser=0\" width=\"2000\" height=\"1333\" alt=\"Eski Ba\u015fkan Yard\u0131mc\u0131s\u0131 Watanabe Shigenori&#039;nin veda konu\u015fmas\u0131\" class=\"size-medium\" \/><\/a><figcaption class=\"wp-caption-text\">Eski Ba\u015fkan Yard\u0131mc\u0131s\u0131 Watanabe Shigenori&#039;nin veda konu\u015fmas\u0131<\/figcaption><\/figure>\n<p>Genel kurul toplant\u0131s\u0131n\u0131n sonlar\u0131na do\u011fru, derne\u011fin faaliyetlerine y\u0131llarca y\u00f6netici ve \u00fcye olarak destek vermi\u015f ki\u015filerin veda konu\u015fmalar\u0131 yap\u0131l\u0131rken salonda duygusal bir atmosfer olu\u015ftu.<\/p>\n<p>Eski Ba\u015fkan Yard\u0131mc\u0131s\u0131 Watanabe Shigenori mikrofonu alarak derin bir duyguyla konu\u015fmaya ba\u015flad\u0131.<\/p>\n<p>&quot;Bu i\u015fe 25 y\u0131l \u00f6nce ba\u015flad\u0131\u011f\u0131mda h\u00e2l\u00e2 gen\u00e7tim (g\u00fcl\u00fcyor). O zamanlar, bizi kabul etme giri\u015fiminde bulunanlar enerjik b\u00fcy\u00fckanne ve b\u00fcy\u00fckbabalar\u0131m\u0131zd\u0131.&quot;<\/p>\n<p>Seyircilerden s\u0131cak bir kahkaha y\u00fckseldi.<\/p>\n<p>&quot;O zamandan beri yirmi be\u015f y\u0131l ge\u00e7ti ve fark\u0131na bile varmadan &#039;dede s\u0131n\u0131f\u0131na&#039; y\u00fckselmi\u015ftim.&quot;<\/p>\n<p>Esprili s\u00f6zlerinin ard\u0131nda, gen\u00e7li\u011fini ve hayat\u0131n\u0131n bir b\u00f6l\u00fcm\u00fcn\u00fc adad\u0131\u011f\u0131 Noson Juku&#039;nun yan\u0131nda \u00e7eyrek as\u0131r boyunca y\u00fcr\u00fcm\u00fc\u015f olman\u0131n verdi\u011fi derin bir sevgi ve gurur vard\u0131.<\/p>\n<p>Elbette ayr\u0131lmak onlar\u0131 \u00fczecektir, ancak y\u00fczlerini daha da ayd\u0131nlatan \u015fey &quot;gelecek nesle duyduklar\u0131 g\u00fcven&quot;dir.<\/p>\n<p>&quot;Grubumuza kat\u0131lan gen\u00e7 \u00f6\u011frencilerin, \u00f6zellikle de k\u0131z \u00f6\u011frencilerin say\u0131s\u0131nda bir art\u0131\u015f g\u00f6rd\u00fck. Bu bizi en \u00e7ok mutlu eden \u015fey. Emekli oluyoruz, ancak kalplerimiz her zaman K\u0131rsal Okul ile birlikte olacak. L\u00fctfen bizi unutmay\u0131n,&quot; dedi Watanabe i\u00e7ten konu\u015fmas\u0131nda.<\/p>\n<p>G\u00f6revden ayr\u0131lan \u00fcyeler derin bir \u015fekilde e\u011fildiler ve izleyicilerden gelen co\u015fkulu alk\u0131\u015flarla kar\u015f\u0131land\u0131lar. Bu sadece t\u00f6rensel bir alk\u0131\u015f de\u011fildi.<\/p>\n<p>Alk\u0131\u015flar sevgi ve minnettarl\u0131kla doluydu, &quot;Y\u0131llar boyunca g\u00f6sterdi\u011finiz emekler i\u00e7in \u00e7ok te\u015fekk\u00fcr ederim&quot;, &quot;Temeli kurdu\u011funuz i\u00e7in te\u015fekk\u00fcr ederim&quot; ve &quot;Gerisini bize b\u0131rak\u0131n&quot; gibi kelimelerle ifade edilmesi zor duygularla doluydu.<\/p>\n<figure class=\"wp-caption aligncenter\"><a href=\"https:\/\/photos.google.com\/share\/AF1QipN4yvMKQt9alw2rEWNMMLcsTVb2T-DGfZEH-QgZdsOy0FsnCZiV8ELmxTRGyr2OsA\/photo\/AF1QipPXEX8VjpMZBdIjZWnd0wonhlFiQwkoG564p0I?key=M2daTG5Pd2EyQ2ZIN3YzOHpMeGIwVHRtWktQdWNB\" target=\"_blank\"><img decoding=\"async\" src=\"https:\/\/lh3.googleusercontent.com\/pw\/AP1GczOIratzm0v3QZQ8RzB74eXCj05KXU-GWcgdmcgzdXz_Ysh0fNk8xPgtcAtEaNTH3IxUAkxaK4N49Nsxp2zhmVKEM1kMnNbI3RFHx3PoLxosyMT062tf7_rp00aN0Gp2uWDjTsMLbnW-HmuGY4kTktU7=w2000-h1333-s-no-gm?authuser=0\" width=\"2000\" height=\"1333\" alt=\"Eski y\u00f6neticileri alk\u0131\u015flar!\" class=\"size-medium\" \/><\/a><figcaption class=\"wp-caption-text\">Eski y\u00f6neticileri alk\u0131\u015flar!<\/figcaption><\/figure>\n<p>\u00d6n\u00fcmde s\u0131ralanm\u0131\u015f yeni subaylar biraz gergin ama ayn\u0131 zamanda umutlu g\u00f6r\u00fcn\u00fcyordu. G\u00f6rev teslimi hi\u00e7 \u015f\u00fcphesiz ger\u00e7ekle\u015fmi\u015fti.<\/p>\n<p>\u0130nsanlar ve zamanlar de\u011fi\u015fse de, bu &quot;Kita Sorachi ruhu&quot; asla s\u00f6nmez ve gelecek nesillere aktar\u0131l\u0131r.<\/p>\n<figure class=\"wp-caption aligncenter\"><a href=\"https:\/\/photos.google.com\/share\/AF1QipN4yvMKQt9alw2rEWNMMLcsTVb2T-DGfZEH-QgZdsOy0FsnCZiV8ELmxTRGyr2OsA\/photo\/AF1QipMxB6duzBjLUGq002fyYl8OM7zHG5yukHcCNb0?key=M2daTG5Pd2EyQ2ZIN3YzOHpMeGIwVHRtWktQdWNB\" target=\"_blank\"><img decoding=\"async\" src=\"https:\/\/lh3.googleusercontent.com\/pw\/AP1GczNsplsN86w88pR3hlPC_YR927rZRWhbRIlwyE1eEGevnIg79GFkZ-E6nO-xEVw2lj32PbGSaTES5fVPnt8BgBqbPO_q44reB2hEoptb_Kn-4exJWQFjUu8UlsUNUlcYATfF8InKeNTBUQdjFM398DGA=w2000-h1333-s-no-gm?authuser=0\" width=\"2000\" height=\"1333\" alt=\"Yeni subaylar\" class=\"size-medium\" \/><\/a><figcaption class=\"wp-caption-text\">Yeni subaylar<\/figcaption><\/figure>\n<h3>B\u00f6l\u00fcm 6: \u00d6\u011frenme ve Ziyafet, Yar\u0131n \u0130\u00e7in Canl\u0131l\u0131k<\/h3>\n<p>Genel kurul toplant\u0131s\u0131n\u0131n ard\u0131ndan Umaji Kobo&#039;dan Natsumi Noya taraf\u0131ndan bir konferans verildi.<\/p>\n<p>Noya&#039;n\u0131n atlarla birlikte ya\u015fama felsefesi, &quot;Yard\u0131ma ihtiyac\u0131n\u0131z varsa, size yak\u0131n olan biridir&quot; temas\u0131na dayan\u0131yordu. Canl\u0131lara kar\u015f\u0131 sergiledi\u011fi kat\u0131l\u0131k ve \u015fefkat, tar\u0131mla u\u011fra\u015fan \u00fcyeler \u00fczerinde derin bir etki b\u0131rakm\u0131\u015f olmal\u0131.<\/p>\n<p>Ard\u0131ndan uzun zamand\u0131r beklenen sosyal bulu\u015fma ger\u00e7ekle\u015fti. Daha \u00f6nceki ciddi ifadelerin aksine, mekan g\u00fcl\u00fcmsemelerle doluydu.<\/p>\n<p>&quot;Bu y\u0131l kar nas\u0131l?&quot;<br \/>\n&quot;Neden o orijinal projeye benzer bir \u015fey yapmay\u0131 denemiyorsunuz?&quot;<br \/>\n&quot;Torunlar\u0131m...&quot;<\/p>\n<p>Bir ellerinde \u015farap kadehiyle sohbet eden arkada\u015flar\u0131n ne\u015feli sesleri. Hokuryu Kasabas\u0131&#039;ndan \u00fcyeler de Fukagawa ve Numata&#039;dan gelen arkada\u015flar\u0131yla samimi bir ortamda sohbet edip \u015fakala\u015f\u0131yorlar.<\/p>\n<p>Burada kasaba s\u0131n\u0131rlar\u0131 yok. Var olan tek \u015fey, &quot;Kita Sorachi&#039;de tar\u0131m\u0131 geli\u015ftirmek&quot; ve &quot;\u00e7ocuklar\u0131n y\u00fczlerindeki g\u00fcl\u00fcmsemeleri g\u00f6rmek&quot; y\u00f6n\u00fcndeki ortak bir arzu.<\/p>\n<p>Kita Sorachi&#039;de lezzetli yemeklerin, enfes \u015faraplar\u0131n ve hepsinden \u00f6nemlisi arkada\u015flar\u0131m\u0131zla yapt\u0131\u011f\u0131m\u0131z sohbetin tad\u0131n\u0131 \u00e7\u0131kararak geceyi ge\u00e7 saatlere kadar ge\u00e7irdik.<\/p>\n<p>(Daha fazla ayr\u0131nt\u0131 i\u00e7in l\u00fctfen konferans makalesine ve sosyal etkinlik makalesine bak\u0131n\u0131z.)<\/p>\n<h3>Sonu\u00e7: Sevgi, minnet ve dualarla<\/h3>\n<p>Yeni do\u011fmu\u015f bir bebe\u011fin toplumun tam te\u015fekk\u00fcll\u00fc bir \u00fcyesi haline gelmesi 25 y\u0131l s\u00fcrer.<\/p>\n<p>O zamandan beri, Genki Mura R\u00fcya K\u0131rsal Okulu&#039;ndaki herkes ayn\u0131 g\u00fcl\u00fcmsemelerle ve ayn\u0131 topraklarda \u00e7ocuklar\u0131 beklemeye devam etti.<\/p>\n<p>Genel toplant\u0131 s\u0131ras\u0131nda, &quot;Kar\u015f\u0131la\u015fmalar, hayat tohumlar\u0131 ekmek gibidir&quot; s\u00f6zleri dile getirildi. Bu, sadece \u00e7ocuklar i\u00e7in bir tohum ekme deneyimi de\u011fil, ayn\u0131 zamanda onlar\u0131 a\u011f\u0131rlayan \u00e7ift\u00e7ilerin kalplerine &quot;ne\u015fenin&quot; tohumlar\u0131n\u0131 ekme eylemiydi.<\/p>\n<p>\u00c7ocuklar\u0131n &quot;\u00c7ok lezzetliydi!&quot;, &quot;\u00c7ok e\u011flenceliydi!&quot; ve &quot;Tekrar gelece\u011fiz!&quot; gibi s\u00f6zleri, \u00e7ift\u00e7ilerin kalplerini zenginle\u015ftiren su ve \u0131\u015f\u0131k gibi oldu.<\/p>\n<p>Zaman de\u011fi\u015fiyor. Okul gezilerinin format\u0131 ve bilginin yay\u0131lma \u015fekli de muhtemelen de\u011fi\u015fecek. Ancak burada deneyimledi\u011fimiz \u015feyin \u00f6z\u00fc - insanlar\u0131n s\u0131cakl\u0131\u011f\u0131, topra\u011f\u0131n kokusu ve payla\u015fman\u0131n sevinci - asla de\u011fi\u015fmeyecek.<\/p>\n<p>Son olarak, y\u0131llarca faaliyetlerimize destek veren emekli olan t\u00fcm personele en i\u00e7ten sayg\u0131lar\u0131m\u0131 sunmak istiyorum ve sonsuz sevgi, minnet ve dualarla, yeni bir yolculu\u011fa \u00e7\u0131kan Genki K\u00f6y\u00fc ve R\u00fcya K\u0131rsal Akademisi&#039;nin gelece\u011finin alt\u0131n pirin\u00e7 ba\u015faklar\u0131 kadar bereketli olmas\u0131n\u0131 umuyorum.<\/p>\n<figure class=\"wp-caption aligncenter\"><a href=\"https:\/\/photos.google.com\/share\/AF1QipN4yvMKQt9alw2rEWNMMLcsTVb2T-DGfZEH-QgZdsOy0FsnCZiV8ELmxTRGyr2OsA\/photo\/AF1QipPz4ppv9PzsswIbPJ6Sv5LzP0brQi2Clggj74w?key=M2daTG5Pd2EyQ2ZIN3YzOHpMeGIwVHRtWktQdWNB\" target=\"_blank\"><img decoding=\"async\" src=\"https:\/\/lh3.googleusercontent.com\/pw\/AP1GczOFRlFu_rEGQUVTCrT_2SzUDwetpkvUVMth6VgEWaZzy0BFxOmMi9FovEC8GD5CPNEzkRHzd5rvO2mty0ma6L4s7-FS2HnZOsF18BTbF_YNBDqW80KY5YuF-namF1l7T1Zl870QX3-eaOuOvDGc5KWL=w2000-h1125-s-no-gm?authuser=0\" width=\"2000\" height=\"1125\" alt=\"Gelecek nesillere aktar\u0131lacak bir ya\u015fam\u0131n tohumlar\u0131n\u0131 ekti\u011finiz i\u00e7in minnettar\u0131z!\" class=\"size-medium\" \/><\/a><figcaption class=\"wp-caption-text\">Gelecek nesillere aktar\u0131lacak bir ya\u015fam\u0131n tohumlar\u0131n\u0131 ekti\u011finiz i\u00e7in minnettar\u0131z!<\/figcaption><\/figure>\n<h2>Youtube videolar\u0131<\/h2>\n<div class=\"youtube\"><iframe title=\"Genki K\u00f6y\u00fc Hayal K\u0131rsal Akademisi 25. Genel Toplant\u0131s\u0131 2026: Gelece\u011fe ilham tohumlar\u0131 ekmek: &quot;Yeni zorluklar&quot; ve de\u011fi\u015fmeyen &quot;uyum ruhu&quot;\" src=\"https:\/\/www.youtube.com\/embed\/Uw65LbROTe0?feature=oembed\" frameborder=\"0\" allow=\"accelerometer; autoplay; clipboard-write; encrypted-media; gyroscope; picture-in-picture; web-share\" referrerpolicy=\"strict-origin-when-cross-origin\" allowfullscreen><\/iframe><\/div>\n<h2>Di\u011fer foto\u011fraflar<\/h2>\n<div class=\"img-move\"><img decoding=\"async\" style=\"vertical-align: middle;\" src=\"https:\/\/ehokkaido.net\/wp-content\/uploads\/2021\/12\/2021-12-06-11.41.12.png\" \/> <a href=\"https:\/\/photos.app.goo.gl\/Yc9xzZSHyA5oYYDx9\" target=\"_blank\" rel=\"noopener noreferrer\">Genki K\u00f6y\u00fc R\u00fcya K\u0131rsal Okulu Genel Kurul Toplant\u0131s\u0131 ve Sosyal Bulu\u015fmas\u0131 25. etkinli\u011finden 205 foto\u011fraf burada &gt;&gt;<\/a><\/div>\n<h2>\u0130lgili makaleler<\/h2>\n\n        <div class=\"site-blogcard-premium\">\n            <div class=\"bc-label-custom\">\u0130lgili makaleler<\/div>\n            <div class=\"bc-flex-container\">\n                <div class=\"bc-main-text\">\n                    <div class=\"bc-title-link-box\">\n                        <a href=\"https:\/\/portal.hokuryu.info\/tr\/69672\/\" target=\"_blank\">https:\/\/portal.hokuryu.info\/69672<\/a>\n                    <\/div>\n                    <div class=\"bc-excerpt-box\">Sayfa bilgileri al\u0131namad\u0131.<\/div>\n                <\/div>\n                <div class=\"bc-thumbnail-box\">\n                    <a href=\"https:\/\/portal.hokuryu.info\/tr\/69672\/\" target=\"_blank\">\n                        <div class=\"bc-img-zoom-wrap\">\n                            <img decoding=\"async\" src=\"https:\/\/portal.hokuryu.info\/wp\/wp-content\/uploads\/2026\/02\/20230802DSC06445_1.jpg\" alt=\"https:\/\/portal.hokuryu.info\/69672\">\n                        <\/div>\n                    <\/a>\n                <\/div>\n            <\/div>\n        <\/div>\n\n        <div class=\"site-blogcard-premium\">\n            <div class=\"bc-label-custom\">\u0130lgili makaleler<\/div>\n            <div class=\"bc-flex-container\">\n                <div class=\"bc-main-text\">\n                    <div class=\"bc-title-link-box\">\n                        <a href=\"https:\/\/portal.hokuryu.info\/tr\/69664\/\" target=\"_blank\">https:\/\/portal.hokuryu.info\/69664<\/a>\n                    <\/div>\n                    <div class=\"bc-excerpt-box\">Sayfa bilgileri al\u0131namad\u0131.<\/div>\n                <\/div>\n                <div class=\"bc-thumbnail-box\">\n                    <a href=\"https:\/\/portal.hokuryu.info\/tr\/69664\/\" target=\"_blank\">\n                        <div class=\"bc-img-zoom-wrap\">\n                            <img decoding=\"async\" src=\"https:\/\/portal.hokuryu.info\/wp\/wp-content\/uploads\/2026\/02\/20230802DSC06445_1.jpg\" alt=\"https:\/\/portal.hokuryu.info\/69664\">\n                        <\/div>\n                    <\/a>\n                <\/div>\n            <\/div>\n        <\/div>\n\u3000<br \/>\n\n        <div class=\"site-blogcard-premium\">\n            <div class=\"bc-label-custom\">\u0130lgili makaleler<\/div>\n            <div class=\"bc-flex-container\">\n                <div class=\"bc-main-text\">\n                    <div class=\"bc-title-link-box\">\n                        <a href=\"https:\/\/portal.hokuryu.info\/tr\/67592\/\" target=\"_blank\">https:\/\/portal.hokuryu.info\/67592<\/a>\n                    <\/div>\n                    <div class=\"bc-excerpt-box\">Sayfa bilgileri al\u0131namad\u0131.<\/div>\n                <\/div>\n                <div class=\"bc-thumbnail-box\">\n                    <a href=\"https:\/\/portal.hokuryu.info\/tr\/67592\/\" target=\"_blank\">\n                        <div class=\"bc-img-zoom-wrap\">\n                            <img decoding=\"async\" src=\"https:\/\/portal.hokuryu.info\/wp\/wp-content\/uploads\/2026\/02\/20230802DSC06445_1.jpg\" alt=\"https:\/\/portal.hokuryu.info\/67592\">\n                        <\/div>\n                    <\/a>\n                <\/div>\n            <\/div>\n        <\/div>\n\n        <div class=\"site-blogcard-premium\">\n            <div class=\"bc-label-custom\">\u0130lgili makaleler<\/div>\n            <div class=\"bc-flex-container\">\n                <div class=\"bc-main-text\">\n                    <div class=\"bc-title-link-box\">\n                        <a href=\"https:\/\/portal.hokuryu.info\/tr\/60888\/\" target=\"_blank\">https:\/\/portal.hokuryu.info\/60888<\/a>\n                    <\/div>\n                    <div class=\"bc-excerpt-box\">Sayfa bilgileri al\u0131namad\u0131.<\/div>\n                <\/div>\n                <div class=\"bc-thumbnail-box\">\n                    <a href=\"https:\/\/portal.hokuryu.info\/tr\/60888\/\" target=\"_blank\">\n                        <div class=\"bc-img-zoom-wrap\">\n                            <img decoding=\"async\" src=\"https:\/\/portal.hokuryu.info\/wp\/wp-content\/uploads\/2026\/02\/20230802DSC06445_1.jpg\" alt=\"https:\/\/portal.hokuryu.info\/60888\">\n                        <\/div>\n                    <\/a>\n                <\/div>\n            <\/div>\n        <\/div>\n\n        <div class=\"site-blogcard-premium\">\n            <div class=\"bc-label-custom\">\u0130lgili makaleler<\/div>\n            <div class=\"bc-flex-container\">\n                <div class=\"bc-main-text\">\n                    <div class=\"bc-title-link-box\">\n                        <a href=\"https:\/\/portal.hokuryu.info\/tr\/topics\/agri\/20150624.html\/\" target=\"_blank\">Lise \u00f6\u011frencisinin tar\u0131m deneyimi @ Nagai Minoru \u00c7iftli\u011fi (Genki K\u00f6y\u00fc, R\u00fcya \u00c7iftlik Okulu) - Hokuryu Kasabas\u0131 Giri\u015f Kap\u0131s\u0131 (Hokkaido) - Japonya&#039;n\u0131n 1 Numaral\u0131 Ay\u00e7i\u00e7e\u011fi K\u00f6y\u00fc<\/a>\n                    <\/div>\n                    <div class=\"bc-excerpt-box\">Ay\u00e7i\u00e7e\u011fi \u00e7i\u00e7eklenme durumu, Hokuryu Onsen Ay\u00e7i\u00e7e\u011fi Park\u0131, ay\u00e7i\u00e7e\u011fi pirinci, Kurosenkoku soya fasulyesi ve di\u011fer yerel spesiyaliteler hakk\u0131nda en g\u00fcncel bilgilere ula\u015f\u0131n...<\/div>\n                <\/div>\n                <div class=\"bc-thumbnail-box\">\n                    <a href=\"https:\/\/portal.hokuryu.info\/tr\/topics\/agri\/20150624.html\/\" target=\"_blank\">\n                        <div class=\"bc-img-zoom-wrap\">\n                            <img decoding=\"async\" src=\"https:\/\/lh4.googleusercontent.com\/-pxacR9Qkmi4\/VYZiCpokj_I\/AAAAAAAB2W8\/TNnpSsY3E_k\/w1275-h850-no\/20150618_DSC9413.jpg\" alt=\"Lise \u00f6\u011frencisinin tar\u0131m deneyimi @ Nagai Minoru \u00c7iftli\u011fi (Genki K\u00f6y\u00fc, R\u00fcya \u00c7iftlik Okulu) - Hokuryu Kasabas\u0131 Giri\u015f Kap\u0131s\u0131 (Hokkaido) - Japonya&#039;n\u0131n 1 Numaral\u0131 Ay\u00e7i\u00e7e\u011fi K\u00f6y\u00fc\">\n                        <\/div>\n                    <\/a>\n                <\/div>\n            <\/div>\n        <\/div>\n<h2>\u0130lgili Siteler<\/h2>\n\n        <div class=\"site-blogcard-premium\">\n            <div class=\"bc-label-custom\">\u0130lgili makaleler<\/div>\n            <div class=\"bc-flex-container\">\n                <div class=\"bc-main-text\">\n                    <div class=\"bc-title-link-box\">\n                        <a href=\"https:\/\/yumenonousonjuku.com\" target=\"_blank\">Genkimura R\u00fcya K\u00f6y\u00fc Okulu<\/a>\n                    <\/div>\n                    <div class=\"bc-excerpt-box\">Genki K\u00f6y\u00fc\/Dream Rural School, Hokkaido&#039;nun kuzeyindeki Sorachi b\u00f6lgesinde k\u0131rsal ya\u015fam deneyimleri sunan bir kurulu\u015ftur. Siz de k\u0131rsal ya\u015fam\u0131 deneyimleyebilirsiniz...<\/div>\n                <\/div>\n                <div class=\"bc-thumbnail-box\">\n                    <a href=\"https:\/\/yumenonousonjuku.com\" target=\"_blank\">\n                        <div class=\"bc-img-zoom-wrap\">\n                            <img decoding=\"async\" src=\"https:\/\/storage.googleapis.com\/production-os-assets\/assets\/267a19c5-999e-430d-b3ed-53cdb9f76908\" alt=\"Genkimura R\u00fcya K\u00f6y\u00fc Okulu\">\n                        <\/div>\n                    <\/a>\n                <\/div>\n            <\/div>\n        <\/div>\n\n        <div class=\"site-blogcard-premium\">\n            <div class=\"bc-label-custom\">\u0130lgili makaleler<\/div>\n            <div class=\"bc-flex-container\">\n                <div class=\"bc-main-text\">\n                    <div class=\"bc-title-link-box\">\n                        <a href=\"https:\/\/agri-studio-maabu.com\" target=\"_blank\">[Resmi] Agri Kobo Mabu | Do\u011fal kapl\u0131calara g\u00fcn\u00fcbirlik geziler, k\u0131r evi konaklamas\u0131 ve yemekler i\u00e7in<\/a>\n                    <\/div>\n                    <div class=\"bc-excerpt-box\"><\/div>\n                <\/div>\n                <div class=\"bc-thumbnail-box\">\n                    <a href=\"https:\/\/agri-studio-maabu.com\" target=\"_blank\">\n                        <div class=\"bc-img-zoom-wrap\">\n                            <img decoding=\"async\" src=\"https:\/\/agri-studio-maabu.com\/sys\/wp-content\/uploads\/2020\/08\/360view.png\" alt=\"[Resmi] Agri Kobo Mabu | Do\u011fal kapl\u0131calara g\u00fcn\u00fcbirlik geziler, k\u0131r evi konaklamas\u0131 ve yemekler i\u00e7in\">\n                        <\/div>\n                    <\/a>\n                <\/div>\n            <\/div>\n        <\/div>\n\n        <div class=\"site-blogcard-premium\">\n            <div class=\"bc-label-custom\">\u0130lgili makaleler<\/div>\n            <div class=\"bc-flex-container\">\n                <div class=\"bc-main-text\">\n                    <div class=\"bc-title-link-box\">\n                        <a href=\"https:\/\/colorfulnotane.com\" target=\"_blank\">Colorful Seeds | \u0130lham At\u00f6lyesi = Fukagawa \u015eehri, Hokkaido = Web tasar\u0131m ve programlama at\u00f6lyesi y\u00f6netimi<\/a>\n                    <\/div>\n                    <div class=\"bc-excerpt-box\">&quot;Renkli Tohumlar&quot; konsepti, ilham dolu bir at\u00f6lyedir. Web tasar\u0131m\u0131, DTP, programlama at\u00f6lyeleri...<\/div>\n                <\/div>\n                <div class=\"bc-thumbnail-box\">\n                    <a href=\"https:\/\/colorfulnotane.com\" target=\"_blank\">\n                        <div class=\"bc-img-zoom-wrap\">\n                            <img decoding=\"async\" src=\"https:\/\/storage.googleapis.com\/production-os-assets\/assets\/7c97fe4d-c0e8-4b3b-b070-6e973fc05aef\" alt=\"Colorful Seeds | \u0130lham At\u00f6lyesi = Fukagawa \u015eehri, Hokkaido = Web tasar\u0131m ve programlama at\u00f6lyesi y\u00f6netimi\">\n                        <\/div>\n                    <\/a>\n                <\/div>\n            <\/div>\n        <\/div>\n\n        <div class=\"site-blogcard-premium\">\n            <div class=\"bc-label-custom\">\u0130lgili makaleler<\/div>\n            <div class=\"bc-flex-container\">\n                <div class=\"bc-main-text\">\n                    <div class=\"bc-title-link-box\">\n                        <a href=\"http:\/\/www.sportpia.co.jp\/sorachi\" target=\"_blank\">Sorachi DE Iine Ofisi \/ Sportpia Co., Ltd.<\/a>\n                    <\/div>\n                    <div class=\"bc-excerpt-box\">Sorachi DE Iine Sekreterli\u011fi, Hokkaido&#039;nun Sorachi b\u00f6lgesine okul gezileri d\u00fczenlemek \u00fczere lise ve ortaokul \u00f6\u011frencilerini kabul eden bir kurulu\u015ftur. (Tar\u0131m faaliyetleri...).<\/div>\n                <\/div>\n                <div class=\"bc-thumbnail-box\">\n                    <a href=\"http:\/\/www.sportpia.co.jp\/sorachi\" target=\"_blank\">\n                        <div class=\"bc-img-zoom-wrap\">\n                            <img decoding=\"async\" src=\"http:\/\/www.sportpia.co.jp\/..\/img\/bn_fss.jpg\" alt=\"Sorachi DE Iine Ofisi \/ Sportpia Co., Ltd.\">\n                        <\/div>\n                    <\/a>\n                <\/div>\n            <\/div>\n        <\/div>\n<div class=\"img-move\">\n<a href=\"https:\/\/portal.hokuryu.info\/tr\/62509\/\">\ud83d\udd8b\ufe0f \u0130\u00e7erik planlama, makale yaz\u0131m\u0131, foto\u011fraf se\u00e7imi ve video olu\u015fturma: Ikuko Terauchi<img decoding=\"async\" style=\"vertical-align: middle;\" src=\"https:\/\/ehokkaido.net\/wp-content\/uploads\/2021\/12\/2021-12-06-11.41.12.png\" \/> Foto\u011fraf\u00e7\u0131l\u0131k, d\u00fczenleme ve web sitesi y\u00f6netimi: Noboru Terauchi<\/a><\/div>\n<p>\u25c7<\/p>","protected":false},"excerpt":{"rendered":"<p>2026\u5e742\u670818\u65e5\uff08\u6c34\uff09 \u300c\u51fa\u4f1a\u3044\u306f\u4eba\u751f\u306e\u7a2e\u307e\u304d\u300d\u3002\u3053\u306e\u8a00\u8449\u3092\u7f85\u91dd\u76e4\u306b\u300124\u5e74\u9593\u30671\u4e078\u5343\u4eba\u3092\u8d85\u3048\u308b\u82e5\u8005\u305f\u3061\u3092\u5317\u7a7a\u77e5\u306e\u5927\u5730\u306b\u8fce\u3048\u5165\u308c\u3066\u304d\u305f\u300c\u5143\u6c17\u6751\u30fb\u5922\u306e\u8fb2\u6751\u587e\u300d\u30022\u670813\u65e5\uff08\u91d1\uff09\u3001\u96ea\u6df1\u3044\u6df1\u5ddd\u306e\u5730\u300c\u30a2 [&hellip;]<\/p>\n","protected":false},"author":1,"featured_media":69755,"comment_status":"open","ping_status":"open","sticky":false,"template":"","format":"standard","meta":{"footnotes":""},"categories":[4],"tags":[],"class_list":["post-69661","post","type-post","status-publish","format-standard","has-post-thumbnail","hentry","category-cover-story"],"_links":{"self":[{"href":"https:\/\/portal.hokuryu.info\/tr\/wp-json\/wp\/v2\/posts\/69661","targetHints":{"allow":["GET"]}}],"collection":[{"href":"https:\/\/portal.hokuryu.info\/tr\/wp-json\/wp\/v2\/posts"}],"about":[{"href":"https:\/\/portal.hokuryu.info\/tr\/wp-json\/wp\/v2\/types\/post"}],"author":[{"embeddable":true,"href":"https:\/\/portal.hokuryu.info\/tr\/wp-json\/wp\/v2\/users\/1"}],"replies":[{"embeddable":true,"href":"https:\/\/portal.hokuryu.info\/tr\/wp-json\/wp\/v2\/comments?post=69661"}],"version-history":[{"count":47,"href":"https:\/\/portal.hokuryu.info\/tr\/wp-json\/wp\/v2\/posts\/69661\/revisions"}],"predecessor-version":[{"id":69900,"href":"https:\/\/portal.hokuryu.info\/tr\/wp-json\/wp\/v2\/posts\/69661\/revisions\/69900"}],"wp:featuredmedia":[{"embeddable":true,"href":"https:\/\/portal.hokuryu.info\/tr\/wp-json\/wp\/v2\/media\/69755"}],"wp:attachment":[{"href":"https:\/\/portal.hokuryu.info\/tr\/wp-json\/wp\/v2\/media?parent=69661"}],"wp:term":[{"taxonomy":"category","embeddable":true,"href":"https:\/\/portal.hokuryu.info\/tr\/wp-json\/wp\/v2\/categories?post=69661"},{"taxonomy":"post_tag","embeddable":true,"href":"https:\/\/portal.hokuryu.info\/tr\/wp-json\/wp\/v2\/tags?post=69661"}],"curies":[{"name":"wp","href":"https:\/\/api.w.org\/{rel}","templated":true}]}}