{"id":68404,"date":"2026-01-21T13:36:39","date_gmt":"2026-01-21T04:36:39","guid":{"rendered":"https:\/\/portal.hokuryu.info\/?p=68404"},"modified":"2026-02-02T04:23:37","modified_gmt":"2026-02-01T19:23:37","slug":"%e3%80%8c%e9%a1%94%e3%82%92%e8%a6%8b%e5%90%88%e3%82%8f%e3%81%9b%e3%82%8b%e3%80%8d%e3%81%93%e3%81%a8%e3%81%8c%e4%b8%80%e7%95%aa%e3%81%ae%e5%ae%9d%e7%89%a9%e3%80%82%e5%92%8c%ef%bc%88%e3%82%84%e3%82%8f","status":"publish","type":"post","link":"https:\/\/portal.hokuryu.info\/tr\/68404\/","title":{"rendered":"&quot;Birbirimizin y\u00fcz\u00fcn\u00fc g\u00f6rmek&quot; en k\u0131ymetli \u015fey. Yawara Mahalle Derne\u011fi&#039;nin 2026 Y\u0131lba\u015f\u0131 Partisi&#039;nde kurulan s\u0131cak ba\u011flar..."},"content":{"rendered":"<p>\u00c7ar\u015famba, 21 Ocak 2026<\/p>\n<div class=\"ep-box es-BpaperRight es-grid bgc-VPsky\"> Yawara Mahalle Derne\u011fi, karl\u0131 Hokuryu kasabas\u0131nda bir Yeni Y\u0131l partisi d\u00fczenledi. Yerel etkinlikler, sadele\u015ftirme \u00e7abalar\u0131 nedeniyle azalm\u0131\u015f olsa da, sakinler &quot;y\u00fcz y\u00fcze selamla\u015fman\u0131n&quot; de\u011ferini bilerek devam etmeyi tercih etti. Se\u00e7kin hizmetler i\u00e7in \u00f6vg\u00fcler, tarihi aktaran kadeh kald\u0131rmalar ve g\u00fcl\u00fcmseyen sohbetler... S\u0131cak &quot;uyum ruhu&quot;, k\u0131\u015f so\u011fu\u011funu eritti ve toplulu\u011fun ba\u011flar\u0131n\u0131 gelece\u011fe ba\u011flayacak y\u00fcrek \u0131s\u0131tan bir g\u00fcn yaratt\u0131. <\/div>\n<h2>&quot;Birbirimizin y\u00fcz\u00fcn\u00fc g\u00f6rmek&quot; en k\u0131ymetli \u015fey. Yawara Mahalle Derne\u011fi&#039;nin Y\u0131lba\u015f\u0131 Partisi&#039;nde kurulan s\u0131cak ba\u011flar...<\/h2>\n<p>Ocak ay\u0131nday\u0131z ve Hokuryu Kasabas\u0131&#039;nda s\u00fcrekli kar ya\u011f\u0131yor. Pencereden d\u0131\u015far\u0131s\u0131 dondurucu so\u011fuk olsa da, Wa Mahalle Derne\u011fi Topluluk Merkezi&#039;ndeki hava bahar\u0131n s\u0131cakl\u0131\u011f\u0131yla dolu.<\/p>\n<p>Yawara Mahalle Derne\u011fi, 2026 y\u0131l\u0131nda genel toplant\u0131s\u0131n\u0131 ve Yeni Y\u0131l partisini d\u00fczenledi. Zaman de\u011fi\u015firken ve bir\u00e7ok topluluk bir araya gelmeyi basitle\u015ftirirken, Yawara Mahalle Derne\u011fi bu y\u0131l da bir araya gelmeyi ve birbirlerinin g\u00fcvenli\u011fini ve sa\u011fl\u0131\u011f\u0131n\u0131 kutlamay\u0131 tercih etti.<\/p>\n<h3>Kar kokusu ve koruma kararl\u0131l\u0131\u011f\u0131<\/h3>\n<h4>1. tak\u0131m\u0131n lideri Toshiya Kobayashi&#039;den selamlar.<\/h4>\n<figure class=\"wp-caption aligncenter\"><a href=\"https:\/\/photos.google.com\/share\/AF1QipMokhD6mMFKuUr2VlMiXpiowBI_qtxwhKf1JuAXOG0JrGm7d43dE6Yke-M3wNyTWg\/photo\/AF1QipOU-a9buQQ_OUiMucTQzeqicpUNVfRYLNCyIzI?key=ZVVpaVlVQVpQNW5hSU51VkJTUjhGXzhQamhiaGNB\" target=\"_blank\"><img decoding=\"async\" src=\"https:\/\/lh3.googleusercontent.com\/pw\/AP1GczOJ728yDwdWl9c9GkAWMHQH9eBtl4hD502nmOVMAOtWsfKxPEYczvRYFUfZQXhd-5FimDLrslV8oNXv2tiYuQ_DOdQfYKKqUZiuW4NcC5meMpbXgUMo7Lc41u_ajEep0YdyttMam6y8y5yqnZdh68tt=w2000-h1125-s-no-gm?authuser=0\" width=\"2000\" height=\"1125\" alt=\"Tak\u0131m Lideri Kobayashi&#039;den selamlar.\" class=\"size-medium\" \/><\/a><figcaption class=\"wp-caption-text\">Tak\u0131m Lideri Kobayashi&#039;den selamlar.<\/figcaption><\/figure>\n<p>&quot;Herkese mutlu y\u0131llar. Ge\u00e7en y\u0131l, bir\u00e7ok ay\u0131 sightings&#039;\u0131 ve y\u00fckselen pirin\u00e7 fiyatlar\u0131yla g\u00fcnl\u00fck hayat\u0131 zorla\u015ft\u0131ran bir y\u0131ld\u0131. Umar\u0131m bu y\u0131l pirin\u00e7 fiyatlar\u0131 istikrar kazan\u0131r.&quot;<\/p>\n<p>Bu y\u0131l At Y\u0131l\u0131, bu y\u00fczden her \u015feyin sorunsuz ge\u00e7mesini diliyorum.<\/p>\n<p>&quot;Bug\u00fcnk\u00fc Yeni Y\u0131l bulu\u015fmas\u0131 i\u00e7in haz\u0131rl\u0131k yap\u0131yorduk. Zaman\u0131m\u0131z k\u0131s\u0131tl\u0131 olsa da, mahalle derne\u011fi i\u00e7indeki dostluklar\u0131 derinle\u015ftirmek i\u00e7in bug\u00fcnk\u00fc f\u0131rsattan yararlanaca\u011f\u0131n\u0131z\u0131 umuyoruz. \u0130\u015fbirli\u011finiz i\u00e7in te\u015fekk\u00fcr ederiz,&quot; dedi grup lideri Kobayashi a\u00e7\u0131l\u0131\u015f konu\u015fmas\u0131nda.<\/p>\n<h4>Ba\u015fkan Noriaki Nakajima&#039;n\u0131n Mesaj\u0131<\/h4>\n<figure class=\"wp-caption aligncenter\"><a href=\"https:\/\/photos.google.com\/share\/AF1QipMokhD6mMFKuUr2VlMiXpiowBI_qtxwhKf1JuAXOG0JrGm7d43dE6Yke-M3wNyTWg\/photo\/AF1QipPtLYduK2Be7oPzV1NzPYwG4-Uv1rUvb3JC6aM?key=ZVVpaVlVQVpQNW5hSU51VkJTUjhGXzhQamhiaGNB\" target=\"_blank\"><img decoding=\"async\" src=\"https:\/\/lh3.googleusercontent.com\/pw\/AP1GczPMb2EyUCxrV3SnFu_R3cYiAGIFap7gP8c7XIzR7lETyUZ8raOoEXqJ1cW20d2cjQjUItbWNQb7oq_KneaAKtyw0LKeNlOIfzx7gWY-YwQlAExze8ych179ZttRfu1wmsNhRgGVLEYKDmGtSri_v_m2=w2000-h1125-s-no-gm?authuser=1\" width=\"2000\" height=\"1125\" alt=\"Mahalle Derne\u011fi Ba\u015fkan\u0131 Noriaki Nakajima&#039;dan selamlar.\" class=\"size-medium\" \/><figcaption class=\"wp-caption-text\">Mahalle Derne\u011fi Ba\u015fkan\u0131 Noriaki Nakajima&#039;dan selamlar.<\/a><\/figcaption><\/figure>\n<p>&quot;Yeni y\u0131l\u0131n\u0131z kutlu olsun. Umar\u0131m hepiniz yeni y\u0131l\u0131 sa\u011fl\u0131kl\u0131 bir \u015fekilde kar\u015f\u0131lars\u0131n\u0131z.&quot;<\/p>\n<p>Ge\u00e7ti\u011fimiz y\u0131ldan beri d\u00fcnya b\u00f6l\u00fcnme, \u00e7at\u0131\u015fma ve hatta sava\u015f ya\u015f\u0131yor, ancak umar\u0131m bizimki gibi k\u00fc\u00e7\u00fck bir mahalle derne\u011fi bu t\u00fcr \u015feylerden ka\u00e7\u0131nabilir ve y\u0131l\u0131 uyum ve sa\u011fl\u0131k i\u00e7inde birlikte ge\u00e7irebilir.<\/p>\n<p>Mahalle derne\u011fi bu t\u00fcr ileti\u015fim i\u00e7in \u00f6nemli bir yer, bu y\u00fczden herkesle uyum i\u00e7inde birlikte vakit ge\u00e7irmek istiyorum.<\/p>\n<p>Bu y\u0131l hava \u015fartlar\u0131 \u00e7ok iyiydi ve iyi bir pirin\u00e7 hasad\u0131 i\u00e7in dua ediyoruz. Pirin\u00e7 fiyatlar\u0131 y\u00fcksek, bu \u00fcreticiler a\u00e7\u0131s\u0131ndan harika, ancak t\u00fcketicileri d\u00fc\u015f\u00fcnd\u00fc\u011f\u00fcm\u00fczde, her iki taraf i\u00e7in de kabul edilebilir bir fiyat\u0131n olmas\u0131 gerekti\u011fine inan\u0131yoruz.<\/p>\n<p>\u00d6zellikle Wa mahalle derne\u011fi, \u00fcreticilerin \u00e7ok \u00e7al\u0131\u015f\u0131p kaliteli pirin\u00e7 \u00fcretti\u011fi bir b\u00f6lge ve inan\u0131yorum ki daha da kaliteli pirin\u00e7 \u00fcretmek i\u00e7in \u00e7al\u0131\u015fmaya devam edecekler.<\/p>\n<p>Yeni y\u0131l tatili s\u0131ras\u0131nda \u00e7e\u015fitli mahalle derneklerinin ba\u015fkanlar\u0131yla g\u00f6r\u00fc\u015ft\u00fc\u011f\u00fcmde, &quot;Di\u011fer mahalle dernekleri yeni y\u0131l partilerini iptal ederken, Wa Mahalle Derne\u011fi&#039;nin h\u00e2l\u00e2 parti d\u00fczenlemesine imreniyorum&quot; dediklerini duydum.<\/p>\n<p>Ba\u015fkan Nakajima a\u00e7\u0131l\u0131\u015f konu\u015fmas\u0131nda, &quot;Herkesin \u00e7abalar\u0131 sayesinde bu Yeni Y\u0131l partisinde bir araya gelip birbirimizi selamlayabiliyoruz ve bunun as\u0131l amac\u0131 bu y\u0131l herkesi tekrar g\u00f6rmeyi d\u00f6rt g\u00f6zle beklemektir. Umar\u0131m siz de kendi y\u00f6ntemlerinizle \u00e7aba g\u00f6stermeye devam edersiniz. Devam eden deste\u011finiz i\u00e7in te\u015fekk\u00fcr ederim,&quot; dedi.<\/p>\n<p><center>\ud83c\udf3b \u301c \ud83c\udf3b \u301c \ud83c\udf3b \u301c \ud83c\udf3b \u301c \ud83c\udf3b \u301c \ud83c\udf3b<\/center><\/p>\n<p>Ba\u015fka b\u00f6lgelerden insanlar bazen, &quot;Y\u0131lba\u015f\u0131 partisine devam etti\u011finiz i\u00e7in k\u0131skan\u0131yoruz&quot; derler ve bir kez sona erdi\u011finde, yeniden canland\u0131r\u0131lmas\u0131 zor olan yerel bir etkinlik haline gelir.<\/p>\n<p>Yine de, Ba\u015fkan Nakajima&#039;n\u0131n &quot;\u00d6nemli olan y\u0131lda bir kez bir araya gelip selamla\u015fmak ve &#039;Bu y\u0131lki s\u00fcrekli deste\u011finiz i\u00e7in te\u015fekk\u00fcr ederiz!&#039; demek&quot; s\u00f6zleri, verimlilik veya rasyonellikten ziyade insanlar aras\u0131ndaki &quot;s\u0131cak ba\u011flara&quot; her \u015feyden \u00e7ok de\u011fer veren Hokuryu Kasabas\u0131&#039;n\u0131n ruhunu yans\u0131t\u0131yordu.<\/p>\n<p>N\u00fcfus azalmas\u0131, ya\u015flanan n\u00fcfus ve bireysel ya\u015fam tarzlar\u0131ndaki de\u011fi\u015fiklikler, yaln\u0131zca Hokuryu Kasabas\u0131&#039;n\u0131 de\u011fil, Japonya ve d\u00fcnyan\u0131n d\u00f6rt bir yan\u0131ndaki topluluklar\u0131 da etkileyen sorunlard\u0131r. Bir\u00e7ok b\u00f6lgede, yerel etkinlikler &quot;\u00e7ok zahmetli&quot; veya &quot;yeterince insan gelmiyor&quot; gerek\u00e7esiyle ortadan kaybolmaktad\u0131r.<\/p>\n<p>Ancak Wa Mahalle Derne\u011fi farkl\u0131. Eski ba\u015fkanlar anketler yapt\u0131 ve sakinlerin g\u00f6r\u00fc\u015flerini dikkatle dinledi; &quot;Y\u0131lba\u015f\u0131 g\u00fcn\u00fcnden ka\u00e7\u0131nmak ve etkinli\u011fi herkesin bir araya gelmesinin daha kolay oldu\u011fu bir zamanda d\u00fczenlemek&quot; gibi yarat\u0131c\u0131 fikirler ortaya att\u0131lar. Bu sadece tarihi de\u011fi\u015ftirmek meselesi de\u011fil. Bu, liderlerin &quot;herkesin birbirinin y\u00fcz\u00fcn\u00fc g\u00f6rmesini sa\u011flamak&quot; ve &quot;bu ba\u011flant\u0131lar\u0131 s\u00fcrd\u00fcrmek&quot; i\u00e7in g\u00f6sterdikleri yorulmak bilmeyen \u00e7abalar\u0131n ve sakinlerin bu \u00e7abalara kar\u015f\u0131l\u0131k verdi\u011fi &quot;uyum ruhunun&quot; bir yans\u0131mas\u0131d\u0131r.<\/p>\n<p>Ba\u015fkan Nakajima&#039;n\u0131n a\u00e7\u0131l\u0131\u015f konu\u015fmas\u0131nda dile getirdi\u011fi hususlar aras\u0131nda, \u00f6zellikle pirin\u00e7 fiyatlar\u0131na ili\u015fkin a\u00e7\u0131klamas\u0131, bu kasabaya \u00f6zg\u00fc derin bir bak\u0131\u015f a\u00e7\u0131s\u0131n\u0131 ortaya koydu.<\/p>\n<p>&quot;Y\u00fcksek pirin\u00e7 fiyatlar\u0131 \u00fcreticiler a\u00e7\u0131s\u0131ndan \u00e7ok iyi bir \u015fey. Ancak t\u00fcketicileri d\u00fc\u015f\u00fcnd\u00fc\u011f\u00fcm\u00fczde, her iki taraf\u0131n da \u00fczerinde anla\u015fabilece\u011fi bir fiyat olmas\u0131 gerekti\u011fini d\u00fc\u015f\u00fcn\u00fcyorum.&quot;<\/p>\n<p>Onlar sadece kendi karlar\u0131ndan (pirin\u00e7 fiyatlar\u0131ndaki art\u0131\u015ftan) mutlu de\u011filler. Pirin\u00e7lerini yiyenlerin (t\u00fcketicilerin) ya\u015famlar\u0131n\u0131 da d\u00fc\u015f\u00fcn\u00fcyorlar ve her iki taraf\u0131 da mutlu edecek bir &quot;uyum noktas\u0131&quot; (uzla\u015fma) bulmaya \u00e7al\u0131\u015f\u0131yorlar. Bu, Hokuryu halk\u0131na i\u015flemi\u015f olan &quot;\u00f6zgecilik&quot; ruhu ve &quot;uyum&quot; felsefesinin ta kendisidir.<\/p>\n<h4>\u015einto suna\u011f\u0131n\u0131 ziyaret etmek<\/h4>\n<figure class=\"wp-caption alignnone\"><a href=\"https:\/\/photos.google.com\/share\/AF1QipMokhD6mMFKuUr2VlMiXpiowBI_qtxwhKf1JuAXOG0JrGm7d43dE6Yke-M3wNyTWg\/photo\/AF1QipPlhUc259OLujdB54oOUIWrEVojomBO4gKchZ0?key=ZVVpaVlVQVpQNW5hSU51VkJTUjhGXzhQamhiaGNB\" target=\"_blank\"><img decoding=\"async\" src=\"https:\/\/lh3.googleusercontent.com\/pw\/AP1GczNel-NB0SM4xT2opIYo1X10AgA5JAd3EhLoKgRcI5D6320RTstvVrqU41ATaHQXbh966mDGf76HQzrfbZbRsD5Cz4A5JNFBUj0Zyx_oO_Bh2W3fO61zDWAo6gb1BnXCzEngD7r0CQZOrafZ0QpgksnW=w2000-h1125-s-no-gm?authuser=0\" width=\"2000\" height=\"1125\" alt=\"\u015einto suna\u011f\u0131n\u0131 ziyaret etmek\" class=\"size-medium\" \/><\/a><figcaption class=\"wp-caption-text\">\u015einto suna\u011f\u0131n\u0131 ziyaret etmek<\/figcaption><\/figure>\n<h3>Toshimasa Takahashi: Hokkaido Sosyal Katk\u0131 \u00d6d\u00fcl\u00fc&#039;n\u00fc al\u0131rken alk\u0131\u015f ve takdirle kar\u015f\u0131lan\u0131yor.<\/h3>\n<p>Bu y\u0131lki y\u0131lba\u015f\u0131 partisinde bir ba\u015fka g\u00fczel haber daha vard\u0131: Eski belediye ba\u015fkan yard\u0131mc\u0131s\u0131 ve uzun y\u0131llard\u0131r belediyede \u00e7al\u0131\u015fan Toshimasa Takahashi, Hokkaido Topluma Katk\u0131 \u00d6d\u00fcl\u00fc&#039;ne lay\u0131k g\u00f6r\u00fcld\u00fc.<\/p>\n<p>\u015eehirde 37 y\u0131l, belediye ba\u015fkan yard\u0131mc\u0131l\u0131\u011f\u0131 g\u00f6revinde ise yedi y\u0131l boyunca kendini bu i\u015fe adad\u0131. Meslekta\u015flar\u0131, ba\u015far\u0131lar\u0131n\u0131 kendi ba\u015far\u0131lar\u0131ym\u0131\u015f gibi kutlayarak onu alk\u0131\u015flad\u0131lar. Ortam, herkesin di\u011ferlerinin \u00e7abalar\u0131n\u0131 takdir etti\u011fi ve sayg\u0131 duydu\u011fu bir &quot;sayg\u0131 ruhu&quot; ile doluydu.<\/p>\n<figure class=\"wp-caption aligncenter\"><a href=\"https:\/\/photos.google.com\/share\/AF1QipMokhD6mMFKuUr2VlMiXpiowBI_qtxwhKf1JuAXOG0JrGm7d43dE6Yke-M3wNyTWg\/photo\/AF1QipMpxmkrgNvs2xjzyc2L0gVEMiBE2PLe-VMh98g?key=ZVVpaVlVQVpQNW5hSU51VkJTUjhGXzhQamhiaGNB\" target=\"_blank\"><img decoding=\"async\" src=\"https:\/\/lh3.googleusercontent.com\/pw\/AP1GczOlX5-oUXSimRg-81OYw6YnooGaieHGSAWzlhMeRFwHiNPN7nMKyorua5cwcOmnhUqKoGxIWe_VzU81Gwx_QucugUcBl4y_-ZHWz_Ijjf3tw8yhJ2vZJy8TDE27fUgDNh14RHmxKJopowS24zKAHJAx=w2000-h1125-s-no-gm?authuser=0\" width=\"2000\" height=\"1125\" alt=\"Toshimasa Takahashi, Hokkaido Sosyal Katk\u0131 \u00d6d\u00fcl\u00fc&#039;n\u00fcn sahibi.\" class=\"size-medium\" \/><\/a><figcaption class=\"wp-caption-text\">Toshimasa Takahashi, Hokkaido Sosyal Katk\u0131 \u00d6d\u00fcl\u00fc&#039;n\u00fcn sahibi.<\/figcaption><\/figure>\n<h3>Gen\u00e7 nesile bir bak\u0131\u015f, gelece\u011fe bir bayrak devri<\/h3>\n<h4>Belediye Ba\u015fkan\u0131 Yasuhiro Sasaki&#039;den selamlar<\/h4>\n<figure class=\"wp-caption aligncenter\"><a href=\"https:\/\/photos.google.com\/share\/AF1QipMokhD6mMFKuUr2VlMiXpiowBI_qtxwhKf1JuAXOG0JrGm7d43dE6Yke-M3wNyTWg\/photo\/AF1QipO_stjwa8CkutR65VtW6op1OjGCvCQz1drNvf8?key=ZVVpaVlVQVpQNW5hSU51VkJTUjhGXzhQamhiaGNB\" target=\"_blank\"><img decoding=\"async\" src=\"https:\/\/lh3.googleusercontent.com\/pw\/AP1GczPkCiyld5O9U8R4h7HqumF6ofjlnEYmwDvmrd8D8Se1tXtSjs-vkiiUSUJHvc7JHii5QcyKqxvE8m6nGlpPQ0FqilU3YXGo0Ct9VkUoFkX-uCBXEc2mPn-h5KSep4eixs-xEDuHON2UTa00WWhj4g1O=w2000-h1125-s-no-gm?authuser=0\" width=\"2000\" height=\"1125\" alt=\"Belediye Ba\u015fkan\u0131 Yasuhiro Sasaki&#039;den selamlar\" class=\"size-medium\" \/><\/a><figcaption class=\"wp-caption-text\">Belediye Ba\u015fkan\u0131 Yasuhiro Sasaki&#039;den selamlar<\/figcaption><\/figure>\n<p>&quot;Herkese mutlu y\u0131llar diliyorum ve harika bir yeni y\u0131l ge\u00e7irmenizi umuyorum.&quot;<\/p>\n<p>Ge\u00e7en y\u0131l, Mahalle Birli\u011fi Ba\u015fkan\u0131 Nobuhiro Yamada mahalle birli\u011fi i\u00e7in \u00e7ok \u00e7al\u0131\u015ft\u0131. Bu y\u0131l, Nakajima \u00fc\u00e7\u00fcnc\u00fc kez g\u00f6reve ba\u015flayacak. Mahalle birli\u011fi ba\u015fkan\u0131 se\u00e7erken, 10 mahalle birli\u011finin her birinin \u00e7e\u015fitli sorunlar\u0131 olmas\u0131, karar vermeyi zorla\u015ft\u0131r\u0131yor. Wa b\u00f6lgesi sorunsuz bir \u015fekilde birle\u015fmeyi s\u00fcrd\u00fcr\u00fcyor, y\u0131lba\u015f\u0131 partilerine devam ediyor ve herkesin g\u00f6r\u00fc\u015flerini dinleyerek faaliyetlerine devam ediyor.<\/p>\n<p>D\u00fcn, bir gencin 20. ya\u015f g\u00fcn\u00fcn\u00fc kutlamak i\u00e7in bir parti d\u00fczenledik, bir nevi yeti\u015fkinli\u011fe ge\u00e7i\u015f t\u00f6reniydi. Dokuz gen\u00e7ten sekizi kat\u0131ld\u0131, bunlardan \u00fc\u00e7\u00fc Wa mahalle derne\u011finden gen\u00e7lerdi. 20. ya\u015f g\u00fcnlerini kutlad\u0131k. Her biri birer konu\u015fma yapt\u0131 ve kasabalar\u0131na ne kadar \u00f6nem verdikleri a\u00e7\u0131k\u00e7a g\u00f6r\u00fcld\u00fc. Bu gen\u00e7lerin s\u00f6zlerini dinlerken, bu kasabay\u0131 koruman\u0131n gereklili\u011fini bir kez daha hat\u0131rlad\u0131m.<\/p>\n<p>Yeni y\u0131l g\u00fcn\u00fc itibar\u0131yla n\u00fcfus 1.551 ki\u015fi ve 760 hane olup, bu n\u00fcfus azalmas\u0131n\u0131n durdurulamayaca\u011f\u0131 a\u00e7\u0131kt\u0131r. Ancak, daha \u00f6nce de bahsetti\u011fimiz eski Belediye Ba\u015fkan Yard\u0131mc\u0131s\u0131 Toshimasa Takahashi&#039;nin g\u00f6rev s\u00fcresi boyunca, alt\u0131 y\u0131l \u00f6nce, b\u00f6lgesel canland\u0131rma \u00e7al\u0131\u015fmalar\u0131 kapsam\u0131nda kasaban\u0131n geli\u015ftirilmesi ba\u015flat\u0131lm\u0131\u015ft\u0131. Belediye Ba\u015fkan Yard\u0131mc\u0131s\u0131 Okuda bu giri\u015fimi devralarak, n\u00fcfus azalmas\u0131n\u0131, en az\u0131ndan biraz da olsa, yava\u015flatmak i\u00e7in planlar \u00fczerinde \u00e7al\u0131\u015f\u0131yor.<\/p>\n<p>Mahalle derne\u011findeki her bir sakinin g\u00f6r\u00fc\u015flerini dikkate alarak iyi bir kasaba geli\u015ftirme plan\u0131 ve politikas\u0131 olu\u015fturabilece\u011fimize inan\u0131yorum. \u0130\u015fbirli\u011finiz i\u00e7in te\u015fekk\u00fcr ederim. \u00c7e\u015fitli g\u00f6r\u00fc\u015fler duymak isterim. Hokuryu&#039;nun daha da iyi bir kasaba haline gelmesi i\u00e7in elimden gelenin en iyisini yapaca\u011f\u0131m.<\/p>\n<p>Belediye Ba\u015fkan\u0131 Sasaki, selamlama mesaj\u0131nda \u015funlar\u0131 s\u00f6yledi: &quot;Ba\u015fkan Nakajima&#039;dan inat\u00e7\u0131l\u0131\u011f\u0131n\u0131 iyi anlamda g\u00f6stermesini rica ediyorum ve Wa mahalle derne\u011finin bir \u00f6nc\u00fc an\u0131t\u0131 oldu\u011fu i\u00e7in, kasaban\u0131n geli\u015ftirilmesinde liderlik rol\u00fcn\u00fc \u00fcstlenmesini istiyorum. Sizinle birlikte \u00e7al\u0131\u015fmay\u0131 d\u00f6rt g\u00f6zle bekliyorum.&quot;<\/p>\n<p><center>\ud83c\udf3b \u301c \ud83c\udf3b \u301c \ud83c\udf3b \u301c \ud83c\udf3b \u301c \ud83c\udf3b \u301c \ud83c\udf3b<\/center><\/p>\n<p>Belediye Ba\u015fkan\u0131 Sasaki Yasuhiro y\u00fcrek \u0131s\u0131tan bir mesaj payla\u015ft\u0131. Bir \u00f6nceki g\u00fcn d\u00fczenlenen &quot;20 Ya\u015f\u0131ndakilerin Bulu\u015fmas\u0131&quot; adl\u0131 yeti\u015fkinli\u011fe ge\u00e7i\u015f t\u00f6reninde her gencin dile getirdi\u011fi &quot;kasabaya duyulan sevgi&quot; duygular\u0131n\u0131 dinlerken g\u00f6zleri parlad\u0131. N\u00fcfus azalmas\u0131 sorunuyla kar\u015f\u0131 kar\u015f\u0131ya kal\u0131rken, gelecek neslin iyi yeti\u015ftirilece\u011fi umudunu dile getirdi. &quot;H\u00e2l\u00e2 olgunla\u015fmam\u0131\u015f\u0131z, bu y\u00fczden \u00e7ok \u00e7al\u0131\u015fmal\u0131y\u0131z,&quot; dedi ve bu s\u00f6zler kahkahalara neden oldu, ancak s\u00f6yledi\u011fi her kelime, her bir sakinin sesine de\u011fer verme arzusunu tutkuyla yans\u0131t\u0131yordu.<\/p>\n<p>Belediye ba\u015fkan\u0131 sadece &quot;Elimizden gelenin en iyisini yapal\u0131m&quot; demekle yetinmedi. N\u00fcfus azalmas\u0131n\u0131n ac\u0131 ger\u00e7ekli\u011fiyle kar\u015f\u0131 kar\u015f\u0131ya kal\u0131rken bile kasaba i\u00e7in h\u00e2l\u00e2 umut oldu\u011funu ve bu umudun ancak her bir sakinin kat\u0131l\u0131m\u0131yla ger\u00e7ekle\u015febilece\u011fini tutkuyla anlatt\u0131.<\/p>\n<h3>Masatoshi Yamagishi: Showa&#039;dan Reiwa&#039;ya. Dokuma tarihine kadeh kald\u0131rmak<\/h3>\n<figure class=\"wp-caption aligncenter\"><a href=\"https:\/\/photos.google.com\/share\/AF1QipMokhD6mMFKuUr2VlMiXpiowBI_qtxwhKf1JuAXOG0JrGm7d43dE6Yke-M3wNyTWg\/photo\/AF1QipPgGIXkQVAfjyJgvMfIdLmSToUT-IDAcUTNKvQ?key=ZVVpaVlVQVpQNW5hSU51VkJTUjhGXzhQamhiaGNB\" target=\"_blank\"><img decoding=\"async\" src=\"https:\/\/lh3.googleusercontent.com\/pw\/AP1GczP0C5FVgcN22CfKXgCvcs7KmEQ8XuT6IEf5CqtLoMDLPR9ERMDLwUNTQ33kYeoEEVwYkTwBqIUA9pON2lnX88hWOdx0X94G8gc2TrdsL5d3tZZ0m83H6PVNiDLS1h9kH9wapGlrgqy3m6fUADcEaW2E=w2000-h1125-s-no-gm?authuser=0\" width=\"2000\" height=\"1125\" alt=\"Masatoshi Yamagishi&#039;den k\u0131zarm\u0131\u015f ekmek\" class=\"size-medium\" \/><\/a><figcaption class=\"wp-caption-text\">Masatoshi Yamagishi&#039;den k\u0131zarm\u0131\u015f ekmek<\/figcaption><\/figure>\n<p>&quot;Reiwa d\u00f6nemi sekizinci y\u0131l\u0131na \u00e7oktan girdi. Mahalle derne\u011fine ilk kat\u0131ld\u0131\u011f\u0131mda 26 ya\u015f\u0131ndayd\u0131m. Kendimi, mahalle derne\u011fine kat\u0131lm\u0131\u015f Showa d\u00f6neminden kalma gen\u00e7 bir sava\u015f\u00e7\u0131 gibi hissediyordum.&quot;<\/p>\n<p>\u015eova ve Heisei d\u00f6nemleri sona erdi ve Reiwa d\u00f6nemi ba\u015flad\u0131. Art\u0131k Reiwa d\u00f6neminde do\u011fan ilkokul \u00f6\u011frencilerinin s\u0131rtlar\u0131nda okul \u00e7antalar\u0131yla \u015fehirde dola\u015ft\u0131\u011f\u0131 bir d\u00f6nemdeyiz.<\/p>\n<p>Wa mahalle derne\u011fi b\u00f6lgesinin bug\u00fcnk\u00fc \u015feklini almas\u0131n\u0131n nedeni, \u00e7ift\u00e7ilerin tar\u0131m\u0131 b\u0131rakmas\u0131, yeni yerle\u015fim alanlar\u0131n\u0131n geli\u015ftirilmesi ve mevcut mahalle derne\u011fi b\u00f6lgesinin olu\u015fturulmas\u0131d\u0131r.<\/p>\n<p>&quot;Yawara&quot; (uyum) isminin de \u00e7a\u011fr\u0131\u015ft\u0131rd\u0131\u011f\u0131 gibi, bu mahalle derne\u011fi \u00e7ok huzurlu ve bence iyi \u00e7ift\u00e7ilerden ve bir\u00e7ok i\u015f insan\u0131ndan olu\u015fuyor.<\/p>\n<p>Bu y\u0131l, Say\u0131n Nakajima, karl\u0131 Ryusei&#039;den Wa&#039;ya geldi ve \u00fc\u00e7\u00fcnc\u00fc kez mahalle derne\u011fi ba\u015fkanl\u0131\u011f\u0131 g\u00f6revini \u00fcstlenirken kar kokusunu da beraberinde ta\u015f\u0131d\u0131. Say\u0131n Nakajima ve ailesine sa\u011fl\u0131k ve mutlu bir y\u0131l dile\u011fiyle kadeh kald\u0131rmak istiyorum.<\/p>\n<p>&quot;Wa Mahalle Derne\u011fi&#039;nin Yeni Y\u0131l partisine kadeh kald\u0131ral\u0131m!!!&quot; dedi Yamagishi kadeh kald\u0131rma konu\u015fmas\u0131nda.<\/p>\n<p><center>\ud83c\udf3b \u301c \ud83c\udf3b \u301c \ud83c\udf3b \u301c \ud83c\udf3b \u301c \ud83c\udf3b \u301c \ud83c\udf3b<\/center><\/p>\n<p>Masatoshi Yamagishi kadeh kald\u0131rma konu\u015fmas\u0131n\u0131 y\u00f6netti. 26 ya\u015f\u0131nda ilk ma\u00e7\u0131na \u00e7\u0131kt\u0131\u011f\u0131 g\u00fcnden bug\u00fcne, zamanla geli\u015fen derne\u011fin tarihine bakt\u0131.<\/p>\n<p>Yawara Mahalle Birli\u011fi, eskiden terk edilmi\u015f bir \u00e7iftlikti ve daha sonra yerle\u015fim alan\u0131na d\u00f6n\u00fc\u015ft\u00fcr\u00fcld\u00fc. \u00c7ift\u00e7iler ve \u00e7e\u015fitli mesleklerden insanlar bir arada ya\u015f\u0131yor ve y\u0131llar i\u00e7inde, &quot;Yawara&quot; (uyum) isminin de \u00e7a\u011fr\u0131\u015ft\u0131rd\u0131\u011f\u0131 gibi, uyumlu ve dostane bir mahalle birli\u011fi olu\u015ftu. Bu s\u00f6zleri dinleyen kat\u0131l\u0131mc\u0131lar kendi an\u0131lar\u0131n\u0131 hat\u0131rlad\u0131lar ve kadehlerini kald\u0131rd\u0131lar.<\/p>\n<figure class=\"wp-caption aligncenter\"><a href=\"https:\/\/photos.google.com\/share\/AF1QipMokhD6mMFKuUr2VlMiXpiowBI_qtxwhKf1JuAXOG0JrGm7d43dE6Yke-M3wNyTWg\/photo\/AF1QipNlE8aiNGusBK1-w572gH91NFF5H44qSBCItAM?key=ZVVpaVlVQVpQNW5hSU51VkJTUjhGXzhQamhiaGNB\" target=\"_blank\"><img decoding=\"async\" src=\"https:\/\/lh3.googleusercontent.com\/pw\/AP1GczPxUGt5fSNm-XxYWz9RG8Uz5LDWruQ035nJISeDgYC2bA81nbIB-0Jw54TSONsyiELqSawH-H-6_Rp6rrpzA9r1bmY_nGSB-G3h3Vm3UP3Kcp_SRcmZ7q3f5ifugrtLc7uF-MW5QuKFoL0qwoVL2xV5=w2000-h1125-s-no-gm?authuser=0\" width=\"2000\" height=\"1125\" alt=\"\u015ferefe!\" class=\"size-medium\" \/><\/a><figcaption class=\"wp-caption-text\">\u015ferefe!<\/figcaption><\/figure>\n<h3>Lezzetli bir g\u00fcl\u00fcmseme, bar\u0131\u015f\u0131n sembol\u00fcd\u00fcr.<\/h3>\n<p>Kadeh kald\u0131rma t\u00f6reninin ard\u0131ndan, uzun zamand\u0131r beklenen kutlama ba\u015fl\u0131yor. Masaya rengarenk bir ziyafet seriliyor. Izgara somon, g\u00fcve\u00e7 yemekleri, siyah fasulye... Her yemek, bir araya gelenler aras\u0131nda canl\u0131 sohbetlere yol a\u00e7\u0131yor.<\/p>\n<figure class=\"wp-caption aligncenter\"><a href=\"https:\/\/photos.google.com\/share\/AF1QipMokhD6mMFKuUr2VlMiXpiowBI_qtxwhKf1JuAXOG0JrGm7d43dE6Yke-M3wNyTWg\/photo\/AF1QipPwYrXXpncv7Q0uO8WRZHr8fsLdaIZkefBcB4c?key=ZVVpaVlVQVpQNW5hSU51VkJTUjhGXzhQamhiaGNB\" target=\"_blank\"><img decoding=\"async\" src=\"https:\/\/lh3.googleusercontent.com\/pw\/AP1GczNGHsE1rb_3wWDIAnuKWzlgouELxOF2h_2ITfEd5fgxWaaM5aofnJswKZZ_X2VnYMVzkULUfC_cvIhGBoowCOXwzl7L2tmO7nB0dzwGfTHokFLvSovYWqe0w_b1m7tL_VgqABjOFOOj_Kl2bFmkxLAk=w2000-h1500-s-no-gm?authuser=0\" width=\"2000\" height=\"1500\" alt=\"Nefis bir \u00f6\u011fle yeme\u011fi kutusu!\" class=\"size-medium\" \/><\/a><figcaption class=\"wp-caption-text\">Nefis bir \u00f6\u011fle yeme\u011fi kutusu!<\/figcaption><\/figure>\n<p>Birlikte i\u00e7ki i\u00e7mek, birbirlerinin omuzlar\u0131na vurmak, g\u00fclmek. Ciddi tart\u0131\u015fmalara girmeden, sadece &quot;Nas\u0131ls\u0131n?&quot; veya &quot;Kar k\u00fcremek zor i\u015f, de\u011fil mi?&quot; gibi g\u00fcnl\u00fck deneyimleri payla\u015fmak. Bu rahat ortam, asl\u0131nda d\u00fcnyan\u0131n arad\u0131\u011f\u0131 &quot;bar\u0131\u015f\u0131n&quot; en k\u00fc\u00e7\u00fck birimi olabilir.<\/p>\n<figure class=\"wp-caption aligncenter\"><a href=\"https:\/\/photos.google.com\/share\/AF1QipMokhD6mMFKuUr2VlMiXpiowBI_qtxwhKf1JuAXOG0JrGm7d43dE6Yke-M3wNyTWg\/photo\/AF1QipNdx3JPtwZKKnQQGurulmSh8wmC8yt0DJI2sgg?key=ZVVpaVlVQVpQNW5hSU51VkJTUjhGXzhQamhiaGNB\" target=\"_blank\"><img decoding=\"async\" src=\"https:\/\/lh3.googleusercontent.com\/pw\/AP1GczMUom3xj_iDk7vqrT8yzFmQigq3EmoaG9y9N0oTmSXVI3VTV_a5MJGQcslUZ6CbeGH9DKlVInclvJjhIwrUbNRMNdgQGEP78jEG49EqM3c8frDjkW0nlR6aqL-OIv6mp4487MN1QV4lVKVJtlJsYDi7=w2000-h1125-s-no-gm?authuser=0\" width=\"2000\" height=\"1125\" alt=\"&quot;Bu y\u0131l boyunca g\u00f6sterdi\u011finiz s\u00fcrekli destek i\u00e7in te\u015fekk\u00fcr ederiz!&quot;\" class=\"size-medium\" \/><\/a><figcaption class=\"wp-caption-text\">&quot;Bu y\u0131l boyunca g\u00f6sterdi\u011finiz s\u00fcrekli destek i\u00e7in te\u015fekk\u00fcr ederiz!&quot;<\/figcaption><\/figure>\n<figure class=\"wp-caption aligncenter\"><a href=\"https:\/\/photos.google.com\/share\/AF1QipMokhD6mMFKuUr2VlMiXpiowBI_qtxwhKf1JuAXOG0JrGm7d43dE6Yke-M3wNyTWg\/photo\/AF1QipNBLRxMEALaaOy3hX9UvWGaEcpudyWK30hVv6o?key=ZVVpaVlVQVpQNW5hSU51VkJTUjhGXzhQamhiaGNB\" target=\"_blank\"><img decoding=\"async\" src=\"https:\/\/lh3.googleusercontent.com\/pw\/AP1GczNhKznFInF7jOaLdJyVVekNkKM3O3jzenvTZCOFtD9hOZFcAa7lkEVIMwvHVMOejQS7BQ8yLzSikTWTFII46jcGYpyrFVdY0yjwNTEdG7O1ekTjGrtHa5Kg7Hn6Q3RjfhtjFTO67B8geDCNQTmcDx_x=w2000-h1500-s-no-gm?authuser=0\" width=\"2000\" height=\"1500\" alt=\"G\u00fcl\u00fcmseyerek birlikte i\u00e7elim!\" class=\"size-medium\" \/><\/a><figcaption class=\"wp-caption-text\">G\u00fcl\u00fcmseyerek birlikte i\u00e7elim!<\/figcaption><\/figure>\n<h3>Piyango<\/h3>\n<figure class=\"wp-caption aligncenter\"><a href=\"https:\/\/photos.google.com\/share\/AF1QipMokhD6mMFKuUr2VlMiXpiowBI_qtxwhKf1JuAXOG0JrGm7d43dE6Yke-M3wNyTWg\/photo\/AF1QipOSz7eQoBikgYrfxz0sMpNR1VzT28So5bLGePM?key=ZVVpaVlVQVpQNW5hSU51VkJTUjhGXzhQamhiaGNB\" target=\"_blank\"><img decoding=\"async\" src=\"https:\/\/lh3.googleusercontent.com\/pw\/AP1GczPVdzh2hPGo4Ef__CJt_8RoFf1adgs2Tdpbz2LViBuJUzXDTuC-i8EqwixacfXkXTvo04j3wUDdVAncHEoqcPsCHXN2EGTz9Z0cBRZk8IZVF3t0vId1BTM-PGyigNOxSyHhBc2SWSK_SI3q-QHvnoCk=w2000-h1125-s-no-gm?authuser=0\" width=\"2000\" height=\"1125\" alt=\"Heyecan verici ve s\u00fcr\u00fckleyici bir piyango!\" class=\"size-medium\" \/><\/a><figcaption class=\"wp-caption-text\">Heyecan verici ve s\u00fcr\u00fckleyici bir piyango!<\/figcaption><\/figure>\n<figure class=\"wp-caption aligncenter\"><a href=\"https:\/\/photos.google.com\/share\/AF1QipMokhD6mMFKuUr2VlMiXpiowBI_qtxwhKf1JuAXOG0JrGm7d43dE6Yke-M3wNyTWg\/photo\/AF1QipPq36xEI5_7i_bj1dGsux0AQ06BsTPO8PpaWcg?key=ZVVpaVlVQVpQNW5hSU51VkJTUjhGXzhQamhiaGNB\" target=\"_blank\"><img decoding=\"async\" src=\"https:\/\/lh3.googleusercontent.com\/pw\/AP1GczNK0X3Q3E31AYufHjl2uzVky3S-ozT7Wrlz6UnoEqoK0bJQTy59uKn9lE0MsjqJNa-gypT4ZfTIXqPIGkkAEgyi--lbwdV3AcJYDzyOPGt5mVwAjzteCCPZ4HtlupMcfbZCKR37dHxqipi9698rn_2X=w2000-h1125-s-no-gm?authuser=0\" width=\"2000\" height=\"1125\" alt=\"Haydi hep birlikte ta\u015f-ka\u011f\u0131t-makas oynayal\u0131m, ta\u015fla ba\u015flayal\u0131m!\" class=\"size-medium\" \/><\/a><figcaption class=\"wp-caption-text\">Haydi hep birlikte ta\u015f-ka\u011f\u0131t-makas oynayal\u0131m, ta\u015fla ba\u015flayal\u0131m!<\/figcaption><\/figure>\n<figure class=\"wp-caption aligncenter\"><a href=\"https:\/\/photos.google.com\/share\/AF1QipMokhD6mMFKuUr2VlMiXpiowBI_qtxwhKf1JuAXOG0JrGm7d43dE6Yke-M3wNyTWg\/photo\/AF1QipM1ghaVyfqsCexStzfqll5hOj8p6fJLNj1lqhQ?key=ZVVpaVlVQVpQNW5hSU51VkJTUjhGXzhQamhiaGNB\" target=\"_blank\"><img decoding=\"async\" src=\"https:\/\/lh3.googleusercontent.com\/pw\/AP1GczMOKvGSSGH6UB26LvBOAnzay80kQVwWtQt3XZ-0iDByjqbXByaifH_g6udBGi7reHOE9Ufq6z-FR2FOLoHBIZwUvRw-MXuGahPzdEPZc9ZQjdzHnj_vGl-NrklB0W9inISpDnBQ836TD5U2e8ree5MQ=w2000-h1125-s-no-gm?authuser=0\" width=\"2000\" height=\"1125\" alt=\"Bira, kazan!!!\" class=\"size-medium\" \/><\/a><figcaption class=\"wp-caption-text\">Bira, kazan!!!<\/figcaption><\/figure>\n<h3>Mahalle derne\u011finin eski \u00fcyesi Nobuhiro Yamada, kapan\u0131\u015f konu\u015fmas\u0131 yapt\u0131.<\/h3>\n<figure class=\"wp-caption aligncenter\"><a href=\"https:\/\/photos.google.com\/share\/AF1QipMokhD6mMFKuUr2VlMiXpiowBI_qtxwhKf1JuAXOG0JrGm7d43dE6Yke-M3wNyTWg\/photo\/AF1QipPRta4yLEzRtm7pwHtdGX9xCZNRfFNjTBsRbiQ?key=ZVVpaVlVQVpQNW5hSU51VkJTUjhGXzhQamhiaGNB\" target=\"_blank\"><img decoding=\"async\" src=\"https:\/\/lh3.googleusercontent.com\/pw\/AP1GczNtHywdPrTaKtDZ0vFulXZ5d_cYAMcjcQXxOrbuRGC4oTjFIwi7Nlnx-T558re0iUG_P5ckFLISLTByM7NWSwtmncFJKhjbugWpUMH66erUj1CXLz_VlptaYWrouXGf2ZYphDQFBzJDWzntWfGRqL3X=w2000-h1125-s-no-gm?authuser=0\" width=\"2000\" height=\"1125\" alt=\"Yamada Nobuhiro&#039;nun eski mahalle derne\u011fi i\u00e7in yapt\u0131\u011f\u0131 kapan\u0131\u015f konu\u015fmas\u0131.\" class=\"size-medium\" \/><\/a><figcaption class=\"wp-caption-text\">Yamada Nobuhiro&#039;nun eski mahalle derne\u011fi i\u00e7in yapt\u0131\u011f\u0131 kapan\u0131\u015f konu\u015fmas\u0131.<\/figcaption><\/figure>\n<p>&quot;Ba\u015fkan\u0131n ve belediye ba\u015fkan\u0131n\u0131n da belirtti\u011fi gibi, bir toplumun korunmas\u0131 i\u00e7in herkesin bir araya gelmesi ve uyumlu bir ortamda birlikte zaman ge\u00e7irmesi gerekti\u011fine inan\u0131yorum.&quot;<\/p>\n<p>Bug\u00fcnk\u00fc Y\u0131lba\u015f\u0131 partisine kat\u0131lmak i\u00e7in g\u00f6sterdikleri t\u00fcm emek ve \u00e7aba i\u00e7in 1. Grup&#039;taki herkese te\u015fekk\u00fcrlerimi sunmak istiyorum. Umar\u0131m bu y\u0131l hepiniz sa\u011fl\u0131kl\u0131 ve hastal\u0131ks\u0131z olursunuz.<\/p>\n<p>&quot;O halde kadeh kald\u0131rmayaca\u011f\u0131z. \u0130ppon-jime yapaca\u011f\u0131z. Yo-o! Pon! Alk\u0131\u015f, alk\u0131\u015f, alk\u0131\u015f!!! \u00c7ok te\u015fekk\u00fcr ederim!&quot; dedi eski Ba\u015fkan Yamada.<\/p>\n<p><center>\ud83c\udf3b \u301c \ud83c\udf3b \u301c \ud83c\udf3b \u301c \ud83c\udf3b \u301c \ud83c\udf3b \u301c \ud83c\udf3b<\/center><\/p>\n<p>Kolayl\u0131k ve verimlili\u011fin \u00f6ncelik kazand\u0131\u011f\u0131 bir \u00e7a\u011fda, Wa Mahalle Derne\u011fi \u00fcyeleri bize bir araya gelmenin zenginli\u011fini \u00f6\u011fretiyor. Onlar\u0131n s\u0131cak ve uyumlu ruhu, bu y\u0131l da toplulu\u011fu nazik\u00e7e ayd\u0131nlatacak bir \u0131\u015f\u0131k kayna\u011f\u0131 olacakt\u0131r.<\/p>\n<p>Bu y\u0131l\u0131n size sa\u011fl\u0131k ve g\u00fcl\u00fcmsemelerle dolu g\u00fcnler getirmesini i\u00e7tenlikle umuyoruz.<\/p>\n<p>Sonsuz sevgi, \u015f\u00fckran ve dualarla, Wa Mahalle Derne\u011fi Yeni Y\u0131l Partisi&#039;ni d\u00fczenliyoruz. Bu partide mahalle derne\u011finin t\u00fcm \u00fcyeleriyle bir araya geliyor, i\u00e7ki i\u00e7ip sosyalle\u015fiyor ve \u00f6n\u00fcm\u00fczdeki y\u0131l herkesin sa\u011fl\u0131\u011f\u0131 ve mutlulu\u011fu i\u00e7in dua ediyoruz.<\/p>\n<figure class=\"wp-caption aligncenter\"><a href=\"https:\/\/photos.google.com\/share\/AF1QipMokhD6mMFKuUr2VlMiXpiowBI_qtxwhKf1JuAXOG0JrGm7d43dE6Yke-M3wNyTWg\/photo\/AF1QipPhsPEAfRXx9U8yqI6cnmSMVJ_M-x1NzG5BIXw?key=ZVVpaVlVQVpQNW5hSU51VkJTUjhGXzhQamhiaGNB\" target=\"_blank\"><img decoding=\"async\" src=\"https:\/\/lh3.googleusercontent.com\/pw\/AP1GczOyML87G16WU5Z0TB82QUrmEXtOEdu2SLsG2lBQH9CDrYVPAOhe63b_Pce0yoJFLQ78E1Z1PnsOY29TCK7XbwZloMTeeq5dAQPECceGLZwyWBuTdTARAkY9Vb_FbN8zad5RCP3irxzdwLo3AGRHiylC=w2000-h1500-s-no-gm?authuser=0\" width=\"2000\" height=\"1500\" alt=\"Bu y\u0131l sa\u011fl\u0131k ve mutluluk dolu bir y\u0131l ge\u00e7irmeniz i\u00e7in dua ediyorum!!!\" class=\"size-medium\" \/><\/a><figcaption class=\"wp-caption-text\">Bu y\u0131l sa\u011fl\u0131k ve mutluluk dolu bir y\u0131l ge\u00e7irmeniz i\u00e7in dua ediyorum!!!<\/figcaption><\/figure>\n<h2>Youtube videolar\u0131<span style=\"font-size: medium;\">(Kullan\u0131lan k\u00fc\u00e7\u00fck resimler Gemini3&#039;ten al\u0131nm\u0131\u015ft\u0131r)<\/span><\/h2>\n<div class=\"youtube\"><iframe title=\"&quot;Birbirimizin y\u00fcz\u00fcn\u00fc g\u00f6rmek&quot; en k\u0131ymetli \u015fey. Yawara Mahalle Derne\u011fi&#039;nin 2026 Y\u0131lba\u015f\u0131 Partisi&#039;nde kurulan s\u0131cak ba\u011flar...\" src=\"https:\/\/www.youtube.com\/embed\/6pT_2waSIjY?feature=oembed\" frameborder=\"0\" allow=\"accelerometer; autoplay; clipboard-write; encrypted-media; gyroscope; picture-in-picture; web-share\" referrerpolicy=\"strict-origin-when-cross-origin\" allowfullscreen><\/iframe><\/div>\n<h2>Di\u011fer foto\u011fraflar<\/h2>\n<div class=\"img-move\"><img decoding=\"async\" style=\"vertical-align: middle;\" src=\"https:\/\/ehokkaido.net\/wp-content\/uploads\/2021\/12\/2021-12-06-11.41.12.png\" \/> <a href=\"https:\/\/photos.app.goo.gl\/MpdEsytR8XedatLU6\" target=\"_blank\" rel=\"noopener noreferrer\">Yawara Mahalle Derne\u011fi&#039;nin 2026 Y\u0131lba\u015f\u0131 Partisi&#039;nde kurulan s\u0131cak ba\u011flara dair 76 foto\u011fraf i\u00e7in buraya t\u0131klay\u0131n &gt;&gt;<\/a><\/div>\n<h2>\u0130lgili makaleler<\/h2>\n\n        <div class=\"site-blogcard-premium\">\n            <div class=\"bc-label-custom\">\u0130lgili makaleler<\/div>\n            <div class=\"bc-flex-container\">\n                <div class=\"bc-main-text\">\n                    <div class=\"bc-title-link-box\">\n                        <a href=\"https:\/\/portal.hokuryu.info\/tr\/55198\/\" target=\"_blank\">https:\/\/portal.hokuryu.info\/55198<\/a>\n                    <\/div>\n                    <div class=\"bc-excerpt-box\">Sayfa bilgileri al\u0131namad\u0131.<\/div>\n                <\/div>\n                <div class=\"bc-thumbnail-box\">\n                    <a href=\"https:\/\/portal.hokuryu.info\/tr\/55198\/\" target=\"_blank\">\n                        <div class=\"bc-img-zoom-wrap\">\n                            <img decoding=\"async\" src=\"https:\/\/portal.hokuryu.info\/wp\/wp-content\/uploads\/2026\/02\/20230802DSC06445_1.jpg\" alt=\"https:\/\/portal.hokuryu.info\/55198\">\n                        <\/div>\n                    <\/a>\n                <\/div>\n            <\/div>\n        <\/div>\n\n        <div class=\"site-blogcard-premium\">\n            <div class=\"bc-label-custom\">\u0130lgili makaleler<\/div>\n            <div class=\"bc-flex-container\">\n                <div class=\"bc-main-text\">\n                    <div class=\"bc-title-link-box\">\n                        <a href=\"https:\/\/portal.hokuryu.info\/tr\/54625\/\" target=\"_blank\">https:\/\/portal.hokuryu.info\/54625<\/a>\n                    <\/div>\n                    <div class=\"bc-excerpt-box\">Sayfa bilgileri al\u0131namad\u0131.<\/div>\n                <\/div>\n                <div class=\"bc-thumbnail-box\">\n                    <a href=\"https:\/\/portal.hokuryu.info\/tr\/54625\/\" target=\"_blank\">\n                        <div class=\"bc-img-zoom-wrap\">\n                            <img decoding=\"async\" src=\"https:\/\/portal.hokuryu.info\/wp\/wp-content\/uploads\/2026\/02\/20230802DSC06445_1.jpg\" alt=\"https:\/\/portal.hokuryu.info\/54625\">\n                        <\/div>\n                    <\/a>\n                <\/div>\n            <\/div>\n        <\/div>\n<div class=\"img-move\">\n<a href=\"https:\/\/portal.hokuryu.info\/tr\/62509\/\">\ud83d\udd8b\ufe0f \u0130\u00e7erik planlama, makale yaz\u0131m\u0131, foto\u011fraf se\u00e7imi ve video olu\u015fturma: Ikuko Terauchi<img decoding=\"async\" style=\"vertical-align: middle;\" src=\"https:\/\/ehokkaido.net\/wp-content\/uploads\/2021\/12\/2021-12-06-11.41.12.png\" \/> Foto\u011fraf\u00e7\u0131l\u0131k, d\u00fczenleme ve web sitesi y\u00f6netimi: Noboru Terauchi<\/a><\/div>\n<p>\u25c7<\/p>","protected":false},"excerpt":{"rendered":"<p>2026\u5e741\u670821\u65e5\uff08\u6c34\uff09 \u96ea\u6df1\u3044\u5317\u7adc\u753a\u3067\u3001\u548c\uff08\u3084\u308f\u3089\uff09\u753a\u5185\u4f1a\u306e\u65b0\u5e74\u4f1a\u304c\u958b\u50ac\u3055\u308c\u307e\u3057\u305f\u3002\u52b9\u7387\u5316\u3067\u5730\u57df\u306e\u884c\u4e8b\u304c\u6e1b\u308b\u4e2d\u3001\u300c\u9854\u3092\u5408\u308f\u305b\u3066\u6328\u62f6\u3059\u308b\u3053\u3068\u300d\u306e\u4fa1\u5024\u3092\u91cd\u3093\u3058\u3001\u7d99\u7d9a\u3092\u9078\u3093\u3060\u4f4f\u6c11\u305f\u3061\u3002\u529f\u52b4\u8005\u3078\u306e\u79f0\u8cdb\u3001\u6b74 [&hellip;]<\/p>\n","protected":false},"author":1,"featured_media":68411,"comment_status":"open","ping_status":"open","sticky":false,"template":"","format":"standard","meta":{"footnotes":""},"categories":[4,75],"tags":[],"class_list":["post-68404","post","type-post","status-publish","format-standard","has-post-thumbnail","hentry","category-cover-story","category-sasaki-yasuhiro-mayor"],"_links":{"self":[{"href":"https:\/\/portal.hokuryu.info\/tr\/wp-json\/wp\/v2\/posts\/68404","targetHints":{"allow":["GET"]}}],"collection":[{"href":"https:\/\/portal.hokuryu.info\/tr\/wp-json\/wp\/v2\/posts"}],"about":[{"href":"https:\/\/portal.hokuryu.info\/tr\/wp-json\/wp\/v2\/types\/post"}],"author":[{"embeddable":true,"href":"https:\/\/portal.hokuryu.info\/tr\/wp-json\/wp\/v2\/users\/1"}],"replies":[{"embeddable":true,"href":"https:\/\/portal.hokuryu.info\/tr\/wp-json\/wp\/v2\/comments?post=68404"}],"version-history":[{"count":29,"href":"https:\/\/portal.hokuryu.info\/tr\/wp-json\/wp\/v2\/posts\/68404\/revisions"}],"predecessor-version":[{"id":69159,"href":"https:\/\/portal.hokuryu.info\/tr\/wp-json\/wp\/v2\/posts\/68404\/revisions\/69159"}],"wp:featuredmedia":[{"embeddable":true,"href":"https:\/\/portal.hokuryu.info\/tr\/wp-json\/wp\/v2\/media\/68411"}],"wp:attachment":[{"href":"https:\/\/portal.hokuryu.info\/tr\/wp-json\/wp\/v2\/media?parent=68404"}],"wp:term":[{"taxonomy":"category","embeddable":true,"href":"https:\/\/portal.hokuryu.info\/tr\/wp-json\/wp\/v2\/categories?post=68404"},{"taxonomy":"post_tag","embeddable":true,"href":"https:\/\/portal.hokuryu.info\/tr\/wp-json\/wp\/v2\/tags?post=68404"}],"curies":[{"name":"wp","href":"https:\/\/api.w.org\/{rel}","templated":true}]}}