{"id":67996,"date":"2026-01-01T00:04:21","date_gmt":"2025-12-31T15:04:21","guid":{"rendered":"https:\/\/portal.hokuryu.info\/?p=67996"},"modified":"2026-01-01T04:09:45","modified_gmt":"2025-12-31T19:09:45","slug":"%e3%80%90%e6%96%b0%e5%b9%b4%e3%81%ae%e3%81%94%e6%8c%a8%e6%8b%b6%e3%80%91%e5%8c%97%e7%ab%9c%e7%94%ba%e9%95%b7%e3%80%80%e4%bd%90%e3%80%85%e6%9c%a8-%e5%ba%b7%e5%ae%8f","status":"publish","type":"post","link":"https:\/\/portal.hokuryu.info\/tr\/67996\/","title":{"rendered":"[Yeni Y\u0131l Tebrikleri] Hokuryu Kasabas\u0131 Belediye Ba\u015fkan\u0131 Yasuhiro Sasaki"},"content":{"rendered":"<p>1 Ocak 2026 \u3297\ufe0f<\/p>\n<p>Yeni Y\u0131l Tebrikleri<br \/>\nHokuryu Belediye Ba\u015fkan\u0131 Yasuhiro Sasaki<\/p>\n<figure class=\"wp-caption aligncenter\"><img decoding=\"async\" src=\"https:\/\/portal.hokuryu.info\/wp\/wp-content\/uploads\/2025\/12\/321d742fb2a2eec5a3cbc92f55c0f9d1.png\" alt=\"Hokuryu Belediye Ba\u015fkan\u0131 Yasuhiro Sasaki\" width=\"200\" class=\"size-full wp-image-68006\" \/><figcaption class=\"wp-caption-text\">Hokuryu Belediye Ba\u015fkan\u0131 Yasuhiro Sasaki<\/figcaption><\/figure>\n<p>Mutlu y\u0131llar!<br \/>\nHepinizin sa\u011fl\u0131kl\u0131 ve yeni y\u0131l\u0131 co\u015fkuyla kar\u015f\u0131laman\u0131z\u0131 umuyoruz.<\/p>\n<p>Ge\u00e7ti\u011fimiz y\u0131l\u0131n, Hokuryu Kasabas\u0131&#039;n\u0131n her mevsimde kendine \u00f6zg\u00fc karakterini yeniden kazand\u0131\u011f\u0131 bir y\u0131l oldu\u011funu d\u00fc\u015f\u00fcn\u00fcyorum. Bu e\u015fsiz karakteri daha da geli\u015ftirmek i\u00e7in yeni bir &quot;B\u00f6lgesel Canland\u0131rma Projesi&quot; ba\u015flat\u0131ld\u0131. Bu proje ayn\u0131 zamanda, 134 y\u0131ld\u0131r kasaban\u0131n tarihini, k\u00fclt\u00fcr\u00fcn\u00fc ve ya\u015fam tarz\u0131n\u0131 \u015fekillendiren tar\u0131m, ticaret ve in\u015faat sekt\u00f6rlerinin geli\u015fmesini sa\u011flayacak politikalar olu\u015fturmak \u00fczere tar\u0131m kooperatifi, ticaret odas\u0131, arazi iyile\u015ftirme b\u00f6lgesi, tar\u0131m komitesi ve belediye binas\u0131n\u0131n bir araya gelmesiyle kasaba geli\u015fiminin ba\u015flang\u0131c\u0131n\u0131 da i\u015faret etti.<\/p>\n<p>Meclis ayr\u0131ca ge\u00e7mi\u015f ve bug\u00fcn\u00fc temel alarak gelece\u011fe dair tart\u0131\u015fmalar da ger\u00e7ekle\u015ftirdi. Bu tart\u0131\u015fmalar\u0131n merkezinde \u00e7ocuklar, kad\u0131nlar, gen\u00e7ler ve b\u00f6lgenin yeniden canland\u0131r\u0131lmas\u0131na katk\u0131da bulunan topluluk d\u0131\u015f\u0131ndan insanlar yer ald\u0131. Ve meclisin bir\u00e7ok k\u0131demli \u00fcyesi taraf\u0131ndan yak\u0131ndan takip edildiler.<\/p>\n<p>Ge\u00e7en y\u0131l, Ay\u00e7i\u00e7e\u011fi K\u00f6y\u00fc ilk kez otopark \u00fccreti almaya karar verdi. Bu karar iki fakt\u00f6rden kaynakland\u0131: G\u00f6n\u00fcll\u00fclerle ba\u015flayan Ay\u00e7i\u00e7e\u011fi K\u00f6y\u00fc&#039;n\u00fcn as\u0131l amac\u0131n\u0131 baltalayabilece\u011fi korkusu ve gelecekteki y\u00fck\u00fc olabildi\u011fince hafifletme iste\u011fi. Sonu\u00e7 olarak, kasaba halk\u0131n\u0131n kasabalar\u0131na duydu\u011fu sevginin ziyaret\u00e7ilere aktar\u0131ld\u0131\u011f\u0131na inan\u0131yorum. Ziyaret\u00e7iler otopark \u00fccretlerini &quot;G\u00fczel \u00e7i\u00e7eklerin a\u00e7mas\u0131na izin verdi\u011finiz i\u00e7in te\u015fekk\u00fcr ederim&quot; ve &quot;Bu y\u00fcz\u00fcme bir g\u00fcl\u00fcmseme getirdi&quot; gibi s\u00f6zlerle \u00f6dediler. Bir kez daha, t\u00fcm kasaba halk\u0131na minnettarl\u0131\u011f\u0131m\u0131 ifade etmek istiyorum. &quot;K\u00fc\u00e7\u00fck olsa bile parlayan bir kasaba yaratmak&quot;, daha b\u00fcy\u00fck belediyelerin ba\u015faramayaca\u011f\u0131 zorluklar\u0131n \u00fcstesinden gelmek anlam\u0131na gelir. Bunun \u00f6tesinde, &quot;kalbin memleketi&quot; yaratmak i\u00e7in \u00e7al\u0131\u015fmaya devam edece\u011fiz.<\/p>\n<p>Bir\u00e7ok sorunu \u00e7\u00f6zmek i\u00e7in \u00f6nlemleri desteklemeye devam edece\u011fiz. Bunlar aras\u0131nda okullar gibi \u00e7ok ama\u00e7l\u0131 tesislerin geli\u015ftirilmesi, \u00e7ocuklar ve ya\u015fl\u0131lar da dahil olmak \u00fczere t\u00fcm nesilleri kapsayacak \u00f6nlemler, ticareti canland\u0131rmaya y\u00f6nelik \u00f6nlemler, tar\u0131m\u0131n gelece\u011fine dair bir vizyon, Himawari K\u00f6y\u00fc&#039;n\u00fc canland\u0131rma projesi ve Hokuryu Onsen&#039;in cazibesini art\u0131rma yer almaktad\u0131r. Zorluklar\u0131 f\u0131rsat olarak g\u00f6rerek \u00fcstesinden gelece\u011fiz.<\/p>\n<p>\u015eu anda 2026 mali y\u0131l\u0131 b\u00fct\u00e7esini haz\u0131rlama \u00fczerinde \u00e7al\u0131\u015f\u0131yoruz. B\u00fct\u00e7eyi Ocak ay\u0131 sonuna kadar tamamlamay\u0131 hedefliyoruz. D\u00fc\u015f\u00fcncelerinizi ve fikirlerinizi bizimle payla\u015fmaktan \u00e7ekinmeyin.<\/p>\n<p>L\u00fctfen diledi\u011finiz zaman belediye binas\u0131ndaki herhangi bir personelle konu\u015fmaktan \u00e7ekinmeyin. Ayr\u0131ca y\u0131l boyunca mahalle derne\u011fi toplant\u0131lar\u0131nda da sizi ziyaret edece\u011fiz, bu nedenle l\u00fctfen soru sormaktan \u00e7ekinmeyin. Belediyenin b\u00fct\u00e7esi belediye halk\u0131na aittir. \u0130\u015fbirli\u011finiz i\u00e7in te\u015fekk\u00fcr ederiz.<\/p>\n<blockquote><p>[\u00c7ocuklara]<\/p>\n<p>Gelece\u011finiz olas\u0131l\u0131klarla dolu.<br \/>\nHer \u015feyi yapabilirsiniz.<br \/>\nSahne, ay\u00e7i\u00e7e\u011fi kasabas\u0131 &quot;Hokuryu&quot;da yer al\u0131yor.<br \/>\nL\u00fctfen kendi renginizle boyay\u0131n.<br \/>\nO anda y\u00fcz\u00fcndeki g\u00fcl\u00fcmsemeyi g\u00f6rmek istiyorum.<\/p><\/blockquote>\n<p>Umar\u0131m bu y\u0131l g\u00fcl\u00fcmsemelerle dolu ge\u00e7er ve bu vesileyle hepinize Mutlu Y\u0131llar dilerim.<\/p>\n<p>[Hokuryu Halkla \u0130li\u015fkiler Dergisi, Ocak 2026 say\u0131s\u0131, No. 725&#039;ten al\u0131nt\u0131]<\/p>\n<p>\u25c7<\/p>","protected":false},"excerpt":{"rendered":"<p>2026\u5e741\u67081\u65e5 &#x3297;&#xfe0f; \u65b0\u5e74\u306e\u3054\u6328\u62f6 \u5317\u7adc\u753a\u9577\u3000\u4f50\u3005\u6728 \u5eb7\u5b8f \u65b0\u5e74\u3042\u3051\u307e\u3057\u3066\u304a\u3081\u3067\u3068\u3046\u3054\u3056\u3044\u307e\u3059\u3002 \u7686\u69d8\u65b9\u306b\u304a\u304b\u308c\u307e\u3057\u3066\u306f\u65b0\u6625\u3092\u304a\u5065\u3084\u304b\u306b\u304a\u8fce\u3048\u306e\u3053\u3068\u3068\u304a\u6176\u3073\u7533\u3057\u4e0a\u3052\u307e\u3059 [&hellip;]<\/p>\n","protected":false},"author":1,"featured_media":68016,"comment_status":"open","ping_status":"open","sticky":false,"template":"","format":"standard","meta":{"footnotes":""},"categories":[75],"tags":[],"class_list":["post-67996","post","type-post","status-publish","format-standard","has-post-thumbnail","hentry","category-sasaki-yasuhiro-mayor"],"_links":{"self":[{"href":"https:\/\/portal.hokuryu.info\/tr\/wp-json\/wp\/v2\/posts\/67996","targetHints":{"allow":["GET"]}}],"collection":[{"href":"https:\/\/portal.hokuryu.info\/tr\/wp-json\/wp\/v2\/posts"}],"about":[{"href":"https:\/\/portal.hokuryu.info\/tr\/wp-json\/wp\/v2\/types\/post"}],"author":[{"embeddable":true,"href":"https:\/\/portal.hokuryu.info\/tr\/wp-json\/wp\/v2\/users\/1"}],"replies":[{"embeddable":true,"href":"https:\/\/portal.hokuryu.info\/tr\/wp-json\/wp\/v2\/comments?post=67996"}],"version-history":[{"count":6,"href":"https:\/\/portal.hokuryu.info\/tr\/wp-json\/wp\/v2\/posts\/67996\/revisions"}],"predecessor-version":[{"id":68029,"href":"https:\/\/portal.hokuryu.info\/tr\/wp-json\/wp\/v2\/posts\/67996\/revisions\/68029"}],"wp:featuredmedia":[{"embeddable":true,"href":"https:\/\/portal.hokuryu.info\/tr\/wp-json\/wp\/v2\/media\/68016"}],"wp:attachment":[{"href":"https:\/\/portal.hokuryu.info\/tr\/wp-json\/wp\/v2\/media?parent=67996"}],"wp:term":[{"taxonomy":"category","embeddable":true,"href":"https:\/\/portal.hokuryu.info\/tr\/wp-json\/wp\/v2\/categories?post=67996"},{"taxonomy":"post_tag","embeddable":true,"href":"https:\/\/portal.hokuryu.info\/tr\/wp-json\/wp\/v2\/tags?post=67996"}],"curies":[{"name":"wp","href":"https:\/\/api.w.org\/{rel}","templated":true}]}}