{"id":67781,"date":"2025-12-23T09:27:26","date_gmt":"2025-12-23T00:27:26","guid":{"rendered":"https:\/\/portal.hokuryu.info\/?p=67781"},"modified":"2025-12-23T10:24:54","modified_gmt":"2025-12-23T01:24:54","slug":"12%e6%9c%8822%e6%97%a5%ef%bc%88%e6%9c%88%ef%bc%89%e3%80%8c2%e5%ad%a6%e6%9c%9f%e7%b5%82%e6%a5%ad%e5%bc%8f%e3%83%bb%e9%9b%a2%e4%bb%bb%e5%bc%8f%e3%80%8d%ef%bd%9e%e5%85%90%e7%ab%a5%e4%bc%9a%e4%bb%a3","status":"publish","type":"post","link":"https:\/\/portal.hokuryu.info\/tr\/67781\/","title":{"rendered":"22 Aral\u0131k Pazartesi: &quot;\u0130kinci D\u00f6nem Kapan\u0131\u015f T\u00f6reni ve Veda T\u00f6reni&quot; - \u00d6\u011frenci Konseyi Temsilcisinin Selamlamalar\u0131, 3. ve 6. S\u0131n\u0131f \u00d6\u011frencilerinin \u0130kinci D\u00f6neme \u0130li\u015fkin D\u00fc\u015f\u00fcnceleri ve \u00d6\u011frenci Konseyi Temsilcisinin Veda T\u00f6reninde Yapt\u0131\u011f\u0131 M\u00fckemmel Konu\u015fma [Shinryu \u0130lkokulu]"},"content":{"rendered":"<p>Sal\u0131, 23 Aral\u0131k 2025<\/p>\n<figure id=\"attachment_54898\" class=\"wp-caption aligncenter\"><a href=\"https:\/\/sites.google.com\/view\/hokuryu\" target=\"_blank\"><img decoding=\"async\" src=\"https:\/\/portal.hokuryu.info\/wp\/wp-content\/uploads\/2025\/12\/642646b67d230127ea98805982fa9d33-14.jpg\" alt=\"22 Aral\u0131k Pazartesi: &quot;\u0130kinci D\u00f6nem Kapan\u0131\u015f T\u00f6reni ve Veda T\u00f6reni&quot; - \u00d6\u011frenci Konseyi Temsilcisinin Selamlamalar\u0131, 3. ve 6. S\u0131n\u0131f \u00d6\u011frencilerinin \u0130kinci D\u00f6neme \u0130li\u015fkin D\u00fc\u015f\u00fcnceleri ve \u00d6\u011frenci Konseyi Temsilcisinin Veda T\u00f6reninde Yapt\u0131\u011f\u0131 M\u00fckemmel Konu\u015fma [Shinryu \u0130lkokulu]\" width=\"2229\" height=\"2560\" class=\"size-full wp-image-54898\" style=\"border:solid 1px blue\"\/><figcaption class=\"wp-caption-text\">22 Aral\u0131k Pazartesi: &quot;\u0130kinci D\u00f6nem Kapan\u0131\u015f T\u00f6reni ve Veda T\u00f6reni&quot; - \u00d6\u011frenci Konseyi Temsilcisinin Selamlamalar\u0131, 3. ve 6. S\u0131n\u0131f \u00d6\u011frencilerinin \u0130kinci D\u00f6neme \u0130li\u015fkin D\u00fc\u015f\u00fcnceleri ve \u00d6\u011frenci Konseyi Temsilcisinin Veda T\u00f6reninde Yapt\u0131\u011f\u0131 M\u00fckemmel Konu\u015fma [Shinryu \u0130lkokulu]<\/a><\/figcaption><\/figure>","protected":false},"excerpt":{"rendered":"<p>Sal\u0131, 23 Aral\u0131k 2025<\/p>","protected":false},"author":1,"featured_media":67782,"comment_status":"open","ping_status":"open","sticky":false,"template":"","format":"standard","meta":{"footnotes":""},"categories":[68],"tags":[],"class_list":["post-67781","post","type-post","status-publish","format-standard","has-post-thumbnail","hentry","category-68"],"_links":{"self":[{"href":"https:\/\/portal.hokuryu.info\/tr\/wp-json\/wp\/v2\/posts\/67781","targetHints":{"allow":["GET"]}}],"collection":[{"href":"https:\/\/portal.hokuryu.info\/tr\/wp-json\/wp\/v2\/posts"}],"about":[{"href":"https:\/\/portal.hokuryu.info\/tr\/wp-json\/wp\/v2\/types\/post"}],"author":[{"embeddable":true,"href":"https:\/\/portal.hokuryu.info\/tr\/wp-json\/wp\/v2\/users\/1"}],"replies":[{"embeddable":true,"href":"https:\/\/portal.hokuryu.info\/tr\/wp-json\/wp\/v2\/comments?post=67781"}],"version-history":[{"count":1,"href":"https:\/\/portal.hokuryu.info\/tr\/wp-json\/wp\/v2\/posts\/67781\/revisions"}],"predecessor-version":[{"id":67787,"href":"https:\/\/portal.hokuryu.info\/tr\/wp-json\/wp\/v2\/posts\/67781\/revisions\/67787"}],"wp:featuredmedia":[{"embeddable":true,"href":"https:\/\/portal.hokuryu.info\/tr\/wp-json\/wp\/v2\/media\/67782"}],"wp:attachment":[{"href":"https:\/\/portal.hokuryu.info\/tr\/wp-json\/wp\/v2\/media?parent=67781"}],"wp:term":[{"taxonomy":"category","embeddable":true,"href":"https:\/\/portal.hokuryu.info\/tr\/wp-json\/wp\/v2\/categories?post=67781"},{"taxonomy":"post_tag","embeddable":true,"href":"https:\/\/portal.hokuryu.info\/tr\/wp-json\/wp\/v2\/tags?post=67781"}],"curies":[{"name":"wp","href":"https:\/\/api.w.org\/{rel}","templated":true}]}}