{"id":67307,"date":"2025-12-12T09:39:43","date_gmt":"2025-12-12T00:39:43","guid":{"rendered":"https:\/\/portal.hokuryu.info\/?p=67307"},"modified":"2025-12-25T11:57:56","modified_gmt":"2025-12-25T02:57:56","slug":"%e3%80%90%e5%8c%97%e7%ab%9c%e7%94%ba%e3%81%93%e3%81%a9%e3%82%82%e8%ad%b0%e4%bc%9a%e3%80%91%e6%9c%aa%e6%9d%a5%e3%82%92%e5%89%b5%e3%82%8b11%e5%90%8d%e3%81%ae%e5%b0%8f%e5%ad%a6%e7%94%9f%e8%ad%b0%e5%93%a1","status":"publish","type":"post","link":"https:\/\/portal.hokuryu.info\/tr\/67307\/","title":{"rendered":"[Hokuryu Kasabas\u0131 \u00c7ocuk Meclisi] Gelece\u011fi \u015fekillendiren 11 ilkokul \u00f6\u011frencisi. Yeti\u015fkinler ve \u00e7ocuklar aras\u0131nda duygusal bir diyalog."},"content":{"rendered":"<p>Cuma, 12 Aral\u0131k 2025<\/p>\n<div class=\"ep-box es-BpaperRight es-grid bgc-VPsky\"> 11 Aral\u0131k Per\u015fembe g\u00fcn\u00fc, karla kapl\u0131 Hokuryu Kasabas\u0131 Meclis Salonu&#039;nda &quot;2025 Hokuryu Kasabas\u0131 \u00c7ocuk Meclisi&quot; a\u00e7\u0131ld\u0131. Shinryu \u0130lkokulu&#039;ndan on bir alt\u0131nc\u0131 s\u0131n\u0131f \u00f6\u011frencisi, kayak merkezi kullan\u0131m\u0131, boz ay\u0131ya kar\u015f\u0131 \u00f6nlemler ve konaklama gibi kasaba sorunlar\u0131 hakk\u0131nda derinlemesine tart\u0131\u015fmalara kat\u0131ld\u0131. Buna kar\u015f\u0131l\u0131k, belediye ba\u015fkan\u0131 ve e\u011fitim m\u00fcd\u00fcr\u00fc, kasaban\u0131n b\u00fct\u00e7esi, ger\u00e7ekleri ve hayalleri hakk\u0131nda samimiyetle konu\u015ftu. Bu, \u00e7ocuklara \u00e7ocuk muamelesi yapmayan, e\u015fit bir diyalo\u011fun kayd\u0131yd\u0131. Burada, demokrasinin k\u00f6kenlerini ve gelecek i\u00e7in sa\u011flam bir umudu buluyoruz.<\/div>\n<h2>[Hokuryu Kasabas\u0131 \u00c7ocuk Meclisi] Gelece\u011fi \u015fekillendiren 11 ilkokul \u00f6\u011frencisi. Yeti\u015fkinler ve \u00e7ocuklar aras\u0131nda duygusal bir diyalog.<\/h2>\n<p>f<br \/>\nPencerenin d\u0131\u015f\u0131nda, g\u00fcm\u00fc\u015f rengi bir d\u00fcnyada sessizce kar ya\u011f\u0131yordu. Ancak 11 Aral\u0131k 2025 Per\u015fembe g\u00fcn\u00fc, Hokuryu Belediye Binas\u0131&#039;n\u0131n toplant\u0131 salonu yaz ortas\u0131n\u0131n s\u0131ca\u011f\u0131yla sarmalanm\u0131\u015ft\u0131.<\/p>\n<p>&quot;2025 Hokuryu Kasabas\u0131 \u00c7ocuk Meclisi&quot;nin ana kat\u0131l\u0131mc\u0131lar\u0131 Shinryu \u0130lkokulu&#039;ndan 11 alt\u0131nc\u0131 s\u0131n\u0131f \u00f6\u011frencisiydi.<\/p>\n<p>Bu sadece bir \u00f6\u011frenme deneyimi de\u011fildi. Yeti\u015fkinlere &quot;misafir&quot; olarak de\u011fil, bu kasabada ya\u015fayan ve buray\u0131 seven &quot;sakinler&quot; olarak sorular sordular.<\/p>\n<p>Yeti\u015fkinler de onlara sadece resmi pozisyonlar\u0131 gere\u011fi de\u011fil, b\u00fcy\u00fckleri olduklar\u0131 i\u00e7in de i\u00e7tenlikle davrand\u0131lar.<\/p>\n<figure class=\"wp-caption aligncenter\"><a href=\"https:\/\/photos.google.com\/share\/AF1QipMu-Cm-aJJB-jcLvcNCz0pidfEI0YDvlGHwJpGcAyyo_zrleiQNgWTWVyiSJxdT-g\/photo\/AF1QipPaTxSKghGRAIPW6lbnjU6bNUUSa9iUrqYFJg4?key=Y0hjd0dheEtNbV95MjRpR2tteHpBbFdTem1KUmN3\" target=\"_blank\"><img decoding=\"async\" src=\"https:\/\/lh3.googleusercontent.com\/pw\/AP1GczMc4sXgzn05lKknD_TfUHsiel1YP0R0hrSJClmEOwpBdBDcN0WL6MCORxqgcRzTzjpNZNvzkhbk27HIDG09mRMG4JaACcxpYAMhcCoAemIbQC1AM5y3CbWjNmFcU09JqrOFtPszNFN1B5aET2CQpSbU=w2000-h1125-s-no-gm?authuser=0\" width=\"2000\" height=\"1125\" alt=\"\u00c7ocuk Konferans\u0131\" class=\"size-medium\" \/><\/a><figcaption class=\"wp-caption-text\">\u00c7ocuk Konferans\u0131<\/figcaption><\/figure>\n<h3>A\u00e7\u0131l\u0131\u015f: Bu sizin Kongreniz<\/h3>\n<p>Saat 9:00&#039;da, k\u0131z ve erkek \u00e7ocuklar y\u00fczlerinde gergin ifadelerle yerlerine oturdular. Ba\u015fkan Nakamura Shoichi ve Belediye Ba\u015fkan\u0131 Sasaki Yasuhiro&#039;nun selamlamalar\u0131, bu toplant\u0131n\u0131n \u00f6nemini teyit etti.<\/p>\n<h4>Hokuryu Kasabas\u0131 Meclis Ba\u015fkan\u0131 Shoichi Nakamura&#039;dan selamlar.<\/h4>\n<figure class=\"wp-caption aligncenter\"><a href=\"https:\/\/photos.google.com\/share\/AF1QipMu-Cm-aJJB-jcLvcNCz0pidfEI0YDvlGHwJpGcAyyo_zrleiQNgWTWVyiSJxdT-g\/photo\/AF1QipOME-Av9vxVRMTR_AmtqDZ2pwuitXcJwpE_ojc?key=Y0hjd0dheEtNbV95MjRpR2tteHpBbFdTem1KUmN3\" target=\"_blank\"><img decoding=\"async\" src=\"https:\/\/lh3.googleusercontent.com\/pw\/AP1GczPVArlzLw-365CujtR2DIiVZlpNfjq_V9DERb4ht-jwgdYS6QDd8puwve5XsDhWvTFQZcIIJPrzIgFUpFshFiOUsgr6ClQkWFFNIyZTDXueIm9CMm92109n1d-39glAsgWGJMO25nZy8TbflI34rrdw=w2000-h1125-s-no-gm?authuser=0\" width=\"2000\" height=\"1125\" alt=\"Ba\u015fkan Nakamura Shoichi\" class=\"size-medium\" \/><\/a><figcaption class=\"wp-caption-text\">Ba\u015fkan Nakamura Shoichi<\/figcaption><\/figure>\n<p> &quot;Sabah\u0131n erken saatlerinden itibaren bize kat\u0131lan ilkokul \u00f6\u011frencilerine ve g\u00f6zlemci olarak kat\u0131lan velilere te\u015fekk\u00fcr etmek isteriz.&quot;<\/p>\n<p>\u00c7ocuk Parlamentosu 2006 y\u0131l\u0131nda ba\u015flad\u0131 ve her iki y\u0131lda bir, ilkokul ve ortaokullar aras\u0131nda d\u00f6n\u00fc\u015f\u00fcml\u00fc olarak d\u00fczenleniyor. Bug\u00fcn 10 genel soru soraca\u011f\u0131z.<\/p>\n<p>Belediye Ba\u015fkan\u0131 Sasaki ve Emniyet M\u00fcd\u00fcr\u00fc Tanaka nadiren s\u00f6zs\u00fcz kal\u0131rlar, ancak bug\u00fcn onlar\u0131 haz\u0131rl\u0131ks\u0131z yakalayacak baz\u0131 keskin sorularla kar\u015f\u0131 kar\u015f\u0131ya kalabilirler.<\/p>\n<p>Baz\u0131 konular hemen ele al\u0131nabilir, baz\u0131lar\u0131 daha fazla de\u011ferlendirme gerektirir ve baz\u0131lar\u0131 da zordur, ancak bence size bir \u015feyin neden yolunda gitmedi\u011fini anlaman\u0131za yard\u0131mc\u0131 olacak bir a\u00e7\u0131klama sunabileceklerdir.<\/p>\n<p>\u015eu anda hepiniz muhtemelen 11 veya 12 ya\u015f\u0131ndas\u0131n\u0131z, ancak 25 ya\u015f\u0131na geldi\u011finizde Hokuryu Belediye Meclisi \u00fcyesi olabileceksiniz. Umar\u0131m f\u0131rsat do\u011farsa 12 veya 13 y\u0131l i\u00e7inde meclis \u00fcyesi olursunuz. <\/p>\n<p>Hata yaparsan\u0131z endi\u015felenmenize gerek yok. Sorular\u0131n\u0131z\u0131 sonuna kadar g\u00fcvenle sorun.&quot;<\/p>\n<h4>Hokuryu Belediye Ba\u015fkan\u0131 Yasuhiro Sasaki&#039;den selamlar<\/h4>\n<figure class=\"wp-caption aligncenter\"><a href=\"https:\/\/photos.google.com\/share\/AF1QipMu-Cm-aJJB-jcLvcNCz0pidfEI0YDvlGHwJpGcAyyo_zrleiQNgWTWVyiSJxdT-g\/photo\/AF1QipPQ08GI3HFWlJ5phIE_O3I7k4ATJW8xvEhb3t4?key=Y0hjd0dheEtNbV95MjRpR2tteHpBbFdTem1KUmN3\" target=\"_blank\"><img decoding=\"async\" src=\"https:\/\/lh3.googleusercontent.com\/pw\/AP1GczNiyPnH1rPHd6tVJ8ueJZlFwKZWECV3OcLDGUpj1iOixcwCw9XOi8ymBTHWfhBPdAvMjGKpVoRI6VhYVyvwtSAu-wfoijaK6IDgiU2sQXR5tBbKsa1YNb4juy8VwpIBIVWlv5xm6vzrLBdHGfddMLpi=w2000-h1125-s-no-gm?authuser=0\" width=\"2000\" height=\"1125\" alt=\"Belediye Ba\u015fkan\u0131 Yasuhiro Sasaki\" class=\"size-medium\" \/><\/a><figcaption class=\"wp-caption-text\">Belediye Ba\u015fkan\u0131 Yasuhiro Sasaki<\/figcaption><\/figure>\n<p>&quot;G\u00fcnayd\u0131n! Ge\u00e7en g\u00fcn Avustralya ile yap\u0131lan bir \u00e7evrimi\u00e7i yaz\u0131\u015fma g\u00f6sterildi ve herkesin \u0130ngilizce kullanmak i\u00e7in \u00e7ok \u00e7abalad\u0131\u011f\u0131n\u0131 g\u00f6r\u00fcnce, &quot;G\u00fcnayd\u0131n&quot; yerine &quot;Good morning&quot; demeye karar verdim.&quot;<\/p>\n<p>&quot;\u00c7ocuk toplant\u0131s\u0131&quot; teriminin bir \u015fekilde yeti\u015fkin bak\u0131\u015f a\u00e7\u0131s\u0131ndan geliyormu\u015f gibi g\u00f6r\u00fcnmesinden endi\u015feleniyorum. \u0130lkokul toplant\u0131s\u0131, ortaokul toplant\u0131s\u0131... Sizler ana oyunculars\u0131n\u0131z, bu sizin toplant\u0131n\u0131z, bu y\u00fczden bunu akl\u0131n\u0131zda tutarak yakla\u015fman\u0131z\u0131 istiyorum.<\/p>\n<p>2006 y\u0131l\u0131nda bir ortaokul \u00f6\u011frencisi bilgisayar iste\u011fini dile getirdi ve o zamanki e\u011fitim m\u00fcd\u00fcr\u00fc bu iste\u011fi ger\u00e7e\u011fe d\u00f6n\u00fc\u015ft\u00fcrmek i\u00e7in hemen 6,5 milyon yenlik b\u00fcy\u00fck bir b\u00fct\u00e7e ay\u0131rd\u0131. \u0130\u015fte olay\u0131n \u00f6yk\u00fcs\u00fc bu.<\/p>\n<p>Buraday\u0131z, hayallerinizi ger\u00e7e\u011fe d\u00f6n\u00fc\u015ft\u00fcrmek i\u00e7in ve sorular\u0131n\u0131z\u0131 yan\u0131tlamak i\u00e7in elimizden gelenin en iyisini yapaca\u011f\u0131z.<\/p>\n<p>Ard\u0131ndan, Ba\u015fkan Fujita Yuno&#039;nun sayg\u0131n rehberli\u011finde, genel soru-cevap oturumu nihayet ba\u015flad\u0131.<\/p>\n<figure class=\"wp-caption aligncenter\"><a href=\"https:\/\/photos.google.com\/share\/AF1QipMu-Cm-aJJB-jcLvcNCz0pidfEI0YDvlGHwJpGcAyyo_zrleiQNgWTWVyiSJxdT-g\/photo\/AF1QipMmrZJ2mjGe_5PyNzyB81w9rmQkvdARFs7iuYU?key=Y0hjd0dheEtNbV95MjRpR2tteHpBbFdTem1KUmN3\" target=\"_blank\"><img decoding=\"async\" src=\"https:\/\/lh3.googleusercontent.com\/pw\/AP1GczN-2RZ2CzYrGm63a21GeLjbSq08dZJsYKrGqfaouT3CIurqZK-PGbU71luxE8DFLrKdJdatVVSiT-QErtaLnEeW8vfb871dcCpIol9HA3T6ue6EJba2NXrjWDRqUFD2sHRfHKKrVwCObmWN92qTtlTP=w2000-h1125-s-no-gm?authuser=0\" width=\"2000\" height=\"1125\" alt=\"Konu\u015fmac\u0131n\u0131n oturumu\" class=\"size-medium\" \/><\/a><figcaption class=\"wp-caption-text\">Konu\u015fmac\u0131n\u0131n oturumu<\/figcaption><\/figure>\n<h3>Genel Soru 1: Kayak merkezlerinin kullan\u0131m\u0131yla ilgili<\/h3>\n<h4>Soru: 1 Numaral\u0131 Meclis \u00dcyesi<\/h4>\n<figure class=\"wp-caption aligncenter\"><a href=\"https:\/\/photos.google.com\/share\/AF1QipMu-Cm-aJJB-jcLvcNCz0pidfEI0YDvlGHwJpGcAyyo_zrleiQNgWTWVyiSJxdT-g\/photo\/AF1QipPMSr2OQrA9fiDS7dxLfokUrS-WMEfq9vQLJs4?key=Y0hjd0dheEtNbV95MjRpR2tteHpBbFdTem1KUmN3\" target=\"_blank\"><img decoding=\"async\" src=\"https:\/\/lh3.googleusercontent.com\/pw\/AP1GczN-PfOKQOLF2EO6QohKgy8zSEzUojZS62boFxbDRCl86SnNDzyHxr1A5GO_YHH_E4Xtt_oYxu4ixcMhABrtqxaokblhT1LidQOMccAcVShzR7axpM_qG_tC0tgda9e6WuAjrelwlpcJ4eLxfNuIjRJ3=w2000-h1125-s-no-gm?authuser=0\" width=\"2000\" height=\"1125\" alt=\"Kayak merkezlerindeki etkinlikler\" class=\"size-medium\" \/><\/a><figcaption class=\"wp-caption-text\">Kayak merkezlerindeki etkinlikler<\/figcaption><\/figure>\n<p>Kayak merkezindeki etkinlik hakk\u0131nda bir sorum var.<\/p>\n<p>Daha \u00f6nce kayak merkezlerinde d\u00fczenlenen etkinlikler art\u0131k Geli\u015ftirme Merkezi&#039;nde d\u00fczenleniyor.<\/p>\n<p>Kayak merkezlerinde d\u00fczenlenen tek etkinlik kayak ve snowboard yar\u0131\u015fmalar\u0131d\u0131r. Bence kayak merkezinde daha fazla etkinlik planlarsak, kasaba halk\u0131 aras\u0131ndaki ileti\u015fimi te\u015fvik eder, kayak merkezine gelen ziyaret\u00e7i say\u0131s\u0131n\u0131 art\u0131r\u0131r ve Hokuryu kasabas\u0131n\u0131 daha canl\u0131 hale getirir. L\u00fctfen bunu dikkate al\u0131n.&quot;<\/p>\n<h4>Cevap: Yoshiki Tanaka, E\u011fitim M\u00fcd\u00fcr\u00fc<\/h4>\n<figure class=\"wp-caption aligncenter\"><a href=\"https:\/\/photos.google.com\/share\/AF1QipMu-Cm-aJJB-jcLvcNCz0pidfEI0YDvlGHwJpGcAyyo_zrleiQNgWTWVyiSJxdT-g\/photo\/AF1QipMUmVMB2KRIyJEvA5YCeW1mbhuS_XEKDPdJ1ZI?key=Y0hjd0dheEtNbV95MjRpR2tteHpBbFdTem1KUmN3\" target=\"_blank\"><img decoding=\"async\" src=\"https:\/\/lh3.googleusercontent.com\/pw\/AP1GczMldON1AVYiVZReJhMzcqzXxurz4lCmFbzkC72SHpDF7sW0dAnshGh4hVVGH99gnuTdlL9HRJhpjcefttH6Sy-gWbo7KTa7nFWQVrZ0UTojouOt5E3CPf2xluPMKyjbj3Qag8CRkguUUmIve5_3dK-j=w2000-h1125-s-no-gm?authuser=0\" width=\"2000\" height=\"1125\" alt=\"Emniyet M\u00fcd\u00fcr\u00fc Tanaka yan\u0131t veriyor.\" class=\"size-medium\" \/><\/a><figcaption class=\"wp-caption-text\">Emniyet M\u00fcd\u00fcr\u00fc Tanaka yan\u0131t veriyor.<\/figcaption><\/figure>\n<p>&quot;Soru sorma cesaretini g\u00f6steren herkese te\u015fekk\u00fcr ederim.&quot;<\/p>\n<p>COVID-19 salg\u0131n\u0131n\u0131n yay\u0131lmas\u0131ndan \u00f6nce, &quot;Yukinko Festivali&quot; kasaba kayak turnuvas\u0131yla birlikte kayak merkezinde d\u00fczenleniyordu. Ancak, s\u0131n\u0131rl\u0131 otopark ve kayd\u0131raklar ile di\u011fer ekipmanlar\u0131n kurulumundaki zorluklar nedeniyle, iki etkinlik art\u0131k ayr\u0131 ayr\u0131 d\u00fczenleniyor.<\/p>\n<p>Etkinlikleri ayr\u0131 ayr\u0131 d\u00fczenlemenin daha geni\u015f bir otopark alan\u0131 sa\u011flayaca\u011f\u0131na ve bir\u00e7ok kasaba sakininin kat\u0131l\u0131m\u0131n\u0131 kolayla\u015ft\u0131raca\u011f\u0131na inan\u0131yoruz, peki siz ne d\u00fc\u015f\u00fcn\u00fcyorsunuz? L\u00fctfen g\u00f6r\u00fc\u015flerinizi bizimle payla\u015f\u0131n. <\/p>\n<p>Hokuryu Kasabas\u0131 \u015fu anda Himawari no Sato&#039;yu k\u0131\u015f aylar\u0131nda da kar oyun alan\u0131 olarak kullanmay\u0131 d\u00fc\u015f\u00fcn\u00fcyor. Bu planla birlikte, kayak merkezinde etkinlikler d\u00fczenlemek ve kasaba d\u0131\u015f\u0131ndan ki\u015fileri kayak merkezinde etkinlikler d\u00fczenlemeye davet etmek de m\u00fcmk\u00fcn.<\/p>\n<p>Kayak merkezini olabildi\u011fince \u00e7ok insan\u0131n kullan\u0131m\u0131na a\u00e7mak i\u00e7in \u00e7e\u015fitli yollar d\u00fc\u015f\u00fcnmeye devam edece\u011fiz.&quot;<\/p>\n<h3>Genel Soru 2: Park\u0131n \u00e7evresel iyile\u015ftirilmesiyle ilgili<\/h3>\n<h4>Soru: 2 Numaral\u0131 Meclis \u00dcyesi<\/h4>\n<figure class=\"wp-caption aligncenter\"><a href=\"https:\/\/photos.google.com\/share\/AF1QipMu-Cm-aJJB-jcLvcNCz0pidfEI0YDvlGHwJpGcAyyo_zrleiQNgWTWVyiSJxdT-g\/photo\/AF1QipP_A8RTFL1ia2kxswyw5jsd_3Nhi4duzjpn9e8?key=Y0hjd0dheEtNbV95MjRpR2tteHpBbFdTem1KUmN3\" target=\"_blank\"><img decoding=\"async\" src=\"https:\/\/lh3.googleusercontent.com\/pw\/AP1GczOkSBklgHsU1Ipz8WG1uW0QXGbg4Z9hMEHrHmzdtCqvSNnwYuHX8RjIiZLz55-WU_KUIpkblkm16nEvl96O48FMjijS7KJEoIOk_8jHbwOXFcDDgPeg_Qwt2kVc0J_C0pWnXTAUXXv4tgoKlimxJXAs=w2000-h1114-s-no-gm?authuser=0\" width=\"2000\" height=\"1114\" alt=\"Parktaki \u00e7imleri bi\u00e7mek ve d\u00f6k\u00fclen yapraklar\u0131 toplamak.\" class=\"size-medium\" \/><\/a><figcaption class=\"wp-caption-text\">Parktaki \u00e7imleri bi\u00e7mek ve d\u00f6k\u00fclen yapraklar\u0131 toplamak.<\/figcaption><\/figure>\n<p>\u00c7im bi\u00e7me ve yaprak toplama konusunda bir sorum var.<\/p>\n<p>\u015eu anda parkta \u00e7ok fazla \u00e7im var ve bu da oynamay\u0131 zorla\u015ft\u0131r\u0131yor, bu y\u00fczden \u00e7imlerin bi\u00e7ilmesini rica ediyorum. Sonbaharda yerde \u00e7ok fazla d\u00f6k\u00fclen yaprak oluyor ve park\u0131 kirletiyor, bu y\u00fczden yapraklar\u0131n toplanmas\u0131n\u0131 rica ediyorum.<\/p>\n<p>&quot;Bu gibi \u015feyler iyile\u015ftirilirse, bence daha \u00e7ok insan parka oynamaya gelir. Te\u015fekk\u00fcr ederim.&quot;<\/p>\n<h4>Cevap: Belediye Ba\u015fkan\u0131 Yasuhiro Sasaki<\/h4>\n<figure class=\"wp-caption aligncenter\"><a href=\"https:\/\/photos.google.com\/share\/AF1QipMu-Cm-aJJB-jcLvcNCz0pidfEI0YDvlGHwJpGcAyyo_zrleiQNgWTWVyiSJxdT-g\/photo\/AF1QipN5uNUNwPr7iIa8EL4zff9JX6pRj8ObFpQHuK8?key=Y0hjd0dheEtNbV95MjRpR2tteHpBbFdTem1KUmN3\" target=\"_blank\"><img decoding=\"async\" src=\"https:\/\/lh3.googleusercontent.com\/pw\/AP1GczNQXX-I-hIeXwzOkmT8QQK83XCgat6BsEZIjX4O6IRP80CBa_nXhIQYk51JAC6enFKZFPs0NacxruKCSMoZI0RbxpfKkmgTsZ4TvFEvC5lBVRE69ymoUKw8QYkA2NHjjuG8lCLVj5aC7nNmANLD-HJ1=w2000-h1113-s-no-gm?authuser=0\" width=\"2000\" height=\"1113\" alt=\"Belediye Ba\u015fkan\u0131 Sasaki yan\u0131t veriyor\" class=\"size-medium\" \/><\/a><figcaption class=\"wp-caption-text\">Belediye Ba\u015fkan\u0131 Sasaki yan\u0131t veriyor<\/figcaption><\/figure>\n<p>&quot;Kasabada alt\u0131 \u00e7ocuk park\u0131 bulunuyor, ayr\u0131ca Konpira Park\u0131 ve Hekisui Park\u0131 da var.&quot;<\/p>\n<p>\u00c7im bi\u00e7me i\u015fi &quot;Silver \u0130nsan Kaynaklar\u0131 Merkezi&quot; adl\u0131 bir grup taraf\u0131ndan yap\u0131l\u0131yor ve \u00e7o\u011funlukla 60 ile 80 ya\u015flar\u0131 aras\u0131ndaki ki\u015filer taraf\u0131ndan ger\u00e7ekle\u015ftiriliyor.<\/p>\n<p>Bunu y\u0131lda iki kez yap\u0131yoruz ve ayr\u0131ca mahalle derne\u011finden de yard\u0131m istiyoruz, toplamda yakla\u015f\u0131k d\u00f6rt kez, ancak meclis \u00fcyesinin de s\u00f6yledi\u011fi gibi, hala temizlenmeyen baz\u0131 alanlar var gibi g\u00f6r\u00fcn\u00fcyor.<\/p>\n<p>Parklar\u0131 olabildi\u011fince temiz tutmak istiyoruz, ancak sekiz parka ger\u00e7ekten ihtiyac\u0131m\u0131z olup olmad\u0131\u011f\u0131 konusunda da tart\u0131\u015fmalar var. Say\u0131y\u0131 biraz azaltmay\u0131 ve y\u00f6netimi tek bir alanda yo\u011funla\u015ft\u0131rmay\u0131 d\u00fc\u015f\u00fcn\u00fcyoruz.<\/p>\n<p>\u0130lkokuldayken parktan d\u00f6k\u00fclen yapraklar\u0131 toplar ve tatl\u0131 patatesleri k\u0131zart\u0131rd\u0131m, ama itfaiyeciler bana \u00e7ok k\u0131zm\u0131\u015ft\u0131 (g\u00fcl\u00fcyor).<\/p>\n<p>\u0130nsanlar\u0131n b\u00f6yle maceralar ya\u015fayabilece\u011fi bir park yaratmak istiyorum. \u0130nsanlar\u0131n \u00f6zg\u00fcr hayal g\u00fc\u00e7lerini kullanabilecekleri, istediklerini yapabilecekleri ve ba\u015far\u0131s\u0131z olsalar bile tekrar deneyebilecekleri bir yer yaratmak i\u00e7in sizinle birlikte \u00e7al\u0131\u015fmak istiyorum.&quot;<\/p>\n<h3>Genel Soru 3: Oyun alan\u0131 ekipmanlar\u0131n\u0131n kurulumu ile ilgili<\/h3>\n<h4>Soru: 3 Numaral\u0131 Meclis \u00dcyesi<\/h4>\n<figure class=\"wp-caption aligncenter\"><a href=\"https:\/\/photos.google.com\/share\/AF1QipMu-Cm-aJJB-jcLvcNCz0pidfEI0YDvlGHwJpGcAyyo_zrleiQNgWTWVyiSJxdT-g\/photo\/AF1QipOKSKY-EVm5rvZwHMBKU323Pzu9b0QqVVYk6So?key=Y0hjd0dheEtNbV95MjRpR2tteHpBbFdTem1KUmN3\" target=\"_blank\"><img decoding=\"async\" src=\"https:\/\/lh3.googleusercontent.com\/pw\/AP1GczOBtOiQ79GxZS8tIA-HLMLU7-f0RoVEe1ZbP_M8HHB5sOw3zVdneX8gZdWXiC_ULcBOidL-51Gj2t060XH3a102f4hwVlmpyEip1VyiG3moXtnt1wAkuRcKlURFGm7Ywpv6IxHQt3ZVse47OIeyRFjZ=w2000-h1125-s-no-gm?authuser=0\" width=\"2000\" height=\"1125\" alt=\"Oyun alan\u0131 ekipmanlar\u0131n\u0131n kurulumuyla ilgili olarak\" class=\"size-medium\" \/><\/a><figcaption class=\"wp-caption-text\">Oyun alan\u0131 ekipmanlar\u0131n\u0131n kurulumuyla ilgili olarak<\/figcaption><\/figure>\n<p>Oyun alan\u0131 ekipmanlar\u0131n\u0131n kurulumuyla ilgili bir sorum var.<\/p>\n<p>Bence Hokuryu kasabas\u0131nda, Chishibetsu kasabas\u0131ndaki Kids Square Chikkuru gibi \u00e7ocuklar\u0131n oynayabilece\u011fi \u00e7ok az yer var.<\/p>\n<p>&quot;Kom\u015fu Imobeushi kasabas\u0131nda, \u00e7ocuklar\u0131n oynayabilece\u011fi Urara Su Park\u0131 ad\u0131nda bir oyun alan\u0131 var. \u00c7ocuklar\u0131n \u00f6zg\u00fcrce oynayabilmesinin \u00e7ok \u00f6nemli oldu\u011funu d\u00fc\u015f\u00fcn\u00fcyorum, bu y\u00fczden Hokuryu kasabas\u0131nda da buna benzer bir oyun alan\u0131 olu\u015fturmal\u0131y\u0131z diye d\u00fc\u015f\u00fcn\u00fcyorum. Ne d\u00fc\u015f\u00fcn\u00fcyorsunuz?&quot;<\/p>\n<h4>Cevap: Belediye Ba\u015fkan\u0131 Yasuhiro Sasaki<\/h4>\n<figure class=\"wp-caption aligncenter\"><a href=\"https:\/\/photos.google.com\/share\/AF1QipMu-Cm-aJJB-jcLvcNCz0pidfEI0YDvlGHwJpGcAyyo_zrleiQNgWTWVyiSJxdT-g\/photo\/AF1QipNsLKn2i2Mr5kBF3_z1uPkRPEb_Y5aK4ZGCllA?key=Y0hjd0dheEtNbV95MjRpR2tteHpBbFdTem1KUmN3\" target=\"_blank\"><img decoding=\"async\" src=\"https:\/\/lh3.googleusercontent.com\/pw\/AP1GczPzVv24UZtxhKnDJicOwvfXfKNnkJCkMGioqEyMoslrHlnlsGbBRhetVS_ox0pSaTnxXeZJ5_Lqyj8u2yTrUUdjurvn34qL6YNiaG1SW_8dYBLqlNKur-xQzKITg9i9uOo5l3O50K0w3XTZWX81e_bk=w2000-h1125-s-no-gm?authuser=0\" width=\"2000\" height=\"1125\" alt=\"Belediye Ba\u015fkan\u0131 Sasaki yan\u0131t veriyor\" class=\"size-medium\" \/><\/a><figcaption class=\"wp-caption-text\">Belediye Ba\u015fkan\u0131 Sasaki yan\u0131t veriyor<\/figcaption><\/figure>\n<p>&quot;Babalar\u0131n\u0131z ve anneleriniz de ayn\u0131 iste\u011fi dile getirdiler.&quot;<\/p>\n<p>Daha \u00f6nce de belirtti\u011fim gibi, \u015fu anda \u00e7ocuk parklar\u0131n\u0131n say\u0131s\u0131n\u0131 biraz azaltmay\u0131 ve bunun yerine herkesin keyif alabilece\u011fi parklar ve oyun alanlar\u0131 olu\u015fturmay\u0131 d\u00fc\u015f\u00fcn\u00fcyoruz.<\/p>\n<p>Chishibetsu kasabas\u0131ndaki &quot;Kids Square Chikkuru&quot;, 1 milyar yen gibi devasa bir mebla\u011fla in\u015fa edildi. Bu kadar b\u00fcy\u00fck bir paray\u0131 hemen toplamak zor olabilir, ancak herkesin oynayabilece\u011fi ve ebeveynlerin birlikte vakit ge\u00e7irebilece\u011fi bir yer yaratmay\u0131 hedefliyoruz. <\/p>\n<p>\u015eu anda Hokuryu Kasabas\u0131, ilkokul ve ortaokullar\u0131n\u0131 birle\u015ftirerek dokuz y\u0131ll\u0131k bir okul (zorunlu e\u011fitim okulu) olu\u015fturmaya \u00e7al\u0131\u015f\u0131yor. Bu yeni okulun planlamas\u0131nda, herkesin e\u011flenebilece\u011fi bir okul olmas\u0131n\u0131 istiyoruz. \u00dc\u00e7 y\u0131l sonra olacak, ancak herkesin g\u00f6r\u00fc\u015flerini yans\u0131tmak istiyoruz.&quot;<\/p>\n<h3>Genel Soru 4: \u0130yile\u015ftirme Merkezinin kapan\u0131\u015f g\u00fcnleriyle ilgili<\/h3>\n<h4>Soru: 4 Numaral\u0131 Meclis \u00dcyesi<\/h4>\n<figure class=\"wp-caption aligncenter\"><a href=\"https:\/\/photos.google.com\/share\/AF1QipMu-Cm-aJJB-jcLvcNCz0pidfEI0YDvlGHwJpGcAyyo_zrleiQNgWTWVyiSJxdT-g\/photo\/AF1QipNqcChjtUHy1B16Zbwe2wkxHhgTFHDY88lrHYs?key=Y0hjd0dheEtNbV95MjRpR2tteHpBbFdTem1KUmN3\" target=\"_blank\"><img decoding=\"async\" src=\"https:\/\/lh3.googleusercontent.com\/pw\/AP1GczNjUgwsFyZgchJWcR0WGTQ_OByQw1wORsZTHMXNV9Xa3DAhVlnBmdJJgRTOmeKWLm1_jkLLtT078wSSNtRqR1oP3a6UR5p15Dz_Uz42qWvXo0kMKmp9gwesayM6G9EyLyT0DIohWyMpab5R1n6mbWKn=w2000-h1118-s-no-gm?authuser=0\" width=\"2000\" height=\"1118\" alt=\"\u0130yile\u015ftirme Merkezi Kapal\u0131 G\u00fcnleri\" class=\"size-medium\" \/><\/a><figcaption class=\"wp-caption-text\">\u0130yile\u015ftirme Merkezi Kapal\u0131 G\u00fcnleri<\/figcaption><\/figure>\n<p>&quot;Geli\u015fim Merkezi&#039;nin kapan\u0131\u015f g\u00fcnleriyle ilgili bir sorum var.&quot;<\/p>\n<p>\u015eu anda, iyile\u015ftirme merkezi Pazartesi g\u00fcnleri kapal\u0131. Pazartesi g\u00fcnleri okul erken bitiyor. Okul erken bitti\u011fi i\u00e7in iyile\u015ftirme merkezine gitmek istesem bile, Pazartesi g\u00fcnleri kapal\u0131 oldu\u011fu i\u00e7in gidemiyorum.<\/p>\n<p>&quot;Bence pazar g\u00fcnleri kapal\u0131 olursak Kaizen Merkezi&#039;ne daha \u00e7ok insan gelir. Pazar g\u00fcnleri kapal\u0131 olup o g\u00fcnlerde temizlik yaparsak, merkezi temiz tutabiliriz ve daha \u00e7ok insan oynamaya gelir, bu y\u00fczden pazar g\u00fcnleri kapal\u0131 olmas\u0131n\u0131 isterim. Dikkate ald\u0131\u011f\u0131n\u0131z i\u00e7in te\u015fekk\u00fcr ederim.&quot;<\/p>\n<h4>Cevap: Yoshiki Tanaka, E\u011fitim M\u00fcd\u00fcr\u00fc<\/h4>\n<figure class=\"wp-caption aligncenter\"><a href=\"https:\/\/photos.google.com\/share\/AF1QipMu-Cm-aJJB-jcLvcNCz0pidfEI0YDvlGHwJpGcAyyo_zrleiQNgWTWVyiSJxdT-g\/photo\/AF1QipP5ZId775c8JPBMvn4s33ScKNw2ix7paqtZ-cU?key=Y0hjd0dheEtNbV95MjRpR2tteHpBbFdTem1KUmN3\" target=\"_blank\"><img decoding=\"async\" src=\"https:\/\/lh3.googleusercontent.com\/pw\/AP1GczOW062TDWr1l7_1cBOavAuNTVfr5YpvC9DebQNWHPQwvl-xyzs5nhkbRsGXMOhoWzypRdqGWaTc7ssszstjMCE0C0biObswWdkCwLJVuNHwFDnJphDbsbuy-q1_POhSuzBcsTYKJjEgwYoDsh-xlUbD=w2000-h1125-s-no-gm?authuser=0\" width=\"2000\" height=\"1125\" alt=\"Emniyet M\u00fcd\u00fcr\u00fc Tanaka yan\u0131t veriyor.\" class=\"size-medium\" \/><\/a><figcaption class=\"wp-caption-text\">Emniyet M\u00fcd\u00fcr\u00fc Tanaka yan\u0131t veriyor.<\/figcaption><\/figure>\n<p>&quot;Belediye meclisi \u00fcyesi ayr\u0131ca di\u011fer kasabalardan da bilgi ald\u0131 ve sorular sordu, bu harika.&quot;<\/p>\n<p>\u015eu anda, a\u00e7\u0131l\u0131\u015f g\u00fcnlerinde yap\u0131lamayan bak\u0131m \u00e7al\u0131\u015fmalar\u0131, tesisin kapal\u0131 oldu\u011fu Pazartesi g\u00fcnleri ger\u00e7ekle\u015ftiriliyor. Bir di\u011fer sorun ise, Pazar g\u00fcnleri kapal\u0131 olmas\u0131 nedeniyle, antrenman salonunu kullanmak isteyen veya Pazar g\u00fcnleri d\u00fczenlenen spor turnuvalar\u0131na kat\u0131lmak isteyen ki\u015filerin tesisi kullanamayacak olmas\u0131d\u0131r.<\/p>\n<p>Ancak kasaba \u015fu anda bir okul, toplum merkezi ve geli\u015ftirme merkezini bir araya getirecek &quot;kompleks bir tesis&quot; in\u015fa etmeyi planl\u0131yor ve o zaman okullar\u0131n kapal\u0131 oldu\u011fu g\u00fcnleri ortadan kald\u0131rmay\u0131 hedefliyor.<\/p>\n<p>Yeni tesisin tamamlanmas\u0131 zaman alacak, ancak E\u011fitim Kurulu \u015fu anda yeni tesis tamamlanana kadar okullar\u0131n kapal\u0131 olaca\u011f\u0131 g\u00fcnleri kald\u0131rmay\u0131 d\u00fc\u015f\u00fcn\u00fcyor, bu nedenle biraz daha zamana ihtiyac\u0131m\u0131z var.&quot;<\/p>\n<h3>Genel Soru 5: Sokak lambalar\u0131n\u0131n parlakl\u0131\u011f\u0131 hakk\u0131nda<\/h3>\n<h4>Soru: 5 Numaral\u0131 Meclis \u00dcyesi<\/h4>\n<figure class=\"wp-caption aligncenter\"><a href=\"https:\/\/photos.google.com\/share\/AF1QipMu-Cm-aJJB-jcLvcNCz0pidfEI0YDvlGHwJpGcAyyo_zrleiQNgWTWVyiSJxdT-g\/photo\/AF1QipNiA8mmfO8oE9AAkP74ZjUhZlWJ7UtQCLgSP7w?key=Y0hjd0dheEtNbV95MjRpR2tteHpBbFdTem1KUmN3\" target=\"_blank\"><img decoding=\"async\" src=\"https:\/\/lh3.googleusercontent.com\/pw\/AP1GczNELcdU2YdSkpaShk0KuAyXwZc3IFBqC0ppDIfgnVTwCxDyuJHXIjkQRaMKRjkR6McqdTuJR9zO-lwDI5n0nKKSaIClD8t-r3O7oXkbiTN23Hb2lLfXPsL5tKKDBl9lQZZbDqJ62bcTP18RYDtovtKG=w2000-h1125-s-no-gm?authuser=0\" width=\"2000\" height=\"1125\" alt=\"Sokak lambalar\u0131 hakk\u0131nda\" class=\"size-medium\" \/><\/a><figcaption class=\"wp-caption-text\">Sokak lambalar\u0131 hakk\u0131nda<\/figcaption><\/figure>\n<p>Sokak lambalar\u0131yla ilgili bir sorum var.<\/p>\n<p>Ke\u015fke \u015fehirdeki sokak lambalar\u0131 daha parlak olsayd\u0131. Ekim ba\u015flar\u0131nda, ak\u015fam 6:30 civar\u0131nda kald\u0131r\u0131mda y\u00fcr\u00fcrken sokak lambalar\u0131n\u0131n lo\u015f oldu\u011funu fark ettim.<\/p>\n<p>\u0130yi g\u00f6remedi\u011fim i\u00e7in kendimi huzursuz hissettim. \u0130\u015fler b\u00f6yle devam ederse yaralanmalar ve kazalar olaca\u011f\u0131n\u0131 d\u00fc\u015f\u00fcn\u00fcyorum. Bu y\u00fczden sokak lambalar\u0131n\u0131n daha parlak olmas\u0131n\u0131 istiyorum. Te\u015fekk\u00fcr ederim.&quot;<\/p>\n<h4>Cevap: Belediye Ba\u015fkan\u0131 Yasuhiro Sasaki<\/h4>\n<figure class=\"wp-caption aligncenter\"><a href=\"https:\/\/photos.google.com\/share\/AF1QipMu-Cm-aJJB-jcLvcNCz0pidfEI0YDvlGHwJpGcAyyo_zrleiQNgWTWVyiSJxdT-g\/photo\/AF1QipO1qNrBNSWCz02HRqhFVumbmDckcycZ1fq_fkI?key=Y0hjd0dheEtNbV95MjRpR2tteHpBbFdTem1KUmN3\" target=\"_blank\"><img decoding=\"async\" src=\"https:\/\/lh3.googleusercontent.com\/pw\/AP1GczPepVGTs7sXC5WpTOwAC9f1L4PKlvZ4BgcKdJEvPBmWQ35KInVrOR8hVFSsRZUfKnbrFrcfK9MFlWH3tQ9U50iQj37hU-MzW6zmN7i3CZxIoGAEv2LwWCEWqGGN2hgiBmLPayDdu5q1CKq_qYDWnX-O=w2000-h1125-s-no-gm?authuser=0\" width=\"2000\" height=\"1125\" alt=\"Belediye Ba\u015fkan\u0131 Sasaki yan\u0131t veriyor\" class=\"size-medium\" \/><\/a><figcaption class=\"wp-caption-text\">Belediye Ba\u015fkan\u0131 Sasaki yan\u0131t veriyor<\/figcaption><\/figure>\n<p>&quot;Sokak lambalar\u0131 lo\u015f. Ger\u00e7ekten karanl\u0131k. Y\u00fcr\u00fcyorum ama ya\u015fland\u0131k\u00e7a eskisi kadar iyi g\u00f6remiyorum ve bazen neredeyse insanlara \u00e7arp\u0131yorum.&quot;<\/p>\n<p>Mevcut sokak lambalar\u0131, Hokuryu kasabas\u0131n\u0131n kurulu\u015funun 100. y\u0131l d\u00f6n\u00fcm\u00fcn\u00fc anmak amac\u0131yla 1991 y\u0131l\u0131nda in\u015fa edilmi\u015ftir.<\/p>\n<p>Ard\u0131ndan, 2009&#039;da b\u00fcy\u00fck bir \u00e7ingene g\u00fcvesi salg\u0131n\u0131 ya\u015fand\u0131, bu y\u00fczden ampulleri b\u00f6cekleri daha az \u00e7eken LED ampullerle de\u011fi\u015ftirdik. Bu uygulama bug\u00fcne kadar devam ediyor.<\/p>\n<p>Mevcut &quot;Ay\u00e7i\u00e7e\u011fi Sokak Lambalar\u0131&quot; 30 y\u0131l\u0131 a\u015fk\u0131n s\u00fcredir kullan\u0131mda, bu nedenle gelece\u011fe y\u00f6nelik \u015fehir planlamam\u0131z\u0131n bir par\u00e7as\u0131 olarak yeni sokak lambalar\u0131 in\u015fa etmeyi planl\u0131yoruz.<\/p>\n<p>(Yeni bir sokak lambas\u0131n\u0131n g\u00f6r\u00fcnt\u00fcs\u00fcn\u00fc g\u00f6stererek) B\u00f6cekleri uzak tutacak ve \u00fczerinde kar birikmesini \u00f6nleyecek bir tasar\u0131m d\u00fc\u015f\u00fcn\u00fcyoruz.<\/p>\n<p>Ayr\u0131ca yan\u0131na, kasaba etkinliklerini vb. tan\u0131tmam\u0131za olanak sa\u011flayacak bir ekran i\u015flevi de eklemek istiyoruz. Herkesin okula gidip gelmesini ve b\u00f6lgeden g\u00f6n\u00fcl rahatl\u0131\u011f\u0131yla ge\u00e7mesini nas\u0131l kolayla\u015ft\u0131rabilece\u011fimizi d\u00fc\u015f\u00fcn\u00fcyoruz.&quot;<\/p>\n<h3>Genel Soru 6: Ay\u0131 kontrol \u00f6nlemleri<\/h3>\n<h4>Soru: 6 Numaral\u0131 Meclis \u00dcyesi<\/h4>\n<figure class=\"wp-caption aligncenter\"><a href=\"https:\/\/photos.google.com\/share\/AF1QipMu-Cm-aJJB-jcLvcNCz0pidfEI0YDvlGHwJpGcAyyo_zrleiQNgWTWVyiSJxdT-g\/photo\/AF1QipOfc8ZGGIQ-aiFv2qavlZ2FSotBhOmOmStXlwA?key=Y0hjd0dheEtNbV95MjRpR2tteHpBbFdTem1KUmN3\" target=\"_blank\"><img decoding=\"async\" src=\"https:\/\/lh3.googleusercontent.com\/pw\/AP1GczOEWMUQloIZ2vHPqYAjF2rYXOaDoxuCuh-5UJrUWLxalNVx3N3BT0HdKGjMsimroHS1sYw2Fy--b58NancZvuQEE3-b4eaFIvXRaYfhD19kgnT2ItGWgD15EKeouWGgxPVrqftMzIPSf1F7LOYNA6cY=w2000-h1125-s-no-gm?authuser=0\" width=\"2000\" height=\"1125\" alt=\"Ay\u0131 Tepkisi\" class=\"size-medium\" \/><\/a><figcaption class=\"wp-caption-text\">Ay\u0131 Tepkisi<\/figcaption><\/figure>\n<p>Ay\u0131 kontrol\u00fcyle ilgili bir sorum var.<\/p>\n<p>Son zamanlarda haberlerde ay\u0131 sightings&#039;leri duyuyoruz ve bir\u00e7ok ki\u015fi yaralan\u0131yor. Bu y\u0131l Hokkaido&#039;da 65 ay\u0131 vakas\u0131, 5 \u00f6l\u00fcm ve 410 ay\u0131 sightings raporu var. Hokuryu kasabas\u0131nda da bir\u00e7ok ay\u0131 sightings&#039;i bildirildi.<\/p>\n<p>\u00d6rne\u011fin, ay\u0131lar\u0131n iyi duyma yetene\u011fine sahip oldu\u011fu s\u00f6yleniyor, peki ya halka a\u00e7\u0131k yerlerin yak\u0131n\u0131nda polis ara\u00e7lar\u0131n\u0131n devriye gezmesi veya hava kararmaya ba\u015flad\u0131\u011f\u0131 saatlerde (ak\u015fam 6&#039;dan sonra) insanlardan d\u0131\u015far\u0131 \u00e7\u0131kmamalar\u0131n\u0131 istemek i\u00e7in afet \u00f6nleme telsizi kullan\u0131lmas\u0131 nas\u0131l olur?<\/p>\n<p>Bunun, ay\u0131lar\u0131n verdi\u011fi zarar\u0131 bir nebze de olsa \u00f6nlemeye ve kasaba halk\u0131n\u0131n huzur i\u00e7inde ya\u015famas\u0131na yard\u0131mc\u0131 olaca\u011f\u0131n\u0131 d\u00fc\u015f\u00fcn\u00fcyorum. De\u011ferlendirmeleriniz i\u00e7in te\u015fekk\u00fcr ederim.&quot;<\/p>\n<h4>Cevap: Belediye Ba\u015fkan\u0131 Yasuhiro Sasaki<\/h4>\n<figure class=\"wp-caption aligncenter\"><a href=\"https:\/\/photos.google.com\/share\/AF1QipMu-Cm-aJJB-jcLvcNCz0pidfEI0YDvlGHwJpGcAyyo_zrleiQNgWTWVyiSJxdT-g\/photo\/AF1QipMBsFAjVn1bQgztsLcDT4soIvo5tDFWNy5sRf8?key=Y0hjd0dheEtNbV95MjRpR2tteHpBbFdTem1KUmN3\" target=\"_blank\"><img decoding=\"async\" src=\"https:\/\/lh3.googleusercontent.com\/pw\/AP1GczOn7mWHbUh69ukpShoaFWd5_qNu-UY6eYNzygdGrIDFbk8YnATpxWqw1J2ooJEd0Bl1q7zkbHQhfmkDJJx_0o-pWlI5GXsRVnICtKhYOJHIa2xbB3pEDsbIS4aKzCdHIr-XMF7I9_MYh1MSmqaDduGV=w2000-h1125-s-no-gm?authuser=0\" width=\"2000\" height=\"1125\" alt=\"Belediye Ba\u015fkan\u0131 Sasaki yan\u0131t veriyor\" class=\"size-medium\" \/><\/a><figcaption class=\"wp-caption-text\">Belediye Ba\u015fkan\u0131 Sasaki yan\u0131t veriyor<\/figcaption><\/figure>\n<p>&quot;Te\u015fekk\u00fcr ederim, Meclis \u00fcyeleri. Ay\u0131lar\u0131n verdi\u011fi hasar art\u0131k &#039;felaket seviyesinde&#039; olarak nitelendiriliyor. Bu konu Meclis&#039;te g\u00f6r\u00fc\u015f\u00fcld\u00fc ve t\u00fcm \u00fclke kar\u015f\u0131 \u00f6nlemleri de\u011ferlendiriyor.&quot;<\/p>\n<p>Hokuryu kasabas\u0131nda bu y\u0131l 14 ay\u0131 yakaland\u0131. Genellikle \u00fcrkek hayvanlar olmalar\u0131na ra\u011fmen, son zamanlarda insanlara al\u0131\u015ft\u0131lar ve evlere yakla\u015fmaya ba\u015flad\u0131lar. Bunun nedenlerinden biri de da\u011flarda yiyecek (\u00fcr\u00fcn) k\u0131tl\u0131\u011f\u0131d\u0131r.<\/p>\n<p>Afet \u00f6nleme radyosuna gelince, \u015fu anda olaydan sonra &quot;Yay\u0131ld\u0131, dikkatli olun&quot; \u015feklinde yay\u0131n yap\u0131yoruz, ancak Takebayashi&#039;nin \u00f6nerdi\u011fi gibi, &quot;yay\u0131lmadan \u00f6nce uyar\u0131&quot;y\u0131 da de\u011ferlendirmek isteriz.<\/p>\n<p>Polis memurlar\u0131 ve kasaba avc\u0131l\u0131k derne\u011finden avc\u0131lar i\u015fbirli\u011fi i\u00e7inde yo\u011fun \u00e7aba sarf ediyorlar. Sakinlerimizi korumak i\u00e7in \u00f6nlemler almaya devam edece\u011fiz.&quot;<\/p>\n<h3>Genel Soru 7: Konaklama tesislerinin geni\u015fletilmesiyle ilgili<\/h3>\n<h4>Soru: 7 Numaral\u0131 Meclis \u00dcyesi<\/h4>\n<figure class=\"wp-caption aligncenter\"><a href=\"https:\/\/photos.google.com\/share\/AF1QipMu-Cm-aJJB-jcLvcNCz0pidfEI0YDvlGHwJpGcAyyo_zrleiQNgWTWVyiSJxdT-g\/photo\/AF1QipMwFtiGPllaMSOH3xUpu3xUDuYe69EaqQ0lg4k?key=Y0hjd0dheEtNbV95MjRpR2tteHpBbFdTem1KUmN3\" target=\"_blank\"><img decoding=\"async\" src=\"https:\/\/lh3.googleusercontent.com\/pw\/AP1GczObrHYTzI-zX9Zl-uV4zQrYvHZj8RA9bOmelRNsautEFonTEjXK_-1-uyhelmeojYKTFqAVXrdsuH9AvxQbgL6S40bOiyl0W3kpJCqpsIzJjE4napPe137dmKmOOc1k67zZCc-KPHdj8-hDm5kn6l5L=w2000-h1125-s-no-gm?authuser=0\" width=\"2000\" height=\"1125\" alt=\"Konaklama hakk\u0131nda\" class=\"size-medium\" \/><\/a><figcaption class=\"wp-caption-text\">Konaklama hakk\u0131nda<\/figcaption><\/figure>\n<p>&quot;Hokuryu kasabas\u0131ndaki konaklama yerleri hakk\u0131nda bir sorum var.&quot;<\/p>\n<p>Bence Hokuryu kasabas\u0131nda \u00e7ok say\u0131da turisti a\u011f\u0131rlayabilecek konaklama yerlerinin say\u0131s\u0131n\u0131 art\u0131rmak iyi olurdu.<\/p>\n<p>Yaz aylar\u0131nda ay\u00e7i\u00e7eklerini g\u00f6rmek i\u00e7in gelen turistlerin sadece bir g\u00fcn sonra ayr\u0131ld\u0131\u011f\u0131n\u0131 g\u00f6r\u00fcnce, daha fazla insan\u0131n konaklayabilece\u011fi ve Hokuryu Kasabas\u0131&#039;n\u0131n tad\u0131n\u0131 daha \u00e7ok \u00e7\u0131karabilece\u011fi bir otel veya k\u0131r evi in\u015fa etmenin iyi bir fikir olaca\u011f\u0131n\u0131 d\u00fc\u015f\u00fcnd\u00fcm.<\/p>\n<p>E\u011fer bu ger\u00e7ekle\u015firse, Hokuryu Kasabas\u0131&#039;n\u0131n daha canl\u0131 ve geli\u015fmi\u015f bir yer haline gelece\u011fini d\u00fc\u015f\u00fcn\u00fcyorum.<\/p>\n<h4>Cevap: Belediye Ba\u015fkan\u0131 Yasuhiro Sasaki<\/h4>\n<figure class=\"wp-caption aligncenter\"><a href=\"https:\/\/photos.google.com\/share\/AF1QipMu-Cm-aJJB-jcLvcNCz0pidfEI0YDvlGHwJpGcAyyo_zrleiQNgWTWVyiSJxdT-g\/photo\/AF1QipMICLWflH4NoUt7ajctKkQUBn76zPUJJlIGoz8?key=Y0hjd0dheEtNbV95MjRpR2tteHpBbFdTem1KUmN3\" target=\"_blank\"><img decoding=\"async\" src=\"https:\/\/lh3.googleusercontent.com\/pw\/AP1GczM6ImkROggbyuc7VyLU1yU0ZRz7do3kGEu2LYJNiU0gx_NjqHqMpVhpJjv5oIFKHmOfLNkKmiYQtC1Slkv46jpSTKUP-5o7kZiOYNnGzchpd-EXp0QPFDGqTKplckIKbUqCvx29JtoT8OocNQWdUsrl=w2000-h1125-s-no-gm?authuser=0\" width=\"2000\" height=\"1125\" alt=\"Belediye Ba\u015fkan\u0131 Sasaki yan\u0131t veriyor\" class=\"size-medium\" \/><\/a><figcaption class=\"wp-caption-text\">Belediye Ba\u015fkan\u0131 Sasaki yan\u0131t veriyor<\/figcaption><\/figure>\n<p>&quot;\u015eu anda mevcut olan tek konaklama yeri Sunflower Park. Eskiden Taishokan ad\u0131nda bir otel vard\u0131, ancak o da ortadan kayboldu.&quot;<\/p>\n<p>\u00d6ncelikle, Sunflower Park&#039;taki odalar\u0131 daha e\u011flenceli ve g\u00fczel hale getirmek istiyoruz.<\/p>\n<p>Ayr\u0131ca Bibai \u015fehrinde, in\u015faat \u015firketleri bo\u015f evleri ba\u015far\u0131yla yenileyerek, MUJI mobilyalar\u0131 ve g\u00fczel mutfaklar\u0131yla donat\u0131lm\u0131\u015f, \u015f\u0131k \u00f6zel konaklama birimleri olu\u015fturuyorlar.<\/p>\n<p>Hokuryu kasabas\u0131nda bir\u00e7ok in\u015faat \u015firketi var, bu y\u00fczden b\u00f6yle bir giri\u015fimi \u00fcstlenip \u00fcstlenemeyece\u011fimizi g\u00f6rmek i\u00e7in onlarla ileti\u015fime ge\u00e7mek istiyorum.<\/p>\n<p>Ayr\u0131ca, Ekim ay\u0131nda toplum merkezinde d\u00fczenlenen &quot;El Sanatlar\u0131 Fuar\u0131&quot; gibi etkinliklerin say\u0131s\u0131n\u0131 art\u0131rmay\u0131, &quot;Wakuwaku Gelecek Yarat\u0131m Merkezi&quot; ad\u0131nda yeni bir merkez olu\u015fturmay\u0131 ve konaklama ve d\u00fckkan sa\u011flamak i\u00e7in mobil &quot;treyler evler&quot; kullanma olas\u0131l\u0131\u011f\u0131n\u0131 ara\u015ft\u0131rmay\u0131 planl\u0131yoruz.<\/p>\n<p>&quot;Sizin fikirleriniz \u015fehrin gelece\u011fini de\u011fi\u015ftirecek.&quot;<\/p>\n<h3>Genel Soru 8: Gece Ay\u00e7i\u00e7e\u011fi Festivali Hakk\u0131nda<\/h3>\n<h4>Soru: 8 Numaral\u0131 Meclis \u00dcyesi<\/h4>\n<figure class=\"wp-caption aligncenter\"><a href=\"https:\/\/photos.google.com\/share\/AF1QipMu-Cm-aJJB-jcLvcNCz0pidfEI0YDvlGHwJpGcAyyo_zrleiQNgWTWVyiSJxdT-g\/photo\/AF1QipOVkCT2ta9kSngG-troZ0TnNXi_brTVdj5pRKY?key=Y0hjd0dheEtNbV95MjRpR2tteHpBbFdTem1KUmN3\" target=\"_blank\"><img decoding=\"async\" src=\"https:\/\/lh3.googleusercontent.com\/pw\/AP1GczO1fwtrohNQTcOsq_0cAWws9wXrA5XbKVhnhF_Yeax_X9YtWBzZfj5EZl5XvHppCP6OAWHgdi4Fp8Q5qPldXWdctjHUzQ_lQeD1VeB0ejPo7_qPcRAhWYGQPRpQhML7zEYCeclShtDsVkPcwvpA2DjX=w2000-h1125-s-no-gm?authuser=0\" width=\"2000\" height=\"1125\" alt=\"Gece Ay\u00e7i\u00e7e\u011fi Festivali\" class=\"size-medium\" \/><\/a><figcaption class=\"wp-caption-text\">Gece Ay\u00e7i\u00e7e\u011fi Festivali<\/figcaption><\/figure>\n<p>&quot;Ak\u015fam ay\u00e7i\u00e7ek festivaliyle ilgili bir sorum var.&quot;<\/p>\n<p>Ay\u00e7i\u00e7e\u011fi Festivali&#039;ndeki gece havai fi\u015feklerinin \u00e7ok g\u00fczel oldu\u011funu d\u00fc\u015f\u00fcnm\u00fc\u015ft\u00fcm, ama ay\u00e7i\u00e7eklerini kullanmamak yaz\u0131k olurdu ve o kadar karanl\u0131k olurdu ki onlar\u0131 g\u00f6remezdiniz, bu y\u00fczden neden ay\u00e7i\u00e7eklerini ayd\u0131nlatmayal\u0131m diye d\u00fc\u015f\u00fcnd\u00fcm.<\/p>\n<p>Himawari no Sato&#039;nun a\u00e7\u0131l\u0131\u015f saatleri uzat\u0131l\u0131r ve b\u00f6lge \u0131\u015f\u0131kland\u0131r\u0131l\u0131rsa, turist say\u0131s\u0131n\u0131n artaca\u011f\u0131n\u0131 d\u00fc\u015f\u00fcn\u00fcyorum. B\u00f6lgenin \u0131\u015f\u0131kland\u0131r\u0131lmaya devam etmesini umuyorum.&quot;<\/p>\n<h4>Cevap: Belediye Ba\u015fkan\u0131 Yasuhiro Sasaki<\/h4>\n<figure class=\"wp-caption aligncenter\"><a href=\"https:\/\/photos.google.com\/share\/AF1QipMu-Cm-aJJB-jcLvcNCz0pidfEI0YDvlGHwJpGcAyyo_zrleiQNgWTWVyiSJxdT-g\/photo\/AF1QipOuomthfQrykCKaeVucY5sdfrh1BDLCDZJNcM8?key=Y0hjd0dheEtNbV95MjRpR2tteHpBbFdTem1KUmN3\" target=\"_blank\"><img decoding=\"async\" src=\"https:\/\/lh3.googleusercontent.com\/pw\/AP1GczMArpeTmmIaEn8Z20_wFNRNr3k4tp01epsEN2tn7j8R9Cb-iTxhdylX47DAds-55TrYbm_sNy_T-H0v3UiIcNyRKsoIkUNX101f7ywRX5VJl_A0pp1275DmGGRPzBeB9f-lHmZjJC7M-H8aE5IetjT-=w2000-h1125-s-no-gm?authuser=0\" width=\"2000\" height=\"1125\" alt=\"Belediye Ba\u015fkan\u0131 Sasaki yan\u0131t veriyor\" class=\"size-medium\" \/><\/a><figcaption class=\"wp-caption-text\">Belediye Ba\u015fkan\u0131 Sasaki yan\u0131t veriyor<\/figcaption><\/figure>\n<p>&quot;Asl\u0131nda bir keresinde o b\u00f6lgeyi ayd\u0131nlatmay\u0131 denemi\u015ftim ama o kadar \u00e7ok b\u00f6cek vard\u0131 ki tamamen ba\u015far\u0131s\u0131z oldu (g\u00fcl\u00fcyor). Ancak g\u00fcn\u00fcm\u00fczde b\u00f6cekleri \u00e7ekmeyen LED \u0131\u015f\u0131klar ve di\u011fer \u00fcr\u00fcnler var.&quot;<\/p>\n<p>Ben asla &quot;neden yapmayal\u0131m&quot; demem. Hepimiz bunu nas\u0131l ger\u00e7ekle\u015ftirebilece\u011fimizi d\u00fc\u015f\u00fcnmek isteriz, sonra da yapar\u0131z. Ba\u015far\u0131s\u0131z olan sorumlu ki\u015fi de hayal k\u0131r\u0131kl\u0131\u011f\u0131na u\u011fram\u0131\u015ft\u0131r, bu y\u00fczden intikam almak istiyorum.<\/p>\n<p>Bu y\u0131l idol konserleri ve profesyonel g\u00fcre\u015f gibi yeni etkinlikler d\u00fczenledik ve bir ayda 237.000 ki\u015fi geldi. Gece etkinlikleri d\u00fczenleyebilseydik, eminiz ki daha da fazla insan\u0131 \u00e7ekebilirdik.<\/p>\n<p>Gelecek y\u0131l Ay\u00e7i\u00e7e\u011fi Festivali&#039;nin 40. y\u0131ld\u00f6n\u00fcm\u00fc olacak. L\u00fctfen planlar\u0131n\u0131z\u0131 ve fikirlerinizi bizimle payla\u015f\u0131n. Bu zorlu\u011fun \u00fcstesinden birlikte gelelim.&quot;<\/p>\n<h3>Genel Soru 9: \u015eehirdeki dersler hakk\u0131nda<\/h3>\n<h4>Soru: 9 Numaral\u0131 Meclis \u00dcyesi<\/h4>\n<figure class=\"wp-caption aligncenter\"><a href=\"https:\/\/photos.google.com\/share\/AF1QipMu-Cm-aJJB-jcLvcNCz0pidfEI0YDvlGHwJpGcAyyo_zrleiQNgWTWVyiSJxdT-g\/photo\/AF1QipMzTIWW2YmLD-N6HogGBhl78J8zkTUJGoQT36A?key=Y0hjd0dheEtNbV95MjRpR2tteHpBbFdTem1KUmN3\" target=\"_blank\"><img decoding=\"async\" src=\"https:\/\/lh3.googleusercontent.com\/pw\/AP1GczM77ItRlTD7fMLnEySQ9RlmxD-ml5V4IhrHRkbdfWLdkm80AahZXyc42R21v4hBsQTHohffXeRfC51vPp_sxZRCPb9BsfDZ_XkBVPrSNH-TzXBCYm5N5-Mme2PrF0eBfgu6QqaQEWwGbigV5h3Zite0=w2000-h1116-s-no-gm?authuser=0\" width=\"2000\" height=\"1116\" alt=\"Dersler hakk\u0131nda\" class=\"size-medium\" \/><\/a><figcaption class=\"wp-caption-text\">Dersler hakk\u0131nda<\/figcaption><\/figure>\n<p>&quot;Dersleriniz hakk\u0131nda bilgi alaca\u011f\u0131m.&quot;<\/p>\n<p>Dersler i\u00e7in \u015fehir d\u0131\u015f\u0131na gidip geliyorum ve talebe dayal\u0131 ula\u015f\u0131m sistemini kullan\u0131yorum.<\/p>\n<p>Hokuryu kasabas\u0131nda ders almak istiyorum, ancak \u015fu anda kasabada bu t\u00fcr f\u0131rsatlar pek yok.<\/p>\n<p>Kasabadan bir \u00f6\u011fretmeni davet edip, haftada bir kez bir toplum merkezinde veya benzer bir yerde ders vermek m\u00fcmk\u00fcn m\u00fc? L\u00fctfen bunu de\u011ferlendirin.<\/p>\n<h4>Cevap: Keiju Tanaka, E\u011fitim M\u00fcfetti\u015fi<\/h4>\n<figure class=\"wp-caption aligncenter\"><a href=\"https:\/\/photos.google.com\/share\/AF1QipMu-Cm-aJJB-jcLvcNCz0pidfEI0YDvlGHwJpGcAyyo_zrleiQNgWTWVyiSJxdT-g\/photo\/AF1QipNb8UTNGJSpLFyehuXklfHmBVfdajoWqMlBfkY?key=Y0hjd0dheEtNbV95MjRpR2tteHpBbFdTem1KUmN3\" target=\"_blank\"><img decoding=\"async\" src=\"https:\/\/lh3.googleusercontent.com\/pw\/AP1GczOYpk0AiJIkppJG1rpoVgYZM31z0P7UIqYGWJLb7-WmF4vbcvkXd7HkZCILrob4a1xvAGDbfg6JYinnUdA23IErqvp2Dj5vpHYidLZdFz_ZyyZkkAiimiM_BYOwbNcvf_3rkevGJIVuToRFDvebohMd=w2000-h1125-s-no-gm?authuser=0\" width=\"2000\" height=\"1125\" alt=\"Emniyet M\u00fcd\u00fcr\u00fc Tanaka yan\u0131t veriyor.\" class=\"size-medium\" \/><\/a><figcaption class=\"wp-caption-text\">Emniyet M\u00fcd\u00fcr\u00fc Tanaka yan\u0131t veriyor.<\/figcaption><\/figure>\n<p>Meclis \u00fcyesinin sorusunu yan\u0131tlamadan \u00f6nce birka\u00e7 s\u00f6z s\u00f6ylemek istiyorum. Daha \u00f6nce bahsetti\u011fim meclis \u00fcyesi di\u011fer kasabalardan bilgi toplad\u0131, bir di\u011fer meclis \u00fcyesi kendi deneyimlerinden bahsetti ve bir ba\u015fka meclis \u00fcyesi de rakamlar\u0131 a\u00e7\u0131k\u00e7a belirtti. Bunlar ger\u00e7ekten m\u00fckemmel bak\u0131\u015f a\u00e7\u0131lar\u0131.<\/p>\n<p>Okul d\u0131\u015f\u0131 etkinliklere gelince, kasaba \u015fu anda \u00f6\u011frencilerin bu etkinliklere kat\u0131labilecekleri bir ortam olu\u015fturmak i\u00e7in haz\u0131rl\u0131k yap\u0131yor.<\/p>\n<p>\u00d6rne\u011fin, bu y\u0131l yaz tatilinde ba\u015flayan &quot;\u00c7evrimi\u00e7i Devlet Okulu&quot; buna bir \u00f6rnektir. Ayr\u0131ca, Kas\u0131m ay\u0131nda yeni bir ders d\u0131\u015f\u0131 etkinlik olan &quot;Dans Okulu&quot;nu a\u00e7t\u0131k.<\/p>\n<p>\u015eu anda alt\u0131 ilkokul \u00f6\u011frencisi kat\u0131l\u0131yor ve gelecekte daha k\u00fc\u00e7\u00fck \u00f6\u011frenciler i\u00e7in de s\u0131n\u0131flar a\u00e7may\u0131 planl\u0131yoruz. T\u00fcm s\u0131n\u0131flar\u0131 a\u00e7\u0131p a\u00e7amayaca\u011f\u0131m\u0131zdan emin de\u011filiz, ancak bir\u00e7ok insan\u0131n yard\u0131m\u0131yla mevcut se\u00e7enekleri art\u0131rmak i\u00e7in \u00e7ok \u00e7al\u0131\u015fmak istiyoruz.&quot;<\/p>\n<h3>Genel Soru 10: Ma\u011fazalar\u0131n ve marketlerin \u00e7ekicili\u011fi hakk\u0131nda<\/h3>\n<h4>Soru: 10 Numaral\u0131 Meclis \u00dcyesi<\/h4>\n<figure class=\"wp-caption aligncenter\"><a href=\"https:\/\/photos.google.com\/share\/AF1QipMu-Cm-aJJB-jcLvcNCz0pidfEI0YDvlGHwJpGcAyyo_zrleiQNgWTWVyiSJxdT-g\/photo\/AF1QipMmsBR9Piuf-wa2kCAd_JLLr3UDAaeEevfwDiM?key=Y0hjd0dheEtNbV95MjRpR2tteHpBbFdTem1KUmN3\" target=\"_blank\"><img decoding=\"async\" src=\"https:\/\/lh3.googleusercontent.com\/pw\/AP1GczNZ8zrNA3_zJT-o5bALQxhxFeTq2JbtVzxmEP2NGCQF7EnRiBS-tSblOkU4tTUXRIBgzPdyVpLAYbHP-Fxvv8JZ4NvYm12l-ZnF4orv73fFwbH1cuuX9yhPA6cU2UQwBPwBxFxt9R4EcjRjXuDi0kKo=w2000-h1125-s-no-gm?authuser=0\" width=\"2000\" height=\"1125\" alt=\"Hokuryu kasabas\u0131ndaki d\u00fckkanlar hakk\u0131nda\" class=\"size-medium\" \/><\/a><figcaption class=\"wp-caption-text\">Hokuryu kasabas\u0131ndaki d\u00fckkanlar hakk\u0131nda<\/figcaption><\/figure>\n<p>&quot;Hokuryu kasabas\u0131ndaki d\u00fckkanla ilgili bir sorum var.&quot;<\/p>\n<p>Hokuryu kasabas\u0131nda \u00e7ok fazla zincir ma\u011faza veya market yok, bu y\u00fczden bir tane a\u00e7\u0131lmas\u0131n\u0131 isterdim.<\/p>\n<p>G\u00fcn\u00fcm\u00fczde kasabada al\u0131\u015fveri\u015f yapabilece\u011finiz tek yer &quot;Cocoa&quot;. Tek bakkal ise &quot;Seico Mart&quot;. Restoran zincirleri de pek yok, bu y\u00fczden daha b\u00fcy\u00fck \u015fehirlere veya kasabalara gitmeniz gerekecek.<\/p>\n<p>&quot;Kasabada bir bakkal veya zincir ma\u011faza a\u00e7\u0131l\u0131rsa, bence kasaba halk\u0131n\u0131n hayat\u0131n\u0131 kolayla\u015ft\u0131racak ve daha keyifli hale getirecektir. Bunu dikkate alman\u0131z\u0131 rica ederim.&quot;<\/p>\n<h4>Cevap: Belediye Ba\u015fkan\u0131 Yasuhiro Sasaki<\/h4>\n<figure class=\"wp-caption aligncenter\"><a href=\"https:\/\/photos.google.com\/share\/AF1QipMu-Cm-aJJB-jcLvcNCz0pidfEI0YDvlGHwJpGcAyyo_zrleiQNgWTWVyiSJxdT-g\/photo\/AF1QipNpqaX5kNgclSQmILE2b2aI5cc5HRmRQj84lqg?key=Y0hjd0dheEtNbV95MjRpR2tteHpBbFdTem1KUmN3\" target=\"_blank\"><img decoding=\"async\" src=\"https:\/\/lh3.googleusercontent.com\/pw\/AP1GczMzdFC6fz9PPWC6nsr8vpUc4cNh-Qn3IaFDLF4Qy1jfaHUluNJIc5k3YfQnTPFkVeae5U5G3zPpTA-nTbbZt27Hdx6LpoAhRrHTgyA330IgM2OyvN5KNV9PKlJUaAa3xXP73PioRyS586-mfAPMDqKc=w2000-h1125-s-no-gm?authuser=0\" width=\"2000\" height=\"1125\" alt=\"Belediye Ba\u015fkan\u0131 Sasaki yan\u0131t veriyor\" class=\"size-medium\" \/><\/a><figcaption class=\"wp-caption-text\">Belediye Ba\u015fkan\u0131 Sasaki yan\u0131t veriyor<\/figcaption><\/figure>\n<p>&quot;Hokuryu kasabas\u0131nda, kasaba y\u00f6netimi taraf\u0131ndan 2018&#039;de in\u015fa edilmi\u015f Cocoa ad\u0131nda bir s\u00fcpermarket var. Bu, Hokkaido&#039;da bile nadir bulunan, kasaba halk\u0131n\u0131n para kazanma amac\u0131yla de\u011fil, her zaman taze yiyecek sat\u0131n alabilmesi i\u00e7in in\u015fa edilmi\u015f, kasaba taraf\u0131ndan i\u015fletilen bir s\u00fcpermarket.&quot;<\/p>\n<p>Bir de Seicomart var. Zincir ma\u011faza ama kasaba halk\u0131n\u0131 ger\u00e7ekten \u00f6nemsiyorlar.<\/p>\n<p>Da\u011f\u0131t\u0131m yapmaya \u00e7\u0131kt\u0131\u011f\u0131mda \u00e7\u00f6pleri al\u0131yorum, ya\u015fl\u0131lara nas\u0131l olduklar\u0131n\u0131 soruyorum ve istenen \u015feyleri teslim ediyorum.<\/p>\n<p>Seico Mart, kasaban\u0131n desteklemek istedi\u011fi bir ma\u011faza. Market say\u0131s\u0131n\u0131 art\u0131rma arzusunu anl\u0131yorum, ancak \u00f6ncelikle Cocoa ve Seico Mart gibi halihaz\u0131rda var olan m\u00fckemmel ma\u011fazalar\u0131n daha da geli\u015ftirilmesini istiyorum. Herkesin onlar\u0131 desteklemesini, hatta &quot;Lawson&#039;a yenilemeyiz&quot; demesini istiyorum.<\/p>\n<p>&quot;K\u00fc\u00e7\u00fck bir kasaba olsa da, parlayabilece\u011finiz bir kasaba yaratmak istiyorum. Sadece yard\u0131m istemek istemiyorum; bunun 10 ya da 20 y\u0131l sonraki gelecekle ba\u011flant\u0131 kurmak i\u00e7in harika bir f\u0131rsat oldu\u011funu d\u00fc\u015f\u00fcn\u00fcyorum.&quot;<\/p>\n<h3>Kapan\u0131\u015f: Bayra\u011f\u0131 gelece\u011fe devretmek<\/h3>\n<p>T\u00fcm sorular bittikten sonra, Temsilci Watanabe Hiroto grup ad\u0131na te\u015fekk\u00fcr konu\u015fmas\u0131 yapt\u0131.<\/p>\n<p>&quot;Bug\u00fcn sorular\u0131m\u0131 yan\u0131tlad\u0131\u011f\u0131n\u0131z i\u00e7in te\u015fekk\u00fcr ederim. \u00c7ocuk Parlamentosu&#039;na kat\u0131larak parlamentonun nas\u0131l i\u015fledi\u011fini \u00f6\u011frenme f\u0131rsat\u0131 buldum.&quot; <\/p>\n<p>Bug\u00fcnk\u00fc meclis toplant\u0131s\u0131, Hokuryu&#039;yu gelecekte daha iyi bir kasaba haline getirmek i\u00e7in \u00e7ok \u00e7al\u0131\u015fmak istememizi sa\u011flad\u0131.&quot;<\/p>\n<p>Bu s\u00f6zler izleyicilerden s\u0131cak bir alk\u0131\u015fla kar\u015f\u0131land\u0131.<\/p>\n<figure class=\"wp-caption aligncenter\"><a href=\"https:\/\/photos.google.com\/share\/AF1QipMu-Cm-aJJB-jcLvcNCz0pidfEI0YDvlGHwJpGcAyyo_zrleiQNgWTWVyiSJxdT-g\/photo\/AF1QipMdd6HleYOAA0nTYKM8OcgszLvlBvUoLBPYzbo?key=Y0hjd0dheEtNbV95MjRpR2tteHpBbFdTem1KUmN3\" target=\"_blank\"><img decoding=\"async\" src=\"https:\/\/lh3.googleusercontent.com\/pw\/AP1GczO-8rHJWP1T7Y-rtTKSB6RS6aXkpozV6suloKVgh_I1u8eiuAxuGqQPD9IBzJKYrjfkpEA0k-V7QE6hYom4GeKMBbwAWqhlCmmueSyoQmWhM2q3p4mGU77oj8hJwG8morpaSaFejToBPVHuK0aI2x0J=w2000-h1125-s-no-gm?authuser=0\" width=\"2000\" height=\"1125\" alt=\"\u00c7ocuk Parlamentosu sona erdi.\" class=\"size-medium\" \/><\/a><figcaption class=\"wp-caption-text\">\u00c7ocuk Parlamentosu sona erdi.<\/figcaption><\/figure>\n<p>Bir saat boyunca \u00e7ocuklarla, Hokuryu Kasabas\u0131&#039;ndaki mevcut durum, yeti\u015fkinlerin kar\u015f\u0131la\u015ft\u0131\u011f\u0131 sorunlar, devam eden planlar ve &quot;\u015fu anda sahip olduklar\u0131m\u0131z\u0131n neden \u00f6nemli oldu\u011fu&quot; konular\u0131nda kendi bak\u0131\u015f a\u00e7\u0131lar\u0131ndan konu\u015ftuk.<\/p>\n<p>Nesiller aras\u0131 net bir g\u00fcven duygusu ve Hokuryu Kasabas\u0131&#039;n\u0131n \u00e7ok de\u011fer verdi\u011fi uyum ruhu vard\u0131.<\/p>\n<p>G\u00f6sterdi\u011finiz emekler i\u00e7in ilkokul \u00f6\u011frenci konseyi \u00fcyelerinin hepsine \u00e7ok te\u015fekk\u00fcr ederiz. Att\u0131\u011f\u0131n\u0131z toplar yeti\u015fkinlerin kalplerine dokundu.<\/p>\n<p>Ve o topu geri atacak olan siz, gelecekteki yeti\u015fkinler olacaks\u0131n\u0131z.<\/p>\n<figure class=\"wp-caption aligncenter\"><a href=\"https:\/\/photos.google.com\/share\/AF1QipMu-Cm-aJJB-jcLvcNCz0pidfEI0YDvlGHwJpGcAyyo_zrleiQNgWTWVyiSJxdT-g\/photo\/AF1QipOPol4EhnBKQxyVXibFMnykWa-tmrJrON5zh-I?key=Y0hjd0dheEtNbV95MjRpR2tteHpBbFdTem1KUmN3\" target=\"_blank\"><img decoding=\"async\" src=\"https:\/\/lh3.googleusercontent.com\/pw\/AP1GczP9uXyeaHL-AGwu0RRPoAd4WzkRI02abTj-uELtQmgxLqs3xNsAlQ27oxHuy5dt9qrDd78bN94GRD05lH_Bkya0N8nb3wSOnZTazdptReEVi9HOK0BJ95HHJ8lrV9FQgXQTJ5PmrAwf9LeK--pQJ29K=w2000-h1500-s-no-gm?authuser=0\" width=\"2000\" height=\"1500\" alt=\"Grup foto\u011fraf\u0131\" class=\"size-medium\" \/><\/a><figcaption class=\"wp-caption-text\">Grup foto\u011fraf\u0131<\/figcaption><\/figure>\n<p>Sevgi, \u015f\u00fckran ve dualar\u0131mla, Hokuryu Kasabas\u0131&#039;ndaki mevcut durumu tam anlam\u0131yla kabul eden, \u00e7ocuklarla ve yeti\u015fkinlerle birlikte d\u00fc\u015f\u00fcnen ve Hokuryu Kasabas\u0131 i\u00e7in parlak ve ayd\u0131nl\u0131k bir gelecek yaratmak \u00fczere birlikte \u00e7al\u0131\u015fan bu g\u00fcvenilir \u00c7ocuk Meclisi&#039;ne en iyi dileklerimi iletiyorum.<\/p>\n<h2>Youtube videolar\u0131<\/h2>\n<div class=\"youtube\"><iframe title=\"[Hokuryu Kasabas\u0131 \u00c7ocuk Meclisi] Gelece\u011fi \u015fekillendiren 11 ilkokul \u00f6\u011frencisi. Yeti\u015fkinler ve \u00e7ocuklar aras\u0131nda duygusal bir diyalog.\" src=\"https:\/\/www.youtube.com\/embed\/troR76YCaBs?feature=oembed\" frameborder=\"0\" allow=\"accelerometer; autoplay; clipboard-write; encrypted-media; gyroscope; picture-in-picture; web-share\" referrerpolicy=\"strict-origin-when-cross-origin\" allowfullscreen><\/iframe><\/div>\n<h2>Di\u011fer foto\u011fraflar<\/h2>\n<div class=\"img-move\"><img decoding=\"async\" style=\"vertical-align: middle;\" src=\"https:\/\/ehokkaido.net\/wp-content\/uploads\/2021\/12\/2021-12-06-11.41.12.png\" \/> <a href=\"https:\/\/photos.app.goo.gl\/czMoMM5mLBL3VGWs9\" target=\"_blank\" rel=\"noopener noreferrer\">\u00c7ocuk Parlamentosu ve Shinryu \u0130lkokulu 6. s\u0131n\u0131f \u00f6\u011frencilerinin foto\u011fraflar\u0131 i\u00e7in buraya t\u0131klay\u0131n (71 foto\u011fraf) &gt;&gt;<\/a><\/div>\n<h2>\u0130lgili makaleler<\/h2>\n\n        <div class=\"site-blogcard-premium\">\n            <div class=\"bc-label-custom\">\u0130lgili makaleler<\/div>\n            <div class=\"bc-flex-container\">\n                <div class=\"bc-main-text\">\n                    <div class=\"bc-title-link-box\">\n                        <a href=\"https:\/\/portal.hokuryu.info\/tr\/67454\/\" target=\"_blank\">https:\/\/portal.hokuryu.info\/67454<\/a>\n                    <\/div>\n                    <div class=\"bc-excerpt-box\">Sayfa bilgileri al\u0131namad\u0131.<\/div>\n                <\/div>\n                <div class=\"bc-thumbnail-box\">\n                    <a href=\"https:\/\/portal.hokuryu.info\/tr\/67454\/\" target=\"_blank\">\n                        <div class=\"bc-img-zoom-wrap\">\n                            <img decoding=\"async\" src=\"https:\/\/portal.hokuryu.info\/wp\/wp-content\/uploads\/2026\/02\/20230802DSC06445_1.jpg\" alt=\"https:\/\/portal.hokuryu.info\/67454\">\n                        <\/div>\n                    <\/a>\n                <\/div>\n            <\/div>\n        <\/div>\n\n        <div class=\"site-blogcard-premium\">\n            <div class=\"bc-label-custom\">\u0130lgili makaleler<\/div>\n            <div class=\"bc-flex-container\">\n                <div class=\"bc-main-text\">\n                    <div class=\"bc-title-link-box\">\n                        <a href=\"https:\/\/portal.hokuryu.info\/tr\/67532\/\" target=\"_blank\">https:\/\/portal.hokuryu.info\/67532<\/a>\n                    <\/div>\n                    <div class=\"bc-excerpt-box\">Sayfa bilgileri al\u0131namad\u0131.<\/div>\n                <\/div>\n                <div class=\"bc-thumbnail-box\">\n                    <a href=\"https:\/\/portal.hokuryu.info\/tr\/67532\/\" target=\"_blank\">\n                        <div class=\"bc-img-zoom-wrap\">\n                            <img decoding=\"async\" src=\"https:\/\/portal.hokuryu.info\/wp\/wp-content\/uploads\/2026\/02\/20230802DSC06445_1.jpg\" alt=\"https:\/\/portal.hokuryu.info\/67532\">\n                        <\/div>\n                    <\/a>\n                <\/div>\n            <\/div>\n        <\/div>\n\u3000<br \/>\n\n        <div class=\"site-blogcard-premium\">\n            <div class=\"bc-label-custom\">\u0130lgili makaleler<\/div>\n            <div class=\"bc-flex-container\">\n                <div class=\"bc-main-text\">\n                    <div class=\"bc-title-link-box\">\n                        <a href=\"https:\/\/portal.hokuryu.info\/tr\/kategori\/kamu-gorevlisi\/shinryu-ilkokulu\/\" target=\"_blank\">Shinryu \u0130lkokulu (Kategori)<\/a>\n                    <\/div>\n                    <div class=\"bc-excerpt-box\">Bu, &quot;Shinryu \u0130lkokulu&quot; kategorisindeki makalelerin listesidir.<\/div>\n                <\/div>\n                <div class=\"bc-thumbnail-box\">\n                    <a href=\"https:\/\/portal.hokuryu.info\/tr\/kategori\/kamu-gorevlisi\/shinryu-ilkokulu\/\" target=\"_blank\">\n                        <div class=\"bc-img-zoom-wrap\">\n                            <img decoding=\"async\" src=\"https:\/\/portal.hokuryu.info\/wp\/wp-content\/uploads\/2026\/02\/20230802DSC06445_1.jpg\" alt=\"Shinryu \u0130lkokulu (Kategori)\">\n                        <\/div>\n                    <\/a>\n                <\/div>\n            <\/div>\n        <\/div>\n\u3000<br \/>\n\u25c7 <a href=\"https:\/\/portal.hokuryu.info\/tr\/62509\/\">\ud83d\udd8b\ufe0f \u0130\u00e7erik planlama, makale yaz\u0131m\u0131, foto\u011fraf se\u00e7imi ve video olu\u015fturma: Ikuko Terauchi<img decoding=\"async\" style=\"vertical-align: middle;\" src=\"https:\/\/ehokkaido.net\/wp-content\/uploads\/2021\/12\/2021-12-06-11.41.12.png\" \/> Foto\u011fraf\u00e7\u0131l\u0131k, d\u00fczenleme ve web sitesi y\u00f6netimi: Noboru Terauchi<\/a><\/p>","protected":false},"excerpt":{"rendered":"<p>2025\u5e7412\u670812\u65e5\uff08\u91d1\uff09 12\u670811\u65e5\uff08\u6728\uff09\u3001\u96ea\u306e\u821e\u3046\u5317\u7adc\u753a\u8b70\u5834\u306b\u3066\u300c\u4ee4\u548c7\u5e74\u5317\u7adc\u753a\u3053\u3069\u3082\u8b70\u4f1a\u300d\u304c\u958b\u4f1a\u3002\u771f\u7adc\u5c0f\u5b66\u68216\u5e74\u751f11\u540d\u304c\u3001\u30b9\u30ad\u30fc\u5834\u6d3b\u7528\u3001\u30d2\u30b0\u30de\u5bfe\u7b56\u3001\u5bbf\u6cca\u65bd\u8a2d\u306a\u3069\u3001\u753a\u306e\u8ab2\u984c\u306b\u92ed\u304f\u5207\u308a\u8fbc\u307f\u307e\u3057 [&hellip;]<\/p>\n","protected":false},"author":1,"featured_media":67316,"comment_status":"open","ping_status":"open","sticky":false,"template":"","format":"standard","meta":{"footnotes":""},"categories":[4,75,67,68],"tags":[],"class_list":["post-67307","post","type-post","status-publish","format-standard","has-post-thumbnail","hentry","category-cover-story","category-sasaki-yasuhiro-mayor","category-council","category-68"],"_links":{"self":[{"href":"https:\/\/portal.hokuryu.info\/tr\/wp-json\/wp\/v2\/posts\/67307","targetHints":{"allow":["GET"]}}],"collection":[{"href":"https:\/\/portal.hokuryu.info\/tr\/wp-json\/wp\/v2\/posts"}],"about":[{"href":"https:\/\/portal.hokuryu.info\/tr\/wp-json\/wp\/v2\/types\/post"}],"author":[{"embeddable":true,"href":"https:\/\/portal.hokuryu.info\/tr\/wp-json\/wp\/v2\/users\/1"}],"replies":[{"embeddable":true,"href":"https:\/\/portal.hokuryu.info\/tr\/wp-json\/wp\/v2\/comments?post=67307"}],"version-history":[{"count":18,"href":"https:\/\/portal.hokuryu.info\/tr\/wp-json\/wp\/v2\/posts\/67307\/revisions"}],"predecessor-version":[{"id":67867,"href":"https:\/\/portal.hokuryu.info\/tr\/wp-json\/wp\/v2\/posts\/67307\/revisions\/67867"}],"wp:featuredmedia":[{"embeddable":true,"href":"https:\/\/portal.hokuryu.info\/tr\/wp-json\/wp\/v2\/media\/67316"}],"wp:attachment":[{"href":"https:\/\/portal.hokuryu.info\/tr\/wp-json\/wp\/v2\/media?parent=67307"}],"wp:term":[{"taxonomy":"category","embeddable":true,"href":"https:\/\/portal.hokuryu.info\/tr\/wp-json\/wp\/v2\/categories?post=67307"},{"taxonomy":"post_tag","embeddable":true,"href":"https:\/\/portal.hokuryu.info\/tr\/wp-json\/wp\/v2\/tags?post=67307"}],"curies":[{"name":"wp","href":"https:\/\/api.w.org\/{rel}","templated":true}]}}