{"id":66058,"date":"2025-11-04T09:36:08","date_gmt":"2025-11-04T00:36:08","guid":{"rendered":"https:\/\/portal.hokuryu.info\/?p=66058"},"modified":"2025-11-17T14:24:15","modified_gmt":"2025-11-17T05:24:15","slug":"kurosengoku-is-kooperatifi-derneginden-cift-odul-kazanan-yukio-takadayi-tebrik-ederiz-2","status":"publish","type":"post","link":"https:\/\/portal.hokuryu.info\/tr\/66058\/","title":{"rendered":"\u00c7ifte zafer i\u00e7in tebrikler! Kurosengoku \u0130\u015fletme Kooperatifleri Birli\u011fi Ba\u015fkan\u0131 Yukio Takada, Hokkaido Sanayi Katk\u0131 \u00d6d\u00fcl\u00fc ve Merkez Birli\u011fi 70. Y\u0131l \u00dcst\u00fcn Hizmet \u00d6d\u00fcl\u00fc&#039;n\u00fc ald\u0131."},"content":{"rendered":"<p>Sal\u0131, 4 Kas\u0131m 2025<\/p>\n<div class=\"ep-box es-BpaperRight es-grid bgc-VPsky\">31 Ekim Cuma g\u00fcn\u00fc, Kurosengoku \u0130\u015fletme Kooperatifleri Birli\u011fi Ba\u015fkan\u0131 Yukio Takada i\u00e7in bir kutlama d\u00fczenlendi. Takada, hem Hokkaido Sanayi Katk\u0131 \u00d6d\u00fcl\u00fc&#039;n\u00fc hem de Hokkaido K\u00fc\u00e7\u00fck ve Orta \u00d6l\u00e7ekli \u0130\u015fletmeler Federasyonu 70. Y\u0131l Anma \u00dcst\u00fcn Hizmet \u00d6d\u00fcl\u00fc&#039;n\u00fc ald\u0131. Hayat\u0131n\u0131 efsanevi siyah soya fasulyesi &quot;Kurosengoku&quot;yu canland\u0131rmaya ve ticarile\u015ftirmeye adad\u0131\u011f\u0131 Takada&#039;n\u0131n ba\u015far\u0131lar\u0131, &quot;12. Hokuryu Ortaokulu Mezunlar Bulu\u015fmas\u0131&quot;nda s\u0131n\u0131f arkada\u015flar\u0131 taraf\u0131ndan kutland\u0131. Bu, t\u00fcm kasaban\u0131n topluma katk\u0131da bulunanlar\u0131 onurland\u0131rd\u0131\u011f\u0131 ve destekledi\u011fi Hokuryu Kasabas\u0131&#039;n\u0131n s\u0131cak &quot;uyum ruhunun&quot; ye\u015ferdi\u011fi bir gecenin dokunakl\u0131 hikayesiydi.<\/div>\n<h2>\u00c7ifte zafer i\u00e7in tebrikler! Kurosengoku \u0130\u015fletme Kooperatifleri Birli\u011fi Ba\u015fkan\u0131 Yukio Takada, Hokkaido Sanayi Katk\u0131 \u00d6d\u00fcl\u00fc ve Merkez Birli\u011fi 70. Y\u0131l \u00dcst\u00fcn Hizmet \u00d6d\u00fcl\u00fc&#039;n\u00fc ald\u0131.<\/h2>\n<p>31 Ekim Cuma g\u00fcn\u00fc saat 17:00&#039;de, Kurosengoku \u0130\u015fletme Kooperatifleri Birli\u011fi Ba\u015fkan\u0131 Takada Yukio&#039;nun Hokkaido Sanayi Katk\u0131 \u00d6d\u00fcl\u00fc&#039;n\u00fc (ticaret, sanayi ve madencilikte \u00fcst\u00fcn hizmetlerinden dolay\u0131) ve Hokkaido K\u00fc\u00e7\u00fck ve Orta \u00d6l\u00e7ekli \u0130\u015fletmeler Federasyonu \u00d6d\u00fcl\u00fc&#039;n\u00fc (\u015firketin kurulu\u015funun 70. y\u0131l d\u00f6n\u00fcm\u00fc an\u0131s\u0131na \u00fcst\u00fcn hizmetlerinden dolay\u0131) almas\u0131n\u0131 kutlamak i\u00e7in Sunflower Park Hokuryu Onsen&#039;de g\u00f6rkemli bir kutlama d\u00fczenlendi. Etkinli\u011fin sponsorlu\u011funu Hokuryu Ortaokulu 12. Mezunlar Bulu\u015fmas\u0131 \u00fcstlendi.<\/p>\n<p>Etkinli\u011fe, kurucu temsilci Bay Susumu Asano, Bay Yoshiharu Yamashita, Bay Masatoshi Yamagishi ve Ba\u015fkan Yukio Takada&#039;n\u0131n ortaokuldaki 14 s\u0131n\u0131f arkada\u015f\u0131 da dahil olmak \u00fczere kurulu\u015fla yak\u0131n ba\u011flar\u0131 olan ki\u015filer kat\u0131ld\u0131. Herkes, bu yerel hazinenin geli\u015fimine katk\u0131da bulunanlar\u0131 onurland\u0131rmak i\u00e7in bir araya geldi.<\/p>\n<h3>\u0130\u00e7 \u0131s\u0131tan bir kutlama<\/h3>\n<p>Kutlama, ev sahibi Yoshiharu Yamashita&#039;n\u0131n rehberli\u011finde samimi bir ortamda ger\u00e7ekle\u015ftirildi.<\/p>\n<h4>A\u00e7\u0131l\u0131\u015f konu\u015fmas\u0131: Yoshiharu Yamashita<\/h4>\n<figure class=\"wp-caption aligncenter\"><a href=\"https:\/\/photos.google.com\/share\/AF1QipPnPxUhimexFd87y9OY0wEWC_-mSgnFigoJwefCsSixBhef5QkTiws-XoQKezfHdQ\/photo\/AF1QipOPk0v8VnYSwSR-AvTkfY1CYQImTNkRen0QulQ?key=NGpfV1pWSzdfSGxaNTZ1eGF1LVNGRjR6Q0FiMGhB\" target=\"_blank\"><img decoding=\"async\" src=\"https:\/\/lh3.googleusercontent.com\/pw\/AP1GczNUjDNKfjy7SF6s51C3_uSgAV1JHUzei4AezrzMkCiOSLXjdFvIxyljtCO4VVQ-ryCVfz_oEQnDp07OeGk5etIFs_z0XenVh4Br6RMpP7PZRiPlKWcrlG979SPHUakgaoIyzUYQ-QBxWvo6hqJrpLsL=w2000-h1125-s-no-gm?authuser=0\" width=\"2000\" height=\"1125\" alt=\"Yoshiharu Yamashita&#039;n\u0131n moderat\u00f6rl\u00fc\u011f\u00fcnde\" class=\"size-medium\" \/><\/a><figcaption class=\"wp-caption-text\">Yoshiharu Yamashita&#039;n\u0131n moderat\u00f6rl\u00fc\u011f\u00fcnde<\/figcaption><\/figure>\n<h4>Kurucunun konu\u015fmas\u0131: Susumu Asano<\/h4>\n<figure class=\"wp-caption aligncenter\"><a href=\"https:\/\/photos.google.com\/share\/AF1QipPnPxUhimexFd87y9OY0wEWC_-mSgnFigoJwefCsSixBhef5QkTiws-XoQKezfHdQ\/photo\/AF1QipN626fKlIEWLzSrjhM9WejhHyBHY7bZuFZrmRo?key=NGpfV1pWSzdfSGxaNTZ1eGF1LVNGRjR6Q0FiMGhB\" target=\"_blank\"><img decoding=\"async\" src=\"https:\/\/lh3.googleusercontent.com\/pw\/AP1GczMaG-PORLzm_OQEZUs588hqq3xOzqsxddgJvQXC3CwYMkdiB9_8LtSyDqScLQIPxEb2XbEgIKlw8oFeSu7rakQ_QdFYjPLrEs-6k4kULD-SiIo1Sd6plNRkrhAS_xqjYa74qHQ7csdGVTAv_GsaXvPY=w2000-h1125-s-no-gm?authuser=0\" width=\"2000\" height=\"1125\" alt=\"Temsilci kurucu Susumu Asano\" class=\"size-medium\" \/><\/a><figcaption class=\"wp-caption-text\">Temsilci kurucu Susumu Asano<\/figcaption><\/figure>\n<p>Yo\u011fun program\u0131n\u0131zdan vakit ay\u0131r\u0131p bug\u00fcn kat\u0131ld\u0131\u011f\u0131n\u0131z i\u00e7in hepinize \u00e7ok te\u015fekk\u00fcr ederim. En i\u00e7ten \u015f\u00fckranlar\u0131m\u0131 sunmak isterim.<\/p>\n<p>Ba\u015flang\u0131\u00e7ta moderat\u00f6r\u00fcm\u00fcz Yamashita Bey&#039;in de az \u00f6nce bahsetti\u011fi gibi bir s\u0131n\u0131f bulu\u015fmas\u0131 yapmay\u0131 d\u00fc\u015f\u00fcn\u00fcyorduk.<\/p>\n<p>Ancak 6 A\u011fustos&#039;ta Takada Yukio, Vali taraf\u0131ndan Hokkaido Sanayi Katk\u0131 \u00d6d\u00fcl\u00fc&#039;ne lay\u0131k g\u00f6r\u00fcld\u00fc ve ayr\u0131ca Hokkaido K\u00fc\u00e7\u00fck ve Orta \u00d6l\u00e7ekli \u0130\u015fletmeler Federasyonu&#039;ndan 70. Y\u0131l \u00dcst\u00fcn Hizmet \u00d6d\u00fcl\u00fc&#039;n\u00fc de ald\u0131.<\/p>\n<p>Biz de organizat\u00f6rler olarak Yukio-san i\u00e7in bir kutlama yapmay\u0131 d\u00fc\u015f\u00fcnd\u00fck ve Takada Yukio&#039;nun izniyle, etkinli\u011fi sadece s\u0131n\u0131f arkada\u015flar\u0131yla birlikte d\u00fczenlemesini istedik.<\/p>\n<p>Bu \u00f6d\u00fcl\u00fcn Yukio&#039;nun derne\u011fi uzun y\u0131llar y\u00f6netmesinin ve yerel end\u00fcstriye yapt\u0131\u011f\u0131 katk\u0131lar\u0131n bir takdiri oldu\u011funa inan\u0131yoruz.<\/p>\n<p>2004 y\u0131l\u0131nda \u00e7e\u015fitli b\u00f6lgelerde incelemelerde bulundu, 2005 y\u0131l\u0131nda Hokkaido&#039;nun \u00e7e\u015fitli yerlerine ba\u015fvuruda bulundu ve iki y\u0131l sonra da g\u00fcn\u00fcm\u00fcze kadar varl\u0131\u011f\u0131n\u0131 s\u00fcrd\u00fcren Kurosengoku \u0130\u015fletme Kooperatifi&#039;ni kurdu.<\/p>\n<p>\u015eirket, kurulu\u015funun 10. y\u0131l d\u00f6n\u00fcm\u00fcn\u00fc kutlad\u0131 ve bu bahar 20. y\u0131l d\u00f6n\u00fcm\u00fcn\u00fc kutlad\u0131. Ayr\u0131ca, katma de\u011feri art\u0131r\u0131lm\u0131\u015f \u00fcr\u00fcnler geli\u015ftirmek ve bunlar\u0131 yaln\u0131zca Japonya&#039;ya de\u011fil, yurt d\u0131\u015f\u0131na da ihra\u00e7 etmek i\u00e7in \u00e7al\u0131\u015f\u0131yor. Umar\u0131m \u00e7al\u0131\u015fmalar\u0131n\u0131za s\u0131k\u0131 bir \u015fekilde devam edersiniz.<\/p>\n<p>Umar\u0131m sa\u011fl\u0131\u011f\u0131n\u0131za iyi bakmaya devam edersiniz ve e\u015finiz Noriko ile birlikte sa\u011fl\u0131kl\u0131 kal\u0131rs\u0131n\u0131z ve insanlar\u0131n 80, hatta 100 ya\u015f\u0131na kadar ya\u015fayabildi\u011fi bu \u00e7a\u011fda bize \u00f6rnek olursunuz.<\/p>\n<p>Say\u0131n Takada&#039;n\u0131n a\u00e7\u0131l\u0131\u015f konu\u015fmas\u0131nda daha fazla ayr\u0131nt\u0131 verece\u011finden eminim.<\/p>\n<p>Son olarak, Takada ailesinin ve Kurosengoku \u0130\u015f Kooperatifi&#039;nin refah\u0131n\u0131n devam\u0131n\u0131 ve kat\u0131lan herkesin sa\u011fl\u0131k ve mutlulu\u011funu diliyorum. \u00c7ok te\u015fekk\u00fcr ederim.<\/p>\n<h4>Buket sunumu: Bayan Mie Iwakura, kat\u0131l\u0131mc\u0131lar\u0131n temsilcisi<\/h4>\n<figure class=\"wp-caption alignnone\"><a href=\"https:\/\/photos.google.com\/share\/AF1QipPnPxUhimexFd87y9OY0wEWC_-mSgnFigoJwefCsSixBhef5QkTiws-XoQKezfHdQ\/photo\/AF1QipN0hPI6ka6gBMUW8JwyMdwfEe2RUJfBaxUKd1w?key=NGpfV1pWSzdfSGxaNTZ1eGF1LVNGRjR6Q0FiMGhB\" target=\"_blank\"><img decoding=\"async\" src=\"https:\/\/lh3.googleusercontent.com\/pw\/AP1GczNu8uuFOzfEQj1vAh0lpq9Mj-Tq4T_yfmNVIZ2LuljaXfgvecu33-cFNsUMbGmmnzeHLmcuJ70xxU3ywcBnr-SL1V0Ug9JB-KO9mXG2z5Bp7JzWjv-G3-sARB7_abD6MzhHlEB2h8wou9lAgC2ri3YS=w2000-h1125-s-no-gm?authuser=0\" width=\"2000\" height=\"1125\" alt=\"Bir buket sunmak\" class=\"size-medium\" \/><\/a><figcaption class=\"wp-caption-text\">Bir buket sunmak<\/figcaption><\/figure>\n<h4>Tebrik konu\u015fmas\u0131: Hokuryu Kasabas\u0131 Topluluk Destek\u00e7isi Say\u0131n Noboru Terauchi<\/h4>\n<p>Ard\u0131ndan Hokuryu Kasabas\u0131&#039;ndan k\u00f6y destek\u00e7isi Bay Noboru Terauchi y\u00fcrekten bir tebrik konu\u015fmas\u0131 yapt\u0131.<\/p>\n<figure class=\"wp-caption aligncenter\"><a href=\"https:\/\/photos.google.com\/share\/AF1QipPnPxUhimexFd87y9OY0wEWC_-mSgnFigoJwefCsSixBhef5QkTiws-XoQKezfHdQ\/photo\/AF1QipM_HA4GT_iIYLouTDAzc34rtFWuN2AnX6ohicc?key=NGpfV1pWSzdfSGxaNTZ1eGF1LVNGRjR6Q0FiMGhB\" target=\"_blank\"><img decoding=\"async\" src=\"https:\/\/lh3.googleusercontent.com\/pw\/AP1GczO7D5GYY6Y_bxVtZf_z6im6IX2q2_2Err_Hy5vnyQycD1UMjvugC0Uh-FFGPK4lBTocRj5_xwBQdyJa5rrLtO5us_EHIBoFpIFd23tP9EfSSWUNOTc9W8tleQhJvK0d6GqMAKLoVHIksZIXibMvg4aV=w2000-h1125-s-no-gm?authuser=0\" width=\"2000\" height=\"1125\" alt=\"Tebrik konu\u015fmas\u0131: Noboru Terauchi\" class=\"size-medium\" \/><\/a><figcaption class=\"wp-caption-text\">Tebrik konu\u015fmas\u0131: Noboru Terauchi<\/figcaption><\/figure>\n<p>&quot;Bug\u00fcn bu kutlama etkinli\u011fine davet edilmekten ve tebrik konu\u015fmas\u0131 yapma f\u0131rsat\u0131 verilmesinden ger\u00e7ekten onur ve minnettar\u0131m. \u00c7ok te\u015fekk\u00fcr ederim.<\/p>\n<p>Hokkaido End\u00fcstri Katk\u0131 \u00d6d\u00fcl\u00fc ve Merkez Birli\u011fi 70. Y\u0131l \u00dcst\u00fcn Hizmet \u00d6d\u00fcl\u00fc&#039;n\u00fc alan Say\u0131n Yukio Takada ve e\u015fi Noriko&#039;yu tebrik ederiz.<\/p>\n<p>Bug\u00fcn, 80 ya\u015f\u0131n\u0131 ge\u00e7mi\u015f olan Bay Takada&#039;n\u0131n, gen\u00e7li\u011finden beri s\u0131n\u0131f arkada\u015flar\u0131yla kurdu\u011fu g\u00fc\u00e7l\u00fc dostluklarla bu \u00f6zel g\u00fcn\u00fc kutlad\u0131\u011f\u0131n\u0131 g\u00f6rmek beni derinden etkiledi. Sevgili arkada\u015f\u0131n\u0131z\u0131 b\u00f6ylesine \u00f6zel bir durumda g\u00f6rmek eminim size b\u00fcy\u00fck bir mutluluk verecektir.<\/p>\n<p>Bay Takada&#039;n\u0131n ba\u015far\u0131lar\u0131n\u0131 \u00f6vd\u00fc\u011f\u00fcm\u00fczde, akl\u0131m\u0131za ilk gelen g\u00fc\u00e7l\u00fc liderli\u011fi ve Kurosengoku soya fasulyesinde v\u00fccut bulan insan sa\u011fl\u0131\u011f\u0131na olan tutkusudur. Bu mucizevi soya fasulyesinin g\u00fcc\u00fcne olan inanc\u0131 ve sa\u011fl\u0131k de\u011ferlerini d\u00fcnyaya yayma tutkusu, Hokkaido end\u00fcstrisine b\u00fcy\u00fck katk\u0131 sa\u011flam\u0131\u015ft\u0131r.<\/p>\n<p>Liderli\u011finin \u00f6z\u00fcnde, Bay Takada&#039;n\u0131n her zaman her \u015feyden \u00e7ok de\u011fer verdi\u011fi &quot;meslekta\u015flar\u0131yla kurdu\u011fu ba\u011flar&quot; yatar. 2009&#039;un en zorlu d\u00f6nemlerinde bile, Bay Takada tam da meslekta\u015flar\u0131na ve onlar\u0131n da ona inanmas\u0131 sayesinde aya\u011fa kalkabilmi\u015ftir. Bu &quot;samimiyet&quot;, &quot;g\u00fcven&quot; ve &quot;\u015fefkat&quot;, bug\u00fcn Kurosengoku&#039;nun temelini olu\u015fturmaktad\u0131r.<\/p>\n<p>Ancak han\u0131mlar ve beyler, o y\u0131lmaz ruhu ve o tutku ate\u015fini bug\u00fcn bile canl\u0131 tutmada en b\u00fcy\u00fck katk\u0131y\u0131 yapm\u0131\u015f olan bir ki\u015fi var: Bay Takada&#039;n\u0131n e\u015fi Noriko Takada, yapt\u0131\u011f\u0131 her i\u015fte ona perde arkas\u0131ndan destek olmu\u015ftur.<\/p>\n<p>Takada-sama d\u0131\u015far\u0131da hayat\u0131n\u0131 riske atarak ko\u015fturmaya devam ederken, eminim hayal bile edemeyece\u011fimiz zorluklar ve endi\u015feler ya\u015f\u0131yordu. T\u00fcm bunlar\u0131 kabullenen, kocas\u0131na inanan ve kendini t\u00fcm kalbiyle adayan Kyoko-sama olmasayd\u0131, bug\u00fcn Takada-sama ve Kurosenkoku mucizesi m\u00fcmk\u00fcn olmazd\u0131.<\/p>\n<p>Bu \u00f6d\u00fcl yaln\u0131zca Bay Takada&#039;n\u0131n ba\u015far\u0131lar\u0131n\u0131n bir takdiri de\u011fil, ayn\u0131 zamanda Noriko&#039;nun sad\u0131k a\u015fk\u0131n\u0131n ve ikisinin birlikte y\u00fcr\u00fcd\u00fc\u011f\u00fc &quot;evlilik tarihinin&quot; tan\u0131nmas\u0131 amac\u0131yla kendisine verilen en y\u00fcksek onurdur.<\/p>\n<p>Son olarak, Say\u0131n ve Bayan Takada Yukio ve Noriko&#039;ya ve t\u00f6rene kat\u0131lan herkese y\u00fcrekten tebriklerimi sunmak, onlara sa\u011fl\u0131k ve mutluluklar dilemek istiyorum.<br \/>\nBug\u00fcnk\u00fc ba\u015far\u0131n\u0131zdan dolay\u0131 sizi tebrik ederim.&quot;<\/p>\n<h4>Te\u015fekk\u00fcrler: Yukio Takada<\/h4>\n<p>B\u00fcy\u00fck kutlaman\u0131n ard\u0131ndan Ba\u015fkan Takada Yukio, \u015f\u00fckranlar\u0131n\u0131 sunmak \u00fczere sahneye \u00e7\u0131kt\u0131.<\/p>\n<figure class=\"wp-caption aligncenter\"><a href=\"https:\/\/photos.google.com\/share\/AF1QipPnPxUhimexFd87y9OY0wEWC_-mSgnFigoJwefCsSixBhef5QkTiws-XoQKezfHdQ\/photo\/AF1QipPVbc-AK3sTg-CjTEtOhd16-RLvxp2wHP4nHMQ?key=NGpfV1pWSzdfSGxaNTZ1eGF1LVNGRjR6Q0FiMGhB\" target=\"_blank\"><img decoding=\"async\" src=\"https:\/\/lh3.googleusercontent.com\/pw\/AP1GczOylY5VFrMO1DIopc94i0b_3wIr7FWbO3SXlY2gk-7_bIYEKHN_-guJJIaq9_mb63DByPpiaZFFyvMFB0Cgc3NVfPfAIKBLhKNnqD0rwH9DXyiqIvYw7agzlbgGEgp0KFMBnhCpnkFNI4gvXR54o1Lk=w2000-h1125-s-no-gm?authuser=0\" width=\"2000\" height=\"1125\" alt=\"Te\u015fekk\u00fcrler: Yukio Takada\" class=\"size-medium\" \/><\/a><figcaption class=\"wp-caption-text\">Te\u015fekk\u00fcrler: Yukio Takada<\/figcaption><\/figure>\n<p>&quot;Kalbim minnettarl\u0131kla dolu ve o kadar minnettar\u0131m ki bunu ifade edecek kelimeleri bulam\u0131yorum. \u00c7ok te\u015fekk\u00fcr ederim.<\/p>\n<p>Bu y\u0131l iki \u00f6d\u00fcl ald\u0131k: Hokkaido End\u00fcstriyel Katk\u0131 \u00d6d\u00fcl\u00fc ve Japonya K\u00fc\u00e7\u00fck \u0130\u015fletme Dernekleri Federasyonu 70. Y\u0131l Anma Ba\u015far\u0131 \u00d6d\u00fcl\u00fc.<\/p>\n<p>Say\u0131n Susumu Asano kutlama partisini h\u0131zla organize etti ve kendisine yard\u0131mlar\u0131ndan dolay\u0131 en derin \u015f\u00fckranlar\u0131m\u0131z\u0131 sunmak istiyoruz.<\/p>\n<p>Bug\u00fcnk\u00fc t\u00f6ren program\u0131 Say\u0131n Yamagishi taraf\u0131ndan haz\u0131rland\u0131. Kendisine ayr\u0131nt\u0131lara g\u00f6sterdi\u011fi \u00f6zen ve \u00f6zenli program\u0131 i\u00e7in i\u00e7ten te\u015fekk\u00fcrlerimizi sunmak isteriz.<\/p>\n<p>Ayr\u0131ca Say\u0131n Yamashita&#039;ya t\u00fcm yard\u0131mlar\u0131 i\u00e7in i\u00e7ten te\u015fekk\u00fcrlerimi sunmak istiyorum. \u00c7ok te\u015fekk\u00fcr ederim.<\/p>\n<p>Ayr\u0131ca, daha \u00f6nce tebrik konu\u015fmas\u0131n\u0131 yapan Say\u0131n Terauchi&#039;ye, Kurosengoku ile ilgili \u00e7e\u015fitli konularda son on y\u0131ld\u0131r verdi\u011fi muazzam destekten dolay\u0131 te\u015fekk\u00fcr etmek istiyorum.<\/p>\n<p>Bay Terauchi, Bay Yamagishi&#039;nin daveti \u00fczerine bu mezunlar bulu\u015fmas\u0131na kat\u0131lacak.<\/p>\n<p>Bug\u00fcnk\u00fc kutlaman\u0131n sizlerin sayesinde ger\u00e7ekle\u015fti\u011fine inan\u0131yor, yo\u011fun programlar\u0131na ve so\u011fuk havaya ra\u011fmen kat\u0131l\u0131m g\u00f6steren herkese en derin \u015f\u00fckranlar\u0131m\u0131 sunmak istiyorum.<\/p>\n<p>Kurosengoku&#039;dan da biraz bahsetmek istiyorum.<\/p>\n<p>San\u0131r\u0131m 2004 y\u0131l\u0131n\u0131n Eyl\u00fcl veya Ekim ay\u0131yd\u0131. Hokkaido \u0130l Meclisi \u00fcyesi Nobuo Murai bana Kurosengoku soya fasulyesi tohumlar\u0131 verip, &quot;Yukio, bu fasulyeleri ek. Gelecek y\u0131ldan itibaren b\u00f6yle ekmeye ba\u015fla.&quot; dedi. Ben de 2005 y\u0131l\u0131nda ekmeye ba\u015flad\u0131m.<\/p>\n<p>O zamanlar projeye tamamen odaklanm\u0131\u015ft\u0131m ve hi\u00e7bir \u00f6n bilgim olmadan fasulye ekmeye ba\u015flad\u0131m. O s\u0131rada Otobe Belediye Ba\u015fkan\u0131 Terashima da projeye kat\u0131l\u0131p &quot;Bu Hokkaido&#039;yu canland\u0131racak,&quot; dedi. \u0130l meclisi \u00fcyelerinin ve belediye ba\u015fkan\u0131n\u0131n &quot;Bu Hokkaido&#039;yu canland\u0131racak, onu yeniden canland\u0131raca\u011f\u0131z,&quot; demesiyle kendimi tamamen kapt\u0131rd\u0131m ve \u00fczerinde \u00e7al\u0131\u015fmaya devam ettim.<\/p>\n<p>O zamanlar, Hokkaido \u0130l Meclisi \u00fcyesi olan Murai-san&#039;a B\u00f6lgesel Kalk\u0131nma B\u00fcrosu ve Hokkaido \u0130l H\u00fck\u00fcmet Ofisi de dahil olmak \u00fczere \u00e7e\u015fitli yerlerde e\u015flik etmi\u015ftim. Eskiden Murai-san&#039;\u0131n yan\u0131nda y\u00fcr\u00fcrd\u00fcm ve \u015fimdi, 20 y\u0131l sonra, bu hale geldim. San\u0131r\u0131m t\u00fcm bunlar herkesin deste\u011fi sayesinde oldu. \u00c7ok te\u015fekk\u00fcr ederim.<\/p>\n<p>Ofisimde 2.500&#039;den fazla kartvizitim var. 20 y\u0131ld\u0131r bu kadar \u00e7ok insanla tan\u0131\u015f\u0131p onlardan rehberlik al\u0131yorum. Bug\u00fcn oldu\u011fum noktaya kendi \u00e7abalar\u0131mla asla ula\u015famazd\u0131m ve bunu ger\u00e7ekten herkesin yard\u0131m\u0131na ve deste\u011fine bor\u00e7luyum, bunun i\u00e7in minnettar\u0131m.<\/p>\n<p>Ba\u015flang\u0131\u00e7ta san\u0131r\u0131m 15-18 \u00fcreticimiz vard\u0131. \u015eimdi yakla\u015f\u0131k 50&#039;ye ula\u015ft\u0131k. \u0130lk sat\u0131\u015flar\u0131m\u0131z bir milyon yenin biraz \u00fczerindeydi, ancak \u015fimdi, 20 y\u0131ldan fazla bir s\u00fcre sonra, 100 milyon yenin, hatta 200 milyon yenin \u00fczerine \u00e7\u0131kt\u0131k.<\/p>\n<p>Belediye Ba\u015fkan\u0131 Terashima&#039;n\u0131n &quot;Hokkaido Kurosengoku ile yeniden canland\u0131r\u0131lacak&quot; s\u00f6zlerinin nihayet ger\u00e7ekle\u015fti\u011fini hissediyorum. Ancak, h\u00e2l\u00e2 yap\u0131lmas\u0131 gereken biraz daha fazla \u015fey oldu\u011funa inan\u0131yorum.<\/p>\n<p>Hokkaido Sanayi Katk\u0131 \u00d6d\u00fcl\u00fc&#039;ne ek olarak verilen Hokkaido K\u00fc\u00e7\u00fck ve Orta \u00d6l\u00e7ekli \u0130\u015fletmeler Dernekleri Federasyonu 70. Y\u0131l Anma Ba\u015far\u0131 \u00d6d\u00fcl\u00fc, Japonya&#039;daki Hokkaido K\u00fc\u00e7\u00fck ve Orta \u00d6l\u00e7ekli \u0130\u015fletmeler Dernekleri Federasyonu&#039;nun kurulu\u015funun 70. y\u0131ld\u00f6n\u00fcm\u00fcn\u00fc ve Hokkaido \u015fubesinin 70. y\u0131l d\u00f6n\u00fcm\u00fcn\u00fc kutlamak amac\u0131yla verildi.<\/p>\n<p>\u015eu anda Kurosengoku \u0130\u015fletme Kooperatifi, Hokkaido K\u00fc\u00e7\u00fck ve Orta \u00d6l\u00e7ekli \u0130\u015fletmeler Federasyonu&#039;na \u00fcye olan Hokuryu Kasabas\u0131&#039;ndaki tek kooperatiftir, ancak y\u0131l i\u00e7inde ba\u015fka bir i\u015fletme kooperatifinin daha kurulmas\u0131 bekleniyor. Di\u011fer b\u00fcy\u00fck kasabalarda gaz, elektrik ve su sendikalar\u0131 gibi i\u015fletme kurulu\u015flar\u0131 da birlikler kurmu\u015f olup, \u015fu anda Hokkaido genelindeki kat\u0131l\u0131mc\u0131 \u015firket say\u0131s\u0131 yakla\u015f\u0131k 1.208&#039;dir.<\/p>\n<p>Yani ilk fark etti\u011fimden bu yana 20 y\u0131l ge\u00e7ti ve ben Merkez Derne\u011fi&#039;nin sekreterli\u011fini yap\u0131yorum, dolay\u0131s\u0131yla \u00f6d\u00fcl\u00fcn bana bir memur olarak yapt\u0131\u011f\u0131m hizmetin bir takdiri olarak verildi\u011fini d\u00fc\u015f\u00fcn\u00fcyorum.<\/p>\n<p>6 A\u011fustos&#039;ta Hokkaido End\u00fcstriyel Katk\u0131 \u00d6d\u00fcl\u00fc&#039;n\u00fc do\u011frudan Sapporo Garden Palace&#039;daki Hokkaido Ekonomik \u0130\u015fler Departman\u0131 M\u00fcd\u00fcr\u00fc&#039;nden ald\u0131m. O d\u00f6nemde Hokkaido&#039;da End\u00fcstriyel Katk\u0131 \u00d6d\u00fcl\u00fc&#039;n\u00fc 17 ki\u015fi alm\u0131\u015ft\u0131. Sorachi&#039;den tek bendim, ancak ge\u00e7mi\u015fte bir\u00e7ok ki\u015finin End\u00fcstriyel Katk\u0131 \u00d6d\u00fcl\u00fc ald\u0131\u011f\u0131n\u0131 d\u00fc\u015f\u00fcn\u00fcyorum.<\/p>\n<p>Art\u0131k 80 ya\u015f\u0131n \u00fczerindeyiz ve &quot;keyif alman\u0131n&quot; esasen sa\u011fl\u0131kl\u0131 olmakla ilgili oldu\u011funa inan\u0131yorum. Egzersiz yapman\u0131n, mutlu bir hayat ya\u015faman\u0131n ve mutlu bir beslenme d\u00fczenine sahip olman\u0131n bizi sa\u011fl\u0131kl\u0131 k\u0131lan \u015fey oldu\u011funa inan\u0131yorum. Ayr\u0131ca Kurosengoku soya fasulyesini sa\u011fl\u0131kl\u0131 bir g\u0131da olarak g\u00f6r\u00fcyorum ve her g\u00fcn t\u00fcketiyorum. Umar\u0131m \u00f6n\u00fcm\u00fczdeki 10-20 y\u0131l boyunca mutlu bir hayat ya\u015famaya devam eder ve 100 ya\u015f\u0131na kadar ya\u015famay\u0131 hedeflersiniz.<\/p>\n<p>Hepinizin sa\u011fl\u0131\u011f\u0131n\u0131za dikkat etmenizi ve mutlu, keyifli bir hayat s\u00fcrmenizi dilerim.<\/p>\n<p>Ger\u00e7ekten kalbimin derinliklerinden minnettar\u0131m! \u00c7ok te\u015fekk\u00fcr ederim.<\/p>\n<p>Son olarak, bu kitap\u00e7\u0131k Hokuryu Kasabas\u0131&#039;nda bir k\u00f6y destek\u00e7isi olan Bay Terauchi taraf\u0131ndan haz\u0131rland\u0131. Bu kitap\u00e7\u0131\u011f\u0131n Kurosengoku&#039;nun t\u00fcm g\u00f6zya\u015flar\u0131n\u0131, terini, bilgeli\u011fini ve Kurosengoku \u0130\u015fletme Kooperatifleri Birli\u011fi&#039;nin tarihini ve hik\u00e2yesini i\u00e7erdi\u011fine inan\u0131yorum. Bay Terauchi&#039;ye bir kez daha i\u00e7ten \u015f\u00fckranlar\u0131m\u0131 sunmak istiyorum. \u00c7ok te\u015fekk\u00fcr ederim.&quot;<\/p>\n<h3>Kutlama: G\u00fcl\u00fcmsemeler ve uyumla \u00e7evrili<\/h3>\n<h4>Tost: S\u0131n\u0131f arkada\u015f\u0131 Yoshinobu Shibeya<\/h4>\n<p>Kutlama, s\u0131n\u0131f arkada\u015f\u0131 Yoshinobu Shibeya&#039;n\u0131n yapt\u0131\u011f\u0131 kadeh kald\u0131rma konu\u015fmas\u0131yla ba\u015flad\u0131.<\/p>\n<figure class=\"wp-caption aligncenter\"><a href=\"https:\/\/photos.google.com\/share\/AF1QipPnPxUhimexFd87y9OY0wEWC_-mSgnFigoJwefCsSixBhef5QkTiws-XoQKezfHdQ\/photo\/AF1QipOuYjD-Yr4JEXyqLobCTk9x7G_e-dgktn2hhjk?key=NGpfV1pWSzdfSGxaNTZ1eGF1LVNGRjR6Q0FiMGhB\" target=\"_blank\"><img decoding=\"async\" src=\"https:\/\/lh3.googleusercontent.com\/pw\/AP1GczMcP2JHrvhnBc3MmG7GwL32jdnTQOjgk7MN9UzNqi4-FTPvfhpeeAvOwWfvV1bC2w37Fg7DONe0mJ2seTpFQ7vlrGG99dN3TslfydOmeTmEZp795vpAPIGC6MT-kYl7NaMapVFAmgSe16CG_o8bh7Fd=w2000-h1125-s-no-gm?authuser=0\" width=\"2000\" height=\"1125\" alt=\"S\u0131n\u0131f arkada\u015f\u0131 Yoshinobu Shibeya\" class=\"size-medium\" \/><\/a><figcaption class=\"wp-caption-text\">S\u0131n\u0131f arkada\u015f\u0131 Yoshinobu Shibeya<\/figcaption><\/figure>\n<p>&quot;Peki madem beni bu kadar nazik bir \u015fekilde aday g\u00f6sterdiniz, size birka\u00e7 selam s\u00f6ylemek istiyorum.<\/p>\n<p>\u00d6ncelikle Hokkaido End\u00fcstriyel Katk\u0131 \u00d6d\u00fcl\u00fc&#039;n\u00fc alan Takada Yukio&#039;yu tebrik ediyoruz.<\/p>\n<p>Kurosengoku \u0130\u015fletme Kooperatifi&#039;nin ba\u015fkan\u0131 olarak \u00fclkenin her yerini dola\u015farak \u00fcr\u00fcn geli\u015ftirmek i\u00e7in \u00e7ok \u00e7al\u0131\u015ft\u0131 ve on y\u0131llar boyunca bu i\u015fin temelini att\u0131\u011f\u0131na inan\u0131yorum.<\/p>\n<p>Bu durumda \u00f6n\u00fcn\u00fczde muhtemelen hala bilinmeyen d\u00fcnyalar var, ancak Kurosengoku \u0130\u015fletme Kooperatifi&#039;ndeki meslekta\u015flar\u0131n\u0131zla birlikte yeni yollar a\u00e7maya devam edece\u011finizi umuyorum.<\/p>\n<p>Tebriklerimi tam olarak ifade edemiyorum ama g\u00f6n\u00fcll\u00fclerin tebriklerini sundu\u011fu gibi ben de tebriklerimi sunmak istiyorum. Hokuryu Kasabas\u0131&#039;ndan de\u011filim, ba\u015fka bir kasaba veya k\u00f6yden geliyorum, bu y\u00fczden Kurosengoku soya fasulyesine pek a\u015fina de\u011filim, ancak kutlama duygular\u0131m\u0131 ifade etmek i\u00e7in bir kadeh kald\u0131rmak istiyorum.<\/p>\n<p>Takada Yukio&#039;nun Hokkaido End\u00fcstriyel Katk\u0131 \u00d6d\u00fcl\u00fc&#039;n\u00fc almas\u0131n\u0131 kutluyoruz! \u015eerefe! Tebrikler!<\/p>\n<figure class=\"wp-caption aligncenter\"><a href=\"https:\/\/photos.google.com\/share\/AF1QipPnPxUhimexFd87y9OY0wEWC_-mSgnFigoJwefCsSixBhef5QkTiws-XoQKezfHdQ\/photo\/AF1QipNgH-KBFL5VpuHsRlg1sM5qOGaYsvNZRpKbIM4?key=NGpfV1pWSzdfSGxaNTZ1eGF1LVNGRjR6Q0FiMGhB\" target=\"_blank\"><img decoding=\"async\" src=\"https:\/\/lh3.googleusercontent.com\/pw\/AP1GczPITRDhg0v0Rz5O62u65Vq2gHsy1_Vyt46FUD2G1fYgXqFldp5DrZxB2M8wAtp5YBpfQWvkG_4eAPZeVyThrjxQM5alQJQ2gEAs4TLEm1wylVJ1s0zkurZ2eEEU_bRfs_HbUiMh1rVKME_wjNvFfIiY=w2000-h1125-s-no-gm?authuser=0\" width=\"2000\" height=\"1125\" alt=\"\u015ferefe!\" class=\"size-medium\" \/><\/a><figcaption class=\"wp-caption-text\">\u015ferefe!<\/figcaption><\/figure>\n<h4>Bayram<\/h4>\n<p>S\u0131n\u0131f arkada\u015flar\u0131 ve toplant\u0131ya kat\u0131lan di\u011fer ki\u015filer, Ba\u015fkan Takada&#039;n\u0131n uzun y\u0131llar s\u00fcren s\u0131k\u0131 \u00e7al\u0131\u015fmas\u0131n\u0131n, tutkusunun ve sars\u0131lmaz inan\u00e7lar\u0131n\u0131n doruk noktas\u0131n\u0131 i\u015faret ederek sanki kendi g\u00fcnleriymi\u015f gibi sevin\u00e7 ya\u015fad\u0131lar.<\/p>\n<p>&quot;O zamanlar vazge\u00e7medi\u011fime ger\u00e7ekten \u00e7ok sevindim&quot; ve &quot;Takada&#039;n\u0131n co\u015fkusu kasabay\u0131 hareketlendirdi.&quot;<\/p>\n<p>S\u0131cak s\u00f6zler ve g\u00fcl\u00fcmsemeler mekan\u0131 doldurdu, Hokuryu Kasabas\u0131&#039;n\u0131n &quot;uyum ruhu&quot; ve &quot;\u015fefkat dolu kalbi&quot;ni ger\u00e7ekten birle\u015ftirdi. T\u00fcm topluluk, bir ki\u015finin b\u00fcy\u00fck ba\u015far\u0131s\u0131n\u0131 y\u00fcrekten \u00f6vd\u00fc ve destekledi. Bu g\u00fczel an, t\u00fcm mekan\u0131 derinden etkiledi.<\/p>\n<h4>yemek pi\u015firmek<\/p>\n<h4>\n<figure class=\"wp-caption aligncenter\"><a href=\"https:\/\/photos.google.com\/share\/AF1QipPnPxUhimexFd87y9OY0wEWC_-mSgnFigoJwefCsSixBhef5QkTiws-XoQKezfHdQ\/photo\/AF1QipNS3caqUC8_v8NulugA2ivaSPMZ9_4_y2MwwP8?key=NGpfV1pWSzdfSGxaNTZ1eGF1LVNGRjR6Q0FiMGhB\" target=\"_blank\"><img decoding=\"async\" src=\"https:\/\/lh3.googleusercontent.com\/pw\/AP1GczNPzOBPrxmq5KnKdQ4st1LHn2y7ZVzUsM93eVic6FaKSv-Neklt7iX17Oabt0iYvdD91rnCS5Ma0jzJXx4UD3MLs4nVxU5XFNe4eS9HM2iZ1GZbucdRTcxtOs81ahSfQagieRyJ4f6pZutOYRbtDa6F=w2000-h1500-s-no-gm?authuser=0\" width=\"2000\" height=\"1500\" alt=\"Kutlama yeme\u011fi\" class=\"size-medium\" \/><\/a><figcaption class=\"wp-caption-text\">Kutlama yeme\u011fi<\/figcaption><\/figure>\n<h4>Ne\u015fe ve g\u00fcl\u00fcmsemelerle dolu bir an<\/h4>\n<figure class=\"wp-caption aligncenter\"><a href=\"https:\/\/photos.google.com\/share\/AF1QipPnPxUhimexFd87y9OY0wEWC_-mSgnFigoJwefCsSixBhef5QkTiws-XoQKezfHdQ\/photo\/AF1QipNPuwCcl6EBvbdWZH8hVeUSdcsn1_ACgtq8TDg?key=NGpfV1pWSzdfSGxaNTZ1eGF1LVNGRjR6Q0FiMGhB\" target=\"_blank\"><img decoding=\"async\" src=\"https:\/\/lh3.googleusercontent.com\/pw\/AP1GczM4_F70LLyGO95IG8mR6V7sHtuiLlyT_-4FgEHWnU-PbekzbrnrphYy7OfUsWNTu82IMIpV9qVopm7VFA9VwavcT5q78B9vqqVnjoEY-RMW46YsHgIcZuc7embyGq-p1Fu9SdzqrHU4hGeLXC9WQTnt=w2000-h1125-s-no-gm?authuser=0\" width=\"2000\" height=\"1125\" alt=\"Bir sevin\u00e7 tostu\" class=\"size-medium\" \/><\/a><figcaption class=\"wp-caption-text\">Bir sevin\u00e7 tostu<\/figcaption><\/figure>\n<figure class=\"wp-caption alignnone\"><a href=\"https:\/\/photos.google.com\/share\/AF1QipPnPxUhimexFd87y9OY0wEWC_-mSgnFigoJwefCsSixBhef5QkTiws-XoQKezfHdQ\/photo\/AF1QipMbbdX7mh5hF3no0y8ffjSmvBPEYk48Sy77HFk?key=NGpfV1pWSzdfSGxaNTZ1eGF1LVNGRjR6Q0FiMGhB\" target=\"_blank\"><img decoding=\"async\" src=\"https:\/\/lh3.googleusercontent.com\/pw\/AP1GczMvnATgGFsXbRt0_5_xJIkL4rB-JMU5HTfbHCvxzps-kgNX4CtLXqWxBx6SkgBi6rGbg4zDjd2uU99cm6hiydH3K3qqvf36lOREH6AdjFzx8phAYHWI_8wYQSqwRxJN5_p4-2uC8lylQua2hhvLgdVC=w2000-h1125-s-no-gm?authuser=0\" width=\"2000\" height=\"1125\" alt=\"Canl\u0131 sohbet\" class=\"size-medium\" \/><\/a><figcaption class=\"wp-caption-text\">Canl\u0131 sohbet<\/figcaption><\/figure>\n<figure class=\"wp-caption aligncenter\"><a href=\"https:\/\/photos.google.com\/share\/AF1QipPnPxUhimexFd87y9OY0wEWC_-mSgnFigoJwefCsSixBhef5QkTiws-XoQKezfHdQ\/photo\/AF1QipMFZDTVk380LWBK-4ZowPgwtt0Fq-pQYJOK1C4?key=NGpfV1pWSzdfSGxaNTZ1eGF1LVNGRjR6Q0FiMGhB\" target=\"_blank\"><img decoding=\"async\" src=\"https:\/\/lh3.googleusercontent.com\/pw\/AP1GczP9wfr9-SSh1Sy587HwXivf07aFksauERigUmAx8XgPRsDDDRlzv1CFzr6dyJDoj3Rcj14S1bJWD3sNbHcPPa1OAWmhxdZT3Y8CWlLp1_mxMVhmU525QS6kAhfBkgatmgFv3UhtX2YCmhkDPkQikonD=w2000-h1125-s-no-gm?authuser=0\" width=\"2000\" height=\"1125\" alt=\"Uyumlu atmosfer\" class=\"size-medium\" \/><\/a><figcaption class=\"wp-caption-text\">Uyumlu atmosfer<\/figcaption><\/figure>\n<figure class=\"wp-caption alignnone\"><a href=\"https:\/\/photos.google.com\/share\/AF1QipPnPxUhimexFd87y9OY0wEWC_-mSgnFigoJwefCsSixBhef5QkTiws-XoQKezfHdQ\/photo\/AF1QipPHBaERtaM7thuHmCgfAuEyHh9ojU6EOkXwe7A?key=NGpfV1pWSzdfSGxaNTZ1eGF1LVNGRjR6Q0FiMGhB\" target=\"_blank\"><img decoding=\"async\" src=\"https:\/\/lh3.googleusercontent.com\/pw\/AP1GczNGvVN_v9QOmWTicUsksbH4-1OFYoedELdGqxoH44Eis5-rGvDDX15MasuICGHP1Co48yf2rwptTuviuUCNJqdZK4ZHVF-AM3I7x25nIxcjv_cZJn5tB2TNor8mp8bGDOQUG2jmFNE4VbvsMxENW6KF=w2000-h1125-s-no-gm?authuser=0\" width=\"2000\" height=\"1125\" alt=\"Bir g\u00fcl\u00fcmseme an\u0131\" class=\"size-medium\" \/><\/a><figcaption class=\"wp-caption-text\">Bir g\u00fcl\u00fcmseme an\u0131<\/figcaption><\/figure>\n<figure class=\"wp-caption aligncenter\"><a href=\"https:\/\/photos.google.com\/share\/AF1QipPnPxUhimexFd87y9OY0wEWC_-mSgnFigoJwefCsSixBhef5QkTiws-XoQKezfHdQ\/photo\/AF1QipMDWtWejV2_5RC2iPmp-s_Fk2afL0eieBguoGo?key=NGpfV1pWSzdfSGxaNTZ1eGF1LVNGRjR6Q0FiMGhB\" target=\"_blank\"><img decoding=\"async\" src=\"https:\/\/lh3.googleusercontent.com\/pw\/AP1GczP0dC9y6FrCCDLmn5DCVJS5Lb9SbjkoAa3qWTOA5c_hgZe_z126W7vHAjybPxWWlw1XlBt9m3h8obZ2rTjvX6kJr1lSyffgsjXlsmkgW1F1eENXF0QEgFUC_pUOhzxG7-NMWrGSzoF01C7lOvwibFQs=w2000-h1125-s-no-gm?authuser=0\" width=\"2000\" height=\"1125\" alt=\"Nostaljik bir sohbette...\" class=\"size-medium\" \/><\/a><figcaption class=\"wp-caption-text\">Nostaljik bir sohbette...<\/figcaption><\/figure>\n<figure class=\"wp-caption aligncenter\"><a href=\"https:\/\/photos.google.com\/share\/AF1QipPnPxUhimexFd87y9OY0wEWC_-mSgnFigoJwefCsSixBhef5QkTiws-XoQKezfHdQ\/photo\/AF1QipM8IDt0I_2ME50EhUTiXOhbB041VEEsBCjfYk4?key=NGpfV1pWSzdfSGxaNTZ1eGF1LVNGRjR6Q0FiMGhB\" target=\"_blank\"><img decoding=\"async\" src=\"https:\/\/lh3.googleusercontent.com\/pw\/AP1GczNNqqC5auQeEIU6iWGcXrgxwoi1gQPMWBgFXuNl9okf2zoDJ3sMJE45dpuutqgY5aRq1zjoPguIAaZNmCECGWEibPEijMaIy3a4v1nVS5HPISQINTIkanIxm4eebtcBM8ICaDC_duN7Msqelkibu4xW=w2000-h1125-s-no-gm?authuser=0\" width=\"2000\" height=\"1125\" alt=\"Bitmeyen bir sohbet...\" class=\"size-medium\" \/><\/a><figcaption class=\"wp-caption-text\">Bitmeyen bir sohbet...<\/figcaption><\/figure>\n<h4>\u00dc\u00e7 alk\u0131\u015f: S\u0131n\u0131f arkada\u015f\u0131 Kaori Sato<\/h4>\n<p>Ziyafet, s\u0131n\u0131f arkada\u015f\u0131 Sato Kaori&#039;nin \u00f6nderli\u011findeki \u00fc\u00e7 tezah\u00fcratla sona erdi.<\/p>\n<figure class=\"wp-caption aligncenter\"><a href=\"https:\/\/photos.google.com\/share\/AF1QipPnPxUhimexFd87y9OY0wEWC_-mSgnFigoJwefCsSixBhef5QkTiws-XoQKezfHdQ\/photo\/AF1QipPnjDe4-ob_gPhOFPJv_ugY-rElYfKLMfM1zKA?key=NGpfV1pWSzdfSGxaNTZ1eGF1LVNGRjR6Q0FiMGhB\" target=\"_blank\"><img decoding=\"async\" src=\"https:\/\/lh3.googleusercontent.com\/pw\/AP1GczPWIHZJWK4ELPwmEqc5R4UaaAl4ela9jMxQbo61GHGz32AVNWI5Q31U0UtrxnSjFGBVgMKpvPJyTQC0Ppd4xcpy2BdjYKn88jdoAMxP9TLtbGAA-uJ2Ldn_90jybz0yV3RUr5QtgDUKH_c5ypvzxxZ-=w2000-h1125-s-no-gm?authuser=0\" width=\"2000\" height=\"1125\" alt=\"Bayan Kaori Ito&#039;dan selamlar\" class=\"size-medium\" \/><\/a><figcaption class=\"wp-caption-text\">Bayan Kaori Ito&#039;dan selamlar<\/figcaption><\/figure>\n<p>&quot;Hokkaido End\u00fcstriyel Katk\u0131 \u00d6d\u00fcl\u00fc&#039;n\u00fc alan Yukio Takada&#039;y\u0131 tebrik ediyorum. Hepinize en i\u00e7ten tebriklerimi sunuyorum.<\/p>\n<p>Bay Takada&#039;dan Kurosengoku hakk\u0131nda uzun zamand\u0131r hikayeler dinliyorum. Ger\u00e7ekten nadir bir t\u00fcr ve herkes taraf\u0131ndan terk edilmi\u015f olabilece\u011fini duymu\u015ftum, ancak o cesurca yeti\u015ftirme gibi zorlu bir g\u00f6revi \u00fcstlendi ve onu restore etti. \u015eimdi ise, ger\u00e7ekten geli\u015ftirilmi\u015f yeti\u015ftirme teknikleriyle muhte\u015fem bir t\u00fcr haline geldi.<\/p>\n<p>Ayr\u0131ca yeni \u00fcr\u00fcnler geli\u015ftiriyor, sat\u0131\u015f promosyonlar\u0131 ve halkla ili\u015fkilerle me\u015fguld\u00fc. Kendisini YouTube&#039;da izledim ve e\u015fiyle birlikte \u00fcr\u00fcnlerini s\u00fcrekli birlikte tan\u0131tmalar\u0131ndan etkilendim.<\/p>\n<p>Daha sonra Kurosengoku \u0130\u015fletme Kooperatifi Derne\u011fi&#039;ni kurdu, ba\u015fkanl\u0131k g\u00f6revini \u00fcstlendi ve mevcut pozisyonunun kurulmas\u0131nda \u00f6nc\u00fcl\u00fck etti. T\u00fcm bu faaliyetlere sayg\u0131lar\u0131m\u0131 sunmak isterim. Umar\u0131m bug\u00fcne kadar edindi\u011fi deneyim, ba\u015far\u0131 ve kazan\u0131mlar\u0131 gelecekteki \u00e7al\u0131\u015fmalar\u0131nda da kullanmaya devam eder.<\/p>\n<p>Kurosengoku ayn\u0131 zamanda sa\u011fl\u0131kl\u0131 bir g\u0131da olarak da \u00fcnleniyor. Yol kenar\u0131ndaki duraklara gidip y\u00fcr\u00fcy\u00fc\u015fe \u00e7\u0131kt\u0131\u011f\u0131mda, raflarda s\u0131ralanm\u0131\u015f Kurosengoku&#039;yu g\u00f6r\u00fcyorum. Ay\u00e7i\u00e7ekleriyle birlikte Hokuryu Kasabas\u0131&#039;n\u0131n \u00f6zel bir \u00fcr\u00fcn\u00fc olarak tan\u0131nmas\u0131ndan ger\u00e7ekten \u00e7ok mutluyum.<\/p>\n<p>Bug\u00fcne kadar elde etti\u011finiz muhte\u015fem ba\u015far\u0131lar i\u00e7in en i\u00e7ten sayg\u0131lar\u0131m\u0131 sunmak isterim.<\/p>\n<p>Gelecekte \u00e7ocuklar\u0131n\u0131zla birlikte sa\u011fl\u0131kl\u0131 ve ba\u015far\u0131l\u0131 olman\u0131z\u0131, Kurosengoku \u0130\u015f Kooperatifinin b\u00fcy\u00fcmeye devam etmesini ve \u00fcr\u00fcn geli\u015ftirme ve sat\u0131\u015fa odaklanman\u0131z\u0131 umuyoruz.<\/p>\n<p>\u015eimdi, bug\u00fcn kat\u0131lan herkese sa\u011fl\u0131k ve mutluluk dilemek i\u00e7in \u00fc\u00e7 kez &quot;Banzai&quot; diye ba\u011f\u0131rmak istiyorum. L\u00fctfen tezah\u00fcratlara kat\u0131l\u0131n.<\/p>\n<p>Ya\u015fas\u0131n Bay ve Bayan Takada! Ya\u015fas\u0131n!<\/p>\n<figure class=\"wp-caption aligncenter\"><a href=\"https:\/\/photos.google.com\/share\/AF1QipPnPxUhimexFd87y9OY0wEWC_-mSgnFigoJwefCsSixBhef5QkTiws-XoQKezfHdQ\/photo\/AF1QipPX_sFeymUyCUULNXEhjj15EpTA1ZUZWMIAw9o?key=NGpfV1pWSzdfSGxaNTZ1eGF1LVNGRjR6Q0FiMGhB\" target=\"_blank\"><img decoding=\"async\" src=\"https:\/\/lh3.googleusercontent.com\/pw\/AP1GczNtziCuzq7nM8nsQf9hVH_IyGmiucJKJkIEnNZavrcmgsDvaJ4V6MelMRcCpwTvnNyjn71aqKeRgcs5yOt_rPNux-y8DWgkwgsZNFHgLicBDO-V_SKieUQt66D1RMIsJ0pdBf9w3eleiLGWsAsA0jYt=w2000-h1125-s-no-gm?authuser=0\" width=\"2000\" height=\"1125\" alt=\"\u00dc\u00e7 kere alk\u0131\u015f! ! !\" class=\"size-medium\" \/><\/a><figcaption class=\"wp-caption-text\">\u00dc\u00e7 kere alk\u0131\u015f! ! !<\/figcaption><\/figure>\n<p>T\u00fcm kat\u0131l\u0131mc\u0131lar Ba\u015fkan Takada&#039;n\u0131n parlak gelece\u011fi ve Hokuryu Kasabas\u0131&#039;n\u0131n daha da geli\u015fmesi i\u00e7in dua ettiler.<\/p>\n<p>Kutlama daha sonra after-party i\u00e7in karaoke odas\u0131na ta\u015f\u0131nd\u0131 ve Hokuryu Kasabas\u0131&#039;ndaki gece kutlama \u015fark\u0131lar\u0131 ve g\u00fcl\u00fcmsemelerle devam etti.<\/p>\n<h3>Anma foto\u011fraf\u0131<\/h3>\n<figure class=\"wp-caption aligncenter\"><a href=\"https:\/\/photos.google.com\/share\/AF1QipPnPxUhimexFd87y9OY0wEWC_-mSgnFigoJwefCsSixBhef5QkTiws-XoQKezfHdQ\/photo\/AF1QipOJ3ezkT3y-b6zntO1sKdCX88ZnWUkJctwuFQE?key=NGpfV1pWSzdfSGxaNTZ1eGF1LVNGRjR6Q0FiMGhB\" target=\"_blank\"><img decoding=\"async\" src=\"https:\/\/lh3.googleusercontent.com\/pw\/AP1GczPIg5-850VajabIvX5IQqgOu24tCYqyzNOMKh66tgUIjt-NXoOMAhdP7RvxYZfBQAKk_c_USr9jyVibm7CWL59A6zpu2CkUeaxNkQfRVZOjXVpTDQCH-dopHzsaO_g04zimsKjZ2e2C08siFIcA3T5P=w2000-h1500-s-no-gm?authuser=0\" width=\"2000\" height=\"1500\" alt=\"Anma foto\u011fraf\u0131\" class=\"size-medium\" \/><\/a><figcaption class=\"wp-caption-text\">Anma foto\u011fraf\u0131<\/figcaption><\/figure>\n<p>Mucizevi Kurosengoku soya fasulyeleri 20 y\u0131l boyunca zorluklara g\u00f6\u011f\u00fcs gerdi, birbirlerine destek oldu ve ilham ve cesaret tohumlar\u0131 ye\u015fertti!<\/p>\n<p>S\u0131n\u0131rs\u0131z sevgi, \u015f\u00fckran ve dua ile bug\u00fcne kadar elde edilen pek \u00e7ok b\u00fcy\u00fck ba\u015far\u0131y\u0131 kutluyor ve bu duygu dolu kutlamada s\u0131n\u0131f arkada\u015flar\u0131m\u0131zla bunlar\u0131 kutlaman\u0131n sevincini payla\u015f\u0131yoruz.<\/p>\n<figure class=\"wp-caption alignnone\"><a href=\"https:\/\/photos.google.com\/share\/AF1QipPnPxUhimexFd87y9OY0wEWC_-mSgnFigoJwefCsSixBhef5QkTiws-XoQKezfHdQ\/photo\/AF1QipPrsoYY0lNA1LtAgkUv7kvPgu8-wAPcqCBBE2w?key=NGpfV1pWSzdfSGxaNTZ1eGF1LVNGRjR6Q0FiMGhB\" target=\"_blank\"><img decoding=\"async\" src=\"https:\/\/lh3.googleusercontent.com\/pw\/AP1GczMlukDH1hgK-bm8YzbvSpeRMT4kAjnfUgW7B8RBjr0GRx2G1IKjQDsohCdsv9rQeMUOOaARvK9tUTn-L6Wc9RYpT4MC4Zji6Kl-koQgyJ10Q_MZY0SkmNkUWHJ0owJ0o5dg4XjsB0Wr1yTCAYVsdxb7=w2000-h1500-s-no-gm?authuser=0\" width=\"2000\" height=\"1500\" alt=\"Bu mutlu kutlama i\u00e7in y\u00fcrekten te\u015fekk\u00fcrler!\" class=\"size-medium\" \/><\/a><figcaption class=\"wp-caption-text\">Bu mutlu kutlama i\u00e7in y\u00fcrekten te\u015fekk\u00fcrler!<\/figcaption><\/figure>\n<h2>Youtube videolar\u0131<\/h2>\n<div class=\"youtube\"><iframe title=\"\u00c7ifte zafer i\u00e7in tebrikler! Kurosengoku \u0130\u015fletme Kooperatifleri Birli\u011fi Ba\u015fkan\u0131 Yukio Takada, Hokkaido Sanayi Katk\u0131 \u00d6d\u00fcl\u00fc ve Merkez Birli\u011fi 70. Y\u0131l \u00dcst\u00fcn Hizmet \u00d6d\u00fcl\u00fc&#039;n\u00fc ald\u0131.\" src=\"https:\/\/www.youtube.com\/embed\/2dVSHTttUOQ?feature=oembed\" frameborder=\"0\" allow=\"accelerometer; autoplay; clipboard-write; encrypted-media; gyroscope; picture-in-picture; web-share\" referrerpolicy=\"strict-origin-when-cross-origin\" allowfullscreen><\/iframe><\/div>\n<h2>Di\u011fer foto\u011fraflar<\/h2>\n<div class=\"img-move\"><img decoding=\"async\" style=\"vertical-align: middle;\" src=\"https:\/\/ehokkaido.net\/wp-content\/uploads\/2021\/12\/2021-12-06-11.41.12.png\" \/> <a href=\"https:\/\/photos.app.goo.gl\/RjHbA5cdfhKiALnk8\" target=\"_blank\" rel=\"noopener noreferrer\">Ba\u015fkan Takada Yukio&#039;nun Hokkaido End\u00fcstri Katk\u0131 \u00d6d\u00fcl\u00fc ve Merkez Birli\u011fi 70. Y\u0131l \u00dcst\u00fcn Hizmet \u00d6d\u00fcl\u00fc&#039;n\u00fc ald\u0131\u011f\u0131 92 foto\u011fraf burada &gt;&gt;<\/a><\/div>\n<h2>\u0130lgili makaleler<\/h2>\n\n        <div class=\"site-blogcard-premium\">\n            <div class=\"bc-label-custom\">\u0130lgili makaleler<\/div>\n            <div class=\"bc-flex-container\">\n                <div class=\"bc-main-text\">\n                    <div class=\"bc-title-link-box\">\n                        <a href=\"https:\/\/portal.hokuryu.info\/tr\/52307\/\" target=\"_blank\">https:\/\/portal.hokuryu.info\/52307<\/a>\n                    <\/div>\n                    <div class=\"bc-excerpt-box\">Sayfa bilgileri al\u0131namad\u0131.<\/div>\n                <\/div>\n                <div class=\"bc-thumbnail-box\">\n                    <a href=\"https:\/\/portal.hokuryu.info\/tr\/52307\/\" target=\"_blank\">\n                        <div class=\"bc-img-zoom-wrap\">\n                            <img decoding=\"async\" src=\"https:\/\/portal.hokuryu.info\/wp\/wp-content\/uploads\/2026\/02\/20230802DSC06445_1.jpg\" alt=\"https:\/\/portal.hokuryu.info\/52307\">\n                        <\/div>\n                    <\/a>\n                <\/div>\n            <\/div>\n        <\/div>\n\u3000<br \/>\n\u25c7 <a href=\"https:\/\/portal.hokuryu.info\/tr\/62509\/\">\ud83d\udd8b\ufe0f \u0130\u00e7erik planlama, makale yaz\u0131m\u0131, foto\u011fraf se\u00e7imi ve video olu\u015fturma: Ikuko Terauchi<img decoding=\"async\" style=\"vertical-align: middle;\" src=\"https:\/\/ehokkaido.net\/wp-content\/uploads\/2021\/12\/2021-12-06-11.41.12.png\" \/> Foto\u011fraf\u00e7\u0131l\u0131k, d\u00fczenleme ve web sitesi y\u00f6netimi: Noboru Terauchi<\/a><\/p>","protected":false},"excerpt":{"rendered":"<p>2025\u5e7411\u67084\u65e5\uff08\u706b\uff09 10\u670831\u65e5\uff08\u91d1\uff09\u3001\u9ed2\u5343\u77f3\u4e8b\u696d\u5354\u540c\u7d44\u5408\u306e\u9ad8\u7530\u5e78\u7537\u7406\u4e8b\u9577\u304c\u300c\u5317\u6d77\u9053\u7523\u696d\u8ca2\u732e\u8cde\u300d\u3068\u300c\u5317\u6d77\u9053\u4e2d\u5c0f\u4f01\u696d\u4e2d\u592e\u4f1a70\u5468\u5e74\u8a18\u5ff5\u529f\u52b4\u8005\u8868\u5f70\u300d\u3092\u30c0\u30d6\u30eb\u53d7\u8cde\u3055\u308c\u3001\u795d\u8cc0\u4f1a\u304c\u958b\u50ac\u3055\u308c\u307e\u3057\u305f\u3002\u5e7b\u306e\u9ed2 [&hellip;]<\/p>\n","protected":false},"author":1,"featured_media":66071,"comment_status":"open","ping_status":"open","sticky":false,"template":"","format":"standard","meta":{"footnotes":""},"categories":[4,9],"tags":[],"class_list":["post-66058","post","type-post","status-publish","format-standard","has-post-thumbnail","hentry","category-cover-story","category-kurosengoku"],"_links":{"self":[{"href":"https:\/\/portal.hokuryu.info\/tr\/wp-json\/wp\/v2\/posts\/66058","targetHints":{"allow":["GET"]}}],"collection":[{"href":"https:\/\/portal.hokuryu.info\/tr\/wp-json\/wp\/v2\/posts"}],"about":[{"href":"https:\/\/portal.hokuryu.info\/tr\/wp-json\/wp\/v2\/types\/post"}],"author":[{"embeddable":true,"href":"https:\/\/portal.hokuryu.info\/tr\/wp-json\/wp\/v2\/users\/1"}],"replies":[{"embeddable":true,"href":"https:\/\/portal.hokuryu.info\/tr\/wp-json\/wp\/v2\/comments?post=66058"}],"version-history":[{"count":0,"href":"https:\/\/portal.hokuryu.info\/tr\/wp-json\/wp\/v2\/posts\/66058\/revisions"}],"wp:featuredmedia":[{"embeddable":true,"href":"https:\/\/portal.hokuryu.info\/tr\/wp-json\/wp\/v2\/media\/66071"}],"wp:attachment":[{"href":"https:\/\/portal.hokuryu.info\/tr\/wp-json\/wp\/v2\/media?parent=66058"}],"wp:term":[{"taxonomy":"category","embeddable":true,"href":"https:\/\/portal.hokuryu.info\/tr\/wp-json\/wp\/v2\/categories?post=66058"},{"taxonomy":"post_tag","embeddable":true,"href":"https:\/\/portal.hokuryu.info\/tr\/wp-json\/wp\/v2\/tags?post=66058"}],"curies":[{"name":"wp","href":"https:\/\/api.w.org\/{rel}","templated":true}]}}