{"id":65776,"date":"2025-10-27T09:36:19","date_gmt":"2025-10-27T00:36:19","guid":{"rendered":"https:\/\/portal.hokuryu.info\/?p=65776"},"modified":"2026-01-31T22:22:15","modified_gmt":"2026-01-31T13:22:15","slug":"hokuryu-kasabasi-logo-atolyesi-tasarim-dusunceliliktir","status":"publish","type":"post","link":"https:\/\/portal.hokuryu.info\/tr\/65776\/","title":{"rendered":"Hokuryu Kasabas\u0131 Logo At\u00f6lyesi: Tasar\u0131m bir &quot;\u015fefkat&quot; bi\u00e7imidir. Hokuryu \u0130lkokulu ve Ortaokulu \u00f6\u011frencilerinin &quot;renkleri&quot; ve &quot;uyum ruhu&quot; Hokuryu Kasabas\u0131&#039;n\u0131n gelece\u011fini renklendirecek."},"content":{"rendered":"<p>Pazartesi, 27 Ekim 2025<\/p>\n<div class=\"ep-box es-BpaperRight es-grid bgc-VPsky\">23 Ekim Per\u015fembe g\u00fcn\u00fc, Hokuryu Kasabas\u0131&#039;ndaki ilkokul ve ortaokul \u00f6\u011frencileri, kasaba genelinde Hokuryu Kasabas\u0131 i\u00e7in yeni bir logo olu\u015fturma projesi kapsam\u0131nda \u00e7evrimi\u00e7i bir at\u00f6lyeye kat\u0131ld\u0131. \u00c7ocuklar, profesyonellerden &quot;tasar\u0131m\u0131n d\u00fc\u015f\u00fcncelilikle ilgili oldu\u011funu&quot; \u00f6\u011frendiler. &quot;Kar ve buz rengi&quot; ve &quot;toprak rengi&quot; gibi memleketlerine dair duygular\u0131n\u0131 yans\u0131tan \u00e7e\u015fitli &quot;renkler&quot; sundular. Her kat\u0131l\u0131mc\u0131n\u0131n bireyselli\u011fi, kasaban\u0131n gelece\u011finin geli\u015fmesine yard\u0131mc\u0131 olacak ve onlar\u0131 birbirine ba\u011flayacak.<\/div>\n<h2>Tasar\u0131m, bir nezaket sembol\u00fcd\u00fcr. \u00c7ocuklar\u0131n renkleri ve uyum ruhu, Hokuryu Kasabas\u0131&#039;n\u0131n gelece\u011fini renklendirecektir.<\/h2>\n<p>23 Ekim Per\u015fembe g\u00fcn\u00fc, Hokuryu Kasabas\u0131&#039;ndaki Shinryu \u0130lkokulu ve Hokuryu Ortaokulu&#039;ndaki s\u0131n\u0131flar, Tokyo&#039;daki profesyonel tasar\u0131mc\u0131larla \u00e7evrimi\u00e7i olarak ba\u011flant\u0131 kurdu. Bu, Hokuryu Kasabas\u0131 i\u00e7in yeni bir logo ve &quot;Bundan sonra ne \u00e7i\u00e7ek a\u00e7acak?&quot; slogan\u0131n\u0131 olu\u015fturmay\u0131 ama\u00e7layan kasaba \u00e7ap\u0131ndaki bir projenin par\u00e7as\u0131yd\u0131.<\/p>\n<p>Bu \u00f6zel ders, Hokuryu&#039;nun gelece\u011finden sorumlu olacak \u00e7ocuklar\u0131 tasar\u0131m\u0131n keyfiyle tan\u0131\u015ft\u0131rmak ve onlara kasabalar\u0131n\u0131n gelece\u011fini ki\u015fisel olarak ilgilendiren bir konu olarak d\u00fc\u015f\u00fcnme f\u0131rsat\u0131 vermek i\u00e7in tasarland\u0131. Shinryu \u0130lkokulu&#039;nda d\u00f6rd\u00fcnc\u00fc, be\u015finci ve alt\u0131nc\u0131 s\u0131n\u0131f \u00f6\u011frencileri k\u00fct\u00fcphanede toplan\u0131rken, Hokuryu Ortaokulu&#039;nda birinci, ikinci ve \u00fc\u00e7\u00fcnc\u00fc s\u0131n\u0131f \u00f6\u011frencileri ortak bir ders i\u00e7in s\u0131n\u0131fta topland\u0131lar.<\/p>\n<p>Her iki durumda da s\u0131n\u0131f b\u00fcy\u00fck bir monit\u00f6rde g\u00f6r\u00fcnt\u00fclenir.<\/p>\n<figure class=\"wp-caption aligncenter\"><a href=\"https:\/\/photos.google.com\/share\/AF1QipMvBYom8t3y2cvf5rDdue5MwVRvR75SOYlRfT1HGtnAeoo7dKPblV6IthdcUa-cnw\/photo\/AF1QipOeNFY3MlsdesYsQh2N2UECXUzB_dQtnc46xVc?key=N0xjUzl5dkM2cHI3SWZEQ18tY0I5T0xLZXRKU0Z3\" target=\"_blank\"><img decoding=\"async\" src=\"https:\/\/lh3.googleusercontent.com\/pw\/AP1GczOrlNeEa1oRo2rbghRdiTwlkpTH0CqgGWH4mHL0H6WO36YAItdG3lFvsnLVP3BWZrMGTWVOldCSPyaT6vIObglZvHSOqWQoh7LqdlNch-SVHUf9sSy9OnSf0dY-VXFEcigT8bOX-Irto3XABV0ZFrQn=w2000-h1333-s-no-gm?authuser=0\" width=\"2000\" height=\"1333\" alt=\"\u00c7evrimi\u00e7i dersler\" class=\"size-medium\" \/><\/a><figcaption class=\"wp-caption-text\">\u00c7evrimi\u00e7i dersler<\/figcaption><\/figure>\n<figure class=\"wp-caption aligncenter\"><a href=\"https:\/\/photos.google.com\/share\/AF1QipMvBYom8t3y2cvf5rDdue5MwVRvR75SOYlRfT1HGtnAeoo7dKPblV6IthdcUa-cnw\/photo\/AF1QipOTIWbCq5rRxxIU_XHrt60axpip4Njq784EaxA?key=N0xjUzl5dkM2cHI3SWZEQ18tY0I5T0xLZXRKU0Z3\" target=\"_blank\"><img decoding=\"async\" src=\"https:\/\/lh3.googleusercontent.com\/pw\/AP1GczN3WYYjemZyTG2ojsE7YaIlLC_AgQYIJGcounAOO2us99UFwVBGPdFrOtRRS1KMNS29smItVGBgqmR4kKolkMHP3Zl_A64yHsRqi3yRA_h3IVxwg3tlmAoAzhrvQcBcDGvE8A6GCUNrNMt2xof7BARO=w2000-h1125-s-no-gm?authuser=0\" width=\"2000\" height=\"1125\" alt=\"Shinryu \u0130lkokulu&#039;nda 4., 5. ve 6. s\u0131n\u0131f \u00f6\u011frencileri i\u00e7in ortak s\u0131n\u0131f\" class=\"size-medium\" \/><\/a><figcaption class=\"wp-caption-text\">Shinryu \u0130lkokulu&#039;nda 4., 5. ve 6. s\u0131n\u0131f \u00f6\u011frencileri i\u00e7in ortak s\u0131n\u0131f<\/figcaption><\/figure>\n<h3>Kasaban\u0131n cazibesine \u015fekil veren: Politika Planlama Direkt\u00f6r\u00fc Katsuyoshi Takahashi<\/h3>\n<p>Dersin ba\u015f\u0131nda, dersi planlayan Hokuryu Belediye Binas\u0131&#039;n\u0131n genel politika g\u00f6revlisi Katsuyoshi Takahashi \u00e7ocuklara \u015f\u00f6yle seslendi:<\/p>\n<figure class=\"wp-caption aligncenter\"><a href=\"https:\/\/photos.google.com\/share\/AF1QipMvBYom8t3y2cvf5rDdue5MwVRvR75SOYlRfT1HGtnAeoo7dKPblV6IthdcUa-cnw\/photo\/AF1QipPuwOztBXP6Xa--dXfsbNuK77OtA4tr4K8DlVc?key=N0xjUzl5dkM2cHI3SWZEQ18tY0I5T0xLZXRKU0Z3\" target=\"_blank\"><img decoding=\"async\" src=\"https:\/\/lh3.googleusercontent.com\/pw\/AP1GczOpnFhChd3Bk6DDly_7cBArWPopvQIp6-C7hIjtpdhZuJVfkskGwDjxuvlxvqcCc7kRWoVcX57GETMqmPkpYuYjeiru83fRHE_6QgyY58oKYpW_8jhb3Xp_AoZd_v8ljkPi9yG7SQSWyM37dZL59F1s=w2000-h1333-s-no-gm?authuser=0\" width=\"2000\" height=\"1333\" alt=\"Politika \u00c7al\u0131\u015fmalar\u0131 Genel M\u00fcd\u00fcr\u00fc Katsuyoshi Takahashi&#039;den selamlar\" class=\"size-medium\" \/><\/a><figcaption class=\"wp-caption-text\">Politika \u00c7al\u0131\u015fmalar\u0131 Genel M\u00fcd\u00fcr\u00fc Katsuyoshi Takahashi&#039;den selamlar<\/figcaption><\/figure>\n<p>&quot;Bu logoyu yaratmam\u0131z\u0131n amac\u0131, herkesin Hokuryu Kasabas\u0131&#039;n\u0131n cazibesine bir kez daha bakmas\u0131 ve kasaban\u0131n \u00f6zlemlerine \u015fekil vermesidir. Hokuryu Kasabas\u0131, bereketli bir do\u011faya, s\u0131cakkanl\u0131 insanlara ve zorluklar\u0131n \u00fcstesinden gelmeye devam etme yetene\u011fine sahiptir. Bu logo ve slogan, ge\u00e7mi\u015fteki ilerlememizi, gelecekte kar\u015f\u0131la\u015faca\u011f\u0131m\u0131z zorluklar\u0131 ve insanlar\u0131 birbirine ba\u011flama arzumuzu somutla\u015ft\u0131r\u0131yor.&quot;<\/p>\n<p>Yeni logonun motifi &quot;ay\u00e7i\u00e7e\u011fi yapraklar\u0131&quot;. Hokuryu Kasabas\u0131&#039;ndaki her bireyin &quot;bireyselli\u011fini&quot; ve &quot;ba\u011flant\u0131lar\u0131n\u0131&quot; temsil ediyorlar. Bu yapraklar bir araya geldi\u011finde, b\u00fcy\u00fck Hokuryu kasabas\u0131n\u0131n gelece\u011finin \u00e7i\u00e7ek a\u00e7mas\u0131na yard\u0131mc\u0131 olacaklar. Bu s\u0131cak g\u00f6rsel payla\u015f\u0131ld\u0131.<\/p>\n<p>T\u00fcm \u00f6\u011frenciler, tasar\u0131m bilgilerini payla\u015fmak i\u00e7in Shinryu \u0130lkokulu&#039;nun Wi-Fi a\u011f\u0131na ba\u011fl\u0131 not defterlerini kulland\u0131lar. Bunlar\u0131 ne kadar do\u011fal bir \u015fekilde kulland\u0131klar\u0131na hayran kald\u0131m.<\/p>\n<figure class=\"wp-caption aligncenter\"><a href=\"https:\/\/photos.google.com\/share\/AF1QipMvBYom8t3y2cvf5rDdue5MwVRvR75SOYlRfT1HGtnAeoo7dKPblV6IthdcUa-cnw\/photo\/AF1QipOGh7FnISXQTbwxZpq1LRz06Z-HmpfzT8q0q7k?key=N0xjUzl5dkM2cHI3SWZEQ18tY0I5T0xLZXRKU0Z3\" target=\"_blank\"><img decoding=\"async\" src=\"https:\/\/lh3.googleusercontent.com\/pw\/AP1GczPz9CnfF0ensJbgjJ5AjssSRvGeeuoPaibXn5_P3VutDD9N98fMHymwbU7SlSxsHQ6qlFZ7OTC2K5V_WKyGsJdQuKKvLD6giihQsbfVXZt6aQdqAxxDhFYX2_h_IjkWB1AXaUptz-sG2_GbzLqI3uUA=w2000-h1332-s-no-gm?authuser=0\" width=\"2000\" height=\"1332\" alt=\"\u00d6\u011frenciler Wi-Fi&#039;ye ba\u011fl\u0131 not defterlerini kullanarak bilgi payla\u015f\u0131yor\" class=\"size-medium\" \/><\/a><figcaption class=\"wp-caption-text\">\u00d6\u011frenciler Wi-Fi&#039;ye ba\u011fl\u0131 not defterlerini kullanarak bilgi payla\u015f\u0131yor<\/figcaption><\/figure>\n<h2>Tasar\u0131m &quot;sorun \u00e7\u00f6zme&quot; ve &quot;\u015fefkat&quot;tir<\/h2>\n<p>Bu etkinli\u011fin konu\u015fmac\u0131lar\u0131, Ay\u00e7i\u00e7e\u011fi Festivali&#039;nin logosunu ve web sitesini de tasarlayan SoldOut Inc. (Bunkyo-ku, Tokyo) \u015firketinden ki\u015filer olacak.<\/p>\n<p>Moderat\u00f6rl\u00fc\u011f\u00fcn\u00fc Yamagami Naoto&#039;nun \u00fcstlendi\u011fi etkinlikte sanat y\u00f6netmeni Ozawa Naho, &quot;Tasar\u0131m nedir?&quot; sorusunun \u00f6z\u00fcn\u00fc ele alan bir konu\u015fmayla ba\u015flad\u0131.<\/p>\n\n        <div class=\"site-blogcard-premium\">\n            <div class=\"bc-label-custom\">\u0130lgili makaleler<\/div>\n            <div class=\"bc-flex-container\">\n                <div class=\"bc-main-text\">\n                    <div class=\"bc-title-link-box\">\n                        <a href=\"https:\/\/www.sold-out.co.jp\" target=\"_blank\">SoldOut Inc.<\/a>\n                    <\/div>\n                    <div class=\"bc-excerpt-box\">SOLDOUT, dijital pazarlama ve yaz\u0131l\u0131m geli\u015ftirme yoluyla Japonya genelinde, b\u00f6lgesel alanlar da dahil olmak \u00fczere, k\u00fc\u00e7\u00fck ve orta \u00f6l\u00e7ekli i\u015fletmelerin (KOB\u0130&#039;ler) ve giri\u015fim \u015firketlerinin b\u00fcy\u00fcmesini desteklemektedir...<\/div>\n                <\/div>\n                <div class=\"bc-thumbnail-box\">\n                    <a href=\"https:\/\/www.sold-out.co.jp\" target=\"_blank\">\n                        <div class=\"bc-img-zoom-wrap\">\n                            <img decoding=\"async\" src=\"https:\/\/www.sold-out.co.jp\/themes\/custom\/soldout_site\/img\/top\/mission_image00.png\" alt=\"SoldOut Inc.\">\n                        <\/div>\n                    <\/a>\n                <\/div>\n            <\/div>\n        <\/div>\n<figure class=\"wp-caption aligncenter\"><a href=\"https:\/\/photos.google.com\/share\/AF1QipMvBYom8t3y2cvf5rDdue5MwVRvR75SOYlRfT1HGtnAeoo7dKPblV6IthdcUa-cnw\/photo\/AF1QipOFQ_EZoIHcKGQg_decDc4MuftY40ZLes-n6-8?key=N0xjUzl5dkM2cHI3SWZEQ18tY0I5T0xLZXRKU0Z3\" target=\"_blank\"><img decoding=\"async\" src=\"https:\/\/lh3.googleusercontent.com\/pw\/AP1GczPGxdP0dnz41Y3EjAG1JYjRvIXIxkN1asGl1_5INvB4KHzNVNrFHMZFOw4gHCdeHJz1V8ORlHN41kukS_8j_Skfje0TCvK9EY_i3mCoHfV_6ZpXZes6TwtndRAfn3R0KLeYxbteqyD9nv9iqHMr0qIf=w2000-h1333-s-no-gm?authuser=0\" width=\"2000\" height=\"1333\" alt=\"Ozawa&#039;n\u0131n tasar\u0131m\u0131n\u0131n a\u00e7\u0131klamas\u0131\" class=\"size-medium\" \/><\/a><figcaption class=\"wp-caption-text\">Ozawa&#039;n\u0131n tasar\u0131m\u0131n\u0131n a\u00e7\u0131klamas\u0131<\/figcaption><\/figure>\n<h3>Tan\u0131d\u0131k tasar\u0131mlarla \u00e7evrili bir d\u00fcnya: Naho Ozawa<\/h3>\n<p>&quot;Tasar\u0131m&quot; kelimesini duydu\u011funuzda akl\u0131n\u0131za ne geliyor?<\/p>\n<p>Ozawa, hayatlar\u0131m\u0131z\u0131n en sevdi\u011fimiz mangalar, s\u0131k s\u0131k yedi\u011fimiz at\u0131\u015ft\u0131rmal\u0131klar ve oynad\u0131\u011f\u0131m\u0131z oyunlar gibi tasar\u0131mlarla nas\u0131l \u00e7evrili oldu\u011funu a\u00e7\u0131kl\u0131yor. Tasar\u0131m; moda tasar\u0131m\u0131, mek\u00e2nsal tasar\u0131m, \u00fcr\u00fcn tasar\u0131m\u0131 ve g\u00f6rsel tasar\u0131m (grafik tasar\u0131m) gibi farkl\u0131 t\u00fcrlere ayr\u0131labilir.<\/p>\n<p>Bunlar aras\u0131nda poster, logo, ambalaj vb. ile ilgilenen &quot;g\u00f6rsel tasar\u0131m&quot;\u0131n rol\u00fcn\u00fcn &quot;g\u00f6rme (g\u00f6rsel duyu) yoluyla an\u0131nda ileti\u015fim kurmak&quot; oldu\u011funu a\u00e7\u0131kl\u0131yor.<\/p>\n<figure class=\"wp-caption aligncenter\"><a href=\"https:\/\/photos.google.com\/share\/AF1QipMvBYom8t3y2cvf5rDdue5MwVRvR75SOYlRfT1HGtnAeoo7dKPblV6IthdcUa-cnw\/photo\/AF1QipPCy0OYbIqWDLl-8ytOWc3HnAzgRKfn0TsBN4E?key=N0xjUzl5dkM2cHI3SWZEQ18tY0I5T0xLZXRKU0Z3\" target=\"_blank\"><img decoding=\"async\" src=\"https:\/\/lh3.googleusercontent.com\/pw\/AP1GczM6CGxB2qWaF9ygLr-8YFd1k7mNQ5ihvoawiURYDal-BVgtVHf9Tp1MwAyin86vIEdfvwW1r8li7XY3mYoJ_7TWHtb0EIHVCqqTmLqc1rrsJd4G3nSfouA1mISZrhDQbehAsWELbr31sHZLzgU8b0Wi=w2000-h1333-s-no-gm?authuser=0\" width=\"2000\" height=\"1333\" alt=\"Tasar\u0131m T\u00fcr\u00fc\" class=\"size-medium\" \/><\/a><figcaption class=\"wp-caption-text\">Tasar\u0131m T\u00fcr\u00fc<\/figcaption><\/figure>\n<h4>Asans\u00f6r d\u00fc\u011fmelerinde gizli &quot;k\u00f6t\u00fc tasar\u0131m&quot;<\/h4>\n<p>Bu noktada Ozawa bir soru sordu: &quot;Tipik bir asans\u00f6r d\u00fc\u011fmesi.&quot;<\/p>\n<figure class=\"wp-caption aligncenter\"><a href=\"https:\/\/photos.google.com\/share\/AF1QipMvBYom8t3y2cvf5rDdue5MwVRvR75SOYlRfT1HGtnAeoo7dKPblV6IthdcUa-cnw\/photo\/AF1QipPRVdSoQi0SlbWhdKW1OGTHjbiyQk1cpbeWrGU?key=N0xjUzl5dkM2cHI3SWZEQ18tY0I5T0xLZXRKU0Z3\" target=\"_blank\"><img decoding=\"async\" src=\"https:\/\/lh3.googleusercontent.com\/pw\/AP1GczMYVZtGpzFlWQuU0zoPigi4PWRt5bkuTIMLsQrCQodlVYJ6Fs24vO3vjFdArCKfYRXqRZGPnHQMxV-YPNSaOwVC23cmyoulTzeTSP5ikExANbhQzehD__maflQWCEhsCI5S9letEgthJC-0j-PAKci8=w2000-h1333-s-no-gm?authuser=0\" width=\"2000\" height=\"1333\" alt=\"Sorun ne?\" class=\"size-medium\" \/><\/a><figcaption class=\"wp-caption-text\">Sorun ne?<\/figcaption><\/figure>\n<p>&quot;Bunda iyi olmayan ne var?&quot;<\/p>\n<p>Aday g\u00f6sterilen \u00f6\u011frenciler, &quot;&#039;A\u00e7\u0131k&#039; ve &#039;kapal\u0131&#039; kanji karakterleri g\u00f6rme engelli ki\u015filere bulan\u0131k g\u00f6r\u00fcn\u00fcyor, bu y\u00fczden hangisinin hangisi oldu\u011funu anlayam\u0131yorlar,&quot; &quot;\u015eekilleri neredeyse ayn\u0131,&quot; ve &quot;Kanji yerine ok haline getirilselerdi anla\u015f\u0131lmas\u0131 daha kolay olurdu,&quot; gibi do\u011fru yan\u0131tlar\u0131 pe\u015f pe\u015fe verdiler.<\/p>\n<p>Ozawa derin bir \u015fekilde ba\u015f\u0131n\u0131 sallad\u0131 ve tasar\u0131mdaki sorunun tam olarak bu oldu\u011funu a\u00e7\u0131klad\u0131. &quot;Asans\u00f6rde d\u00fc\u011fmeye an\u0131nda basman\u0131z gerekiyor, ancak kanji karakterleri birbirine benziyor ve anla\u015f\u0131lmas\u0131 zor. \u00dcstelik baz\u0131 insanlar kanji okuyam\u0131yor bile.&quot;<\/p>\n<figure class=\"wp-caption aligncenter\"><a href=\"https:\/\/photos.google.com\/share\/AF1QipMvBYom8t3y2cvf5rDdue5MwVRvR75SOYlRfT1HGtnAeoo7dKPblV6IthdcUa-cnw\/photo\/AF1QipNrfW9eFp2ivVXhV480KE9I5boLYBselS8TuAc?key=N0xjUzl5dkM2cHI3SWZEQ18tY0I5T0xLZXRKU0Z3\" target=\"_blank\"><img decoding=\"async\" src=\"https:\/\/lh3.googleusercontent.com\/pw\/AP1GczOAAv-9gkRHrbLS4hVtih2D1g7-h7kz4nk31ick8QMMidCwg9Febs-gMTOQuRTXq_pEZYl9rmhk99sdPmdI51ZKipUVqxwTOOrGGKzukI13uXbJs1WTvdKN_BUDO16lr-xCKAH9Gjj9T-owdJVdODlM=w2000-h1333-s-no-gm?authuser=0\" width=\"2000\" height=\"1333\" alt=\"Kolay anla\u015f\u0131l\u0131r tasar\u0131m nedir?\" class=\"size-medium\" \/><\/a><figcaption class=\"wp-caption-text\">Kolay anla\u015f\u0131l\u0131r tasar\u0131m nedir?<\/figcaption><\/figure>\n<h4>&quot;\u015eefkat&quot;e \u015fekil veren tasar\u0131m \u00e7al\u0131\u015fmas\u0131<\/h4>\n<p>&quot;Tasar\u0131m i\u015fi bir problemin tan\u0131mlanmas\u0131yla ba\u015flar.<\/p>\n<p>Tasar\u0131mc\u0131lar, &quot;Kanji karakterlerinin anla\u015f\u0131lmas\u0131n\u0131n zor olmas\u0131&quot; sorununu \u00e7\u00f6zmeye \u00e7al\u0131\u015f\u0131rlar. &quot;Bunu bir \u00fc\u00e7genin y\u00f6n\u00fcyle ifade etsek ne olur?&quot;, &quot;Hiragana eklesek anla\u015f\u0131lmas\u0131 daha kolay olur mu?&quot;, &quot;Ya\u015fl\u0131 insan say\u0131s\u0131 \u00e7oksa harfleri b\u00fcy\u00fctelim.&quot;, &quot;B\u00f6lgede yabanc\u0131 insan say\u0131s\u0131 \u00e7oksa \u0130ngilizce ekleyelim.&quot;, &quot;Acelesi olan insan say\u0131s\u0131 \u00e7oksa ay\u0131rt etmeyi kolayla\u015ft\u0131rmak i\u00e7in rengi de\u011fi\u015ftirelim.&quot; diye d\u00fc\u015f\u00fcn\u00fcrler.<\/p>\n<p>Ayr\u0131ca, bazen ayn\u0131 dili konu\u015fmayan insanlarla ileti\u015fim kurmak i\u00e7in \u00e7izimler ve basit semboller kullan\u0131r\u0131z. Bu, anlam\u0131n sezgisel ve daha keyifli bir \u015fekilde aktar\u0131lmas\u0131n\u0131 sa\u011flar. Herkesin daha h\u0131zl\u0131 ve daha iyi aktarabilece\u011fi \u015feyleri hayal etmeye \u00e7al\u0131\u015f\u0131r\u0131z.<\/p>\n<p>&quot;\u0130leti\u015fim kurmak istedi\u011fim ki\u015filere do\u011frudan iletmek istediklerimi hangi \u015fekil, hangi harfler, hangi renklerle iletmeliyim? \u0130\u015fte bir grafik tasar\u0131mc\u0131n\u0131n i\u015fi bunu d\u00fc\u015f\u00fcnmektir,&quot; diye a\u00e7\u0131kl\u0131yor Ozawa.<\/p>\n<p>Bu, tam olarak di\u011fer ki\u015fiyle empati kurarak, kendinizi onun yerine koyarak ve onun durumunu derinlemesine hayal ederek &quot;\u015fefkati&quot; uygulamaya koyma eylemidir.<\/p>\n<h2>Hokuryu Kasabas\u0131&#039;n\u0131n &quot;Ay\u00e7i\u00e7e\u011fi&quot; logosunun nas\u0131l do\u011fdu\u011funun hikayesi<\/h2>\n<p>Ozawa ayr\u0131ca mevcut Ay\u00e7i\u00e7e\u011fi Festivali logosunun yarat\u0131l\u0131\u015f\u0131n\u0131n arka plan\u0131n\u0131 da anlatt\u0131.<\/p>\n<figure class=\"wp-caption aligncenter\"><a href=\"https:\/\/photos.google.com\/share\/AF1QipMvBYom8t3y2cvf5rDdue5MwVRvR75SOYlRfT1HGtnAeoo7dKPblV6IthdcUa-cnw\/photo\/AF1QipPo-I3Gv4hxJMmopiMdewUYXWtRp7UvZjbRxPc?key=N0xjUzl5dkM2cHI3SWZEQ18tY0I5T0xLZXRKU0Z3\" target=\"_blank\"><img decoding=\"async\" src=\"https:\/\/lh3.googleusercontent.com\/pw\/AP1GczMn5071mFR2dEVAqWhi9fGqAFfiAh4cOfp8tMDIkLQtf904eadgfXYeEp_7J6_7Nooj6lGRoO3OpVUeZML5ZgVjN22LqITl8vNXO75Xrkty0dRQpPizVtPGDi7qjU99K3n1gLaH6CON4wEPIOOROoIj=w2000-h1333-s-no-gm?authuser=0\" width=\"2000\" height=\"1333\" alt=\"Logonun olu\u015fturulma s\u00fcreci\" class=\"size-medium\" \/><\/a><figcaption class=\"wp-caption-text\">Logonun olu\u015fturulma s\u00fcreci<\/figcaption><\/figure>\n<h3>Hokuryu Kasabas\u0131&#039;n\u0131n e\u015fsiz \u00f6zelliklerini ke\u015ffedin<\/h3>\n<p>Bir logo tasarlarken tasar\u0131mc\u0131, i\u015fe \u00f6nce o yeri iyi tan\u0131yarak ba\u015flar. Kasaba halk\u0131n\u0131n &quot;2 milyon ay\u00e7i\u00e7e\u011fi&quot;, &quot;kasaban\u0131n rengi sar\u0131d\u0131r&quot; ve &quot;ziyaret etti\u011finizde bile enerji veren bir yer&quot; gibi \u00e7e\u015fitli hikayelerini dinleyerek bir imaj olu\u015fturur.<\/p>\n<p>\u0130lk ba\u015fta, bir ay\u00e7i\u00e7e\u011fi tarlas\u0131n\u0131n manzaras\u0131n\u0131, ay\u00e7i\u00e7eklerinin sevimlili\u011fini ve g\u00fcne\u015fin enerjisini birle\u015ftiren bir fikir bulduk. Ancak akl\u0131m\u0131zda \u015fu soru kald\u0131: &quot;Bu, di\u011fer ay\u00e7i\u00e7e\u011fi tarlalar\u0131 i\u00e7in de kullan\u0131labilecek bir logo olmaz m\u0131yd\u0131?&quot;<\/p>\n<h3>Toprak i\u015fleme tutkusunu b\u00fcnyesinde bar\u0131nd\u0131ran bir tasar\u0131m<\/h3>\n<p>B\u00f6ylece Hokuryu Kasabas\u0131&#039;n\u0131n e\u015fsiz \u00f6zelliklerini ke\u015ffetmek i\u00e7in daha da ileri gittik. &quot;Ay\u00e7i\u00e7e\u011fi tarlalar\u0131n\u0131n tepeler oldu\u011funu&quot; ve &quot;ay\u00e7i\u00e7eklerinin her y\u0131l \u00e7i\u00e7ek a\u00e7maya devam etmesini sa\u011flamak i\u00e7in toprak haz\u0131rl\u0131\u011f\u0131n\u0131n son derece \u00f6nemli oldu\u011funu&quot; \u00f6\u011frendik.<\/p>\n<p>Hokuryu Kasabas\u0131&#039;na \u00f6zg\u00fc bu unsurlar\u0131n \u00e7\u0131kar\u0131lmas\u0131yla, logo yaln\u0131zca bir \u00e7i\u00e7e\u011fin \u015feklini de\u011fil, ayn\u0131 zamanda Ay\u00e7i\u00e7e\u011fi K\u00f6y\u00fc&#039;n\u00fcn tepelerinin sil\u00fcetini, orada batan g\u00fcne\u015fi ve toprak i\u015fleme tutkusunu da i\u00e7erecek \u015fekilde yarat\u0131ld\u0131.<\/p>\n<figure class=\"wp-caption aligncenter\"><a href=\"https:\/\/photos.google.com\/share\/AF1QipMvBYom8t3y2cvf5rDdue5MwVRvR75SOYlRfT1HGtnAeoo7dKPblV6IthdcUa-cnw\/photo\/AF1QipNhLAsiq-LYdF3FVlKq20JoHmCQIs2_udUz7Do?key=N0xjUzl5dkM2cHI3SWZEQ18tY0I5T0xLZXRKU0Z3\" target=\"_blank\"><img decoding=\"async\" src=\"https:\/\/lh3.googleusercontent.com\/pw\/AP1GczP79MAUYyyXyFwaD7h5cnuN4027tlawQUiU7ivkI5wp4rxlbQiOg37Dlo4zxmsfRfzRevK_5SKIJMo4X3sLjdBTdCCoYgMtX_JSaPER_BjdgbJLcWO1gt6PvZphK3EZSJXxlXZ2dFONtVJk1NYk0Oq8=w2000-h1333-s-no-gm?authuser=0\" width=\"2000\" height=\"1333\" alt=\"Ay\u00e7i\u00e7eklerinin g\u00f6r\u00fcnt\u00fcs\u00fc\" class=\"size-medium\" \/><\/a><figcaption class=\"wp-caption-text\">Ay\u00e7i\u00e7eklerinin g\u00f6r\u00fcnt\u00fcs\u00fc<\/figcaption><\/figure>\n<p>Ozawa g\u00fcl\u00fcmseyerek, &quot;Bir tasar\u0131mc\u0131 olarak bu i\u015faretin yarat\u0131lm\u0131\u015f olmas\u0131ndan, Hokuryu halk\u0131n\u0131n bunu kabul etmesinden ve \u00f6zenle kullanmas\u0131ndan \u00e7ok mutluyum&quot; dedi.<\/p>\n<figure class=\"wp-caption aligncenter\"><a href=\"https:\/\/photos.google.com\/share\/AF1QipMvBYom8t3y2cvf5rDdue5MwVRvR75SOYlRfT1HGtnAeoo7dKPblV6IthdcUa-cnw\/photo\/AF1QipOImNSpguM2hXhQM16_4ID-QcT-F_H0zmhqK2E?key=N0xjUzl5dkM2cHI3SWZEQ18tY0I5T0xLZXRKU0Z3\" target=\"_blank\"><img decoding=\"async\" src=\"https:\/\/lh3.googleusercontent.com\/pw\/AP1GczP54dUU604KwgJrK1jKgq3-Q6VI4qhHrsyHqyheex3ZvT-Ho4nBYFyn0N0VWkID_a33RY53Qj538ko5hgdxr25EvyrgArOFpn2Y2TfwqQ6-v5YQr9SoRUj2hpCbeMhrU0zH9Zbk2488WYcyHJNLHDi-=w2000-h1333-s-no-gm?authuser=0\" width=\"2000\" height=\"1333\" alt=\"Hokuryu Kasabas\u0131nda kullan\u0131lan tasar\u0131m i\u015fareti\" class=\"size-medium\" \/><\/a><figcaption class=\"wp-caption-text\">Hokuryu Kasabas\u0131nda kullan\u0131lan tasar\u0131m i\u015fareti<\/figcaption><\/figure>\n<h2>Yeni logo &quot;bireysellik&quot; ve &quot;ba\u011flant\u0131&quot;y\u0131 bir araya getiriyor<\/h2>\n<p>&quot;\u015eimdi sadece Ay\u00e7i\u00e7e\u011fi Festivali&#039;ni de\u011fil, t\u00fcm kasabay\u0131 temsil edecek yeni bir markaya ihtiyac\u0131m\u0131z var.<\/p>\n<p>Bu, bu at\u00f6lyenin konusu haline gelen yeni logo tasar\u0131m\u0131. Ay\u00e7i\u00e7e\u011fi Festivali logosunun ruhunu miras alan ay\u00e7i\u00e7e\u011fi yapraklar\u0131 motifi, farkl\u0131 \u015fekil ve boyutlarda kareler halinde bilin\u00e7li olarak ifade edilmi\u015f ve Hokuryu Kasabas\u0131&#039;ndaki y\u0131l\u0131n 12 ay\u0131n\u0131 temsil ediyor. Ozawa, &quot;G\u00f6r\u00fcnt\u00fc, sonsuza dek devam eden yapraklar\u0131n etraf\u0131nda d\u00f6nmesinden olu\u015fuyor,&quot; diyor.<\/p>\n<p>Bu, her kasabal\u0131n\u0131n &quot;bireyselli\u011finin&quot; zenginli\u011fini ve bunlar\u0131n nas\u0131l \u00f6rt\u00fc\u015f\u00fcp tek bir &quot;uyum&quot; olu\u015fturmak \u00fczere birbirine ba\u011fland\u0131\u011f\u0131n\u0131 temsil eder.<\/p>\n<p>&quot;Bundan sonra neyi \u00e7i\u00e7eklendirmeliyim?&quot;<\/p>\n<p>Bu slogan gelece\u011fe y\u00f6nelik bir soruyu da i\u00e7inde bar\u0131nd\u0131r\u0131yor: Sadece gelene\u011fi korumakla kalmamal\u0131, ayn\u0131 zamanda gelecekte ortaya \u00e7\u0131kacak yeni zorluklar\u0131 beslemek ve b\u00fcy\u00fctmek i\u00e7in de birlikte \u00e7al\u0131\u015fmal\u0131y\u0131z.<\/p>\n<figure class=\"wp-caption aligncenter\"><a href=\"https:\/\/photos.google.com\/share\/AF1QipMvBYom8t3y2cvf5rDdue5MwVRvR75SOYlRfT1HGtnAeoo7dKPblV6IthdcUa-cnw\/photo\/AF1QipMxR2gdAqZcCF9IYYtyRMoqiJ0rYXdKLeStDrI?key=N0xjUzl5dkM2cHI3SWZEQ18tY0I5T0xLZXRKU0Z3\" target=\"_blank\"><img decoding=\"async\" src=\"https:\/\/lh3.googleusercontent.com\/pw\/AP1GczPFscyY3Gij-0KYld1bIBJRmOL7NACJtYdcwEvrqqoqRwT2wKKUbmB9cGVr2CHeq1_jQesBpxroy841XLdiS48AgxnSAnd6F9eO-F_rR-uyrGYfxy5rqj_4fdPOTxhXBfppQB4nJKLzBN-UZA5urQPp=w2000-h1333-s-no-gm?authuser=0\" width=\"2000\" height=\"1333\" alt=\"Hokuryu Kasabas\u0131&#039;n\u0131n 12 ay\u0131n\u0131 \u00e7a\u011fr\u0131\u015ft\u0131ran renkli tasar\u0131m\" class=\"size-medium\" \/><\/a><figcaption class=\"wp-caption-text\">Hokuryu Kasabas\u0131&#039;n\u0131n 12 ay\u0131n\u0131 \u00e7a\u011fr\u0131\u015ft\u0131ran renkli tasar\u0131m<\/figcaption><\/figure>\n<h2>\u00c7ocuklar\u0131n se\u00e7ti\u011fi Hokuryu Kasabas\u0131&#039;n\u0131n &quot;renkleri&quot;<\/h2>\n<p>Bu at\u00f6lyede \u00e7ocuklara Hokuryu Kasabas\u0131&#039;ndaki her ay\u0131 temsil eden bir renkle logoyu boyama \u00f6devi verildi.<\/p>\n<p>Sunucu Naoto Yamagami, &quot;Aral\u0131k ay\u0131 olmas\u0131na ra\u011fmen her insan\u0131n farkl\u0131 bir renge sahip olmas\u0131 ilgimi \u00e7ekiyor&quot; dedi.<\/p>\n<p>\u00c7ocuklar, yanlar\u0131nda oturan arkada\u015flar\u0131n\u0131n yapt\u0131klar\u0131 \u00e7al\u0131\u015fmalarla kar\u015f\u0131la\u015ft\u0131rarak, neden o renkleri se\u00e7tiklerini tart\u0131\u015f\u0131rlar.<\/p>\n<figure class=\"wp-caption aligncenter\"><a href=\"https:\/\/photos.google.com\/share\/AF1QipMvBYom8t3y2cvf5rDdue5MwVRvR75SOYlRfT1HGtnAeoo7dKPblV6IthdcUa-cnw\/photo\/AF1QipOJrmXDi2gFx3ZusLAv6RX-rA8PbFVXVz_FvP4?key=N0xjUzl5dkM2cHI3SWZEQ18tY0I5T0xLZXRKU0Z3\" target=\"_blank\"><img decoding=\"async\" src=\"https:\/\/lh3.googleusercontent.com\/pw\/AP1GczNsVw1GbMbp8-LTExRQSndT7rFgKBu7Q224UFAsPPgQL9IZmJiUIG5D4KkZoIfDS8UURkriyiS0iNUarIHadatztYsMqQePyVrhPJRsOjGFWQqMh4GyqIRhqSVZD8RwQys4VqxfGwWBLXfS7lCdqF60=w2000-h1125-s-no-gm?authuser=0\" width=\"2000\" height=\"1125\" alt=\"\u00d6\u011frenciler aras\u0131nda tart\u0131\u015fma\" class=\"size-medium\" \/><\/a><figcaption class=\"wp-caption-text\">\u00d6\u011frenciler aras\u0131nda tart\u0131\u015fma<\/figcaption><\/figure>\n<h3>Y\u0131l\u0131n 12 Ay\u0131: Katsuya Aonuma<\/h3>\n<p>Aonuma Katsuya, \u00f6\u011frencilerle ileti\u015fimi devrald\u0131. Aonuma, &quot;Bug\u00fcn \u00f6\u011frencilerle ger\u00e7ekle\u015ftirdi\u011fimiz bu at\u00f6lye \u00e7al\u0131\u015fmas\u0131, gelecekte logo olu\u015fturmalar\u0131nda onlara b\u00fcy\u00fck katk\u0131 sa\u011flayacak \u00f6nemli bir s\u00fcre\u00e7,&quot; dedi.<\/p>\n<p>Daha sonra birka\u00e7 \u00f6\u011frenci se\u00e7tikleri renklerin nedenlerini anlatt\u0131lar.<\/p>\n<p>Her ne kadar a\u011fustos ay\u0131nda olsak da ve bir\u00e7ok \u00f6\u011frenci ay\u00e7i\u00e7e\u011finin sar\u0131 rengini s\u0131cak mevsimle ili\u015fkilendirse de, baz\u0131 \u00f6\u011frenciler g\u00f6ky\u00fcz\u00fcn\u00fcn &quot;k\u0131rm\u0131z\u0131&quot; rengini, baz\u0131lar\u0131 da &quot;mavi&quot; rengini se\u00e7iyor.<\/p>\n<p>Bir \u00f6\u011frenci Eyl\u00fcl ve Ekim aylar\u0131n\u0131n &quot;gri&quot; olaca\u011f\u0131n\u0131 a\u00e7\u0131klad\u0131\u011f\u0131nda, Aonuma bunun nedenini sordu. \u00d6\u011frencilerin fikirlerinden etkilenerek, &quot;Yeti\u015fkinler genellikle kat\u0131 bir renk \u015femas\u0131 hayal ederler, ancak hepinizin bir\u00e7ok farkl\u0131 fikri var ve bunlar\u0131 duymak ger\u00e7ekten ilgin\u00e7,&quot; dedi.<\/p>\n<figure class=\"wp-caption aligncenter\"><a href=\"https:\/\/photos.google.com\/share\/AF1QipMvBYom8t3y2cvf5rDdue5MwVRvR75SOYlRfT1HGtnAeoo7dKPblV6IthdcUa-cnw\/photo\/AF1QipO5tygq1vjVO6MONQdFnEhVxHtH7CkezXPsEoA?key=N0xjUzl5dkM2cHI3SWZEQ18tY0I5T0xLZXRKU0Z3\" target=\"_blank\"><img decoding=\"async\" src=\"https:\/\/lh3.googleusercontent.com\/pw\/AP1GczMPmyX-vI1IXkxaxb1Y5Lagfj7VGXkqdyYE8q_66dRdew-qbCieU8LsJN-V1Ko0k8GfiWGCxUp6N-qac58hbpvIaToqN-aQEPKsw1cHX3MJcQwfPZ8_2cLJqDSeeDv2tleJkdSfhQA_wWxW8a8PcO3w=w2000-h1333-s-no-gm?authuser=0\" width=\"2000\" height=\"1333\" alt=\"Aonuma&#039;dan soru\" class=\"size-medium\" \/><\/a><figcaption class=\"wp-caption-text\">Aonuma&#039;dan soru<\/figcaption><\/figure>\n<h4>A\u00e7\u0131k mavi buzu, bej ise topra\u011f\u0131 temsil ediyor<\/h4>\n<ul>\n<li>Haziran ay\u0131n\u0131n rengini a\u00e7\u0131k mavi olarak se\u00e7en \u00f6\u011frencilerden biri, &quot;A\u00e7\u0131k maviyi se\u00e7tim \u00e7\u00fcnk\u00fc karlar eriyor ve g\u00f6ky\u00fcz\u00fc maviye d\u00f6n\u00fcyor.&quot; dedi.<br \/>\n\u3000<\/li>\n<li>Haziran ay\u0131 i\u00e7in mor rengini se\u00e7en \u00f6\u011frencilerden biri, &quot;Ya\u011fmur mevsimi, ortancalar \u00e7i\u00e7ek a\u00e7maya ba\u015flad\u0131\u011f\u0131nda, ben de ortanca rengini se\u00e7tim.&quot; dedi.<br \/>\n\u3000<\/li>\n<li>Ekim ay\u0131 i\u00e7in sar\u0131-ye\u015fili se\u00e7en \u00f6\u011frenci, &quot;Ekim ay\u0131 pirin\u00e7 bitkilerinin renk ald\u0131\u011f\u0131 ay oldu\u011fu i\u00e7in sar\u0131-ye\u015fili se\u00e7tim.&quot; dedi.<br \/>\n\u3000<\/li>\n<li>\u00d6te yandan bir \u00f6\u011frenci ise, &quot;Ekim ay\u0131nda otlar ve di\u011fer bitkiler solmaya ve kahverengiye d\u00f6nmeye ba\u015fl\u0131yor, bu y\u00fczden kahverengiyi se\u00e7tim.&quot; dedi.<br \/>\n\u3000<\/li>\n<li>Aral\u0131k ay\u0131 i\u00e7in a\u00e7\u0131k maviyi se\u00e7en \u00f6\u011frenci, &quot;Kar ya\u011fmaya ba\u015flad\u0131\u011f\u0131nda bazen donar. Ben o buzu temsil etmesi i\u00e7in a\u00e7\u0131k maviyi se\u00e7tim.&quot; dedi.<br \/>\n\u3000<\/li>\n<li>Mart ay\u0131 i\u00e7in bej rengini se\u00e7en \u00f6\u011frenci, &quot;Karlar erimeye ba\u015flay\u0131nca toprak ve di\u011fer \u015feylerin \u00e7\u0131kaca\u011f\u0131n\u0131 d\u00fc\u015f\u00fcnm\u00fc\u015ft\u00fcm.&quot; diyerek s\u0131ra d\u0131\u015f\u0131 bir sunum yapt\u0131.<br \/>\nHokuryu Kasabas\u0131&#039;n\u0131n sert k\u0131\u015f\u0131nda buzun \u015feffafl\u0131\u011f\u0131. Kar eridik\u00e7e topra\u011f\u0131n ortaya \u00e7\u0131kan s\u0131cakl\u0131\u011f\u0131.<br \/>\n\u3000<\/li>\n<\/ul>\n<p>Bunlar, yaln\u0131zca Hokuryu&#039;da ya\u015fayan ve kasabay\u0131 bizzat deneyimleyenlerin se\u00e7ebilece\u011fi y\u00fcksek \u00e7\u00f6z\u00fcn\u00fcrl\u00fckl\u00fc &quot;renkler&quot;. \u00c7ocuklar\u0131n saf duyarl\u0131l\u0131klar\u0131, memleketlerinin manzaralar\u0131n\u0131 canl\u0131 bir \u015fekilde yans\u0131t\u0131yor.<\/p>\n<figure class=\"wp-caption aligncenter\"><a href=\"https:\/\/photos.google.com\/share\/AF1QipMvBYom8t3y2cvf5rDdue5MwVRvR75SOYlRfT1HGtnAeoo7dKPblV6IthdcUa-cnw\/photo\/AF1QipPTDfS0LcPcp7C3lb5gYArTkAY3X6XR1xPHH0U?key=N0xjUzl5dkM2cHI3SWZEQ18tY0I5T0xLZXRKU0Z3\" target=\"_blank\"><img decoding=\"async\" src=\"https:\/\/lh3.googleusercontent.com\/pw\/AP1GczOBX7FqgvAaKpmrBHkDdkO8vOPW-YqZTJ3tvK2FOMMtEOR_ES8e3bbadyVdQgveVrEvCnLudwJWfBWO9QzX1mEDl2i7G3SB02KVKICpVe6iL9E_8zfeXtv0fd-AHu2Fw6Ea5tFzes03_vNWfwJYmXVr=w2000-h1333-s-no-gm?authuser=0\" width=\"2000\" height=\"1333\" alt=\"Resimdeki rengi \u00e7izin...\" class=\"size-medium\" \/><\/a><figcaption class=\"wp-caption-text\">Resimdeki rengi \u00e7izin...<\/figcaption><\/figure>\n<figure class=\"wp-caption aligncenter\"><a href=\"\/tr\/AF1QipMvBYom8t3y2cvf5rDdue5MwVRvR75SOYlRfT1HGtnAeoo7dKPblV6IthdcUa\/\" target=\"_blank\"><img decoding=\"async\" src=\"https:\/\/lh3.googleusercontent.com\/pw\/AP1GczNY1Q4kII3909T5SvEP-noFJ9tuB7DmQucrcBDWYRIe9ni2hFJK_QhQTGUvGp2M_pJVNsLNHO8TXWoXbr3JO9NR-vaG7sH0WvlNZnM0z7hGpos2BbVX2XwEpqN6aLJWLfuKS_CzO7f2eFlHE-bN5vLQ=w2000-h1333-s-no-gm?authuser=0\" width=\"2000\" height=\"1333\" alt=\"\u00d6\u011frenciler kendi imajlar\u0131n\u0131 aktar\u0131yorlar\" class=\"size-medium\" \/><\/a><figcaption class=\"wp-caption-text\">\u00d6\u011frenciler kendi imajlar\u0131n\u0131 aktar\u0131yorlar<\/figcaption><\/figure>\n<figure class=\"wp-caption aligncenter\"><a href=\"https:\/\/photos.google.com\/share\/AF1QipMvBYom8t3y2cvf5rDdue5MwVRvR75SOYlRfT1HGtnAeoo7dKPblV6IthdcUa-cnw\/photo\/AF1QipNqNqhp0CpetKEukmnX1Fa5oAQ1DfppdhNkZGo?key=N0xjUzl5dkM2cHI3SWZEQ18tY0I5T0xLZXRKU0Z3\" target=\"_blank\"><img decoding=\"async\" src=\"https:\/\/lh3.googleusercontent.com\/pw\/AP1GczP6yRyzwev6G3iAd-TUqtmEkzb_EkErr2X9G7BwAudJYSIsJIR4XS4Vm8EMby9MhX3nL-juO6B-UvAwvRQgWHrGqXDmmWkhG9pen_LWt2HhFUyeIe85pJNMOikynrttVIpCFO9vrBhm5elzvIqL6YUO=w2000-h1125-s-no-gm?authuser=0\" width=\"2000\" height=\"1125\" alt=\"Tek y\u00fcrek ve Hokuryu Kasabas\u0131&#039;n\u0131n gelece\u011fi i\u00e7in d\u00fc\u015f\u00fcncelerle...\" class=\"size-medium\" \/><\/a><figcaption class=\"wp-caption-text\">Tek y\u00fcrek ve Hokuryu Kasabas\u0131&#039;n\u0131n gelece\u011fi i\u00e7in d\u00fc\u015f\u00fcncelerle...<\/figcaption><\/figure>\n<h2>Gelece\u011fe y\u00f6nelik bir logo yaratmak i\u00e7in t\u00fcm kasaban\u0131n &quot;duygular\u0131n\u0131&quot; bir araya getirmek<\/h2>\n<h3>Sizlerle birlikte yeni bir logo rengi yarataca\u011f\u0131z: Naoto Yamagami<\/h3>\n<p>Yamagami Naoto, &quot;Son olarak, Hokuryu Kasabas\u0131 ile ba\u011flant\u0131l\u0131 herkesin, babalar\u0131n\u0131z\u0131n, annelerinizin, b\u00fcy\u00fckanne ve b\u00fcy\u00fckbabalar\u0131n\u0131z\u0131n ve di\u011ferlerinin renklerini birle\u015ftirerek yeni logo rengini olu\u015fturaca\u011f\u0131z. Aral\u0131k ay\u0131 civar\u0131nda duyurmay\u0131 planl\u0131yoruz, bu y\u00fczden l\u00fctfen sab\u0131rs\u0131zl\u0131kla bekleyin.&quot; diyerek s\u00f6zlerini tamamlad\u0131.<\/p>\n<h3>\u00c7ocuklara te\u015fekk\u00fcrler: Politika Genel M\u00fcd\u00fcr\u00fc Katsuyoshi Takahashi<\/h3>\n<p>Politikalar Genel M\u00fcd\u00fcr\u00fc Takahashi de \u00e7ocuklara te\u015fekk\u00fcrlerini iletti.<\/p>\n<figure class=\"wp-caption aligncenter\"><a href=\"https:\/\/photos.google.com\/share\/AF1QipMvBYom8t3y2cvf5rDdue5MwVRvR75SOYlRfT1HGtnAeoo7dKPblV6IthdcUa-cnw\/photo\/AF1QipOIQXKL8tTX-D4V042wdaYpeU_L6SzIC-rtKfk?key=N0xjUzl5dkM2cHI3SWZEQ18tY0I5T0xLZXRKU0Z3\" target=\"_blank\"><img decoding=\"async\" src=\"https:\/\/lh3.googleusercontent.com\/pw\/AP1GczMBb08SN6NX0TjPsyIMQViHvXS75kpjoae1Y3Zfo6M9fXTQoi4YOjq_ppWBlTgBemVyg1_SawoVoxXgLcSa1lYkh5oabdnrnBD6QDxT0xHAXi_KTbJb0izel4gf0iV30WlkENIEDRlDWFMnNNuEK16q=w2000-h1333-s-no-gm?authuser=0\" width=\"2000\" height=\"1333\" alt=\"Politika Y\u00f6netimi Genel M\u00fcd\u00fcr\u00fc Takahashi&#039;den te\u015fekk\u00fcr mesaj\u0131\" class=\"size-medium\" \/><\/a><figcaption class=\"wp-caption-text\">Politika Y\u00f6netimi Genel M\u00fcd\u00fcr\u00fc Takahashi&#039;den te\u015fekk\u00fcr mesaj\u0131<\/figcaption><\/figure>\n<p>&quot;Her bir ki\u015finin d\u00fc\u015f\u00fcncelerinin renklere nas\u0131l s\u0131\u011fd\u0131r\u0131ld\u0131\u011f\u0131n\u0131 g\u00f6rmek ger\u00e7ekten ilgin\u00e7ti. San\u0131r\u0131m bu, tasar\u0131m\u0131n ne kadar derin oldu\u011funu ve kendi d\u00fc\u015f\u00fcncelerinize \u015fekil vermenin ne kadar b\u00fcy\u00fcleyici oldu\u011funu anlamam\u0131 sa\u011flad\u0131.<\/p>\n<p>Bu proje sadece resim \u00e7izmekle ilgili de\u011fil, herkesin Hokuryu Kasabas\u0131&#039;n\u0131n cazibesini ke\u015ffetmesi ve bu cazibeyi gelece\u011fe d\u00f6n\u00fc\u015ft\u00fcrmesiyle ilgili. Bir ay\u00e7i\u00e7e\u011finin yapraklar\u0131 gibi, her bireyin bireyselli\u011fi ve d\u00fc\u015f\u00fcnceleri bir araya gelerek Hokuryu Kasabas\u0131&#039;n\u0131n o b\u00fcy\u00fck \u00e7i\u00e7e\u011fini olu\u015fturacak. \u00c7al\u0131\u015fman\u0131z\u0131n bu yolda bir ad\u0131m olaca\u011f\u0131na inan\u0131yorum.<\/p>\n<p>Umar\u0131m bug\u00fcnk\u00fc deneyim, g\u00fcnl\u00fck duygu ve d\u00fc\u015f\u00fcncelerinizi kelimelerle veya tasar\u0131mla ifade etmeye \u00e7al\u0131\u015fman\u0131z i\u00e7in size ilham verir. Kasaba \u015fu anda yeni zorluklarla ba\u015fa \u00e7\u0131kman\u0131z ve deneyimlemeniz i\u00e7in f\u0131rsatlar yarat\u0131yor.<\/p>\n<p>Politika \u00c7al\u0131\u015fmalar\u0131 Genel M\u00fcd\u00fcr\u00fc Takahashi, bir te\u015fekk\u00fcr mesaj\u0131nda, &quot;Bu deneyimin size kasaban\u0131zla gurur duyman\u0131z i\u00e7in biraz olsun g\u00fc\u00e7 vermesi beni mutlu eder. Bug\u00fcn herkese \u00e7ok te\u015fekk\u00fcr ederim,&quot; dedi.<\/p>\n<p>Her bireyin bireyselli\u011fi ve \u00f6zeni. \u00c7ocuklardan toplanan \u00e7e\u015fitli renkler, t\u00fcm kasabadan gelen duygularla birle\u015fecek ve sonunda Hokuryu Kasabas\u0131&#039;n\u0131n gelece\u011fini simgeleyen &quot;uyum ruhu&quot;nun e\u015fsiz logosuna d\u00f6n\u00fc\u015fecek.<\/p>\n<figure class=\"wp-caption aligncenter\"><a href=\"https:\/\/photos.google.com\/share\/AF1QipMvBYom8t3y2cvf5rDdue5MwVRvR75SOYlRfT1HGtnAeoo7dKPblV6IthdcUa-cnw\/photo\/AF1QipMBwRkIh8OYtbz4_gwaWVLbLOPtFbnwHRk4dyE?key=N0xjUzl5dkM2cHI3SWZEQ18tY0I5T0xLZXRKU0Z3\" target=\"_blank\"><img decoding=\"async\" src=\"https:\/\/lh3.googleusercontent.com\/pw\/AP1GczNdI7NXpdCOinCYNqsDWvSUqcQMY4p0Idzn0l0eO67OCFMLCkqHTlyMOS8uM9TIyFmAbacyZ0zWLwUW99ETSyvfpPuKbipvR0f06cALjxMH2ilwvUkPwNMhnqa9Fyqf-XhYJukC8zvTl5KapfFOdmDx=w2000-h1333-s-no-gm?authuser=0\" width=\"2000\" height=\"1333\" alt=\"Haydi hep birlikte Hokuryu Kasabas\u0131&#039;n\u0131n dev ay\u00e7i\u00e7eklerini \u00e7izelim ve onlar\u0131n \u00e7i\u00e7ek a\u00e7mas\u0131n\u0131 umal\u0131m!\" class=\"size-medium\" \/><\/a><figcaption class=\"wp-caption-text\">Haydi hep birlikte Hokuryu Kasabas\u0131&#039;n\u0131n dev ay\u00e7i\u00e7eklerini \u00e7izelim ve onlar\u0131n \u00e7i\u00e7ek a\u00e7mas\u0131n\u0131 umal\u0131m!<\/figcaption><\/figure>\n<p>Kasaba halk\u0131n\u0131n her birinin d\u00fc\u015f\u00fcnceleri bir araya gelerek, kalplerini birle\u015ftirerek uyum ve \u015fefkat ruhunu tasvir ediyor ve Hokuryu Kasabas\u0131&#039;n\u0131n tek ve biricik \u00e7i\u00e7ek a\u00e7an ay\u00e7i\u00e7e\u011fi logosu s\u0131n\u0131rs\u0131z sevgi, minnettarl\u0131k ve dualarla dolu...<\/p>\n<figure class=\"wp-caption aligncenter\"><a href=\"https:\/\/photos.google.com\/share\/AF1QipMvBYom8t3y2cvf5rDdue5MwVRvR75SOYlRfT1HGtnAeoo7dKPblV6IthdcUa-cnw\/photo\/AF1QipOtTS9VL5nmS9Wob_ZUk04w7sKaUllzFiYUKi8?key=N0xjUzl5dkM2cHI3SWZEQ18tY0I5T0xLZXRKU0Z3\" target=\"_blank\"><img decoding=\"async\" src=\"https:\/\/lh3.googleusercontent.com\/pw\/AP1GczNMXriHy5x8nzihpOOe0hH2m8egUbHzjJlezWhK9cuCfODMM5j4eUMr29zuA87zpuQWG_ulVKRfjEfzo9AoA6apx7wwYUQBNifCgvxCJnZQYK2kMvAR1Ub7_wFZwWQO6EQ3UXbYwdbKosqjR88zaR_G=w1002-h642-s-no-gm?authuser=1\" width=\"1002\" height=\"642\" alt=\"Hokuryu Kasabas\u0131&#039;n\u0131n mevsimsel manzaras\u0131\" class=\"size-medium\" \/><\/a><figcaption class=\"wp-caption-text\">Hokuryu Kasabas\u0131&#039;n\u0131n mevsimsel manzaras\u0131<\/figcaption><\/figure>\n<h2>Youtube videolar\u0131<\/h2>\n<div class=\"youtube\"><iframe title=\"Hokuryu Kasabas\u0131 Logo At\u00f6lyesi: Tasar\u0131m bir &quot;\u015fefkat&quot; bi\u00e7imidir. Hokuryu \u0130lkokulu ve Ortaokulu \u00f6\u011frencilerinin &quot;renkleri&quot; ve &quot;uyum ruhu&quot; Hokuryu Kasabas\u0131&#039;n\u0131n gelece\u011fini renklendirecek.\" src=\"https:\/\/www.youtube.com\/embed\/dvC9tZp4PVg?feature=oembed\" frameborder=\"0\" allow=\"accelerometer; autoplay; clipboard-write; encrypted-media; gyroscope; picture-in-picture; web-share\" referrerpolicy=\"strict-origin-when-cross-origin\" allowfullscreen><\/iframe><\/div>\n<h2>Di\u011fer foto\u011fraflar<\/h2>\n<div class=\"img-move\"><img decoding=\"async\" style=\"vertical-align: middle;\" src=\"https:\/\/ehokkaido.net\/wp-content\/uploads\/2021\/12\/2021-12-06-11.41.12.png\" \/> <a href=\"https:\/\/photos.app.goo.gl\/41FRGgPCE1avsK1R9\" target=\"_blank\" rel=\"noopener noreferrer\">Hokuryu Kasabas\u0131 Logosu At\u00f6lye ve Hokuryu Kasabas\u0131 \u0130lkokulu ve Ortaokulu&#039;nun foto\u011fraflar\u0131 (64 foto\u011fraf) burada &gt;&gt;<\/a><\/div>\n<h2>\u0130lgili makaleler<\/h2>\n\n        <div class=\"site-blogcard-premium\">\n            <div class=\"bc-label-custom\">\u0130lgili makaleler<\/div>\n            <div class=\"bc-flex-container\">\n                <div class=\"bc-main-text\">\n                    <div class=\"bc-title-link-box\">\n                        <a href=\"https:\/\/portal.hokuryu.info\/tr\/loiter\/coloring2014.html\/\" target=\"_blank\">Renkli Hokuryu Kasabas\u0131 2014 (manzara foto\u011fraflar\u0131 ve foto\u011fraf noktalar\u0131) - Hokuryu Kasabas\u0131 Portal\u0131 (Hokkaido) - Japonya&#039;n\u0131n 1 numaral\u0131 ay\u00e7i\u00e7e\u011fi k\u00f6y\u00fc<\/a>\n                    <\/div>\n                    <div class=\"bc-excerpt-box\">2.100 n\u00fcfuslu ve 401.300 ki\u015filik ya\u015flanma oran\u0131na sahip, canl\u0131 bir kasaban\u0131n &quot;bug\u00fcnk\u00fc&quot; halini sizlere sunuyoruz. Ay\u00e7i\u00e7ekleri gibi, aileler uyum i\u00e7inde ya\u015f\u0131yor...<\/div>\n                <\/div>\n                <div class=\"bc-thumbnail-box\">\n                    <a href=\"https:\/\/portal.hokuryu.info\/tr\/loiter\/coloring2014.html\/\" target=\"_blank\">\n                        <div class=\"bc-img-zoom-wrap\">\n                            <img decoding=\"async\" src=\"https:\/\/img.youtube.com\/vi\/ldSjt3sAPeU\/mqdefault.jpg\" alt=\"Renkli Hokuryu Kasabas\u0131 2014 (manzara foto\u011fraflar\u0131 ve foto\u011fraf noktalar\u0131) - Hokuryu Kasabas\u0131 Portal\u0131 (Hokkaido) - Japonya&#039;n\u0131n 1 numaral\u0131 ay\u00e7i\u00e7e\u011fi k\u00f6y\u00fc\">\n                        <\/div>\n                    <\/a>\n                <\/div>\n            <\/div>\n        <\/div>\n\n        <div class=\"site-blogcard-premium\">\n            <div class=\"bc-label-custom\">\u0130lgili makaleler<\/div>\n            <div class=\"bc-flex-container\">\n                <div class=\"bc-main-text\">\n                    <div class=\"bc-title-link-box\">\n                        <a href=\"https:\/\/portal.hokuryu.info\/tr\/kategori\/yerel_canlandirma_2\/\" target=\"_blank\">B\u00f6lgesel Canland\u0131rma 2.0 (Kategori)<\/a>\n                    <\/div>\n                    <div class=\"bc-excerpt-box\">Hokuryu Kasabas\u0131, Gelece\u011fe Y\u00f6nelik \u00c7e\u015fitli Giri\u015fimleri Tan\u0131tmak \u0130\u00e7in B\u00f6lgesel Canland\u0131rma 2.0&#039;\u0131 Kullan\u0131yor (1 Nisan 2025&#039;ten \u0130tibaren)\n<\/div>\n                <\/div>\n                <div class=\"bc-thumbnail-box\">\n                    <a href=\"https:\/\/portal.hokuryu.info\/tr\/kategori\/yerel_canlandirma_2\/\" target=\"_blank\">\n                        <div class=\"bc-img-zoom-wrap\">\n                            <img decoding=\"async\" src=\"https:\/\/portal.hokuryu.info\/wp\/wp-content\/uploads\/2026\/02\/20230802DSC06445_1.jpg\" alt=\"B\u00f6lgesel Canland\u0131rma 2.0 (Kategori)\">\n                        <\/div>\n                    <\/a>\n                <\/div>\n            <\/div>\n        <\/div>\n<p>\u25c7 <a href=\"https:\/\/portal.hokuryu.info\/tr\/62509\/\">\ud83d\udd8b\ufe0f \u0130\u00e7erik planlama, makale yaz\u0131m\u0131, foto\u011fraf se\u00e7imi ve video olu\u015fturma: Ikuko Terauchi<img decoding=\"async\" style=\"vertical-align: middle;\" src=\"https:\/\/ehokkaido.net\/wp-content\/uploads\/2021\/12\/2021-12-06-11.41.12.png\" \/> Foto\u011fraf\u00e7\u0131l\u0131k, d\u00fczenleme ve web sitesi y\u00f6netimi: Noboru Terauchi<\/a><\/p>","protected":false},"excerpt":{"rendered":"<p>2025\u5e7410\u670827\u65e5\uff08\u6708\uff09 10\u670823\u65e5\uff08\u6728\uff09\u3001\u5317\u7adc\u753a\u306e\u65b0\u3057\u3044\u30ed\u30b4\u3092\u300c\u753a\u3050\u308b\u307f\u300d\u3067\u5275\u308b\u30d7\u30ed\u30b8\u30a7\u30af\u30c8\u306e\u4e00\u74b0\u3068\u3057\u3066\u3001\u5317\u7adc\u753a\u306e\u5c0f\u4e2d\u5b66\u751f\u304c\u30aa\u30f3\u30e9\u30a4\u30f3WS\u306b\u53c2\u52a0\u3057\u307e\u3057\u305f\u3002\u30d7\u30ed\u304b\u3089\u300c\u30c7\u30b6\u30a4\u30f3\u306f\u601d\u3044\u3084\u308a\u300d\u3068\u5b66\u3093\u3060 [&hellip;]<\/p>\n","protected":false},"author":1,"featured_media":65806,"comment_status":"open","ping_status":"open","sticky":false,"template":"","format":"standard","meta":{"footnotes":""},"categories":[4,112,42,68],"tags":[],"class_list":["post-65776","post","type-post","status-publish","format-standard","has-post-thumbnail","hentry","category-cover-story","category-local_revitalization_2","category-42","category-68"],"_links":{"self":[{"href":"https:\/\/portal.hokuryu.info\/tr\/wp-json\/wp\/v2\/posts\/65776","targetHints":{"allow":["GET"]}}],"collection":[{"href":"https:\/\/portal.hokuryu.info\/tr\/wp-json\/wp\/v2\/posts"}],"about":[{"href":"https:\/\/portal.hokuryu.info\/tr\/wp-json\/wp\/v2\/types\/post"}],"author":[{"embeddable":true,"href":"https:\/\/portal.hokuryu.info\/tr\/wp-json\/wp\/v2\/users\/1"}],"replies":[{"embeddable":true,"href":"https:\/\/portal.hokuryu.info\/tr\/wp-json\/wp\/v2\/comments?post=65776"}],"version-history":[{"count":1,"href":"https:\/\/portal.hokuryu.info\/tr\/wp-json\/wp\/v2\/posts\/65776\/revisions"}],"predecessor-version":[{"id":69060,"href":"https:\/\/portal.hokuryu.info\/tr\/wp-json\/wp\/v2\/posts\/65776\/revisions\/69060"}],"wp:featuredmedia":[{"embeddable":true,"href":"https:\/\/portal.hokuryu.info\/tr\/wp-json\/wp\/v2\/media\/65806"}],"wp:attachment":[{"href":"https:\/\/portal.hokuryu.info\/tr\/wp-json\/wp\/v2\/media?parent=65776"}],"wp:term":[{"taxonomy":"category","embeddable":true,"href":"https:\/\/portal.hokuryu.info\/tr\/wp-json\/wp\/v2\/categories?post=65776"},{"taxonomy":"post_tag","embeddable":true,"href":"https:\/\/portal.hokuryu.info\/tr\/wp-json\/wp\/v2\/tags?post=65776"}],"curies":[{"name":"wp","href":"https:\/\/api.w.org\/{rel}","templated":true}]}}