{"id":65133,"date":"2025-10-15T09:36:02","date_gmt":"2025-10-15T00:36:02","guid":{"rendered":"https:\/\/portal.hokuryu.info\/?p=65133"},"modified":"2025-10-16T19:04:58","modified_gmt":"2025-10-16T10:04:58","slug":"50-yil-aradan-sonra-ilk-kez-bir-kadin-korosunun-yarattigi-mucize","status":"publish","type":"post","link":"https:\/\/portal.hokuryu.info\/tr\/65133\/","title":{"rendered":"50 y\u0131lda bir mucize, uyum \u00f6r\u00fcyor. &quot;Kyouryu-kai&quot; adl\u0131 kad\u0131n korosu, &quot;Coro Dolce (Sapporo)&quot; ve &quot;Hokuryu Kasabas\u0131 Ay\u00e7i\u00e7e\u011fi Korosu&quot;nu bir araya getiriyor."},"content":{"rendered":"<p>\u00c7ar\u015famba, 15 Ekim 2025<\/p>\n<div class=\"ep-box es-BpaperRight es-grid bgc-VPsky\">4 Ekim Cumartesi g\u00fcn\u00fc, Hokuryu Kasabas\u0131 Toplum Merkezi&#039;nde, \u00fcniversite \u00f6\u011frencilerinin 50 y\u0131l aradan sonra ilk kez mucizevi bir \u015fekilde bir araya gelmesi, Hokkaido&#039;daki Hokuryu Kasabas\u0131&#039;nda y\u00fcrek \u0131s\u0131tan bir kad\u0131n korosu olan &quot;Kyouryu-kai&quot;yi hayata ge\u00e7irdi. Sapporo&#039;nun &quot;Coro Dolce&quot; ve Hokuryu Kasabas\u0131&#039;n\u0131n &quot;Himawari Korosu&quot; iki kad\u0131n korosuydu. Bu iki kad\u0131n korosunun birbirlerinin seslerini dikkatle dinleyip hep birlikte \u015fark\u0131 s\u00f6ylemesi, &quot;uyum ruhu&quot;nun ger\u00e7ek bir uyumuydu. \u0130\u015fte m\u00fczik ve \u015fefkatle kurulan derin ba\u011flar\u0131n dokunakl\u0131 bir hik\u00e2yesi.<\/div>\n<h2>50 y\u0131l sonra mucizevi bir bulu\u015fma! \u015eark\u0131 s\u00f6yleyen seslerin \u00f6rd\u00fc\u011f\u00fc ba\u011flar ve al\u0131\u015fveri\u015fler - \u015eef ve kad\u0131n korosu, Hokuryu Kasabas\u0131&#039;nda &quot;uyum ruhunu&quot; birlikte yarat\u0131yor<\/h2>\n<h3>Mucizevi bir kar\u015f\u0131la\u015fma ve koro de\u011fi\u015fim toplant\u0131s\u0131n\u0131n ba\u015flang\u0131c\u0131<\/h3>\n<h4>Himawari Koro \u015fefi Tetsuyoshi Yamamoto&#039;dan selamlar<\/h4>\n<figure class=\"wp-caption aligncenter\"><a href=\"https:\/\/photos.google.com\/share\/AF1QipOClkZoV9F25diEtrg316n6b6g9fAv9y3nK9wNSo_lIAxp4Z0khSsHYwwH9T8-wgQ\/photo\/AF1QipPJBpp6CAee0ZjnznM4H234NgXrfZX7AyMiiiY?key=dlVtSk9uekxKc0Nfd2g2NXVTU3h3N1NUUVd3czh3\" target=\"_blank\"><img decoding=\"async\" src=\"https:\/\/lh3.googleusercontent.com\/pw\/AP1GczOOT61g0uSKMiqFjbDDl5j3ou-NOlMfjAoJvDDQu7zOxjM_F2CkXhSfFaPpkLDCQ2RHsiP1T29ntVMSEedK0-Pc6yg3l3rO8U-e71WIZJX6Wws8yo5YBIfne-fHaX2N7qHaF_N45sTYJIfiiBKGKdmE=w2000-h1333-s-no-gm?authuser=0\" width=\"2000\" height=\"1333\" alt=\"Bay Tetsuyoshi Yamamoto&#039;dan selamlar\" class=\"size-medium\" \/><\/a><figcaption class=\"wp-caption-text\">Bay Tetsuyoshi Yamamoto&#039;dan selamlar<\/figcaption><\/figure>\n<p>&quot;\u0130ki kad\u0131n korosunun bir araya gelip tek y\u00fcrek \u015fark\u0131 s\u00f6yledi\u011finde nas\u0131l bir kimyasal reaksiyon meydana gelece\u011fini ger\u00e7ekten merak ediyorum. S\u0131n\u0131f arkada\u015flar\u0131 50 y\u0131l sonra yeniden bir araya geldi ve harika vakit ge\u00e7irdi, bu y\u00fczden bug\u00fcnlere geldik. Deste\u011finiz i\u00e7in te\u015fekk\u00fcr ederim.&quot;<\/p>\n<h4>Himawari Korosu temsilcisi Mitsuko Fujii&#039;den selamlar<\/h4>\n<figure class=\"wp-caption aligncenter\"><a href=\"https:\/\/photos.google.com\/share\/AF1QipOClkZoV9F25diEtrg316n6b6g9fAv9y3nK9wNSo_lIAxp4Z0khSsHYwwH9T8-wgQ\/photo\/AF1QipPSPtjU7BN2-e446UXGCEUcVY6qUy9pDgUAw0o?key=dlVtSk9uekxKc0Nfd2g2NXVTU3h3N1NUUVd3czh3\" target=\"_blank\"><img decoding=\"async\" src=\"https:\/\/lh3.googleusercontent.com\/pw\/AP1GczNhVXHkTfU8piAhvPOZEebPHIY8tv14BQlcd8MQorIxlqJe9uFcJZX0_1-_187baJfjzU5u3PmuxH9RVK5pO1dducMfxn7jMy7V9M4c83-qgD6DkCpNuJYDIEKbfY9IRZ1A9DTwYzWGUK5KPyPN8pro=w2000-h1333-s-no-gm?authuser=0\" width=\"2000\" height=\"1333\" alt=\"Himawari Korosu temsilcisi Mitsuko Fujii&#039;den selamlar\" class=\"size-medium\" \/><\/a><figcaption class=\"wp-caption-text\">Himawari Korosu temsilcisi Mitsuko Fujii&#039;den selamlar<\/figcaption><\/figure>\n<p>&quot;Biz, Himawari Korosu olarak, 1989 y\u0131l\u0131nda kurulan bir kad\u0131n korosuyuz. \u015eu anda 37. y\u0131l\u0131m\u0131zda, toplam 22 \u00fcyemiz \u015fark\u0131 s\u00f6yl\u00fcyor: 9 soprano, 6 mezzo-koro ve 7 alto-koro.<\/p>\n<p>Koro, ba\u015flang\u0131\u00e7ta bir ilkokulda d\u00fczenlenen veli-\u00f6\u011fretmen birli\u011fi toplant\u0131s\u0131 olarak ba\u015flad\u0131, ancak art\u0131k her ya\u015ftan ve meslekten \u00fcyeler sadece Hokuryu Kasabas\u0131&#039;ndan de\u011fil, ayn\u0131 zamanda Chishibetsu Kasabas\u0131, Numata Kasabas\u0131 ve Fukagawa \u015eehri gibi kom\u015fu kasabalardan da geliyor. Her Per\u015fembe Hokuryu Kasabas\u0131 Toplum Merkezi&#039;nde prova yap\u0131yorlar. Y\u0131lda birka\u00e7 kez kasabada ve kom\u015fu kasaba ve k\u00f6ylerde konserler d\u00fczenliyorlar.<\/p>\n<p>2007&#039;den beri Say\u0131n Yamamoto Tetsuyo&#039;dan ders al\u0131yoruz ve bu y\u0131l 18. y\u0131l\u0131m\u0131z\u0131 kutluyoruz. Bu, onunla \u015fark\u0131 ve g\u00f6n\u00fcl \u00f6\u011fretmeni olarak kurdu\u011fumuz en uzun ili\u015fki. Bu s\u00fcre zarf\u0131nda bir\u00e7ok farkl\u0131 koroyla tan\u0131\u015ft\u0131k ve bir\u00e7ok farkl\u0131 konsere kat\u0131ld\u0131k, tek y\u00fcrek \u015fark\u0131 s\u00f6ylemenin keyfini \u00f6\u011frendik.<\/p>\n<p>Bug\u00fcnk\u00fc sosyal bulu\u015fman\u0131n Profes\u00f6r Yamamoto ile olan ba\u011flant\u0131m\u0131z sayesinde m\u00fcmk\u00fcn olmas\u0131ndan dolay\u0131 \u00e7ok minnettar\u0131z. Bu bizim ilk etkinli\u011fimiz. Bug\u00fcn birlikte iki \u015fark\u0131 s\u00f6yleyece\u011fiz, bu y\u00fczden hepinizi hayal ederek prova yapt\u0131k. Ayr\u0131ca kendi \u015fark\u0131lar\u0131m\u0131z\u0131 seslendirece\u011fimizi bilerek co\u015fkuyla prova yapt\u0131k. Ve sizin de \u015fark\u0131 s\u00f6ylemenizi duymay\u0131 d\u00f6rt g\u00f6zle bekliyorduk.<\/p>\n<p>\u015eimdi biraz e\u011flenme zaman\u0131. \u00c7ok te\u015fekk\u00fcr ederim.&quot;<\/p>\n<figure class=\"wp-caption aligncenter\"><a href=\"https:\/\/photos.google.com\/share\/AF1QipOClkZoV9F25diEtrg316n6b6g9fAv9y3nK9wNSo_lIAxp4Z0khSsHYwwH9T8-wgQ\/photo\/AF1QipM3bNjPPgls2Hh5CYffNZr-MJJteS5rTNp1htE?key=dlVtSk9uekxKc0Nfd2g2NXVTU3h3N1NUUVd3czh3\" target=\"_blank\"><img decoding=\"async\" src=\"https:\/\/lh3.googleusercontent.com\/pw\/AP1GczMbNTRw9bZlNNbx3UFd1EmRYvC7PZKG10GVloEUoapOZK_-75vMdgpMWCUbwe6lLvvEzJbX4LNiHT1v3rz1tofxsN1DPevPra8cKrp8dzztzBkSOCIzCSNtGrY98yVBYYKenizq5TEV4kFyU932wr_B=w2000-h1333-s-no-gm?authuser=0\" width=\"2000\" height=\"1333\" alt=\"E\u011flence \u015fimdi ba\u015fl\u0131yor!\" class=\"size-medium\" \/><\/a><figcaption class=\"wp-caption-text\">E\u011flence \u015fimdi ba\u015fl\u0131yor!<\/figcaption><\/figure>\n<h3>E\u011flence ba\u015fl\u0131yor!<\/h3>\n<h4>Coro Dolce Orkestra \u015eefi Ryoko Hirama&#039;dan selamlar<\/h4>\n<figure class=\"wp-caption aligncenter\"><a href=\"https:\/\/photos.google.com\/share\/AF1QipOClkZoV9F25diEtrg316n6b6g9fAv9y3nK9wNSo_lIAxp4Z0khSsHYwwH9T8-wgQ\/photo\/AF1QipMS_Zk0qEs-0g253q_-_ZJvudBwZFVt9hJaxGE?key=dlVtSk9uekxKc0Nfd2g2NXVTU3h3N1NUUVd3czh3\" target=\"_blank\"><img decoding=\"async\" src=\"https:\/\/lh3.googleusercontent.com\/pw\/AP1GczPFmZFyBDAGy-2IcM7iGWskEWdNeewyLLgBp_o28u267yEz00DdF0Y7BMkYKqAtdQ935xOOrkLxILVTb5024G12LNSpEejlNtUe9EzvNcFboKAWzSdHmTyVaq3g7BIVWEaqFIq-_jOD9G_7lcgJrN6X=w2000-h1333-s-no-gm?authuser=0\" width=\"2000\" height=\"1333\" alt=\"Coro Dolce Orkestra \u015eefi Ryoko Hirama&#039;dan selamlar\" class=\"size-medium\" \/><\/a><figcaption class=\"wp-caption-text\">Coro Dolce Orkestra \u015eefi Ryoko Hirama&#039;dan selamlar<\/figcaption><\/figure>\n<p>&quot;Benim ad\u0131m Hirama Ryoko. Yamamoto-san&#039;\u0131n s\u0131n\u0131f arkada\u015f\u0131yd\u0131m ve k\u0131zl\u0131k soyad\u0131m Yahara. Yamamoto-san&#039;\u0131n &quot;Ya&quot;s\u0131ndan sonraki yoklama numaras\u0131 benimkinin yan\u0131nda, bu y\u00fczden s\u0131navlara hep birlikte girerdik.<\/p>\n<p>Piyano e\u015flik\u00e7imiz Bayan Hanyu&#039;nun as\u0131l ad\u0131 Takako Maeno&#039;ydu ve kat\u0131l\u0131m numaralar\u0131 &quot;Maeno&quot;, &quot;Yahara&quot; ve &quot;Yamamoto&quot; idi. Bir di\u011fer s\u0131n\u0131f arkada\u015f\u0131m\u0131z Jun Koizumi de bize kat\u0131ld\u0131.<\/p>\n<p>Hepimiz bu f\u0131rsat\u0131 yakalad\u0131\u011f\u0131m\u0131z i\u00e7in \u00e7ok heyecanl\u0131yd\u0131k. Himawari Korosu \u00fcyeleri bizimkilerden daha gen\u00e7 ve daha enerjik! Bu sefer birlikte \u015fark\u0131 s\u00f6ylemeyi d\u00f6rt g\u00f6zle bekliyorduk. \u00c7ok te\u015fekk\u00fcr ederim!<\/p>\n<figure class=\"wp-caption aligncenter\"><a href=\"https:\/\/photos.google.com\/share\/AF1QipOClkZoV9F25diEtrg316n6b6g9fAv9y3nK9wNSo_lIAxp4Z0khSsHYwwH9T8-wgQ\/photo\/AF1QipMdl3GtYfz3VVu_ToKX2hcAVRfkX-3MNeceM-o?key=dlVtSk9uekxKc0Nfd2g2NXVTU3h3N1NUUVd3czh3\" target=\"_blank\"><img decoding=\"async\" src=\"https:\/\/lh3.googleusercontent.com\/pw\/AP1GczMy2liXX2tCFVR-jjEcGj6i7l2r4cErURhszjktmIRSXtLoYGrFCNUXSDpC1cFak-vU6m-xLMaifSRJjHixJftIqAdDTvSKt_9Ls_xphptaISmrw2oLz4oIwOgMzQaNx4JpYFpYtAKnpT2ns4VQPN3q=w2000-h1333-s-no-gm?authuser=0\" width=\"2000\" height=\"1333\" alt=\"S\u0131n\u0131f arkada\u015flar\u0131 i\u00e7in 50 y\u0131l sonra duygu dolu bir bulu\u015fmayd\u0131!\" class=\"size-medium\" \/><\/a><figcaption class=\"wp-caption-text\">S\u0131n\u0131f arkada\u015flar\u0131 i\u00e7in 50 y\u0131l sonra duygu dolu bir bulu\u015fmayd\u0131!<\/figcaption><\/figure>\n<h3>S\u0131n\u0131f arkada\u015flar\u0131 i\u00e7in 50 y\u0131l sonra duygu dolu bir bulu\u015fmayd\u0131!<\/h3>\n<p>Coro Dolce&#039;nin \u015fefi Ryoko Hirama ve Profes\u00f6r Yamamoto \u00fcniversitede s\u0131n\u0131f arkada\u015f\u0131yd\u0131. Ayr\u0131ca, piyano e\u015flik\u00e7isi Hanyu ve \u00f6zel konuk Jun Koizumi (erkek kul\u00fcp \u00fcyesi) de s\u0131n\u0131f arkada\u015f\u0131yd\u0131 ve \u00fcyelerden biri son s\u0131n\u0131f \u00f6\u011frencisiydi; bu da bu de\u011fi\u015fim etkinli\u011fini g\u00fc\u00e7l\u00fc bir \u015fekilde destekleyen &quot;mucizevi bir ba\u011f&quot; olu\u015fturuyordu.<\/p>\n<ul>\n<li><strong>Ortak uygulamaya nas\u0131l haz\u0131rlan\u0131l\u0131r:<\/strong>E\u011fitmeninizin size her zamankinden farkl\u0131 bir bak\u0131\u015f a\u00e7\u0131s\u0131yla rehberlik etme ihtimali vard\u0131r, bu y\u00fczden bunu denemeye te\u015fvik edileceksiniz.<\/li>\n<li><strong>ama\u00e7:<\/strong>Ama\u00e7, farkl\u0131 sese sahip birinin yan\u0131nda \u015fark\u0131 s\u00f6ylemenin zorlu\u011funu ve direncini a\u015fmak ve g\u00f6n\u00fcllerin kar\u015f\u0131l\u0131kl\u0131 rezonans\u0131n\u0131 yaratmakt\u0131r.<\/li>\n<\/ul>\n<h3>At\u00f6lye 1. &quot;Ultramarine&quot;: Genel orkestra \u015fefi Tetsuyoshi Yamamoto<\/h3>\n<p>Profes\u00f6r Yamamoto, ge\u00e7en y\u0131l Sapporo&#039;da koro provas\u0131n\u0131 dinledi\u011finde \u00e7ok etkilenmi\u015f ve bu \u015fark\u0131y\u0131 bu sefer ortak provaya dahil etmeye karar vermi\u015f.<\/p>\n<ul>\n<li><strong>\u015eark\u0131 S\u00f6zleri:<\/strong>Minamisoma Belediye Kodaka Ortaokulu, Fuku\u015fima Eyaleti, 2012 Mezunlar\u0131<\/li>\n<li><strong>Besteci:<\/strong>Miki Oda (Fukushima Eyaleti Minamiasoma Belediye \u0130lkokulu ve Ortaokulu \u00d6\u011fretmeni)<\/li>\n<\/ul>\n<p>&quot;Ultramarine&quot;, B\u00fcy\u00fck Do\u011fu Japonya Depremi&#039;nin neden oldu\u011fu Fuku\u015fima Daiichi N\u00fckleer Santrali kazas\u0131 nedeniyle tahliye edilmek zorunda kalan Fuku\u015fima Eyaleti&#039;ndeki Minamisoma Belediye Odaka Ortaokulu&#039;nda yaz\u0131lm\u0131\u015f bir \u015fark\u0131d\u0131r. \u015eark\u0131, Odaka&#039;daki denizin renginden esinlenerek &quot;Ultramarine&quot; ad\u0131n\u0131 alm\u0131\u015ft\u0131r.<\/p>\n<figure class=\"wp-caption aligncenter\"><a href=\"https:\/\/photos.google.com\/share\/AF1QipOClkZoV9F25diEtrg316n6b6g9fAv9y3nK9wNSo_lIAxp4Z0khSsHYwwH9T8-wgQ\/photo\/AF1QipNKKxKrDdi4Gv2kIlM0tXktsvk_8h60qBxezRs?key=dlVtSk9uekxKc0Nfd2g2NXVTU3h3N1NUUVd3czh3\" target=\"_blank\"><img decoding=\"async\" src=\"https:\/\/lh3.googleusercontent.com\/pw\/AP1GczPnabSa3sL30pS9jEruyYGGU9Hxa9ReUmmEL-G9CzjiC8ahSkr3tEMVpIF3JgO57QJynSj1PJhzrKLkr1nSMQk3Gd_QgcJ5hlUyWMxEKnjFAcEJuT5auRl-Yn33mteUhtV-ur8CHHXEweDmfMSWd71y=w2000-h1333-s-no-gm?authuser=0\" width=\"2000\" height=\"1333\" alt=\"ortak uygulama\" class=\"size-medium\" \/><\/a><figcaption class=\"wp-caption-text\">ortak uygulama<\/figcaption><\/figure>\n<figure class=\"wp-caption aligncenter\"><a href=\"https:\/\/photos.google.com\/share\/AF1QipOClkZoV9F25diEtrg316n6b6g9fAv9y3nK9wNSo_lIAxp4Z0khSsHYwwH9T8-wgQ\/photo\/AF1QipMOnRUloez1WxB7UOxKffcilHhsct2ukbi138A?key=dlVtSk9uekxKc0Nfd2g2NXVTU3h3N1NUUVd3czh3\" target=\"_blank\"><img decoding=\"async\" src=\"https:\/\/lh3.googleusercontent.com\/pw\/AP1GczNZyz17uyFLpkYfTXkKwj3ekS7-_sUToSr7yIEE3BOl8ZtuP8vRgi1-5GBbM396NMb6L_eAo_f0fhgIEO55PmepvGS1X_k2NLcvVWsb_yXjqD6OG-AgQkCbQczlUWNKkEVQR3gxMh9OYeuG3wJd69E3=w2000-h1125-s-no-gm?authuser=0\" width=\"2000\" height=\"1125\" alt=\"Tutkulu bir rehberli\u011fin rehberli\u011finde...\" class=\"size-medium\" \/><\/a><figcaption class=\"wp-caption-text\">Tutkulu bir rehberli\u011fin rehberli\u011finde...<\/figcaption><\/figure>\n<h3>Bay Tetsuyoshi Yamamoto&#039;dan tutkulu \u015fark\u0131 s\u00f6yleme e\u011fitimi<\/h3>\n<p>Profes\u00f6r Yamamoto&#039;nun e\u011fitimi tekni\u011fin \u00f6tesine ge\u00e7erek &quot;kalbin yank\u0131s\u0131n\u0131&quot; ve &quot;hikayeyi&quot; ifade etmeye odakland\u0131. \u0130lk par\u00e7a olan &quot;Gunjo&quot;yu \u00f6\u011fretmeye \u00e7ok zaman ayr\u0131ld\u0131.<\/p>\n<ul>\n<li><b>\u00d6zel &quot;Ah&quot; \u0130fadeleri<\/b>\u015eark\u0131n\u0131n ba\u015f\u0131ndaki &quot;Ah&quot;\u0131n s\u0131radan bir tekrar de\u011fil, tsunamiler ve ayr\u0131l\u0131klar gibi \u00fcz\u00fcc\u00fc olaylar\u0131 i\u00e7eren \u00f6zel bir &quot;Ah&quot; oldu\u011funu belirtti. Bu tek notaya duygu katmak ve &quot;b\u00fcy\u00fck dalgalar, k\u00fc\u00e7\u00fck dalgalar, b\u00fcy\u00fck bir dalgaya yol a\u00e7\u0131yor&quot; gibi bir his uyand\u0131racak \u015fekilde s\u00f6ylemek istedi.<\/li>\n<li><b>Crescendo (Yava\u015f Yava\u015f Artan Hacim)<\/b>&quot;I wave goodbye&quot; b\u00f6l\u00fcm\u00fcndeki uzun be\u015f \u00f6l\u00e7\u00fcl\u00fck crescendonun, sanki &quot;dikkatli bir ad\u0131m \u00f6ne at\u0131l\u0131yormu\u015f gibi&quot; t\u00fcm v\u00fccutta bir de\u011fi\u015fimi gerektiren bir ifade gerektirdi\u011fini s\u00f6yledi.<\/li>\n<li><b>Yatay m\u00fczikten dikey m\u00fczi\u011fe ge\u00e7i\u015f<\/b>\u015eark\u0131n\u0131n ilk yar\u0131s\u0131 kalbe i\u015fleyen &quot;yatay sallanan m\u00fczik (y\u00fczeylerin m\u00fczi\u011fi)&quot;, ikinci yar\u0131s\u0131 ise enerjiyi bir anda serbest b\u0131rakan, duygular\u0131n serbest b\u0131rak\u0131lmas\u0131n\u0131 te\u015fvik eden &quot;dikey sallanan m\u00fczik (dikey hareket)&quot;e ge\u00e7iyor.<\/li>\n<li><b>&quot;Sound&quot;daki H&#039;nin telaffuzu<\/b>: &quot;Ses&quot; ifadesi s\u00fcrt\u00fcnmeli sesi (H) kontrol etmenin ve sakin ve kontrolde kalman\u0131n \u00f6nemini vurgular, \u00e7\u00fcnk\u00fc ne kadar \u00e7ok \u015fark\u0131 s\u00f6ylemeye \u00e7al\u0131\u015f\u0131rsan\u0131z, &quot;y\u00fcksek sesle \u015fark\u0131 s\u00f6yleme&quot; olas\u0131l\u0131\u011f\u0131n\u0131z o kadar artar.<\/li>\n<\/ul>\n<p>Profes\u00f6r Yamamoto, m\u00fczi\u011fin ancak &quot;tutkulu bir kalp (duyarl\u0131l\u0131k)&quot; ile &quot;kendini sakince kontrol etme yetene\u011fi (beceri)&quot;nin bir araya gelmesiyle bir k\u00fclt\u00fcr olarak yarat\u0131labilece\u011fini a\u00e7\u0131klad\u0131.<\/p>\n<figure class=\"wp-caption aligncenter\"><a href=\"https:\/\/photos.google.com\/share\/AF1QipOClkZoV9F25diEtrg316n6b6g9fAv9y3nK9wNSo_lIAxp4Z0khSsHYwwH9T8-wgQ\/photo\/AF1QipPUVXSiQHjKDTDk8UcnxejpSxi07FrqD4A9h64?key=dlVtSk9uekxKc0Nfd2g2NXVTU3h3N1NUUVd3czh3\" target=\"_blank\"><img decoding=\"async\" src=\"https:\/\/lh3.googleusercontent.com\/pw\/AP1GczPVKNqRkKi_bQsleEktq3OFPsH2V7T7d_Tq-VIN_LlB_TalO2mNFOIuz4hRz54HkLseEfyXM2o2_ldLlj31sjwOlcS5H7sVk6Xd2FpymygCLNpQz6EB_Yhy6WfAxy4HkqiUy5ZDliqg-L1RQY2Tfzfq=w2000-h1333-s-no-gm?authuser=0\" width=\"2000\" height=\"1333\" alt=\"Dikey ve yatay sal\u0131n\u0131mlar ve crescendo gibi duygu dalgalar\u0131n\u0131 yakalay\u0131n...\" class=\"size-medium\" \/><\/a><figcaption class=\"wp-caption-text\">Dikey ve yatay sal\u0131n\u0131mlar ve crescendo gibi duygu dalgalar\u0131n\u0131 yakalay\u0131n...<\/figcaption><\/figure>\n<figure class=\"wp-caption aligncenter\"><a href=\"https:\/\/photos.google.com\/share\/AF1QipOClkZoV9F25diEtrg316n6b6g9fAv9y3nK9wNSo_lIAxp4Z0khSsHYwwH9T8-wgQ\/photo\/AF1QipOSaZ3HzkvLpE-h1Afp0sjLaqKQJPJEoA45V8Y?key=dlVtSk9uekxKc0Nfd2g2NXVTU3h3N1NUUVd3czh3\" target=\"_blank\"><img decoding=\"async\" src=\"https:\/\/lh3.googleusercontent.com\/pw\/AP1GczNzsqkpBwnVfEHvRn-kz8A7KMGXcQWpRp2KGCQ9AYUzPZzigWh6bZVpk0JxLkYOoJ2bi6r7jmM8pkRSEekuVOoSGWZpctRz3xfkhz7eaaG1yKvcXmV17nxp7rOFx2WZQY5NpU9MgiIe9VZl3E_rEEmm=w2000-h1333-s-no-gm?authuser=0\" width=\"2000\" height=\"1333\" alt=\"Yank\u0131lanan \u015fark\u0131 sesleri\" class=\"size-medium\" \/><\/a><figcaption class=\"wp-caption-text\">Yank\u0131lanan \u015fark\u0131 sesleri<\/figcaption><\/figure>\n<h3>Jun Koizumi&#039;nin Rehberli\u011fi ve Koro Felsefesi<\/h3>\n<figure class=\"wp-caption aligncenter\"><a href=\"https:\/\/photos.google.com\/share\/AF1QipOClkZoV9F25diEtrg316n6b6g9fAv9y3nK9wNSo_lIAxp4Z0khSsHYwwH9T8-wgQ\/photo\/AF1QipM0s4WEN3eK5l8abFLl1_ABG4LlxPhib9gqvKk?key=dlVtSk9uekxKc0Nfd2g2NXVTU3h3N1NUUVd3czh3\" target=\"_blank\"><img decoding=\"async\" src=\"https:\/\/lh3.googleusercontent.com\/pw\/AP1GczMHoxB1ZkzkorOn-Gu5i59M1cF037ukPLktcRrl8ebuStG31Z2si6qIq24DbNmlRCy1Z1s5dMv3qvkxH5reCh0hOyB_17Pva6EdpaCm8guR7iJh-Oh-W2WjE-1aCOUj8tTPQ73kY1VxANOUCocxzwjR=w2000-h1333-s-no-gm?authuser=0\" width=\"2000\" height=\"1333\" alt=\"Jun Koizumi&#039;nin Rehberli\u011fi ve Koro Felsefesi\" class=\"size-medium\" \/><\/a><figcaption class=\"wp-caption-text\">Jun Koizumi&#039;nin Rehberli\u011fi ve Koro Felsefesi<\/figcaption><\/figure>\n<p>Bay Koizumi&#039;nin talimatlar\u0131 aras\u0131nda koroda &quot;v\u00fccudunuzu nas\u0131l kullanaca\u011f\u0131n\u0131za dair temel bilgiler&quot; ve &quot;ses seviyesindeki de\u011fi\u015fikliklere nas\u0131l haz\u0131rlanaca\u011f\u0131n\u0131z&quot; da vard\u0131.<\/p>\n<ul>\n<li><b>V\u00fccut Temelleri<\/b>:Ayakta \u015fark\u0131 s\u00f6ylerken &quot;kal\u00e7an\u0131z\u0131 s\u0131kman\u0131z&quot; ve tandeninizden \u015fark\u0131 s\u00f6ylemeniz \u00f6nemlidir ve rezonans yaratmak i\u00e7in a\u011fz\u0131n\u0131z\u0131n \u015feklinin, &quot;a ui ou&quot;, bilincinde olman\u0131z \u00f6nerilir.<\/li>\n<li><b>S\u00fcrt\u00fcnmeli fark\u0131ndal\u0131k<\/b>&quot;Hibike&quot;da H notas\u0131n\u0131 \u00fcretirken, nefesin sabit bir \u015fekilde akmas\u0131 yerine, u\u011fultulu bir \u015fekilde akmas\u0131na odaklan\u0131rsan\u0131z rezonans\u0131n artaca\u011f\u0131 tavsiye edilir.<\/li>\n<li><b>Fark\u0131ndal\u0131\u011f\u0131 B\u0131rak\u0131n<\/b>:\u00d6\u011frencilere c\u00fcmlenin sonunda acele etmemeleri ve sesi dikkatlice b\u0131rakmalar\u0131 (release) konusunda talimat verdik.<\/li>\n<li><b>Crescendo Birli\u011fi<\/b>:Hepsi crescendonun seviyesinde hemfikirdi ve &quot;kalplerini birle\u015ftirerek&quot; daha g\u00fczel bir koro halinde \u015fark\u0131 s\u00f6yleyebilecekleri felsefesini payla\u015ft\u0131lar.<\/li>\n<\/ul>\n<figure class=\"wp-caption aligncenter\"><a href=\"https:\/\/photos.google.com\/share\/AF1QipOClkZoV9F25diEtrg316n6b6g9fAv9y3nK9wNSo_lIAxp4Z0khSsHYwwH9T8-wgQ\/photo\/AF1QipNbO7etjsD2WrCF6EE7XyxyX6uy6ARLZSU5llk?key=dlVtSk9uekxKc0Nfd2g2NXVTU3h3N1NUUVd3czh3\" target=\"_blank\"><img decoding=\"async\" src=\"https:\/\/lh3.googleusercontent.com\/pw\/AP1GczO1eXVWrCAv_9EsivzWOVBZQUSUc7kAm01nQ6i7Dj2-7V2RxM0uPlof33g3ZzBbfxiy5mQdcVC4d7wt85Sc5XdG8lJITHCz6-pSaDYuMftkX8i3TF7-n5zuy4Td9443jV_5jc8nvmRaQYnBI6gcV4xA=w2000-h1125-s-no-gm?authuser=0\" width=\"2000\" height=\"1125\" alt=\"Birlik olal\u0131m!\" class=\"size-medium\" \/><\/a><figcaption class=\"wp-caption-text\">Birlik olal\u0131m!<\/figcaption><\/figure>\n<h3>Hep birlikte, bir olarak! Her koronun performanslar\u0131<\/h3>\n<h4>1. Coro Dolce&#039;nin Nakarat\u0131<\/h4>\n<p>&quot;When the Cherries Ripen&quot;, &quot;The World&#039;s Promise&quot;, &quot;Snow&quot; (bu performanslar\u0131yla 2024&#039;te Sapporo Civic Choir Festivali&#039;nde Te\u015fvik \u00d6d\u00fcl\u00fc&#039;n\u00fc kazand\u0131lar) ve &quot;May I Pray?&quot; \u015fark\u0131lar\u0131n\u0131 seslendirdiler. Yumu\u015fak ve sakin sesleri mekan\u0131 doldurdu.<\/p>\n<figure class=\"wp-caption aligncenter\"><a href=\"https:\/\/photos.google.com\/share\/AF1QipOClkZoV9F25diEtrg316n6b6g9fAv9y3nK9wNSo_lIAxp4Z0khSsHYwwH9T8-wgQ\/photo\/AF1QipNvj-RVvspYP9Anrx2HRMostGQEPxn17oi3ay0?key=dlVtSk9uekxKc0Nfd2g2NXVTU3h3N1NUUVd3czh3\" target=\"_blank\"><img decoding=\"async\" src=\"https:\/\/lh3.googleusercontent.com\/pw\/AP1GczOTlCf_l95L2tgZEkQPzz18xAjrw3wR6_wUMafae6Q3D5W3n6ZwwBC2F45WTSXaDgPKt_v4OZLlmDKZsX1v7HvpEZz-bGdJdLqJCFO2TdR-O7FOqged4gaLMzUOIGHAp31ZTF7WNS-wWzkz9urdeoxo=w2000-h1333-s-no-gm?authuser=0\" width=\"2000\" height=\"1333\" alt=\"Coro Dolce Korosu&#039;nun yumu\u015fak \u015fark\u0131 s\u00f6yleyen sesi\" class=\"size-medium\" \/><\/a><figcaption class=\"wp-caption-text\">Coro Dolce Korosu&#039;nun yumu\u015fak \u015fark\u0131 s\u00f6yleyen sesi<\/figcaption><\/figure>\n<figure class=\"wp-caption aligncenter\"><a href=\"https:\/\/photos.google.com\/share\/AF1QipOClkZoV9F25diEtrg316n6b6g9fAv9y3nK9wNSo_lIAxp4Z0khSsHYwwH9T8-wgQ\/photo\/AF1QipNr4jKBPP187jnfeysJifvFEGg0GFQ6horsYqA?key=dlVtSk9uekxKc0Nfd2g2NXVTU3h3N1NUUVd3czh3\" target=\"_blank\"><img decoding=\"async\" src=\"https:\/\/lh3.googleusercontent.com\/pw\/AP1GczMMNjwTe6Olhq4AEFim2hZCLQaiRgPCr2R-6LGWPcwRSftEuO1IpFm0tkIgo33c6lmtjVeJEAiobpLMiG6wJ-_1Xe_jlfjGJkYmuTZoHxnO91n-RhfUPvU_i1-rtr533Fr3RS3UZaZ13cwHkZdH52k-=w2000-h1125-s-no-gm?authuser=0\" width=\"2000\" height=\"1125\" alt=\"Yumu\u015fak ak\u0131nt\u0131da sal\u0131narak...\" class=\"size-medium\" \/><\/a><figcaption class=\"wp-caption-text\">Yumu\u015fak ak\u0131nt\u0131da sal\u0131narak...<\/figcaption><\/figure>\n<figure class=\"wp-caption aligncenter\"><a href=\"https:\/\/photos.google.com\/share\/AF1QipOClkZoV9F25diEtrg316n6b6g9fAv9y3nK9wNSo_lIAxp4Z0khSsHYwwH9T8-wgQ\/photo\/AF1QipPC4kkKkfVCCWFdol6SYbOfkEpiilFU1KPuRJI?key=dlVtSk9uekxKc0Nfd2g2NXVTU3h3N1NUUVd3czh3\" target=\"_blank\"><img decoding=\"async\" src=\"https:\/\/lh3.googleusercontent.com\/pw\/AP1GczMYZGoReB3VaP2NkAVPqtYpooifsWzQoeQOGuVxhwh6xwu6Bg4cQnglqCGXgqbptd6pm_Ygd9PJPCxmT_LUDfF8Azz2__FmeE11i6enpD3NpMvplHYut-5PBhm_B1t010ZSH4AdUJOcn23v54CvPqNC=w2000-h1333-s-no-gm?authuser=0\" width=\"2000\" height=\"1333\" alt=\"Zarif bir piyano melodisi \u00e7alarken...\" class=\"size-medium\" \/><\/a><figcaption class=\"wp-caption-text\">Zarif bir piyano melodisi \u00e7alarken...<\/figcaption><\/figure>\n<h4>2. Himawari Korosu&#039;nun Korosu<\/h4>\n<p>&quot;Wagtail&quot;, &quot;Sakura&quot;, &quot;Star Dream&quot; ve &quot;A Song for You&quot; \u015fark\u0131lar\u0131n\u0131 seslendirdiler. Enerjik ve g\u00fc\u00e7l\u00fc \u015fark\u0131lar\u0131, odan\u0131n her yerine yay\u0131lan ilham verici bir ses yaratt\u0131.<\/p>\n<figure class=\"wp-caption aligncenter\"><a href=\"https:\/\/photos.google.com\/share\/AF1QipOClkZoV9F25diEtrg316n6b6g9fAv9y3nK9wNSo_lIAxp4Z0khSsHYwwH9T8-wgQ\/photo\/AF1QipO-wdi8SJ7yxciN5htC4k4mjDHgDPI_0zTuyQg?key=dlVtSk9uekxKc0Nfd2g2NXVTU3h3N1NUUVd3czh3\" target=\"_blank\"><img decoding=\"async\" src=\"https:\/\/lh3.googleusercontent.com\/pw\/AP1GczPGKQlLEMDWWH-9xwLHSQsjfllF6R9WuVGfDuFvvJMoB1IwUQ-6R1WJErWqgMHn2Z7pBbXxnxRG8RopKWVMgUFX0AOoOUEmED5BV28rXN5lseDiGf6hwL-RtjiS_GAQemuWLkFIUtX5x0bx0NvVliCY=w2000-h1333-s-no-gm?authuser=0\" width=\"2000\" height=\"1333\" alt=\"G\u00fc\u00e7l\u00fc bir \u015fark\u0131 sesiyle...\" class=\"size-medium\" \/><\/a><figcaption class=\"wp-caption-text\">G\u00fc\u00e7l\u00fc bir \u015fark\u0131 sesiyle...<\/figcaption><\/figure>\n<figure class=\"wp-caption aligncenter\"><a href=\"https:\/\/photos.google.com\/share\/AF1QipOClkZoV9F25diEtrg316n6b6g9fAv9y3nK9wNSo_lIAxp4Z0khSsHYwwH9T8-wgQ\/photo\/AF1QipOeHSZ8oRl1MFP7vVYM-kszb2SFp6vhN94cCjM?key=dlVtSk9uekxKc0Nfd2g2NXVTU3h3N1NUUVd3czh3\" target=\"_blank\"><img decoding=\"async\" src=\"https:\/\/lh3.googleusercontent.com\/pw\/AP1GczMKvb-beC3IK4n3vfNucjEvofBVTxV81JB6Ah8mJPzXnlFeTfvWZ1cT5cgVrM7W7GNYHcINIcI1PzKJUR4SN7OUkd2P5PDpHkb09G0_0k6C7LYlsRkoOh9fZKwvSSgYRJAomMR_VxPHkUxG5xP72DOT=w2000-h1333-s-no-gm?authuser=0\" width=\"2000\" height=\"1333\" alt=\"Hareket eden sesler yank\u0131lan\u0131yor ve yay\u0131l\u0131yor...\" class=\"size-medium\" \/><\/a><figcaption class=\"wp-caption-text\">Hareket eden sesler yank\u0131lan\u0131yor ve yay\u0131l\u0131yor...<\/figcaption><\/figure>\n<figure class=\"wp-caption aligncenter\"><a href=\"https:\/\/photos.google.com\/share\/AF1QipOClkZoV9F25diEtrg316n6b6g9fAv9y3nK9wNSo_lIAxp4Z0khSsHYwwH9T8-wgQ\/photo\/AF1QipPGJtrIx5fWsVj6eNzL5VLQB454iCoGPOvU3SE?key=dlVtSk9uekxKc0Nfd2g2NXVTU3h3N1NUUVd3czh3\" target=\"_blank\"><img decoding=\"async\" src=\"https:\/\/lh3.googleusercontent.com\/pw\/AP1GczMRUuEV1XQ5bvFqyLu49RBEuUrHo5KH73ZlolZIKPf1i02C7nqziG8zPSHxzZfTZjswcaye7VqlTCT1nddxYJ33SRSskOiihYAGqWWL-mSYUMP3eUe-S_92d7eB2q4_zwXMHTGGrHOj23cqFDr3spDY=w2000-h1333-s-no-gm?authuser=0\" width=\"2000\" height=\"1333\" alt=\"Ak\u0131c\u0131, hafif bir melodinin ortas\u0131nda...\" class=\"size-medium\" \/><\/a><figcaption class=\"wp-caption-text\">Ak\u0131c\u0131, hafif bir melodinin ortas\u0131nda...<\/figcaption><\/figure>\n<h3>De\u011fi\u015fim etkinli\u011finin \u00f6zeti ve &quot;uyum ruhu&quot;nun evrenselli\u011fi<\/h3>\n<h4>Jun Koizumi&#039;nin yorumlar\u0131<\/h4>\n<figure class=\"wp-caption aligncenter\"><a href=\"https:\/\/photos.google.com\/share\/AF1QipOClkZoV9F25diEtrg316n6b6g9fAv9y3nK9wNSo_lIAxp4Z0khSsHYwwH9T8-wgQ\/photo\/AF1QipMmlRlJrYjdKCfsD8VKKMTyO-18Z5uIlsm-aqA?key=dlVtSk9uekxKc0Nfd2g2NXVTU3h3N1NUUVd3czh3\" target=\"_blank\"><img decoding=\"async\" src=\"https:\/\/lh3.googleusercontent.com\/pw\/AP1GczNDpbJKEErrI3eDQosOLXtDc9x6AnnbBDUbKwxKQjWoeAJ262FIPR4csZRghr3qgc3GdHxkHPBH3X4uIYEgfeRn6rDR14GNglHKYigxUy9hYwnWGt7SksUManKzi149BEwzAn5Uh_ZbjDmtXkJPz2SY=w2000-h1333-s-no-gm?authuser=0\" width=\"2000\" height=\"1333\" alt=\"Jun Koizumi&#039;nin yorumlar\u0131\" class=\"size-medium\" \/><\/a><figcaption class=\"wp-caption-text\">Jun Koizumi&#039;nin yorumlar\u0131<\/figcaption><\/figure>\n<p>Her koronun ayr\u0131 ayr\u0131 de\u011ferlerini dile getirdi: &quot;Coro Dolce Korosu yumu\u015fak ve nazik bir korodur, t\u0131pk\u0131 bir yalama gibi, Himawari Korosu ise enerjik ve g\u00fc\u00e7l\u00fc bir korodur.&quot;<\/p>\n<ul>\n<li><b>Japonca Telaffuz ve Be\u015f Duyu<\/b>: \u015eark\u0131 s\u00f6yleme sesinin g\u00fczel oldu\u011funu s\u00f6yleyen \u015fark\u0131c\u0131, telaffuza ve Japoncan\u0131n be\u015f duyusuna daha fazla dikkat ederse \u015fark\u0131 s\u00f6zlerinin dinleyicilere daha net iletilece\u011fini s\u00f6yl\u00fcyor.<\/li>\n<li><b>Stil ve uyum<\/b>:V\u00fccudun serbest\u00e7e hareket etti\u011fi bir stil ile \u015fark\u0131 s\u00f6ylerken g\u00f6vdeye odaklanan bir stil aras\u0131ndaki fark\u0131 fark ederek, \u015fark\u0131n\u0131n i\u00e7eri\u011fine uygun bir uyumun \u00f6nemine vurgu yapt\u0131.<\/li>\n<\/ul>\n<h3>Kapan\u0131\u015f At\u00f6lyesi 2: &quot;G\u00f6rd\u00fcn m\u00fc?&quot;: Genel \u015eef: Ryoko Hirama<\/h3>\n<ul>\n<li><strong>\u015eark\u0131 S\u00f6zleri:<\/strong>Bay Keiji Ito<\/li>\n<li><strong>Besteci:<\/strong>Bay Ko Matsushita<\/li>\n<\/ul>\n<p>&quot;Horane&quot;, depremden etkilenenlerin kalplerini iyile\u015ftirmek ve morallerini y\u00fckseltmek umuduyla &quot;Let&#039;s Sing Nippon Project&quot; kapsam\u0131nda yarat\u0131ld\u0131. \u015eark\u0131, do\u011faya sayg\u0131, insani ba\u011flar\u0131n k\u0131ymeti ve basit s\u00f6zler ve yumu\u015fak bir melodiyle umut bulma mesaj\u0131n\u0131 ifade ediyor.<\/p>\n<figure class=\"wp-caption aligncenter\"><a href=\"https:\/\/photos.google.com\/share\/AF1QipOClkZoV9F25diEtrg316n6b6g9fAv9y3nK9wNSo_lIAxp4Z0khSsHYwwH9T8-wgQ\/photo\/AF1QipPEj3MWf-fZ6Y_rWuM0g8kdEpzQprn94ATCp0M?key=dlVtSk9uekxKc0Nfd2g2NXVTU3h3N1NUUVd3czh3\" target=\"_blank\"><img decoding=\"async\" src=\"https:\/\/lh3.googleusercontent.com\/pw\/AP1GczNHKplGyxiXeC_Dxd_S_q-rNCBIdFpT5NT_0eguUPsvvGxhLFJUYGEs3r7bjQ1IP_h8nyTXMjwVtOwo2ef02tgpZApbeHGBZ6KBfMisENKtPqmSlh9DOMPikDkCbPHIYUBBjL1O7a5U3mtAbU6saz31=w2000-h1333-s-no-gm?authuser=0\" width=\"2000\" height=\"1333\" alt=\"Ortak koro!\" class=\"size-medium\" \/><\/a><figcaption class=\"wp-caption-text\">Ortak koro!<\/figcaption><\/figure>\n<figure class=\"wp-caption aligncenter\"><a href=\"https:\/\/photos.google.com\/share\/AF1QipOClkZoV9F25diEtrg316n6b6g9fAv9y3nK9wNSo_lIAxp4Z0khSsHYwwH9T8-wgQ\/photo\/AF1QipOeZz7D_PLnaH8vRwVBvfg53C4CJwPtGRn2gGU?key=dlVtSk9uekxKc0Nfd2g2NXVTU3h3N1NUUVd3czh3\" target=\"_blank\"><img decoding=\"async\" src=\"https:\/\/lh3.googleusercontent.com\/pw\/AP1GczPnLv6ayAjjofqn3P-DvhgFU-TEA7RvzFpTdxFwvwJNHEvEJk3Mds95ar5qYafGc1pgKtPtFSJdHPbZGUoKgj-k8S3FFn3PXtZdJ-hi5NkGqXRE-6Uhf0WO_qMRzCOfoGfhpUYe8hN2Qjv4-RV6Thll=w2000-h1333-s-no-gm?authuser=0\" width=\"2000\" height=\"1333\" alt=\"Tek y\u00fcrek olarak yank\u0131lanmak!\" class=\"size-medium\" \/><\/a><figcaption class=\"wp-caption-text\">Tek y\u00fcrek olarak yank\u0131lanmak!<\/figcaption><\/figure>\n<figure class=\"wp-caption aligncenter\"><a href=\"https:\/\/photos.google.com\/share\/AF1QipOClkZoV9F25diEtrg316n6b6g9fAv9y3nK9wNSo_lIAxp4Z0khSsHYwwH9T8-wgQ\/photo\/AF1QipNNLSS7lm2M58mmZMWg-t7zIxeCrU0TG-iH93Y?key=dlVtSk9uekxKc0Nfd2g2NXVTU3h3N1NUUVd3czh3\" target=\"_blank\"><img decoding=\"async\" src=\"https:\/\/lh3.googleusercontent.com\/pw\/AP1GczP-0rqB32S6EFTW5VQZ-ZqgVIqxOlhwdYTezn7iZvWGP8Yq_Qacqcor69yUYKRt4eBQGhChstse3w1F27uD_-ELv0r7XwOHKGi7L1fD65lUcXmM8GMZj1mqJGXCx4XIxBzf-450qxedJ1dhIAIo9fH1=w2000-h1333-s-no-gm?authuser=0\" width=\"2000\" height=\"1333\" alt=\"\u0130nsanlar\u0131n y\u00fcre\u011fini yumu\u015fak\u00e7a saran bir melodi...\" class=\"size-medium\" \/><\/a><figcaption class=\"wp-caption-text\">\u0130nsanlar\u0131n y\u00fcre\u011fini yumu\u015fak\u00e7a saran bir melodi...<\/figcaption><\/figure>\n<h3>Anma foto\u011fraf\u0131 ve te\u015fekk\u00fcr s\u00f6zleri<\/h3>\n<figure class=\"wp-caption aligncenter\"><a href=\"https:\/\/photos.google.com\/share\/AF1QipOClkZoV9F25diEtrg316n6b6g9fAv9y3nK9wNSo_lIAxp4Z0khSsHYwwH9T8-wgQ\/photo\/AF1QipP-O0_e-IkyYHqzZ6AAr46V-Q8SrW95ISCTMak?key=dlVtSk9uekxKc0Nfd2g2NXVTU3h3N1NUUVd3czh3\" target=\"_blank\"><img decoding=\"async\" src=\"https:\/\/lh3.googleusercontent.com\/pw\/AP1GczNNODU78FOcRmLEVsiRdyieSFCJuvfbSUsZs6fa6R8W4Jnxik3XOsYv00Xzm88iPSLaDqnnNAFCYQpaoPHHi8344qcevu05v6TE4WztZDqeoI6Vzg_xSmdGD6-EoC_PFwWeK1-rYBTq80rFvkWFQUVV=w2000-h1333-s-no-gm?authuser=0\" width=\"2000\" height=\"1333\" alt=\"Ortak anma foto\u011fraf\u0131\" class=\"size-medium\" \/><\/a><figcaption class=\"wp-caption-text\">Ortak anma foto\u011fraf\u0131<\/figcaption><\/figure>\n<h4>Coro Dolce temsilcisi Shoko Imagawa&#039;dan selamlar<\/h4>\n<figure class=\"wp-caption aligncenter\"><a href=\"https:\/\/photos.google.com\/share\/AF1QipOClkZoV9F25diEtrg316n6b6g9fAv9y3nK9wNSo_lIAxp4Z0khSsHYwwH9T8-wgQ\/photo\/AF1QipPsg_WX-EnlKHJP0px_S7AK1o6bXdTPQNifm1Y?key=dlVtSk9uekxKc0Nfd2g2NXVTU3h3N1NUUVd3czh3\" target=\"_blank\"><img decoding=\"async\" src=\"https:\/\/lh3.googleusercontent.com\/pw\/AP1GczMrBrLcsl27Rz0ih8pF80sQeQYSt7tHDcyyIlcbCHEt6MTWVcpTjTZWl5iwGw9qso6ZUe9thxLeZK1P3oTsgiQCqYPwX5T9oQAzld3l7LjHDaaESPLKX5wrOl9Z_kewfa5ow3gsqo3zAVNQq-8-0scp=w2000-h1333-s-no-gm?authuser=0\" width=\"2000\" height=\"1333\" alt=\"Coro Dolce Korosu Temsilcisi Bayan Shoko Imagawa&#039;dan selamlar\" class=\"size-medium\" \/><\/a><figcaption class=\"wp-caption-text\">Coro Dolce Korosu Temsilcisi Bayan Shoko Imagawa&#039;dan selamlar<\/figcaption><\/figure>\n<p>&quot;Bana bu kadar e\u011flenceli bir g\u00fcn ge\u00e7irme f\u0131rsat\u0131 verdi\u011finiz i\u00e7in Himawari Korosu&#039;ndaki herkese \u00e7ok te\u015fekk\u00fcr ederim! Aram\u0131zda harika ve \u00e7ok g\u00fc\u00e7l\u00fc bir ba\u011f olu\u015fmu\u015f gibiydi. Bug\u00fcn \u00e7ok de\u011ferli bir deneyimdi. \u00c7ok te\u015fekk\u00fcr ederim! Ba\u015fka bir g\u00fczel f\u0131rsat olursa tekrar g\u00f6r\u00fc\u015fmek \u00fczere.&quot;<\/p>\n<h4>\u00dcyelerimizden biri olan Yamamoto-san&#039;\u0131n \u00fcniversite son s\u0131n\u0131f \u00f6\u011frencisini tan\u0131t\u0131yoruz<\/h4>\n<figure class=\"wp-caption aligncenter\"><a href=\"https:\/\/photos.google.com\/share\/AF1QipOClkZoV9F25diEtrg316n6b6g9fAv9y3nK9wNSo_lIAxp4Z0khSsHYwwH9T8-wgQ\/photo\/AF1QipPiHCqclGoQ04suk3BqJzCL2Tuov8iyAmFRPgE?key=dlVtSk9uekxKc0Nfd2g2NXVTU3h3N1NUUVd3czh3\" target=\"_blank\"><img decoding=\"async\" src=\"https:\/\/lh3.googleusercontent.com\/pw\/AP1GczP5OtY1_9f6UBXzF8ehVtZl2tKjsJaw4yxeocbUcubY2OQSYgE_DwYCTdYcRoYXuYi48Csgv22zN57f3U1qMq4DfiBZ5CuVdrcsfuDpMNEXguE-74pcMfGEgP35aZp9hCpRCGdflcJDOZatlJV5Pm8l=w2000-h1333-s-no-gm?authuser=0\" width=\"2000\" height=\"1333\" alt=\"Bay Yamamoto&#039;nun k\u0131demlilerini tan\u0131t\u0131yoruz\" class=\"size-medium\" \/><\/a><figcaption class=\"wp-caption-text\">Bay Yamamoto&#039;nun k\u0131demlilerini tan\u0131t\u0131yoruz<\/figcaption><\/figure>\n<h4>Profes\u00f6r Yamamoto&#039;nun koro felsefesi ve de\u011fi\u015fimin \u00f6nemi<\/h4>\n<p>Bay Yamamoto kendi koro felsefesini, &quot;Koro \u015fark\u0131 s\u00f6ylemenin &#039;i dinlemek, &#039;u ise \u015fark\u0131 s\u00f6ylemektir&quot; diyerek bir kez daha vurgulad\u0131. &quot;Sesinizin di\u011fer herkesinkinden farkl\u0131 olup olmad\u0131\u011f\u0131n\u0131 bilmedi\u011finiz&quot; durumlardan ka\u00e7\u0131nmak i\u00e7in, dinlemenin koro \u015fark\u0131 s\u00f6ylemenin temeli oldu\u011funu vurgulad\u0131.<\/p>\n<p>&quot;M\u00fczik arac\u0131l\u0131\u011f\u0131yla kurulan etkile\u015fimler g\u00fc\u00e7l\u00fc ba\u011flar yarat\u0131r ve birbirimizin g\u00fc\u00e7l\u00fc y\u00f6nlerini bir araya getirip kendimizi geli\u015ftirmek i\u00e7in bir f\u0131rsatt\u0131r. Umar\u0131m eve d\u00f6nd\u00fc\u011f\u00fcm\u00fczde arkada\u015f olabilir ve tekrar g\u00f6r\u00fc\u015ferek b\u00f6lgesel s\u0131n\u0131rlar\u0131 a\u015fan s\u0131cak ba\u011flar kurabiliriz,&quot; diye s\u00f6zlerini tamamlad\u0131.<\/p>\n<figure class=\"wp-caption aligncenter\"><a href=\"https:\/\/photos.google.com\/share\/AF1QipOClkZoV9F25diEtrg316n6b6g9fAv9y3nK9wNSo_lIAxp4Z0khSsHYwwH9T8-wgQ\/photo\/AF1QipOmK2QbjqT0D9v2tC4bYvEQNz4H5aC0q4SXoZY?key=dlVtSk9uekxKc0Nfd2g2NXVTU3h3N1NUUVd3czh3\" target=\"_blank\"><img decoding=\"async\" src=\"https:\/\/lh3.googleusercontent.com\/pw\/AP1GczP_EtS3w5OmvrPjQK7apHxuYx9aAhRWTES1jyJ7oKDLeW-kPXczYBkjpaGzNE3zuW7PpvZMhl0lX1NQTgaKODOtDiB54NhFsL-da8q4YPMiW_g3W6U5zeFC-Yh17YAiJlI8urK0IyyjJ1fUFeSZAjPp=w2000-h1125-s-no-gm?authuser=0\" width=\"2000\" height=\"1125\" alt=\"G\u00fc\u00e7l\u00fc ba\u011flar yaratan m\u00fczik al\u0131\u015fveri\u015fi!\" class=\"size-medium\" \/><\/a><figcaption class=\"wp-caption-text\">G\u00fc\u00e7l\u00fc ba\u011flar yaratan m\u00fczik al\u0131\u015fveri\u015fi!<\/figcaption><\/figure>\n<p>Bu koro de\u011fi\u015fim etkinli\u011fi, sadece bir \u015fark\u0131 s\u00f6yleme prati\u011fi de\u011fildi; profesyonel e\u011fitmenler, yerel korolar ve 50 y\u0131l sonra ilk kez bir araya gelen eski dostlar aras\u0131nda, nesiller ve zaman s\u0131n\u0131rlar\u0131n\u0131 a\u015fan bir &quot;uyum ruhu&quot; de\u011fi\u015fimiydi.<\/p>\n<p>M\u00fczik arac\u0131l\u0131\u011f\u0131yla &quot;birbirimizi dinlemenin&quot; \u00f6nemi, ger\u00e7ek anlamda bir &quot;\u015fefkat&quot; g\u00f6stergesidir. Sadece kendi sesimize de\u011fil, kom\u015fu halklar\u0131n ve gruplar\u0131n seslerine de sayg\u0131 duymak, uyumu aramak, g\u00fcn\u00fcm\u00fcz toplumunda giderek daha fazla b\u00f6l\u00fcnmenin ya\u015fand\u0131\u011f\u0131 bir d\u00f6nemde \u00e7abalamam\u0131z gereken idealdir.<\/p>\n<p>Hokuryu&#039;nun k\u00fc\u00e7\u00fck toplulu\u011fundan do\u011fan bu y\u00fcrek \u0131s\u0131tan \u00f6yk\u00fc, d\u00fcnyaya evrensel bir umut mesaj\u0131 veriyor: &quot;Herkes, birbirinin varl\u0131\u011f\u0131n\u0131 g\u00fc\u00e7lendiren ortaklar olabilir.&quot; Bu &quot;ortak yaratma yolculu\u011funun&quot; kayd\u0131, d\u00fcnya bar\u0131\u015f\u0131na do\u011fru sessiz ama g\u00fc\u00e7l\u00fc bir yol g\u00f6sterici olacak.<\/p>\n<h3>Hokuryu Kasabas\u0131&#039;n\u0131n spesiyalitelerinin \u00fccretsiz hediyelik e\u015fyalar\u0131<\/h3>\n<figure class=\"wp-caption aligncenter\"><a href=\"https:\/\/photos.google.com\/share\/AF1QipOClkZoV9F25diEtrg316n6b6g9fAv9y3nK9wNSo_lIAxp4Z0khSsHYwwH9T8-wgQ\/photo\/AF1QipORjJJn-CDq62fKBtPu-AB093vtadgAEdJtwa4?key=dlVtSk9uekxKc0Nfd2g2NXVTU3h3N1NUUVd3czh3\" target=\"_blank\"><img decoding=\"async\" src=\"https:\/\/lh3.googleusercontent.com\/pw\/AP1GczNlUi-R0ngcGPedByQL9DTxXrGgGQuf0Jo5cG3QOSooo6VlrJVsmb6EG5o8WDmxdBpdF34sSIG2hahSnuYOpOySBHMfyyP8OkgWGIaILNDDc018kePD9IejmEaC5CGDAPjcpLrzKttFEHtvs3hXunhv=w2000-h1333-s-no-gm?authuser=0\" width=\"2000\" height=\"1333\" alt=\"Hat\u0131ra hediyesi!\" class=\"size-medium\" \/><\/a><figcaption class=\"wp-caption-text\">Hat\u0131ra hediyesi!<\/figcaption><\/figure>\n<figure class=\"wp-caption aligncenter\"><a href=\"https:\/\/photos.google.com\/share\/AF1QipOClkZoV9F25diEtrg316n6b6g9fAv9y3nK9wNSo_lIAxp4Z0khSsHYwwH9T8-wgQ\/photo\/AF1QipPVHuVgWKUWIlhvfenC3ov8ZRtg_zEjfbR1lAY?key=dlVtSk9uekxKc0Nfd2g2NXVTU3h3N1NUUVd3czh3\" target=\"_blank\"><img decoding=\"async\" src=\"https:\/\/lh3.googleusercontent.com\/pw\/AP1GczOF-lDTOMBaDYHdpWD-GhIQ9638cw-RWD3s8SfgutYWSdsBHL7laJaKvM4alhp-VuAy8smTJTheCfdF0GfTstFDZVsWNLv_2zMwSK4mSYAolzrdO2Ei6vegAjvRfcmu-pH9EmpKNuSNO4rEYZQpduKe=w2000-h1333-s-no-gm?authuser=0\" width=\"2000\" height=\"1333\" alt=\"Prova sahnesi\" class=\"size-medium\" \/><\/a><figcaption class=\"wp-caption-text\">Prova sahnesi<\/figcaption><\/figure>\n<p>S\u0131n\u0131rs\u0131z sevgi, \u015f\u00fckran ve dualar\u0131mla, g\u00fczel, ruh sarsan sesleri birbirleriyle yank\u0131lanan Hibikiryu-kai kad\u0131n korosu &quot;Himawari Korosu &amp; Coro Dolce Korosu&quot;na en i\u00e7ten \u015f\u00fckranlar\u0131m\u0131 sunmak istiyorum...<\/p>\n<h2>Youtube videolar\u0131<\/h2>\n<div class=\"youtube\"><iframe title=\"50 y\u0131lda bir mucize: \u015eark\u0131 s\u00f6yleyen seslerle birle\u015fen &quot;uyum ruhu&quot;: Sapporo&#039;nun &quot;Coro Dolce&quot;si ve Hokuryu&#039;nun &quot;Himawari Korosu&quot;\" src=\"https:\/\/www.youtube.com\/embed\/5mHO2XDmkO0?feature=oembed\" frameborder=\"0\" allow=\"accelerometer; autoplay; clipboard-write; encrypted-media; gyroscope; picture-in-picture; web-share\" referrerpolicy=\"strict-origin-when-cross-origin\" allowfullscreen><\/iframe><\/div>\n<h2>Di\u011fer foto\u011fraflar<\/h2>\n<div class=\"img-move\"><img decoding=\"async\" style=\"vertical-align: middle;\" src=\"https:\/\/ehokkaido.net\/wp-content\/uploads\/2021\/12\/2021-12-06-11.41.12.png\" \/> <a href=\"https:\/\/photos.app.goo.gl\/3CtvceQUx5GWyDkH8\" target=\"_blank\" rel=\"noopener noreferrer\">&quot;Coro Dolce, Hokuryu Himawari Korosu&quot; kad\u0131n korosunun 195 foto\u011fraf\u0131 i\u00e7in buraya t\u0131klay\u0131n &gt;&gt;<\/a><\/div>\n<h2>\u0130lgili Makaleler\/Siteler<\/h2>\n\n        <div class=\"site-blogcard-premium\">\n            <div class=\"bc-label-custom\">\u0130lgili makaleler<\/div>\n            <div class=\"bc-flex-container\">\n                <div class=\"bc-main-text\">\n                    <div class=\"bc-title-link-box\">\n                        <a href=\"https:\/\/portal.hokuryu.info\/tr\/53515\/\" target=\"_blank\">https:\/\/portal.hokuryu.info\/53515<\/a>\n                    <\/div>\n                    <div class=\"bc-excerpt-box\">Sayfa bilgileri al\u0131namad\u0131.<\/div>\n                <\/div>\n                <div class=\"bc-thumbnail-box\">\n                    <a href=\"https:\/\/portal.hokuryu.info\/tr\/53515\/\" target=\"_blank\">\n                        <div class=\"bc-img-zoom-wrap\">\n                            <img decoding=\"async\" src=\"https:\/\/portal.hokuryu.info\/wp\/wp-content\/uploads\/2026\/02\/20230802DSC06445_1.jpg\" alt=\"https:\/\/portal.hokuryu.info\/53515\">\n                        <\/div>\n                    <\/a>\n                <\/div>\n            <\/div>\n        <\/div>\n<p>\u25c7 <a href=\"https:\/\/portal.hokuryu.info\/tr\/62509\/\">\ud83d\udd8b\ufe0f \u0130\u00e7erik planlama, makale yaz\u0131m\u0131, foto\u011fraf se\u00e7imi ve video olu\u015fturma: Ikuko Terauchi<img decoding=\"async\" style=\"vertical-align: middle;\" src=\"https:\/\/ehokkaido.net\/wp-content\/uploads\/2021\/12\/2021-12-06-11.41.12.png\" \/> Foto\u011fraf\u00e7\u0131l\u0131k, d\u00fczenleme ve web sitesi y\u00f6netimi: Noboru Terauchi<\/a><\/p>","protected":false},"excerpt":{"rendered":"<p>2025\u5e7410\u670815\u65e5\uff08\u6c34\uff09 10\u67084\u65e5\uff08\u571f\uff09\u5317\u7adc\u753a\u516c\u6c11\u9928\u306b\u304a\u3044\u3066\u300150\u5e74\u3076\u308a\u306b\u518d\u4f1a\u3057\u305f\u5927\u5b66\u306e\u540c\u7d1a\u751f\u3068\u3044\u3046\u5947\u8de1\u7684\u306a\u3054\u7e01\u304c\u3001\u5317\u6d77\u9053\u5317\u7adc\u753a\u3067\u5fc3\u6e29\u307e\u308b\u5973\u6027\u5408\u5531\u306e\u300c\u97ff\u6d41\u4f1a\u300d\u3092\u5b9f\u73fe\u3055\u305b\u307e\u3057\u305f\u3002\u672d\u5e4c\u306e\u300c\u30b3\u30fc\u30ed\u30fb\u30c9 [&hellip;]<\/p>\n","protected":false},"author":1,"featured_media":65198,"comment_status":"open","ping_status":"open","sticky":false,"template":"","format":"standard","meta":{"footnotes":""},"categories":[4,11],"tags":[],"class_list":["post-65133","post","type-post","status-publish","format-standard","has-post-thumbnail","hentry","category-cover-story","category-himawari-chorus"],"_links":{"self":[{"href":"https:\/\/portal.hokuryu.info\/tr\/wp-json\/wp\/v2\/posts\/65133","targetHints":{"allow":["GET"]}}],"collection":[{"href":"https:\/\/portal.hokuryu.info\/tr\/wp-json\/wp\/v2\/posts"}],"about":[{"href":"https:\/\/portal.hokuryu.info\/tr\/wp-json\/wp\/v2\/types\/post"}],"author":[{"embeddable":true,"href":"https:\/\/portal.hokuryu.info\/tr\/wp-json\/wp\/v2\/users\/1"}],"replies":[{"embeddable":true,"href":"https:\/\/portal.hokuryu.info\/tr\/wp-json\/wp\/v2\/comments?post=65133"}],"version-history":[{"count":0,"href":"https:\/\/portal.hokuryu.info\/tr\/wp-json\/wp\/v2\/posts\/65133\/revisions"}],"wp:featuredmedia":[{"embeddable":true,"href":"https:\/\/portal.hokuryu.info\/tr\/wp-json\/wp\/v2\/media\/65198"}],"wp:attachment":[{"href":"https:\/\/portal.hokuryu.info\/tr\/wp-json\/wp\/v2\/media?parent=65133"}],"wp:term":[{"taxonomy":"category","embeddable":true,"href":"https:\/\/portal.hokuryu.info\/tr\/wp-json\/wp\/v2\/categories?post=65133"},{"taxonomy":"post_tag","embeddable":true,"href":"https:\/\/portal.hokuryu.info\/tr\/wp-json\/wp\/v2\/tags?post=65133"}],"curies":[{"name":"wp","href":"https:\/\/api.w.org\/{rel}","templated":true}]}}