{"id":634,"date":"2020-01-29T06:40:57","date_gmt":"2020-01-28T21:40:57","guid":{"rendered":"https:\/\/portal.hokuryu.info\/?p=634"},"modified":"2020-02-26T07:24:08","modified_gmt":"2020-02-25T22:24:08","slug":"634-mesaj","status":"publish","type":"post","link":"https:\/\/portal.hokuryu.info\/tr\/634\/","title":{"rendered":"\u3297\ufe0f Yutaka Sano, Hokuriku belediye ba\u015fkanl\u0131\u011f\u0131 se\u00e7iminde sokak konu\u015fmalar\u0131nda &quot;sevin\u00e7 payla\u015fan&quot; rakipsiz se\u00e7imi kazand\u0131 ve kasaba geli\u015fimi i\u00e7in \u00e7a\u011fr\u0131da bulundu"},"content":{"rendered":"<p>\u00c7ar\u015famba, 29 Ocak 2020<\/p>\n<p>Sal\u0131 g\u00fcn\u00fc, 28 Ocak g\u00fcn\u00fc, sabah saat 9&#039;da, a\u00e7\u0131k mavi g\u00f6ky\u00fcz\u00fc ve minimum -21\u00b0C&#039;lik s\u0131cakl\u0131kla, \u00e7ok so\u011fuk bir sabahta, Hokuriku se\u00e7imlerinin a\u00e7\u0131klanaca\u011f\u0131 g\u00fcn geldi. Hokuriku Belediye Binas\u0131 \u00f6n\u00fcnde \u00e7ok say\u0131da kasabal\u0131 toplan\u0131rken, kayd\u0131n\u0131 tamamlayan Yutaka Sano sokak konu\u015fmas\u0131 yapt\u0131.<\/p>\n<h2>Sokak konu\u015fmas\u0131<\/h2>\n<h3>Se\u00e7im Stratejisi Direkt\u00f6r\u00fc Hitoshi Takebayashi&#039;den selamlar<\/h3>\n<figure class=\"wp-caption aligncenter\"><a href=\"https:\/\/photos.google.com\/share\/AF1QipPDoAm6ipceQrKfymxWQQQAyO2jpqD389rz22x0_uUMGyQpxHXHQFmSlcn9KUwqJw\/photo\/AF1QipNpwpsXPAhon6zMUzKxFvZm8LPQTNLjlwMYsNw?key=QURtY1dlMjBRWFZnS1NuV2FkRUpYSzVoT0ZmQzJn\" target=\"_blank\" rel=\"noopener noreferrer\"><img decoding=\"async\" src=\"https:\/\/lh3.googleusercontent.com\/16d_B_qiTOz0qPTN6qqvNEqJbrX9eD3cYTTZidx6bWi2sPR5aOtW6B58dwSp0FlEJR_NseMPPAd4pnYdc3cpf4EOkznlNEPNAgInkvaR1RJpzcF8-FHyBcyABR9nAedjy5rEOdpkP4XVa1iPU40Ak85zvPmZBzrHxm8OaFuI27KHINxao7aitGujJmm1vLXVsmSFz1SrD9D8P9Ul4v9VvpId5AwNFW2Ww7FB5s11OCNe9GYnLzuDaVj7w5_nh57Sa7khaEsoy6Z4NU4H0XHMAK7tm_h6wvvo1vVPPZ_Rs2E3xug9KUZ1R100AfIbXYYIAuglw5l7cUBr6AlA_cCVVjU0RzwGfhydiiXa97JdMWifeC1992Afmgau77a_xyaGdv7x43jhIQfymXmvjJFTx7vBmC8PpagpzOdPZ_fPR2HA-wnpqVNgjFtafJCRrPmC55Q_WM27ZK0fsy4X7BbwayVwPUbufg0SUV6nbfLXOjHHgG03SoY5B-m2UarNNPlAS1SUDkA8wJt74we7nhvJfU71L5u0A9FwLkRa5Lh5uaN7m80i6ujgfFH9oRxdNxWmCMNU_Jbw1mSGMld6cOeHoNU9aMY1yTMAsSoktGh8PfiHkWIsSVro0bqRQuGF1-QXE59FOzoJZheLIVsJ2yxkilpdEiQXHLSXqWXR7_Y-JwS_ssmkIv0SIZOF9b-S6En6MvtW1_l70RBxuNnhbvtpuSEH8ZUkAn0FzVeAZXehlewfEzc=w1942-h1294-no\" width=\"1942\" height=\"1294\" alt=\"Se\u00e7im Stratejisi Genel Merkezi Direkt\u00f6r\u00fc Hitoshi Takebayashi&#039;den selamlar\" class=\"size-medium\" \/><\/a><figcaption class=\"wp-caption-text\">Se\u00e7im Stratejisi Direkt\u00f6r\u00fc Hitoshi Takebayashi&#039;den selamlar<\/figcaption><\/figure>\n<h3>Moderat\u00f6r: Bay Satoshi Ono, Se\u00e7im Stratejisi Karargah\u0131<\/h3>\n<figure class=\"wp-caption aligncenter\"><a href=\"https:\/\/photos.google.com\/share\/AF1QipPDoAm6ipceQrKfymxWQQQAyO2jpqD389rz22x0_uUMGyQpxHXHQFmSlcn9KUwqJw\/photo\/AF1QipMMjWikThvtUzPM2QeiK4dgnpBN_44oFsGxDtQ?key=QURtY1dlMjBRWFZnS1NuV2FkRUpYSzVoT0ZmQzJn\" target=\"_blank\" rel=\"noopener noreferrer\"><img decoding=\"async\" src=\"https:\/\/lh3.googleusercontent.com\/sKPUy9JtJpDpikfX_kCmq8VA5IoKqc6ovBZ5oorLbqM3GleAn5sQ7w8BtuWPT4Iqe8-PsEY4zBQDZ4HtEUjb1TsQtcZIa0ytSYgvmp6CMc4DDmu-SPGh0fdcLGP8lhHxczgJumBPBgQZik0s2B45aFwauoY4n53PeQoidV6T0IrgGq2z7X7-Nsi8200kNmKtmqIFHYyi1Wt3Uwu2e1VEQOMwcReZtY8Wk9VWjC7YwanXDRMybIf-D5gQzQpxitBtdcjbJ-j-8xGY8A5w4BWXmpAxIa8hYKWrToHMDubsqy_DcclQstIFo09OUjZrmkPXvXTAHyba_l4RNgjqswK4gsj_IjHC_2n0H0UEoGn-qG2ZS1UD31dazfE3odajbOH3aIsMI5SCrGERUh3_xmXRhThAdVH9iEFJCu8SC1zepdzgv6vRbMQ3rAwYAdGPJr922XhcBIZVPyrpEp7kyVr5R7HqqF70E8Sf77MD-miQ19pktug8uJOvfsZyzm2kMRsfCjtIGBu7GXLTlP1k79A1Cnu1GVBwIA8JhQiC_didkw8-_BY65-9Cz7Q2VdeTrBg6I2tCaoz1k7sqpz170_m4FY5MPYFIz5oGbIvuoQnotYGt0OC1_319vfrME0Av7H-vHD-X59L7KMxz63w4dnOL_FW60yDVZX7awk6_K8hpSjwOkxg2zkXWhAh3aa95O-VecRTvNgwTqGlju3nraGVICb3KfaWFZvqkzZ7xXD4buaRQmns=w1354-h903-no\" width=\"1942\" height=\"1294\" alt=\"Se\u00e7im Stratejisi Karargah\u0131: Say\u0131n Satoshi Ono\" class=\"size-medium\" \/><\/a><figcaption class=\"wp-caption-text\">Se\u00e7im Stratejisi Karargah\u0131: Say\u0131n Satoshi Ono<\/figcaption><\/figure>\n<h3>Konuk konu\u015fmas\u0131: Hokuryu Belediye Meclisi \u00dcyesi ve Ba\u015fkan Yard\u0131mc\u0131s\u0131 Masahito Fujii<\/h3>\n<figure class=\"wp-caption aligncenter\"><a href=\"https:\/\/photos.google.com\/share\/AF1QipPDoAm6ipceQrKfymxWQQQAyO2jpqD389rz22x0_uUMGyQpxHXHQFmSlcn9KUwqJw\/photo\/AF1QipO4jplq3yP1K-dJ7O7K7CFrl_fnD-9tB945hIk?key=QURtY1dlMjBRWFZnS1NuV2FkRUpYSzVoT0ZmQzJn\" target=\"_blank\" rel=\"noopener noreferrer\"><img decoding=\"async\" src=\"https:\/\/lh3.googleusercontent.com\/HPpIgeweeMpG150v4HQdku0qbu7UfXfqA1Qs_UD0M9W-QVTT5NAKwOdONEgR5j_VWJCe_gKS3cJ3qpJV0wfimmYnUDDxU531xrbnXzKU0B8sePM0sv0qSQ2EC37xywsrkfm46JUsPvrlRteVb9L6gWXVWl5VBF6irULAky29Tt44_-H1wWWQkcqgpTCbPfL9Ut4DlKx0T3Pn87-9hxPkyekkLHdz9_Z_hGf5PR3-ZxLqgRLe5fFLZnqTcf5FREV8VMeeE2cqGIbsfNBtekmerdUclqkFxtiM76odqpbQLDPkVswij66_Q0-vSSYrjd0LPQkw6J5qQnglAanN4Jmu6z2uOG6N9JKf170PG9swHmAdUopwplVnEPpVv222WEI85PvT7G21tH6-B139L-4zA0X_Ygw-S6ixETQeqKZlVlrbA5XLXWM2vO1g3c7fXv7poH1ywVg1vjw6qTYKVfGFRe8yoTEbFB0AaduS4TsGd96ndeBm94mXmkNIV0suTP-EdziXdxLUuZWs55PyPaiXBZnPXw3dBKa3SwjOkqn7XIq2SEpv23L5beCdFPSrd8eIiIE_nmUkfsSqDRN2r6vaED9fFXGt-H_TpoZnDl_vzYJ9sZByJuWvcZO5d7XfKgb05CGhr3fIOrw9I9LIXg6RBUtcw2_jOvj6AoAAkWeKwa5LgR3Si4BHr2zcdiUYclM0sfcsn9g7gQ7PsKaPEbJ5rCFY6lkoKzsXeT6Fz3mYzcG_YTY=w1942-h1294-no\" width=\"1942\" height=\"1294\" alt=\"Hokuryu Belediye Meclisi Ba\u015fkan Yard\u0131mc\u0131s\u0131 Bay Masahito Fujii&#039;den selamlar\" class=\"size-medium\" \/><\/a><figcaption class=\"wp-caption-text\">Hokuryu Belediye Meclisi Ba\u015fkan Yard\u0131mc\u0131s\u0131 Bay Masahito Fujii&#039;den selamlar<\/figcaption><\/figure>\n<h3>Dinleyen insanlar<\/h3>\n<figure class=\"wp-caption aligncenter\"><a href=\"https:\/\/photos.google.com\/share\/AF1QipPDoAm6ipceQrKfymxWQQQAyO2jpqD389rz22x0_uUMGyQpxHXHQFmSlcn9KUwqJw\/photo\/AF1QipPelWEKimcFVViUQ79DwWs-69eRN37CYwNnwDw?key=QURtY1dlMjBRWFZnS1NuV2FkRUpYSzVoT0ZmQzJn\" target=\"_blank\" rel=\"noopener noreferrer\"><img decoding=\"async\" src=\"https:\/\/lh3.googleusercontent.com\/yQqKY-c9b0Ti8iBEyWL5KpvGMTilxsGbEFt1QphgyqQlvzGkh-skkjNWYGOfbRDuMcSOGWNJ6mfqE8kM_eGxcVZTq5NbMkKAOM1JpXaRLHFrkcyq3IyoJd1lLY8Lo-HTiZ2NXpH7qEmCX4Z8xFMSLhUuXcQhryGvtPRiAQW34lAVhvoJwuU_E3QqG0MmuJq5PjlP3k0HxqkkqK5vsjHrdDSpezJz6EwTaHXf9IGDCel_ycEtGw3_zERtzp43uu8_42_UQBd217rlhyH7GcDYmaLelNG7fqRKyLTdGTVQyY5c0mzsxMjND91QzhbCxMg2PYeJJ-mvzPkAa_k_z7v4QkeNAA2GrDJL255jjTgbkvAdPza7t3rdXaGtsiianSgH28Zt2h3aJdCXvv-qdqnXpFenVR6s487OLfOFDphp5MGtRzy4XSGV6kx6ICJi7ml-cDNTgkFK-ijpqyO5UvLswFBeG3AShpijnfL7otT6WV_fj7bahYccwm-B8aKqZh_z0dQI2tSBvo5U_f3-nBCX5otDOc_onGahiVSZFBNULfehMYsDFvLP_8oB_7efrdt66m9-VK-eMa_GcHH39LkpmHRER4tPQOywkO8I-chZn1VgiSuuthjngjqhePG9OpPW2dhvzFPFCft67hVOVSnKj3q8QwkZSib5yYz5AjMxPVQgCXWkrwyHTtaz1Rrzvm14a47iM4Tikd2Vh3SBxXSAPGh6WCv-hlKA6YQzW3MH9RcDmm0=w1942-h1294-no\" width=\"1942\" height=\"1294\" alt=\"H\u00fck\u00fcmet binas\u0131 \u00f6n\u00fcnde toplanan halk\" class=\"size-medium\" \/><\/a><figcaption class=\"wp-caption-text\">H\u00fck\u00fcmet binas\u0131 \u00f6n\u00fcnde toplanan halk<\/figcaption><\/figure>\n<figure class=\"wp-caption aligncenter\"><a href=\"https:\/\/photos.google.com\/share\/AF1QipPDoAm6ipceQrKfymxWQQQAyO2jpqD389rz22x0_uUMGyQpxHXHQFmSlcn9KUwqJw\/photo\/AF1QipPVNBO3BFxgRnAGkQzRJ2SGQ4e2qEWssD53aTc?key=QURtY1dlMjBRWFZnS1NuV2FkRUpYSzVoT0ZmQzJn\" target=\"_blank\" rel=\"noopener noreferrer\"><img decoding=\"async\" src=\"https:\/\/lh3.googleusercontent.com\/QAfLiu1AQIMBX_Lq2fy1fILBFblnQ-aayaDgtcT_tDZtf0BvRfz-0421CLudwUVHcM0G-E37iUnRx1TCq20IohB-bsivkhj3YJQC8jYmop3kO7ZLU2iOmSQffAZqmKZS5fZNS50QZNecsJAJI8vw94eYIV3Uwd0LtGnAEY5hSjTZUEDAX2ntF0HGONy2KCutwVgaOMHYw9cmqhLS7sEW-lEAYhBBJ6urGZngnoxEmXWinwJJ0EqSUKm0xluxqeZGRf2vud5gOy0kLnG2jWQyWFe5acMO4N3GlOW7mJXn-Zn6g3hlp49dhZz2KYNn7OdzOgKlpIMR_Dvl4qDhWrwmmCcn6Ett_c3AuCGJRmaRdyqi2O_6wWB5ieHW82JmnmdCjr4_xxIJlzFAm2crVQknihiI3n3MPirJWZQwp-WXKnnVFcwyAV1K_Km3p9WQ3dJZDDM3uHjsXTAwUluuLmnZv6E7QrnIQyQqo9qfW9VjaTIlpKNz4U51cfDyN-t7IKWBovNdcu9IJwAO9NIK_X97UYt2h6rN6eop0yVw-0LP0lVtqYoh97BDvTF0UNEbXloMCQ0aPfKeX7QYQD0raSSihwI-IzDYLBD4to7ceDnnANQnrPgtSZSwymdyb4vv1Z7RgpjU7-m3WZHPuHbe_0mfND__OGz-cunHPlcZFDN97nZM8cbjAtSi2AWrC1lhxe7MRqjeJRrH2PUBbj6GQfRz-ELX_zOj0lNt1OhWPEijNSyXeBI=w1942-h1294-no\" width=\"1942\" height=\"1294\" alt=\"\u0130nsanlar ac\u0131mas\u0131zca so\u011fuk havada dikkatle dinliyorlar\" class=\"size-medium\" \/><\/a><figcaption class=\"wp-caption-text\">\u0130nsanlar ac\u0131mas\u0131zca so\u011fuk havada dikkatle dinliyorlar<\/figcaption><\/figure>\n<h2>Yutaka Sano&#039;nun ilk sokak konu\u015fmas\u0131<\/h2>\n<figure class=\"wp-caption aligncenter\"><a href=\"https:\/\/photos.google.com\/share\/AF1QipPDoAm6ipceQrKfymxWQQQAyO2jpqD389rz22x0_uUMGyQpxHXHQFmSlcn9KUwqJw\/photo\/AF1QipNJH8mM3xkjOF5CnNOjyLgvVibd-A4_N4g2_hA?key=QURtY1dlMjBRWFZnS1NuV2FkRUpYSzVoT0ZmQzJn\" target=\"_blank\" rel=\"noopener noreferrer\"><img decoding=\"async\" src=\"https:\/\/lh3.googleusercontent.com\/4xW4INBmeDLYLWC2VgqNom6gBAKTl4On6z2-5VGxzmUIi4hnLDx_wfoI1tx1CV5ZM2qTMF--2gcJGrWw0XkUFwwAOJGVYfN7DIcStHgBK9SzOT1zTAFMY5CL0DeqYZBl5euAh_UApJZHFd7AdnZCEdTHwVNCbDdVEGVauN6MV_vfBtHwDrz2RskXxcZpz-1K7pJM313l4TpeVuquYFG9glElnPgYYmziG5QAppnSPBXf1Zl-x7D0XOibnUaW0bdkgQFe1h6bfG67abY5Vb-xIJ-rde2BCLW74in1V-IYwgNaHzNK9bNw4MaJ3f7ed_hTQWdJEyx_mOpaTFPOGUJfwFxzmDNemx1KR1QkF3O-2baJSmuHNnTFVmNwYdMYbqRR5XulWTxro8FZ1yC5AULPtWv-b8fVtAqMHj3DWpK3_8A0s5bwpbYvLQwJcl5fjZ8vZwOX7MrJfsM6Kw9McVrLLPY55oF6RvodXXOLHxvW6V9Je9CIPGSvb5DOEKxSFVbxzlabksTrD3RmLveMolaYMKQFbsngk9iDgXnPkBe-e6liapONJSSbjwBD7H1UzIm76tZjVHroD8oAjtuSBaIgELeeoQpduL7rxWNmAVjn61_PndU22uObC7_1SYLHtLLCcCBYqcXO_g0uPJDrgNSwsv64tU0PiL7QWWWmQFD7nuVHqBn_VxURbN5lsc6D-VJEpW9T9lyz-4A04wAPnWMBRsvB_2sqA8UHaYCFIYSCqVXUdHs=w1942-h1294-no\" width=\"1942\" height=\"1294\" alt=\"Yutaka Sano tutkuyla konu\u015fuyor\" class=\"size-medium\" \/><\/a><figcaption class=\"wp-caption-text\">Yutaka Sano tutkuyla konu\u015fuyor<\/figcaption><\/figure>\n<p>&quot;Bu y\u0131l\u0131n \u015fimdiye kadarki en so\u011fuk g\u00fcn\u00fc. Ac\u0131 so\u011fu\u011fa ve yo\u011fun programlar\u0131n\u0131za ra\u011fmen, bug\u00fcn burada \u00e7ok say\u0131da insan bir araya geldi. Samimi \u015f\u00fckranlar\u0131m\u0131 sunmak istiyorum. Hokuryu Kasabas\u0131 belediye ba\u015fkanl\u0131\u011f\u0131 se\u00e7imi nihayet duyuruldu. \u00dc\u00e7 kez belediye ba\u015fkanl\u0131\u011f\u0131na aday oldum, t\u00fcm kasaba halk\u0131n\u0131n mutlulu\u011fu ve g\u00f6n\u00fcl rahatl\u0131\u011f\u0131 i\u00e7inde ya\u015fayabilmeleri i\u00e7in dua ediyorum. Deste\u011finizi rica ediyorum.<\/p>\n<h4>T\u00fcm sakinlerin &quot;sevin\u00e7 payla\u015fabilece\u011fi&quot; bir kasaba yaratmak<\/h4>\n<p>Toplumumuz b\u00fcy\u00fck de\u011fi\u015fimler ge\u00e7irirken, k\u00fcresel \u00e7evre sorunlar\u0131ndan, b\u00fcy\u00fck hasara yol a\u00e7an do\u011fal afetlere kadar her alanda tarihi bir d\u00f6n\u00fcm noktas\u0131nday\u0131z. Hokuryu Kasabas\u0131&#039;n\u0131n cazibelerinden en iyi \u015fekilde yararlanarak, ay\u00e7i\u00e7e\u011fi ve &quot;Hokuryu Kapl\u0131calar\u0131&quot; tatil tesisi etraf\u0131nda merkezlenen g\u00fcvenli ve emniyetli tar\u0131m \u00fcr\u00fcnleri \u00fcreterek, t\u00fcm sakinlerinin &quot;sevin\u00e7 payla\u015fabilece\u011fi&quot;, \u00e7evreye, g\u0131daya ve sa\u011fl\u0131\u011fa odaklanan bir kasaban\u0131n geli\u015fimini te\u015fvik etmek istiyorum.<\/p>\n<figure class=\"wp-caption aligncenter\"><a href=\"https:\/\/photos.google.com\/share\/AF1QipPDoAm6ipceQrKfymxWQQQAyO2jpqD389rz22x0_uUMGyQpxHXHQFmSlcn9KUwqJw\/photo\/AF1QipNvu_WHcnzUmU8_wP68Qia0IxSIKjHCmE4zP3M?key=QURtY1dlMjBRWFZnS1NuV2FkRUpYSzVoT0ZmQzJn\" target=\"_blank\" rel=\"noopener noreferrer\"><img decoding=\"async\" src=\"https:\/\/lh3.googleusercontent.com\/6R4_zEY_KldVT_Z2Cwwmrg1ee2GbfajyUvoyHGiqzfEMQXu0JWSupB2okcngS78Fc5-wwiRJ6oSjGSrGak4vF1ZIdOWcsFKzrGMvJNY4C3iofPB7WxVvlDB-rqKtXqNZV2SQw03EATiojlK-_aLhHNCP42QSBmHb0ZxrHCuuss0oh1MISTCHhXh-5b7oLP2cduzfLh3u58P2NppJWZapFzod_BnWkELLjmorY0GXUAn9MfV2HAQOXx5nAC7NzZ_04frs-h1ZKVTb8Bu42hCP3rHIpMRD4QEhqbiH5X0jn-hBhts48syC5BWyAkzsTai8XnpuSgeApOeeA0mNZP2enp-HEzQvhbKvZP-XUliWIUGYOOisUxR0ef6H6Nnu_aSBl7UWZ7A7jdeNpxSE8SGLj7ZmUo2mYDfl1DxJZR3l-gY77jbetOc_xXHOJa9cz2DXDGFUeb229NIelEleef7UZqUTIpXraBAjUva-j_JpABsXqOWazmnGlBi64XyC1RB8V0IqujD-iYIXCtd4X3xGnORkW-RZZAteeRMQcOld24ncHtal5soOhAngRtPCl-j5lmuCsTFL6AszEghmuarxS1R2wNgnsGIoegfQGFQ8LcyUZ8fUDQtHPdOcMtL8hBvb8VXL1iGB4Hk7d4J0gfF9iJYlH-Gkh00S1bSH0gg54uk9wrDYuYjypX6MhRz6rj4lfvi9mHX9G8ZRTwcGwa3RIb147G4wN4hZPtxRnQdS2fViRWg=w1354-h903-no\" width=\"1942\" height=\"1294\" alt=\"Yutaka Sano ve e\u015fi Tomoko\" class=\"size-medium\" \/><\/a><figcaption class=\"wp-caption-text\">Yutaka Sano ve e\u015fi Tomoko<\/figcaption><\/figure>\n<h4>Hokuryu Kasabas\u0131nda tar\u0131m\u0131n te\u015fvik edilmesi<\/h4>\n<p>G\u00fcvenli tar\u0131m \u00fcr\u00fcnleri \u00fcreten Hokuryu Kasabas\u0131&#039;n\u0131n tar\u0131m\u0131 \u00fclkenin d\u00f6rt bir yan\u0131ndan ilgi g\u00f6r\u00fcyor. Hepinizin bildi\u011fi \u00fczere Ay\u00e7i\u00e7e\u011fi Pirinci, Japonya Tar\u0131m Standartlar\u0131&#039;n\u0131n A\u00e7\u0131klanan \u00dcretim Bilgileri Tar\u0131m \u00dcr\u00fcnleri&#039;ne uygun olarak Ay\u00e7i\u00e7e\u011fi Pirin\u00e7 \u00dcreticileri Birli\u011fi taraf\u0131ndan sertifikaland\u0131r\u0131lm\u0131\u015ft\u0131r. Hokuryu Kasabas\u0131, \u00fclkede bu sertifikay\u0131 alan tek \u00fcretim kooperatifidir.<\/p>\n<p>Hokuryu Town Ay\u00e7i\u00e7ek Pirinci Japonya&#039;n\u0131n en g\u00fcvenli ve en g\u00fcvenilir pirincidir. \u00d6nc\u00fc bir pirin\u00e7 tar\u0131m\u0131 b\u00f6lgesinden \u015fehre geliyorlar. \u015eirket, t\u00fcketicilere g\u00fcvenli g\u0131da ula\u015ft\u0131rd\u0131\u011f\u0131 i\u00e7in b\u00fcy\u00fck \u00f6vg\u00fc ald\u0131 ve Japonya Tar\u0131m \u00d6d\u00fcl\u00fc B\u00fcy\u00fck \u00d6d\u00fcl\u00fc&#039;ne lay\u0131k g\u00f6r\u00fcld\u00fc. Hokuryu Kasabas\u0131&#039;n\u0131n pirin\u00e7 \u00fcretimi art\u0131k Japonya&#039;da bir numara.<\/p>\n<figure class=\"wp-caption aligncenter\"><a href=\"https:\/\/portal.hokuryu.info\/tr\/hokuryu-himawari-rice-pc.html\/\" target=\"_blank\" rel=\"noopener noreferrer\"><img decoding=\"async\" src=\"https:\/\/lh3.googleusercontent.com\/QTnibIq9YF8qHytjOVHvB_P3JaVSIF4w0ujfnjGSM_SjLBh2_BfeE7URMCFkEenms3FJxyshAOrSf8n0NtuwMUq4T_HyZQbWOAzBl_GgahtRQmUPUjtsYqShpKcqvqMXMp-h_4e8f13xJDwP1nx59GXjXfhv6bPWgxmbL3zee2dCFv46NeyEpQsswsK6Uf36aj37R38qA2AjuVpHZ1u5fjA9ZKm_ADFW2liFyOUB6QtQ0XFs5CVMkoJt9IGXlwP9auYx7uDk9zkvUzrkM6dMNLdXtprIGcPEaxoGl5LUuClH5UYX5oms9b0HwLqhgceCvGmx3c_No1diNBAJjAz8DueC_CmjJHoy-S4zbKz8nDASu84eQtS0SGxifUxanZMklF1z7ti4ULdNwRaPm3U5IGlkNSvU7eGZZ7kS_apHnRm_3k5rPHreu8KFysiISOwMTnaNbCTYRDlhk5OgJBzyEzEBcvz0ny0HSZ6t2R9H3j-EA937CisaIcEbutTkqqSYZrKj2u87J5tNB7n8FOzCyOQXvd-Vu8pxaRvzlwm2LcYElHTrQR7G6XNb2pGHKw9K75AwyuKdVJGqbGlMq5qpL4QEJMPXb9i_dkGkUYlbi77QaPXRHNV-OwM9_w5Dtc8OKEMSnoqMLCXgl6d1Uuq-UQbt46CJJn1PMZftCoGsqF5DOKEodT9FjnenqnxQf4AQoPNQy2It4sCDIeu22X4gg_usw_Ko03KsOybZJETEq5dRrwI=w974-h890-no\" width=\"1942\" height=\"1294\" alt=\"Ay\u00e7i\u00e7e\u011fi Pirin\u00e7 \u00dcreticileri Derne\u011fi\" class=\"size-medium\" style=\"border:solid 1px blue\"\/><figcaption class=\"wp-caption-text\">Ay\u00e7i\u00e7e\u011fi Pirin\u00e7 \u00dcreticileri Derne\u011fi<\/a><\/figcaption><\/figure>\n<h4>\u00dclkenin her yerinden Hokuryu Kasabas\u0131&#039;na duyulan duygular\u0131 besliyoruz<\/h4>\n<p>Ayr\u0131ca, yerel vergi ba\u011f\u0131\u015flar\u0131 a\u00e7\u0131s\u0131ndan Kitary\u016b Kasabas\u0131, 2015&#039;ten bu yana be\u015f y\u0131l \u00fcst \u00fcste 300 milyon yen&#039;in \u00fczerinde ba\u011f\u0131\u015f ald\u0131. Bunun nedeni, Kitary\u016b Kasabas\u0131&#039;n\u0131n ay\u00e7i\u00e7e\u011fi pirinci, ay\u00e7i\u00e7e\u011fi kavunu, Kurosengoku soya fasulyesi ve pirin\u00e7 keki gibi g\u00fcvenli tar\u0131m \u00fcr\u00fcnlerinin \u00fclke genelinde olduk\u00e7a itibar g\u00f6rmesidir. Bu mali y\u0131l i\u00e7in memleket vergi ba\u011f\u0131\u015flar\u0131n\u0131n nihai miktar\u0131n\u0131n 542 milyon yen olmas\u0131 bekleniyor. Ger\u00e7ekten \u00e7ok mutluyum.<\/p>\n<p>Hokuryu Kasabas\u0131 i\u00e7in \u00fclkenin d\u00f6rt bir yan\u0131ndan gelen duygular\u0131 \u00f6nemsiyoruz ve ba\u011f\u0131\u015flar\u0131 ak\u0131ll\u0131ca kullanaca\u011f\u0131z \u00e7\u00fcnk\u00fc bunlar kasaban\u0131n gelecekteki geli\u015fimi i\u00e7in de\u011ferli bir finansman kayna\u011f\u0131. Uzun y\u0131llard\u0131r g\u00fcvenli, g\u00fcvenilir ve kaliteli pirin\u00e7 \u00fcreten t\u00fcm \u00fcreticilere en i\u00e7ten \u015f\u00fckranlar\u0131m\u0131z\u0131 sunmak isteriz. Tar\u0131m \u015firketlerinin kurulmas\u0131na destek sa\u011flayarak, gen\u00e7 varislerin evlenmesine yard\u0131mc\u0131 olarak ve aktif olarak tar\u0131m stajyerleri kabul ederek Kitary\u016b Kasabas\u0131nda tar\u0131m\u0131 g\u00fc\u00e7l\u00fc bir \u015fekilde te\u015fvik etmeye devam edece\u011fiz.<\/p>\n<figure class=\"wp-caption aligncenter\"><a href=\"https:\/\/portal.hokuryu.info\/tr\/furusatotax.html\/\" target=\"_blank\" rel=\"noopener noreferrer\"><img decoding=\"async\" src=\"https:\/\/lh3.googleusercontent.com\/lxtNE5jZntBqzbzLH_uLsKfl0Oa1ZjoTN4l4r9rvHOyfJtwFF1et7Z-6jPCI5Lnl66eTiq62bDW3i7gWseDliuKPUz8FM8sK1lBflVzA9tr3QEZ3YzVSI6OwnVSMPRjjEEh-kMFgnAvdj7WARP5jiqfraBsSw0bj4nLOPmsRI63qF09DOXSfKPsVlOekIBl5lCyEpUxay-N0pdnXIXAMn7785xKmiIFmyJ_N_Xfbvu4DGDfzcPicYP1dTkGuMWXUIIi9lES24MWQuQ0Yx7EVmQxBFqoJjPplXrwCkRblQ-ti9AC-teVYWSlBUQmLN4d1i0TgxsPiLfKc-jw_P7Y-HnuMYg7kvEnhhLb5T-1t973iycEELV-AkxWuk6hFNiseWJSMk7lzGncugOs6IfknpfuM4Pa8y3M9AScE6nPHTjlUap0lp-MSe2BPDf3waedZeWwEZOB03YasfaaHqN2QmSSYM9uIvMF5isskp4CQqyOBZ42XvhtD5ghm2SFfcJ3BKAyrsRCg0VmmVMfbvDioYBpMSaOfGA0sJSS_qXq-H-XyIXz0mcD_3wsC6ae8gvF4yBcFh_rGMDDgyDRNu7VPcrj--1xUorKWKjHd2c-FNrjaG2rA=w489-h346-no\" width=\"1942\" height=\"1294\" alt=\"Hokuryu Kasabas\u0131na g\u00f6nderdi\u011finiz nazik mesajlar\u0131n\u0131z ve ba\u011f\u0131\u015flar\u0131n\u0131z i\u00e7in te\u015fekk\u00fcr ederiz!\" class=\"size-medium\" \/><figcaption class=\"wp-caption-text\">Hokuryu Kasabas\u0131na g\u00f6nderdi\u011finiz nazik mesajlar\u0131n\u0131z ve ba\u011f\u0131\u015flar\u0131n\u0131z i\u00e7in te\u015fekk\u00fcr ederiz!<\/a><\/figcaption><\/figure>\n<h4>Turistlerin y\u0131l boyunca ziyaret edebilece\u011fi bir ay\u00e7i\u00e7e\u011fi k\u00f6y\u00fc haline getirmek<\/h4>\n<p>Ay\u00e7i\u00e7e\u011fi K\u00f6y\u00fc&#039;ne gelen turist say\u0131s\u0131 her ge\u00e7en y\u0131l artarken, ge\u00e7en y\u0131l Ay\u00e7i\u00e7e\u011fi Festivali&#039;nin normalden be\u015f g\u00fcn daha az yap\u0131lmas\u0131na ra\u011fmen, 286 bin turistle \u015fimdiye kadarki en y\u00fcksek ikinci turist say\u0131s\u0131na ula\u015fan Ay\u00e7i\u00e7e\u011fi K\u00f6y\u00fc, hareketlili\u011fini s\u00fcrd\u00fcrd\u00fc.<\/p>\n<p>\u0130nternet arac\u0131l\u0131\u011f\u0131yla sa\u011flanan geli\u015fmi\u015f bilgi yay\u0131l\u0131m\u0131 ve kasabadaki gen\u00e7ler taraf\u0131ndan kurulan yerel kahramanlar North Dragons&#039;un ola\u011fan\u00fcst\u00fc \u00e7abalar\u0131 sayesinde turist say\u0131s\u0131 her ge\u00e7en y\u0131l art\u0131yor. Ay\u00e7i\u00e7e\u011fi K\u00f6y\u00fc art\u0131k sadece Japonya&#039;n\u0131n de\u011fil, d\u00fcnyan\u0131n d\u00f6rt bir yan\u0131nda en muhte\u015fem manzaralardan biri olarak biliniyor ve bir\u00e7ok ziyaret\u00e7inin kalbini fetheden manzara, kasaba halk\u0131n\u0131n uzun y\u0131llar s\u00fcren s\u0131k\u0131 \u00e7al\u0131\u015fmas\u0131n\u0131n sonucudur. Ger\u00e7ekten \u00e7ok mutluyum.<\/p>\n<p>Ay\u00e7i\u00e7e\u011fi K\u00f6y\u00fc&#039;n\u00fcn in\u015fas\u0131n\u0131n \u00fczerinden 30 y\u0131l ge\u00e7ti. G\u00f6zlem g\u00fcvertesi ve turizm merkezi h\u0131zla bozulma belirtileri g\u00f6steriyor. Ay\u00e7i\u00e7e\u011fi K\u00f6y\u00fc, temmuz ay\u0131n\u0131n sonundan a\u011fustos ay\u0131n\u0131n sonuna kadar s\u00fcren bir ayl\u0131k bir etkinliktir. Bu ay\u00e7i\u00e7e\u011fi k\u00f6y\u00fcn\u00fcn gelece\u011fini dikkatlice d\u00fc\u015f\u00fcnd\u00fckten sonra, y\u0131l boyunca turist \u00e7ekecek \u00e7e\u015fitli etkinliklere ev sahipli\u011fi yapmay\u0131 d\u00fc\u015f\u00fcn\u00fcyoruz.<\/p>\n<figure class=\"wp-caption aligncenter\"><a href=\"https:\/\/portal.hokuryu.info\/tr\/111\/\" target=\"_blank\" rel=\"noopener noreferrer\"><img decoding=\"async\" src=\"https:\/\/lh3.googleusercontent.com\/R56NUF63HwSZhVRpoHYz3x0pANiaPuF66g9WmUlutYvCHQ-xw1xliEqoeRo5fr0P-3bS52GAdWb0zki2CblpEqp7mLm0-09e2mu9SOaIeFfjgXC7_NOFQ-l5ca6K3rIOC96dgPRtsHydB5HNNZasc38ENIrveiesJDtWGui9S7ymJlK-KW0uCKWSEf2PeoI3ZEQwkw0k5x-TE0Kf46HjKafBCc6W_MmA7WzUcN-ZUQNeIW4Xg28khNGculFPtKgVUePX69_HfUr6wxdS_ZKG7OrUElt4d2Dsxm-zjNHBodno9Uyics23bMuGhfbF8Mb0xGPBd2sU2YaW9twWdVVVMVdAq-FF2HYELLZvSu3uxA8IfwsNra-BYIc4GmPGA6I2a9mWrqCC-wLPI-4-P2ANoxLBkd1ENtASVkvvr3nBHXJn8Mch-CuEHfZLB1ux0z1J_jgvh31hBKLimrqdh9C-vC-SehIpNE0tbLj1rgbT2MUHwwmdBh6oIhkGsE1LZiJ0AS1BS-v1V-3Mu8ZWPNXF2wk9KKLM-4qi8UcwsEN3LzNOycMBMV64OUodwzsfWzruREfLJOy8dkNQn3Y_LSRfiFwFqDbGRZtj_Hnbad0tFjQZ8Kg0lCj3ViuB3aJeoZIeyvU68y3K6d3Q8XrrNxNjYRi0i2pl2c1grjTx8Zp-5S81qYC-h87yjvVRcMf5gOUcTIMyfnqzn0kOexMoIAmS529HSVdOen5Hjbc4r2W42NpY9pk=w1239-h842-no\" width=\"1942\" height=\"1294\" alt=\"4. Himawari no Sato Temel Plan\u0131 Taslak Komitesi\" class=\"size-medium\" \/><figcaption class=\"wp-caption-text\">4. Himawari no Sato Temel Plan\u0131 Taslak Komitesi<\/a><\/figcaption><\/figure>\n<h4>\u00c7ocuklar kasaban\u0131n hazineleridir, bu y\u00fczden \u00e7al\u0131\u015fkan \u00e7ocuklar\u0131 destekleyin<\/h4>\n<p>\u00c7ocuklar bir kentin hazinesi, gelece\u011fini ta\u015f\u0131yacak temeldir. T\u00fcm ebeveynlerin \u00e7ocuklar\u0131n\u0131 g\u00f6n\u00fcl rahatl\u0131\u011f\u0131yla yeti\u015ftirebilmeleri i\u00e7in Japonya&#039;daki en iyi \u00e7ocuk yeti\u015ftirme deste\u011fini sa\u011flamay\u0131 hedefliyoruz.<\/p>\n<p>Ge\u00e7ti\u011fimiz y\u0131l \u00fclke \u00e7ap\u0131nda yap\u0131lan akademik ba\u015far\u0131 testlerinin sonu\u00e7lar\u0131na g\u00f6re, Shinryu \u0130lkokulu&#039;nda alt\u0131nc\u0131 s\u0131n\u0131f \u00f6\u011frencilerinin aritmetikten, Hokuryu Ortaokulu&#039;nda ise \u00fc\u00e7\u00fcnc\u00fc s\u0131n\u0131f \u00f6\u011frencilerinin Japonca ve matematikten ald\u0131klar\u0131 puanlar\u0131n ortalamas\u0131 \u00fclke genelinde birinci s\u0131rada yer ald\u0131. Hokkaido ve Sorachi&#039;deki ortalama puan ulusal ortalaman\u0131n alt\u0131ndayd\u0131, ancak Hokuryu Kasabas\u0131&#039;ndaki \u00e7ocuklar ger\u00e7ekten ola\u011fan\u00fcst\u00fc sonu\u00e7lar elde ettiler. \u00c7al\u0131\u015fkan \u00e7ocuklar\u0131m\u0131z\u0131 destekleyece\u011fiz, onlara gelece\u011fe dair hayal kurman\u0131n \u00f6nemini \u00f6\u011fretece\u011fiz, bu hayalleri nas\u0131l ger\u00e7ekle\u015ftireceklerini g\u00f6sterece\u011fiz, b\u00f6ylece sosyal fark\u0131ndal\u0131k sahibi \u00e7ocuklar yeti\u015ftirece\u011fiz.<\/p>\n<figure class=\"wp-caption aligncenter\"><a href=\"https:\/\/portal.hokuryu.info\/tr\/topics\/culture\/20191227-1.html\/\" target=\"_blank\" rel=\"noopener noreferrer\"><img decoding=\"async\" src=\"https:\/\/lh3.googleusercontent.com\/YF6zJ6K17sN21e8yub-KwVx6hS_KN0tcjB8xLhMETqWcMMVM9rxbstzHWUzMepBb54FYpfAKwC0JsA3osadSFmfEmy3zJVCQV5VInuDY3f6QHumHFYxc8OyIxhWNCCnRb4mpLW_4qYIABwEHTauAuI8jzyva12Z7K5q4-HkTsEazzSCAOJw0HT1m2bSY7d7NQRWVZ_DMzX2hq5D43QnJ-x9Z32bJud111Kw2dx0ZE9KuepWX8OJFSpjeT2L_TJGJsr56T1AF81Wf2SStk8S7I7QXQwy2WrOim-uPUiuDHLwkr3_hv1RZDF9-qEiFLn-5pVgaA0XAoUgPVMovKp05RGrQYCKkkL3NZXHUcWmkvGTgfKAQXbk1X2xQccLk5fUrfrwU7KqLyl6xcUpWbhDxrQQMd3o1yHig16SCRaQ97p77PkQGRFwmGD3oecO8HxrufBJzWQCpD6m2zizi0JwIwuhQrJGp2ZZTGlMhq1vJq6SZvcPlO_mquJKMLBIbONcZWXu1UNo9CY-Mgc_ToZHLph3FTTwkTCyn1h7xK9wSOMfj9eSAFjqbFD_BgjQpn6AZzvu-_Z5AEIRxjiPE9_Uc1HL5X3xuytdd7Kc5RlC5e3P7JVdsNH1v0mMvOylAZLt0ry7rkvjJnxFd64Ti9ytUTsy0WeJxg3rHWe8rAjGzvG7kZuGxunL-OPG1rGlHf2BxLyiZuKTNdE_JTDrA9hPt2oOBhiJykGKo9pSK3yE9Zebbl_E=w1196-h897-no\" width=\"1942\" height=\"1294\" alt=\"Kengo Kuma taraf\u0131ndan tasarlanan Hokuryu Kasabas\u0131 Yawara Anaokulu\" class=\"size-medium\" \/><figcaption class=\"wp-caption-text\">Kengo Kuma taraf\u0131ndan tasarlanan Hokuryu Kasabas\u0131 Yawara Anaokulu<\/a><\/figcaption><\/figure>\n<h4>\u0130ki proje: kar koruma ve temel<\/h4>\n<p>Son olarak bu se\u00e7im bittikten sonra iki projeyi hayata ge\u00e7irmek istiyorum. Bunun nedenlerinden biri de kuzeyde k\u0131\u015f hayat\u0131n\u0131 yeniden yaratmak istememiz, bu nedenle karla ba\u015fa \u00e7\u0131kma yollar\u0131n\u0131 d\u00fc\u015f\u00fcn\u00fcyoruz. Kasaba halk\u0131 kar\u0131 temizlemek i\u00e7in \u00e7ok yo\u011fun bir \u015fekilde \u00e7al\u0131\u015f\u0131yor, bu nedenle oradaki ya\u015fam\u0131 onlar i\u00e7in daha konforlu hale nas\u0131l getirebiliriz diye d\u00fc\u015f\u00fcn\u00fcyoruz ve karla ba\u015fa \u00e7\u0131kmak i\u00e7in \u00f6nlemler almak istiyoruz.<\/p>\n<p>Bir di\u011fer konu da herkesin ula\u015f\u0131m imk\u00e2n\u0131na sahip olmas\u0131n\u0131 sa\u011flamak. Toplu ta\u015f\u0131man\u0131n daha da iyile\u015ftirilmesi. \u015eu anda payla\u015f\u0131ml\u0131 taksi ve okul otob\u00fcs\u00fc kullan\u0131yoruz, ancak bunun yeterli olmad\u0131\u011f\u0131 y\u00f6n\u00fcnde geri bildirimler ald\u0131k, bu nedenle yerel toplu ta\u015f\u0131may\u0131 herkesin kabul edebilece\u011fi \u015fekilde kolayla\u015ft\u0131rmak istiyoruz.<\/p>\n<p>Belediye meclisi, y\u00f6netim ve kasaba halk\u0131yla detayl\u0131 g\u00f6r\u00fc\u015fmeler yapt\u0131m ve onlar\u0131n anlay\u0131\u015f\u0131yla \u00fc\u00e7\u00fcnc\u00fc d\u00f6nemimde de belediye y\u00f6netimini y\u00fcr\u00fctebilece\u011fime inan\u0131yorum. Daha anlatacak \u00e7ok \u015fey var ama hava \u00e7ok so\u011fuk oldu\u011fu i\u00e7in burada bitiriyorum.<\/p>\n<h4>Halk\u0131m\u0131z\u0131n mutlu olabilece\u011fi bir kent yaratmak i\u00e7in \u00e7ok \u00e7al\u0131\u015faca\u011f\u0131z.<\/h4>\n<p>Ya\u015fl\u0131lar\u0131m\u0131z\u0131n refah\u0131n\u0131 art\u0131rmak ve ticaret ve sanayiyi desteklemek i\u00e7in ald\u0131\u011f\u0131m\u0131z tedbirleri tam olarak uygulamaya devam edece\u011fiz, bu nedenle anlay\u0131\u015f\u0131n\u0131z\u0131 rica ediyoruz. Kasaba halk\u0131n\u0131n huzur i\u00e7inde ya\u015fayabilece\u011fi, mutluluk dileyecekleri bir kasaba yaratmak i\u00e7in \u00e7ok \u00e7al\u0131\u015faca\u011f\u0131m, bu nedenle sizlerden bir kez daha destek \u00e7emberini geni\u015fletmenizi rica ediyorum. A\u00e7\u0131l\u0131\u015f konu\u015fmam\u0131 burada sonland\u0131r\u0131yorum. Say\u0131n Sano b\u00fcy\u00fck bir co\u015fkuyla, &quot;Deste\u011finiz i\u00e7in hepinize \u00e7ok te\u015fekk\u00fcr ederim&quot; dedi.<\/p>\n<figure class=\"wp-caption aligncenter\"><a href=\"https:\/\/photos.google.com\/share\/AF1QipPDoAm6ipceQrKfymxWQQQAyO2jpqD389rz22x0_uUMGyQpxHXHQFmSlcn9KUwqJw\/photo\/AF1QipM7KqdjSay6ROiaymPmCz5hRqRXLKcFjkrIveg?key=QURtY1dlMjBRWFZnS1NuV2FkRUpYSzVoT0ZmQzJn\" target=\"_blank\" rel=\"noopener noreferrer\"><img decoding=\"async\" src=\"https:\/\/lh3.googleusercontent.com\/rteAo8b8mBcUflSUGP7VEF8o5yxzZqAGHOWimiWl9mbZZ5AcwlAwi0SJMROulzn_Fip03EvalkKl8BYoJuVp_tpxKpSYEB6bstiqmJwvkO6znRagMGZel9AGA2g070fF8-DcVX7-ywPAIhhbxnHmJgbA8LAwZZcRC8DQ6ODBOpvlTwwG7nN6bDYoqmYte-UUIudytQhZ5d2-0ECGMnM_yXo00DjMwvW0KfLFB8DsAi1JCCCCCWUmBPGfpUE0SKnTOu3jnR6XNp0rqxmlIc__2iigiPXdOd2OZJIAh_Iv1DVxSjsDiKsTou2U2UYFPXwtMzFhxlOMUaTECso4poOftUgVfGdLKrHrDpivtSgwBuf8UJgSx0RzyHKyM4fiIOMzccCTXXw3G-ckp2tg0lcMopvFDkHbBNIaZmM7v6A5XO3LfyTnKBMiIK1ZTAGLo2xKmwCjrDKfH98VxAcUif71hvyC_SCZGmNQstQEOkqUOoAL2IJc_wby7NelSTi2Y8Y2I26bWJOL4YZasIGFJXTNkeW4M_UneUaQ6Sx4tRJan0Xr_0QavN6ilriffsxq3yscTAkx-T509RxomDjvM7DTsO7QmWhKvC9gB5VgDzrX1RMsM6s4-DVsHXFb6DDtYGrNA29EL_zO4wiGVHSPI1H7PAKJ32kvgEepi6VQ3ghMmQIbtZPg5-CVyH6rG_SJtbo2gUhNo6sljSgY9si94iP_CzeIIrZv2lvZ_JKOcVNzo2hDgEs=w1942-h1294-no\" width=\"1942\" height=\"1294\" alt=\"G\u00fc\u00e7l\u00fc bir sokak konu\u015fmas\u0131!\" class=\"size-medium\" \/><\/a><figcaption class=\"wp-caption-text\">G\u00fc\u00e7l\u00fc bir sokak konu\u015fmas\u0131!<\/figcaption><\/figure>\n<h2>Herkes &quot;Gambaro!&quot; diye ba\u011f\u0131r\u0131yor.<\/h2>\n<p>Herkes &quot;Gambaro&quot; slogan\u0131n\u0131 att\u0131, &quot;Sano Yutaka&#039;n\u0131n kazanmas\u0131 i\u00e7in elimizden geleni yapal\u0131m!!!&quot;<\/p>\n<figure class=\"wp-caption aligncenter\"><a href=\"https:\/\/photos.google.com\/share\/AF1QipPDoAm6ipceQrKfymxWQQQAyO2jpqD389rz22x0_uUMGyQpxHXHQFmSlcn9KUwqJw\/photo\/AF1QipPLVUSso-DctBKIPbtY9QdvgZnfR10jR72H8us?key=QURtY1dlMjBRWFZnS1NuV2FkRUpYSzVoT0ZmQzJn\" target=\"_blank\" rel=\"noopener noreferrer\"><img decoding=\"async\" src=\"https:\/\/lh3.googleusercontent.com\/SdXmtRux5acHEyGX0XKuIogoNsAo068H05hjZfRviP5Sg2Z7OFBRVk9tvFVW7QUNZnpElM6Ulw2xfl-Hg-yO-0Em9V1irzYJxFlfH_9dCXK3hKGMZx0HtZN797QEKjjoHaz25YyBxQ1cvOy5K26oGEjb8jl28jTFYrYbVAA1gblQTRXxCtK40l_949hWgjCp4OHmjKRMbRKcWOCPFkw_optAQvmj4C9h4mhRLbpa2ScTtjGo2vUx41vJM8c3m8m3cFuIb0meyL7c94BxjsXrTEaNEOjFH0GIOlg3wBkPRoJWP0LH4-mO-9mcNMSU6xwnRhrRJXdinQ5VeFGiuShHCcCIMCpXeCLQ0MuFiT0XspcXL0hwkO_kt8Ka4jTOD9mLyv2C_gtqg89ws7nNQlodPYYxkH9BL4FbzcRwSxkf22EI8XpkBNk2YrYTcaLgUylNg1eumPLNSEQlSo589DwnD_v60bXO0SwTBF_ueB8kGn6g56jPyzwd1P_x6vWiEDhrgq0e0E_RN0bYnEnl5jLV6XV0IqeZxUnrAtPkek_O9nrVCSCeaEinI6r6sUhucz8-Jj4CAMGJvrrBsAZQmXJpxz_fP4YHdtcb9f4R-SkDIoeN75tOmJIHttkwDQO5qMF2a2zkgnBkK_yJwW1X9Q1LeHJt7BzpXp36jWEjh0U_B25drMUGdzZFopeRqmNG7dEXuZR9Vk97NmxzLTtu6RbkXRtTy7MxAk0TzqgD1F-xL6Ksxso=w1942-h1294-no\" width=\"1942\" height=\"1294\" alt=\"Gambaro \u00e7a\u011fr\u0131s\u0131n\u0131 hep birlikte hayk\u0131ral\u0131m!\" class=\"size-medium\" \/><\/a><figcaption class=\"wp-caption-text\">Gambaro \u00e7a\u011fr\u0131s\u0131n\u0131 hep birlikte hayk\u0131ral\u0131m!<\/figcaption><\/figure>\n<h2>Hokuryu Kasabas\u0131nda Kampanya<\/h2>\n<p>Daha sonra saat 17.00&#039;a kadar hoparl\u00f6rl\u00fc kamyonla \u015fehri dola\u015f\u0131p sokak konu\u015fmalar\u0131 yapaca\u011f\u0131z.<\/p>\n<figure class=\"wp-caption aligncenter\"><a href=\"https:\/\/photos.google.com\/share\/AF1QipPDoAm6ipceQrKfymxWQQQAyO2jpqD389rz22x0_uUMGyQpxHXHQFmSlcn9KUwqJw\/photo\/AF1QipNrPj4wgSCXELHd8WxcYdnrQFT-LeMN6tN0pCE?key=QURtY1dlMjBRWFZnS1NuV2FkRUpYSzVoT0ZmQzJn\" target=\"_blank\" rel=\"noopener noreferrer\"><img decoding=\"async\" src=\"https:\/\/lh3.googleusercontent.com\/1hfR8LKC7Vz_CcrYy38dvdIF6oPKoVmRnCqAwv5eHt3onyyPLBt8i7aKcJIFO44aV-Z1DFfAL17GPOC9sCzQvQ2hvsfGWsxDsTON4huJLsDMrkHRKXEaLoUmjSrCKLXeLQlkUI766jXqtg793mTdMJvI_5WbUOW2t4Td2zgSprKfk2lpwNfOS39N_kzA4lw4_driwSA0Q5AG5G0xoClkJwXAcHdpgtRWXUM6FJ1JEUCrnpNLrsuFzOoxDv9S__lVMMm13tzZOw6H3Un647p6dqC2CSIVN8HH2LKPeG-11OdQz0aXl5MyVkzO8AGMkyCBQfQEEVwPs_ednPHgE2JVJKFvYF6_B0PO7s7VZd0Q06187lS_VJHRyAa5JXeOZ89WMMa69ZMRfcPgtP4t467-B_pyUt2pfi70SHCHfc4oHQXZRtHZOUCOwQ8GrmqFgYWfHrXigekvPMmHwLnkE9HKnC6bvaCCtv0oIVdFDub3m4sP9vL0KBYCdyHlqbJpcTiJbdDEVdNWk1_4HvT_AB0xqSO0MPAGk8j0ST_Xf-jjL9mN6XjMSwcqhBQW6kCmDVCbvaZGNqMJ_LOehh-qR3IYUJgkb5n6ybTx1NNmPoMshPU3e2d5S5BNyvf0MpkSvbkKTJf_El1U_aieUldWBbZ9rOsEgYpG-67DEDHRngqiFfpFINGzDgb-D65J3ycjkR92LIkKqE6Lvdgi7MZsEYy3TebIzdSTBwRFmn_Eg5S2YwH10kI=w1942-h1294-no\" width=\"1942\" height=\"1294\" alt=\"Kampanya arac\u0131yla yola \u00e7\u0131k\u0131yoruz!\" class=\"size-medium\" \/><\/a><figcaption class=\"wp-caption-text\">Kampanya arac\u0131yla yola \u00e7\u0131k\u0131yoruz!<\/figcaption><\/figure>\n<h2>Tart\u0131\u015fmas\u0131z se\u00e7im: Saat 17:00&#039;de, kasaba afet \u00f6nleme radyo yay\u0131n\u0131<\/h2>\n<p>Saat 17.00&#039;den biraz sonra, kasaban\u0131n afet \u00f6nleme radyosu \u015fu yay\u0131n\u0131 yapt\u0131:<br \/>\n&quot;2 \u015eubat 2020&#039;deki Hokuryu se\u00e7imleri i\u00e7in ba\u015fvuru s\u00fcresi 28 Ocak saat 17:00&#039;da sona erdi. Sonu\u00e7 olarak, tahsis edilen bir koltu\u011fa bir aday kaydoldu ve a\u015fa\u011f\u0131daki ki\u015fi oy kullanmadan se\u00e7ildi:<\/p>\n<p>Yutaka Sano (68 ya\u015f\u0131nda), ba\u011f\u0131ms\u0131z, g\u00f6revdeki ki\u015fi. Bu nedenle 2 \u015eubat&#039;ta oylama yap\u0131lmayaca\u011f\u0131n\u0131 bilgilerinize sunar\u0131z.&quot;<\/p>\n<p>Say\u0131n Yutaka Sano oylama yap\u0131lmadan se\u00e7ildi. Tebrikler! ! !<br \/>\nKitary\u016b Belediye Ba\u015fkan\u0131 olarak \u00fc\u00e7\u00fcnc\u00fc d\u00f6neminizde ba\u015far\u0131lar\u0131n\u0131z\u0131n devam\u0131n\u0131 dilerim.<\/p>\n<p>Hokuryu Kasabas\u0131&#039;n\u0131n ayd\u0131nl\u0131k gelece\u011fi i\u00e7in b\u00fcy\u00fck sayg\u0131, \u015f\u00fckran ve dualar\u0131m\u0131zla. . .<\/p>\n<figure class=\"wp-caption aligncenter\"><a href=\"https:\/\/photos.google.com\/share\/AF1QipPJHjgKuZ4mcIVhLcOqD8HjMVaWC6u9uwnS5zyc9gdMvbQM1IR8TST1xcrPUPZi6g\/photo\/AF1QipNmXU6KioYcs4uZe4kGasIo5VQt3dBcRDm1a-w?key=XzFBSzJaalFuWkFrNk55TVdjSU9QTTRYZW1adi13\" target=\"_blank\" rel=\"noopener noreferrer\"><img decoding=\"async\" src=\"https:\/\/lh3.googleusercontent.com\/_aZEA1rjYX9c1HBJnoQupCFSsAm-DWVgnZax3wJPjvw5eR1jF2OUBdwT7Z7e1bBM8u6bNpUDxCnbeGXewfeNcbqcMtYwToMSHp3t5CxOPlnEE5H4QHv3IGXseLOl0hD_Vg029GYMPw9j81UarmQfVKSDIL5seXKYcs-Utxm9zqoKPFij7tGJMEqvmVHJvedhm8raWr4d8FT_jw5ewZGayNYQPZ_HQvmT-aax1REs6F0DucCDPMkddKy7muqASNwpuqooEfYM6HCw0C3Ui-RUIZH0YUl71xQZLMfb03fL7GrfGrQGj4myZ7uM-wK5iwCNlHZE2v532HNoRUwK-teGh05TO2FD1nutdnoZfjDJ8p2g1ksmOWDFXWgCdC5-azV14-lxnpTJq55nNgn7nEQ9iLyS_KlcBVsqKhv6h3kvDayCKcB8bUODC7fRY_BCE8UFQ__1KqB1uzghpn8yH4cl57Jyq75gL4rvZRDWK-ZUcLMV9lp5sMQ5tj6MeTRXqwFAIfJ39sLsXjgbZWqv8zU8JRuuJLyxBLg1E78F_hI0-RHChY_K-nLBPVWCSDiLOkqmpEwhY5OhYPkMjzC75mUmCvEF7B3iAGSwxPJkdM-qrmyQmTam99PPVsM1_GX-MuxKJ7ZidPeGA-MMNm08owm8TRZoh6CnKqOW73P1UwmhEdchTJh7MkbtA9Z0tKtm7W8_1h71_BNVFSzy-hOzIzJFhrkQE4e8omfwcxvdaFDDCDincNw=w1942-h1294-no\" width=\"1942\" height=\"1294\" alt=\"Hokuryu Kasabas\u0131&#039;n\u0131n parlak gelece\u011fi i\u00e7in \u015f\u00fckran ve dualar\u0131m\u0131zla. . .\" class=\"size-medium\" \/><\/a><figcaption class=\"wp-caption-text\">Hokuryu Kasabas\u0131&#039;n\u0131n parlak gelece\u011fi i\u00e7in \u015f\u00fckran ve dualar\u0131m\u0131zla. . .<\/figcaption><\/figure>\n<h2>Di\u011fer foto\u011fraflar<\/h2>\n<p><font color=\"#ff9900\">\u25b6<\/font> <a href=\"https:\/\/photos.google.com\/share\/AF1QipPDoAm6ipceQrKfymxWQQQAyO2jpqD389rz22x0_uUMGyQpxHXHQFmSlcn9KUwqJw?key=QURtY1dlMjBRWFZnS1NuV2FkRUpYSzVoT0ZmQzJn\" target=\"_blank\" rel=\"noopenerr noopener noreferrer\">Yutaka Sano&#039;nun Hokuriku Kasabas\u0131 Belediye Ba\u015fkanl\u0131\u011f\u0131 Se\u00e7imindeki sokak konu\u015fmas\u0131na ait foto\u011fraflar (42 foto\u011fraf) burada &gt;&gt;<\/a><\/p>\n<h2>\u0130lgili makaleler<\/h2>\n<p>\u30fb<a href=\"http:\/\/www.town.hokuryu.hokkaido.jp\/news\/news-detail.php?id=285\" rel=\"noopener noreferrer\" target=\"_blank\">Hokuriku Kasabas\u0131 Belediye Ba\u015fkanl\u0131\u011f\u0131 Se\u00e7imi takviminin duyurulmas\u0131 ve adaylara y\u00f6nelik bilgilendirme oturumu<\/a>(7 Ocak 2020)<br \/>\n\u3000<\/p>\n<p>\u25c7 \u00c7ekim ve kurgu: Noboru Terauchi R\u00f6portaj ve metin: Ikuko Terauchi<\/p>","protected":false},"excerpt":{"rendered":"<p>\uff12\uff10\uff12\uff10\u5e74\uff11\u6708\uff12\uff19\u65e5\uff08\u6c34\uff09 \uff11\u6708\uff12\uff18\u65e5\uff08\u706b\uff09\u3001\u771f\u3063\u9752\u306a\u9752\u7a7a\u304c\u5e83\u304c\u308a\u3001\u6700\u4f4e\u6c17\u6e29\u304c\u6c37\u70b9\u4e0b\uff12\uff11\u2103\u3092\u793a\u3057\u305f\u53b3\u5bd2\u306e\u671d\uff19\u6642\u3001\u5317\u7adc\u9078\u6319\u544a\u77e5\u65e5\u3092\u8fce\u3048\u3001\u5317\u7adc\u753a\u5e81\u820e\u524d\u306b\u3066\u3001\u591a\u304f\u306e\u753a\u6c11\u304c\u99c6\u3051\u3064\u3051\u308b\u4e2d\u3001\u5c4a\u3051\u51fa\u3092\u6e08\u307e\u305b\u305f\u4f50\u91ce\u8c4a [&hellip;]<\/p>\n","protected":false},"author":1,"featured_media":651,"comment_status":"open","ping_status":"open","sticky":false,"template":"","format":"standard","meta":{"footnotes":""},"categories":[4,14],"tags":[],"class_list":["post-634","post","type-post","status-publish","format-standard","has-post-thumbnail","hentry","category-cover-story","category-hokuryu-town"],"_links":{"self":[{"href":"https:\/\/portal.hokuryu.info\/tr\/wp-json\/wp\/v2\/posts\/634","targetHints":{"allow":["GET"]}}],"collection":[{"href":"https:\/\/portal.hokuryu.info\/tr\/wp-json\/wp\/v2\/posts"}],"about":[{"href":"https:\/\/portal.hokuryu.info\/tr\/wp-json\/wp\/v2\/types\/post"}],"author":[{"embeddable":true,"href":"https:\/\/portal.hokuryu.info\/tr\/wp-json\/wp\/v2\/users\/1"}],"replies":[{"embeddable":true,"href":"https:\/\/portal.hokuryu.info\/tr\/wp-json\/wp\/v2\/comments?post=634"}],"version-history":[{"count":0,"href":"https:\/\/portal.hokuryu.info\/tr\/wp-json\/wp\/v2\/posts\/634\/revisions"}],"wp:featuredmedia":[{"embeddable":true,"href":"https:\/\/portal.hokuryu.info\/tr\/wp-json\/wp\/v2\/media\/651"}],"wp:attachment":[{"href":"https:\/\/portal.hokuryu.info\/tr\/wp-json\/wp\/v2\/media?parent=634"}],"wp:term":[{"taxonomy":"category","embeddable":true,"href":"https:\/\/portal.hokuryu.info\/tr\/wp-json\/wp\/v2\/categories?post=634"},{"taxonomy":"post_tag","embeddable":true,"href":"https:\/\/portal.hokuryu.info\/tr\/wp-json\/wp\/v2\/tags?post=634"}],"curies":[{"name":"wp","href":"https:\/\/api.w.org\/{rel}","templated":true}]}}