{"id":63172,"date":"2025-08-27T09:36:27","date_gmt":"2025-08-27T00:36:27","guid":{"rendered":"https:\/\/portal.hokuryu.info\/?p=63172"},"modified":"2025-09-04T16:08:31","modified_gmt":"2025-09-04T07:08:31","slug":"hokuryunun-gelecegini-birlikte-cizelim-wa-mahalle-dernegi-kentsel-kalkinma","status":"publish","type":"post","link":"https:\/\/portal.hokuryu.info\/tr\/63172\/","title":{"rendered":"Hokuryu Kasabas\u0131&#039;n\u0131n gelece\u011fini birlikte hayal ediyoruz! Wa Mahalle Derne\u011fi &quot;Kent Geli\u015ftirme Tart\u0131\u015fma Toplant\u0131s\u0131&quot;nda canl\u0131 fikir al\u0131\u015fveri\u015fi"},"content":{"rendered":"<p>\u00c7ar\u015famba, 27 A\u011fustos 2025<\/p>\n<div class=\"ep-box es-BpaperRight es-grid bgc-VPsky\">21 A\u011fustos Per\u015fembe g\u00fcn\u00fc, Wa Toplum Merkezi&#039;nde yakla\u015f\u0131k 20 kasaba sakininin kat\u0131ld\u0131\u011f\u0131 bir kasaba kalk\u0131nma tart\u0131\u015fma toplant\u0131s\u0131 d\u00fczenlendi. Belediye Ba\u015fkan\u0131 Sasaki, kasaban\u0131n yerel canland\u0131rma hibesinin tamam\u0131n\u0131 ald\u0131\u011f\u0131n\u0131 bildirdi ve kasaban\u0131n gelecek planlar\u0131n\u0131 a\u00e7\u0131klad\u0131ktan sonra canl\u0131 bir fikir al\u0131\u015fveri\u015fi ba\u015flad\u0131. Toplant\u0131, kasaba halk\u0131 ve yerel y\u00f6netim i\u00e7in altyap\u0131 geli\u015ftirme, dijital y\u00f6netim ve insan kaynaklar\u0131 geli\u015ftirme gibi \u00e7ok \u00e7e\u015fitli konularda samimi bir tart\u0131\u015fma ortam\u0131 yaratmak i\u00e7in de\u011ferli bir f\u0131rsat sa\u011flad\u0131.<\/div>\n<h2>Wa Mahalle Derne\u011fi, Hokuryu Kasabas\u0131&#039;n\u0131n gelece\u011fini birlikte yaratmak i\u00e7in &quot;Kent Geli\u015ftirme Tart\u0131\u015fma Toplant\u0131s\u0131&quot; d\u00fczenledi<\/h2>\n<p>21 A\u011fustos \u00c7ar\u015famba g\u00fcn\u00fc saat 15:00&#039;te Wa Toplum Merkezi&#039;nde bir kasaba kalk\u0131nma tart\u0131\u015fma toplant\u0131s\u0131 d\u00fczenlendi. Yakla\u015f\u0131k 20 kasaba sakini bir araya gelerek aktif olarak fikir al\u0131\u015fveri\u015finde bulundu.<\/p>\n<p>Toplant\u0131da, 2025 mali y\u0131l\u0131 b\u00fct\u00e7e uygulamas\u0131 ve organizasyonel reformlar ile B\u00f6lgesel Canland\u0131rma 2.0 b\u00fct\u00e7esinin geni\u015fletilmesi gibi yerel y\u00f6netim politikalar\u0131 ve sistemlerindeki de\u011fi\u015fiklikler hakk\u0131nda a\u00e7\u0131klamalar yap\u0131ld\u0131. Ayr\u0131ca, Ay\u00e7i\u00e7e\u011fi Festivali&#039;nin ba\u015far\u0131s\u0131, otopark \u00fccretleriyle ilgili yeni giri\u015fimler ve ziyaret\u00e7i say\u0131lar\u0131n\u0131 \u00f6l\u00e7mek i\u00e7in yapay zeka kullanan deneyler hakk\u0131nda raporlar sunuldu.<\/p>\n<figure class=\"wp-caption aligncenter\"><a href=\"https:\/\/photos.google.com\/share\/AF1QipMkrigF2R0Y19iaU0CV4tjOSKKHJ_Rfno43ydos__93a20Xd8I2HVN5Ltx0CmqmUA\/photo\/AF1QipONaLPaXa0rVyb2Nqx6A2cuE4tBDWi4FkzbnKY?key=NmhIWTJsbFNqelZVaUhBN3QtRnhhekZ5X0Roek9n\" target=\"_blank\"><img decoding=\"async\" src=\"https:\/\/lh3.googleusercontent.com\/pw\/AP1GczOliW6MWAgxotiRSJpqk3-RjM_DE4BE8kxK5nn-yfkhntDeCQFlmG-SFOT_hbhpuxSFuVRr8oTS6exYio2C3m3RNb-Ep1xir2isQdiUOO1XYinC-XIIfFWzpkwHVZmj0aD5ibNoeQzeYBc3uup25GKo=w2000-h1500-s-no-gm?authuser=0\" width=\"2000\" height=\"1500\" alt=\"Wa Mahalle Derne\u011fi \u015eehir Planlama Tart\u0131\u015fma Toplant\u0131s\u0131\" class=\"size-full\" \/><\/a><figcaption class=\"wp-caption-text\">Wa Mahalle Derne\u011fi \u015eehir Planlama Tart\u0131\u015fma Toplant\u0131s\u0131<\/figcaption><\/figure>\n<h3>Etkinli\u011fin moderat\u00f6rl\u00fc\u011f\u00fcn\u00fc Belediye Ba\u015fkan Yard\u0131mc\u0131s\u0131 Masaaki Okuda yapt\u0131.<\/h3>\n<p>Toplant\u0131, Belediye Ba\u015fkan Yard\u0131mc\u0131s\u0131 Masaaki Okuda&#039;n\u0131n moderat\u00f6rl\u00fc\u011f\u00fcnde keyifli bir \u015fekilde ba\u015flad\u0131.<\/p>\n<figure class=\"wp-caption aligncenter\"><a href=\"https:\/\/photos.google.com\/share\/AF1QipMkrigF2R0Y19iaU0CV4tjOSKKHJ_Rfno43ydos__93a20Xd8I2HVN5Ltx0CmqmUA\/photo\/AF1QipMjiKoIx4yKAb6OeQUm1SSsGZohW3nDJz3w7aw?key=NmhIWTJsbFNqelZVaUhBN3QtRnhhekZ5X0Roek9n\" target=\"_blank\"><img decoding=\"async\" src=\"https:\/\/lh3.googleusercontent.com\/pw\/AP1GczNhEcNCHXn1GVrO7RocCySgky03Kd_nQ8MvkdapCBgJkkAxFLcJAe1zqJuzptMJAafbBL7yQz-HcBQfqt0pMb9GV2o7FKZwKdjLnWQGlMlms_QNaj30PIxmqprJGOztx87sa9KOqXVAdklAvhvyNAwd=w2000-h1125-s-no-gm?authuser=0\" width=\"2000\" height=\"1125\" alt=\"Moderat\u00f6r: Belediye Ba\u015fkan Yard\u0131mc\u0131s\u0131 Masaaki Okuda\" class=\"size-full\" \/><\/a><figcaption class=\"wp-caption-text\">Moderat\u00f6r: Belediye Ba\u015fkan Yard\u0131mc\u0131s\u0131 Masaaki Okuda<\/figcaption><\/figure>\n<h2>Belediye Ba\u015fkan\u0131 Yasuhiro Sasaki&#039;den selamlar<\/h2>\n<figure class=\"wp-caption aligncenter\"><a href=\"https:\/\/photos.google.com\/share\/AF1QipMkrigF2R0Y19iaU0CV4tjOSKKHJ_Rfno43ydos__93a20Xd8I2HVN5Ltx0CmqmUA\/photo\/AF1QipNjUxx6j8PI7S8OUuTEOiwQ2XbckiK_JwJ0h8I?key=NmhIWTJsbFNqelZVaUhBN3QtRnhhekZ5X0Roek9n\" target=\"_blank\"><img decoding=\"async\" src=\"https:\/\/lh3.googleusercontent.com\/pw\/AP1GczPDvpr1XKL7A5GzUXPOnGanCG7P6mTdBqJWZ5GflD74_nP1UKpuHhi8CtSDR78HxhH8D2UWi6H6-yA2kY7tvyRQlpnleJNKdpg7Jd5MPT1vcUxh4rE5wu37nOJPAlW8gj5QDqr1GvlFtlpIujwfE4_O=w2000-h1125-s-no-gm?authuser=0\" width=\"2000\" height=\"1125\" alt=\"Belediye Ba\u015fkan\u0131 Yasuhiro Sasaki&#039;den selamlar\" class=\"size-full\" \/><\/a><figcaption class=\"wp-caption-text\">Belediye Ba\u015fkan\u0131 Yasuhiro Sasaki&#039;den selamlar<\/figcaption><\/figure>\n<p>&quot;Kat\u0131l\u0131m\u0131n\u0131z ve \u00f6zverili \u00e7al\u0131\u015fmalar\u0131n\u0131zdan dolay\u0131 hepinize en i\u00e7ten te\u015fekk\u00fcrlerimi sunmak istiyorum.<\/p>\n<p>Art\u0131k iyi bir hasat i\u00e7in dua etme zaman\u0131 geldi. Pencerenin d\u0131\u015f\u0131nda, \u00f6n\u00fcm\u00fczde rengarenk pirin\u00e7 tarlalar\u0131 uzan\u0131yor.<\/p>\n<p>Ge\u00e7en y\u0131la kadar, kasaba toplant\u0131lar\u0131 iki yerde yap\u0131l\u0131yordu: Toplum Merkezi ve herkesin bir araya geldi\u011fi Hekisui Toplum Merkezi. Ge\u00e7en y\u0131ldan bu yana 10 mahalle derne\u011fini ziyaret etmeye karar verdik. Sadece yerel meseleler hakk\u0131nda de\u011fil, ayn\u0131 zamanda kasaba ve pirin\u00e7 meseleleri hakk\u0131nda da \u00e7e\u015fitli g\u00f6r\u00fc\u015fler duymak istiyoruz.<\/p>\n<p>Ulusal politikaya uygun olarak, bu y\u0131l Nisan ay\u0131nda ba\u015flayacak olan 2025 mali y\u0131l\u0131 b\u00fct\u00e7esi, b\u00f6lgesel canland\u0131rma hibeleri i\u00e7in ayr\u0131lan b\u00fct\u00e7eyi iki kat\u0131na \u00e7\u0131kard\u0131. 10 y\u0131l\u0131n\u0131 dolduran ilk neslin aktif \u00fcyelerini desteklerken, gelecek 10 y\u0131la bak\u0131ld\u0131\u011f\u0131nda, ikinci neslin gelecekten sorumlu olacak \u00e7ocuklar\u0131 ve torunlar\u0131 i\u00e7in 10-20 y\u0131ll\u0131k bir plan\u0131n nas\u0131l olu\u015fturulaca\u011f\u0131n\u0131 d\u00fc\u015f\u00fcnmesi bekleniyor.<\/p>\n<p>Bu y\u0131l kasabaya 200 milyar yen tutar\u0131nda ulusal bir b\u00fct\u00e7e verildi ve kasaba yetkilileri hibe ba\u015fvurusunda bulunmak i\u00e7in \u00e7ok \u00e7al\u0131\u015ft\u0131. Kasaba, ba\u015fvurdu\u011fu hibe tutar\u0131n\u0131n 0&#039;\u00fcn\u00fc ald\u0131. Japonya genelinde 1.718 \u015fehir, kasaba ve k\u00f6y bulunuyor ve 1 milyar yenlik maksimum tutar\u0131n en b\u00fcy\u00fc\u011f\u00fcn\u00fc biz ald\u0131k.<\/p>\n<p>Bu paray\u0131 nisan ay\u0131ndan itibaren b\u00fct\u00e7emizi tahsis etmek i\u00e7in kullanaca\u011f\u0131z ve \u00f6n\u00fcm\u00fczdeki \u00fc\u00e7 y\u0131l boyunca bu \u00f6l\u00e7ekte devam etmeyi umuyoruz.<\/p>\n<p>Elbette, \u015fu ana kadar mevcut i\u015fletmelerden gelen talepler oldu, ancak bunlar\u0131 finansman yetersizli\u011fi nedeniyle hayata ge\u00e7iremedik. Ancak, bu y\u0131l\u0131n Nisan ay\u0131ndan itibaren, ulusal h\u00fck\u00fcmetten ald\u0131\u011f\u0131m\u0131z hibe paras\u0131n\u0131 etkin bir \u015fekilde kullanmay\u0131, herkesin g\u00f6r\u00fc\u015flerini dinlemeyi ve mevcut faaliyetlerimizi s\u00fcrd\u00fcr\u00fcp Hokuryu Kasabas\u0131 i\u00e7in yeni bir gelecek in\u015fa etmek amac\u0131yla plan\u0131 uygulamaya koymay\u0131 planl\u0131yoruz.<\/p>\n<p>Ulusal b\u00f6lgesel canlanman\u0131n bir ko\u015fulu, B\u00f6lgesel Canlanma Hibe Program\u0131&#039;n\u0131n yaln\u0131zca h\u00fck\u00fcmetin de\u011fil, ayn\u0131 zamanda mahalle derneklerinin ve her bir sakinin kat\u0131l\u0131m\u0131n\u0131 gerektirmesidir. Bu nedenle, bug\u00fcnk\u00fc toplant\u0131 \u00e7ok \u00f6nemli. B\u00fct\u00e7eyi tahsis ederken herkesin g\u00f6r\u00fc\u015flerini dikkatlice dinlemek ve de\u011ferlendirmek istiyorum.<\/p>\n<p>Belediye Ba\u015fkan\u0131 Sasaki b\u00fcy\u00fck bir co\u015fkuyla, &quot;Bug\u00fcn geldi\u011finiz i\u00e7in \u00e7ok te\u015fekk\u00fcr ederim&quot; dedi.<\/p>\n<figure class=\"wp-caption aligncenter\"><a href=\"https:\/\/photos.google.com\/share\/AF1QipMkrigF2R0Y19iaU0CV4tjOSKKHJ_Rfno43ydos__93a20Xd8I2HVN5Ltx0CmqmUA\/photo\/AF1QipO9RF3bfQtY4qzpwMslaInDPg8wqvXvlIorvoc?key=NmhIWTJsbFNqelZVaUhBN3QtRnhhekZ5X0Roek9n\" target=\"_blank\"><img decoding=\"async\" src=\"https:\/\/lh3.googleusercontent.com\/pw\/AP1GczPtZJlEnK8Ay7wfOrOiC-WHeaR9IWgX_vXGaZNTBCo2zXIYRp0OIQrixzSdnvONHReF8EEe8NducS3ofSYbRg8LKyEmyomL6GrE5pkeUBEc591TWvZEweOR5riWpTYB1gt1OeS0tWXcqAPRO63Dhh0M=w2000-h1125-s-no-gm?authuser=0\" width=\"2000\" height=\"1125\" alt=\"Tutkulu duygularla...\" class=\"size-full\" \/><\/a><figcaption class=\"wp-caption-text\">Tutkulu duygularla...<\/figcaption><\/figure>\n<h2>Kasaban\u0131n \u00f6nemli projelerinin a\u00e7\u0131klamas\u0131<\/h2>\n<h3>Genel Politika Ofisi, Belediye Ba\u015fkan Yard\u0131mc\u0131s\u0131 Masaaki Okuda<\/h3>\n<figure class=\"wp-caption aligncenter\"><a href=\"https:\/\/photos.google.com\/share\/AF1QipMkrigF2R0Y19iaU0CV4tjOSKKHJ_Rfno43ydos__93a20Xd8I2HVN5Ltx0CmqmUA\/photo\/AF1QipM72r0NXr3pVi8crbG_cGzX-HfRqzF8ZKttNJk?key=NmhIWTJsbFNqelZVaUhBN3QtRnhhekZ5X0Roek9n\" target=\"_blank\"><img decoding=\"async\" src=\"https:\/\/lh3.googleusercontent.com\/pw\/AP1GczMCZwjy8a_maJ6k3laIKrRUo2jgAbqMGby0mYpFp7isrhRTcw9z-hMmGbVieA1ttfbbw-es_0Zn6VOqnDucejmOLtz0UO0doO_YEN3UvxWyMTj7KimRMl4glNtc1Xv2VMgUOZCx06TYumje8gotcXjv=w2000-h1125-s-no-gm?authuser=0\" width=\"2000\" height=\"1125\" alt=\"Belediye Ba\u015fkan Yard\u0131mc\u0131s\u0131 Okuda brifing veriyor\" class=\"size-full\" \/><\/a><figcaption class=\"wp-caption-text\">Belediye Ba\u015fkan Yard\u0131mc\u0131s\u0131 Okuda brifing veriyor<\/figcaption><\/figure>\n<p>Belediye Ba\u015fkan Yard\u0131mc\u0131s\u0131 Okuda, Hokuryu Kasabas\u0131 Kapsaml\u0131 Kasaba, Halk ve \u0130\u015f Yaratma Stratejisi&#039;nin temel politikas\u0131, yeni B\u00f6lgesel Canland\u0131rma Ekonomik ve Ya\u015fam Ortam\u0131 Yaratma Hibesi (\u0130kinci Nesil Hibe), &quot;Himawari Holding&quot; projesinin &quot;Yedi S\u00fctunu&quot; ve 2025 mali y\u0131l\u0131 proje b\u00fct\u00e7esi dahil olmak \u00fczere b\u00f6lgesel canland\u0131rma \u00e7al\u0131\u015fmalar\u0131n\u0131n te\u015fviki hakk\u0131nda a\u00e7\u0131klamalarda bulundu.<\/p>\n<h3>Yayoi Kawamoto, B\u00f6l\u00fcm \u015eefi, Kasaba Gelecek Stratejisi B\u00f6l\u00fcm\u00fc<\/h3>\n<figure class=\"wp-caption aligncenter\"><a href=\"https:\/\/photos.google.com\/share\/AF1QipMkrigF2R0Y19iaU0CV4tjOSKKHJ_Rfno43ydos__93a20Xd8I2HVN5Ltx0CmqmUA\/photo\/AF1QipPRjYkyLxTuN6akpqsa-YAKySojMBg_2g76LHE?key=NmhIWTJsbFNqelZVaUhBN3QtRnhhekZ5X0Roek9n\" target=\"_blank\"><img decoding=\"async\" src=\"https:\/\/lh3.googleusercontent.com\/pw\/AP1GczP6_WIESwmLcRyvgTFadmu2EE-F9E725fP4DJuRGynxeQZv9edHBaq1VEBaxS2NBr3ACedL2LOSHDSsggCvXs1RVJREPZkZu6cRU1OVhB2pxFT28PpDdU5RI6q_xtT_Ih0aGyYoNav2paS1AgZyiZLw=w2000-h1125-s-no-gm?authuser=0\" width=\"2000\" height=\"1125\" alt=\"B\u00f6l\u00fcm \u015eefi Yayoi Kawamoto&#039;nun A\u00e7\u0131klamas\u0131\" class=\"size-full\" \/><\/a><figcaption class=\"wp-caption-text\">B\u00f6l\u00fcm \u015eefi Yayoi Kawamoto&#039;nun A\u00e7\u0131klamas\u0131<\/figcaption><\/figure>\n<p>B\u00f6l\u00fcm \u015eefi Kawamoto, i\u015f alanlar\u0131n\u0131n geni\u015f bir yelpazesi hakk\u0131nda bir sunum yapt\u0131.<\/p>\n<ol>\n<li><b>Memleket vergisi \u00f6demesi ve yerel toplu ta\u015f\u0131ma<\/b><\/li>\n<li><b>\u00c7ocuk Ya\u015fam Destek Birimi:<\/b>&quot;Yaz\u0131s\u0131z saya\u00e7 (yerel y\u00f6netim saya\u00e7lar\u0131n\u0131n dijitalle\u015ftirilmesi)&quot; ve \u00e7ok katmanl\u0131 bir destek sisteminin geli\u015ftirilmesi<\/li>\n<li><b>Sanayi B\u00f6l\u00fcm\u00fc:<\/b>&quot;Ku\u015f ve hayvan zararlar\u0131n\u0131n \u00f6nlenmesi tedbirleri&quot; &quot;Ay\u00e7i\u00e7e\u011fi K\u00f6y\u00fc y\u00f6netimi&quot;<\/li>\n<li><b>\u0130n\u015faat B\u00f6l\u00fcm\u00fc:<\/b>&quot;Su ve kanalizasyon muhasebesi i\u00e7in y\u00f6netim stratejilerinin olu\u015fturulmas\u0131&quot; &quot;Kar temizleme merkezi ve otob\u00fcs garaj\u0131n\u0131n in\u015fas\u0131&quot;<\/li>\n<li><b>E\u011fitim Kurulu:<\/b>&quot;(Ge\u00e7ici ad\u0131) Hokuryu Kasabas\u0131 Kapsaml\u0131 \u00d6\u011frenme ve De\u011fi\u015fim Merkezi&quot;, &quot;\u00c7evrimi\u00e7i Kamu Haz\u0131rl\u0131k Okulu&quot; ve &quot;Yeni Okul Olu\u015fturma E\u011fitim Oturumu&quot;nu y\u00fcr\u00fct\u00fcyor ve &quot;\u00d6zel M\u00fcfredat Okulu&quot; stat\u00fcs\u00fcne ba\u015fvurmaya haz\u0131rlan\u0131yor.<\/li>\n<\/ol>\n<h2>Canl\u0131 fikir al\u0131\u015fveri\u015fi<\/h2>\n<p>Kasaba halk\u0131n\u0131n kasaba halk\u0131ndan gelen a\u00e7\u0131klamalar\u0131 dinlemesinin ard\u0131ndan kat\u0131l\u0131mc\u0131lar \u00e7e\u015fitli sorular sorarak g\u00f6r\u00fc\u015flerini dile getirdiler ve canl\u0131 bir soru-cevap oturumu ger\u00e7ekle\u015fti.<\/p>\n<figure class=\"wp-caption aligncenter\"><a href=\"https:\/\/photos.google.com\/share\/AF1QipMkrigF2R0Y19iaU0CV4tjOSKKHJ_Rfno43ydos__93a20Xd8I2HVN5Ltx0CmqmUA\/photo\/AF1QipPDfkv8yS8gUkRoUprEiqWbi--5_bVD89pDUvY?key=NmhIWTJsbFNqelZVaUhBN3QtRnhhekZ5X0Roek9n\" target=\"_blank\"><img decoding=\"async\" src=\"https:\/\/lh3.googleusercontent.com\/pw\/AP1GczM5NrFNJVQtlxPs_ILJtEE28-cBDeQMOF0HJQOUamN4vSxgVZSm_Ub4zwpIUU_gQhXZ7PEh4UrZeBeGc7QILk_drkvtPRSFl9wDXKl58lPhE4II5iEoh1ROuvUI3D4aBaI0Xi_KFELomYY0UkV-82D5=w2000-h1125-s-no-gm?authuser=0\" width=\"2000\" height=\"1125\" alt=\"g\u00f6r\u00fc\u015f al\u0131\u015fveri\u015fi\" class=\"size-full\" \/><\/a><figcaption class=\"wp-caption-text\">g\u00f6r\u00fc\u015f al\u0131\u015fveri\u015fi<\/figcaption><\/figure>\n<figure class=\"wp-caption aligncenter\"><a href=\"https:\/\/photos.google.com\/share\/AF1QipMkrigF2R0Y19iaU0CV4tjOSKKHJ_Rfno43ydos__93a20Xd8I2HVN5Ltx0CmqmUA\/photo\/AF1QipMvUV8F68SF0G_tiMk21CJnPqMlxAFJHSWU7kI?key=NmhIWTJsbFNqelZVaUhBN3QtRnhhekZ5X0Roek9n\" target=\"_blank\"><img decoding=\"async\" src=\"https:\/\/lh3.googleusercontent.com\/pw\/AP1GczPLq-udMllslfTI23PCOraIF6fl2ooHBya9lV1Aubf9vKOha-hH5Hc2OG2paOVkBx5IBisd0XQpEy1fwx9oxOcjGuSAKwohCcGZjWrDEtC0Ip3bK17Az1ABtxcWJ8IYj6KzL_t0anyaWAOkK_fd0Qnj=w2000-h1125-s-no-gm?authuser=0\" width=\"2000\" height=\"1125\" alt=\"Canl\u0131 soru-cevap oturumu\" class=\"size-full\" \/><\/a><figcaption class=\"wp-caption-text\">Canl\u0131 soru-cevap oturumu<\/figcaption><\/figure>\n<h3>Ana g\u00f6r\u00fc\u015fler ve sorular<\/h3>\n<ol>\n<li><b>Say\u0131 Sistemim ve Dijital H\u00fck\u00fcmet:<\/b>Kabul oran\u0131n\u0131n art\u0131r\u0131lmas\u0131 i\u00e7in \u00e7evrimi\u00e7i ba\u015fvuru s\u00fcre\u00e7lerinde ve gi\u015fe hizmetlerinde iyile\u015ftirmeler yap\u0131lmas\u0131 gerekmekte olup, yerel tahsis vergisi \u00fczerindeki etki de dikkate al\u0131narak sistemin iyile\u015ftirilmesi ve yerinde m\u00fcdahalenin g\u00fc\u00e7lendirilmesi konusunda g\u00f6r\u00fc\u015fmeler yap\u0131lm\u0131\u015ft\u0131r.<\/li>\n<li><b>Yol altyap\u0131s\u0131n\u0131n bozulma ve onar\u0131m durumu:<\/b>Yol kenar\u0131ndaki \u00f6nemli d\u00fc\u015f\u00fc\u015fle ilgili olarak raporda, bir m\u00fcteahhittin son iki y\u0131ld\u0131r onar\u0131m \u00e7al\u0131\u015fmalar\u0131 y\u00fcr\u00fctt\u00fc\u011f\u00fc belirtilirken, onar\u0131m \u00e7al\u0131\u015fmalar\u0131n\u0131n tamamlanmas\u0131n\u0131n birka\u00e7 y\u0131l daha s\u00fcrebilece\u011fi ve baz\u0131 i\u015flerin ba\u015fka m\u00fcteahhitlere devredilmesi gerekebilece\u011fi belirtildi.<\/li>\n<li><b>\u0130\u015faret ve trafik i\u015fareti sorunlar\u0131:<\/b>Tabelalar\u0131n r\u00fczgarda savrulup gitti\u011fine dair haberler geldi ve \u00f6nceden yap\u0131lm\u0131\u015f tabelalar\u0131n g\u00fcvenli\u011fi konusunda endi\u015feler dile getirildi. Tabelan\u0131n yerinin de\u011fi\u015ftirilmesi \u00f6nerisi, kar temizleme ekipleriyle koordinasyon ve polis izni gerektirecekti ve h\u00fck\u00fcmet durumu iyile\u015ftirmenin yollar\u0131n\u0131 de\u011ferlendirmeye ba\u015flad\u0131.<\/li>\n<li><b>Ek b\u00fct\u00e7e ve in\u015faat \u00f6ncelikleri:<\/b>Ek b\u00fct\u00e7elerin haz\u0131rlanmas\u0131 ve sa\u011flanmas\u0131n\u0131n zorlu\u011fu anlat\u0131l\u0131rken, b\u00fct\u00e7e a\u00e7\u0131klar\u0131 nedeniyle gerekli bak\u0131m ve onar\u0131m \u00e7al\u0131\u015fmalar\u0131n\u0131n gecikme riski vurguland\u0131.<\/li>\n<li><b>Belediye personelinin tepkisini iyile\u015ftirmek:<\/b>Belediye \u00e7al\u0131\u015fanlar\u0131n\u0131n olay yerindeki yetersiz m\u00fcdahalesi ve ileti\u015fimi ele\u015ftirildi ve kasaba halk\u0131na y\u00f6nelik tutumlar\u0131nda de\u011fi\u015fiklik yap\u0131lmas\u0131 \u00e7a\u011fr\u0131s\u0131nda bulunuldu.<\/li>\n<li><b>Kentsel geli\u015fimin te\u015fviki ve insan kaynaklar\u0131n\u0131n geli\u015ftirilmesine y\u00f6nelik tedbirler:<\/b>Mahalle derneklerinin mevcut durumu (ya\u015fl\u0131 n\u00fcfus, y\u00f6netici eksikli\u011fi, b\u00fct\u00e7e s\u0131k\u0131nt\u0131s\u0131) g\u00f6z \u00f6n\u00fcnde bulundurularak, idari personelin her mahalle derne\u011finin toplant\u0131lar\u0131na kat\u0131larak g\u00f6r\u00fc\u015f toplamas\u0131 y\u00f6n\u00fcnde bir politika a\u00e7\u0131kland\u0131. G\u00f6r\u00fc\u015f al\u0131\u015fveri\u015fleri, lise \u00f6\u011frencileri i\u00e7in kafe tarz\u0131 etkinlikler ve ebeveyn nesli i\u00e7in at\u00f6lyeler gibi b\u00f6lgelere ba\u011fl\u0131 olarak \u00e7e\u015fitli bi\u00e7imlerde planlan\u0131yor.<\/li>\n<li><b>Toplum Merkezi ve K\u00fclt\u00fcrel Miras Ta\u015f\u0131ma Plan\u0131:<\/b>Toplum merkezinin Geli\u015ftirme Merkezi ile i\u015f birli\u011fi i\u00e7inde yeniden geli\u015ftirilmesi kapsam\u0131nda, edebi eserlerin ve tarihi k\u00fclt\u00fcrel varl\u0131klar\u0131n ta\u015f\u0131nmas\u0131na y\u00f6nelik y\u00f6ntemler ele al\u0131nd\u0131. Bu varl\u0131klar\u0131n korunmas\u0131 ve ta\u015f\u0131nmas\u0131 i\u00e7in \u00f6zel y\u00f6ntemler de\u011ferlendirilirken, yo\u011fun kar ya\u011f\u0131\u015f\u0131 alan b\u00f6lgelere \u00f6zg\u00fc kar temizleme \u00f6nlemleriyle bu y\u00f6ntemlerin nas\u0131l dengelenece\u011fi ve k\u00fclt\u00fcrel miras\u0131n nas\u0131l korunaca\u011f\u0131 da ele al\u0131nd\u0131.<\/li>\n<\/ol>\n<p>Pencerenin d\u0131\u015f\u0131ndaki alt\u0131n renkli pirin\u00e7 tarlalar\u0131 gibi bu toplant\u0131 da \u00e7ok verimli ge\u00e7ti.<\/p>\n<figure class=\"wp-caption aligncenter\"><a href=\"https:\/\/photos.google.com\/share\/AF1QipMsfCXEGzPxk-PmQBUwjzgEAPOSUVWMhTRaTD9scGS6k3I4NLQCT3fXaIqu0Qb0cw\/photo\/AF1QipNyK31_XRwUTo0Qm1nKXfcYzCPfTIcaEElY7dQ?key=VG81aW1pWkFvSngzRzF0S0RDYTlJT1BMVThWNzF3\"><img decoding=\"async\" src=\"https:\/\/lh3.googleusercontent.com\/pw\/AP1GczOV6yviqeNnsqBhrF9dRRJBw4iIcwERBlKc9ACnIxlDJPDmzOHpCgL9Bqzd7y_qDpuUWK1NFQdI1m8ZQgdcx-paXbCyJPT0XKGx7LYJHD-xQiz4BH42HID6nY-wHv5ia_6anKTgVnda7v0imgf4kDgY=w2000-h1500-s-no-gm?authuser=0\" width=\"2000\" height=\"1500\" alt=\"Renkli pirin\u00e7 tarlas\u0131 manzaras\u0131\" class=\"size-full\" \/><\/a><figcaption class=\"wp-caption-text\">Renkli pirin\u00e7 tarlas\u0131 manzaras\u0131<\/figcaption><\/figure>\n<p>S\u0131n\u0131rs\u0131z sevgi, minnettarl\u0131k ve dualarla Kent Kalk\u0131nma Konseyi, kasaba halk\u0131n\u0131n de\u011ferli g\u00f6r\u00fc\u015flerini dinleyecek, onlara m\u00fcmk\u00fcn oldu\u011funca yan\u0131t verecek ve Hokuryu Kasabas\u0131 i\u00e7in parlak yeni bir gelece\u011fe do\u011fru ad\u0131m ad\u0131m ilerleyecektir.<\/p>\n<h2>Di\u011fer foto\u011fraflar<\/h2>\n<div class=\"img-move\"><img decoding=\"async\" style=\"vertical-align: middle;\" src=\"https:\/\/ehokkaido.net\/wp-content\/uploads\/2021\/12\/2021-12-06-11.41.12.png\" \/> <a href=\"https:\/\/photos.app.goo.gl\/yAZjSiW5sfPbSFj49\" target=\"_blank\" rel=\"noopener noreferrer\">Kasaba Geli\u015ftirme Tart\u0131\u015fma Toplant\u0131s\u0131 ve Wa Mahalle Derne\u011fi&#039;nin foto\u011fraflar\u0131 (25 foto\u011fraf) burada &gt;&gt;<\/a><\/div>\n<h2>\u0130lgili makaleler<\/h2>\n\n        <div class=\"site-blogcard-premium\">\n            <div class=\"bc-label-custom\">\u0130lgili makaleler<\/div>\n            <div class=\"bc-flex-container\">\n                <div class=\"bc-main-text\">\n                    <div class=\"bc-title-link-box\">\n                        <a href=\"https:\/\/portal.hokuryu.info\/tr\/63169\/\" target=\"_blank\">https:\/\/portal.hokuryu.info\/63169<\/a>\n                    <\/div>\n                    <div class=\"bc-excerpt-box\">Sayfa bilgileri al\u0131namad\u0131.<\/div>\n                <\/div>\n                <div class=\"bc-thumbnail-box\">\n                    <a href=\"https:\/\/portal.hokuryu.info\/tr\/63169\/\" target=\"_blank\">\n                        <div class=\"bc-img-zoom-wrap\">\n                            <img decoding=\"async\" src=\"https:\/\/portal.hokuryu.info\/wp\/wp-content\/uploads\/2026\/02\/20230802DSC06445_1.jpg\" alt=\"https:\/\/portal.hokuryu.info\/63169\">\n                        <\/div>\n                    <\/a>\n                <\/div>\n            <\/div>\n        <\/div>\n<p>\u25c7 <a href=\"https:\/\/portal.hokuryu.info\/tr\/62509\/\">\ud83d\udd8b\ufe0f \u0130\u00e7erik planlama, makale yaz\u0131m\u0131, foto\u011fraf se\u00e7imi ve video olu\u015fturma: Ikuko Terauchi<img decoding=\"async\" style=\"vertical-align: middle;\" src=\"https:\/\/ehokkaido.net\/wp-content\/uploads\/2021\/12\/2021-12-06-11.41.12.png\" \/> Foto\u011fraf\u00e7\u0131l\u0131k, d\u00fczenleme ve web sitesi y\u00f6netimi: Noboru Terauchi<\/a><\/p>","protected":false},"excerpt":{"rendered":"<p>2025\u5e748\u670827\u65e5\uff08\u6c34\uff09 8\u670821\u65e5\uff08\u6728\uff09\u3001\u548c\u30b3\u30df\u30e5\u30cb\u30c6\u30a3\u30bb\u30f3\u30bf\u30fc\u3067\u300c\u307e\u3061\u3065\u304f\u308a\u61c7\u8ac7\u4f1a\u300d\u304c\u958b\u50ac\u3055\u308c\u3001\u7d0420\u540d\u306e\u753a\u6c11\u304c\u53c2\u52a0\u3057\u307e\u3057\u305f\u3002\u4f50\u3005\u6728\u753a\u9577\u304b\u3089\u5730\u65b9\u5275\u751f\u4ea4\u4ed8\u91d1\u306e\u6e80\u984d\u7372\u5f97\u304c\u5831\u544a\u3055\u308c\u3001\u753a\u306e\u672a\u6765\u306b\u5411\u3051\u305f\u4e8b [&hellip;]<\/p>\n","protected":false},"author":1,"featured_media":63267,"comment_status":"open","ping_status":"open","sticky":false,"template":"","format":"standard","meta":{"footnotes":""},"categories":[4,75,112],"tags":[],"class_list":["post-63172","post","type-post","status-publish","format-standard","has-post-thumbnail","hentry","category-cover-story","category-sasaki-yasuhiro-mayor","category-local_revitalization_2"],"_links":{"self":[{"href":"https:\/\/portal.hokuryu.info\/tr\/wp-json\/wp\/v2\/posts\/63172","targetHints":{"allow":["GET"]}}],"collection":[{"href":"https:\/\/portal.hokuryu.info\/tr\/wp-json\/wp\/v2\/posts"}],"about":[{"href":"https:\/\/portal.hokuryu.info\/tr\/wp-json\/wp\/v2\/types\/post"}],"author":[{"embeddable":true,"href":"https:\/\/portal.hokuryu.info\/tr\/wp-json\/wp\/v2\/users\/1"}],"replies":[{"embeddable":true,"href":"https:\/\/portal.hokuryu.info\/tr\/wp-json\/wp\/v2\/comments?post=63172"}],"version-history":[{"count":0,"href":"https:\/\/portal.hokuryu.info\/tr\/wp-json\/wp\/v2\/posts\/63172\/revisions"}],"wp:featuredmedia":[{"embeddable":true,"href":"https:\/\/portal.hokuryu.info\/tr\/wp-json\/wp\/v2\/media\/63267"}],"wp:attachment":[{"href":"https:\/\/portal.hokuryu.info\/tr\/wp-json\/wp\/v2\/media?parent=63172"}],"wp:term":[{"taxonomy":"category","embeddable":true,"href":"https:\/\/portal.hokuryu.info\/tr\/wp-json\/wp\/v2\/categories?post=63172"},{"taxonomy":"post_tag","embeddable":true,"href":"https:\/\/portal.hokuryu.info\/tr\/wp-json\/wp\/v2\/tags?post=63172"}],"curies":[{"name":"wp","href":"https:\/\/api.w.org\/{rel}","templated":true}]}}