{"id":63169,"date":"2025-08-26T09:36:32","date_gmt":"2025-08-26T00:36:32","guid":{"rendered":"https:\/\/portal.hokuryu.info\/?p=63169"},"modified":"2025-09-04T16:29:06","modified_gmt":"2025-09-04T07:29:06","slug":"hokuryu-kasabasinin-gelecegi-tartisiliyor-hekisui-kasabasinda-kasaba-kalkinma-tartisma-toplantisi-duzenlendi","status":"publish","type":"post","link":"https:\/\/portal.hokuryu.info\/tr\/63169\/","title":{"rendered":"Hokuryu Kasabas\u0131&#039;n\u0131n gelece\u011fi tart\u0131\u015f\u0131l\u0131yor! Hekisui Mahalle Derne\u011fi taraf\u0131ndan ba\u015flat\u0131lan \u015fehir planlama tart\u0131\u015fma toplant\u0131s\u0131"},"content":{"rendered":"<p>Sal\u0131, 26 A\u011fustos 2025<\/p>\n<div class=\"ep-box es-BpaperRight es-grid bgc-VPsky\">20 A\u011fustos \u00c7ar\u015famba g\u00fcn\u00fc, Hekisui Ikigai Merkezi&#039;nde bir kasaba kalk\u0131nma tart\u0131\u015fma toplant\u0131s\u0131 d\u00fczenlendi. Yakla\u015f\u0131k 20 kasaba sakini kat\u0131ld\u0131 ve toplant\u0131da 2025 mali y\u0131l\u0131 politikalar\u0131 ve Ay\u00e7i\u00e7e\u011fi Festivali&#039;ndeki yeni geli\u015fmeler hakk\u0131nda a\u00e7\u0131klamalar yap\u0131ld\u0131. G\u00f6r\u00fc\u015f al\u0131\u015fveri\u015fi s\u0131ras\u0131nda, \u00e7\u00f6pl\u00fcklerin y\u00f6netimi ve tehlikeli bo\u015f evler sorunu gibi toplumun kar\u015f\u0131 kar\u015f\u0131ya oldu\u011fu konular hakk\u0131nda canl\u0131 tart\u0131\u015fmalar yap\u0131ld\u0131. Bu, h\u00fck\u00fcmet ve sakinlerin Hokuryu Kasabas\u0131&#039;n\u0131n gelece\u011fini in\u015fa etmek i\u00e7in bir araya geldi\u011fi i\u015fbirlik\u00e7i kasaba kalk\u0131nmas\u0131nda \u00f6nemli bir ad\u0131md\u0131.<\/div>\n<h2>Kent Geli\u015ftirme Tart\u0131\u015fma Grubu\/Hekisui Mahalle Derne\u011fi<\/h2>\n<p>20 A\u011fustos \u00c7ar\u015famba g\u00fcn\u00fc saat 17:30&#039;da Hekisui \u0130kigai Merkezi&#039;nde bir kasaba kalk\u0131nma tart\u0131\u015fma toplant\u0131s\u0131 d\u00fczenlendi. Yakla\u015f\u0131k 20 kasaba sakini bir araya gelerek aktif olarak fikir al\u0131\u015fveri\u015finde bulundu.<\/p>\n<figure class=\"wp-caption aligncenter\"><a href=\"https:\/\/photos.google.com\/share\/AF1QipOOuwX-h13cntO82Ye2F1dcA-S4YaK0uNsAopLPbuq0Ulzil9u9EtMTeK4FBk6Qhg\/photo\/AF1QipPgez1fSbErjqgwvW1c6H_nQwl00Vn7P-rvQtA?key=QV9jWE8yNThFMkZPekFRaTFXYmxCZi1hNThUR3J3\" target=\"_blank\"><img decoding=\"async\" src=\"https:\/\/lh3.googleusercontent.com\/pw\/AP1GczMpnL9E9iMq_Ptb3axFHgBxjg4PR3VpnnRJdDpScvdzI8tfalV81PnG51ujFkXurowL1BgtX7Pm3iqKuMaRv_iMsUnxPGPsKPMoKJcmsPSh4fe4qC8jqdXE6nkfKpk_ZPN82big2TjsRTFzheqqYahW=w2000-h1125-s-no-gm?authuser=0\" width=\"2000\" height=\"1125\" alt=\"Hekisui \u015eehir Planlama Forumu\" class=\"size-full\" \/><\/a><figcaption class=\"wp-caption-text\">Hekisui \u015eehir Planlama Forumu<\/figcaption><\/figure>\n<p>Toplant\u0131da, 2025 mali y\u0131l\u0131 b\u00fct\u00e7e uygulamas\u0131 ve organizasyonel reformlar ile B\u00f6lgesel Canland\u0131rma 2.0 b\u00fct\u00e7esinin geni\u015fletilmesi gibi yerel y\u00f6netim politikalar\u0131 ve sistemlerindeki de\u011fi\u015fiklikler hakk\u0131nda a\u00e7\u0131klamalar yap\u0131ld\u0131. Ayr\u0131ca, Ay\u00e7i\u00e7e\u011fi Festivali&#039;nin ba\u015far\u0131s\u0131, otopark \u00fccretleriyle ilgili yeni giri\u015fimler ve ziyaret\u00e7i say\u0131lar\u0131n\u0131 \u00f6l\u00e7mek i\u00e7in yapay zeka kullanan deneyler hakk\u0131nda raporlar sunuldu.<\/p>\n<h3>Moderat\u00f6r: Belediye Ba\u015fkan Yard\u0131mc\u0131s\u0131 Masaaki Okuda<\/h3>\n<figure class=\"wp-caption aligncenter\"><a href=\"https:\/\/photos.google.com\/share\/AF1QipOOuwX-h13cntO82Ye2F1dcA-S4YaK0uNsAopLPbuq0Ulzil9u9EtMTeK4FBk6Qhg\/photo\/AF1QipNP6A9jOoo-byTUsrx85nB2qP5qpva7mtK6UTs?key=QV9jWE8yNThFMkZPekFRaTFXYmxCZi1hNThUR3J3\" target=\"_blank\"><img decoding=\"async\" src=\"https:\/\/lh3.googleusercontent.com\/pw\/AP1GczNRntmLxR3TVgFNraoGcegwzVOgNt_5SgI1DnO-pVFhg-fy7mcBTa1oe1MOonWWr-xiAtQu3VeFHRxeEFaAt2wQtGKBw7fRUe20iIPPixSpud1K96EXxa3umeTHxyYGYbLFyjMkAfzv6eO_4EemEC2u=w2000-h1125-s-no-gm?authuser=0\" width=\"2000\" height=\"1125\" alt=\"Moderat\u00f6r: Belediye Ba\u015fkan Yard\u0131mc\u0131s\u0131 Masaaki Okuda\" class=\"size-full\" \/><\/a><figcaption class=\"wp-caption-text\">Moderat\u00f6r: Belediye Ba\u015fkan Yard\u0131mc\u0131s\u0131 Masaaki Okuda<\/figcaption><\/figure>\n<h3>Belediye Ba\u015fkan\u0131 Yasuhiro Sasaki&#039;den selamlar<\/h3>\n<figure class=\"wp-caption aligncenter\"><a href=\"https:\/\/photos.google.com\/share\/AF1QipOOuwX-h13cntO82Ye2F1dcA-S4YaK0uNsAopLPbuq0Ulzil9u9EtMTeK4FBk6Qhg\/photo\/AF1QipPCEDA41cypS2opzFqgVGLnEGvhJ7mkEM64smw?key=QV9jWE8yNThFMkZPekFRaTFXYmxCZi1hNThUR3J3\" target=\"_blank\"><img decoding=\"async\" src=\"https:\/\/lh3.googleusercontent.com\/pw\/AP1GczMkkei5W_LmNyV3wE8aPzf3tLfrstjTBm5-CPM8C-7EtmJi0RcGgpsOcmVaX5UrXoehkHsvbov7v1b3F0R8ytZICRbYwVoilJRMt3OLue0soY5ozrBHo5cHy_UYv2cM9DZs_-YKzplQvsslZ7YnkQ-E=w2000-h1125-s-no-gm?authuser=0\" width=\"2000\" height=\"1125\" alt=\"Belediye Ba\u015fkan\u0131 Yasuhiro Sasaki&#039;den selamlar\" class=\"size-full\" \/><\/a><figcaption class=\"wp-caption-text\">Belediye Ba\u015fkan\u0131 Yasuhiro Sasaki&#039;den selamlar<\/figcaption><\/figure>\n<p>&quot;O-ban.<\/p>\n<p>Ak\u015fam saat 17:30 gibi zor bir zamanda bir araya gelmek i\u00e7in zaman ay\u0131ran, aralar\u0131nda Takeuchi Mahalle Derne\u011fi Ba\u015fkan\u0131&#039;n\u0131n da bulundu\u011fu herkese i\u00e7ten \u015f\u00fckranlar\u0131m\u0131z\u0131 sunmak istiyoruz.<\/p>\n<p>Hem yap\u0131\u015fkan hem de yap\u0131\u015fkan olmayan pirin\u00e7 hasad\u0131 i\u00e7in haz\u0131rl\u0131klar devam ediyor, bu y\u00fczden me\u015fgul oldu\u011funuzu tahmin ediyorum. \u00c7ok te\u015fekk\u00fcr ederim.<\/p>\n<p>Bug\u00fcn sizlere Nisan ay\u0131ndan bu yana devam eden 2025 mali y\u0131l\u0131 projelerini anlatmak istiyorum.<\/p>\n<p>\u00d6rg\u00fctsel bir reform ger\u00e7ekle\u015ftirildi ve art\u0131k Belediye Gelecek Stratejisi Birimi g\u00f6reve ba\u015flad\u0131. Bir\u00e7ok de\u011fi\u015fiklik ya\u015fand\u0131.<\/p>\n<p>\u00dclke b\u00fct\u00e7esi \u00e7e\u015fitli y\u00f6nlere gidiyor ve art\u0131k sessiz kal\u0131rsak h\u00fck\u00fcmetten para alamayaca\u011f\u0131m\u0131z bir d\u00f6nemdeyiz.<\/p>\n<p>\u00c7e\u015fitli sorunlara cevap verebilmek i\u00e7in il\u00e7e halk\u0131m\u0131z\u0131n \u00e7e\u015fitli g\u00f6r\u00fc\u015flerine cevap verebilmek ad\u0131na birimlerimizi belirledik ve de\u011fi\u015fiklikler yapt\u0131k.<\/p>\n<p>Bizim as\u0131l amac\u0131m\u0131z Genel Politika Ofisi olarak her birimi bir araya getirerek, il\u00e7e halk\u0131n\u0131n isteklerinin b\u00fct\u00e7eyle uyumlu olmas\u0131n\u0131 sa\u011flamakt\u0131r.<\/p>\n<p>Projenin ana temas\u0131 &quot;B\u00f6lgesel Canland\u0131rma 2.0&quot;. Ba\u015fbakan Ishiba, son 10 y\u0131ld\u0131r b\u00f6lgesel canland\u0131rma \u00fczerinde \u00e7al\u0131\u015f\u0131yor, ancak &quot;etkili olmad\u0131\u011f\u0131n\u0131&quot; d\u00fc\u015f\u00fcn\u00fcyor. B\u00f6lgeler yeterince parlak de\u011fil,&quot; diyor ve bu y\u0131l b\u00fct\u00e7eyi 100 milyar yenden 200 milyar yene \u00e7\u0131kar\u0131yor.<\/p>\n<p>Bundan sonra size \u00e7e\u015fitli \u015feyler anlataca\u011f\u0131m ama bunlar\u0131 a\u00e7\u0131k bir \u015fekilde aktaraca\u011f\u0131mdan, g\u00f6r\u00fc\u015flerinizi dikkatle dinleyece\u011fimden, \u015fekillendirece\u011fimden ve uygun \u015fekilde cevap verece\u011fimden emin olabilirsiniz.<\/p>\n<p>Etkinlik bug\u00fcn saat 19:00&#039;a kadar devam edecek ve sizlerin de g\u00f6r\u00fc\u015flerinizi duymay\u0131 sab\u0131rs\u0131zl\u0131kla bekliyoruz.<\/p>\n<p>Sonunda, 20 Temmuz - 18 A\u011fustos tarihleri aras\u0131nda d\u00fczenlenen Ay\u00e7i\u00e7e\u011fi Festivali ba\u015far\u0131yla tamamland\u0131. Bu y\u0131l otopark \u00fccreti almaya karar verdik. Son 20 y\u0131ld\u0131r otopark \u00fccretlerini tart\u0131\u015f\u0131yorduk.<\/p>\n<p>San\u0131r\u0131m hepinize bir\u00e7ok y\u00f6nden \u00e7ok fazla sorun \u00e7\u0131kard\u0131m, bundan sonra bahsedece\u011fim.<\/p>\n<p>Ayr\u0131ca, ziyaret\u00e7i say\u0131s\u0131n\u0131 saymak i\u00e7in yapay zekay\u0131, y\u00fcz tan\u0131may\u0131 ve di\u011fer y\u00f6ntemleri kullanarak ger\u00e7ek say\u0131y\u0131 elde etmek i\u00e7in denemeler yapmaya ba\u015flad\u0131k.<\/p>\n<p>Bu bize ay\u00e7i\u00e7e\u011fi etkisinin ne kadar b\u00fcy\u00fck oldu\u011funu g\u00f6sterecek.<\/p>\n<p>Bug\u00fcn ilk &quot;Kentsel Geli\u015fim Tart\u0131\u015fma Toplant\u0131s\u0131&quot; Aomizu Mahalle Derne\u011fi ile ba\u015flayacak, yar\u0131n Wa Mahalle Derne\u011fi ile, yar\u0131ndan sonraki g\u00fcn ise Mibaushi Mahalle Derne\u011fi ile yap\u0131lacak.<\/p>\n<p>Belediye Ba\u015fkan\u0131 Sasaki, &quot;Deste\u011finizin devam etmesini bekliyoruz&quot; dedi.<\/p>\n<h3>Politika Planlama Ofisi Direkt\u00f6r\u00fc Katsuyoshi Takahashi taraf\u0131ndan verilen genel bak\u0131\u015f<\/h3>\n<figure class=\"wp-caption aligncenter\"><a href=\"https:\/\/photos.google.com\/share\/AF1QipOOuwX-h13cntO82Ye2F1dcA-S4YaK0uNsAopLPbuq0Ulzil9u9EtMTeK4FBk6Qhg\/photo\/AF1QipNctfaN9uf7ppyS-5MTRwiSzyzzwPeeY48Dsv8?key=QV9jWE8yNThFMkZPekFRaTFXYmxCZi1hNThUR3J3\" target=\"_blank\"><img decoding=\"async\" src=\"https:\/\/lh3.googleusercontent.com\/pw\/AP1GczOlJWO5YWhPrTaoNP9WI4wiLX01lv2KVvlXyhkZwxUEI1NNOABDcROOW9Qqm3McAxS6L6fckdUECtVB-QqSpoSZearBhmmIo6k-wDA3x35s0DWCRgPB1rcDLfLuJj06yRR9yIy5YK3AZLMiqtDNisgr=w2000-h1125-s-no-gm?authuser=0\" width=\"2000\" height=\"1125\" alt=\"Politika \u00c7al\u0131\u015fmalar\u0131 Genel M\u00fcd\u00fcr\u00fc Katsuyoshi Takahashi&#039;nin Genel Bak\u0131\u015f\u0131\" class=\"size-full\" \/><\/a><figcaption class=\"wp-caption-text\">Politika \u00c7al\u0131\u015fmalar\u0131 Genel M\u00fcd\u00fcr\u00fc Katsuyoshi Takahashi&#039;nin Genel Bak\u0131\u015f\u0131<\/figcaption><\/figure>\n<h4>B\u00f6lgesel canlanman\u0131n te\u015fvikine ili\u015fkin a\u00e7\u0131klama<\/h4>\n<p>Hokuryu Kasabas\u0131&#039;n\u0131n kasaba, insan ve i\u015f yaratmaya y\u00f6nelik kapsaml\u0131 stratejisinin temel politikas\u0131, yeni yerel ekonomi ve ya\u015fam ortam\u0131 yaratma hibesi (ikinci nesil hibe), &quot;Himawari Holdings&quot; projesinin &quot;yedi aya\u011f\u0131&quot; ve 2025 mali y\u0131l\u0131 i\u00e7in proje maliyetleri hakk\u0131nda a\u00e7\u0131klama yap\u0131ld\u0131.<\/p>\n<h3>Kent Gelecek Stratejisi B\u00f6l\u00fcm\u00fc Direkt\u00f6r\u00fc Yayoi Kawamoto&#039;nun a\u00e7\u0131klamas\u0131<\/h3>\n<figure class=\"wp-caption aligncenter\"><a href=\"https:\/\/photos.google.com\/share\/AF1QipOOuwX-h13cntO82Ye2F1dcA-S4YaK0uNsAopLPbuq0Ulzil9u9EtMTeK4FBk6Qhg\/photo\/AF1QipNMq1g87zr4EUmG-g6c5QutfMpxT2IWHU1fX4k?key=QV9jWE8yNThFMkZPekFRaTFXYmxCZi1hNThUR3J3\" target=\"_blank\"><img decoding=\"async\" src=\"https:\/\/lh3.googleusercontent.com\/pw\/AP1GczNzfHs6ze-Ci_lU2Kmms1pfPOmWxdtl7LeqFVEmoEeiOQS2YgYLJo5m96Iz66rodIA-uD3XmSp-feb6x7pVJ0tZsGzX590hTiMXYGU4CuOPrfv6GAd3K545X4Hyzn5rwLsExidxaMQUJmBm8Gzo8WlK=w2000-h1125-s-no-gm?authuser=0\" width=\"2000\" height=\"1125\" alt=\"B\u00f6l\u00fcm \u015eefi Yayoi Kawamoto&#039;nun A\u00e7\u0131klamas\u0131\" class=\"size-full\" \/><\/a><figcaption class=\"wp-caption-text\">B\u00f6l\u00fcm \u015eefi Yayoi Kawamoto&#039;nun A\u00e7\u0131klamas\u0131<\/figcaption><\/figure>\n<p>A\u015fa\u011f\u0131daki i\u015fletmeler a\u00e7\u0131kland\u0131:<\/p>\n<ol>\n<li>&quot;Memleket Vergisi&quot; ve &quot;B\u00f6lgesel Toplu Ta\u015f\u0131ma&quot; Hakk\u0131nda (\u015eehir Gelecek Stratejisi B\u00f6l\u00fcm\u00fc)<\/li>\n<li>&quot;Yaz\u0131s\u0131z Pencere (Yerel Y\u00f6netim Penceresinin Dijitalle\u015ftirilmesi)&quot; ve &quot;\u00c7ok Katmanl\u0131 Destek Sistemi Geli\u015ftirme Projesi&quot; (\u00c7ocuk Ya\u015fam Destek Birimi) Hakk\u0131nda<\/li>\n<li>&quot;Ku\u015f ve Hayvan Zararlar\u0131n\u0131 \u00d6nleme Tedbirleri&quot; ve &quot;Ay\u00e7i\u00e7e\u011fi K\u00f6y\u00fc Y\u00f6netimi&quot; (Sanayi B\u00f6l\u00fcm\u00fc) Hakk\u0131nda<\/li>\n<li>&quot;Su ve kanalizasyon muhasebesi i\u00e7in y\u00f6netim stratejilerinin geli\u015ftirilmesi&quot; ve &quot;Kar temizleme merkezi ve otob\u00fcs garaj\u0131n\u0131n in\u015fas\u0131&quot; (\u0130n\u015faat B\u00f6l\u00fcm\u00fc) hakk\u0131nda<\/li>\n<li>&quot;Hokuryu Kasabas\u0131 Kapsaml\u0131 \u00d6\u011frenme ve De\u011fi\u015fim Merkezi (ge\u00e7ici ad\u0131)&quot;, &quot;\u00c7evrimi\u00e7i Kamu Haz\u0131rl\u0131k Okulu&quot;, &quot;Yeni Okul Olu\u015fturma At\u00f6lyesi&quot;nin d\u00fczenlenmesi ve &quot;\u00d6zel M\u00fcfredat Okulu&quot; i\u00e7in ba\u015fvuru haz\u0131rl\u0131klar\u0131 hakk\u0131nda (E\u011fitim Kurulu)<\/li>\n<\/ol>\n<h3>g\u00f6r\u00fc\u015f al\u0131\u015fveri\u015fi<\/h3>\n<p>Sahadan gelen geri bildirimler do\u011frultusunda otopark \u00fccretleri, alan y\u00f6netimi, b\u00fct\u00e7e durumu, yaban hayat\u0131 y\u00f6netimi, tar\u0131msal tan\u0131t\u0131m\u0131n gelece\u011fine y\u00f6nelik vizyon olu\u015fturulmas\u0131 ve mahalle dernek toplant\u0131lar\u0131n\u0131n format\u0131 gibi g\u00fcncel sorunlar\u0131n \u00e7\u00f6z\u00fcm\u00fcne y\u00f6nelik tedbirler g\u00f6r\u00fc\u015f\u00fcld\u00fc.<\/p>\n<p>G\u00f6r\u00fc\u015fmelerde ayr\u0131ca Kitary\u016b Kasabas\u0131&#039;ndaki \u00e7\u00f6p istasyonlar\u0131n\u0131n nas\u0131l y\u00f6netilece\u011fi, kar temizleme tedbirleri ve bo\u015f ev sorunu ele al\u0131nd\u0131 ve yerel sakinlerin ve g\u00f6n\u00fcll\u00fclerin durumu, mali sorunlar ve ya\u015flanan n\u00fcfus ile azalan hane say\u0131s\u0131n\u0131n etkilerine y\u00f6nelik \u00f6nlemlerin de\u011ferlendirilmesi \u00e7a\u011fr\u0131s\u0131 yap\u0131ld\u0131.<\/p>\n<h4>1. D\u0131\u015fb\u00fckey aynalar\u0131n \u00e7\u0131kar\u0131lmas\u0131<\/h4>\n<ul>\n<li><strong>[Sorular\/\u0130stekler]<\/strong><br \/>\n        Takeuchi K\u00f6pr\u00fcs\u00fc yak\u0131n\u0131ndaki d\u0131\u015fb\u00fckey aynay\u0131 kald\u0131rmak do\u011fru mudur?<\/li>\n<li><strong>\u3010cevap\u3011<\/strong><br \/>\n        Evet, kald\u0131r\u0131lmas\u0131nda bir sak\u0131nca yok. Yerel y\u00f6netim derhal harekete ge\u00e7ecek.<\/li>\n<\/ul>\n<h4>2. \u00c7\u00f6p \u0130stasyonu Y\u00f6netimi<\/h4>\n<ul>\n<li><strong>[Sorular\/\u0130stekler]<\/strong><br \/>\n        Mahalledeki \u00e7\u00f6p istasyonu \u015fu anda g\u00f6n\u00fcll\u00fcler taraf\u0131ndan y\u00f6netiliyor, ancak y\u00f6neticiler ya\u015fland\u0131k\u00e7a gelecekte y\u00f6netiminin zorla\u015faca\u011f\u0131 ve bunu yapacak kimsenin kalmayaca\u011f\u0131 endi\u015fesi var.<\/li>\n<li><strong>[Cevap\/Tart\u0131\u015fma]<\/strong><br \/>\n        \u00c7\u00f6p istasyonlar\u0131 ba\u015flang\u0131\u00e7ta yerel halk\u0131n talebi \u00fczerine kurulmu\u015ftu. Ya\u015flanan ve azalan n\u00fcfus nedeniyle yerel y\u00f6netimin giderek zorla\u015ft\u0131\u011f\u0131n\u0131n fark\u0131nday\u0131z. Bu sadece bir para meselesi de\u011fil, ayn\u0131 kar temizleme sorunlar\u0131 gibi b\u00f6lge i\u00e7in kapsaml\u0131 bir konu olarak g\u00f6r\u00fcyoruz. H\u00fck\u00fcmet, bundan sonra mali kaynak sa\u011flamak da dahil olmak \u00fczere hangi \u00f6nlemleri ve deste\u011fi sa\u011flayabilece\u011fini de\u011ferlendirecektir.<\/li>\n<\/ul>\n<h4>3. Tehlikeli bo\u015f evlerle ba\u015fa \u00e7\u0131kma<\/h4>\n<ul>\n<li><strong>[Sorular\/\u0130stekler]<\/strong><br \/>\n        Daha \u00f6nce de belirtti\u011fimiz gibi, tehlikeli bo\u015f evler s\u00f6z konusu oldu\u011funda, bir kaza meydana gelmeden \u00f6nce harekete ge\u00e7meliyiz. Sahipleri harekete ge\u00e7mezse, h\u00fck\u00fcmet taraf\u0131ndan zorla y\u0131k\u0131lmalar\u0131 i\u00e7in &quot;idari infaz&quot; se\u00e7ene\u011fini de\u011ferlendirmeliyiz.<\/li>\n<li><strong>[Cevap\/Tart\u0131\u015fma]<\/strong><br \/>\n        Bahsetti\u011finiz bo\u015f evle ilgili olarak yerel y\u00f6netim de harekete ge\u00e7iyor. Son \u00e7are olarak, yerel y\u00f6netimin m\u00fclk\u00fc sahibi ad\u0131na y\u0131kaca\u011f\u0131 &quot;idari icra&quot; se\u00e7ene\u011fini de\u011ferlendiriyoruz. Ancak, izlenmesi gereken yasal prosed\u00fcrler mevcut ve bunun ger\u00e7ekle\u015fmesinin, sahibine bildirim de dahil olmak \u00fczere, yakla\u015f\u0131k bir y\u0131l s\u00fcrmesi bekleniyor. Tehlikeli durumun fark\u0131nday\u0131z ve en k\u0131sa s\u00fcrede m\u00fcdahale etmek i\u00e7in elimizden gelenin en iyisini yapaca\u011f\u0131z.<\/li>\n<\/ul>\n<figure class=\"wp-caption aligncenter\"><a href=\"https:\/\/photos.google.com\/share\/AF1QipOOuwX-h13cntO82Ye2F1dcA-S4YaK0uNsAopLPbuq0Ulzil9u9EtMTeK4FBk6Qhg\/photo\/AF1QipNKDxRlilR_4dCVonerZp641SPP-G7rVE4ZRuw?key=QV9jWE8yNThFMkZPekFRaTFXYmxCZi1hNThUR3J3\" target=\"_blank\"><img decoding=\"async\" src=\"https:\/\/lh3.googleusercontent.com\/pw\/AP1GczOaaz102Ag4oL_U-QIXWM_vKQAAOYGFnPJKnVEL7WFDu-RfoBp4YkjBMZDWnhdqExdro4SxXN-bQ94ff2QKBVjTLmLISvmUwTPielOrDwq7cvZTyvW8O9T5OyUUoumltA97FxxfF_qG4lclCm3HC3G6=w2000-h1125-s-no-gm?authuser=0\" width=\"2000\" height=\"1125\" alt=\"g\u00f6r\u00fc\u015f al\u0131\u015fveri\u015fi\" class=\"size-full\" \/><\/a><figcaption class=\"wp-caption-text\">g\u00f6r\u00fc\u015f al\u0131\u015fveri\u015fi<\/figcaption><\/figure>\n<p>S\u0131n\u0131rs\u0131z sevgi, \u015f\u00fckran ve dualar\u0131m\u0131zla, h\u00fck\u00fcmet ve kasaba halk\u0131 aras\u0131nda canl\u0131 fikir al\u0131\u015fveri\u015flerini te\u015fvik eden ve i\u015fbirlik\u00e7i kasaba geli\u015fimini te\u015fvik etmek i\u00e7in birlikte \u00e7al\u0131\u015fan Kent Geli\u015ftirme Forumu&#039;na y\u00fcrekten te\u015fekk\u00fcrlerimizi sunuyoruz.<\/p>\n<figure class=\"wp-caption aligncenter\"><a href=\"https:\/\/photos.google.com\/share\/AF1QipMsfCXEGzPxk-PmQBUwjzgEAPOSUVWMhTRaTD9scGS6k3I4NLQCT3fXaIqu0Qb0cw\/photo\/AF1QipM06dB01jScDMoSWt0-PZci-82sA59E2cnmmqc?key=VG81aW1pWkFvSngzRzF0S0RDYTlJT1BMVThWNzF3\"><img decoding=\"async\" src=\"https:\/\/lh3.googleusercontent.com\/pw\/AP1GczPS4wiyZ723PJdpJ40unA2H8G072wmoq7BKSXAcUbkdyOlnC8xDt9hRmRmjX5FQzJQ1Y7WW0tZENlU4ZWF_8oWs1cnJ42SdajXpK4sHIq4iAgQjZzeORUlDLwgbRMZr3UiFapi3TwpIUygyW1RarfcQ=w2000-h1500-s-no-gm?authuser=1\" width=\"2000\" height=\"1500\" alt=\"Verimli k\u0131rsal alan\" class=\"size-full\" \/><\/a><figcaption class=\"wp-caption-text\">Verimli k\u0131rsal alan<\/figcaption><\/figure>\n<h2>Di\u011fer foto\u011fraflar<\/h2>\n<div class=\"img-move\"><img decoding=\"async\" style=\"vertical-align: middle;\" src=\"https:\/\/ehokkaido.net\/wp-content\/uploads\/2021\/12\/2021-12-06-11.41.12.png\" \/> <a href=\"https:\/\/photos.app.goo.gl\/kmWJpQcL9n9vUMev9\" target=\"_blank\" rel=\"noopener noreferrer\">Kent Geli\u015ftirme Tart\u0131\u015fma Toplant\u0131s\u0131 ve Hekisui Mahalle Derne\u011fi&#039;nden foto\u011fraflar (19 foto\u011fraf) burada &gt;&gt;<\/a><\/div>\n<p>\u25c7 <a href=\"https:\/\/portal.hokuryu.info\/tr\/62509\/\">\ud83d\udd8b\ufe0f \u0130\u00e7erik planlama, makale yaz\u0131m\u0131, foto\u011fraf se\u00e7imi ve video olu\u015fturma: Ikuko Terauchi<img decoding=\"async\" style=\"vertical-align: middle;\" src=\"https:\/\/ehokkaido.net\/wp-content\/uploads\/2021\/12\/2021-12-06-11.41.12.png\" \/> Foto\u011fraf\u00e7\u0131l\u0131k, d\u00fczenleme ve web sitesi y\u00f6netimi: Noboru Terauchi<\/a><\/p>","protected":false},"excerpt":{"rendered":"<p>2025\u5e74\uff18\u670826\u65e5\uff08\u706b\uff09 8\u670820\u65e5\uff08\u6c34\uff09\u3001\u78a7\u6c34\u751f\u304d\u304c\u3044\u30bb\u30f3\u30bf\u30fc\u3067\u300c\u307e\u3061\u3065\u304f\u308a\u61c7\u8ac7\u4f1a\u300d\u304c\u958b\u50ac\u3055\u308c\u307e\u3057\u305f\u3002\u753a\u6c11\u7d0420\u540d\u304c\u53c2\u52a0\u3057\u3001\u4ee4\u548c7\u5e74\u5ea6\u306e\u653f\u7b56\u3084\u3072\u307e\u308f\u308a\u307e\u3064\u308a\u306e\u65b0\u5c55\u958b\u306b\u3064\u3044\u3066\u8aac\u660e\u304c\u884c\u308f\u308c\u308b\u5834\u306b\u3002\u610f\u898b [&hellip;]<\/p>\n","protected":false},"author":1,"featured_media":63269,"comment_status":"open","ping_status":"open","sticky":false,"template":"","format":"standard","meta":{"footnotes":""},"categories":[4,75,112],"tags":[],"class_list":["post-63169","post","type-post","status-publish","format-standard","has-post-thumbnail","hentry","category-cover-story","category-sasaki-yasuhiro-mayor","category-local_revitalization_2"],"_links":{"self":[{"href":"https:\/\/portal.hokuryu.info\/tr\/wp-json\/wp\/v2\/posts\/63169","targetHints":{"allow":["GET"]}}],"collection":[{"href":"https:\/\/portal.hokuryu.info\/tr\/wp-json\/wp\/v2\/posts"}],"about":[{"href":"https:\/\/portal.hokuryu.info\/tr\/wp-json\/wp\/v2\/types\/post"}],"author":[{"embeddable":true,"href":"https:\/\/portal.hokuryu.info\/tr\/wp-json\/wp\/v2\/users\/1"}],"replies":[{"embeddable":true,"href":"https:\/\/portal.hokuryu.info\/tr\/wp-json\/wp\/v2\/comments?post=63169"}],"version-history":[{"count":0,"href":"https:\/\/portal.hokuryu.info\/tr\/wp-json\/wp\/v2\/posts\/63169\/revisions"}],"wp:featuredmedia":[{"embeddable":true,"href":"https:\/\/portal.hokuryu.info\/tr\/wp-json\/wp\/v2\/media\/63269"}],"wp:attachment":[{"href":"https:\/\/portal.hokuryu.info\/tr\/wp-json\/wp\/v2\/media?parent=63169"}],"wp:term":[{"taxonomy":"category","embeddable":true,"href":"https:\/\/portal.hokuryu.info\/tr\/wp-json\/wp\/v2\/categories?post=63169"},{"taxonomy":"post_tag","embeddable":true,"href":"https:\/\/portal.hokuryu.info\/tr\/wp-json\/wp\/v2\/tags?post=63169"}],"curies":[{"name":"wp","href":"https:\/\/api.w.org\/{rel}","templated":true}]}}