{"id":62451,"date":"2025-08-13T09:39:55","date_gmt":"2025-08-13T00:39:55","guid":{"rendered":"https:\/\/portal.hokuryu.info\/?p=62451"},"modified":"2025-10-26T11:34:49","modified_gmt":"2025-10-26T02:34:49","slug":"kurosengoku-is-kooperatifi-derneginden-cift-odul-kazanan-yukio-takadayi-tebrik-ederiz","status":"publish","type":"post","link":"https:\/\/portal.hokuryu.info\/tr\/62451\/","title":{"rendered":"\u00c7ifte zafer i\u00e7in tebrikler! Kurosengoku \u0130\u015fletme Kooperatifleri Birli\u011fi Ba\u015fkan\u0131 Yukio Takada, Hokkaido Sanayi Katk\u0131 \u00d6d\u00fcl\u00fc ve Merkez Birli\u011fi 70. Y\u0131l \u00dcst\u00fcn Hizmet \u00d6d\u00fcl\u00fc&#039;n\u00fc ald\u0131."},"content":{"rendered":"<p>Cuma, 15 A\u011fustos 2025<\/p>\n<div class=\"ep-box es-BpaperRight es-grid bgc-VPsky\">Efsanevi Kurosengoku soya fasulyesini yeniden canland\u0131ran Kurosengoku \u0130\u015fletme Kooperatifi Ba\u015fkan\u0131 Yukio Takada, 2025 y\u0131l\u0131nda Hokkaido End\u00fcstri Katk\u0131 \u00d6d\u00fcl\u00fc&#039;ne (Hokkaido) ve Hokkaido K\u00fc\u00e7\u00fck ve Orta \u00d6l\u00e7ekli \u0130\u015fletmeler Federasyonu 70. Y\u0131l Anma \u00d6d\u00fcl\u00fc&#039;ne lay\u0131k g\u00f6r\u00fcld\u00fc. Derne\u011fe ve yerel end\u00fcstriye uzun vadeli katk\u0131lar\u0131 b\u00fcy\u00fck be\u011feni toplayan Takada, sevincini Belediye Ba\u015fkan\u0131 Sasaki&#039;ye bildirmek \u00fczere Hokuryu Belediye Binas\u0131&#039;n\u0131 ziyaret etti.<\/div>\n<h2>\u00c7ifte zafer i\u00e7in tebrikler! Kurosengoku \u0130\u015fletme Kooperatifleri Birli\u011fi Ba\u015fkan\u0131 Yukio Takada, Hokkaido Sanayi Katk\u0131 \u00d6d\u00fcl\u00fc ve Merkez Birli\u011fi 70. Y\u0131l \u00dcst\u00fcn Hizmet \u00d6d\u00fcl\u00fc&#039;n\u00fc ald\u0131.<\/h2>\n<p>Kurosengoku \u0130\u015fletme Kooperatifi Ba\u015fkan\u0131 Yukio Takada, hem 2025 Hokkaido End\u00fcstriyel Katk\u0131 \u00d6d\u00fcl\u00fc&#039;n\u00fc (Hokkaido) hem de 70. Y\u0131l Anma Liyakat \u00d6d\u00fcl\u00fc&#039;n\u00fc (Hokkaido K\u00fc\u00e7\u00fck ve Orta \u00d6l\u00e7ekli \u0130\u015fletmeler Dernekleri Federasyonu) alarak ola\u011fan\u00fcst\u00fc bir ba\u015far\u0131ya imza att\u0131.<\/p>\n<h3>2025 Mali Y\u0131l\u0131 Hokkaido End\u00fcstriyel Katk\u0131 \u00d6d\u00fcl\u00fc (Hokkaido)<\/h3>\n<figure class=\"wp-caption aligncenter\"><a href=\"https:\/\/photos.google.com\/share\/AF1QipOQxC17pxnLc3neLx9iv5FX2zS2hlDQao2hKkTjrg06M0p5Sa9K1ndWmA_OFAwjTw\/photo\/AF1QipPmS0158nsZesCmGaExnHsYFZ8duWsRPs2gYiM?key=QmVpN05mRGVYMFV5blQ3LXBCMXVMOHYtQzNYeGZR\" target=\"_blank\"><img decoding=\"async\" src=\"https:\/\/lh3.googleusercontent.com\/pw\/AP1GczObJVwDXqUfckw5lkYfpORC0bTnxiKOg1Y-yc3Hx_Tlu3-Drtee3-R19TicI8r7rHzUowrTwXcIAbWbjYNokfcf2C7dTElIrQY2nI-l6EOY1NTakKW1yIsLO-VtFJS5WYxi7VItU5umY-4I0wLYvUJ4=w2000-h1412-s-no-gm?authuser=0\" width=\"2000\" height=\"1412\" alt=\"2025 Mali Y\u0131l\u0131 Hokkaido End\u00fcstriyel Katk\u0131 \u00d6d\u00fcl\u00fc (Hokkaido) \" class=\"size-full\" \/><\/a><figcaption class=\"wp-caption-text\">2025 Mali Y\u0131l\u0131 Hokkaido End\u00fcstriyel Katk\u0131 \u00d6d\u00fcl\u00fc (Hokkaido)<\/figcaption><\/figure>\n<p>Bu son derece prestijli \u00f6d\u00fcl, Hokkaido Valisi taraf\u0131ndan Hokkaido end\u00fcstrisinin tan\u0131t\u0131m\u0131na ve geli\u015fimine \u00f6nemli katk\u0131larda bulunan ki\u015fi ve kurulu\u015flara verilmektedir. Ticaret, sanayi, turizm ve in\u015faat gibi \u00e7ok \u00e7e\u015fitli alanlarda uzun y\u0131llar boyunca yerel ekonomiyi canland\u0131rmak i\u00e7in destek ve \u00f6zveriyle \u00e7al\u0131\u015fan liderlerin ba\u015far\u0131lar\u0131n\u0131 takdir etmektedir. Bu \u00f6d\u00fcl\u00fc almak, Hokkaido genelinde end\u00fcstriye yap\u0131lan ola\u011fan\u00fcst\u00fc katk\u0131lar\u0131n takdir edildi\u011finin bir kan\u0131t\u0131d\u0131r.<\/p>\n<figure class=\"wp-caption aligncenter\"><a href=\"https:\/\/photos.google.com\/share\/AF1QipOQxC17pxnLc3neLx9iv5FX2zS2hlDQao2hKkTjrg06M0p5Sa9K1ndWmA_OFAwjTw\/photo\/AF1QipNTHtAOeKY7xMX7DRmPJAVH1I__pz0FaMaM7a4?key=QmVpN05mRGVYMFV5blQ3LXBCMXVMOHYtQzNYeGZR\" target=\"_blank\"><img decoding=\"async\" src=\"https:\/\/lh3.googleusercontent.com\/pw\/AP1GczNak2QNCbgSmVtzX4vlwcaHDjLK0go0btBKvQTud0MxFzibpigWcUaQj19eF-tsnhLrZMcal8W0G-C4ZYxQzFerpN0j8mPRNzzv1RArEbjFvO7qw5LnFdZ6Nsq09pOo2Qhk8tak1jWxkMARVSvIxZYu=w1074-h1610-s-no-gm?authuser=0\" width=\"500\" alt=\"2025 Mali Y\u0131l\u0131 Hokkaido End\u00fcstriyel Katk\u0131 \u00d6d\u00fcl\u00fc (Hokkaido)\" class=\"size-full\" \/><\/a><figcaption class=\"wp-caption-text\">2025 Mali Y\u0131l\u0131 Hokkaido End\u00fcstriyel Katk\u0131 \u00d6d\u00fcl\u00fc (Hokkaido)<\/figcaption><\/figure>\n<h3>70. Y\u0131l D\u00f6n\u00fcm\u00fc Anma \u00d6d\u00fcl\u00fc (Hokkaido K\u00fc\u00e7\u00fck ve Orta \u00d6l\u00e7ekli \u0130\u015fletme Dernekleri Federasyonu)<\/h3>\n<p>Bu \u00f6d\u00fcl, Hokkaido&#039;daki k\u00fc\u00e7\u00fck ve orta \u00f6l\u00e7ekli i\u015fletmeleri ve kooperatifleri destekleyen merkezi bir kurulu\u015f olan Hokkaido K\u00fc\u00e7\u00fck \u0130\u015fletme Dernekleri Federasyonu taraf\u0131ndan, 70. y\u0131l d\u00f6n\u00fcm\u00fcn\u00fcn \u00f6nemli bir d\u00f6n\u00fcm noktas\u0131n\u0131 anmak amac\u0131yla, \u00f6zellikle ola\u011fan\u00fcst\u00fc katk\u0131larda bulunan ki\u015filere verilen \u00f6zel bir takdirdir.<\/p>\n<p>\u00d6d\u00fcl, kooperatif y\u00f6neticisi olarak uzun y\u0131llar boyunca g\u00f6sterdi\u011fi \u00f6zverili \u00e7al\u0131\u015fmayla kurulu\u015fun geli\u015fimine ve \u00fcyelerinin istikrar\u0131na katk\u0131da bulunan liderli\u011fi nedeniyle b\u00fcy\u00fck be\u011feni topluyor. Bu \u00f6d\u00fcl, yerel ekonominin temelini destekleyen kooperatifin faaliyetlerine olan uzun s\u00fcreli ba\u011fl\u0131l\u0131\u011f\u0131n\u0131n bir kan\u0131t\u0131d\u0131r.<\/p>\n<figure class=\"wp-caption aligncenter\"><a href=\"https:\/\/photos.google.com\/share\/AF1QipOQxC17pxnLc3neLx9iv5FX2zS2hlDQao2hKkTjrg06M0p5Sa9K1ndWmA_OFAwjTw\/photo\/AF1QipMsICsc5DnXd-Xcp8pdCAoqfsq1DTCtOe4tiuU?key=QmVpN05mRGVYMFV5blQ3LXBCMXVMOHYtQzNYeGZR\" target=\"_blank\"><img decoding=\"async\" src=\"https:\/\/lh3.googleusercontent.com\/pw\/AP1GczPowF5Ux32eLk6lBzDLE7fJawg9w4ni6RyxZfeGc7HPTY_oL3mfTHFmn1s6LXcqtNS1u3il_5cdGAJsydiYAXm3O4qLu78qMRzxGYgLqDD-3-0SbChmtT7cKjcOaROT7R_2ueJihBLV2wefaATkXDVp=w2000-h1333-s-no-gm?authuser=0\" width=\"2000\" height=\"1333\" alt=\"70. Y\u0131l D\u00f6n\u00fcm\u00fc \u00dcst\u00fcn Hizmet Anma \u00d6d\u00fcl\u00fc (Hokkaido Tamamlama \u015eirketleri Federasyonu)\" class=\"size-full\" \/><\/a><figcaption class=\"wp-caption-text\">70. Y\u0131l D\u00f6n\u00fcm\u00fc \u00dcst\u00fcn Hizmet Anma \u00d6d\u00fcl\u00fc (Hokkaido Tamamlama \u015eirketleri Federasyonu)<\/figcaption><\/figure>\n<p>Bu \u00f6d\u00fcl, Kurosengoku \u0130\u015fletme Kooperatifi&#039;nin y\u00f6netimine uzun y\u0131llar boyunca g\u00f6sterdi\u011fi \u00f6zveriyi, \u00fcyelerinin istikrar\u0131n\u0131 sa\u011flama \u00e7abalar\u0131n\u0131 ve derne\u011fin bir g\u00f6revlisi olarak Hokkaido&#039;da ticaret ve sanayinin geli\u015fimine yapt\u0131\u011f\u0131 katk\u0131lar\u0131 takdir etmektedir.<\/p>\n<h3>\u00d6d\u00fcl\u00fcn Belediye Ba\u015fkan\u0131 Sasaki&#039;ye bildirilmesi<\/h3>\n<p>8 A\u011fustos Cuma g\u00fcn\u00fc, Say\u0131n Yukio Takada, \u00f6d\u00fcl\u00fcn\u00fc Belediye Ba\u015fkan\u0131 Yasuhiro Sasaki&#039;ye bildirmek \u00fczere Hokuryu Belediye Binas\u0131&#039;ndaki Belediye Ba\u015fkanl\u0131\u011f\u0131 Ofisini ziyaret etti.<\/p>\n<figure class=\"wp-caption aligncenter\"><a href=\"https:\/\/photos.google.com\/share\/AF1QipOQxC17pxnLc3neLx9iv5FX2zS2hlDQao2hKkTjrg06M0p5Sa9K1ndWmA_OFAwjTw\/photo\/AF1QipMuNarQYQDFj9jZ3GrR0RyJw9KJodEgoZPtfVY?key=QmVpN05mRGVYMFV5blQ3LXBCMXVMOHYtQzNYeGZR\" target=\"_blank\"><img decoding=\"async\" src=\"https:\/\/lh3.googleusercontent.com\/pw\/AP1GczPztXWHVPf___OuEKY6xTK-XsQc-eiaVuW4I2ZXylfNpm9rAHUtQVbRHLtp28xjqYnxHSTY0RwzIklfubgyOSUSyP99qXkTYjjJnBH8Fm30acr46UuKvXQWsxl9fzmmFwnAznGc1YRzBFgWPlqsmKiU=w2000-h1333-s-no-gm?authuser=0\" width=\"2000\" height=\"1333\" alt=\"\u00d6d\u00fcl\u00fc Belediye Ba\u015fkan\u0131 Sasaki&#039;ye bildirin!\" class=\"size-full\" \/><\/a><figcaption class=\"wp-caption-text\">\u00d6d\u00fcl\u00fc Belediye Ba\u015fkan\u0131 Sasaki&#039;ye bildirin!<\/figcaption><\/figure>\n<h4>Yukio Takada&#039;dan \u015f\u00fckran s\u00f6zleri<\/h4>\n<figure class=\"wp-caption aligncenter\"><a href=\"https:\/\/photos.google.com\/share\/AF1QipOQxC17pxnLc3neLx9iv5FX2zS2hlDQao2hKkTjrg06M0p5Sa9K1ndWmA_OFAwjTw\/photo\/AF1QipMgsMq7Cmo51GmAOmDJYrhtG4hjcryUfbP2T5M?key=QmVpN05mRGVYMFV5blQ3LXBCMXVMOHYtQzNYeGZR\" target=\"_blank\"><img decoding=\"async\" src=\"https:\/\/lh3.googleusercontent.com\/pw\/AP1GczNc_XVscUL6oLa969czQ5ysZImqSPH9McD3XsTvufj_zAYMimTAqItcGrGleREItTNungP0wTXG7UF-a2rIzeyNrbsQncakGwLl2F0m5r8_tCbiB6KOWlYpxz8szFUEg2aly63enSvKT89PNa2Jdwye=w2000-h1333-s-no-gm?authuser=0\" width=\"2000\" height=\"1333\" alt=\"Yukio Takada&#039;dan \u015f\u00fckran s\u00f6zleri\" class=\"size-full\" \/><\/a><figcaption class=\"wp-caption-text\">Yukio Takada&#039;dan \u015f\u00fckran s\u00f6zleri<\/figcaption><\/figure>\n<p>&quot;Kurosengoku Kooperatif Birli\u011fi&#039;nin 20. y\u0131l d\u00f6n\u00fcm\u00fcn\u00fc yeni kutlad\u0131k ve y\u00f6netmenlerimiz ve yap\u0131mc\u0131lar\u0131m\u0131z da dahil olmak \u00fczere bu yolda bize yard\u0131mc\u0131 olan bir\u00e7ok insana tarifsiz bir minnettarl\u0131k duyuyorum. Bunun herkesin \u00e7abalar\u0131n\u0131n doruk noktas\u0131 oldu\u011funa inan\u0131yorum. \u00c7ok te\u015fekk\u00fcr ederim!&quot; dedi Ba\u015fkan Takada.<\/p>\n<h4>Belediye Ba\u015fkan\u0131 Sasaki&#039;den tebrik mesaj\u0131<\/h4>\n<p>\ufffc<br \/>\n<figure class=\"wp-caption aligncenter\"><a href=\"https:\/\/photos.google.com\/share\/AF1QipOQxC17pxnLc3neLx9iv5FX2zS2hlDQao2hKkTjrg06M0p5Sa9K1ndWmA_OFAwjTw\/photo\/AF1QipP9FEtVrb5Ttwva7EBsclJRlaI5L17NZSbTJnY?key=QmVpN05mRGVYMFV5blQ3LXBCMXVMOHYtQzNYeGZR\" target=\"_blank\"><img decoding=\"async\" src=\"https:\/\/lh3.googleusercontent.com\/pw\/AP1GczPZ38noGrS2hN-LwwzeQNOQvbxG1R5l-hEimFDGdIbi3dja9wOCpdfXrZofp0IyUXC6ZFmNwNFOvP7GachohfY86T8ty631IGBdJ6Q_HuYhCe-P6cESjnoyXtB9zKhFRz7bf8s6GoIfkc3OPkj9W4fW=w2000-h1333-s-no-gm?authuser=0\" width=\"2000\" height=\"1333\" alt=\"Belediye Ba\u015fkan\u0131 Sasaki&#039;nin tebrik konu\u015fmas\u0131\" class=\"size-full\" \/><\/a><figcaption class=\"wp-caption-text\">Belediye Ba\u015fkan\u0131 Sasaki&#039;nin tebrik konu\u015fmas\u0131<\/figcaption><\/figure>\n<p>Kurosengoku \u0130\u015fletme Kooperatifleri Birli\u011fi 20. y\u0131l d\u00f6n\u00fcm\u00fcn\u00fc kutlad\u0131 ve ben de kutlamaya kat\u0131lma onuruna eri\u015ftim. Kutlamaya, \u00e7al\u0131\u015fkan y\u00f6neticiler, \u00fcreticiler ve i\u015f ortaklar\u0131 da dahil olmak \u00fczere bir\u00e7ok ki\u015fi kat\u0131ld\u0131 ve rahat bir atmosferde harika bir kutlamayd\u0131. Vali Suzuki&#039;nin y\u0131llar boyunca bu b\u00fcy\u00fck ba\u015far\u0131lar\u0131 yak\u0131ndan takip etti\u011fine ve takdir etti\u011fine inan\u0131yorum.<\/p>\n<p>Belediye Ba\u015fkan\u0131 Sasaki, &quot;Hokkaido Sanayi Katk\u0131 \u00d6d\u00fcl\u00fc ve Hokkaido K\u00fc\u00e7\u00fck ve Orta \u00d6l\u00e7ekli \u0130\u015fletmeler Federasyonu&#039;nun 70. Y\u0131l \u00dcst\u00fcn Hizmet \u00d6d\u00fcl\u00fc&#039;n\u00fc ald\u0131\u011f\u0131n\u0131z i\u00e7in tebrikler. 30, 50 ve hatta 100 y\u0131l boyunca varl\u0131\u011f\u0131n\u0131 s\u00fcrd\u00fcrecek bir \u015firket olma hedefimize ula\u015fmam\u0131zda deste\u011finizin devam\u0131n\u0131 bekliyoruz!&quot; dedi.<\/p>\n<h3>Anma foto\u011fraf\u0131<\/h3>\n<p>A\u00e7\u0131klaman\u0131n ard\u0131ndan belediye ba\u015fkanl\u0131\u011f\u0131 makam\u0131nda ve kabul salonunda hat\u0131ra foto\u011fraf\u0131 \u00e7ekildi.<\/p>\n<figure class=\"wp-caption aligncenter\"><a href=\"https:\/\/photos.google.com\/share\/AF1QipOQxC17pxnLc3neLx9iv5FX2zS2hlDQao2hKkTjrg06M0p5Sa9K1ndWmA_OFAwjTw\/photo\/AF1QipM5RNQzeFglJlHPKvNTIABREPKf-33P_uQabCc?key=QmVpN05mRGVYMFV5blQ3LXBCMXVMOHYtQzNYeGZR\" target=\"_blank\"><img decoding=\"async\" src=\"https:\/\/lh3.googleusercontent.com\/pw\/AP1GczOjJhGeVnA7q8-fUzxG9srKep-9XndkkWy_tJ7ZzDXWZtx5E19rRa2IYh-gYV34neg0OL26q-sNjTb_rMe1zr0uXKTIf-f4vFDXWdHHmQPADZ-fE_vHd5Y11QAaa_kfWWdt8bptYj5ZmVCLht_ZfeJ3=w2000-h1333-s-no-gm?authuser=0\" width=\"2000\" height=\"1333\" alt=\"Anma foto\u011fraf\u0131\" class=\"size-full\" \/><\/a><figcaption class=\"wp-caption-text\">Anma foto\u011fraf\u0131<\/figcaption><\/figure>\n<figure class=\"wp-caption aligncenter\"><a href=\"https:\/\/photos.google.com\/share\/AF1QipOQxC17pxnLc3neLx9iv5FX2zS2hlDQao2hKkTjrg06M0p5Sa9K1ndWmA_OFAwjTw\/photo\/AF1QipNDyjvcNSb0ElZPqWFrCwEX68acGBkRIe7Nr9g?key=QmVpN05mRGVYMFV5blQ3LXBCMXVMOHYtQzNYeGZR\" target=\"_blank\"><img decoding=\"async\" src=\"https:\/\/lh3.googleusercontent.com\/pw\/AP1GczNaBVprHYjMXXkGFCjjzGbxtNTr0kLx4fxAw-m6NiYDg3_TaZzvsFhU4dxoToj9JWwFpqSdjHC0x10JegydT_m9yh6AMHfN5nd4m1ikGrXRkdwpMxI_At3rjhdilmQ2wS88kg7Vy-J8sVdEWq9kVILX=w2000-h1333-s-no-gm?authuser=0\" width=\"2000\" height=\"1333\" alt=\"Resepsiyon odas\u0131nda\" class=\"size-full\" \/><\/a><figcaption class=\"wp-caption-text\">Resepsiyon odas\u0131nda<\/figcaption><\/figure>\n<figure class=\"wp-caption aligncenter\"><a href=\"https:\/\/photos.google.com\/share\/AF1QipOQxC17pxnLc3neLx9iv5FX2zS2hlDQao2hKkTjrg06M0p5Sa9K1ndWmA_OFAwjTw\/photo\/AF1QipPT0DbnjXh4sLXPUPhQOfe8CSDn2cM9E6BHBrY?key=QmVpN05mRGVYMFV5blQ3LXBCMXVMOHYtQzNYeGZR\" target=\"_blank\"><img decoding=\"async\" src=\"https:\/\/lh3.googleusercontent.com\/pw\/AP1GczOncNMNCEkVtCYUB29ylOagUIlic8AX3patQQzSiNi-xVotJdTSELf39bsXDgrvcSPFZrvfHrb7qNRocU0uhVnX3CkgTy3PArAY2mxyRPqWPugYku_La-LYI7yJB391TLza_bc4rQLE1B3JL3YWNNEa=w2000-h1500-s-no-gm?authuser=0\" width=\"2000\" height=\"1333\" alt=\"20. y\u0131l d\u00f6n\u00fcm\u00fc anma dergileri\" class=\"size-full\" \/><\/a><figcaption class=\"wp-caption-text\">20. y\u0131l d\u00f6n\u00fcm\u00fc anma dergileri<\/figcaption><\/figure>\n<p>Yirmi y\u0131l ge\u00e7ti ve s\u0131n\u0131rs\u0131z sevgi, \u015f\u00fckran ve dualarla, zorluklar\u0131n \u00fcstesinden gelen ve \u00fcyelerle sevin\u00e7leri payla\u015fan, Kurosengoku soya fasulyesinin de\u011ferli ruhunu miras alan ve minnettarl\u0131k ve derin g\u00fcven dolu bir kalbi koruyan Ba\u015fkan Takada Yukio&#039;nun b\u00fcy\u00fck ba\u015far\u0131lar\u0131n\u0131 an\u0131yoruz...<\/p>\n<h2>Di\u011fer foto\u011fraflar<\/h2>\n<div class=\"img-move\"><img decoding=\"async\" style=\"vertical-align: middle;\" src=\"https:\/\/ehokkaido.net\/wp-content\/uploads\/2021\/12\/2021-12-06-11.41.12.png\" \/> <a href=\"https:\/\/photos.app.goo.gl\/c4nUhwejMn7zpofJA\" target=\"_blank\" rel=\"noopener noreferrer\">FY2025 Hokkaido Sanayi Katk\u0131 \u00d6d\u00fcl\u00fc (Hokkaido Valisi) ve 70. Y\u0131l Anma \u00d6d\u00fcl\u00fc&#039;n\u00fcn (Hokkaido K\u00fc\u00e7\u00fck ve Orta \u00d6l\u00e7ekli \u0130\u015fletme Dernekleri Federasyonu) foto\u011fraflar\u0131 (25 foto\u011fraf) burada &gt;&gt;<\/a><\/div>\n<h2>\u0130lgili Makaleler\/Siteler<\/h2>\n\n        <div class=\"site-blogcard-premium\">\n            <div class=\"bc-label-custom\">\u0130lgili makaleler<\/div>\n            <div class=\"bc-flex-container\">\n                <div class=\"bc-main-text\">\n                    <div class=\"bc-title-link-box\">\n                        <a href=\"https:\/\/portal.hokuryu.info\/tr\/56401\/\" target=\"_blank\">https:\/\/portal.hokuryu.info\/56401<\/a>\n                    <\/div>\n                    <div class=\"bc-excerpt-box\">Sayfa bilgileri al\u0131namad\u0131.<\/div>\n                <\/div>\n                <div class=\"bc-thumbnail-box\">\n                    <a href=\"https:\/\/portal.hokuryu.info\/tr\/56401\/\" target=\"_blank\">\n                        <div class=\"bc-img-zoom-wrap\">\n                            <img decoding=\"async\" src=\"https:\/\/portal.hokuryu.info\/wp\/wp-content\/uploads\/2026\/02\/20230802DSC06445_1.jpg\" alt=\"https:\/\/portal.hokuryu.info\/56401\">\n                        <\/div>\n                    <\/a>\n                <\/div>\n            <\/div>\n        <\/div>\n\n        <div class=\"site-blogcard-premium\">\n            <div class=\"bc-label-custom\">\u0130lgili makaleler<\/div>\n            <div class=\"bc-flex-container\">\n                <div class=\"bc-main-text\">\n                    <div class=\"bc-title-link-box\">\n                        <a href=\"https:\/\/portal.hokuryu.info\/tr\/topics\/agri\/20150323.html\/\" target=\"_blank\">Kurosengoku \u0130\u015f Kooperatifi Derne\u011fi&#039;nin 10. Y\u0131l Kutlamas\u0131 - Hepimiz sevinci payla\u015ft\u0131k - Hokuryu Town Portal (Hokkaido) - Japonya&#039;n\u0131n 1 Numaral\u0131 Ay\u00e7i\u00e7e\u011fi K\u00f6y\u00fc<\/a>\n                    <\/div>\n                    <div class=\"bc-excerpt-box\">2.100 n\u00fcfuslu ve 401.300 ki\u015filik ya\u015flanma oran\u0131na sahip, canl\u0131 bir kasaban\u0131n &quot;bug\u00fcnk\u00fc&quot; halini sizlere sunuyoruz. Ay\u00e7i\u00e7ekleri gibi, aileler uyum i\u00e7inde ya\u015f\u0131yor...<\/div>\n                <\/div>\n                <div class=\"bc-thumbnail-box\">\n                    <a href=\"https:\/\/portal.hokuryu.info\/tr\/topics\/agri\/20150323.html\/\" target=\"_blank\">\n                        <div class=\"bc-img-zoom-wrap\">\n                            <img decoding=\"async\" src=\"https:\/\/lh6.googleusercontent.com\/-0QPTDRv9klk\/VQqI7a2QPTI\/AAAAAAABt1w\/bvv6QGnRBYg\/w1270-h841-no\/K5%2B77636\" alt=\"Kurosengoku \u0130\u015f Kooperatifi Derne\u011fi&#039;nin 10. Y\u0131l Kutlamas\u0131 - Hepimiz sevinci payla\u015ft\u0131k - Hokuryu Town Portal (Hokkaido) - Japonya&#039;n\u0131n 1 Numaral\u0131 Ay\u00e7i\u00e7e\u011fi K\u00f6y\u00fc\">\n                        <\/div>\n                    <\/a>\n                <\/div>\n            <\/div>\n        <\/div>\n\u3000<\/p>\n<div class=\"img-move\">\n<div class=\"sitecard\">\n<div class=\"sitecard__subtitle\"> Kurosengoku \u0130\u015f Kooperatifleri Birli\u011fi \u00c7evrimi\u00e7i Ma\u011fazas\u0131<\/div>\n<div class=\"column column-273\">\n<div class=\"column__item\"><span style=\"font-size:medium\">Kurosengoku soya fasulyesi tatl\u0131 ve zengin bir tada sahiptir ve siyah kabuklar\u0131na ra\u011fmen ye\u015fil ete sahip olmalar\u0131yla karakterize edilir. K\u00fc\u00e7\u00fck, besin de\u011feri dengeli bir s\u00fcper besin! ! !<\/span><br \/>\n<span style=\"color: #ff9900\">\u25b6<\/span> <a href=\"https:\/\/kurosengoku.or.jp\/\" target=\"_blank\" rel=\"noopener\"><b style=\"font-size:large\">Kurosengoku \u0130\u015f Kooperatifleri Birli\u011fi Do\u011frudan \u00c7evrimi\u00e7i Ma\u011faza &gt;&gt;<\/b><\/div>\n<div class=\"column__item\"><img decoding=\"async\" src=\"https:\/\/lh3.googleusercontent.com\/pw\/AM-JKLWNWJFImAmp1PfKwfI58vH_sLgmN8vbY-5K81_DP6Xx1z43KsaIhYalSkj00KRHHCX0P9g69a7fX48J-2WzJBy-pPG5DkIHYkDILY8I4eOL-HGXiW8twsF91oVVPPW_kRFu2FRKL4Plfohni5Y52bLIeQ=w438-h382-no?authuser=0\" alt=\"Kurosengoku \u0130\u015f Kooperatifi Derne\u011fi\" \/><\/a><\/div>\n<\/div>\n<\/div>\n<\/div>\n\n\u3000<br \/>\n\u25c7 <a href=\"https:\/\/portal.hokuryu.info\/tr\/62509\/\">\ud83d\udd8b\ufe0f \u0130\u00e7erik planlama, makale yaz\u0131m\u0131, foto\u011fraf se\u00e7imi ve video olu\u015fturma: Ikuko Terauchi<img decoding=\"async\" style=\"vertical-align: middle;\" src=\"https:\/\/ehokkaido.net\/wp-content\/uploads\/2021\/12\/2021-12-06-11.41.12.png\" \/> Foto\u011fraf\u00e7\u0131l\u0131k, d\u00fczenleme ve web sitesi y\u00f6netimi: Noboru Terauchi<\/a><\/p>","protected":false},"excerpt":{"rendered":"<p>2025\u5e748\u670815\u65e5\uff08\u91d1\uff09 \u5e7b\u306e\u5927\u8c46\u300c\u9ed2\u5343\u77f3\u300d\u3092\u5fa9\u6d3b\u3055\u305b\u305f\u9ed2\u5343\u77f3\u4e8b\u696d\u5354\u540c\u7d44\u5408\u306e\u9ad8\u7530\u5e78\u7537\u7406\u4e8b\u9577\u304c\u3001\u300c\u4ee4\u548c7\u5e74\u5ea6\u5317\u6d77\u9053\u7523\u696d\u8ca2\u732e\u8cde\uff08\u5317\u6d77\u9053\uff09\u300d\u3068\u300c\u5317\u6d77\u9053\u4e2d\u5c0f\u4f01\u696d\u56e3\u4f53\u4e2d\u592e\u4f1a \u5275\u7acb70\u5468\u5e74\u8a18\u5ff5\u529f\u52b4\u8005\u8868\u5f70\u300d\u3092\u30c0\u30d6 [&hellip;]<\/p>\n","protected":false},"author":1,"featured_media":62729,"comment_status":"open","ping_status":"open","sticky":false,"template":"","format":"standard","meta":{"footnotes":""},"categories":[4,102,75,9],"tags":[],"class_list":["post-62451","post","type-post","status-publish","format-standard","has-post-thumbnail","hentry","category-cover-story","category-kurosengoku_bean","category-sasaki-yasuhiro-mayor","category-kurosengoku"],"_links":{"self":[{"href":"https:\/\/portal.hokuryu.info\/tr\/wp-json\/wp\/v2\/posts\/62451","targetHints":{"allow":["GET"]}}],"collection":[{"href":"https:\/\/portal.hokuryu.info\/tr\/wp-json\/wp\/v2\/posts"}],"about":[{"href":"https:\/\/portal.hokuryu.info\/tr\/wp-json\/wp\/v2\/types\/post"}],"author":[{"embeddable":true,"href":"https:\/\/portal.hokuryu.info\/tr\/wp-json\/wp\/v2\/users\/1"}],"replies":[{"embeddable":true,"href":"https:\/\/portal.hokuryu.info\/tr\/wp-json\/wp\/v2\/comments?post=62451"}],"version-history":[{"count":0,"href":"https:\/\/portal.hokuryu.info\/tr\/wp-json\/wp\/v2\/posts\/62451\/revisions"}],"wp:featuredmedia":[{"embeddable":true,"href":"https:\/\/portal.hokuryu.info\/tr\/wp-json\/wp\/v2\/media\/62729"}],"wp:attachment":[{"href":"https:\/\/portal.hokuryu.info\/tr\/wp-json\/wp\/v2\/media?parent=62451"}],"wp:term":[{"taxonomy":"category","embeddable":true,"href":"https:\/\/portal.hokuryu.info\/tr\/wp-json\/wp\/v2\/categories?post=62451"},{"taxonomy":"post_tag","embeddable":true,"href":"https:\/\/portal.hokuryu.info\/tr\/wp-json\/wp\/v2\/tags?post=62451"}],"curies":[{"name":"wp","href":"https:\/\/api.w.org\/{rel}","templated":true}]}}