{"id":61512,"date":"2025-07-22T10:36:17","date_gmt":"2025-07-22T01:36:17","guid":{"rendered":"https:\/\/portal.hokuryu.info\/?p=61512"},"modified":"2025-09-04T16:31:42","modified_gmt":"2025-09-04T07:31:42","slug":"yagmurdan-sonra-gokyuzunde-yankilanan-bereket-sesi-39-hokuryu-kasabasi-himawa","status":"publish","type":"post","link":"https:\/\/portal.hokuryu.info\/tr\/61512\/","title":{"rendered":"Ya\u011fmurdan sonra g\u00f6ky\u00fcz\u00fcnde dua sesleri yank\u0131lan\u0131yor! 39. Hokuryu Kasabas\u0131 G\u00fcne\u015f Festivali 2025 A\u00e7\u0131l\u0131\u015f T\u00f6reni duygusal bir ba\u015flang\u0131c\u0131 simgeliyor."},"content":{"rendered":"<p>Sal\u0131, 22 Temmuz 2025<\/p>\n<div class=\"ep-box es-BpaperRight es-grid bgc-VPsky\">39. Hokuryu Kasabas\u0131 Ay\u00e7i\u00e7e\u011fi Festivali, 20 Temmuz Pazar g\u00fcn\u00fc g\u00f6rkemli bir \u015fekilde ba\u015flad\u0131. Ya\u011fmurdan sonra berrak bir g\u00f6ky\u00fcz\u00fc alt\u0131nda, a\u00e7\u0131l\u0131\u015f, ortaokul \u00f6\u011frencilerinin kahramanca bir taiko davul performans\u0131 ve ferahlat\u0131c\u0131 bir bando performans\u0131yla s\u00fcslendi ve kat\u0131l\u0131mc\u0131lar minnettarl\u0131klar\u0131n\u0131 ve beklentilerini dile getirdiler. 2 milyon ay\u00e7i\u00e7e\u011finin \u00e7i\u00e7ek a\u00e7t\u0131\u011f\u0131 bu k\u00f6yde, 18 A\u011fustos Pazartesi g\u00fcn\u00fcne kadar 30 g\u00fcn boyunca \u00e7e\u015fitli etkinlikler d\u00fczenlenecek. G\u00fcl\u00fcmsemeler ve heyecanla dolu yaz an\u0131lar\u0131 biriktirmeye buradan ba\u015flayabilirsiniz.<\/div>\n<h2>39. Hokuryu Kasabas\u0131 Ay\u00e7i\u00e7e\u011fi Festivali 2025 A\u00e7\u0131l\u0131\u015f T\u00f6reni<\/h2>\n<p>Himawari no Sato A\u00e7\u0131l\u0131\u015f T\u00f6reni, 20 Temmuz Pazar g\u00fcn\u00fc saat 10:00&#039;da Himawari no Sato Turizm Merkezi&#039;nde ger\u00e7ekle\u015ftirildi.<br \/>\n39. Ay\u00e7i\u00e7e\u011fi Festivali&#039;nin ilk g\u00fcn\u00fcnde sabah\u0131n erken saatlerinden itibaren ya\u011fan ya\u011fmur dindi ve festival \u00e7ok say\u0131da turistin kat\u0131l\u0131m\u0131yla b\u00fcy\u00fck bir co\u015fkuyla ger\u00e7ekle\u015ftirildi.<br \/>\n39. Hokuryu Kasabas\u0131 Ay\u00e7i\u00e7e\u011fi Festivali 2025, 18 A\u011fustos Pazartesi g\u00fcn\u00fc ba\u015flayacak ve yakla\u015f\u0131k bir ay s\u00fcrecek.<\/p>\n<h3>1. Taiko davul performans\u0131: Hokuryu Taiko<\/h3>\n<p>Hokuryu Taiko davulcusunun &quot;Yamabiko&quot; ve &quot;Senrai no En&quot; adl\u0131 iki \u015fark\u0131s\u0131n\u0131n cesur ritimleri, mekan\u0131n her yerinde yank\u0131lan\u0131yor.<\/p>\n<figure class=\"wp-caption aligncenter\"><a href=\"https:\/\/photos.google.com\/share\/AF1QipNjKlcqsaQDKjI0OGpKOPo3fT3LFwPXolHZjV69iVHHpTl8vQ4zevg-IuNno1zsxQ\/photo\/AF1QipMzInwOutVkvrLiZeKn_4akNQiP4GHGEwIylrE?key=czZabUs4OEtwX09XbzdZR1JYRnRBcjVlelktTVpR\" target=\"_blank\"><img decoding=\"async\" src=\"https:\/\/lh3.googleusercontent.com\/pw\/AP1GczNB27HeiQfJoHZ9om1jqS76qkU7Fskr3lqi8TNwaCA5D9fZXGQ4u1y2tUpf_I3ltIgor4ZRvVKuYPtOBBqG4qkx5e7-2oEtRxBTc-oNecpt5oi7R1HxytaesknY0CDxc_drtzODCJ3dqTJXKgtpO_H_=w2000-h1125-s-no-gm\" width=\"2000\" height=\"1125\" alt=\"Taiko davul performans\u0131\" class=\"size-full\" \/><\/a><figcaption class=\"wp-caption-text\">Taiko davul performans\u0131<\/figcaption><\/figure>\n<h3>2. A\u00e7\u0131l\u0131\u015f konu\u015fmalar\u0131<\/h3>\n<p>Genel moderat\u00f6rl\u00fc\u011f\u00fcn\u00fc Hokuryu Belediye Binas\u0131 Sanayi B\u00f6l\u00fcm\u00fc Ba\u015fkan\u0131 Junichi Iguchi yapt\u0131.<br \/>\nEtkinli\u011fe Himawari Saki de destek olmak i\u00e7in kat\u0131lacak!<\/p>\n<figure class=\"wp-caption aligncenter\"><a href=\"https:\/\/photos.google.com\/share\/AF1QipNjKlcqsaQDKjI0OGpKOPo3fT3LFwPXolHZjV69iVHHpTl8vQ4zevg-IuNno1zsxQ\/photo\/AF1QipMpVzCWi08sL2_A9LGBrHmSc0KamDF2GNlH7bQ?key=czZabUs4OEtwX09XbzdZR1JYRnRBcjVlelktTVpR\" target=\"_blank\"><img decoding=\"async\" src=\"https:\/\/lh3.googleusercontent.com\/pw\/AP1GczPMGWZJSonb-ri4Dn1aY9wK_Vd0aJvE3LwH4dE7Tm11hXJMDrAUZJovXAn5nr9gVzbbNvZU6fz3Gdm5YF017Xs9Zi9nRERe1LPmjiUkI3S2BH25JxveWQfP3Z-CvoEORuvnCcBdf1icfKGDuRf1mh3b=w2000-h1125-s-no-gm\" width=\"2000\" height=\"1125\" alt=\"A\u00e7\u0131l\u0131\u015f konu\u015fmas\u0131\" class=\"size-full\" \/><\/a><figcaption class=\"wp-caption-text\">A\u00e7\u0131l\u0131\u015f konu\u015fmas\u0131<\/figcaption><\/figure>\n<h4>Hokuryu Kasabas\u0131 Ay\u00e7i\u00e7e\u011fi Turizm Derne\u011fi Ba\u015fkan\u0131 Masahito Fujii<\/h4>\n<figure class=\"wp-caption aligncenter\"><a href=\"https:\/\/photos.google.com\/share\/AF1QipNjKlcqsaQDKjI0OGpKOPo3fT3LFwPXolHZjV69iVHHpTl8vQ4zevg-IuNno1zsxQ\/photo\/AF1QipPPiFKfSQL-GFcUsqBT-H1_I8wjGGIWd1WzIgc?key=czZabUs4OEtwX09XbzdZR1JYRnRBcjVlelktTVpR\" target=\"_blank\"><img decoding=\"async\" src=\"https:\/\/lh3.googleusercontent.com\/pw\/AP1GczOExbM0MYCLsu13-DX8U0SzR6b0auFInBq1Mjv7YWIlcmMav1on1I8qxZVDYmcFgRywB2_MLLHUelwy3hDnPo6BR1zRQROEomEseQWScV_DiKmZqP-gDXD7k4aOWLfHYofhm7-Xl2ErAOMbS9p0GkRs=w2000-h1125-s-no-gm\" width=\"2000\" height=\"1125\" alt=\"Hokuryu Kasabas\u0131 Ay\u00e7i\u00e7e\u011fi Turizmi Derne\u011fi Ba\u015fkan\u0131 Bay Masahito Fujii\" class=\"size-full\" \/><\/a><figcaption class=\"wp-caption-text\">Hokuryu Kasabas\u0131 Ay\u00e7i\u00e7e\u011fi Turizmi Derne\u011fi Ba\u015fkan\u0131 Bay Masahito Fujii<\/figcaption><\/figure>\n<p>&quot;Bu, 39. Ay\u00e7i\u00e7e\u011fi Festivali. Bu festivali d\u00fczenlememize izin verdikleri i\u00e7in Belediye Ba\u015fkan\u0131 Sasaki&#039;ye, eme\u011fi ge\u00e7en herkese ve bug\u00fcn bizi ziyaret eden \u00e7ok say\u0131da turiste i\u00e7ten \u015f\u00fckranlar\u0131m\u0131 sunmak istiyorum.<\/p>\n<p>Etkinli\u011fe kat\u0131lan herkese, g\u00f6n\u00fcll\u00fc gruplara ve \u00fc\u00e7 g\u00fcn boyunca \u00e7im bi\u00e7mede yard\u0131mc\u0131 olan kasaba halk\u0131na en i\u00e7ten te\u015fekk\u00fcrlerimizi sunar\u0131z ve etkinlik boyunca i\u015fbirli\u011finizin devam\u0131n\u0131 dileriz.<\/p>\n<p>Ay\u00e7i\u00e7e\u011fi Festivali bug\u00fcnden itibaren 18 A\u011fustos Pazartesi g\u00fcn\u00fcne kadar 30 g\u00fcn s\u00fcrecek.<\/p>\n<p>Bu d\u00f6nemde Hokuto Pro G\u00fcre\u015f Hokuryu Turnuvas\u0131, Kara \u00d6z Savunma Kuvvetleri konseri ve ara\u00e7 sergisi, canl\u0131 m\u00fczik konserleri, Taiko Festivali, Karpuz ve Kavun Festivali, Hokuriku Ticaret Lisesi Yol Yar\u0131\u015f\u0131 Turnuvas\u0131 ve son g\u00fcn Hokuryu Bon Odori Festivali ve havai fi\u015fek g\u00f6sterisi d\u00fczenlenecektir. Umar\u0131z gelip bize kat\u0131l\u0131rs\u0131n\u0131z.<\/p>\n<p>Ayr\u0131ca ay\u00e7i\u00e7eklerinin \u00e7i\u00e7ek a\u00e7ma durumunu takip edebilmeniz i\u00e7in canl\u0131 kamera sistemi kurduk.<\/p>\n<p>Himawari no Sato, 2 milyon ay\u00e7i\u00e7e\u011finin ekildi\u011fi 23 hektarl\u0131k bir aland\u0131r. Her y\u0131l 240.000&#039;den fazla ziyaret\u00e7i a\u011f\u0131rlamaktad\u0131r.<\/p>\n<p>Bu y\u0131ldan itibaren otopark \u00fccreti al\u0131nacak. \u00dccretlerde yap\u0131lacak d\u00fczenlemeler 20 y\u0131l\u0131 a\u015fk\u0131n s\u00fcredir de\u011ferlendiriliyor. Bu \u00fccretleri kullanarak size daha da g\u00fczel ay\u00e7i\u00e7ekleri g\u00f6stermek i\u00e7in \u00e7ok \u00e7al\u0131\u015f\u0131yoruz, bu y\u00fczden anlay\u0131\u015fla kar\u015f\u0131layaca\u011f\u0131n\u0131z\u0131 umuyoruz.<\/p>\n<p>Sunflowers of the World&#039;de rehberlerimiz aras\u0131nda ortaokul \u00f6\u011frencileri de yer al\u0131yor, bu nedenle ziyaretinizden keyif alaca\u011f\u0131n\u0131z\u0131 umuyoruz.<\/p>\n<p>Bug\u00fcn erken saatlerde taiko davulu ve bando m\u00fczi\u011fi gibi hareketli performanslar izledik, ard\u0131ndan geleneksel pirin\u00e7 keki atma t\u00f6renimiz olacak.<\/p>\n<p>Himawari Turizm Merkezi&#039;nde \u00e7ok \u00e7e\u015fitli yiyecek, i\u00e7ecek ve hediyelik e\u015fya se\u00e7enekleri mevcut, bunlar\u0131 kullanmaktan keyif alaca\u011f\u0131n\u0131z\u0131 umuyoruz.<\/p>\n<p>&quot;Son olarak, Ay\u00e7i\u00e7e\u011fi Festivali&#039;nin g\u00fcvenli bir \u015fekilde sona ermesi i\u00e7in dua ederek a\u00e7\u0131l\u0131\u015f konu\u015fmam\u0131 tamamlamak istiyorum. Bug\u00fcn geldi\u011finiz i\u00e7in \u00e7ok te\u015fekk\u00fcr ederim!&quot; dedi Ba\u015fkan Fujii.<\/p>\n<h3>3. Konu\u011fun tebrik konu\u015fmas\u0131<\/h3>\n<h4>Hokuryu Kasabas\u0131 Belediye Ba\u015fkan\u0131 Yasuhiro Sasaki<\/h4>\n<figure class=\"wp-caption aligncenter\"><a href=\"https:\/\/photos.google.com\/share\/AF1QipNjKlcqsaQDKjI0OGpKOPo3fT3LFwPXolHZjV69iVHHpTl8vQ4zevg-IuNno1zsxQ\/photo\/AF1QipNGqmeAtsV-atTF-I6j3qikedO9CYsLuphdhOo?key=czZabUs4OEtwX09XbzdZR1JYRnRBcjVlelktTVpR\" target=\"_blank\"><img decoding=\"async\" src=\"https:\/\/lh3.googleusercontent.com\/pw\/AP1GczNopsYwnK8F8pp1VVyTjS0WB7DSD5_Dic4g1biZ48PaAHLhaCfZwVSCwPyx8V2e5oiNtd_DNKuaZkxJZOPfcRHPN7A-GOMjn8AzS4gWYtuJYBGJ_34S6frgiDofNtPseqBd94UXAboNRPqnUAR1sIGH=w2000-h1125-s-no-gm\" width=\"2000\" height=\"1125\" alt=\"Hokuryu Kasabas\u0131 Belediye Ba\u015fkan\u0131 Yasuhiro Sasaki\" class=\"size-full\" \/><\/a><figcaption class=\"wp-caption-text\">Hokuryu Kasabas\u0131 Belediye Ba\u015fkan\u0131 Yasuhiro Sasaki<\/figcaption><\/figure>\n<p>&quot;Hokuryu Kasabas\u0131&#039;nda Yeni Y\u0131l bug\u00fcn ba\u015fl\u0131yor! Yakla\u015f\u0131k 50 y\u0131ld\u0131r ay\u00e7i\u00e7e\u011fi yeti\u015ftiriyoruz. Bu 39. Ay\u00e7i\u00e7e\u011fi Festivali ve gelecek y\u0131l 40.s\u0131 olacak.<\/p>\n<p>Bug\u00fcn, k\u00fc\u00e7\u00fck \u00e7ocuklar\u0131n davul \u00e7almas\u0131yla ba\u015flad\u0131k ve ard\u0131ndan ortaokul \u00f6\u011frencilerinin bando g\u00f6sterisiyle devam ettik. Ortaokul \u00f6\u011frencileri, d\u00fcnyadaki ay\u00e7i\u00e7ekleri hakk\u0131nda kapsaml\u0131 bir tan\u0131t\u0131m yapt\u0131.<\/p>\n<p>Hokuryu Kasabas\u0131&#039;ndaki Ay\u00e7i\u00e7e\u011fi Festivali, k\u00fc\u00e7\u00fck \u00e7ocuklardan ya\u015fl\u0131lara kadar kasaba halk\u0131n\u0131n yaratt\u0131\u011f\u0131 bir festivaldir.<\/p>\n<p>Hokuryu Kasabas\u0131&#039;n\u0131n n\u00fcfusu 1.600&#039;\u00fcn alt\u0131na d\u00fc\u015ft\u00fc, ancak bu k\u00fc\u00e7\u00fck kasabay\u0131 b\u00fcy\u00fck zorluklar bekliyor.<\/p>\n<p>Bir ay boyunca 200.000&#039;den fazla ki\u015fi Hokuryu Kasabas\u0131&#039;n\u0131 ziyaret eder. Kasaban\u0131n i\u00e7inden ve d\u0131\u015f\u0131ndan insanlar &quot;Himawari Kasabas\u0131 sakinleri&quot; olarak varl\u0131klar\u0131n\u0131 s\u00fcrd\u00fcr\u00fcrler, b\u00f6ylece kasaba bu s\u00fcre zarf\u0131nda 200.000 ki\u015filik bir n\u00fcfusa sahip olur.<\/p>\n<p>\u00d6n\u00fcm\u00fczdeki ay boyunca neredeyse her g\u00fcn e\u011flenceli etkinlikler olacak. Kasaba halk\u0131 da sizinle birlikte e\u011flenecek. Hokuryu&#039;ya tekrar tekrar gelmenizi umuyoruz.<\/p>\n<p>Belediye Ba\u015fkan\u0131 Sasaki, &quot;Turizm Derne\u011fi&#039;ndeki herkese i\u015f birli\u011fi i\u00e7in te\u015fekk\u00fcr etmek istiyorum. S\u00fcrekli deste\u011finiz i\u00e7in hepinize te\u015fekk\u00fcr etmek istiyorum.&quot; dedi.<\/p>\n<h4>Hokuryu Belediye Meclisi Ba\u015fkan\u0131 Shoichi Nakamura<\/h4>\n<figure class=\"wp-caption aligncenter\"><a href=\"https:\/\/photos.google.com\/share\/AF1QipNjKlcqsaQDKjI0OGpKOPo3fT3LFwPXolHZjV69iVHHpTl8vQ4zevg-IuNno1zsxQ\/photo\/AF1QipPYCxQrFWgwwUo3_3Ipey7V0Gb0MINTrsDuoJw?key=czZabUs4OEtwX09XbzdZR1JYRnRBcjVlelktTVpR\" target=\"_blank\"><img decoding=\"async\" src=\"https:\/\/lh3.googleusercontent.com\/pw\/AP1GczM-onrXlkGr0MowDszpkvtpnXIesXOZphQMLjLjFEXT7TGKe8but4a83pPhMTjGUtXCqXIflacfRDOJs4hz4m9S8B-iO_KgWxMaUpG2debWBJ2lQUBg9A356UL36kGLbyJ2YJ3LVPBCeJeFRaimHbYc=w2000-h1125-s-no-gm\" width=\"2000\" height=\"1125\" alt=\"Hokuryu Belediye Meclisi Ba\u015fkan\u0131 Shoichi Nakamura\" class=\"size-full\" \/><\/a><figcaption class=\"wp-caption-text\">Hokuryu Belediye Meclisi Ba\u015fkan\u0131 Shoichi Nakamura<\/figcaption><\/figure>\n<p>&quot;D\u00fcnden beri ya\u011fmur ya\u011f\u0131yor, bu iyi bir \u015fey. Bu ya\u011fmurun g\u00fczel ay\u00e7i\u00e7eklerinin a\u00e7mas\u0131n\u0131 sa\u011flayaca\u011f\u0131n\u0131 d\u00fc\u015f\u00fcn\u00fcyorum. L\u00fctfen herkes endi\u015fe etmeden keyfini \u00e7\u0131kars\u0131n. \u00c7ok te\u015fekk\u00fcr ederim,&quot; dedi Ba\u015fkan Nakamura.<\/p>\n<h4>Minoru Nagai, JA Kitasorachi, Hokuryu B\u00f6lge Temsilcisi Direkt\u00f6r\u00fc<\/h4>\n<figure class=\"wp-caption aligncenter\"><a href=\"https:\/\/photos.google.com\/share\/AF1QipNjKlcqsaQDKjI0OGpKOPo3fT3LFwPXolHZjV69iVHHpTl8vQ4zevg-IuNno1zsxQ\/photo\/AF1QipNWwYo5GqCdjOuqsefc_y6dqI26Mn6fkXMw0Hk?key=czZabUs4OEtwX09XbzdZR1JYRnRBcjVlelktTVpR\" target=\"_blank\"><img decoding=\"async\" src=\"https:\/\/lh3.googleusercontent.com\/pw\/AP1GczP07T4Kp4zzk-TB2DK0YPXGv4Awcnul1DUZOsXy64-790Pf-4xYQGqhq9-hmQwS-1Lg0cBk0sunT3ElBRQzvF5IxrHJtvf32ds0mYI9tC8_gcMY7M2I_dM3Z9t8KOtKOawaQz8n84Ug0-YXlMAVpti2=w2000-h1125-s-no-gm\" width=\"2000\" height=\"1125\" alt=\"Minoru Nagai, JA Kitasorachi, Hokuryu B\u00f6lge Temsilcisi Direkt\u00f6r\u00fc\" class=\"size-full\" \/><\/a><figcaption class=\"wp-caption-text\">Minoru Nagai, JA Kitasorachi, Hokuryu B\u00f6lge Temsilcisi Direkt\u00f6r\u00fc<\/figcaption><\/figure>\n<p>&quot;Uzun zamand\u0131r beklenen ya\u011fmur sonunda ya\u011fd\u0131 ve g\u00fczel ay\u00e7i\u00e7eklerinin a\u00e7t\u0131\u011f\u0131n\u0131 g\u00f6rmekten mutluluk duyuyoruz. Hokuryu Kasabas\u0131&#039;n\u0131n tar\u0131msal \u00fcr\u00fcnlerinin gelecekteki b\u00fcy\u00fcmesini d\u00f6rt g\u00f6zle bekliyoruz. Bu yaz ay\u00e7i\u00e7e\u011fi karpuzlar\u0131 ve kavunlar\u0131 \u00e7ok lezzetli oldu. Umar\u0131z be\u011fenirsiniz,&quot; dedi Hokuryu B\u00f6lge Temsilcisi Nagai.<\/p>\n<h4>Hokuryu Toprak Geli\u015ftirme B\u00f6lgesi Ba\u015fkan\u0131 Junichi Fukase<\/h4>\n<figure class=\"wp-caption aligncenter\"><a href=\"https:\/\/photos.google.com\/share\/AF1QipNjKlcqsaQDKjI0OGpKOPo3fT3LFwPXolHZjV69iVHHpTl8vQ4zevg-IuNno1zsxQ\/photo\/AF1QipOA2vN-QGOH-nv-AUY4hK-iKA4w-E5n0olWOFY?key=czZabUs4OEtwX09XbzdZR1JYRnRBcjVlelktTVpR\" target=\"_blank\"><img decoding=\"async\" src=\"https:\/\/lh3.googleusercontent.com\/pw\/AP1GczOZQVz5WatowO4oLLfygDp1w80d4DVmDi3NRripmchTmjckhDKDdlVvk9WZ86WijSgfLbpW-I4I8zGMkwDWz7MiuELuEEH4Krk5UZ0eGPs0HXwoEcDfxWrDBSC0BIzWM-ryHXimVHQSnlJOP14FxIWy=w2000-h1125-s-no-gm\" width=\"2000\" height=\"1125\" alt=\"Hokuryu Toprak Geli\u015ftirme B\u00f6lgesi Ba\u015fkan\u0131 Junichi Fukase\" class=\"size-full\" \/><\/a><figcaption class=\"wp-caption-text\">Hokuryu Toprak Geli\u015ftirme B\u00f6lgesi Ba\u015fkan\u0131 Junichi Fukase<\/figcaption><\/figure>\n<p>Ba\u015fkan Fukase, &quot;Daha sonra pirin\u00e7 kekleri ataca\u011f\u0131z, bu nedenle l\u00fctfen \u00e7ocuklar\u0131n \u00f6ne ge\u00e7melerini sa\u011flay\u0131n, \u00e7\u00fcnk\u00fc alan \u00e7ok dar ve tehlikeli&quot; dedi.<\/p>\n<h4>G\u00f6n\u00fcll\u00fc Dernek, Ba\u015fkan Masakazu Yoshio<\/h4>\n<figure class=\"wp-caption aligncenter\"><a href=\"https:\/\/photos.google.com\/share\/AF1QipNjKlcqsaQDKjI0OGpKOPo3fT3LFwPXolHZjV69iVHHpTl8vQ4zevg-IuNno1zsxQ\/photo\/AF1QipP6kJuCfA4ydXltDNIi7k_Kvol4Sb1HV7Kzk1U?key=czZabUs4OEtwX09XbzdZR1JYRnRBcjVlelktTVpR\" target=\"_blank\"><img decoding=\"async\" src=\"https:\/\/lh3.googleusercontent.com\/pw\/AP1GczM1nitLpM2EenvmoAesevlBg3DP8jrlTuvJf1meJb2P3-afxWuR89ubaBtJBxOle5YY9izDSGbLY6jLImqRYAaiuYXLhZql7fez8KBn_vKhAhP3L6EDIeEe8dXAJsar4dxbSIbOyJ1Ux34o58o5yapd=w2000-h1196-s-no-gm\" width=\"2000\" height=\"1196\" alt=\"G\u00f6n\u00fcll\u00fc Dernek, Ba\u015fkan Masakazu Yoshio\" class=\"size-full\" \/><\/a><figcaption class=\"wp-caption-text\">G\u00f6n\u00fcll\u00fc Dernek, Ba\u015fkan Masakazu Yoshio<\/figcaption><\/figure>\n<p>Ba\u015fkan Yoshio, &quot;Ay\u00e7i\u00e7e\u011fi Festivali s\u0131ras\u0131nda Kitaryu G\u00f6n\u00fcll\u00fc Derne\u011fi olarak turistlerin mutlu vakit ge\u00e7irmesini ve g\u00fcl\u00fcmsemesini sa\u011flamak i\u00e7in \u00e7al\u0131\u015faca\u011f\u0131z. \u0130\u015fbirli\u011finiz i\u00e7in te\u015fekk\u00fcr ederiz&quot; dedi.<\/p>\n<h4>Bay Watanabe, Ay\u00e7i\u00e7e\u011fi Komitesi Ba\u015fkan\u0131, Hokuryu Ortaokulu<\/h4>\n<figure class=\"wp-caption aligncenter\"><a href=\"https:\/\/photos.google.com\/share\/AF1QipNjKlcqsaQDKjI0OGpKOPo3fT3LFwPXolHZjV69iVHHpTl8vQ4zevg-IuNno1zsxQ\/photo\/AF1QipMQE0rLV48xCEQDAW4LfIRcz4fepfObc3P6nq8?key=czZabUs4OEtwX09XbzdZR1JYRnRBcjVlelktTVpR\" target=\"_blank\"><img decoding=\"async\" src=\"https:\/\/lh3.googleusercontent.com\/pw\/AP1GczNt-YjQ-AsyLK4stg1wzI6imC4fjx20vP59GaaB33wgJ2euoN2kGqVsERr_-CRoQIZBwEVfWwNzlsowIshrwGrZ_ZwRfTmspIPcEmwRs9GBnwhFKm0DAWfy0nT7wxcgzNKZU-gZR9EcR3KCjkgfx17P=w2000-h1125-s-no-gm\" width=\"2000\" height=\"1125\" alt=\"Bay Watanabe, Ay\u00e7i\u00e7e\u011fi Komitesi Ba\u015fkan\u0131, Hokuryu Ortaokulu\" class=\"size-full\" \/><\/a><figcaption class=\"wp-caption-text\">Bay Watanabe, Ay\u00e7i\u00e7e\u011fi Komitesi Ba\u015fkan\u0131, Hokuryu Ortaokulu<\/figcaption><\/figure>\n<p>&quot;Herkese merhaba! Ben Watanabe, Hokuryu Ortaokulu \u00fc\u00e7\u00fcnc\u00fc s\u0131n\u0131f \u00f6\u011frencisiyim. Hokuryu Ortaokulu, K\u00fcresel Ay\u00e7i\u00e7e\u011fi K\u00f6\u015femizde ay\u00e7i\u00e7ekleri yeti\u015ftiriyor. L\u00fctfen gelip g\u00f6r\u00fcn! 25 Temmuz Cuma g\u00fcn\u00fc bir tur d\u00fczenleyece\u011fim, \u015fimdiden te\u015fekk\u00fcr ederim,&quot; dedi Ba\u015fkan Watanabe.<\/p>\n<figure class=\"wp-caption aligncenter\"><a href=\"https:\/\/photos.google.com\/share\/AF1QipNjKlcqsaQDKjI0OGpKOPo3fT3LFwPXolHZjV69iVHHpTl8vQ4zevg-IuNno1zsxQ\/photo\/AF1QipOg4EdvRgqFbZh_Ub8tZCLjSSYca1z4Os8xi4A?key=czZabUs4OEtwX09XbzdZR1JYRnRBcjVlelktTVpR\" target=\"_blank\"><img decoding=\"async\" src=\"https:\/\/lh3.googleusercontent.com\/pw\/AP1GczNZKiYkFIlzBSXCE6YDto9VjrUf6fypDT1c6isMhZdvlLSbzTJbAAaICmcTNgCfi1LWWZxYWputs557pWZLWf_KwdD3_T_r-F5zIf4eOl2jkJZbTbMTh4DZNeh8Buq1ryWbvxzDLvf3lsFgjGqEg7-t=w2000-h1125-s-no-gm\" width=\"2000\" height=\"1125\" alt=\"Himawari Saki de deste\u011fe kat\u0131ld\u0131!\" class=\"size-full\" \/><\/a><figcaption class=\"wp-caption-text\">Himawari Saki de deste\u011fe kat\u0131ld\u0131!<\/figcaption><\/figure>\n<h3>4. Bando g\u00f6sterisi: Hokuryu Ortaokulu Bando Tak\u0131m\u0131<\/h3>\n<p>Kitaryu Ortaokulu Bandosu &quot;Ame Nochi Haru Ya&quot; ve &quot;Himawari no Yakusoku&quot; adl\u0131 iki \u015fark\u0131y\u0131 seslendirecek.<\/p>\n<figure class=\"wp-caption aligncenter\"><a href=\"https:\/\/photos.google.com\/share\/AF1QipNjKlcqsaQDKjI0OGpKOPo3fT3LFwPXolHZjV69iVHHpTl8vQ4zevg-IuNno1zsxQ\/photo\/AF1QipPRs9s1L-RoGC4mm7c5GUntG9_g11Amna8oJJY?key=czZabUs4OEtwX09XbzdZR1JYRnRBcjVlelktTVpR\" target=\"_blank\"><img decoding=\"async\" src=\"https:\/\/lh3.googleusercontent.com\/pw\/AP1GczMai6EnaCyyvPKWAwuLw_1DXJOT0MdrATf0k6UwLfj3vFDj2LiaVwnWIPkH9bQXOivjc2AlyvojcfG27kEWOaVgyjrdh7qKb8wOSGeS1wuIsqC7Kw_Uqpbh_qFnl5AOMia0IUktGA9cVKuvA1O7ZY4-=w2000-h1125-s-no-gm\" width=\"2000\" height=\"1125\" alt=\"Bando g\u00f6sterisi (Hokuryu Ortaokulu Bando Tak\u0131m\u0131)\" class=\"size-full\" \/><\/a><figcaption class=\"wp-caption-text\">Bando g\u00f6sterisi (Hokuryu Ortaokulu Bando Tak\u0131m\u0131)<\/figcaption><\/figure>\n<h3>5. Mochi atma (60 kg k\u0131rm\u0131z\u0131 ve beyaz mochi)<\/h3>\n<p>K\u0131rm\u0131z\u0131 ve beyaz kutlama pirin\u00e7 kekleri kutlama ve ne\u015feyle havada u\u00e7u\u015fuyor!!!<\/p>\n<figure class=\"wp-caption aligncenter\"><a href=\"https:\/\/photos.google.com\/share\/AF1QipNjKlcqsaQDKjI0OGpKOPo3fT3LFwPXolHZjV69iVHHpTl8vQ4zevg-IuNno1zsxQ\/photo\/AF1QipONaNZ1wFyR3aMp4EjbI5MNLyLHMEM6rqYD33o?key=czZabUs4OEtwX09XbzdZR1JYRnRBcjVlelktTVpR\" target=\"_blank\"><img decoding=\"async\" src=\"https:\/\/lh3.googleusercontent.com\/pw\/AP1GczMAuUCyMpqEKxhPJnOGXAfeOYLpqXkyRXypxCpC6Wv3tS8JTVbr8-W-eov_ARv_ry82yLFolVRA3MZO258qBO85hZCwV_6UwTBl_8LpgVBvosDJl4eFfHVs4WObKocLiR1N4pV854Sq-K_tFN6BYKZO=w2000-h1125-s-no-gm\" width=\"2000\" height=\"1125\" alt=\"Mochi atma\" class=\"size-full\" \/><\/a><figcaption class=\"wp-caption-text\">Mochi atma<\/figcaption><\/figure>\n<p>Ay\u00e7i\u00e7e\u011fi K\u00f6y\u00fc&#039;n\u00fcn g\u00fczel ay\u00e7i\u00e7ekleriyle kar\u015f\u0131la\u015fmay\u0131 ve buradan sonra ya\u015fanacak dokunakl\u0131 dramay\u0131 sab\u0131rs\u0131zl\u0131kla bekleyin!!!<\/p>\n<p>G\u00fcne\u015f \u0131\u015f\u0131nlar\u0131 gibi parlayan, d\u00fcnya bar\u0131\u015f\u0131 i\u00e7in dualar getiren, d\u00fcnyaya mutluluk ve ilham dolu g\u00fcl\u00fcmsemeler yayan Ay\u00e7i\u00e7e\u011fi K\u00f6y\u00fc&#039;n\u00fcn muhte\u015fem ay\u00e7i\u00e7eklerine s\u0131n\u0131rs\u0131z sevgi, \u015f\u00fckran ve dualar\u0131m\u0131zla.<\/p>\n<figure class=\"wp-caption aligncenter\"><a href=\"https:\/\/photos.google.com\/share\/AF1QipNjKlcqsaQDKjI0OGpKOPo3fT3LFwPXolHZjV69iVHHpTl8vQ4zevg-IuNno1zsxQ\/photo\/AF1QipP33mP3qkcrNaoDUa-nuDrB02kt7HMNmd8M-k8?key=czZabUs4OEtwX09XbzdZR1JYRnRBcjVlelktTVpR\" target=\"_blank\"><img decoding=\"async\" src=\"https:\/\/lh3.googleusercontent.com\/pw\/AP1GczNSzKPweEZ1p7ke1f6ivShizPziLCTFnnDlg_ztWfmjc1GZFNISYxwjz8SjHb6KM3AMKMxRm-IkYUVYDC_OMnWhOPTPfCeNZgfiorlxPN97pt1JRXiEAS1bJhUV01qc60f7k7qRWbpNSTrgEbWphVMY=w2000-h1500-s-no-gm\" width=\"2000\" height=\"1500\" alt=\"Ay\u00e7i\u00e7e\u011fi labirenti tam \u00e7i\u00e7ek a\u00e7t\u0131!\" class=\"size-full\" \/><\/a><figcaption class=\"wp-caption-text\">Ay\u00e7i\u00e7e\u011fi labirenti tam \u00e7i\u00e7ek a\u00e7t\u0131!<\/figcaption><\/figure>\n<h2>Youtube videolar\u0131<\/h2>\n<div class=\"youtube\"><iframe title=\"Ya\u011fmurdan sonra g\u00f6ky\u00fcz\u00fcnde dua sesleri yank\u0131lan\u0131yor! 39. Hokuryu Kasabas\u0131 G\u00fcne\u015f Festivali 2025 A\u00e7\u0131l\u0131\u015f T\u00f6reni duygusal bir ba\u015flang\u0131c\u0131 simgeliyor.\" src=\"https:\/\/www.youtube.com\/embed\/x2McIJjz_sc?feature=oembed\" frameborder=\"0\" allow=\"accelerometer; autoplay; clipboard-write; encrypted-media; gyroscope; picture-in-picture; web-share\" referrerpolicy=\"strict-origin-when-cross-origin\" allowfullscreen><\/iframe><\/div>\n<h2>Di\u011fer foto\u011fraflar<\/h2>\n<div class=\"img-move\"><img decoding=\"async\" style=\"vertical-align: middle;\" src=\"https:\/\/ehokkaido.net\/wp-content\/uploads\/2021\/12\/2021-12-06-11.41.12.png\" \/> <a href=\"https:\/\/photos.app.goo.gl\/xTzZsfhFGFjj1Atf8\" target=\"_blank\" rel=\"noopener noreferrer\">Hokuryu Kasabas\u0131 Ay\u00e7i\u00e7e\u011fi K\u00f6y\u00fc 2025&#039;in foto\u011fraflar\u0131 (443 foto\u011fraf) burada &gt;&gt;<\/a><\/div>\n<h2>\u0130lgili sayfalar<\/h2>\n<table style=\"border: solid 3px gold;\" width=\"95%\" cellspacing=\"5\" cellpadding=\"10\">\n<tbody>\n<tr style=\"height: 55px; border: 3px solid gold;\">\n<th style=\"width: 600px; background-color: #cff4ff; text-align: center; vertical-align: middle; height: 55px;\"><span style=\"font-size: 16pt; color: #ff0000;\"><b>39. Ay\u00e7i\u00e7e\u011fi Festivali Hokkaido&#039;nun Hokuryu Kasabas\u0131nda Yap\u0131lacak!<br \/>\n20 Temmuz (Pazar) \u2013 18 A\u011fustos (Pazartesi), 2025<br \/>\n<\/b><\/span><\/th>\n<\/tr>\n<tr style=\"border: 3px solid gold;\">\n<td style=\"width: 600px; background-color: #fcfcd2; border-color: #ff0000; text-align: center; vertical-align: middle;\"><strong><span style=\"font-size: 12pt;\">\u2742 S\u00fcre: 30 g\u00fcn \u2742 Alan: Yakla\u015f\u0131k 23ha \u2742 A\u011fa\u00e7 say\u0131s\u0131: 2 milyon \u2742 G\u00f6rmek i\u00e7in en iyi zaman: A\u011fustos ba\u015f\u0131<br \/>\n<\/span><\/strong><\/p>\n<div class=\"img-move\">\n<div class=\"column column-2\">\n<div class=\"column__item\"><a href=\"https:\/\/photos.google.com\/share\/AF1QipNjKlcqsaQDKjI0OGpKOPo3fT3LFwPXolHZjV69iVHHpTl8vQ4zevg-IuNno1zsxQ\/photo\/AF1QipMYSklJ2hCmpTdEwjliq_kBVsb7-F-1iaIYxRE?key=czZabUs4OEtwX09XbzdZR1JYRnRBcjVlelktTVpR\" target=\"_blank\" rel=\"noopener\"><img decoding=\"async\" src=\"https:\/\/lh3.googleusercontent.com\/pw\/AP1GczMbBthkHHI4P1_cyZ01aul-YtcGciWADMX6yYj4ZxVO9oSgi7cvRpGPebcq4666DUGsYf00hkvONqegA1uvhzxryEET_7wSOvE4tDZGOVT_50YBq2zbBxslrjZE-fixQ7AWG2lILtu_yH8kTmmpU638=w1360-h1880-s-no-gm?authuser=0\" alt=\"2025 39. Hokuryu Kasabas\u0131 Ay\u00e7i\u00e7e\u011fi Festivali (\u00f6n)\" width=\"1420\" height=\"2000\" class=\"size-full wp-image-19738\" style=\"border: solid 1px blue;\" \/><\/a><\/div>\n<div class=\"column__item\"><a href=\"https:\/\/photos.google.com\/share\/AF1QipNjKlcqsaQDKjI0OGpKOPo3fT3LFwPXolHZjV69iVHHpTl8vQ4zevg-IuNno1zsxQ\/photo\/AF1QipOus-Env0luqS1A-euT2rIozYgbqU4q0_clZ3s?key=czZabUs4OEtwX09XbzdZR1JYRnRBcjVlelktTVpR\" target=\"_blank\" rel=\"noopener\"><img decoding=\"async\" src=\"https:\/\/lh3.googleusercontent.com\/pw\/AP1GczNp7ZbcEYGe4ttpI38zOpiyFolU_VpNfkGtGlhmHTHaS9ppC7lb8ktjQmutBrlM_LTBeXCs9L4dj_9BZyR9M99llpc9NqZ9nQx_cyL1SjzB8BPDLrV59Lq2szVHhgVNIExnHxAwO-jIxDXZ6eSSK5uD=w1360-h1880-s-no-gm?authuser=0\" alt=\"2025 398. Hokuryu Kasabas\u0131 Ay\u00e7i\u00e7e\u011fi Festivali - Geri\" width=\"1436\" height=\"2000\" class=\"size-full wp-image-19739\" style=\"border: solid 1px blue;\" \/><\/a><\/div>\n<\/div>\n<\/div>\n<\/div>\n<\/td>\n<\/tr>\n<\/tbody>\n<\/table>\n\n        <div class=\"site-blogcard-premium\">\n            <div class=\"bc-label-custom\">\u0130lgili makaleler<\/div>\n            <div class=\"bc-flex-container\">\n                <div class=\"bc-main-text\">\n                    <div class=\"bc-title-link-box\">\n                        <a href=\"https:\/\/portal.hokuryu.info\/tr\/kategori\/snflower_ciceklenme_durumu\/ciceklenme_2025\/\" target=\"_blank\">2025 Ay\u00e7i\u00e7e\u011fi \u00c7i\u00e7eklenme Durumu Haberleri vb. (Kategori)<\/a>\n                    <\/div>\n                    <div class=\"bc-excerpt-box\">Bu makale, Hokuryu Kasabas\u0131 Ay\u00e7i\u00e7e\u011fi K\u00f6y\u00fc&#039;n\u00fcn 2025 y\u0131l\u0131ndaki \u00e7i\u00e7eklenme durumu (en iyi izleme zaman\u0131\/tam \u00e7i\u00e7eklenme) ve Ay\u00e7i\u00e7e\u011fi K\u00f6y\u00fc ile ilgili di\u011fer konularla ilgilidir.\n<\/div>\n                <\/div>\n                <div class=\"bc-thumbnail-box\">\n                    <a href=\"https:\/\/portal.hokuryu.info\/tr\/kategori\/snflower_ciceklenme_durumu\/ciceklenme_2025\/\" target=\"_blank\">\n                        <div class=\"bc-img-zoom-wrap\">\n                            <img decoding=\"async\" src=\"https:\/\/portal.hokuryu.info\/wp\/wp-content\/uploads\/2026\/02\/20230802DSC06445_1.jpg\" alt=\"2025 Ay\u00e7i\u00e7e\u011fi \u00c7i\u00e7eklenme Durumu Haberleri vb. (Kategori)\">\n                        <\/div>\n                    <\/a>\n                <\/div>\n            <\/div>\n        <\/div>\n\n        <div class=\"site-blogcard-premium\">\n            <div class=\"bc-label-custom\">\u0130lgili makaleler<\/div>\n            <div class=\"bc-flex-container\">\n                <div class=\"bc-main-text\">\n                    <div class=\"bc-title-link-box\">\n                        <a href=\"https:\/\/portal.hokuryu.info\/tr\/aycicegi\/\" target=\"_blank\">https:\/\/portal.hokuryu.info\/sunflower<\/a>\n                    <\/div>\n                    <div class=\"bc-excerpt-box\">Sayfa bilgileri al\u0131namad\u0131.<\/div>\n                <\/div>\n                <div class=\"bc-thumbnail-box\">\n                    <a href=\"https:\/\/portal.hokuryu.info\/tr\/aycicegi\/\" target=\"_blank\">\n                        <div class=\"bc-img-zoom-wrap\">\n                            <img decoding=\"async\" src=\"https:\/\/portal.hokuryu.info\/wp\/wp-content\/uploads\/2026\/02\/20230802DSC06445_1.jpg\" alt=\"https:\/\/portal.hokuryu.info\/sunflower\">\n                        <\/div>\n                    <\/a>\n                <\/div>\n            <\/div>\n        <\/div>\n\n        <div class=\"site-blogcard-premium\">\n            <div class=\"bc-label-custom\">\u0130lgili makaleler<\/div>\n            <div class=\"bc-flex-container\">\n                <div class=\"bc-main-text\">\n                    <div class=\"bc-title-link-box\">\n                        <a href=\"https:\/\/portal.hokuryu.info\/tr\/aycicegi_ciceklenmesi\/\" target=\"_blank\">https:\/\/portal.hokuryu.info\/sunflower_bloom<\/a>\n                    <\/div>\n                    <div class=\"bc-excerpt-box\">Sayfa bilgileri al\u0131namad\u0131.<\/div>\n                <\/div>\n                <div class=\"bc-thumbnail-box\">\n                    <a href=\"https:\/\/portal.hokuryu.info\/tr\/aycicegi_ciceklenmesi\/\" target=\"_blank\">\n                        <div class=\"bc-img-zoom-wrap\">\n                            <img decoding=\"async\" src=\"https:\/\/portal.hokuryu.info\/wp\/wp-content\/uploads\/2026\/02\/20230802DSC06445_1.jpg\" alt=\"https:\/\/portal.hokuryu.info\/sunflower_bloom\">\n                        <\/div>\n                    <\/a>\n                <\/div>\n            <\/div>\n        <\/div>\n<p>\u25c7 <a href=\"https:\/\/portal.hokuryu.info\/tr\/38127\/#outline_1__7_2_1\">Foto\u011fraf\u00e7\u0131l\u0131k, d\u00fczenleme ve web sitesi y\u00f6netimi: Noboru Terauchi Yazar: Ikuko Terauchi<\/a><\/p>","protected":false},"excerpt":{"rendered":"<p>2025\u5e747\u670822\u65e5\uff08\u706b\uff09 7\u670820\u65e5\uff08\u65e5\uff09\u3001\u7b2c39\u56de\u5317\u7adc\u753a\u3072\u307e\u308f\u308a\u307e\u3064\u308a\u304c\u83ef\u3084\u304b\u306b\u958b\u5e55\u3057\u307e\u3057\u305f\u3002\u96e8\u4e0a\u304c\u308a\u306e\u7a7a\u306e\u4e0b\u3001\u52c7\u58ee\u306a\u592a\u9f13\u6f14\u594f\u3084\u4e2d\u5b66\u751f\u306e\u723d\u3084\u304b\u306a\u5439\u594f\u697d\u304c\u30aa\u30fc\u30d7\u30cb\u30f3\u30b0\u3092\u5f69\u308a\u3001\u95a2\u4fc2\u8005\u304b\u3089\u306f\u611f\u8b1d\u3068\u671f\u5f85\u306e [&hellip;]<\/p>\n","protected":false},"author":1,"featured_media":61605,"comment_status":"open","ping_status":"open","sticky":false,"template":"","format":"standard","meta":{"footnotes":""},"categories":[4,75,92,112],"tags":[],"class_list":["post-61512","post","type-post","status-publish","format-standard","has-post-thumbnail","hentry","category-cover-story","category-sasaki-yasuhiro-mayor","category-bloom_2025","category-local_revitalization_2"],"_links":{"self":[{"href":"https:\/\/portal.hokuryu.info\/tr\/wp-json\/wp\/v2\/posts\/61512","targetHints":{"allow":["GET"]}}],"collection":[{"href":"https:\/\/portal.hokuryu.info\/tr\/wp-json\/wp\/v2\/posts"}],"about":[{"href":"https:\/\/portal.hokuryu.info\/tr\/wp-json\/wp\/v2\/types\/post"}],"author":[{"embeddable":true,"href":"https:\/\/portal.hokuryu.info\/tr\/wp-json\/wp\/v2\/users\/1"}],"replies":[{"embeddable":true,"href":"https:\/\/portal.hokuryu.info\/tr\/wp-json\/wp\/v2\/comments?post=61512"}],"version-history":[{"count":0,"href":"https:\/\/portal.hokuryu.info\/tr\/wp-json\/wp\/v2\/posts\/61512\/revisions"}],"wp:featuredmedia":[{"embeddable":true,"href":"https:\/\/portal.hokuryu.info\/tr\/wp-json\/wp\/v2\/media\/61605"}],"wp:attachment":[{"href":"https:\/\/portal.hokuryu.info\/tr\/wp-json\/wp\/v2\/media?parent=61512"}],"wp:term":[{"taxonomy":"category","embeddable":true,"href":"https:\/\/portal.hokuryu.info\/tr\/wp-json\/wp\/v2\/categories?post=61512"},{"taxonomy":"post_tag","embeddable":true,"href":"https:\/\/portal.hokuryu.info\/tr\/wp-json\/wp\/v2\/tags?post=61512"}],"curies":[{"name":"wp","href":"https:\/\/api.w.org\/{rel}","templated":true}]}}