{"id":61207,"date":"2025-07-17T13:36:23","date_gmt":"2025-07-17T04:36:23","guid":{"rendered":"https:\/\/portal.hokuryu.info\/?p=61207"},"modified":"2025-09-04T16:32:01","modified_gmt":"2025-09-04T07:32:01","slug":"duygusal-ve-minnettar-bir-kutlama-eski-hokuryu-kasabasi-belediye-baskani-yutaka-sano","status":"publish","type":"post","link":"https:\/\/portal.hokuryu.info\/tr\/61207\/","title":{"rendered":"[Duygusal ve minnettar bir kutlama] Eski Hokuryu Belediye Ba\u015fkan\u0131 Yutaka Sano, Y\u00fckselen G\u00fcne\u015f, Alt\u0131n ve G\u00fcm\u00fc\u015f I\u015f\u0131nlar Ni\u015fan\u0131&#039;n\u0131 almas\u0131n\u0131 kutluyor"},"content":{"rendered":"<p>Per\u015fembe, 17 Temmuz 2025<\/p>\n<div class=\"ep-box es-BpaperRight es-grid bgc-VPsky\">12 Temmuz Cumartesi g\u00fcn\u00fc, eski Hokuryu Belediye Ba\u015fkan\u0131 Yutaka Sano&#039;nun Y\u00fckselen G\u00fcne\u015f, Alt\u0131n ve G\u00fcm\u00fc\u015f I\u015f\u0131nlar Ni\u015fan\u0131&#039;n\u0131 almas\u0131n\u0131 kutlamak i\u00e7in Sunflower Park Hokuryu Onsen&#039;de g\u00f6rkemli bir kutlama d\u00fczenlendi. Yerel y\u00f6netime uzun y\u0131llar boyunca yapt\u0131\u011f\u0131 katk\u0131lar\u0131 onurland\u0131rmak i\u00e7in d\u00fczenlenen kutlamaya 118 ki\u015fi kat\u0131ld\u0131 ve mekan, s\u0131cak bir duygu ve minnettarl\u0131k atmosferiyle doldu. Tebrik konu\u015fmalar\u0131n\u0131, te\u015fekk\u00fcr konu\u015fmalar\u0131n\u0131 ve samimi sohbeti aktaraca\u011f\u0131z.<\/div>\n<h2>Tebrikler! Yutaka Sano&#039;nun Y\u00fckselen G\u00fcne\u015f, Alt\u0131n ve G\u00fcm\u00fc\u015f I\u015f\u0131nlar Ni\u015fan\u0131&#039;n\u0131 almas\u0131 nedeniyle kutlama<\/h2>\n<p>2025 bahar\u0131nda d\u00fczenlenen \u00f6d\u00fcl t\u00f6reninde, eski Kitary\u016b belediye ba\u015fkan\u0131 Yutaka Sano&#039;ya, yerel y\u00f6netime ve b\u00f6lgesel kalk\u0131nmaya uzun y\u0131llard\u0131r yapt\u0131\u011f\u0131 katk\u0131lardan dolay\u0131 Y\u00fckselen G\u00fcne\u015f, Alt\u0131n ve G\u00fcm\u00fc\u015f I\u015f\u0131nlar Ni\u015fan\u0131 verildi.<\/p>\n<p>Bu onuru kutlamak i\u00e7in 12 Temmuz Cumartesi g\u00fcn\u00fc saat 15:00&#039;te Sunflower Park Hokuryu Onsen&#039;de bir resepsiyon d\u00fczenlendi. 118 ki\u015fi kat\u0131ld\u0131 ve b\u00fcy\u00fck bir ba\u015far\u0131 elde edildi.<\/p>\n<figure class=\"wp-caption aligncenter\"><a href=\"https:\/\/photos.google.com\/share\/AF1QipOd4_ff8Ce-rFRD5VAZ5PwS1rs6HgXkenQH5GBfX2OY2028qVMKmdRUv5gqKFcZnQ\/photo\/AF1QipNq1cf_AxSELIWGvEH95qSRMzW8ZRIuxb6IBwI?key=UmVKM0h5ZXc5QkQzWmNJS2hvNnBqXzBsc3N2NXhn\" target=\"_blank\"><img decoding=\"async\" src=\"https:\/\/lh3.googleusercontent.com\/pw\/AP1GczPUmPYoZYfKb4bV95r906Mb9adiKPR57MF3GyBLrqB9jOx3lIdUseFXA4SNQY8mCOinV4O2Mu714TqGGkgPS2nA7Kj2dMOWq0WWdUrzNDFu9NPo-x9Xc8OxVRIDu8KFXkcicxM5FhdHcnlZXCQfpZGv=w2000-h1500-s-no-gm?authuser=1\" width=\"2000\" height=\"1500\" alt=\"Tebrikler! Yutaka Sano&#039;nun Y\u00fckselen G\u00fcne\u015f, Alt\u0131n ve G\u00fcm\u00fc\u015f I\u015f\u0131nlar Ni\u015fan\u0131&#039;n\u0131 almas\u0131 nedeniyle kutlama\" class=\"size-full\" \/><\/a><figcaption class=\"wp-caption-text\">Tebrikler! Yutaka Sano&#039;nun Y\u00fckselen G\u00fcne\u015f, Alt\u0131n ve G\u00fcm\u00fc\u015f I\u015f\u0131nlar Ni\u015fan\u0131&#039;n\u0131 almas\u0131 nedeniyle kutlama<\/figcaption><\/figure>\n<figure class=\"wp-caption aligncenter\"><a href=\"https:\/\/photos.google.com\/share\/AF1QipOd4_ff8Ce-rFRD5VAZ5PwS1rs6HgXkenQH5GBfX2OY2028qVMKmdRUv5gqKFcZnQ\/photo\/AF1QipNvEAoaUc02oIN2FjSqZptgfQ8BNP0s_AL0vlQ?key=UmVKM0h5ZXc5QkQzWmNJS2hvNnBqXzBsc3N2NXhn\" target=\"_blank\"><img decoding=\"async\" src=\"https:\/\/lh3.googleusercontent.com\/pw\/AP1GczPMigaFksNksIj7yOsTcvQiLnT0oWSZw02uKjFUe1vKsZfsD5nKGlc0mwPbsLZLqnxyRBHawADdFxEWXzRUOSICsB7MrrEFd_RRtEpKO0FIiZdWKIAlxPnTTuPZkwBJ-SMWruosDlQ_9rlHDYbBgeIE=w2000-h1333-s-no-gm?authuser=0\" width=\"2000\" height=\"1333\" alt=\"Yutaka Sano ve e\u015fi Tomoko\" class=\"size-full\" \/><\/a><figcaption class=\"wp-caption-text\">Yutaka Sano ve e\u015fi Tomoko<\/figcaption><\/figure>\n<h3>Do\u011fan G\u00fcne\u015f, Alt\u0131n ve G\u00fcm\u00fc\u015f I\u015f\u0131nlar D\u00fczeni nedir?<\/h3>\n<p>Madalyalar, \u00fclkeye veya topluma \u00f6nemli katk\u0131larda bulunanlara verilir. Japonya&#039;da alt\u0131 t\u00fcr ni\u015fan vard\u0131r: B\u00fcy\u00fck Krizantem Ni\u015fan\u0131, B\u00fcy\u00fck Pavlonya \u00c7i\u00e7ekleri Ni\u015fan\u0131, Y\u00fckselen G\u00fcne\u015f Ni\u015fan\u0131, Kutsal Hazine Ni\u015fan\u0131, K\u00fclt\u00fcr Ni\u015fan\u0131 ve De\u011ferli Ta\u00e7.<\/p>\n<ul>\n<li><b>Y\u00fckselen G\u00fcne\u015f Ni\u015fan\u0131:<\/b>\u00d6d\u00fcl, \u00fcst\u00fcn hizmet niteli\u011fine odaklan\u0131larak, \u00fcst\u00fcn ba\u015far\u0131 g\u00f6sterenlere veriliyor.<\/li>\n<li><b>Kutsal Hazine Ni\u015fan\u0131:<\/b>Bu \u00f6d\u00fcl, uzun y\u0131llar kamu hizmetinde bulunarak \u00fcst\u00fcn ba\u015far\u0131lar elde edenlere veriliyor.<\/li>\n<\/ul>\n<p>Alt\u0131 seviye \u00f6d\u00fcl bulunmaktad\u0131r: B\u00fcy\u00fck Kordon, B\u00fcy\u00fck Kordon, Orta Kordon, K\u00fc\u00e7\u00fck Kordon, \u00c7ift Kordon ve Tek Kordon.<\/p>\n<p>\u0130lkbahar ve Sonbahar \u00d6d\u00fclleri, y\u0131lda iki kez, ilkbaharda 29 Nisan&#039;da ve sonbaharda 3 Kas\u0131m&#039;da verilir. \u00d6d\u00fcl sahiplerine, ilgili bakan (veya baz\u0131 durumlarda vali) taraf\u0131ndan bir t\u00f6ren d\u00fczenlenir ve \u00f6d\u00fcl takdim edildikten sonra, madalyay\u0131 takan ve e\u015fiyle birlikte \u0130mparatorluk Saray\u0131&#039;nda \u0130mparator&#039;un huzuruna \u00e7\u0131kan ki\u015fi.<\/p>\n<p>2025 bahar\u0131nda, 3.990 ki\u015fiye Paulownia \u00c7i\u00e7ekleri B\u00fcy\u00fck Kordonu, Y\u00fckselen G\u00fcne\u015f Ni\u015fan\u0131 ve Kutsal Hazine Ni\u015fan\u0131 verildi. Bunlardan 488 ki\u015fi Y\u00fckselen G\u00fcne\u015f Ni\u015fan\u0131, Alt\u0131n ve G\u00fcm\u00fc\u015f I\u015f\u0131nlar ald\u0131. Hokkaido&#039;da ise 216 ki\u015fi bu \u00f6d\u00fcl\u00fc ald\u0131; bunlardan 61&#039;i Y\u00fckselen G\u00fcne\u015f Ni\u015fan\u0131, 155&#039;i ise Kutsal Hazine Ni\u015fan\u0131 ald\u0131.<a href=\"https:\/\/www8.cao.go.jp\/shokun\/hatsurei\/r07haru.html\" target=\"_blank\">L\u00fctfen Kabine Ofisi web sitesine bak\u0131n.<\/a>)<\/p>\n<h4>\u00d6d\u00fcller ve onurlar<\/h4>\n<figure class=\"wp-caption aligncenter\"><a href=\"https:\/\/photos.google.com\/share\/AF1QipOd4_ff8Ce-rFRD5VAZ5PwS1rs6HgXkenQH5GBfX2OY2028qVMKmdRUv5gqKFcZnQ\/photo\/AF1QipPs0NkottkMUSp4tKndoit21khWuH_cplKQzcU?key=UmVKM0h5ZXc5QkQzWmNJS2hvNnBqXzBsc3N2NXhn\" target=\"_blank\"><img decoding=\"async\" src=\"https:\/\/lh3.googleusercontent.com\/pw\/AP1GczOf7r3JbBejPcNNQ-smzszee2mAB0dYtY2MP39HeI7wzHNstiocZE0PZauyrbJRcMuWglRMWWKk9uP-yvW8j3x9IoVujL4lDPiCQilgMxi-tc_EomtzZzy5sKbxoJBNCMjNoBSTz4DuiOd-O8WtPICj=w2000-h1500-s-no-gm?authuser=0\" width=\"2000\" height=\"1500\" alt=\"\u00d6d\u00fcller ve onurlar\" class=\"size-full\" \/><\/a><figcaption class=\"wp-caption-text\">\u00d6d\u00fcller ve onurlar<\/figcaption><\/figure>\n<h3>Kutlaman\u0131n organizat\u00f6r\u00fc ve ev sahibi<\/h3>\n<ul>\n<li><b>Kurucular\u0131n temsilcisi:<\/b>Hokuryu Belediye Ba\u015fkan\u0131 Yasuhiro Sasaki<\/li>\n<li><b>Kurucu:<\/b>Bay Hitoshi Takebayashi<\/li>\n<li><b>Ana MC:<\/b>Hajime Minami, Hokuryu Belediye Binas\u0131 Genel \u0130\u015fler B\u00f6l\u00fcm \u015eefi<\/li>\n<\/ul>\n<figure class=\"wp-caption aligncenter\"><a href=\"https:\/\/photos.google.com\/share\/AF1QipOd4_ff8Ce-rFRD5VAZ5PwS1rs6HgXkenQH5GBfX2OY2028qVMKmdRUv5gqKFcZnQ\/photo\/AF1QipOJ6sA3PLT5x6vyLQojI2PihTUUljDV2BEk_6s?key=UmVKM0h5ZXc5QkQzWmNJS2hvNnBqXzBsc3N2NXhn\" target=\"_blank\"><img decoding=\"async\" src=\"https:\/\/lh3.googleusercontent.com\/pw\/AP1GczN3_s9NpuPaIZJnHuaDhZZCL2xM0oHE1b40RSN2kaorBpd_4NR7LxBnVSmcWxPYI731uy9GttlIO0JaYPSTuzGUpnm0lT8FmQoMf5fSjW5WwZiD5oudrNDukLKvmODOO9in42dGr0rFNSjEXtqlYBco=w2000-h1500-s-no-gm?authuser=0\" width=\"2000\" height=\"1500\" alt=\"Toplant\u0131n\u0131n moderat\u00f6rl\u00fc\u011f\u00fcn\u00fc Hokuryu Belediye Binas\u0131 Genel \u0130\u015fler B\u00f6l\u00fcm \u015eefi Hajime Nanba yapt\u0131.\" class=\"size-full\" \/><\/a><figcaption class=\"wp-caption-text\">Toplant\u0131n\u0131n moderat\u00f6rl\u00fc\u011f\u00fcn\u00fc Hokuryu Belediye Binas\u0131 Genel \u0130\u015fler B\u00f6l\u00fcm \u015eefi Hajime Nanba yapt\u0131.<\/figcaption><\/figure>\n<h2>A\u00e7\u0131l\u0131\u015f ve tebrik konu\u015fmalar\u0131<\/h2>\n<h4>\u00c7ift giri\u015fi<\/h4>\n<figure class=\"wp-caption aligncenter\"><a href=\"https:\/\/photos.google.com\/share\/AF1QipOd4_ff8Ce-rFRD5VAZ5PwS1rs6HgXkenQH5GBfX2OY2028qVMKmdRUv5gqKFcZnQ\/photo\/AF1QipPIcOnN531XDob4Vh4KTNKKeUXKiQ0Z2apftPs?key=UmVKM0h5ZXc5QkQzWmNJS2hvNnBqXzBsc3N2NXhn\" target=\"_blank\"><img decoding=\"async\" src=\"https:\/\/lh3.googleusercontent.com\/pw\/AP1GczOciQdndyybeC7iLm1VoWvrW4R770hhDdfJxX8DZM6P5RJ5eQMyz3lLBeiIDtFtv7spvcXA1M8Rrkz-JksTicUwU4Nzkbc1cvNsD-ngBOtPXq-oesfQFnls-QFtntt806zeojTqhMRZI6pAB2qIqBYH=w2000-h1125-s-no-gm?authuser=0\" width=\"2000\" height=\"1125\" alt=\"\u00c7ift dahil\" class=\"size-full\" \/><\/a><figcaption class=\"wp-caption-text\">\u00c7ift dahil<\/figcaption><\/figure>\n<figure class=\"wp-caption aligncenter\"><a href=\"https:\/\/photos.google.com\/share\/AF1QipOd4_ff8Ce-rFRD5VAZ5PwS1rs6HgXkenQH5GBfX2OY2028qVMKmdRUv5gqKFcZnQ\/photo\/AF1QipP71sKZy4KHBscZyLdhQbZYUmJE7prHeGntiJg?key=UmVKM0h5ZXc5QkQzWmNJS2hvNnBqXzBsc3N2NXhn\" target=\"_blank\"><img decoding=\"async\" src=\"https:\/\/lh3.googleusercontent.com\/pw\/AP1GczMIvU_8oor28turXLCvgjo0echkDWNpw1Biqhkwdk1WfwlBGHpmH-HfTIf1qpj47EbSiJWdzej169vs5xvN_Ih1ChvYfz-ttnLS5UZGnHaZIMTvernjf8Q0nkbKY1P2V8w-0fxnjGP0PhOh58iC6z6T=w2000-h1333-s-no-gm?authuser=0\" width=\"2000\" height=\"1333\" alt=\"\u00c7ift giri\u015fi\" class=\"size-full\" \/><\/a><figcaption class=\"wp-caption-text\">\u00c7ift giri\u015fi<\/figcaption><\/figure>\n<h3>Tan\u0131t\u0131mc\u0131n\u0131n temsili konu\u015fmas\u0131: Hokuryu Belediye Ba\u015fkan\u0131 <b>Yasuhiro Sasaki<\/b>Bay.<\/h3>\n<figure class=\"wp-caption aligncenter\"><a href=\"https:\/\/photos.google.com\/share\/AF1QipOd4_ff8Ce-rFRD5VAZ5PwS1rs6HgXkenQH5GBfX2OY2028qVMKmdRUv5gqKFcZnQ\/photo\/AF1QipP_Uo_OSJd58LVqiF2FyF7XTwS1DGTnbG6m0Qo?key=UmVKM0h5ZXc5QkQzWmNJS2hvNnBqXzBsc3N2NXhn\" target=\"_blank\"><img decoding=\"async\" src=\"https:\/\/lh3.googleusercontent.com\/pw\/AP1GczPVtWoUs2KwKBk6nGwPnf5I7LGdN7StQgnrrDoQ1ROplWJP7SAUlPZuP255lsdswEsHpceYl_rn33F6bw0Ppgf3AReIKdiUUreezsx5LPV0jRIVMaprRT1WRTTuEJuMIZ95YmnxkwyizL2ndxgYmOj-=w2000-h1333-s-no-gm?authuser=0\" width=\"2000\" height=\"1333\" alt=\"Tan\u0131t\u0131mc\u0131lar\u0131n temsilcisinden selamlar: Hokuryu Kasabas\u0131 Belediye Ba\u015fkan\u0131 Yasuyuki Sasaki\" class=\"size-full\" \/><\/a><figcaption class=\"wp-caption-text\">Tan\u0131t\u0131mc\u0131lar\u0131n temsilcisinden selamlar: Hokuryu Kasabas\u0131 Belediye Ba\u015fkan\u0131 Yasuyuki Sasaki<\/figcaption><\/figure>\n<p>&quot;Bu y\u0131lki 2025 \u0130lkbahar Ni\u015fanlar\u0131 kapsam\u0131nda Say\u0131n Yutaka Sano&#039;nun Y\u00fckselen G\u00fcne\u015f, Alt\u0131n ve G\u00fcm\u00fc\u015f I\u015f\u0131nlar Ni\u015fan\u0131&#039;n\u0131 almas\u0131 i\u00e7in bir kutlama d\u00fczenlemekten mutluluk duyuyoruz. Say\u0131n Yutaka Sano ve e\u015fi Tomoko&#039;yu Y\u00fckselen G\u00fcne\u015f, Alt\u0131n ve G\u00fcm\u00fc\u015f I\u015f\u0131nlar Ni\u015fan\u0131&#039;n\u0131 almalar\u0131ndan dolay\u0131 tebrik ederiz.<\/p>\n<p>Bay ve Bayan Sano, herkesi kar\u015f\u0131lamak i\u00e7in erkenden mekana geldiler ve herkesi soyad\u0131yla de\u011fil, ad\u0131yla selamlayarak s\u0131cak bir \u015fekilde kar\u015f\u0131lad\u0131lar. Bu davran\u0131\u015flar\u0131n, Bay Sano&#039;nun s\u0131cakkanl\u0131 ya\u015fam\u0131n\u0131n ve ya\u015fam tarz\u0131n\u0131n bir yans\u0131mas\u0131 oldu\u011funu fark ettim.<\/p>\n<p>Hepinizin kariyerini \u00e7ok iyi bildi\u011finizden eminim, ancak 1970 y\u0131l\u0131nda belediye meclisine kat\u0131ld\u0131 ve o zamandan beri 54 y\u0131ll\u0131k idari deneyimi var. Daha sonra belediye ba\u015fkan yard\u0131mc\u0131s\u0131 ve ard\u0131ndan 12 y\u0131l boyunca \u00fc\u00e7 d\u00f6nem belediye ba\u015fkan\u0131 olarak g\u00f6rev yapt\u0131. Bu s\u00fcre zarf\u0131nda \u00e7ok \u00e7al\u0131\u015fm\u0131\u015f olmal\u0131 ve g\u00f6reve geleli hen\u00fcz bir y\u0131ldan biraz fazla olmas\u0131na ra\u011fmen bunu ger\u00e7ekten hissedebiliyorum. 12 y\u0131ll\u0131k sa\u011flam hizmeti boyunca Hokuryu Kasabas\u0131&#039;n\u0131 bug\u00fcn oldu\u011fu hale getirdi.<\/p>\n<p>Hokkaido Belediyeler Birli\u011fi&#039;nin 10 Temmuz&#039;daki toplant\u0131s\u0131nda, mevcut Hokkaido Valisi Suzuki, &quot;L\u00fctfen Say\u0131n Sano&#039;ya en iyi dileklerimi iletin.&quot; diyerek tebriklerini iletti. Say\u0131n Sano ayr\u0131ca, Ulusal Belediyeler Birli\u011fi Ba\u015fkan\u0131 olan Say\u0131n Takao Tanano (Shiranuka Kasabas\u0131 Belediye Ba\u015fkan\u0131 ve Hokkaido Belediyeler Birli\u011fi Ba\u015fkan\u0131) taraf\u0131ndan da tebrik edildi. Tanano, Ba\u015fkan olarak se\u00e7ilmesinin sebebinin &quot;Say\u0131n Yutaka Sano&#039;nun Ba\u015fkan Yard\u0131mc\u0131s\u0131 olarak kendisine sa\u011flad\u0131\u011f\u0131 g\u00fc\u00e7l\u00fc destek&quot; oldu\u011funu s\u00f6yledi.<\/p>\n<p>Shizunai Belediye Ba\u015fkan\u0131 Kanichi Yoshida&#039;n\u0131n 1944&#039;te se\u00e7ilmesinden bu yana, 81 y\u0131l i\u00e7inde Ulusal Kasaba ve K\u00f6yler Birli\u011fi ba\u015fkan\u0131n\u0131n Hokkaido&#039;dan se\u00e7ilmesi ikinci kez ger\u00e7ekle\u015fiyor. Hokkaido&#039;nun yerel y\u00f6netimin merkezinde yer alaca\u011f\u0131na ve \u00f6nemli bir rol oynayaca\u011f\u0131na inan\u0131yorum. Bunun ayn\u0131 zamanda Say\u0131n Sano&#039;nun Hokkaido i\u00e7in verdi\u011fi s\u0131k\u0131 \u00e7al\u0131\u015fman\u0131n da bir sonucu oldu\u011funa inan\u0131yorum.<\/p>\n<p>Say\u0131n Sano&#039;nun 12 y\u0131ll\u0131k belediye ba\u015fkanl\u0131\u011f\u0131 s\u00fcresince ba\u015faramad\u0131\u011f\u0131 \u015feyler oldu\u011funu hep duydum. Toplu ta\u015f\u0131ma sistemi ve Sunflower Park Hokuryu Onsen&#039;in y\u00f6netim durumu gibi tamamlanmam\u0131\u015f alanlar oldu\u011funun tamamen fark\u0131nday\u0131m. Say\u0131n Sano&#039;dan \u00e7e\u015fitli deneyimlerine dayanarak rehberlik etmesini rica ediyorum.<\/p>\n<p>Son zamanlarda, ulusal h\u00fck\u00fcmet B\u00f6lgesel Canland\u0131rma 2.0 i\u00e7in b\u00fcy\u00fck bir hibe sa\u011flad\u0131 ve Hokuryu Kasabas\u0131&#039;n\u0131n k\u00fc\u00e7\u00fck boyutuna ra\u011fmen g\u00fc\u00e7l\u00fc bir kasaba geli\u015ftirmesini te\u015fvik etti. Bunun, Bay Sano&#039;nun y\u0131llar i\u00e7inde geli\u015ftirdi\u011fi idari \u00e7al\u0131\u015fmalar\u0131n da bir sonucu oldu\u011funa inan\u0131yorum.<\/p>\n<p>Bug\u00fcnk\u00fc kutlama, Say\u0131n Sano&#039;nun rehberli\u011findeki ekibimiz taraf\u0131ndan haz\u0131rland\u0131. \u00c7e\u015fitli hatalar olabilece\u011finin fark\u0131nday\u0131z, ancak bu kutlamada anlay\u0131\u015f\u0131n\u0131z\u0131 rica ediyoruz. Say\u0131n Yutaka Sano&#039;yu bug\u00fcn Y\u00fckselen G\u00fcne\u015f, Alt\u0131n ve G\u00fcm\u00fc\u015f I\u015f\u0131nlar Ni\u015fan\u0131&#039;n\u0131 ald\u0131\u011f\u0131 i\u00e7in tebrik ederiz!<\/p>\n<figure class=\"wp-caption aligncenter\"><a href=\"https:\/\/photos.google.com\/share\/AF1QipOd4_ff8Ce-rFRD5VAZ5PwS1rs6HgXkenQH5GBfX2OY2028qVMKmdRUv5gqKFcZnQ\/photo\/AF1QipNS7uc_YJSivl8HgKrM4o8kZTeZ0fXrqLqLZOo?key=UmVKM0h5ZXc5QkQzWmNJS2hvNnBqXzBsc3N2NXhn\" target=\"_blank\"><img decoding=\"async\" src=\"https:\/\/lh3.googleusercontent.com\/pw\/AP1GczN2cwWkB3WJI75J3piQNR_iOyxk5tDf3si8RsfZmVeyl3TJskZFI_ZMnbFnmKkX39cA18BCzhnPD_j_rP6NtHDFyJK499IjKpcTonUtDO9Q0Zji0Y5fejGNXYtZcuKUNZ6YojdvBAdbQ-SGpDFJUcAH=w2000-h1333-s-no-gm?authuser=0\" width=\"2000\" height=\"1333\" alt=\"Say\u0131n Sano&#039;ya uzun y\u0131llard\u0131r verdi\u011fi ba\u015far\u0131lardan dolay\u0131 \u015f\u00fckranlar\u0131m\u0131z\u0131 sunmak isteriz!\" class=\"size-full\" \/><\/a><figcaption class=\"wp-caption-text\">Say\u0131n Sano&#039;ya uzun y\u0131llard\u0131r verdi\u011fi ba\u015far\u0131lardan dolay\u0131 \u015f\u00fckranlar\u0131m\u0131z\u0131 sunmak isteriz!<\/figcaption><\/figure>\n<h3>Bir buket sunmak<\/h3>\n<h4>Say\u0131n Sano&#039;ya uzun y\u0131llard\u0131r verdi\u011fi ba\u015far\u0131lardan dolay\u0131 \u015f\u00fckranlar\u0131m\u0131z\u0131 sunmak isteriz!<\/h4>\n<p><b>Sunan:<\/b>Torunlar\u0131 Sakuma Yoshida ve Taishiro Sano<\/p>\n<figure class=\"wp-caption aligncenter\"><a href=\"https:\/\/photos.google.com\/share\/AF1QipOd4_ff8Ce-rFRD5VAZ5PwS1rs6HgXkenQH5GBfX2OY2028qVMKmdRUv5gqKFcZnQ\/photo\/AF1QipMl2hc4EYT5rnw7opbWqv7wxNvDtu1S1zzpS-0?key=UmVKM0h5ZXc5QkQzWmNJS2hvNnBqXzBsc3N2NXhn\" target=\"_blank\"><img decoding=\"async\" src=\"https:\/\/lh3.googleusercontent.com\/pw\/AP1GczOsfQXe45nNjB1Z2Ju3PBJFCD1yQTB5fkSTIJgMftyHg7efcaMbb5m2dv4VXDeWDu5vSTr88cHj-IZVagswAL1j0bTVkM4eForS14Kp1Liq6wMgUCHwpCSWyUOEfFB2qaH4mjBAhlTOGdukRCbXsIVD=w2000-h1333-s-no-gm?authuser=0\" width=\"2000\" height=\"1333\" alt=\"Torun buketi sunuyor\" class=\"size-full\" \/><\/a><figcaption class=\"wp-caption-text\">Torun buketi sunuyor<\/figcaption><\/figure>\n<figure class=\"wp-caption aligncenter\"><a href=\"https:\/\/photos.google.com\/share\/AF1QipOd4_ff8Ce-rFRD5VAZ5PwS1rs6HgXkenQH5GBfX2OY2028qVMKmdRUv5gqKFcZnQ\/photo\/AF1QipML2s7g_v8tymUV-WkiSN72GSn1pzCIq8nxN7Q?key=UmVKM0h5ZXc5QkQzWmNJS2hvNnBqXzBsc3N2NXhn\" target=\"_blank\"><img decoding=\"async\" src=\"https:\/\/lh3.googleusercontent.com\/pw\/AP1GczOVNLzZB6Om-3cHjMheavQ4pgbgRQAU9I_QrYeyWP1OAXIcxmNBnS1z5zDimdtsX2Cw6j8l46qwqpIafXwMm2RwqGl4uyAnHsiLqsP-fwWaHAyD4KQW7xERhgAWeMVdpIBYEauPWPmRA_qNjTCJMceS=w2000-h1333-s-no-gm?authuser=0\" width=\"2000\" height=\"1333\" alt=\"\u0130ade hediyesi\" class=\"size-full\" \/><\/a><figcaption class=\"wp-caption-text\">\u0130ade hediyesi<\/figcaption><\/figure>\n<h3>Tebrik konu\u015fmas\u0131: Hokuriku Belediye Meclisi Ba\u015fkan\u0131 Say\u0131n Naoichi Nakamura<\/h3>\n<figure class=\"wp-caption aligncenter\"><a href=\"https:\/\/photos.google.com\/share\/AF1QipOd4_ff8Ce-rFRD5VAZ5PwS1rs6HgXkenQH5GBfX2OY2028qVMKmdRUv5gqKFcZnQ\/photo\/AF1QipMGY_Cgj-YoJ4DRDZWnx46MdcLeXSpE_gJEHYE?key=UmVKM0h5ZXc5QkQzWmNJS2hvNnBqXzBsc3N2NXhn\" target=\"_blank\"><img decoding=\"async\" src=\"https:\/\/lh3.googleusercontent.com\/pw\/AP1GczMgyopNYJ18-7wvG9OcDvJTkpaHKxrzK0CVm1tKAnnMLdokIMqsrljMVlJrXsiILXbX_3KtHh8HgBFgnhwi7dYIx3Jg62J1-CBqnjMabu0XT3NEJWbqTTzhZNzdWlnL0jgyhuSuZArkzv30KmSys4R6=w2000-h1333-s-no-gm?authuser=0\" width=\"2000\" height=\"1333\" alt=\"Tebrik konu\u015fmas\u0131: Hokuriku Belediye Meclisi Ba\u015fkan\u0131 Say\u0131n Naoichi Nakamura\" class=\"size-full\" \/><\/a><figcaption class=\"wp-caption-text\">Tebrik konu\u015fmas\u0131: Hokuriku Belediye Meclisi Ba\u015fkan\u0131 Say\u0131n Naoichi Nakamura<\/figcaption><\/figure>\n<p>&quot;Eski Hokuryu Belediye Ba\u015fkan\u0131 Yutaka Sano&#039;nun, 2025 bahar\u0131nda yerel y\u00f6netime yapt\u0131\u011f\u0131 katk\u0131lardan dolay\u0131 Y\u00fckselen G\u00fcne\u015f, Alt\u0131n ve G\u00fcm\u00fc\u015f I\u015f\u0131nlar Ni\u015fan\u0131&#039;n\u0131 almas\u0131ndan dolay\u0131 son derece mutluyum ve onu tebrik ediyorum. Uzun y\u0131llard\u0131r elde etti\u011fi ba\u015far\u0131lar takdir edildi.<\/p>\n<p>Bay Sano, 1970 y\u0131l\u0131nda liseden mezun olduktan hemen sonra belediye meclisine kat\u0131ld\u0131 ve 34 y\u0131l kamu hizmetinde \u00e7al\u0131\u015ft\u0131. 2004&#039;te belediye ba\u015fkan yard\u0131mc\u0131s\u0131, 2007&#039;de ise Yerel \u00d6zerklik Yasas\u0131&#039;nda yap\u0131lan de\u011fi\u015fikli\u011fin ard\u0131ndan ilk belediye ba\u015fkan yard\u0131mc\u0131s\u0131 olarak g\u00f6rev yapt\u0131 ve bu s\u00fcre zarf\u0131nda Hokuryu kasabas\u0131na zaman ay\u0131rd\u0131. 2012 y\u0131l\u0131nda Hokuryu belediye ba\u015fkanl\u0131\u011f\u0131na aday oldu ve \u00e7e\u015fitli engellere ra\u011fmen ba\u015far\u0131yla se\u00e7ilerek belediye ba\u015fkan\u0131 olarak g\u00f6reve ba\u015flad\u0131. \u00dc\u00e7 d\u00f6nem, toplam 12 y\u0131l belediye ba\u015fkanl\u0131\u011f\u0131 yapt\u0131. Hokuryu Belediye Meclisi&#039;nde toplamda 54 y\u0131l gibi \u015fa\u015f\u0131rt\u0131c\u0131 bir s\u00fcre \u00e7al\u0131\u015ft\u0131 ve bir \u00e7al\u0131\u015fan olarak ba\u015flad\u0131\u011f\u0131 kariyerinde kasabay\u0131 geli\u015ftirmek ve ya\u015fanabilir bir yer haline getirmek i\u00e7in \u00e7ok \u00e7al\u0131\u015ft\u0131.<\/p>\n<p>Bu s\u00fcre zarf\u0131nda, Sorachi Kasaba ve K\u00f6y Derne\u011fi ba\u015fkanl\u0131\u011f\u0131, Hokkaido Kasaba ve K\u00f6y Derne\u011fi ba\u015fkan yard\u0131mc\u0131l\u0131\u011f\u0131 ve Hokkaido Toprak Geli\u015ftirme Derne\u011fi m\u00fcd\u00fcrl\u00fc\u011f\u00fc de dahil olmak \u00fczere say\u0131s\u0131z g\u00f6revde bulundu. \u00c7abalar\u0131 nedeniyle \u00e7e\u015fitli kurulu\u015flardan ba\u015far\u0131 \u00f6d\u00fclleri ald\u0131.<\/p>\n<p>Bay Sano, ilkokuldan beri beyzbol oynayan ve lisedeyken Koshien&#039;e gitmek i\u00e7in her g\u00fcn antrenman yapan bir sporcuydu. Kamu hizmetine girdikten sonra belediye meclisi tak\u0131m\u0131nda ve \u00e7e\u015fitli kurulu\u015flarda aktif olarak yer ald\u0131. Kamu hizmetinden emekli olduktan sonra Ay\u00e7i\u00e7e\u011fi G\u00f6n\u00fcll\u00fcleri Derne\u011fi ve Park Golf Derne\u011fi&#039;nde aktif olarak g\u00f6rev ald\u0131. Uzun y\u0131llar Ryusenji Tap\u0131na\u011f\u0131 temsilcisi olarak g\u00f6rev yapt\u0131 ve ge\u00e7en y\u0131ldan bu yana da \u00e7e\u015fitli alanlarda \u00f6nemli roller \u00fcstlenen temsilci yard\u0131mc\u0131s\u0131 \u015fefi oldu; bu nedenle kendisine sayg\u0131lar\u0131m\u0131z\u0131 sunmak isteriz.<\/p>\n<p>Sonu\u00e7 olarak, Say\u0131n ve Bayan Sano ile Sano ailesine refah ve ba\u015far\u0131n\u0131n devam\u0131n\u0131 diliyorum ve bug\u00fcn kat\u0131lan herkese sa\u011fl\u0131k ve mutluluk dileklerimi ve tebriklerimi iletmek istiyorum.&quot;<\/p>\n<figure class=\"wp-caption aligncenter\"><a href=\"https:\/\/photos.google.com\/share\/AF1QipOd4_ff8Ce-rFRD5VAZ5PwS1rs6HgXkenQH5GBfX2OY2028qVMKmdRUv5gqKFcZnQ\/photo\/AF1QipNCdlAnbJKLlbxEotl4mp_xQfMHz10kmsEtOog?key=UmVKM0h5ZXc5QkQzWmNJS2hvNnBqXzBsc3N2NXhn\" target=\"_blank\"><img decoding=\"async\" src=\"https:\/\/lh3.googleusercontent.com\/pw\/AP1GczOMayDAVK__9DYNCYo-s5JTDRjEso3yBEg5s6hWHPj0cssO-TfGJIZTiS0tc_A-Qw1FGj-Wgsrf4HJc6LyPgSxt8bBpLsV_g3LjS305E05XdT0ObS2fsYuAZL3ubjpEiuHzlh1INNUq-sVgecJOPPMB=w2000-h1125-s-no-gm?authuser=0\" width=\"2000\" height=\"1125\" alt=\"Sano ailesine refah ve ba\u015far\u0131lar\u0131n\u0131n devam\u0131n\u0131 diliyorum!\" class=\"size-full\" \/><\/a><figcaption class=\"wp-caption-text\">Sano ailesine refah ve ba\u015far\u0131lar\u0131n\u0131n devam\u0131n\u0131 diliyorum!<\/figcaption><\/figure>\n<h3>Anma hediyesi sunumu<\/h3>\n<p><b>Sunan:<\/b>Keiko Banda, Genel \u0130\u015fler B\u00f6l\u00fcm\u00fc, Hokuryu Belediye Binas\u0131, Yard\u0131mc\u0131 B\u00f6l\u00fcm \u015eefi<\/p>\n<h2>Al\u0131c\u0131n\u0131n te\u015fekk\u00fcr konu\u015fmas\u0131: Yutaka Sano<\/h2>\n<figure class=\"wp-caption aligncenter\"><a href=\"https:\/\/photos.google.com\/share\/AF1QipOd4_ff8Ce-rFRD5VAZ5PwS1rs6HgXkenQH5GBfX2OY2028qVMKmdRUv5gqKFcZnQ\/photo\/AF1QipPA88udaCXuDGR0cjXterUNKdsBb0V-I6XYC7U?key=UmVKM0h5ZXc5QkQzWmNJS2hvNnBqXzBsc3N2NXhn\" target=\"_blank\"><img decoding=\"async\" src=\"https:\/\/lh3.googleusercontent.com\/pw\/AP1GczNDZaY64JVRQmzq_N0HCBBb3aS4Zrd_Otk1nbZsY5vq5QALHrmeSNmwegN-XoLoPTjtjL-nNtngHeV37CXFGL_3qFBgpRiG6J4bv6WfTdv0NH-Cuel2Dv_og8CcQ1JZisJBmulYRFLqXg9CWzWIPaZA=w2000-h1333-s-no-gm?authuser=0\" width=\"2000\" height=\"1333\" alt=\"Te\u015fekk\u00fcrler: Yutaka Sano\" class=\"size-full\" \/><\/a><figcaption class=\"wp-caption-text\">Te\u015fekk\u00fcrler: Yutaka Sano<\/figcaption><\/figure>\n<p>&quot;Bug\u00fcn hava \u00e7ok s\u0131cak, ancak b\u00f6ylesine g\u00f6rkemli bir kutlamaya kat\u0131l\u0131p d\u00fczenledi\u011finiz i\u00e7in hepinize en i\u00e7ten \u015f\u00fckranlar\u0131m\u0131 sunmak istiyorum. Ayr\u0131ca Belediye Ba\u015fkan\u0131 Sasaki ve Meclis Ba\u015fkan\u0131 Nakamura&#039;n\u0131n nazik s\u00f6zlerini duymaktan da b\u00fcy\u00fck onur duyuyorum.<\/p>\n<p>2025 \u0130lkbahar Ni\u015fan T\u00f6reni&#039;nde prestijli Y\u00fckselen G\u00fcne\u015f Ni\u015fan\u0131, Alt\u0131n ve G\u00fcm\u00fc\u015f I\u015f\u0131nlar&#039;\u0131 almak beni hem heyecanland\u0131r\u0131yor hem de \u00fcz\u00fcyor. Bunun, sizin s\u00fcrekli deste\u011finizin ve i\u015f birli\u011finizin bir sonucu oldu\u011funa inan\u0131yor ve i\u00e7ten \u015f\u00fckranlar\u0131m\u0131 sunmak istiyorum.<\/p>\n<p>1970 y\u0131l\u0131nda Hokuryu Belediye Binas\u0131&#039;nda \u00e7al\u0131\u015fmaya ba\u015flad\u0131\u011f\u0131mdan bu yana, 54 y\u0131ld\u0131r herhangi bir ciddi hastal\u0131\u011fa yakalanmadan sa\u011fl\u0131kl\u0131 bir \u015fekilde \u00e7al\u0131\u015fabildim ve bir\u00e7ok kasaba halk\u0131na, \u00fcstlerime ve t\u00fcm personele \u015f\u00fckranlar\u0131m\u0131 sunmak istiyorum.<\/p>\n<p>Belediye meclisine kat\u0131ld\u0131\u011f\u0131mda, pirin\u00e7 \u00fcretiminin pirin\u00e7 tarlas\u0131 azaltma politikas\u0131 nedeniyle ayarland\u0131\u011f\u0131 y\u0131l, ilk olarak Sanayi B\u00f6l\u00fcm\u00fc&#039;n\u00fcn Tar\u0131m Politikas\u0131 B\u00f6l\u00fcm\u00fc&#039;ne atand\u0131m. Bir bal\u0131k\u00e7\u0131n\u0131n o\u011fluyum ve tar\u0131m hakk\u0131nda hi\u00e7bir \u015fey bilmiyordum. \u00dcreticilerin adlar\u0131n\u0131, pirin\u00e7 tarlalar\u0131n\u0131n yerlerini ve \u00e7ift\u00e7ilerin evlerini, \u00fcreticilerin adlar\u0131n\u0131n yaz\u0131l\u0131 oldu\u011fu tar\u0131m grubu muhasebe koduna dayanarak ezberlemeye can att\u0131\u011f\u0131m\u0131 hat\u0131rl\u0131yorum. San\u0131r\u0131m yakla\u015f\u0131k 500 \u00e7ift\u00e7i hanesi vard\u0131. N\u00fcfus ise yakla\u015f\u0131k 4.700&#039;d\u00fc.<\/p>\n<p>Bu deneyimler, belediye ofisindeki sonraki \u00e7al\u0131\u015fmalar\u0131mda son derece de\u011ferli oldu ve yerel \u00fcreticilerle daha yak\u0131n ba\u011flar kurmam\u0131 sa\u011flad\u0131. Ormanc\u0131l\u0131k g\u00f6revlisi olarak \u00e7al\u0131\u015ft\u0131\u011f\u0131m s\u00fcre boyunca, Hokuryu Kasabas\u0131 arazilerinin genel g\u00f6r\u00fcn\u00fcm\u00fcn\u00fc, ulusal ve \u015fehir ormanlar\u0131n\u0131n sahipleri ve konumlar\u0131 ile a\u011fa\u00e7 t\u00fcrlerini kavrayabildim. \u00c7al\u0131\u015fmam sayesinde pirin\u00e7 tarlalar\u0131 ile \u00e7ift\u00e7iler, da\u011flar ile a\u011fa\u00e7lar ve kasaba halk\u0131 aras\u0131ndaki ba\u011flant\u0131lar\u0131 \u00f6\u011frenme f\u0131rsat\u0131 buldu\u011fum i\u00e7in \u00e7ok minnettar\u0131m ve mutluyum.<\/p>\n<p>Daha sonra, Kaizen Merkezi Spor Salonu&#039;nun a\u00e7\u0131l\u0131\u015f\u0131yla ayn\u0131 d\u00f6nemde, alt\u0131 y\u0131l boyunca Milli E\u011fitim Kurulu&#039;nda Beden E\u011fitimi M\u00fcd\u00fcr\u00fc olarak \u00e7al\u0131\u015ft\u0131m. &quot;Hayatta Spor&quot; slogan\u0131yla, sa\u011fl\u0131kl\u0131 ve ayd\u0131nl\u0131k bir kasaba yaratmak i\u00e7in kasaba halk\u0131yla birlikte spor alan\u0131nda yo\u011fun bir \u015fekilde \u00e7al\u0131\u015ft\u0131m. Ayr\u0131ca Finansman B\u00f6l\u00fcm \u015eefi olarak Ay\u00e7i\u00e7e\u011fi Park\u0131&#039;n\u0131n in\u015faat\u0131nda da \u00e7al\u0131\u015ft\u0131m.<\/p>\n<p>2004 y\u0131l\u0131nda belediye ba\u015fkan yard\u0131mc\u0131s\u0131 ve ba\u015fkan yard\u0131mc\u0131s\u0131 olarak atand\u0131m ve 2012 y\u0131l\u0131nda belediye ba\u015fkan\u0131 se\u00e7ildim. \u00dc\u00e7 d\u00f6nemlik, 12 y\u0131ll\u0131k g\u00f6rev s\u00fcrem ge\u00e7en y\u0131l sona erdi. Bunu, y\u0131llar boyunca b\u00f6ylesine b\u00fcy\u00fck projelerde yer almama izin veren \u00e7ok say\u0131da kasaba halk\u0131na ve personele bor\u00e7luyum. Bir kez daha minnettarl\u0131\u011f\u0131m\u0131 ifade etmek istiyorum.<\/p>\n<p>\u00d6d\u00fcl, 9 May\u0131s&#039;ta Hotel New Otani Sapporo&#039;da Hokkaido Valisi Naomichi Suzuki taraf\u0131ndan bana takdim edildi. 20 May\u0131s&#039;ta \u0130mparatorluk Saray\u0131&#039;n\u0131n Homeiden Salonu&#039;nda \u0130mparator ile g\u00f6r\u00fc\u015ft\u00fcm. G\u00f6r\u00fc\u015fme s\u0131ras\u0131nda, di\u011fer bir\u00e7ok \u00f6d\u00fcl alan ki\u015finin aras\u0131nda \u00f6n s\u0131ran\u0131n ortas\u0131ndayd\u0131m ve \u0130mparator bana, &quot;\u00c7e\u015fitli g\u00f6revlerinizi tamamlamak i\u00e7in g\u00f6sterdi\u011finiz t\u00fcm \u00e7aba i\u00e7in te\u015fekk\u00fcr ederim. L\u00fctfen bundan sonra kendinize iyi bak\u0131n,&quot; diyerek te\u015fekk\u00fcr etti ve \u00e7ok duyguland\u0131m. Herkes bunu deneyimleyemez, bu y\u00fczden ger\u00e7ekten \u00e7ok etkilendim.<\/p>\n<p>Bu \u00f6d\u00fcl\u00fc alabilmem, b\u00fcy\u00fcklerimin, meslekta\u015flar\u0131m\u0131n ve kasaba halk\u0131n\u0131n i\u015f birli\u011fi sayesinde m\u00fcmk\u00fcn oldu. En derin \u015f\u00fckranlar\u0131m\u0131 sunmak isterim. 74 ya\u015f\u0131nday\u0131m ve topluma, ne kadar k\u00fc\u00e7\u00fck olursa olsun, elimden gelenin en iyisini yaparak katk\u0131da bulunmak istiyorum ki bu madalyaya g\u00f6lge d\u00fc\u015f\u00fcrmeyeyim. S\u00fcrekli deste\u011finiz, i\u015f birli\u011finiz ve rehberli\u011finiz i\u00e7in hepinize te\u015fekk\u00fcr etmek istiyorum. Bug\u00fcn i\u00e7in \u00e7ok te\u015fekk\u00fcr ederim!<\/p>\n<figure class=\"wp-caption aligncenter\"><a href=\"https:\/\/photos.google.com\/share\/AF1QipOd4_ff8Ce-rFRD5VAZ5PwS1rs6HgXkenQH5GBfX2OY2028qVMKmdRUv5gqKFcZnQ\/photo\/AF1QipNzta37V4614Jq3ez5X1j2crb_MnmNFWYL1ufo?key=UmVKM0h5ZXc5QkQzWmNJS2hvNnBqXzBsc3N2NXhn\" target=\"_blank\"><img decoding=\"async\" src=\"https:\/\/lh3.googleusercontent.com\/pw\/AP1GczNfty1_ai2Wr7_zTHsKngcXosIh4D2Jf8PgLzlo0vl9ZR-pHe1FeBhJVSNjGOK_Ps4cy9_ENl-ogiAoHtWBL13CtR97Jxebdo8Lp63XmY2_EuX2mpVsWZGEHpCCDAdMhL9zuWp2stN9uZpMgPkZg8kd=w2000-h1333-s-no-gm?authuser=0\" width=\"2000\" height=\"1333\" alt=\"Deste\u011finiz ve i\u015fbirli\u011finiz i\u00e7in i\u00e7ten te\u015fekk\u00fcrlerimizi sunmak isteriz!\" class=\"size-full\" \/><\/a><figcaption class=\"wp-caption-text\">Deste\u011finiz ve i\u015fbirli\u011finiz i\u00e7in i\u00e7ten te\u015fekk\u00fcrlerimizi sunmak isteriz!<\/figcaption><\/figure>\n<h2>Tebrik telgraf\u0131 sunumu<\/h2>\n<h3>Temsilciler Meclisi \u00dcyesi Shinjiro Koizumi<\/h3>\n<p>Bu onurlu \u00f6d\u00fcl\u00fc ald\u0131\u011f\u0131n\u0131z\u0131 duydu\u011fuma \u00e7ok sevindim. Tebrikler.<br \/>\nKendinize iyi bakmaya devam edece\u011finizi umuyor, bize olan s\u00fcrekli rehberli\u011finizi ve deste\u011finizi takdir ediyoruz.<\/p>\n<h3>Hokkaido Valisi Naomichi Suzuki<\/h3>\n<p>Y\u00fckselen G\u00fcne\u015f, Alt\u0131n ve G\u00fcm\u00fc\u015f I\u015f\u0131nlar Ni\u015fan\u0131&#039;n\u0131 alman\u0131zdan dolay\u0131 i\u00e7tenlikle tebriklerimizi sunmak istiyoruz.<br \/>\nSay\u0131n Sano&#039;yu bu \u00f6d\u00fclden dolay\u0131 tebrik etmek istiyoruz; \u00e7\u00fcnk\u00fc bunun yaln\u0131zca kendisini destekleyen ailesi i\u00e7in de\u011fil, ayn\u0131 zamanda yerel y\u00f6netimlerde, ilgili kurulu\u015flarda ve toplumda yer alan bir\u00e7ok ki\u015fi i\u00e7in de b\u00fcy\u00fck bir sevin\u00e7 ve derin duygu kayna\u011f\u0131 olaca\u011f\u0131ndan eminiz.<br \/>\nSa\u011fl\u0131\u011f\u0131n\u0131z\u0131n iyi olmas\u0131n\u0131 ve \u00fcst\u00fcn anlay\u0131\u015f\u0131n\u0131z\u0131 ve deneyim zenginli\u011finizi Hokkaido&#039;nun geli\u015fimine \u00f6zel destek sa\u011flamak i\u00e7in kullanman\u0131z\u0131 umuyoruz.<br \/>\nBu vesileyle sizi tebrik ederim.<\/p>\n<h3>Japonya&#039;daki Taipei Ekonomi ve K\u00fclt\u00fcr Temsilcili\u011fi Sapporo \u015eubesi M\u00fcd\u00fcr\u00fc Say\u0131n Nian Xinshi<\/h3>\n<p>Say\u0131n Bay\/Bayan, Yeni ye\u015fillikler a\u00e7arken sa\u011fl\u0131kl\u0131 ve iyi durumda olman\u0131z\u0131 umuyorum. Tayvan ve Japonya aras\u0131ndaki dostlu\u011fun g\u00fc\u00e7lendirilmesine verdi\u011finiz s\u00fcrekli destek i\u00e7in i\u00e7ten \u015f\u00fckranlar\u0131m\u0131 sunmak isterim.<br \/>\n2025 \u0130lkbahar\u0131nda Alt\u0131n I\u015f\u0131n Rozeti \u00f6d\u00fcl\u00fcn\u00fc alman\u0131zdan dolay\u0131 sizi y\u00fcrekten kutluyorum. Bunun, uzun y\u0131llar s\u00fcren s\u0131k\u0131 \u00e7al\u0131\u015fman\u0131z\u0131n ve katk\u0131lar\u0131n\u0131z\u0131n bir sonucu oldu\u011funa inan\u0131yorum.<br \/>\nAyr\u0131ca, yerel \u00fcr\u00fcnleri tan\u0131tmak amac\u0131yla Tayvan&#039;a yapt\u0131\u011f\u0131 ziyaretten ve Hokkaido ile Tayvan aras\u0131ndaki ekonomik al\u0131\u015fveri\u015fi te\u015fvik etme \u00e7abalar\u0131ndan dolay\u0131 eski Belediye Ba\u015fkan\u0131 Sano&#039;ya \u015f\u00fckranlar\u0131m\u0131z\u0131 sunmak istiyoruz.<br \/>\n\u00d6ncelikle, minnettarl\u0131\u011f\u0131m\u0131n k\u00fc\u00e7\u00fck bir ifadesi de olsa, tebriklerimi yaz\u0131l\u0131 olarak iletmek ve deste\u011finizin devam\u0131n\u0131 rica etmek istiyorum.<\/p>\n<h3>Tebrik telgraflar\u0131 g\u00f6nderen herkese<\/h3>\n<ul>\n<li>Temsilciler Meclisi \u00dcyeleri: Daiki Micishita ve Yutaka Kamiya<\/li>\n<li>Temsilciler Meclisi \u00dcyesi Masato Nishikawa ve Meclis \u00dcyeleri Masao Miyazaki<\/li>\n<li>Meclis \u00dcyeleri Satsuki Katayama ve Muneo Suzuki<\/li>\n<li>Senat\u00f6r Tsuyoshi Iwamoto ve Senat\u00f6r Kanehiko Shindo<\/li>\n<li>Senat\u00f6r Takeshi Hasegawa ve Senat\u00f6r Harumi Takahashi<\/li>\n<li>Senat\u00f6r Toshimi Funahashi ve Senat\u00f6r Eri Tokunaga<\/li>\n<li>Meclis \u00dcyesi Say\u0131n Seiko Hashimoto, Temsilciler Meclisi Eski \u00dcyesi Say\u0131n Koichi Watanabe<\/li>\n<li>Hokkaido \u0130l Meclisi \u00dcyesi Say\u0131n Takahiro Asano ve Hokkaido Vali Yard\u0131mc\u0131s\u0131 Say\u0131n Shinichi Hamasaka<\/li>\n<li>Hokkaido Vali Yard\u0131mc\u0131s\u0131, Bay Tsuyoshi Mitsuhashi, Hokkaido Vali Yard\u0131mc\u0131s\u0131, Bay Takayuki Kano<\/li>\n<li>Toshiaki Nakajima, Hokkaido E\u011fitim Kurulu M\u00fcfetti\u015fi<\/li>\n<li>Hokkaido B\u00f6lgesel Kalk\u0131nma B\u00fcrosu Tar\u0131m ve Bal\u0131k\u00e7\u0131l\u0131k Departman\u0131 M\u00fcd\u00fcr\u00fc Say\u0131n Eiji Tsuno<\/li>\n<li>Hokkaido B\u00f6lgesel Kalk\u0131nma B\u00fcrosu Sapporo Kalk\u0131nma ve \u0130n\u015faat Departman\u0131 M\u00fcd\u00fcr Yard\u0131mc\u0131s\u0131 Say\u0131n Kenji Motoyama<\/li>\n<li>Bay Masayuki Kunii, Hokkaido Ziraat Ticaret ve Sanayi Odas\u0131 Ba\u015fkan\u0131<\/li>\n<li>Hokkaido Tar\u0131m Kamu Kurumu Ba\u015fkan\u0131 Terukazu Odawara<\/li>\n<li>Hokkaido Tar\u0131m Kamu Kurumu Ba\u015fkan Yard\u0131mc\u0131s\u0131 Say\u0131n Hideyasu Miyamoto<\/li>\n<li>Hokkaido Toprak Geli\u015ftirme Derne\u011fi Ba\u015fkan\u0131 Bay Hiroshi Kikuchi<\/li>\n<li>Hokkaido Arazi Geli\u015ftirme Derne\u011fi Sorachi \u015eubesi Ba\u015fkan\u0131 Bay Hiroshi Kikuchi<\/li>\n<li>Hokuren Tar\u0131m Kooperatifleri Birli\u011fi Temsilcisi ve Ba\u015fkan Yard\u0131mc\u0131s\u0131 Say\u0131n Takafumi Kashiwagi<\/li>\n<li>Hokuren Tar\u0131m Kooperatifleri Birli\u011fi Temsilcisi ve Ba\u015fkan Yard\u0131mc\u0131s\u0131 Bay Hiroyuki Hashimoto<\/li>\n<li>Fukagawa Shinryu Arazi Geli\u015ftirme B\u00f6lgesi Ba\u015fkan\u0131 Kaoru Kitamura<\/li>\n<li>Hokkaido Kasaba ve K\u00f6y Derne\u011fi Ba\u015fkan\u0131 Say\u0131n Takao Tanano<\/li>\n<li>Eniwa \u015eehri Belediye Ba\u015fkan\u0131 Bay Yutaka Harada, Iwamizawa \u015eehri Belediye Ba\u015fkan\u0131 Bay Satoshi Matsuno<\/li>\n<li>Bibai \u015eehri Belediye Ba\u015fkan\u0131 Bay Tsuneo Sakurai, Fukagawa \u015eehri Belediye Ba\u015fkan\u0131 Bay Masayuki Tanaka<\/li>\n<li>Kuriyama Kasabas\u0131 Belediye Ba\u015fkan\u0131 Bay Manabu Sasaki, Nanporo Kasabas\u0131 Belediye Ba\u015fkan\u0131 Bay Teiji Osaki<\/li>\n<li>Naganuma Kasabas\u0131 Belediye Ba\u015fkan\u0131 Bay Yoshihiko Saito, Shinshinotsu K\u00f6y\u00fc Belediye Ba\u015fkan\u0131 Bay Takashi Ishiba<\/li>\n<li>Chipubetsu Kasabas\u0131 Belediye Ba\u015fkan\u0131 Bay Nobuhito Shibuya, Hokuryu Kasabas\u0131 Belediye Ba\u015fkan\u0131 Bay Yasuhiro Sasaki<\/li>\n<li>Bay Yuji Horii, Hokkaido Shimbun Press&#039;in Ba\u015fkan\u0131 ve CEO&#039;su<\/li>\n<li>Hokkaido Arazi Geli\u015ftirme Tasar\u0131m ve Teknoloji Derne\u011fi Ba\u015fkan\u0131 ve Direkt\u00f6r\u00fc Say\u0131n Naoyuki Urahara<\/li>\n<li>Misako Adachi, Asahikawa \u015eube M\u00fcd\u00fcr\u00fc, All Nippon Airways Co., Ltd.<\/li>\n<li>Bay Takamori Okada, Kita-Sorachi Shinkin Bank \u015eube M\u00fcd\u00fcr\u00fc<\/li>\n<li>Hideo Konishi, Katsuhiro Murakami, Hiroyuki Honke, Masanori Yoshida, Yosuke Yoshida<\/li>\n<\/ul>\n<h2>Bayram<\/h2>\n<h4>Yiyecek<\/h4>\n<p>Ak\u015fam yeme\u011finde \u00e7e\u015fitli sashimi, chirashi sushi, mezeler, dana biftek, \u0131zgara bal\u0131k ve tatl\u0131 olarak ay\u00e7i\u00e7e\u011fi karpuzu vard\u0131.  <\/p>\n<figure class=\"wp-caption aligncenter\"><a href=\"https:\/\/photos.google.com\/share\/AF1QipOd4_ff8Ce-rFRD5VAZ5PwS1rs6HgXkenQH5GBfX2OY2028qVMKmdRUv5gqKFcZnQ\/photo\/AF1QipMt0rqeXDJ_18uTml65fJAEmvv47bWPHvuxSQc?key=UmVKM0h5ZXc5QkQzWmNJS2hvNnBqXzBsc3N2NXhn\" target=\"_blank\"><img decoding=\"async\" src=\"https:\/\/lh3.googleusercontent.com\/pw\/AP1GczNJ5OLnByW2LP9pPC7_ljTcHXs0AcKUtDPvgjz57huq9ptFM9UiRpXl8NuhkNNADjppgPPNRMpvuAmcU5CgayOsZdH8wVgDctyo5VhFJW22Y2Z6HbTt66LHqmmilEkb6Or3XEHJeFpODf6pSvVVjWMU=w2000-h1500-s-no-gm?authuser=0\" width=\"2000\" height=\"1500\" alt=\"\u00c7e\u015fitli sashimi\" class=\"size-full\" \/><\/a><figcaption class=\"wp-caption-text\">\u00c7e\u015fitli sashimi<\/figcaption><\/figure>\n<figure class=\"wp-caption aligncenter\"><a href=\"https:\/\/photos.google.com\/share\/AF1QipOd4_ff8Ce-rFRD5VAZ5PwS1rs6HgXkenQH5GBfX2OY2028qVMKmdRUv5gqKFcZnQ\/photo\/AF1QipN975K7U5B_s5qsAhBpPvAeyfSnG0Sjk53ZA-w?key=UmVKM0h5ZXc5QkQzWmNJS2hvNnBqXzBsc3N2NXhn\"><img decoding=\"async\" src=\"https:\/\/lh3.googleusercontent.com\/pw\/AP1GczPhrcMkE3yFR_VrwGypYw14bVqPONlAg-YuYfJ2xLLV2MofDOIDuS8NXc2ytPIEL9LsTJJCHyL9bmiIFfZHeWHDeH7oO8UaO4KgHSWvDcAS-wR2ZbNEAX4ksqbuLrD_oKpoLA9-ySjc6Zn1Az1Mc4FE=w2000-h1500-s-no-gm?authuser=0\" width=\"2000\" height=\"1500\" alt=\"Chira\u015fi su\u015fi\" class=\"size-full\" \/><\/a><figcaption class=\"wp-caption-text\">Chira\u015fi su\u015fi<\/figcaption><\/figure>\n<figure class=\"wp-caption aligncenter\"><a href=\"https:\/\/photos.google.com\/share\/AF1QipOd4_ff8Ce-rFRD5VAZ5PwS1rs6HgXkenQH5GBfX2OY2028qVMKmdRUv5gqKFcZnQ\/photo\/AF1QipM1lM8Ly956iZc7LXgZ9JUoLP3A3xwqlfGoFMQ?key=UmVKM0h5ZXc5QkQzWmNJS2hvNnBqXzBsc3N2NXhn\" target=\"_blank\"><img decoding=\"async\" src=\"https:\/\/lh3.googleusercontent.com\/pw\/AP1GczPpMp06OgpbvLD1udoM0ya07X0pek0IcAVwY5-ZfA3_xU9W7tQRM61fUiG5Ax26IbiXOnPbGM182dS_XDTmhLL6OZpoUCtsauZfZFj06SqmaejeJ9DE5iSC6mGa1oOeKoU0I6j6n6OOozrdvjGj_kJM=w2000-h1500-s-no-gm?authuser=0\" width=\"2000\" height=\"1500\" alt=\"Mezeler\" class=\"size-full\" \/><\/a><figcaption class=\"wp-caption-text\">Mezeler<\/figcaption><\/figure>\n<figure class=\"wp-caption aligncenter\"><a href=\"https:\/\/photos.google.com\/share\/AF1QipOd4_ff8Ce-rFRD5VAZ5PwS1rs6HgXkenQH5GBfX2OY2028qVMKmdRUv5gqKFcZnQ\/photo\/AF1QipNEeRBdSXYqZe_pKmEdhbFPdjcvStJnvI6rYP4?key=UmVKM0h5ZXc5QkQzWmNJS2hvNnBqXzBsc3N2NXhn\" target=\"_blank\"><img decoding=\"async\" src=\"https:\/\/lh3.googleusercontent.com\/pw\/AP1GczPMSg2BgZ_5sDPqbNgfNXLqZKRnGJrpY1DDJhcrcM7-bAt9mWfPzgmh-xiCEGHllqD6N0-GuEnIYMvGWF9s1-KAGbngOPKtZISXcnSbyEqEF6a66CfcEsFgKKIlKrpyP28WUVftGQ_sRoaajH6lXX0Y=w2000-h1500-s-no-gm?authuser=0\" width=\"2000\" height=\"1500\" alt=\"Dana bifte\u011fi\" class=\"size-full\" \/><\/a><figcaption class=\"wp-caption-text\">Dana bifte\u011fi<\/figcaption><\/figure>\n<figure class=\"wp-caption aligncenter\"><a href=\"https:\/\/photos.google.com\/share\/AF1QipOd4_ff8Ce-rFRD5VAZ5PwS1rs6HgXkenQH5GBfX2OY2028qVMKmdRUv5gqKFcZnQ\/photo\/AF1QipM1HOXBplPU2RBX7yajcbAGlh0ReHM5l5eD-sw?key=UmVKM0h5ZXc5QkQzWmNJS2hvNnBqXzBsc3N2NXhn\" target=\"_blank\"><img decoding=\"async\" src=\"https:\/\/lh3.googleusercontent.com\/pw\/AP1GczPbDht0hdjwHW2s1Wq06xgb6TgL6bzYqwiP6FllVlZcKvsQWK486ymq6eZwYdsKxqVtg6leQFxv52t-L6RjktxlyfnZDk5bpGTrO7rJ6eV3EQNaRijFSor9r9-47-TdE7AqNyqMqm1sMyNd93KgASqm=w1380-h1035-s-no-gm?authuser=0\" width=\"2000\" height=\"1500\" alt=\"Karides \u00c7ilisi\" class=\"size-full\" \/><\/a><figcaption class=\"wp-caption-text\">Karides \u00c7ilisi<\/figcaption><\/figure>\n<figure class=\"wp-caption aligncenter\"><a href=\"https:\/\/photos.google.com\/share\/AF1QipOd4_ff8Ce-rFRD5VAZ5PwS1rs6HgXkenQH5GBfX2OY2028qVMKmdRUv5gqKFcZnQ\/photo\/AF1QipOtinkRCZFH5pOo-RimojIPlHzE15U--GckxZ8?key=UmVKM0h5ZXc5QkQzWmNJS2hvNnBqXzBsc3N2NXhn\"><img decoding=\"async\" src=\"https:\/\/lh3.googleusercontent.com\/pw\/AP1GczNHVvZhoR99bNBQrTDFBpHQsLpT-QVr6YsMfkLEu4aPQhMTG7WVPp6UQk6oPd1dBSilachj80yooXIlfAHppnZbcxJYm5ydleW5IBnXIlG-WTN9Vl6yviMxzFU25hKnZdPJ9Utcoh34D_OiwMdoyT0p=w2000-h1500-s-no-gm?authuser=0\" width=\"2000\" height=\"1500\" alt=\"Bal\u0131k \u0131zgaras\u0131\" class=\"size-full\" \/><\/a><figcaption class=\"wp-caption-text\">Bal\u0131k \u0131zgaras\u0131<\/figcaption><\/figure>\n<figure class=\"wp-caption aligncenter\"><a href=\"https:\/\/photos.google.com\/share\/AF1QipOd4_ff8Ce-rFRD5VAZ5PwS1rs6HgXkenQH5GBfX2OY2028qVMKmdRUv5gqKFcZnQ\/photo\/AF1QipP3ostmpx0f4hmb1J8iTmw78Anes4i_pseKiLI?key=UmVKM0h5ZXc5QkQzWmNJS2hvNnBqXzBsc3N2NXhn\" target=\"_blank\"><img decoding=\"async\" src=\"https:\/\/lh3.googleusercontent.com\/pw\/AP1GczMjVq_LMm3EvSdz_BlslU_tD3qts-BmIX22LE801aprR6I8WlvUtsUFXYl4spwKDwnt59KpSzq8H4IWjrarGfEyhk8pQPO_KCNozq7a078velXJvl8yMozA7kXh0WfAgloyKh4x7QH9UVi3KA59oF4c=w2000-h1500-s-no-gm?authuser=0\" width=\"2000\" height=\"1500\" alt=\"Tatl\u0131: Ay\u00e7i\u00e7e\u011fi karpuzu\" class=\"size-full\" \/><\/a><figcaption class=\"wp-caption-text\">Tatl\u0131: Ay\u00e7i\u00e7e\u011fi karpuzu<\/figcaption><\/figure>\n<h3>Tost: Hokuryu Kasabas\u0131&#039;n\u0131n fahri sakini, Ryoji Kikura<\/h3>\n<figure class=\"wp-caption aligncenter\"><a href=\"https:\/\/photos.google.com\/share\/AF1QipOd4_ff8Ce-rFRD5VAZ5PwS1rs6HgXkenQH5GBfX2OY2028qVMKmdRUv5gqKFcZnQ\/photo\/AF1QipP3VgkSX8bZeEtFw0LKilK86qSiPZqNuRRVoQg?key=UmVKM0h5ZXc5QkQzWmNJS2hvNnBqXzBsc3N2NXhn\" target=\"_blank\"><img decoding=\"async\" src=\"https:\/\/lh3.googleusercontent.com\/pw\/AP1GczMiUxTOidkV6m4ec8C6wdtG2knYlt5coy1NzMKBKIIA4XOL-AM5d4Khqb6R8tm-lMKzP18iZlHLMIWhPpUslwE8D1gZwuksGd3h_poHW4XHzQxomTTZlID0uZ1hZGVqm3k0t8gQSOluY-T3KqIPs4zV=w2000-h1333-s-no-gm?authuser=0\" width=\"2000\" height=\"1333\" alt=\"Kadeh kald\u0131rma: Bay Ryoji Kikura, Hokuryu Kasabas\u0131 Onursal Vatanda\u015f\u0131\" class=\"size-full\" \/><\/a><figcaption class=\"wp-caption-text\">Kadeh kald\u0131rma: Bay Ryoji Kikura, Hokuryu Kasabas\u0131 Onursal Vatanda\u015f\u0131<\/figcaption><\/figure>\n<p>&quot;Bay ve Bayan Sano&#039;yu bu \u00f6d\u00fcl\u00fc ald\u0131klar\u0131 i\u00e7in tebrik ediyorum. Tomoko ve Bay Sano&#039;nun sa\u011fl\u0131kl\u0131 ve aktif kalmalar\u0131n\u0131 perde arkas\u0131nda desteklemenizin zor oldu\u011funu tahmin ediyorum. Bu f\u0131rsattan yararlanarak size minnettarl\u0131\u011f\u0131m\u0131 ifade etmek istiyorum.<\/p>\n<p>Bay Nagashima vefat etti\u011finde, &quot;An\u0131lar kay\u0131tlardan daha iyidir.&quot; s\u00f6zlerini b\u0131rakt\u0131. Bay Mori&#039;den beri belediye ba\u015fkanlar\u0131 taraf\u0131ndan bak\u0131l\u0131yorum, ancak haf\u0131zamda kalanlardan biri Bay Yutaka Sano. Bay Sano \u00e7e\u015fitli toplant\u0131lar\u0131 selamlad\u0131\u011f\u0131nda, her zaman &quot;Hokuryu Kasabas\u0131, g\u00fcne\u015fi kendine m\u00fcttefik edinmi\u015f bir kasabad\u0131r. Ay\u00e7i\u00e7eklerini ve atalar\u0131m\u0131z\u0131n b\u00fcy\u00fck emeklerle in\u015fa ettiklerini koruyaca\u011f\u0131z.&quot; derdi. Bu t\u00fcr bir his yoksa, a\u011fz\u0131n\u0131zdan \u00e7\u0131kmas\u0131 zor s\u00f6zlerdir bunlar.<\/p>\n<p>\u00d6zellikle Say\u0131n Sano&#039;ya, seleflerine \u015f\u00fckranlar\u0131n\u0131 sunarken &quot;\u00dcretici-T\u00fcketici Ortakl\u0131\u011f\u0131: Bir Ya\u015fam K\u00f6pr\u00fcs\u00fc&quot; ve &quot;T\u00fcketici-\u00dcretici Ortakl\u0131\u011f\u0131: Bir Ya\u015fam Ba\u011f\u0131&quot;na de\u011fer verdi\u011fi i\u00e7in \u015f\u00fckranlar\u0131m\u0131 sunmak isterim. Belediye Ba\u015fkan\u0131 Sano, her b\u00f6lgenin temsilci m\u00fcd\u00fcrleriyle birlikte, s\u00fct \u00e7ift\u00e7ili\u011fi ve tarla bitkilerinin yayg\u0131n oldu\u011fu do\u011fu Hokkaido&#039;dan Tokyo, Osaka, Nagoya, Kyushu, Okinawa ve Tayvan&#039;a giderek Hokuryu&#039;nun de\u011ferini anlatt\u0131. Belediye ba\u015fkan\u0131 olarak bunun benim i\u00e7in en \u00f6nemli unsur oldu\u011funa inan\u0131yorum.<\/p>\n<p>Belediye Ba\u015fkan\u0131 Morimoto, 28 y\u0131l boyunca yedi d\u00f6nem belediye ba\u015fkanl\u0131\u011f\u0131 yapmas\u0131yla hat\u0131rlan\u0131yor. \u0130kincisi, Goto Sanohachi ve Matsuwara Sakuzo&#039;nun iste\u011fi \u00fczerine Hokuryu Kasabas\u0131&#039;ndaki baraj\u0131 in\u015fa etti. \u0130kincisi, bir kayak merkezi geli\u015ftirme planlar\u0131ndan vazge\u00e7ti. Bu plan o d\u00f6nemde hayata ge\u00e7irilseydi, Hokuryu Kasabas\u0131 bug\u00fcn var olmazd\u0131. \u00dc\u00e7\u00fcnc\u00fcs\u00fc, 36 y\u0131l \u00f6nce tar\u0131m kooperatifi, tar\u0131m komitesi, Hokuryu Kasabas\u0131 ve arazi iyile\u015ftirme b\u00f6lgesi bir araya gelerek Belediye Ba\u015fkan\u0131 Morimoto, Hokuryu Kasabas\u0131&#039;n\u0131 &quot;vatanda\u015flar\u0131n\u0131n hayat\u0131n\u0131 ve sa\u011fl\u0131\u011f\u0131n\u0131 korumak i\u00e7in g\u00fcvenli g\u0131da \u00fcretimi yapan bir kasaba&quot; ilan etti. \u00dclkede ba\u015fka hi\u00e7bir kasaba b\u00f6yle bir beyanda bulunmad\u0131.<\/p>\n<p>Bay Sano, bu atalar\u0131n ruhunu ve Hokuryu&#039;nun gururunu olabildi\u011fince \u00e7ok insana aktarma konusunda her zaman g\u00fc\u00e7l\u00fc bir arzuya sahipti. Bay Goto Mitsuohachi&#039;nin \u015fu s\u00f6zlerini y\u00fczlerce kez \u00f6\u011frendim: &quot;\u00d6nemli mevkilerde stat\u00fc, \u015feref veya para aramay\u0131n.&quot; Bay Sano&#039;nun ger\u00e7ek bir lider olarak haf\u0131zamda sonsuza dek yer edece\u011finden eminim. Bay Sano hala gen\u00e7, bu y\u00fczden bu duyguyu olabildi\u011fince \u00e7ok kasaba halk\u0131na aktarmas\u0131n\u0131 istiyorum.<\/p>\n<p>Bay ve Bayan Sano&#039;yu tebrik ediyoruz! \u015eerefe!!!&quot; dedi Bay Kikura.<\/p>\n<figure class=\"wp-caption aligncenter\"><a href=\"https:\/\/photos.google.com\/share\/AF1QipOd4_ff8Ce-rFRD5VAZ5PwS1rs6HgXkenQH5GBfX2OY2028qVMKmdRUv5gqKFcZnQ\/photo\/AF1QipNLI5RJia30GxzB7UVsXLiV0TWXPz6WJa8N3sI?key=UmVKM0h5ZXc5QkQzWmNJS2hvNnBqXzBsc3N2NXhn\" target=\"_blank\"><img decoding=\"async\" src=\"https:\/\/lh3.googleusercontent.com\/pw\/AP1GczPxoO4Njg8-pD1e_HTL9S0_I8eZQNB3hPrs4U05kGCf3q61p8HrTy9PMjmfzTb1h-K1zqjRQnagQ8EYxyZLROdtJvlB8s-7iRWbOxo7_VTbCbntrglF7WyZGFAM5r2liHVxAnAnQFWWwyVaq_pGSIYl=w2000-h1333-s-no-gm?authuser=0\" width=\"2000\" height=\"1333\" alt=\"Bay ve Bayan Sano Yutaka&#039;y\u0131 tebrik ederiz! \u015eerefe!!!\" class=\"size-full\" \/><\/a><figcaption class=\"wp-caption-text\">Bay ve Bayan Sano Yutaka&#039;y\u0131 tebrik ederiz! \u015eerefe!!!<\/figcaption><\/figure>\n<h3>Kutlama<\/h3>\n<p>Etkinlik boyunca mekanda samimi bir atmosfer hakimdi, kat\u0131l\u0131mc\u0131lar g\u00fcl\u00fcmseyerek ve canl\u0131 bir sohbet e\u015fli\u011finde Say\u0131n Sano&#039;yu \u00f6d\u00fcl almas\u0131ndan dolay\u0131 y\u00fcrekten tebrik ettiler.    <\/p>\n<figure class=\"wp-caption aligncenter\"><a href=\"https:\/\/photos.google.com\/share\/AF1QipOd4_ff8Ce-rFRD5VAZ5PwS1rs6HgXkenQH5GBfX2OY2028qVMKmdRUv5gqKFcZnQ\/photo\/AF1QipPUiflaGAwWWPeSoDLmjEiofKuRySrdGgyHSrE?key=UmVKM0h5ZXc5QkQzWmNJS2hvNnBqXzBsc3N2NXhn\" target=\"_blank\"><img decoding=\"async\" src=\"https:\/\/lh3.googleusercontent.com\/pw\/AP1GczPz-Nt3OZLabQZJXS0_VSABew_7gyiBPA9XWwmo-t1BU-mW19bzEN-9jqlWBOtZIlnEGxL_98ug4KvdIYsvj30JWnHpSh-HtnDg9ZMzrye8EwASv2AH1qxq-QLc-tkPNuTPLBfGvg6UDNyAy-Yzg2yW=w2000-h1500-s-no-gm?authuser=0\" width=\"2000\" height=\"1500\" alt=\"\u00c7ok ba\u015far\u0131l\u0131 bir ziyafet\" class=\"size-full\" \/><\/a><figcaption class=\"wp-caption-text\">\u00c7ok ba\u015far\u0131l\u0131 bir ziyafet<\/figcaption><\/figure>\n<figure class=\"wp-caption aligncenter\"><a href=\"https:\/\/photos.google.com\/share\/AF1QipOd4_ff8Ce-rFRD5VAZ5PwS1rs6HgXkenQH5GBfX2OY2028qVMKmdRUv5gqKFcZnQ\/photo\/AF1QipPzcilo5CBj_i60izr-WxUSE7UYzGwixN0uYMU?key=UmVKM0h5ZXc5QkQzWmNJS2hvNnBqXzBsc3N2NXhn\" target=\"_blank\"><img decoding=\"async\" src=\"https:\/\/lh3.googleusercontent.com\/pw\/AP1GczN1Zb3DPk9xaPKcCDNpoY-TDuI92zv1BgunvoUIyJ6PgjDvL3UqmLkw7O_g7BGQbepkFBx5INJreoiuJVE8BtlsxrFzf3K36cMMTEBlfVoxwxuwqWjkLeiNt6m_Czwcc5PFZWqhFGrMFsn2c1czA5T2=w2000-h1500-s-no-gm?authuser=0\" width=\"2000\" height=\"1500\" alt=\"Uyumlu atmosfer\" class=\"size-full\" \/><\/a><figcaption class=\"wp-caption-text\">Uyumlu atmosfer<\/figcaption><\/figure>\n<figure class=\"wp-caption aligncenter\"><a href=\"https:\/\/photos.google.com\/share\/AF1QipOd4_ff8Ce-rFRD5VAZ5PwS1rs6HgXkenQH5GBfX2OY2028qVMKmdRUv5gqKFcZnQ\/photo\/AF1QipMALSQUDcOCdD_-1ygt0C6rkAfdq2JoRb4QkaU?key=UmVKM0h5ZXc5QkQzWmNJS2hvNnBqXzBsc3N2NXhn\" target=\"_blank\"><img decoding=\"async\" src=\"https:\/\/lh3.googleusercontent.com\/pw\/AP1GczP1SRm0tTvDWyxdvDZhFBFlomVYR-A-N38Q1pic95CSfLeIG2UByqI1Xq6RFeBBM09l7TWamv5dZltFbeWDxKc4QkvHR5xdZt1chfJNn2p_CTB5hNxUAxpnPih41JnskxwGBf8LSgFYBxMKKrDiX8XI=w2000-h1500-s-no-gm?authuser=0\" width=\"2000\" height=\"1500\" alt=\"Bar\u0131\u015f\u00e7\u0131l bir \u015fekilde\" class=\"size-full\" \/><\/a><figcaption class=\"wp-caption-text\">Bar\u0131\u015f\u00e7\u0131l bir \u015fekilde<\/figcaption><\/figure>\n<figure class=\"wp-caption aligncenter\"><a href=\"https:\/\/photos.google.com\/share\/AF1QipOd4_ff8Ce-rFRD5VAZ5PwS1rs6HgXkenQH5GBfX2OY2028qVMKmdRUv5gqKFcZnQ\/photo\/AF1QipP8q7g7ipvm9h7e4d51XglO0g1NnEq0oTf4BrQ?key=UmVKM0h5ZXc5QkQzWmNJS2hvNnBqXzBsc3N2NXhn\" target=\"_blank\"><img decoding=\"async\" src=\"https:\/\/lh3.googleusercontent.com\/pw\/AP1GczPElKe1Wh06mHwZAb-CIMfVMXvDjzKw5z24WTGQaFXrInMp8BcTZ61Sdg6_h-1c_SugAJ9ayZO6lnyDkWv6B61kKwuVFkYQ3fZFUy83lhEYu0PgH5BK1OAI3z7V-foSx7tP3xPqEbiGWk2gUYqpgVIy=w2000-h1500-s-no-gm?authuser=0\" width=\"2000\" height=\"1500\" alt=\"Bir g\u00fcl\u00fcmseme yay\u0131l\u0131yor\" class=\"size-full\" \/><\/a><figcaption class=\"wp-caption-text\">Bir g\u00fcl\u00fcmseme yay\u0131l\u0131yor<\/figcaption><\/figure>\n<figure class=\"wp-caption aligncenter\"><a href=\"https:\/\/photos.google.com\/share\/AF1QipOd4_ff8Ce-rFRD5VAZ5PwS1rs6HgXkenQH5GBfX2OY2028qVMKmdRUv5gqKFcZnQ\/photo\/AF1QipPhysd7ucGPxqEEbNLOFjJDbVsL0o4dltGJUPs?key=UmVKM0h5ZXc5QkQzWmNJS2hvNnBqXzBsc3N2NXhn\" target=\"_blank\"><img decoding=\"async\" src=\"https:\/\/lh3.googleusercontent.com\/pw\/AP1GczM0pTquUs2T4XU4jg9fGfeH9gbdJq0Wa9CBzWJQ-WzkJq60YDewhmXgtml4fm1fdrwsOK7SXOneVWPYxZ8Ko0Kioo96WfJ7lsku1giBV5OJBKTn27ZavDfLn2e0J7VK3pYQ7jUb-ZaOozOJnuezTeKp=w2000-h1500-s-no-gm?authuser=0\" width=\"2000\" height=\"1500\" alt=\"Sohbet canl\u0131yd\u0131\" class=\"size-full\" \/><\/a><figcaption class=\"wp-caption-text\">Sohbet canl\u0131yd\u0131<\/figcaption><\/figure>\n<figure class=\"wp-caption aligncenter\"><a href=\"https:\/\/photos.google.com\/share\/AF1QipOd4_ff8Ce-rFRD5VAZ5PwS1rs6HgXkenQH5GBfX2OY2028qVMKmdRUv5gqKFcZnQ\/photo\/AF1QipNS_-E4LCSkszZIVMRCFTbz6eY3kk5Yh2K9naE?key=UmVKM0h5ZXc5QkQzWmNJS2hvNnBqXzBsc3N2NXhn\" target=\"_blank\"><img decoding=\"async\" src=\"https:\/\/lh3.googleusercontent.com\/pw\/AP1GczORtgOG-falIJfPQKOIBZEbk69cuVWqEBNePJLjfHT5ot8pg17pVJS1xCDFH_uNFNpaF_TSXeccn7ct2h_W4Qf6Oc5bSxXAcnKGmDiEBH0_nI4jzwydRGEBVdjS63pHEg9lBlnGz-gayinJp_dADiV0=w2000-h1500-s-no-gm?authuser=0\" width=\"2000\" height=\"1500\" alt=\"Sakin bir tart\u0131\u015fman\u0131n ortas\u0131nda...\" class=\"size-full\" \/><\/a><figcaption class=\"wp-caption-text\">Sakin bir tart\u0131\u015fman\u0131n ortas\u0131nda...<\/figcaption><\/figure>\n<figure class=\"wp-caption aligncenter\"><a href=\"https:\/\/photos.google.com\/share\/AF1QipOd4_ff8Ce-rFRD5VAZ5PwS1rs6HgXkenQH5GBfX2OY2028qVMKmdRUv5gqKFcZnQ\/photo\/AF1QipPdKI9pspDX8CGzbtVc4SsLQA2nXFvmyoHB7AY?key=UmVKM0h5ZXc5QkQzWmNJS2hvNnBqXzBsc3N2NXhn\" target=\"_blank\"><img decoding=\"async\" src=\"https:\/\/lh3.googleusercontent.com\/pw\/AP1GczN0Cthu5uqAn6ZQFR9yEIV24vYa-KRSZIj4uIpgHRcjVONxRZ-6aO7tOj6O8KOCSOLwJHNbC9hiCaXse1T4Vb_lQKcDTnfE1C4JpyhmY4Pgzi_Mmm0kT8kZsJg6iRH317XIw7VgevYnbPR3PV4Avs4_=w2000-h1500-s-no-gm?authuser=0\" width=\"2000\" height=\"1500\" alt=\"G\u00fcl\u00fcmsemeler bol...\" class=\"size-full\" \/><\/a><figcaption class=\"wp-caption-text\">G\u00fcl\u00fcmsemeler bol...<\/figcaption><\/figure>\n<figure class=\"wp-caption aligncenter\"><a href=\"https:\/\/photos.google.com\/share\/AF1QipOd4_ff8Ce-rFRD5VAZ5PwS1rs6HgXkenQH5GBfX2OY2028qVMKmdRUv5gqKFcZnQ\/photo\/AF1QipM8tCJBcn3t2KgtLiQ1NqC16-DDVX0cdURc8Lw?key=UmVKM0h5ZXc5QkQzWmNJS2hvNnBqXzBsc3N2NXhn\" target=\"_blank\"><img decoding=\"async\" src=\"https:\/\/lh3.googleusercontent.com\/pw\/AP1GczP0IVbAZi8S-ZyO7uNada4gFnCXQ8Dz-E2wEqam67xSYcCFZNvXx4yxuRW6pFD8vHkuKeZOBmaSYRRf-Ui2UOyhg1nFHcalfAaTSV9L8It3VSrJcpv5kA_jT_7jWjz2onmMZcwVu9Axo76gb0jRdOl6=w2000-h1500-s-no-gm?authuser=0\" width=\"2000\" height=\"1500\" alt=\"Minnettarl\u0131kla!\" class=\"size-full\" \/><\/a><figcaption class=\"wp-caption-text\">Minnettarl\u0131kla!<\/figcaption><\/figure>\n<figure class=\"wp-caption aligncenter\"><a href=\"https:\/\/photos.google.com\/share\/AF1QipOd4_ff8Ce-rFRD5VAZ5PwS1rs6HgXkenQH5GBfX2OY2028qVMKmdRUv5gqKFcZnQ\/photo\/AF1QipPykDw4V6MmFzmVWAZV0xW5-Iu5IXVo-zqjyXE?key=UmVKM0h5ZXc5QkQzWmNJS2hvNnBqXzBsc3N2NXhn\" target=\"_blank\"><img decoding=\"async\" src=\"https:\/\/lh3.googleusercontent.com\/pw\/AP1GczO6nJ5QY3OTWVODf_P-7MVbvJVs_KVHRqMxUb5e9vanPTrDuxx3wf2Q4MzwKX5FpBFe4pQjOYRrrkjkFLLCU95m4QMKXeMa40dPeOTabP-obxHXA4zyKSSIdcl0P6cWbVJjjRo_ZxBjyOCI7FWP3XUT=w2000-h1500-s-no-gm?authuser=0\" width=\"2000\" height=\"1500\" alt=\"Aile bir araya geldi...\" class=\"size-full\" \/><\/a><figcaption class=\"wp-caption-text\">Aile bir araya geldi...<\/figcaption><\/figure>\n<figure class=\"wp-caption aligncenter\"><a href=\"https:\/\/photos.google.com\/share\/AF1QipOd4_ff8Ce-rFRD5VAZ5PwS1rs6HgXkenQH5GBfX2OY2028qVMKmdRUv5gqKFcZnQ\/photo\/AF1QipML6swdLVOIsuCC8sV0sOYCdXw57RLIWXm2Rbo?key=UmVKM0h5ZXc5QkQzWmNJS2hvNnBqXzBsc3N2NXhn\" target=\"_blank\"><img decoding=\"async\" src=\"https:\/\/lh3.googleusercontent.com\/pw\/AP1GczMGKLVckYej21ScaYEAau4F7Wiu4eqeXlXQHSNihGUmMeXqF1M7vzdrGHGO34rc_nmsI0W7SIcAqN29Nkz5ZXwdajUjAH-npe5-NliVbO3FjB9ICPKGkedNeY6IGdo6nYtDpgjjLgbAwjV5y339Zl_Y=w2000-h1500-s-no-gm?authuser=0\" width=\"2000\" height=\"1500\" alt=\"T\u00fcm belediye personeli\" class=\"size-full\" \/><\/a><figcaption class=\"wp-caption-text\">T\u00fcm belediye personeli<\/figcaption><\/figure>\n<h3>\u00dc\u00e7 alk\u0131\u015f: Hokuryu Arazi Geli\u015ftirme B\u00f6lgesi Ba\u015fkan\u0131 Junichi Fukase<\/h3>\n<figure class=\"wp-caption aligncenter\"><a href=\"https:\/\/photos.google.com\/share\/AF1QipOd4_ff8Ce-rFRD5VAZ5PwS1rs6HgXkenQH5GBfX2OY2028qVMKmdRUv5gqKFcZnQ\/photo\/AF1QipMC96WqdkV_oeF4IN9RQQVCaS-l3mAL6JYnhis?key=UmVKM0h5ZXc5QkQzWmNJS2hvNnBqXzBsc3N2NXhn\" target=\"_blank\"><img decoding=\"async\" src=\"https:\/\/lh3.googleusercontent.com\/pw\/AP1GczP3YuxTtfccVsXORkNAJIwXU573Dt30q_n9OW_PDFdA-Fn8Hf1CtRvmV6GZfTpbVrOCDfa4PDFvTzcvwyfjULKpoXSV-TPDYR9xsjgjwcyJE-0c1Pr2pQqf9zlaIFco55iErN4jn0wlT-W_VBG0I8Ng=w2000-h1125-s-no-gm?authuser=0\" width=\"2000\" height=\"1125\" alt=\"\u00dc\u00e7 alk\u0131\u015f: Hokuryu Arazi Geli\u015ftirme B\u00f6lgesi Ba\u015fkan\u0131 Junichi Fukase\" class=\"size-full\" \/><\/a><figcaption class=\"wp-caption-text\">\u00dc\u00e7 alk\u0131\u015f: Hokuryu Arazi Geli\u015ftirme B\u00f6lgesi Ba\u015fkan\u0131 Junichi Fukase<\/figcaption><\/figure>\n<p>&quot;Belediye Ba\u015fkan\u0131 Sano bana hep &#039;Jun-chan, Jun-chan&#039; derdi ve bu nezaketinden dolay\u0131 ona minnettard\u0131m. \u00d6zel olan tek ki\u015finin ben oldu\u011fumu san\u0131yordum ama Belediye Ba\u015fkan\u0131 Sasaki&#039;nin az \u00f6nce s\u00f6ylediklerini duyduktan sonra herkese ilk ad\u0131yla hitap etti\u011fini duydum ve biraz hayal k\u0131r\u0131kl\u0131\u011f\u0131na u\u011frad\u0131m (g\u00fcl\u00fcyor).<\/p>\n<p>Bizi en \u00e7ok mutlu edecek \u015fey, Bay Sano&#039;nun sevdi\u011fi i\u015fi yap\u0131p hayat\u0131n\u0131n geri kalan\u0131n\u0131n tad\u0131n\u0131 \u00e7\u0131karabilmesi. Onun ger\u00e7ekten e\u011flenmesini istiyoruz ve e\u015finin de her t\u00fcrl\u00fc \u015feyi yapmaktan keyif almas\u0131n\u0131 umuyoruz.<\/p>\n<p>Etkinli\u011fi \u00fc\u00e7 tezah\u00fcratla bitirmek istiyorum: &quot;Ya\u015fas\u0131n! Ya\u015fas\u0131n! Ya\u015fas\u0131n!&quot; Sano ailesinin refah\u0131n\u0131n devam etmesi ve kat\u0131lan herkesin mutlulu\u011fu i\u00e7in dua ediyorum.<\/p>\n<figure class=\"wp-caption aligncenter\"><a href=\"https:\/\/photos.google.com\/share\/AF1QipOd4_ff8Ce-rFRD5VAZ5PwS1rs6HgXkenQH5GBfX2OY2028qVMKmdRUv5gqKFcZnQ\/photo\/AF1QipMpupNt4VXmkMvzmBeLZsZbq3vtz5tX7cztsxU?key=UmVKM0h5ZXc5QkQzWmNJS2hvNnBqXzBsc3N2NXhn\" target=\"_blank\"><img decoding=\"async\" src=\"https:\/\/lh3.googleusercontent.com\/pw\/AP1GczMTGwyDtI62xWd_W1n0Rh5mBpSiaRHX77ThzoY1nCR6ZrPiT4jT80avL6mvmhMM0FMWL_DxMnOE-Orm8mKHYWGovCjxw6lxfdwhps7rqm1oWdKh0VxD08pg9sdNhTjdeb0vKiMNWkVB0PcCgq6XKnWq=w2000-h1125-s-no-gm?authuser=0\" width=\"2000\" height=\"1125\" alt=\"\u00dc\u00e7 kere alk\u0131\u015f! ! !\" class=\"size-full\" \/><\/a><figcaption class=\"wp-caption-text\">\u00dc\u00e7 kere alk\u0131\u015f! ! !<\/figcaption><\/figure>\n<figure class=\"wp-caption aligncenter\"><a href=\"https:\/\/photos.google.com\/share\/AF1QipOd4_ff8Ce-rFRD5VAZ5PwS1rs6HgXkenQH5GBfX2OY2028qVMKmdRUv5gqKFcZnQ\/photo\/AF1QipPhzcN9gmTlCjhaiFMwMW8M8ny45de5o4vyiXI?key=UmVKM0h5ZXc5QkQzWmNJS2hvNnBqXzBsc3N2NXhn\" target=\"_blank\"><img decoding=\"async\" src=\"https:\/\/lh3.googleusercontent.com\/pw\/AP1GczMhs6d2kehG_uDK7ke7nNFmoURUVW1nHuV7yTYxrQTShkJn_niaEZBIw_Shn-uENf2ajXw5VhRsnrHclI06asvdXqiZEvvp9Ug-nEOQbrmlczZ5cItUfJu-zCMp7R_ynRPvBCHFZNkF9tE0m7ECCKWj=w2000-h1125-s-no-gm?authuser=0\" width=\"2000\" height=\"1125\" alt=\"Hayat\u0131n tad\u0131n\u0131 \u00e7\u0131kar\u0131n!\" class=\"size-full\" \/><\/a><figcaption class=\"wp-caption-text\">Hayat\u0131n tad\u0131n\u0131 \u00e7\u0131kar\u0131n!<\/figcaption><\/figure>\n<h2>Veda ve kapan\u0131\u015f<\/h2>\n<p>Kutlaman\u0131n sonunda Bay ve Bayan Sano her bir kat\u0131l\u0131mc\u0131y\u0131 u\u011furlayarak onlara te\u015fekk\u00fcrlerini sundular.    <\/p>\n<figure class=\"wp-caption aligncenter\"><a href=\"https:\/\/photos.google.com\/share\/AF1QipOd4_ff8Ce-rFRD5VAZ5PwS1rs6HgXkenQH5GBfX2OY2028qVMKmdRUv5gqKFcZnQ\/photo\/AF1QipNUF6aJ9Cfd2dHZcU4lE7V-RTSfRYTLyNbF0Rc?key=UmVKM0h5ZXc5QkQzWmNJS2hvNnBqXzBsc3N2NXhn\" target=\"_blank\"><img decoding=\"async\" src=\"https:\/\/lh3.googleusercontent.com\/pw\/AP1GczN0aGorAlsCAH6_-i5BgPT0OjaQz43hpU_ZZm4qVb76wX5eMtTY2vuaSeDCaklW12NkJFbFPE27Qk0afnvry1_9D0hlfduDk0obeQn1zXrx45ZrkZuk87KGBb4XRhq_wlvNe_06Z9TKOu-54y19wJZH=w2000-h1125-s-no-gm?authuser=0\" width=\"2000\" height=\"1125\" alt=\"\u00c7ok te\u015fekk\u00fcr ederim...\" class=\"size-full\" \/><\/a><figcaption class=\"wp-caption-text\">\u00c7ok te\u015fekk\u00fcr ederim...<\/figcaption><\/figure>\n<figure class=\"wp-caption aligncenter\"><a href=\"https:\/\/photos.google.com\/share\/AF1QipOd4_ff8Ce-rFRD5VAZ5PwS1rs6HgXkenQH5GBfX2OY2028qVMKmdRUv5gqKFcZnQ\/photo\/AF1QipMx5le_f3D6VVPT-SLBaH6FGTezIuxvkSLTO8U?key=UmVKM0h5ZXc5QkQzWmNJS2hvNnBqXzBsc3N2NXhn\" target=\"_blank\"><img decoding=\"async\" src=\"https:\/\/lh3.googleusercontent.com\/pw\/AP1GczP9LS0Vg-mePLh5741PTveZZfRkdNQRHSIe8sUof-NN4cLoUQBNe-pvftjFJY5icDJ2b5y_JYOHG0gf5HRlkP84Xn3LdC2RDG-Oo0ljhQiKU0kKUK94a7ljZX_ZDmAynPwKGNReXP79vs7BNQBZe4N7=w2000-h1125-s-no-gm?authuser=0\" width=\"2000\" height=\"1125\" alt=\"Veda selamlar\u0131\" class=\"size-full\" \/><\/a><figcaption class=\"wp-caption-text\">Veda selamlar\u0131<\/figcaption><\/figure>\n<figure class=\"wp-caption aligncenter\"><a href=\"https:\/\/photos.google.com\/share\/AF1QipOd4_ff8Ce-rFRD5VAZ5PwS1rs6HgXkenQH5GBfX2OY2028qVMKmdRUv5gqKFcZnQ\/photo\/AF1QipM8IRK970Rp0N0TyKV8Iog-iZ_AsGgumExSnNg?key=UmVKM0h5ZXc5QkQzWmNJS2hvNnBqXzBsc3N2NXhn\" target=\"_blank\"><img decoding=\"async\" src=\"https:\/\/lh3.googleusercontent.com\/pw\/AP1GczPIpHCm2HJZTU2ytWo9xb7zPH3kjlM57_iKYtq8semvo1VLgntGgmY8PeVOkm5qqd4-K4HKC4Yl0UNku-GQnfzx70Hdrmb0vws_It07v1ncsFZbJvOoKc5HpYy5WFZtefQoWkzBMP7PQmkSBOpxpKPh=w2000-h1500-s-no-gm?authuser=0\" width=\"2000\" height=\"1500\" alt=\"B\u00fct\u00fcn kalbimle...\" class=\"size-full\" \/><\/a><figcaption class=\"wp-caption-text\">B\u00fct\u00fcn kalbimle...<\/figcaption><\/figure>\n<p>Bu, Majesteleri \u0130mparator taraf\u0131ndan, onun uzun y\u0131llar boyunca g\u00f6sterdi\u011fi \u00fcst\u00fcn ba\u015far\u0131 ve katk\u0131lar\u0131ndan dolay\u0131 kendisine verilen onursal bir madalyad\u0131r!<br \/>\nS\u0131n\u0131rs\u0131z sayg\u0131, minnet ve dualar\u0131m\u0131zla Yutaka ve Tomoko Sano&#039;yu \u015fanl\u0131 ve \u015ferefli Y\u00fckselen G\u00fcne\u015f, Alt\u0131n ve G\u00fcm\u00fc\u015f I\u015f\u0131nlar Ni\u015fan\u0131&#039;n\u0131 almalar\u0131ndan dolay\u0131 kutluyoruz.<\/p>\n<figure class=\"wp-caption aligncenter\"><a href=\"https:\/\/photos.google.com\/share\/AF1QipOd4_ff8Ce-rFRD5VAZ5PwS1rs6HgXkenQH5GBfX2OY2028qVMKmdRUv5gqKFcZnQ\/photo\/AF1QipMEhp3pjRt5WAQbqGrWHFEZEPzBvI2ZW2CwkVg?key=UmVKM0h5ZXc5QkQzWmNJS2hvNnBqXzBsc3N2NXhn\" target=\"_blank\"><img decoding=\"async\" src=\"https:\/\/lh3.googleusercontent.com\/pw\/AP1GczN52iOPGhSUbEbav8YGv7FOOJqksIFDgLGGv4ZewK6WnL_mhnX0cS0EqN5q4CzQnlBGimw0UtkSxVPylVbuXfyZ42tPi76pr0NUWWo_QNX7sf_kYHkP1HxhfUcHoFrHtBKvQXO5n78aXeDpyofRtyaQ=w2000-h1500-s-no-gm?authuser=0\" width=\"2000\" height=\"1500\" alt=\"Anma hediyeleri\" class=\"size-full\" \/><\/a><figcaption class=\"wp-caption-text\">Anma hediyeleri<\/figcaption><\/figure>\n<figure class=\"wp-caption aligncenter\"><a href=\"https:\/\/photos.google.com\/share\/AF1QipOd4_ff8Ce-rFRD5VAZ5PwS1rs6HgXkenQH5GBfX2OY2028qVMKmdRUv5gqKFcZnQ\/photo\/AF1QipP-QjhSgb1ItRwCMA-cTOGeaLPRMtN-FGG7hWc?key=UmVKM0h5ZXc5QkQzWmNJS2hvNnBqXzBsc3N2NXhn\" target=\"_blank\"><img decoding=\"async\" src=\"https:\/\/lh3.googleusercontent.com\/pw\/AP1GczPNT4jD5p9DK5bwI2RPDeE6KXg_oFwRragmm1DRPjiOo8gvajAoLDyRTV2sL99NH-PKQpibjPz2DDt3o8OuJVH6IXPNUGKobPo6qiV-bVl8TVtd58H0HlC89C4MiQPWc5-2i5s1jBVXnokoM5KcMPjX=w2000-h1500-s-no-gm?authuser=0\" width=\"2000\" height=\"1500\" alt=\"Ailenin hat\u0131ra foto\u011fraf\u0131\" class=\"size-full\" \/><\/a><figcaption class=\"wp-caption-text\">Ailenin hat\u0131ra foto\u011fraf\u0131<\/figcaption><\/figure>\n<figure class=\"wp-caption aligncenter\"><a href=\"https:\/\/photos.google.com\/share\/AF1QipOd4_ff8Ce-rFRD5VAZ5PwS1rs6HgXkenQH5GBfX2OY2028qVMKmdRUv5gqKFcZnQ\/photo\/AF1QipO_StRGgpwd-nCA2_Nnrks29ktvnXrQRqzrf24?key=UmVKM0h5ZXc5QkQzWmNJS2hvNnBqXzBsc3N2NXhn\" target=\"_blank\"><img decoding=\"async\" src=\"https:\/\/lh3.googleusercontent.com\/pw\/AP1GczMOpxk3uKG0jWOySDEgFHtJV2Smt8rbaJgP6TR-IrpgWbmlPjkacgm-b0SRYBffox5waEAduV7n84SmHDBfzybyr8s9PeBeW04OvW8ix6dpRi17I5vNie7sJgqgsBKGU0NPC6fxql9TjlIX1w8ZVdVy=w2000-h1500-s-no-gm?authuser=0\" width=\"2000\" height=\"1500\" alt=\"Bu \u00f6d\u00fcl\u00fc ald\u0131\u011f\u0131n\u0131z i\u00e7in y\u00fcrekten tebriklerimizi sunmak istiyoruz!\" class=\"size-full\" \/><\/a><figcaption class=\"wp-caption-text\">Bu \u00f6d\u00fcl\u00fc ald\u0131\u011f\u0131n\u0131z i\u00e7in y\u00fcrekten tebriklerimizi sunmak istiyoruz!<\/figcaption><\/figure>\n<h2>Yutaka Sano - Tarih<\/h2>\n<h4>Do\u011fum tarihi: Nisan 1951<\/h4>\n<h4>E\u011fitim<\/h4>\n<p>31 Mart 1970&#039;te Hokkaido&#039;daki Numata Lisesi&#039;nden mezun oldu<\/p>\n<h4>Se\u00e7ilmi\u015f ofis ge\u00e7mi\u015fi<\/h4>\n<ul>\n<li>22 \u015eubat 2012 - 21 \u015eubat 2016 Hokuryu Kasabas\u0131 Belediye Ba\u015fkan\u0131<\/li>\n<li>22 \u015eubat 2016 - 21 \u015eubat 2020 Hokuryu Kasabas\u0131 Belediye Ba\u015fkan\u0131<\/li>\n<li>22 \u015eubat 2020 - 21 \u015eubat 2020 Hokuryu Kasabas\u0131 Belediye Ba\u015fkan\u0131<\/li>\n<\/ul>\n<h4>Kamu hizmeti kariyeri<\/h4>\n<ul>\n<li>1 Nisan 1970: Hokuryu Belediye Binas\u0131&#039;nda \u00e7al\u0131\u015fmaya ba\u015flad\u0131<\/li>\n<li>1 Nisan 1970 - 31 Mart 1974 Hokuryu Kasabas\u0131 Sanayi B\u00f6l\u00fcm\u00fc, Tar\u0131m Politikas\u0131 B\u00f6l\u00fcm\u00fc<\/li>\n<li>1 Nisan 1974 - 31 Mart 1977 Hokuryu Kasabas\u0131 \u0130n\u015faat B\u00f6l\u00fcm\u00fc, Ormanc\u0131l\u0131k B\u00f6l\u00fcm\u00fc<\/li>\n<li>1 Nisan 1977 - 10 Nisan 1983 Hokuryu Kasaba E\u011fitim Kurulu Sosyal E\u011fitim B\u00f6l\u00fcm\u00fc<\/li>\n<li>11 Nisan 1983 - 30 Nisan 1987 Hokuryu Kasabas\u0131 Tar\u0131m, Sanayi B\u00f6l\u00fcm\u00fc \u015eefi<\/li>\n<li>1 May\u0131s 1987 - 31 Mart 1992 Hokuryu Kasabas\u0131 Genel \u0130\u015fler B\u00f6l\u00fcm\u00fc Maliye B\u00f6l\u00fcm\u00fc \u015eefi ve Trafik G\u00fcvenli\u011fi B\u00f6l\u00fcm\u00fc \u015eefi<\/li>\n<li>1 Nisan 1992 - 30 Eyl\u00fcl 1996 Hokuryu Kasabas\u0131 Genel \u0130\u015fler ve Vergi Dairesi Ba\u015fkan\u0131<\/li>\n<li>1 Ekim 1996 - 31 Mart 1998 Planlama B\u00f6l\u00fcm\u00fc Yard\u0131mc\u0131 M\u00fcd\u00fcr\u00fc ve Planlama B\u00f6l\u00fcm\u00fc \u015eefi, Hokuryu Kasabas\u0131<\/li>\n<li>1 Nisan 1998 - 30 Haziran 1999 Hokuryu Kasabas\u0131 Planlama ve Finans B\u00f6l\u00fcm\u00fc Yard\u0131mc\u0131 M\u00fcd\u00fcr\u00fc<\/li>\n<li>1 Temmuz 1999 - 31 Mart 2001 Hokuryu Kasabas\u0131 Planlama ve Finans B\u00f6l\u00fcm\u00fc Ba\u015fkan\u0131<\/li>\n<li>1 Nisan 2001 - 30 Haziran 2003 Hokuryu Kasabas\u0131 Tar\u0131m Politikas\u0131 B\u00f6l\u00fcm Ba\u015fkan\u0131<\/li>\n<li>1 Temmuz 2003 - 28 \u015eubat 2004 Hokuryu Kasabas\u0131 Sanayi B\u00f6l\u00fcm \u015eefi<\/li>\n<li>1 Mart 2004 - 31 Mart 2007 Hokuryu Kasabas\u0131 Belediye Ba\u015fkan Yard\u0131mc\u0131s\u0131<\/li>\n<li>1 Nisan 2007 - 28 \u015eubat 2008 Hokuryu Kasabas\u0131 Belediye Ba\u015fkan Yard\u0131mc\u0131s\u0131<\/li>\n<li>1 Mart 2008 - 15 Aral\u0131k 2011 Hokuryu Kasabas\u0131 Belediye Ba\u015fkan Yard\u0131mc\u0131s\u0131<\/li>\n<\/ul>\n<h4>Kurulu\u015f Tarih\u00e7esi<\/h4>\n<ul>\n<li>26 A\u011fustos 2015 - 21 \u015eubat 2024 Kita Sorachi Sa\u011fl\u0131k, T\u0131p ve Refah Alan\u0131 \u0130\u015fbirli\u011fi Geli\u015ftirme Konseyi \u00dcyesi<\/li>\n<li>22 \u015eubat 2012 - 21 \u015eubat 2024 Ishikari Nehri Ta\u015fk\u0131n Kontrol\u00fc Tan\u0131t\u0131m Derne\u011fi \u00dcyesi<\/li>\n<li>22 \u015eubat 2012 - 31 Mart 2020 Fukagawa B\u00f6lge \u0130tfaiye Birli\u011fi Meclisi \u00dcyesi<\/li>\n<li>1 Nisan 2020 - 21 \u015eubat 2020 Fukagawa B\u00f6lge \u0130tfaiye Birli\u011fi M\u00fcd\u00fcr Yard\u0131mc\u0131s\u0131<\/li>\n<li>22 \u015eubat 2012 - 31 Mart 2019 Kita Sorachi Sa\u011fl\u0131k Merkezi Derne\u011fi \u00dcyesi<\/li>\n<li>1 Nisan 2019 - 21 \u015eubat 2024 Kita Sorachi Sa\u011fl\u0131k Merkezi Derne\u011fi Ba\u015fkan Yard\u0131mc\u0131s\u0131<\/li>\n<li>22 \u015eubat 2020 - 21 \u015eubat 2020 Kitasorachi Sanitasyon Tesisleri Derne\u011fi \u00dcyesi<\/li>\n<li>22 \u015eubat 2012 - 21 \u015eubat 2020 Kitasorachi Su Temin \u015eirketi M\u00fcd\u00fcr Yard\u0131mc\u0131s\u0131<\/li>\n<li>19 Mart 2013 - 21 \u015eubat 2024 Kita Sorachi B\u00f6lge Okul \u00d6\u011fle Yeme\u011fi Derne\u011fi Ba\u015fkan Yard\u0131mc\u0131s\u0131<\/li>\n<li>22 Mart 2018 - 16 Haziran 2019 Kitasorachi B\u00f6lgesel Kalk\u0131nma Konseyi Denetim Komitesi \u00dcyesi<\/li>\n<li>17 Haziran 2020 - 21 \u015eubat 2020 Kuzey Sorachi B\u00f6lgesi Tan\u0131t\u0131m Konseyi Ba\u015fkan\u0131 Temsilcisi<\/li>\n<li>22 \u015eubat 2012 - 21 \u015eubat 2024 Sorachi E\u011fitim Merkezi Derne\u011fi Konseyi \u00dcyesi<\/li>\n<li>22 \u015eubat 2012 - 21 \u015eubat 2024 Chu-Kita Sorachi At\u0131k Y\u00f6netimi B\u00f6lge Derne\u011fi Ba\u015fkan Yard\u0131mc\u0131s\u0131<\/li>\n<li>14 Haziran 2019 - 13 Ekim 2020 Hokkaido Ulusal Sa\u011fl\u0131k Sigortas\u0131 Birli\u011fi Sorachi B\u00f6lge \u015eubesi Denet\u00e7isi<\/li>\n<li>11 May\u0131s 2012 - 6 Haziran 2019 Hokkaido Ulusal Sa\u011fl\u0131k Sigortas\u0131 Birli\u011fi Sorachi B\u00f6lge \u015eubesi Denet\u00e7isi<\/li>\n<li>7 Haziran 2019 - 13 Ekim 2020 Hokkaido Ulusal Sa\u011fl\u0131k Sigortas\u0131 Derne\u011fi Sorachi B\u00f6lge \u015eubesi Ba\u015fkan Yard\u0131mc\u0131s\u0131<\/li>\n<li>14 Ekim 2020 - 21 \u015eubat 2024 Hokkaido Ulusal Sa\u011fl\u0131k Sigortas\u0131 Birli\u011fi Sorachi B\u00f6lge \u015eubesi Ba\u015fkan\u0131<\/li>\n<li>21 Haziran 2020 - 21 \u015eubat 2020 Hokkaido Ulusal Sa\u011fl\u0131k Sigortas\u0131 Derne\u011fi Direkt\u00f6r\u00fc<\/li>\n<li>17 Ocak 2018 - 21 \u015eubat 2020 Hokkaido Ta\u015fk\u0131n Kontrol\u00fc ve Sabo Sahili Projesi Tan\u0131t\u0131m \u0130ttifak\u0131 Meclis \u00dcyesi<\/li>\n<li>1 Haziran 2015 - 21 \u015eubat 2020 Hokkaido Su Kayna\u011f\u0131 Orman A\u011fa\u00e7land\u0131rma Konseyi Direkt\u00f6r\u00fc<\/li>\n<li>30 May\u0131s 2020 - 21 \u015eubat 2020 Hokkaido Su Kayna\u011f\u0131 Ormanc\u0131l\u0131k Konseyi Ba\u015fkan\u0131<\/li>\n<li>26 \u015eubat 2021 - 21 \u015eubat 2020 Hokkaido Arazi Geli\u015ftirme \u0130\u015fletme Dernekleri Federasyonu Sorachi \u015eubesi M\u00fcd\u00fcr Yard\u0131mc\u0131s\u0131<\/li>\n<li>30 Haziran 2022 - 21 \u015eubat 2024 Hokkaido Arazi Geli\u015ftirme Derne\u011fi Hokkaido Japon Do\u011frudan \u00d6deme Te\u015fvik Konseyi G\u00f6revlisi<\/li>\n<li>24 Mart 2021 - 21 \u015eubat 2020 Hokkaido Arazi Geli\u015ftirme \u0130\u015fletmeleri Federasyonu Direkt\u00f6r\u00fc<\/li>\n<li>17 Haziran 2021 - 21 \u015eubat 2020 Daimi \u0130sti\u015fare Komitesi \u00dcyesi, Hokkaido Tar\u0131m Konseyi, Genel Dernek<\/li>\n<li>17 Haziran 2021 - 21 \u015eubat 2020 Hokkaido Tar\u0131m Konseyi Direkt\u00f6r\u00fc, Genel \u015eirketler Birli\u011fi<\/li>\n<li>1 Temmuz 2020 - 21 \u015eubat 2024 Hokkaido Tar\u0131m Kamu Kurumu \u0130nsan Kaynaklar\u0131 Geli\u015ftirme Komitesi \u00dcyesi<\/li>\n<li>7 Eyl\u00fcl 2020 - 21 \u015eubat 2020 Hokkaido Tar\u0131m \u015eirketi Y\u00f6netici Tazminat Konseyi \u00dcyesi<\/li>\n<li>25 Haziran 2020 - 21 \u015eubat 2020 Hokkaido Tar\u0131m \u015eirketi Direkt\u00f6r\u00fc<\/li>\n<li>30 Haziran 2019 - 23 \u015eubat 2021 Sorachi B\u00f6lgesel Kapsaml\u0131 Kalk\u0131nma Derne\u011fi Direkt\u00f6r\u00fc<\/li>\n<li>24 \u015eubat 2021 - 21 \u015eubat 2024 Sorachi B\u00f6lgesel Kapsaml\u0131 Kalk\u0131nma Derne\u011fi Ba\u015fkan Yard\u0131mc\u0131s\u0131<\/li>\n<li>12 May\u0131s 2019 - 21 A\u011fustos 2020 Sorachi Kasaba ve K\u00f6y Konseyi Denet\u00e7isi<\/li>\n<li>22 A\u011fustos 2020 - 8 \u015eubat 2024 Sorachi Kasaba ve K\u00f6y Derne\u011fi Ba\u015fkan\u0131<\/li>\n<li>22 May\u0131s 2019 - 31 Ocak 2020 Hokkaido Belediye Fonu Derne\u011fi Denetim Komitesi \u00dcyesi<\/li>\n<li>26 Temmuz 2020 - 31 Ocak 2020 Hokkaido Belediyesi Notlar\u0131 Fon Y\u00f6netim Komitesi, Fon Kooperatifi<\/li>\n<li>22 May\u0131s 2019 - 31 Ocak 2022 Hokkaido Belediye Fonu Derne\u011fi Konseyi \u00dcyesi<\/li>\n<li>14 Aral\u0131k 2020 - 30 Kas\u0131m 2022 Hokkaido Belediye \u00c7al\u0131\u015fanlar\u0131 Refah Derne\u011fi Konsey \u00dcyesi<\/li>\n<li>8 Ekim 2020 - 30 Kas\u0131m 2022 Hokkaido Belediye \u00c7al\u0131\u015fanlar\u0131 Kar\u015f\u0131l\u0131kl\u0131 Yard\u0131mla\u015fma Derne\u011fi K\u0131sa D\u00f6nemli Refah ve Refah \u0130\u015fletmesi Y\u00f6netim Komitesi<\/li>\n<li>8 Ekim 2020 - 30 Kas\u0131m 2020 Hokkaido Belediye \u00c7al\u0131\u015fanlar\u0131 Kar\u015f\u0131l\u0131kl\u0131 Yard\u0131mla\u015fma Derne\u011fi \u00dcyesi<\/li>\n<li>22 A\u011fustos 2020 - 21 \u015eubat 2024 Hokkaido Belediye Genel \u0130\u015fleri Birli\u011fi Konseyi \u00dcyesi<\/li>\n<li>12 Haziran 2023 - 21 \u015eubat 2024 Hokkaido Belediye Genel \u0130\u015fleri Derne\u011fi Denetim Komitesi \u00dcyesi<\/li>\n<li>22 A\u011fustos 2020 - 21 \u015eubat 2020 Hokkaido \u0130dari Derne\u011fi Direkt\u00f6r\u00fc<\/li>\n<li>26 \u015eubat 2014 - 21 \u015eubat 2020 Hokkaido Ulusal Arazi Ara\u015ft\u0131rmas\u0131 Tan\u0131t\u0131m Konseyi Direkt\u00f6r\u00fc<\/li>\n<li>27 May\u0131s 2019 - 14 Eyl\u00fcl 2020 Hokkaido Belediye Kalk\u0131nma Vakf\u0131 Konsey \u00dcyesi<\/li>\n<li>15 Eyl\u00fcl 2020 - 21 \u015eubat 2024 Hokkaido Belediye Kalk\u0131nma Vakf\u0131 Direkt\u00f6r\u00fc<\/li>\n<li>23 May\u0131s 2020 - 28 Eyl\u00fcl 2020 Hokkaido Kasaba ve K\u00f6y Derne\u011fi Tar\u0131m, Ormanc\u0131l\u0131k ve Bal\u0131k\u00e7\u0131l\u0131k Daimi Komitesi \u00dcyesi<\/li>\n<li>22 Nisan 2021 - 30 May\u0131s 2020 Hokkaido Kasaba ve K\u00f6y Derne\u011fi Tar\u0131m, Ormanc\u0131l\u0131k ve Bal\u0131k\u00e7\u0131l\u0131k Daimi Komitesi Ba\u015fkan Yard\u0131mc\u0131s\u0131<\/li>\n<li>1 Nisan 2022 - 21 \u015eubat 2024 Hokkaido Kasaba ve K\u00f6y Derne\u011fi Kasaba ve K\u00f6y Y\u00fck\u00fcml\u00fcl\u00fck Komitesi \u00dcyesi<\/li>\n<li>10 May\u0131s 2020 - 21 \u015eubat 2020 Hokkaido Kasaba ve K\u00f6y Derne\u011fi Direkt\u00f6r\u00fc<\/li>\n<li>29 Eyl\u00fcl 2020 - 22 Nisan 2022 Hokkaido Kasaba ve K\u00f6y Derne\u011fi Ba\u015fkan Yard\u0131mc\u0131s\u0131<\/li>\n<li>31 May\u0131s 2023 - 21 \u015eubat 2024 Hokkaido Kasaba ve K\u00f6y Derne\u011fi Ba\u015fkan Yard\u0131mc\u0131s\u0131<\/li>\n<\/ul>\n<h4>\u00f6d\u00fcl ve ceza<\/h4>\n<ul>\n<li>28 Ocak 1981: Yerel Y\u00f6netime \u00dcst\u00fcn Katk\u0131lar\u0131ndan Dolay\u0131 Ulusal Kasaba ve K\u00f6yler Birli\u011fi \u00d6d\u00fcl\u00fc (Kasaba ve K\u00f6y Belediye Ba\u015fkan\u0131)<\/li>\n<li>28 Mart 2024: Hokkaido Arazi Geli\u015ftirme Derne\u011fi \u00d6zel Ba\u015far\u0131 \u00d6d\u00fcl\u00fc<\/li>\n<li>17 May\u0131s 2024 Hokuryu Kasabas\u0131 Genel Belediye Liyakat \u00d6d\u00fcl\u00fc<\/li>\n<li>17 Aral\u0131k 2024 Hokkaido Sosyal Katk\u0131 \u00d6d\u00fcl\u00fc (Belediye Liyakat \u00d6d\u00fcl\u00fc)<\/li>\n<\/ul>\n<h2>Youtube videolar\u0131<\/h2>\n<div class=\"youtube\"><iframe title=\"[Duygusal ve minnettar bir kutlama] Eski Hokuryu Belediye Ba\u015fkan\u0131 Yutaka Sano, Y\u00fckselen G\u00fcne\u015f, Alt\u0131n ve G\u00fcm\u00fc\u015f I\u015f\u0131nlar Ni\u015fan\u0131&#039;n\u0131 almas\u0131n\u0131 kutluyor\" src=\"https:\/\/www.youtube.com\/embed\/XJqBb7Q8rCI?feature=oembed\" frameborder=\"0\" allow=\"accelerometer; autoplay; clipboard-write; encrypted-media; gyroscope; picture-in-picture; web-share\" referrerpolicy=\"strict-origin-when-cross-origin\" allowfullscreen><\/iframe><\/div>\n<h2>Di\u011fer foto\u011fraflar<\/h2>\n<div class=\"img-move\"><img decoding=\"async\" style=\"vertical-align: middle;\" src=\"https:\/\/ehokkaido.net\/wp-content\/uploads\/2021\/12\/2021-12-06-11.41.12.png\" \/> <a href=\"https:\/\/photos.app.goo.gl\/JPU16TBL1hJ1wohBA\" target=\"_blank\" rel=\"noopener noreferrer\">Say\u0131n Yutaka Sano&#039;nun Y\u00fckselen G\u00fcne\u015f, Alt\u0131n ve G\u00fcm\u00fc\u015f I\u015f\u0131nlar Ni\u015fan\u0131&#039;n\u0131 alma t\u00f6reninden foto\u011fraflar (205 foto\u011fraf) burada mevcuttur &gt;&gt;<\/a><\/div>\n<h2>\u0130lgili makaleler<\/h2>\n<h4>Yutaka Sano ile ilgili olarak<\/h4>\n\n        <div class=\"site-blogcard-premium\">\n            <div class=\"bc-label-custom\">\u0130lgili makaleler<\/div>\n            <div class=\"bc-flex-container\">\n                <div class=\"bc-main-text\">\n                    <div class=\"bc-title-link-box\">\n                        <a href=\"https:\/\/portal.hokuryu.info\/tr\/kategori\/digerleri\/sano-yutaka-eski-belediye-baskani\/\" target=\"_blank\">Hokuryu Kasabas\u0131 eski Belediye Ba\u015fkan\u0131 Yutaka Sano&#039;nun faaliyet raporu (kategori)<\/a>\n                    <\/div>\n                    <div class=\"bc-excerpt-box\">Hokuryu Belediye Ba\u015fkan\u0131 Yutaka Sano&#039;nun faaliyet raporlar\u0131n\u0131n Facebook sayfas\u0131 kar\u015f\u0131n\u0131zda.\n<\/div>\n                <\/div>\n                <div class=\"bc-thumbnail-box\">\n                    <a href=\"https:\/\/portal.hokuryu.info\/tr\/kategori\/digerleri\/sano-yutaka-eski-belediye-baskani\/\" target=\"_blank\">\n                        <div class=\"bc-img-zoom-wrap\">\n                            <img decoding=\"async\" src=\"https:\/\/portal.hokuryu.info\/wp\/wp-content\/uploads\/2026\/02\/20230802DSC06445_1.jpg\" alt=\"Hokuryu Kasabas\u0131 eski Belediye Ba\u015fkan\u0131 Yutaka Sano&#039;nun faaliyet raporu (kategori)\">\n                        <\/div>\n                    <\/a>\n                <\/div>\n            <\/div>\n        <\/div>\n<h4>\u00d6d\u00fcller<\/h4>\n\n        <div class=\"site-blogcard-premium\">\n            <div class=\"bc-label-custom\">\u0130lgili makaleler<\/div>\n            <div class=\"bc-flex-container\">\n                <div class=\"bc-main-text\">\n                    <div class=\"bc-title-link-box\">\n                        <a href=\"https:\/\/portal.hokuryu.info\/tr\/59955\/\" target=\"_blank\">https:\/\/portal.hokuryu.info\/59955<\/a>\n                    <\/div>\n                    <div class=\"bc-excerpt-box\">Sayfa bilgileri al\u0131namad\u0131.<\/div>\n                <\/div>\n                <div class=\"bc-thumbnail-box\">\n                    <a href=\"https:\/\/portal.hokuryu.info\/tr\/59955\/\" target=\"_blank\">\n                        <div class=\"bc-img-zoom-wrap\">\n                            <img decoding=\"async\" src=\"https:\/\/portal.hokuryu.info\/wp\/wp-content\/uploads\/2026\/02\/20230802DSC06445_1.jpg\" alt=\"https:\/\/portal.hokuryu.info\/59955\">\n                        <\/div>\n                    <\/a>\n                <\/div>\n            <\/div>\n        <\/div>\n\n        <div class=\"site-blogcard-premium\">\n            <div class=\"bc-label-custom\">\u0130lgili makaleler<\/div>\n            <div class=\"bc-flex-container\">\n                <div class=\"bc-main-text\">\n                    <div class=\"bc-title-link-box\">\n                        <a href=\"https:\/\/portal.hokuryu.info\/tr\/5627\/\" target=\"_blank\">https:\/\/portal.hokuryu.info\/5627<\/a>\n                    <\/div>\n                    <div class=\"bc-excerpt-box\">Sayfa bilgileri al\u0131namad\u0131.<\/div>\n                <\/div>\n                <div class=\"bc-thumbnail-box\">\n                    <a href=\"https:\/\/portal.hokuryu.info\/tr\/5627\/\" target=\"_blank\">\n                        <div class=\"bc-img-zoom-wrap\">\n                            <img decoding=\"async\" src=\"https:\/\/portal.hokuryu.info\/wp\/wp-content\/uploads\/2026\/02\/20230802DSC06445_1.jpg\" alt=\"https:\/\/portal.hokuryu.info\/5627\">\n                        <\/div>\n                    <\/a>\n                <\/div>\n            <\/div>\n        <\/div>\n\n        <div class=\"site-blogcard-premium\">\n            <div class=\"bc-label-custom\">\u0130lgili makaleler<\/div>\n            <div class=\"bc-flex-container\">\n                <div class=\"bc-main-text\">\n                    <div class=\"bc-title-link-box\">\n                        <a href=\"https:\/\/portal.hokuryu.info\/tr\/topics\/culture\/20190508.html\/\" target=\"_blank\">Toshihiro Nakamura&#039;n\u0131n Y\u00fckselen G\u00fcne\u015f Ni\u015fan\u0131, G\u00fcm\u00fc\u015f I\u015f\u0131nlar \u00f6d\u00fcl\u00fcn\u00fc almas\u0131 kutlamas\u0131, Meclis Mezunlar\u0131 Derne\u011fi, Itaya Mahalle Derne\u011fi ve Haiku Derne\u011fi &quot;Michi&quot; taraf\u0131ndan d\u00fczenlendi Hokuryu \u015eubesi - Hokuryu Kasabas\u0131 Portal\u0131 (Hokkaido) - Japonya&#039;n\u0131n 1 numaral\u0131 ay\u00e7i\u00e7e\u011fi k\u00f6y\u00fc<\/a>\n                    <\/div>\n                    <div class=\"bc-excerpt-box\">Hokuryu Kasaba Meclisi&#039;nin eski \u00fcyesi Bay Toshihiro Nakamura (88 ya\u015f\u0131nda), 1 \u015eubat 2019 tarihinden itibaren ge\u00e7erli olmak \u00fczere, Ya\u015fl\u0131 Vatanda\u015flar Onur \u00d6d\u00fclleri kapsam\u0131nda &quot;Y\u00fckselen G\u00fcne\u015f, Alt\u0131n I\u015f\u0131nlar ve Rozet&quot; \u00f6d\u00fcl\u00fcne lay\u0131k g\u00f6r\u00fcld\u00fc...<\/div>\n                <\/div>\n                <div class=\"bc-thumbnail-box\">\n                    <a href=\"https:\/\/portal.hokuryu.info\/tr\/topics\/culture\/20190508.html\/\" target=\"_blank\">\n                        <div class=\"bc-img-zoom-wrap\">\n                            <img decoding=\"async\" src=\"https:\/\/lh3.googleusercontent.com\/glr9D2kxNix6HeeQlHoFe57T3knzytMKDYRLebl0Pks5fP39EAewy1qA1y_DjqOxn_y_gBOrcrVcoCK-kO3Ht7siH3V62U5FJyZVss_6dPkmMvWtMtrXYKS83ANQRZjSrRxat3OQIZw_VaZlvBuIgA_Wgjj66uas0glnNewE-Ec5Ak2ATTliN4uxmQquI-mUMjVxV6_xAJt1WBk_ZsNdHSo-5IKTNW5_L9vzoAwNwF6l-OouTkDYN5Yh-az2li6PIRQsiQnAdmj6wQNpt8cz1n0eB5EWyD2tJCGsoNWuoouRjtyfyNS4Gt2Xm6xvIgsya9zxhQjVZTDqb688Z6jgOru8hqBvgD2K728iLWC8TSzHhvdt5GPB8-8Oc9J7IRE3_WbrB6fINJwnuDBZbbNk3ujewXW3D3wjL_LDbrYakX4vKcdy_TsRCii3JK5tqtoDmCZRmZcu22zr03Lx6dkG8PnAUrjLzggpVO2WERLWOv-ITSw1nxNwdGhlalRGn8sTmTmLdlUkE6-JyzhpD0OVlnbwsbnHRjxyI3H2vwWzSk5RLcd0UGbcNcuzA2l0FEgNhmVOSxvUilfrFGoFHJp_Et-Tkq-42CRu2XH25neIvJMz138zB_sRvHEZ-UzZCcaVFyr7xXB16y0ZhvE1OS9J8TSmUkIGtBF_eXIs_ApAC4U2f3bnZcI3A08ztwR9Mk0MGtIeMGJyXkXh93BuhZZ8qiJq=w1420-h946-no\" alt=\"Toshihiro Nakamura&#039;n\u0131n Y\u00fckselen G\u00fcne\u015f Ni\u015fan\u0131, G\u00fcm\u00fc\u015f I\u015f\u0131nlar \u00f6d\u00fcl\u00fcn\u00fc almas\u0131 kutlamas\u0131, Meclis Mezunlar\u0131 Derne\u011fi, Itaya Mahalle Derne\u011fi ve Haiku Derne\u011fi &quot;Michi&quot; taraf\u0131ndan d\u00fczenlendi Hokuryu \u015eubesi - Hokuryu Kasabas\u0131 Portal\u0131 (Hokkaido) - Japonya&#039;n\u0131n 1 numaral\u0131 ay\u00e7i\u00e7e\u011fi k\u00f6y\u00fc\">\n                        <\/div>\n                    <\/a>\n                <\/div>\n            <\/div>\n        <\/div>\n\n        <div class=\"site-blogcard-premium\">\n            <div class=\"bc-label-custom\">\u0130lgili makaleler<\/div>\n            <div class=\"bc-flex-container\">\n                <div class=\"bc-main-text\">\n                    <div class=\"bc-title-link-box\">\n                        <a href=\"https:\/\/portal.hokuryu.info\/tr\/topics\/culture\/20190116.html\/\" target=\"_blank\">2018 sonbahar\u0131nda Mavi Kurdele Madalyas\u0131&#039;n\u0131 alan Bay Koichi Matsuda i\u00e7in bir kutlama d\u00fczenlendi. Kutlama, ilkokul ve ortaokul s\u0131n\u0131f arkada\u015flar\u0131 ve Itaya mahalle derne\u011fi taraf\u0131ndan y\u00f6netildi. - Hokuryu Kent Portal\u0131 (Hokkaido) - Japonya&#039;n\u0131n 1 numaral\u0131 ay\u00e7i\u00e7e\u011fi k\u00f6y\u00fc<\/a>\n                    <\/div>\n                    <div class=\"bc-excerpt-box\">19 Kas\u0131m 2018&#039;de 2018 Sonbahar D\u00f6nemi Onur \u00d6d\u00fcllerinin sahipleri belirlendi ve \u00f6d\u00fcller 3 Kas\u0131m&#039;da resmen takdim edildi.<\/div>\n                <\/div>\n                <div class=\"bc-thumbnail-box\">\n                    <a href=\"https:\/\/portal.hokuryu.info\/tr\/topics\/culture\/20190116.html\/\" target=\"_blank\">\n                        <div class=\"bc-img-zoom-wrap\">\n                            <img decoding=\"async\" src=\"https:\/\/lh3.googleusercontent.com\/Kxpgb_bXMFr6SDJfyBfWHZC63_50WhOww5FfXdti4ZFuGcjfUMJxuo5ursmrcnROMWq_J5MCWjIW8GOoToh_vOJeKgxlRn5ygFPby8xpgsXoWFPheyVRaTq6w4BiwCPhNvChN3mpkiTvjtxajeMrOvcV1tWFK5hCgIgVQvRunEa-T978m5pP7tuAs9WtobLq3lw9WlxMnh3-EFEIM6EBFFEDrycOXm_DQbS9lC4HA8FtCeqBIXjcwzIksSbVI0VgYceHeoD5m5jNF9HBfRMPaup6IZQDuoEgGYU0y3zIxVPHZa9sUvkWGLuHKFeEKejIBHNuLxF6GMXKQLItUt5xNnWAKxwxKzwssehgP2LGac3BnuSnhCKQIUYjrmo281nXFW7BPEbrYYppdKUF6zCQgL4LFXxE2_eu25H4JGUr-G_tGPN1BJ4xNiv8tECaFIqhDozqOvp21oTu0eQKiVYu4E01BpH-j5XUmFbshvbIisRpOb-IN68NjpLcG9qZYfUgqXeZQOr5HwAUpZQlvQARMdHptsp4L7ctFILigJXqKN6iv_f5lYevl8KSnKdk1PAkGiINdAT8uNON8KLkLbynLjYCSaA6EFlEI7b32EBecV0hdsNEEkgUbpWVrRfuQtT_8jN1oMvYyfOc2czHWbsFW16X35vG8sxXJD5e0wA7Wqxicp15zFWfeD9Ip6XYbGHkON5AkMJwiSjY817ZzQ=w1393-h929-no\" alt=\"2018 sonbahar\u0131nda Mavi Kurdele Madalyas\u0131&#039;n\u0131 alan Bay Koichi Matsuda i\u00e7in bir kutlama d\u00fczenlendi. Kutlama, ilkokul ve ortaokul s\u0131n\u0131f arkada\u015flar\u0131 ve Itaya mahalle derne\u011fi taraf\u0131ndan y\u00f6netildi. - Hokuryu Kent Portal\u0131 (Hokkaido) - Japonya&#039;n\u0131n 1 numaral\u0131 ay\u00e7i\u00e7e\u011fi k\u00f6y\u00fc\">\n                        <\/div>\n                    <\/a>\n                <\/div>\n            <\/div>\n        <\/div>\n\n        <div class=\"site-blogcard-premium\">\n            <div class=\"bc-label-custom\">\u0130lgili makaleler<\/div>\n            <div class=\"bc-flex-container\">\n                <div class=\"bc-main-text\">\n                    <div class=\"bc-title-link-box\">\n                        <a href=\"https:\/\/portal.hokuryu.info\/tr\/topics\/culture\/20161213.html\/\" target=\"_blank\">2016 sonbahar\u0131nda Kutsal Hazine Ni\u015fan\u0131, Rozet ile Alt\u0131n I\u015f\u0131nlar \u00f6d\u00fcl\u00fcn\u00fc alan Say\u0131n Hajime Hoshiba i\u00e7in d\u00fczenlenen kutlama - Hokuryu Kent Portal\u0131 (Hokkaido) - Japonya&#039;n\u0131n 1 numaral\u0131 ay\u00e7i\u00e7e\u011fi k\u00f6y\u00fc<\/a>\n                    <\/div>\n                    <div class=\"bc-excerpt-box\">Nefes kesen bir Japon manzaras\u0131: Hokkaido&#039;nun Hokuryu kasabas\u0131ndaki &quot;Ay\u00e7i\u00e7e\u011fi K\u00f6y\u00fc&quot;. Hokkaido&#039;da pop\u00fcler bir turistik yer. L\u00fctfen en az bir kez ziyaret edin. (Pirin\u00e7 Sommelier&#039;i...).<\/div>\n                <\/div>\n                <div class=\"bc-thumbnail-box\">\n                    <a href=\"https:\/\/portal.hokuryu.info\/tr\/topics\/culture\/20161213.html\/\" target=\"_blank\">\n                        <div class=\"bc-img-zoom-wrap\">\n                            <img decoding=\"async\" src=\"https:\/\/lh3.googleusercontent.com\/V4AJHrVcyJ29m2XkmfwnwbSS8mUOr2J361mZiGI9aZsDfBSRmyzu-d0sIyS19E93ODTvcp9tNjN1_xqk0L2y_mY_nwELh3SJAYbtHywf7-y95hOg_LJJpu9C6fsK9Lo_TzcJ0nXPzBC_x6lkTYVWv6nkGZWo-m806fiVoJZq7EaHsy06--MFpKXsHZPtxjDYsEYzaQqM5ZfVLd9TtbKoV9SEyfWMgzQ9koMnJaiQxFNgdQZcrMNLXTsloqwkwkb0E9XIqnF2mPwGfuEvubzEQ0Gmf4y3YFN4REuT_zJ2LWBCXK9vHrocI3rLcG-0tNkzIE0ZWI2ngy3QGcdyXjdJyHb7H5qVp-ULgYN6OA2lMYxPw878GDBcAv2dtQfvJ5IFsfigN4opdunXTNZ02iyExHYobbk0YvQ9W1dPmTtRvKGP3baZpFs0hiZtS18lLnJ7ijUjD6cy51HP_73GxXqqYE1KshG49AcmYmzU5Gi5Qh7oqMxfwIcp_dr5vAdYCWxFWrKAwAyDQ1ApFxiNIPbgmW_scoggXresfy3ZqEmIexrYZmdoUveiBaWkK34hU8jVQpdwHPB_T6sdNAci_Nclby7iebm0suHw0JcEuXKwniPSUgAv7moIVQS4IvCkN87f1kRUfdbARhspEX27mEyT3Sx5H9lcLfMskBFc1IJ_Cw=w1441-h960-no\" alt=\"2016 sonbahar\u0131nda Kutsal Hazine Ni\u015fan\u0131, Rozet ile Alt\u0131n I\u015f\u0131nlar \u00f6d\u00fcl\u00fcn\u00fc alan Say\u0131n Hajime Hoshiba i\u00e7in d\u00fczenlenen kutlama - Hokuryu Kent Portal\u0131 (Hokkaido) - Japonya&#039;n\u0131n 1 numaral\u0131 ay\u00e7i\u00e7e\u011fi k\u00f6y\u00fc\">\n                        <\/div>\n                    <\/a>\n                <\/div>\n            <\/div>\n        <\/div>\n\n        <div class=\"site-blogcard-premium\">\n            <div class=\"bc-label-custom\">\u0130lgili makaleler<\/div>\n            <div class=\"bc-flex-container\">\n                <div class=\"bc-main-text\">\n                    <div class=\"bc-title-link-box\">\n                        <a href=\"https:\/\/portal.hokuryu.info\/tr\/topics\/culture\/20131219.html\/\" target=\"_blank\">2013 sonbahar\u0131nda Y\u00fckselen G\u00fcne\u015f, Alt\u0131n ve G\u00fcm\u00fc\u015f I\u015f\u0131nlar Ni\u015fan\u0131&#039;n\u0131 alan Bay Kitakiyo Masami i\u00e7in d\u00fczenlenen kutlama - Hokuryu Kent Portal\u0131 (Hokkaido) - Japonya&#039;n\u0131n 1 numaral\u0131 ay\u00e7i\u00e7e\u011fi k\u00f6y\u00fc<\/a>\n                    <\/div>\n                    <div class=\"bc-excerpt-box\">2.100 n\u00fcfuslu ve 401.300 ki\u015filik ya\u015flanma oran\u0131na sahip, canl\u0131 bir kasaban\u0131n &quot;bug\u00fcnk\u00fc&quot; halini sizlere sunuyoruz. Ay\u00e7i\u00e7ekleri gibi, aileler uyum i\u00e7inde ya\u015f\u0131yor...<\/div>\n                <\/div>\n                <div class=\"bc-thumbnail-box\">\n                    <a href=\"https:\/\/portal.hokuryu.info\/tr\/topics\/culture\/20131219.html\/\" target=\"_blank\">\n                        <div class=\"bc-img-zoom-wrap\">\n                            <img decoding=\"async\" src=\"https:\/\/lh4.googleusercontent.com\/-B9qUblgKWII\/Uq_FCnSdGaI\/AAAAAAAA-DI\/tNzOOlvqXmE\/w1319-h873-no\/K5+38147\" alt=\"2013 sonbahar\u0131nda Y\u00fckselen G\u00fcne\u015f, Alt\u0131n ve G\u00fcm\u00fc\u015f I\u015f\u0131nlar Ni\u015fan\u0131&#039;n\u0131 alan Bay Kitakiyo Masami i\u00e7in d\u00fczenlenen kutlama - Hokuryu Kent Portal\u0131 (Hokkaido) - Japonya&#039;n\u0131n 1 numaral\u0131 ay\u00e7i\u00e7e\u011fi k\u00f6y\u00fc\">\n                        <\/div>\n                    <\/a>\n                <\/div>\n            <\/div>\n        <\/div>\n<p>\u25c7 <a href=\"https:\/\/portal.hokuryu.info\/tr\/38127\/#outline_1__7_2_1\">Foto\u011fraf\u00e7\u0131l\u0131k, d\u00fczenleme ve web sitesi y\u00f6netimi: Noboru Terauchi Yazar: Ikuko Terauchi<\/a><\/p>","protected":false},"excerpt":{"rendered":"<p>2025\u5e747\u670817\u65e5\uff08\u6728\uff09 7\u670812\u65e5\uff08\u571f\uff09\u3001\u5143\u5317\u7adc\u753a\u9577\u306e\u4f50\u91ce\u8c4a\u6c0f\u306e\u65ed\u65e5\u53cc\u5149\u7ae0\u53d7\u7ae0\u3092\u795d\u3046\u4f1a\u304c\u3001\u30b5\u30f3\u30d5\u30e9\u30ef\u30fc\u30d1\u30fc\u30af\u5317\u7adc\u6e29\u6cc9\u3067\u76db\u5927\u306b\u958b\u50ac\u3055\u308c\u307e\u3057\u305f\u3002\u6c38\u5e74\u306e\u5730\u65b9\u81ea\u6cbb\u3078\u306e\u529f\u7e3e\u3092\u79f0\u3048\u3001118\u540d\u3082\u306e\u65b9\u3005\u304c\u304a\u795d\u3044\u306b [&hellip;]<\/p>\n","protected":false},"author":1,"featured_media":61462,"comment_status":"open","ping_status":"open","sticky":false,"template":"","format":"standard","meta":{"footnotes":""},"categories":[4,75],"tags":[],"class_list":["post-61207","post","type-post","status-publish","format-standard","has-post-thumbnail","hentry","category-cover-story","category-sasaki-yasuhiro-mayor"],"_links":{"self":[{"href":"https:\/\/portal.hokuryu.info\/tr\/wp-json\/wp\/v2\/posts\/61207","targetHints":{"allow":["GET"]}}],"collection":[{"href":"https:\/\/portal.hokuryu.info\/tr\/wp-json\/wp\/v2\/posts"}],"about":[{"href":"https:\/\/portal.hokuryu.info\/tr\/wp-json\/wp\/v2\/types\/post"}],"author":[{"embeddable":true,"href":"https:\/\/portal.hokuryu.info\/tr\/wp-json\/wp\/v2\/users\/1"}],"replies":[{"embeddable":true,"href":"https:\/\/portal.hokuryu.info\/tr\/wp-json\/wp\/v2\/comments?post=61207"}],"version-history":[{"count":0,"href":"https:\/\/portal.hokuryu.info\/tr\/wp-json\/wp\/v2\/posts\/61207\/revisions"}],"wp:featuredmedia":[{"embeddable":true,"href":"https:\/\/portal.hokuryu.info\/tr\/wp-json\/wp\/v2\/media\/61462"}],"wp:attachment":[{"href":"https:\/\/portal.hokuryu.info\/tr\/wp-json\/wp\/v2\/media?parent=61207"}],"wp:term":[{"taxonomy":"category","embeddable":true,"href":"https:\/\/portal.hokuryu.info\/tr\/wp-json\/wp\/v2\/categories?post=61207"},{"taxonomy":"post_tag","embeddable":true,"href":"https:\/\/portal.hokuryu.info\/tr\/wp-json\/wp\/v2\/tags?post=61207"}],"curies":[{"name":"wp","href":"https:\/\/api.w.org\/{rel}","templated":true}]}}