{"id":60585,"date":"2025-07-10T15:36:43","date_gmt":"2025-07-10T06:36:43","guid":{"rendered":"https:\/\/portal.hokuryu.info\/?p=60585"},"modified":"2025-09-04T16:32:38","modified_gmt":"2025-09-04T07:32:38","slug":"memleketle-sevgi-ve-baglari-derinlestiren-bir-aksam-sapporo","status":"publish","type":"post","link":"https:\/\/portal.hokuryu.info\/tr\/60585\/","title":{"rendered":"Memleketle sevgi ve ba\u011flar\u0131 derinle\u015ftiren bir ak\u015fam: 2025 Sapporo Hokuryu Festivali g\u00f6rkemli bir \u015fekilde d\u00fczenlendi"},"content":{"rendered":"<p>Sal\u0131, 9 Temmuz 2025<\/p>\n<div class=\"ep-box es-BpaperRight es-grid bgc-VPsky\">29 Haziran Pazar g\u00fcn\u00fc, Sapporo&#039;da 2025 Sapporo Hokuryu Festivali d\u00fczenlendi. Hokuryu Kasabas\u0131&#039;ndan veya kasabayla ba\u011f\u0131 olan 58 ki\u015fi, memleketleri hakk\u0131nda konu\u015fmak \u00fczere bir araya geldi. Belediye Ba\u015fkan\u0131 Sasaki ayr\u0131ca, Hokuryu Kasabas\u0131&#039;n\u0131n Japonya&#039;daki en b\u00fcy\u00fck yerel canland\u0131rma hibesini ald\u0131\u011f\u0131n\u0131 duyurdu. Lezzetli yemekler ve e\u011flenceli aktiviteler, nesiller aras\u0131 ba\u011flar\u0131 derinle\u015ftiren s\u0131cak ve canl\u0131 bir ak\u015fama zemin haz\u0131rlad\u0131.<\/div>\n<h2>2025 Sapporo Hokuryu Festivali g\u00f6rkemli bir \u015fekilde ger\u00e7ekle\u015ftirilecek<\/h2>\n<p>29 Haziran Pazar g\u00fcn\u00fc saat 18:00&#039;da, 2025 Sapporo Hokuryu Festivali, Sapporo Sun Plaza&#039;n\u0131n (Sapporo \u015eehri) ikinci kat\u0131ndaki Gyokuyo Odas\u0131&#039;nda g\u00f6rkemli bir \u015fekilde ger\u00e7ekle\u015ftirildi.<\/p>\n<figure class=\"wp-caption aligncenter\"><a href=\"https:\/\/photos.google.com\/share\/AF1QipM0nXRD3ZjBCqfofC_2L51kjA9VsR-Jm-nHsO3I9ft-wU2MJhzGXGurwSJp9CZAjA\/photo\/AF1QipN1o4v3RMS8Krps1ofSyuQ25yWowkBJvq6v8pg?key=TzFTT2xrNnlTU096MDZ5dWw2MlBrU0hwT3dqUkh3\" target=\"_blank\"><img decoding=\"async\" src=\"https:\/\/lh3.googleusercontent.com\/pw\/AP1GczM7czjwc8y0xNj3KtD322I91o0H6mZ8QEWlMeBree1fxU6Qtv1V_OHsXo4gQeYQFjPziHBNoiuBZ8CsLZDQ7T6GscVg0bBC514erIF8DPt68AmZClLlGXd8v95U-cQx9iMxpxVIw07LvBMotKtBm2aA=w2000-h1125-s-no-gm?authuser=1\" width=\"2000\" height=\"1125\" alt=\"Sapporo Sunplaza\" class=\"size-full\" \/><\/a><figcaption class=\"wp-caption-text\">Sapporo Sunplaza<\/figcaption><\/figure>\n<figure class=\"wp-caption aligncenter\"><a href=\"https:\/\/photos.google.com\/share\/AF1QipM0nXRD3ZjBCqfofC_2L51kjA9VsR-Jm-nHsO3I9ft-wU2MJhzGXGurwSJp9CZAjA\/photo\/AF1QipMUXXOkoFDwpFlxeU6JJP0PWp8y-mkjTZHYOcc?key=TzFTT2xrNnlTU096MDZ5dWw2MlBrU0hwT3dqUkh3\" target=\"_blank\"><img decoding=\"async\" src=\"https:\/\/lh3.googleusercontent.com\/pw\/AP1GczOkpQPnBksUtRbRAcGYN4dinUwyf2TxheHz44CD8Aq4LNugXR9SpZE1-bGTG1rUCK3KVyx5VDRarjB6elfgRJknUEqdqQ_BzNesJQ-z3oqtZ2CxyRk7vdNBSvfm64kyUr8_WAry23pr-JbTpFpo2Rej=w2000-h1125-s-no-gm?authuser=0\" width=\"2000\" height=\"1125\" alt=\"Lobi d\u00fczeni\" class=\"size-full\" \/><\/a><figcaption class=\"wp-caption-text\">Lobi d\u00fczeni<\/figcaption><\/figure>\n<figure class=\"wp-caption aligncenter\"><a href=\"https:\/\/photos.google.com\/share\/AF1QipM0nXRD3ZjBCqfofC_2L51kjA9VsR-Jm-nHsO3I9ft-wU2MJhzGXGurwSJp9CZAjA\/photo\/AF1QipN4U_ehh3f2x9h3g2csESQpo6id10bhvPN7_Yc?key=TzFTT2xrNnlTU096MDZ5dWw2MlBrU0hwT3dqUkh3\" target=\"_blank\"><img decoding=\"async\" src=\"https:\/\/lh3.googleusercontent.com\/pw\/AP1GczNl3YspUOanUCKGsz6ORDz5yPboqfAsQzj-3UzwkjQJ3163ijIFzRx6Z9W0o7mCZObwRl-JNIDBegihQ0a-qoJ1iYuJoRaRutQK4Y4ioOjTAWE6hzI1-wjSwJpBawugdtx-fdF0QxynPDF_2IU6siCr=w2000-h1125-s-no-gm?authuser=0\" width=\"2000\" height=\"1125\" alt=\"Bekleme odas\u0131nda\" class=\"size-full\" \/><\/a><figcaption class=\"wp-caption-text\">Bekleme odas\u0131nda<\/figcaption><\/figure>\n<p>Sapporo Hokuryu Derne\u011fi, Hokuryu Kasabas\u0131 sakinleri i\u00e7in sosyal bir bulu\u015fma noktas\u0131d\u0131r. 1968 y\u0131l\u0131nda Hokuryu Kasabas\u0131&#039;ndan Sapporo b\u00f6lgesine ta\u015f\u0131nan veya b\u00f6lgeyle ba\u011flant\u0131s\u0131 olan \u00fcyeler taraf\u0131ndan kurulmu\u015ftur.<\/p>\n<p>Bilgi al\u0131\u015fveri\u015finde bulunmak ve ba\u011flar\u0131 derinle\u015ftirmek amac\u0131yla toplant\u0131lar d\u00fczenliyorlar, ayr\u0131ca memleketleri Hokuryu Kasabas\u0131&#039;na destek olmak gibi faaliyetlerde bulunuyorlar.<br \/>\nBu y\u0131l Kitary\u016b kasabas\u0131ndan meclis \u00fcyeleri ve belediye \u00e7al\u0131\u015fanlar\u0131 da dahil olmak \u00fczere 23 ki\u015fi ve kasaba dernek \u00fcyelerimiz olmak \u00fczere toplam 58 ki\u015fi kat\u0131ld\u0131.<\/p>\n<h3>Genel Sunucu: Kenji Miyawaki, Denet\u00e7i (Wakabata&#039;dan)<\/h3>\n<figure class=\"wp-caption aligncenter\"><a href=\"https:\/\/photos.google.com\/share\/AF1QipM0nXRD3ZjBCqfofC_2L51kjA9VsR-Jm-nHsO3I9ft-wU2MJhzGXGurwSJp9CZAjA\/photo\/AF1QipPIr2hG1sIA9w-ICfrRLbW8pa45Kc4uTq8LX6Y?key=TzFTT2xrNnlTU096MDZ5dWw2MlBrU0hwT3dqUkh3\" target=\"_blank\"><img decoding=\"async\" src=\"https:\/\/lh3.googleusercontent.com\/pw\/AP1GczP6vY8ilz4tYkm1bK7-wpEVz6ms1Hm3ijRDCgiBggJMzLrtIpzpqv-j26JiaPFZ3yDApDM8i1_fw7poFRpgep2CRrTIlMNcM1zgapvlfy-0-pID4ISrRjeYPgjer1PRsNUcVpr6IgeEVdZx3IG68r3v=w2000-h1125-s-no-gm?authuser=0\" width=\"2000\" height=\"1125\" alt=\"Oturumun moderat\u00f6rl\u00fc\u011f\u00fcn\u00fc Denet\u00e7i Kenji Miyawaki \u00fcstlendi.\" class=\"size-full\" \/><\/a><figcaption class=\"wp-caption-text\">Oturumun moderat\u00f6rl\u00fc\u011f\u00fcn\u00fc Denet\u00e7i Kenji Miyawaki \u00fcstlendi.<\/figcaption><\/figure>\n<h3>Ba\u015fkan\u0131n Selamlamas\u0131: Ba\u015fkan Takashi Takebayashi<\/h3>\n<figure class=\"wp-caption aligncenter\"><a href=\"https:\/\/photos.google.com\/share\/AF1QipM0nXRD3ZjBCqfofC_2L51kjA9VsR-Jm-nHsO3I9ft-wU2MJhzGXGurwSJp9CZAjA\/photo\/AF1QipMnTDIWlRfHgPSQRqQyFbW4FQMM8J9XFO9ydec?key=TzFTT2xrNnlTU096MDZ5dWw2MlBrU0hwT3dqUkh3\" target=\"_blank\"><img decoding=\"async\" src=\"https:\/\/lh3.googleusercontent.com\/pw\/AP1GczPYz4L_08xFlj81s2rEMwPLEH2hFKIhy1FFxZK0l255PsEd6nvwV6tcRAMUaU4YcKvgERngPJY4PepUnaBf5UBtkVR40pWQdiVew3WOIY_0VOeKR2YeB1LMEnOgQBRZdWWN-c0GGuBA4kbWwMV0f_Y1=w2000-h1125-s-no-gm?authuser=0\" width=\"2000\" height=\"1125\" alt=\"Ba\u015fkan Takashi Takebayashi&#039;den selamlar\" class=\"size-full\" \/><\/a><figcaption class=\"wp-caption-text\">Ba\u015fkan Takashi Takebayashi&#039;den selamlar<\/figcaption><\/figure>\n<p>Haziran ay\u0131 olmas\u0131na ra\u011fmen Sapporo&#039;da son iki haftad\u0131r 30 derecenin \u00fczerinde s\u0131cakl\u0131klar ya\u015fan\u0131yor. Bug\u00fcn en y\u00fcksek s\u0131cakl\u0131k 30,2 dereceydi ve sanki yaz gelmi\u015f gibi hissediyoruz.<\/p>\n<p>Mevcut ko\u015fullara ra\u011fmen zaman ay\u0131r\u0131p kat\u0131l\u0131m g\u00f6steren Hokuryu Kasabas\u0131 halk\u0131na ve Hokuryu Derne\u011fi&#039;nin t\u00fcm \u00fcyelerine \u015f\u00fckranlar\u0131m\u0131 sunmak istiyorum.<\/p>\n<p>Belediye Ba\u015fkan\u0131 Sasaki ve Ba\u015fkan Nakamura da dahil olmak \u00fczere memleketimiz Hokuryu Kasabas\u0131&#039;ndan 20&#039;den fazla ki\u015fi de bize kat\u0131ld\u0131. Bug\u00fcn Pazar, yani tatil g\u00fcn\u00fc. \u00c7ok uzaklardan geldiniz ve hepinizin kendi \u00fcyelik aidatlar\u0131n\u0131z\u0131 ba\u011f\u0131\u015flaman\u0131zdan dolay\u0131 minnettar\u0131z. Bu ko\u015fullar g\u00f6z \u00f6n\u00fcne al\u0131nd\u0131\u011f\u0131nda, dernek olarak hepimiz, geldi\u011finiz i\u00e7in i\u00e7tenlikle te\u015fekk\u00fcr etmek istiyoruz. \u00c7ok te\u015fekk\u00fcr ederiz.<\/p>\n<p>Ayr\u0131ca Say\u0131n Okita, Say\u0131n Yamada ve di\u011fer t\u00fcm y\u00f6neticilere bug\u00fcnk\u00fc toplant\u0131n\u0131n ger\u00e7ekle\u015fmesinde g\u00f6sterdikleri ola\u011fan\u00fcst\u00fc \u00e7abalar\u0131ndan dolay\u0131 i\u00e7ten te\u015fekk\u00fcrlerimi sunmak istiyorum.<\/p>\n<p>Bu hafta Hokuryu Kasabas\u0131 haberlerde s\u0131k\u00e7a yer ald\u0131. D\u00fcn, Hokuryu Kasabas\u0131&#039;n\u0131n ay\u00e7i\u00e7e\u011fi karpuzu, HBC&#039;nin Agri Kingdom program\u0131nda 30 dakikal\u0131k bir \u00f6zel b\u00f6l\u00fcmde yer ald\u0131 ve sar\u0131 etli ve \u00e7ok tatl\u0131 bir karpuz olarak tan\u0131mland\u0131. Ayr\u0131ca, \u00c7ar\u015famba&#039;dan Cuma&#039;ya kadar Hokkaido Shimbun gazetesi, &quot;Kay\u0131p Kurosengoku Soya Fasulyesinin Yeniden Canlanmas\u0131n\u0131n 20 Y\u0131ll\u0131k Hikayesi&quot; ba\u015fl\u0131kl\u0131 \u00fc\u00e7 ard\u0131\u015f\u0131k makale yay\u0131nlad\u0131. Hokuryu Kasabas\u0131&#039;ndan biri olarak, onlar\u0131 izlemekten \u00e7ok mutlu oldum.<\/p>\n<p>San\u0131r\u0131m konuklar\u0131m\u0131z Hokuryu Kasabas\u0131&#039;ndaki son durum hakk\u0131nda daha sonra konu\u015facaklar, ama \u015fimdiden birka\u00e7 \u015fey s\u00f6ylemek istiyorum. Bu bahar, eski belediye ba\u015fkan\u0131 Yutaka Sano bir \u00f6d\u00fclle onurland\u0131r\u0131ld\u0131. Eski Belediye Ba\u015fkan\u0131 Sano, Hokuryu Derne\u011fi&#039;ne her zaman \u00f6nem vermi\u015f ve \u00e7e\u015fitli destekler sa\u011flam\u0131\u015ft\u0131r. Tebriklerimi sunmak isterim.<\/p>\n<p>Ayr\u0131ca, belediye ba\u015fkanl\u0131\u011f\u0131yla ilgili olarak, Bay Yoshiki Tanaka bu y\u0131l\u0131n Ocak ay\u0131nda E\u011fitim M\u00fcd\u00fcr\u00fc olarak atand\u0131. Bay Tanaka ve Belediye Ba\u015fkan\u0131 Sasaki ilkokul, ortaokul ve lisede s\u0131n\u0131f arkada\u015f\u0131yd\u0131 ve Sorachi b\u00f6lgesinde bir ortaokulun m\u00fcd\u00fcrl\u00fc\u011f\u00fcn\u00fc yapt\u0131ktan sonra Iwamizawa&#039;da e\u011fitim komitesi \u00fcyesi olarak g\u00f6rev yapt\u0131. Bu Ocak ay\u0131nda atand\u0131. Son derece deneyimli ve bilge bir adam, bu y\u00fczden Hokuryu Kasabas\u0131&#039;n\u0131n e\u011fitim y\u00f6netiminde becerilerini g\u00f6sterece\u011fini umuyor ve s\u00fcrekli deste\u011finizi rica ediyoruz.<\/p>\n<p>Hokuryu-kai, Hokuryu Kasabas\u0131 halk\u0131 aras\u0131nda dostlu\u011fu peki\u015ftirmek ve memleketlerini desteklemek amac\u0131yla 1968 y\u0131l\u0131nda kurulmu\u015ftur. Ancak y\u0131llar ge\u00e7tik\u00e7e \u00fcye say\u0131m\u0131z giderek artm\u0131\u015f, \u00fcye say\u0131m\u0131z ise azalm\u0131\u015ft\u0131r. \u015eu anda yakla\u015f\u0131k 90 \u00fcyeyle faaliyet g\u00f6stermekteyiz.<\/p>\n<p>Bu sefer Harumitsu Ito ve Toru Takebayashi yeni \u00fcyeler olarak aram\u0131za kat\u0131ld\u0131. Ancak Hokuryu Kasabas\u0131&#039;ndan Hokuryu-kai&#039;yi bilmeyenlerin h\u00e2l\u00e2 oldu\u011funu d\u00fc\u015f\u00fcn\u00fcyorum, bu y\u00fczden orada tan\u0131d\u0131\u011f\u0131n\u0131z birileri varsa l\u00fctfen bize bildirin.<\/p>\n<p>Bug\u00fcn zaman\u0131m\u0131z k\u0131s\u0131tl\u0131 olsa da, Hokuryu Kasabas\u0131&#039;nda payla\u015ft\u0131\u011f\u0131m\u0131z ba\u011f\u0131 beslerken, birbirimizi tan\u0131y\u0131p tart\u0131\u015farak keyifli vakit ge\u00e7irebilece\u011fimizi umuyorum. Bug\u00fcn bize kat\u0131ld\u0131\u011f\u0131n\u0131z i\u00e7in \u00e7ok te\u015fekk\u00fcr ederim. \u00c7ok te\u015fekk\u00fcr ederim,&quot; dedi Ba\u015fkan Takebayashi.<\/p>\n<h3>Konuk konu\u015fmas\u0131: Hokuryu Kasabas\u0131 Belediye Ba\u015fkan\u0131 Yasuhiro Sasaki<\/h3>\n<figure class=\"wp-caption aligncenter\"><a href=\"https:\/\/photos.google.com\/share\/AF1QipM0nXRD3ZjBCqfofC_2L51kjA9VsR-Jm-nHsO3I9ft-wU2MJhzGXGurwSJp9CZAjA\/photo\/AF1QipPeUbxc1G2ZH0aOeZRUSmVRxUHeHr3a1xAAC28?key=TzFTT2xrNnlTU096MDZ5dWw2MlBrU0hwT3dqUkh3\" target=\"_blank\"><img decoding=\"async\" src=\"https:\/\/lh3.googleusercontent.com\/pw\/AP1GczOQe7TgT2OCiAkUx6y9Svj8ipY1sm6HxAIL4en7fCsO200g9yAYQ6bd_WWq3OFmQrzT4kcc4Re43pkU-MRg1Fqo61OMx1zRc-UBDa505K6dzCqUQCHo0dS8OMefSzCHce0etmdXth--QbVCvkZc9mCd=w2000-h1125-s-no-gm?authuser=0\" width=\"2000\" height=\"1125\" alt=\"Belediye Ba\u015fkan\u0131 Yasuhiro Sasaki&#039;nin konuk konu\u015fmas\u0131\" class=\"size-full\" \/><\/a><figcaption class=\"wp-caption-text\">Belediye Ba\u015fkan\u0131 Yasuhiro Sasaki&#039;nin konuk konu\u015fmas\u0131<\/figcaption><\/figure>\n<p>&quot;Bug\u00fcn Hokuryu&#039;dan 23 ki\u015fi bizi ziyarete geldi.<\/p>\n<p>Sapporo Hokuryu-kai&#039;nin 35 \u00fcyesiyle vakit ge\u00e7irmenin de\u011ferli bir deneyim oldu\u011funa inan\u0131yorum, bu y\u00fczden hepinizle \u00e7al\u0131\u015fmaktan mutluluk duyaca\u011f\u0131m\u0131 umuyorum.<\/p>\n<p>23 milletvekilimiz ve \u00f6rg\u00fct liderleri var ve hepinizin ayn\u0131 masada oturup Kitary\u016b&#039;daki durumu dinlemenizi istiyorum.<\/p>\n<p>Say\u0131n Takebayashi Takashi ge\u00e7en y\u0131l ba\u015fkan oldu ve Tar\u0131m Politikalar\u0131 Dairesi eski Genel M\u00fcd\u00fcr\u00fc. Konu\u015fmas\u0131n\u0131 harika ve kusursuz buldum.<\/p>\n<p>Kitary\u016b&#039;daki son durum hakk\u0131nda bu kadar \u00e7ok \u015fey bildi\u011finiz i\u00e7in size i\u00e7ten \u015f\u00fckranlar\u0131m\u0131 sunmak istiyorum, \u00e7\u00fcnk\u00fc bunun sizin i\u00e7in her zaman endi\u015fe verici oldu\u011funu d\u00fc\u015f\u00fcn\u00fcyorum.<\/p>\n<p>Bundan sonra Hokuryu Kasabas\u0131 halk\u0131n\u0131n, Bay Minami&#039;nin moderat\u00f6rl\u00fc\u011f\u00fcnde teker teker konu\u015fma yapaca\u011f\u0131n\u0131 d\u00fc\u015f\u00fcn\u00fcyorum. Her grup hakk\u0131nda biraz bilgi almak ve nas\u0131l performans g\u00f6sterdiklerini \u00f6\u011frenmek istiyorum.<\/p>\n<p>Bu y\u0131l Ay\u00e7i\u00e7e\u011fi Festivali 20 Temmuz - 18 A\u011fustos tarihleri aras\u0131nda ger\u00e7ekle\u015fecek. Bu y\u0131lki posterimizi tan\u0131tt\u0131k.<br \/>\nVe bir de san\u0131r\u0131m A4 ka\u011f\u0131d\u0131n\u0131n ikiye katlanm\u0131\u015f hali olan bir bro\u015f\u00fcr da\u011f\u0131tm\u0131\u015ft\u0131k.<\/p>\n<p>Kabine Ofisi bu y\u0131l, yeni b\u00f6lgesel canland\u0131rma politikas\u0131 olan &quot;B\u00f6lgesel Canland\u0131rma 2.0&quot;\u0131 desteklemek i\u00e7in ay\u0131rd\u0131\u011f\u0131 hibe miktar\u0131n\u0131 100 milyar yenden 200 milyar yene iki kat\u0131na \u00e7\u0131kard\u0131.<br \/>\nMemleketim Hokuryu&#039;nun, k\u00fc\u00e7\u00fck bir yerel y\u00f6netimin Japonya&#039;y\u0131 bir kez daha desteklemesini istiyorum. Bu k\u00fc\u00e7\u00fck yerel y\u00f6netim Japonya i\u00e7in bir canl\u0131l\u0131k kayna\u011f\u0131 oldu\u011fu i\u00e7in yerel canland\u0131rma s\u00fcbvansiyonu art\u0131r\u0131ld\u0131. Hokuryu kasabas\u0131 halk\u0131 bir araya geldi ve belediye personeli gerekli ba\u015fvuruyu yapt\u0131.<br \/>\nTam 2 milyar yen tutar\u0131nda bir ba\u015fvuruda bulunduk ve bu miktar\u0131n y\u00fczde 50&#039;sini alabildik.<\/p>\n<p>Japonya genelindeki 1.747 yerel y\u00f6netimin ayn\u0131 anda bu hibeye ba\u015fvurmas\u0131, \u00fclkedeki en y\u00fcksek miktar oldu.<\/p>\n<p>\u00c7al\u0131\u015fanlar\u0131m\u0131z\u0131n \u00e7abalar\u0131, belediye meclisimizin deste\u011fi ve kasabal\u0131lar\u0131m\u0131z\u0131n beklentileri sayesinde bu b\u00fcy\u00fck hibeyi almay\u0131 ba\u015fard\u0131k.<\/p>\n<p>T\u00fcm bunlar\u0131n ortas\u0131nda, bug\u00fcn\u00fcn ba\u015flad\u0131\u011f\u0131 memleketimdeki herkese ve bu memleketi yaratmaya yard\u0131mc\u0131 olan Sapporo Hokuryu Derne\u011fi \u00fcyelerine, Hokuryu&#039;yu yeniden parlayabilecek, k\u00fc\u00e7\u00fck ama parlayan bir kasaba haline getirmek i\u00e7in \u00e7abalarken l\u00fctfen bizi takip etmelerini rica ediyorum.<\/p>\n<p>\u015eehre yeni bir soluk getirmek i\u00e7in elimden geleni yapmak istiyorum, bu nedenle Sapporo&#039;dan bana deste\u011finizi s\u00fcrd\u00fcrmenizi umuyorum.<\/p>\n<p>Bu kez, bu b\u00fcy\u00fck hibe program\u0131n\u0131n odak noktas\u0131 ilgili n\u00fcfus ve fikirlerden biri de bu ili\u015fkilerin memleketlerindeki insanlarla beslenmesi.<\/p>\n<p>Bug\u00fcnk\u00fc Sapporo Hokuryu Derne\u011fi&#039;nin, b\u00f6lgesel canlanma i\u00e7in \u00e7al\u0131\u015fan \u00f6rg\u00fct\u00fcn k\u00f6keni oldu\u011funa ger\u00e7ekten inan\u0131yorum. S\u00fcrekli deste\u011finiz i\u00e7in te\u015fekk\u00fcr ederim.<\/p>\n<p>Hepinizle y\u0131lda iki kez g\u00f6r\u00fc\u015febiliyorum, ancak Hokuryu Kasabas\u0131&#039;ndaki 22 ki\u015fi y\u0131lda sadece bir kez g\u00f6r\u00fc\u015f\u00fcyor. Her birinizle kalbinize ula\u015facak \u015fekilde konu\u015fabilece\u011fime inan\u0131yorum, bu y\u00fczden hepinizle tan\u0131\u015fmay\u0131 d\u00f6rt g\u00f6zle bekliyorum.<\/p>\n<p>\u00c7ok te\u015fekk\u00fcr ederim Toru Takebayashi. Uzun zaman oldu.<\/p>\n<p>&quot;B\u00f6lgeyle ba\u011f\u0131 olanlar&quot; \u00fcyelere yak\u0131n olanlard\u0131r, dolay\u0131s\u0131yla bunu duyurman\u0131z\u0131 ve \u00e7e\u015fitli \u00fcye say\u0131m\u0131z\u0131n artmas\u0131n\u0131 umuyoruz.<\/p>\n<p>Belediye Ba\u015fkan\u0131 Sasaki, &quot;Bug\u00fcn buraya davet edildi\u011fim i\u00e7in minnettar\u0131m. Bir\u00e7ok konuyu tart\u0131\u015fmay\u0131 ve e\u011flenmeyi d\u00f6rt g\u00f6zle bekliyorum, bu y\u00fczden aram\u0131za kat\u0131lman\u0131z\u0131 umuyorum. Bug\u00fcn bize kat\u0131ld\u0131\u011f\u0131n\u0131z i\u00e7in \u00e7ok te\u015fekk\u00fcr ederim,&quot; dedi.<\/p>\n<h3>Konuklar\u0131n tan\u0131t\u0131m\u0131: Hokuryu Kasabas\u0131&#039;ndan kat\u0131l\u0131mc\u0131lar\u0131n tan\u0131t\u0131m\u0131<\/h3>\n<h4>Sunan: Hajime Nanba, Genel \u0130\u015fler B\u00f6l\u00fcm M\u00fcd\u00fcr\u00fc<\/h4>\n<p>Hokuryu Kasabas\u0131 Belediye Ba\u015fkan\u0131 Sasaki Yasuhiro; Hokuryu Belediye Meclisi Ba\u015fkan\u0131 Nakamura Shoichi; Onursal Asistan, Kikura Ryoji; JA Kitasorachi Hokuryu B\u00f6lgesi Temsilci Direkt\u00f6r\u00fc, Nagai Minoru; Hokuryu Arazi \u0130yile\u015ftirme B\u00f6lgesi Ba\u015fkan\u0131 Fukase Junichi; Hokuryu Kasabas\u0131 Ticaret Odas\u0131 Ba\u015fkan\u0131 Fujii Masahito; Hokuryu Belediye Meclisi Ba\u015fkan Yard\u0131mc\u0131s\u0131 Ozaki Keiko; Hokuryu Belediye Meclisi \u00dcyeleri Sato Minoru; Hokuryu Belediye Meclisi \u00dcyeleri Teragaki Nobuaki; Hokuryu Belediye Meclisi \u00dcyeleri Kimura Kazuo; Hokuryu Belediye Meclisi \u00dcyeleri, Sawada Masato; Hokuryu Belediye Meclisi \u00dcyeleri Hayashi Yoshiko; Hokuryu Belediye Meclisi \u00dcyeleri Okino Manabu; Belediye Ba\u015fkan Yard\u0131mc\u0131s\u0131 Okuda Masaaki; E\u011fitim M\u00fcfetti\u015fi Tanaka Yoshiki; Hokuryu Kasabas\u0131 \u00c7ocuk ve Ya\u015fam Tarz\u0131 Destek B\u00f6l\u00fcm\u00fc Dan\u0131\u015fman\u0131 Mori Yoshinori; Hokuryu Kasabas\u0131 Sanayi B\u00f6l\u00fcm\u00fc M\u00fcd\u00fcr\u00fc Iguchi Junichi; Hokuryu Belediye Meclisi Genel Sekreteri Bay Ikuo Hase, Hokuryu Kasabas\u0131 Gelecek Stratejisi B\u00f6l\u00fcm\u00fc Dan\u0131\u015fman\u0131 Bayan Chiaki Mori, Hokuryu Kasabas\u0131 Genel \u0130\u015fler B\u00f6l\u00fcm\u00fc M\u00fcd\u00fcr Yard\u0131mc\u0131s\u0131 Bayan Keiko Banda, Hokuryu Kasabas\u0131 Topluluk Destek\u00e7ileri ve Hokuryu Kasabas\u0131 Portal Sitesi Y\u00f6neticileri Noboru ve Ikuko Terauchi <\/p>\n<figure class=\"wp-caption aligncenter\"><a href=\"https:\/\/photos.google.com\/share\/AF1QipM0nXRD3ZjBCqfofC_2L51kjA9VsR-Jm-nHsO3I9ft-wU2MJhzGXGurwSJp9CZAjA\/photo\/AF1QipMe31iV6dQaswe1tpBgJT6GGx8cYIG7ciCiv3E?key=TzFTT2xrNnlTU096MDZ5dWw2MlBrU0hwT3dqUkh3\" target=\"_blank\"><img decoding=\"async\" src=\"https:\/\/lh3.googleusercontent.com\/pw\/AP1GczPG-52H6lrF6WVlHvBWNLTdrl24vtrnCV8IN8CrbOXQ9Q88PUHDj41MRQHV1EIJtcfcbGlI8i9cpdtP3vwEkz9dzGDSpHZ9g9Khj-y5XhRdMqozQq5-YdK4K3GYUY3V9jRx0Z94LL7DEQbjgMYHv3IN=w2000-h1125-s-no-gm?authuser=0\" width=\"2000\" height=\"1125\" alt=\"Hokuryu Kasabas\u0131&#039;ndan kat\u0131l\u0131mc\u0131lar\u0131n tan\u0131t\u0131m\u0131\" class=\"size-full\" \/><\/a><figcaption class=\"wp-caption-text\">Hokuryu Kasabas\u0131&#039;ndan kat\u0131l\u0131mc\u0131lar\u0131n tan\u0131t\u0131m\u0131<\/figcaption><\/figure>\n<h3>Meclis Ba\u015fkan\u0131 Nakamura Shoichi<\/h3>\n<figure class=\"wp-caption aligncenter\"><a href=\"https:\/\/photos.google.com\/share\/AF1QipM0nXRD3ZjBCqfofC_2L51kjA9VsR-Jm-nHsO3I9ft-wU2MJhzGXGurwSJp9CZAjA\/photo\/AF1QipP7YF7lLZr7v_XCzcLn-K9Cgd9EP4D2H4rIRYQ?key=TzFTT2xrNnlTU096MDZ5dWw2MlBrU0hwT3dqUkh3\" target=\"_blank\"><img decoding=\"async\" src=\"https:\/\/lh3.googleusercontent.com\/pw\/AP1GczPt3HyEqZiv9MEfpkmIFUkVKZqYX_wdznxKRvqhLPMTKefXLTAOb_l7frfT4fl49JR5NQEAjiU7SXo8NtWJRYKOosASsD9LKd7NoCrvFKffKe8gC07E3Pn_3gqrSAO3XBCe6Oa1-nCvlfLK0_GfSxOI=w2000-h1125-s-no-gm?authuser=0\" width=\"2000\" height=\"1125\" alt=\"Konsey \u00dcyesi Shoichi Nakamura&#039;dan selamlar\" class=\"size-full\" \/><\/a><figcaption class=\"wp-caption-text\">Konsey \u00dcyesi Shoichi Nakamura&#039;dan selamlar<\/figcaption><\/figure>\n<p>&quot;Ge\u00e7en Aral\u0131k ay\u0131ndan bu yana ikinci y\u0131l ba\u015fkanl\u0131k g\u00f6revimi y\u00fcr\u00fct\u00fcyorum ve bug\u00fcn buraya davet edildi\u011fim i\u00e7in son derece mutluyum.<\/p>\n<p>Tar\u0131m \u00fcr\u00fcnleri iyi yeti\u015fiyor. Hen\u00fcz Haziran ay\u0131nda olmam\u0131za ra\u011fmen, son zamanlarda yaz ortas\u0131 s\u0131cakl\u0131klar\u0131 ya\u015f\u0131yoruz ve bu biraz endi\u015fe verici. Bence so\u011fuktan iyidir. Umar\u0131m bol bol ay\u00e7i\u00e7e\u011fi pirinci yersiniz.<\/p>\n<p>Ba\u015fkan Takebayashi, d\u00fcn Agri Kingdom ve Hokkaido Shimbun gazetesindeki yay\u0131ndan bahsetti, ancak bir haber daha var. D\u00fcn, Tetsuro Degawa Rumoi&#039;den gelip Takikawa&#039;ya gitti ve Iwamura&#039;da enerjisini tazelemek isteyip istemedi\u011fini sordu, Iwamura b\u00f6lgesi de yan\u0131t verdi. Ard\u0131ndan Himawari restoranda yemek yedi. TV Tokyo&#039;nun Cumartesi gecesi program\u0131 &quot;Tetsuro Degawa&#039;s Charge Me Up, Please?&quot; A\u011fustos ay\u0131nda yay\u0131nlanacak. Umar\u0131m izlersiniz.<\/p>\n<p>Bug\u00fcn burada olman\u0131za ve moralinizin iyi olmas\u0131na \u00e7ok sevindim, umar\u0131m bug\u00fcn harika vakit ge\u00e7irirsiniz.<\/p>\n<p>Hokuryu Derne\u011fi&#039;nin gelecekte de b\u00fcy\u00fcmeye devam etmesini umuyor ve Hokuryu&#039;ya deste\u011finizin devam\u0131n\u0131 diliyorum. Ayr\u0131ca bug\u00fcn kat\u0131lan herkesin sa\u011fl\u0131\u011f\u0131 ve mutlulu\u011funa kadeh kald\u0131rmak istiyorum.<\/p>\n<p>&quot;Sapporo Hokuryu Festivali&#039;ne \u015ferefe! \u00c7ok te\u015fekk\u00fcr ederim,&quot; dedi Ba\u015fkan Nakamura.\n\n\n\n<h3>Yeni \u00fcyemiz Toru Takebayashi&#039;den selamlar<\/h3>\n<figure class=\"wp-caption aligncenter\"><a href=\"https:\/\/photos.google.com\/share\/AF1QipM0nXRD3ZjBCqfofC_2L51kjA9VsR-Jm-nHsO3I9ft-wU2MJhzGXGurwSJp9CZAjA\/photo\/AF1QipOH2vzr8K_fMHG1JbneRAjV5T6_xUINaqbqYNo?key=TzFTT2xrNnlTU096MDZ5dWw2MlBrU0hwT3dqUkh3\" target=\"_blank\"><img decoding=\"async\" src=\"https:\/\/lh3.googleusercontent.com\/pw\/AP1GczO395H1JPlHt8-kc81GEHWRUoVQ89UIgoQaDguFM9bwKBumlzwICiK8AiFOZYzGlDieHNU3uATauwXvGs-l1UEub-eThN9mjR1mGG6x1-BjLKmLx03Wk1uviJmHKUVuG7gMnrijN1p0mVVTdfp2sE1F=w2000-h1125-s-no-gm?authuser=0\" width=\"2000\" height=\"1125\" alt=\"Toru Takebayashi&#039;den selamlar\" class=\"size-full\" \/><\/a><figcaption class=\"wp-caption-text\">Toru Takebayashi&#039;den selamlar<\/figcaption><\/figure>\n<p>&quot;1975 y\u0131l\u0131nda Hokuryu Ortaokulu&#039;ndan mezun oldum. O zamanlar iki s\u0131n\u0131fta yakla\u015f\u0131k 80 arkada\u015f\u0131m vard\u0131 ve bana verdikleri destek i\u00e7in onlara minnettar\u0131m. Gelecekte de deste\u011finizin devam\u0131n\u0131 bekliyorum.<\/p>\n<p>&quot;Hokuryu Ortaokulu&#039;nda \u00f6\u011fretmenlik yap\u0131yordum ve Hokuryu&#039;daki herkese verdi\u011fim s\u0131k\u0131nt\u0131dan dolay\u0131 \u00e7ok \u00fczg\u00fcn\u00fcm. Sosyal bilgiler dersinde baz\u0131 konularda eksiklerim vard\u0131, bu y\u00fczden bu f\u0131rsattan yararlanarak \u00f6z\u00fcr dilemek istiyorum. Deste\u011finizin devam\u0131n\u0131 bekliyorum,&quot; dedi Takebayashi.<\/p>\n<h3>Ziyafetler ve sosyal toplant\u0131lar<\/h3>\n<h4>Yiyecek<\/h4>\n<ul>\n<li>Men\u00fc<\/li>\n<li>\u00c7e\u015fitli sashimi<\/li>\n<li>Sawara, ya\u011f ve Japon biberiyle \u0131zgara edilmi\u015f<\/li>\n<li>Gomoku fasulye ezmesiyle ha\u015flanm\u0131\u015f gyoza<\/li>\n<li>Tavuk ve Romanesk krema sosu<\/li>\n<li>Tarak ve Kinpira Chirashi Su\u015fi<\/li>\n<li>Yuzu \u015ferbeti<\/li>\n<\/ul>\n<figure class=\"wp-caption aligncenter\"><a href=\"https:\/\/photos.google.com\/share\/AF1QipM0nXRD3ZjBCqfofC_2L51kjA9VsR-Jm-nHsO3I9ft-wU2MJhzGXGurwSJp9CZAjA\/photo\/AF1QipOcYLXYwnMHk4VtZrg8GyzEx_OzA8ZrB0bQa1A?key=TzFTT2xrNnlTU096MDZ5dWw2MlBrU0hwT3dqUkh3\" target=\"_blank\"><img decoding=\"async\" src=\"https:\/\/lh3.googleusercontent.com\/pw\/AP1GczMFvKTmbtmx5pNWP8VVbQZNzQuia4ABva3Mrrwmx1KD2X3ITc_bBFSzRjQXTrti51WMSGwJHmYpBsy26PHpNRZfSAdSoMiFobq5srGo7tkPw0ZOhs3yBjlRf_nRfErgF6gyICFv0wvFWPeY9t2g3oQR=w2000-h1125-s-no-gm?authuser=0\" width=\"2000\" height=\"1125\" alt=\"Men\u00fc\" class=\"size-full\" \/><\/a><figcaption class=\"wp-caption-text\">Men\u00fc<\/figcaption><\/figure>\n<figure class=\"wp-caption aligncenter\"><a href=\"https:\/\/photos.google.com\/share\/AF1QipM0nXRD3ZjBCqfofC_2L51kjA9VsR-Jm-nHsO3I9ft-wU2MJhzGXGurwSJp9CZAjA\/photo\/AF1QipMBgKq1jxgFzrJC7nmDaMFl3OuqEh6heE36p68?key=TzFTT2xrNnlTU096MDZ5dWw2MlBrU0hwT3dqUkh3\" target=\"_blank\"><img decoding=\"async\" src=\"https:\/\/lh3.googleusercontent.com\/pw\/AP1GczPLyixhakg_CPhH65konOVG7DV3kKI4hOC2x8BbV0Ev18KBMqvcJzunemUBxavWZEClGqoK6ifK491MQ4mCTeoJaPAyCr8BlMsgghkwSQDUai_BXPQoyy0YSswatTHSzNm3rFHG38E_1DVr72X7VmNc=w2000-h1125-s-no-gm?authuser=0\" width=\"2000\" height=\"1125\" alt=\"\u00c7e\u015fitli sashimi\" class=\"size-full\" \/><\/a><figcaption class=\"wp-caption-text\">\u00c7e\u015fitli sashimi<\/figcaption><\/figure>\n<figure class=\"wp-caption aligncenter\"><a href=\"https:\/\/photos.google.com\/share\/AF1QipM0nXRD3ZjBCqfofC_2L51kjA9VsR-Jm-nHsO3I9ft-wU2MJhzGXGurwSJp9CZAjA\/photo\/AF1QipNCvjKqWjyQ_T24HDZuzse0aiVo5XA9Z33xYOY?key=TzFTT2xrNnlTU096MDZ5dWw2MlBrU0hwT3dqUkh3\" target=\"_blank\"><img decoding=\"async\" src=\"https:\/\/lh3.googleusercontent.com\/pw\/AP1GczPr3lDhPlEtKQAa_zZTjTm88OmQM7-0LG8zdbA85rYKDnoy59wdoLMtEqnxPGsdUfvoYmvhmUCr4VSxtoRmDuBAchlIANGwn_CeiLrGUWmz2InkC5DF0IiOF6_f8lDG9kBbobt9g-wB8xED_rEcUAWk=w2000-h1125-s-no-gm?authuser=0\" width=\"2000\" height=\"1125\" alt=\"Sawara, ya\u011f ve Japon biberiyle \u0131zgara edilmi\u015f\" class=\"size-full\" \/><\/a><figcaption class=\"wp-caption-text\">Sawara, ya\u011f ve Japon biberiyle \u0131zgara edilmi\u015f<\/figcaption><\/figure>\n<figure class=\"wp-caption aligncenter\"><a href=\"https:\/\/photos.google.com\/share\/AF1QipM0nXRD3ZjBCqfofC_2L51kjA9VsR-Jm-nHsO3I9ft-wU2MJhzGXGurwSJp9CZAjA\/photo\/AF1QipMOOseOkCWdBLNv_6CsenayTsB5bpBnEmQDIBU?key=TzFTT2xrNnlTU096MDZ5dWw2MlBrU0hwT3dqUkh3\" target=\"_blank\"><img decoding=\"async\" src=\"https:\/\/lh3.googleusercontent.com\/pw\/AP1GczPLSZiuvaoIMA0Wr1T70H9fb4ltauUtDmXMTZ5w-CkoOiVhl9onYcYukmIjKtY1vaXp8vDRFwWkqhCKE7PFFoKOa2CT6D8fjkDwYBVvPa3JWaCTJUDXxlM01E-BeF3lgFO0ts9_c3N2X6rc1DBjkRDe=w2000-h1125-s-no-gm?authuser=0\" width=\"2000\" height=\"1125\" alt=\"Gomoku fasulye ezmesiyle ha\u015flanm\u0131\u015f gyoza\" class=\"size-full\" \/><\/a><figcaption class=\"wp-caption-text\">Gomoku fasulye ezmesiyle ha\u015flanm\u0131\u015f gyoza<\/figcaption><\/figure>\n<figure class=\"wp-caption aligncenter\"><a href=\"https:\/\/photos.google.com\/share\/AF1QipM0nXRD3ZjBCqfofC_2L51kjA9VsR-Jm-nHsO3I9ft-wU2MJhzGXGurwSJp9CZAjA\/photo\/AF1QipM57GWhUvQLczioxSBdz5aG1P9RXXWqWB6R9dY?key=TzFTT2xrNnlTU096MDZ5dWw2MlBrU0hwT3dqUkh3\" target=\"_blank\"><img decoding=\"async\" src=\"https:\/\/lh3.googleusercontent.com\/pw\/AP1GczO9XIOcMH29tboEc0MHwQdIBSUsx50jtml2sWr8EPs8oy1_3J4synZ8QYyIyTXCtiXZS1Ws1ToKlO4pycSz5_z6MaFBaeCK_9WDzRSZ931dDDS23n7zpPTx_LddHQOfPVxOtmJgI1D1_kkrg39BmE0-=w2000-h1125-s-no-gm?authuser=0\" width=\"2000\" height=\"1125\" alt=\"Tavuk ve Romanesk krema sosu\" class=\"size-full\" \/><\/a><figcaption class=\"wp-caption-text\">Tavuk ve Romanesk krema sosu<\/figcaption><\/figure>\n<figure class=\"wp-caption aligncenter\"><a href=\"https:\/\/photos.google.com\/share\/AF1QipM0nXRD3ZjBCqfofC_2L51kjA9VsR-Jm-nHsO3I9ft-wU2MJhzGXGurwSJp9CZAjA\/photo\/AF1QipPzmaHfhdW1q0Xz7Hg1dayxFI-sef5wfl-hI7s?key=TzFTT2xrNnlTU096MDZ5dWw2MlBrU0hwT3dqUkh3\" target=\"_blank\"><img decoding=\"async\" src=\"https:\/\/lh3.googleusercontent.com\/pw\/AP1GczMbPlVHwqGkq0ucMmMwg31nGycQUZq0noe-OFmxWROtmKIDmI-VyOJAXpKuss8cID7Zy6xszl52b4YHGf1peQ1lIHqez_IqNtxsooAw2soNpj9aNop_mWS5bszMU_Y1LaM5nmt6t_QoONbQ_1U7rshh=w2000-h1125-s-no-gm?authuser=0\" width=\"2000\" height=\"1125\" alt=\"Tarak ve Kinpira Chirashi Su\u015fi\" class=\"size-full\" \/><\/a><figcaption class=\"wp-caption-text\">Tarak ve Kinpira Chirashi Su\u015fi<\/figcaption><\/figure>\n<figure class=\"wp-caption aligncenter\"><a href=\"https:\/\/photos.google.com\/share\/AF1QipM0nXRD3ZjBCqfofC_2L51kjA9VsR-Jm-nHsO3I9ft-wU2MJhzGXGurwSJp9CZAjA\/photo\/AF1QipM-pDrdm4wDFHAz_7SL96EmO5hS2qa6VZchMNA?key=TzFTT2xrNnlTU096MDZ5dWw2MlBrU0hwT3dqUkh3\" target=\"_blank\"><img decoding=\"async\" src=\"https:\/\/lh3.googleusercontent.com\/pw\/AP1GczMuRcyx8j0GowwxKbcd5O86Iy0rRQ5xmvNp4mABGMDzD_9M6Z1Uu2vqhu6l4mBJXPN6r_O9WPhNLr52YQWcYIRwqYDLfdBxMvWcKRsTGI626e5NYx4DrBdlj5E7hQbj3oSPvG-0TgE-R6BPGpg5krQZ=w2000-h1125-s-no-gm?authuser=0\" width=\"2000\" height=\"1125\" alt=\"Yuzu \u015ferbeti\" class=\"size-full\" \/><\/a><figcaption class=\"wp-caption-text\">Yuzu \u015ferbeti<\/figcaption><\/figure>\n<h3>e\u011flence<\/h3>\n<p>Etkinlik, karaoke g\u00f6sterileri, g\u00f6steri korosunun \u015fark\u0131 s\u00f6ylemesi, bingo oyunu ve \u00f6zel \u00f6d\u00fcl \u00e7ekili\u015fi gibi \u00e7e\u015fitli muhte\u015fem yemekler ve e\u011flencelerle b\u00fcy\u00fck bir ba\u015far\u0131ya ula\u015ft\u0131.<\/p>\n<h4>1. Karaoke Pride Sunucular\u0131: Shiro Fuse ve Yoichi Fujita<\/h4>\n<figure class=\"wp-caption aligncenter\"><a href=\"https:\/\/photos.google.com\/share\/AF1QipM0nXRD3ZjBCqfofC_2L51kjA9VsR-Jm-nHsO3I9ft-wU2MJhzGXGurwSJp9CZAjA\/photo\/AF1QipNU3Ows2P9QzSwB_5psp6U6mfSaOb7vN777iVc?key=TzFTT2xrNnlTU096MDZ5dWw2MlBrU0hwT3dqUkh3\" target=\"_blank\"><img decoding=\"async\" src=\"https:\/\/lh3.googleusercontent.com\/pw\/AP1GczNMnbXRI_J6IOnM2hT5Pr4mxthpeZkd7CQRAOTP9Iti4N1rxBNVLstjcuGzhdzA921KQwvGME5w_14Me2qMBGeUThi8T1X9bRRFPsG7W5vqK30SihEezv6i75VposH_kyiJrD3xUGs8qssQbA8ZM4e1=w2000-h1125-s-no-gm?authuser=0\" width=\"2000\" height=\"1125\" alt=\"Karaoke&#039;nin Gururlu Ev Sahipleri: Bay Shiro Fuse ve Bay Yoichi Fujita\" class=\"size-full\" \/><\/a><figcaption class=\"wp-caption-text\">Karaoke&#039;nin Gururlu Ev Sahipleri: Bay Shiro Fuse ve Bay Yoichi Fujita<br \/><\/figcaption><\/figure>\n<h4>2. \u015eark\u0131 de\u011fi\u015fimi ve g\u00f6steri korosu Sunucu: Isamu Okita<\/h4>\n<p>Tak\u0131m A ve B olmak \u00fczere ikiye ayr\u0131l\u0131r ve her tak\u0131m ayn\u0131 anda farkl\u0131 bir \u015fark\u0131 s\u00f6yler. Oyun, benzer akor dizilerine sahip \u015fark\u0131lar\u0131 e\u015fle\u015ftirerek ho\u015f bir ses \u00e7\u0131karmalar\u0131n\u0131 sa\u011flamaya y\u00f6neliktir.<\/p>\n<p>\u015eark\u0131lar: &quot;Momotaro&quot; ve &quot;Kintaro&quot;, &quot;Kar&quot; ve &quot;Bahar Geldi&quot;, &quot;Den-den-mushi&quot; ve &quot;Shojoji&#039;s Tanuki Bayashi&quot;, Te &quot;Ayakkab\u0131lar A\u011fl\u0131yor&quot; ve Te &quot;Yuyake Koyake&quot; vb.<\/p>\n<h4>3. Bingo oyunu; Ev sahibi: Masaaki Nozawa ve Isamu Okita<\/h4>\n<figure class=\"wp-caption aligncenter\"><a href=\"https:\/\/photos.google.com\/share\/AF1QipM0nXRD3ZjBCqfofC_2L51kjA9VsR-Jm-nHsO3I9ft-wU2MJhzGXGurwSJp9CZAjA\/photo\/AF1QipPCKz1IeE_hS0QVZpRkWE_yEUy-ItIu_LGj42Y?key=TzFTT2xrNnlTU096MDZ5dWw2MlBrU0hwT3dqUkh3\" target=\"_blank\"><img decoding=\"async\" src=\"https:\/\/lh3.googleusercontent.com\/pw\/AP1GczPI6jMUnJOUyCX1q7xJjHObi8HRYyAsJMxb5VC0li5FfrNF0wGo4X0REr_MxTRuBWQtQJ4HA59s5QhvMu9PZKnre9F9le3oYATl3JxDQM0nPzprSEtdHXjr1FEzJitzE5RwdzGLyx0qfcYdL9XFwrM8=w2000-h1125-s-no-gm?authuser=0\" width=\"2000\" height=\"1125\" alt=\"Bingo Oyunlar\u0131\" class=\"size-full\" \/><\/a><figcaption class=\"wp-caption-text\">Bingo Oyunlar\u0131<\/figcaption><\/figure>\n<h4>4. \u00d6zel \u00d6d\u00fcl \u00c7ekili\u015fi<\/h4>\n<ul>\n<li>Hokuryu Kasabas\u0131ndan \u00d6d\u00fcller: Belediye Ba\u015fkan\u0131 Sasaki, Hokuryu Derne\u011fi \u00fcyelerine takdim edilmek \u00fczere \u00f6d\u00fclleri \u00e7ekecek\n<figure class=\"wp-caption aligncenter\"><a href=\"https:\/\/photos.google.com\/share\/AF1QipM0nXRD3ZjBCqfofC_2L51kjA9VsR-Jm-nHsO3I9ft-wU2MJhzGXGurwSJp9CZAjA\/photo\/AF1QipNWdRTxpojgsqJO4HZjaXPlevpC5IOfqGbwHoA?key=TzFTT2xrNnlTU096MDZ5dWw2MlBrU0hwT3dqUkh3\" target=\"_blank\"><img decoding=\"async\" src=\"https:\/\/lh3.googleusercontent.com\/pw\/AP1GczMdBnKUVKvx2XD3dRGbn-xxzNvkw-XFuYOBLr1ocCdZNl114DvYLjHwnah7gD1GT7sSSpjObp7AsCODN-cYYl7AqVVmpweKXiLzoP5FdRDLwfJPkTswXlgtWADcZzpW_ybv49ipWi0T-baZY0xXXEjR=w2000-h1125-s-no-gm?authuser=0\" width=\"2000\" height=\"1125\" alt=\"Hokuryu Kasabas\u0131ndan \u00d6d\u00fcller\" class=\"size-full\" \/><\/a><figcaption class=\"wp-caption-text\">Hokuryu Kasabas\u0131ndan \u00d6d\u00fcller<\/figcaption><\/figure>\n<figure class=\"wp-caption aligncenter\"><a href=\"https:\/\/photos.google.com\/share\/AF1QipM0nXRD3ZjBCqfofC_2L51kjA9VsR-Jm-nHsO3I9ft-wU2MJhzGXGurwSJp9CZAjA\/photo\/AF1QipN61X2Su8c8dYgHVyNxB1p8jHRPOMEMHkijwGc?key=TzFTT2xrNnlTU096MDZ5dWw2MlBrU0hwT3dqUkh3\" target=\"_blank\"><img decoding=\"async\" src=\"https:\/\/lh3.googleusercontent.com\/pw\/AP1GczOMeSZwqW0s3D87fTtLWYB7WdmATU-3Me1a2y2GVVf9_-z3yzEmmrm3BqaCoNYO_IKQ41jRfXw-_M6lQ_G2Kw1NvQQzffZGr5PgQv4mKcjIiznoW5W4yL2OWy6P0keVYJZ7AN7pA0JTDwZFqIN0sigO=w2000-h1125-s-no-gm?authuser=0\" width=\"2000\" height=\"1125\" alt=\"Hokuryu-kai&#039;den \u00f6d\u00fcller\" class=\"size-full\" \/><\/a><figcaption class=\"wp-caption-text\">Hokuryu-kai&#039;den \u00f6d\u00fcller<\/figcaption><\/figure>\n<figure class=\"wp-caption aligncenter\"><a href=\"https:\/\/photos.google.com\/share\/AF1QipM0nXRD3ZjBCqfofC_2L51kjA9VsR-Jm-nHsO3I9ft-wU2MJhzGXGurwSJp9CZAjA\/photo\/AF1QipNwyV5iCWS0FR4F4Wq6iGlBpYRivI29fLGoCYA?key=TzFTT2xrNnlTU096MDZ5dWw2MlBrU0hwT3dqUkh3\" target=\"_blank\"><img decoding=\"async\" src=\"https:\/\/lh3.googleusercontent.com\/pw\/AP1GczNBqx1wm2_PWA7CGOVXz02yCObp_aDFUUt6w0z2QVgIOxIKExvonlKkmafbyVRZBMxetSqTR-kh4QtrSs0wspCgWX0-0I-YsNygxaZdo5Ayk_pa00LDDq_Gvv_9AyS7dZmwg2opC-bzJbyIc5AL0aVW=w2000-h1125-s-no-gm?authuser=0\" width=\"2000\" height=\"1125\" alt=\"Piyango \u00f6d\u00fclleri\" class=\"size-full\" \/><\/a><figcaption class=\"wp-caption-text\">Piyango \u00f6d\u00fclleri<\/figcaption><\/figure>\n<\/li>\n<li>Sapporo Hokuryu-kai&#039;den \u00f6d\u00fcller: Takebayashi-kai Kasabas\u0131, Hokuryu-cho halk\u0131na \u00f6d\u00fcller vermek i\u00e7in bir piyango d\u00fczenleyecek<br \/>\n\u3000<br \/>\n<figure class=\"wp-caption aligncenter\"><a href=\"https:\/\/photos.google.com\/share\/AF1QipM0nXRD3ZjBCqfofC_2L51kjA9VsR-Jm-nHsO3I9ft-wU2MJhzGXGurwSJp9CZAjA\/photo\/AF1QipMVSPZ_pbtleN35_U9cY1qpbTh6x9knVl2zNWs?key=TzFTT2xrNnlTU096MDZ5dWw2MlBrU0hwT3dqUkh3\" target=\"_blank\"><img decoding=\"async\" src=\"https:\/\/lh3.googleusercontent.com\/pw\/AP1GczMhSDX2Fl7ViyHoLNOFi7LdizvDA5jrSvUX6zA1Nwldo01gsAQr7BVUohJ8yIXdZ8ZFQf7Z6S3rt7nN8ScCOF7NvmgGlvsT6rGkMkst6AGR5CZeDXS4eciu5kkaXflmolytQzuXL9-z2cTgZNQx88Qk=w2000-h1125-s-no-gm?authuser=0\" width=\"2000\" height=\"1125\" alt=\"Hokuryu-kai&#039;den bir hediye\" class=\"size-full\" \/><\/a><figcaption class=\"wp-caption-text\">Hokuryu-kai&#039;den bir hediye<\/figcaption><\/figure>\n<\/li>\n<h4>Kurosengoku \u0130\u015f Kooperatifi Derne\u011fi Ba\u015fkan\u0131 Takada Yukio&#039;dan &quot;Hima Y\u00fcz\u00fc\u011f\u00fc&quot; hediyesi!!!<\/h4>\n<figure class=\"wp-caption aligncenter\"><a href=\"https:\/\/photos.google.com\/share\/AF1QipM0nXRD3ZjBCqfofC_2L51kjA9VsR-Jm-nHsO3I9ft-wU2MJhzGXGurwSJp9CZAjA\/photo\/AF1QipOpPdtz3YNv7-3v9fcSx-ILtbhF47cVMdWyjVw?key=TzFTT2xrNnlTU096MDZ5dWw2MlBrU0hwT3dqUkh3\" target=\"_blank\"><img decoding=\"async\" src=\"https:\/\/lh3.googleusercontent.com\/pw\/AP1GczN9ZVThPlvcG-eJf9YR67yWnNc6mp-A4fgtpkLqL9HYpfjYLdRazsfYINe9kzOFmDsvWBLEuGuge_Id9MJh16EAefDMSlR-4asfRsEsLSX3tPKmB5V6jeELph313apdLpbi4Z7u7kX3u21PVPxH7CJV=w2000-h1125-s-no-gm?authuser=0\" width=\"2000\" height=\"1125\" alt=\"Kurosengoku \u0130\u015f Kooperatifi Derne\u011fi Ba\u015fkan\u0131 Takada Yukio&#039;dan &quot;Hima Y\u00fcz\u00fc\u011f\u00fc&quot; hediyesi!!!\" class=\"size-full\" \/><\/a><figcaption class=\"wp-caption-text\">Kurosengoku \u0130\u015f Kooperatifi Derne\u011fi Ba\u015fkan\u0131 Takada Yukio&#039;dan &quot;Hima Y\u00fcz\u00fc\u011f\u00fc&quot; hediyesi!!!<\/figcaption><\/figure>\n<\/li>\n<\/ul>\n<h3>Kapan\u0131\u015f t\u00f6reni: 1971 Mezunu Harumitsu Ito&#039;nun kadeh kald\u0131rmas\u0131!<\/h3>\n<figure class=\"wp-caption aligncenter\"><a href=\"https:\/\/photos.google.com\/share\/AF1QipM0nXRD3ZjBCqfofC_2L51kjA9VsR-Jm-nHsO3I9ft-wU2MJhzGXGurwSJp9CZAjA\/photo\/AF1QipP-_eBUBuplv0ISAjeVdes8GvrbeY_vpWWM24o?key=TzFTT2xrNnlTU096MDZ5dWw2MlBrU0hwT3dqUkh3\" target=\"_blank\"><img decoding=\"async\" src=\"https:\/\/lh3.googleusercontent.com\/pw\/AP1GczM-2YHfLzpZgxbyDArnE6dapEWL9-6bukCN1jVQ-rJubiXBQyYb9VdLc_A_Pe0Xb4jq6fejpfQkKCNotA1qJmwS-oAzFhNOqja764B7kCGJ9TVmqzrIxxHE4aPRCn94nLzj7UfNybfBbE7e9pQkESm1=w2000-h1125-s-no-gm?authuser=0\" width=\"2000\" height=\"1125\" alt=\"Bay Harumitsu Ito&#039;nun tostu\" class=\"size-full\" \/><\/a><figcaption class=\"wp-caption-text\">Bay Harumitsu Ito&#039;nun tostu<\/figcaption><\/figure>\n<p>Bu, g\u00f6rkemli Sapporo Hokuryu Festivali&#039;nin sonu anlam\u0131na geliyordu.<\/p>\n<figure class=\"wp-caption aligncenter\"><a href=\"https:\/\/photos.google.com\/share\/AF1QipM0nXRD3ZjBCqfofC_2L51kjA9VsR-Jm-nHsO3I9ft-wU2MJhzGXGurwSJp9CZAjA\/photo\/AF1QipO4wC2FHY1emg7qY7qj9NkrtU2AbOch6p9BFnY?key=TzFTT2xrNnlTU096MDZ5dWw2MlBrU0hwT3dqUkh3\" target=\"_blank\"><img decoding=\"async\" src=\"https:\/\/lh3.googleusercontent.com\/pw\/AP1GczOM--1YQMzpThyohjFVekX0XMBAnSO-Of5IaaIbieNLhts2YY2e-YBcyF12Er86aMOhr4fwXRv0rU569SwRBG9a8YxX4uhmtvIh-3XgPtfBB4US_jndXeDaqKqsavkvqZCjss9LQyHqlIWX8n6OTVo7=w2000-h1125-s-no-gm?authuser=0\" width=\"2000\" height=\"1125\" alt=\"Hokuryu Kasabas\u0131na otob\u00fcsle gidin\" class=\"size-full\" \/><\/a><figcaption class=\"wp-caption-text\">Hokuryu Kasabas\u0131na otob\u00fcsle gidin<\/figcaption><\/figure>\n<figure class=\"wp-caption aligncenter\"><a href=\"https:\/\/photos.google.com\/share\/AF1QipM0nXRD3ZjBCqfofC_2L51kjA9VsR-Jm-nHsO3I9ft-wU2MJhzGXGurwSJp9CZAjA\/photo\/AF1QipPgiwj9qcppLw3xMHtXwOMK4XyWMJZDTmV-wCs?key=TzFTT2xrNnlTU096MDZ5dWw2MlBrU0hwT3dqUkh3\" target=\"_blank\"><img decoding=\"async\" src=\"https:\/\/lh3.googleusercontent.com\/pw\/AP1GczNXsvMr2ibshtikm_SdoPPlb6zAe7_OrsduadaHKJwGLmAdzSlPc8U_r3Es_zlIg9Bc1Zpkn12jpCzNX3oEBBNMs_CfgC-TYrQxsGT0oSuIzi_K-ktE7ePxzXnGZA2wMwzL0PIkrMWLlP4WfZ9LKBPr=w2000-h1500-s-no-gm?authuser=0\" width=\"2000\" height=\"1500\" alt=\"Sapporo Hokuryu Derne\u011fi&#039;nde Hokuryu Kasabas\u0131&#039;n\u0131 g\u00f6zeten ve destekleyen herkese s\u0131n\u0131rs\u0131z sevgi, \u015f\u00fckran ve dualar\u0131m\u0131zla...\" class=\"size-full\" \/><\/a><figcaption class=\"wp-caption-text\">Sapporo Hokuryu Derne\u011fi&#039;nde Hokuryu Kasabas\u0131&#039;n\u0131 g\u00f6zeten ve destekleyen herkese s\u0131n\u0131rs\u0131z sevgi, \u015f\u00fckran ve dualar\u0131m\u0131zla...<\/figcaption><\/figure>\n<p>Sapporo Hokuryu Derne\u011fi&#039;nin kurulu\u015funun \u00fczerinden 57 y\u0131l ge\u00e7ti ve Hokuryu Kasabas\u0131&#039;n\u0131n de\u011ferli ruhu nesilden nesile aktar\u0131l\u0131yor.<\/p>\n<p>S\u0131n\u0131rs\u0131z sevgi, \u015f\u00fckran ve dualar\u0131mla, memleketleri Hokuryu&#039;yu seven, bizimle &quot;uyum ruhu&quot; ve &quot;\u015fefkat ruhu&quot;nu, yani nesilden nesile aktar\u0131lan s\u0131n\u0131r ruhunu payla\u015fan, bizi koruyan ve destekleyen t\u00fcm Sapporo Hokuryu Derne\u011fi \u00fcyelerine en i\u00e7ten \u015f\u00fckranlar\u0131m\u0131 sunmak istiyorum.<\/p>\n<h2>Youtube videolar\u0131<\/h2>\n<div class=\"youtube\"><iframe title=\"Memleketle sevgi ve ba\u011flar\u0131 derinle\u015ftiren bir gece: 2025 Sapporo Hokuryu Festivali g\u00f6rkemli bir \u015fekilde d\u00fczenlendi\" src=\"https:\/\/www.youtube.com\/embed\/VaFtIvubY5k?feature=oembed\" frameborder=\"0\" allow=\"accelerometer; autoplay; clipboard-write; encrypted-media; gyroscope; picture-in-picture; web-share\" referrerpolicy=\"strict-origin-when-cross-origin\" allowfullscreen><\/iframe><\/div>\n<h2>Di\u011fer foto\u011fraflar<\/h2>\n<div class=\"img-move\"><img decoding=\"async\" style=\"vertical-align: middle;\" src=\"https:\/\/ehokkaido.net\/wp-content\/uploads\/2021\/12\/2021-12-06-11.41.12.png\" \/> <a href=\"https:\/\/photos.app.goo.gl\/csuxeCEzoqbPBGLk9\" target=\"_blank\" rel=\"noopener noreferrer\">Hokuryu Taiko, Fukagawa&#039;daki &quot;7. Wadaiko De Itsu!&quot;ya kat\u0131ld\u0131! Foto\u011fraflar\u0131 (52 foto\u011fraf) buradan g\u00f6rebilirsiniz &gt;&gt;<\/a><\/div>\n<h2>\u0130lgili makaleler<\/h2>\n\n        <div class=\"site-blogcard-premium\">\n            <div class=\"bc-label-custom\">\u0130lgili makaleler<\/div>\n            <div class=\"bc-flex-container\">\n                <div class=\"bc-main-text\">\n                    <div class=\"bc-title-link-box\">\n                        <a href=\"https:\/\/portal.hokuryu.info\/tr\/47122\/\" target=\"_blank\">https:\/\/portal.hokuryu.info\/47122<\/a>\n                    <\/div>\n                    <div class=\"bc-excerpt-box\">Sayfa bilgileri al\u0131namad\u0131.<\/div>\n                <\/div>\n                <div class=\"bc-thumbnail-box\">\n                    <a href=\"https:\/\/portal.hokuryu.info\/tr\/47122\/\" target=\"_blank\">\n                        <div class=\"bc-img-zoom-wrap\">\n                            <img decoding=\"async\" src=\"https:\/\/portal.hokuryu.info\/wp\/wp-content\/uploads\/2026\/02\/20230802DSC06445_1.jpg\" alt=\"https:\/\/portal.hokuryu.info\/47122\">\n                        <\/div>\n                    <\/a>\n                <\/div>\n            <\/div>\n        <\/div>\n<p>\u25c7 <a href=\"https:\/\/portal.hokuryu.info\/tr\/38127\/#outline_1__7_2_1\">Foto\u011fraf\u00e7\u0131l\u0131k, d\u00fczenleme ve web sitesi y\u00f6netimi: Noboru Terauchi Yazar: Ikuko Terauchi<\/a><\/p>","protected":false},"excerpt":{"rendered":"<p>2025\u5e747\u67089\u65e5\uff08\u706b\uff09 6\u670829\u65e5\uff08\u65e5\uff09\u3001\u672d\u5e4c\u5e02\u3067\u4ee4\u548c7\u5e74\u5ea6\u300c\u3055\u3063\u307d\u308d\u5317\u7adc\u796d\u300d\u304c\u958b\u50ac\u3055\u308c\u307e\u3057\u305f\u3002\u5317\u7adc\u753a\u51fa\u8eab\u8005\u3084\u3086\u304b\u308a\u306e\u3042\u308b\u65b9\u300558\u540d\u304c\u96c6\u3044\u3001\u6545\u90f7\u306e\u8a71\u984c\u306b\u82b1\u3092\u54b2\u304b\u305b\u307e\u3057\u305f\u3002\u4f50\u3005\u6728\u753a\u9577\u304b\u3089\u306f\u3001\u5317\u7adc\u753a\u304c\u5730 [&hellip;]<\/p>\n","protected":false},"author":1,"featured_media":60892,"comment_status":"open","ping_status":"open","sticky":false,"template":"","format":"standard","meta":{"footnotes":""},"categories":[4,75,112],"tags":[],"class_list":["post-60585","post","type-post","status-publish","format-standard","has-post-thumbnail","hentry","category-cover-story","category-sasaki-yasuhiro-mayor","category-local_revitalization_2"],"_links":{"self":[{"href":"https:\/\/portal.hokuryu.info\/tr\/wp-json\/wp\/v2\/posts\/60585","targetHints":{"allow":["GET"]}}],"collection":[{"href":"https:\/\/portal.hokuryu.info\/tr\/wp-json\/wp\/v2\/posts"}],"about":[{"href":"https:\/\/portal.hokuryu.info\/tr\/wp-json\/wp\/v2\/types\/post"}],"author":[{"embeddable":true,"href":"https:\/\/portal.hokuryu.info\/tr\/wp-json\/wp\/v2\/users\/1"}],"replies":[{"embeddable":true,"href":"https:\/\/portal.hokuryu.info\/tr\/wp-json\/wp\/v2\/comments?post=60585"}],"version-history":[{"count":0,"href":"https:\/\/portal.hokuryu.info\/tr\/wp-json\/wp\/v2\/posts\/60585\/revisions"}],"wp:featuredmedia":[{"embeddable":true,"href":"https:\/\/portal.hokuryu.info\/tr\/wp-json\/wp\/v2\/media\/60892"}],"wp:attachment":[{"href":"https:\/\/portal.hokuryu.info\/tr\/wp-json\/wp\/v2\/media?parent=60585"}],"wp:term":[{"taxonomy":"category","embeddable":true,"href":"https:\/\/portal.hokuryu.info\/tr\/wp-json\/wp\/v2\/categories?post=60585"},{"taxonomy":"post_tag","embeddable":true,"href":"https:\/\/portal.hokuryu.info\/tr\/wp-json\/wp\/v2\/tags?post=60585"}],"curies":[{"name":"wp","href":"https:\/\/api.w.org\/{rel}","templated":true}]}}