{"id":60452,"date":"2025-07-04T11:36:13","date_gmt":"2025-07-04T02:36:13","guid":{"rendered":"https:\/\/portal.hokuryu.info\/?p=60452"},"modified":"2025-09-04T16:34:05","modified_gmt":"2025-09-04T07:34:05","slug":"fy2025-hokuryu-yangin-sondurme-tatbikati-hokuryu-kasabasi-hokkaido-zorlu","status":"publish","type":"post","link":"https:\/\/portal.hokuryu.info\/tr\/60452\/","title":{"rendered":"2025 Hokuryu Yang\u0131n Tatbikat\u0131 (Hokuryu Kasabas\u0131, Hokkaido) Zorlu e\u011fitimlerden ve s\u0131k\u0131 \u00e7al\u0131\u015fmalardan ge\u00e7en Hokuryu \u0130tfaiye Tugay\u0131 \u00fcyelerinin de\u011ferli ruhlar\u0131na minnettar\u0131z!"},"content":{"rendered":"<p>Cuma, 4 Temmuz 2025<\/p>\n<div class=\"ep-box es-BpaperRight es-grid bgc-VPsky\">Cuma g\u00fcn\u00fc, 27 Haziran&#039;da, Hokuryu Belediye Binas\u0131 otopark\u0131 2025 Hokuryu Yang\u0131n Tatbikat\u0131&#039;n\u0131 d\u00fczenledi. \u0130tfaiye tugay\u0131 \u00fcyeleri g\u00fcnl\u00fck e\u011fitimlerinin sonu\u00e7lar\u0131n\u0131 ge\u00e7it t\u00f6reni y\u00fcr\u00fcy\u00fc\u015fleri, pompa \u00e7al\u0131\u015ft\u0131rma ve sahte yang\u0131n tatbikatlar\u0131 ile g\u00f6sterdiler. Tatbikat, Yawara Anaokulu \u00e7ocuklar\u0131n\u0131n sevimli bir yang\u0131n \u00f6nleme s\u00f6z\u00fcyle toplumda yang\u0131n fark\u0131ndal\u0131\u011f\u0131n\u0131 art\u0131ran g\u00f6rkemli ve cesaretlendirici bir etkinlikti.<\/div>\n<h2>2020 Mali Y\u0131l\u0131 Hokuryu Yang\u0131n Tatbikat\u0131<\/h2>\n<p>Cuma g\u00fcn\u00fc, 27 Haziran&#039;da, saat 14:30&#039;dan itibaren, Hokuryu \u0130tfaiye Tugay\u0131 (\u015eef Nakayama Shigeyuki), Hokuryu Belediye Binas\u0131&#039;n\u0131n kuzey taraf\u0131ndaki otoparkta bir yang\u0131n tatbikat\u0131 d\u00fczenledi. Daha sonra, saat 17:00&#039;den itibaren, Hokuryu Belediye Toplum Merkezi&#039;nin b\u00fcy\u00fck salonunda bir sosyal toplant\u0131 d\u00fczenlendi.<\/p>\n<figure class=\"wp-caption aligncenter\"><a href=\"https:\/\/photos.google.com\/share\/AF1QipNaHV5dQZtDnYUeAe8AfnaaELOT8wnGbzquX5adC7oxfATy97h3Bl-UHL0hfVZnyw\/photo\/AF1QipPtYnsJoU-byMi6MRjI-MTr0VbFenGvB60t6tg?key=UEotVlNfZVNaSE9xR05GNERETEM4dEhRdHRPZGJR\" target=\"_blank\"><img decoding=\"async\" src=\"https:\/\/lh3.googleusercontent.com\/pw\/AP1GczPFIAfimmWy_2p3EccKbkT2n2QEqO7kvsDfwH3hpc12iiBPJYi8NDyE4QrDXwp6co6mLy7pETOQK4DKToYUNS6Vq4R-nznYDJvBEuq6KHrTK78Em_Wh1sbC19bJLEi0e5PyJSpq30x-urnPO4p-bCNX=w2000-h1125-s-no-gm?authuser=0\" width=\"2000\" height=\"1125\" alt=\"2020 Mali Y\u0131l\u0131 Hokuryu Yang\u0131n Tatbikat\u0131\" class=\"size-full\" \/><figcaption class=\"wp-caption-text\">2020 Mali Y\u0131l\u0131 Hokuryu Yang\u0131n Tatbikat\u0131<\/a><\/figcaption><\/figure>\n<h3>ama\u00e7<\/h3>\n<p>Bu derne\u011fin amac\u0131, Hokuriku \u0130tfaiye Tugay\u0131&#039;n\u0131n \u00e7e\u015fitli birimleri ile Hokuriku \u015eube Polis Karakolu aras\u0131ndaki i\u015fbirli\u011fini g\u00fc\u00e7lendirmek, Hokuriku Kasabas\u0131&#039;n\u0131n kapsaml\u0131 yang\u0131nla m\u00fccadele kabiliyetlerini g\u00f6stermek ve yang\u0131nla m\u00fccadele tekniklerini uygulayarak itfaiyecilerin moralini y\u00fckseltmek ve yerel halk aras\u0131nda yang\u0131n \u00f6nleme konusunda fark\u0131ndal\u0131k yaratmakt\u0131r.<\/p>\n<ul>\n<li><strong>Organizat\u00f6r:<\/strong>Fukagawa B\u00f6lge \u0130tfaiye Departman\u0131, Hokuryu \u0130tfaiye Tugay\u0131, Fukagawa B\u00f6lge \u0130tfaiye Departman\u0131, Hokuryu \u0130tfaiye \u0130stasyonu<\/li>\n<li><strong>Sponsor:<\/strong>Hokuryu \u0130tfaiye Tugay\u0131 Birli\u011fi Destek\u00e7ileri Derne\u011fi<\/li>\n<li><strong>i\u015fbirli\u011fi:<\/strong>Hokkaido \u0130l Polisi Asahikawa B\u00f6lgesi Fukagawa Polis Karakolu, Hokuryu Kasabas\u0131 Trafik G\u00fcvenli\u011fi E\u011fitmenleri Derne\u011fi, Hokuryu Kasabas\u0131 Yawara Anaokulu<\/li>\n<li><strong>Kat\u0131lan tak\u0131m\u0131n ad\u0131:<\/strong>\n<ul>\n<li>Fukagawa B\u00f6lge \u0130tfaiye Departman\u0131, Hokuryu \u0130tfaiye Tugay\u0131 1. B\u00f6l\u00fcm<\/li>\n<li>Fukagawa B\u00f6lge \u0130tfaiye Departman\u0131, Hokuryu \u0130tfaiye Tugay\u0131 2. B\u00f6l\u00fcm<\/li>\n<li>Fukagawa B\u00f6lge \u0130tfaiye Departman\u0131, Fukagawa \u0130tfaiye Departman\u0131 Hokuryu \u015eubesi<\/li>\n<\/ul>\n<\/li>\n<li><strong>mekan:<\/strong>Hokuryu Belediye Binas\u0131 Kuzey Otopark\u0131<\/li>\n<\/ul>\n<h2>Egzersizden sahneler<\/h2>\n<h3>1. Ayr\u0131 alay<\/h3>\n<p>\u00d6nc\u00fc ara\u00e7 olan &quot;Himawari&quot;, ba\u015fkomutan, komutan yard\u0131mc\u0131s\u0131, grup bayra\u011f\u0131, \u00f6d\u00fcl bayra\u011f\u0131, t\u00fcmen bayra\u011f\u0131, 1. t\u00fcmen mensuplar\u0131 ve 2. t\u00fcmen mensuplar\u0131 ile birlikte itfaiye ara\u00e7lar\u0131 Shiroyu, Shinryu, Izumiryu, Zhongryu ve Koryu&#039;nun e\u015fli\u011finde bir s\u0131ra halinde y\u00fcr\u00fcd\u00fc.<\/p>\n<figure class=\"wp-caption aligncenter\"><a href=\"https:\/\/photos.google.com\/share\/AF1QipNaHV5dQZtDnYUeAe8AfnaaELOT8wnGbzquX5adC7oxfATy97h3Bl-UHL0hfVZnyw\/photo\/AF1QipNjylCg6GlZ9ksWFc4NpAXtVGM2HuiqDk0UQqI?key=UEotVlNfZVNaSE9xR05GNERETEM4dEhRdHRPZGJR\" target=\"_blank\"><img decoding=\"async\" src=\"https:\/\/lh3.googleusercontent.com\/pw\/AP1GczNrXBcOtyD6naC5f-aqG2oFk1JhYSuCJT9Ioco8SxP4tIt0_SYCewMBAp5B5XgfqehbPBw7lWJQ8HgA8Y9Ek1x8s0s9MTaySlyE9PvUYhICCVae6vUqqa-MsjVQhMFzvX0RTRmsSRL-fbaMsBWSj2p0=w2000-h1125-s-no-gm?authuser=0\" width=\"2000\" height=\"1125\" alt=\"b\u00f6l\u00fcnme y\u00fcr\u00fcy\u00fc\u015f\u00fc\" class=\"size-full\" \/><\/a><figcaption class=\"wp-caption-text\">b\u00f6l\u00fcnme y\u00fcr\u00fcy\u00fc\u015f\u00fc<\/figcaption><\/figure>\n<figure class=\"wp-caption aligncenter\"><a href=\"https:\/\/photos.google.com\/share\/AF1QipNaHV5dQZtDnYUeAe8AfnaaELOT8wnGbzquX5adC7oxfATy97h3Bl-UHL0hfVZnyw\/photo\/AF1QipN6an50qJqO8AJIJtgdcjblIya9CQb909uk81c?key=UEotVlNfZVNaSE9xR05GNERETEM4dEhRdHRPZGJR\" target=\"_blank\"><img decoding=\"async\" src=\"https:\/\/lh3.googleusercontent.com\/pw\/AP1GczPTRh6i7mbPdMz9cf5ZAdm4R19bibKeHVbIq0WEsaVS7FEk_EMo1GWlHvdhUwIptec8T51REYDGK7C118Xc-9KcT3sJ-yydlhDHGsjmGSlWj4KRcw9yC0RDd_Rf2JwJkBLHPs7fd25mxgos4hi-9QB_=w2000-h1114-s-no-gm?authuser=0\" width=\"2000\" height=\"1125\" alt=\"b\u00f6l\u00fcnme y\u00fcr\u00fcy\u00fc\u015f\u00fc\" class=\"size-full\" \/><\/a><figcaption class=\"wp-caption-text\">b\u00f6l\u00fcnme y\u00fcr\u00fcy\u00fc\u015f\u00fc<\/figcaption><\/figure>\n<figure class=\"wp-caption aligncenter\"><a href=\"https:\/\/photos.google.com\/share\/AF1QipNaHV5dQZtDnYUeAe8AfnaaELOT8wnGbzquX5adC7oxfATy97h3Bl-UHL0hfVZnyw\/photo\/AF1QipOeILSr4AWyv8wyQUrL-ea4W-GB92GOk3uXwro?key=UEotVlNfZVNaSE9xR05GNERETEM4dEhRdHRPZGJR\" target=\"_blank\"><img decoding=\"async\" src=\"https:\/\/lh3.googleusercontent.com\/pw\/AP1GczPaT9OeuiX5-BN8ZTkF6ciLd6nCMUQqAgygYQxudx8aajF1AbeLd79RGZrt5oTL8yJJAVmAfzMzqZFn9LhEDYpu78NEOvF-DYTkXOWOZw9GIPsuvTCwte-b2_CsGav70SZxUBYNvdE4vEL0zGznEK6-=w2000-h1125-s-no-gm?authuser=0\" width=\"2000\" height=\"1125\" alt=\"Her itfaiye arac\u0131 y\u00fcr\u00fcyor\" class=\"size-full\" \/><\/a><figcaption class=\"wp-caption-text\">Her itfaiye arac\u0131 y\u00fcr\u00fcyor<\/figcaption><\/figure>\n<a href=\"https:\/\/photos.google.com\/share\/AF1QipNaHV5dQZtDnYUeAe8AfnaaELOT8wnGbzquX5adC7oxfATy97h3Bl-UHL0hfVZnyw\/photo\/AF1QipOmkr4lQWonyOeFOYpXqoNmirSNe-Wmp47XYmA?key=UEotVlNfZVNaSE9xR05GNERETEM4dEhRdHRPZGJR\" target=\"_blank\"><img decoding=\"async\" src=\"https:\/\/lh3.googleusercontent.com\/pw\/AP1GczM6ZE15OBJAK7RcUr2X1lWOKPb0_vWfTI2_s60MjvLmEEaqEAMVvctmeF7CIV69STDYSXLseLmAI7R8fCat2C3YKtbnMR-Z_GsD665LwwmUpRK1M0Cox_XUbJjTnC00KXOY0wAnn6gohaO4mWn6Xsrr=w2000-h1125-s-no-gm?authuser=0\" width=\"2000\" height=\"1125\" alt=\"rapor\" class=\"size-full\" \/><\/a>\n<h3>2. A\u00e7\u0131l\u0131\u015f T\u00f6reni<\/h3>\n<h4>Yawara Anaokulu \u00c7ocuk \u0130tfaiye Kul\u00fcb\u00fc&#039;n\u00fcn \u00e7ocuklar\u0131n\u0131n &quot;Yang\u0131n \u00d6nleme \u015eark\u0131s\u0131&quot; ve &quot;Yang\u0131n \u00d6nleme S\u00f6z\u00fc&quot;<\/h4>\n<p>Birbirine uyumlu ne\u015feli paltolar giyen ve k\u00fc\u00e7\u00fck pankartlar sallayan anaokulu \u00f6\u011frencileri &quot;Yang\u0131n \u00d6nleme \u015eark\u0131s\u0131&quot;n\u0131 s\u00f6yl\u00fcyor!<\/p>\n<p>&quot;Kap\u0131lar\u0131n\u0131z\u0131 kilitlemeye ve yang\u0131na dikkat etmeye dikkat edin.<br \/>\nG\u00fcnde bir kez iyi bir \u015fey yap<br \/>\nAnaokulu \u00e7ocuklar\u0131n\u0131n sevimli sesleri yank\u0131lan\u0131yor: &quot;G\u00fcl\u00fcmse, g\u00fcl\u00fcmse, Pazar!&quot;<\/p>\n<figure class=\"wp-caption aligncenter\"><a href=\"https:\/\/photos.google.com\/share\/AF1QipNaHV5dQZtDnYUeAe8AfnaaELOT8wnGbzquX5adC7oxfATy97h3Bl-UHL0hfVZnyw\/photo\/AF1QipOCy1ndQ8NIIvMrRk7OEXhHjEc0mvShdpT2syw?key=UEotVlNfZVNaSE9xR05GNERETEM4dEhRdHRPZGJR\" target=\"_blank\"><img decoding=\"async\" src=\"https:\/\/lh3.googleusercontent.com\/pw\/AP1GczMMpHL9QfglFiNwlvkCrVWVmvWoPD0_Pr7iZAAxBiWGPj2eQNPCl4yZ0ColghVkzVlIbGJhfHtVPrNAKNlXULxUTHodDrsppQv6aGDFWFcAoKqoaTz8WbSowkZX5QVpcU52sp1f6_aVNi8ReMsipunp=w2000-h1125-s-no-gm?authuser=0\" width=\"2000\" height=\"1125\" alt=\"Yang\u0131n \u00f6nleme \u015fark\u0131s\u0131\" class=\"size-full\" \/><\/a><figcaption class=\"wp-caption-text\">Yang\u0131n \u00f6nleme \u015fark\u0131s\u0131<\/figcaption><\/figure>\n<h4>Yang\u0131n \u00f6nleme s\u00f6z\u00fc<\/h4>\n<p>Sonra iki anaokulu \u00e7ocu\u011fu belirdi!<\/p>\n<p>``Kei-rei!&#039;&#039; ``Asla ate\u015fle oynamayaca\u011f\u0131z!&#039;&#039; ``Kei-rei!&#039;&#039; Yeminlerini y\u00fcksek sesle ettiler!<\/p>\n<figure class=\"wp-caption aligncenter\"><a href=\"https:\/\/photos.google.com\/share\/AF1QipNaHV5dQZtDnYUeAe8AfnaaELOT8wnGbzquX5adC7oxfATy97h3Bl-UHL0hfVZnyw\/photo\/AF1QipNIrIOahj4CyvBJxuB-PAxPeHiBPODd0Blzj1M?key=UEotVlNfZVNaSE9xR05GNERETEM4dEhRdHRPZGJR\" target=\"_blank\"><img decoding=\"async\" src=\"https:\/\/lh3.googleusercontent.com\/pw\/AP1GczNN7fBr2tESebyaeYzlXIeSToO-Y06LXjCN-oXnUPgZxXb8rmyYGAC6aUVcIESriLMyR0zF-1FIW80CIxwI07zgdrJk11oAAnVj_MzIMTafToxB6X1ZHRBkVIe5yrJRLoXSyLoltW3dDMNqOmzq5EmG=w2000-h1125-s-no-gm?authuser=0\" width=\"2000\" height=\"1125\" alt=\"Yang\u0131n \u00f6nleme s\u00f6z\u00fc\" class=\"size-full\" \/><\/a><figcaption class=\"wp-caption-text\">Yang\u0131n \u00f6nleme s\u00f6z\u00fc<\/figcaption><\/figure>\n<figure class=\"wp-caption aligncenter\"><a href=\"https:\/\/photos.google.com\/share\/AF1QipNaHV5dQZtDnYUeAe8AfnaaELOT8wnGbzquX5adC7oxfATy97h3Bl-UHL0hfVZnyw\/photo\/AF1QipP3Lz86K6-vUV0QVO21S9_eRItB7Inb_vhxJsI?key=UEotVlNfZVNaSE9xR05GNERETEM4dEhRdHRPZGJR\" target=\"_blank\"><img decoding=\"async\" src=\"https:\/\/lh3.googleusercontent.com\/pw\/AP1GczMYyK_HeD9uUhOxDj-s47nzLDrmxyGJOlUu0bvRjjEkz5wSAYipYwJpdkYeVe_v3pJ8SS2UT1K_hwVtSUxWZ7OPf6KMYGfVpihyt9dyMtEG1kM5-pXmDFm1WbssphYmnad2GgUFhUfTLA7iYr8avdaO=w2000-h1125-s-no-gm?authuser=0\" width=\"2000\" height=\"1125\" alt=\"Ebeveynlerin g\u00f6z\u00fc \u00f6n\u00fcnde...\" class=\"size-full\" \/><\/a><figcaption class=\"wp-caption-text\">Ebeveynlerin g\u00f6z\u00fc \u00f6n\u00fcnde...<\/figcaption><\/figure>\n<h3>A\u00e7\u0131l\u0131\u015f T\u00f6reni<\/h3>\n<h4>A\u00e7\u0131l\u0131\u015f T\u00f6reni Haz\u0131rl\u0131\u011f\u0131<\/h4>\n<ul>\n<li><strong>Personel, makine ve ekipman muayene raporu:<\/strong>Komutan \u21d2 Komutan Yard\u0131mc\u0131s\u0131 \u21d2 Ba\u015fkomutan<\/li>\n<li><strong>Ba\u015fkomutan\u0131n emri:<\/strong>Takashi Ukai Ba\u015fkomutan<\/li>\n<\/ul>\n<figure class=\"wp-caption aligncenter\"><a href=\"https:\/\/photos.google.com\/share\/AF1QipNaHV5dQZtDnYUeAe8AfnaaELOT8wnGbzquX5adC7oxfATy97h3Bl-UHL0hfVZnyw\/photo\/AF1QipOWwjItM2UjzX3Gap8C0QIPe4LMcgDFaGPTV18?key=UEotVlNfZVNaSE9xR05GNERETEM4dEhRdHRPZGJR\" target=\"_blank\"><img decoding=\"async\" src=\"https:\/\/lh3.googleusercontent.com\/pw\/AP1GczMbi4yXxsuXLBB7yV8Oj9Spjcbzv5mSD_ldFTLn6qHD5wAuHO8-W9eLKIuCbjgHR15wVk7KHdXHwiI_QAvFeMKPrhh1pLRKNfEqD8oHXXNxZNwhCMZ290Up02EUqzEqXv2bmZQwdr5U6049QI8U5822=w2000-h1125-s-no-gm?authuser=0\" width=\"2000\" height=\"1125\" alt=\"\u00dcyeler s\u0131raya giriyor\" class=\"size-full\" \/><\/a><figcaption class=\"wp-caption-text\">\u00dcyeler s\u0131raya giriyor<\/figcaption><\/figure>\n<h4>A\u00e7\u0131l\u0131\u015f konu\u015fmas\u0131: Komutan Yard\u0131mc\u0131s\u0131 Akinori Fujii<\/h4>\n<figure class=\"wp-caption aligncenter\"><a href=\"https:\/\/photos.google.com\/share\/AF1QipNaHV5dQZtDnYUeAe8AfnaaELOT8wnGbzquX5adC7oxfATy97h3Bl-UHL0hfVZnyw\/photo\/AF1QipP684GuYSFxL3bHnYFTIjqYYOtWnFakg0BPxt8?key=UEotVlNfZVNaSE9xR05GNERETEM4dEhRdHRPZGJR\" target=\"_blank\"><img decoding=\"async\" src=\"https:\/\/lh3.googleusercontent.com\/pw\/AP1GczOrP0bb6FjRJ8WKwTo2Ytixk5gkW4wxiv6WQigumeOkFrbpCW0rbZrmVi6yWvDyXA4zVkXNcrXrFQAUbTOySIjTSvPOqS6l-JP_rfHregAeVF-zn_o4sO1nvJFe85WW3MaZeQSPfc5KJLST94vcAc1o=w2000-h1125-s-no-gm?authuser=0\" width=\"2000\" height=\"1125\" alt=\"A\u00e7\u0131l\u0131\u015f konu\u015fmas\u0131: Komutan Yard\u0131mc\u0131s\u0131 Akinori Fujii\" class=\"size-full\" \/><\/a><figcaption class=\"wp-caption-text\">A\u00e7\u0131l\u0131\u015f konu\u015fmas\u0131: Komutan Yard\u0131mc\u0131s\u0131 Akinori Fujii<\/figcaption><\/figure>\n<h4>Bayra\u011fa selam<\/h4>\n<figure class=\"wp-caption aligncenter\"><a href=\"https:\/\/photos.google.com\/share\/AF1QipNaHV5dQZtDnYUeAe8AfnaaELOT8wnGbzquX5adC7oxfATy97h3Bl-UHL0hfVZnyw\/photo\/AF1QipPSC24sCsiWa61QKsf2zlpa40e0Rgj8wyXL5aM?key=UEotVlNfZVNaSE9xR05GNERETEM4dEhRdHRPZGJR\" target=\"_blank\"><img decoding=\"async\" src=\"https:\/\/lh3.googleusercontent.com\/pw\/AP1GczPy3E5BiJZcsZ-iObk4e2cDWIMkmNOH9FITV2dqvu7tEVLntOefm5HRpv9oBMqk11-Eqq9eMF2jwz2oyKVXvCRtGt025UB3-jY9MEhKKuUWQ0KNPbe1brrZhUfn4YFw2ZuhKFfdT4AqWMW5tzwKRXxR=w2000-h1125-s-no-gm?authuser=0\" width=\"2000\" height=\"1125\" alt=\"ulusal bayrak selam\u0131\" class=\"size-full\" \/><\/a><figcaption class=\"wp-caption-text\">ulusal bayrak selam\u0131<\/figcaption><\/figure>\n<h4>Hayat\u0131n\u0131 kaybeden itfaiyeciler i\u00e7in bir dakikal\u0131k sayg\u0131 duru\u015fu<\/h4>\n<figure class=\"wp-caption aligncenter\"><a href=\"https:\/\/photos.google.com\/share\/AF1QipNaHV5dQZtDnYUeAe8AfnaaELOT8wnGbzquX5adC7oxfATy97h3Bl-UHL0hfVZnyw\/photo\/AF1QipPisNXU-aAKah9NPRd28g1kYFZyM5-x-PdwhGE?key=UEotVlNfZVNaSE9xR05GNERETEM4dEhRdHRPZGJR\" target=\"_blank\"><img decoding=\"async\" src=\"https:\/\/lh3.googleusercontent.com\/pw\/AP1GczPxydoQlCGynJ1I1HjFjFD_5jIKhcPDpZvMGaq8UhQEUNKVIjdx1YR0n-zAyLL7m7u0zs38dt8EMHPdRiimPu4iaGmwq-7osv49liKAa4A6V9w11NC3NF4meVJs40kQN7FQflbaG7sNAlLwNkAlXQ1f=w2000-h1125-s-no-gm?authuser=0\" width=\"2000\" height=\"1125\" alt=\"sessiz dua\" class=\"size-full\" \/><\/a><figcaption class=\"wp-caption-text\">sessiz dua<\/figcaption><\/figure>\n<h4>Personel Raporu: Takashi Ukai, Genel Komutan<\/h4>\n<figure class=\"wp-caption aligncenter\"><a href=\"https:\/\/photos.google.com\/share\/AF1QipNaHV5dQZtDnYUeAe8AfnaaELOT8wnGbzquX5adC7oxfATy97h3Bl-UHL0hfVZnyw\/photo\/AF1QipOsi8JRpFAaQAzQT_OyRXoS-rud_ZuTFtsED9k?key=UEotVlNfZVNaSE9xR05GNERETEM4dEhRdHRPZGJR\" target=\"_blank\"><img decoding=\"async\" src=\"https:\/\/lh3.googleusercontent.com\/pw\/AP1GczPL7A5bW9NPMPi5kc41L8Qrl8Fs_BmKN_xI3ueZCe8qhS7azk722KNBtDMtEYgECh_bB0kotPNPNRTT9tTdy-lZJRVG1wjBJNQEwYeynigC0IZtJn8tNU3S6xBggExDlJaVGo5drlWRImk5FFmA4m9O=w2000-h1125-s-no-gm?authuser=0\" width=\"2000\" height=\"1125\" alt=\"Personel Raporu: Takashi Ukai, Genel Komutan\" class=\"size-full\" \/><\/a><figcaption class=\"wp-caption-text\">Personel Raporu: Takashi Ukai, Genel Komutan<\/figcaption><\/figure>\n<h3>Ba\u015fm\u00fcfetti\u015ften selamlar: Yasuhiro Sasaki, Ba\u015fm\u00fcfetti\u015f (Hokuryu Kasabas\u0131 Belediye Ba\u015fkan\u0131)<\/h3>\n<figure class=\"wp-caption aligncenter\"><a href=\"https:\/\/photos.google.com\/share\/AF1QipNaHV5dQZtDnYUeAe8AfnaaELOT8wnGbzquX5adC7oxfATy97h3Bl-UHL0hfVZnyw\/photo\/AF1QipM2Lt1Zj0xvmLvmoK9YOr5HXx0jFfw54xjLi4k?key=UEotVlNfZVNaSE9xR05GNERETEM4dEhRdHRPZGJR\" target=\"_blank\"><img decoding=\"async\" src=\"https:\/\/lh3.googleusercontent.com\/pw\/AP1GczO0G_d9Mma96y6ZGziXl8vzEViCrwIm3NXLpekWvr5826PV8-6J79dsF2eQbVucHJJc3z4YdMyePKvJve_7pRraz2ns09p7yejaU4REAxj0z_scXT13lbRR31L9Zk6AWxqyHJ29kMpV3HiRtYH60Qr8=w2000-h1125-s-no-gm?authuser=0\" width=\"2000\" height=\"1125\" alt=\"Ba\u015fm\u00fcfetti\u015ften selamlar: Yasuhiro Sasaki, Ba\u015fm\u00fcfetti\u015f (Hokuryu Kasabas\u0131 Belediye Ba\u015fkan\u0131)\" class=\"size-full\" \/><\/a><figcaption class=\"wp-caption-text\">Ba\u015fm\u00fcfetti\u015ften selamlar: Yasuhiro Sasaki, Ba\u015fm\u00fcfetti\u015f (Hokuryu Kasabas\u0131 Belediye Ba\u015fkan\u0131)<\/figcaption><\/figure>\n<p>&quot;2025 y\u0131l\u0131 tarihi ve geleneksel Hokuryu Yang\u0131n Tatbikat\u0131n\u0131n bug\u00fcn burada b\u00f6ylesine g\u00f6rkemli bir \u015fekilde ve \u00e7ok say\u0131da se\u00e7kin konu\u011fun kat\u0131l\u0131m\u0131yla ger\u00e7ekle\u015ftirilmesinden b\u00fcy\u00fck mutluluk duyuyorum.<\/p>\n<p>Bu muhte\u015fem yang\u0131n tatbikat\u0131 vesilesiyle, \u015eef Nakayama komutas\u0131 alt\u0131nda, itfaiye tugay\u0131 \u00fcyeleri, kasaba halk\u0131n\u0131n can ve mal g\u00fcvenli\u011fini korumak i\u00e7in yerel alanda \u00f6nleme ve yang\u0131nla m\u00fccadele \u00e7al\u0131\u015fmalar\u0131nda gece g\u00fcnd\u00fcz muazzam \u00e7abalar sarf ettiler. \u0130tfaiye tugay\u0131n\u0131n t\u00fcm \u00fcyelerine en derin sayg\u0131lar\u0131m\u0131 ve \u015f\u00fckranlar\u0131m\u0131 sunmak istiyorum ve g\u00fcnl\u00fck e\u011fitimlerinin sonu\u00e7lar\u0131n\u0131 tam olarak g\u00f6stereceklerini ve bu tatbikat\u0131n b\u00fcy\u00fck bir ba\u015far\u0131 olaca\u011f\u0131n\u0131 umuyorum.<\/p>\n<p>Bu y\u0131l ise \u00fclkenin d\u00f6rt bir yan\u0131nda birbiri ard\u0131na \u00e7\u0131kan b\u00fcy\u00fck \u00e7apl\u0131 orman yang\u0131nlar\u0131, yang\u0131nla m\u00fccadele \u00e7al\u0131\u015fmalar\u0131n\u0131 olduk\u00e7a zorla\u015ft\u0131r\u0131yor ve geni\u015f \u00e7apl\u0131 hasara yol a\u00e7\u0131yor.<\/p>\n<p>Kitary\u016b Kasabas\u0131&#039;n\u0131n b\u00fcy\u00fck bir k\u0131sm\u0131 ormanlarla kapl\u0131 oldu\u011fundan ve s\u00fcrekli tehlike alt\u0131nda ya\u015fad\u0131\u011f\u0131m\u0131zdan, felaketlerin meydana gelmesini \u00f6nlemek i\u00e7in her \u015feyden \u00f6nce kapsaml\u0131 \u00f6nleyici yang\u0131n s\u00f6nd\u00fcrme \u00e7al\u0131\u015fmalar\u0131n\u0131n daha \u00f6nemli oldu\u011funu d\u00fc\u015f\u00fcn\u00fcyoruz.<\/p>\n<p>\u0130tfaiye te\u015fkilatlar\u0131, sadece g\u00fcnl\u00fck hayatta ya\u015fanan afetler de\u011fil, deprem, f\u0131rt\u0131na, sel gibi do\u011fal afetler, ara\u00e7 kazalar\u0131, sivil savunmay\u0131 ilgilendiren acil durumlar gibi \u00e7a\u011f\u0131n gerektirdi\u011fi \u00e7e\u015fitli durumlara m\u00fcdahale etmekle g\u00f6revlendirilmekte ve onlardan beklentiler artmaktad\u0131r.<\/p>\n<p>Ge\u00e7ti\u011fimiz y\u0131l Kitary\u016b Kasabas\u0131nda, Kita Sorachi b\u00f6lgesindeki 119 acil \u00e7a\u011fr\u0131 al\u0131m operasyonlar\u0131n\u0131 merkezile\u015ftirmek ve m\u00fcdahale sistemimizi g\u00fc\u00e7lendirmek i\u00e7in \u00e7al\u0131\u015f\u0131yorduk.<\/p>\n<p>Herhangi bir afet durumunda, t\u00fcm ekip \u00fcyelerinizden, modern yang\u0131n s\u00f6nd\u00fcrme ekipmanlar\u0131n\u0131 ve ald\u0131klar\u0131 e\u011fitimlerle kazand\u0131klar\u0131 becerileri kullanarak, h\u0131zl\u0131 bir \u015fekilde m\u00fcdahale etmelerini ve yerel halk\u0131n beklentilerini kar\u015f\u0131lamalar\u0131n\u0131 bir kez daha rica ediyoruz.<\/p>\n<p>Son olarak, bu tatbikata kat\u0131lan \u0130tfaiye Destek\u00e7ileri Derne\u011fi ve trafik g\u00fcvenli\u011fi e\u011fitmenlerine ve bug\u00fcnk\u00fc tatbikata renk katan Yawara Anaokulu Gen\u00e7 \u0130tfaiye Kul\u00fcb\u00fc \u00fcyelerine i\u00e7ten \u015f\u00fckranlar\u0131m\u0131 sunmak istiyorum. Ayr\u0131ca bug\u00fcn kat\u0131lan t\u00fcm \u00fcyelere ve t\u00fcm se\u00e7kin konuklara en iyi dileklerimi iletmek ve bu tatbikat hakk\u0131ndaki s\u00f6zlerimi sonland\u0131rmak istiyorum&quot; dedi M\u00fcfetti\u015f Sasaki.<\/p>\n<h3>Denetleme<\/h3>\n<figure class=\"wp-caption aligncenter\"><a href=\"https:\/\/photos.google.com\/share\/AF1QipNaHV5dQZtDnYUeAe8AfnaaELOT8wnGbzquX5adC7oxfATy97h3Bl-UHL0hfVZnyw\/photo\/AF1QipN5NhocPN3pg8XxZoigPpOVTee2P4374r_JNWQ?key=UEotVlNfZVNaSE9xR05GNERETEM4dEhRdHRPZGJR\" target=\"_blank\"><img decoding=\"async\" src=\"https:\/\/lh3.googleusercontent.com\/pw\/AP1GczNCpNDyZ3JcPA7KzlEDl4UQzIwiGFT7MsYZSsl1F1UDnI2F044oTAKoohl3TP4_JZjJXgvK1Xr3Ea2EPodEPmg0kcW6hk8MQsqsYnDj0BeC086sAI0UXJAVQ9g0_pm1A9K-0fhxKg77RqKBi11Bgsf9=w2000-h1125-s-no-gm?authuser=0\" width=\"2000\" height=\"1125\" alt=\"Denetleme\" class=\"size-full\" \/><\/a><figcaption class=\"wp-caption-text\">Denetleme<\/figcaption><\/figure>\n<figure class=\"wp-caption aligncenter\"><a href=\"https:\/\/photos.google.com\/share\/AF1QipNaHV5dQZtDnYUeAe8AfnaaELOT8wnGbzquX5adC7oxfATy97h3Bl-UHL0hfVZnyw\/photo\/AF1QipMU0SrOaxACo4iik4ZaK9IYvtZuPXG-oY7vWuo?key=UEotVlNfZVNaSE9xR05GNERETEM4dEhRdHRPZGJR\" target=\"_blank\"><img decoding=\"async\" src=\"https:\/\/lh3.googleusercontent.com\/pw\/AP1GczP2Gzjh2b9_UDCs_q1llqO7HHcVlp0kVtM9d4QCow9DiU5c6NMu5r6mMyzhGeKOw7xfeQZRpLgZMN_owspcec5lCbcWaV_DJ6UMCQb-KuplX799nX6368san9Jr2AwbKxOCO8T2MZJ33u8xZKYv1YPs=w2000-h1125-s-no-gm?authuser=0\" width=\"2000\" height=\"1125\" alt=\"Denetleme\" class=\"size-full\" \/><\/a><figcaption class=\"wp-caption-text\">Denetleme<\/figcaption><\/figure>\n<h2>egzersizler<\/h2>\n<h3>1. Disiplin e\u011fitimi<\/h3>\n<ul>\n<li><strong>Hokuryu \u0130tfaiye Tugay\u0131 Tak\u0131m Lideri (27 \u00fcye):<\/strong>Bay Okunobu Asakura, 2. B\u00f6l\u00fcm\u00fcn Tak\u0131m Lideri<\/li>\n<\/ul>\n<figure class=\"wp-caption aligncenter\"><a href=\"https:\/\/photos.google.com\/share\/AF1QipNaHV5dQZtDnYUeAe8AfnaaELOT8wnGbzquX5adC7oxfATy97h3Bl-UHL0hfVZnyw\/photo\/AF1QipPlTb0tpMzdHemHnoqpmgtKKDUlRFsCkwklvpQ?key=UEotVlNfZVNaSE9xR05GNERETEM4dEhRdHRPZGJR\"><img decoding=\"async\" src=\"https:\/\/lh3.googleusercontent.com\/pw\/AP1GczNm52dIQ15o99u_HNf_M-A5UZ6rtOs4Vz36NsNbiCcVotWHoLzQO58IDadNiHCtZxh1lBo6C3dJIH4ST-Tg7ri1ZCiHKLCacUdhsrYTsJy3fhDux426qv0OXwkBY16c__mhYTTrENkRWcKNEt7lGceb=w2000-h1125-s-no-gm?authuser=0\" width=\"2000\" height=\"1125\" alt=\"\u00dcyeler s\u0131raya giriyor\" class=\"size-full\" \/><\/a><figcaption class=\"wp-caption-text\">\u00dcyeler s\u0131raya giriyor<\/figcaption><\/figure>\n<figure class=\"wp-caption aligncenter\"><a href=\"https:\/\/photos.google.com\/share\/AF1QipNaHV5dQZtDnYUeAe8AfnaaELOT8wnGbzquX5adC7oxfATy97h3Bl-UHL0hfVZnyw\/photo\/AF1QipMRETf4zXkV67hLSJl16aVEpa695SBRVWiehog?key=UEotVlNfZVNaSE9xR05GNERETEM4dEhRdHRPZGJR\" target=\"_blank\"><img decoding=\"async\" src=\"https:\/\/lh3.googleusercontent.com\/pw\/AP1GczPhDchxQUxji2Xa1b1msewZ8Fc7xe1dls-j_nCSmzwBfE-25Nc0LYBKpJiCOkPxJOno61zak_wMQd7IUdA9qi9IsTFZ_-mDiX6PubJR0A-MF1kyqiYK_R1YEpl6M-k_xLCiEYsa7ainwGqemUQKzO7e=w2000-h1125-s-no-gm?authuser=0\" width=\"2000\" height=\"1125\" alt=\"disiplin e\u011fitimi\" class=\"size-full\" \/><\/a><figcaption class=\"wp-caption-text\">disiplin e\u011fitimi<\/figcaption><\/figure>\n<figure class=\"wp-caption aligncenter\"><a href=\"https:\/\/photos.google.com\/share\/AF1QipNaHV5dQZtDnYUeAe8AfnaaELOT8wnGbzquX5adC7oxfATy97h3Bl-UHL0hfVZnyw\/photo\/AF1QipPlXIiSAgmkNZdjU8H7jQX-kiDDD1vtQ7SOCAU?key=UEotVlNfZVNaSE9xR05GNERETEM4dEhRdHRPZGJR\" target=\"_blank\"><img decoding=\"async\" src=\"https:\/\/lh3.googleusercontent.com\/pw\/AP1GczNWtHuinbgDMregwOGlR_hotnbh_2eKxd0PATfEaJMba3RAGyWS_yjw3hPZECFOD30RWDN1lskbPWTnbtpzkta_rnSl5jj_YTkFaFMdt3-y65Y50FiLmASwRQeWHtg3rute0dZc_bEYWquuEk888BFv=w2000-h1125-s-no-gm?authuser=0\" width=\"2000\" height=\"1125\" alt=\"Birlik ve beraberlikle ve \u00e7eviklikle y\u00fcr\u00fcy\u00fc\u015f\" class=\"size-full\" \/><\/a><figcaption class=\"wp-caption-text\">Birlik ve beraberlikle ve \u00e7eviklikle y\u00fcr\u00fcy\u00fc\u015f<\/figcaption><\/figure>\n<figure class=\"wp-caption aligncenter\"><a href=\"https:\/\/photos.google.com\/share\/AF1QipNaHV5dQZtDnYUeAe8AfnaaELOT8wnGbzquX5adC7oxfATy97h3Bl-UHL0hfVZnyw\/photo\/AF1QipMuoDYBgZPDSPUsgfVW961i1c4be2O20osx0SM?key=UEotVlNfZVNaSE9xR05GNERETEM4dEhRdHRPZGJR\" target=\"_blank\"><img decoding=\"async\" src=\"https:\/\/lh3.googleusercontent.com\/pw\/AP1GczNYc7t_eZ9WIi1pYdcRiBYHF7YVK-A6bbgs3jg8Fd62kvaw_8O3Ud-6unlwuCMYy_oH-Mo2FOx6ffjIkS-yHeI2xddADHMaJwyZOAGRHo_Tq4DFk2mlvZpKpnV-ZrOwgT11d_z9oO-MPOe9gbbVi7ab=w2000-h1125-s-no-gm?authuser=0\" width=\"2000\" height=\"1125\" alt=\"Sa\u011fa do\u011fru \u00f6\u011fren\" class=\"size-full\" \/><\/a><figcaption class=\"wp-caption-text\">Sa\u011fa do\u011fru \u00f6\u011fren<\/figcaption><\/figure>\n<h3>2. Yang\u0131n pompas\u0131 \u00e7al\u0131\u015fmas\u0131 (su tahliye \u00e7al\u0131\u015fmas\u0131)<\/h3>\n<h4>1. Lig<\/h4>\n<ul>\n<li><strong>Manevra t\u00fcr\u00fc:<\/strong>K\u00fc\u00e7\u00fck pompa \u00e7al\u0131\u015fmas\u0131 ve elde tutulan \u00e7ift sar\u0131l\u0131 hortum tek hat uzatma<\/li>\n<li><strong>\u015eef:<\/strong>Masayuki Takada Tak\u0131m Lideri<\/li>\n<\/ul>\n<figure class=\"wp-caption aligncenter\"><a href=\"https:\/\/photos.google.com\/share\/AF1QipNaHV5dQZtDnYUeAe8AfnaaELOT8wnGbzquX5adC7oxfATy97h3Bl-UHL0hfVZnyw\/photo\/AF1QipMe9j_3qKeDOUI9nEvV7IKMlmCz2Yp82b7_5ws?key=UEotVlNfZVNaSE9xR05GNERETEM4dEhRdHRPZGJR\" target=\"_blank\"><img decoding=\"async\" src=\"https:\/\/lh3.googleusercontent.com\/pw\/AP1GczMb0BCaau2uqx-uO_liqEc74orFw7ALrXVTMyzn6tE3ZSJPSJ2IdOwY0OxMX15xJ3JThoB5k6vlB53ZI6hdazNPoDiocxDu2h7I5jtfsjTdoWmccNI851hHCGqUmeissfGdDLfSIbW_ursicZ8D858B=w2000-h1125-s-no-gm?authuser=0\" width=\"2000\" height=\"1125\" alt=\"Yang\u0131n pompas\u0131 \u00e7al\u0131\u015fmas\u0131\" class=\"size-full\" \/><\/a><figcaption class=\"wp-caption-text\">Yang\u0131n pompas\u0131 \u00e7al\u0131\u015fmas\u0131<\/figcaption><\/figure>\n<figure class=\"wp-caption aligncenter\"><a href=\"https:\/\/photos.google.com\/share\/AF1QipNaHV5dQZtDnYUeAe8AfnaaELOT8wnGbzquX5adC7oxfATy97h3Bl-UHL0hfVZnyw\/photo\/AF1QipNmXw91bEO7vaDH8-_WBtEWCIBZcWTcT9_qSHQ?key=UEotVlNfZVNaSE9xR05GNERETEM4dEhRdHRPZGJR\" target=\"_blank\"><img decoding=\"async\" src=\"https:\/\/lh3.googleusercontent.com\/pw\/AP1GczN7uIitSEl0-PLIWYwNZdw_13RgSgzXf4Ro9tzXAmSfHjrip1un_Vqj2NifjEa09vZlrJLn01T9eXYjk6ri4FEijM_-E13kaXR48yTeg4HTcvQbTDWL5R9MZL2mFi8Ol-whia-JrE6M9rFcUsZP5B0-=w2000-h1125-s-no-gm?authuser=0\" width=\"2000\" height=\"1125\" alt=\"Su \u00e7\u0131karma y\u00f6ntemi\" class=\"size-full\" \/><\/a><figcaption class=\"wp-caption-text\">Su \u00e7\u0131karma y\u00f6ntemi<\/figcaption><\/figure>\n<h3>3.Sahte yang\u0131n tatbikat\u0131<\/h3>\n<ul>\n<li><strong>Tarih ve Saat:<\/strong>Cuma, 27 Haziran 2020, 15:45<\/li>\n<li><strong>Fark\u0131ndal\u0131k:<\/strong>119<\/li>\n<li><strong>yer:<\/strong>Hokuryu Kasabas\u0131 Afet Haz\u0131rl\u0131k Deposu<\/li>\n<li><strong>Hava ko\u015fullar\u0131:<\/strong>R\u00fczgar y\u00f6n\u00fc: g\u00fcneybat\u0131, r\u00fczgar h\u0131z\u0131: 10m\/s, nem:<\/li>\n<\/ul>\n<h4>Prosed\u00fcr<\/h4>\n<p>Fukagawa \u0130tfaiye Departman\u0131 \u0130leti\u015fim Komuta Merkezi, Hokuryu Kasabas\u0131 Afet Haz\u0131rl\u0131k Deposundan 119 numaral\u0131 telefondan bir yang\u0131n ihbar\u0131 ald\u0131. Seferber olma emrini ald\u0131ktan sonra, Hokuryu \u015eube Polis Karakolu \u0130leti\u015fim Komutan\u0131 derhal sireni \u00e7ald\u0131 ve itfaiye ve \u015fube polis ara\u00e7lar\u0131na seferber olma emri verdi.<\/p>\n<ol>\n<li>Sevk emri siren (ate\u015fe yak\u0131n sinyali) ile verilir.<\/li>\n<li>G\u00f6nderilen ara\u00e7lar k\u0131rm\u0131z\u0131 \u0131\u015f\u0131klar\u0131n\u0131 yakarak ve sirenlerini \u00e7alarak yola \u00e7\u0131kacak.<\/li>\n<li>Ara\u00e7lar\u0131n yasal h\u0131z s\u0131n\u0131r\u0131nda veya alt\u0131nda seyretmesi gerekmektedir.<\/li>\n<li>Yang\u0131n yeri sis bombalar\u0131yla belirtiliyor.<\/li>\n<li>Trafik denetimi polis memurlar\u0131 ve trafik e\u011fitmenleri taraf\u0131ndan ger\u00e7ekle\u015ftirilecek.<\/li>\n<li>Ba\u015fkomutan telsizin \u00fczerine su s\u0131k\u0131lmas\u0131n\u0131n durdurulmas\u0131 emrini verecek.<\/li>\n<\/ol>\n<p>\u3000\u3000\u3000\u3000\u3000<\/p>\n<figure class=\"wp-caption aligncenter\"><a href=\"https:\/\/photos.google.com\/share\/AF1QipNaHV5dQZtDnYUeAe8AfnaaELOT8wnGbzquX5adC7oxfATy97h3Bl-UHL0hfVZnyw\/photo\/AF1QipPgZ_6piXE0masGggHa0MGxctYvRTgyWgDjhEM?key=UEotVlNfZVNaSE9xR05GNERETEM4dEhRdHRPZGJR\" target=\"_blank\"><img decoding=\"async\" src=\"https:\/\/lh3.googleusercontent.com\/pw\/AP1GczPNVHQtR7JrzRl-9EzZapsDk6QpieaNg8GL-oEsPTRrKvj8_6trXCRNLjE4r4YNL1pDbB2dj8txm4WqHb7--W2u7nUciR4Xp_Wkxq9Oa1vygE4riNW-j-MrkLeA4LRGFu8ET0aOLs6NytamMXG0TV9c=w2000-h1125-s-no-gm?authuser=0\" width=\"2000\" height=\"1125\" alt=\"sim\u00fcle edilmi\u015f yang\u0131n tatbikat\u0131\" class=\"size-full\" \/><\/a><figcaption class=\"wp-caption-text\">sim\u00fcle edilmi\u015f yang\u0131n tatbikat\u0131<\/figcaption><\/figure>\n<figure class=\"wp-caption aligncenter\"><a href=\"https:\/\/photos.google.com\/share\/AF1QipNaHV5dQZtDnYUeAe8AfnaaELOT8wnGbzquX5adC7oxfATy97h3Bl-UHL0hfVZnyw\/photo\/AF1QipMoL7QLBDEtzdX3NRKpAcyyXPyBUyzzd0croJs?key=UEotVlNfZVNaSE9xR05GNERETEM4dEhRdHRPZGJR\" target=\"_blank\"><img decoding=\"async\" src=\"https:\/\/lh3.googleusercontent.com\/pw\/AP1GczNXAfQQSmDjzUhIEiLAmBedYV_jsIHGsQh_U294AtB0AVJ5bGoFKqIijdkHu3Uz64RddJVAJ6h3-H0UXi4oGwc9qhlSN1dwU-Jeo-kZwAz2O6dtjef59Gfz9QycEf3Fol0iq-pZnn-fDwMuRe7zpEiH=w2000-h1125-s-no-gm?authuser=0\" width=\"2000\" height=\"1125\" alt=\"sim\u00fcle edilmi\u015f yang\u0131n tatbikat\u0131\" class=\"size-full\" \/><\/a><figcaption class=\"wp-caption-text\">sim\u00fcle edilmi\u015f yang\u0131n tatbikat\u0131<\/figcaption><\/figure>\n<h3>4. E\u015f zamanl\u0131 su p\u00fcsk\u00fcrtme<\/h3>\n<ol>\n<li>Sadece bir hortum kullan\u0131n.<\/li>\n<li>Nozul p\u00fcsk\u00fcrtme nozuludur.<\/li>\n<li>Ba\u015fkomutan, telsizle ila\u00e7laman\u0131n ba\u015flat\u0131lmas\u0131 ve durdurulmas\u0131 talimatlar\u0131n\u0131 verecek.<\/li>\n<\/ol>\n<p>E\u011fitim tamamland\u0131.<\/p>\n<figure class=\"wp-caption aligncenter\"><a href=\"https:\/\/photos.google.com\/share\/AF1QipNaHV5dQZtDnYUeAe8AfnaaELOT8wnGbzquX5adC7oxfATy97h3Bl-UHL0hfVZnyw\/photo\/AF1QipOqDNymqHdiS3YKy6VLl2ZKjRS48x9gf2XzfmE?key=UEotVlNfZVNaSE9xR05GNERETEM4dEhRdHRPZGJR\" target=\"_blank\"><img decoding=\"async\" src=\"https:\/\/lh3.googleusercontent.com\/pw\/AP1GczPuVAqTuEi2pbty4UZepChAV5ShLJiT6LieyZpoiTzJnz2BR57tM4mpBTWzawOKomB8iO_YsTgx2OYNaB9AJMa3JtxesmCEFEXZaAl7yNz5QRT3plBSlH5b2oLcqm6UD5TslVQn06LOHN5-btgbVpJr=w2000-h1125-s-no-gm?authuser=0\" width=\"2000\" height=\"1125\" alt=\"E\u015f zamanl\u0131 su p\u00fcsk\u00fcrtme\" class=\"size-full\" \/><\/a><figcaption class=\"wp-caption-text\">E\u015f zamanl\u0131 su p\u00fcsk\u00fcrtme<\/figcaption><\/figure>\n<figure class=\"wp-caption aligncenter\"><a href=\"https:\/\/photos.google.com\/share\/AF1QipNaHV5dQZtDnYUeAe8AfnaaELOT8wnGbzquX5adC7oxfATy97h3Bl-UHL0hfVZnyw\/photo\/AF1QipOG0x52KoGLCjSFyc24staC-ab6YJfEv2u_xNc?key=UEotVlNfZVNaSE9xR05GNERETEM4dEhRdHRPZGJR\" target=\"_blank\"><img decoding=\"async\" src=\"https:\/\/lh3.googleusercontent.com\/pw\/AP1GczPg2jw1BWUjKKZ2GkopSRtXSi2HriLx2KJ8adDjQITnOz_vOyleTTyTbcCv5a3XJvmk3LRSOPBE-Crw0n3GwXeZgjsKsFkVnJdSsUX_EESwWMlYlN1WrIejHlDJ4FCu6gd63zOQDpRcg9nZDBdj9B0Y=w2000-h1125-s-no-gm?authuser=0\" width=\"2000\" height=\"1125\" alt=\"E\u011fitim Sonu\" class=\"size-full\" \/><\/a><figcaption class=\"wp-caption-text\">E\u011fitim Sonu<\/figcaption><\/figure>\n<figure class=\"wp-caption aligncenter\"><a href=\"https:\/\/photos.google.com\/share\/AF1QipNaHV5dQZtDnYUeAe8AfnaaELOT8wnGbzquX5adC7oxfATy97h3Bl-UHL0hfVZnyw\/photo\/AF1QipMpyb--6NQKNMuxj24C6j6JFS5PECSMp98LdxE?key=UEotVlNfZVNaSE9xR05GNERETEM4dEhRdHRPZGJR\" target=\"_blank\"><img decoding=\"async\" src=\"https:\/\/lh3.googleusercontent.com\/pw\/AP1GczPEbInN9bKCbv6ylVoHv4OqwrzvhV4xYmp2v6j2HHO5bu4JZVZnR_7QCOP5aYX4uCaSiXuCIzM_crqrf4hgFSdSy3Ehzggo4Te62NO3ugQCfTZ6JkdaASVbr05Bu0n5KmEp06fgRGSkEPl1ut8vALt0=w2000-h1125-s-no-gm?authuser=0\" width=\"2000\" height=\"1125\" alt=\"Hizalama\" class=\"size-full\" \/><\/a><figcaption class=\"wp-caption-text\">Hizalama<\/figcaption><\/figure>\n<h2>Kapan\u0131\u015f T\u00f6reni<\/h2>\n<h3>Y\u00f6netmenin Yorumlar\u0131: Shigeyuki Nakayama, Y\u00f6netmen<\/h3>\n<figure class=\"wp-caption aligncenter\"><a href=\"https:\/\/photos.google.com\/share\/AF1QipNaHV5dQZtDnYUeAe8AfnaaELOT8wnGbzquX5adC7oxfATy97h3Bl-UHL0hfVZnyw\/photo\/AF1QipPDYIl50DYEwS0oPNAoJoO1qKmzN4mIvr8mpco?key=UEotVlNfZVNaSE9xR05GNERETEM4dEhRdHRPZGJR\" target=\"_blank\"><img decoding=\"async\" src=\"https:\/\/lh3.googleusercontent.com\/pw\/AP1GczPIO_A3z-pwgLA1mAIk4kJy7HKJ0bGmxC7hxvMR8xa-8uxt5-OBUr_LDKf6IqmfL0cfoXCIj7CRLxQq3HrRhzBXuMnEgxn8erX-F-D8UsBpcqJhWj_1isiwMaI_qZ8MlYaGvVc2-nbkB0mWzGX8MlrH=w2000-h1125-s-no-gm?authuser=0\" width=\"2000\" height=\"1125\" alt=\"Y\u00f6netmenin Yorumlar\u0131: Shigeyuki Nakayama, Y\u00f6netmen\" class=\"size-full\" \/><\/a><figcaption class=\"wp-caption-text\">Y\u00f6netmenin Yorumlar\u0131: Shigeyuki Nakayama, Y\u00f6netmen<\/figcaption><\/figure>\n<p>&quot;Bug\u00fcnk\u00fc kapsaml\u0131 tatbikat\u0131 sonuna kadar izleyen t\u00fcm konuklar\u0131m\u0131za te\u015fekk\u00fcr etmek istiyorum.<\/p>\n<p>Ekibimizin t\u00fcm \u00fcyelerinin g\u00fcnl\u00fck antrenmanlar\u0131n\u0131n sonu\u00e7lar\u0131n\u0131 tam olarak ortaya koydu\u011funa ve beklenen sonu\u00e7lar\u0131 elde etti\u011fine inan\u0131yorum.<\/p>\n<p>Ayr\u0131ca bug\u00fcnk\u00fc tatbikat\u0131n, kat\u0131l\u0131mc\u0131lar\u0131n afetlere m\u00fcdahale konusunda beceri kazanmalar\u0131 ve kar\u015f\u0131l\u0131kl\u0131 i\u015f birli\u011fini geli\u015ftirmeleri a\u00e7\u0131s\u0131ndan olduk\u00e7a etkili oldu\u011funu d\u00fc\u015f\u00fcn\u00fcyorum.<\/p>\n<p>Biz itfaiye te\u015fkilat\u0131 mensuplar\u0131 olarak bu tatbikat\u0131, afet \u00f6nleme konusunda en yak\u0131n kurulu\u015f olarak, b\u00f6lge halk\u0131n\u0131n beklentilerine daha fazla cevap vermek ve ya\u015fanabilecek her t\u00fcrl\u00fc afete kar\u015f\u0131 daha fazla \u00e7al\u0131\u015fmak ad\u0131na bir f\u0131rsat olarak de\u011ferlendirmeye kararl\u0131y\u0131z.<\/p>\n<p>Sonu\u00e7 olarak, Hokuryu Kasabas\u0131&#039;n\u0131n felaketsiz, ayd\u0131nl\u0131k ve ya\u015fanabilir bir kasaba olmas\u0131n\u0131 umuyorum ve t\u00fcm se\u00e7kin konuklar\u0131m\u0131zdan gelecekte bize rehberlik etmeye devam etmelerini rica ediyorum. \u0130\u015fte bu kadar! dedi Genel M\u00fcd\u00fcr Shigeyuki Nakayama.<\/p>\n<h3>Konuk tebrik konu\u015fmas\u0131<\/h3>\n<h4>Hokuryu Belediye Meclisi Ba\u015fkan\u0131 Shoichi Nakamura<\/h4>\n<figure class=\"wp-caption aligncenter\"><a href=\"https:\/\/photos.google.com\/share\/AF1QipNaHV5dQZtDnYUeAe8AfnaaELOT8wnGbzquX5adC7oxfATy97h3Bl-UHL0hfVZnyw\/photo\/AF1QipMFagsRvy2Ji7_HzWepwR2WjGJQuI_30HVJ_VA?key=UEotVlNfZVNaSE9xR05GNERETEM4dEhRdHRPZGJR\" target=\"_blank\"><img decoding=\"async\" src=\"https:\/\/lh3.googleusercontent.com\/pw\/AP1GczPugJEnH7w4dQSuKjKQ8V0zUaDXr4VbyBQ8eRzk2YxZ6j4JtqzYXX8-Pa-PFRPnGDMXq8dQkJTvm_OmdMCNDuO2Qube0xZH_srGBUZ0vZYqfu6Je9XpdpNiW0nmrkZZ5RKGqMNi6fHXMv8uA52PnhGT=w2000-h1125-s-no-gm?authuser=0\" width=\"2000\" height=\"1125\" alt=\"Konuk Konu\u015fmac\u0131: Hokuryu Kasaba Konseyi Ba\u015fkan\u0131 Say\u0131n Shoichi Nakamura\" class=\"size-full\" \/><\/a><figcaption class=\"wp-caption-text\">Konuk Konu\u015fmac\u0131: Hokuryu Kasaba Konseyi Ba\u015fkan\u0131 Say\u0131n Shoichi Nakamura<\/figcaption><\/figure>\n<p>&quot;Bug\u00fcn konu\u015fmam i\u00e7in g\u00f6revlendirildim, bu y\u00fczden birka\u00e7 s\u00f6z s\u00f6ylemek istiyorum. Bu sabah ya\u011fmur konusunda biraz endi\u015fe olsa da, g\u00fczel bir hava ile kutsand\u0131k ve g\u00fcvenli bir \u015fekilde tamamlanan Hokuryu Yang\u0131n Tatbikat\u0131 2025&#039;in ba\u015far\u0131yla ger\u00e7ekle\u015ftirilmesinden dolay\u0131 i\u00e7ten tebriklerimi sunmak istiyorum. \u0130\u00e7ten tebriklerimi sunuyorum.<\/p>\n<p>\u0130tfaiye te\u015fkilat\u0131m\u0131z\u0131n t\u00fcm mensuplar\u0131na, tugay mensuplar\u0131 olarak g\u00fcnl\u00fck hayattaki sorumluluklar\u0131n\u0131n bilincinde olduklar\u0131 ve yo\u011fun \u00e7al\u0131\u015fma tempolar\u0131na ra\u011fmen bug\u00fcn ileri e\u011fitim alarak g\u00f6reve geldikleri i\u00e7in sayg\u0131 ve \u015f\u00fckranlar\u0131m\u0131 sunmak istiyorum.<\/p>\n<p>Bug\u00fcnk\u00fc e\u011fitim tatbikatlar\u0131n\u0131n her birinin tatmin edici sonu\u00e7lar \u00fcretti\u011fine inan\u0131yorum. Ancak, personel durumu g\u00f6z \u00f6n\u00fcne al\u0131nd\u0131\u011f\u0131nda, e\u011fitim oturumlar\u0131 biraz k\u00fc\u00e7\u00fclt\u00fcld\u00fc, bu biraz hayal k\u0131r\u0131kl\u0131\u011f\u0131 yarat\u0131yor, ancak ger\u00e7ek durumu g\u00f6z \u00f6n\u00fcnde bulundurarak bunun ka\u00e7\u0131n\u0131lmaz oldu\u011funa inan\u0131yorum.<\/p>\n<p>\u00d6zellikle disiplin e\u011fitimi a\u00e7\u0131s\u0131ndan, Hokuryu \u0130tfaiye Tugay\u0131&#039;n\u0131n geleneksel \u015firket e\u011fitimini ger\u00e7ekle\u015ftiremedik, ancak tak\u0131m e\u011fitimi yapt\u0131k ve uzun bir s\u00fcre sonra Hokuryu \u0130tfaiye Tugay\u0131&#039;n\u0131n 27 \u00fcyeden olu\u015fan bir tak\u0131m\u0131n\u0131n bunu yapmas\u0131 ilk kez oldu. \u00c7ok birle\u015fik bir e\u011fitimdi ve 27 \u00fcyenin birle\u015fik ve g\u00fcr\u00fclt\u00fcl\u00fc ayak seslerinden \u00e7ok etkilendim. S\u0131k\u0131 \u00e7al\u0131\u015fman\u0131z i\u00e7in \u00e7ok te\u015fekk\u00fcr ederim.<\/p>\n<p>Ayr\u0131ca Yawara Anaokulu \u00c7ocuk \u0130tfaiye Kul\u00fcb\u00fc&#039;ne uzun y\u0131llard\u0131r devam eden faaliyetleri i\u00e7in ve anaokulu \u00f6\u011fretmenlerine de bize verdikleri s\u00fcrekli rehberlik i\u00e7in \u015f\u00fckranlar\u0131m\u0131z\u0131 sunmak istiyoruz.<\/p>\n<p>Yang\u0131n g\u00fcvenli\u011fi bilincinin erken ya\u015flardan itibaren a\u015f\u0131lanmas\u0131n\u0131n son derece \u00f6nemli ve yararl\u0131 oldu\u011funa inan\u0131yorum.<\/p>\n<p>\u00d6zellikle veli ve velilerimizden s\u00fcrekli rehberli\u011finizi rica ediyoruz.<\/p>\n<p>Bu y\u0131l hava durumu ilkbahar ba\u015f\u0131ndan beri pek iyi de\u011fil ve hen\u00fcz haziran ay\u0131nda olmam\u0131za ra\u011fmen birka\u00e7 g\u00fcn boyunca yaz ortas\u0131 s\u0131cakl\u0131klar\u0131n\u0131 g\u00f6rd\u00fck.<\/p>\n<p>Tar\u0131msal \u00fcr\u00fcnler, \u00f6zellikle pirin\u00e7, iyi b\u00fcy\u00fcyor gibi g\u00f6r\u00fcn\u00fcyor ve bu sonbaharda iyi bir hasat bekliyoruz.<\/p>\n<p>Ancak \u00fclke genelinde kurakl\u0131k e\u011filimi oldu\u011funu ve kasabam\u0131zda da su konusunda baz\u0131 endi\u015feler oldu\u011funu duydum, bu nedenle \u00f6n\u00fcm\u00fczdeki d\u00f6nemde \u0131l\u0131ml\u0131 hava ve ya\u011f\u0131\u015f bekliyoruz.<\/p>\n<p>Genel M\u00fcd\u00fcr\u00fcn y\u0131l\u0131n ba\u015f\u0131nda belirtti\u011fi gibi, y\u0131l\u0131n ba\u015f\u0131ndan bu yana hem yurti\u00e7inde hem de yurtd\u0131\u015f\u0131nda orman yang\u0131nlar\u0131 \u00e7\u0131kt\u0131. Orman yang\u0131nlar\u0131n\u0131n s\u00f6nd\u00fcr\u00fclmesi, k\u0131smen yang\u0131nla m\u00fccadele i\u00e7in su kaynaklar\u0131n\u0131n temin edilmesinin zorlu\u011fundan dolay\u0131 uzun zaman alabilir.<\/p>\n<p>Kasabam\u0131zda ge\u00e7mi\u015fte orman yang\u0131nlar\u0131 oldu, ancak bunlar k\u00fc\u00e7\u00fck \u00e7apl\u0131yd\u0131. Umar\u0131m gelecekte b\u00f6yle yang\u0131nlar \u00e7\u0131kmaz. Ayr\u0131ca ev yang\u0131nlar\u0131ndan veya deprem, kuvvetli r\u00fczgar ve yo\u011fun ya\u011fmur gibi do\u011fal afetlerden de ka\u00e7\u0131n\u0131r\u0131z. Yang\u0131n \u00e7\u0131kmas\u0131 gibi olas\u0131 olmayan bir durumda, hepinizin hasar\u0131 en aza indirmek i\u00e7in \u00e7ok \u00e7al\u0131\u015faca\u011f\u0131n\u0131z\u0131 umuyorum.<\/p>\n<p>Gelecekte, \u00fcyelerimizin s\u00fcrekli s\u0131k\u0131 \u00e7al\u0131\u015fmalar\u0131na ve g\u00fcnl\u00fck olarak ald\u0131klar\u0131 \u00f6zenli e\u011fitimlere ek olarak, kasaba halk\u0131n\u0131 yang\u0131n ve afet \u00f6nleme konusunda e\u011fitmeye devam edece\u011fimizi ve b\u00f6ylece kasaban\u0131n yang\u0131n ve afetlerden uzak, g\u00fcvenli ve emniyetli kalmas\u0131n\u0131 umuyoruz.<\/p>\n<p>&quot;Son olarak, Hokuryu \u0130tfaiye Tugay\u0131&#039;na ba\u015far\u0131lar\u0131n\u0131n devam\u0131n\u0131 diliyorum ve bug\u00fcn kat\u0131lan t\u00fcm \u00fcyelere ve herkese sa\u011fl\u0131k ve mutluluk diliyorum ve tebriklerimi sunmak istiyorum. Bug\u00fcn herkesi tebrik ediyorum,&quot; dedi Ba\u015fkan Nakamura.<\/p>\n<figure class=\"wp-caption aligncenter\"><a href=\"https:\/\/photos.google.com\/share\/AF1QipNaHV5dQZtDnYUeAe8AfnaaELOT8wnGbzquX5adC7oxfATy97h3Bl-UHL0hfVZnyw\/photo\/AF1QipMBwZOvc1S56khs6ovYCI-nJGaUNocUGmHth_4?key=UEotVlNfZVNaSE9xR05GNERETEM4dEhRdHRPZGJR\" target=\"_blank\"><img decoding=\"async\" src=\"https:\/\/lh3.googleusercontent.com\/pw\/AP1GczP3aFXVKBATamZg2KX6QQsWpcyO-YDTgEIo8ZofVrEdK6CPyBOfWbRcGEQl5zDVMOx-n5BPjQbilLS3WKQ2sOBBcvFwlMbvP3sAAzJT3npyqrnv3Rh_ApuFXY2GvvSzz_jEVdFov-S-hT3VachF-z4n=w2000-h1125-s-no-gm?authuser=0\" width=\"2000\" height=\"1125\" alt=\"\u00dcyeler d\u00fczenli bir \u015fekilde s\u0131raya dizildi\" class=\"size-full\" \/><\/a><figcaption class=\"wp-caption-text\">\u00dcyeler d\u00fczenli bir \u015fekilde s\u0131raya dizildi<\/figcaption><\/figure>\n<h4>Hokkaido \u0130l Polisi Asahikawa B\u00f6lgesi Fukagawa Polis Karakolu \u015eefi Muneharu Yoneda<br \/>\n(Fukagawa Polis Karakolu Numata Polis Karakolu \u015eefi Seiji Oshima taraf\u0131ndan okundu)<\/h4>\n<figure class=\"wp-caption aligncenter\"><a href=\"https:\/\/photos.google.com\/share\/AF1QipNaHV5dQZtDnYUeAe8AfnaaELOT8wnGbzquX5adC7oxfATy97h3Bl-UHL0hfVZnyw\/photo\/AF1QipMU93lE_tZvD695C96kSek9oUZxVj8mguYB0Lw?key=UEotVlNfZVNaSE9xR05GNERETEM4dEhRdHRPZGJR\" target=\"_blank\"><img decoding=\"async\" src=\"https:\/\/lh3.googleusercontent.com\/pw\/AP1GczOYKDCwPxE24nmnGEWZn-yzsExT8Skw3vb19FxZcJyoB7xF6qZ9Lzw-9RBYHhcg-tV0q7FD80gAiyn6SQrIv3n0nxkEUyPGRb16JbV1JJwYkVG7MhM_kUCL7towbJvKm0x_DACGauwGXWrTqSSC0kEE=w2000-h1125-s-no-gm?authuser=0\" width=\"2000\" height=\"1125\" alt=\"Bay Seiji Oshima, Numata Polis Karakolu \u015eefi, Fukagawa Polis Karakolu\" class=\"size-full\" \/><\/a><figcaption class=\"wp-caption-text\">Bay Seiji Oshima, Numata Polis Karakolu \u015eefi, Fukagawa Polis Karakolu<\/figcaption><\/figure>\n<p>&quot;Benim ad\u0131m Oshima ve ben Numata Polis Karakolu ve Fukagawa Polis Karakolu&#039;nun \u015fefiyim. Normalde, Fukagawa Polis Karakolu \u015fefi selamlama konu\u015fmas\u0131n\u0131 yapacak ki\u015fi olurdu, ancak ne yaz\u0131k ki kendisi taahh\u00fctleri nedeniyle kat\u0131lamayacak, bu y\u00fczden onun yerine ben tebrik konu\u015fmas\u0131n\u0131 yapaca\u011f\u0131m.<\/p>\n<p>Bug\u00fcn burada Hokuryu Yang\u0131n Tatbikat\u0131n\u0131n ba\u015far\u0131yla d\u00fczenlenmesinden dolay\u0131 i\u00e7ten tebriklerimi sunmak istiyorum. Ayr\u0131ca polis idaresinin t\u00fcm y\u00f6nlerinde g\u00f6sterdi\u011finiz s\u00fcrekli anlay\u0131\u015f ve i\u015f birli\u011fi i\u00e7in hepinize i\u00e7ten \u015f\u00fckranlar\u0131m\u0131 sunmak istiyorum.<\/p>\n<p>Kitaryu \u0130tfaiye Tugay\u0131 g\u00f6rkemli bir gelene\u011fe ve tarihe sahiptir ve yerel afet \u00f6nlemenin \u00e7ekirde\u011fi olarak, yo\u011fun ana g\u00f6revlerinizin yan\u0131 s\u0131ra, yerel sevginin derin ruhu ve g\u00fc\u00e7l\u00fc bir sorumluluk duygusuyla, sakinlerin canlar\u0131n\u0131, bedenlerini ve mallar\u0131n\u0131 yang\u0131n ve afetlerden koruma gibi asil g\u00f6reviniz i\u00e7in \u00e7ok \u00e7al\u0131\u015f\u0131yorsunuz. S\u0131k\u0131 \u00e7al\u0131\u015fman\u0131z i\u00e7in en derin sayg\u0131lar\u0131m\u0131 sunmak istiyorum.<\/p>\n<p>Ayr\u0131ca az \u00f6nce Ba\u015fkomutan\u0131n emri alt\u0131nda, y\u00fcr\u00fcy\u00fc\u015f, disiplin e\u011fitimi, yang\u0131n pompas\u0131 \u00e7al\u0131\u015ft\u0131rma, yang\u0131n tatbikat\u0131 ve e\u015f zamanl\u0131 su p\u00fcsk\u00fcrtme e\u011fitimi yapt\u0131k ve sizin y\u00fcksek moraliniz ve vakur, disiplinli ve cesur g\u00f6r\u00fcn\u00fc\u015f\u00fcn\u00fcz kar\u015f\u0131s\u0131nda etkilendim ve bunun ger\u00e7ekten g\u00fcvenilir ve g\u00fc\u00e7l\u00fc oldu\u011funu hissettim.<\/p>\n<p>Bahsetti\u011finiz gibi, son y\u0131llarda \u00fclke genelinde b\u00fcy\u00fck \u00e7apl\u0131 do\u011fal afetler ve orman yang\u0131nlar\u0131 meydana geldi ve Fukagawa Polis Karakolu yetki alan\u0131nda ge\u00e7en y\u0131l\u0131n temmuz ay\u0131nda ya\u011f\u0131\u015flar nedeniyle nehirler ta\u015ft\u0131 ve yak\u0131n b\u00f6lgelerde su bask\u0131nlar\u0131 ya\u015fand\u0131.<\/p>\n<p>Gelecekte yang\u0131n s\u00f6nd\u00fcrme, afet b\u00f6lgelerinde kurtarma \u00e7al\u0131\u015fmalar\u0131 gibi zorlu faaliyetlerle daha s\u0131k kar\u015f\u0131 kar\u015f\u0131ya kalaca\u011f\u0131n\u0131zdan endi\u015fe duyuyoruz.<\/p>\n<p>Hepinizden moralinizi y\u00fcksek tutmaya, becerilerinizi daha da geli\u015ftirmeye gayret g\u00f6stermenizi ve yerel halk\u0131n beklenti ve g\u00fcvenini kar\u015f\u0131laman\u0131z\u0131 rica ediyorum.<\/p>\n<p>Yerel halk\u0131n can, mal ve can g\u00fcvenli\u011fini koruma sorumlulu\u011fumuzu yerine getirmek i\u00e7in, polis te\u015fkilat\u0131 olarak sizlerle g\u00fcnl\u00fck olarak yak\u0131n bir \u015fekilde \u00e7al\u0131\u015fmaya devam edecek ve emniyet ve g\u00fcvenli\u011fi sa\u011flamak i\u00e7in daha fazla \u00e7aba g\u00f6sterece\u011fiz.<\/p>\n<p>Son olarak, itfaiye te\u015fkilat\u0131m\u0131za, itfaiye te\u015fkilat\u0131nda g\u00f6rev alan herkese ve bug\u00fcn t\u00f6rene kat\u0131lan herkese en iyi dileklerimi ve tebriklerimi sunmak istiyorum.<br \/>\nBug\u00fcn mezun olman\u0131z\u0131 kutluyorum&quot; dedi.<\/p>\n<h3>Bayra\u011fa selam<\/h3>\n<figure class=\"wp-caption aligncenter\"><a href=\"https:\/\/photos.google.com\/share\/AF1QipNaHV5dQZtDnYUeAe8AfnaaELOT8wnGbzquX5adC7oxfATy97h3Bl-UHL0hfVZnyw\/photo\/AF1QipNTjad7Wo4cSDn0zMglk0P6fD95HCKyTZkLn7A?key=UEotVlNfZVNaSE9xR05GNERETEM4dEhRdHRPZGJR\"><img decoding=\"async\" src=\"https:\/\/lh3.googleusercontent.com\/pw\/AP1GczMyrXrbjatjPcfzIcnGF3Aa3Ypa2LxB6gtRzn7TVKwQ6ViGcWkoYYJAB3y4b1l1fpWXEHIXfzuuETZ_lVRC8hkh9QTJg6VCRrrUjslnjTcE5_Rr2r6Jv5luQLp7-K7nLkJuA_xy90FPaagvrZmlb4k5=w2000-h1125-s-no-gm?authuser=0\" width=\"2000\" height=\"1125\" alt=\"Bayra\u011fa selam\" class=\"size-full\" \/><\/a><figcaption class=\"wp-caption-text\">Bayra\u011fa selam<\/figcaption><\/figure>\n<h3>\u9589\u4f1a\u306e\u8a00\u8449\uff1a\u5c71\u672c\u5149\u4e5f \u526f\u6307\u63ee\u5b98< \/h3><\/p>\n<p>\u4ee5\u4e0a\u3092\u3082\u3061\u307e\u3057\u3066\u3001\u4ee4\u548c\uff17\u5e74\u5ea6\u5317\u7adc\u6d88\u9632\u6f14\u7fd2\u3092\u7d42\u4e86\u3044\u305f\u3057\u307e\u3059\u300d\u3002<\/p>\n<figure class=\"wp-caption aligncenter\"><a href=\"https:\/\/photos.google.com\/share\/AF1QipNaHV5dQZtDnYUeAe8AfnaaELOT8wnGbzquX5adC7oxfATy97h3Bl-UHL0hfVZnyw\/photo\/AF1QipNVS5KIn8nbGYWXRufvhWF7z2vke1XwX2hq3f8?key=UEotVlNfZVNaSE9xR05GNERETEM4dEhRdHRPZGJR\" target=\"_blank\"><img decoding=\"async\" src=\"https:\/\/lh3.googleusercontent.com\/pw\/AP1GczNFTIYjcOnqrs_Nfy9_1ZUhPa8dak7aYBH7xGpSXnbJOD22xqINO95XmEO7SDSeo8t4PsQIioWzGGHxKyIFEwI5ifhj9aKdW3DnffePr1ZSqzmAFZS_CSKUv74LodDgaLd_G6Spz-TXdQ0NNNoLKDoH=w2000-h1125-s-no-gm?authuser=0\" width=\"2000\" height=\"1125\" alt=\"\u9589\u4f1a\u306e\u8a00\u8449\uff1a\u5c71\u672c\u5149\u4e5f \u526f\u6307\u63ee\u5b98\" class=\"size-full\" \/><\/a><figcaption class=\"wp-caption-text\">\u9589\u4f1a\u306e\u8a00\u8449\uff1a\u5c71\u672c\u5149\u4e5f \u526f\u6307\u63ee\u5b98<\/figcaption><\/figure>\n<h4>Ba\u015fkomutan&#039;\u0131 selaml\u0131yoruz: Ba\u015fkomutan Takashi Ukai<\/h4>\n<figure class=\"wp-caption aligncenter\"><a href=\"https:\/\/photos.google.com\/share\/AF1QipNaHV5dQZtDnYUeAe8AfnaaELOT8wnGbzquX5adC7oxfATy97h3Bl-UHL0hfVZnyw\/photo\/AF1QipOKIpZ1IA38IyLfZl3rkVV_7KCbkMsNge7OWYU?key=UEotVlNfZVNaSE9xR05GNERETEM4dEhRdHRPZGJR\" target=\"_blank\"><img decoding=\"async\" src=\"https:\/\/lh3.googleusercontent.com\/pw\/AP1GczOLbIR4CKrjFbvAQMeNBSYGK4t_pU91OiFbprBVM9GJVk8oCgdF_NG8lgKbqO6eidpCR4VYIV9op69MF2Zr_FF64IOxd_S0Y2EoH56wQEFJdb_IhQH4Esj3W-nrZRmwdYsmfr72el1pv00GDtU8Fd4W=w2000-h1125-s-no-gm?authuser=0\" width=\"2000\" height=\"1125\" alt=\"Ba\u015fkomutan&#039;\u0131 selaml\u0131yoruz: Ba\u015fkomutan Takashi Ukai\" class=\"size-full\" \/><\/a><figcaption class=\"wp-caption-text\">Ba\u015fkomutan&#039;\u0131 selaml\u0131yoruz: Ba\u015fkomutan Takashi Ukai<\/figcaption><\/figure>\n<figure class=\"wp-caption aligncenter\"><a href=\"https:\/\/photos.google.com\/share\/AF1QipNaHV5dQZtDnYUeAe8AfnaaELOT8wnGbzquX5adC7oxfATy97h3Bl-UHL0hfVZnyw\/photo\/AF1QipMoz3Zj3S5VOAT3fz1En7MRpwYghZXI7y07UFk?key=UEotVlNfZVNaSE9xR05GNERETEM4dEhRdHRPZGJR\" target=\"_blank\"><img decoding=\"async\" src=\"https:\/\/lh3.googleusercontent.com\/pw\/AP1GczOiMYTjRu6hDRPB1r6G7T3GNUV28HjHb1iy_9OR6FV2eOannUAVjfJfWD69WcJx6I6i7Ix2r9F7wV-8NLb1LSFV9cEyMEDnEwCddFTvs64KTPM9CJ-NPwgCKaQ7witZIRrsLpfFcEX--Y68rdkG0Q5y=w2000-h1125-s-no-gm?authuser=0\" width=\"2000\" height=\"1125\" alt=\"Egzersizin sonu\" class=\"size-full\" \/><\/a><figcaption class=\"wp-caption-text\">Egzersizin sonu<\/figcaption><\/figure>\n<figure class=\"wp-caption aligncenter\"><a href=\"https:\/\/photos.google.com\/share\/AF1QipNaHV5dQZtDnYUeAe8AfnaaELOT8wnGbzquX5adC7oxfATy97h3Bl-UHL0hfVZnyw\/photo\/AF1QipNjD3LCvfLJQZymgE_wy0EgkLyNnEzOKDp4OnA?key=UEotVlNfZVNaSE9xR05GNERETEM4dEhRdHRPZGJR\" target=\"_blank\"><img decoding=\"async\" src=\"https:\/\/lh3.googleusercontent.com\/pw\/AP1GczPQj4ICy7wrT24UyLk2oWtcoOZ7ZzVRhi8ufVHWugUsS71_hgwaPDGmAoKBG0DCSbfijMtGg9jqm6q0USJAzkNsYc3FBO6eWu10Ifj40YdtSAHe8rmnz2CuN52jeJKxgoNLwiuPI6PzF1E7TescfV11=w2000-h1125-s-no-gm?authuser=0\" width=\"2000\" height=\"1125\" alt=\"Emekleriniz i\u00e7in te\u015fekk\u00fcr ederim!\" class=\"size-full\" \/><\/a><figcaption class=\"wp-caption-text\">Emekleriniz i\u00e7in te\u015fekk\u00fcr ederim!<\/figcaption><\/figure>\n<p>Daha sonra Kitary\u016b Kasaba Toplum Merkezi&#039;nin ikinci kat\u0131ndaki b\u00fcy\u00fck salonda sosyal bir toplant\u0131 d\u00fczenlendi.<\/p>\n<figure class=\"wp-caption aligncenter\"><a href=\"https:\/\/photos.google.com\/share\/AF1QipNaHV5dQZtDnYUeAe8AfnaaELOT8wnGbzquX5adC7oxfATy97h3Bl-UHL0hfVZnyw\/photo\/AF1QipNLwXaXKtdgAo-Lq8O2Jb7mF-3r-9_3rqHN1lc?key=UEotVlNfZVNaSE9xR05GNERETEM4dEhRdHRPZGJR\" target=\"_blank\"><img decoding=\"async\" src=\"https:\/\/lh3.googleusercontent.com\/pw\/AP1GczPJpQpOIntinndCuKm3FUo_85z3eKDXECjpI8jKXlRsmOb-bEB1kUyieJDYmHs58d9y84H4BVFb0s4a-RRnABG6NVZ9bmxVyvV2Zi6MqlIgTjYW7fCBOsootTPP587lO59ppCTmzTgPjKBABrruvzp2=w2000-h1125-s-no-gm?authuser=0\" width=\"2000\" height=\"1125\" alt=\"G\u00fcl\u00fcmsemeleri en g\u00fczeli! Kad\u0131n \u00fcyelerimize \u015f\u00fckranlar\u0131m\u0131zla!!!\" class=\"size-full\" \/><\/a><figcaption class=\"wp-caption-text\">G\u00fcl\u00fcmsemeleri en g\u00fczeli! Kad\u0131n \u00fcyelerimize \u015f\u00fckranlar\u0131m\u0131zla!!!<\/figcaption><\/figure>\n<p>Kasaba halk\u0131n\u0131n g\u00fcvenli ve emniyetli ya\u015famlar\u0131n\u0131 korumak i\u00e7in s\u0131k\u0131 e\u011fitim ve s\u0131k\u0131 \u00e7al\u0131\u015fmalardan ge\u00e7en Kitaryu \u0130tfaiye Tugay\u0131 \u00fcyelerinin de\u011ferli ruhlar\u0131na s\u0131n\u0131rs\u0131z sevgi, \u015f\u00fckran ve dualar\u0131m\u0131zla. . .<\/p>\n<figure class=\"wp-caption aligncenter\"><a href=\"https:\/\/photos.google.com\/share\/AF1QipNaHV5dQZtDnYUeAe8AfnaaELOT8wnGbzquX5adC7oxfATy97h3Bl-UHL0hfVZnyw\/photo\/AF1QipMGYNVbPimTK1qEIuwiRvi9fazN8kTlP9SM41o?key=UEotVlNfZVNaSE9xR05GNERETEM4dEhRdHRPZGJR\" target=\"_blank\"><img decoding=\"async\" src=\"https:\/\/lh3.googleusercontent.com\/pw\/AP1GczNYHEaVGzf5u5uXqmFrmUE704yTVYtKjfMtApvEYlbyjjvuhtxStpfajOfDicKfasPqJSAEctCGQeaUvDmZ43zX3Wbtzy-fiUZxvVMQD6oEVa3orfJQTu0fg5a20F26ViBwGvGYaCrI8yMyaer1Rs7Z=w2000-h1125-s-no-gm?authuser=0\" width=\"2000\" height=\"1125\" alt=\"B\u00fcy\u00fck Hokuryu \u0130tfaiye Tugay\u0131&#039;na \u015f\u00fckranlar\u0131m\u0131zla...\" class=\"size-full\" \/><\/a><figcaption class=\"wp-caption-text\">B\u00fcy\u00fck Hokuryu \u0130tfaiye Tugay\u0131&#039;na \u015f\u00fckranlar\u0131m\u0131zla...<\/figcaption><\/figure>\n<h2>FY2025 Hokuryu Yang\u0131nla M\u00fccadele Tatbikat Plan\u0131<\/h2>\n<div class=\"img-move\">\n<figure class=\"wp-caption aligncenter\"><a href=\"https:\/\/photos.google.com\/share\/AF1QipN1im7JxLUHs54fdcpzUimiMP8L8fpZ0r2Tapzy2R0J4jcBbssfqYV4r8KoLHN7Tg\/photo\/AF1QipPlw-BXLSbIQc3qyJPDSPR02sfz2aCSCNb1GI4?key=Zzcxd1NQM3ZMNXJaVkZ3b2o4YzF2ZnlhUkxmUXN3\"><img decoding=\"async\" src=\"https:\/\/lh3.googleusercontent.com\/pw\/AP1GczNVqLpN_1SiyAs4zSBljdse2w2lZdkkrx2BiWxpEYF6pU1cBPasomw1xveClC3yUHEE73nuXXecqTsuzo98KK8wAEXYfSH4s85_p7fXyhH-WOQO72mIDlXpet9FNTQw8sk9taEFWICT8iVECNT5Zc3e=w595-h841-s-no-gm?authuser=0\" width=\"500\" alt=\"FY2025 Hokuryu Yang\u0131nla M\u00fccadele Tatbikat Plan\u0131\" class=\"size-full\" style=\"border:solid 1px blue\" \/><figcaption class=\"wp-caption-text\">FY2025 Hokuryu Yang\u0131nla M\u00fccadele Tatbikat Plan\u0131<\/a><\/figcaption><\/figure>\n<div class=\"column column-255\">\n<div class=\"column__item\">\n<div class=\"column column-255\">\n<div class=\"column__item\"><a href=\"https:\/\/photos.google.com\/share\/AF1QipNaHV5dQZtDnYUeAe8AfnaaELOT8wnGbzquX5adC7oxfATy97h3Bl-UHL0hfVZnyw\/photo\/AF1QipPQkxx2NLHjLYmCb583_6FsY3vkcNOYioY4RuQ?key=UEotVlNfZVNaSE9xR05GNERETEM4dEhRdHRPZGJR\" target=\"_blank\" rel=\"noopener\"><img decoding=\"async\" src=\"https:\/\/lh3.googleusercontent.com\/pw\/AP1GczMAqRG42Tu1oabYSexel5Ai1FZPNUuJLM3syC0dKJS5Bp5hkYGKIM8470nYAuMormIexpSgmnVm8FC88H3IRxIyEKs8Xbvpc1Is7IpCgn8FnnPb1M7CWh3OKIYIR-iLuTTIohhYMTWlavFU0S2CN8NY=w1306-h1848-s-no-gm?authuser=0\" alt=\"FY2025 Hokuryu Yang\u0131nla M\u00fccadele Tatbikat\u0131 Plan\u0131 1\" style=\"border:solid 1px blue\" width=\"300\"\/><\/a><\/div>\n<div class=\"column__item\"><a href=\"https:\/\/photos.google.com\/share\/AF1QipNaHV5dQZtDnYUeAe8AfnaaELOT8wnGbzquX5adC7oxfATy97h3Bl-UHL0hfVZnyw\/photo\/AF1QipMHjuZvdtQZw4w9KfWbmUJY1XvtDveBQaZAisw?key=UEotVlNfZVNaSE9xR05GNERETEM4dEhRdHRPZGJR\" target=\"_blank\" rel=\"noopener\"><img decoding=\"async\" src=\"https:\/\/lh3.googleusercontent.com\/pw\/AP1GczPpLg6hNV0fLChcZCg38sjNWgz8Vvb4isSgpSnsSvtCHfgNlW_QzOmkyGsByOVHgO_LRf4bVUl8avRCqRK8-kl8smQkMN-TDShdPlq7Xrvt2PEOhTyWtEntF8l4CrU8-myrXXh11Q99BvaqsdjcZ-_e=w1306-h1848-s-no-gm?authuser=0\" alt=\"FY2025 Hokuryu Yang\u0131nla M\u00fccadele Tatbikat\u0131 Plan\u0131 2\" style=\"border:solid 1px blue\" width=\"300\"\/><\/a><\/div>\n<\/div>\n<\/div>\n<div class=\"column__item\">\n<div class=\"column column-255\">\n<div class=\"column__item\"><a href=\"https:\/\/photos.google.com\/share\/AF1QipNaHV5dQZtDnYUeAe8AfnaaELOT8wnGbzquX5adC7oxfATy97h3Bl-UHL0hfVZnyw\/photo\/AF1QipPSDkQkehFAmYXg4WKvmGinGEb_fGj3C12WJF8?key=UEotVlNfZVNaSE9xR05GNERETEM4dEhRdHRPZGJR\" target=\"_blank\" rel=\"noopener\"><img decoding=\"async\" src=\"https:\/\/lh3.googleusercontent.com\/pw\/AP1GczPyEmrVaJ8sPtDG0G50F8TdErQD7HtneCUukp8Xpi79yZcAkmn2cYGKtYwhiihYYd5lA32Gjnv9IN9RgTVf_cDeJuEIyF80HpBmMQ6O68NV_qcGiYARDy1rZ0B5UMdX86MSI7ZhYrgq95H5nylUnRLl=w1306-h1848-s-no-gm?authuser=0\" alt=\"FY2025 Hokuryu Yang\u0131nla M\u00fccadele Tatbikat\u0131 Plan\u0131 3\" style=\"border:solid 1px blue\" width=\"300\"\/><\/a><\/div>\n<div class=\"column__item\"><a href=\"https:\/\/lh3.googleusercontent.com\/pw\/AP1GczPyEmrVaJ8sPtDG0G50F8TdErQD7HtneCUukp8Xpi79yZcAkmn2cYGKtYwhiihYYd5lA32Gjnv9IN9RgTVf_cDeJuEIyF80HpBmMQ6O68NV_qcGiYARDy1rZ0B5UMdX86MSI7ZhYrgq95H5nylUnRLl=w1306-h1848-s-no-gm?authuser=0\" target=\"_blank\" rel=\"noopener\"><img decoding=\"async\" src=\"https:\/\/lh3.googleusercontent.com\/pw\/AP1GczNlWdNpXaqs0-PDuhK2k7UE0-L4uWFChE8xJdrw-JToUlWVtMgcP3x8MI7JBxbxC4X9qJfaaA71hBrTRoVjstCZC5s6H88O_6SmD8OdpshT4BLeb7w8nDeYnn7rflBxxvNuC7-S_h1J6XyRgYGF1Cy0=w1306-h1848-s-no-gm?authuser=0\" alt=\"FY2025 Hokuryu Yang\u0131nla M\u00fccadele Tatbikat\u0131 Plan\u0131 4\" style=\"border:solid 1px blue\" width=\"300\"\/><\/a><\/div>\n<\/div>\n<\/div>\n<\/div>\n<div class=\"column column-255\">\n<div class=\"column__item\">\n<div class=\"column column-255\">\n<div class=\"column__item\"><a href=\"https:\/\/photos.google.com\/share\/AF1QipNaHV5dQZtDnYUeAe8AfnaaELOT8wnGbzquX5adC7oxfATy97h3Bl-UHL0hfVZnyw\/photo\/AF1QipPBg-doxOoikT45rXJNSt0l8LF1pcQb3zQcuy8?key=UEotVlNfZVNaSE9xR05GNERETEM4dEhRdHRPZGJR\" target=\"_blank\" rel=\"noopener\"><img decoding=\"async\" src=\"https:\/\/lh3.googleusercontent.com\/pw\/AP1GczPUxHlZhGwCMIeHixEzYWdrffK97RR31m30DIUAX8Jf2G6JI5s0D5hLrYCgq7AU-8ZYbI1j2LYUKR34e6f0L8Cwls-iA4mMEqqNA4QCDJKkxvoy8yGNm8JjQ3vB_fyIEON0lDfrSQJaBYPwUVRczuuV=w1306-h1848-s-no-gm?authuser=0\" alt=\"FY2025 Hokuryu Yang\u0131nla M\u00fccadele Tatbikat\u0131 Plan\u0131 5\" style=\"border:solid 1px blue\" width=\"300\"\/><\/a><\/div>\n<div class=\"column__item\"><a href=\"https:\/\/photos.google.com\/share\/AF1QipNaHV5dQZtDnYUeAe8AfnaaELOT8wnGbzquX5adC7oxfATy97h3Bl-UHL0hfVZnyw\/photo\/AF1QipPU5BI36rWEJWOyBpTOZNn9auJ7_3d5886YZJQ?key=UEotVlNfZVNaSE9xR05GNERETEM4dEhRdHRPZGJR\" target=\"_blank\" rel=\"noopener\"><img decoding=\"async\" src=\"https:\/\/lh3.googleusercontent.com\/pw\/AP1GczNU4DkAijBJBMAkAvjiDhR4oGRAjVygV6VbknwA-F1FdSszxy0hRuyNkN3BvTBLWZPufkmvQ8JqmsytrKVioFXihvM9Gnc-TzAQ2QhjYm7pBw2K6rVZ23e9yHXN1nbyYSq17vRbnoqSsmwON1d5g6PU=w1306-h1848-s-no-gm?authuser=0\" alt=\"FY2025 Hokuryu Yang\u0131nla M\u00fccadele Tatbikat\u0131 Plan\u0131 6\" style=\"border:solid 1px blue\" width=\"300\"\/><\/a><\/div>\n<\/div>\n<\/div>\n<div class=\"column__item\">\n<div class=\"column column-255\">\n<div class=\"column__item\"><a href=\"https:\/\/photos.google.com\/share\/AF1QipNaHV5dQZtDnYUeAe8AfnaaELOT8wnGbzquX5adC7oxfATy97h3Bl-UHL0hfVZnyw\/photo\/AF1QipMeBMShB9g6P9Dd2ngsfm_ilVKPYybAsx-InY8?key=UEotVlNfZVNaSE9xR05GNERETEM4dEhRdHRPZGJR\" target=\"_blank\" rel=\"noopener\"><img decoding=\"async\" src=\"https:\/\/lh3.googleusercontent.com\/pw\/AP1GczOAdGun4kmva_P-yWqFvCbyLYosVBKDWf6OmqWJ0dLExM_InBE7_OuVvURI0ft4Iq8Dy1FwAc13TlZlbs4ohITY5_Tj2Ykmle00LNz0hxqgVVlVvuxxqhLcYey9DgAIdODDdgJ6EPpTj-ldTNew26aP=w1306-h1848-s-no-gm?authuser=0\" alt=\"FY2025 Hokuryu Yang\u0131nla M\u00fccadele Tatbikat\u0131 Plan\u0131 7\" style=\"border:solid 1px blue\" width=\"300\"\/><\/a><\/div>\n<div class=\"column__item\"><a href=\"https:\/\/photos.google.com\/share\/AF1QipNaHV5dQZtDnYUeAe8AfnaaELOT8wnGbzquX5adC7oxfATy97h3Bl-UHL0hfVZnyw\/photo\/AF1QipOv7AkAqUswkM-AowLJr2H7JcdNqnxwKXWd_5I?key=UEotVlNfZVNaSE9xR05GNERETEM4dEhRdHRPZGJR\" target=\"_blank\" rel=\"noopener\"><img decoding=\"async\" src=\"https:\/\/lh3.googleusercontent.com\/pw\/AP1GczPjhMUm_qsJB20UQkvIZv3iT31FaecKiAxykPEWJO4LKsP43VZwxpOIGUhKVHX85QMvSZQ4GJ7kBo7bhCBDeGZRECHmFkG-rwwyUqC7mG-HYs_hf-s13YwSDD91DQxxB7MKH5dAzqTdi0cpzSbmcNdL=w1306-h1848-s-no-gm?authuser=0\" alt=\"FY2025 Hokuryu Yang\u0131nla M\u00fccadele Tatbikat\u0131 Plan\u0131 8\" style=\"border:solid 1px blue\" width=\"300\"\/><\/a><\/div>\n<\/div>\n<\/div>\n<\/div>\n<\/div>\n<h2>Youtube videolar\u0131<\/h2>\n<div class=\"youtube\"><iframe title=\"2025 Hokuryu Yang\u0131n Tatbikat\u0131 ve Sosyal Toplant\u0131s\u0131 (Hokuryu Kasabas\u0131, Hokkaido) Kasabal\u0131lar\u0131m\u0131z\u0131n hayatlar\u0131n\u0131 korumak i\u00e7in yorulmadan \u00e7al\u0131\u015fan Hokuryu \u0130tfaiye Tugay\u0131&#039;n\u0131n t\u00fcm \u00fcyelerinin de\u011ferli ruhlar\u0131na minnettar\u0131z!\" src=\"https:\/\/www.youtube.com\/embed\/XcAaociUeLQ?feature=oembed\" frameborder=\"0\" allow=\"accelerometer; autoplay; clipboard-write; encrypted-media; gyroscope; picture-in-picture; web-share\" referrerpolicy=\"strict-origin-when-cross-origin\" allowfullscreen><\/iframe><\/div>\n<h2>Di\u011fer foto\u011fraflar<\/h2>\n<div class=\"img-move\"><img decoding=\"async\" style=\"vertical-align: middle;\" src=\"https:\/\/ehokkaido.net\/wp-content\/uploads\/2021\/12\/2021-12-06-11.41.12.png\" \/> <a href=\"https:\/\/photos.app.goo.gl\/MXgN4eKJEsDZsFDC6\" target=\"_blank\" rel=\"noopener noreferrer\">2025 Hokuryu Yang\u0131n S\u00f6nd\u00fcrme Tatbikat\u0131ndan (Hokuryu Kasabas\u0131, Hokkaido) foto\u011fraflar (166 foto\u011fraf) burada &gt;&gt;<\/a><\/div>\n<h2>\u0130lgili makaleler<\/h2>\n\n        <div class=\"site-blogcard-premium\">\n            <div class=\"bc-label-custom\">\u0130lgili makaleler<\/div>\n            <div class=\"bc-flex-container\">\n                <div class=\"bc-main-text\">\n                    <div class=\"bc-title-link-box\">\n                        <a href=\"https:\/\/portal.hokuryu.info\/tr\/60493\/\" target=\"_blank\">https:\/\/portal.hokuryu.info\/60493<\/a>\n                    <\/div>\n                    <div class=\"bc-excerpt-box\">Sayfa bilgileri al\u0131namad\u0131.<\/div>\n                <\/div>\n                <div class=\"bc-thumbnail-box\">\n                    <a href=\"https:\/\/portal.hokuryu.info\/tr\/60493\/\" target=\"_blank\">\n                        <div class=\"bc-img-zoom-wrap\">\n                            <img decoding=\"async\" src=\"https:\/\/portal.hokuryu.info\/wp\/wp-content\/uploads\/2026\/02\/20230802DSC06445_1.jpg\" alt=\"https:\/\/portal.hokuryu.info\/60493\">\n                        <\/div>\n                    <\/a>\n                <\/div>\n            <\/div>\n        <\/div>\n\n        <div class=\"site-blogcard-premium\">\n            <div class=\"bc-label-custom\">\u0130lgili makaleler<\/div>\n            <div class=\"bc-flex-container\">\n                <div class=\"bc-main-text\">\n                    <div class=\"bc-title-link-box\">\n                        <a href=\"https:\/\/portal.hokuryu.info\/tr\/46966\/\" target=\"_blank\">https:\/\/portal.hokuryu.info\/46966<\/a>\n                    <\/div>\n                    <div class=\"bc-excerpt-box\">Sayfa bilgileri al\u0131namad\u0131.<\/div>\n                <\/div>\n                <div class=\"bc-thumbnail-box\">\n                    <a href=\"https:\/\/portal.hokuryu.info\/tr\/46966\/\" target=\"_blank\">\n                        <div class=\"bc-img-zoom-wrap\">\n                            <img decoding=\"async\" src=\"https:\/\/portal.hokuryu.info\/wp\/wp-content\/uploads\/2026\/02\/20230802DSC06445_1.jpg\" alt=\"https:\/\/portal.hokuryu.info\/46966\">\n                        <\/div>\n                    <\/a>\n                <\/div>\n            <\/div>\n        <\/div>\n\n        <div class=\"site-blogcard-premium\">\n            <div class=\"bc-label-custom\">\u0130lgili makaleler<\/div>\n            <div class=\"bc-flex-container\">\n                <div class=\"bc-main-text\">\n                    <div class=\"bc-title-link-box\">\n                        <a href=\"https:\/\/portal.hokuryu.info\/tr\/46960\/\" target=\"_blank\">https:\/\/portal.hokuryu.info\/46960<\/a>\n                    <\/div>\n                    <div class=\"bc-excerpt-box\">Sayfa bilgileri al\u0131namad\u0131.<\/div>\n                <\/div>\n                <div class=\"bc-thumbnail-box\">\n                    <a href=\"https:\/\/portal.hokuryu.info\/tr\/46960\/\" target=\"_blank\">\n                        <div class=\"bc-img-zoom-wrap\">\n                            <img decoding=\"async\" src=\"https:\/\/portal.hokuryu.info\/wp\/wp-content\/uploads\/2026\/02\/20230802DSC06445_1.jpg\" alt=\"https:\/\/portal.hokuryu.info\/46960\">\n                        <\/div>\n                    <\/a>\n                <\/div>\n            <\/div>\n        <\/div>\n\n        <div class=\"site-blogcard-premium\">\n            <div class=\"bc-label-custom\">\u0130lgili makaleler<\/div>\n            <div class=\"bc-flex-container\">\n                <div class=\"bc-main-text\">\n                    <div class=\"bc-title-link-box\">\n                        <a href=\"https:\/\/portal.hokuryu.info\/tr\/34186\/\" target=\"_blank\">https:\/\/portal.hokuryu.info\/34186<\/a>\n                    <\/div>\n                    <div class=\"bc-excerpt-box\">Sayfa bilgileri al\u0131namad\u0131.<\/div>\n                <\/div>\n                <div class=\"bc-thumbnail-box\">\n                    <a href=\"https:\/\/portal.hokuryu.info\/tr\/34186\/\" target=\"_blank\">\n                        <div class=\"bc-img-zoom-wrap\">\n                            <img decoding=\"async\" src=\"https:\/\/portal.hokuryu.info\/wp\/wp-content\/uploads\/2026\/02\/20230802DSC06445_1.jpg\" alt=\"https:\/\/portal.hokuryu.info\/34186\">\n                        <\/div>\n                    <\/a>\n                <\/div>\n            <\/div>\n        <\/div>\n\n        <div class=\"site-blogcard-premium\">\n            <div class=\"bc-label-custom\">\u0130lgili makaleler<\/div>\n            <div class=\"bc-flex-container\">\n                <div class=\"bc-main-text\">\n                    <div class=\"bc-title-link-box\">\n                        <a href=\"https:\/\/portal.hokuryu.info\/tr\/34183\/\" target=\"_blank\">https:\/\/portal.hokuryu.info\/34183<\/a>\n                    <\/div>\n                    <div class=\"bc-excerpt-box\">Sayfa bilgileri al\u0131namad\u0131.<\/div>\n                <\/div>\n                <div class=\"bc-thumbnail-box\">\n                    <a href=\"https:\/\/portal.hokuryu.info\/tr\/34183\/\" target=\"_blank\">\n                        <div class=\"bc-img-zoom-wrap\">\n                            <img decoding=\"async\" src=\"https:\/\/portal.hokuryu.info\/wp\/wp-content\/uploads\/2026\/02\/20230802DSC06445_1.jpg\" alt=\"https:\/\/portal.hokuryu.info\/34183\">\n                        <\/div>\n                    <\/a>\n                <\/div>\n            <\/div>\n        <\/div>\n\n        <div class=\"site-blogcard-premium\">\n            <div class=\"bc-label-custom\">\u0130lgili makaleler<\/div>\n            <div class=\"bc-flex-container\">\n                <div class=\"bc-main-text\">\n                    <div class=\"bc-title-link-box\">\n                        <a href=\"https:\/\/portal.hokuryu.info\/tr\/topics\/culture\/20190723.html\/\" target=\"_blank\">71. Kita Sorachi Yang\u0131n S\u00f6nd\u00fcrme Tatbikat\u0131, Hokuryu Kasabas\u0131&#039;n\u0131n Himawari no Sato - Hokuryu Kasabas\u0131 Portal\u0131 (Hokkaido) - Japonya&#039;n\u0131n 1 Numaral\u0131 Ay\u00e7i\u00e7e\u011fi K\u00f6y\u00fc otopark\u0131nda ger\u00e7ekle\u015ftirilecek<\/a>\n                    <\/div>\n                    <div class=\"bc-excerpt-box\">71. Kita-Sorachi Ortak \u0130tfaiye Tatbikat\u0131, 5 Temmuz 2019 Cuma g\u00fcn\u00fc saat 13:00&#039;te Hokuryu Kasabas\u0131&#039;ndaki Himawari-no-Sato otopark\u0131nda ger\u00e7ekle\u015ftirildi...<\/div>\n                <\/div>\n                <div class=\"bc-thumbnail-box\">\n                    <a href=\"https:\/\/portal.hokuryu.info\/tr\/topics\/culture\/20190723.html\/\" target=\"_blank\">\n                        <div class=\"bc-img-zoom-wrap\">\n                            <img decoding=\"async\" src=\"https:\/\/lh3.googleusercontent.com\/a-7dFJ9m5Qqrt1a53WvKplpJp3P2Ne8HEQWWHBW3uxkhmGkeQ6H98wf03w-ekJ39r_SRQ3QYEKnaY5xqgSJqXN-vWEw5jST5WVpE6ba3ybQjW2Xjln_ytL_tO6veemzQkgsZGROh5v5n9WDn-DoSUqfcGPro5J_ZPVxhn3oNN4sWjfaSB_NIVd373QspmYZ84zt5o0cB-PZKfD2F70gzAYOFVvOq2LzUL2BJ0W5rPhzSyI1EtDjZ3eaCPcdNgHxYt2CbmHJ8DFUSAT11ZAOH0jv2wIJhkySvVpBfEudGFaXODlp288tj26wq6J0cQ4H5kpx_7O-eYlK4a_9ArD0jzJc9LNxQmfkUY9w3JXpjfQftYDetTk3HX7Gauuf9yqVjNyV2AAKa6umeewVaICTGSgDxe9Nz9JAD2r2GAomIn1b9YHPn9qszrDIr7_Bo_OhH1gTipJRZLs23-Ux0zhktPSoiEM6f-xxQu9QoN8I9-akQ2Xge4L4vkhmSOElr1IbUxk3IvTYVBiF7lXshHn19MWLWcmvA5AwF43kMiGXEnxmLnVjCJlCwHy7hQQvnlfK0EJlW9dO_AHsMGSC7V7faFU9soDqdpxurJTxOMJHF61O4ZWZGrBWyNPGppCcm_BjC18eRM-Tha2mN4LoCBjb6-8l2bxmjpOjcAgwv5HQk8B6G7wyCuNLDzmGo1aRVJLflvEtfOK6FeMBkBLZkcTJxNMoU=w1346-h897-no\" alt=\"71. Kita Sorachi Yang\u0131n S\u00f6nd\u00fcrme Tatbikat\u0131, Hokuryu Kasabas\u0131&#039;n\u0131n Himawari no Sato - Hokuryu Kasabas\u0131 Portal\u0131 (Hokkaido) - Japonya&#039;n\u0131n 1 Numaral\u0131 Ay\u00e7i\u00e7e\u011fi K\u00f6y\u00fc otopark\u0131nda ger\u00e7ekle\u015ftirilecek\">\n                        <\/div>\n                    <\/a>\n                <\/div>\n            <\/div>\n        <\/div>\n\n        <div class=\"site-blogcard-premium\">\n            <div class=\"bc-label-custom\">\u0130lgili makaleler<\/div>\n            <div class=\"bc-flex-container\">\n                <div class=\"bc-main-text\">\n                    <div class=\"bc-title-link-box\">\n                        <a href=\"https:\/\/portal.hokuryu.info\/tr\/topics\/culture\/20130708.html\/\" target=\"_blank\">Hokuryu \u0130tfaiye Tugay\u0131 100. Y\u0131l T\u00f6reni ve Tatbikat\u0131 2013 - Hokuryu Kasaba Portal\u0131 (Hokkaido) - Japonya&#039;n\u0131n 1 Numaral\u0131 Ay\u00e7i\u00e7e\u011fi K\u00f6y\u00fc<\/a>\n                    <\/div>\n                    <div class=\"bc-excerpt-box\">2.100 n\u00fcfuslu ve 401.300 ki\u015filik ya\u015flanma oran\u0131na sahip, canl\u0131 bir kasaban\u0131n &quot;bug\u00fcnk\u00fc&quot; halini sizlere sunuyoruz. Ay\u00e7i\u00e7ekleri gibi, aileler uyum i\u00e7inde ya\u015f\u0131yor...<\/div>\n                <\/div>\n                <div class=\"bc-thumbnail-box\">\n                    <a href=\"https:\/\/portal.hokuryu.info\/tr\/topics\/culture\/20130708.html\/\" target=\"_blank\">\n                        <div class=\"bc-img-zoom-wrap\">\n                            <img decoding=\"async\" src=\"https:\/\/lh6.googleusercontent.com\/-rHol1cSBURE\/UdO8_ujtHeI\/AAAAAAAAr8k\/5nDozCTAZbw\/w1024-h678-no\/K5+10063\" alt=\"Hokuryu \u0130tfaiye Tugay\u0131 100. Y\u0131l T\u00f6reni ve Tatbikat\u0131 2013 - Hokuryu Kasaba Portal\u0131 (Hokkaido) - Japonya&#039;n\u0131n 1 Numaral\u0131 Ay\u00e7i\u00e7e\u011fi K\u00f6y\u00fc\">\n                        <\/div>\n                    <\/a>\n                <\/div>\n            <\/div>\n        <\/div>\n\n        <div class=\"site-blogcard-premium\">\n            <div class=\"bc-label-custom\">\u0130lgili makaleler<\/div>\n            <div class=\"bc-flex-container\">\n                <div class=\"bc-main-text\">\n                    <div class=\"bc-title-link-box\">\n                        <a href=\"https:\/\/portal.hokuryu.info\/tr\/topics\/culture\/20130111.html\/\" target=\"_blank\">Hokuryu \u0130tfaiye Departman\u0131 100. Y\u0131l D\u00f6n\u00fcm\u00fc &quot;Yeni Y\u0131l Ge\u00e7it T\u00f6reni&quot; 2013 - Hokuryu Kasaba Portal\u0131 (Hokkaido) - Japonya&#039;n\u0131n 1 Numaral\u0131 Ay\u00e7i\u00e7e\u011fi K\u00f6y\u00fc<\/a>\n                    <\/div>\n                    <div class=\"bc-excerpt-box\">Nefes kesen bir Japon manzaras\u0131: Hokkaido&#039;nun Hokuryu kasabas\u0131ndaki &quot;Ay\u00e7i\u00e7e\u011fi K\u00f6y\u00fc&quot;. Hokkaido&#039;da pop\u00fcler bir turistik yer. L\u00fctfen en az bir kez ziyaret edin. (Pirin\u00e7 Sommelier&#039;i...).<\/div>\n                <\/div>\n                <div class=\"bc-thumbnail-box\">\n                    <a href=\"https:\/\/portal.hokuryu.info\/tr\/topics\/culture\/20130111.html\/\" target=\"_blank\">\n                        <div class=\"bc-img-zoom-wrap\">\n                            <img decoding=\"async\" src=\"https:\/\/lh4.googleusercontent.com\/-JNcMy2LJKlI\/UO4CKde0vKI\/AAAAAAAAjYY\/vUnIG5wXXyk\/s720\/IMGP8041.jpg\" alt=\"Hokuryu \u0130tfaiye Departman\u0131 100. Y\u0131l D\u00f6n\u00fcm\u00fc &quot;Yeni Y\u0131l Ge\u00e7it T\u00f6reni&quot; 2013 - Hokuryu Kasaba Portal\u0131 (Hokkaido) - Japonya&#039;n\u0131n 1 Numaral\u0131 Ay\u00e7i\u00e7e\u011fi K\u00f6y\u00fc\">\n                        <\/div>\n                    <\/a>\n                <\/div>\n            <\/div>\n        <\/div>\n<p>\u25c7 <a href=\"https:\/\/portal.hokuryu.info\/tr\/38127\/#outline_1__7_2_1\">Foto\u011fraf\u00e7\u0131l\u0131k, d\u00fczenleme ve web sitesi y\u00f6netimi: Noboru Terauchi Yazar: Ikuko Terauchi<\/a><\/p>","protected":false},"excerpt":{"rendered":"<p>2025\u5e747\u67084\u65e5\uff08\u91d1\uff09 6\u670827\u65e5\uff08\u91d1\uff09\u3001\u5317\u7adc\u753a\u5f79\u5834\u99d0\u8eca\u5834\u3067\u4ee4\u548c7\u5e74\u5ea6\u5317\u7adc\u6d88\u9632\u6f14\u7fd2\u304c\u958b\u50ac\u3055\u308c\u307e\u3057\u305f\u3002\u6d88\u9632\u56e3\u54e1\u306e\u7686\u3055\u307e\u306f\u3001\u5206\u5217\u884c\u9032\u3084\u30dd\u30f3\u30d7\u64cd\u6cd5\u3001\u6a21\u64ec\u706b\u707d\u8a13\u7df4\u306a\u3069\u3092\u901a\u3057\u3066\u65e5\u9803\u306e\u8a13\u7df4\u306e\u6210\u679c\u3092\u62ab\u9732\u3057\u307e\u3057\u305f\u3002 [&hellip;]<\/p>\n","protected":false},"author":1,"featured_media":60784,"comment_status":"open","ping_status":"open","sticky":false,"template":"","format":"standard","meta":{"footnotes":""},"categories":[4,75],"tags":[],"class_list":["post-60452","post","type-post","status-publish","format-standard","has-post-thumbnail","hentry","category-cover-story","category-sasaki-yasuhiro-mayor"],"_links":{"self":[{"href":"https:\/\/portal.hokuryu.info\/tr\/wp-json\/wp\/v2\/posts\/60452","targetHints":{"allow":["GET"]}}],"collection":[{"href":"https:\/\/portal.hokuryu.info\/tr\/wp-json\/wp\/v2\/posts"}],"about":[{"href":"https:\/\/portal.hokuryu.info\/tr\/wp-json\/wp\/v2\/types\/post"}],"author":[{"embeddable":true,"href":"https:\/\/portal.hokuryu.info\/tr\/wp-json\/wp\/v2\/users\/1"}],"replies":[{"embeddable":true,"href":"https:\/\/portal.hokuryu.info\/tr\/wp-json\/wp\/v2\/comments?post=60452"}],"version-history":[{"count":0,"href":"https:\/\/portal.hokuryu.info\/tr\/wp-json\/wp\/v2\/posts\/60452\/revisions"}],"wp:featuredmedia":[{"embeddable":true,"href":"https:\/\/portal.hokuryu.info\/tr\/wp-json\/wp\/v2\/media\/60784"}],"wp:attachment":[{"href":"https:\/\/portal.hokuryu.info\/tr\/wp-json\/wp\/v2\/media?parent=60452"}],"wp:term":[{"taxonomy":"category","embeddable":true,"href":"https:\/\/portal.hokuryu.info\/tr\/wp-json\/wp\/v2\/categories?post=60452"},{"taxonomy":"post_tag","embeddable":true,"href":"https:\/\/portal.hokuryu.info\/tr\/wp-json\/wp\/v2\/tags?post=60452"}],"curies":[{"name":"wp","href":"https:\/\/api.w.org\/{rel}","templated":true}]}}