{"id":59955,"date":"2025-06-20T16:39:13","date_gmt":"2025-06-20T07:39:13","guid":{"rendered":"https:\/\/portal.hokuryu.info\/?p=59955"},"modified":"2025-09-04T16:34:44","modified_gmt":"2025-09-04T07:34:44","slug":"tebrikler-bay-seisuke-tanakanin-yukselen-gunes-nisani-gumus-isinlari-almasi-kutlamasi","status":"publish","type":"post","link":"https:\/\/portal.hokuryu.info\/tr\/59955\/","title":{"rendered":"Tebrikler! Say\u0131n Moriaki Tanaka&#039;y\u0131 Y\u00fckselen G\u00fcne\u015f Ni\u015fan\u0131 G\u00fcm\u00fc\u015f I\u015f\u0131nlar&#039;\u0131 ald\u0131\u011f\u0131 i\u00e7in tebrik ediyoruz!"},"content":{"rendered":"<p>Cuma, 20 Haziran 2025<\/p>\n<div class=\"ep-box es-BpaperRight es-grid bgc-VPsky\">Eski Hokuryu Belediye Meclisi Ba\u015fkan\u0131 Bay Moriaki Tanaka (88 ya\u015f\u0131nda) i\u00e7in bir kutlama yap\u0131ld\u0131 ve kendisine Y\u00fckselen G\u00fcne\u015f Ni\u015fan\u0131, G\u00fcm\u00fc\u015f I\u015f\u0131nlar verildi. Yerel y\u00f6netime, gen\u00e7lik grubu faaliyetlerine ve b\u00f6lgesel kalk\u0131nma \u00e7abalar\u0131na yapt\u0131\u011f\u0131 uzun y\u0131llar s\u00fcren katk\u0131lar\u0131ndan dolay\u0131 takdir edildi. Organizat\u00f6rlerin temsilcisi ve belediye ba\u015fkan\u0131 taraf\u0131ndan tebrik konu\u015fmalar\u0131 yap\u0131ld\u0131 ve fahri kasaba halk\u0131 taraf\u0131ndan kadeh kald\u0131r\u0131ld\u0131. Bay Tanaka&#039;n\u0131n geni\u015f kapsaml\u0131 ba\u015far\u0131lar\u0131 ve b\u00f6lgeye olan derin minnettarl\u0131\u011f\u0131 ifade edildi.<\/div>\n<h2>Tebrikler! Bay Moriaki Tanaka&#039;n\u0131n Y\u00fckselen G\u00fcne\u015f Ni\u015fan\u0131, G\u00fcm\u00fc\u015f I\u015f\u0131nlar&#039;\u0131 almas\u0131 kutlamas\u0131<\/h2>\n<p>Cumartesi, 14 Haziran g\u00fcn\u00fc, saat 14:00&#039;te, Hokuriku Kasaba Meclisi eski Ba\u015fkan\u0131 Say\u0131n Morisuke Tanaka&#039;ya (88 ya\u015f\u0131nda), Ya\u015fl\u0131lar i\u00e7in Y\u00fckselen G\u00fcne\u015f, G\u00fcm\u00fc\u015f I\u015f\u0131nlar Ni\u015fan\u0131 verildi ve Ay\u00e7i\u00e7e\u011fi Park\u0131 Hokuriku Onsen&#039;de bir kutlama d\u00fczenlendi.<\/p>\n<figure class=\"wp-caption aligncenter\"><a href=\"https:\/\/photos.google.com\/share\/AF1QipP7drB0gG8P5fXJz8zuCiQt0EN20R-l2uetZvgLSuRQAZaSeE378vM6ieKvwKX77g\/photo\/AF1QipMnNSeEqTbcFIDLYw2MkgGymQPjJtOz_1R54og?key=UmNZOG00T0tBaGxnZWhVMGZXSHVyMDg3TF9qcm5n\" target=\"_blank\"><img decoding=\"async\" src=\"https:\/\/lh3.googleusercontent.com\/pw\/AP1GczMYM33DfcQOCZQFYkLclDZAYGhPAfDhVFnCwnD76Tkm_3TUqkzZx2lX-MC1gKV0ulE6q-DGCmH31CWlQt-ETY_NE-jeRS3fIkCA2pvpzmCyXKKbaXGIxDJRHtK7bajtHY4GBQ5a3Va_ghZK3nYxSI14=w2000-h1500-s-no-gm?authuser=0\" width=\"2000\" height=\"1500\" alt=\"Tebrikler! Bay Seisuke Tanaka&#039;n\u0131n Y\u00fckselen G\u00fcne\u015f Ni\u015fan\u0131, G\u00fcm\u00fc\u015f I\u015f\u0131nlar&#039;\u0131 almas\u0131 kutlamas\u0131\" class=\"size-full\" \/><\/a><figcaption class=\"wp-caption-text\">Tebrikler! Bay Seisuke Tanaka&#039;n\u0131n Y\u00fckselen G\u00fcne\u015f Ni\u015fan\u0131, G\u00fcm\u00fc\u015f I\u015f\u0131nlar&#039;\u0131 almas\u0131 kutlamas\u0131<\/figcaption><\/figure>\n<h3>Kutlama partisi d\u00fczenlemek<\/h3>\n<p>14 Haziran Cumartesi g\u00fcn\u00fc, Y\u00fckselen G\u00fcne\u015f Ni\u015fan\u0131, G\u00fcm\u00fc\u015f I\u015f\u0131nlar \u00f6d\u00fcl\u00fcne lay\u0131k g\u00f6r\u00fclen eski Kitary\u016b Belediye Meclisi Ba\u015fkan\u0131 Moriaki Tanaka (88 ya\u015f\u0131nda) i\u00e7in bir kutlama d\u00fczenlendi.<\/p>\n<ul>\n<li><strong>Y\u00fckselen G\u00fcne\u015f Ni\u015fan\u0131, G\u00fcm\u00fc\u015f I\u015f\u0131nlar<\/strong>: \u00dclkeye veya topluma \u00f6nemli katk\u0131larda bulunmu\u015f, toplumun \u00e7e\u015fitli alanlar\u0131nda \u00fcst\u00fcn ba\u015far\u0131lar g\u00f6stermi\u015f olanlara verilir.<\/li>\n<li><strong>Ya\u015fl\u0131 Vatanda\u015flar \u00d6d\u00fcl\u00fc<\/strong>: 88 ya\u015f\u0131na ula\u015ft\u0131\u011f\u0131nda hen\u00fcz \u0130lkbahar ve Sonbahar Ni\u015fan\u0131 almam\u0131\u015f, \u00fcst\u00fcn katk\u0131larda bulunmu\u015f ki\u015filere verilir.<\/li>\n<\/ul>\n<figure class=\"wp-caption aligncenter\"><a href=\"https:\/\/photos.google.com\/share\/AF1QipP7drB0gG8P5fXJz8zuCiQt0EN20R-l2uetZvgLSuRQAZaSeE378vM6ieKvwKX77g\/photo\/AF1QipN5JOyUR5vGZrurNxGA011W-AuFCizsqxSLgGA?key=UmNZOG00T0tBaGxnZWhVMGZXSHVyMDg3TF9qcm5n\" target=\"_blank\"><img decoding=\"async\" src=\"https:\/\/lh3.googleusercontent.com\/pw\/AP1GczP2Iez47hjOVb_XG8gJwEhipnqvSWF4Nf3LRgaGuAaIxns7106J8qxZThcVPKJeeHv9qnw3eL-ayqlw1dnGTOqEpVqORVysAa2F-8f8a3tgVsPxfNYOmp6J1HdNLIdt4T3YGiIDQbtiUZmRvPjW6PYL=w2000-h1500-s-no-gm?authuser=0\" width=\"2000\" height=\"1500\" alt=\"\u00d6d\u00fcller ve onurlar\" class=\"size-full\" \/><\/a><figcaption class=\"wp-caption-text\">\u00d6d\u00fcller ve onurlar<\/figcaption><\/figure>\n<h3>Kurucu<\/h3>\n<ul>\n<li><strong>Kurucular\u0131n temsilcisi:<\/strong>Say\u0131n Shoichi Nakamura (Hokuryu Kasaba Meclisi Ba\u015fkan\u0131)<\/li>\n<li><strong>Kurucu:<\/strong>Koji Kawada (Mezunlar Derne\u011fi Konsey Ba\u015fkan\u0131), Masato Sawada (Nishikawa Mahalle Derne\u011fi Ba\u015fkan\u0131), Hideyuki Minami (Genel Kurul Ba\u015fkan\u0131)<\/li>\n<\/ul>\n<h3>\u00c7ift giri\u015fi<\/h3>\n<figure class=\"wp-caption aligncenter\"><a href=\"https:\/\/photos.google.com\/share\/AF1QipP7drB0gG8P5fXJz8zuCiQt0EN20R-l2uetZvgLSuRQAZaSeE378vM6ieKvwKX77g\/photo\/AF1QipPsCUZ9BfUnd9HrdmnMg-N6GIjpx6YfpKt1LcA?key=UmNZOG00T0tBaGxnZWhVMGZXSHVyMDg3TF9qcm5n\" target=\"_blank\"><img decoding=\"async\" src=\"https:\/\/lh3.googleusercontent.com\/pw\/AP1GczPmqsn36OWsteG65PJyTYZyAHd6VE8BqgziYmJFDo1H17Pyww-jQo4mXRYO4JGC3JqzN-_tiPBzFpxN_sE8iWcu_GtZjsIc9pVeltwAirx6XCTB8jjJPQxSp-7B8Ed2rmFLWF53EksMcsqMSnGopQEl=w2000-h1333-s-no-gm?authuser=1\" width=\"2000\" height=\"1333\" alt=\"\u00c7ift giri\u015fi\" class=\"size-full\" \/><\/a><figcaption class=\"wp-caption-text\">\u00c7ift giri\u015fi<\/figcaption><\/figure>\n<h3>Moderat\u00f6r: Hajime Nanba, Genel \u0130\u015fler B\u00f6l\u00fcm \u015eefi, Hokuryu Belediye Binas\u0131<\/h3>\n<figure class=\"wp-caption aligncenter\"><a href=\"https:\/\/photos.google.com\/share\/AF1QipP7drB0gG8P5fXJz8zuCiQt0EN20R-l2uetZvgLSuRQAZaSeE378vM6ieKvwKX77g\/photo\/AF1QipPIQB8zZhwkYtPOLXJZKObPpmcGt8bhxvXpwKk?key=UmNZOG00T0tBaGxnZWhVMGZXSHVyMDg3TF9qcm5n\" target=\"_blank\"><img decoding=\"async\" src=\"https:\/\/lh3.googleusercontent.com\/pw\/AP1GczNRe3RyeyXwy3lhEOExnEdovg1QvjbGjuSDS0gBJTWmLrCK3e0ZBjU3teQqwOuvxCV_yn3TVeElza714VG2hh1NG_BY1BvBLKvF5_tZVcXZ3nkqi9_VVB3qE6jNew9VQIoUSUUE0MPCvzsdIZcQU95r=w2000-h1500-s-no-gm?authuser=0\" width=\"2000\" height=\"1333\" alt=\"Moderat\u00f6r: Hajime Nanba, Genel \u0130\u015fler B\u00f6l\u00fcm \u015eefi, Tatsuta Belediye Binas\u0131\" class=\"size-full\" \/><\/a><figcaption class=\"wp-caption-text\">Moderat\u00f6r: Hajime Nanba, Genel \u0130\u015fler B\u00f6l\u00fcm \u015eefi, Tatsuta Belediye Binas\u0131<\/figcaption><\/figure>\n<h3>Promot\u00f6rden temsili konu\u015fma: Hokuryu Kasaba Meclisi Ba\u015fkan\u0131 Shoichi Nakamura<\/h3>\n<figure class=\"wp-caption aligncenter\"><a href=\"https:\/\/photos.google.com\/share\/AF1QipP7drB0gG8P5fXJz8zuCiQt0EN20R-l2uetZvgLSuRQAZaSeE378vM6ieKvwKX77g\/photo\/AF1QipMIPCSgf9Fr5PdpsUojzq38UV6k93lrC4PheRg?key=UmNZOG00T0tBaGxnZWhVMGZXSHVyMDg3TF9qcm5n\" target=\"_blank\"><img decoding=\"async\" src=\"https:\/\/lh3.googleusercontent.com\/pw\/AP1GczMux6NqYtz62zx3n3LIIG4Rb45BX1dRY-NYq7HEuhejYQXU6QCqLARXePxeT-sJhefK75sR94UOzkm7WER8Rwnqj9rzvD-cdrdGMXDnJ5eCv1_a7VQxwQFMOuI76ZLMtAVoNUcN3212advi9PcLfqHi=w2000-h1333-s-no-gm?authuser=0\" width=\"2000\" height=\"1333\" alt=\"Hokuryu Belediye Meclisi Ba\u015fkan\u0131 Shoichi Nakamura\" class=\"size-full\" \/><\/a><figcaption class=\"wp-caption-text\">Hokuryu Belediye Meclisi Ba\u015fkan\u0131 Shoichi Nakamura<\/figcaption><\/figure>\n<p>&quot;Bug\u00fcn organizat\u00f6rler ad\u0131na, Belediye Meclisi Ba\u015fkan\u0131 Tanaka Seisuke&#039;ye Y\u00fckselen G\u00fcne\u015f Ni\u015fan\u0131, G\u00fcm\u00fc\u015f I\u015f\u0131nlar madalyas\u0131n\u0131n takdim edilmesi dolay\u0131s\u0131yla d\u00fczenlenen kutlamada selamlar\u0131m\u0131 sunmak istiyorum.<\/p>\n<p>Kasaba ve di\u011ferleri bu kutlama i\u00e7in haz\u0131rl\u0131klar yap\u0131yordu ve duyuru kasaba meclisi ba\u015fkan\u0131 Kawada, kasaba meclisi mezunlar\u0131 derne\u011fi ba\u015fkan\u0131 Sawada, bir zamanlar Tanaka-san&#039;\u0131n \u00fcyesi oldu\u011fu Nishikawa mahalle derne\u011fi ba\u015fkan\u0131 ve temsilciler genel kurulu ba\u015fkan\u0131 Minami taraf\u0131ndan ortakla\u015fa yap\u0131ld\u0131. Yo\u011fun programlar\u0131n\u0131za ra\u011fmen b\u00fcy\u00fck say\u0131larda kat\u0131ld\u0131\u011f\u0131n\u0131z i\u00e7in hepinize \u00e7ok te\u015fekk\u00fcr ederiz. Samimi \u015f\u00fckranlar\u0131m\u0131z\u0131 sunmak isteriz.<\/p>\n<p>Bay Tanaka, Ocak 1937&#039;de Nishikawa&#039;da do\u011fdu, Shinryu \u0130lkokulu ve Hokuryu Ortaokulu&#039;ndan mezun oldu ve 1952&#039;de tar\u0131mda \u00e7al\u0131\u015fmaya ba\u015flad\u0131.<\/p>\n<p>Daha sonra 1956 y\u0131l\u0131nda Nopporo S\u00fct \u00c7ift\u00e7ili\u011fi Lisesi&#039;nden mektupla e\u011fitim alarak mezun oldu ve uzun y\u0131llar Hokuryu Kasabas\u0131&#039;nda ya\u015fayarak ge\u00e7imini \u00e7ift\u00e7ilikle sa\u011flad\u0131.<\/p>\n<p>1983&#039;te yerel topluluk taraf\u0131ndan \u00f6nerildi ve Hokuryu Belediye Meclisi&#039;ne se\u00e7ildi ve burada d\u00f6rt d\u00f6nem boyunca 16 y\u0131l g\u00f6rev yapt\u0131. \u00dc\u00e7\u00fcnc\u00fc d\u00f6neminde ba\u015fkan yard\u0131mc\u0131s\u0131 olarak g\u00f6rev yapt\u0131 ve d\u00f6rd\u00fcnc\u00fc d\u00f6neminde ba\u015fkan olarak becerilerini tam olarak g\u00f6sterdi.<\/p>\n<p>D\u00f6rd\u00fcnc\u00fc d\u00f6neminden sonra emekli oldu ve yerini halefine devretti, ancak sadece Meclis \u00fcyeli\u011fi d\u00f6neminde de\u011fil, \u00f6ncesinde ve sonras\u0131nda da bir\u00e7ok farkl\u0131 organizasyonun ba\u015fkanl\u0131\u011f\u0131n\u0131 yapt\u0131 ve karakteri ve yetenekleri nedeniyle \u00e7ok sayg\u0131n biri oldu\u011funa inan\u0131yorum. Bu nedenle, Y\u00fckselen G\u00fcne\u015f Ni\u015fan\u0131, G\u00fcm\u00fc\u015f I\u015f\u0131nlar ile onurland\u0131r\u0131ld\u0131\u011f\u0131na inan\u0131yorum. Tebriklerimi ve en iyi dileklerimi bir kez daha sunmak istiyorum.<\/p>\n<p>Gen\u00e7li\u011finde Sakuraoka Gen\u00e7lik Grubu da dahil olmak \u00fczere gen\u00e7lik grubu faaliyetlerinde aktif rol ald\u0131 ve 1963 ve 1964 y\u0131llar\u0131nda Hokuryu Kasabas\u0131 Gen\u00e7lik Grubu \u0130rtibat Konseyi ba\u015fkanl\u0131\u011f\u0131n\u0131, 1967 y\u0131l\u0131nda ise Kita Sorachi Gen\u00e7lik Grubu Konseyi ba\u015fkanl\u0131\u011f\u0131n\u0131 y\u00fcr\u00fctt\u00fc.<\/p>\n<p>Sonu\u00e7 olarak, Zenro&#039;nun o zamandan beri her yerde meslekta\u015flar\u0131 var ve \u015fu anda Hokkaido Gen\u00e7lik Salonu Genel Vakf\u0131&#039;n\u0131n konsey \u00fcyesi ve Hokkaido Gen\u00e7lik Birli\u011fi Mezunlar Derne\u011fi&#039;nin ba\u015fkan yard\u0131mc\u0131s\u0131 olarak g\u00f6rev yap\u0131yor.<\/p>\n<p>Ayn\u0131 zamanda ben de meclis \u00fcyesiydim ve Say\u0131n Tanaka yokken bir\u00e7ok ki\u015fi bana, &quot;Mochi-chan iyi mi?&quot; gibi sorular sorard\u0131.<\/p>\n<p>Ayr\u0131ca gen\u00e7 ya\u015ftan itibaren Shinshu, Otagawa&#039;daki aile tap\u0131na\u011f\u0131 olan Hokoji Tap\u0131na\u011f\u0131&#039;nda yer ald\u0131 ve Sosei Nenkai&#039;nin kurulu\u015funa kat\u0131larak ikinci ba\u015fkan\u0131 olarak g\u00f6rev yapt\u0131. Sosei Nenkai bug\u00fcn de faaliyetini s\u00fcrd\u00fcr\u00fcyor.<\/p>\n<p>2000 y\u0131l\u0131nda temsilci olarak se\u00e7ildi, 2009 y\u0131l\u0131nda temsilci ba\u015fkan yard\u0131mc\u0131s\u0131 olarak g\u00f6rev yapt\u0131 ve 2018 y\u0131l\u0131nda \u00fc\u00e7 y\u0131ll\u0131k bir d\u00f6nem temsilci ba\u015fkan\u0131 olarak g\u00f6rev yapt\u0131. Bu g\u00f6revden emekli olduktan sonra 2021 y\u0131l\u0131ndan bu yana sorumlu memur olarak operasyonlardan sorumlu oldu.<\/p>\n<p>Son y\u0131llarda, hem sa\u011fl\u0131kl\u0131 kalmak hem de arkada\u015flar\u0131yla arkada\u015fl\u0131klar\u0131n\u0131 derinle\u015ftirmek i\u00e7in yazlar\u0131 park golf\u00fc oynamaktan keyif al\u0131yor. Oyunda olduk\u00e7a yetenekli ve bir\u00e7ok turnuva kazand\u0131.<\/p>\n<p>Sonu\u00e7 olarak, 100 ya\u015f\u0131na kadar ya\u015famay\u0131 bekleyebilece\u011fimiz bu \u00e7a\u011fda, Bay Tanaka ve Bayan Kazuko&#039;nun sa\u011fl\u0131klar\u0131na iyi bakmalar\u0131n\u0131 ve sa\u011fl\u0131kl\u0131 kalmalar\u0131n\u0131 umuyorum ve Tanaka ailesinin refah i\u00e7inde ya\u015famaya devam etmesi i\u00e7in dua ediyorum.<\/p>\n<p>&quot;Bug\u00fcn kat\u0131lan herkese en iyi dileklerimi iletmek, sa\u011fl\u0131k ve mutluluklar dilemek istiyorum. Bug\u00fcn bize kat\u0131ld\u0131\u011f\u0131n\u0131z i\u00e7in \u00e7ok te\u015fekk\u00fcr ederim,&quot; dedi Ba\u015fkan Nakamura a\u00e7\u0131l\u0131\u015f konu\u015fmas\u0131nda.<\/p>\n<figure class=\"wp-caption aligncenter\"><a href=\"https:\/\/photos.google.com\/share\/AF1QipP7drB0gG8P5fXJz8zuCiQt0EN20R-l2uetZvgLSuRQAZaSeE378vM6ieKvwKX77g\/photo\/AF1QipNeWq1EHxqkxgbgysxhinO_B-cOr_R8EJeh64k?key=UmNZOG00T0tBaGxnZWhVMGZXSHVyMDg3TF9qcm5n\" target=\"_blank\"><img decoding=\"async\" src=\"https:\/\/lh3.googleusercontent.com\/pw\/AP1GczNbw81QlPVQOBl5lJ3tSOncQO1Y7jtAJ0pS-K1X7iVVK91jgBuO6_C4vaapa0ehuRRNWQGwWvDAQQrFbBvf05ffBRhNETHKuoLy81QcyLP0apcRT4eJpkUuWWj14uU7QjCwk0PKZ5vf9shSPu-odz5U=w2000-h1333-s-no-gm?authuser=0\" width=\"2000\" height=\"1333\" alt=\"Kurucu ortaklardan temsili konu\u015fma: Ba\u015fkan Nakamura\" class=\"size-full\" \/><\/a><figcaption class=\"wp-caption-text\">Kurucu ortaklardan temsili konu\u015fma: Ba\u015fkan Nakamura<\/figcaption><\/figure>\n<h3>Buket sunumu: Buket torunu Sota Azuma taraf\u0131ndan sunuldu<\/h3>\n<figure class=\"wp-caption aligncenter\"><a href=\"https:\/\/photos.google.com\/share\/AF1QipP7drB0gG8P5fXJz8zuCiQt0EN20R-l2uetZvgLSuRQAZaSeE378vM6ieKvwKX77g\/photo\/AF1QipMri4XOMIDX0GsBAwNCt_784xzrxCHR7WfyfxA?key=UmNZOG00T0tBaGxnZWhVMGZXSHVyMDg3TF9qcm5n\" target=\"_blank\"><img decoding=\"async\" src=\"https:\/\/lh3.googleusercontent.com\/pw\/AP1GczPsAI8j7X6C0fsgGs_9qEYvQaQt73ueyGl9XhXwqxqwy4uLABWHh1sUSFAbWDdrQJyxdf8slpGG1kl9qu8nfww1cQWbh4Hy1XsF5Ul27bYF9coHfV8aEF3rK9CESmYGRbg5Bcui32YMORkVK9tbwH-p=w2000-h1333-s-no-gm?authuser=0\" width=\"2000\" height=\"1333\" alt=\"Sota Higashi&#039;den bir buket \u00e7i\u00e7ek takdimi\" class=\"size-full\" \/><\/a><figcaption class=\"wp-caption-text\">Sota Higashi&#039;den bir buket \u00e7i\u00e7ek takdimi<\/figcaption><\/figure>\n<h3>Tebrik konu\u015fmas\u0131: Hokuryu Kasabas\u0131 Belediye Ba\u015fkan\u0131 Yasuhiro Sasaki<\/h3>\n<figure class=\"wp-caption aligncenter\"><a href=\"https:\/\/photos.google.com\/share\/AF1QipP7drB0gG8P5fXJz8zuCiQt0EN20R-l2uetZvgLSuRQAZaSeE378vM6ieKvwKX77g\/photo\/AF1QipNtOVZVRu2cwJKA7XeqU8QsnZFkEE5Jh8UoFxQ?key=UmNZOG00T0tBaGxnZWhVMGZXSHVyMDg3TF9qcm5n\" target=\"_blank\"><img decoding=\"async\" src=\"https:\/\/lh3.googleusercontent.com\/pw\/AP1GczOBVndOWlx9GGqXkycaStRKRI6F_nGr2FmSPfcOyAp55qjvWhKSuTOquQX4ZqrUO2yb1pRInlOcTqzYh3b2tv2aTWXYsHExewni3k9CG1Hpur0rlbtJz-1c8rObqSKTDQ1BnYVw3RZ4gUPnlW8IIEFt=w1940-h1272-s-no-gm?authuser=1\" width=\"2000\" height=\"1333\" alt=\"Hokuryu Kasabas\u0131 Belediye Ba\u015fkan\u0131 Yasuhiro Sasaki\" class=\"size-full\" \/><\/a><figcaption class=\"wp-caption-text\">Hokuryu Kasabas\u0131 Belediye Ba\u015fkan\u0131 Yasuhiro Sasaki<\/figcaption><\/figure>\n<p>&quot;Burada bulunan herkes ad\u0131na tebriklerimi sunmak istiyorum.<\/p>\n<p>Say\u0131n Seisuke Tanaka&#039;ya Y\u00fckselen G\u00fcne\u015f G\u00fcm\u00fc\u015f I\u015f\u0131nlar Ni\u015fan\u0131&#039;n\u0131 almas\u0131 dolay\u0131s\u0131yla tebriklerimizi sunar\u0131z.<\/p>\n<p>Bay Tanaka Moriaki, aile i\u015fletmesi olan tar\u0131mda \u00e7al\u0131\u015ft\u0131 ve ailesiyle birlikte aile i\u015fletmesinde \u00e7ok \u00e7al\u0131\u015farak tar\u0131m\u0131 kurmak ve tar\u0131msal i\u015fletmecili\u011fi istikrara kavu\u015fturmak i\u00e7in \u00e7abalad\u0131.<\/p>\n<p>Ayr\u0131ca, 1983&#039;te yerel halk taraf\u0131ndan aday g\u00f6sterildi ve Hokuryu Kasaba Meclisi&#039;ne se\u00e7ildi. Sanayi ve \u0130n\u015faat Daimi Komitesi&#039;nin ba\u015fkan\u0131, meclis ba\u015fkan yard\u0131mc\u0131s\u0131 ve ard\u0131ndan meclis ba\u015fkan\u0131 olarak g\u00f6rev yapt\u0131 ve d\u00f6rt d\u00f6nem boyunca 16 y\u0131ll\u0131k uzun g\u00f6rev s\u00fcresi boyunca meclisin sorunsuz bir \u015fekilde i\u015flemesini sa\u011flamak, kasabada sanayiyi te\u015fvik etmek, refah\u0131 iyile\u015ftirmek, ya\u015fam ortam\u0131n\u0131 iyile\u015ftirmek ve e\u011fitim ve k\u00fclt\u00fcr\u00fc geli\u015ftirmek i\u00e7in \u00e7ok \u00e7al\u0131\u015ft\u0131 ve yerel y\u00f6netimin tan\u0131t\u0131m\u0131na ve geli\u015fimine b\u00fcy\u00fck katk\u0131larda bulundu.<\/p>\n<p>Y\u00fckselen G\u00fcne\u015f Ni\u015fan\u0131, G\u00fcm\u00fc\u015f I\u015f\u0131nlar \u00f6d\u00fcl\u00fcne lay\u0131k g\u00f6r\u00fcld\u00fc. &quot;Yerel y\u00f6netime katk\u0131lar&quot; kategorisi b\u00fcy\u00fck bir kategoridir, ancak yerel y\u00f6netim yaln\u0131zca uzun s\u00fcre bir meclis \u00fcyesi olarak hizmet etmek anlam\u0131na gelmez, daha ziyade refah\u0131 iyile\u015ftirmek ve sakinlere bakmakla ilgilidir, bu da hayatlar\u0131n\u0131n t\u00fcm y\u00f6nleriyle ilgilidir. \u00d6d\u00fcl\u00fc almam\u0131n nedeninin bu oldu\u011funa inan\u0131yorum.<\/p>\n<p>Bay Tanaka&#039;n\u0131n hayat\u0131n\u0131 nas\u0131l ya\u015fad\u0131\u011f\u0131n\u0131 g\u00f6rd\u00fc\u011f\u00fcmde b\u00f6yle hissediyorum. Bug\u00fcn sabah Japon Anaokulu&#039;nda spor g\u00fcn\u00fcyle ba\u015flad\u0131. Sabahtan \u00f6\u011flene kadar, bu kasabay\u0131 temsil eden \u00e7ocuklar i\u00e7in spor g\u00fcn\u00fcyd\u00fc ve atmosfer tezah\u00fcratlar ve mutlu seslerle doluydu.<\/p>\n<p>Ayr\u0131ca belediye binas\u0131nda d\u00fczenlenen bir belediye beyzbol turnuvas\u0131 da vard\u0131. Ben de bu turnuvaya kat\u0131l\u0131rd\u0131m ve orada \u00e7al\u0131\u015fan, kasabay\u0131 temsil eden gen\u00e7 adamlar beyzbol oyunlar\u0131nda birbirleriyle yar\u0131\u015f\u0131yorlard\u0131.<\/p>\n<p>Say\u0131n Tanaka \u00e7ok \u00e7al\u0131\u015ft\u0131 ve bir\u00e7ok farkl\u0131 alanda \u00e7ok aktif oldu, bu y\u00fczden bug\u00fcnk\u00fc kutlaman\u0131n \u00e7ok g\u00fczel bir g\u00fcn oldu\u011funu d\u00fc\u015f\u00fcn\u00fcyorum.<\/p>\n<p>Bu muhte\u015fem g\u00fcn\u00fcm\u00fczde \u00e7ocuklar\u0131m\u0131z\u0131n, gen\u00e7lerimizin ve ya\u015fl\u0131lar\u0131m\u0131z\u0131n tezah\u00fcrat ekibimiz olacak olmas\u0131ndan dolay\u0131 son derece minnettar\u0131z.<\/p>\n<p>Ben ilk kez 1987 y\u0131l\u0131nda Meclis&#039;e se\u00e7ildim. O zaman toplam 14 sandalyeden yedisi yeni gelmi\u015fti.<\/p>\n<p>Komitenin ba\u015fkan\u0131 hari\u00e7 \u00e7o\u011funlu\u011fu zaten yeni \u00fcyelerden olu\u015fuyordu, dolay\u0131s\u0131yla bu asl\u0131nda olduk\u00e7a sayg\u0131s\u0131zca bir hareketti.<\/p>\n<p>T\u00fcm kararlar\u0131 yeni \u00fcyelerle almaya \u00e7al\u0131\u015f\u0131yorlar. Bay Tanaka bunu hemen fark etti. &quot;Parlamento b\u00f6yle bir \u015fey de\u011fil. Parlamento b\u00f6yle bir \u015fey,&quot; dedi ve bana temelleri \u00f6\u011fretti. Bu ger\u00e7ekten bende yank\u0131 buldu. San\u0131r\u0131m ondan de\u011ferli bir rehberlik ald\u0131m.<\/p>\n<p>Say\u0131n Nakamura Meclis&#039;in 9. Ba\u015fkan\u0131yd\u0131, ben 12. Ba\u015fkan\u0131m ve \u015fu anki Ba\u015fkan Say\u0131n Nakamura da 13. Ba\u015fkan\u0131m, dolay\u0131s\u0131yla bu Meclis&#039;in tarihi i\u00e7erisinde \u00e7al\u0131\u015fmak istiyorum.<\/p>\n<p>Bir di\u011fer konu ise, belirli bir ki\u015finin Sorachi \u015eehir Ba\u015fkanlar\u0131 Konseyi&#039;ne gitmesiydi. O zamanlar, Sorachi \u015eehir Ba\u015fkanlar\u0131 Konseyi, say\u0131 g\u00fcc\u00fc sayesinde ba\u015fkan ve ba\u015fkan yard\u0131mc\u0131s\u0131 pozisyonlar\u0131n\u0131 tekeline alabilen yerel meclis \u00fcyesi taraf\u0131ndan domine ediliyordu.<\/p>\n<p>Bay Tanaka o zamanlar, &quot;K\u00fc\u00e7\u00fck kasabalar\u0131n da g\u00fc\u00e7l\u00fc bir \u00f6zy\u00f6netimi var, dolay\u0131s\u0131yla sadece b\u00fcy\u00fck kasabalar\u0131n Konsey Ba\u015fkanlar\u0131 Konseyi&#039;nin y\u00f6neticilerini ve \u00fc\u00e7 \u00fcst pozisyonunu tekeline almas\u0131 b\u00fcy\u00fck bir hata olur&quot; demi\u015fti.<\/p>\n<p>Bu sayede, mevcut Sorachi \u015eehir Konseyi iyi davran\u0131\u015fl\u0131 ba\u015fkanlar atad\u0131 ve k\u00fc\u00e7\u00fck kasabam\u0131z\u0131n art\u0131k kendi y\u00f6netiminin sorumlulu\u011funu \u00fcstlenebilmesinden son derece memnunuz.<\/p>\n<p>O zamandan beri \u00e7e\u015fitli kurulu\u015flar\u0131n ba\u015fkanl\u0131\u011f\u0131n\u0131 yapt\u0131. Umar\u0131m bu kurulu\u015flar\u0131n bir \u00fcyesi olmaya ve kasabay\u0131 desteklemeye devam eder.<\/p>\n<p>Sizin ve e\u015finizin sa\u011fl\u0131kl\u0131 kalmaya devam etmenizi ve bize yol g\u00f6stermeye devam etmenizi umuyoruz.<\/p>\n<p>Son olarak, Tanaka ailesine ve bug\u00fcn kat\u0131lan herkese en iyi dileklerimi sunmak ve konu\u015fmam\u0131 onlara s\u00fcrekli ba\u015far\u0131 dileyerek sonland\u0131rmak istiyorum. Bug\u00fcnk\u00fc ba\u015far\u0131n\u0131z i\u00e7in tebrikler,&quot; dedi Belediye Ba\u015fkan\u0131 Sasaki.<\/p>\n<h3>Anma hediyesi sunumu: Bayan Keiko Banda, Yard\u0131mc\u0131 B\u00f6l\u00fcm \u015eefi, Genel \u0130\u015fler B\u00f6l\u00fcm\u00fc, Hokuryu Belediye Binas\u0131<\/h3>\n<figure class=\"wp-caption aligncenter\"><a href=\"https:\/\/photos.google.com\/share\/AF1QipP7drB0gG8P5fXJz8zuCiQt0EN20R-l2uetZvgLSuRQAZaSeE378vM6ieKvwKX77g\/photo\/AF1QipOTib0wNbWfjI7v6TrP0zjD8r4WfbmlTbl7V4U?key=UmNZOG00T0tBaGxnZWhVMGZXSHVyMDg3TF9qcm5n\" target=\"_blank\"><img decoding=\"async\" src=\"https:\/\/lh3.googleusercontent.com\/pw\/AP1GczMLzYGnEf_8ArmhmydsYZC_kihPFu7oBxAOriWo5C5oqM_KZG3fCr4YOKmlKHOweczoOeNUUTJmHI3wZhi2tJBF-UfJ-izlwro7Cd8QDrjfyvxbeNASAa86smr2H7U1w8bGkf1vbc9-fVu_u3aJqSmJ=w2000-h1333-s-no-gm?authuser=0\" width=\"2000\" height=\"1333\" alt=\"Anma hediyesi sunumu\" class=\"size-full\" \/><\/a><figcaption class=\"wp-caption-text\">Anma hediyesi sunumu<\/figcaption><\/figure>\n<h3>Te\u015fekk\u00fcrler: Say\u0131n Moriaki Tanaka<\/h3>\n<figure class=\"wp-caption aligncenter\"><a href=\"https:\/\/photos.google.com\/share\/AF1QipP7drB0gG8P5fXJz8zuCiQt0EN20R-l2uetZvgLSuRQAZaSeE378vM6ieKvwKX77g\/photo\/AF1QipMdAprb4LhRx910pZPNNRcGdbnUfB8OFhb7io4?key=UmNZOG00T0tBaGxnZWhVMGZXSHVyMDg3TF9qcm5n\" target=\"_blank\"><img decoding=\"async\" src=\"https:\/\/lh3.googleusercontent.com\/pw\/AP1GczPwzMyOQq3asXORBr7pFcSS_xuUIQs5OPrmfpJfxBEWRebUfj6JpcIuowVBfGfEqDHvln7A43gyVedtH_O7nSFkJ-qx4bc5Gu_n_tqE5FU_dM2OIgZvc1btAm5LhhLc6jVVUyW6l3XVdwadRvaM0-xO=w2000-h1333-s-no-gm?authuser=0\" width=\"2000\" height=\"1333\" alt=\"Te\u015fekk\u00fcr: Say\u0131n Seisuke Tanaka\" class=\"size-full\" \/><\/a><figcaption class=\"wp-caption-text\">Te\u015fekk\u00fcr: Say\u0131n Seisuke Tanaka<\/figcaption><\/figure>\n<p>&quot;Bu \u00f6d\u00fcl\u00fc almam i\u00e7in b\u00f6ylesine g\u00f6rkemli bir kutlama d\u00fczenledi\u011finiz i\u00e7in \u00e7ok te\u015fekk\u00fcr ederim.<\/p>\n<p>Bu etkinli\u011fin t\u00fcm organizat\u00f6rlerine, \u00f6zellikle de belediye binas\u0131ndan Say\u0131n Minami ve Say\u0131n Banda&#039;ya, organizasyonunda bana yard\u0131m ettikleri i\u00e7in i\u00e7ten \u015f\u00fckranlar\u0131m\u0131 sunmak istiyorum. \u00c7ok te\u015fekk\u00fcr ederim.<\/p>\n<p>Az \u00f6nce ba\u015flat\u0131c\u0131, Ba\u015fkan Nakamura ve Belediye Ba\u015fkan\u0131 Sasaki&#039;den \u00e7ok c\u00f6mert s\u00f6zler ald\u0131m. Son derece minnettar\u0131m. \u00c7ok te\u015fekk\u00fcr ederim.<\/p>\n<p>Geriye d\u00f6n\u00fcp bakt\u0131\u011f\u0131mda, annemle babam 1988&#039;de ben iki ya\u015f\u0131ndayken bo\u015fand\u0131 ve hayat\u0131m o zamandan beri ini\u015f \u00e7\u0131k\u0131\u015flarla dolu oldu, ancak hepinize nazik rehberli\u011finiz i\u00e7in te\u015fekk\u00fcr ederim, bir \u015fekilde bug\u00fcn oldu\u011fum yere gelmeyi ba\u015fard\u0131m. \u00c7ok te\u015fekk\u00fcr ederim.<\/p>\n<p>Ayr\u0131ca, d\u00f6rt d\u00f6nem boyunca, toplam 16 y\u0131l boyunca Meclis&#039;te g\u00f6rev yapt\u0131m. Hepinizin bana bah\u015fetti\u011fi bu \u00f6d\u00fcl\u00fc almam\u0131n sebebi budur. \u00c7ok te\u015fekk\u00fcr ederim.<\/p>\n<p>Hayat\u0131m\u0131n bu b\u00f6l\u00fcm\u00fcne kadar ya\u015famak ve sana geri vermek istiyorum, az da olsa, ama art\u0131k bunu yapacak g\u00fcc\u00fcm yok. Her g\u00fcn\u00fc minnettarl\u0131k ve \u015f\u00fckranla ya\u015famaya, m\u00fcmk\u00fcn oldu\u011funca az sorun \u00e7\u0131karmaya \u00e7al\u0131\u015f\u0131yorum, bu y\u00fczden s\u00fcrekli rehberli\u011finizi ve tavsiyenizi istiyorum.<\/p>\n<p>Son olarak, devam eden iyi sa\u011fl\u0131\u011f\u0131n\u0131z ve ba\u015far\u0131n\u0131z i\u00e7in i\u00e7tenlikle dua etmek istiyorum ve minnettarl\u0131\u011f\u0131m\u0131 ifade etmek istiyorum, basit de olsa. \u00c7ok te\u015fekk\u00fcr ederim,&quot; dedi Bay Tanaka, derin minnettarl\u0131\u011f\u0131n\u0131 ifade ederek.<\/p>\n<figure class=\"wp-caption aligncenter\"><a href=\"https:\/\/photos.google.com\/share\/AF1QipP7drB0gG8P5fXJz8zuCiQt0EN20R-l2uetZvgLSuRQAZaSeE378vM6ieKvwKX77g\/photo\/AF1QipPWnYmaw8yEBV77f93n6qgigNzbo_f0lY8dGGY?key=UmNZOG00T0tBaGxnZWhVMGZXSHVyMDg3TF9qcm5n\" target=\"_blank\"><img decoding=\"async\" src=\"https:\/\/lh3.googleusercontent.com\/pw\/AP1GczPtwcQJe3xE_u2NWjondXoynD5_MzrHVnf0CbrAuZGzbpKAhGuhZC44PpwxiTD0klM97FInCjZEanibl0uA_CjiyimrYRQ160eBHSU3cVoEmqiAQwWs5yocSaNNSIQm2LvPGBiaX_GHdYieAQJREOFL=w2000-h1333-s-no-gm?authuser=0\" width=\"2000\" height=\"1333\" alt=\"Derin \u015f\u00fckranlar\u0131mla!\" class=\"size-full\" \/><\/a><figcaption class=\"wp-caption-text\">Derin \u015f\u00fckranlar\u0131mla!<\/figcaption><\/figure>\n<h3>Kadeh kald\u0131rma: Hokuryu Kasabas\u0131&#039;n\u0131n fahri vatanda\u015f\u0131, Ryoji Kikura<\/h3>\n<figure class=\"wp-caption aligncenter\"><a href=\"https:\/\/photos.google.com\/share\/AF1QipP7drB0gG8P5fXJz8zuCiQt0EN20R-l2uetZvgLSuRQAZaSeE378vM6ieKvwKX77g\/photo\/AF1QipMPpAMxZGwTO9WDqmCRu3k-52vLk6F9Y9Z-LCs?key=UmNZOG00T0tBaGxnZWhVMGZXSHVyMDg3TF9qcm5n\" target=\"_blank\"><img decoding=\"async\" src=\"https:\/\/lh3.googleusercontent.com\/pw\/AP1GczNvfe-dBGpEYCNA7k_4x8iQEZaJZcu24HyDFsMdo5Tcq4J2vNgvaXTPvlVA_oWNEOe10U-TetiWTGpwS7lStxteyKNeUqb2uONoLMnKtMb3R6MzzAHKmgXEiyRbj6YQ9pk-kA469mEX9ZhdTAx9HugB=w2000-h1333-s-no-gm?authuser=0\" width=\"2000\" height=\"1333\" alt=\"Hokuryu Kasabas\u0131 Fahri Vatanda\u015f\u0131, Bay Ryoji Kikura\" class=\"size-full\" \/><\/a><figcaption class=\"wp-caption-text\">Hokuryu Kasabas\u0131 Fahri Vatanda\u015f\u0131, Bay Ryoji Kikura<\/figcaption><\/figure>\n<p>&quot;Bay Tanaka&#039;dan 70 y\u0131ld\u0131r rehberlik al\u0131yorum.<\/p>\n<p>Bug\u00fcn sizlere Tanaka&#039;n\u0131n gen\u00e7li\u011finden pek \u00e7ok ki\u015finin bilmedi\u011fi iki \u015feyi tan\u0131tmak istiyorum.<\/p>\n<p>Bay Tanaka, Nishikawa&#039;da \u00e7ok az miktarda arazisi olan bir \u00e7ift\u00e7iydi ve \u00e7ok zor zamanlar ge\u00e7irdi. Hala unutamad\u0131\u011f\u0131m \u015fey, Bay Tanaka&#039;n\u0131n Utashinai&#039;deki Akabira k\u00f6m\u00fcr madeninin lideri olarak hayatta kalmak, ailesi i\u00e7in ve \u00e7ift\u00e7ilik i\u015fini korumak i\u00e7in \u00e7ok \u00e7al\u0131\u015fmas\u0131yd\u0131.<\/p>\n<p>Bay Tanaka&#039;n\u0131n, herhangi bir kazan\u0131n hayat\u0131n\u0131n sonu anlam\u0131na gelece\u011fi bir zamanda, kavurucu s\u0131cakta evini korumak i\u00e7in \u00e7aresiz \u00e7abalar sarf etti\u011fini g\u00f6rd\u00fcm.<\/p>\n<p>Ben Bay Tanaka gibi \u00e7al\u0131\u015facak cesarete sahip de\u011fildim, bu y\u00fczden 18 y\u0131l boyunca Sasaki \u0130n\u015faat&#039;ta \u00e7al\u0131\u015ft\u0131m, ama Bay Tanaka&#039;n\u0131n hayat tarz\u0131n\u0131 asla unutamam.<\/p>\n<p>Bir di\u011fer nokta: Tanaka-san gen\u00e7lik grubu faaliyetlerine ba\u015flad\u0131\u011f\u0131nda, Hokuryu Kasabas\u0131 Kita-Sorachi ve Ebe-Otsu&#039;nun 12 kasaba ve k\u00f6y\u00fcn\u00fc i\u00e7eriyordu, bu nedenle y\u0131ld\u0131z atletizm yar\u0131\u015fmas\u0131nda Hokuryu B S\u0131n\u0131f\u0131nda 5. veya 6. oldu.<\/p>\n<p>Etkinlik Tanaka Moriaki ve Kanayama&#039;n\u0131n &quot;Bu iyi de\u011fil. Neden kaybetmek zorunday\u0131z?&quot; demesiyle ba\u015flad\u0131.<\/p>\n<p>Kanayama-san \u00e7ok zeki bir insand\u0131 ve di\u011fer kasaba ve \u015fehirleri yenmek i\u00e7in nas\u0131l \u00e7aba sarf etmemiz gerekti\u011fi konusunda bir\u00e7ok tart\u0131\u015fmam\u0131z oldu.<\/p>\n<p>Daha sonra bu co\u015fkumuzu e\u011fitim m\u00fcd\u00fcrl\u00fc\u011f\u00fcne bildirdik ve Hokuryu Lisesi \u00f6\u011fretmenlerinden, Hokuryu Ortaokulu \u00f6\u011fretmenlerinden, Hekisui \u0130lkokulu m\u00fcd\u00fcr\u00fcnden ve kendo \u00f6\u011fretmenimizden destek ve rehberlik ald\u0131k.<\/p>\n<p>Tanaka ve Kanayama daha sonra, &quot;T\u00fcm kasabay\u0131 dahil edece\u011fiz&quot; dediler ve belediye binas\u0131n\u0131, arazi iyile\u015ftirme projesini ve ticaret odas\u0131n\u0131 da dahil ederek herkesi dahil ettiler ve &quot;Kitary\u016b&#039;nun g\u00fcc\u00fcn\u00fc g\u00f6stermek&quot; i\u00e7in \u00e7aba g\u00f6sterdiler.<\/p>\n<p>Bay Tanaka&#039;n\u0131n &quot;Hadi yapal\u0131m&quot; diyen g\u00fc\u00e7l\u00fc sesi olmasayd\u0131, san\u0131r\u0131m her \u015fey durgun kal\u0131rd\u0131.<\/p>\n<p>Bu \u00f6\u011fretmenlerin rehberli\u011fi ve Milli E\u011fitim Kurulu&#039;nun co\u015fkusuyla, \u00fc\u00e7\u00fcnc\u00fc y\u0131l\u0131m\u0131zda A s\u0131n\u0131f\u0131n\u0131n zirvesine ula\u015ft\u0131k, d\u00f6rd\u00fcnc\u00fc y\u0131l\u0131m\u0131zda \u015fampiyonlu\u011fu kazand\u0131k ve Hokuryu ad\u0131yla bilinen, her daim zafer kazanan bir okul haline geldik.<\/p>\n<p>Tanaka&#039;n\u0131n &quot;Neden kaybetmek zorunday\u0131z? Biz de kaybedebiliriz&quot; \u015feklindeki g\u00fc\u00e7l\u00fc tutumu ve Kanayama&#039;n\u0131n \u00e7e\u015fitli stratejiler \u00fcretme konusundaki zeki yetene\u011fi - gen\u00e7li\u011fimde bu iki adamla birlikte, onlar\u0131n rehberli\u011finde \u00e7al\u0131\u015fma f\u0131rsat\u0131 buldu\u011fum zamandan gurur duyuyorum.<\/p>\n<p>1965 y\u0131l\u0131nda Hokkai Times \u015eirketi&#039;nin Kita Sorachi&#039;nin etraf\u0131ndan ge\u00e7erek Horokanai&#039;ye kadar ko\u015ftu\u011fu bir bayrak yar\u0131\u015f\u0131 d\u00fczenlendi.<\/p>\n<p>Hokuryu&#039;dan kat\u0131labilecek hi\u00e7bir sporcu yoktu. Ancak Bay Tanaka, &quot;\u0130lk kat\u0131lan biz olmal\u0131y\u0131z. Ne olursa olsun kat\u0131laca\u011f\u0131z.&quot; dedi. \u00d6\u011fretmen ve Bay Tanaka, iki g\u00fcn boyunca Mihoushi&#039;den Ryusei&#039;ye motosikletle seyahat ettiler ve kat\u0131lmak \u00fczere dokuz sporcu toplad\u0131lar.<\/p>\n<p>\u0130lk ba\u015fta, bu sefil bir deneyimdi. Yar\u0131\u015fmadan sonra, Tadoshi da\u011flar\u0131nda grubun arkas\u0131ndayd\u0131, sonunu g\u00f6remiyordu ve bayra\u011f\u0131 bir sonraki ko\u015fucuya ge\u00e7irmek i\u00e7in arkada\u015f\u0131n\u0131n bisikletiyle gitmek zorundayd\u0131. Yar\u0131\u015fmadan sonra, &quot;Bu iyi de\u011fil. Neden di\u011fer insanlar\u0131n yapabildiklerini biz de yapam\u0131yoruz?!&quot; diye d\u00fc\u015f\u00fcnd\u00fc. Ondan sonra, her gece s\u0131k\u0131 bir \u015fekilde pratik yapt\u0131 ve s\u0131k\u0131 \u00e7al\u0131\u015fmaya devam etti.<\/p>\n<p>\u0130kinci turnuvada, kazanan tak\u0131ma 3 saniyeden daha yak\u0131nd\u0131lar. O kadar g\u00fc\u00e7lendiler ki, \u00fc\u00e7\u00fcnc\u00fc, d\u00f6rd\u00fcnc\u00fc ve be\u015finci turnuvalar\u0131 ezici zaferlerle kazanmay\u0131 ba\u015fard\u0131lar.<\/p>\n<p>Ve sadece atletizm de\u011fil, ayn\u0131 zamanda kendo, judo, sumo, voleybol ve t\u00fcm di\u011fer atletizm dernekleri, hepsi Ba\u015fkan Shinohara&#039;n\u0131n derin ruhu alt\u0131nda s\u0131k\u0131 bir \u015fekilde \u00e7al\u0131\u015ft\u0131k. Bay Tanaka, &quot;Tamam, bunu bir spor kasabas\u0131 ilan edelim ve spor arac\u0131l\u0131\u011f\u0131yla parlak bir kasaba yaratal\u0131m&quot; dedi ve E\u011fitim Kurulu s\u0131k\u0131 \u00e7al\u0131\u015ft\u0131 ve buray\u0131 Japonya&#039;daki ikinci &quot;spor kasabas\u0131&quot; ilan edebildik.<\/p>\n<p>Ba\u015fkan Shinohara&#039;n\u0131n c\u00f6mert deste\u011fiyle \u00e7evrili olan her \u00fcye \u00e7ok \u00e7al\u0131\u015ft\u0131 ve Hokuryu Kasaba Spor Derne\u011fi Hokkaido Spor \u00d6d\u00fcl\u00fc&#039;n\u00fc kazanmay\u0131 bile ba\u015fard\u0131.<\/p>\n<p>Bunlar\u0131n hepsi Tanaka Moriaki&#039;nin g\u00fcc\u00fc ve Kanayama&#039;n\u0131n bu g\u00fc\u00e7 \u00fczerindeki ak\u0131ll\u0131 kontrol\u00fcyd\u00fc. Ben bu iki ki\u015finin g\u00fcc\u00fcn\u00fcn Hokuryu&#039;nun g\u00fcc\u00fcn\u00fcn b\u00fcy\u00fck bir par\u00e7as\u0131 oldu\u011funa inan\u0131yorum.<\/p>\n<p>Gen\u00e7lik grubu en parlak d\u00f6neminde, kuzey Sorachi b\u00f6lgesindeki 12 kasaba ve k\u00f6yde 3.000&#039;den fazla \u00fcyeye sahipti. Do\u011fal olarak, Moriaki Tanaka ve Shinichi Kanayama kuzey Sorachi b\u00f6lgesinin liderleriydi ve b\u00fcy\u00fck \u00e7abalar sarf ettiler.<\/p>\n<p>Her iki seferde de Genel Sekreter olarak atanma \u015fans\u0131na eri\u015ftim ve bug\u00fcne kadar hayat\u0131mda bu kadar harika insanlarla \u00e7al\u0131\u015f\u0131p onlara hizmet etme f\u0131rsat\u0131 buldu\u011fum i\u00e7in kendimi \u015fansl\u0131 hissediyorum.<\/p>\n<p>Tanaka&#039;n\u0131n &quot;asla pes etmemek&quot;, &quot;cesaretini kaybetmeden her \u015feyi denemek&quot;, &quot;asla \u015fikayet etmemek&quot; ve &quot;ilerlerken tak\u0131m arkada\u015flar\u0131na mutlak g\u00fcven duymak&quot; gibi g\u00fc\u00e7l\u00fc y\u00f6nleri bug\u00fcn Hokuryu i\u00e7in b\u00fcy\u00fck bir miras b\u0131rakt\u0131. Samimi \u015f\u00fckranlar\u0131m\u0131 sunmak istiyorum. \u00c7ok te\u015fekk\u00fcr ederim.<\/p>\n<p>&quot;Hadi Tanaka-san&#039;\u0131n \u00f6d\u00fcl\u00fc \u015ferefine kadeh kald\u0131ral\u0131m! Tebrikler!&quot; dedi Kikura-san i\u00e7tenlikle kadeh kald\u0131rarak.<\/p>\n<figure class=\"wp-caption aligncenter\"><a href=\"https:\/\/photos.google.com\/share\/AF1QipP7drB0gG8P5fXJz8zuCiQt0EN20R-l2uetZvgLSuRQAZaSeE378vM6ieKvwKX77g\/photo\/AF1QipNXw7pM8ObDuRKjePBZOpLHg0AHB55wGH3y12c?key=UmNZOG00T0tBaGxnZWhVMGZXSHVyMDg3TF9qcm5n\" target=\"_blank\"><img decoding=\"async\" src=\"https:\/\/lh3.googleusercontent.com\/pw\/AP1GczPnLybU6P5QGl_CxYyGAKxCZMh_m5A8j5UnKjgf5NDensmyKHaoNr-Q0EGIXIn3XAxHXUaepm7eVnbT7qZ0DA1PjaC4eH0_XKeirbKS1Wir133tNqP04LAYLkiC1rofvnQP8_L-2_a0aNIJJ7T-EM35=w2000-h1333-s-no-gm?authuser=0\" width=\"2000\" height=\"1333\" alt=\"\u015eerefe! Tebrikler!\" class=\"size-full\" \/><\/a><figcaption class=\"wp-caption-text\">\u015eerefe! Tebrikler!<\/figcaption><\/figure>\n<h3>Bayram<\/h3>\n<p>Belediye Ba\u015fkan\u0131 Sasaki, belediye meclisi \u00fcyeleri ve akrabalar aras\u0131nda uyumlu bir atmosferde muhte\u015fem bir yemek servis edildi ve canl\u0131 bir sohbet ger\u00e7ekle\u015fti.<\/p>\n<p>Bay Tanaka\u2019n\u0131n sevincine t\u00fcm kat\u0131l\u0131mc\u0131lar ortak oldu.<\/p>\n<figure class=\"wp-caption aligncenter\"><a href=\"https:\/\/photos.google.com\/share\/AF1QipP7drB0gG8P5fXJz8zuCiQt0EN20R-l2uetZvgLSuRQAZaSeE378vM6ieKvwKX77g\/photo\/AF1QipMxyzXSMd2beSxHQf-ikMMOjXFulAy1sFASHOM?key=UmNZOG00T0tBaGxnZWhVMGZXSHVyMDg3TF9qcm5n\" target=\"_blank\"><img decoding=\"async\" src=\"https:\/\/lh3.googleusercontent.com\/pw\/AP1GczOda3L_PNJqg13kPyPKRYrrBLS0Sa-CEE7_T4e0m_Ti8KX8YrvzTyaSxtxqCgoUSWgX83xstGt4HbudSUe_OxwV4rZTYa1Z7d7EOGOH_iyXhQwZCvmXbpOS5_geptTWZVndxrWZr_XvpY81e59xK6Ff=w2000-h1500-s-no-gm?authuser=0\" width=\"2000\" height=\"1500\" alt=\"Mezeler\" class=\"size-full\" \/><\/a><figcaption class=\"wp-caption-text\">Mezeler<\/figcaption><\/figure>\n<figure class=\"wp-caption aligncenter\"><a href=\"https:\/\/photos.google.com\/share\/AF1QipP7drB0gG8P5fXJz8zuCiQt0EN20R-l2uetZvgLSuRQAZaSeE378vM6ieKvwKX77g\/photo\/AF1QipOTPr-oOi76eCfbA9q3v3TqmOUVGc57_iEZ4BI?key=UmNZOG00T0tBaGxnZWhVMGZXSHVyMDg3TF9qcm5n\" target=\"_blank\"><img decoding=\"async\" src=\"https:\/\/lh3.googleusercontent.com\/pw\/AP1GczPYGGr4RW7GcRJCztuZpKh6kIcGiVidXYOyrdg0bSHwHqzVIs2oejmSG8SD_JXzStNxcfx4BZj600ueJVy6eKa7J9GbsrBtmMX0TcDnAVhdv0JvVQSkja9RnzqtQg7adTSkJNnIFxXQyj2ntCGuOm3h=w2000-h1500-s-no-gm?authuser=0\" width=\"2000\" height=\"1500\" alt=\"Izgara karides ve deniz tara\u011f\u0131\" class=\"size-full\" \/><\/a><figcaption class=\"wp-caption-text\">Izgara karides ve deniz tara\u011f\u0131<\/figcaption><\/figure>\n<figure class=\"wp-caption aligncenter\"><a href=\"https:\/\/photos.google.com\/share\/AF1QipP7drB0gG8P5fXJz8zuCiQt0EN20R-l2uetZvgLSuRQAZaSeE378vM6ieKvwKX77g\/photo\/AF1QipPQ_-GX3gqCnoAFqswniTK9MBejbJa9GV-dtP4?key=UmNZOG00T0tBaGxnZWhVMGZXSHVyMDg3TF9qcm5n\" target=\"_blank\"><img decoding=\"async\" src=\"https:\/\/lh3.googleusercontent.com\/pw\/AP1GczO15YzekuQ5cv0qJ3mCye38BOsbWNvLZwx0uSsAgQaGvdaFjuOss-owObbyzN3u7UJQL6tRB2x2F3WnwiaZqVZ1a8LmcZwNEoJBoWrDXK2g7w5sfpPM7-4S-0vZgiS7vBuxG0vcLX2yAiurSzfXebuc=w2000-h1500-s-no-gm?authuser=0\" width=\"2000\" height=\"1500\" alt=\"Bal\u0131k ve sebzeler\" class=\"size-full\" \/><\/a><figcaption class=\"wp-caption-text\">Bal\u0131k ve sebzeler<\/figcaption><\/figure>\n<figure class=\"wp-caption aligncenter\"><a href=\"https:\/\/photos.google.com\/share\/AF1QipP7drB0gG8P5fXJz8zuCiQt0EN20R-l2uetZvgLSuRQAZaSeE378vM6ieKvwKX77g\/photo\/AF1QipM0sFEulHojRWH0wQ29HdRiu-rTcd-nDeOBw8k?key=UmNZOG00T0tBaGxnZWhVMGZXSHVyMDg3TF9qcm5n\" target=\"_blank\"><img decoding=\"async\" src=\"https:\/\/lh3.googleusercontent.com\/pw\/AP1GczOwqHfd7dpsArPvkHMAG3bQDJFY8BdE_h1XXlzwhFsr8tiNMKZOsBkAhll8BBpobq8CUm0xjflHJIKre3-WYfL2lEW5KOScR5a--TEcrVH5ZhP_BM_kgDOOx3IaFLGbIfw135FKVUXCR9JEZ-1djEz0=w2000-h1500-s-no-gm?authuser=0\" width=\"2000\" height=\"1500\" alt=\"Sashimi taba\u011f\u0131\" class=\"size-full\" \/><\/a><figcaption class=\"wp-caption-text\">Sashimi taba\u011f\u0131<\/figcaption><\/figure>\n<figure class=\"wp-caption aligncenter\"><a href=\"https:\/\/photos.google.com\/share\/AF1QipP7drB0gG8P5fXJz8zuCiQt0EN20R-l2uetZvgLSuRQAZaSeE378vM6ieKvwKX77g\/photo\/AF1QipN4g8VgnNO-gAcs21Cz6wqOgE-BIaSRYu3Ljpk?key=UmNZOG00T0tBaGxnZWhVMGZXSHVyMDg3TF9qcm5n\" target=\"_blank\"><img decoding=\"async\" src=\"https:\/\/lh3.googleusercontent.com\/pw\/AP1GczN_e6eim2kUAqEmBnVLLJUJeX_AFq9hoS0gOkpBT62g4Z5zq-VTLSVqDHDH8ut_rX3Ov4ht3W4g70eSK2AvPmYARD2tYWK00JioMvUUCLtC-W8vlhQFfWvv8Q7HOuuCurIgdCgmAleu5klKCHXSYKSQ=w2000-h1500-s-no-gm?authuser=0\" width=\"2000\" height=\"1500\" alt=\"Bambu filizi pirinci\" class=\"size-full\" \/><\/a><figcaption class=\"wp-caption-text\">Bambu filizi pirinci<\/figcaption><\/figure>\n<figure class=\"wp-caption aligncenter\"><a href=\"https:\/\/photos.google.com\/share\/AF1QipP7drB0gG8P5fXJz8zuCiQt0EN20R-l2uetZvgLSuRQAZaSeE378vM6ieKvwKX77g\/photo\/AF1QipOWQGCsAf-8jpfkt9ABE0AHHapvjGYA6B3Zyaw?key=UmNZOG00T0tBaGxnZWhVMGZXSHVyMDg3TF9qcm5n\" target=\"_blank\"><img decoding=\"async\" src=\"https:\/\/lh3.googleusercontent.com\/pw\/AP1GczPlrqVMYC-o68MMjtndA_4Pc8crN5O1555Y_ifzZ4fYa9pCwaXP3OdM4RiAkB023cyVSEVNvlNFFltGYn-2kGYN_d5UWTNxlm3hNhuLTNlaB1kBG1RpADL0k24qSlatjSJR5-r3TG9fWfjmUAETDnfE=w2000-h1500-s-no-gm?authuser=0\" width=\"2000\" height=\"1500\" alt=\"Et ve patates k\u0131zartmas\u0131\" class=\"size-full\" \/><\/a><figcaption class=\"wp-caption-text\">Et ve patates k\u0131zartmas\u0131<\/figcaption><\/figure>\n<figure class=\"wp-caption aligncenter\"><a href=\"https:\/\/photos.google.com\/share\/AF1QipP7drB0gG8P5fXJz8zuCiQt0EN20R-l2uetZvgLSuRQAZaSeE378vM6ieKvwKX77g\/photo\/AF1QipMh3HhyQzAan1J9Nz7ltqZyYNq1Hadhc3TJLw0?key=UmNZOG00T0tBaGxnZWhVMGZXSHVyMDg3TF9qcm5n\" target=\"_blank\"><img decoding=\"async\" src=\"https:\/\/lh3.googleusercontent.com\/pw\/AP1GczMEVq-w3hT3xraGst6HzvO7Z9qMxE3ivw_ECv-uVN_NZV5El9D2iQ33ZCAVDYx5fxgHwv2hWJi0bhRKCGBBpEz-ahAvXEWgEI8olKrb20mib_i86KMclho9S2WIt8gcJpRCcMCHB_Y1mHRiyNC-CzI1=w2000-h1500-s-no-gm?authuser=0\" width=\"2000\" height=\"1500\" alt=\"Belediye Ba\u015fkan\u0131 Sasaki ile canl\u0131 bir sohbet ger\u00e7ekle\u015ftirdim.\" class=\"size-full\" \/><\/a><figcaption class=\"wp-caption-text\">Belediye Ba\u015fkan\u0131 Sasaki ile canl\u0131 bir sohbet ger\u00e7ekle\u015ftirdim.<\/figcaption><\/figure>\n<figure class=\"wp-caption aligncenter\"><a href=\"https:\/\/photos.google.com\/share\/AF1QipP7drB0gG8P5fXJz8zuCiQt0EN20R-l2uetZvgLSuRQAZaSeE378vM6ieKvwKX77g\/photo\/AF1QipMjQT6WzRUEmwPINd_Ru3lsWTihNdgMzXuMl8Q?key=UmNZOG00T0tBaGxnZWhVMGZXSHVyMDg3TF9qcm5n\" target=\"_blank\"><img decoding=\"async\" src=\"https:\/\/lh3.googleusercontent.com\/pw\/AP1GczPWPGbYdf5sV0-FnOPF-MrjUcJ-DMt5vCNFifOB_vMUEiT0v8kCRfBFjrV1KEgmwjME-0m5GLy6si18XqYHJDoB-CEDhxBA19QaqbB-3Ag2I8dq7iEsqVmaTTGSZZpZtaLOSqhLBd62GP9Y3brmG_v7=w2000-h1500-s-no-gm?authuser=0\" width=\"2000\" height=\"1500\" alt=\"T\u00fcm belediye meclisi \u00fcyelerine\" class=\"size-full\" \/><\/a><figcaption class=\"wp-caption-text\">T\u00fcm belediye meclisi \u00fcyelerine<\/figcaption><\/figure>\n<figure class=\"wp-caption aligncenter\"><a href=\"https:\/\/photos.google.com\/share\/AF1QipP7drB0gG8P5fXJz8zuCiQt0EN20R-l2uetZvgLSuRQAZaSeE378vM6ieKvwKX77g\/photo\/AF1QipP93VKNlZ_uA_-2F9fas15vfgl4G0lEZa35q5c?key=UmNZOG00T0tBaGxnZWhVMGZXSHVyMDg3TF9qcm5n\" target=\"_blank\"><img decoding=\"async\" src=\"https:\/\/lh3.googleusercontent.com\/pw\/AP1GczM2LRx_OUlZHkWOgLJvYWe2fUCjtdjYHfPNU_WSPJeJW2MBT_FxS0tM3Tq83Fl11zRpqKSjiAoybxhHZ9NETamMKEyhKPA3EXTzZRHQ7BS4Pw7bA0_qoaGY_ERqW6okW2O2vGRb83Yt3K-alegW3tzw=w2000-h1500-s-no-gm?authuser=0\" width=\"2000\" height=\"1500\" alt=\"Sohbet olduk\u00e7a hareketliydi. . .\" class=\"size-full\" \/><\/a><figcaption class=\"wp-caption-text\">Sohbet olduk\u00e7a hareketliydi. . .<\/figcaption><\/figure>\n<figure class=\"wp-caption aligncenter\"><a href=\"https:\/\/photos.google.com\/share\/AF1QipP7drB0gG8P5fXJz8zuCiQt0EN20R-l2uetZvgLSuRQAZaSeE378vM6ieKvwKX77g\/photo\/AF1QipPdpYiigovuWf3TNmBmWLNGhk_Pg_9gnJKvvjQ?key=UmNZOG00T0tBaGxnZWhVMGZXSHVyMDg3TF9qcm5n\" target=\"_blank\"><img decoding=\"async\" src=\"https:\/\/lh3.googleusercontent.com\/pw\/AP1GczMqrV277eM7NH2e0jLP3eMv1wTw31a09Pw5SRw32i3gw4KGFWlGcrTexlJ-T_iaXdi35sERuyPHA1gGthIP9_yLA9eFf361UjubbyfHHhEmHpgcdnOaJXG-C7SJ8zMTjg7gubZC74Wczt_qsE2gAq7_=w2000-h1500-s-no-gm?authuser=0\" width=\"2000\" height=\"1500\" alt=\"Huzurlu bir ortamda...\" class=\"size-full\" \/><\/a><figcaption class=\"wp-caption-text\">Huzurlu bir ortamda...<\/figcaption><\/figure>\n<figure class=\"wp-caption aligncenter\"><a href=\"https:\/\/photos.google.com\/share\/AF1QipP7drB0gG8P5fXJz8zuCiQt0EN20R-l2uetZvgLSuRQAZaSeE378vM6ieKvwKX77g\/photo\/AF1QipMzgr8UT5Xtwc_F91y8TFDXF_Kjl3q0MEA9rsc?key=UmNZOG00T0tBaGxnZWhVMGZXSHVyMDg3TF9qcm5n\" target=\"_blank\"><img decoding=\"async\" src=\"https:\/\/lh3.googleusercontent.com\/pw\/AP1GczPx5K2OgSy-KQGgVEi72gclwI31Dx19jSpCxAa6qJbXMCkE2rhRCc-pv9ABTIjRwGh97xvT6krErG2MjyG530aKtUfVZlMpmn9-eNdle2bvL8laPMoYuLFz4NFMuxfZS1Al0z24CgOOqfyaFsRwFGol=w2000-h1500-s-no-gm?authuser=0\" width=\"2000\" height=\"1500\" alt=\"Nefis yemeklerin tad\u0131n\u0131 \u00e7\u0131kar\u0131rken...\" class=\"size-full\" \/><\/a><figcaption class=\"wp-caption-text\">Nefis yemeklerin tad\u0131n\u0131 \u00e7\u0131kar\u0131rken...<\/figcaption><\/figure>\n<figure class=\"wp-caption aligncenter\"><a href=\"https:\/\/photos.google.com\/share\/AF1QipP7drB0gG8P5fXJz8zuCiQt0EN20R-l2uetZvgLSuRQAZaSeE378vM6ieKvwKX77g\/photo\/AF1QipNyqh6viwUYcb9Y5QAkXLpeku0IwPkKmVUJOcI?key=UmNZOG00T0tBaGxnZWhVMGZXSHVyMDg3TF9qcm5n\" target=\"_blank\"><img decoding=\"async\" src=\"https:\/\/lh3.googleusercontent.com\/pw\/AP1GczNhdTXxHEQy9C3rxV40gY31yhOuWMKbFz4yJ9GYxKCWA-slQoP3iRxcJquM8wsx73EoeNwIojFyMZBQaUtvacihyNUArlRPgdOGzvczga-EQtWmRPLY7p7nXfXF68l2l27FB3DoiPtM5OdIK4i5pmSF=w2000-h1500-s-no-gm?authuser=0\" width=\"2000\" height=\"1500\" alt=\"\u00c7ok say\u0131da nostaljik sohbet...\" class=\"size-full\" \/><\/a><figcaption class=\"wp-caption-text\">\u00c7ok say\u0131da nostaljik sohbet...<\/figcaption><\/figure>\n<figure class=\"wp-caption aligncenter\"><a href=\"https:\/\/photos.google.com\/share\/AF1QipP7drB0gG8P5fXJz8zuCiQt0EN20R-l2uetZvgLSuRQAZaSeE378vM6ieKvwKX77g\/photo\/AF1QipM94B1bXY9DFKELNH4ZnBn3op6QhbMZJfqe5HY?key=UmNZOG00T0tBaGxnZWhVMGZXSHVyMDg3TF9qcm5n\" target=\"_blank\"><img decoding=\"async\" src=\"https:\/\/lh3.googleusercontent.com\/pw\/AP1GczOem0rqIFBVkWayBFMlJF_jX_S7L8nzCk0sPoyiJ660PIdABoswh9nme0XFMLPQ7AulkpxEF_mTRp_vVtdvwn68gRm3Wp84gd-AzAS29Se4jkVefxzsStWvtGDU3jdW6uYzO3SPEPcAWPU03w6eMcP5=w2000-h1500-s-no-gm?authuser=0\" width=\"2000\" height=\"1500\" alt=\"Sevincinizi yak\u0131nlar\u0131n\u0131zla payla\u015f\u0131n.\" class=\"size-full\" \/><\/a><figcaption class=\"wp-caption-text\">Sevincinizi yak\u0131nlar\u0131n\u0131zla payla\u015f\u0131n.<\/figcaption><\/figure>\n<figure class=\"wp-caption aligncenter\"><a href=\"https:\/\/photos.google.com\/share\/AF1QipP7drB0gG8P5fXJz8zuCiQt0EN20R-l2uetZvgLSuRQAZaSeE378vM6ieKvwKX77g\/photo\/AF1QipONcakW0nDbS61VCqJx92DodafQoSGHShVN4cw?key=UmNZOG00T0tBaGxnZWhVMGZXSHVyMDg3TF9qcm5n\" target=\"_blank\"><img decoding=\"async\" src=\"https:\/\/lh3.googleusercontent.com\/pw\/AP1GczNJOekm7dH9eHhv9WLfS80Buh1_rpBaRJBp29JYadYkO4hCJLj_Xp-uSzp9HRuxk6qw5ze0q1nNCZ2s6ADpkd7NbvZHleZffBadoUugwaIlCsBl9tda7vWfQtc2JxW25wD4goC7IlQX5FJn564tzL_7=w2000-h1500-s-no-gm?authuser=0\" width=\"2000\" height=\"1500\" alt=\"Payla\u015f\u0131lan g\u00fcl\u00fcmsemeler ve sevin\u00e7ler!\" class=\"size-full\" \/><\/a><figcaption class=\"wp-caption-text\">Payla\u015f\u0131lan g\u00fcl\u00fcmsemeler ve sevin\u00e7ler!<\/figcaption><\/figure>\n<figure class=\"wp-caption aligncenter\"><a href=\"https:\/\/photos.google.com\/share\/AF1QipP7drB0gG8P5fXJz8zuCiQt0EN20R-l2uetZvgLSuRQAZaSeE378vM6ieKvwKX77g\/photo\/AF1QipPFRo4ANalH46VJ9LqkpZnMi_Am-rIa_UFnjOw?key=UmNZOG00T0tBaGxnZWhVMGZXSHVyMDg3TF9qcm5n\" target=\"_blank\"><img decoding=\"async\" src=\"https:\/\/lh3.googleusercontent.com\/pw\/AP1GczOq5ta84WyZxAA4FB3Jq43NvKS77IXdXsgnug1Re7QtPT7_rG0JY_C26Bh7ZuH86vmENMUkblKluMdrtoyysGHFjH29xh-BDXBCiiDCtP4Wc4zCAeEWefLam_Gq1udG2nhVH2DheRd4zsNpmckx0Ib9=w2000-h1500-s-no-gm?authuser=0\" width=\"2000\" height=\"1500\" alt=\"Parti t\u00fcm h\u0131z\u0131yla devam ediyor\" class=\"size-full\" \/><\/a><figcaption class=\"wp-caption-text\">Parti t\u00fcm h\u0131z\u0131yla devam ediyor<\/figcaption><\/figure>\n<h3>\u00dc\u00e7 tezah\u00fcrat: Eski Belediye Ba\u015fkan\u0131 Yutaka Sano<\/h3>\n<p>&quot;Tanaka-san i\u00e7in harika ve uyumlu bir kutlamayd\u0131.<\/p>\n<p>Bay Tanaka&#039;ya t\u00fcm yard\u0131mlar\u0131 i\u00e7in \u00e7ok minnettar\u0131z. Y\u00fckselen G\u00fcne\u015f Ni\u015fan\u0131&#039;n\u0131 ald\u0131\u011f\u0131n\u0131z i\u00e7in tebrikler, G\u00fcm\u00fc\u015f I\u015f\u0131nlar! L\u00fctfen \u00fc\u00e7 kez &quot;Banzai&quot; diye tezah\u00fcrat ederek bize kat\u0131l\u0131n!<\/p>\n<p>Hokuryu&#039;nun b\u00f6lgesel kalk\u0131nmas\u0131na ve kent kalk\u0131nmas\u0131na uzun y\u0131llard\u0131r yapt\u0131\u011f\u0131 katk\u0131lardan dolay\u0131 kendisine Y\u00fckselen G\u00fcne\u015f, G\u00fcm\u00fc\u015f I\u015f\u0131nlar Ni\u015fan\u0131&#039;n\u0131n verilmesinden b\u00fcy\u00fck bir mutluluk duyuyorum.<\/p>\n<p>Bu, Tanaka Moriaki&#039;nin 100 ya\u015f\u0131na kadar elinden gelenin en iyisini yapma kararl\u0131l\u0131\u011f\u0131d\u0131r. Tanaka ailesinin ve kat\u0131lan herkesin sa\u011fl\u0131\u011f\u0131 ve mutlulu\u011fu i\u00e7in i\u00e7ten dualar\u0131m\u0131 sunmak istiyorum ve y\u00fcksek sesle \u00fc\u00e7 kez &quot;Banzai&quot; diye ba\u011f\u0131raca\u011f\u0131m.<\/p>\n<p>Tebrikler, Tanaka-san! Ya\u015fas\u0131n! Ya\u015fas\u0131n! Ya\u015fas\u0131n!&quot;<\/p>\n<p>Ve eski Belediye Ba\u015fkan\u0131 Sano da herkesle birlikte t\u00fcm y\u00fcre\u011fiyle \u00fc\u00e7 kez &quot;Banzai&quot; diye ba\u011f\u0131rd\u0131!<\/p>\n<figure class=\"wp-caption aligncenter\"><a href=\"https:\/\/photos.google.com\/share\/AF1QipP7drB0gG8P5fXJz8zuCiQt0EN20R-l2uetZvgLSuRQAZaSeE378vM6ieKvwKX77g\/photo\/AF1QipOIIFSwFGzmwwFxri97h6k-3R5jdKkn00jXMt8?key=UmNZOG00T0tBaGxnZWhVMGZXSHVyMDg3TF9qcm5n\" target=\"_blank\"><img decoding=\"async\" src=\"https:\/\/lh3.googleusercontent.com\/pw\/AP1GczPR0hSmmaE_7tJaeWo4PP3zi2merkDivqmfe3CaU7MssfAIeA2y-ECy4jLQVqGKObeccktVQ1iwc_teZs2dAUEcmnTtk9fLyBZ7ngmh5tB2RvmOT_ZJ6DAqGmF2cwAJ_2jS9jTeQuYR9t_rN-BgwiJj=w2000-h1120-s-no-gm?authuser=0\" width=\"2000\" height=\"1120\" alt=\"Eski Belediye Ba\u015fkan\u0131 Sano \u00fc\u00e7 kez &quot;Banzai!&quot; diye ba\u011f\u0131r\u0131yor!\" class=\"size-full\" \/><\/a><figcaption class=\"wp-caption-text\">Eski Belediye Ba\u015fkan\u0131 Sano \u00fc\u00e7 kez &quot;Banzai!&quot; diye ba\u011f\u0131r\u0131yor!<\/figcaption><\/figure>\n<figure class=\"wp-caption aligncenter\"><a href=\"https:\/\/photos.google.com\/share\/AF1QipP7drB0gG8P5fXJz8zuCiQt0EN20R-l2uetZvgLSuRQAZaSeE378vM6ieKvwKX77g\/photo\/AF1QipPUsN0MPvvhRbgutSLh_P_h4zQ5AQYBynYNkjk?key=UmNZOG00T0tBaGxnZWhVMGZXSHVyMDg3TF9qcm5n\" target=\"_blank\"><img decoding=\"async\" src=\"https:\/\/lh3.googleusercontent.com\/pw\/AP1GczN6VQ7320VXIsdk43hGiEJ5UkIRf_6AbSCagYhHRnqQeJ0udF0upqgBAjKlvmbMNuzg4F9k0xi9At5VAUptmPgsxcz4q15pmw8kmNfvHA7UFs5qXi-y0EJHxoGA0rNPisXXIaZSU2F35jpn5qw2INZz=w2000-h1333-s-no-gm?authuser=0\" width=\"2000\" height=\"1333\" alt=\"Tebrikler Tanaka-san! Ya\u015fas\u0131n! Ya\u015fas\u0131n! Ya\u015fas\u0131n!\" class=\"size-full\" \/><\/a><figcaption class=\"wp-caption-text\">Tebrikler Tanaka-san! Ya\u015fas\u0131n! Ya\u015fas\u0131n! Ya\u015fas\u0131n!<\/figcaption><\/figure>\n<p>&lt;Uzakla\u015ft\u0131rma&gt;<\/p>\n<figure class=\"wp-caption aligncenter\"><a href=\"https:\/\/photos.google.com\/share\/AF1QipP7drB0gG8P5fXJz8zuCiQt0EN20R-l2uetZvgLSuRQAZaSeE378vM6ieKvwKX77g\/photo\/AF1QipP3wvH5A2NZzFJ6kwYMVzoup7TRy7TYYeNlLaQ?key=UmNZOG00T0tBaGxnZWhVMGZXSHVyMDg3TF9qcm5n\" target=\"_blank\"><img decoding=\"async\" src=\"https:\/\/lh3.googleusercontent.com\/pw\/AP1GczM6SBGNWexUeanYHJJih4rfId5rEOl6AQjC0rNXzfcCaEIfc8NiNGdaaKogYtImVLwkB1mTaJIlvtvMfPlo0y8uSe16L18qgEve6fHEM3gf1eWc5PQqVSI3B4I3t-g-_RLfLsNO95Cd25oM95vocpkp=w2000-h1500-s-no-gm?authuser=0\" width=\"2000\" height=\"1500\" alt=\"Veda etmek\" class=\"size-full\" \/><\/a><figcaption class=\"wp-caption-text\">Veda etmek<\/figcaption><\/figure>\n<figure class=\"wp-caption aligncenter\"><a href=\"https:\/\/photos.google.com\/share\/AF1QipP7drB0gG8P5fXJz8zuCiQt0EN20R-l2uetZvgLSuRQAZaSeE378vM6ieKvwKX77g\/photo\/AF1QipNBU8sC-zsI3vbqkX2itg8vZLxh0xNWgXKb--g?key=UmNZOG00T0tBaGxnZWhVMGZXSHVyMDg3TF9qcm5n\" target=\"_blank\"><img decoding=\"async\" src=\"https:\/\/lh3.googleusercontent.com\/pw\/AP1GczOyEQAjpG1XrZJCWJ70ZwQUxZh9cRNVMucIIAq8GTX3eG5YDdwIqz2og7_7m3qZ8pZZ97oqLqB_OkHTaUTJiwTVORUoUAycLv3FxQqkJmXZNePtSYDsroJxnrB5cckMhdqDxVOS4dMAlMO78RURobEq=w2000-h1500-s-no-gm?authuser=0\" width=\"2000\" height=\"1500\" alt=\"Minnettarl\u0131kla...\" class=\"size-full\" \/><\/a><figcaption class=\"wp-caption-text\">Minnettarl\u0131kla...<\/figcaption><\/figure>\n<figure class=\"wp-caption aligncenter\"><a href=\"https:\/\/photos.google.com\/share\/AF1QipP7drB0gG8P5fXJz8zuCiQt0EN20R-l2uetZvgLSuRQAZaSeE378vM6ieKvwKX77g\/photo\/AF1QipPeKG7ZY3uAFJFe-PYW7g0c3qk3X7XTmsZWLSE?key=UmNZOG00T0tBaGxnZWhVMGZXSHVyMDg3TF9qcm5n\" target=\"_blank\"><img decoding=\"async\" src=\"https:\/\/lh3.googleusercontent.com\/pw\/AP1GczNlMpntPZVQz2c3nAbGFWiNeyfszX-NpM2qLgFDh5EEDtfVeBCcTMN3E7NGArloQ-kmMJsBgCazTZJphp1IAU_CyvW5U3HK-lppptREihkcbJA1fBhdWn5_GJ7yIyMAzGyCvMkwRAYHd6RMyWYmXpri=w2000-h1500-s-no-gm?authuser=0\" width=\"2000\" height=\"1500\" alt=\"Aile ile hat\u0131ra foto\u011fraf\u0131\" class=\"size-full\" \/><\/a><figcaption class=\"wp-caption-text\">Aile ile hat\u0131ra foto\u011fraf\u0131<\/figcaption><\/figure>\n<figure class=\"wp-caption aligncenter\"><a href=\"https:\/\/photos.google.com\/share\/AF1QipP7drB0gG8P5fXJz8zuCiQt0EN20R-l2uetZvgLSuRQAZaSeE378vM6ieKvwKX77g\/photo\/AF1QipOJMVleBF8uDeQ8s35ZYO_UxxEXCmtFXz2kL6k?key=UmNZOG00T0tBaGxnZWhVMGZXSHVyMDg3TF9qcm5n\" target=\"_blank\"><img decoding=\"async\" src=\"https:\/\/lh3.googleusercontent.com\/pw\/AP1GczMfBjyFiq3CgJeXhNLaJomy6iotjsY5AgAyvU8AmX926QwKN1A9ASmd69YgtNCSGXcuOW25CcH3zAZqXGhBanWHc5WGg0SPqslorQ4wiWKnPfnYPNYI4ytO0k4lQGN6QZvMyWgzDaxeyQ_nftNmFKdW=w2000-h1500-s-no-gm?authuser=0\" width=\"2000\" height=\"1500\" alt=\"Aile ile hat\u0131ra foto\u011fraf\u0131\" class=\"size-full\" \/><\/a><figcaption class=\"wp-caption-text\">Aile ile hat\u0131ra foto\u011fraf\u0131<\/figcaption><\/figure>\n<figure class=\"wp-caption aligncenter\"><a href=\"https:\/\/photos.google.com\/share\/AF1QipP7drB0gG8P5fXJz8zuCiQt0EN20R-l2uetZvgLSuRQAZaSeE378vM6ieKvwKX77g\/photo\/AF1QipMZUxMhtBvX2sdJ1WEL9dhTmHvzJPQQuclhWyw?key=UmNZOG00T0tBaGxnZWhVMGZXSHVyMDg3TF9qcm5n\" target=\"_blank\"><img decoding=\"async\" src=\"https:\/\/lh3.googleusercontent.com\/pw\/AP1GczOvqUqryPOo7SmAk0fpTJ5brWQCzvi85eYyGrNOQpXutQcpOiGA1WhOkH1An-c8276xxX6d38DtfQg2pEewKbW5XlPa1gRdjqtNz4Pgy1Kho_eP_jRxIYyVUZaTKg6Z8GLxjpHFzl64k-hCwY9gIaL5=w2000-h1500-s-no-gm?authuser=0\" width=\"2000\" height=\"1500\" alt=\"Sevinci payla\u015f\u0131n!\" class=\"size-full\" \/><\/a><figcaption class=\"wp-caption-text\">Sevinci payla\u015f\u0131n!<\/figcaption><\/figure>\n<figure class=\"wp-caption aligncenter\"><a href=\"https:\/\/photos.google.com\/share\/AF1QipP7drB0gG8P5fXJz8zuCiQt0EN20R-l2uetZvgLSuRQAZaSeE378vM6ieKvwKX77g\/photo\/AF1QipOipHYfFj1d39ROLw4FtRNXzJa7kZMQQl05J-M?key=UmNZOG00T0tBaGxnZWhVMGZXSHVyMDg3TF9qcm5n\" target=\"_blank\"><img decoding=\"async\" src=\"https:\/\/lh3.googleusercontent.com\/pw\/AP1GczOWMlovdfMmtuFGLrWZmhS-j6B1-tgZKsQtbuyPL2W-_zsKN6Me2DTSxZW_dJfOzK0bgqc3Pzu6BPGU-KNHgsJ2D2_Bqo7hGeITtagyENH-xAVTl4YwyZX4bPklpY3IJKLYJdHsk9E4kR306IrXKrU6=w2000-h1500-s-no-gm?authuser=0\" width=\"2000\" height=\"1500\" alt=\"T\u00f6ren program\u0131 ve anma hediyeleri\" class=\"size-full\" \/><\/a><figcaption class=\"wp-caption-text\">T\u00f6ren program\u0131 ve anma hediyeleri<\/figcaption><\/figure>\n<figure class=\"wp-caption aligncenter\"><a href=\"https:\/\/photos.google.com\/share\/AF1QipP7drB0gG8P5fXJz8zuCiQt0EN20R-l2uetZvgLSuRQAZaSeE378vM6ieKvwKX77g\/photo\/AF1QipO72UyuHHqBpaJ3iyElzdsqW5_uKbCifSagxaU?key=UmNZOG00T0tBaGxnZWhVMGZXSHVyMDg3TF9qcm5n\" target=\"_blank\"><img decoding=\"async\" src=\"https:\/\/lh3.googleusercontent.com\/pw\/AP1GczN1jAc0GUadYx0Jytv6J5IxcJXlV4b_pmhHKqMGddF5G6DxKTWp0w2Fk6EBXVJwD-8_3vt6s3ml_LJ2cqXkDgQQg7bCoqlHm_C9OcQV_njF_lCM1YMPhebcJByBOtJqRkjv_Xg9PFHnJ_QSClvBARg6=w2000-h1500-s-no-gm?authuser=0\" width=\"2000\" height=\"1500\" alt=\"Say\u0131n Tanaka&#039;n\u0131n uzun y\u0131llard\u0131r yapt\u0131\u011f\u0131 katk\u0131lar i\u00e7in s\u0131n\u0131rs\u0131z sevgi, \u015f\u00fckran ve dualar\u0131m\u0131zla!\" class=\"size-full\" \/><\/a><figcaption class=\"wp-caption-text\">Say\u0131n Tanaka&#039;n\u0131n uzun y\u0131llard\u0131r yapt\u0131\u011f\u0131 katk\u0131lar i\u00e7in s\u0131n\u0131rs\u0131z sevgi, \u015f\u00fckran ve dualar\u0131m\u0131zla!<\/figcaption><\/figure>\n<h3>Bay Moriaki Tanaka&#039;n\u0131n Profili<\/h3>\n<ul>\n<li>Ocak 1937&#039;de do\u011fdu (88 ya\u015f\u0131nda)<\/li>\n<li>Shinryu \u0130lkokulu ve Kitaryu Ortaokulu&#039;ndan mezun oldu.<\/li>\n<li>1952 y\u0131l\u0131ndan beri tar\u0131mla u\u011fra\u015f\u0131yor.<\/li>\n<li>1956 y\u0131l\u0131nda Nopporo S\u00fct \u00c7ift\u00e7ili\u011fi Lisesi&#039;nden mektupla e\u011fitim yoluyla mezun oldu.<\/li>\n<li>Uzun y\u0131llard\u0131r Hokuryu Kasabas\u0131&#039;nda ya\u015f\u0131yor ve \u00e7ift\u00e7ilikle ge\u00e7imini sa\u011fl\u0131yor.<\/li>\n<li><strong>1983 y\u0131l\u0131nda yerel toplumun \u00f6nerisiyle Kitary\u016b Belediye Meclisi&#039;ne se\u00e7ildi.<\/strong>\n<ul>\n<li>16 y\u0131l boyunca, 4 d\u00f6nem (1983-1999) boyunca g\u00f6rev yapt\u0131.<\/li>\n<li>\u00dc\u00e7\u00fcnc\u00fc d\u00f6neminde ba\u015fkan yard\u0131mc\u0131l\u0131\u011f\u0131, d\u00f6rd\u00fcnc\u00fc d\u00f6neminde ba\u015fkanl\u0131k g\u00f6revini \u00fcstlenerek yetene\u011fini en \u00fcst d\u00fczeyde ortaya koydu.<\/li>\n<\/ul>\n<li><strong>Hokuryu Kasabas\u0131 Gen\u00e7lik Grubu ve Kita Sorachi Gen\u00e7lik Grubu ba\u015fkanl\u0131\u011f\u0131n\u0131 y\u00fcr\u00fctt\u00fc.<\/strong>\n<ul>\n<li>Eyl\u00fcl 1963: Hokuryu Kasabas\u0131 Gen\u00e7lik Grubu \u0130rtibat Konseyi Ba\u015fkan\u0131.<\/li>\n<li>1967: Kita Sorachi Gen\u00e7lik \u00d6rg\u00fct\u00fc Konseyi Ba\u015fkan\u0131.<\/li>\n<li>Gen\u00e7lik Derne\u011fi, her b\u00f6lgeden 20&#039;li ve 30&#039;lu ya\u015flardaki gen\u00e7lerden olu\u015fan bir \u00f6rg\u00fctt\u00fcr ve \u00e7e\u015fitli spor ve k\u00fclt\u00fcrel faaliyetler, ara\u015ft\u0131rma toplant\u0131lar\u0131 vb. d\u00fczenlerler. Bu faaliyetler arac\u0131l\u0131\u011f\u0131yla Say\u0131n Tanaka, karakter geli\u015fiminin temellerini atm\u0131\u015ft\u0131r.<\/li>\n<\/ul>\n<\/li>\n<\/li>\n<li><strong>Be\u015f y\u0131l boyunca Kanayama \u0130n\u015faat&#039;ta \u00e7al\u0131\u015ft\u0131 ve ayn\u0131 zamanda tar\u0131mla u\u011fra\u015ft\u0131.<\/strong>\n<ul>\n<li>2000 y\u0131l\u0131nda Kanayama \u0130n\u015faat Ltd. \u015eti. Tar\u0131msal D\u0131\u015f Kaynak Kullan\u0131m Departman\u0131 ad\u0131 alt\u0131nda yeni bir tar\u0131msal m\u00fcteahhitlik i\u015fi kurdu\u011funda, \u00e7ift\u00e7i olan Bay Tanaka yeni i\u015fin geli\u015ftirilmesinde \u00f6nc\u00fcl\u00fck etti.<\/li>\n<li>\u0130n\u015faat \u015firketi \u00e7al\u0131\u015fanlar\u0131 ve eski yerel \u00e7ift\u00e7ilerin yo\u011fun tar\u0131m sezonunda \u00e7iftliklere g\u00f6nderilerek \u00e7al\u0131\u015ft\u0131r\u0131ld\u0131\u011f\u0131 bu proje, o d\u00f6nemde ilgi \u00e7ekmi\u015f, \u00f6nemli gazetelerde ve NHK&#039;da yer alm\u0131\u015ft\u0131.<\/li>\n<\/ul>\n<\/li>\n<li><strong>10 y\u0131l s\u00fcreyle Sosyal Refah Kurulu Ba\u015fkanl\u0131\u011f\u0131 yapt\u0131.<\/strong><\/li>\n<li>Emekli olduktan sonra parkta golf oynamaktan ho\u015flan\u0131yor.<\/li>\n<li><strong>1 \u015eubat 2025&#039;te Y\u00fckselen G\u00fcne\u015f Ni\u015fan\u0131, G\u00fcm\u00fc\u015f I\u015f\u0131nlar \u00f6d\u00fcl\u00fcne lay\u0131k g\u00f6r\u00fcld\u00fc.<\/strong><\/li>\n<\/ul>\n<h2>Youtube videolar\u0131<\/h2>\n<div class=\"youtube\"><iframe title=\"Tebrikler! Say\u0131n Moriaki Tanaka&#039;y\u0131 Y\u00fckselen G\u00fcne\u015f Ni\u015fan\u0131 G\u00fcm\u00fc\u015f I\u015f\u0131nlar&#039;\u0131 ald\u0131\u011f\u0131 i\u00e7in tebrik ediyoruz!\" src=\"https:\/\/www.youtube.com\/embed\/HH3ZnLNH8xU?feature=oembed\" frameborder=\"0\" allow=\"accelerometer; autoplay; clipboard-write; encrypted-media; gyroscope; picture-in-picture; web-share\" referrerpolicy=\"strict-origin-when-cross-origin\" allowfullscreen><\/iframe><\/div>\n<h2>Di\u011fer foto\u011fraflar<\/h2>\n<div class=\"img-move\"><img decoding=\"async\" style=\"vertical-align: middle;\" src=\"https:\/\/ehokkaido.net\/wp-content\/uploads\/2021\/12\/2021-12-06-11.41.12.png\" \/> <a href=\"https:\/\/photos.app.goo.gl\/qXcF5NonKN7MqFT76\" target=\"_blank\" rel=\"noopener noreferrer\">Say\u0131n Moriaki Tanaka&#039;n\u0131n &quot;Y\u00fckselen G\u00fcne\u015f, G\u00fcm\u00fc\u015f I\u015f\u0131nlar Ni\u015fan\u0131&quot; kutlamalar\u0131ndan foto\u011fraflar (128 foto\u011fraf) burada mevcuttur &gt;&gt;<\/a><\/div>\n<h2>\u0130lgili makaleler<\/h2>\n<h4>Bay Moriaki Tanaka ile ilgili<\/h4>\n\n        <div class=\"site-blogcard-premium\">\n            <div class=\"bc-label-custom\">\u0130lgili makaleler<\/div>\n            <div class=\"bc-flex-container\">\n                <div class=\"bc-main-text\">\n                    <div class=\"bc-title-link-box\">\n                        <a href=\"https:\/\/portal.hokuryu.info\/tr\/38567\/\" target=\"_blank\">https:\/\/portal.hokuryu.info\/38567<\/a>\n                    <\/div>\n                    <div class=\"bc-excerpt-box\">Sayfa bilgileri al\u0131namad\u0131.<\/div>\n                <\/div>\n                <div class=\"bc-thumbnail-box\">\n                    <a href=\"https:\/\/portal.hokuryu.info\/tr\/38567\/\" target=\"_blank\">\n                        <div class=\"bc-img-zoom-wrap\">\n                            <img decoding=\"async\" src=\"https:\/\/portal.hokuryu.info\/wp\/wp-content\/uploads\/2026\/02\/20230802DSC06445_1.jpg\" alt=\"https:\/\/portal.hokuryu.info\/38567\">\n                        <\/div>\n                    <\/a>\n                <\/div>\n            <\/div>\n        <\/div>\n\n        <div class=\"site-blogcard-premium\">\n            <div class=\"bc-label-custom\">\u0130lgili makaleler<\/div>\n            <div class=\"bc-flex-container\">\n                <div class=\"bc-main-text\">\n                    <div class=\"bc-title-link-box\">\n                        <a href=\"https:\/\/portal.hokuryu.info\/tr\/34971\/\" target=\"_blank\">https:\/\/portal.hokuryu.info\/34971<\/a>\n                    <\/div>\n                    <div class=\"bc-excerpt-box\">Sayfa bilgileri al\u0131namad\u0131.<\/div>\n                <\/div>\n                <div class=\"bc-thumbnail-box\">\n                    <a href=\"https:\/\/portal.hokuryu.info\/tr\/34971\/\" target=\"_blank\">\n                        <div class=\"bc-img-zoom-wrap\">\n                            <img decoding=\"async\" src=\"https:\/\/portal.hokuryu.info\/wp\/wp-content\/uploads\/2026\/02\/20230802DSC06445_1.jpg\" alt=\"https:\/\/portal.hokuryu.info\/34971\">\n                        <\/div>\n                    <\/a>\n                <\/div>\n            <\/div>\n        <\/div>\n\n        <div class=\"site-blogcard-premium\">\n            <div class=\"bc-label-custom\">\u0130lgili makaleler<\/div>\n            <div class=\"bc-flex-container\">\n                <div class=\"bc-main-text\">\n                    <div class=\"bc-title-link-box\">\n                        <a href=\"https:\/\/portal.hokuryu.info\/tr\/topics\/culture\/20191220.html\/\" target=\"_blank\">Hokuryu Kasabas\u0131 canl\u0131 ve harika bir kasabad\u0131r. Hokuryu Kasabas\u0131 Spor Derne\u011fi&#039;nin tarihini tart\u0131\u015f\u0131yoruz - Hokuryu Kasabas\u0131 Portal\u0131 (Hokkaido) - Japonya&#039;n\u0131n 1 numaral\u0131 ay\u00e7i\u00e7e\u011fi k\u00f6y\u00fc<\/a>\n                    <\/div>\n                    <div class=\"bc-excerpt-box\">9 Aral\u0131k Pazartesi g\u00fcn\u00fc, Sunflower Hokuryu Onsen konferans salonunda, Bay Tsuneo Shinohara (90), Bay Moriaki Tanaka (82) ile \u00e7evriliydi...<\/div>\n                <\/div>\n                <div class=\"bc-thumbnail-box\">\n                    <a href=\"https:\/\/portal.hokuryu.info\/tr\/topics\/culture\/20191220.html\/\" target=\"_blank\">\n                        <div class=\"bc-img-zoom-wrap\">\n                            <img decoding=\"async\" src=\"https:\/\/lh3.googleusercontent.com\/N23xZAwzDZpgGUzm1dWLp5B1HNPLiIX3000J--WaQlk6MCSfOMgEkAvKC-0fpTFM0U9RUXemc4DvvZyz7iEtjsArNu_Gzm2FoOdCmHah593sWaKgC9MoZcXLrk0EMs4lWFrlrAnUpImcRvAXXxBXYygC1Hc2RAfbCwSEg9rcuKJ1TtObl3YsJHNK5Ao2t5EEqjZ6fqVpbYgQGtb-ChVbY2ub9WwICZp9irwdIQT5GC18kvTXbclp9PceV6ULyvj0gCFOYd4xXuJd-C4hhVtwVs6O-_WOp0u6u1PiCNTH_jN6FUguCYq2_wHb6om7B--ZMmMOJPW9sJwFELBpkzm6DFK85m_N7MUQ7Klbdm0cQFH792CjAbqbnRpSnF8y5Ng3Aiim3YuagvHtfZs2JLk55xJdCXv6ARsm51CJA82V-25Qln9mKSlZxZxDST7cMvePh9s1EJVnFWUbbJ241HRVGLt4RiYchMrlcwuQegqZmaioid5GwFL7rT5jjnHFR73JLMplcHT8irvVGylfBl5Br8kJFLwO84VpQ6oluZZ9rGL35pTAklu_-2aFx1g27pEgr5HaMdRVCGv1DRgsMEakF7CEE-fkOn8AK3FxSA8VFLlkFI_SMEiUYYG25PXpGC597nW6Xm9R4EDfPdsQYzn-gnpaepf42m-pB3sYc0hLr_W0D4mv3q54upzcDlEYQnmSaAVOY1QCvLNdET3QBqeRZCmJ16tntejwoBd4hdPBDZFLSoQ=w1408-h939-no\" alt=\"Hokuryu Kasabas\u0131 canl\u0131 ve harika bir kasabad\u0131r. Hokuryu Kasabas\u0131 Spor Derne\u011fi&#039;nin tarihini tart\u0131\u015f\u0131yoruz - Hokuryu Kasabas\u0131 Portal\u0131 (Hokkaido) - Japonya&#039;n\u0131n 1 numaral\u0131 ay\u00e7i\u00e7e\u011fi k\u00f6y\u00fc\">\n                        <\/div>\n                    <\/a>\n                <\/div>\n            <\/div>\n        <\/div>\n\n        <div class=\"site-blogcard-premium\">\n            <div class=\"bc-label-custom\">\u0130lgili makaleler<\/div>\n            <div class=\"bc-flex-container\">\n                <div class=\"bc-main-text\">\n                    <div class=\"bc-title-link-box\">\n                        <a href=\"https:\/\/portal.hokuryu.info\/tr\/topics\/culture\/20190708.html\/\" target=\"_blank\">Kita Sorachi Gen\u00e7lik Derne\u011fi Mezunlar Derne\u011fi Genel Toplant\u0131s\u0131 ve Junkichi Kono&#039;nun &quot;Fukagawa&#039;da Ya\u015famak&quot; Kitab\u0131n\u0131n Yay\u0131mlanmas\u0131n\u0131n Kutlanmas\u0131 - Hokuryu Kasaba Portal\u0131 (Hokkaido) - Japonya&#039;n\u0131n 1 Numaral\u0131 Ay\u00e7i\u00e7e\u011fi K\u00f6y\u00fc<\/a>\n                    <\/div>\n                    <div class=\"bc-excerpt-box\">25 Haziran 2019 Sal\u0131 g\u00fcn\u00fc, Fujiya Meydan\u0131&#039;nda (Fukagawa \u015eehri), &quot;Kita-Sorachi Gen\u00e7lik Grubu Mezunlar Derne\u011fi Genel Toplant\u0131s\u0131 ve Say\u0131n Junji Kono&#039;nun Bulu\u015fmas\u0131...&quot;.<\/div>\n                <\/div>\n                <div class=\"bc-thumbnail-box\">\n                    <a href=\"https:\/\/portal.hokuryu.info\/tr\/topics\/culture\/20190708.html\/\" target=\"_blank\">\n                        <div class=\"bc-img-zoom-wrap\">\n                            <img decoding=\"async\" src=\"https:\/\/lh3.googleusercontent.com\/_HfYiVB2Mh-B_awjS4W2PDpzl4_Xp3mbycfsyx7j5j-KFkPhjAVcApubAR6Hnz8WJmjG056raSu3cCriEVzZNPJPeLgHbZrzhZYMrov_woByKYEn2ZDNt0MmqKR6QMlM8thYME4RjxbPFAPlIJEgW-6b6Nm3e758yig-pyIJJjmHh3hIumclKrCeVNhaZev7bhlQTv7zO451yIz2mUhJomWkDIMKRhg104oY1squexk0Ki3_o52TmgMqXz0G7J-KuOAG2zw1GLLUr7Bfxj10QQP4ozjgLYcbuPgFydjbrZV0hC2RBgbVZOmCdVI9CMk9kdgU99SLRIJbsaQRtXy8tXtzFMJEUSuvRZuKQ-Kd-lWcrFFpbXeMzT53hVbV9BmZJpFc_NcDDm-_KL2oidQMtES8ILRuvDg6sJDBve507DyYcQevTahhaFYrIlBPnLaqaheXsb_6RmkWospOix6v6CKA1SZxUmzPPFBYL6azppkVlaPgGgVbHspGkkyE0bpZd3Z0pmxQBgy8f2pH-JaOMSKuQJj5617DRtwoLVaJ2NaVp-dLbdeh_6O40bPTAyo1hDCMRZI1phGkPddPbBqQmot_ZDKQyV6Xj7oIOFpeT8VaKJcwUJVJr0Y5Cu8Oyej65D3lbix_lRPhZyBxXH9qOnuheerM_vB-lam3mBonwkP-5Z_Tx6YfWLHEavTBdVbHcvC3ScuZy94rom1epttmItnC=w1420-h946-no\" alt=\"Kita Sorachi Gen\u00e7lik Derne\u011fi Mezunlar Derne\u011fi Genel Toplant\u0131s\u0131 ve Junkichi Kono&#039;nun &quot;Fukagawa&#039;da Ya\u015famak&quot; Kitab\u0131n\u0131n Yay\u0131mlanmas\u0131n\u0131n Kutlanmas\u0131 - Hokuryu Kasaba Portal\u0131 (Hokkaido) - Japonya&#039;n\u0131n 1 Numaral\u0131 Ay\u00e7i\u00e7e\u011fi K\u00f6y\u00fc\">\n                        <\/div>\n                    <\/a>\n                <\/div>\n            <\/div>\n        <\/div>\n\n        <div class=\"site-blogcard-premium\">\n            <div class=\"bc-label-custom\">\u0130lgili makaleler<\/div>\n            <div class=\"bc-flex-container\">\n                <div class=\"bc-main-text\">\n                    <div class=\"bc-title-link-box\">\n                        <a href=\"https:\/\/portal.hokuryu.info\/tr\/shiningpeople\/people2\/20171023.html\/\" target=\"_blank\">Morisuke Tanaka [001] - Hokuryu Kasabas\u0131 Portal\u0131 (Hokkaido) - Japonya&#039;n\u0131n 1 numaral\u0131 ay\u00e7i\u00e7e\u011fi k\u00f6y\u00fc<\/a>\n                    <\/div>\n                    <div class=\"bc-excerpt-box\">Ocak 1937 do\u011fumlu (80 ya\u015f\u0131nda) \u25b6 Daha \u00f6nce Hokuryu Kasabas\u0131 Gen\u00e7lik Derne\u011fi ba\u015fkanl\u0131\u011f\u0131 ve Kita-Sorachi Gen\u00e7lik Derne\u011fi ba\u015fkanl\u0131\u011f\u0131 ile # ba\u015fkanl\u0131\u011f\u0131 g\u00f6revlerinde bulundu...<\/div>\n                <\/div>\n                <div class=\"bc-thumbnail-box\">\n                    <a href=\"https:\/\/portal.hokuryu.info\/tr\/shiningpeople\/people2\/20171023.html\/\" target=\"_blank\">\n                        <div class=\"bc-img-zoom-wrap\">\n                            <img decoding=\"async\" src=\"https:\/\/lh3.googleusercontent.com\/homKCHnq2X0z3Z0rSQ3UKNA3V-YqXzHOJhY-DlI-xUNgKBQ9eUU8vBlQD3yxznuIBcr-6UOyQ2ihuqoh8ygI9rnazL06D3bmEbfbYXgGlgXoEKxVPp1lPRRY9-VLQxOOKJqNwKpYp_bGXjSymlpPRPzKC3QMu631GItW8FafuB2dqVN4l2xN_oZvQCIRJj3uDqV9yhrOo8CjYAZNn4o6eVRKSJt9qAfeSHaKr4N5Y83SS10lWTpKLKC69cljEPKyTGX2L8jfyxSjoLwLQKjt1VxsFm4g9lpc-CSkUjUfbPwjMteUdUIwk5bXOeJZy_08mMGyTb-VHRmGVRc0_Gw9K-9krC5_3fjlra1FYYnd7nkC9vRDSaHzfYA-bWCoxiDq-UWqZ-Cxs051AS4tpb0GAr8-KVmzAQT2TzqEOYJoj-Jh80efeOHibird6Ffck_SA3R1cER7KT5vBHWUuK57P1jvfLOBbQCwwONT0HscKPivTo-zT7UszFykzk168iCBf3lfwrO1dXYowomZcavMaTjZiD1NkdpPTFHFUWfG466LqjXx-syJk8EViWdp8Eqba7k2ZaS80qpxHVOAAThSTUOfEMDgydl356nCzutpfHuCYVhHUmMHQLm6QcJuizyWwIWfcpjEZMgBpz9icyZlTg0W2zTq66FoMoFw=w1441-h960-no\" alt=\"Morisuke Tanaka [001] - Hokuryu Kasabas\u0131 Portal\u0131 (Hokkaido) - Japonya&#039;n\u0131n 1 numaral\u0131 ay\u00e7i\u00e7e\u011fi k\u00f6y\u00fc\">\n                        <\/div>\n                    <\/a>\n                <\/div>\n            <\/div>\n        <\/div>\n\n        <div class=\"site-blogcard-premium\">\n            <div class=\"bc-label-custom\">\u0130lgili makaleler<\/div>\n            <div class=\"bc-flex-container\">\n                <div class=\"bc-main-text\">\n                    <div class=\"bc-title-link-box\">\n                        <a href=\"https:\/\/portal.hokuryu.info\/tr\/personal_history_no9\/7.html\/\" target=\"_blank\">&quot;Ortaokuldan mezun olana kadar&quot; Moriaki Tanaka - Hokuryu Town Portal (Hokkaido) - Japonya&#039;n\u0131n 1 numaral\u0131 ay\u00e7i\u00e7e\u011fi k\u00f6y\u00fc<\/a>\n                    <\/div>\n                    <div class=\"bc-excerpt-box\">2.100 n\u00fcfuslu ve 401.300 ki\u015filik ya\u015flanma oran\u0131na sahip, canl\u0131 bir kasaban\u0131n &quot;bug\u00fcnk\u00fc&quot; halini sizlere sunuyoruz. Ay\u00e7i\u00e7ekleri gibi, aileler uyum i\u00e7inde ya\u015f\u0131yor...<\/div>\n                <\/div>\n                <div class=\"bc-thumbnail-box\">\n                    <a href=\"https:\/\/portal.hokuryu.info\/tr\/personal_history_no9\/7.html\/\" target=\"_blank\">\n                        <div class=\"bc-img-zoom-wrap\">\n                            <img decoding=\"async\" src=\"https:\/\/lh5.googleusercontent.com\/-ZShgaRVi-d8\/UpbBB3rcmeI\/AAAAAAAA9Z0\/-KGgqFdqdaw\/w444-h592-no\/FZ150+30761\" alt=\"&quot;Ortaokuldan mezun olana kadar&quot; Moriaki Tanaka - Hokuryu Town Portal (Hokkaido) - Japonya&#039;n\u0131n 1 numaral\u0131 ay\u00e7i\u00e7e\u011fi k\u00f6y\u00fc\">\n                        <\/div>\n                    <\/a>\n                <\/div>\n            <\/div>\n        <\/div>\n\n        <div class=\"site-blogcard-premium\">\n            <div class=\"bc-label-custom\">\u0130lgili makaleler<\/div>\n            <div class=\"bc-flex-container\">\n                <div class=\"bc-main-text\">\n                    <div class=\"bc-title-link-box\">\n                        <a href=\"https:\/\/portal.hokuryu.info\/tr\/personal_history_no9\/8.html\/\" target=\"_blank\">Moriaki Tanaka&#039;dan &quot;Shozo Tanaka ve Spor&quot; - Hokuryu Kasabas\u0131 Portal\u0131 (Hokkaido) - Japonya&#039;n\u0131n 1 Nolu Ay\u00e7i\u00e7e\u011fi K\u00f6y\u00fc<\/a>\n                    <\/div>\n                    <div class=\"bc-excerpt-box\">2.100 n\u00fcfuslu ve 401.300 ki\u015filik ya\u015flanma oran\u0131na sahip, canl\u0131 bir kasaban\u0131n &quot;bug\u00fcnk\u00fc&quot; halini sizlere sunuyoruz. Ay\u00e7i\u00e7ekleri gibi, aileler uyum i\u00e7inde ya\u015f\u0131yor...<\/div>\n                <\/div>\n                <div class=\"bc-thumbnail-box\">\n                    <a href=\"https:\/\/portal.hokuryu.info\/tr\/personal_history_no9\/8.html\/\" target=\"_blank\">\n                        <div class=\"bc-img-zoom-wrap\">\n                            <img decoding=\"async\" src=\"https:\/\/lh5.googleusercontent.com\/-ZShgaRVi-d8\/UpbBB3rcmeI\/AAAAAAAA9Z0\/-KGgqFdqdaw\/w444-h592-no\/FZ150+30761\" alt=\"Moriaki Tanaka&#039;dan &quot;Shozo Tanaka ve Spor&quot; - Hokuryu Kasabas\u0131 Portal\u0131 (Hokkaido) - Japonya&#039;n\u0131n 1 Nolu Ay\u00e7i\u00e7e\u011fi K\u00f6y\u00fc\">\n                        <\/div>\n                    <\/a>\n                <\/div>\n            <\/div>\n        <\/div> <\/p>\n<h4>\u00d6d\u00fcller<\/h4>\n\n        <div class=\"site-blogcard-premium\">\n            <div class=\"bc-label-custom\">\u0130lgili makaleler<\/div>\n            <div class=\"bc-flex-container\">\n                <div class=\"bc-main-text\">\n                    <div class=\"bc-title-link-box\">\n                        <a href=\"https:\/\/portal.hokuryu.info\/tr\/5627\/\" target=\"_blank\">https:\/\/portal.hokuryu.info\/5627<\/a>\n                    <\/div>\n                    <div class=\"bc-excerpt-box\">Sayfa bilgileri al\u0131namad\u0131.<\/div>\n                <\/div>\n                <div class=\"bc-thumbnail-box\">\n                    <a href=\"https:\/\/portal.hokuryu.info\/tr\/5627\/\" target=\"_blank\">\n                        <div class=\"bc-img-zoom-wrap\">\n                            <img decoding=\"async\" src=\"https:\/\/portal.hokuryu.info\/wp\/wp-content\/uploads\/2026\/02\/20230802DSC06445_1.jpg\" alt=\"https:\/\/portal.hokuryu.info\/5627\">\n                        <\/div>\n                    <\/a>\n                <\/div>\n            <\/div>\n        <\/div>\n\n        <div class=\"site-blogcard-premium\">\n            <div class=\"bc-label-custom\">\u0130lgili makaleler<\/div>\n            <div class=\"bc-flex-container\">\n                <div class=\"bc-main-text\">\n                    <div class=\"bc-title-link-box\">\n                        <a href=\"https:\/\/portal.hokuryu.info\/tr\/topics\/culture\/20190508.html\/\" target=\"_blank\">Toshihiro Nakamura&#039;n\u0131n Y\u00fckselen G\u00fcne\u015f Ni\u015fan\u0131, G\u00fcm\u00fc\u015f I\u015f\u0131nlar \u00f6d\u00fcl\u00fcn\u00fc almas\u0131 kutlamas\u0131, Meclis Mezunlar\u0131 Derne\u011fi, Itaya Mahalle Derne\u011fi ve Haiku Derne\u011fi &quot;Michi&quot; taraf\u0131ndan d\u00fczenlendi Hokuryu \u015eubesi - Hokuryu Kasabas\u0131 Portal\u0131 (Hokkaido) - Japonya&#039;n\u0131n 1 numaral\u0131 ay\u00e7i\u00e7e\u011fi k\u00f6y\u00fc<\/a>\n                    <\/div>\n                    <div class=\"bc-excerpt-box\">Hokuryu Kasaba Meclisi&#039;nin eski \u00fcyesi Bay Toshihiro Nakamura (88 ya\u015f\u0131nda), 1 \u015eubat 2019 tarihinden itibaren ge\u00e7erli olmak \u00fczere, Ya\u015fl\u0131 Vatanda\u015flar Onur \u00d6d\u00fclleri kapsam\u0131nda &quot;Y\u00fckselen G\u00fcne\u015f, Alt\u0131n I\u015f\u0131nlar ve Rozet&quot; \u00f6d\u00fcl\u00fcne lay\u0131k g\u00f6r\u00fcld\u00fc...<\/div>\n                <\/div>\n                <div class=\"bc-thumbnail-box\">\n                    <a href=\"https:\/\/portal.hokuryu.info\/tr\/topics\/culture\/20190508.html\/\" target=\"_blank\">\n                        <div class=\"bc-img-zoom-wrap\">\n                            <img decoding=\"async\" src=\"https:\/\/lh3.googleusercontent.com\/glr9D2kxNix6HeeQlHoFe57T3knzytMKDYRLebl0Pks5fP39EAewy1qA1y_DjqOxn_y_gBOrcrVcoCK-kO3Ht7siH3V62U5FJyZVss_6dPkmMvWtMtrXYKS83ANQRZjSrRxat3OQIZw_VaZlvBuIgA_Wgjj66uas0glnNewE-Ec5Ak2ATTliN4uxmQquI-mUMjVxV6_xAJt1WBk_ZsNdHSo-5IKTNW5_L9vzoAwNwF6l-OouTkDYN5Yh-az2li6PIRQsiQnAdmj6wQNpt8cz1n0eB5EWyD2tJCGsoNWuoouRjtyfyNS4Gt2Xm6xvIgsya9zxhQjVZTDqb688Z6jgOru8hqBvgD2K728iLWC8TSzHhvdt5GPB8-8Oc9J7IRE3_WbrB6fINJwnuDBZbbNk3ujewXW3D3wjL_LDbrYakX4vKcdy_TsRCii3JK5tqtoDmCZRmZcu22zr03Lx6dkG8PnAUrjLzggpVO2WERLWOv-ITSw1nxNwdGhlalRGn8sTmTmLdlUkE6-JyzhpD0OVlnbwsbnHRjxyI3H2vwWzSk5RLcd0UGbcNcuzA2l0FEgNhmVOSxvUilfrFGoFHJp_Et-Tkq-42CRu2XH25neIvJMz138zB_sRvHEZ-UzZCcaVFyr7xXB16y0ZhvE1OS9J8TSmUkIGtBF_eXIs_ApAC4U2f3bnZcI3A08ztwR9Mk0MGtIeMGJyXkXh93BuhZZ8qiJq=w1420-h946-no\" alt=\"Toshihiro Nakamura&#039;n\u0131n Y\u00fckselen G\u00fcne\u015f Ni\u015fan\u0131, G\u00fcm\u00fc\u015f I\u015f\u0131nlar \u00f6d\u00fcl\u00fcn\u00fc almas\u0131 kutlamas\u0131, Meclis Mezunlar\u0131 Derne\u011fi, Itaya Mahalle Derne\u011fi ve Haiku Derne\u011fi &quot;Michi&quot; taraf\u0131ndan d\u00fczenlendi Hokuryu \u015eubesi - Hokuryu Kasabas\u0131 Portal\u0131 (Hokkaido) - Japonya&#039;n\u0131n 1 numaral\u0131 ay\u00e7i\u00e7e\u011fi k\u00f6y\u00fc\">\n                        <\/div>\n                    <\/a>\n                <\/div>\n            <\/div>\n        <\/div>\n\n        <div class=\"site-blogcard-premium\">\n            <div class=\"bc-label-custom\">\u0130lgili makaleler<\/div>\n            <div class=\"bc-flex-container\">\n                <div class=\"bc-main-text\">\n                    <div class=\"bc-title-link-box\">\n                        <a href=\"https:\/\/portal.hokuryu.info\/tr\/topics\/culture\/20190116.html\/\" target=\"_blank\">2018 sonbahar\u0131nda Mavi Kurdele Madalyas\u0131&#039;n\u0131 alan Bay Koichi Matsuda i\u00e7in bir kutlama d\u00fczenlendi. Kutlama, ilkokul ve ortaokul s\u0131n\u0131f arkada\u015flar\u0131 ve Itaya mahalle derne\u011fi taraf\u0131ndan y\u00f6netildi. - Hokuryu Kent Portal\u0131 (Hokkaido) - Japonya&#039;n\u0131n 1 numaral\u0131 ay\u00e7i\u00e7e\u011fi k\u00f6y\u00fc<\/a>\n                    <\/div>\n                    <div class=\"bc-excerpt-box\">19 Kas\u0131m 2018&#039;de 2018 Sonbahar D\u00f6nemi Onur \u00d6d\u00fcllerinin sahipleri belirlendi ve \u00f6d\u00fcller 3 Kas\u0131m&#039;da resmen takdim edildi.<\/div>\n                <\/div>\n                <div class=\"bc-thumbnail-box\">\n                    <a href=\"https:\/\/portal.hokuryu.info\/tr\/topics\/culture\/20190116.html\/\" target=\"_blank\">\n                        <div class=\"bc-img-zoom-wrap\">\n                            <img decoding=\"async\" src=\"https:\/\/lh3.googleusercontent.com\/Kxpgb_bXMFr6SDJfyBfWHZC63_50WhOww5FfXdti4ZFuGcjfUMJxuo5ursmrcnROMWq_J5MCWjIW8GOoToh_vOJeKgxlRn5ygFPby8xpgsXoWFPheyVRaTq6w4BiwCPhNvChN3mpkiTvjtxajeMrOvcV1tWFK5hCgIgVQvRunEa-T978m5pP7tuAs9WtobLq3lw9WlxMnh3-EFEIM6EBFFEDrycOXm_DQbS9lC4HA8FtCeqBIXjcwzIksSbVI0VgYceHeoD5m5jNF9HBfRMPaup6IZQDuoEgGYU0y3zIxVPHZa9sUvkWGLuHKFeEKejIBHNuLxF6GMXKQLItUt5xNnWAKxwxKzwssehgP2LGac3BnuSnhCKQIUYjrmo281nXFW7BPEbrYYppdKUF6zCQgL4LFXxE2_eu25H4JGUr-G_tGPN1BJ4xNiv8tECaFIqhDozqOvp21oTu0eQKiVYu4E01BpH-j5XUmFbshvbIisRpOb-IN68NjpLcG9qZYfUgqXeZQOr5HwAUpZQlvQARMdHptsp4L7ctFILigJXqKN6iv_f5lYevl8KSnKdk1PAkGiINdAT8uNON8KLkLbynLjYCSaA6EFlEI7b32EBecV0hdsNEEkgUbpWVrRfuQtT_8jN1oMvYyfOc2czHWbsFW16X35vG8sxXJD5e0wA7Wqxicp15zFWfeD9Ip6XYbGHkON5AkMJwiSjY817ZzQ=w1393-h929-no\" alt=\"2018 sonbahar\u0131nda Mavi Kurdele Madalyas\u0131&#039;n\u0131 alan Bay Koichi Matsuda i\u00e7in bir kutlama d\u00fczenlendi. Kutlama, ilkokul ve ortaokul s\u0131n\u0131f arkada\u015flar\u0131 ve Itaya mahalle derne\u011fi taraf\u0131ndan y\u00f6netildi. - Hokuryu Kent Portal\u0131 (Hokkaido) - Japonya&#039;n\u0131n 1 numaral\u0131 ay\u00e7i\u00e7e\u011fi k\u00f6y\u00fc\">\n                        <\/div>\n                    <\/a>\n                <\/div>\n            <\/div>\n        <\/div>\n\n        <div class=\"site-blogcard-premium\">\n            <div class=\"bc-label-custom\">\u0130lgili makaleler<\/div>\n            <div class=\"bc-flex-container\">\n                <div class=\"bc-main-text\">\n                    <div class=\"bc-title-link-box\">\n                        <a href=\"https:\/\/portal.hokuryu.info\/tr\/topics\/culture\/20161213.html\/\" target=\"_blank\">2016 sonbahar\u0131nda Kutsal Hazine Ni\u015fan\u0131, Rozet ile Alt\u0131n I\u015f\u0131nlar \u00f6d\u00fcl\u00fcn\u00fc alan Say\u0131n Hajime Hoshiba i\u00e7in d\u00fczenlenen kutlama - Hokuryu Kent Portal\u0131 (Hokkaido) - Japonya&#039;n\u0131n 1 numaral\u0131 ay\u00e7i\u00e7e\u011fi k\u00f6y\u00fc<\/a>\n                    <\/div>\n                    <div class=\"bc-excerpt-box\">Nefes kesen bir Japon manzaras\u0131: Hokkaido&#039;nun Hokuryu kasabas\u0131ndaki &quot;Ay\u00e7i\u00e7e\u011fi K\u00f6y\u00fc&quot;. Hokkaido&#039;da pop\u00fcler bir turistik yer. L\u00fctfen en az bir kez ziyaret edin. (Pirin\u00e7 Sommelier&#039;i...).<\/div>\n                <\/div>\n                <div class=\"bc-thumbnail-box\">\n                    <a href=\"https:\/\/portal.hokuryu.info\/tr\/topics\/culture\/20161213.html\/\" target=\"_blank\">\n                        <div class=\"bc-img-zoom-wrap\">\n                            <img decoding=\"async\" src=\"https:\/\/lh3.googleusercontent.com\/V4AJHrVcyJ29m2XkmfwnwbSS8mUOr2J361mZiGI9aZsDfBSRmyzu-d0sIyS19E93ODTvcp9tNjN1_xqk0L2y_mY_nwELh3SJAYbtHywf7-y95hOg_LJJpu9C6fsK9Lo_TzcJ0nXPzBC_x6lkTYVWv6nkGZWo-m806fiVoJZq7EaHsy06--MFpKXsHZPtxjDYsEYzaQqM5ZfVLd9TtbKoV9SEyfWMgzQ9koMnJaiQxFNgdQZcrMNLXTsloqwkwkb0E9XIqnF2mPwGfuEvubzEQ0Gmf4y3YFN4REuT_zJ2LWBCXK9vHrocI3rLcG-0tNkzIE0ZWI2ngy3QGcdyXjdJyHb7H5qVp-ULgYN6OA2lMYxPw878GDBcAv2dtQfvJ5IFsfigN4opdunXTNZ02iyExHYobbk0YvQ9W1dPmTtRvKGP3baZpFs0hiZtS18lLnJ7ijUjD6cy51HP_73GxXqqYE1KshG49AcmYmzU5Gi5Qh7oqMxfwIcp_dr5vAdYCWxFWrKAwAyDQ1ApFxiNIPbgmW_scoggXresfy3ZqEmIexrYZmdoUveiBaWkK34hU8jVQpdwHPB_T6sdNAci_Nclby7iebm0suHw0JcEuXKwniPSUgAv7moIVQS4IvCkN87f1kRUfdbARhspEX27mEyT3Sx5H9lcLfMskBFc1IJ_Cw=w1441-h960-no\" alt=\"2016 sonbahar\u0131nda Kutsal Hazine Ni\u015fan\u0131, Rozet ile Alt\u0131n I\u015f\u0131nlar \u00f6d\u00fcl\u00fcn\u00fc alan Say\u0131n Hajime Hoshiba i\u00e7in d\u00fczenlenen kutlama - Hokuryu Kent Portal\u0131 (Hokkaido) - Japonya&#039;n\u0131n 1 numaral\u0131 ay\u00e7i\u00e7e\u011fi k\u00f6y\u00fc\">\n                        <\/div>\n                    <\/a>\n                <\/div>\n            <\/div>\n        <\/div>\n\n        <div class=\"site-blogcard-premium\">\n            <div class=\"bc-label-custom\">\u0130lgili makaleler<\/div>\n            <div class=\"bc-flex-container\">\n                <div class=\"bc-main-text\">\n                    <div class=\"bc-title-link-box\">\n                        <a href=\"https:\/\/portal.hokuryu.info\/tr\/topics\/culture\/20131219.html\/\" target=\"_blank\">2013 sonbahar\u0131nda Y\u00fckselen G\u00fcne\u015f, Alt\u0131n ve G\u00fcm\u00fc\u015f I\u015f\u0131nlar Ni\u015fan\u0131&#039;n\u0131 alan Bay Kitakiyo Masami i\u00e7in d\u00fczenlenen kutlama - Hokuryu Kent Portal\u0131 (Hokkaido) - Japonya&#039;n\u0131n 1 numaral\u0131 ay\u00e7i\u00e7e\u011fi k\u00f6y\u00fc<\/a>\n                    <\/div>\n                    <div class=\"bc-excerpt-box\">2.100 n\u00fcfuslu ve 401.300 ki\u015filik ya\u015flanma oran\u0131na sahip, canl\u0131 bir kasaban\u0131n &quot;bug\u00fcnk\u00fc&quot; halini sizlere sunuyoruz. Ay\u00e7i\u00e7ekleri gibi, aileler uyum i\u00e7inde ya\u015f\u0131yor...<\/div>\n                <\/div>\n                <div class=\"bc-thumbnail-box\">\n                    <a href=\"https:\/\/portal.hokuryu.info\/tr\/topics\/culture\/20131219.html\/\" target=\"_blank\">\n                        <div class=\"bc-img-zoom-wrap\">\n                            <img decoding=\"async\" src=\"https:\/\/lh4.googleusercontent.com\/-B9qUblgKWII\/Uq_FCnSdGaI\/AAAAAAAA-DI\/tNzOOlvqXmE\/w1319-h873-no\/K5+38147\" alt=\"2013 sonbahar\u0131nda Y\u00fckselen G\u00fcne\u015f, Alt\u0131n ve G\u00fcm\u00fc\u015f I\u015f\u0131nlar Ni\u015fan\u0131&#039;n\u0131 alan Bay Kitakiyo Masami i\u00e7in d\u00fczenlenen kutlama - Hokuryu Kent Portal\u0131 (Hokkaido) - Japonya&#039;n\u0131n 1 numaral\u0131 ay\u00e7i\u00e7e\u011fi k\u00f6y\u00fc\">\n                        <\/div>\n                    <\/a>\n                <\/div>\n            <\/div>\n        <\/div>\n\u3000\u3000<br \/>\n\u25c7 <a href=\"https:\/\/portal.hokuryu.info\/tr\/38127\/#outline_1__7_2_1\">Foto\u011fraf\u00e7\u0131l\u0131k, d\u00fczenleme ve web sitesi y\u00f6netimi: Noboru Terauchi Yazar: Ikuko Terauchi<\/a><\/p>","protected":false},"excerpt":{"rendered":"<p>\uff12\uff10\uff12\uff15\u5e74\uff16\u6708\uff12\uff10\u65e5\uff08\u91d1\uff09 \u5143\u5317\u7adc\u753a\u8b70\u4f1a\u8b70\u9577\u306e\u7530\u4e2d\u76db\u4eae\u6c0f\uff08\uff18\uff18\u6b73\uff09\u304c\u3001\u65ed\u65e5\u5358\u5149\u7ae0\u3092\u53d7\u7ae0\u3057\u795d\u8cc0\u4f1a\u304c\u958b\u50ac\u3055\u308c\u307e\u3057\u305f\u3002\u9577\u5e74\u306e\u5730\u65b9\u81ea\u6cbb\u3078\u306e\u8ca2\u732e\u3001\u9752\u5e74\u56e3\u6d3b\u52d5\u3001\u5730\u57df\u632f\u8208\u3078\u306e\u5c3d\u529b\u304c\u79f0\u3048\u3089\u308c\u3001\u767a\u8d77\u4eba\u4ee3\u8868\u3084\u753a\u9577\u304b\u3089\u306e\u795d [&hellip;]<\/p>\n","protected":false},"author":1,"featured_media":59957,"comment_status":"open","ping_status":"open","sticky":false,"template":"","format":"standard","meta":{"footnotes":""},"categories":[4,75,67],"tags":[],"class_list":["post-59955","post","type-post","status-publish","format-standard","has-post-thumbnail","hentry","category-cover-story","category-sasaki-yasuhiro-mayor","category-council"],"_links":{"self":[{"href":"https:\/\/portal.hokuryu.info\/tr\/wp-json\/wp\/v2\/posts\/59955","targetHints":{"allow":["GET"]}}],"collection":[{"href":"https:\/\/portal.hokuryu.info\/tr\/wp-json\/wp\/v2\/posts"}],"about":[{"href":"https:\/\/portal.hokuryu.info\/tr\/wp-json\/wp\/v2\/types\/post"}],"author":[{"embeddable":true,"href":"https:\/\/portal.hokuryu.info\/tr\/wp-json\/wp\/v2\/users\/1"}],"replies":[{"embeddable":true,"href":"https:\/\/portal.hokuryu.info\/tr\/wp-json\/wp\/v2\/comments?post=59955"}],"version-history":[{"count":0,"href":"https:\/\/portal.hokuryu.info\/tr\/wp-json\/wp\/v2\/posts\/59955\/revisions"}],"wp:featuredmedia":[{"embeddable":true,"href":"https:\/\/portal.hokuryu.info\/tr\/wp-json\/wp\/v2\/media\/59957"}],"wp:attachment":[{"href":"https:\/\/portal.hokuryu.info\/tr\/wp-json\/wp\/v2\/media?parent=59955"}],"wp:term":[{"taxonomy":"category","embeddable":true,"href":"https:\/\/portal.hokuryu.info\/tr\/wp-json\/wp\/v2\/categories?post=59955"},{"taxonomy":"post_tag","embeddable":true,"href":"https:\/\/portal.hokuryu.info\/tr\/wp-json\/wp\/v2\/tags?post=59955"}],"curies":[{"name":"wp","href":"https:\/\/api.w.org\/{rel}","templated":true}]}}