{"id":59276,"date":"2025-06-06T09:39:02","date_gmt":"2025-06-06T00:39:02","guid":{"rendered":"https:\/\/portal.hokuryu.info\/?p=59276"},"modified":"2025-06-12T17:28:48","modified_gmt":"2025-06-12T08:28:48","slug":"belediye-baskani-sasaki-haziran-ayinda-hokuryu-kasabasinin-cazibelerini-kesfediyor","status":"publish","type":"post","link":"https:\/\/portal.hokuryu.info\/tr\/59276\/","title":{"rendered":"Belediye Ba\u015fkan\u0131 Yasuhiro Sasaki, Hokuryu Kasabas\u0131&#039;n\u0131n cazibelerini ke\u015ffediyor [Haziran 2025] Kasaba, birbirini desteklemek i\u00e7in birlikte \u00e7al\u0131\u015f\u0131yor"},"content":{"rendered":"<p>Cuma, 6 Haziran 2025<\/p>\n<p>Belediye Ba\u015fkan\u0131 Sasaki, 3 Haziran Sal\u0131 g\u00fcn\u00fc kasaban\u0131n turistik yerlerini ke\u015ffetti.<\/p>\n<p>Bu ay, Takada Akimitsu \u00c7iftli\u011fi&#039;nde yerel canland\u0131rma i\u015fbirli\u011fi ekibi \u00fcyeleri olarak staj yapan Yokota Osamu (31 ya\u015f\u0131nda) ve Yokokura Ken&#039;i, ayr\u0131ca belediye \u00e7al\u0131\u015fanlar\u0131 i\u00e7in yar\u0131 zamanl\u0131 i\u015f sisteminden yararlanarak \u00e7iftlikte yard\u0131mc\u0131 olan Ishii Takahiro&#039;yu (\u00c7ocuk ve Ya\u015fam Deste\u011fi B\u00f6l\u00fcm\u00fc, Aile Kayd\u0131 ve Vatanda\u015f Ya\u015fam B\u00f6l\u00fcm\u00fc B\u00f6l\u00fcm \u015eefi) ve Matsuoka Akira&#039;y\u0131 cesaretlendirmek i\u00e7in bir ziyaret ger\u00e7ekle\u015ftirdik.<\/p>\n<h2>B\u00f6lgesel canland\u0131rma i\u015fbirli\u011fi ekibi \u00fcyeleri: Osamu Yokota ve Ken Yokokura<\/h2>\n<p>Yerel canland\u0131rma i\u015fbirli\u011fi ekibinin stajyer \u00fcyeleri Osamu Yokota ve Ken Yokokura, seran\u0131n i\u00e7inde budama \u00e7al\u0131\u015fmas\u0131 ger\u00e7ekle\u015ftirdi.<\/p>\n<p>K\u0131demli bir stajyer olan Tomoyuki Tamashima, &quot;budama&quot; y\u00f6ntemini Yokota&#039;ya dikkatlice a\u00e7\u0131klad\u0131. Takada&#039;n\u0131n kar\u0131s\u0131 etkilenmi\u015fti ve &quot;Tama-chan, \u00f6\u011fretmede iyisin.&quot; dedi.<\/p>\n<figure class=\"wp-caption aligncenter\"><a href=\"https:\/\/photos.google.com\/share\/AF1QipMv9_RIticeq4rhayWQqclEMToC-HQp4c5j9XjVjye2E9JtFzs_0Q1iIq8rF_Aw3g\/photo\/AF1QipMN9-Ik1wEr3mno8aosag1RcLYkh6oYIkNhJ34?key=azBSOThSbG1GSVFMeml5NDRBYU11ODJDa3F0VGln\" target=\"_blank\"><img decoding=\"async\" src=\"https:\/\/lh3.googleusercontent.com\/pw\/AP1GczNSClK8GRUepkIVbV0tA4PcV4eWdOXTRNH4G-BrGjwxcTXVZtAIXZ2pUn-qhH4xGmzvLnzUH14mGBDAuJqmQC0wNVkpaWmOkPlJuaZRtC-0nkg8r78ur_Jw7Iz5ofVQv28DrQ4t5HX0DC1TmZSBmK4k=w2000-h1500-s-no-gm?authuser=0\" width=\"2000\" height=\"1500\" alt=\"Ay\u00e7i\u00e7e\u011fi ve karpuz budamas\u0131nda yard\u0131m te\u015fviki i\u00e7in ziyaret\" class=\"size-full\" \/><\/a><figcaption class=\"wp-caption-text\">Ay\u00e7i\u00e7e\u011fi ve karpuz budamas\u0131nda yard\u0131m te\u015fviki i\u00e7in ziyaret<\/figcaption><\/figure>\n<figure class=\"wp-caption aligncenter\"><a href=\"https:\/\/photos.google.com\/share\/AF1QipMv9_RIticeq4rhayWQqclEMToC-HQp4c5j9XjVjye2E9JtFzs_0Q1iIq8rF_Aw3g\/photo\/AF1QipMDH0HrZlVh6n8Xfyy90ERMD1qTGcvIQazPugA?key=azBSOThSbG1GSVFMeml5NDRBYU11ODJDa3F0VGln\" target=\"_blank\"><img decoding=\"async\" src=\"https:\/\/lh3.googleusercontent.com\/pw\/AP1GczN99Rvz8d6LPovUJj8RzvoJeXiHtCvoWXsXEZFF8MSf3VlMdmRT51EHubcrcW82fCkUciiKSZXQMDW0ht5mhDtctTRcrJkZU1KbCPikF8r_RO-6A-BHmGqR67YK0JGv_hU_j5njoUg03yo31G3MBnVF=w2000-h1500-s-no-gm?authuser=0\" width=\"2000\" height=\"1500\" alt=\"Yerel canland\u0131rma i\u015fbirli\u011fi ekibinin bir \u00fcyesi olan Shuji Yokota\" class=\"size-full\" \/><\/a><figcaption class=\"wp-caption-text\">Yerel canland\u0131rma i\u015fbirli\u011fi ekibinin bir \u00fcyesi olan Shuji Yokota<\/figcaption><\/figure>\n<figure class=\"wp-caption aligncenter\"><a href=\"https:\/\/photos.google.com\/share\/AF1QipMv9_RIticeq4rhayWQqclEMToC-HQp4c5j9XjVjye2E9JtFzs_0Q1iIq8rF_Aw3g\/photo\/AF1QipMlHc5GrLKDIX-XdSMHnp_nXKtCLOHGvsPP9g8?key=azBSOThSbG1GSVFMeml5NDRBYU11ODJDa3F0VGln\" target=\"_blank\"><img decoding=\"async\" src=\"https:\/\/lh3.googleusercontent.com\/pw\/AP1GczOEEy-IvjOx2bfRENckr_ruOwOXDstHyTkCYISCJBmNeQULgJrQsBNcyyvLEFOgld80FkI9EHdRpGpGzctkCQQazPAOZpkl28xQdmwG1xkboXmcUYo6U_iJoCp9dJZFsiHyvmLIwUPG_NNCYimwQO6V=w2000-h1500-s-no-gm?authuser=0\" width=\"2000\" height=\"1500\" alt=\"Ken Yokokura ciddi bir \u015fekilde \u00e7al\u0131\u015f\u0131yor\" class=\"size-full\" \/><\/a><figcaption class=\"wp-caption-text\">Ken Yokokura ciddi bir \u015fekilde \u00e7al\u0131\u015f\u0131yor<\/figcaption><\/figure>\n<figure class=\"wp-caption aligncenter\"><a href=\"https:\/\/photos.google.com\/share\/AF1QipMv9_RIticeq4rhayWQqclEMToC-HQp4c5j9XjVjye2E9JtFzs_0Q1iIq8rF_Aw3g\/photo\/AF1QipOfOMV9bxZGzhoAlzzOJ6E-7HmF85yKCg3SPtw?key=azBSOThSbG1GSVFMeml5NDRBYU11ODJDa3F0VGln\" target=\"_blank\"><img decoding=\"async\" src=\"https:\/\/lh3.googleusercontent.com\/pw\/AP1GczPZ6Wn1DttjQMpWAfo5HG8UpZosDVXDrbaHZRgA91ePPLhiw2-e5mD52RKPZyd7gJYGBbwqGGC2nfxqSxLfiBoZKlwL63iODCxZ_TKyD4Mi3zuduxf58KEFVyMtmOy8cVmlJo6ZQgN4q27yZsa-diWr=w2000-h1500-s-no-gm?authuser=0\" width=\"2000\" height=\"1500\" alt=\"Belediye Ba\u015fkan\u0131 Sasaki \u00e7al\u0131\u015fmalar\u0131 izliyor\" class=\"size-full\" \/><\/a><figcaption class=\"wp-caption-text\">Belediye Ba\u015fkan\u0131 Sasaki \u00e7al\u0131\u015fmalar\u0131 izliyor<\/figcaption><\/figure>\n<figure class=\"wp-caption aligncenter\"><a href=\"https:\/\/photos.google.com\/share\/AF1QipMv9_RIticeq4rhayWQqclEMToC-HQp4c5j9XjVjye2E9JtFzs_0Q1iIq8rF_Aw3g\/photo\/AF1QipOeWtVbce0VA6jjLSh0WHAadmhJDDhr_7xaNBw?key=azBSOThSbG1GSVFMeml5NDRBYU11ODJDa3F0VGln\" target=\"_blank\"><img decoding=\"async\" src=\"https:\/\/lh3.googleusercontent.com\/pw\/AP1GczNaE4KfGb-PpvfeViGkhQOEv80HCsN4LxSew2M8c3dJOXPAakunhVQLlILvT5s57KlHs_JoaM-vy7HvjOI2skQdego3ppZO0zJJ5-YSfxFdScm6fys-rm_ayIRMzJ472c5ped5UMnSPleeiihLK9R6V=w2000-h1500-s-no-gm?authuser=0\" width=\"2000\" height=\"1500\" alt=\"Seran\u0131n i\u00e7inde, hasad\u0131 bekliyoruz\" class=\"size-full\" \/><\/a><figcaption class=\"wp-caption-text\">Seran\u0131n i\u00e7inde, hasad\u0131 bekliyoruz<\/figcaption><\/figure>\n<figure class=\"wp-caption aligncenter\"><a href=\"https:\/\/photos.google.com\/share\/AF1QipMv9_RIticeq4rhayWQqclEMToC-HQp4c5j9XjVjye2E9JtFzs_0Q1iIq8rF_Aw3g\/photo\/AF1QipNg4tMBzy4H8Eu_gJaIEyeOBao93VfO_MeVYs4?key=azBSOThSbG1GSVFMeml5NDRBYU11ODJDa3F0VGln\" target=\"_blank\"><img decoding=\"async\" src=\"https:\/\/lh3.googleusercontent.com\/pw\/AP1GczOPVsWY5uvgnEhQr_C3AoCiRS1xSGR7hHCkVbzJ5b-gP4HtXxF8TKWa8BucjEdJ_cmxoDqJHddUj8Sp-LwwrVQIdFJpQazht_CpGs2lj0W8gdSwFBUFPryhtUnNLF5yDAWszJ04wEl_X3UusJbBHaRf=w2000-h1500-s-no-gm?authuser=0\" width=\"2000\" height=\"1500\" alt=\"Yap\u0131mc\u0131lar\u0131n farkl\u0131 hikayelerini dinlerken...\" class=\"size-full\" \/><\/a><figcaption class=\"wp-caption-text\">Yap\u0131mc\u0131lar\u0131n farkl\u0131 hikayelerini dinlerken...<\/figcaption><\/figure>\n<h2>Belediye Ba\u015fkan\u0131 Sasaki Yasuhiro yard\u0131m ediyor<\/h2>\n<p>Belediye Ba\u015fkan\u0131 Sasaki, Bay Takada Akimitsu ile gelecekteki \u00e7e\u015fitli i\u015f geli\u015fmeleri hakk\u0131nda konu\u015furken, sulama borular\u0131na giren suya organik g\u00fcbre kar\u0131\u015ft\u0131rmaya yard\u0131mc\u0131 oluyordu.<\/p>\n<figure class=\"wp-caption aligncenter\"><a href=\"https:\/\/photos.google.com\/share\/AF1QipMv9_RIticeq4rhayWQqclEMToC-HQp4c5j9XjVjye2E9JtFzs_0Q1iIq8rF_Aw3g\/photo\/AF1QipPmyLPp1yokwJAmh4Zsxpw4_A_oZIo9Y7z6qYI?key=azBSOThSbG1GSVFMeml5NDRBYU11ODJDa3F0VGln\" target=\"_blank\"><img decoding=\"async\" src=\"https:\/\/lh3.googleusercontent.com\/pw\/AP1GczOgjQCUWcZ4mMI4tdUuU-ORjQL48xifSq-eV_s6DidR89I_zKm2l1toF-qNrZ4zIgNw-Ujwm4Y08jlFmWUPFMrijvgESKKLdf8ELeEO844o4yqLhE99NAOn4htC07RhrzKGgXxEs8DVJwqyVTZX04D6=w2000-h1500-s-no-gm?authuser=0\" width=\"2000\" height=\"1500\" alt=\"Belediye Ba\u015fkan\u0131 Sasaki, sulama borular\u0131na akan suya organik g\u00fcbrenin kar\u0131\u015ft\u0131r\u0131lmas\u0131na yard\u0131mc\u0131 oluyor.\" class=\"size-full\" \/><\/a><figcaption class=\"wp-caption-text\">Belediye Ba\u015fkan\u0131 Sasaki, sulama borular\u0131na akan suya organik g\u00fcbrenin kar\u0131\u015ft\u0131r\u0131lmas\u0131na yard\u0131mc\u0131 oluyor.<\/figcaption><\/figure>\n<figure class=\"wp-caption aligncenter\"><a href=\"https:\/\/photos.google.com\/share\/AF1QipMv9_RIticeq4rhayWQqclEMToC-HQp4c5j9XjVjye2E9JtFzs_0Q1iIq8rF_Aw3g\/photo\/AF1QipP1O7SJ4ugeOr-puZXWbMyIIndPAEKGSpwkkJU?key=azBSOThSbG1GSVFMeml5NDRBYU11ODJDa3F0VGln\" target=\"_blank\"><img decoding=\"async\" src=\"https:\/\/lh3.googleusercontent.com\/pw\/AP1GczPRmYgGeLvrtrnRnLeF9kR4rfT2stlS8E_Z3-JPsGIPWTK_Uv2b-_ExC0aE1MEyPILvwoee08o2dQv2knJCHmFT6xPqxywK5yD3XkbervOl2sRKU0svXnfXB3o3NehMTdm-Goz7ZEwLedkrVxAtqCWy=w2000-h1500-s-no-gm?authuser=0\" width=\"2000\" height=\"1500\" alt=\"H\u0131zla b\u00fcy\u00fcyen ay\u00e7i\u00e7e\u011fi karpuzu\" class=\"size-full\" \/><\/a><figcaption class=\"wp-caption-text\">H\u0131zla b\u00fcy\u00fcyen ay\u00e7i\u00e7e\u011fi karpuzu<\/figcaption><\/figure>\n<h2>Takahiro Ishii, cesaretlendirmek i\u00e7in b\u00f6l\u00fcm \u015fefi Akira Matsuoka&#039;y\u0131 ziyaret etti<\/h2>\n<p>Takada \u00c7iftli\u011fi&#039;ni gezdikten sonra belediye binas\u0131na u\u011frad\u0131k ve ard\u0131ndan belediye binas\u0131n\u0131n \u00c7ocuk ve Ya\u015fam Destek Birimi \u015fefi Bay Takahiro Ishii (33 ya\u015f\u0131nda) e\u015fli\u011finde Akira Matsuoka&#039;n\u0131n evine do\u011fru yola \u00e7\u0131kt\u0131k.<\/p>\n<figure class=\"wp-caption aligncenter\"><a href=\"https:\/\/photos.google.com\/share\/AF1QipMv9_RIticeq4rhayWQqclEMToC-HQp4c5j9XjVjye2E9JtFzs_0Q1iIq8rF_Aw3g\/photo\/AF1QipPbObjN8FHbkKn4g7fW_m7ZytpaNR3pI2Il6BI?key=azBSOThSbG1GSVFMeml5NDRBYU11ODJDa3F0VGln\" target=\"_blank\"><img decoding=\"async\" src=\"https:\/\/lh3.googleusercontent.com\/pw\/AP1GczPPlT56uh7NkmxebriAi3TIOo1VQLDyoAJzmJxfYLWWq4O21jiFiSoWmSlJeTgKZmAKHeRnHA_-i-xbUYNvGFJ09w5EQkQOS56zZmoNOHfw6dL5J0PIaTUDjA0piimVta35TEatgIhJv_ifFR1t5X_s=w2000-h1500-s-no-gm?authuser=0\" width=\"2000\" height=\"1500\" alt=\"Bay Matsuoka&#039;n\u0131n evinin arazisine yerle\u015ftirilen pirin\u00e7 ekim makinesi\" class=\"size-full\" \/><\/a><figcaption class=\"wp-caption-text\">Bay Matsuoka&#039;n\u0131n evinin arazisine yerle\u015ftirilen pirin\u00e7 ekim makinesi<\/figcaption><\/figure>\n<h3>\u00c7ocuk ve Ya\u015fam Deste\u011fi B\u00f6l\u00fcm\u00fc, \u015eef, Takahiro Ishii<\/h3>\n<p>Belediye binas\u0131na kat\u0131ld\u0131ktan sonra Takahiro Ishii, \u00fc\u00e7 y\u0131l E\u011fitim Kurulu&#039;nda ve ard\u0131ndan \u0130kamet \u0130\u015fleri B\u00f6l\u00fcm\u00fc&#039;nde \u00e7al\u0131\u015ft\u0131 ve bu y\u0131l ofisteki yedinci y\u0131l\u0131n\u0131 kutluyor.<\/p>\n<p>Bu y\u0131l\u0131n 1 Nisan&#039;\u0131nda Hokuryu kasabas\u0131, kasaba \u00e7al\u0131\u015fanlar\u0131n\u0131n yan i\u015flerde \u00e7al\u0131\u015fmas\u0131na izin veren bir sistem kurdu. Bunu yapan ilk \u00e7al\u0131\u015fan, \u00e7iftli\u011finde Akira Matsuoka&#039;ya yard\u0131m ederek yan i\u015f yapmaya ba\u015flayan \u00c7ocuk ve Ya\u015fam Tarz\u0131 Destek B\u00f6l\u00fcm\u00fc&#039;nden Takahiro Ishii oldu.<\/p>\n<figure class=\"wp-caption aligncenter\"><a href=\"https:\/\/photos.google.com\/share\/AF1QipMv9_RIticeq4rhayWQqclEMToC-HQp4c5j9XjVjye2E9JtFzs_0Q1iIq8rF_Aw3g\/photo\/AF1QipNmIIe9_vn_gjPw1hQ8tojZriQOGBIVtJLA3YA?key=azBSOThSbG1GSVFMeml5NDRBYU11ODJDa3F0VGln\" target=\"_blank\"><img decoding=\"async\" src=\"https:\/\/lh3.googleusercontent.com\/pw\/AP1GczNac0ksGLGFXbcgVL6HiwZ_iFnxSd2N5lTJ9TmjM947f9JBeIO5rLspdcXc5IAKHWAVKUBE6SzkQSlBWEUjcd5RQxvE4yYqfLJlRHJPdQnKO04LUZKijaprrT60_Beab0QwwQRpLaCliSadV1E5dICz=w2000-h1500-s-no-gm?authuser=0\" width=\"2000\" height=\"1500\" alt=\"Akira Matsuoka, Takahiro Ishii ve Belediye Ba\u015fkan\u0131 Yasuhiro Sasaki\" class=\"size-full\" \/><\/a><figcaption class=\"wp-caption-text\">Soldan sa\u011fa: Akira Matsuoka, \u015eef Ishii Takahiro, Belediye Ba\u015fkan\u0131 Sasaki Yasuhiro<\/figcaption><\/figure>\n<p>&quot;Yan i\u015f kurma f\u0131rsat\u0131, Bay Matsuoka&#039;n\u0131n \u00e7iftli\u011finde yard\u0131m etmemi istemesiyle geldi. Ko\u015fullar ve tarihler bana Resident Affairs B\u00f6l\u00fcm\u00fc&#039;nde sunuldu ve ben de hemen kabul ettim.<\/p>\n<p>Ayr\u0131ca Matsuoka Bey ile tenis oynuyorum ve bana g\u00fcnl\u00fck hayatta \u00e7ok yard\u0131mc\u0131 oluyor.<\/p>\n<p>\u00c7iftlik i\u015finde hi\u00e7 deneyimim yoktu, bu y\u00fczden ne yapaca\u011f\u0131m hakk\u0131nda hi\u00e7bir fikrim yoktu. O g\u00fcn, fideleri toplamaya ve ta\u015f\u0131maya yard\u0131m ettim. Sadece iki g\u00fcn s\u00fcrd\u00fc, ama ger\u00e7ekten g\u00fc\u00e7lendim.<\/p>\n<p>Hokuryu Kasabas\u0131&#039;ndaki ana end\u00fcstri tar\u0131m oldu\u011fundan, belediye \u00e7al\u0131\u015fanlar\u0131n\u0131n bu t\u00fcr bir deneyime sahip olmas\u0131n\u0131n \u00e7ok \u00f6nemli oldu\u011funu d\u00fc\u015f\u00fcn\u00fcyorum. Ve tar\u0131mda hi\u00e7bir deneyimi olmayan benim i\u00e7in bunun de\u011ferli bir deneyim oldu\u011funu hissettim.<\/p>\n<p>\u015ea\u015f\u0131rd\u0131m \u00e7\u00fcnk\u00fc bir \u00e7iftlikte yard\u0131m edece\u011fimi hi\u00e7 d\u00fc\u015f\u00fcnmemi\u015ftim.<\/p>\n<p>Gelecekte, hasat\u0131n ger\u00e7ekle\u015fti\u011fi sonbaharda yo\u011fun \u00e7ift\u00e7ilik sezonunda \u00e7e\u015fitli \u015fekillerde yard\u0131mc\u0131 olmay\u0131 umuyorum. Bu, \u00e7ift\u00e7ilerin yard\u0131ma ihtiya\u00e7 duydu\u011fu bir zamand\u0131r, bu y\u00fczden yard\u0131mc\u0131 olabilece\u011fimi d\u00fc\u015f\u00fcn\u00fcyorum.&quot;<\/p>\n<h3>Belediye Ba\u015fkan\u0131 Yasuhiro Sasaki<\/h3>\n<p>&quot;\u00c7al\u0131\u015fanlarla yapt\u0131\u011f\u0131m\u0131z g\u00f6r\u00fc\u015fmeler s\u0131ras\u0131nda, yan i\u015f d\u00fczenlemeleri olu\u015fturuldu ve kurumsalla\u015ft\u0131r\u0131ld\u0131. Bunlar\u0131 nas\u0131l uygulamaya koyaca\u011f\u0131m\u0131z\u0131 merak ediyorduk ki Bay Matsuoka bizimle ileti\u015fime ge\u00e7ti.<\/p>\n<p>Bu kasabada tar\u0131m hakk\u0131nda bilgi edinmenin \u00e7ok \u00f6nemli oldu\u011funu d\u00fc\u015f\u00fcn\u00fcyorum. B\u00f6l\u00fcm \u015eefi Ishii&#039;den bunun benim i\u00e7in iyi bir deneyim olaca\u011f\u0131n\u0131 duydum.<\/p>\n<p>\u015eef Ishii&#039;nin faaliyetlerinin t\u00fcm personele Kitary\u016b Kasabas\u0131&#039;ndaki tar\u0131m hakk\u0131nda daha fazla bilgi edinmeleri ve tar\u0131ma ilgi duymalar\u0131 konusunda ilham vermesini umuyorum.<\/p>\n<p>Belediye Ba\u015fkan\u0131 Sasaki Yasuhiro, &quot;Umar\u0131m bundan sonraki her tar\u0131m sezonunda yard\u0131mda bulunabiliriz&quot; dedi.<\/p>\n<h3>Akira Matsuoka<\/h3>\n<p>Akira Matsuoka (69 ya\u015f\u0131nda), kar\u0131s\u0131n\u0131n aile evinde \u00e7ift\u00e7ilik yapmaya ba\u015flamadan \u00f6nce, Japonya Deniz \u00d6z Savunma Kuvvetleri&#039;nin Yokosuka \u00dcss\u00fc&#039;nde (Kanagawa Eyaleti) denizalt\u0131larda sonar (ses dedekt\u00f6rleri) kullanan uzman e\u011fitmen olarak \u00e7al\u0131\u015f\u0131yordu.<\/p>\n<p>Bir denizalt\u0131n\u0131n sonar\u0131n\u0131 i\u015fletmek gibi uzmanl\u0131k gerektiren bir i\u015f, Japonya Deniz \u00d6z Savunma Kuvvetleri&#039;nde bile son derece y\u00fcksek d\u00fczeyde uzmanl\u0131k ve deneyim gerektiren bir aland\u0131r. Ola\u011fan\u00fcst\u00fc becerileri ve bilgisi ve bir lider olarak yetene\u011fi takdir edildi ve kendisine bir sonraki nesli e\u011fitmekle g\u00f6revlendirilen bir e\u011fitmen olma gibi a\u011f\u0131r bir sorumluluk verildi.<\/p>\n<p>\u015eu anda bamba\u015fka bir d\u00fcnya olan tar\u0131mda yeni bir meydan okumayla kar\u015f\u0131 kar\u015f\u0131ya.<\/p>\n<p>&quot;Bu sistem ger\u00e7ekten harika ve en iyisi!<\/p>\n<p>\u0130ste\u011fi yapan ki\u015fi i\u00e7in, yerel olarak tan\u0131d\u0131\u011f\u0131 birinden yard\u0131m almak, ge\u00e7ici personel ajans\u0131nda yar\u0131 zamanl\u0131 \u00e7al\u0131\u015fan tamamen yabanc\u0131 birinden yard\u0131m almaktan her iki taraf i\u00e7in de daha keyifli ve kazan-kazan olacakt\u0131r!<\/p>\n<p>Belediye \u00e7al\u0131\u015fanlar\u0131n\u0131n asli g\u00f6revlerini ihmal etmemeleri gerekir ama hafta sonlar\u0131 da izin g\u00fcnlerini iyi de\u011ferlendirip daha aktif olmalar\u0131 gerekti\u011fini d\u00fc\u015f\u00fcn\u00fcyorum.<\/p>\n<p>Pirin\u00e7 ekim ve hasat d\u00f6nemlerinde i\u015fg\u00fcc\u00fc s\u0131k\u0131nt\u0131s\u0131 ya\u015fan\u0131yor, bu nedenle belediye \u00e7al\u0131\u015fanlar\u0131n\u0131n bu gibi zamanlarda yard\u0131mc\u0131 olmas\u0131n\u0131n \u00e7ift\u00e7ileri mutlu edece\u011fini d\u00fc\u015f\u00fcn\u00fcyorum.<\/p>\n<p>&quot;\u0130leride \u00e7im bi\u00e7me i\u015fi ve di\u011fer i\u015flerde \u00e7al\u0131\u015faca\u011f\u0131m, bu y\u00fczden sizinle \u00e7al\u0131\u015fmay\u0131 d\u00f6rt g\u00f6zle bekliyorum&quot; dedi Matsuoka g\u00fcl\u00fcmseyerek.<\/p>\n<figure class=\"wp-caption aligncenter\"><a href=\"https:\/\/photos.google.com\/share\/AF1QipMv9_RIticeq4rhayWQqclEMToC-HQp4c5j9XjVjye2E9JtFzs_0Q1iIq8rF_Aw3g\/photo\/AF1QipMH1SPTC1OK_WqxtmScJA6ZTm7rh9sC3CfAsZA?key=azBSOThSbG1GSVFMeml5NDRBYU11ODJDa3F0VGln\" target=\"_blank\"><img decoding=\"async\" src=\"https:\/\/lh3.googleusercontent.com\/pw\/AP1GczPRi5wdystanKiU9wIqymlKJol-TNrGsvIts85z5SS--zlEH-X4kZ9v9M35KMOU9tv-_nPKng7_bWrDAOWYWowNG-KlvKKX3MCpgACgLApUpTTY63jF5v7IKy5XYU-F14JOtiPv8BcYYJlKOj7zwCRM=w2000-h1500-s-no-gm?authuser=0\" width=\"2000\" height=\"1500\" alt=\"Eskiden Amerikan bisikleti kullan\u0131yordum, \u015fimdi ise \u00e7eltik tarlalar\u0131nda arazide kullan\u0131yorum.\" class=\"size-full\" \/><\/a><figcaption class=\"wp-caption-text\">Eskiden Amerikan bisikleti kullan\u0131yordum, \u015fimdi ise \u00e7eltik tarlalar\u0131nda arazide kullan\u0131yorum.<\/figcaption><\/figure>\n<figure class=\"wp-caption aligncenter\"><a href=\"https:\/\/photos.google.com\/share\/AF1QipMv9_RIticeq4rhayWQqclEMToC-HQp4c5j9XjVjye2E9JtFzs_0Q1iIq8rF_Aw3g\/photo\/AF1QipOibtBK0mt4vzycsGqvVke8eOUJ6HitAQ2gv2k?key=azBSOThSbG1GSVFMeml5NDRBYU11ODJDa3F0VGln\" target=\"_blank\"><img decoding=\"async\" src=\"https:\/\/lh3.googleusercontent.com\/pw\/AP1GczMBCMaDls7QcScurPQL-C0rEZzGEhq3nGo_WHrUvbKBR8iTuHIaCHPWRIaOc40Q0zBCht5FeYNhKrjAoP3DYN-JLD3VXfsOwkQluY-r9XOahBq7zhrmVQyHNoLouah_tdiNClUzp6zQKhEplnj2BLIW=w2000-h1500-s-no-gm?authuser=0\" width=\"2000\" height=\"1500\" alt=\"\u0130yi bak\u0131lm\u0131\u015f bir bah\u00e7e\" class=\"size-full\" \/><\/a><figcaption class=\"wp-caption-text\">\u0130yi bak\u0131lm\u0131\u015f bir bah\u00e7e<\/figcaption><\/figure>\n<p>Kasaba \u00e7al\u0131\u015fanlar\u0131n\u0131n, kasaban\u0131n yan i\u015f sistemi arac\u0131l\u0131\u011f\u0131yla Hokuryu&#039;nun temel end\u00fcstrisi olan tar\u0131m\u0131 tan\u0131ma ve anlama konusunda g\u00f6sterdikleri b\u00fcy\u00fck ruh ve yerel canland\u0131rma i\u015fbirli\u011fi ekibi \u00fcyeleriyle birlikte Hokuryu&#039;da tar\u0131m\u0131 canland\u0131rmak i\u00e7in bir araya gelmeleri ve birbirlerini desteklemeleri i\u00e7in s\u0131n\u0131rs\u0131z sevgi, minnettarl\u0131k ve dua ile...<\/p>\n<h2>Youtube videolar\u0131<\/h2>\n<div class=\"youtube\"><iframe title=\"Belediye Ba\u015fkan\u0131 Yasuhiro Sasaki, Hokuryu Kasabas\u0131&#039;n\u0131n cazibelerini ke\u015ffediyor [Haziran 2025] Kasaba, birbirini desteklemek i\u00e7in birlikte \u00e7al\u0131\u015f\u0131yor\" src=\"https:\/\/www.youtube.com\/embed\/yf2t_NhmDb0?feature=oembed\" frameborder=\"0\" allow=\"accelerometer; autoplay; clipboard-write; encrypted-media; gyroscope; picture-in-picture; web-share\" referrerpolicy=\"strict-origin-when-cross-origin\" allowfullscreen><\/iframe><\/div>\n<h2>Di\u011fer foto\u011fraflar<\/h2>\n<div class=\"img-move\"><img decoding=\"async\" style=\"vertical-align: middle;\" src=\"https:\/\/ehokkaido.net\/wp-content\/uploads\/2021\/12\/2021-12-06-11.41.12.png\" \/> <a href=\"https:\/\/photos.app.goo.gl\/JdcnS4C9MPqzCaHW6\" target=\"_blank\" rel=\"noopener noreferrer\">Belediye Ba\u015fkan\u0131 Sasaki Yasuhiro - Hokuryu Kasabas\u0131n\u0131n cazibelerini mi ar\u0131yorsunuz? 2025 Foto\u011fraflar\u0131 (319 foto\u011fraf) burada &gt;&gt;<\/a><\/div>\n<h2>\u0130lgili makaleler<\/h2>\n\n        <div class=\"site-blogcard-premium\">\n            <div class=\"bc-label-custom\">\u0130lgili makaleler<\/div>\n            <div class=\"bc-flex-container\">\n                <div class=\"bc-main-text\">\n                    <div class=\"bc-title-link-box\">\n                        <a href=\"https:\/\/portal.hokuryu.info\/tr\/kategori\/kamu-gorevlisi\/sasaki-yasuhiro-belediye-baskani\/teftis-turu\/\" target=\"_blank\">Hokuryu Kasabas\u0131n\u0131n B\u00fcy\u00fcs\u00fcn\u00fc Ke\u015ffetmek (kategori)<\/a>\n                    <\/div>\n                    <div class=\"bc-excerpt-box\">Bu, Belediye Ba\u015fkan\u0131 Sasaki Yasuhiro&#039;nun kasaban\u0131n cazibelerini aray\u0131\u015f\u0131n\u0131 anlatan bir makaledir.\n<\/div>\n                <\/div>\n                <div class=\"bc-thumbnail-box\">\n                    <a href=\"https:\/\/portal.hokuryu.info\/tr\/kategori\/kamu-gorevlisi\/sasaki-yasuhiro-belediye-baskani\/teftis-turu\/\" target=\"_blank\">\n                        <div class=\"bc-img-zoom-wrap\">\n                            <img decoding=\"async\" src=\"https:\/\/portal.hokuryu.info\/wp\/wp-content\/uploads\/2026\/02\/20230802DSC06445_1.jpg\" alt=\"Hokuryu Kasabas\u0131n\u0131n B\u00fcy\u00fcs\u00fcn\u00fc Ke\u015ffetmek (kategori)\">\n                        <\/div>\n                    <\/a>\n                <\/div>\n            <\/div>\n        <\/div>\n\u3000<br \/>\n\u25c7 <a href=\"https:\/\/portal.hokuryu.info\/tr\/38127\/#outline_1__7_2_1\">Foto\u011fraf\u00e7\u0131l\u0131k, d\u00fczenleme ve web sitesi y\u00f6netimi: Noboru Terauchi Yazar: Ikuko Terauchi<\/a><\/p>","protected":false},"excerpt":{"rendered":"<p>\uff12\uff10\uff12\uff15\u5e74\uff16\u6708\uff16\u65e5\uff08\u91d1\uff09 \uff16\u6708\uff13\u65e5\uff08\u706b\uff09\u3001\u4f50\u3005\u6728\u753a\u9577\u306e\u753a\u5185\u9b45\u529b\u63a2\u3057\u304c\u884c\u308f\u308c\u307e\u3057\u305f\u3002 \u4eca\u6708\u306f\u3001\u5730\u57df\u304a\u3053\u3057\u5354\u529b\u968a\u54e1\u3068\u3057\u3066\u9ad8\u7530\u79cb\u5149\u3055\u3093\u30d5\u30a1\u30fc\u30e0\u3067\u5b9f\u7fd2\u3059\u308b\u6a2a\u7530\u4fee\u5fd7\u3055\u3093\uff08\uff13\uff11\u6b73\uff09\u3001\u6a2a\u5009\u5065\u3055\u3093\u3001\u305d\u3057\u3066\u5f79\u5834\u8077\u54e1\u306e\u526f [&hellip;]<\/p>\n","protected":false},"author":1,"featured_media":59450,"comment_status":"open","ping_status":"open","sticky":false,"template":"","format":"standard","meta":{"footnotes":""},"categories":[4,84,75],"tags":[],"class_list":["post-59276","post","type-post","status-publish","format-standard","has-post-thumbnail","hentry","category-cover-story","category-inspectiontour","category-sasaki-yasuhiro-mayor"],"_links":{"self":[{"href":"https:\/\/portal.hokuryu.info\/tr\/wp-json\/wp\/v2\/posts\/59276","targetHints":{"allow":["GET"]}}],"collection":[{"href":"https:\/\/portal.hokuryu.info\/tr\/wp-json\/wp\/v2\/posts"}],"about":[{"href":"https:\/\/portal.hokuryu.info\/tr\/wp-json\/wp\/v2\/types\/post"}],"author":[{"embeddable":true,"href":"https:\/\/portal.hokuryu.info\/tr\/wp-json\/wp\/v2\/users\/1"}],"replies":[{"embeddable":true,"href":"https:\/\/portal.hokuryu.info\/tr\/wp-json\/wp\/v2\/comments?post=59276"}],"version-history":[{"count":0,"href":"https:\/\/portal.hokuryu.info\/tr\/wp-json\/wp\/v2\/posts\/59276\/revisions"}],"wp:featuredmedia":[{"embeddable":true,"href":"https:\/\/portal.hokuryu.info\/tr\/wp-json\/wp\/v2\/media\/59450"}],"wp:attachment":[{"href":"https:\/\/portal.hokuryu.info\/tr\/wp-json\/wp\/v2\/media?parent=59276"}],"wp:term":[{"taxonomy":"category","embeddable":true,"href":"https:\/\/portal.hokuryu.info\/tr\/wp-json\/wp\/v2\/categories?post=59276"},{"taxonomy":"post_tag","embeddable":true,"href":"https:\/\/portal.hokuryu.info\/tr\/wp-json\/wp\/v2\/tags?post=59276"}],"curies":[{"name":"wp","href":"https:\/\/api.w.org\/{rel}","templated":true}]}}