{"id":5908,"date":"2020-11-10T13:08:35","date_gmt":"2020-11-10T04:08:35","guid":{"rendered":"https:\/\/portal.hokuryu.info\/?p=5908"},"modified":"2022-01-25T21:14:43","modified_gmt":"2022-01-25T12:14:43","slug":"5908-mesaj","status":"publish","type":"post","link":"https:\/\/portal.hokuryu.info\/tr\/5908\/","title":{"rendered":"Masatoshi Yamagishi&#039;nin &quot;Pirin\u00e7 tarlas\u0131 kapan\u0131\u015f t\u00f6reninde eldivenlerde kalan tutu\u015f al\u0131\u015fkanl\u0131\u011f\u0131&quot; adl\u0131 haikusunu ta\u015f\u0131yan ta\u015f an\u0131t\u0131n dikilmesini anmak i\u00e7in bir s\u0131n\u0131f arkada\u015f\u0131 sosyal toplant\u0131s\u0131 @ Yew Orman\u0131, Hokuryu Kasabas\u0131"},"content":{"rendered":"<p>Sal\u0131, 10 Kas\u0131m 2020<\/p>\n<p>\u00c7ar\u015famba 16 Eyl\u00fcl&#039;de, Hokuryu Kasabas\u0131&#039;ndaki k\u00fclt\u00fcrel faaliyetleri te\u015fvik etme \u00e7abalar\u0131n\u0131n bir par\u00e7as\u0131 olarak, Hokuryu Kasabas\u0131 E\u011fitim Kurulu, Hokuryu Kasabas\u0131&#039;nda b\u00f6lgesel afet \u00f6nleme ve k\u00fclt\u00fcrel geli\u015fime katk\u0131da bulunan Masatoshi Yamagishi&#039;nin (77 ya\u015f\u0131nda) ba\u015far\u0131lar\u0131n\u0131 takdir etmek amac\u0131yla porsuk orman\u0131na bir haiku an\u0131t\u0131 dikti.<\/p>\n<h2>Masatoshi Yamagishi&#039;nin haiku an\u0131t\u0131n\u0131n bulundu\u011fu porsuk orman\u0131<\/h2>\n<p>\ufffc<br \/>\n<figure class=\"wp-caption aligncenter\"><a href=\"https:\/\/photos.google.com\/share\/AF1QipPFhoD5l1qxznIR1-6C0iLJQbCDQzWXuwytE_0W3-_czb0w1U1w1x0ZqPeTlLALFA\/photo\/AF1QipOyW0vmM2orssba1yauELfiKKILIZyILaxNq_w?key=dGtZNTFsUHZXMHdzM2gyTzRJNWp2bVpuanozV2ln\" target=\"_blank\" rel=\"noopener noreferrer\"><img decoding=\"async\" src=\"https:\/\/lh3.googleusercontent.com\/pw\/ACtC-3fR2xYbbIfiOQ5ZZY5zLg5xew3D_AGGmwwnf_XYiykfeUW7Qw-5FxzIMyjhbLbiHhgYCcsIKGjxNzwl0x8UWy9qgEDhAJaeUYCPZIz60j73QDN5xttVrG687WYHB-6_zDDGvAFwr3WzZm_iuSiRcMye=w1934-h1288-no?authuser=0\" width=\"1932\" height=\"1288\" alt=\"Porsuk orman\u0131\" class=\"size-medium\" \/><\/a><figcaption class=\"wp-caption-text\">Porsuk orman\u0131<\/figcaption><\/figure>\n<h3>Porsuk Orman\u0131 (bilgi tabelas\u0131ndan)<\/h3>\n<p>Bu orman, Dorogame Sensei (ayn\u0131 zamanda Takahashi Nobukiyo olarak da bilinir), Da\u011flar, Nehirler, Bitkiler ve A\u011fa\u00e7lar\u0131 Yeti\u015ftirme Grubu \u00fcyeleri, Sapporo Hokuryu Derne\u011fi, Wa Anaokulu, Shinryu ve Hekisui \u0130lkokulu \u00e7ocuklar\u0131 ve di\u011fer bir\u00e7ok yerel sakinin i\u015fbirli\u011fiyle yap\u0131lm\u0131\u015f, kasaban\u0131n el yap\u0131m\u0131 bir simgesidir. Mizunara me\u015fesi ve Sibirya kiraz\u0131 gibi geni\u015f yaprakl\u0131 a\u011fa\u00e7lar\u0131n yan\u0131 s\u0131ra, \u015fehir a\u011fac\u0131, Japon porsu\u011fu gibi yerel a\u011fa\u00e7 t\u00fcrleri de kullan\u0131l\u0131yor. Umar\u0131m gelecekte a\u011fa\u00e7lar daha b\u00fcy\u00fck ve g\u00fc\u00e7l\u00fc olur. Hokuryu Kasabas\u0131<\/p>\n<h3>Birka\u00e7 an\u0131t dikildi<\/h3>\n<figure class=\"wp-caption aligncenter\"><a href=\"https:\/\/photos.google.com\/share\/AF1QipPFhoD5l1qxznIR1-6C0iLJQbCDQzWXuwytE_0W3-_czb0w1U1w1x0ZqPeTlLALFA\/photo\/AF1QipOhqcuMrCE2Em12WUoXvEjFat5HVgizyvkQFuU?key=dGtZNTFsUHZXMHdzM2gyTzRJNWp2bVpuanozV2ln\" target=\"_blank\" rel=\"noopener noreferrer\"><img decoding=\"async\" src=\"https:\/\/lh3.googleusercontent.com\/pw\/ACtC-3crO2sBrq-7lDw3zz5I597-7Zi7jYyj9Wy5PS2i6mkzECdFuILNojTwM7ILvfyCCPMvuvHludmP0ygsna7JkAtHQQRFNTA_DgBjjjpJdn1jB5NSLCxOhy60TwUTQg9YIIbORtRNZSsRFE6EUPDo79xx=w1934-h1288-no?authuser=0\" width=\"1932\" height=\"1288\" alt=\"Bir\u00e7ok ta\u015f an\u0131t\u0131n bulundu\u011fu bir porsuk orman\u0131\" class=\"size-medium\" \/><\/a><figcaption class=\"wp-caption-text\">Bir\u00e7ok ta\u015f an\u0131t\u0131n bulundu\u011fu bir porsuk orman\u0131<\/figcaption><\/figure>\n<h3>Masatoshi Yamagishi&#039;nin haiku an\u0131t\u0131<\/h3>\n<figure class=\"wp-caption aligncenter\"><a href=\"https:\/\/photos.google.com\/share\/AF1QipPFhoD5l1qxznIR1-6C0iLJQbCDQzWXuwytE_0W3-_czb0w1U1w1x0ZqPeTlLALFA\/photo\/AF1QipNyKgGle-h5Zz4n8qMy5icQU5VvrMZYvUMGTOQ?key=dGtZNTFsUHZXMHdzM2gyTzRJNWp2bVpuanozV2ln\" target=\"_blank\" rel=\"noopener noreferrer\"><img decoding=\"async\" src=\"https:\/\/lh3.googleusercontent.com\/pw\/ACtC-3ep1_l6dp20nm4k-GT9OexP3535KTjv8ZgQFOmsl9FTDV1sF1s9jJZ_fNxksppref_l5azPywadv4XnRDyxTZrI5QwkttEJEPYXX1qNnMmhIOtDfh2X1InY1k5xwPZwEdZv5lN0Kjjb8pFVrm9mOCou=w1934-h1288-no?authuser=0\" width=\"1932\" height=\"1288\" alt=\"Masatoshi Yamagishi&#039;nin haiku an\u0131t\u0131\" class=\"size-medium\" \/><\/a><figcaption class=\"wp-caption-text\">Masatoshi Yamagishi&#039;nin haiku an\u0131t\u0131<\/figcaption><\/figure>\n<h2>Hokuryu Kasabas\u0131 \u0130lkokulu ve Ortaokulundan s\u0131n\u0131f arkada\u015flar\u0131m<\/h2>\n<p>An\u0131t\u0131n dikilmesini anmak i\u00e7in, Hokuriku Kasabas\u0131&#039;n\u0131n ilkokul ve ortaokul y\u0131llar\u0131ndan s\u0131n\u0131f arkada\u015flar\u0131 i\u00e7in 8 Kas\u0131m Pazar g\u00fcn\u00fc Sunflower Park Hokuriku Onsen&#039;de bir sosyal toplant\u0131 d\u00fczenlendi.<\/p>\n<p>Sosyal bulu\u015fma \u00f6ncesinde s\u0131n\u0131f arkada\u015flar\u0131 bir araya gelerek porsuk orman\u0131nda hat\u0131ra foto\u011fraf\u0131 \u00e7ektirdi. O g\u00fcn 18 kat\u0131l\u0131mc\u0131 kutlamaya geldi.<\/p>\n<figure class=\"wp-caption aligncenter\"><a href=\"https:\/\/photos.google.com\/share\/AF1QipPFhoD5l1qxznIR1-6C0iLJQbCDQzWXuwytE_0W3-_czb0w1U1w1x0ZqPeTlLALFA\/photo\/AF1QipNiHoZy7hlGF3Jl7mHWH4gXGnm3gMF7DzRoiQQ?key=dGtZNTFsUHZXMHdzM2gyTzRJNWp2bVpuanozV2ln\" target=\"_blank\" rel=\"noopener noreferrer\"><img decoding=\"async\" src=\"https:\/\/lh3.googleusercontent.com\/pw\/ACtC-3dksdr1rMJI04e_aQKrniEU4xpMycTlZ0N9rVQarRrNsgwtzWAQWvm8kQLgjfpmP_jXEkQ0AvgWaQHigqeb-UjYspKkSYQdUT4IqN6nUqgJ6GKl4cfP_6xQ_NWRhwWa89HJw_p6WPFXuG_Xgw39gI46=w1934-h1288-no?authuser=0\" width=\"1932\" height=\"1288\" alt=\"Herkesle hat\u0131ra foto\u011fraf\u0131\" class=\"size-medium\" \/><\/a><figcaption class=\"wp-caption-text\">Herkesle hat\u0131ra foto\u011fraf\u0131<\/figcaption><\/figure>\n<h3>Kutlamaya gelen s\u0131n\u0131f arkada\u015flar\u0131m\u0131z (\u00f6zel bir s\u0131raya g\u00f6re de\u011fil, \u00fcnvanlar \u00e7\u0131kar\u0131lm\u0131\u015ft\u0131r):<\/h3>\n<p>Yamagishi, M., Sato, K., Yamashita, Y., Watanabe, T., Ishida, M., Katsu, N., Shibeya, Y., Takada, Y., Takimoto, I., Fujii, A., Yamamoto, K., Oji, S., Iwakura, M., Takagi, M., Takada, N., Kita, S., Ichinowatari, K. ve Asano, S.<\/p>\n<h2>Haiku&#039;lu bir an\u0131t: &quot;Saha kapan\u0131\u015f t\u00f6reninde eldivenlerde kavrama al\u0131\u015fkanl\u0131\u011f\u0131 kal\u0131r&quot;<\/h2>\n<figure class=\"wp-caption aligncenter\"><a href=\"https:\/\/photos.google.com\/share\/AF1QipPFhoD5l1qxznIR1-6C0iLJQbCDQzWXuwytE_0W3-_czb0w1U1w1x0ZqPeTlLALFA\/photo\/AF1QipO3FgID85vKXiOcrKUVE89doryVXS0Siyahj14?key=dGtZNTFsUHZXMHdzM2gyTzRJNWp2bVpuanozV2ln\" target=\"_blank\" rel=\"noopener noreferrer\"><img decoding=\"async\" src=\"https:\/\/lh3.googleusercontent.com\/pw\/ACtC-3cLv7hh0KdRX4h8VngK1STxLkmEDK6jpN_-Jx5Mwa_iJZLddSdBUWer7VxW7nafHgVP6JIuoaYiiSaNro8hKU3miLbGGt6kx6AUJY_8T252qvqlY1ZrWvU6LzsjzQEqDz9sU-Buoc9hieXQQvFuTIaa=w1934-h1288-no?authuser=0\" width=\"1932\" height=\"1288\" alt=\"Haiku&#039;lu bir an\u0131t: &quot;Saha kapan\u0131\u015f t\u00f6reninde eldivenlerde kavrama al\u0131\u015fkanl\u0131\u011f\u0131 kal\u0131r&quot;\" class=\"size-medium\" \/><\/a><figcaption class=\"wp-caption-text\">Haiku&#039;lu bir an\u0131t: &quot;Saha kapan\u0131\u015f t\u00f6reninde eldivenlerde kavrama al\u0131\u015fkanl\u0131\u011f\u0131 kal\u0131r&quot;<br \/><\/figcaption><\/figure>\n<h2>Masatoshi Yamagishi: &quot;Michi&quot; Haiku Derne\u011fi Haiku Yazar\u0131 \u00d6d\u00fcl\u00fc&#039;n\u00fc ve 21. Hokkaido Haiku \u015eairleri Derne\u011fi \u00d6d\u00fcl\u00fc&#039;n\u00fc ald\u0131<\/h2>\n<p>Yamagishi Masatoshi, Haiku \u015eairleri Derne\u011fi \u00fcyeli\u011fi, Hokuriku Kasabas\u0131 \u0130tfaiye Departman\u0131 \u015fefli\u011fi ve Hokuriku Kasabas\u0131 K\u00fclt\u00fcr Federasyonu ba\u015fkanl\u0131\u011f\u0131 g\u00f6revlerinde bulundu.<\/p>\n<p>11 Nisan 1943&#039;te (Showa 18) Hokuryu Kasabas\u0131nda do\u011fdu. 1973 y\u0131l\u0131nda (Showa 48) Hokkaido Haiku Derne\u011fi ba\u015fkan\u0131 Kita Kousei&#039;den, 2001 y\u0131l\u0131ndan itibaren (Heisei 13) ise Minamoto Onihiko&#039;dan ders ald\u0131.<\/p>\n<p>\u00c7ift\u00e7ilik yaparken kendini haiku \u015fiirine adad\u0131 ve 2015 y\u0131l\u0131nda (Heisei 27) Hokkaido haiku grubu &quot;Tsubute&quot;nin \u00fcyesi oldu ve 2017 y\u0131l\u0131nda (Heisei 29) &quot;Taru Ikki&quot; ba\u015fl\u0131kl\u0131 bir haiku koleksiyonu yay\u0131nlad\u0131. Ayn\u0131 y\u0131l\u0131n ekim ay\u0131nda Michi Haiku Kul\u00fcb\u00fc Yazar \u00d6d\u00fcl\u00fc&#039;n\u00fc, 2018&#039;de 21. Hokkaido Haiku \u015eairleri Derne\u011fi \u00d6d\u00fcl\u00fc&#039;n\u00fc (Heisei 30) ve 2020&#039;de 53. Hokkaido Haiku Derne\u011fi \u0130kincilik \u00d6d\u00fcl\u00fc&#039;n\u00fc (Reiwa 2) ald\u0131.<\/p>\n<figure class=\"wp-caption aligncenter\"><a href=\"https:\/\/photos.google.com\/share\/AF1QipPFhoD5l1qxznIR1-6C0iLJQbCDQzWXuwytE_0W3-_czb0w1U1w1x0ZqPeTlLALFA\/photo\/AF1QipMIEe1tMw_j2SZ0oeK6oIxDWOO_gRF4GboKd9o?key=dGtZNTFsUHZXMHdzM2gyTzRJNWp2bVpuanozV2ln\" target=\"_blank\" rel=\"noopener noreferrer\"><img decoding=\"async\" src=\"https:\/\/lh3.googleusercontent.com\/pw\/ACtC-3cEwimzUlmJqOMvA5EYO19Gs3-NyLcZ0AkAnHGcpEfu79Ui9abRzWR7VmIm3DVPSExOQVhZI5mFRYdG2_lwRsU316i5m3SaLfDdDj20nq4VByq7b-ZtKAm9wGEwdIkDy_fuBwa66FT3EqO5rXed2mJB=w1934-h1288-no?authuser=0\" width=\"1932\" height=\"1288\" alt=\"An\u0131t\u0131n a\u00e7\u0131klamas\u0131\" class=\"size-medium\" \/><\/a><figcaption class=\"wp-caption-text\">An\u0131t\u0131n a\u00e7\u0131klamas\u0131<\/figcaption><\/figure>\n<figure class=\"wp-caption aligncenter\"><a href=\"https:\/\/portal.hokuryu.info\/tr\/informations\/20170703-1\/\" target=\"_blank\" rel=\"noopener noreferrer\"><img decoding=\"async\" src=\"https:\/\/lh3.googleusercontent.com\/pw\/ACtC-3d6mBb6wsGKJjo2XLM5WvsUMOjneOhdh-TvB9Hrlscwxo8aQuVHK1Z6-2gqE9woWyqplXFj4N2U4z_vGrzQSuup52qJLV-q6NS75LWpeqvMvgf2uJhFHva7prrfaBHU4IFECnMqR3UT0Tl3LqAnEkzY=w1382-h922-no?authuser=0\" width=\"1932\" height=\"1288\" alt=\"Haiku &quot;Taru Ikki&quot; koleksiyonu\" class=\"size-medium\" \/><figcaption class=\"wp-caption-text\">Haiku &quot;Taru Ikki&quot; koleksiyonu<\/a><\/figcaption><\/figure>\n<h3>Yamagishi&#039;nin haiku&#039;sunda tar\u0131ma ili\u015fkin d\u00fc\u015f\u00fcnceleri<\/h3>\n<figure class=\"wp-caption aligncenter\"><a href=\"https:\/\/photos.google.com\/share\/AF1QipPFhoD5l1qxznIR1-6C0iLJQbCDQzWXuwytE_0W3-_czb0w1U1w1x0ZqPeTlLALFA\/photo\/AF1QipOT-Kh-mrnT7BNDQKgqtzJ-f2kfjdOv8dh56TE?key=dGtZNTFsUHZXMHdzM2gyTzRJNWp2bVpuanozV2ln\" target=\"_blank\" rel=\"noopener noreferrer\"><img decoding=\"async\" src=\"https:\/\/lh3.googleusercontent.com\/pw\/ACtC-3efodAi2mlB2700x24Kuy9FY3tyvYG8roHVJ8P7Er5iis7FMFjW66WPKd5ec2r8PuFBliFPDhmocCBSj7xHhLhPj-oI_lzYnuZMOo2_nV4sdStHITLqvDIJ6x9Y8X7GGv17hyBUJBsnUqbdUHNURody=w1934-h1288-no?authuser=0\" width=\"1932\" height=\"1288\" alt=\"Bay Yamagishi&#039;nin tar\u0131m hakk\u0131ndaki d\u00fc\u015f\u00fcnceleri\" class=\"size-medium\" \/><\/a><figcaption class=\"wp-caption-text\">Bay Yamagishi&#039;nin tar\u0131m hakk\u0131ndaki d\u00fc\u015f\u00fcnceleri<\/figcaption><\/figure>\n<p>&quot;Bu haiku benim ya\u015fam tarz\u0131m\u0131 ifade ediyor ve 50&#039;li ya\u015flar\u0131mdayken yaz\u0131ld\u0131.<\/p>\n<p>Haikuyu emek\u00e7i halk i\u00e7in savunan marangoz haiku \u015fairi Kita Kousei&#039;den, daha sonra da Minamoto Onihiko&#039;dan ders ald\u0131m. Ben \u015fahsen mesle\u011fim olan \u00e7ift\u00e7ilikle ilgili bir \u015fark\u0131 s\u00f6ylemek istiyordum.<\/p>\n<p>&quot;Tashimai&quot;, bir y\u0131ll\u0131k tarla \u00e7al\u0131\u015fmas\u0131n\u0131n ard\u0131ndan aile ve yak\u0131nlarla birlikte kutlama yapmak i\u00e7in d\u00fczenlenen bir etkinliktir. Bir y\u0131ll\u0131k \u00e7al\u0131\u015fma bitmesine ra\u011fmen, y\u0131pranm\u0131\u015f eldivenler hala k\u00f6t\u00fc bir kavramaya sahip.<\/p>\n<p>Eldivenlerdeki k\u0131r\u0131\u015f\u0131kl\u0131klar, \u00e7ift\u00e7inin i\u015fine olan ba\u011fl\u0131l\u0131\u011f\u0131n\u0131n ve adanm\u0131\u015fl\u0131\u011f\u0131n\u0131n simgesidir.<\/p>\n<p>&quot;Hayat\u0131m boyunca ya\u015fad\u0131\u011f\u0131m \u00e7ift\u00e7ilik hayat\u0131n\u0131, \u00e7ift\u00e7ili\u011fin yan\u0131 s\u0131ra, yaz\u0131p haikular\u0131mda payla\u015fmak istedim&quot; diyen Yamagishi, haikuya dair duygular\u0131n\u0131 s\u0131cak bir dille dile getirdi.<\/p>\n<h2>Bay Yamagishi&#039;ye bir buket takdim ediyoruz<\/h2>\n<figure class=\"wp-caption aligncenter\"><a href=\"https:\/\/photos.google.com\/share\/AF1QipPFhoD5l1qxznIR1-6C0iLJQbCDQzWXuwytE_0W3-_czb0w1U1w1x0ZqPeTlLALFA\/photo\/AF1QipN7XTzYCWLygwyI_mRjwllkMGZqf_A-7vmw5GQ?key=dGtZNTFsUHZXMHdzM2gyTzRJNWp2bVpuanozV2ln\" target=\"_blank\" rel=\"noopener noreferrer\"><img decoding=\"async\" src=\"https:\/\/lh3.googleusercontent.com\/pw\/ACtC-3fnCCFQAed7k6suvH2g2Po0h_K4iNYtzOUTrOxlSTOS4gQTLwGEr2lkpt4N-pvUdmxvrNZ-LvJ7jKLYBtIIkGHNyG8dpxJ_PahsoCSqZh_FgUluJjciaCOQPYGoFgFKP2mHeKjcDblOOmCaKyXiiGNe=w1934-h1288-no?authuser=0\" width=\"1932\" height=\"1288\" alt=\"Bir buket sunmak\" class=\"size-medium\" \/><\/a><figcaption class=\"wp-caption-text\">Bir buket sunmak<\/figcaption><\/figure>\n<p>Porsuk orman\u0131nda ya\u015fayan \u00e7ift\u00e7ilerin ruhunu ifade eden Masatoshi Yamagishi&#039;nin haiku&#039;sunun bulundu\u011fu ta\u015f an\u0131t,<br \/>\nSonsuz sevgi, minnet ve dualar\u0131mla. . .<\/p>\n<figure class=\"wp-caption aligncenter\"><a href=\"https:\/\/photos.google.com\/share\/AF1QipPFhoD5l1qxznIR1-6C0iLJQbCDQzWXuwytE_0W3-_czb0w1U1w1x0ZqPeTlLALFA\/photo\/AF1QipOdQJetLanCdoHuizm8IFOxtwArKkFJgZeW2fo?key=dGtZNTFsUHZXMHdzM2gyTzRJNWp2bVpuanozV2ln\" target=\"_blank\" rel=\"noopener noreferrer\"><img decoding=\"async\" src=\"https:\/\/lh3.googleusercontent.com\/pw\/ACtC-3cQOTJSAP8h69mhkPdIr3J6v917kMQCM5f1p9V6SFipTBALq_D6VvlHKKZb9vszfhQjMVc_etIVdFs2ObH2SLgVPop5s39iAZocCFNwFpyPLQuAbnS1Y0IPTt6Ai89II-_IQ55r0Qicyt-AILllyMGK=w860-h1288-no?authuser=0\" width=\"414\" alt=\"Porsuk orman\u0131n\u0131n \u00fczerinde batan g\u00fcne\u015fe minnettar\u0131m. . .\" class=\"size-medium\" \/><\/a><figcaption class=\"wp-caption-text\">Porsuk orman\u0131n\u0131n \u00fczerinde batan g\u00fcne\u015fe minnettar\u0131m. . .<\/figcaption><\/figure>\n<h2>Di\u011fer foto\u011fraflar<\/h2>\n<p>\u30fb<a href=\"https:\/\/photos.google.com\/share\/AF1QipPFhoD5l1qxznIR1-6C0iLJQbCDQzWXuwytE_0W3-_czb0w1U1w1x0ZqPeTlLALFA?key=dGtZNTFsUHZXMHdzM2gyTzRJNWp2bVpuanozV2ln\" rel=\"noopener noreferrer\" target=\"_blank\">Masatoshi Yamagishi&#039;nin &quot;\u00c7eltik tarlas\u0131 kapan\u0131\u015f t\u00f6reninde eldivenlerde kalan tutu\u015f al\u0131\u015fkanl\u0131\u011f\u0131&quot; adl\u0131 haiku an\u0131t\u0131n\u0131n dikilmesini anmak i\u00e7in d\u00fczenlenen s\u0131n\u0131f arkada\u015flar\u0131 bulu\u015fmas\u0131ndan 32 foto\u011fraf i\u00e7in buraya t\u0131klay\u0131n.<\/a><\/p>\n<h3>\u0130lgili makaleler<\/h3>\n<p>\u30fb<a href=\"https:\/\/portal.hokuryu.info\/tr\/informations\/20170703-1\/\" rel=\"noopener noreferrer\" target=\"_blank\">Masatoshi Yamagishi&#039;nin ilk haiku koleksiyonu &quot;Taru Ikki&quot; yay\u0131nland\u0131<\/a>(3 Temmuz 2017)<br \/>\n\u30fb<a href=\"https:\/\/portal.hokuryu.info\/tr\/topics\/circle\/20140213\/\" rel=\"noopener noreferrer\" target=\"_blank\">Hokkaido Haiku Derne\u011fi, Hokuryu \u015eubesi yar\u0131m y\u00fczy\u0131ld\u0131r haiku besteliyor<\/a>(13 \u015eubat 2014)<br \/>\n\u30fb<a href=\"https:\/\/portal.hokuryu.info\/tr\/shiningpeople\/people\/20140127\/\" rel=\"noopener noreferrer\" target=\"_blank\">Bay Masatoshi Yamagishi (Hokuryu Kasabas\u0131 sakini)<\/a>(27 Ocak 2014)<\/p>\n<p>\u25c7 \u00c7ekim ve kurgu: Noboru Terauchi R\u00f6portaj ve metin: Ikuko Terauchi<\/p>","protected":false},"excerpt":{"rendered":"<p>\uff12\uff10\uff12\uff10\u5e74\uff11\uff11\u6708\uff11\uff10\u65e5\uff08\u706b\uff09 \uff19\u6708\uff11\uff16\u65e5\uff08\u6c34\uff09\u3001\u5317\u7adc\u753a\u6587\u5316\u6d3b\u52d5\u632f\u8208\u306e\u4e00\u74b0\u3068\u3057\u3066\u3001\u5317\u7adc\u753a\u6559\u80b2\u59d4\u54e1\u4f1a\u3088\u308a\u3001\u5317\u7adc\u753a\u306e\u5730\u57df\u9632\u707d\u3068\u6587\u5316\u5411\u4e0a\u306b\u8ca2\u732e\u3055\u308c\u305f\u5c71\u5cb8\u6b63\u4fca\u3055\u3093\uff08\uff17\uff17\u6b73\uff09\u306e\u529f\u7e3e\u304c\u9ad8\u304f\u8a55\u4fa1\u3055\u308c\u3001\u30a4\u30c1\u30a4\u306e\u68ee\u306b\u53e5\u7891 [&hellip;]<\/p>\n","protected":false},"author":1,"featured_media":5909,"comment_status":"open","ping_status":"open","sticky":false,"template":"","format":"standard","meta":{"footnotes":""},"categories":[4,23],"tags":[],"class_list":["post-5908","post","type-post","status-publish","format-standard","has-post-thumbnail","hentry","category-cover-story","category-board-of-education"],"_links":{"self":[{"href":"https:\/\/portal.hokuryu.info\/tr\/wp-json\/wp\/v2\/posts\/5908","targetHints":{"allow":["GET"]}}],"collection":[{"href":"https:\/\/portal.hokuryu.info\/tr\/wp-json\/wp\/v2\/posts"}],"about":[{"href":"https:\/\/portal.hokuryu.info\/tr\/wp-json\/wp\/v2\/types\/post"}],"author":[{"embeddable":true,"href":"https:\/\/portal.hokuryu.info\/tr\/wp-json\/wp\/v2\/users\/1"}],"replies":[{"embeddable":true,"href":"https:\/\/portal.hokuryu.info\/tr\/wp-json\/wp\/v2\/comments?post=5908"}],"version-history":[{"count":0,"href":"https:\/\/portal.hokuryu.info\/tr\/wp-json\/wp\/v2\/posts\/5908\/revisions"}],"wp:featuredmedia":[{"embeddable":true,"href":"https:\/\/portal.hokuryu.info\/tr\/wp-json\/wp\/v2\/media\/5909"}],"wp:attachment":[{"href":"https:\/\/portal.hokuryu.info\/tr\/wp-json\/wp\/v2\/media?parent=5908"}],"wp:term":[{"taxonomy":"category","embeddable":true,"href":"https:\/\/portal.hokuryu.info\/tr\/wp-json\/wp\/v2\/categories?post=5908"},{"taxonomy":"post_tag","embeddable":true,"href":"https:\/\/portal.hokuryu.info\/tr\/wp-json\/wp\/v2\/tags?post=5908"}],"curies":[{"name":"wp","href":"https:\/\/api.w.org\/{rel}","templated":true}]}}