{"id":58214,"date":"2025-05-12T09:36:02","date_gmt":"2025-05-12T00:36:02","guid":{"rendered":"https:\/\/portal.hokuryu.info\/?p=58214"},"modified":"2026-01-21T08:53:25","modified_gmt":"2026-01-20T23:53:25","slug":"belediye-baskani-sasaki-yasuhiro-hokuryu-kasabasinin-cazibesini-kesfediyor-mayis-2025","status":"publish","type":"post","link":"https:\/\/portal.hokuryu.info\/tr\/58214\/","title":{"rendered":"Belediye Ba\u015fkan\u0131 Sasaki Yasuhiro, Hokuryu Kasabas\u0131&#039;n\u0131n g\u00fczelliklerini ke\u015ffediyor [May\u0131s 2025]. Hokuryu Ortaokulu M\u00fcd\u00fcr\u00fc Miyoshi Takao, Shinryu \u0130lkokulu M\u00fcd\u00fcr Yard\u0131mc\u0131s\u0131 Kumabayashi Masaru ve topluluk canland\u0131rma i\u015f birli\u011fi ekibi \u00fcyesi olarak atanan d\u00f6rt g\u00fcvenilir ki\u015fi de dahil olmak \u00fczere herkesi te\u015fvik etmek i\u00e7in ziyarette bulunuyor!"},"content":{"rendered":"<p>Pazartesi, 12 May\u0131s 2025<\/p>\n<p>8 May\u0131s Per\u015fembe g\u00fcn\u00fc, Belediye Ba\u015fkan\u0131 Sasaki \u015fehrin turistik yerlerini gezdi. May\u0131s ay\u0131nda, Hokuryu Ortaokulu&#039;nun yeni atanan m\u00fcd\u00fcr\u00fc Takao Miyoshi&#039;yi, Shinryu \u0130lkokulu m\u00fcd\u00fcr yard\u0131mc\u0131s\u0131n\u0131 Masaru Kumabayashi&#039;yi, yerel canland\u0131rma i\u015f birli\u011fi ekibinin yeni atanan d\u00f6rt \u00fcyesini, beden e\u011fitimi \u00f6\u011fretmeni Aki Shiraishi&#039;yi, turizm temsilcisi Yuto Sakai&#039;yi, etkinlik temsilcileri Masayuki Takatsuki ve Tsubasa Arai&#039;yi ve k\u00fct\u00fcphane idari asistan\u0131 Atsuko Watanabe&#039;yi ziyaret ederek onlara destek verdi.<\/p>\n<h3>Toplum Merkezi: E\u011fitim odas\u0131 ve k\u00fct\u00fcphane<\/h3>\n<h2>1. Beden E\u011fitimi \u00d6\u011fretmeni, Aki Shiraishi (B\u00f6lgesel Canland\u0131rma G\u00f6n\u00fcll\u00fcs\u00fc)<\/h2>\n<figure class=\"wp-caption aligncenter\"><a href=\"https:\/\/photos.google.com\/share\/AF1QipMv9_RIticeq4rhayWQqclEMToC-HQp4c5j9XjVjye2E9JtFzs_0Q1iIq8rF_Aw3g\/photo\/AF1QipNSUxO3ljxgeXXi7Jyzmde3XYKhYS4CjoKKfaY?key=azBSOThSbG1GSVFMeml5NDRBYU11ODJDa3F0VGln\" target=\"_blank\"><img decoding=\"async\" src=\"https:\/\/lh3.googleusercontent.com\/pw\/AP1GczMYacKigBn4BUNwrPYQnMq1Wp3noXC1OtzD1nnedVu2RWBdgeRuGhmCIPTQwssQfKLEa_G0CdtbfeyNpWHQsjVzJ0reuNJ4JbpVNObs4FhbudkCmqJZD-8B0H2WlGv2GMjmjtCJjL9CIfjdp7JQQt_X=w2000-h1333-s-no-gm?authuser=0\" width=\"2000\" height=\"1333\" alt=\"Aki Shiraishi\" class=\"size-full\" \/><\/a><figcaption class=\"wp-caption-text\">Aki Shiraishi<\/figcaption><\/figure>\n<p>Benim ad\u0131m Shiraishi Aki ve ben Hokuryu Kasabas\u0131ndan\u0131m. 1 May\u0131s&#039;ta burada yerel canland\u0131rma g\u00f6n\u00fcll\u00fcs\u00fc olarak \u00e7al\u0131\u015fmaya ba\u015flad\u0131m.<\/p>\n<p>Tokyo Kad\u0131nlar Beden E\u011fitimi Koleji&#039;nde (Kunitachi, Tokyo) e\u011fitim g\u00f6rd\u00fc ve daha sonra uzun y\u0131llar Tokyo&#039;da e\u011fitmen olarak \u00e7al\u0131\u015ft\u0131. Deneyimlerimi kullanarak kasabadaki herkesin sa\u011fl\u0131kl\u0131 ve zinde kalmas\u0131na yard\u0131mc\u0131 olmay\u0131 umuyorum.<\/p>\n<p>Kitary\u016b Kasabas\u0131&#039;na ba\u011flanmam\u0131z\u0131n sebebi, koronavir\u00fcs salg\u0131n\u0131n\u0131n \u015fehir merkezinde etkisinin fazla olmas\u0131 ve i\u015flerin azalmas\u0131yd\u0131. 50 ya\u015f\u0131ma yakla\u015f\u0131rken yeni zorluklara g\u00f6\u011f\u00fcs germe konusunda g\u00fc\u00e7l\u00fc bir istek duydum. Memleketime yard\u0131m etmeye karar verdim.<\/p>\n<p>Sadece ortaokula kadar ya\u015fad\u0131\u011f\u0131m Kitary\u016b kasabas\u0131na dair izlenimim, oradaki herkesin arkada\u015f canl\u0131s\u0131 oldu\u011fu ve birbirine yard\u0131m etti\u011fi y\u00f6n\u00fcnde. &quot;G\u00fcn\u00fcm\u00fczde kentsel alanlardaki insanlarla olan ba\u011flar\u0131m zay\u0131fl\u0131yor, ancak bu kasabadaki her t\u00fcrl\u00fc insanla etkile\u015fime girerek e\u011flenmeyi umuyorum&quot; dedi Shiraishi parlak bir g\u00fcl\u00fcmsemeyle.<\/p>\n<figure class=\"wp-caption aligncenter\"><a href=\"https:\/\/photos.google.com\/share\/AF1QipMv9_RIticeq4rhayWQqclEMToC-HQp4c5j9XjVjye2E9JtFzs_0Q1iIq8rF_Aw3g\/photo\/AF1QipP8Bo3qCDluuhES-uXDdiSLaShpEUE3iFaqms4?key=azBSOThSbG1GSVFMeml5NDRBYU11ODJDa3F0VGln\" target=\"_blank\"><img decoding=\"async\" src=\"https:\/\/lh3.googleusercontent.com\/pw\/AP1GczNKVzyyKvTFVql9iH_QpkbDfqChMOZllU3MF75Y_5i3r9kD6YyZENsnPSAfA8evMlpp_jBgowy3uYBXFJZ1fYMoMev8lSX1LczCYFC71TS7Wk1gHsjsGrzxtSD9Wbt-JuPjvfdx0VXEcJPlIyTvWx1w=w2000-h1500-s-no-gm?authuser=0\" width=\"2000\" height=\"1500\" alt=\"E\u011fitim Odas\u0131\" class=\"size-full\" \/><\/a><figcaption class=\"wp-caption-text\">E\u011fitim Odas\u0131<\/figcaption><\/figure>\n<h3>Belediye Ba\u015fkan\u0131 Sasaki Yasuhiro&#039;dan te\u015fvik<\/h3>\n<figure class=\"wp-caption aligncenter\"><a href=\"https:\/\/photos.google.com\/share\/AF1QipMv9_RIticeq4rhayWQqclEMToC-HQp4c5j9XjVjye2E9JtFzs_0Q1iIq8rF_Aw3g\/photo\/AF1QipNEbdvd97CJ2EdRvOreHYwX2opMDCz1974dn64?key=azBSOThSbG1GSVFMeml5NDRBYU11ODJDa3F0VGln\" target=\"_blank\"><img decoding=\"async\" src=\"https:\/\/lh3.googleusercontent.com\/pw\/AP1GczOGJRpHg886C9cdE3BGW7jdyfCNIN14uJ9g5nrX3NXeBvA8PfuZ7kzlqEVrsFtDm2pjtIGneou8eMDc-j50-P1J81liEqKcW7cJfI7xCNyPTRa3E_vbO21PecLr0qKNoPnh4y8qh9kiyyDd3fUsnkX5=w2000-h1125-s-no-gm?authuser=0\" width=\"2000\" height=\"1125\" alt=\"Shiraishi-san, Hokuryu Kasabas\u0131&#039;nda do\u011fdu ve b\u00fcy\u00fcd\u00fc.\" class=\"size-full\" \/><\/a><figcaption class=\"wp-caption-text\">Shiraishi-san, Hokuryu Kasabas\u0131&#039;nda do\u011fdu ve b\u00fcy\u00fcd\u00fc.<\/figcaption><\/figure>\n<p>&quot;Aki Shiraishi k\u0131z\u0131m\u0131n veya o\u011flumun s\u0131n\u0131f arkada\u015f\u0131 olmasa da, onu \u00e7ocuklu\u011fundan beri iyi tan\u0131yorum.<\/p>\n<p>Ayr\u0131ca onun Asahikawa&#039;daki liseye masa tenisi oynamaya gitti\u011fini ve ard\u0131ndan Tokyo Kad\u0131nlar Beden E\u011fitimi \u00dcniversitesi&#039;nde okudu\u011funu da biliyordum. Hokuryu Kasabas\u0131&#039;n\u0131 se\u00e7ip geri d\u00f6neceklerini hi\u00e7 d\u00fc\u015f\u00fcnmemi\u015ftim. Se\u00e7im s\u00fcrecinde hemen karar\u0131m\u0131 verdim.<\/p>\n<p>Shiraishi-san \u00e7ok enerjik ve ne\u015feli bir insand\u0131r. Parlak ay\u00e7i\u00e7eklerinin oldu\u011fu kasabam\u0131za gelmenizden ve kasaba halk\u0131na bir \u015feyler vermek istemenizden dolay\u0131 \u00e7ok mutluyuz.<\/p>\n<p>\u015eehirde ya\u015fad\u0131klar\u0131 deneyimlerden yola \u00e7\u0131karak \u00e7e\u015fitli g\u00f6zlemlerini ortaya koymalar\u0131n\u0131, payla\u015fmalar\u0131n\u0131 ve bunlar\u0131 kullanarak \u015fehrin y\u00f6n\u00fcn\u00fc belirlemelerini istiyorum.<\/p>\n<p>Hokuryu Kasabas\u0131&#039;n\u0131n hedefledi\u011fi y\u00f6ne m\u00fckemmel bir \u015fekilde uyaca\u011f\u0131 i\u00e7in kendisinden b\u00fcy\u00fck umutlar\u0131m\u0131z var. Bunu l\u00fctfen serbest\u00e7e yapmaktan \u00e7ekinmeyin. Yerel canland\u0131rma i\u015fbirli\u011fi ekibinin lideri olarak l\u00fctfen \u00f6nc\u00fcl\u00fck edin ve s\u0131k\u0131 \u00e7al\u0131\u015f\u0131n.<\/p>\n<p>Belediye Ba\u015fkan\u0131 Sasaki, &quot;Gelecekteki \u00e7al\u0131\u015fmalar\u0131 havuzla ilgili olacak ve B&amp;G e\u011fitimine de kat\u0131lacak, bu y\u00fczden sab\u0131rs\u0131zlan\u0131yorum&quot; dedi.<\/p>\n<figure class=\"wp-caption aligncenter\"><a href=\"https:\/\/photos.google.com\/share\/AF1QipMv9_RIticeq4rhayWQqclEMToC-HQp4c5j9XjVjye2E9JtFzs_0Q1iIq8rF_Aw3g\/photo\/AF1QipONw9cAXTpNwttgWQ-cnl-C5y2nka0NUvR1XR8?key=azBSOThSbG1GSVFMeml5NDRBYU11ODJDa3F0VGln\" target=\"_blank\"><img decoding=\"async\" src=\"https:\/\/lh3.googleusercontent.com\/pw\/AP1GczNnhZxd2ugWmY4jJvUyeAES9wdGbDN_s_7uZ6EjIOBOqdeuqfu2inWrUYc8G0zcqk3y4AtmGNqa8cnOdB5e9W3ynPTjEKfWVV5p1CRlamiYI7wl_bq81izv0AaHcUkGKAQfjJEtRFrNNdJTSptb3qkp=w2000-h1500-s-no-gm?authuser=0\" width=\"2000\" height=\"1500\" alt=\"E\u011fitim odas\u0131 penceresinden g\u00f6r\u00fcld\u00fc\u011f\u00fc gibi kiraz \u00e7i\u00e7ekleri tam \u00e7i\u00e7ek a\u00e7m\u0131\u015f durumda\" class=\"size-full\" \/><\/a><figcaption class=\"wp-caption-text\">E\u011fitim odas\u0131 penceresinden g\u00f6r\u00fcld\u00fc\u011f\u00fc gibi kiraz \u00e7i\u00e7ekleri tam \u00e7i\u00e7ek a\u00e7m\u0131\u015f durumda<\/figcaption><\/figure>\n<h2>2. K\u00fct\u00fcphane \u0130dari Asistan\u0131, Watanabe Atsuko<\/h2>\n<figure class=\"wp-caption aligncenter\"><a href=\"https:\/\/photos.google.com\/share\/AF1QipMv9_RIticeq4rhayWQqclEMToC-HQp4c5j9XjVjye2E9JtFzs_0Q1iIq8rF_Aw3g\/photo\/AF1QipNEYZs4otyhm18hx5ZG4iZaU3uEi9nE_kXGYZs?key=azBSOThSbG1GSVFMeml5NDRBYU11ODJDa3F0VGln\" target=\"_blank\"><img decoding=\"async\" src=\"https:\/\/lh3.googleusercontent.com\/pw\/AP1GczPkJ7AOe_qWbjxr7Bg6lq7RippFWp1i3ogOMCGS-C_Xn7HgsvnpB3GjCgL-IMPbjDn8rNv8MVsZjt7VOPxhyatjC8JvI6UVrxfYZLtLeZhs360yb3BpmR7a3x8NbhEvavyQNMY-qYYOC4smqmV7_7VH=w2000-h1333-s-no-gm?authuser=0\" width=\"2000\" height=\"1333\" alt=\"Atsuko Watanabe\" class=\"size-full\" \/><\/a><figcaption class=\"wp-caption-text\">Atsuko Watanabe<\/figcaption><\/figure>\n<p>&quot;Ge\u00e7ti\u011fimiz y\u0131l\u0131n May\u0131s ay\u0131ndan beri burada idari asistan olarak \u00e7al\u0131\u015f\u0131yorum. Ad\u0131m Atsuko Watanabe (42 ya\u015f\u0131nday\u0131m). Aslen Fukagawa \u015eehri&#039;ndenim. Her zaman bir k\u00fct\u00fcphanede \u00e7al\u0131\u015fmak istemi\u015ftim, ancak \u00e7ok fazla a\u00e7\u0131k pozisyon yoktu, bu y\u00fczden farkl\u0131 bir i\u015f yapt\u0131m. Bu kasaba i\u00e7in i\u015fe al\u0131m ba\u015flad\u0131\u011f\u0131nda ba\u015fvuruda bulundum.<\/p>\n<p>&quot;\u015eu anda e\u011fitim m\u00fcd\u00fcr\u00fcn\u00fcn \u00f6nderli\u011finde Hokuryu Kasabas\u0131&#039;n\u0131n gelece\u011fini g\u00f6r\u00fc\u015f\u00fcyoruz. Hem yeti\u015fkinlerin hem de \u00e7ocuklar\u0131n keyif alabilece\u011fi, ayd\u0131nl\u0131k ve rahat bir yer olan, herkese a\u00e7\u0131k bir k\u00fct\u00fcphane olu\u015fturmay\u0131 umuyoruz,&quot; diyor Watanabe.<\/p>\n<h3>Belediye Ba\u015fkan\u0131 Sasaki Yasuhiro&#039;dan te\u015fvik<\/h3>\n<p>\u201c\u015eimdi zorunlu ilkokul ve ortaokulun a\u00e7\u0131lmas\u0131na haz\u0131rl\u0131k olarak Maarif Kurulu, K\u00fct\u00fcphane ve M\u00fcze\u2019nin birlikte yeniden yap\u0131land\u0131r\u0131lmas\u0131 planlan\u0131yor.<\/p>\n<p>Zaten haz\u0131rl\u0131k a\u015famas\u0131nday\u0131z. Bu a\u015famada bile i\u00e7imde &quot;\u00e7ocuklar\u0131n sesini duyma&quot; konusunda g\u00fc\u00e7l\u00fc bir istek var ve bunun k\u00fct\u00fcphaneye yans\u0131mas\u0131n\u0131n en iyisi olaca\u011f\u0131n\u0131 d\u00fc\u015f\u00fcn\u00fcyorum.<\/p>\n<p>&quot;Bu ortamda bu iki ki\u015fi bizi ziyaret etmeye geldi. \u00c7ocuklar\u0131n projelerinin bu kasaba halk\u0131na cesaret ve enerji verdi\u011fini ger\u00e7ekten hissediyorum. Onlardan b\u00fcy\u00fck umutlar\u0131m var. Onlar\u0131 elimizden geldi\u011fince destekleyece\u011fiz, bu y\u00fczden l\u00fctfen \u00e7ekinmeyin ve \u00f6nerilerinizi sunmaya devam edin. En \u00fcst yetkilimiz, Ba\u015fkomiser Tanaka, g\u00f6r\u00fc\u015flerinizi dikkatle dinleyecek ve buna g\u00f6re yan\u0131t verecektir,&quot; dedi Belediye Ba\u015fkan\u0131 Sasaki.<\/p>\n<h3>Shinryu \u0130lkokuluna Ta\u015f\u0131nma<\/h3>\n<p>Bu g\u00fcn, Fukagawa Polis Karakolu&#039;na ba\u011fl\u0131 Hekisui Polis Karakolu&#039;nun rehberli\u011finde ilkokulda birinci, ikinci, \u00fc\u00e7\u00fcnc\u00fc ve d\u00f6rd\u00fcnc\u00fc s\u0131n\u0131f \u00f6\u011frencilerine trafik kurallar\u0131n\u0131n deneyimlendi\u011fi &quot;A\u00e7\u0131k Hava S\u0131n\u0131f\u0131&quot; d\u00fczenlendi.<\/p>\n<figure class=\"wp-caption aligncenter\"><a href=\"https:\/\/photos.google.com\/share\/AF1QipMv9_RIticeq4rhayWQqclEMToC-HQp4c5j9XjVjye2E9JtFzs_0Q1iIq8rF_Aw3g\/photo\/AF1QipP3I-41O9_JYzpMnYuLYTA_-WIPVp2MSi8K3-A?key=azBSOThSbG1GSVFMeml5NDRBYU11ODJDa3F0VGln\" target=\"_blank\"><img decoding=\"async\" src=\"https:\/\/lh3.googleusercontent.com\/pw\/AP1GczMQgQVuK2qpg3gLiZnrdv4gSnZV1j7_qX4DXiqIBNlshEAZuEbu0DaZpa1Pf8wHGW9LVUtnCaL2yWZhzGxKCTnMjh_ET1LT5Ki0HCcz2eAFFpp8omdxZQyXiuUd7n4ivEu22yNvvfsS7MZ79y8hSYAn=w2000-h1500-s-no-gm?authuser=0\" width=\"2000\" height=\"1500\" alt=\"A\u00e7\u0131k hava s\u0131n\u0131f\u0131\" class=\"size-full\" \/><\/a><figcaption class=\"wp-caption-text\">A\u00e7\u0131k hava s\u0131n\u0131f\u0131<\/figcaption><\/figure>\n<h2>3. Yu Kumabayashi, Shinryu \u0130lkokulu M\u00fcd\u00fcr Yard\u0131mc\u0131s\u0131<\/h2>\n<figure class=\"wp-caption aligncenter\"><a href=\"https:\/\/photos.google.com\/share\/AF1QipMv9_RIticeq4rhayWQqclEMToC-HQp4c5j9XjVjye2E9JtFzs_0Q1iIq8rF_Aw3g\/photo\/AF1QipMp6x7UBANa8rCS7oXIMHTZIR2M4P3xLkD9xwk?key=azBSOThSbG1GSVFMeml5NDRBYU11ODJDa3F0VGln\" target=\"_blank\"><img decoding=\"async\" src=\"https:\/\/lh3.googleusercontent.com\/pw\/AP1GczOVP-ad_lJXy6lqV4l6d0Bxmudt4uJOYdLlpj6aLNbUtLiCxnWs9A38vDHoSOCuYAUSfY88tsJW2VJZ4ZJEObPhgBGTh86tVCY7cYsvR4NgLkjDE8ov2ff8_qHrG0P_lz2KTgHky_8_4-4-_HgZk8C6=w2000-h1333-s-no-gm?authuser=0\" width=\"2000\" height=\"1333\" alt=\"Masaru Kumabayashi, M\u00fcd\u00fcr Yard\u0131mc\u0131s\u0131, Shinryu \u0130lk\u00f6\u011fretim Okulu\" class=\"size-full\" \/><\/a><figcaption class=\"wp-caption-text\">Masaru Kumabayashi, M\u00fcd\u00fcr Yard\u0131mc\u0131s\u0131, Shinryu \u0130lk\u00f6\u011fretim Okulu<\/figcaption><\/figure>\n<p>&quot;Ben Kumabayashi Masaru (47 ya\u015f\u0131nday\u0131m) ve yak\u0131n zamanda Shinryu \u0130lkokulu&#039;nda m\u00fcd\u00fcr yard\u0131mc\u0131s\u0131 olarak yeni g\u00f6revime ba\u015flad\u0131m.<\/p>\n<p>Sapporo&#039;da do\u011fdum ve Iwamizawa&#039;da ya\u015fad\u0131m. \u015eu anda okulun yan\u0131ndaki \u00f6\u011fretmen lojman\u0131nda kal\u0131yorum.<\/p>\n<p>Beyzbol oynuyorum, bu y\u00fczden Kitary\u016b Kasabas\u0131 beyzbol tak\u0131m\u0131na kat\u0131lmak istiyorum. \u00c7ok te\u015fekk\u00fcr ederim.<\/p>\n<p>M\u00fcd\u00fcr yard\u0131mc\u0131s\u0131 olarak ilk g\u00f6revim bu oldu\u011fundan, Shinryu \u0130lkokulu&#039;ndaki \u00e7ocuklar\u0131n ya\u015fayabilmeleri ve geli\u015febilmeleri i\u00e7in elimden gelenin en iyisini yapmak istiyorum. Gelecekte \u00e7ocuklar\u0131m\u0131n b\u00fcy\u00fcmesini izlemeyi sab\u0131rs\u0131zl\u0131kla bekliyorum.<\/p>\n<p>Zorunlu e\u011fitim veren okullarda bug\u00fcne kadar ilkokulda \u00f6\u011fretilenler ortaokulda da tekrarlan\u0131yordu ama zaman zaman ikisinin de eksik kald\u0131\u011f\u0131 oluyordu. Zorunlu e\u011fitim okulu olmas\u0131yla bu sorunlar\u0131n \u00e7\u00f6z\u00fclece\u011fini ve e\u011fitimin israf olmadan, verimli bir \u015fekilde ilerleyebilece\u011fini umuyoruz.<\/p>\n<h4>Momopapa&#039;n\u0131n (takma ad) &quot;Another World Life Starting from Moss&quot; adl\u0131 kitab\u0131n\u0131n yazar\u0131 MF Books <\/h4>\n<p>Yazd\u0131\u011f\u0131m ilk kitab\u0131n fikri, \u00e7al\u0131\u015fmaya ba\u015flad\u0131ktan sonra beni bu t\u00fcrde (internet \u00fczerinden g\u00f6nderilen romanlar) bir kitapla tan\u0131\u015ft\u0131ran bir meslekta\u015f\u0131mdan geldi.<\/p>\n<p>\u00c7ok ilgimi \u00e7ekti ve bunu \u00fccretsiz olarak \u00e7evrimi\u00e7i okuyabilece\u011fim bir web sitesi vard\u0131, bu y\u00fczden en sevdi\u011fim t\u00fcrde kitaplar okumaya ba\u015flad\u0131m, ancak daha sonra okuyacak bir \u015feyim kalmad\u0131. O y\u00fczden kendim yazmay\u0131 deneyeyim dedim.<\/p>\n<p>Akl\u0131ma gelen hikaye, bir tanr\u0131n\u0131n yapt\u0131\u011f\u0131 hata sonucu ger\u00e7ekle\u015fen bir dizi reenkarnasyonla ilgili.<\/p>\n<p>Reenkarnasyonun \u00e7e\u015fitli t\u00fcrlerini d\u00fc\u015f\u00fcn\u00fcrken, bitkilerin alt\u0131nda hangi t\u00fcr\u00fcn yatt\u0131\u011f\u0131n\u0131 merak etti\u011fimde akl\u0131ma &quot;yosun&quot; geldi ve kahraman\u0131n reenkarnasyonunun ba\u015flang\u0131\u00e7 noktas\u0131n\u0131 &quot;yosun&quot; yapmaya karar verdim.<\/p>\n<p>Bu kitap \u00f6\u011fretmenler ve aileler taraf\u0131ndan \u00e7ok be\u011fenildi ve harika oldu\u011fu s\u00f6ylendi. Bu hikaye ortaokul \u00f6\u011frencilerine y\u00f6nelik olmas\u0131na ra\u011fmen, bunu okulda \u00e7ocuklardan h\u00e2l\u00e2 gizliyorum (g\u00fcl\u00fcyor),&quot; dedi M\u00fcd\u00fcr Yard\u0131mc\u0131s\u0131 Kumabayashi utanarak.<\/p>\n<p><a href=\"https:\/\/www.amazon.co.jp\/%E8%8B%94%E3%81%8B%E3%82%89%E5%A7%8B%E3%81%BE%E3%82%8B%E7%95%B0%E4%B8%96%E7%95%8C%E3%83%A9%E3%82%A4%E3%83%951-MF%E3%83%96%E3%83%83%E3%82%AF%E3%82%B9-%E3%82%82%E3%82%82%E3%81%B1%E3%81%B1\/dp\/4046841389\/ref=tmm_hrd_swatch_0?_encoding=UTF8&#038;dib_tag=se&#038;dib=eyJ2IjoiMSJ9.6O-5cg43B9Ujzxligpe7EA.144f4ofa39diuBG3ZaHjo56JOyDb-ki5ltAp-abaZBk&#038;qid=1746955032&#038;sr=1-1\" target=\"_blank\">\ud83d\udcd8\u3010Amazon\u3011<strong>Ba\u015fka Bir D\u00fcnya Hayat\u0131 Yosun 1&#039;den Ba\u015fl\u0131yor<\/strong>(MF Books) Ciltli \u2013 24 Ocak 2025 Momopapa (yazar), Muni (\u00e7izer)<\/a><\/p>\n<h3>Belediye Ba\u015fkan\u0131 Sasaki Yasuhiro&#039;dan te\u015fvik<\/h3>\n<p>&quot;Onunla bir\u00e7ok kez konu\u015fma f\u0131rsat\u0131 buldum. O harika bir insan, inan\u0131lmaz bir akademisyen ve atlet.<\/p>\n<p>\u00c7ocuklara kar\u015f\u0131 g\u00fc\u00e7l\u00fc bir bak\u0131\u015f a\u00e7\u0131s\u0131 var ve gelecekte okulda zorunlu e\u011fitimin temellerini atacak m\u00fckemmel m\u00fcd\u00fcr yard\u0131mc\u0131s\u0131 oldu\u011funu d\u00fc\u015f\u00fcn\u00fcyorum. Ger\u00e7ekten sab\u0131rs\u0131zlan\u0131yorum.<\/p>\n<p>Belediye Ba\u015fkan\u0131 Sasaki, &quot;M\u00fcd\u00fcr Yard\u0131mc\u0131s\u0131 Kumabayashi&#039;nin yazar olmas\u0131ndan da mutluluk ve heyecan duyuyorum&quot; dedi.<\/p>\n<figure class=\"wp-caption aligncenter\"><a href=\"https:\/\/photos.google.com\/share\/AF1QipMv9_RIticeq4rhayWQqclEMToC-HQp4c5j9XjVjye2E9JtFzs_0Q1iIq8rF_Aw3g\/photo\/AF1QipN39rHdMi9z7dD0r_Cmi11-Cmldnyw7qE55RkY?key=azBSOThSbG1GSVFMeml5NDRBYU11ODJDa3F0VGln\" target=\"_blank\"><img decoding=\"async\" src=\"https:\/\/lh3.googleusercontent.com\/pw\/AP1GczPY4Tc7DOTy-T1R7IYn7MHarrNO-Ad9mehkVrBWbPiyviASmK4nMWs3sohMRbSBKsqRspI1EN53uweVA7pxzmVzdaXa6z69Zi8Ow_jKBQbymyi2B1gEuG_T66DW0hUrCypunn0kBIY0X-WVJZWTgRI2=w2000-h1500-s-no-gm?authuser=0\" width=\"2000\" height=\"1500\" alt=\"Soldan sa\u011fa: Okul M\u00fcd\u00fcr\u00fc Sadao Kamata, Belediye Ba\u015fkan\u0131 Yasuhiro Sasaki ve M\u00fcd\u00fcr Yard\u0131mc\u0131s\u0131 Masaru Kumabayashi yumruklar\u0131n\u0131 havaya kald\u0131r\u0131yor!\" class=\"size-full\" \/><\/a><figcaption class=\"wp-caption-text\">Soldan sa\u011fa: Okul M\u00fcd\u00fcr\u00fc Sadao Kamata, Belediye Ba\u015fkan\u0131 Yasuhiro Sasaki ve M\u00fcd\u00fcr Yard\u0131mc\u0131s\u0131 Masaru Kumabayashi yumruklar\u0131n\u0131 havaya kald\u0131r\u0131yor!<\/figcaption><\/figure>\n<h3>Shinryu \u0130lkokulu&#039;nda hademe olarak \u00e7al\u0131\u015fan Toshio Ishikawa&#039;y\u0131 cesaretlendirmek<\/h3>\n<figure class=\"wp-caption aligncenter\"><a href=\"https:\/\/photos.google.com\/share\/AF1QipMv9_RIticeq4rhayWQqclEMToC-HQp4c5j9XjVjye2E9JtFzs_0Q1iIq8rF_Aw3g\/photo\/AF1QipMQ7-PwCJjaXZ4zfGDyHMy-vdCbJYpnEuohSeg?key=azBSOThSbG1GSVFMeml5NDRBYU11ODJDa3F0VGln\" target=\"_blank\"><img decoding=\"async\" src=\"https:\/\/lh3.googleusercontent.com\/pw\/AP1GczM9QagTHz5_mCbyf22ZNxhwCQ0e1mTFa3-yJWp5U3AJm0JYpEBaVEJxEZxKWtuhJMPzXnxHP3smq4p0WTVQ8Ow8RMxF_cbxW0W1dEf4BPkQInTNBpkO9aRQYac0UPEqtrOx5h_hFU3mdUKChXib5xlv=w2000-h1500-s-no-gm?authuser=0\" width=\"2000\" height=\"1500\" alt=\"Shinryu \u0130lkokulu&#039;nda hademe olan Toshio Ishikawa\" class=\"size-full\" \/><\/a><figcaption class=\"wp-caption-text\">Shinryu \u0130lkokulu&#039;nda hademe olan Toshio Ishikawa<\/figcaption><\/figure>\n<h3>Hokuryu Ortaokuluna Ta\u015f\u0131nma<\/h3>\n<h2>4. Takao Miyoshi, Hokuryu Ortaokulu M\u00fcd\u00fcr\u00fc<\/h2>\n<figure class=\"wp-caption aligncenter\"><a href=\"https:\/\/photos.google.com\/share\/AF1QipMv9_RIticeq4rhayWQqclEMToC-HQp4c5j9XjVjye2E9JtFzs_0Q1iIq8rF_Aw3g\/photo\/AF1QipMxB29R_jgrZ2wJRL8Ei07F39tBjEL_3CWzC3w?key=azBSOThSbG1GSVFMeml5NDRBYU11ODJDa3F0VGln\" target=\"_blank\"><img decoding=\"async\" src=\"https:\/\/lh3.googleusercontent.com\/pw\/AP1GczO1QP4N0UqPMG0WOvddX3eASbx_6-HyffJTgrrSCCwYFSVhJxwA2B0UttAVSpSW2XPz4gEBLMugoTHDSVMWJh74OxUmLEtBaRzSsMnCZTbamjJgUpVxroZsYvswD_KB83kmnV0z1-scHiXg9aULEkj9=w2000-h1333-s-no-gm?authuser=0\" width=\"2000\" height=\"1333\" alt=\"Bay Takahiro Miyoshi, Hokuryu Ortaokulu M\u00fcd\u00fcr\u00fc\" class=\"size-full\" \/><\/a><figcaption class=\"wp-caption-text\">Bay Takahiro Miyoshi, Hokuryu Ortaokulu M\u00fcd\u00fcr\u00fc<\/figcaption><\/figure>\n<p>&quot;Ben Miyoshi (56 ya\u015f\u0131nda), Hokuryu Ortaokulu m\u00fcd\u00fcr\u00fcy\u00fcm ve 1 Nisan&#039;da Uryu \u0130lkokulu&#039;ndan buraya geldim. Tsukigata Kasabas\u0131&#039;nda do\u011fdum ve Iwamizawa \u015eehri&#039;nde ya\u015f\u0131yorum.<\/p>\n<p>\u00c7ocuklar\u0131n &quot;Okul e\u011flencelidir.&quot; diye d\u00fc\u015f\u00fcnebilece\u011fi bir okul yaratmak istiyorum. Ay\u00e7i\u00e7ekleriyle \u00fcnl\u00fc bir okula atand\u0131\u011f\u0131m i\u00e7in \u00e7ok mutluyum. Deste\u011finiz i\u00e7in hepinize \u00e7ok te\u015fekk\u00fcr ederim.<\/p>\n<p>Hokuryu Kasabas\u0131 ay\u00e7i\u00e7e\u011fi ve kapl\u0131calar\u0131n oldu\u011fu bir kasaba, bu y\u00fczden \u00e7ok ya\u015fanabilir bir kasaba oldu\u011funu d\u00fc\u015f\u00fcn\u00fcyorum.<\/p>\n<p>\u00d6\u011frenciler sadece 35 ki\u015filik k\u00fc\u00e7\u00fck bir aile ama hepsi \u00e7ok \u00e7al\u0131\u015fkanlar. Bu \u00f6\u011frenciler komite faaliyetleri, temizlik gibi \u00e7e\u015fitli faaliyetlere her g\u00fcn b\u00fcy\u00fck bir \u00f6zen ve samimiyetle kat\u0131labiliyorlar.<\/p>\n<p>\u00d6\u011frencilerin kasabalar\u0131ndaki ay\u00e7i\u00e7ekleriyle ger\u00e7ekten gurur duyduklar\u0131n\u0131 hissediyorum. Okul M\u00fcd\u00fcr\u00fc Miyoshi, &quot;Bu duygunun, insan\u0131n memleketine olan \u00f6zlemini daha da art\u0131raca\u011f\u0131na inan\u0131yorum&quot; dedi.<\/p>\n<h3>Belediye Ba\u015fkan\u0131 Sasaki Yasuhiro&#039;dan te\u015fvik<\/h3>\n<figure class=\"wp-caption aligncenter\"><a href=\"https:\/\/photos.google.com\/share\/AF1QipMv9_RIticeq4rhayWQqclEMToC-HQp4c5j9XjVjye2E9JtFzs_0Q1iIq8rF_Aw3g\/photo\/AF1QipN97rCHcQkim9bLnBMrEQVdpHf1i7XPIvy3eoI?key=azBSOThSbG1GSVFMeml5NDRBYU11ODJDa3F0VGln\" target=\"_blank\"><img decoding=\"async\" src=\"https:\/\/lh3.googleusercontent.com\/pw\/AP1GczMIqHpNrFXltnmmXzdRex7txKSRW7-gXWTVYazb5YtT7mLRONDOejNNbahuRHK584x-kRLdWTSV2USAo7tm9K166FmeZN1ly4trz6DlpxqA6UvptrHMxwuiSDsFpFSlQnnf9PblV6VTAp26uxaISnbi=w2000-h1500-s-no-gm?authuser=0\" width=\"2000\" height=\"1500\" alt=\"Bay Takahiro Miyoshi, Hokuryu Ortaokulu M\u00fcd\u00fcr\u00fc\" class=\"size-full\" \/><\/a><figcaption class=\"wp-caption-text\">Takahiro Miyoshi, Hokuryu Ortaokul M\u00fcd\u00fcr\u00fc<\/figcaption><\/figure>\n<p>&quot;Nisan ay\u0131ndan beri burada ve \u00e7e\u015fitli \u015feyler hakk\u0131nda konu\u015fma f\u0131rsat\u0131m\u0131z oldu. M\u00fcd\u00fcr Miyoshi&#039;nin d\u00fc\u015f\u00fcncelerini ve kasaban\u0131n e\u011fitim konusundaki y\u00f6nelimini duyduk.<\/p>\n<p>Ge\u00e7ti\u011fimiz hafta bir \u00f6\u011fretmen e\u011fitimine de kat\u0131ld\u0131m. Ortaokul olarak ileriye do\u011fru giden bir okul olarak \u00e7ok \u00e7al\u0131\u015ft\u0131klar\u0131n\u0131 hissediyorum. \u0130lkokul ve ortaokulu bir arada okutmak i\u00e7in haz\u0131rl\u0131k d\u00f6nemine girmi\u015f bulunuyoruz, bu ba\u011flamda deste\u011finizin devam\u0131n\u0131 dileriz.<\/p>\n<p>Her y\u0131l d\u00fczenlenen Ay\u00e7i\u00e7e\u011fi Festivali&#039;nde herkesi kar\u015f\u0131layan sembol, Hokuryu Kasaba Okulu \u00f6\u011frencilerinin haz\u0131rlad\u0131\u011f\u0131 &quot;D\u00fcnya Ay\u00e7i\u00e7e\u011fi Rehberi&quot;dir. Belediye Ba\u015fkan\u0131 Sasaki, &quot;\u00d6\u011frencilerin yolculuklar\u0131na bu kadar s\u0131cak bir misafirperverlikle ba\u015flamalar\u0131ndan ve onlar\u0131 Himawari no Sato&#039;ya davet etmelerinden b\u00fcy\u00fck mutluluk duyuyorum&quot; dedi.<\/p>\n<h3>Hokuryu Belediye Binas\u0131na Ta\u015f\u0131nma<\/h3>\n<h2>5. Turizm: Masato Sakai (B\u00f6lgesel Canland\u0131rma G\u00f6n\u00fcll\u00fcs\u00fc)<\/h2>\n<figure class=\"wp-caption aligncenter\"><a href=\"https:\/\/photos.google.com\/share\/AF1QipMv9_RIticeq4rhayWQqclEMToC-HQp4c5j9XjVjye2E9JtFzs_0Q1iIq8rF_Aw3g\/photo\/AF1QipPMv6UGEy7rwrGXmAaobVQGRaqIDx6iWagr3bk?key=azBSOThSbG1GSVFMeml5NDRBYU11ODJDa3F0VGln\" target=\"_blank\"><img decoding=\"async\" src=\"https:\/\/lh3.googleusercontent.com\/pw\/AP1GczOXMPkLJpRiXegA6KOoDXK1miaib39jY5MC0d7WI2a__EittJRhi67oBrbSkt-DrurVf8q0u4UvPu0ceAHG3w-90dUx8yN40wMwKtvjywG4F8U5kk9g7xvY80DXAFKs6brM80JIS39FWtGauDeq4bgI=w2000-h1333-s-no-gm?authuser=0\" width=\"2000\" height=\"1333\" alt=\"Turizm: Yuto Sakai (B\u00f6lgesel Canland\u0131rma G\u00f6n\u00fcll\u00fcs\u00fc)\" class=\"size-full\" \/><\/a><figcaption class=\"wp-caption-text\">Turizm: Yuto Sakai (B\u00f6lgesel Canland\u0131rma G\u00f6n\u00fcll\u00fcs\u00fc)<\/figcaption><\/figure>\n<p>Benim ad\u0131m Yuto Sakai (29 ya\u015f\u0131nday\u0131m). Aslen Niigata ilindenim. \u00dc\u00e7 y\u0131l boyunca kom\u015fu kasaba Chishibetsu&#039;da yerel canland\u0131rma g\u00f6n\u00fcll\u00fcs\u00fc olarak \u00e7al\u0131\u015ft\u0131m.<\/p>\n<p>Turizmle ilgileniyorum ve bu nedenle Hokuryu Kasabas\u0131&#039;n\u0131n Himawari b\u00f6lgesindeki turizmin tan\u0131t\u0131m\u0131na katk\u0131da bulunmak istiyorum. Hokuryu Kasabas\u0131&#039;ndaki ay\u00e7i\u00e7eklerinin Kita Sorachi b\u00f6lgesi i\u00e7in \u00f6nemli bir turistik kaynak oldu\u011funa inan\u0131yorum, bu y\u00fczden i\u00e7eri girip \u00e7e\u015fitli \u015feyler \u00f6\u011frenmek istedim.<\/p>\n<p>\u0130nstagram&#039;da bilgi payla\u015f\u0131m\u0131na ba\u015flad\u0131k. Hokuryu kasabas\u0131n\u0131n her yerinde kiraz \u00e7i\u00e7ekleri a\u00e7maya ba\u015flad\u0131. Sakai, &quot;Hokuryu&#039;nun cazibeleri hakk\u0131nda daha fazla \u015fey \u00f6\u011frenmeye ve bunu yaymaya devam etmeyi umuyorum&quot; diyor.<\/p>\n<figure id=\"attachment_58278\" class=\"wp-caption aligncenter\"><a href=\"https:\/\/www.instagram.com\/sunflower_hokuryu\/\" target=\"_blank\"><img decoding=\"async\" src=\"https:\/\/portal.hokuryu.info\/wp\/wp-content\/uploads\/2025\/05\/2025-05-10-14.51.14.jpg\" alt=\"Hokuryu Kasabas\u0131 Ay\u00e7i\u00e7e\u011fi Turizm Derne\u011fi \ud83c\udf3b Instagram\" width=\"1760\" height=\"1392\" class=\"size-full wp-image-58278\" \/><figcaption class=\"wp-caption-text\">Hokuryu Kasabas\u0131 Ay\u00e7i\u00e7e\u011fi Turizm Derne\u011fi \ud83c\udf3b Instagram<\/a><\/figcaption><\/figure>\n<h3>Belediye Ba\u015fkan\u0131 Sasaki Yasuhiro&#039;dan te\u015fvik<\/h3>\n<figure class=\"wp-caption aligncenter\"><a href=\"https:\/\/photos.google.com\/share\/AF1QipMv9_RIticeq4rhayWQqclEMToC-HQp4c5j9XjVjye2E9JtFzs_0Q1iIq8rF_Aw3g\/photo\/AF1QipMCr7r1RJqnmCfPENmyhXcJsddau_PlGNqpeEw?key=azBSOThSbG1GSVFMeml5NDRBYU11ODJDa3F0VGln\" target=\"_blank\"><img decoding=\"async\" src=\"https:\/\/lh3.googleusercontent.com\/pw\/AP1GczOnJzpBFbiWXXWLV7VmZ707B3e6oqUB2hnrDCD80X4zvtnCB7JG5o-SDOXMNu7M4WhMNgIK0AVNtWafIGhWzyQSnSixT4vzkQcDbWq4fiNpwMNNctecwBo4VttvR50DReAsxp0O7M5NwacXmW-Z-Scx=w2000-h1500-s-no-gm?authuser=0\" width=\"2000\" height=\"1500\" alt=\"Belediye Ba\u015fkan\u0131 Sasaki Yasuhiro ve Yuto Sakai\" class=\"size-full\" \/><\/a><figcaption class=\"wp-caption-text\">Belediye Ba\u015fkan\u0131 Sasaki Yasuhiro ve Yuto Sakai<\/figcaption><\/figure>\n<p>&quot;Sakay Bey, Sorachi&#039;de yerel canland\u0131rma i\u015fbirli\u011fi g\u00f6n\u00fcll\u00fclerinden olu\u015fan bir a\u011f kurdu ve bu grubun temsilcisidir. Uzun zamand\u0131r kendisiyle ilgileniyorum.<\/p>\n<p>Sakai-san&#039;\u0131n Hokuryu&#039;da ay\u00e7i\u00e7e\u011fi turizmini duyurma konusunda g\u00fc\u00e7l\u00fc bir iste\u011fi vard\u0131 ve bu i\u015f i\u00e7in m\u00fckemmel ki\u015fiydi, bu y\u00fczden bu ba\u011flant\u0131y\u0131 kurabildi\u011fimiz i\u00e7in \u00e7ok mutluydum.<\/p>\n<p>Sizden en \u00e7ok istedi\u011finiz \u015fey olan turizmin canland\u0131r\u0131lmas\u0131 konusunda farkl\u0131 g\u00f6r\u00fc\u015fleri yayman\u0131z\u0131 istiyorum. \u00d6n\u00fcm\u00fczdeki d\u00f6nemde Kitary\u016b&#039;da turizmi geli\u015ftirmeye devam etmek istiyoruz. Sab\u0131rs\u0131zlan\u0131yoruz! &quot; dedi Belediye Ba\u015fkan\u0131 Sasaki.<br \/>\n\u3000<br \/>\n\n        <div class=\"site-blogcard-premium\">\n            <div class=\"bc-label-custom\">\u0130lgili makaleler<\/div>\n            <div class=\"bc-flex-container\">\n                <div class=\"bc-main-text\">\n                    <div class=\"bc-title-link-box\">\n                        <a href=\"https:\/\/sorachi-de-view.com\/sorachi\/chiikiokoshi_nw\" target=\"_blank\">[23 Haziran Pazar g\u00fcn\u00fc d\u00fczenlenen y\u00fcr\u00fcy\u00fc\u015f] Sorachi B\u00f6lgesel Yeniden Canland\u0131rma \u0130\u015fbirli\u011fi Ekibi A\u011f\u0131 Kuruldu! | Sorachi Tan\u0131t\u0131m\u0131 - Sapporo&#039;dan G\u00fcn\u00fcbirlik Geziyle Hokkaido&#039;nun Keyfini \u00c7\u0131kar\u0131n -<\/a>\n                    <\/div>\n                    <div class=\"bc-excerpt-box\">Sorachi de View, Hokkaido&#039;nun Sorachi b\u00f6lgesindeki daha az bilinen konulara de\u011finen, yerel yemek, gezi ve daha fazlas\u0131 i\u00e7in \u00f6neriler sunan yerel bir blogdur...<\/div>\n                <\/div>\n                <div class=\"bc-thumbnail-box\">\n                    <a href=\"https:\/\/sorachi-de-view.com\/sorachi\/chiikiokoshi_nw\" target=\"_blank\">\n                        <div class=\"bc-img-zoom-wrap\">\n                            <img decoding=\"async\" src=\"https:\/\/sorachi-de-view.com\/uploads\/images\/00_2024%EF%BC%88%E6%9C%88%E5%88%A5%E6%A0%BC%E7%B4%8D%EF%BC%89\/2024.6\/0606\/%E7%A9%BA%E7%9F%A5NW\/%E3%82%B5%E3%83%A0%E3%83%8D%E3%82%A4%E3%83%AB.png\" alt=\"[23 Haziran Pazar g\u00fcn\u00fc d\u00fczenlenen y\u00fcr\u00fcy\u00fc\u015f] Sorachi B\u00f6lgesel Yeniden Canland\u0131rma \u0130\u015fbirli\u011fi Ekibi A\u011f\u0131 Kuruldu! | Sorachi Tan\u0131t\u0131m\u0131 - Sapporo&#039;dan G\u00fcn\u00fcbirlik Geziyle Hokkaido&#039;nun Keyfini \u00c7\u0131kar\u0131n -\">\n                        <\/div>\n                    <\/a>\n                <\/div>\n            <\/div>\n        <\/div>\n\u3000<br \/>\n<figure class=\"wp-caption aligncenter\"><a href=\"https:\/\/photos.google.com\/share\/AF1QipMv9_RIticeq4rhayWQqclEMToC-HQp4c5j9XjVjye2E9JtFzs_0Q1iIq8rF_Aw3g\/photo\/AF1QipPg0LHsVNwjRotan_1wTJ4DKRxXS4lzd6-65UY?key=azBSOThSbG1GSVFMeml5NDRBYU11ODJDa3F0VGln\" target=\"_blank\"><img decoding=\"async\" src=\"https:\/\/lh3.googleusercontent.com\/pw\/AP1GczOeFhHsrhxyBGj-g2-Lum-_j6Zj_z6-BdmMsQ2gOAmFi9ntbRyDWaz2pz_jKBcUaqNQ9HwKNN3ynIsrwKx4LCp0t-O-t7u5b65dSVJ56RhIDexDpLVnmemofK1yzCBP0CLRtzwdTDjRtosDhxabvOhh=w2000-h1500-s-no-gm?authuser=0\" width=\"2000\" height=\"1500\" alt=\"Belediye binas\u0131 giri\u015finde ay\u00e7i\u00e7e\u011fi aranjman\u0131\" class=\"size-full\" \/><\/a><figcaption class=\"wp-caption-text\">Belediye binas\u0131 giri\u015finde ay\u00e7i\u00e7e\u011fi aranjman\u0131<\/figcaption><\/figure>\n<h2>6. Etkinlikler: Masayuki Takatsuki (B\u00f6lgesel Yeniden Canland\u0131rma G\u00f6n\u00fcll\u00fcs\u00fc)<\/h2>\n<figure class=\"wp-caption aligncenter\"><a href=\"https:\/\/photos.google.com\/share\/AF1QipMv9_RIticeq4rhayWQqclEMToC-HQp4c5j9XjVjye2E9JtFzs_0Q1iIq8rF_Aw3g\/photo\/AF1QipPONSjZIxe4mO5Tux0ZhraQeT0RhNshUgzhuhA?key=azBSOThSbG1GSVFMeml5NDRBYU11ODJDa3F0VGln\" target=\"_blank\"><img decoding=\"async\" src=\"https:\/\/lh3.googleusercontent.com\/pw\/AP1GczPhYA-dUfGRBNKFMGvoYqto98GbcEPnpHD1ZXlyqp9QrLy9Iig_jxzOzQTnOV9nIW4gHl3NqfE8a3Wm6Ef9Pb7O-tKhMpWqFGgfOnnuGnCUma3v-fiibARbkRQT84-9MxYqr5-_vqqHvJ3UV6OY6UDN=w2000-h1333-s-no-gm?authuser=0\" width=\"2000\" height=\"1333\" alt=\"Etkinlikler: Masayuki Takatsuki (B\u00f6lgesel Canland\u0131rma G\u00f6n\u00fcll\u00fcs\u00fc)\" class=\"size-full\" \/><\/a><figcaption class=\"wp-caption-text\">Etkinlikler: Masayuki Takatsuki (B\u00f6lgesel Canland\u0131rma G\u00f6n\u00fcll\u00fcs\u00fc)<\/figcaption><\/figure>\n<p>&quot;Benim ad\u0131m Takatsuki Masayuki. Tan\u0131\u015ft\u0131\u011f\u0131m\u0131za memnun oldum. Shinhidaka Kasabas\u0131&#039;ndan\u0131m. Ebetsu&#039;daki Hokkaido Bilgi \u00dcniversitesi&#039;nde okudum ve bu y\u0131l mezun oldum.<\/p>\n<p>Bu kurulu\u015fla, Hokuryu Kasabas\u0131&#039;ndaki &quot;Projeksiyon Haritalama&quot; etkinli\u011finin video prod\u00fcksiyonunda yer almam sayesinde tan\u0131\u015ft\u0131m ve bu sayede yerel canland\u0131rma i\u015fbirli\u011fi ekibinin bir \u00fcyesi olarak atanmama yol a\u00e7t\u0131.<\/p>\n<p>Ana faaliyetim sosyal medya ve etkinlik planlama gibi g\u00fc\u00e7l\u00fc y\u00f6nlerimi kullan\u0131p, bunlar\u0131 bir araya getirerek \u015fehre hareket kazand\u0131rmak olacak. &quot;\u00c7ok te\u015fekk\u00fcr ederim&quot; dedi Takatsuki.<\/p>\n\n        <div class=\"site-blogcard-premium\">\n            <div class=\"bc-label-custom\">\u0130lgili makaleler<\/div>\n            <div class=\"bc-flex-container\">\n                <div class=\"bc-main-text\">\n                    <div class=\"bc-title-link-box\">\n                        <a href=\"https:\/\/portal.hokuryu.info\/tr\/52063\/#outline_2__1_3\" target=\"_blank\">https:\/\/portal.hokuryu.info\/52063\/#outline_2__1_3<\/a>\n                    <\/div>\n                    <div class=\"bc-excerpt-box\">Sayfa bilgileri al\u0131namad\u0131.<\/div>\n                <\/div>\n                <div class=\"bc-thumbnail-box\">\n                    <a href=\"https:\/\/portal.hokuryu.info\/tr\/52063\/#outline_2__1_3\" target=\"_blank\">\n                        <div class=\"bc-img-zoom-wrap\">\n                            <img decoding=\"async\" src=\"https:\/\/portal.hokuryu.info\/wp\/wp-content\/uploads\/2026\/02\/20230802DSC06445_1.jpg\" alt=\"https:\/\/portal.hokuryu.info\/52063\/#outline_2__1_3\">\n                        <\/div>\n                    <\/a>\n                <\/div>\n            <\/div>\n        <\/div>\n\n        <div class=\"site-blogcard-premium\">\n            <div class=\"bc-label-custom\">\u0130lgili makaleler<\/div>\n            <div class=\"bc-flex-container\">\n                <div class=\"bc-main-text\">\n                    <div class=\"bc-title-link-box\">\n                        <a href=\"https:\/\/portal.hokuryu.info\/tr\/57372\/#outline_1__1_1\" target=\"_blank\">https:\/\/portal.hokuryu.info\/57372\/#outline_1__1_1<\/a>\n                    <\/div>\n                    <div class=\"bc-excerpt-box\">Sayfa bilgileri al\u0131namad\u0131.<\/div>\n                <\/div>\n                <div class=\"bc-thumbnail-box\">\n                    <a href=\"https:\/\/portal.hokuryu.info\/tr\/57372\/#outline_1__1_1\" target=\"_blank\">\n                        <div class=\"bc-img-zoom-wrap\">\n                            <img decoding=\"async\" src=\"https:\/\/portal.hokuryu.info\/wp\/wp-content\/uploads\/2026\/02\/20230802DSC06445_1.jpg\" alt=\"https:\/\/portal.hokuryu.info\/57372\/#outline_1__1_1\">\n                        <\/div>\n                    <\/a>\n                <\/div>\n            <\/div>\n        <\/div>\n\u3000<br \/>\n<figure class=\"wp-caption aligncenter\"><a href=\"https:\/\/photos.google.com\/share\/AF1QipMv9_RIticeq4rhayWQqclEMToC-HQp4c5j9XjVjye2E9JtFzs_0Q1iIq8rF_Aw3g\/photo\/AF1QipOR1WWJowJZFOfhKMvgg9PZMwziZNBDJiLpyI0?key=azBSOThSbG1GSVFMeml5NDRBYU11ODJDa3F0VGln\"><img decoding=\"async\" src=\"https:\/\/lh3.googleusercontent.com\/pw\/AP1GczP2QBSipZ_GXcrCiI_JLIewWj2Cd-jRuVlXUJRfYYik651q5vL7wxDPj7DPGgwWw8lP-bH7OLV3o-aaGptyZzIAtTj-tCYKSVY_3dlY3g3cDjlkgtL_yqQfYRwBd_CbXlvE7a82bH6hrJq8AaLA5jEG=w2000-h1333-s-no-gm?authuser=0\" width=\"2000\" height=\"1333\" alt=\"Takatsuki taraf\u0131ndan olu\u015fturulan &quot;Mimarl\u0131k teknik i\u015f al\u0131m posteri&quot;\" class=\"size-full\" \/><\/a><figcaption class=\"wp-caption-text\">Takatsuki taraf\u0131ndan olu\u015fturulan &quot;Mimarl\u0131k teknik i\u015f al\u0131m posteri&quot;<\/figcaption><\/figure>\n<h2>7. Etkinlikler: Tsubasa Niida (B\u00f6lgesel Canland\u0131rma G\u00f6n\u00fcll\u00fcs\u00fc)<\/h2>\n<figure class=\"wp-caption aligncenter\"><a href=\"https:\/\/photos.google.com\/share\/AF1QipMv9_RIticeq4rhayWQqclEMToC-HQp4c5j9XjVjye2E9JtFzs_0Q1iIq8rF_Aw3g\/photo\/AF1QipNlExCIyY42ZvCPSS_Fp_3cesy6VqdvZXFWoLM?key=azBSOThSbG1GSVFMeml5NDRBYU11ODJDa3F0VGln\" target=\"_blank\"><img decoding=\"async\" src=\"https:\/\/lh3.googleusercontent.com\/pw\/AP1GczM7ke7Webq-MmN1NfWQl6elQygI7MlWnD-AnZxPzI2xtw-dRPaMv5RueeZwHjNH_glmnEbjtnNZAeCFDnM5p4sqoOeVPKp8_l7UPu3YLWhpTNo7FqrHw7QJgNcyv3wdpUqBbBeMr6drjhnDxZmTWzMU=w2000-h1333-s-no-gm?authuser=0\" width=\"2000\" height=\"1333\" alt=\"Etkinlik personeli: Tsubasa Arata (B\u00f6lgesel canland\u0131rma i\u015fbirli\u011fi ekibi \u00fcyesi)\" class=\"size-full\" \/><\/a><figcaption class=\"wp-caption-text\">Etkinlik personeli: Tsubasa Arata (B\u00f6lgesel canland\u0131rma i\u015fbirli\u011fi ekibi \u00fcyesi)<\/figcaption><\/figure>\n<p>&quot;Ad\u0131m Tsubasa Arata. Chitose \u015eehri&#039;nde do\u011fdum ve b\u00fcy\u00fcd\u00fcm. Takatsuki gibi ben de bu y\u0131l Hokkaido Bilgi \u00dcniversitesi&#039;nden mezun oldum. Hokuryu Kasabas\u0131 ile \u00fcniversite seminer faaliyetlerim arac\u0131l\u0131\u011f\u0131yla tan\u0131\u015ft\u0131m ve burada yerel canland\u0131rma g\u00f6n\u00fcll\u00fcs\u00fc olarak \u00e7al\u0131\u015fma f\u0131rsat\u0131 buldum.<\/p>\n<p>Amac\u0131m Hokuryu Kasabas\u0131&#039;n\u0131 d\u00fcnya \u00e7ap\u0131nda tan\u0131nan bir kasaba haline getirmek. Te\u015fekk\u00fcrler.<\/p>\n<h4>Tayland Krall\u0131\u011f\u0131 Lopburi Eyaleti ile karde\u015f \u015fehir plan\u0131<\/h4>\n<p>Gelecek i\u00e7in b\u00fcy\u00fck planlar\u0131m\u0131zdan biri de Tayland Krall\u0131\u011f\u0131&#039;ndaki Hokuryu Kasabas\u0131 ile Lopburi Eyaleti aras\u0131nda karde\u015f \u015fehir ili\u015fkisi kurmakt\u0131r.<\/p>\n<p>Bunun bir nedeni de Tayland&#039;\u0131n Lopburi ilinin Tayland&#039;daki en b\u00fcy\u00fck ay\u00e7i\u00e7e\u011fi \u00fcretim alan\u0131 olmas\u0131 (1.600 hektar) ve kas\u0131m ay\u0131ndan ocak ay\u0131na kadar \u00fc\u00e7 ay boyunca ay\u00e7i\u00e7e\u011finin \u00e7i\u00e7ek a\u00e7t\u0131\u011f\u0131 d\u00fcnyaca \u00fcnl\u00fc bir turizm merkezi olmas\u0131d\u0131r.<\/p>\n<p>Bir di\u011fer sebep ise Tayland&#039;daki \u00fcniversitelerle ba\u011flant\u0131lar\u0131m\u0131n olmas\u0131.<br \/>\nHokkaido Bilgi \u00dcniversitesi, Tayland Krall\u0131\u011f\u0131&#039;ndaki Rajamangala Teknoloji \u00dcniversitesi Thanyaburi (RMUTT) ile kar\u015f\u0131l\u0131kl\u0131 \u00f6\u011frenci de\u011fi\u015fimi yoluyla uluslararas\u0131 bir de\u011fi\u015fim program\u0131 y\u00fcr\u00fct\u00fcyor. Bu programa de\u011fi\u015fim \u00f6\u011frencisi olarak kat\u0131l\u0131yorum ve \u00fcniversitedeki hocalar ve \u00f6\u011frencilerle etkile\u015fim kurma f\u0131rsat\u0131 buldum.<\/p>\n<p>Arai, g\u00f6rkemli vizyonundan heyecanla bahsederken, &quot;Bu ba\u011flant\u0131 arac\u0131l\u0131\u011f\u0131yla, d\u00f6rt taraf - Hokuryu Kasabas\u0131, Hokkaido Bilgi \u00dcniversitesi, RMUTT ve Lopburi Eyaleti - aras\u0131ndaki i\u015fbirli\u011fi yoluyla uluslararas\u0131 de\u011fi\u015fimi ger\u00e7ekle\u015ftirmeyi hedefliyorum. Bu kapsamda tar\u0131msal teknoloji de\u011fi\u015fimi, \u00e7ocuklar i\u00e7in yurtd\u0131\u015f\u0131nda k\u00fclt\u00fcrleraras\u0131 e\u011fitim ve ay\u00e7i\u00e7e\u011fi turizmi i\u015fletmeleri konusunda bilgi al\u0131\u015fveri\u015fi vb. ger\u00e7ekle\u015ftirilecek ve bunu \u00f6n\u00fcm\u00fczdeki \u00fc\u00e7 y\u0131l boyunca temam haline getirece\u011fim&quot; dedi.<br \/>\n\u3000<br \/>\n\n\u3000<br \/>\n\n\u3000<br \/>\n<figure id=\"attachment_58274\" class=\"wp-caption aligncenter\"><a href=\"https:\/\/www.do-johodai.ac.jp\/international\/\" target=\"_blank\"><img decoding=\"async\" src=\"https:\/\/portal.hokuryu.info\/wp\/wp-content\/uploads\/2025\/05\/2025-05-10-14.36.51.jpg\" alt=\"Hokkaido Bilgi \u00dcniversitesi - Uluslararas\u0131 De\u011fi\u015fim &quot;Rajamangala Teknoloji \u00dcniversitesi Thanyaburi (RMUTT)&quot;\" width=\"2400\" height=\"1358\" class=\"size-full wp-image-58274\" style=\"border:solid 1px blue\"\/><figcaption class=\"wp-caption-text\">Hokkaido Bilgi \u00dcniversitesi - Uluslararas\u0131 De\u011fi\u015fim &quot;Rajamangala Teknoloji \u00dcniversitesi Thanyaburi (RMUTT)&quot;<\/a><\/figcaption><\/figure>\n<h3>Belediye Ba\u015fkan\u0131 Sasaki Yasuhiro&#039;dan te\u015fvik<\/h3>\n<figure class=\"wp-caption aligncenter\"><a href=\"https:\/\/photos.google.com\/share\/AF1QipMv9_RIticeq4rhayWQqclEMToC-HQp4c5j9XjVjye2E9JtFzs_0Q1iIq8rF_Aw3g\/photo\/AF1QipNUBHLivmSl0KibjQsn98_arKYLW4G-zAJAn6E?key=azBSOThSbG1GSVFMeml5NDRBYU11ODJDa3F0VGln\" target=\"_blank\"><img decoding=\"async\" src=\"https:\/\/lh3.googleusercontent.com\/pw\/AP1GczM6_6Ksofhj_vKLnwHSPeiR-tK4eblm55cPHQ9pQX5KljjQfk3empTs3D5Ys8whkWlHgOSeO4B_UT_pW0DTsxX84J6dpk0BnWJPk0GtY3xqSCcg0A3wn_wUJDU3-AKx6U-PfEkD7gB5kFo8ym1x01Eg=w2000-h1500-s-no-gm?authuser=0\" width=\"2000\" height=\"1500\" alt=\"Tsubasa Arai ve Masayuki Takatsuki\" class=\"size-full\" \/><\/a><figcaption class=\"wp-caption-text\">Tsubasa Arai ve Masayuki Takatsuki<\/figcaption><\/figure>\n<p>&quot;\u00dc\u00e7 d\u00f6rt y\u0131ld\u0131r etkinlikler arac\u0131l\u0131\u011f\u0131yla her ikisiyle de ileti\u015fim halindeyim. Bilgi Bilimleri Fak\u00fcltesi&#039;ndeki bir\u00e7ok \u00f6\u011frenciyle g\u00f6r\u00fc\u015ft\u00fcm.<\/p>\n<p>Uzun zamand\u0131r bu enerjik \u00f6\u011frencileri Hokuryu Kasabas\u0131na nas\u0131l getirebilece\u011fimizi d\u00fc\u015f\u00fcn\u00fcyordum. Bu nedenle kendisini yerel canland\u0131rma i\u015fbirli\u011fi ekibi \u00fcyesi olarak getirme fikri akl\u0131m\u0131za geldi ve bunu eski ba\u015fkan Nishihira Jun&#039;a (\u015fimdiki ba\u015fkan Watanabe Shigeto) \u00f6nerdi\u011fimizde memnun oldu ve g\u00f6r\u00fc\u015fmeler ilerledi.<\/p>\n<p>Asl\u0131nda bu kasabada sonsuza kadar ya\u015famak ve geli\u015fmesine katk\u0131da bulunmak isterdim. Ancak her ikisinin de bunu kariyer olarak kullan\u0131p daha b\u00fcy\u00fck ve heyecan verici \u015feylere do\u011fru ilerleme h\u0131rs\u0131 var, bu y\u00fczden onlar\u0131n gelecekteki potansiyellerini desteklemek istiyoruz.<\/p>\n<p>\u00dc\u00e7 y\u0131l sonra Hokuryu Kasabas\u0131&#039;ndan ayr\u0131lsan\u0131z bile, buras\u0131n\u0131n ikinci eviniz oldu\u011funu unutmayaca\u011f\u0131n\u0131z\u0131, buray\u0131 tan\u0131tmaya ve buradaki faaliyetlere kat\u0131lmaya devam edece\u011finizi umuyoruz.<\/p>\n<p>Yeteneklerinizi, potansiyelinizin kasaban\u0131n potansiyeliyle \u00f6rt\u00fc\u015fecek \u015fekilde kullanman\u0131z\u0131 dilerim. Sab\u0131rs\u0131zlan\u0131yorum.<\/p>\n<p>Bu sefer Takatsuki&#039;den hemen bir &quot;Mimarl\u0131k Teknisyeni \u0130\u015fe Alma Posteri&quot; haz\u0131rlamas\u0131n\u0131 istedik. Bu posteri d\u00fcn Hokkaido Bilim \u00dcniversitesi&#039;ne (Sapporo) g\u00f6t\u00fcrd\u00fcm ve \u00e7ok be\u011fenildi! &quot;<\/p>\n<h3>Belediye binas\u0131n\u0131n hademesi Koji Takahashi<\/h3>\n<p>Sonunda belediye binas\u0131n\u0131n temizlik g\u00f6revlisi Mitsuji Takahashi ve sar\u0131 sunucuyla birlikte herkes g\u00fcl\u00fcms\u00fcyor! ! !<\/p>\n<figure class=\"wp-caption aligncenter\"><a href=\"https:\/\/photos.google.com\/share\/AF1QipMv9_RIticeq4rhayWQqclEMToC-HQp4c5j9XjVjye2E9JtFzs_0Q1iIq8rF_Aw3g\/photo\/AF1QipNqvFGfgkcgrsRvIHo4CAk7uOk6kVU51WhFiYI?key=azBSOThSbG1GSVFMeml5NDRBYU11ODJDa3F0VGln\" target=\"_blank\"><img decoding=\"async\" src=\"https:\/\/lh3.googleusercontent.com\/pw\/AP1GczPb1ZYvF8iKeWq65TQIqmxf7iAlnyyRcs2lJVVR1m2HskqNqzXxUkQTJ58s7oOF3oPUGromOZfwAQ6lPlwZFr-vedL5eWAkLatSZIyM1L-ND2EA4t6duM01gSh50VJGAWB2yiRgQXkzrZlkrkQQ7jMI=w2000-h1500-s-no-gm?authuser=0\" width=\"2000\" height=\"1500\" alt=\"Belediye binas\u0131n\u0131n hademesi Bay Ishikawa, sar\u0131 posta kutusunun etraf\u0131nda duruyor. . .\" class=\"size-full\" \/><\/a><figcaption class=\"wp-caption-text\">Belediye binas\u0131n\u0131n hademesi Bay Ishikawa, sar\u0131 posta kutusunun etraf\u0131nda duruyor. . .<\/figcaption><\/figure>\n<p>Hokuryu Kasabas\u0131, aralar\u0131nda Hokuryu Ortaokulu&#039;nun yeni atanan m\u00fcd\u00fcr\u00fc ve Shinryu \u0130lkokulu&#039;nun m\u00fcd\u00fcr yard\u0131mc\u0131s\u0131 da bulunan be\u015f g\u00fcvenilir yerel canland\u0131rma i\u015fbirli\u011fi ekibi \u00fcyesini a\u011f\u0131rlad\u0131 ve bu insanlar\u0131n her birinin tutkusunun titre\u015fimleri kasaban\u0131n her yerine yay\u0131l\u0131yor! ! !<\/p>\n<p>Hokuryu Kasabas\u0131&#039;n\u0131n gelecekte daha da geli\u015fmesi ve alt\u0131n parlakl\u0131\u011f\u0131na ula\u015fmas\u0131 i\u00e7in s\u0131n\u0131rs\u0131z sevgi, \u015f\u00fckran ve dualar\u0131m\u0131zla, entegre bir ilkokul ve ortaokul zorunlu e\u011fitim sistemi kurmak i\u00e7in b\u00fcy\u00fck reformlar planlanmaktad\u0131r. . .<\/p>\n<figure class=\"wp-caption aligncenter\"><a href=\"https:\/\/photos.google.com\/share\/AF1QipMv9_RIticeq4rhayWQqclEMToC-HQp4c5j9XjVjye2E9JtFzs_0Q1iIq8rF_Aw3g\/photo\/AF1QipPMaG4uswg1QURNeYlgxCYZXPpfJ5MQ4FvPxJ0?key=azBSOThSbG1GSVFMeml5NDRBYU11ODJDa3F0VGln\" target=\"_blank\"><img decoding=\"async\" src=\"https:\/\/lh3.googleusercontent.com\/pw\/AP1GczOkK-ftt2czJlNeNPYT46EW_iNLF-DzfcZi34wdLWr6ViDLCyV3CcUKSM7bzfNQ8bZQjXN8gdXAAGaRaX-dXRSL0X3HJ4vNPMgI1qRdrfGRfhqABLsei0WQ4wu2LBLl-AYqPsOruGMR-07ZjibQxPiL=w2000-h1500-s-no-gm?authuser=0\" width=\"2000\" height=\"1500\" alt=\"Toplum merkezinin \u00f6n\u00fcndeki kutsal orman ve a\u011fa\u00e7lar\" class=\"size-full\" \/><\/a><figcaption class=\"wp-caption-text\">Toplum merkezinin \u00f6n\u00fcndeki kutsal orman ve a\u011fa\u00e7lar<\/figcaption><\/figure>\n<h2>Di\u011fer foto\u011fraflar<\/h2>\n<div class=\"img-move\"><img decoding=\"async\" style=\"vertical-align: middle;\" src=\"https:\/\/ehokkaido.net\/wp-content\/uploads\/2021\/12\/2021-12-06-11.41.12.png\" \/> <a href=\"https:\/\/photos.app.goo.gl\/JdcnS4C9MPqzCaHW6\" target=\"_blank\" rel=\"noopener noreferrer\">Belediye Ba\u015fkan\u0131 Sasaki Yasuhiro ve Hokuryu Kasabas\u0131 Cazibe Ke\u015ffi&#039;nin 2025 y\u0131l\u0131 foto\u011fraflar\u0131 (275 foto\u011fraf) burada &gt;&gt;<\/a><\/div>\n<h2>\u0130lgili makaleler<\/h2>\n\n        <div class=\"site-blogcard-premium\">\n            <div class=\"bc-label-custom\">\u0130lgili makaleler<\/div>\n            <div class=\"bc-flex-container\">\n                <div class=\"bc-main-text\">\n                    <div class=\"bc-title-link-box\">\n                        <a href=\"https:\/\/portal.hokuryu.info\/tr\/kategori\/kamu-gorevlisi\/sasaki-yasuhiro-belediye-baskani\/teftis-turu\/\" target=\"_blank\">Hokuryu Kasabas\u0131n\u0131n B\u00fcy\u00fcs\u00fcn\u00fc Ke\u015ffetmek (kategori)<\/a>\n                    <\/div>\n                    <div class=\"bc-excerpt-box\">Bu, Belediye Ba\u015fkan\u0131 Sasaki Yasuhiro&#039;nun kasaban\u0131n cazibelerini aray\u0131\u015f\u0131n\u0131 anlatan bir makaledir.\n<\/div>\n                <\/div>\n                <div class=\"bc-thumbnail-box\">\n                    <a href=\"https:\/\/portal.hokuryu.info\/tr\/kategori\/kamu-gorevlisi\/sasaki-yasuhiro-belediye-baskani\/teftis-turu\/\" target=\"_blank\">\n                        <div class=\"bc-img-zoom-wrap\">\n                            <img decoding=\"async\" src=\"https:\/\/portal.hokuryu.info\/wp\/wp-content\/uploads\/2026\/02\/20230802DSC06445_1.jpg\" alt=\"Hokuryu Kasabas\u0131n\u0131n B\u00fcy\u00fcs\u00fcn\u00fc Ke\u015ffetmek (kategori)\">\n                        <\/div>\n                    <\/a>\n                <\/div>\n            <\/div>\n        <\/div>\n\u3000<br \/>\n\u25c7 <a href=\"https:\/\/portal.hokuryu.info\/tr\/38127\/#outline_1__7_2_1\">Foto\u011fraf\u00e7\u0131l\u0131k, d\u00fczenleme ve web sitesi y\u00f6netimi: Noboru Terauchi Yazar: Ikuko Terauchi<\/a><\/p>","protected":false},"excerpt":{"rendered":"<p>\uff12\uff10\uff12\uff15\u5e74\uff15\u6708\uff11\uff12\u65e5\uff08\u6708\uff09 \uff15\u6708\uff18\u65e5\uff08\u6728\uff09\u3001\u4f50\u3005\u6728\u753a\u9577\u306e\u753a\u5185\u9b45\u529b\u63a2\u3057\u304c\u884c\u308f\u308c\u307e\u3057\u305f\u3002\uff15\u6708\u306f\u3001\u65b0\u3057\u304f\u8d74\u4efb\u3055\u308c\u305f\u3001\u5317\u7adc\u4e2d\u5b66\u6821\u30fb\u4e09\u597d\u8003\u592e \u6821\u9577\u3001\u771f\u7adc\u5c0f\u5b66\u6821\u30fb\u718a\u6797\u512a \u6559\u982d\u3001\u5730\u57df\u304a\u3053\u3057\u5354\u529b\u968a\u54e1\u3068\u3057\u3066\u5c31\u4efb\u3055\u308c\u305f\uff14 [&hellip;]<\/p>\n","protected":false},"author":1,"featured_media":58394,"comment_status":"open","ping_status":"open","sticky":false,"template":"","format":"standard","meta":{"footnotes":""},"categories":[4,84,75],"tags":[],"class_list":["post-58214","post","type-post","status-publish","format-standard","has-post-thumbnail","hentry","category-cover-story","category-inspectiontour","category-sasaki-yasuhiro-mayor"],"_links":{"self":[{"href":"https:\/\/portal.hokuryu.info\/tr\/wp-json\/wp\/v2\/posts\/58214","targetHints":{"allow":["GET"]}}],"collection":[{"href":"https:\/\/portal.hokuryu.info\/tr\/wp-json\/wp\/v2\/posts"}],"about":[{"href":"https:\/\/portal.hokuryu.info\/tr\/wp-json\/wp\/v2\/types\/post"}],"author":[{"embeddable":true,"href":"https:\/\/portal.hokuryu.info\/tr\/wp-json\/wp\/v2\/users\/1"}],"replies":[{"embeddable":true,"href":"https:\/\/portal.hokuryu.info\/tr\/wp-json\/wp\/v2\/comments?post=58214"}],"version-history":[{"count":4,"href":"https:\/\/portal.hokuryu.info\/tr\/wp-json\/wp\/v2\/posts\/58214\/revisions"}],"predecessor-version":[{"id":68545,"href":"https:\/\/portal.hokuryu.info\/tr\/wp-json\/wp\/v2\/posts\/58214\/revisions\/68545"}],"wp:featuredmedia":[{"embeddable":true,"href":"https:\/\/portal.hokuryu.info\/tr\/wp-json\/wp\/v2\/media\/58394"}],"wp:attachment":[{"href":"https:\/\/portal.hokuryu.info\/tr\/wp-json\/wp\/v2\/media?parent=58214"}],"wp:term":[{"taxonomy":"category","embeddable":true,"href":"https:\/\/portal.hokuryu.info\/tr\/wp-json\/wp\/v2\/categories?post=58214"},{"taxonomy":"post_tag","embeddable":true,"href":"https:\/\/portal.hokuryu.info\/tr\/wp-json\/wp\/v2\/tags?post=58214"}],"curies":[{"name":"wp","href":"https:\/\/api.w.org\/{rel}","templated":true}]}}