{"id":57984,"date":"2025-05-02T13:36:53","date_gmt":"2025-05-02T04:36:53","guid":{"rendered":"https:\/\/portal.hokuryu.info\/?p=57984"},"modified":"2025-05-22T08:14:32","modified_gmt":"2025-05-21T23:14:32","slug":"fy2025-hokuryu-arazi-gelistirme-bolgesi-edaibetsu-baraji-su-acilis-toreni","status":"publish","type":"post","link":"https:\/\/portal.hokuryu.info\/tr\/57984\/","title":{"rendered":"2025 y\u0131l\u0131nda Hokuryu Arazi Geli\u015ftirme B\u00f6lgesi &quot;Edaibetsu Baraj\u0131 Su A\u00e7\u0131l\u0131\u015f T\u00f6reni&quot;nde iyi bir hasat ve g\u00fcvenlik i\u00e7in dua ediyoruz"},"content":{"rendered":"<p>Cuma, 2 May\u0131s 2025<\/p>\n<p>Saat 14:00&#039;te Per\u015fembe g\u00fcn\u00fc, 1 May\u0131s&#039;ta, bahar g\u00fcne\u015finin parlak bir \u015fekilde parlad\u0131\u011f\u0131 ve ferahlat\u0131c\u0131 bir esintinin esti\u011fi bir zamanda, Kitary\u016b Arazi Geli\u015ftirme B\u00f6lgesi (Ba\u015fkan Fukase Junichi) taraf\u0131ndan 2025 &quot;Eitaibe Baraj\u0131 Suyu A\u00e7\u0131l\u0131\u015f T\u00f6reni&quot; t\u00f6renle ger\u00e7ekle\u015ftirildi.<\/p>\n<h2>Etaibetsu Baraj\u0131<\/h2>\n<figure class=\"wp-caption aligncenter\"><a href=\"https:\/\/photos.google.com\/share\/AF1QipMozQvVtuKoz6NYNNoWhbGuCPMANZuu9bcPjQ85SkPxIlMO7u1E9RycQR_TCM957A\/photo\/AF1QipO8xJ6kOhEk6LzheYDCgcTfRgpEeS8WnYpRy-s?key=eDh5X3p3TFcxRllGRUJoeWRDMXJCWEtuNjhINzdn\" target=\"_blank\"><img decoding=\"async\" src=\"https:\/\/lh3.googleusercontent.com\/pw\/AP1GczN7tEVpGLajY0WT7IszxJqna6vf7ny5AgIh8lqdND_w9bsIgxFjvJKuDgF2gX-eq7CwkgByrgbDV9q8-eJVcELuF1atzwPakA4GA1-FNWxKL5mDxzfpZch8sCkxTm8ys4Nn7sSXeswLsOF_PZAvL8dD=w2000-h1500-s-no-gm?authuser=1\" width=\"2000\" height=\"1500\" alt=\"Etaibe Baraj\u0131 eriyen karla doldu\" class=\"size-full\" \/><\/a><figcaption class=\"wp-caption-text\">Etaibe Baraj\u0131 eriyen karla doldu<\/figcaption><\/figure>\n<p>Keidaibetsu Baraj\u0131, erimi\u015f su veya ya\u011fmur suyunu depolayarak, \u00e7ift\u00e7ilik sezonu boyunca (May\u0131s-Ekim) kasabadaki yakla\u015f\u0131k 2.300 hektarl\u0131k tar\u0131m arazisine tar\u0131msal su sa\u011fl\u0131yor.<\/p>\n<p>Bu baraj, pirin\u00e7 ekimi i\u00e7in gerekli olan bol suyu sa\u011flamak ve ayn\u0131 zamanda ta\u015fk\u0131n kontrol\u00fc yoluyla \u00e7e\u015fitli tesislere gelebilecek zarar\u0131 \u00f6nlemek amac\u0131yla 1953 (Showa 28) ile 1967 (Showa 42) y\u0131llar\u0131 aras\u0131nda 13 y\u0131ll\u0131k bir s\u00fcre zarf\u0131nda in\u015fa edilmi\u015ftir.<\/p>\n<figure class=\"wp-caption aligncenter\"><a href=\"https:\/\/photos.google.com\/share\/AF1QipMozQvVtuKoz6NYNNoWhbGuCPMANZuu9bcPjQ85SkPxIlMO7u1E9RycQR_TCM957A\/photo\/AF1QipPZtUnrRpEl-hXkr1fhAo9OBzHermqTGV8HnaI?key=eDh5X3p3TFcxRllGRUJoeWRDMXJCWEtuNjhINzdn\" target=\"_blank\"><img decoding=\"async\" src=\"https:\/\/lh3.googleusercontent.com\/pw\/AP1GczNWbX1ZClZ9BGsGp26cAd6z6JYMJBIFJCdBQfAoHsJFLYxlZXaDOaxx2tArsg3qvoYnhMYhdk7wJgRKqUj0qWCYELvH8g02OZKdJi5J4tnDAbUVuLwyI75P67mEyT2bqplT7SqZphiMnZTcyJSXEm7t=w2000-h1500-s-no-gm?authuser=0\" width=\"2000\" height=\"1500\" alt=\"Etaibetsu Baraj\u0131&#039;nda hala kar ya\u011f\u0131\u015f\u0131 var\" class=\"size-full\" \/><\/a><figcaption class=\"wp-caption-text\">Etaibetsu Baraj\u0131<\/figcaption><\/figure>\n<figure class=\"wp-caption aligncenter\"><a href=\"https:\/\/photos.google.com\/share\/AF1QipMozQvVtuKoz6NYNNoWhbGuCPMANZuu9bcPjQ85SkPxIlMO7u1E9RycQR_TCM957A\/photo\/AF1QipNOLCGFKg2uEB36phsjqcfif57yXwBtqij3Jkk?key=eDh5X3p3TFcxRllGRUJoeWRDMXJCWEtuNjhINzdn\" target=\"_blank\"><img decoding=\"async\" src=\"https:\/\/lh3.googleusercontent.com\/pw\/AP1GczOEYjcXBCEp2Ckr2EH8JR3-q3uo5AQ6d5xy3cVMuzQAXOqGiznRb5Os32UYr4_6ILAEIVTv3umhY8zsR20mfWSk6S1JH4mKy9HPtVj7_DiMT5k8nh83FklvPnCqpBfEjkch-G3Z_M7Nw7tfDQvL9uiq=w2000-h1500-s-no-gm?authuser=0\" width=\"2000\" height=\"1500\" alt=\"Belediye Ba\u015fkan\u0131 Sasaki, Etaibe Baraj\u0131&#039;n\u0131n bol sular\u0131n\u0131 g\u00f6zetliyor\" class=\"size-full\" \/><\/a><figcaption class=\"wp-caption-text\">Belediye Ba\u015fkan\u0131 Sasaki, Etaibe Baraj\u0131&#039;n\u0131n bol sular\u0131n\u0131 g\u00f6zetliyor<\/figcaption><\/figure>\n<h2>Su ge\u00e7i\u015f tipi<\/h2>\n<p>Su a\u00e7ma t\u00f6reni s\u0131ras\u0131nda, derin kar alt\u0131nda kapat\u0131lan t\u00fcrbe a\u00e7\u0131l\u0131r ve gelecek y\u0131l iyi bir hasat ve g\u00fcvenlik i\u00e7in dua olarak pirin\u00e7, tuz, sake, bal\u0131k, sebze, meyve, tatl\u0131 vb. yiyecekler sunulur.<\/p>\n<h3>Ana MC: Shota Kagawa, Genel \u0130\u015fler B\u00f6l\u00fcm\u00fc, Hokuryu Toprak Geli\u015ftirme B\u00f6lgesi<\/h3>\n<p>T\u00f6ren, Hokuriku Toprak Geli\u015ftirme B\u00f6lgesi Genel \u0130\u015fler Dairesi Ba\u015fkan\u0131 Shota Kagawa taraf\u0131ndan t\u00f6ren y\u00f6neticisi olarak ciddi bir \u015fekilde y\u00f6netildi.<\/p>\n<figure class=\"wp-caption aligncenter\"><a href=\"https:\/\/photos.google.com\/share\/AF1QipMozQvVtuKoz6NYNNoWhbGuCPMANZuu9bcPjQ85SkPxIlMO7u1E9RycQR_TCM957A\/photo\/AF1QipP-BLeUOockQeXHRBtcnJYyocSFRW9FU43xiIY?key=eDh5X3p3TFcxRllGRUJoeWRDMXJCWEtuNjhINzdn\" target=\"_blank\"><img decoding=\"async\" src=\"https:\/\/lh3.googleusercontent.com\/pw\/AP1GczMTKjiCjJU1R_qbHWFORv5JLqXGhO0jFusBXltrCm3HY9jh0J7tmC3mFpvZjQLz4t5CN1tpXgBH15erGLvRnZyeyCO51at12vvUebtPqUJU-gayYHdyY0G6vxY1bh5E4xoS8gb7cT_GMSpRjuYEj08D=w2000-h1500-s-no-gm?authuser=0\" width=\"2000\" height=\"1500\" alt=\"Teklifler\" class=\"size-full\" \/><\/a><figcaption class=\"wp-caption-text\">Teklifler<\/figcaption><\/figure>\n<figure class=\"wp-caption aligncenter\"><a href=\"https:\/\/photos.google.com\/share\/AF1QipMozQvVtuKoz6NYNNoWhbGuCPMANZuu9bcPjQ85SkPxIlMO7u1E9RycQR_TCM957A\/photo\/AF1QipO6vTaOtM77IJbK93oFhAUaNAkhU4rNlzM77Ws?key=eDh5X3p3TFcxRllGRUJoeWRDMXJCWEtuNjhINzdn\" target=\"_blank\"><img decoding=\"async\" src=\"https:\/\/lh3.googleusercontent.com\/pw\/AP1GczNbPOJPim3NkgZIpxGDwrbW5Wh4Ba0Cw0p4eHVWPNRwjs6WYvnbzsXwqfDesGpkN-cEyUk4nlZIZdHWdVal20mS9VNpyN9trOBiokzITH3VMiLYX1HYAYSVv73-ilsdVA1Z2ro2pN9MW9OnwPxcPn1Y=w2000-h1500-s-no-gm?authuser=0\" width=\"2000\" height=\"1500\" alt=\"Ciddi bir \u015fekilde kutsanm\u0131\u015f bir t\u00fcrbe\" class=\"size-full\" \/><\/a><figcaption class=\"wp-caption-text\">Ciddi bir \u015fekilde kutsanm\u0131\u015f bir t\u00fcrbe<\/figcaption><\/figure>\n<h3>Bay Kota Onishi, Fukagawa Daikoku Tap\u0131na\u011f\u0131 Ba\u015f Rahibi<\/h3>\n<p>Fukagawa Daikoku Tap\u0131na\u011f\u0131&#039;n\u0131n (Kazuki-cho, Fukagawa \u015eehri) ba\u015f rahibi Onishi Kota, adak fl\u00fct\u00fcn\u00fc \u00e7ald\u0131 ve ciddiyetle bir dua okudu, ard\u0131ndan Kitary\u016b Arazi Geli\u015ftirme B\u00f6lgesi Ba\u015fkan\u0131 Fukase Junichi, Belediye Ba\u015fkan\u0131 Sasaki Yasuhiro ve di\u011fer kat\u0131l\u0131mc\u0131lar taraf\u0131ndan kutsal dallar sunuldu.<\/p>\n<figure class=\"wp-caption aligncenter\"><a href=\"https:\/\/photos.google.com\/share\/AF1QipMozQvVtuKoz6NYNNoWhbGuCPMANZuu9bcPjQ85SkPxIlMO7u1E9RycQR_TCM957A\/photo\/AF1QipOTOt1gR-mX7BzV9BfaEzyOHpYFPJUA87DyZEE?key=eDh5X3p3TFcxRllGRUJoeWRDMXJCWEtuNjhINzdn\" target=\"_blank\"><img decoding=\"async\" src=\"https:\/\/lh3.googleusercontent.com\/pw\/AP1GczNKMYAyNGYHT72ZmTEdZE3dD7c5NTDe8Zg_dHCYbToI-c6pNuQ0EKH4XHuRtTMwFRlAEru1CJidKIRdT7RxE7xyVQRyfTNF1o84N0Wm3agYhQAe04a-uD4k8MM-noSN4g9XZM_MM9ZnClQU-4Vq0-Bu=w2000-h1333-s-no-gm?authuser=0\" width=\"2000\" height=\"1333\" alt=\"Ba\u015f rahip taraf\u0131ndan fl\u00fct\u00fcn takdimi\" class=\"size-full\" \/><\/a><figcaption class=\"wp-caption-text\">Ba\u015f rahip taraf\u0131ndan fl\u00fct\u00fcn takdimi<\/figcaption><\/figure>\n<figure class=\"wp-caption aligncenter\"><a href=\"https:\/\/photos.google.com\/share\/AF1QipMozQvVtuKoz6NYNNoWhbGuCPMANZuu9bcPjQ85SkPxIlMO7u1E9RycQR_TCM957A\/photo\/AF1QipPVoQus3zLA5zmMADC_Ak4FsXNM_4YfpgglnwM?key=eDh5X3p3TFcxRllGRUJoeWRDMXJCWEtuNjhINzdn\" target=\"_blank\"><img decoding=\"async\" src=\"https:\/\/lh3.googleusercontent.com\/pw\/AP1GczMNzdvuqNJy0qqNFaqvZkvsFCyIxMCkiqfbX1IhZDAiCxkAC0qS9BwOTzNFRsdc_6QCiJdyJSsFKKpLwpQqFFxuwZs8EicJS6rF6-646hGJzWC1Exxv3oIiZEyG05bR3Bk-LCHMlfTIPqY6itEJL6zV=w2000-h1125-s-no-gm?authuser=0\" width=\"2000\" height=\"1125\" alt=\"Ar\u0131nma\" class=\"size-full\" \/><\/a><figcaption class=\"wp-caption-text\">Ar\u0131nma<\/figcaption><\/figure>\n<h3>Kutsal dallar\u0131n sunulmas\u0131<\/h3>\n<ul>\n<li><strong>Hokuryu Arazi Geli\u015ftirme B\u00f6lgesi<\/strong>Junichi Fukase, Ba\u015fkan<\/li>\n<li><strong>Hokuryu Belediye Ba\u015fkan\u0131<\/strong>Bay Yasuhiro Sasaki<\/li>\n<li><strong>Kitasorachi Tar\u0131m Kooperatifi<\/strong>Say\u0131n Minoru Nagai, Hokuryu B\u00f6lgesi Temsilci M\u00fcd\u00fcr\u00fc<\/li>\n<li><strong>Hokuryu Arazi Geli\u015ftirme B\u00f6lgesi<\/strong>Bay Naoki Shiraoka, Ba\u015fkan Vekili<\/li>\n<li>Ba\u015f Denet\u00e7i, Bay Yoshitaka Iwakura<\/li>\n<li>Toru Tanimoto, Y\u00f6netim Komitesi Ba\u015fkan\u0131<\/li>\n<li>Y\u00f6netmen Akinori Fujii<\/li>\n<li>Y\u00f6netmen Kazumi Hirabayashi<\/li>\n<li>Y\u00f6netmen Katsuji Saito<\/li>\n<li>Denet\u00e7i Atsushi Goto<\/li>\n<li><strong>Etaibetsu Baraj\u0131<\/strong>Say\u0131n Hidefumi Okabe, Ba\u015f M\u00fchendis<\/li>\n<li>Teknik Direkt\u00f6r: Hiroto Fujii<\/li>\n<\/ul>\n<figure class=\"wp-caption aligncenter\"><a href=\"https:\/\/photos.google.com\/share\/AF1QipMozQvVtuKoz6NYNNoWhbGuCPMANZuu9bcPjQ85SkPxIlMO7u1E9RycQR_TCM957A\/photo\/AF1QipP3snKEzhjDxVGYHakOIrPL1iZGA671KPtg0b0?key=eDh5X3p3TFcxRllGRUJoeWRDMXJCWEtuNjhINzdn\" target=\"_blank\"><img decoding=\"async\" src=\"https:\/\/lh3.googleusercontent.com\/pw\/AP1GczOUbV7sg_J_1mdq-47IobHPQ3eK8eDc4uK_3ymYhKpAeMUowifaILGET8NXAHyBRrXu0nwrocbd8Wu_-su-gXyubaeDIErNED-fN0oRbHggkyssP_l1D4EGDU6rEsmIy63dKZSiFGhCKnJ60mFLSNpR=w2000-h1333-s-no-gm?authuser=0\" width=\"2000\" height=\"1333\" alt=\"Kutsal dallar\u0131n sunumu: Hokuryu Toprak Geli\u015ftirme B\u00f6lgesi Ba\u015fkan\u0131 Junichi Fukase\" class=\"size-full\" \/><\/a><figcaption class=\"wp-caption-text\">Kutsal dallar\u0131n sunumu: Hokuryu Toprak Geli\u015ftirme B\u00f6lgesi Ba\u015fkan\u0131 Junichi Fukase<\/figcaption><\/figure>\n<figure class=\"wp-caption aligncenter\"><a href=\"https:\/\/photos.google.com\/share\/AF1QipMozQvVtuKoz6NYNNoWhbGuCPMANZuu9bcPjQ85SkPxIlMO7u1E9RycQR_TCM957A\/photo\/AF1QipM-rwyP_4N0UH7JutrYINNfS-wSl_JSr14PGMQ?key=eDh5X3p3TFcxRllGRUJoeWRDMXJCWEtuNjhINzdn\" target=\"_blank\"><img decoding=\"async\" src=\"https:\/\/lh3.googleusercontent.com\/pw\/AP1GczPQ4V8BipT1k_2N-NeJ9XfrSplFOOSjVteJqsg5mNpbWMOcJw8316ut9WZBRcFHN9yrkC0Z86dbBwTTEiHE4GttL3hexdoxJwiF5c_3nI65IFk5Jl8fOjRV7m7ATjHHRMpB9KhP1oL8iHT95AzG2QyO=w2000-h1333-s-no-gm?authuser=0\" width=\"2000\" height=\"1333\" alt=\"Kutsal dallar\u0131n sunumu: Hokuryu Kasabas\u0131 Belediye Ba\u015fkan\u0131 Yasuhiro Sasaki\" class=\"size-full\" \/><\/a><figcaption class=\"wp-caption-text\">Kutsal dallar\u0131n sunumu: Hokuryu Kasabas\u0131 Belediye Ba\u015fkan\u0131 Yasuhiro Sasaki<\/figcaption><\/figure>\n<figure class=\"wp-caption aligncenter\"><a href=\"https:\/\/photos.google.com\/share\/AF1QipMozQvVtuKoz6NYNNoWhbGuCPMANZuu9bcPjQ85SkPxIlMO7u1E9RycQR_TCM957A\/photo\/AF1QipNQI6rhtej8zPMI72y_VHt9Su-UfD1pBV6PkXA?key=eDh5X3p3TFcxRllGRUJoeWRDMXJCWEtuNjhINzdn\" target=\"_blank\"><img decoding=\"async\" src=\"https:\/\/lh3.googleusercontent.com\/pw\/AP1GczMgdfsjoVoSP1MsJjqMCnslyHbwV-zKqpkcypWpbA0dQ3K_DSZ4hxsCtVWXFx0TBhRwwRPQbK_MnTnCDXRbt2xVq5ia9rWonbAFJ1rWyx8nxX7uFudfeJO0t3-HihHImpWVpxVlwVleka3sJ2hvfPpe=w2000-h1333-s-no-gm?authuser=0\" width=\"2000\" height=\"1333\" alt=\"Bay Minoru Nagai, Hokuryu Kasaba Alan\u0131 Temsilcisi, Kitasorachi Tar\u0131m Kooperatifi Derne\u011fi\" class=\"size-full\" \/><\/a><figcaption class=\"wp-caption-text\">Bay Minoru Nagai, Hokuryu Kasaba Alan\u0131 Temsilcisi, Kitasorachi Tar\u0131m Kooperatifi Derne\u011fi<\/figcaption><\/figure>\n<h3>Arazi Geli\u015ftirme B\u00f6lgesi Ba\u015fkan\u0131 Junichi Fukase&#039;den selamlar<\/h3>\n<figure class=\"wp-caption aligncenter\"><a href=\"https:\/\/photos.google.com\/share\/AF1QipMozQvVtuKoz6NYNNoWhbGuCPMANZuu9bcPjQ85SkPxIlMO7u1E9RycQR_TCM957A\/photo\/AF1QipOsLiLeZNwXKZ335sOMrzsAVxRh8rtSkfJcZGA?key=eDh5X3p3TFcxRllGRUJoeWRDMXJCWEtuNjhINzdn\" target=\"_blank\"><img decoding=\"async\" src=\"https:\/\/lh3.googleusercontent.com\/pw\/AP1GczNJUX2rrWntW2oH_FmPx9F79FVAKlCSN3fX45AKl-n5f09i6y3V4ULRYsGnugljFPvI5sFB_Cia1qUIqooecgYpI69zn3mbnjuqbnrIdwcBGCpZtjLIxjCKdwNHp1QsBOXFi6rOwm0tBwUCNPDVEex7=w2000-h1333-s-no-gm?authuser=0\" width=\"2000\" height=\"1333\" alt=\"Arazi Geli\u015ftirme B\u00f6lgesi Ba\u015fkan\u0131 Junichi Fukase&#039;den selamlar\" class=\"size-full\" \/><\/a><figcaption class=\"wp-caption-text\">Arazi Geli\u015ftirme B\u00f6lgesi Ba\u015fkan\u0131 Junichi Fukase&#039;den selamlar<\/figcaption><\/figure>\n<p>&quot;Bug\u00fcnk\u00fc 2025 Arazi Geli\u015ftirme B\u00f6lgesi &#039;Edaibetsu Baraj\u0131 Suyu A\u00e7\u0131l\u0131\u015f T\u00f6reni&#039;ne kat\u0131ld\u0131\u011f\u0131n\u0131z i\u00e7in \u00e7ok te\u015fekk\u00fcr ederim. T\u00f6reni sorunsuz bir \u015fekilde tamamlad\u0131\u011f\u0131n\u0131z i\u00e7in te\u015fekk\u00fcr ederim.<\/p>\n<p>Ayr\u0131ca t\u00f6rene kat\u0131lmak i\u00e7in yo\u011fun programlar\u0131ndan vakit ay\u0131ran Belediye Ba\u015fkan\u0131 Sasaki, JA B\u00f6lge Temsilcisi M\u00fcd\u00fcr\u00fc Nagai ve kasabadan Bay ve Bayan Terauchi&#039;ye i\u00e7ten \u015f\u00fckranlar\u0131m\u0131z\u0131 sunmak istiyoruz.<\/p>\n<p>Muhtemelen y\u0131l\u0131n bu zamanlar\u0131ndan da anlayaca\u011f\u0131n\u0131z \u00fczere, bu y\u0131l \u00e7ok fazla kar ya\u011fd\u0131 ve beklendi\u011fi kadar erimedi, bu y\u00fczden bahar \u00e7al\u0131\u015fmalar\u0131n\u0131n beklendi\u011fi gibi ilerlemedi\u011fini d\u00fc\u015f\u00fcn\u00fcyorum.<\/p>\n<p>Yaza girerken hava nas\u0131l olacak bilmiyorum ama e\u011fer bereketli bir sonbahar ge\u00e7irirsek t\u00fcm emeklerinizin kar\u015f\u0131l\u0131\u011f\u0131n\u0131 alaca\u011f\u0131n\u0131za inan\u0131yorum. Son iki y\u0131ld\u0131r bir dizi kaza ya\u015fand\u0131 ama bu y\u0131l\u0131n kazas\u0131z ge\u00e7mesini diliyoruz.<\/p>\n<p>Ba\u015fkan Fukase a\u00e7\u0131l\u0131\u015f konu\u015fmas\u0131nda, &quot;Bug\u00fcnk\u00fc su \u00e7evirme t\u00f6renindeki konu\u015fmam\u0131, herkesin sa\u011fl\u0131\u011f\u0131 ve mutlulu\u011fu, felaketlerden ve yaralanmalardan uzak bir y\u0131l i\u00e7in dua ederek bitirmek istiyorum&quot; dedi.<\/p>\n<figure class=\"wp-caption aligncenter\"><a href=\"https:\/\/photos.google.com\/share\/AF1QipMozQvVtuKoz6NYNNoWhbGuCPMANZuu9bcPjQ85SkPxIlMO7u1E9RycQR_TCM957A\/photo\/AF1QipPvfvSsaQsTUJYN9lPyIU_Wy0UQpSLdQ0DBk0w?key=eDh5X3p3TFcxRllGRUJoeWRDMXJCWEtuNjhINzdn\"><img decoding=\"async\" src=\"https:\/\/lh3.googleusercontent.com\/pw\/AP1GczNU7NchlLylA8Hbishg4-N2KESpAp8P5EozhDPNOm0YgTsZIc91Hwhu1CGIJ3Kav0qpW3eQdfurkujZaaUAx3awvfQWuLzJxjwUc-QZPNZNWd8TmTaQixHqqisN3j3HUaTUng5VF3xmBQkMQe5ZJztH=w2000-h1500-s-no-gm?authuser=0\" width=\"2000\" height=\"1500\" alt=\"T\u00f6ren sorunsuz bir \u015fekilde sona erdi\" class=\"size-full\" \/><\/a><figcaption class=\"wp-caption-text\">T\u00f6ren sorunsuz bir \u015fekilde sona erdi<\/figcaption><\/figure>\n<p>Y\u0131lan y\u0131l\u0131 olan 2025, de\u011fi\u015fimi simgeleyen gizemli bir y\u0131ld\u0131r.<br \/>\nBu y\u0131l bereketli hasatlar ve g\u00fcvenli su y\u00f6netimi i\u00e7in kutsal g\u00fc\u00e7lere sahip oldu\u011fu s\u00f6ylenen, su ve bereket tanr\u0131s\u0131 olan Y\u0131lan Tanr\u0131&#039;ya dua ediyoruz.<\/p>\n<figure class=\"wp-caption aligncenter\"><a href=\"https:\/\/photos.google.com\/share\/AF1QipMozQvVtuKoz6NYNNoWhbGuCPMANZuu9bcPjQ85SkPxIlMO7u1E9RycQR_TCM957A\/photo\/AF1QipM-3RFV7L_jbs-G8Tr9fm4WW-Thfs46VXd0QF0?key=eDh5X3p3TFcxRllGRUJoeWRDMXJCWEtuNjhINzdn\" target=\"_blank\"><img decoding=\"async\" src=\"https:\/\/lh3.googleusercontent.com\/pw\/AP1GczM6TPwjOdMxDvVj-kZVC8fH9e1A32P2rPmV86MUSXxaPGTHgNp-ryfuFrAQ3hmi4hZ4SS7WCYFTU1uYKUpCH8tmjN1NZgQTGssATTlJEnWCWxO0nomjUB4gw84eny8upN8IkfhLhuhO5pBLBOZ6liXm=w2000-h1500-s-no-gm?authuser=0\" width=\"2000\" height=\"1500\" alt=\"Bu y\u0131l bereketli Etaibe Baraj\u0131&#039;nda iyi bir hasat ve g\u00fcvenlik i\u00e7in dua ediyoruz!\" class=\"size-full\" \/><\/a><figcaption class=\"wp-caption-text\">Bu y\u0131l bereketli Etaibe Baraj\u0131&#039;nda iyi bir hasat ve g\u00fcvenlik i\u00e7in dua ediyoruz!<\/figcaption><\/figure>\n<h2>T\u00f6renin ard\u0131ndan t\u00fcrbenin kapat\u0131lmas\u0131<\/h2>\n<figure class=\"wp-caption aligncenter\"><a href=\"https:\/\/photos.google.com\/share\/AF1QipMozQvVtuKoz6NYNNoWhbGuCPMANZuu9bcPjQ85SkPxIlMO7u1E9RycQR_TCM957A\/photo\/AF1QipMeiu1mBn4OJZSDTWaTMFdde1nd3B1rCttn3_s?key=eDh5X3p3TFcxRllGRUJoeWRDMXJCWEtuNjhINzdn\"><img decoding=\"async\" src=\"https:\/\/lh3.googleusercontent.com\/pw\/AP1GczN0_Mp3vkmj_eXy8KySdf7JF_siSAS7sViUempNQgf9klwxgUseaY-yiz29yD-uv5MacR7gmzxJJgX2Zsb6gd0HpsZNIB4hoyEBLd5YyHenx-a0j5TcG7ShSWooeD3EhN6rMI6IBLM0L-12r9dpacqn=w2000-h1500-s-no-gm?authuser=0\" width=\"2000\" height=\"1500\" alt=\"Tap\u0131na\u011f\u0131n kapat\u0131lmas\u0131\" class=\"size-full\" \/><\/a><figcaption class=\"wp-caption-text\">Tap\u0131na\u011f\u0131n kapat\u0131lmas\u0131<\/figcaption><\/figure>\n<figure class=\"wp-caption aligncenter\"><a href=\"https:\/\/photos.google.com\/share\/AF1QipMozQvVtuKoz6NYNNoWhbGuCPMANZuu9bcPjQ85SkPxIlMO7u1E9RycQR_TCM957A\/photo\/AF1QipP4JDOlbW3mLwsd9oG_DqcFdO49wVJU7eDtMFI?key=eDh5X3p3TFcxRllGRUJoeWRDMXJCWEtuNjhINzdn\" target=\"_blank\"><img decoding=\"async\" src=\"https:\/\/lh3.googleusercontent.com\/pw\/AP1GczMcj-vabT_m2dHt2_PdCl69pXI-29E3K7eJ7GVFniEifc5pKz3pJ58E0a2RG78MRXPs4OWohFopN1132CtV9cZDRThSf47FOULhBnZ71iL-i2EDK8zo9yTvBVTAs2buayfbLNBfEWq0M-dIzDFacKaT=w2000-h1333-s-no-gm?authuser=0\" width=\"2000\" height=\"1333\" alt=\"\u0130lahi G\u00fcne\u015f I\u015f\u0131\u011f\u0131\" class=\"size-full\" \/><\/a><figcaption class=\"wp-caption-text\">\u0130lahi G\u00fcne\u015f I\u015f\u0131\u011f\u0131<\/figcaption><\/figure>\n<p>G\u00fcne\u015fin muhte\u015fem \u0131\u015f\u0131nlar\u0131n\u0131n parlad\u0131\u011f\u0131, bahar\u0131n ferahlat\u0131c\u0131 esintilerinin esti\u011fi ve \u015fehrin d\u00f6rt bir yan\u0131ndaki tarlalara akan saf eriyik sular\u0131n akt\u0131\u011f\u0131 b\u00fcy\u00fck Etaibetsu Baraj\u0131&#039;na s\u0131n\u0131rs\u0131z sevgi, \u015f\u00fckran ve dualar\u0131m\u0131zla. . .<\/p>\n<h2>Baraj g\u00f6l\u00fc i\u00e7in ara\u015ft\u0131rma teknesi<\/h2>\n<figure class=\"wp-caption aligncenter\"><a href=\"https:\/\/photos.google.com\/share\/AF1QipMozQvVtuKoz6NYNNoWhbGuCPMANZuu9bcPjQ85SkPxIlMO7u1E9RycQR_TCM957A\/photo\/AF1QipNWfgTeFTvgAqE3c8kH1lpVXw4LMWBIWVDIIq4?key=eDh5X3p3TFcxRllGRUJoeWRDMXJCWEtuNjhINzdn\" target=\"_blank\"><img decoding=\"async\" src=\"https:\/\/lh3.googleusercontent.com\/pw\/AP1GczOR2ugFcuH1RbKvpYKAnPaT0W6MQBuK69EhPuYuClc5w_PV99BixCpUgnoYjE3OX-ENDsgG9puDnH5q3HI_FJhVVHRsmRAlXemP9fU_IOZxHUJpXNf70Wj8OS03c6McRaMv33MxUEGwjQlaCO5uSzTS=w2000-h1500-s-no-gm?authuser=0\" width=\"2000\" height=\"1500\" alt=\"Baraj g\u00f6l\u00fc y\u00fczeyini \u00f6l\u00e7mek i\u00e7in depolanm\u0131\u015f bir tekne!\" class=\"size-full\" \/><\/a><figcaption class=\"wp-caption-text\">Baraj g\u00f6l\u00fc y\u00fczeyi i\u00e7in depolanm\u0131\u015f bir ara\u015ft\u0131rma teknesi!<\/figcaption><\/figure>\n<figure class=\"wp-caption aligncenter\"><a href=\"https:\/\/photos.google.com\/share\/AF1QipMozQvVtuKoz6NYNNoWhbGuCPMANZuu9bcPjQ85SkPxIlMO7u1E9RycQR_TCM957A\/photo\/AF1QipPNDlO7kCppjQ5qiSiENp-RGwzWCzfmwndXznQ?key=eDh5X3p3TFcxRllGRUJoeWRDMXJCWEtuNjhINzdn\" target=\"_blank\"><img decoding=\"async\" src=\"https:\/\/lh3.googleusercontent.com\/pw\/AP1GczMb98ZOVAne-j0zECNBIQ4qnu1d6n8cEuQc8VzT0nCDsyYof1BiTSlyq7ehAYU6uzTRDqhIytnJl-IaJvNpt1niD1lrziY_nIhML2ItAn01c_zcfxuFPzyeEKWpwYQiaS3wqNL6a6cKyw9cHSqTkvZk=w2000-h1500-s-no-gm?authuser=0\" width=\"2000\" height=\"1500\" alt=\"G\u00f6le giden demir yolu hatt\u0131\" class=\"size-full\" \/><\/a><figcaption class=\"wp-caption-text\">G\u00f6le giden demir yolu hatt\u0131<\/figcaption><\/figure>\n<figure class=\"wp-caption aligncenter\"><a href=\"https:\/\/photos.google.com\/share\/AF1QipMozQvVtuKoz6NYNNoWhbGuCPMANZuu9bcPjQ85SkPxIlMO7u1E9RycQR_TCM957A\/photo\/AF1QipPdPMAdYos4cupElNNQDmKFOP9ANIT7Y_NHd8o?key=eDh5X3p3TFcxRllGRUJoeWRDMXJCWEtuNjhINzdn\" target=\"_blank\"><img decoding=\"async\" src=\"https:\/\/lh3.googleusercontent.com\/pw\/AP1GczM-Vcg11NH0cuY0B80ERN1mvq9LsPKKrVGZRx8FRRBhBdDBu-Ey3cH1YV9unxTzi0daczmdrVP4l9pYP2qwfvn3QnU7xaBQ4HZGiyTYcdp7Ug31JycImSzu8Is7tEck6zzwfTPNlLGCU6wRJGM0r9-8=w2000-h1500-s-no-gm?authuser=0\" width=\"2000\" height=\"1500\" alt=\"Z\u00fcmr\u00fct ye\u015fili g\u00f6l y\u00fczeyi\" class=\"size-full\" \/><\/a><figcaption class=\"wp-caption-text\">Z\u00fcmr\u00fct ye\u015fili g\u00f6l y\u00fczeyi<\/figcaption><\/figure>\n<h2>Referanslar<\/h2>\n<h3>&quot;Toyo G\u00f6l\u00fc&quot; An\u0131t\u0131<\/h3>\n<ul>\n<li>&quot;Hokuryu Toprak Geli\u015ftirme B\u00f6lgesi Tarihi&quot;nden al\u0131nt\u0131 (3 Kas\u0131m 2001&#039;de yay\u0131nland\u0131)<br \/>\n\u3000<\/li>\n<li><strong>Mezar ta\u015f\u0131ndaki yaz\u0131da &quot;Toyo G\u00f6l\u00fc&quot; yaz\u0131yor:<\/strong>Eski \u0130\u00e7i\u015fleri ve \u0130leti\u015fim Bakan\u0131 ve Ulusal Kamu G\u00fcvenli\u011fi Komisyonu Ba\u015fkan\u0131 ve Temsilciler Meclisi \u00fcyesi Hirosaku Shinoda&#039;n\u0131n hat sanat\u0131<\/li>\n<li><strong>Birimler:<\/strong>Beyaz Granit<\/li>\n<li><strong>An\u0131t:<\/strong>Siyah Granit<\/li>\n<li><strong>yaz\u0131t:<\/strong>Arazi Geli\u015ftirme B\u00f6lgesi\/Sakuzo Matsubara, Ba\u015fkan<\/li>\n<li><strong>Sayg\u0131lar:<\/strong>Hokuryu Kasabas\u0131 Belediye Ba\u015fkan\u0131 Shoichi Mori<\/li>\n<\/ul>\n<h3>Yaz\u0131t: &quot;Toyo G\u00f6l\u00fc&quot;<\/h3>\n<p>Hokuryu b\u00f6lgesinin kalk\u0131nmas\u0131, 1893 y\u0131l\u0131nda Yoshiue Shoichiro ve 20 ki\u015finin g\u00fcnd\u00fczleri bile karanl\u0131k olan s\u0131k orman\u0131 kesip, kendilerini \u00e7ift\u00e7ili\u011fe adamalar\u0131yla ba\u015flad\u0131.<\/p>\n<p>1911 y\u0131l\u0131nda yap\u0131lan g\u00f6r\u00fc\u015fmeler sonucunda Edaibetsu Su Birli\u011fi kurularak, 1.000 hektar \u00e7eltik tarlas\u0131n\u0131n i\u015flenmesi hedefiyle saniyede 2.145 metrek\u00fcp su hakk\u0131 elde edilerek \u00e7eltik ekimine ba\u015fland\u0131.<\/p>\n<p>1917 y\u0131l\u0131nda Toprak \u0130\u015fleri Derne\u011fi&#039;nin kurulmas\u0131 onayland\u0131 ve nehir havzas\u0131 boyunca zengin bir tah\u0131l \u00fcretim b\u00f6lgesi yarat\u0131ld\u0131.<\/p>\n<p>Ancak pirin\u00e7 tarlalar\u0131n\u0131n geli\u015fimi ba\u015flang\u0131\u00e7taki beklentilerin \u00e7ok \u00f6tesine ge\u00e7mi\u015f, i\u00e7 kesimlerdeki geli\u015fmeler kaynaktan akan su miktar\u0131n\u0131n azalmas\u0131na ve her y\u0131l a\u015f\u0131r\u0131 su s\u0131k\u0131nt\u0131s\u0131 ya\u015fanmas\u0131na neden olmu\u015ftur.<\/p>\n<p>Bu baraj\u0131n in\u015fas\u0131, bu \u00e7\u0131kmaz\u0131 a\u015fman\u0131n ve pirin\u00e7 \u0131slah\u0131n\u0131 daha da ilerletmenin tek yolu olarak tasarland\u0131. Yap\u0131m\u0131na 1953 y\u0131l\u0131nda ba\u015flanm\u0131\u015f ve tamamlanmas\u0131 13 y\u0131l s\u00fcrm\u00fc\u015f, \u00e7ok b\u00fcy\u00fck miktarda ulusal kaynak harcanm\u0131\u015ft\u0131r.<\/p>\n<p>Elbette bu b\u00fcy\u00fck projenin tamamlanmas\u0131n\u0131n arkas\u0131nda b\u00f6lge halk\u0131n\u0131n co\u015fkusu, \u00f6nc\u00fclerin yol g\u00f6stericili\u011fi ve te\u015fviki, yetkililerin anlay\u0131\u015f\u0131n\u0131n bir araya gelmesinin yatt\u0131\u011f\u0131n\u0131 unutmamal\u0131y\u0131z.<\/p>\n<p>Bu an\u0131t\u0131, bu zorlu in\u015faat projesinde do\u011frudan eme\u011fi ge\u00e7en t\u00fcm m\u00fchendislere ve bu insanlara \u015f\u00fckranlar\u0131m\u0131z\u0131 sunmak i\u00e7in dikiyoruz.<\/p>\n<p>8 Eyl\u00fcl 1967 Toprak \u0130yile\u015ftirme B\u00f6lgesi Ba\u015fkan\u0131, Sakuzo Matsuwara<\/p>\n<figure class=\"wp-caption aligncenter\"><a href=\"https:\/\/photos.google.com\/share\/AF1QipMozQvVtuKoz6NYNNoWhbGuCPMANZuu9bcPjQ85SkPxIlMO7u1E9RycQR_TCM957A\/photo\/AF1QipPuHydQ4yrJvIYyUm4soMjDtphBXvWLBi7XfAw?key=eDh5X3p3TFcxRllGRUJoeWRDMXJCWEtuNjhINzdn\" target=\"_blank\"><img decoding=\"async\" src=\"https:\/\/lh3.googleusercontent.com\/pw\/AP1GczMnVHDMhtaopnJ9rQk1_aLNaYO-g7o48a-5Fc2ghB3ztCO0Cx1VcADSKZBJrf7Yps0CxaHEzbT1XxEx4U25GJO8qvqnyoAVvs0gxFUxOOyIji3IxK71QQzSrwUjToUzTPSdJAMnYoM4vf2aqzuGatmG=w2000-h1500-s-no-gm?authuser=0\" width=\"2000\" height=\"1500\" alt=\"Yaz\u0131t: &quot;Toyo G\u00f6l\u00fc&quot;\" class=\"size-full\" \/><\/a><figcaption class=\"wp-caption-text\">Yaz\u0131t: &quot;Toyo G\u00f6l\u00fc&quot;<\/figcaption><\/figure>\n<h3>Sayg\u0131 duru\u015fu<\/h3>\n<p>Uzun zamand\u0131r beklenen baraj sonunda geldi. Bu muhte\u015fem manzaray\u0131 bug\u00fcn de g\u00f6rmek m\u00fcmk\u00fcn. Sonsuz faydalar\u0131n\u0131 k\u0131sa s\u00fcrede ke\u015ffedeceksiniz.<\/p>\n<p>Ta\u015fk\u0131nlar\u0131 d\u00fczenleyen, g\u00fczelim tarlalar\u0131 sulayan, kasaba halk\u0131na zengin bir dinlenme kayna\u011f\u0131 sa\u011flayan, sonsuz umudun simgesidir. Biz bu g\u00f6le &quot;Bunsui G\u00f6l\u00fc&quot; ad\u0131n\u0131 vermek ve onu \u00f6vmek istiyoruz.<\/p>\n<p>Y\u0131llar boyunca g\u00f6sterdikleri co\u015fku ve \u00e7abalardan dolay\u0131 t\u00fcm kat\u0131l\u0131mc\u0131lara en i\u00e7ten \u015f\u00fckranlar\u0131m\u0131z\u0131 sunmak istiyoruz ve bu b\u00fcy\u00fck ba\u015far\u0131n\u0131n tamamlanmas\u0131na, kasabam\u0131z\u0131n geli\u015fimi i\u00e7in elimizden gelenin en iyisini yapmak \u00fczere uyum ve birlik i\u00e7inde birlikte \u00e7al\u0131\u015farak kar\u015f\u0131l\u0131k verece\u011fimize s\u00f6z veriyoruz.<\/p>\n<p>8 Eyl\u00fcl 1967 Hokuryu Kasabas\u0131 Belediye Ba\u015fkan\u0131 Shoichi Mori<\/p>\n<figure class=\"wp-caption aligncenter\"><img decoding=\"async\" src=\"https:\/\/lh3.googleusercontent.com\/pw\/AP1GczN1Vo4gCpvAEkEUY6azR9jo2l65JB0US9G6ccNpohlaVgyOQ4Yvm2YIAquNPtPQ_Lt1tqUtIgz5QZBQcEuFxCH_WCmswH7IpAmAg38wKSmMGbftpoq2WAidOcaNGiqo_pUFcsc_fRm5_7MwstcS0bSE=w2000-h1500-s-no-gm?authuser=0\" width=\"2000\" height=\"1500\" alt=\"Sayg\u0131 duru\u015fu\" class=\"size-full\" \/><\/a><figcaption class=\"wp-caption-text\">Sayg\u0131 duru\u015fu<\/figcaption><\/figure>\n<h2>Youtube videolar\u0131<\/h2>\n<div class=\"youtube\"><iframe title=\"2025 y\u0131l\u0131nda Hokuryu Arazi Geli\u015ftirme B\u00f6lgesi &quot;Edaibetsu Baraj\u0131 Su A\u00e7\u0131l\u0131\u015f T\u00f6reni&quot;nde iyi bir hasat ve g\u00fcvenlik i\u00e7in dua ediyoruz\" src=\"https:\/\/www.youtube.com\/embed\/6crnqtZJCVY?feature=oembed\" frameborder=\"0\" allow=\"accelerometer; autoplay; clipboard-write; encrypted-media; gyroscope; picture-in-picture; web-share\" referrerpolicy=\"strict-origin-when-cross-origin\" allowfullscreen><\/iframe><\/div>\n<h2>Di\u011fer foto\u011fraflar<\/h2>\n<div class=\"img-move\"><img decoding=\"async\" style=\"vertical-align: middle;\" src=\"https:\/\/ehokkaido.net\/wp-content\/uploads\/2021\/12\/2021-12-06-11.41.12.png\" \/> <a href=\"https:\/\/photos.app.goo.gl\/2Et1SpaGtTYra51x6\" target=\"_blank\" rel=\"noopener noreferrer\">FY2025 Hokuryu Kasabas\u0131 Arazi Geli\u015ftirme B\u00f6lgesi &quot;Edaibetsu Baraj\u0131 Su A\u00e7\u0131l\u0131\u015f T\u00f6reni&quot;nden foto\u011fraflar (70 foto\u011fraf) burada &gt;&gt;<\/a><\/div>\n<h2>\u0130lgili makaleler<\/h2>\n\n        <div class=\"site-blogcard-premium\">\n            <div class=\"bc-label-custom\">\u0130lgili makaleler<\/div>\n            <div class=\"bc-flex-container\">\n                <div class=\"bc-main-text\">\n                    <div class=\"bc-title-link-box\">\n                        <a href=\"https:\/\/portal.hokuryu.info\/tr\/44412\/\" target=\"_blank\">https:\/\/portal.hokuryu.info\/44412<\/a>\n                    <\/div>\n                    <div class=\"bc-excerpt-box\">Sayfa bilgileri al\u0131namad\u0131.<\/div>\n                <\/div>\n                <div class=\"bc-thumbnail-box\">\n                    <a href=\"https:\/\/portal.hokuryu.info\/tr\/44412\/\" target=\"_blank\">\n                        <div class=\"bc-img-zoom-wrap\">\n                            <img decoding=\"async\" src=\"https:\/\/portal.hokuryu.info\/wp\/wp-content\/uploads\/2026\/02\/20230802DSC06445_1.jpg\" alt=\"https:\/\/portal.hokuryu.info\/44412\">\n                        <\/div>\n                    <\/a>\n                <\/div>\n            <\/div>\n        <\/div>\n\n        <div class=\"site-blogcard-premium\">\n            <div class=\"bc-label-custom\">\u0130lgili makaleler<\/div>\n            <div class=\"bc-flex-container\">\n                <div class=\"bc-main-text\">\n                    <div class=\"bc-title-link-box\">\n                        <a href=\"https:\/\/portal.hokuryu.info\/tr\/topics\/culture\/20130503.html\/\" target=\"_blank\">Hokuryu Toprak Geli\u015ftirme B\u00f6lgesi Su A\u00e7\u0131l\u0131\u015f T\u00f6reni 2013 (Edaibetsu Baraj\u0131) - Hokuryu Kasabas\u0131 Portal\u0131 (Hokkaido) - Japonya&#039;n\u0131n 1 Numaral\u0131 Ay\u00e7i\u00e7e\u011fi K\u00f6y\u00fc<\/a>\n                    <\/div>\n                    <div class=\"bc-excerpt-box\">2200 n\u00fcfuslu ve 401 TP3T&#039;lik ya\u015flanma oran\u0131na sahip, canl\u0131 bir kasaban\u0131n &quot;bug\u00fcnk\u00fc&quot; halini sizlere sunuyoruz. Ay\u00e7i\u00e7ekleri gibi, aileler uyum i\u00e7inde ya\u015f\u0131yor...<\/div>\n                <\/div>\n                <div class=\"bc-thumbnail-box\">\n                    <a href=\"https:\/\/portal.hokuryu.info\/tr\/topics\/culture\/20130503.html\/\" target=\"_blank\">\n                        <div class=\"bc-img-zoom-wrap\">\n                            <img decoding=\"async\" src=\"https:\/\/lh3.googleusercontent.com\/-494y43NjI4I\/UYMjIXaK33I\/AAAAAAAAnkU\/6YU9cudd2RY\/s800\/K5%25202943.jpg\" alt=\"Hokuryu Toprak Geli\u015ftirme B\u00f6lgesi Su A\u00e7\u0131l\u0131\u015f T\u00f6reni 2013 (Edaibetsu Baraj\u0131) - Hokuryu Kasabas\u0131 Portal\u0131 (Hokkaido) - Japonya&#039;n\u0131n 1 Numaral\u0131 Ay\u00e7i\u00e7e\u011fi K\u00f6y\u00fc\">\n                        <\/div>\n                    <\/a>\n                <\/div>\n            <\/div>\n        <\/div>\n<p>\u25c7 <a href=\"https:\/\/portal.hokuryu.info\/tr\/38127\/#outline_1__7_2_1\">Foto\u011fraf\u00e7\u0131l\u0131k, d\u00fczenleme ve web sitesi y\u00f6netimi: Noboru Terauchi Yazar: Ikuko Terauchi<\/a><\/p>","protected":false},"excerpt":{"rendered":"<p>\uff12\uff10\uff12\uff15\u5e74\uff15\u6708\uff12\u65e5\uff08\u91d1\uff09 \uff15\u6708\uff11\u65e5\uff08\u6728\uff09\u5348\u5f8c\uff12\u6642\u3001\u6625\u306e\u592a\u967d\u304c\u71e6\u3005\u3068\u964d\u308a\u6ce8\u304e\u3001\u723d\u3084\u304b\u306a\u98a8\u304c\u5439\u304d\u629c\u3051\u308b\u65e5\u3001\u4ee4\u548c\uff17\u5e74\u5ea6 \u5317\u7adc\u571f\u5730\u6539\u826f\u533a\uff08\u6df1\u702c\u7d14\u4e00 \u7406\u4e8b\u9577\uff09\u300c\u6075\u5cb1\u5225\u30c0\u30e0\u901a\u6c34\u5f0f\u300d\u304c\u53b3\u7c9b\u306b\u57f7\u308a\u884c\u308f\u308c\u307e\u3057\u305f\u3002 \u6075\u5cb1 [&hellip;]<\/p>\n","protected":false},"author":1,"featured_media":57988,"comment_status":"open","ping_status":"open","sticky":false,"template":"","format":"standard","meta":{"footnotes":""},"categories":[4,75,91],"tags":[],"class_list":["post-57984","post","type-post","status-publish","format-standard","has-post-thumbnail","hentry","category-cover-story","category-sasaki-yasuhiro-mayor","category-91"],"_links":{"self":[{"href":"https:\/\/portal.hokuryu.info\/tr\/wp-json\/wp\/v2\/posts\/57984","targetHints":{"allow":["GET"]}}],"collection":[{"href":"https:\/\/portal.hokuryu.info\/tr\/wp-json\/wp\/v2\/posts"}],"about":[{"href":"https:\/\/portal.hokuryu.info\/tr\/wp-json\/wp\/v2\/types\/post"}],"author":[{"embeddable":true,"href":"https:\/\/portal.hokuryu.info\/tr\/wp-json\/wp\/v2\/users\/1"}],"replies":[{"embeddable":true,"href":"https:\/\/portal.hokuryu.info\/tr\/wp-json\/wp\/v2\/comments?post=57984"}],"version-history":[{"count":0,"href":"https:\/\/portal.hokuryu.info\/tr\/wp-json\/wp\/v2\/posts\/57984\/revisions"}],"wp:featuredmedia":[{"embeddable":true,"href":"https:\/\/portal.hokuryu.info\/tr\/wp-json\/wp\/v2\/media\/57988"}],"wp:attachment":[{"href":"https:\/\/portal.hokuryu.info\/tr\/wp-json\/wp\/v2\/media?parent=57984"}],"wp:term":[{"taxonomy":"category","embeddable":true,"href":"https:\/\/portal.hokuryu.info\/tr\/wp-json\/wp\/v2\/categories?post=57984"},{"taxonomy":"post_tag","embeddable":true,"href":"https:\/\/portal.hokuryu.info\/tr\/wp-json\/wp\/v2\/tags?post=57984"}],"curies":[{"name":"wp","href":"https:\/\/api.w.org\/{rel}","templated":true}]}}