{"id":57979,"date":"2025-05-02T09:36:22","date_gmt":"2025-05-02T00:36:22","guid":{"rendered":"https:\/\/portal.hokuryu.info\/?p=57979"},"modified":"2025-05-22T08:15:17","modified_gmt":"2025-05-21T23:15:17","slug":"hokuryu-belediye-binasi-kasabalilarin-fikrini-hayata-geciriyor-nonno-ormaninda","status":"publish","type":"post","link":"https:\/\/portal.hokuryu.info\/tr\/57979\/","title":{"rendered":"Hokuryu Belediye Binas\u0131 kasabal\u0131lar\u0131n fikrini hayata ge\u00e7iriyor! Nonno Orman\u0131&#039;na kiraz fidan\u0131 dikimi"},"content":{"rendered":"<p>Cuma, 2 May\u0131s 2025<\/p>\n<p>\u00c7ar\u015famba g\u00fcn\u00fc, 30 Nisan&#039;da, Sorachi B\u00f6lge Ormanc\u0131l\u0131k Liderleri \u0130rtibat Konseyi \u00fcyesi bir ormanc\u0131l\u0131k lideri olan Kazuo Shibasaki, Hokuriku kasabas\u0131 sakini Susumu Yotsuji, Hokuriku Belediye Binas\u0131 End\u00fcstri B\u00f6l\u00fcm\u00fc ba\u015fkan\u0131 Junichi Iguchi ve b\u00f6l\u00fcm \u015fefi Yoshihiro Ichiba&#039;n\u0131n i\u015fbirli\u011fiyle Hokuriku Kasabas\u0131&#039;ndaki Nonno Orman\u0131&#039;na \u00fc\u00e7 kiraz a\u011fac\u0131 fidan\u0131 dikildi. Fideler Nonno Orman\u0131&#039;n\u0131n y\u00fcr\u00fcy\u00fc\u015f parkurlar\u0131 boyunca \u00fc\u00e7 ayr\u0131 noktaya dikildi.<\/p>\n<h2>Kiraz a\u011fac\u0131 dikimi (Nonno Orman\u0131)<\/h2>\n<figure class=\"wp-caption aligncenter\"><a href=\"https:\/\/photos.google.com\/share\/AF1QipPejYyJshwITgQg7gCx6XNHwd0VzfDZNV7NVN3wULnnSF7zzcdHD5QspQX6th3uxA\/photo\/AF1QipPRsvbH0o3Q-AsUE2QSFsbqdOnGyk3Smd54UoU?key=Y05janBOamtLMnUtTTJiZDFKemJjVG1uMG1qc0ZB\" target=\"_blank\"><img decoding=\"async\" src=\"https:\/\/lh3.googleusercontent.com\/pw\/AP1GczNbzKD91-jGKH_1g85xAvBYOLSm-rB5TPLoWD63-bZrMb5ulgxSBS42QytNgvZUgYxrCtDsgCu7x7NAVDAfRiLIU6gipJZlcE1-yyMAH1jLlC0RR78lMLr1ShEVkkCxOwf33er1BvRmPJGHs7emmFH-=w2000-h1500-s-no-gm?authuser=0\" width=\"2000\" height=\"1500\" alt=\"Kiraz a\u011fac\u0131 dikimi (Nonno Orman\u0131)\" class=\"size-full\" \/><\/a><figcaption class=\"wp-caption-text\">Kiraz a\u011fac\u0131 dikimi (Nonno Orman\u0131)<\/figcaption><\/figure>\n<figure class=\"wp-caption aligncenter\"><a href=\"https:\/\/photos.google.com\/share\/AF1QipPejYyJshwITgQg7gCx6XNHwd0VzfDZNV7NVN3wULnnSF7zzcdHD5QspQX6th3uxA\/photo\/AF1QipMDyHe2UX_fT2JREHM35kbvopn-OAeYJSJBpcU?key=Y05janBOamtLMnUtTTJiZDFKemJjVG1uMG1qc0ZB\" target=\"_blank\"><img decoding=\"async\" src=\"https:\/\/lh3.googleusercontent.com\/pw\/AP1GczOjrcSYCRqD6lR05IszcV3AdoHX9J7olf-fucOK5LCqIMWxKmsDlyZe7nnt-1hUsJh0xILcGXcltHtpuFKeqcQEuErmghO1C4nrcH71NNlAHI7mrtwJLzQmgE0ZBLnYLbtS4h1pW11Kvy2j3rPKGTYY=w2000-h1333-s-no-gm?authuser=0\" width=\"2000\" height=\"1333\" alt=\"A\u011fac\u0131 dire\u011fe g\u00fcvenli bir \u015fekilde dikin\" class=\"size-full\" \/><\/a><figcaption class=\"wp-caption-text\">A\u011fac\u0131 dire\u011fe g\u00fcvenli bir \u015fekilde dikin<\/figcaption><\/figure>\n<h3>Shinryu \u0130lkokulu&#039;nda \u00fc\u00e7\u00fcnc\u00fc s\u0131n\u0131f \u00f6\u011frencilerinin ekti\u011fi tohumlar<\/h3>\n<p>Kiraz fidanlar\u0131, Shinryu \u0130lkokulu&#039;nun \u00fc\u00e7\u00fcnc\u00fc s\u0131n\u0131f \u00f6\u011frencileri taraf\u0131ndan kiraz a\u011fac\u0131 tohumlar\u0131ndan ekilen ve o tarihten bu yana d\u00f6rt y\u0131l boyunca b\u00fcy\u00fcyen gen\u00e7 a\u011fa\u00e7lardan olu\u015fuyor.<\/p>\n<p>Shinryu \u0130lkokulu&#039;ndaki \u00f6\u011frenciler, \u00fc\u00e7\u00fcnc\u00fc s\u0131n\u0131ftayken kiraz \u00e7i\u00e7e\u011fi tohumlar\u0131 ekiyorlar ve \u00fc\u00e7 y\u0131l sonra mezun olduklar\u0131nda, yeti\u015fen kiraz a\u011fa\u00e7lar\u0131n\u0131 mezuniyet hat\u0131ras\u0131 olarak Konpira Park\u0131&#039;na dikiyorlar. Bu her y\u0131l d\u00fczenlenen bir anma etkinli\u011fidir.<\/p>\n<h3>E\u011fitmen Kazuo Shibasaki&#039;nin konu\u015fmas\u0131<\/h3>\n<figure class=\"wp-caption aligncenter\"><a href=\"https:\/\/photos.google.com\/share\/AF1QipPejYyJshwITgQg7gCx6XNHwd0VzfDZNV7NVN3wULnnSF7zzcdHD5QspQX6th3uxA\/photo\/AF1QipPNMDWPrQSHBwOguNjsUN9_-xrhEnPIsyuVnpI?key=Y05janBOamtLMnUtTTJiZDFKemJjVG1uMG1qc0ZB\" target=\"_blank\"><img decoding=\"async\" src=\"https:\/\/lh3.googleusercontent.com\/pw\/AP1GczO7onUVZWAay2hZPh7egBuQveVkZh1baEbJK7EhWrHI6pacSxdv9-NAnteS4B908CbvRnVJaMWLPOlShFEBe8lM4Pv7IiJb9o_vhXO5RnYcC8WqC9KH1tClHqX5ujL1kH9Kd5l18Hp9USqrgu_LOu2i=w2000-h1500-s-no-gm?authuser=0\" width=\"2000\" height=\"1500\" alt=\"E\u011fitmen: Kazuo Shibasaki\" class=\"size-full\" \/><\/a><figcaption class=\"wp-caption-text\">E\u011fitmen: Kazuo Shibasaki<\/figcaption><\/figure>\n<p>&quot;Yakla\u015f\u0131k 10 y\u0131ld\u0131r ormanc\u0131l\u0131k e\u011fitmenli\u011fi yap\u0131yorum.<br \/>\nKiraz \u00e7i\u00e7ekleri \u00e7i\u00e7eklenmenin bitiminden bir bu\u00e7uk ay sonra, haziran ay\u0131n\u0131n sonlar\u0131nda meyve vermeye ba\u015flar. \u00d6nce sar\u0131, sonra k\u0131rm\u0131z\u0131, en sonunda da mor-siyah renge d\u00f6n\u00fc\u015f\u00fcrler. Meyve siyaha d\u00f6nd\u00fc\u011f\u00fcnde hasat edilir. Meyveleri y\u0131kay\u0131p soyun ve \u00e7ekirdeklerini \u00e7\u0131kar\u0131n. Shinryu \u0130lkokulu&#039;ndaki \u00fc\u00e7\u00fcnc\u00fc s\u0131n\u0131f \u00f6\u011frencilerine deneysel bir derste tohum ekme f\u0131rsat\u0131 veriliyor.<\/p>\n<p>Ekilen kiraz fidanlar\u0131 ertesi y\u0131l\u0131n sonbahar\u0131nda 30-40 cm boya ula\u015facakt\u0131r. Bir y\u0131l sonra, be\u015finci y\u0131llar\u0131n\u0131n sonbahar\u0131nda, yakla\u015f\u0131k bir metre boyunda gen\u00e7 a\u011fa\u00e7lara d\u00f6n\u00fc\u015fecekler. Daha sonra alt\u0131nc\u0131 s\u0131n\u0131f\u0131n sonbahar\u0131nda, ekim ay\u0131n\u0131n sonlar\u0131nda, ilkokuldan mezuniyetlerini anmak i\u00e7in bir a\u011fa\u00e7 dikiyorlar.<\/p>\n<p>Bu sefer Nonno Orman\u0131&#039;na dikilecek \u00fc\u00e7 fidan, bu koleksiyonun sadece bir par\u00e7as\u0131.&quot;<\/p>\n<figure class=\"wp-caption aligncenter\"><a href=\"https:\/\/photos.google.com\/share\/AF1QipPejYyJshwITgQg7gCx6XNHwd0VzfDZNV7NVN3wULnnSF7zzcdHD5QspQX6th3uxA\/photo\/AF1QipM8YY9BDPFf85Oy0NGxiujt4056DqIBGiIBmVs?key=Y05janBOamtLMnUtTTJiZDFKemJjVG1uMG1qc0ZB\" target=\"_blank\"><img decoding=\"async\" src=\"https:\/\/lh3.googleusercontent.com\/pw\/AP1GczMzXMnmoyv-wf1RqzwpJB2GuihSj8pF-EoQhTXh8xD1kRS41tX03Mt9nIWV3Zsf6RC9kl-026H51FfbImgd-hKq4GlUHHiDCTUKzmhiaZeARYTRl_aIFYd5Bj_bwYIB2aWVP0hjHDpTu8o4nGYARVhI=w2000-h1500-s-no-gm?authuser=0\" width=\"2000\" height=\"1500\" alt=\"\u00c7ocuklar\u0131n hayallerini bar\u0131nd\u0131ran gen\u00e7 bir kiraz a\u011fac\u0131\" class=\"size-full\" \/><\/a><figcaption class=\"wp-caption-text\">\u00c7ocuklar\u0131n hayallerini bar\u0131nd\u0131ran gen\u00e7 bir kiraz a\u011fac\u0131<\/figcaption><\/figure>\n<h3>Destekleri yerle\u015ftirin ve koruyucu malzemeler ekleyin<\/h3>\n<p>&quot;Fidanlar\u0131 destekler kurarak ve kenevir ipiyle desteklere ba\u011flayarak, ard\u0131ndan koruyucu malzemeyi onlara ba\u011flayarak koruyoruz. Ayr\u0131ca, k\u0131\u015f\u0131n yabani fareler yeni s\u00fcrg\u00fcnleri yemeye yatk\u0131nd\u0131r ve kabu\u011fu yerlerse a\u011fa\u00e7lar solar. Fidanlar\u0131 korumak ve savunma \u00f6nlemleri almak i\u00e7in onlara zararl\u0131 madde \u00f6nleyici malzeme t\u00fcpleri tak\u0131yoruz,&quot; diye a\u00e7\u0131kl\u0131yor ormanc\u0131l\u0131k e\u011fitmeni Shibasaki.<\/p>\n<figure class=\"wp-caption aligncenter\"><a href=\"https:\/\/photos.google.com\/share\/AF1QipPejYyJshwITgQg7gCx6XNHwd0VzfDZNV7NVN3wULnnSF7zzcdHD5QspQX6th3uxA\/photo\/AF1QipM6NJDc_Tt_znFkuy-5q9tAtr-MJcC-4nGQFwI?key=Y05janBOamtLMnUtTTJiZDFKemJjVG1uMG1qc0ZB\" target=\"_blank\"><img decoding=\"async\" src=\"https:\/\/lh3.googleusercontent.com\/pw\/AP1GczOOQ_u2x_YSfOLbdDez2E08eeGf7oCEnsBNh1PtBbLIwGR7vXRxPSP6aL_ArVj9wBYmVZAbH_zSeAD08K7Aev_prpgMmchq-TVciNJ2wIV2Ud-weFSvIvhrR5jxLPFMBxp9nfFAIl5jdd4Fubim0Z06=w2000-h1500-s-no-gm?authuser=0\" width=\"2000\" height=\"1500\" alt=\"Direklere koruyucu malzemeler kenevir ipiyle ba\u011flan\u0131yor.\" class=\"size-full\" \/><\/a><figcaption class=\"wp-caption-text\">Direklere koruyucu malzemeler kenevir ipiyle ba\u011flan\u0131yor.<\/figcaption><\/figure>\n<figure class=\"wp-caption aligncenter\"><a href=\"https:\/\/photos.google.com\/share\/AF1QipPejYyJshwITgQg7gCx6XNHwd0VzfDZNV7NVN3wULnnSF7zzcdHD5QspQX6th3uxA\/photo\/AF1QipNcgrMGVI4gdTaP7spF72dfMVh-cDjKM3vVZAY?key=Y05janBOamtLMnUtTTJiZDFKemJjVG1uMG1qc0ZB\" target=\"_blank\"><img decoding=\"async\" src=\"https:\/\/lh3.googleusercontent.com\/pw\/AP1GczNponUt_z1Pcra0cfXiPlUu3QabwSf4qyBXJslfWzDCAH_VqwGsN3TCfe77HwjlRVk6iz5dcCbUKulPRrvMJFDLSv5MTjNKNS3KKDfJFhJVxtbpR9yjin8ueToGmxB4mYnpWrhN0crliTjtvhVQHw7o=w2000-h1500-s-no-gm?authuser=0\" width=\"2000\" height=\"1500\" alt=\"Yabani farelere kar\u015f\u0131 beslenmeyi \u00f6nleyici madde t\u00fcpleri kullanarak korunun!\" class=\"size-full\" \/><\/a><figcaption class=\"wp-caption-text\">Yabani farelere kar\u015f\u0131 beslenmeyi \u00f6nleyici madde t\u00fcpleri kullanarak korunun!<\/figcaption><\/figure>\n<h3>Belediye Ba\u015fkan\u0131 Sasaki Yasuhiro cesaret vermek i\u00e7in ziyarette bulundu<\/h3>\n<p>Belediye Ba\u015fkan\u0131 Sasaki Yasuhiro, yo\u011fun program\u0131ndan vakit ay\u0131rarak kendisini ziyaret etti ve cesaretlendirmeye \u00e7al\u0131\u015ft\u0131.<\/p>\n<figure class=\"wp-caption aligncenter\"><a href=\"https:\/\/photos.google.com\/share\/AF1QipPejYyJshwITgQg7gCx6XNHwd0VzfDZNV7NVN3wULnnSF7zzcdHD5QspQX6th3uxA\/photo\/AF1QipNfOat7JYX3SoAbUQbEFMFD3Y7PWZMMcMpKKHU?key=Y05janBOamtLMnUtTTJiZDFKemJjVG1uMG1qc0ZB\"><img decoding=\"async\" src=\"https:\/\/lh3.googleusercontent.com\/pw\/AP1GczNKslAnLJsQmEPHTEw-dgxj9t3JQC5BW0OMnTvaUqXtjlosnTtdINYzAd7gwi-OMJ7OVDcNf5TLH3s7SG-SUiIOInj0TpZokKNr__Jj_sJ6cazpcqhAZWZ2Z5kkbCouaH-Y-KgoFefjD25f2EdIuZ_J=w2000-h1500-s-no-gm?authuser=0\" width=\"2000\" height=\"1500\" alt=\"Belediye Ba\u015fkan\u0131 Yasuhiro Sasaki ve Susumu Yotsuji\" class=\"size-full\" \/><\/a><figcaption class=\"wp-caption-text\">Belediye Ba\u015fkan\u0131 Yasuhiro Sasaki ve Susumu Yotsuji<\/figcaption><\/figure>\n<h2>20 ya\u015f\u0131na geldi\u011finizde a\u00e7an kiraz \u00e7i\u00e7ekleri<\/h2>\n<p>Konpira Park\u0131&#039;nda kiraz \u00e7i\u00e7ekleri a\u00e7t\u0131ktan sonra meyveler olgunla\u015f\u0131yor ve tohumlar\u0131 \u00fc\u00e7\u00fcnc\u00fc s\u0131n\u0131f \u00f6\u011frencileri taraf\u0131ndan ekiliyor. \u00dc\u00e7 y\u0131l sonra, alt\u0131nc\u0131 s\u0131n\u0131f \u00f6\u011frencileri mezun oldu\u011funda, yeti\u015fen gen\u00e7 a\u011fa\u00e7lar mezuniyet hediyesi olarak dikilir. Sonra, on y\u0131l sonra, bu \u00f6\u011frenciler yirmi ya\u015f\u0131na geldiklerinde, g\u00fczel kiraz \u00e7i\u00e7ekleri tam \u00e7i\u00e7ek a\u00e7m\u0131\u015f olacak. . .<\/p>\n<p>Kiraz \u00e7i\u00e7e\u011fi, Japon halk\u0131n\u0131n \u00e7ok sevdi\u011fi ve g\u00fczelli\u011fiyle b\u00fcy\u00fcledi\u011fi Japonya&#039;n\u0131n ulusal \u00e7i\u00e7e\u011fidir.<br \/>\nShinryu \u0130lkokulu&#039;nun \u00e7ocuklar\u0131, Japonya&#039;n\u0131n k\u00fclt\u00fcr\u00fcn\u00fc ve ruhunu temsil eden kiraz \u00e7i\u00e7eklerine duyduklar\u0131 sevgiyle dolu kalplerle b\u00fcy\u00fcyorlar. . .<br \/>\n20 ya\u015f\u0131ma girdi\u011fimde memleketim Hokuryu kasabas\u0131nda g\u00fczel kiraz \u00e7i\u00e7eklerini g\u00f6rebilmeyi i\u00e7tenlikle umuyorum.<\/p>\n<figure class=\"wp-caption aligncenter\"><a href=\"https:\/\/photos.google.com\/share\/AF1QipPejYyJshwITgQg7gCx6XNHwd0VzfDZNV7NVN3wULnnSF7zzcdHD5QspQX6th3uxA\/photo\/AF1QipMNrJwvnHU6b7-5dIEOPpxQI5PLTjK0y66JK_Y?key=Y05janBOamtLMnUtTTJiZDFKemJjVG1uMG1qc0ZB\" target=\"_blank\"><img decoding=\"async\" src=\"https:\/\/lh3.googleusercontent.com\/pw\/AP1GczNvBBI_rDiAsNCP7dlasohuSLufUcKJ6vx5aQzclH4CVM_3GNz71KLgtHP7JNawPQoyOciN-3JKEYbgbdCuyJClZ4Uggo96hby-F-P1FeLZXQ8PE-OboBgz6BkE2hGMYUZ27jig6JRlZFeD2ZzkJ0pL=w2000-h1500-s-no-gm?authuser=0\" width=\"2000\" height=\"1500\" alt=\"Sa\u011fdan sa\u011fa: Hokuryu Kasaba Ofisi Sanayi B\u00f6l\u00fcm\u00fc ba\u015fkan\u0131 Junichi Iguchi, e\u011fitmenler Kazuo Shibasaki, Susumu Yotsuji ve b\u00f6l\u00fcm \u015fefi Yoshihiro Ichiba\" class=\"size-full\" \/><\/a><figcaption class=\"wp-caption-text\">Sa\u011fdan sa\u011fa: Hokuryu Kasaba Ofisi Sanayi B\u00f6l\u00fcm\u00fc ba\u015fkan\u0131 Junichi Iguchi, e\u011fitmenler Kazuo Shibasaki, Susumu Yotsuji ve b\u00f6l\u00fcm \u015fefi Yoshihiro Ichiba<\/figcaption><\/figure>\n<p>Mevsimlerin de\u011fi\u015fmesiyle birlikte t\u00fcm ya\u015fam d\u00f6ng\u00fcs\u00fc de\u011fi\u015fir. . .<br \/>\n&quot;Ge\u00e7icilik&quot; esteti\u011fini, g\u00fczelli\u011fi ve ge\u00e7icili\u011fi, bulu\u015fmalar\u0131 ve ayr\u0131l\u0131klar\u0131, s\u00fcrekli de\u011fi\u015fen olaylar\u0131 simgeleyen zarif kiraz \u00e7i\u00e7e\u011fine s\u0131n\u0131rs\u0131z sevgimizi, \u015f\u00fckran\u0131m\u0131z\u0131 ve dualar\u0131m\u0131z\u0131 koyduk. . .<\/p>\n<figure class=\"wp-caption aligncenter\"><a href=\"https:\/\/photos.google.com\/share\/AF1QipPejYyJshwITgQg7gCx6XNHwd0VzfDZNV7NVN3wULnnSF7zzcdHD5QspQX6th3uxA\/photo\/AF1QipMetitWY0i4yRrhUivf4tjoei1OoIs-a54pmb8?key=Y05janBOamtLMnUtTTJiZDFKemJjVG1uMG1qc0ZB\" target=\"_blank\"><img decoding=\"async\" src=\"https:\/\/lh3.googleusercontent.com\/pw\/AP1GczMEa62ofRijQkmDcWxVX189YwDjgW3UqKT14Wy9wptiaQB4fuPYSJ9Zri4sidCB2OOtKhT8IFJIs5jVTAgFz8olOwwKSBGkI1DF7S3JXu6G7Ztf04HZ4qqHPG1M0eAMfhUhLuTnvRhETgMGUCpN5f7R=w2000-h1500-s-no-gm?authuser=0\" width=\"2000\" height=\"1500\" alt=\"10 y\u0131l sonras\u0131ndaki zarif kiraz \u00e7i\u00e7eklerini hayal ediyorum. . .\" class=\"size-full\" \/><\/a><figcaption class=\"wp-caption-text\">10 y\u0131l sonras\u0131ndaki zarif kiraz \u00e7i\u00e7eklerini hayal ediyorum. . .<\/figcaption><\/figure>\n<figure class=\"wp-caption aligncenter\"><a href=\"https:\/\/photos.google.com\/share\/AF1QipPejYyJshwITgQg7gCx6XNHwd0VzfDZNV7NVN3wULnnSF7zzcdHD5QspQX6th3uxA\/photo\/AF1QipN3Zom1RqL4r6CaNGvzff1bBqVLpTpRnJV7xkQ?key=Y05janBOamtLMnUtTTJiZDFKemJjVG1uMG1qc0ZB\" target=\"_blank\"><img decoding=\"async\" src=\"https:\/\/lh3.googleusercontent.com\/pw\/AP1GczNahxkNBXM05HuvrVcB3LPrBYdym9TTo-yxfyFuYFKWrAeB81m_l5dChGIIYxrsxPTi1VjQkbDxwzbkqHkgkL65ybHlTj-WeuKBGThr1jQoDQwzQVmv4CKNcD1NQYHL7hkeOkm4K6T-5xUfteTGYgEf=w2000-h1500-s-no-gm?authuser=0\" width=\"2000\" height=\"1500\" alt=\"Ay\u00e7i\u00e7e\u011fi k\u00f6y\u00fcn\u00fcn \u00fczerine ye\u015fil bir hal\u0131 yay\u0131l\u0131yor\" class=\"size-full\" \/><\/a><figcaption class=\"wp-caption-text\">Ay\u00e7i\u00e7e\u011fi k\u00f6y\u00fcn\u00fcn \u00fczerine ye\u015fil bir hal\u0131 yay\u0131l\u0131yor<\/figcaption><\/figure>\n<h2>Youtube videolar\u0131<\/h2>\n<div class=\"youtube\"><iframe title=\"Hokuryu Belediye Binas\u0131 kasabal\u0131lar\u0131n fikrini hayata ge\u00e7iriyor! Nonno Orman\u0131&#039;na kiraz fidan\u0131 dikimi\" src=\"https:\/\/www.youtube.com\/embed\/PQCOEYZTm1Y?feature=oembed\" frameborder=\"0\" allow=\"accelerometer; autoplay; clipboard-write; encrypted-media; gyroscope; picture-in-picture; web-share\" referrerpolicy=\"strict-origin-when-cross-origin\" allowfullscreen><\/iframe><\/div>\n<h2>Di\u011fer foto\u011fraflar<\/h2>\n<div class=\"img-move\"><img decoding=\"async\" style=\"vertical-align: middle;\" src=\"https:\/\/ehokkaido.net\/wp-content\/uploads\/2021\/12\/2021-12-06-11.41.12.png\" \/> <a href=\"https:\/\/photos.app.goo.gl\/bd6oCtqGkruVfYZH7\" target=\"_blank\" rel=\"noopener noreferrer\">Hokuryu Belediye Binas\u0131 kasabal\u0131lar\u0131n fikrini hayata ge\u00e7iriyor! Nonno Orman\u0131&#039;ndaki &quot;kiraz a\u011fac\u0131 dikimi&quot;nin 28 foto\u011fraf\u0131 i\u00e7in buraya t\u0131klay\u0131n &gt;&gt;<\/a><\/div>\n<h2>\u0130lgili makaleler<\/h2>\n\n        <div class=\"site-blogcard-premium\">\n            <div class=\"bc-label-custom\">\u0130lgili makaleler<\/div>\n            <div class=\"bc-flex-container\">\n                <div class=\"bc-main-text\">\n                    <div class=\"bc-title-link-box\">\n                        <a href=\"https:\/\/portal.hokuryu.info\/tr\/52535\/\" target=\"_blank\">https:\/\/portal.hokuryu.info\/52535<\/a>\n                    <\/div>\n                    <div class=\"bc-excerpt-box\">Sayfa bilgileri al\u0131namad\u0131.<\/div>\n                <\/div>\n                <div class=\"bc-thumbnail-box\">\n                    <a href=\"https:\/\/portal.hokuryu.info\/tr\/52535\/\" target=\"_blank\">\n                        <div class=\"bc-img-zoom-wrap\">\n                            <img decoding=\"async\" src=\"https:\/\/portal.hokuryu.info\/wp\/wp-content\/uploads\/2026\/02\/20230802DSC06445_1.jpg\" alt=\"https:\/\/portal.hokuryu.info\/52535\">\n                        <\/div>\n                    <\/a>\n                <\/div>\n            <\/div>\n        <\/div>\n\n        <div class=\"site-blogcard-premium\">\n            <div class=\"bc-label-custom\">\u0130lgili makaleler<\/div>\n            <div class=\"bc-flex-container\">\n                <div class=\"bc-main-text\">\n                    <div class=\"bc-title-link-box\">\n                        <a href=\"https:\/\/portal.hokuryu.info\/tr\/39179\/\" target=\"_blank\">https:\/\/portal.hokuryu.info\/39179<\/a>\n                    <\/div>\n                    <div class=\"bc-excerpt-box\">Sayfa bilgileri al\u0131namad\u0131.<\/div>\n                <\/div>\n                <div class=\"bc-thumbnail-box\">\n                    <a href=\"https:\/\/portal.hokuryu.info\/tr\/39179\/\" target=\"_blank\">\n                        <div class=\"bc-img-zoom-wrap\">\n                            <img decoding=\"async\" src=\"https:\/\/portal.hokuryu.info\/wp\/wp-content\/uploads\/2026\/02\/20230802DSC06445_1.jpg\" alt=\"https:\/\/portal.hokuryu.info\/39179\">\n                        <\/div>\n                    <\/a>\n                <\/div>\n            <\/div>\n        <\/div>\n\n        <div class=\"site-blogcard-premium\">\n            <div class=\"bc-label-custom\">\u0130lgili makaleler<\/div>\n            <div class=\"bc-flex-container\">\n                <div class=\"bc-main-text\">\n                    <div class=\"bc-title-link-box\">\n                        <a href=\"https:\/\/portal.hokuryu.info\/tr\/22629\/\" target=\"_blank\">https:\/\/portal.hokuryu.info\/22629<\/a>\n                    <\/div>\n                    <div class=\"bc-excerpt-box\">Sayfa bilgileri al\u0131namad\u0131.<\/div>\n                <\/div>\n                <div class=\"bc-thumbnail-box\">\n                    <a href=\"https:\/\/portal.hokuryu.info\/tr\/22629\/\" target=\"_blank\">\n                        <div class=\"bc-img-zoom-wrap\">\n                            <img decoding=\"async\" src=\"https:\/\/portal.hokuryu.info\/wp\/wp-content\/uploads\/2026\/02\/20230802DSC06445_1.jpg\" alt=\"https:\/\/portal.hokuryu.info\/22629\">\n                        <\/div>\n                    <\/a>\n                <\/div>\n            <\/div>\n        <\/div>\n<p>\u25c7 <a href=\"https:\/\/portal.hokuryu.info\/tr\/38127\/#outline_1__7_2_1\">Foto\u011fraf\u00e7\u0131l\u0131k, d\u00fczenleme ve web sitesi y\u00f6netimi: Noboru Terauchi Yazar: Ikuko Terauchi<\/a><\/p>","protected":false},"excerpt":{"rendered":"<p>\uff12\uff10\uff12\uff15\u5e74\uff15\u6708\uff12\u65e5\uff08\u91d1\uff09 \uff14\u6708\uff13\uff10\u65e5\uff08\u6c34\uff09\u3001\u5317\u7adc\u753a\u300c\u30ce\u30f3\u30ce\u306e\u68ee\u300d\u306b\u3066\u3001\u7a7a\u77e5\u5730\u533a\u6307\u5c0e\u6797\u5bb6\u9023\u7d61\u5354\u8b70\u4f1a\u306b\u6240\u5c5e\u3059\u308b\u6307\u5c0e\u6797\u5bb6\u30fb\u67f4\u5d0e\u548c\u7537\u3055\u3093\u3001\u5317\u7adc\u753a\u6c11\u30fb\u56db\u8fbb\u9032\u3055\u3093\u3001\u5317\u7adc\u753a\u5f79\u5834\u7523\u696d\u8ab2\u30fb\u4e95\u53e3\u7d14\u4e00 \u8ab2\u9577\u3001\u5e02\u5834\u7fa9\u5f18 \u4fc2\u9577 [&hellip;]<\/p>\n","protected":false},"author":1,"featured_media":58025,"comment_status":"open","ping_status":"open","sticky":false,"template":"","format":"standard","meta":{"footnotes":""},"categories":[4,75,92],"tags":[],"class_list":["post-57979","post","type-post","status-publish","format-standard","has-post-thumbnail","hentry","category-cover-story","category-sasaki-yasuhiro-mayor","category-bloom_2025"],"_links":{"self":[{"href":"https:\/\/portal.hokuryu.info\/tr\/wp-json\/wp\/v2\/posts\/57979","targetHints":{"allow":["GET"]}}],"collection":[{"href":"https:\/\/portal.hokuryu.info\/tr\/wp-json\/wp\/v2\/posts"}],"about":[{"href":"https:\/\/portal.hokuryu.info\/tr\/wp-json\/wp\/v2\/types\/post"}],"author":[{"embeddable":true,"href":"https:\/\/portal.hokuryu.info\/tr\/wp-json\/wp\/v2\/users\/1"}],"replies":[{"embeddable":true,"href":"https:\/\/portal.hokuryu.info\/tr\/wp-json\/wp\/v2\/comments?post=57979"}],"version-history":[{"count":0,"href":"https:\/\/portal.hokuryu.info\/tr\/wp-json\/wp\/v2\/posts\/57979\/revisions"}],"wp:featuredmedia":[{"embeddable":true,"href":"https:\/\/portal.hokuryu.info\/tr\/wp-json\/wp\/v2\/media\/58025"}],"wp:attachment":[{"href":"https:\/\/portal.hokuryu.info\/tr\/wp-json\/wp\/v2\/media?parent=57979"}],"wp:term":[{"taxonomy":"category","embeddable":true,"href":"https:\/\/portal.hokuryu.info\/tr\/wp-json\/wp\/v2\/categories?post=57979"},{"taxonomy":"post_tag","embeddable":true,"href":"https:\/\/portal.hokuryu.info\/tr\/wp-json\/wp\/v2\/tags?post=57979"}],"curies":[{"name":"wp","href":"https:\/\/api.w.org\/{rel}","templated":true}]}}