{"id":56941,"date":"2025-04-02T13:36:28","date_gmt":"2025-04-02T04:36:28","guid":{"rendered":"https:\/\/portal.hokuryu.info\/?p=56941"},"modified":"2025-05-22T08:16:59","modified_gmt":"2025-05-21T23:16:59","slug":"koy-destekcileri-ve-yerel-canlandirma-gonulluleri-icin-aylik-toplanti-ve-veda-partisi","status":"publish","type":"post","link":"https:\/\/portal.hokuryu.info\/tr\/56941\/","title":{"rendered":"K\u00f6y destek\u00e7ileri ve yerel canland\u0131rma g\u00f6n\u00fcll\u00fcleri i\u00e7in ayl\u0131k toplant\u0131 ve veda partisi @Kitchen Seisei"},"content":{"rendered":"<p>\u00c7ar\u015famba, 2 Nisan 2025<\/p>\n<p>Yerel canland\u0131rma i\u015fbirli\u011fi ekibi \u00fcyeleri ve k\u00f6y destek\u00e7ileri i\u00e7in d\u00fczenlenen ayl\u0131k toplant\u0131 ve Mart ay\u0131 sonunda g\u00f6rev s\u00fcresi dolacak olan yerel canland\u0131rma i\u015fbirli\u011fi ekibi \u00fcyesi Sasaki Yui i\u00e7in d\u00fczenlenen veda partisi, 26 Mart \u00c7ar\u015famba g\u00fcn\u00fc saat 17:30&#039;da Kitchen Harebare&#039;de d\u00fczenlendi.<\/p>\n<h2>K\u00f6y destek\u00e7ileri ve yerel canland\u0131rma i\u015fbirli\u011fi ekibi \u00fcyelerinin ayl\u0131k toplant\u0131s\u0131<\/h2>\n<p>Kat\u0131l\u0131mc\u0131lar aras\u0131nda Belediye Ba\u015fkan\u0131 Sasaki Yasuhiro, Belediye Ba\u015fkan Yard\u0131mc\u0131s\u0131 Okuda Masaaki, Planlama ve Tan\u0131t\u0131m B\u00f6l\u00fcm\u00fc \u015eefi Kawamoto Yayoi, Meclis \u00dcyesi Mori Chiaki, K\u00f6y Destek G\u00f6revlisi Murakami Nobuyuki, B\u00f6lgesel Canland\u0131rma \u0130\u015fbirli\u011fi Ekibi \u00dcyesi Sasaki Yui ve K\u00f6y Destek G\u00f6revlileri Terauchi Noboru ve Ikuko vard\u0131.<\/p>\n<p>Eski yerel canland\u0131rma g\u00f6n\u00fcll\u00fcleri Yasuhide Nishijima ve Chiaki Nakano taraf\u0131ndan i\u015fletilen Bat\u0131 tarz\u0131 bir restoran olan &quot;Kitchen Harebare&quot;de bir veda partisi d\u00fczenlendi.<\/p>\n<figure class=\"wp-caption aligncenter\"><a href=\"https:\/\/photos.google.com\/share\/AF1QipOIrn-Ps3qJMcseHqL3U--R-syy_H8N9tTDPr0Bd3YcgwUnMETdNfhWzYarDxp9QQ\/photo\/AF1QipM3mSxt_8wq8eu2DOooRN1aoedQwWxEpTqvgjM?key=ZlhmbFlBZTZTQTd6aVlGekVaczRKU2VxQkFLcmp3\" target=\"_blank\"><img decoding=\"async\" src=\"https:\/\/lh3.googleusercontent.com\/pw\/AP1GczOGXgLVQzimnE6g6-7OVmFWPT7pikQZ-yDdACJVAcHsmJx5RPlHmx9JIlK295_ke3PvHQTtgwsCGc96TCTQY7ujvDhkUw4dJn9V-laECLftu6jBCja0hLJ4Lm11guv7Dw7ZaU1TwpTS-2kGNH-FF_oH=w2000-h1500-s-no-gm?authuser=0\" width=\"2000\" height=\"1500\" alt=\"K\u00f6y destek\u00e7ileri ve yerel canland\u0131rma i\u015fbirli\u011fi ekibi \u00fcyelerinin ayl\u0131k toplant\u0131s\u0131\" class=\"size-full\" \/><\/a><figcaption class=\"wp-caption-text\">K\u00f6y destek\u00e7ileri ve yerel canland\u0131rma i\u015fbirli\u011fi g\u00f6n\u00fcll\u00fclerinin ayl\u0131k toplant\u0131lar\u0131, yerel canland\u0131rma i\u015fbirli\u011fi g\u00f6n\u00fcll\u00fcleri<\/figcaption><\/figure>\n<h2>Yerel canland\u0131rma i\u015fbirli\u011fi ekibinin bir \u00fcyesi olan Yui Sasaki&#039;ye veda partisi<\/h2>\n<h3>Yui Sasaki&#039;den selamlar<\/h3>\n<figure class=\"wp-caption aligncenter\"><a href=\"https:\/\/photos.google.com\/share\/AF1QipOIrn-Ps3qJMcseHqL3U--R-syy_H8N9tTDPr0Bd3YcgwUnMETdNfhWzYarDxp9QQ\/photo\/AF1QipO2MTtRdIAGrorzFlZNI3Dqu43tgmFa3YgIR0I?key=ZlhmbFlBZTZTQTd6aVlGekVaczRKU2VxQkFLcmp3\" target=\"_blank\"><img decoding=\"async\" src=\"https:\/\/lh3.googleusercontent.com\/pw\/AP1GczOoljUpXYpeC52MH6EXe8JvqAhmt7_vcP_665Hz-B7atQiMiXmITMCB07KDGrMIYqGEfq2wiDy3JFJG4VtupmZZfXmFuHS7S2outuMK8YHVBr4UKj5p8UiBPAmNFuGAoE65zZS6_sbH1hmnlFSMQunk=w2000-h1198-s-no-gm?authuser=0\" width=\"2000\" height=\"1198\" alt=\"Yui Sasaki&#039;den selamlar\" class=\"size-full\" \/><\/a><figcaption class=\"wp-caption-text\">Yui Sasaki&#039;den selamlar<\/figcaption><\/figure>\n<p>&quot;\u0130lk kez yerel canland\u0131rma g\u00f6n\u00fcll\u00fcs\u00fc oldu\u011fumda, merdivenlerden d\u00fc\u015f\u00fcp kendimi yaralad\u0131m, bu y\u00fczden muayene olmak i\u00e7in kasaba klini\u011fine gittim. &#039;Burada g\u00f6n\u00fcll\u00fc olarak \u00e7al\u0131\u015f\u0131yorum&#039; dedi\u011fimde, doktor bana &#039;\u00dc\u00e7 y\u0131ld\u0131r g\u00f6n\u00fcll\u00fcs\u00fcn ama yar\u0131 yolda ayr\u0131lmayacak m\u0131s\u0131n?!&#039; dedi. Ama ben, &#039;Sonuna kadar yapaca\u011f\u0131m!&#039; dedim ve \u00fc\u00e7 y\u0131l boyunca bunu sonuna kadar g\u00f6t\u00fcrmeyi ba\u015fard\u0131m.<\/p>\n<p>Al\u0131\u015f\u0131k olmad\u0131\u011f\u0131m ve d\u00fczg\u00fcn yapmad\u0131\u011f\u0131m baz\u0131 \u015feyler oldu ama herkes bana kar\u015f\u0131 \u00e7ok nazikti ve \u00e7ok g\u00fczel vakit ge\u00e7irdim. Gelecekte Murakami-san arac\u0131l\u0131\u011f\u0131yla tasar\u0131m projeleri \u00fczerinde \u00e7al\u0131\u015fmaya devam etmeyi umuyorum.<\/p>\n<p>F\u0131rsat\u0131m olursa Hokuryu Kasabas\u0131&#039;n\u0131 tekrar ziyaret etmek isterim. Umar\u0131m gelecekte tekrar sizinle g\u00f6r\u00fc\u015fme f\u0131rsat\u0131 bulurum.<\/p>\n<p>Yard\u0131mlar\u0131n\u0131z i\u00e7in te\u015fekk\u00fcr ederim. \u00c7ok te\u015fekk\u00fcr ederim&quot; dedi Sasaki Yui.<\/p>\n<h3>Belediye Ba\u015fkan Yard\u0131mc\u0131s\u0131 Masaaki Okuda&#039;n\u0131n kadeh kald\u0131rmas\u0131<\/h3>\n<figure class=\"wp-caption aligncenter\"><a href=\"https:\/\/photos.google.com\/share\/AF1QipOIrn-Ps3qJMcseHqL3U--R-syy_H8N9tTDPr0Bd3YcgwUnMETdNfhWzYarDxp9QQ\/photo\/AF1QipM-0A1Tw6QZZz8dCy6em2RsT7-w4pYJ1lQS7DM?key=ZlhmbFlBZTZTQTd6aVlGekVaczRKU2VxQkFLcmp3\" target=\"_blank\"><img decoding=\"async\" src=\"https:\/\/lh3.googleusercontent.com\/pw\/AP1GczOqDmBrOxiU9iCeu2UD3bHlVg4zTYfoW759P8zH6FWC2FrCYRiN9I9ql_5JHPgdnY1kR8RuDfjrncSswroe2Oc05ma8qh5HLCPMwMZjbMk9Okaq5B8QzvcXrNNZavwn4p-ezuFxn3Xaj1PnO0AIs4vB=w2000-h1333-s-no-gm?authuser=0\" width=\"2000\" height=\"1333\" alt=\"Belediye Ba\u015fkan Yard\u0131mc\u0131s\u0131 Masaaki Okuda&#039;n\u0131n kadeh kald\u0131rmas\u0131\" class=\"size-full\" \/><\/a><figcaption class=\"wp-caption-text\">Belediye Ba\u015fkan Yard\u0131mc\u0131s\u0131 Masaaki Okuda&#039;n\u0131n kadeh kald\u0131rmas\u0131<\/figcaption><\/figure>\n<p>&quot;\u015eimdiye kadar \u0130n\u015faat B\u00f6l\u00fcm\u00fc&#039;ndeydim, bu y\u00fczden g\u00f6n\u00fcll\u00fclerle pek fazla temas\u0131m olmad\u0131. Bundan sonra onlarla aktif olarak konu\u015fmak ve daha fazla ileti\u015fim kurmak istiyorum, bu y\u00fczden devam eden deste\u011finiz i\u00e7in te\u015fekk\u00fcr ederim.<\/p>\n<p>Gelecekte Tokyo&#039;da pek \u00e7ok farkl\u0131 i\u015f imk\u00e2n\u0131 mevcut, bu y\u00fczden se\u00e7eneklerinizin artaca\u011f\u0131n\u0131 d\u00fc\u015f\u00fcn\u00fcyorum, bu y\u00fczden elinizden gelenin en iyisini yapman\u0131z\u0131 umuyorum. Umar\u0131m en k\u0131sa zamanda geri d\u00f6nersin.<\/p>\n<p>Yui&#039;nin gelecekteki ba\u015far\u0131lar\u0131na kadeh kald\u0131ral\u0131m! ! ! &quot; dedi Belediye Ba\u015fkan Yard\u0131mc\u0131s\u0131 Okuda.<\/p>\n<figure class=\"wp-caption aligncenter\"><a href=\"https:\/\/photos.google.com\/share\/AF1QipOIrn-Ps3qJMcseHqL3U--R-syy_H8N9tTDPr0Bd3YcgwUnMETdNfhWzYarDxp9QQ\/photo\/AF1QipOhxejOOnGxakxrk45a19ITAcepYl9uD62oKso?key=ZlhmbFlBZTZTQTd6aVlGekVaczRKU2VxQkFLcmp3\" target=\"_blank\"><img decoding=\"async\" src=\"https:\/\/lh3.googleusercontent.com\/pw\/AP1GczN66s-Du3n9-lOk30xBAyfhTQKi163AiZ-tVKMd-G0MSNggCMpe7vqsoNOF5xmU0AjvFF4IJvLZjiuGANDpkLTZwegwhsb-5BouIEybDmeIC66O6M5v3uIcys-dbIffYcKbueWPn53SOea3tM0UujiB=w2000-h1333-s-no-gm?authuser=0\" width=\"2000\" height=\"1333\" alt=\"Belediye Ba\u015fkan\u0131 Sasaki de orada olacak!\" class=\"size-full\" \/><\/a><figcaption class=\"wp-caption-text\">Belediye Ba\u015fkan\u0131 Sasaki de orada olacak!<\/figcaption><\/figure>\n<h3>Yiyecek<\/h3>\n<h4>Somon Namero &amp; Krem Peynir ve Prosciutto Bruschetta<\/h4>\n<figure class=\"wp-caption aligncenter\"><a href=\"https:\/\/photos.google.com\/share\/AF1QipOIrn-Ps3qJMcseHqL3U--R-syy_H8N9tTDPr0Bd3YcgwUnMETdNfhWzYarDxp9QQ\/photo\/AF1QipO5fMIA0q5ySeEiMKrf8Z9ks-aNHG0PfQW2qcE?key=ZlhmbFlBZTZTQTd6aVlGekVaczRKU2VxQkFLcmp3\" target=\"_blank\"><img decoding=\"async\" src=\"https:\/\/lh3.googleusercontent.com\/pw\/AP1GczPyUK7Tds2MIPpvEiSWgWcZ9HKjGliD3dasgtUXZifgkTJ3rJIwZGKCA3BMKAF7fb3RjOu6MMXRAngXuo3x9Sk5N2h8p9JzQxhU4CN7RtXn2G18FJu93WFpNKZqeUEq6lzSU6B9r7yepaxphm-di93f=w2000-h1500-s-no-gm?authuser=0\" width=\"2000\" height=\"1500\" alt=\"Somon Namero &amp; Krem Peynir ve Prosciutto Bruschetta\" class=\"size-full\" \/><\/a><figcaption class=\"wp-caption-text\">Somon Namero &amp; Krem Peynir ve Prosciutto Bruschetta<\/figcaption><\/figure>\n<h4>Miso Nabe<\/h4>\n<figure class=\"wp-caption aligncenter\"><a href=\"https:\/\/photos.google.com\/share\/AF1QipOIrn-Ps3qJMcseHqL3U--R-syy_H8N9tTDPr0Bd3YcgwUnMETdNfhWzYarDxp9QQ\/photo\/AF1QipM55_P_a6edVDnr4wvLms1nZHW_44DficSkBkw?key=ZlhmbFlBZTZTQTd6aVlGekVaczRKU2VxQkFLcmp3\" target=\"_blank\"><img decoding=\"async\" src=\"https:\/\/lh3.googleusercontent.com\/pw\/AP1GczNVos7SiWPYJjG8JOM8UpfDuyjOcfFqpABTnuiQ5rXguTl4D_Hh52HiTWVZhRDF0BzZEm2ezMvUmRKJ_QFHsEtBFCoCr3-p_LoN7u9BYXJEgSavw73vIr81MGPq_endarf-PXI3laJ4PZQpn4ZFZYvN=w2000-h1500-s-no-gm?authuser=0\" width=\"2000\" height=\"1500\" alt=\"Miso Nabe\" class=\"size-full\" \/><\/a><figcaption class=\"wp-caption-text\">Miso Nabe<\/figcaption><\/figure>\n<h4>Susam aromal\u0131 palamut<\/h4>\n<figure class=\"wp-caption aligncenter\"><a href=\"https:\/\/photos.google.com\/share\/AF1QipOIrn-Ps3qJMcseHqL3U--R-syy_H8N9tTDPr0Bd3YcgwUnMETdNfhWzYarDxp9QQ\/photo\/AF1QipNc_5rhSYt1N_4Ig-XyF2nLT6fEI-HownhqGCY?key=ZlhmbFlBZTZTQTd6aVlGekVaczRKU2VxQkFLcmp3\" target=\"_blank\"><img decoding=\"async\" src=\"https:\/\/lh3.googleusercontent.com\/pw\/AP1GczOKtX786CW8NqOH1JkY7Sw8q_Y1YLX0brmxRyrZnI9UdcfwHcd8Q-w7b2yJ4sppRbmxfqWjnD1EeKYYCRybj3MzRqc-CYa1pzJftqRgHUMZ9UqbMbx2xYQeU99acI3pmqV595Xjxx_B-rIn-i5tAHdb=w2000-h1500-s-no-gm?authuser=0\" width=\"2000\" height=\"1500\" alt=\"Susam aromal\u0131 palamut\" class=\"size-full\" \/><\/a><figcaption class=\"wp-caption-text\">Susam aromal\u0131 palamut<\/figcaption><\/figure>\n<h4>K\u0131zarm\u0131\u015f tavuk<\/h4>\n<figure class=\"wp-caption aligncenter\"><a href=\"https:\/\/photos.google.com\/share\/AF1QipOIrn-Ps3qJMcseHqL3U--R-syy_H8N9tTDPr0Bd3YcgwUnMETdNfhWzYarDxp9QQ\/photo\/AF1QipOC7A2VPyKagR6zYjBi9LxbmpmFa8P-cnFLaRY?key=ZlhmbFlBZTZTQTd6aVlGekVaczRKU2VxQkFLcmp3\" target=\"_blank\"><img decoding=\"async\" src=\"https:\/\/lh3.googleusercontent.com\/pw\/AP1GczMcmslf59_zNuO6UYHH2r79_hc1fXdBI_ED7V5fgCGalIR9RLZqsvzg0SNErBJkCCdaSH4TgRDTR6WIygT7xdUYZ3S64Sl3x3eWksxsAxduLROaaXgtHJvb8tyxmDzfBGxcwu1qFBmDW85w7YmQkgWw=w2000-h1500-s-no-gm?authuser=0\" width=\"2000\" height=\"1500\" alt=\"K\u0131zarm\u0131\u015f tavuk\" class=\"size-full\" \/><\/a><figcaption class=\"wp-caption-text\">K\u0131zarm\u0131\u015f tavuk<\/figcaption><\/figure>\n<h4>Yabani sebze soslu Tamagoyaki<\/h4>\n<figure class=\"wp-caption aligncenter\"><a href=\"https:\/\/photos.google.com\/share\/AF1QipOIrn-Ps3qJMcseHqL3U--R-syy_H8N9tTDPr0Bd3YcgwUnMETdNfhWzYarDxp9QQ\/photo\/AF1QipNWK4PfAp7DScwG2q6u2HhCSatkb7s3DoUeYXk?key=ZlhmbFlBZTZTQTd6aVlGekVaczRKU2VxQkFLcmp3\" target=\"_blank\"><img decoding=\"async\" src=\"https:\/\/lh3.googleusercontent.com\/pw\/AP1GczPi3l-wDEysWnvhUmiEjaJTesOTfVtRPNNd4CocVzYO8wEXmP4pRYgCb-y086WhC-ntPQjC8C5SpVjb4rIIzGy3HIil6XQe6Ij1_qk_wAhWJbm06eiOpub2R1FSrNsor9xIn7PywGxHmQGaTMqSYK3J=w2000-h1500-s-no-gm?authuser=0\" width=\"2000\" height=\"1500\" alt=\"Yabani sebze soslu Tamagoyaki\" class=\"size-full\" \/><\/a><figcaption class=\"wp-caption-text\">Yabani sebze soslu Tamagoyaki<\/figcaption><\/figure>\n<h4>Son yemek: pirin\u00e7 lapas\u0131<\/h4>\n<figure class=\"wp-caption aligncenter\"><a href=\"https:\/\/photos.google.com\/share\/AF1QipOIrn-Ps3qJMcseHqL3U--R-syy_H8N9tTDPr0Bd3YcgwUnMETdNfhWzYarDxp9QQ\/photo\/AF1QipMYTN-wSaeGWgt4D5hoQPSgGc_TmhPLtN1x9l8?key=ZlhmbFlBZTZTQTd6aVlGekVaczRKU2VxQkFLcmp3\" target=\"_blank\"><img decoding=\"async\" src=\"https:\/\/lh3.googleusercontent.com\/pw\/AP1GczMKpOC1lK8peM1Tmkg75BX4ww-mR3i_TIi03uW2C5Cx3lRUgUeViC7BYX6kHki0KG6nZy2rBtTIu7OxV-9czrv06mx5o-Ts_cq93LJPSriRjVJwm0t8Hcbh9xJ-bpeKZE7kNPKJm334s6oxO3sg9WbX=w2000-h1500-s-no-gm?authuser=0\" width=\"2000\" height=\"1500\" alt=\"Son yemek: pirin\u00e7 lapas\u0131\" class=\"size-full\" \/><\/a><figcaption class=\"wp-caption-text\">Son yemek: pirin\u00e7 lapas\u0131<\/figcaption><\/figure>\n<h3>Kapan\u0131\u015f konu\u015fmas\u0131<\/h3>\n<p>Noboru Terauchi, 15 y\u0131ld\u0131r yerel canland\u0131rma i\u015fbirli\u011fi ekibi \u00fcyesi ve k\u00f6y destek\u00e7isi olarak Kitary\u016b Kasaba Portal\u0131&#039;n\u0131 y\u00f6netiyor.<\/p>\n<figure class=\"wp-caption aligncenter\"><a href=\"https:\/\/photos.google.com\/share\/AF1QipOIrn-Ps3qJMcseHqL3U--R-syy_H8N9tTDPr0Bd3YcgwUnMETdNfhWzYarDxp9QQ\/photo\/AF1QipPnficumf77F1PuhYV4coHIxCZ0nzT7xmkd5-0?key=ZlhmbFlBZTZTQTd6aVlGekVaczRKU2VxQkFLcmp3\" target=\"_blank\"><img decoding=\"async\" src=\"https:\/\/lh3.googleusercontent.com\/pw\/AP1GczNtPQBbE5lVdG_Mzakm4J9TanO1qqxB_HfoPWI3PPQiN4gku701fe-U2glYkwpq4GJ79oDG76vymIgNxD2spzqmktNscG3648VFJyOd9615vVB1CGcPqEAbt2Oy6ZM3v6kYG04yMEZrzvueNzpUtSQ3=w2000-h1333-s-no-gm?authuser=0\" width=\"2000\" height=\"1333\" alt=\"K\u00f6y destek\u00e7isi Noboru Terauchi\" class=\"size-full\" \/><\/a><figcaption class=\"wp-caption-text\">K\u00f6y destek\u00e7isi Noboru Terauchi<\/figcaption><\/figure>\n<p>&quot;E\u015fim ve ben 2010 y\u0131l\u0131nda 53 ya\u015f\u0131ndayken Hokuryu&#039;ya geldik. \u015eu anda 68 ya\u015f\u0131nday\u0131m. O zamanlar Tokyo&#039;da erken ba\u015flang\u0131\u00e7l\u0131 Alzheimer hastal\u0131\u011f\u0131 te\u015fhisi konmu\u015ftu ve Hokuryu&#039;ya geldi\u011fimde Sunagawa Hastanesi&#039;nde &#039;erken ba\u015flang\u0131\u00e7l\u0131 Alzheimer hastal\u0131\u011f\u0131 reddedildi&#039; te\u015fhisi kondu. Tokyo&#039;daki bir hastaneden ve Hokkaido&#039;daki bir hastaneden olmak \u00fczere iki sa\u011fl\u0131k sertifikam var.<\/p>\n<p>Hokuryu Kasabas\u0131na geldi\u011fimizden beri kasaba halk\u0131n\u0131n s\u0131cak duygular\u0131 sayesinde hayat\u0131m\u0131z iki kez kurtuldu. Hokuryu Kasabas\u0131na ta\u015f\u0131nd\u0131\u011f\u0131mda ve bir trafik kazas\u0131nda i\u015fimi kaybetti\u011fimde. Ruhsal olarak en zor zamanlar\u0131mda Hokuryu Kasabas\u0131 sakinleri bana g\u00fczel s\u00f6zler s\u00f6ylediler ve s\u0131rayla evde yeti\u015ftirdikleri sebzeleri bana getirdiler. Herkesin nezaketi ve \u015fefkati beni derinden etkiledi ve rahatlatt\u0131.<\/p>\n<p>\u015eu an d\u00fc\u015f\u00fcnd\u00fc\u011f\u00fcm \u015fey, kar\u015f\u0131n\u0131za \u00e7\u0131kan her \u015feyi (size verilen ortam\u0131) kabul etmenin ve o an onu nas\u0131l yarg\u0131lad\u0131\u011f\u0131n\u0131z\u0131n, hangi se\u00e7imi yapt\u0131\u011f\u0131n\u0131z\u0131n hayat\u0131n\u0131z\u0131n geri kalan\u0131n\u0131 belirleyece\u011fi ger\u00e7e\u011fidir. Her \u015feyi reddetmek veya k\u00fc\u00e7\u00fcmsemek yerine oldu\u011fu gibi kabul etmenin benim i\u00e7in anlaml\u0131 ve \u00f6nemli oldu\u011funa inan\u0131yorum ve bug\u00fcn oldu\u011fum ki\u015fi olmam\u0131 sa\u011flayan \u015fey de budur.<\/p>\n<p>Hokuryu Kasabas\u0131&#039;n\u0131n muhte\u015femli\u011fini d\u00fcnyaya tan\u0131t\u0131yoruz. D\u00fcnya, Japonya&#039;n\u0131n muhte\u015fem &quot;\u015fefkati&quot; ve &quot;uyum ruhu&quot; kar\u015f\u0131s\u0131nda etkileniyor. Bu ruhun Hokuryu Kasabas\u0131&#039;n\u0131n ruhunun ta kendisi oldu\u011funu d\u00fc\u015f\u00fcn\u00fcyorum.<\/p>\n<p>Japonya&#039;n\u0131n muhte\u015fem Hokuryu kasabas\u0131n\u0131 hemen \u015fimdi duyurman\u0131n sadece sat\u0131\u015flar\u0131 art\u0131r\u0131p bizi \u00fcnl\u00fc yapmayaca\u011f\u0131n\u0131, ayn\u0131 zamanda d\u00fcnyay\u0131 de\u011fi\u015ftirece\u011fine inan\u0131yorum.<\/p>\n<p>Bilginin yay\u0131lmas\u0131 sayesinde hayat\u0131m\u0131z kurtuldu ve uzad\u0131 diyebiliriz, ayn\u0131 zamanda kasaba halk\u0131na da bir nevi geri verme yolu oldu.<\/p>\n<p>Yui&#039;ye s\u00f6ylemek istedi\u011fim \u015fey, ne olursa olsun, ona hangi ortam sunulursa sunulsun, bunlar\u0131n onun hayat\u0131nda bir anlam\u0131 olaca\u011f\u0131d\u0131r.<\/p>\n<p>\u0130li\u015fkilerinizde ve i\u015f hayat\u0131n\u0131zda pek \u00e7ok zorluk ya\u015fayaca\u011f\u0131n\u0131z kesin, ancak ne olursa olsun bunun bir anlam\u0131 oldu\u011funu anlamal\u0131, d\u00fcr\u00fcst\u00e7e kabul etmeli ve bir sonraki ad\u0131mda nas\u0131l yarg\u0131lay\u0131p davranman\u0131z gerekti\u011fini d\u00fc\u015f\u00fcnmelisiniz.<\/p>\n<p>Hayat\u0131n tad\u0131n\u0131 \u00e7\u0131kar\u0131n l\u00fctfen! ! ! \u201d diyor Terauchi.<\/p>\n<figure class=\"wp-caption aligncenter\"><a href=\"https:\/\/photos.google.com\/share\/AF1QipOIrn-Ps3qJMcseHqL3U--R-syy_H8N9tTDPr0Bd3YcgwUnMETdNfhWzYarDxp9QQ\/photo\/AF1QipPqZVCFK7IdDt8hpp1xW4pS-hZmGUOogG0rdsg?key=ZlhmbFlBZTZTQTd6aVlGekVaczRKU2VxQkFLcmp3\" target=\"_blank\"><img decoding=\"async\" src=\"https:\/\/lh3.googleusercontent.com\/pw\/AP1GczMIJXSXwjhcOWdUiKxrWSsi_68MQtnPqxVU5y5-ilu0cFgfW5aYk53M6SI3Gl18XTtx1_TmFxkr_N9OEXAt47RAhADH6JBvkZ6298-sMAs5jIOmeTgMDChBSWZr08LoWS40OMM_NJlW8NaiWeBckcSu=w2000-h1501-s-no-gm?authuser=0\" width=\"2000\" height=\"1501\" alt=\"Gelecek hayat\u0131n\u0131z i\u00e7in dualar\u0131m\u0131z sizinle!\" class=\"size-full\" \/><\/a><figcaption class=\"wp-caption-text\">Gelecek hayat\u0131n\u0131z i\u00e7in dualar\u0131m\u0131z sizinle!<\/figcaption><\/figure>\n<p>B\u00f6lgesel canland\u0131rma i\u015fbirli\u011fi ekibi \u00fcyeleri ve k\u00f6y destek personeli Hokuriku Kasabas\u0131&#039;na yeni bir hayat veriyor ve kasaba halk\u0131na \u0131\u015f\u0131k tutarak onlar\u0131 parlat\u0131yor!<\/p>\n<p>Hokuryu Kasabas\u0131&#039;n\u0131n gelecekteki geli\u015fimi i\u00e7in s\u0131n\u0131rs\u0131z sevgi, \u015f\u00fckran ve dualarla, kasaban\u0131n uyum ruhuyla uyum i\u00e7inde birlikte ilerliyoruz. . .<\/p>\n<h2>Di\u011fer foto\u011fraflar<\/h2>\n<div class=\"img-move\"><img decoding=\"async\" style=\"vertical-align: middle;\" src=\"https:\/\/ehokkaido.net\/wp-content\/uploads\/2021\/12\/2021-12-06-11.41.12.png\" \/> <a href=\"https:\/\/photos.app.goo.gl\/PzNuThLcKPhggksH6\" target=\"_blank\" rel=\"noopener noreferrer\">\u015eubat ay\u0131 faaliyet raporundan ve k\u00f6y destek\u00e7ileri ile yerel canland\u0131rma g\u00f6n\u00fcll\u00fcleri (Kitchen Seisei) i\u00e7in d\u00fczenlenen veda partisinden foto\u011fraflar (24 foto\u011fraf) burada &gt;&gt;<\/a><\/div>\n<h2>\u0130lgili makaleler<\/h2>\n\n        <div class=\"site-blogcard-premium\">\n            <div class=\"bc-label-custom\">\u0130lgili makaleler<\/div>\n            <div class=\"bc-flex-container\">\n                <div class=\"bc-main-text\">\n                    <div class=\"bc-title-link-box\">\n                        <a href=\"https:\/\/portal.hokuryu.info\/tr\/kategori\/kisisel\/mutfak_harebare\/\" target=\"_blank\">Mutfak Harebare (Kategori)<\/a>\n                    <\/div>\n                    <div class=\"bc-excerpt-box\">5 \u015eubat 2025&#039;te a\u00e7\u0131lan Bat\u0131 tarz\u0131 bir restoran olan &quot;Kirchen Harebare&quot; hakk\u0131nda bir makale (Niconico)...<\/div>\n                <\/div>\n                <div class=\"bc-thumbnail-box\">\n                    <a href=\"https:\/\/portal.hokuryu.info\/tr\/kategori\/kisisel\/mutfak_harebare\/\" target=\"_blank\">\n                        <div class=\"bc-img-zoom-wrap\">\n                            <img decoding=\"async\" src=\"https:\/\/portal.hokuryu.info\/wp\/wp-content\/uploads\/2026\/02\/20230802DSC06445_1.jpg\" alt=\"Mutfak Harebare (Kategori)\">\n                        <\/div>\n                    <\/a>\n                <\/div>\n            <\/div>\n        <\/div>\n<p>\u25c7 <a href=\"https:\/\/portal.hokuryu.info\/tr\/38127\/#outline_1__7_2_1\">Foto\u011fraf\u00e7\u0131l\u0131k, d\u00fczenleme ve web sitesi y\u00f6netimi: Noboru Terauchi Yazar: Ikuko Terauchi<\/a><\/p>","protected":false},"excerpt":{"rendered":"<p>\uff12\uff10\uff12\uff15\u5e74\uff14\u6708\uff12\u65e5\uff08\u6c34\uff09 \uff13\u6708\uff12\uff16\u65e5\uff08\u6c34\uff09\uff11\uff17\u6642\u534a\u3088\u308a\u3001\u5730\u57df\u304a\u3053\u3057\u5354\u529b\u968a\u54e1 \uff06 \u96c6\u843d\u652f\u63f4\u54e1\u6708\u4f8b\u4f1a\u3001\uff13\u6708\u672b\u3067\u4efb\u671f\u304c\u7d42\u4e86\u3068\u306a\u308b\u5730\u57df\u304a\u3053\u3057\u5354\u529b\u968a\u54e1\u30fb\u4f50\u3005\u6728\u552f\u3055\u3093\u9001\u5225\u4f1a\u304c\u3001Kitchen\u6674\u6674\uff08\u30ad\u30c3\u30c1\u30f3 \u306f\u308c\u3070 [&hellip;]<\/p>\n","protected":false},"author":1,"featured_media":56942,"comment_status":"open","ping_status":"open","sticky":false,"template":"","format":"standard","meta":{"footnotes":""},"categories":[4,75,93],"tags":[],"class_list":["post-56941","post","type-post","status-publish","format-standard","has-post-thumbnail","hentry","category-cover-story","category-sasaki-yasuhiro-mayor","category-kitchen_harebare"],"_links":{"self":[{"href":"https:\/\/portal.hokuryu.info\/tr\/wp-json\/wp\/v2\/posts\/56941","targetHints":{"allow":["GET"]}}],"collection":[{"href":"https:\/\/portal.hokuryu.info\/tr\/wp-json\/wp\/v2\/posts"}],"about":[{"href":"https:\/\/portal.hokuryu.info\/tr\/wp-json\/wp\/v2\/types\/post"}],"author":[{"embeddable":true,"href":"https:\/\/portal.hokuryu.info\/tr\/wp-json\/wp\/v2\/users\/1"}],"replies":[{"embeddable":true,"href":"https:\/\/portal.hokuryu.info\/tr\/wp-json\/wp\/v2\/comments?post=56941"}],"version-history":[{"count":0,"href":"https:\/\/portal.hokuryu.info\/tr\/wp-json\/wp\/v2\/posts\/56941\/revisions"}],"wp:featuredmedia":[{"embeddable":true,"href":"https:\/\/portal.hokuryu.info\/tr\/wp-json\/wp\/v2\/media\/56942"}],"wp:attachment":[{"href":"https:\/\/portal.hokuryu.info\/tr\/wp-json\/wp\/v2\/media?parent=56941"}],"wp:term":[{"taxonomy":"category","embeddable":true,"href":"https:\/\/portal.hokuryu.info\/tr\/wp-json\/wp\/v2\/categories?post=56941"},{"taxonomy":"post_tag","embeddable":true,"href":"https:\/\/portal.hokuryu.info\/tr\/wp-json\/wp\/v2\/tags?post=56941"}],"curies":[{"name":"wp","href":"https:\/\/api.w.org\/{rel}","templated":true}]}}