{"id":56401,"date":"2025-03-12T13:36:45","date_gmt":"2025-03-12T04:36:45","guid":{"rendered":"https:\/\/portal.hokuryu.info\/?p=56401"},"modified":"2025-05-22T08:18:56","modified_gmt":"2025-05-21T23:18:56","slug":"kurosengoku-is-kooperatifi-dernegi-20-yil-kutlamasi-2025","status":"publish","type":"post","link":"https:\/\/portal.hokuryu.info\/tr\/56401\/","title":{"rendered":"Kurosengoku \u0130\u015f Kooperatifleri Birli\u011fi&#039;nin 20. Y\u0131l Kutlamas\u0131 2025 - Bir mikrokozmos olarak kabul edilebilecek minik Kurosengoku&#039;nun muazzam g\u00fcc\u00fcne \u015f\u00fckranla!"},"content":{"rendered":"<p>\u00c7ar\u015famba, 12 Mart 2025<\/p>\n<p>Kurosengoku \u0130\u015fletme Kooperatifi&#039;nin 20. y\u0131l d\u00f6n\u00fcm\u00fc kutlamas\u0131 saat 14:00&#039;te Sunflower Park Kitaryu Onsen&#039;de d\u00fczenlendi. Cumartesi, 8 Mart 2025&#039;te.<\/p>\n<h2>Kurosengoku \u0130\u015f Kooperatifi Derne\u011fi&#039;nin 20. Y\u0131ld\u00f6n\u00fcm\u00fc Kutlamas\u0131<\/h2>\n<p>Hokkaido, Aomori ve Tochigi eyaletlerinden Kurosengoku \u00fcreticileri, t\u00fcccarlar\u0131 ve di\u011fer ilgili taraflar\u0131n da aralar\u0131nda bulundu\u011fu toplam 63 ki\u015fi, \u00fcr\u00fcn\u00fcn 20 y\u0131ll\u0131k ge\u00e7mi\u015fine d\u00f6n\u00fcp bakt\u0131 ve herkesle b\u00fcy\u00fck minnettarl\u0131k ve heyecanlar\u0131n\u0131 payla\u015ft\u0131.<\/p>\n<figure class=\"wp-caption aligncenter\"><a href=\"https:\/\/photos.google.com\/share\/AF1QipMgD5MhkIhssdqIZmWd3i2FTDsS9QKVgaES1nt8LBSdHUz2netPdcF254PYeewLhw\/photo\/AF1QipMH_NViIVGsTWUt_8xntyaAdd6A-naO9eOnc7A?key=cXZRbEJGTEhQa3ZIXzYyOWZQd1pQclBQRXpOMjhn\" target=\"_blank\"><img decoding=\"async\" src=\"https:\/\/lh3.googleusercontent.com\/pw\/AP1GczNyDL3nwFyf8okRAcA0TSg5XemKaJM5V_k4fEkxVvzVRYcZP3P3fe5iVkMsP5bStMsqT32SzPJ_KQ9QYrToe86bg2KM9hxMYZp6erLIOV8YdQ8TCb9IR562CdDH5SOkuuOWlD5O-GjgjMgmXNJ9uhhV=w2000-h1500-s-no-gm?authuser=0\" width=\"2000\" height=\"1500\" alt=\"Ay\u00e7i\u00e7e\u011fi Park Hokuryu Onsen&#039;de\" class=\"size-full\" \/><\/a><figcaption class=\"wp-caption-text\">Ay\u00e7i\u00e7e\u011fi Park Hokuryu Onsen&#039;de<\/figcaption><\/figure>\n<figure class=\"wp-caption aligncenter\"><a href=\"https:\/\/photos.google.com\/share\/AF1QipMgD5MhkIhssdqIZmWd3i2FTDsS9QKVgaES1nt8LBSdHUz2netPdcF254PYeewLhw\/photo\/AF1QipOLqhNcKkqm4ywy1v9BhHPixjixtvc3jEAYlyw?key=cXZRbEJGTEhQa3ZIXzYyOWZQd1pQclBQRXpOMjhn\" target=\"_blank\"><img decoding=\"async\" src=\"https:\/\/lh3.googleusercontent.com\/pw\/AP1GczPBId0DAh40Hbs5bgKvog4Sew2wq_tvIt834TCBkWfdkQlHZGAW-qSfE7EocjQ7Am3J13pt19CxOql1NNtJ3fkbEnhpCxMQo23yuHSDJkx7nQk3F3XfyAXAqaZ5fTElHEWGjbmGHM_QMMHUSUxTcTXJ=w2000-h1333-s-no-gm?authuser=0\" width=\"2000\" height=\"1333\" alt=\"Kurosengoku \u0130\u015f Kooperatifi Derne\u011fi&#039;nin 20. Y\u0131ld\u00f6n\u00fcm\u00fc Kutlamas\u0131\" class=\"size-full\" \/><\/a><figcaption class=\"wp-caption-text\">Kurosengoku \u0130\u015f Kooperatifi Derne\u011fi&#039;nin 20. Y\u0131ld\u00f6n\u00fcm\u00fc Kutlamas\u0131<\/figcaption><\/figure>\n<figure class=\"wp-caption aligncenter\"><a href=\"https:\/\/photos.google.com\/share\/AF1QipMgD5MhkIhssdqIZmWd3i2FTDsS9QKVgaES1nt8LBSdHUz2netPdcF254PYeewLhw\/photo\/AF1QipPgnIYDDx9ycJFJ65EKhOjurbN42K8avkvbsD8?key=cXZRbEJGTEhQa3ZIXzYyOWZQd1pQclBQRXpOMjhn\" target=\"_blank\"><img decoding=\"async\" src=\"https:\/\/lh3.googleusercontent.com\/pw\/AP1GczMO9Xg7JmqZVZtDySDa9_YUlWii4lv60H4ZcaP9lvx8K-VGNOZ2j6x5GtKPn2F_YKS-_2_Ayi36N4L3PWAxJbxVy5sHqLZlU0pTa84L7Sh1Zaz4uMsf-xt7e-GIGwR6DgvsflmgUIV6Lcvj6nS7TlJ0=w2000-h1500-s-no-gm?authuser=0\" width=\"2000\" height=\"1500\" alt=\"Muhte\u015fem bir resepsiyonist sizi kar\u015f\u0131l\u0131yor\" class=\"size-full\" \/><\/a><figcaption class=\"wp-caption-text\">Muhte\u015fem bir resepsiyonist sizi kar\u015f\u0131l\u0131yor<\/figcaption><\/figure>\n<h3>Moderat\u00f6r: Mitsue Kimura (Miyan)<\/h3>\n<p>Etkinli\u011fin sunuculu\u011funu Kimura Mitsue (rumuz: Mi-yan) \u00fcstlendi.<br \/>\nMiiyan, HBC Radyo&#039;nun &quot;DJ Dosanko Yemek Avc\u0131s\u0131&quot; adl\u0131 yemek k\u00f6\u015fesinden sorumlu. \u015eu anda Hokkaido genelinde Hokkaido Yemek Uzman\u0131, yemek e\u011fitmeni ve k\u0131rsal mutfak ara\u015ft\u0131rmac\u0131s\u0131 olarak faaliyet g\u00f6stermektedir!<\/p>\n<figure class=\"wp-caption aligncenter\"><a href=\"https:\/\/photos.google.com\/share\/AF1QipMgD5MhkIhssdqIZmWd3i2FTDsS9QKVgaES1nt8LBSdHUz2netPdcF254PYeewLhw\/photo\/AF1QipOj9Gn_aT04weULSKSfkuzmpPMRPB92Y8zbg6o?key=cXZRbEJGTEhQa3ZIXzYyOWZQd1pQclBQRXpOMjhn\" target=\"_blank\"><img decoding=\"async\" src=\"https:\/\/lh3.googleusercontent.com\/pw\/AP1GczO-82oFHogd7NGatvWzgrn740gWYEN-TBc2DYy1KfT7EAuS67SiLTnn33Fb6ZdlMNM8u0csODKaEPHEUEsSOyvOsd287dwe41zPw5x4Pce55pcSDnxRxBSoVmuF56oA6PjB4ZlR1GuSCHhpp0ijrSMQ=w2000-h1500-s-no-gm?authuser=0\" width=\"2000\" height=\"1500\" alt=\"Etkinli\u011fin sunuculu\u011funu Miyan lakab\u0131yla da bilinen Mitsue Kimura \u00fcstlendi.\" class=\"size-full\" \/><\/a><figcaption class=\"wp-caption-text\">Etkinli\u011fin sunuculu\u011funu Miyan lakab\u0131yla da bilinen Mitsue Kimura \u00fcstlendi.<\/figcaption><\/figure>\n<p>Miiyan ve Kurosengoku ilk kez 10 y\u0131l \u00f6nce tan\u0131\u015ft\u0131lar!<\/p>\n<p>M\u00fckemmel bir ev sahibiydi, etkinli\u011fin sorunsuz bir \u015fekilde ilerlemesini sa\u011flad\u0131 ve hatta kat\u0131l\u0131mc\u0131larla r\u00f6portajlar yaparak atmosferi canland\u0131rd\u0131! Bu Mi-yan.<\/p>\n<p>Bu kez etkinli\u011fin sunuculu\u011funu \u00fcstlenmesinin yan\u0131 s\u0131ra Kurosengoku soya yeme\u011finin \u00fcretimini de \u00fcstlendi.<\/p>\n<figure class=\"wp-caption aligncenter\"><a href=\"https:\/\/photos.google.com\/share\/AF1QipMgD5MhkIhssdqIZmWd3i2FTDsS9QKVgaES1nt8LBSdHUz2netPdcF254PYeewLhw\/photo\/AF1QipPEicrz4BJ33KNl1pFH5E5OVUCwvzFNDAev5AM?key=cXZRbEJGTEhQa3ZIXzYyOWZQd1pQclBQRXpOMjhn\" target=\"_blank\"><img decoding=\"async\" src=\"https:\/\/lh3.googleusercontent.com\/pw\/AP1GczN6d8FKxgViDx7KLCUQfB9HrBGt0P5_HA-F0YoPeqdLN1AiM7ziNym4rSkhngLvbWzqXSHU6sS7wJc9nLKcA9lON1L1K3tZchWrg5S0AXfVhX43d2LJenZiAFG76jvsyFjcOgZ5_0eps3NWQphgfNN_=w2000-h1333-s-no-gm?authuser=0\" width=\"2000\" height=\"1333\" alt=\"P\u00fcr\u00fczs\u00fcz ve samimi bir atmosfer yaratan harika bir ev sahibi\" class=\"size-full\" \/><\/a><figcaption class=\"wp-caption-text\">P\u00fcr\u00fczs\u00fcz ve samimi bir atmosfer yaratan harika bir ev sahibi<\/figcaption><\/figure>\n\n        <div class=\"site-blogcard-premium\">\n            <div class=\"bc-label-custom\">\u0130lgili makaleler<\/div>\n            <div class=\"bc-flex-container\">\n                <div class=\"bc-main-text\">\n                    <div class=\"bc-title-link-box\">\n                        <a href=\"https:\/\/portal.hokuryu.info\/tr\/770\/\" target=\"_blank\">https:\/\/portal.hokuryu.info\/770<\/a>\n                    <\/div>\n                    <div class=\"bc-excerpt-box\">Sayfa bilgileri al\u0131namad\u0131.<\/div>\n                <\/div>\n                <div class=\"bc-thumbnail-box\">\n                    <a href=\"https:\/\/portal.hokuryu.info\/tr\/770\/\" target=\"_blank\">\n                        <div class=\"bc-img-zoom-wrap\">\n                            <img decoding=\"async\" src=\"https:\/\/portal.hokuryu.info\/wp\/wp-content\/uploads\/2026\/02\/20230802DSC06445_1.jpg\" alt=\"https:\/\/portal.hokuryu.info\/770\">\n                        <\/div>\n                    <\/a>\n                <\/div>\n            <\/div>\n        <\/div>\n<h3>A\u00e7\u0131l\u0131\u015f \u00f6ncesi hat\u0131ra foto\u011fraf\u0131<\/h3>\n<figure class=\"wp-caption aligncenter\"><a href=\"https:\/\/photos.google.com\/share\/AF1QipMgD5MhkIhssdqIZmWd3i2FTDsS9QKVgaES1nt8LBSdHUz2netPdcF254PYeewLhw\/photo\/AF1QipODt1JAzMCIjcUZ1BoC7cJ3Xyo9MRq3Mp8gat0?key=cXZRbEJGTEhQa3ZIXzYyOWZQd1pQclBQRXpOMjhn\" target=\"_blank\"><img decoding=\"async\" src=\"https:\/\/lh3.googleusercontent.com\/pw\/AP1GczPUwIqzQ3lcaCRRzF6g74l_lkzzK9X5FS0jhsNLKCqcczaUsimaBwl7L-jW2GTi01hsRT_ZYKqD1XBsLM5JbDlOpnFJWy5bYc-Lw1jjWXxuTs8B401FZj8pQIRVVd5_K0R1-ChnRKQCyhQTDEq-G_4T=w2802-h1868-s-no-gm?authuser=0\" width=\"2406\" height=\"1604\" alt=\"Kat\u0131l\u0131mc\u0131lar\u0131n hat\u0131ra foto\u011fraf\u0131\" class=\"size-full\" style=\"border:solid 1px gray\"\/><\/a><figcaption class=\"wp-caption-text\">Kat\u0131l\u0131mc\u0131lar\u0131n hat\u0131ra foto\u011fraf\u0131<\/figcaption><\/figure>\n<h3>A\u00e7\u0131l\u0131\u015f konu\u015fmas\u0131: Masaaki Tsuji, \u0130cra Direkt\u00f6r\u00fc<\/h3>\n<p>20. Y\u0131l T\u00f6reni&#039;nin a\u00e7\u0131l\u0131\u015f konu\u015fmas\u0131n\u0131 \u0130cra Direkt\u00f6r\u00fc Masaaki Tsuji yapt\u0131.<\/p>\n<h3>Hokkaido K\u00fc\u00e7\u00fck \u0130\u015fletme Dernekleri Federasyonu taraf\u0131ndan verilen \u00f6d\u00fcl<\/h3>\n<p>Sertifika, Hokkaido K\u00fc\u00e7\u00fck \u0130\u015fletme Dernekleri Federasyonu B\u00f6l\u00fcm \u015eefi Kenichi Taguchi taraf\u0131ndan takdim edildi (Ba\u015fkan Hideki Takahashi taraf\u0131ndan okundu).<\/p>\n<h4>M\u00fckemmel Dernek \u00d6d\u00fcl\u00fc: Kurosengoku \u0130\u015f Derne\u011fi<\/h4>\n<p>Kurosengoku \u0130\u015fletme Kooperatifi&#039;nin \u00fcyeleri ve \u00f6rg\u00fct aras\u0131ndaki birli\u011fi g\u00fc\u00e7lendirmeye ve i\u015fletmenin geli\u015fimine yapt\u0131\u011f\u0131 katk\u0131lar\u0131n takdiri amac\u0131yla sertifikalar takdim edildi.<\/p>\n<figure class=\"wp-caption aligncenter\"><a href=\"https:\/\/photos.google.com\/share\/AF1QipMgD5MhkIhssdqIZmWd3i2FTDsS9QKVgaES1nt8LBSdHUz2netPdcF254PYeewLhw\/photo\/AF1QipOUeN62jdvh5RmiI-u_T3dH-LTutkqwAMdNDjI?key=cXZRbEJGTEhQa3ZIXzYyOWZQd1pQclBQRXpOMjhn\" target=\"_blank\"><img decoding=\"async\" src=\"https:\/\/lh3.googleusercontent.com\/pw\/AP1GczPPm6n_Ma52qC_TUrxcWYGwAOitZSPhR6tmSESvY_soSPSTaUAG4Bbhv35zQGTDjizi2eCQGQ_I-rie4vRPQf3qcC6x4FEMeuUCGRNzD0YGQejR4H4OJ3aTfzhkUrdabdLBAcgAWPgcNONSW0EiQw6V=w2000-h1333-s-no-gm?authuser=0\" width=\"2000\" height=\"1333\" alt=\"M\u00fckemmel Dernek \u00d6d\u00fcl\u00fc: Kurosengoku \u0130\u015f Derne\u011fi\" class=\"size-full\" \/><\/a><figcaption class=\"wp-caption-text\">M\u00fckemmel Dernek \u00d6d\u00fcl\u00fc: Kurosengoku \u0130\u015f Derne\u011fi<\/figcaption><\/figure>\n<h4>Birlik Liyakat \u00d6d\u00fcl\u00fc: Yukio Takada, Hiroki Matsumoto, Katsuhiro Nagai, Kazuo Kimura, Masaaki Tsuji, Hiroaki Ito<\/h4>\n<p>Alt\u0131 \u00f6d\u00fcl sahibi ad\u0131na \u00f6d\u00fcl\u00fc Hiroki Matsumoto kabul etti.<\/p>\n<figure class=\"wp-caption aligncenter\"><a href=\"https:\/\/photos.google.com\/share\/AF1QipMgD5MhkIhssdqIZmWd3i2FTDsS9QKVgaES1nt8LBSdHUz2netPdcF254PYeewLhw\/photo\/AF1QipMf8cAGox7MNHWSnLeR8BPN_FQvVWFsSc_XsQY?key=cXZRbEJGTEhQa3ZIXzYyOWZQd1pQclBQRXpOMjhn\" target=\"_blank\"><img decoding=\"async\" src=\"https:\/\/lh3.googleusercontent.com\/pw\/AP1GczOX9U4FESnTkVMAlLWE7ZgXxH0jYzo6elt4l3BzztAXFyhx8VE5S5o9C3VwL8x4bOwTja7pQh9BZOfVrKEnY_A6t6oLiu9HMXFdKEg__akzcwmSdw7xCWz6p3IcZmQn9sxqnSXG-R4lK6LABIJcY5yh=w2000-h1333-s-no-gm?authuser=0\" width=\"2000\" height=\"1333\" alt=\"Birlik Liyakat \u00d6d\u00fcl\u00fc: Temsilci, Hiroki Matsumoto\" class=\"size-full\" \/><\/a><figcaption class=\"wp-caption-text\">Birlik Liyakat \u00d6d\u00fcl\u00fc: Temsilci, Hiroki Matsumoto<\/figcaption><\/figure>\n<h3>Ba\u015fkan Yukio Takada&#039;dan selamlar<\/h3>\n<figure class=\"wp-caption aligncenter\"><a href=\"https:\/\/photos.google.com\/share\/AF1QipMgD5MhkIhssdqIZmWd3i2FTDsS9QKVgaES1nt8LBSdHUz2netPdcF254PYeewLhw\/photo\/AF1QipOkb5KAoHP-iM-GiYOr9zGcpD0tMOWU_qzn9kg?key=cXZRbEJGTEhQa3ZIXzYyOWZQd1pQclBQRXpOMjhn\" target=\"_blank\"><img decoding=\"async\" src=\"https:\/\/lh3.googleusercontent.com\/pw\/AP1GczPcVrlQ9EXNLIWJ2kjxzFxoMgikIFMCjHGwzwTWNgkr6TYwMGOqd_0CikPdSc9Lqv-LmUKDOPul6om9qrkRjyM8wf_TdJbLCR5t-l3bJ8anPZxJHwL3f5hDAZ-gzyeDvP7RT5xkxEKQKPfgOTBsA_1_=w2000-h1333-s-no-gm?authuser=0\" width=\"2000\" height=\"1333\" alt=\"Ba\u015fkan Yukio Takada&#039;dan selamlar\" class=\"size-full\" \/><\/a><figcaption class=\"wp-caption-text\">Ba\u015fkan Yukio Takada&#039;dan selamlar<\/figcaption><\/figure>\n<p>&quot;Hepinize en derin \u015f\u00fckranlar\u0131m\u0131 sunmak istiyorum. Yirmi y\u0131l g\u00f6z a\u00e7\u0131p kapay\u0131ncaya kadar ge\u00e7ti ve bu g\u00fcne gelmemiz hepinizin sayesinde oldu. Kat\u0131lan herkesin y\u00fcz\u00fcne bakarak, her birinize y\u00fcrekten \u015f\u00fckranlar\u0131m\u0131 sunmak istiyorum.<\/p>\n<p>Ayr\u0131ca bug\u00fcnk\u00fc Kurosengoku serisinin men\u00fcs\u00fcn\u00fc olu\u015fturmada sa\u011flad\u0131\u011f\u0131 bilgelik ve yard\u0131mlar\u0131ndan dolay\u0131 sunucumuz Mi-yan veya Kimura Mitsue&#039;ye te\u015fekk\u00fcr etmek istiyoruz.<\/p>\n<p>Bug\u00fcn Kurosengoku \u0130\u015fletme Kooperatifi&#039;nin 20. y\u0131l d\u00f6n\u00fcm\u00fcn\u00fc kutlayabilmemizin sebebi, her \u015feyden \u00f6nce merhum eski ba\u015fkan\u0131m\u0131z Murai Nobuo&#039;nun bize &quot;\u0130nsanlar\u0131n yiyip sat\u0131n alaca\u011f\u0131 fasulyeler \u00fcretin&quot; \u015feklindeki g\u00fc\u00e7l\u00fc s\u00f6zleri ve 20 y\u0131ld\u0131r herkesle birlikte Kurosengoku soya fasulyesi \u00fcretebilme yetene\u011fimizdir. Size i\u00e7tenlikle te\u015fekk\u00fcr ederiz. Te\u015fekk\u00fcrler.<\/p>\n<p>Ayr\u0131ca \u00e7e\u015fitlerin iyile\u015ftirilmesi konusunda uzun y\u0131llard\u0131r yapt\u0131\u011f\u0131 yo\u011fun \u00e7al\u0131\u015fmalardan dolay\u0131 Profes\u00f6r Sanbuichi&#039;ye i\u00e7ten \u015f\u00fckranlar\u0131m\u0131z\u0131 sunmak istiyoruz.<\/p>\n<p>Ayr\u0131ca, t\u00fcketicilerin lezzetli ve keyifli buldu\u011fu \u00fcr\u00fcnleri bize sunarak 20 y\u0131ld\u0131r devam etmemizi sa\u011flayan toptanc\u0131m\u0131z Azuma Foods&#039;un natto&#039;su ve di\u011fer i\u015fleyicilerimizin \u00e7ay ve soya unu&#039;na da minnettar\u0131z.<\/p>\n<p>\u015eu ana kadar ya\u015fad\u0131\u011f\u0131m\u0131z en ak\u0131lda kal\u0131c\u0131 deneyim, 2018 y\u0131l\u0131nda Bakanlar Kurulu Sekreterli\u011fi ve Tar\u0131m, Ormanc\u0131l\u0131k ve Bal\u0131k\u00e7\u0131l\u0131k Bakanl\u0131\u011f\u0131 taraf\u0131ndan d\u00fczenlenen 5. K\u0131rsal Alanlar\u0131n Hazinelerini Ke\u015ffedin etkinli\u011finde m\u00fckemmellik \u00f6rne\u011fi olarak se\u00e7ilmemizdi.<\/p>\n<p>Se\u00e7im belgesi takdim t\u00f6reni Ba\u015fbakanl\u0131k Resmi Konutu&#039;nda yap\u0131lm\u0131\u015ft\u0131 ve de\u011fi\u015fim t\u00f6reni ve ziyafet s\u0131ras\u0131nda d\u00f6nemin Ba\u015fbakan\u0131 Abe ile foto\u011fraf \u00e7ektirmek ve kendisiyle tokala\u015fmak unutulmaz an\u0131lar\u0131m aras\u0131nda yer ald\u0131. O an Ba\u015fbakan&#039;\u0131n ellerinin s\u0131cakl\u0131\u011f\u0131 geliyor akl\u0131ma.<\/p>\n<p>Bug\u00fcn hediyelik olarak sunulacak olan f\u0131r\u0131nlanm\u0131\u015f \u00fcr\u00fcnlerin, Hokuryu Kasabas\u0131&#039;ndan gelen Nanatsuboshi pirin\u00e7 unu ve Kurosengoku k\u0131rm\u0131z\u0131 fasulye ezmesi ile yap\u0131laca\u011f\u0131 belirtiliyor. Asl\u0131nda bunlar\u0131 ay\u00e7i\u00e7e\u011fi \u015feklinde yapmay\u0131 d\u00fc\u015f\u00fcn\u00fcyorduk ama zaman\u0131m\u0131z olmad\u0131\u011f\u0131 i\u00e7in kalp \u015feklinde f\u0131r\u0131n \u00fcr\u00fcnleri yapmaya karar verdik. Bu \u00fcr\u00fcn\u00fc ileride bir g\u0131da kamyonundan satmay\u0131 planl\u0131yoruz. Ayr\u0131ca Togashi Masao Shoten Ltd. i\u015fbirli\u011fiyle &quot;Soya Unu Aromal\u0131 Pirin\u00e7 Kaplamas\u0131&quot; ad\u0131 alt\u0131nda yeni bir \u00fcr\u00fcn piyasaya s\u00fcr\u00fcld\u00fc.<\/p>\n<p>Gelecekte de sizin bilgeli\u011finize ve katk\u0131lar\u0131n\u0131za g\u00fcvenerek \u00e7abalar\u0131m\u0131z\u0131 s\u00fcrd\u00fcrece\u011fiz, bu nedenle s\u00fcrekli deste\u011finiz i\u00e7in te\u015fekk\u00fcr ederiz.<\/p>\n<p>Son olarak t\u00fcm kat\u0131l\u0131mc\u0131lara sa\u011fl\u0131k ve mutluluklar dileyerek s\u00f6zlerimi tamamlamak istiyorum. &quot;\u00c7ok te\u015fekk\u00fcr ederim&quot; dedi Ba\u015fkan Takada.<\/p>\n<figure class=\"wp-caption aligncenter\"><a href=\"https:\/\/photos.google.com\/share\/AF1QipMgD5MhkIhssdqIZmWd3i2FTDsS9QKVgaES1nt8LBSdHUz2netPdcF254PYeewLhw\/photo\/AF1QipNdAACuoQHy7zEcKYGq8Cz0mosak1ZLDCDuPog?key=cXZRbEJGTEhQa3ZIXzYyOWZQd1pQclBQRXpOMjhn\" target=\"_blank\"><img decoding=\"async\" src=\"https:\/\/lh3.googleusercontent.com\/pw\/AP1GczPboxo6xaIjgFMNAX9t1rUeMYPjCZnHW3lRvRHiLAnpu6veYuk-5wD2P4qK1vSVwGue_5JX2AHrsy8bdTLbdwvNNbgWEefctQ0N9RD5Bg23Z2p2_0bh1tZJi3NPz5w7iAWkovsAoAopTE9dn2_1eQ5X=w2000-h1333-s-no-gm?authuser=0\" width=\"2000\" height=\"1333\" alt=\"20 y\u0131ll\u0131k tarih yeniden canland\u0131r\u0131l\u0131yor. . .\" class=\"size-full\" \/><\/a><figcaption class=\"wp-caption-text\">20 y\u0131ll\u0131k tarih yeniden canland\u0131r\u0131l\u0131yor. . .<\/figcaption><\/figure>\n<h3>Tebrikler<\/h3>\n<h4>Hokuryu Kasabas\u0131 Belediye Ba\u015fkan\u0131 Yasuhiro Sasaki<\/h4>\n<figure class=\"wp-caption aligncenter\"><a href=\"https:\/\/photos.google.com\/share\/AF1QipMgD5MhkIhssdqIZmWd3i2FTDsS9QKVgaES1nt8LBSdHUz2netPdcF254PYeewLhw\/photo\/AF1QipMWQcIQYBQpEt0Ag1WwxLYgzPCAy3pIwq6LdQc?key=cXZRbEJGTEhQa3ZIXzYyOWZQd1pQclBQRXpOMjhn\" target=\"_blank\"><img decoding=\"async\" src=\"https:\/\/lh3.googleusercontent.com\/pw\/AP1GczOa2lHHBLWmxv0Ybl1053ajIxiyt9wwwPrp_36rhyQt2eZnhrhw5zKKCurW1DRO2LlxqQQZZkjLS350zifEcX4vkXi4wiADtXLw8CywcPnZb2OtJup8ubGaR-Jwy3OEG-Ak9CNPdrJmZOqoiWoocDhu=w2000-h1333-s-no-gm?authuser=0\" width=\"2000\" height=\"1333\" alt=\"Hokuryu Kasabas\u0131 Belediye Ba\u015fkan\u0131 Yasuhiro Sasaki\" class=\"size-full\" \/><\/a><figcaption class=\"wp-caption-text\">Hokuryu Kasabas\u0131 Belediye Ba\u015fkan\u0131 Yasuhiro Sasaki<\/figcaption><\/figure>\n<p>&quot;Bug\u00fcn Kurosengoku Ticaret Kooperatifleri Birli\u011fi&#039;nin 20. y\u0131l d\u00f6n\u00fcm\u00fcn\u00fc kutluyorum.<\/p>\n<p>Cumhurba\u015fkan\u0131 Takada, bug\u00fcn yapt\u0131\u011f\u0131 konu\u015fmada, \u00f6rg\u00fct\u00fcn son 20 y\u0131ld\u0131r kurulmas\u0131nda eme\u011fi ge\u00e7en herkese \u015f\u00fckranlar\u0131n\u0131 sundu. Bu 20 y\u0131ll\u0131k ge\u00e7mi\u015fin ilk 10 y\u0131l\u0131, yani kurulu\u015f d\u00f6nemi, eski Ba\u015fkan Murai Nobuo liderli\u011finde ge\u00e7mi\u015f olup, bundan sonra g\u00fcn\u00fcm\u00fcze kadar ge\u00e7en d\u00f6nem, Ba\u015fkan Takada liderli\u011finde \u00f6rg\u00fct\u00fcn b\u00fcy\u00fck geli\u015fme kaydetti\u011fi bir on y\u0131l olmu\u015ftur.<\/p>\n<p>Kurosengoku \u0130\u015fletme Kooperatifi, 5. Discover Rural Treasures \u00d6d\u00fclleri&#039;nde \u00fclke \u00e7ap\u0131nda 32 kurulu\u015f aras\u0131ndan m\u00fckemmel bir kurulu\u015fun m\u00fckemmel \u00f6rne\u011fi olarak se\u00e7ilmesi de dahil olmak \u00fczere, Japonya genelinden \u00e7e\u015fitli \u00f6d\u00fcller ve b\u00fcy\u00fck \u00f6vg\u00fcler ald\u0131.<\/p>\n<p>Hokuryu Kasabas\u0131, Japonya&#039;da son derece g\u00fcvenli, sa\u011flam ve y\u00fcksek kaliteli pirin\u00e7 \u00fcreten bir numaral\u0131 kasaba olmaktan gurur duyuyor. Kurosengoku soya fasulyesi, Hokuryu&#039;nun g\u00fcvenli ve emniyetli tar\u0131m gelene\u011finin \u00fcr\u00fcn\u00fcd\u00fcr ve bunun bir i\u015fe d\u00f6n\u00fc\u015ft\u00fcr\u00fcl\u00fcp \u00fcretime ge\u00e7irilmesinin son derece zor olaca\u011f\u0131n\u0131 d\u00fc\u015f\u00fcn\u00fcyorum. Hokuryu Kasabas\u0131&#039;nda \u00fcretim \u00e7ok \u00f6nemli bir rol oynuyor ve bu anlamda Kurosengoku i\u015fletmesi kasabaya b\u00fcy\u00fck katk\u0131 sa\u011fl\u0131yor.<\/p>\n<p>Ba\u015fkan Takada \u015fu anda Hokuriku Kasabas\u0131 Ay\u00e7i\u00e7e\u011fi Turizm Derne\u011fi&#039;nin ba\u015fkanl\u0131\u011f\u0131n\u0131 y\u00fcr\u00fct\u00fcyor. Ayr\u0131ca Hokuryu Kasabas\u0131&#039;n\u0131n turizm alan\u0131nda en iyi sat\u0131\u015f g\u00fcc\u00fc olmaktan dolay\u0131 da minnettarl\u0131\u011f\u0131m\u0131z\u0131 ifade etmek istiyoruz.<\/p>\n<p>Gelecekte 30, 40, 50 hatta 100 y\u0131l varl\u0131\u011f\u0131n\u0131 s\u00fcrd\u00fcrecek bir \u015firket olmay\u0131 hedeflemenizi isterim. Gelecekte iki o\u011flunuzun da i\u015fimizin devam\u0131nda b\u00fcy\u00fck bir g\u00fc\u00e7 kayna\u011f\u0131 olaca\u011f\u0131na inan\u0131yorum. Bu gen\u00e7li\u011fin s\u00fcrekli ak\u0131\u015f\u0131n\u0131n gelecek i\u00e7in b\u00fcy\u00fck de\u011fer yaratmas\u0131n\u0131 i\u00e7tenlikle umuyorum.<\/p>\n<p>Hokuryu Kasabas\u0131 olarak da elimizden gelenin en iyisini yaparak sizi destekleyecek ve cesaretlendirece\u011fiz, bu nedenle deste\u011finizin devam\u0131n\u0131 dileriz.<\/p>\n<p>Bug\u00fcn Kurosengoku \u0130\u015f Kooperatifi&#039;nin kurulu\u015funun 20. y\u0131l d\u00f6n\u00fcm\u00fc. Tebrikler! &quot; dedi Belediye Ba\u015fkan\u0131 Sasaki.<\/p>\n<figure class=\"wp-caption aligncenter\"><a href=\"https:\/\/photos.google.com\/share\/AF1QipMgD5MhkIhssdqIZmWd3i2FTDsS9QKVgaES1nt8LBSdHUz2netPdcF254PYeewLhw\/photo\/AF1QipOmMS9L-hl6EG_9yhcfVRYNK1scS0_gPR6SeT8?key=cXZRbEJGTEhQa3ZIXzYyOWZQd1pQclBQRXpOMjhn\"><img decoding=\"async\" src=\"https:\/\/lh3.googleusercontent.com\/pw\/AP1GczM2Y-6cjszdvexnLGMVEr69au31Iy1ewENy6h7xqrBOQ0AZQCZPn8-TmuISSBs4vTem0YMWYXKGIep7I2Ydi9McfVqZuwVnqbfe8zTHgo7r2cXxDN4-jH0fpKE4S7ve7VCLT-5vhBIr0hyYSO4gx7gU=w2000-h1333-s-no-gm?authuser=0\" width=\"2000\" height=\"1333\" alt=\"Kurosengoku \u0130\u015f Kooperatifi&#039;nin b\u00fcy\u00fck ba\u015far\u0131lar\u0131n\u0131 kutluyoruz. . .\" class=\"size-full\" \/><\/a><figcaption class=\"wp-caption-text\">Kurosengoku \u0130\u015f Kooperatifi&#039;nin b\u00fcy\u00fck ba\u015far\u0131lar\u0131n\u0131 kutluyoruz. . .<\/figcaption><\/figure>\n<h4>Masahiro Kadono, Genel M\u00fcd\u00fcr, Sat\u0131n Alma Departman\u0131, Azuma Foods Co., Ltd.<\/h4>\n<figure class=\"wp-caption aligncenter\"><a href=\"https:\/\/photos.google.com\/share\/AF1QipMgD5MhkIhssdqIZmWd3i2FTDsS9QKVgaES1nt8LBSdHUz2netPdcF254PYeewLhw\/photo\/AF1QipOPcmqpa8TP724HH1hotJcif65OaZbamsqjhnQ?key=cXZRbEJGTEhQa3ZIXzYyOWZQd1pQclBQRXpOMjhn\" target=\"_blank\"><img decoding=\"async\" src=\"https:\/\/lh3.googleusercontent.com\/pw\/AP1GczPLAIlUAIwUznkpOw9o8FThYYVkewoIOOjTPN1IExR9j9KR_IDmTCIv_uCVK3bbX3821BOsaPvwYBvpG6U7sjQbjJcEJGgeVSiN9GBBk-O4mgN3TCryaRbolerOSjGJkLc3sF9qxxL3hGq4cXu-eQgA=w2000-h1333-s-no-gm?authuser=0\" width=\"2000\" height=\"1333\" alt=\"Masahiro Kadono, Genel M\u00fcd\u00fcr, Sat\u0131n Alma Departman\u0131, Azuma Foods Co., Ltd.\" class=\"size-full\" \/><\/a><figcaption class=\"wp-caption-text\">Masahiro Kadono, Genel M\u00fcd\u00fcr, Sat\u0131n Alma Departman\u0131, Azuma Foods Co., Ltd.<\/figcaption><\/figure>\n<p>&quot;Bug\u00fcn Kurosengoku \u0130\u015fletme Kooperatifi Derne\u011fi&#039;nin kurulu\u015funun 20. y\u0131l d\u00f6n\u00fcm\u00fc, bu nedenle en i\u00e7ten tebriklerimi sunmak istiyorum.<\/p>\n<p>\u015eirketimiz Azuma Foods&#039;un merkezi Tochigi Eyaleti, Utsunomiya&#039;da bulunmaktad\u0131r. Bu a\u011fustos ay\u0131nda 75. y\u0131l d\u00f6n\u00fcm\u00fcn\u00fc kutlayacak. Biz sadece ve sadece natto \u00fcretmeye kendimizi adad\u0131k ve bunu Hokkaido&#039;dan Kyushu ve Okinawa&#039;ya kadar \u00fclke \u00e7ap\u0131nda sat\u0131yoruz.<\/p>\n<p>Azuma Foods ve Kurosengoku ilk kez 1997&#039;de tan\u0131\u015ft\u0131. Ba\u015fkan, &quot;Siyah fasulye nattosunun tad\u0131n\u0131 daha da g\u00fczelle\u015ftirmek istiyorum&quot; dedi. \u00d6zellikle k\u00fc\u00e7\u00fck taneli siyah fasulyeler istedik ve ertesi y\u0131l, 1998&#039;de Kurosengoku soya fasulyesi i\u00e7in planlamaya ba\u015flad\u0131k. 1997&#039;de Azuma Foods&#039;a kat\u0131ld\u0131m ve o zamandan beri Kurosengoku soya fasulyesiyle \u00e7al\u0131\u015f\u0131yorum.<\/p>\n<p>Ba\u015flang\u0131\u00e7ta Hokkaido&#039;da Kurosengoku soya fasulyesi yeti\u015ftirmek, karla kapl\u0131 olmas\u0131 gibi hava ko\u015fullar\u0131na ba\u011fl\u0131 olmas\u0131 nedeniyle \u00e7ok zor ve riskliydi. \u00c7e\u015fitli zorluklar a\u015f\u0131ld\u0131ktan sonra hasat artt\u0131 ve 2004 y\u0131l\u0131nda ilk kez Kurosengoku natto sat\u0131\u015f\u0131 yap\u0131ld\u0131.<\/p>\n<p>Kurosengoku soya fasulyesi, normal soya \u00fcretim y\u00f6ntemleri kullan\u0131larak nattoya d\u00f6n\u00fc\u015ft\u00fcr\u00fclemedi. Sar\u0131 soya fasulyeleri yakla\u015f\u0131k 20 saatlik fermantasyonun ard\u0131ndan lifli hale gelirken, siyah soya fasulyeleri 24 saatlik fermantasyondan sonra bile lifli hale gelmez. \u00dcstelik fasulyeler siyah rengini de kaybetmi\u015fti.<\/p>\n<p>\u00dcretim ve fermantasyon y\u00f6ntemlerini bulmak i\u00e7in defalarca deneme yan\u0131lma y\u00f6ntemi denendikten sonra, sonunda 2004 y\u0131l\u0131nda nattoyu satmay\u0131 ba\u015fard\u0131lar. Ayr\u0131ca, m\u00fc\u015fteri fark\u0131ndal\u0131\u011f\u0131n\u0131n d\u00fc\u015f\u00fck olmas\u0131 nedeniyle sat\u0131\u015flar ilk ba\u015flarda yava\u015ft\u0131. \u0130wate Eyaletindeki sat\u0131\u015flar da zordu, bu nedenle Hokkaido&#039;ya geri d\u00f6nd\u00fck ve Kurosengoku \u0130\u015f Kooperatifi&#039;nin i\u015fbirli\u011fiyle bug\u00fcne kadar bunu s\u00fcrd\u00fcrd\u00fck.<\/p>\n<p>Pop\u00fclerli\u011fi, 4-5 y\u0131l \u00f6nce televizyonda yay\u0131nland\u0131\u011f\u0131nda, Kurosengoku natto&#039;nun sa\u011fl\u0131\u011fa yararl\u0131 bir fasulye olarak \u00f6ne \u00e7\u0131kar\u0131lmas\u0131yla ba\u015flad\u0131. G\u00fcn\u00fcm\u00fczde y\u0131ll\u0131k yakla\u015f\u0131k 200 ton natto sat\u0131l\u0131yor ve bunlar\u0131n \u00e7o\u011funlu\u011fu Honshu&#039;da \u00fcretiliyor. M\u00fc\u015fteriler ayr\u0131ca, &quot;Bu kadar lezzetli nattoyu ilk kez yedim&quot; ve &quot;Nereden sat\u0131n alabilirim?&quot; \u015feklinde yorumlarda bulundu. &quot;Bize bu t\u00fcr talepler geliyor.<\/p>\n<p>Gelecekte m\u00fc\u015fterilerimize daha lezzetli nattolar sunmak i\u00e7in Kurosengoku soya fasulyesi sat\u0131\u015flar\u0131m\u0131z\u0131 daha da geni\u015fletmek istiyoruz. Bug\u00fcn burada toplanan herkesin deste\u011fiyle lezzetli natto yapabilece\u011fiz, bu nedenle deste\u011finizin devam\u0131n\u0131 dileriz.<\/p>\n<p>Lezzetli Kurosengoku soya fasulyesinin pop\u00fclaritesinin artmaya devam etmesini i\u00e7tenlikle umuyoruz. &quot;Te\u015fekk\u00fcr ederim&quot; dedi Y\u00f6netmen Kadono.<\/p>\n<figure class=\"wp-caption aligncenter\"><a href=\"https:\/\/photos.google.com\/share\/AF1QipMgD5MhkIhssdqIZmWd3i2FTDsS9QKVgaES1nt8LBSdHUz2netPdcF254PYeewLhw\/photo\/AF1QipOEsbei-eE1qp1igIUgCgVmbvfyzEe6WmED1_M?key=cXZRbEJGTEhQa3ZIXzYyOWZQd1pQclBQRXpOMjhn\"><img decoding=\"async\" src=\"https:\/\/lh3.googleusercontent.com\/pw\/AP1GczOlw1b7VQ5ydsomfbF14zYZVyt0gT7jbci2rZ3kzr-_QeTHwueAoFXgZrm8unpATokUQPEQfTSO9rYBwZYsp51YR_ASxPWPT9iBUWUSuAJcCtrBH3WksKGCNMq-C9Kkk7uPfZU6IZ7n-V3Lm8sSQReD=w2000-h1333-s-no-gm?authuser=0\" width=\"2000\" height=\"1333\" alt=\"Bir\u00e7ok zorlu\u011fun \u00fcstesinden gelmek. . .\" class=\"size-full\" \/><\/a><figcaption class=\"wp-caption-text\">Bir\u00e7ok zorlu\u011fun \u00fcstesinden gelmek. . .<\/figcaption><\/figure>\n<h4>Keiichi Taguchi, B\u00f6l\u00fcm \u015eefi, Hokkaido K\u00fc\u00e7\u00fck \u0130\u015fletme Dernekleri Federasyonu<\/h4>\n<figure class=\"wp-caption aligncenter\"><a href=\"https:\/\/photos.google.com\/share\/AF1QipMgD5MhkIhssdqIZmWd3i2FTDsS9QKVgaES1nt8LBSdHUz2netPdcF254PYeewLhw\/photo\/AF1QipNboEhIOpL3gO9Uqe5w9G9S2l3CNg9_kbZo_hM?key=cXZRbEJGTEhQa3ZIXzYyOWZQd1pQclBQRXpOMjhn\" target=\"_blank\"><img decoding=\"async\" src=\"https:\/\/lh3.googleusercontent.com\/pw\/AP1GczNBJK-25kqGNeY_AmRbkkPsk2s2wEq6LrG-b9d_7iKBAO8dnSP1p0nEuiCU3UtJrayg7k2E99O6UBG_sHhPhxUmYGYUowLCV0bbSSrA8dFN1tc_U_P9Q-t9WHdsNVnPWMpEUyZdoC6cF_QGAuiiW_Xq=w2000-h1333-s-no-gm?authuser=0\" width=\"2000\" height=\"1333\" alt=\"Keiichi Taguchi, B\u00f6l\u00fcm \u015eefi, Hokkaido K\u00fc\u00e7\u00fck \u0130\u015fletme Dernekleri Federasyonu\" class=\"size-full\" \/><\/a><figcaption class=\"wp-caption-text\">Keiichi Taguchi, B\u00f6l\u00fcm \u015eefi, Hokkaido K\u00fc\u00e7\u00fck \u0130\u015fletme Dernekleri Federasyonu<\/figcaption><\/figure>\n<p>&quot;Kurosengoku \u0130\u015f Kooperatifi Derne\u011fi&#039;nin 20. y\u0131l d\u00f6n\u00fcm\u00fc t\u00f6reninin bu kadar \u00e7ok insan\u0131n kat\u0131l\u0131m\u0131yla ba\u015far\u0131yla d\u00fczenlenmesinden dolay\u0131 i\u00e7ten tebriklerimi sunmak istiyorum. Ayr\u0131ca \u00f6d\u00fcl alan t\u00fcm ki\u015filere tebriklerimi iletmek istiyorum. Uzun y\u0131llar boyunca verdi\u011finiz se\u00e7kin hizmet i\u00e7in hepinize i\u00e7ten \u015f\u00fckranlar\u0131m\u0131 sunmak istiyorum ve gelecekte de ba\u015far\u0131lar\u0131n\u0131z\u0131n devam\u0131n\u0131 diliyorum.<\/p>\n<p>\u015eu anda t\u00fcm \u00fcyelerimiz i\u00e7in soya fasulyesi, yeti\u015ftirilmesi zor, nadir bir t\u00fcr olup, \u00fcretimi 1970&#039;li y\u0131llarda ge\u00e7ici olarak durdurulmu\u015ftur. G\u00fcn\u00fcm\u00fczde 400 tonun \u00fczerinde Kurosengoku \u00fcretilmekte olup, bu da son derece besleyici ve zengin bir tada sahip olan Kurosengoku soya fasulyesinin pop\u00fclaritesinin artmas\u0131na \u00f6nemli katk\u0131 sa\u011flamaktad\u0131r.<\/p>\n<p>Ayr\u0131ca K\u00fc\u00e7\u00fck ve Orta \u00d6l\u00e7ekli \u0130\u015fletmeler Ajans\u0131, 2021 y\u0131l\u0131nda derne\u011fin yerel kaynaklar\u0131 kullanma konusundaki performans\u0131n\u0131 olduk\u00e7a takdir etti. Ayr\u0131ca, \u00fclke genelindeki 27.700 i\u015fletme kooperatifi aras\u0131nda &quot;300 Y\u00fckselen K\u00fc\u00e7\u00fck ve Orta \u00d6l\u00e7ekli \u0130\u015fletme&quot;den biri olarak \u00f6rnek bir dernek konumundad\u0131r.<\/p>\n<p>Dernek \u00fcyeleri, \u00f6zenle yeti\u015ftirdikleri Kurosengoku pirincini birlikte i\u015fleyip sat\u0131yor, yeni \u00fcr\u00fcnler geli\u015ftirerek ve sat\u0131\u015f kanallar\u0131n\u0131 aktif olarak geni\u015fleterek art\u0131k sadece yurt i\u00e7inde de\u011fil, yurt d\u0131\u015f\u0131nda da b\u00fcy\u00fcyorlar. Bu tamamen Ba\u015fkan Takada&#039;n\u0131n ve ge\u00e7mi\u015f ve \u015fimdiki t\u00fcm y\u00f6netim kurulu \u00fcyelerinin co\u015fkusu ve yorulmak bilmeyen \u00e7abalar\u0131 sayesinde ger\u00e7ekle\u015fmi\u015f olup, kendilerine en derin sayg\u0131lar\u0131m\u0131 sunmak isterim.<\/p>\n<p>K\u00fc\u00e7\u00fck ve orta \u00f6l\u00e7ekli i\u015fletmeleri \u00e7evreleyen ortam, artan hammadde fiyatlar\u0131, zay\u0131f yen nedeniyle artan i\u015fletme maliyetleri, i\u015fg\u00fcc\u00fc s\u0131k\u0131nt\u0131s\u0131 ve \u00fccret art\u0131\u015flar\u0131 i\u00e7in fon sa\u011flama ihtiyac\u0131 nedeniyle belirsizli\u011fini koruyor.<\/p>\n<p>K\u00fc\u00e7\u00fck ve orta \u00f6l\u00e7ekli i\u015fletmeler ile yerel toplulukta faaliyet g\u00f6steren k\u00fc\u00e7\u00fck i\u015fletmelerin s\u00fcrd\u00fcr\u00fclebilir kalk\u0131nmas\u0131n\u0131 sa\u011flamada, kar\u015f\u0131l\u0131kl\u0131 yard\u0131mla\u015fma ruhuna dayanan i\u015fletme kooperatiflerinin etkili olma zaman\u0131n\u0131n geldi\u011fine inan\u0131yoruz. Bizler de Merkez Sanayi Dernekleri Federasyonu olarak k\u00fc\u00e7\u00fck ve orta \u00f6l\u00e7ekli i\u015fletmelere y\u00f6nelik uzmanla\u015fm\u0131\u015f destek kurulu\u015fu olarak sizlere yard\u0131mc\u0131 olmaktan mutluluk duyaca\u011f\u0131z, bu nedenle deste\u011finizin devam\u0131n\u0131 bekliyoruz.<\/p>\n<p>Sonu\u00e7 olarak, Kurosengoku \u0130\u015fletme Kooperatifleri Birli\u011fi&#039;nin kurulu\u015funun 20. y\u0131l d\u00f6n\u00fcm\u00fcn\u00fcn bu unutulmaz d\u00f6n\u00fcm noktas\u0131n\u0131n, t\u00fcm \u00fcyeleri aras\u0131nda daha da g\u00fc\u00e7l\u00fc ba\u011flar kurulmas\u0131na ve daha da geli\u015fmeye yol a\u00e7mas\u0131n\u0131 i\u00e7tenlikle umdu\u011fumu belirtmek isterim. Ayr\u0131ca bug\u00fcn kat\u0131lan herkese sa\u011fl\u0131kl\u0131 g\u00fcnler dileyerek s\u00f6zlerimi tamamlamak istiyorum. &quot;Bug\u00fcn tebrikler&quot; dedi B\u00f6l\u00fcm M\u00fcd\u00fcr\u00fc Taguchi.<\/p>\n<h4>Hokuryu Kasaba Ticaret ve Sanayi Odas\u0131, Ba\u015fkan Masahito Fujii (Temsilci: Ba\u015fkan Yard\u0131mc\u0131s\u0131 Manabu Okino)<\/h4>\n<figure class=\"wp-caption aligncenter\"><a href=\"https:\/\/photos.google.com\/share\/AF1QipMgD5MhkIhssdqIZmWd3i2FTDsS9QKVgaES1nt8LBSdHUz2netPdcF254PYeewLhw\/photo\/AF1QipNDEbXVO2mH6e6IQltMvWKxTIx_EqtHqgCFtqw?key=cXZRbEJGTEhQa3ZIXzYyOWZQd1pQclBQRXpOMjhn\" target=\"_blank\"><img decoding=\"async\" src=\"https:\/\/lh3.googleusercontent.com\/pw\/AP1GczOC3SEdbDiJAFpL9-AY1dPM2SFIHs_In-Beozm_gUhTfp-48vAuKUPxQrH3Y9zVwoNhPLAz8NnJdSOLq-MSrFOf_DNrnc_rIJ9WNzo1NwhPCD7DKuMo9qOiP-ka19jPtNJtxITCDWCmoGocACe_3Nmg=w2000-h1333-s-no-gm?authuser=0\" width=\"2000\" height=\"1333\" alt=\"Hokuryu Kasaba Ticaret ve Sanayi Odas\u0131 Ba\u015fkan Yard\u0131mc\u0131s\u0131, Manabu Okino\" class=\"size-full\" \/><\/a><figcaption class=\"wp-caption-text\">Hokuryu Kasaba Ticaret ve Sanayi Odas\u0131 Ba\u015fkan Yard\u0131mc\u0131s\u0131, Manabu Okino<\/figcaption><\/figure>\n<p>&quot;Bug\u00fcn Kurosengoku \u0130\u015f Kooperatifi Derne\u011fi&#039;nin kurulu\u015funun 20. y\u0131l d\u00f6n\u00fcm\u00fc, bu y\u00fczden i\u00e7ten tebriklerimi sunmak istiyorum. Ticaret Odas\u0131 Ba\u015fkan\u0131 Fujii Masahito ad\u0131na, ayn\u0131 zamanda Ticaret Odas\u0131 Ba\u015fkan Yard\u0131mc\u0131s\u0131 olarak g\u00f6rev yapan ben Okino, birka\u00e7 tebrik s\u00f6zc\u00fc\u011f\u00fc sunmak istiyorum.<\/p>\n<p>20 y\u0131l \u00f6nce kurulan Kurosengoku \u0130\u015fletme Kooperatifi, b\u00f6lgeyi kalk\u0131nd\u0131rmak ve y\u00f6resel lezzetleri tan\u0131tmak amac\u0131yla faaliyetlerine ba\u015flad\u0131. O tarihten bu yana derne\u011fin t\u00fcm \u00fcyeleri dayan\u0131\u015fma i\u00e7inde \u00e7al\u0131\u015farak \u00e7ok say\u0131da harika yerel \u00fcr\u00fcn \u00fcretiyor ve b\u00f6lgenin cazibesini geni\u015f \u00e7apta tan\u0131t\u0131yor.<\/p>\n<p>Ba\u015fkan Takada&#039;n\u0131n daha \u00f6nce de belirtti\u011fi gibi, bu \u00e7al\u0131\u015fman\u0131n sonu\u00e7lar\u0131 &quot;K\u00f6y Hazinelerini Ke\u015ffet&quot; \u00f6d\u00fcl\u00fcyle b\u00fcy\u00fck be\u011feni toplad\u0131 ve bug\u00fcn proje \u00fclke \u00e7ap\u0131nda ilgi g\u00f6r\u00fcyor. K\u00fc\u00e7\u00fck miktardaki Kurosengoku&#039;nun b\u00f6ylesine b\u00fcy\u00fck bir \u00fcr\u00fcne d\u00f6n\u00fc\u015ft\u00fcr\u00fclmesi ve da\u011f\u0131t\u0131ma sunulmas\u0131 i\u00e7in harcanan \u00e7aban\u0131n ger\u00e7ekten de i\u015f birli\u011fi ruhunun sembol\u00fc oldu\u011funu d\u00fc\u015f\u00fcn\u00fcyorum.<\/p>\n<p>Bir zamanlar y\u00f6renin yemek k\u00fclt\u00fcr\u00fcn\u00fc besleyen Kurosengoku soya fasulyesi, zaman\u0131n de\u011fi\u015fmesiyle birlikte yok olma tehlikesiyle kar\u015f\u0131 kar\u015f\u0131ya kald\u0131. Ancak burada insanlar bunlar\u0131n de\u011ferini yeniden ke\u015ffettiler ve onlar\u0131 yeniden canland\u0131rma m\u00fccadelesine ba\u015flad\u0131lar. \u00dcretici kooperatifi \u00fcyelerinin bir\u00e7ok zorlu\u011fun \u00fcstesinden gelerek azimle \u00e7al\u0131\u015fmalar\u0131 sonucunda \u00fcr\u00fcn\u00fc b\u00f6lgenin gurur duyaca\u011f\u0131 y\u00f6resel bir spesiyalite olarak yeniden canland\u0131rmay\u0131 ba\u015fard\u0131lar. Onun co\u015fkusuna ve azmine b\u00fcy\u00fck sayg\u0131 duyuyorum.<\/p>\n<p>Kooperatifin yolculu\u011fu sadece \u00fcr\u00fcn geli\u015ftirmenin \u00f6tesine ge\u00e7iyor; Ayr\u0131ca yerel gelenek ve k\u00fclt\u00fcrlerin korunmas\u0131 ve yeni de\u011fer yarat\u0131lmas\u0131 hedeflenmektedir. \u0130ki y\u0131l \u00f6nce \u0130cra Direkt\u00f6r\u00fc olarak atanan Takada Yuji, o tarihten bu yana \u00e7e\u015fitli \u015firketlerle yeni ortakl\u0131klar kurdu. H\u0131zl\u0131 de\u011fi\u015fim d\u00f6nemlerinde bile vizyonundan vazge\u00e7meyerek gelece\u011fe y\u00f6nelik m\u00fccadeleyi s\u00fcrd\u00fcrmesi, t\u00fcm yerel sekt\u00f6r i\u00e7in b\u00fcy\u00fck bir cesaretlendirmedir.<\/p>\n<p>Bu arada, Kurosengoku Kinako yumu\u015fak dondurmas\u0131 da Sunfuller Park Hokuryu Onsen&#039;de sat\u0131l\u0131yor. Ayr\u0131ca Temmuz ve A\u011fustos aylar\u0131nda d\u00fczenlenen Ay\u00e7i\u00e7e\u011fi Festivali s\u0131ras\u0131nda Ay\u00e7i\u00e7e\u011fi Turizm Merkezi&#039;nde bir at\u0131\u015ft\u0131rmal\u0131k stand\u0131 kurduk. Bu nedenle, Hokuryu Kasabas\u0131&#039;nda yap\u0131\u015fkan pirin\u00e7 yeti\u015ftiren ve i\u015fleyen Himawari Nosan&#039;dan ald\u0131\u011f\u0131m\u0131z pirin\u00e7 keklerini kullan\u0131yoruz ve bunlara Kurosengoku Don ekleyerek &quot;Kurosengoku Moffles&quot; ad\u0131n\u0131 verdi\u011fimiz pirin\u00e7 keki waffle&#039;lar\u0131 yap\u0131p sat\u0131yoruz.<\/p>\n<p>Ayr\u0131ca &quot;Kurosengoku Shake&quot; ad\u0131 verilen, Kurosengoku soya unu ile kar\u0131\u015ft\u0131r\u0131lm\u0131\u015f dondurma da servis ediyorlar. \u00d6zellikle mahalledeki gen\u00e7ler olmak \u00fczere \u00e7ok say\u0131da m\u00fcdavim m\u00fc\u015fteri var ve bunlar d\u00fczenli olarak i\u00e7ki i\u00e7iyorlar. Kurosengoku soya fasulyesi art\u0131k kullan\u0131m\u0131 son derece kolay olan ticari bir formda mevcut ve \u00e7ok pop\u00fcler olacak bir \u00fcr\u00fcn geli\u015ftirmeyi ba\u015fard\u0131\u011f\u0131m\u0131za inan\u0131yoruz.<\/p>\n<p>Kurosengoku \u0130\u015fletme Kooperatifinin \u00f6n\u00fcm\u00fczdeki 10-20 y\u0131l i\u00e7erisinde b\u00fcy\u00fcmeye devam etmesini ve yerel topluma daha fazla katk\u0131 sa\u011flamas\u0131n\u0131 i\u00e7tenlikle umuyorum.<\/p>\n<p>S\u00f6zlerime son verirken sendikam\u0131z\u0131n t\u00fcm \u00fcyelerine ve bug\u00fcn burada toplanan herkese sa\u011fl\u0131k, ba\u015far\u0131 ve mutluluklar dilerim. Tebrik mesaj\u0131m\u0131 \u00e7ok k\u0131sa da olsa burada sonland\u0131r\u0131yorum. &quot;Bug\u00fcn sizi tebrik ediyorum&quot; dedi Ba\u015fkan Yard\u0131mc\u0131s\u0131 Okino.<\/p>\n<h3>Misafir Tan\u0131t\u0131m\u0131<\/h3>\n<p>Hokuryu Kasabas\u0131 Belediye Ba\u015fkan\u0131, Yasuhiro Sasaki, Hokuryu Kasabas\u0131 Fahri Vatanda\u015f\u0131, Ryoichi Kikura, Hokuryu Kasaba Konseyi Ba\u015fkan\u0131, Shoichi Nakamura, Hokkaido K\u00fc\u00e7\u00fck \u0130\u015fletme Dernekleri Federasyonu B\u00f6l\u00fcm \u015eefi, Kimitoshi Washio, Kitasorachi Tar\u0131m Kooperatifi Derne\u011fi \u015eube M\u00fcd\u00fcr\u00fc, Hokuryu \u015eubesi, Minoru Nagai, Hokuryu B\u00f6lgesi Temsilci M\u00fcd\u00fcr\u00fc, Takamori Okada, Kitasorachi Shinkin Bankas\u0131 \u015eube M\u00fcd\u00fcr\u00fc, Hokuryu \u015eubesi, Manabu Okino, Hokuryu Kasaba Ticaret ve Sanayi Odas\u0131 Ba\u015fkan Yard\u0131mc\u0131s\u0131, Yuji Oka, Hokuryu Kasaba Ticaret ve Sanayi Odas\u0131 Genel Sekreteri, Keiko Tsuzuki, Hokuryu Kasaba Ofisi Sanayi B\u00f6l\u00fcm\u00fc B\u00f6l\u00fcm \u015eefi, Yuji Arata, Kitasorachi Tar\u0131m Kooperatifi Derne\u011fi Tar\u0131m B\u00f6l\u00fcm\u00fc B\u00f6l\u00fcm \u015eefi, Hokuryu \u015eubesi<\/p>\n<figure class=\"wp-caption aligncenter\"><a href=\"https:\/\/photos.google.com\/share\/AF1QipMgD5MhkIhssdqIZmWd3i2FTDsS9QKVgaES1nt8LBSdHUz2netPdcF254PYeewLhw\/photo\/AF1QipPkgugJ9uvMesyB0B9ow_GCxhPPKaVfvptaMxY?key=cXZRbEJGTEhQa3ZIXzYyOWZQd1pQclBQRXpOMjhn\"><img decoding=\"async\" src=\"https:\/\/lh3.googleusercontent.com\/pw\/AP1GczPnFA-sQb9nthrX3-3xXTGmdRQbEVr_1G78L0ceLJ7XHOD0QRUUPgTphnpNEbDPW_ktbuC0cOV3QK5JcIHzUrHZQN0lo539zjU655Z5szWxHVaVYacj-fgzCwrlMDKrLHCk8sJr1YoN4wNHqR5bTBvG=w2000-h1333-s-no-gm?authuser=0\" width=\"2000\" height=\"1333\" alt=\"Misafir Tan\u0131t\u0131m\u0131\" class=\"size-full\" \/><\/a><figcaption class=\"wp-caption-text\">Misafir Tan\u0131t\u0131m\u0131<\/figcaption><\/figure>\n<figure class=\"wp-caption aligncenter\"><a href=\"https:\/\/photos.google.com\/share\/AF1QipMgD5MhkIhssdqIZmWd3i2FTDsS9QKVgaES1nt8LBSdHUz2netPdcF254PYeewLhw\/photo\/AF1QipOwtsewWO0yNWVT-yhFElq3aLwc1xjVcmi-TkE?key=cXZRbEJGTEhQa3ZIXzYyOWZQd1pQclBQRXpOMjhn\" target=\"_blank\"><img decoding=\"async\" src=\"https:\/\/lh3.googleusercontent.com\/pw\/AP1GczOzjJCI6l5niiVGNtvovtrBTLgLTK50NgQOmJ8rbda2VVpHim8CebFhDCXLGjFeK7wSr3s3p5Tl3cuJNw8REwaek90h4kxaOuxEEs1YR8rLmvxfzp6e6IngSaFfB23uRVdDhps-4HXPPvbIMK5rdrPh=w2000-h1333-s-no-gm?authuser=0\" width=\"2000\" height=\"1333\" alt=\"Misafir Tan\u0131t\u0131m\u0131\" class=\"size-full\" \/><\/a><figcaption class=\"wp-caption-text\">Misafir Tan\u0131t\u0131m\u0131<\/figcaption><\/figure>\n<h3>Video g\u00f6sterimi: Tedarik\u00e7ilerden tebrik video mesajlar\u0131<\/h3>\n<p>Kurosengoku&#039;yu y\u00f6neten \u015firketlerden tebrik video mesajlar\u0131 ald\u0131k.<\/p>\n<ol>\n<li>Kiropraktik Moiti (Sapporo \u015eehri)<\/li>\n<li>Daifuku ma\u011fazas\u0131\/Sasaya Daifuku (Sapporo \u015eehri)<\/li>\n<li>Umeya Co., Ltd. (Asahikawa \u015eehri)<\/li>\n<\/ol>\n<figure class=\"wp-caption aligncenter\"><a href=\"https:\/\/photos.google.com\/share\/AF1QipMgD5MhkIhssdqIZmWd3i2FTDsS9QKVgaES1nt8LBSdHUz2netPdcF254PYeewLhw\/photo\/AF1QipN24cNcKjwWnhYiRI-1TsRkbkxebX19WTXzOMA?key=cXZRbEJGTEhQa3ZIXzYyOWZQd1pQclBQRXpOMjhn\"><img decoding=\"async\" src=\"https:\/\/lh3.googleusercontent.com\/pw\/AP1GczNBlk-XqCPGuFO_LqDSGMmuq_jgKZUTOQ84SJUtsWIPrqF22ynOPYSnG52iW-mx2Wms6OuwO0Wt2FDSw0FB_nbreDVJeNEzCXJ1SiLTAVmAr1xzEpEWnv3fhGz5CPQMHvwYRrweD0hMFOM7DmSCxvbU=w2000-h1333-s-no-gm?authuser=0\" width=\"2000\" height=\"1333\" alt=\"\u0130\u015fletme sahibinden tebrik mesaj\u0131\" class=\"size-full\" \/><\/a><figcaption class=\"wp-caption-text\">\u0130\u015fletme sahibinden tebrik mesaj\u0131<\/figcaption><\/figure>\n<h3>Tost: Hokuryu Kasaba Meclisi Ba\u015fkan\u0131, Naoichi Nakamura<\/h3>\n<figure class=\"wp-caption aligncenter\"><a href=\"https:\/\/photos.google.com\/share\/AF1QipMgD5MhkIhssdqIZmWd3i2FTDsS9QKVgaES1nt8LBSdHUz2netPdcF254PYeewLhw\/photo\/AF1QipMQqakbmDjqfh6GA-OhsUitBuIzmaX76MiS-lk?key=cXZRbEJGTEhQa3ZIXzYyOWZQd1pQclBQRXpOMjhn\" target=\"_blank\"><img decoding=\"async\" src=\"https:\/\/lh3.googleusercontent.com\/pw\/AP1GczP_Sgc1ytyEG7Sm7bvUYwo8r4pLOONH0KhRBE7j0CvTDZSagkrMGmuem49IRiEtYLmpwFMUKfntrybgUYdIv6fjdleqYnTMF8RG1lFWN9q0egxs07UJHPYMoeoD3auGktRI62ob8d4DlJcXbh8-e1GP=w2000-h1333-s-no-gm?authuser=0\" width=\"2000\" height=\"1333\" alt=\"Hokuriku Kasaba Konseyi Ba\u015fkan\u0131 Say\u0131n Naoichi Nakamura\" class=\"size-full\" \/><\/a><figcaption class=\"wp-caption-text\">Hokuriku Kasaba Konseyi Ba\u015fkan\u0131 Say\u0131n Naoichi Nakamura<\/figcaption><\/figure>\n<p>&quot;Kurosengoku \u0130\u015f Kooperatifi&#039;nin 20. kurulu\u015f y\u0131ld\u00f6n\u00fcm\u00fc kutlu olsun!<\/p>\n<p>Son 20 y\u0131ld\u0131r Kurosengoku i\u015finin karanl\u0131kta el yordam\u0131yla ilerlemek ve tekrarlanan deneme-yan\u0131lmalarla nas\u0131l bo\u011fu\u015ftu\u011funu g\u00f6rd\u00fcm. Kar ya\u011f\u0131\u015f\u0131n\u0131n erken ba\u015flad\u0131\u011f\u0131 y\u0131llarda \u00fcreticiler hasad\u0131 d\u00fczg\u00fcn bir \u015fekilde yapmada zorlansalar da y\u0131lmam\u0131\u015flar, \u00fcr\u00fcn yeti\u015ftirmeye devam ederek farkl\u0131 \u015fekillerde \u00fcr\u00fcn geli\u015ftirmi\u015fler. Bir\u00e7ok farkl\u0131 insan\u0131n yard\u0131m\u0131yla iyi bir kondisyona gelebildi\u011fini d\u00fc\u015f\u00fcn\u00fcyorum.<\/p>\n<p>Son ana kadar bir\u00e7ok zorlu\u011fun \u00fcstesinden gelen ve asla pes etmeyen Say\u0131n Takada Bey&#039;in ve hepinizin azmi sayesinde bug\u00fcnlere gelebildi\u011fimize inan\u0131yorum.<\/p>\n<p>Kurosengoku \u0130\u015f Birli\u011fi Derne\u011fi&#039;nin ba\u015far\u0131 ve b\u00fcy\u00fcmesinin devam\u0131n\u0131 diliyor, hepinize sa\u011fl\u0131kl\u0131 g\u00fcnler dilemek i\u00e7in Kurosengoku \u00e7ay\u0131 e\u015fli\u011finde kadeh kald\u0131rmak istiyorum.<\/p>\n<p>L\u00fctfen tezah\u00fcrata kat\u0131l\u0131n. Kurosengoku \u0130\u015fletme Kooperatifi\u2019nin kurulu\u015funun 20. y\u0131l d\u00f6n\u00fcm\u00fcn\u00fc kutluyorum. \u015ferefe! Ba\u015fkan Nakamura, &quot;\u00c7ok te\u015fekk\u00fcr ederim&quot; dedi.<\/p>\n<figure class=\"wp-caption aligncenter\"><a href=\"https:\/\/photos.google.com\/share\/AF1QipMgD5MhkIhssdqIZmWd3i2FTDsS9QKVgaES1nt8LBSdHUz2netPdcF254PYeewLhw\/photo\/AF1QipPYEvsY6YIGFqn3FmjjY6oFemQrx2mqwKRP5TI?key=cXZRbEJGTEhQa3ZIXzYyOWZQd1pQclBQRXpOMjhn\" target=\"_blank\"><img decoding=\"async\" src=\"https:\/\/lh3.googleusercontent.com\/pw\/AP1GczMC8SulD2h4ySxbQv6c6BOi5nSWxGWOSMdyIFeyDQR2S1DkY455qzfl3nGfKpJvft7la52P2vLyywFuWm2S6KELUPYqRHLN9FxIFzkxyTrcfQwy9GpYhUmZGUjQKQJtV0xdVi1lUjLs4vDeKynfrNBg=w2000-h1333-s-no-gm?authuser=0\" width=\"2000\" height=\"1333\" alt=\"\u015ferefe!\" class=\"size-full\" \/><\/a><figcaption class=\"wp-caption-text\">\u015ferefe!<\/figcaption><\/figure>\n<h3>Kurosengoku \u0130\u015f Kooperatifi Birli\u011fi&#039;nin son 10 y\u0131l\u0131n\u0131 anlatan video g\u00f6sterimi<\/h3>\n<div class=\"youtube\"><iframe title=\"Tebrikler! Kurosengoku \u0130\u015fletme Kooperatifleri Birli\u011fi 20. y\u0131l\u0131n\u0131 kutluyor!\" src=\"https:\/\/www.youtube.com\/embed\/w6idevs-58I?feature=oembed\" frameborder=\"0\" allow=\"accelerometer; autoplay; clipboard-write; encrypted-media; gyroscope; picture-in-picture; web-share\" referrerpolicy=\"strict-origin-when-cross-origin\" allowfullscreen><\/iframe><\/div>\n<h3>Kurosengoku ders men\u00fcs\u00fc:<br \/>\nYap\u0131mc\u0131l\u0131\u011f\u0131n\u0131 Mi-yan, di\u011fer ad\u0131yla Kimura Mitsue \u00fcstleniyor!<\/h3>\n<p>Bu, Sunflower Park Hokuryu Onsen&#039;in \u015eefi Maeda Tomokazu&#039;nun Kurosengoku soya fasulyesi kullanarak haz\u0131rlad\u0131\u011f\u0131 \u015faheser bir yemek.<\/p>\n<figure class=\"wp-caption aligncenter\"><a href=\"https:\/\/photos.google.com\/share\/AF1QipMgD5MhkIhssdqIZmWd3i2FTDsS9QKVgaES1nt8LBSdHUz2netPdcF254PYeewLhw\/photo\/AF1QipOCz44FUfu9zZRT0nnr4mXyDFmyToDXV1lnLTs?key=cXZRbEJGTEhQa3ZIXzYyOWZQd1pQclBQRXpOMjhn\"><img decoding=\"async\" src=\"https:\/\/lh3.googleusercontent.com\/pw\/AP1GczN7XPCmzspgMJweg8SuM3QQjvOtlj5uMCZumdZxnjunjGCd2bE5TtGr1JZAsmeeJpRUXKNQF_o4IlIoP9qqyJoaVaXmGV_c_QeJ4GxEce74sE43bmAHLUA9g_5Ax42YILArBKEeq-QK4nTQd00b3Jlm=w2000-h1500-s-no-gm?authuser=0\" width=\"2000\" height=\"1500\" alt=\"Men\u00fc\" class=\"size-full\" \/><\/a><figcaption class=\"wp-caption-text\">Men\u00fc<\/figcaption><\/figure>\n<h4>Kurosengoku soya etli b\u00f6rekler<\/h4>\n<ul>\n<li>Yedi \u00e7e\u015fit sebzeye sar\u0131l\u0131 Kurosenkoku soya eti<\/li>\n<li>Dald\u0131rma sosu Kurosengoku mayonez sosudur.<\/li>\n<\/ul>\n<figure class=\"wp-caption aligncenter\"><a href=\"https:\/\/photos.google.com\/share\/AF1QipMgD5MhkIhssdqIZmWd3i2FTDsS9QKVgaES1nt8LBSdHUz2netPdcF254PYeewLhw\/photo\/AF1QipOL6wjPoQQ5Nd9XbqFdwIFfK5vOu0aTcKMqwOE?key=cXZRbEJGTEhQa3ZIXzYyOWZQd1pQclBQRXpOMjhn\" target=\"_blank\"><img decoding=\"async\" src=\"https:\/\/lh3.googleusercontent.com\/pw\/AP1GczPwpEOtlvk9XxZ9gfg_za8rEoo8oDLNyye_20Xxa0WPncAMZaMC-Japy4HLyS5M4-WbgYGadMFD42p7RymkVrt6TruDE7bXScTyE28efR5lHcRyuYVYOUgEZl7i0zmmd2UZq07IDIm9HVjgPHGks9a6=w2000-h1333-s-no-gm?authuser=0\" width=\"2000\" height=\"1333\" alt=\"Kurosengoku soya etli b\u00f6rekler\" class=\"size-full\" \/><\/a><figcaption class=\"wp-caption-text\">Kurosengoku soya etli b\u00f6rekler<\/figcaption><\/figure>\n<h4>Mevsimlik sashimi \u00e7e\u015fitleri<\/h4>\n<figure class=\"wp-caption aligncenter\"><a href=\"https:\/\/photos.google.com\/share\/AF1QipMgD5MhkIhssdqIZmWd3i2FTDsS9QKVgaES1nt8LBSdHUz2netPdcF254PYeewLhw\/photo\/AF1QipNgs9MLUTwcjdpfkYlrDEUcHwNcVGeqOp_Rpms?key=cXZRbEJGTEhQa3ZIXzYyOWZQd1pQclBQRXpOMjhn\"><img decoding=\"async\" src=\"https:\/\/lh3.googleusercontent.com\/pw\/AP1GczNlD3kB9A81BIbbihyiHei5a448jL5-qc5COznLudzYsx1bZ8b0sGccgfe-a3tcWnVNgxgrUdAYYQkpfxQp4QS6k4W-0Mu0ZW-YE2MX4RDldwjScNgPJoIe4HbWwLfo79DcNoxoDsZLYx6kO4dW5mpW=w2000-h1333-s-no-gm?authuser=0\" width=\"2000\" height=\"1333\" alt=\"Mevsimlik sashimi \u00e7e\u015fitleri\" class=\"size-full\" \/><\/a><figcaption class=\"wp-caption-text\">Mevsimlik sashimi \u00e7e\u015fitleri<\/figcaption><\/figure>\n<h4>Kurosengoku Acqua Pazza Deniz \u00dcr\u00fcnleri&#039;nden<\/h4>\n<ul>\n<li>Baharatlanm\u0131\u015f Kurosengoku soya fasulyesi do\u011fran\u0131r ve deniz \u00fcr\u00fcnlerinin \u00fczerine serpilir.<\/li>\n<\/ul>\n<figure class=\"wp-caption aligncenter\"><a href=\"https:\/\/photos.google.com\/share\/AF1QipMgD5MhkIhssdqIZmWd3i2FTDsS9QKVgaES1nt8LBSdHUz2netPdcF254PYeewLhw\/photo\/AF1QipNN37YYJd6qH7HHPrL_-lKOF0prGEY4V4SxjMo?key=cXZRbEJGTEhQa3ZIXzYyOWZQd1pQclBQRXpOMjhn\" target=\"_blank\"><img decoding=\"async\" src=\"https:\/\/lh3.googleusercontent.com\/pw\/AP1GczPYzLspSXEWzRWhIMFCtqlgiooM8-gwaR8ssJixliaVLGgcUzsNiln6CTC-K2yfhzdrR6xNw87IEJoI4Msv1CKfGapbsGDw0WbpVSzXELXCJ_-IOT-LS12xdNVp3SUwYIaby1JKFCEIrkFZBqSZiizG=w2000-h1333-s-no-gm?authuser=0\" width=\"2000\" height=\"1333\" alt=\"Kurosengoku Acquapazza Deniz \u00dcr\u00fcnleri\" class=\"size-full\" \/><\/a><figcaption class=\"wp-caption-text\">Kurosengoku Acquapazza Deniz \u00dcr\u00fcnleri<\/figcaption><\/figure>\n<h4>Kurosengoku fasulyesi filizi g\u00fcve\u00e7<\/h4>\n<ul>\n<li>Ay\u00e7i\u00e7ek ya\u011f\u0131 ve deniz tara\u011f\u0131 sosu\n<li>\n<li>Shabu-shabu i\u00e7in ay\u00e7i\u00e7e\u011fi domuz eti ve havu\u00e7la pi\u015firilen \u015fa\u015f\u0131rt\u0131c\u0131 derecede uzun ve \u00e7i\u011fnenebilir Kurosengoku fasulye filizlerinden olu\u015fan bir g\u00fcve\u00e7.<\/li>\n<\/ul>\n<figure class=\"wp-caption aligncenter\"><a href=\"https:\/\/photos.google.com\/share\/AF1QipMgD5MhkIhssdqIZmWd3i2FTDsS9QKVgaES1nt8LBSdHUz2netPdcF254PYeewLhw\/photo\/AF1QipNOSQmdbr6ngTXFqtN7oTBJLqmaFArT9hAHUvA?key=cXZRbEJGTEhQa3ZIXzYyOWZQd1pQclBQRXpOMjhn\" target=\"_blank\"><img decoding=\"async\" src=\"https:\/\/lh3.googleusercontent.com\/pw\/AP1GczNufpAG6i8VmIzGhaadqIZJBTYenQVxMSQGwBErb_sdEQgKv8FSnlDmMT-cta04RGqcXX9CXF5mOSp5iRuBFGw70HrNqPwYPOqe8gXLb8vZvL9rYW01CNkTzck1mey0ImzbXYxZRv4czaoFZd9aXOJT=w2000-h1333-s-no-gm?authuser=0\" width=\"2000\" height=\"1333\" alt=\"Kurosengoku fasulyesi filizi g\u00fcve\u00e7\" class=\"size-full\" \/><\/a><figcaption class=\"wp-caption-text\">Kurosengoku fasulyesi filizi g\u00fcve\u00e7<\/figcaption><\/figure>\n<h4>Kurosengoku Mapo Tofu<\/h4>\n<ul>\n<li>Kurosengoku eti ve Kurosengoku tofu ile yap\u0131lan tatl\u0131 ve baharatl\u0131 lezzet<\/li>\n<\/ul>\n<figure class=\"wp-caption aligncenter\"><a href=\"https:\/\/photos.google.com\/share\/AF1QipMgD5MhkIhssdqIZmWd3i2FTDsS9QKVgaES1nt8LBSdHUz2netPdcF254PYeewLhw\/photo\/AF1QipOXHqaDzTPTKi72XYrkaXR6yF-w_h2AEtqO_YY?key=cXZRbEJGTEhQa3ZIXzYyOWZQd1pQclBQRXpOMjhn\"><img decoding=\"async\" src=\"https:\/\/lh3.googleusercontent.com\/pw\/AP1GczPk3XrNE7OpVVshadOHx4xXxt_QjcD1t0D4QjB0AjBcJHeSORD-xM7ORjrQP24ayfDn8fbxbYrfUYXN5NMVPnR9SDGQapAabAtpFDtF3ej4I_s9gCF5XGVBICFfT40tPw8ks4Iiq7PZ5DzMPwTD4Uvm=w2000-h1333-s-no-gm?authuser=0\" width=\"2000\" height=\"1333\" alt=\"Kurosengoku Mapo Tofu\" class=\"size-full\" \/><\/a><figcaption class=\"wp-caption-text\">Kurosengoku Mapo Tofu<\/figcaption><\/figure>\n<h4>Kurosengoku Natto Rulosu<\/h4>\n<ul>\n<li>Tur\u015fu zencefil ve susamla kar\u0131\u015ft\u0131r\u0131lm\u0131\u015f Kurosenkoku soya fasulyesi pirinci, yumurta, avokado ve shiso yapraklar\u0131yla deniz yosununa sar\u0131lm\u0131\u015f<\/li>\n<li>Sos, siyah soya fasulyesi suyu, iki \u00e7e\u015fit soya sosu ve siyah soya fasulyesi kinako serpintileriyle yap\u0131l\u0131r.<\/li>\n<\/ul>\n<figure class=\"wp-caption aligncenter\"><a href=\"https:\/\/photos.google.com\/share\/AF1QipMgD5MhkIhssdqIZmWd3i2FTDsS9QKVgaES1nt8LBSdHUz2netPdcF254PYeewLhw\/photo\/AF1QipOGe6e3WLfFWa0BqPXJS25EpO4_ZTrsk44nrn0?key=cXZRbEJGTEhQa3ZIXzYyOWZQd1pQclBQRXpOMjhn\" target=\"_blank\"><img decoding=\"async\" src=\"https:\/\/lh3.googleusercontent.com\/pw\/AP1GczMvWwvyDJ8srHcRWjEEs6kze79tKwvAbjJRP7SU_6_TPnjteJCOSE7EBE2bwF4xPY8EoQ1XdzBxUwfB3U4xC4iBhGwXc-zdruHBWbk5zF7raPnjveDN8cGMzK78Prl0ci0S3rTRSsp-bXCwpmoW2RFS=w2000-h1333-s-no-gm?authuser=0\" width=\"2000\" height=\"1333\" alt=\"Kurosengoku Natto Rulosu\" class=\"size-full\" \/><\/a><figcaption class=\"wp-caption-text\">Kurosengoku Natto Rulosu<\/figcaption><\/figure>\n<h4>Kurosengoku soya fasulyesi udon eri\u015ftesi<\/h4>\n<ul>\n<li>K\u0131zarm\u0131\u015f Kurosen soya fasulyesi, so\u011fan ve havu\u00e7la servis edilir<\/li>\n<\/ul>\n<figure class=\"wp-caption aligncenter\"><a href=\"https:\/\/photos.google.com\/share\/AF1QipMgD5MhkIhssdqIZmWd3i2FTDsS9QKVgaES1nt8LBSdHUz2netPdcF254PYeewLhw\/photo\/AF1QipOGiZZc-ezXhIr7N6EQBGNHPGPR3QVBbrxYAbg?key=cXZRbEJGTEhQa3ZIXzYyOWZQd1pQclBQRXpOMjhn\" target=\"_blank\"><img decoding=\"async\" src=\"https:\/\/lh3.googleusercontent.com\/pw\/AP1GczONcZolyMxscOCW-BTIjbUp5sOiIzW-g3Paq_S7C6ZBcLYvACrIJEDR61wxCoGI8CktDoK544M5RuYe2DsDwDqTDGt_qCN1B9IBKlNfVwgZGfIm-l8K7bNUz5VM6iR9vt4_mHPrJuoD9sbj3WwOw0yj=w2000-h1333-s-no-gm?authuser=0\" width=\"2000\" height=\"1333\" alt=\"Kurosengoku soya fasulyesi udon eri\u015ftesi\" class=\"size-full\" \/><\/a><figcaption class=\"wp-caption-text\">Kurosengoku soya fasulyesi udon eri\u015ftesi<\/figcaption><\/figure>\n<h4>Kurosengoku Kinako Mus ve \u015eifon Kek<\/h4>\n<ul>\n<li>Kurosengoku soya fasulyesi unu ile yap\u0131lm\u0131\u015ft\u0131r<\/li>\n<\/ul>\n<figure class=\"wp-caption aligncenter\"><a href=\"https:\/\/photos.google.com\/share\/AF1QipMgD5MhkIhssdqIZmWd3i2FTDsS9QKVgaES1nt8LBSdHUz2netPdcF254PYeewLhw\/photo\/AF1QipMi-xYpmHMfb8M0GAgI6DPNy7sX_IEUj4eNycM?key=cXZRbEJGTEhQa3ZIXzYyOWZQd1pQclBQRXpOMjhn\" target=\"_blank\"><img decoding=\"async\" src=\"https:\/\/lh3.googleusercontent.com\/pw\/AP1GczNMHXuzkE5zE8qdphxi-5ig7zJV7-YZkWToY8ZwjDhs5siMmqtsVWEeBnZknZqgLEv3wv1NcU0O7cvs2fY2Od1e0i9kR1wgWHxxpM-AHXqxYIygTSLmgFNMoQXEnXynlgVoX9oHE823HfSzd_mWeScx=w2000-h1333-s-no-gm?authuser=0\" width=\"2000\" height=\"1333\" alt=\"Kurosengoku Kinako Mus ve \u015eifon Kek\" class=\"size-full\" \/><\/a><figcaption class=\"wp-caption-text\">Kurosengoku Kinako Mus ve \u015eifon Kek<\/figcaption><\/figure>\n<h3>Kat\u0131l\u0131mc\u0131 R\u00f6portajlar\u0131<\/h3>\n<h4>Hokuryu Kasabas\u0131 Fahri Vatanda\u015f\u0131, Ryoji Kikura<\/h4>\n<figure class=\"wp-caption aligncenter\"><a href=\"https:\/\/photos.google.com\/share\/AF1QipMgD5MhkIhssdqIZmWd3i2FTDsS9QKVgaES1nt8LBSdHUz2netPdcF254PYeewLhw\/photo\/AF1QipM-QZRLuAZRKy3PIAEHrIkiSOQZ2ocDbmkKVP4?key=cXZRbEJGTEhQa3ZIXzYyOWZQd1pQclBQRXpOMjhn\" target=\"_blank\"><img decoding=\"async\" src=\"https:\/\/lh3.googleusercontent.com\/pw\/AP1GczODnoODyAwTM-h2rl1E9LCBrqjM59mr-TEcdwPFLyrMAsfjydXZ6jmMfH_iajlN0rq8l4WjORHhxylV_J-c6h84wpuJa_b8N-1lTVVlvzu0QktrxXlZaD13rlfQ1aJuArkk9rTVuyZqrtKwL3lRb7Dx=w2000-h1333-s-no-gm?authuser=0\" width=\"2000\" height=\"1333\" alt=\"Hokuryu Kasabas\u0131 Fahri Vatanda\u015f\u0131, Bay Ryoji Kikura\" class=\"size-full\" \/><\/a><figcaption class=\"wp-caption-text\">Hokuryu Kasabas\u0131 Fahri Vatanda\u015f\u0131, Bay Ryoji Kikura<\/figcaption><\/figure>\n<h4>Kurosengoku fasulyesi filizi \u00fcreticisi Ken Yamazaki<\/h4>\n<figure class=\"wp-caption aligncenter\"><a href=\"https:\/\/photos.google.com\/share\/AF1QipMgD5MhkIhssdqIZmWd3i2FTDsS9QKVgaES1nt8LBSdHUz2netPdcF254PYeewLhw\/photo\/AF1QipNtmtopDVS2eT4iMPoA7GPWL4iXJ7xH4etDWek?key=cXZRbEJGTEhQa3ZIXzYyOWZQd1pQclBQRXpOMjhn\" target=\"_blank\"><img decoding=\"async\" src=\"https:\/\/lh3.googleusercontent.com\/pw\/AP1GczNIrB5vDs6Nlh1DE-RNdAmTZ1kAlOxa7TeGrGv_N42ob8edJE-0fZsEmn39xhTQZLbYDkUfPo7uvyHpHOHhL7bsiMvo_Epgwu-Cylc6eMia7q5OrFdWWSuXPfYI0CkV5HAJmuiKq8806L6mGUF6GUPZ=w2000-h1333-s-no-gm?authuser=0\" width=\"2000\" height=\"1333\" alt=\"Bay Ken Yamazaki, Kurosengoku Fasulye Filizi\" class=\"size-full\" \/><\/a><figcaption class=\"wp-caption-text\">Bay Ken Yamazaki, Kurosengoku Fasulye Filizi<\/figcaption><\/figure>\n<h4>Hiroya Sakuraba, Tsuchikura Co., Ltd.&#039;nin CEO&#039;su<\/h4>\n<figure class=\"wp-caption aligncenter\"><a href=\"https:\/\/photos.google.com\/share\/AF1QipMgD5MhkIhssdqIZmWd3i2FTDsS9QKVgaES1nt8LBSdHUz2netPdcF254PYeewLhw\/photo\/AF1QipMXLYWSa59ZnBC1zSdx3gMKTpPMhFB11fS8vHk?key=cXZRbEJGTEhQa3ZIXzYyOWZQd1pQclBQRXpOMjhn\" target=\"_blank\"><img decoding=\"async\" src=\"https:\/\/lh3.googleusercontent.com\/pw\/AP1GczNTThJvP-TdTYev36oSq-vS-Xc7jmzhRtUJiwNYID5ZKBXbU9BcIm9s5VvOMgr8f57c48xKRYwDDcTO5fltcHrsvmf0VoXjexvKx24iH81f5OyTIAuDdLcMpcUO7YdgKDrv41yhCLmQJxLf5qDbHCZN=w2000-h1333-s-no-gm?authuser=0\" width=\"2000\" height=\"1333\" alt=\"Hiroya Sakuraba, Tsuchikura Co., Ltd.&#039;nin CEO&#039;su\" class=\"size-full\" \/><\/a><figcaption class=\"wp-caption-text\">Hiroya Sakuraba, Tsuchikura Co., Ltd.&#039;nin CEO&#039;su<\/figcaption><\/figure>\n<h4>Kurosengoku \u0130\u015f Kooperatifleri Birli\u011fi, Dan\u0131\u015fman Takashi Sanbuichi<\/h4>\n<figure class=\"wp-caption aligncenter\"><a href=\"https:\/\/photos.google.com\/share\/AF1QipMgD5MhkIhssdqIZmWd3i2FTDsS9QKVgaES1nt8LBSdHUz2netPdcF254PYeewLhw\/photo\/AF1QipPMeqDdo2gbv6zV7qPFJmgO8BAW32wMIRg3GoM?key=cXZRbEJGTEhQa3ZIXzYyOWZQd1pQclBQRXpOMjhn\" target=\"_blank\"><img decoding=\"async\" src=\"https:\/\/lh3.googleusercontent.com\/pw\/AP1GczPqnVEKuS0q4z8ylkdTMXQEAd_fn1jhbtNJKPvVP5fDTdqjJiqw1cKRAHkg2iZZ3gkKQfJWK-SFubTvccY_RKxT0bdaTVAi33Wv5yNfu6sG4acH76rHTuwXt1p3qXZDfeca1r16BuYgygAwuLBgFF2R=w2000-h1333-s-no-gm?authuser=0\" width=\"2000\" height=\"1333\" alt=\"Bay Takashi Sanbuichi, Kurosengoku \u0130\u015f Kooperatifi Derne\u011fi Dan\u0131\u015fman\u0131\" class=\"size-full\" \/><\/a><figcaption class=\"wp-caption-text\">Bay Takashi Sanbuichi, Kurosengoku \u0130\u015f Kooperatifi Derne\u011fi Dan\u0131\u015fman\u0131<\/figcaption><\/figure>\n<h4>Nakamura G\u0131da Sanayi A.\u015e. Temsilci M\u00fcd\u00fcr\u00fc Masafumi Nakamura<\/h4>\n<figure class=\"wp-caption aligncenter\"><a href=\"https:\/\/photos.google.com\/share\/AF1QipMgD5MhkIhssdqIZmWd3i2FTDsS9QKVgaES1nt8LBSdHUz2netPdcF254PYeewLhw\/photo\/AF1QipNvQIt_Tluow6Q63nfT-XmFTqnatg_wWX8Z9tE?key=cXZRbEJGTEhQa3ZIXzYyOWZQd1pQclBQRXpOMjhn\" target=\"_blank\"><img decoding=\"async\" src=\"https:\/\/lh3.googleusercontent.com\/pw\/AP1GczPELo7wJUNUxUR7Os0iTcTfmcFrVoACr6aLO--l3L8UaoD3DI5e9sl6nP3jkwFQvSVPP_2EHU7IGWHh1XPNPjHgc2Ppii1LEjz9j0L0OFaRetMNLdzk7Ho1IAysU4P-Ds_c3fxAvm7ROAcGKwtj-dCH=w2000-h1333-s-no-gm?authuser=0\" width=\"2000\" height=\"1333\" alt=\"Nakamura G\u0131da Sanayi A.\u015e. Temsilci M\u00fcd\u00fcr\u00fc Masafumi Nakamura\" class=\"size-full\" \/><\/a><figcaption class=\"wp-caption-text\">Nakamura G\u0131da Sanayi A.\u015e. Temsilci M\u00fcd\u00fcr\u00fc Masafumi Nakamura<\/figcaption><\/figure>\n<h4>Kurosengoku \u0130\u015f Kooperatifleri Birli\u011fi Ba\u015fkan\u0131n\u0131n E\u015fi Noriko Takada<\/h4>\n<figure class=\"wp-caption aligncenter\"><a href=\"https:\/\/photos.google.com\/share\/AF1QipMgD5MhkIhssdqIZmWd3i2FTDsS9QKVgaES1nt8LBSdHUz2netPdcF254PYeewLhw\/photo\/AF1QipM2V0Aabdr_MsB64N9IDyszFIZHranRCUgVOiQ?key=cXZRbEJGTEhQa3ZIXzYyOWZQd1pQclBQRXpOMjhn\" target=\"_blank\"><img decoding=\"async\" src=\"https:\/\/lh3.googleusercontent.com\/pw\/AP1GczPSg5H-dwDffyFVFn48FIVi7E9-55cOmcB3Mau6sinWQ9wZG8m6xdxj19O2Qvk3jVrwEFIR3Sg68opfBRFNWXkIOPd9wGe4ybQ093UiLJ9vhWb3lEdUCwt1X5jnXIuCMsy_HaimxY0I4nC7MAlPz4em=w2000-h1333-s-no-gm?authuser=0\" width=\"2000\" height=\"1333\" alt=\"Kurosengoku \u0130\u015f Kooperatifi Derne\u011fi ba\u015fkan\u0131n\u0131n e\u015fi Bayan Noriko Takada\" class=\"size-full\" \/><\/a><figcaption class=\"wp-caption-text\">Kurosengoku \u0130\u015f Kooperatifi Derne\u011fi ba\u015fkan\u0131n\u0131n e\u015fi Bayan Noriko Takada<\/figcaption><\/figure>\n<h4>Yap\u0131mc\u0131: Takeyuki Kamatsuka (Shintotsukawa Kasabas\u0131)<\/h4>\n<figure class=\"wp-caption aligncenter\"><a href=\"https:\/\/photos.google.com\/share\/AF1QipMgD5MhkIhssdqIZmWd3i2FTDsS9QKVgaES1nt8LBSdHUz2netPdcF254PYeewLhw\/photo\/AF1QipPYEmI_YqIqrRV_ekTW9bpoIhbg5bmBJ5Y-5P0?key=cXZRbEJGTEhQa3ZIXzYyOWZQd1pQclBQRXpOMjhn\" target=\"_blank\"><img decoding=\"async\" src=\"https:\/\/lh3.googleusercontent.com\/pw\/AP1GczMgkvIfq9kbeSqKeRc7TmLlk8IaJioUsi6C59A8KNGl_gDeEM-wkUnjgBOKv0EMNpviX_AEn--y97kQmSa_1HF3BC0ZwZBF2xQcR3sS_3Fkq799r9mCoBwcNzfLhbgYOJ846B8Bwr25lJLdR5mfoT-L=w2000-h1333-s-no-gm?authuser=0\" width=\"2000\" height=\"1333\" alt=\"Shintotsukawa yap\u0131mc\u0131s\u0131 Takeyuki Kamatsuka\" class=\"size-full\" \/><\/a><figcaption class=\"wp-caption-text\">Shintotsukawa yap\u0131mc\u0131s\u0131 Takeyuki Kamatsuka<\/figcaption><\/figure>\n<h4>Kurosengoku \u0130\u015f Kooperatifleri Birli\u011fi, Direkt\u00f6r Yuki Takada<\/h4>\n<figure class=\"wp-caption alignnone\"><a href=\"https:\/\/photos.google.com\/share\/AF1QipMgD5MhkIhssdqIZmWd3i2FTDsS9QKVgaES1nt8LBSdHUz2netPdcF254PYeewLhw\/photo\/AF1QipPCs44E6fbNnVc1Anjv9VxVl9A39m_-zOiK_uY?key=cXZRbEJGTEhQa3ZIXzYyOWZQd1pQclBQRXpOMjhn\" target=\"_blank\"><img decoding=\"async\" src=\"https:\/\/lh3.googleusercontent.com\/pw\/AP1GczN38KEYbLsHY-AnPNn4EjBvsrYci5MoIda10HsdRdue6Ndn-Jr7q7yCQw6vGK-Q1kfu1mw-C2WfAGdGGvipS28u7LcRZKdlIUigcYhHfzWhLW8Sk9kWbt9zHlIjcy3VgK2gnsQJovdVrR-vcIkxhwLw=w2000-h1333-s-no-gm?authuser=0\" width=\"2000\" height=\"1333\" alt=\"Bay Yuki Takada, Kurosengoku Ticari Kooperatif Birli\u011fi Direkt\u00f6r\u00fc\" class=\"size-full\" \/><\/a><figcaption class=\"wp-caption-text\">Bay Yuki Takada, Kurosengoku Ticari Kooperatif Birli\u011fi Direkt\u00f6r\u00fc<\/figcaption><\/figure>\n<h4>Tomokazu Maeda, Sunflower Park Hokuryu Onsen&#039;in Ba\u015f A\u015f\u00e7\u0131s\u0131<\/h4>\n<figure class=\"wp-caption aligncenter\"><a href=\"https:\/\/photos.google.com\/share\/AF1QipMgD5MhkIhssdqIZmWd3i2FTDsS9QKVgaES1nt8LBSdHUz2netPdcF254PYeewLhw\/photo\/AF1QipOvUmfahbs8xhuG516-kQtUAJPKIreXJZ-nLB4?key=cXZRbEJGTEhQa3ZIXzYyOWZQd1pQclBQRXpOMjhn\" target=\"_blank\"><img decoding=\"async\" src=\"https:\/\/lh3.googleusercontent.com\/pw\/AP1GczMFZriEnUaHIRWwn_Im-jWH2qrRcXzqYKqPKb0zkYjzzUTKY4LS2Yyqj34iaFB-DFv9hFNuHPfXZTpVbN5SsJki59Wp5_Vo5qDnTGiSwEBsEaDcbEo6vlNUZ4EgArqTPur7ztvPmc7c_BpkRYum4r-S=w2000-h1333-s-no-gm?authuser=0\" width=\"2000\" height=\"1333\" alt=\"Sunflower Park Hokuryu Onsen Ba\u015f A\u015f\u00e7\u0131 Tomokazu Maeda\" class=\"size-full\" \/><\/a><figcaption class=\"wp-caption-text\">Sunflower Park Hokuryu Onsen Ba\u015f A\u015f\u00e7\u0131 Tomokazu Maeda<\/figcaption><\/figure>\n<p>Kurosengoku soya fasulyesinin lezzetleriyle dolu muhte\u015fem yemekler i\u00e7in te\u015fekk\u00fcrler! ! !<\/p>\n<h3>ziyafet<\/h3>\n<figure class=\"wp-caption aligncenter\"><a href=\"https:\/\/photos.google.com\/share\/AF1QipMgD5MhkIhssdqIZmWd3i2FTDsS9QKVgaES1nt8LBSdHUz2netPdcF254PYeewLhw\/photo\/AF1QipPS3FofNTzRcpU8uoLleZSsNO8QsBMffy9_hiA?key=cXZRbEJGTEhQa3ZIXzYyOWZQd1pQclBQRXpOMjhn\" target=\"_blank\"><img decoding=\"async\" src=\"https:\/\/lh3.googleusercontent.com\/pw\/AP1GczN3_zwPOiwEI8j1ONwRYBCi55UAZyBwDaOEThmEb2X5UB9ubhv4Vxyj3M5JzvBbx_8B4KlG6LwMkBPSDohaYVbg3B7I94ggs40r-aYuscssBp1kJdBhlh-NKrXs5Glvm-A-TcKSZ5kXcQeY0nXgnELp=w2000-h1333-s-no-gm?authuser=0\" width=\"2000\" height=\"1333\" alt=\"Minnettarl\u0131kla!\" class=\"size-full\" \/><\/a><figcaption class=\"wp-caption-text\">Minnettarl\u0131kla!<\/figcaption><\/figure>\n<figure class=\"wp-caption aligncenter\"><a href=\"https:\/\/photos.google.com\/u\/1\/share\/AF1QipMgD5MhkIhssdqIZmWd3i2FTDsS9QKVgaES1nt8LBSdHUz2netPdcF254PYeewLhw\/photo\/AF1QipNFltqJ3ghSFV3L9sp0hH9iD9e32Qz7lvEoZwY?key=cXZRbEJGTEhQa3ZIXzYyOWZQd1pQclBQRXpOMjhn\" target=\"_blank\"><img decoding=\"async\" src=\"https:\/\/lh3.googleusercontent.com\/pw\/AP1GczNrsZIOYfUerD0Fiq8mJYEjv4j9qEcvhCvvHP7d8eMIi3PczjXvJYnWh6foGSVso3B5vXdsTt3z7p3ntr7DT7z7FZPG57AhUsVbKfUrLVtxyXbnw7LD6iVM6aPgn2h5IR3iDxtpsuu4rClWvxY2sJWF=w2000-h1333-s-no-gm?authuser=1\" width=\"2000\" height=\"1333\" alt=\"\u00c7ok sevilen Kurosengoku fasulye filizi g\u00fcveci!\" class=\"size-full\" \/><\/a><figcaption class=\"wp-caption-text\">\u00c7ok sevilen Kurosengoku fasulye filizi g\u00fcveci!<\/figcaption><\/figure>\n<figure class=\"wp-caption aligncenter\"><a href=\"https:\/\/photos.google.com\/share\/AF1QipMgD5MhkIhssdqIZmWd3i2FTDsS9QKVgaES1nt8LBSdHUz2netPdcF254PYeewLhw\/photo\/AF1QipP9s8_FJkpOfRvgQM9s8ab2iZz3XJ5LZbFqExo?key=cXZRbEJGTEhQa3ZIXzYyOWZQd1pQclBQRXpOMjhn\" target=\"_blank\"><img decoding=\"async\" src=\"https:\/\/lh3.googleusercontent.com\/pw\/AP1GczN331HNoNzYTXFWavovyZpHcc2-zRLVSyTavDWnDs_OC4-Pu0n79PoLXhETrUsSiLkOU9iWLKmFDSHTqeXcclo07Mnbet6tKU__3VUp43C0POLmbibSza4GgCnli89HOQzJ-XiVLTJTRtvv05tqMPdh=w2000-h1333-s-no-gm?authuser=0\" width=\"2000\" height=\"1333\" alt=\"\u00c7ok samimi bir ortam. . .\" class=\"size-full\" \/><\/a><figcaption class=\"wp-caption-text\">\u00c7ok samimi bir ortam. . .<\/figcaption><\/figure>\n<figure class=\"wp-caption aligncenter\"><a href=\"https:\/\/photos.google.com\/share\/AF1QipMgD5MhkIhssdqIZmWd3i2FTDsS9QKVgaES1nt8LBSdHUz2netPdcF254PYeewLhw\/photo\/AF1QipMfKZp6HkMSh3tjw9O_SchLrARlTY6YSSi6q9E?key=cXZRbEJGTEhQa3ZIXzYyOWZQd1pQclBQRXpOMjhn\" target=\"_blank\"><img decoding=\"async\" src=\"https:\/\/lh3.googleusercontent.com\/pw\/AP1GczPcZ2ynJ7Bx7xfFdaN7YY-bTOE6lf-CPilQgieh8zXIyQQo4W6w8WrhQTa76Z7l6X6KvC2HWba__GnYumTVid_p0W4XPGX24L0fui8DZHJX7eitcSEW3WNfNXZShi6jcloBOxOL1U63jcrd0PMIp9FS=w2000-h1333-s-no-gm?authuser=0\" width=\"2000\" height=\"1333\" alt=\"Sohbet olduk\u00e7a hareketliydi. . .\" class=\"size-full\" \/><\/a><figcaption class=\"wp-caption-text\">Sohbet olduk\u00e7a hareketliydi. . .<\/figcaption><\/figure>\n<figure class=\"wp-caption aligncenter\"><a href=\"https:\/\/photos.google.com\/share\/AF1QipMgD5MhkIhssdqIZmWd3i2FTDsS9QKVgaES1nt8LBSdHUz2netPdcF254PYeewLhw\/photo\/AF1QipNgQg8atQzkPB-Pf1lxjMK-n2WWLx-ULLw2_2M?key=cXZRbEJGTEhQa3ZIXzYyOWZQd1pQclBQRXpOMjhn\" target=\"_blank\"><img decoding=\"async\" src=\"https:\/\/lh3.googleusercontent.com\/pw\/AP1GczN4lJSsj_mBInxLUEqX5guuCqoGUkHfpkpQmp82lPSNdJwZHm2G4KYn8i8Pip2WmSFSMAvFrVmgYUQRUaf41744cgpcP-1hsS56XPfauaK9fVr6nuSNUjgI6w-fA7QJxVZlAijDdG3Ef0zlWwi293Zi=w2000-h1333-s-no-gm?authuser=0\" width=\"2000\" height=\"1333\" alt=\"Konu\u015fulacak \u00e7ok konu var. . .\" class=\"size-full\" \/><\/a><figcaption class=\"wp-caption-text\">Konu\u015fulacak \u00e7ok konu var. . .<\/figcaption><\/figure>\n<figure class=\"wp-caption aligncenter\"><a href=\"https:\/\/photos.google.com\/share\/AF1QipMgD5MhkIhssdqIZmWd3i2FTDsS9QKVgaES1nt8LBSdHUz2netPdcF254PYeewLhw\/photo\/AF1QipO1oUVhK4RW1W_Y_WKLJeWQsy2-fuItZ3fwoY0?key=cXZRbEJGTEhQa3ZIXzYyOWZQd1pQclBQRXpOMjhn\" target=\"_blank\"><img decoding=\"async\" src=\"https:\/\/lh3.googleusercontent.com\/pw\/AP1GczMkMTypcA-jAgi5Mt-F5ZwVQS_4YKO0tRMrge3SVGsP7gw552-LY6n0hr9EulPIvsfFIcPF48yGzNVITRfcTfRqci3EDhU8mUxvJ1YYBVsGtfCE-ytLCumy3NKDMyBziJsfygF_icz0oyq13gv3Rg4c=w2000-h1333-s-no-gm?authuser=0\" width=\"2000\" height=\"1333\" alt=\"E\u011flenceli sohbetler ya\u015fand\u0131. . .\" class=\"size-full\" \/><\/a><figcaption class=\"wp-caption-text\">E\u011flenceli sohbetler ya\u015fand\u0131. . .<\/figcaption><\/figure>\n<figure class=\"wp-caption aligncenter\"><a href=\"https:\/\/photos.google.com\/share\/AF1QipMgD5MhkIhssdqIZmWd3i2FTDsS9QKVgaES1nt8LBSdHUz2netPdcF254PYeewLhw\/photo\/AF1QipMFnLB56LG9X2A4A03bIQzITSO9l0zAlt_vis4?key=cXZRbEJGTEhQa3ZIXzYyOWZQd1pQclBQRXpOMjhn\" target=\"_blank\"><img decoding=\"async\" src=\"https:\/\/lh3.googleusercontent.com\/pw\/AP1GczO5qLpumIHqw7tkfhVDBAfzxZjMQ7WAUeHCK3CGmRIIMNtjTk3FfiLm4ybLjYbLFVOtAbq2fXnIvZHRnFDq3lpF24g8-yhpawWzwkKcVPR8x0Mnpjn2-8YjGpMA1MTc2Vkcy4s6DXReKdPVhvvBlz3S=w2000-h1333-s-no-gm?authuser=0\" width=\"2000\" height=\"1333\" alt=\"B\u00fcy\u00fck bir ba\u015far\u0131n\u0131n ortas\u0131nda. . .\" class=\"size-full\" \/><\/a><figcaption class=\"wp-caption-text\">B\u00fcy\u00fck bir ba\u015far\u0131n\u0131n ortas\u0131nda. . .<\/figcaption><\/figure>\n<figure class=\"wp-caption alignnone\"><a href=\"https:\/\/photos.google.com\/share\/AF1QipMgD5MhkIhssdqIZmWd3i2FTDsS9QKVgaES1nt8LBSdHUz2netPdcF254PYeewLhw\/photo\/AF1QipMAENabF4pGuNFsL5l0oCAwg7lwCW6ttfZ9plI?key=cXZRbEJGTEhQa3ZIXzYyOWZQd1pQclBQRXpOMjhn\" target=\"_blank\"><img decoding=\"async\" src=\"https:\/\/lh3.googleusercontent.com\/pw\/AP1GczOEQ4rqd1ayg4HcC0hAZHW3o-ct0z1Ab5UZhw2hxPHGlu491D6hWzZkgSHkeokN-0brJ0rs0CNgvQQXXmWw5lHCATOWhHd4NCVsKKgwNSrhsB-ZgzMRPR8pCx3fCqvQp_R5motBX9-V4jGE0N-dMHZb=w2000-h1500-s-no-gm?authuser=0\" width=\"2000\" height=\"1500\" alt=\"B\u00fct\u00fcn personeliyle birlikte. . .\" class=\"size-full\" \/><\/a><figcaption class=\"wp-caption-text\">B\u00fct\u00fcn personeliyle birlikte. . .<\/figcaption><\/figure>\n<h3>\u00dc\u00e7 alk\u0131\u015f: Kitasorachi Tar\u0131m Kooperatifi Derne\u011fi, Minoru Nagai, Hokuryu B\u00f6lge Temsilcisi M\u00fcd\u00fcr\u00fc<\/h3>\n<figure class=\"wp-caption aligncenter\"><a href=\"https:\/\/photos.google.com\/share\/AF1QipMgD5MhkIhssdqIZmWd3i2FTDsS9QKVgaES1nt8LBSdHUz2netPdcF254PYeewLhw\/photo\/AF1QipPZAffjAVxvrSQ7ih-5HOBk3Wd4EfC6xtMs1pg?key=cXZRbEJGTEhQa3ZIXzYyOWZQd1pQclBQRXpOMjhn\" target=\"_blank\"><img decoding=\"async\" src=\"https:\/\/lh3.googleusercontent.com\/pw\/AP1GczP6lZva8L2MQoYRiNopWnJYjTyuUOFfnQxMzfLInLwVymbfdlcFEF77nUDmoRLrLqeTfeG9ZfFwe9E1GrWRoeHoTQsFn1QzDWRnR7n4EBjLxKYrnKYKspFhntaAtS2Wzf7JjgiTA_zu7_WMteZjXhmy=w2000-h1333-s-no-gm?authuser=0\" width=\"2000\" height=\"1333\" alt=\"Bay Minoru Nagai, Kitasorachi Tar\u0131m Kooperatifi Temsilci M\u00fcd\u00fcr\u00fc, Hokuryu B\u00f6lgesi\" class=\"size-full\" \/><\/a><figcaption class=\"wp-caption-text\">Bay Minoru Nagai, Kitasorachi Tar\u0131m Kooperatifi Temsilci M\u00fcd\u00fcr\u00fc, Hokuryu B\u00f6lgesi<\/figcaption><\/figure>\n<p>&quot;Bir \u00fcretici olarak, 20 y\u0131ld\u0131r Kurosengoku soya fasulyesi yeti\u015ftiriyorum. Kurosengoku soya fasulyesi yeti\u015ftirmenin arkas\u0131ndaki temel itici g\u00fc\u00e7, sa\u011fl\u0131\u011f\u0131n\u0131z i\u00e7in iyi olmalar\u0131d\u0131r. 20 y\u0131ld\u0131r t\u00fcketicilere hem lezzetli hem de sa\u011fl\u0131\u011f\u0131n\u0131z i\u00e7in iyi olan bir \u015fey sunma arzusuyla devam ediyorum.<\/p>\n<p>A\u011fa\u00e7lar\u0131n kar alt\u0131nda ezilmesi gibi \u00e7ok s\u0131k\u0131nt\u0131lar ya\u015fad\u0131k. Bug\u00fcn 20 y\u0131ld\u0131r devam etmemizin ba\u015far\u0131s\u0131n\u0131n, Y\u00f6netim Kurulu Ba\u015fkan\u0131 Takada&#039;n\u0131n, di\u011fer t\u00fcm y\u00f6neticilerin ve t\u00fcm yap\u0131mc\u0131lar\u0131n \u00f6zverili \u00e7al\u0131\u015fmalar\u0131n\u0131n sonucu oldu\u011funa inan\u0131yorum.<\/p>\n<p>\u00dcretici olarak rol\u00fcm\u00fcz\u00fcn \u00f6n\u00fcm\u00fczdeki 10-20 y\u0131l boyunca devam edece\u011fine ve t\u00fcketicilere daha iyi \u00fcr\u00fcnler sunmaya devam edece\u011fimize inan\u0131yorum. Gelecekte t\u00fcm Japonya&#039;ya daha da iyi \u00fcr\u00fcnler sunmak i\u00e7in birlik ve beraberlik i\u00e7inde bir araya gelmeyi umuyoruz ve t\u00fcm kat\u0131l\u0131mc\u0131lara sa\u011fl\u0131k ve mutluluklar dileyerek \u00fc\u00e7 alk\u0131\u015fla bitirmek istiyoruz.<\/p>\n<p>Ya\u015fas\u0131n Kurosengoku \u0130\u015f Kooperatifi! Ya\u015fas\u0131n! Ya\u015fas\u0131n! \u00e7ok te\u015fekk\u00fcr ederim! \u201d dedi B\u00f6lge Temsilcisi Direkt\u00f6r\u00fc Nagai.<\/p>\n<figure class=\"wp-caption aligncenter\"><a href=\"https:\/\/photos.google.com\/share\/AF1QipMgD5MhkIhssdqIZmWd3i2FTDsS9QKVgaES1nt8LBSdHUz2netPdcF254PYeewLhw\/photo\/AF1QipOJZHsgSa00m64aMfkx1Ai_9ctw8LQoMSuHJjk?key=cXZRbEJGTEhQa3ZIXzYyOWZQd1pQclBQRXpOMjhn\" target=\"_blank\"><img decoding=\"async\" src=\"https:\/\/lh3.googleusercontent.com\/pw\/AP1GczNbH4gcuMy3A0wDAAPXfJfcIfPxyrVvhP9lPUJ-MtuWeeyEKFVybWv-i5wZAeJbu6xXGsPKFoQMy3Xs4z0uMJWIdy55jCc_j69xd0hslEbWsZDmMDVn0QnjVMShRiGFd92HGY-_S4Q1BlUqlVZalGtp=w2000-h1333-s-no-gm?authuser=0\" width=\"2000\" height=\"1333\" alt=\"\u00dc\u00e7 kere alk\u0131\u015f! ! !\" class=\"size-full\" \/><\/a><figcaption class=\"wp-caption-text\">\u00dc\u00e7 kere alk\u0131\u015f! ! !<\/figcaption><\/figure>\n<h3>Herkesi u\u011furlamak<\/h3>\n<figure class=\"wp-caption aligncenter\"><a href=\"https:\/\/photos.google.com\/share\/AF1QipMgD5MhkIhssdqIZmWd3i2FTDsS9QKVgaES1nt8LBSdHUz2netPdcF254PYeewLhw\/photo\/AF1QipOvyhEOISQWlKYltxq68jAIxKNmN6eaB2ZsYKc?key=cXZRbEJGTEhQa3ZIXzYyOWZQd1pQclBQRXpOMjhn\" target=\"_blank\"><img decoding=\"async\" src=\"https:\/\/lh3.googleusercontent.com\/pw\/AP1GczOyTmwgdnMUOPSE9gHLJRgz-K-ND5IwpBlJvpuF7TYWaUcF3F7Os4k_ohVgnqH2H9CKEU6VtiK4rgNt6Ww6CRlHNhW8LRqsKye68gtsl40bjr7F-JhGOEHGdrYSEnYrAWk79_MQbFKjvw9oVRzpLMk6=w2000-h1500-s-no-gm?authuser=0\" width=\"2000\" height=\"1500\" alt=\"Veda etmek\" class=\"size-full\" \/><\/a><figcaption class=\"wp-caption-text\">Veda etmek<\/figcaption><\/figure>\n<figure class=\"wp-caption aligncenter\"><a href=\"https:\/\/photos.google.com\/share\/AF1QipMgD5MhkIhssdqIZmWd3i2FTDsS9QKVgaES1nt8LBSdHUz2netPdcF254PYeewLhw\/photo\/AF1QipP7RalyELi4USwZrswco5IkC4p_192ZF4kBECg?key=cXZRbEJGTEhQa3ZIXzYyOWZQd1pQclBQRXpOMjhn\" target=\"_blank\"><img decoding=\"async\" src=\"https:\/\/lh3.googleusercontent.com\/pw\/AP1GczPlO6odaEhK5LsAYwOpLwyB3dhWNA9iqax4u-rBG5dgY7LByvIowkC2xsHnrJyzm7S5PbCiqmHhQwJjI7l_-LGdSa6ul78kq2Nq9z-7iWXh0YztbIovSNBdogrsx6uJPsxGQisvJ4Gch5F-HL4kYX5S=w2000-h1500-s-no-gm?authuser=0\" width=\"2000\" height=\"1500\" alt=\"Veda etmek\" class=\"size-full\" \/><\/a><figcaption class=\"wp-caption-text\">Veda etmek<\/figcaption><\/figure>\n<h3>\u00c7al\u0131\u015fanlar\u0131n hat\u0131ra foto\u011fraf\u0131<\/h3>\n<figure class=\"wp-caption aligncenter\"><a href=\"https:\/\/photos.google.com\/share\/AF1QipMgD5MhkIhssdqIZmWd3i2FTDsS9QKVgaES1nt8LBSdHUz2netPdcF254PYeewLhw\/photo\/AF1QipPMpvnow48OtRnfoBq-8gr3NuDLxZ2ba0Yn1qY?key=cXZRbEJGTEhQa3ZIXzYyOWZQd1pQclBQRXpOMjhn\" target=\"_blank\"><img decoding=\"async\" src=\"https:\/\/lh3.googleusercontent.com\/pw\/AP1GczMoZcOZIhcHAzy1Uo2fQQBSRlZjNjiYccVNfEVB1b1FCZCef5qw9ec4SvSowIs9NkZIzg002FTdrn2_DZc0eXQ6lEtQX1oC0MpYJaGV1H4gnMqC8uSNui42GQ-F_xLTxbYPTwq5nr43cvcIWqbkX8dr=w2000-h1333-s-no-gm?authuser=0\" width=\"2000\" height=\"1333\" alt=\"Takada Ailesi\" class=\"size-full\" \/><\/a><figcaption class=\"wp-caption-text\">Takada Ailesi<\/figcaption><\/figure>\n<figure class=\"wp-caption aligncenter\"><a href=\"https:\/\/photos.google.com\/share\/AF1QipMgD5MhkIhssdqIZmWd3i2FTDsS9QKVgaES1nt8LBSdHUz2netPdcF254PYeewLhw\/photo\/AF1QipMZLRoLpwaSE7y8so3tIb2JfSCkkjxV2Td32a0?key=cXZRbEJGTEhQa3ZIXzYyOWZQd1pQclBQRXpOMjhn\" target=\"_blank\"><img decoding=\"async\" src=\"https:\/\/lh3.googleusercontent.com\/pw\/AP1GczMX65ic212djlqENWd-ydiZKImG35pEiDbgs_Ohdyz7SaxSR3flijU5W6T0IK33E06qKaYa-9r1QlhdTs4iTZPs_fLxWfZMHOZx1GbPstEXXyKBIdyjhfb5TPT7zDZUHw9RiD5Vh1rHxJy6PMsTO-DG=w2000-h1333-s-no-gm?authuser=0\" width=\"2000\" height=\"1333\" alt=\"B\u00fct\u00fcn personelimiz ve yetkililerimizle birlikte!\" class=\"size-full\" \/><\/a><figcaption class=\"wp-caption-text\">B\u00fct\u00fcn personelimiz ve yetkililerimizle birlikte!<\/figcaption><\/figure>\n<figure class=\"wp-caption aligncenter\"><a href=\"https:\/\/photos.google.com\/share\/AF1QipMgD5MhkIhssdqIZmWd3i2FTDsS9QKVgaES1nt8LBSdHUz2netPdcF254PYeewLhw\/photo\/AF1QipN84SVdQuhvcCsqEn5JV6aJFSfU-l_ZtU-a5n8?key=cXZRbEJGTEhQa3ZIXzYyOWZQd1pQclBQRXpOMjhn\"><img decoding=\"async\" src=\"https:\/\/lh3.googleusercontent.com\/pw\/AP1GczPYLyi6YvQh0g8DaDuWvzridsVq6WtdqGsvN9tH5aBXhkBIuHDEPAxYjr4MIRx15GvrP2pvFmMagNInUq6gsm-1KR4i7fVJKdPdN0Io_yPH_0L4HsLh5S6CPJy1PkVleaeJ1aRCGJg4katu1z8AZhw3=w2000-h1333-s-no-gm?authuser=0\" width=\"2000\" height=\"1333\" alt=\"Miiyan&#039;la birlikte!\" class=\"size-full\" \/><\/a><figcaption class=\"wp-caption-text\">Miiyan&#039;la birlikte!<\/figcaption><\/figure>\n<h3>Kurosengoku hediyelik e\u015fyalar\u0131<\/h3>\n<figure class=\"wp-caption aligncenter\"><a href=\"https:\/\/photos.google.com\/share\/AF1QipMgD5MhkIhssdqIZmWd3i2FTDsS9QKVgaES1nt8LBSdHUz2netPdcF254PYeewLhw\/photo\/AF1QipOt4svd0Nnp_6RW8W1L4TUcKrVtrpN70JRrvoc?key=cXZRbEJGTEhQa3ZIXzYyOWZQd1pQclBQRXpOMjhn\" target=\"_blank\"><img decoding=\"async\" src=\"https:\/\/lh3.googleusercontent.com\/pw\/AP1GczMAJqRgJRCX-Dvjxc-eglTIwks3YTcDwMLcLJ8rTgm_Njet2bplX0r6UGUVXEGIfeqVf5UpZo-PBOf-5IWDfZczA_tc1LvjYS8eg012JD3POAuuOGwuUnYiPd8bz9QX68r38aqYSuugkrZ4WW1_ze8z=w2000-h1333-s-no-gm?authuser=0\" width=\"2000\" height=\"1333\" alt=\"Hat\u0131ra E\u015fyalar\u0131 ve 20. Y\u0131l D\u00f6n\u00fcm\u00fc Dergisi\" class=\"size-full\" \/><\/a><figcaption class=\"wp-caption-text\">Hat\u0131ra E\u015fyalar\u0131 ve 20. Y\u0131l D\u00f6n\u00fcm\u00fc Dergisi<\/figcaption><\/figure>\n<figure class=\"wp-caption aligncenter\"><a href=\"https:\/\/photos.google.com\/share\/AF1QipMgD5MhkIhssdqIZmWd3i2FTDsS9QKVgaES1nt8LBSdHUz2netPdcF254PYeewLhw\/photo\/AF1QipNPqy1N5jvz-sTr-Yytlgy4FAmpsltkt-adEtE?key=cXZRbEJGTEhQa3ZIXzYyOWZQd1pQclBQRXpOMjhn\" target=\"_blank\"><img decoding=\"async\" src=\"https:\/\/lh3.googleusercontent.com\/pw\/AP1GczOjVqVyNWQl3MiR924-hMpwOs4fwROF3C65FVUXUA1rHV8nZZBR-bGz3Ggh83ja0EgwpVkamYO88uKMDmZhHbP_WCbKU5WKsnJPQ89mEVan7ghC79rJE_KgZ-Bt4v-XWO-qHDszqvhRuiR_pLj6vlb2=w2000-h1500-s-no-gm?authuser=0\" width=\"2000\" height=\"1500\" alt=\"\u00c7e\u015fitli hediyelik e\u015fyalar\" class=\"size-full\" \/><\/a><figcaption class=\"wp-caption-text\">\u00c7e\u015fitli hediyelik e\u015fyalar<\/figcaption><\/figure>\n<p>\u00dcreticilerin Kurosengoku soya fasulyesine olan tutkusu 20 y\u0131l\u0131 a\u015fk\u0131n bir s\u00fcredir nesilden nesile aktar\u0131l\u0131yor ve bu tutkuyu benimseyen perakendeciler, m\u00fcmk\u00fcn oldu\u011funca \u00e7ok say\u0131da t\u00fcketiciye g\u00fcvenli, besleyici ve lezzetli Kurosengoku soya fasulyesi ula\u015ft\u0131r\u0131yor. . .<\/p>\n<p>Kurosengoku soya fasulyesine olan derin sevgimiz, sonsuza kadar yay\u0131lan b\u00fcy\u00fck bir enerjiyle yank\u0131lan\u0131yor ve mikrokozmosa benzetilebilen k\u00fc\u00e7\u00fck Kurosengoku soya fasulyelerinin muazzam g\u00fcc\u00fcne sonsuz sevgimizi, \u015f\u00fckran\u0131m\u0131z\u0131 ve dualar\u0131m\u0131z\u0131 koyuyoruz. . .<\/p>\n<figure class=\"wp-caption aligncenter\"><a href=\"https:\/\/photos.google.com\/share\/AF1QipMgD5MhkIhssdqIZmWd3i2FTDsS9QKVgaES1nt8LBSdHUz2netPdcF254PYeewLhw\/photo\/AF1QipOqNCb_RHrhb_Dz2Mo91wRqwQRAQPKsDGVxeec?key=cXZRbEJGTEhQa3ZIXzYyOWZQd1pQclBQRXpOMjhn\" target=\"_blank\"><img decoding=\"async\" src=\"https:\/\/lh3.googleusercontent.com\/pw\/AP1GczPll3kv2Q7neOzYK4H0ir2C_YPksVGNOasGuhCR58dMbqwUbGUXf6zAKCpTioqFfNRofXfLPUbfYmtDx0uR0CvmdUtYq-zZjVbw46s8X1xC7oYh-FlARhMpttjV7tCxfm5raK3fauNzwhUhJiDpU4DK=w2000-h1500-s-no-gm?authuser=0\" width=\"2000\" height=\"1500\" alt=\"Kurosengoku soya fasulyesine olan derin sevgimiz i\u00e7imizde yank\u0131 buluyor ve sonsuza dek yay\u0131lmaya devam eden b\u00fcy\u00fck enerji i\u00e7in \u015f\u00fckranlar\u0131m\u0131z\u0131 sunuyoruz. . .\" class=\"size-full\" \/><\/a><figcaption class=\"wp-caption-text\">Kurosengoku soya fasulyesine olan derin sevgimiz i\u00e7imizde yank\u0131 buluyor ve sonsuza dek yay\u0131lmaya devam eden b\u00fcy\u00fck enerji i\u00e7in \u015f\u00fckranlar\u0131m\u0131z\u0131 sunuyoruz. . .<\/figcaption><\/figure>\n<h2>Youtube videolar\u0131<\/h2>\n<div class=\"youtube\"><iframe title=\"Kurosengoku \u0130\u015f Kooperatifleri Birli\u011fi&#039;nin 20. Y\u0131l Kutlamas\u0131 2025 - Bir mikrokozmos olarak kabul edilebilecek minik Kurosengoku&#039;nun muazzam g\u00fcc\u00fcne \u015f\u00fckranla!\" src=\"https:\/\/www.youtube.com\/embed\/Ip7irSmwrHY?feature=oembed\" frameborder=\"0\" allow=\"accelerometer; autoplay; clipboard-write; encrypted-media; gyroscope; picture-in-picture; web-share\" referrerpolicy=\"strict-origin-when-cross-origin\" allowfullscreen><\/iframe><\/div>\n<h2>Di\u011fer foto\u011fraflar<\/h2>\n<div class=\"img-move\"><img decoding=\"async\" style=\"vertical-align: middle;\" src=\"https:\/\/ehokkaido.net\/wp-content\/uploads\/2021\/12\/2021-12-06-11.41.12.png\" \/> <a href=\"https:\/\/photos.app.goo.gl\/X6yAc4qqp1wAXrst5\" target=\"_blank\" rel=\"noopener noreferrer\">Kurosengoku \u0130\u015f Kooperatifi Derne\u011fi&#039;nin 20. Y\u0131l Kutlamas\u0131 2025&#039;ten foto\u011fraflar (255 foto\u011fraf) i\u00e7in buraya t\u0131klay\u0131n &gt;&gt;<\/a><\/div>\n<h2>\u0130lgili makaleler<\/h2>\n\n        <div class=\"site-blogcard-premium\">\n            <div class=\"bc-label-custom\">\u0130lgili makaleler<\/div>\n            <div class=\"bc-flex-container\">\n                <div class=\"bc-main-text\">\n                    <div class=\"bc-title-link-box\">\n                        <a href=\"https:\/\/portal.hokuryu.info\/tr\/56509\/\" target=\"_blank\">https:\/\/portal.hokuryu.info\/56509<\/a>\n                    <\/div>\n                    <div class=\"bc-excerpt-box\">Sayfa bilgileri al\u0131namad\u0131.<\/div>\n                <\/div>\n                <div class=\"bc-thumbnail-box\">\n                    <a href=\"https:\/\/portal.hokuryu.info\/tr\/56509\/\" target=\"_blank\">\n                        <div class=\"bc-img-zoom-wrap\">\n                            <img decoding=\"async\" src=\"https:\/\/portal.hokuryu.info\/wp\/wp-content\/uploads\/2026\/02\/20230802DSC06445_1.jpg\" alt=\"https:\/\/portal.hokuryu.info\/56509\">\n                        <\/div>\n                    <\/a>\n                <\/div>\n            <\/div>\n        <\/div>\n\n        <div class=\"site-blogcard-premium\">\n            <div class=\"bc-label-custom\">\u0130lgili makaleler<\/div>\n            <div class=\"bc-flex-container\">\n                <div class=\"bc-main-text\">\n                    <div class=\"bc-title-link-box\">\n                        <a href=\"https:\/\/portal.hokuryu.info\/tr\/topics\/agri\/20150323.html\/\" target=\"_blank\">Kurosengoku \u0130\u015f Kooperatifi Derne\u011fi&#039;nin 10. Y\u0131l Kutlamas\u0131 - Hepimiz sevinci payla\u015ft\u0131k - Hokuryu Town Portal (Hokkaido) - Japonya&#039;n\u0131n 1 Numaral\u0131 Ay\u00e7i\u00e7e\u011fi K\u00f6y\u00fc<\/a>\n                    <\/div>\n                    <div class=\"bc-excerpt-box\">2.100 n\u00fcfuslu ve 401.300 ki\u015filik ya\u015flanma oran\u0131na sahip, canl\u0131 bir kasaban\u0131n &quot;bug\u00fcnk\u00fc&quot; halini sizlere sunuyoruz. Ay\u00e7i\u00e7ekleri gibi, aileler uyum i\u00e7inde ya\u015f\u0131yor...<\/div>\n                <\/div>\n                <div class=\"bc-thumbnail-box\">\n                    <a href=\"https:\/\/portal.hokuryu.info\/tr\/topics\/agri\/20150323.html\/\" target=\"_blank\">\n                        <div class=\"bc-img-zoom-wrap\">\n                            <img decoding=\"async\" src=\"https:\/\/lh6.googleusercontent.com\/-0QPTDRv9klk\/VQqI7a2QPTI\/AAAAAAABt1w\/bvv6QGnRBYg\/w1270-h841-no\/K5%2B77636\" alt=\"Kurosengoku \u0130\u015f Kooperatifi Derne\u011fi&#039;nin 10. Y\u0131l Kutlamas\u0131 - Hepimiz sevinci payla\u015ft\u0131k - Hokuryu Town Portal (Hokkaido) - Japonya&#039;n\u0131n 1 Numaral\u0131 Ay\u00e7i\u00e7e\u011fi K\u00f6y\u00fc\">\n                        <\/div>\n                    <\/a>\n                <\/div>\n            <\/div>\n        <\/div>\n\u3000<br \/>\n\n        <div class=\"site-blogcard-premium\">\n            <div class=\"bc-label-custom\">\u0130lgili makaleler<\/div>\n            <div class=\"bc-flex-container\">\n                <div class=\"bc-main-text\">\n                    <div class=\"bc-title-link-box\">\n                        <a href=\"https:\/\/portal.hokuryu.info\/tr\/56479\/\" target=\"_blank\">https:\/\/portal.hokuryu.info\/56479<\/a>\n                    <\/div>\n                    <div class=\"bc-excerpt-box\">Sayfa bilgileri al\u0131namad\u0131.<\/div>\n                <\/div>\n                <div class=\"bc-thumbnail-box\">\n                    <a href=\"https:\/\/portal.hokuryu.info\/tr\/56479\/\" target=\"_blank\">\n                        <div class=\"bc-img-zoom-wrap\">\n                            <img decoding=\"async\" src=\"https:\/\/portal.hokuryu.info\/wp\/wp-content\/uploads\/2026\/02\/20230802DSC06445_1.jpg\" alt=\"https:\/\/portal.hokuryu.info\/56479\">\n                        <\/div>\n                    <\/a>\n                <\/div>\n            <\/div>\n        <\/div>\n\n        <div class=\"site-blogcard-premium\">\n            <div class=\"bc-label-custom\">\u0130lgili makaleler<\/div>\n            <div class=\"bc-flex-container\">\n                <div class=\"bc-main-text\">\n                    <div class=\"bc-title-link-box\">\n                        <a href=\"https:\/\/portal.hokuryu.info\/tr\/56371\/\" target=\"_blank\">https:\/\/portal.hokuryu.info\/56371<\/a>\n                    <\/div>\n                    <div class=\"bc-excerpt-box\">Sayfa bilgileri al\u0131namad\u0131.<\/div>\n                <\/div>\n                <div class=\"bc-thumbnail-box\">\n                    <a href=\"https:\/\/portal.hokuryu.info\/tr\/56371\/\" target=\"_blank\">\n                        <div class=\"bc-img-zoom-wrap\">\n                            <img decoding=\"async\" src=\"https:\/\/portal.hokuryu.info\/wp\/wp-content\/uploads\/2026\/02\/20230802DSC06445_1.jpg\" alt=\"https:\/\/portal.hokuryu.info\/56371\">\n                        <\/div>\n                    <\/a>\n                <\/div>\n            <\/div>\n        <\/div>\n\u3000<\/p>\n<div class=\"img-move\">\n<div class=\"sitecard\">\n<div class=\"sitecard__subtitle\"> Kurosengoku \u0130\u015f Kooperatifleri Birli\u011fi \u00c7evrimi\u00e7i Ma\u011fazas\u0131<\/div>\n<div class=\"column column-273\">\n<div class=\"column__item\"><span style=\"font-size:medium\">Kurosengoku soya fasulyesi tatl\u0131 ve zengin bir tada sahiptir ve siyah kabuklar\u0131na ra\u011fmen ye\u015fil ete sahip olmalar\u0131yla karakterize edilir. K\u00fc\u00e7\u00fck, besin de\u011feri dengeli bir s\u00fcper besin! ! !<\/span><br \/>\n<span style=\"color: #ff9900\">\u25b6<\/span> <a href=\"https:\/\/kurosengoku.or.jp\/\" target=\"_blank\" rel=\"noopener\"><b style=\"font-size:large\">Kurosengoku \u0130\u015f Kooperatifleri Birli\u011fi Do\u011frudan \u00c7evrimi\u00e7i Ma\u011faza &gt;&gt;<\/b><\/div>\n<div class=\"column__item\"><img decoding=\"async\" src=\"https:\/\/lh3.googleusercontent.com\/pw\/AM-JKLWNWJFImAmp1PfKwfI58vH_sLgmN8vbY-5K81_DP6Xx1z43KsaIhYalSkj00KRHHCX0P9g69a7fX48J-2WzJBy-pPG5DkIHYkDILY8I4eOL-HGXiW8twsF91oVVPPW_kRFu2FRKL4Plfohni5Y52bLIeQ=w438-h382-no?authuser=0\" alt=\"Kurosengoku \u0130\u015f Kooperatifi Derne\u011fi\" \/><\/a><\/div>\n<\/div>\n<\/div>\n<\/div>\n\n\u3000<br \/>\n\u25c7 R\u00f6portaj ve metin: Ikuko Terauchi (foto\u011fraf\u00e7\u0131l\u0131k ve d\u00fczenleme asistan\u0131: Noboru Terauchi)<\/p>","protected":false},"excerpt":{"rendered":"<p>\uff12\uff10\uff12\uff15\u5e74\uff13\u6708\uff11\uff12\u65e5\uff08\u6c34\uff09 \u4ee4\u548c\uff17\u5e74\uff13\u6708\uff18\u65e5\uff08\u571f\uff09\uff11\uff14\u6642\u3088\u308a\u3001\u30b5\u30f3\u30d5\u30e9\u30ef\u30fc\u30d1\u30fc\u30af\u5317\u7adc\u6e29\u6cc9\u306b\u3066\u3001\u9ed2\u5343\u77f3\u4e8b\u696d\u5354\u540c\u7d44\u5408\u5275\u7acb\uff12\uff10\u5468\u5e74\u8a18\u5ff5\u795d\u8cc0\u4f1a\u304c\u958b\u50ac\u3055\u308c\u307e\u3057\u305f\u3002 \u9ed2\u5343\u77f3\u4e8b\u696d\u5354\u540c\u7d44\u5408\u5275\u7acb\uff12\uff10\u5468\u5e74\u8a18\u5ff5\u795d\u8cc0\u4f1a \u9053\u5185 [&hellip;]<\/p>\n","protected":false},"author":1,"featured_media":56453,"comment_status":"open","ping_status":"open","sticky":false,"template":"","format":"standard","meta":{"footnotes":""},"categories":[4,102,75,9],"tags":[],"class_list":["post-56401","post","type-post","status-publish","format-standard","has-post-thumbnail","hentry","category-cover-story","category-kurosengoku_bean","category-sasaki-yasuhiro-mayor","category-kurosengoku"],"_links":{"self":[{"href":"https:\/\/portal.hokuryu.info\/tr\/wp-json\/wp\/v2\/posts\/56401","targetHints":{"allow":["GET"]}}],"collection":[{"href":"https:\/\/portal.hokuryu.info\/tr\/wp-json\/wp\/v2\/posts"}],"about":[{"href":"https:\/\/portal.hokuryu.info\/tr\/wp-json\/wp\/v2\/types\/post"}],"author":[{"embeddable":true,"href":"https:\/\/portal.hokuryu.info\/tr\/wp-json\/wp\/v2\/users\/1"}],"replies":[{"embeddable":true,"href":"https:\/\/portal.hokuryu.info\/tr\/wp-json\/wp\/v2\/comments?post=56401"}],"version-history":[{"count":0,"href":"https:\/\/portal.hokuryu.info\/tr\/wp-json\/wp\/v2\/posts\/56401\/revisions"}],"wp:featuredmedia":[{"embeddable":true,"href":"https:\/\/portal.hokuryu.info\/tr\/wp-json\/wp\/v2\/media\/56453"}],"wp:attachment":[{"href":"https:\/\/portal.hokuryu.info\/tr\/wp-json\/wp\/v2\/media?parent=56401"}],"wp:term":[{"taxonomy":"category","embeddable":true,"href":"https:\/\/portal.hokuryu.info\/tr\/wp-json\/wp\/v2\/categories?post=56401"},{"taxonomy":"post_tag","embeddable":true,"href":"https:\/\/portal.hokuryu.info\/tr\/wp-json\/wp\/v2\/tags?post=56401"}],"curies":[{"name":"wp","href":"https:\/\/api.w.org\/{rel}","templated":true}]}}