{"id":5627,"date":"2020-10-27T13:00:54","date_gmt":"2020-10-27T04:00:54","guid":{"rendered":"https:\/\/portal.hokuryu.info\/?p=5627"},"modified":"2025-06-18T07:19:24","modified_gmt":"2025-06-17T22:19:24","slug":"5627-mesaj","status":"publish","type":"post","link":"https:\/\/portal.hokuryu.info\/tr\/5627\/","title":{"rendered":"2020 bahar\u0131nda Y\u00fckselen G\u00fcne\u015f, Alt\u0131n ve G\u00fcm\u00fc\u015f I\u015f\u0131nlar Ni\u015fan\u0131&#039;n\u0131 alan Bay Nobuo Murai i\u00e7in kutlama d\u00fczenlendi"},"content":{"rendered":"<p>Sal\u0131, 27 Ekim 2020<\/p>\n<p>2020 y\u0131l\u0131 bahar\u0131nda d\u00fczenlenen onur t\u00f6reninde, Say\u0131n Nobuo Murai&#039;ye yerel y\u00f6netim ve b\u00f6lgesel kalk\u0131nmaya yapt\u0131\u011f\u0131 uzun y\u0131llar s\u00fcren katk\u0131lar\u0131ndan dolay\u0131 Y\u00fckselen G\u00fcne\u015f Ni\u015fan\u0131, Alt\u0131n ve G\u00fcm\u00fc\u015f I\u015f\u0131nlar \u00f6d\u00fcl\u00fc verildi.<\/p>\n<p>Bu onuru kutlamak i\u00e7in 25 Ekim Pazar g\u00fcn\u00fc saat 13:00&#039;te Hokuryu Kasaba Toplum Merkezi&#039;nin b\u00fcy\u00fck salonunda bir kutlama d\u00fczenlendi.<\/p>\n<h2>Bay Nobuo Murai&#039;nin Y\u00fckselen G\u00fcne\u015f, Alt\u0131n ve G\u00fcm\u00fc\u015f I\u015f\u0131nlar Ni\u015fan\u0131&#039;n\u0131 almas\u0131n\u0131 kutlama<\/h2>\n<figure class=\"wp-caption alignnone\"><a href=\"https:\/\/photos.google.com\/share\/AF1QipMBAH8UYu5zHRZqWQroWGrzpi3ov2kb-zJMq4HBdm4YuxjMFhb4zCAr1IFoYHvvrg\/photo\/AF1QipOzmQwjqmY-wAD0cjAACmvrcxHKXpf6LNeskSY?key=eHBlV3ZubkFZNlZLX0pLOEFkaDRQVFNYRVZrZTh3\" target=\"_blank\" rel=\"noopener noreferrer\"><img decoding=\"async\" src=\"https:\/\/lh3.googleusercontent.com\/pw\/ACtC-3fePcj_lOJGW3KD2gqtrxkYkSghRf932hAMAV8BMpndfmrcg580B100XaAadjR4HUzp0XkG4dm5bxq45bBylufkoeTTgxRHUVq63sRPHQCN4AdJ9nmoY_yx_0n-Wwl6tUeeJV-NY1nsyJLEsC5c5_jP=w1984-h1322-no?authuser=0\" width=\"1984\" height=\"1322\" alt=\"Bay Nobuo Murai&#039;nin Y\u00fckselen G\u00fcne\u015f, Alt\u0131n ve G\u00fcm\u00fc\u015f I\u015f\u0131nlar Ni\u015fan\u0131&#039;n\u0131 almas\u0131n\u0131 kutlama\" class=\"size-medium\" \/><\/a><figcaption class=\"wp-caption-text\">Bay Nobuo Murai&#039;nin Y\u00fckselen G\u00fcne\u015f, Alt\u0131n ve G\u00fcm\u00fc\u015f I\u015f\u0131nlar Ni\u015fan\u0131&#039;n\u0131 almas\u0131n\u0131 kutlama<\/figcaption><\/figure>\n<h3>Sertifikalar ve \u00d6d\u00fcller<\/h3>\n<figure class=\"wp-caption aligncenter\"><a href=\"https:\/\/photos.google.com\/share\/AF1QipMBAH8UYu5zHRZqWQroWGrzpi3ov2kb-zJMq4HBdm4YuxjMFhb4zCAr1IFoYHvvrg\/photo\/AF1QipPBQAXd5o7_uO_n5a048i7msBRaUbknb7CxmaI?key=eHBlV3ZubkFZNlZLX0pLOEFkaDRQVFNYRVZrZTh3\" target=\"_blank\" rel=\"noopener noreferrer\"><img decoding=\"async\" src=\"https:\/\/lh3.googleusercontent.com\/pw\/ACtC-3fM8VyEMrmM8ZAwHfdQsdlCaCUcLRerkEd9dRKSOpsmpx45nvd4iNBFlA6zg8I9o1s8DQV5wX7HqpRNan-j82iht6u48wJERSd-5HQaJQgoGDcMmCcRc9nWoub0KdhOYKinzz_heICwbpYRXsYkJHP2=w1984-h1322-no?authuser=0\" width=\"1984\" height=\"1322\" alt=\"Sertifikalar ve \u00d6d\u00fcller\" class=\"size-medium\" \/><\/a><figcaption class=\"wp-caption-text\">Sertifikalar ve \u00d6d\u00fcller<\/figcaption><\/figure>\n<h3>Bay Nobuo Murai&#039;nin kutlama g\u00fcndemi<\/h3>\n<figure class=\"wp-caption aligncenter\"><a href=\"https:\/\/photos.google.com\/share\/AF1QipMBAH8UYu5zHRZqWQroWGrzpi3ov2kb-zJMq4HBdm4YuxjMFhb4zCAr1IFoYHvvrg\/photo\/AF1QipO8ZzaG0WOj7QhGUJ38NZcORoLwu3ze_4rcLF4?key=eHBlV3ZubkFZNlZLX0pLOEFkaDRQVFNYRVZrZTh3\" target=\"_blank\" rel=\"noopener noreferrer\"><img decoding=\"async\" src=\"https:\/\/lh3.googleusercontent.com\/pw\/ACtC-3cQ8VUcpyS0fKvn1foEx04C-cRIA_JZOA9KetNvTPi5UV9zLAu3MrP2kJe_EHSFGdPjF3XX1lUHOihlMl-qR-Ob4leWdHbxwSjtiHCCJNe5Daal4lnjG0xFFaLkKnoDmX91tHj8KlS4Qm4KzXjRATPr=w1984-h1322-no?authuser=0\" width=\"1984\" height=\"1322\" alt=\"Bay Nobuo Murai&#039;nin kutlama g\u00fcndemi\" class=\"size-medium\" \/><\/a><figcaption class=\"wp-caption-text\">Bay Nobuo Murai&#039;nin kutlama g\u00fcndemi<\/figcaption><\/figure>\n<h3>Bay Nobuo Murai - Biyografi<\/h3>\n<figure class=\"wp-caption aligncenter\"><a href=\"https:\/\/photos.google.com\/share\/AF1QipMBAH8UYu5zHRZqWQroWGrzpi3ov2kb-zJMq4HBdm4YuxjMFhb4zCAr1IFoYHvvrg\/photo\/AF1QipMofVvGjjxG31jk--fK3REP5mKggI_Y3XeUBgk?key=eHBlV3ZubkFZNlZLX0pLOEFkaDRQVFNYRVZrZTh3\" target=\"_blank\" rel=\"noopener noreferrer\"><img decoding=\"async\" src=\"https:\/\/lh3.googleusercontent.com\/pw\/ACtC-3fSeBODhDLjYT6JAtoFaQ2PK1buLdFhVd0oMgQNwDaZKrh8PG-Ad4oRH96tXU0hlL4zFNtFlB4ofar896zU-1mcySjHgRNjnhmVgh-24OKHJFfWg_bCL5a8E37trNr0mKCZpzIEg9dElgsyGgXAPKJK=w1984-h1322-no?authuser=0\" width=\"1984\" height=\"1322\" alt=\"Bay Nobuo Murai - Biyografi\" class=\"size-medium\" \/><\/a><figcaption class=\"wp-caption-text\">Bay Nobuo Murai - Biyografi<\/figcaption><\/figure>\n<h3>Nobuo Murai: 1988&#039;i anmak<\/h3>\n<figure class=\"wp-caption aligncenter\"><a href=\"https:\/\/photos.google.com\/share\/AF1QipMBAH8UYu5zHRZqWQroWGrzpi3ov2kb-zJMq4HBdm4YuxjMFhb4zCAr1IFoYHvvrg\/photo\/AF1QipPfEE4dUQVu1XJmJWvx67dakb59Pi9vs52J1RY?key=eHBlV3ZubkFZNlZLX0pLOEFkaDRQVFNYRVZrZTh3\" target=\"_blank\" rel=\"noopener noreferrer\"><img decoding=\"async\" src=\"https:\/\/lh3.googleusercontent.com\/pw\/ACtC-3eTdmi9Rg6Rnfx3WoIDvPOOV0lwKIFC-ke6zufC4H8N4yv3NJu6WWTlcQ1IvsgdXhNOyhVuDMMYuvehi4R6vbMw3mybQJ4-q4vlGodpleGjCKNeXFZtffgzoark6sGvqr27kHUbdB97bah-qx6cZCrC=w1984-h1322-no?authuser=0\" width=\"1984\" height=\"1322\" alt=\"Nobuo Murai: 1988&#039;i anmak\" class=\"size-medium\" \/><\/a><figcaption class=\"wp-caption-text\">Nobuo Murai: 1988&#039;i anmak<\/figcaption><\/figure>\n<h3>COVID-19 salg\u0131n\u0131 nedeniyle etkinlik daha k\u00fc\u00e7\u00fck \u00f6l\u00e7ekte ve yerel halkla s\u0131n\u0131rl\u0131 olarak d\u00fczenlendi.<\/h3>\n<p>Mevcut COVID-19 durumu ve Hokuryu Kasabas\u0131nda hala enfeksiyon vakas\u0131 olmamas\u0131 g\u00f6z \u00f6n\u00fcne al\u0131nd\u0131\u011f\u0131nda, organizat\u00f6rler birka\u00e7 g\u00f6r\u00fc\u015fme yapt\u0131 ve kutlamay\u0131 k\u00fc\u00e7\u00fcltmeye, sosyal mesafeyi korumaya ve kat\u0131l\u0131m\u0131 Hokuryu Kasabas\u0131 sakinleriyle s\u0131n\u0131rlamaya karar verdi. O g\u00fcn kutlamaya yakla\u015f\u0131k 70 ki\u015fi kat\u0131ld\u0131.<\/p>\n<h2>Moderat\u00f6r: Jun Takahashi, Hokuryu Kasaba Konseyi Sekreterli\u011fi Genel Sekreteri<\/h2>\n<figure class=\"wp-caption aligncenter\"><a href=\"https:\/\/photos.google.com\/share\/AF1QipMBAH8UYu5zHRZqWQroWGrzpi3ov2kb-zJMq4HBdm4YuxjMFhb4zCAr1IFoYHvvrg\/photo\/AF1QipPx70VT7JBmLyCSL8_-n9ObZ_-Da1dTeEf6i0k?key=eHBlV3ZubkFZNlZLX0pLOEFkaDRQVFNYRVZrZTh3\" target=\"_blank\" rel=\"noopener noreferrer\"><img decoding=\"async\" src=\"https:\/\/lh3.googleusercontent.com\/pw\/ACtC-3fy6fzYUIOn9nVTW_fSnHJNKGNoiJLOpPnrGFzqMapF5MkdcbHvKeujQr1PFYr421cFyI1Z_A-LNw3oqXyWVtuKj83UiQ8V5UCQj88NS3EmtnGugPIPQZVPAbhtuuh4t6mKRR9SBhTQeH7leNfGLorM=w1984-h1322-no?authuser=0\" width=\"1984\" height=\"1322\" alt=\"Jun Takahashi, Hokuryu Kasaba Konseyi Sekreterli\u011fi Genel Sekreteri\" class=\"size-medium\" \/><\/a><figcaption class=\"wp-caption-text\">Jun Takahashi, Hokuryu Kasaba Konseyi Sekreterli\u011fi Genel Sekreteri<\/figcaption><\/figure>\n<h3>Mekandan bir sahne<\/h3>\n<figure class=\"wp-caption aligncenter\"><a href=\"https:\/\/photos.google.com\/share\/AF1QipMBAH8UYu5zHRZqWQroWGrzpi3ov2kb-zJMq4HBdm4YuxjMFhb4zCAr1IFoYHvvrg\/photo\/AF1QipPZoUsGLr8iuCKWZnrHt-cetGo9rhAGeKbaxZQ?key=eHBlV3ZubkFZNlZLX0pLOEFkaDRQVFNYRVZrZTh3\" target=\"_blank\" rel=\"noopener noreferrer\"><img decoding=\"async\" src=\"https:\/\/lh3.googleusercontent.com\/pw\/ACtC-3c5cICitDrzm4hvrtyG3XiffpsFyHLDlBmCV2AlGIXCOPit7OxUfm6YC5YrdUQC7bp4HvcayyUkP6irTX-l5hCiH5y0cmoVWFVX1x5DP7e4iOHy5GrqY9FAV9lr3EGGapPvLZLiGB74dXVGkMfSOGAI=w1984-h1322-no?authuser=0\" width=\"1984\" height=\"1322\" alt=\"Mekandaki herkes\" class=\"size-medium\" \/><\/a><figcaption class=\"wp-caption-text\">Mekandaki herkes<\/figcaption><\/figure>\n<h2>Murai Nobuo ve Reiko giriyor<\/h2>\n<figure class=\"wp-caption aligncenter\"><a href=\"https:\/\/photos.google.com\/share\/AF1QipMBAH8UYu5zHRZqWQroWGrzpi3ov2kb-zJMq4HBdm4YuxjMFhb4zCAr1IFoYHvvrg\/photo\/AF1QipMeezQHFadWXrFNUAUk_RuZ8vGwzL10M3sptAI?key=eHBlV3ZubkFZNlZLX0pLOEFkaDRQVFNYRVZrZTh3\" target=\"_blank\" rel=\"noopener noreferrer\"><img decoding=\"async\" src=\"https:\/\/lh3.googleusercontent.com\/pw\/ACtC-3dQDYBi5JNnsh-KQtTf2ybkZDGK9aM-IIPL_gFXb8UnymM3_KuxD0auKtYMUWudplRbiRd5yM9fb5g9U80reTzCYB6UBtJCgA51NsHSnaBp4dVJfUEXLXPsm-fYYv6yTP2MdzYs8muXgUJ5siGp_tlo=w1984-h1322-no?authuser=0\" width=\"1984\" height=\"1322\" alt=\"Murai Nobuo ve Reiko giriyor\" class=\"size-medium\" \/><\/a><figcaption class=\"wp-caption-text\">Murai Nobuo ve Reiko giriyor<\/figcaption><\/figure>\n<figure class=\"wp-caption aligncenter\"><a href=\"https:\/\/photos.google.com\/share\/AF1QipMBAH8UYu5zHRZqWQroWGrzpi3ov2kb-zJMq4HBdm4YuxjMFhb4zCAr1IFoYHvvrg\/photo\/AF1QipPUVH4DKEIIjvATjyqmThzYNt7OAkv9bvre4Ug?key=eHBlV3ZubkFZNlZLX0pLOEFkaDRQVFNYRVZrZTh3\" target=\"_blank\" rel=\"noopener noreferrer\"><img decoding=\"async\" src=\"https:\/\/lh3.googleusercontent.com\/pw\/ACtC-3c1YkV7RZ9xb1yhVJXLu9Wvf_XoYd0YsPz0FM1UICS3Yp5hsqT9vASvH5OAsYNnWXX1vT08fjKc0CBMk4pFJ8hqlrsZdLxQB5Uqp-WB52O8p0dTgGkn_6Y8Mxj2OmOgLWqwLFghydEsXNoCc4fHNOGx=w1984-h1322-no?authuser=0\" width=\"1984\" height=\"1322\" alt=\"Murai Nobuo ve Reiko\" class=\"size-medium\" \/><\/a><figcaption class=\"wp-caption-text\">Murai Nobuo ve Reiko<\/figcaption><\/figure>\n<h2>Promot\u00f6rden temsili konu\u015fma: Hokuryu Kasaba Konseyi Ba\u015fkan\u0131 Yasuhiro Sasaki<\/h2>\n<figure class=\"wp-caption aligncenter\"><a href=\"https:\/\/photos.google.com\/share\/AF1QipMBAH8UYu5zHRZqWQroWGrzpi3ov2kb-zJMq4HBdm4YuxjMFhb4zCAr1IFoYHvvrg\/photo\/AF1QipON_xMDowBKf-nS539acDggVvrESXr1w-j8KfQ?key=eHBlV3ZubkFZNlZLX0pLOEFkaDRQVFNYRVZrZTh3\" target=\"_blank\" rel=\"noopener noreferrer\"><img decoding=\"async\" src=\"https:\/\/lh3.googleusercontent.com\/pw\/ACtC-3e06V_NBDHAHSVjjzuCBOIQKK_eSKX-pQml_GpF-1g5WvWF1BaSKvYGmlzv32ztkMH0L6lIdIvQcxR1tVTxYs6bTfk3yuM30NQXsdI0n7VGJUxKzyecMbBGy9ponQv6SWcRl24QrEWI_cDrwdD7Y9BX=w1984-h1322-no?authuser=0\" width=\"1984\" height=\"1322\" alt=\"Hokuryu Belediye Meclisi Ba\u015fkan\u0131 Yasuhiro Sasaki\" class=\"size-medium\" \/><\/a><figcaption class=\"wp-caption-text\">Hokuryu Belediye Meclisi Ba\u015fkan\u0131 Yasuhiro Sasaki<\/figcaption><\/figure>\n<p>&quot;Bay Murai Nobuo&#039;nun Y\u00fckselen G\u00fcne\u015f, Alt\u0131n ve G\u00fcm\u00fc\u015f I\u015f\u0131nlar Ni\u015fan\u0131&#039;n\u0131 almas\u0131 dolay\u0131s\u0131yla d\u00fczenlenen kutlamaya kat\u0131lan herkese te\u015fekk\u00fcr ederiz.<\/p>\n<p>Bu g\u00fcne yakla\u015f\u0131rken akl\u0131mdan bir\u00e7ok d\u00fc\u015f\u00fcnce ge\u00e7ti. COVID-19 salg\u0131n\u0131n\u0131n ortas\u0131nda \u00e7e\u015fitli riskleri ortadan kald\u0131rmak i\u00e7in ad\u0131mlar att\u0131k. Ayr\u0131ca toplum merkezinde \u00e7e\u015fitli \u00f6nlemler ald\u0131k, havaland\u0131rma ve di\u011fer \u00f6nlemler i\u00e7in bolca alan b\u0131rakt\u0131k.<\/p>\n<p>Size nas\u0131l gitti\u011fini anlataca\u011f\u0131m. 11 Nisan&#039;da, Bahar Dekorasyonunu alan Bay Nobuo Murai i\u00e7in bir kutlama yapmay\u0131 tart\u0131\u015ft\u0131k ve bunu 21 Haziran&#039;da yapmaya karar verdik. Ancak, COVID-19 acil durumu y\u00fcr\u00fcrl\u00fckte oldu\u011fundan, etkinli\u011fi yapmak \u00e7ok zor olacakt\u0131, bu y\u00fczden ertelemeye karar verdik. Birka\u00e7 tart\u0131\u015fmadan sonra, 5 A\u011fustos&#039;taki kurucu komite toplant\u0131s\u0131nda etkinli\u011fi 25 Ekim&#039;de yapmaya karar verdik. Hepimiz etkinli\u011fi yapmaya kararl\u0131yd\u0131k ve b\u00f6ylece bu g\u00fcne geldik.<\/p>\n<p>Nobuo Murai, iki d\u00f6nem ve sekiz y\u0131l boyunca Hokkaido \u0130l Meclisi \u00fcyesi olarak g\u00f6rev yapt\u0131 ve prestijli Y\u00fckselen G\u00fcne\u015f, Alt\u0131n ve G\u00fcm\u00fc\u015f I\u015f\u0131nlar Ni\u015fan\u0131 ile \u00f6d\u00fcllendirildi. Bu \u00f6d\u00fcle ba\u015fvuran ki\u015fi Hokkaido&#039;dur ve etkinlik normalde Hokkaido ve Hokkaido \u0130l Meclisi taraf\u0131ndan ortakla\u015fa d\u00fczenlenirdi, ancak mevcut durum nedeniyle organizat\u00f6rler yerel sakinler ve Hokuryu Kasaba Meclisiydi.<\/p>\n<p>Etkinli\u011fi bug\u00fcn ger\u00e7ekle\u015ftirme konusunda olduk\u00e7a teredd\u00fctl\u00fcyd\u00fck, ancak Hokuryu Kasabas\u0131&#039;n\u0131n g\u00fcvenli ve emniyetli ortam\u0131nda etkinli\u011fi ger\u00e7ekle\u015ftirebildi\u011fimiz i\u00e7in mutluyuz.<\/p>\n<p>Ba\u015flang\u0131\u00e7ta Bay Murai bize yakla\u015f\u0131k 200 ki\u015filik bir konuk listesi vermi\u015fti, ancak COVID-19 salg\u0131n\u0131n\u0131n a\u011f\u0131r ko\u015fullar\u0131 nedeniyle kat\u0131l\u0131mc\u0131 say\u0131s\u0131n\u0131 s\u0131n\u0131rlamaya karar verdik ve bu konuda \u00e7ok \u00fczg\u00fcn\u00fcz. Ayr\u0131ca Sapporo ve Tokyo b\u00f6lgelerinden herkesin kat\u0131lmamas\u0131n\u0131 rica ediyoruz ve bunun i\u00e7in ger\u00e7ekten \u00fczg\u00fcn\u00fcz. Bug\u00fcnk\u00fc kutlama b\u00f6yle ger\u00e7ekle\u015fti.<\/p>\n<p>Bu ko\u015fullar g\u00f6z \u00f6n\u00fcne al\u0131nd\u0131\u011f\u0131nda, Nobuo Murai&#039;nin uzun y\u0131llard\u0131r elde etti\u011fi ba\u015far\u0131lar\u0131 ve s\u0131k\u0131 \u00e7al\u0131\u015fmalar\u0131n\u0131 kutlamak i\u00e7in bir kutlama d\u00fczenledi\u011fimizi anlay\u0131\u015fla kar\u015f\u0131layaca\u011f\u0131n\u0131z\u0131 umuyoruz.<\/p>\n<p>Bay Murai&#039;nin \u00fc\u00e7 k\u0131z\u0131 da kutlamaya kat\u0131lmak ve herkese minnettarl\u0131klar\u0131n\u0131 ifade etmek istediler, ancak d\u00fcn itibariyle onlar da kat\u0131lmamaya karar verdiler. Ailesinin ve akrabalar\u0131n\u0131n da kat\u0131lamayacaklar\u0131n\u0131 anlay\u0131\u015fla kar\u015f\u0131laman\u0131z\u0131 rica ediyoruz.<\/p>\n<p>Ba\u015fkan Sasaki Yasuhiro, &quot;Bug\u00fcn hepinizi tebrik ediyorum&quot; dedi.<\/p>\n<figure class=\"wp-caption aligncenter\"><a href=\"https:\/\/photos.google.com\/share\/AF1QipMBAH8UYu5zHRZqWQroWGrzpi3ov2kb-zJMq4HBdm4YuxjMFhb4zCAr1IFoYHvvrg\/photo\/AF1QipMs6eflFBUBp72w-LrWQEbIOvc3odnFqEUHvmM?key=eHBlV3ZubkFZNlZLX0pLOEFkaDRQVFNYRVZrZTh3\" target=\"_blank\" rel=\"noopener noreferrer\"><img decoding=\"async\" src=\"https:\/\/lh3.googleusercontent.com\/pw\/ACtC-3dFlzpKfvdggabjvZ-SwEfmOxzsiUvGazjNA7SftuzdQgrRWLIYAIApPU5shR3-pn79j-GQFT0J9bFwbaZ7YDnUoJ7cb_TWL-EAoiMwmHPWEy6vdTcmE3CFDodJ841D7k4GSM6flzZV5wVsN9tmNCsM=w1984-h1322-no?authuser=0\" width=\"1984\" height=\"1322\" alt=\"Kurucular\u0131n temsilcisinden selamlar\" class=\"size-medium\" \/><\/a><figcaption class=\"wp-caption-text\">Kurucular\u0131n temsilcisinden selamlar<\/figcaption><\/figure>\n<h2>Bir buket sunmak<\/h2>\n<p>Ayano Hayashi Han\u0131m taraf\u0131ndan bir buket \u00e7i\u00e7ek takdim edildi.<\/p>\n<figure class=\"wp-caption aligncenter\"><a href=\"https:\/\/photos.google.com\/share\/AF1QipMBAH8UYu5zHRZqWQroWGrzpi3ov2kb-zJMq4HBdm4YuxjMFhb4zCAr1IFoYHvvrg\/photo\/AF1QipPkm3yU0Jv-XBLVicixWkiOT11NEXQfYvYK46M?key=eHBlV3ZubkFZNlZLX0pLOEFkaDRQVFNYRVZrZTh3\" target=\"_blank\" rel=\"noopener noreferrer\"><img decoding=\"async\" src=\"https:\/\/lh3.googleusercontent.com\/pw\/ACtC-3fIWbnbVixLIAhtk3JhPZwXssd5J1AQ5b5Aen5cJxCYJQvccA2Rprrc3pepkx14TiiJSYIx8OSo0yPfNDd7yE9l-LaGm3vc1vcY7rWnnE90ruPtvAXXsU0icdhAEjKpHbXjJXzapUUsgKStTJRhgmVU=w1984-h1322-no?authuser=0\" width=\"1984\" height=\"1322\" alt=\"Bir buket sunmak\" class=\"size-medium\" \/><\/a><figcaption class=\"wp-caption-text\">Bir buket sunmak<\/figcaption><\/figure>\n<h2>Anma hediyesi sunumu<\/h2>\n<p>Kitary\u016b Kasaba Meclisi Sekreterli\u011fi Sekreteri Akiko Tabata taraf\u0131ndan anma hediyesi takdim edildi.<\/p>\n<figure class=\"wp-caption aligncenter\"><a href=\"https:\/\/photos.google.com\/share\/AF1QipMBAH8UYu5zHRZqWQroWGrzpi3ov2kb-zJMq4HBdm4YuxjMFhb4zCAr1IFoYHvvrg\/photo\/AF1QipN1H6EaTqOR1_XIDDgRekgkwzHrEFgXfuM2yPo?key=eHBlV3ZubkFZNlZLX0pLOEFkaDRQVFNYRVZrZTh3\" target=\"_blank\" rel=\"noopener noreferrer\"><img decoding=\"async\" src=\"https:\/\/lh3.googleusercontent.com\/pw\/ACtC-3dCziNfNPZWtyDiASmfcES9vdsBYprqTm4zdNeDFxOwp26T2M078W3VFsefZsIMGVjRZf6vtfs9UQWBT8Tmk6qPxYYgAejLK9wqO3s5Z4OMkzUk-fTo4wVC0puiOl4ZwChNxDCqSS1wbcGdtB2wfO7y=w1984-h1322-no?authuser=0\" width=\"1984\" height=\"1322\" alt=\"Anma hediyesi sunumu\" class=\"size-medium\" \/><\/a><figcaption class=\"wp-caption-text\">Anma hediyesi sunumu<\/figcaption><\/figure>\n<h2>Tebrik Mesaj\u0131<\/h2>\n<h3>Hokuryu Kasabas\u0131 Belediye Ba\u015fkan\u0131 Yutaka Sano<\/h3>\n<figure class=\"wp-caption aligncenter\"><a href=\"https:\/\/photos.google.com\/share\/AF1QipMBAH8UYu5zHRZqWQroWGrzpi3ov2kb-zJMq4HBdm4YuxjMFhb4zCAr1IFoYHvvrg\/photo\/AF1QipNg__DJLoJagz_FBfK-ru2YcBaakRQzVvG2HTs?key=eHBlV3ZubkFZNlZLX0pLOEFkaDRQVFNYRVZrZTh3\" target=\"_blank\" rel=\"noopener noreferrer\"><img decoding=\"async\" src=\"https:\/\/lh3.googleusercontent.com\/pw\/ACtC-3f3qUGeW_mMnCtb8MNVWIY2PHL9N1PFd5O_QB5VEmZgVqOb-Q1L-kxB3kFHFztrZAlgSJe0-nBBgOu3jfdq5YKG4zSIiMlUNVmsRhw6xSUsW-GAWPlmxsym0o00sBtF4xXDAP7nsyUta4mEsG8QQJLF=w1984-h1322-no?authuser=0\" width=\"1984\" height=\"1322\" alt=\"Belediye Ba\u015fkan\u0131 Yutaka Sano&#039;nun tebrik konu\u015fmas\u0131\" class=\"size-medium\" \/><\/a><figcaption class=\"wp-caption-text\">Belediye Ba\u015fkan\u0131 Yutaka Sano&#039;nun tebrik konu\u015fmas\u0131<\/figcaption><\/figure>\n<p>&quot;Profes\u00f6r Murai Nobuo&#039;nun Y\u00fckselen G\u00fcne\u015f, Alt\u0131n ve G\u00fcm\u00fc\u015f I\u015f\u0131nlar Ni\u015fan\u0131&#039;n\u0131 almas\u0131 dolay\u0131s\u0131yla d\u00fczenlenecek kutlama vesilesiyle selamlar\u0131m\u0131 iletmek istiyorum.<\/p>\n<p>Yerel y\u00f6netimin ilerlemesine y\u0131llard\u0131r yapt\u0131\u011f\u0131n\u0131z ola\u011fan\u00fcst\u00fc katk\u0131lardan dolay\u0131 Mart ay\u0131nda Bahar Ni\u015fan\u0131&#039;n\u0131 alman\u0131zdan dolay\u0131 i\u00e7ten tebriklerimizi sunmak istiyoruz.<\/p>\n<p>Bug\u00fcnk\u00fc onurun arkas\u0131nda, sizi b\u00fcy\u00fck bir \u00f6zveriyle destekleyen, evinizi koruyan ve kendinizi endi\u015fe duymadan i\u015finize adaman\u0131z\u0131 sa\u011flayan ailenizin ve e\u015finizin s\u0131k\u0131 \u00e7al\u0131\u015fmalar\u0131na da \u015f\u00fckranlar\u0131m\u0131 sunmak istiyorum.<\/p>\n<p>Say\u0131n Murai, 1975&#039;ten bu yana 15 y\u0131l boyunca Hokuryu Kent Konseyi \u00fcyesi olarak g\u00f6rev yapt\u0131 ve 1995&#039;ten bu yana sekiz y\u0131ll\u0131k iki d\u00f6nem boyunca Hokkaido \u0130l Meclisi \u00fcyesi olarak g\u00f6rev yapt\u0131 ve bu s\u00fcre zarf\u0131nda zengin deneyimi ve ola\u011fan\u00fcst\u00fc i\u00e7g\u00f6r\u00fcs\u00fcyle liderlik becerilerini g\u00f6sterdi. Sadece kasabam\u0131zda de\u011fil ayn\u0131 zamanda Hokkaido&#039;da da sanayiyi te\u015fvik etmek, refah\u0131 iyile\u015ftirmek ve e\u011fitim ve k\u00fclt\u00fcr\u00fc te\u015fvik etmek de dahil olmak \u00fczere \u00e7ok \u00e7e\u015fitli alanlarda \u00e7ok \u00e7al\u0131\u015ft\u0131 ve bug\u00fcn keyfini \u00e7\u0131kard\u0131\u011f\u0131m\u0131z kalk\u0131nma ve refaha b\u00fcy\u00fck katk\u0131da bulundu.<\/p>\n<p>Kendisine \u00f6d\u00fcl kazand\u0131ran ba\u015far\u0131lar\u0131n\u0131n, onu kasabam\u0131zda yerel \u00f6zerkli\u011fin ilerlemesinin itici g\u00fcc\u00fc haline getirdi\u011fini s\u00f6ylemek abart\u0131 olmaz.<\/p>\n<p>Yerel b\u00f6lgesinde, Kitaryu \u00c7ift\u00e7iler Konseyi ve Sorachi \u00c7ift\u00e7iler Birli\u011fi&#039;nin ba\u015fkan\u0131 olarak, tar\u0131msal \u00fcreticilerin sosyal ve ekonomik stat\u00fclerini y\u00fckseltmek ve bilgeliklerini art\u0131rmak i\u00e7in \u00e7al\u0131\u015ft\u0131.<\/p>\n<p>Ayr\u0131ca Hokuryu Kasabas\u0131&#039;na \u00f6zg\u00fc bir \u00fcr\u00fcn olan Kurosengoku soya fasulyesi \u00fcreten Kurosengoku \u0130\u015fletme Kooperatifi&#039;nin ba\u015fkan\u0131 ve y\u00f6neticisi olarak g\u00f6rev yapmaktad\u0131r ve 2015 y\u0131l\u0131nda samimi \u00e7abalar\u0131ndan dolay\u0131 Hokkaido Kad\u0131nlar ve Ya\u015fl\u0131lar M\u00fccadelesi Etkinlik \u00d6d\u00fcl\u00fc, Ya\u015fl\u0131lar Kategorisi B\u00fcy\u00fck \u00d6d\u00fcl\u00fc&#039;ne lay\u0131k g\u00f6r\u00fclm\u00fc\u015ft\u00fcr.<\/p>\n<p>Birka\u00e7 y\u0131l \u00f6nce, belediye \u00e7al\u0131\u015fanlar\u0131 i\u00e7in i\u00e7 e\u011fitimde \u00f6\u011fretim g\u00f6revlisi olmam istendi. Dersin ba\u015fl\u0131\u011f\u0131 &quot;Sa\u011fl\u0131k Tendeko&quot; idi. Hepinizin bildi\u011fi gibi, &quot;Tendeko&quot;, felaket \u00f6nleme dersleri olarak yayg\u0131n olarak bilinen &quot;Tsunami Tendeko&quot; ve &quot;Ya\u015fam Tendeko&quot; kelimelerinden gelir. &quot;En \u00f6nemli \u015fey her birimiz i\u00e7in kendimizi korumakt\u0131r&quot; anlam\u0131na gelir.<\/p>\n<p>&quot;Kenko Tendeko&quot;nun ger\u00e7ek anlam\u0131 &quot;g\u0131dan\u0131n \u00f6nemi&quot;dir. G\u0131da art\u0131k marketlerde kolayca bulunabiliyor ve dengesiz beslenme bir sorun haline geldi. Bu ortamda, g\u0131da arac\u0131l\u0131\u011f\u0131yla yerel b\u00f6lgeyi anlamak, g\u0131da k\u00fclt\u00fcr\u00fcn\u00fc aktarmak ve do\u011fan\u0131n nimetlerini ve tar\u0131msal faaliyetlerin de\u011ferini anlamak \u00f6nemlidir.<\/p>\n<p>&quot;Sadece katk\u0131 maddesi i\u00e7ermeyen ger\u00e7ek g\u0131dalar yiyerek sa\u011fl\u0131kl\u0131 olabilirsiniz&quot; Dr. Murai, bir \u00e7ift\u00e7i, bir \u00e7ift\u00e7i birli\u011fi ve bir parlamento \u00fcyesi olarak d\u00fcr\u00fcst\u00e7e ve i\u00e7tenlikle savundu\u011fu \u015feydir.<\/p>\n<p>Profes\u00f6r ve Bayan Murai&#039;nin sa\u011fl\u0131kl\u0131 kalmalar\u0131n\u0131 ve yerel toplumun geli\u015fimi ve g\u00fcvenli bir kasaban\u0131n yarat\u0131lmas\u0131 i\u00e7in bize rehberlik etmeye devam etmelerini umuyoruz.<\/p>\n<p>Son olarak, Murai ailesine ve bug\u00fcn kat\u0131lan herkese devam eden refahlar\u0131 i\u00e7in y\u00fcrekten tebriklerimi sunmak istiyorum. Dr. Murai&#039;yi bug\u00fcnk\u00fc ba\u015far\u0131n\u0131z i\u00e7in tebrik ediyorum,&quot; dedi Belediye Ba\u015fkan\u0131 Yutaka Sano.<\/p>\n<figure class=\"wp-caption aligncenter\"><a href=\"https:\/\/photos.google.com\/share\/AF1QipMBAH8UYu5zHRZqWQroWGrzpi3ov2kb-zJMq4HBdm4YuxjMFhb4zCAr1IFoYHvvrg\/photo\/AF1QipOevasjFXHN5n4-YOBZBTeDjeifzw4eG4b2GrA?key=eHBlV3ZubkFZNlZLX0pLOEFkaDRQVFNYRVZrZTh3\" target=\"_blank\" rel=\"noopener noreferrer\"><img decoding=\"async\" src=\"https:\/\/lh3.googleusercontent.com\/pw\/ACtC-3dOGlCKYYo9dXnL1jJEA7KZM-TvP2n809MOtqexr136jTjRuDzxFh0mYBQGAIuj7DxIwLZiWj3TrqJVcJvS1nin3LiNhi9rZzx5-m6jPar_FhsepsuaKqFUZy1cFnBPE_0sddf-JOnD5wPLAFAMXdPM=w1984-h1322-no?authuser=0\" width=\"1984\" height=\"1322\" alt=\"Tebrik Mesaj\u0131\" class=\"size-medium\" \/><\/a><figcaption class=\"wp-caption-text\">Tebrik Mesaj\u0131<\/figcaption><\/figure>\n<h3>Temsilciler Meclisi \u00dcyesi, Hisashi Inatsu (Sekreter Yasuo Ichinohe taraf\u0131ndan okundu)<\/h3>\n<figure class=\"wp-caption aligncenter\"><a href=\"https:\/\/photos.google.com\/share\/AF1QipMBAH8UYu5zHRZqWQroWGrzpi3ov2kb-zJMq4HBdm4YuxjMFhb4zCAr1IFoYHvvrg\/photo\/AF1QipMSn18KkC2T1yQBzg14673e3pm39zzh7sLd7AE?key=eHBlV3ZubkFZNlZLX0pLOEFkaDRQVFNYRVZrZTh3\" target=\"_blank\" rel=\"noopener noreferrer\"><img decoding=\"async\" src=\"https:\/\/lh3.googleusercontent.com\/pw\/ACtC-3flxHLVjMrQ0uTF0dKFAaZtzbp23dqWIrwsvWoZp0_xSFeJPWxQza7q2VS4OeqJNi6ZZ0pEheR10Qf-V0BQ20ZBC0aLmxRxxk1FESK01FLRBxYqUWgksX2ws3tHMBsVMonLxAe-45PzsSlbT9C3uOFz=w1984-h1322-no?authuser=0\" width=\"1984\" height=\"1322\" alt=\"Temsilciler Meclisi \u00dcyesi, Hisashi Inatsu (Sekreter Yasuo Ichinohe taraf\u0131ndan okundu)\" class=\"size-medium\" \/><\/a><figcaption class=\"wp-caption-text\">Temsilciler Meclisi \u00dcyesi, Hisashi Inatsu (Sekreter Yasuo Ichinohe taraf\u0131ndan okundu)<\/figcaption><\/figure>\n<p>&quot;Bug\u00fcn, Inatsu normalde burada olurdu, ancak yar\u0131n ba\u015flayacak olan d\u00fczenli Diyet oturumu nedeniyle yok olacak. \u0130\u00e7tenlikle \u00f6z\u00fcr dilerim. Inatsu&#039;ya bir mesaj emanet edildi, ben de onun ad\u0131na okuyaca\u011f\u0131m.<\/p>\n<p>\u201cBug\u00fcn Say\u0131n Murai Nobuo&#039;nun Y\u00fckselen G\u00fcne\u015f, Alt\u0131n ve G\u00fcm\u00fc\u015f I\u015f\u0131nlar Ni\u015fan\u0131&#039;n\u0131 almas\u0131 dolay\u0131s\u0131yla d\u00fczenlenen g\u00f6rkemli kutlama i\u00e7in i\u00e7ten tebriklerimi sunmak istiyorum.<\/p>\n<p>Uzun y\u0131llar \u00e7ift\u00e7i hareketi ve idari faaliyetlerde yer alarak yerel tar\u0131m\u0131n ve kasaban\u0131n geli\u015fimine yapt\u0131\u011f\u0131 muazzam katk\u0131lardan dolay\u0131 Profes\u00f6r Murai&#039;ye en derin sayg\u0131lar\u0131m\u0131z\u0131 sunmak istiyoruz.<\/p>\n<p>Hokuryu Kent Konseyi&#039;nde \u00fcye olarak g\u00f6rev yapt\u0131ktan sonra 1995&#039;te Hokkaido \u0130l Meclisi&#039;ne se\u00e7ildi ve Hokkaido&#039;nun geli\u015fimine \u00f6nemli katk\u0131larda bulundu. Ayr\u0131ca yerel Hokuryu \u00c7ift\u00e7iler Konseyi ve Sorachi \u00c7ift\u00e7iler Birli\u011fi&#039;nin ba\u015fkanl\u0131\u011f\u0131n\u0131 yapt\u0131 ve ulusal h\u00fck\u00fcmete tar\u0131m politikalar\u0131 \u00f6nermede aktif olarak yer ald\u0131.<\/p>\n<p>Geli\u015ftirdi\u011fi \u00f6ng\u00f6r\u00fc ve anlay\u0131\u015fla 2005 y\u0131l\u0131nda Hokuryu Kasabas\u0131 Soya Fasulyesi Nakliye Derne\u011fi&#039;ni kurdu ve ba\u015fkan\u0131 olarak Kurosengoku soya fasulyesi yeti\u015ftiricili\u011finin te\u015fvikine \u00f6nc\u00fcl\u00fck etti ve hepinizin bildi\u011fi gibi bug\u00fcn Hokuryu Kasabas\u0131 ve Hokkaido&#039;da tar\u0131m\u0131n geli\u015fmesine b\u00fcy\u00fck katk\u0131larda bulundu.<\/p>\n<p>Gen\u00e7 olmama ra\u011fmen, ayn\u0131 zamanda Hokkaido \u0130l Meclisi \u00fcyesi olarak Say\u0131n Murai ile birlikte \u00e7al\u0131\u015fma f\u0131rsat\u0131m oldu. O zamanlar bile, meclis \u00fcyesi olarak kendi \u00e7al\u0131\u015fmalar\u0131mda beni cesaretlendiren g\u00fc\u00e7l\u00fc inan\u00e7lar\u0131ndan ve azminden ilham al\u0131yordum.<\/p>\n<p>Sa\u011fl\u0131k, \u00c7al\u0131\u015fma ve Refah Devlet Bakan\u0131 olarak, son bir y\u0131ld\u0131r esas olarak COVID-19&#039;a kar\u015f\u0131 \u00f6nlemlerle ilgilendim. Bundan sonra, bu COVID-19 krizine son vermek i\u00e7in \u00e7e\u015fitli tart\u0131\u015fmalar yapmaya ve \u00f6nlemler almaya devam etmemiz gerekecek.<\/p>\n<p>Sava\u015f s\u0131ras\u0131nda ve sonras\u0131nda zor zamanlar\u0131 atlatm\u0131\u015f ve \u00e7e\u015fitli reformlar uygulayan ve bu zorluklar\u0131n \u00fcstesinden gelen Profes\u00f6r Murai gibi seleflerimin bilgeli\u011fini ve ruhunu miras almaya kararl\u0131y\u0131m. Devam eden rehberli\u011finizi takdir ediyorum.<\/p>\n<p>Ayr\u0131ca bug\u00fcne kadar perde arkas\u0131nda e\u015fine destek olan e\u015fine de i\u00e7ten te\u015fekk\u00fcrlerimi sunmak istiyorum.<\/p>\n<p>Say\u0131n Murai&#039;nin bundan sonra da sa\u011fl\u0131kl\u0131 olmas\u0131n\u0131 ve daha da ba\u015far\u0131l\u0131 olmas\u0131n\u0131 i\u00e7tenlikle umuyorum ve tebrik mesaj\u0131m\u0131 burada sonland\u0131r\u0131yorum.<\/p>\n<p>&quot;25 Ekim 2020, Temsilciler Meclisi \u00fcyesi Inatsu Hisashi taraf\u0131ndan okundu. Program\u0131 ba\u015far\u0131yla tamamlad\u0131\u011f\u0131n\u0131z i\u00e7in tebrikler.&quot;<\/p>\n<figure class=\"wp-caption aligncenter\"><a href=\"https:\/\/photos.google.com\/share\/AF1QipMBAH8UYu5zHRZqWQroWGrzpi3ov2kb-zJMq4HBdm4YuxjMFhb4zCAr1IFoYHvvrg\/photo\/AF1QipPJGaynX0qEYE8DTp1qA-Z9L4sEtHJ3uttgCEc?key=eHBlV3ZubkFZNlZLX0pLOEFkaDRQVFNYRVZrZTh3\" target=\"_blank\" rel=\"noopener noreferrer\"><img decoding=\"async\" src=\"https:\/\/lh3.googleusercontent.com\/pw\/ACtC-3fQBCwE9BsbVmIo5ZDeA14QMZZgTBkiAKIeWinLUP0KNQr9tE9LNsvPKur2RcsF6a2BkFJLcEB0HCCkJ3NQwfQ4tXM-8PT6cJawfxJvh2DSGQtISzjUuv2LNPtI3AELepXUECA81-bpNr_kPVaGVnTX=w1984-h1322-no?authuser=0\" width=\"1984\" height=\"1322\" alt=\"Sekreter Yasuo Ichinohe mesaj\u0131 okuyor\" class=\"size-medium\" \/><\/a><figcaption class=\"wp-caption-text\">Sekreter Yasuo Ichinohe mesaj\u0131 okuyor<\/figcaption><\/figure>\n<h3>Murai Nobuo Destek\u00e7ileri Derne\u011fi Eski Ba\u015fkan\u0131 Bay Ryoji Kikura<\/h3>\n<figure class=\"wp-caption aligncenter\"><a href=\"https:\/\/photos.google.com\/share\/AF1QipMBAH8UYu5zHRZqWQroWGrzpi3ov2kb-zJMq4HBdm4YuxjMFhb4zCAr1IFoYHvvrg\/photo\/AF1QipMAayr2q40u7Bx5xVVG1ZkCSXtvJKewblVVXnQ?key=eHBlV3ZubkFZNlZLX0pLOEFkaDRQVFNYRVZrZTh3\" target=\"_blank\" rel=\"noopener noreferrer\"><img decoding=\"async\" src=\"https:\/\/lh3.googleusercontent.com\/pw\/ACtC-3eQAREDkgkSLc-nZuAWbfudZLkpA-enc4YiPnsBFIcj3cmqz9kzKGPXMeA4WOZcGLHOrDpoVkzJ_Jc5mZcnTPg1nx7eEhEct0SXV3_Xqv398hoMedZENLCpWO-8w67i4BOme_fahfXbOhTkaxwF9yGX=w1984-h1322-no?authuser=0\" width=\"1984\" height=\"1322\" alt=\"Murai Nobuo Destek\u00e7ileri Derne\u011fi Eski Ba\u015fkan\u0131 Bay Ryoji Kikura\" class=\"size-medium\" \/><\/a><figcaption class=\"wp-caption-text\">Murai Nobuo Destek\u00e7ileri Derne\u011fi Eski Ba\u015fkan\u0131 Bay Ryoji Kikura<\/figcaption><\/figure>\n<p>&quot;Bay ve Bayan Murai Nobuo&#039;ya Y\u00fckselen G\u00fcne\u015f, Alt\u0131n ve G\u00fcm\u00fc\u015f I\u015f\u0131nlar Ni\u015fan\u0131&#039;na lay\u0131k g\u00f6r\u00fcld\u00fckleri i\u00e7in y\u00fcrekten tebriklerimi sunmak istiyorum. Tebrikler \u00e7ok takdir ediliyor. \u00d6zellikle zor zamanlar ge\u00e7irdi\u011fine inand\u0131\u011f\u0131m e\u015finizi tebrik ediyorum.<\/p>\n<p>Kitary\u016b Kasabas\u0131, ulusal siyasette Kita Masakiyo&#039;nun ve il meclisi \u00fcyesi Goto Miohachi&#039;nin ard\u0131ndan \u00fc\u00e7\u00fcnc\u00fc bir ki\u015finin aktif rol oynama f\u0131rsat\u0131na sahip oldu.<\/p>\n<p>Murai&#039;nin beni il meclisine aday g\u00f6stermemi istemesinin nedenlerini a\u00e7\u0131klamak istiyorum.<\/p>\n<p>Sorachi b\u00f6lgesindeki il meclisi \u00fcyeleri olan Numata Kasabas\u0131&#039;ndan Bay Naokazu Tsugawa ve Urausu Kasabas\u0131&#039;ndan Bay Arata Ohno, yaln\u0131zca Sorachi&#039;de de\u011fil, t\u00fcm Hokkaido&#039;da tar\u0131m\u0131n nas\u0131l iyile\u015ftirilebilece\u011fi konusunda \u00e7ok \u00e7al\u0131\u015ft\u0131lar.<\/p>\n<p>Ohno Arata emekli oldu\u011funda, \u00e7e\u015fitli \u00f6rg\u00fctler tart\u0131\u015fmalar yapt\u0131 ve o zamanlar Hokkaido Tar\u0131m Kooperatifleri Federasyonu Ba\u015fkan Yard\u0131mc\u0131s\u0131 olan Nao Muneji \u00f6nderlik etti ve Nisan 1991&#039;de Hokuryu kasabas\u0131n\u0131 ziyaret etti. Belediye Ba\u015fkan\u0131 Yamamoto Takashi liderli\u011findeki Hokuryu kasabas\u0131ndaki bir toplant\u0131 odas\u0131nda Nao, &quot;Bundan sonra geriye sadece Murai kald\u0131. L\u00fctfen \u00e7ift\u00e7i hareketi de dahil olmak \u00fczere Murai&#039;yi desteklemek i\u00e7in elinizden gelen her \u015feyi yap\u0131n.&quot; diyerek bir talepte bulundu.<\/p>\n<p>D\u00f6nd\u00fckten sonra, ilgili ki\u015filerle bir toplant\u0131 yapt\u0131k ve bir\u00e7o\u011fu endi\u015felerini dile getirerek, &quot;Say\u0131n Murai&#039;nin bekledi\u011fi gibi, b\u00f6yle k\u00fc\u00e7\u00fck bir k\u00f6yde ger\u00e7ekten bir se\u00e7im yapabilir miyiz?&quot; diye sordular. Belediye Ba\u015fkan\u0131 Yamamoto da Hokuryu Kasabas\u0131&#039;n\u0131n kendisi i\u00e7in ger\u00e7ekten do\u011fru yer olup olmad\u0131\u011f\u0131 konusunda endi\u015feliydi.<\/p>\n<p>Naoto ikinci kez geldi\u011finde bana, &quot;\u015eimdi aday olmazsan, Hokkaido&#039;daki tar\u0131m b\u00fcy\u00fck s\u0131k\u0131nt\u0131ya girecek. L\u00fctfen elinden geleni yap. Hokkaido Tar\u0131m Kooperatifi Derne\u011fi, Hokuren, Tar\u0131m Kooperatifi Dernekleri Federasyonu, Sa\u011fl\u0131k ve Refah Federasyonlar\u0131 Federasyonu ve Hokkaido Vatanda\u015f Hareketi seni desteklemek i\u00e7in ellerinden gelen her \u015feyi yapacak.&quot; dedi. Bu y\u00fczden Hokuryu Kasabas\u0131&#039;ndaki g\u00f6revi \u00fcstlenmeye karar verdim.<\/p>\n<p>Bug\u00fcn burada toplanan kasaba halk\u0131n\u0131n \u00e7o\u011funlu\u011fu, Murai&#039;nin Gen\u00e7lik Grubu, Tar\u0131m Kooperatifi Gen\u00e7lik Birimi, \u00c7ift\u00e7iler Konseyi ve Avukatlar Grubu Projesi \u00fcyesi oldu\u011fu d\u00f6nemde yard\u0131m etti\u011fi ki\u015filerden olu\u015fuyor.<\/p>\n<p>Bay Murai&#039;nin neden bu kadar arand\u0131\u011f\u0131n\u0131 g\u00f6rebilece\u011finizi d\u00fc\u015f\u00fcn\u00fcyorum. K\u00fc\u00e7\u00fck bir k\u00f6y olmas\u0131na ra\u011fmen, ilk se\u00e7imde ge\u00e7erli oylar\u0131n &#039;\u0131ndan fazlas\u0131n\u0131n deste\u011fini ald\u0131. \u0130kinci se\u00e7imde, ger\u00e7ekten zor bir krizin ortas\u0131nda, Hokuryu Kasabas\u0131&#039;ndaki ge\u00e7erli oylar\u0131n ,8&#039;i (yakla\u015f\u0131k ) Bay Murai&#039;yi destekledi. Bay Murai&#039;nin o ana kadar herhangi bir se\u00e7imde kasabadan bu kadar b\u00fcy\u00fck miktarda destek ald\u0131\u011f\u0131 ilk seferdi.<\/p>\n<p>San\u0131r\u0131m Murai&#039;nin bu k\u00f6yde her zaman ate\u015f topu gibi olmas\u0131, sadece \u00e7ok \u00e7al\u0131\u015fmas\u0131 de\u011fil, ayn\u0131 zamanda davas\u0131n\u0131 savunmas\u0131, \u00f6nc\u00fcl\u00fck edece\u011fini ve bunun i\u00e7in hayat\u0131n\u0131 riske ataca\u011f\u0131n\u0131 s\u00f6ylemesi sayesinde kasaba halk\u0131n\u0131n deste\u011fini kazand\u0131.<\/p>\n<p>Bay Murai \u015fu anda 88 ya\u015f\u0131nda ve 100 ya\u015f\u0131na gelmeden \u00f6nce kat etmesi gereken uzun bir yol var. Bug\u00fcn bu toplumda huzurlu, g\u00fcvenli ve m\u00fcreffeh bir hayat ya\u015famak i\u00e7in tar\u0131m ve k\u0131rsal alanlar\u0131n sa\u011fl\u0131kl\u0131 olmas\u0131 gerekir. Umar\u0131m ayn\u0131 tutkulu ruhla bizi cesaretlendirmeye ve ilham vermeye devam eder.<\/p>\n<p>&quot;E\u015finize t\u00fcm s\u0131k\u0131 \u00e7al\u0131\u015fmalar\u0131ndan dolay\u0131 te\u015fekk\u00fcr etmek istiyorum, Bay Murai. Tebrikler,&quot; dedi Bay Kikura.<\/p>\n<figure class=\"wp-caption aligncenter\"><a href=\"https:\/\/photos.google.com\/share\/AF1QipMBAH8UYu5zHRZqWQroWGrzpi3ov2kb-zJMq4HBdm4YuxjMFhb4zCAr1IFoYHvvrg\/photo\/AF1QipPfii5zT57CcFuNYZDEtCsSRxNjjwj3LDmnt6U?key=eHBlV3ZubkFZNlZLX0pLOEFkaDRQVFNYRVZrZTh3\" target=\"_blank\" rel=\"noopener noreferrer\"><img decoding=\"async\" src=\"https:\/\/lh3.googleusercontent.com\/pw\/ACtC-3cvHod59i0bnC98CrqORj7g1mrJkb4KnEAOCv-VgZTt7pTF6laXrsW6cv-K_DXMsnsoTuEwICfeNV2UOCCGLA88Q8_66qstJVfrGt9tR4FT0Zm3VGW4dNAiI8t1GF6AmewMyLT1scSzfuOWQb70bWzr=w1984-h1322-no?authuser=0\" width=\"1984\" height=\"1322\" alt=\"Ryoji Kikura&#039;n\u0131n konu\u015fmas\u0131\" class=\"size-medium\" \/><\/a><figcaption class=\"wp-caption-text\">Ryoji Kikura&#039;n\u0131n konu\u015fmas\u0131<\/figcaption><\/figure>\n<h2>Tebrik telgraf\u0131 sunumu<\/h2>\n<p>Kitary\u016b Belediye Meclisi Sekreterli\u011fi Sekreteri Akiko Tabata taraf\u0131ndan tebrik telgraf\u0131 okundu.<\/p>\n<figure class=\"wp-caption aligncenter\"><a href=\"https:\/\/photos.google.com\/share\/AF1QipMBAH8UYu5zHRZqWQroWGrzpi3ov2kb-zJMq4HBdm4YuxjMFhb4zCAr1IFoYHvvrg\/photo\/AF1QipMcjvq6ij-PGHsQ6yNFD4Vdm7rlrz2kMTYlA1s?key=eHBlV3ZubkFZNlZLX0pLOEFkaDRQVFNYRVZrZTh3\" target=\"_blank\" rel=\"noopener noreferrer\"><img decoding=\"async\" src=\"https:\/\/lh3.googleusercontent.com\/pw\/ACtC-3cwwOtcsYiFzbt31Rrd5g01dl8dzPMuQOl7HYWrsOo22z6h0rRatD-DFEbN17IlyUpYBPrKjZxQjhpykz39SpAxTMW1uJq40f_X1cfXG6wLqNFXIrhTf1Zy8QmyPAuwzvOP_o-f2IP6Ve0UFgQQzxln=w1984-h1322-no?authuser=0\" width=\"1984\" height=\"1322\" alt=\"Tebrik telgraf\u0131 sunumu\" class=\"size-medium\" \/><\/a><figcaption class=\"wp-caption-text\">Tebrik telgraf\u0131 sunumu<\/figcaption><\/figure>\n<h3>Hokkaido Valisi Naomichi Suzuki<\/h3>\n<p>&quot;Eski Hokkaido \u0130l Meclisi \u00fcyesi Say\u0131n Murai Nobuo&#039;nun Y\u00fckselen G\u00fcne\u015f, Alt\u0131n ve G\u00fcm\u00fc\u015f I\u015f\u0131nlar Ni\u015fan\u0131&#039;n\u0131 almas\u0131 dolay\u0131s\u0131yla bug\u00fcn d\u00fczenlenen kutlama dolay\u0131s\u0131yla yerel toplulu\u011fa en i\u00e7ten tebriklerimi iletmek istiyorum.<\/p>\n<p>&quot;Hokkaido \u0130l Meclisi&#039;nden yi\u011fit\u00e7e emekli olman\u0131zdan sonra bile tar\u0131m, yerel topluluk ve aileniz i\u00e7in s\u0131k\u0131 \u00e7al\u0131\u015fmaya devam etti\u011finizi duydum. S\u00f6zlerimi, sa\u011fl\u0131\u011f\u0131n\u0131z\u0131 korumaya ve Hokkaido ve Hokuryu kasaba h\u00fck\u00fcmetlerini desteklemeye devam etmenizi isteyerek sonland\u0131rmak istiyorum.&quot;<\/p>\n<h3>Hokkaido Eski Valisi ve Meclis \u00dcyesi Harumi Takahashi<\/h3>\n<p>&quot;Profes\u00f6r Murai&#039;ye Y\u00fckselen G\u00fcne\u015f, Alt\u0131n ve G\u00fcm\u00fc\u015f I\u015f\u0131nlar Ni\u015fan\u0131&#039;n\u0131 almas\u0131ndan dolay\u0131 i\u00e7ten tebriklerimi sunmak istiyorum, kutlama ay\u00e7i\u00e7e\u011fi kasabas\u0131 Hokuryu&#039;da yap\u0131l\u0131yor. Hokkaido&#039;nun tar\u0131m politikas\u0131n\u0131 bir \u00e7ift\u00e7i olarak kendi bak\u0131\u015f a\u00e7\u0131s\u0131ndan tart\u0131\u015fma ve form\u00fcle etmedeki b\u00fcy\u00fck ba\u015far\u0131lar\u0131 i\u00e7in minnettarl\u0131\u011f\u0131m\u0131 ve sayg\u0131m\u0131 ifade etmek istiyorum.<\/p>\n<p>&quot;Kenko Tendeko&quot; boyunca sa\u011fl\u0131kl\u0131 ve ba\u015far\u0131l\u0131 olmaya devam edece\u011finizi umuyoruz. Son olarak, Hokuryu Kasabas\u0131ndaki herkese destekleri i\u00e7in te\u015fekk\u00fcr etmek istiyoruz. Bug\u00fcn Dr. Murai&#039;yi tebrik ediyoruz.&quot;<\/p>\n<h3>Say\u0131n Shoji Shirakawa, Hokkaido \u0130l Meclisi \u00dcyesi<\/h3>\n<p>&quot;B\u00fcy\u00fck siyasi selefim Say\u0131n Murai Nobuo&#039;nun Y\u00fckselen G\u00fcne\u015f, Alt\u0131n ve G\u00fcm\u00fc\u015f I\u015f\u0131nlar Ni\u015fan\u0131&#039;n\u0131 almas\u0131 nedeniyle d\u00fczenlenen kutlama i\u00e7in i\u00e7ten tebriklerimi sunmak istiyorum. Normalde tebriklerimi sunmak i\u00e7in orada olurdum ancak COVID-19 enfeksiyonlar\u0131n\u0131n mevcut durumu g\u00f6z \u00f6n\u00fcne al\u0131nd\u0131\u011f\u0131nda bug\u00fcnk\u00fc etkinli\u011fin Yeni Hokkaido Stili modeline g\u00f6re d\u00fczenlendi\u011fini duydum. Kat\u0131lamayaca\u011f\u0131m i\u00e7in anlay\u0131\u015f\u0131n\u0131z\u0131 rica ediyorum.<\/p>\n<p>Kartvizitim Bay Murai&#039;nin kaligrafisiyle yaz\u0131lm\u0131\u015ft\u0131r. Bir \u00e7ift\u00e7i ve Hokkaido \u0130l Meclisi \u00fcyesi olarak, tar\u0131m politikalar\u0131 hakk\u0131nda konu\u015fma ve \u00e7ift\u00e7ilerin siyasi g\u00fcc\u00fcn\u00fc harekete ge\u00e7irme tutumunu sahadan miras ald\u0131m. Gelecekteki rehberli\u011finizin devam\u0131n\u0131 d\u00f6rt g\u00f6zle bekliyorum.<\/p>\n<p>Hokuryu&#039;daki herkese, bu y\u0131lki Ay\u00e7i\u00e7e\u011fi Festivali iptal edilmi\u015f olsa da, Dr. Murai&#039;nin bug\u00fcnk\u00fc kutlamas\u0131n\u0131n kasabaya parlak bir \u0131\u015f\u0131lt\u0131 getirmesini umuyorum. Ayr\u0131ca, Dr. Murai&#039;yi bug\u00fcne kadar destekleyen yerel toplulu\u011fa ve ailesine te\u015fekk\u00fcrlerimi ve minnettarl\u0131\u011f\u0131m\u0131 iletmek istiyorum.<\/p>\n<h3>Bayan Ruriko Kurose, Bayan Mieko Fujise, Bayan Naoko Sugawara<\/h3>\n<p>&quot;Bu \u00f6d\u00fcl\u00fc ald\u0131\u011f\u0131n\u0131z i\u00e7in tebrikler. Uzun ili\u015fkimiz boyunca size sayg\u0131 duymaktan ve ciddi olup olmad\u0131\u011f\u0131n\u0131z\u0131 veya sadece rol yap\u0131p yapmad\u0131\u011f\u0131n\u0131z\u0131 merak etmekten keyif ald\u0131m. Ancak madalyay\u0131 ald\u0131ktan sonra ba\u015fkalar\u0131n\u0131 selamlamak veya hatta rol yapmak bile zorla\u015f\u0131yor. L\u00fctfen bana g\u00fcl\u00fcmsemeye ve enerji vermeye devam edin.<\/p>\n<p>Her ne kadar haori ve hakama&#039;da sizinle bulu\u015famasak da, \u00e7ok uzaklardaki Sapporo&#039;dan Murai Sisters Kul\u00fcb\u00fc&#039;ndeki hepimiz derinden etkilendik ve \u00fc\u00e7l\u00fc ritimle y\u00fcrekten tebriklerimizi sunmak istiyoruz.&quot;<\/p>\n<figure class=\"wp-caption aligncenter\"><a href=\"https:\/\/photos.google.com\/share\/AF1QipMBAH8UYu5zHRZqWQroWGrzpi3ov2kb-zJMq4HBdm4YuxjMFhb4zCAr1IFoYHvvrg\/photo\/AF1QipPQWFUF8EHTQ0UfEgzPG8nug5pJMZWyWqpVU2w?key=eHBlV3ZubkFZNlZLX0pLOEFkaDRQVFNYRVZrZTh3\" target=\"_blank\" rel=\"noopener noreferrer\"><img decoding=\"async\" src=\"https:\/\/lh3.googleusercontent.com\/pw\/ACtC-3et_-i-wf4IC1Nkgb0UFph4w4p8MUnpYRsRy4pGZZ4kIAtdtkLrT-L7ZhqKDLj5Gs3_wGYVlDJETSMAZlgCU1eIqE01PqYjkiW6WB8toUiHgxrjA04UhWjWfTVUCDACVr717KdE6AoWd44-qix2OkiR=w1984-h1322-no?authuser=0\" width=\"1984\" height=\"1322\" alt=\"Herkes dikkatle dinliyor\" class=\"size-medium\" \/><\/a><figcaption class=\"wp-caption-text\">Herkes dikkatle dinliyor<\/figcaption><\/figure>\n<h2>Te\u015fekk\u00fcrler: Nobuo Murai<\/h2>\n<figure class=\"wp-caption aligncenter\"><a href=\"https:\/\/photos.google.com\/share\/AF1QipMBAH8UYu5zHRZqWQroWGrzpi3ov2kb-zJMq4HBdm4YuxjMFhb4zCAr1IFoYHvvrg\/photo\/AF1QipPBHjludCgT_6-_EQ3TBqtGJz-u3cR43305RsY?key=eHBlV3ZubkFZNlZLX0pLOEFkaDRQVFNYRVZrZTh3\" target=\"_blank\" rel=\"noopener noreferrer\"><img decoding=\"async\" src=\"https:\/\/lh3.googleusercontent.com\/pw\/ACtC-3eMA5b6fBwKxj-3xx2Y95ob8NZa2RlQmCL5NAIh4fkQq3b_OmfwDnDyhsMPMVegORwczfygNBpXBXca4KiKuNLzx1vJeGV4DzGg7ItCExRpqCF2WpBIsQRbWq9n51yMILQoplb7zGqLxFTF-kHrP2Ce=w1984-h1322-no?authuser=0\" width=\"1984\" height=\"1322\" alt=\"Bay Murai te\u015fekk\u00fcrlerini sunuyor\" class=\"size-medium\" \/><\/a><figcaption class=\"wp-caption-text\">Bay Murai te\u015fekk\u00fcrlerini sunuyor<\/figcaption><\/figure>\n<p>&quot;Bug\u00fcn kat\u0131lan herkese te\u015fekk\u00fcrlerimi iletmek istiyorum. Y\u00fckselen G\u00fcne\u015f, Alt\u0131n ve G\u00fcm\u00fc\u015f I\u015f\u0131nlar Ni\u015fan\u0131&#039;n\u0131 alma kutlamas\u0131na kat\u0131lmak i\u00e7in zaman ay\u0131rd\u0131\u011f\u0131n\u0131z i\u00e7in hepinize i\u00e7ten \u015f\u00fckranlar\u0131m\u0131 sunmak istiyorum.<\/p>\n<p>\u015eu anda, bug\u00fcn burada bulunan hepinizi ve bana rehberlik, destek ve cesaret veren kasabadaki ve Sorachi&#039;deki bir\u00e7ok insan\u0131 d\u00fc\u015f\u00fcn\u00fcyorum ve bug\u00fcn hayat\u0131mda ilk kez bu \u00f6d\u00fcl\u00fc al\u0131yorum. \u015eu anda kendimi son derece minnettar ve ne\u015feli hissediyorum. V\u00fccudum titriyor, ancak sizi selamlamak i\u00e7in elimden geleni yapaca\u011f\u0131m.<\/p>\n<p>Hepinize devam eden deste\u011finiz i\u00e7in i\u00e7ten \u015f\u00fckranlar\u0131m\u0131 sunmak istiyorum. Daha \u00f6nce sizden selamlar\u0131m\u0131 almaktan ger\u00e7ekten onur duydum. Sadece \u00e7ok etkilendim ve duyguland\u0131m.<\/p>\n<p>Benim i\u00e7in en \u00f6nemli \u015fey ailem. Bir sonraki en \u00f6nemli \u015fey ise sa\u011fl\u0131k. Son 88 y\u0131ld\u0131r bu \u015fekilde \u00e7ok \u00e7al\u0131\u015f\u0131yorum. Ve son olarak, e\u015fim evlendi\u011fimizden beri 63 y\u0131ld\u0131r sab\u0131rla, azimle ve dayan\u0131kl\u0131l\u0131kla \u00e7ok \u00e7al\u0131\u015f\u0131yor. Bana bir aile \u00fcyesi ve e\u015f olarak verdi\u011fi destek, cesaretlendirme ve te\u015fvikin bug\u00fcn bu onuru almam\u0131 sa\u011flad\u0131\u011f\u0131na inan\u0131yorum.<\/p>\n<p>&quot;Bunu nadiren y\u00fcksek sesle s\u00f6ylerim, ancak bug\u00fcn kar\u0131ma birka\u00e7 te\u015fekk\u00fcr s\u00f6zc\u00fc\u011f\u00fc s\u00f6ylemek ve ard\u0131ndan konu\u015fmam\u0131 sonland\u0131rmak istiyorum. Hepinize \u00e7ok te\u015fekk\u00fcr ederim,&quot; dedi Murai.<\/p>\n<figure class=\"wp-caption aligncenter\"><a href=\"https:\/\/photos.google.com\/share\/AF1QipMBAH8UYu5zHRZqWQroWGrzpi3ov2kb-zJMq4HBdm4YuxjMFhb4zCAr1IFoYHvvrg\/photo\/AF1QipOBRzuCi6c-LLrLLziZMfGWW9mnbm7mMxCf9E0?key=eHBlV3ZubkFZNlZLX0pLOEFkaDRQVFNYRVZrZTh3\" target=\"_blank\" rel=\"noopener noreferrer\"><img decoding=\"async\" src=\"https:\/\/lh3.googleusercontent.com\/pw\/ACtC-3fP3JLT8d3ROiE3hwNvBCB6V6QBNuZs2N7s79ZHDyWOTMy7WPGgRKrUMdIN1ioClUHFCLW4mHnPtrPuAAlEDtss8BPq5IyNsifRRjf9983kcck-Wex_jwCM5IyZxlM58vI2bhn4e_I_yB8uDwwoJBPS=w1984-h1322-no?authuser=0\" width=\"1984\" height=\"1322\" alt=\"Bayan Reiko&#039;ya te\u015fekk\u00fcr s\u00f6zleri\" class=\"size-medium\" \/><\/a><figcaption class=\"wp-caption-text\">Bayan Reiko&#039;ya te\u015fekk\u00fcr s\u00f6zleri<\/figcaption><\/figure>\n<h2>Bayram<\/h2>\n<h3>Tost: Hekisui Kasabas\u0131 Ba\u015fkan\u0131 Bay Takeshi Yamamoto<\/h3>\n<figure class=\"wp-caption aligncenter\"><a href=\"https:\/\/photos.google.com\/share\/AF1QipMBAH8UYu5zHRZqWQroWGrzpi3ov2kb-zJMq4HBdm4YuxjMFhb4zCAr1IFoYHvvrg\/photo\/AF1QipM1_cnaPRK8xRCs5h8T41qUFaCS2dmvCXmuzi0?key=eHBlV3ZubkFZNlZLX0pLOEFkaDRQVFNYRVZrZTh3\" target=\"_blank\" rel=\"noopener noreferrer\"><img decoding=\"async\" src=\"https:\/\/lh3.googleusercontent.com\/pw\/ACtC-3cQj0vVAWWtRsTPVIx8BsM6563bt6_4mApO9lg0kKVkgzY8b7FFulFMxVhgu7ymipnd-QumrgCDptiqYsTieMbDlIi38SSTEvcGlQkkXp7OFw_5MrGwA8xFXvDmUkzAM1dfPZQKnFEvBX8WSQkG4CX2=w1984-h1322-no?authuser=0\" width=\"1984\" height=\"1322\" alt=\"Hekisui Kasabas\u0131 Ba\u015fkan\u0131 Yamamoto Takeshi\" class=\"size-medium\" \/><\/a><figcaption class=\"wp-caption-text\">Hekisui Kasabas\u0131 Ba\u015fkan\u0131 Yamamoto Takeshi<\/figcaption><\/figure>\n<p>&quot;Bay Murai Nobuo&#039;ya Y\u00fckselen G\u00fcne\u015f, Alt\u0131n ve G\u00fcm\u00fc\u015f I\u015f\u0131nlar Ni\u015fan\u0131&#039;n\u0131 almas\u0131ndan dolay\u0131 tebriklerimi iletiyorum. Yerel toplumun bir \u00fcyesi olarak son derece mutluyum.<\/p>\n<p>Bay Murai ve ben ayn\u0131 b\u00f6lgede \u00e7ift\u00e7ilik yap\u0131yorduk. \u00c7ift\u00e7ili\u011fe ba\u015flad\u0131\u011f\u0131mda, tar\u0131m\u0131n modernizasyonunun hen\u00fcz ba\u015flad\u0131\u011f\u0131 zamand\u0131. O zamana kadar, elle \u00e7al\u0131\u015fan \u00e7ift\u00e7ilerdik. B\u00fcy\u00fck pirin\u00e7 tarlalar\u0131 ve b\u00fcy\u00fck makinelerle modern tar\u0131ma ge\u00e7ti\u011fimiz bir zamand\u0131.<\/p>\n<p>Bay Murai yerel toplulukta \u00f6nderlik etti, herkesi ikna etti ve projeyi tamamlad\u0131. Bundan sonra, Hokuryu Kasabas\u0131&#039;nda tar\u0131msal modernizasyon ad\u0131m ad\u0131m ilerledi. O zamanlar ulusal projeler vard\u0131, ancak Hekisui \u00c7iftli\u011fi&#039;ni kuran Bay Murai&#039;ydi.<\/p>\n<p>Bay Murai, \u00e7ift\u00e7ileri zorlu \u00e7iftlik i\u015flerinden kurtarmaya ve tar\u0131m\u0131n modernizasyonunu te\u015fvik etmeye kendini tamamen adad\u0131. Hatta Hokkaido \u0130l Meclisi&#039;nde \u00fcye olarak g\u00f6rev yapt\u0131. Ayn\u0131 b\u00f6lgeden biri olarak, \u00e7ok mutluyum ve b\u00f6lgede tar\u0131m\u0131 te\u015fvik etme \u00e7abalar\u0131 i\u00e7in i\u00e7ten \u015f\u00fckranlar\u0131m\u0131 sunmak istiyorum. \u00c7ok te\u015fekk\u00fcr ederim.<\/p>\n<p>\u015eu anda Bay Murai rahat bir hayat ya\u015f\u0131yor, g\u00fcnlerini yerel ya\u015fl\u0131lar kul\u00fcb\u00fcn\u00fcn \u00fcyeleriyle mutlu bir \u015fekilde ge\u00e7iriyor. Umar\u0131m kendisi ve e\u015fi sa\u011fl\u0131klar\u0131na iyi bakmaya devam eder ve bize sa\u011fl\u0131kl\u0131 g\u00f6r\u00fcn\u00fcmlerini g\u00f6stermeye devam ederler.<\/p>\n<p>Say\u0131n Murai&#039;nin devam eden iyi sa\u011fl\u0131\u011f\u0131 ve ba\u015far\u0131s\u0131na ve bug\u00fcnk\u00fc kutlamaya kat\u0131lan herkesin iyi sa\u011fl\u0131\u011f\u0131na kadeh kald\u0131rmak istiyorum. \u015eerefe!!!&#039;&#039;<\/p>\n<figure class=\"wp-caption aligncenter\"><a href=\"https:\/\/photos.google.com\/share\/AF1QipMBAH8UYu5zHRZqWQroWGrzpi3ov2kb-zJMq4HBdm4YuxjMFhb4zCAr1IFoYHvvrg\/photo\/AF1QipOJyZRXRN7oMReQyC77iN59Q7lDZ6TOJLoOZQU?key=eHBlV3ZubkFZNlZLX0pLOEFkaDRQVFNYRVZrZTh3\" target=\"_blank\" rel=\"noopener noreferrer\"><img decoding=\"async\" src=\"https:\/\/lh3.googleusercontent.com\/pw\/ACtC-3d6lHTmTgaw91egI7B128oLy9vSd7DzE4kD9H2aDx0VqqS0FGYCiuV0QjqsRmloCccSkpaFRtVxZsVkvLMtEIdihh9guBfSlAtzpzVssH4PvyzK0R3kFGiltxu1-evxvT2nmAtR_0Gc6djqltGS-l4A=w1984-h1322-no?authuser=0\" width=\"1984\" height=\"1322\" alt=\"\u015ferefe! ! !\" class=\"size-medium\" \/><\/a><figcaption class=\"wp-caption-text\">\u015ferefe! ! !<\/figcaption><\/figure>\n<h3>Kutlama yeme\u011fi (Ay\u00e7i\u00e7e\u011fi Park\u0131 Hokuryu Onsen)<\/h3>\n<figure class=\"wp-caption aligncenter\"><a href=\"https:\/\/photos.google.com\/share\/AF1QipMBAH8UYu5zHRZqWQroWGrzpi3ov2kb-zJMq4HBdm4YuxjMFhb4zCAr1IFoYHvvrg\/photo\/AF1QipP70TaK7cjwkLqUb00H0-4TzSJ4YVuWiRIT5FE?key=eHBlV3ZubkFZNlZLX0pLOEFkaDRQVFNYRVZrZTh3\" target=\"_blank\" rel=\"noopener noreferrer\"><img decoding=\"async\" src=\"https:\/\/lh3.googleusercontent.com\/pw\/ACtC-3cXJuePIxh1gRfWAxhuuOJ2iOfObAekWpCil091nUmM5OSyVm1Oj1MELOu6j0uOuZMT6QSKOySI9tdsfsA5GjMy1pk6_KeApyDugKdKlW3y9eEMw12yT1MgvIuDvfEerqYuIFlIA9ak5ax3cNZ34dy7=w1984-h1322-no?authuser=0\" width=\"1984\" height=\"1322\" alt=\"Kutlama yeme\u011fi\" class=\"size-medium\" \/><\/a><figcaption class=\"wp-caption-text\">Kutlama yeme\u011fi<\/figcaption><\/figure>\n<h3>G\u00fcl\u00fcmsemelerle dolu<\/h3>\n<figure class=\"wp-caption aligncenter\"><a href=\"https:\/\/photos.google.com\/share\/AF1QipMBAH8UYu5zHRZqWQroWGrzpi3ov2kb-zJMq4HBdm4YuxjMFhb4zCAr1IFoYHvvrg\/photo\/AF1QipMw4tIgxg4WA737CpYAMEGA7F7raZ4CvSck76M?key=eHBlV3ZubkFZNlZLX0pLOEFkaDRQVFNYRVZrZTh3\" target=\"_blank\" rel=\"noopener noreferrer\"><img decoding=\"async\" src=\"https:\/\/lh3.googleusercontent.com\/pw\/ACtC-3fAqkMgqaE_AnRwUw9PX3GxjXw_6kOjONHhFyYhE-qLWcb5lAuoOUJ65y3A0-XFCARActovTNFARKX5anyZU_rQSNYo9-_3fc0vop616Tq9bTX8X6rAQHSwL8cYWnvCkF4x0E7juKcHD9rLtW0q85Ok=w1984-h1322-no?authuser=0\" width=\"1984\" height=\"1322\" alt=\"Bar\u0131\u015f\u00e7\u0131l bir \u015fekilde. . .\" class=\"size-medium\" \/><\/a><figcaption class=\"wp-caption-text\">Bar\u0131\u015f\u00e7\u0131l bir \u015fekilde. . .<\/figcaption><\/figure>\n<figure class=\"wp-caption aligncenter\"><a href=\"https:\/\/photos.google.com\/share\/AF1QipMBAH8UYu5zHRZqWQroWGrzpi3ov2kb-zJMq4HBdm4YuxjMFhb4zCAr1IFoYHvvrg\/photo\/AF1QipNyj8DgSAYuz6I5pfPcu6TfS1WiCDYnr7MWSN4?key=eHBlV3ZubkFZNlZLX0pLOEFkaDRQVFNYRVZrZTh3\" target=\"_blank\" rel=\"noopener noreferrer\"><img decoding=\"async\" src=\"https:\/\/lh3.googleusercontent.com\/pw\/ACtC-3c9mL407fDRVWNk0vI8YpOZJKWF-0oxLsKm_JIOsivvd4-YSEIVDtouQnyged6XjGKQQq5iUG_0r6yX1pdPTDCk7wO2Q3iCXwMTWqrc7cBHLsRafByqdxPmwJf67pHbOfF7XcsmpJbIURQjpqpudxzo=w1984-h1322-no?authuser=0\" width=\"1984\" height=\"1322\" alt=\"\u00c7ok nostaljik...\" class=\"size-medium\" \/><\/a><figcaption class=\"wp-caption-text\">\u00c7ok nostaljik...<\/figcaption><\/figure>\n<figure class=\"wp-caption aligncenter\"><a href=\"https:\/\/photos.google.com\/share\/AF1QipMBAH8UYu5zHRZqWQroWGrzpi3ov2kb-zJMq4HBdm4YuxjMFhb4zCAr1IFoYHvvrg\/photo\/AF1QipMa0SzY4Hjo_25AoIWewOF0HlBicLHoykrhnhA?key=eHBlV3ZubkFZNlZLX0pLOEFkaDRQVFNYRVZrZTh3\" target=\"_blank\" rel=\"noopener noreferrer\"><img decoding=\"async\" src=\"https:\/\/lh3.googleusercontent.com\/pw\/ACtC-3c36_-dRjEM2D3OQRaoysuaSemqSvELxBS1AygVRX81-AGvrz6GbIJrYrj550OfFV7ifu9052gv9Hrfn5cyX8VfrLaU8DuvrdY7ALKxsAR7254nhh5snhgs0fn0cIZU6zeNVmA1SEvOiwiWJOpIKsMI=w1984-h1322-no?authuser=0\" width=\"1984\" height=\"1322\" alt=\"Sohbet olduk\u00e7a hareketliydi. . .\" class=\"size-medium\" \/><\/a><figcaption class=\"wp-caption-text\">Sohbet olduk\u00e7a hareketliydi. . .<\/figcaption><\/figure>\n<figure class=\"wp-caption aligncenter\"><a href=\"https:\/\/photos.google.com\/share\/AF1QipMBAH8UYu5zHRZqWQroWGrzpi3ov2kb-zJMq4HBdm4YuxjMFhb4zCAr1IFoYHvvrg\/photo\/AF1QipMJmSSt31ribAf1wOTmOyb2zF4WEdi_PW3R5ik?key=eHBlV3ZubkFZNlZLX0pLOEFkaDRQVFNYRVZrZTh3\" target=\"_blank\" rel=\"noopener noreferrer\"><img decoding=\"async\" src=\"https:\/\/lh3.googleusercontent.com\/pw\/ACtC-3cnqkonErjbrmlM21eSRUu4ffib-eb2erUDgs37zxivXxeSO2XjPo948p0CwtU1admZOcpPPuQiNPrsG83J85Zv9ERHUf3rUr7oYI2fQtAszH8UQkxiAHiNZTjotmehzotapHMG12dgn9voZfnWV7dM=w1984-h1322-no?authuser=0\" width=\"1984\" height=\"1322\" alt=\"Annelerin de g\u00f6zdesi!\" class=\"size-medium\" \/><\/a><figcaption class=\"wp-caption-text\">Annelerin de g\u00f6zdesi!<\/figcaption><\/figure>\n<figure class=\"wp-caption aligncenter\"><a href=\"https:\/\/photos.google.com\/share\/AF1QipMBAH8UYu5zHRZqWQroWGrzpi3ov2kb-zJMq4HBdm4YuxjMFhb4zCAr1IFoYHvvrg\/photo\/AF1QipOURVb-QXQClrrmrZjdTUkaposT7IjOUz-g7h8?key=eHBlV3ZubkFZNlZLX0pLOEFkaDRQVFNYRVZrZTh3\" target=\"_blank\" rel=\"noopener noreferrer\"><img decoding=\"async\" src=\"https:\/\/lh3.googleusercontent.com\/pw\/ACtC-3eb_PLWPLFy_w7EGfn_w_zcLPyRd6AWk1tk5viluYbzFil6GRIe50WR0hmcSW5d_MJqfEiCjAKhmnFrq5ROKIihebFFprFLKMkIF22Y0zfgVQciMn0GuQuo7HJukaYLQfbVf6St3cGEdpeupFjyxkSR=w1984-h1322-no?authuser=0\" width=\"1984\" height=\"1322\" alt=\"G\u00fcl\u00fcmseme de yay\u0131l\u0131r...\" class=\"size-medium\" \/><\/a><figcaption class=\"wp-caption-text\">G\u00fcl\u00fcmseme de yay\u0131l\u0131r...<\/figcaption><\/figure>\n<figure class=\"wp-caption aligncenter\"><a href=\"https:\/\/photos.google.com\/share\/AF1QipMBAH8UYu5zHRZqWQroWGrzpi3ov2kb-zJMq4HBdm4YuxjMFhb4zCAr1IFoYHvvrg\/photo\/AF1QipNEaimQ9VQcsqG1oEXiOmRVbQGPFiqWprBFzdY?key=eHBlV3ZubkFZNlZLX0pLOEFkaDRQVFNYRVZrZTh3\" target=\"_blank\" rel=\"noopener noreferrer\"><img decoding=\"async\" src=\"https:\/\/lh3.googleusercontent.com\/pw\/ACtC-3f38WHNG6VYhHqAzMS0mmJSehs_wKOthAOZIRpCFQN0QS0d7V8DMnWUOd1ujD_raUe-XqWWRP9xs8Zjq0TqZtVws3x198tFmdFZgF1HSZiYgFrlqAagEc6Dx96usy6gqOOB-D0gNjexpbvfQP6t8J12=w1984-h1322-no?authuser=0\" width=\"1984\" height=\"1322\" alt=\"G\u00fcl\u00fcmsemelerle dolu!\" class=\"size-medium\" \/><\/a><figcaption class=\"wp-caption-text\">G\u00fcl\u00fcmsemelerle dolu!<\/figcaption><\/figure>\n<h3>\u00dc\u00e7 alk\u0131\u015f: Hokuryu \u00c7ift\u00e7iler Konseyi Eski Ba\u015fkan\u0131 Seisuke Tanaka<\/h3>\n<figure class=\"wp-caption aligncenter\"><a href=\"https:\/\/photos.google.com\/share\/AF1QipMBAH8UYu5zHRZqWQroWGrzpi3ov2kb-zJMq4HBdm4YuxjMFhb4zCAr1IFoYHvvrg\/photo\/AF1QipMTdCsz7i35RM20ugXeA5xapDdrLN8kYPGat_A?key=eHBlV3ZubkFZNlZLX0pLOEFkaDRQVFNYRVZrZTh3\" target=\"_blank\" rel=\"noopener noreferrer\"><img decoding=\"async\" src=\"https:\/\/lh3.googleusercontent.com\/pw\/ACtC-3c5AoBKn7PkiqIAPgb8RK4mfAYuN4HXph45aCgEsAb8dqpaFoGgIBtKJXTCU_3oohfTELywQkh9PCINGl915XZwHdesxA1ApXBZzdlqDqvW1460neadlMa1zSdNakPFPYoEaS3r_XzIAdmxdju_R6MN=w1984-h1322-no?authuser=0\" width=\"1984\" height=\"1322\" alt=\"Eski Hokuryu \u00c7ift\u00e7iler Konseyi Ba\u015fkan\u0131 Morisuke Tanaka\" class=\"size-medium\" \/><\/a><figcaption class=\"wp-caption-text\">Eski Hokuryu \u00c7ift\u00e7iler Konseyi Ba\u015fkan\u0131 Morisuke Tanaka<\/figcaption><\/figure>\n<p>&quot;L\u00fctfen \u015funu anlay\u0131n ki, bug\u00fcn burada toplanan sizler aras\u0131nda, Say\u0131n Murai&#039;ye en \u00e7ok borcu olan ki\u015fi benim ve bu y\u00fczden selam\u0131 iletme g\u00f6revini kabul ettim.<\/p>\n<p>Bay Murai ile ilk olarak Gen\u00e7lik Derne\u011fi&#039;nde tan\u0131\u015ft\u0131m. Gen\u00e7lik Derne\u011fi&#039;nin ba\u015fkan\u0131 ve Hokuryu Kasabas\u0131&#039;ndaki Gen\u00e7lik Derne\u011fi&#039;nin ba\u015fkan\u0131yd\u0131. Sorachi Tar\u0131m Kooperatifi Gen\u00e7lik B\u00f6l\u00fcm\u00fc&#039;nde ba\u015fkanl\u0131k yapt\u0131ktan sonra, Hokkaido Tar\u0131m Kooperatifi Gen\u00e7lik B\u00f6l\u00fcm\u00fc&#039;nde ba\u015fkan yard\u0131mc\u0131s\u0131 ve Sorachi \u00c7ift\u00e7iler Birli\u011fi&#039;nde ba\u015fkan olarak g\u00f6rev yapt\u0131 ve daha sonra Hokuryu Kasaba Konseyi&#039;nde ba\u015fkan yard\u0131mc\u0131s\u0131 olarak g\u00f6rev yapt\u0131.<\/p>\n<p>Y\u00fcr\u00fcd\u00fc\u011f\u00fcm yolda, Bay Murai her zaman k\u0131demlim olarak yan\u0131mdayd\u0131 ve daha da \u00f6nemlisi, bana ak\u0131l hocam olarak rehberlik etti. Bu nedenle, v\u00fccudumu par\u00e7alara ay\u0131rsayd\u0131m, her taraftan Murai ad\u0131n\u0131 ta\u015f\u0131yan par\u00e7alar \u00e7\u0131kacakm\u0131\u015f gibi g\u00f6r\u00fcn\u00fcrd\u00fc. \u00c7ok te\u015fekk\u00fcr ederim. Ondan sonra, il meclisinde \u00e7ok \u00e7al\u0131\u015ft\u0131n\u0131z ve bug\u00fcn \u00f6d\u00fcl\u00fc al\u0131yorsunuz. T\u00fcm s\u0131k\u0131 \u00e7al\u0131\u015fmalar\u0131n\u0131z i\u00e7in \u00e7ok te\u015fekk\u00fcr ederim.<\/p>\n<p>Son olarak bir noktay\u0131 daha belirtmek istiyorum. O zamanlar, Sorachi \u00c7ift\u00e7ileri Derne\u011fi ba\u015fkan\u0131 ve o zamanki Tar\u0131m, Ormanc\u0131l\u0131k ve Bal\u0131k\u00e7\u0131l\u0131k Bakan\u0131 da kat\u0131ld\u0131\u011f\u0131 i\u00e7in, her kasaba ve k\u00f6yden temsilcilerin kat\u0131ld\u0131\u011f\u0131 bir toplant\u0131ya kat\u0131lm\u0131\u015ft\u0131m.<\/p>\n<p>Sorachi&#039;de tar\u0131m\u0131 temsil eden \u00c7ift\u00e7iler Derne\u011fi ba\u015fkan\u0131 Bay Murai, Tar\u0131m, Ormanc\u0131l\u0131k ve Bal\u0131k\u00e7\u0131l\u0131k Bakan\u0131&#039;na \u015fu son derece \u00f6zl\u00fc ve etkili dilek\u00e7eyi verdi: &quot;Sizin g\u00f6reviniz bizim \u00e7ift\u00e7ilerimizin yan\u0131nda olmakt\u0131r. \u015eu anda Hokkaido&#039;daki tar\u0131m, geni\u015fleme, tarla haz\u0131rl\u0131\u011f\u0131, makine vb. yat\u0131r\u0131mlar\u0131 nedeniyle b\u00fcy\u00fck bor\u00e7larla y\u00fckl\u00fcd\u00fcr. Halk aras\u0131nda ticareti te\u015fvik etmek ve Hokkaido&#039;yu kurmak i\u00e7in sert \u00f6nlemler alman\u0131z\u0131 \u015fiddetle rica ediyoruz.&quot; Bu dilek\u00e7eyi hala hat\u0131rl\u0131yorum. Harika bir kariyerin ard\u0131ndan Bay Murai, il meclisinde de aktif bir rol oynad\u0131. Bug\u00fcnk\u00fc \u00f6d\u00fcl\u00fcn fazlas\u0131yla hak edildi\u011fine inan\u0131yorum.<\/p>\n<p>Herkesin s\u00f6yledi\u011fi gibi, kocan\u0131n ba\u015far\u0131lar\u0131 ne kadar b\u00fcy\u00fckse, kar\u0131s\u0131n\u0131n y\u00fck\u00fc ve sorumlulu\u011fu da o kadar b\u00fcy\u00fckt\u00fcr. Bu sefer \u00f6d\u00fcl\u00fc Bay ve Bayan Murai birlikte al\u0131yor. Bu nedenle, etkinli\u011fi ikinize de \u00fc\u00e7 tezah\u00fcratla kapatmak istiyorum.<\/p>\n<p>Y\u00fckselen G\u00fcne\u015f Ni\u015fan\u0131, Alt\u0131n ve G\u00fcm\u00fc\u015f I\u015f\u0131nlar sahibi Murai Nobuo ve Reiko&#039;ya, hurra! hurra! hurra!&quot;<\/p>\n<figure class=\"wp-caption aligncenter\"><a href=\"https:\/\/photos.google.com\/share\/AF1QipMBAH8UYu5zHRZqWQroWGrzpi3ov2kb-zJMq4HBdm4YuxjMFhb4zCAr1IFoYHvvrg\/photo\/AF1QipNLPP6LIfBzmNRo6e7ncDMyrp0Tv6Tz011Y2lg?key=eHBlV3ZubkFZNlZLX0pLOEFkaDRQVFNYRVZrZTh3\" target=\"_blank\" rel=\"noopener noreferrer\"><img decoding=\"async\" src=\"https:\/\/lh3.googleusercontent.com\/pw\/ACtC-3fPJIVPFzhRw3bc11MNHxIKf06qCCCFnSNv_TWg6vR3LGMR9N-25kCuCbp3S5x0wMNvuUG-jiC_BlBZ3guIRmMRjpVDAfYGZmajcNTPd_P6j1Rik4xzY5p5du4hcCCiH7AVGmUmaaKfEURREGyjQuCF=w1984-h1322-no?authuser=0\" width=\"1984\" height=\"1322\" alt=\"Ya\u015fas\u0131n! Ya\u015fas\u0131n! Ya\u015fas\u0131n!\" class=\"size-medium\" \/><\/a><figcaption class=\"wp-caption-text\">Ya\u015fas\u0131n! Ya\u015fas\u0131n! Ya\u015fas\u0131n!<\/figcaption><\/figure>\n<h2>Bay ve Bayan Murai sahneden ayr\u0131l\u0131rlar.<\/h2>\n<figure class=\"wp-caption aligncenter\"><a href=\"https:\/\/photos.google.com\/share\/AF1QipMBAH8UYu5zHRZqWQroWGrzpi3ov2kb-zJMq4HBdm4YuxjMFhb4zCAr1IFoYHvvrg\/photo\/AF1QipO0QwTFNlFBbp16BbgEKaP9ejtwGap4tgAzMhI?key=eHBlV3ZubkFZNlZLX0pLOEFkaDRQVFNYRVZrZTh3\" target=\"_blank\" rel=\"noopener noreferrer\"><img decoding=\"async\" src=\"https:\/\/lh3.googleusercontent.com\/pw\/ACtC-3eAbjDi4RChp7u7eI-2BiNI9uXtx7THdHNaQ2266vXGkGD_PHXVYreasqcHkBdzWTLKTmt7PHCR-o5ACT30g89z2j4vd3CuhwrRCRn3rwP_FHR4iVm8mSrXJwR73g66RMExCr13IcwsZovRewKdEI09=w1984-h1322-no?authuser=0\" width=\"1984\" height=\"1322\" alt=\"Bay ve Bayan Murai sahneden ayr\u0131l\u0131rlar.\" class=\"size-medium\" \/><\/a><figcaption class=\"wp-caption-text\">Bay ve Bayan Murai sahneden ayr\u0131l\u0131rlar.<\/figcaption><\/figure>\n<figure class=\"wp-caption aligncenter\"><a href=\"https:\/\/photos.google.com\/share\/AF1QipMBAH8UYu5zHRZqWQroWGrzpi3ov2kb-zJMq4HBdm4YuxjMFhb4zCAr1IFoYHvvrg\/photo\/AF1QipPEsmvNRDSTTwTCCcUk5ozgKJD_SUX8Fl2khw0?key=eHBlV3ZubkFZNlZLX0pLOEFkaDRQVFNYRVZrZTh3\" target=\"_blank\" rel=\"noopener noreferrer\"><img decoding=\"async\" src=\"https:\/\/lh3.googleusercontent.com\/pw\/ACtC-3cEFi2GSTr5fRglIb0pF3heoLXXaaoEWNnt23CwRZGSvbLvfXz53wSzO9K6ga70w_ex2UCQoISv6aCc48XkeBSzpEnGmT7AHbefFhQiMJN8Fxx-a6wsWxmlN3akL6KEnIb5Z6218PG_Kivg9GjfsTNG=w1984-h1322-no?authuser=0\" width=\"1984\" height=\"1322\" alt=\"Te\u015fekk\u00fcrlerimle selamlar!\" class=\"size-medium\" \/><\/a><figcaption class=\"wp-caption-text\">Te\u015fekk\u00fcrlerimle selamlar!<\/figcaption><\/figure>\n<p>Bu onurlu \u00f6d\u00fclden dolay\u0131 y\u00fcrekten tebriklerimizi sunar\u0131z.<br \/>\nS\u0131n\u0131rs\u0131z sayg\u0131, minnet ve dualar\u0131m\u0131zla, Say\u0131n Nobuo ve Say\u0131n Reiko Murai&#039;ye, uzun y\u0131llar s\u00fcren \u00fcst\u00fcn ba\u015far\u0131lar\u0131n\u0131 ve s\u0131k\u0131 \u00e7al\u0131\u015fmalar\u0131n\u0131 takdir eden bu g\u00f6rkemli ve onurlu \u00f6d\u00fcl i\u00e7in te\u015fekk\u00fcr ediyoruz.<\/p>\n<figure class=\"wp-caption aligncenter\"><a href=\"https:\/\/photos.google.com\/share\/AF1QipMBAH8UYu5zHRZqWQroWGrzpi3ov2kb-zJMq4HBdm4YuxjMFhb4zCAr1IFoYHvvrg\/photo\/AF1QipNuyjEMwXZRwsLAHxq3DO1F6xdoZBB8md2rIZ8?key=eHBlV3ZubkFZNlZLX0pLOEFkaDRQVFNYRVZrZTh3\" target=\"_blank\" rel=\"noopener noreferrer\"><img decoding=\"async\" src=\"https:\/\/lh3.googleusercontent.com\/pw\/ACtC-3eT4J6FTEsN-rtUkn6caNFaCunZGsoIPoqfiGiUKGOaYrVShfZU7O3go1z3WQl7kPAi096WfWgdfST2k7SlSh8tyFpMUmw4Q-hfu0Rcr-w0n92nUzL_TMHBNSDK78LfhHVGU9_3u6jh76xud1i8LfCB=w1984-h1322-no?authuser=0\" width=\"1984\" height=\"1322\" alt=\"Sonsuz sayg\u0131, minnet ve dualar\u0131mla. . .\" class=\"size-medium\" \/><\/a><figcaption class=\"wp-caption-text\">Sonsuz sayg\u0131, minnet ve dualar\u0131mla. . .<\/figcaption><\/figure>\n\u3000<\/p>\n<h2>Di\u011fer foto\u011fraflar<\/h2>\n<p>\u30fb<a href=\"https:\/\/photos.app.goo.gl\/yRvHLjzTu3bkNZq96\" rel=\"noopener noreferrer\" target=\"_blank\">Say\u0131n Nobuo Murai&#039;nin &quot;Y\u00fckselen G\u00fcne\u015f, Alt\u0131n ve G\u00fcm\u00fc\u015f I\u015f\u0131nlar Ni\u015fan\u0131&quot; 2020 Bahar \u00d6d\u00fcl T\u00f6reni&#039;nin foto\u011fraflar\u0131na (128 foto\u011fraf) buradan ula\u015fabilirsiniz &gt;&gt;<\/a><\/p>\n<h2>\u0130lgili makaleler<\/h2>\n\n        <div class=\"site-blogcard-premium\">\n            <div class=\"bc-label-custom\">\u0130lgili makaleler<\/div>\n            <div class=\"bc-flex-container\">\n                <div class=\"bc-main-text\">\n                    <div class=\"bc-title-link-box\">\n                        <a href=\"https:\/\/portal.hokuryu.info\/tr\/topics\/culture\/20190508.html\/\" target=\"_blank\">Toshihiro Nakamura&#039;n\u0131n Y\u00fckselen G\u00fcne\u015f Ni\u015fan\u0131, G\u00fcm\u00fc\u015f I\u015f\u0131nlar \u00f6d\u00fcl\u00fcn\u00fc almas\u0131 kutlamas\u0131, Meclis Mezunlar\u0131 Derne\u011fi, Itaya Mahalle Derne\u011fi ve Haiku Derne\u011fi &quot;Michi&quot; taraf\u0131ndan d\u00fczenlendi Hokuryu \u015eubesi - Hokuryu Kasabas\u0131 Portal\u0131 (Hokkaido) - Japonya&#039;n\u0131n 1 numaral\u0131 ay\u00e7i\u00e7e\u011fi k\u00f6y\u00fc<\/a>\n                    <\/div>\n                    <div class=\"bc-excerpt-box\">Hokuryu Kasaba Meclisi&#039;nin eski \u00fcyesi Bay Toshihiro Nakamura (88 ya\u015f\u0131nda), 1 \u015eubat 2019 tarihinden itibaren ge\u00e7erli olmak \u00fczere, Ya\u015fl\u0131 Vatanda\u015flar Onur \u00d6d\u00fclleri kapsam\u0131nda &quot;Y\u00fckselen G\u00fcne\u015f, Alt\u0131n I\u015f\u0131nlar ve Rozet&quot; \u00f6d\u00fcl\u00fcne lay\u0131k g\u00f6r\u00fcld\u00fc...<\/div>\n                <\/div>\n                <div class=\"bc-thumbnail-box\">\n                    <a href=\"https:\/\/portal.hokuryu.info\/tr\/topics\/culture\/20190508.html\/\" target=\"_blank\">\n                        <div class=\"bc-img-zoom-wrap\">\n                            <img decoding=\"async\" src=\"https:\/\/lh3.googleusercontent.com\/glr9D2kxNix6HeeQlHoFe57T3knzytMKDYRLebl0Pks5fP39EAewy1qA1y_DjqOxn_y_gBOrcrVcoCK-kO3Ht7siH3V62U5FJyZVss_6dPkmMvWtMtrXYKS83ANQRZjSrRxat3OQIZw_VaZlvBuIgA_Wgjj66uas0glnNewE-Ec5Ak2ATTliN4uxmQquI-mUMjVxV6_xAJt1WBk_ZsNdHSo-5IKTNW5_L9vzoAwNwF6l-OouTkDYN5Yh-az2li6PIRQsiQnAdmj6wQNpt8cz1n0eB5EWyD2tJCGsoNWuoouRjtyfyNS4Gt2Xm6xvIgsya9zxhQjVZTDqb688Z6jgOru8hqBvgD2K728iLWC8TSzHhvdt5GPB8-8Oc9J7IRE3_WbrB6fINJwnuDBZbbNk3ujewXW3D3wjL_LDbrYakX4vKcdy_TsRCii3JK5tqtoDmCZRmZcu22zr03Lx6dkG8PnAUrjLzggpVO2WERLWOv-ITSw1nxNwdGhlalRGn8sTmTmLdlUkE6-JyzhpD0OVlnbwsbnHRjxyI3H2vwWzSk5RLcd0UGbcNcuzA2l0FEgNhmVOSxvUilfrFGoFHJp_Et-Tkq-42CRu2XH25neIvJMz138zB_sRvHEZ-UzZCcaVFyr7xXB16y0ZhvE1OS9J8TSmUkIGtBF_eXIs_ApAC4U2f3bnZcI3A08ztwR9Mk0MGtIeMGJyXkXh93BuhZZ8qiJq=w1420-h946-no\" alt=\"Toshihiro Nakamura&#039;n\u0131n Y\u00fckselen G\u00fcne\u015f Ni\u015fan\u0131, G\u00fcm\u00fc\u015f I\u015f\u0131nlar \u00f6d\u00fcl\u00fcn\u00fc almas\u0131 kutlamas\u0131, Meclis Mezunlar\u0131 Derne\u011fi, Itaya Mahalle Derne\u011fi ve Haiku Derne\u011fi &quot;Michi&quot; taraf\u0131ndan d\u00fczenlendi Hokuryu \u015eubesi - Hokuryu Kasabas\u0131 Portal\u0131 (Hokkaido) - Japonya&#039;n\u0131n 1 numaral\u0131 ay\u00e7i\u00e7e\u011fi k\u00f6y\u00fc\">\n                        <\/div>\n                    <\/a>\n                <\/div>\n            <\/div>\n        <\/div>\n\n        <div class=\"site-blogcard-premium\">\n            <div class=\"bc-label-custom\">\u0130lgili makaleler<\/div>\n            <div class=\"bc-flex-container\">\n                <div class=\"bc-main-text\">\n                    <div class=\"bc-title-link-box\">\n                        <a href=\"https:\/\/portal.hokuryu.info\/tr\/topics\/culture\/20190116.html\/\" target=\"_blank\">2018 sonbahar\u0131nda Mavi Kurdele Madalyas\u0131&#039;n\u0131 alan Bay Koichi Matsuda i\u00e7in bir kutlama d\u00fczenlendi. Kutlama, ilkokul ve ortaokul s\u0131n\u0131f arkada\u015flar\u0131 ve Itaya mahalle derne\u011fi taraf\u0131ndan y\u00f6netildi. - Hokuryu Kent Portal\u0131 (Hokkaido) - Japonya&#039;n\u0131n 1 numaral\u0131 ay\u00e7i\u00e7e\u011fi k\u00f6y\u00fc<\/a>\n                    <\/div>\n                    <div class=\"bc-excerpt-box\">19 Kas\u0131m 2018&#039;de 2018 Sonbahar D\u00f6nemi Onur \u00d6d\u00fcllerinin sahipleri belirlendi ve \u00f6d\u00fcller 3 Kas\u0131m&#039;da resmen takdim edildi.<\/div>\n                <\/div>\n                <div class=\"bc-thumbnail-box\">\n                    <a href=\"https:\/\/portal.hokuryu.info\/tr\/topics\/culture\/20190116.html\/\" target=\"_blank\">\n                        <div class=\"bc-img-zoom-wrap\">\n                            <img decoding=\"async\" src=\"https:\/\/lh3.googleusercontent.com\/Kxpgb_bXMFr6SDJfyBfWHZC63_50WhOww5FfXdti4ZFuGcjfUMJxuo5ursmrcnROMWq_J5MCWjIW8GOoToh_vOJeKgxlRn5ygFPby8xpgsXoWFPheyVRaTq6w4BiwCPhNvChN3mpkiTvjtxajeMrOvcV1tWFK5hCgIgVQvRunEa-T978m5pP7tuAs9WtobLq3lw9WlxMnh3-EFEIM6EBFFEDrycOXm_DQbS9lC4HA8FtCeqBIXjcwzIksSbVI0VgYceHeoD5m5jNF9HBfRMPaup6IZQDuoEgGYU0y3zIxVPHZa9sUvkWGLuHKFeEKejIBHNuLxF6GMXKQLItUt5xNnWAKxwxKzwssehgP2LGac3BnuSnhCKQIUYjrmo281nXFW7BPEbrYYppdKUF6zCQgL4LFXxE2_eu25H4JGUr-G_tGPN1BJ4xNiv8tECaFIqhDozqOvp21oTu0eQKiVYu4E01BpH-j5XUmFbshvbIisRpOb-IN68NjpLcG9qZYfUgqXeZQOr5HwAUpZQlvQARMdHptsp4L7ctFILigJXqKN6iv_f5lYevl8KSnKdk1PAkGiINdAT8uNON8KLkLbynLjYCSaA6EFlEI7b32EBecV0hdsNEEkgUbpWVrRfuQtT_8jN1oMvYyfOc2czHWbsFW16X35vG8sxXJD5e0wA7Wqxicp15zFWfeD9Ip6XYbGHkON5AkMJwiSjY817ZzQ=w1393-h929-no\" alt=\"2018 sonbahar\u0131nda Mavi Kurdele Madalyas\u0131&#039;n\u0131 alan Bay Koichi Matsuda i\u00e7in bir kutlama d\u00fczenlendi. Kutlama, ilkokul ve ortaokul s\u0131n\u0131f arkada\u015flar\u0131 ve Itaya mahalle derne\u011fi taraf\u0131ndan y\u00f6netildi. - Hokuryu Kent Portal\u0131 (Hokkaido) - Japonya&#039;n\u0131n 1 numaral\u0131 ay\u00e7i\u00e7e\u011fi k\u00f6y\u00fc\">\n                        <\/div>\n                    <\/a>\n                <\/div>\n            <\/div>\n        <\/div>\n\n        <div class=\"site-blogcard-premium\">\n            <div class=\"bc-label-custom\">\u0130lgili makaleler<\/div>\n            <div class=\"bc-flex-container\">\n                <div class=\"bc-main-text\">\n                    <div class=\"bc-title-link-box\">\n                        <a href=\"https:\/\/portal.hokuryu.info\/tr\/topics\/culture\/20161213.html\/\" target=\"_blank\">2016 sonbahar\u0131nda Kutsal Hazine Ni\u015fan\u0131, Rozet ile Alt\u0131n I\u015f\u0131nlar \u00f6d\u00fcl\u00fcn\u00fc alan Say\u0131n Hajime Hoshiba i\u00e7in d\u00fczenlenen kutlama - Hokuryu Kent Portal\u0131 (Hokkaido) - Japonya&#039;n\u0131n 1 numaral\u0131 ay\u00e7i\u00e7e\u011fi k\u00f6y\u00fc<\/a>\n                    <\/div>\n                    <div class=\"bc-excerpt-box\">Nefes kesen bir Japon manzaras\u0131: Hokkaido&#039;nun Hokuryu kasabas\u0131ndaki &quot;Ay\u00e7i\u00e7e\u011fi K\u00f6y\u00fc&quot;. Hokkaido&#039;da pop\u00fcler bir turistik yer. L\u00fctfen en az bir kez ziyaret edin. (Pirin\u00e7 Sommelier&#039;i...).<\/div>\n                <\/div>\n                <div class=\"bc-thumbnail-box\">\n                    <a href=\"https:\/\/portal.hokuryu.info\/tr\/topics\/culture\/20161213.html\/\" target=\"_blank\">\n                        <div class=\"bc-img-zoom-wrap\">\n                            <img decoding=\"async\" src=\"https:\/\/lh3.googleusercontent.com\/V4AJHrVcyJ29m2XkmfwnwbSS8mUOr2J361mZiGI9aZsDfBSRmyzu-d0sIyS19E93ODTvcp9tNjN1_xqk0L2y_mY_nwELh3SJAYbtHywf7-y95hOg_LJJpu9C6fsK9Lo_TzcJ0nXPzBC_x6lkTYVWv6nkGZWo-m806fiVoJZq7EaHsy06--MFpKXsHZPtxjDYsEYzaQqM5ZfVLd9TtbKoV9SEyfWMgzQ9koMnJaiQxFNgdQZcrMNLXTsloqwkwkb0E9XIqnF2mPwGfuEvubzEQ0Gmf4y3YFN4REuT_zJ2LWBCXK9vHrocI3rLcG-0tNkzIE0ZWI2ngy3QGcdyXjdJyHb7H5qVp-ULgYN6OA2lMYxPw878GDBcAv2dtQfvJ5IFsfigN4opdunXTNZ02iyExHYobbk0YvQ9W1dPmTtRvKGP3baZpFs0hiZtS18lLnJ7ijUjD6cy51HP_73GxXqqYE1KshG49AcmYmzU5Gi5Qh7oqMxfwIcp_dr5vAdYCWxFWrKAwAyDQ1ApFxiNIPbgmW_scoggXresfy3ZqEmIexrYZmdoUveiBaWkK34hU8jVQpdwHPB_T6sdNAci_Nclby7iebm0suHw0JcEuXKwniPSUgAv7moIVQS4IvCkN87f1kRUfdbARhspEX27mEyT3Sx5H9lcLfMskBFc1IJ_Cw=w1441-h960-no\" alt=\"2016 sonbahar\u0131nda Kutsal Hazine Ni\u015fan\u0131, Rozet ile Alt\u0131n I\u015f\u0131nlar \u00f6d\u00fcl\u00fcn\u00fc alan Say\u0131n Hajime Hoshiba i\u00e7in d\u00fczenlenen kutlama - Hokuryu Kent Portal\u0131 (Hokkaido) - Japonya&#039;n\u0131n 1 numaral\u0131 ay\u00e7i\u00e7e\u011fi k\u00f6y\u00fc\">\n                        <\/div>\n                    <\/a>\n                <\/div>\n            <\/div>\n        <\/div>\n\n        <div class=\"site-blogcard-premium\">\n            <div class=\"bc-label-custom\">\u0130lgili makaleler<\/div>\n            <div class=\"bc-flex-container\">\n                <div class=\"bc-main-text\">\n                    <div class=\"bc-title-link-box\">\n                        <a href=\"https:\/\/portal.hokuryu.info\/tr\/topics\/culture\/20131219.html\/\" target=\"_blank\">2013 sonbahar\u0131nda Y\u00fckselen G\u00fcne\u015f, Alt\u0131n ve G\u00fcm\u00fc\u015f I\u015f\u0131nlar Ni\u015fan\u0131&#039;n\u0131 alan Bay Kitakiyo Masami i\u00e7in d\u00fczenlenen kutlama - Hokuryu Kent Portal\u0131 (Hokkaido) - Japonya&#039;n\u0131n 1 numaral\u0131 ay\u00e7i\u00e7e\u011fi k\u00f6y\u00fc<\/a>\n                    <\/div>\n                    <div class=\"bc-excerpt-box\">2.100 n\u00fcfuslu ve 401.300 ki\u015filik ya\u015flanma oran\u0131na sahip, canl\u0131 bir kasaban\u0131n &quot;bug\u00fcnk\u00fc&quot; halini sizlere sunuyoruz. Ay\u00e7i\u00e7ekleri gibi, aileler uyum i\u00e7inde ya\u015f\u0131yor...<\/div>\n                <\/div>\n                <div class=\"bc-thumbnail-box\">\n                    <a href=\"https:\/\/portal.hokuryu.info\/tr\/topics\/culture\/20131219.html\/\" target=\"_blank\">\n                        <div class=\"bc-img-zoom-wrap\">\n                            <img decoding=\"async\" src=\"https:\/\/lh4.googleusercontent.com\/-B9qUblgKWII\/Uq_FCnSdGaI\/AAAAAAAA-DI\/tNzOOlvqXmE\/w1319-h873-no\/K5+38147\" alt=\"2013 sonbahar\u0131nda Y\u00fckselen G\u00fcne\u015f, Alt\u0131n ve G\u00fcm\u00fc\u015f I\u015f\u0131nlar Ni\u015fan\u0131&#039;n\u0131 alan Bay Kitakiyo Masami i\u00e7in d\u00fczenlenen kutlama - Hokuryu Kent Portal\u0131 (Hokkaido) - Japonya&#039;n\u0131n 1 numaral\u0131 ay\u00e7i\u00e7e\u011fi k\u00f6y\u00fc\">\n                        <\/div>\n                    <\/a>\n                <\/div>\n            <\/div>\n        <\/div>\n\u3000<br \/>\n\u30fb<a href=\"https:\/\/portal.hokuryu.info\/tr\/topics\/culture\/20190508.html\/\" rel=\"noopener\" target=\"_blank\">Say\u0131n Toshihiro Nakamura&#039;n\u0131n 2019 \u0130lkbahar\u0131nda Y\u00fckselen G\u00fcne\u015f Ni\u015fan\u0131 G\u00fcm\u00fc\u015f I\u015f\u0131nlar&#039;\u0131 almas\u0131 nedeniyle kutlama d\u00fczenlendi<\/a>(8 May\u0131s 2019)<br \/>\n\u30fb<a href=\"https:\/\/portal.hokuryu.info\/tr\/topics\/culture\/20190116.html\/\" rel=\"noopener\" target=\"_blank\">2018 Sonbahar Takdir \u00d6d\u00fcl\u00fc &quot;Mavi Kurdele Madalyas\u0131&quot; sahibi Bay Koichi Matsuda i\u00e7in kutlama d\u00fczenlendi<\/a>(16 Ocak 2019)<br \/>\n\u30fb<a href=\"https:\/\/portal.hokuryu.info\/tr\/topics\/culture\/20161213.html\/\" rel=\"noopener\" target=\"_blank\">2016 Sonbahar\u0131nda Hajime Hoshiba&#039;n\u0131n Kutsal Hazine, Alt\u0131n ve G\u00fcm\u00fc\u015f I\u015f\u0131nlar Ni\u015fan\u0131&#039;n\u0131 almas\u0131 nedeniyle kutlama d\u00fczenlendi<\/a>(13 Aral\u0131k 2016)<br \/>\n\u30fb<a href=\"https:\/\/portal.hokuryu.info\/tr\/topics\/culture\/20131219.html\/\" rel=\"noopener\" target=\"_blank\">2013 Sonbahar\u0131nda Y\u00fckselen G\u00fcne\u015f, Alt\u0131n ve G\u00fcm\u00fc\u015f I\u015f\u0131nlar Ni\u015fan\u0131&#039;n\u0131 alan Bay Kitakiyotaka Kita i\u00e7in kutlama d\u00fczenlendi<\/a>(19 Aral\u0131k 2013)<\/p>\n<p>\u25c7 \u00c7ekim ve kurgu: Noboru Terauchi R\u00f6portaj ve metin: Ikuko Terauchi<\/p>","protected":false},"excerpt":{"rendered":"<p>\uff12\uff10\uff12\uff10\u5e74\uff11\uff10\u6708\uff12\uff17\u65e5\uff08\u706b\uff09 \u4ee4\u548c\uff12\u5e74\u5ea6\u6625\u306e\u53d9\u52f2\u306b\u3066\u6751\u4e95\u5ba3\u592b\u6c0f\u304c\u3001\u6c38\u5e74\u306b\u6e21\u308b\u5730\u65b9\u81ea\u6cbb\u3068\u5730\u57df\u632f\u8208\u306b\u5bfe\u3059\u308b\u529f\u7e3e\u304c\u8a8d\u3081\u3089\u308c\u300c\u65ed\u65e5\u53cc\u5149\u7ae0\u300d\u3092\u53d7\u7ae0\u3055\u308c\u307e\u3057\u305f\u3002 \u3053\u306e\u6804\u8a89\u3092\u304a\u795d\u3044\u3057\u53d7\u7ae0\u795d\u8cc0\u4f1a\u304c\u3001\uff11\uff10\u6708\uff12\uff15\u65e5\uff08\u65e5\uff09 [&hellip;]<\/p>\n","protected":false},"author":1,"featured_media":5630,"comment_status":"open","ping_status":"open","sticky":false,"template":"","format":"standard","meta":{"footnotes":""},"categories":[4],"tags":[],"class_list":["post-5627","post","type-post","status-publish","format-standard","has-post-thumbnail","hentry","category-cover-story"],"_links":{"self":[{"href":"https:\/\/portal.hokuryu.info\/tr\/wp-json\/wp\/v2\/posts\/5627","targetHints":{"allow":["GET"]}}],"collection":[{"href":"https:\/\/portal.hokuryu.info\/tr\/wp-json\/wp\/v2\/posts"}],"about":[{"href":"https:\/\/portal.hokuryu.info\/tr\/wp-json\/wp\/v2\/types\/post"}],"author":[{"embeddable":true,"href":"https:\/\/portal.hokuryu.info\/tr\/wp-json\/wp\/v2\/users\/1"}],"replies":[{"embeddable":true,"href":"https:\/\/portal.hokuryu.info\/tr\/wp-json\/wp\/v2\/comments?post=5627"}],"version-history":[{"count":0,"href":"https:\/\/portal.hokuryu.info\/tr\/wp-json\/wp\/v2\/posts\/5627\/revisions"}],"wp:featuredmedia":[{"embeddable":true,"href":"https:\/\/portal.hokuryu.info\/tr\/wp-json\/wp\/v2\/media\/5630"}],"wp:attachment":[{"href":"https:\/\/portal.hokuryu.info\/tr\/wp-json\/wp\/v2\/media?parent=5627"}],"wp:term":[{"taxonomy":"category","embeddable":true,"href":"https:\/\/portal.hokuryu.info\/tr\/wp-json\/wp\/v2\/categories?post=5627"},{"taxonomy":"post_tag","embeddable":true,"href":"https:\/\/portal.hokuryu.info\/tr\/wp-json\/wp\/v2\/tags?post=5627"}],"curies":[{"name":"wp","href":"https:\/\/api.w.org\/{rel}","templated":true}]}}