{"id":55623,"date":"2025-02-17T09:36:22","date_gmt":"2025-02-17T00:36:22","guid":{"rendered":"https:\/\/portal.hokuryu.info\/?p=55623"},"modified":"2025-02-17T17:14:59","modified_gmt":"2025-02-17T08:14:59","slug":"hokuryu-belediye-meclisi-raporlama-oturumu-ve-meclis-kafe-dostca-ve-uyumlu-bir-atmosfer","status":"publish","type":"post","link":"https:\/\/portal.hokuryu.info\/tr\/55623\/","title":{"rendered":"Hokuryu Belediye Meclisi Raporlama Oturumu ve Belediye Kafesi: Kasabal\u0131lar\u0131n \u00f6zg\u00fcrce ve kolayca fikir al\u0131\u015fveri\u015finde bulunabilece\u011fi dost\u00e7a ve uyumlu bir forum"},"content":{"rendered":"<p>Cuma, 14 \u015eubat 2025<\/p>\n<p>Hokuryu Kasaba Konseyi, 12 \u015eubat \u00c7ar\u015famba g\u00fcn\u00fc saat 15:00&#039;te Hokuryu Kasabas\u0131&#039;n\u0131n ticari canland\u0131rma tesisi COCOWA&#039;n\u0131n \u00e7ok ama\u00e7l\u0131 alan\u0131nda &quot;Konsey Raporu Oturumu ve Konsey Kafesi&quot; d\u00fczenledi. Kasaba halk\u0131 ve meclis \u00fcyelerinin de aralar\u0131nda bulundu\u011fu yakla\u015f\u0131k 20 ki\u015finin kat\u0131ld\u0131\u011f\u0131 etkinlikte, samimi bir ortamda canl\u0131 ve keyifli tart\u0131\u015fmalar ya\u015fand\u0131.<\/p>\n<h2>Hokuryu Belediye Meclisi Raporlama Oturumu ve Meclis Kafe<\/h2>\n<figure class=\"wp-caption aligncenter\"><a href=\"https:\/\/photos.google.com\/share\/AF1QipOf0NXuJUp1VxEDQ4k8Y5TEmNJ1-t-DViS_ZJLfXlQx3crpGpJJR5MqZw50wWIeYA\/photo\/AF1QipPVXGvQqjz0_t_GJswEvB7hyEbySAB-I1Aouaw?key=LUFXY21lZGRwSGtEc2Q5c2NMYm13bkoyMnZJNFd3\" target=\"_blank\"><img decoding=\"async\" src=\"https:\/\/lh3.googleusercontent.com\/pw\/AP1GczNs6qIbVlXujTuz4RhQ2PQtrD3_vsW5oq_PHJZ5AU-xlH54x_j0qavSwOM-om5t_hWU5u5YisUXGNzH5Aptfjb51ZefHKh5tr1QYhIi_Y9omz2kVyZloaC6E4wR9q_7IDMeFyQJVsa1P0YMigxb1kQs=w2000-h1333-s-no-gm?authuser=0\" width=\"1140\" height=\"1520\" alt=\"Hokuryu Kasaba Konseyi Raporlama Oturumu\" class=\"size-full\" \/><\/a><figcaption class=\"wp-caption-text\">Hokuryu Kasaba Konseyi Raporlama Oturumu<\/figcaption><\/figure>\n<figure class=\"wp-caption aligncenter\"><a href=\"https:\/\/photos.google.com\/share\/AF1QipOf0NXuJUp1VxEDQ4k8Y5TEmNJ1-t-DViS_ZJLfXlQx3crpGpJJR5MqZw50wWIeYA\/photo\/AF1QipNFQSIOHOanQrFPh_p8mUDBTD1SEOY8G-YzyO4?key=LUFXY21lZGRwSGtEc2Q5c2NMYm13bkoyMnZJNFd3\" target=\"_blank\"><img decoding=\"async\" src=\"https:\/\/lh3.googleusercontent.com\/pw\/AP1GczMbCWce9dHEy1I5zPf0dUh94WdXcT3JNXKCN5zn5-8rG3bw8FdvImYzeuHYkhCRl34ERU24DsD-8dGtuxRK0FK66j3IvxtmDEUDfd5spNp8qYvN50uDuB7XMgs5GPMaPTBFXB3zsD2J-fEiUgPR0xep=w1140-h1520-s-no-gm?authuser=0\" width=\"1140\" height=\"1520\" alt=\"Parlamento Kafe\" class=\"size-full\" \/><\/a><figcaption class=\"wp-caption-text\">Parlamento Kafe<\/figcaption><\/figure>\n<h3>Masada tatl\u0131lar ve \u00e7i\u00e7ekler<\/h3>\n<p>\u0130lk deneme olarak &quot;Meclis Kahvesi&quot; ad\u0131 alt\u0131nda yeni bir toplant\u0131 tarz\u0131 ortaya \u00e7\u0131kt\u0131. Kasaba halk\u0131 ve meclis \u00fcyelerinin kahve, \u00e7ay ve at\u0131\u015ft\u0131rmal\u0131klar e\u015fli\u011finde birbirleriyle rahat\u00e7a ileti\u015fim kurabilecekleri rahat bir ortam yarat\u0131ld\u0131.<\/p>\n<figure class=\"wp-caption aligncenter\"><a href=\"https:\/\/photos.google.com\/share\/AF1QipOf0NXuJUp1VxEDQ4k8Y5TEmNJ1-t-DViS_ZJLfXlQx3crpGpJJR5MqZw50wWIeYA\/photo\/AF1QipPq_2Is9FbMNH8Ayvv383LdAB6qslNXa4n82hY?key=LUFXY21lZGRwSGtEc2Q5c2NMYm13bkoyMnZJNFd3\" target=\"_blank\"><img decoding=\"async\" src=\"https:\/\/lh3.googleusercontent.com\/pw\/AP1GczMWsixiVVah0vSuIAayo-is-VukYbwbWhjaUaNtpTlu1Dv7E9PEshUdewQpWEaKi0rd5rKdUyCLCE5ufl1KR6uuNjAHWf-D1H_gpFOPn8u7t9EtpPUYnhZPL8NvT4IUrbc-mDkdvsnxRdfbMCXuaQYb=w2000-h1333-s-no-gm?authuser=0\" width=\"2000\" height=\"1333\" alt=\"Masa tatl\u0131lar ve \u00e7i\u00e7eklerle s\u00fcslendi. . .\" class=\"size-full\" \/><\/a><figcaption class=\"wp-caption-text\">Masa tatl\u0131lar ve \u00e7i\u00e7eklerle s\u00fcslendi. . .<\/figcaption><\/figure>\n<figure class=\"wp-caption aligncenter\"><a href=\"https:\/\/photos.google.com\/share\/AF1QipOf0NXuJUp1VxEDQ4k8Y5TEmNJ1-t-DViS_ZJLfXlQx3crpGpJJR5MqZw50wWIeYA\/photo\/AF1QipOdGYGiRO0SYGEg6q1KoS__5A-lgYu_5wWwUEM?key=LUFXY21lZGRwSGtEc2Q5c2NMYm13bkoyMnZJNFd3\" target=\"_blank\"><img decoding=\"async\" src=\"https:\/\/lh3.googleusercontent.com\/pw\/AP1GczOb7V2vKrR5H8nwoN3AW5csfdYiiQVh2gqWNItgSbP0kStFeX89o35nDOByMaKqhw8mzkJzEcUzVbGVC8PJkWc8hKKIVitKk4flv4aLPussjB3zFK0YaNOafaXJvonar-YMQKYIELeILMRK9JovWXub=w2000-h1333-s-no-gm?authuser=0\" width=\"2000\" height=\"1333\" alt=\"\u0130\u00e7ecek k\u00f6\u015fesi\" class=\"size-full\" \/><\/a><figcaption class=\"wp-caption-text\">\u0130\u00e7ecek k\u00f6\u015fesi<\/figcaption><\/figure>\n<h3>Moderat\u00f6r: Say\u0131n Nobuaki Teragaki<\/h3>\n<figure class=\"wp-caption aligncenter\"><a href=\"https:\/\/photos.google.com\/share\/AF1QipOf0NXuJUp1VxEDQ4k8Y5TEmNJ1-t-DViS_ZJLfXlQx3crpGpJJR5MqZw50wWIeYA\/photo\/AF1QipOeqs4HVBhplLlEIcPhCsVQ3EH7XISK3EGGu8g?key=LUFXY21lZGRwSGtEc2Q5c2NMYm13bkoyMnZJNFd3\" target=\"_blank\"><img decoding=\"async\" src=\"https:\/\/lh3.googleusercontent.com\/pw\/AP1GczNdwls9fp5PAY9Z5aCrVrBaQm1k4B4vykYDKdu_nJ-0mLDKnBMLj7tKUHy56YLImSP_9oGJjOQMGTrx_VNVRFJVjpM4fWIeysqNl6XeyMa5tQLpGD1HGYUxcjm5zgSyA1i_WSiMq1WFiDVSypdK2MJw=w2000-h1333-s-no-gm?authuser=0\" width=\"2000\" height=\"1333\" alt=\"Moderat\u00f6rl\u00fc\u011f\u00fcn\u00fc Meclis \u00dcyesi Nobuaki Teragaki \u00fcstleniyor\" class=\"size-full\" \/><\/a><figcaption class=\"wp-caption-text\">Moderat\u00f6rl\u00fc\u011f\u00fcn\u00fc Meclis \u00dcyesi Nobuaki Teragaki \u00fcstleniyor<\/figcaption><\/figure>\n<h2>a\u00e7\u0131l\u0131\u015f<\/h2>\n<h3>Ba\u015fkan Shoichi Nakamura&#039;n\u0131n a\u00e7\u0131l\u0131\u015f konu\u015fmas\u0131<\/h3>\n<figure class=\"wp-caption aligncenter\"><a href=\"https:\/\/photos.google.com\/share\/AF1QipOf0NXuJUp1VxEDQ4k8Y5TEmNJ1-t-DViS_ZJLfXlQx3crpGpJJR5MqZw50wWIeYA\/photo\/AF1QipOCHapOU06lYSKrhBwjrlmc2p7OjpQp4V1MimU?key=LUFXY21lZGRwSGtEc2Q5c2NMYm13bkoyMnZJNFd3\" target=\"_blank\"><img decoding=\"async\" src=\"https:\/\/lh3.googleusercontent.com\/pw\/AP1GczMLiX1Josf5z6c6ufO3bX3LNYktnjTUu4oqDqvNP-VlDnuHtyvwl-hw6LLrZo5qlkR7JwFiUCS_qeCrK-7xQQBSYtk0x7UkDE-fzg4bfqMcF0jcAyXCIETJC71N1TF85iGD_S-cZlK6zzFRIqytsXES=w2000-h1333-s-no-gm?authuser=0\" width=\"2000\" height=\"1333\" alt=\"Ba\u015fkan Nakamura&#039;dan selamlar\" class=\"size-full\" \/><\/a><figcaption class=\"wp-caption-text\">Ba\u015fkan Nakamura&#039;dan selamlar<\/figcaption><\/figure>\n<p>&quot;Hokuryu Kasaba Konseyi Temel T\u00fcz\u00fc\u011f\u00fc uyar\u0131nca, y\u0131lda bir kez bir konsey raporu toplant\u0131s\u0131 yapaca\u011f\u0131z. Bu zamandan itibaren, ilk kez i\u00e7ecek ve at\u0131\u015ft\u0131rmal\u0131klar sunaca\u011f\u0131z ve &#039;Konsey Kafesi&#039; ad\u0131 verilen yeni bir stil benimsedik,&quot; dedi Ba\u015fkan Nakamura. Toplant\u0131da milletvekili a\u00e7\u0131\u011f\u0131, milletvekili maa\u015flar\u0131, b\u00f6lgesel terfi kuponlar\u0131n\u0131n kullan\u0131m\u0131 gibi konular\u0131n ele al\u0131nmas\u0131yla ba\u015fland\u0131.<\/p>\n<figure class=\"wp-caption aligncenter\"><a href=\"https:\/\/photos.google.com\/share\/AF1QipOf0NXuJUp1VxEDQ4k8Y5TEmNJ1-t-DViS_ZJLfXlQx3crpGpJJR5MqZw50wWIeYA\/photo\/AF1QipMW2g3TDQBhQwwX30b2TyupH-weMbj82mXSaM4?key=LUFXY21lZGRwSGtEc2Q5c2NMYm13bkoyMnZJNFd3\" target=\"_blank\"><img decoding=\"async\" src=\"https:\/\/lh3.googleusercontent.com\/pw\/AP1GczP08qqtJy2ORdHVX8M_vgZIVnWb5QZIp9egzehw0isI4Pm3XRctr5XSMU9AbKWJU5wlj7Rubp5wUrVlRvKwhQM8wublnrbsQU0ta3J8nM9ek_dtrsVRztcoY2PFSQhyL12tIsbrZ2TL0X5fFZBlh4Cd=w2000-h1333-s-no-gm?authuser=0\" width=\"2000\" height=\"1333\" alt=\"\u0130ki grup halinde konu\u015fmak\" class=\"size-full\" \/><\/a><figcaption class=\"wp-caption-text\">\u0130ki grup halinde konu\u015fmak<\/figcaption><\/figure>\n<figure class=\"wp-caption aligncenter\"><a href=\"https:\/\/photos.google.com\/share\/AF1QipOf0NXuJUp1VxEDQ4k8Y5TEmNJ1-t-DViS_ZJLfXlQx3crpGpJJR5MqZw50wWIeYA\/photo\/AF1QipN6trMEKEOOTUtl780n2-g1gL1hYe10NuVb__o?key=LUFXY21lZGRwSGtEc2Q5c2NMYm13bkoyMnZJNFd3\" target=\"_blank\"><img decoding=\"async\" src=\"https:\/\/lh3.googleusercontent.com\/pw\/AP1GczM46MF9RuwdXI7ahsK4bszAyAmK6olNoj1pBsbx7gY197QbuoIfBhcKoh_QayR2hQ30csm1-GRM_MDT1qD4rwET8vbQU81vL5dVOXJzss32ql53l66jG-VH7OBfNRCSYswwFYa1P5_ozmwfukPh0gH7=w2000-h1333-s-no-gm?authuser=0\" width=\"2000\" height=\"1333\" alt=\"Grup tart\u0131\u015fmas\u0131\" class=\"size-full\" \/><\/a><figcaption class=\"wp-caption-text\">Grup tart\u0131\u015fmas\u0131<\/figcaption><\/figure>\n<h2>Hokuryu Kasaba Konseyi Raporlama Oturumu<\/h2>\n<p>Meclis raporu toplant\u0131s\u0131n\u0131n amac\u0131, meclis faaliyetleri hakk\u0131nda kasaba halk\u0131na rapor sunmak, onlardan \u00e7e\u015fitli g\u00f6r\u00fc\u015fler duymak, onlarla ileti\u015fim kurmak ve vatanda\u015flar\u0131n kasaba kalk\u0131nmas\u0131na aktif olarak kat\u0131l\u0131m\u0131n\u0131 sa\u011flamak i\u00e7in \u00e7al\u0131\u015fmakt\u0131r.<\/p>\n<h3>Meclis \u00dcyesi Kazuo Kimura&#039;n\u0131n Parlamento raporu<\/h3>\n<figure class=\"wp-caption aligncenter\"><a href=\"https:\/\/photos.google.com\/share\/AF1QipOf0NXuJUp1VxEDQ4k8Y5TEmNJ1-t-DViS_ZJLfXlQx3crpGpJJR5MqZw50wWIeYA\/photo\/AF1QipNYxZHSlnijyB_eDESWnaPh-tlL4ww5I89AOWI?key=LUFXY21lZGRwSGtEc2Q5c2NMYm13bkoyMnZJNFd3\" target=\"_blank\"><img decoding=\"async\" src=\"https:\/\/lh3.googleusercontent.com\/pw\/AP1GczNmfqjiJk3jmtyx1wgx8vVRVdsc_IjaA4SSOmnBNjIKTd3MSDY01DTtr8ONvr8XTui4PsICXDpGRLY5yuPlnKIT-wK5FwAesFRytZ-LZKGsqkauDSamyNOxjGuxJYIrkMJ8vLjWgftGU05A0SNPO3Ao=w2000-h1333-s-no-gm?authuser=0\" width=\"2000\" height=\"1333\" alt=\"Meclis \u00dcyesi Kimura&#039;n\u0131n Parlamento Faaliyetleri Hakk\u0131ndaki Raporu\" class=\"size-full\" \/><\/a><figcaption class=\"wp-caption-text\">Meclis \u00dcyesi Kimura&#039;n\u0131n Parlamento Faaliyetleri Hakk\u0131ndaki Raporu<\/figcaption><\/figure>\n<h4>\u00c7e\u015fitli komite faaliyetlerinin ve her komitenin \u00fcyelerinin tan\u0131t\u0131m\u0131<\/h4>\n<ul>\n<li>Raporda meclis faaliyetlerine ili\u015fkin bir y\u0131ll\u0131k rapor, her komitenin yapt\u0131\u011f\u0131 incelemeler, \u00e7e\u015fitli g\u00f6r\u00fc\u015fler, uygulama detaylar\u0131, denetimler, proje b\u00fct\u00e7eleri ve Hokuryu Kasabas\u0131 destek sistemi hakk\u0131nda bilgiler yer ald\u0131.<\/li>\n<li>Genel \u0130\u015fler ve Sanayi Daimi Komitesi (7 \u00fcye), Meclis Y\u00f6netimi Komitesi (4 \u00fcye), Halkla \u0130li\u015fkiler \u00d6zel Komitesi (5 \u00fcye), \u015eehir Planlama ve Di\u011fer Ara\u015ft\u0131rma Konular\u0131 \u00d6zel Komitesi (8 \u00fcye), Afet Haz\u0131rl\u0131\u011f\u0131 \u00d6zel Komitesi (8 \u00fcye), Denetim Komitesi (1 \u00fcye), Genel Konsey (8 \u00fcye), Hokuriku Kasabas\u0131nda Tar\u0131m\u0131n Gelece\u011fi \u00d6zel Komitesi (8 \u00fcye)<\/li>\n<\/ul>\n<h2>Parlamento Kafe ve G\u00f6r\u00fc\u015f De\u011fi\u015fim Toplant\u0131s\u0131<\/h2>\n<p>Bu g\u00f6r\u00fc\u015f al\u0131\u015fveri\u015fi, kat\u0131l\u0131mc\u0131lar\u0131n iki gruba ayr\u0131lmas\u0131yla, tart\u0131\u015fma a\u011f\u0131rl\u0131kl\u0131 bir konferans format\u0131nda ger\u00e7ekle\u015ftirildi. Konu\u015fmac\u0131, &quot;Konu\u015fan Nesne (TO)&quot; ad\u0131 verilen k\u00fc\u00e7\u00fck bir doldurulmu\u015f hayvan\u0131 tutarak konu\u015fur. Her ki\u015fi konu\u015fmas\u0131n\u0131 bitirince &quot;Kime&quot;yi bir sonraki ki\u015fiye verir ve tart\u0131\u015fma s\u0131rayla devam eder.<\/p>\n<figure class=\"wp-caption aligncenter\"><a href=\"https:\/\/photos.google.com\/share\/AF1QipOf0NXuJUp1VxEDQ4k8Y5TEmNJ1-t-DViS_ZJLfXlQx3crpGpJJR5MqZw50wWIeYA\/photo\/AF1QipNNTCjjcAQ4qBtpjK0bCWdaZVLJ2fAyTPDgFZA?key=LUFXY21lZGRwSGtEc2Q5c2NMYm13bkoyMnZJNFd3\" target=\"_blank\"><img decoding=\"async\" src=\"https:\/\/lh3.googleusercontent.com\/pw\/AP1GczOaGIvWIgvVOcNrkrmQGbVMlX_i7v7lZAxvlByM53V5UIJqkqNmTC3iUgV5EG_IQOajCpiloG-ZhJht65QTgA-VAN9flDhNUE30yfU_yp0TtDOIquajSwLokaoFgpPUcMdtF25Z1ugCt0P2rO1UWjDK=w2000-h1333-s-no-gm?authuser=0\" width=\"2000\" height=\"1333\" alt=\"Konu\u015fan Nesneyi (TO) d\u00f6nd\u00fcrerek fikir al\u0131\u015fveri\u015finde bulunun\" class=\"size-full\" \/><\/a><figcaption class=\"wp-caption-text\">Konu\u015fan Nesneyi (TO) d\u00f6nd\u00fcrerek fikir al\u0131\u015fveri\u015finde bulunun<\/figcaption><\/figure>\n<p>\u00dc\u00e7 tema belirlenir ve her grup her temay\u0131 yakla\u015f\u0131k 20 dakika boyunca tart\u0131\u015f\u0131r (her ki\u015fiye yakla\u015f\u0131k 3 dakika verilir) (konu\u015fma s\u00fcresi), ard\u0131ndan her gruptan bir temsilci g\u00f6r\u00fc\u015flerini \u00f6zetleyip sunar ve herkes tart\u0131\u015fmalar\u0131n\u0131n i\u00e7eri\u011fini payla\u015f\u0131r (payla\u015f\u0131m s\u00fcresi).<\/p>\n<p>Her konu ba\u015fl\u0131\u011f\u0131n\u0131n g\u00f6r\u00fc\u015f\u00fclmesine ge\u00e7ilmeden \u00f6nce milletvekilleri a\u00e7\u0131klamalarda bulundu.<\/p>\n<figure class=\"wp-caption aligncenter\"><a href=\"https:\/\/photos.google.com\/share\/AF1QipOf0NXuJUp1VxEDQ4k8Y5TEmNJ1-t-DViS_ZJLfXlQx3crpGpJJR5MqZw50wWIeYA\/photo\/AF1QipOtJAamKpNnTszX9bIQSRx3ASyRwewitZJv9wU?key=LUFXY21lZGRwSGtEc2Q5c2NMYm13bkoyMnZJNFd3\" target=\"_blank\"><img decoding=\"async\" src=\"https:\/\/lh3.googleusercontent.com\/pw\/AP1GczMF0XaVncavBdZgK6Lxd3XgK-7ZSKRruD68QNWZcmwcPDo-ktOp61RDv-R3Ms-0KMDh_e9Roa-HtxGJn4u3vryrDNc1icpeQQfLwqnHv7l_cCU9iQ2rSgTycicfpEspRW862EORsoKxjEToGBT0QzB1=w2000-h1333-s-no-gm?authuser=0\" width=\"2000\" height=\"1333\" alt=\"Fikirlerin \u00f6zg\u00fcr ve kolay bir \u015fekilde payla\u015f\u0131lmas\u0131\" class=\"size-full\" \/><\/a><figcaption class=\"wp-caption-text\">Fikirlerin \u00f6zg\u00fcr ve kolay bir \u015fekilde payla\u015f\u0131lmas\u0131<\/figcaption><\/figure>\n<h3>1. Yerel toplu ta\u015f\u0131ma ile ilgili olarak: Belediye Meclisi \u00dcyesi Manabu Okino<\/h3>\n<p>Mart 2022&#039;de Sorachi Chuo Otob\u00fcs Kitary\u016b Takikawa Hatt\u0131 hizmet d\u0131\u015f\u0131 b\u0131rak\u0131ld\u0131 ve Nisan ay\u0131nda Takikawa Fukagawa b\u00f6lgesine eri\u015fim sa\u011flamak i\u00e7in \u015fehir i\u00e7i otob\u00fcs Kitary\u016b Meiseiushi Hatt\u0131 hizmete a\u00e7\u0131ld\u0131.<\/p>\n<p>Kitary\u016b&#039;dan kalkan d\u00f6rt, Imobeushi&#039;den d\u00f6nen \u00fc\u00e7 otob\u00fcs var ve bize hem tarifeli hem de rezerve otob\u00fcsler hakk\u0131nda bilgi verildi, ayr\u0131ca otob\u00fcs \u00fccretleri ve \u00f6\u011frenci banliy\u00f6 kart\u0131 \u00fccretleri hakk\u0131nda da bilgi verildi. Ayr\u0131ca, il\u00e7ede kullan\u0131lan dolmu\u015f ve okul servislerinin kullan\u0131c\u0131 say\u0131lar\u0131 ve \u00fccretleri hakk\u0131nda da a\u00e7\u0131klamalarda bulunuldu.<\/p>\n<figure class=\"wp-caption aligncenter\"><a href=\"https:\/\/photos.google.com\/share\/AF1QipOf0NXuJUp1VxEDQ4k8Y5TEmNJ1-t-DViS_ZJLfXlQx3crpGpJJR5MqZw50wWIeYA\/photo\/AF1QipOainEjxwA4jhx3pUMCdeinTABbaafxwoqr4Jk?key=LUFXY21lZGRwSGtEc2Q5c2NMYm13bkoyMnZJNFd3\" target=\"_blank\"><img decoding=\"async\" src=\"https:\/\/lh3.googleusercontent.com\/pw\/AP1GczMW5YczLOg7Xm0msaxt1nHWc2EyMQil8FHWpPN3hj5mhL8GQ3NldSEVsR8btV9Ez6oGI6dl9Lr9OyEXQ4FBj0DvjMuMrdrGLwJjUQuEBkThi8zkrkIIYeH9Za-c9TxCkpcKns6RHQ9CIB8VA7HJ2bds=w2000-h1333-s-no-gm?authuser=0\" width=\"2000\" height=\"1333\" alt=\"Belediye Meclisi \u00dcyesi Okino&#039;dan a\u00e7\u0131klama\" class=\"size-full\" \/><\/a><figcaption class=\"wp-caption-text\">Belediye Meclisi \u00dcyesi Okino&#039;dan a\u00e7\u0131klama<\/figcaption><\/figure>\n<h4>Konu\u015fma Zaman\u0131<\/h4>\n<figure class=\"wp-caption aligncenter\"><a href=\"https:\/\/photos.google.com\/share\/AF1QipOf0NXuJUp1VxEDQ4k8Y5TEmNJ1-t-DViS_ZJLfXlQx3crpGpJJR5MqZw50wWIeYA\/photo\/AF1QipMLU8Ejh4SjZelOkuMXuzV1ccTJcPfA-0x9UIM?key=LUFXY21lZGRwSGtEc2Q5c2NMYm13bkoyMnZJNFd3\" target=\"_blank\"><img decoding=\"async\" src=\"https:\/\/lh3.googleusercontent.com\/pw\/AP1GczPnKf-LeFMp5fYCn2p_JF9olfw2UYy9M0Vgp5uPxeFMx2ukNGaNw_y5zPV8sfoOSxzMaUvYuQK_rQ6CSHpHhoF7MuQ9PpAuViaHTkIxi0JOEnKY5UR_Y1FsxR496vdLuWrgjPjWhlJZvPn5Igmv35Pl=w2000-h1333-s-no-gm?authuser=0\" width=\"2000\" height=\"1333\" alt=\"Kendi g\u00f6r\u00fc\u015flerini payla\u015f\u0131rken. . .\" class=\"size-full\" \/><\/a><figcaption class=\"wp-caption-text\">Kendi g\u00f6r\u00fc\u015flerini payla\u015f\u0131rken. . .<\/figcaption><\/figure>\n<figure class=\"wp-caption aligncenter\"><a href=\"https:\/\/photos.google.com\/share\/AF1QipOf0NXuJUp1VxEDQ4k8Y5TEmNJ1-t-DViS_ZJLfXlQx3crpGpJJR5MqZw50wWIeYA\/photo\/AF1QipPwOy1fIxup12SskRlNlS3kI_EQf2fETvfzyBs?key=LUFXY21lZGRwSGtEc2Q5c2NMYm13bkoyMnZJNFd3\" target=\"_blank\"><img decoding=\"async\" src=\"https:\/\/lh3.googleusercontent.com\/pw\/AP1GczNElYXgGQQwsTi0WyWkDAxhTJ0GgECiwtLEAx6IWC_8iEwa6O5FBMnzdSTTUCpELi1i7XdUFm9AuOqZgc8YnZHli-5JZxOvgRHvYdBaa5zin12sjWzzV5z5-UsOV-c7c9gqVu3h7a9OtmVh4JGOslsn=w2000-h1333-s-no-gm?authuser=0\" width=\"2000\" height=\"1333\" alt=\"Canl\u0131 bir fikir al\u0131\u015fveri\u015fi. . .\" class=\"size-full\" \/><\/a><figcaption class=\"wp-caption-text\">Canl\u0131 bir fikir al\u0131\u015fveri\u015fi. . .<\/figcaption><\/figure>\n<h4>Payla\u015f\u0131m Zaman\u0131<\/h4>\n<p><strong>A Grubu<\/strong><\/p>\n<ul>\n<li>Fukagawa \u015eehir Hastanesi&#039;ne direkt u\u00e7u\u015f istiyorum.<\/li>\n<li>\u015eu anda lise \u00f6\u011frencilerinin kul\u00fcp faaliyetlerine ve yar\u0131 zamanl\u0131 i\u015flere gidi\u015f geli\u015flerini sa\u011flamaktan veliler sorumlu.<\/li>\n<li>Toplu ta\u015f\u0131ma ara\u00e7lar\u0131n\u0131n yetersizli\u011finin Himawari no Sato&#039;ya turist ula\u015f\u0131m\u0131n\u0131 da etkilemesi muhtemel.<\/li>\n<\/ul>\n<p><strong>B Grubu<\/strong><\/p>\n<ul>\n<li>\u015eu anda Imobeushi otob\u00fcs dura\u011f\u0131nda bekleme s\u00fcresi sorun te\u015fkil ediyor. \u00c7ocuklar\u0131m\u0131n okula rahat bir \u015fekilde ula\u015fmas\u0131n\u0131 istiyorum.<\/li>\n<li>Sabah okula hi\u00e7 mola vermeden direkt giden bir otob\u00fcs nas\u0131l olurdu?<\/li>\n<li>Taksiler, kullanabilece\u011finiz saat ve g\u00fcn k\u0131s\u0131tlamalar\u0131 nedeniyle elveri\u015fsizdir.<\/li>\n<li>Ya\u015fl\u0131lar i\u00e7in, \u00e7o\u011funlukla hastaneye gitmek i\u00e7in kullan\u0131labilecek ancak al\u0131\u015fveri\u015f vb. ama\u00e7larla da kullan\u0131labilecek ara\u00e7 payla\u015f\u0131m\u0131n\u0131 neden d\u00fc\u015f\u00fcnm\u00fcyorsunuz?<\/li>\n<li>Yolculuk payla\u015f\u0131m\u0131n\u0131n getirilmesi sigorta d\u00fczenlemeleri gerektiriyor, peki kasaba destek sa\u011flayabilir ve g\u00f6n\u00fcll\u00fc bir grup olu\u015fturabilir mi?<\/li>\n<\/ul>\n<figure class=\"wp-caption aligncenter\"><a href=\"https:\/\/photos.google.com\/share\/AF1QipOf0NXuJUp1VxEDQ4k8Y5TEmNJ1-t-DViS_ZJLfXlQx3crpGpJJR5MqZw50wWIeYA\/photo\/AF1QipOVGqg4NH6cuR1kDaZduJuT3iuTMGfk_ZWJOak?key=LUFXY21lZGRwSGtEc2Q5c2NMYm13bkoyMnZJNFd3\" target=\"_blank\"><img decoding=\"async\" src=\"https:\/\/lh3.googleusercontent.com\/pw\/AP1GczPhMSNkyTq76ODrotbAQrDy2oJbMm5WcjG0LZA_qxpG66WZj1LM-fNwKft3mXPD4IJgxhHUSxIjgCF6GchrFpNSVhRuQJ5ExFK2MMwJKWHmyF7V0Tb1GbPsYMKxE7P7RwKv6162fIm7kcvyiZDbFbTf=w2000-h1333-s-no-gm?authuser=0\" width=\"2000\" height=\"1333\" alt=\"Payla\u015f\u0131m Zaman\u0131\" class=\"size-full\" \/><\/a><figcaption class=\"wp-caption-text\">Payla\u015f\u0131m Zaman\u0131<\/figcaption><\/figure>\n<h3>2. Okul ve di\u011fer karma\u015f\u0131k tesislerle ilgili olarak: Meclis \u00dcyesi Yoshiko Hayashi<\/h3>\n<p>Hokuryu Kasabas\u0131&#039;ndaki okul e\u011fitiminin temel felsefesi &quot;okul e\u011fitim ortam\u0131n\u0131 iyile\u015ftirmeye \u00e7al\u0131\u015fmak ve \u00e7ocuklar\u0131n hayallerine ve hedeflerine ula\u015fmak i\u00e7in ihtiya\u00e7 duyduklar\u0131 ya\u015fam becerilerini geli\u015ftirebilecekleri, bireyselli\u011fe ve \u00e7e\u015fitlili\u011fe sayg\u0131 duyarak gelece\u011fe do\u011fru yol alabilecekleri, toplumla uyum i\u00e7inde bir okul yaratmay\u0131 hedeflemektir.&quot;<\/p>\n<p>Kitary\u016b Kasabas\u0131 \u015fu anda ilkokuldan ortaokula kadar zorunlu e\u011fitime odaklanan bir okul kompleksi geli\u015ftirmek i\u00e7in \u00e7al\u0131\u015f\u0131yor ve 2029 mali y\u0131l\u0131nda a\u00e7\u0131lmas\u0131 hedefleniyor.<\/p>\n<p>Bir inceleme komitesi kuruldu ve \u015eubat-Aral\u0131k 2024 aras\u0131nda toplam be\u015f toplant\u0131 yap\u0131ld\u0131. Plan, kasaba halk\u0131yla yap\u0131lan anketler, halk toplant\u0131lar\u0131 ve ilkokul ve ortaokul \u00f6\u011fretmenleri ve personeliyle yap\u0131lacak g\u00f6r\u00fc\u015fmeler yoluyla derlenecek.<\/p>\n<p>Hokuryu Kasabas\u0131 Okul E\u011fitimi Temel Politikas\u0131 ve Karma\u015f\u0131k Tesisler Temel Plan\u0131 tasla\u011f\u0131na ili\u015fkin kamuoyunun yorumlar\u0131 10 \u015eubat Pazartesi&#039;den 28 \u015eubat Cuma 2025&#039;e kadar toplan\u0131yor.<\/p>\n<figure class=\"wp-caption aligncenter\"><a href=\"https:\/\/photos.google.com\/share\/AF1QipOf0NXuJUp1VxEDQ4k8Y5TEmNJ1-t-DViS_ZJLfXlQx3crpGpJJR5MqZw50wWIeYA\/photo\/AF1QipOWfEVKa7H3S5QIsxT6JYdgTravhICqr1VWJzY?key=LUFXY21lZGRwSGtEc2Q5c2NMYm13bkoyMnZJNFd3\" target=\"_blank\"><img decoding=\"async\" src=\"https:\/\/lh3.googleusercontent.com\/pw\/AP1GczN130fHX5qaPjZMafVA61vz88z8PfdHtosfm99I7lmB1PsT19kC6H5BZqIomBWr-Rjqr7z2LqOsstNVmhxxtrwRIc6M4rkPaEAl_Wll-fTfoPtzfPNaDlLbIDQpacPQrojj5XNLfQ6_yNUVfpG5FUqM=w2000-h1333-s-no-gm?authuser=0\" width=\"2000\" height=\"1333\" alt=\"Meclis \u00dcyesi Yoshiko Hayashi&#039;nin A\u00e7\u0131klamas\u0131\" class=\"size-full\" \/><\/a><figcaption class=\"wp-caption-text\">Meclis \u00dcyesi Yoshiko Hayashi&#039;nin A\u00e7\u0131klamas\u0131<\/figcaption><\/figure>\n<h4>Konu\u015fma Zaman\u0131<\/h4>\n<figure class=\"wp-caption aligncenter\"><a href=\"https:\/\/photos.google.com\/share\/AF1QipOf0NXuJUp1VxEDQ4k8Y5TEmNJ1-t-DViS_ZJLfXlQx3crpGpJJR5MqZw50wWIeYA\/photo\/AF1QipMLU8Ejh4SjZelOkuMXuzV1ccTJcPfA-0x9UIM?key=LUFXY21lZGRwSGtEc2Q5c2NMYm13bkoyMnZJNFd3\" target=\"_blank\"><img decoding=\"async\" src=\"https:\/\/lh3.googleusercontent.com\/pw\/AP1GczPnKf-LeFMp5fYCn2p_JF9olfw2UYy9M0Vgp5uPxeFMx2ukNGaNw_y5zPV8sfoOSxzMaUvYuQK_rQ6CSHpHhoF7MuQ9PpAuViaHTkIxi0JOEnKY5UR_Y1FsxR496vdLuWrgjPjWhlJZvPn5Igmv35Pl=w2000-h1333-s-no-gm?authuser=0\" width=\"2000\" height=\"1333\" alt=\"\u00d6zg\u00fcr fikir al\u0131\u015fveri\u015fi\" class=\"size-full\" \/><\/a><figcaption class=\"wp-caption-text\">\u00d6zg\u00fcr fikir al\u0131\u015fveri\u015fi<\/figcaption><\/figure>\n<h4>Payla\u015f\u0131m Zaman\u0131<\/h4>\n<figure class=\"wp-caption aligncenter\"><a href=\"https:\/\/photos.google.com\/share\/AF1QipOf0NXuJUp1VxEDQ4k8Y5TEmNJ1-t-DViS_ZJLfXlQx3crpGpJJR5MqZw50wWIeYA\/photo\/AF1QipNiQKIAmzQiCfIT2ZfASHO40GUcdWysHLVVVsM?key=LUFXY21lZGRwSGtEc2Q5c2NMYm13bkoyMnZJNFd3\" target=\"_blank\"><img decoding=\"async\" src=\"https:\/\/lh3.googleusercontent.com\/pw\/AP1GczOWC3mxuE-KKUaxos3xX-8hFvIcnxkCrbhA1qWZuYgb9fYNRgXb3lfeNtI8SSnlZm0IvGkqCTu9tUnUuQ2CeVAw1PakQVqDrAILUfTdzM_8tuNUxdvbSuFrkjAJd8AdP8BZ90nSgYJghsYy0dKXWZiY=w2000-h1333-s-no-gm?authuser=0\" width=\"2000\" height=\"1333\" alt=\"Payla\u015f\u0131m Zaman\u0131\" class=\"size-full\" \/><\/a><figcaption class=\"wp-caption-text\">Payla\u015f\u0131m Zaman\u0131<\/figcaption><\/figure>\n<p><strong>A Grubu<\/strong><\/p>\n<ul>\n<li>Dokuz y\u0131ll\u0131k program nerede sonlanmal\u0131? \u00d6\u011frenciler, &quot;6-3&quot; ve &quot;4-3-2&quot; sistemleri nedeniyle okul y\u00f6netiminin ve s\u0131n\u0131f d\u00fczeninin de\u011fi\u015fece\u011fini d\u00fc\u015f\u00fcn\u00fcyor.<\/li>\n<li>Gen\u00e7 anneler ve \u00e7ocuklar i\u00e7in bir yer istiyorum. \u015eu anda anaokulunun otopark alan\u0131 olmas\u0131 nedeniyle uzun s\u00fcre kalmak zor.<\/li>\n<li>\u015eu anda \u00e7ocuklar okuldan okul sonras\u0131 bak\u0131ma, okuldan da eve gidiyorlar. Okul sonras\u0131 bak\u0131m hizmeti yaln\u0131zca \u00fc\u00e7\u00fcnc\u00fc s\u0131n\u0131fa kadar olan \u00e7ocuklar i\u00e7in mevcut oldu\u011fundan, d\u00f6rd\u00fcnc\u00fc s\u0131n\u0131f ve \u00fczeri \u00e7ocuklar okul ile ev aras\u0131nda gidip gelmek zorunda kal\u0131yor. Yerel bir g\u00f6n\u00fcll\u00fc gibi, ebeveynleri eve gelene kadar yakla\u015f\u0131k iki saat boyunca \u00e7ocuklara bakabilecek birinin oldu\u011fu bir sistemin olmas\u0131 iyi olurdu.<\/li>\n<li>\u00c7ocuklar\u0131n ve kasaba halk\u0131n\u0131n vakit ge\u00e7irebilece\u011fi bir yer olmas\u0131 g\u00fczel olurdu. Yerel halk\u0131n \u00e7ocuklar\u0131n derslerine yard\u0131mc\u0131 olabilece\u011fi, \u015fogi oynayabilece\u011fi, ya\u015f veya s\u0131n\u0131f d\u00fczeyine bak\u0131lmaks\u0131z\u0131n \u00e7ocuklarla konu\u015fabilece\u011fi bir yer olmas\u0131 iyi olurdu.<\/li>\n<\/ul>\n<p><strong>B Grubu<\/strong><\/p>\n<ul>\n<li>Eski ortaokul arazisinin kamp alan\u0131 olarak kullan\u0131lmas\u0131 da planlar aras\u0131nda.<\/li>\n<li>\u00c7ocuklar\u0131n ve yeti\u015fkinlerin etkile\u015fimde bulunabilece\u011fi bir yer olmas\u0131 g\u00fczel olurdu.<\/li>\n<\/ul>\n<h4>Referans bilgileri<\/h4>\n<div class=\"img-move\">\n<strong><a href=\"https:\/\/www.nippon-foundation.or.jp\/what\/projects\/child-third-place\/\" target=\"_blank\">\u2742 \u00c7ocuklar \u00dc\u00e7\u00fcnc\u00fcs\u00fc [Nippon Vakf\u0131]<\/a>\u3000\u3000<a href=\"https:\/\/www.bgf.or.jp\/activity\/daisan-ibasho\/top.html\" target=\"_blank\">\u2742 \u00c7ocuklar \u00dc\u00e7\u00fcnc\u00fcs\u00fc [B&amp;G Vakf\u0131]<\/a><\/strong>\n<\/div>\n<h4>3. Himawari-no-Sato&#039;daki otopark \u00fccretinin toplanmas\u0131yla ilgili olarak: Belediye Meclisi \u00dcyesi Masato Sawada<\/h4>\n<p>Yakla\u015f\u0131k d\u00f6rt y\u0131l \u00f6nce bir dan\u0131\u015fman, Himawari no Sato&#039;nun gelece\u011fini ulusal olarak desteklenen bir proje olarak \u00f6nermi\u015fti ve kasabal\u0131lar\u0131n da i\u00e7inde bulundu\u011fu bir komite konuyu de\u011ferlendiriyordu.<\/p>\n<p>Kitary\u016b Kasabas\u0131&#039;n\u0131n gelece\u011fine bakan b\u00fcy\u00fck bir plan. Kentin gelece\u011fi a\u00e7\u0131s\u0131ndan, azalan n\u00fcfusu da dikkate alan b\u00f6lgesel kalk\u0131nma tedbirlerine ihtiya\u00e7 duyuluyor.<\/p>\n<p>Turist say\u0131s\u0131n\u0131 art\u0131rman\u0131n yollar\u0131 hakk\u0131nda ay\u00e7i\u00e7e\u011fi konusunu ele alarak serbest bir tart\u0131\u015fma yapt\u0131k. Geni\u015f bir yelpazedeki g\u00f6r\u00fc\u015fleri toplayaca\u011f\u0131z ve bunlar\u0131 kasaban\u0131n politikalar\u0131na yans\u0131taca\u011f\u0131z. Turizmin tan\u0131t\u0131m\u0131 konu\u015fuluyor ama hen\u00fcz somut bir karar al\u0131nmad\u0131.<\/p>\n<figure class=\"wp-caption aligncenter\"><a href=\"https:\/\/photos.google.com\/share\/AF1QipOf0NXuJUp1VxEDQ4k8Y5TEmNJ1-t-DViS_ZJLfXlQx3crpGpJJR5MqZw50wWIeYA\/photo\/AF1QipNQ84UBJBVaLkXpteAxWWIaCPV_37riOaXMK9g?key=LUFXY21lZGRwSGtEc2Q5c2NMYm13bkoyMnZJNFd3\" target=\"_blank\"><img decoding=\"async\" src=\"https:\/\/lh3.googleusercontent.com\/pw\/AP1GczPtw5juJaM7UGALKKCi5WFVf3rrEI9UNL5UowAkZTIKJiiR874_CaDHRHD7y-ibQWPWpKNXicUlITfJSPe5sUitUVheV5HCkhaBctSyqfqoHEPp9GioVBxzNhqQIB29_o8uLMipWEt-jkjxhYmx_lQ4=w2000-h1333-s-no-gm?authuser=0\" width=\"2000\" height=\"1333\" alt=\"Meclis \u00dcyesi Masato Sawada&#039;n\u0131n a\u00e7\u0131klamas\u0131\" class=\"size-full\" \/><\/a><figcaption class=\"wp-caption-text\">Meclis \u00dcyesi Masato Sawada&#039;n\u0131n a\u00e7\u0131klamas\u0131<\/figcaption><\/figure>\n<h4>Konu\u015fma Zaman\u0131<\/h4>\n<figure class=\"wp-caption aligncenter\"><a href=\"https:\/\/photos.google.com\/share\/AF1QipOf0NXuJUp1VxEDQ4k8Y5TEmNJ1-t-DViS_ZJLfXlQx3crpGpJJR5MqZw50wWIeYA\/photo\/AF1QipPTItmA62LQJSdyQNdU0TH1N33x534h2jcu4z4?key=LUFXY21lZGRwSGtEc2Q5c2NMYm13bkoyMnZJNFd3\" target=\"_blank\"><img decoding=\"async\" src=\"https:\/\/lh3.googleusercontent.com\/pw\/AP1GczNe66j23Hmt7SzqUEvdVQB9zRHkNdXTJuGr8e1YVhUj0_Dd3FiOUVR7QCZcvEbd6Z9fM8ojR8or6_zJhvJ3J21Z1HRNdqCoH3CGe4W9iRdXpNEriscLnzgjGpOGVGLG32b1eK80hTNL6UvMZX3X3jKF=w2000-h1500-s-no-gm?authuser=0\" width=\"2000\" height=\"1500\" alt=\"Samimi ve e\u011flenceli bir ortam. . .\" class=\"size-full\" \/><\/a><figcaption class=\"wp-caption-text\">Samimi ve e\u011flenceli bir ortam. . .<\/figcaption><\/figure>\n<h4>Payla\u015f\u0131m Zaman\u0131<\/h4>\n<p><strong>A Grubu<\/strong><\/p>\n<ul>\n<li>Otopark \u00fccretlerinin toplanmas\u0131nda bir sorun var gibi g\u00f6r\u00fcn\u00fcyor. Tahsilat s\u00fcresini k\u0131saltmak i\u00e7in bir jeton (500 yen) \u00fccret al\u0131nmas\u0131 daha iyi olacakt\u0131r. Peki ya karavanlar? Giri\u015f \u00fccreti al\u0131yorsan\u0131z ziyaret\u00e7ilere baz\u0131 \u00f6zel avantajlar sa\u011flaman\u0131z gerekiyor mu?<\/li>\n<\/ul>\n<p><strong>B Grubu<\/strong><\/p>\n<ul>\n<li>Ay\u00e7i\u00e7e\u011fi K\u00f6y\u00fc&#039;n\u00fcn y\u0131ll\u0131k i\u015fletme maliyeti yakla\u015f\u0131k 30 milyon yen&#039;dir. Gelirlerin az da olsa art\u0131r\u0131lmas\u0131 i\u00e7in g\u00f6r\u00fc\u015fmeler yap\u0131l\u0131yor.<\/li>\n<li>Acaba \u015fu anki ay\u00e7i\u00e7e\u011fi \u00e7e\u015fidinden daha g\u00fczel bir ay\u00e7i\u00e7e\u011fi \u00e7e\u015fidine mi bakmal\u0131y\u0131z?<\/li>\n<li>Ay\u00e7i\u00e7e\u011fi Festivali s\u0131cak yaz aylar\u0131nda yap\u0131l\u0131yor, peki g\u00f6lgelik ormanlardaki \u00e7al\u0131l\u0131klar\u0131 keserek dinlenme alanlar\u0131n\u0131n say\u0131s\u0131n\u0131 art\u0131rmaya ne dersiniz?<\/li>\n<\/ul>\n<figure class=\"wp-caption aligncenter\"><a href=\"https:\/\/photos.google.com\/share\/AF1QipOf0NXuJUp1VxEDQ4k8Y5TEmNJ1-t-DViS_ZJLfXlQx3crpGpJJR5MqZw50wWIeYA\/photo\/AF1QipNHbiSlp72WnVPYQoMq4MTVvbgCuiP3b-hIlNU?key=LUFXY21lZGRwSGtEc2Q5c2NMYm13bkoyMnZJNFd3\" target=\"_blank\"><img decoding=\"async\" src=\"https:\/\/lh3.googleusercontent.com\/pw\/AP1GczOAr2KAgGP_eN5KFshfO6C2ERbDT8kLJivRpO85TB-IVhoCBQPWsuXOJnMSnTTY2WNIB-mVsg-FIMMBbc_BfZwtl4kamlZQS-xwV8qrq0rkYj71D1IuF5dWsT6-zFQ0xySfZkOAGzpxJaGzFZfHgw64=w2000-h1333-s-no-gm?authuser=0\" width=\"2000\" height=\"1333\" alt=\"Payla\u015f\u0131m Zaman\u0131\" class=\"size-full\" \/><\/a><figcaption class=\"wp-caption-text\">Payla\u015f\u0131m Zaman\u0131<\/figcaption><\/figure>\n<h3>Tsutomu Sakamoto&#039;nun (Hokuryu Kasabas\u0131 Ay\u00e7i\u00e7e\u011fi Turizm Derne\u011fi&#039;nin eski ba\u015fkan\u0131 ve Hokuryu Kasabas\u0131 Konseyi&#039;nin eski \u00fcyesi) yorumlar\u0131<\/h3>\n<figure class=\"wp-caption aligncenter\"><a href=\"https:\/\/photos.google.com\/share\/AF1QipOf0NXuJUp1VxEDQ4k8Y5TEmNJ1-t-DViS_ZJLfXlQx3crpGpJJR5MqZw50wWIeYA\/photo\/AF1QipN2ky76LE2xY7TEAUcoZajeVLslrFZd16YPqaA?key=LUFXY21lZGRwSGtEc2Q5c2NMYm13bkoyMnZJNFd3\" target=\"_blank\"><img decoding=\"async\" src=\"https:\/\/lh3.googleusercontent.com\/pw\/AP1GczNeNmO5pmHS_1-NihhD9AWNbFgmW4CgQDBg7rFYW1t_JzVgpvgpHbRnuWeozjymZLA6NzLThptj4nRHi7hm-kmDjBp_wj7x4hwXlAxBcwvIhC53qR5gik2SoE1jGU03FnPsi8AiBpjQTHVq0xd5T1A1=w2000-h1333-s-no-gm?authuser=0\" width=\"2000\" height=\"1333\" alt=\"Tsutomu Sakamoto&#039;nun yorumlar\u0131\" class=\"size-full\" \/><\/a><figcaption class=\"wp-caption-text\">Tsutomu Sakamoto&#039;nun yorumlar\u0131<\/figcaption><\/figure>\n<p>&quot;Bu Parlamento Raporunun &#039;Parlamento Kafesi&#039; \u015feklinde d\u00fczenlenmesinden ve \u00e7ok ilgi \u00e7ekici bir konferans olmas\u0131ndan memnunum. B\u00fcy\u00fck bir de\u011fi\u015fim \u00e7a\u011f\u0131nda ya\u015f\u0131yoruz ve h\u00fck\u00fcmet benzeri g\u00f6r\u00fclmemi\u015f mali zorluklarla kar\u015f\u0131 kar\u015f\u0131ya ve Parlamento \u00fcyelerinin bir\u00e7ok zorlukla kar\u015f\u0131 kar\u015f\u0131ya oldu\u011funa inan\u0131yorum.<\/p>\n<p>Okulun tesis plan\u0131 da m\u00fckemmel. \u00c7ok b\u00fcy\u00fck bir b\u00fct\u00e7e olacak gibi g\u00f6r\u00fcn\u00fcyor. Tsutomu Sakamoto, &quot;\u015eu anda ele almam\u0131z gereken en \u00f6nemli konu, kasabam\u0131z\u0131n hayatta kalmas\u0131 ve hepimizin bir araya gelerek \u00e7e\u015fitli sorunlar\u0131 ele almas\u0131d\u0131r&quot; diyor.<\/p>\n<h2>Bay Nobuaki Teragaki&#039;den te\u015fekk\u00fcr mesaj\u0131<\/h2>\n<figure class=\"wp-caption aligncenter\"><a href=\"https:\/\/photos.google.com\/share\/AF1QipOf0NXuJUp1VxEDQ4k8Y5TEmNJ1-t-DViS_ZJLfXlQx3crpGpJJR5MqZw50wWIeYA\/photo\/AF1QipMAaHNRo0z9H7ZdNASikfApAubyQM442xc8UvU?key=LUFXY21lZGRwSGtEc2Q5c2NMYm13bkoyMnZJNFd3\" target=\"_blank\"><img decoding=\"async\" src=\"https:\/\/lh3.googleusercontent.com\/pw\/AP1GczP_0Njzvre8bAnZsjPWZuezAtqEVO3HaAPlFSY7uxHqS1C8ot0wsDnRkoUZxB4jlw9c1Xpz-czGp1IJfE5hQ82oXR4WaidzrNdoGu2KJew2ob0rP7M4qUVnT4MpaMm_8k327fic5b6DrujWJhdpWnKB=w2000-h1333-s-no-gm?authuser=0\" width=\"2000\" height=\"1333\" alt=\"Belediye Meclisi \u00dcyesi Teragaki&#039;den te\u015fekk\u00fcr mesaj\u0131\" class=\"size-full\" \/><\/a><figcaption class=\"wp-caption-text\">Belediye Meclisi \u00dcyesi Teragaki&#039;den te\u015fekk\u00fcr mesaj\u0131<\/figcaption><\/figure>\n<p>&quot;Uzun s\u00fcredir kat\u0131l\u0131m g\u00f6steren t\u00fcm kasaba halk\u0131na te\u015fekk\u00fcr etmek istiyoruz.<\/p>\n<p>2025 y\u0131l\u0131nda milletvekillerinin raporlar\u0131n\u0131 sundu\u011fu ilk &quot;Milletvekilleri Kafe&quot;mizi d\u00fczenledik. Bu benim ilk denemem oldu\u011fu i\u00e7in biraz \u00e7ekinerek ilerledim.<\/p>\n<p>Son olarak toplant\u0131y\u0131 birka\u00e7 s\u00f6z daha isteyerek kapatmak istiyorum&quot; dedi Belediye Meclisi \u00dcyesi Nobuaki Teragaki.<\/p>\n<h2>Keiko Ozaki, Ba\u015fkan Yard\u0131mc\u0131s\u0131 ve Genel Yorumcu<\/h2>\n<figure class=\"wp-caption aligncenter\"><a href=\"https:\/\/photos.google.com\/share\/AF1QipOf0NXuJUp1VxEDQ4k8Y5TEmNJ1-t-DViS_ZJLfXlQx3crpGpJJR5MqZw50wWIeYA\/photo\/AF1QipOQ1dcF49OvLKS0LMUuDnKrmj1f91eqpW4IFes?key=LUFXY21lZGRwSGtEc2Q5c2NMYm13bkoyMnZJNFd3\" target=\"_blank\"><img decoding=\"async\" src=\"https:\/\/lh3.googleusercontent.com\/pw\/AP1GczPRTYAht4j9X6JypaaRASyQK0lMTjYjgiX5vnREKCBik1UaXyBfOgDGgJFzfu1XO8xfdy0rZFgQGyfbWN8pxktZfwrU06utQOXTzErQ5qbypBSsXze6XxPxalHmKj1fWX97tXJw8VpE0JnKl1v9Tx7v=w2000-h1333-s-no-gm?authuser=0\" width=\"2000\" height=\"1333\" alt=\"Ba\u015fkan Yard\u0131mc\u0131s\u0131 Keiko Ozaki&#039;nin genel yorumlar\u0131\" class=\"size-full\" \/><\/a><figcaption class=\"wp-caption-text\">Ba\u015fkan Yard\u0131mc\u0131s\u0131 Keiko Ozaki&#039;nin genel yorumlar\u0131<\/figcaption><\/figure>\n<p>&quot;Herkesin rahatl\u0131kla fikirlerini payla\u015fabildi\u011fi bir ortamda, bu \u015fekilde fikir al\u0131\u015fveri\u015finde bulunabilmemizin harika oldu\u011funu d\u00fc\u015f\u00fcn\u00fcyorum.<\/p>\n<p>Parlamentonun yap\u0131s\u0131 da \u00e7e\u015fitli komiteler ve Kita Sorachi K\u0131smi \u0130dari Birli\u011fi dahil olmak \u00fczere hepimiz taraf\u0131ndan d\u00fczenlenmektedir. Y\u0131lda d\u00f6rt kez d\u00fczenli toplant\u0131lar yap\u0131lmaktad\u0131r. Her birimiz kendi i\u015fimizi yap\u0131yor ve mali durumumuzu y\u00f6netiyoruz. Bizim i\u015fimizin herkesin fikrini dinlemek, koordine etmek ve \u015fekillendirmek oldu\u011funa inan\u0131yoruz.<\/p>\n<p>Her birimizin kendine \u00f6zg\u00fc ki\u015filikleri ve uzmanl\u0131k alanlar\u0131 var. \u00c7e\u015fitli g\u00f6r\u00fc\u015fleri \u00e7e\u015fitli \u015fekillerde alabilece\u011fimize ve yan\u0131tlayabilece\u011fimize inan\u0131yorum. Bizimle ileti\u015fime ge\u00e7mekten \u00e7ekinmeyin. Ba\u015fkan Yard\u0131mc\u0131s\u0131 Ozaki Keiko ise, &quot;\u00c7ok te\u015fekk\u00fcr ederim&quot; dedi.<\/p>\n<h2>Kat\u0131l\u0131mc\u0131 kasabal\u0131lar\u0131n izlenimleri<\/h2>\n<p>&quot;Bu &#039;Parlamento Kafe&#039;nin insanlar\u0131n fikirlerini kolayca ifade edebildi\u011fi rahat bir ortamda d\u00fczenlenmesi harikayd\u0131. B\u00f6yle bir atmosfere sahip olmak harika!&quot; Kat\u0131lan kasabal\u0131lardan biri g\u00fcl\u00fcmseyerek \u015f\u00f6yle dedi.<\/p>\n<figure class=\"wp-caption aligncenter\"><a href=\"https:\/\/photos.google.com\/share\/AF1QipOf0NXuJUp1VxEDQ4k8Y5TEmNJ1-t-DViS_ZJLfXlQx3crpGpJJR5MqZw50wWIeYA\/photo\/AF1QipPIPVrMslt0ZMpE8qtsuLD2gMaeWDBNu8OMIp0?key=LUFXY21lZGRwSGtEc2Q5c2NMYm13bkoyMnZJNFd3\" target=\"_blank\"><img decoding=\"async\" src=\"https:\/\/lh3.googleusercontent.com\/pw\/AP1GczO4ZUxhJA0BwCqXtmu_tRVHfuAw6XeDl3bkUJST_b9i34jqibdK-zspwNmoijUlPXrDJYonUWdLJapsKENWaKZxUOMGQjYAaaP_ich9F6RA5PSNU5FhaNPkTox0DV_3jBY68IEJVCRprDrpxw1uwEjT=w2000-h1333-s-no-gm?authuser=0\" width=\"2000\" height=\"1333\" alt=\"Kitary\u016b kasabas\u0131 sakinlerine, hikayelerini bu kadar \u00f6zg\u00fcrce payla\u015fma f\u0131rsat\u0131 sa\u011flad\u0131klar\u0131 i\u00e7in minnettar\u0131z!\" class=\"size-full\" \/><\/a><figcaption class=\"wp-caption-text\">Kitary\u016b kasabas\u0131 sakinlerine, hikayelerini bu kadar \u00f6zg\u00fcrce payla\u015fma f\u0131rsat\u0131 sa\u011flad\u0131klar\u0131 i\u00e7in minnettar\u0131z!<\/figcaption><\/figure>\n<p>Hokuryu Belediye Meclisi Raporu ve Belediye Kafe&#039;de, kasaba halk\u0131n\u0131n \u00e7e\u015fitli seslerini dinliyor ve canl\u0131l\u0131k ve g\u00fcl\u00fcmsemelerle dolu bir kasaba yaratmak i\u00e7in birlikte \u00e7al\u0131\u015f\u0131yoruz!<\/p>\n<p>S\u0131n\u0131rs\u0131z sevgi, minnet ve dualar\u0131m\u0131zla, kasabal\u0131lar\u0131n dost\u00e7a, uyumlu ve rahat bir ortamda \u00f6zg\u00fcrce sohbet edip fikir al\u0131\u015fveri\u015finde bulunabilecekleri bir mekan olan &quot;Belediye Kafe&quot;mizi sunuyoruz. . .<\/p>\n<h2>Youtube videolar\u0131<\/h2>\n<div class=\"youtube\"><iframe title=\"Hokuryu Belediye Meclisi Raporlama Oturumu ve Belediye Kafesi: Kasabal\u0131lar\u0131n \u00f6zg\u00fcrce ve kolayca fikir al\u0131\u015fveri\u015finde bulunabilece\u011fi dost\u00e7a ve uyumlu bir forum\" src=\"https:\/\/www.youtube.com\/embed\/aixjhIloH54?feature=oembed\" frameborder=\"0\" allow=\"accelerometer; autoplay; clipboard-write; encrypted-media; gyroscope; picture-in-picture; web-share\" referrerpolicy=\"strict-origin-when-cross-origin\" allowfullscreen><\/iframe><\/div>\n<h2>g\u00f6r\u00fcnt\u00fc<\/h2>\n<div class=\"img-move\">\n<img decoding=\"async\" src=\"https:\/\/ehokkaido.net\/wp-content\/uploads\/2021\/12\/2021-12-06-11.41.12.png\" style=\"vertical-align:middle;\"> <a href=\"https:\/\/photos.app.goo.gl\/jdwvemK655khzV3z5\" target=\"_blank\" rel=\"noopener noreferrer\">Hokuryu Belediye Meclisi Kafe&#039;sinin foto\u011fraflar\u0131 (81 foto\u011fraf) burada &gt;&gt;<\/a><\/div>\n<h2>\u0130lgili makaleler<\/h2>\n\n        <div class=\"site-blogcard-premium\">\n            <div class=\"bc-label-custom\">\u0130lgili makaleler<\/div>\n            <div class=\"bc-flex-container\">\n                <div class=\"bc-main-text\">\n                    <div class=\"bc-title-link-box\">\n                        <a href=\"https:\/\/portal.hokuryu.info\/tr\/55701\/\" target=\"_blank\">https:\/\/portal.hokuryu.info\/55701<\/a>\n                    <\/div>\n                    <div class=\"bc-excerpt-box\">Sayfa bilgileri al\u0131namad\u0131.<\/div>\n                <\/div>\n                <div class=\"bc-thumbnail-box\">\n                    <a href=\"https:\/\/portal.hokuryu.info\/tr\/55701\/\" target=\"_blank\">\n                        <div class=\"bc-img-zoom-wrap\">\n                            <img decoding=\"async\" src=\"https:\/\/portal.hokuryu.info\/wp\/wp-content\/uploads\/2026\/02\/20230802DSC06445_1.jpg\" alt=\"https:\/\/portal.hokuryu.info\/55701\">\n                        <\/div>\n                    <\/a>\n                <\/div>\n            <\/div>\n        <\/div>\n\n        <div class=\"site-blogcard-premium\">\n            <div class=\"bc-label-custom\">\u0130lgili makaleler<\/div>\n            <div class=\"bc-flex-container\">\n                <div class=\"bc-main-text\">\n                    <div class=\"bc-title-link-box\">\n                        <a href=\"https:\/\/portal.hokuryu.info\/tr\/kategori\/kamu-gorevlisi\/konsey\/\" target=\"_blank\">Hokuryu Kasaba Meclisi (Kategori)<\/a>\n                    <\/div>\n                    <div class=\"bc-excerpt-box\">Bu, &quot;Hokuryu Kasaba Meclisi&quot; kategorisindeki makalelerin listesidir.<\/div>\n                <\/div>\n                <div class=\"bc-thumbnail-box\">\n                    <a href=\"https:\/\/portal.hokuryu.info\/tr\/kategori\/kamu-gorevlisi\/konsey\/\" target=\"_blank\">\n                        <div class=\"bc-img-zoom-wrap\">\n                            <img decoding=\"async\" src=\"https:\/\/portal.hokuryu.info\/wp\/wp-content\/uploads\/2026\/02\/20230802DSC06445_1.jpg\" alt=\"Hokuryu Kasaba Meclisi (Kategori)\">\n                        <\/div>\n                    <\/a>\n                <\/div>\n            <\/div>\n        <\/div>\n<p>\u25c7 R\u00f6portaj ve metin: Ikuko Terauchi (foto\u011fraf\u00e7\u0131l\u0131k ve d\u00fczenleme asistan\u0131: Noboru Terauchi)<\/p>","protected":false},"excerpt":{"rendered":"<p>\uff12\uff10\uff12\uff15\u5e74\uff12\u6708\uff11\uff14\u65e5\uff08\u91d1\uff09 \uff12\u6708\uff11\uff12\u65e5\uff08\u6c34\uff09\uff11\uff15\uff1a\uff10\uff10\u301c\u3001\u5317\u7adc\u753a\u8b70\u4f1a\u306b\u3088\u308b\u300c\u8b70\u4f1a\u5831\u544a\u4f1a \uff06 \u8b70\u4f1a\u30ab\u30d5\u30a7\u300d\u304c\u3001\u5317\u7adc\u753a\u5546\u696d\u6d3b\u6027\u5316\u65bd\u8a2d\u30b3\u30b3\u30ef\uff08COCOWA\uff09\u306e\u591a\u76ee\u7684\u30b9\u30da\u30fc\u30b9\u306b\u3066\u958b\u50ac\u3055\u308c\u307e\u3057\u305f\u3002\u753a\u6c11\u30fb\u8b70\u54e1\u306e\u65b9 [&hellip;]<\/p>\n","protected":false},"author":1,"featured_media":55659,"comment_status":"open","ping_status":"open","sticky":false,"template":"","format":"standard","meta":{"footnotes":""},"categories":[4,67],"tags":[],"class_list":["post-55623","post","type-post","status-publish","format-standard","has-post-thumbnail","hentry","category-cover-story","category-council"],"_links":{"self":[{"href":"https:\/\/portal.hokuryu.info\/tr\/wp-json\/wp\/v2\/posts\/55623","targetHints":{"allow":["GET"]}}],"collection":[{"href":"https:\/\/portal.hokuryu.info\/tr\/wp-json\/wp\/v2\/posts"}],"about":[{"href":"https:\/\/portal.hokuryu.info\/tr\/wp-json\/wp\/v2\/types\/post"}],"author":[{"embeddable":true,"href":"https:\/\/portal.hokuryu.info\/tr\/wp-json\/wp\/v2\/users\/1"}],"replies":[{"embeddable":true,"href":"https:\/\/portal.hokuryu.info\/tr\/wp-json\/wp\/v2\/comments?post=55623"}],"version-history":[{"count":0,"href":"https:\/\/portal.hokuryu.info\/tr\/wp-json\/wp\/v2\/posts\/55623\/revisions"}],"wp:featuredmedia":[{"embeddable":true,"href":"https:\/\/portal.hokuryu.info\/tr\/wp-json\/wp\/v2\/media\/55659"}],"wp:attachment":[{"href":"https:\/\/portal.hokuryu.info\/tr\/wp-json\/wp\/v2\/media?parent=55623"}],"wp:term":[{"taxonomy":"category","embeddable":true,"href":"https:\/\/portal.hokuryu.info\/tr\/wp-json\/wp\/v2\/categories?post=55623"},{"taxonomy":"post_tag","embeddable":true,"href":"https:\/\/portal.hokuryu.info\/tr\/wp-json\/wp\/v2\/tags?post=55623"}],"curies":[{"name":"wp","href":"https:\/\/api.w.org\/{rel}","templated":true}]}}