{"id":55198,"date":"2025-02-03T16:01:17","date_gmt":"2025-02-03T07:01:17","guid":{"rendered":"https:\/\/portal.hokuryu.info\/?p=55198"},"modified":"2026-01-30T08:04:15","modified_gmt":"2026-01-29T23:04:15","slug":"wa-mahalle-dernegi-yaslilar-kulubu-genel-toplantisi-ve-yeni-yil-partisi-2025-parlak-ve-enerjik","status":"publish","type":"post","link":"https:\/\/portal.hokuryu.info\/tr\/55198\/","title":{"rendered":"Wa Mahalle Derne\u011fi Ya\u015fl\u0131lar Kul\u00fcb\u00fc Genel Toplant\u0131s\u0131 ve 2025 Yeni Y\u0131l Partisi - Ayd\u0131nl\u0131k ve canl\u0131 bir \u015fekilde fikir al\u0131\u015fveri\u015flerini derinle\u015ftirmek i\u00e7in e\u011flenceli bir zaman"},"content":{"rendered":"<p>Pazartesi, 3 \u015eubat 2025<\/p>\n<p>Wa Mahalle Derne\u011fi Ya\u015fl\u0131lar Kul\u00fcb\u00fc Genel Toplant\u0131s\u0131 ve Y\u0131lba\u015f\u0131 Partisi, 28 Ocak Sal\u0131 g\u00fcn\u00fc saat 11:30&#039;da Sunflower Park Kitaryu Onsen&#039;de d\u00fczenlenecek.<\/p>\n<h2>Mahalle Derne\u011fi Ya\u015fl\u0131lar Kul\u00fcb\u00fc Genel Toplant\u0131s\u0131<\/h2>\n<p>Wa Mahalle Derne\u011fi Ya\u015fl\u0131 Vatanda\u015flar Kul\u00fcb\u00fc&#039;n\u00fcn yakla\u015f\u0131k 30 \u00fcyesi kat\u0131ld\u0131 ve dost\u00e7a ve keyifli bir atmosferde arkada\u015fl\u0131klar\u0131n\u0131 derinle\u015ftirdiler. Wa Mahalle Derne\u011fi&#039;nin \u015fu anda 41 hanesi ve 61 \u00fcyesi var (listelenmeyenler dahil 77 ki\u015fi).<\/p>\n<h3>Moderat\u00f6r: Noriaki Nakajima<\/h3>\n<p>Toplant\u0131n\u0131n moderat\u00f6r\u00fc Noriaki Nakajima, toplant\u0131n\u0131n a\u00e7\u0131l\u0131\u015f\u0131n\u0131 yaparak, belediye ba\u015fkan\u0131 ve mahalle derne\u011fi ba\u015fkan\u0131 ba\u015fta olmak \u00fczere konuklara ve t\u00fcm \u00fcyelere \u015f\u00fckranlar\u0131n\u0131 sundu.<\/p>\n<figure class=\"wp-caption aligncenter\"><a href=\"https:\/\/photos.google.com\/share\/AF1QipNsWOuPo2cP08w7d0-AlaTIom_FVx-xzPyfGCCqX4V2xIo1Wg9ZVutfoOV9BLHS9A\/photo\/AF1QipNW015xj4VJa-Tvxkzk9EFiRR5PemAAOQuND78?key=TUcxcFM5NkY2T1NvZElWVVFFMHdBdlg0RVktMUhn\" target=\"_blank\"><img decoding=\"async\" src=\"https:\/\/lh3.googleusercontent.com\/pw\/AP1GczNchOFAm0or_eVw6mVZmgks5fYpDgBtoeC31jC1gpO9NsHnyJG3gOsGxdGS2oJQlWiMoFpaXkwBVC8-I_4r15cUHcGt9_MSrGMhUCiY6NlulHYfCfQLIxLfsGbEvywJTp07Boqdujli-SYlh6PL2jmC=w2000-h1500-s-no-gm?authuser=0\" width=\"2000\" height=\"1500\" alt=\"Noriaki Nakajima&#039;n\u0131n moderat\u00f6rl\u00fc\u011f\u00fcnde\" class=\"size-full\" \/><\/a><figcaption class=\"wp-caption-text\">Noriaki Nakajima&#039;n\u0131n moderat\u00f6rl\u00fc\u011f\u00fcnde<\/figcaption><\/figure>\n<figure class=\"wp-caption aligncenter\"><a href=\"https:\/\/photos.google.com\/share\/AF1QipNsWOuPo2cP08w7d0-AlaTIom_FVx-xzPyfGCCqX4V2xIo1Wg9ZVutfoOV9BLHS9A\/photo\/AF1QipNoa2G9vdBikb0Em4rI16gr6iMatgS0pqvZNQc?key=TUcxcFM5NkY2T1NvZElWVVFFMHdBdlg0RVktMUhn\" target=\"_blank\"><img decoding=\"async\" src=\"https:\/\/lh3.googleusercontent.com\/pw\/AP1GczPbQ6fLX6JwOCd_N0FiIIHhLUUuk2B43VVHdyWzVRpMpXfeOXHvL3W_SmesO45YlpvPFDATxrjSZUCTz3DmXCObSHFFwHiyZRfmEvSn4fC8BPCYZ4Ey0VMB9tXEDiLlYe4veN3-2qmhDoXHCV3JrE2f=w2000-h1500-s-no-gm?authuser=0\" width=\"2000\" height=\"1500\" alt=\"Wachonaikai Ya\u015fl\u0131lar Kul\u00fcb\u00fc Genel Toplant\u0131s\u0131 ve Yeni Y\u0131l Partisi\" class=\"size-full\" \/><\/a><figcaption class=\"wp-caption-text\">Wachonaikai Ya\u015fl\u0131lar Kul\u00fcb\u00fc Genel Toplant\u0131s\u0131 ve Yeni Y\u0131l Partisi<\/figcaption><\/figure>\n<figure class=\"wp-caption aligncenter\"><a href=\"https:\/\/photos.google.com\/share\/AF1QipNsWOuPo2cP08w7d0-AlaTIom_FVx-xzPyfGCCqX4V2xIo1Wg9ZVutfoOV9BLHS9A\/photo\/AF1QipPcg6U41FmA3r5p4zGV8UlxmIY9Mnfxypirxik?key=TUcxcFM5NkY2T1NvZElWVVFFMHdBdlg0RVktMUhn\" target=\"_blank\"><img decoding=\"async\" src=\"https:\/\/lh3.googleusercontent.com\/pw\/AP1GczOEyNKN0cW65Y8R0iwoc7O--yUXfzPl4lEzS5_-A37eVpcKh3161sJ9KvvHpw5ZPf-57pOrfppG6yGim-BKNxNVahzFoB5b8nH8zrwUouBuSfj94hflJ6M2IiLGWVQsUUyDv1qqPeexL8rXVBFqCzlU=w2000-h1500-s-no-gm?authuser=0\" width=\"2000\" height=\"1500\" alt=\"Belediye Ba\u015fkan\u0131 Sasaki ve Ba\u015fkan Yamada da kat\u0131ld\u0131\" class=\"size-full\" \/><\/a><figcaption class=\"wp-caption-text\">Belediye Ba\u015fkan\u0131 Sasaki ve Ba\u015fkan Yamada da kat\u0131ld\u0131<\/figcaption><\/figure>\n<h3>Konuk konu\u015fmas\u0131: Hokuryu Kasabas\u0131 Belediye Ba\u015fkan\u0131 Yasuhiro Sasaki<\/h3>\n<figure class=\"wp-caption aligncenter\"><a href=\"https:\/\/photos.google.com\/share\/AF1QipNsWOuPo2cP08w7d0-AlaTIom_FVx-xzPyfGCCqX4V2xIo1Wg9ZVutfoOV9BLHS9A\/photo\/AF1QipNlg-n9pO9Y_YGg9EqcmPe3rhV0felYpNh7Or8?key=TUcxcFM5NkY2T1NvZElWVVFFMHdBdlg0RVktMUhn\" target=\"_blank\"><img decoding=\"async\" src=\"https:\/\/lh3.googleusercontent.com\/pw\/AP1GczPvou2pp6586KZJ9eZSBTeWqgQLJmA47hilzMgGyVlLfjBtYxP-mg6wZTvOkpfKIsCZUGOhXisvu9vswlFt_3VFVJiz747nQrYzlv0CgLyauCK02K3tQwMLo-VAhFUaSWV5lJmiPyJX6RbZ1UiiZsWD=w2000-h1333-s-no-gm?authuser=0\" width=\"2000\" height=\"1333\" alt=\"Belediye Ba\u015fkan\u0131 Yasuhiro Sasaki&#039;den selamlar\" class=\"size-full\" \/><\/a><figcaption class=\"wp-caption-text\">Belediye Ba\u015fkan\u0131 Yasuhiro Sasaki&#039;den selamlar<\/figcaption><\/figure>\n<p>&quot;Bu y\u0131l da bize verdi\u011finiz s\u00fcrekli destek i\u00e7in te\u015fekk\u00fcr ederiz.<\/p>\n<p>Bu kez derne\u011fe eski Belediye Ba\u015fkan Yard\u0131mc\u0131s\u0131 Takahashi Toshimasa yerel \u00fcye olarak kat\u0131ld\u0131.<\/p>\n<p>Tan\u0131t\u0131m \u015firketinin y\u00f6netici direkt\u00f6r\u00fc olarak Bay Takahashi \u00e7e\u015fitli iyile\u015ftirmeler \u00fczerinde \u00e7al\u0131\u015fmaktad\u0131r. A\u015f\u00e7\u0131 eksikli\u011fi ve \u00e7al\u0131\u015fan kad\u0131n say\u0131s\u0131nda azalma gibi baz\u0131 olumsuzluklar olsa da, durumun iyile\u015fti\u011fini ve ad\u0131m ad\u0131m ilerleme kaydedildi\u011fini bildirmek isterim. Tan\u0131t\u0131m \u015firketinin ba\u015fkan\u0131 belediye ba\u015fkan\u0131 oldu\u011fundan, herkesin g\u00f6r\u00fc\u015flerini dinlerken nihai kararlar\u0131 alman\u0131n ve iyile\u015ftirmeler yapman\u0131n benim g\u00f6revim oldu\u011funa inan\u0131yorum.<\/p>\n<p>Ayr\u0131ca, Masatoshi Yamagishi itfaiyecili\u011fe yapt\u0131\u011f\u0131 katk\u0131lardan dolay\u0131 Y\u00fckselen G\u00fcne\u015f Ni\u015fan\u0131 ile \u00f6d\u00fcllendirildi ve Pazar g\u00fcn\u00fc bir kutlama yap\u0131ld\u0131. D\u00fcr\u00fcst ki\u015fili\u011fini yans\u0131tan ciddi ve keyifli bir kutlamayd\u0131. Tekrar tebrikler.<\/p>\n<p>B\u00fct\u00e7e de\u011ferlendirmesine ili\u015fkin olarak, ilk ayarlama 300 milyon yenlik bir a\u00e7\u0131k ortaya koydu. Ancak, t\u00fcm personel \u00fcyeleri ulusal ve il h\u00fck\u00fcmetlerinden hibe ve s\u00fcbvansiyon almak i\u00e7in \u00e7ok \u00e7al\u0131\u015f\u0131yor. Kasaban\u0131n maliyesi \u00fczerindeki etkiyi en aza indirmek ve sakinlerimizin beklentilerini kar\u015f\u0131lamak i\u00e7in \u00e7al\u0131\u015faca\u011f\u0131z.<\/p>\n<p>Belediye binas\u0131n\u0131n on y\u0131l sonraki in\u015faat plan\u0131 hakk\u0131nda da g\u00f6r\u00fc\u015fmeler s\u00fcr\u00fcyor. Depreme dayan\u0131kl\u0131l\u0131k ve sismik izolasyon teknolojisi gibi \u00e7e\u015fitli se\u00e7enekleri g\u00f6z \u00f6n\u00fcnde bulundurarak plan \u00fczerinde ilerliyoruz. Binan\u0131n sadece belediye binas\u0131 personeli i\u00e7in de\u011fil, ayn\u0131 zamanda kasaba halk\u0131n\u0131n ziyaret edip kasaban\u0131n gelece\u011fini tart\u0131\u015fabilece\u011fi bir yer olaca\u011f\u0131na inan\u0131yoruz. Gelecekte kademeli olarak bir tart\u0131\u015fma forumu olu\u015fturmak istiyoruz.<\/p>\n<p>&quot;Bana en g\u00fc\u00e7l\u00fc deste\u011fi verenlerin bu mahalle derne\u011finin \u00fcyeleri oldu\u011funa inan\u0131yorum, \u00f6zellikle bug\u00fcn burada bulunan herkes. Bir kez daha hepinize \u015f\u00fckranlar\u0131m\u0131 sunmak ve konu\u015fmam\u0131 size parlak ve sa\u011fl\u0131kl\u0131 bir y\u0131l dileyerek sonland\u0131rmak istiyorum. Ben bir misafir de\u011filim, bir \u00fcyeyim (g\u00fcl\u00fcyor!). Bu y\u0131l da deste\u011finizin devam etmesini d\u00f6rt g\u00f6zle bekliyorum,&quot; dedi Belediye Ba\u015fkan\u0131 Sasaki a\u00e7\u0131l\u0131\u015f konu\u015fmas\u0131nda.<\/p>\n<h3>Yeni \u00fcyeleri tan\u0131t\u0131yoruz<\/h3>\n<p>Bu y\u0131l derne\u011fe kat\u0131lan Toshimasa Takahashi Bey tan\u0131t\u0131ld\u0131.<\/p>\n<figure class=\"wp-caption aligncenter\"><a href=\"https:\/\/photos.google.com\/share\/AF1QipNsWOuPo2cP08w7d0-AlaTIom_FVx-xzPyfGCCqX4V2xIo1Wg9ZVutfoOV9BLHS9A\/photo\/AF1QipM-JU9-m8vTvBu6TEgGwrUxjVdsHJWfGUHYaPU?key=TUcxcFM5NkY2T1NvZElWVVFFMHdBdlg0RVktMUhn\" target=\"_blank\"><img decoding=\"async\" src=\"https:\/\/lh3.googleusercontent.com\/pw\/AP1GczMNVt6d9ZYPaQqyw0ff527RM3_Y7s7ae0gmilx0M5_iwB1mf_bCYse_iVzIe8tk_WaV4XZ5UYR_ZhtbU6OcdTTWl9JLxSAOCkRgAWE2PEESKL2_7Kmc9vPxtbKUV7Ir8cVC3BQlWytjyzuYvEq6EwsW=w2000-h1333-s-no-gm?authuser=0\" width=\"2000\" height=\"1333\" alt=\"Yeni \u00fcyemiz Toshimasa Takahashi&#039;yi tan\u0131t\u0131yoruz\" class=\"size-full\" \/><\/a><figcaption class=\"wp-caption-text\">Yeni \u00fcyemiz Toshimasa Takahashi&#039;yi tan\u0131t\u0131yoruz<\/figcaption><\/figure>\n<h3>Genel Kurul Teklifi<\/h3>\n<ul>\n<li><strong>Teklif No. 1:<\/strong>2024 y\u0131l\u0131 i\u015fletme raporu ve mali tablo<\/li>\n<li><strong>Denetim Raporu<\/strong><\/li>\n<li><strong>Teklif No. 2:<\/strong>Reiwa 7 \u0130\u015f Plan\u0131 Hakk\u0131nda<\/li>\n<li><strong>Teklif No. 3:<\/strong>G\u00f6rev s\u00fcrelerinin sona ermesi nedeniyle yeni g\u00f6revlilerin se\u00e7ilmesiyle ilgili<\/li>\n<\/ul>\n<p>T\u00fcm \u00f6neriler kabul edildi.<\/p>\n<figure class=\"wp-caption aligncenter\"><a href=\"https:\/\/photos.google.com\/share\/AF1QipNsWOuPo2cP08w7d0-AlaTIom_FVx-xzPyfGCCqX4V2xIo1Wg9ZVutfoOV9BLHS9A\/photo\/AF1QipMDTlAjx5sT3c4OZ1PmItrhcZwYBkO4_IZ08yo?key=TUcxcFM5NkY2T1NvZElWVVFFMHdBdlg0RVktMUhn\" target=\"_blank\"><img decoding=\"async\" src=\"https:\/\/lh3.googleusercontent.com\/pw\/AP1GczPXYWZMSKKMerUPAW28326AxpivIneeVRV_4YmFur9WQe0D1NYeV_welAMsIv83WpbNR6bJ0Ec5YH5joNuNyxsTlyqSKZHPCbFPjHW8koyNIdDlDqOaVdTvEqb9xVOW2eDI3UGtuLE9RwCg5o0tA-F-=w2000-h1500-s-no-gm?authuser=0\" width=\"2000\" height=\"1500\" alt=\"Genel Kurul Teklifi\" class=\"size-full\" \/><\/a><figcaption class=\"wp-caption-text\">Genel Kurul Teklifi<\/figcaption><\/figure>\n<h3>Mahalle Derne\u011fi Ba\u015fkan\u0131 Nobuhiro Yamada&#039;n\u0131n talebi<\/h3>\n<figure class=\"wp-caption aligncenter\"><a href=\"https:\/\/photos.google.com\/share\/AF1QipNsWOuPo2cP08w7d0-AlaTIom_FVx-xzPyfGCCqX4V2xIo1Wg9ZVutfoOV9BLHS9A\/photo\/AF1QipMQ1e64wChuhZPMQGxytd-PcbtVoElFi_tsSYc?key=TUcxcFM5NkY2T1NvZElWVVFFMHdBdlg0RVktMUhn\" target=\"_blank\"><img decoding=\"async\" src=\"https:\/\/lh3.googleusercontent.com\/pw\/AP1GczNqAAY-MX_Ba6SAL9xjgFbm1pn7BWpVxWmR00ZQoIRytTQAesRLyfft9PHtvvLM75wqmf7ZGcO_0GwKHx3td1yHdUrxOSEEDDs-QiJ34UGqHx82dSVyt5HqipFsmuU8ihQHhxZdJO0W5LJHAXgYLVQO=w2000-h1125-s-no-gm?authuser=0\" width=\"2000\" height=\"1125\" alt=\"Nobuhiro Yamada, Mahalle Derne\u011fi Ba\u015fkan\u0131\" class=\"size-full\" \/><\/a><figcaption class=\"wp-caption-text\">Nobuhiro Yamada, Mahalle Derne\u011fi Ba\u015fkan\u0131<\/figcaption><\/figure>\n<p>&quot;Bu y\u0131l i\u00e7in bir kasaba geli\u015ftirme toplant\u0131s\u0131 planlan\u0131yor. \u015eimdiye kadar d\u00f6rt yerde yap\u0131ld\u0131 - Mibaushi, Hekisui, Nishikawa ve Nago il\u00e7eleri - ancak bu y\u0131l t\u00fcm mahalle derneklerini ziyaret edecek, bu nedenle kasaba geli\u015ftirmeyle ilgili \u00e7e\u015fitli g\u00f6r\u00fc\u015flerinizi ve isteklerinizi duymak istiyoruz, diye a\u00e7\u0131kland\u0131.<\/p>\n<p>Hokuryu Kasabas\u0131nda uzun y\u0131llard\u0131r ya\u015fayan ve zengin deneyime sahip olan herkesi tart\u0131\u015fma toplant\u0131s\u0131na kat\u0131lmaya ve g\u00f6r\u00fc\u015flerinizi sunmaya davet etmek istiyoruz. \u00c7ok te\u015fekk\u00fcr ederim.<\/p>\n<p>&quot;Hat\u0131rlad\u0131\u011f\u0131m kadar\u0131yla, bu kasaba \u00e7ap\u0131ndaki toplant\u0131 birle\u015fmeden bu yana d\u00fczenledi\u011fimiz tek toplant\u0131yd\u0131, birle\u015fme brifingi yapmak i\u00e7in 24 mahalle derne\u011fini ziyaret etmi\u015ftik. Bu \u00e7ok fazla enerji gerektiriyor ve idari personel i\u00e7in zor bir g\u00f6rev oldu\u011funu d\u00fc\u015f\u00fcn\u00fcyorum. Kat\u0131l\u0131m\u0131n\u0131z\u0131 ve i\u015f birli\u011finizi takdir ediyorum,&quot; dedi Ba\u015fkan Yamada g\u00fc\u00e7l\u00fc bir sesle.<\/p>\n<h2>Mahalle Derne\u011fi Ya\u015fl\u0131lar Kul\u00fcb\u00fc Y\u0131lba\u015f\u0131 Partisi<\/h2>\n<h3>Ba\u015fkan Nobuyuki Kanayama&#039;dan selamlar<\/h3>\n<figure class=\"wp-caption aligncenter\"><a href=\"https:\/\/photos.google.com\/share\/AF1QipNsWOuPo2cP08w7d0-AlaTIom_FVx-xzPyfGCCqX4V2xIo1Wg9ZVutfoOV9BLHS9A\/photo\/AF1QipMGf0qezAZYJmytpNs9L_2DQlWytZA-cFopcms?key=TUcxcFM5NkY2T1NvZElWVVFFMHdBdlg0RVktMUhn\" target=\"_blank\"><img decoding=\"async\" src=\"https:\/\/lh3.googleusercontent.com\/pw\/AP1GczO_8jzyf6AEaZeltV3luEUSyWm_BiyUxG4qJs2HS78nwqzDPCMW71hUsEhQMKLn2IeNeh7-wwU_9IGNy3Z0347zWMef2z1cLb1C_Bx29tWiRUi4mLKKLyqg0pOyJ5RdVvjUDquEbFuzP5Ns5Os8_J9E=w2000-h1333-s-no-gm?authuser=0\" width=\"2000\" height=\"1333\" alt=\"Ba\u015fkan Nobuyuki Kanayama&#039;dan selamlar\" class=\"size-full\" \/><\/a><figcaption class=\"wp-caption-text\">Ba\u015fkan Nobuyuki Kanayama&#039;dan selamlar<\/figcaption><\/figure>\n<p>&quot;Bug\u00fcn sakin bir g\u00fcn, Yeni Y\u0131l partisi i\u00e7in m\u00fckemmel. Genel toplant\u0131m\u0131z\u0131 sorunsuz bir \u015fekilde tamamlad\u0131k. \u00c7ok te\u015fekk\u00fcr ederim.<\/p>\n<p>Ge\u00e7ti\u011fimiz y\u0131l \u00fc\u00e7 ki\u015fiyi kaybetti\u011fimiz i\u00e7in \u00e7ok \u00fczg\u00fcn\u00fcz. Belediye Ba\u015fkan\u0131 Sasaki ve belediye meclisi ba\u015fkan\u0131 Yamada da bug\u00fcn oradayd\u0131. Belediye Ba\u015fkan\u0131 Sasaki&#039;nin bu kadar tutkuyla bu kadar \u00e7ok \u00e7al\u0131\u015ft\u0131\u011f\u0131n\u0131 g\u00f6rmek beni \u00e7ok mutlu ediyor. Umar\u0131m kendine iyi bakmaya devam eder ve gelecekte elinden gelenin en iyisini yapar.<\/p>\n<p>Mahalle dernek ba\u015fkan\u0131m\u0131z Say\u0131n Yamada Bey&#039;in bu y\u0131l veya en az\u0131ndan iki veya \u00fc\u00e7 y\u0131l boyunca ba\u015fkan olarak kasaban\u0131n geli\u015fmesinde aktif rol oynamas\u0131n\u0131 isterim.<\/p>\n<p>Bug\u00fcn Yeni Y\u0131l partisi ve &quot;Y\u0131l\u0131n plan\u0131 Yeni Y\u0131l G\u00fcn\u00fc&#039;nde yap\u0131l\u0131r&quot; deyi\u015finin aksine bug\u00fcn &quot;Y\u0131l\u0131n plan\u0131 bug\u00fcn yap\u0131l\u0131r.&quot; Umar\u0131m bu y\u0131l hepiniz i\u00e7in harika bir y\u0131l olur ve bug\u00fcn i\u00e7ki i\u00e7mekten keyif al\u0131rs\u0131n\u0131z. Selamlar\u0131m\u0131 hepinize sa\u011fl\u0131k ve mutluluk dileyerek sonland\u0131rmak istiyorum.<\/p>\n<p>Son olarak, Ba\u015fkan Kanayama selam\u0131nda Bay Masatoshi Yamagishi&#039;nin itfaiyecili\u011fe yapt\u0131\u011f\u0131 katk\u0131lardan dolay\u0131 Kutsal Hazine Ni\u015fan\u0131, G\u00fcm\u00fc\u015f I\u015f\u0131nlar ile \u00f6d\u00fcllendirildi\u011fini s\u00f6yledi. \u0130tfaiyecilik ve afet \u00f6nleme konusunda ola\u011fan\u00fcst\u00fc katk\u0131larda bulundu. Bunun b\u00fcy\u00fck bir onur oldu\u011funu d\u00fc\u015f\u00fcn\u00fcyorum. Bug\u00fcn bir Yeni Y\u0131l partisi, ancak bunu Bay Yamagishi i\u00e7in bir kutlama olarak da kullanabilirsek mutlu olurum.&quot;<\/p>\n<figure class=\"wp-caption aligncenter\"><a href=\"https:\/\/photos.google.com\/share\/AF1QipNsWOuPo2cP08w7d0-AlaTIom_FVx-xzPyfGCCqX4V2xIo1Wg9ZVutfoOV9BLHS9A\/photo\/AF1QipP3SNU9wXgB67fg3dFw7jHuPhTYdQzFth92hcY?key=TUcxcFM5NkY2T1NvZElWVVFFMHdBdlg0RVktMUhn\" target=\"_blank\"><img decoding=\"async\" src=\"https:\/\/lh3.googleusercontent.com\/pw\/AP1GczMevnIYLbf-NVzSrjvp0JSbDvKx_ULHtY1C5JtKxi_mYzNDgGk3gM35mjB8S6YeiX1QfXpBAlTvVrbXwj5-y4RD9CtcNq7wgWV2SE26sKpExVvzw76WXPGw5ZoK_h9Mhp2Rjpi9ifGAhwkc7CZ6RdOW=w2000-h1500-s-no-gm?authuser=0\" width=\"2000\" height=\"1500\" alt=\"\u0130tfaiyecili\u011fe yapt\u0131\u011f\u0131 katk\u0131lardan dolay\u0131 Kutsal Hazine Ni\u015fan\u0131, Rozet ve Alt\u0131n I\u015f\u0131nlar \u00f6d\u00fcl\u00fcne lay\u0131k g\u00f6r\u00fclen Yamagishi Masatoshi&#039;yi tebrik ediyoruz!\" class=\"size-full\" \/><\/a><figcaption class=\"wp-caption-text\">\u0130tfaiyecili\u011fe yapt\u0131\u011f\u0131 katk\u0131lardan dolay\u0131 Kutsal Hazine Ni\u015fan\u0131, Rozet ve Alt\u0131n I\u015f\u0131nlar \u00f6d\u00fcl\u00fcne lay\u0131k g\u00f6r\u00fclen Yamagishi Masatoshi&#039;yi tebrik ediyoruz!<\/figcaption><\/figure>\n<h3>Nobuhiro Yamada, Mahalle Derne\u011fi Ba\u015fkan\u0131, Toast Lideri<\/h3>\n<figure class=\"wp-caption aligncenter\"><a href=\"https:\/\/photos.google.com\/share\/AF1QipNsWOuPo2cP08w7d0-AlaTIom_FVx-xzPyfGCCqX4V2xIo1Wg9ZVutfoOV9BLHS9A\/photo\/AF1QipPcVybKllM1_ZQuV_l_7MYSMJuGY5amuV9U6UU?key=TUcxcFM5NkY2T1NvZElWVVFFMHdBdlg0RVktMUhn\" target=\"_blank\"><img decoding=\"async\" src=\"https:\/\/lh3.googleusercontent.com\/pw\/AP1GczOL7M8FyoYspwiVMafo8C6sG5pJBqsDgIwvhr1ZKUuvSshY-okRaqG7cwBur5jdPXiFZ0Hpoft97HBtwoviPyuX4mwinQABkD4VrfXXtumNjKRVu0A6goZECvAfGgAR5Gj11JffLcV-Os96oFt1asmb=w2000-h1333-s-no-gm?authuser=0\" width=\"2000\" height=\"1333\" alt=\"Ba\u015fkan Yamada&#039;n\u0131n tostu\" class=\"size-full\" \/><\/a><figcaption class=\"wp-caption-text\">Ba\u015fkan Yamada&#039;n\u0131n tostu<\/figcaption><\/figure>\n<p>&quot;23 y\u0131ld\u0131r Wa mahalle derne\u011finde ya\u015f\u0131yorum.<\/p>\n<p>Mahalle derne\u011finin ba\u015fkan\u0131 olmaktan \u00e7ok gerginim. \u00d6n\u00fcm\u00fczdeki y\u0131l sizinle \u00e7al\u0131\u015fmay\u0131 d\u00f6rt g\u00f6zle bekliyorum.<\/p>\n<p>Bu y\u0131l i\u00e7erisinde yaralanmalardan, hastal\u0131klardan ve sa\u011fl\u0131k sorunlar\u0131ndan uzak durmaya l\u00fctfen dikkat edin ve \u00e7e\u015fitli etkinliklere kat\u0131lma ve hepinizle y\u00fcz y\u00fcze g\u00f6r\u00fc\u015fme f\u0131rsat\u0131 bulmay\u0131 umuyorum.<\/p>\n<p>Ba\u015fkan Yamada, &quot;Bu y\u0131l herkesin sa\u011fl\u0131\u011f\u0131 ve refah\u0131 i\u00e7in kadeh kald\u0131ral\u0131m! \u015eerefe!!!&quot; dedi.<\/p>\n<h3>ziyafet<\/h3>\n<figure class=\"wp-caption aligncenter\"><a href=\"https:\/\/photos.google.com\/share\/AF1QipNsWOuPo2cP08w7d0-AlaTIom_FVx-xzPyfGCCqX4V2xIo1Wg9ZVutfoOV9BLHS9A\/photo\/AF1QipPoWU1tN6Axz8YH2XZAcHdc01ornTv8LwZKofI?key=TUcxcFM5NkY2T1NvZElWVVFFMHdBdlg0RVktMUhn\" target=\"_blank\"><img decoding=\"async\" src=\"https:\/\/lh3.googleusercontent.com\/pw\/AP1GczO4dGJxUjLie6W2pZcMWM8iqC2Urfw1l0FZPOrLQAoS_cOuEWjllqudrDWNEQuJTiSZR-npcmHLpCNP5kfKO-kcG--5Ff12PNLqS-LPPBvI4WmRFPAg2Qe2ghWtUOo9cHQdeAauvfHjQ4Q0qzFDptBw=w2000-h1500-s-no-gm?authuser=0\" width=\"2000\" height=\"1500\" alt=\"Ziyafet yemekleri\" class=\"size-full\" \/><\/a><figcaption class=\"wp-caption-text\">Ziyafet yemekleri<\/figcaption><\/figure>\n<figure class=\"wp-caption aligncenter\"><a href=\"https:\/\/photos.google.com\/share\/AF1QipNsWOuPo2cP08w7d0-AlaTIom_FVx-xzPyfGCCqX4V2xIo1Wg9ZVutfoOV9BLHS9A\/photo\/AF1QipNRLuFR3dYAldMK5r3yd1V-0mBBSpCOxSf_znY?key=TUcxcFM5NkY2T1NvZElWVVFFMHdBdlg0RVktMUhn\" target=\"_blank\"><img decoding=\"async\" src=\"https:\/\/lh3.googleusercontent.com\/pw\/AP1GczOwZyut6uhDk_uVMfPlqQIUpR-oWrgN2PUbGMPRm4RGSD7kSiKglr16RfYFB5z0dk0mzoFVF80hHnwyJxkNq3SBd8PlHk5RwS0boV5X0QjfaqyN7HT4tshlhJo0ZOj6ktcAx8aeG8R_ygWb3eoaCLnt=w2000-h1500-s-no-gm?authuser=0\" width=\"2000\" height=\"1500\" alt=\"\u00c7ok tatl\u0131lar da var!\" class=\"size-full\" \/><\/a><figcaption class=\"wp-caption-text\">\u00c7ok tatl\u0131lar da var!<\/figcaption><\/figure>\n<figure class=\"wp-caption aligncenter\"><a href=\"https:\/\/photos.google.com\/share\/AF1QipNsWOuPo2cP08w7d0-AlaTIom_FVx-xzPyfGCCqX4V2xIo1Wg9ZVutfoOV9BLHS9A\/photo\/AF1QipOL6A3AlohkUsZG3ng-yVeARa9nBcVsT9foIw4?key=TUcxcFM5NkY2T1NvZElWVVFFMHdBdlg0RVktMUhn\" target=\"_blank\"><img decoding=\"async\" src=\"https:\/\/lh3.googleusercontent.com\/pw\/AP1GczOfwxRdBbq6UTT54s23D-v7GDMoLqnASVq5JKEQdkuPwx2nvg3VsQURKNGhXi2xJkpjNcS3md57naH2HMmSEWPS17jMHKegdIZ7R7EBD0u3XA9PNKlD5-ToqrC9wITxb6luGpqpHocweND91uB-7-cb=w2000-h1500-s-no-gm?authuser=0\" width=\"2000\" height=\"1500\" alt=\"Sohbet \u00e7ok hareketliydi...\" class=\"size-full\" \/><\/a><figcaption class=\"wp-caption-text\">Sohbet \u00e7ok hareketliydi...<\/figcaption><\/figure>\n<figure class=\"wp-caption aligncenter\"><a href=\"https:\/\/photos.google.com\/share\/AF1QipNsWOuPo2cP08w7d0-AlaTIom_FVx-xzPyfGCCqX4V2xIo1Wg9ZVutfoOV9BLHS9A\/photo\/AF1QipPYG8hQlEGdqIcU_camUNi1V61ZgGiFd-IHNI0?key=TUcxcFM5NkY2T1NvZElWVVFFMHdBdlg0RVktMUhn\" target=\"_blank\"><img decoding=\"async\" src=\"https:\/\/lh3.googleusercontent.com\/pw\/AP1GczNV_1cKirT4i_Zzegf8HOdZIO3VeS4yvxCZPa9GP35eF8b0F9igSkXwu07r6Wfy4rH1BTUh_TjMbSlAF46EC3tVRfVIMVdHxsEXN410YYsU1p8lZFWFHY0VsAlHmgQpMgY8gcqdFn_qliVsFSFLQCwU=w2000-h1500-s-no-gm?authuser=0\" width=\"2000\" height=\"1500\" alt=\"Uyumlu atmosfer\" class=\"size-full\" \/><\/a><figcaption class=\"wp-caption-text\">Uyumlu atmosfer<\/figcaption><\/figure>\n<h3>Bingo Oyunlar\u0131<\/h3>\n<p>Bingonun \u00f6d\u00fcl\u00fc y\u0131lba\u015f\u0131 paras\u0131! Herkes miktar konusunda heyecanl\u0131yd\u0131!!!<\/p>\n<figure class=\"wp-caption aligncenter\"><a href=\"https:\/\/photos.google.com\/share\/AF1QipNsWOuPo2cP08w7d0-AlaTIom_FVx-xzPyfGCCqX4V2xIo1Wg9ZVutfoOV9BLHS9A\/photo\/AF1QipPW9CI-QGnD5l_XjICmSjqh-OkM6XISY8kwS4c?key=TUcxcFM5NkY2T1NvZElWVVFFMHdBdlg0RVktMUhn\" target=\"_blank\"><img decoding=\"async\" src=\"https:\/\/lh3.googleusercontent.com\/pw\/AP1GczPIWq6WqykP5NulvBrLSAK8PWGeHKHgJbuIGne8iHcS0Mtn9-m79XyKS5MqqwmVtjr9_MbNa1vXF7VahVoccPhv7KVK2JxyrM1xwniPilUYpnCl5TM0ZSUx_McTHyud0J9O3Wk7YXUc4oeAhYWuwqgv=w2000-h1500-s-no-gm?authuser=0\" width=\"2000\" height=\"1500\" alt=\"Bingo Oyunlar\u0131\" class=\"size-full\" \/><\/a><figcaption class=\"wp-caption-text\">Bingo Oyunlar\u0131<\/figcaption><\/figure>\n<figure class=\"wp-caption aligncenter\"><a href=\"https:\/\/photos.google.com\/share\/AF1QipNsWOuPo2cP08w7d0-AlaTIom_FVx-xzPyfGCCqX4V2xIo1Wg9ZVutfoOV9BLHS9A\/photo\/AF1QipNYGbVeiblnXOYtjniXGm-AIq_eVRB3EMC9gk4?key=TUcxcFM5NkY2T1NvZElWVVFFMHdBdlg0RVktMUhn\" target=\"_blank\"><img decoding=\"async\" src=\"https:\/\/lh3.googleusercontent.com\/pw\/AP1GczOTsXw0l4KrZ_6SDKDEBAjXWhL3AYnJZabDmSYdeI7QAc2NIL755SqqHnLWAsd0Dukns5UF3e2iH_XpYST6SbgdmY0PbfEUx_5OL54Bm8EcweDsBl7hClQ5R7GRCCkGrUbOA3vhIW6OcVdIkoJv3LV9=w2000-h1500-s-no-gm?authuser=0\" width=\"2000\" height=\"1500\" alt=\"S\u0131ralamada birinci olmak i\u00e7in ta\u015f-ka\u011f\u0131t-makas!\" class=\"size-full\" \/><\/a><figcaption class=\"wp-caption-text\">S\u0131ralamada birinci olmak i\u00e7in ta\u015f-ka\u011f\u0131t-makas!<\/figcaption><\/figure>\n<figure class=\"wp-caption aligncenter\"><a href=\"https:\/\/photos.google.com\/share\/AF1QipNsWOuPo2cP08w7d0-AlaTIom_FVx-xzPyfGCCqX4V2xIo1Wg9ZVutfoOV9BLHS9A\/photo\/AF1QipPeF63PDheFDOxftKa1a42GnFh5q9Asvqv2w9g?key=TUcxcFM5NkY2T1NvZElWVVFFMHdBdlg0RVktMUhn\" target=\"_blank\"><img decoding=\"async\" src=\"https:\/\/lh3.googleusercontent.com\/pw\/AP1GczMwmqpP3EvW0ACRODWhYWTvy8wzqwK85EloSa8XyKHkcYqOgJt4aZuMBQIFNH2nS2uTPbDcrJZ9Zb0KomqCaZb75j3fW6o_koze6BlUkW8BG5Sr_kVxQcxk-U06ugtcUaupj-R53Y1ntdBZWUWtjJOT=w2000-h1500-s-no-gm?authuser=0\" width=\"2000\" height=\"1500\" alt=\"Peki ya y\u0131lba\u015f\u0131 hediyeleri?\" class=\"size-full\" \/><\/a><figcaption class=\"wp-caption-text\">Peki ya y\u0131lba\u015f\u0131 hediyeleri?<\/figcaption><\/figure>\n<figure class=\"wp-caption aligncenter\"><a href=\"https:\/\/photos.google.com\/share\/AF1QipNsWOuPo2cP08w7d0-AlaTIom_FVx-xzPyfGCCqX4V2xIo1Wg9ZVutfoOV9BLHS9A\/photo\/AF1QipMK9GNfLytK39LZn-XZAY3BYEWtJw1vDH9QWhM?key=TUcxcFM5NkY2T1NvZElWVVFFMHdBdlg0RVktMUhn\" target=\"_blank\"><img decoding=\"async\" src=\"https:\/\/lh3.googleusercontent.com\/pw\/AP1GczOtOBMSkkWaBhVGt_oNJ4ZOQqqBW1h-RPnOMSyJw1JxrnarBQJOlsDcvI58sV_SKc1fOrCS2BmkxhSDZUU-RrYW0pivKJNd4bz01CwshnRBTNiGYzOKhbAauIMss3Ysf0s6FVEFbj6S6_vLmLhJOu-B=w2000-h1500-s-no-gm?authuser=0\" width=\"2000\" height=\"1500\" alt=\"E\u011flenceli sohbetimiz t\u00fcm h\u0131z\u0131yla devam ediyordu.\" class=\"size-full\" \/><\/a><figcaption class=\"wp-caption-text\">E\u011flenceli sohbetimiz t\u00fcm h\u0131z\u0131yla devam ediyordu.<\/figcaption><\/figure>\n<p>Mahalle derne\u011findeki herkes bir araya gelir, yeni y\u0131l\u0131 d\u00f6rt g\u00f6zle bekler, y\u00fcreklerinde sa\u011fl\u0131k ve umut canland\u0131r\u0131r, s\u0131n\u0131rs\u0131z sevgi, \u015f\u00fckran ve dua ile ne\u015feli, enerjik bir \u015fekilde dostluklar\u0131 derinle\u015ftirerek keyifli zamanlar ge\u00e7irirler.<\/p>\n<h2>Youtube videolar\u0131<\/h2>\n<div class=\"youtube\"><iframe title=\"Wa Mahalle Derne\u011fi Ya\u015fl\u0131lar Kul\u00fcb\u00fc Genel Toplant\u0131s\u0131 ve 2025 Yeni Y\u0131l Partisi - Ayd\u0131nl\u0131k ve canl\u0131 bir \u015fekilde fikir al\u0131\u015fveri\u015flerini derinle\u015ftirmek i\u00e7in e\u011flenceli bir zaman\" src=\"https:\/\/www.youtube.com\/embed\/e17cD7uzZbg?feature=oembed\" frameborder=\"0\" allow=\"accelerometer; autoplay; clipboard-write; encrypted-media; gyroscope; picture-in-picture; web-share\" referrerpolicy=\"strict-origin-when-cross-origin\" allowfullscreen><\/iframe><\/div>\n<h2>Di\u011fer foto\u011fraflar<\/h2>\n<div class=\"img-move\"><img decoding=\"async\" style=\"vertical-align: middle;\" src=\"https:\/\/ehokkaido.net\/wp-content\/uploads\/2021\/12\/2021-12-06-11.41.12.png\" \/> <a href=\"https:\/\/photos.app.goo.gl\/ErTxANj4wj3X7Knh6\" target=\"_blank\" rel=\"noopener noreferrer\">Wa Mahalle Derne\u011fi Ya\u015fl\u0131lar Kul\u00fcb\u00fc Genel Toplant\u0131s\u0131 ve 2025 Yeni Y\u0131l Partisi&#039;nden foto\u011fraflar (47 foto\u011fraf) burada &gt;&gt;<\/a><\/div>\n<h2>\u0130lgili makaleler<\/h2>\n\n\n\n\n\n<p>\u25c7 R\u00f6portaj ve metin: Ikuko Terauchi (foto\u011fraf\u00e7\u0131l\u0131k ve d\u00fczenleme asistan\u0131: Noboru Terauchi)<\/p>","protected":false},"excerpt":{"rendered":"<p>\uff12\uff10\uff12\uff15\u5e74\uff12\u6708\uff13\u65e5\uff08\u6708\uff09 \uff11\u6708\uff12\uff18\u65e5\uff08\u706b\uff09\u5348\u524d\uff11\uff11\u6642\uff13\uff10\u5206\u3088\u308a\u3001\u30b5\u30f3\u30d5\u30e9\u30ef\u30fc\u30d1\u30fc\u30af\u5317\u7adc\u6e29\u6cc9\u306b\u3066\u3001\u548c\u753a\u5185\u4f1a\u8001\u4eba\u30af\u30e9\u30d6\u7dcf\u4f1a\uff06\u65b0\u5e74\u4f1a\u304c\u958b\u50ac\u3002 \u753a\u5185\u4f1a \u8001\u4eba\u30af\u30e9\u30d6 \u7dcf\u4f1a \u304a\u3088\u305d\uff13\uff10\u540d\u5f31\u306e\u548c\u753a\u5185\u4f1a\u8001\u4eba\u30af\u30e9\u30d6\u54e1\u304c [&hellip;]<\/p>\n","protected":false},"author":1,"featured_media":55207,"comment_status":"open","ping_status":"open","sticky":false,"template":"","format":"standard","meta":{"footnotes":""},"categories":[4],"tags":[],"class_list":["post-55198","post","type-post","status-publish","format-standard","has-post-thumbnail","hentry","category-cover-story"],"_links":{"self":[{"href":"https:\/\/portal.hokuryu.info\/tr\/wp-json\/wp\/v2\/posts\/55198","targetHints":{"allow":["GET"]}}],"collection":[{"href":"https:\/\/portal.hokuryu.info\/tr\/wp-json\/wp\/v2\/posts"}],"about":[{"href":"https:\/\/portal.hokuryu.info\/tr\/wp-json\/wp\/v2\/types\/post"}],"author":[{"embeddable":true,"href":"https:\/\/portal.hokuryu.info\/tr\/wp-json\/wp\/v2\/users\/1"}],"replies":[{"embeddable":true,"href":"https:\/\/portal.hokuryu.info\/tr\/wp-json\/wp\/v2\/comments?post=55198"}],"version-history":[{"count":3,"href":"https:\/\/portal.hokuryu.info\/tr\/wp-json\/wp\/v2\/posts\/55198\/revisions"}],"predecessor-version":[{"id":69032,"href":"https:\/\/portal.hokuryu.info\/tr\/wp-json\/wp\/v2\/posts\/55198\/revisions\/69032"}],"wp:featuredmedia":[{"embeddable":true,"href":"https:\/\/portal.hokuryu.info\/tr\/wp-json\/wp\/v2\/media\/55207"}],"wp:attachment":[{"href":"https:\/\/portal.hokuryu.info\/tr\/wp-json\/wp\/v2\/media?parent=55198"}],"wp:term":[{"taxonomy":"category","embeddable":true,"href":"https:\/\/portal.hokuryu.info\/tr\/wp-json\/wp\/v2\/categories?post=55198"},{"taxonomy":"post_tag","embeddable":true,"href":"https:\/\/portal.hokuryu.info\/tr\/wp-json\/wp\/v2\/tags?post=55198"}],"curies":[{"name":"wp","href":"https:\/\/api.w.org\/{rel}","templated":true}]}}