{"id":54953,"date":"2025-01-27T17:00:00","date_gmt":"2025-01-27T08:00:00","guid":{"rendered":"https:\/\/portal.hokuryu.info\/?p=54953"},"modified":"2025-01-31T20:38:53","modified_gmt":"2025-01-31T11:38:53","slug":"17-bg-ulusal-zirvesi-2025-hokuryu-kasabasi-10da-duzenlenecek","status":"publish","type":"post","link":"https:\/\/portal.hokuryu.info\/tr\/54953\/","title":{"rendered":"17. B&amp;G Ulusal Zirvesi 2025&#039;te d\u00fczenlenecek ve Hokuryu Kasabas\u0131 10. kez \u00fcst \u00fcste \u00d6zel A De\u011ferlendirme Merkezi olarak tan\u0131nacak!"},"content":{"rendered":"<p>Pazartesi, 27 Ocak 2025<\/p>\n<p>22 Ocak \u00c7ar\u015famba g\u00fcn\u00fc, 17. B&amp;G Ulusal Zirvesi, Bellesalle Tokyo Nihonbashi&#039;de (Chuo-ku, Tokyo) d\u00fczenlendi. 17. B&amp;G Ulusal Zirvesi&#039;nde, Nippon Vakf\u0131 Ba\u015fkan\u0131 Yohei Sasakawa&#039;n\u0131n \u00f6zel bir a\u00e7\u0131l\u0131\u015f konu\u015fmas\u0131, yerel y\u00f6netim liderlerinin vaka \u00e7al\u0131\u015fmas\u0131 sunumlar\u0131 ve &quot;Mikro ve Makro Perspektiflerden Kamu Tesisleri&quot; temas\u0131yla ola\u011fan\u00fcst\u00fc merkezlere \u00f6d\u00fcller verildi.<\/p>\n<p>T\u00f6rene kat\u0131lan Belediye Ba\u015fkan\u0131 Yasuhiro Sasaki ve Kitary\u016b Kasabas\u0131 E\u011fitim M\u00fcd\u00fcr\u00fc Yoshiki Tanaka, \u00fcst \u00fcste 10. kez \u00f6zel A derecelendirme merkezi olarak tan\u0131nd\u0131lar.<\/p>\n<h2>17. B&amp;G Ulusal Zirvesi<\/h2>\n<figure class=\"wp-caption aligncenter\"><a href=\"https:\/\/photos.google.com\/share\/AF1QipNCIEEehDyv0BIPjWmkOCGOAkKvcgM0JKh0rTbCAV-hQquJrwvrv4rKafH7S5Inxg\/photo\/AF1QipMtqhboR3TQwhS4DiJ31nvgILfen1M5kfN2xic?key=MU96cGl6c0dfMVpJc2djQ2I3RW5ESXBLY0ZVMmhR\" target=\"_blank\"><img decoding=\"async\" src=\"https:\/\/lh3.googleusercontent.com\/pw\/AP1GczMay174upvxThvOcgpT-dY45kMuet6l1oTRsZ1BbEoVtABcqqXbCeu0jtLPi4oekaaKqaTMdn1XQW09aFdy5QP7JNLelbPMDSPX_fp1fNHuiiyVp19za4MxyVF7KBph-i3Oj_aSqgwR0x-W6n9x80xd=w595-h841-s-no-gm?authuser=1\" width=\"500\" alt=\"17. B&amp;G Ulusal Zirvesi 2025\" class=\"size-full\" style=\"border:solid 1px lightgray\"\/><\/a><figcaption class=\"wp-caption-text\">17. B&amp;G Ulusal Zirvesi 2025<\/figcaption><\/figure>\n<figure class=\"wp-caption aligncenter\"><a href=\"https:\/\/photos.google.com\/share\/AF1QipNCIEEehDyv0BIPjWmkOCGOAkKvcgM0JKh0rTbCAV-hQquJrwvrv4rKafH7S5Inxg\/photo\/AF1QipNl4BbW7_V5dn1QnN5hOaBdRLS2BWJujHeTgJc?key=MU96cGl6c0dfMVpJc2djQ2I3RW5ESXBLY0ZVMmhR\" target=\"_blank\"><img decoding=\"async\" src=\"https:\/\/lh3.googleusercontent.com\/pw\/AP1GczP-ayeOsTD6J1l05RkT8sCffMD3ENr46YqR8r0xjoZn7ARPKxKS54ashExocOTJ37klFhmdClCKsEiBLd5W5B2nMclP__l2D1E19JHZSTAu1Cs-_kRnlegGHOZ1N493SVN1ToXlNwmasr8IF-0VlAmj=w2000-h1500-s-no-gm?authuser=0\" width=\"2000\" height=\"1500\" alt=\"Bellesalle Tokyo Nihonbashi (Chuo B\u00f6lgesi, Tokyo)\" class=\"size-full\" \/><\/a><figcaption class=\"wp-caption-text\">Bellesalle Tokyo Nihonbashi (Chuo B\u00f6lgesi, Tokyo)<\/figcaption><\/figure>\n<figure class=\"wp-caption aligncenter\"><a href=\"https:\/\/photos.google.com\/share\/AF1QipNCIEEehDyv0BIPjWmkOCGOAkKvcgM0JKh0rTbCAV-hQquJrwvrv4rKafH7S5Inxg\/photo\/AF1QipN0CwoNM1k9wxm6yhAydRVnRQ2F-mITluTja2U?key=MU96cGl6c0dfMVpJc2djQ2I3RW5ESXBLY0ZVMmhR\" target=\"_blank\"><img decoding=\"async\" src=\"https:\/\/lh3.googleusercontent.com\/pw\/AP1GczPw01DsvgXzPpMtpOkgQxFK5bHM2eDgdOIAunV2K9tbP1TlN_t4vxVhpP_mk6Q3miovVcE7B7bJyjTiKskF7CGoZ4zbjNAcQsgJvdGuALfiPqw7ojmN5d94G_01POrGSKlkwCG04QKyDY2Cbe7vu8d-=w2000-h1500-s-no-gm?authuser=0\" width=\"2000\" height=\"1500\" alt=\"17. B&amp;G Ulusal Zirvesi\" class=\"size-full\" \/><\/a><figcaption class=\"wp-caption-text\">17. B&amp;G Ulusal Zirvesi<\/figcaption><\/figure>\n<h3>B&amp;G Vakf\u0131<\/h3>\n<p>Kamu yarar\u0131na \u00e7al\u0131\u015fan t\u00fczel ki\u015fili\u011fe sahip B&amp;G Vakf\u0131 (ad\u0131 1 Nisan 2023&#039;te de\u011fi\u015ftirilecektir), Motorlu Tekne Yar\u0131\u015flar\u0131 Yasas\u0131&#039;n\u0131n 20. y\u0131l d\u00f6n\u00fcm\u00fcn\u00fc anmak amac\u0131yla 1973 y\u0131l\u0131nda (Showa 48) kurulmu\u015ftur ve bu y\u0131l 52. y\u0131l d\u00f6n\u00fcm\u00fcn\u00fc kutluyor. Vak\u0131f, gen\u00e7lerin sa\u011fl\u0131kl\u0131 geli\u015fimini desteklemek ve yerel topluluklar\u0131 canland\u0131rmak ve yaratmak amac\u0131yla faaliyet g\u00f6steren kamu yarar\u0131na \u00e7al\u0131\u015fan bir kurulu\u015ftur.<\/p>\n<h3>\u00dclke genelinde 360 yerel y\u00f6netimden 273 belediye ba\u015fkan\u0131n\u0131n da aralar\u0131nda bulundu\u011fu toplam 800 ki\u015fi kat\u0131ld\u0131.<\/h3>\n<p>17. B&amp;G Ulusal Zirvesi&#039;ne \u00fclke genelinde 45 il ve 360 yerel y\u00f6netimden 273 belediye ba\u015fkan\u0131, 24 ba\u015fkan yard\u0131mc\u0131s\u0131 ve 196 e\u011fitim m\u00fcd\u00fcr\u00fc ile konuklar ve yerel y\u00f6netim yetkilileri de dahil olmak \u00fczere yakla\u015f\u0131k 800 ki\u015fi kat\u0131ld\u0131.<\/p>\n<figure class=\"wp-caption aligncenter\"><a href=\"https:\/\/photos.google.com\/share\/AF1QipNCIEEehDyv0BIPjWmkOCGOAkKvcgM0JKh0rTbCAV-hQquJrwvrv4rKafH7S5Inxg\/photo\/AF1QipP8ut7DyuZHE2FNmEs15t5YUb2dMj1tfI6Hw88?key=MU96cGl6c0dfMVpJc2djQ2I3RW5ESXBLY0ZVMmhR\" target=\"_blank\"><img decoding=\"async\" src=\"https:\/\/lh3.googleusercontent.com\/pw\/AP1GczNmN-g7M0V98R0h6jR_Wxa7dzPrJgvH00yvFxy8EBaLnE9N3CxUebjd-cQwoy7-glK__CdFgFvqtxKfLlqubvvacVinOjnuIXimWLBEfyDL2a_-ZcewoIxUkQrKh58GfpSnTYEM3gR0_5Uyoa3L3meZ=w2000-h1500-s-no-gm?authuser=0\" width=\"2000\" height=\"1500\" alt=\"Kay\u0131t: \u00dclke \u00e7ap\u0131nda 45 prefekt\u00f6rl\u00fck (379 belediye) kat\u0131ld\u0131\" class=\"size-full\" \/><\/a><figcaption class=\"wp-caption-text\">Kay\u0131t: \u00dclke \u00e7ap\u0131nda 45 prefekt\u00f6rl\u00fck (379 belediye) kat\u0131ld\u0131<\/figcaption><\/figure>\n<figure class=\"wp-caption aligncenter\"><a href=\"https:\/\/photos.google.com\/share\/AF1QipNCIEEehDyv0BIPjWmkOCGOAkKvcgM0JKh0rTbCAV-hQquJrwvrv4rKafH7S5Inxg\/photo\/AF1QipOOI9ovER_KwL6db0KNTTULm19HmKgzxD93vCA?key=MU96cGl6c0dfMVpJc2djQ2I3RW5ESXBLY0ZVMmhR\" target=\"_blank\"><img decoding=\"async\" src=\"https:\/\/lh3.googleusercontent.com\/pw\/AP1GczPAPbPSKXEUcOdL-H4t7uvxuRU84HAqQkfp327cOem0STju8tw7Pw1ZuyL5fBiZq3JbVwywG3Iy2Cm1PxzpvYuCAL8xygxqwJTOb0qR0q7eYLz2mp8ECJ7FvwX1CLFr8jipUCXDaoeBP8HwS0mnbzlW=w2000-h1500-s-no-gm?authuser=0\" width=\"2000\" height=\"1500\" alt=\"oturma plan\u0131\" class=\"size-full\" \/><\/a><figcaption class=\"wp-caption-text\">oturma plan\u0131<\/figcaption><\/figure>\n<h3>Hokkaido&#039;dan 32 yerel y\u00f6netim kat\u0131ld\u0131<\/h3>\n<p>Hokkaido&#039;dan 32 belediye kat\u0131lm\u0131\u015ft\u0131r: Sunagawa \u015eehri, Obira Kasabas\u0131, Akkeshi Kasabas\u0131, Kenbuchi Kasabas\u0131, Taiki Kasabas\u0131, Takasu Kasabas\u0131, Shari Kasabas\u0131, Aibetsu Kasabas\u0131, Enbetsu Kasabas\u0131, Shinshinotsu K\u00f6y\u00fc, Ozora Kasabas\u0131,<strong>Hokuryu Kasabas\u0131<\/strong>Toplant\u0131ya a\u015fa\u011f\u0131daki kasabalar kat\u0131ld\u0131 (dosyada listelenen s\u0131rayla): Esashi Kasabas\u0131, Shimokawa Kasabas\u0131, Higashikagura Kasabas\u0131, Nayoro \u015eehri, Shakotan Kasabas\u0131, Wassamu Kasabas\u0131, Ashibetsu \u015eehri, Oshamanbe Kasabas\u0131, Kamifurano Kasabas\u0131, Higashikawa Kasabas\u0131, Biei Kasabas\u0131, Ishikari \u015eehri, Urausu Kasabas\u0131, Chichibubetsu Kasabas\u0131, Numata Kasabas\u0131, Iwamizawa \u015eehri, Tomamae Kasabas\u0131, Takikawa \u015eehir, Furubira Kasabas\u0131 ve Muroran \u015eehri.<\/p>\n<h3>Hokuryu Kasabas\u0131 10 y\u0131l \u00fcst \u00fcste \u00f6zel A derecesi ald\u0131<\/h3>\n<p>Bu kez iki merkez 20 y\u0131l \u00fcst \u00fcste \u00d6zel A derecesi al\u0131rken, 21 merkez de 10 y\u0131l \u00fcst \u00fcste \u00d6zel A derecesi ald\u0131. Hokkaido&#039;da be\u015f merkez \u00fcst \u00fcste 10 y\u0131l boyunca \u00f6zel A derecesi ald\u0131 ve Hokuryu kasabam\u0131zdaki B&amp;G Deniz Merkezi M\u00fckemmel Deniz Merkezi unvan\u0131na lay\u0131k g\u00f6r\u00fcld\u00fc.<\/p>\n<p>Bu deniz merkezi de\u011ferlendirmesinin temel amac\u0131, her bir tesisin y\u00f6netim ve i\u015fletme y\u00f6nlerini kavramak, faaliyetleri canland\u0131rmak ve B&amp;G Vakf\u0131 taraf\u0131ndan y\u00fcr\u00fct\u00fclen destek faaliyetleri i\u00e7in bir g\u00f6sterge g\u00f6revi g\u00f6rmektir. En \u00fcst seviye olan \u00d6zel A&#039;dan, kullan\u0131c\u0131 say\u0131s\u0131, etkinlik durumu, tesis bak\u0131m\u0131 vb.&#039;nin nicel olarak kontrol edildi\u011fi kriter tablosuna dayal\u0131 E&#039;ye kadar alt\u0131 seviyede de\u011ferlendirmeler yap\u0131lmaktad\u0131r.<\/p>\n<h3>i\u015flemler<\/h3>\n<p>Toplant\u0131ya, B&amp;G Vakf\u0131 \u00e7al\u0131\u015fanlar\u0131 B\u00f6lgesel Canland\u0131rma Departman\u0131 Afet \u00d6nleme Tan\u0131t\u0131m Birimi&#039;nden Mei Katase ve B\u00f6lgesel Canland\u0131rma Departman\u0131 \u00c7ocuk Destek Birimi&#039;nden Mai Ogawa ba\u015fkanl\u0131k etti.<\/p>\n<figure class=\"wp-caption aligncenter\"><a href=\"https:\/\/photos.google.com\/share\/AF1QipNCIEEehDyv0BIPjWmkOCGOAkKvcgM0JKh0rTbCAV-hQquJrwvrv4rKafH7S5Inxg\/photo\/AF1QipNiavO09wYgkgBmwaO0SCLj9_HdqreYcCVRLpg?key=MU96cGl6c0dfMVpJc2djQ2I3RW5ESXBLY0ZVMmhR\" target=\"_blank\"><img decoding=\"async\" src=\"https:\/\/lh3.googleusercontent.com\/pw\/AP1GczMTeHa5FC0XMIpc-0ti80NI7-RJ5DjES3xDFTznrGC39c3mZFRH4U1nihXcnl3GdCmUc4NS8KNW5v47q38vEWbe_vOLW36jtcwKAZQLv_S1oqNOpoyqQHtOmbAcfvyO7KdGmvPwGH4aOJ6qy2tdVyuA=w2000-h1333-s-no-gm?authuser=0\" width=\"2000\" height=\"1333\" alt=\"Tutanaklar: Bayan Mei Katase, Afet \u00d6nleme Tan\u0131t\u0131m B\u00f6l\u00fcm\u00fc, B\u00f6lgesel Canland\u0131rma Departman\u0131 ve Bayan Mai Ogawa, \u00c7ocuk Destek B\u00f6l\u00fcm\u00fc, B\u00f6lgesel Canland\u0131rma Departman\u0131\" class=\"size-full\" \/><\/a><figcaption class=\"wp-caption-text\">Tutanaklar: Bayan Mei Katase, Afet \u00d6nleme Tan\u0131t\u0131m B\u00f6l\u00fcm\u00fc, B\u00f6lgesel Canland\u0131rma Departman\u0131 ve Bayan Mai Ogawa, \u00c7ocuk Destek B\u00f6l\u00fcm\u00fc, B\u00f6lgesel Canland\u0131rma Departman\u0131<\/figcaption><\/figure>\n<h2>B\u00f6l\u00fcm 1<\/h2>\n<figure class=\"wp-caption aligncenter\"><a href=\"https:\/\/photos.google.com\/share\/AF1QipNCIEEehDyv0BIPjWmkOCGOAkKvcgM0JKh0rTbCAV-hQquJrwvrv4rKafH7S5Inxg\/photo\/AF1QipM1i7oaAIrfqYqCcLWk_08dLL-uryCCMm4TR08?key=MU96cGl6c0dfMVpJc2djQ2I3RW5ESXBLY0ZVMmhR\" target=\"_blank\"><img decoding=\"async\" src=\"https:\/\/lh3.googleusercontent.com\/pw\/AP1GczNW3vJLgfYl0KVdL2F1Aear7JM3htCxEmZ90wfYyCYIn4ltyUdOO8FQbyFjFpcUoOA8u4yUr4v45bNzJPzrkuqH2qP4CB7ioOJw3S1Y89ZJt4qaUltzP8zomVokLqoaOYwN1uH2PPEYp4p1w2ZzuMkd=w2000-h1333-s-no-gm?authuser=0\" width=\"2000\" height=\"1333\" alt=\"1. B\u00f6l\u00fcm ger\u00e7ekle\u015fti\" class=\"size-full\" \/><\/a><figcaption class=\"wp-caption-text\">1. B\u00f6l\u00fcm ger\u00e7ekle\u015fti<\/figcaption><\/figure>\n<h3>Organizat\u00f6r\u00fcn a\u00e7\u0131l\u0131\u015f konu\u015fmas\u0131: B&amp;G Vakf\u0131 Ba\u015fkan\u0131, Yasuyoshi Maeda (Hokkaido, Takikawa \u015eehri Belediye Ba\u015fkan\u0131)<\/h3>\n<p>B&amp;G Vakf\u0131 Ba\u015fkan\u0131 Yasuyoshi Maeda, t\u00fcm kat\u0131l\u0131mc\u0131lara te\u015fekk\u00fcrlerini sunarak, &quot;Yerel y\u00f6netimlerle birlikte giderek \u00e7e\u015fitlenen toplumsal sorunlara \u00e7\u00f6z\u00fcm bulmak ve b\u00f6lgenin daha da geli\u015fmesi i\u00e7in, &#039;gen\u00e7lerin sa\u011fl\u0131kl\u0131 geli\u015fimi&#039; ve &#039;b\u00f6lgesel canlanma ve b\u00f6lgesel yarat\u0131m&#039; ilkeleri temelinde, her zamankinden daha geni\u015f yelpazede projeleri te\u015fvik etmek i\u00e7in var g\u00fcc\u00fcm\u00fczle \u00e7al\u0131\u015fmay\u0131 ama\u00e7l\u0131yoruz.&quot; dedi.<\/p>\n<figure class=\"wp-caption aligncenter\"><a href=\"https:\/\/photos.google.com\/share\/AF1QipNCIEEehDyv0BIPjWmkOCGOAkKvcgM0JKh0rTbCAV-hQquJrwvrv4rKafH7S5Inxg\/photo\/AF1QipPnHNsJGdtlHlvpSmAwQwHIwxHQkH9M-QV5cE8?key=MU96cGl6c0dfMVpJc2djQ2I3RW5ESXBLY0ZVMmhR\" target=\"_blank\"><img decoding=\"async\" src=\"https:\/\/lh3.googleusercontent.com\/pw\/AP1GczNidlSfl8EZYf4Py27kpxCfXBghvSpj1JG84xcAOUbIRE5S6gLqwuTr_2ZMGvLEXrF67HXPhUZD5E8hr6gXnT2G_qFJT8HYj5HFq3E-AWluqhHa_c_vjSLMNd9Dv0o718__8bVXq10V-dREidIXBtph=w2000-h1333-s-no-gm?authuser=0\" width=\"2000\" height=\"1333\" alt=\"Bay Yasuyoshi Maeda, B&amp;G Vakf\u0131 Ba\u015fkan\u0131\" class=\"size-full\" \/><\/a><figcaption class=\"wp-caption-text\">Bay Yasuyoshi Maeda, B&amp;G Vakf\u0131 Ba\u015fkan\u0131<\/figcaption><\/figure>\n<h3>Misafir Tan\u0131t\u0131m\u0131<\/h3>\n<p>Nippon Vakf\u0131 Ba\u015fkan\u0131, Yohei Sasakawa, Nippon Vakf\u0131 Genel M\u00fcd\u00fcr\u00fc, Junpei Sasakawa, Nippon Vakf\u0131 Genel M\u00fcd\u00fcr\u00fc, Hideo Sato, Nippon Vakf\u0131 \u0130cra Direkt\u00f6r\u00fc, Yuki Kishi, B&amp;G Vakf\u0131 Meclis \u00dcyesi (oyuncu ve ressam), Mari Company Inc. CEO&#039;su, Mari Tanigawa, B&amp;G Vakf\u0131 M\u00fcd\u00fcr\u00fc, Shinsuke Sano (Sankei Shimbun&#039;un Konuk Edit\u00f6r Yazar\u0131), Genichi Kobayashi, B&amp;G Vakf\u0131 Tesis Geli\u015ftirme Komitesi (Kobayashi Mimarl\u0131k Enstit\u00fcs\u00fc temsilcisi), B&amp;G Vakf\u0131 Ba\u015fkan\u0131, Kokichi Maeda (Hokkaido, Takikawa \u015eehri Belediye Ba\u015fkan\u0131), B&amp;G Vakf\u0131 Ba\u015fkan\u0131, Satoshi Sugawara, B&amp;G Vakf\u0131 Genel M\u00fcd\u00fcr\u00fc, Tomoaki Asahida, B&amp;G Vakf\u0131 Genel M\u00fcd\u00fcr\u00fc, Masato Iwai, B&amp;G Vakf\u0131 Genel M\u00fcd\u00fcr\u00fc<\/p>\n<figure class=\"wp-caption aligncenter\"><a href=\"https:\/\/photos.google.com\/share\/AF1QipNCIEEehDyv0BIPjWmkOCGOAkKvcgM0JKh0rTbCAV-hQquJrwvrv4rKafH7S5Inxg\/photo\/AF1QipNfkVTONyJdYfyenBQvczKREWMtOpqaQ5Nk8OM?key=MU96cGl6c0dfMVpJc2djQ2I3RW5ESXBLY0ZVMmhR\" target=\"_blank\"><img decoding=\"async\" src=\"https:\/\/lh3.googleusercontent.com\/pw\/AP1GczMAQ-burhxmdQOupvFsmxbG-vwEiDXB1pDXIRMErkqKAZSvVKu43QjiETjVyb_R18eezVsbKjLiELvvijbMyuu8fI8rIkl0O5KdDPJwTA0NhIZo0RxL21A4l_YY1DQnNZj39y4MedCsasBiX8EXgxVH=w2000-h1333-s-no-gm?authuser=0\" width=\"2000\" height=\"1333\" alt=\"Misafir Tan\u0131t\u0131m\u0131\" class=\"size-full\" \/><\/a><figcaption class=\"wp-caption-text\">Misafir Tan\u0131t\u0131m\u0131<\/figcaption><\/figure>\n<h3>Girii\u015f:<br \/>\nAfet \u00f6nleme \u00fcslerinin kurulmas\u0131 ve afet durumunda kar\u015f\u0131l\u0131kl\u0131 destek sistemlerinin olu\u015fturulmas\u0131 projesi<\/h3>\n<h4>1. B&amp;G Vakf\u0131 Kar\u015f\u0131l\u0131kl\u0131 Destek Hakk\u0131nda:<br \/>\nRandai Fujie, Afet \u00d6nleme Tan\u0131t\u0131m B\u00f6l\u00fcm\u00fc, B\u00f6lgesel Canland\u0131rma Departman\u0131, B&amp;G Vakf\u0131<\/h4>\n<figure class=\"wp-caption aligncenter\"><a href=\"https:\/\/photos.google.com\/share\/AF1QipNCIEEehDyv0BIPjWmkOCGOAkKvcgM0JKh0rTbCAV-hQquJrwvrv4rKafH7S5Inxg\/photo\/AF1QipP5HrX9LNmEuUpbTGc00V11SQEYFzx3WP6whco?key=MU96cGl6c0dfMVpJc2djQ2I3RW5ESXBLY0ZVMmhR\" target=\"_blank\"><img decoding=\"async\" src=\"https:\/\/lh3.googleusercontent.com\/pw\/AP1GczM_PZEmmqY8pkcqx0UmWF5VAH0oz306AH-vxHtkhU9LdV4543VlvbE8oFA1KdUzCOr0r8IL9PGUlCszYt1AkAjKKkcUPerCl57waWYreUw4qm6nbW9kM9lQCDtcnjGSyXXyMvZVXv6AJHOvQKwF6eXd=w2000-h1333-s-no-gm?authuser=0\" width=\"2000\" height=\"1333\" alt=\"Randai Fujie, Afet \u00d6nleme Tan\u0131t\u0131m B\u00f6l\u00fcm\u00fc, B\u00f6lgesel Canland\u0131rma Departman\u0131\" class=\"size-full\" \/><\/a><figcaption class=\"wp-caption-text\">Randai Fujie, Afet \u00d6nleme Tan\u0131t\u0131m B\u00f6l\u00fcm\u00fc, B\u00f6lgesel Canland\u0131rma Departman\u0131<\/figcaption><\/figure>\n<ul>\n<li>2024 y\u0131l\u0131na kadar \u00fclke \u00e7ap\u0131nda 69 lokasyona geni\u015fletilecek<\/li>\n<li>Afet \u00f6nleme deste\u011fine genel bak\u0131\u015f, afet \u00f6nleme \u00fcslerinde bulunan ekipmanlar (hidrolik ekskavat\u00f6rler, kayd\u0131rmal\u0131 damperler, kurtarma botlar\u0131, vb.)<\/li>\n<li>Noto Yar\u0131madas\u0131 depremi ve \u015fiddetli ya\u011fmur felaketleri s\u0131ras\u0131nda kullan\u0131m \u00f6rneklerinin tan\u0131t\u0131m\u0131<\/li>\n<\/ul>\n<figure class=\"wp-caption aligncenter\"><a href=\"https:\/\/photos.google.com\/share\/AF1QipNCIEEehDyv0BIPjWmkOCGOAkKvcgM0JKh0rTbCAV-hQquJrwvrv4rKafH7S5Inxg\/photo\/AF1QipO8iF02VBICtebhP58bfROmdk7KLmKyyH-EKUQ?key=MU96cGl6c0dfMVpJc2djQ2I3RW5ESXBLY0ZVMmhR\" target=\"_blank\"><img decoding=\"async\" src=\"https:\/\/lh3.googleusercontent.com\/pw\/AP1GczM8YEkyooh9WBx0G7SciJXSSE72J__PXtRxwZzly81HEVPjxjWKAtr07vnryguxpq_l4hIb8uQpMqP5bA-Ku9h2L72kR5S-G9yi3g0zOM80dxaQOStlTxT5dDp-mkipOvIKtHseBEtsiCNmLrU4YvWi=w2000-h1333-s-no-gm?authuser=0\" width=\"2000\" height=\"1333\" alt=\"Afet \u00f6nleme merkezleri arac\u0131l\u0131\u011f\u0131yla afetler s\u0131ras\u0131nda kar\u015f\u0131l\u0131kl\u0131 deste\u011fe ili\u015fkin bilgiler\" class=\"size-full\" \/><\/a><figcaption class=\"wp-caption-text\">Afet \u00f6nleme merkezleri arac\u0131l\u0131\u011f\u0131yla afetler s\u0131ras\u0131nda kar\u015f\u0131l\u0131kl\u0131 deste\u011fe ili\u015fkin bilgiler<\/figcaption><\/figure>\n<h4>2. Aomori Eyaleti, Hirakawa Kasabas\u0131&#039;ndaki hasar durumu:<br \/>\nBay Takamasa Susuda, E\u011fitim M\u00fcfetti\u015fi, Hirakawa \u015eehri, Aomori Eyaleti<\/h4>\n<figure class=\"wp-caption aligncenter\"><a href=\"https:\/\/photos.google.com\/share\/AF1QipNCIEEehDyv0BIPjWmkOCGOAkKvcgM0JKh0rTbCAV-hQquJrwvrv4rKafH7S5Inxg\/photo\/AF1QipMMoeUkxq7ZWIiHp8WrXe5lx2TTpI5GrUA11sA?key=MU96cGl6c0dfMVpJc2djQ2I3RW5ESXBLY0ZVMmhR\" target=\"_blank\"><img decoding=\"async\" src=\"https:\/\/lh3.googleusercontent.com\/pw\/AP1GczPsaw-cuWeDw6IN3kbrXxX63_AdicP2AYLF5IvdBS3fbFW9V2qO7IQYrZx46bvFvgdVt92U1Fbb_G4CvMfHnOiuN5lJne7Nudoyz2VC-Z9RJnIpXnT-LKehqM959d6H-Zg-YMQ8rPEJT3g34SDbZkkE=w2000-h1333-s-no-gm?authuser=0\" width=\"2000\" height=\"1333\" alt=\"Bay Takanori Susuda, E\u011fitim M\u00fcd\u00fcr\u00fc, Hirakawa \u015eehri, Aomori Eyaleti\" class=\"size-full\" \/><\/a><figcaption class=\"wp-caption-text\">Bay Takanori Susuda, E\u011fitim M\u00fcd\u00fcr\u00fc, Hirakawa \u015eehri, Aomori Eyaleti<\/figcaption><\/figure>\n<p>Aomori \u0130li Tsugaru B\u00f6lgesi&#039;nde yo\u011fun kar ya\u011f\u0131\u015f\u0131 felakete yol a\u00e7t\u0131. &quot;Afet \u00d6nleme \u00dcss\u00fc Kurulmas\u0131 ve Afet Durumunda Kar\u015f\u0131l\u0131kl\u0131 Destek Sisteminin Olu\u015fturulmas\u0131&quot; projesi kapsam\u0131nda B&amp;G Vakf\u0131 arac\u0131l\u0131\u011f\u0131yla a\u011f\u0131r i\u015f makineleri konu\u015fland\u0131r\u0131l\u0131rken, hem Akita \u0130li, Oga \u015eehri&#039;nden hem de Iwate \u0130li, Kuji \u015eehri&#039;nden okullar ve toplum merkezleri gibi kamu tesislerinde kar temizleme \u00e7al\u0131\u015fmalar\u0131 yapmak \u00fczere a\u011f\u0131r i\u015f makineleri ve operat\u00f6rler g\u00f6revlendirildi.<\/p>\n<figure class=\"wp-caption aligncenter\"><a href=\"https:\/\/photos.google.com\/share\/AF1QipNCIEEehDyv0BIPjWmkOCGOAkKvcgM0JKh0rTbCAV-hQquJrwvrv4rKafH7S5Inxg\/photo\/AF1QipPw7HZBlMxCUTptI6hFomty1cdUzVIp1sxr8Wg?key=MU96cGl6c0dfMVpJc2djQ2I3RW5ESXBLY0ZVMmhR\" target=\"_blank\"><img decoding=\"async\" src=\"https:\/\/lh3.googleusercontent.com\/pw\/AP1GczNpMx2vwaCgzcKPAed9DUKUhbk30pOwdvldhasX1MZmo4F7pU28dndR54Z1TezEpTb4NoDdHHuhNw_UKRlGQPJfTM3tBGcpLRlxbAadXhzIlnZwE8n_1JP6v-kbEfKXpqd4jC7N7NHKf-ts7o8SkDyE=w2000-h1333-s-no-gm?authuser=0\" width=\"2000\" height=\"1333\" alt=\"Oga \u015eehri&#039;ndeki destek durumu\" class=\"size-full\" \/><\/a><figcaption class=\"wp-caption-text\">Oga \u015eehri&#039;ndeki destek durumu<\/figcaption><\/figure>\n<h2>\u00d6zel Konu\u015fma &quot;Japonya&#039;n\u0131n Gelece\u011fi Tehlikede mi?&quot;<br \/>\nNippon Vakf\u0131 Ba\u015fkan\u0131 Yohei Sasakawa<\/h2>\n<h3>Ba\u015fkan Yohei Sasakawa&#039;n\u0131n Profili<\/h3>\n<ul>\n<li>8 Ocak 1939&#039;da do\u011fdu (Showa 14), 86 ya\u015f\u0131nda<\/li>\n<li>Nippon Vakf\u0131 Ba\u015fkan\u0131: 2005 (Temmuz 2005&#039;ten g\u00fcn\u00fcm\u00fcze)<\/li>\n<li>Sasakawa Bar\u0131\u015f Vakf\u0131 Onursal Ba\u015fkan\u0131: Temmuz 2016 -<\/li>\n<li>DS\u00d6 (D\u00fcnya Sa\u011fl\u0131k \u00d6rg\u00fct\u00fc) C\u00fczzam Eliminasyon El\u00e7isi: May\u0131s 2001 -<\/li>\n<li>Japonya H\u00fck\u00fcmeti C\u00fczzam \u0130nsan Haklar\u0131 Fark\u0131ndal\u0131k El\u00e7isi: Eyl\u00fcl 2007 -<\/li>\n<li>Japonya H\u00fck\u00fcmeti&#039;nin Myanmar&#039;daki Ulusal Uzla\u015fma \u00d6zel Temsilcisi: \u015eubat 2013 -<\/li>\n<li>\u0130lkbahar 2024 Ni\u015fanlar\u0131: Y\u00fckselen G\u00fcne\u015f Ni\u015fan\u0131 B\u00fcy\u00fck Kordonu ve K\u00fclt\u00fcrel Liyakat Sahibi Ki\u015fi: 29 Nisan 2019&#039;da verildi<\/li>\n<\/ul>\n<p>Ba\u015fkan Sasakawa Yohei, refah, e\u011fitim ve uluslararas\u0131 i\u015fbirli\u011fi alanlar\u0131ndaki projeleri destekleyen kamu yarar\u0131na \u00e7al\u0131\u015fan bir vak\u0131f olan Nippon Vakf\u0131&#039;n\u0131n Ba\u015fkanl\u0131\u011f\u0131&#039;n\u0131 yapmas\u0131 ve C\u00fczzamla M\u00fccadele i\u00e7in D\u00fcnya Sa\u011fl\u0131k \u00d6rg\u00fct\u00fc (WHO) \u0130yi Niyet El\u00e7isi olarak g\u00f6rev yapmas\u0131 da dahil olmak \u00fczere, \u00e7ok \u00e7e\u015fitli alanlarda uzun y\u0131llar s\u00fcren s\u0131k\u0131 \u00e7al\u0131\u015fmas\u0131 ve faaliyetleri nedeniyle b\u00fcy\u00fck sayg\u0131 g\u00f6rmektedir.<\/p>\n<figure class=\"wp-caption aligncenter\"><a href=\"https:\/\/photos.google.com\/share\/AF1QipNCIEEehDyv0BIPjWmkOCGOAkKvcgM0JKh0rTbCAV-hQquJrwvrv4rKafH7S5Inxg\/photo\/AF1QipMQBuhJY1A-96FEuM8fY2rKsiXOYYRWXbKuzN0?key=MU96cGl6c0dfMVpJc2djQ2I3RW5ESXBLY0ZVMmhR\" target=\"_blank\"><img decoding=\"async\" src=\"https:\/\/lh3.googleusercontent.com\/pw\/AP1GczN2neDa4eb1ieuk7ZWyJ1mufUJRvXtJ03xsKGAoK6uS452QjvzCMR1HYvguWE2bAeRNWXX2WvlMu7-5OX-WeVAWRNEhd3blhmd2i6xHeOuB8ijKzYyWZsPqwsnB0zv5WXBevH-INT39lV0YTLj0lL2U=w2000-h1333-s-no-gm?authuser=0\" width=\"2000\" height=\"1333\" alt=\"Nippon Vakf\u0131 Ba\u015fkan\u0131 Yohei Sasakawa\" class=\"size-full\" \/><\/a><figcaption class=\"wp-caption-text\">Nippon Vakf\u0131 Ba\u015fkan\u0131 Yohei Sasakawa<\/figcaption><\/figure>\n<p>Etkinlik g\u00fcn\u00fc, t\u00fcm kat\u0131l\u0131mc\u0131lara Ba\u015fkan Sasakawa Yohei&#039;nin &quot;Sevgili Vatan\u0131m\u0131za II&quot; (Sankei Shimbun Yay\u0131nlar\u0131) adl\u0131 kitab\u0131n\u0131n imzal\u0131 bir kopyas\u0131 verildi.<\/p>\n<figure class=\"wp-caption aligncenter\"><a href=\"https:\/\/photos.google.com\/share\/AF1QipNCIEEehDyv0BIPjWmkOCGOAkKvcgM0JKh0rTbCAV-hQquJrwvrv4rKafH7S5Inxg\/photo\/AF1QipM1y_UCnh52TSP6EQVmluA-jJeEf5POe_5de_w?key=MU96cGl6c0dfMVpJc2djQ2I3RW5ESXBLY0ZVMmhR\" target=\"_blank\"><img decoding=\"async\" src=\"https:\/\/lh3.googleusercontent.com\/pw\/AP1GczMUIg7vFaROCPlUR_MNz3MsEU6Itbvw8rKtFk-QhfX8qhoHeR-1G2JFXYkoIEUvD_Hrj5cb2ljkJy4syvfajD63Bt5Fd757aM4jkMznrSF-z2Rk2bfkg20i-jxvEl1UOxTrht_qzEDAy3uoKQsBIlK-=w2000-h1333-s-no-gm?authuser=0\" width=\"2000\" height=\"1333\" alt=\"&quot;Sevgili Vatan\u0131ma II&quot; Ba\u015fkan Yohei Sasakawa taraf\u0131ndan imzaland\u0131\" class=\"size-full\" \/><\/a><figcaption class=\"wp-caption-text\">&quot;Sevgili Vatan\u0131ma II&quot; Ba\u015fkan Yohei Sasakawa taraf\u0131ndan imzaland\u0131<\/figcaption><\/figure>\n<h3>\u00d6zel a\u00e7\u0131l\u0131\u015f konu\u015fmas\u0131\/genel bak\u0131\u015f<\/h3>\n<h4>1. Dersle ilgili esprili bir kendini tan\u0131tma ve d\u00fc\u015f\u00fcnceler<\/h4>\n<p>Konferans, Ba\u015fkan Sasakawa&#039;n\u0131n esprili bir kendini tan\u0131tma konu\u015fmas\u0131yla ba\u015flad\u0131. Kendi evlili\u011finden bir kesit payla\u015fan ve insanlar\u0131 ikna etme konusunda pek iyi olmad\u0131\u011f\u0131n\u0131 anlatan sanat\u00e7\u0131, B&amp;G Vakf\u0131&#039;n\u0131n faaliyetlerini y\u0131llard\u0131r destekleyen Ba\u015fkan Maeda ve Ba\u015fkan Sugahara&#039;ya \u015f\u00fckranlar\u0131n\u0131 sunarak, bu dersi vermeyi neden kabul etti\u011fini anlatt\u0131.<\/p>\n<h4>2. B&amp;G Vakf\u0131n\u0131n Kurulu\u015fu ve \u0130leriye D\u00f6n\u00fck Bir Bak\u0131\u015f A\u00e7\u0131s\u0131<\/h4>\n<p>Konferans, B&amp;G Vakf\u0131&#039;n\u0131n kurulu\u015funun 52. y\u0131l d\u00f6n\u00fcm\u00fc dolay\u0131s\u0131yla yap\u0131lan kutlama konu\u015fmas\u0131yla hareketli bir \u015fekilde ba\u015flad\u0131. B&amp;G Vakf\u0131 ilk kuruldu\u011funda, Ryoichi Sasakawa&#039;n\u0131n Almanya&#039;da ald\u0131\u011f\u0131, &quot;yerel toplulu\u011fa \u00f6nem veren spor tesislerinin&quot; \u00f6nemine dair tavsiyelerin vakf\u0131n ba\u015flang\u0131\u00e7 noktas\u0131 oldu\u011funu anlatt\u0131. O d\u00f6nemde yerel y\u00f6netimler b\u00fct\u00e7e sa\u011flamakta zorlan\u0131yordu ancak gelece\u011fe d\u00f6n\u00fck bir tesise duyulan ihtiyac\u0131n, bug\u00fcn geldi\u011fi noktaya nas\u0131l ula\u015ft\u0131\u011f\u0131n\u0131n \u00f6yk\u00fcs\u00fc olduk\u00e7a dokunakl\u0131yd\u0131.<\/p>\n<h4>3. De\u011fi\u015fen zamanlar ve uluslararas\u0131 durum<\/h4>\n<p>&quot;Meiji d\u00f6nemi art\u0131k uzak bir an\u0131&quot;dan &quot;Showa d\u00f6nemi art\u0131k uzak bir an\u0131&quot;ya do\u011fru bir d\u00f6nem de\u011fi\u015fti. Showa d\u00f6neminin 100. y\u0131l\u0131na yakla\u015f\u0131rken d\u00fcnya durumu da b\u00fcy\u00fck de\u011fi\u015fimler ge\u00e7iriyor. Kriz duygusunu dile getiren Trump&#039;\u0131n iktidara gelmesi, k\u00fcresel \u0131s\u0131nman\u0131n yol a\u00e7t\u0131\u011f\u0131 iklim de\u011fi\u015fikli\u011fi ve Japonya&#039;y\u0131 \u00e7evreleyen uluslararas\u0131 durum gibi somut \u00f6rnekler verdi. \u00d6zellikle deniz ortam\u0131ndaki de\u011fi\u015fimlerin Japonya&#039;n\u0131n yemek k\u00fclt\u00fcr\u00fcne etkisine ili\u015fkin yorumu son derece \u00f6nemliydi.<\/p>\n<figure class=\"wp-caption aligncenter\"><a href=\"https:\/\/photos.google.com\/share\/AF1QipNCIEEehDyv0BIPjWmkOCGOAkKvcgM0JKh0rTbCAV-hQquJrwvrv4rKafH7S5Inxg\/photo\/AF1QipN7LdVvanPOFjRyd6JRGEqf9SVNypg6-tGZpzE?key=MU96cGl6c0dfMVpJc2djQ2I3RW5ESXBLY0ZVMmhR\" target=\"_blank\"><img decoding=\"async\" src=\"https:\/\/lh3.googleusercontent.com\/pw\/AP1GczPAoOgDPCr_hPgBOJrIT4yspG7gJQYrCkuk2Akjjr0T7njiCa4xXl0hA6Ufq0FVKlkJ7eYz2ZXpxJBlb8MprZk28sxc-qIHBmva301zNZ7D4Y2eeR333gX3wOlUgxfEnsLb32mQGygnH5vsP3pBXsru=w2000-h1333-s-no-gm?authuser=0\" width=\"2000\" height=\"1333\" alt=\"Showa d\u00f6neminin 100. y\u0131l\u0131 ve de\u011fi\u015fen d\u00fcnya durumu\" class=\"size-full\" \/><\/a><figcaption class=\"wp-caption-text\">Showa d\u00f6neminin 100. y\u0131l\u0131 ve de\u011fi\u015fen d\u00fcnya durumu<\/figcaption><\/figure>\n<h4>4. Japonya&#039;n\u0131n bar\u0131\u015f\u0131 ve ba\u011f\u0131ms\u0131zl\u0131\u011f\u0131 ve &quot;kamuoyu&quot;ndan &quot;kamuoyu&quot;na ge\u00e7i\u015f <\/h4>\n<p>Japonya neden bu kadar bar\u0131\u015f\u00e7\u0131l? Japonya Anayasas\u0131&#039;n\u0131n \u00f6ns\u00f6z\u00fcne at\u0131fta bulunan Ba\u015fkan Sasakawa, di\u011fer \u00fclkelerin iyi niyetine dayanan ulusal g\u00fcvenli\u011fin ne kadar tehlikeli oldu\u011funa dikkat \u00e7ekti. Ard\u0131ndan ger\u00e7ek anlamda ba\u011f\u0131ms\u0131z bir ulus i\u00e7in gerekli olan unsurlar\u0131 s\u0131ralad\u0131: Ba\u011f\u0131ms\u0131z anayasa, ulusal ordu, casusluk kar\u015f\u0131t\u0131 yasalar, siber g\u00fcvenlik \u00f6nlemleri ve silah \u00fcretim kapasitesi ve kapasitesi. Japonya&#039;n\u0131n i\u00e7inde bulundu\u011fu durum hakk\u0131nda alarm verdi.<\/p>\n<p>Burada ortaya \u00e7\u0131kan anahtar kelime &quot;kamuoyu&quot;ydu. Sava\u015f sonras\u0131 Japonya&#039;da &quot;koshi&quot; kanji karakteri kullan\u0131mdan kalkt\u0131 ve bunun yerine &quot;seron&quot; (kamuoyu) kelimesi daha yayg\u0131n hale geldi. Ancak Ba\u015fkan Sasakawa, &quot;kamuoyu&quot;nun halk\u0131n duygular\u0131n\u0131 ifade etti\u011fini, &quot;kamuoyu&quot;nun ise gelece\u011fe bakan liderlerin g\u00f6r\u00fc\u015flerini ifade etti\u011fini a\u00e7\u0131klad\u0131. Mevcut durumu k\u0131rmak i\u00e7in halk\u0131n duygular\u0131ndan ziyade, \u00f6nderlik eden &quot;kamuoyuna&quot; ihtiya\u00e7 oldu\u011funu savundu.<\/p>\n<figure class=\"wp-caption aligncenter\"><a href=\"https:\/\/photos.google.com\/share\/AF1QipNCIEEehDyv0BIPjWmkOCGOAkKvcgM0JKh0rTbCAV-hQquJrwvrv4rKafH7S5Inxg\/photo\/AF1QipObMKjc6_w4d2fT2eqI8kW_1aK2R71zHeQOn3o?key=MU96cGl6c0dfMVpJc2djQ2I3RW5ESXBLY0ZVMmhR\" target=\"_blank\"><img decoding=\"async\" src=\"https:\/\/lh3.googleusercontent.com\/pw\/AP1GczN1ceuKGBS0AnfxgD_NfMIBxaN2VncLRFIhb7qLnVVfyjTW6jj1HWg5C_BwF2uC4Y1Hgq0pUq6EqtCLjRyOk6OPaU6vqRDyJEEJB5TnAVfQAblTJ7fglJX2ZIlBy6JDwfxgbCrW2I5DBeAByAM2cmoF=w2000-h1333-s-no-gm?authuser=0\" width=\"2000\" height=\"1333\" alt=\"&quot;Kamuoyu&quot;ndan &quot;kamuoyuna&quot; \" class=\"size-full\" \/><\/a><figcaption class=\"wp-caption-text\">&quot;Kamuoyu&quot;ndan &quot;kamuoyuna&quot;<\/figcaption><\/figure>\n<h4>5. Liderlik ve kamuoyunun gelece\u011fi a\u00e7ma g\u00fcc\u00fc<\/h4>\n<p> Ba\u015fkan Sasakawa, kapan\u0131\u015fta \u00fclkesi i\u00e7in g\u00fc\u00e7l\u00fc bir kararl\u0131l\u0131k ve eylemin gelece\u011fi nas\u0131l a\u00e7aca\u011f\u0131n\u0131 g\u00f6stermek i\u00e7in Uesugi Yozan, Saito Takao ve Kobayashi Torasaburo gibi tarihi fig\u00fcrlere at\u0131fta bulundu. Stat\u00fckoyla yetinilmemesinin, &quot;kamuoyu&quot; olu\u015fturulup, zaman zaman be\u011fenilmeme korkusu olmadan hareket edilmesinin \u00f6nemine vurgu yapt\u0131. Son olarak B&amp;G Vakf\u0131&#039;n\u0131n devaml\u0131l\u0131\u011f\u0131na olan sayg\u0131s\u0131n\u0131 dile getiren Nippon Vakf\u0131&#039;n\u0131n bu vakfa elinden gelen her t\u00fcrl\u00fc aktif deste\u011fi sa\u011flamak istedi\u011fini s\u00f6yledi.<\/p>\n<figure class=\"wp-caption aligncenter\"><a href=\"https:\/\/photos.google.com\/share\/AF1QipNCIEEehDyv0BIPjWmkOCGOAkKvcgM0JKh0rTbCAV-hQquJrwvrv4rKafH7S5Inxg\/photo\/AF1QipOwgBhn32QyYmc9KSLsHIMTpl8kHTbdxp6gkdU?key=MU96cGl6c0dfMVpJc2djQ2I3RW5ESXBLY0ZVMmhR\" target=\"_blank\"><img decoding=\"async\" src=\"https:\/\/lh3.googleusercontent.com\/pw\/AP1GczNzKygLd8yA0ROzdXVHL7-x_yLv7oFL7jAzCXzJZhWtLJdTvxSMAcnlRhC0-CpmtkhItjVfD7B17gTRHWaLM43up8jv9Kj2NPWcoyl-JkE4gxiMCz623VSTg06Q5vBVrxJqAyhGLFqqbmguAWOQ4gdH=w2000-h1333-s-no-gm?authuser=0\" width=\"2000\" height=\"1333\" alt=\"Liderlik ve kamuoyunun g\u00fcc\u00fc gelece\u011fi a\u00e7\u0131yor\" class=\"size-full\" \/><\/a><figcaption class=\"wp-caption-text\">Liderlik ve kamuoyunun g\u00fcc\u00fc gelece\u011fi a\u00e7\u0131yor<\/figcaption><\/figure>\n<p>Bu konferansta, mevcut durumla yetinmemenin, gelece\u011fe bakman\u0131n ve harekete ge\u00e7menin \u00f6nemi hat\u0131rlat\u0131ld\u0131. Ba\u015fkan Sasakawa&#039;n\u0131n tutkulu mesaj\u0131 kalbimizde derin bir yank\u0131 uyand\u0131racak ve yar\u0131ndan itibaren davran\u0131\u015f bi\u00e7imimizi b\u00fcy\u00fck \u00f6l\u00e7\u00fcde de\u011fi\u015ftirecek b\u00fcy\u00fck bir g\u00fcce sahip olacak.<\/p>\n<figure class=\"wp-caption aligncenter\"><a href=\"https:\/\/photos.google.com\/share\/AF1QipNCIEEehDyv0BIPjWmkOCGOAkKvcgM0JKh0rTbCAV-hQquJrwvrv4rKafH7S5Inxg\/photo\/AF1QipNRFK5Tq2iXu7ME136rmrf4TXWXhi_Uipsbk3Q?key=MU96cGl6c0dfMVpJc2djQ2I3RW5ESXBLY0ZVMmhR\" target=\"_blank\"><img decoding=\"async\" src=\"https:\/\/lh3.googleusercontent.com\/pw\/AP1GczMnKXvFpAPJnw5YNhecVE_Ild53XTFKhz2oQMm7gPIEeoQEAiIL9FaMtb2L-RaRSuKvLdVDdPiCQcx8YbXVCe1xsqVzgEFT1zC7vaUve8GLjJHx_bR8MH_cwY8xfH7_QRqz2G_jWVmYEmdQVsyaHNOU=w2000-h1333-s-no-gm?authuser=0\" width=\"2000\" height=\"1333\" alt=\"Ba\u015fkan Sasakawa Yohei, minnettarl\u0131\u011f\u0131m\u0131z\u0131 ifade etmek i\u00e7in bize imzas\u0131n\u0131 ve kitab\u0131n\u0131 g\u00f6nderecek!\" class=\"size-full\" \/><\/a><figcaption class=\"wp-caption-text\">Ba\u015fkan Sasakawa Yohei, minnettarl\u0131\u011f\u0131m\u0131z\u0131 ifade etmek i\u00e7in bize imzas\u0131n\u0131 ve kitab\u0131n\u0131 g\u00f6nderecek!<\/figcaption><\/figure>\n<h4>Konu\u015fman\u0131n tam metni: &quot;Sasakawa Yohei Blog&quot;<\/h4>\n\n        <div class=\"site-blogcard-premium\">\n            <div class=\"bc-label-custom\">\u0130lgili makaleler<\/div>\n            <div class=\"bc-flex-container\">\n                <div class=\"bc-main-text\">\n                    <div class=\"bc-title-link-box\">\n                        <a href=\"https:\/\/blog.canpan.info\/sasakawa\/archive\/9450\" target=\"_blank\">&quot;B&amp;G Vakf\u0131 17. Ulusal Zirve Konferans\u0131&quot; - 800 kat\u0131l\u0131mc\u0131 - Yohei Sasakawa Blogu (Nippon Vakf\u0131 Onursal Ba\u015fkan\u0131)<\/a>\n                    <\/div>\n                    <div class=\"bc-excerpt-box\"><\/div>\n                <\/div>\n                <div class=\"bc-thumbnail-box\">\n                    <a href=\"https:\/\/blog.canpan.info\/sasakawa\/archive\/9450\" target=\"_blank\">\n                        <div class=\"bc-img-zoom-wrap\">\n                            <img decoding=\"async\" src=\"https:\/\/blog.canpan.info\/sasakawa\/img\/Image_20250123_155139_897-thumbnail2.jpeg\" alt=\"&quot;B&amp;G Vakf\u0131 17. Ulusal Zirve Konferans\u0131&quot; - 800 kat\u0131l\u0131mc\u0131 - Yohei Sasakawa Blogu (Nippon Vakf\u0131 Onursal Ba\u015fkan\u0131)\">\n                        <\/div>\n                    <\/a>\n                <\/div>\n            <\/div>\n        <\/div>\n<h3>k\u0131rmak<\/h3>\n<h2>B\u00f6l\u00fcm 2<\/h2>\n<ul>\n<li><strong>ba\u015fkan :<\/strong>Fukui Eyaleti, Ono \u015eehri Belediye Ba\u015fkan\u0131 Shiho Ishiyama<\/li>\n<li><strong>Ba\u015fkan Yard\u0131mc\u0131s\u0131:<\/strong>Kumamoto Eyaleti, Nankan Kasabas\u0131 Belediye Ba\u015fkan\u0131 Yasuhiko Sato<\/li>\n<li><strong>Ba\u015fkan Yard\u0131mc\u0131s\u0131:<\/strong>Nagano Eyaleti Hakuba K\u00f6y\u00fc Belediye Ba\u015fkan\u0131 Toshiro Maruyama<\/li>\n<\/ul>\n<figure class=\"wp-caption aligncenter\"><a href=\"https:\/\/photos.google.com\/share\/AF1QipNCIEEehDyv0BIPjWmkOCGOAkKvcgM0JKh0rTbCAV-hQquJrwvrv4rKafH7S5Inxg\/photo\/AF1QipP8AKesDZqLmYLiGxXeA8NxOVslsbvdy1Sd4O4?key=MU96cGl6c0dfMVpJc2djQ2I3RW5ESXBLY0ZVMmhR\" target=\"_blank\"><img decoding=\"async\" src=\"https:\/\/lh3.googleusercontent.com\/pw\/AP1GczNWf7fJgwwDn_3bZDK04U0MF9xTofs-vs_Y_1SW_7lun7vKcW9LQhqZYl_VFwasT0Pz6V-4mdAfZm9bxp9PHFKC0y-lcWDT2EaEkCJyElPKLrJvAf7VZrYY_FSH9vzr7VrfJrcP8BEGcakHY9Daubox=w2000-h1333-s-no-gm?authuser=0\" width=\"2000\" height=\"1333\" alt=\"Ba\u015fkan: Belediye Ba\u015fkan\u0131 Ishiyama Shiho, Ba\u015fkan Yard\u0131mc\u0131s\u0131: Kasaba Belediye Ba\u015fkan\u0131 Sato Yasuhiko, Ba\u015fkan Yard\u0131mc\u0131s\u0131: K\u00f6y Belediye Ba\u015fkan\u0131 Maruyama Toshiro\" class=\"size-full\" \/><\/a><figcaption class=\"wp-caption-text\">Ba\u015fkan: Belediye Ba\u015fkan\u0131 Ishiyama Shiho, Ba\u015fkan Yard\u0131mc\u0131s\u0131: Kasaba Belediye Ba\u015fkan\u0131 Sato Yasuhiko, Ba\u015fkan Yard\u0131mc\u0131s\u0131: K\u00f6y Belediye Ba\u015fkan\u0131 Maruyama Toshiro<\/figcaption><\/figure>\n<figure class=\"wp-caption aligncenter\"><a href=\"https:\/\/photos.google.com\/share\/AF1QipNCIEEehDyv0BIPjWmkOCGOAkKvcgM0JKh0rTbCAV-hQquJrwvrv4rKafH7S5Inxg\/photo\/AF1QipNVz7B-w81m6EMpfgUHyeVhUz0P6iZbwqnv1OA?key=MU96cGl6c0dfMVpJc2djQ2I3RW5ESXBLY0ZVMmhR\" target=\"_blank\"><img decoding=\"async\" src=\"https:\/\/lh3.googleusercontent.com\/pw\/AP1GczOkqEJcQE8Cnodi3v1gtC4WFyAEC1iPyDkyXSWwTIDkclDdndW72csON1Oo18U8CZAw-ihuQUSle-Lp_jCWet7v3R3n14BnT_s9dPjzXSfa78LmhkmWlnzwVLGXM23ytPIzCQAIqoI_EdlUwIPyJOVs=w2000-h1333-s-no-gm?authuser=0\" width=\"2000\" height=\"1333\" alt=\"Mikro ve Makro Tan\u0131m\u0131\" class=\"size-full\" \/><\/a><figcaption class=\"wp-caption-text\">Mikro ve Makro Tan\u0131m\u0131<\/figcaption><\/figure>\n<h3>Vaka \u00c7al\u0131\u015fmas\u0131 1: Mikro Perspektif<br \/>\nEngelli ki\u015filerin bak\u0131\u015f a\u00e7\u0131s\u0131ndan kamu tesislerinin durumu - \u00d6zel tesis geli\u015ftirme ve yeni nesil bir kay\u0131khanenin kullan\u0131m\u0131 vaka \u00e7al\u0131\u015fmas\u0131: Belediye Ba\u015fkan\u0131 Ishiyama Takataka, Kami Kasabas\u0131, Miyagi Eyaleti<\/h3>\n<figure class=\"wp-caption aligncenter\"><a href=\"https:\/\/photos.google.com\/share\/AF1QipNCIEEehDyv0BIPjWmkOCGOAkKvcgM0JKh0rTbCAV-hQquJrwvrv4rKafH7S5Inxg\/photo\/AF1QipOPbhGCIYFqrsPhATfO6jLW1PW4ZJnV4PvcfTQ?key=MU96cGl6c0dfMVpJc2djQ2I3RW5ESXBLY0ZVMmhR\" target=\"_blank\"><img decoding=\"async\" src=\"https:\/\/lh3.googleusercontent.com\/pw\/AP1GczNp0P3d2l95Zwk9Aj5-iOmXp2PQ9FkMF19zouwYYNSfOttkHojBMlJKlHDwBc7EP01oZhjkdJjuNkiJVVLTOAyMG64ECvQv70h5ILUMelK6dJz4xnNvdaCTIR5I5g1uXA77XMRZe3n0Iq1IQH-3w0KD=w2000-h1333-s-no-gm?authuser=0\" width=\"2000\" height=\"1333\" alt=\"Miyagi Kengami Kasabas\u0131 Belediye Ba\u015fkan\u0131, Takataka Ishiyama\" class=\"size-full\" \/><\/a><figcaption class=\"wp-caption-text\">Miyagi Kengami Kasabas\u0131 Belediye Ba\u015fkan\u0131, Takataka Ishiyama<\/figcaption><\/figure>\n<p>2019 mali y\u0131l\u0131ndan (Reiwa 1) 2021 y\u0131l\u0131na (Reiwa 3) kadar Kami Kasabas\u0131ndaki Nakaniida Deniz Merkezi, &quot;herkesin birlikte e\u011flenebilece\u011fi bir merkez&quot; olarak yeniden do\u011fmak i\u00e7in Vak\u0131ftan fon ald\u0131. Tesis tamamen engelli eri\u015fimine uygundur; basamaks\u0131z rampalar, tekerlekli sandalye ile ula\u015f\u0131labilen du\u015f odalar\u0131 ve \u00e7ok ama\u00e7l\u0131 tuvaletler bulunmaktad\u0131r. Yeni ofisimizin kurulmas\u0131yla birlikte tam zamanl\u0131 personelimizi burada istihdam ettik ve engelli bireylerin g\u00fcvenle kullanabilece\u011fi bir ortam yaratt\u0131k.<\/p>\n<figure class=\"wp-caption aligncenter\"><a href=\"https:\/\/photos.google.com\/share\/AF1QipNCIEEehDyv0BIPjWmkOCGOAkKvcgM0JKh0rTbCAV-hQquJrwvrv4rKafH7S5Inxg\/photo\/AF1QipO1tLn5Q-fJOauI8TNRQ100NGSerWDZRlyyFAA?key=MU96cGl6c0dfMVpJc2djQ2I3RW5ESXBLY0ZVMmhR\" target=\"_blank\"><img decoding=\"async\" src=\"https:\/\/lh3.googleusercontent.com\/pw\/AP1GczP1tD-DcbuOo47z0cIMJpYnDhHRM9eaxqHkH8LoeKILjEDrwOygH-A304MAHrWSr8ZjDpmfmCYdhHsZK5avPhoF0UQNdlbFrvz6bylKlX7QRcMx8907BmiLc_HC7y5EQZsk8KKmn62-J9nO41YA91DK=w2000-h1333-s-no-gm?authuser=0\" width=\"2000\" height=\"1333\" alt=\"Kapsay\u0131c\u0131 Okul\" class=\"size-full\" \/><\/a><figcaption class=\"wp-caption-text\">Kapsay\u0131c\u0131 Okul<\/figcaption><\/figure>\n<h3>Vaka \u00c7al\u0131\u015fmas\u0131 2: Makro Perspektif<br \/>\nTaiki Kasabas\u0131 Kapsaml\u0131 Plan\u0131&#039;na dayal\u0131 \u00f6zel havuz tesislerinin kullan\u0131m\u0131na ili\u015fkin bir vaka \u00e7al\u0131\u015fmas\u0131: Hokkaido, Taiki Kasabas\u0131 Belediye Ba\u015fkan\u0131 Yutaka Kurokawa<\/h3>\n<figure class=\"wp-caption aligncenter\"><a href=\"https:\/\/photos.google.com\/share\/AF1QipNCIEEehDyv0BIPjWmkOCGOAkKvcgM0JKh0rTbCAV-hQquJrwvrv4rKafH7S5Inxg\/photo\/AF1QipN--onPedW_8CbG9-RoboQAaZ5F1N10fc6NlSs?key=MU96cGl6c0dfMVpJc2djQ2I3RW5ESXBLY0ZVMmhR\" target=\"_blank\"><img decoding=\"async\" src=\"https:\/\/lh3.googleusercontent.com\/pw\/AP1GczPBi9Lq3Nf2WWDw_LvRQWtDq6zUTsjzrlyjlY0ciykZW9Fh92KxG-7RdpgfsIEhb16_5wp1Aw-rjliWIbXBIzqxo-kXx86utSycuQKx9VOR0KccAdbv-CtYVIYG_sVcB5w-o6dUE0syBNczpaNvRskj=w2000-h1333-s-no-gm?authuser=0\" width=\"2000\" height=\"1333\" alt=\"Taiki Kasabas\u0131 Belediye Ba\u015fkan\u0131, Hokkaido, Yutaka Kurokawa\" class=\"size-full\" \/><\/a><figcaption class=\"wp-caption-text\">Taiki Kasabas\u0131 Belediye Ba\u015fkan\u0131, Hokkaido, Yutaka Kurokawa<\/figcaption><\/figure>\n<p>2023 mali y\u0131l\u0131nda (Reiwa 5), Taiki Kasaba Deniz Merkezi, ilkokulun biti\u015fi\u011findeki kapal\u0131 \u0131s\u0131tmal\u0131 havuzla kapal\u0131 havuzunu de\u011fi\u015ftirmek i\u00e7in bir vak\u0131f hibesi kullanacak. Havuzun \u0131s\u0131 kayna\u011f\u0131 odun biyok\u00fctle kazan\u0131d\u0131r. Tesiste 25 metrelik (4 kulvarl\u0131) havuz, k\u00fc\u00e7\u00fck \u00f6\u011frencilere y\u00f6nelik havuz ve y\u00fcr\u00fcmeye yeni ba\u015flayanlara y\u00f6nelik havuz gibi olanaklar\u0131n yan\u0131 s\u0131ra \u0131s\u0131nma odas\u0131, engelsiz tuvaletler, izleme alan\u0131, g\u00fcvenlik kameralar\u0131 ve deprem geri ak\u0131\u015f \u00f6nleme cihaz\u0131 gibi olanaklar da yer al\u0131yor.<\/p>\n<figure class=\"wp-caption aligncenter\"><a href=\"https:\/\/photos.google.com\/share\/AF1QipNCIEEehDyv0BIPjWmkOCGOAkKvcgM0JKh0rTbCAV-hQquJrwvrv4rKafH7S5Inxg\/photo\/AF1QipNNlIEQYdnLUfgxfrm-qS-3jn1XD_EVgRMZcyo?key=MU96cGl6c0dfMVpJc2djQ2I3RW5ESXBLY0ZVMmhR\" target=\"_blank\"><img decoding=\"async\" src=\"https:\/\/lh3.googleusercontent.com\/pw\/AP1GczPTMLZ-3FK0gvxU3uQB8ZV23WGCVLQ9dGiOLS3UfUm4vfBLJpvpVDK38XZP64UVVltdn6E-IEsSPD7BrpZcKR1ZlCxbqHjZSegNE3SxUe1zCohwB8pVkvIL46ianoOT9HDrGBfPVicRPJOCRKGsC1N2=w2000-h1333-s-no-gm?authuser=0\" width=\"2000\" height=\"1333\" alt=\"Yeni havuzda y\u00fczme dersleri ve y\u00fcr\u00fcy\u00fc\u015f dersleri\" class=\"size-full\" \/><\/a><figcaption class=\"wp-caption-text\">Yeni havuzda y\u00fczme dersleri ve y\u00fcr\u00fcy\u00fc\u015f dersleri<\/figcaption><\/figure>\n<h3>B&amp;G Ulusal Liderler Derne\u011fi&#039;nin talepleri:<br \/>\nE\u011fitmenlerin E\u011fitimi ve Kullan\u0131m\u0131: B&amp;G Ulusal E\u011fitmen Derne\u011fi Ba\u015fkan\u0131, Sukenao Kudo (Aomori Eyaleti, Nanbu Kasabas\u0131 Belediye Ba\u015fkan\u0131)<\/h3>\n<figure class=\"wp-caption aligncenter\"><a href=\"https:\/\/photos.google.com\/share\/AF1QipNCIEEehDyv0BIPjWmkOCGOAkKvcgM0JKh0rTbCAV-hQquJrwvrv4rKafH7S5Inxg\/photo\/AF1QipNdNIfLXgFDklSUMprES1Sy7cNkHS0PQdz5haU?key=MU96cGl6c0dfMVpJc2djQ2I3RW5ESXBLY0ZVMmhR\" target=\"_blank\"><img decoding=\"async\" src=\"https:\/\/lh3.googleusercontent.com\/pw\/AP1GczM3hOJyRYbEeHIWgCtXJi5KOAiugOq9nkda9dIrhOtUsTlqurakLPDFvSbgMJsJbc0BtrSZroluViRZskh1bcvOilPQ3tEgRHkxYW1riXmVoYDofpNyfkD70U-qg2a8mCvOvJE1PSombVgkUXxmO7JK=w2000-h1333-s-no-gm?authuser=0\" width=\"2000\" height=\"1333\" alt=\"Aomori Eyaleti, Nanbu Kasabas\u0131 Belediye Ba\u015fkan\u0131\" class=\"size-full\" \/><\/a><figcaption class=\"wp-caption-text\">Aomori Eyaleti, Nanbu Kasabas\u0131 Belediye Ba\u015fkan\u0131<\/figcaption><\/figure>\n<ul>\n<li>2025 y\u0131l\u0131 i\u00e7in merkez e\u011fitmen yeti\u015ftirme kursunun g\u00f6nderilmesi talebi<\/li>\n<li>B\u00f6lgesel liderlik toplant\u0131lar\u0131ndaki faaliyetler (B&amp;G liderlerinin geni\u015f kapsaml\u0131 faaliyetleri)<\/li>\n<li>3K&#039;lar\u0131 liderlere tan\u0131tmak: &quot;G\u00f6nderimi e\u011fitmek&quot;, &quot;Aktiviteleri anlamak&quot; ve &quot;\u0130leti\u015fim kurmak&quot;<\/li>\n<\/ul>\n<figure class=\"wp-caption aligncenter\"><a href=\"https:\/\/photos.google.com\/share\/AF1QipNCIEEehDyv0BIPjWmkOCGOAkKvcgM0JKh0rTbCAV-hQquJrwvrv4rKafH7S5Inxg\/photo\/AF1QipNvWETbMX6VqX6E4gPDiywPFx1iWrzcukDZcmk?key=MU96cGl6c0dfMVpJc2djQ2I3RW5ESXBLY0ZVMmhR\" target=\"_blank\"><img decoding=\"async\" src=\"https:\/\/lh3.googleusercontent.com\/pw\/AP1GczOKJJmLxVZU8cecQZEgkZJ4eAE4bTNqDsOmSEi4_CG0PJD4fNN1HAZs6mkQZ1Smzq8YXYvLwXhHHYs2yQnPrIExWyVcppgkVGtQDT0oO12fYmt7EHx99UA22firDnrcdmQXvpTc-SW8HgA0uglFRbu7=w2000-h1333-s-no-gm?authuser=0\" width=\"2000\" height=\"1333\" alt=\"B&amp;G liderlerinin geni\u015f kapsaml\u0131 faaliyetleri\" class=\"size-full\" \/><\/a><figcaption class=\"wp-caption-text\">B&amp;G liderlerinin geni\u015f kapsaml\u0131 faaliyetleri<\/figcaption><\/figure>\n<h3>21. B&amp;G Ulusal M\u00fcd\u00fcrler Konferans\u0131 Raporu:<br \/>\nB&amp;G Ulusal E\u011fitim M\u00fcd\u00fcr\u00fc Konferans\u0131 Ba\u015fkan\u0131, Noriko Yoneda (E\u011fitim M\u00fcd\u00fcr\u00fc, Yabu \u015eehri, Hyogo Eyaleti)<\/h3>\n<figure class=\"wp-caption aligncenter\"><a href=\"https:\/\/photos.google.com\/share\/AF1QipNCIEEehDyv0BIPjWmkOCGOAkKvcgM0JKh0rTbCAV-hQquJrwvrv4rKafH7S5Inxg\/photo\/AF1QipOcd9fLMWBqp7ryYB1Ja_j773LDTYMXvgMDk94?key=MU96cGl6c0dfMVpJc2djQ2I3RW5ESXBLY0ZVMmhR\" target=\"_blank\"><img decoding=\"async\" src=\"https:\/\/lh3.googleusercontent.com\/pw\/AP1GczOxTB_NhW-v1c934Mn5aAZ_e_7bolj-THB7M_om7ahMRsMD_21tlnjQzTkbeMpWeFYEVANE8Tlm_bbvO5ivmh4NGxWmOub5RPqjKnJoqp7mfZIb1NTMDmSUhLEi2x7Rnly66mOgCCBsldNrrgLp3_U2=w2000-h1333-s-no-gm?authuser=0\" width=\"2000\" height=\"1333\" alt=\"B&amp;G Ulusal E\u011fitim M\u00fcd\u00fcr\u00fc Konferans\u0131 Ba\u015fkan\u0131, Hyogo Eyaleti, Yabu \u015eehri E\u011fitim M\u00fcd\u00fcr\u00fc, Bayan Noriko Yoneda\" class=\"size-full\" \/><\/a><figcaption class=\"wp-caption-text\">B&amp;G Ulusal E\u011fitim M\u00fcd\u00fcr\u00fc Konferans\u0131 Ba\u015fkan\u0131, Hyogo Eyaleti, Yabu \u015eehri E\u011fitim M\u00fcd\u00fcr\u00fc, Bayan Noriko Yoneda<\/figcaption><\/figure>\n<ul>\n<li>21. B&amp;G Ulusal E\u011fitim M\u00fcd\u00fcrleri Konferans\u0131, 22 Kas\u0131m 2024 Cuma g\u00fcn\u00fc, 45 prefekt\u00f6rl\u00fckteki 238 belediyeden 222 m\u00fcd\u00fcr de dahil olmak \u00fczere toplam 295 kat\u0131l\u0131mc\u0131yla ger\u00e7ekle\u015ftirildi.<\/li>\n<li>Ana konu\u015fma: &quot;Yerel kul\u00fcp faaliyetlerinde yeni bir bi\u00e7im yaratmak: Mirai Chizu Genel \u015eirketler Birli\u011fi Temsilcisi Akihisa Shirota&quot;<\/li>\n<li>Di\u011fer vaka sunumlar\u0131<\/li>\n<li>21. Ulusal E\u011fitim M\u00fcd\u00fcrleri Konferans\u0131 \u00d6nerileri: \u00c7e\u015fitli faaliyetlere olanak sa\u011flayan bir ortam yaratmak<\/li>\n<\/ul>\n<figure class=\"wp-caption aligncenter\"><a href=\"https:\/\/photos.google.com\/share\/AF1QipNCIEEehDyv0BIPjWmkOCGOAkKvcgM0JKh0rTbCAV-hQquJrwvrv4rKafH7S5Inxg\/photo\/AF1QipPuFz9_sDUOoBlmKsXRpbsRxgbc9oVpgyhYGTc?key=MU96cGl6c0dfMVpJc2djQ2I3RW5ESXBLY0ZVMmhR\" target=\"_blank\"><img decoding=\"async\" src=\"https:\/\/lh3.googleusercontent.com\/pw\/AP1GczOfUGO3s8sTeLuHFgCiuxFK0njegdbiEJOK-p-kcLdIo_BwDKdnwKRNzcHh1RGB6w9RXYTSmDI9UR2BiesEXi6cKu7ouErhXgJOC7Wj5-iTlC5S7Cq7A0N1YevnKLRcg2ntROwX1jfx2fwdVuzDOlaK=w2000-h1333-s-no-gm?authuser=0\" width=\"2000\" height=\"1333\" alt=\"21. Ulusal E\u011fitim M\u00fcd\u00fcrleri Konferans\u0131&#039;n\u0131n \u00d6nerileri\" class=\"size-full\" \/><\/a><figcaption class=\"wp-caption-text\">21. Ulusal E\u011fitim M\u00fcd\u00fcrleri Konferans\u0131&#039;n\u0131n \u00d6nerileri<\/figcaption><\/figure>\n<h3>B&amp;G Dostluk Projesi Ge\u00e7ici Raporu<br \/>\n2024&#039;te Noto Yar\u0131madas\u0131 Deprem Afet Yard\u0131m Projesi&#039;ne ili\u015fkin ilerleme raporu: Tomoaki Asahida, Y\u00f6netici Direkt\u00f6r, B&amp;G Vakf\u0131<\/h3>\n<figure class=\"wp-caption aligncenter\"><a href=\"https:\/\/photos.google.com\/share\/AF1QipNCIEEehDyv0BIPjWmkOCGOAkKvcgM0JKh0rTbCAV-hQquJrwvrv4rKafH7S5Inxg\/photo\/AF1QipO-2NIp8_s8uUjDkH6exgANulg16_WLV20qNU8?key=MU96cGl6c0dfMVpJc2djQ2I3RW5ESXBLY0ZVMmhR\" target=\"_blank\"><img decoding=\"async\" src=\"https:\/\/lh3.googleusercontent.com\/pw\/AP1GczOS85BriN7TpUS__La4AJRNO_Uc6gcku1iBSeaGbzxav5C3FDYMcUdpxzE9_LFaylIElMWzk0_wD7s_PbejcNXrN94ghIBegv_7O4rD2vDtBYb2JovyVc5Ob2Wbr8xYGW5IgpPchjwZXm_FClg_3pfb=w2000-h1333-s-no-gm?authuser=0\" width=\"2000\" height=\"1333\" alt=\"B&amp;G Vakf\u0131 \u0130cra Direkt\u00f6r\u00fc Tomoaki Asahida\" class=\"size-full\" \/><\/a><figcaption class=\"wp-caption-text\">B&amp;G Vakf\u0131 \u0130cra Direkt\u00f6r\u00fc Tomoaki Asahida<\/figcaption><\/figure>\n<ul>\n<li>Hedef belediyeler: Anamizu Kasabas\u0131, Shika Kasabas\u0131, Nanao \u015eehri Toplam destek miktar\u0131: 23.773.501 yen <\/li>\n<li>Genel M\u00fcd\u00fcr: Afet B\u00f6lgesi Deniz Merkezi&#039;nin mevcut durumunun a\u00e7\u0131klamas\u0131:<br \/>\nDeniz sporlar\u0131 deneyimleri sunmak, \u00e7ocuklar i\u00e7in oyun alanlar\u0131 ve deneyimsel aktiviteler sa\u011flamak, ge\u00e7ici konut komplekslerine al\u0131\u015fveri\u015f deste\u011fi sa\u011flamak, \u00e7ocuk refah\u0131 tesislerine i\u00e7ecek ba\u011f\u0131\u015f\u0131nda bulunmak, ya\u015fl\u0131 bak\u0131m tesislerini ziyaret ederek el bak\u0131m\u0131 hizmeti deste\u011fi sa\u011flamak ve deprem felaketinde yak\u0131nlar\u0131n\u0131 kaybeden ailelere y\u00f6nelik Obon festivaline destek sa\u011flamak.<\/li>\n<\/ul>\n<figure class=\"wp-caption aligncenter\"><a href=\"https:\/\/photos.google.com\/share\/AF1QipNCIEEehDyv0BIPjWmkOCGOAkKvcgM0JKh0rTbCAV-hQquJrwvrv4rKafH7S5Inxg\/photo\/AF1QipN7hUKODjQ_wfwZJQLCwbwWj6R0fPWZzZVMuh8?key=MU96cGl6c0dfMVpJc2djQ2I3RW5ESXBLY0ZVMmhR\" target=\"_blank\"><img decoding=\"async\" src=\"https:\/\/lh3.googleusercontent.com\/pw\/AP1GczOMX06fKLlEvXn-IirGfntdxkCS5aDMaa1oCfnmvEma6QcLyQWCH0aTHB3ixn-huQp7n3-seack-i547r4H566LETS6Na1LasbX62Mswo_ur_mKcmJ2hXX7UHRqcY4D5-PzAA4_8nihDyHmZhUhBsTu=w2000-h1333-s-no-gm?authuser=0\" width=\"2000\" height=\"1333\" alt=\"B&amp;G Dostluk Projesi\" class=\"size-full\" \/><\/a><figcaption class=\"wp-caption-text\">B&amp;G Dostluk Projesi<\/figcaption><\/figure>\n<h3>Ishikawa Eyaletindeki Anamizu Kasabas\u0131ndaki yeniden yap\u0131lanman\u0131n mevcut durumuyla ilgili rapor<br \/>\nJunko Oma, E\u011fitim M\u00fcd\u00fcr\u00fc, Anamizu Kasabas\u0131, Ishikawa Eyaleti<\/h3>\n<figure class=\"wp-caption aligncenter\"><a href=\"https:\/\/photos.google.com\/share\/AF1QipNCIEEehDyv0BIPjWmkOCGOAkKvcgM0JKh0rTbCAV-hQquJrwvrv4rKafH7S5Inxg\/photo\/AF1QipO3AwEKdwi8IamUgBQjnoHrLRxIAXQrAke-oL0?key=MU96cGl6c0dfMVpJc2djQ2I3RW5ESXBLY0ZVMmhR\" target=\"_blank\"><img decoding=\"async\" src=\"https:\/\/lh3.googleusercontent.com\/pw\/AP1GczPgypZkKG-LufMH9VyCiU1b8ZoIVtMNeDPCvO0P7AusRZVhI51JSCgk8HHCXVYmzd1O2I5ZKQsNskShrnnBBgZHEaU2CT4pFrvonK60nvvv8OL45iXYqmBEzgNSYoeUND-xBYfb3aMVZ8rS-SLF7kd0=w2000-h1333-s-no-gm?authuser=0\" width=\"2000\" height=\"1333\" alt=\"Bayan Junko Oma, E\u011fitim M\u00fcd\u00fcr\u00fc, Anamizu Kasabas\u0131, Ishikawa Eyaleti\" class=\"size-full\" \/><\/a><figcaption class=\"wp-caption-text\">Bayan Junko Oma, E\u011fitim M\u00fcd\u00fcr\u00fc, Anamizu Kasabas\u0131, Ishikawa Eyaleti<\/figcaption><\/figure>\n<ul>\n<li>Ge\u00e7ici konaklaman\u0131n mevcut durumu \u30fb\u00c7evrimi\u00e7i karma dersler (3. s\u0131n\u0131f ortaokul \u00f6\u011frencileri)<\/li>\n<li>Anaokulu ve ilkokul \u00f6\u011frencileri birlikte vakit ge\u00e7iriyor, yard\u0131m malzemeleriyle okul \u00f6\u011fle yemeklerini yiyor ve okul hayat\u0131n\u0131 s\u00fcrd\u00fcrmek i\u00e7in birbirleriyle i\u015f birli\u011fi yap\u0131yorlar.<\/li>\n<li>Ge\u00e7ici ilkokul binas\u0131n\u0131n tamamlanmas\u0131yla birlikte sekiz ayl\u0131k aran\u0131n ard\u0131ndan dersler yeniden ba\u015flad\u0131<\/li>\n<li>\u00c7ocuklar y\u00fczlerinde g\u00fcl\u00fcmsemeyle okula gidiyorlar<\/li>\n<li>B&amp;G Vakf\u0131&#039;n\u0131n kapsaml\u0131 deste\u011fi sayesinde \u00e7ocuklar depremin \u00fcz\u00fcc\u00fc an\u0131lar\u0131n\u0131, mutlu an\u0131larla de\u011fi\u015ftiriyor.<\/li>\n<li>Bana cesaret ve enerji verildi\u011fi i\u00e7in elimden gelenin en iyisini yapabiliyorum. Te\u015fekk\u00fcrler!<\/li>\n<\/ul>\n<h3>\u0130\u015fe al\u0131m! Vakf\u0131n gelecek y\u0131l i\u00e7in hibe destekli projeleri hakk\u0131nda<br \/>\nNana Wakabayashi, Deniz Merkezi Kul\u00fcp B\u00f6l\u00fcm\u00fc, \u0130\u015fletme B\u00f6l\u00fcm\u00fc<\/h3>\n<figure class=\"wp-caption aligncenter\"><a href=\"https:\/\/photos.google.com\/share\/AF1QipNCIEEehDyv0BIPjWmkOCGOAkKvcgM0JKh0rTbCAV-hQquJrwvrv4rKafH7S5Inxg\/photo\/AF1QipNlV-A8w3LW5K4A19Kku0ld_Zd3dWeyU3PJoJs?key=MU96cGl6c0dfMVpJc2djQ2I3RW5ESXBLY0ZVMmhR\" target=\"_blank\"><img decoding=\"async\" src=\"https:\/\/lh3.googleusercontent.com\/pw\/AP1GczNugtjxKJWSyaaIrzbkl_neBU6QIKV1Pj2nHNWMJF2bFrqKbg4s18cKxKDMRxL78iWpBaMgj5ioPsCSBoTfhO4C8rcE-4uxELQQlqG5T-UvC6XArpHcdiqIM0lRUlrs-c4KXuk0IqEG-7NLDMQ6FpMq=w2000-h1333-s-no-gm?authuser=0\" width=\"2000\" height=\"1333\" alt=\"Nana Wakabayashi, \u0130\u015fletme B\u00f6l\u00fcm\u00fc, Deniz Merkezi Kul\u00fcp B\u00f6l\u00fcm\u00fc\" class=\"size-full\" \/><\/a><figcaption class=\"wp-caption-text\">Nana Wakabayashi, \u0130\u015fletme B\u00f6l\u00fcm\u00fc, Deniz Merkezi Kul\u00fcp B\u00f6l\u00fcm\u00fc<\/figcaption><\/figure>\n<ul>\n<li>Is\u0131 \u00e7arpmas\u0131n\u0131n \u00f6nlenmesi i\u00e7in \u00f6zel destek projesi: Deniz Merkezi havuzunun etraf\u0131na ilk yard\u0131m istasyonlar\u0131n\u0131n kurulmas\u0131 (2025 mali y\u0131l\u0131nda 15 yerle s\u0131n\u0131rl\u0131)<\/li>\n<li>&quot;B&amp;G Toplama Kutular\u0131 (sahildeki \u00e7\u00f6pler i\u00e7in \u00e7\u00f6p kutular\u0131)&quot; montaj\u0131<\/li>\n<li>Deniz Kul\u00fcb\u00fc Hakk\u0131nda Bilgi<\/li>\n<\/ul>\n<figure class=\"wp-caption aligncenter\"><a href=\"https:\/\/photos.google.com\/share\/AF1QipNCIEEehDyv0BIPjWmkOCGOAkKvcgM0JKh0rTbCAV-hQquJrwvrv4rKafH7S5Inxg\/photo\/AF1QipPN90xfcfOO-XunMkx6nrM-_fbPQKDwXzkWvYI?key=MU96cGl6c0dfMVpJc2djQ2I3RW5ESXBLY0ZVMmhR\" target=\"_blank\"><img decoding=\"async\" src=\"https:\/\/lh3.googleusercontent.com\/pw\/AP1GczN7E5Sk2sB77YxwKP7GbOwGugeTziExDy3ckXp0W9r3e0abju1-y-NJ-Xy9JM0_AIaNt6WFlH0AkM1SVlfTFk5ocLGhKxk4JMOk1YapdgN7OmJePM70vuEkkeZ4A_ZiK7MoivHqihqOYd07b0eBsnyt=w2000-h1333-s-no-gm?authuser=0\" width=\"2000\" height=\"1333\" alt=\"Toplama kutusu kurulum projesi\" class=\"size-full\" \/><\/a><figcaption class=\"wp-caption-text\">Toplama kutusu kurulum projesi<\/figcaption><\/figure>\n<h3>Yerel y\u00f6netimler taraf\u0131ndan g\u00f6nderilen kursiyerlerin tan\u0131t\u0131m\u0131<\/h3>\n<figure class=\"wp-caption aligncenter\"><a href=\"https:\/\/photos.google.com\/share\/AF1QipNCIEEehDyv0BIPjWmkOCGOAkKvcgM0JKh0rTbCAV-hQquJrwvrv4rKafH7S5Inxg\/photo\/AF1QipMnLLQH0KBtCyPXuJlFgbJi61ge_05_gQiMn-s?key=MU96cGl6c0dfMVpJc2djQ2I3RW5ESXBLY0ZVMmhR\" target=\"_blank\"><img decoding=\"async\" src=\"https:\/\/lh3.googleusercontent.com\/pw\/AP1GczM1zgPgmAfeuJNlugZsiWSpjgiWJIcjkFFI8a8u0Qa83VA1lx1UAtQ7xLbCopdaihNfI5VMd7QvSLNp4MFQIdCceoltRn3L0as9cekd7JZoJTmZnmCWSRzCAfubwsomczMvnAwElE0RhaTErSV_8knV=w2000-h1333-s-no-gm?authuser=0\" width=\"2000\" height=\"1333\" alt=\"Yerel y\u00f6netimler taraf\u0131ndan g\u00f6nderilen kursiyerler (Bay Mitsuteru Hirotomi, Bay Kazuhiro Kayama, Bayan Hideko Matsuoka)\" class=\"size-full\" \/><\/a><figcaption class=\"wp-caption-text\">Yerel y\u00f6netimler taraf\u0131ndan g\u00f6nderilen kursiyerler (Bay Mitsuteru Hirotomi, Bay Kazuhiro Kayama, Bayan Hideko Matsuoka)<\/figcaption><\/figure>\n<ul>\n<li>Hokkaido&#039;daki Aibetsu Kasabas\u0131ndan ge\u00e7ici g\u00f6revle \u2192 \u0130\u015fletme Departman\u0131, Deniz Merkezi ve Kul\u00fcp B\u00f6l\u00fcm\u00fcne atand\u0131: Mitsuteru Hirotomi<\/li>\n<li>Okayama Eyaleti, Nagi Kasabas\u0131ndan ge\u00e7ici g\u00f6revle atand\u0131 \u2192 \u0130\u015fletme Departman\u0131, Deniz Merkezi ve Kul\u00fcp B\u00f6l\u00fcm\u00fcne atand\u0131: Kazuhiro Kayama<\/li>\n<li>Kagoshima Eyaleti, Amagi Kasabas\u0131ndan ge\u00e7ici g\u00f6revle \u2192 Planlama Departman\u0131n\u0131n Planlama ve Halkla \u0130li\u015fkiler B\u00f6l\u00fcm\u00fcne atand\u0131: Hideko Matsuoka<\/li>\n<li>Bir afet yard\u0131m projesinin planlanmas\u0131 ve planlanmas\u0131: &quot;El bak\u0131m\u0131 i\u00e7in ya\u015fl\u0131 bak\u0131m tesislerini ziyaret etmek&quot;:<br \/>\nZihni ve bedeni dinlendirmek, ruh sa\u011fl\u0131\u011f\u0131n\u0131 iyile\u015ftirmek amac\u0131yla planlanan etkinlikte;<\/li>\n<\/ul>\n<figure class=\"wp-caption aligncenter\"><a href=\"https:\/\/photos.google.com\/share\/AF1QipNCIEEehDyv0BIPjWmkOCGOAkKvcgM0JKh0rTbCAV-hQquJrwvrv4rKafH7S5Inxg\/photo\/AF1QipN5kQ8ddo27aAQGz9PN59iKoaxHpSxJmVPsuoY?key=MU96cGl6c0dfMVpJc2djQ2I3RW5ESXBLY0ZVMmhR\" target=\"_blank\"><img decoding=\"async\" src=\"https:\/\/lh3.googleusercontent.com\/pw\/AP1GczOmZzJd27VwduzRPcjXLIsvNEMeqTeuvhDPAB-OpnsntFkRA7Ysmls_S49jzy6_kxirpJMwm5Idvc5z-gd9GmLj9p0qYkZocVJ9WgSLqDEPtpuZRusE3PoRUaDb-tS8Y_lVgsazdfANfHxI1Gu1jKZf=w2000-h1333-s-no-gm?authuser=0\" width=\"2000\" height=\"1333\" alt=\"El bak\u0131m\u0131 i\u00e7in ya\u015fl\u0131 bak\u0131m tesislerini ziyaret etmek\" class=\"size-full\" \/><\/a><figcaption class=\"wp-caption-text\">El bak\u0131m\u0131 i\u00e7in ya\u015fl\u0131 bak\u0131m tesislerini ziyaret etmek<\/figcaption><\/figure>\n<h2>B\u00f6l\u00fcm 3<\/h2>\n<h3>\u00d6d\u00fcl: 10 y\u0131l \u00fcst \u00fcste \u00d6zel A De\u011ferlendirme Merkezi<\/h3>\n<figure class=\"wp-caption aligncenter\"><a href=\"https:\/\/photos.google.com\/share\/AF1QipNCIEEehDyv0BIPjWmkOCGOAkKvcgM0JKh0rTbCAV-hQquJrwvrv4rKafH7S5Inxg\/photo\/AF1QipO9RjMDplQlPoSzltKVGrCXlZxsXqbaAPxr4YE?key=MU96cGl6c0dfMVpJc2djQ2I3RW5ESXBLY0ZVMmhR\" target=\"_blank\"><img decoding=\"async\" src=\"https:\/\/lh3.googleusercontent.com\/pw\/AP1GczMxwMQq-YimjZEbwlMijjIxT6FrfncWxESFp4LVOqiUFWZyyQ0XuxNTEXQwlcX9u4ByAQ-TrKdn0-oZJWBI2D3iP4E-Bv98FsmoynKuT2l_da414nnVka65zeHuGJc7bM1dxQ_xQS_qKNmN2aWivheO=w2000-h1333-s-no-gm?authuser=0\" width=\"2000\" height=\"1333\" alt=\"10 y\u0131l \u00fcst \u00fcste \u00d6zel A De\u011ferlendirme Merkezi \u00f6d\u00fcl\u00fcne lay\u0131k g\u00f6r\u00fcld\u00fc\" class=\"size-full\" \/><\/a><figcaption class=\"wp-caption-text\">10 y\u0131l \u00fcst \u00fcste \u00d6zel A De\u011ferlendirme Merkezi \u00f6d\u00fcl\u00fcne lay\u0131k g\u00f6r\u00fcld\u00fc<\/figcaption><\/figure>\n<p>*10. kez d\u00fczenlenen \u00d6zel A De\u011ferlendirme Merkezi \u00d6d\u00fclleri&#039;nde \u00e7ok say\u0131da kazanan olmas\u0131 nedeniyle kazananlar video arac\u0131l\u0131\u011f\u0131yla tan\u0131t\u0131ld\u0131 ve bir temsilci \u00f6d\u00fcl\u00fc sahnede ald\u0131.<\/p>\n<h4>Hokuryu Kasabas\u0131 \u00d6d\u00fcl\u00fc<\/h4>\n<figure class=\"wp-caption aligncenter\"><a href=\"https:\/\/photos.google.com\/share\/AF1QipNCIEEehDyv0BIPjWmkOCGOAkKvcgM0JKh0rTbCAV-hQquJrwvrv4rKafH7S5Inxg\/photo\/AF1QipOJV14rfJoXVdK6v2d4BdaEaVwdk-S7kzV0wds?key=MU96cGl6c0dfMVpJc2djQ2I3RW5ESXBLY0ZVMmhR\" target=\"_blank\"><img decoding=\"async\" src=\"https:\/\/lh3.googleusercontent.com\/pw\/AP1GczOBTAlAXWbX9iyzSndPW0MkVuEHjdEsEV9iXhJEdPLEtnio8QoJldhJWmJghLay25_CDdzKTPMj5Z5mxGNWgPcEJdcAN1hpKg2M9Z8WIApqwx-4AxppuG7gDFFVkUZN24Rz7JqU6bkunl_gVpgAIMUd=w2000-h1333-s-no-gm?authuser=0\" width=\"2000\" height=\"1333\" alt=\"Hokuryu Kasabas\u0131, k\u00fc\u00e7\u00fck ama parlayan bir kasaba: &quot;Japonya&#039;n\u0131n 1 numaral\u0131 ay\u00e7i\u00e7e\u011fi k\u00f6y\u00fc&quot;\" class=\"size-full\" \/><\/a><figcaption class=\"wp-caption-text\">Hokuryu Kasabas\u0131, k\u00fc\u00e7\u00fck ama parlayan bir kasaba: &quot;Japonya&#039;n\u0131n 1 numaral\u0131 ay\u00e7i\u00e7e\u011fi k\u00f6y\u00fc&quot;<\/figcaption><\/figure>\n<figure class=\"wp-caption aligncenter\"><a href=\"https:\/\/photos.google.com\/share\/AF1QipNCIEEehDyv0BIPjWmkOCGOAkKvcgM0JKh0rTbCAV-hQquJrwvrv4rKafH7S5Inxg\/photo\/AF1QipMh4lZCe3X6aRK84Ci9efaBjwcJHEiP9bgduVs?key=MU96cGl6c0dfMVpJc2djQ2I3RW5ESXBLY0ZVMmhR\" target=\"_blank\"><img decoding=\"async\" src=\"https:\/\/lh3.googleusercontent.com\/pw\/AP1GczM3WzIj_zBlh4FncRq5iW8-XD3LAEc3CP87OQV4cW61PUuM7YptIQOqKnvgLS8vDYn8CavGLk0027GRlFaDK5DusGs_I1KjmuTG8AudbMerMxT9oyH4usLjOF9JVv963wxbPXcZVEhL9CbRZyZzJ4It=w2000-h1333-s-no-gm?authuser=0\" width=\"2000\" height=\"1333\" alt=\"Bay Yasuhiro Sasaki, Hokuryu Kasabas\u0131\" class=\"size-full\" \/><\/a><figcaption class=\"wp-caption-text\">Bay Yasuhiro Sasaki, Hokuryu Kasabas\u0131<\/figcaption><\/figure>\n<h4>21 belediyenin tamam\u0131 \u00f6d\u00fcllendirildi<\/h4>\n<ol>\n<li>B&amp;G Deniz Merkezi, Obira Kasabas\u0131, Hokkaido\u2026Belediye Ba\u015fkan\u0131 Seki Tsuguo<\/li>\n<li>B&amp;G Deniz Merkezi, Enbetsu Kasabas\u0131, Hokkaido\u2026\u2026\u2026Belediye Ba\u015fkan\u0131 Masato Kunibe<\/li>\n<li><strong>B&amp;G Denizcilik Merkezi, Hokuryu Kasabas\u0131, Hokkaido...Belediye Ba\u015fkan\u0131 Yasuhiro Sasaki<\/strong><\/li>\n<li>B&amp;G Deniz Merkezi, Ashibetsu \u015eehri, Hokkaido\u2026Belediye Ba\u015fkan\u0131 Hagiwara<\/li>\n<li>B&amp;G Deniz Merkezi, Kamifurano Kasabas\u0131, Hokkaido...Belediye Ba\u015fkan\u0131 Shigeru Saito<\/li>\n<li>B&amp;G Denizcilik Merkezi, Onoe, Hirakawa \u015eehri, Aomori Eyaleti...Belediye Ba\u015fkan\u0131 Tadayuki Nagao<\/li>\n<li>B&amp;G Denizcilik Merkezi, Taneichi, Hirono-cho, Iwate Eyaleti...Belediye Ba\u015fkan\u0131 Masayoshi Okamoto<\/li>\n<li>B&amp;G Denizcilik Merkezi, Nishime, Yurihonjo \u015eehri, Akita Eyaleti. Belediye Ba\u015fkan\u0131 Takanobu Minato<\/li>\n<li>B&amp;G Deniz Merkezi, Yoshimi Kasabas\u0131, Saitama Eyaleti...Belediye Ba\u015fkan\u0131 Yoshio Miyazaki<\/li>\n<li>B&amp;G Deniz Merkezi, Aikata, Niigata \u015eehri, Niigata Eyaleti\u2026..Belediye Ba\u015fkan\u0131 Yaichi Nakahara<\/li>\n<li>B&amp;G Deniz Merkezi, Niitsu, Niigata \u015eehri, Niigata Eyaleti\u2026Belediye Ba\u015fkan\u0131 Yaichi Nakahara<\/li>\n<li>B&amp;G Deniz Merkezi, Ogi, Sado \u015eehri, Niigata Eyaleti\u2026Belediye Ba\u015fkan\u0131 Ryugo Watanabe<\/li>\n<li>B&amp;G Deniz Merkezi, Yao, Toyama \u015eehri, Toyama Eyaleti\u2026Belediye Ba\u015fkan\u0131 Hirohisa Fujii<\/li>\n<li>B&amp;G Deniz Merkezi, Maruoka, Sakai \u015eehri, Fukui Eyaleti\u2026..Belediye Ba\u015fkan\u0131 Yoshitaka Ikeda<\/li>\n<li>B&amp;G Deniz Merkezi, Nakatsugawa \u015eehri, Gifu Eyaleti...Belediye Ba\u015fkan\u0131 Hitoshi Oguri<\/li>\n<li>B&amp;G Denizcilik Merkezi, Tomika Kasabas\u0131, Gifu Eyaleti...Belediye Ba\u015fkan\u0131 Keita Watanabe<\/li>\n<li>B&amp;G Deniz Merkezi, Toda, Numazu \u015eehri, Shizuoka Eyaleti\u2026Belediye Ba\u015fkan\u0131 Shuichi Yorishige<\/li>\n<li>B&amp;G Deniz Merkezi, Kosakai, Toyokawa \u015eehri, Aichi Eyaleti...Belediye Ba\u015fkan\u0131 Yukio Takemoto<\/li>\n<li>B&amp;G Deniz Merkezi, Taga Kasabas\u0131, Shiga Eyaleti...Belediye Ba\u015fkan\u0131 Kubo Hisayoshi<\/li>\n<li>B&amp;G Deniz Merkezi, Asakura, Imabari \u015eehri, Ehime Eyaleti\u2026..Belediye Ba\u015fkan\u0131 Shigeki Tokunaga<\/li>\n<li>B&amp;G Denizcilik Merkezi, Otomo Kasabas\u0131, Fukuoka Eyaleti...Belediye Ba\u015fkan\u0131 Joji Nagahara<\/li>\n<\/ol>\n<h3>20 y\u0131l \u00fcst \u00fcste \u00d6zel A derecesi alan merkez<\/h3>\n<ol>\n<li>B&amp;G Deniz Merkezi, Fuchu \u015eehri, Hiro\u015fima Eyaleti....Belediye Ba\u015fkan\u0131 Ono<\/li>\n<li>B&amp;G Deniz Merkezi, Misato, Ainan Kasabas\u0131, Ehime Eyaleti....Belediye Ba\u015fkan\u0131 Ikuo Nakamura<\/li>\n<\/ol>\n<figure class=\"wp-caption aligncenter\"><a href=\"https:\/\/photos.google.com\/share\/AF1QipNCIEEehDyv0BIPjWmkOCGOAkKvcgM0JKh0rTbCAV-hQquJrwvrv4rKafH7S5Inxg\/photo\/AF1QipPDAnyvpZ9ePJIUlHh2lkvul-PBsiyeXtbpOPo?key=MU96cGl6c0dfMVpJc2djQ2I3RW5ESXBLY0ZVMmhR\" target=\"_blank\"><img decoding=\"async\" src=\"https:\/\/lh3.googleusercontent.com\/pw\/AP1GczMIU00gD60M-51WGl5UZFgwuvfJKr3oSlB2H6JZUXf-RK5RQyHHtm-F637rGBlo3RlzU3K1QPa4B5BPCVgswve693fk3IMgIu_ElgUexKrKKJpyNHvuaXzX6tDKKkpyp817XnRx7gPKM4KWhn6rYFqz=w2000-h1333-s-no-gm?authuser=0\" width=\"2000\" height=\"1333\" alt=\"20 y\u0131l \u00fcst \u00fcste \u00d6zel A Dereceli Merkez \u00d6d\u00fcl\u00fc&#039;ne lay\u0131k g\u00f6r\u00fcld\u00fc (Hiroshima Eyaleti, Fuchu \u015eehri&#039;ndeki B&amp;G Deniz Merkezi Belediye Ba\u015fkan\u0131 Ono Shinto ve Ehime Eyaleti, Ainan Kasabas\u0131, Mishou&#039;daki B&amp;G Deniz Merkezi Belediye Ba\u015fkan\u0131 Nakamura Iehira)\" class=\"size-full\" \/><\/a><figcaption class=\"wp-caption-text\">\u00d6zel A Dereceli Merkez \u00d6d\u00fcl\u00fcn\u00fcn 20. Y\u0131l\u0131: Hiro\u015fima Eyaleti Fuchu \u015eehri B&amp;G Deniz Merkezi, Belediye Ba\u015fkan\u0131 Ono Shinto<br \/>\nBelediye Ba\u015fkan\u0131 Nakamura Ikuo, B&amp;G Deniz Merkezi, Ainan Kasabas\u0131, Ehime Eyaleti<\/figcaption><\/figure>\n<h3>Ulusal Zirve Ortak Bildirgesi<\/h3>\n<figure class=\"wp-caption aligncenter\"><a href=\"https:\/\/photos.google.com\/share\/AF1QipNCIEEehDyv0BIPjWmkOCGOAkKvcgM0JKh0rTbCAV-hQquJrwvrv4rKafH7S5Inxg\/photo\/AF1QipMQew5oyJw1zo8QAaQbUEtovIknWZcuvyeNkkk?key=MU96cGl6c0dfMVpJc2djQ2I3RW5ESXBLY0ZVMmhR\" target=\"_blank\"><img decoding=\"async\" src=\"https:\/\/lh3.googleusercontent.com\/pw\/AP1GczOVUSv818q59vwGQwv6QQbrFagcGhKC9vXw9vVdQ8dk0LTJxSIyUDgrZ1ZXIRHwaaEGEPDQj4OgZJ4h4kr51fjZKgD628rP2cIa8s3bSbI14LCw46_s2MPeP7rKhmh4-wDT9JNVezyQ9Oo3RY6A2ngX=w2000-h1333-s-no-gm?authuser=0\" width=\"2000\" height=\"1333\" alt=\"ortak bildiri\" class=\"size-full\" \/><\/a><figcaption class=\"wp-caption-text\">ortak bildiri<\/figcaption><\/figure>\n<p>Sadece insanlar\u0131n kullanmak isteyece\u011fi de\u011fil, herkesin kullanabilece\u011fi bir tesis yaratmak: Deniz Merkezi&#039;nin \u00e7evresindeki yerel toplulu\u011fun ihtiya\u00e7lar\u0131n\u0131 anlayal\u0131m ve onu daha da \u00e7ekici bir tesis haline getirmek i\u00e7in de\u011fer katal\u0131m!<\/p>\n<figure class=\"wp-caption aligncenter\"><a href=\"https:\/\/photos.google.com\/share\/AF1QipNCIEEehDyv0BIPjWmkOCGOAkKvcgM0JKh0rTbCAV-hQquJrwvrv4rKafH7S5Inxg\/photo\/AF1QipPnwX1MQ9dN39_eGG5uhUiiaE3FwW2XWGzEt9g?key=MU96cGl6c0dfMVpJc2djQ2I3RW5ESXBLY0ZVMmhR\" target=\"_blank\"><img decoding=\"async\" src=\"https:\/\/lh3.googleusercontent.com\/pw\/AP1GczPwbjYgpl2tjhlZ_V9LmAY55kxK3F50VlfNNZKANyJaf1w4MasEJXiguMf-JHlt6Aki2P2Nds7-mTqLmmdYPRyzMzwZj3Y5QZTAHQyldgNo1nYydMmfxyNR1Blt2k8nqIPivbvjI1ODc7Bhn1HJZzk5=w2000-h1333-s-no-gm?authuser=0\" width=\"2000\" height=\"1333\" alt=\"Daha cazip bir tesise g\u00fcncellendi!\" class=\"size-full\" \/><\/a><figcaption class=\"wp-caption-text\">Daha cazip bir tesise g\u00fcncellendi!<\/figcaption><\/figure>\n<h3>B&amp;G Vakf\u0131 M\u00fctevelli Heyeti \u00dcyesi Yuki Kishi&#039;nin kapan\u0131\u015f konu\u015fmas\u0131<\/h3>\n<figure class=\"wp-caption aligncenter\"><a href=\"https:\/\/photos.google.com\/share\/AF1QipNCIEEehDyv0BIPjWmkOCGOAkKvcgM0JKh0rTbCAV-hQquJrwvrv4rKafH7S5Inxg\/photo\/AF1QipNdIKNAoHBvOdTcfE2J6HYteVMDTuj9DtyLh8w?key=MU96cGl6c0dfMVpJc2djQ2I3RW5ESXBLY0ZVMmhR\" target=\"_blank\"><img decoding=\"async\" src=\"https:\/\/lh3.googleusercontent.com\/pw\/AP1GczPk-nNNb1lPXCOsyNUmOhxDC7-TPyDZfKHW5sjFhhvOpRf49SMs1SJ4eJHDYElepb8D3Zp1jRAW3Sq-u4KK2djowOTX9Fvhqoz67uKIYR4t9YuFqz9Bap2hyNy2uDzoFqqaOMEEwk1AMzlHggn5SHTN=w2000-h1333-s-no-gm?authuser=0\" width=\"2000\" height=\"1333\" alt=\"B&amp;G Vakf\u0131 M\u00fctevelli Heyeti \u00dcyesi Yuki Kishi\" class=\"size-full\" \/><\/a><figcaption class=\"wp-caption-text\">B&amp;G Vakf\u0131 M\u00fctevelli Heyeti \u00dcyesi Yuki Kishi<\/figcaption><\/figure>\n<p>Belediye Meclisi \u00dcyesi Yuki Kishi, \u00fclke \u00e7ap\u0131ndaki zirveden ilham ald\u0131\u011f\u0131n\u0131 ve \u00f6zellikle Miyagi Eyaletindeki Kami Kasabas\u0131 ve Hokkaido&#039;daki Taiki Kasabas\u0131 taraf\u0131ndan sunulan \u00f6rnek olaylardan etkilendi\u011fini s\u00f6yledi. Deniz merkezinin kullan\u0131m\u0131nda esnek d\u00fc\u015f\u00fcncenin \u00f6nemine de vurgu yapt\u0131.<\/p>\n<figure class=\"wp-caption aligncenter\"><a href=\"https:\/\/photos.google.com\/share\/AF1QipNCIEEehDyv0BIPjWmkOCGOAkKvcgM0JKh0rTbCAV-hQquJrwvrv4rKafH7S5Inxg\/photo\/AF1QipO2QiFV9hKEfRowJaoxR02ZIFIpgX-PPPCi9sU?key=MU96cGl6c0dfMVpJc2djQ2I3RW5ESXBLY0ZVMmhR\" target=\"_blank\"><img decoding=\"async\" src=\"https:\/\/lh3.googleusercontent.com\/pw\/AP1GczPKgn-cJxAWFfPBS5ExIUsv0D_-KphLWYIxt_O4louKtPEFIjTpJw13RlXT5BW5yYEL5zhmiV2a9qaiP0P9L08yIaxiBRvO-D3KoPp9kenUqpLpvqGjNxPNuLncw0bIk9kll8Accen_51s4YML0XVOu=w2000-h1333-s-no-gm?authuser=0\" width=\"2000\" height=\"1333\" alt=\"B&amp;G Ulusal Zirvesi sona erdi\" class=\"size-full\" \/><\/a><figcaption class=\"wp-caption-text\">B&amp;G Ulusal Zirvesi sona erdi<\/figcaption><\/figure>\n<figure class=\"wp-caption aligncenter\"><a href=\"https:\/\/photos.google.com\/share\/AF1QipNCIEEehDyv0BIPjWmkOCGOAkKvcgM0JKh0rTbCAV-hQquJrwvrv4rKafH7S5Inxg\/photo\/AF1QipPacWbPOcORHVDhZDaUCaWRSeuEB3vHiGkjyaA?key=MU96cGl6c0dfMVpJc2djQ2I3RW5ESXBLY0ZVMmhR\" target=\"_blank\"><img decoding=\"async\" src=\"https:\/\/lh3.googleusercontent.com\/pw\/AP1GczOnYnx8D-FMr2Hi33f050l7pHyexk7qJn_yDUaF6ByFShUbv2O2vAnLVf3R7_7OtrLzfnxmneax3lQLJ79UKMEyZtyc6HMiAvSVsvI957WqtDhb5yrV7fbD58A-fE1GZ-owbcdIsRUEqZpKryYj-huJ=w2000-h1500-s-no-gm?authuser=0\" width=\"2000\" height=\"1500\" alt=\"Gen\u00e7lerin b\u00fcy\u00fck hayallerini geni\u015fletme yolunda g\u00f6sterdikleri b\u00fcy\u00fck emeklerden dolay\u0131 B&amp;G Vakf\u0131&#039;na en i\u00e7ten \u015f\u00fckranlar\u0131m\u0131z\u0131 sunmak isteriz!\" class=\"size-full\" \/><\/a><figcaption class=\"wp-caption-text\">Gen\u00e7lerin b\u00fcy\u00fck hayallerini geni\u015fletme yolunda g\u00f6sterdikleri b\u00fcy\u00fck emeklerden dolay\u0131 B&amp;G Vakf\u0131&#039;na en i\u00e7ten \u015f\u00fckranlar\u0131m\u0131z\u0131 sunmak isteriz!<\/figcaption><\/figure>\n<p>&quot;Harika sahnelerin ya\u015fand\u0131\u011f\u0131, \u00e7ocuklar\u0131n g\u00f6zlerinin parlad\u0131\u011f\u0131, gen\u00e7lerin b\u00fcy\u00fck hayallerden bahsetti\u011fi, ya\u015fl\u0131lar\u0131n g\u00fcnlerini nazik g\u00fcl\u00fcmsemelerle ge\u00e7irdi\u011fi bir gelecek yaratma&quot; konseptinden yola \u00e7\u0131karak, geni\u015f bir bak\u0131\u015f a\u00e7\u0131s\u0131yla faaliyet g\u00f6steren ve Japonya&#039;n\u0131n gelece\u011fini ayd\u0131nl\u0131k ve enerjik bir titre\u015fime y\u00f6nlendiren B&amp;G Vakf\u0131&#039;n\u0131n b\u00fcy\u00fck ba\u015far\u0131lar\u0131 i\u00e7in s\u0131n\u0131rs\u0131z sevgi, minnet ve dualar\u0131m\u0131zla. . .<\/p>\n<h2>Youtube videolar\u0131<\/h2>\n<div class=\"youtube\"><iframe title=\"17. B&amp;G Ulusal Zirvesi 2025&#039;te d\u00fczenlenecek ve Hokuryu Kasabas\u0131 10. kez \u00fcst \u00fcste \u00d6zel A De\u011ferlendirme Merkezi olarak tan\u0131nacak!\" src=\"https:\/\/www.youtube.com\/embed\/2aBqYyXcJhE?feature=oembed\" frameborder=\"0\" allow=\"accelerometer; autoplay; clipboard-write; encrypted-media; gyroscope; picture-in-picture; web-share\" referrerpolicy=\"strict-origin-when-cross-origin\" allowfullscreen><\/iframe><\/div>\n<div class=\"youtube\"><iframe title=\"17. B&amp;G Ulusal Zirvesi 2025 \u00d6zel A\u00e7\u0131l\u0131\u015f Konu\u015fmas\u0131 &quot;Japonya&#039;n\u0131n Gelece\u011fi Tehlikede mi?&quot; Nippon Vakf\u0131 Ba\u015fkan\u0131 Yohei Sasakawa taraf\u0131ndan\" src=\"https:\/\/www.youtube.com\/embed\/iqzYIms7_Z0?feature=oembed\" frameborder=\"0\" allow=\"accelerometer; autoplay; clipboard-write; encrypted-media; gyroscope; picture-in-picture; web-share\" referrerpolicy=\"strict-origin-when-cross-origin\" allowfullscreen><\/iframe><\/div>\n<h2>Di\u011fer foto\u011fraflar<\/h2>\n<div class=\"img-move\"><img decoding=\"async\" style=\"vertical-align: middle;\" src=\"https:\/\/ehokkaido.net\/wp-content\/uploads\/2021\/12\/2021-12-06-11.41.12.png\" \/> <a href=\"https:\/\/photos.app.goo.gl\/V85bG46RrXcWSoGb8\" target=\"_blank\" rel=\"noopener noreferrer\">17. B&amp;G Ulusal Zirvesi 2025&#039;ten foto\u011fraflar (325 foto\u011fraf) burada mevcuttur &gt;&gt;<\/a><\/div>\n<h2>\u0130lgili Siteler<\/h2>\n\n        <div class=\"site-blogcard-premium\">\n            <div class=\"bc-label-custom\">\u0130lgili makaleler<\/div>\n            <div class=\"bc-flex-container\">\n                <div class=\"bc-main-text\">\n                    <div class=\"bc-title-link-box\">\n                        <a href=\"https:\/\/www.bgf.or.jp\/kaigi\/summit\/2025\/20250124_summit.html\" target=\"_blank\">17. &quot;B&amp;G Ulusal Zirvesi&quot; d\u00fczenlendi | B&amp;G Vakf\u0131<\/a>\n                    <\/div>\n                    <div class=\"bc-excerpt-box\"><\/div>\n                <\/div>\n                <div class=\"bc-thumbnail-box\">\n                    <a href=\"https:\/\/www.bgf.or.jp\/kaigi\/summit\/2025\/20250124_summit.html\" target=\"_blank\">\n                        <div class=\"bc-img-zoom-wrap\">\n                            <img decoding=\"async\" src=\"https:\/\/www.bgf.or.jp\/wp-content\/uploads\/2025\/01\/20250124_summit_topindex.jpg\" alt=\"17. &quot;B&amp;G Ulusal Zirvesi&quot; d\u00fczenlendi | B&amp;G Vakf\u0131\">\n                        <\/div>\n                    <\/a>\n                <\/div>\n            <\/div>\n        <\/div>\n\u3000<br \/>\n\n        <div class=\"site-blogcard-premium\">\n            <div class=\"bc-label-custom\">\u0130lgili makaleler<\/div>\n            <div class=\"bc-flex-container\">\n                <div class=\"bc-main-text\">\n                    <div class=\"bc-title-link-box\">\n                        <a href=\"https:\/\/www.isenp.co.jp\/2025\/01\/24\/123453\" target=\"_blank\">https:\/\/www.isenp.co.jp\/2025\/01\/24\/123453<\/a>\n                    <\/div>\n                    <div class=\"bc-excerpt-box\">Sayfa bilgileri al\u0131namad\u0131.<\/div>\n                <\/div>\n                <div class=\"bc-thumbnail-box\">\n                    <a href=\"https:\/\/www.isenp.co.jp\/2025\/01\/24\/123453\" target=\"_blank\">\n                        <div class=\"bc-img-zoom-wrap\">\n                            <img decoding=\"async\" src=\"https:\/\/portal.hokuryu.info\/wp\/wp-content\/uploads\/2026\/02\/20230802DSC06445_1.jpg\" alt=\"https:\/\/www.isenp.co.jp\/2025\/01\/24\/123453\">\n                        <\/div>\n                    <\/a>\n                <\/div>\n            <\/div>\n        <\/div>\n\n        <div class=\"site-blogcard-premium\">\n            <div class=\"bc-label-custom\">\u0130lgili makaleler<\/div>\n            <div class=\"bc-flex-container\">\n                <div class=\"bc-main-text\">\n                    <div class=\"bc-title-link-box\">\n                        <a href=\"https:\/\/www.muromin.jp\/news.php?id=120539\" target=\"_blank\">Politikac\u0131lar\u0131n liderlik g\u00f6stermesi gerekiyor: Nippon Vakf\u0131 Ba\u015fkan\u0131 Sasakawa ulusal zirvede belediye ba\u015fkanlar\u0131na seslendi | Muroran Minpo \u00c7evrimi\u00e7i S\u00fcr\u00fcm\u00fc<\/a>\n                    <\/div>\n                    <div class=\"bc-excerpt-box\">[Tokyo] B&amp;G Vakf\u0131 (Ba\u015fkan: Yasuyoshi Maeda, Tokyo), 22&#039;sinde Tokyo&#039;da 17. Ulusal Zirvesini d\u00fczenledi ve...<\/div>\n                <\/div>\n                <div class=\"bc-thumbnail-box\">\n                    <a href=\"https:\/\/www.muromin.jp\/news.php?id=120539\" target=\"_blank\">\n                        <div class=\"bc-img-zoom-wrap\">\n                            <img decoding=\"async\" src=\"https:\/\/www.muromin.jp\/up\/img\/m\/20250123201336509_2288701705.jpg\" alt=\"Politikac\u0131lar\u0131n liderlik g\u00f6stermesi gerekiyor: Nippon Vakf\u0131 Ba\u015fkan\u0131 Sasakawa ulusal zirvede belediye ba\u015fkanlar\u0131na seslendi | Muroran Minpo \u00c7evrimi\u00e7i S\u00fcr\u00fcm\u00fc\">\n                        <\/div>\n                    <\/a>\n                <\/div>\n            <\/div>\n        <\/div>\n\n        <div class=\"site-blogcard-premium\">\n            <div class=\"bc-label-custom\">\u0130lgili makaleler<\/div>\n            <div class=\"bc-flex-container\">\n                <div class=\"bc-main-text\">\n                    <div class=\"bc-title-link-box\">\n                        <a href=\"https:\/\/blog.goo.ne.jp\/yasuhiko-fujisawa\/e\/f4cc8078f8f245d510b5cb3b5510a162\" target=\"_blank\">https:\/\/blog.goo.ne.jp\/yasuhiko-fujisawa\/e\/f4cc8078f8f245d510b5cb3b5510a162<\/a>\n                    <\/div>\n                    <div class=\"bc-excerpt-box\">Sayfa bilgileri al\u0131namad\u0131.<\/div>\n                <\/div>\n                <div class=\"bc-thumbnail-box\">\n                    <a href=\"https:\/\/blog.goo.ne.jp\/yasuhiko-fujisawa\/e\/f4cc8078f8f245d510b5cb3b5510a162\" target=\"_blank\">\n                        <div class=\"bc-img-zoom-wrap\">\n                            <img decoding=\"async\" src=\"https:\/\/portal.hokuryu.info\/wp\/wp-content\/uploads\/2026\/02\/20230802DSC06445_1.jpg\" alt=\"https:\/\/blog.goo.ne.jp\/yasuhiko-fujisawa\/e\/f4cc8078f8f245d510b5cb3b5510a162\">\n                        <\/div>\n                    <\/a>\n                <\/div>\n            <\/div>\n        <\/div>\n\n        <div class=\"site-blogcard-premium\">\n            <div class=\"bc-label-custom\">\u0130lgili makaleler<\/div>\n            <div class=\"bc-flex-container\">\n                <div class=\"bc-main-text\">\n                    <div class=\"bc-title-link-box\">\n                        <a href=\"https:\/\/www.city.fukui-sakai.lg.jp\/shogai-gakusyu\/houdou\/r6\/20250123bghyousyou.html\" target=\"_blank\">Fukui Eyaleti, Sakai \u015eehrindeki Maruoka B&amp;G Denizcilik Merkezi, 10. kez \u00fcst \u00fcste &quot;\u00d6zel A&quot; \u00f6d\u00fcl\u00fcne lay\u0131k g\u00f6r\u00fcld\u00fc.<\/a>\n                    <\/div>\n                    <div class=\"bc-excerpt-box\"><\/div>\n                <\/div>\n                <div class=\"bc-thumbnail-box\">\n                    <a href=\"https:\/\/www.city.fukui-sakai.lg.jp\/shogai-gakusyu\/houdou\/r6\/20250123bghyousyou.html\" target=\"_blank\">\n                        <div class=\"bc-img-zoom-wrap\">\n                            <img decoding=\"async\" src=\"https:\/\/www.city.fukui-sakai.lg.jp\/shared\/images\/sns\/logo.png\" alt=\"Fukui Eyaleti, Sakai \u015eehrindeki Maruoka B&amp;G Denizcilik Merkezi, 10. kez \u00fcst \u00fcste &quot;\u00d6zel A&quot; \u00f6d\u00fcl\u00fcne lay\u0131k g\u00f6r\u00fcld\u00fc.\">\n                        <\/div>\n                    <\/a>\n                <\/div>\n            <\/div>\n        <\/div>\n\n        <div class=\"site-blogcard-premium\">\n            <div class=\"bc-label-custom\">\u0130lgili makaleler<\/div>\n            <div class=\"bc-flex-container\">\n                <div class=\"bc-main-text\">\n                    <div class=\"bc-title-link-box\">\n                        <a href=\"https:\/\/www.city.taketa.oita.jp\/soshiki\/somuka\/hisyo\/shichonoheya\/ugoki2025\/10808.html\" target=\"_blank\">22 Ocak 2025 Tarihli Etkinlikler \/ Taketa \u015eehri<\/a>\n                    <\/div>\n                    <div class=\"bc-excerpt-box\"><\/div>\n                <\/div>\n                <div class=\"bc-thumbnail-box\">\n                    <a href=\"https:\/\/www.city.taketa.oita.jp\/soshiki\/somuka\/hisyo\/shichonoheya\/ugoki2025\/10808.html\" target=\"_blank\">\n                        <div class=\"bc-img-zoom-wrap\">\n                            <img decoding=\"async\" src=\"https:\/\/www.city.taketa.oita.jp\/material\/images\/group\/1\/544739488296337410.jpg\" alt=\"22 Ocak 2025 Tarihli Etkinlikler \/ Taketa \u015eehri\">\n                        <\/div>\n                    <\/a>\n                <\/div>\n            <\/div>\n        <\/div>\n<p>\u25c7 R\u00f6portaj ve metin: Ikuko Terauchi (foto\u011fraf\u00e7\u0131l\u0131k ve d\u00fczenleme asistan\u0131: Noboru Terauchi)<\/p>","protected":false},"excerpt":{"rendered":"<p>\uff12\uff10\uff12\uff15\u5e74\uff11\u6708\uff12\uff17\u65e5\uff08\u6708\uff09 \uff11\u6708\uff12\uff12\u65e5\uff08\u6c34\uff09\u3001\u300c\u7b2c\uff11\uff17\u56de\uff22\uff06\uff27\u5168\u56fd\u30b5\u30df\u30c3\u30c8\u300d\u304c\u30d9\u30eb\u30b5\u30fc\u30eb\u6771\u4eac\u65e5\u672c\u6a4b\uff08\u6771\u4eac\u90fd\u4e2d\u592e\u533a\uff09\u306b\u3066\u958b\u50ac\u3055\u308c\u307e\u3057\u305f\u3002\u4eca\u56de\u306e\u7b2c\uff11\uff17\u56de\uff22\uff06\uff27\u5168\u56fd\u30b5\u30df\u30c3\u30c8\u3067\u306f\u3001\u300c\u30df\u30af\u30ed\u3068\u30de\u30af\u30ed\u3067\u898b\u308b\u516c\u5171\u65bd [&hellip;]<\/p>\n","protected":false},"author":1,"featured_media":54987,"comment_status":"open","ping_status":"open","sticky":false,"template":"","format":"standard","meta":{"footnotes":""},"categories":[4,75,23],"tags":[],"class_list":["post-54953","post","type-post","status-publish","format-standard","has-post-thumbnail","hentry","category-cover-story","category-sasaki-yasuhiro-mayor","category-board-of-education"],"_links":{"self":[{"href":"https:\/\/portal.hokuryu.info\/tr\/wp-json\/wp\/v2\/posts\/54953","targetHints":{"allow":["GET"]}}],"collection":[{"href":"https:\/\/portal.hokuryu.info\/tr\/wp-json\/wp\/v2\/posts"}],"about":[{"href":"https:\/\/portal.hokuryu.info\/tr\/wp-json\/wp\/v2\/types\/post"}],"author":[{"embeddable":true,"href":"https:\/\/portal.hokuryu.info\/tr\/wp-json\/wp\/v2\/users\/1"}],"replies":[{"embeddable":true,"href":"https:\/\/portal.hokuryu.info\/tr\/wp-json\/wp\/v2\/comments?post=54953"}],"version-history":[{"count":0,"href":"https:\/\/portal.hokuryu.info\/tr\/wp-json\/wp\/v2\/posts\/54953\/revisions"}],"wp:featuredmedia":[{"embeddable":true,"href":"https:\/\/portal.hokuryu.info\/tr\/wp-json\/wp\/v2\/media\/54987"}],"wp:attachment":[{"href":"https:\/\/portal.hokuryu.info\/tr\/wp-json\/wp\/v2\/media?parent=54953"}],"wp:term":[{"taxonomy":"category","embeddable":true,"href":"https:\/\/portal.hokuryu.info\/tr\/wp-json\/wp\/v2\/categories?post=54953"},{"taxonomy":"post_tag","embeddable":true,"href":"https:\/\/portal.hokuryu.info\/tr\/wp-json\/wp\/v2\/tags?post=54953"}],"curies":[{"name":"wp","href":"https:\/\/api.w.org\/{rel}","templated":true}]}}