{"id":54808,"date":"2025-01-20T09:35:47","date_gmt":"2025-01-20T00:35:47","guid":{"rendered":"https:\/\/portal.hokuryu.info\/?p=54808"},"modified":"2025-01-20T09:54:11","modified_gmt":"2025-01-20T00:54:11","slug":"hokuryu-kasabasi-fiziksel-engelli-refah-dernegi-genel-toplantisi-ve-2025-yeni-yil-partisi","status":"publish","type":"post","link":"https:\/\/portal.hokuryu.info\/tr\/54808\/","title":{"rendered":"Hokuryu Kasabas\u0131 Fiziksel Engelliler Refah Derne\u011fi Genel Toplant\u0131s\u0131 ve 2025 Yeni Y\u0131l Partisi - Engellileri oldu\u011fu gibi kabul etmek, el ele vermek ve birbirimizi desteklemek"},"content":{"rendered":"<p>Sal\u0131, 21 Ocak 2025<\/p>\n<p>Hokuryu Kasabas\u0131 Fiziksel Engelliler Refah Derne\u011fi Genel Toplant\u0131s\u0131 ve Yeni Y\u0131l Partisi, 16 Ocak 2025 Per\u015fembe g\u00fcn\u00fc saat 11:00&#039;de Hokuryu Kasabas\u0131 Ya\u015fl\u0131 Vatanda\u015flar Refah Merkezi&#039;nde ger\u00e7ekle\u015ftirildi.<\/p>\n<h2>Hokuryu Kasabas\u0131 Fiziksel Engelli Refah Derne\u011fi Genel Toplant\u0131s\u0131 ve 2025 Yeni Y\u0131l Partisi<\/h2>\n<figure class=\"wp-caption aligncenter\"><a href=\"https:\/\/photos.google.com\/share\/AF1QipOG0nomSYbFB2Y3fCE2v0rBr7PZQT27lADa5WOW--K_Gu9djnisjKLgjSw7U4mooA\/photo\/AF1QipPmhEInxyXx8RJlpgFyVRza5x5NJXN-fDPtxNg?key=RXdacElXdGVCVGlIaE1lWHVhcE43ZGZod2VxSzRB\" target=\"_blank\"><img decoding=\"async\" src=\"https:\/\/lh3.googleusercontent.com\/pw\/AP1GczO2zFZs70CVFMgLDW55eZMhjihdBRYt3t3MV9_HMPrAZglD3w5sJnP4uYXgjlRdY0ZM6O5S-jFDYGF_jONFHyJXNYv2bOmBlI9zOxkwFNKIidIQ8QeM6N1beodRVWn09M9NYQ6aJ8yywxDIIPLq4dSf=w2000-h1500-s-no-gm?authuser=0\" width=\"2000\" height=\"1500\" alt=\"Hokuryu Kasabas\u0131 Ya\u015fl\u0131 Vatanda\u015flar Refah Merkezi\" class=\"size-full\" \/><\/a><figcaption class=\"wp-caption-text\">Hokuryu Kasabas\u0131 Ya\u015fl\u0131 Vatanda\u015flar Refah Merkezi<\/figcaption><\/figure>\n<figure class=\"wp-caption aligncenter\"><a href=\"https:\/\/photos.google.com\/share\/AF1QipOG0nomSYbFB2Y3fCE2v0rBr7PZQT27lADa5WOW--K_Gu9djnisjKLgjSw7U4mooA\/photo\/AF1QipO0kNDX6NTqIW5MKvqHEXGg8EdD2gtOouvDA1s?key=RXdacElXdGVCVGlIaE1lWHVhcE43ZGZod2VxSzRB\" target=\"_blank\"><img decoding=\"async\" src=\"https:\/\/lh3.googleusercontent.com\/pw\/AP1GczMI2yRtZWidaJ8i8aGCu5M--uY3XszzLiiUUYIK3w5g8fx5xydMQl0FES2v5bRtzCh9xDoAj1efcO4XTEe7biOgNGslnsmDKArjYrZfcjfQbZtQ4ir_5NA2Qco6TSBAwAzIQpVdA_5jciPFXz5xYdFn=w2000-h1500-s-no-gm?authuser=0\" width=\"2000\" height=\"1500\" alt=\"Hokuryu Kasabas\u0131 Fiziksel Engellilerin Refah\u0131 Derne\u011fi: Genel Toplant\u0131 ve Yeni Y\u0131l Partisi\" class=\"size-full\" \/><\/a><figcaption class=\"wp-caption-text\">Hokuryu Kasabas\u0131 Fiziksel Engellilerin Refah\u0131 Derne\u011fi: Genel Toplant\u0131 ve Yeni Y\u0131l Partisi<\/figcaption><\/figure>\n<p>Toplant\u0131ya, Kitary\u016b Kasabas\u0131 Fiziksel Engelliler Refah Derne\u011fi Ba\u015fkan\u0131 Yamashita Yoshiharu ve Ba\u015fkan Yard\u0131mc\u0131s\u0131 Motobu Iwao&#039;nun yan\u0131 s\u0131ra sekreterya \u00fcyeleri ve g\u00f6revlileri de dahil olmak \u00fczere toplam sekiz ki\u015fi kat\u0131ld\u0131.<\/p>\n<p>Yeni Y\u0131l partisine Belediye Ba\u015fkan\u0131 Sasaki Yasuhiro ve Konut Sakinleri B\u00f6l\u00fcm \u015eefi Hosokawa Naohiro da kat\u0131larak konu\u015fmalar yapt\u0131.<\/p>\n<h3>Sunucu: Michito Nakamura, Genel Sekreter, Hokuryu Kasabas\u0131 Sosyal Refah Konseyi (Fukuoka)<\/h3>\n<figure class=\"wp-caption aligncenter\"><a href=\"https:\/\/photos.google.com\/share\/AF1QipOG0nomSYbFB2Y3fCE2v0rBr7PZQT27lADa5WOW--K_Gu9djnisjKLgjSw7U4mooA\/photo\/AF1QipN6lvm_f72wnE1R5QKbiebkc0oJr9ITxvmyu04?key=RXdacElXdGVCVGlIaE1lWHVhcE43ZGZod2VxSzRB\" target=\"_blank\"><img decoding=\"async\" src=\"https:\/\/lh3.googleusercontent.com\/pw\/AP1GczPIFVEqXD4abIew0lqb_cj7fs4ONRWVAokCRLgNwaeMlYCPAyjZKYWBWzzdHZednSgyK8CD1c5SJfhcTMFO4wkEoRqAdIxPOqLuIUBNEzS58xDwpCemBpPcZzAeP7_wn5waaLI1iQoPVecTPxlxp-sn=w2000-h1125-s-no-gm?authuser=0\" width=\"2000\" height=\"1125\" alt=\"Genel moderat\u00f6rl\u00fc\u011f\u00fcn\u00fc Genel Sekreter Michihito Nakamura \u00fcstlendi.\" class=\"size-full\" \/><\/a><figcaption class=\"wp-caption-text\">Genel moderat\u00f6rl\u00fc\u011f\u00fcn\u00fc Genel Sekreter Michihito Nakamura \u00fcstlendi.<\/figcaption><\/figure>\n<h3>Genel kurulda a\u00e7\u0131l\u0131\u015f konu\u015fmas\u0131: Ba\u015fkan Yoshiharu Yamashita<\/h3>\n<figure class=\"wp-caption aligncenter\"><a href=\"https:\/\/photos.google.com\/share\/AF1QipOG0nomSYbFB2Y3fCE2v0rBr7PZQT27lADa5WOW--K_Gu9djnisjKLgjSw7U4mooA\/photo\/AF1QipNlG5M7-mJThSjt5SYushJh9T23kanBWPN81ZI?key=RXdacElXdGVCVGlIaE1lWHVhcE43ZGZod2VxSzRB\" target=\"_blank\"><img decoding=\"async\" src=\"https:\/\/lh3.googleusercontent.com\/pw\/AP1GczNyeidlEEpofbOxFgzI-wk3sSPfzu7MHjnpFF-X2th0Nj2FrqHyEM-rMINgjz_-7r02sDC-raLBlQPzUs7_cbbpe8-3J1QxAwqqTJvijzpnTxRCcUHSa5_aJgmYkqxAP_nGyYsLU2CmroNI715OZhFu=w2000-h1125-s-no-gm?authuser=0\" width=\"2000\" height=\"1125\" alt=\"Genel kurulda a\u00e7\u0131l\u0131\u015f konu\u015fmas\u0131: Ba\u015fkan Yoshiharu Yamashita\" class=\"size-full\" \/><\/a><figcaption class=\"wp-caption-text\">Genel kurulda a\u00e7\u0131l\u0131\u015f konu\u015fmas\u0131: Ba\u015fkan Yoshiharu Yamashita<\/figcaption><\/figure>\n<p>&quot;G\u00fcnayd\u0131n. Ge\u00e7ti\u011fimiz y\u0131l yak\u0131nlar\u0131m ve aile fertlerim aras\u0131nda bir dizi talihsiz olay ya\u015fad\u0131m ve yas i\u00e7indeydim, istesem bile d\u0131\u015far\u0131 \u00e7\u0131kam\u0131yordum.<\/p>\n<p>Yeni y\u0131l gelmesine ra\u011fmen insanlara &quot;Mutlu Y\u0131llar&quot; diyememek, d\u0131\u015far\u0131 \u00e7\u0131kamamak beni \u00e7ok yaln\u0131z hissettirdi.<\/p>\n<p>Ayn\u0131 durum fiziksel engelliler i\u00e7in de ge\u00e7erlidir. Bence i\u00e7inde bulunduklar\u0131 durumu anlamalar\u0131, d\u0131\u015far\u0131 \u00e7\u0131k\u0131p hayat\u0131n tad\u0131n\u0131 \u00e7\u0131karmalar\u0131 iyi olur.<\/p>\n<p>Kitary\u016b Kasabas\u0131nda engelli belgesine sahip 99 ki\u015fi bulunmaktad\u0131r. Bunlar\u0131n aras\u0131nda hareket edemeyenler ve ya\u015fl\u0131lar da var. N\u00fcfusu 1.600&#039;\u00fcn biraz alt\u0131nda olan bir il\u00e7ede 99 ki\u015fi fiziksel engelli, fiziksel olmayan engelliler de eklendi\u011finde toplam say\u0131 100&#039;\u00fc ge\u00e7iyor.<\/p>\n<p>Makineler ve arabalar ayn\u0131d\u0131r; k\u0131r\u0131l\u0131rlarsa sen tamir edersin. \u0130nsanlar da k\u0131r\u0131labilir. Fiziksel engelli olmak utan\u0131lacak bir \u015fey de\u011fildir; Bu, sa\u011fl\u0131kl\u0131 bir v\u00fccudun durumundan farkl\u0131 bir durumdur. Bu, herkesin yapt\u0131\u011f\u0131 \u015feyleri yapamayaca\u011f\u0131m anlam\u0131na gelmiyor, ancak yapabilece\u011fim \u015feyler var. Bir yerlerde yap\u0131lamayan bir \u015feyler var.<\/p>\n<p>Bir\u00e7o\u011funuzun bildi\u011fi gibi, kasaban\u0131n n\u00fcfusu azald\u0131k\u00e7a bu \u00f6rg\u00fctlerin say\u0131s\u0131 da azald\u0131.<\/p>\n<p>&quot;\u0130ki ki\u015fi her \u015feyi ba\u015farabilir&quot; diye bir s\u00f6z vard\u0131r ve biz de k\u00fc\u00e7\u00fck bir kasabada k\u00fc\u00e7\u00fck bir grup olsak da, hep birlikte mutlu ve keyifli bir \u015fekilde ya\u015fayabilece\u011fimiz duygusuyla \u00e7al\u0131\u015fmak istiyoruz.<\/p>\n<p>Ba\u015fkan Yamashita, &quot;Herkesin herhangi bir fikri varsa genel kurulda dile getirmesini isterim&quot; dedi.<\/p>\n<h3>Genel Kurul Ba\u015fkan\u0131: Yoshiharu Yamashita, Ba\u015fkan ve G\u00fcndem A\u00e7\u0131klamas\u0131: Michihito Nakamura, Genel Sekreter<\/h3>\n<figure class=\"wp-caption aligncenter\"><a href=\"https:\/\/photos.google.com\/share\/AF1QipOG0nomSYbFB2Y3fCE2v0rBr7PZQT27lADa5WOW--K_Gu9djnisjKLgjSw7U4mooA\/photo\/AF1QipOiSlQFaATLIlzAd6cU4OFbPZYROQ-dOuV7Vgk?key=RXdacElXdGVCVGlIaE1lWHVhcE43ZGZod2VxSzRB\" target=\"_blank\"><img decoding=\"async\" src=\"https:\/\/lh3.googleusercontent.com\/pw\/AP1GczO5Jbg7i-L2FEtpKmNPp8Q5PwlWRpIeVEg2Prt9JtM2gZGr2xpQxM00-Fdx-jQgSB1boadO8LIJ20pR3O8i0mQQj1rS6D1PZmytaZQmIEO4TwEgrkPFWY27vTynbWiKmN4qUKV4SOeC6O8FtMJBT0Oq=w2000-h1125-s-no-gm?authuser=0\" width=\"2000\" height=\"1125\" alt=\"Genel Kurul Ba\u015fkan\u0131: Yoshiharu Yamashita, Ba\u015fkan\" class=\"size-full\" \/><\/a><figcaption class=\"wp-caption-text\">Genel Kurul Ba\u015fkan\u0131: Yoshiharu Yamashita, Ba\u015fkan<\/figcaption><\/figure>\n<figure class=\"wp-caption aligncenter\"><a href=\"https:\/\/photos.google.com\/share\/AF1QipOG0nomSYbFB2Y3fCE2v0rBr7PZQT27lADa5WOW--K_Gu9djnisjKLgjSw7U4mooA\/photo\/AF1QipNpmq_yJkIVjGqV1Jmxv2KEUHwUkyCbm4J5D6M?key=RXdacElXdGVCVGlIaE1lWHVhcE43ZGZod2VxSzRB\" target=\"_blank\"><img decoding=\"async\" src=\"https:\/\/lh3.googleusercontent.com\/pw\/AP1GczPkgRW0ZCQBvQqAtffdlNiQQKgLG678JsrJBL_c1SEfZeYKfYWZZvgdpi60Bu0iwhbQ1nLprb5dX3SQFTiaphir49DtIy7BI3J-HHjastYm3DEA2zyq5VMurPIE2vG-Yqd98HChpbgUhc6rLxMmc3S5=w2000-h1125-s-no-gm?authuser=0\" width=\"2000\" height=\"1125\" alt=\"G\u00fcndemin a\u00e7\u0131klamas\u0131: Michihito Nakamura, Genel Sekreter\" class=\"size-full\" \/><\/a><figcaption class=\"wp-caption-text\">G\u00fcndemin a\u00e7\u0131klamas\u0131: Michihito Nakamura, Genel Sekreter<\/figcaption><\/figure>\n<ul>\n<li>2024 Mali Y\u0131l\u0131 \u0130\u015fletme Raporu ve Mali Tablolar \/ Denetim Raporu<\/li>\n<li>2025 Mali Y\u0131l\u0131 \u0130\u015f Plan\u0131 (Taslak) ve Gelir-Gider B\u00fct\u00e7esi (Taslak)<\/li>\n<li>di\u011ferleri<\/li>\n<\/ul>\n<figure class=\"wp-caption aligncenter\"><a href=\"https:\/\/photos.google.com\/share\/AF1QipOG0nomSYbFB2Y3fCE2v0rBr7PZQT27lADa5WOW--K_Gu9djnisjKLgjSw7U4mooA\/photo\/AF1QipMqAIPG-hR9q90jFPufhZ7StnAdCCYNQwc-usI?key=RXdacElXdGVCVGlIaE1lWHVhcE43ZGZod2VxSzRB\" target=\"_blank\"><img decoding=\"async\" src=\"https:\/\/lh3.googleusercontent.com\/pw\/AP1GczP9JZDYKtEVgHWcjl3olnMDlNrJB4yDiOPyxhH7fAzVTvT-WtpW0ZeJVuHKruDML2OoN3Cq1Fp-X7mUKf5b1io-O-kJFMrhWXzR_IRZP1g9f5xJ3SUObP-6kPwtX7A2vikT_02rmAC_JYLfYi0vw2Rf=w2000-h1125-s-no-gm?authuser=0\" width=\"2000\" height=\"1125\" alt=\"Denetim raporu: Seiichi Ito\" class=\"size-full\" \/><\/a><figcaption class=\"wp-caption-text\">Denetim raporu: Seiichi Ito<\/figcaption><\/figure>\n<h2>yeni y\u0131l partisi<\/h2>\n<h3>A\u00e7\u0131l\u0131\u015f konu\u015fmas\u0131: Ba\u015fkan Yoshiharu Yamashita<\/h3>\n<figure class=\"wp-caption aligncenter\"><a href=\"https:\/\/photos.google.com\/share\/AF1QipOG0nomSYbFB2Y3fCE2v0rBr7PZQT27lADa5WOW--K_Gu9djnisjKLgjSw7U4mooA\/photo\/AF1QipMYP-3mKYb8qOJPnDPiiIGGzjM4ViXd--GX9LQ?key=RXdacElXdGVCVGlIaE1lWHVhcE43ZGZod2VxSzRB\" target=\"_blank\"><img decoding=\"async\" src=\"https:\/\/lh3.googleusercontent.com\/pw\/AP1GczP9wxLZ7K-4hGHtaXqox6OYXkLu4gBHf2M6HTNljgNQrGybvDZq8kZ7sWgr19C84Oz1nA3koXApl6ieoSsL2UqDC73ksG0oz47_8oLqpTUpvT1o3G3WZXahhsMDSIjgThZ2J0Fimya_UZB5eVBNw-5-=w2000-h1125-s-no-gm?authuser=0\" width=\"2000\" height=\"1125\" alt=\"Yeni Y\u0131l Partisi Tebrikleri: Ba\u015fkan Yoshiharu Yamashita\" class=\"size-full\" \/><\/a><figcaption class=\"wp-caption-text\">Yeni Y\u0131l Partisi Tebrikleri: Ba\u015fkan Yoshiharu Yamashita<\/figcaption><\/figure>\n<p>&quot;Yeni y\u0131lda hedeflerim ve umutlar\u0131m do\u011frultusunda ne yapmak istedi\u011fimi ve ne ba\u015farmak istedi\u011fimi d\u00fc\u015f\u00fcn\u00fcyorum. Bunlar umut dolu d\u00fc\u015f\u00fcnceler.<\/p>\n<p>G\u00fcn\u00fcm\u00fczde d\u00fcnyan\u0131n d\u00f6rt bir yan\u0131ndan her g\u00fcn korkun\u00e7 olaylar\u0131n ya\u015fand\u0131\u011f\u0131na dair haberler duyuyoruz. Memleketimizde e\u011fleniyor olsak da, insan yine de hayvand\u0131r. &quot;\u0130nsanlar hayvand\u0131r, dolay\u0131s\u0131yla hayvanlar\u0131n do\u011fas\u0131na uygun \u015feyler yaparlar&quot; s\u00f6z\u00fcn\u00fc \u00f6nemli ki\u015filerden \u00e7ok duydum. Dolay\u0131s\u0131yla m\u00fccadele hi\u00e7 bitmeyecek gibi g\u00f6r\u00fcn\u00fcyor.<\/p>\n<p>\u00dclkemizde, mahallemizde, \u015fehrimizde mutlu hayatlar ya\u015f\u0131yoruz, planlar yap\u0131yoruz, bir\u00e7ok umut besliyoruz ama hi\u00e7 ummad\u0131\u011f\u0131m\u0131z \u015feylerin de ba\u015f\u0131m\u0131za gelebilece\u011fini d\u00fc\u015f\u00fcn\u00fcyorum.<\/p>\n<p>Bunu d\u00fc\u015f\u00fcnd\u00fc\u011f\u00fcn\u00fczde bunun ancak insanlar aras\u0131nda \u00e7\u00f6z\u00fclebilecek bir \u015fey oldu\u011funu d\u00fc\u015f\u00fcn\u00fcyorum. \u00d6te yandan bamba\u015fka \u015feyler de ya\u015fan\u0131yor, mesela ABD&#039;deki orman yang\u0131nlar\u0131 gibi, bunlarla da ilgilenmemiz gerekti\u011fini d\u00fc\u015f\u00fcn\u00fcyorum. D\u00fcnya&#039;da \u00e7evre de\u011fi\u015fti\u011finde bir\u00e7ok \u015fey meydana gelir. Etraf\u0131ma bakt\u0131\u011f\u0131mda, benim ya\u015fad\u0131\u011f\u0131m kasaban\u0131n da bir\u00e7ok a\u00e7\u0131dan de\u011fi\u015fti\u011fini g\u00f6r\u00fcyorum.<\/p>\n<p>Son \u00f6rneklerden biri de daha \u00f6nce var olmayan belediye binas\u0131n\u0131n arkas\u0131na yeni bir afet \u00f6nleme deposu yap\u0131lmas\u0131d\u0131r.<\/p>\n<p>\u00dclkenin d\u00f6rt bir yan\u0131nda meydana gelen depremlere ra\u011fmen bir\u00e7ok ki\u015fi Hokuryu Kasabas\u0131&#039;n\u0131n muhte\u015fem bir yer oldu\u011funu s\u00f6yl\u00fcyor. Ancak kom\u015fu kasaba ve k\u00f6ylerin bak\u0131\u015f a\u00e7\u0131s\u0131na g\u00f6re Hokuryu Kasabas\u0131&#039;n\u0131n bizim kasabam\u0131za g\u00f6re afetlere daha a\u00e7\u0131k oldu\u011fu s\u00f6yleniyor. \u00c7\u00fcnk\u00fc kasaban\u0131n tarihi boyunca sel, deprem, kas\u0131rga gibi hemen her t\u00fcrl\u00fc felaketi ya\u015fad\u0131\u011f\u0131 g\u00f6r\u00fclmektedir. Ve \u015fu an en b\u00fcy\u00fck zorluk koronavir\u00fcs. Ve sonra gelecekte n\u00fcfus azalmas\u0131 var.<\/p>\n<p>N\u00fcfus azald\u0131k\u00e7a, e\u015fyalar da kayboluyor. Kom\u015fu kasaba Uryuu&#039;da s\u00fcpermarket kapan\u0131nca ya\u015fl\u0131lar art\u0131k Kitary\u016b&#039;daki Cocoa s\u00fcpermarketinden al\u0131\u015fveri\u015f yapmak i\u00e7in iki otob\u00fcs kullan\u0131yor.<\/p>\n<p>\u0130\u015fte g\u00fcn\u00fcm\u00fcz d\u00fcnyas\u0131nda kentlerin do\u011fas\u0131 bu \u015fekilde de\u011fi\u015fiyor. San\u0131r\u0131m bundan sonraki s\u00fcre\u00e7te kar\u015f\u0131la\u015faca\u011f\u0131m\u0131z zorluk, mevcut duruma nas\u0131l cevap verece\u011fimiz olacak. \u00d6nemli olan bir\u00e7ok \u015fey azalsa bile devam etmenin \u00e7ok \u00f6nemli olmas\u0131d\u0131r.<\/p>\n<p>Bir \u015feyleri mahvetmek \u00e7ok kolayd\u0131r. Ama k\u0131r\u0131lan\u0131 bir daha toparlamak pek m\u00fcmk\u00fcn olmuyor. O y\u00fczden \u00f6nemli olan bunu nas\u0131l devam ettirece\u011fimizdir.<\/p>\n<p>Bildi\u011finiz gibi bu, Hokuryu Kasabas\u0131&#039;ndan &quot;Dacho Kul\u00fcb\u00fc&quot; adl\u0131 bir grubun faaliyetidir. Ziyaret\u00e7ileri mutlu etmek d\u00fc\u015f\u00fcncesiyle ay\u00e7i\u00e7e\u011fi tarlas\u0131n\u0131n bir k\u00f6\u015fesinde \u00e7e\u015fitli faaliyetler y\u00fcr\u00fct\u00fcyorduk ancak \u015fu an itibariyle da\u011f\u0131lma noktas\u0131na geldik. Bu durum, halefiyet sorununu g\u00fcndeme getirdi. Uzun u\u011fra\u015flar sonucu nihayet i\u015fimizi devam ettirecek bir halef bulduk.<\/p>\n<p>Kitary\u016b Kasabas\u0131&#039;n\u0131n iyi niteliklerini koruyarak geli\u015fmeye devam etmesini umuyorum.<\/p>\n<p>\u00d6nemli olan, sakinlerinin ya\u015famas\u0131n\u0131 kolayla\u015ft\u0131racak bir kasaba yaratmak.<\/p>\n<p>Bunlar\u0131n aras\u0131nda fiziksel engelli olanlar, &quot;Ben de fiziksel engelli olsam da di\u011fer insanlar\u0131n yapt\u0131klar\u0131n\u0131 yapaca\u011f\u0131m&quot; d\u00fc\u015f\u00fcncesiyle yo\u011fun bir \u015fekilde \u00e7al\u0131\u015f\u0131yorlar.<\/p>\n<p>Gelecekte de birlikte e\u011flenmeye devam edelim! Ba\u015fkan Yamashita, &quot;\u00c7ok te\u015fekk\u00fcr ederim&quot; dedi.<\/p>\n<h3>Belediye Ba\u015fkan\u0131 Yasuhiro Sasaki&#039;den selamlar<\/h3>\n<figure class=\"wp-caption aligncenter\"><a href=\"https:\/\/photos.google.com\/share\/AF1QipOG0nomSYbFB2Y3fCE2v0rBr7PZQT27lADa5WOW--K_Gu9djnisjKLgjSw7U4mooA\/photo\/AF1QipOVnJF6Xn-nyl02TW3gkmALbBM-J-toP1go4QA?key=RXdacElXdGVCVGlIaE1lWHVhcE43ZGZod2VxSzRB\"><img decoding=\"async\" src=\"https:\/\/lh3.googleusercontent.com\/pw\/AP1GczM5T7ZYq3zHtzc-D7eH-GdJewLRg_499U-QCWnhJ-YrZvhDklbz0qHILwY37Tpt7OBkJ6IjUIu4XQCzyeKx3Cu9Ob0xH7cNiJeunWnQXrOcdmHvB9HjzTSLc4T06xxt8IKhCr0Dh9KG8QiB0C0mfw3l=w2000-h1125-s-no-gm?authuser=0\" width=\"2000\" height=\"1125\" alt=\"Belediye Ba\u015fkan\u0131 Yasuhiro Sasaki&#039;den selamlar\" class=\"size-full\" \/><\/a><figcaption class=\"wp-caption-text\">Belediye Ba\u015fkan\u0131 Yasuhiro Sasaki&#039;den selamlar<\/figcaption><\/figure>\n<p>&quot;Bu y\u0131l da bize verdi\u011finiz s\u00fcrekli destek i\u00e7in te\u015fekk\u00fcr ederiz!<\/p>\n<p>Engelli bireylere y\u00f6nelik faaliyetlerimiz arac\u0131l\u0131\u011f\u0131yla sa\u011fl\u0131kl\u0131 bir y\u0131l ge\u00e7irmenizi i\u00e7tenlikle diliyoruz.<\/p>\n<p>Say\u0131n Yamashita, parlamento \u00fcyeli\u011fim d\u00f6neminde benden k\u0131demli bir arkada\u015f\u0131md\u0131r, dolay\u0131s\u0131yla bir\u00e7ok konuda bilgi sahibi oldu\u011funu ve \u00e7e\u015fitli projelerle ilerledi\u011fini duydum.<\/p>\n<p>Bug\u00fcnk\u00fc y\u0131lba\u015f\u0131 partisinin bu \u015fekilde sonu\u00e7lanmas\u0131 beni biraz \u00fczd\u00fc. Hepinizle konu\u015fma f\u0131rsat\u0131 bulmay\u0131 umuyordum. &#039;Bu konuda ne d\u00fc\u015f\u00fcn\u00fcyorsun?&#039; gibi konular hakk\u0131nda bir tart\u0131\u015fma yapmak istiyordum. &#039;Kasaba ne d\u00fc\u015f\u00fcn\u00fcyor?&#039; ama bug\u00fcn bu m\u00fcmk\u00fcn de\u011fil.<\/p>\n<p>Ba\u015fkan Yamashita, Genel Merkez Ba\u015fkan Yard\u0131mc\u0131s\u0131 ve Direkt\u00f6r Nakamura arac\u0131l\u0131\u011f\u0131yla \u00e7e\u015fitli konular\u0131 g\u00f6r\u00fc\u015fmek istiyorum. Ve l\u00fctfen bunu mutlaka iletin.<\/p>\n<p>\u015eu anda belde b\u00fct\u00e7esini haz\u0131rl\u0131yoruz. Bu etkinli\u011fin b\u00fct\u00e7esine de tekrar bakt\u0131m ve bu beni d\u00fc\u015f\u00fcnd\u00fcrd\u00fc.<\/p>\n<p>Bay Yamashita&#039;n\u0131n her zaman s\u00f6yledi\u011fi gibi, Sorachi Derne\u011fi&#039;nde yeni bir konu \u00f6nerece\u011fini duydum. E\u011fer seninle gelirsem arabada konu\u015fabiliriz ve belki seni rahats\u0131z eden meselelerden birini \u00e7\u00f6zebiliriz. L\u00fctfen buna kat\u0131lmama izin verin. Bunu yaparak bir\u00e7ok \u015feyi ad\u0131m ad\u0131m, ufak ufak ba\u015farabilece\u011fimizi d\u00fc\u015f\u00fcn\u00fcyorum.<\/p>\n<p>Herhangi bir konuda sizden haber almak isterim, bu y\u00fczden l\u00fctfen benimle konu\u015fmaktan \u00e7ekinmeyin.<\/p>\n<p>Y\u0131l ba\u015f\u0131nda bu say\u0131 1.593 idi. Her birinin y\u00fcz\u00fcn\u00fc \u00e7ok net hat\u0131rl\u0131yorum. Bunu kalbimde sa\u011flam bir \u015fekilde hat\u0131rl\u0131yorum. Yeni bir g\u00fcl\u00fcmsemeye do\u011fru bir\u00e7ok alanda birlikte ilerlemek istiyoruz, l\u00fctfen bizi destekleyin.<\/p>\n<p>Umar\u0131m bana ula\u015f\u0131rs\u0131n\u0131z ve bu benim Yeni Y\u0131l ve Genel Kurul i\u00e7in selam\u0131m olur. Bu y\u0131l da deste\u011finizin devam\u0131n\u0131 bekliyoruz.&quot;<\/p>\n<h3>Hokuryu Kasabas\u0131 Yerle\u015fik \u0130\u015fleri B\u00f6l\u00fcm \u015eefi Say\u0131n Naohiro Hosokawa&#039;y\u0131 tan\u0131t\u0131yoruz<\/h3>\n<figure class=\"wp-caption aligncenter\"><a href=\"https:\/\/photos.google.com\/share\/AF1QipOG0nomSYbFB2Y3fCE2v0rBr7PZQT27lADa5WOW--K_Gu9djnisjKLgjSw7U4mooA\/photo\/AF1QipN_JsZUsOnVNjDxDnj_9Z-v54dtm_aFbV0ONy0?key=RXdacElXdGVCVGlIaE1lWHVhcE43ZGZod2VxSzRB\" target=\"_blank\"><img decoding=\"async\" src=\"https:\/\/lh3.googleusercontent.com\/pw\/AP1GczNbRHccgT_4Z3Ck93544fN5JioxUmK2oq7HVZMn1mUg8z93pU91Cosm2pd1o1f_1B8_nHle3aX3psR3Xfc-SDIBLDaUKG-6iYTVXwEgncRRF5qOrsSGszVloH3INbC8uFBvswmCFMNlwaHtOFwH8Rwa=w2000-h1333-s-no-gm?authuser=0\" width=\"2000\" height=\"1500\" alt=\"Hokuryu Kasabas\u0131 Sakin \u0130\u015fleri B\u00f6l\u00fcm\u00fc \u015eefi Naohiro Hosokawa\" class=\"size-full\" \/><\/a><figcaption class=\"wp-caption-text\">Hokuryu Kasabas\u0131 Sakin \u0130\u015fleri B\u00f6l\u00fcm\u00fc \u015eefi Naohiro Hosokawa<\/figcaption><\/figure>\n<p>&quot;Bu y\u0131l da bize verdi\u011finiz s\u00fcrekli destek i\u00e7in te\u015fekk\u00fcr ederiz.&quot;<\/p>\n<h3>Paket servis \u00f6\u011fle yemekleri, i\u00e7ecekler, at\u0131\u015ft\u0131rmal\u0131klar, tuvalet ka\u011f\u0131d\u0131<\/h3>\n<p>\u00c7e\u015fitli nedenlerden dolay\u0131 geleneksel y\u0131lba\u015f\u0131 partisi yeme\u011fi ve oyunlar\u0131 iptal edildi ve kat\u0131l\u0131mc\u0131lar yiyecekleri evlerine g\u00f6t\u00fcrmek zorunda kald\u0131. Bento kutular\u0131 Hokuryu Kasabas\u0131&#039;ndaki Ajidokoro Yahachi taraf\u0131ndan el yap\u0131m\u0131 olarak \u00fcretiliyor.<\/p>\n<figure class=\"wp-caption aligncenter\"><a href=\"https:\/\/photos.google.com\/share\/AF1QipOG0nomSYbFB2Y3fCE2v0rBr7PZQT27lADa5WOW--K_Gu9djnisjKLgjSw7U4mooA\/photo\/AF1QipM1EUnoCMloi3Ft1mwWsQ1R7Ctv5wuSAq6Ff4w?key=RXdacElXdGVCVGlIaE1lWHVhcE43ZGZod2VxSzRB\" target=\"_blank\"><img decoding=\"async\" src=\"https:\/\/lh3.googleusercontent.com\/pw\/AP1GczMitrAEXqzI22xwGuwd3_3wwvFv23odX2lsskbSn8VY1ZfE1oBIApiNFFeX5cySa9EGScXo4WNDQEIp8XS9UpELzUyF_VPzxlzrezeFneSvxX92_jwJGBgA1lDG3jY-AkVodo0KfUxt1J-0e0zl-sGV=w2000-h1500-s-no-gm?authuser=0\" width=\"2000\" height=\"1500\" alt=\"Paket servis bento, at\u0131\u015ft\u0131rmal\u0131klar, i\u00e7ecekler ve mandalina\" class=\"size-full\" \/><\/a><figcaption class=\"wp-caption-text\">Paket servis bento, at\u0131\u015ft\u0131rmal\u0131klar, i\u00e7ecekler ve mandalina<\/figcaption><\/figure>\n<figure class=\"wp-caption aligncenter\"><a href=\"https:\/\/photos.google.com\/share\/AF1QipOG0nomSYbFB2Y3fCE2v0rBr7PZQT27lADa5WOW--K_Gu9djnisjKLgjSw7U4mooA\/photo\/AF1QipOTFQNkXAx-VpzGjNFJvgETAma4yT1RmGmBitA?key=RXdacElXdGVCVGlIaE1lWHVhcE43ZGZod2VxSzRB\" target=\"_blank\"><img decoding=\"async\" src=\"https:\/\/lh3.googleusercontent.com\/pw\/AP1GczM57u7UH9RMmPH0brRCB4pjRppKFX1ldx5MF7XTdXIyO26-gjJ230wSqzC92FfQ_LRjyhe8gN5-TKEflcMOMk1iZIugxCOoxwK6WpGiGABcAmp17GP9tnjf1irUfATTLmSMpAeeFr5z8V3vgrOT06Gc=w2000-h1500-s-no-gm?authuser=0\" width=\"2000\" height=\"1500\" alt=\"Hokuryu Kasabas\u0131 Fiziksel Engelliler Refah Derne\u011fi&#039;ne s\u0131n\u0131rs\u0131z sevgi, \u015f\u00fckran ve dualar\u0131m\u0131zla, ayd\u0131nl\u0131k ve sa\u011fl\u0131kl\u0131 bir ya\u015fam s\u00fcr\u00fcyorlar.\" class=\"size-full\" \/><\/a><figcaption class=\"wp-caption-text\">Hokuryu Kasabas\u0131 Fiziksel Engelliler Refah Derne\u011fi&#039;ne s\u0131n\u0131rs\u0131z sevgi, \u015f\u00fckran ve dualar\u0131m\u0131zla, ayd\u0131nl\u0131k ve sa\u011fl\u0131kl\u0131 bir ya\u015fam s\u00fcr\u00fcyorlar.<\/figcaption><\/figure>\n<p>K\u00fcresel devrimin ya\u015fand\u0131\u011f\u0131 bu \u00e7a\u011fda, engellileri oldu\u011fu gibi kabul eden, el ele verip birbirlerini destekleyen, ayd\u0131nl\u0131k ve sa\u011fl\u0131kl\u0131 bir hayat ya\u015fayan Hokuryu Kasabas\u0131 Engelliler Refah Derne\u011fi&#039;ne s\u0131n\u0131rs\u0131z sevgimizi, \u015f\u00fckranlar\u0131m\u0131z\u0131 ve dualar\u0131m\u0131z\u0131 g\u00f6nderiyoruz. . .<\/p>\n<h2>Di\u011fer foto\u011fraflar<\/h2>\n<div class=\"img-move\">\n<img decoding=\"async\" src=\"https:\/\/ehokkaido.net\/wp-content\/uploads\/2021\/12\/2021-12-06-11.41.12.png\" style=\"vertical-align:middle;\"> <a href=\"https:\/\/photos.app.goo.gl\/BnwygGQdeFoNE2tn6\" target=\"_blank\" rel=\"noopener noreferrer\">Hokuryu Kasabas\u0131 Fiziksel Engelli Refah Derne\u011fi Genel Toplant\u0131s\u0131 ve 2025 Yeni Y\u0131l Partisi&#039;nden foto\u011fraflar (24 foto\u011fraf) burada &gt;&gt;<\/a><\/a><\/div>\n<h2>\u0130lgili makaleler<\/h2>\n\n        <div class=\"site-blogcard-premium\">\n            <div class=\"bc-label-custom\">\u0130lgili makaleler<\/div>\n            <div class=\"bc-flex-container\">\n                <div class=\"bc-main-text\">\n                    <div class=\"bc-title-link-box\">\n                        <a href=\"https:\/\/portal.hokuryu.info\/tr\/53746\/\" target=\"_blank\">https:\/\/portal.hokuryu.info\/53746<\/a>\n                    <\/div>\n                    <div class=\"bc-excerpt-box\">Sayfa bilgileri al\u0131namad\u0131.<\/div>\n                <\/div>\n                <div class=\"bc-thumbnail-box\">\n                    <a href=\"https:\/\/portal.hokuryu.info\/tr\/53746\/\" target=\"_blank\">\n                        <div class=\"bc-img-zoom-wrap\">\n                            <img decoding=\"async\" src=\"https:\/\/portal.hokuryu.info\/wp\/wp-content\/uploads\/2026\/02\/20230802DSC06445_1.jpg\" alt=\"https:\/\/portal.hokuryu.info\/53746\">\n                        <\/div>\n                    <\/a>\n                <\/div>\n            <\/div>\n        <\/div>\n\n        <div class=\"site-blogcard-premium\">\n            <div class=\"bc-label-custom\">\u0130lgili makaleler<\/div>\n            <div class=\"bc-flex-container\">\n                <div class=\"bc-main-text\">\n                    <div class=\"bc-title-link-box\">\n                        <a href=\"https:\/\/portal.hokuryu.info\/tr\/41055\/\" target=\"_blank\">https:\/\/portal.hokuryu.info\/41055<\/a>\n                    <\/div>\n                    <div class=\"bc-excerpt-box\">Sayfa bilgileri al\u0131namad\u0131.<\/div>\n                <\/div>\n                <div class=\"bc-thumbnail-box\">\n                    <a href=\"https:\/\/portal.hokuryu.info\/tr\/41055\/\" target=\"_blank\">\n                        <div class=\"bc-img-zoom-wrap\">\n                            <img decoding=\"async\" src=\"https:\/\/portal.hokuryu.info\/wp\/wp-content\/uploads\/2026\/02\/20230802DSC06445_1.jpg\" alt=\"https:\/\/portal.hokuryu.info\/41055\">\n                        <\/div>\n                    <\/a>\n                <\/div>\n            <\/div>\n        <\/div>\n\n        <div class=\"site-blogcard-premium\">\n            <div class=\"bc-label-custom\">\u0130lgili makaleler<\/div>\n            <div class=\"bc-flex-container\">\n                <div class=\"bc-main-text\">\n                    <div class=\"bc-title-link-box\">\n                        <a href=\"https:\/\/portal.hokuryu.info\/tr\/40127\/\" target=\"_blank\">https:\/\/portal.hokuryu.info\/40127<\/a>\n                    <\/div>\n                    <div class=\"bc-excerpt-box\">Sayfa bilgileri al\u0131namad\u0131.<\/div>\n                <\/div>\n                <div class=\"bc-thumbnail-box\">\n                    <a href=\"https:\/\/portal.hokuryu.info\/tr\/40127\/\" target=\"_blank\">\n                        <div class=\"bc-img-zoom-wrap\">\n                            <img decoding=\"async\" src=\"https:\/\/portal.hokuryu.info\/wp\/wp-content\/uploads\/2026\/02\/20230802DSC06445_1.jpg\" alt=\"https:\/\/portal.hokuryu.info\/40127\">\n                        <\/div>\n                    <\/a>\n                <\/div>\n            <\/div>\n        <\/div>\n\n        <div class=\"site-blogcard-premium\">\n            <div class=\"bc-label-custom\">\u0130lgili makaleler<\/div>\n            <div class=\"bc-flex-container\">\n                <div class=\"bc-main-text\">\n                    <div class=\"bc-title-link-box\">\n                        <a href=\"https:\/\/portal.hokuryu.info\/tr\/hokuryu_shakyo\/\" target=\"_blank\">https:\/\/portal.hokuryu.info\/hokuryu_shakyo<\/a>\n                    <\/div>\n                    <div class=\"bc-excerpt-box\">Sayfa bilgileri al\u0131namad\u0131.<\/div>\n                <\/div>\n                <div class=\"bc-thumbnail-box\">\n                    <a href=\"https:\/\/portal.hokuryu.info\/tr\/hokuryu_shakyo\/\" target=\"_blank\">\n                        <div class=\"bc-img-zoom-wrap\">\n                            <img decoding=\"async\" src=\"https:\/\/portal.hokuryu.info\/wp\/wp-content\/uploads\/2026\/02\/20230802DSC06445_1.jpg\" alt=\"https:\/\/portal.hokuryu.info\/hokuryu_shakyo\">\n                        <\/div>\n                    <\/a>\n                <\/div>\n            <\/div>\n        <\/div>\n<p>\u25c7 R\u00f6portaj ve metin: Ikuko Terauchi (foto\u011fraf\u00e7\u0131l\u0131k ve d\u00fczenleme asistan\u0131: Noboru Terauchi)<\/p>","protected":false},"excerpt":{"rendered":"<p>\uff12\uff10\uff12\uff15\u5e74\uff11\u6708\uff12\uff11\u65e5\uff08\u706b\uff09 \u4ee4\u548c\uff17\u5e74\uff11\u6708\uff11\uff16\u65e5\uff08\u6728\uff09\u5348\u524d\uff11\uff11\u6642\u3088\u308a\u3001\u300c\u5317\u7adc\u753a\u8eab\u4f53\u969c\u5bb3\u8005\u798f\u7949\u5354\u4f1a\u30fb\u7dcf\u4f1a\u300d\uff06\u300c\u65b0\u5e74\u4f1a\u300d\u304c\u3001\u5317\u7adc\u753a\u8001\u4eba\u798f\u7949\u30bb\u30f3\u30bf\u30fc\u306b\u3066\u958b\u50ac\u3055\u308c\u307e\u3057\u305f\u3002 \u5317\u7adc\u753a\u8eab\u4f53\u969c\u5bb3\u8005\u798f\u7949\u5354\u4f1a\u7dcf\u4f1a \uff06 \u65b0\u5e74 [&hellip;]<\/p>\n","protected":false},"author":1,"featured_media":54819,"comment_status":"open","ping_status":"open","sticky":false,"template":"","format":"standard","meta":{"footnotes":""},"categories":[4,75,22],"tags":[],"class_list":["post-54808","post","type-post","status-publish","format-standard","has-post-thumbnail","hentry","category-cover-story","category-sasaki-yasuhiro-mayor","category-csw"],"_links":{"self":[{"href":"https:\/\/portal.hokuryu.info\/tr\/wp-json\/wp\/v2\/posts\/54808","targetHints":{"allow":["GET"]}}],"collection":[{"href":"https:\/\/portal.hokuryu.info\/tr\/wp-json\/wp\/v2\/posts"}],"about":[{"href":"https:\/\/portal.hokuryu.info\/tr\/wp-json\/wp\/v2\/types\/post"}],"author":[{"embeddable":true,"href":"https:\/\/portal.hokuryu.info\/tr\/wp-json\/wp\/v2\/users\/1"}],"replies":[{"embeddable":true,"href":"https:\/\/portal.hokuryu.info\/tr\/wp-json\/wp\/v2\/comments?post=54808"}],"version-history":[{"count":0,"href":"https:\/\/portal.hokuryu.info\/tr\/wp-json\/wp\/v2\/posts\/54808\/revisions"}],"wp:featuredmedia":[{"embeddable":true,"href":"https:\/\/portal.hokuryu.info\/tr\/wp-json\/wp\/v2\/media\/54819"}],"wp:attachment":[{"href":"https:\/\/portal.hokuryu.info\/tr\/wp-json\/wp\/v2\/media?parent=54808"}],"wp:term":[{"taxonomy":"category","embeddable":true,"href":"https:\/\/portal.hokuryu.info\/tr\/wp-json\/wp\/v2\/categories?post=54808"},{"taxonomy":"post_tag","embeddable":true,"href":"https:\/\/portal.hokuryu.info\/tr\/wp-json\/wp\/v2\/tags?post=54808"}],"curies":[{"name":"wp","href":"https:\/\/api.w.org\/{rel}","templated":true}]}}