{"id":5451,"date":"2020-10-19T11:36:40","date_gmt":"2020-10-19T02:36:40","guid":{"rendered":"https:\/\/portal.hokuryu.info\/?p=5451"},"modified":"2021-02-10T10:20:21","modified_gmt":"2021-02-10T01:20:21","slug":"5451-mesaj","status":"publish","type":"post","link":"https:\/\/portal.hokuryu.info\/tr\/5451\/","title":{"rendered":"Hokuryu Kasabas\u0131&#039;n\u0131n \u00f6zel \u00fcr\u00fcnleri &quot;Yeni hasat edilmi\u015f ay\u00e7i\u00e7e\u011fi pirinci, Kurosengoku soya fasulyesi, ay\u00e7i\u00e7e\u011fi ya\u011f\u0131 ve pirin\u00e7 krakerleri&quot; Sorachi Fuar\u0131 2020&#039;de (Hokkaido Dosanko Plaza Sapporo ma\u011fazas\u0131) y\u00fcz y\u00fcze sat\u0131\u015fa sunulacakt\u0131r."},"content":{"rendered":"<p>Pazartesi, 19 Ekim 2020<\/p>\n<p>Hokkaido&#039;nun en b\u00fcy\u00fck pirin\u00e7 \u00fcretim b\u00f6lgesi olan Sorachi&#039;den yeni hasat edilmi\u015f pirin\u00e7 de dahil olmak \u00fczere yerel spesiyalitelerin yer ald\u0131\u011f\u0131 Sorachi Fuar\u0131 2020, Hokkaido Dosanko Plaza Sapporo ma\u011fazas\u0131nda (Sapporo \u0130stasyonu&#039;nun kuzey \u00e7\u0131k\u0131\u015f\u0131nda yer almaktad\u0131r) d\u00fczenleniyor. Sorachi Genel B\u00fcrosu taraf\u0131ndan desteklenmektedir.<\/p>\n<h2>Sorachi Fuar\u0131 2020<\/h2>\n<h3>Yer: Hokkaido Dosanko Plaza Sapporo ma\u011fazas\u0131<\/h3>\n<figure class=\"wp-caption aligncenter\"><a href=\"https:\/\/photos.google.com\/share\/AF1QipP0sCze6KyVj6sTYJ2t2bDAbmplbeIgeBwujzVflw2d9xkgIJDuTSMyGyy2YoOe5g\/photo\/AF1QipMf7uJ4d4xbu-r_V5Ak-UdXbPnCklFTbaJ0OU4?key=U2d0WG5QNHotaDFKMWhfeXV1RkF5ekNBZF93UnZR\" target=\"_blank\" rel=\"noopener noreferrer\"><img decoding=\"async\" src=\"https:\/\/lh3.googleusercontent.com\/pw\/ACtC-3fTLrZDGoZkC_uoqVoEi7IwHP2XiFSaNEY87PYNYfzOY9tb90_c5D6TZMVWFJPJk_iWD2I2I1dWa5Jl9nEVurQNoJSeVI-M84xGEMGgY8oEDOZHvHdwkNW3uC8QPQpob7MuqlVoZHtgVg3mCXKayzyP=w1990-h1326-no?authuser=0\" width=\"1990\" height=\"1326\" alt=\"Hokkaido Dosanko Plaza\" class=\"size-medium\" \/><\/a><figcaption class=\"wp-caption-text\">Hokkaido Dosanko Plaza<\/figcaption><\/figure>\n<h3>D\u00f6nem: 30 Eyl\u00fcl (\u00c7ar\u015famba) - 20 Ekim (Sal\u0131) aras\u0131 21 g\u00fcn<\/h3>\n<p>Etkinlik 30 Eyl\u00fcl \u00c7ar\u015famba&#039;dan 20 Ekim Sal\u0131&#039;ya kadar 21 g\u00fcn s\u00fcrecek ve Fukagawa \u015eehri, Tsukigata Kasabas\u0131, Naganuma Kasabas\u0131, Uryu Kasabas\u0131, Chishibetsu Kasabas\u0131, Mikasa \u015eehri, Yubari \u015eehri, Nanporo Kasabas\u0131, Hokuryu Kasabas\u0131 ve Iwamizawa \u015eehri de dahil olmak \u00fczere 10 \u015fehir ve kasaba s\u0131rayla kat\u0131lacak ve stant kuracak.<\/p>\n<p>Y\u00fcz y\u00fcze sat\u0131\u015flar yoluyla her kasaban\u0131n y\u00f6resel lezzetlerini tan\u0131tt\u0131lar.<br \/>\n\ufffc<br \/>\n<figure class=\"wp-caption aligncenter\"><a href=\"https:\/\/photos.google.com\/share\/AF1QipP0sCze6KyVj6sTYJ2t2bDAbmplbeIgeBwujzVflw2d9xkgIJDuTSMyGyy2YoOe5g\/photo\/AF1QipNo8USGzP5vI6MyZuCQ7Xuh11EW_0YWN6dam00?key=U2d0WG5QNHotaDFKMWhfeXV1RkF5ekNBZF93UnZR\" target=\"_blank\" rel=\"noopener noreferrer\"><img decoding=\"async\" src=\"https:\/\/lh3.googleusercontent.com\/pw\/ACtC-3fm54MuLOx43VoF7QrjPJIq-umoF4J5x2HcfDaj2LTpB5n3gsAdCA4fqBoPrL8HpbpkMlQCHgXfVpSiNa3jmZqRPtsyDWyxE0sGKsOh31fTFbVaNSi3I3nJqIv2g2rQYuLxizahMijLuPpbAsR8nctL=w884-h1326-no?authuser=0\" width=\"414\" height=\"1326\" alt=\"Sorachi Fuar\u0131 2020\" class=\"size-medium\" \/><\/a><figcaption class=\"wp-caption-text\">Sorachi Fuar\u0131 2020<\/figcaption><\/figure>\n<h2>Hokuryu Kasabas\u0131: Per\u015fembe, 15 Ekim ve Cuma, 16 Ekim<\/h2>\n<p>Kitary\u016b Kasabas\u0131, 15 Ekim Per\u015fembe ve 16 Ekim Cuma g\u00fcnleri olmak \u00fczere iki g\u00fcn boyunca bir stant kuracak. Her iki g\u00fcnde de 09:00 - 20:00 saatleri aras\u0131nda a\u00e7\u0131kt\u0131r.<\/p>\n<h3>Hokuryu Kasabas\u0131ndan yeni hasat edilmi\u015f pirin\u00e7<\/h3>\n<p>Az pestisit i\u00e7eren yeni yeti\u015ftirilmi\u015f &quot;Kitakurin&quot; pirincinden 5 kep\u00e7e, ayr\u0131ca yap\u0131\u015fkan pirin\u00e7 (Kaze no Ko), \u00e7imlendirilmi\u015f kahverengi pirin\u00e7 Nanatsuboshi, Oborozuki, Yumepirika ve Kitakuri pirincini sataca\u011f\u0131z!<br \/>\n\ufffc<br \/>\n<figure class=\"wp-caption aligncenter\"><a href=\"https:\/\/photos.google.com\/share\/AF1QipP0sCze6KyVj6sTYJ2t2bDAbmplbeIgeBwujzVflw2d9xkgIJDuTSMyGyy2YoOe5g\/photo\/AF1QipOJiYsqgGWBnxijxKMmoEEJ_OCmiwIADbDrDqM?key=U2d0WG5QNHotaDFKMWhfeXV1RkF5ekNBZF93UnZR\" target=\"_blank\" rel=\"noopener noreferrer\"><img decoding=\"async\" src=\"https:\/\/lh3.googleusercontent.com\/pw\/ACtC-3dG6NQYMJeM2WR7Ukp51Pwj_b-kyBcts96vWE9QBfMVw0PCBL2ETcY6YykU01PrHzuqFbCuYoySyyCRg5JGgTSMDjRktWydC7mZBYph0nCw9HUR3_YEZQQ5RXg2gAvORTZh2GkyHcOWLc-UstnyTZvR=w1768-h1326-no?authuser=0\" width=\"1768\" height=\"1326\" alt=\"Hokuryu Kasabas\u0131&#039;ndan yeni pirin\u00e7 geldi! ! !\" class=\"size-medium\" \/><\/a><figcaption class=\"wp-caption-text\">Hokuryu Kasabas\u0131&#039;ndan yeni pirin\u00e7 geldi! ! !<\/figcaption><\/figure>\n<h3>Tarladan toplanan Kurosen soya fasulyesi, ay\u00e7i\u00e7ek ya\u011f\u0131, pirin\u00e7 krakerleri<\/h3>\n<p>Ayr\u0131ca, Kurosengoku soya \u00fcr\u00fcnleri, Sansan ay\u00e7i\u00e7ek ya\u011f\u0131, Kurosengoku sosu ve tarlalardan toplanan pirin\u00e7 krakerleri gibi \u00e7e\u015fitli yerel spesiyaliteleri de sat\u0131yoruz! ! !<\/p>\n<figure class=\"wp-caption alignnone\"><a href=\"https:\/\/photos.google.com\/share\/AF1QipP0sCze6KyVj6sTYJ2t2bDAbmplbeIgeBwujzVflw2d9xkgIJDuTSMyGyy2YoOe5g\/photo\/AF1QipO1pO7y5LwOu6SOoRm8PZUqR25kSGFAErdn3C0?key=U2d0WG5QNHotaDFKMWhfeXV1RkF5ekNBZF93UnZR\" target=\"_blank\" rel=\"noopener noreferrer\"><img decoding=\"async\" src=\"https:\/\/lh3.googleusercontent.com\/pw\/ACtC-3dmj1iyfggQSeQ0Q19427RZbpm-0dQya9ZzQIq68p1pzpF06ntVsLekWvR2WLqEILmXEhYqPq5W6IF2tEHf4MbwmEAS5ngNGiHNrMLitF2MjWo7OX9HvaTR5HutQt4TpRjpAoSYUU3wZ_htPjVwppl7=w1768-h1326-no?authuser=0\" width=\"1768\" height=\"1326\" alt=\"\u00c7e\u015fitli Kurosengoku soya fasulyesi i\u015flenmi\u015f \u00fcr\u00fcnleri\" class=\"size-medium\" \/><\/a><figcaption class=\"wp-caption-text\">\u00c7e\u015fitli Kurosengoku soya fasulyesi i\u015flenmi\u015f \u00fcr\u00fcnleri<\/figcaption><\/figure>\n<p>Hokuryu Belediye Binas\u0131, JA Kitasorachi Hokuryu \u015eube Ofisi ve Kurosengoku Ticaret Kooperatifi Derne\u011fi personeli Hokuryu Kasabas\u0131ndan kat\u0131larak Hokuryu Kasabas\u0131n\u0131 co\u015fkuyla tan\u0131tt\u0131.<\/p>\n<h2>Per\u015fembe, 15 Ekim - \u0130lk g\u00fcn<\/h2>\n<h3>Ma\u011faza a\u00e7\u0131lmadan \u00f6nce m\u00fc\u015fteriler!<\/h3>\n<p>M\u00fc\u015fteriler, saat 09.00&#039;da a\u00e7\u0131lan kepenklerin ard\u0131ndan ma\u011fazan\u0131n \u00f6n\u00fcnde toplan\u0131p 20-30 dakika kuyrukta bekledi.<br \/>\n\ufffc<br \/>\n<figure class=\"wp-caption alignnone\"><a href=\"https:\/\/photos.google.com\/share\/AF1QipP0sCze6KyVj6sTYJ2t2bDAbmplbeIgeBwujzVflw2d9xkgIJDuTSMyGyy2YoOe5g\/photo\/AF1QipNPlkhDDulxV384Fo3x-UZM_DBbWe5UYwIQr3U?key=U2d0WG5QNHotaDFKMWhfeXV1RkF5ekNBZF93UnZR\" target=\"_blank\" rel=\"noopener noreferrer\"><img decoding=\"async\" src=\"https:\/\/lh3.googleusercontent.com\/pw\/ACtC-3cVMayBt-j_swpoGIDmNxSIK4r42F2E5A6fSQ8sKeCwXo4aXnKtEsQ6DWFzlxiYF8CcgrLE4nm3iEA_2JXfB7UN-7xQEwbRpW7YcmgoZ4VOs8J0JpzlYqlnHXqnfrYA_XiXVErUb8Sk3UGUxhvs20Sx=w1990-h1326-no?authuser=0\" width=\"1990\" height=\"1326\" alt=\"Ma\u011fazan\u0131n a\u00e7\u0131lmas\u0131n\u0131 bekleyen insanlar kepenklerin \u00f6n\u00fcnde\" class=\"size-medium\" \/><\/a><figcaption class=\"wp-caption-text\">Ma\u011fazan\u0131n a\u00e7\u0131lmas\u0131n\u0131 bekleyen insanlar kepenklerin \u00f6n\u00fcnde<\/figcaption><\/figure>\n<p>Kepenkler a\u00e7\u0131l\u0131r a\u00e7\u0131lmaz sat\u0131\u015flar ba\u015flad\u0131 ve ne kadar ra\u011fbet g\u00f6rd\u00fc\u011f\u00fcn\u00fc bizzat g\u00f6rd\u00fck.<br \/>\n\ufffc<br \/>\n<figure class=\"wp-caption aligncenter\"><a href=\"https:\/\/photos.google.com\/share\/AF1QipP0sCze6KyVj6sTYJ2t2bDAbmplbeIgeBwujzVflw2d9xkgIJDuTSMyGyy2YoOe5g\/photo\/AF1QipMX6Ir8pjeDEdj2Gmv-kCMyLK055uLDs_upQjU?key=U2d0WG5QNHotaDFKMWhfeXV1RkF5ekNBZF93UnZR\" target=\"_blank\" rel=\"noopener noreferrer\"><img decoding=\"async\" src=\"https:\/\/lh3.googleusercontent.com\/pw\/ACtC-3f6m6e36naGYRxxmns0hmg8Tdao8sdJkUFGIpbCdg64CnYp5H-DbLrN1yREwrui9UeBL9FVcErVxlAADEWyBy54uPbtf4Ly9nmhRpNBNApTbhsVs2TEZID8pJkTUVZO7D2OsiSjATHFFUAv9J6YaWnl=w1990-h1326-no?authuser=0\" width=\"1990\" height=\"1326\" alt=\"Ma\u011faza a\u00e7\u0131l\u0131r a\u00e7\u0131lmaz i\u00e7eri girin!\" class=\"size-medium\" \/><\/a><figcaption class=\"wp-caption-text\">Ma\u011faza a\u00e7\u0131l\u0131r a\u00e7\u0131lmaz i\u00e7eri girin!<\/figcaption><\/figure>\n<p>M\u00fc\u015fteriler birbiri ard\u0131na gelmeye devam etti ve \u00f6\u011fle vakti geldi\u011finde yine \u00e7ok say\u0131da m\u00fc\u015fteri vard\u0131! ! !<br \/>\n\ufffc<br \/>\n<figure class=\"wp-caption aligncenter\"><a href=\"https:\/\/photos.google.com\/share\/AF1QipP0sCze6KyVj6sTYJ2t2bDAbmplbeIgeBwujzVflw2d9xkgIJDuTSMyGyy2YoOe5g\/photo\/AF1QipMkVP2bA6-H5dWc1WhcleGSTwBcD2eBVOSgTss?key=U2d0WG5QNHotaDFKMWhfeXV1RkF5ekNBZF93UnZR\" target=\"_blank\" rel=\"noopener noreferrer\"><img decoding=\"async\" src=\"https:\/\/lh3.googleusercontent.com\/pw\/ACtC-3ckcJSzYrnWxCgQ_6NBqWv2gg0zOYJioUHt_QLeshyLMDXq1sjTbIFeB9kOgphkBCZmcNBxQq1OPafHtDJq28hBDST-IaNXw_KCB2JJzUUGha4NECHnxZbV9fr5cMtL7ZfQNo-pnXHadVPMCJnXpHMe=w1990-h1326-no?authuser=0\" width=\"1990\" height=\"1326\" alt=\"M\u00fc\u015fteriler birbiri ard\u0131na geliyor. . .\" class=\"size-medium\" \/><\/a><figcaption class=\"wp-caption-text\">M\u00fc\u015fteriler birbiri ard\u0131na geliyor. . .<\/figcaption><\/figure>\n<h3>\u00d6\u011fle civar\u0131<\/h3>\n<p>Koronavir\u00fcs salg\u0131n\u0131 nedeniyle ya\u015fanan mevcut durum g\u00f6z \u00f6n\u00fcne al\u0131nd\u0131\u011f\u0131nda, m\u00fc\u015fteriler pirinci kendileri kep\u00e7elemiyor; Bunun yerine, personel vinil eldiven giyiyor ve pirinci 5 goshu kab\u0131na koyup torbalara koymadan \u00f6nce dezenfekte ediyor!<br \/>\n\ufffc<br \/>\n<figure class=\"wp-caption aligncenter\"><a href=\"https:\/\/photos.google.com\/share\/AF1QipP0sCze6KyVj6sTYJ2t2bDAbmplbeIgeBwujzVflw2d9xkgIJDuTSMyGyy2YoOe5g\/photo\/AF1QipO3htF4ck2WZFmt9g3ks7ctwWVWxv2wxwdj5GY?key=U2d0WG5QNHotaDFKMWhfeXV1RkF5ekNBZF93UnZR\" target=\"_blank\" rel=\"noopener noreferrer\"><img decoding=\"async\" src=\"https:\/\/lh3.googleusercontent.com\/pw\/ACtC-3c_X4sVfwpO_I8SwYxl3k5CJqewp4ghmzwxwVvwe82oVT8cBLIk6KADM7lp3l9AcnBz-PbkcNMVodG7ZYhs8kxf6YcO12aS1MyFR4ukDE2gfaZyfKgzmzYwp2kkniIqy2Bu_1ejdB1JgOANPHifgT84=w1990-h1326-no?authuser=0\" width=\"1990\" height=\"1326\" alt=\"Koronavir\u00fcse kar\u015f\u0131 gerekli \u00f6nlemleri al\u0131n!\" class=\"size-medium\" \/><\/a><figcaption class=\"wp-caption-text\">Koronavir\u00fcse kar\u015f\u0131 gerekli \u00f6nlemleri al\u0131n!<\/figcaption><\/figure>\n<p>5 goshuluk bir bardak pirin\u00e7 genellikle 750 gr a\u011f\u0131rl\u0131\u011f\u0131ndad\u0131r. Minnettarl\u0131\u011f\u0131m\u0131z\u0131n bir g\u00f6stergesi olarak, 1 kg \u00fczeri torbalarda \u00f6zel bir hizmet sunuyoruz! ! ! M\u00fc\u015fterinizin y\u00fcz\u00fcnde bir g\u00fcl\u00fcmseme yaratacak!<\/p>\n<figure class=\"wp-caption aligncenter\"><a href=\"https:\/\/photos.google.com\/share\/AF1QipP0sCze6KyVj6sTYJ2t2bDAbmplbeIgeBwujzVflw2d9xkgIJDuTSMyGyy2YoOe5g\/photo\/AF1QipP3onA0TAQEUKhw1oPTshz8huWtaQkvukWfAyU?key=U2d0WG5QNHotaDFKMWhfeXV1RkF5ekNBZF93UnZR\" target=\"_blank\" rel=\"noopener noreferrer\"><img decoding=\"async\" src=\"https:\/\/lh3.googleusercontent.com\/pw\/ACtC-3dv3TDS3EwjjBowzODedL-03cuvXpAhh-uu86suQ6sFRfAZDPeRX4QHwMT3AfCx_73OIvnulYFrR9dt6Ig48lzOZTAogvAWVNNOkymlkp1C6SJ4pnWXTabecxThd9KzYfnkTHL7e6ZmAlWu_7_c2mHT=w1984-h1322-no?authuser=0\" width=\"1984\" height=\"1322\" alt=\"Pop\u00fcler pirin\u00e7 kep\u00e7esi!\" class=\"size-medium\" \/><\/a><figcaption class=\"wp-caption-text\">Pop\u00fcler pirin\u00e7 kep\u00e7esi!<\/figcaption><\/figure>\n<figure class=\"wp-caption aligncenter\"><a href=\"https:\/\/photos.google.com\/share\/AF1QipP0sCze6KyVj6sTYJ2t2bDAbmplbeIgeBwujzVflw2d9xkgIJDuTSMyGyy2YoOe5g\/photo\/AF1QipNzAF4jOhrAiiMcFWhAsD_6ymLndXuyZXYfems?key=U2d0WG5QNHotaDFKMWhfeXV1RkF5ekNBZF93UnZR\" target=\"_blank\" rel=\"noopener noreferrer\"><img decoding=\"async\" src=\"https:\/\/lh3.googleusercontent.com\/pw\/ACtC-3dOjqzYMHJDdEsBYlCojdmhNERhxtNa29kNBIaIT5tq5xs-yvgKQcOL96U2aCoU8ZYUq0njUXDcUdelgraD2VWJLgcWKphDKYJytOIEDjdLXMj4JQ8DIVPVC_Ax1XjkMASf6Yw8e_nMO-GhZFp2BmRE=w1984-h1322-no?authuser=0\" width=\"1984\" height=\"1322\" alt=\"Ho\u015f geldiniz m\u00fc\u015fterilerimiz! ! !\" class=\"size-medium\" \/><\/a><figcaption class=\"wp-caption-text\">Ho\u015f geldiniz m\u00fc\u015fterilerimiz! ! !<\/figcaption><\/figure>\n<h3>\u00d6\u011fleden sonra \u00e7ok say\u0131da m\u00fc\u015fteri<\/h3>\n<p>Kurosengoku soya fasulyesinin bir\u00e7ok hayran\u0131 da \u00f6\u011fleden sonra ma\u011fazaya geldi ve \u00e7ok say\u0131da \u00fcr\u00fcn sat\u0131n ald\u0131! Te\u015fekk\u00fcrler!<br \/>\n\ufffc<br \/>\n<figure class=\"wp-caption aligncenter\"><a href=\"https:\/\/photos.google.com\/share\/AF1QipP0sCze6KyVj6sTYJ2t2bDAbmplbeIgeBwujzVflw2d9xkgIJDuTSMyGyy2YoOe5g\/photo\/AF1QipPvsiwF4oGBeEh6YS2l9gnqxu0-1KyYfWn6Mzs?key=U2d0WG5QNHotaDFKMWhfeXV1RkF5ekNBZF93UnZR\" target=\"_blank\" rel=\"noopener noreferrer\"><img decoding=\"async\" src=\"https:\/\/lh3.googleusercontent.com\/pw\/ACtC-3dnBHjkOGbm-hsyuGJYPgIt-oOvd6waqLzybMWZ1J5rwLwgwo9e94fbGUg-bdYH1ZqQ4nOu2w0XJ3VNqhZ4a9VU-5-cuoAn-cVX__YK518_AYzVb3CgOVUPBqW0r_Eb8wKPk2JiIBk-zSxCxTch4APL=w1984-h1322-no?authuser=0\" width=\"1984\" height=\"1322\" alt=\"Kurosengoku soya fasulyesinin bir\u00e7ok hayran\u0131 da ma\u011fazaya geldi!\" class=\"size-medium\" \/><\/a><figcaption class=\"wp-caption-text\">Kurosengoku soya fasulyesinin bir\u00e7ok hayran\u0131 da ma\u011fazaya geldi!<\/figcaption><\/figure>\n\ufffc<br \/>\n<figure class=\"wp-caption aligncenter\"><a href=\"https:\/\/photos.google.com\/share\/AF1QipP0sCze6KyVj6sTYJ2t2bDAbmplbeIgeBwujzVflw2d9xkgIJDuTSMyGyy2YoOe5g\/photo\/AF1QipPWUs3ywxdjCBloYEYjw97QuhMCAu7aChtgwnE?key=U2d0WG5QNHotaDFKMWhfeXV1RkF5ekNBZF93UnZR\" target=\"_blank\" rel=\"noopener noreferrer\"><img decoding=\"async\" src=\"https:\/\/lh3.googleusercontent.com\/pw\/ACtC-3fMbxn0IRPXdbBqCEfoRg4v0ck-3ACNu-whG9IV7qi6npsxAq6Fb5acRydlY_AfYBMFlexC-GIA-xLPF2BO-tWpK787v_WQOn1FQsIRWV1lZFR3RFTkfmeh4WQL78cK_0tWlFzN2kTfwrOCxy_1QlPq=w1262-h947-no?authuser=0\" width=\"1984\" height=\"1322\" alt=\"Ma\u011fazam\u0131z\u0131 ziyaret eden herkese te\u015fekk\u00fcr ederiz!\" class=\"size-medium\" \/><\/a><figcaption class=\"wp-caption-text\">Ma\u011fazam\u0131z\u0131 ziyaret eden herkese te\u015fekk\u00fcr ederiz!<\/figcaption><\/figure>\n<h3>Kurosengoku soya eti<\/h3>\n<p>Bu sefer Kurosengoku Soya Eti \u00fcr\u00fcn\u00fcn\u00fc geli\u015ftirmeye ba\u015flad\u0131\u011f\u0131m\u0131zda, talimatlar\u0131 ve numuneleri d\u0131\u015far\u0131da b\u0131rakt\u0131k ve bir\u00e7ok ki\u015fi ilgi g\u00f6sterdi ve a\u00e7\u0131klamalar\u0131 dikkatle dinledi.<br \/>\n\ufffc<br \/>\n<figure class=\"wp-caption aligncenter\"><a href=\"https:\/\/photos.google.com\/share\/AF1QipP0sCze6KyVj6sTYJ2t2bDAbmplbeIgeBwujzVflw2d9xkgIJDuTSMyGyy2YoOe5g\/photo\/AF1QipPuQE9U63xdla8uHn4jXM6NcZWqHEGc23FReDE?key=U2d0WG5QNHotaDFKMWhfeXV1RkF5ekNBZF93UnZR\" target=\"_blank\" rel=\"noopener noreferrer\"><img decoding=\"async\" src=\"https:\/\/lh3.googleusercontent.com\/pw\/ACtC-3fu6ubuRXJgWDKUM68d9mNCKwV2fDWkxwWV8hINo4FAyeUCtXRhoCgoakY4sTdHnhOI-2Y7z7cz8HggD2p9tA3Owpj4uMp0CxMmfPxsdTI5WBNv9_Z9qreQbI3BtR8tV1Kd1uF3ZFOTDc1vyuxK6wVg=w1984-h1322-no?authuser=0\" width=\"1984\" height=\"1322\" alt=\"Kurosengoku soya eti \u00f6rne\u011fi!\" class=\"size-medium\" \/><\/a><figcaption class=\"wp-caption-text\">Kurosengoku soya eti \u00f6rne\u011fi!<\/figcaption><\/figure>\n\ufffc<br \/>\n<figure class=\"wp-caption aligncenter\"><a href=\"https:\/\/photos.google.com\/share\/AF1QipP0sCze6KyVj6sTYJ2t2bDAbmplbeIgeBwujzVflw2d9xkgIJDuTSMyGyy2YoOe5g\/photo\/AF1QipMMfxbwPHsyj62ltrZGaNEf9Gg-L1eaBmcrh0Y?key=U2d0WG5QNHotaDFKMWhfeXV1RkF5ekNBZF93UnZR\"><img decoding=\"async\" src=\"https:\/\/lh3.googleusercontent.com\/pw\/ACtC-3e2Xf5vvDNAQJkfjG_dVjGNcNvWWjYfbHrzZaWsFOG-kxuA3JrwntqsULXrrMrRXqi2N0EOdh3QL4e0rMppdS1cvUG4XcII58fwRBLzZHWTy9wt3ebAYeWgkIlJ2tIwVgANAgpfnH5vf7tbk69JhP6D=w1764-h1322-no?authuser=0\" width=\"1763\" height=\"1322\" alt=\"Kurosengoku Soya Eti Hakk\u0131nda!\" class=\"size-medium\" \/><\/a><figcaption class=\"wp-caption-text\">Kurosengoku Soya Eti Hakk\u0131nda!<\/figcaption><\/figure>\n<p>Etkinli\u011fe Hokuryu Kasabas\u0131 ile ba\u011f\u0131 olan bir\u00e7ok ki\u015fi de kat\u0131ld\u0131 ve Hokuryu Kasabas\u0131 hakk\u0131nda nostaljik ve canl\u0131 bir sohbet ya\u015fand\u0131!<\/p>\n<h3>Hokuryu Kent Tar\u0131m Kooperatifi Derne\u011fi eski ba\u015fkan\u0131 Bay Mitsuo Goto&#039;nun k\u0131z\u0131 Bayan Yoshiko Ito ma\u011fazam\u0131z\u0131 ziyaret etti.<\/h3>\n<p>Ziyaret\u00e7iler aras\u0131nda Hokuryu Tar\u0131m Kooperatifi eski ba\u015fkan\u0131 Mihohachi Goto&#039;nun en b\u00fcy\u00fck k\u0131z\u0131 Yoshiko Ito (88 ya\u015f\u0131nda) da vard\u0131. Olduk\u00e7a gen\u00e7 ve enerjik g\u00f6r\u00fcn\u00fcyordu ve Kurosengoku \u0130\u015f Kooperatifi Ba\u015fkan\u0131 Takada Yukio ile nostaljik bir sohbet ger\u00e7ekle\u015ftirdi.<br \/>\n\ufffc<br \/>\n<figure class=\"wp-caption aligncenter\"><a href=\"https:\/\/photos.google.com\/share\/AF1QipP0sCze6KyVj6sTYJ2t2bDAbmplbeIgeBwujzVflw2d9xkgIJDuTSMyGyy2YoOe5g\/photo\/AF1QipPX-wpeU93Vbu6T0p570fuj_EmU3Tv1FQ1gHiM?key=U2d0WG5QNHotaDFKMWhfeXV1RkF5ekNBZF93UnZR\" target=\"_blank\" rel=\"noopener noreferrer\"><img decoding=\"async\" src=\"https:\/\/lh3.googleusercontent.com\/pw\/ACtC-3clHS1LFd9haLjMFMwLYZVyYZVCtpDk9dOAv864Rn4siUl-Li83Z8BEcpx75Yd9fQ2WeKwB2hFd1WPJTsKKBIRyDgbpDjPE30lj6DcUOz7Yp8wWvABfBwTIWxnakMjEXCfGh2ycXPqmr8OMr8QE9DMC=w1764-h1322-no?authuser=0\" width=\"1763\" height=\"1322\" alt=\"Yoshiko Ito (88 ya\u015f\u0131nda), eski Hokuryu Tar\u0131m Kooperatifi Derne\u011fi Ba\u015fkan\u0131 Mitsuo Goto&#039;nun k\u0131z\u0131\" class=\"size-medium\" \/><\/a><figcaption class=\"wp-caption-text\">Yoshiko Ito (88 ya\u015f\u0131nda), eski Hokuryu Tar\u0131m Kooperatifi Derne\u011fi Ba\u015fkan\u0131 Mitsuo Goto&#039;nun k\u0131z\u0131<\/figcaption><\/figure>\n<h2>Hokuryu Kasabas\u0131&#039;n\u0131n \u00f6zel \u00fcr\u00fcnlerinin tan\u0131t\u0131m\u0131<\/h2>\n<h3>Veggy Way&#039;i ziyaret edin (Holistic Bio Cafe Veggy Way, Sapporo)<\/h3>\n<p>Bu arada, Kurosengoku soya eti i\u00e7in y\u00fcr\u00fctt\u00fc\u011f\u00fcm\u00fcz PR faaliyetleri kapsam\u0131nda, Kurosengoku \u0130\u015f Kooperatifi Ba\u015fkan\u0131 Takada Yukio ve Hokuriku Kasaba Ofisi Ay\u00e7i\u00e7e\u011fi Projesi Tan\u0131t\u0131m Ofisi m\u00fcd\u00fcr yard\u0131mc\u0131s\u0131 Noshirogawa Yasuto ile birlikte soya eti ma\u011fazas\u0131 olan Veggy Way&#039;i (Holistic Bio Cafe Veggy Way, Sapporo) ziyaret ettik. Soya eti kullan\u0131lan baz\u0131 yemekleri denedim. (<a href=\"https:\/\/veggy-way.com\/\" rel=\"noopener noreferrer\" target=\"_blank\">Veggy Way web sitesi burada &gt;&gt;<\/a>)\ufffc<\/p>\n<figure class=\"wp-caption aligncenter\"><a href=\"https:\/\/photos.google.com\/share\/AF1QipP0sCze6KyVj6sTYJ2t2bDAbmplbeIgeBwujzVflw2d9xkgIJDuTSMyGyy2YoOe5g\/photo\/AF1QipOIOpyhxy4gDpMSTuBxLsYPrZFn-BnrrEWM2TI?key=U2d0WG5QNHotaDFKMWhfeXV1RkF5ekNBZF93UnZR\" target=\"_blank\" rel=\"noopener noreferrer\"><img decoding=\"async\" src=\"https:\/\/lh3.googleusercontent.com\/pw\/ACtC-3fNx9eHd9Lm3y6UX_TL-DkvKwE7EK57w7DSuOoHwOmYnC9q8v8BbMJprd3O5CaShjCtLmacJoSEc18WuxHJre0fNZs46NCvLjZVMONXhAtrDUbWaOZVr2fDRa4KA8QQ0GyC_wGsHCJi7I--RuwRIMg0=w1764-h1322-no?authuser=0\" width=\"1763\" height=\"1322\" alt=\"&quot;HolisticBioCafe Veggy Way&quot; soya eti servis eden bir kafedir\" class=\"size-medium\" \/><\/a><figcaption class=\"wp-caption-text\">&quot;HolisticBioCafe Veggy Way&quot; soya eti servis eden bir kafedir<\/figcaption><\/figure>\n\ufffc<br \/>\n<figure class=\"wp-caption aligncenter\"><a href=\"https:\/\/photos.google.com\/share\/AF1QipP0sCze6KyVj6sTYJ2t2bDAbmplbeIgeBwujzVflw2d9xkgIJDuTSMyGyy2YoOe5g\/photo\/AF1QipMaVNYaiLy_IWcvzEIC2_D68PIPDL1jyHr5vQQ?key=U2d0WG5QNHotaDFKMWhfeXV1RkF5ekNBZF93UnZR\" target=\"_blank\" rel=\"noopener noreferrer\"><img decoding=\"async\" src=\"https:\/\/lh3.googleusercontent.com\/pw\/ACtC-3ddCPkBSbs8zI2IKlKEv71lnmOoxs5WNCM-YKRFdphBKsnc47lCXOP2QqWVoYcQEWhpuFpZsRoTTgYcynrvzHhYoMS-kkRxnm8eZ4JS7lG63ImD-mwo4vE5wEMdbb2Ge5BJAcl9nvaub8uqJDHy9TX-=w1984-h1322-no?authuser=0\" width=\"1984\" height=\"1322\" alt=\"Soldan sa\u011fa: Usta Kojima Yuki, \u015fef Ando Natsuyo, Kurosengoku \u0130\u015f Kooperatifi Birli\u011fi Ba\u015fkan\u0131 Takada Yukio, Hokuryu \u0130l\u00e7e Ofisi Ay\u00e7i\u00e7e\u011fi Projesi Tan\u0131t\u0131m Ofisi Direkt\u00f6r Yard\u0131mc\u0131s\u0131 Noshirogawa Yasuto\" class=\"size-medium\" \/><\/a><figcaption class=\"wp-caption-text\">Soldan sa\u011fa: Usta Kojima Yuki, \u015fef Ando Natsuyo, Kurosengoku \u0130\u015f Kooperatifi Birli\u011fi Ba\u015fkan\u0131 Takada Yukio, Hokuryu \u0130l\u00e7e Ofisi Ay\u00e7i\u00e7e\u011fi Projesi Tan\u0131t\u0131m Ofisi Direkt\u00f6r Yard\u0131mc\u0131s\u0131 Noshirogawa Yasuto<\/figcaption><\/figure>\n<p><span style=\"font-weight:bold\"><font color=\"#ff9900\">\u25b6<\/font> Referans makale: Keyfini \u00e7\u0131kar\u0131n! Ya\u015fl\u0131 \u00e7iftin mutlu hayat\u0131\u3011:<\/span><br \/>\n\u30fb<a href=\"https:\/\/ehokkaido.net\/archives\/31065\" target=\"_blank\" rel=\"noopener noreferrer\">Holistic Bio Cafe Veggy Way (Maruyama, Sapporo) Sahibi \u015fef Natsuyo Ando vegan soya eti yemekleri servis ediyor<\/a>(26 Ekim 2020)<br \/>\n\u3000<\/p>\n<h3>TOMIZ CUOCA&#039;y\u0131 ziyaret edin (Tomizawa Shoten, Sapporo Stellar Place Center 4F)<\/h3>\n<p>Ayr\u0131ca, Kurosengoku \u0130\u015f Kooperatifleri Birli\u011fi Ba\u015fkan\u0131 Takada, Kurosengoku soya fasulyelerinin teslim edildi\u011fi \u015fekerleme malzemeleri satan \u00f6zel bir ma\u011faza olan TOMIZ CUOCA&#039;y\u0131 (Tomizawa Shoten, Sapporo Stellar Place Center 4F) ziyaret etti ve ma\u011faza m\u00fcd\u00fcr\u00fc Naomi Nakamura&#039;ya Kurosengoku soya etini tan\u0131tt\u0131! (<a href=\"https:\/\/tomiz.com\/\" rel=\"noopener noreferrer\" target=\"_blank\">TOMIZ CUOCA (Tomizawa Shoten) ana sayfas\u0131 burada &gt;&gt;<\/a>)<br \/>\n\ufffc<br \/>\n<figure class=\"wp-caption aligncenter\"><a href=\"https:\/\/photos.google.com\/share\/AF1QipO3tXUdahQAjA9xRNftrXffVR66Bg9nbUTmstUzQYQPrXYNA3CSSEu1ZXOjp6zxiQ\/photo\/AF1QipMYzZ8zQJeIr6xXVxhOtBOaDGTMCKWmae-qiAfq?key=X0NvQjluYW1LbUZGOTlsSXhyNmdWdUtYU0FjZVBn\" target=\"_blank\" rel=\"noopener noreferrer\"><img decoding=\"async\" src=\"https:\/\/lh3.googleusercontent.com\/pw\/ACtC-3dJ5wzO2IZVxwLvYdqTxXN4e2jg-nCDPDVWJ2PFgy7AEB7g38BnwmYewBImyDA1bMOTddZkzKpaEbwVap8XnNrVBfVmcPpFOJPDyZDYxJTREaHC1-nNOW-ZcYIY54Y1UvC0EaR5cnVIq26g_ngXcq3jtA=w1764-h1322-no?authuser=0\" width=\"1763\" height=\"1322\" alt=\"&quot;TOMIZ CUOCA&quot; - Kurosengoku soya fasulyesi satan bir ma\u011faza\" class=\"size-medium\" \/><\/a><figcaption class=\"wp-caption-text\">&quot;TOMIZ CUOCA&quot; - Kurosengoku soya fasulyesi satan bir ma\u011faza<\/figcaption><\/figure>\n\ufffc<br \/>\n<figure class=\"wp-caption aligncenter\"><a href=\"https:\/\/photos.google.com\/share\/AF1QipO3tXUdahQAjA9xRNftrXffVR66Bg9nbUTmstUzQYQPrXYNA3CSSEu1ZXOjp6zxiQ\/photo\/AF1QipMjfnO0Ua3ULiophmOxZ-qclFpIuKsYlQndnz3_?key=X0NvQjluYW1LbUZGOTlsSXhyNmdWdUtYU0FjZVBn\" target=\"_blank\" rel=\"noopener noreferrer\"><img decoding=\"async\" src=\"https:\/\/lh3.googleusercontent.com\/pw\/ACtC-3ed33wuQMyT2THcLRV2dCzyK7R-G1Land3QvS4FwL7eNhnu0wxDnttu607a1NikCxTKnenoNSQSYGd50vIqSbgjGbQxLFTrZAM0bkWPBb4knReGHa7qtB88_TrWM2XYvvIhBVbUal7_MopsixShEnHdyw=w1764-h1322-no?authuser=0\" width=\"1763\" height=\"1322\" alt=\"Kurosengoku soya fasulyesi raflarda dizildi!\" class=\"size-medium\" \/><\/a><figcaption class=\"wp-caption-text\">Kurosengoku soya fasulyesi raflarda dizildi!<\/figcaption><\/figure>\n<figure class=\"wp-caption aligncenter\"><a href=\"https:\/\/photos.google.com\/share\/AF1QipP0sCze6KyVj6sTYJ2t2bDAbmplbeIgeBwujzVflw2d9xkgIJDuTSMyGyy2YoOe5g\/photo\/AF1QipMXL161KK9noEOMDCcZZ1GPJV1di6tyCxgA4jM?key=U2d0WG5QNHotaDFKMWhfeXV1RkF5ekNBZF93UnZR\" target=\"_blank\" rel=\"noopener noreferrer\"><img decoding=\"async\" src=\"https:\/\/lh3.googleusercontent.com\/pw\/ACtC-3eRp1MaMQIBTLi2ZVIn277Hx_lLmLAsEVPNA445n_uYczkAETJm_JzXxjXpZXOX2Gw5PjUy5w320hfd0moOgbOSvJ6xRpvVwKW8PXCoU87PAwrHo94xzJeplL34DpwkguA_2Czu44FVbepkivarZ5_k=w1984-h1322-no?authuser=0\" width=\"1984\" height=\"1322\" alt=\"Naomi Nakamura, Kurosengoku soya etini ma\u011faza m\u00fcd\u00fcr\u00fcne tan\u0131t\u0131yor!\" class=\"size-medium\" \/><\/a><figcaption class=\"wp-caption-text\">Naomi Nakamura, Kurosengoku soya etini ma\u011faza m\u00fcd\u00fcr\u00fcne tan\u0131t\u0131yor!<br \/><\/figcaption><\/figure>\n<p><span style=\"font-weight:bold\"><font color=\"#ff9900\">\u25b6<\/font> Referans makale: Keyfini \u00e7\u0131kar\u0131n! Ya\u015fl\u0131 \u00e7iftin mutlu hayat\u0131\u3011:<\/span><br \/>\n\u30fb<a href=\"https:\/\/ehokkaido.net\/archives\/31070\" target=\"_blank\" rel=\"noopener noreferrer\">Tomies (TOMIZ, Tomizawa Shoten, Sapporo City) Sapporo Stellar Place ma\u011fazas\u0131n\u0131n geni\u015f bir \u00fcr\u00fcn yelpazesi var ve sadece g\u00f6z atmak bile e\u011flenceli<\/a>(27 Ekim 2020)<br \/>\n\u3000<\/p>\n<h3>Bir daifuku ustas\u0131 olan Sasaya Daifuku&#039;nun (Sapporo \u015eehri) sahibi Atsutoshi Nakamura bizi ziyaret etti<\/h3>\n<p>Kurosengoku soya fasulyesi kullanarak Kurosengoku Tuzlu Fasulye Daifuku (p\u00fcr\u00fczs\u00fcz fasulye ezmesi ve tam fasulye ezmesi) \u00fcreten Sasaya Daifuku&#039;nun (Sapporo) sahibi ve daifuku ustas\u0131 Atsutoshi Nakamura, babas\u0131 olarak g\u00f6rd\u00fc\u011f\u00fc Kurosengoku \u0130\u015f Kooperatifi Ba\u015fkan\u0131 Yukio Takada ile g\u00f6r\u00fc\u015fmeye geldi. (<a href=\"https:\/\/sasayadaifuku.com\/\" rel=\"noopener noreferrer\" target=\"_blank\">Sasaya Daifuku&#039;nun ana sayfas\u0131 burada &gt;&gt;<\/a>)<\/p>\n<figure class=\"wp-caption aligncenter\"><a href=\"https:\/\/photos.google.com\/share\/AF1QipP0sCze6KyVj6sTYJ2t2bDAbmplbeIgeBwujzVflw2d9xkgIJDuTSMyGyy2YoOe5g\/photo\/AF1QipP8LHmO_92nfUpnNM7z6s9pyiJ9R5iPysF3T0o?key=U2d0WG5QNHotaDFKMWhfeXV1RkF5ekNBZF93UnZR\" target=\"_blank\" rel=\"noopener noreferrer\"><img decoding=\"async\" src=\"https:\/\/lh3.googleusercontent.com\/pw\/ACtC-3fKtb_55KCVlGnyLFGLuguR7pJJ-vRG8WkwpjRssBXoWl1MsjRDhs5ewSNlAGvWZ51-arVatOWtPmaKxOiMnLrT1bzW4-dU6zEizzQGJQ4ixFsqKYep367xcbMI8AQ-AomDngPmPJn7JV0aBYfUmnXl=w1262-h947-no?authuser=0\" width=\"1984\" height=\"1322\" alt=\"Atsutoshi Nakamura (ortada), daifuku ustas\u0131 ve Sasaya Daifuku&#039;nun (Sapporo \u015eehri) sahibi\" class=\"size-medium\" \/><\/a><figcaption class=\"wp-caption-text\">Atsutoshi Nakamura (ortada), daifuku ustas\u0131 ve Sasaya Daifuku&#039;nun (Sapporo \u015eehri) sahibi<\/figcaption><\/figure>\n<figure class=\"wp-caption aligncenter\"><a href=\"https:\/\/photos.google.com\/share\/AF1QipP0sCze6KyVj6sTYJ2t2bDAbmplbeIgeBwujzVflw2d9xkgIJDuTSMyGyy2YoOe5g\/photo\/AF1QipPdMZMufv9Ghnv7J1ZF-iwqg-7Paj8GMOKHAjg?key=U2d0WG5QNHotaDFKMWhfeXV1RkF5ekNBZF93UnZR\" target=\"_blank\" rel=\"noopener noreferrer\"><img decoding=\"async\" src=\"https:\/\/lh3.googleusercontent.com\/pw\/ACtC-3fe1oiJzwJwoPp7u27cPsbBYBfz0Glt9MTC_SrkcZmU6XK6OUnPrEfNNwmrGQXk22JujC8hqFRv7YOR8AOD7tz79PjVq9keuQ8KjXHx_il4aQe_VP49d0YO5u-l4JOiSUDXTKi5nOWf4NrWU5B7b1AN=w710-h946-no?authuser=0\" width=\"414\" alt=\"Hediye &quot;Kurosengoku&#039;nun tuzlu fasulye daifukusu&quot; idi\" class=\"size-medium\" \/><\/a><figcaption class=\"wp-caption-text\">&quot;Kurosengoku tuzlu fasulye daifuku&quot; hediyesi<\/figcaption><\/figure>\n<h3>Himawari Taze Ekmek ve F\u0131r\u0131n Kansuke&#039;ye Ziyaret (CEO: Yoshinobu Yamamoto)<\/h3>\n<p>Marui Imai&#039;nin Sapporo&#039;daki ana ma\u011fazas\u0131n\u0131n bodrum kat\u0131ndaki etkinlikte stand kuran Bakery Kansuke&#039;yi (CEO: Yoshinobu Yamamoto) de ziyaret ettik. Hokuryu Kasabas\u0131&#039;nda \u00fcretilen &quot;Hokuryu Kavrulmu\u015f Ay\u00e7i\u00e7ek Ya\u011f\u0131&quot; ile \u00fcretilen &quot;Ay\u00e7i\u00e7ekli Taze Ekmek&quot; \u00fcr\u00fcn\u00fcn\u00fcn geli\u015ftirilmesi ve sat\u0131\u015f\u0131 hakk\u0131nda kendileriyle konu\u015ftuk.<\/p>\n<figure class=\"wp-caption aligncenter\"><a href=\"https:\/\/photos.google.com\/share\/AF1QipNoxziSw-HOB_QG2tGIKj0UYbDZhcYEpabYuk-ihvOL3Tfd7zxwkjcd6tRbAQhuGA\/photo\/AF1QipM25bz9jeIitWjyxLd_KbEXsi2shXBpRMMAtya1?key=ZERtc2pxa1pCOGo4M0pkRWRfX0o0SWc0Sk8xS2NR\" target=\"_blank\" rel=\"noopener noreferrer\"><img decoding=\"async\" src=\"https:\/\/lh3.googleusercontent.com\/pw\/ACtC-3dkJ1wwcDFOliux8M0NssXn9zHlUq70TVH_ejJ7yFDZj5l3ytOFI3EsyWrK6Qtp5m4F2D0T4uKXXCLbi-Bowf3SM5I-mFYoBrPjFCM7l4SiHms7EXnxIZigDhHinoF1JdLBY9GaWzsaqphqK0BhX2tBHg=w1984-h1322-no?authuser=0\" width=\"1984\" height=\"1322\" alt=\"&quot;F\u0131r\u0131n Kansuke&quot; (CEO: Yoshinobu Yamamoto)\" class=\"size-medium\" \/><\/a><figcaption class=\"wp-caption-text\">Bakery Kansuke, CEO Yoshinobu Yamamoto)<\/figcaption><\/figure>\n<figure class=\"wp-caption aligncenter\"><a href=\"https:\/\/photos.google.com\/share\/AF1QipP0sCze6KyVj6sTYJ2t2bDAbmplbeIgeBwujzVflw2d9xkgIJDuTSMyGyy2YoOe5g\/photo\/AF1QipO1uEOxe9svyQeQ3WCzmmh7x1T1UryEWg9IYWI?key=U2d0WG5QNHotaDFKMWhfeXV1RkF5ekNBZF93UnZR\" target=\"_blank\" rel=\"noopener noreferrer\"><img decoding=\"async\" src=\"https:\/\/lh3.googleusercontent.com\/pw\/ACtC-3ezmEls7y2_bQ0thtZ3NvfdIaRkfQXVph9l9J26wS7HiJJxbra9F9AxHh-Fs2nKf_BMMZNzktEZlumwFfV4axQuKJ3bRyho8wA1YkYvM6RLmzN7ZrzOn8l5A3KNSt9l914ds6OIL6A4KEqPclUQM02R=w1262-h947-no?authuser=0\" width=\"1984\" height=\"1322\" alt=\"Ay\u00e7i\u00e7ekli \u00e7i\u011f ekmek\" class=\"size-medium\" \/><\/a><figcaption class=\"wp-caption-text\">Ay\u00e7i\u00e7ekli \u00e7i\u011f ekmek<\/figcaption><\/figure>\n<p><span style=\"font-weight:bold\"><font color=\"#ff9900\">\u25b6<\/font> Referans makale: Keyfini \u00e7\u0131kar\u0131n! Ya\u015fl\u0131 \u00e7iftin mutlu hayat\u0131\u3011:<\/span><br \/>\n\u30fb<a href=\"https:\/\/ehokkaido.net\/archives\/31028\" target=\"_blank\" rel=\"noopener noreferrer\">F\u0131r\u0131n Kansuke (Temsilci: Yoshinobu Yamamoto, Iwamizawa \u015eehri) Ay\u00e7i\u00e7ek ya\u011f\u0131 kullan\u0131larak zaman ve emek harcanarak yap\u0131lan &quot;Ay\u00e7i\u00e7ekli Taze Ekmek&quot;<\/a>(20 Ekim 2020)<\/p>\n<h2>Cuma, 16 Ekim: \u0130kinci ve son g\u00fcn<\/h2>\n<p>\u0130kinci g\u00fcn, 16 Ekim Cuma g\u00fcn\u00fc ma\u011faza a\u00e7\u0131l\u0131r a\u00e7\u0131lmaz birbiri ard\u0131na gelen m\u00fc\u015fterilerle doluydu!<\/p>\n<figure class=\"wp-caption aligncenter\"><a href=\"https:\/\/photos.google.com\/share\/AF1QipP0sCze6KyVj6sTYJ2t2bDAbmplbeIgeBwujzVflw2d9xkgIJDuTSMyGyy2YoOe5g\/photo\/AF1QipMFg01O2wUSj-5KoGAtzMIm_93lL4rb96iIs4Y?key=U2d0WG5QNHotaDFKMWhfeXV1RkF5ekNBZF93UnZR\" target=\"_blank\" rel=\"noopener noreferrer\"><img decoding=\"async\" src=\"https:\/\/lh3.googleusercontent.com\/pw\/ACtC-3eKqP9AEIuEXxfykBfp5sWO_ALfJJcp73VTgBO-m4BNlUFYBgrlxuRvJGXsQlcRCqYAi_9mv_XDUAcp-naU1PZbED3IqHDYS5z1MyP77Xf2m87ThxPhmrJXiXtbl61RgTWhUeGUpEsGEEQT6jbdE8iR=w1398-h932-no?authuser=0\" width=\"1984\" height=\"1322\" alt=\"Ma\u011faza, birbiri ard\u0131na gelen m\u00fc\u015fterilerle dolup ta\u015f\u0131yor.\" class=\"size-medium\" \/><\/a><figcaption class=\"wp-caption-text\">Ma\u011faza, birbiri ard\u0131na gelen m\u00fc\u015fterilerle dolup ta\u015f\u0131yor.<\/figcaption><\/figure>\n<h3>Sorachi \u00c7i\u00e7ek Tan\u0131t\u0131m Faaliyetleri<\/h3>\n<p>Kitary\u016b Kasabas\u0131&#039;n\u0131n kom\u015fu kesiminde, Sorachi \u00c7i\u00e7ekleri&#039;ni tan\u0131tmak ve insanlar\u0131 evlerini Sorachi \u00c7i\u00e7ekleri ile dekore etmeye te\u015fvik etmek amac\u0131yla d\u00fczenlenen kampanya kapsam\u0131nda \u00fccretsiz \u00e7i\u00e7ekler da\u011f\u0131t\u0131ld\u0131.<br \/>\n\ufffc<br \/>\n<figure class=\"wp-caption aligncenter\"><a href=\"https:\/\/photos.google.com\/share\/AF1QipP0sCze6KyVj6sTYJ2t2bDAbmplbeIgeBwujzVflw2d9xkgIJDuTSMyGyy2YoOe5g\/photo\/AF1QipO3_hV4ElQW-xb6rJf2utTicZsjkY1LdISlbzU?key=U2d0WG5QNHotaDFKMWhfeXV1RkF5ekNBZF93UnZR\" target=\"_blank\" rel=\"noopener noreferrer\"><img decoding=\"async\" src=\"https:\/\/lh3.googleusercontent.com\/pw\/ACtC-3fuHtxHNb_HNpRXdRoguXJD7Cu7pa20dNA2ZLPS_2ZcCYWLG2BFV393IhjNvb7aJoAjHbLzENaya-mbylAK4vaTsi43WPYom-ZQCym2ZGvM7suCik8daalbVjhTm2LXn0YAIuJlzcQlgtQPMd8kNuXP=w1984-h1322-no?authuser=0\" width=\"1984\" height=\"1322\" alt=\"Sorachi \u00c7i\u00e7ek Kampanyas\u0131\" class=\"size-medium\" \/><\/a><figcaption class=\"wp-caption-text\">Sorachi \u00c7i\u00e7ek Kampanyas\u0131<\/figcaption><\/figure>\n<figure class=\"wp-caption aligncenter\"><a href=\"https:\/\/photos.google.com\/share\/AF1QipP0sCze6KyVj6sTYJ2t2bDAbmplbeIgeBwujzVflw2d9xkgIJDuTSMyGyy2YoOe5g\/photo\/AF1QipOmcLeGpU27l_NJFXI00vROP-JyVtQmtjR4vhw?key=U2d0WG5QNHotaDFKMWhfeXV1RkF5ekNBZF93UnZR\" target=\"_blank\" rel=\"noopener noreferrer\"><img decoding=\"async\" src=\"https:\/\/lh3.googleusercontent.com\/pw\/ACtC-3eHVAG1MDOwa2WJwPlUMdvJyLE3Nmwhduzudd6Xwvw4lPPRsry4tsA-V7-zz91II4P7mK2mEe23hH7UadANDjlFzxqMGn2W5o3LYH-pqXAvp7WgRe1yKDqVnShZTGbsJ_LjbDwkSg5QJvfuZ-KXRO0_=w1984-h1322-no?authuser=0\" width=\"1984\" height=\"1322\" alt=\"\u00dccretsiz k\u00fc\u00e7\u00fck buketler!\" class=\"size-medium\" \/><\/a><figcaption class=\"wp-caption-text\">\u00dccretsiz k\u00fc\u00e7\u00fck buketler!<\/figcaption><\/figure>\n<figure class=\"wp-caption aligncenter\"><a href=\"https:\/\/photos.google.com\/share\/AF1QipP0sCze6KyVj6sTYJ2t2bDAbmplbeIgeBwujzVflw2d9xkgIJDuTSMyGyy2YoOe5g\/photo\/AF1QipMW4waOMA9Jluwk8Q_7xt7uloTxkFmmDisLFGs?key=U2d0WG5QNHotaDFKMWhfeXV1RkF5ekNBZF93UnZR\" target=\"_blank\" rel=\"noopener noreferrer\"><img decoding=\"async\" src=\"https:\/\/lh3.googleusercontent.com\/pw\/ACtC-3cA9e0w4lTlaZWefRjkQqU9o3-IQD9YI7e6DaPq6ezWnMVdZgUd9V79PFpAdow8pUQwgsl-k1c6PwLkv3Km3EkGS8LF1h3kG5roEIcKqQJB5lWUzqShOHXVM3zVCQo45jXiHnjGYUuHBJGSIQU49Pbq=w631-h946-no?authuser=0\" width=\"414\" alt=\"Sorachi \u00e7i\u00e7ekleriyle s\u00fcslemek ister misiniz?\" class=\"size-medium\" \/><\/a><figcaption class=\"wp-caption-text\">Sorachi \u00e7i\u00e7ekleriyle s\u00fcslemek ister misiniz?<\/figcaption><\/figure>\n<h3>Zensai Co., Ltd. (Sapporo \u015eehri)&#039;nden Bayan Mako Yokomizo ile toplant\u0131<\/h3>\n<p>Toplant\u0131 s\u0131ras\u0131nda, soya eti ticareti yapan vejetaryen g\u0131da \u00fcretim, sat\u0131\u015f ve toptan sat\u0131\u015f \u015firketi Zensai Co., Ltd. (Sapporo) Ba\u015fkan\u0131 ve CEO&#039;su Yokomizo Mako, ma\u011fazay\u0131 ziyaret ederek, Ba\u015fkan Takada ve M\u00fcd\u00fcr Yard\u0131mc\u0131s\u0131 Noshirogawa ile Kurosengoku soya eti hakk\u0131nda bir toplant\u0131 ger\u00e7ekle\u015ftirdi. (<a href=\"https:\/\/harmony-garden.ocnk.net\/page\/35\" rel=\"noopener noreferrer\" target=\"_blank\">Zensai Co., Ltd. web sitesi burada &gt;&gt;<\/a>)<br \/>\n\ufffc<br \/>\n<figure class=\"wp-caption aligncenter\"><a href=\"https:\/\/photos.google.com\/share\/AF1QipP0sCze6KyVj6sTYJ2t2bDAbmplbeIgeBwujzVflw2d9xkgIJDuTSMyGyy2YoOe5g\/photo\/AF1QipNZaXgym0cUOfaTFqM4J6ZFACRxKyjWqEkAKbA?key=U2d0WG5QNHotaDFKMWhfeXV1RkF5ekNBZF93UnZR\" target=\"_blank\" rel=\"noopener noreferrer\"><img decoding=\"async\" src=\"https:\/\/lh3.googleusercontent.com\/pw\/ACtC-3e9MPgfFLuW0czF7fT3ANF0RofpuadjdwINoCkztvLaRimxXjXHFlKoV_Dio6R8FZBCV0-z443-LNUUaqCrQfIwqckwr0McrAPzqfbMtTZ1fcYfBI5pyFAmaS6SgwUTpRZekjg7idM9cSe0lQC66xVZ=w1984-h1322-no?authuser=0\" width=\"1984\" height=\"1322\" alt=\"Zensai Co., Ltd. temsilcisi Yokomizo Mako ile birlikte!\" class=\"size-medium\" \/><\/a><figcaption class=\"wp-caption-text\">Zensai Co., Ltd. temsilcisi Yokomizo Mako ile birlikte!<\/figcaption><\/figure>\n<h3>Bay Keiichi Hamada ma\u011fazam\u0131z\u0131 ziyaret ediyor<\/h3>\n<p>Ak\u015fam saatlerinde Hokkaido \u0130l H\u00fck\u00fcmeti&#039;nden 2017 mali y\u0131l\u0131na kadar Hokuryu Belediye Binas\u0131&#039;nda g\u00f6revli olan ve ay\u00e7i\u00e7ek ya\u011f\u0131 sorumlusu Say\u0131n Keiichi Hamada ma\u011fazam\u0131z\u0131 ziyaret etti. M\u00fcd\u00fcr Yard\u0131mc\u0131s\u0131 Noshirogawa ile ay\u00e7i\u00e7ek ya\u011f\u0131 hakk\u0131nda hararetli bir sohbet ger\u00e7ekle\u015ftirdik.<\/p>\n<figure class=\"wp-caption aligncenter\"><a href=\"https:\/\/photos.google.com\/share\/AF1QipP0sCze6KyVj6sTYJ2t2bDAbmplbeIgeBwujzVflw2d9xkgIJDuTSMyGyy2YoOe5g\/photo\/AF1QipPEhySJcCQsw_KC9Dp8UuOCFDBNTjwt-_IC6Ls?key=U2d0WG5QNHotaDFKMWhfeXV1RkF5ekNBZF93UnZR\" target=\"_blank\" rel=\"noopener noreferrer\"><img decoding=\"async\" src=\"https:\/\/lh3.googleusercontent.com\/pw\/ACtC-3e8MvpYD5LCaHwHlEsy3IDPexWmYQ5KPzMp-RPa3gkl9VVpJktR9HcyL1uvpNsbX3zSUpo_LMkoxVTQDOCXGBZmvaBHmK1Gs_zF1kukqdPesryoaba-g6_Z5DoCCn1vFB4ICpp_I6NCf-ClreeB5-Fk=w1984-h1322-no?authuser=0\" width=\"1984\" height=\"1322\" alt=\"Keiichi Hamada (solda) ve Yasuto Noshirogawa (sa\u011fda)\" class=\"size-medium\" \/><\/a><figcaption class=\"wp-caption-text\">Keiichi Hamada (solda) ve Yasuto Noshirogawa (sa\u011fda)<\/figcaption><\/figure>\n<h3>T\u00fcm kep\u00e7e pirin\u00e7 &quot;Kitakurin (10kg x 45 torba)&quot; t\u00fckendi<\/h3>\n<p>Ak\u015fam 7:30&#039;da, yani kapan\u0131\u015f saatinden hemen \u00f6nce, yan\u0131m\u0131zda getirdi\u011fimiz 2 kg&#039;l\u0131k yap\u0131\u015fkan pirin\u00e7, 5 kg&#039;l\u0131k pirin\u00e7 torbalar\u0131 ve kep\u00e7eyle almak \u00fczere ``Kitakurin&#039;&#039; pirinci (10 kg x 45 torba) tamamen sat\u0131lm\u0131\u015ft\u0131! ! !<br \/>\n\ufffc<br \/>\n<figure class=\"wp-caption aligncenter\"><a href=\"https:\/\/photos.google.com\/share\/AF1QipP0sCze6KyVj6sTYJ2t2bDAbmplbeIgeBwujzVflw2d9xkgIJDuTSMyGyy2YoOe5g\/photo\/AF1QipPR6WxP5Rv1ydUW-knNKWGiR_w3W-ruKY7MIsM?key=U2d0WG5QNHotaDFKMWhfeXV1RkF5ekNBZF93UnZR\" target=\"_blank\" rel=\"noopener noreferrer\"><img decoding=\"async\" src=\"https:\/\/lh3.googleusercontent.com\/pw\/ACtC-3cTqD3jYo4FDxrxJIvKDJsEepY1nlDPXtHe-vzxajhLV0RO7UP77qf0_IGVYxWaYGAOtOLlrYVkAdqqOeJbRdITBmrWQqC67S1pCMztsmOBkXuijKZvDNZxVQVRA5mB3nTMbSzI5Ym9U3kZ1nKYSL59=w1764-h1322-no?authuser=0\" width=\"1763\" height=\"1322\" alt=\"Pirin\u00e7 t\u00fckendi!\" class=\"size-medium\" \/><\/a><figcaption class=\"wp-caption-text\">Pirin\u00e7 t\u00fckendi!<\/figcaption><\/figure>\n<p>Pirinci alan son m\u00fc\u015fteri!<br \/>\n\ufffc<br \/>\n<figure class=\"wp-caption aligncenter\"><a href=\"https:\/\/photos.google.com\/share\/AF1QipP0sCze6KyVj6sTYJ2t2bDAbmplbeIgeBwujzVflw2d9xkgIJDuTSMyGyy2YoOe5g\/photo\/AF1QipODfEyiqTgtJmZQS70yz3sh8xQTFunpmVBOONg?key=U2d0WG5QNHotaDFKMWhfeXV1RkF5ekNBZF93UnZR\"><img decoding=\"async\" src=\"https:\/\/lh3.googleusercontent.com\/pw\/ACtC-3dgpJ7y5m8lg6YfoZuDS49VWOD6Um5iJ8Q1yl4DrtrJBKg69dZQVG_Th8EoA9iG0hTQA99YyB4Fewr0xQsLavoVDq1sZOYTNoQXCvVIxHMKFZG63FDl75YH7a5pM5dAsNoSyPAI-l40GbAqFtsHZ7Vk=w1262-h947-no?authuser=0\" width=\"1262\" height=\"946\" alt=\"Pirinci alan son m\u00fc\u015fteri!\" class=\"size-medium\" \/><\/a><figcaption class=\"wp-caption-text\">Pirinci alan son m\u00fc\u015fteri!<\/figcaption><\/figure>\n<p>Hokuryu Kasabas\u0131 ay\u00e7i\u00e7e\u011fi pirinci, ay\u00e7i\u00e7e\u011fi ya\u011f\u0131 ve Kurosengoku soya fasulyesinin cazibesiyle dolu, son derece pop\u00fcler iki g\u00fcnl\u00fck bir etkinlikti!<br \/>\nEmekleriniz i\u00e7in te\u015fekk\u00fcr ederiz! ! !<br \/>\n\ufffc<br \/>\n<figure class=\"wp-caption aligncenter\"><a href=\"https:\/\/photos.google.com\/share\/AF1QipP0sCze6KyVj6sTYJ2t2bDAbmplbeIgeBwujzVflw2d9xkgIJDuTSMyGyy2YoOe5g\/photo\/AF1QipO7Cz7mw3-i2ATjdLJot3sZao1OK6Cs3UyxJmA?key=U2d0WG5QNHotaDFKMWhfeXV1RkF5ekNBZF93UnZR\" target=\"_blank\" rel=\"noopener noreferrer\"><img decoding=\"async\" src=\"https:\/\/lh3.googleusercontent.com\/pw\/ACtC-3flsVMA2xW6MewZe2pnZcg7VJuqKitCYubqrAMER9lA5lbxKYanTXZpj5YQO4tUjHSk__KCFVgFjf_UQMusyNozryyR68vYDGQm9iWflQAoVMWZ5HQIYLd7YK2qal5Sai30rbc63pIsDU-kkxPNd-u1=w1984-h1322-no?authuser=0\" width=\"1984\" height=\"1322\" alt=\"Emekleriniz i\u00e7in te\u015fekk\u00fcr ederiz! ! !\" class=\"size-medium\" \/><\/a><figcaption class=\"wp-caption-text\">Emekleriniz i\u00e7in te\u015fekk\u00fcr ederiz! ! !<\/figcaption><\/figure>\n<h2>Hokuryu Kasabas\u0131&#039;na \u00f6zg\u00fc \u00fcr\u00fcnleri kullanan ma\u011fazalar\u0131n ek kapsam\u0131, Cumartesi, 17 Ekim<\/h2>\n<h3>Sasaya Daifuku Japon tatl\u0131lar\u0131na ziyaret (Sapporo \u015eehri)<\/h3>\n<p>Ertesi g\u00fcn \u015fehre d\u00f6n\u00fc\u015f yolunda Himawari \u00c7iftli\u011fi&#039;nin \u00fcretti\u011fi Kurosengoku soya fasulyesi ve yap\u0131\u015fkan pirin\u00e7 kullanan bir Japon \u015fekerleme d\u00fckkan\u0131 olan Sasaya Daifuku&#039;yu ziyaret ettik. \u015eirket temsilcisi Atsutoshi Nakamura (55 ya\u015f\u0131nda) ile Kurosengoku soya fasulyesiyle ilk kez nas\u0131l tan\u0131\u015ft\u0131\u011f\u0131n\u0131 konu\u015ftuk. (<a href=\"https:\/\/sasayadaifuku.com\/\" rel=\"noopener noreferrer\" target=\"_blank\">Sasaya Daifuku&#039;nun ana sayfas\u0131 burada &gt;&gt;<\/a>)<br \/>\n\ufffc<br \/>\n<figure class=\"wp-caption aligncenter\"><a href=\"https:\/\/photos.google.com\/share\/AF1QipP0sCze6KyVj6sTYJ2t2bDAbmplbeIgeBwujzVflw2d9xkgIJDuTSMyGyy2YoOe5g\/photo\/AF1QipMEz6r4BKrKWgZY5xi31d33ey0wrcoemYdUt2I?key=U2d0WG5QNHotaDFKMWhfeXV1RkF5ekNBZF93UnZR\" target=\"_blank\" rel=\"noopener noreferrer\"><img decoding=\"async\" src=\"https:\/\/lh3.googleusercontent.com\/pw\/ACtC-3evdH04sFqCEEHsjU65UV4k97ST1uJCUUxPK0bPHSR0i9rsdYmduSc3sQWci9VKMq4yLv1fzSoZ3xv62_iB_ayeNIMSIGGj2mY7nESMVCYJ3hoVAjl59D325-qvdej6kotO3oQyS5XKh6SFBKowJIVu=w1984-h1322-no?authuser=0\" width=\"1984\" height=\"1322\" alt=\"Sasaya Daifuku\" class=\"size-medium\" \/><\/a><figcaption class=\"wp-caption-text\">Sasaya Daifuku<\/figcaption><\/figure>\n\ufffc<br \/>\n<figure class=\"wp-caption aligncenter\"><a href=\"https:\/\/photos.google.com\/share\/AF1QipP0sCze6KyVj6sTYJ2t2bDAbmplbeIgeBwujzVflw2d9xkgIJDuTSMyGyy2YoOe5g\/photo\/AF1QipPlizOp2vAKpB5Nqnq7KZeBwnviG5mh3-pin1I?key=U2d0WG5QNHotaDFKMWhfeXV1RkF5ekNBZF93UnZR\" target=\"_blank\" rel=\"noopener noreferrer\"><img decoding=\"async\" src=\"https:\/\/lh3.googleusercontent.com\/pw\/ACtC-3dhI2t9wx2yJkWL88GCPm42ODvsVQ7Qffb3G1bj5nmGdo06axzocNlL_p9PNBMiVkIjcRlKI4cLg11QOvuxiDKFEI4kMyIqaZKgEmYSfYLoOX4rwWM2qGZ2iFRcRlL3P0ervAdAJnKpFPzLwJ0CZwIo=w1984-h1322-no?authuser=0\" width=\"1984\" height=\"1322\" alt=\"Temsilci Atsutoshi Nakamura (55 ya\u015f\u0131nda)\" class=\"size-medium\" \/><\/a><figcaption class=\"wp-caption-text\">Temsilci Atsutoshi Nakamura (55 ya\u015f\u0131nda)<\/figcaption><\/figure>\n<figure class=\"wp-caption aligncenter\"><a href=\"https:\/\/photos.google.com\/share\/AF1QipOM9wQJG6kqmnQ5WfO_V0hdJrEN734Wn3WVdG1-HGnBWybcdyQzrqEIfIFMf_ma5Q\/photo\/AF1QipNJ6S9REKvJSJbNbjxdbXTQrphDJvrO_NctNeAj?key=dUpQRTNZV1lIUkRTQVdkYVRYSUhjNVNOaFN6Z2JR\" target=\"_blank\" rel=\"noopener noreferrer\"><img decoding=\"async\" src=\"https:\/\/lh3.googleusercontent.com\/pw\/ACtC-3cutt7gJ39cF7eLg7dD-cCJpHz6_tqomup_uQ851SdsHkqE1pEbLEtg-Szc-9twoJoxYL6qBS58mYW0Mky5OatFg7J5MswzSbumw5odJkmg-npmZ1tg-3V5bgzreStfoYgdIufhE63LLppAZVFPoPG5IQ=w1984-h1322-no?authuser=0\" width=\"1984\" height=\"1322\" alt=\"Tuzlu Kurosengoku soya fasulyesi daifuku\" class=\"size-medium\" \/><\/a><figcaption class=\"wp-caption-text\">Tuzlu Kurosengoku soya fasulyesi daifuku<\/figcaption><\/figure>\n<p><span style=\"font-weight:bold\"><font color=\"#ff9900\">\u25b6<\/font> Referans makale: Keyfini \u00e7\u0131kar\u0131n! Ya\u015fl\u0131 \u00e7iftin mutlu hayat\u0131\u3011:<\/span><br \/>\n\u30fb<a href=\"https:\/\/ehokkaido.net\/archives\/31037\" target=\"_blank\" rel=\"noopener noreferrer\">Sasaya Daifuku (Maruyama, Sapporo) Daifuku ustas\u0131 ve sahibi Atsutoshi Nakamura taraf\u0131ndan Kurosengoku soya fasulyesi ile yap\u0131lan tuzlu fasulye daifukusunun tad\u0131 Hokkaido&#039;nun l\u00fctfu gibi<\/a>(22 Ekim 2020)<\/p>\n<h3>Karamatsuen Soba Restoran\u0131&#039;na (Naie Kasabas\u0131) Ziyaret<\/h3>\n<p>Ayr\u0131ca ay\u00e7i\u00e7ek ya\u011f\u0131 kullanan bir soba restoran\u0131 olan Karamatsuen&#039;i de ziyaret ettik. Ay\u00e7i\u00e7ek ya\u011f\u0131 hakk\u0131nda Ba\u015fkan ve CEO Masamitsu Sato ile konu\u015ftuk. (<a href=\"http:\/\/www.karamatsu.co.jp\/\" rel=\"noopener noreferrer\" target=\"_blank\">Karamatsuen&#039;in web sitesi burada &gt;&gt;<\/a>)<br \/>\n\ufffc<br \/>\n<figure class=\"wp-caption aligncenter\"><a href=\"https:\/\/photos.google.com\/share\/AF1QipMReo0nn1qdmKtxoHE2hH4uaAqmazfMtVacHQe90R4pvxYG5TkH1jJXSf6lQjgNGQ\/photo\/AF1QipOlZeP4cBeI2aIjmbA9E085E2vmblSHAR-WuuTa?key=eE5DOU5Wa250ZERtdzNVTDZGazBIdllWTHByTlJB\" target=\"_blank\" rel=\"noopener noreferrer\"><img decoding=\"async\" src=\"https:\/\/lh3.googleusercontent.com\/pw\/ACtC-3fJnweTlKcs23K1bGoJ6RPU9TIOF-iFojlYgtw1_uEN8VATV_QsS3wybooLnGwF8Ee5hkmFy-BPRpvjHhXJ6ob994YooRbwYdBTun0OcmR1hUHL_nLLIDt0KtUUJC8zppoRqq5LUWPnDzdz69g664qSRw=w1764-h1322-no?authuser=0\" width=\"1763\" height=\"1322\" alt=\"Karamatsuen (Naie Kasabas\u0131)\" class=\"size-medium\" \/><\/a><figcaption class=\"wp-caption-text\">Karamatsuen (Naie Kasabas\u0131)<\/figcaption><\/figure>\n\ufffc<br \/>\n<figure class=\"wp-caption aligncenter\"><a href=\"https:\/\/photos.google.com\/share\/AF1QipMReo0nn1qdmKtxoHE2hH4uaAqmazfMtVacHQe90R4pvxYG5TkH1jJXSf6lQjgNGQ\/photo\/AF1QipMm-5umx6Kbu7r7a8ptY8dHvF0OffBsG0GFigkh?key=eE5DOU5Wa250ZERtdzNVTDZGazBIdllWTHByTlJB\" target=\"_blank\" rel=\"noopener noreferrer\"><img decoding=\"async\" src=\"https:\/\/lh3.googleusercontent.com\/pw\/ACtC-3dn9KXde0EfNB6LqpOPtX3hYhQsUrB0IAW6Xpsvxkn6VD7Y_J2h-ikOG0rzwdqnXBtlup9lRCHZ2T18eq3F7yOGA2-BnJMZxfg8WNYy84M2Gm1CzCh3En7Q9vggK5jOwa3jwpKAjJS8W3iHtnoDGfhQ3w=w1764-h1322-no?authuser=0\" width=\"1763\" height=\"1322\" alt=\"Soba Restaurant Karamatsuen - Masamitsu Sato, Ba\u015fkan ve CEO\" class=\"size-medium\" \/><\/a><figcaption class=\"wp-caption-text\">Soba Restaurant Karamatsuen - Masamitsu Sato, Ba\u015fkan ve CEO<\/figcaption><\/figure>\n<p>Ay\u00e7i\u00e7ek ya\u011f\u0131, so\u011fuk soba yeme\u011fi &quot;Sorachino Salatas\u0131&quot;n\u0131n sosunda kullan\u0131l\u0131r.<br \/>\n\ufffc<br \/>\n<figure class=\"wp-caption aligncenter\"><a href=\"https:\/\/photos.google.com\/share\/AF1QipMReo0nn1qdmKtxoHE2hH4uaAqmazfMtVacHQe90R4pvxYG5TkH1jJXSf6lQjgNGQ\/photo\/AF1QipORrYqpC-cG7Z5xP4f_mP-ZF3zml54Y2GWXXqfu?key=eE5DOU5Wa250ZERtdzNVTDZGazBIdllWTHByTlJB\" target=\"_blank\" rel=\"noopener noreferrer\"><img decoding=\"async\" src=\"https:\/\/lh3.googleusercontent.com\/pw\/ACtC-3c7QZKlTf0ys3s45Tc4lsWe89azv_NChdcqLvm0PrPsECifQHs58x3TG26hfzCyTJ3oTeOp2Y1XgeblvPjhnHYS1Xyk2C2qe9-mf-4keR2LZEQIJ52-ZFGmyPLpe_3N_qf3Lj3t4_eAF_AoVwjgy_6Wmg=w1764-h1322-no?authuser=0\" width=\"1763\" height=\"1322\" alt=\"Ay\u00e7i\u00e7ek ya\u011f\u0131, so\u011fuk soba eri\u015ftesi yeme\u011fi &quot;Sorachino Salatas\u0131&quot;n\u0131n sosu olarak kullan\u0131l\u0131yor!\" class=\"size-medium\" \/><\/a><figcaption class=\"wp-caption-text\">Ay\u00e7i\u00e7ek ya\u011f\u0131, so\u011fuk soba eri\u015ftesi yeme\u011fi &quot;Sorachino Salatas\u0131&quot;n\u0131n sosu olarak kullan\u0131l\u0131yor!<\/figcaption><\/figure>\n<p><span style=\"font-weight:bold\"><font color=\"#ff9900\">\u25b6<\/font> Referans makale: Keyfini \u00e7\u0131kar\u0131n! Ya\u015fl\u0131 \u00e7iftin mutlu hayat\u0131\u3011:<\/span><br \/>\n\u30fb<a href=\"https:\/\/ehokkaido.net\/archives\/31059\" target=\"_blank\" rel=\"noopener noreferrer\">Karamatsuen (Naie Kasabas\u0131) Masamitsu Sato&#039;nun el yap\u0131m\u0131 sobas\u0131 &quot;Sorachino Salatas\u0131&quot;, Hokuryu Kasabas\u0131ndan gelen ay\u00e7i\u00e7ek ya\u011f\u0131n\u0131 kullan\u0131yor<\/a>(23 Ekim 2020)<\/p>\n<p>Hokuryu Kasabas\u0131&#039;n\u0131 b\u00fcy\u00fcleyici yerel lezzetleriyle seven tutkulu ruhlar\u0131n kurdu\u011fu bir\u00e7ok harika ba\u011flant\u0131ya s\u0131n\u0131rs\u0131z sevgimizi, \u015f\u00fckranlar\u0131m\u0131z\u0131 ve dualar\u0131m\u0131z\u0131 g\u00f6nderiyoruz. . .<\/p>\n<p>&quot;Cennet, d\u00fcnya, su ve \u00e7ift\u00e7ilerin kalpleri&quot; Pirincin ruhuyla dolu Hokuryu Kasabas\u0131&#039;ndan gelen pirince \u015f\u00fckranla!<br \/>\n<figure class=\"wp-caption aligncenter\"><a href=\"https:\/\/photos.google.com\/share\/AF1QipP0sCze6KyVj6sTYJ2t2bDAbmplbeIgeBwujzVflw2d9xkgIJDuTSMyGyy2YoOe5g\/photo\/AF1QipPhZKQhhOLZxCsd1WIHE_usZLRG_t5aXrA2t20?key=U2d0WG5QNHotaDFKMWhfeXV1RkF5ekNBZF93UnZR\" target=\"_blank\" rel=\"noopener noreferrer\"><img decoding=\"async\" src=\"https:\/\/lh3.googleusercontent.com\/pw\/ACtC-3cqWf8-v3FJoGW5BMsaoZqZDkDe_pKWHj9h8OZzYcj7wTJTrz07YgRMnvmNtgaHRO9w4kv4-al9kqbHpJMfEw9Q5Q3lJEa6zob9kDEZZF8uP-_OWgoXJ9UifUZQJeQaK4Ht90kYcjkg-tcUY7kLegKr=w1984-h1322-no?authuser=0\" width=\"1984\" height=\"1322\" alt=\"&quot;Cennet, d\u00fcnya, su ve \u00e7ift\u00e7ilerin kalpleri&quot; Hokuryu Kasabas\u0131&#039;ndan yeni pirin\u00e7!\" class=\"size-medium\" \/><\/a><figcaption class=\"wp-caption-text\">&quot;Cennet, d\u00fcnya, su ve \u00e7ift\u00e7ilerin kalpleri&quot; Hokuryu Kasabas\u0131&#039;ndan yeni pirin\u00e7!<\/figcaption><\/figure>\n\u3000<\/p>\n<h2>Di\u011fer foto\u011fraflar<\/h2>\n<p>\u30fb<a href=\"https:\/\/photos.google.com\/share\/AF1QipP0sCze6KyVj6sTYJ2t2bDAbmplbeIgeBwujzVflw2d9xkgIJDuTSMyGyy2YoOe5g?key=U2d0WG5QNHotaDFKMWhfeXV1RkF5ekNBZF93UnZR\" rel=\"noopener noreferrer\" target=\"_blank\">Hokuryu Kasabas\u0131&#039;n\u0131n \u00f6zel \u00fcr\u00fcnleri olan &quot;Yeni hasat edilmi\u015f ay\u00e7i\u00e7e\u011fi pirinci, Kurosengoku soya fasulyesi, ay\u00e7i\u00e7e\u011fi ya\u011f\u0131 ve pirin\u00e7 krakerleri&quot; Sorachi Fuar\u0131 2020&#039;de (Hokkaido Dosanko Plaza Sapporo ma\u011fazas\u0131) y\u00fcz y\u00fcze sat\u0131\u015fa sunuluyor. Foto\u011fraflar (129 foto\u011fraf) burada &gt;&gt;<\/a><br \/>\n\u3000<\/p>\n<h2>\u0130lgili makaleler<\/h2>\n<p>\u30fb<a href=\"https:\/\/portal.hokuryu.info\/tr\/5480\/\" rel=\"noopener noreferrer\" target=\"_blank\">Yeni ay\u00e7i\u00e7e\u011fi pirinci b\u00fcy\u00fck ilgi g\u00f6rd\u00fc, Hokuryu Kasabas\u0131nda (10\/16) @ Sorachi Fuar\u0131 2020&#039;de (Sapporo \u015eehri) sergilendi<\/a>(19 Ekim 2020)<br \/>\n\u30fb<a href=\"https:\/\/portal.hokuryu.info\/tr\/5444\/\" rel=\"noopener noreferrer\" target=\"_blank\">Yeni ay\u00e7i\u00e7e\u011fi pirinci b\u00fcy\u00fck ilgi g\u00f6rd\u00fc ve Hokuryu Kasabas\u0131nda (10\/15) @ Sorachi Fuar\u0131 2020&#039;de (Sapporo \u015eehri) sergilendi<\/a>(16 Ekim 2020)<br \/>\n\u30fb<a href=\"https:\/\/portal.hokuryu.info\/tr\/5426\/\" rel=\"noopener noreferrer\" target=\"_blank\">(Duyuru) 15 Ekim (Per\u015fembe) ve 16 Ekim (Cuma) Hokuryu Kasaba Sergisi \/ Sorachi Fuar\u0131 2020 (Hokkaido Dosanko Plaza Sapporo Ma\u011fazas\u0131 \/ JR Sapporo \u0130stasyonu Kuzey \u00c7\u0131k\u0131\u015f\u0131)<\/a>(15 Ekim 2020)<\/p>\n<p>\u25c7 \u00c7ekim ve kurgu: Noboru Terauchi R\u00f6portaj ve metin: Ikuko Terauchi<\/p>","protected":false},"excerpt":{"rendered":"<p>\uff12\uff10\uff12\uff10\u5e74\uff11\uff10\u6708\uff11\uff19\u65e5\uff08\u6708\uff09 \u5168\u9053\u4e00\u306e\u7c73\u7523\u5730\u3067\u3042\u308b\u7a7a\u77e5\u306e\u65b0\u7c73\u3092\u306f\u3058\u3081\u3001\u7279\u7523\u54c1\u304c\u4e26\u3076\u300c\u7a7a\u77e5\u30d5\u30a7\u30a22020\u300d\u304c\u3001\u5317\u6d77\u9053\u3069\u3055\u3093\u3053\u30d7\u30e9\u30b6\u672d\u5e4c\u5e97\uff08\u672d\u5e4c\u99c5\u69cb\u5185\u5317\u53e3\uff09\u306b\u3066\u958b\u50ac\u3055\u308c\u3066\u3044\u307e\u3059\u3002\u7a7a\u77e5\u7dcf\u5408\u632f\u8208\u5c40\u306e\u4e3b\u50ac\u3002 \u7a7a [&hellip;]<\/p>\n","protected":false},"author":1,"featured_media":5452,"comment_status":"open","ping_status":"open","sticky":false,"template":"","format":"standard","meta":{"footnotes":""},"categories":[4,26,28,38,14,9],"tags":[],"class_list":["post-5451","post","type-post","status-publish","format-standard","has-post-thumbnail","hentry","category-cover-story","category-jahokuryu","category-sunflowerpark","category-sfoil","category-hokuryu-town","category-kurosengoku"],"_links":{"self":[{"href":"https:\/\/portal.hokuryu.info\/tr\/wp-json\/wp\/v2\/posts\/5451","targetHints":{"allow":["GET"]}}],"collection":[{"href":"https:\/\/portal.hokuryu.info\/tr\/wp-json\/wp\/v2\/posts"}],"about":[{"href":"https:\/\/portal.hokuryu.info\/tr\/wp-json\/wp\/v2\/types\/post"}],"author":[{"embeddable":true,"href":"https:\/\/portal.hokuryu.info\/tr\/wp-json\/wp\/v2\/users\/1"}],"replies":[{"embeddable":true,"href":"https:\/\/portal.hokuryu.info\/tr\/wp-json\/wp\/v2\/comments?post=5451"}],"version-history":[{"count":0,"href":"https:\/\/portal.hokuryu.info\/tr\/wp-json\/wp\/v2\/posts\/5451\/revisions"}],"wp:featuredmedia":[{"embeddable":true,"href":"https:\/\/portal.hokuryu.info\/tr\/wp-json\/wp\/v2\/media\/5452"}],"wp:attachment":[{"href":"https:\/\/portal.hokuryu.info\/tr\/wp-json\/wp\/v2\/media?parent=5451"}],"wp:term":[{"taxonomy":"category","embeddable":true,"href":"https:\/\/portal.hokuryu.info\/tr\/wp-json\/wp\/v2\/categories?post=5451"},{"taxonomy":"post_tag","embeddable":true,"href":"https:\/\/portal.hokuryu.info\/tr\/wp-json\/wp\/v2\/tags?post=5451"}],"curies":[{"name":"wp","href":"https:\/\/api.w.org\/{rel}","templated":true}]}}