{"id":53515,"date":"2024-12-04T09:36:38","date_gmt":"2024-12-04T00:36:38","guid":{"rendered":"https:\/\/portal.hokuryu.info\/?p=53515"},"modified":"2024-12-10T16:56:06","modified_gmt":"2024-12-10T07:56:06","slug":"himawari-korosu-anma-konseri-bolum-10-degerli","status":"publish","type":"post","link":"https:\/\/portal.hokuryu.info\/tr\/53515\/","title":{"rendered":"Ay\u00e7i\u00e7e\u011fi Korosu Anma Konseri B\u00f6l\u00fcm 10: De\u011ferli ruhlar\u0131n sesleriyle \u015fark\u0131 s\u00f6ylemeye ve hayat\u0131n k\u0131ymetini takdir etmeye devam eden Hokuryu Kasabas\u0131 Ay\u00e7i\u00e7e\u011fi Korosu&#039;na s\u0131n\u0131rs\u0131z sevgi, \u015f\u00fckran ve dualar\u0131m\u0131zla"},"content":{"rendered":"<p>Pazartesi, 3 Aral\u0131k 2024<\/p>\n<p>Cumartesi, 30 Kas\u0131m g\u00fcn\u00fc saat 14:00&#039;te, Kitary\u016b Kasaba Toplum Merkezi B\u00fcy\u00fck Salonu&#039;nda &quot;Ay\u00e7i\u00e7e\u011fi Korosu Anma Konseri 10. B\u00f6l\u00fcm&quot; d\u00fczenlendi.<\/p>\n<p>Yakla\u015f\u0131k 100 ki\u015filik bir izleyici kitlesinin bir araya geldi\u011fi etkinlikte, mekan\u0131n her yerinde muhte\u015fem bir ahenk hakimdi ve b\u00fcy\u00fck bir duygu dalgas\u0131 ya\u015fand\u0131.<\/p>\n<p>10. y\u0131l konserimizde, e\u011flenceli ve parlak tonlar\u0131yla muhte\u015fem, dinlendirici bir performans sergileyen \u00f6zel konuklar\u0131m\u0131z &quot;Yuichi Iwasaki &amp; Iwasaki Juku Ukulele Club&quot;\u0131 a\u011f\u0131rlad\u0131k.<\/p>\n<h2>Himawari Korosu An\u0131t Konseri B\u00f6l\u00fcm 10<\/h2>\n<figure class=\"wp-caption aligncenter\"><a href=\"https:\/\/photos.google.com\/share\/AF1QipO1_X4rbA1QVKIktSWOID1mTbWk9VAexWwR6wUjHKA5ZTI0PsOgk_Xq7d7dpBoWHw\/photo\/AF1QipPSBN5PcfWpC1F-PzQXS3usgUDzUn1yvKUAY3U?key=RTJmUGRWX19LWXVWbzM4dFMzbWNXNWJmWWp3VHRB\" target=\"_blank\"><img decoding=\"async\" src=\"https:\/\/lh3.googleusercontent.com\/pw\/AP1GczPgteZjcSMVaz9LhN_sH7HmkMO_cPXhCZPn1D3C6Hqp6bhu0-sHIpRsMWE9rbiia9kxitYMsobfL9IVF8lIQUY0YKkoLfS3AsRxzQw7lf8Sr4JnQgKF5PeJfrc1xypqfSBzfXLuVrkPQn9InlvJD78t=w2000-h1333-s-no-gm?authuser=0\" width=\"2000\" height=\"1333\" alt=\"Himawari Korosu An\u0131t Konseri B\u00f6l\u00fcm 10\" class=\"size-full\" \/><\/a><figcaption class=\"wp-caption-text\">Himawari Korosu An\u0131t Konseri B\u00f6l\u00fcm 10<\/figcaption><\/figure>\n<div class=\"img-move\">\n<div class=\"column column-255\">\n<div class=\"column__item\"><a href=\"https:\/\/photos.google.com\/share\/AF1QipO1_X4rbA1QVKIktSWOID1mTbWk9VAexWwR6wUjHKA5ZTI0PsOgk_Xq7d7dpBoWHw\/photo\/AF1QipPZmWGDaR6_UrXy4GDNIz8EW4MifUNX5EhiY28?key=RTJmUGRWX19LWXVWbzM4dFMzbWNXNWJmWWp3VHRB\" target=\"_blank\" rel=\"noopener\"><img decoding=\"async\" src=\"https:\/\/lh3.googleusercontent.com\/pw\/AP1GczMiASqqRsyvz2RPySEtgCqRv1H4eQKlYeoxjAsFS5fVQbLvEUDaeHzNX7wPOuBaxEK7y_4Gn0_cGppueHLYjlyXZstaohmJCLN2vXWaKHtD513870ctBE3Kp2Cw766hwfB1VXfrxFHav6KtTptLCwE6=w2000-h1393-s-no-gm?authuser=0\" alt=\"Himawari Korosu An\u0131t Konseri B\u00f6l\u00fcm 10\" style=\"border:solid 1px blue\" width=\"300\"\/><\/a><\/div>\n<div class=\"column__item\"><a href=\"https:\/\/photos.google.com\/share\/AF1QipO1_X4rbA1QVKIktSWOID1mTbWk9VAexWwR6wUjHKA5ZTI0PsOgk_Xq7d7dpBoWHw\/photo\/AF1QipMqjYPm9BV6fdDSf9c-13wvUPI75c6H6X8XYG0?key=RTJmUGRWX19LWXVWbzM4dFMzbWNXNWJmWWp3VHRB\" target=\"_blank\" rel=\"noopener\"><img decoding=\"async\" src=\"https:\/\/lh3.googleusercontent.com\/pw\/AP1GczP_1z0P1Zr7XcQQpBrW8xZM6oDQRr-SPNQGFE90mmOvqPHO8xwB4td3UdtY3LIYmKFBvgFeYfp2VfkE7mt8dCfGqCXxH_TsHidhZc4eJKnIwHIWD0jsv8-a0E7fmZOkC54U-ler6oWQzhZY8qPBjNDP=w2000-h1409-s-no-gm?authuser=0\" alt=\"Himawari Korosu An\u0131t Konseri B\u00f6l\u00fcm 10\" style=\"border:solid 1px blue\" width=\"300\"\/><\/a><\/div>\n<\/div>\n<\/div>\n<h2>Ay\u00e7i\u00e7e\u011fi Korosu - Kad\u0131nlar Korosu<\/h2>\n<p>Ay\u00e7i\u00e7e\u011fi Korosu (Mitsuko Fujii liderli\u011finde), Kitary\u016b kasabas\u0131n\u0131n i\u00e7inden ve d\u0131\u015f\u0131ndan gelen 22 \u00fcyeden olu\u015fan bir kad\u0131n korosudur.<\/p>\n<p>Koro 1989 y\u0131l\u0131nda (Heisei 1) kurulmu\u015f olup bu y\u0131l 35. y\u0131l\u0131n\u0131 kutluyor. 2011 y\u0131l\u0131nda (Heisei 23) ba\u015flayan d\u00fczenli konserler bu y\u0131l 10. y\u0131l\u0131n\u0131 kutlayacak.<\/p>\n<p>2011 y\u0131l\u0131nda ya\u015fanan B\u00fcy\u00fck Do\u011fu Japonya Depremi&#039;nde (Tohoku Pasifik Okyanusu Depremi) kaybedilen canlar\u0131n \u00f6nemini hi\u00e7bir zaman unutturmamak ve g\u00f6n\u00fcllerimize kaz\u0131mak amac\u0131yla konsere &quot;Anma Konseri&quot; ad\u0131 verildi.<\/p>\n<figure class=\"wp-caption aligncenter\"><a href=\"https:\/\/photos.google.com\/share\/AF1QipO1_X4rbA1QVKIktSWOID1mTbWk9VAexWwR6wUjHKA5ZTI0PsOgk_Xq7d7dpBoWHw\/photo\/AF1QipORKx43AuTuMvygOCOmElJhG2OvgKO1VQxFmnI?key=RTJmUGRWX19LWXVWbzM4dFMzbWNXNWJmWWp3VHRB\" target=\"_blank\"><img decoding=\"async\" src=\"https:\/\/lh3.googleusercontent.com\/pw\/AP1GczPupgrnpgG6K0bRjVMyZCf59iM68OjdP93510EpBIj6nG1sqeSiimrLAvOho2X3bEoA3lGUOJb49JNyWdrn_vozrEjrY88eLnt0CZ-MYh1LA-92ogKXkepjgXQwEK_2n8Z6HdhyUc0XIMgiwYHcPpAu=w2000-h1333-s-no-gm?authuser=0\" width=\"2000\" height=\"1333\" alt=\"Ay\u00e7i\u00e7e\u011fi Korosu 10. anma konserini kutluyor\" class=\"size-full\" \/><\/a><figcaption class=\"wp-caption-text\">Ay\u00e7i\u00e7e\u011fi Korosu 10. anma konserini kutluyor<\/figcaption><\/figure>\n<h3>\u015eef ve tenor: Tetsuyoshi Yamamoto<\/h3>\n<p>Chichibuetsu&#039;da ya\u015f\u0131yor ve Hokkaido E\u011fitim \u00dcniversitesi Sapporo kamp\u00fcs\u00fcnden mezun oldu. Chishibetsu Kasabas\u0131&#039;ndaki Joraku-ji Tap\u0131na\u011f\u0131&#039;n\u0131n ba\u015f rahibi olarak g\u00f6rev yapmas\u0131n\u0131n yan\u0131 s\u0131ra Hokkaido genelindeki e\u011fitim kurumlar\u0131 ve ya\u015fam boyu \u00f6\u011frenme organizasyonlar\u0131nda \u00f6\u011fretim g\u00f6revlisi olarak \u00e7al\u0131\u015fmaktad\u0131r. 2006 y\u0131l\u0131ndan bu yana Himawari Korosu&#039;nun (Heisei 18) y\u00f6netmenli\u011fini yapmaktad\u0131r.<\/p>\n<figure class=\"wp-caption aligncenter\"><a href=\"https:\/\/photos.google.com\/share\/AF1QipO1_X4rbA1QVKIktSWOID1mTbWk9VAexWwR6wUjHKA5ZTI0PsOgk_Xq7d7dpBoWHw\/photo\/AF1QipPmTerE8LKygPFXS1VEjYNfJDyuykc61RteCmM?key=RTJmUGRWX19LWXVWbzM4dFMzbWNXNWJmWWp3VHRB\" target=\"_blank\"><img decoding=\"async\" src=\"https:\/\/lh3.googleusercontent.com\/pw\/AP1GczO7zs9jghkSndpgk1EMlrd-CqHuQ7hdsH3wpbFcpH5dTsPBndTQck0v8uIq_TigS3qSLQVBq1P39wg00R5CcWdr3_q-BAmCRK1zZtUeNFhAs2aGbg6PydrMrWHdyCqrKjOKiBp2Q2JK_1XzpK65NXOw=w2000-h1333-s-no-gm?authuser=0\" width=\"2000\" height=\"1333\" alt=\"\u015eef ve tenor Tetsuyoshi Yamamoto\" class=\"size-full\" \/><\/a><figcaption class=\"wp-caption-text\">\u015eef ve tenor Tetsuyoshi Yamamoto<\/figcaption><\/figure>\n<h3>Piyano: Tomoyo Kano<\/h3>\n<p>Fukagawa \u015eehri&#039;nde ya\u015fayan sanat\u00e7\u0131, Hokkaido E\u011fitim \u00dcniversitesi Sapporo kamp\u00fcs\u00fcndeki Sanat ve K\u00fclt\u00fcr B\u00f6l\u00fcm\u00fc M\u00fczik B\u00f6l\u00fcm\u00fc&#039;nden mezun oldu. \u00c7o\u011funlukla Fukagawa \u015fehrinde sahne almas\u0131n\u0131n yan\u0131 s\u0131ra, Fukagawa \u015eehri&#039;ndeki Irumu-no-Oka&#039;daki St. Margaret Kilisesi ve Asahikawa \u015eehri&#039;ndeki Bloomington Hill Kilisesi&#039;nde d\u00fc\u011f\u00fcn organisti olarak g\u00f6rev yapmaktad\u0131r. 2014 y\u0131l\u0131ndan bu yana Himawari Korosu&#039;nda piyanist olarak g\u00f6rev almaktad\u0131r.<\/p>\n<figure class=\"wp-caption aligncenter\"><a href=\"https:\/\/photos.google.com\/share\/AF1QipO1_X4rbA1QVKIktSWOID1mTbWk9VAexWwR6wUjHKA5ZTI0PsOgk_Xq7d7dpBoWHw\/photo\/AF1QipNWu18mB25LrtdeCuMo9CFeb2L5pmPsWuuTfIA?key=RTJmUGRWX19LWXVWbzM4dFMzbWNXNWJmWWp3VHRB\" target=\"_blank\"><img decoding=\"async\" src=\"https:\/\/lh3.googleusercontent.com\/pw\/AP1GczPFRjMkTk0D7WY-3dfwrx3ZM37QLr0dbXfqA4nlV71gIRMV5djyOab7zU53gaQ2ZpEv2ccmxeg0VBGekeQQ_RLRYsVdnq56Yp9Yy73lYSiqkGcN-qhzXmJuVk5km6zMm5fjOV3JXPNguAFNASVarqG0=w2000-h1333-s-no-gm?authuser=0\" width=\"2000\" height=\"1333\" alt=\"Piyano: Tomoyo Kano\" class=\"size-full\" \/><\/a><figcaption class=\"wp-caption-text\">Piyano: Tomoyo Kano<\/figcaption><\/figure>\n<h3>Iwasaki Juku Ukulele Kul\u00fcb\u00fc&#039;nde performans sergilemek<\/h3>\n<p>Yuichi Iwasaki, 1997&#039;den beri Fukagawa \u015eehrinde ya\u015f\u0131yor (Heisei 9). Bay Yamamoto Tokuyoshi, Hokkaido&#039;daki Fukagawa Nishi Lisesi&#039;nde s\u0131n\u0131f arkada\u015f\u0131yd\u0131.<\/p>\n<p>Canl\u0131 Bar &quot;Eritme Potas\u0131&quot; (<a href=\"https:\/\/www.facebook.com\/p\/%E3%83%A1%E3%83%AB%E3%83%86%E3%82%A3%E3%83%B3%E3%82%B0%E3%83%9D%E3%83%83%E3%83%88-100054539285716\/?locale=ja_JP\" target=\"_blank\">Facebook<\/a>Kendi \u015firketini y\u00f6netirken ayn\u0131 zamanda \u015fark\u0131 s\u00f6z\u00fc yaz\u0131p beste yap\u0131yor, yard\u0131m konserleri d\u00fczenliyor.<\/p>\n<p>1974&#039;te Tokyo&#039;ya ta\u015f\u0131nd\u0131ktan sonra Pinky and the Killers grubundan Pancho Kagami&#039;nin \u00f6\u011frencisi oldu. Daha sonra Junko Yagami&#039;nin destek grubuna kat\u0131ld\u0131 ve \u015fark\u0131c\u0131-s\u00f6z yazar\u0131 olarak \u00e7\u0131k\u0131\u015f yapt\u0131.<\/p>\n<p>1981&#039;de (Showa 56) Victor Orijinal \u015eark\u0131 Yar\u0131\u015fmas\u0131&#039;nda En \u0130yi Vokal \u00d6d\u00fcl\u00fc&#039;n\u00fc kazand\u0131 ve 2014&#039;te (Heisei 26) \u015fark\u0131lar\u0131n\u0131 sa\u011flad\u0131\u011f\u0131 bir alb\u00fcmle Japan Record \u00d6d\u00fclleri&#039;nde Planlama \u00d6d\u00fcl\u00fc&#039;n\u00fc kazand\u0131.<\/p>\n<p>2017 y\u0131l\u0131 civar\u0131nda Iwasaki&#039;nin amcas\u0131n\u0131n yapt\u0131\u011f\u0131 ukulelelere hayran kald\u0131 ve onlar\u0131 \u00e7almaya ba\u015flad\u0131 ve \u015fu anda &quot;Iwasaki Juku Ukulele Kul\u00fcb\u00fc&quot; ad\u0131n\u0131 verdi\u011fi yeni ba\u015flayanlar i\u00e7in bir at\u00f6lye i\u015fletiyor.<\/p>\n<figure class=\"wp-caption aligncenter\"><a href=\"https:\/\/photos.google.com\/share\/AF1QipO1_X4rbA1QVKIktSWOID1mTbWk9VAexWwR6wUjHKA5ZTI0PsOgk_Xq7d7dpBoWHw\/photo\/AF1QipPkMtcFpImyLsPVLHd9cKJ3l4x7guErfR9-kfs?key=RTJmUGRWX19LWXVWbzM4dFMzbWNXNWJmWWp3VHRB\" target=\"_blank\"><img decoding=\"async\" src=\"https:\/\/lh3.googleusercontent.com\/pw\/AP1GczPw-vLImnIK_v-gXcNW-0ul4U4WXNkjX_CQIdrGzrjkS-J1xvdPuwY76i8GBDqoN_nisHTTUsNjW9gbbVvqy8K-bWKFmTDvaiSHu3_HREGykLx0Q7Hs-zmFWNx0RULFuCC5aZ3hn3kZId_btfj-i6dU=w2000-h1333-s-no-gm?authuser=0\" width=\"2000\" height=\"1333\" alt=\"Yuichi Iwasaki\" class=\"size-full\" \/><\/a><figcaption class=\"wp-caption-text\">Yuichi Iwasaki<\/figcaption><\/figure>\n<p>Yuichi Iwasaki. 69 ya\u015f\u0131nda, 1955 do\u011fumlu. Kenbuchi kasabas\u0131nda do\u011fdu ve annesinin memleketi olan Fukagawa \u015fehrinde b\u00fcy\u00fcd\u00fc.<\/p>\n<p>Belediye Ba\u015fkan\u0131 Sasaki Yasuhiro ve Iwasaki, Fukagawa Nishi Lisesi&#039;nde son s\u0131n\u0131f ve \u00fc\u00e7\u00fcnc\u00fc s\u0131n\u0131f \u00f6\u011frencisiydiler. Belediye Ba\u015fkan\u0131 Sasaki&#039;nin Nihon \u00dcniversitesi&#039;nde \u00f6\u011frenci oldu\u011fu d\u00f6nemde, Tokyo&#039;ya geldi\u011finde kendisine s\u0131k s\u0131k yemek \u0131smarlayan Iwasaki ile \u00e7ok yak\u0131n ve \u015fefkatli bir ili\u015fki i\u00e7inde oldu\u011fu s\u00f6ylenir.<\/p>\n<p>&quot;Saitama Eyaletinin Hanno \u015fehrinde \u00f6\u011fretmenlik yapan amcam 15 y\u0131l \u00f6nce klasik gitarlar yapt\u0131 ve ukuleleler yapmaya ba\u015flad\u0131. O s\u00fcre zarf\u0131nda ileti\u015fimimizi s\u00fcrd\u00fcrd\u00fck ve beni ukulele \u00e7almaya te\u015fvik etti.<\/p>\n<p>\u0130lkokuldayken ukulele pop\u00fclerdi ve annem onu \u00e7alard\u0131. Bu d\u00f6nem, &quot;Tropical Night&quot; ve &quot;Happiness is Here&quot; gibi \u015fark\u0131lar\u0131 seslendiren Hawaiili \u015fark\u0131c\u0131 Setuo Ohashi&#039;nin d\u00f6nemiydi.<\/p>\n<p>\u0130lkokul y\u0131llar\u0131mdan beri gitar \u00e7al\u0131yorum ve bu benim hayat\u0131m\u0131n i\u015fi oldu. Yakla\u015f\u0131k 10 y\u0131l \u00f6nce ukulele \u00e7almaya ba\u015flam\u0131\u015f ve ukulele keyfini bir\u00e7ok insana yaymak i\u00e7in \u00e7al\u0131\u015fmalar\u0131na ba\u015flam\u0131\u015ft\u0131r. Yakla\u015f\u0131k 7-8 y\u0131l \u00f6nce gitar ve ukulele dersleri vermeye ba\u015flad\u0131m.<\/p>\n<p>Uzun bir m\u00fczik kariyerinin ard\u0131ndan, deneyimlerimi yerel halkla payla\u015fmay\u0131 hayat\u0131m\u0131n i\u015fi haline getirdim.<\/p>\n<p>\u015eu anda yakla\u015f\u0131k 10 \u00fcyemiz var. Ayda iki kez olmak \u00fczere dersler yap\u0131l\u0131yor ve bu derslerde ukulele e\u015fli\u011finde \u015fark\u0131 s\u00f6yleme dersleri ve solo ukulele dersleri yer al\u0131yor. Biz a\u011f\u0131rl\u0131kl\u0131 olarak ba\u015flang\u0131\u00e7 seviyesindekilere ders veriyoruz. &quot;Canl\u0131 performans\u0131n keyfini yaymak ve ukulele \u00e7alan insan say\u0131s\u0131n\u0131 art\u0131rmak istiyorum&quot; diyor Iwasaki Yuichi nazik bir g\u00fcl\u00fcmsemeyle.<\/p>\n<figure class=\"wp-caption aligncenter\"><a href=\"https:\/\/photos.google.com\/share\/AF1QipO1_X4rbA1QVKIktSWOID1mTbWk9VAexWwR6wUjHKA5ZTI0PsOgk_Xq7d7dpBoWHw\/photo\/AF1QipOl9qKH8Py4o5fHV6VNIaplrGtTL8nyfYmyFA4?key=RTJmUGRWX19LWXVWbzM4dFMzbWNXNWJmWWp3VHRB\" target=\"_blank\"><img decoding=\"async\" src=\"https:\/\/lh3.googleusercontent.com\/pw\/AP1GczNrqf6QweMQkmU0S2zcqVCapEBiVj435UafrYImeDW3nfKErF25nILHFXQLtg9iin6-30fzHlNXv9W5LlnGLDhbrMOMLuCt12uf45HDX3piyUAo6nGr3YUu09swcrWmkA47yuBS6gM_wALoBJ-Vg4ea=w2000-h1333-s-no-gm?authuser=0\" width=\"2000\" height=\"1333\" alt=\"Yuichi Iwasaki ve e\u015fi\" class=\"size-full\" \/><\/a><figcaption class=\"wp-caption-text\">Yuichi Iwasaki ve e\u015fi<\/figcaption><\/figure>\n<figure class=\"wp-caption aligncenter\"><a href=\"https:\/\/photos.google.com\/share\/AF1QipO1_X4rbA1QVKIktSWOID1mTbWk9VAexWwR6wUjHKA5ZTI0PsOgk_Xq7d7dpBoWHw\/photo\/AF1QipNlsBZYy6ftLc1jERdpojDkps-Wm6oExTe27W8?key=RTJmUGRWX19LWXVWbzM4dFMzbWNXNWJmWWp3VHRB\" target=\"_blank\"><img decoding=\"async\" src=\"https:\/\/lh3.googleusercontent.com\/pw\/AP1GczP8PAeqRLRQ0z5sPYvq3GA9JhukcUsDkM7CqEQCqfm17HlyDKiMCV9yP5gd4K8XanJLVRkEQkhqLF1A9Kk9wgbSjZ4P9mh-w0FxsmsViIgVLz5nZBwmmc4N0W_d-Wz3WPtfz1sF68d6VJ8xLiNpk0qd=w2000-h1333-s-no-gm?authuser=0\" width=\"2000\" height=\"1333\" alt=\"Iwasaki Okulu Ukulele Kul\u00fcb\u00fc\" class=\"size-full\" \/><\/a><figcaption class=\"wp-caption-text\">Iwasaki Okulu Ukulele Kul\u00fcb\u00fc<\/figcaption><\/figure>\n<h3>T\u00f6ren Y\u00f6neticisi (Master of Ceremony) olarak g\u00f6rev yapan Bayan Ikuko Sugimoto<\/h3>\n<figure class=\"wp-caption aligncenter\"><a href=\"https:\/\/photos.google.com\/share\/AF1QipO1_X4rbA1QVKIktSWOID1mTbWk9VAexWwR6wUjHKA5ZTI0PsOgk_Xq7d7dpBoWHw\/photo\/AF1QipMidkINT4NSfVu46LS6g6sCYtfXmfASu0LjGtI?key=RTJmUGRWX19LWXVWbzM4dFMzbWNXNWJmWWp3VHRB\" target=\"_blank\"><img decoding=\"async\" src=\"https:\/\/lh3.googleusercontent.com\/pw\/AP1GczMBygd_8SxooVWM36VL52c5Z5QbNS8MR5T6vOKHxbuNgTujPRGEyHmDmtqsl86nu3sQbQzNh-1dd4Uhm1EnJwZ_NtwYYrArP44SkQviM1xx5-DoqM8pvNz1ZOY7BZak9HjWDIYYAN7JYCEdrsgCHuvJ=w2000-h1333-s-no-gm?authuser=0\" width=\"2000\" height=\"1333\" alt=\"MC Ikuko Sugimoto\" class=\"size-full\" \/><\/a><figcaption class=\"wp-caption-text\">MC Ikuko Sugimoto<\/figcaption><\/figure>\n<h3>Resepsiyonda g\u00fcler y\u00fczl\u00fc bir kar\u015f\u0131lama<\/h3>\n<figure class=\"wp-caption aligncenter\"><a href=\"https:\/\/photos.google.com\/share\/AF1QipO1_X4rbA1QVKIktSWOID1mTbWk9VAexWwR6wUjHKA5ZTI0PsOgk_Xq7d7dpBoWHw\/photo\/AF1QipMZ-wO_Z-J8kHJxfZ-ZzOnVk-njyv31-RXERJQ?key=RTJmUGRWX19LWXVWbzM4dFMzbWNXNWJmWWp3VHRB\" target=\"_blank\"><img decoding=\"async\" src=\"https:\/\/lh3.googleusercontent.com\/pw\/AP1GczOKdpZWJDs7KAzVaAVzD-0b_BEJH9j3eLn0EeoYLgFL-eyeyMLz07JTcisSgrhDL_oaM4RM2up4htR7Sk8GxAnMqQJJV4nu10cRsuEcNJ5u4rZT2yVfngm2dNRx2IY7M7ssS2ZpXmEcmS3huOPmaDLs=w2000-h1500-s-no-gm?authuser=0\" width=\"2000\" height=\"1500\" alt=\"\u00dcyeler herkesi g\u00fcl\u00fcmseyerek kar\u015f\u0131l\u0131yor\" class=\"size-full\" \/><\/a><figcaption class=\"wp-caption-text\">\u00dcyeler herkesi g\u00fcl\u00fcmseyerek kar\u015f\u0131l\u0131yor<\/figcaption><\/figure>\n<h3>Mekandaki herkes<\/h3>\n<figure class=\"wp-caption aligncenter\"><a href=\"https:\/\/photos.google.com\/share\/AF1QipO1_X4rbA1QVKIktSWOID1mTbWk9VAexWwR6wUjHKA5ZTI0PsOgk_Xq7d7dpBoWHw\/photo\/AF1QipMN1egJ9Jv0No6jd9CGVI5zAyvnbw-UgYiHjTk?key=RTJmUGRWX19LWXVWbzM4dFMzbWNXNWJmWWp3VHRB\" target=\"_blank\"><img decoding=\"async\" src=\"https:\/\/lh3.googleusercontent.com\/pw\/AP1GczNDq22ICL7hV5AgA2Tm1STPxSrgR1Uv1EC7y-I8dymbS6xW1qEAc_t-iLQCm0ex3voR1q0eezC6Vpt-9tOvqb1NqZTsYBA58RQyrf2Li0aQzZr6KXXKOnuslrTv6lVIw51RTA_e-k-R2m4nx5aTnp-6=w2000-h1333-s-no-gm?authuser=0\" width=\"2000\" height=\"1333\" alt=\"Seyirci b\u00fcy\u00fck salonu dolduruyor\" class=\"size-full\" \/><\/a><figcaption class=\"wp-caption-text\">Seyirci b\u00fcy\u00fck salonu dolduruyor<\/figcaption><\/figure>\n<h2>B\u00f6l\u00fcm 1: ~Himawari Korosunda Bir Y\u0131l~<\/h2>\n<ul>\n<li><strong>Kad\u0131n korosu ve piyano i\u00e7in &quot;Song to You&quot;dan<\/strong>:<br \/>\nS\u00f6zleri Hiroshi Kurihara&#039;ya, Kompozisyon Fumito Oto&#039;ya, D\u00fczenleme Naomasa Takahashi&#039;ye aittir.<br \/>\n\u3000<\/li>\n<li><strong>MC Ikuko Sugimoto:<\/strong><br \/>\n&quot;Herkese merhaba! K\u00f6t\u00fc hava ko\u015fullar\u0131na ra\u011fmen bug\u00fcn anma konserimize geldi\u011finiz i\u00e7in \u00e7ok te\u015fekk\u00fcr ederiz.<\/p>\n<p>Bu sefer \u015fark\u0131lar\u0131m\u0131z\u0131n yan\u0131nda ukulele e\u015fli\u011fi de olacak, bu y\u00fczden her zamankinden daha \u00e7ok keyif alaca\u011f\u0131n\u0131z\u0131 d\u00fc\u015f\u00fcn\u00fcyorum.<\/p>\n<p>Orkestra \u015fefi Bay Tetsuyoshi Yamamoto&#039;dur. K\u00fc\u00e7\u00fck bir bilgi olarak, \u00f6\u011fretmenin en sevdi\u011fi yemek k\u00f6rili pilav, en sevdi\u011fi besteci ise Beethoven&#039;d\u0131r.<\/p>\n<p>Ve piyanoyu \u00e7alan ki\u015fi Shikano Tomoyo. En sevdi\u011fi yiyecek \u00e7ikolata, en sevdi\u011fi piyano eseri ise Ravel&#039;in Sol Maj\u00f6r Piyano Kon\u00e7ertosu&#039;dur.<\/p>\n<p>Akustik<a href=\"https:\/\/fuka-art.jimdofree.com\/\" target=\"_blank\">Fukagawa Konser Forumu<\/a>&quot;Onlar o iki ki\u015fiden&quot; Bu insanlar olmasayd\u0131 konserlerimizin m\u00fcmk\u00fcn olmayaca\u011f\u0131n\u0131 s\u00f6ylemek abart\u0131 olmaz. Bug\u00fcnk\u00fc i\u015fbirli\u011finiz i\u00e7in te\u015fekk\u00fcr ederiz.&quot;<br \/>\n\u3000<\/li>\n<li><strong>kiraz \u00e7i\u00e7ekleri<\/strong><\/li>\n<li><strong>Y\u0131ld\u0131z R\u00fcyas\u0131<\/strong><\/li>\n<li><strong>Senin i\u00e7in bir \u015fark\u0131<\/strong><br \/>\n\u3000<\/li>\n<li>Koro fonunda sahne ekran\u0131na yans\u0131t\u0131lan zarif bir &quot;Sakura&quot; g\u00f6r\u00fcnt\u00fcs\u00fc yer al\u0131yor.<\/li>\n<\/ul>\n<figure class=\"wp-caption aligncenter\"><a href=\"https:\/\/photos.google.com\/share\/AF1QipO1_X4rbA1QVKIktSWOID1mTbWk9VAexWwR6wUjHKA5ZTI0PsOgk_Xq7d7dpBoWHw\/photo\/AF1QipP5HndrMnsT1e8KpWXzMyvZJD_D6wrzgynDoR4?key=RTJmUGRWX19LWXVWbzM4dFMzbWNXNWJmWWp3VHRB\" target=\"_blank\"><img decoding=\"async\" src=\"https:\/\/lh3.googleusercontent.com\/pw\/AP1GczPh_pTiuYO51q-SAA8zJhtWk_z-pjWcs2ybW0584i5nydfQC8fCAt5slxTcwc9NOwQ3mDASpjJcw_ZupWSF3y8thqTJ3m2hVeiXjm28RArX_SZOuW5ZDd-7PqrEJe6zSo0bqLJvy3KhezZkzA2tMuaz=w2000-h1333-s-no-gm?authuser=0\" width=\"2000\" height=\"1333\" alt=\"Sahne ekran\u0131na yans\u0131t\u0131lan kiraz \u00e7i\u00e7e\u011fi manzaras\u0131\" class=\"size-full\" \/><\/a><figcaption class=\"wp-caption-text\">Sahne ekran\u0131na yans\u0131t\u0131lan kiraz \u00e7i\u00e7e\u011fi manzaras\u0131<\/figcaption><\/figure>\n<figure class=\"wp-caption aligncenter\"><a href=\"https:\/\/photos.google.com\/share\/AF1QipO1_X4rbA1QVKIktSWOID1mTbWk9VAexWwR6wUjHKA5ZTI0PsOgk_Xq7d7dpBoWHw\/photo\/AF1QipNC8EunR3hcRNOnwwbAv9rhxCLI4B31WwENBy4?key=RTJmUGRWX19LWXVWbzM4dFMzbWNXNWJmWWp3VHRB\" target=\"_blank\"><img decoding=\"async\" src=\"https:\/\/lh3.googleusercontent.com\/pw\/AP1GczNb-sVM3vEzQO6qDgTxJvofnt48esrZl1cjdtJFfHT-C5i6BMnPAfedBXnhYsMLakf91t-HriYk-pWNaaVUrWWnhcDAtaPASRo8uUudQlGQprwFvjee9emIPDTK_qnFGb8Y6PnySfoT89n67jwFtHg_=w2000-h1333-s-no-gm?authuser=0\" width=\"2000\" height=\"1333\" alt=\"Zarif ve yumu\u015fak melodilerin ak\u0131\u015f\u0131na kendinizi b\u0131rak\u0131n. . .\" class=\"size-full\" \/><\/a><figcaption class=\"wp-caption-text\">Zarif ve yumu\u015fak melodilerin ak\u0131\u015f\u0131na kendinizi b\u0131rak\u0131n. . .<\/figcaption><\/figure>\n<ul>\n<li><strong>Sunucu:<\/strong>S\u0131radaki \u015fark\u0131lar ise Nakajima Miyuki&#039;nin koro par\u00e7alar\u0131 olarak da kullan\u0131lan iki pop\u00fcler \u015fark\u0131s\u0131 olan &quot;Sekirei&quot; ve &quot;Hosenka&quot;. \u00dcst \u00fcste iki \u015fark\u0131 s\u00f6yleyece\u011fim<br \/>\n\u3000<\/li>\n<li><strong>Kuyruksallayan<\/strong>S\u00f6z ve beste: Miyuki Nakajima<\/li>\n<li><strong>Hekim<\/strong>S\u00f6z ve beste: Miyuki Nakajima<br \/>\n\u3000<\/li>\n<li>Sahne perdesi, &quot;Batan G\u00fcne\u015fin Boyad\u0131\u011f\u0131 Bir \u00c7ay\u0131r Manzaras\u0131&quot; h\u00fcz\u00fcn uyand\u0131r\u0131yor.<\/li>\n<\/ul>\n<figure class=\"wp-caption aligncenter\"><a href=\"https:\/\/photos.google.com\/share\/AF1QipO1_X4rbA1QVKIktSWOID1mTbWk9VAexWwR6wUjHKA5ZTI0PsOgk_Xq7d7dpBoWHw\/photo\/AF1QipOs5L6RvBdgdowwuCfWKJ-2bnJeq7TdWTjZNC8?key=RTJmUGRWX19LWXVWbzM4dFMzbWNXNWJmWWp3VHRB\" target=\"_blank\"><img decoding=\"async\" src=\"https:\/\/lh3.googleusercontent.com\/pw\/AP1GczOvgOk3vEuWQ9JVOnp8A_UvVH9tjXHsbFsJ7HC64fR0s36dKFzY3WvlyyjP5mS4C67BGbJE31dqG3oGYSfcfabutBZ5iFA4-FSnoojgaEK5fPiwbdGceMmHwVIVFKWEFDQfobzWFfZ23Fdqj1kgPF4M=w2000-h1333-s-no-gm?authuser=0\" width=\"2000\" height=\"1333\" alt=\"Kalbim. . .\" class=\"size-full\" \/><\/a><figcaption class=\"wp-caption-text\">Kalbim. . .<\/figcaption><\/figure>\n<h2>B\u00f6l\u00fcm 2: ~Iwasaki Juku Ukulele Kul\u00fcb\u00fc ile~<\/h2>\n<ul>\n<li><strong>Sunucu:<\/strong>\u0130kinci b\u00f6l\u00fcm ise Iwasaki Juku Ukulele Kul\u00fcb\u00fc \u00fcyeleri, temsilci Yuichi Iwasaki, \u00d6\u011fretmen Yamamoto ve Himawari Korosu taraf\u0131ndan sunulacak. Seyircileri, bedenlerini hareket ettirerek ve \u015fark\u0131ya e\u015flik ederek kat\u0131lmaya te\u015fvik ediyoruz.<\/li>\n<\/ul>\n<figure class=\"wp-caption aligncenter\"><a href=\"https:\/\/photos.google.com\/share\/AF1QipO1_X4rbA1QVKIktSWOID1mTbWk9VAexWwR6wUjHKA5ZTI0PsOgk_Xq7d7dpBoWHw\/photo\/AF1QipPUc_Mps2IXM1e6M1X4Nw7o3U_5bFNiiA_Nwu4?key=RTJmUGRWX19LWXVWbzM4dFMzbWNXNWJmWWp3VHRB\" target=\"_blank\"><img decoding=\"async\" src=\"https:\/\/lh3.googleusercontent.com\/pw\/AP1GczNiacEvqBxgASEqD8alP5PzTEqDDXNPGQEoNVxfSVefMaUP5en90vItVNEZHPFvtRL-ZGdwCS0hLM-Gb0v--AR0cwlgXDN-xlMAdX1vFTZh6x4mCo8tJB_JjKowFvePki9XAbjIs0CXWW241EI_4pN1=w2000-h1333-s-no-gm?authuser=0\" width=\"2000\" height=\"1333\" alt=\"Yuichi Iwasaki ve Iwasaki Juku Ukulele Kul\u00fcb\u00fc\" class=\"size-full\" \/><\/a><figcaption class=\"wp-caption-text\">Yuichi Iwasaki ve Iwasaki Juku Ukulele Kul\u00fcb\u00fc<\/figcaption><\/figure>\n<h3>Yuichi Iwasaki<\/h3>\n<p>&quot;Biz Fukagawa&#039;dan Iwasaki Juku Ukulele Kul\u00fcb\u00fcy\u00fcz. 7. ve 8. s\u0131n\u0131f \u00f6\u011frencileriyiz ve son zamanlarda 3. s\u0131n\u0131f \u00f6\u011frencileri de aram\u0131za kat\u0131ld\u0131. Enstr\u00fcman\u0131 tan\u0131tmak i\u00e7in ukulele \u00e7almaya ba\u015flad\u0131k.<\/p>\n<p>\u00c7o\u011fu insan\u0131n bildi\u011fi tek ukulele \u015fark\u0131s\u0131 muhtemelen Maki Shinji&#039;nin &quot;Aa Yannatchatta&quot;s\u0131d\u0131r. K\u00fc\u00e7\u00fckken (1950&#039;li ve 60&#039;l\u0131 y\u0131llarda) annem ukulele \u00e7alard\u0131. Setuo Ohashi&#039;nin \u00e7ald\u0131\u011f\u0131 ukulele&#039;yi biliyor musunuz? Bilmiyorsun de\u011fil mi?<\/p>\n<p>Bug\u00fcn Hawaii \u015fark\u0131lar\u0131n\u0131n yan\u0131 s\u0131ra iki \u015fark\u0131 daha \u00e7alaca\u011f\u0131z: &quot;Autumn Leaves&quot; ve &quot;You Are My Sunshine.&quot; Iwasaki, &quot;Herkesin ukulelenin caz standartlar\u0131, \u015fansonlar, Amerikan popu ve daha fazlas\u0131n\u0131 \u00e7almak i\u00e7in de kullan\u0131labilece\u011fini duymas\u0131n\u0131 isterim&quot; diyor.<\/p>\n<figure class=\"wp-caption aligncenter\"><a href=\"https:\/\/photos.google.com\/share\/AF1QipO1_X4rbA1QVKIktSWOID1mTbWk9VAexWwR6wUjHKA5ZTI0PsOgk_Xq7d7dpBoWHw\/photo\/AF1QipPyLaOvNotCxIUe3j4C82_-LMIMU90agr3t_-A?key=RTJmUGRWX19LWXVWbzM4dFMzbWNXNWJmWWp3VHRB\" target=\"_blank\"><img decoding=\"async\" src=\"https:\/\/lh3.googleusercontent.com\/pw\/AP1GczNMpF4p6V1tzn4jNXupBwa1YvfNYQn3MjzAhF605vJ7R0nw93gJf-ISeXRN1rbyoHAOdmzsvQbQAn5O8sKPCj5tHp4lrdGRguJiQZ1EjLk6xWMhRtgq-n222aEdCMYI1SyMju__xTR4xpmJ0_028PHV=w2000-h1333-s-no-gm?authuser=0\" width=\"2000\" height=\"1333\" alt=\"Yuichi Iwasaki ve g\u00fczel e\u015fi\" class=\"size-full\" \/><\/a><figcaption class=\"wp-caption-text\">Yuichi Iwasaki ve g\u00fczel e\u015fi<\/figcaption><\/figure>\n<ul>\n<li><strong>\u00d6l\u00fc yapraklar<\/strong>(Sahne ekran\u0131: Sonbahar yapra\u011f\u0131 g\u00f6r\u00fcnt\u00fcs\u00fc)<\/li>\n<li><strong>Sen benim g\u00fcne\u015f \u0131\u015f\u0131\u011f\u0131ms\u0131n<\/strong>(Sahne Ekran\u0131: Kalp Bulut Sanat Koleksiyonu)<\/li>\n<\/ul>\n<figure class=\"wp-caption aligncenter\"><a href=\"https:\/\/photos.google.com\/share\/AF1QipO1_X4rbA1QVKIktSWOID1mTbWk9VAexWwR6wUjHKA5ZTI0PsOgk_Xq7d7dpBoWHw\/photo\/AF1QipNlsBZYy6ftLc1jERdpojDkps-Wm6oExTe27W8?key=RTJmUGRWX19LWXVWbzM4dFMzbWNXNWJmWWp3VHRB\" target=\"_blank\"><img decoding=\"async\" src=\"https:\/\/lh3.googleusercontent.com\/pw\/AP1GczOIaiHM_QA_KFpnU_KREfZlDEDM5WzWoeymDzX6HFq-g87M_S1eG6r7WGNB6YGtwoKTfVsDI5MVkiHCfb8WHre_zrXppIIRaIaQ7vSJGfCYhrhqxB8NDYHLnXE6EO80c2pOExSjZJIttzGoz6SNPNXT=w2000-h1333-s-no-gm?authuser=0\" width=\"2000\" height=\"1333\" alt=\"Iwasaki Juku Ukulele Kul\u00fcb\u00fc \u00dcyeleri\" class=\"size-full\" \/><\/a><figcaption class=\"wp-caption-text\">Iwasaki Juku Ukulele Kul\u00fcb\u00fc \u00dcyeleri<\/figcaption><\/figure>\n<p>Bay Tetsuyoshi Yamamoto geldi ve Bay Yuichi Iwasaki ile hararetli bir sohbete ba\u015flad\u0131.<\/p>\n<figure class=\"wp-caption aligncenter\"><a href=\"https:\/\/photos.google.com\/share\/AF1QipO1_X4rbA1QVKIktSWOID1mTbWk9VAexWwR6wUjHKA5ZTI0PsOgk_Xq7d7dpBoWHw\/photo\/AF1QipP1QERR_eMZu-mLe1tUFg7YwZI3JMWhG-Ig9II?key=RTJmUGRWX19LWXVWbzM4dFMzbWNXNWJmWWp3VHRB\" target=\"_blank\"><img decoding=\"async\" src=\"https:\/\/lh3.googleusercontent.com\/pw\/AP1GczNQ0VZonhm2iQEH8OgB21xBO8E-q0ru_Vja5D5ArORB_T-kzhyf-buE7Hn36EcesyAvPlagNkF5IRG29gpk7VR4RCZAXnIUphebk6Ajs6Ug5bVmTCtzy4zb9y4Hy3E-2GOHJD0ZoZQt9KPkKBkcFyyH=w2000-h1333-s-no-gm?authuser=0\" width=\"2000\" height=\"1333\" alt=\"M\u00fczik e\u015fli\u011finde iki insan\u0131n muhte\u015fem bulu\u015fmas\u0131!\" class=\"size-full\" \/><\/a><figcaption class=\"wp-caption-text\">M\u00fczik e\u015fli\u011finde iki insan\u0131n muhte\u015fem bulu\u015fmas\u0131!<\/figcaption><\/figure>\n<ul>\n<li><strong>Tetsuyoshi Yamamoto:<\/strong><br \/>\n&quot;Iwasaki-san ile onlarca y\u0131l aradan sonra ilk kez Fukagawa Nishi Lisesi&#039;nin mezunlar toplant\u0131s\u0131nda tan\u0131\u015ft\u0131k ve birlikte bir \u015feyler yapmay\u0131 konu\u015ftuk, bu i\u015fbirli\u011fi b\u00f6yle ortaya \u00e7\u0131kt\u0131.<\/p>\n<p>Ben koro dersi veriyorum, o da ukulele dersi veriyor. \u0130kimiz de vatanda\u015flar ve kasabal\u0131lar i\u00e7in tan\u0131d\u0131k bir d\u00fcnya yaratmaya \u00e7al\u0131\u015ft\u0131\u011f\u0131m\u0131z g\u00f6r\u00fc\u015f\u00fcn\u00fc payla\u015ft\u0131\u011f\u0131m\u0131z i\u00e7in anla\u015ft\u0131k.<\/p>\n<p>Lise \u00fc\u00e7\u00fcnc\u00fc s\u0131n\u0131f\u0131n yaz\u0131nda m\u00fczi\u011fe ba\u015flad\u0131m. Eski belediye binas\u0131n\u0131n yemek salonunda son model elektrikli orgu b\u00fcy\u00fck bir ustal\u0131kla \u00e7al\u0131yordu. Ayaklar\u0131n\u0131 ve ellerini ayr\u0131 ayr\u0131 hareket ettirerek yapt\u0131klar\u0131 performans beni \u00e7ok etkiledi.<\/p>\n<p>Onun \u00e7al\u0131m\u0131 bana ilham verdi ve m\u00fczik kariyerime do\u011fru yolculu\u011fuma ba\u015flad\u0131m. Bug\u00fcn bulundu\u011fum noktaya gelebilmek i\u00e7in bir\u00e7ok dolamba\u00e7l\u0131 yoldan ge\u00e7tim, ba\u015far\u0131s\u0131zl\u0131klar ve tekrarlanan y\u0131llar ya\u015fad\u0131m.<\/p>\n<p>Bu sefer &quot;Midsummer Fruits&quot;\u0131 birlikte seslendirmeyi d\u00fc\u015f\u00fcnd\u00fck. Daha sonra Showa d\u00f6nemi \u015fark\u0131lar\u0131n\u0131n ne kadar harika oldu\u011funu konu\u015fmaya ba\u015flad\u0131k, bu y\u00fczden iki \u015fark\u0131 daha eklemeye karar verdik.&quot;<br \/>\n\u3000<\/li>\n<li><strong>Yuichi Iwasaki:<\/strong><br \/>\n&quot;L\u00fctfen rahatlay\u0131n ve Showa d\u00f6nemindeki babalar\u0131n bildi\u011fi iki \u015fark\u0131y\u0131 dinleyin: &#039;Glass Johnny&#039; ve &#039;Feeling.&#039;&quot;<\/li>\n<\/ul>\n<figure class=\"wp-caption aligncenter\"><a href=\"https:\/\/photos.google.com\/share\/AF1QipO1_X4rbA1QVKIktSWOID1mTbWk9VAexWwR6wUjHKA5ZTI0PsOgk_Xq7d7dpBoWHw\/photo\/AF1QipNeNSfjU1n2k80wkRaaayiVcDp0y5mr6yGZ-4M?key=RTJmUGRWX19LWXVWbzM4dFMzbWNXNWJmWWp3VHRB\" target=\"_blank\"><img decoding=\"async\" src=\"https:\/\/lh3.googleusercontent.com\/pw\/AP1GczMq5_A2abw200wYmPJ767L3KtJGcT1SDJ_0oPBixXPWBp7CVbCMpVGyqI2zfo1DUwRFQsN70d20P6WtSSUS7UyNzEUOBudmdvsm6GlNGuClTu3xdSGfUfu-hvF08viJNumFZZyC4yxXCokzmiTgNScK=w2000-h1333-s-no-gm?authuser=0\" width=\"2000\" height=\"1333\" alt=\"Bu i\u015fbirli\u011fi, ikisinin de \u00e7ok iyi anla\u015fmas\u0131 sonucu ortaya \u00e7\u0131kt\u0131!\" class=\"size-full\" \/><\/a><figcaption class=\"wp-caption-text\">Bu i\u015fbirli\u011fi, ikisinin de \u00e7ok iyi anla\u015fmas\u0131 sonucu ortaya \u00e7\u0131kt\u0131!<\/figcaption><\/figure>\n<ul>\n<li><strong>Cam Johnny<\/strong>(Sahne ekran\u0131: plak \u00e7alar)<\/li>\n<li><strong>His<\/strong>(Sahne ekran\u0131: plak \u00e7alar)<\/li>\n<li><strong>Yaz ortas\u0131 meyvesi<\/strong>(Sahne ekran\u0131: Plaj g\u00f6r\u00fcnt\u00fcs\u00fc)<\/li>\n<\/ul>\n<figure class=\"wp-caption aligncenter\"><a href=\"https:\/\/photos.google.com\/share\/AF1QipO1_X4rbA1QVKIktSWOID1mTbWk9VAexWwR6wUjHKA5ZTI0PsOgk_Xq7d7dpBoWHw\/photo\/AF1QipNIQr8RG1e1fWvFENk3BwAjzeaVDpZPnNc-_j0?key=RTJmUGRWX19LWXVWbzM4dFMzbWNXNWJmWWp3VHRB\" target=\"_blank\"><img decoding=\"async\" src=\"https:\/\/lh3.googleusercontent.com\/pw\/AP1GczP3KLeASoCXVi8s1XtZQrTJ4xlc01ueKb5WGViuXfoj0zXuf13fiI6wr_RtFUlaPif8kA7X-e8nE4sJY2EZ6WOJnX8dfZW6fOZqKjFRpiDhq5pAkiIN9WcIjnNE4ZHPx9uRNYawUL3UmSb7z1VjN_yy=w2000-h1333-s-no-gm?authuser=0\" width=\"2000\" height=\"1333\" alt=\"Ta\u015fan duygularla. . .\" class=\"size-full\" \/><\/a><figcaption class=\"wp-caption-text\">Ta\u015fan duygularla. . .<\/figcaption><\/figure>\n<figure class=\"wp-caption aligncenter\"><a href=\"https:\/\/photos.google.com\/share\/AF1QipO1_X4rbA1QVKIktSWOID1mTbWk9VAexWwR6wUjHKA5ZTI0PsOgk_Xq7d7dpBoWHw\/photo\/AF1QipNN4t2prrXKxkW1XnRSgVnXryKBLxkotMTg_A4?key=RTJmUGRWX19LWXVWbzM4dFMzbWNXNWJmWWp3VHRB\" target=\"_blank\"><img decoding=\"async\" src=\"https:\/\/lh3.googleusercontent.com\/pw\/AP1GczPWjFkUf3Yik16IcC8yQrMNZ_cgWwx-dEEvblr56NhT02MIgX95_Y7kjOmgm3JiueqeT4B-vvK4FNgKszQH46-SCb5vcYR5gAP-eEuyus5MwHLTNKyOgCrKjT229KPTF2SODj5APn5c4YgfnuqD3x0z=w2000-h1333-s-no-gm?authuser=0\" width=\"2000\" height=\"1333\" alt=\"Harika bir rezonans!\" class=\"size-full\" \/><\/a><figcaption class=\"wp-caption-text\">Harika bir rezonans!<\/figcaption><\/figure>\n<h3>Ay\u00e7i\u00e7e\u011fi Korosu Giri\u015fi<\/h3>\n<figure class=\"wp-caption aligncenter\"><a href=\"https:\/\/photos.google.com\/share\/AF1QipO1_X4rbA1QVKIktSWOID1mTbWk9VAexWwR6wUjHKA5ZTI0PsOgk_Xq7d7dpBoWHw\/photo\/AF1QipPlJX54ADLpOEeJ1mx357WKPADNXjDWmwjtRDk?key=RTJmUGRWX19LWXVWbzM4dFMzbWNXNWJmWWp3VHRB\" target=\"_blank\"><img decoding=\"async\" src=\"https:\/\/lh3.googleusercontent.com\/pw\/AP1GczNzdrMKHobdl4QD1Gfh_yV7HRMfV_ue0Ic6gciSenXUsiJ2InkOfeNrSrdgBpBU5jmQ59e4mH6LJNxwJlW4yIg92HCpKfPdAMei0qylGuVxDdb-94BV9JwYiBDDP5cm5_BZsR5rMN44ZoMU2x15i2bO=w2000-h1333-s-no-gm?authuser=0\" width=\"2000\" height=\"1333\" alt=\"Ukulele Kul\u00fcb\u00fc ve Himawari Korosu \u0130\u015fbirli\u011fi\" class=\"size-full\" \/><\/a><figcaption class=\"wp-caption-text\">Ukulele Kul\u00fcb\u00fc ve Himawari Korosu \u0130\u015fbirli\u011fi<\/figcaption><\/figure>\n<ul>\n<li><strong>Sunucu:<\/strong>Ukulele kul\u00fcb\u00fc ve Himawari Korosu ile birlikte sahne almak istiyorum. &quot;Hadi Yukar\u0131 Bakal\u0131m ve Y\u00fcr\u00fcyelim&quot; ve &quot;G\u00fcller A\u00e7t\u0131.&quot;<br \/>\n\u3000<\/li>\n<li><strong>Yukar\u0131 Bak ve Y\u00fcr\u00fc:<\/strong>Ukulele Kul\u00fcb\u00fc ve Himawari Korosu (Sahne ekran\u0131: Y\u0131ld\u0131zl\u0131 g\u00f6ky\u00fcz\u00fc g\u00f6r\u00fcnt\u00fcs\u00fc)<\/li>\n<li><strong>G\u00fcller a\u00e7t\u0131:<\/strong>Seyirciler, \u00f6nceden da\u011f\u0131t\u0131lan \u015fark\u0131 s\u00f6z\u00fc kartlar\u0131na bakarken \u015fark\u0131ya e\u015flik ettik\u00e7e heyecanland\u0131lar (Sahne ekran\u0131: K\u0131rm\u0131z\u0131 bir g\u00fcl\u00fcn g\u00f6r\u00fcnt\u00fcs\u00fc)<\/li>\n<\/ul>\n<figure class=\"wp-caption aligncenter\"><a href=\"https:\/\/photos.google.com\/share\/AF1QipO1_X4rbA1QVKIktSWOID1mTbWk9VAexWwR6wUjHKA5ZTI0PsOgk_Xq7d7dpBoWHw\/photo\/AF1QipOtL_dFvE4c9DwYKlvliHYGyTOAuFtvbtnK2-w?key=RTJmUGRWX19LWXVWbzM4dFMzbWNXNWJmWWp3VHRB\" target=\"_blank\"><img decoding=\"async\" src=\"https:\/\/lh3.googleusercontent.com\/pw\/AP1GczM_n3AR1gXogdleyiODyJSnGFdMsSMZ7RFUCEBafN_srOJA15W10Aw2n6OLjR9F1-k7RVIQDzOCIu-DQoPZS4ruv4hVjQ5mvUM6p3K1Q7sNIGLo3k7a7xprRuBJXGiynOOuS_1OqJ1r2IBHNWLiIojj=w2000-h1333-s-no-gm?authuser=0\" width=\"2000\" height=\"1333\" alt=\"&quot;G\u00fcller a\u00e7t\u0131&quot; arkaplan\u0131nda k\u0131rm\u0131z\u0131 g\u00fcllerin yer ald\u0131\u011f\u0131 resimli video. . .\" class=\"size-full\" \/><\/a><figcaption class=\"wp-caption-text\">&quot;G\u00fcller a\u00e7t\u0131&quot; arkaplan\u0131nda k\u0131rm\u0131z\u0131 g\u00fcllerin yer ald\u0131\u011f\u0131 resimli video. . .<\/figcaption><\/figure>\n<h3>Buket sunumu: Yuichi Iwasaki<\/h3>\n<ul>\n<li><strong>Sunucu:<\/strong>Di\u011fer ukulele \u00e7alanlarla birlikte ilk kez sahneye \u00e7\u0131kt\u0131k ve \u00e7ok e\u011flendik.<br \/>\nBirka\u00e7 kez pratik yapt\u0131m ve bug\u00fcn formumun zirvesindeydim (g\u00fcl\u00fcyor).<br \/>\nSay\u0131n Iwasaki&#039;nin harika sohbetinden \u00e7ok \u015fey \u00f6\u011freniyorum (g\u00fcl\u00fcyor).<br \/>\nHimawari Korosu Direkt\u00f6r Yard\u0131mc\u0131s\u0131 Fukase Ayumi taraf\u0131ndan Iwasaki Juku temsilcisi Iwasaki Yuichi&#039;ye bir buket \u00e7i\u00e7ek takdim edildi. Bug\u00fcn i\u00e7in te\u015fekk\u00fcr ederim!<\/li>\n<\/ul>\n<figure class=\"wp-caption aligncenter\"><a href=\"https:\/\/photos.google.com\/share\/AF1QipO1_X4rbA1QVKIktSWOID1mTbWk9VAexWwR6wUjHKA5ZTI0PsOgk_Xq7d7dpBoWHw\/photo\/AF1QipOwgMYo9Xsc6bR0ax0pDGK4CN1YiZs9dqzBdJk?key=RTJmUGRWX19LWXVWbzM4dFMzbWNXNWJmWWp3VHRB\" target=\"_blank\"><img decoding=\"async\" src=\"https:\/\/lh3.googleusercontent.com\/pw\/AP1GczPyog2tcADNM3WBZ4v8XfY_uIwHD6ukMqGWx0YzVy7-XXd4fBADhtLHHSPbyg56DLQ0QYqMYFIU5uODktK6K9Iq5fs-oTVkvxbpcBJDpBf8lsnY6clQkYN1Ka5P7iYpxZY5eBHZ9KgxtlHNndrQEsEd=w2000-h1333-s-no-gm?authuser=0\" width=\"2000\" height=\"1333\" alt=\"Ba\u015fkan yard\u0131mc\u0131s\u0131 Ayumi Fukase, Yuichi Iwasaki&#039;ye bir buket \u00e7i\u00e7ek takdim ediyor!\" class=\"size-full\" \/><\/a><figcaption class=\"wp-caption-text\">Ba\u015fkan yard\u0131mc\u0131s\u0131 Ayumi Fukase, Yuichi Iwasaki&#039;ye bir buket \u00e7i\u00e7ek takdim ediyor!<\/figcaption><\/figure>\n<figure class=\"wp-caption aligncenter\"><a href=\"https:\/\/photos.google.com\/share\/AF1QipO1_X4rbA1QVKIktSWOID1mTbWk9VAexWwR6wUjHKA5ZTI0PsOgk_Xq7d7dpBoWHw\/photo\/AF1QipNp3-LetPpYHLtGTnJx3pEQdMdTPo6ZA0I-bYU?key=RTJmUGRWX19LWXVWbzM4dFMzbWNXNWJmWWp3VHRB\" target=\"_blank\"><img decoding=\"async\" src=\"https:\/\/lh3.googleusercontent.com\/pw\/AP1GczNHuhoURhvj34PRGUPGmOptqTWsOeEZ19mWNhDztgSXouCEFqNZ7TP5UoOwSCKKuSQZxYrQZLw3MOz_TlFPHJwzKTz4aGlOKcOIvq7qUKVT_KANo_MJAFndm9qX6x0xQ2KqvYANI19mO8xSeLvjm8m_=w2000-h1333-s-no-gm?authuser=0\" width=\"2000\" height=\"1333\" alt=\"Ha? Ha? !\" class=\"size-full\" \/><\/a><figcaption class=\"wp-caption-text\">Ha? Ha? !<\/figcaption><\/figure>\n<h2>B\u00f6l\u00fcm 3: ~Himawari Korosu&#039;nun \u015f\u00fckranlar\u0131yla~<\/h2>\n<figure class=\"wp-caption aligncenter\"><a href=\"https:\/\/photos.google.com\/share\/AF1QipO1_X4rbA1QVKIktSWOID1mTbWk9VAexWwR6wUjHKA5ZTI0PsOgk_Xq7d7dpBoWHw\/photo\/AF1QipPD3VH07D0NrGgfCxg6i59lduEnaE9HFVnioVs?key=RTJmUGRWX19LWXVWbzM4dFMzbWNXNWJmWWp3VHRB\" target=\"_blank\"><img decoding=\"async\" src=\"https:\/\/lh3.googleusercontent.com\/pw\/AP1GczMlCcqXa_PkzSKiUiAeU8vn-vej6_5tNi8NqqvgE8C7zy_09LzS6RfuP3TO6TIYl-7OJ7f2dm6s9DsaJytv4-vnh6daTeT7VdfREFo4WE9upZmQmjdnWvLzjSJsScCM5YQFLY238uNJzKgNb7aBryBi=w2000-h1333-s-no-gm?authuser=0\" width=\"2000\" height=\"1333\" alt=\"Bir d\u00fc\u015fsel tekne \u015fark\u0131s\u0131, bir ku\u015f \u015fark\u0131s\u0131. . . Ekranda bir k\u0131y\u0131 \u015fehri manzaras\u0131 g\u00f6steriliyor\" class=\"size-full\" \/><\/a><figcaption class=\"wp-caption-text\">Bir d\u00fc\u015fsel tekne \u015fark\u0131s\u0131, bir ku\u015f \u015fark\u0131s\u0131. . . Ekranda bir k\u0131y\u0131 \u015fehri manzaras\u0131 g\u00f6steriliyor<\/figcaption><\/figure>\n<ul>\n<li><strong>Suzhou Gece Manzaras\u0131<\/strong>S\u00f6zleri Yaso Saijo&#039;ya ait, bestesi Ryoichi Hattori&#039;ye ait, d\u00fczenlemesi Koichi Yamamuro&#039;ya ait.<br \/>\n(Sahne ekran\u0131: Su kenar\u0131 \u015fehir manzaras\u0131 g\u00f6r\u00fcnt\u00fcs\u00fc)<\/li>\n<li><strong>kiraz \u00e7i\u00e7ekleri<\/strong>: S\u00f6zleri Hakuhi Miki&#039;ye, m\u00fczi\u011fi Takako Okuma&#039;ya ait<br \/>\n(Sahne ekran\u0131: Sakura g\u00f6r\u00fcnt\u00fcleri ve videolar\u0131)<\/li>\n<\/ul>\n<figure class=\"wp-caption aligncenter\"><a href=\"https:\/\/photos.google.com\/share\/AF1QipO1_X4rbA1QVKIktSWOID1mTbWk9VAexWwR6wUjHKA5ZTI0PsOgk_Xq7d7dpBoWHw\/photo\/AF1QipMbHWsdpFH3nLONIdNE3OszWU_CNdk8boJ3Otk?key=RTJmUGRWX19LWXVWbzM4dFMzbWNXNWJmWWp3VHRB\" target=\"_blank\"><img decoding=\"async\" src=\"https:\/\/lh3.googleusercontent.com\/pw\/AP1GczODFH570v-lfYpb6xZvFZ8ruVguoIRgl3xDrQ0Sa6wust1voCHdJo9dkaMSoU-6Pxuusnd977bcSALVNpzdobY3o3NhdonaVgVjjrLik1jkWRRXYxl1df0EBX0kjmdnL3TNh_yAFehGLo1E1Kndja-u=w2000-h1333-s-no-gm?authuser=0\" width=\"2000\" height=\"1333\" alt=\"Arka planda r\u00fczgarda u\u00e7u\u015fan kiraz \u00e7i\u00e7ekleri g\u00f6r\u00fcnt\u00fcleri yer al\u0131yor. . .\" class=\"size-full\" \/><\/a><figcaption class=\"wp-caption-text\">Arka planda r\u00fczgarda u\u00e7u\u015fan kiraz \u00e7i\u00e7ekleri g\u00f6r\u00fcnt\u00fcleri yer al\u0131yor. . .<\/figcaption><\/figure>\n<ul>\n<li><strong>Sunucu:<\/strong>\u015eimdi Profes\u00f6r Yamamoto&#039;nun bir \u015fark\u0131s\u0131n\u0131 \u00e7alaca\u011f\u0131z. Meksika \u015fark\u0131s\u0131 &quot;Intima&quot; Japoncada &quot;sevgilim&quot; anlam\u0131na gelir ve \u0130spanyolca s\u00f6ylenir.<br \/>\n\u3000<\/li>\n<li><strong>Profes\u00f6r Yamamoto:<\/strong>Bu \u015fark\u0131 bir Meksika \u015fark\u0131s\u0131d\u0131r. Meksika&#039;da halk\u0131n &#039;\u0131 \u0130spanyolca konu\u015ftu\u011fu i\u00e7in \u0130spanyolca \u015fark\u0131 s\u00f6yleyece\u011fim. \u00c7evirisi yap\u0131lm\u0131\u015f \u015fark\u0131 s\u00f6zleri ekranda g\u00f6sterilecektir, l\u00fctfen \u015fark\u0131y\u0131 dinlerken \u015fark\u0131ya bakmay\u0131 ihmal etmeyin.<br \/>\n\u3000<\/li>\n<li><strong>Samimiyet<\/strong>Tata Nacho S\u00f6z ve beste: Tenor solo Tetsuyoshi Yamamoto<br \/>\n(Sahne ekran\u0131: Japonca \u00e7evirisiyle g\u00fcl resmi)<\/li>\n<\/ul>\n<figure class=\"wp-caption aligncenter\"><a href=\"https:\/\/photos.google.com\/share\/AF1QipO1_X4rbA1QVKIktSWOID1mTbWk9VAexWwR6wUjHKA5ZTI0PsOgk_Xq7d7dpBoWHw\/photo\/AF1QipPOytg-w_L3kjTU9CdjE1VaoBzCLyOQdLINZ8U?key=RTJmUGRWX19LWXVWbzM4dFMzbWNXNWJmWWp3VHRB\" target=\"_blank\"><img decoding=\"async\" src=\"https:\/\/lh3.googleusercontent.com\/pw\/AP1GczOyIbDkZlRVsQIZEdYbsbhtQH-B1MmWSQJvKjfyxb7Bl_BTrBU31UZx1wtboA-qZq3viFCH1mIA2syRW-ZY5hF_el3dYTJ_KDH0sJLMG3LYk_MsVBLKhiOOekvjBU_10dNTP-k1_7dyO-uNaIPbjcmH=w2000-h1333-s-no-gm?authuser=0\" width=\"2000\" height=\"1333\" alt=\"&quot;Can\u0131m&quot; &quot;Can\u0131m&quot;\u0131n \u0130spanyolca versiyonunun tenor solo performans\u0131!\" class=\"size-full\" \/><\/a><figcaption class=\"wp-caption-text\">\u0130spanyolca &quot;My Beloved&quot; \u015fark\u0131s\u0131n\u0131n tenor solo performans\u0131!<\/figcaption><\/figure>\n<figure class=\"wp-caption aligncenter\"><a href=\"https:\/\/photos.google.com\/share\/AF1QipO1_X4rbA1QVKIktSWOID1mTbWk9VAexWwR6wUjHKA5ZTI0PsOgk_Xq7d7dpBoWHw\/photo\/AF1QipNMW9kp5aSPiF9ps3awVJnVMXnlMdDqniGtekQ?key=RTJmUGRWX19LWXVWbzM4dFMzbWNXNWJmWWp3VHRB\" target=\"_blank\"><img decoding=\"async\" src=\"https:\/\/lh3.googleusercontent.com\/pw\/AP1GczMOLi5jaRSvHv0sAVwSdKAPSu1LzgtHC0ntvy2K9nSNw-WTromOjenttSJZcKrhwFGHChWG5wMrGGvBc3EtSz46h9KTw3ntBXz-jIwO783M_V6gyBDgzieK8AcSx-GAc-41JfYvbM-7ZASkfnuUsUWP=w2000-h1333-s-no-gm?authuser=0\" width=\"2000\" height=\"1333\" alt=\"Ekranda Japonca \u00e7evirisi g\u00f6steriliyor. . .\" class=\"size-full\" \/><\/a><figcaption class=\"wp-caption-text\">Ekranda Japonca \u00e7evirisi g\u00f6steriliyor. . .<\/figcaption><\/figure>\n<ul>\n<li><strong>Sunucu:<\/strong>Konserin bitme saati yakla\u015f\u0131yordu. Sonraki iki \u015fark\u0131n\u0131n mesajlar\u0131 \u00e7ok g\u00fc\u00e7l\u00fc.\n<p>&quot;Ye\u015fil Yapraklar\u0131n \u015eark\u0131s\u0131&quot;n\u0131n s\u00f6z yazar\u0131n\u0131n, g\u00fcne\u015f \u0131\u015f\u0131\u011f\u0131nda par\u0131ldayan ye\u015fil yapraklar\u0131 izlerken d\u00fcnya bar\u0131\u015f\u0131na ili\u015fkin d\u00fc\u015f\u00fcncelerini dile getirerek bu \u015fiiri yazd\u0131\u011f\u0131 s\u00f6ylenir.<\/p>\n<p>Ve \u00fcyelere hangi \u015fark\u0131y\u0131 s\u00f6ylemek istediklerini sordu\u011fumuzda, &quot;Hayat \u015eark\u0131s\u0131&quot; birinci geldi.<\/p>\n<p>Bizim i\u00e7in de \u00e7ok \u00f6nemli bir \u015fark\u0131. Bu \u015fark\u0131 16 y\u0131l \u00f6nce NHK sabah dizisi &quot;Dandan&quot;da Mana ve Kana karde\u015fler taraf\u0131ndan seslendirilmi\u015fti. \u015eark\u0131n\u0131n s\u00f6zleri Mariya Takeuchi&#039;ye ait. &quot;Dandan&quot;\u0131n \u015eimane leh\u00e7esinde &quot;te\u015fekk\u00fcr ederim&quot; anlam\u0131na geldi\u011fi anla\u015f\u0131l\u0131yor.<\/p>\n<p>L\u00fctfen &quot;Ye\u015fil Yapraklar\u0131n \u015eark\u0131s\u0131&quot; ve &quot;Hayat\u0131n \u015eark\u0131s\u0131&quot; adl\u0131 iki \u015fark\u0131y\u0131 s\u0131rayla dinleyin.<\/li>\n<\/ul>\n<figure class=\"wp-caption aligncenter\"><a href=\"https:\/\/photos.google.com\/share\/AF1QipO1_X4rbA1QVKIktSWOID1mTbWk9VAexWwR6wUjHKA5ZTI0PsOgk_Xq7d7dpBoWHw\/photo\/AF1QipNSwvk2BCBuGb1Br_2xoYQGT59a1AEMfZ4rQqE?key=RTJmUGRWX19LWXVWbzM4dFMzbWNXNWJmWWp3VHRB\" target=\"_blank\"><img decoding=\"async\" src=\"https:\/\/lh3.googleusercontent.com\/pw\/AP1GczNFXo5Vk4i0lUjFgudYvv6TFsH49Zz8QXgcK1-8Z6hX0UNUYbhUo5rQEE8zDdHDwy2Qqkmpw6o1uQaNLwyadmX4ouKwvJAm8C6JssVT6kFq421AHwvt8Eo_xcPNIdVyOeYO_9JpfxItps4ESFgzzqOQ=w2000-h1333-s-no-gm?authuser=0\" width=\"2000\" height=\"1333\" alt=\"&quot;Aoba \u015eark\u0131s\u0131&quot; D\u00fcnya bar\u0131\u015f\u0131 ve insanl\u0131\u011fa sevgi i\u00e7in bir dua. . .\" class=\"size-full\" \/><\/a><figcaption class=\"wp-caption-text\">&quot;Aoba \u015eark\u0131s\u0131&quot; D\u00fcnya bar\u0131\u015f\u0131 ve insanl\u0131\u011fa sevgi i\u00e7in bir dua. . .<\/figcaption><\/figure>\n<ul>\n<li><strong>Ye\u015fil Yapraklar\u0131n \u015eark\u0131s\u0131<\/strong>S\u00f6zleri Kaori Komori&#039;ye, m\u00fczi\u011fi ise Kenichi Kumagai&#039;ye ait.<br \/>\n(Sahne ekran\u0131: Wakaba g\u00f6r\u00fcnt\u00fcs\u00fc)<\/li>\n<li><strong>Hayat \u015eark\u0131s\u0131<\/strong>Miyabi S\u00f6zleri: Takatsugu Muramatsu M\u00fczik: Junko Yokoyama D\u00fczenlemesi<br \/>\n(Sahne ekran\u0131: Ay\u00e7i\u00e7e\u011fi ill\u00fcstrasyonu g\u00f6rseli)<\/li>\n<\/ul>\n<figure class=\"wp-caption aligncenter\"><a href=\"https:\/\/photos.google.com\/share\/AF1QipO1_X4rbA1QVKIktSWOID1mTbWk9VAexWwR6wUjHKA5ZTI0PsOgk_Xq7d7dpBoWHw\/photo\/AF1QipPRE5BHkBZesh_DP45h8hAlxLOVMMzDaffTYYw?key=RTJmUGRWX19LWXVWbzM4dFMzbWNXNWJmWWp3VHRB\" target=\"_blank\"><img decoding=\"async\" src=\"https:\/\/lh3.googleusercontent.com\/pw\/AP1GczPy2qLfVUedPaA9Eujpiv3xOKqUSIicBL48-jUuTwnSEGtgVdNO2yWSAYHrkX02uixHJUitkMr0ScIVEikKi5ZY3I4mu1WwB09nkw21McZNk_kXISBrBI8LVode_FOIqL_IXBbMfqYwZdlebO2u2CNX=w2000-h1333-s-no-gm?authuser=0\" width=\"2000\" height=\"1333\" alt=\"Te\u015fekk\u00fcrler t\u00fcm hayata!\" class=\"size-full\" \/><\/a><figcaption class=\"wp-caption-text\">Te\u015fekk\u00fcrler t\u00fcm hayata!<\/figcaption><\/figure>\n<h2>Buket sunumu: Profes\u00f6r Tetsuyoshi Yamamoto ve Tomoyo Kano<\/h2>\n<figure class=\"wp-caption aligncenter\"><a href=\"https:\/\/photos.google.com\/share\/AF1QipO1_X4rbA1QVKIktSWOID1mTbWk9VAexWwR6wUjHKA5ZTI0PsOgk_Xq7d7dpBoWHw\/photo\/AF1QipPD3h_tzE5zvsHW83WWpTUTyzVu5TipINjLHos?key=RTJmUGRWX19LWXVWbzM4dFMzbWNXNWJmWWp3VHRB\" target=\"_blank\"><img decoding=\"async\" src=\"https:\/\/lh3.googleusercontent.com\/pw\/AP1GczMKDVycoI4YPvQZyKJd7UWJ_cuohGw5SII-_C4W6Z5MBF5F9qdbo3Ug462qUniUHVc-mabbkHBqBIG9BFbAml6R5LVR4lv95FT8J1b3uE4gZsd41wK3Vnn1QtLcRnVHpQzxTdSA_WGTgXhpmjY82i3m=w2000-h1333-s-no-gm?authuser=0\" width=\"2000\" height=\"1333\" alt=\"Sevimli bir \u00e7ocuktan bir buket!\" class=\"size-full\" \/><\/a><figcaption class=\"wp-caption-text\">Sevimli bir \u00e7ocuktan bir buket!<\/figcaption><\/figure>\n<figure class=\"wp-caption aligncenter\"><a href=\"https:\/\/photos.google.com\/share\/AF1QipO1_X4rbA1QVKIktSWOID1mTbWk9VAexWwR6wUjHKA5ZTI0PsOgk_Xq7d7dpBoWHw\/photo\/AF1QipPHa-GotOvIWVzL_VibR5Ap3TIbPGI7sLeUlDc?key=RTJmUGRWX19LWXVWbzM4dFMzbWNXNWJmWWp3VHRB\" target=\"_blank\"><img decoding=\"async\" src=\"https:\/\/lh3.googleusercontent.com\/pw\/AP1GczM3o5ZJBgAMD8n8niotgrFMcr5Pipwi-vixgq-8LK6vfLDQ7moULYMTHQYDeyLpf5ulB4q5Rm9lwvKXhEWWsLRTJznDLKZKm7U5Pz_DfWbnEJ5h5_a9fi7px21zCv8QfZMLNddSsOMNhs8a3NvM4NJd=w2000-h1333-s-no-gm?authuser=0\" width=\"2000\" height=\"1333\" alt=\"Profes\u00f6r Tetsuyoshi Yamamoto g\u00f6zya\u015flar\u0131na bo\u011fuldu\" class=\"size-full\" \/><\/a><figcaption class=\"wp-caption-text\">Profes\u00f6r Tetsuyoshi Yamamoto g\u00f6zya\u015flar\u0131na bo\u011fuldu<\/figcaption><\/figure>\n<h2>Ba\u015fkan Yard\u0131mc\u0131s\u0131 Kazuko Teragaki&#039;den selamlar<\/h2>\n<figure class=\"wp-caption aligncenter\"><a href=\"https:\/\/photos.google.com\/share\/AF1QipO1_X4rbA1QVKIktSWOID1mTbWk9VAexWwR6wUjHKA5ZTI0PsOgk_Xq7d7dpBoWHw\/photo\/AF1QipNV0uprh3KKwog8qg1EoAjR_IuzQMVM5hd-Biw?key=RTJmUGRWX19LWXVWbzM4dFMzbWNXNWJmWWp3VHRB\" target=\"_blank\"><img decoding=\"async\" src=\"https:\/\/lh3.googleusercontent.com\/pw\/AP1GczOF6LEDouWuqG9o_VlrrYltV5qTFgOrr_t9yf_l99mGgHkON0FViXWz2VUvOm-_mvqYUh6uWKHAMppBpcYbHbxOoa7UbtCvs0XLcKjLMzBDy9WTi7jo-VujRpx9FwpLiM2S57IP51huO-ywGkly5tDJ=w2000-h1333-s-no-gm?authuser=0\" width=\"2000\" height=\"1333\" alt=\"Ba\u015fkan Yard\u0131mc\u0131s\u0131 Kazuko Teragaki&#039;den selamlar\" class=\"size-full\" \/><\/a><figcaption class=\"wp-caption-text\">Ba\u015fkan Yard\u0131mc\u0131s\u0131 Kazuko Teragaki&#039;den selamlar<\/figcaption><\/figure>\n<p>&quot;Yo\u011fun program\u0131n\u0131za ve k\u00f6t\u00fc hava ko\u015fullar\u0131na ra\u011fmen bug\u00fcn konserimize geldi\u011finiz i\u00e7in \u00e7ok te\u015fekk\u00fcr ederiz.<\/p>\n<p>2011 y\u0131l\u0131nda (Heisei 23) ba\u015flayan d\u00fczenli konserler bu y\u0131l 10. y\u0131l\u0131n\u0131 kutluyor.<\/p>\n<p>2011 y\u0131l\u0131nda Tohoku depremini ve felaketten etkilenenlerden hayat\u0131n de\u011ferini \u00f6\u011frendi\u011fimi, t\u00fcm kalbimle \u015fark\u0131 s\u00f6yledi\u011fimi, huzurlu bir g\u00fcnl\u00fck hayat ya\u015fayabildi\u011fim i\u00e7in minnettar oldu\u011fumu hat\u0131rl\u0131yorum.<\/p>\n<p>Konser art\u0131k y\u0131ll\u0131k bir etkinli\u011fe d\u00f6n\u00fc\u015fm\u00fc\u015f olsa da biz h\u00e2l\u00e2 her birine Anma Konseri diyoruz \u00e7\u00fcnk\u00fc o zamanki duygular\u0131m\u0131z\u0131 asla unutmak, onlar\u0131 beslemek ve her y\u0131l kalbimizde saklamak istiyoruz.<\/p>\n<p>Konserlerimizi sab\u0131rs\u0131zl\u0131kla bekleyen herkes i\u00e7in, bu konserlerde elimizden gelenin en iyisini yaparak \u015fark\u0131 s\u00f6ylemeye devam edece\u011fiz. Himawari Korosuna deste\u011finizin devam\u0131n\u0131 dileriz.<\/p>\n<p>Sadece bir duyurum var. Program\u0131n arkas\u0131nda da belirtti\u011fimiz gibi \u015fu anda \u00fcye al\u0131m\u0131 yap\u0131yoruz. Her per\u015fembe ak\u015fam\u0131 saat 19:00&#039;dan itibaren bu b\u00fcy\u00fck salonumuzda prova yap\u0131yoruz. Aral\u0131k ve Ocak aylar\u0131nda kapal\u0131 olaca\u011f\u0131z, ancak \u015eubat ay\u0131ndan itibaren faaliyetlerimize devam edece\u011fiz. \u00d6ncelikle gelip bizi prova ederken izlemenizi ve koro uyumunun verdi\u011fi keyfi ya\u015faman\u0131z\u0131 umuyoruz. Grubumuzun t\u00fcm \u00fcyeleri sizi g\u00f6rmek i\u00e7in sab\u0131rs\u0131zlan\u0131yor.<\/p>\n<p>Son olarak, bis \u00e7a\u011fr\u0131lar\u0131 ald\u0131\u011f\u0131m\u0131zdan, her zaman s\u00f6yledi\u011fimiz \u00f6nemli bir \u015fark\u0131 olan &quot;Country Roads&quot;u bug\u00fcn konuklar\u0131m\u0131zla \u00f6zel bir versiyonla \u00e7alaca\u011f\u0131z. Herkes l\u00fctfen \u015fark\u0131ya e\u015flik etsin. Ba\u015fkan Yard\u0131mc\u0131s\u0131 Kazuko Teragaki, &quot;Bug\u00fcn i\u00e7in \u00e7ok te\u015fekk\u00fcr ederim&quot; dedi.<\/p>\n<h2>Tekrar: K\u00f6y Yollar\u0131<br \/>\nUkulele Kul\u00fcb\u00fc ve Himawari Korosu ile ortak koro<\/h2>\n<figure class=\"wp-caption aligncenter\"><a href=\"https:\/\/photos.google.com\/share\/AF1QipO1_X4rbA1QVKIktSWOID1mTbWk9VAexWwR6wUjHKA5ZTI0PsOgk_Xq7d7dpBoWHw\/photo\/AF1QipNIE1zu01UaXSbUEgAeFn-XuNOOee1FkdGFeA0?key=RTJmUGRWX19LWXVWbzM4dFMzbWNXNWJmWWp3VHRB\" target=\"_blank\"><img decoding=\"async\" src=\"https:\/\/lh3.googleusercontent.com\/pw\/AP1GczP4alBs8sX7JPoHvuvOScALf05ARRaUgWnpH1W5AjwKKjMuyPgTdE4QQeiAQUpvjKJGbsjP8mwdanT9H9bFjd0WWvqJTcbOGGJR65HtROD0oXiIps-Rv3U_Awf2Vl0Wvc_b1L9AbZzVJOMWNd57kg_u=w2000-h1333-s-no-gm?authuser=0\" width=\"2000\" height=\"1333\" alt=\"Iwasaki Juku Ukulele Kul\u00fcb\u00fc ile birlikte &quot;Country Road&quot; adl\u0131 bis \u015fark\u0131s\u0131n\u0131 s\u00f6ylediler!\" class=\"size-full\" \/><\/a><figcaption class=\"wp-caption-text\">Iwasaki Juku Ukulele Kul\u00fcb\u00fc ile birlikte &quot;Country Road&quot; adl\u0131 bis \u015fark\u0131s\u0131n\u0131 s\u00f6ylediler!<\/figcaption><\/figure>\n<figure class=\"wp-caption aligncenter\"><a href=\"https:\/\/photos.google.com\/share\/AF1QipO1_X4rbA1QVKIktSWOID1mTbWk9VAexWwR6wUjHKA5ZTI0PsOgk_Xq7d7dpBoWHw\/photo\/AF1QipP0Pv7iVuANC95GjxK9wIag4MfQVPF_AzL04dw?key=RTJmUGRWX19LWXVWbzM4dFMzbWNXNWJmWWp3VHRB\" target=\"_blank\"><img decoding=\"async\" src=\"https:\/\/lh3.googleusercontent.com\/pw\/AP1GczNYW43b-xyir5a_j0sdWPIF_zfiQPZww2ysHzc1YV8sJPDepoZqfaML5_7Gt0LnvU9j1y5i5dOIUPd9EXJ_gQJTGHAuC6TXrPsAs3vdJgDMwzfE2aMPqlqxLK7dDxw94Pf6exBVl9RM6J_X3c7-2Kq_=w2000-h1333-s-no-gm?authuser=0\" width=\"2000\" height=\"1333\" alt=\"G\u00fcnl\u00fck pratik seanslar\u0131n\u0131n g\u00f6r\u00fcnt\u00fcleri slayt g\u00f6sterisi gibi ekrana yans\u0131t\u0131ld\u0131. . .\" class=\"size-full\" \/><\/a><figcaption class=\"wp-caption-text\">G\u00fcnl\u00fck pratik seanslar\u0131n\u0131n g\u00f6r\u00fcnt\u00fcleri slayt g\u00f6sterisi gibi ekrana yans\u0131t\u0131ld\u0131. . .<\/figcaption><\/figure>\n<p>G\u00fczel sesler ve armoniler yank\u0131lan\u0131nca mekan duygu dolu anlar ya\u015fad\u0131, izleyiciler sonsuz alk\u0131\u015flarla ve &quot;Bravo!!!&quot; tezah\u00fcratlar\u0131yla co\u015ftu.<\/p>\n<figure class=\"wp-caption aligncenter\"><a href=\"https:\/\/photos.google.com\/share\/AF1QipO1_X4rbA1QVKIktSWOID1mTbWk9VAexWwR6wUjHKA5ZTI0PsOgk_Xq7d7dpBoWHw\/photo\/AF1QipNBwK6G3YooWATLVxhXRpO2i_7BI4ApGEAmg6k?key=RTJmUGRWX19LWXVWbzM4dFMzbWNXNWJmWWp3VHRB\" target=\"_blank\"><img decoding=\"async\" src=\"https:\/\/lh3.googleusercontent.com\/pw\/AP1GczO4I2LsjGcgdNRHd8ImySVgcBNchFJgBcJAr_R7_IDfhW1rM6rWdDK-uttvZiypmRTOffDr2g6CTEtvPEG3AXggg7HW4wmfaxVmeDKRimBf4zs15ggfcWzcry8Ak2o1jA1h62eDaI0VYQpP0tWAjJMu=w2000-h1333-s-no-gm?authuser=0\" width=\"2000\" height=\"1333\" alt=\"&quot;Bravo!!!&quot; tezah\u00fcratlar\u0131yla b\u00fcy\u00fck bir duygu an\u0131 ya\u015fand\u0131. diye seslendi. . .\" class=\"size-full\" \/><\/a><figcaption class=\"wp-caption-text\">&quot;Bravo!!!&quot; tezah\u00fcratlar\u0131yla b\u00fcy\u00fck bir duygu an\u0131 ya\u015fand\u0131. diye seslendi. . .<\/figcaption><\/figure>\n<ul>\n<li><strong>Sunucu:<\/strong>Bug\u00fcn aram\u0131za kat\u0131ld\u0131\u011f\u0131n\u0131z i\u00e7in \u00e7ok te\u015fekk\u00fcr ederiz.<br \/>\nL\u00fctfen d\u00f6n\u00fc\u015f yolunda dikkatli olun ve hi\u00e7bir \u015feyi geride b\u0131rakmamaya dikkat edin.<br \/>\nHepinize sa\u011fl\u0131k ve mutluluklar dileyerek veda ediyorum. Bug\u00fcn i\u00e7in \u00e7ok te\u015fekk\u00fcr ederim.<br \/>\nDaha sonra Ay\u00e7i\u00e7e\u011fi Korosu \u00fcyeleri sizi u\u011furlayacak. L\u00fctfen zaman ay\u0131r\u0131n ve konaklaman\u0131z\u0131n tad\u0131n\u0131 \u00e7\u0131kar\u0131n.<\/li>\n<\/ul>\n<figure class=\"wp-caption aligncenter\"><a href=\"https:\/\/photos.google.com\/share\/AF1QipO1_X4rbA1QVKIktSWOID1mTbWk9VAexWwR6wUjHKA5ZTI0PsOgk_Xq7d7dpBoWHw\/photo\/AF1QipNjwRoBaMWIEfoEWc3OdZDexcO7LJ0sREvYBKw?key=RTJmUGRWX19LWXVWbzM4dFMzbWNXNWJmWWp3VHRB\" target=\"_blank\"><img decoding=\"async\" src=\"https:\/\/lh3.googleusercontent.com\/pw\/AP1GczPAfBRJMdKX1e8s8bJMo6mHcURIAZXJpV1LDadbZNBow8hNs69AlWy0dYFN-yglze1-qAiSdWmODRMHSnFqx6AUkfUrKvSdUXFpyE_RLYPXxLx2RMnhI3gCE9OWx1_nR9aNVe_nd_tSrc8WCrY98LyO=w2000-h1333-s-no-gm?authuser=0\" width=\"2000\" height=\"1333\" alt=\"Kat\u0131lan herkese en i\u00e7ten \u015f\u00fckranlar\u0131m\u0131z\u0131 sunmak isteriz! \u00e7ok te\u015fekk\u00fcr ederim! ! !\" class=\"size-full\" \/><\/a><figcaption class=\"wp-caption-text\">Kat\u0131lan herkese en i\u00e7ten \u015f\u00fckranlar\u0131m\u0131z\u0131 sunmak isteriz! \u00e7ok te\u015fekk\u00fcr ederim! ! !<\/figcaption><\/figure>\n<h2>Herkesi u\u011furlamak<\/h2>\n<figure class=\"wp-caption aligncenter\"><a href=\"https:\/\/photos.google.com\/share\/AF1QipO1_X4rbA1QVKIktSWOID1mTbWk9VAexWwR6wUjHKA5ZTI0PsOgk_Xq7d7dpBoWHw\/photo\/AF1QipPco5RQcKIxB4FkUzQ1r6RMR6t08FEgYVaDeio?key=RTJmUGRWX19LWXVWbzM4dFMzbWNXNWJmWWp3VHRB\" target=\"_blank\"><img decoding=\"async\" src=\"https:\/\/lh3.googleusercontent.com\/pw\/AP1GczND3Pz-sVGlRIXXKewH_EPfcMdPyC0ihU7NEU6rDL6YwQoxmuMcwW3lv-qTTTn83bJSZGJX1Owv59Ilk18cOYtg5tiNXymHZABRMUPMCdTGlyYA06GXSUVR9hS8VMIRz3yTBNYrAr1Xls2QdEd2oarK=w3292-h1852-s-no-gm?authuser=0\" width=\"2000\" height=\"1500\" alt=\"Herkesi u\u011furlamak\" class=\"size-full\" \/><\/a><figcaption class=\"wp-caption-text\">Herkesi u\u011furlamak<\/figcaption><\/figure>\n<p>Sonsuz sevgimiz, \u015f\u00fckranlar\u0131m\u0131z ve dualar\u0131m\u0131z, 35 y\u0131ld\u0131r sahne alan, de\u011ferli ruhlar\u0131n sesleriyle \u015fark\u0131 s\u00f6ylemeye ve ya\u015fam\u0131n k\u0131ymetini bilmeye devam eden harika kad\u0131n korosu &quot;Himawari Korosu&quot;na gidiyor. . .<\/p>\n<figure class=\"wp-caption aligncenter\"><a href=\"https:\/\/photos.google.com\/share\/AF1QipO1_X4rbA1QVKIktSWOID1mTbWk9VAexWwR6wUjHKA5ZTI0PsOgk_Xq7d7dpBoWHw\/photo\/AF1QipNysaqxOhWc2N8oUjD1fRvCrSd2Hvr7S8YxqS0?key=RTJmUGRWX19LWXVWbzM4dFMzbWNXNWJmWWp3VHRB\" target=\"_blank\"><img decoding=\"async\" src=\"https:\/\/lh3.googleusercontent.com\/pw\/AP1GczOqQzoD7cNY42420La83rA2tNvNQt98B2PSK7sAqyUDyPcJcIdN1dajBWwx8xdfBaws6mFkb6ttTv7O5-Qc6HWGqgs0wlTESeKp_W9wYWa__BAq8apotwYsbFhGE6wnn8aythjrgEz0_IGymi-uf1P9=w2000-h1500-s-no-gm?authuser=0\" width=\"2000\" height=\"1500\" alt=\"Bembeyaz karla kapl\u0131 parlak k\u0131rm\u0131z\u0131 bir \u00fcvez a\u011fac\u0131. . .\" class=\"size-full\" \/><\/a><figcaption class=\"wp-caption-text\">Bembeyaz karla kapl\u0131 parlak k\u0131rm\u0131z\u0131 bir \u00fcvez a\u011fac\u0131. . .<\/figcaption><\/figure>\n<h2>Youtube videolar\u0131<\/h2>\n<div class=\"youtube\"><iframe title=\"Ay\u00e7i\u00e7e\u011fi Korosu Anma Konseri B\u00f6l\u00fcm 10: De\u011ferli ruhlar\u0131n sesleriyle \u015fark\u0131 s\u00f6ylemeye ve hayat\u0131n k\u0131ymetini takdir etmeye devam eden Hokuryu Kasabas\u0131 Ay\u00e7i\u00e7e\u011fi Korosu&#039;na s\u0131n\u0131rs\u0131z sevgi, \u015f\u00fckran ve dualar\u0131m\u0131zla\" src=\"https:\/\/www.youtube.com\/embed\/_TGpK7_Eh0M?feature=oembed\" frameborder=\"0\" allow=\"accelerometer; autoplay; clipboard-write; encrypted-media; gyroscope; picture-in-picture; web-share\" referrerpolicy=\"strict-origin-when-cross-origin\" allowfullscreen><\/iframe><\/div>\n\n        <div class=\"site-blogcard-premium\">\n            <div class=\"bc-label-custom\">\u0130lgili makaleler<\/div>\n            <div class=\"bc-flex-container\">\n                <div class=\"bc-main-text\">\n                    <div class=\"bc-title-link-box\">\n                        <a href=\"https:\/\/portal.hokuryu.info\/tr\/53685\/\" target=\"_blank\">https:\/\/portal.hokuryu.info\/53685<\/a>\n                    <\/div>\n                    <div class=\"bc-excerpt-box\">Sayfa bilgileri al\u0131namad\u0131.<\/div>\n                <\/div>\n                <div class=\"bc-thumbnail-box\">\n                    <a href=\"https:\/\/portal.hokuryu.info\/tr\/53685\/\" target=\"_blank\">\n                        <div class=\"bc-img-zoom-wrap\">\n                            <img decoding=\"async\" src=\"https:\/\/portal.hokuryu.info\/wp\/wp-content\/uploads\/2026\/02\/20230802DSC06445_1.jpg\" alt=\"https:\/\/portal.hokuryu.info\/53685\">\n                        <\/div>\n                    <\/a>\n                <\/div>\n            <\/div>\n        <\/div>\n<h2>Di\u011fer foto\u011fraflar<\/h2>\n<div class=\"img-move\"><img decoding=\"async\" style=\"vertical-align: middle;\" src=\"https:\/\/ehokkaido.net\/wp-content\/uploads\/2021\/12\/2021-12-06-11.41.12.png\" \/> <a href=\"https:\/\/photos.app.goo.gl\/SkN4F84fqey4ifh4A\" target=\"_blank\" rel=\"noopener noreferrer\">Himawari Korosu Anma Konseri B\u00f6l\u00fcm 10&#039;dan foto\u011fraflar i\u00e7in buraya t\u0131klay\u0131n (255 foto\u011fraf) &gt;&gt;<\/a><\/div>\n<h2>\u0130lgili makaleler<\/h2>\n\n        <div class=\"site-blogcard-premium\">\n            <div class=\"bc-label-custom\">\u0130lgili makaleler<\/div>\n            <div class=\"bc-flex-container\">\n                <div class=\"bc-main-text\">\n                    <div class=\"bc-title-link-box\">\n                        <a href=\"https:\/\/portal.hokuryu.info\/tr\/53693\/\" target=\"_blank\">https:\/\/portal.hokuryu.info\/53693<\/a>\n                    <\/div>\n                    <div class=\"bc-excerpt-box\">Sayfa bilgileri al\u0131namad\u0131.<\/div>\n                <\/div>\n                <div class=\"bc-thumbnail-box\">\n                    <a href=\"https:\/\/portal.hokuryu.info\/tr\/53693\/\" target=\"_blank\">\n                        <div class=\"bc-img-zoom-wrap\">\n                            <img decoding=\"async\" src=\"https:\/\/portal.hokuryu.info\/wp\/wp-content\/uploads\/2026\/02\/20230802DSC06445_1.jpg\" alt=\"https:\/\/portal.hokuryu.info\/53693\">\n                        <\/div>\n                    <\/a>\n                <\/div>\n            <\/div>\n        <\/div>\n\n        <div class=\"site-blogcard-premium\">\n            <div class=\"bc-label-custom\">\u0130lgili makaleler<\/div>\n            <div class=\"bc-flex-container\">\n                <div class=\"bc-main-text\">\n                    <div class=\"bc-title-link-box\">\n                        <a href=\"https:\/\/portal.hokuryu.info\/tr\/53553\/\" target=\"_blank\">https:\/\/portal.hokuryu.info\/53553<\/a>\n                    <\/div>\n                    <div class=\"bc-excerpt-box\">Sayfa bilgileri al\u0131namad\u0131.<\/div>\n                <\/div>\n                <div class=\"bc-thumbnail-box\">\n                    <a href=\"https:\/\/portal.hokuryu.info\/tr\/53553\/\" target=\"_blank\">\n                        <div class=\"bc-img-zoom-wrap\">\n                            <img decoding=\"async\" src=\"https:\/\/portal.hokuryu.info\/wp\/wp-content\/uploads\/2026\/02\/20230802DSC06445_1.jpg\" alt=\"https:\/\/portal.hokuryu.info\/53553\">\n                        <\/div>\n                    <\/a>\n                <\/div>\n            <\/div>\n        <\/div>\n\u3000<br \/>\n\n        <div class=\"site-blogcard-premium\">\n            <div class=\"bc-label-custom\">\u0130lgili makaleler<\/div>\n            <div class=\"bc-flex-container\">\n                <div class=\"bc-main-text\">\n                    <div class=\"bc-title-link-box\">\n                        <a href=\"https:\/\/portal.hokuryu.info\/tr\/53566\/\" target=\"_blank\">https:\/\/portal.hokuryu.info\/53566<\/a>\n                    <\/div>\n                    <div class=\"bc-excerpt-box\">Sayfa bilgileri al\u0131namad\u0131.<\/div>\n                <\/div>\n                <div class=\"bc-thumbnail-box\">\n                    <a href=\"https:\/\/portal.hokuryu.info\/tr\/53566\/\" target=\"_blank\">\n                        <div class=\"bc-img-zoom-wrap\">\n                            <img decoding=\"async\" src=\"https:\/\/portal.hokuryu.info\/wp\/wp-content\/uploads\/2026\/02\/20230802DSC06445_1.jpg\" alt=\"https:\/\/portal.hokuryu.info\/53566\">\n                        <\/div>\n                    <\/a>\n                <\/div>\n            <\/div>\n        <\/div>\n\n        <div class=\"site-blogcard-premium\">\n            <div class=\"bc-label-custom\">\u0130lgili makaleler<\/div>\n            <div class=\"bc-flex-container\">\n                <div class=\"bc-main-text\">\n                    <div class=\"bc-title-link-box\">\n                        <a href=\"https:\/\/portal.hokuryu.info\/tr\/52324\/\" target=\"_blank\">https:\/\/portal.hokuryu.info\/52324<\/a>\n                    <\/div>\n                    <div class=\"bc-excerpt-box\">Sayfa bilgileri al\u0131namad\u0131.<\/div>\n                <\/div>\n                <div class=\"bc-thumbnail-box\">\n                    <a href=\"https:\/\/portal.hokuryu.info\/tr\/52324\/\" target=\"_blank\">\n                        <div class=\"bc-img-zoom-wrap\">\n                            <img decoding=\"async\" src=\"https:\/\/portal.hokuryu.info\/wp\/wp-content\/uploads\/2026\/02\/20230802DSC06445_1.jpg\" alt=\"https:\/\/portal.hokuryu.info\/52324\">\n                        <\/div>\n                    <\/a>\n                <\/div>\n            <\/div>\n        <\/div>\n\n        <div class=\"site-blogcard-premium\">\n            <div class=\"bc-label-custom\">\u0130lgili makaleler<\/div>\n            <div class=\"bc-flex-container\">\n                <div class=\"bc-main-text\">\n                    <div class=\"bc-title-link-box\">\n                        <a href=\"https:\/\/portal.hokuryu.info\/tr\/topics\/culture\/20181204.html\/\" target=\"_blank\">Ay\u00e7i\u00e7e\u011fi Korosu 30. Y\u0131l Anma Konseri B\u00f6l\u00fcm 7: Konuk olarak soprano Mie Kikuiri&#039;yi a\u011f\u0131rl\u0131yoruz - Hokuryu Town Portal (Hokkaido) - Japonya&#039;n\u0131n 1 Numaral\u0131 Ay\u00e7i\u00e7e\u011fi K\u00f6y\u00fc<\/a>\n                    <\/div>\n                    <div class=\"bc-excerpt-box\">1 Aral\u0131k Cumartesi g\u00fcn\u00fc saat 14:00&#039;te &quot;Himawari Korosu 30. Y\u0131l D\u00f6n\u00fcm\u00fc Anma Konseri B\u00f6l\u00fcm 7&quot; ba\u015flayacak...<\/div>\n                <\/div>\n                <div class=\"bc-thumbnail-box\">\n                    <a href=\"https:\/\/portal.hokuryu.info\/tr\/topics\/culture\/20181204.html\/\" target=\"_blank\">\n                        <div class=\"bc-img-zoom-wrap\">\n                            <img decoding=\"async\" src=\"https:\/\/lh3.googleusercontent.com\/77UD_EWgLp7IaXSaHHXJSUV65AOu14GpElEq2zmggCBCsDQDtSZr_JTmglmlCB0Vzj7rrF5W1uT1dCLu_XJ5grvPJ1rzCd8SJCMCSGrJqCxiPSeoXT1tKYhXjvBRp7HqNrcMg8zHqQgMZD5tzAOKJFXm93UDthyl3QqKysltHqjivwIRuzChJv0ZbdyZmweskatz4DCSAmtfDsDv0ZFtcJxpVueFErkKry6AolNw8CycnLNuvxY3jdFxOnfAbhhcSSEs_6oZulj0iP1K_KDMiZml-hYo4XCSaI8jfnug9pKukUzy3eKNNd_I07vcezDZq5Qu--bF5oefYa2tw41LiR-oXYMMITrbY84WIqWlnX00r99qslF1QIVdlc30gdb1-zwKyO_TZQHN5l7wW3KSRYnkFK4Qrlz7Bx9itd9h0EkfgE5MrlEie66RX__RHERomeuNAM2vsfiEgJlxLcXvNT_UYEqgud_LBJRhwgYAUx4Bj1BGtCKtB4EbyHwWVNYSEH7fF8KYMPJhxeZMMfGoTbsasQRy5uzlROFBOBgMsraSPglFlBmbUWFLSSytPLTczW7LKnlE0Kf7Je7rXe1_k1kEfdNuDeEvoxBE7g9VJqVKGEVxe-QBZK8Vj6NPcTF99RjDRBVSvizvwC-vmXkTGEZi7YoAnMkg0pKVLu3C-5opb0OPO2NTfHBM3daxkd_VSjnYqXwstxWCc9ZM5w=w1421-h947-no\" alt=\"Ay\u00e7i\u00e7e\u011fi Korosu 30. Y\u0131l Anma Konseri B\u00f6l\u00fcm 7: Konuk olarak soprano Mie Kikuiri&#039;yi a\u011f\u0131rl\u0131yoruz - Hokuryu Town Portal (Hokkaido) - Japonya&#039;n\u0131n 1 Numaral\u0131 Ay\u00e7i\u00e7e\u011fi K\u00f6y\u00fc\">\n                        <\/div>\n                    <\/a>\n                <\/div>\n            <\/div>\n        <\/div>\n\n        <div class=\"site-blogcard-premium\">\n            <div class=\"bc-label-custom\">\u0130lgili makaleler<\/div>\n            <div class=\"bc-flex-container\">\n                <div class=\"bc-main-text\">\n                    <div class=\"bc-title-link-box\">\n                        <a href=\"https:\/\/portal.hokuryu.info\/tr\/topics\/culture\/20131107.html\/\" target=\"_blank\">Hokuryu Kasabas\u0131 Ay\u00e7i\u00e7e\u011fi Korosu 25. Y\u0131l Konseri - Beethoven&#039;\u0131n Dokuzuncu Senfonisi &quot;Ne\u015feye \u00d6vg\u00fc&quot; yank\u0131lan\u0131yor - Hokuryu Kasabas\u0131 Portal\u0131 (Hokkaido) - Japonya&#039;n\u0131n 1 Numaral\u0131 Ay\u00e7i\u00e7e\u011fi K\u00f6y\u00fc<\/a>\n                    <\/div>\n                    <div class=\"bc-excerpt-box\">2.100 n\u00fcfuslu ve 401.300 ki\u015filik ya\u015flanma oran\u0131na sahip, canl\u0131 bir kasaban\u0131n &quot;bug\u00fcnk\u00fc&quot; halini sizlere sunuyoruz. Ay\u00e7i\u00e7ekleri gibi, aileler uyum i\u00e7inde ya\u015f\u0131yor...<\/div>\n                <\/div>\n                <div class=\"bc-thumbnail-box\">\n                    <a href=\"https:\/\/portal.hokuryu.info\/tr\/topics\/culture\/20131107.html\/\" target=\"_blank\">\n                        <div class=\"bc-img-zoom-wrap\">\n                            <img decoding=\"async\" src=\"https:\/\/lh4.googleusercontent.com\/-QcUkI0boftY\/Unn1HbZfeRI\/AAAAAAAA7PU\/p6wMl2Kcr4g\/w1306-h865-no\/K5+31279\" alt=\"Hokuryu Kasabas\u0131 Ay\u00e7i\u00e7e\u011fi Korosu 25. Y\u0131l Konseri - Beethoven&#039;\u0131n Dokuzuncu Senfonisi &quot;Ne\u015feye \u00d6vg\u00fc&quot; yank\u0131lan\u0131yor - Hokuryu Kasabas\u0131 Portal\u0131 (Hokkaido) - Japonya&#039;n\u0131n 1 Numaral\u0131 Ay\u00e7i\u00e7e\u011fi K\u00f6y\u00fc\">\n                        <\/div>\n                    <\/a>\n                <\/div>\n            <\/div>\n        <\/div>\n\n        <div class=\"site-blogcard-premium\">\n            <div class=\"bc-label-custom\">\u0130lgili makaleler<\/div>\n            <div class=\"bc-flex-container\">\n                <div class=\"bc-main-text\">\n                    <div class=\"bc-title-link-box\">\n                        <a href=\"https:\/\/portal.hokuryu.info\/tr\/topics\/culture\/20121206.html\/\" target=\"_blank\">Hokuryu Kasabas\u0131 120. Y\u0131l Anma Konseri B\u00f6l\u00fcm 2 - Ay\u00e7i\u00e7e\u011fi Korosu&#039;nun sesleri yank\u0131lan\u0131yor - Hokuryu Kasabas\u0131 Portal\u0131 (Hokkaido) - Japonya&#039;n\u0131n 1 Numaral\u0131 Ay\u00e7i\u00e7e\u011fi K\u00f6y\u00fc<\/a>\n                    <\/div>\n                    <div class=\"bc-excerpt-box\">Nefes kesen bir Japon manzaras\u0131: Hokkaido&#039;nun Hokuryu kasabas\u0131ndaki &quot;Ay\u00e7i\u00e7e\u011fi K\u00f6y\u00fc&quot;. Hokkaido&#039;da pop\u00fcler bir turistik yer. L\u00fctfen en az bir kez ziyaret edin. (Pirin\u00e7 Sommelier&#039;i...).<\/div>\n                <\/div>\n                <div class=\"bc-thumbnail-box\">\n                    <a href=\"https:\/\/portal.hokuryu.info\/tr\/topics\/culture\/20121206.html\/\" target=\"_blank\">\n                        <div class=\"bc-img-zoom-wrap\">\n                            <img decoding=\"async\" src=\"https:\/\/lh6.googleusercontent.com\/-eQaHDfgQFxI\/ULyMl1DuJGI\/AAAAAAAAh5g\/W7ksdN7_Tbs\/s800\/IMGP6152.JPG\" alt=\"Hokuryu Kasabas\u0131 120. Y\u0131l Anma Konseri B\u00f6l\u00fcm 2 - Ay\u00e7i\u00e7e\u011fi Korosu&#039;nun sesleri yank\u0131lan\u0131yor - Hokuryu Kasabas\u0131 Portal\u0131 (Hokkaido) - Japonya&#039;n\u0131n 1 Numaral\u0131 Ay\u00e7i\u00e7e\u011fi K\u00f6y\u00fc\">\n                        <\/div>\n                    <\/a>\n                <\/div>\n            <\/div>\n        <\/div>\n\n        <div class=\"site-blogcard-premium\">\n            <div class=\"bc-label-custom\">\u0130lgili makaleler<\/div>\n            <div class=\"bc-flex-container\">\n                <div class=\"bc-main-text\">\n                    <div class=\"bc-title-link-box\">\n                        <a href=\"https:\/\/portal.hokuryu.info\/tr\/topics\/culture\/20120331.html\/\" target=\"_blank\">Ay\u00e7i\u00e7e\u011fi Korosu (Hokuryu Kasabas\u0131) 2011&#039;de Kitashin Memleket Tan\u0131t\u0131m Fonu Kitashin K\u00fclt\u00fcr \u00d6d\u00fcl\u00fc&#039;n\u00fc ald\u0131 - Hokuryu Kasabas\u0131 Portal\u0131 (Hokkaido) - Japonya&#039;n\u0131n 1 Numaral\u0131 Ay\u00e7i\u00e7e\u011fi K\u00f6y\u00fc<\/a>\n                    <\/div>\n                    <div class=\"bc-excerpt-box\">Nefes kesen bir Japon manzaras\u0131: Hokkaido&#039;nun Hokuryu kasabas\u0131ndaki &quot;Ay\u00e7i\u00e7e\u011fi K\u00f6y\u00fc&quot;. Hokkaido&#039;da pop\u00fcler bir turistik yer. L\u00fctfen en az bir kez ziyaret edin. (Pirin\u00e7 Sommelier&#039;i...).<\/div>\n                <\/div>\n                <div class=\"bc-thumbnail-box\">\n                    <a href=\"https:\/\/portal.hokuryu.info\/tr\/topics\/culture\/20120331.html\/\" target=\"_blank\">\n                        <div class=\"bc-img-zoom-wrap\">\n                            <img decoding=\"async\" src=\"https:\/\/lh3.googleusercontent.com\/-BGGTAZw4p0Y\/T3UkvkyX88I\/AAAAAAAARgY\/2zZ8864AxSc\/s720\/_IGP0949.JPG\" alt=\"Ay\u00e7i\u00e7e\u011fi Korosu (Hokuryu Kasabas\u0131) 2011&#039;de Kitashin Memleket Tan\u0131t\u0131m Fonu Kitashin K\u00fclt\u00fcr \u00d6d\u00fcl\u00fc&#039;n\u00fc ald\u0131 - Hokuryu Kasabas\u0131 Portal\u0131 (Hokkaido) - Japonya&#039;n\u0131n 1 Numaral\u0131 Ay\u00e7i\u00e7e\u011fi K\u00f6y\u00fc\">\n                        <\/div>\n                    <\/a>\n                <\/div>\n            <\/div>\n        <\/div>\n\n        <div class=\"site-blogcard-premium\">\n            <div class=\"bc-label-custom\">\u0130lgili makaleler<\/div>\n            <div class=\"bc-flex-container\">\n                <div class=\"bc-main-text\">\n                    <div class=\"bc-title-link-box\">\n                        <a href=\"https:\/\/portal.hokuryu.info\/tr\/topics\/culture\/20110625.html\/\" target=\"_blank\">32. Kita Sorachi Koro Grubu Ortak Konseri (Hokuryu Kasabas\u0131) d\u00fczenlendi - Hokuryu Kasabas\u0131 Portal\u0131 (Hokkaido) Japonya&#039;n\u0131n 1 Numaral\u0131 Ay\u00e7i\u00e7e\u011fi K\u00f6y\u00fc<\/a>\n                    <\/div>\n                    <div class=\"bc-excerpt-box\">Nefes kesen bir Japon manzaras\u0131: Hokkaido&#039;nun Hokuryu kasabas\u0131ndaki &quot;Ay\u00e7i\u00e7e\u011fi K\u00f6y\u00fc&quot;. Hokkaido&#039;da pop\u00fcler bir turistik yer. L\u00fctfen en az bir kez ziyaret edin. (Pirin\u00e7 Sommelier&#039;i...).<\/div>\n                <\/div>\n                <div class=\"bc-thumbnail-box\">\n                    <a href=\"https:\/\/portal.hokuryu.info\/tr\/topics\/culture\/20110625.html\/\" target=\"_blank\">\n                        <div class=\"bc-img-zoom-wrap\">\n                            <img decoding=\"async\" src=\"https:\/\/lh3.googleusercontent.com\/-7W49VjfKSuk\/TgXByl9PIMI\/AAAAAAAADPQ\/ANibVYLUY8Y\/s400\/_IGP5839.JPG\" alt=\"32. Kita Sorachi Koro Grubu Ortak Konseri (Hokuryu Kasabas\u0131) d\u00fczenlendi - Hokuryu Kasabas\u0131 Portal\u0131 (Hokkaido) Japonya&#039;n\u0131n 1 Numaral\u0131 Ay\u00e7i\u00e7e\u011fi K\u00f6y\u00fc\">\n                        <\/div>\n                    <\/a>\n                <\/div>\n            <\/div>\n        <\/div>\n<p>\u25c7 R\u00f6portaj ve metin: Ikuko Terauchi (foto\u011fraf\u00e7\u0131l\u0131k ve d\u00fczenleme asistan\u0131: Noboru Terauchi)<\/p>","protected":false},"excerpt":{"rendered":"<p>\uff12\uff10\uff12\uff14\u5e74\uff11\uff12\u6708\uff13\u65e5\uff08\u6708\uff09 \uff11\uff11\u6708\uff13\uff10\u65e5\uff08\u571f\uff09\uff11\uff14\u6642\u3001\u300c\u3072\u307e\u308f\u308a\u30b3\u30fc\u30e9\u30b9\u30e1\u30e2\u30ea\u30a2\u30eb\u30b3\u30f3\u30b5\u30fc\u30c8 Part10\u300d\u304c\u3001\u5317\u7adc\u753a\u516c\u6c11\u9928\u5927\u30db\u30fc\u30eb\u306b\u3066\u958b\u50ac\u3055\u308c\u307e\u3057\u305f\u3002 \u304a\u3088\u305d\uff11\uff10\uff10\u4eba\u306e\u8074\u8846\u304c\u99c6\u3051\u3064\u3051\u308b\u4e2d\u3001\u4f1a\u5834\u306b\u306f\u7d20 [&hellip;]<\/p>\n","protected":false},"author":1,"featured_media":53518,"comment_status":"open","ping_status":"open","sticky":false,"template":"","format":"standard","meta":{"footnotes":""},"categories":[4,11],"tags":[],"class_list":["post-53515","post","type-post","status-publish","format-standard","has-post-thumbnail","hentry","category-cover-story","category-himawari-chorus"],"_links":{"self":[{"href":"https:\/\/portal.hokuryu.info\/tr\/wp-json\/wp\/v2\/posts\/53515","targetHints":{"allow":["GET"]}}],"collection":[{"href":"https:\/\/portal.hokuryu.info\/tr\/wp-json\/wp\/v2\/posts"}],"about":[{"href":"https:\/\/portal.hokuryu.info\/tr\/wp-json\/wp\/v2\/types\/post"}],"author":[{"embeddable":true,"href":"https:\/\/portal.hokuryu.info\/tr\/wp-json\/wp\/v2\/users\/1"}],"replies":[{"embeddable":true,"href":"https:\/\/portal.hokuryu.info\/tr\/wp-json\/wp\/v2\/comments?post=53515"}],"version-history":[{"count":0,"href":"https:\/\/portal.hokuryu.info\/tr\/wp-json\/wp\/v2\/posts\/53515\/revisions"}],"wp:featuredmedia":[{"embeddable":true,"href":"https:\/\/portal.hokuryu.info\/tr\/wp-json\/wp\/v2\/media\/53518"}],"wp:attachment":[{"href":"https:\/\/portal.hokuryu.info\/tr\/wp-json\/wp\/v2\/media?parent=53515"}],"wp:term":[{"taxonomy":"category","embeddable":true,"href":"https:\/\/portal.hokuryu.info\/tr\/wp-json\/wp\/v2\/categories?post=53515"},{"taxonomy":"post_tag","embeddable":true,"href":"https:\/\/portal.hokuryu.info\/tr\/wp-json\/wp\/v2\/tags?post=53515"}],"curies":[{"name":"wp","href":"https:\/\/api.w.org\/{rel}","templated":true}]}}