{"id":53243,"date":"2024-11-21T09:36:43","date_gmt":"2024-11-21T00:36:43","guid":{"rendered":"https:\/\/portal.hokuryu.info\/?p=53243"},"modified":"2024-11-24T13:48:14","modified_gmt":"2024-11-24T04:48:14","slug":"hokuryu-kasabasi-mibaushi-ilkokulu-ve-mibaushi-ortaokulunun-40-mezuniyet-sinifi","status":"publish","type":"post","link":"https:\/\/portal.hokuryu.info\/tr\/53243\/","title":{"rendered":"Hokuryu Kasabas\u0131 Mihoushi \u0130lkokulu&#039;nun 40. mezunlar\u0131 ve Mihoushi Ortaokulu&#039;nun 9. mezunlar\u0131. De\u011ferli uyum ruhu nesilden nesile aktar\u0131l\u0131yor."},"content":{"rendered":"<p>Per\u015fembe, 21 Kas\u0131m 2024<\/p>\n<p>Hokuryu Kasabas\u0131 Mihoushi \u0130lkokulu&#039;nun 40. mezun s\u0131n\u0131f\u0131 ve Mihoushi Ortaokulu&#039;nun 9. mezun s\u0131n\u0131f\u0131 i\u00e7in iki g\u00fcnl\u00fck, bir gecelik s\u0131n\u0131f bulu\u015fmas\u0131 17 Kas\u0131m Pazar g\u00fcn\u00fcnden 18 Kas\u0131m Pazartesi g\u00fcn\u00fcne kadar Hokuryu Kasabas\u0131&#039;nda ger\u00e7ekle\u015ftirildi.<\/p>\n<h2>Dokuz y\u0131l aradan sonra ilk kez Hokuryu kasabas\u0131nda d\u00fczenlendi<\/h2>\n<figure class=\"wp-caption aligncenter\"><a href=\"https:\/\/photos.google.com\/share\/AF1QipNuHhCDP60CvBRrSWMIvkfb-hJbOEprAgpXW8V0Ovg6PeT7nUxObV7L6oRPM8kq-g\/photo\/AF1QipN1vgmozQIWpOV-0vkPMRrC-QlV0h3EuGyj4Sw?key=TzVLMFJHRnd0Y19feGc2QURHV0dYR0xrVkE2N0Nn\" target=\"_blank\"><img decoding=\"async\" src=\"https:\/\/lh3.googleusercontent.com\/pw\/AP1GczPIQtZBmOM9BFi7BAkeZibGQRcAMsBMyKGYoMflIwQWzzVc9BdpnWiCEnIFv-k0J18LTeL3yMqIlwV1gi5qCZmik80uVf1EJlKW020Oegvp_QZgHXMs2pebB09MEh5NPmWLEMBx1Nn_peTXg6ZQxhFJ=w2000-h1500-s-no-gm?authuser=0\" width=\"2000\" height=\"1500\" alt=\"Ay\u00e7i\u00e7e\u011fi Park Hokuryu Onsen&#039;de\" class=\"size-full\" \/><\/a><figcaption class=\"wp-caption-text\">Ay\u00e7i\u00e7e\u011fi Park Hokuryu Onsen&#039;de<\/figcaption><\/figure>\n<p>1960 y\u0131l\u0131nda Mibaushi Ortaokulu&#039;ndan 14 \u00f6\u011frenci mezun oldu. Hepsi 1944 do\u011fumluydu ve \u015fu an 80 ya\u015f\u0131ndalar.<\/p>\n<p>Ortaokuldan mezun olmam\u0131z\u0131n \u00fczerinden 64 y\u0131l ge\u00e7ti ve bu bizim 17. s\u0131n\u0131f bulu\u015fmam\u0131zd\u0131. \u015eu anda s\u0131n\u0131f arkada\u015flar\u0131m\u0131z Sapporo&#039;da (5 ki\u015fi), Numata&#039;da (2 ki\u015fi), Hokuryu&#039;da (1 ki\u015fi), Yokohama&#039;da (1 ki\u015fi) vb. ya\u015f\u0131yorlar (4 ki\u015fi vefat etti ve 1 ki\u015finin ileti\u015fim bilgileri bilinmiyor.)<\/p>\n<figure class=\"wp-caption aligncenter\"><a href=\"https:\/\/photos.google.com\/share\/AF1QipNuHhCDP60CvBRrSWMIvkfb-hJbOEprAgpXW8V0Ovg6PeT7nUxObV7L6oRPM8kq-g\/photo\/AF1QipPAqnmt1phncPAMs4Tip7bLoPYvzsP4zxaTNCM?key=TzVLMFJHRnd0Y19feGc2QURHV0dYR0xrVkE2N0Nn\" target=\"_blank\"><img decoding=\"async\" src=\"https:\/\/lh3.googleusercontent.com\/pw\/AP1GczNrD6DvL5CWvBd34ydhzfWGoyPrYzZ5HursfhNR5HlJRGo0x61iUpCUI3qKHczgqBbc0WvYFcOx7uUKFMQTE2gvCSRsIkzKtjRB8CJ2qITqbjB7wLDvc-Rw5Ni83R1pRsohq6X2Mzz5Ff46xSlaiM61=w2000-h1333-s-no-gm?authuser=0\" width=\"2000\" height=\"1333\" alt=\"Hokuryu Kasabas\u0131 Mihoushi \u0130lkokulu&#039;nun 40. mezun s\u0131n\u0131f\u0131 ve Mihoushi Ortaokulu&#039;nun 9. mezun s\u0131n\u0131f\u0131 i\u00e7in s\u0131n\u0131f bulu\u015fmas\u0131\" class=\"size-full\" \/><\/a><figcaption class=\"wp-caption-text\">Hokuryu Kasabas\u0131 Mihoushi \u0130lkokulu&#039;nun 40. mezun s\u0131n\u0131f\u0131 ve Mihoushi Ortaokulu&#039;nun 9. mezun s\u0131n\u0131f\u0131 i\u00e7in s\u0131n\u0131f bulu\u015fmas\u0131<\/figcaption><\/figure>\n<p>Mezuniyetten sonraki ilk be\u015f y\u0131l, y\u0131lda iki kez d\u00f6n\u00fc\u015f\u00fcml\u00fc olarak \u00fcyelerin evlerinde bulu\u015fmalar d\u00fczenleniyordu; ancak 1972&#039;den bu yana yakla\u015f\u0131k be\u015f y\u0131lda bir Sapporo veya Numata kasabas\u0131nda bulu\u015fmalar d\u00fczenlenmeye ba\u015fland\u0131.<\/p>\n<p>Bu etkinlik, 2015 y\u0131l\u0131ndan bu yana (Heisei 27) dokuz y\u0131l aradan sonra memleketi Hokuryu Kasabas\u0131&#039;nda ilk kez d\u00fczenlenecek.<\/p>\n<p>Sapporo sakini Yoichi Fujita&#039;n\u0131n daveti \u00fczerine, Kitary\u016b kasabas\u0131nda ya\u015fayan tek ki\u015fi olan Katsuhiro Nagai bu etkinli\u011fin organizat\u00f6r\u00fc olarak g\u00f6rev ald\u0131.<\/p>\n<h2>Mibaushi \u0130lkokulu ve Ortaokulu<\/h2>\n<ul>\n<li>1903 (Meiji 36): Kabata Ichitaro ve Hosokawa Ichitaro taraf\u0131ndan \u00f6zel bir e\u011fitim kurumu olarak kuruldu<\/li>\n<li>1904 (Meiji 37): Oku-Mihaushi Kamusal Basit E\u011fitim Okulu olarak kuruldu (14 \u00f6\u011frenci)<\/li>\n<li>1919 (Taisho 8): Mibaushi \u0130lkokulu&#039;nun ad\u0131 de\u011fi\u015ftirildi (112 \u00f6\u011frenci)<\/li>\n<li>1947: Okulun ad\u0131 Hokuryu K\u00f6y\u00fc Mihoushi \u0130lkokulu olarak de\u011fi\u015ftirildi.<\/li>\n<li>1951: Mibaushi \u0130lkokulu ve Ortaokulu kuruldu (birden fazla s\u0131n\u0131fl\u0131)<\/li>\n<li>1982: Kapal\u0131<\/li>\n<li>\u0130lkokul ve ortaokul ayn\u0131 binadad\u0131r. Hem ilkokul hem de ortaokulda \u00e7ok s\u0131n\u0131fl\u0131 s\u0131n\u0131flar vard\u0131r. \u0130lkokulda, alt s\u0131n\u0131flar ve \u00fcst s\u0131n\u0131flar kendi s\u0131n\u0131flar\u0131na ayr\u0131lm\u0131\u015ft\u0131r. Ortaokulda, 1. s\u0131n\u0131ftan 3. s\u0131n\u0131fa kadar \u00f6\u011frenciler ayn\u0131 s\u0131n\u0131fta birlikte e\u011fitim g\u00f6rm\u00fc\u015ft\u00fcr.<\/li>\n<li>Okul, a\u00e7\u0131ld\u0131\u011f\u0131 g\u00fcnden bu yana 77 y\u0131lda 888 ilkokul mezunu, 31 y\u0131lda ise 423 ortaokul mezunu verdi.<\/li>\n<li>Okul 1982 y\u0131l\u0131nda kapanm\u0131\u015f, son mezunlar ilkokuldan d\u00f6rt, ortaokuldan ise bir \u00f6\u011frenci olmu\u015ftur.<\/li>\n<\/ul>\n<figure class=\"wp-caption aligncenter\"><a href=\"https:\/\/photos.google.com\/share\/AF1QipNuHhCDP60CvBRrSWMIvkfb-hJbOEprAgpXW8V0Ovg6PeT7nUxObV7L6oRPM8kq-g\/photo\/AF1QipP61U7NvMkESlTNc6dNreHGscV3zsLkzDIQWHk?key=TzVLMFJHRnd0Y19feGc2QURHV0dYR0xrVkE2N0Nn\" target=\"_blank\"><img decoding=\"async\" src=\"https:\/\/lh3.googleusercontent.com\/pw\/AP1GczMww_ZOEBhGFOIknWewyV_KMRUUmfPK6p2zHpY42BwHuZJZQfL8-sDMJrGots5TtOxbD-Dm2QOU_k5X1lkXgsKdqMb-qvBAIMzzt4dNTilTY3KvyCB_RC88f1FTfXAwXvOwiKsxkiKh0MBWelIiP0TM=w2326-h1646-s-no-gm?authuser=0\" width=\"2000\" height=\"1446\" alt=\"Mibaushi Ortaokulu 9. Mezuniyet Kutlamas\u0131\" class=\"size-full\" \/><\/a><figcaption class=\"wp-caption-text\">Mibaushi Ortaokulu 9. Mezuniyet Kutlamas\u0131<\/figcaption><\/figure>\n<h2>Hokuryu Kasabas\u0131&#039;n\u0131n cazibesini deneyimlemek i\u00e7in bir g\u00f6sterim etkinli\u011fi<\/h2>\n<p>Toplant\u0131, saat 16:00 civar\u0131nda Sunflower Park Hokuryu Onsen&#039;de topland\u0131. Sunflower Park Hokuryu Onsen&#039;in \u00e7ok ama\u00e7l\u0131 salonunda (2. kat), memleketimiz Hokuryu Kasabas\u0131&#039;n\u0131n mevcut durumu hakk\u0131nda Hokuryu Kasabas\u0131 Portal\u0131&#039;ndan bir YouTube videosu izledik. Hokuryu Kasabas\u0131 Portal\u0131&#039;n\u0131n operat\u00f6r\u00fc Noboru Terauchi bir yorum yapt\u0131.<\/p>\n<figure class=\"wp-caption aligncenter\"><a href=\"https:\/\/photos.google.com\/share\/AF1QipNuHhCDP60CvBRrSWMIvkfb-hJbOEprAgpXW8V0Ovg6PeT7nUxObV7L6oRPM8kq-g\/photo\/AF1QipMot6-NQCaE8Q2pEEOIMkCqm9yHOQ1dRsRqlHA?key=TzVLMFJHRnd0Y19feGc2QURHV0dYR0xrVkE2N0Nn\" target=\"_blank\"><img decoding=\"async\" src=\"https:\/\/lh3.googleusercontent.com\/pw\/AP1GczMub8iXXhbxEUqdI1g47UdwGonE8zaZ0p7D2THsdIrgiIvNWd-d9WN-egitImh_Q19icCPBbv_OzFaKAw6JficQOZataJIku52VYly_H5QU8B_eofoYovqmQeTq1Jj7MwfQcxS9Z92QOm3VQrixoQfi=w2000-h1500-s-no-gm?authuser=0\" width=\"2000\" height=\"1500\" alt=\"Hokuryu Kasabas\u0131 Portal\u0131 Youtube Video G\u00f6sterimi\" class=\"size-full\" \/><\/a><figcaption class=\"wp-caption-text\">Hokuryu Kasabas\u0131 Portal\u0131 Youtube Video G\u00f6sterimi<\/figcaption><\/figure>\n<figure class=\"wp-caption aligncenter\"><a href=\"https:\/\/photos.google.com\/share\/AF1QipNuHhCDP60CvBRrSWMIvkfb-hJbOEprAgpXW8V0Ovg6PeT7nUxObV7L6oRPM8kq-g\/photo\/AF1QipOsY58AdFHlXgc6sy-4eNSlhLDV-tjZXfmQlQs?key=TzVLMFJHRnd0Y19feGc2QURHV0dYR0xrVkE2N0Nn\" target=\"_blank\"><img decoding=\"async\" src=\"https:\/\/lh3.googleusercontent.com\/pw\/AP1GczNDkN9B83rKCs04vcM6eQ9HIAciQ3K_14DK4nF4RL9rf0Do37lwRirrf0oAVgAsmq_YU3rTbMON99hz1FaNXMdYaYBga_3pD7PQqMY0OxVHLXYolbJZjd23rmzXfEnmxVe-IndQ6UzcDSw6C3XWn986=w2000-h1500-s-no-gm?authuser=0\" width=\"2000\" height=\"1500\" alt=\"Hokuryu Kasabas\u0131 Portal\u0131 Youtube Video G\u00f6sterimi\" class=\"size-full\" \/><\/a><figcaption class=\"wp-caption-text\">Hokuryu Kasabas\u0131 Portal\u0131 Youtube Video G\u00f6sterimi<\/figcaption><\/figure>\n<h2>Sosyal toplant\u0131<\/h2>\n<p>Daha sonra saat 18.00 civar\u0131nda ziyafet salonuna ge\u00e7tik, burada lezzetli yemeklerin ve bitmeyen nostaljik sohbetlerin tad\u0131n\u0131 \u00e7\u0131kard\u0131k.<\/p>\n<figure class=\"wp-caption aligncenter\"><a href=\"https:\/\/photos.google.com\/share\/AF1QipNuHhCDP60CvBRrSWMIvkfb-hJbOEprAgpXW8V0Ovg6PeT7nUxObV7L6oRPM8kq-g\/photo\/AF1QipMaWBCYXJXVa_-V6KGYcIdQSgxGWmVt2XS3Yes?key=TzVLMFJHRnd0Y19feGc2QURHV0dYR0xrVkE2N0Nn\" target=\"_blank\"><img decoding=\"async\" src=\"https:\/\/lh3.googleusercontent.com\/pw\/AP1GczOLhrxiV_CIb8B8OfL5jqPneEACQpuHmfqPPZq_0W2rRbKnSHLAb9z6_p4hQZtoWZuariU7nI0o7rqpKdVRZZDUH74nkXpsL3UCVBtCXSTgYwMwsFwlcOgtviQkm7scZiBt5etJDdxYR3XCLUjZiS9l=w2000-h1500-s-no-gm?authuser=0\" width=\"2000\" height=\"1500\" alt=\"Sosyal toplant\u0131\" class=\"size-full\" \/><\/a><figcaption class=\"wp-caption-text\">Sosyal toplant\u0131<\/figcaption><\/figure>\n<h3>Durum raporu<\/h3>\n<h4>Bay Masahiro Nagai<\/h4>\n<figure class=\"wp-caption aligncenter\"><a href=\"https:\/\/photos.google.com\/share\/AF1QipNuHhCDP60CvBRrSWMIvkfb-hJbOEprAgpXW8V0Ovg6PeT7nUxObV7L6oRPM8kq-g\/photo\/AF1QipOh7lqrmtLI0TcpwOFTfXpxTFR4nBuzSJrWgWo?key=TzVLMFJHRnd0Y19feGc2QURHV0dYR0xrVkE2N0Nn\" target=\"_blank\"><img decoding=\"async\" src=\"https:\/\/lh3.googleusercontent.com\/pw\/AP1GczNvUWyATaYbhqc05Mj57VEx2AtaRg3MUNQMV9Q5x6IS8S7sfq3wmO2U7wVrcI6n9EkJ3T3km24NOV_arABxU7iaF62MYbZbzOaYbmD0ilPCF3WlsGBhL-XqnH7dzIvG7I5O3L5UAmQS1QaQBefKtbAc=w2000-h1333-s-no-gm?authuser=0\" width=\"2000\" height=\"1500\" alt=\"Bay Masahiro Nagai\" class=\"size-full\" \/><\/a><figcaption class=\"wp-caption-text\">Bay Masahiro Nagai<\/figcaption><\/figure>\n<p>&quot;Fujita benimle ileti\u015fime ge\u00e7ti \u00e7\u00fcnk\u00fc bulu\u015fmay\u0131 memleketi Hokuryu&#039;da yapmak istiyordu. Mart ay\u0131nda Rumoi Hatt\u0131 kapal\u0131yken bizi ziyarete geldi ve bulu\u015fmay\u0131 Hokuryu&#039;da yapmam\u0131z\u0131n zaman\u0131n\u0131n geldi\u011fini d\u00fc\u015f\u00fcnd\u00fcm. Ancak daha sonra \u00e7e\u015fitli nedenlerden dolay\u0131 kendini iyi hissetmemeye ba\u015flad\u0131 ve iki kez hastaneye kald\u0131r\u0131ld\u0131, bu y\u00fczden bulu\u015fmay\u0131 Hokuryu&#039;da yapman\u0131n m\u00fcmk\u00fcn olmayabilece\u011fini d\u00fc\u015f\u00fcnd\u00fcm.<\/p>\n<p>Ge\u00e7ti\u011fimiz sonbaharda, Fujita-san Hokuryu&#039;ya geldi\u011finde bastonla y\u00fcr\u00fcyordum. Bu y\u0131l, ba\u015fka bir hastal\u0131k te\u015fhisi kondu ve tekerlekli sandalyedeydim. Kalp, y\u00fcksek tansiyon, kans\u0131zl\u0131k ve b\u00f6brek sorunlar\u0131 gibi \u00e7e\u015fitli sorunlar\u0131n birle\u015fimi nedeniyle ameliyat olamad\u0131m. \u015eu anda, bir\u00e7ok ila\u00e7 alman\u0131n yan\u0131 s\u0131ra dizlerime kendime enjeksiyon yaparak ayakta durabiliyor ve y\u00fcr\u00fcyebiliyorum.<\/p>\n<p>Bay Fujita&#039;dan bir telefon ald\u0131ktan sonra, tarih ve saati ayarlamay\u0131 ba\u015fard\u0131k ve sonunda bu g\u00fcn memleketim Hokuryu Kasabas\u0131&#039;nda bulu\u015fmay\u0131 ba\u015fard\u0131k. K\u00f6t\u00fc hava ko\u015fullar\u0131na ra\u011fmen bize kat\u0131lmaya gelen herkese \u00e7ok te\u015fekk\u00fcr ederim.<\/p>\n<p>Son bulu\u015fma 2018 y\u0131l\u0131nda (Heisei 30) Numata Horoshin&#039;deki Hotarukan&#039;da yap\u0131lm\u0131\u015ft\u0131, ancak bu bulu\u015fma 2015 y\u0131l\u0131ndan bu yana (Heisei 27) dokuz y\u0131l aradan sonra Hokuryu Kasabas\u0131&#039;nda ilk kez ger\u00e7ekle\u015fecek.<\/p>\n<p>Hepiniz 1944&#039;te do\u011fdunuz (Showa 19) ve bu y\u0131l 80 ya\u015f\u0131na gireceksiniz. Tebrikler!<\/p>\n<p>Herkesin sa\u011fl\u0131kl\u0131 olmas\u0131na ve bu g\u00fcne ula\u015fabilmemize sevindim. Ger\u00e7ekten harika!&quot;<\/p>\n<p>(Herkes bizden ya\u015f\u0131m\u0131z hakk\u0131nda konu\u015fmamam\u0131z\u0131 istedi!)<\/p>\n<p>&quot;Bu etkinli\u011fi her zaman canland\u0131ran Bay Fujita Yoichi&#039;yi tan\u0131tmak istiyorum. Ayr\u0131ca, aram\u0131zdan ayr\u0131lan d\u00f6rt \u00fcyenin ruhlar\u0131 i\u00e7in dua etmek \u00fczere bir dakikal\u0131k sayg\u0131 duru\u015funda bulunmak istiyorum,&quot; dedi Nagai.<\/p>\n<h4>Yoichi Fujita<\/h4>\n<figure class=\"wp-caption aligncenter\"><a href=\"https:\/\/photos.google.com\/share\/AF1QipNuHhCDP60CvBRrSWMIvkfb-hJbOEprAgpXW8V0Ovg6PeT7nUxObV7L6oRPM8kq-g\/photo\/AF1QipMMaPc5eeN9ME2X-Brb4lPf1ZftQZufe5WIneQ?key=TzVLMFJHRnd0Y19feGc2QURHV0dYR0xrVkE2N0Nn\" target=\"_blank\"><img decoding=\"async\" src=\"https:\/\/lh3.googleusercontent.com\/pw\/AP1GczN5v8ouit1NCwq-x4bHRzZ-_lgrcrbK6_IdV6QocHdYTj4H_lo9lbqZQMfGwJM8KeDcR3AIwGt7N4W2G0OldCpfdgcCC7hXBcs5vHqq_z1g1EC61HLlIWOo6uF0uXPxl8-cps8AtAAq_lGnL6NJhal0=w2000-h1333-s-no-gm?authuser=0\" width=\"2000\" height=\"1500\" alt=\"Yoichi Fujita - Sessiz dua\" class=\"size-full\" \/><\/a><figcaption class=\"wp-caption-text\">Yoichi Fujita - Sessiz dua<\/figcaption><\/figure>\n<p>&quot;Ye\u015fil tepelerde ve y\u00fcksek bulutlarla dolu bir yerde do\u011fup b\u00fcy\u00fcd\u00fc\u011f\u00fcm Miba s\u0131\u011f\u0131r etini seviyorum. Hepinizle burada bir araya gelebildi\u011fim i\u00e7in mutluyum.<\/p>\n<p>Etkinlikten \u00f6nce, 14 \u00fcyeden d\u00f6rd\u00fc vefat etti ve bir ki\u015finin ileti\u015fim bilgileri hala bilinmiyor. Bu d\u00f6rt \u00fcye i\u00e7in bir dakikal\u0131k sayg\u0131 duru\u015funda bulunmak istiyoruz. Bir dakikal\u0131k sayg\u0131 duru\u015fu! Eminim d\u00f6rt \u00fcye bundan mutludur. \u00c7ok te\u015fekk\u00fcr ederim!<\/p>\n<p>Bug\u00fcn nostaljik bir sohbet yap\u0131p e\u011flenceli ve keyifli vakit ge\u00e7irmeyi umuyorum. \u00c7ok te\u015fekk\u00fcr ederim.&quot;<\/p>\n<h4>Tost lideri: Emiko Matsuzaka (k\u0131zl\u0131k soyad\u0131 Nakayama)<\/h4>\n<figure class=\"wp-caption aligncenter\"><a href=\"https:\/\/photos.google.com\/share\/AF1QipNuHhCDP60CvBRrSWMIvkfb-hJbOEprAgpXW8V0Ovg6PeT7nUxObV7L6oRPM8kq-g\/photo\/AF1QipNGEyqP5Y1EjHYD5JHfEbFx2DM64Ym0dD6O_gE?key=TzVLMFJHRnd0Y19feGc2QURHV0dYR0xrVkE2N0Nn\" target=\"_blank\"><img decoding=\"async\" src=\"https:\/\/lh3.googleusercontent.com\/pw\/AP1GczOsHdqSKVfIoBPej-Z_EQ_6MJwgcVwfX6m9RxkOEjEK2g_jc9JNukPgcqVyVoCQFJnODPEP1dqlpUmv-Iw4NJTo7WwN8QXGdPsMkqhwZlSp0PYfMuVU7q_g0Duk3UjYkkjzBA5vCz9L9gh5IrkQZpoV=w2000-h1333-s-no-gm?authuser=0\" width=\"2000\" height=\"1500\" alt=\"Emiko Matsuzaka (k\u0131zl\u0131k soyad\u0131: Nakayama)\" class=\"size-full\" \/><\/a><figcaption class=\"wp-caption-text\">Emiko Matsuzaka (k\u0131zl\u0131k soyad\u0131: Nakayama)<\/figcaption><\/figure>\n<p>&quot;Uzun zaman oldu, herkes. Ya\u015flar\u0131m\u0131zdan bahsetmeyelim, yeniden bir araya gelmemizi kutlayal\u0131m ve herkesin sa\u011fl\u0131\u011f\u0131na kadeh kald\u0131ral\u0131m!!!&quot;<\/p>\n<p>1992&#039;de 43 y\u0131l sonra salonu kapatt\u0131m ve \u015fimdi o\u011flumun salonunda bir yer kiral\u0131yorum ve kuaf\u00f6r olarak \u00e7al\u0131\u015fmaya devam ediyorum. G\u00fcnde \u00fc\u00e7 d\u00f6rt m\u00fc\u015fteri g\u00f6r\u00fcyorum, hepsi randevuyla.<\/p>\n<p>Kocam ve ben ya\u015fl\u0131 akrabalar\u0131m\u0131za bakmak i\u00e7in elimizden gelenin en iyisini yap\u0131yoruz. Her g\u00fcn sizin yard\u0131m\u0131n\u0131zla s\u0131k\u0131 \u00e7al\u0131\u015fmaya devam edece\u011fiz.<\/p>\n<p>Reiwa d\u00f6neminin ba\u015flang\u0131c\u0131ndan bu yana, beyin enfarkt\u00fcs\u00fc nedeniyle iki kez hastaneye kald\u0131r\u0131ld\u0131m, ancak iyi ya da k\u00f6t\u00fc, \u015fu anda iyiyim. Ebeveynlerim ve karde\u015flerim gen\u00e7 ya\u015fta \u00f6lm\u00fc\u015f olsalar da, korundum ve \u015fu anda y\u0131l sonuna kadar her g\u00fcn randevu al\u0131yorum.<\/p>\n<p>Sa\u011fl\u0131\u011f\u0131m benim i\u00e7in en \u00f6nemli \u015fey. 88 ya\u015f\u0131ndaki kocam\u0131 da \u00f6nemsiyorum ama ayn\u0131 zamanda sa\u011fl\u0131kl\u0131 kalmam gerekiyor, bu y\u00fczden \u00e7ok \u00e7al\u0131\u015f\u0131yorum ve sevdi\u011fim i\u015fi seviyorum.<\/p>\n<p>En ya\u015fl\u0131 m\u00fc\u015fterimiz 98 ya\u015f\u0131nda. M\u00fc\u015fterilerinin deste\u011fi ve enerjisi sayesinde hayatta ve iyi durumda.&quot;<\/p>\n<h4>Toshio Mizutani<\/h4>\n<figure class=\"wp-caption aligncenter\"><a href=\"https:\/\/photos.google.com\/share\/AF1QipNuHhCDP60CvBRrSWMIvkfb-hJbOEprAgpXW8V0Ovg6PeT7nUxObV7L6oRPM8kq-g\/photo\/AF1QipPBKDdh2RpYEJv53szIjTK4JUDP11Sf306g0KA?key=TzVLMFJHRnd0Y19feGc2QURHV0dYR0xrVkE2N0Nn\" target=\"_blank\"><img decoding=\"async\" src=\"https:\/\/lh3.googleusercontent.com\/pw\/AP1GczPz0WBkhNdABftwDUOjbTtFpP6rTWSaOvGzNDdWQI4elcOGIvYBv-QgbXWBpsMTbSzc1MXeMnB6h-z6i2NF8QjDyo4YlSEiHJe9H6IQNkvHKdVqLV-8ZmfPIEW-diWia3-MUyeOeRqyKE4fKtJIc1if=w2000-h1500-s-no-gm?authuser=0\" width=\"2000\" height=\"1500\" alt=\"Toshio Mizutani\" class=\"size-full\" \/><\/a><figcaption class=\"wp-caption-text\">Toshio Mizutani<\/figcaption><\/figure>\n<p>&quot;Bir grup olarak bir araya geldi\u011fimizde g\u00fcven hakk\u0131nda konu\u015fuyoruz. \u015eimdi, bir evim yok, bir apartmanda tek ba\u015f\u0131ma ya\u015f\u0131yorum ve hayatta kalmak i\u00e7in elimden geleni yap\u0131yorum!&quot;<\/p>\n<h4>Shizuko Ishikawa (k\u0131zl\u0131k soyad\u0131: Hayashi)<\/h4>\n<figure class=\"wp-caption aligncenter\"><a href=\"https:\/\/photos.google.com\/share\/AF1QipNuHhCDP60CvBRrSWMIvkfb-hJbOEprAgpXW8V0Ovg6PeT7nUxObV7L6oRPM8kq-g\/photo\/AF1QipO998EsGPkY7I7TZ6pN21hGFFfwocuC9oejgt8?key=TzVLMFJHRnd0Y19feGc2QURHV0dYR0xrVkE2N0Nn\" target=\"_blank\"><img decoding=\"async\" src=\"https:\/\/lh3.googleusercontent.com\/pw\/AP1GczPdtBnlZg-fyhSQYksVupBcrr15MdggiZzm1mMrOduWOiMqTrIa71tZbAeTeOlxyKZMOVLUfZjvndawvizuY8puRRZD5hqU5b-D5UJis8dp0B-KxDRQy34ovuZlcUMJ4aDLf7WQzynkevsDn4h1aRdq=w2000-h1500-s-no-gm?authuser=0\" width=\"2000\" height=\"1500\" alt=\"Shizuko Ishikawa (k\u0131zl\u0131k soyad\u0131: Hayashi)\" class=\"size-full\" \/><\/a><figcaption class=\"wp-caption-text\">Shizuko Ishikawa (k\u0131zl\u0131k soyad\u0131: Hayashi)<\/figcaption><\/figure>\n<p>&quot;Bu bulu\u015fmada 80. ya\u015f g\u00fcn\u00fcm\u00fc herkesle birlikte kutlayabildi\u011fim i\u00e7in mutluyum. \u015eu anda yaln\u0131z ya\u015f\u0131yorum, bu y\u00fczden al\u0131\u015fveri\u015f yapmak, y\u00fcr\u00fcy\u00fc\u015fe \u00e7\u0131kmak ve temizlik yapmak gibi istedi\u011fim \u015feyleri yaparak zaman ge\u00e7irmekten ho\u015flan\u0131yorum.&quot;<\/p>\n<h4>Terumi Moriya (k\u0131zl\u0131k soyad\u0131: Sano)<\/h4>\n<figure class=\"wp-caption aligncenter\"><a href=\"https:\/\/photos.google.com\/share\/AF1QipNuHhCDP60CvBRrSWMIvkfb-hJbOEprAgpXW8V0Ovg6PeT7nUxObV7L6oRPM8kq-g\/photo\/AF1QipMC4G_nN3_g6BxirZKTfTfgelHK7Fr8HFu3rPk?key=TzVLMFJHRnd0Y19feGc2QURHV0dYR0xrVkE2N0Nn\" target=\"_blank\"><img decoding=\"async\" src=\"https:\/\/lh3.googleusercontent.com\/pw\/AP1GczOStZU6s394guISH7NKBZcBfeJ-LBr8PKVPSMMKMp2kfoWZCwroEbFF2-RkQ_Bz1Lycqa2kTdQJz_c7Jxw_gfyxhjN6C_ZlF_ffo3lqy_oWiYS6Xvp6IXj04KcLlPE547FPit3_U9iVGfEjINAuPMTn=w2000-h1500-s-no-gm?authuser=0\" width=\"2000\" height=\"1500\" alt=\"Terumi Moriya (k\u0131zl\u0131k soyad\u0131: Sano)\" class=\"size-full\" \/><\/a><figcaption class=\"wp-caption-text\">Terumi Moriya (k\u0131zl\u0131k soyad\u0131: Sano)<\/figcaption><\/figure>\n<p>&quot;Mezuniyetimizin 64. y\u0131l\u0131nda hepinizle bir araya gelip sohbet edebildi\u011fim i\u00e7in \u00e7ok mutluyum.<\/p>\n<p>\u00c7ok \u00f6zel bir \u015fey yapmad\u0131m ama e\u015fim ve ben sa\u011fl\u0131kl\u0131y\u0131z.<\/p>\n<p>Annem ve babam\u0131n taraf\u0131nda yakla\u015f\u0131k 70 kuzenim var. Hem annem hem de babam\u0131n 9 ila 10 karde\u015fi vard\u0131, bu y\u00fczden uzun zaman \u00f6nce oldu\u011fu i\u00e7in ailemde yakla\u015f\u0131k 6 ila 7 ki\u015fi var, yani toplam say\u0131 bu kadar. Hokuryu&#039;daki akrabalar aras\u0131nda Sano Yutaka, Oba, Fujisaki ve Hoshiba var.<\/p>\n<h3>\u0130lk y\u0131l ortaokul \u00f6\u011fretmenim Bay Toshihiro Murai&#039;nin an\u0131lar\u0131<\/h3>\n<p>\u0130lkokul ve ortaokul y\u0131llar\u0131na ait pek \u00e7ok an\u0131 aras\u0131nda \u00f6\u011fretmen Toshihiro Murai&#039;nin anlat\u0131ld\u0131\u011f\u0131 b\u00f6l\u00fcm \u00f6zellikle hareketliydi.<\/p>\n<figure class=\"wp-caption aligncenter\"><a href=\"https:\/\/photos.google.com\/share\/AF1QipNuHhCDP60CvBRrSWMIvkfb-hJbOEprAgpXW8V0Ovg6PeT7nUxObV7L6oRPM8kq-g\/photo\/AF1QipPtu650ZGT3OJOO-0TALEhWUN-y_6LvhsPDMaQ?key=TzVLMFJHRnd0Y19feGc2QURHV0dYR0xrVkE2N0Nn\" target=\"_blank\"><img decoding=\"async\" src=\"https:\/\/lh3.googleusercontent.com\/pw\/AP1GczMhEXktW1sCUXZf3eaCAPSsGFCBLS1_OcY_U4asvo67_d7c2Zs82GwEMaKXZEDWrfkn5FSWDugluWeOawwsqCIdCARPJHfD_0cn695qH_QubdD428vB100uwSGd48UyCzIgRomhw03zE-LkOL7v7Ctf=w1186-h1580-s-no-gm?authuser=0\" width=\"1186\" height=\"1580\" alt=\"Birinci s\u0131n\u0131f ortaokul \u00f6\u011frencilerinden sorumlu \u00f6\u011fretmen Bay Toshihiro Murai: Halen iyile\u015fme s\u00fcrecinde olan Bay Murai, 23 Temmuz 2015&#039;te Sapporo&#039;da (Heisei 27).\" class=\"size-full\" \/><\/a><figcaption class=\"wp-caption-text\">Birinci s\u0131n\u0131f ortaokul \u00f6\u011frencilerinden sorumlu \u00f6\u011fretmen Bay Toshihiro Murai: Halen iyile\u015fme s\u00fcrecinde olan Bay Murai, 23 Temmuz 2015&#039;te Sapporo&#039;da (Heisei 27).<\/figcaption><\/figure>\n<ul>\n<li>Toshihiro Murai&#039;nin \u00f6\u011fretmen olduktan sonra sorumlu oldu\u011fu ilk \u00f6\u011frenciler 14 birinci s\u0131n\u0131f ortaokul \u00f6\u011frencisiydi. \u0130lk okul etkinliklerine co\u015fkuyla haz\u0131rlan\u0131rken, o akut apandisit (apandisit) ameliyat\u0131 i\u00e7in hastaneye kald\u0131r\u0131ld\u0131.<\/li>\n<li>S\u0131n\u0131f\u0131ndaki b\u00fct\u00fcn \u00f6\u011frenciler onu ziyarete gittiler ve tedirgin g\u00f6r\u00fcn\u00fcyorlard\u0131. &quot;Okul tiyatrosunda ne yapaca\u011f\u0131m\u0131za hen\u00fcz karar vermedik.&quot; diyorlard\u0131.<\/li>\n<li>Bay Murai bir operet sahnelemeye karar verdi. &quot;Bambu Kesicinin Hikayesi&quot; adl\u0131 operay\u0131 d\u00fczenledi, rolleri belirledi ve \u00f6\u011frencilere \u015fark\u0131 s\u00f6yleme ve dans etme konusunda e\u011fitim verdi. M\u00fckemmel haf\u0131zalar\u0131 olan \u00f6\u011frenciler, final par\u00e7as\u0131n\u0131 bir haftada tamamlad\u0131lar ve o g\u00fcnk\u00fc muhte\u015fem performanslar\u0131 seyircilerden b\u00fcy\u00fck alk\u0131\u015f ald\u0131.<\/li>\n<li>\u0130\u015f seyahatleri ve toplant\u0131lar nedeniyle Mibaushi \u0130lkokulu ve Ortaokulu mezunlar\u0131n\u0131n bulu\u015fmas\u0131na kat\u0131lamad\u0131m, ancak 1996&#039;da (Heisei 8) sonunda bulu\u015fmaya kat\u0131lma iste\u011fimi ger\u00e7ekle\u015ftirdim ve 40 y\u0131l sonra ilk kez \u00f6\u011frencilerimle heyecanl\u0131 bir bulu\u015fma ger\u00e7ekle\u015ftirdim!<\/li>\n<li>&quot;40 y\u0131l ge\u00e7mi\u015f olmas\u0131na ra\u011fmen, bu \u00e7ocuklar bir zerre bile unutmam\u0131\u015flar. Art\u0131k kimin \u00f6\u011fretmen, kimin \u00f6\u011frenci oldu\u011fu belli olmayan bir grupta, ben tutkulu bir kalple kupadan i\u00e7tim,&quot; diyor o zamandan kalma &quot;Press Sorachi&quot;de (18 Eyl\u00fcl 1996 tarihli) bir makale.\n<\/ul>\n<figure class=\"wp-caption aligncenter\"><a href=\"https:\/\/photos.google.com\/share\/AF1QipNuHhCDP60CvBRrSWMIvkfb-hJbOEprAgpXW8V0Ovg6PeT7nUxObV7L6oRPM8kq-g\/photo\/AF1QipMUdnNyDozwdT4g_GabiKD4TkZWA_Y-asm3b9g?key=TzVLMFJHRnd0Y19feGc2QURHV0dYR0xrVkE2N0Nn\" target=\"_blank\"><img decoding=\"async\" src=\"https:\/\/lh3.googleusercontent.com\/pw\/AP1GczOWL4kTJCGqohRO5AmtYKGoYA4ZahLu7DBGGYPp9dFdV4TgwP25HopK0AI0frLazOZYCCZOeCBKfv12p2ufZGAsniRwhZtNDqRObAkhAVU42TXFj7zur1ub9rOb4UwsrgnENPVkoTfXQk3J3RQW2dTI=w2000-h1397-s-no-gm?authuser=0\" width=\"2000\" height=\"1397\" alt=\"Profes\u00f6r Murai&#039;nin etraf\u0131n\u0131 saran!\" class=\"size-full\" \/><\/a><figcaption class=\"wp-caption-text\">Profes\u00f6r Murai&#039;nin etraf\u0131n\u0131 saran!<\/figcaption><\/figure>\n<figure class=\"wp-caption aligncenter\"><a href=\"https:\/\/photos.google.com\/share\/AF1QipNuHhCDP60CvBRrSWMIvkfb-hJbOEprAgpXW8V0Ovg6PeT7nUxObV7L6oRPM8kq-g\/photo\/AF1QipNW33ZAxTRcGf54eoXaRQ5qNxbO-DdRUEM8jGE?key=TzVLMFJHRnd0Y19feGc2QURHV0dYR0xrVkE2N0Nn\" target=\"_blank\"><img decoding=\"async\" src=\"https:\/\/lh3.googleusercontent.com\/pw\/AP1GczPLsFwfXmIdjIHYo99-uSFQNOFroL1_rZ_sBA9m7yrY6iPAiIXQcs2saWdIw5edpF13l6TnAT-NzAWNcZYofoisU808XkpCHyvFRzF_a2UyikzecWJzmh0IyXz5B90043vylJ3ergMuO9dd0UVyckmD=w2000-h1500-s-no-gm?authuser=0\" width=\"2000\" height=\"1500\" alt=\"Toshihiro Murai&#039;nin &quot;Mibaushi Ortaokulu 9. Mezun Bulu\u015fmas\u0131 An\u0131s\u0131na&quot; adl\u0131 Tanka \u015fiiri, 23 Temmuz 2018\" class=\"size-full\" \/><\/a><figcaption class=\"wp-caption-text\">Toshihiro Murai&#039;nin &quot;Mibaushi Ortaokulu 9. Mezun Bulu\u015fmas\u0131 An\u0131s\u0131na&quot; adl\u0131 Tanka \u015fiiri, 23 Temmuz 2018<\/figcaption><\/figure>\n<h3>Yiyecek<\/h3>\n<figure class=\"wp-caption aligncenter\"><a href=\"https:\/\/lh3.googleusercontent.com\/pw\/AP1GczNBFI_myrQ92aCz-6G2UiU245tZ0ayHNjtUKseoi3i8zkeAgMi5uKCLLM89hUVi1jmHZ7aCnHJ3e8yPzqChHH00mQ3tD63ZIFFdUxFxTrgtyCnjaJutI4xSYYYXTb2_MkyIXYkq3AuUjESWyEqFhxNk=w2000-h1500-s-no-gm?authuser=0\"><img decoding=\"async\" src=\"https:\/\/lh3.googleusercontent.com\/pw\/AP1GczNBFI_myrQ92aCz-6G2UiU245tZ0ayHNjtUKseoi3i8zkeAgMi5uKCLLM89hUVi1jmHZ7aCnHJ3e8yPzqChHH00mQ3tD63ZIFFdUxFxTrgtyCnjaJutI4xSYYYXTb2_MkyIXYkq3AuUjESWyEqFhxNk=w2000-h1500-s-no-gm?authuser=0\" width=\"2000\" height=\"1500\" alt=\"L\u00fcks mutfak\" class=\"size-full\" \/><\/a><figcaption class=\"wp-caption-text\">L\u00fcks mutfak<\/figcaption><\/figure>\n<figure class=\"wp-caption aligncenter\"><a href=\"https:\/\/photos.google.com\/share\/AF1QipNuHhCDP60CvBRrSWMIvkfb-hJbOEprAgpXW8V0Ovg6PeT7nUxObV7L6oRPM8kq-g\/photo\/AF1QipNoqtfn2uNvw3joimeqcWh_fvUsMerP4XR1Y60?key=TzVLMFJHRnd0Y19feGc2QURHV0dYR0xrVkE2N0Nn\" target=\"_blank\"><img decoding=\"async\" src=\"https:\/\/lh3.googleusercontent.com\/pw\/AP1GczPa6UCtGYdPI-OhVfKbTL3CFRrdWqBi-e3QZXdlOJiOlY8rraPb7z_jBe4I_ldTpWDNOLOYCVKre_p3AgVGkoc-mTx8Di8FROjf-xiYjp8n6kw-6tjAswIGjM8rpeSm4qPH7QY1VyDZINXQivAGa7by=w2000-h1500-s-no-gm?authuser=0\" width=\"2000\" height=\"1500\" alt=\"S\u0131cak tencere\" class=\"size-full\" \/><\/a><figcaption class=\"wp-caption-text\">S\u0131cak tencere<\/figcaption><\/figure>\n<figure class=\"wp-caption aligncenter\"><a href=\"https:\/\/photos.google.com\/share\/AF1QipNuHhCDP60CvBRrSWMIvkfb-hJbOEprAgpXW8V0Ovg6PeT7nUxObV7L6oRPM8kq-g\/photo\/AF1QipMIeBE2e-4KOlHJbm9puAJhOSehU8kzLUg5Te0?key=TzVLMFJHRnd0Y19feGc2QURHV0dYR0xrVkE2N0Nn\" target=\"_blank\"><img decoding=\"async\" src=\"https:\/\/lh3.googleusercontent.com\/pw\/AP1GczNgRNtLJw7AJ7Horq8SBtWf4J0MAnDYFGe7uUwoQzFg9xkeegvvLadi-f1KYkT9Bm-acQbswgirkHIwCiXCxIjG3fkYxVlqx1n8sz8t1Fo35ebTOhwnbRrUAw4jk_peN1pgK082RIWq1x1Om8O8eWvw=w2000-h1500-s-no-gm?authuser=0\" width=\"2000\" height=\"1500\" alt=\"Et ve bal\u0131k yemekleri\" class=\"size-full\" \/><\/a><figcaption class=\"wp-caption-text\">Et ve bal\u0131k yemekleri<\/figcaption><\/figure>\n<figure class=\"wp-caption aligncenter\"><a href=\"https:\/\/photos.google.com\/share\/AF1QipNuHhCDP60CvBRrSWMIvkfb-hJbOEprAgpXW8V0Ovg6PeT7nUxObV7L6oRPM8kq-g\/photo\/AF1QipN48wifwx35LZAubQrdtepUyziVaBjlj0672B0?key=TzVLMFJHRnd0Y19feGc2QURHV0dYR0xrVkE2N0Nn\" target=\"_blank\"><img decoding=\"async\" src=\"https:\/\/lh3.googleusercontent.com\/pw\/AP1GczMKUKPfz3Y78lugyae3WgE8xK1yL1o_zl_dI9aSl9Jk2x6KQUZa2_Oo-_S0XVUoTNcHqyfPtxXopwPj-P0QETuLEixJnOYS6m1oeY4sqz0DUdkNJOehqyEIxEmfv3ZEPcZ50eiKBfMyrhl9PX1AgMOP=w2000-h1500-s-no-gm?authuser=0\" width=\"2000\" height=\"1500\" alt=\"Nigiri su\u015fi\" class=\"size-full\" \/><\/a><figcaption class=\"wp-caption-text\">Nigiri su\u015fi<\/figcaption><\/figure>\n<figure class=\"wp-caption aligncenter\"><a href=\"https:\/\/photos.google.com\/share\/AF1QipNuHhCDP60CvBRrSWMIvkfb-hJbOEprAgpXW8V0Ovg6PeT7nUxObV7L6oRPM8kq-g\/photo\/AF1QipMkJe5NQu4cmMPC26oxiz9l8TSDMhIwGGDhl-A?key=TzVLMFJHRnd0Y19feGc2QURHV0dYR0xrVkE2N0Nn\" target=\"_blank\"><img decoding=\"async\" src=\"https:\/\/lh3.googleusercontent.com\/pw\/AP1GczMUbgE4jUrVWOnfBoKzRgLqWcr2LWw7VoLP2qNVx-b7Hh8E2CsLCGXN9D25LW5eqty-TbuRFiT__g5ACllAlcMZZsoLrNN-n20lMGqlr0KKETIV6upTdtLB-2xOLjR2DFgCPELb1BniRp5DbP3c0WUa=w2000-h1500-s-no-gm?authuser=0\" width=\"2000\" height=\"1500\" alt=\"Balkaba\u011f\u0131 keki\" class=\"size-full\" \/><\/a><figcaption class=\"wp-caption-text\">Balkaba\u011f\u0131 keki<\/figcaption><\/figure>\n<figure class=\"wp-caption aligncenter\"><a href=\"https:\/\/photos.google.com\/share\/AF1QipNuHhCDP60CvBRrSWMIvkfb-hJbOEprAgpXW8V0Ovg6PeT7nUxObV7L6oRPM8kq-g\/photo\/AF1QipPaLCPckoETLrc0yyZ132AfX0UAL_o7xkymBxQ?key=TzVLMFJHRnd0Y19feGc2QURHV0dYR0xrVkE2N0Nn\" target=\"_blank\"><img decoding=\"async\" src=\"https:\/\/lh3.googleusercontent.com\/pw\/AP1GczOUjU122yjCAdSPNg2m1HWbGNlgnJ5fLZu2cYGEleAfkx1KOZzijx3U3vQRINLsMb-uXBWaeAIREaUrZcn01LVrIAB6jMUOiN46vU8pv6LgQIEaEXDJSbk6t5wOKCnDpF2cnWs9J4u08Gncy1YWthDI=w2000-h1500-s-no-gm?authuser=0\" width=\"2000\" height=\"1500\" alt=\"Kurosengoku Udon\" class=\"size-full\" \/><\/a><figcaption class=\"wp-caption-text\">Kurosengoku Udon<\/figcaption><\/figure>\n<p>Herkes kendi sa\u011fl\u0131k durumundan, i\u00e7inde bulundu\u011fu durumdan, ailesinden, ge\u00e7mi\u015ften kalan an\u0131lar\u0131ndan bahsederken, keyifli sohbet hi\u00e7 bitmedi.<\/p>\n<figure class=\"wp-caption aligncenter\"><a href=\"https:\/\/photos.google.com\/share\/AF1QipNuHhCDP60CvBRrSWMIvkfb-hJbOEprAgpXW8V0Ovg6PeT7nUxObV7L6oRPM8kq-g\/photo\/AF1QipPKd2sx7rPffGCl1PxckuuFBND7f-IYr4M0r6s?key=TzVLMFJHRnd0Y19feGc2QURHV0dYR0xrVkE2N0Nn\" target=\"_blank\"><img decoding=\"async\" src=\"https:\/\/lh3.googleusercontent.com\/pw\/AP1GczO5qNc7eNB7NSrCl7NJdm9DxiyASDRCYvES9B4vYq9vb-MdcyIYem45gWwW7aSrCetJZFASGWCmIqKKChpArAsLtb8vjDb8n-wNmANYjxVeH4IA07XWRejXJm80BkLu2yrAFxMSjCyMYkI15e7ZcgQj=w2000-h1500-s-no-gm?authuser=0\" width=\"2000\" height=\"1500\" alt=\"Nefis yemeklerin tad\u0131n\u0131 \u00e7\u0131kar\u0131rken...\" class=\"size-full\" \/><\/a><figcaption class=\"wp-caption-text\">Nefis yemeklerin tad\u0131n\u0131 \u00e7\u0131kar\u0131rken...<\/figcaption><\/figure>\n<figure class=\"wp-caption aligncenter\"><a href=\"https:\/\/photos.google.com\/share\/AF1QipNuHhCDP60CvBRrSWMIvkfb-hJbOEprAgpXW8V0Ovg6PeT7nUxObV7L6oRPM8kq-g\/photo\/AF1QipMhuGTycb3WqBKAFJ8xMjtTw_Ha9CM2gC74D54?key=TzVLMFJHRnd0Y19feGc2QURHV0dYR0xrVkE2N0Nn\" target=\"_blank\"><img decoding=\"async\" src=\"https:\/\/lh3.googleusercontent.com\/pw\/AP1GczMYOP4gr-HPeB13Rb_URy60vcWjucHqM0s-YkjrbrrG0fRBGXdTCd2Bq0c5VJI3pl6ATDd_TvLD0glQD-gUZLnJheSreTCqKMFyV6URNi_Hyof835B8n56HFmt2kGLpjnSI-Wf781f0WsfZR4vsS2r0=w2000-h1500-s-no-gm?authuser=0\" width=\"2000\" height=\"1500\" alt=\"E\u011flenceli ve bitmeyen bir sohbete ba\u015flayal\u0131m...\" class=\"size-full\" \/><\/a><figcaption class=\"wp-caption-text\">E\u011flenceli ve bitmeyen bir sohbete ba\u015flayal\u0131m...<\/figcaption><\/figure>\n<p>Sosyal bulu\u015fma, a\u011f\u0131r bir y\u00fcrekle sona erdi, ard\u0131ndan hep birlikte kapl\u0131cada rahatlat\u0131c\u0131 bir banyo yapt\u0131k ve ard\u0131ndan gece boyunca devam eden after-party&#039;ye ge\u00e7tik.<\/p>\n<figure class=\"wp-caption aligncenter\"><a href=\"https:\/\/photos.google.com\/share\/AF1QipNuHhCDP60CvBRrSWMIvkfb-hJbOEprAgpXW8V0Ovg6PeT7nUxObV7L6oRPM8kq-g\/photo\/AF1QipO82YNg3gfIOAvTeUuE0xnUyH3nQEB9PzqDxe4?key=TzVLMFJHRnd0Y19feGc2QURHV0dYR0xrVkE2N0Nn\" target=\"_blank\"><img decoding=\"async\" src=\"https:\/\/lh3.googleusercontent.com\/pw\/AP1GczMemBfEJfSZWiQUqWLXBJGVWupWuxelBI46kRIHWmvlkcF2Rc4dbme_urErr2eoKKO7zj8ii7bPo34nJITHhf3iKzhWLuKbAB-xxzIBr6IMNB5OIsr-B6jwoDGSL4REMamyIvM523nJ9bhbGcxcAC9P=w2000-h1500-s-no-gm?authuser=0\" width=\"2000\" height=\"1500\" alt=\"Karl\u0131 bir sabah bizi bekliyor...\" class=\"size-full\" \/><\/a><figcaption class=\"wp-caption-text\">Karl\u0131 bir sabah bizi bekliyor...<\/figcaption><\/figure>\n<h2>kahvalt\u0131<\/h2>\n<figure class=\"wp-caption aligncenter\"><a href=\"https:\/\/photos.google.com\/share\/AF1QipNuHhCDP60CvBRrSWMIvkfb-hJbOEprAgpXW8V0Ovg6PeT7nUxObV7L6oRPM8kq-g\/photo\/AF1QipOCpby2e5tRmzHULKzkOD1CcZN8diwQdQak4Xg?key=TzVLMFJHRnd0Y19feGc2QURHV0dYR0xrVkE2N0Nn\" target=\"_blank\"><img decoding=\"async\" src=\"https:\/\/lh3.googleusercontent.com\/pw\/AP1GczMSVvXr8BtH1H500XqdqR0gyF7phfpA7aJRP7CmB74xV93b4TdKYek7M_PbcEga-TJglueUnJQcLyuW-A5EpgqR1-CJjS6zph57fgJ39GqY_gKuwFNOBTy1jnoks8HZ6rOijNB_u8Br0fln8kz3Y27Y=w2000-h1500-s-no-gm?authuser=0\" width=\"2000\" height=\"1500\" alt=\"Kahvalt\u0131 mekan\u0131\" class=\"size-full\" \/><\/a><figcaption class=\"wp-caption-text\">Kahvalt\u0131 mekan\u0131<\/figcaption><\/figure>\n<figure class=\"wp-caption aligncenter\"><a href=\"https:\/\/photos.google.com\/share\/AF1QipNuHhCDP60CvBRrSWMIvkfb-hJbOEprAgpXW8V0Ovg6PeT7nUxObV7L6oRPM8kq-g\/photo\/AF1QipM9dQa0NNijaik8TbCrWspMzcXIKX8oGflUgaM?key=TzVLMFJHRnd0Y19feGc2QURHV0dYR0xrVkE2N0Nn\" target=\"_blank\"><img decoding=\"async\" src=\"https:\/\/lh3.googleusercontent.com\/pw\/AP1GczN_zRewld15OI32uHVCKX4Tay0LHU-o4M6MpqSBeREhAQ5R5rhS3X761guUKcbvh7_I_OBwHlga664NitCs37YhVjiSiTlmC3ZGvVluKPURapASg6w5XzNRaHQj4vjzWwQtohomcZh0972QVmZhzxHR=w2000-h1500-s-no-gm?authuser=0\" width=\"2000\" height=\"1500\" alt=\"Lezzetli kahvalt\u0131\" class=\"size-full\" \/><\/a><figcaption class=\"wp-caption-text\">Lezzetli kahvalt\u0131<\/figcaption><\/figure>\n<figure class=\"wp-caption aligncenter\"><a href=\"https:\/\/photos.google.com\/share\/AF1QipNuHhCDP60CvBRrSWMIvkfb-hJbOEprAgpXW8V0Ovg6PeT7nUxObV7L6oRPM8kq-g\/photo\/AF1QipO6I5PUoFHOFRKUZ8n8Ig8eKt2DbVloWUzdMyw?key=TzVLMFJHRnd0Y19feGc2QURHV0dYR0xrVkE2N0Nn\" target=\"_blank\"><img decoding=\"async\" src=\"https:\/\/lh3.googleusercontent.com\/pw\/AP1GczM1fqc44Uq49rCEPSwH3ZLbA5fNhQbH0Q2dRukOSh04dJa3lwCBpD4epa4Z1uScsK12Z33cc_HBxe3c6tkBsci6Zzttk0FA71b2P8YZPl4yhKUEDmTT2otlc7_wk7V5cAZ2s2aCocg4tx1mbrsBLCSU=w2000-h1500-s-no-gm?authuser=0\" width=\"2000\" height=\"1500\" alt=\"Kahvalt\u0131 mekan\u0131ndaki herkes\" class=\"size-full\" \/><\/a><figcaption class=\"wp-caption-text\">Kahvalt\u0131 mekan\u0131ndaki herkes<\/figcaption><\/figure>\n<h2>\u015eehir i\u00e7i otob\u00fcs turu (Mibaushi b\u00f6lgesi)<\/h2>\n<p>Ertesi sabah, a\u011f\u0131rl\u0131kl\u0131 olarak Mibaushi b\u00f6lgesini kapsayan bir otob\u00fcs turuna \u00e7\u0131kt\u0131k ve ard\u0131ndan Hokuryu Kasaba Toplum Merkezi&#039;ndeki yerel tarih m\u00fczesini ziyaret ettik.<\/p>\n<h3>Numata Kasabas\u0131 sakinlerinden Bay Kiyoshi Tsuji de kat\u0131ld\u0131.<\/h3>\n<p>Bay Tsuji, interstisyel pn\u00f6moni nedeniyle bir oksijen tank\u0131na sahipti ve bu nedenle geceyi ge\u00e7iremedi, ancak ertesi g\u00fcn Kitary\u016b kasabas\u0131na d\u00fczenlenen otob\u00fcs turuna kat\u0131ld\u0131.<\/p>\n<p>Herkesin ge\u00e7mi\u015f ya\u015famlar\u0131na dair an\u0131lar\u0131 bir slayt g\u00f6sterisi gibi g\u00f6zlerine yans\u0131yordu ve kalplerini \u0131s\u0131tan nostalji ve duygularla doluyordu.<\/p>\n<figure class=\"wp-caption aligncenter\"><a href=\"https:\/\/photos.google.com\/share\/AF1QipNuHhCDP60CvBRrSWMIvkfb-hJbOEprAgpXW8V0Ovg6PeT7nUxObV7L6oRPM8kq-g\/photo\/AF1QipPKoLPfkd2mj_uiSMUWQgSshjJbgvJeAVdmhd0?key=TzVLMFJHRnd0Y19feGc2QURHV0dYR0xrVkE2N0Nn\" target=\"_blank\"><img decoding=\"async\" src=\"https:\/\/lh3.googleusercontent.com\/pw\/AP1GczOYHaIAa_FQuFoYYKeCvI-sSY4ZQgqpNYUYa1UR9enmXfpRv14Sa4OqZX_9cH1BGHRb2-mwOZPiSwkBFL6l2MRI3elgEJtLrAMn2K4P__nThW1nUbgEzz-MYdntzoc1bR_szanJ7unTDvDbBWojg88g=w2000-h1500-s-no-gm?authuser=0\" width=\"2000\" height=\"1500\" alt=\"Numata Kasabas\u0131&#039;ndan ko\u015farak gelen Bay Tsuji taraf\u0131ndan \u00e7evrelenmi\u015fti.\" class=\"size-full\" \/><\/a><figcaption class=\"wp-caption-text\">Numata Kasabas\u0131&#039;ndan ko\u015farak gelen Bay Tsuji taraf\u0131ndan \u00e7evrelenmi\u015fti.<\/figcaption><\/figure>\n<h3>Hokuryu Onsen&#039;den ayr\u0131l\u0131\u015f 10:00 ba\u015flang\u0131\u00e7<\/h3>\n<figure class=\"wp-caption aligncenter\"><a href=\"https:\/\/photos.google.com\/share\/AF1QipNuHhCDP60CvBRrSWMIvkfb-hJbOEprAgpXW8V0Ovg6PeT7nUxObV7L6oRPM8kq-g\/photo\/AF1QipPr5jEw7FtK_EM8UwHveWlapiFZ2EJVoWKQtTk?key=TzVLMFJHRnd0Y19feGc2QURHV0dYR0xrVkE2N0Nn\" target=\"_blank\"><img decoding=\"async\" src=\"https:\/\/lh3.googleusercontent.com\/pw\/AP1GczNMteWPB-slHS4uaMGNlWMnVe_SAN3Hul-HHrLj4wTIWhqAvsjbJK0dlAfc2sWwJQalH0-VHSMic5LUcVE41ecFfs5Y9g7t7X2foi-trhu_n7wE4O1ivnmb9dar-9XNW8qq09Aajrcn0VjdoZP1Ub-O=w2000-h1500-s-no-gm?authuser=0\" width=\"2000\" height=\"1500\" alt=\"Kapl\u0131calarda otob\u00fcs turu yap\u0131n\" class=\"size-full\" \/><\/a><figcaption class=\"wp-caption-text\">Kapl\u0131calarda otob\u00fcs turu yap\u0131n<\/figcaption><\/figure>\n<p>Bu y\u0131l in\u015fa edilen yeni Kurosengoku Ticaret Kooperatifi Derne\u011fi merkezinin tren penceresinden g\u00f6r\u00fclebildi\u011fi Mibaushi b\u00f6lgesine do\u011fru ilerliyoruz.<\/p>\n<figure class=\"wp-caption aligncenter\"><a href=\"https:\/\/photos.google.com\/share\/AF1QipNuHhCDP60CvBRrSWMIvkfb-hJbOEprAgpXW8V0Ovg6PeT7nUxObV7L6oRPM8kq-g\/photo\/AF1QipN8ShcxFFkaom3J1QUAFnjvu88f1sl2DRwAeXY?key=TzVLMFJHRnd0Y19feGc2QURHV0dYR0xrVkE2N0Nn\" target=\"_blank\"><img decoding=\"async\" src=\"https:\/\/lh3.googleusercontent.com\/pw\/AP1GczORo-Lmq_3puemXmvkeocMSbbDrKHHJHdAMaTia66nVcYaakrKTprb4L2m-ypGB2TQTM12ESf54xnNbh5UOTfWVxa9aOAjJR07pJkeEcB62wFFZry96WsRdIAx0Mn8U9hLil5uCxJaPOa3v9CZOJK83=w2000-h1500-s-no-gm?authuser=0\" width=\"2000\" height=\"1500\" alt=\"Kurosengoku \u0130\u015f Kooperatifi Derne\u011fi Depo\" class=\"size-full\" \/><\/a><figcaption class=\"wp-caption-text\">Kurosengoku \u0130\u015f Kooperatifi Derne\u011fi Depo<\/figcaption><\/figure>\n<figure class=\"wp-caption aligncenter\"><a href=\"https:\/\/photos.google.com\/share\/AF1QipNuHhCDP60CvBRrSWMIvkfb-hJbOEprAgpXW8V0Ovg6PeT7nUxObV7L6oRPM8kq-g\/photo\/AF1QipOEu6jSG3XlkjRDNou5bV0LyZK-7XsGexUevxE?key=TzVLMFJHRnd0Y19feGc2QURHV0dYR0xrVkE2N0Nn\" target=\"_blank\"><img decoding=\"async\" src=\"https:\/\/lh3.googleusercontent.com\/pw\/AP1GczMZy_TI5DkHO_m49lSknzQsuK9ppg63NNeA2q_XuhwzDFhLitO7pfkqjAyxuG1KfIZFXS8GRiPIwloelzsDsmTmb5jDJPIiDFM82p8JuAEnJCRBjyayQzpxzVTfv4y3SNxMVVLVo-txalCaZ6K1avAN=w2000-h1500-s-no-gm?authuser=0\" width=\"2000\" height=\"1500\" alt=\"Nostaljik manzara\" class=\"size-full\" \/><\/a><figcaption class=\"wp-caption-text\">Nostaljik manzara<\/figcaption><\/figure>\n<p>&quot;Ah! \u0130\u015fte orada! \u0130\u015fte XX evi.&quot;<br \/>\n&quot;Buras\u0131 Bay XX&#039;in aile eviydi.&quot;<br \/>\n&quot;O zamanlar o baraj g\u00f6l\u00fcnde oynad\u0131\u011f\u0131m\u0131 ve neredeyse bo\u011fuldu\u011fumu hat\u0131rl\u0131yorum.&quot;<\/p>\n<p>60 y\u0131l \u00f6ncesinin sahneleri nostaljiyle akl\u0131n\u0131za gelecek.<\/p>\n<figure class=\"wp-caption aligncenter\"><a href=\"https:\/\/photos.google.com\/share\/AF1QipNuHhCDP60CvBRrSWMIvkfb-hJbOEprAgpXW8V0Ovg6PeT7nUxObV7L6oRPM8kq-g\/photo\/AF1QipPe8WfuZ1hS37unxyeXQBb6ppNrKhtW1nEx1ps?key=TzVLMFJHRnd0Y19feGc2QURHV0dYR0xrVkE2N0Nn\" target=\"_blank\"><img decoding=\"async\" src=\"https:\/\/lh3.googleusercontent.com\/pw\/AP1GczNEzAVvk3yZy3fzGI-F-P1keL2hqIyPYLdNuQTVN4iWeCl3VF3ELDt8l_xQvJVeA7j3nEXaRVkKiKBxIgG6V7rfANUVsr67_fZqz5HQqeXhj8fz0jXCk9bFbzbzW6Vs5DuMWfmuyIuJ1DtyPHesN6vs=w2000-h1500-s-no-gm?authuser=0\" width=\"2000\" height=\"1500\" alt=\"Nostaljik manzara\" class=\"size-full\" \/><\/a><figcaption class=\"wp-caption-text\">Nostaljik manzara<\/figcaption><\/figure>\n<figure class=\"wp-caption aligncenter\"><a href=\"https:\/\/photos.google.com\/share\/AF1QipNuHhCDP60CvBRrSWMIvkfb-hJbOEprAgpXW8V0Ovg6PeT7nUxObV7L6oRPM8kq-g\/photo\/AF1QipP7V1TojgQRsGdinG3rNEnq9KXKhPL8O5FpguI?key=TzVLMFJHRnd0Y19feGc2QURHV0dYR0xrVkE2N0Nn\" target=\"_blank\"><img decoding=\"async\" src=\"https:\/\/lh3.googleusercontent.com\/pw\/AP1GczM7QnkXvjAktFBvSHn7xF-6hxZDOo2XBKXzuIGG-avxbr774aRwvxZcG_3QJDouLySVxpgddNh22UbjRD9K9LLVyfgJ5C6VdVMYVZYe4Ia8a7em5QwZDskmPv6Gfo6UMJzopW8lXN-Rh1Lw2NT4nZW5=w2000-h1500-s-no-gm?authuser=0\" width=\"2000\" height=\"1500\" alt=\"Miwaushi Tap\u0131na\u011f\u0131\" class=\"size-full\" \/><\/a><figcaption class=\"wp-caption-text\">Miwaushi Tap\u0131na\u011f\u0131<\/figcaption><\/figure>\n<figure class=\"wp-caption aligncenter\"><a href=\"https:\/\/photos.google.com\/share\/AF1QipNuHhCDP60CvBRrSWMIvkfb-hJbOEprAgpXW8V0Ovg6PeT7nUxObV7L6oRPM8kq-g\/photo\/AF1QipMkuEMP9_jIDP6gY0dkaJ-L03onAfposh4mFCE?key=TzVLMFJHRnd0Y19feGc2QURHV0dYR0xrVkE2N0Nn\" target=\"_blank\"><img decoding=\"async\" src=\"https:\/\/lh3.googleusercontent.com\/pw\/AP1GczOl7COcf0YAY4190EjwgwssUYJr0PT35kkdyp_AqFvENtkNp5RXkIJzB2V5ZXh5-_edNQ9Sth0XJOUbADzMvKoav8x7S4b8u-QFqYF9fpVejBfNQ_iemHQ8-RuExLBJIeZo_h0Xqx4XtH_OKXM1ARFw=w2000-h1500-s-no-gm?authuser=0\" width=\"2000\" height=\"1500\" alt=\"&quot;\u0130\u015fte oras\u0131~&quot; &quot;Do\u011fru, do\u011fru&quot;\" class=\"size-full\" \/><\/a><figcaption class=\"wp-caption-text\">&quot;\u0130\u015fte oras\u0131~&quot; &quot;Do\u011fru, do\u011fru&quot;<\/figcaption><\/figure>\n<p>Otob\u00fcs, toplum merkezine do\u011fru yola \u00e7\u0131kt\u0131 ve k\u00fct\u00fcphanenin ikinci kat\u0131nda bulunan Kitary\u016b Kasabas\u0131 Yerel Tarih M\u00fczesi&#039;ni ziyaret etti.<\/p>\n<h2>Hokuryu Kasabas\u0131 Yerel Tarih M\u00fczesi&#039;ni ziyaret edin<\/h2>\n<figure class=\"wp-caption aligncenter\"><a href=\"https:\/\/photos.google.com\/share\/AF1QipNuHhCDP60CvBRrSWMIvkfb-hJbOEprAgpXW8V0Ovg6PeT7nUxObV7L6oRPM8kq-g\/photo\/AF1QipNFNTILZmJZT5IAgpVOkE_el6WA73dXP8sP3AA?key=TzVLMFJHRnd0Y19feGc2QURHV0dYR0xrVkE2N0Nn\" target=\"_blank\"><img decoding=\"async\" src=\"https:\/\/lh3.googleusercontent.com\/pw\/AP1GczOqZlmeETH9OSV1CNJjE92TNv5NM6t48r9KGzYL2Eqw-y4dP9dR5aF6f8i7sGr_pPVZDHB4acChhJ6GwY1uhbUt8Q0KQUr7cv-7cRHc0ifXZ4QtdM6D8B90wn_gtlctHq19OOvo8kUiS67U-mcsJjYw=w2000-h1500-s-no-gm?authuser=0\" width=\"2000\" height=\"1500\" alt=\"Yerel Tarih M\u00fczesi 2F\" class=\"size-full\" \/><\/a><figcaption class=\"wp-caption-text\">Yerel Tarih M\u00fczesi 2F<\/figcaption><\/figure>\n<p>Yerel tarih m\u00fczesi, Hokuryu Kasabas\u0131&#039;n\u0131n geli\u015fim d\u00f6nemindeki durumunu yeniden canland\u0131r\u0131yor. End\u00fcstriyi, ya\u015fam tarz\u0131n\u0131, tar\u0131m ekipmanlar\u0131n\u0131, foto\u011fraflar\u0131, belgeleri ve eski JNR Sapporo-Numa Hatt\u0131&#039;n\u0131n Wa \u0130stasyonu&#039;ndan belgeleri sergiliyor. G\u00fcncel mevsimsel manzaralar\u0131 ve etkinlikleri g\u00f6steren dioramalar ve videolar da sergileniyor.<\/p>\n<figure class=\"wp-caption aligncenter\"><a href=\"https:\/\/photos.google.com\/share\/AF1QipNuHhCDP60CvBRrSWMIvkfb-hJbOEprAgpXW8V0Ovg6PeT7nUxObV7L6oRPM8kq-g\/photo\/AF1QipOBcIgR1LjnFEAu2zLsxBiD8BeTkO4mXgS7BaI?key=TzVLMFJHRnd0Y19feGc2QURHV0dYR0xrVkE2N0Nn\" target=\"_blank\"><img decoding=\"async\" src=\"https:\/\/lh3.googleusercontent.com\/pw\/AP1GczOLUV48rZRd_XI9iV3urkLAOREf0ickXlG65LE3P8GNeJBKNsrCLNHpY4NDBTj_3XaP9ExEjKSpezggFhdTiXUtJ1vOKDvXuI3P7SAUAttHP79tWATjNpIvofMrD1GNgScgDVtzKDEXKi1FNeBeWCgs=w2000-h1500-s-no-gm?authuser=0\" width=\"2000\" height=\"1500\" alt=\"Hokuryu Kasabas\u0131 Bilgileri\" class=\"size-full\" \/><\/a><figcaption class=\"wp-caption-text\">Hokuryu Kasabas\u0131 Bilgileri<\/figcaption><\/figure>\n<figure class=\"wp-caption aligncenter\"><a href=\"https:\/\/photos.google.com\/share\/AF1QipNuHhCDP60CvBRrSWMIvkfb-hJbOEprAgpXW8V0Ovg6PeT7nUxObV7L6oRPM8kq-g\/photo\/AF1QipNFe5lbt3lPB0PuWjnGJRAqGvy3TXhXUtdB20Y?key=TzVLMFJHRnd0Y19feGc2QURHV0dYR0xrVkE2N0Nn\" target=\"_blank\"><img decoding=\"async\" src=\"https:\/\/lh3.googleusercontent.com\/pw\/AP1GczPf1i-w1tdnE8QEpn_Hlny3fU27UHm3RwWx4eUqqq1ADOk-Oldc4R-lhx-3DRW-RTYC7xvMXbAhvbncr6CuPvA__-zT6HxyUU80077K3fiQz8t1x_Zn53vrrl_Tvyc49U9mlFw0gpNHzRR5UM5RhYFn=w2000-h1500-s-no-gm?authuser=0\" width=\"2000\" height=\"1500\" alt=\"Ay\u0131 ho\u015f geldin\" class=\"size-full\" \/><\/a><figcaption class=\"wp-caption-text\">Ay\u0131 ho\u015f geldin<\/figcaption><\/figure>\n<p>Sergilenen eserlerin bir\u00e7o\u011funun, \u00f6zellikle tar\u0131m makinelerinin o d\u00f6nemde ger\u00e7ekten kullan\u0131ld\u0131\u011f\u0131n\u0131 belirten ziyaret\u00e7iler, ge\u00e7mi\u015f g\u00fcnleri yad ederek, bunlar\u0131 nas\u0131l kulland\u0131klar\u0131n\u0131 detayl\u0131 bir \u015fekilde anlatt\u0131lar.<\/p>\n<figure class=\"wp-caption aligncenter\"><a href=\"https:\/\/photos.google.com\/share\/AF1QipNuHhCDP60CvBRrSWMIvkfb-hJbOEprAgpXW8V0Ovg6PeT7nUxObV7L6oRPM8kq-g\/photo\/AF1QipPs7EO5lN39bNXtgz6T6zvBfsz_rqw53But_H4?key=TzVLMFJHRnd0Y19feGc2QURHV0dYR0xrVkE2N0Nn\" target=\"_blank\"><img decoding=\"async\" src=\"https:\/\/lh3.googleusercontent.com\/pw\/AP1GczNh_PZJMCLFHRKay5xi_clg3NvNs89wHKg0RBndZWjQqKfikZ3RwzYKZj4atkEsKwbrExpTWuontiPiWGi_acVIjVs0sUxF8VMEdjIuhIRE1tB0xZgenMWUqwdfGORsoZUIj0bMjmMYC26860x-ZrhI=w2000-h1500-s-no-gm?authuser=0\" width=\"2000\" height=\"1500\" alt=\"O d\u00f6nemde ger\u00e7ekten kullan\u0131lan \u00e7e\u015fitli \u00e7iftlik aletleri\" class=\"size-full\" \/><\/a><figcaption class=\"wp-caption-text\">O d\u00f6nemde ger\u00e7ekten kullan\u0131lan \u00e7e\u015fitli \u00e7iftlik aletleri<\/figcaption><\/figure>\n<figure class=\"wp-caption aligncenter\"><a href=\"https:\/\/photos.google.com\/share\/AF1QipNuHhCDP60CvBRrSWMIvkfb-hJbOEprAgpXW8V0Ovg6PeT7nUxObV7L6oRPM8kq-g\/photo\/AF1QipMvnAhZxKiawmqZx4DLj_puaP3q5piLmj5cMMc?key=TzVLMFJHRnd0Y19feGc2QURHV0dYR0xrVkE2N0Nn\" target=\"_blank\"><img decoding=\"async\" src=\"https:\/\/lh3.googleusercontent.com\/pw\/AP1GczO3IYAYP6McF0cspm7QSG1mw1mfLfbKv3xnnTiLWhh3urF4QmeS-AHkdXqx5u-y5S9uhZjxwymhoGFqIiz358-r4bq4g0JHvH7m4u_X5_1LMjRlg66ugw_HsysQvEj5opc4WCwRQpdoNURyE0Mt_DKJ=w2000-h1500-s-no-gm?authuser=0\" width=\"2000\" height=\"1500\" alt=\"O d\u00f6nemde ger\u00e7ekten kullan\u0131lan \u00e7e\u015fitli \u00e7iftlik aletleri\" class=\"size-full\" \/><\/a><figcaption class=\"wp-caption-text\">O d\u00f6nemde ger\u00e7ekten kullan\u0131lan \u00e7e\u015fitli \u00e7iftlik aletleri<\/figcaption><\/figure>\n<figure class=\"wp-caption aligncenter\"><a href=\"https:\/\/photos.google.com\/share\/AF1QipNuHhCDP60CvBRrSWMIvkfb-hJbOEprAgpXW8V0Ovg6PeT7nUxObV7L6oRPM8kq-g\/photo\/AF1QipOKpqufaPjNwywJ0IIeRC8Z-g_i8qdvPIW9IRA?key=TzVLMFJHRnd0Y19feGc2QURHV0dYR0xrVkE2N0Nn\" target=\"_blank\"><img decoding=\"async\" src=\"https:\/\/lh3.googleusercontent.com\/pw\/AP1GczM9yeRawCUBHPrB-wnf-0ImgvJWmXjBkvdzDxVMYDBhJQwkEhZaGLoeqId6oeYCa9fkGA4jt4NQKKovxia-0DkX33wQNfPOt7Or7fzfQu88jfxWZSMo7ioPLhwEQCxzjEVZOnjZUFMBnnQC2m7pz5-S=w2000-h1500-s-no-gm?authuser=0\" width=\"2000\" height=\"1500\" alt=\"O d\u00f6nemde ger\u00e7ekten kullan\u0131lan \u00e7e\u015fitli \u00e7iftlik aletleri\" class=\"size-full\" \/><\/a><figcaption class=\"wp-caption-text\">O d\u00f6nemde ger\u00e7ekten kullan\u0131lan \u00e7e\u015fitli \u00e7iftlik aletleri<\/figcaption><\/figure>\n<figure class=\"wp-caption aligncenter\"><a href=\"https:\/\/photos.google.com\/share\/AF1QipNuHhCDP60CvBRrSWMIvkfb-hJbOEprAgpXW8V0Ovg6PeT7nUxObV7L6oRPM8kq-g\/photo\/AF1QipPG5f47N0hspOLQt5iu4WwxryQR6eoJzF3-8jM?key=TzVLMFJHRnd0Y19feGc2QURHV0dYR0xrVkE2N0Nn\" target=\"_blank\"><img decoding=\"async\" src=\"https:\/\/lh3.googleusercontent.com\/pw\/AP1GczNBX5_7thPjpCIy_40HUPdizjZh1VS2xWBUAk34pXAL5xKJAyuWFvCYkvGkGtj02dH9sl0n-4KGn-3lPiLYNMbAmdQoQ3cKayRHjeoW6_lPZ2a8zqHLgJdGtwVGjnhrukLcC_g-6yvFk4UaSVukCRbc=w2000-h1500-s-no-gm?authuser=0\" width=\"2000\" height=\"1500\" alt=\"O g\u00fcnlerin manzaras\u0131 bir anl\u0131\u011f\u0131na canlan\u0131yor g\u00f6z\u00fcm\u00fcn \u00f6n\u00fcnde.\" class=\"size-full\" \/><\/a><figcaption class=\"wp-caption-text\">O g\u00fcnlerin manzaras\u0131 bir anl\u0131\u011f\u0131na canlan\u0131yor g\u00f6z\u00fcm\u00fcn \u00f6n\u00fcnde.<\/figcaption><\/figure>\n<figure class=\"wp-caption aligncenter\"><a href=\"https:\/\/photos.google.com\/share\/AF1QipNuHhCDP60CvBRrSWMIvkfb-hJbOEprAgpXW8V0Ovg6PeT7nUxObV7L6oRPM8kq-g\/photo\/AF1QipN7Oe5CmavFQrGhOOUEyVemYEV_i0675Qzm1mY?key=TzVLMFJHRnd0Y19feGc2QURHV0dYR0xrVkE2N0Nn\" target=\"_blank\"><img decoding=\"async\" src=\"https:\/\/lh3.googleusercontent.com\/pw\/AP1GczOKoMquIeYclaHxutxiushzLyeCxsb3Iw2Xj9hYeVQ7Jo1wdVFiOIvZAesQPDUfd0n9AMw3sIse7VnbRAFVN6hxc4VSxFGOMkn3Uy3a521_Sfwtevpi65KTaDxfTbAhqrPMqj4n8Z6dO3G4cy4oxyiy=w2000-h1500-s-no-gm?authuser=0\" width=\"2000\" height=\"1500\" alt=\"&quot;Her an hareket etmeye ba\u015flayacak gibi g\u00f6r\u00fcn\u00fcyor.&quot;\" class=\"size-full\" \/><\/a><figcaption class=\"wp-caption-text\">&quot;Her an hareket etmeye ba\u015flayacak gibi g\u00f6r\u00fcn\u00fcyor.&quot;<\/figcaption><\/figure>\n<p>Heyecan\u0131m\u0131z\u0131n etkisiyle yerel m\u00fczeden ayr\u0131l\u0131p Ay\u00e7i\u00e7e\u011fi Park\u0131 Hokuryu Onsen&#039;e do\u011fru yola koyulduk.<\/p>\n<h2>\u00d6\u011fle Yeme\u011fi: Restoran &quot;Kazuma&quot;<\/h2>\n<p>Ay\u00e7i\u00e7e\u011fi Park\u0131 Kitaryu Onsen&#039;deki &quot;Kazuguruma&quot; adl\u0131 restoranda \u00f6\u011fle yeme\u011fi.<\/p>\n<p>Hokuryu Kasabas\u0131&#039;n\u0131n lezzetli soba eri\u015ftelerinin tad\u0131n\u0131 \u00e7\u0131kar\u0131rken, herkesle ge\u00e7irdikleri de\u011ferli zaman\u0131n tad\u0131n\u0131 \u00e7\u0131kard\u0131lar.<\/p>\n<figure class=\"wp-caption aligncenter\"><a href=\"https:\/\/photos.google.com\/share\/AF1QipNuHhCDP60CvBRrSWMIvkfb-hJbOEprAgpXW8V0Ovg6PeT7nUxObV7L6oRPM8kq-g\/photo\/AF1QipOlnGGM0sY_xkqu2lPQlPrhfdcSbVNJtlk5Icw?key=TzVLMFJHRnd0Y19feGc2QURHV0dYR0xrVkE2N0Nn\" target=\"_blank\"><img decoding=\"async\" src=\"https:\/\/lh3.googleusercontent.com\/pw\/AP1GczNAJ5uyDqXwWA4hCvciJr49xedTuv4GAM5TdTqhddS_nHLQrhJpA9bUmBTIIpKFa5S69iq7qazSR4zDQcTlVkwWtqVDFnnGD2VvJbhykPSz28y6KPwzSfJa4cEAFbrgzwXaPI_yZLX6mHSip8B1C53l=w2000-h1500-s-no-gm?authuser=0\" width=\"2000\" height=\"1500\" alt=\"Hokuryu Kasabas\u0131&#039;n\u0131n lezzetli soba eri\u015ftesinin tad\u0131n\u0131 \u00e7\u0131kar\u0131n!\" class=\"size-full\" \/><\/a><figcaption class=\"wp-caption-text\">Hokuryu Kasabas\u0131&#039;n\u0131n lezzetli soba eri\u015ftesinin tad\u0131n\u0131 \u00e7\u0131kar\u0131n!<\/figcaption><\/figure>\n<figure class=\"wp-caption aligncenter\"><a href=\"https:\/\/photos.google.com\/share\/AF1QipNuHhCDP60CvBRrSWMIvkfb-hJbOEprAgpXW8V0Ovg6PeT7nUxObV7L6oRPM8kq-g\/photo\/AF1QipMvSvEy7HTORLalZjumfGpFfesgP3qp0vLq56U?key=TzVLMFJHRnd0Y19feGc2QURHV0dYR0xrVkE2N0Nn\" target=\"_blank\"><img decoding=\"async\" src=\"https:\/\/lh3.googleusercontent.com\/pw\/AP1GczPxTwYpeclVvkx4Zcy5nVDkHyLJXqXw32gV4NA6NVUS3MElwPQZJ4MAoqwomRj-3J3S0EaXLYTtXuFZDFkCRT2d_JmHU3psiVFQt4_8vDndJU0uGWkVTUFfrMJkUXw1y0itZDbPIn9axYj4BmDyIY_x=w2000-h1500-s-no-gm?authuser=0\" width=\"2000\" height=\"1500\" alt=\"Soba eri\u015ftesi\" class=\"size-full\" \/><\/a><figcaption class=\"wp-caption-text\">Soba eri\u015ftesi<\/figcaption><\/figure>\n<p>Hokuryu Kasabas\u0131&#039;n\u0131n lezzetli soba eri\u015ftesinin tad\u0131n\u0131 \u00e7\u0131kar\u0131n!<br \/>\nBitmek bilmeyen sohbet, lezzetli bir fincan kahveyle son buldu.<\/p>\n<figure class=\"wp-caption aligncenter\"><a href=\"https:\/\/photos.google.com\/share\/AF1QipNuHhCDP60CvBRrSWMIvkfb-hJbOEprAgpXW8V0Ovg6PeT7nUxObV7L6oRPM8kq-g\/photo\/AF1QipNqyjNOV_VVs3QBm5NtWkLVjistgpUOUhsi3N4?key=TzVLMFJHRnd0Y19feGc2QURHV0dYR0xrVkE2N0Nn\" target=\"_blank\"><img decoding=\"async\" src=\"https:\/\/lh3.googleusercontent.com\/pw\/AP1GczM-O9342GMCCe_9kvpJzA4u0Nqz3IMf59YsCyjUAGH6O07Ql-63gzIdIWeuwlocWOJzzTTMbLTGj-GN6eps8j19TrxqNhYM7rVF95r3SiP_yO9b5Ua3bDcP2oGmiiAcoYXMrfICnx4z2P1rrH0T7uCP=w2000-h1500-s-no-gm?authuser=0\" width=\"2000\" height=\"1500\" alt=\"Yemek sonras\u0131 kahve\" class=\"size-full\" \/><\/a><figcaption class=\"wp-caption-text\">Yemek sonras\u0131 kahve<\/figcaption><\/figure>\n<figure class=\"wp-caption aligncenter\"><a href=\"https:\/\/photos.google.com\/share\/AF1QipNuHhCDP60CvBRrSWMIvkfb-hJbOEprAgpXW8V0Ovg6PeT7nUxObV7L6oRPM8kq-g\/photo\/AF1QipOeJ1BOTU_5loG_AwQNZkjL6IMjLqx7VT5uZPU?key=TzVLMFJHRnd0Y19feGc2QURHV0dYR0xrVkE2N0Nn\" target=\"_blank\"><img decoding=\"async\" src=\"https:\/\/lh3.googleusercontent.com\/pw\/AP1GczOlKPVHHFa17zEh1ZdGFR5z8WCfKiegHpWarmO4Kd2TmpkmBJ3heoNRpdDFU8M5X2Kmq_h9c3CFU5XGYOTy4Gw6Bg1GZEChkLCM5ISorkN-eldmW82o_8xiAIQDAyUt9w-WHdxpNyYSt-VHJpPEo8P_=w2000-h1500-s-no-gm?authuser=0\" width=\"2000\" height=\"1500\" alt=\"Sohbet bitmek bilmeden devam ediyor...\" class=\"size-full\" \/><\/a><figcaption class=\"wp-caption-text\">Sohbet bitmek bilmeden devam ediyor...<\/figcaption><\/figure>\n<h2>Hat\u0131ra: Kurosengoku soya fasulyesi seti!<\/h2>\n<p>Bay Nagai hat\u0131ra olarak bir &quot;Kurosengoku Soya Fasulyesi Seti&quot; haz\u0131rlad\u0131!<\/p>\n<figure class=\"wp-caption aligncenter\"><a href=\"https:\/\/photos.google.com\/share\/AF1QipNuHhCDP60CvBRrSWMIvkfb-hJbOEprAgpXW8V0Ovg6PeT7nUxObV7L6oRPM8kq-g\/photo\/AF1QipOiP_Toxm4HjQ2ghB67Fz266hNZ8_OON5wnZIs?key=TzVLMFJHRnd0Y19feGc2QURHV0dYR0xrVkE2N0Nn\" target=\"_blank\"><img decoding=\"async\" src=\"https:\/\/lh3.googleusercontent.com\/pw\/AP1GczMzLZSkq1iOttsXuNNXJ3qys3JGBPolDnmfHi4RzCd8r4Ym5ZeuYXRIv39loAi2XTEI-5Nn3tGWFNLtA5C3anTF5Z4J2_bqklmOCcJeS8ZFyC_gclF0wPohGmU3Z1sMw8rfaTMyx-Ms2K6oMy507WLK=w2000-h1500-s-no-gm?authuser=0\" width=\"2000\" height=\"1500\" alt=\"Hat\u0131ra Kurosengoku soya fasulyesi seti\" class=\"size-full\" \/><\/a><figcaption class=\"wp-caption-text\">Hat\u0131ra Kurosengoku soya fasulyesi seti<\/figcaption><\/figure>\n<figure class=\"wp-caption aligncenter\"><a href=\"https:\/\/photos.google.com\/share\/AF1QipNuHhCDP60CvBRrSWMIvkfb-hJbOEprAgpXW8V0Ovg6PeT7nUxObV7L6oRPM8kq-g\/photo\/AF1QipMklg6jAdAz7_krUEFCCSfiYO6MJeK-GfTzzDQ?key=TzVLMFJHRnd0Y19feGc2QURHV0dYR0xrVkE2N0Nn\" target=\"_blank\"><img decoding=\"async\" src=\"https:\/\/lh3.googleusercontent.com\/pw\/AP1GczNCQC2mY380AJZ6A5-PDYHI0kLHJ51jiaNMeYkUH2su52AYl9ew9za9iM-aMRKMxd8a7SFLPAC2hcr8qy3lW1yscG3vxd6neG1DNJzgiNW3u9jpj-X7BjqvNS7tvr7IZHrk7QJKe8bq9IlE31MmC3fk=w2000-h1500-s-no-gm?authuser=0\" width=\"2000\" height=\"1500\" alt=\"Tekrar g\u00f6r\u00fc\u015fmek \u00fczere, vedala\u015fma vakti...\" class=\"size-full\" \/><\/a><figcaption class=\"wp-caption-text\">Tekrar g\u00f6r\u00fc\u015fmek \u00fczere, vedala\u015fma vakti...<\/figcaption><\/figure>\n<p>Memleketimdeki okuldan gen\u00e7 bir adam olarak mezun olmam\u0131n \u00fczerinden altm\u0131\u015f d\u00f6rt y\u0131l ge\u00e7ti ve o g\u00fcnlere ait bir\u00e7ok g\u00fczel an\u0131 g\u00f6z\u00fcm\u00fcn \u00f6n\u00fcnde canlan\u0131yor...<\/p>\n<p>De\u011ferli uyum ruhunun aktar\u0131ld\u0131\u011f\u0131 muhte\u015fem Mibaushi Mezunlar Derne\u011fi&#039;ne s\u0131n\u0131rs\u0131z sevgi, \u015f\u00fckran ve dualar\u0131m\u0131zla.<\/p>\n<figure class=\"wp-caption aligncenter\"><a href=\"https:\/\/photos.google.com\/share\/AF1QipNuHhCDP60CvBRrSWMIvkfb-hJbOEprAgpXW8V0Ovg6PeT7nUxObV7L6oRPM8kq-g\/photo\/AF1QipNzoh1Wz-U-VzgYwLX7cDrHB9JBWM5VmQY_JeA?key=TzVLMFJHRnd0Y19feGc2QURHV0dYR0xrVkE2N0Nn\" target=\"_blank\"><img decoding=\"async\" src=\"https:\/\/lh3.googleusercontent.com\/pw\/AP1GczNlQNOlR0DSvzQoUG11kdIzYIdAHdEbqyD5C16g1LnOVAH8dcCAbXiB5KK0oXZbVfPiO_-dsd8AX4gkoeeZ029WOri3uYazVmsMT7n2HQMiUM8DSZi70ya6h4on8pev-cS9DlLI_a1wzev6uiv9ASpF=w2000-h1500-s-no-gm?authuser=0\" width=\"2000\" height=\"1500\" alt=\"Sevgili memleketimin k\u0131ymetli an\u0131lar\u0131n\u0131 y\u00fcre\u011fimde ta\u015f\u0131yorum...\" class=\"size-full\" \/><\/a><figcaption class=\"wp-caption-text\">Sevgili memleketimin k\u0131ymetli an\u0131lar\u0131n\u0131 y\u00fcre\u011fimde ta\u015f\u0131yorum...<\/figcaption><\/figure>\n<h2>S\u0131n\u0131f bulu\u015fmas\u0131 an\u0131lar\u0131 alb\u00fcm\u00fc<\/h2>\n<figure class=\"wp-caption aligncenter\"><a href=\"https:\/\/photos.google.com\/share\/AF1QipNuHhCDP60CvBRrSWMIvkfb-hJbOEprAgpXW8V0Ovg6PeT7nUxObV7L6oRPM8kq-g\/photo\/AF1QipPyrY8fVbDa1-STRgRRlO5fCVvh7FUrVn_i7OI?key=TzVLMFJHRnd0Y19feGc2QURHV0dYR0xrVkE2N0Nn\" target=\"_blank\"><img decoding=\"async\" src=\"https:\/\/lh3.googleusercontent.com\/pw\/AP1GczPfjfN2G5xEfgT8IoJKC2gEY37beu34N8XisPC-GdUjzF0mehfS1nfYCT13whByRcyzGU4fo4jA85gd20UHK5tQZW56pl19ZwUgU2_g0HU1L9N-BpZ7iPNGN8m66bbFjgRDboZ99pjDxlGrYNjsC6_0=w1148-h1530-s-no-gm?authuser=0\" width=\"1148\" height=\"1530\" alt=\"S\u0131n\u0131f bulu\u015fmas\u0131 kronolojisi\" class=\"size-full\" \/><\/a><figcaption class=\"wp-caption-text\">S\u0131n\u0131f bulu\u015fmas\u0131 kronolojisi<\/figcaption><\/figure>\n<figure class=\"wp-caption aligncenter\"><a href=\"https:\/\/photos.google.com\/share\/AF1QipNuHhCDP60CvBRrSWMIvkfb-hJbOEprAgpXW8V0Ovg6PeT7nUxObV7L6oRPM8kq-g\/photo\/AF1QipOvyGXm8HOYanKI6hy8o20jqgWyQQj_ZjZvRGs?key=TzVLMFJHRnd0Y19feGc2QURHV0dYR0xrVkE2N0Nn\" target=\"_blank\"><img decoding=\"async\" src=\"https:\/\/lh3.googleusercontent.com\/pw\/AP1GczP8qfXEWdDxMgZtuS0jmUJdHSSNpCD6cokVsdC2QFzF3sKqFgRHi0b55pQezDSYwF9Ygbj3aMcUbvspX8QneoXThnWUdFnDaSgjyTp9qVKOWXsy0mIBCDOCVqdReiO_gIxnSRznjBKGo9SpX30kGeQu=w2000-h1396-s-no-gm?authuser=0\" width=\"2000\" height=\"1396\" alt=\"16 A\u011fustos 1977 (Showa 52) Otel Sapporo Kaikan\" class=\"size-full\" \/><\/a><figcaption class=\"wp-caption-text\">16 A\u011fustos 1977 (Showa 52) Otel Sapporo Kaikan<\/figcaption><\/figure>\n<figure class=\"wp-caption aligncenter\"><a href=\"https:\/\/photos.google.com\/share\/AF1QipNuHhCDP60CvBRrSWMIvkfb-hJbOEprAgpXW8V0Ovg6PeT7nUxObV7L6oRPM8kq-g\/photo\/AF1QipO85egvDllf2nba091KkLl_H4F4bjh0SfpympI?key=TzVLMFJHRnd0Y19feGc2QURHV0dYR0xrVkE2N0Nn\" target=\"_blank\"><img decoding=\"async\" src=\"https:\/\/lh3.googleusercontent.com\/pw\/AP1GczNHz0LqIqBB7E_0mdvlc4A4KYCSHdn8Av70eyVvj2sHT6cPR2qKv2PZ969TZqGaIQtJq8Q0PtAALbJi3Jv2NMfI8KI0qDkrq2Z6j8k_AMmw4nRgdTayjdDAWvHVWZGpT3syjB_tNYjB5XR3A6erK_Gr=w2000-h1395-s-no-gm?authuser=0\" width=\"2000\" height=\"1395\" alt=\"23 Mart 1991 (Heisei 3) Sapporo Onsen B\u00fcy\u00fck Ma\u011fazas\u0131\" class=\"size-full\" \/><\/a><figcaption class=\"wp-caption-text\">23 Mart 1991 (Heisei 3) Sapporo Onsen B\u00fcy\u00fck Ma\u011fazas\u0131<\/figcaption><\/figure>\n<figure class=\"wp-caption aligncenter\"><a href=\"https:\/\/photos.google.com\/share\/AF1QipNuHhCDP60CvBRrSWMIvkfb-hJbOEprAgpXW8V0Ovg6PeT7nUxObV7L6oRPM8kq-g\/photo\/AF1QipNJ4FGT3q5EV0edY1dTDUAlWSoInGOPjn2BQQA?key=TzVLMFJHRnd0Y19feGc2QURHV0dYR0xrVkE2N0Nn\" target=\"_blank\"><img decoding=\"async\" src=\"https:\/\/lh3.googleusercontent.com\/pw\/AP1GczNHGr65r0YZkdyhaUrjDYhYJ8d7fSRfg1JCrjdBRiVjsrEGwzJNEQiHkx3nKA9lPh4WPr90m6bL2UcLYV4_vJjofk5OKUVkjyYnlS9P4ubqADP4ZIKMHHqmltuOoTZm44jy-DQ_HOY26D2q2znzb7q0=w2000-h1394-s-no-gm?authuser=0\" width=\"2000\" height=\"1394\" alt=\"1996 (23 ve 24 Mart 1996) Numatahoroshin Ate\u015f B\u00f6ce\u011fi M\u00fczesi\" class=\"size-full\" \/><\/a><figcaption class=\"wp-caption-text\">1996 (23 ve 24 Mart 1996) Numatahoroshin Ate\u015f B\u00f6ce\u011fi M\u00fczesi<\/figcaption><\/figure>\n<figure class=\"wp-caption aligncenter\"><a href=\"https:\/\/photos.google.com\/share\/AF1QipNuHhCDP60CvBRrSWMIvkfb-hJbOEprAgpXW8V0Ovg6PeT7nUxObV7L6oRPM8kq-g\/photo\/AF1QipOGpfNpLf0JwIsEUrOJYka_vel-v0AWol9UzWc?key=TzVLMFJHRnd0Y19feGc2QURHV0dYR0xrVkE2N0Nn\" target=\"_blank\"><img decoding=\"async\" src=\"https:\/\/lh3.googleusercontent.com\/pw\/AP1GczMmM2e2hvt4BenyPm7sgJ8PqfrCLtwKCBIJgE0bQdpnzdzrVniM9varAQSdZWLc8jTJjjHpnVCstsmtP6ix2RALu3MgJMZxG1oasdCXAMFY5zmK_y2lKturmfiemBeFh7GZSjEtiThhvNne78nvxG3r=w2000-h1408-s-no-gm?authuser=0\" width=\"2000\" height=\"1408\" alt=\"13 Mart 2007 (Heisei 19) Jozankei View Oteli\" class=\"size-full\" \/><\/a><figcaption class=\"wp-caption-text\">13 Mart 2007 (Heisei 19) Jozankei View Oteli<\/figcaption><\/figure>\n<figure id=\"attachment_53262\" class=\"wp-caption aligncenter\"><img decoding=\"async\" src=\"https:\/\/portal.hokuryu.info\/wp\/wp-content\/uploads\/2024\/11\/20150328-_DSC0843.jpg\" alt=\"28 Mart 2015 (Heisei 27) Ay\u00e7i\u00e7e\u011fi Park\u0131 Hokuryu Onsen\" width=\"1329\" height=\"864\" class=\"size-full wp-image-53262\" \/><figcaption class=\"wp-caption-text\">28 Mart 2015 (Heisei 27) Ay\u00e7i\u00e7e\u011fi Park\u0131 Hokuryu Onsen<\/figcaption><\/figure>\n<figure class=\"wp-caption aligncenter\"><a href=\"https:\/\/photos.google.com\/share\/AF1QipNuHhCDP60CvBRrSWMIvkfb-hJbOEprAgpXW8V0Ovg6PeT7nUxObV7L6oRPM8kq-g\/photo\/AF1QipOq6YYY3JlXkgkkzQdhCcbP2hiTpNWR5NlPKYE?key=TzVLMFJHRnd0Y19feGc2QURHV0dYR0xrVkE2N0Nn\" target=\"_blank\"><img decoding=\"async\" src=\"https:\/\/lh3.googleusercontent.com\/pw\/AP1GczO5D19d2IQ72Ll82YB6K1512XSd3ThoOxNSnNVh3N1ZGti4WyYQ7-EbrlEeHXtN47YdOCiDitB8E6iLPtpu6k0mnNaJh5rzD_MuBO4ek_hqCk-6E3CY-OYC3nNPYWWnI8Pizz0PdVrn9wFn1KL8k4C_=w2000-h1429-s-no-gm?authuser=0\" width=\"2000\" height=\"1429\" alt=\"29 Mart 2015 (Heisei 27) JR Togesita \u0130stasyonu\" class=\"size-full\" \/><\/a><figcaption class=\"wp-caption-text\">29 Mart 2015 (Heisei 27): JR Togesita \u0130stasyonu<\/figcaption><\/figure>\n<figure class=\"wp-caption aligncenter\"><a href=\"https:\/\/photos.google.com\/share\/AF1QipNuHhCDP60CvBRrSWMIvkfb-hJbOEprAgpXW8V0Ovg6PeT7nUxObV7L6oRPM8kq-g\/photo\/AF1QipMru799ZUNNmjhpYSXQjAfg07lE80AXWvt9HTk?key=TzVLMFJHRnd0Y19feGc2QURHV0dYR0xrVkE2N0Nn\" target=\"_blank\"><img decoding=\"async\" src=\"https:\/\/lh3.googleusercontent.com\/pw\/AP1GczNwHgjo7K3Tyqt4nvIqbtMnSbpl7l22mP4-ZegYCNFs6yL1WHQZU1icjGxOE7n2MinyzC27ZGKu3iFCFh8dlgFnDBMYV89gYsY2V4KKBIdbOK0KgNARexVvM3DOdhkcG3_TqTmGNjn4DcGG0gGwvoyv=w2000-h1405-s-no-gm?authuser=0\" width=\"2000\" height=\"1405\" alt=\"23 Temmuz 2018: Holoshin Onsen Hotarukan\" class=\"size-full\" \/><\/a><figcaption class=\"wp-caption-text\">23 Temmuz 2018 (Heisei 30) Horoshin Onsen Hotarukan<\/figcaption><\/figure>\n<figure class=\"wp-caption aligncenter\"><a href=\"https:\/\/photos.google.com\/share\/AF1QipNuHhCDP60CvBRrSWMIvkfb-hJbOEprAgpXW8V0Ovg6PeT7nUxObV7L6oRPM8kq-g\/photo\/AF1QipMTPUqM0PlNqei2aJXJ7HAHw9IqktdcH9LOXr0?key=TzVLMFJHRnd0Y19feGc2QURHV0dYR0xrVkE2N0Nn\" target=\"_blank\"><img decoding=\"async\" src=\"https:\/\/lh3.googleusercontent.com\/pw\/AP1GczNz7mMa8masihO3S5yMDdubnFQa4-Jg2GMtzK_TQANJZjZnEOesXzAURkklFrqyrhYPkTDgB0gG9aY1OuIwkl8o5TBfXcZy6qSN_vP2Pb9EXmtXMo0xDRwYxTTIkwmZmbtjQCqBYTmmTCgHt3rifQ6o=w2000-h1355-s-no-gm?authuser=0\" width=\"2000\" height=\"1355\" alt=\"23 Temmuz 2018: Holoshin Onsen Hotarukan\" class=\"size-full\" \/><\/a><figcaption class=\"wp-caption-text\">23 Temmuz 2018 (Heisei 30) Horoshin Onsen Hotarukan<\/figcaption><\/figure>\n<figure class=\"wp-caption aligncenter\"><a href=\"https:\/\/photos.google.com\/share\/AF1QipNuHhCDP60CvBRrSWMIvkfb-hJbOEprAgpXW8V0Ovg6PeT7nUxObV7L6oRPM8kq-g\/photo\/AF1QipMn3Dl7j8gdKVewhSX0LE5eSaTFGRANXn46QVc?key=TzVLMFJHRnd0Y19feGc2QURHV0dYR0xrVkE2N0Nn\" target=\"_blank\"><img decoding=\"async\" src=\"https:\/\/lh3.googleusercontent.com\/pw\/AP1GczM8C6AKYQ9QOWUCS9WQ3430TjB4LsA7CD7lHLOPr6NeNjtFLs3k9g85IP2glticzArJwMALnqPUsNML89ktNU-ZoO0dcBbcPLloY9DBeyydn7g2UIoi3EXGKkekDUEYMKhFM2s8__Jv0zR1ASQxvxbA=w1072-h1530-s-no-gm?authuser=0\" width=\"1072\" height=\"1530\" alt=\"24 Temmuz 2018 (Heisei 30) Okul \u015fark\u0131 an\u0131t\u0131n\u0131n \u00f6n\u00fc\" class=\"size-full\" \/><\/a><figcaption class=\"wp-caption-text\">24 Temmuz 2018 (Heisei 30): Okul \u015fark\u0131 an\u0131t\u0131n\u0131n \u00f6n\u00fc<\/figcaption><\/figure>\n<figure class=\"wp-caption aligncenter\"><a href=\"https:\/\/photos.google.com\/share\/AF1QipNuHhCDP60CvBRrSWMIvkfb-hJbOEprAgpXW8V0Ovg6PeT7nUxObV7L6oRPM8kq-g\/photo\/AF1QipNpqIKxAI5IoGRasRi8ZyAYVGi14i73-MKiuw8?key=TzVLMFJHRnd0Y19feGc2QURHV0dYR0xrVkE2N0Nn\" target=\"_blank\"><img decoding=\"async\" src=\"https:\/\/lh3.googleusercontent.com\/pw\/AP1GczNx9oOx-h9GEOuqdM1ev8ouyNdbe7OZSYg8H0MynYbvT4UyKqUsIFPz75rGU3Ax0vFPa2vYViYZQarvYGN2cZroO58jbXycQvrxdGHQeN7bOKJWxiPHtYJrZypknibCTmgGXXdc0Jwie6zYybDPGiEc=w2000-h1408-s-no-gm?authuser=0\" width=\"2000\" height=\"1408\" alt=\"24 Temmuz 2018 (Heisei 30): JR Togeshita \u0130stasyonu \u00f6n\u00fc\" class=\"size-full\" \/><\/a><figcaption class=\"wp-caption-text\">24 Temmuz 2018 (Heisei 30) JR Togesita \u0130stasyonu \u00f6n\u00fc<\/figcaption><\/figure>\n<figure class=\"wp-caption aligncenter\"><a href=\"https:\/\/photos.google.com\/share\/AF1QipNuHhCDP60CvBRrSWMIvkfb-hJbOEprAgpXW8V0Ovg6PeT7nUxObV7L6oRPM8kq-g\/photo\/AF1QipN5oD1U9YzCkt89LxyZpNP-IywCrgsyG2bQNcU?key=TzVLMFJHRnd0Y19feGc2QURHV0dYR0xrVkE2N0Nn\" target=\"_blank\"><img decoding=\"async\" src=\"https:\/\/lh3.googleusercontent.com\/pw\/AP1GczOoiGXuX4sq9mZFgUmEqK2--nEFXznDvEeHMV5ZJRUz-BWT1Ld180VICQU9ezjAkc8fquRMncywbdwLJK7tKyImPCHrxs67hG8zHrBhuFaOUL1IdRsw-IlYT4lN4lhk8B_NfrI1tiRHQClc0Un-bwhf=w2000-h1455-s-no-gm?authuser=0\" width=\"2000\" height=\"1455\" alt=\"Ortaokulun birinci ve ikinci y\u0131llar\u0131na, s\u0131n\u0131f bulu\u015fmalar\u0131na dair an\u0131lar\u0131m...\" class=\"size-full\" \/><\/a><figcaption class=\"wp-caption-text\">Ortaokulun birinci ve ikinci y\u0131llar\u0131na, s\u0131n\u0131f bulu\u015fmalar\u0131na dair an\u0131lar\u0131m...<\/figcaption><\/figure>\n<h2>Youtube videolar\u0131<\/h2>\n<div class=\"youtube\"><iframe title=\"Hokuryu Kasabas\u0131 Mihoushi \u0130lkokulu&#039;nun 40. mezunlar\u0131 ve Mihoushi Ortaokulu&#039;nun 9. mezunlar\u0131. De\u011ferli uyum ruhu nesilden nesile aktar\u0131l\u0131yor.\" src=\"https:\/\/www.youtube.com\/embed\/0xo_m7LFgN8?feature=oembed\" frameborder=\"0\" allow=\"accelerometer; autoplay; clipboard-write; encrypted-media; gyroscope; picture-in-picture; web-share\" referrerpolicy=\"strict-origin-when-cross-origin\" allowfullscreen><\/iframe><\/div>\n<h2>Di\u011fer foto\u011fraflar<\/h2>\n<div class=\"img-move\"><img decoding=\"async\" style=\"vertical-align: middle;\" src=\"https:\/\/ehokkaido.net\/wp-content\/uploads\/2021\/12\/2021-12-06-11.41.12.png\" \/> <a href=\"https:\/\/photos.app.goo.gl\/GF1k4t2Nfye8rSj86\" target=\"_blank\" rel=\"noopener noreferrer\">Hokuryu Kasabas\u0131 Mibaushi \u0130lkokulu&#039;nun 40. mezun s\u0131n\u0131f\u0131n\u0131n ve Mibaushi Ortaokulu&#039;nun 9. mezun s\u0131n\u0131f\u0131n\u0131n foto\u011fraflar\u0131na (238 foto\u011fraf) buradan ula\u015fabilirsiniz &gt;&gt;<\/a><\/div>\n<h2>\u0130lgili makaleler<\/h2>\n\n        <div class=\"site-blogcard-premium\">\n            <div class=\"bc-label-custom\">\u0130lgili makaleler<\/div>\n            <div class=\"bc-flex-container\">\n                <div class=\"bc-main-text\">\n                    <div class=\"bc-title-link-box\">\n                        <a href=\"https:\/\/portal.hokuryu.info\/tr\/topics\/culture\/20150402.html\/\" target=\"_blank\">70. y\u0131l d\u00f6n\u00fcmlerini kutlayanlar, 50 y\u0131l sonra ilk kez memleketlerinde bir araya geldiler! Hokuryu Kasabas\u0131 Mihoushi \u0130lkokulu&#039;nun 40. mezun s\u0131n\u0131f\u0131 ve Mihoushi Ortaokulu&#039;nun 9. mezun s\u0131n\u0131f\u0131 i\u00e7in s\u0131n\u0131f bulu\u015fmas\u0131 - Hokuryu Kasabas\u0131 Portal\u0131 (Hokkaido) - Japonya&#039;n\u0131n 1 numaral\u0131 ay\u00e7i\u00e7e\u011fi k\u00f6y\u00fc<\/a>\n                    <\/div>\n                    <div class=\"bc-excerpt-box\">2.100 n\u00fcfuslu ve 401.300 ki\u015filik ya\u015flanma oran\u0131na sahip, canl\u0131 bir kasaban\u0131n &quot;bug\u00fcnk\u00fc&quot; halini sizlere sunuyoruz. Ay\u00e7i\u00e7ekleri gibi, aileler uyum i\u00e7inde ya\u015f\u0131yor...<\/div>\n                <\/div>\n                <div class=\"bc-thumbnail-box\">\n                    <a href=\"https:\/\/portal.hokuryu.info\/tr\/topics\/culture\/20150402.html\/\" target=\"_blank\">\n                        <div class=\"bc-img-zoom-wrap\">\n                            <img decoding=\"async\" src=\"https:\/\/lh4.googleusercontent.com\/-cfSktYHbShA\/VRvDLQpCMwI\/AAAAAAABvyg\/8Oe6bciQQ9Y\/w1296-h864-no\/20150329-_DSC0963.jpg\" alt=\"70. y\u0131l d\u00f6n\u00fcmlerini kutlayanlar, 50 y\u0131l sonra ilk kez memleketlerinde bir araya geldiler! Hokuryu Kasabas\u0131 Mihoushi \u0130lkokulu&#039;nun 40. mezun s\u0131n\u0131f\u0131 ve Mihoushi Ortaokulu&#039;nun 9. mezun s\u0131n\u0131f\u0131 i\u00e7in s\u0131n\u0131f bulu\u015fmas\u0131 - Hokuryu Kasabas\u0131 Portal\u0131 (Hokkaido) - Japonya&#039;n\u0131n 1 numaral\u0131 ay\u00e7i\u00e7e\u011fi k\u00f6y\u00fc\">\n                        <\/div>\n                    <\/a>\n                <\/div>\n            <\/div>\n        <\/div>\n<p>\u3000<br \/>\n\u25c7 R\u00f6portaj ve metin: Ikuko Terauchi (foto\u011fraf\u00e7\u0131l\u0131k ve d\u00fczenleme asistan\u0131: Noboru Terauchi)<\/p>","protected":false},"excerpt":{"rendered":"<p>\uff12\uff10\uff12\uff14\u5e74\uff11\uff11\u6708\uff12\uff11\u65e5\uff08\u6728\uff09 \uff11\uff11\u6708\uff11\uff17\u65e5\uff08\u65e5\uff09\u301c\uff11\uff18\u65e5\uff08\u6708\uff09\u3001\uff11\u6cca\uff12\u65e5\u3067\u5317\u7adc\u753a\u7acb\u7f8e\u8449\u725b\u5c0f\u5b66\u6821\u7b2c\uff14\uff10\u56de\u5352\u696d\u751f\u30fb\u7f8e\u8449\u725b\u4e2d\u5b66\u6821\u7b2c\uff19\u56de\u5352\u696d\u751f\u30af\u30e9\u30b9\u4f1a\u304c\u5317\u7adc\u753a\u3067\u958b\u50ac\u3055\u308c\u307e\u3057\u305f\u3002 \uff19\u5e74\u632f\u308a\u306b\u5317\u7adc\u753a\u3067\u958b\u50ac \u662d\u548c\uff13 [&hellip;]<\/p>\n","protected":false},"author":1,"featured_media":53252,"comment_status":"open","ping_status":"open","sticky":false,"template":"","format":"standard","meta":{"footnotes":""},"categories":[4],"tags":[],"class_list":["post-53243","post","type-post","status-publish","format-standard","has-post-thumbnail","hentry","category-cover-story"],"_links":{"self":[{"href":"https:\/\/portal.hokuryu.info\/tr\/wp-json\/wp\/v2\/posts\/53243","targetHints":{"allow":["GET"]}}],"collection":[{"href":"https:\/\/portal.hokuryu.info\/tr\/wp-json\/wp\/v2\/posts"}],"about":[{"href":"https:\/\/portal.hokuryu.info\/tr\/wp-json\/wp\/v2\/types\/post"}],"author":[{"embeddable":true,"href":"https:\/\/portal.hokuryu.info\/tr\/wp-json\/wp\/v2\/users\/1"}],"replies":[{"embeddable":true,"href":"https:\/\/portal.hokuryu.info\/tr\/wp-json\/wp\/v2\/comments?post=53243"}],"version-history":[{"count":0,"href":"https:\/\/portal.hokuryu.info\/tr\/wp-json\/wp\/v2\/posts\/53243\/revisions"}],"wp:featuredmedia":[{"embeddable":true,"href":"https:\/\/portal.hokuryu.info\/tr\/wp-json\/wp\/v2\/media\/53252"}],"wp:attachment":[{"href":"https:\/\/portal.hokuryu.info\/tr\/wp-json\/wp\/v2\/media?parent=53243"}],"wp:term":[{"taxonomy":"category","embeddable":true,"href":"https:\/\/portal.hokuryu.info\/tr\/wp-json\/wp\/v2\/categories?post=53243"},{"taxonomy":"post_tag","embeddable":true,"href":"https:\/\/portal.hokuryu.info\/tr\/wp-json\/wp\/v2\/tags?post=53243"}],"curies":[{"name":"wp","href":"https:\/\/api.w.org\/{rel}","templated":true}]}}