{"id":4983,"date":"2020-09-28T09:01:21","date_gmt":"2020-09-28T00:01:21","guid":{"rendered":"https:\/\/portal.hokuryu.info\/?p=4983"},"modified":"2021-05-07T12:59:51","modified_gmt":"2021-05-07T03:59:51","slug":"4983-mesaj","status":"publish","type":"post","link":"https:\/\/portal.hokuryu.info\/tr\/4983\/","title":{"rendered":"B&amp;G Vakf\u0131 Ba\u015fkan\u0131 Satoshi Sugawara ve personel \u00fcyeleriyle Hokuryu ve di\u011fer b\u00f6lgelerin turu ve sosyal bir toplant\u0131"},"content":{"rendered":"<p>Pazartesi, 28 Eyl\u00fcl 2020<\/p>\n<p>2020 Hokkaido B&amp;G E\u011fitmen E\u011fitim Oturumu&#039;nun ertesi g\u00fcn\u00fc d\u00fczenlenen B&amp;G Hokkaido Blok \u0130rtibat G\u00f6revlisi Konferans De\u011fi\u015fim Toplant\u0131s\u0131&#039;n\u0131n sona ermesinin ard\u0131ndan \u00f6\u011fleden sonra Belediye Ba\u015fkan\u0131 Sano Yutaka, Kitary\u016b kasabas\u0131 E\u011fitim Kurulu M\u00fcd\u00fcr\u00fc Arima Kazushi, B\u00f6l\u00fcm \u015eefi Iguchi Junichi, personel \u00fcyesi Shimizuno Riki ve k\u00f6y destek \u00e7al\u0131\u015fanlar\u0131 Terauchi Noboru ve Ikuko&#039;nun yan\u0131 s\u0131ra B&amp;G Vakf\u0131 Ba\u015fkan\u0131 Sugawara Satoshi, Genel \u0130\u015fler B\u00f6l\u00fcm\u00fc \u015eefi Nakajima Hiroomi ve Deniz Merkezi ve Kul\u00fcp B\u00f6l\u00fcm\u00fc personeli Kurihara Himeyuki taraf\u0131ndan Kitary\u016b kasabas\u0131 ve kom\u015fu \u015fehir ve kasabalara bir tur d\u00fczenlendi.<\/p>\n<h2>Hokuryu Kasabas\u0131 ve kom\u015fu \u015fehir ve kasabalar\u0131 ziyaret edin<\/h2>\n<h3>Mitani il\u00e7esi, Hokuryu kasabas\u0131<\/h3>\n<p>Saat 14:00&#039;te Ay\u00e7i\u00e7e\u011fi Park\u0131 Kitaryu Onsen&#039;den hareket ederek, alt\u0131n rengi pirin\u00e7 saplar\u0131n\u0131n r\u00fczgarda salland\u0131\u011f\u0131 Kitaryu kasabas\u0131n\u0131n Mitani b\u00f6lgesinden ve Keidaibetsu Tamu&#039;dan ge\u00e7erek Mashike kasabas\u0131na do\u011fru yola \u00e7\u0131kaca\u011f\u0131z.<br \/>\n\ufffc<br \/>\n<figure class=\"wp-caption aligncenter\"><a href=\"https:\/\/photos.google.com\/share\/AF1QipMacCjcbFD_pbJlmL74w92J6EiJw3CtTrsa74Dewpym8lolMSEDjsF9rHFlmxq-_g\/photo\/AF1QipMwFQWY398ZiSjh_Ej3IhpJyooeHoSNCcm9eiE?key=U0d3azY4Tnl6cXVnR3NZUzBDSmZuWkZoZmhMNUpB\" target=\"_blank\" rel=\"noopener noreferrer\"><img decoding=\"async\" src=\"https:\/\/lh3.googleusercontent.com\/pw\/ACtC-3eWG7DWxGyGTOYu1qTTg_42ZLo5gvvhFxkphqt2MHYfjH24T9SAi6O8P0dhMCa-DAp2xobR72z-cSvr7zEXl079IwEM5FgR3osXGHk0MspzQygU_MsoFhfoFiiLD5DSXSuFiriFg22snlo6vdbcWBRW=w2000-h1332-no?authuser=0\" width=\"1998\" height=\"1332\" alt=\"B\u00f6l\u00fcm \u015eefi Iguchi&#039;nin rehberli\u011finde kasaba ve \u00e7evre b\u00f6lgelerinin turu\" class=\"size-medium\" \/><\/a><figcaption class=\"wp-caption-text\">B\u00f6l\u00fcm \u015eefi Iguchi&#039;nin rehberli\u011finde kasaba ve \u00e7evre b\u00f6lgelerinin turu<\/figcaption><\/figure>\n<p>Oraya giderken, arabada bu y\u0131lki Etaibetsu Baraj\u0131&#039;n\u0131n saf suyunda yeti\u015ftirilen pirincin hasat durumu ve kalitesi, Mashike Kasabas\u0131, Rumoi \u015eehri ve Hokuryu Kasabas\u0131 aras\u0131ndaki ili\u015fki ve mevcut durum da dahil olmak \u00fczere, durum hakk\u0131nda \u00e7ok \u015fey duyduk.<br \/>\n\ufffc<br \/>\n<figure class=\"wp-caption aligncenter\"><a href=\"https:\/\/photos.google.com\/share\/AF1QipMacCjcbFD_pbJlmL74w92J6EiJw3CtTrsa74Dewpym8lolMSEDjsF9rHFlmxq-_g\/photo\/AF1QipMqdTxVU9GUDyphIhByGSftiq_B0rAm7ncBJ6o?key=U0d3azY4Tnl6cXVnR3NZUzBDSmZuWkZoZmhMNUpB\" target=\"_blank\" rel=\"noopener noreferrer\"><img decoding=\"async\" src=\"https:\/\/lh3.googleusercontent.com\/pw\/ACtC-3dykBfAN_cC37G7FtZLfhSa4KLv8tGG5Sm4XWoJwpyDga_toKopFkpnkZTGHlXryCrF1lNdCluIZJNxi0_w48RkLuitwyUTVegVIa2PLQUU0S0ItF-ZaeF-2Y05EZ7mX2T1vYihrEETSi0X6wkprdJk=w2000-h1332-no?authuser=0\" width=\"1998\" height=\"1332\" alt=\"Hasattan \u00f6nce Hokuryu Kasabas\u0131ndaki pirin\u00e7 tarlalar\u0131\" class=\"size-medium\" \/><\/a><figcaption class=\"wp-caption-text\">Hasattan \u00f6nce Hokuryu Kasabas\u0131ndaki pirin\u00e7 tarlalar\u0131<\/figcaption><\/figure>\n<h3>Mashike Kasabas\u0131<\/h3>\n<p>Mashike Kasabas\u0131, Belediye Ba\u015fkan\u0131 Sano&#039;nun annesinin memleketiydi, bu nedenle o d\u00f6nemde Mashike Kasabas\u0131&#039;n\u0131n nas\u0131l bir yer oldu\u011funu ve anne babas\u0131yla ilgili an\u0131lar\u0131n\u0131 nostaljik bir \u015fekilde anlatt\u0131.<\/p>\n<h4>Mashike \u0130stasyonu<\/h4>\n<p>Mashike Kasabas\u0131&#039;nda ilk gitti\u011fimiz yer Mashike \u0130stasyonu&#039;ydu.<br \/>\n\ufffc<br \/>\n<figure class=\"wp-caption aligncenter\"><a href=\"https:\/\/photos.google.com\/share\/AF1QipMacCjcbFD_pbJlmL74w92J6EiJw3CtTrsa74Dewpym8lolMSEDjsF9rHFlmxq-_g\/photo\/AF1QipM7a15Pp156sC0j1N8Lo0f6pTr3rYKH7oj1fHc?key=U0d3azY4Tnl6cXVnR3NZUzBDSmZuWkZoZmhMNUpB\" target=\"_blank\" rel=\"noopener noreferrer\"><img decoding=\"async\" src=\"https:\/\/lh3.googleusercontent.com\/pw\/ACtC-3cK5bB8LUiXw2e12Geuo1g9JmCX-sdW3zmX2QtkGw_fBqlOg_BtUnA0qtaio_T8ePws5cs3aMDlDiD2s0ibabiK0UmlcUepPh4bshYRZXpciMuR6S4Rm3xzhSr-h5Ebg7SFwUH5RaRAafY2JMDEKG_T=w2000-h1332-no?authuser=0\" width=\"1998\" height=\"1332\" alt=\"Mashike \u0130stasyonu\" class=\"size-medium\" \/><\/a><figcaption class=\"wp-caption-text\">Mashike \u0130stasyonu<\/figcaption><\/figure>\n\ufffc<br \/>\n<figure class=\"wp-caption aligncenter\"><a href=\"https:\/\/photos.google.com\/share\/AF1QipMacCjcbFD_pbJlmL74w92J6EiJw3CtTrsa74Dewpym8lolMSEDjsF9rHFlmxq-_g\/photo\/AF1QipPS8_iER--g6flI-PcONlypaRNYBSZhznPjGBQ?key=U0d3azY4Tnl6cXVnR3NZUzBDSmZuWkZoZmhMNUpB\" target=\"_blank\" rel=\"noopener noreferrer\"><img decoding=\"async\" src=\"https:\/\/lh3.googleusercontent.com\/pw\/ACtC-3fCfqD9w12ckoUs_CVHttrrNk_ciRdTaDX5Apnr6LJY3uSa0yf--8XpCOI0o-vFpa0SWc5j29FGcvmcjR1u24Irm4eFT8A-36vMKEm_JR956_yXBsTDwHZIL1tRURW6w_CKwx0aql3h6yr1Uiqzw1yk=w1346-h897-no?authuser=0\" width=\"1998\" height=\"1332\" alt=\"2016 y\u0131l\u0131nda kald\u0131r\u0131lan Rumoi Ana Hatt\u0131&#039;n\u0131 d\u00fc\u015f\u00fcn\u00fcyorum.\" class=\"size-medium\" \/><\/a><figcaption class=\"wp-caption-text\">2016 y\u0131l\u0131nda kald\u0131r\u0131lan Rumoi Ana Hatt\u0131&#039;n\u0131 d\u00fc\u015f\u00fcn\u00fcyorum.<\/figcaption><\/figure>\n<figure class=\"wp-caption aligncenter\"><a href=\"https:\/\/photos.google.com\/share\/AF1QipMacCjcbFD_pbJlmL74w92J6EiJw3CtTrsa74Dewpym8lolMSEDjsF9rHFlmxq-_g\/photo\/AF1QipOEe1rgmFbSTBzS_-MFuynvcac1DA5tZa-hgDM?key=U0d3azY4Tnl6cXVnR3NZUzBDSmZuWkZoZmhMNUpB\" target=\"_blank\" rel=\"noopener noreferrer\"><img decoding=\"async\" src=\"https:\/\/lh3.googleusercontent.com\/pw\/ACtC-3eXvtz2W-63rj7jMjrR0zlxV8pTKDV7DPR9gJlFLxe6DaqK5fbzgRp-vyTYIU8Qhiz2xLCqS4Az9yGJN5bS7ebgaJH5UKDwjBK3Qh87TBThyHtOCPOLikbbmD2YSGPba_o_QFDaYLEhABw22xce4WnB=w2000-h1332-no?authuser=0\" width=\"1998\" height=\"1332\" alt=\"Hep birlikte!\" class=\"size-medium\" \/><\/a><figcaption class=\"wp-caption-text\">Hep birlikte!<\/figcaption><\/figure>\n<h4>Kunimare Sake Bira Fabrikas\u0131<\/h4>\n<p>Japonya&#039;n\u0131n en kuzeydeki sake bira fabrikas\u0131n\u0131, Kunimare Sake Bira Fabrikas\u0131n\u0131 ziyaret ettik. Belediye Ba\u015fkan\u0131 Sano bize Kunimare&#039;nin Hokuryu&#039;da \u00fcretilen sake pirincini kulland\u0131\u011f\u0131n\u0131 anlatt\u0131.<br \/>\n\ufffc<br \/>\n<figure class=\"wp-caption aligncenter\"><a href=\"https:\/\/photos.google.com\/share\/AF1QipMacCjcbFD_pbJlmL74w92J6EiJw3CtTrsa74Dewpym8lolMSEDjsF9rHFlmxq-_g\/photo\/AF1QipM71RJ1IgrM5uwgKL5Zkmg_446bSIWsHeCTq-c?key=U0d3azY4Tnl6cXVnR3NZUzBDSmZuWkZoZmhMNUpB\" target=\"_blank\" rel=\"noopener noreferrer\"><img decoding=\"async\" src=\"https:\/\/lh3.googleusercontent.com\/pw\/ACtC-3fCY1ki2-QuUfMqgmbtSrwPvbUb3y7fnnBytzpDNy5N4i5GEDHNBgJohoNOYf54oL2N9VF6QwrnKcPGhsJ9BRv7FEhXFC8KY-3Fji5hzqVaWrLh3O9gsw5dAexDM-nxKUcpRWrGy_OpAk3xnoNPpscS=w2000-h1332-no?authuser=0\" width=\"1998\" height=\"1332\" alt=\"Kuniki Sake Bira Fabrikas\u0131nda...\" class=\"size-medium\" \/><\/a><figcaption class=\"wp-caption-text\">Kuniki Sake Bira Fabrikas\u0131nda...<\/figcaption><\/figure>\n\ufffc<br \/>\n<figure class=\"wp-caption aligncenter\"><a href=\"https:\/\/photos.google.com\/share\/AF1QipMacCjcbFD_pbJlmL74w92J6EiJw3CtTrsa74Dewpym8lolMSEDjsF9rHFlmxq-_g\/photo\/AF1QipMs-Bqbcm6_H3abXUfNdaxrox23Pr0FsYGxC-w?key=U0d3azY4Tnl6cXVnR3NZUzBDSmZuWkZoZmhMNUpB\" target=\"_blank\" rel=\"noopener noreferrer\"><img decoding=\"async\" src=\"https:\/\/lh3.googleusercontent.com\/pw\/ACtC-3f8MXJB94oyXU0_vKMDS-9-hS8lgovaGogFHotx01ho7rJpZw626ikbpo2lHMQV6DHXKWrNCSragXmmax8lyVwBww7UCjK5F-plH27HFOuc5KomNFu3DqwytVxiv6FwQJbu8hnkEZiVH8jM1f97lrql=w2000-h1332-no?authuser=0\" width=\"1998\" height=\"1332\" alt=\"\u00c7e\u015fitli hediyelik e\u015fyalar...\" class=\"size-medium\" \/><\/a><figcaption class=\"wp-caption-text\">\u00c7e\u015fitli hediyelik e\u015fyalar...<\/figcaption><\/figure>\n\ufffc<br \/>\n<figure class=\"wp-caption aligncenter\"><a href=\"https:\/\/photos.google.com\/share\/AF1QipMacCjcbFD_pbJlmL74w92J6EiJw3CtTrsa74Dewpym8lolMSEDjsF9rHFlmxq-_g\/photo\/AF1QipMr671SZ0hPPNgwiZ3GqRV6eEiN79fJmId7RjI?key=U0d3azY4Tnl6cXVnR3NZUzBDSmZuWkZoZmhMNUpB\" target=\"_blank\" rel=\"noopener noreferrer\"><img decoding=\"async\" src=\"https:\/\/lh3.googleusercontent.com\/pw\/ACtC-3dcwayrXUrrLhb24GMuRkI5Sl3g8HKsGhr7xt2x6f0Owt7VIVePQfwd2UUSCpGGrptDrFO_EZh0zDirtoOSKlj4B01poOKcGhVX-UUlfhq9kDhvIYmY3guypXbSi5_Q--4PgQ8wsC9O4J0Lw14smWdm=w2000-h1332-no?authuser=0\" width=\"1998\" height=\"1332\" alt=\"Takakura Ken &quot;\u0130stasyon&quot; poster sergisi\" class=\"size-medium\" \/><\/a><figcaption class=\"wp-caption-text\">Takakura Ken &quot;\u0130stasyon&quot; poster sergisi<\/figcaption><\/figure>\n<p>Tad\u0131m k\u00f6\u015fesinde farkl\u0131 i\u00e7ecekleri kar\u015f\u0131la\u015ft\u0131r\u0131rken herkes \u00e7ok keyif al\u0131yordu (tabii ki \u015fof\u00f6r biraz geri planda kalmak zorundayd\u0131!).<\/p>\n<figure class=\"wp-caption aligncenter\"><a href=\"https:\/\/photos.google.com\/share\/AF1QipMacCjcbFD_pbJlmL74w92J6EiJw3CtTrsa74Dewpym8lolMSEDjsF9rHFlmxq-_g\/photo\/AF1QipNn2aeADElsif2DvMA9Z_C9NkMXlhUALBjWlv8?key=U0d3azY4Tnl6cXVnR3NZUzBDSmZuWkZoZmhMNUpB\" target=\"_blank\" rel=\"noopener noreferrer\"><img decoding=\"async\" src=\"https:\/\/lh3.googleusercontent.com\/pw\/ACtC-3exA54y2I67iwyFlsmfZ5ySYNZegXA98hf-1cFdFUko2kOzQNUVEj416q4bIAc-Wrm9u1QusoiSi9OIC7uZi93SkBEd5EsRLn-ubMfTUSuiT8CHpIy-PZwPQUJ7yfkGw15-9f5_UNYeoi_5o5jVKx4J=w2000-h1332-no?authuser=0\" width=\"1998\" height=\"1332\" alt=\"Alkol tad\u0131m\u0131\" class=\"size-medium\" \/><\/a><figcaption class=\"wp-caption-text\">Alkol tad\u0131m\u0131<\/figcaption><\/figure>\n<h3>Rumoi \u015eehri<\/h3>\n<h4>Alt\u0131n pelerin<\/h4>\n<p>Daha sonra Rumoi \u015fehrine ge\u00e7tik ve g\u00fcn bat\u0131m\u0131n\u0131n izlendi\u011fi pop\u00fcler bir yer olan Cape Golden&#039;\u0131 ziyaret ettik.<br \/>\n\ufffc<br \/>\n<figure class=\"wp-caption aligncenter\"><a href=\"https:\/\/photos.google.com\/share\/AF1QipMacCjcbFD_pbJlmL74w92J6EiJw3CtTrsa74Dewpym8lolMSEDjsF9rHFlmxq-_g\/photo\/AF1QipM8gmxGQkLFKim_IQLVkGQ8oNpS5oYbR9x05Qk?key=U0d3azY4Tnl6cXVnR3NZUzBDSmZuWkZoZmhMNUpB\" target=\"_blank\" rel=\"noopener noreferrer\"><img decoding=\"async\" src=\"https:\/\/lh3.googleusercontent.com\/pw\/ACtC-3eos-EtY2Pux-XXHAB0QUY-NA5ZPiAIGEgbfhBs-2YjyoMb6a0oWC_z0xIrdygik7-SYh1T8aYJTBQXjamkZxDbnNFMHoJFvpIcyaMOTpGlBNXqxA9yMebML5b7WH_WV67j5ImaLPLJhGQo6clIShlV=w2000-h1332-no?authuser=0\" width=\"1998\" height=\"1332\" alt=\"Cape Golden&#039;da...\" class=\"size-medium\" \/><\/a><figcaption class=\"wp-caption-text\">Cape Golden&#039;da...<\/figcaption><\/figure>\n\ufffc<br \/>\n<figure class=\"wp-caption aligncenter\"><a href=\"https:\/\/photos.google.com\/share\/AF1QipMacCjcbFD_pbJlmL74w92J6EiJw3CtTrsa74Dewpym8lolMSEDjsF9rHFlmxq-_g\/photo\/AF1QipNOKxawFsCagDz4bnaVo5Igrg7TB6cD33fXZHc?key=U0d3azY4Tnl6cXVnR3NZUzBDSmZuWkZoZmhMNUpB\" target=\"_blank\" rel=\"noopener noreferrer\"><img decoding=\"async\" src=\"https:\/\/lh3.googleusercontent.com\/pw\/ACtC-3fF1gfVVHsVTMzSthJVMGkxDD0Yc38SBPktvi4TpNSe7BKjqxmo463BZPxhtwYfV2FRAqPv55mqATNd4B7LLmnLrX4WibW7Apv6Ta77HWIepCumXD478Nx35B06GIPRpD4BVO0lr4lWMTkVVQtUsycF=w2000-h1332-no?authuser=0\" width=\"1998\" height=\"1332\" alt=\"Arka planda Japonya Denizi!\" class=\"size-medium\" \/><\/a><figcaption class=\"wp-caption-text\">Arka planda Japonya Denizi!<\/figcaption><\/figure>\n<h4>Yol Kenar\u0131 \u0130stasyonu Rumoi<\/h4>\n<p>Bu y\u0131l\u0131n temmuz ay\u0131nda a\u00e7\u0131lan Rumoi Yol Kenar\u0131 \u0130stasyonu gibi yerleri de gezdik.<br \/>\n\ufffc<br \/>\n<figure class=\"wp-caption aligncenter\"><a href=\"https:\/\/photos.google.com\/share\/AF1QipMacCjcbFD_pbJlmL74w92J6EiJw3CtTrsa74Dewpym8lolMSEDjsF9rHFlmxq-_g\/photo\/AF1QipO4iiTRXtrWutm9LtYetq-zuC0lu_8K8b94tsQ?key=U0d3azY4Tnl6cXVnR3NZUzBDSmZuWkZoZmhMNUpB\" target=\"_blank\" rel=\"noopener noreferrer\"><img decoding=\"async\" src=\"https:\/\/lh3.googleusercontent.com\/pw\/ACtC-3cvhc9Lhd38PwttrYuRv15UttM5N8iS07ykljsStOSV5_5dBCTpimQkKRINMMee5uW_o2ABBOmLJWQihFYfCl7V7FmbMW4bYmzQjh_oQdzolvb5t_PGEkhn3SCIuahdRjKpW9coAfvyys6qTjY4XaHH=w2000-h1332-no?authuser=0\" width=\"1998\" height=\"1332\" alt=\"Rumoi Yol Kenar\u0131 \u0130stasyonu\" class=\"size-medium\" \/><\/a><figcaption class=\"wp-caption-text\">Rumoi Yol Kenar\u0131 \u0130stasyonu<\/figcaption><\/figure>\n<h3>Hokuryu Kasabas\u0131<\/h3>\n<p>Daha sonra Fukagawa-Rumoi Otoyolu&#039;nu kullanarak Hokuryu Kasabas\u0131&#039;na gittiler. Ba\u015fkan Sugawara, kav\u015fa\u011f\u0131n yerel b\u00f6lgeye ek olarak ay\u00e7i\u00e7e\u011fi kelimesini de kullanan &quot;Hokuryu Himawari Kav\u015fa\u011f\u0131&quot; olarak adland\u0131r\u0131ld\u0131\u011f\u0131n\u0131 g\u00f6r\u00fcnce \u015fa\u015f\u0131rd\u0131.<\/p>\n<h4>View Hill ~ Ay\u00e7i\u00e7e\u011fi K\u00f6y\u00fc<\/h4>\n<p>G\u00f6zlem tepesinden t\u00fcm kasaban\u0131n g\u00f6r\u00fcn\u00fcm\u00fc.<br \/>\n\ufffc<br \/>\n<figure class=\"wp-caption aligncenter\"><a href=\"https:\/\/photos.google.com\/share\/AF1QipMacCjcbFD_pbJlmL74w92J6EiJw3CtTrsa74Dewpym8lolMSEDjsF9rHFlmxq-_g\/photo\/AF1QipP3dYb8U-D0abe3F6kgwarT8yW7UpNngLOQnec?key=U0d3azY4Tnl6cXVnR3NZUzBDSmZuWkZoZmhMNUpB\" target=\"_blank\" rel=\"noopener noreferrer\"><img decoding=\"async\" src=\"https:\/\/lh3.googleusercontent.com\/pw\/ACtC-3cFoEUhGTNejDhLS8RLqnes6XeDKN4hr6lgmPITnhijqSXxtl4FhOmEIBADQa7OWIvugG7B7Ew0W_8v5Lkk9S0AGn3aWT6UXxT7DflVZHVqPmYSMcqQfgNjrN2E96805VlycxZAmd2vs9LozI08UKcX=w2000-h1332-no?authuser=0\" width=\"1998\" height=\"1332\" alt=\"\u015eehrin tamam\u0131na hakim...\" class=\"size-medium\" \/><\/a><figcaption class=\"wp-caption-text\">\u015eehrin tamam\u0131na hakim...<\/figcaption><\/figure>\n\ufffc<\/p>\n<h4>Kengo Kuma&#039;n\u0131n tasarlad\u0131\u011f\u0131 &quot;Yawara Anaokulu&quot;<\/h4>\n<p>Ay\u00e7i\u00e7e\u011fi K\u00f6y\u00fc ve di\u011fer turistik yerleri gezen grup, Y\u00f6netmen Yasuhiro Sugiyama rehberli\u011finde Kengo Kuma taraf\u0131ndan tasarlanan Yawara Anaokulu&#039;nu gezdi.<\/p>\n\n        <div class=\"site-blogcard-premium\">\n            <div class=\"bc-label-custom\">\u0130lgili makaleler<\/div>\n            <div class=\"bc-flex-container\">\n                <div class=\"bc-main-text\">\n                    <div class=\"bc-title-link-box\">\n                        <a href=\"https:\/\/portal.hokuryu.info\/tr\/topics\/culture\/20191227-1.html\/\" target=\"_blank\">Kengo Kuma taraf\u0131ndan tasarlanan ve Nisan 2020&#039;de a\u00e7\u0131lmas\u0131 planlanan &quot;Hokuryu Town Yawara Anaokulu&quot;nun in\u015faat \u00e7al\u0131\u015fmalar\u0131 denetimi yap\u0131ld\u0131 - Hokuryu Town Portal (Hokkaido) Japonya&#039;n\u0131n 1 numaral\u0131 ay\u00e7i\u00e7e\u011fi k\u00f6y\u00fc<\/a>\n                    <\/div>\n                    <div class=\"bc-excerpt-box\">25 Aral\u0131k \u00c7ar\u015famba g\u00fcn\u00fc, &quot;Hokuryu Kasabas\u0131 Yawara Anaokulu&quot;nun in\u015faat\u0131n\u0131n tamamlanmas\u0131n\u0131n ard\u0131ndan (20 Aral\u0131k), Belediye Ba\u015fkan\u0131 Yutaka Sano ve di\u011ferleri...<\/div>\n                <\/div>\n                <div class=\"bc-thumbnail-box\">\n                    <a href=\"https:\/\/portal.hokuryu.info\/tr\/topics\/culture\/20191227-1.html\/\" target=\"_blank\">\n                        <div class=\"bc-img-zoom-wrap\">\n                            <img decoding=\"async\" src=\"https:\/\/lh3.googleusercontent.com\/YbcggDhkHOYLXRYzqmlu7qopZpsBnS_wDP6Q-wifStmY2QP-5NtVFmMBY7amDvpp5VI6FUQBrotF5Y7dXjmsP1HX2DswVjcWRd3Ixn6aHFuM7v43YZyuqMgG7K9nd-gsHau4091PNJ3gCg-o-R6cYOVecEhtYFJ7e4Q1T2xpo9vTpk2qcmbOE04ur7xVypN-5Kzr4Rn9wz0D2pbqRurPqYy_7LEXCgnWDCD7Hb6PLhgHIQD39szeYggbjzRA6og0M34yBpfPn4UzMWscqNEQKuYkVtB_B3nmkOaRS-4DQq8saf0cWehVq-QnQzgfVx5bDjmz_T46MrCbMCGT9uriMeqnA9F3oW26cNsCCNuerGQLp7-tT_MFSn9goQVBO6GruOPmrg4-UoBT8DLAwOhW2fUykJS-dUMHwl0YenVPVrPCCYLRrt8YBJszsXFF2WwtSuPL1R91u0Z14TPiFYsfr0cIzJmDUcoSFG8SJ83q_DQBVGRp_pDU2lV6nRm8tYTE0eQiINv9t5WJki71YWqwbYrgg17xtfiqoD57jkRAkZ17h6BBq1rb9dIfWeCA3b0KsmCXgkbGDu_v94i1sbXwNU2YmRrGXvN8BsR0S9f3JJIFEq5D3TMDnEm7G2NFGwqaQKGOzj2S2HJx8to0yPQaXN6U02AsDywa3kSLwlboJMtrrv-LucgunRFdIG7SWG67vJS4QAJfMiqSe3ncXx3hmloMiOYr8uf49qo1NEj5IK7Gp5s=w631-h946-no\" alt=\"Kengo Kuma taraf\u0131ndan tasarlanan ve Nisan 2020&#039;de a\u00e7\u0131lmas\u0131 planlanan &quot;Hokuryu Town Yawara Anaokulu&quot;nun in\u015faat \u00e7al\u0131\u015fmalar\u0131 denetimi yap\u0131ld\u0131 - Hokuryu Town Portal (Hokkaido) Japonya&#039;n\u0131n 1 numaral\u0131 ay\u00e7i\u00e7e\u011fi k\u00f6y\u00fc\">\n                        <\/div>\n                    <\/a>\n                <\/div>\n            <\/div>\n        <\/div>\n\ufffc<br \/>\n<figure class=\"wp-caption aligncenter\"><a href=\"https:\/\/photos.google.com\/share\/AF1QipMacCjcbFD_pbJlmL74w92J6EiJw3CtTrsa74Dewpym8lolMSEDjsF9rHFlmxq-_g\/photo\/AF1QipMmple4PWVCiLlv8ZFXHZg298PcHYhtO9_UThU?key=U0d3azY4Tnl6cXVnR3NZUzBDSmZuWkZoZmhMNUpB\" target=\"_blank\" rel=\"noopener noreferrer\"><img decoding=\"async\" src=\"https:\/\/lh3.googleusercontent.com\/pw\/ACtC-3cvYtWyLMzkHtYXEhLoC-5ZxPqR2mRuwn4kQ00BN3SWzr37gilVWMGUKiIYjF11N4tGHxR5qiIFPiLU6Sl8w0h9_NI9gOFVJo89dz0Sc85WY00eNIWP80fVVjN4v_8oGwb5hFyuHuHPj9tsMLrS9X2O=w2000-h1332-no?authuser=0\" width=\"1998\" height=\"1332\" alt=\"Yawara Anaokulu\" class=\"size-medium\" \/><\/a><figcaption class=\"wp-caption-text\">Yawara Anaokulu<\/figcaption><\/figure>\n\ufffc<br \/>\n<figure class=\"wp-caption aligncenter\"><a href=\"https:\/\/photos.google.com\/share\/AF1QipMacCjcbFD_pbJlmL74w92J6EiJw3CtTrsa74Dewpym8lolMSEDjsF9rHFlmxq-_g\/photo\/AF1QipMlXhMhwKPE7561A5gbmI_n58npCXUm-BV5KSo?key=U0d3azY4Tnl6cXVnR3NZUzBDSmZuWkZoZmhMNUpB\" target=\"_blank\" rel=\"noopener noreferrer\"><img decoding=\"async\" src=\"https:\/\/lh3.googleusercontent.com\/pw\/ACtC-3cmKs4OYURsihFUsZ963HpIPNaI_qP1DprAKPdtnYFIAMo1DKaLKmSimnitWD7dOPdsX4nbrWCt-ofiFXdAml5gAkkHDea55zDtLkwgD7X6Qt_XkN6Io3AW2_boXSHtpImZh_FO9I8FKXwkqXbBVopZ=w2000-h1332-no?authuser=0\" width=\"1998\" height=\"1332\" alt=\"Bah\u00e7enin turu Y\u00f6netmen Yasuhiro Sugiyama taraf\u0131ndan ger\u00e7ekle\u015ftirilecek.\" class=\"size-medium\" \/><\/a><figcaption class=\"wp-caption-text\">Bah\u00e7enin turu Y\u00f6netmen Yasuhiro Sugiyama taraf\u0131ndan ger\u00e7ekle\u015ftirilecek.<\/figcaption><\/figure>\n\ufffc<br \/>\n<figure class=\"wp-caption aligncenter\"><a href=\"https:\/\/photos.google.com\/share\/AF1QipMacCjcbFD_pbJlmL74w92J6EiJw3CtTrsa74Dewpym8lolMSEDjsF9rHFlmxq-_g\/photo\/AF1QipMaWT5mAgLSiKJ-r_htQM5lwG7q6vpIC4P6kBE?key=U0d3azY4Tnl6cXVnR3NZUzBDSmZuWkZoZmhMNUpB\" target=\"_blank\" rel=\"noopener noreferrer\"><img decoding=\"async\" src=\"https:\/\/lh3.googleusercontent.com\/pw\/ACtC-3fOKSjkjhFeZuS3vNN8LN74VWgK_021dCZfUaiqbt9q68T5f6bzM6q7l4KYTe5iu2hxhsTjy7GkU4GqXa_Wc2sV98UJjThLdi7v4TtrLPFQWnW10b_V1R4Rmx1EzinpeNFDfywLLQvafCdV14d-31Di=w2000-h1332-no?authuser=0\" width=\"1998\" height=\"1332\" alt=\"Ay\u00e7i\u00e7e\u011fi boyal\u0131 tavan lambas\u0131 kapa\u011f\u0131\" class=\"size-medium\" \/><\/a><figcaption class=\"wp-caption-text\">Ay\u00e7i\u00e7e\u011fi boyal\u0131 tavan lambas\u0131 kapa\u011f\u0131<\/figcaption><\/figure>\n\ufffc<br \/>\n<figure class=\"wp-caption aligncenter\"><a href=\"https:\/\/photos.google.com\/share\/AF1QipMacCjcbFD_pbJlmL74w92J6EiJw3CtTrsa74Dewpym8lolMSEDjsF9rHFlmxq-_g\/photo\/AF1QipOqmiRFcvOGUcDB8rybmXZHmC3qGqOeXHAdJhE?key=U0d3azY4Tnl6cXVnR3NZUzBDSmZuWkZoZmhMNUpB\" target=\"_blank\" rel=\"noopener noreferrer\"><img decoding=\"async\" src=\"https:\/\/lh3.googleusercontent.com\/pw\/ACtC-3ds8iPkL3dmsjcBOd8WQ0urOEdVdr_1_PRN4SASCl6LM8vu0IjpFM9VYxG1vcm18DP8131TgOjNOh0Mj1TEFa-lVX5d-unaaXLOofUtkceicpjBEyw_HhwV0e3K0Z2LXs8GIz5DeOgCmwp8raOCcOmO=w2000-h1332-no?authuser=0\" width=\"1998\" height=\"1332\" alt=\"Geni\u015f ve ayd\u0131nl\u0131k bir bah\u00e7e\" class=\"size-medium\" \/><\/a><figcaption class=\"wp-caption-text\">Geni\u015f ve ayd\u0131nl\u0131k bir bah\u00e7e<\/figcaption><\/figure>\n<h2>B&amp;G ile Hokuryu Kasabas\u0131 aras\u0131ndaki de\u011fi\u015fim<\/h2>\n<p>Yawara Anaokulu ziyaretinin ard\u0131ndan Sunflower Park Kitaryu Onsen&#039;e d\u00f6nd\u00fck, bir saatlik mola verdik ve ard\u0131ndan sosyal bir toplant\u0131 yapt\u0131k.<br \/>\n\ufffc<br \/>\n<figure class=\"wp-caption aligncenter\"><a href=\"https:\/\/photos.google.com\/share\/AF1QipMacCjcbFD_pbJlmL74w92J6EiJw3CtTrsa74Dewpym8lolMSEDjsF9rHFlmxq-_g\/photo\/AF1QipMnk9JywhDv7Jw4GYvooL168jSLM4uFju3sNDY?key=U0d3azY4Tnl6cXVnR3NZUzBDSmZuWkZoZmhMNUpB\" target=\"_blank\" rel=\"noopener noreferrer\"><img decoding=\"async\" src=\"https:\/\/lh3.googleusercontent.com\/pw\/ACtC-3eF5X4QWcXf6saY4UhcTX-zOg_XDbrVIAboq6meAoCtpOc6wsGC4YTpBzGcGJc5QPiw86O6xCtdzdakvmZ3YJs7HjPYsCQHFrIjK5fvn9ZAMZdkcE8DKdc0XZ4bYlRvuH4SLbKX44_8BRDD-iBPd9kX=w2000-h1332-no?authuser=0\" width=\"1998\" height=\"1332\" alt=\"Men\u00fc\" class=\"size-medium\" \/><\/a><figcaption class=\"wp-caption-text\">Men\u00fc<\/figcaption><\/figure>\n<h3>\u015eef Tomokazu Maeda taraf\u0131ndan yarat\u0131lan &quot;Men\u00fc&quot;<\/h3>\n<h4>Beyaz tabak<\/h4>\n<p>\u30fbYukiyaki \u00e7ipura \u30fbIzgara kar yengeci \u30fbTachipon \u30fbKarides ve deniz kestanesi terrini \u30fbTon bal\u0131\u011f\u0131 Nanbanzuke \u30fbSo\u011fuk chawanmushi \u30fbTam set garnit\u00fcrler<\/p>\n<h4>Sashimi<\/h4>\n<p>\u30fbMavi y\u00fczge\u00e7li orkinos \u30fbSomon \u30fbKuzey Pasifik ton bal\u0131\u011f\u0131 \u30fbTarak \u30fbBotan karidesi \u30fbSar\u0131 kuyruk<\/p>\n<h4>s\u0131cak tencere<\/h4>\n<p>\u30fbAy\u00e7i\u00e7e\u011fi domuz shabu-shabu (Kurosengoku sosuyla)<\/p>\n<h4>Bat\u0131 tarz\u0131 yemekler<\/h4>\n<p>\u30fbEv yap\u0131m\u0131 rosto dana eti \u30fbHokuryu domatesleriyle yap\u0131lan deniz mahsulleri salatas\u0131 (ay\u00e7i\u00e7ek ya\u011f\u0131 ve fesle\u011fen sosuyla)<\/p>\n<h4>K\u0131zarm\u0131\u015f yiyecekler<\/h4>\n<p>\u30fbKarides ve Hokuryu sebze tempuras\u0131 ve gen\u00e7 otlarda k\u0131zart\u0131lm\u0131\u015f soya eti (ay\u00e7i\u00e7ek ya\u011f\u0131 ile yap\u0131l\u0131r)<\/p>\n<h4>pi\u015fmi\u015f pirin\u00e7<\/h4>\n<p>\u30fbHokuryu&#039;dan Oborozuki<\/p>\n<h4>Berrak \u00e7orba<\/h4>\n<p>\u30fbKurosengoku udon (Kurosengoku soya fasulyesi unu ile)<\/p>\n<h4>Tatl\u0131<\/h4>\n<p>\u30fbKurosengoku gevre\u011fi ile balkaba\u011f\u0131 pudingi tempuras\u0131<br \/>\n\u30fbAy\u00e7i\u00e7e\u011fi kavunu (k\u0131rm\u0131z\u0131 etli)<\/p>\n<p>Harika yemekler i\u00e7in Sunflower Park Hokuryu Onsen&#039;in \u015eefi Maeda Tomokazu&#039;ya te\u015fekk\u00fcrler!!!<\/p>\n<figure class=\"wp-caption aligncenter\"><a href=\"https:\/\/photos.google.com\/share\/AF1QipMacCjcbFD_pbJlmL74w92J6EiJw3CtTrsa74Dewpym8lolMSEDjsF9rHFlmxq-_g\/photo\/AF1QipO0wbDcK0dzmU05bePA-R6XMhtUR_9ZNC1EDnw?key=U0d3azY4Tnl6cXVnR3NZUzBDSmZuWkZoZmhMNUpB\" target=\"_blank\" rel=\"noopener noreferrer\"><img decoding=\"async\" src=\"https:\/\/lh3.googleusercontent.com\/pw\/ACtC-3dRUZiiMCebHyfmkPqRmRUFY7b2petEGF1NTEzxItgqGSBxLz9hlcOFXHP7qW7r5SlE9YIq0emhX8KGz97BZFznpnB7fX0Gx08NAMgUvRk51X80bgWMXCxy4eyR_Cb11lO_mtOyMjoXYp3h2_wU5Wbj=w2000-h1332-no?authuser=0\" width=\"1998\" height=\"1332\" alt=\"\u00c7e\u015fitli muhte\u015fem yemekler\" class=\"size-medium\" \/><\/a><figcaption class=\"wp-caption-text\">\u00c7e\u015fitli muhte\u015fem yemekler<\/figcaption><\/figure>\n\ufffc<br \/>\n<figure class=\"wp-caption aligncenter\"><a href=\"https:\/\/photos.google.com\/share\/AF1QipMacCjcbFD_pbJlmL74w92J6EiJw3CtTrsa74Dewpym8lolMSEDjsF9rHFlmxq-_g\/photo\/AF1QipMYQqy_4pja_1uchPNUaa8b-OzsWhMqkhn7vSc?key=U0d3azY4Tnl6cXVnR3NZUzBDSmZuWkZoZmhMNUpB\" target=\"_blank\" rel=\"noopener noreferrer\"><img decoding=\"async\" src=\"https:\/\/lh3.googleusercontent.com\/pw\/ACtC-3cR6hnsG5a6g7wM1w2O7R52EIQ230jKtu_b0CMxTgkF3dPjC6JeWrMJk5kRRs_gHqJON9kSMqgbllktqp9IdfohBO7dSAdJyC4xkgG80Ceq7w9qKiPUTJxuZMhw7odZ1hX1DIUBK-xyMTb_TdU47NL6=w2000-h1332-no?authuser=0\" width=\"1998\" height=\"1332\" alt=\"Uyumlu ve huzurlu bir ortam vard\u0131.\" class=\"size-medium\" \/><\/a><figcaption class=\"wp-caption-text\">Uyumlu ve huzurlu bir ortam vard\u0131.<\/figcaption><\/figure>\n<p>Ba\u015fkan Sugawara, Japonya&#039;n\u0131n d\u00f6rt bir yan\u0131ndaki B&amp;G merkezlerini ziyaret ediyor, yerel halkla yak\u0131n bir \u015fekilde \u00e7al\u0131\u015f\u0131yor ve b\u00f6lgeyi kapsaml\u0131 bir \u015fekilde inceliyor ve b\u00f6lgenin geli\u015fmesine yol a\u00e7acak \u00f6nemli faaliyetler y\u00fcr\u00fct\u00fcyor. Her b\u00f6lgeye yapt\u0131\u011f\u0131 ziyaretlerden birbiri ard\u0131na benzersiz hikayeler anlatarak kahkaha dalgalar\u0131na neden oldu.<\/p>\n<p>Eski g\u00fcnleri anmaktan keyif ald\u0131k, bol bol g\u00fcl\u00fcmsedik, dostlu\u011fumuzu derinle\u015ftirirken \u00e7ok e\u011flendik.<\/p>\n<figure class=\"wp-caption aligncenter\"><a href=\"https:\/\/photos.google.com\/share\/AF1QipMacCjcbFD_pbJlmL74w92J6EiJw3CtTrsa74Dewpym8lolMSEDjsF9rHFlmxq-_g\/photo\/AF1QipNfeQmtEdDzyuPKY0tpdcobEFt6dOP-ztCg2oE?key=U0d3azY4Tnl6cXVnR3NZUzBDSmZuWkZoZmhMNUpB\" target=\"_blank\" rel=\"noopener noreferrer\"><img decoding=\"async\" src=\"https:\/\/lh3.googleusercontent.com\/pw\/ACtC-3fu6kEfctF4LmBYEN51V0FBCBPlP6O_8eM8TaUlkJMWnxQkRExS0jibEaE2THcox-jM0-7E_G-2l8VDCFkTaOxe_Kn28tsRz_jlGMrbq-D-pxWjhfSEKLRBMCMWMkjSuAe663xikS66NOaOIaJMwgNO=w1346-h897-no?authuser=0\" width=\"1998\" height=\"1332\" alt=\"G\u00fcl\u00fcmsemelerle dolu! Ba\u015fkan Sugawara ve Terauchi, Nippon Vakf\u0131&#039;nda \u00e7al\u0131\u015f\u0131rken meslekta\u015ft\u0131.\" class=\"size-medium\" \/><\/a><figcaption class=\"wp-caption-text\">G\u00fcl\u00fcmsemelerle dolu! Ba\u015fkan Sugawara ve Terauchi, ikisi de Nippon Vakf\u0131&#039;nda \u00e7al\u0131\u015f\u0131rken meslekta\u015ft\u0131<\/figcaption><\/figure>\n<p>Ay\u00e7i\u00e7e\u011fi Park\u0131 Hokuryu Onsen&#039;de. . .<br \/>\n\ufffc<br \/>\n<figure class=\"wp-caption aligncenter\"><a href=\"https:\/\/photos.google.com\/share\/AF1QipNldcNyQB1qqOb643bHgsJlrxypVYwrtk_Jm1gACtJ622RobLksb41A7Z91x7GDRw\/photo\/AF1QipNbnb66V0bHS6HwMHnEEINv04dbQcW5xaUTQbhF?key=U2o1T1hKOFpSNi1jblBUNlhuVVVmNzJEZ2wtSjVn\" target=\"_blank\" rel=\"noopener noreferrer\"><img decoding=\"async\" src=\"https:\/\/lh3.googleusercontent.com\/pw\/ACtC-3fsN8fGN74Zn3uWdb89FI6h42woCa8rsAqkh9et1GD20oR-ogl3BYMP2xrdi9wTAlcFhQZO2fjfqJ-7YveX9Ah8BkIRUs5dnmxKJrKR3dCz_yQUhlzzTsrBalExEyJ7ZyiP-sFfADzjlj1EpR7hdhRuJg=w2000-h1332-no?authuser=0\" width=\"1998\" height=\"1332\" alt=\"Ay\u00e7i\u00e7e\u011fi Park Hokuryu Onsen&#039;de\" class=\"size-medium\" \/><\/a><figcaption class=\"wp-caption-text\">Ay\u00e7i\u00e7e\u011fi Park Hokuryu Onsen&#039;de<\/figcaption><\/figure>\n<p>Alt\u0131n pirin\u00e7 ba\u015faklar\u0131n\u0131n g\u00fcc\u00fcyle ta\u015fan Hokuryu Kasabas\u0131 manzaras\u0131<br \/>\n\ufffc<br \/>\n<figure class=\"wp-caption aligncenter\"><a href=\"https:\/\/photos.google.com\/share\/AF1QipNs6tzDrKJvEWTu17twPTFbU-7v1wFwc1cSddsqYZUHrY33CU5djytH37mk7HZoUg\/photo\/AF1QipNyxwKGMuFdfrUjrTu1-shBZ7HdTEmV2UBgaOo?key=ZzlsWDM3SUN0eUM3eWl1WmN1VFlFbWw2dUUxZnpR\" target=\"_blank\" rel=\"noopener noreferrer\"><img decoding=\"async\" src=\"https:\/\/lh3.googleusercontent.com\/pw\/ACtC-3fTDmiIveEAg2PRr6vpcYa6iQvjiW2_CKDY5O0O8kBJVbcRT62unb_XHEU6p2ZEPJmGiTpJTHtp9Jmbd7xTzrpWeZAAkSE3mys_HZ8wjpaVQrmxtKP6-Le4KjRFNRrKRBYAj3mONX2wIubMKzpjRO7O=w1346-h897-no?authuser=0\" width=\"1998\" height=\"1332\" alt=\"Alt\u0131n pirin\u00e7 ba\u015faklar\u0131n\u0131n g\u00fcc\u00fcyle ta\u015fan Hokuryu Kasabas\u0131 manzaras\u0131\" class=\"size-medium\" \/><\/a><figcaption class=\"wp-caption-text\">Alt\u0131n pirin\u00e7 ba\u015faklar\u0131n\u0131n g\u00fcc\u00fcyle ta\u015fan Hokuryu Kasabas\u0131 manzaras\u0131<\/figcaption><\/figure>\n<p>Mavi deniz ve ye\u015fil topraklarda ya\u015fayan deniz rekreasyonuyla gelecek nesillere \u00f6nc\u00fcl\u00fck edecek gen\u00e7lerin sa\u011fl\u0131kl\u0131 geli\u015fimine katk\u0131da bulunan B&amp;G Vakf\u0131&#039;n\u0131n b\u00fcy\u00fck \u00e7al\u0131\u015fmalar\u0131na s\u0131n\u0131rs\u0131z sevgi, \u015f\u00fckran ve dualarla.<\/p>\n<h2>Di\u011fer foto\u011fraflar<\/h2>\n<p>\u30fb<a href=\"https:\/\/photos.app.goo.gl\/SQzkc4UiYbmh9tHZ6\" target=\"_blank\" rel=\"noopener noreferrer\">B&amp;G Ba\u015fkan\u0131 Sugawara&#039;n\u0131n Hokuryu Kasabas\u0131&#039;na gidi\u015f-d\u00f6n\u00fc\u015f ziyaretinin ve de\u011fi\u015fim toplant\u0131s\u0131n\u0131n foto\u011fraflar\u0131 (61 foto\u011fraf) burada &gt;&gt;<\/a><\/p>\n<h3>\u0130lgili Makaleler\/Siteler<\/h3>\n<p>\u30fb<a href=\"https:\/\/www.bgf.or.jp\/\" rel=\"noopener noreferrer\" target=\"_blank\">Mavi Deniz ve Ye\u015fil Toprak Vakf\u0131 (Tokyo, Ba\u015fkan: Yasuyoshi Maeda\/k\u0131saltma: B&amp;G Vakf\u0131)<\/a><\/p>\n<p>\u30fb<a href=\"https:\/\/portal.hokuryu.info\/tr\/4980\/\" rel=\"noopener noreferrer\" target=\"_blank\">2020 Hokkaido B&amp;G E\u011fitmen E\u011fitim Semineri Hokuryu Kasabas\u0131nda ger\u00e7ekle\u015ftirildi.<\/a>(28 Eyl\u00fcl 2020)<br \/>\n\u30fb<a href=\"https:\/\/portal.hokuryu.info\/tr\/topics\/culture\/20140430\/\" rel=\"noopener noreferrer\" target=\"_blank\">Hokuryu Kasabas\u0131 B&amp;G Deniz Merkezi&#039;ne onar\u0131m deste\u011fi onayland\u0131; sezon bittikten sonra yenileme \u00e7al\u0131\u015fmalar\u0131 yap\u0131lacak<\/a>(1 May\u0131s 2014)<br \/>\n\u30fb<a href=\"https:\/\/portal.hokuryu.info\/tr\/topics\/culture\/20111011\/\" rel=\"noopener noreferrer\" target=\"_blank\">Hokuryu Kasabas\u0131&#039;ndaki ortaokul \u00f6\u011frencileri B&amp;G Okyanus Deneyimi Semineri&#039;ne kat\u0131ld\u0131<\/a>(11 Ekim 2011)<br \/>\n\u30fb<a href=\"https:\/\/portal.hokuryu.info\/tr\/topics\/sports\/20110804\/\" rel=\"noopener noreferrer\" target=\"_blank\">\u0130lkokul \u00f6\u011frencileri, Hokuryu Kasabas\u0131&#039;ndaki B&amp;G Deniz Merkezi&#039;nde d\u00fczenlenen 18. Su Alt\u0131 Rekreasyon Yar\u0131\u015fmas\u0131&#039;nda ilk kez can yele\u011fiyle y\u00fczme deneyimi ya\u015fad\u0131lar<\/a>(4 A\u011fustos 2011)<br \/>\n\u3000<\/p>\n<p>\u25c7 \u00c7ekim ve kurgu: Noboru Terauchi R\u00f6portaj ve metin: Ikuko Terauchi<\/p>","protected":false},"excerpt":{"rendered":"<p>\uff12\uff10\uff12\uff10\u5e74\uff19\u6708\uff12\uff18\u65e5\uff08\u6708\uff09 \u4ee4\u548c\uff12\u5e74\u5ea6 \u5317\u6d77\u9053\uff22\uff06\uff27\u6307\u5c0e\u54e1\u7814\u4fee\u4f1a\u306e\u7fcc\u65e5\u306b\u884c\u308f\u308c\u305f\uff22\uff06\uff27\u5317\u6d77\u9053\u30d6\u30ed\u30c3\u30af\u9023\u7d61\u8b1b\u7fa9\u4f1a\u4ea4\u6d41\u4f1a\u8b70\u7d42\u4e86\u5f8c\u3001\u5348\u5f8c\u3088\u308a\u3001\uff22\uff06\uff27\u8ca1\u56e3\u30fb\u83c5\u539f\u609f\u5fd7 \u7406\u4e8b\u9577\u3001\u7dcf\u52d9\u8ab2\u30fb\u4e2d\u5cf6\u535a\u81e3 \u8ab2\u9577\u3001\u6d77\u6d0b\u30bb\u30f3\u30bf [&hellip;]<\/p>\n","protected":false},"author":1,"featured_media":4984,"comment_status":"open","ping_status":"open","sticky":false,"template":"","format":"standard","meta":{"footnotes":""},"categories":[4,23],"tags":[],"class_list":["post-4983","post","type-post","status-publish","format-standard","has-post-thumbnail","hentry","category-cover-story","category-board-of-education"],"_links":{"self":[{"href":"https:\/\/portal.hokuryu.info\/tr\/wp-json\/wp\/v2\/posts\/4983","targetHints":{"allow":["GET"]}}],"collection":[{"href":"https:\/\/portal.hokuryu.info\/tr\/wp-json\/wp\/v2\/posts"}],"about":[{"href":"https:\/\/portal.hokuryu.info\/tr\/wp-json\/wp\/v2\/types\/post"}],"author":[{"embeddable":true,"href":"https:\/\/portal.hokuryu.info\/tr\/wp-json\/wp\/v2\/users\/1"}],"replies":[{"embeddable":true,"href":"https:\/\/portal.hokuryu.info\/tr\/wp-json\/wp\/v2\/comments?post=4983"}],"version-history":[{"count":0,"href":"https:\/\/portal.hokuryu.info\/tr\/wp-json\/wp\/v2\/posts\/4983\/revisions"}],"wp:featuredmedia":[{"embeddable":true,"href":"https:\/\/portal.hokuryu.info\/tr\/wp-json\/wp\/v2\/media\/4984"}],"wp:attachment":[{"href":"https:\/\/portal.hokuryu.info\/tr\/wp-json\/wp\/v2\/media?parent=4983"}],"wp:term":[{"taxonomy":"category","embeddable":true,"href":"https:\/\/portal.hokuryu.info\/tr\/wp-json\/wp\/v2\/categories?post=4983"},{"taxonomy":"post_tag","embeddable":true,"href":"https:\/\/portal.hokuryu.info\/tr\/wp-json\/wp\/v2\/tags?post=4983"}],"curies":[{"name":"wp","href":"https:\/\/api.w.org\/{rel}","templated":true}]}}