{"id":49499,"date":"2024-08-13T09:38:37","date_gmt":"2024-08-13T00:38:37","guid":{"rendered":"https:\/\/portal.hokuryu.info\/?p=49499"},"modified":"2025-03-10T16:35:14","modified_gmt":"2025-03-10T07:35:14","slug":"sorachi-bolgesel-kalkinma-burosu-muduru-kenichi-suzuki-hokuryunun-gelecegi-baslikli-bir-konusma-yapiyor","status":"publish","type":"post","link":"https:\/\/portal.hokuryu.info\/tr\/49499\/","title":{"rendered":"Sorachi B\u00f6lge Kalk\u0131nma B\u00fcrosu M\u00fcd\u00fcr\u00fc Kenichi Suzuki, &quot;Hokuryu Kasabas\u0131nda Gelecekte Tar\u0131mdan Neler Bekliyoruz&quot; ba\u015fl\u0131kl\u0131 bir konu\u015fma yapt\u0131 ve fikir al\u0131\u015fveri\u015finde bulunuldu."},"content":{"rendered":"<p>Sal\u0131, 13 A\u011fustos 2024<\/p>\n<p>Pazartesi, 5 A\u011fustos g\u00fcn\u00fc saat 16:00&#039;da, Hokkaido Sorachi Genel B\u00fcrosu M\u00fcd\u00fcr\u00fc Say\u0131n Kenichi Suzuki, Hokuriku Kasabas\u0131&#039;n\u0131n gen\u00e7 \u00e7ift\u00e7ilerine bir konferans vermek ve onlarla Hokuriku Kasabas\u0131&#039;n\u0131n ticari canland\u0131rma tesisi &quot;COCOWA&quot;n\u0131n \u00e7ok ama\u00e7l\u0131 alan\u0131nda fikir al\u0131\u015fveri\u015finde bulunmak \u00fczere davet edildi.<\/p>\n<h2>Konferans: Hokuryu Kasabas\u0131&#039;ndaki tar\u0131mdan gelecekte neler beklenebilir?<br \/>\n- Su Aktivasyon S\u00fcbvansiyonunun g\u00f6zden ge\u00e7irilmesiyle birlikte Sorachi tar\u0131m\u0131n\u0131n bundan on y\u0131l sonras\u0131n\u0131 bir f\u0131rsat olarak de\u011ferlendirmek -<\/h2>\n<h3>Moderat\u00f6r: Belediye Ba\u015fkan Yard\u0131mc\u0131s\u0131 Masaaki Okuda<\/h3>\n<figure class=\"wp-caption aligncenter\"><a href=\"https:\/\/photos.google.com\/share\/AF1QipO0BM1sk7kZR4zzBZLz3prDf9FtrQRDUOlEFbVvI1eaIiprQMqf87M1fs2sT9K99Q\/photo\/AF1QipNw_zQyTpdBAeVNLbd0DlqMADCigdf4VUCiHD8?key=aWRzZ2NhNjlheWN6SjFqNWZKdTBwam9tcVFNQVp3\"target=\"_blank\"><img decoding=\"async\" src=\"https:\/\/lh3.googleusercontent.com\/pw\/AP1GczPNx3CA-e2o1t0deU-0ELTrpxWfpBl4gBsW3bGI3Mi4L0UhmOm5gUCkWW7PdXvxGr5Up9RbsbbvdvOflIVMv3NzbIbEDJjbfyPIbe8zSugGRUET5qG7hf2ap5SP1uwy_yme7iJz8_d5XnBamm1qX6Eu=w2000-h1333-s-no-gm?authuser=0\" width=\"2000\" height=\"1333\" alt=\"Etkinli\u011fin moderat\u00f6rl\u00fc\u011f\u00fcn\u00fc Belediye Ba\u015fkan Yard\u0131mc\u0131s\u0131 Masaaki Okuda yapt\u0131.\" class=\"size-full\" \/><\/a><figcaption class=\"wp-caption-text\">Etkinli\u011fin moderat\u00f6rl\u00fc\u011f\u00fcn\u00fc Belediye Ba\u015fkan Yard\u0131mc\u0131s\u0131 Masaaki Okuda yapt\u0131.<\/figcaption><\/figure>\n<h3>Belediye Ba\u015fkan\u0131 Yasuhiro Sasaki&#039;nin konu\u015fmas\u0131<\/h3>\n<figure class=\"wp-caption alignnone\"><a href=\"https:\/\/photos.google.com\/share\/AF1QipO0BM1sk7kZR4zzBZLz3prDf9FtrQRDUOlEFbVvI1eaIiprQMqf87M1fs2sT9K99Q\/photo\/AF1QipNIuiXZqJqnBt6WF10kcW6LNXCbNXkLGhkd4G8?key=aWRzZ2NhNjlheWN6SjFqNWZKdTBwam9tcVFNQVp3\"><img decoding=\"async\" src=\"https:\/\/lh3.googleusercontent.com\/pw\/AP1GczNdPiuxR3DKaUXbYZUGDK24jbK60P8h7D48OcacdBmi--s0iuutjDOOVeqE2jDqS0S0OMwsHvjf8FzNq-N9jbsrErAEjFU47PoriWnCRA_cv0U8RQNzoCkAh_gtHVJCix5YGydlGCdNIN3tO7ef7Bea=w2000-h1333-s-no-gm?authuser=0\" width=\"2000\" height=\"1333\" alt=\"Belediye Ba\u015fkan\u0131 Yasuhiro Sasaki\" class=\"size-full\" \/><\/a><figcaption class=\"wp-caption-text\">Belediye Ba\u015fkan\u0131 Yasuhiro Sasaki<\/figcaption><\/figure>\n<p>Belediye Ba\u015fkan\u0131 Sasaki, &quot;M\u00fcd\u00fcr Suzuki ve B\u00f6l\u00fcm \u015eefi Nogami&#039;nin konu\u015fmas\u0131n\u0131 dinleyip sizlerle fikir al\u0131\u015fveri\u015finde bulunduktan sonra, onlarla olan dostlu\u011funuzu daha da derinle\u015ftirebilece\u011finizi umuyorum&quot; dedi.<\/p>\n<h3>G\u00f6r\u00fc\u015f al\u0131\u015fveri\u015fi kat\u0131l\u0131mc\u0131lar\u0131<\/h3>\n<h4>Hokkaido Sorachi B\u00f6lgesel Kalk\u0131nma B\u00fcrosu: 2 ki\u015fi<\/h4>\n<ul>\n<li>Sorachi B\u00f6lgesel Kalk\u0131nma B\u00fcrosu M\u00fcd\u00fcr\u00fc Kenichi Suzuki<\/li>\n<li>Tatsuya Nogami, Tar\u0131m Direkt\u00f6r\u00fc, End\u00fcstriyel Tan\u0131t\u0131m Departman\u0131, Sorachi B\u00f6lgesel Kalk\u0131nma B\u00fcrosu<\/li>\n<\/ul>\n<h4>Hokuryu Kasabas\u0131: 19 ki\u015fi<\/h4>\n<ul>\n<li>Hokuryu Kasabas\u0131 Belediye Ba\u015fkan\u0131 Yasuhiro Sasaki<\/li>\n<li>Masaaki Okuda, Hokuryu Kasabas\u0131 Belediye Ba\u015fkan Yard\u0131mc\u0131s\u0131<\/li>\n<li>Katsuyoshi Takahashi, Genel \u0130\u015fler B\u00f6l\u00fcm\u00fc, Hokuryu Belediye Binas\u0131<\/li>\n<li>Hokuryu Kasabas\u0131 Tar\u0131m Tan\u0131t\u0131m Konseyi, Komite \u00dcyesi Satoshi Hashimoto<\/li>\n<li>Hokuryu Kasabas\u0131 Tar\u0131m Geli\u015ftirme Konseyi \u00fcyesi Masayuki Takada (Farm Zenzo Co., Ltd. temsilcisi)<\/li>\n<li>Tomohiro Fukase, Hokuryu B\u00f6lgesi JA Tar\u0131m Destek Konseyi Temsilcisi (Bireysel \u00c7ift\u00e7i)<\/li>\n<li>Takahiro Fujii, Hokuryu B\u00f6lgesi JA Tar\u0131m Destek Konseyi Ba\u015fkan Yard\u0131mc\u0131s\u0131 (Bireysel \u00c7ift\u00e7i)<\/li>\n<li>Yuta Kawamura, Denet\u00e7i (Bireysel \u00c7ift\u00e7i), Gen\u00e7lik B\u00f6l\u00fcm\u00fc, JA Kitasorachi Hokuryu Tar\u0131m Kooperatifi<\/li>\n<li>Tatsuya Yoshioka, JA Kitasorachi Hokuryu Tar\u0131m Kooperatifi Gen\u00e7lik B\u00f6l\u00fcm\u00fc Tar\u0131m Y\u00f6netimi ve Tar\u0131m Politikas\u0131 B\u00f6l\u00fcm Ba\u015fkan\u0131 (Horyu \u00c7iftli\u011fi, Tar\u0131m Kooperatifi Derne\u011fi)<\/li>\n<li>Honoka Tar\u0131m Kooperatifi Birli\u011fi Direkt\u00f6r\u00fc Hiroto Sakamaki<\/li>\n<li>Honoka Tar\u0131m Kooperatifi Birli\u011fi, Yoshio Taishi<\/li>\n<li>Junpei Mihara, Hokuryu Ticaret ve Sanayi Odas\u0131 Gen\u00e7lik B\u00f6l\u00fcm\u00fc M\u00fcd\u00fcr\u00fc (Hekisui Co., Ltd.)<\/li>\n<li>Hokuriku Ticaret ve Sanayi Odas\u0131 (Hei Construction Co., Ltd.) Gen\u00e7lik B\u00f6l\u00fcm\u00fc M\u00fcd\u00fcr Yard\u0131mc\u0131s\u0131 Tetsuya Yamazaki<\/li>\n<li>Hokuryu \u0130n\u015faat Sanayicileri Derne\u011fi Ba\u015fkan\u0131 Kenseikai, Kiyohiko Fujinobu (Hokuko Construction Co., Ltd.)<\/li>\n<li>Shinichi Sasaki, Hokuryu \u0130n\u015faat End\u00fcstrisi Birli\u011fi Kenseikai (Hokuso Co., Ltd.) Ba\u015fkan Yard\u0131mc\u0131s\u0131<\/li>\n<li>Kiyotaka Fujinobu, Planlama Komitesi Ba\u015fkan\u0131, Hokuryu \u0130n\u015faat End\u00fcstrisi Birli\u011fi Kenseikai (Shiomi Construction Co., Ltd.)<\/li>\n<li>Keiko Tsuzuki, Sanayi B\u00f6l\u00fcm\u00fc M\u00fcd\u00fcr\u00fc, Hokuryu Kasaba Ofisi<\/li>\n<li>Junichi Iguchi, Dan\u0131\u015fman, Sanayi B\u00f6l\u00fcm\u00fc, Hokuryu Belediye Binas\u0131<\/li>\n<li>Hokuryu Kasabas\u0131 Tar\u0131m Komitesi Genel Sekreteri Ikuo Hase<\/li>\n<\/ul>\n<h3>Kenichi Suzuki, Genel M\u00fcd\u00fcr, Sorachi B\u00f6lgesel Kalk\u0131nma B\u00fcrosu, Hokkaido<\/h3>\n<figure class=\"wp-caption aligncenter\"><a href=\"https:\/\/photos.google.com\/share\/AF1QipO0BM1sk7kZR4zzBZLz3prDf9FtrQRDUOlEFbVvI1eaIiprQMqf87M1fs2sT9K99Q\/photo\/AF1QipPSrVvLbI7PzCpBDKHnvt9Y3fX_ep9yWBWChl0?key=aWRzZ2NhNjlheWN6SjFqNWZKdTBwam9tcVFNQVp3\"><img decoding=\"async\" src=\"https:\/\/lh3.googleusercontent.com\/pw\/AP1GczPowORMMJD_Ba0TLNMTHsp6ndGmFO9naoWRvCqJZxi76JqfzfYQkOyK1FLzSCkwrj1mqnNtPDAyy5eW2UQvCruvLdjIi_TJL-GncF4xxCNCcD3n7AEinrCJp2m8hLpgQx6rjlDCSEDsbfplhSvTAd7w=w2000-h1333-s-no-gm?authuser=0\" width=\"2000\" height=\"1333\" alt=\"Kenichi Suzuki, Sorachi B\u00f6lgesel Kalk\u0131nma B\u00fcrosu Genel M\u00fcd\u00fcr\u00fc, Hokkaido\" class=\"size-full\" \/><\/a><figcaption class=\"wp-caption-text\">Kenichi Suzuki, Sorachi B\u00f6lgesel Kalk\u0131nma B\u00fcrosu Genel M\u00fcd\u00fcr\u00fc, Hokkaido<\/figcaption><\/figure>\n<h3>Konferans: Hokuryu Kasabas\u0131&#039;ndaki tar\u0131mdan gelecekte neler beklenebilir?<br \/>\n- Su Aktivasyon S\u00fcbvansiyonunun g\u00f6zden ge\u00e7irilmesiyle birlikte Sorachi tar\u0131m\u0131n\u0131n bundan on y\u0131l sonras\u0131n\u0131 bir f\u0131rsat olarak de\u011ferlendirmek -<\/h3>\n<ol>\n<li>kendini tan\u0131tma<\/li>\n<li>G\u0131da, Tar\u0131m ve K\u0131rsal Alanlar Temel Kanunu&#039;nda yap\u0131lan k\u0131smi de\u011fi\u015fikli\u011fin \u00f6zeti<\/li>\n<li>Hokkaido&#039;da tar\u0131m\u0131n mevcut durumu ve sorunlar\u0131<\/li>\n<li>Sorachi Agriculture&#039;\u0131n hedeflemesi gereken y\u00f6n<\/li>\n<li>Sorachi Tar\u0131m Giri\u015fimlerine \u00d6rnekler<\/li>\n<li>Hokuryu&#039;da tar\u0131ma dair umutlar<\/li>\n<li>\u00c7\u00f6z\u00fcm<\/li>\n<\/ol>\n<figure class=\"wp-caption aligncenter\"><a href=\"https:\/\/photos.google.com\/share\/AF1QipO0BM1sk7kZR4zzBZLz3prDf9FtrQRDUOlEFbVvI1eaIiprQMqf87M1fs2sT9K99Q\/photo\/AF1QipPpO2TaL-xK-VAzok7k8FCRxNY0Z9oqmanAeTA?key=aWRzZ2NhNjlheWN6SjFqNWZKdTBwam9tcVFNQVp3\"><img decoding=\"async\" src=\"https:\/\/lh3.googleusercontent.com\/pw\/AP1GczMMfhxA53ONo_pR_ZuVo6-8l8NTGrc2D3eeqTfxe1qFWXqW6fmqs7Zmj2d7CpQ3O76T1uASlGdwUQ-s9Qpmfbys3sAWpHp6EW3KKstxtjgpWaeKXLxXtUzfKFYxREc0P5RHtw1NwXbXFjc21SKM0GOz=w2000-h1333-s-no-gm?authuser=0\" width=\"2000\" height=\"1333\" alt=\"19 gen\u00e7 kat\u0131ld\u0131!\" class=\"size-full\" \/><\/a><figcaption class=\"wp-caption-text\">19 gen\u00e7 kat\u0131ld\u0131!<\/figcaption><\/figure>\n<h4>1. Kendini tan\u0131tma<\/h4>\n<ul>\n<li>Okhotsk Eyaletinin Saroma Kasabas\u0131nda do\u011fdu (Haziran 1967 do\u011fumlu, 57 ya\u015f\u0131nda)<\/li>\n<li>Iwate \u00dcniversitesi Ziraat Fak\u00fcltesi&#039;nden mezun olduktan sonra Nisan 1992&#039;de Hokkaido \u0130l H\u00fck\u00fcmeti&#039;ne kat\u0131ld\u0131.<\/li>\n<li>Nisan 2005&#039;ten itibaren \u00fc\u00e7 y\u0131l boyunca Sorachi Alt B\u00f6lgesi Tar\u0131m B\u00f6l\u00fcm\u00fc \u00dcretim Geli\u015ftirme B\u00f6l\u00fcm \u015eefi olarak g\u00f6rev yapt\u0131 (o d\u00f6nem).<\/li>\n<li>Hokkaido \u0130l H\u00fck\u00fcmeti Tar\u0131m Politikas\u0131 B\u00f6l\u00fcm\u00fc M\u00fcd\u00fcr\u00fc ve Tar\u0131m Politikas\u0131 Departman\u0131 M\u00fcd\u00fcr Yard\u0131mc\u0131s\u0131 olarak g\u00f6rev yapt\u0131 ve Haziran 2023&#039;te Sorachi B\u00f6lgesel Kalk\u0131nma B\u00fcrosu M\u00fcd\u00fcr\u00fc olarak atand\u0131.<\/li>\n<li>Hobileri aras\u0131nda ko\u015fu ve kros kaya\u011f\u0131 yer al\u0131yor.<\/li>\n<\/ul>\n<h4>\u2461 G\u0131da, Tar\u0131m ve K\u0131rsal Alanlar Temel Kanunu&#039;nda k\u0131smi de\u011fi\u015fikli\u011fin ana hatlar\u0131<\/h4>\n<p>De\u011fi\u015fikli\u011fin amac\u0131, tar\u0131m ve k\u0131rsal alanlardaki ko\u015fullardaki \u00e7e\u015fitli de\u011fi\u015fikliklere yan\u0131t vermek ve g\u0131da g\u00fcvenli\u011finin sa\u011flanmas\u0131, \u00e7evreyle uyumlu bir g\u0131da sisteminin sa\u011flanmas\u0131, tar\u0131m\u0131n s\u00fcrd\u00fcr\u00fclebilir kalk\u0131nmas\u0131 i\u00e7in verimlili\u011fin art\u0131r\u0131lmas\u0131 ve k\u0131rsal alanlar\u0131n geli\u015ftirilmesi (yerel kaynaklar\u0131n etkin kullan\u0131m\u0131, tar\u0131m-refah i\u015fbirli\u011fine uygun ortam yarat\u0131lmas\u0131, ku\u015f ve hayvan zararlar\u0131na kar\u015f\u0131 \u00f6nlemler al\u0131nmas\u0131) ile ilgili temel politikalar\u0131 belirlemektir.<\/p>\n<p><strong>Referans vakas\u0131<\/strong><\/p>\n<ol>\n<li>Azalan g\u0131da \u00f6z yeterlilik oran\u0131 (Japonya&#039;n\u0131n g\u0131da \u00f6z yeterlilik oran\u0131 G7 \u00fclkeleri aras\u0131nda en d\u00fc\u015f\u00fck seviyede olup, \u00fclke bunu 2030 y\u0131l\u0131na kadar &#039;e \u00e7\u0131karmay\u0131 hedeflemektedir)<\/li>\n<li>Yurt i\u00e7inde \u00fcretilebilen malzemeler kullan\u0131larak haz\u0131rlanan bir men\u00fcy\u00fc d\u00fc\u015f\u00fcn\u00fcn<\/li>\n<li>G\u00fcbre fiyatlar\u0131ndaki gidi\u015fata gelince; \u015fu anda kimyasal g\u00fcbrelerin b\u00fcy\u00fck k\u0131sm\u0131 ithal ediliyor ve fiyatlar\u0131 h\u0131zla art\u0131yor. Gelecekte, hayvanc\u0131l\u0131k ve tar\u0131m\u0131n i\u015fbirli\u011fiyle kompost sa\u011flanmas\u0131, \u00e7amur g\u00fcbresinin etkin kullan\u0131m\u0131 gibi mevcut yerel kaynaklar\u0131n etkin bir \u015fekilde kullan\u0131lmas\u0131 \u00f6nem kazanacakt\u0131r.<\/li>\n<li>\u00dcretim malzemelerinin ve t\u00fcketici fiyatlar\u0131n\u0131n art\u0131\u015flar\u0131 dikkate al\u0131narak, tar\u0131m \u00fcr\u00fcnlerinde uygun fiyatland\u0131rman\u0131n de\u011ferlendirilmesi.<\/li>\n<li>Hokkaido&#039;nun iklimi, y\u0131ll\u0131k ortalama s\u0131cakl\u0131klar\u0131n y\u00fckselmesi, ya\u011f\u0131\u015flar\u0131n artmas\u0131, g\u00fcne\u015f radyasyonunun azalmas\u0131, don olmayan d\u00f6nemin uzamas\u0131 ve karlar\u0131n daha erken erimesi gibi b\u00fcy\u00fck de\u011fi\u015fiklikler ge\u00e7iriyor.<\/li>\n<li>Sa\u011fanak ya\u011f\u0131\u015flarda art\u0131\u015f<\/li>\n<li>Is\u0131ya dayan\u0131kl\u0131 pirin\u00e7 geli\u015ftirilmesi. Hokkaido&#039;da, mevcut so\u011fuk dayan\u0131kl\u0131l\u0131\u011f\u0131 ve iyi tad\u0131, \u0131s\u0131 tolerans\u0131yla birle\u015ftiren Hokkaido tarz\u0131 \u0131s\u0131ya dayan\u0131kl\u0131 bir pirin\u00e7 geli\u015ftirmeyi d\u00fc\u015f\u00fcn\u00fcyorlar. Mevcut \u00e7e\u015fitlerin hem su hem de g\u00fcbre y\u00f6netiminin \u00e7ok iyi de\u011ferlendirilmesi gerekmektedir.<\/li>\n<li>D\u00fcnya n\u00fcfusunun art\u0131\u015f\u0131 (\u00e7o\u011funlukla Asya ve Afrika&#039;da) 2050 y\u0131l\u0131na kadar 10 milyar\u0131n hemen alt\u0131na ula\u015facak<\/li>\n<li>Hokkaido ve Sorachi b\u00f6lgesi i\u00e7in n\u00fcfus e\u011filimleri ve tahminleri (n\u00fcfus azalmas\u0131)<\/li>\n<li>Pirin\u00e7 \u00e7ift\u00e7ilerinin say\u0131s\u0131n\u0131n azalmas\u0131 ve pirin\u00e7 k\u0131tl\u0131\u011f\u0131. 2025 y\u0131l\u0131na kadar y\u00fczde 100 i\u00e7 yeterlili\u011fe ula\u015famayaca\u011f\u0131m\u0131z, 2030 y\u0131l\u0131na kadar pirin\u00e7 g\u00fcvenli\u011fini sa\u011flamak i\u00e7in yemden temel g\u0131daya ge\u00e7mek zorunda kalaca\u011f\u0131m\u0131z ihtimali var m\u0131? ? E\u011fer hasat k\u00f6t\u00fc olursa, h\u00fck\u00fcmetin pirin\u00e7 stoklar\u0131 2040&#039;a kadar t\u00fckenecek! ?<\/li>\n<\/ol>\n<h3>\u2462 Hokkaido&#039;da tar\u0131m\u0131n mevcut durumu ve sorunlar\u0131<\/h3>\n<ol>\n<li><strong>Bu\u011fday \u00fcretim e\u011filimleri:<\/strong>Pirin\u00e7 tarlas\u0131 verimlili\u011finin art\u0131r\u0131lmas\u0131, \u00fcr\u00fcn rotasyonu yoluyla pirin\u00e7 tarlas\u0131n\u0131n i\u015flevselli\u011finin s\u00fcrd\u00fcr\u00fclmesi a\u00e7\u0131s\u0131ndan \u00f6nemlidir<\/li>\n<li><strong>Hokkaido soya \u00fcretimi:<\/strong>Her ge\u00e7en y\u0131l artan say\u0131 \u00fclke n\u00fcfusunun y\u00fczde 40&#039;\u0131n\u0131 olu\u015fturuyor. Hokkaido&#039;da verimlili\u011fin art\u0131r\u0131lmas\u0131 son derece \u00f6nemlidir ve yaln\u0131zca ekili alanlarda de\u011fil, ayn\u0131 zamanda \u00fcr\u00fcn rotasyonu yap\u0131lan alanlarda da verimlili\u011fi art\u0131rmak i\u00e7in \u00e7al\u0131\u015fmam\u0131z gerekir.<\/li>\n<li><strong>Karabu\u011fday \u00fcretimi:<\/strong>Yaylaya d\u00f6n\u00fc\u015ft\u00fcr\u00fclen tar\u0131m arazilerinde karabu\u011fday \u00fcretiminin devam edebilmesi i\u00e7in birim alandan elde edilen verimin mevcut seviyeden daha fazla art\u0131r\u0131lmas\u0131 gerekmektedir.<\/li>\n<li><strong>Tar\u0131msal \u00fcretimdeki e\u011filimler:<\/strong>Hokkaido&#039;daki d\u00f6rt b\u00fcy\u00fck il b\u00fcrosu aras\u0131nda Tokachi ilk s\u0131rada yer al\u0131rken, onu Abashiri, Kamikawa ve Sorachi takip ediyor.<\/li>\n<li><strong>De\u011fi\u015fime yan\u0131t vermek:<\/strong>Charles Darwin, &quot;Ne en g\u00fc\u00e7l\u00fc t\u00fcrler hayatta kal\u0131r, ne de en zeki olanlar; de\u011fi\u015fime en iyi uyum sa\u011flayanlar hayatta kal\u0131r&quot; demi\u015ftir.<\/li>\n<li>Tarih ve gelene\u011fi korurken, ayn\u0131 zamanda her d\u00f6neme uygun tar\u0131m yapmak da \u00f6nemlidir.<\/li>\n<\/ol>\n<h4>\u2463 Sorachi tar\u0131m\u0131n\u0131n hedeflemesi gereken y\u00f6n<\/h4>\n<ol>\n<li><strong>Su Aktivasyon Hibelerinin \u0130ncelenmesi:<\/strong>H\u00fck\u00fcmet, \u00f6n\u00fcm\u00fczdeki 5 y\u0131l (2022-2026) i\u00e7inde bir kez bile su alt\u0131nda kalmayan tar\u0131m arazilerine s\u00fcbvansiyon vermemeyi planl\u0131yor. Bir aydan fazla s\u00fcre su basmas\u0131 yap\u0131lm\u0131\u015fsa ve s\u00fcrekli \u00fcr\u00fcn hasar\u0131 nedeniyle \u00fcr\u00fcn kayb\u0131 ya\u015fanmam\u0131\u015fsa su basmas\u0131 yap\u0131lm\u0131\u015f say\u0131l\u0131r.\n<li><strong>Sorachi tar\u0131m\u0131n\u0131n beklentileri ve rolleri:<\/strong>Sorachi tar\u0131m\u0131, g\u0131da \u00f6z yeterlili\u011fini art\u0131rmaya ve g\u0131da g\u00fcvenli\u011fini g\u00fc\u00e7lendirmeye m\u00fcmk\u00fcn olan en b\u00fcy\u00fck \u00f6l\u00e7\u00fcde katk\u0131da bulunmaktad\u0131r.<br \/>\nTemel noktalar \u015funlard\u0131r: &quot;\u0130nsan kaynaklar\u0131n\u0131n geli\u015ftirilmesi (teknik ve bilgi aktar\u0131m\u0131 i\u00e7in bir sistem olu\u015fturulmas\u0131)&quot;, &quot;Toprak haz\u0131rl\u0131\u011f\u0131 (kompostun temini ve etkin kullan\u0131m\u0131, toprak analizlerinin yap\u0131lmas\u0131)&quot; ve &quot;Talebe g\u00f6re \u00fcretim (y\u00fcksek kaliteli ve d\u00fc\u015f\u00fck maliyetli pirin\u00e7 aras\u0131nda \u00e7eltik tar\u0131m\u0131n\u0131n kutupla\u015ft\u0131r\u0131lmas\u0131, pirin\u00e7 tarlas\u0131 rotasyonu \u00fczerinde \u00e7al\u0131\u015f\u0131lmas\u0131 ve y\u00fcksek kaliteli, y\u00fcksek verimli pirin\u00e7 i\u00e7in tarla ekimi \u00fczerinde \u00e7al\u0131\u015f\u0131lmas\u0131)&quot;. Tar\u0131msal ve k\u0131rsal kalk\u0131nma projelerini de te\u015fvik edece\u011fiz, \u00fcretim ve da\u011f\u0131t\u0131m sistemlerini iyile\u015ftirece\u011fiz (\u015firketle\u015fme yoluyla verimlili\u011fi art\u0131raca\u011f\u0131z, tar\u0131m kooperatifleri aras\u0131ndaki i\u015fbirlikleri yoluyla parselleri g\u00fcvence alt\u0131na alaca\u011f\u0131z).\n<\/ol>\n<h4>\u2464 Sorachi tar\u0131msal giri\u015fimlerine \u00f6rnekler<\/h4>\n<ol>\n<li>Sorachi tarz\u0131 \u00fcr\u00fcn rotasyonunun te\u015fvik edilmesi (s\u00fcrekli ekimi \u00f6nlemek i\u00e7in kuru do\u011frudan ekim yap\u0131lmas\u0131)<\/li>\n<li>Yemlik pirin\u00e7 \u00fcretimi (WCS) ve hayvanc\u0131l\u0131k<\/li>\n<li>Sake pirinci \u00fcretimi, Yamada Nishiki (Kato \u00c7iftli\u011fi, Ashibetsu \u015eehri)<\/li>\n<li>Sar\u0131msak \u00fcretimi (JA Pinne giri\u015fimi)<br \/>\n\u30fbTarlalarda yeni \u00fcr\u00fcnlerin (sar\u0131msak, tatl\u0131 patates, f\u0131st\u0131k) te\u015fvik edilmesi<\/li>\n<li>\u0130\u015flenmek \u00fczere domates \u00fcretimi (Hokkaido \u0130\u015fleme Domates Geni\u015fleme Konseyi ve JA Iwamizawa Giri\u015fimleri)<\/li>\n<li>Sorachi \u00c7i\u00e7ek \u00dcretimi<\/li>\n<li>\u015earapl\u0131k \u00fcz\u00fcm (\u015farapl\u0131k) \u00fcretimi<\/li>\n<li>Kanalizasyon \u00e7amurunun g\u00fcbre olarak kullan\u0131lmas\u0131 (Iwamizawa \u015eehri giri\u015fimi)<\/li>\n<\/ol>\n<h4>\u2465 Hokuryu Kasabas\u0131ndaki tar\u0131ma ili\u015fkin beklentiler<\/h4>\n<ol>\n<li><strong>Pirin\u00e7 tarlalar\u0131n\u0131n i\u015flevselli\u011finin s\u00fcrd\u00fcr\u00fclmesi ve g\u00fcvence alt\u0131na al\u0131nmas\u0131<\/strong><br \/>\n\u30fbPirin\u00e7 (y\u00fcksek kaliteli pirin\u00e7, \u00f6zel yeti\u015ftirilmi\u015f pirin\u00e7 (ay\u00e7i\u00e7e\u011fi pirinci), sake pirinci, ihracat pirinci)<br \/>\n\u30fbPirin\u00e7 tarla rotasyonu (pirin\u00e7, bu\u011fday, soya fasulyesi ve karabu\u011fday ile d\u00f6rt y\u0131ll\u0131k \u00fcr\u00fcn rotasyonu)<br \/>\n\u30fbY\u00fcksek karl\u0131 \u00fcr\u00fcnler (ay\u00e7i\u00e7e\u011fi karpuzu, ay\u00e7i\u00e7e\u011fi kavunu, \u00e7i\u00e7ekler)<\/li>\n<li><strong>Tar\u0131msal y\u00f6netimin s\u00fcrd\u00fcr\u00fclebilir geli\u015fimi<\/strong><br \/>\n\u30fbTar\u0131msal i\u015fletmelerin kurulmas\u0131 (tar\u0131m arazilerinin bak\u0131m\u0131 ve y\u00f6netimi)<br \/>\n\u30fbTar\u0131msal i\u015f destek \u00f6rg\u00fctlerinin (y\u00fcklenicilerin) kurulmas\u0131 (i\u015fg\u00fcc\u00fcn\u00fc desteklemek ve i\u015f verimlili\u011fini art\u0131rmak i\u00e7in)<br \/>\n\u30fbAk\u0131ll\u0131 tar\u0131m\u0131n te\u015fviki<br \/>\n\u30fbTar\u0131msal \u00fcr\u00fcnlerin markalanmas\u0131 (parti temini, b\u00f6lgesel i\u015f birli\u011fi)<\/li>\n<\/ol>\n<h4>\u2466 Sonu\u00e7<\/h4>\n<p>&quot;Yiyecek, hayat\u0131n kayna\u011f\u0131d\u0131r (ya\u015famak, yemek yemektir) ve Hokuryu kasabas\u0131ndaki tar\u0131m, Japon halk\u0131 i\u00e7in yiyecek \u00fcretmeye devam etme potansiyeline sahiptir.<\/p>\n<p>Herkesin tar\u0131ma de\u011fer vermesini ve tar\u0131mla gurur duymas\u0131n\u0131 istiyorum.<\/p>\n<p>\u00d6n\u00fcm\u00fczdeki 10 y\u0131l i\u00e7in anahtar s\u00f6zc\u00fcklerin &#039;talebe g\u00f6re \u00fcretim&#039; ve &#039;de\u011fi\u015fime uyum&#039; olaca\u011f\u0131n\u0131 belirterek, bu alanda \u00e7al\u0131\u015fmaya devam ederken bunlar\u0131 akl\u0131n\u0131zda bulundurman\u0131z\u0131 rica ediyorum.&quot; dedi. Y\u00f6netmen Suzuki oturumu sonland\u0131rd\u0131.<\/p>\n<p>De\u011ferli ve harika g\u00f6r\u00fc\u015fleriniz i\u00e7in Y\u00f6netmen Suzuki&#039;ye \u00e7ok te\u015fekk\u00fcr ederim.<\/p>\n<figure class=\"wp-caption alignnone\"><a href=\"https:\/\/photos.google.com\/share\/AF1QipO0BM1sk7kZR4zzBZLz3prDf9FtrQRDUOlEFbVvI1eaIiprQMqf87M1fs2sT9K99Q\/photo\/AF1QipNrtuhFIZvtIssWyMwnXQiKlX3jOnZpvwYPH5M?key=aWRzZ2NhNjlheWN6SjFqNWZKdTBwam9tcVFNQVp3\"><img decoding=\"async\" src=\"https:\/\/lh3.googleusercontent.com\/pw\/AP1GczMXQrUAWCRZ3vsC8oj1ftDAnXY7HWank0LPx7s2EyMJvx1cUkYSh1JLX8zWWqScQyZKaPUCdiMYR5A5bPtww1M03Mg7HmH-sP8Lzru22UWVyXDqB0vzp3_KQ8fKBkcV0zpA1rsN9RUHg4A9-gEA4laR=w2000-h1333-s-no-gm?authuser=0\" width=\"2000\" height=\"1333\" alt=\"Soru &amp; Cevap\" class=\"size-full\" \/><\/a><figcaption class=\"wp-caption-text\">Soru &amp; Cevap<\/figcaption><\/figure>\n<h3>Soru &amp; Cevap<\/h3>\n<ul>\n<li>Ak\u0131ll\u0131 Tar\u0131m Hakk\u0131nda<\/li>\n<li>Altyap\u0131 geli\u015ftirme talebi (d\u00fc\u015f\u00fck yo\u011funluklu alanlarda)<\/li>\n<li>Toprak haz\u0131rl\u0131\u011f\u0131 hakk\u0131nda (kompost ve g\u00fcbre \u00f6nlemleri)<\/li>\n<li>Toprak te\u015fhisinin yap\u0131lmas\u0131 (toprak kalitesinin gerekli bile\u015fenlerinin kontrol edilmesi) hakk\u0131nda<\/li>\n<li>S\u00fcbvansiyon destek sistemi<\/li>\n<li>Kompostta tar\u0131m ve hayvanc\u0131l\u0131k aras\u0131ndaki i\u015fbirli\u011fi hakk\u0131nda<\/li>\n<li>Yeni \u00e7ift\u00e7ilerin kabul\u00fc i\u00e7in bir sistemin in\u015fas\u0131 hakk\u0131nda<\/li>\n<li>Ta\u015f\u0131mac\u0131l\u0131k sorunlar\u0131yla ilgili olarak<\/li>\n<\/ol>\n<p>\u00c7e\u015fitli sorular ve g\u00f6r\u00fc\u015fler g\u00fcndeme gelerek canl\u0131 bir tart\u0131\u015fma ortam\u0131 olu\u015ftu.<\/p>\n<figure class=\"wp-caption aligncenter\"><a href=\"https:\/\/photos.google.com\/share\/AF1QipO0BM1sk7kZR4zzBZLz3prDf9FtrQRDUOlEFbVvI1eaIiprQMqf87M1fs2sT9K99Q\/photo\/AF1QipOXU0bRzUiNi7SbiB1bQ_dRCDVKQokWXQgWtdA?key=aWRzZ2NhNjlheWN6SjFqNWZKdTBwam9tcVFNQVp3\"><img decoding=\"async\" src=\"https:\/\/lh3.googleusercontent.com\/pw\/AP1GczOjAorroiZZBBE5yX4K7uMvbQZqnP6fvD1PDS-FAhsesmVMHBDywMnoyN8DyHU6Nq1IKZwAjl-4-IhONctlDQYKxTNVVae79eT0MDajUQsDJ-4ydPE9ia4Pu5_3BrU_vWei9ryLVHm4pVFC3qPehzW2=w2000-h1333-s-no-gm?authuser=0\" width=\"2000\" height=\"1333\" alt=\"Olumlu konu\u015fmalar havada u\u00e7u\u015fuyor!\" class=\"size-full\" \/><\/a><figcaption class=\"wp-caption-text\">Olumlu konu\u015fmalar havada u\u00e7u\u015fuyor!<\/figcaption><\/figure>\n<figure class=\"wp-caption aligncenter\"><a href=\"https:\/\/photos.google.com\/share\/AF1QipO0BM1sk7kZR4zzBZLz3prDf9FtrQRDUOlEFbVvI1eaIiprQMqf87M1fs2sT9K99Q\/photo\/AF1QipMZWjCOcWX5_PJqzbu584GqJCLiSBOnuOx9Rxc?key=aWRzZ2NhNjlheWN6SjFqNWZKdTBwam9tcVFNQVp3\"><img decoding=\"async\" src=\"https:\/\/lh3.googleusercontent.com\/pw\/AP1GczPqQ2NQOig8IZb6bnrzbxtsX79aco_5_4KyXbHHxrPV_f_X4QLds8KayxXZXrMGllpn5m1YKLFw6bQm7VxuTn7Uxzchs3axTVROzpRz1docD_ybRTn7kB9ezvKvQfvRSTarXZTEEfp6SJcOSWJT06l_=w2000-h1333-s-no-gm?authuser=0\" width=\"2000\" height=\"1333\" alt=\"Co\u015fkulu tart\u0131\u015fma\" class=\"size-full\" \/><\/a><figcaption class=\"wp-caption-text\">Co\u015fkulu tart\u0131\u015fma<\/figcaption><\/figure>\n<figure class=\"wp-caption aligncenter\"><a href=\"https:\/\/photos.google.com\/share\/AF1QipO0BM1sk7kZR4zzBZLz3prDf9FtrQRDUOlEFbVvI1eaIiprQMqf87M1fs2sT9K99Q\/photo\/AF1QipPR7si4WTj3x4EtPtcISurDpctMHBe4zxAjzLo?key=aWRzZ2NhNjlheWN6SjFqNWZKdTBwam9tcVFNQVp3\"><img decoding=\"async\" src=\"https:\/\/lh3.googleusercontent.com\/pw\/AP1GczP0JxJNlzlAtHJ50KKw4ds2PjqIn33LoouOPPR8hOqO9TTw1TRmXNczcelBhGw-fjdTBU2c8sUuGOqWo1auWSMV1SZ8yXxYXEiWANU3oXPnwSlcw-l1rb2M5j6lCLmRHYqlAY07IboxgsCbiVVkHHgh=w2000-h1333-s-no-gm?authuser=0\" width=\"2000\" height=\"1333\" alt=\"Y\u00f6netmen Suzuki sorulara derhal yan\u0131t veriyor\" class=\"size-full\" \/><\/a><figcaption class=\"wp-caption-text\">Y\u00f6netmen Suzuki sorulara derhal yan\u0131t veriyor<\/figcaption><\/figure>\n<figure class=\"wp-caption aligncenter\"><a href=\"https:\/\/photos.google.com\/share\/AF1QipO0BM1sk7kZR4zzBZLz3prDf9FtrQRDUOlEFbVvI1eaIiprQMqf87M1fs2sT9K99Q\/photo\/AF1QipPMBNUW1TCXKinpr5fcf9uXt_aWAGuefagl7WI?key=aWRzZ2NhNjlheWN6SjFqNWZKdTBwam9tcVFNQVp3\"><img decoding=\"async\" src=\"https:\/\/lh3.googleusercontent.com\/pw\/AP1GczMsbdJdF9XXpGSkyOvh_x8JUXyoOyP9gIAtK9x_IrW9P9ulch4jNLNmlqxdVe4fAsSpYfhNkr4_MS-DIpf5Zujj5mZtJIVmZHlwnR6-Dl15aoXmpsnp2Wv0UXA3KT6lmusbQk9fMzPBlRahAP2f4vbq=w2000-h1333-s-no-gm?authuser=0\" width=\"2000\" height=\"1333\" alt=\"Canl\u0131 bir fikir al\u0131\u015fveri\u015fi ya\u015fand\u0131!\" class=\"size-full\" \/><\/a><figcaption class=\"wp-caption-text\">Canl\u0131 bir fikir al\u0131\u015fveri\u015fi ya\u015fand\u0131!<\/figcaption><\/figure>\n<p>S\u0131n\u0131rs\u0131z sevgi, \u015f\u00fckran ve dualarla, gelece\u011fe y\u00f6n verecek olan Hokuryu Kasabas\u0131 gen\u00e7lerine, Sorachi Genel Kalk\u0131nma B\u00fcrosu M\u00fcd\u00fcr\u00fc Kenichi Suzuki&#039;nin de\u011ferli konu\u015fmas\u0131n\u0131 dinlemek, aktif olarak fikir al\u0131\u015fveri\u015finde bulunmak ve Sorachi tar\u0131m\u0131n\u0131n gelecekteki de\u011fi\u015fikliklere nas\u0131l uyum sa\u011flayabilece\u011fi konusunda d\u00fc\u015f\u00fcnmek i\u00e7in vazge\u00e7ilmez bir f\u0131rsat diliyoruz. . .<\/p>\n<h2>Di\u011fer foto\u011fraflar<\/h2>\n<div class=\"img-move\"><img decoding=\"async\" style=\"vertical-align: middle;\" src=\"https:\/\/ehokkaido.net\/wp-content\/uploads\/2021\/12\/2021-12-06-11.41.12.png\" \/> <a href=\"https:\/\/photos.app.goo.gl\/A7ZVuo9EyEg99RQ56\" target=\"_blank\" rel=\"noopener noreferrer\">Sorachi B\u00f6lgesel Kalk\u0131nma B\u00fcrosu M\u00fcd\u00fcr\u00fc Kenichi Suzuki&#039;nin &quot;Hokuryu Kasabas\u0131&#039;ndaki tar\u0131mdan gelecekte neler bekliyoruz&quot; konulu konferans\u0131n\u0131n foto\u011fraflar\u0131 (37 foto\u011fraf) i\u00e7in buraya t\u0131klay\u0131n &gt;&gt;<\/a><\/div>\n<h2>\u0130lgili makaleler<\/h2>\n\n\u3000<\/p>\n<p>\u25c7 R\u00f6portaj ve metin: Ikuko Terauchi (foto\u011fraf\u00e7\u0131l\u0131k ve d\u00fczenleme asistan\u0131: Noboru Terauchi)<\/p>","protected":false},"excerpt":{"rendered":"<p>\uff12\uff10\uff12\uff14\u5e74\uff18\u6708\uff11\uff13\u65e5\uff08\u706b\uff09 \uff18\u6708\uff15\u65e5\uff08\u6708\uff09\uff11\uff16\uff1a\uff10\uff10\u301c\u3001\u5317\u6d77\u9053\u7a7a\u77e5\u7dcf\u5408\u632f\u8208\u5c40\u30fb\u9234\u6728\u8ce2\u4e00 \u5c40\u9577\u3092\u304a\u62db\u304d\u3057\u3001\u300c\u5317\u7adc\u753a\u8fb2\u696d\u9752\u5e74\u3078\u306e\u8b1b\u8a71\u300d\u3068\u8fb2\u696d\u9752\u5e74\u305f\u3061\u3068\u306e\u610f\u898b\u4ea4\u63db\u304c\u3001\u5317\u7adc\u753a\u5546\u696d\u6d3b\u6027\u5316\u65bd\u8a2d\u300cCOCOWA\u300d\u591a\u76ee [&hellip;]<\/p>\n","protected":false},"author":1,"featured_media":49518,"comment_status":"open","ping_status":"open","sticky":false,"template":"","format":"standard","meta":{"footnotes":""},"categories":[4,75,100,14],"tags":[],"class_list":["post-49499","post","type-post","status-publish","format-standard","has-post-thumbnail","hentry","category-cover-story","category-sasaki-yasuhiro-mayor","category-sunflower_watermelon","category-hokuryu-town"],"_links":{"self":[{"href":"https:\/\/portal.hokuryu.info\/tr\/wp-json\/wp\/v2\/posts\/49499","targetHints":{"allow":["GET"]}}],"collection":[{"href":"https:\/\/portal.hokuryu.info\/tr\/wp-json\/wp\/v2\/posts"}],"about":[{"href":"https:\/\/portal.hokuryu.info\/tr\/wp-json\/wp\/v2\/types\/post"}],"author":[{"embeddable":true,"href":"https:\/\/portal.hokuryu.info\/tr\/wp-json\/wp\/v2\/users\/1"}],"replies":[{"embeddable":true,"href":"https:\/\/portal.hokuryu.info\/tr\/wp-json\/wp\/v2\/comments?post=49499"}],"version-history":[{"count":0,"href":"https:\/\/portal.hokuryu.info\/tr\/wp-json\/wp\/v2\/posts\/49499\/revisions"}],"wp:featuredmedia":[{"embeddable":true,"href":"https:\/\/portal.hokuryu.info\/tr\/wp-json\/wp\/v2\/media\/49518"}],"wp:attachment":[{"href":"https:\/\/portal.hokuryu.info\/tr\/wp-json\/wp\/v2\/media?parent=49499"}],"wp:term":[{"taxonomy":"category","embeddable":true,"href":"https:\/\/portal.hokuryu.info\/tr\/wp-json\/wp\/v2\/categories?post=49499"},{"taxonomy":"post_tag","embeddable":true,"href":"https:\/\/portal.hokuryu.info\/tr\/wp-json\/wp\/v2\/tags?post=49499"}],"curies":[{"name":"wp","href":"https:\/\/api.w.org\/{rel}","templated":true}]}}