{"id":49450,"date":"2024-08-13T09:39:46","date_gmt":"2024-08-13T00:39:46","guid":{"rendered":"https:\/\/portal.hokuryu.info\/?p=49450"},"modified":"2026-01-14T18:58:39","modified_gmt":"2026-01-14T09:58:39","slug":"hokuryu-kasabasi-ve-hokkaido-bilgi-universitesi-kapsamli-anlasma-imzaladi","status":"publish","type":"post","link":"https:\/\/portal.hokuryu.info\/tr\/49450\/","title":{"rendered":"Hokuryu Kasabas\u0131 ve Hokkaido Bilgi \u00dcniversitesi kapsaml\u0131 anla\u015fma imzalad\u0131! \u00dcniversitelerin yerel topluluklarla i\u015f birli\u011fi yapmas\u0131n\u0131n beklendi\u011fi bir \u00e7a\u011f"},"content":{"rendered":"<p>Sal\u0131, 13 A\u011fustos 2024<\/p>\n<p>Sal\u0131 g\u00fcn\u00fc, 6 A\u011fustos&#039;ta saat 11:00&#039;de Hokuryu Kasabas\u0131 (Belediye Ba\u015fkan\u0131 Yasuhiro Sasaki) ve Hokkaido Bilgi \u00dcniversitesi (Ba\u015fkan Jun Nishihira) kapsaml\u0131 bir anla\u015fma imzalad\u0131. \u0130mza t\u00f6reni Hokuryu Kasabas\u0131 Sa\u011fl\u0131k Merkezi&#039;nin birinci kat\u0131ndaki resepsiyon odas\u0131nda yap\u0131ld\u0131.<\/p>\n<h2>Hokuryu Kasabas\u0131 ile Hokkaido Bilgi \u00dcniversitesi aras\u0131nda &quot;Kapsaml\u0131 Anla\u015fma&quot;<\/h2>\n<figure class=\"wp-caption aligncenter\"><a href=\"https:\/\/photos.google.com\/share\/AF1QipMf-3O6_CDTRyBO4KFw5JbKkMYVEgP8hRY22O66V0sqM0V-SXYWwAEK-AepsKoQ_w\/photo\/AF1QipMtmR5Z7OefyirhqrejatRc3mip--LEvXU2T8w?key=R0dEdVFTNERkTlg4cXVMSnp1RWJGdk81ai1Cd0x3\" target=\"_blank\" rel=\"noopener\"><img decoding=\"async\" src=\"https:\/\/lh3.googleusercontent.com\/pw\/AP1GczOwJ12cCvM74l5B65yOj6yH7hMb7At-Jp9w1SAON-UPBMspsZLi5ONrZWpQyqg3v2nkKmGgspNItpfoxiE6Dipd7OvaiQmX3AX_kunebwFEOYC3Tpbn10E6PIxYd_MFlzgg9SDRmAZ7u-OHrKNelEyx=w2000-h1333-s-no-gm?authuser=0\" width=\"2000\" height=\"1333\" alt=\"Hokuryu Kasabas\u0131 ve Hokkaido Bilgi \u00dcniversitesi kapsaml\u0131 bir anla\u015fma imzalad\u0131\" class=\"size-full\" \/><\/a><figcaption class=\"wp-caption-text\">Hokuryu Kasabas\u0131 ve Hokkaido Bilgi \u00dcniversitesi kapsaml\u0131 bir anla\u015fma imzalad\u0131<\/figcaption><\/figure>\n<h3>Kat\u0131l\u0131mc\u0131lar<\/h3>\n<p><strong>Hokkaido Bilgi \u00dcniversitesi<\/strong><\/p>\n<ul>\n<li>Jun Nishihira, Ba\u015fkan<\/li>\n<li>Takashi Abe Genel M\u00fcd\u00fcr<\/li>\n<li>Hiroki Takizawa \u0130cra Direkt\u00f6r\u00fc<\/li>\n<\/ul>\n<p><strong>Hokuryu Kasabas\u0131<\/strong><\/p>\n<li>Belediye Ba\u015fkan\u0131 Yasuhiro Sasaki<\/li>\n<li>Masaaki Okuda, Belediye Ba\u015fkan Yard\u0131mc\u0131s\u0131<\/li>\n<li>Kazushi Arima E\u011fitim M\u00fcd\u00fcr\u00fc<\/li>\n<li>Katsuyoshi Takahashi, Genel \u0130\u015fler B\u00f6l\u00fcm\u00fc M\u00fcd\u00fcr\u00fc ve Politika Planlama B\u00f6l\u00fcm\u00fc M\u00fcd\u00fcr\u00fc<\/li>\n<li>Masakazu Tamura, Genel \u0130\u015fler M\u00fcd\u00fcr Yard\u0131mc\u0131s\u0131<\/li>\n<li>Yayoi Kawamoto, Planlama ve Tan\u0131t\u0131m B\u00f6l\u00fcm \u015eefi<\/li>\n<li>Chiaki Mori, Planlama ve Promosyon B\u00f6l\u00fcm\u00fc Dan\u0131\u015fman\u0131<\/li>\n<li>Nobuyuki Murakami, Topluluk Destek\u00e7isi<\/li>\n<li>Yui Sasaki B\u00f6lgesel Canland\u0131rma \u0130\u015fbirli\u011fi G\u00f6n\u00fcll\u00fcs\u00fc<\/li>\n<\/ul>\n<h3>Anla\u015fman\u0131n genel g\u00f6r\u00fcn\u00fcm\u00fc<\/h3>\n<p>Kitary\u016b \u015eehir Planlama ve Tan\u0131t\u0131m B\u00f6l\u00fcm\u00fc Meclis \u00dcyesi Bayan Chiaki Mori, anla\u015fman\u0131n arka plan\u0131 ve ilerleyi\u015fi, hedefleri ve i\u015fbirli\u011finin ayr\u0131nt\u0131lar\u0131 hakk\u0131nda bir a\u00e7\u0131klama yapt\u0131.<\/p>\n<figure class=\"wp-caption aligncenter\"><a href=\"https:\/\/photos.google.com\/share\/AF1QipMf-3O6_CDTRyBO4KFw5JbKkMYVEgP8hRY22O66V0sqM0V-SXYWwAEK-AepsKoQ_w\/photo\/AF1QipMLZvyANEH3zVjSaEnB92T0nDcIKM7GGgOpmHg?key=R0dEdVFTNERkTlg4cXVMSnp1RWJGdk81ai1Cd0x3\" target=\"_blank\" rel=\"noopener\"><img decoding=\"async\" src=\"https:\/\/lh3.googleusercontent.com\/pw\/AP1GczNWaLhXjTMIXl1V2FfwTO2Zu4eLvwNdghNjpP8SpTn_CsGbB8XjqyPdBi2WGHRgnNn6_YLtuyUfjlXPARNTY_YG1ATOTAJpn8kvl_MfM8bd269zI1FJX0OQ0LayzVd8RhdOgIxGPsKsEmyOpg02lx7m=w2000-h1333-s-no-gm?authuser=0\" width=\"2000\" height=\"1333\" alt=\"Planlama ve Tan\u0131t\u0131m B\u00f6l\u00fcm\u00fc Dan\u0131\u015fman\u0131 Bayan Chiaki Mori&#039;nin anla\u015fman\u0131n a\u00e7\u0131klamas\u0131\" class=\"size-full\" \/><\/a><figcaption class=\"wp-caption-text\">Planlama ve Tan\u0131t\u0131m B\u00f6l\u00fcm\u00fc Dan\u0131\u015fman\u0131 Bayan Chiaki Mori&#039;nin anla\u015fman\u0131n a\u00e7\u0131klamas\u0131<\/figcaption><\/figure>\n<p>Bu kapsaml\u0131 anla\u015fman\u0131n imzalanmas\u0131n\u0131n amac\u0131, Hokuryu Kasabas\u0131 ile Hokkaido Bilgi \u00dcniversitesi&#039;nin yerel sorunlara uygun \u015fekilde yan\u0131t vermek ve canl\u0131, benzersiz ve m\u00fcreffeh bir yerel toplulu\u011fun olu\u015fumuna ve geli\u015fimine katk\u0131da bulunmak i\u00e7in kapsaml\u0131 bir \u015fekilde birlikte \u00e7al\u0131\u015fabilmelerini sa\u011flamakt\u0131r.<\/p>\n<p>2022&#039;den itibaren Hokuryu Kasabas\u0131, esas olarak yerel canland\u0131rma i\u015fbirli\u011fi ekibi \u00fcyelerinin \u00e7abalar\u0131yla \u00e7e\u015fitli etkinliklere ev sahipli\u011fi yapacak. Bunlar aras\u0131nda Hokkaido Bilgi \u00dcniversitesi i\u015fbirli\u011fiyle projeksiyon haritalamas\u0131 ger\u00e7ekle\u015ftirdiler. Bu ba\u011flant\u0131, bu y\u0131l Hokkaido Bilgi \u00dcniversitesi ile bir staj anla\u015fmas\u0131n\u0131n imzalanmas\u0131na yol a\u00e7t\u0131.<\/p>\n<p>Bu stajlar arac\u0131l\u0131\u011f\u0131yla, \u015fehir d\u0131\u015f\u0131ndan gelen, alan\u0131nda uzmanla\u015fm\u0131\u015f gen\u00e7lerin g\u00f6r\u00fc\u015flerini de dikkate alarak, kat\u0131l\u0131mc\u0131 say\u0131s\u0131n\u0131 art\u0131rmay\u0131 ve kentsel geli\u015fimi canland\u0131rmay\u0131 umuyoruz.<\/p>\n<p>Hokkaido Bilgi \u00dcniversitesi, stajlar arac\u0131l\u0131\u011f\u0131yla \u00f6\u011frencilerin istihdam olanaklar\u0131n\u0131 art\u0131rabilece\u011fine, yerel toplulukla ba\u011flar\u0131n\u0131 derinle\u015ftirebilece\u011fine, \u00f6\u011frenme ufuklar\u0131n\u0131 geni\u015fletebilece\u011fine ve onlar\u0131 geleceklerine ba\u011flayabilece\u011fine inan\u0131yor.<\/p>\n<p>Bundan sonra \u00e7e\u015fitli giri\u015fimlerde i\u015f birli\u011fimizi derinle\u015ftirece\u011fiz ve yerel toplumu canland\u0131rmak ve yerel sorunlar\u0131 \u00e7\u00f6zmek i\u00e7in \u00e7al\u0131\u015faca\u011f\u0131z.<\/p>\n<h3>Anla\u015fman\u0131n imzalanmas\u0131 ve akdedilmesi i\u00e7in el s\u0131k\u0131\u015fma<\/h3>\n<figure class=\"wp-caption aligncenter\"><a href=\"https:\/\/photos.google.com\/share\/AF1QipMf-3O6_CDTRyBO4KFw5JbKkMYVEgP8hRY22O66V0sqM0V-SXYWwAEK-AepsKoQ_w\/photo\/AF1QipPhdvBSQ8hjW_pCBPPZWGecK-ZyPfCSeztPgG0?key=R0dEdVFTNERkTlg4cXVMSnp1RWJGdk81ai1Cd0x3\" target=\"_blank\" rel=\"noopener\"><img decoding=\"async\" src=\"https:\/\/lh3.googleusercontent.com\/pw\/AP1GczPXvRK8LTxFs2OI98eY37RPwbqvTBKqg5am4DDPfl_tuUyxemNqsuSeWu_sOVehhuGkHaDaCHy5V37DLysWqaRXgHP1EZOm0U_qVXTR_doUn3cD4w0Y8sxFZ9l0Y4II-7ofEjwZmD4ncKGupVdleI8F=w2000-h1333-s-no-gm?authuser=0\" width=\"2000\" height=\"1333\" alt=\"Anla\u015fman\u0131n imzalanmas\u0131\" class=\"size-full\" \/><\/a><figcaption class=\"wp-caption-text\">Anla\u015fman\u0131n imzalanmas\u0131<\/figcaption><\/figure>\n<figure class=\"wp-caption aligncenter\"><a href=\"https:\/\/photos.google.com\/share\/AF1QipMf-3O6_CDTRyBO4KFw5JbKkMYVEgP8hRY22O66V0sqM0V-SXYWwAEK-AepsKoQ_w\/photo\/AF1QipOgEPl1BNKibjarfVcpgslBEPeU6Y74ktTPgak?key=R0dEdVFTNERkTlg4cXVMSnp1RWJGdk81ai1Cd0x3\" target=\"_blank\" rel=\"noopener\"><img decoding=\"async\" src=\"https:\/\/lh3.googleusercontent.com\/pw\/AP1GczO6KMfv0pHZOcYPEm-lna2I-1rC9pqqNU00KqDP99YooFIKwNLqmHk6UTJD_wNPvmV9YrQ-b6-Aa0YetYBeZQ29tdnmjGhGrakelzCxTCEU37_8F_Y6xIXsepNmhzi-D9AqdA4nfx2sNM563PfehS5r=w2000-h1500-s-no-gm?authuser=0\" width=\"2000\" height=\"1333\" alt=\"Mutabakat Muht\u0131ras\u0131\" class=\"size-full\" \/><\/a><figcaption class=\"wp-caption-text\">Mutabakat Muht\u0131ras\u0131<\/figcaption><\/figure>\n<figure class=\"wp-caption aligncenter\"><a href=\"https:\/\/photos.google.com\/share\/AF1QipMf-3O6_CDTRyBO4KFw5JbKkMYVEgP8hRY22O66V0sqM0V-SXYWwAEK-AepsKoQ_w\/photo\/AF1QipNWoWWtOspCtceINr6ZKOnfjyZzLBQdCJZJ5tQ?key=R0dEdVFTNERkTlg4cXVMSnp1RWJGdk81ai1Cd0x3\" target=\"_blank\" rel=\"noopener\"><img decoding=\"async\" src=\"https:\/\/lh3.googleusercontent.com\/pw\/AP1GczO7BDHzeECo_YNfCpOujToeUc2b2nnSorDPk51_PXRRi71LrwJ5EY4Oic9ONg6YsRa8Z_CPGqo9Ro06Ph62NfyJO5P1hDbR67oXtO1PVTaR2Vt08st7-CWNSX5WorXEiRznqJXquwikExmsVqvJOock=w2000-h1333-s-no-gm?authuser=0\" width=\"2000\" height=\"1333\" alt=\"El s\u0131k\u0131\u015fman\u0131n sonu\" class=\"size-full\" \/><\/a><figcaption class=\"wp-caption-text\">El s\u0131k\u0131\u015fman\u0131n sonu<\/figcaption><\/figure>\n<h3>Anma foto\u011fraf\u0131<\/h3>\n<figure class=\"wp-caption aligncenter\"><a href=\"https:\/\/photos.google.com\/share\/AF1QipMf-3O6_CDTRyBO4KFw5JbKkMYVEgP8hRY22O66V0sqM0V-SXYWwAEK-AepsKoQ_w\/photo\/AF1QipPmmT0oSpHjM_mnq7z7PE-FEY1t-uYYVkHpH2I?key=R0dEdVFTNERkTlg4cXVMSnp1RWJGdk81ai1Cd0x3\" target=\"_blank\" rel=\"noopener\"><img decoding=\"async\" src=\"https:\/\/lh3.googleusercontent.com\/pw\/AP1GczPgG5KlTl4zx_DjgeFxbmkLJ4_d8JEXjDKpqWqv0R6Fs0zVUJyg6J9-v33KVqFgEBSbq8EcNyaZf8Wxgrzx7tl3UHW7r7jjEAHAbQR2p8o6Swkh4yRLWqNOU0reKtHBjFDqpx4bbLX-NeEOYIzRjPb7=w2000-h1333-s-no-gm?authuser=0\" width=\"2000\" height=\"1333\" alt=\"Anla\u015fman\u0131n hat\u0131ra foto\u011fraf\u0131\" class=\"size-full\" \/><\/a><figcaption class=\"wp-caption-text\">Anla\u015fman\u0131n hat\u0131ra foto\u011fraf\u0131<\/figcaption><\/figure>\n<figure class=\"wp-caption aligncenter\"><a href=\"https:\/\/photos.google.com\/share\/AF1QipMf-3O6_CDTRyBO4KFw5JbKkMYVEgP8hRY22O66V0sqM0V-SXYWwAEK-AepsKoQ_w\/photo\/AF1QipPU6WAskDXtDDW-5fg7t7KW7Oj777OjVekK37c?key=R0dEdVFTNERkTlg4cXVMSnp1RWJGdk81ai1Cd0x3\" target=\"_blank\" rel=\"noopener\"><img decoding=\"async\" src=\"https:\/\/lh3.googleusercontent.com\/pw\/AP1GczOcZ8IzYHZHlRoQL1-RyRa5uRjlnZAPcqbjsTdLhAtBYNoH-S72lQd-jKemfoamvmcyKIe8YSIhp-18uBMQwyHcXFhBaUBrdwvMTPH02DHR6b5HqWbJpLWsq5R-SK0murTmXN29qJPlSsE-qvvy8SeD=w2000-h1333-s-no-gm?authuser=0\" width=\"2000\" height=\"1333\" alt=\"Hepinizle birlikte\" class=\"size-full\" \/><\/a><figcaption class=\"wp-caption-text\">Hepinizle birlikte<\/figcaption><\/figure>\n<h3>Belediye Ba\u015fkan\u0131 Yasuhiro Sasaki&#039;nin s\u00f6zleri<\/h3>\n<p>&quot;Bu anla\u015fmaya yol a\u00e7an s\u00fcre\u00e7, art\u0131k bir k\u00f6y destek\u00e7isi olan ve o zamanlar yerel canland\u0131rma i\u015fbirli\u011fi ekibinin bir \u00fcyesi olan Nobuyuki Murakami ve o zamanlar yerel canland\u0131rma i\u015fbirli\u011fi ekibinin bir \u00fcyesi olan Yui Sasaki taraf\u0131ndan arabuluculuk edildi. Son \u00fc\u00e7 y\u0131lda Hokkaido Bilgi \u00dcniversitesi ile ba\u011flar\u0131n\u0131 derinle\u015ftirdiler ve projeksiyon haritalama, g\u00f6ky\u00fcz\u00fc fenerleri ve \u00e7e\u015fitli di\u011fer etkinlikler d\u00fczenlemek i\u00e7in i\u015fbirli\u011fi yapt\u0131lar.<\/p>\n<p>Bu projelere dayanarak May\u0131s ay\u0131nda \u00fcniversite rekt\u00f6r\u00fcyle g\u00f6r\u00fc\u015ft\u00fcm ve \u00f6\u011frencilerle etkile\u015fimi s\u00fcrd\u00fcrmeme izin vermesini istedim.<\/p>\n<p>\u00d6n\u00fcm\u00fczdeki 10-20 y\u0131l\u0131 d\u00fc\u015f\u00fcnerek \u00fcniversiteyle kapsaml\u0131 bir anla\u015fma yapma imk\u00e2n\u0131n\u0131 g\u00f6r\u00fc\u015ft\u00fck, rekt\u00f6r\u00fcm\u00fcz de bunu memnuniyetle kabul etti.<\/p>\n<p>Belediye Ba\u015fkan\u0131 Sasaki, &quot;Gelecekte birlikte \u00e7al\u0131\u015fma iste\u011fimiz bu anla\u015fmaya yol a\u00e7t\u0131&quot; dedi.<\/p>\n<h3>Ba\u015fkan Jun Nishihira&#039;n\u0131n Mesaj\u0131<\/h3>\n<p>&quot;Bu y\u0131l Belediye Ba\u015fkan\u0131 Sasaki \u00fcniversiteyi ziyaret etti ve \u00f6\u011fretim g\u00f6revlilerinin ve \u00f6\u011frencilerin faaliyetleri hakk\u0131nda detayl\u0131 bilgi edinme f\u0131rsat\u0131 buldu.<\/p>\n<p>\u00dcniversite gelecek i\u00e7in yeni geli\u015fmeler d\u00fc\u015f\u00fcn\u00fcyor. Bu i\u015f birli\u011finin i\u00e7eri\u011fine gelince, \u00fcniversiteler ba\u015flang\u0131\u00e7ta e\u011fitim ve insan kaynaklar\u0131 geli\u015fimine odaklanm\u0131\u015f durumdalar, ancak bence art\u0131k yerel toplulukla i\u015f birli\u011finin \u00fcniversitelerin gelecekteki misyonu olarak gerekli oldu\u011fu bir \u00e7a\u011fday\u0131z.<\/p>\n<p>Bize bu f\u0131rsat\u0131 verdi\u011fi i\u00e7in Hokuryu Kasabas\u0131na \u00e7ok minnettar\u0131z.<\/p>\n<p>Bu ba\u011flamda, Hokuryu Kasabas\u0131 ve okulumuzun \u00fcniversite ve toplum i\u00e7in ba\u015far\u0131l\u0131 bir model olarak birlikte \u00e7al\u0131\u015fabilece\u011fine dair b\u00fcy\u00fck umutlar\u0131m var. \u00dcniversitelerin rol\u00fc de de\u011fi\u015fti\u011fi i\u00e7in, \u00fcniversitelerin gelecekteki misyonu toplumla birlikte var olmak olacak. \u00d6\u011frencileri \u00fcniversite i\u00e7inde toplumla birlikte yeti\u015ftirmek, gelecek i\u00e7in \u00f6nemli bir temel olacak.<\/p>\n<p>Bana bu harika f\u0131rsat\u0131 verdikleri i\u00e7in Belediye Ba\u015fkan\u0131 Sasaki&#039;ye ve B\u00f6lgesel Canland\u0131rma \u0130\u015fbirli\u011fi Ekibi&#039;nin t\u00fcm \u00fcyelerine \u015f\u00fckranlar\u0131m\u0131 sunmak istiyorum.<\/p>\n<p>&quot;\u00d6\u011frencilerin g\u00fczel ay\u00e7i\u00e7ekleri aras\u0131nda \u00e7e\u015fitli \u015feyler \u00f6\u011freneceklerine inan\u0131yorum. Kasaba halk\u0131n\u0131n yard\u0131m\u0131yla \u00f6\u011frencilerin gelece\u011fini ayd\u0131nlatmak i\u00e7in bir f\u0131rsat sunabilece\u011fimizi umuyorum. \u00c7ok te\u015fekk\u00fcr ederim,&quot; dedi Ba\u015fkan Nishihira.<\/p>\n<h3>Himawari no Sato&#039;da \u00e7ekilen anma foto\u011fraf\u0131<\/h3>\n<figure class=\"wp-caption aligncenter\"><a href=\"https:\/\/photos.google.com\/share\/AF1QipMf-3O6_CDTRyBO4KFw5JbKkMYVEgP8hRY22O66V0sqM0V-SXYWwAEK-AepsKoQ_w\/photo\/AF1QipMOAQVJzXiDgu0RqmiCpPGSbttrTiI3R2ECW9g?key=R0dEdVFTNERkTlg4cXVMSnp1RWJGdk81ai1Cd0x3\" target=\"_blank\" rel=\"noopener\"><img decoding=\"async\" src=\"https:\/\/lh3.googleusercontent.com\/pw\/AP1GczNnM3AaiIw2WiROMbkDXteLHl9nr8-ugnrAtzUovCJRVCsBepiRqR4GOPIadT_wlIBsAq3NMy1et0o6Y9X3UtDFxE5hQwJ7tSaWrg8Acz9ikTVtkFTNysiPPns_1Fk2itt-DCYKXdx3LC5EaZaxdZ-p=w2000-h1333-s-no-gm?authuser=0\" width=\"2000\" height=\"1333\" alt=\"Arka planda bir ay\u00e7i\u00e7e\u011fi tarlas\u0131 var!\" class=\"size-full\" \/><\/a><figcaption class=\"wp-caption-text\">Arka planda bir ay\u00e7i\u00e7e\u011fi tarlas\u0131 var!<\/figcaption><\/figure>\n<figure class=\"wp-caption aligncenter\"><a href=\"https:\/\/photos.google.com\/share\/AF1QipMf-3O6_CDTRyBO4KFw5JbKkMYVEgP8hRY22O66V0sqM0V-SXYWwAEK-AepsKoQ_w\/photo\/AF1QipOQG5uiWW3N_0LjA8q3pQrMXVZJQeNBQRCB0tE?key=R0dEdVFTNERkTlg4cXVMSnp1RWJGdk81ai1Cd0x3\" target=\"_blank\" rel=\"noopener\"><img decoding=\"async\" src=\"https:\/\/lh3.googleusercontent.com\/pw\/AP1GczN5xJ-ARLIQXJOKAa8uPhE-hsaqsWff11XqIMPqAUfzCVedXvusfEoencR0smETamad1DnqFeuUxIqkcCMAYtWqjoNv8yW44VqujlysKaMCscg5yvHATRzdA912F7-YPqRcDxBIABe4_l2rmV1XM-Yi=w2000-h1333-s-no-gm?authuser=0\" width=\"2000\" height=\"1333\" alt=\"Yan\u0131nda ay\u00e7i\u00e7e\u011fi desenli panel de var!\" class=\"size-full\" \/><\/a><figcaption class=\"wp-caption-text\">Yan\u0131nda ay\u00e7i\u00e7e\u011fi desenli panel de var!<\/figcaption><\/figure>\n<p>S\u0131n\u0131rs\u0131z sevgi, \u015f\u00fckran ve dua ile Hokuryu Kasabas\u0131 ile Hokkaido Bilgi \u00dcniversitesi aras\u0131ndaki bu b\u00fcy\u00fck ba\u011f sayesinde Hokuryu Kasabas\u0131&#039;n\u0131n daha da canlanaca\u011f\u0131n\u0131, daha da geli\u015fece\u011fini ve ay\u00e7i\u00e7e\u011fi gibi mistik bir \u0131\u015f\u0131lt\u0131yla parlayaca\u011f\u0131n\u0131 umuyorum.<\/p>\n<figure class=\"wp-caption aligncenter\"><a href=\"https:\/\/photos.google.com\/share\/AF1QipMPX00FY6lHnpApbFXFAfx17kqZpNU0eCjSv-vQB16SxcAsmX6-5315qs9bHEQ47g\/photo\/AF1QipPPT65av-CW78dI97YVUj-euvu4_HHTRFKmDJE?key=Q3pkcFBnU2VyNGhuOFhOUFJ1Ylp3dGtSR3BsVUpR\" target=\"_blank\" rel=\"noopener\"><img decoding=\"async\" src=\"https:\/\/lh3.googleusercontent.com\/pw\/AP1GczNdBjeLMhwhGDTrEsjIOB8PE88nF69IqBrbGP8UpH5EUOX6Y5Gf9zUI58gmsXUcNVCT-D9by4MFVF2IL1EIAB7wp-36pdWmtTE5Cgb6aWeAVHbBq7O0Pk6DJJk4CWWNRs_H_-0XjmEhNfZ9XWLR3zAy=w1960-h1306-s-no-gm?authuser=0\" width=\"2000\" height=\"1333\" alt=\"Kentsel geli\u015fim canlans\u0131n ve ay\u00e7i\u00e7eklerinin gizemli \u0131\u015f\u0131\u011f\u0131yla parlas\u0131n!\" class=\"size-full\" \/><\/a><figcaption class=\"wp-caption-text\">Kentsel geli\u015fim canlans\u0131n ve ay\u00e7i\u00e7eklerinin gizemli \u0131\u015f\u0131\u011f\u0131yla parlas\u0131n!<\/figcaption><\/figure>\n<h2>Di\u011fer foto\u011fraflar<\/h2>\n<div class=\"img-move\"><img decoding=\"async\" style=\"vertical-align: middle;\" src=\"https:\/\/ehokkaido.net\/wp-content\/uploads\/2021\/12\/2021-12-06-11.41.12.png\" \/> <a href=\"https:\/\/photos.app.goo.gl\/PfonLKwYURxCvVBZ9\" target=\"_blank\" rel=\"noopener noreferrer\">Hokuryu Kasabas\u0131 ile Hokkaido Bilgi \u00dcniversitesi aras\u0131ndaki &quot;Kapsaml\u0131 Anla\u015fma&quot;n\u0131n imzalanmas\u0131na ait foto\u011fraflar (29 foto\u011fraf) burada &gt;&gt;<\/a><\/div>\n<h2>\u0130lgili makaleler<\/h2>\n\n\n\n\n\n\n<p>\u25c7 <a href=\"https:\/\/portal.hokuryu.info\/tr\/62509\/\">Foto\u011fraf\u00e7\u0131l\u0131k, d\u00fczenleme ve web sitesi y\u00f6netimi: Noboru Terauchi Yazar: Ikuko Terauchi<\/a><\/p>","protected":false},"excerpt":{"rendered":"<p>\uff12\uff10\uff12\uff14\u5e74\uff18\u6708\uff11\uff13\u65e5\uff08\u706b\uff09 \uff18\u6708\uff16\u65e5\uff08\u706b\uff09\uff11\uff11\uff1a\uff10\uff10\u301c\u3001\u5317\u7adc\u753a\uff08\u4f50\u3005\u6728\u5eb7\u5b8f \u753a\u9577\uff09\u3068\u5317\u6d77\u9053\u60c5\u5831\u5927\u5b66\uff08\u897f\u5e73\u9806 \u5b66\u9577\uff09\u304c\u300c\u5305\u62ec\u5354\u5b9a\u300d\u3092\u7de0\u7d50\u3002\u5305\u62ec\u5354\u5b9a\u7de0\u7d50\u5f0f\u304c\u3001\u5317\u7adc\u753a\u3059\u3053\u3084\u304b\u30bb\u30f3\u30bf\u30fc\uff11\u968e\u5fdc\u63a5\u5ba4\u306b\u3066\u884c\u308f\u308c\u307e\u3057 [&hellip;]<\/p>\n","protected":false},"author":1,"featured_media":49452,"comment_status":"open","ping_status":"open","sticky":false,"template":"","format":"standard","meta":{"footnotes":""},"categories":[4,14],"tags":[],"class_list":["post-49450","post","type-post","status-publish","format-standard","has-post-thumbnail","hentry","category-cover-story","category-hokuryu-town"],"_links":{"self":[{"href":"https:\/\/portal.hokuryu.info\/tr\/wp-json\/wp\/v2\/posts\/49450","targetHints":{"allow":["GET"]}}],"collection":[{"href":"https:\/\/portal.hokuryu.info\/tr\/wp-json\/wp\/v2\/posts"}],"about":[{"href":"https:\/\/portal.hokuryu.info\/tr\/wp-json\/wp\/v2\/types\/post"}],"author":[{"embeddable":true,"href":"https:\/\/portal.hokuryu.info\/tr\/wp-json\/wp\/v2\/users\/1"}],"replies":[{"embeddable":true,"href":"https:\/\/portal.hokuryu.info\/tr\/wp-json\/wp\/v2\/comments?post=49450"}],"version-history":[{"count":1,"href":"https:\/\/portal.hokuryu.info\/tr\/wp-json\/wp\/v2\/posts\/49450\/revisions"}],"predecessor-version":[{"id":68391,"href":"https:\/\/portal.hokuryu.info\/tr\/wp-json\/wp\/v2\/posts\/49450\/revisions\/68391"}],"wp:featuredmedia":[{"embeddable":true,"href":"https:\/\/portal.hokuryu.info\/tr\/wp-json\/wp\/v2\/media\/49452"}],"wp:attachment":[{"href":"https:\/\/portal.hokuryu.info\/tr\/wp-json\/wp\/v2\/media?parent=49450"}],"wp:term":[{"taxonomy":"category","embeddable":true,"href":"https:\/\/portal.hokuryu.info\/tr\/wp-json\/wp\/v2\/categories?post=49450"},{"taxonomy":"post_tag","embeddable":true,"href":"https:\/\/portal.hokuryu.info\/tr\/wp-json\/wp\/v2\/tags?post=49450"}],"curies":[{"name":"wp","href":"https:\/\/api.w.org\/{rel}","templated":true}]}}