{"id":49175,"date":"2024-08-05T14:04:15","date_gmt":"2024-08-05T05:04:15","guid":{"rendered":"https:\/\/portal.hokuryu.info\/?p=49175"},"modified":"2024-08-05T20:43:17","modified_gmt":"2024-08-05T11:43:17","slug":"kurosengoku-yaz-festivali-2024-ilk-kez-duzenleniyor-bircok-musteri-keyif-aldi","status":"publish","type":"post","link":"https:\/\/portal.hokuryu.info\/tr\/49175\/","title":{"rendered":"Kurosengoku Yaz Festivali 2024 ilk kez d\u00fczenleniyor! Bir\u00e7ok m\u00fc\u015fterimiz \u00e7ok be\u011fendi! Bu mucizevi kar\u015f\u0131la\u015fma beni \u00e7ok heyecanland\u0131rd\u0131!"},"content":{"rendered":"<p>Pazar, 4 A\u011fustos 2024<\/p>\n<p>Kurosengoku Yaz Festivali, 3 A\u011fustos Cumartesi g\u00fcn\u00fc saat 10:00&#039;da Kurosengoku Ticaret Kooperatifi Derne\u011fi arazisinde (Heisui, Kitary\u016b Kasabas\u0131) ger\u00e7ekle\u015ftirildi. Bu proje \u0130cra Direkt\u00f6r\u00fc Yuji Takada taraf\u0131ndan organize edildi.<\/p>\n<h2>Kurosengoku Yaz Festivali 2024<\/h2>\n<p>Kurosengoku \u0130\u015f Kooperatifleri Birli\u011fi (Ba\u015fkan Takada Yukio) taraf\u0131ndan d\u00fczenlenen ilk yaz festivali, \u00e7ok say\u0131da ki\u015finin kat\u0131l\u0131m\u0131yla b\u00fcy\u00fck bir ba\u015far\u0131ya ula\u015ft\u0131!<\/p>\n<p>Yaz festivali, hem \u00e7ocuklar\u0131n hem de yeti\u015fkinlerin harika vakit ge\u00e7irece\u011fi etkinliklerle dolu!<\/p>\n<figure class=\"wp-caption aligncenter\"><a href=\"https:\/\/photos.google.com\/share\/AF1QipOKkmZrSZXRb7CarB4GWbo1uZfwFfpA8ECto5S0owR6Yal_dKF6Ggheu_wOgLRXFg\/photo\/AF1QipP5uEsEw6kDYVMA6aOZMEdBzW2_BO-1_5Zj6bI?key=VlZTd1VvMS1GaGoycDJZUGNwb1dKMGM2YU9PWUFB\" target=\"_blank\" rel=\"noopener\"><img decoding=\"async\" src=\"https:\/\/lh3.googleusercontent.com\/pw\/AP1GczNRjDQJbVKo3g6ixKwhRIsqN7rozT3JedvlQxtPsUIqmTzUb8d1EHeJPAMnXJAYN_Dayduu5O8N9wlDhhpvWuR6_MOf1LOnP2h7IVK8vVXDU4o93ktsPUfI2TQ3avj3pUHegpek5qPz66vMvOH2OiLo=w2000-h1500-s-no-gm?authuser=0\" width=\"2000\" height=\"1500\" alt=\"Yaz festivali mekan\u0131\" class=\"size-full\" \/><\/a><figcaption class=\"wp-caption-text\">Yaz festivali mekan\u0131<\/figcaption><\/figure>\n<figure class=\"wp-caption aligncenter\"><a href=\"https:\/\/photos.google.com\/share\/AF1QipOKkmZrSZXRb7CarB4GWbo1uZfwFfpA8ECto5S0owR6Yal_dKF6Ggheu_wOgLRXFg\/photo\/AF1QipMsqTtbjCKB24ses0y9ZndimuGCt7uNQnefsbI?key=VlZTd1VvMS1GaGoycDJZUGNwb1dKMGM2YU9PWUFB\" target=\"_blank\" rel=\"noopener\"><img decoding=\"async\" src=\"https:\/\/lh3.googleusercontent.com\/pw\/AP1GczMEvZyGpvNMo-quUgjSGyqsNscFAjPnvb7JgscBUQIlkxndpayrqoe5zbyE_pr4oUs7raNLek0_sy-NhzrrS8Ppyvb70Idd__L1O9QfJSfhFBIw-lOjCdb5_Rx-LLc2hagl83VppBVMnvAlPCtjBF5J=w2000-h1500-s-no-gm?authuser=1\" width=\"2000\" height=\"1500\" alt=\"Kurosengoku Yaz Festivali 2024\" class=\"size-full\" \/><\/a><figcaption class=\"wp-caption-text\">Kurosengoku Yaz Festivali 2024<\/figcaption><\/figure>\n<h3>Sat\u0131l\u0131k \u00e7e\u015fitli mevsim sebzeleri<\/h3>\n<ul>\n<li> &quot;Kurosengokudon kep\u00e7eleme&quot;, &quot;\u0130stedi\u011finiz kadar salatal\u0131k&quot;, &quot;\u0130stedi\u011finiz kadar kiraz domates&quot; ve \u00e7e\u015fitli mevsim sebzeleri sat\u0131\u015fta<\/li>\n<\/ul>\n<figure class=\"wp-caption aligncenter\"><a href=\"https:\/\/photos.google.com\/share\/AF1QipOKkmZrSZXRb7CarB4GWbo1uZfwFfpA8ECto5S0owR6Yal_dKF6Ggheu_wOgLRXFg\/photo\/AF1QipMNSOFFPhSCYxTSlo9gWkFW7nG1vSWMcjXAHoQ?key=VlZTd1VvMS1GaGoycDJZUGNwb1dKMGM2YU9PWUFB\" target=\"_blank\" rel=\"noopener\"><img decoding=\"async\" src=\"https:\/\/lh3.googleusercontent.com\/pw\/AP1GczNJYS8bgDo8-FRJU_9fpRpTQ8_BpmPU5EpJdDl9aVtLT69Y87cOVA76UV8-H5-ArjojToeVzODIinmU_8xgP3Ppuv-q9W4-rwezZK-o_wRGRC1fy9wC_CWp2g3hi75zyhHANtuA7xioYSnMgiRZQAip=w2000-h1500-s-no-gm?authuser=0\" width=\"2000\" height=\"1500\" alt=\"\u00c7ok say\u0131da taze toplanm\u0131\u015f sebze\" class=\"size-full\" \/><\/a><figcaption class=\"wp-caption-text\">\u00c7ok say\u0131da taze toplanm\u0131\u015f sebze<\/figcaption><\/figure>\n<figure class=\"wp-caption aligncenter\"><a href=\"https:\/\/photos.google.com\/share\/AF1QipOKkmZrSZXRb7CarB4GWbo1uZfwFfpA8ECto5S0owR6Yal_dKF6Ggheu_wOgLRXFg\/photo\/AF1QipNxbajD25SYradNL-gQBNcew2PV_kqjmA3K-Vc?key=VlZTd1VvMS1GaGoycDJZUGNwb1dKMGM2YU9PWUFB\" target=\"_blank\" rel=\"noopener\"><img decoding=\"async\" src=\"https:\/\/lh3.googleusercontent.com\/pw\/AP1GczNJvPFirCYtd5wgWMQ3pimHCQq2oove8A5BiITyidCQ40fcL96zXWg-H7_kvzwIZLOuN4mBI9srj6CbE7UhpE6s5Dj3dsRwG2QgGY0of_Ecn1F-sO_L9ond29iM4Kkm-t3S-8w9virvYET8_HKtU9hL=w2000-h1500-s-no-gm?authuser=0\" width=\"2000\" height=\"1500\" alt=\"100 yen kar\u015f\u0131l\u0131\u011f\u0131nda paketleyebilece\u011finiz kadar salatal\u0131k\" class=\"size-full\" \/><\/a><figcaption class=\"wp-caption-text\">100 yen kar\u015f\u0131l\u0131\u011f\u0131nda paketleyebilece\u011finiz kadar salatal\u0131k<\/figcaption><\/figure>\n<h3>\u00c7ocuk Festivali<\/h3>\n<ul>\n<li>&quot;Dagashi&quot; sat\u0131\u015flar\u0131, &quot;Balina Havuzunda Yo-yo kep\u00e7e&quot; ve &quot;Sumikko Gurashi piyangosu&quot;<\/li>\n<\/ul>\n<figure class=\"wp-caption aligncenter\"><a href=\"https:\/\/photos.google.com\/share\/AF1QipOKkmZrSZXRb7CarB4GWbo1uZfwFfpA8ECto5S0owR6Yal_dKF6Ggheu_wOgLRXFg\/photo\/AF1QipPZ8DK2fbyf-UfX8zxoJ_uHd2B0CBDMt317_7k?key=VlZTd1VvMS1GaGoycDJZUGNwb1dKMGM2YU9PWUFB\" target=\"_blank\" rel=\"noopener\"><img decoding=\"async\" src=\"https:\/\/lh3.googleusercontent.com\/pw\/AP1GczPGzJr52DvHTTKxTrTriqoYIIL2RnLpO7fYO6rZ9YJ5z5P2nURl25iTE5TJ3UpLfllGIAcDSb6ip_QEfR5QlHFssKx6TRziDFyjmnBBe3GTBGforyKWUAv2vGsyBBim3ldeHZgz4nkr0c2fdhF4H-N1=w2000-h1500-s-no-gm?authuser=0\" width=\"2000\" height=\"1500\" alt=\"\u00c7ocuk \u015eenli\u011fi \u00c7e\u015fitli tatl\u0131lar\" class=\"size-full\" \/><\/a><figcaption class=\"wp-caption-text\">\u00c7ocuk \u015eenli\u011fi \u00c7e\u015fitli tatl\u0131lar<\/figcaption><\/figure>\n<figure class=\"wp-caption aligncenter\"><a href=\"https:\/\/photos.google.com\/share\/AF1QipOKkmZrSZXRb7CarB4GWbo1uZfwFfpA8ECto5S0owR6Yal_dKF6Ggheu_wOgLRXFg\/photo\/AF1QipMhqeO_jDrVTQk23ZFC7kqSuseyr3NTfsswqSM?key=VlZTd1VvMS1GaGoycDJZUGNwb1dKMGM2YU9PWUFB\" target=\"_blank\" rel=\"noopener\"><img decoding=\"async\" src=\"https:\/\/lh3.googleusercontent.com\/pw\/AP1GczOCD1XESeVpITmw3L8FoQ_LDkpjyzPz8RHY0yXRtiVH10JZ_LwtUynncVE2jlbu3WWGiyJuOZh3cDhkjG7MkRzPuXSYkazT_Fiur6KjgB0ZhhICiXITa94uP-i8rZe6G9Z8UCgNOLGkRw3qH1Iyfkft=w2000-h1500-s-no-gm?authuser=0\" width=\"2000\" height=\"1500\" alt=\"Balina Yoyo\" class=\"size-full\" \/><\/a><figcaption class=\"wp-caption-text\">Balina Yoyo<\/figcaption><\/figure>\n<h3>Umeya-san<\/h3>\n<ul>\n<li>Umeya &quot;Kurosengoku Kinako Yumu\u015fak Dondurma&quot;, &quot;Kurosengoku Kremal\u0131 Puflar&quot;, &quot;F\u0131r\u0131n \u00dcr\u00fcnleri (Anko Tereya\u011fl\u0131 Madeleine, Tereya\u011fl\u0131 Castella, Dutch Yaki)&quot;<\/li>\n<li>Kurosengoku Kinako dondurmas\u0131 hem taban\u0131 hem de \u00fcst\u00fc Kurosengoku Kinako ile doldurulmu\u015ftur, bu da onu jarato kadar yumu\u015fak ve inan\u0131lmaz lezzetli hale getirir!<\/li>\n<\/ul>\n<figure class=\"wp-caption aligncenter\"><a href=\"https:\/\/photos.google.com\/share\/AF1QipOKkmZrSZXRb7CarB4GWbo1uZfwFfpA8ECto5S0owR6Yal_dKF6Ggheu_wOgLRXFg\/photo\/AF1QipNjIAAQFJLw3a_hAlhZMKLGBvtbjBv4V9pJM04?key=VlZTd1VvMS1GaGoycDJZUGNwb1dKMGM2YU9PWUFB\" target=\"_blank\" rel=\"noopener\"><img decoding=\"async\" src=\"https:\/\/lh3.googleusercontent.com\/pw\/AP1GczOFK306BMqzSDuxX2XLCYcwVX72H9dANCX_HYujbOTbSRTipCxCmF8TNnbLcildRIUOx09EzdtrNA3JRn8XsZ_RAJPplctahdm-tteszbZRIL7wfM-o-BBdJ42D87QfJX_CPohgxWt610xOR3w15-ON=w2000-h1500-s-no-gm?authuser=0\" width=\"2000\" height=\"1500\" alt=\"Umeya (Kurosengoku Kinako Yumu\u015fak Servis Dondurma, Kurosengoku Kremal\u0131 Puflar)\" class=\"size-full\" \/><\/a><figcaption class=\"wp-caption-text\">Umeya (Kurosengoku Kinako Yumu\u015fak Servis Dondurma, Kurosengoku Kremal\u0131 Puflar)<\/figcaption><\/figure>\n<figure class=\"wp-caption aligncenter\"><a href=\"https:\/\/photos.google.com\/share\/AF1QipOKkmZrSZXRb7CarB4GWbo1uZfwFfpA8ECto5S0owR6Yal_dKF6Ggheu_wOgLRXFg\/photo\/AF1QipMqJny9T34MvfQa-NmsPV_FRkvgTtU9lRsQ3e4?key=VlZTd1VvMS1GaGoycDJZUGNwb1dKMGM2YU9PWUFB\" target=\"_blank\" rel=\"noopener\"><img decoding=\"async\" src=\"https:\/\/lh3.googleusercontent.com\/pw\/AP1GczMSUykfsOPYnff56Plmxh3TtSawDxApCJr1jYe0jLKGqQb6fWXxfwctOIMmfj3JLcGFuKLcz68gxlQ_9p2-281GdR0KwLTS9QLR--zYgcclUCJb3Aw8q_uXVITPxSqW1GAQe4myWlO_cWwCOvbQ4z3g=w2000-h1500-s-no-gm?authuser=0\" width=\"2000\" height=\"1500\" alt=\"S\u0131rada bekleyen insanlar\" class=\"size-full\" \/><\/a><figcaption class=\"wp-caption-text\">S\u0131rada bekleyen insanlar<\/figcaption><\/figure>\n<figure class=\"wp-caption aligncenter\"><a href=\"https:\/\/photos.google.com\/share\/AF1QipOKkmZrSZXRb7CarB4GWbo1uZfwFfpA8ECto5S0owR6Yal_dKF6Ggheu_wOgLRXFg\/photo\/AF1QipNV0Aw03iJKZbbk-Z4lqB9FIrsirvkFwJ7DSUQ?key=VlZTd1VvMS1GaGoycDJZUGNwb1dKMGM2YU9PWUFB\" target=\"_blank\" rel=\"noopener\"><img decoding=\"async\" src=\"https:\/\/lh3.googleusercontent.com\/pw\/AP1GczPCqLTW1g4ACrdxM9LIEIuiqoC_lDk5tb8DDsn6-CZheJ5hMzI7XcfFttjTHf2kc09GtCTm17Bf0uLh-OVBxUxONduxiwqhLZg-KBAlt8Q2Kt3RfTZpi41l__9v-3UkM3iaXL_qolgvkk1Pf_4ptAMe=w2000-h1500-s-no-gm?authuser=0\" width=\"2000\" height=\"1500\" alt=\"Fasulye re\u00e7eli tereya\u011fl\u0131 madeleine, tereya\u011fl\u0131 castella\" class=\"size-full\" \/><\/a><figcaption class=\"wp-caption-text\">Fasulye re\u00e7eli tereya\u011fl\u0131 madeleine, tereya\u011fl\u0131 castella<\/figcaption><\/figure>\n\n        <div class=\"site-blogcard-premium\">\n            <div class=\"bc-label-custom\">\u0130lgili makaleler<\/div>\n            <div class=\"bc-flex-container\">\n                <div class=\"bc-main-text\">\n                    <div class=\"bc-title-link-box\">\n                        <a href=\"https:\/\/www.ho-umeya.co.jp\" target=\"_blank\">Umeya Kremal\u0131 Puf B\u00f6rekleri | Hokkaido&#039;nun Asahikawa \u015fehrinde 1914 y\u0131l\u0131nda kurulan, k\u00f6kl\u00fc bir Bat\u0131 tarz\u0131 pastane.<\/a>\n                    <\/div>\n                    <div class=\"bc-excerpt-box\">1914 y\u0131l\u0131nda (Taisho 3) kurulan Umeya, Hokkaido&#039;nun Asahikawa \u015fehrinde kremal\u0131 puf b\u00f6rekleri konusunda uzmanla\u015fm\u0131\u015f bir pastanedir. Nesiller boyunca aktar\u0131lan son derece yetenekli el i\u015f\u00e7ili\u011fini kullanmaktad\u0131rlar...<\/div>\n                <\/div>\n                <div class=\"bc-thumbnail-box\">\n                    <a href=\"https:\/\/www.ho-umeya.co.jp\" target=\"_blank\">\n                        <div class=\"bc-img-zoom-wrap\">\n                            <img decoding=\"async\" src=\"https:\/\/www.ho-umeya.co.jp\/new\/images\/ogp-image.jpg\" alt=\"Umeya Kremal\u0131 Puf B\u00f6rekleri | Hokkaido&#039;nun Asahikawa \u015fehrinde 1914 y\u0131l\u0131nda kurulan, k\u00f6kl\u00fc bir Bat\u0131 tarz\u0131 pastane.\">\n                        <\/div>\n                    <\/a>\n                <\/div>\n            <\/div>\n        <\/div>\n<h3>Masao Togashi Shoten - Yabuyabu b\u00f6l\u00fcm\u00fc<\/h3>\n<ul>\n<li>Masao Togashi Shoten, kurutulmu\u015f palamut d\u00fckkan\u0131 (Sapporo City, 1948&#039;de kuruldu ve \u015fu anda \u00fc\u00e7\u00fcnc\u00fc nesil sahibi Yuhei Togashi taraf\u0131ndan i\u015fletiliyor)<\/li>\n<li>Yabu Yabu Bushi, \u00fc\u00e7 \u00e7e\u015fit rendelenmi\u015f kurutulmu\u015f bal\u0131\u011f\u0131n alt\u0131n oranda harmanlanmas\u0131yla elde edilir: &quot;Hokkaido&#039;nun Shibetsu kasabas\u0131ndan somon pullar\u0131&quot;, &quot;Kagoshima&#039;n\u0131n Ibusuki \u015fehrinden Katsuo pullar\u0131&quot; ve &quot;Kagoshima&#039;n\u0131n Ibusuki \u015fehrinden ton bal\u0131\u011f\u0131 pullar\u0131&quot;! ! !<\/li>\n<li>Palamut ve ton bal\u0131\u011f\u0131nda bulunan umami bile\u015feni inosinik asit ile somonda bulunan glutamik asidin bir araya gelmesiyle lezzet 10 kat art\u0131yor!<\/li>\n<li>Hi\u00e7bir katk\u0131 maddesi i\u00e7ermeyen, do\u011fal lezzet dolu &quot;tamamen do\u011fal bir g\u0131da&quot;!<\/li>\n<li>Togashi Masao Shoten&#039;in rendelenmi\u015f kurutulmu\u015f bal\u0131\u011f\u0131 &quot;Yabu Yabu Bushi&quot;, 67. Ulusal \u0130\u015flenmi\u015f Deniz \u00dcr\u00fcnleri G\u0131da Fuar\u0131&#039;nda Osaka Valisi \u00d6d\u00fcl\u00fc&#039;n\u00fc kazand\u0131!<\/li>\n<\/ul>\n<figure class=\"wp-caption aligncenter\"><a href=\"https:\/\/photos.google.com\/share\/AF1QipOKkmZrSZXRb7CarB4GWbo1uZfwFfpA8ECto5S0owR6Yal_dKF6Ggheu_wOgLRXFg\/photo\/AF1QipNpwCm8gZ-gj40w_ztf_rVlTh4zS6j4zWRg-hc?key=VlZTd1VvMS1GaGoycDJZUGNwb1dKMGM2YU9PWUFB\" target=\"_blank\" rel=\"noopener\"><img decoding=\"async\" src=\"https:\/\/lh3.googleusercontent.com\/pw\/AP1GczPSgTvNJ1HY3PrF-9Yv-ARZcWsqI4hms-8wXXrLukZd-sjD8DidH3XprjZPhut3n4UeDXvAfXulxliNPCk9zYiXlEmZMVkcLhOqwItny2QZr1iknt6L_xbxy6qb5jzo9IN8sVabhqEKboCpADsqYTzm=w2000-h1500-s-no-gm?authuser=0\" width=\"2000\" height=\"1500\" alt=\" Togashi Masao Shoten&#039;in \u00fc\u00e7\u00fcnc\u00fc nesil ba\u015fkan\u0131 Yuhei Togashi ve ekibi\" class=\"size-full\" \/><\/a><figcaption class=\"wp-caption-text\">Togashi Masao Shoten&#039;in \u00fc\u00e7\u00fcnc\u00fc nesil ba\u015fkan\u0131 Yuhei Togashi ve ekibi<\/figcaption><\/figure>\n<figure class=\"wp-caption aligncenter\"><a href=\"https:\/\/photos.google.com\/share\/AF1QipOKkmZrSZXRb7CarB4GWbo1uZfwFfpA8ECto5S0owR6Yal_dKF6Ggheu_wOgLRXFg\/photo\/AF1QipMSfhaDW9pCe3RYQnLWenFzVFZvefSUNg3gMz4?key=VlZTd1VvMS1GaGoycDJZUGNwb1dKMGM2YU9PWUFB\" target=\"_blank\" rel=\"noopener\"><img decoding=\"async\" src=\"https:\/\/lh3.googleusercontent.com\/pw\/AP1GczOSQFPHgnCiGMzItASGR3Lu_iWnvtpGx6b6O3ylzSMVTBOumlrH28YqUTdHWidQfGW-ZrrowKACnmexLJHcbSQ9wRaeG1SuRooF13ggkW1m2XbqELqpcQwWiX4ByVfsih5GRZSz30Uxn21VL_cb7LvH=w2000-h1500-s-no-gm?authuser=0\" width=\"2000\" height=\"1500\" alt=\"Yabuyabu b\u00f6l\u00fcm\u00fc\" class=\"size-full\" \/><\/a><figcaption class=\"wp-caption-text\">Yabuyabu b\u00f6l\u00fcm\u00fc<\/figcaption><\/figure>\n<figure class=\"wp-caption aligncenter\"><a href=\"https:\/\/photos.google.com\/share\/AF1QipOKkmZrSZXRb7CarB4GWbo1uZfwFfpA8ECto5S0owR6Yal_dKF6Ggheu_wOgLRXFg\/photo\/AF1QipPF8TVZGFzG-PV_relKOtomwyDb2ZyYbuKc65U?key=VlZTd1VvMS1GaGoycDJZUGNwb1dKMGM2YU9PWUFB\" target=\"_blank\" rel=\"noopener\"><img decoding=\"async\" src=\"https:\/\/lh3.googleusercontent.com\/pw\/AP1GczPV8XzunBQ9oPTcvyE6w1SsyJqALb4-vof0CM2XA7WtwihFPLDzabQ1SQtZBCoqXZxZqYDhjBmNMNC2sC1jaCcRm7zADHtwQ2beDzZvZkSVIWDBTFwZcD3wTxgODdZXRdHGtHxw0Qz8m4bz8gLcdqdf=w2000-h1500-s-no-gm?authuser=0\" width=\"2000\" height=\"1500\" alt=\"\u00c7ok pop\u00fcler Yabuyabu \u015fark\u0131s\u0131\" class=\"size-full\" \/><\/a><figcaption class=\"wp-caption-text\">\u00c7ok pop\u00fcler Yabuyabu \u015fark\u0131s\u0131<\/figcaption><\/figure>\n\n        <div class=\"site-blogcard-premium\">\n            <div class=\"bc-label-custom\">\u0130lgili makaleler<\/div>\n            <div class=\"bc-flex-container\">\n                <div class=\"bc-main-text\">\n                    <div class=\"bc-title-link-box\">\n                        <a href=\"https:\/\/togashi-katsuobushi.com\" target=\"_blank\">Hokkaido&#039;dan teslim edilen kurutulmu\u015f palamut gevre\u011fi ve \u00e7orbal\u0131k suyu | Masao Togashi Shoten Co., Ltd.Toyohira-ku, Sapporo<\/a>\n                    <\/div>\n                    <div class=\"bc-excerpt-box\">Bu, Hokkaido&#039;nun en iyi kurutulmu\u015f palamut pulu \u00fcreticisidir ve 2024&#039;te 67. Ulusal Deniz \u00dcr\u00fcnleri \u0130\u015fleme G\u0131da Fuar\u0131&#039;nda Osaka Valisi \u00d6d\u00fcl\u00fc&#039;n\u00fc kazanm\u0131\u015ft\u0131r. \u00dcretimini \u015fu \u015fekilde yapmaktad\u0131rlar...<\/div>\n                <\/div>\n                <div class=\"bc-thumbnail-box\">\n                    <a href=\"https:\/\/togashi-katsuobushi.com\" target=\"_blank\">\n                        <div class=\"bc-img-zoom-wrap\">\n                            <img decoding=\"async\" src=\"https:\/\/togashi-katsuobushi.com\/wp-content\/uploads\/2025\/12\/2_mono.png\" alt=\"Hokkaido&#039;dan teslim edilen kurutulmu\u015f palamut gevre\u011fi ve \u00e7orbal\u0131k suyu | Masao Togashi Shoten Co., Ltd.Toyohira-ku, Sapporo\">\n                        <\/div>\n                    <\/a>\n                <\/div>\n            <\/div>\n        <\/div>\n<h3>Teppanyaki \u015eefi Koki&#039;nin Canl\u0131 Mutfa\u011f\u0131<\/h3>\n<ul>\n<li>\u015eef Koki&#039;nin \u00f6n\u00fcn\u00fczde pi\u015firdi\u011fi &quot;Baharatl\u0131 Tavuk&quot; ve &quot;Yakisoba&quot; adl\u0131 teppanyaki yemekleri tek kelimeyle muhte\u015fem!<\/li>\n<li>Sebze dolu yakisoba, Ba\u015fkan Takada&#039;n\u0131n bizzat yeti\u015ftirdi\u011fi taze bir sebze olan kocaman bir kabakla tepesinde! ! ! En iyisi!<\/li>\n<li>Yabu Yabu kurutulmu\u015f bal\u0131\u011f\u0131n baharat\u0131yla yap\u0131lan enfes bir yakisoba yeme\u011fi! ! !<\/li>\n<\/ul>\n<figure class=\"wp-caption aligncenter\"><a href=\"https:\/\/photos.google.com\/share\/AF1QipOKkmZrSZXRb7CarB4GWbo1uZfwFfpA8ECto5S0owR6Yal_dKF6Ggheu_wOgLRXFg\/photo\/AF1QipPhYpFFyxmwxJBmVmfPbtIjlBPAD_J6qTSiXIs?key=VlZTd1VvMS1GaGoycDJZUGNwb1dKMGM2YU9PWUFB\" target=\"_blank\" rel=\"noopener\"><img decoding=\"async\" src=\"https:\/\/lh3.googleusercontent.com\/pw\/AP1GczPOag2MVUDTzdiDH_Jfy-DVw2KM5Zs7E4yDy6AXubpOCxATFuHmMp2mQ0VIcpUaeGH6tp0-N8CpbCebIIIkshvNPC_924dNxJXtmpMAQFt0vGJPVhX4SLirT3XLOz83ikdZdGfNIt8lWFCY9G2DiBGH=w2000-h1500-s-no-gm?authuser=0\" width=\"2000\" height=\"1500\" alt=\"Koki Chef&#039;in Canl\u0131 Mutfa\u011f\u0131\" class=\"size-full\" \/><\/a><figcaption class=\"wp-caption-text\">Koki Chef&#039;in Canl\u0131 Mutfa\u011f\u0131<\/figcaption><\/figure>\n<figure class=\"wp-caption aligncenter\"><a href=\"https:\/\/photos.google.com\/share\/AF1QipOKkmZrSZXRb7CarB4GWbo1uZfwFfpA8ECto5S0owR6Yal_dKF6Ggheu_wOgLRXFg\/photo\/AF1QipMuDSSAP83lHEXKCQXSaDwftoMFaOIU92uxw1I?key=VlZTd1VvMS1GaGoycDJZUGNwb1dKMGM2YU9PWUFB\" target=\"_blank\" rel=\"noopener\"><img decoding=\"async\" src=\"https:\/\/lh3.googleusercontent.com\/pw\/AP1GczO5gmf_T_odHHDAVg6ma1tIsdCEODvaIPJsRUeDxO7H_HhArn9xd2BCDFgcYgXhHK_I-0FlMuKRzl7LYOerdCXTrMHxDgCKCcTr6GNqjLDA9SHd8KxzQx1xS751piDl65ZXfZI40FmPi6qM5SjDaTOM=w2000-h1500-s-no-gm?authuser=0\" width=\"2000\" height=\"1500\" alt=\"Baharatl\u0131 tavuk da harika!\" class=\"size-full\" \/><\/a><figcaption class=\"wp-caption-text\">Baharatl\u0131 tavuk da harika!<\/figcaption><\/figure>\n<h3>Sauna arabas\u0131: &quot;Bir sauna var&quot;<\/h3>\n<ul>\n<li>Sauna arabas\u0131 &quot;Sauna Arujan&quot;\u0131n \u00fccretsiz denemesi!<\/li>\n<\/ul>\n<figure class=\"wp-caption aligncenter\"><a href=\"https:\/\/photos.google.com\/share\/AF1QipOKkmZrSZXRb7CarB4GWbo1uZfwFfpA8ECto5S0owR6Yal_dKF6Ggheu_wOgLRXFg\/photo\/AF1QipNYYWBVtRsJKmTqaM2G7Nd_Vni0uCKPtb3HCmw?key=VlZTd1VvMS1GaGoycDJZUGNwb1dKMGM2YU9PWUFB\" target=\"_blank\" rel=\"noopener\"><img decoding=\"async\" src=\"https:\/\/lh3.googleusercontent.com\/pw\/AP1GczNgwA5UtagblnnyWQkwVAFBwULa5ObkCymNKpmbKtulTPxPPzNd9R7maTt07NipQlpPzv-13XA1aJncVGJIFcEF8jr_faA5uwAfA_1RFhl5Z7g0zWY_3oBL_O5nQJ5DBgVr3IQvyAEo6bn4qWvsQbvo=w2000-h1500-s-no-gm?authuser=0\" width=\"2000\" height=\"1500\" alt=\"Bir sauna var\" class=\"size-full\" \/><\/a><figcaption class=\"wp-caption-text\">Bir sauna var<\/figcaption><\/figure>\n<ul>\n<li>Hafif yerel sedir kullan\u0131larak bir marangoz taraf\u0131ndan yap\u0131lm\u0131\u015f bir sauna: Hokutomo Construction Co., Ltd. (Sapporo \u015eehri) taraf\u0131ndan yap\u0131lm\u0131\u015ft\u0131r<\/li>\n<li>Otaru&#039;da 60 y\u0131l\u0131 a\u015fk\u0131n s\u00fcredir odun sobas\u0131 \u00fcreten &quot;Shinbo Seisakusho&#039;dan Sauna Sobas\u0131&quot;n\u0131 benimsedik<\/li>\n<li>Sauna ta\u015flar\u0131, olivin ve diyabaz\u0131n \u0131s\u0131ya dayan\u0131kl\u0131, dayan\u0131kl\u0131 bir kar\u0131\u015f\u0131m\u0131d\u0131r ve Kikuma Kawara taraf\u0131ndan yap\u0131lan &quot;Onimaru&quot; oni karo tasar\u0131m\u0131na sahiptir. &#039;un \u00fczerinde emilim oran\u0131yla kurulu\u011fu \u00f6nleme, t\u0131kan\u0131kl\u0131\u011f\u0131 giderme, aromaterapinin aromas\u0131n\u0131 daha uzun s\u00fcre koruma gibi faydalar\u0131 vard\u0131r.<\/li>\n<li>\u00d6zveriden sonra soba vantilat\u00f6r\u00fc sauna odas\u0131ndaki s\u0131cakl\u0131k dalgalar\u0131n\u0131 kar\u0131\u015ft\u0131r\u0131r.<\/li>\n<\/ul>\n<figure class=\"wp-caption aligncenter\"><a href=\"https:\/\/photos.google.com\/share\/AF1QipOKkmZrSZXRb7CarB4GWbo1uZfwFfpA8ECto5S0owR6Yal_dKF6Ggheu_wOgLRXFg\/photo\/AF1QipPcC5feXxzIb9rQk-g4CWCzUUYfmuEIjrNZkI8?key=VlZTd1VvMS1GaGoycDJZUGNwb1dKMGM2YU9PWUFB\" target=\"_blank\" rel=\"noopener\"><img decoding=\"async\" src=\"https:\/\/lh3.googleusercontent.com\/pw\/AP1GczNUZ1LiF_Ezo8F52Wzqe1fWZjSAkL5YepszM2o---XX3H9wiu5mT-eMxGvhJfTVUP01RudlsL_hgHhQXLUeyXmHjAaS1mbHuMM49SFri-9sshBlpeeRWsYhuvtGiq2GfiY_BJglukS7dxeuk3M0hdM5=w2000-h1500-s-no-gm?authuser=0\" width=\"2000\" height=\"1500\" alt=\"Personel k\u0131rm\u0131z\u0131 yan\u0131yor\" class=\"size-full\" \/><\/a><figcaption class=\"wp-caption-text\">Personel k\u0131rm\u0131z\u0131 yan\u0131yor<\/figcaption><\/figure>\n<figure class=\"wp-caption aligncenter\"><a href=\"https:\/\/photos.google.com\/share\/AF1QipOKkmZrSZXRb7CarB4GWbo1uZfwFfpA8ECto5S0owR6Yal_dKF6Ggheu_wOgLRXFg\/photo\/AF1QipMVRlQVlBFLiJvv_C9YF-TMHxJdQ4__snaBChI?key=VlZTd1VvMS1GaGoycDJZUGNwb1dKMGM2YU9PWUFB\" target=\"_blank\" rel=\"noopener\"><img decoding=\"async\" src=\"https:\/\/lh3.googleusercontent.com\/pw\/AP1GczMeRPDMP_PWwF8na5v_VF7ihEiskHvnliZ6OEt7BhOI9_nISxuG78zQD4MMvOk6JE3TMr1klRwSRuwZYPahb-0axMYgo_zzlWLLnMw0dCbK81iyAss-evWC0YYDxjdEezB85kI0921tYO5MaUlAvOgO=w2000-h1500-s-no-gm?authuser=0\" width=\"2000\" height=\"1500\" alt=\"\u0130\u00e7 mekan tasar\u0131m\u0131\" class=\"size-full\" \/><\/a><figcaption class=\"wp-caption-text\">\u0130\u00e7 mekan tasar\u0131m\u0131<\/figcaption><\/figure>\n<div class=\"youtube\"><iframe title=\"GoPro Videolar\u0131m\" src=\"https:\/\/www.youtube.com\/embed\/NtbwhpJD3oA?feature=oembed\" frameborder=\"0\" allow=\"accelerometer; autoplay; clipboard-write; encrypted-media; gyroscope; picture-in-picture; web-share\" referrerpolicy=\"strict-origin-when-cross-origin\" allowfullscreen><\/iframe><\/div>\n<div class=\"img-move\">\n<div class=\"sitecard\">\n<div class=\"sitecard__subtitle\"> Sauna Arujan - Hokuto \u0130n\u015faat A.\u015e. (Sapporo \u015eehri)<\/div>\n<div class=\"column column-273\">\n<div class=\"column__item\"><a href=\"https:\/\/sauna-tsukuruyo.com\/\" target=\"_blank\" rel=\"noopener\"><b style=\"font-size:large\">Hokkaido&#039;dan Sauna Araba Fabrikas\u0131<\/b><\/a><br \/>\nSauna arabas\u0131 yapmak istiyorum. Sauna kul\u00fcbesi yapt\u0131rmak istiyorum. Saunan\u0131n tad\u0131n\u0131 \u00e7\u0131karmak istiyorum. Hafif kamyonlar i\u00e7in olan bu saunal\u0131 arabay\u0131 sadece yetenekli zanaatkarlar \u00fcretebilir. \u0130sterseniz kendi eviniz i\u00e7in de kiralayabilirsiniz.<br \/>\n<span style=\"color: #ff9900;\">\u25b6<\/span> <a href=\"https:\/\/sauna-tsukuruyo.com\/\" target=\"_blank\" rel=\"noopener\"><b style=\"font-size:large\">Sauna Arujan&#039;\u0131n web sitesi burada &gt;&gt;<\/b><\/div>\n<div class=\"column__item\"><img decoding=\"async\" src=\"https:\/\/portal.hokuryu.info\/wp\/wp-content\/uploads\/2024\/08\/2024-08-05-8.36.57.png\" alt=\"Bir sauna var\" style=\"border:solid 1px blue\" height=\"150\"\/><\/a><\/div>\n<\/div>\n<\/div>\n<\/div>\n<h3>Zaman\u0131n tad\u0131n\u0131 \u00e7\u0131kar\u0131n<\/h3>\n<figure class=\"wp-caption aligncenter\"><a href=\"https:\/\/photos.google.com\/share\/AF1QipOKkmZrSZXRb7CarB4GWbo1uZfwFfpA8ECto5S0owR6Yal_dKF6Ggheu_wOgLRXFg\/photo\/AF1QipMzIZu2vr5EdzAW8XmTwrzbnjDswvN6IuN8SjM?key=VlZTd1VvMS1GaGoycDJZUGNwb1dKMGM2YU9PWUFB\" target=\"_blank\" rel=\"noopener\"><img decoding=\"async\" src=\"https:\/\/lh3.googleusercontent.com\/pw\/AP1GczMLc2uqRFKEpTfbZ6pf2myN2yhp2N3CV70ck1j9XDjR6qz63LZT4K0pcnhSVDBhPB1k8bqAfdxC_yvtMj_EDz5GQBRrPIZHhv133xZ41tSwpXgYNEfSJFB7u_04HUMg-xAd7BjJyOYilveUCVxO87lT=w2000-h1500-s-no-gm?authuser=0\" width=\"2000\" height=\"1500\" alt=\" &quot;E\u011flenceli sohbet zaman\u0131&quot; (Soldan sa\u011fa) Kurosengoku \u0130\u015f Kooperatifi Derne\u011fi Ba\u015fkan\u0131 Yukio Takada, eski kasaba belediye ba\u015fkan\u0131 Yutaka Sano, Hokuryu Kasabas\u0131 Onursal Vatanda\u015f\u0131 Ryoji Kikura (eski JA Kitasorachi Temsilci Direkt\u00f6r\u00fc ve Birlik Ba\u015fkan\u0131), Hokuryu Belediye Meclisi \u00dcyesi Kazuo Kimura\" class=\"size-full\" \/><\/a><figcaption class=\"wp-caption-text\">&quot;E\u011flenceli sohbet zaman\u0131&quot; (Soldan sa\u011fa) Kurosengoku \u0130\u015f Kooperatifi Derne\u011fi Ba\u015fkan\u0131 Yukio Takada, eski kasaba belediye ba\u015fkan\u0131 Yutaka Sano, Hokuryu Kasabas\u0131 Onursal Vatanda\u015f\u0131 Ryoji Kikura (eski JA Kitasorachi Temsilci Direkt\u00f6r\u00fc ve Birlik Ba\u015fkan\u0131), Hokuryu Belediye Meclisi \u00dcyesi Kazuo Kimura<\/figcaption><\/figure>\n<figure class=\"wp-caption aligncenter\"><a href=\"https:\/\/photos.google.com\/share\/AF1QipOKkmZrSZXRb7CarB4GWbo1uZfwFfpA8ECto5S0owR6Yal_dKF6Ggheu_wOgLRXFg\/photo\/AF1QipMqFJkw124J6Smp_dzjUR6JOBDnUHk1UmftFAo?key=VlZTd1VvMS1GaGoycDJZUGNwb1dKMGM2YU9PWUFB target=\"_blank\"\"><img decoding=\"async\" src=\"https:\/\/lh3.googleusercontent.com\/pw\/AP1GczNXLwhc3wy6SVwRWW9V59_7o_VCFSpWLKOTnHIFCboCEO8e3SoPtZT9WsiLBWj3QMQuAi49gUEsa_0MF5D-e0eFVUlFMbaG8EowwSJxy5ymK30LFRoNdXmbo1P1ZJvJnzMiWYJSlZOYnNVEXnLF0Szy=w2000-h1500-s-no-gm?authuser=0\" width=\"2000\" height=\"1500\" alt=\"E\u011flenceli sohbet zaman\u0131\" class=\"size-full\" \/><\/a><figcaption class=\"wp-caption-text\">E\u011flenceli sohbet zaman\u0131<\/figcaption><\/figure>\n<h2>Mucizevi bir kar\u015f\u0131la\u015fma<\/h2>\n<p>Bundan 14 y\u0131l \u00f6nce, 2010 y\u0131l\u0131nda (Heisei 22), biz (y\u00f6neticiler) Kanto b\u00f6lgesinden Hokuriku Kasabas\u0131&#039;na ta\u015f\u0131nd\u0131\u011f\u0131m\u0131zda, ay\u00e7i\u00e7eklerini ve Hokuriku Kasabas\u0131&#039;n\u0131 seven bir k\u0131zdan dokunakl\u0131 bir mektup ald\u0131k. O zamanlar ortaokul \u00f6\u011frencisiydi ve Hokuriku Ortaokulu Ay\u00e7i\u00e7e\u011fi Komitesi&#039;nin ba\u015fkan\u0131yd\u0131.<\/p>\n<h3>Nazik bir mektup al\u0131yorum<\/h3>\n<p>G\u00fczel s\u00f6zler ve g\u00fcl\u00fcmseyen bir portremiz de e\u015flik etti.<\/p>\n<figure class=\"wp-caption aligncenter\"><a href=\"https:\/\/photos.google.com\/share\/AF1QipOKkmZrSZXRb7CarB4GWbo1uZfwFfpA8ECto5S0owR6Yal_dKF6Ggheu_wOgLRXFg\/photo\/AF1QipNdqNUJ2q1RQljmobIo_OYuhPxFKjitvh-iEIM?key=VlZTd1VvMS1GaGoycDJZUGNwb1dKMGM2YU9PWUFB\" target=\"_blank\" rel=\"noopener\"><img decoding=\"async\" src=\"https:\/\/lh3.googleusercontent.com\/pw\/AP1GczMPFdLn1fy_3DCtSRdTFMNTWpENaJHNYFA4NDobh3a9Z2Y3r9oCPld2hgojCutaDqOeXsJ1yKvYKDIgx5eeCx0wFKxBzwi0ZEAT_b08lAs5WBflk8qfZCIFCPSUlEK5_pPulx51P2QrfN47MWpFsvPW=w1297-h865-s-no-gm?authuser=0\" width=\"1600\" height=\"900\" alt=\"Ortaokullu bir k\u0131zdan g\u00fczel bir mektup (Ekim 2010)\" class=\"size-full\" \/><\/a><figcaption class=\"wp-caption-text\">Ortaokullu bir k\u0131zdan g\u00fczel bir mektup (Ekim 2010)<\/figcaption><\/figure>\n<p>Mektupta yaz\u0131lan g\u00fczel s\u00f6zler<\/p>\n<p>&quot;G\u00fcl\u00fcmsemelerin ay\u00e7i\u00e7ekleri kadar parlak. Her zaman g\u00fcl\u00fcmsemeye devam edersen, iyi \u015feyler kesinlikle olur. Buna inan\u0131yorum. Ay\u00e7i\u00e7eklerini ve Hokuryu Kasabas\u0131n\u0131 seviyorum,&quot; dedi, ay\u00e7i\u00e7e\u011fi kadar g\u00fczel ve saf bir k\u0131z\u0131n s\u0131cak samimiyetini yans\u0131tarak.<\/p>\n<h3>14. y\u0131lda mucizevi kar\u015f\u0131la\u015fma<\/h3>\n<p>O g\u00fcn, tam da bu mekanda, bu k\u0131zla gizemli ve mucizevi bir kar\u015f\u0131la\u015fma ya\u015fad\u0131m!<\/p>\n<p>Yan\u0131m\u0131zda bulunan anne birden bize seslendi: &quot;Okazaki Aoi ad\u0131n\u0131 hat\u0131rl\u0131yor musunuz?&quot;<\/p>\n<p>&quot;Vay can\u0131na! Aoi-chan&quot; dedi\u011fimde kar\u015f\u0131mda \u00e7ok g\u00fczel bir kad\u0131n belirdi!<\/p>\n<p>Kalbim nostalji ve duyguyla dolu!<\/p>\n<p>Anne ve minik bir ay\u00e7i\u00e7e\u011fi kadar sevimli, kocaman g\u00fcl\u00fcmsemeleriyle sevimli k\u0131z\u0131n\u0131n hat\u0131ra foto\u011fraf\u0131!<\/p>\n<figure class=\"wp-caption aligncenter\"><a href=\"https:\/\/photos.google.com\/share\/AF1QipOKkmZrSZXRb7CarB4GWbo1uZfwFfpA8ECto5S0owR6Yal_dKF6Ggheu_wOgLRXFg\/photo\/AF1QipNWpOxlgxVc9vhOjdT1O5ze9e8xd0w8VBETSEA?key=VlZTd1VvMS1GaGoycDJZUGNwb1dKMGM2YU9PWUFB\" target=\"_blank\" rel=\"noopener\"><img decoding=\"async\" src=\"https:\/\/lh3.googleusercontent.com\/pw\/AP1GczNvGXIeenWP4IKqxt5G8D4XL3zKojrYk-koMHOmVwrJ29DKWwSG6HUZbY7gi0vZvtsqWIlQmyqAblBWsYf6_KyvMqK2RFVXhOaF0B2PCpTuDp0_z3xwJsz7IavhsZ7XV9etue1ZDh7W7Xf7DpJr71V0=w2000-h1500-s-no-gm?authuser=0\" width=\"2000\" height=\"1500\" alt=\"Okazaki ailesinin en g\u00fczel g\u00fcl\u00fcmsemeleri\" class=\"size-full\" \/><\/a><figcaption class=\"wp-caption-text\">Okazaki ailesinin en g\u00fczel g\u00fcl\u00fcmsemeleri<\/figcaption><\/figure>\n<p>Bu harika kar\u015f\u0131la\u015fma i\u00e7in ger\u00e7ekten minnettar\u0131m. Te\u015fekk\u00fcrler!<\/p>\n<p>S\u0131n\u0131rs\u0131z sevgi, \u015f\u00fckran ve dualarla, Kurosengoku soya fasulyesinin lezzetli kar\u015f\u0131la\u015fmalar\u0131 ve harika insanlar\u0131 birbirine ba\u011flayan, ne\u015fe ve e\u011flenceyi payla\u015fan bir k\u00f6pr\u00fc g\u00f6revi g\u00f6rd\u00fc\u011f\u00fc muhte\u015fem &quot;Kurosengoku Yaz Festivali&quot;ne y\u00fcrekten te\u015fekk\u00fcrlerimizi sunuyoruz. . .<\/p>\n<figure class=\"wp-caption aligncenter\"><a href=\"https:\/\/photos.google.com\/share\/AF1QipOKkmZrSZXRb7CarB4GWbo1uZfwFfpA8ECto5S0owR6Yal_dKF6Ggheu_wOgLRXFg\/photo\/AF1QipPGm1_LlrsdVhM41jHd179rYkIxaK6M_OfUjXI?key=VlZTd1VvMS1GaGoycDJZUGNwb1dKMGM2YU9PWUFB\" target=\"_blank\" rel=\"noopener\"><img decoding=\"async\" src=\"https:\/\/lh3.googleusercontent.com\/pw\/AP1GczPKu0uWKEKVAaBFNCg46cHNH4BB_3nubEWiEaiv8RsBq_hp4TORyXK8k3ojdC0nQnHB9jTpayxQH8cr9DicKXGWaGLkgrMO9lFOOBrmjPIcINaIUzjmQtAn46eAKd9SDE6QR7baO9xarlKh3NVzcErR=w2000-h1500-s-no-gm?authuser=0\" width=\"2000\" height=\"1500\" alt=\"Sevimli g\u00fcl\u00fcmseyen ay\u00e7i\u00e7e\u011fine sonsuz sevgi, \u015f\u00fckran ve dualar\u0131m\u0131zla. . .\" class=\"size-full\" \/><\/a><figcaption class=\"wp-caption-text\">Sevimli g\u00fcl\u00fcmseyen ay\u00e7i\u00e7e\u011fine sonsuz sevgi, \u015f\u00fckran ve dualar\u0131m\u0131zla. . .<\/figcaption><\/figure>\n<h2>Youtube videolar\u0131<\/h2>\n<div class=\"youtube\"><iframe title=\"Kurosengoku Yaz Festivali 2024 ilk kez d\u00fczenleniyor! Bir\u00e7ok m\u00fc\u015fterimiz \u00e7ok be\u011fendi! Bu mucizevi kar\u015f\u0131la\u015fma beni \u00e7ok heyecanland\u0131rd\u0131!\" src=\"https:\/\/www.youtube.com\/embed\/gj_XFoFeqEQ?feature=oembed\" frameborder=\"0\" allow=\"accelerometer; autoplay; clipboard-write; encrypted-media; gyroscope; picture-in-picture; web-share\" referrerpolicy=\"strict-origin-when-cross-origin\" allowfullscreen><\/iframe><\/div>\n<h2>g\u00f6r\u00fcnt\u00fc<\/h2>\n<div class=\"img-move\">\n<img decoding=\"async\" src=\"https:\/\/ehokkaido.net\/wp-content\/uploads\/2021\/12\/2021-12-06-11.41.12.png\" style=\"vertical-align:middle;\"> <a href=\"https:\/\/photos.app.goo.gl\/tvNYVHWfQZCCwn7NA\" target=\"_blank\" rel=\"noopener noreferrer\">Kurosengoku Yaz Festivali 2024&#039;\u00fcn foto\u011fraflar\u0131 (69 foto\u011fraf) burada &gt;&gt;<\/a><\/div>\n<h2>\u0130lgili makaleler<\/h2>\n\n        <div class=\"site-blogcard-premium\">\n            <div class=\"bc-label-custom\">\u0130lgili makaleler<\/div>\n            <div class=\"bc-flex-container\">\n                <div class=\"bc-main-text\">\n                    <div class=\"bc-title-link-box\">\n                        <a href=\"https:\/\/portal.hokuryu.info\/tr\/47713\/\" target=\"_blank\">https:\/\/portal.hokuryu.info\/47713<\/a>\n                    <\/div>\n                    <div class=\"bc-excerpt-box\">Sayfa bilgileri al\u0131namad\u0131.<\/div>\n                <\/div>\n                <div class=\"bc-thumbnail-box\">\n                    <a href=\"https:\/\/portal.hokuryu.info\/tr\/47713\/\" target=\"_blank\">\n                        <div class=\"bc-img-zoom-wrap\">\n                            <img decoding=\"async\" src=\"https:\/\/portal.hokuryu.info\/wp\/wp-content\/uploads\/2026\/02\/20230802DSC06445_1.jpg\" alt=\"https:\/\/portal.hokuryu.info\/47713\">\n                        <\/div>\n                    <\/a>\n                <\/div>\n            <\/div>\n        <\/div>\n\n        <div class=\"site-blogcard-premium\">\n            <div class=\"bc-label-custom\">\u0130lgili makaleler<\/div>\n            <div class=\"bc-flex-container\">\n                <div class=\"bc-main-text\">\n                    <div class=\"bc-title-link-box\">\n                        <a href=\"https:\/\/portal.hokuryu.info\/tr\/topics\/culture\/20110906-1.html\/\" target=\"_blank\">Okul Festivali 2011 (B\u00f6l\u00fcm 1) Yar\u0131\u015fmas\u0131 - Hokuryu Ortaokulu - Hokuryu Kasaba Portal\u0131 (Hokkaido) - Japonya&#039;n\u0131n 1 Numaral\u0131 Ay\u00e7i\u00e7e\u011fi K\u00f6y\u00fc<\/a>\n                    <\/div>\n                    <div class=\"bc-excerpt-box\">2.100 n\u00fcfuslu ve 401.300 ki\u015filik ya\u015flanma oran\u0131na sahip, canl\u0131 bir kasaban\u0131n &quot;bug\u00fcnk\u00fc&quot; halini sizlere sunuyoruz. Ay\u00e7i\u00e7ekleri gibi, aileler uyum i\u00e7inde ya\u015f\u0131yor...<\/div>\n                <\/div>\n                <div class=\"bc-thumbnail-box\">\n                    <a href=\"https:\/\/portal.hokuryu.info\/tr\/topics\/culture\/20110906-1.html\/\" target=\"_blank\">\n                        <div class=\"bc-img-zoom-wrap\">\n                            <img decoding=\"async\" src=\"https:\/\/lh3.googleusercontent.com\/-Oi9cr-YaRoE\/TmV0pITFNtI\/AAAAAAAAI3Y\/lV6IlpR6Bl8\/s720\/_IGP3480.JPG\" alt=\"Okul Festivali 2011 (B\u00f6l\u00fcm 1) Yar\u0131\u015fmas\u0131 - Hokuryu Ortaokulu - Hokuryu Kasaba Portal\u0131 (Hokkaido) - Japonya&#039;n\u0131n 1 Numaral\u0131 Ay\u00e7i\u00e7e\u011fi K\u00f6y\u00fc\">\n                        <\/div>\n                    <\/a>\n                <\/div>\n            <\/div>\n        <\/div>\n<p>\u25c7 R\u00f6portaj ve metin: Ikuko Terauchi (foto\u011fraf\u00e7\u0131l\u0131k ve d\u00fczenleme asistan\u0131: Noboru Terauchi)<\/p>","protected":false},"excerpt":{"rendered":"<p>\uff12\uff10\uff12\uff14\u5e74\uff18\u6708\uff14\u65e5\uff08\u65e5\uff09 \uff18\u6708\uff13\u65e5\uff08\u571f\uff09\u3001\uff11\uff10\u6642\u3088\u308a\u3001\u9ed2\u5343\u77f3\u4e8b\u696d\u5354\u540c\u7d44\u5408\u6577\u5730\u5185\uff08\u5317\u7adc\u753a\u78a7\u6c34\uff09\u306b\u304a\u3044\u3066\u3001\u300c\u9ed2\u5343\u77f3 de \u590f\u796d\u308a\u300d\u304c\u958b\u50ac\u3055\u308c\u307e\u3057\u305f\u3002\u9ad8\u7530\u88d5\u53f8 \u5e38\u52d9\u7406\u4e8b\u306e\u4f01\u753b\u3067\u3059\u3002 \u9ed2\u5343\u77f3 de \u590f\u796d\u308a20 [&hellip;]<\/p>\n","protected":false},"author":1,"featured_media":49296,"comment_status":"open","ping_status":"open","sticky":false,"template":"","format":"standard","meta":{"footnotes":""},"categories":[4,9],"tags":[],"class_list":["post-49175","post","type-post","status-publish","format-standard","has-post-thumbnail","hentry","category-cover-story","category-kurosengoku"],"_links":{"self":[{"href":"https:\/\/portal.hokuryu.info\/tr\/wp-json\/wp\/v2\/posts\/49175","targetHints":{"allow":["GET"]}}],"collection":[{"href":"https:\/\/portal.hokuryu.info\/tr\/wp-json\/wp\/v2\/posts"}],"about":[{"href":"https:\/\/portal.hokuryu.info\/tr\/wp-json\/wp\/v2\/types\/post"}],"author":[{"embeddable":true,"href":"https:\/\/portal.hokuryu.info\/tr\/wp-json\/wp\/v2\/users\/1"}],"replies":[{"embeddable":true,"href":"https:\/\/portal.hokuryu.info\/tr\/wp-json\/wp\/v2\/comments?post=49175"}],"version-history":[{"count":0,"href":"https:\/\/portal.hokuryu.info\/tr\/wp-json\/wp\/v2\/posts\/49175\/revisions"}],"wp:featuredmedia":[{"embeddable":true,"href":"https:\/\/portal.hokuryu.info\/tr\/wp-json\/wp\/v2\/media\/49296"}],"wp:attachment":[{"href":"https:\/\/portal.hokuryu.info\/tr\/wp-json\/wp\/v2\/media?parent=49175"}],"wp:term":[{"taxonomy":"category","embeddable":true,"href":"https:\/\/portal.hokuryu.info\/tr\/wp-json\/wp\/v2\/categories?post=49175"},{"taxonomy":"post_tag","embeddable":true,"href":"https:\/\/portal.hokuryu.info\/tr\/wp-json\/wp\/v2\/tags?post=49175"}],"curies":[{"name":"wp","href":"https:\/\/api.w.org\/{rel}","templated":true}]}}