{"id":4845,"date":"2020-09-25T06:42:41","date_gmt":"2020-09-24T21:42:41","guid":{"rendered":"https:\/\/portal.hokuryu.info\/?p=4845"},"modified":"2021-11-18T09:05:30","modified_gmt":"2021-11-18T00:05:30","slug":"4845-mesaj","status":"publish","type":"post","link":"https:\/\/portal.hokuryu.info\/tr\/4845\/","title":{"rendered":"Hokuryu Kasabas\u0131&#039;ndaki (Hokkaido) Diyet \u00fcyeleriyle kendi kendine ormanc\u0131l\u0131k konusunda bir toplant\u0131 [No.3] Tatsuya Kamii ile bir toplant\u0131 ve fikir al\u0131\u015fveri\u015fi"},"content":{"rendered":"<p>Cuma, 25 Eyl\u00fcl 2020<\/p>\n<p>Honoka Tar\u0131m Kooperatifi ile yapt\u0131\u011f\u0131m\u0131z g\u00f6r\u00fc\u015fmenin ard\u0131ndan Sunflower Park Kitaryu Onsen&#039;deki Kazaguruma restoran\u0131na ge\u00e7tik ve Kitaryu Kasabas\u0131&#039;nda kendi kendine a\u011fa\u00e7 kesimi yapan Kamii Tatsuya ile g\u00f6r\u00fc\u015ft\u00fck.<br \/>\n\ufffc<br \/>\n<figure class=\"wp-caption aligncenter\"><a href=\"https:\/\/photos.google.com\/share\/AF1QipNs6tzDrKJvEWTu17twPTFbU-7v1wFwc1cSddsqYZUHrY33CU5djytH37mk7HZoUg\/photo\/AF1QipNG_iBNoLrhxjQV2_0dmEnspiypUoOTEQuv18k?key=ZzlsWDM3SUN0eUM3eWl1WmN1VFlFbWw2dUUxZnpR\" target=\"_blank\" rel=\"noopener noreferrer\"><img decoding=\"async\" class=\"size-medium\" src=\"https:\/\/lh3.googleusercontent.com\/pw\/ACtC-3esVAedfagaK4pDthyXCafnhX_Jvj7oyWo-Nh7luUihz8xHd-SGGDcZrS1y_8KA9R-XQwh-x2q3EYT3HoYjo_LjfLnemp2APiEJiKp7AyLTvzELEyPJIr89OyjD4oDl3-zdXHVcsn2W7P85UMKxgmjq=w2000-h1332-no?authuser=0\" alt=\"Ay\u00e7i\u00e7e\u011fi Park\u0131 Hokuryu Onsen &quot;Hokuryumon&quot;\" width=\"1998\" height=\"1332\" \/><\/a><figcaption class=\"wp-caption-text\">Ay\u00e7i\u00e7e\u011fi Park\u0131 Hokuryu Onsen &quot;Hokuryumon&quot;<\/figcaption><\/figure>\n<figure class=\"wp-caption aligncenter\"><a href=\"https:\/\/photos.google.com\/share\/AF1QipMKIuWXhJmvce-BtC11Oeu-7dAIX1eITNMxmCiWAGzp2KPvCgR8pXMFtOWvjvVUMg\/photo\/AF1QipOwbgt8Gru-M9CUi4OAZnPLBOUETsUPdVvWrtQ?key=bmRwYjF1WmRra3Z5MU5OREtCbWgyclhHR2oxOTRn\" target=\"_blank\" rel=\"noopener noreferrer\"><img decoding=\"async\" class=\"size-medium\" src=\"https:\/\/lh3.googleusercontent.com\/pw\/ACtC-3c9VRpga3yLZwaE86O66DxvAInTyeWbg1NZJbmW-wl2A-l2ljYRZtx5Ow8UM9MUD1mSBhhNMneeiLDAMCPU_IVvx9EmZ1JyMslJmxHJcRf1mMWYwAFXNBKcqpTmbfiP9sJiuC521c2zAHXMYrxs47T_=w2000-h1332-no?authuser=0\" alt=\"Tatsuya Uei kartvizit al\u0131\u015fveri\u015finde bulunuyor\" width=\"1998\" height=\"1332\" \/><\/a><figcaption class=\"wp-caption-text\">Tatsuya Uei kartvizit al\u0131\u015fveri\u015finde bulunuyor<\/figcaption><\/figure>\n<h2>Kendi kendini kesen ormanc\u0131l\u0131k \u00fczerine tart\u0131\u015fma<\/h2>\n<figure class=\"wp-caption aligncenter\"><a href=\"https:\/\/photos.google.com\/share\/AF1QipMKIuWXhJmvce-BtC11Oeu-7dAIX1eITNMxmCiWAGzp2KPvCgR8pXMFtOWvjvVUMg\/photo\/AF1QipNfJKnDvGDOFXRHe_FFn04ge_sAXddKCVgBTt0?key=bmRwYjF1WmRra3Z5MU5OREtCbWgyclhHR2oxOTRn\" target=\"_blank\" rel=\"noopener noreferrer\"><img decoding=\"async\" class=\"size-medium\" src=\"https:\/\/lh3.googleusercontent.com\/pw\/ACtC-3dMLBWIFT-GyeEpNXwAcxjTbwaHy28GwL0XYZUWwoYKfuwMvPZkir3RZg1S-QHGY_KGMiwyAxD76vn7Xhe676-wYlqjxkAnWzXmQwM5woS_KQcFGSy5vtt_loom9fvAN03QIzBaNI8FvBplI1SaWZJQ=w2000-h1332-no?authuser=0\" alt=\"Restaurant Kazaguruma&#039;da toplant\u0131\" width=\"1998\" height=\"1332\" \/><\/a><figcaption class=\"wp-caption-text\">Restaurant Kazaguruma&#039;da toplant\u0131<\/figcaption><\/figure>\n<p><strong><span style=\"color: #ff6600;\">\u25b6<\/span> Ka\u011f\u0131t Kongre \u00dcyesi:<\/strong>Kendi kendine ormanc\u0131l\u0131k yapman\u0131n sadece a\u011fa\u00e7 kesmek olmad\u0131\u011f\u0131n\u0131, do\u011fay\u0131 koruma ve da\u011flar in\u015fa etme bilinciyle yap\u0131ld\u0131\u011f\u0131n\u0131 \u00f6\u011frendim.<\/p>\n<p>Say\u0131n Kamii, \u00f6ncelikle sizi kendi kendine ormanc\u0131l\u0131k alan\u0131nda \u00e7al\u0131\u015fmaya iten \u015feyin ne oldu\u011funu anlatabilir misiniz?<\/p>\n<figure class=\"wp-caption aligncenter\"><a href=\"https:\/\/photos.google.com\/share\/AF1QipMKIuWXhJmvce-BtC11Oeu-7dAIX1eITNMxmCiWAGzp2KPvCgR8pXMFtOWvjvVUMg\/photo\/AF1QipPWrGPxe7UgNj_Qey4HKyhKNKfELOaePonZwls?key=bmRwYjF1WmRra3Z5MU5OREtCbWgyclhHR2oxOTRn\" target=\"_blank\" rel=\"noopener noreferrer\"><img decoding=\"async\" class=\"size-medium\" src=\"https:\/\/lh3.googleusercontent.com\/pw\/ACtC-3en-stv-54GhZCTAkoLep_xHchckdQiSeRtBWXfXtZU1lNIAhNZ1JFnjDG9rcnJ7ioyLhVSGiVb4uDCjztj4vkgditqwX4qMP5YNOD7o3y7EfYHny3BjloQenClrW4OungnI8fJ3vwhu3gvGaL8os2d=w2000-h1332-no?authuser=0\" alt=\"Tatsuya Uei sohbette\" width=\"1998\" height=\"1332\" \/><\/a><figcaption class=\"wp-caption-text\">Tatsuya Uei sohbette<\/figcaption><\/figure>\n<p><strong>\u25b7 Herkese merhaba:<\/strong>Ben her zaman do\u011fay\u0131 sevdim ve ormanc\u0131l\u0131\u011fa ilgi duydum. Ara\u015ft\u0131rd\u0131\u011f\u0131mda yeni bir ormanc\u0131l\u0131k bi\u00e7iminin var oldu\u011funu g\u00f6rd\u00fcm. Do\u011fadan gelen zenginli\u011fe ra\u011fmen ormanc\u0131l\u0131\u011f\u0131n zarar etti\u011fini duydu\u011fumda \u015fa\u015f\u0131rd\u0131m. \u0130\u015fte o zaman kendi kendine a\u011fa\u00e7 kesme i\u015fini \u00f6\u011frendim ve bunun do\u011fay\u0131 koruman\u0131n bir yolu oldu\u011funu fark ettim.<\/p>\n<p>\u00dcniversitede yaban hayat\u0131n\u0131, \u00f6zellikle Hokkaido geyiklerini inceledim. Daha sonra Shiraoi&#039;deki Onishi Ormanc\u0131l\u0131k \u015eirketi&#039;nde iki y\u0131l staj yapt\u0131m.<\/p>\n<p>Do\u011fay\u0131 \u00e7ok seviyordum, bir di\u011fer nedeni de ormanda ya\u015fama iste\u011fimdi. Ayr\u0131ca ben \u00e7al\u0131\u015fmak istemiyordum, kendi mant\u0131\u011f\u0131ma g\u00f6re \u00e7al\u0131\u015fmak istiyordum.<\/p>\n<p>Ge\u00e7ti\u011fimiz y\u0131l\u0131n sonuna kadar Onishi Forestry Co., Ltd.&#039;de \u00e7al\u0131\u015ft\u0131m, ancak i\u015fimi b\u0131rak\u0131p da\u011flarda i\u015f aramaya ba\u015flad\u0131m. Kitary\u016b Kasabas\u0131&#039;ndaki da\u011flar ihtiya\u00e7lar\u0131m\u0131z\u0131 kar\u015f\u0131lad\u0131. Bu y\u0131l\u0131n ocak ay\u0131nda da\u011f\u0131 sat\u0131n ald\u0131m, nisan ay\u0131nda ta\u015f\u0131nd\u0131m ve ormanc\u0131l\u0131kta \u00e7al\u0131\u015fmaya ba\u015flad\u0131m.<\/p>\n<p>Orman ve Da\u011f K\u00f6y\u00fc \u00c7ok \u0130\u015flevlili\u011fi Geli\u015ftirme Tedbirleri Program\u0131\u2019ndan hibe kullan\u0131yoruz. Son \u00fc\u00e7 y\u0131ld\u0131r \u00e7al\u0131\u015fma yollar\u0131 in\u015fa ediyoruz ve odunu temel olarak kullanman\u0131n yan\u0131 s\u0131ra hu\u015f a\u011fac\u0131 kabu\u011funu da kullan\u0131yoruz (hu\u015f a\u011fac\u0131 kabu\u011fu \u00e7ok g\u00fc\u00e7l\u00fcd\u00fcr ve bunun i\u00e7in b\u00fcy\u00fck bir potansiyel oldu\u011funu d\u00fc\u015f\u00fcn\u00fcyoruz), hu\u015f a\u011fac\u0131 kabu\u011fundan \u00f6r\u00fclm\u00fc\u015f sepetler, hu\u015f a\u011fac\u0131 k\u00f6kleri, bambu yapra\u011f\u0131 \u00e7ay\u0131, ak\u00e7aa\u011fa\u00e7 \u015furubu ve daha bir\u00e7ok \u015fey kullan\u0131yoruz. Ayr\u0131ca ormanda odun kesmek, geyik b\u00f6cekleri yakalamak ve Yachibuki orman\u0131ndan yabani sebzeler toplamak gibi \u00e7e\u015fitli de\u011ferli deneyimler ke\u015ffetmeyi umuyoruz.<\/p>\n<p>Hokkaido da\u011flar\u0131nda hala geni\u015f yaprakl\u0131 a\u011fa\u00e7lar bulunuyor, bu nedenle do\u011fal afetlere dayan\u0131kl\u0131, s\u00fcrd\u00fcr\u00fclebilir da\u011flar yaratmay\u0131 hedefliyoruz. Ayr\u0131ca normalde at\u0131lacak olan \u00f6l\u00fc kara\u00e7am a\u011fa\u00e7lar\u0131n\u0131 da de\u011ferlendirmek istiyorum.<br \/>\n\ufffc<br \/>\n\u00c7al\u0131\u015fmas\u0131 zor ve u\u011fra\u015f gerektiren malzemeler \u00fcretmeye odaklan\u0131p, i\u015flenmi\u015f \u00fcr\u00fcnler i\u00e7in malzemeleri ev han\u0131mlar\u0131na ve bu i\u015fi yapmak isteyen di\u011fer ki\u015filere ula\u015ft\u0131rmay\u0131 planl\u0131yorum.<\/p>\n<figure class=\"wp-caption aligncenter\"><a href=\"https:\/\/photos.google.com\/share\/AF1QipMKIuWXhJmvce-BtC11Oeu-7dAIX1eITNMxmCiWAGzp2KPvCgR8pXMFtOWvjvVUMg\/photo\/AF1QipP7f37xOwXMvMrkwBR4CJyDYEzYB1inpMuE9aM?key=bmRwYjF1WmRra3Z5MU5OREtCbWgyclhHR2oxOTRn\" target=\"_blank\" rel=\"noopener noreferrer\"><img decoding=\"async\" class=\"size-medium\" src=\"https:\/\/lh3.googleusercontent.com\/pw\/ACtC-3cQ8orH9WR2YAKNnonOJ-kzHwP9ZJsqcNuYhkrgIv4f46gn1OTodjACSHf8iqf91eG7AtLN7ObpIhfWzE8su-ePnoZmS1LXAjazDesgYaKBm8xKAcYIgEDdp70euxjU58FMB19ZMOwTjgSeNjg32EgZ=w2000-h1332-no?authuser=0\" alt=\"Instagram&#039;a bilgi g\u00f6nderme\" width=\"1998\" height=\"1332\" \/><\/a><figcaption class=\"wp-caption-text\">Instagram&#039;a bilgi g\u00f6nderme<\/figcaption><\/figure>\n<p><strong><span style=\"color: #ff6600;\">\u25b6 <\/span>soru:<\/strong>Buras\u0131 sadece siz ve e\u015finiz taraf\u0131ndan m\u0131 y\u00f6netiliyor?<\/p>\n<p><strong>\u25b7 Herkese merhaba:<\/strong>Asl\u0131nda hibe alabilmek i\u00e7in bir kurulu\u015f olmak gerekiyor. Numata Kasabas\u0131&#039;ndan \u00e7iftler, \u015eintotsukawa&#039;dan insanlar ve ormanc\u0131l\u0131kla ilgilenen di\u011fer ki\u015filerle \u00e7al\u0131\u015f\u0131yoruz. E\u015fim de \u00fcye.<\/p>\n<p><strong><span style=\"color: #ff6600;\">\u25b6 <\/span>Ka\u011f\u0131t Kongre \u00dcyesi:<\/strong>Japonya&#039;da giderek daha fazla insan kendi kendine ormanc\u0131l\u0131k yap\u0131yor. \u00c7al\u0131\u015fanlar\u0131n bir\u00e7o\u011fu gen\u00e7 ve i\u015f tehlikeli oldu\u011fundan, bunu s\u00fcrd\u00fcr\u00fclebilir k\u0131lmak i\u00e7in gerekenleri ara\u015ft\u0131rmaya devam etmemiz gerekiyor. Ne t\u00fcr yard\u0131ma ihtiyac\u0131n\u0131z var?<\/p>\n<p><strong>\u25b7 Herkese merhaba:<\/strong>Ormanc\u0131l\u0131kla u\u011fra\u015fmak isteyenler da\u011flar\u0131 da istiyor, da\u011flar onlar\u0131 bekliyor. \u00d6nemli olan ki\u015fiyi da\u011fla e\u015fle\u015ftirmek.<br \/>\n\ufffc<\/p>\n<figure class=\"wp-caption aligncenter\"><a href=\"https:\/\/photos.google.com\/share\/AF1QipMKIuWXhJmvce-BtC11Oeu-7dAIX1eITNMxmCiWAGzp2KPvCgR8pXMFtOWvjvVUMg\/photo\/AF1QipNZc5ZDzfXyo0zHwkDvNkoasNd44GAsiA3BWx4?key=bmRwYjF1WmRra3Z5MU5OREtCbWgyclhHR2oxOTRn\" target=\"_blank\" rel=\"noopener noreferrer\"><img decoding=\"async\" class=\"size-medium\" src=\"https:\/\/lh3.googleusercontent.com\/pw\/ACtC-3eBe3LolY7GGk8F9-I_OGZQn8BMAaBxYTMWrn_gt4s7Jd2mt_sucQ1YPciMoUM5v1u06sqOU4PueN6LTiIi4IRx1ViGiGte-N1-rSLlqi0CGlcsMd6r75Ftp7sJ5lYrjCJYzhyUmoQEcxCoZToTAPn6=w2000-h1332-no?authuser=0\" alt=\"Canl\u0131 bir tart\u0131\u015fma!\" width=\"1998\" height=\"1332\" \/><\/a><figcaption class=\"wp-caption-text\">Canl\u0131 bir tart\u0131\u015fma!<\/figcaption><\/figure>\n<p><strong><span style=\"color: #ff6600;\">\u25b6 <\/span>soru:<\/strong>G\u00fcn\u00fcm\u00fcz ormanc\u0131l\u0131k sekt\u00f6r\u00fc, ormanlar\u0131 kesip, onlar\u0131 \u015fiddetli ya\u011fmur veya tayfunlar sonucu \u00e7\u00f6ken kel da\u011flara d\u00f6n\u00fc\u015ft\u00fcrmekten ibarettir. Bu suyun tar\u0131msal sulama suyuna ve pirin\u00e7 tarlalar\u0131na kar\u0131\u015ft\u0131\u011f\u0131 \u00e7ok say\u0131da da\u011f bulunmaktad\u0131r. A\u015f\u0131r\u0131 geli\u015fmeye \u015f\u00fcpheyle yakla\u015f\u0131yorum. Siz bu konuda ne d\u00fc\u015f\u00fcn\u00fcyorsunuz?<\/p>\n<p><strong>\u25b7 Herkese merhaba:<\/strong>A\u015f\u0131r\u0131 geli\u015fme toprak ve kum hareketi anlam\u0131na gelir. Japon halk\u0131n\u0131n hayatta kalabilmesi i\u00e7in yery\u00fcz\u00fcndeki toprak ve kayalara, ormanlara, \u00fczerinde ya\u015fanacak hayvanlara ve di\u011fer canl\u0131lara, ya\u011fmur ya\u011fmas\u0131na, suyun akmas\u0131na ve denize d\u00f6k\u00fclmesine ihtiyac\u0131 vard\u0131r. O y\u00fczden topra\u011f\u0131n ve kayalar\u0131n \u00f6nemli bir temel oldu\u011funu d\u00fc\u015f\u00fcn\u00fcyorum, o zaman topra\u011f\u0131 neden atal\u0131m ki?<\/p>\n<p><strong><span style=\"color: #ff6600;\">\u25b6<\/span> Ka\u011f\u0131t Kongre \u00dcyesi:<\/strong>Bir da\u011fa sahip olmak ve ormanc\u0131l\u0131kla ge\u00e7imini sa\u011flamak m\u00fcmk\u00fcn m\u00fcd\u00fcr?<br \/>\n\ufffc<\/p>\n<figure class=\"wp-caption aligncenter\"><a href=\"https:\/\/photos.google.com\/share\/AF1QipMKIuWXhJmvce-BtC11Oeu-7dAIX1eITNMxmCiWAGzp2KPvCgR8pXMFtOWvjvVUMg\/photo\/AF1QipMG2YYcBUCepAlxrpW6B3cXTHS1iU20bJFufxU?key=bmRwYjF1WmRra3Z5MU5OREtCbWgyclhHR2oxOTRn\" target=\"_blank\" rel=\"noopener noreferrer\"><img decoding=\"async\" class=\"size-medium\" src=\"https:\/\/lh3.googleusercontent.com\/pw\/ACtC-3cDynqWxV4DlUB_mNV9Ij-LS7CsKsqD6Uki7xDSVfJfErSfX1vucDPZbPCMv6ZJX04CvIUgNepH5NdCQ-su2VXh4lB1iXcUANZqY4ZidjKmEHaN1i5SKIEmnAO1u_mxh3RXEDmK30a8TfHphcTmOqs2=w2000-h1332-no?authuser=0\" alt=\"Herkes kendi kendine ormanc\u0131l\u0131k hakk\u0131nda konu\u015fmak konusunda hevesliydi\" width=\"1998\" height=\"1332\" \/><\/a><figcaption class=\"wp-caption-text\">Herkes kendi kendine ormanc\u0131l\u0131k hakk\u0131nda konu\u015fmak konusunda hevesliydi<\/figcaption><\/figure>\n<p><strong>\u25b7 Herkese merhaba:<\/strong>Hen\u00fcz bir sonu\u00e7 g\u00f6remedim, \u015fimdilik sadece pozitif kalmaya ve s\u0131k\u0131 \u00e7al\u0131\u015fmaya devam etmem gerekiyor. Yap\u0131lacak da\u011f gibi i\u015f var. Ge\u00e7mi\u015fteki insanlar\u0131n bilgeli\u011finden yararlanarak yeni bir \u015feyler yaratmak gibi say\u0131s\u0131z olas\u0131l\u0131k var. San\u0131r\u0131m bunlar\u0131n her birine tek tek \u015fekil verebilirsek, ortaya muhte\u015fem bir sonu\u00e7 \u00e7\u0131kar. Eski \u015feyleri yeniden canland\u0131r\u0131p yeni bir \u015feye d\u00f6n\u00fc\u015ft\u00fcrebilmeyi umuyorum.<\/p>\n<p><strong><span style=\"color: #ff6600;\">\u25b6<\/span> Kazuo Kimura (Kurosengoku \u0130\u015f Kooperatifi Birli\u011fi Direkt\u00f6r\u00fc):<\/strong>Kamii&#039;nin Azusawa da\u011f\u0131n\u0131n hemen yan\u0131nda bulunan Ichinosawa da\u011f\u0131n\u0131n yakla\u015f\u0131k 40 cho&#039;su bizde ama \u015fimdiye kadar hi\u00e7 dokunmad\u0131k. \u00c7ok \u00e7e\u015fitli a\u011fa\u00e7lar var ve yaprak d\u00f6ken orman 40 y\u0131ld\u0131r bak\u0131ms\u0131z kald\u0131\u011f\u0131 i\u00e7in bo\u015fa gidiyor. \u0130lgilenen gen\u00e7lerle bir \u015fekilde ba\u011flant\u0131 kurmay\u0131 umuyorum.<\/p>\n<p><strong>\u25b7 Herkese merhaba:<\/strong>K\u00fc\u00e7\u00fck \u00f6l\u00e7ekli ormanc\u0131l\u0131k i\u015fletmeleri gruplar halinde \u00e7al\u0131\u015f\u0131r, birbirlerinin da\u011flar\u0131nda birbirlerine yard\u0131m eder, gidip gelir ve birbirlerine destek olurlar. Herkes mutlu ve motive oldu\u011fu i\u00e7in verimli \u00e7al\u0131\u015fabiliyoruz.<\/p>\n<p><strong><span style=\"color: #ff6600;\">\u25b6<\/span> Ka\u011f\u0131t Kongre \u00dcyesi:<\/strong>Birle\u015fmi\u015f Milletler Aile \u00c7ift\u00e7ili\u011fi On Y\u0131l\u0131\u2019nda (2019-2028) b\u00fcy\u00fck \u00f6l\u00e7ekli \u00e7ift\u00e7ili\u011fe y\u00f6nelmek yerine, do\u011fa ko\u015fullar\u0131na uygun \u015fekilde do\u011fay\u0131 koruyarak aile \u00e7ift\u00e7ili\u011fine devam edilmesi \u00f6nem ta\u015f\u0131yor. Ayr\u0131ca bug\u00fcne kadar yap\u0131lan i\u015flerin yeniden g\u00f6zden ge\u00e7irilmesi y\u00f6n\u00fcnde uluslararas\u0131 bir e\u011filim de ortaya \u00e7\u0131k\u0131yor.<\/p>\n<p>Bu ba\u011flamda, kendi kendine ormanc\u0131l\u0131k yapan ki\u015filerin kendi rollerini oynamalar\u0131 \u00f6nemlidir. Son zamanlarda d\u00fczenlenen bir toplant\u0131da, kendi kendine a\u011fa\u00e7 kesimi yapan ormanc\u0131l\u0131k, tar\u0131m ve ormanc\u0131l\u0131kla u\u011fra\u015fan ki\u015filer bir araya gelerek 10 y\u0131ll\u0131k aile \u00e7ift\u00e7ili\u011fi hedefine ula\u015fmak i\u00e7in nas\u0131l birlikte \u00e7al\u0131\u015facaklar\u0131n\u0131 g\u00f6r\u00fc\u015ft\u00fcler.<\/p>\n<p><strong><span style=\"color: #ff6600;\">\u25b6<\/span> soru:<\/strong>Bir \u00e7al\u0131\u015fma yolu in\u015fa ederken a\u011f\u0131r i\u015f makineleri kiral\u0131yor musunuz?<\/p>\n<p><strong>\u25b7 Herkese merhaba:<\/strong>D\u00fc\u015f\u00fck maliyetle a\u011f\u0131r i\u015f makineleri kiralamam\u0131z\u0131 sa\u011flayan yerel in\u015faat \u015firketlerinin deste\u011fini almaktan mutluluk duyuyoruz.<\/p>\n<p><strong><span style=\"color: #ff6600;\">\u25b6<\/span> soru:<\/strong>Di\u011fer sekt\u00f6rlerle i\u015f birli\u011fi konusunda ne d\u00fc\u015f\u00fcn\u00fcyorsunuz?<\/p>\n<p><strong>\u25b7 Herkese merhaba:<\/strong>Sadece kendi kendine a\u011fa\u00e7 kesen ormanc\u0131l\u0131k i\u015fletmeleri aras\u0131ndaki de\u011fil, ayn\u0131 zamanda di\u011fer end\u00fcstriler ve yerel in\u015faat end\u00fcstrisiyle olan al\u0131\u015fveri\u015flere de de\u011fer veriyoruz. \u015eu anda da\u011flardan elde edilen malzemelerle i\u015flenmi\u015f \u00fcr\u00fcnler gibi \u00e7e\u015fitli ba\u011flant\u0131 fikirleri \u00fczerinde \u00e7al\u0131\u015f\u0131yoruz.<\/p>\n<p><strong><span style=\"color: #ff6600;\">\u25b6<\/span> Ka\u011f\u0131t Kongre \u00dcyesi:<\/strong>Teine Da\u011f\u0131 eteklerinde \u00e7al\u0131\u015fan insanlardan, geni\u015f yaprakl\u0131 a\u011fa\u00e7lardan yaprak toplay\u0131p bunlar\u0131 fillere yem olarak kullan\u0131lmak \u00fczere hayvanat bah\u00e7esine g\u00f6t\u00fcrd\u00fcklerini duydum ve bunun bu \u015fekilde kullan\u0131labilece\u011fini \u00f6\u011frenince \u00e7ok \u015fa\u015f\u0131rd\u0131m. \u00d6len yapraklar ayn\u0131 zamanda g\u00fcbre olarak da kullan\u0131l\u0131yor.<\/p>\n<p><strong><span style=\"color: #ff6600;\">\u25b6<\/span> fikir:<\/strong>Kentlerde bal\u0131k\u00e7\u0131l\u0131k sekt\u00f6r\u00fcyle i\u015fbirli\u011fi yap\u0131l\u0131yor, zengin bir okyanusun zengin bir ormanla ba\u011flant\u0131l\u0131 oldu\u011funa inan\u0131l\u0131yor.<\/p>\n<p><strong><span style=\"color: #ff6600;\">\u25b6<\/span> soru:<\/strong>Kamii Bey, zay\u0131flama politikalar\u0131n\u0131z var m\u0131?<\/p>\n<p><strong>\u25b7 Herkese merhaba:<\/strong>Ormanda b\u0131rak\u0131lan a\u011fa\u00e7lar g\u00fcne\u015f \u0131\u015f\u0131\u011f\u0131ndan ve sudan besinlerini emecek ve kendi kendine g\u00fc\u00e7l\u00fc bir \u015fekilde b\u00fcy\u00fcmeye devam edecektir. Zay\u0131flama politikalar\u0131n\u0131n bu kadar kat\u0131 olmas\u0131 gerekmiyor; Herkes bunu d\u00fc\u015f\u00fcn\u00fcr ve uygun \u015fekilde seyreltirse, a\u011fa\u00e7lar\u0131n do\u011fan\u0131n g\u00fcc\u00fcyle kendili\u011finden g\u00fczelce b\u00fcy\u00fcyece\u011fini d\u00fc\u015f\u00fcn\u00fcyorum.<\/p>\n<p><strong><span style=\"color: #ff6600;\">\u25b6 <\/span>Belediye Meclisi \u00dcyesi Tamura:<\/strong>Asl\u0131nda ormanc\u0131l\u0131kla u\u011fra\u015f\u0131yorum. A\u011fa\u00e7lar\u0131 seyreltiyoruz, a\u011fa\u00e7lar\u0131n y\u00fczde 70&#039;i kald\u0131. Da\u011flar bana inceltmenin enfes yolunu \u00f6\u011fretti: A\u011fa\u00e7lar birbirine de\u011ferse zarar g\u00f6r\u00fcr, fotosentez yapamazsa b\u00fcy\u00fcyemez ve mavi g\u00f6ky\u00fcz\u00fc g\u00f6r\u00fcnmezse hi\u00e7bir i\u015fe yaramaz.<\/p>\n<p>A\u011fa\u00e7lar\u0131n ya\u015fam g\u00fcc\u00fcne inanmalar\u0131 ve do\u011fay\u0131 do\u011fru \u015fekilde yenilemek i\u00e7in \u00e7abalamalar\u0131 harika. Kamii-san gibi birinin bu kadar gen\u00e7 ya\u015fta bunu uygulamaya ba\u015flamas\u0131ndan \u00e7ok memnunum.<\/p>\n<p><strong><span style=\"color: #ff6600;\">\u25b6 <\/span>Ka\u011f\u0131t Kongre \u00dcyesi:<\/strong>Shimokawa Kasabas\u0131, uzunlu\u011fu boyunca ormanlarla kapl\u0131 bir kasabad\u0131r. Her \u015fey birbirine ba\u011fl\u0131, kasaban\u0131n planlamas\u0131n\u0131, ticaret odas\u0131n\u0131, ormanc\u0131l\u0131k birli\u011fini, t\u00fcketicileri ve inceltme i\u015fleminden kalan odunu \u0131s\u0131 kayna\u011f\u0131 (odun biyok\u00fctle enerjisi) olarak kullanan kapl\u0131calar\u0131 i\u00e7eren s\u00fcrekli bir s\u00fcre\u00e7.<\/p>\n<p>A\u011fa\u00e7lar\u0131n nas\u0131l kullan\u0131laca\u011f\u0131 konusunda uzmanla\u015fm\u0131\u015f &quot;ormanc\u0131l\u0131k uzmanlar\u0131m\u0131z&quot; var. \u0130n\u015faat m\u00fchendisli\u011fi malzemeleri, odun sirkesi, aromatik ya\u011flar ve daha bir\u00e7ok alanda hammadde olarak odunu kullanarak kaynaklar\u0131 tam olarak de\u011ferlendiriyoruz. Bu t\u00fcr insanlarla etkile\u015fime girmenin iyi olaca\u011f\u0131n\u0131 d\u00fc\u015f\u00fcn\u00fcyorum. Umar\u0131m bundan sonra her \u015fey yolunda gider.<\/p>\n<h2>Meclis \u00dcyesi Tomoko Kami ve Temsilciler Meclisi \u00dcyesi Takaaki Tamura ile bir tart\u0131\u015fma toplant\u0131s\u0131<\/h2>\n<p>Daha sonra Sunflower Park Kitaryu Onsen&#039;de &quot;Meclis \u00dcyesi Gin Kami Tomoko ve Temsilciler Meclisi \u00dcyesi Tamura Takaaki ile Yuvarlak Masa Toplant\u0131s\u0131&quot; d\u00fczenlendi. Kat\u0131l\u0131mc\u0131lar\u0131n kat\u0131l\u0131m \u00fccretlerini kendilerinin \u00f6demeleri gerekmektedir (\u015fehir d\u0131\u015f\u0131ndan kat\u0131lacaklar\u0131n konaklama masraflar\u0131n\u0131 da kar\u015f\u0131lamalar\u0131 gerekmektedir).<br \/>\n\ufffc<\/p>\n<figure class=\"wp-caption aligncenter\"><a href=\"https:\/\/photos.google.com\/share\/AF1QipMKIuWXhJmvce-BtC11Oeu-7dAIX1eITNMxmCiWAGzp2KPvCgR8pXMFtOWvjvVUMg\/photo\/AF1QipMR6C2v5qBWZjfQNlWJvmzlz5Lc-asNXbAdCmg?key=bmRwYjF1WmRra3Z5MU5OREtCbWgyclhHR2oxOTRn\" target=\"_blank\" rel=\"noopener noreferrer\"><img decoding=\"async\" class=\"size-medium\" src=\"https:\/\/lh3.googleusercontent.com\/pw\/ACtC-3d4eb1jnssiL5_4oU2XwQG3rGQ4aeBsGcPhcDZqLvmyfP7GWexcNmRHEhZWiaaogfZZz5YUFJ6fQBunkvwUEt3dsc3OxSxioqpto3sTNy-EQCvwEhdvl6RqiEj1pKapsp2XvGo6CBsU8Zh58YIkdjwC=w2000-h1332-no?authuser=0\" alt=\"Hepinizle birlikte!\" width=\"1998\" height=\"1332\" \/><\/a><figcaption class=\"wp-caption-text\">Hepinizle birlikte!<\/figcaption><\/figure>\n<h3>Hokkaido Tohum Derne\u011fi Ba\u015fkan\u0131 Tokuji Hisada&#039;dan selamlar<\/h3>\n<figure class=\"wp-caption aligncenter\"><a href=\"https:\/\/photos.google.com\/share\/AF1QipMKIuWXhJmvce-BtC11Oeu-7dAIX1eITNMxmCiWAGzp2KPvCgR8pXMFtOWvjvVUMg\/photo\/AF1QipN__VJ9YGyCPaHBELa_L12GnSydhzgEX-AIB80?key=bmRwYjF1WmRra3Z5MU5OREtCbWgyclhHR2oxOTRn\" target=\"_blank\" rel=\"noopener noreferrer\"><img decoding=\"async\" class=\"size-medium\" src=\"https:\/\/lh3.googleusercontent.com\/pw\/ACtC-3eePe0YTQC_zAkQ8Fft0DCCKh9uLVg3jgxTK4kf0910_7sYz7FelAVvP5gzURGeYQ92vSj34NZXxgEHMAlzqULntEw89qBj2WLH5bxn3ME-RdAbFEPZxT045aI_kk_NXi4pB6GGdKPrrN0ZJZme2Xh6=w2000-h1332-no?authuser=0\" alt=\"Bay Hisada&#039;dan selamlar\" width=\"1998\" height=\"1332\" \/><\/a><figcaption class=\"wp-caption-text\">Bay Hisada&#039;dan selamlar<\/figcaption><\/figure>\n<p>&quot;Bu sabah gazetede heyecan verici bir haber vard\u0131. Akahata gazetesinin Kiraz \u00c7i\u00e7e\u011fi \u0130zleme Partisi&#039;ne ili\u015fkin \u00f6zel haberi, bu y\u0131lki JCJ \u00d6d\u00fclleri&#039;nin (2020 Japonya Gazeteciler Konferans\u0131 JCJ \u00d6d\u00fclleri) b\u00fcy\u00fck \u00f6d\u00fcl\u00fcne lay\u0131k g\u00f6r\u00fcld\u00fc. Bu \u00f6d\u00fcller, ola\u011fan\u00fcst\u00fc gazetecilik faaliyetlerini \u00f6d\u00fcllendiriyor.<\/p>\n<p>Ben \u015fahsen mutluydum \u00e7\u00fcnk\u00fc bu, HBC&#039;nin yerel program\u0131 &quot;Hecklers and Democracy&quot;de \u00f6nemli bir haberdi.<\/p>\n<p>Hokkaido Shimbun gazetesinde \u00e7al\u0131\u015f\u0131rken, Hokkaido \u0130l H\u00fck\u00fcmeti&#039;ndeki b\u00fcy\u00fck bir muhasebe doland\u0131r\u0131c\u0131l\u0131\u011f\u0131 skandal\u0131yla ilgili haberimle JCJ \u00d6d\u00fcl\u00fc&#039;n\u00fc de kazand\u0131m. Bu, ancak ger\u00e7ekten bu i\u015fi derinlemesine yapanlar\u0131n kazanabilece\u011fi bir \u00f6d\u00fcl, dolay\u0131s\u0131yla bu t\u00fcr gazetecili\u011fin bug\u00fcn hala ya\u015f\u0131yor oldu\u011funu g\u00f6rmek beni mutlu etti.<\/p>\n<p>\u0130ki y\u0131l \u00f6nce, 33 y\u0131l boyunca \u00e7al\u0131\u015ft\u0131\u011f\u0131m Hokkaido Shimbun gazetesinden emekli oldum. Gazetecilik s\u0131n\u0131rlar\u0131 i\u00e7inde kalmaktansa, \u00e7\u0131k\u0131p s\u00f6ylemek istediklerimi s\u00f6yleyeyim dedim. Hokkaido Tohum Derne\u011fi&#039;ni kurduk ve Tohum Yasas\u0131&#039;n\u0131n y\u00fcr\u00fcrl\u00fc\u011fe girmesinden bu yana herkesle birlikte \u00e7al\u0131\u015f\u0131yoruz.<\/p>\n<p>Bu sefer Kami, Hokkaido Tohum Derne\u011fi&#039;yle g\u00f6r\u00fc\u015ft\u00fc ve derneklerini ziyaret edip edemeyece\u011fimizi sordu. \u00d6ncelikle Hokuryu Kasabas\u0131nda ya\u015fayan Hokkaido Tohum Derne\u011fi Dan\u0131\u015fman\u0131 Say\u0131n Ryoji Kikura ve Toma Kasabas\u0131nda ya\u015fayan Hokkaido Tohum Derne\u011fi Dan\u0131\u015fman\u0131 Say\u0131n Mamoru Segawa ile isti\u015fare ettik ve ard\u0131ndan ziyareti ger\u00e7ekle\u015ftirdik. Hepinize en i\u00e7ten \u015f\u00fckranlar\u0131m\u0131 sunmak istiyorum.<\/p>\n<p>Hokkaido Tohum Derne\u011fi, 15 Haziran 2018 tarihinde 38 \u00fcye ile kuruldu. \u00dclkemizin her taraf\u0131yla i\u015fbirli\u011fi yapma gayretindeyiz. \u015eu anda yerel t\u00fcrleri korumak i\u00e7in yo\u011fun bir \u015fekilde \u00e7al\u0131\u015f\u0131yorum. Japonya&#039;n\u0131n tohumlar\u0131n\u0131 korumak i\u00e7in sizinle birlikte \u00e7al\u0131\u015fmaya devam etmek istiyoruz. \u0130\u015fbirli\u011finiz i\u00e7in \u00e7ok te\u015fekk\u00fcr ederiz. Bug\u00fcn i\u00e7in \u00e7ok te\u015fekk\u00fcr ederim.<\/p>\n<h2>Hokuryu Kasabas\u0131 Belediye Ba\u015fkan\u0131 Yutaka Sano&#039;dan selamlar<\/h2>\n<p>\ufffc<\/p>\n<figure class=\"wp-caption aligncenter\"><a href=\"https:\/\/photos.google.com\/share\/AF1QipMKIuWXhJmvce-BtC11Oeu-7dAIX1eITNMxmCiWAGzp2KPvCgR8pXMFtOWvjvVUMg\/photo\/AF1QipOzK0yC_VkS8jR8nRVJx9IW6fYVqGbnj9mOsFE?key=bmRwYjF1WmRra3Z5MU5OREtCbWgyclhHR2oxOTRn\" target=\"_blank\" rel=\"noopener noreferrer\"><img decoding=\"async\" class=\"size-medium\" src=\"https:\/\/lh3.googleusercontent.com\/pw\/ACtC-3es9sBM_Q5klqGuKXAGZUSy6lfcbl2VaQwBV6Im7R1Avm5jRjQWeAs1h669k5zSQOG5R6IzGeCAsxRM3qVycFDEHbahpcgazUBoCjH7zlWInzl3-RuEBoFG0WryrlNtdFT3ZJxKpv6jfpmo6TiM9pu7=w2000-h1332-no?authuser=0\" alt=\"Belediye Ba\u015fkan\u0131 Sano&#039;dan selamlar\" width=\"1998\" height=\"1332\" \/><\/a><figcaption class=\"wp-caption-text\">Belediye Ba\u015fkan\u0131 Sano&#039;dan selamlar<\/figcaption><\/figure>\n<p>Temsilciler Meclisi \u00fcyesi Kami Tomoko, Temsilciler Meclisi \u00fcyesi Tamura Takaaki ve eski Temsilciler Meclisi \u00fcyesi Hatayama Kazuya bizi ziyaret etti. Ge\u00e7mi\u015fte \u00e7e\u015fitli siyasi partilerden temsilciler bizi ziyaret etmi\u015fti, ancak Kitary\u016b Kasabas\u0131&#039;nda gece konaklayan \u00f6\u011fretmenlerimiz ilk kez oluyor. Sizlere en i\u00e7ten ho\u015f geldiniz dileklerimizi iletiyoruz. Te\u015fekk\u00fcrler.<\/p>\n<p>Hokkaido ve ulusal sa\u011fl\u0131k sigortas\u0131yla ilgili idari faaliyetler s\u0131ras\u0131nda Profes\u00f6r Kami&#039;nin ofisini ziyaret etme f\u0131rsat\u0131m oldu. Her seferinde verdi\u011finiz h\u0131zl\u0131 yan\u0131ttan dolay\u0131 i\u00e7ten \u015f\u00fckranlar\u0131m\u0131z\u0131 ve takdirlerimizi sunmak isteriz.<\/p>\n<p>Hokuryu Kasabas\u0131&#039;n\u0131n, 1893 y\u0131l\u0131nda Chiba \u0130li&#039;ndeki Inba K\u00f6y\u00fc ve Motono K\u00f6y\u00fc&#039;nden (birle\u015ftikten sonra Inzai \u015eehri oldu) Yoshiue Shoichiro liderli\u011findeki \u00f6nc\u00fc bir grubun dut a\u011fa\u00e7lar\u0131n\u0131 hasat etti\u011fi kasaba oldu\u011fu s\u00f6ylenmektedir (Meiji 26). N\u00fcfusu 1.770 olan Hokkaido&#039;da k\u00fc\u00e7\u00fck bir kasaba olan bu tar\u0131m kasabas\u0131n\u0131n simgesi ay\u00e7i\u00e7e\u011fidir.<\/p>\n<p>Ger\u00e7ekten lezzetli pirin\u00e7 \u00fcretiyoruz. Yar\u0131n tam \u00f6l\u00e7ekli pirin\u00e7 hasad\u0131n\u0131n ba\u015flayaca\u011f\u0131n\u0131 duydum. Bu y\u0131l \u00e7ok az kar ya\u011fd\u0131, bu da beni biraz endi\u015felendirdi, ancak JA Kitasorachi&#039;nin Kitary\u016b b\u00f6lgesi temsilci m\u00fcd\u00fcr\u00fc Kitakiyo Hirokuni&#039;den bu y\u0131lki pirincin iyi oldu\u011funu duydum, bu y\u00fczden umutluyum.<\/p>\n<p>1990 y\u0131l\u0131nda eski Hokuryu Kasaba Tar\u0131m Kooperatifi Ba\u015fkan\u0131 Kikura, kasaban\u0131n &quot;insanlar\u0131n ya\u015famlar\u0131n\u0131 ve sa\u011fl\u0131klar\u0131n\u0131 korumak i\u00e7in g\u00fcvenli g\u0131da \u00fcreten bir kasaba&quot; olaca\u011f\u0131n\u0131 ilan etti. Uzun y\u0131llard\u0131r t\u00fcketicilerimize g\u00fcvenli ve lezzetli pirin\u00e7 sa\u011fl\u0131yoruz. Bu \u00e7al\u0131\u015fmam\u0131z b\u00fcy\u00fck be\u011feni toplad\u0131 ve 2016 y\u0131l\u0131nda \u015firkete Japonya Tar\u0131m \u00d6d\u00fcl\u00fc B\u00fcy\u00fck \u00d6d\u00fcl\u00fc verildi. \u00d6d\u00fcl t\u00f6reni NHK Hall\u2019da ger\u00e7ekle\u015ftirildi.<\/p>\n<p>Ayr\u0131ca Kurosengoku \u0130\u015fletme Kooperatifi, Tar\u0131m, Orman ve Bal\u0131k\u00e7\u0131l\u0131k Bakanl\u0131\u011f\u0131&#039;n\u0131n 5. K\u0131rsal Alanlar\u0131n Hazinelerini Ke\u015ffetme program\u0131nda m\u00fckemmellik \u00f6rne\u011fi olarak se\u00e7ildi. Ba\u015fbakanl\u0131k Resmi Konutu&#039;nda d\u00fczenlenen \u00f6d\u00fcl t\u00f6reninde Ba\u015fbakan&#039;la birlikte hat\u0131ra foto\u011fraf\u0131 \u00e7ektirdi.<\/p>\n<p>Haziran ay\u0131nda Tohum Yasas\u0131 ile ilgili olarak eski Tar\u0131m, Ormanc\u0131l\u0131k ve Bal\u0131k\u00e7\u0131l\u0131k Bakan\u0131 Yamada Masahiko, tar\u0131msal belgesel film y\u00f6netmeni Haramura Masaki ve Toma Kasabas\u0131 sakini Segawa Mamoru ve di\u011fer ki\u015filer kasabam\u0131z\u0131 ziyaret ederek kendileriyle g\u00f6r\u00fc\u015fmelerde bulunduk.<\/p>\n<p>\u00d6\u011fretmenlerle ve yap\u0131mc\u0131larla bu konuyu tart\u0131\u015fma f\u0131rsat\u0131 buldu\u011fum i\u00e7in mutluyum. \u0130\u015f birli\u011fin i\u00e7in te\u015fekk\u00fcrler.<\/p>\n<h2>Makale: Milletvekillerinden Selamlar<\/h2>\n<p>\ufffc<\/p>\n<figure class=\"wp-caption aligncenter\"><a href=\"https:\/\/photos.google.com\/share\/AF1QipMKIuWXhJmvce-BtC11Oeu-7dAIX1eITNMxmCiWAGzp2KPvCgR8pXMFtOWvjvVUMg\/photo\/AF1QipMn9W9YtBcf7umP4NmvGer40cpowJ-vH9TYQFE?key=bmRwYjF1WmRra3Z5MU5OREtCbWgyclhHR2oxOTRn\" target=\"_blank\" rel=\"noopener noreferrer\"><img decoding=\"async\" class=\"size-medium\" src=\"https:\/\/lh3.googleusercontent.com\/pw\/ACtC-3dgqba7WCrzsBOOGng2rZBH-WsMiIerMFPnxK4Biw9BxCI5Hd-vW7Lgn1cQq9zf60uDFJyVftENeBlxY5K7PyjwkuNWjJsLlk9QAL9GPL-K8FifhE9hPRtozUzGovtCK7HqtGP-eZKnVhA4-UmtSXX0=w2000-h1332-no?authuser=0\" alt=\"Bay Kami&#039;nin selam\u0131\" width=\"1998\" height=\"1332\" \/><\/a><figcaption class=\"wp-caption-text\">Bay Kami&#039;nin selam\u0131<\/figcaption><\/figure>\n<p>\u0130\u00e7ten selamlar\u0131n\u0131z i\u00e7in te\u015fekk\u00fcr ederim. Konaklama dahil t\u00fcm d\u00fczenlemeleri yapan Say\u0131n Kikura&#039;ya en i\u00e7ten \u015f\u00fckranlar\u0131m\u0131z\u0131 sunmak isteriz.<\/p>\n<p>Tohum Yasas\u0131 ilk olarak Meclis&#039;teki Kabine taraf\u0131ndan onayland\u0131, ancak \u00e7e\u015fitli g\u00f6r\u00fc\u015fler sunuldu ve internette \u00f6fke ve tart\u0131\u015fmalara yol a\u00e7t\u0131\u011f\u0131 i\u00e7in tart\u0131\u015f\u0131lamad\u0131. Bu, 2001 y\u0131l\u0131nda Meclis&#039;e atanmam ve Tar\u0131m, Ormanc\u0131l\u0131k ve Bal\u0131k\u00e7\u0131l\u0131k Komitesi&#039;nde \u00e7al\u0131\u015fmaya ba\u015flamamdan bu yana ilk kez oluyor.<\/p>\n<p>Ertelenen konular bir sonraki Meclis oturumunda ele al\u0131nacak, buna haz\u0131rl\u0131kl\u0131 olmak i\u00e7in dikkatle dinlemeliyiz ve her \u015feyden \u00f6nce, sahada yo\u011fun bir \u015fekilde \u00e7al\u0131\u015fan \u00fcreticilerin sesine kulak vermeden bu konuyu ele alamayaca\u011f\u0131m\u0131za inan\u0131yorum. Bu ara\u015ft\u0131rman\u0131n bir par\u00e7as\u0131 olarak Hokuryu Kasabas\u0131&#039;n\u0131 ziyaret ettim.<\/p>\n<p>Sabah Kurosengoku Ticaret Kooperatifleri Birli\u011fi&#039;nden haber ald\u0131k ve Kurosengoku soya fasulyesi \u00fcretme s\u00fcrecinin son derece zor oldu\u011funu ve tutku olmadan m\u00fcmk\u00fcn olamayaca\u011f\u0131n\u0131 \u00f6\u011frendik. T\u00fcm bu zorluklara ra\u011fmen kasaba gururla ya\u015fam\u0131n\u0131 s\u00fcrd\u00fcr\u00fcyor. Bu durum, emek vererek yaratt\u0131\u011f\u0131m\u0131z bir \u015feyin olumsuzluklara maruz kalabilece\u011fini bir kez daha d\u00fc\u015f\u00fcnmeme sebep oldu.<\/p>\n<p>\u00d6\u011fleden sonra Honoka Tar\u0131m Kooperatifi&#039;nde bir tart\u0131\u015fma yapt\u0131k. \u015eirketi kurmaya neden karar verdi\u011fi soruldu\u011funda, &quot;E\u011fer sessiz kal\u0131rsam i\u015flerin devam edemeyece\u011fi konusunda bir kriz duygusu hissettim&quot; dedi ve bunun \u00e7ok zor bir yarg\u0131 ve karar oldu\u011funu hissettim. Bug\u00fcn bulundu\u011fum noktaya gelmemin, zorluklar\u0131n \u00fcstesinden gelme cesaretine sahip olmam sayesinde oldu\u011funu fark ettim.<\/p>\n<p>Bu sefer geldi\u011fime \u00e7ok sevindim. Elbette bu tarz hikayeleri sahaya gelmeden duyman\u0131z m\u00fcmk\u00fcn de\u011fil. Bug\u00fcn duyduklar\u0131mdan yola \u00e7\u0131karak Meclis&#039;teki meydan okumay\u0131 kabul etmek istiyorum.<\/p>\n<p>Hokkaido&#039;daki tar\u0131m\u0131n, Japonya&#039;daki tar\u0131m\u0131n ve sahadaki insanlar\u0131n \u00e7abalar\u0131n\u0131n meyvesini verece\u011fi bir ruh yaratmak i\u00e7in birlikte \u00e7al\u0131\u015fmam\u0131z gerekti\u011fine inan\u0131yorum. Bug\u00fcn i\u00e7in \u00e7ok te\u015fekk\u00fcr ederim.<\/p>\n<figure class=\"wp-caption aligncenter\"><a href=\"https:\/\/photos.google.com\/share\/AF1QipMKIuWXhJmvce-BtC11Oeu-7dAIX1eITNMxmCiWAGzp2KPvCgR8pXMFtOWvjvVUMg\/photo\/AF1QipN_GTEudomGH-yKB6dF_4IDDBehYreitACEi3A?key=bmRwYjF1WmRra3Z5MU5OREtCbWgyclhHR2oxOTRn\"><img decoding=\"async\" class=\"size-medium\" src=\"https:\/\/lh3.googleusercontent.com\/pw\/ACtC-3d1zF9Df1g2QfPkI9bFqFkpszDokuq8xnBfvdlbyiKuvdxRHwQEhPBp9XeiQmP5WucSJftVRAT2BZyY-ObJb1Fltaa2dh7OxooKGWvm4V81sqsyEBeMUg0Znc6MuclDQtoNbjBSGYZfiiwRm4iuNBnz=w2000-h1332-no?authuser=0\" alt=\"Hokuryu Kasabas\u0131n\u0131 ziyaret etti\u011fim i\u00e7in mutluyum!\" width=\"1998\" height=\"1332\" \/><\/a><figcaption class=\"wp-caption-text\">Hokuryu Kasabas\u0131n\u0131 ziyaret etti\u011fim i\u00e7in mutluyum!<\/figcaption><\/figure>\n<h2>Temsilciler Meclisi \u00fcyesi Takaaki Tamura&#039;dan selamlar<\/h2>\n<p>\ufffc<\/p>\n<figure class=\"wp-caption aligncenter\"><a href=\"https:\/\/photos.google.com\/share\/AF1QipMKIuWXhJmvce-BtC11Oeu-7dAIX1eITNMxmCiWAGzp2KPvCgR8pXMFtOWvjvVUMg\/photo\/AF1QipNIcgBbhI02EDMqzAY2O8HD0V3pMFyhqpCpeeo?key=bmRwYjF1WmRra3Z5MU5OREtCbWgyclhHR2oxOTRn\" target=\"_blank\" rel=\"noopener noreferrer\"><img decoding=\"async\" class=\"size-medium\" src=\"https:\/\/lh3.googleusercontent.com\/pw\/ACtC-3fKh6kfwnA4pt8jUxmGz3j9eaW80n3dipWBhqL90rhPRtqv0U0e3CO_VlL-Xac54S_jijDjX-qfzvDLC6aTb-Zd04DGzE0pg1qYyi2eypNMiZZ__sz7iCf9pjQTrGfg3J7QDovxo3G1vqIsjofLqAdZ=w2000-h1332-no?authuser=0\" alt=\"Say\u0131n Tamura&#039;dan selamlar\" width=\"1998\" height=\"1332\" \/><\/a><figcaption class=\"wp-caption-text\">Say\u0131n Tamura&#039;dan selamlar<\/figcaption><\/figure>\n<p>&quot;Bay Huang Cang, b\u00f6ylesine harika bir etkinlik d\u00fczenledi\u011finiz i\u00e7in te\u015fekk\u00fcr ederim. Daha \u00f6nce hi\u00e7 b\u00f6yle bir misafirperverlik g\u00f6rmemi\u015ftim. \u00c7ok duyguland\u0131m.<\/p>\n<p>Bu sefer Hokkaido halk\u0131n\u0131 d\u00fc\u015f\u00fcnen ve Japon tar\u0131m\u0131 \u00fczerine kafa yoran insan say\u0131s\u0131n\u0131n \u00e7oklu\u011fu beni etkiledi.<\/p>\n<p>Yapabilece\u011fimiz \u015feyin, Japon tar\u0131m\u0131n\u0131 \u00fclkenin temel sanayisi olarak kararl\u0131l\u0131kla desteklemek ve ileri ta\u015f\u0131mak, gerileyen tar\u0131m ve \u00fcretim altyap\u0131s\u0131n\u0131 canland\u0131rmak, g\u0131da rezervlerini art\u0131rmak ve b\u00f6yle bir tar\u0131m politikas\u0131 hedeflemek oldu\u011funa inan\u0131yorum.<\/p>\n<p>Bug\u00fcn Kurosengoku soya fasulyesinin hasad\u0131na tan\u0131kl\u0131k etme ve hatta \u00e7i\u011f olarak yeme f\u0131rsat\u0131 buldum. Bana \u00fc\u00e7 \u015fi\u015fe Kurosengoku \u00e7ay\u0131 verildi ve \u00f6\u011fle yeme\u011finde Kurochan hamburgeri seti yedim. \u00c7ok lezzetliydi. Biz Kurosengoku&#039;ya a\u015f\u0131\u011f\u0131z! ! !<\/p>\n<p>Tamura, &quot;Bug\u00fcn sizden \u00e7e\u015fitli konularda haber almay\u0131 d\u00f6rt g\u00f6zle bekliyorum&quot; dedi.<\/p>\n<h2>Temsilciler Meclisi eski \u00fcyesi Kazuya Hatayama&#039;n\u0131n tostu<\/h2>\n<p>\ufffc<\/p>\n<figure class=\"wp-caption aligncenter\"><a href=\"https:\/\/photos.google.com\/share\/AF1QipMKIuWXhJmvce-BtC11Oeu-7dAIX1eITNMxmCiWAGzp2KPvCgR8pXMFtOWvjvVUMg\/photo\/AF1QipMLRv9DWalRsnWZiDbzbEH-8vDSZFO3Ee7UqHQ?key=bmRwYjF1WmRra3Z5MU5OREtCbWgyclhHR2oxOTRn\" target=\"_blank\" rel=\"noopener noreferrer\"><img decoding=\"async\" class=\"size-medium\" src=\"https:\/\/lh3.googleusercontent.com\/pw\/ACtC-3cW2iWdehrkIoJkAFnFkTJCtQ_aJMSRjGYb6HnabSJcDZKI3d38-Py7yzhRQMu8ucrulwjBEkoOjjdvRa6SHRmis6ISOLlsPfF7gPK4tlRmTp-i5Zw2mVdbdC9yBJAqcTe8RdqUlzL4Hig_kU9ALHsb=w2000-h1332-no?authuser=0\" alt=\"Hatayama kadeh kald\u0131r\u0131yor!\" width=\"1998\" height=\"1332\" \/><\/a><figcaption class=\"wp-caption-text\">Hatayama kadeh kald\u0131r\u0131yor!<\/figcaption><\/figure>\n<p>Bug\u00fcn bu f\u0131rsat\u0131 yaratt\u0131\u011f\u0131n\u0131z i\u00e7in te\u015fekk\u00fcr ederim. Bug\u00fcn bana bu kadar \u00e7ok \u015fey \u00f6\u011frenme f\u0131rsat\u0131 verdi\u011finiz i\u00e7in te\u015fekk\u00fcr ederim. Hokuryu Kasabas\u0131&#039;n\u0131n iyi bir hasat ve daha da geli\u015fmesine ve elimizden gelenin en iyisini yapma kararl\u0131l\u0131\u011f\u0131m\u0131za kadeh kald\u0131ral\u0131m!<\/p>\n<p>O halde, \u015ferefe!<br \/>\n\ufffc<\/p>\n<figure class=\"wp-caption aligncenter\"><a href=\"\/tr\/8pXMFtOWvjvVUMg\/photo\/AF1QipM3hYu0v_zR1OMc26j_UvTIWFfg1On014avY3g\/?key=bmRwYjF1WmRra3Z5MU5OREtCbWgyclhHR2oxOTRn\" target=\"_blank\" rel=\"noopener noreferrer\"><img decoding=\"async\" class=\"size-medium\" src=\"https:\/\/lh3.googleusercontent.com\/pw\/ACtC-3eyaBtLcyz1Ip9xqOrS98A6stIIeM5cC-MwGWRWejSKf4YGNEKvA8HMBz9c034NVgVomxFIAPj7uKh71F2FtNmOga6Op3RPiNj9jAMFPl6uESEhwJf3vNXuVwmQUXiEAAYmbLML8T8iosN_A5q90Ede=w2000-h1332-no?authuser=0\" alt=\"\u015ferefe!\" width=\"1998\" height=\"1332\" \/><\/a><figcaption class=\"wp-caption-text\">\u015ferefe!<\/figcaption><\/figure>\n<figure class=\"wp-caption aligncenter\"><a href=\"https:\/\/photos.google.com\/share\/AF1QipMKIuWXhJmvce-BtC11Oeu-7dAIX1eITNMxmCiWAGzp2KPvCgR8pXMFtOWvjvVUMg\/photo\/AF1QipN0jtjTqIkhe48uRLJoJDAAsJfhfqQs5tSz4f4?key=bmRwYjF1WmRra3Z5MU5OREtCbWgyclhHR2oxOTRn\" target=\"_blank\" rel=\"noopener noreferrer\"><img decoding=\"async\" class=\"size-medium\" src=\"https:\/\/lh3.googleusercontent.com\/pw\/ACtC-3fY1sgx-yxdns3eYRQ8kGPWAx9q6NN15Vu3WKnQO9J21FOCKLOrY3ltx7R5TS4czBgZJlEfIQwnql9wJ7Y3NNXficIsINmZBjqyHxgBJXu0j1_LdKzLAzbv5nuLMhsVAQk0WDLa6UUrCHtVU1IyV76B=w2000-h1332-no?authuser=0\" alt=\"\u00c7e\u015fitli yemekler\" width=\"1998\" height=\"1332\" \/><\/a><figcaption class=\"wp-caption-text\">\u00c7e\u015fitli yemekler<\/figcaption><\/figure>\n<h2>JA Kitasorachi Hokuryu B\u00f6lgesi Temsilci Direkt\u00f6r\u00fc Hirokuni Kitakiyo&#039;nun kapan\u0131\u015f konu\u015fmas\u0131<\/h2>\n<p>\ufffc<\/p>\n<figure class=\"wp-caption aligncenter\"><a href=\"https:\/\/photos.google.com\/share\/AF1QipMKIuWXhJmvce-BtC11Oeu-7dAIX1eITNMxmCiWAGzp2KPvCgR8pXMFtOWvjvVUMg\/photo\/AF1QipPtGRvUkCRF6m0bOhbVVddIDyZcKGNKzavKUoY?key=bmRwYjF1WmRra3Z5MU5OREtCbWgyclhHR2oxOTRn\" target=\"_blank\" rel=\"noopener noreferrer\"><img decoding=\"async\" class=\"size-medium\" src=\"https:\/\/lh3.googleusercontent.com\/pw\/ACtC-3c3UBGLHgHtzzggekiILAdScpSaPT8jr2i7BKIbmk8dTRm_j0YbtgkP77zCsF7pKkxowRnAJa9Nlvg6fZWdwXn6XJHkHSvJtD8kBrNAxRhm_RdUeu-TYG6mDXXsg0UzxIWeBoK9br_D_KOC5Ra2G9HV=w2000-h1332-no?authuser=0\" alt=\"Kapan\u0131\u015f konu\u015fmas\u0131n\u0131 Kita-Qing b\u00f6lge temsilcisi yapt\u0131.\" width=\"1998\" height=\"1332\" \/><\/a><figcaption class=\"wp-caption-text\">Kapan\u0131\u015f konu\u015fmas\u0131n\u0131 Kita-Qing b\u00f6lge temsilcisi yapt\u0131.<\/figcaption><\/figure>\n<p>Tohum odakl\u0131 bug\u00fcnk\u00fc toplant\u0131m\u0131z, Profes\u00f6r Kami ve Profes\u00f6r Tamura ile tan\u0131\u015fmak i\u00e7in harika bir f\u0131rsatt\u0131.<\/p>\n<p>Art\u0131k Hokuryu&#039;ya geldi\u011finize g\u00f6re, umar\u0131m bu kasabay\u0131 unutmazs\u0131n\u0131z ve buray\u0131 tan\u0131tmaya devam edersiniz, insanlara b\u00f6yle bir kasaban\u0131n var oldu\u011funu duyurursunuz.<\/p>\n<p>Bug\u00fcn sizlerle tan\u0131\u015ft\u0131\u011f\u0131m i\u00e7in en i\u00e7ten te\u015fekk\u00fcrlerimi sunarak s\u00f6zlerimi tamamlamak istiyorum. Emekleriniz i\u00e7in te\u015fekk\u00fcr ederiz! \u015ferefe!<br \/>\n\ufffc<\/p>\n<figure class=\"wp-caption aligncenter\"><a href=\"https:\/\/photos.google.com\/share\/AF1QipMKIuWXhJmvce-BtC11Oeu-7dAIX1eITNMxmCiWAGzp2KPvCgR8pXMFtOWvjvVUMg\/photo\/AF1QipMBw1SibYX90GKC-JYvo0AOg8b-pNtpRjYVatI?key=bmRwYjF1WmRra3Z5MU5OREtCbWgyclhHR2oxOTRn\" target=\"_blank\" rel=\"noopener noreferrer\"><img decoding=\"async\" class=\"size-medium\" src=\"https:\/\/lh3.googleusercontent.com\/pw\/ACtC-3feSfUV8DFjfXQG0e4egF1s0hDUOGR5jQOBk4GAmlS1RNgxKYWvu3fKLueUqUydIQPP3PxaCnDZ9RZl-MRLxlpmgo2D7m4gOi1atSNqBUgUlK4kCEj2aqrY9laym0QysvsXvjzM513E6sE96ZaHJvU0=w2000-h1332-no?authuser=0\" alt=\"\u015ferefe!\" width=\"1998\" height=\"1332\" \/><\/a><figcaption class=\"wp-caption-text\">\u015ferefe!<\/figcaption><\/figure>\n<p>\ufffc<\/p>\n<figure class=\"wp-caption aligncenter\"><a href=\"https:\/\/photos.google.com\/share\/AF1QipNs6tzDrKJvEWTu17twPTFbU-7v1wFwc1cSddsqYZUHrY33CU5djytH37mk7HZoUg\/photo\/AF1QipM8ceSSn9bpm64prwndiH-8P_wFVsROKMWSOiE?key=ZzlsWDM3SUN0eUM3eWl1WmN1VFlFbWw2dUUxZnpR\" target=\"_blank\" rel=\"noopener noreferrer\"><img decoding=\"async\" class=\"size-medium\" src=\"https:\/\/lh3.googleusercontent.com\/pw\/ACtC-3eAf9hL8mFo162-YjQiBoUtISr7gr7RiHIwYDbX51huyGHVwc47lcSxVirYDcFYt7i4usYEN5tlIXxr9M83xYPZHdnyptwHpkj2oodhmASCp4b27D309XFrN9ZYuHfVZV55NCW-C9asOTVC0KE6wYE5=w2000-h1332-no?authuser=0\" alt=\"\u0130\u00e7inde ya\u015fayan pirin\u00e7 ruhuna \u015f\u00fckranla. . .\" width=\"1998\" height=\"1332\" \/><\/a><figcaption class=\"wp-caption-text\">\u0130\u00e7inde ya\u015fayan pirin\u00e7 ruhuna \u015f\u00fckranla. . .<\/figcaption><\/figure>\n<p>\ufffc<\/p>\n<figure class=\"wp-caption aligncenter\"><a href=\"https:\/\/photos.google.com\/share\/AF1QipNs6tzDrKJvEWTu17twPTFbU-7v1wFwc1cSddsqYZUHrY33CU5djytH37mk7HZoUg\/photo\/AF1QipPQssu9HF0eSV_sCJdGaR_04zd7E_ExTHF5oJA?key=ZzlsWDM3SUN0eUM3eWl1WmN1VFlFbWw2dUUxZnpR\" target=\"_blank\" rel=\"noopener noreferrer\"><img decoding=\"async\" class=\"size-medium\" src=\"https:\/\/lh3.googleusercontent.com\/pw\/ACtC-3e8bNMZcUJCZd4BJ4YEOn_499UsjAxSZOZ_wupWxJS1YnfrSncoULj7GHwECqyaciMSWhxM_1y473LRR53wqii174xsXZNuBzGf3dSiZ3snlKz62SVOWOjegqfrv7sS3aE4C-2dU67JwfahXnnJZ24O=w2000-h1332-no?authuser=0\" alt=\"Hokuryu Kasabas\u0131nda pirin\u00e7 hasad\u0131 t\u00fcm h\u0131z\u0131yla devam ediyor!\" width=\"1998\" height=\"1332\" \/><\/a><figcaption class=\"wp-caption-text\">Hokuryu Kasabas\u0131nda pirin\u00e7 hasad\u0131 t\u00fcm h\u0131z\u0131yla devam ediyor!<\/figcaption><\/figure>\n<p>Hayat\u0131n kayna\u011f\u0131 olan &quot;tohum&quot;da sakl\u0131 olan ebedi ruh,<br \/>\nYa\u015fam\u0131 besleyen yap\u0131mc\u0131lar\u0131n ve onlar\u0131 g\u00f6zetip cesaretlendiren \u00e7ok say\u0131da insan\u0131n tutkulu deste\u011fi i\u00e7in minnettar\u0131z.<br \/>\nSonsuz sevgi, minnet ve dualar\u0131mla. . .<\/p>\n<h2>Di\u011fer foto\u011fraflar<\/h2>\n<p>\u30fb<a href=\"https:\/\/photos.app.goo.gl\/uyTkUq2p3xmqzZsy5\" target=\"_blank\" rel=\"noopener noreferrer\">Diyet heyetinin Hokuryu Kasabas\u0131&#039;ndaki (Hokkaido) yerinde toplant\u0131s\u0131n\u0131n foto\u011fraflar\u0131 (182 foto\u011fraf) burada mevcuttur &gt;&gt;<\/a><\/p>\n<h3>\u0130lgili makaleler<\/h3>\n<p>\u30fb<a href=\"https:\/\/portal.hokuryu.info\/tr\/3822\/\">Tatsuya ve Hitomi Kamii, Hokuryu Kasabas\u0131&#039;n\u0131n da\u011flar\u0131nda kendi a\u011fa\u00e7 kesimlerini yaparak ormanc\u0131l\u0131k yapmaya ba\u015fl\u0131yorlar!<\/a>(30 Temmuz 2020)<\/p>\n<p>\u30fb<a href=\"https:\/\/portal.hokuryu.info\/tr\/3277\/\">Tar\u0131m, Ormanc\u0131l\u0131k ve Bal\u0131k\u00e7\u0131l\u0131k eski Bakan\u0131 Masahiko Yamada ve film y\u00f6netmeni Masaki Haramura, &quot;Hokuryu Kasabas\u0131&quot;n\u0131 ziyaret etti ve &quot;Tohum ve G\u0131da G\u00fcvenli\u011fi&quot; konulu belgesel film prod\u00fcksiyonunu ger\u00e7ekle\u015ftirdi ve Kurosengoku \u0130\u015f Kooperatifi Derne\u011fi ile mekan r\u00f6portaj\u0131 yapt\u0131<\/a>(25 Haziran 2020)<\/p>\n<p>\u30fb<a href=\"https:\/\/portal.hokuryu.info\/tr\/4836\/\" target=\"_blank\" rel=\"noopener noreferrer\">Diyet \u00dcyeleri Grubu: Hokuryu Kasabas\u0131nda (Hokkaido) Tohum ve Fidan Yasas\u0131nda De\u011fi\u015fiklik Yap\u0131lmas\u0131na Dair Yerel Toplant\u0131 [No.1] Kurosengoku \u0130\u015f Kooperatifi Derne\u011fi<\/a><br \/>\n\u30fb<a href=\"https:\/\/portal.hokuryu.info\/tr\/4841\/\" target=\"_blank\" rel=\"noopener noreferrer\">Hokuryu Kasabas\u0131nda (Hokkaido) Tohum ve Fidan Yasas\u0131n\u0131n [No.2] Revizyonu Konulu Diyet \u00dcyeleri Grubu Toplant\u0131s\u0131 Honoka Tar\u0131m Kooperatifi<\/a><br \/>\n\u30fb<a href=\"https:\/\/portal.hokuryu.info\/tr\/4845\/\" target=\"_blank\" rel=\"noopener noreferrer\">Hokuryu Kasabas\u0131&#039;ndaki (Hokkaido) Diyet \u00fcyeleriyle kendi kendine ormanc\u0131l\u0131k konusunda bir toplant\u0131 [No.3] Tatsuya Kamii ile bir toplant\u0131 ve fikir al\u0131\u015fveri\u015fi<\/a><\/p>\n<p>\u25c7 \u00c7ekim ve kurgu: Noboru Terauchi R\u00f6portaj ve metin: Ikuko Terauchi<\/p>","protected":false},"excerpt":{"rendered":"<p>\uff12\uff10\uff12\uff10\u5e74\uff19\u6708\uff12\uff15\u65e5\uff08\u91d1\uff09 \u8fb2\u4e8b\u7d44\u5408\u6cd5\u4eba\u307b\u306e\u304b\u3068\u306e\u61c7\u8ac7\u5f8c\u3001\u30b5\u30f3\u30d5\u30e9\u30ef\u30fc\u30d1\u30fc\u30af\u5317\u7adc\u6e29\u6cc9\u5185\u30ec\u30b9\u30c8\u30e9\u30f3\u98a8\u8eca\u306b\u5834\u6240\u3092\u79fb\u52d5\u3057\u3001\u5317\u7adc\u753a\u3067\u81ea\u4f10\u578b\u6797\u696d\u306b\u53d6\u308a\u7d44\u3080\u4e0a\u4e95\u9054\u77e2\u3055\u3093\u3068\u61c7\u8ac7\u3057\u307e\u3057\u305f\u3002 \ufffc \u81ea\u4f10\u578b\u6797\u696d\u306b\u3064\u3044\u3066\u306e\u61c7 [&hellip;]<\/p>\n","protected":false},"author":1,"featured_media":4853,"comment_status":"open","ping_status":"open","sticky":false,"template":"","format":"standard","meta":{"footnotes":""},"categories":[4],"tags":[],"class_list":["post-4845","post","type-post","status-publish","format-standard","has-post-thumbnail","hentry","category-cover-story"],"_links":{"self":[{"href":"https:\/\/portal.hokuryu.info\/tr\/wp-json\/wp\/v2\/posts\/4845","targetHints":{"allow":["GET"]}}],"collection":[{"href":"https:\/\/portal.hokuryu.info\/tr\/wp-json\/wp\/v2\/posts"}],"about":[{"href":"https:\/\/portal.hokuryu.info\/tr\/wp-json\/wp\/v2\/types\/post"}],"author":[{"embeddable":true,"href":"https:\/\/portal.hokuryu.info\/tr\/wp-json\/wp\/v2\/users\/1"}],"replies":[{"embeddable":true,"href":"https:\/\/portal.hokuryu.info\/tr\/wp-json\/wp\/v2\/comments?post=4845"}],"version-history":[{"count":0,"href":"https:\/\/portal.hokuryu.info\/tr\/wp-json\/wp\/v2\/posts\/4845\/revisions"}],"wp:featuredmedia":[{"embeddable":true,"href":"https:\/\/portal.hokuryu.info\/tr\/wp-json\/wp\/v2\/media\/4853"}],"wp:attachment":[{"href":"https:\/\/portal.hokuryu.info\/tr\/wp-json\/wp\/v2\/media?parent=4845"}],"wp:term":[{"taxonomy":"category","embeddable":true,"href":"https:\/\/portal.hokuryu.info\/tr\/wp-json\/wp\/v2\/categories?post=4845"},{"taxonomy":"post_tag","embeddable":true,"href":"https:\/\/portal.hokuryu.info\/tr\/wp-json\/wp\/v2\/tags?post=4845"}],"curies":[{"name":"wp","href":"https:\/\/api.w.org\/{rel}","templated":true}]}}