{"id":4841,"date":"2020-09-25T06:41:19","date_gmt":"2020-09-24T21:41:19","guid":{"rendered":"https:\/\/portal.hokuryu.info\/?p=4841"},"modified":"2020-09-25T08:16:32","modified_gmt":"2020-09-24T23:16:32","slug":"4841-mesaj","status":"publish","type":"post","link":"https:\/\/portal.hokuryu.info\/tr\/4841\/","title":{"rendered":"Hokuryu Kasabas\u0131nda (Hokkaido) Tohum ve Fidan Yasas\u0131n\u0131n [No.2] Revizyonu Konulu Diyet \u00dcyeleri Grubu Toplant\u0131s\u0131 Honoka Tar\u0131m Kooperatifi"},"content":{"rendered":"<p>Cuma, 25 Eyl\u00fcl 2020<\/p>\n<p>\u00d6\u011fle yeme\u011finin ard\u0131ndan Honoka Tar\u0131m Kooperatifi ofisinde bir tart\u0131\u015fma toplant\u0131s\u0131 yap\u0131ld\u0131. Honoka Tar\u0131m Kooperatifi Derne\u011fi \u00fcyeleri bir araya gelerek canl\u0131 tart\u0131\u015fmalara kat\u0131ld\u0131. \ufffc<\/p>\n<figure class=\"wp-caption aligncenter\"><a href=\"https:\/\/photos.google.com\/share\/AF1QipMKIuWXhJmvce-BtC11Oeu-7dAIX1eITNMxmCiWAGzp2KPvCgR8pXMFtOWvjvVUMg\/photo\/AF1QipNUks3tC73LbCPgT2KuLSgJKf1mbR817NMaUTc?key=bmRwYjF1WmRra3Z5MU5OREtCbWgyclhHR2oxOTRn\" target=\"_blank\" rel=\"noopener noreferrer\"><img decoding=\"async\" class=\"size-medium\" src=\"https:\/\/lh3.googleusercontent.com\/pw\/ACtC-3cIJXkMxT8y68vOYeO8j8I1QJiSajXVmjjF0jFkMbLVS4eGWllwfFUtdc5CQM-ldLot8QCTE7PpGnBmOExhu0smM1qUtdHGcuk3MfGKpms2KJefjtMj8aFXW7nByammBL_Hug4Zv2dD54T2WpuUx6VK=w2000-h1332-no?authuser=0\" alt=\"Honoka Tar\u0131m Kooperatifi Ofisinde\" width=\"1998\" height=\"1332\" \/><\/a><figcaption class=\"wp-caption-text\">Honoka Tar\u0131m Kooperatifi Ofisinde<\/figcaption><\/figure>\n<h2>Senat\u00f6r Tomoko Kami&#039;den selamlar<\/h2>\n<figure class=\"wp-caption aligncenter\"><a href=\"https:\/\/photos.google.com\/share\/AF1QipMKIuWXhJmvce-BtC11Oeu-7dAIX1eITNMxmCiWAGzp2KPvCgR8pXMFtOWvjvVUMg\/photo\/AF1QipMkjk2rfHlNoNi9PZO4865OLomvwSImPbyqyjY?key=bmRwYjF1WmRra3Z5MU5OREtCbWgyclhHR2oxOTRn\" target=\"_blank\" rel=\"noopener noreferrer\"><img decoding=\"async\" class=\"size-medium\" src=\"https:\/\/lh3.googleusercontent.com\/pw\/ACtC-3eitNoJdt1B9Gn6Y6_I4AFNSu6Mj9l6d7iksP-4rnOHEcknfVoWLKHb5I2FCNralHtLBwTAzUwudGzirc2HdetcWG8IyIZhYAEqUWxxnuAh0Orbz5TM_S0AyYsNgK9fRpXknAHBk0GUs4Q9096WxIkc=w2000-h1332-no?authuser=0\" alt=\"Bay Kami&#039;nin selam\u0131\" width=\"1998\" height=\"1332\" \/><\/a><figcaption class=\"wp-caption-text\">Bay Kami&#039;nin selam\u0131<\/figcaption><\/figure>\n<p>Ben Kami Tomoko, Meclis \u00dcyesiyim. 2001 y\u0131l\u0131ndan bu yana Meclis \u00dcyesi olarak g\u00f6rev yapmakta olup, Tar\u0131m, Ormanc\u0131l\u0131k ve Bal\u0131k\u00e7\u0131l\u0131k Komitesi \u00fcyesidir. Bu kez Temsilciler Meclisi&#039;ni, Temsilciler Meclisi \u00fcyesi Say\u0131n Tamura ve Temsilciler Meclisi eski \u00fcyesi Say\u0131n Hatoyama ile birlikte ziyaret ettim.<\/p>\n<p>Tohum ve Fideler Kanunu&#039;nda de\u011fi\u015fiklik yap\u0131lmas\u0131na ili\u015fkin Bakanlar Kurulu karar\u0131 Meclis&#039;te al\u0131nd\u0131 ancak kanunun i\u00e7eri\u011finin a\u00e7\u0131kl\u0131\u011fa kavu\u015fturulmas\u0131 y\u00f6n\u00fcnde \u00e7ok say\u0131da talep gelmesi, \u00e7ok say\u0131da kar\u015f\u0131t g\u00f6r\u00fc\u015f ve imza toplanmas\u0131 nedeniyle teklif g\u00f6r\u00fc\u015f\u00fclmeden b\u0131rak\u0131ld\u0131.<\/p>\n<p>Bu yasa tasar\u0131s\u0131 etraf\u0131nda bir dizi soru ortaya \u00e7\u0131kt\u0131. H\u00fck\u00fcmetin Tohum ve Fidan Kanunu&#039;na \u00f6nerilen de\u011fi\u015fiklikleri sunmas\u0131n\u0131n nedeni, Shine Muscat \u00fcz\u00fcmleri ve \u00e7ilekleri gibi kay\u0131tl\u0131 Japon \u00e7e\u015fitlerinin deniza\u015f\u0131r\u0131 \u00fclkelere ihra\u00e7 edilmesi gibi bir dizi sorunun ortaya \u00e7\u0131kmas\u0131 ve h\u00fck\u00fcmetin bu t\u00fcr \u00fcst\u00fcn Japon \u00e7e\u015fitlerinin deniza\u015f\u0131r\u0131 \u00fclkelerden yeniden ithal edilmesini \u00f6nlemeye \u00e7al\u0131\u015fmas\u0131yd\u0131.<\/p>\n<p>Bilginin yurtd\u0131\u015f\u0131na \u00e7\u0131kmas\u0131n\u0131 engellemeyi ama\u00e7layan \u00f6nerilen revizyonlar, daha \u00f6nce izin verilen kay\u0131tl\u0131 \u00e7e\u015fitlerin kendi kendine tohumlanmas\u0131n\u0131 yasaklayacak. \u00c7ift\u00e7ilerin kendi tohumlar\u0131n\u0131 ekmelerinin yasaklanmas\u0131n\u0131n, onlar\u0131n \u00fcretim haklar\u0131n\u0131n ihlali anlam\u0131na gelip gelmedi\u011fi konusunda sorular ortaya \u00e7\u0131km\u0131\u015ft\u0131r.<\/p>\n<p>T\u00fcketicilerde yabanc\u0131 \u015firketlerin pazara girmesine ili\u015fkin endi\u015feler de ortaya \u00e7\u0131kt\u0131.<\/p>\n<p>Bu ziyaretim s\u0131ras\u0131nda Hokkaido&#039;lu \u00fcreticilerin bu yasa tasar\u0131s\u0131na nas\u0131l bakt\u0131\u011f\u0131n\u0131 ve d\u00fc\u015f\u00fcnd\u00fc\u011f\u00fcn\u00fc duymak istiyorum.<\/p>\n<p>Honoka Tar\u0131m Kooperatifinin hangi t\u00fcr \u00fcr\u00fcnleri yeti\u015ftirdi\u011fi, tohum konusunda ne gibi \u00e7al\u0131\u015fmalar yapt\u0131\u011f\u0131, son yasal reformlar hakk\u0131nda endi\u015feleriniz, kayg\u0131lar\u0131n\u0131z veya sorular\u0131n\u0131z olup olmad\u0131\u011f\u0131 konusunda g\u00f6r\u00fc\u015flerinizi duymak isteriz. Te\u015fekk\u00fcr ederim.<\/p>\n<h2>Temsilci Takaaki Tamura&#039;dan selamlar<\/h2>\n<figure class=\"wp-caption aligncenter\"><a href=\"https:\/\/photos.google.com\/share\/AF1QipMKIuWXhJmvce-BtC11Oeu-7dAIX1eITNMxmCiWAGzp2KPvCgR8pXMFtOWvjvVUMg\/photo\/AF1QipOzuTMB6gW0fqNy6LnNX8f65x8A2MYs5I-1OwQ?key=bmRwYjF1WmRra3Z5MU5OREtCbWgyclhHR2oxOTRn\" target=\"_blank\" rel=\"noopener noreferrer\"><img decoding=\"async\" class=\"size-medium\" src=\"https:\/\/lh3.googleusercontent.com\/pw\/ACtC-3cjmiG0srt16Gt0TtRls8R5TOc-zqz3ndyPlJMdtmn-wDBIGmsAFJpuazJLqlKoeefDkcXiMD-4DFP2L4F2BX4K99f2xYs3_4dSCVcscdtDBIzCjh2eQQQysRE2DO6TWSTRVlsiML41FAvHsnwr7gPM=w2000-h1332-no?authuser=0\" alt=\"Takaaki Tamura\" width=\"1998\" height=\"1332\" \/><\/a><figcaption class=\"wp-caption-text\">Takaaki Tamura<\/figcaption><\/figure>\n<p>Ben Temsilciler Meclisi \u00fcyesi Takaaki Tamura&#039;y\u0131m. Temsilciler Meclisi Kyushu\/Okinawa orant\u0131l\u0131 temsil \u00fcyesiyim ve Fukuoka \u0130li, Kitakyushu \u015eehri&#039;ndenim. Ya\u015fad\u0131\u011f\u0131m kasaba 180.000 n\u00fcfuslu bir sanayi \u015fehri ve tek bir tam zamanl\u0131 \u00e7iftli\u011fi yok.<\/p>\n<p>Tar\u0131m, Ormanc\u0131l\u0131k ve Bal\u0131k\u00e7\u0131l\u0131k Komitesi&#039;nde \u00fc\u00e7\u00fcnc\u00fc y\u0131l\u0131m ve tar\u0131m, ormanc\u0131l\u0131k ve bal\u0131k\u00e7\u0131l\u0131kla ilgili durum h\u0131zla de\u011fi\u015fiyor. Tar\u0131m\u0131n, g\u0131dan\u0131n ve k\u0131rsal alanlar\u0131n Japonya&#039;n\u0131n en \u00f6nemli par\u00e7alar\u0131 oldu\u011funu biliyoruz.<\/p>\n<p>\u00c7ift\u00e7ilerin sesi dinlenmeden yasalar de\u011fi\u015ftiriliyor. Tohum Yasas\u0131&#039;n\u0131n pirin\u00e7, bu\u011fday ve soya fasulyesinin ba\u015fl\u0131ca \u00e7e\u015fitleri i\u00e7in yasaklanmas\u0131ndan bu yana, her vilayet, istikrarl\u0131 tohum \u00fcretmek ve tedarik etmek i\u00e7in kendi y\u00f6netmeliklerini olu\u015fturma y\u00f6n\u00fcnde artan bir e\u011filim g\u00f6stermektedir.<\/p>\n<p>Bal\u0131k\u00e7\u0131l\u0131k ve ormanc\u0131l\u0131kta da durum ayn\u0131d\u0131r. Bunun temelinde, k\u00e2rlar\u0131n yabanc\u0131 sermayeli b\u00fcy\u00fck \u015firketlere gitmesine yol a\u00e7an bir siyasal e\u011filim yat\u0131yor. Orada bir kriz havas\u0131 var. Tohum konusuna gelince, bunu ancak tar\u0131m \u00fcreticilerinin sesini dinleyerek tart\u0131\u015fmam\u0131z gerekti\u011fini s\u00f6yledim.<\/p>\n<p>Hokkaido&#039;ya gidip, toprakla yak\u0131ndan ilgilenen, tar\u0131msal \u00fcr\u00fcnler ve tohumlar \u00fczerine en \u00e7ok d\u00fc\u015f\u00fcnen \u00fcretim tesislerinde \u00e7al\u0131\u015fanlar\u0131n seslerini dinlemek ve ard\u0131ndan gelecekteki faaliyetlerimin meydan okumas\u0131na giri\u015fmek istiyorum. Te\u015fekk\u00fcr ederim.<\/p>\n<h2>Parlamento heyeti \u00fcyeleri kendilerini tan\u0131t\u0131yor<\/h2>\n<p>Tai Kyosei (Temsilci Kami&#039;nin Sekreteri), Kawabe Takashi (Temsilci Tamura&#039;n\u0131n Sekreteri), Yamaguchi Kaori (Temsilci Tamura&#039;n\u0131n Sekreteri), Temsilciler Meclisi eski \u00fcyesi Hatayama Kazuya (Kom\u00fcnist Parti), Japon Kom\u00fcnist Partisi Meclis \u00dcyeleri Grubu Hokkaido Ofisi Genel Sekreteri Oda Ichiro, Hokkaido Tohum Derne\u011fi Ba\u015fkan\u0131 (Hokkaido \u00dcniversitesi&#039;nde Misafir Profes\u00f6r) Hisada Tokuji ve NHK&#039;n\u0131n Sapporo \u00dcss\u00fc Yay\u0131n \u0130stasyonu M\u00fcd\u00fcr\u00fc Okunuki Teppei taraf\u0131ndan tan\u0131t\u0131mlar yap\u0131ld\u0131.<\/p>\n<h2>Honoka Tar\u0131m Kooperatifinin kurulu\u015funa genel bak\u0131\u015f ve \u00fcretim detaylar\u0131: Direkt\u00f6r Asao Morishima<\/h2>\n<figure class=\"wp-caption aligncenter\"><a href=\"https:\/\/photos.google.com\/share\/AF1QipMKIuWXhJmvce-BtC11Oeu-7dAIX1eITNMxmCiWAGzp2KPvCgR8pXMFtOWvjvVUMg\/photo\/AF1QipPrIfzNF6Z7POuSTyW6_IT1JCeDDbdnbxfwhWQ?key=bmRwYjF1WmRra3Z5MU5OREtCbWgyclhHR2oxOTRn\" target=\"_blank\" rel=\"noopener noreferrer\"><img decoding=\"async\" class=\"size-medium\" src=\"https:\/\/lh3.googleusercontent.com\/pw\/ACtC-3fUlglf9-DhPO0duJDEi7feADAczqET7O3B8LyDIzqKVZTJFfDDL1au3zPMXFQkdyl84inRhkHDyMcKYOmfzHb_zOI6vVTv7Rg9kFeFLm7NqkBLPA9tZC7O0nCg7YRxwDHOgBJcQfa9ynKpRJnoDUZL=w2000-h1332-no?authuser=0\" alt=\"Bay Terrashima a\u00e7\u0131klama yap\u0131yor\" width=\"1998\" height=\"1332\" \/><\/a><figcaption class=\"wp-caption-text\">Bay Terrashima a\u00e7\u0131klama yap\u0131yor<\/figcaption><\/figure>\n<p>Honoka Tar\u0131m Kooperatifi \u015eirketi 2014 y\u0131l\u0131nda kuruldu (Heisei 26). Grubun kurulmas\u0131ndan iki y\u0131l \u00f6nce haz\u0131rl\u0131klar ba\u015flad\u0131 ve \u015firketle\u015fmeyi hedefleyen be\u015f \u00e7iftlik birlikte pirin\u00e7 ekimi konusunda \u00e7al\u0131\u015fmaya ba\u015flad\u0131. Hepimiz \u00e7ok \u00e7al\u0131\u015ft\u0131k, zorluklar\u0131 payla\u015ft\u0131k, umar\u0131m bu \u00fc\u00e7 y\u0131l\u0131 atlatabilirsek bir \u015fekilde ba\u015farabiliriz diye umut ettik. Bu y\u0131l alt\u0131nc\u0131s\u0131 d\u00fczenlenen etkinli\u011fin toplam y\u0131ll\u0131k geliri 200 milyon yen&#039;i a\u015f\u0131yor.<\/p>\n<p>Ay\u00e7i\u00e7e\u011fi ya\u011f\u0131 ve ay\u00e7i\u00e7e\u011fi \u00e7ekirde\u011finin yan\u0131 s\u0131ra pirin\u00e7, soya fasulyesi, g\u00fczl\u00fck bu\u011fday, karabu\u011fday, sera kavunu (13 adet 100 m2 sera), adzuki fasulyesi, dar\u0131 ve taze fasulye yeti\u015ftiriyoruz. Toplam ekili alan 1.536 hektard\u0131r (300 Tokyo Dome b\u00fcy\u00fckl\u00fc\u011f\u00fcnde).<\/p>\n<p>\u00c7iftlikte, bir yeni \u00e7ift\u00e7i, bir \u00e7al\u0131\u015fan ve e\u015fleri ve eski \u00fcyeler de dahil olmak \u00fczere 12 mevsimlik \u00e7al\u0131\u015fan olmak \u00fczere toplam dokuz \u00fcye bulunuyor.<\/p>\n<h2>\u00dcyelerin kendilerini tan\u0131tmalar\u0131<\/h2>\n<p>Bunlar aras\u0131nda sendikal\u0131 gen\u00e7lerden ya\u015fl\u0131lara, o\u011fullardan e\u015flere, babalardan annelere ve t\u00fcm ailelere kadar herkes yer al\u0131yor.<\/p>\n<p>\u015ea\u015f\u0131rt\u0131c\u0131 bir \u015fekilde, Belediye Meclisi \u00dcyesi Kami Tomoko ve sendika \u00fcyesi e\u015fi Itagaki Michiyo, Hokusei \u00dcniversitesi&#039;nde son s\u0131n\u0131f ve \u00fc\u00e7\u00fcnc\u00fc s\u0131n\u0131f \u00f6\u011frencisiydi!<br \/>\n\ufffc<\/p>\n<figure class=\"wp-caption aligncenter\"><a href=\"https:\/\/photos.google.com\/share\/AF1QipMKIuWXhJmvce-BtC11Oeu-7dAIX1eITNMxmCiWAGzp2KPvCgR8pXMFtOWvjvVUMg\/photo\/AF1QipOM9hrmxsp7_Ph3amB8NScS7gy0PKP3FR8A7Lc?key=bmRwYjF1WmRra3Z5MU5OREtCbWgyclhHR2oxOTRn\" target=\"_blank\" rel=\"noopener noreferrer\"><img decoding=\"async\" class=\"size-medium\" src=\"https:\/\/lh3.googleusercontent.com\/pw\/ACtC-3dNJ-aR1Qiq8GmcaSItRf2Zt5xBR7NMT-AchGqQdelxLNyIYwDYKHEGYF4i05joprlnIoCRZY5o-Wg39QFF4l2IS_y-6HGqAIdFtKEy5wxLvY-RD0I8FUnJKMIEpUqRS9_-YHJ4-Y52T7ogygRoT9_t=w2000-h1332-no?authuser=0\" alt=\"Michiyo Itagaki (ortada)\" width=\"1998\" height=\"1332\" \/><\/a><figcaption class=\"wp-caption-text\">Michiyo Itagaki (ortada)<\/figcaption><\/figure>\n<h2>Tart\u0131\u015fma<\/h2>\n<p><strong><span style=\"color: #ff6600;\">\u25b6<\/span> Ka\u011f\u0131t Kongre \u00dcyesi:<\/strong>E\u011fer yeni bir \u00e7ift\u00e7iyseniz, bu kurulu\u015fta \u00e7al\u0131\u015fmaya ba\u015flamadan \u00f6nce nerede oldu\u011funuzu, ne yapt\u0131\u011f\u0131n\u0131z\u0131 ve neden burada \u00e7ift\u00e7ilik yapmaya karar verdi\u011finizi anlatabilir misiniz?<\/p>\n<p><strong>\u25b7 Yeni \u00e7ift\u00e7i, Bay Kaneda:<\/strong>Ben Takikawa \u015fehrindenim ve eskiden oto tamircili\u011finde \u00e7al\u0131\u015f\u0131yordum. Kitary\u016b Kasabas\u0131&#039;n\u0131 gen\u00e7 bir meslekta\u015f\u0131mdan duydum ve o zaman onlarla ileti\u015fime ge\u00e7tim.<\/p>\n<p><strong><span style=\"color: #ff6600;\">\u25b6<\/span> Ka\u011f\u0131t Kongre \u00dcyesi:<\/strong>Bir denemeye ne dersiniz?<\/p>\n<p><strong>\u25b7 Kaneda:<\/strong>\u00c7ok e\u011flenceli! ! !<\/p>\n<p><strong><span style=\"color: #ff6600;\">\u25b6<\/span> soru:<\/strong>Aile \u00e7ift\u00e7ili\u011fi ile \u015firket olarak birlikte \u00e7al\u0131\u015fma aras\u0131ndaki farklar\u0131 ve bu konudaki d\u00fc\u015f\u00fcncelerinizi bizimle payla\u015fabilir misiniz?<\/p>\n<p><strong>\u25b7 Yamada Ailesinin Annesi:<\/strong>Birlikte \u00e7al\u0131\u015fmak ve sohbet etmek, bunu tek ba\u015f\u0131n\u0131za ve sessizce yapmaktan \u00e7ok daha e\u011flenceli!<br \/>\nGen\u00e7lerin ve di\u011fer insanlar\u0131n \u00e7e\u015fitli \u015fekillerde yard\u0131mlar\u0131yla, kolayd\u0131r ve v\u00fccuda fazla y\u00fck bindirmez.<\/p>\n<p><strong><span style=\"color: #ff6600;\">\u25b6<\/span> soru:<\/strong>\u0130\u015fletmeyi devralan o\u011flunuz bu konuda ne d\u00fc\u015f\u00fcn\u00fcyor?<\/p>\n<p><strong>\u25b7 Yamada ailesinin o\u011flu:<\/strong>Beni gelecekte en \u00e7ok endi\u015felendiren \u015fey, b\u00fcy\u00fcklerimin arazilerinin kullan\u0131lamaz hale gelmesiydi. Bir ki\u015finin yapabilece\u011fi i\u015f miktar\u0131 s\u0131n\u0131rl\u0131d\u0131r, ancak iki ki\u015fi iki kat\u0131ndan fazla, hatta bazen \u00fc\u00e7 kat fazla i\u015f yapabilir.<\/p>\n<p>E\u011fer topra\u011f\u0131 korumak istiyorsak herkesin birlikte \u00e7al\u0131\u015fmas\u0131n\u0131n en iyisi oldu\u011funu d\u00fc\u015f\u00fcn\u00fcyorum.<\/p>\n<p><strong><span style=\"color: #ff6600;\">\u25b6<\/span> Belediye Meclisi \u00dcyesi Tamura:<\/strong>\u00c7iftlikteki genel i\u015f ve emek b\u00f6l\u00fcm\u00fc hakk\u0131nda bilgi verebilir misiniz ve bunun nas\u0131l yap\u0131ld\u0131\u011f\u0131n\u0131 anlatabilir misiniz?<\/p>\n<p><strong>\u25b7 Y\u00f6netmen Shigeyuki Nakayama:<\/strong>\u00dcr\u00fcne g\u00f6re i\u015fb\u00f6l\u00fcm\u00fc yoktur ve hemen hemen herkes b\u00fct\u00fcn \u00fcr\u00fcnlerle ilgilenmektedir. Ancak i\u015fin ba\u015f\u0131nda biri var. Kavun yeti\u015ftiricili\u011fi M\u00fcd\u00fcr Mizutani \u00f6nderli\u011finde kendi aram\u0131zda i\u015f b\u00f6l\u00fcm\u00fc yaparak yap\u0131lmaktad\u0131r.<\/p>\n<figure class=\"wp-caption aligncenter\"><a href=\"https:\/\/photos.google.com\/share\/AF1QipMKIuWXhJmvce-BtC11Oeu-7dAIX1eITNMxmCiWAGzp2KPvCgR8pXMFtOWvjvVUMg\/photo\/AF1QipOo8qUX_mTUptbHS9loemRBgdU8iMbqObVby3w?key=bmRwYjF1WmRra3Z5MU5OREtCbWgyclhHR2oxOTRn\" target=\"_blank\" rel=\"noopener noreferrer\"><img decoding=\"async\" class=\"size-medium\" src=\"https:\/\/lh3.googleusercontent.com\/pw\/ACtC-3diKek-CiAb4lNDvQgjqpueZ-Q5cUPccUaVPWX30OhUQne427mArsgL44jeVKGkDSRb-EpAEU68qqUCed7BjutRYDTdb0zECXvKT8dcCGVvPcGXvssOtbnceH0lp4tqrUaIbe3lF09_XqiVqasdaajI=w2000-h1332-no?authuser=0\" alt=\"Bay Shigeyuki Nakayama\" width=\"1998\" height=\"1332\" \/><\/a><figcaption class=\"wp-caption-text\">Bay Shigeyuki Nakayama<\/figcaption><\/figure>\n<p><strong><span style=\"color: #ff6600;\">\u25b6<\/span> soru:<\/strong>Kendi \u015firketinizi kurmaya sizi neyin y\u00f6nlendirdi\u011fini anlatabilir misiniz?<\/p>\n<h2>Honoka Temsilcisi M\u00fcd\u00fcr\u00fc Shigeki Mizutani&#039;nin (Hokuryu Kasaba Tar\u0131m Komitesi Ba\u015fkan\u0131) konu\u015fmas\u0131<\/h2>\n<figure class=\"wp-caption aligncenter\"><a href=\"https:\/\/photos.google.com\/share\/AF1QipMKIuWXhJmvce-BtC11Oeu-7dAIX1eITNMxmCiWAGzp2KPvCgR8pXMFtOWvjvVUMg\/photo\/AF1QipOzYuM9fXu5mRJVM3jnW8dlC_Z4as8lRlBjUXk?key=bmRwYjF1WmRra3Z5MU5OREtCbWgyclhHR2oxOTRn\" target=\"_blank\" rel=\"noopener noreferrer\"><img decoding=\"async\" class=\"size-medium\" src=\"https:\/\/lh3.googleusercontent.com\/pw\/ACtC-3egdF-rUBag04GtrkSZ9JSBvarfhoz7ZwUB_pBl70ebY6f34za8O0hGkZHBcTJUHVHld2tgG6tHMhG66Y55d3UBHpQDV-LEsJAa3t82tQ0HtHlInocz2MHPPN3p8Fk4_ZIAAtATLkzSfYCajITTaGag=w2000-h1332-no?authuser=0\" alt=\"Temsilci: Shigeki Mizutani\" width=\"1998\" height=\"1332\" \/><\/a><figcaption class=\"wp-caption-text\">Temsilci: Shigeki Mizutani<\/figcaption><\/figure>\n<p>\u015eirket kuruldu\u011funda, pirin\u00e7 yeti\u015ftiricili\u011fini \u00e7evreleyen \u00e7evre, n\u00fcfusun azalmas\u0131 ve \u00e7ift\u00e7ilerin ya\u015flanmas\u0131 da dahil olmak \u00fczere k\u00f6kl\u00fc de\u011fi\u015fiklikler ge\u00e7iriyordu. B\u00f6yle giderse kasabada \u00e7ift\u00e7i kalmayacak, herkes iflas edecek gibi bir kriz havas\u0131 vard\u0131.<\/p>\n<p>Dolay\u0131s\u0131yla tar\u0131m arazilerini ve tar\u0131m\u0131 toplumsal i\u015fbirli\u011fiyle koruma konusunda g\u00fc\u00e7l\u00fc bir arzuyla, durumu g\u00f6zlemleyerek bir deneme \u00e7al\u0131\u015fmas\u0131 yapt\u0131k ve kademeli olarak \u015firketle\u015fmeye do\u011fru ilerledik.<\/p>\n<p>\u0130lk ba\u015fta t\u00fcm b\u00f6lgeyle ba\u015flad\u0131k ama g\u00f6r\u00fc\u015fmeler ilerledik\u00e7e kendi bildi\u011fi gibi i\u015f yapmak isteyenler veya i\u015f fikirleri uymayanlar birer birer ayr\u0131lmaya ba\u015flad\u0131.<\/p>\n<p>Son y\u0131llarda Hokuryu Kasabas\u0131&#039;ndaki Honoka Tar\u0131m Kooperatifi&#039;nin ad\u0131 giderek daha iyi duyulmaya ba\u015fland\u0131 ve i\u015flerin nihayet yoluna girdi\u011fi g\u00f6r\u00fcl\u00fcyor.<\/p>\n<p>Honoka, Hokuryu Kasabas\u0131&#039;n\u0131n Mibaushi b\u00f6lgesindeki ekili alan\u0131n &#039;\u0131n\u0131 olu\u015fturmaktad\u0131r. Miwaushi b\u00f6lgesinin \u00e7ekirde\u011fini olu\u015fturan iki b\u00fcy\u00fck pirin\u00e7 merkezi bulunmaktad\u0131r. \u0130l\u00e7e genelindeki \u00e7ift\u00e7iler ayr\u0131ca pirin\u00e7 hasad\u0131 ve di\u011fer faaliyetleri yapmak i\u00e7in birlikte \u00e7al\u0131\u015f\u0131yorlar.<\/p>\n<p>B\u00f6lgede herhangi bir toplama tesisi bulunmuyor, bu asl\u0131nda iyi bir \u015fey olabilir. \u00dcr\u00fcnlerin tamam\u0131 tar\u0131m kooperatiflerine g\u00f6nderilerek so\u011fuk hava depolar\u0131nda muhafaza ediliyor.<\/p>\n<p>Honoka&#039;n\u0131n y\u00f6netim anlay\u0131\u015f\u0131n\u0131n farkl\u0131 bir y\u00f6n\u00fc de kad\u0131nlar\u0131n \u015firket y\u00f6netiminde yer almas\u0131d\u0131r. Mali sonu\u00e7lar (tar\u0131msal \u00fcr\u00fcnlerin sat\u0131\u015f fiyat\u0131, \u00fcretim maliyetleri vb.) t\u00fcm \u00fcyelere detayl\u0131 olarak a\u00e7\u0131klan\u0131r ve bir tablo halinde g\u00f6sterilir.<\/p>\n<p>Anneler \u00fcrettikleri \u015feylerin ne kadar pahal\u0131ya sat\u0131ld\u0131\u011f\u0131n\u0131 anl\u0131yor ve ona g\u00f6re \u00e7al\u0131\u015fmalar\u0131n\u0131 s\u00fcrd\u00fcr\u00fcyorlar. Bu durum \u00fcyelerin \u00fcretken olmalar\u0131 y\u00f6n\u00fcnde motivasyonlar\u0131n\u0131n artmas\u0131na yol a\u00e7ar.<\/p>\n<figure class=\"wp-caption aligncenter\"><a href=\"https:\/\/photos.google.com\/share\/AF1QipMKIuWXhJmvce-BtC11Oeu-7dAIX1eITNMxmCiWAGzp2KPvCgR8pXMFtOWvjvVUMg\/photo\/AF1QipNgf6rbDka0NSMcaPc1BGCRdTq7oi-jeWOiUYY?key=bmRwYjF1WmRra3Z5MU5OREtCbWgyclhHR2oxOTRn\" target=\"_blank\" rel=\"noopener noreferrer\"><img decoding=\"async\" class=\"size-medium\" src=\"https:\/\/lh3.googleusercontent.com\/pw\/ACtC-3c03wOXjLN-jdEeFFvWHwGB-f2sNs1GVLB83Q3MRQGp8OZkkJrDK2Zs0MthsrL_fwNLKFWnMI0Ae8WjdwcKnO04Q3s7Y8a8wetkJH4pVryfHysDF29yaKpfI37RMC2wmMVQge2J88Gvk3WGtJF-Qm3V=w2000-h1332-no?authuser=0\" alt=\"Bir masraf listesi\" width=\"1998\" height=\"1332\" \/><\/a><figcaption class=\"wp-caption-text\">Bir masraf listesi<\/figcaption><\/figure>\n<p>Hepimiz i\u015fimizi nas\u0131l daha verimli hale getirebilece\u011fimizi d\u00fc\u015f\u00fcn\u00fcyoruz, s\u00fcrekli yeni fikirler \u00fcretiyoruz ve \u00e7al\u0131\u015f\u0131rken e\u011fleniyoruz.<\/p>\n<p>E\u011flenceli ama bir o kadar da zor bir i\u015f ama e\u011fer zorluklar\u0131 hep birlikte payla\u015f\u0131rsak bir \u015fekilde \u00fcstesinden gelebiliriz. Hepimiz birlikte \u00e7al\u0131\u015f\u0131yoruz ve elimizden gelenin en iyisini yap\u0131yoruz!<br \/>\n\ufffc<\/p>\n<figure class=\"wp-caption aligncenter\"><a href=\"https:\/\/photos.google.com\/share\/AF1QipMKIuWXhJmvce-BtC11Oeu-7dAIX1eITNMxmCiWAGzp2KPvCgR8pXMFtOWvjvVUMg\/photo\/AF1QipMPgRXFoYAcaJoNrD0xZF4u8CWQJE_L8XIAnJ4?key=bmRwYjF1WmRra3Z5MU5OREtCbWgyclhHR2oxOTRn\" target=\"_blank\" rel=\"noopener noreferrer\"><img decoding=\"async\" class=\"size-medium\" src=\"https:\/\/lh3.googleusercontent.com\/pw\/ACtC-3cRUSzm66kdyiY52nLY3FsIJGGGK1N88frb4I7A-_zD3OC9gpSYfMnsQ8tvi_QXxV09cJktJ5gqiTn4La5Hop4qRNTk98JvwNOc47X2QlYD31N2U-IuRIszJBjSvtee6r4guv4gX4_W61w6leivmtPl=w2000-h1332-no?authuser=0\" alt=\"Sendika gezisinde ge\u00e7irdi\u011fimiz e\u011flenceli zamandan birka\u00e7 foto\u011fraf\" width=\"1998\" height=\"1332\" \/><\/a><figcaption class=\"wp-caption-text\">Sendika gezisinde ge\u00e7irdi\u011fimiz e\u011flenceli zamandan birka\u00e7 foto\u011fraf<\/figcaption><\/figure>\n<p><strong><span style=\"color: #ff6600;\">\u25b6<\/span> soru:<\/strong>Pirin\u00e7te do\u011frudan \u00f6deme s\u00fcbvansiyonlar\u0131n\u0131n kald\u0131r\u0131lmas\u0131 konusunda ne d\u00fc\u015f\u00fcn\u00fcyorsunuz?<\/p>\n<p><strong>\u25b7 Temsilci Mizutani:<\/strong>Olduk\u00e7a ac\u0131 verici ve zordur. Do\u011frudan \u00f6deme hibesini kullanarak makine ve di\u011fer kalemleri sat\u0131n alabildik. Bu hibe olmasayd\u0131 makine alamazd\u0131m ve \u00e7ift\u00e7ili\u011fi b\u0131rakmak zorunda kal\u0131rd\u0131m.<\/p>\n<p><strong><span style=\"color: #ff6600;\">\u25b6<\/span> Ka\u011f\u0131t Kongre \u00dcyesi:<\/strong>Biz de kabul ettik. \u00c7ift\u00e7iler, bu hibe deste\u011finin kendilerine nefes ald\u0131rd\u0131\u011f\u0131n\u0131 s\u00f6yledi. Yeniden canland\u0131rmak i\u00e7in kanun teklifi verdik ama bekletiliyor.<\/p>\n<p><strong>\u25b7 Temsilci Mizutani:<\/strong>O tarihten bu yana pirin\u00e7 fiyatlar\u0131 artt\u0131, ancak hala y\u00fczde 10 t\u00fcketim vergisi ve har\u00e7 al\u0131n\u0131yor olmas\u0131 nedeniyle k\u00e2r ediyor gibi g\u00f6r\u00fcnse de fiyat hemen hemen ayn\u0131 kald\u0131.<\/p>\n<p>Da\u011fl\u0131k b\u00f6lgelerde ya\u015famak ger\u00e7ekten zordur. Buralarda \u00e7ok fazla kar var, dolay\u0131s\u0131yla k\u0131\u015f\u0131n kar temizli\u011fi ve kar eritici maddelerin yay\u0131lmas\u0131 pahal\u0131ya mal oluyor.<\/p>\n<p><strong><span style=\"color: #ff6600;\">\u25b6<\/span> soru:<\/strong>Honoka\u2019da evde tohum ekimi hizmeti sunuyor musunuz?<\/p>\n<p><strong>\u25b7 Temsilci Mizutani:<\/strong>Kendili\u011finden tohumlanma diye bir \u015fey yoktur. B\u00fct\u00fcn tohumlar\u0131 ben sat\u0131n al\u0131yorum. Yenilebilir ama\u00e7la yeti\u015ftirilen tohumlar\u0131n sat\u0131\u015f\u0131nda, sat\u0131\u015fa sunulabilmesi i\u00e7in belirli ulusal standartlara uygun olmas\u0131 \u015fart\u0131 aranmaktad\u0131r.<\/p>\n<p>Bizim kendi \u00fcretti\u011fimiz tohumlarla ilgili bir sorunumuz yok ancak sat\u0131n ald\u0131\u011f\u0131m\u0131z tohumlar\u0131n Monsanto gibi yabanc\u0131 \u015firketlerin tohum sat\u0131\u015f pazar\u0131na girmesine, \u00e7e\u015fitleri geli\u015ftirmesine ve tohumlar\u0131 tekeline almas\u0131na yol a\u00e7abilece\u011finden endi\u015feleniyoruz.<br \/>\n\ufffc<\/p>\n<figure class=\"wp-caption aligncenter\"><a href=\"https:\/\/photos.google.com\/share\/AF1QipMKIuWXhJmvce-BtC11Oeu-7dAIX1eITNMxmCiWAGzp2KPvCgR8pXMFtOWvjvVUMg\/photo\/AF1QipPIEyZ-3ywTKmCesRZdQpWyiGF84T9bFdgSaX4?key=bmRwYjF1WmRra3Z5MU5OREtCbWgyclhHR2oxOTRn\" target=\"_blank\" rel=\"noopener noreferrer\"><img decoding=\"async\" class=\"size-medium\" src=\"https:\/\/lh3.googleusercontent.com\/pw\/ACtC-3dsHZ40kogku3KiX1LGzHKXZbr1oL61SKtNBaAcq_xjit47lIsiOJjaSo5iUkaNUQNYYgs71Rqy0RGlaWCkTMcT9m-ied81LLOb-jPeLrSAHzVZdpB3gT6Ke6RgZ2Mpute2n_eyCTbG6rDo-r6rWOJn=w2000-h1332-no?authuser=0\" alt=\"Temsilci Mizutani tutkuyla konu\u015fuyor\" width=\"1998\" height=\"1332\" \/><\/a><figcaption class=\"wp-caption-text\">Temsilci Mizutani tutkuyla konu\u015fuyor<\/figcaption><\/figure>\n<p>Ay\u00e7i\u00e7e\u011fi \u00e7ekirde\u011finin kayna\u011f\u0131n\u0131 ara\u015ft\u0131ran bir grup milletvekili.<br \/>\n\ufffc<\/p>\n<figure class=\"wp-caption aligncenter\"><a href=\"https:\/\/photos.google.com\/share\/AF1QipMKIuWXhJmvce-BtC11Oeu-7dAIX1eITNMxmCiWAGzp2KPvCgR8pXMFtOWvjvVUMg\/photo\/AF1QipMvtaB0cdCROC8o37iXwDqLqMHec-Ctt6P58I0?key=bmRwYjF1WmRra3Z5MU5OREtCbWgyclhHR2oxOTRn\" target=\"_blank\" rel=\"noopener noreferrer\"><img decoding=\"async\" class=\"size-medium\" src=\"https:\/\/lh3.googleusercontent.com\/pw\/ACtC-3cyQBF3GWYiEf8P5Uzwr8iElVF6g74Xzr6ObHO0X54jw0bHSYNg_pXgTo-tJ-EM23TmLk1zrmvB1lVHqTp1eV6NBxULEF0U2WYPPg1sohEK155ujhQItHJZFwfx9kw6rjpkEKPDWcdHlhQrjoWu0IGj=w2000-h1332-no?authuser=0\" alt=\"Sat\u0131\u015f firmas\u0131 arayanlar i\u00e7in\" width=\"1998\" height=\"1332\" \/><\/a><figcaption class=\"wp-caption-text\">Sat\u0131\u015f firmas\u0131 arayanlar i\u00e7in<\/figcaption><\/figure>\n<h2>Hokkaido Tohum Derne\u011fi Ba\u015fkan\u0131 Tokuji Hisada<\/h2>\n<p>\ufffc<\/p>\n<figure class=\"wp-caption aligncenter\"><a href=\"https:\/\/photos.google.com\/share\/AF1QipMKIuWXhJmvce-BtC11Oeu-7dAIX1eITNMxmCiWAGzp2KPvCgR8pXMFtOWvjvVUMg\/photo\/AF1QipOaESd0Zxd76nsKJQk5o_Oa4XyQ9Ldb97hPB3I?key=bmRwYjF1WmRra3Z5MU5OREtCbWgyclhHR2oxOTRn\" target=\"_blank\" rel=\"noopener noreferrer\"><img decoding=\"async\" class=\"size-medium\" src=\"https:\/\/lh3.googleusercontent.com\/pw\/ACtC-3f5kJ-e8YVXMvVxUm85QTyddIdeQEKO9ZEXUTxgQqXnZcKdjzYwK-3i8nsnsXjGJIGrvKDdZRYFeaDs6MESf8htMGJI6N8T7hgGG5QOj6CStXMzup-7QGJg27Qnr7cXzMhCVM9Z0_KXaKF_EU7oarmK=w2000-h1332-no?authuser=0\" alt=\"Bay Hisada, yabanc\u0131 ba\u011flant\u0131l\u0131 \u015firket gruplar\u0131ndan bahsediyor\" width=\"1998\" height=\"1332\" \/><\/a><figcaption class=\"wp-caption-text\">Bay Hisada, yabanc\u0131 ba\u011flant\u0131l\u0131 \u015firket gruplar\u0131ndan bahsediyor<\/figcaption><\/figure>\n<p>Yabanc\u0131 tohum \u015firketleri grubu, tamam\u0131 genetik m\u00fchendisli\u011fi teknolojisine sahip tohum ve pestisit \u015firketlerinden olu\u015fuyor. Genetik manip\u00fclasyonun ne zaman ger\u00e7ekle\u015fece\u011fini bilmedi\u011fimiz bir durumday\u0131z. En b\u00fcy\u00fck kayg\u0131m\u0131z bu.<\/p>\n<p>T\u00fcketiciler bu t\u00fcr firmalar\u0131n yerli \u00fcretim ve g\u00fcvenilir olmas\u0131n\u0131 istiyor. San\u0131r\u0131m tek yol Japonya&#039;da yeti\u015ftirilebilen g\u00fcvenli tohumlar satan bir \u015firket bulmak.<\/p>\n<p>Kyoto sebzeleri Kyoto&#039;ya \u00f6zg\u00fc, uzun y\u0131llard\u0131r yeti\u015fen t\u00fcrlerdir. Onlar\u0131 b\u00fcy\u00fck bir \u00f6zenle b\u00fcy\u00fct\u00fcyoruz. Kyoto sebzeleri, \u0130l Tar\u0131m Deneme \u0130stasyonu taraf\u0131ndan desteklenen s\u0131k\u0131 standartlara tabidir. Burada yeti\u015ftirilen tohumlar \u00e7ift\u00e7ilere da\u011f\u0131t\u0131l\u0131yor ve onlar da bunlar\u0131 \u00f6zenle yeti\u015ftiriyorlar.<\/p>\n<p>Hokkaido&#039;da pirin\u00e7 gibi \u00f6nemli \u00fcr\u00fcnler dikkatle yeti\u015ftiriliyor. Geri kalanlar ise maalesef \u00e7ok az. Ay\u00e7i\u00e7e\u011fi ve sebzeler neredeyse tamamen terk edilirken, yabanc\u0131 tohumlar\u0131n \u00f6n plana \u00e7\u0131kt\u0131\u011f\u0131 g\u00f6r\u00fcl\u00fcyor.<br \/>\n\ufffc<\/p>\n<figure class=\"wp-caption aligncenter\"><a href=\"https:\/\/photos.google.com\/share\/AF1QipMKIuWXhJmvce-BtC11Oeu-7dAIX1eITNMxmCiWAGzp2KPvCgR8pXMFtOWvjvVUMg\/photo\/AF1QipO5vNOgN1OSmFZCWFDVUS8PnYJCNboCms1X4RU?key=bmRwYjF1WmRra3Z5MU5OREtCbWgyclhHR2oxOTRn\" target=\"_blank\" rel=\"noopener noreferrer\"><img decoding=\"async\" class=\"size-medium\" src=\"https:\/\/lh3.googleusercontent.com\/pw\/ACtC-3fzQyWg2R7zkZP0-RmkdKRZutVFY1iTX5gMeW1bMu4NPS1zDsnYrubOHTG-jTA8XikGqv-qWiCDaUjrN6riHe-TxZt09cRETC0SiPcGZnjL8wGSJiy4LJZGAwVAOEQZJnV_hC8oK-GiKct7SgnFp-T_=w2000-h1332-no?authuser=0\" alt=\"G\u00fcvenli, yerli tohum aray\u0131\u015f\u0131nday\u0131z. . .\" width=\"1998\" height=\"1332\" \/><\/a><figcaption class=\"wp-caption-text\">G\u00fcvenli, yerli tohum aray\u0131\u015f\u0131nday\u0131z. . .<\/figcaption><\/figure>\n<h2>Gen\u00e7lerin iste\u011fi: Tomoki Kaneda<\/h2>\n<p>E\u015fim de Sapporo&#039;dan geldi, \u00e7ift\u00e7ili\u011fe ba\u015flad\u0131 ve bir \u00e7ocu\u011fumuz oldu. Tekrar \u00e7ocuk sahibi olmak isteseniz bile, bir y\u0131ldan fazla ara vermeniz durumunda kredi tutar\u0131n\u0131 tamam\u0131n\u0131 geri \u00f6demeniz gerekecektir. Bu alandaki gereksinimler zor bir konu.<\/p>\n<figure class=\"wp-caption aligncenter\"><a href=\"https:\/\/photos.google.com\/share\/AF1QipMKIuWXhJmvce-BtC11Oeu-7dAIX1eITNMxmCiWAGzp2KPvCgR8pXMFtOWvjvVUMg\/photo\/AF1QipPXkd2qQbZDLOualZPIj5NSxoxJFisOnUVPSCU?key=bmRwYjF1WmRra3Z5MU5OREtCbWgyclhHR2oxOTRn\" target=\"_blank\" rel=\"noopener noreferrer\"><img decoding=\"async\" class=\"size-medium\" src=\"https:\/\/lh3.googleusercontent.com\/pw\/ACtC-3cTfARw6CenNlBIr3TnHCpVxgDh2ngm9Ry90PyeWWh-ssGyaLXTO0nc4cXeaXm00cXz-saEC0LreqxX4AsasTWeuBehkpKZKiQv9OiNkTC87vWoOY59UrXMY3uHc04NMqbuV0vGN6HgUzVL8Z7Js0Hr=w2000-h1332-no?authuser=0\" alt=\"Gen\u00e7lerin talepleri\" width=\"1998\" height=\"1332\" \/><\/a><figcaption class=\"wp-caption-text\">Gen\u00e7lerin talepleri<\/figcaption><\/figure>\n<h2>ka\u011f\u0131t kanun koyucu<\/h2>\n<p>Gen\u00e7lik Tar\u0131m Giri\u015fim Deste\u011fi&#039;nde ise ba\u015flang\u0131\u00e7ta yararlananlar\u0131n say\u0131s\u0131 artm\u0131\u015f, ancak b\u00fct\u00e7ede art\u0131\u015f ya\u015fanmamas\u0131 i\u00e7in engellerin kald\u0131r\u0131ld\u0131\u011f\u0131 ve yararlananlar\u0131n say\u0131s\u0131n\u0131n azalt\u0131ld\u0131\u011f\u0131 bir sisteme ge\u00e7ilmi\u015ftir. B\u00f6ylece her tarafta sorunlar \u00e7\u0131kmaya ba\u015flad\u0131.<\/p>\n<p>\u0130nsanlar aile kursalar, \u00e7ocuk sahibi olsalar ve olumlu y\u00f6nde ilerlemek isteseler bile sistem bunu devam ettiremeyecek \u015fekilde kurgulanm\u0131\u015f ve insanlar\u0131n \u00e7ift\u00e7ili\u011fe ba\u015flamas\u0131n\u0131 desteklemenin amac\u0131 de\u011fi\u015fmi\u015ftir. Merdivenlerin kurulup daha sonra kald\u0131r\u0131ld\u0131\u011f\u0131 durumlar\u0131 g\u00f6r\u00fcyoruz.<\/p>\n<figure class=\"wp-caption aligncenter\"><a href=\"\/tr\/os.google.com\/share\/AF1QipMKIuWXhJmvce-BtC11Oeu-7dAIX1eITNMxmCiWAGzp2KPvCgR8pXMFtOWvjvVUMg\/photo\/AF1QipOPMbLDmHngnHFCCUjCY2awetqNMwrJX9AEcSI\/?key=bmRwYjF1WmRra3Z5MU5OREtCbWgyclhHR2oxOTRn\" target=\"_blank\" rel=\"noopener noreferrer\"><img decoding=\"async\" class=\"size-medium\" src=\"https:\/\/lh3.googleusercontent.com\/pw\/ACtC-3d4sOpQyfR6iHGHNOk1ykMJGkL9vTUXUbBI4I9Iog4_6JDBFMOSuQSgDnSc-hODZ0t5vkU7kHXYRtVAn9dCyZqhL1nmB93Jws6jIQLVhVTUwxuyErGzFt_IprxvCr1HLxUbLZqOpSnCaTDMX1iTmBfO=w2000-h1332-no?authuser=0\" alt=\"B\u00fct\u00fcn konular\u0131 ciddiye al\u0131n. . .\" width=\"1998\" height=\"1332\" \/><\/a><figcaption class=\"wp-caption-text\">B\u00fct\u00fcn konular\u0131 ciddiye al\u0131n. . .<\/figcaption><\/figure>\n<h2>Belediye Meclisi \u00dcyesi Tamura<\/h2>\n<p>Eyl\u00fcl ay\u0131 sonunda her bakanl\u0131k b\u00fct\u00e7e teklifini Meclis&#039;e sunacak, ben de az \u00f6nce s\u00f6ylediklerimi aktaraca\u011f\u0131m.<\/p>\n<figure class=\"wp-caption aligncenter\"><a href=\"https:\/\/photos.google.com\/share\/AF1QipMKIuWXhJmvce-BtC11Oeu-7dAIX1eITNMxmCiWAGzp2KPvCgR8pXMFtOWvjvVUMg\/photo\/AF1QipPBpo3TtliToyVFBr99V4Bcege5iOTxalL7fn0?key=bmRwYjF1WmRra3Z5MU5OREtCbWgyclhHR2oxOTRn\" target=\"_blank\" rel=\"noopener noreferrer\"><img decoding=\"async\" class=\"size-medium\" src=\"https:\/\/lh3.googleusercontent.com\/pw\/ACtC-3dNK2-3trAnojyV_OHCzgpIGE_6AruX3tDMGMf3AMG8nw_-sp0ae9XpjKipdd-NUyNEWdM-VmRU1KHgwCh9aTk4mJh7e-JupSWPsHgZAJe1yVfrUr_5kxYXEvJZ5HXL9jxCbZ-MYNGa8xmF2K8l7LQg=w2000-h1332-no?authuser=0\" alt=\"Herkese mesaj (malzemelerden)\" width=\"1998\" height=\"1332\" \/><\/a><figcaption class=\"wp-caption-text\">Herkese mesaj (malzemelerden)<\/figcaption><\/figure>\n<h2>Tar\u0131m hayati bir sekt\u00f6rd\u00fcr! (Honoka taraf\u0131ndan haz\u0131rlanan materyallerden al\u0131nt\u0131lanm\u0131\u015ft\u0131r)<\/h2>\n<p><strong>&quot;Honoka&quot;dan gen\u00e7lere ve herkese bir mesaj<\/strong><\/p>\n<p>Pirin\u00e7 tarlalar\u0131 ve \u00e7iftlikleri g\u0131da \u00fcretim fabrikalar\u0131 de\u011fildir.<br \/>\nTar\u0131m, bir montaj hatt\u0131nda araba veya televizyon \u00fcretmeye benzemez.<br \/>\nB\u00fcy\u00fckbabalar\u0131n, b\u00fcy\u00fckannelerin, e\u015flerin ve \u00e7ocuklar\u0131n bilgeliklerini, bedenlerini ve zihinlerini kullanarak yiyecek yeti\u015ftirdikleri, g\u00fcne\u015fin, suyun ve topra\u011f\u0131n nimetlerinden yararland\u0131klar\u0131, bazen de do\u011fayla m\u00fccadele ettikleri hayati bir sekt\u00f6rd\u00fcr.<br \/>\n\u00c7ift\u00e7iler toplumu yarat\u0131r. K\u0131rsal\u0131 korumak. Orada bulunan insanlar\u0131 besliyoruz.<br \/>\nHonoka, tar\u0131m yoluyla kendimizi, \u00e7evremizdeki insanlar\u0131, bu do\u011fay\u0131 ve Hokuryu&#039;yu koruma ve besleme amac\u0131yla kuruldu.<\/p>\n<p>&quot;Tar\u0131m\u0131n bir ya\u015fam end\u00fcstrisi oldu\u011fu&quot; \u015feklindeki harika mesaj i\u00e7in ger\u00e7ekten minnettar\u0131m. Te\u015fekk\u00fcrler! ! !<\/p>\n<figure class=\"wp-caption aligncenter\"><a href=\"https:\/\/photos.google.com\/share\/AF1QipMKIuWXhJmvce-BtC11Oeu-7dAIX1eITNMxmCiWAGzp2KPvCgR8pXMFtOWvjvVUMg\/photo\/AF1QipOzxyZQYSC3K3PNED8GPzTOH8s-YwYll_dkKDo?key=bmRwYjF1WmRra3Z5MU5OREtCbWgyclhHR2oxOTRn\" target=\"_blank\" rel=\"noopener noreferrer\"><img decoding=\"async\" class=\"size-medium\" src=\"https:\/\/lh3.googleusercontent.com\/pw\/ACtC-3f3N8V9miG8ITPRsnVYMr8NFG2ffKzQObkUz5AsDmoZJ7eAkHQNT6o1b_peNJiClSkrz_n05Kv2py4nm3EIOKnl0KbuApAW6TsM6eJ2bIbN_k7C3GjRJ9g7oQRcgSWZjBM48DDNGeyB1zeNelkuI2zJ=w2000-h1332-no?authuser=0\" alt=\"Bibaushi Tak\u0131m\u0131 i\u015f k\u0131yafetleri\" width=\"1998\" height=\"1332\" \/><\/a><figcaption class=\"wp-caption-text\">Bibaushi Tak\u0131m\u0131 i\u015f k\u0131yafetleri<\/figcaption><\/figure>\n<h3>&quot;Goro Kuroita&#039;n\u0131n Vasiyeti&quot; Honoka&#039;n\u0131n ofisinin duvar\u0131nda belirgin bir \u015fekilde sergileniyor.<\/h3>\n<p>Burada do\u011fadan ba\u015fka bir \u015fey yok. Do\u011fa bize her y\u0131l yeterli miktarda yiyecek sa\u011flar.<br \/>\nDo\u011fadan al\u0131n. Ve al\u00e7akg\u00f6n\u00fcll\u00fcl\u00fckle ve m\u00fctevaz\u0131 bir \u015fekilde ya\u015fa<\/p>\n<p>(TV dizisi &quot;Kuzey \u00dclkesinden&quot; - Kuroita Goro&#039;nun Will&#039;inden)<\/p>\n<figure class=\"wp-caption aligncenter\"><a href=\"https:\/\/photos.google.com\/share\/AF1QipMKIuWXhJmvce-BtC11Oeu-7dAIX1eITNMxmCiWAGzp2KPvCgR8pXMFtOWvjvVUMg\/photo\/AF1QipMZ78LgPaG-TcvCQaDjwhX-oKdSfrG47oDNQpg?key=bmRwYjF1WmRra3Z5MU5OREtCbWgyclhHR2oxOTRn\" target=\"_blank\" rel=\"noopener noreferrer\"><img decoding=\"async\" class=\"size-medium\" src=\"https:\/\/lh3.googleusercontent.com\/pw\/ACtC-3dzYAy7QrX4lAg6ntkYkm84yYAmRqvOPeBNPOD-sAnfwjLkh9-z2nsyj1dnLBl7WX9e0tanXgN8MO-ZI934SLIzRVOvhD3iCQsS1j9TJ6oQAw2ri2uJH5By4D-bv6mOeTXfibOj5mKQ9F9AbEhrG-D0=w2000-h1332-no?authuser=0\" alt=\"Ofis duvar\u0131na as\u0131lan s\u00f6zler (TV dizisi &quot;From the North Country&quot;den - Kuroita Goro&#039;s Will)\" width=\"1998\" height=\"1332\" \/><\/a><figcaption class=\"wp-caption-text\">Ofis duvar\u0131na as\u0131lan s\u00f6zler (TV dizisi &quot;From the North Country&quot;den - Kuroita Goro&#039;s Will)<\/figcaption><\/figure>\n<p>Daha sonra Sunflower Park Kitaryu Onsen&#039;e ge\u00e7tik.<\/p>\n<p><a href=\"https:\/\/portal.hokuryu.info\/tr\/4845\/\">Devam\u0131 bir sonraki yaz\u0131da. . .<\/a><\/p>\n<h2>Di\u011fer foto\u011fraflar<\/h2>\n<p>\u30fb<a href=\"https:\/\/photos.app.goo.gl\/uyTkUq2p3xmqzZsy5\" target=\"_blank\" rel=\"noopener noreferrer\">Diyet heyetinin Hokuryu Kasabas\u0131&#039;ndaki (Hokkaido) yerinde toplant\u0131s\u0131n\u0131n foto\u011fraflar\u0131 (182 foto\u011fraf) burada mevcuttur &gt;&gt;<\/a><\/p>\n<h3>\u0130lgili makaleler<\/h3>\n<p>\u30fb<a href=\"https:\/\/portal.hokuryu.info\/tr\/onokka\/\" target=\"_blank\" rel=\"noopener noreferrer\">Honoka Tar\u0131m Kooperatifi Derne\u011fi Tan\u0131t\u0131m Sayfas\u0131<\/a><\/p>\n<p>\u30fb<a href=\"https:\/\/portal.hokuryu.info\/tr\/3277\/\">Tar\u0131m, Ormanc\u0131l\u0131k ve Bal\u0131k\u00e7\u0131l\u0131k eski Bakan\u0131 Masahiko Yamada ve film y\u00f6netmeni Masaki Haramura, &quot;Hokuryu Kasabas\u0131&quot;n\u0131 ziyaret etti ve &quot;Tohum ve G\u0131da G\u00fcvenli\u011fi&quot; konulu belgesel film prod\u00fcksiyonunu ger\u00e7ekle\u015ftirdi ve Kurosengoku \u0130\u015f Kooperatifi Derne\u011fi ile mekan r\u00f6portaj\u0131 yapt\u0131<\/a>(25 Haziran 2020)<\/p>\n<p>\u30fb<a href=\"https:\/\/portal.hokuryu.info\/tr\/4836\/\" target=\"_blank\" rel=\"noopener noreferrer\">Diyet \u00dcyeleri Grubu: Hokuryu Kasabas\u0131nda (Hokkaido) Tohum ve Fidan Yasas\u0131nda De\u011fi\u015fiklik Yap\u0131lmas\u0131na Dair Yerel Toplant\u0131 [No.1] Kurosengoku \u0130\u015f Kooperatifi Derne\u011fi<\/a><br \/>\n\u30fb<a href=\"https:\/\/portal.hokuryu.info\/tr\/4841\/\" target=\"_blank\" rel=\"noopener noreferrer\">Hokuryu Kasabas\u0131nda (Hokkaido) Tohum ve Fidan Yasas\u0131n\u0131n [No.2] Revizyonu Konulu Diyet \u00dcyeleri Grubu Toplant\u0131s\u0131 Honoka Tar\u0131m Kooperatifi<\/a><br \/>\n\u30fb<a href=\"https:\/\/portal.hokuryu.info\/tr\/4845\/\" target=\"_blank\" rel=\"noopener noreferrer\">Hokuryu Kasabas\u0131&#039;ndaki (Hokkaido) Diyet \u00fcyeleriyle kendi kendine ormanc\u0131l\u0131k konusunda bir toplant\u0131 [No.3] Tatsuya Kamii ile bir toplant\u0131 ve fikir al\u0131\u015fveri\u015fi<\/a><\/p>\n<p>\u25c7 \u00c7ekim ve kurgu: Noboru Terauchi R\u00f6portaj ve metin: Ikuko Terauchi<\/p>","protected":false},"excerpt":{"rendered":"<p>\uff12\uff10\uff12\uff10\u5e74\uff19\u6708\uff12\uff15\u65e5\uff08\u91d1\uff09 \u663c\u98df\u5f8c\u306f\u3001\u300c\u8fb2\u4e8b\u7d44\u5408\u6cd5\u4eba\u307b\u306e\u304b\u300d\u4e8b\u52d9\u6240\u306b\u3066\u61c7\u8ac7\u4f1a\u3002\u8fb2\u4e8b\u7d44\u5408\u6cd5\u4eba\u307b\u306e\u304b\u306e\u7d44\u5408\u54e1\u304c\u96c6\u5408\u3057\u3001\u6d3b\u767a\u306a\u30c7\u30a3\u30b9\u30ab\u30c3\u30b7\u30e7\u30f3\u304c\u884c\u308f\u308c\u307e\u3057\u305f\u3002\ufffc \u7d19\u667a\u5b50\u53c2\u8b70\u9662\u8b70\u54e1\u306e\u3054\u6328\u62f6 \u53c2\u8b70\u9662\u8b70\u54e1\u306e\u7d19\u667a\u5b50 [&hellip;]<\/p>\n","protected":false},"author":1,"featured_media":4855,"comment_status":"open","ping_status":"open","sticky":false,"template":"","format":"standard","meta":{"footnotes":""},"categories":[4],"tags":[],"class_list":["post-4841","post","type-post","status-publish","format-standard","has-post-thumbnail","hentry","category-cover-story"],"_links":{"self":[{"href":"https:\/\/portal.hokuryu.info\/tr\/wp-json\/wp\/v2\/posts\/4841","targetHints":{"allow":["GET"]}}],"collection":[{"href":"https:\/\/portal.hokuryu.info\/tr\/wp-json\/wp\/v2\/posts"}],"about":[{"href":"https:\/\/portal.hokuryu.info\/tr\/wp-json\/wp\/v2\/types\/post"}],"author":[{"embeddable":true,"href":"https:\/\/portal.hokuryu.info\/tr\/wp-json\/wp\/v2\/users\/1"}],"replies":[{"embeddable":true,"href":"https:\/\/portal.hokuryu.info\/tr\/wp-json\/wp\/v2\/comments?post=4841"}],"version-history":[{"count":0,"href":"https:\/\/portal.hokuryu.info\/tr\/wp-json\/wp\/v2\/posts\/4841\/revisions"}],"wp:featuredmedia":[{"embeddable":true,"href":"https:\/\/portal.hokuryu.info\/tr\/wp-json\/wp\/v2\/media\/4855"}],"wp:attachment":[{"href":"https:\/\/portal.hokuryu.info\/tr\/wp-json\/wp\/v2\/media?parent=4841"}],"wp:term":[{"taxonomy":"category","embeddable":true,"href":"https:\/\/portal.hokuryu.info\/tr\/wp-json\/wp\/v2\/categories?post=4841"},{"taxonomy":"post_tag","embeddable":true,"href":"https:\/\/portal.hokuryu.info\/tr\/wp-json\/wp\/v2\/tags?post=4841"}],"curies":[{"name":"wp","href":"https:\/\/api.w.org\/{rel}","templated":true}]}}