{"id":4836,"date":"2020-09-25T06:40:51","date_gmt":"2020-09-24T21:40:51","guid":{"rendered":"https:\/\/portal.hokuryu.info\/?p=4836"},"modified":"2020-09-25T08:16:01","modified_gmt":"2020-09-24T23:16:01","slug":"4836-mesaj","status":"publish","type":"post","link":"https:\/\/portal.hokuryu.info\/tr\/4836\/","title":{"rendered":"Diyet \u00dcyeleri Grubu: Hokuryu Kasabas\u0131nda (Hokkaido) Tohum ve Fidan Yasas\u0131nda De\u011fi\u015fiklik Yap\u0131lmas\u0131na Dair Yerel Toplant\u0131 [No.1] Kurosengoku \u0130\u015f Kooperatifi Derne\u011fi"},"content":{"rendered":"<p>Cuma, 25 Eyl\u00fcl 2020<\/p>\n<p>Per\u015fembe g\u00fcn\u00fc, 10 Eyl\u00fcl&#039;de Hokkaido Tohum Derne\u011fi&#039;nin (Ba\u015fkan: Hisada Tokuji) kurulmas\u0131yla birlikte, Tohum ve Fidan Yasas\u0131&#039;n\u0131 \u00e7evreleyen konular\u0131 g\u00f6r\u00fc\u015fmek \u00fczere Japon Kom\u00fcnist Partisi parlamentosu \u00fcyeleriyle Kitary\u016b Kasabas\u0131&#039;nda yerel bir tart\u0131\u015fma toplant\u0131s\u0131 d\u00fczenlendi.<\/p>\n<h2>Diyet \u00dcyelerinin Genel G\u00f6r\u00fcn\u00fcm\u00fc<\/h2>\n<h3>Milli Meclis \u00dcyeleri<\/h3>\n<p>Diyet grubunun \u00fcyeleri \u015funlard\u0131r: Meclis \u00dcyesi Kami Tomoko (Kom\u00fcnist Parti), Temsilciler Meclisi \u00dcyesi Tamura Takaaki (Kom\u00fcnist Parti), Tai Kyosei (Kami Sekreteri), Kawabe Takashi (Tamura Sekreteri), Yamaguchi Kaori (Tamura Sekreteri), eski Temsilciler Meclisi \u00dcyesi Hatayama Kazuya (Kom\u00fcnist Parti), Japon Kom\u00fcnist Partisi Diyet Grubu Hokkaido Ofisi Genel Sekreteri Oda Ichiro, Hokkaido Tohum Derne\u011fi Ba\u015fkan\u0131 Hisada Tokuji (Hokkaido \u00dcniversitesi&#039;nde Misafir Profes\u00f6r) ve Okuno Teppei (NHK&#039;nin Sapporo \u00dcss\u00fc Yay\u0131n \u0130stasyonu M\u00fcd\u00fcr\u00fc).<br \/>\n\ufffc<\/p>\n<figure class=\"wp-caption aligncenter\"><a href=\"https:\/\/photos.google.com\/share\/AF1QipMKIuWXhJmvce-BtC11Oeu-7dAIX1eITNMxmCiWAGzp2KPvCgR8pXMFtOWvjvVUMg\/photo\/AF1QipO4MXfQPwVN1HDaumWNgWPLjCGqK4ba_CS5KxY?key=bmRwYjF1WmRra3Z5MU5OREtCbWgyclhHR2oxOTRn\" target=\"_blank\" rel=\"noopener noreferrer\"><img decoding=\"async\" class=\"size-medium\" src=\"https:\/\/lh3.googleusercontent.com\/pw\/ACtC-3cU8WA2bpbGiqb6c1OsGoS3eJDpjreAdBCVkSw87l7ai7U5wN7ucfTuhrGe3M_JzXfvQHpSr6hGGFQIV1Ljf9Rh0zkPvkiQ8zjHmU02DZQO1L4OSbObj3I2UKJASIEZzfzyfbMG8mcjfRCz-xp_SN61=w2000-h1332-no?authuser=0\" alt=\"De\u011ferli kat\u0131l\u0131mc\u0131lar,\" width=\"1998\" height=\"1332\" \/><\/a><figcaption class=\"wp-caption-text\">De\u011ferli kat\u0131l\u0131mc\u0131lar,<\/figcaption><\/figure>\n<h3>takvim<\/h3>\n<p>Hokuryu Kasabas\u0131nda heyet, Kurosengoku \u0130\u015fletme Kooperatifi (Ba\u015fkan Takada Yukio), Honoka Tar\u0131m Kooperatifi \u00fcyeleri (Temsilci Mizutani Shigeki) ve Hokuryu Kasabas\u0131nda kendi kendini kesen ormanc\u0131l\u0131k yapan Kamii Tatsuya ile bir tart\u0131\u015fma ve saha turu d\u00fczenledi.<\/p>\n<p>09:00-12:00 JA Kitasorachi Hokuryu \u015eube Ofisi Konferans Odas\u0131nda Tohum Yasas\u0131 ve Kurosengoku soya fasulyesinin tarla denetimi hakk\u0131nda tart\u0131\u015fma<br \/>\n13:30-15:20 Honoka Tar\u0131m Kooperatifi Ofisinde \u00fcyelerle toplant\u0131<br \/>\n15:30-17:00 Tatsuya Uei ile Hokuryu Onsen Ay\u00e7i\u00e7e\u011fi Park\u0131&#039;ndaki Restoran Fusha&#039;da kendi kendine ormanc\u0131l\u0131k hakk\u0131nda tart\u0131\u015fma<\/p>\n<h2>Kurosengoku \u0130\u015f Kooperatifleri Birli\u011fi (Ba\u015fkan Yukio Takada) ile sohbet (JA Kitasorachi Hokuryu \u015eubesinde)<\/h2>\n<figure class=\"wp-caption aligncenter\"><a href=\"https:\/\/photos.google.com\/share\/AF1QipMuuKKcDpR3W9syn2W0ijIp0oG9a417fLKogbSTbh5iTPAVhDnWzloTYLSC2vJVQg\/photo\/AF1QipPrDvu28lP5_BaiV6peFwQSnjnZ1QVsylzxTYg?key=bzRuTG1mTFFWcU5Na01Dakw3QmpEekdnVVpFdUhn\" target=\"_blank\" rel=\"noopener noreferrer\"><img decoding=\"async\" class=\"size-medium\" src=\"https:\/\/lh3.googleusercontent.com\/pw\/ACtC-3e-a6ff_ywxkctF58hYfHOLLMbQv4lZC3sBBKlgvVECxPnNaMVRJTUH0qPZ9f4p8WgpIoARkq2S6skqEXczq4ttHUNCBDfuzkCZekSNc-r-yvMCOIbEGAq70Yt9sYIbSs07ocR58fFH0tpCuWgJjtj4=w1346-h897-no?authuser=0\" alt=\"JA Kitasorachi Hokuryu \u015eubesi (Hokuryu Kasabas\u0131, Hokkaido)\" width=\"1346\" height=\"897\" \/><\/a><figcaption class=\"wp-caption-text\">JA Kitasorachi Hokuryu \u015eubesi (Hokuryu Kasabas\u0131, Hokkaido)<\/figcaption><\/figure>\n<p>\ufffc<\/p>\n<figure class=\"wp-caption aligncenter\"><a href=\"https:\/\/photos.google.com\/share\/AF1QipMKIuWXhJmvce-BtC11Oeu-7dAIX1eITNMxmCiWAGzp2KPvCgR8pXMFtOWvjvVUMg\/photo\/AF1QipN_BUYEa1YTLsg1DCgUuBJoBk1YB-8YxsbnoV0?key=bmRwYjF1WmRra3Z5MU5OREtCbWgyclhHR2oxOTRn\" target=\"_blank\" rel=\"noopener noreferrer\"><img decoding=\"async\" class=\"size-medium\" src=\"https:\/\/lh3.googleusercontent.com\/pw\/ACtC-3dkUIoIYU8DtlumYCK0OlQOm4Jfc7LD_uYYtENOaLwgUsUTNSSR5KVSEEhKL5NzDLoiusH__2alg8Q-v91a8hhfzqTYpAJW9Pp0e__7DGmdz0wQbPmbvx2eVXJvIqtE0o7LGtWlg__O2oDrYeTkqE35=w2000-h1332-no?authuser=0\" alt=\" &quot;Cennet, D\u00fcnya ve Su&quot; foto\u011fraf\u0131nda soldan sa\u011fa: Goto Sanohachi (derne\u011fin 5. ba\u015fkan\u0131), Kita Masakiyo (derne\u011fin 1. ba\u015fkan\u0131) ve Kaji Hikotaro&#039;nun b\u00fcstleri\" width=\"1998\" height=\"1332\" \/><\/a><figcaption class=\"wp-caption-text\">&quot;Cennet, D\u00fcnya ve Su&quot; foto\u011fraf\u0131nda soldan sa\u011fa: Goto Sanohachi (derne\u011fin 5. ba\u015fkan\u0131), Kita Masakiyo (derne\u011fin 1. ba\u015fkan\u0131) ve Kaji Hikotaro&#039;nun b\u00fcstleri<\/figcaption><\/figure>\n<h3>JA Kitasorachi&#039;nin eski ba\u015fkan\u0131 ve temsilci direkt\u00f6r\u00fc Ryoji Kikura&#039;n\u0131n konu\u015fmas\u0131<\/h3>\n<p>Da\u011f\u0131t\u0131lan materyallerden yola \u00e7\u0131k\u0131larak Kitary\u016b Kasabas\u0131&#039;n\u0131n tar\u0131msal giri\u015fimleri hakk\u0131nda a\u00e7\u0131klama yap\u0131ld\u0131.<br \/>\n\ufffc<\/p>\n<figure class=\"wp-caption aligncenter\"><a href=\"https:\/\/photos.google.com\/share\/AF1QipMKIuWXhJmvce-BtC11Oeu-7dAIX1eITNMxmCiWAGzp2KPvCgR8pXMFtOWvjvVUMg\/photo\/AF1QipO5jrYerQRbmRhSRaRnQMg8yQOvHTgGGMBlZ9A?key=bmRwYjF1WmRra3Z5MU5OREtCbWgyclhHR2oxOTRn\" target=\"_blank\" rel=\"noopener noreferrer\"><img decoding=\"async\" class=\"size-medium\" src=\"https:\/\/lh3.googleusercontent.com\/pw\/ACtC-3fvJVWA8nwcHNfax0WKSpNrHW8zmwTgdKVKfgsfoHqpLEZil9cDsDv_hC_6pImI2cRCaKR1vHjY3bd5QST4E_N1f6WHTJRlpNYFtniyvRlXSFb-OL_hM7emlcDNcMAamACNmvnudqy2HZ7eJv-ltL98=w2000-h1332-no?authuser=0\" alt=\"Bay Ryoji Kikura Hokuryu Kasabas\u0131n\u0131n giri\u015fimlerini a\u00e7\u0131kl\u0131yor\" width=\"1998\" height=\"1332\" \/><\/a><figcaption class=\"wp-caption-text\">Bay Ryoji Kikura Hokuryu Kasabas\u0131n\u0131n giri\u015fimlerini a\u00e7\u0131kl\u0131yor<\/figcaption><\/figure>\n<figure class=\"wp-caption aligncenter\"><a href=\"https:\/\/photos.google.com\/share\/AF1QipMKIuWXhJmvce-BtC11Oeu-7dAIX1eITNMxmCiWAGzp2KPvCgR8pXMFtOWvjvVUMg\/photo\/AF1QipMtsyzy7nxLnILIAbkvjnT02bjqo5ToEF9mzLA?key=bmRwYjF1WmRra3Z5MU5OREtCbWgyclhHR2oxOTRn\" target=\"_blank\" rel=\"noopener noreferrer\"><img decoding=\"async\" class=\"size-medium\" src=\"https:\/\/lh3.googleusercontent.com\/pw\/ACtC-3dRc_4Q9ERBANgvb-mxJ_WLydJ0KmAA_g3-NV4y4k9aa_OW3DVn_F2vfCD2cCiM1qyyXDqMcJ5Zadk3iD62EzGWwBIXze8HtEMXNQeZvzZxjkcYyFGM1ZjoSInaaQTzr-Ej6lQKPM1SkU5dJ_NxKhR2=w2000-h1332-no?authuser=0\" alt=\"&quot;Yemek hayatt\u0131r&quot; - ruh\" width=\"1998\" height=\"1332\" \/><\/a><figcaption class=\"wp-caption-text\">&quot;Yemek hayatt\u0131r&quot; - ruh<\/figcaption><\/figure>\n<p>Say\u0131n Kikura&#039;n\u0131n genel moderat\u00f6rl\u00fc\u011f\u00fcnde kat\u0131l\u0131mc\u0131lar konu\u015fmalar yapt\u0131.<\/p>\n<h3>Meclis \u00dcyesi, Tomoko Kami<\/h3>\n<p>\ufffc<\/p>\n<figure class=\"wp-caption aligncenter\"><a href=\"https:\/\/photos.google.com\/share\/AF1QipMKIuWXhJmvce-BtC11Oeu-7dAIX1eITNMxmCiWAGzp2KPvCgR8pXMFtOWvjvVUMg\/photo\/AF1QipN9HiF-CoQvcm7D7htqaclQ_FwaQ2pkoTDU0no?key=bmRwYjF1WmRra3Z5MU5OREtCbWgyclhHR2oxOTRn\" target=\"_blank\" rel=\"noopener noreferrer\"><img decoding=\"async\" class=\"size-medium\" src=\"https:\/\/lh3.googleusercontent.com\/pw\/ACtC-3d8kfvSPSVeCkAsXr92QcmsuniX2L34SjgWK3AYKn1QohWhbdMQMo2fZRkI4cY_KKrLf-0mbGg3AekVxP2gHtOxlz_b_eHKJauxjie9xGU0GdiB_A1tlAWP0FCYhwaON3FrGj6M0dmNahfBCv7oARHB=w2000-h1332-no?authuser=0\" alt=\"Tomoko Kami\" width=\"1998\" height=\"1332\" \/><\/a><figcaption class=\"wp-caption-text\">Tomoko Kami<\/figcaption><\/figure>\n<h4>Hokuryu Kasabas\u0131 ile Ba\u011flant\u0131<\/h4>\n<p>Kitary\u016b Kasabas\u0131 ile ba\u011flant\u0131m\u0131z 1991 y\u0131l\u0131nda ba\u015flad\u0131 (Heisei 3). O d\u00f6nemde, Meclis \u00dcyeleri Meclisi&#039;ne orant\u0131l\u0131 temsil aday\u0131yd\u0131m ve Hokkaido&#039;nun \u00e7e\u015fitli b\u00f6lgelerini ziyaret ederken Kitary\u016b Kasabas\u0131&#039;n\u0131 da ziyaret ettim. Ryoji Kikura, Hokuryu Kent Tar\u0131m Kooperatifinin temsilci direkt\u00f6r\u00fc ve ba\u015fkan\u0131 olarak g\u00f6rev yapt\u0131.<\/p>\n<p>O d\u00f6nemde \u00e7ocuklarda atopik dermatit yayg\u0131nla\u015f\u0131yordu. &quot;\u00c7ocuklar\u0131n yedi\u011fi yiyeceklerin g\u00fcvenli olmas\u0131 gerekti\u011fi&quot; bak\u0131\u015f a\u00e7\u0131s\u0131yla, atopik dermatiti iyile\u015ftirmede etkili oldu\u011fu s\u00f6ylenen &quot;Yukihikari&quot; ad\u0131 verilen bir pirin\u00e7 \u00e7e\u015fidi \u00fczerinde \u00e7al\u0131\u015ft\u0131klar\u0131 Kitary\u016b Kasabas\u0131&#039;n\u0131 inceleme gezisine \u00e7\u0131kard\u0131k.<\/p>\n<p>Ziyaretim s\u0131ras\u0131nda beni en \u00e7ok etkileyen yorumlardan biri Bay Kikura&#039;n\u0131n &quot;L\u00fctfen Japonya&#039;da tar\u0131m\u0131n gerekli olup olmad\u0131\u011f\u0131n\u0131 a\u00e7\u0131kl\u0131\u011fa kavu\u015fturun.&quot; \u015feklindeki g\u00f6r\u00fc\u015f\u00fcyd\u00fc. \u00d6te yandan bu yorumlar, o d\u00f6nemde Japonya tar\u0131m\u0131n\u0131n mevcut durumuyla ilgili \u015f\u00fcphelere yan\u0131t olarak yap\u0131lm\u0131\u015ft\u0131 ve tar\u0131m\u0131n gereksiz oldu\u011fu izlenimi yarat\u0131yordu.<\/p>\n<p>Daha sonra Meclis&#039;teki bir soru s\u0131ras\u0131nda, &quot;Japonya&#039;n\u0131n tar\u0131ma ihtiyac\u0131 var m\u0131, yok mu?&quot; sorusunu y\u00f6nelttim. Hokkaido&#039;da ya\u015fayan bir yerel ki\u015finin g\u00f6r\u00fc\u015f\u00fc.<\/p>\n<p>&quot;Yiyece\u011fin hayat oldu\u011fu&quot; tar\u0131m\u0131n \u00f6nemi bende g\u00fc\u00e7l\u00fc bir izlenim b\u0131rakt\u0131.<\/p>\n<h4>Siyasi e\u011filimler<\/h4>\n<p>2001 y\u0131l\u0131ndan bu yana Meclis \u00dcyesi ve Tar\u0131m, Ormanc\u0131l\u0131k ve Bal\u0131k\u00e7\u0131l\u0131k Komisyonu \u00dcyesi olarak g\u00f6rev yapmaktad\u0131r. Japonya tar\u0131msal ithalat\u0131 serbestle\u015ftirme yolunda ilerledik\u00e7e, verimlili\u011fi \u00f6n planda tutan &quot;sald\u0131rgan bir tar\u0131m politikas\u0131&quot; te\u015fvik edildi ve \u00f6nemli \u015feylerin g\u00f6z ard\u0131 edildi\u011fi izlenimi olu\u015ftu.<\/p>\n<p>Parti, Ba\u015fbakan Abe&#039;nin A\u011fustos ay\u0131 sonunda istifas\u0131n\u0131 a\u00e7\u0131klamas\u0131n\u0131n ard\u0131ndan \u015fu anda yeni bir ba\u015fkan se\u00e7me s\u00fcrecinde. Bunun hem i\u00e7 hem de d\u0131\u015f politikada bir t\u0131kan\u0131kl\u0131\u011f\u0131n g\u00f6stergesi oldu\u011funu d\u00fc\u015f\u00fcn\u00fcyorum. Siyasetin gidi\u015fat\u0131n\u0131 k\u00f6kten de\u011fi\u015ftirmemiz gereken kritik bir zamanda oldu\u011fumuza inan\u0131yorum.<br \/>\n\ufffc<\/p>\n<figure class=\"wp-caption aligncenter\"><a href=\"https:\/\/photos.google.com\/share\/AF1QipMKIuWXhJmvce-BtC11Oeu-7dAIX1eITNMxmCiWAGzp2KPvCgR8pXMFtOWvjvVUMg\/photo\/AF1QipNStMievoeiCQV6SGfUTgp13ZAo5hSHiPktlOs?key=bmRwYjF1WmRra3Z5MU5OREtCbWgyclhHR2oxOTRn\" target=\"_blank\" rel=\"noopener noreferrer\"><img decoding=\"async\" class=\"size-medium\" src=\"https:\/\/lh3.googleusercontent.com\/pw\/ACtC-3dyuYZJVxFkILk_MeUuA-8R1yXZMLoHp1JvgVSsvQS_iMcsssuGWksKXWXZmokIX9UupxRF48Vy4UHOMTqMla58T56LJuIqrVh-3hiJ8i6XpLF6LWFh3G0Kr5oPXSWGvwjBKiksVv_ylhNwNDiRg7VN=w2000-h1332-no?authuser=0\" alt=\"Bay Kami, Hokuryu Kasabas\u0131&#039;na yapt\u0131\u011f\u0131 ziyaretin amac\u0131n\u0131 anlat\u0131yor\" width=\"1998\" height=\"1332\" \/><\/a><figcaption class=\"wp-caption-text\">Bay Kami, Hokuryu Kasabas\u0131&#039;na yapt\u0131\u011f\u0131 ziyaretin amac\u0131n\u0131 anlat\u0131yor<\/figcaption><\/figure>\n<h4>Hokuryu&#039;ya yap\u0131lan bu ziyaretin amac\u0131<\/h4>\n<p>\u015eu anda Meclis&#039;te bulunan Bakanlar Kurulu, Tohum ve Fide Yasas\u0131&#039;nda bir revizyon yap\u0131lmas\u0131n\u0131 onaylad\u0131, ancak \u00fclkenin her yerinden imzalar\u0131n toplanmas\u0131 ve internette \u00e7ok say\u0131da tart\u0131\u015fman\u0131n ba\u015flamas\u0131 nedeniyle Tohum ve Fide Yasas\u0131&#039;ndaki revizyon \u015fu anda daha ayr\u0131nt\u0131l\u0131 olarak g\u00f6r\u00fc\u015f\u00fcl\u00fcyor.<\/p>\n<p>Bu ziyaretin amac\u0131, bir sonraki Meclis oturumunda yap\u0131lacak m\u00fczakerelere haz\u0131rl\u0131k amac\u0131yla bu a\u015famada kapsaml\u0131 bir inceleme yapmakt\u0131r.<\/p>\n<p>\u00c7ift\u00e7ilerin &quot;evde tohum \u00fcretimi&quot; konusunda ya\u015fad\u0131klar\u0131 s\u0131k\u0131nt\u0131lar\u0131, \u00e7abalar\u0131 ve yasan\u0131n \u00e7\u0131kmas\u0131 durumunda ortaya \u00e7\u0131kacak etki ve sorunlar\u0131 detayl\u0131 bir \u015fekilde dinledikten sonra Meclis&#039;e kat\u0131lmak istiyorum.<\/p>\n<p>Ayr\u0131ca, Tohum ve Fidanl\u0131k Kanunu&#039;yla ilgili mevcut durum ve sorunlar konusunda \u00e7ift\u00e7ilerimizin tam olarak bilgi sahibi olmas\u0131 \u00f6nem ta\u015f\u0131yor ve bu bilgileri onlara do\u011fru bir \u015fekilde aktarmak istiyoruz.<\/p>\n<h3>Temsilciler Meclisi \u00dcyesi Takaaki Tamura<\/h3>\n<p>\ufffc<\/p>\n<figure class=\"wp-caption aligncenter\"><a href=\"https:\/\/photos.google.com\/share\/AF1QipMKIuWXhJmvce-BtC11Oeu-7dAIX1eITNMxmCiWAGzp2KPvCgR8pXMFtOWvjvVUMg\/photo\/AF1QipOotYxnRKdvc6Yzz6K8XUEhJpfIfajwEV_4uPc?key=bmRwYjF1WmRra3Z5MU5OREtCbWgyclhHR2oxOTRn\" target=\"_blank\" rel=\"noopener noreferrer\"><img decoding=\"async\" class=\"size-medium\" src=\"https:\/\/lh3.googleusercontent.com\/pw\/ACtC-3fEr4w9ADhhrI651RqSAshAvd6Qq7ILfsWPQREUHbTYjVnl_Fh92-Pk1cRAvoGwD3uewWPPCMqvTZjg3nFwPnvxL7oq8_IfsFBLCRpGrqQAarKI-9KxVPmfD2Et88weq-oSnycN0xBDX1RDQl2TfXv4=w2000-h1332-no?authuser=0\" alt=\"Takaaki Tamura\" width=\"1998\" height=\"1332\" \/><\/a><figcaption class=\"wp-caption-text\">Takaaki Tamura<\/figcaption><\/figure>\n<p>Temsilciler Meclisi \u00fcyesiyim, Tar\u0131m, Ormanc\u0131l\u0131k ve Bal\u0131k\u00e7\u0131l\u0131k Komitesi \u00fcyesiyim, Kyushu ve Okinawa&#039;n\u0131n orant\u0131l\u0131 temsilcisiyim ve 1961 y\u0131l\u0131nda Kitakyushu&#039;da do\u011fdum (Showa 36).<\/p>\n<p>Tohum Yasas\u0131&#039;n\u0131n yeniden canland\u0131r\u0131lmas\u0131na y\u00f6nelik bir teklif g\u00f6r\u00fc\u015f\u00fclmekte ve yerel y\u00f6netimler de tohumlar\u0131n \u00f6nemli oldu\u011fu y\u00f6n\u00fcndeki artan e\u011filimi yaratan y\u00f6netmelikler \u00e7\u0131karmaktad\u0131r.<\/p>\n<p>Tohum ve Fidan Yasas\u0131&#039;nda \u00f6nerilen de\u011fi\u015fiklikler, Japonya&#039;n\u0131n m\u00fckemmel yeti\u015ftirme bilgisini korumay\u0131 ama\u00e7layan \u00f6nemli bir yasa tasar\u0131s\u0131 olup, bunlar\u0131n ertelenmesi ve d\u00fczenli Meclis oturumunda g\u00f6r\u00fc\u015f\u00fclmemesi benzeri g\u00f6r\u00fclmemi\u015f ve nadir bir durumdur.<\/p>\n<p>COVID-19 salg\u0131n\u0131yla birlikte Japonya&#039;n\u0131n tar\u0131msal \u00f6z yeterlilik oran\u0131 d\u00fc\u015ferken, Japonya tar\u0131m\u0131n\u0131n oldu\u011fu gibi devam edip etmemesi gerekti\u011fi konusunda kamuoyunda artan bir g\u00f6r\u00fc\u015f var. Bu durumda, tar\u0131m sekt\u00f6r\u00fcndeki ki\u015filerin g\u00f6r\u00fc\u015flerini duyma ve tart\u0131\u015fma f\u0131rsat\u0131 buldu\u011fumuz i\u00e7in ger\u00e7ekten minnettar\u0131z, \u00e7\u00fcnk\u00fc bu hem de\u011ferli hem de g\u00fcncel. Te\u015fekk\u00fcrler.<\/p>\n<h3>Kurosengoku \u0130\u015f Kooperatifleri Birli\u011fi, Ba\u015fkan Yukio Takada<\/h3>\n<p>\ufffc<\/p>\n<figure class=\"wp-caption aligncenter\"><a href=\"https:\/\/photos.google.com\/share\/AF1QipMKIuWXhJmvce-BtC11Oeu-7dAIX1eITNMxmCiWAGzp2KPvCgR8pXMFtOWvjvVUMg\/photo\/AF1QipMbRkZKOr2H0fyjtLY5KmFfJZtNhpiqx3zvuBs?key=bmRwYjF1WmRra3Z5MU5OREtCbWgyclhHR2oxOTRn\" target=\"_blank\" rel=\"noopener noreferrer\"><img decoding=\"async\" class=\"size-medium\" src=\"https:\/\/lh3.googleusercontent.com\/pw\/ACtC-3c-WpxHO_Ij2CirjQJcAo1sKw0863aYgqZnoUDFg3ZgCrPQ5ot_W-yZRNTXuwwFOHVJj3xnT-G8pWps46dAAQW0-OP77S39y9wvoDdhOS6tYm_7jSTjOKgiXTJ0nMJs92Ha53zKucX25_FdC5LhNvpw=w2000-h1332-no?authuser=0\" alt=\"Yukio Takada Kurosengoku soya fasulyesi hakk\u0131nda konu\u015fuyor\" width=\"1998\" height=\"1332\" \/><\/a><figcaption class=\"wp-caption-text\">Yukio Takada Kurosengoku soya fasulyesi hakk\u0131nda konu\u015fuyor<\/figcaption><\/figure>\n<h4>Kurosengoku \u0130\u015f Kooperatifi Derne\u011fi&#039;nin Tarih\u00e7esi<\/h4>\n<p>60 ya\u015f\u0131ma kadar \u00e7ift\u00e7ilik yapt\u0131m. 2004 y\u0131l\u0131nda Hokkaido&#039;da yeniden canland\u0131r\u0131lan Kurosengoku soya fasulyesi (Heisei 16), Hokkaido&#039;ya \u00f6zg\u00fc bir soya \u00e7e\u015fididir. \u015eirketimizi 2007 y\u0131l\u0131nda (Heisei 19) Kurosengoku soya fasulyesinin g\u00fc\u00e7l\u00fc ya\u015fam\u0131n\u0131 yeniden canland\u0131rma tek arzusuyla kurduk.<\/p>\n<p>Son 15 y\u0131ld\u0131r \u00e7ok ini\u015f \u00e7\u0131k\u0131\u015flar ya\u015fansa da art\u0131k istikrarl\u0131 bir \u015fekilde \u00fcr\u00fcnlerimizi \u00fcretiyor ve sat\u0131yoruz.<\/p>\n<p>\u0130ki y\u0131l \u00f6nce, 2018 y\u0131l\u0131nda (30 Heisei), derne\u011fimiz, Bakanlar Kurulu Sekreterli\u011fi ve Tar\u0131m, Ormanc\u0131l\u0131k ve Bal\u0131k\u00e7\u0131l\u0131k Bakanl\u0131\u011f\u0131 taraf\u0131ndan desteklenen 5. K\u0131rsal Alanlar\u0131n Hazinelerini Ke\u015ffet etkinli\u011finin kazanan\u0131 olarak tan\u0131nd\u0131. \u00dclke genelinden gelen 1.015 ba\u015fvuru aras\u0131ndan 32 m\u00fckemmel \u00f6rnek se\u00e7ildi. Hokkaido b\u00f6lgesinde ise 98 ba\u015fvuru aras\u0131ndan Kurosengoku \u0130\u015fletme Kooperatifi&#039;nin de aralar\u0131nda bulundu\u011fu \u00fc\u00e7 kurulu\u015f se\u00e7ildi. Ba\u015fbakanl\u0131k&#039;ta, se\u00e7ilme belgesi takdim t\u00f6reni ve sosyal etkinlik d\u00fczenlendi.<\/p>\n<h4>Efsanevi Kurosengoku soya fasulyesi<\/h4>\n<p>Kurosengoku soya fasulyesi &quot;g\u00fcvenli, sa\u011flam, do\u011fal ve sa\u011fl\u0131kl\u0131 Kurosengoku soya fasulyesi&quot; olarak bilinir ve herkesin bilmesini isteriz ki bu soya fasulyesi g\u00fcne\u015fin g\u00fcc\u00fc ve Hokkaido topra\u011f\u0131n\u0131n g\u00fcc\u00fc sayesinde sa\u011fl\u0131kl\u0131 ya\u015famla ba\u011flant\u0131l\u0131d\u0131r.<\/p>\n<p>Tohumlara gelince, Kurosengoku iki \u00e7e\u015fittir: Yerli t\u00fcr ve yerli t\u00fcr\u00fcn geli\u015ftirilmi\u015f hali olan yeni t\u00fcr &quot;Ryukei No. 3&quot;.<\/p>\n<p>Bu yerli \u00e7e\u015fide, 1942 y\u0131l\u0131nda (Showa 17) Hokkaido Ara\u015ft\u0131rma \u00d6rg\u00fct\u00fc&#039;n\u00fcn Merkez Tar\u0131m Deney \u0130stasyonu taraf\u0131ndan Tokachi b\u00f6lgesinde hayvan yemi, \u00e7iftlik hayvan\u0131 yemi ve ye\u015fil g\u00fcbre olarak kullan\u0131lmak \u00fczere m\u00fckemmel bir tarla \u00fcr\u00fcn\u00fc \u00e7e\u015fidi olan &quot;Wasei Kurosengoku&quot; (Erken Kurosengoku) ad\u0131 verildi. Ancak \u00e7e\u015fitli ye\u015fil g\u00fcbre ve kimyasal g\u00fcbrelerin geli\u015ftirilmesiyle Kurosengoku soya fasulyesi kullan\u0131mdan kald\u0131r\u0131ld\u0131 ve 1959&#039;da (Showa 34) tescili iptal edilerek bir s\u00fcre \u00fcretime ara verildi.<\/p>\n<p>2001 y\u0131l\u0131nda Hokkaido&#039;nun Mori kasabas\u0131ndan bir tar\u0131m ara\u015ft\u0131rmac\u0131s\u0131 olan Jun Tanaka, Kurosengoku soya fasulyesinin yerel bir \u00e7e\u015fidini ke\u015ffetti ve 50 tohumdan 28&#039;i ba\u015far\u0131yla \u00e7imlendi. Bu y\u00fczden efsanevi Kurosengoku soya fasulyesi olarak an\u0131l\u0131r.<\/p>\n<p>2005 y\u0131l\u0131nda (Heisei 17), Kurosengoku soya fasulyesi ekimi Hokuryu Kasabas\u0131, Takikawa \u015eehri ve Otobe Kasabas\u0131&#039;nda ba\u015flad\u0131. 2007 y\u0131l\u0131nda (Heisei 19), Hokuryu Kasabas\u0131nda Kurosengoku \u0130\u015fletme Kooperatifi kuruldu ve bug\u00fcn de varl\u0131\u011f\u0131n\u0131 s\u00fcrd\u00fcr\u00fcyor.<\/p>\n<h4>Yeni geli\u015ftirilmi\u015f bir \u00e7e\u015fit, &quot;Ryukei No. 3&quot;<\/h4>\n<p>\u0130\u015fletme iyi bir ba\u015flang\u0131\u00e7 yapt\u0131 ve y\u0131ll\u0131k yakla\u015f\u0131k 360 tonluk bir verim elde edildi. 2009 y\u0131l\u0131nda (Heisei 21) ya\u015fanan ekonomik durgunluk d\u00f6neminde mallar\u0131n sat\u0131ld\u0131\u011f\u0131 arac\u0131 iflas etti. Ellerindeki stoklarla \u00f6deme alma ihtimalleri ortadan kalkt\u0131 ve \u00fcreticilerine \u00f6deme yapamad\u0131lar.<\/p>\n<p>Daha da k\u00f6t\u00fcs\u00fc, sonbahar\u0131n sonlar\u0131nda ya\u011fan kar, hasattan hemen \u00f6nce Kurosengoku&#039;nun tarlalar\u0131n\u0131n kar alt\u0131nda kalmas\u0131 gibi bir kabusa yol a\u00e7t\u0131.<\/p>\n<p>Kurosengoku soya fasulyesi, y\u00fcksek birikmi\u015f s\u0131cakl\u0131\u011fa (toplam g\u00fcnl\u00fck hava s\u0131cakl\u0131\u011f\u0131) sahip olan, erken ekilen ve sonbahar\u0131n sonlar\u0131nda kar ya\u011f\u0131\u015f\u0131ndan \u00f6nce hasat edilen bir soya fasulyesi t\u00fcr\u00fcd\u00fcr.<br \/>\n\ufffc<\/p>\n<figure class=\"wp-caption aligncenter\"><a href=\"https:\/\/photos.google.com\/share\/AF1QipMKIuWXhJmvce-BtC11Oeu-7dAIX1eITNMxmCiWAGzp2KPvCgR8pXMFtOWvjvVUMg\/photo\/AF1QipMhvSpvVhiD_qcWBZN6c2Mh0t-wrDaOemgADDA?key=bmRwYjF1WmRra3Z5MU5OREtCbWgyclhHR2oxOTRn\" target=\"_blank\" rel=\"noopener noreferrer\"><img decoding=\"async\" class=\"size-medium\" src=\"https:\/\/lh3.googleusercontent.com\/pw\/ACtC-3e1w_E-uDxeA_aOpPKzZ64VkxAViPKMZVbKpnB8kM_jrP4H1YolkojZ50aAlg8m033O-lLH6aDhi5MNO2bN9l8nYhsc3ZKcjeGjqKhj_ow__RobGWUaDtXSaCJsXbg0Gu4p0p3FMerfq6tm6is5L5KR=w2000-h1332-no?authuser=0\" alt=\"Herkes dikkatle dinliyor\" width=\"1998\" height=\"1332\" \/><\/a><figcaption class=\"wp-caption-text\">Herkes dikkatle dinliyor<\/figcaption><\/figure>\n<p>Bu nedenle erken olgunla\u015fan, yatmaya dayan\u0131kl\u0131, istikrarl\u0131 y\u00fcksek verimli \u00e7e\u015fidi hedefleyerek \u00e7e\u015fidi iyile\u015ftirme y\u00f6n\u00fcnde \u00e7al\u0131\u015fmalar yapmaya karar verdik.<\/p>\n<p>2009 y\u0131l\u0131nda, Takushoku \u00dcniversitesi Hokkaido Junior College&#039;da emekli profes\u00f6r ve kamu yarar\u0131na \u00e7al\u0131\u015fan bir vak\u0131f olan Hokkaido Tar\u0131m Derne\u011fi&#039;nin dan\u0131\u015fman\u0131 (eski ba\u015fkan\u0131 ve m\u00fcd\u00fcr\u00fc) olan Profes\u00f6r Takashi Sanbuichi&#039;den Kurosengoku \u00e7e\u015fidinin iyile\u015ftirilmesine yard\u0131mc\u0131 olmas\u0131n\u0131 istedik. &quot;Anlad\u0131m, dostlu\u011fumuzdan dolay\u0131 \u00e7e\u015fidi geli\u015ftirece\u011fim&quot; diyerek bu iste\u011fi co\u015fkuyla kabul etti ve b\u00f6ylece yapay \u00fcreme ara\u015ft\u0131rmalar\u0131 ba\u015flad\u0131.<\/p>\n<p>2014 y\u0131l\u0131nda Tar\u0131m, Orman ve Bal\u0131k\u00e7\u0131l\u0131k Bakanl\u0131\u011f\u0131&#039;ndan ald\u0131\u011f\u0131m\u0131z \u00fc\u00e7 y\u0131ll\u0131k deste\u011fi kullanarak Hokuryu Kasaba Konsorsiyumu&#039;nu kurduk ve \u00e7e\u015fit geli\u015ftirmeyi te\u015fvik ettik.<\/p>\n<p>Kapsaml\u0131 ara\u015ft\u0131rmalar ve \u0131slah \u00e7al\u0131\u015fmalar\u0131 sonucunda, Kurosengoku soya fasulyesi, yakla\u015f\u0131k bir hafta daha erken hasat edilebilen, yatmaya kar\u015f\u0131 daha dayan\u0131kl\u0131 ve verimde ger\u00e7ek bir art\u0131\u015f sa\u011flamas\u0131 beklenen \u00fcst\u00fcn bir soya fasulyesi olarak yeti\u015ftirildi.<\/p>\n<p>2016 y\u0131l\u0131nda Tar\u0131m, Orman ve Bal\u0131k\u00e7\u0131l\u0131k Bakanl\u0131\u011f\u0131&#039;na &quot;Ryukei No. 3&quot; \u0131slah hatt\u0131 i\u00e7in \u00e7e\u015fit ba\u015fvurusu yap\u0131lm\u0131\u015f, kabul edilmi\u015f ve genel ekime ba\u015flanm\u0131\u015ft\u0131r.<\/p>\n<h4>Tohumlar &quot;\u00e7ift\u00e7ilerin ba\u015flang\u0131c\u0131d\u0131r&quot;<\/h4>\n<p>\u015eu anda \u00fcretimin yakla\u015f\u0131k &#039;si yerli \u00e7e\u015fit olan &quot;Kurosengoku soya fasulyesi&quot; ile yeni geli\u015ftirilen &quot;Ryukei No. 3&quot; aras\u0131nda payla\u015f\u0131l\u0131yor ve bunlar ayr\u0131 ayr\u0131 \u00fcretilip sat\u0131l\u0131yor.<\/p>\n<p>&quot;Ryukei No. 3&quot; ile ilgili olarak \u00e7e\u015fidin geli\u015ftiricisi Dr. Sanbuichi Takashi ile bir lisans anla\u015fmas\u0131 imzalad\u0131k. S\u00f6zle\u015fme gere\u011fi Profes\u00f6r Takashi Sanbunichi&#039;ye lisans \u00fccreti \u00f6d\u00fcyoruz.<\/p>\n<p>Tohumlar &quot;\u00e7ift\u00e7ili\u011fin ba\u015flang\u0131c\u0131&quot;d\u0131r ve bence en \u00f6nemli k\u0131sm\u0131d\u0131r. Kooperatif \u00fcyeleri olarak, yerli Kurosengoku soya fasulyesini ve hocam\u0131z\u0131n geli\u015ftirdi\u011fi yeni \u00e7e\u015fit olan &quot;Ryukei No. 3&quot;\u00fc sevgiyle ve dikkatle yeti\u015ftirmeyi misyonumuz olarak g\u00f6r\u00fcyoruz.<\/p>\n<h2>g\u00f6r\u00fc\u015f al\u0131\u015fveri\u015fi<\/h2>\n<h3><strong>soru:<\/strong>Kay\u0131tl\u0131 \u00e7e\u015fit geli\u015ftirilmi\u015f &quot;Ryukei No. 3&quot;, peki ya yerli \u00e7e\u015fit &quot;Kurosengoku&quot; ne olacak?<\/h3>\n<p><strong>\u30fbCevap (Ba\u015fkan Takada):<\/strong>Hokkaido&#039;nun \u00e7e\u015fitli b\u00f6lgelerinde yerli &quot;Kurosengoku&quot; soya fasulyesi \u00e7e\u015fidi yeti\u015ftirilmektedir.<\/p>\n<h3><strong>soru:<\/strong>Kay\u0131tl\u0131 &quot;Ryukei No. 3&quot; \u00e7e\u015fidi kendi kendine mi yeti\u015ftiriliyor?<\/h3>\n<p><strong>\u30fbCevap (Ba\u015fkan Takada):<\/strong>bu do\u011fru. Kurosengoku soya fasulyesi, &quot;Ryukei No. 3&quot; \u00e7e\u015fidi i\u00e7in tohum olarak kullan\u0131lmak \u00fczere Iwamizawa yak\u0131nlar\u0131ndaki Hideki Okayama tarlalar\u0131nda yeti\u015ftiriliyor.<\/p>\n<h3><strong>Bay Hisada:<\/strong><\/h3>\n<p>Yeter ki yeti\u015ftirici tohum fiyat\u0131n\u0131 art\u0131rmas\u0131n veya tohumu satmaktan ka\u00e7\u0131nmas\u0131n, bir sorun ya\u015fanmas\u0131n.<\/p>\n<p>Ancak art\u0131k genom d\u00fczenleme teknolojisine sahip yabanc\u0131 \u015firketler ve b\u00fcy\u00fck yerli kurulu\u015flar, yerel t\u00fcrlere m\u00fcmk\u00fcn oldu\u011funca yak\u0131n yeni \u00e7e\u015fitler yaratabiliyorlar. Bu gibi durumlarda \u015firketlerin tohum haklar\u0131n\u0131 gasp etme riski var, dolay\u0131s\u0131yla bundan sonra bu konuya daha dikkatli bakmam\u0131z gerekece\u011fini d\u00fc\u015f\u00fcn\u00fcyorum.<\/p>\n<figure class=\"wp-caption aligncenter\"><a href=\"https:\/\/photos.google.com\/share\/AF1QipMKIuWXhJmvce-BtC11Oeu-7dAIX1eITNMxmCiWAGzp2KPvCgR8pXMFtOWvjvVUMg\/photo\/AF1QipOTITlbHl2J4i0y3yQu6dT-C5ITw3gTLM06Yns?key=bmRwYjF1WmRra3Z5MU5OREtCbWgyclhHR2oxOTRn\" target=\"_blank\" rel=\"noopener noreferrer\"><img decoding=\"async\" class=\"size-medium\" src=\"https:\/\/lh3.googleusercontent.com\/pw\/ACtC-3fQsFefpToI2leHIq60KZ3BeDmhgEaHZS7LsUtKvtlGmiAOYMvzBcIr49pwuEByvDbNONUE4Ur5GtIGh6OzZr8VES8ZRav4dv0C2ILucATsdviTnFBGK6vxKnrRgzIEdCpizsRmBh1ONMTf7Gr0ZGa8=w2000-h1332-no?authuser=0\" alt=\"Geli\u015ftirilmi\u015f &quot;Ryukei No. 3&quot; \u00e7e\u015fidi hakk\u0131nda\" width=\"1998\" height=\"1332\" \/><\/a><figcaption class=\"wp-caption-text\">Geli\u015ftirilmi\u015f &quot;Ryukei No. 3&quot; \u00e7e\u015fidi hakk\u0131nda<\/figcaption><\/figure>\n<h3><strong>Ba\u015fkan Takada:<\/strong><\/h3>\n<p>Kurosengoku soya fasulyesiyle ilgili \u015fu anki sorun, soya kist nematodu da dahil olmak \u00fczere zararl\u0131lara ve hastal\u0131klara kar\u015f\u0131 zay\u0131f dirence sahip olmalar\u0131d\u0131r. Bu nedenle, beyaz soya \u00e7e\u015fidi olan &quot;Suzumaru R.&quot;yi kullanarak, nematodlara dayan\u0131kl\u0131 siyah soya \u00e7e\u015fidini geli\u015ftirmek i\u00e7in \u00e7al\u0131\u015f\u0131yoruz.<\/p>\n<p>Profes\u00f6r Sambuichi ile aram\u0131zda b\u00fcy\u00fck bir g\u00fcven ili\u015fkisi olu\u015ftu. Profes\u00f6r\u00fcn \u00e7abalar\u0131 k\u00fc\u00e7\u00fcmsenecek bir ba\u015far\u0131 de\u011fil ve onun hayat\u0131n\u0131 Kurosengoku&#039;nun ara\u015ft\u0131rma ve geli\u015ftirilmesine adam\u0131\u015f olmas\u0131 beni derinden etkiliyor.<\/p>\n<h3><strong>Ka\u011f\u0131t Kongre \u00dcyesi:<\/strong><\/h3>\n<p>Gelecekte b\u00fcy\u00fck \u015firketlerin mahsulleri iyile\u015ftirmek i\u00e7in genomik teknolojiyi kullanabilece\u011fini bilerek dikkatli ilerlemeliyiz.<\/p>\n<figure class=\"wp-caption aligncenter\"><a href=\"https:\/\/photos.google.com\/share\/AF1QipMKIuWXhJmvce-BtC11Oeu-7dAIX1eITNMxmCiWAGzp2KPvCgR8pXMFtOWvjvVUMg\/photo\/AF1QipOrMluaI-735zdr92uiHTjLKamnVuggXVuF304?key=bmRwYjF1WmRra3Z5MU5OREtCbWgyclhHR2oxOTRn\" target=\"_blank\" rel=\"noopener noreferrer\"><img decoding=\"async\" class=\"size-medium\" src=\"https:\/\/lh3.googleusercontent.com\/pw\/ACtC-3dfD5BI98-M5oJECglHxlGl-NPUBeyXkyEgrOy0ZQr9ZkAESGeA2a_nL8nNUJihWDz-s9ACDUZkTSQ3PSaFgURWKTzip3FHfP7_f7m2L4L8GsGPr0syjp2DPnXvvY2J_WHaFI0xyPEV3S_BMr-_DLfB=w2000-h1332-no?authuser=0\" alt=\"B\u00fcy\u00fck \u015firket teknolojisinin tehlikeleri\" width=\"1998\" height=\"1332\" \/><\/a><figcaption class=\"wp-caption-text\">B\u00fcy\u00fck \u015firket teknolojisinin tehlikeleri<\/figcaption><\/figure>\n<h3><strong>Di\u011fer yorumlar:<\/strong><\/h3>\n<p>\u00d6rne\u011fin, gelecekte, genom teknolojisini kullanarak mevcut &quot;nematodlara dayan\u0131kl\u0131l\u0131\u011f\u0131 d\u00fc\u015f\u00fck Kurosengoku soya&quot; \u00e7e\u015fidini geli\u015ftiren bir \u015firketin, genetik analizler sonucunda bunu yeni bir \u00e7e\u015fit olarak tescil ettirip d\u00fcnyaya sunma riski bulunmaktad\u0131r.<\/p>\n<p>- E\u011fer daha y\u00fcksek verimli, mevcut Kurosengoku soya fasulyesiyle ayn\u0131 tada sahip, nematodlara dayan\u0131kl\u0131, h\u0131zl\u0131 b\u00fcy\u00fcyen bir Kurosengoku soya fasulyesi ara\u015ft\u0131r\u0131p geli\u015ftirirsek ve bunu di\u011fer b\u00f6lgelere satarsak, yay\u0131l\u0131rsa Kurosengoku soya fasulyesinin &quot;de\u011feri&quot; ortadan kalkacakt\u0131r.<\/p>\n<h3><strong>Ba\u015fkan Takada:<\/strong><\/h3>\n<p>Gelece\u011fe ili\u015fkin pek \u00e7ok zorlay\u0131c\u0131 endi\u015fe var ve hukuki boyutlar\u0131 konusunda dan\u0131\u015fmanlara ve di\u011fer uzmanlara dan\u0131\u015farak, ortaya \u00e7\u0131kt\u0131k\u00e7a bunlarla ilgilenmeyi planl\u0131yoruz.<\/p>\n<p>Ancak, Kurosengoku soya fasulyesine kar\u015f\u0131, bu \u00e7e\u015fidi geli\u015ftirmeye hayat\u0131n\u0131 adam\u0131\u015f olan Profes\u00f6r Sanbuichi Takashi&#039;den, onu yeti\u015ftirmek i\u00e7in zorluklara g\u00f6\u011f\u00fcs geren \u00fcreticilere ve uzun y\u0131llard\u0131r Kurosengoku soya fasulyesinin hayran\u0131 olan ve onlar\u0131 destekleyen t\u00fcketicilere kadar \u00f6l\u00e7\u00fclemez bir g\u00fcven ve tutkumuz var.<\/p>\n<p>Bu duyguya sahip oldu\u011fumuz s\u00fcrece, endi\u015feleri a\u015fabilece\u011fimize ve g\u00fcvenli, sa\u011fl\u0131kl\u0131 ve g\u00fcvenilir Kurosengoku soya fasulyesinin varl\u0131\u011f\u0131n\u0131 sa\u011flayabilece\u011fimize olan inanc\u0131m\u0131zla \u00e7ok \u00e7al\u0131\u015f\u0131yoruz.<br \/>\n\ufffc<\/p>\n<figure class=\"wp-caption aligncenter\"><a href=\"https:\/\/photos.google.com\/share\/AF1QipMKIuWXhJmvce-BtC11Oeu-7dAIX1eITNMxmCiWAGzp2KPvCgR8pXMFtOWvjvVUMg\/photo\/AF1QipNyJGrDBoVoG_w803AaM2DCixo3-xVCpXjzYZs?key=bmRwYjF1WmRra3Z5MU5OREtCbWgyclhHR2oxOTRn\" target=\"_blank\" rel=\"noopener noreferrer\"><img decoding=\"async\" class=\"size-medium\" src=\"https:\/\/lh3.googleusercontent.com\/pw\/ACtC-3eqQazuV_N3JrAmF8khQJcPUZykM4m6b_cWsoMfln3ACkLZzSYAaAcP-S5AUBQzKBDUtdEwhrYpfW7hPeisugHF-_zJG04GJmVUn6Wm3New415LmCbcunnLwPCzCrg8odJRCqXiXmlM42-DXIMaP6_c=w2000-h1332-no?authuser=0\" alt=\"\u00dcreticinin g\u00fcvenilirli\u011fi hakk\u0131nda\" width=\"1998\" height=\"1332\" \/><\/a><figcaption class=\"wp-caption-text\">\u00dcreticinin g\u00fcvenilirli\u011fi hakk\u0131nda<\/figcaption><\/figure>\n<h3><strong>Ka\u011f\u0131t Kongre \u00dcyesi:<\/strong><\/h3>\n<p>Ba\u015fkan Takada&#039;n\u0131n da belirtti\u011fi gibi t\u00fcketicilerle g\u00fcven ili\u015fkisi kurmak son derece \u00f6nemli.<\/p>\n<p>Daha \u00f6nce Tohum Yasas\u0131&#039;nda (B\u00fcy\u00fck Tar\u0131m \u00dcr\u00fcnleri Tohumculu\u011fu Yasas\u0131) b\u00fcy\u00fck tar\u0131m \u00fcr\u00fcnleri pirin\u00e7, soya fasulyesi ve bu\u011fday olarak tan\u0131mlan\u0131yordu.<\/p>\n<p>D\u00fczenleyici Reform Konseyine sunulan tek materyal pirin\u00e7le ilgili olanlard\u0131; Soya fasulyesi ve bu\u011fday konusunda hi\u00e7bir materyal sunulmad\u0131. O noktada h\u00fck\u00fcmetin dikkati pirin\u00e7 \u00fczerinde yo\u011funla\u015fm\u0131\u015f gibi g\u00f6r\u00fcn\u00fcyordu.<\/p>\n<p>H\u00fck\u00fcmetin bunu gelecekte nas\u0131l te\u015fvik edece\u011fi belirsiz, ancak pirin\u00e7 Japonya&#039;da temel g\u0131da maddesi oldu\u011fundan, yasa tohum oran\u0131n\u0131n a\u00e7\u0131k\u00e7a tan\u0131mlanmas\u0131 gerekti\u011fini belirtiyor. Ancak devlet bunu kald\u0131rd\u0131.<\/p>\n<p>Pirin\u00e7te ise Mitsui Chemicals Agro Inc.&#039;in hibrit pirin\u00e7 \u00e7e\u015fidi &quot;Mitsuhikari&quot; bir F1 \u00e7e\u015fidi oldu\u011fundan, \u00fcreticiler her y\u0131l sat\u0131n almak zorunda kal\u0131yor ve tohum fiyatlar\u0131 her y\u0131l artt\u0131\u011f\u0131ndan \u00fcreticilerin s\u00fcrekli endi\u015fe duydu\u011fu bir pirin\u00e7 t\u00fcr\u00fc.<\/p>\n<p>Tohum Yasas\u0131&#039;n\u0131n bu kez neden revize edildi\u011fine ili\u015fkin temel soruya yan\u0131t olarak, h\u00fck\u00fcmetin amac\u0131n\u0131n &quot;Japonya&#039;da geli\u015ftirilen m\u00fckemmel \u0131slah bilgisinin yurtd\u0131\u015f\u0131na s\u0131zmas\u0131n\u0131 \u00f6nlemek ve fikri m\u00fclkiyet haklar\u0131n\u0131 korumak&quot; oldu\u011fu konusunda herkes hemfikir.<\/p>\n<p>Ancak bunun hayata ge\u00e7irilmesi i\u00e7in yap\u0131lmas\u0131 gereken \u00f6zel yasal de\u011fi\u015fiklikler aras\u0131nda, bug\u00fcne kadar serbest\u00e7e uygulanan ev tohum toplama i\u015fleminin yasaklanmas\u0131 da yer alacak.<\/p>\n<p>Kay\u0131t alt\u0131na al\u0131nmam\u0131\u015f yerli t\u00fcrler ve yayg\u0131n \u00e7e\u015fitler i\u00e7in izin gerekmedi\u011fi i\u00e7in, kanun revize edildikten sonra bile durumun b\u00fcy\u00fck \u00f6l\u00e7\u00fcde ayn\u0131 kalaca\u011f\u0131 d\u00fc\u015f\u00fcn\u00fcl\u00fcyordu. Ancak ara\u015ft\u0131rd\u0131\u011f\u0131mda Hokkaido&#039;nun \u00e7ok say\u0131da kay\u0131tl\u0131 \u00e7e\u015fidinin oldu\u011funu g\u00f6r\u00fcnce \u00e7ok \u015fa\u015f\u0131rd\u0131m.<\/p>\n<p>\u00c7ift\u00e7iler kay\u0131tl\u0131 \u00e7e\u015fitleri kullan\u0131rlar ve bazen kendi tohum koleksiyonlar\u0131 yoluyla \u00fcst\u00fcn mutant \u00e7e\u015fitler \u00fcretirler. \u00c7ift\u00e7ilerin \u00e7abalar\u0131yla nesilden nesile aktar\u0131lan bir \u015feyi yasaklamak, onlar\u0131n haklar\u0131n\u0131n ellerinden al\u0131nmas\u0131na yol a\u00e7abilir.<br \/>\n\ufffc<\/p>\n<figure class=\"wp-caption aligncenter\"><a href=\"https:\/\/photos.google.com\/share\/AF1QipMKIuWXhJmvce-BtC11Oeu-7dAIX1eITNMxmCiWAGzp2KPvCgR8pXMFtOWvjvVUMg\/photo\/AF1QipNVJh99bdoOqsAUj_yh7VtMFBpCkOiR16vv-ks?key=bmRwYjF1WmRra3Z5MU5OREtCbWgyclhHR2oxOTRn\" target=\"_blank\" rel=\"noopener noreferrer\"><img decoding=\"async\" class=\"size-medium\" src=\"https:\/\/lh3.googleusercontent.com\/pw\/ACtC-3eNvuFNN1OEIJ7UvC7DKsYF1m1_WBe1_ok1NZnpdzpQKheb1biAnujFRCmPlwgD5QOL-duWJvReMq_UBaNBL0SlqbXaYUBLvSWLmkKkOu-84r-uayc2gYvhRrzRZsgGLv2lxNU_9gd1a4pu8YVuMCjw=w2000-h1332-no?authuser=0\" alt=\"Japonya&#039;n\u0131n \u00fcst\u00fcn \u00e7e\u015fitlerini korumak i\u00e7in hangi \u00f6nlemler al\u0131n\u0131yor? . .\" width=\"1998\" height=\"1332\" \/><\/a><figcaption class=\"wp-caption-text\">Japonya&#039;n\u0131n \u00fcst\u00fcn \u00e7e\u015fitlerini korumak i\u00e7in hangi \u00f6nlemler al\u0131n\u0131yor? . .<\/figcaption><\/figure>\n<h3><strong>Ba\u015fkan Takada:<\/strong><\/h3>\n<p>Kurosengoku soya fasulyesi i\u00e7in &quot;b\u00f6lgesel toplu marka&quot; tescil ettirmeye \u00e7al\u0131\u015ft\u0131k, ancak Kurosengoku soya fasulyesi Hokkaido&#039;nun \u00e7e\u015fitli b\u00f6lgelerinde yeti\u015ftirildi\u011fi i\u00e7in sabit bir b\u00f6lgesel marka elde etmek zordu ve tescili imkans\u0131zd\u0131.<\/p>\n<h3><strong>soru:<\/strong>Kurosengoku soya fasulyesi tohumlar\u0131n\u0131n (Ryukei No. 3) Iwamizawa \u015eehri&#039;nden Okayama adl\u0131 bir \u00fcretici taraf\u0131ndan yeti\u015ftirildi\u011fini \u00f6\u011frendim. Bunlar s\u0131k\u0131 kurallara g\u00f6re mi yeti\u015ftiriliyor?<\/h3>\n<p>\ufffc<\/p>\n<figure class=\"wp-caption aligncenter\"><a href=\"https:\/\/photos.google.com\/share\/AF1QipMKIuWXhJmvce-BtC11Oeu-7dAIX1eITNMxmCiWAGzp2KPvCgR8pXMFtOWvjvVUMg\/photo\/AF1QipMmKRc_SQ-ofRnI2aEpnTtiMOAvUsUSYnZuMoY?key=bmRwYjF1WmRra3Z5MU5OREtCbWgyclhHR2oxOTRn\" target=\"_blank\" rel=\"noopener noreferrer\"><img decoding=\"async\" class=\"size-medium\" src=\"https:\/\/lh3.googleusercontent.com\/pw\/ACtC-3emJhr9TQ7zYeTNRWCbun1hv9VafHO1-r_R1rGIElRGDw4dgRWR_ErWbQyroOsel1TV2p1HLK3rK5hibzAGFIf6XGPnPEINXNsz3yIWOvUlZhkGJczHQecZl9Th4KaYWgPTCTCzsjZP01EVdlMR72BL=w2000-h1332-no?authuser=0\" alt=\"Ichiro Oda (Hokkaido Yasama Meclisi Genel Sekreteri)\" width=\"1998\" height=\"1332\" \/><\/a><figcaption class=\"wp-caption-text\">Ichiro Oda (Hokkaido Yasama Meclisi Genel Sekreteri)<\/figcaption><\/figure>\n<p><strong>Cevap (Ba\u015fkan Takada):<\/strong><\/p>\n<p>&quot;Bay Okayama&#039;n\u0131n \u00e7iftli\u011fi Dr. Sambuichi&#039;nin evinin yak\u0131n\u0131nda yer al\u0131yor ve Dr. Sambuichi \u00e7iftli\u011fi d\u00fczenli olarak ziyaret edip denetliyor. Orada hasat edilen tohumlar, &quot;Ryukei No. 3&quot;, Kurosengoku \u0130\u015f Kooperatifi Derne\u011fi&#039;nin (Hokuryu Kasabas\u0131) deposunda toplan\u0131yor ve saklan\u0131yor.<\/p>\n<p>Ayr\u0131ca, yerel \u00e7e\u015fitler i\u00e7in Kurosengoku Ticaret Kooperatifi (Hokuryu Kasabas\u0131) taraf\u0131ndan toplanan tohumlar aras\u0131ndan en iyi fasulyeler se\u00e7ilerek ertesi y\u0131l tohum olarak kullan\u0131lmak \u00fczere her b\u00f6lgedeki \u00fcreticilere da\u011f\u0131t\u0131lmaktad\u0131r.<\/p>\n<p>Hasat edilen t\u00fcm fasulyeler ve ekim tohumlar\u0131 Kurosengoku \u0130\u015fletme Kooperatifi taraf\u0131ndan toplu olarak y\u00f6netiliyor. Depoda, yerli \u00e7e\u015fit olan &quot;Kurosengoku soya fasulyesi&quot; ile geli\u015ftirilmi\u015f \u00e7e\u015fit olan &quot;Ryukei No. 3&quot; tamamen ayr\u0131\u015ft\u0131r\u0131larak, birbirine kar\u0131\u015fmamas\u0131 i\u00e7in \u00f6zenle depolan\u0131yor.<\/p>\n<h3><strong>soru:<\/strong>S: Ryukei No. 3&#039;\u00fcn yeti\u015ftirme y\u00f6ntemi s\u0131radan soya fasulyesinden farkl\u0131 m\u0131d\u0131r? Pestisit kullan\u0131m\u0131na kar\u015f\u0131 nas\u0131l m\u00fccadele ediyorsunuz?<\/h3>\n<p><strong>Cevap (Ba\u015fkan Takada):<\/strong><\/p>\n<p>\u00dcretim y\u00f6ntemleri b\u00f6lgeden b\u00f6lgeye farkl\u0131l\u0131k g\u00f6stermekte olup, \u00fcr\u00fcnler yerel tar\u0131m kooperatiflerinin rehberli\u011finde yeti\u015ftirilmektedir. \u00dcr\u00fcnlerimizi m\u00fcmk\u00fcn oldu\u011funca az herbisit kullanarak yeti\u015ftiriyoruz.<\/p>\n<p>Kurosengoku soya fasulyeleri, \u00e7i\u00e7ek a\u00e7ma d\u00f6neminden olgunla\u015fana kadar fasulye k\u00f6k g\u00fcvesi (bir hastal\u0131k ve zararl\u0131) istilas\u0131na kar\u015f\u0131 hassast\u0131r. Bu, lezzetli fasulyelerin i\u00e7ine girip onlar\u0131 yiyen \u00e7ok sorunlu bir b\u00f6cektir. \u00c7i\u00e7eklenmeden sonra bir veya iki kez bu zararl\u0131yla m\u00fccadele i\u00e7in ila\u00e7lama yap\u0131yoruz.<\/p>\n<p>Ayr\u0131ca, kullan\u0131lan pestisitler de dahil olmak \u00fczere yeti\u015ftirme ge\u00e7mi\u015fine ili\u015fkin \u00fcretim bilgilerinin izlenebilirli\u011fini sa\u011fl\u0131yor ve titizlikle y\u00f6netiyoruz. Bu sefer son derece hassas renk ay\u0131rma makinelerinin devreye al\u0131nmas\u0131yla ilerliyoruz.<\/p>\n<h3><strong>soru:<\/strong>Kurosengoku soya fasulyesi Hokkaido&#039;nun herhangi bir b\u00f6lgesinde yeti\u015ftirilebilir mi?<\/h3>\n<p><strong>Cevap (Ba\u015fkan Takada):<\/strong><\/p>\n<p>S\u0131cakl\u0131k fark\u0131n\u0131n fazla oldu\u011fu alanlar yeti\u015ftiricili\u011fe uygundur. Hokkaido&#039;da \u015fu anda en kuzeydeki marjinal alan olan Kamikawa B\u00f6lgesi&#039;nin Shibetsu Kenti&#039;nde tar\u0131m alanlar\u0131 bulunmaktad\u0131r.<\/p>\n<p>Ayr\u0131ca Kurosengoku soya fasulyesinin normal soya fasulyesine g\u00f6re daha y\u00fcksek birikmi\u015f s\u0131cakl\u0131\u011f\u0131 vard\u0131r.<\/p>\n<p>Toplam s\u0131cakl\u0131k, tohumlar\u0131n ekildi\u011fi andan meyvenin olgunla\u015ft\u0131\u011f\u0131 ana kadar her g\u00fcn eklenen toplam s\u0131cakl\u0131kt\u0131r. Normal \u00e7ekirdeklerin toplam s\u0131cakl\u0131\u011f\u0131 2.300 derece iken, Kurosengoku \u00e7ekirdeklerinin toplam s\u0131cakl\u0131\u011f\u0131 2.700 derecedir ve daha fazla saat g\u00fcne\u015f \u0131\u015f\u0131\u011f\u0131na ihtiya\u00e7 duyarlar.<\/p>\n<p>B\u00fcy\u00fcmek i\u00e7in daha fazla g\u00fcne\u015f \u0131\u015f\u0131\u011f\u0131 ald\u0131klar\u0131 i\u00e7in tatl\u0131 ve lezzetli, g\u00fc\u00e7l\u00fc fasulyelerdir.<\/p>\n<p>Kurosengoku soya fasulyesi de di\u011fer fasulyelere g\u00f6re erken ekilip ge\u00e7 hasat edilen bir \u00fcr\u00fcnd\u00fcr.<\/p>\n<p>May\u0131s tatilinin hemen ard\u0131ndan ekim i\u015flemi ger\u00e7ekle\u015ftirilecek. Tohumlar\u0131n \u00e7ok erken ekilmesi don, yabani ot ve b\u00f6cek sorunlar\u0131na da yol a\u00e7abilir. Hasat, ekim ay\u0131n\u0131n sonunda, kar ya\u011f\u0131\u015f\u0131ndan hemen \u00f6nce ger\u00e7ekle\u015fti\u011finden, hasat karar\u0131 vermek olduk\u00e7a zordur.<\/p>\n<p>Ayr\u0131ca Kurosengoku soya fasulyesi hava ko\u015fullar\u0131na kar\u015f\u0131 olduk\u00e7a hassas bir fasulyedir, bu nedenle hasat verimi y\u0131ldan y\u0131la b\u00fcy\u00fck \u00f6l\u00e7\u00fcde dalgalanmaktad\u0131r.<\/p>\n<p>Sa\u011fl\u0131\u011f\u0131na dikkat eden t\u00fcketicilerin say\u0131s\u0131n\u0131n her ge\u00e7en y\u0131l artt\u0131\u011f\u0131 bir d\u00fcnyada ya\u015f\u0131yoruz. Katk\u0131s\u0131z, do\u011fan\u0131n g\u00fcc\u00fcyle yeti\u015fen g\u0131dalar\u0131 t\u00fcketmenin sa\u011fl\u0131\u011fa iyi geldi\u011fine inan\u0131yoruz.<\/p>\n<figure class=\"wp-caption aligncenter\"><a href=\"https:\/\/photos.google.com\/share\/AF1QipMKIuWXhJmvce-BtC11Oeu-7dAIX1eITNMxmCiWAGzp2KPvCgR8pXMFtOWvjvVUMg\/photo\/AF1QipMhvSpvVhiD_qcWBZN6c2Mh0t-wrDaOemgADDA?key=bmRwYjF1WmRra3Z5MU5OREtCbWgyclhHR2oxOTRn\" target=\"_blank\" rel=\"noopener noreferrer\"><img decoding=\"async\" class=\"size-medium\" src=\"https:\/\/lh3.googleusercontent.com\/pw\/ACtC-3e1w_E-uDxeA_aOpPKzZ64VkxAViPKMZVbKpnB8kM_jrP4H1YolkojZ50aAlg8m033O-lLH6aDhi5MNO2bN9l8nYhsc3ZKcjeGjqKhj_ow__RobGWUaDtXSaCJsXbg0Gu4p0p3FMerfq6tm6is5L5KR=w2000-h1332-no?authuser=0\" alt=\"Yerli Kurosengoku soya fasulyesinin varl\u0131\u011f\u0131\" width=\"1998\" height=\"1332\" \/><\/a><figcaption class=\"wp-caption-text\">Yerli Kurosengoku soya fasulyesinin varl\u0131\u011f\u0131<\/figcaption><\/figure>\n<h3><strong>Ryoji Kikura:<\/strong><\/h3>\n<p>Son y\u0131llarda atopik dermatitli ki\u015filerin say\u0131s\u0131 her ge\u00e7en y\u0131l artmaktad\u0131r. Yap\u0131lan son ara\u015ft\u0131rmalar Yukihikari pirincinin pirin\u00e7 alerjilerini bask\u0131lamada etkili oldu\u011funu do\u011frulam\u0131\u015ft\u0131r.<\/p>\n<p>Hokuryu Kasabas\u0131nda &quot;Yukihikari&quot; pirin\u00e7 \u00e7e\u015fidi yeti\u015ftirilmeye devam ediliyor. Bu pirin\u00e7 i\u00e7in ekilen alan \u00f6nemli \u00f6l\u00e7\u00fcde azald\u0131 ve Hokuren ancak iki y\u0131lda bir tohum veriyor. Hokuryu Kasabas\u0131&#039;nda, bu t\u00fcr\u00fcn neslinin t\u00fckenmemesi gerekti\u011fine inanan halk, her y\u0131l kendi tohumlar\u0131n\u0131 topluyor. Bu \u00fcst\u00fcn \u00e7e\u015fitlerin say\u0131s\u0131n\u0131n azald\u0131\u011f\u0131n\u0131 ve de\u011ferlerinin kayboldu\u011funu hissederek bir kriz duygusu ya\u015f\u0131yoruz.<\/p>\n<h3><strong>Ka\u011f\u0131t Kongre \u00dcyesi:<\/strong><\/h3>\n<p>Tohum Yasas\u0131&#039;n\u0131n y\u00fcr\u00fcrl\u00fckten kald\u0131r\u0131lmas\u0131n\u0131n amac\u0131n\u0131n, &quot;bilginin&quot; yurtd\u0131\u015f\u0131na ka\u00e7\u0131\u015f\u0131n\u0131 \u00f6nlemek oldu\u011fu s\u00f6yleniyor. Ayr\u0131ca h\u00fck\u00fcmet, uzun y\u0131llar s\u00fcren s\u0131k\u0131 \u00e7al\u0131\u015fmalar sonucunda h\u00fck\u00fcmet ve \u00e7ift\u00e7iler taraf\u0131ndan y\u00f6netilen ve ara\u015ft\u0131r\u0131lan \u00fcst\u00fcn \u00e7e\u015fitlerin tohumlar\u0131n\u0131 \u00f6zel sekt\u00f6re sa\u011flayacakt\u0131r.<\/p>\n<p>Yasal denetim alt\u0131nda test merkezleri vb. yerlerde yap\u0131ld\u0131\u011f\u0131 i\u00e7in ekipman, para ve insan g\u00fcc\u00fc gerektiriyordu. H\u00fck\u00fcmet, biriktirdi\u011fi bilgi ve uzmanl\u0131\u011f\u0131n \u00f6zel sekt\u00f6re aktar\u0131lmas\u0131n\u0131 talep eden bir bildiri yay\u0131nlad\u0131. Bu teknolojinin \u00f6zel sekt\u00f6r al\u0131c\u0131lar\u0131 aras\u0131nda yurt d\u0131\u015f\u0131 \u015firketleri de yer al\u0131yor. \u00c7eli\u015fki burada ortaya \u00e7\u0131k\u0131yor. Bu, \u00fcst\u00fcn kaliteli \u00e7e\u015fitlerin yurtd\u0131\u015f\u0131na ihra\u00e7 edilmesine yol a\u00e7abilir.<\/p>\n<p>Tohumlar\u0131 yurtd\u0131\u015f\u0131na ihra\u00e7 edilen Shine Muscat \u00fcz\u00fcm\u00fc, \u00e7ilek ve di\u011fer \u00fcz\u00fcmlerde, Tar\u0131m, Orman ve Bal\u0131k\u00e7\u0131l\u0131k Bakanl\u0131\u011f\u0131, tohumlar\u0131 yurtd\u0131\u015f\u0131nda bir \u00fclke olarak tescil ettirseydi, bunun olmas\u0131n\u0131 \u00f6nleyebilirdi, ancak bu yap\u0131lmad\u0131.<\/p>\n<p>Sorumlulu\u011fun art\u0131k kendi tohumlar\u0131n\u0131 \u00fcreten \u00e7ift\u00e7ilerin omuzlar\u0131na y\u00fcklenmesi garip de\u011fil mi?<\/p>\n<h3><strong>Bay Huang Cang:<\/strong><\/h3>\n<p>\u00c7ift\u00e7iler, tar\u0131m\u0131n, teknolojinin ak\u0131lc\u0131 ve bilimsel bir \u015fekilde halka sunulmas\u0131yla ilerleyebilece\u011fi gibi yanl\u0131\u015f bir izlenime sahiptirler. Buna ne kadar az insan\u0131n kar\u015f\u0131 \u00e7\u0131kt\u0131\u011f\u0131na \u015fa\u015f\u0131r\u0131yorum; belki de ger\u00e7ek durumu tam olarak kavrayamad\u0131klar\u0131 i\u00e7indir.<\/p>\n<p>&quot;Tohumlar hayat\u0131n kayna\u011f\u0131d\u0131r.&quot; Benim i\u00e7in bu kadar \u00f6nemli olan bir \u015feyin neden \u015fimdi revize edilmesi gerekti\u011fini anlam\u0131yorum.<\/p>\n<h3><strong>Belediye Meclisi \u00dcyesi Tamura:<\/strong><\/h3>\n<p>\ufffc<\/p>\n<figure class=\"wp-caption aligncenter\"><a href=\"https:\/\/photos.google.com\/share\/AF1QipMKIuWXhJmvce-BtC11Oeu-7dAIX1eITNMxmCiWAGzp2KPvCgR8pXMFtOWvjvVUMg\/photo\/AF1QipNJpNZyrzs_T36JHX8p_hlbjws4kI-4yO4zO3w?key=bmRwYjF1WmRra3Z5MU5OREtCbWgyclhHR2oxOTRn\" target=\"_blank\" rel=\"noopener noreferrer\"><img decoding=\"async\" class=\"size-medium\" src=\"https:\/\/lh3.googleusercontent.com\/pw\/ACtC-3cxQ0F2f7f35Mq8psYdswT-cDsoUY3FihQupg4mpf3f5t-rgaEQk4-zRUS5zdnoBpmMHRhQeANQNQmb6z4zA2iYGy_RODfeRuZVwLH0qWUjbKUfzVICVUp4wZCIUxMl80-XOQBSBob_ofR_vYXoHtOu=w2000-h1332-no?authuser=0\" alt=\"Takaaki Tamura, Parlamento \u00dcyesi\" width=\"1998\" height=\"1332\" \/><\/a><figcaption class=\"wp-caption-text\">Takaaki Tamura, Parlamento \u00dcyesi<\/figcaption><\/figure>\n<p>H\u00fck\u00fcmetin, i\u015f d\u00fcnyas\u0131n\u0131n ve yabanc\u0131 \u015firketlerin \u00f6tesinde ger\u00e7ekte ne oldu\u011funu d\u00fc\u015f\u00fcnmemiz gerekti\u011fini d\u00fc\u015f\u00fcn\u00fcyorum. &quot;Fiyat\u0131 \u00f6de ve standart \u00fcr\u00fcnler sat\u0131n al. Bundan fazlas\u0131n\u0131 yapma. Yap\u0131lacak en istikrarl\u0131 \u015fey bu.&quot; diyor gibi g\u00f6r\u00fcn\u00fcyor.<\/p>\n<p>Bilginin yurtd\u0131\u015f\u0131na s\u0131zmas\u0131n\u0131n \u00f6nlenmesinden bahsederken, s\u0131n\u0131r kontrolleri ne olacak? Tohumlar\u0131 cebinizde yurtd\u0131\u015f\u0131na ta\u015f\u0131mak kolayd\u0131r. Bilginin yurtd\u0131\u015f\u0131na s\u0131zmas\u0131n\u0131 ger\u00e7ekten \u00f6nlemek istiyorsak, Tar\u0131m, Orman ve Bal\u0131k\u00e7\u0131l\u0131k Bakanl\u0131\u011f\u0131&#039;n\u0131n da belirtti\u011fi gibi, \u00fclkelerin birbirlerini kay\u0131t alt\u0131na almas\u0131 en do\u011frusu diye d\u00fc\u015f\u00fcn\u00fcyorum.<\/p>\n<p>\u00c7ift\u00e7ileri su\u00e7lamak, at\u0131n \u00f6n\u00fcne arabay\u0131 koymak anlam\u0131na geliyor. Bence bunun \u00f6tesine bakmam\u0131z gerekiyor. Kikura Bey&#039;in de ifade etti\u011fi gibi kriz duygusunun h\u0131zla artt\u0131\u011f\u0131 hissediliyor.<\/p>\n<h3><strong>Bay Huang Cang:<\/strong><\/h3>\n<p>COVID-19 salg\u0131n\u0131, yurt d\u0131\u015f\u0131ndan alabilece\u011fimiz baz\u0131 g\u0131dalara art\u0131k g\u00fcvenemeyece\u011fimizi a\u00e7\u0131k\u00e7a ortaya koydu. B\u00fcy\u00fck sermayenin kat\u0131l\u0131m\u0131na izin verece\u011fiz ve sadece en de\u011ferli \u00fcr\u00fcnleri yeti\u015ftirece\u011fiz. Ayr\u0131ca, yerel \u00e7ift\u00e7ilerin bunlar\u0131 kendi \u00fclkelerinde yeti\u015ftirmeleri konusunda k\u0131s\u0131tlamalar var.<\/p>\n<p>En b\u00fcy\u00fck zorluk t\u00fcketicilerin. T\u00fcketiciler ancak d\u00fczenlenmi\u015f bir \u015fekilde \u00fcretilenlere ula\u015fabilirler. \u00c7ok b\u00fcy\u00fck bir bedel \u00f6denmesi gerekiyor.<\/p>\n<p>Yiyecek, atalar\u0131m\u0131z\u0131n hayatlar\u0131n\u0131 korumak i\u00e7in her zaman yapt\u0131\u011f\u0131 bir \u015fey olmu\u015ftur. Biz her zaman beslenmeyi bir ya\u015fam arac\u0131 olarak g\u00f6rd\u00fck.<\/p>\n<h3><strong>Bay Hisada:<\/strong><\/h3>\n<p>\ufffc<\/p>\n<figure class=\"wp-caption aligncenter\"><a href=\"https:\/\/photos.google.com\/share\/AF1QipMKIuWXhJmvce-BtC11Oeu-7dAIX1eITNMxmCiWAGzp2KPvCgR8pXMFtOWvjvVUMg\/photo\/AF1QipMWY-VrxBI9iZ24qbvnG716DPSx1BWaG25S_Pk?key=bmRwYjF1WmRra3Z5MU5OREtCbWgyclhHR2oxOTRn\" target=\"_blank\" rel=\"noopener noreferrer\"><img decoding=\"async\" class=\"size-medium\" src=\"https:\/\/lh3.googleusercontent.com\/pw\/ACtC-3cSU4_4HM1rdiOem_O8Vq-NhrXociVcraxo15pfUGjZJWM8Rl6cRGkixq8foUpKb2hw2sNI6BE2l32I9daBmBsXDRNZa7p_bj4QLJL_L-ehbtJJSKL3GCCEbx7PwQXwhDr0Lm9tBqrzGE3IxVM8tyg_=w2000-h1332-no?authuser=0\" alt=\"Tokuji Hisada\" width=\"1998\" height=\"1332\" \/><\/a><figcaption class=\"wp-caption-text\">Tokuji Hisada<\/figcaption><\/figure>\n<p>Sava\u015ftan \u00f6nce Japonya pirinci seven bir \u00fclkeydi. Sava\u015ftan sonra ABD, fazla bu\u011fday\u0131 Japonya&#039;ya getirdi ve \u00fclke \u00e7ap\u0131nda ekmek yeme kampanyas\u0131 ba\u015flatt\u0131.<\/p>\n<p>Okullarda \u00f6\u011fle yemekleri yava\u015f yava\u015f ekme\u011fe \u00e7evrildi. Ekmek, spagetti, yeme bi\u00e7imleri ve bunlar\u0131 yapma bi\u00e7imleri pop\u00fclerle\u015fti ve Japonya sadece 30 y\u0131l i\u00e7inde pirin\u00e7 yemekten ekmek yemeye ge\u00e7ti.<\/p>\n<p>Bu sabah gazetede \u00e7\u0131kt\u0131 ama bu hikaye 1980&#039;de ba\u015flad\u0131. 40 y\u0131l sonra bile hala bu hedefin pe\u015findeyiz. Bu aral\u0131\u011f\u0131n uzunlu\u011fu inan\u0131lmaz.<\/p>\n<p>Yeme al\u0131\u015fkanl\u0131klar\u0131n\u0131 de\u011fi\u015ftirmek uzun zaman al\u0131r. \u0130nsanlar\u0131n beslenme tercihlerini ve yedikleri yiyecekleri de\u011fi\u015ftirmeleri zaman al\u0131r.<\/p>\n<p>Yurt d\u0131\u015f\u0131nda \u015fu anda reva\u00e7ta olan \u015fey pirin\u00e7. \u00d6zel olarak \u00fcretilen pirincin b\u00fcy\u00fck bir k\u0131sm\u0131 Hokkaido d\u0131\u015f\u0131ndaki illere ithal ediliyor. &quot;Mitsuhikari&quot; pirin\u00e7 \u00e7e\u015fidi halihaz\u0131rda 38 ilde yeti\u015ftiriliyor. Mitsui Chemicals Agro Inc. \u00f6n\u00fcm\u00fczdeki iki-\u00fc\u00e7 y\u0131l i\u00e7erisinde pirin\u00e7 sat\u0131\u015flar\u0131n\u0131 100 kat art\u0131rmay\u0131 planl\u0131yor. Hedef pirin\u00e7.<\/p>\n<p>Sava\u015ftan sonra Japonlar pirin\u00e7ten vazge\u00e7ip bu\u011fday k\u00fclt\u00fcr\u00fcne ge\u00e7mek zorunda kald\u0131lar. Bir dereceye kadar ba\u015far\u0131l\u0131 oldular, ancak hala varl\u0131\u011f\u0131n\u0131 s\u00fcrd\u00fcrd\u00fc\u011f\u00fc i\u00e7in, onu kendi fikri m\u00fclkiyetleri haline getirmek i\u00e7in \u00e7abalayan g\u00fc\u00e7l\u00fc g\u00fc\u00e7lerin var oldu\u011fu muhtemel g\u00f6r\u00fcn\u00fcyor.<\/p>\n<p>Bu \u015fekilde b\u00fcy\u00fckler Japon \u00e7ift\u00e7ilerin kendi y\u00f6ntemlerini benimsemelerini sa\u011fl\u0131yorlar. Pirin\u00e7 \u00fczerinde kontrol sahibi oldu\u011funuzda, fasulye ve sebzeler \u00fczerinde de kontrol\u00fcn\u00fcz\u00fc geni\u015fletebilirsiniz. Bu kadar emek vererek yeti\u015ftirdi\u011finiz \u00fcr\u00fcnlerinize iyi bak\u0131p koruyaca\u011f\u0131n\u0131z\u0131 umuyorum.<\/p>\n<figure class=\"wp-caption aligncenter\"><a href=\"https:\/\/photos.google.com\/share\/AF1QipMKIuWXhJmvce-BtC11Oeu-7dAIX1eITNMxmCiWAGzp2KPvCgR8pXMFtOWvjvVUMg\/photo\/AF1QipNLbUX8_gJd7lTamZpYwmCC1uT1RTqjKNw5Xb8?key=bmRwYjF1WmRra3Z5MU5OREtCbWgyclhHR2oxOTRn\" target=\"_blank\" rel=\"noopener noreferrer\"><img decoding=\"async\" class=\"size-medium\" src=\"https:\/\/lh3.googleusercontent.com\/pw\/ACtC-3c6b2KaZkSk26vQAGki1EyeGH7rdJFPvZqv6p3Khm1JOnpTHLKr6mruTXTKslCOccZpEW5U8BbKicauBd6Y93bX6O2b08uQHOfNbU0cxMnJuWSVgSvwUnZdcdpNbAPKR25I4RrzU2z1ULymvIWx8MOG=w1346-h897-no?authuser=0\" alt=\"Bay Tokuji Hisada\" width=\"1776\" height=\"1332\" \/><\/a><figcaption class=\"wp-caption-text\">Bay Tokuji Hisada<\/figcaption><\/figure>\n<p>Bay Tai Kyosei&#039;nin (Kami&#039;nin sekreteri) d\u00fc\u015f\u00fcncelili\u011fi sayesinde herkese Diet Building \u00fcye rozet \u015fekeri (elma aromal\u0131) ve Diet Building \u015fekeri (elma \u015farab\u0131 aromal\u0131) da\u011f\u0131t\u0131ld\u0131! !<br \/>\n\ufffc<\/p>\n<figure class=\"wp-caption aligncenter\"><a href=\"https:\/\/photos.google.com\/share\/AF1QipMKIuWXhJmvce-BtC11Oeu-7dAIX1eITNMxmCiWAGzp2KPvCgR8pXMFtOWvjvVUMg\/photo\/AF1QipO3Wc-eiycQKeqNczU0PeydaKyoHgJHXcKRNdA?key=bmRwYjF1WmRra3Z5MU5OREtCbWgyclhHR2oxOTRn\" target=\"_blank\" rel=\"noopener noreferrer\"><img decoding=\"async\" class=\"size-medium\" src=\"https:\/\/lh3.googleusercontent.com\/pw\/ACtC-3e950rrU0nvKnRZdvjgKXRYbPgNLdXggt2huK7PlfeKJvWLvRVHIoo9pqXjmI6u1sLMWQ0QR12iCFJi4TRaYgqjCHlA68hsp_HgTldj3lrRJy6rkP-T-hFwgq2YX55DsEAiKHrRY_tP6vHK6o3SYQWg=w1776-h1332-no?authuser=0\" alt=\"Parlamento Binas\u0131 \u015fekerlemesi\" width=\"1776\" height=\"1332\" \/><\/a><figcaption class=\"wp-caption-text\">Parlamento Binas\u0131 \u015fekerlemesi<\/figcaption><\/figure>\n<p>\ufffc<\/p>\n<figure class=\"wp-caption aligncenter\"><a href=\"https:\/\/photos.google.com\/share\/AF1QipNs6tzDrKJvEWTu17twPTFbU-7v1wFwc1cSddsqYZUHrY33CU5djytH37mk7HZoUg\/photo\/AF1QipPiR-mujWuPWxbgNgEx_rv4kfrDRZ8gG7GT_3k?key=ZzlsWDM3SUN0eUM3eWl1WmN1VFlFbWw2dUUxZnpR\" target=\"_blank\" rel=\"noopener noreferrer\"><img decoding=\"async\" class=\"size-medium\" src=\"https:\/\/lh3.googleusercontent.com\/pw\/ACtC-3fy6bk3YZA2M-ew8YyIqewn7lEK_-RVD8WWRF8ePdcGMoRVnrUP78YpLHUEh1QyyY-5o6PRJGqXzF1BefQheCFuDHj4y_8Fa_UgYsapLUFkT1aXdQSgv7oJHeJvxyPVa58mmKOr8gbYe11xEHDRz25M=w2000-h1332-no?authuser=0\" alt=\"Ay\u00e7i\u00e7e\u011fi Park\u0131 Hokuryu Onsen\" width=\"1998\" height=\"1332\" \/><\/a><figcaption class=\"wp-caption-text\">Ay\u00e7i\u00e7e\u011fi Park\u0131 Hokuryu Onsen<\/figcaption><\/figure>\n<p>Burada Kurosengoku Ticaret Kooperatifi Derne\u011fi ile g\u00f6r\u00fc\u015fmemizi sonland\u0131rd\u0131k ve rehberimiz Ba\u015fkan Takada ile birlikte Ay\u00e7i\u00e7e\u011fi Park\u0131 Kitaryu Onsen \u00f6n\u00fcndeki Kurosengoku soya tarlalar\u0131n\u0131 gezdik.<\/p>\n<p>Y\u00f6netmen Takada&#039;n\u0131n a\u00e7\u0131klamalar\u0131n\u0131 dinlerken Kurosengoku soya fasulyesinin b\u00fcy\u00fcmesini g\u00f6zlemledik. Kurosengoku soya fasulyeleri hala ye\u015fil, geli\u015fme a\u015famas\u0131ndayd\u0131, ancak onlar\u0131 \u00e7i\u011f olarak denedik.<\/p>\n<p>Y\u00f6netmen Takada, Kurosengoku soya fasulyesinin normal soya fasulyesine (edamame) k\u0131yasla toksik olmad\u0131\u011f\u0131n\u0131, bu nedenle edamame sezonunda \u00e7i\u011f olarak yenebilece\u011fini a\u00e7\u0131klad\u0131.<br \/>\n\ufffc<\/p>\n<figure class=\"wp-caption aligncenter\"><a href=\"https:\/\/photos.google.com\/share\/AF1QipMKIuWXhJmvce-BtC11Oeu-7dAIX1eITNMxmCiWAGzp2KPvCgR8pXMFtOWvjvVUMg\/photo\/AF1QipM2r7VeCT_XD1ODqw4ZH5feFwwMty7lPdoWjUs?key=bmRwYjF1WmRra3Z5MU5OREtCbWgyclhHR2oxOTRn\" target=\"_blank\" rel=\"noopener noreferrer\"><img decoding=\"async\" class=\"size-medium\" src=\"https:\/\/lh3.googleusercontent.com\/pw\/ACtC-3f3Cz9J1N6sOd3_FZAiM59hZNNVg5Y2nZYr0KOdw6_i-K4QtLFCvtvUrqb_c0LQpFIVsOFshYNMrwgc_NjX_7x1yPB6Ne2uUfbQT7Of3dYUyOTNb3kj5o2s0CJS25r6VQmt3v1FrZA7cQCAm7ZwFKh8=w2000-h1332-no?authuser=0\" alt=\"Kurosengoku soya fasulyesi tarlas\u0131\" width=\"1998\" height=\"1332\" \/><\/a><figcaption class=\"wp-caption-text\">Kurosengoku soya fasulyesi tarlas\u0131<\/figcaption><\/figure>\n<p>\ufffc<\/p>\n<figure class=\"wp-caption aligncenter\"><a href=\"https:\/\/photos.google.com\/share\/AF1QipMKIuWXhJmvce-BtC11Oeu-7dAIX1eITNMxmCiWAGzp2KPvCgR8pXMFtOWvjvVUMg\/photo\/AF1QipMDq-N0GWw5wr48dTi1p1R5613MEWhkecIhq9k?key=bmRwYjF1WmRra3Z5MU5OREtCbWgyclhHR2oxOTRn\" target=\"_blank\" rel=\"noopener noreferrer\"><img decoding=\"async\" class=\"size-medium\" src=\"https:\/\/lh3.googleusercontent.com\/pw\/ACtC-3fLo954r6WjcSkXSvh9RWGkirn0HxWAbqI9nYNL-M8Pvkarfc35S3bYRdBRvGUupYdc7zCeXQUm0rN2fnwFdPVqk6bjb_B85ZY_6tQFYwQdAdJftEeQaPQE7iYoFsnaTFOgiJ3QUvKPBrb7WFlPxKE0=w2000-h1332-no?authuser=0\" alt=\"Kurosengoku soya fasulyesinden mavi edamame\" width=\"1998\" height=\"1332\" \/><\/a><figcaption class=\"wp-caption-text\">Kurosengoku soya fasulyesinden mavi edamame<\/figcaption><\/figure>\n<p>\ufffc<\/p>\n<figure class=\"wp-caption aligncenter\"><a href=\"https:\/\/photos.google.com\/share\/AF1QipMKIuWXhJmvce-BtC11Oeu-7dAIX1eITNMxmCiWAGzp2KPvCgR8pXMFtOWvjvVUMg\/photo\/AF1QipMvU9Xr_hNnr9AR8hfQJdgFl-0BMfbDh7Y4Txg?key=bmRwYjF1WmRra3Z5MU5OREtCbWgyclhHR2oxOTRn\" target=\"_blank\" rel=\"noopener noreferrer\"><img decoding=\"async\" class=\"size-medium\" src=\"https:\/\/lh3.googleusercontent.com\/pw\/ACtC-3e0c_MPG96slR6LzGvhkaMnz63CckUqbE-4b6bvUQMpaoGsHDkrldUGD3f7KA6OJCL33z6uPhM70sIfsVRsXeA2rcBpdIDirFo8tfWQQzTnXTshbQlIf_OqVoB4d4Q2tqtnHgBKIgDsEV-BsQD__13e=w2000-h1332-no?authuser=0\" alt=\"Kurosengoku soya fasulyesinin b\u00fcy\u00fcmesinin incelenmesi\" width=\"1998\" height=\"1332\" \/><\/a><figcaption class=\"wp-caption-text\">Kurosengoku soya fasulyesinin b\u00fcy\u00fcmesinin incelenmesi<\/figcaption><\/figure>\n<figure class=\"wp-caption aligncenter\"><a href=\"https:\/\/photos.google.com\/share\/AF1QipMKIuWXhJmvce-BtC11Oeu-7dAIX1eITNMxmCiWAGzp2KPvCgR8pXMFtOWvjvVUMg\/photo\/AF1QipMrZ73y5opl_Bm52bBe-s89feQe0smREHAW3Pw?key=bmRwYjF1WmRra3Z5MU5OREtCbWgyclhHR2oxOTRn\" target=\"_blank\" rel=\"noopener noreferrer\"><img decoding=\"async\" class=\"size-medium\" src=\"https:\/\/lh3.googleusercontent.com\/pw\/ACtC-3fsYDwcCDWmKgR2R5pMZRxn4nWtJh1ydt4KIi-8qN40OrxfkWiIfqGpoY-3Qxe2yTnTKQ0n3pDyROAv5WcA5I8sRj2N-oNLFRuP3cou8UkdZlOlJoXbgffkKEuLmdZsyIdpTagC7z3ny90rfLF5wVi3=w2000-h1332-no?authuser=0\" alt=\"Herkes \u00e7i\u011f Kurosengoku soya fasulyesini tad\u0131yor\" width=\"1998\" height=\"1332\" \/><\/a><figcaption class=\"wp-caption-text\">Herkes \u00e7i\u011f Kurosengoku soya fasulyesini tad\u0131yor<\/figcaption><\/figure>\n<p>\ufffc<\/p>\n<figure class=\"wp-caption aligncenter\"><a href=\"https:\/\/photos.google.com\/share\/AF1QipMKIuWXhJmvce-BtC11Oeu-7dAIX1eITNMxmCiWAGzp2KPvCgR8pXMFtOWvjvVUMg\/photo\/AF1QipOYzSOduZSqFBjniRK61ajRF5jlcy5gnYM1sik?key=bmRwYjF1WmRra3Z5MU5OREtCbWgyclhHR2oxOTRn\" target=\"_blank\" rel=\"noopener noreferrer\"><img decoding=\"async\" class=\"size-medium\" src=\"https:\/\/lh3.googleusercontent.com\/pw\/ACtC-3cTuh832098zy4QYXXQhLgJzITEi8NfB6skJRCLqtjPg7TuJsVBaId5H1LWcCydaXRO8N29CgDJHbXUvP7Sr56_G5PucAaVHI4Knp4si5xZF5CeYqd4XhpYiLfZgaaLsxxqkU9SRzLQeOoV12HJGI1B=w2000-h1332-no?authuser=0\" alt=\"Anlad\u0131m, tad\u0131 da b\u00f6yleymi\u015f!\" width=\"1998\" height=\"1332\" \/><\/a><figcaption class=\"wp-caption-text\">Anlad\u0131m, tad\u0131 da b\u00f6yleymi\u015f!<\/figcaption><\/figure>\n<figure class=\"wp-caption aligncenter\"><a href=\"https:\/\/photos.google.com\/share\/AF1QipMKIuWXhJmvce-BtC11Oeu-7dAIX1eITNMxmCiWAGzp2KPvCgR8pXMFtOWvjvVUMg\/photo\/AF1QipMPUU5kCBRuqj3GEZ-1m8ycNZnG8ynSluds0jk?key=bmRwYjF1WmRra3Z5MU5OREtCbWgyclhHR2oxOTRn\" target=\"_blank\" rel=\"noopener noreferrer\"><img decoding=\"async\" class=\"size-medium\" src=\"https:\/\/lh3.googleusercontent.com\/pw\/ACtC-3cRjqMuJFZHfDPkctGrIE3iklKwCqD7Ap8du6qw6bBovJ_CmPGQ5099HpQvf9lZTgcfpsYXrgQNA-zq30HKiLFldrLiUZDki-yhMoNs8_9gGxxtWC0-DBmYKCUVu9MWBXb7QMKYiRwkqXz7MUM80-ku=w2000-h1332-no?authuser=0\" alt=\"Bu \u00e7i\u011f Kurosengoku soya fasulyesi!\" width=\"1998\" height=\"1332\" \/><\/a><figcaption class=\"wp-caption-text\">Bu \u00e7i\u011f Kurosengoku soya fasulyesi!<\/figcaption><\/figure>\n<p>\ufffc<\/p>\n<figure class=\"wp-caption aligncenter\"><a href=\"https:\/\/photos.google.com\/share\/AF1QipMKIuWXhJmvce-BtC11Oeu-7dAIX1eITNMxmCiWAGzp2KPvCgR8pXMFtOWvjvVUMg\/photo\/AF1QipNzM9ElzOHKiz0TK0obFS3jq6BQ_En7w-R3h2g?key=bmRwYjF1WmRra3Z5MU5OREtCbWgyclhHR2oxOTRn\" target=\"_blank\" rel=\"noopener noreferrer\"><img decoding=\"async\" class=\"size-medium\" src=\"https:\/\/lh3.googleusercontent.com\/pw\/ACtC-3cjR4_3jEslA3yP2AeSERd6oWzyw_EItSLHyX7fPlzU0REPY7TiD-tT9rPz1e9SqxXKMxuLQeo0-kaggxJooYZgIfXau8Xjtg7AOnbgzcxiLAGHvWf3Af7DdD2XYlryFri7O6Oq-lODeUAi37tM1OoL=w2000-h1332-no?authuser=0\" alt=\"Herkes Hokuryu Onsen&#039;e do\u011fru gidiyor\" width=\"1998\" height=\"1332\" \/><\/a><figcaption class=\"wp-caption-text\">Herkes Hokuryu Onsen&#039;e do\u011fru gidiyor<\/figcaption><\/figure>\n<p>Turun ard\u0131ndan herkes Sunflower Park Kitaryu Onsen&#039;deki Kazaguruma restoran\u0131nda \u00f6\u011fle yeme\u011fi yemeye gitti.<\/p>\n<p><a href=\"https:\/\/portal.hokuryu.info\/tr\/4841\/\">Yaz\u0131 \u00f6\u011fleden sonra devam edecek. . .<\/a><\/p>\n<h2>Di\u011fer foto\u011fraflar<\/h2>\n<p>\u30fb<a href=\"https:\/\/photos.app.goo.gl\/uyTkUq2p3xmqzZsy5\" target=\"_blank\" rel=\"noopener noreferrer\">Diyet heyetinin Hokuryu Kasabas\u0131&#039;ndaki (Hokkaido) yerinde toplant\u0131s\u0131n\u0131n foto\u011fraflar\u0131 (182 foto\u011fraf) burada mevcuttur &gt;&gt;<\/a><\/p>\n<h3>\u0130lgili makaleler<\/h3>\n<p>\u30fb<a href=\"https:\/\/portal.hokuryu.info\/tr\/kurosengokubean.html\/\" rel=\"noopener noreferrer\" target=\"_blank\">Kurosengoku \u0130\u015f Kooperatifi Derne\u011fi Tan\u0131t\u0131m Sayfas\u0131<\/a><br \/>\n\u30fb<a href=\"https:\/\/kurosengoku.or.jp\/\" rel=\"noopener noreferrer\" target=\"_blank\">Kurosengoku \u0130\u015f Kooperatifleri Birli\u011fi \u00c7evrimi\u00e7i Ma\u011fazas\u0131<\/a><br \/>\n\u30fb<a href=\"https:\/\/portal.hokuryu.info\/tr\/topics\/agri\/20180514\/\" rel=\"noopener noreferrer\" target=\"_blank\">Takushoku \u00dcniversitesi Hokkaido Junior College&#039;dan Emeritus Profes\u00f6r Takashi Sanbuichi ile yeni Kurosengoku soya \u00e7e\u015fidi &quot;Ryukei No. 3&quot; hakk\u0131nda konu\u015ftuk.<\/a>(14 May\u0131s 2018)<\/p>\n<p>\u30fb<a href=\"https:\/\/portal.hokuryu.info\/tr\/3277\/\">Tar\u0131m, Ormanc\u0131l\u0131k ve Bal\u0131k\u00e7\u0131l\u0131k eski Bakan\u0131 Masahiko Yamada ve film y\u00f6netmeni Masaki Haramura, &quot;Hokuryu Kasabas\u0131&quot;n\u0131 ziyaret etti ve &quot;Tohum ve G\u0131da G\u00fcvenli\u011fi&quot; konulu belgesel film prod\u00fcksiyonunu ger\u00e7ekle\u015ftirdi ve Kurosengoku \u0130\u015f Kooperatifi Derne\u011fi ile mekan r\u00f6portaj\u0131 yapt\u0131<\/a>(25 Haziran 2020)<\/p>\n<p>\u30fb<a href=\"https:\/\/portal.hokuryu.info\/tr\/4836\/\" target=\"_blank\" rel=\"noopener noreferrer\">Diyet \u00dcyeleri Grubu: Hokuryu Kasabas\u0131nda (Hokkaido) Tohum ve Fidan Yasas\u0131nda De\u011fi\u015fiklik Yap\u0131lmas\u0131na Dair Yerel Toplant\u0131 [No.1] Kurosengoku \u0130\u015f Kooperatifi Derne\u011fi<\/a><br \/>\n\u30fb<a href=\"https:\/\/portal.hokuryu.info\/tr\/4841\/\" target=\"_blank\" rel=\"noopener noreferrer\">Hokuryu Kasabas\u0131nda (Hokkaido) Tohum ve Fidan Yasas\u0131n\u0131n [No.2] Revizyonu Konulu Diyet \u00dcyeleri Grubu Toplant\u0131s\u0131 Honoka Tar\u0131m Kooperatifi<\/a><br \/>\n\u30fb<a href=\"https:\/\/portal.hokuryu.info\/tr\/4845\/\" target=\"_blank\" rel=\"noopener noreferrer\">Hokuryu Kasabas\u0131&#039;ndaki (Hokkaido) Diyet \u00fcyeleriyle kendi kendine ormanc\u0131l\u0131k konusunda bir toplant\u0131 [No.3] Tatsuya Kamii ile bir toplant\u0131 ve fikir al\u0131\u015fveri\u015fi<\/a><\/p>\n<p>\u25c7 \u00c7ekim ve kurgu: Noboru Terauchi R\u00f6portaj ve metin: Ikuko Terauchi<\/p>","protected":false},"excerpt":{"rendered":"<p>\uff12\uff10\uff12\uff10\u5e74\uff19\u6708\uff12\uff15\u65e5\uff08\u91d1\uff09 \uff19\u6708\uff11\uff10\u65e5\uff08\u6728\uff09\u3001\u5317\u6d77\u9053\u305f\u306d\u306e\u4f1a\uff08\u4e45\u7530\u5fb3\u4e8c \u4f1a\u9577\uff09\u306e\u3054\u7d39\u4ecb\u306b\u3088\u308a\u3001\u65e5\u672c\u5171\u7523\u515a\u8b70\u54e1\u56e3\u306e\u65b9\u3005\u3068\u306e\u7a2e\u82d7\u6cd5\u3092\u3081\u3050\u308b\u554f\u984c\u306b\u3064\u3044\u3066\u306e\u73fe\u5730\u61c7\u8ac7\u4f1a\u304c\u5317\u7adc\u753a\u306b\u3066\u958b\u50ac\u3055\u308c\u307e\u3057\u305f\u3002 \u56fd\u4f1a\u8b70\u54e1\u56e3\u306e [&hellip;]<\/p>\n","protected":false},"author":1,"featured_media":4837,"comment_status":"open","ping_status":"open","sticky":false,"template":"","format":"standard","meta":{"footnotes":""},"categories":[4],"tags":[],"class_list":["post-4836","post","type-post","status-publish","format-standard","has-post-thumbnail","hentry","category-cover-story"],"_links":{"self":[{"href":"https:\/\/portal.hokuryu.info\/tr\/wp-json\/wp\/v2\/posts\/4836","targetHints":{"allow":["GET"]}}],"collection":[{"href":"https:\/\/portal.hokuryu.info\/tr\/wp-json\/wp\/v2\/posts"}],"about":[{"href":"https:\/\/portal.hokuryu.info\/tr\/wp-json\/wp\/v2\/types\/post"}],"author":[{"embeddable":true,"href":"https:\/\/portal.hokuryu.info\/tr\/wp-json\/wp\/v2\/users\/1"}],"replies":[{"embeddable":true,"href":"https:\/\/portal.hokuryu.info\/tr\/wp-json\/wp\/v2\/comments?post=4836"}],"version-history":[{"count":0,"href":"https:\/\/portal.hokuryu.info\/tr\/wp-json\/wp\/v2\/posts\/4836\/revisions"}],"wp:featuredmedia":[{"embeddable":true,"href":"https:\/\/portal.hokuryu.info\/tr\/wp-json\/wp\/v2\/media\/4837"}],"wp:attachment":[{"href":"https:\/\/portal.hokuryu.info\/tr\/wp-json\/wp\/v2\/media?parent=4836"}],"wp:term":[{"taxonomy":"category","embeddable":true,"href":"https:\/\/portal.hokuryu.info\/tr\/wp-json\/wp\/v2\/categories?post=4836"},{"taxonomy":"post_tag","embeddable":true,"href":"https:\/\/portal.hokuryu.info\/tr\/wp-json\/wp\/v2\/tags?post=4836"}],"curies":[{"name":"wp","href":"https:\/\/api.w.org\/{rel}","templated":true}]}}