{"id":47122,"date":"2024-07-03T13:05:52","date_gmt":"2024-07-03T04:05:52","guid":{"rendered":"https:\/\/portal.hokuryu.info\/?p=47122"},"modified":"2025-07-01T07:57:23","modified_gmt":"2025-06-30T22:57:23","slug":"sapporo-hokuryu-festivali-2024-hokuryu-kasabasi-sakinleri-ve-yerlileri","status":"publish","type":"post","link":"https:\/\/portal.hokuryu.info\/tr\/47122\/","title":{"rendered":"Sapporo Hokuryu Festivali 2024: Hokuryu Kasabas\u0131 sakinleri ve kasaba halk\u0131 ruhen bir araya geliyor"},"content":{"rendered":"<p>\u00c7ar\u015famba, 3 Temmuz 2024<\/p>\n<p>2024 Sapporo Hokuryu Festivali, 30 Haziran Pazar g\u00fcn\u00fc saat 18:00&#039;da ger\u00e7ekle\u015ftirildi. Sapporo Sun Plaza&#039;n\u0131n (Sapporo \u015eehri) 2. kat\u0131ndaki Gyokuyo Odas\u0131&#039;nda.<\/p>\n<h2>Sapporo Hokuryu Festivali 2024<\/h2>\n<figure class=\"wp-caption aligncenter\"><a href=\"https:\/\/photos.google.com\/share\/AF1QipOMLYW4FNKw2kcw08y0FdFOYR3Uu3saL9M33nxEVLOqB2wqZmG8pHpMBypLu5qjAw\/photo\/AF1QipPiNt0ILQppoIrO1nN3pMH-knW73xUu4wKyHpA?key=cUhxenFRWGVyZkZoVWRsc2lhVFFqdWVGWl82WGZ3\" target=\"_blank\" rel=\"noopener\"><img decoding=\"async\" src=\"https:\/\/lh3.googleusercontent.com\/pw\/AP1GczMW5x53XxpIhMScVMcd4cDylbqdpASr-N9ysws86RCN4PU27jSrI4LtkaQVuNCyJt5K1Mt8lDpYmZf3aNtdegHfStP3lOj8KsNJvm0PHB-RxDUmFGiZDtCRhRwuA5BljXA5HaL_E6hriPdYOeytytW8=w2000-h1500-s-no-gm?authuser=0\" width=\"2000\" height=\"1500\" alt=\"Sapporo Sunplaza 2. kat &quot;Gyokuyo no Ma&quot;\" class=\"size-full\" \/><\/a><figcaption class=\"wp-caption-text\">Sapporo Sunplaza 2. kat &quot;Gyokuyo no Ma&quot;<\/figcaption><\/figure>\n<h3>Sapporo Hokuryu-kai<\/h3>\n<p>Sapporo Hokuryu-kai, Hokuryu Kasabas\u0131 halk\u0131n\u0131n sosyal bir araya geldi\u011fi bir etkinliktir. Grup, Hokuryu Kasabas\u0131&#039;ndan Sapporo b\u00f6lgesine ta\u015f\u0131nan insanlar\u0131n bilgi al\u0131\u015fveri\u015finde bulunmak ve ba\u011flar\u0131n\u0131 derinle\u015ftirmek amac\u0131yla bir araya gelmesiyle kuruldu.<\/p>\n<p>Toplant\u0131ya Kitary\u016b kasabas\u0131ndan meclis \u00fcyeleri, belediye \u00e7al\u0131\u015fanlar\u0131 ve kasaba dernek \u00fcyelerimiz olmak \u00fczere toplam 21 ki\u015fi kat\u0131ld\u0131.<\/p>\n<figure class=\"wp-caption aligncenter\"><a href=\"https:\/\/photos.google.com\/share\/AF1QipOMLYW4FNKw2kcw08y0FdFOYR3Uu3saL9M33nxEVLOqB2wqZmG8pHpMBypLu5qjAw\/photo\/AF1QipOfUmGJwRuTkPyGdL1qKwOdNAI9WODTu1lE4ak?key=cUhxenFRWGVyZkZoVWRsc2lhVFFqdWVGWl82WGZ3\" target=\"_blank\" rel=\"noopener\"><img decoding=\"async\" src=\"https:\/\/lh3.googleusercontent.com\/pw\/AP1GczMarLR6mp90kCsaCcoaeDvzAXiQOcINTR2zrVjuYzvBeWp2oTHV8-OHBT808F_wSjPA3u_ytO1xRG5VnBtoWcoVnCoNZZl2f2-dUO72tV3njnx7S_uc5gn4ZYJGe4HGdlNMM6tz1IKHizZqMoTg6ydR=w2000-h1500-s-no-gm?authuser=0\" width=\"2000\" height=\"1500\" alt=\"49 kat\u0131l\u0131mc\u0131\" class=\"size-full\" \/><\/a><figcaption class=\"wp-caption-text\">49 kat\u0131l\u0131mc\u0131<\/figcaption><\/figure>\n<h3>A\u00e7\u0131l\u0131\u015f<\/h3>\n<p>Genel moderat\u00f6rl\u00fc\u011f\u00fcn\u00fc Denet\u00e7i Kenji Miyawaki yapacakt\u0131r.<\/p>\n<figure class=\"wp-caption aligncenter\"><a href=\"https:\/\/photos.google.com\/share\/AF1QipOMLYW4FNKw2kcw08y0FdFOYR3Uu3saL9M33nxEVLOqB2wqZmG8pHpMBypLu5qjAw\/photo\/AF1QipMYZ7ERiPo3Uyy6QIGsi9WAG73nGKsQklX-kpA?key=cUhxenFRWGVyZkZoVWRsc2lhVFFqdWVGWl82WGZ3\" target=\"_blank\" rel=\"noopener\"><img decoding=\"async\" src=\"https:\/\/lh3.googleusercontent.com\/pw\/AP1GczNg9HX3LAXYoXchoVYb-v08aEn9y3IM-nYMfDpaxGGqpo1Fj2OTwCmaWPS2jQFvsgGk8lj1GuWRT-YqdgamnmBuHWgNQIqeGWAtGMx6g-fDg_JFCbJ80J5ubukBdyoPbfdPUd_rAAisBgiAfAHjgh76=w2000-h1500-s-no-gm?authuser=0\" width=\"2000\" height=\"1500\" alt=\"Genel MC ve Denet\u00e7i Kenji Miyawaki\" class=\"size-full\" \/><\/a><figcaption class=\"wp-caption-text\">Genel MC ve Denet\u00e7i Kenji Miyawaki<\/figcaption><\/figure>\n<h3>Ba\u015fkan\u0131n Selamlamas\u0131: Ba\u015fkan Takashi Takebayashi<\/h3>\n<figure class=\"wp-caption aligncenter\"><a href=\"https:\/\/photos.google.com\/share\/AF1QipOMLYW4FNKw2kcw08y0FdFOYR3Uu3saL9M33nxEVLOqB2wqZmG8pHpMBypLu5qjAw\/photo\/AF1QipPLUs5G2WYQ4qN0Zq12Voq7BVfDNgukKFHq7Bw?key=cUhxenFRWGVyZkZoVWRsc2lhVFFqdWVGWl82WGZ3\" target=\"_blank\" rel=\"noopener\"><img decoding=\"async\" src=\"https:\/\/lh3.googleusercontent.com\/pw\/AP1GczPdjknpEx4ri0pl9RqjnojuZokKp5gkzZn0IhIoQJdA6FVJ8QNiHbvusePM2ITUergFKT0bxmFiPjI0o-lExvJ-F4atR2ZBaxY1BjNeWsMd_H_1txJz4dzY9f3XsrOcUN_sAMxrcyvAGp2zeGBU5Kv-=w2000-h1125-s-no-gm?authuser=0\" width=\"2000\" height=\"1125\" alt=\"Ba\u015fkan Takashi Takebayashi\" class=\"size-full\" \/><\/a><figcaption class=\"wp-caption-text\">Ba\u015fkan Takashi Takebayashi<\/figcaption><\/figure>\n<p>&quot;Herkese iyi ak\u015famlar!<br \/>\nGe\u00e7ti\u011fimiz g\u00fcnlerde yap\u0131lan genel kurulda ba\u015fkanl\u0131k g\u00f6revini \u00fcstlenmem istendi. Ben bunu yapmaya do\u011fal olarak yetkili de\u011filim, ancak Ba\u015fkan Konishi ve k\u0131demli meslekta\u015flar\u0131m bunu \u015fiddetle tavsiye ettiler, bu y\u00fczden g\u00f6revi kabul ettim.<\/p>\n<p>\u00c7ok uzun zamand\u0131r bu grupta yer alm\u0131yorum ama sizin deste\u011finiz ve i\u015fbirli\u011finizle elimden gelenin en iyisini yapmaya \u00e7al\u0131\u015faca\u011f\u0131m, bu y\u00fczden deste\u011finizin devam\u0131n\u0131 rica ediyorum.<\/p>\n<p>Bu toplulu\u011fun sosyal bulu\u015fmas\u0131, COVID-19 salg\u0131n\u0131n\u0131n etkisiyle d\u00f6rt y\u0131l aradan sonra ilk kez ge\u00e7en y\u0131l kas\u0131m ay\u0131nda ger\u00e7ekle\u015fti.<\/p>\n<p>Bu y\u0131l da her zamanki gibi genel kurul ve sosyal bulu\u015fmay\u0131 ger\u00e7ekle\u015ftirebildik. Eminim uzun zamand\u0131r g\u00f6rmedi\u011fim \u00fcyelerimiz de vard\u0131r ama hepinizi sa\u011fl\u0131kl\u0131 ve iyi durumda g\u00f6rebildi\u011fim i\u00e7in \u00e7ok mutluyum.<\/p>\n<p>Bug\u00fcn memleketim Hokuryu Kasabas\u0131&#039;ndan 20&#039;den fazla ki\u015fi aram\u0131za kat\u0131ld\u0131. Pazar g\u00fcn\u00fc olmas\u0131na ra\u011fmen uzaktan gelen herkese te\u015fekk\u00fcr etmek istiyoruz. Ve ben \u00e7ok etkilendim. Te\u015fekk\u00fcrler.<\/p>\n<p>Hepinizin bildi\u011fi gibi bu y\u0131l yeni bir belediye ba\u015fkan\u0131m\u0131z var.<\/p>\n<p>Eski Belediye Ba\u015fkan\u0131 Sano da bug\u00fcn kat\u0131l\u0131yor ve \u00fc\u00e7 d\u00f6nem ve 12 y\u0131ll\u0131k g\u00f6rev s\u00fcresi boyunca, salg\u0131n\u0131n zor ko\u015fullar\u0131na ve devam eden n\u00fcfus azalmas\u0131na ra\u011fmen memleketi Hokuryu i\u00e7in \u00e7ok \u00e7al\u0131\u015ft\u0131.<\/p>\n<p>Yeni bir ticari tesis in\u015fa etmek, bir anaokulu in\u015fa etmek ve ay\u00e7i\u00e7ek ya\u011f\u0131 \u00fcretimini canland\u0131rmak gibi benzeri g\u00f6r\u00fclmemi\u015f g\u00f6revler de dahil olmak \u00fczere pek \u00e7ok ba\u015far\u0131y\u0131 geride b\u0131rakt\u0131. Memleketimizi koruyup geli\u015ftirdi\u011finiz i\u00e7in en i\u00e7ten \u015f\u00fckranlar\u0131m\u0131 sunmak isterim. \u00e7ok te\u015fekk\u00fcr ederim.<\/p>\n<p>Ayr\u0131ca Sasaki yeni belediye ba\u015fkan\u0131 olarak atand\u0131. Hepinizin bildi\u011fi gibi, Bay Sasaki&#039;nin aile \u015firketi Sasaki Construction idi ve \u015fu anda Kitaso Construction ad\u0131nda bir \u015firket kurmak i\u00e7in birle\u015ftiler. \u0130\u015fletmenin y\u00f6neticili\u011fini \u00fcstlenmi\u015fti ancak 30 ya\u015f\u0131nda belediye meclisi \u00fcyesi oldu ve 2006&#039;dan ge\u00e7en y\u0131la kadar belediye meclisi ba\u015fkanl\u0131\u011f\u0131 g\u00f6revini y\u00fcr\u00fctt\u00fc. Kitary\u016b Kasabas\u0131&#039;ndaki mevcut durumu ve zorluklar\u0131 i\u00e7ten d\u0131\u015fa biliyor.<\/p>\n<p>B\u00f6yle bir ki\u015finin Hokuryu Kasabas\u0131&#039;nda liderlik rol\u00fcn\u00fc \u00fcstlenecek olmas\u0131ndan dolay\u0131 cesaretleniyorum. Sa\u011fl\u0131\u011f\u0131n\u0131za dikkat etmenizi ve yeteneklerinizi sergilemeye devam etmenizi umuyorum.<\/p>\n<p>Ba\u015fkan Nakamura ge\u00e7en y\u0131l\u0131n kas\u0131m ay\u0131nda g\u00f6reve ba\u015flad\u0131. Nakamura ayn\u0131 zamanda soba eri\u015ftesi yap\u0131m\u0131nda da ustad\u0131r. Okuda, yar\u0131ndan itibaren belediye ba\u015fkan yard\u0131mc\u0131s\u0131 olarak yeni g\u00f6revine ba\u015flayacak. Kitary\u016b Kasabas\u0131ndan kat\u0131lan herkesin kendi rolleriyle katk\u0131da bulunabilece\u011fini umuyoruz.<\/p>\n<p>Sapporo Hokuryu Derne\u011fimiz 1968 y\u0131l\u0131nda kuruldu\u011fundan bu yana Hokuryu Kasabas\u0131 insanlar\u0131 aras\u0131nda dostlu\u011fu geli\u015ftirmek ve memleketimizi desteklemek amac\u0131yla \u00e7e\u015fitli giri\u015fimlerde bulunduk.<\/p>\n<p>Ya\u015f\u0131m ilerlemesine ra\u011fmen bu aktivitelere devam etmek istiyorum. Ancak yine de gruba yeni ki\u015filerin kat\u0131lmas\u0131n\u0131 rica ediyorum. Sapporo&#039;da Hokuryu Kasabas\u0131&#039;ndan birileri varsa l\u00fctfen bizimle veya sekreterli\u011fimizle ileti\u015fime ge\u00e7mekten \u00e7ekinmeyin, size bilgi verece\u011fiz.<\/p>\n<p>Bug\u00fcn denet\u00e7iler \u00e7ok yo\u011fun bir \u015fekilde d\u00fc\u015f\u00fcn\u00fcyorlar, bu nedenle zaman\u0131m\u0131z k\u0131s\u0131tl\u0131 olsa da keyifli vakit ge\u00e7irmenizi ve birbirinizle olan dostluklar\u0131n\u0131z\u0131 derinle\u015ftirmenizi umuyorum. Hepinize bir kez daha \u015f\u00fckranlar\u0131m\u0131 sunmak ve a\u00e7\u0131l\u0131\u015f konu\u015fmam\u0131 burada tamamlamak istiyorum. Bug\u00fcnk\u00fc i\u015fbirli\u011finiz i\u00e7in te\u015fekk\u00fcr ederiz. &quot;\u00c7ok te\u015fekk\u00fcr ederim&quot; dedi Takebayashi.<\/p>\n<h3>Konuklar\u0131n tan\u0131t\u0131m\u0131: Hokuryu Kasabas\u0131&#039;ndan kat\u0131l\u0131mc\u0131lar\u0131n tan\u0131t\u0131m\u0131<\/h3>\n<figure class=\"wp-caption aligncenter\"><a href=\"https:\/\/photos.google.com\/share\/AF1QipOMLYW4FNKw2kcw08y0FdFOYR3Uu3saL9M33nxEVLOqB2wqZmG8pHpMBypLu5qjAw\/photo\/AF1QipPLukB8j1YLcFGc8lBDzZEeDr7APP-P2aYxjVU?key=cUhxenFRWGVyZkZoVWRsc2lhVFFqdWVGWl82WGZ3\" target=\"_blank\" rel=\"noopener\"><img decoding=\"async\" src=\"https:\/\/lh3.googleusercontent.com\/pw\/AP1GczMcwTL2DgcG_e25cAJ4J75wXSWPzw-hXkYEy07ucGzBNmyKS86f8so8tC9ybSxrZCinbRJevnLM-FRCoWECxn7fpuph_3gNup_6hAfIwkMfpPZoIbbQPJpYgGbEbQWRRKEkrie2FVIAUj2qHngIjziJ=w2000-h1500-s-no-gm?authuser=0\" width=\"2000\" height=\"1500\" alt=\"Hokuryu Kasabas\u0131ndan 21 ki\u015fi kat\u0131ld\u0131\" class=\"size-full\" \/><\/a><figcaption class=\"wp-caption-text\">Hokuryu Kasabas\u0131ndan 21 ki\u015fi kat\u0131ld\u0131<\/figcaption><\/figure>\n<h3>Konuk konu\u015fmas\u0131: Hokuryu Kasabas\u0131 Belediye Ba\u015fkan\u0131 Yasuhiro Sasaki<\/h3>\n<figure class=\"wp-caption aligncenter\"><a href=\"https:\/\/photos.google.com\/share\/AF1QipOMLYW4FNKw2kcw08y0FdFOYR3Uu3saL9M33nxEVLOqB2wqZmG8pHpMBypLu5qjAw\/photo\/AF1QipPYoXTZebP_HhSdKypXX8ZLGeirRQ8LUE8FEVo?key=cUhxenFRWGVyZkZoVWRsc2lhVFFqdWVGWl82WGZ3\" target=\"_blank\" rel=\"noopener\"><img decoding=\"async\" src=\"https:\/\/lh3.googleusercontent.com\/pw\/AP1GczN7YFMnjQ1T5D-Ighijk3N3e-6fwutfa2ejzOBpUn9jza7ZLrAC-bhyY1kk8UJDHmGLOoA5RzgF5aoNbSKgn3q__BmebUVcdZrligOS0HFue6V7JP8n1zkK0QAz6Fq8HQ1FBteJADGexEkn6Vki3XBt=w2000-h1125-s-no-gm?authuser=0\" width=\"2000\" height=\"1125\" alt=\"Hokuryu Kasabas\u0131 Belediye Ba\u015fkan\u0131 Say\u0131n Yasuhiro Sasaki\" class=\"size-full\" \/><\/a><figcaption class=\"wp-caption-text\">Hokuryu Kasabas\u0131 Belediye Ba\u015fkan\u0131 Say\u0131n Yasuhiro Sasaki<\/figcaption><\/figure>\n<p>&quot;Bu y\u0131l\u0131n 22 \u015eubat&#039;\u0131nda yedinci belediye ba\u015fkan\u0131 oldum. \u00d6nceki belediye ba\u015fkan\u0131 Say\u0131n Sano&#039;nun sa\u011flam politika yolunu izleyerek ilerlemek istiyorum.<\/p>\n<p>Bug\u00fcn g\u00f6revine ba\u015flayacak olan Ba\u015fkan Takebayashi&#039;yi de tebrik ediyorum. Bir\u00e7ok konuda \u00e7ok d\u00fc\u015f\u00fcnceli bir insandan beklendi\u011fi gibi, Say\u0131n Sano, ben ve Nakamura \u00e7ok ayr\u0131nt\u0131l\u0131 bir \u015fekilde ele ald\u0131k ve nazik s\u00f6zleriniz i\u00e7in ger\u00e7ekten minnettar\u0131z. Bu duygular\u0131n onun memleketi Hokuryu&#039;nun yans\u0131mas\u0131 oldu\u011funu hissettim.<\/p>\n<p>\u00d6nceki ba\u015fkan Say\u0131n Konishi, kalk\u0131nma idaresinin ve ulusal bir kurumun ba\u015fkan\u0131yd\u0131 ve t\u00fcm aileyi d\u00fczg\u00fcn bir \u015fekilde organize edebildi. Tar\u0131m Bakanl\u0131\u011f\u0131 M\u00fcd\u00fcr\u00fc olarak Takebayashi, \u00fclkenin en zor zamanlar\u0131ndan ge\u00e7ti\u011fi bir d\u00f6nemde liderlik g\u00f6sterdi. \u015eirketimizin ba\u015f\u0131na iki \u00e7ok \u00f6nemli isim ge\u00e7ti, ben de kendilerine bir\u00e7ok konuda destek olmak istiyorum.<\/p>\n<p>Kitary\u016b Kasabas\u0131&#039;n\u0131n tar\u0131m, turizm ve Ticaret Odas\u0131&#039;yla ilgili daha sonra bilgi verece\u011fim.<\/p>\n<p>Hokuryu Kasabas\u0131 k\u00fc\u00e7\u00fck ama g\u00f6z kama\u015ft\u0131r\u0131c\u0131 bir kasabad\u0131r. Hokuryu Kasabas\u0131&#039;n\u0131n n\u00fcfusu bir zamanlar 6.443 iken, 1 Haziran itibar\u0131yla 1.612&#039;ye d\u00fc\u015ft\u00fc. Bu sadece Kitary\u016b Kasabas\u0131 ile s\u0131n\u0131rl\u0131 de\u011fil, k\u00fc\u00e7\u00fck de olsa parlayan, g\u00fc\u00e7l\u00fc bir kasaba yaratmak istiyoruz.<\/p>\n<p>Son bir haftad\u0131r hava \u00e7ok g\u00fczel ve Hokuryu&#039;da hayat \u00e7ok yo\u011fun. 27 ve 28 Haziran tarihlerinde Hokuryu Kasabas\u0131 sakinlerinin tamam\u0131 Ay\u00e7i\u00e7e\u011fi K\u00f6y\u00fc&#039;ndeki otlar\u0131 temizlemeye yard\u0131m etti. Kasaba halk\u0131n\u0131n bu davran\u0131\u015f\u0131n\u0131 \u00e7ok g\u00fczel bir davran\u0131\u015f olarak g\u00f6r\u00fcyorum.<\/p>\n<p>Ayr\u0131ca 28 Cuma g\u00fcn\u00fc Kitaryu yang\u0131n tatbikat\u0131 yap\u0131ld\u0131 ve kasabam\u0131z\u0131n gen\u00e7leri tatbikatta afetlere kar\u015f\u0131 haz\u0131rl\u0131kl\u0131 olmak i\u00e7in azim ve co\u015fkular\u0131n\u0131 sergilediler. Kasabalar\u0131n\u0131 korumak i\u00e7in orada bulunan 60 gencin kararl\u0131l\u0131\u011f\u0131n\u0131 ve g\u00fcc\u00fcn\u00fc yans\u0131tan bir tatbikatt\u0131.<\/p>\n<p>Bug\u00fcn bu y\u0131l\u0131n yar\u0131s\u0131na geldik. Yar\u0131n 1 Temmuz ve di\u011fer yar\u0131s\u0131 ba\u015fl\u0131yor. Hokuryu Kasabas\u0131&#039;nda nihayet ay\u00e7i\u00e7e\u011fi mevsimi ba\u015flad\u0131. Bu olay\u0131n tekrarlanmas\u0131na ka\u00e7 y\u0131l kald\u0131\u011f\u0131n\u0131 bilmiyoruz ama memleketimizden insanlar\u0131n tekrar gelmesinden b\u00fcy\u00fck mutluluk duyar\u0131z ve kasaba olarak bunun i\u00e7in haz\u0131rl\u0131k yapmaktan mutluluk duyar\u0131z. \u0130\u015f birli\u011fin i\u00e7in te\u015fekk\u00fcrler.<\/p>\n<p>Baz\u0131 personel de\u011fi\u015fiklikleri oldu ve Ba\u015fkan Yard\u0131mc\u0131s\u0131 Takahashi \u015fu ana kadar \u00e7ok \u00e7al\u0131\u015ft\u0131. Yeni Ba\u015fkan Yard\u0131mc\u0131s\u0131 olarak, belediye \u00e7al\u0131\u015fanlar\u0131 ve kasaba halk\u0131yla ayn\u0131 do\u011frultuda \u00e7al\u0131\u015farak, herkesin beklentilerini kar\u015f\u0131layan ve ya\u015fatan g\u00fc\u00e7l\u00fc bir kasaba in\u015fa etmek i\u00e7in kararl\u0131l\u0131kla ileriye bakmak istiyorum.<\/p>\n<p>Devam eden deste\u011finiz i\u00e7in te\u015fekk\u00fcrlerimi ve minnettarl\u0131\u011f\u0131m\u0131 sunmak isterim. &quot;Bug\u00fcn beni davet etti\u011finiz i\u00e7in te\u015fekk\u00fcr ederim.&quot;<\/p>\n<figure class=\"wp-caption aligncenter\"><a href=\"https:\/\/photos.google.com\/share\/AF1QipOMLYW4FNKw2kcw08y0FdFOYR3Uu3saL9M33nxEVLOqB2wqZmG8pHpMBypLu5qjAw\/photo\/AF1QipMylP1fZ1GLHhFJnpHfqJbaW9V4WfEPdrTumgY?key=cUhxenFRWGVyZkZoVWRsc2lhVFFqdWVGWl82WGZ3\" target=\"_blank\" rel=\"noopener\"><img decoding=\"async\" src=\"https:\/\/lh3.googleusercontent.com\/pw\/AP1GczPY3HXs3qIrAiiPpkM4C4aXe40tzpYbJYt8nnslksG5lZNmkgwK6TxLfe_Ndzp6CLFOJTFP57ZE1Hkw8AtyXxMA0d1dQxovciH5JVc9EUbLcnNrIkQaMMt-bcvehkEufceWNM5GjcUDe4n-cmzWZKNQ=w2000-h1125-s-no-gm?authuser=0\" width=\"2000\" height=\"1125\" alt=\"K\u00fc\u00e7\u00fck ama parlayan bir kasaba yaratmay\u0131 hedefliyoruz!\" class=\"size-full\" \/><\/a><figcaption class=\"wp-caption-text\">K\u00fc\u00e7\u00fck ama parlayan bir kasaba yaratmay\u0131 hedefliyoruz!<\/figcaption><\/figure>\n<h3>Tost: Eski Hokuryu Belediye Ba\u015fkan\u0131 Yutaka Sano<\/h3>\n<figure class=\"wp-caption aligncenter\"><a href=\"https:\/\/photos.google.com\/share\/AF1QipOMLYW4FNKw2kcw08y0FdFOYR3Uu3saL9M33nxEVLOqB2wqZmG8pHpMBypLu5qjAw\/photo\/AF1QipM2xdZmQDOIILJG0Q4L08jd5hQIYaAqH5MWKQI?key=cUhxenFRWGVyZkZoVWRsc2lhVFFqdWVGWl82WGZ3\" target=\"_blank\" rel=\"noopener\"><img decoding=\"async\" src=\"https:\/\/lh3.googleusercontent.com\/pw\/AP1GczOExodG4tw2FL-DC8vHXpMjIOcSOGO4D7bUbyvtn8CVywWBWPCpz9e9vywXLMQoAluf6-1d92PcWbqvP6GKsZOoM9idcEcy1UfzEhszVL2A_IhcRsgP9dFtMWfpCFxKbIpJP0vb9h0ASVfAX8MY_TiL=w2000-h1125-s-no-gm?authuser=0\" width=\"2000\" height=\"1125\" alt=\"Eski Hokuryu Belediye Ba\u015fkan\u0131 Yutaka Sano\" class=\"size-full\" \/><\/a><figcaption class=\"wp-caption-text\">Eski Hokuryu Belediye Ba\u015fkan\u0131 Yutaka Sano<\/figcaption><\/figure>\n<p>&quot;Bug\u00fcnk\u00fc Sapporo Hokuryu Festivali&#039;ni kutluyorum.<\/p>\n<p>Yeni ba\u015fkan\u0131m\u0131z Takebayashi&#039;nin selamlar\u0131n\u0131 ald\u0131k ve kendisine nazik s\u00f6zleri i\u00e7in te\u015fekk\u00fcr etmek istiyoruz. \u00d6ncelikle Hokuryu Derne\u011fi Ba\u015fkan\u0131 Konishi&#039;ye son 18 y\u0131ld\u0131r memleketim Hokuryu Kasabas\u0131&#039;na g\u00f6sterdi\u011fi s\u0131cak destek i\u00e7in \u015f\u00fckranlar\u0131m\u0131 sunmak istiyorum.<\/p>\n<p>Ayr\u0131ca 20 y\u0131ld\u0131r Sapporo Hokuryu-kai&#039;de g\u00f6rev yap\u0131yorum, 8 y\u0131l belediye ba\u015fkan yard\u0131mc\u0131s\u0131, 12 y\u0131l da belediye ba\u015fkan\u0131 olarak g\u00f6rev yapt\u0131m ve derne\u011fin etkinliklerine kat\u0131ld\u0131m. COVID-19 nedeniyle k\u0131sa bir ara verdik ama herkes bize \u00e7ok iyi davrand\u0131. Bug\u00fcn o \u015f\u00fckran ve takdir etkinli\u011fine kat\u0131lma f\u0131rsat\u0131 buldum.<\/p>\n<p>Umar\u0131m daha sonra masalar\u0131n\u0131za gelip hepinize te\u015fekk\u00fcrlerimi sunar\u0131m.<\/p>\n<p>Hadi \u015fimdi kadeh kald\u0131ral\u0131m.<br \/>\nT\u00fcm kat\u0131l\u0131mc\u0131lar\u0131n sa\u011fl\u0131\u011f\u0131na ve Sapporo Hokuryu-kai&#039;nin s\u00fcrekli b\u00fcy\u00fcmesine kadeh kald\u0131r\u0131yoruz! &quot;dedi Bay Sano.<\/p>\n<h3>Ziyafet<\/h3>\n<h4>Yiyecek<\/h4>\n<ul>\n<li>\u00c7e\u015fitli sashimi<\/li>\n<li>Buharda pi\u015firilmi\u015f ya\u011fl\u0131 pisi bal\u0131\u011f\u0131<\/li>\n<li>\u0130stiridye soslu sotelenmi\u015f kalamar ve sebzeler<\/li>\n<li>Yumu\u015fak \u0131zgara domuz eti<\/li>\n<li>Tarak pirinci<\/li>\n<li>Yuzu \u015ferbeti<\/li>\n<\/ul>\n<figure class=\"wp-caption aligncenter\"><a href=\"https:\/\/photos.google.com\/share\/AF1QipOMLYW4FNKw2kcw08y0FdFOYR3Uu3saL9M33nxEVLOqB2wqZmG8pHpMBypLu5qjAw\/photo\/AF1QipOIjzjk-lRWV_uqWh0qHQH766deK-ZSabxPJYQ?key=cUhxenFRWGVyZkZoVWRsc2lhVFFqdWVGWl82WGZ3\" target=\"_blank\" rel=\"noopener\"><img decoding=\"async\" src=\"https:\/\/lh3.googleusercontent.com\/pw\/AP1GczMTR-isqSIL9F6B5wcsv0i3y7UxFz_lzRV3Hj19Pf_lK2HDWAmO9J9sGD7ez22MEQuFu812qS2GhO1VscwUuk8Q8gVrTN7A0o57JrBF3J6jZyPVF27UeggNIJOT0ggzrpBa4gGSbDh7x-j1VyhwIsPT=w2000-h1500-s-no-gm?authuser=0\" width=\"2000\" height=\"1500\" alt=\"\u00c7e\u015fitli sashimi\" class=\"size-full\" \/><\/a><figcaption class=\"wp-caption-text\">\u00c7e\u015fitli sashimi<\/figcaption><\/figure>\n<figure class=\"wp-caption aligncenter\"><a href=\"https:\/\/photos.google.com\/share\/AF1QipOMLYW4FNKw2kcw08y0FdFOYR3Uu3saL9M33nxEVLOqB2wqZmG8pHpMBypLu5qjAw\/photo\/AF1QipNbxtWC4GgfBBulDUE43HWFpJ1aZKME0KKY_CA?key=cUhxenFRWGVyZkZoVWRsc2lhVFFqdWVGWl82WGZ3\" target=\"_blank\" rel=\"noopener\"><img decoding=\"async\" src=\"https:\/\/lh3.googleusercontent.com\/pw\/AP1GczP5zS2M3A91ziccxw5BI3NzkHVCn0x1lgQUoNRrCt0LZGrlz1fqe1B6zmOx2zUtbw0C-fXX6iohn1K-GzpBhp0HCYFqZe2UmEiSMMUE0KDorLe0poS2H-N3ROswtYVrNgV1tcyQDbTaY0EbT6cpb2VJ=w2000-h1500-s-no-gm?authuser=0\" width=\"2000\" height=\"1500\" alt=\"Buharda pi\u015firilmi\u015f ya\u011fl\u0131 pisi bal\u0131\u011f\u0131\" class=\"size-full\" \/><\/a><figcaption class=\"wp-caption-text\">Buharda pi\u015firilmi\u015f ya\u011fl\u0131 pisi bal\u0131\u011f\u0131<\/figcaption><\/figure>\n<figure class=\"wp-caption aligncenter\"><a href=\"https:\/\/photos.google.com\/share\/AF1QipOMLYW4FNKw2kcw08y0FdFOYR3Uu3saL9M33nxEVLOqB2wqZmG8pHpMBypLu5qjAw\/photo\/AF1QipNyFusr-VmPs3mQqmEVedX2Y9mYgNfnwx-1sCY?key=cUhxenFRWGVyZkZoVWRsc2lhVFFqdWVGWl82WGZ3\" target=\"_blank\" rel=\"noopener\"><img decoding=\"async\" src=\"https:\/\/lh3.googleusercontent.com\/pw\/AP1GczOPyGDNccdK6AChVIC7ZMVc1ngt96KtM8cm4bABtRJ4Zq7aPOIDPHnekuSJAI3J3fmFted4e3kxbQoK8pbmPlCM_wlL1oDKvbLPdnYBwH6v2Ub4UTokHc0OPzP36PHxFUDXH1op8NNrp9cGptzJ3gl5=w2000-h1333-s-no-gm?authuser=0\" width=\"2000\" height=\"1333\" alt=\"\u0130stiridye soslu sotelenmi\u015f kalamar ve sebzeler\" class=\"size-full\" \/><\/a><figcaption class=\"wp-caption-text\">\u0130stiridye soslu sotelenmi\u015f kalamar ve sebzeler<\/figcaption><\/figure>\n<figure class=\"wp-caption aligncenter\"><a href=\"https:\/\/photos.google.com\/share\/AF1QipOMLYW4FNKw2kcw08y0FdFOYR3Uu3saL9M33nxEVLOqB2wqZmG8pHpMBypLu5qjAw\/photo\/AF1QipMGi6QzUl9DDVLN0eAmSyZIyJZik6f6fDISbzs?key=cUhxenFRWGVyZkZoVWRsc2lhVFFqdWVGWl82WGZ3\" target=\"_blank\" rel=\"noopener\"><img decoding=\"async\" src=\"https:\/\/lh3.googleusercontent.com\/pw\/AP1GczNApaDQuSHIjj8rWjZrho7nBKuqQDJzuJk8IHyHflziB-_fikyjuJkCUEpsuXvSzlHsVS8BZzEq3KG7NIab2jntfbCuTmH0PMJgBrcq7y_-PrCIKoQhIqvYcZ7NFVD5Xyx58UDMAGZb5ReyTiJzViFb=w2000-h1333-s-no-gm?authuser=0\" width=\"2000\" height=\"1333\" alt=\"Yumu\u015fak \u0131zgara domuz eti\" class=\"size-full\" \/><\/a><figcaption class=\"wp-caption-text\">Yumu\u015fak \u0131zgara domuz eti<\/figcaption><\/figure>\n<figure class=\"wp-caption aligncenter\"><a href=\"https:\/\/photos.google.com\/share\/AF1QipOMLYW4FNKw2kcw08y0FdFOYR3Uu3saL9M33nxEVLOqB2wqZmG8pHpMBypLu5qjAw\/photo\/AF1QipOvDjLoqQ1EHpDzq1yrGKmGqsdaD2jh7saCcAw?key=cUhxenFRWGVyZkZoVWRsc2lhVFFqdWVGWl82WGZ3\" target=\"_blank\" rel=\"noopener\"><img decoding=\"async\" src=\"https:\/\/lh3.googleusercontent.com\/pw\/AP1GczOESEybIZc0e27dGo2DsyilGqHBwb-aUuvTRpwIkxyuHzppI5FPnmlZ6FXSvTS4xgP3GGsJt8LPEpZBpBMnwzdiwQ_jlirzfuLz0gRvtoQzzLlLbcathmwH5o64wibzXEOB1OI-8N_S6TQxxPkCJuR7=w2000-h1333-s-no-gm?authuser=0\" width=\"2000\" height=\"1333\" alt=\"Tarak pirinci\" class=\"size-full\" \/><\/a><figcaption class=\"wp-caption-text\">Tarak pirinci<\/figcaption><\/figure>\n<figure class=\"wp-caption aligncenter\"><a href=\"https:\/\/photos.google.com\/share\/AF1QipOMLYW4FNKw2kcw08y0FdFOYR3Uu3saL9M33nxEVLOqB2wqZmG8pHpMBypLu5qjAw\/photo\/AF1QipOAcZG6YfrkSSWR2u2WbCDvMyD0GZyMlkj-3Fw?key=cUhxenFRWGVyZkZoVWRsc2lhVFFqdWVGWl82WGZ3\" target=\"_blank\" rel=\"noopener\"><img decoding=\"async\" src=\"https:\/\/lh3.googleusercontent.com\/pw\/AP1GczPbrOCn-Pwreekm5U2SpXNR9Fes8lzyE8Pz1YTm3mi9dzF84ko390E7O_qEm2ZM7YpKSOCvXkxqdk68wr7pWc501hpUqAau1CLtQoUBR_yijByFQK8AEbAiZmlINCJH-RLWG-ltBFQnwaCgSUZL9J2U=w2000-h1333-s-no-gm?authuser=0\" width=\"2000\" height=\"1333\" alt=\"Yuzu \u015ferbeti\" class=\"size-full\" \/><\/a><figcaption class=\"wp-caption-text\">Yuzu \u015ferbeti<\/figcaption><\/figure>\n<h4>Gelin dost\u00e7a ve canl\u0131 bir fikir al\u0131\u015fveri\u015finde bulunal\u0131m!<\/h4>\n<figure class=\"wp-caption aligncenter\"><a href=\"https:\/\/photos.google.com\/share\/AF1QipOMLYW4FNKw2kcw08y0FdFOYR3Uu3saL9M33nxEVLOqB2wqZmG8pHpMBypLu5qjAw\/photo\/AF1QipN0ItXdhX09Tv0FllzOaaRkxZOWY_uTS7uasmY?key=cUhxenFRWGVyZkZoVWRsc2lhVFFqdWVGWl82WGZ3\" target=\"_blank\" rel=\"noopener\"><img decoding=\"async\" src=\"https:\/\/lh3.googleusercontent.com\/pw\/AP1GczNbCr8zK5BvfsS41g_ItdgZGVKydcTvdsWk3z6Cp9fkYPbDED0NH5FucMCG5v2o47PteiWzhi_KE1ki8aMnnGpegjUN38iqkcaTJ2SQQ-kM-wP9YOiiaRv0vGO_isJiFNs1AM0Z0bHZ9IUNNF3-8SbN=w2000-h1500-s-no-gm?authuser=0\" width=\"2000\" height=\"1500\" alt=\"Belediye Ba\u015fkan\u0131 Sasaki taraf\u0131ndan \u00e7evrelendi\" class=\"size-full\" \/><\/a><figcaption class=\"wp-caption-text\">Belediye Ba\u015fkan\u0131 Sasaki taraf\u0131ndan \u00e7evrelendi<\/figcaption><\/figure>\n<figure class=\"wp-caption aligncenter\"><a href=\"https:\/\/photos.google.com\/share\/AF1QipOMLYW4FNKw2kcw08y0FdFOYR3Uu3saL9M33nxEVLOqB2wqZmG8pHpMBypLu5qjAw\/photo\/AF1QipMLLw1t8IKBU8oWbta_ynf2MkdHwdwCjlAvPfE?key=cUhxenFRWGVyZkZoVWRsc2lhVFFqdWVGWl82WGZ3\" target=\"_blank\" rel=\"noopener\"><img decoding=\"async\" src=\"https:\/\/lh3.googleusercontent.com\/pw\/AP1GczMet0ENd1_f7orqlHhItzton_ER_vFxJmutFJQtBLOscedcz6fUz-0MevoFUIqVn0OqXXxJPNGtqrJw4-qBT3-Bjr7YJRWDNtjdDW8DyE4-um0Z_OUpCJVXeOIgjgXCbYwYg59PiOTeqKo9_q0NZBkJ=w2000-h1500-s-no-gm?authuser=0\" width=\"2000\" height=\"1500\" alt=\"Hokuryu Kasaba Meclisi \u00dcyeleri\" class=\"size-full\" \/><\/a><figcaption class=\"wp-caption-text\">Hokuryu Kasaba Meclisi \u00dcyeleri<\/figcaption><\/figure>\n<figure class=\"wp-caption aligncenter\"><a href=\"https:\/\/photos.google.com\/share\/AF1QipOMLYW4FNKw2kcw08y0FdFOYR3Uu3saL9M33nxEVLOqB2wqZmG8pHpMBypLu5qjAw\/photo\/AF1QipP4-hVcMgFgZ5Z1g8eIz_o4xBzPfo2de-srLrM?key=cUhxenFRWGVyZkZoVWRsc2lhVFFqdWVGWl82WGZ3\" target=\"_blank\" rel=\"noopener\"><img decoding=\"async\" src=\"https:\/\/lh3.googleusercontent.com\/pw\/AP1GczOZT-FsR4AMzZzvoFk0LG0fknwqV3BlOiStgnhvGq-DOm_cYG8yIt3M1jvx5SGFu_ypd3F8Q3vJ-Dc3G--mq0P8RvrQ-0ZJQ3WXb1crbT9DECMn4XY4qBRsmt0RT536sRfkKq7klYgrM-Kjmz_DSd8q=w2000-h1500-s-no-gm?authuser=0\" width=\"2000\" height=\"1500\" alt=\"Hokuryu-kai \u00fcyeleri\" class=\"size-full\" \/><\/a><figcaption class=\"wp-caption-text\">Hokuryu-kai \u00fcyeleri<\/figcaption><\/figure>\n<figure class=\"wp-caption aligncenter\"><a href=\"https:\/\/photos.google.com\/share\/AF1QipOMLYW4FNKw2kcw08y0FdFOYR3Uu3saL9M33nxEVLOqB2wqZmG8pHpMBypLu5qjAw\/photo\/AF1QipN-MB9IPJD7xaTUdPgMz2yiUcjzi0ZFHMCQqv8?key=cUhxenFRWGVyZkZoVWRsc2lhVFFqdWVGWl82WGZ3\" target=\"_blank\" rel=\"noopener\"><img decoding=\"async\" src=\"https:\/\/lh3.googleusercontent.com\/pw\/AP1GczOJtGXq6BDYHTcWNTzFHp8eVlQCZdNSAfIJYAphbOxQAYQxvrbPYdZAyNqqdHarANu-5coZHEH5a4iPPsy5tGwZX1somElMrp71u388TF_27gJD18IDSrdE__iNDFzJSmriwsc44q8xU7UesgbkVZ7P=w2000-h1500-s-no-gm?authuser=0\" width=\"2000\" height=\"1500\" alt=\"Hokuryu-kai \u00fcyeleri\" class=\"size-full\" \/><\/a><figcaption class=\"wp-caption-text\">Hokuryu-kai \u00fcyeleri<\/figcaption><\/figure>\n<figure class=\"wp-caption aligncenter\"><a href=\"https:\/\/photos.google.com\/share\/AF1QipOMLYW4FNKw2kcw08y0FdFOYR3Uu3saL9M33nxEVLOqB2wqZmG8pHpMBypLu5qjAw\/photo\/AF1QipMa9bZaGi_9StU4W2UAWvbxqKPOWaj1hq2_Gbo?key=cUhxenFRWGVyZkZoVWRsc2lhVFFqdWVGWl82WGZ3\" target=\"_blank\" rel=\"noopener\"><img decoding=\"async\" src=\"https:\/\/lh3.googleusercontent.com\/pw\/AP1GczPqAi32zOEu5NgULla4E-clFaV91FbYouhBbQyIdvOSpwkGoctzs8WcU_w6j_VCP6VqYGWBauPWjr84VNaTkkBIX5xcWCOnzb3HR6XcleRHJTp91oXki709HEGhW-DRbHgHaGuc--g4pOxAeaYFcdTE=w2000-h1333-s-no-gm?authuser=0\" width=\"2000\" height=\"1333\" alt=\"Bay Tsujii ve Bay Iwasaki ile birlikte!\" class=\"size-full\" \/><\/a><figcaption class=\"wp-caption-text\">Bay Tsujii ve Bay Iwasaki ile birlikte!<\/figcaption><\/figure>\n<h3>Hokuryu Kasabas\u0131 Tar\u0131m, Turizm ve Ticaret Odas\u0131 Giri\u015f<\/h3>\n<h4>Minoru Nagai, JA Kitasorachi, Hokuryu B\u00f6lge Temsilcisi Direkt\u00f6r\u00fc<\/h4>\n<figure class=\"wp-caption aligncenter\"><a href=\"https:\/\/photos.google.com\/share\/AF1QipOMLYW4FNKw2kcw08y0FdFOYR3Uu3saL9M33nxEVLOqB2wqZmG8pHpMBypLu5qjAw\/photo\/AF1QipP0nHuW-enIjr-LfKcUK0sI_dNjqxUjTlBnAys?key=cUhxenFRWGVyZkZoVWRsc2lhVFFqdWVGWl82WGZ3\" target=\"_blank\" rel=\"noopener\"><img decoding=\"async\" src=\"https:\/\/lh3.googleusercontent.com\/pw\/AP1GczOX4ACwuRBepWyosJSks0h47rbq4OsRsaaWzRDxYnqYvi0j1MDFIeYCRrLclMNDSnV8-vv8IiJRC6oijFYk1U_cnNbCpU_uq-Ld50Jv9joCn7sz6EyFAgQkGp5zoUSoS5zyja1KqrUz8AnCYxv66uZw=w2000-h1333-s-no-gm?authuser=0\" width=\"2000\" height=\"1333\" alt=\"Minoru Nagai, JA Kitasorachi, Hokuryu B\u00f6lge Temsilcisi Direkt\u00f6r\u00fc\" class=\"size-full\" \/><\/a><figcaption class=\"wp-caption-text\">Minoru Nagai, JA Kitasorachi, Hokuryu B\u00f6lge Temsilcisi Direkt\u00f6r\u00fc<\/figcaption><\/figure>\n<p>&quot;Bu, Hokuryu Kasabas\u0131&#039;ndaki tar\u0131msal \u00fcr\u00fcnlerin durumuyla ilgili bir hikaye.<br \/>\nBu Mart ay\u0131 her zamanki gibi karl\u0131 bir ay oldu. Japonya Meteoroloji Ajans\u0131, bahar\u0131n daha s\u0131cak hava getirece\u011fini tahmin etti ancak d\u00fc\u015f\u00fck s\u0131cakl\u0131klar devam etti ve bu durum tar\u0131m i\u015flerini zorla\u015ft\u0131rd\u0131.<\/p>\n<p>May\u0131s ay\u0131n\u0131n ortalar\u0131nda ba\u015flayan \u00e7eltik ekimi, havalar\u0131n iyi gitmesi sayesinde sorunsuz bir \u015fekilde ilerliyor. Ay\u0131n ikinci yar\u0131s\u0131ndan itibaren hava s\u0131cakl\u0131\u011f\u0131 d\u00fc\u015ft\u00fc ve bug\u00fcn de ayn\u0131 seviyede seyrediyor. Normalden biraz daha ge\u00e7.<\/p>\n<p>Tarla bitkileri nispeten sorunsuz bir \u015fekilde ilerliyor. Kasaban\u0131n spesiyalitesi olan &quot;ay\u00e7i\u00e7e\u011fi karpuzu&quot;nun ilk sevkiyat\u0131 7 Haziran&#039;da, &quot;ay\u00e7i\u00e7e\u011fi kavunu&quot;nun ilk sevkiyat\u0131 ve m\u00fczayedesi ise 16 Haziran&#039;da ger\u00e7ekle\u015fti. Belediye Ba\u015fkan\u0131 Sasaki de onlara ilk a\u00e7\u0131k art\u0131rmada e\u015flik etti.<\/p>\n<p>Bu y\u0131lki ay\u00e7i\u00e7e\u011fi karpuzlar\u0131 ve ay\u00e7i\u00e7e\u011fi kavunlar\u0131, s\u0131cakl\u0131k fark\u0131n\u0131n fazla olmas\u0131 nedeniyle irile\u015fti ve \u015feker oran\u0131 da y\u00fcksek oldu. Hokuryu B\u00f6lge Temsilcisi M\u00fcd\u00fcr\u00fc Nagai, &quot;Bu y\u0131lki karpuz ve kavunlar \u00e7ok lezzetli, bu nedenle f\u0131rsat\u0131n\u0131z olursa l\u00fctfen sat\u0131n al\u0131n&quot; dedi.<\/p>\n<h3>Ay\u00e7i\u00e7e\u011fi Turizm Derne\u011fi Ba\u015fkan\u0131 Yukio Takada<\/h3>\n<figure class=\"wp-caption aligncenter\"><a href=\"https:\/\/photos.google.com\/share\/AF1QipOMLYW4FNKw2kcw08y0FdFOYR3Uu3saL9M33nxEVLOqB2wqZmG8pHpMBypLu5qjAw\/photo\/AF1QipMMiCEG8yx8YmiNNgS84TpyH2sGKzuKOfWwUf0?key=cUhxenFRWGVyZkZoVWRsc2lhVFFqdWVGWl82WGZ3\" target=\"_blank\" rel=\"noopener\"><img decoding=\"async\" src=\"https:\/\/lh3.googleusercontent.com\/pw\/AP1GczPK_kdtp6vsbTEfM5M24sxxNl1N0PzCnQ4wYEDO_tjY18-TFYVEquwQyDhYKcrXhqUQkDYLXgg0lpaqojsKR-Gb4OkeQKmXjPCou6qY0aeWZXTnP6wvkO31_-av27uI2XQaJ_H_i4_r6vyBmLpGXO0E=w2000-h1333-s-no-gm?authuser=0\" width=\"2000\" height=\"1333\" alt=\"Ay\u00e7i\u00e7e\u011fi Turizm Derne\u011fi Ba\u015fkan\u0131 Yukio Takada\" class=\"size-full\" \/><\/a><figcaption class=\"wp-caption-text\">Ay\u00e7i\u00e7e\u011fi Turizm Derne\u011fi Ba\u015fkan\u0131 Yukio Takada<\/figcaption><\/figure>\n<p>&quot;Hokuryu Kasabas\u0131 Ay\u00e7i\u00e7e\u011fi Turizm Derne\u011fi&#039;nin ba\u015fkanl\u0131\u011f\u0131n\u0131 ikinci kez y\u00fcr\u00fct\u00fcyorum.<br \/>\n38. Hokuryu Kasabas\u0131 Ay\u00e7i\u00e7e\u011fi Festivali 20 Temmuz - 18 A\u011fustos tarihleri aras\u0131nda d\u00fczenlenecek. \u0130ki milyon ay\u00e7i\u00e7e\u011fi sizi bekliyor. Umar\u0131z gelip rengarenk ay\u00e7i\u00e7eklerini g\u00f6r\u00fcrs\u00fcn\u00fcz.<\/p>\n<p>Belediye Ba\u015fkan\u0131 Sasaki&#039;nin daha \u00f6nce s\u00f6yledi\u011fi gibi, Ay\u00e7i\u00e7e\u011fi K\u00f6y\u00fc&#039;ndeki ot temizleme i\u015flemi ge\u00e7en Cuma g\u00fcn\u00fc tamamland\u0131. Do\u011fuya ve g\u00fcneye bakan iki milyon ay\u00e7i\u00e7e\u011fi sizi bekliyor.<\/p>\n<p>Posterin arka taraf\u0131nda ula\u015f\u0131mla ilgili \u00e7e\u015fitli bilgiler yer al\u0131yor.<\/p>\n<p>Ge\u00e7ti\u011fimiz y\u0131l bir ayda 208 bin turist gelmi\u015fti. Hepinizi orada g\u00f6rmekten mutluluk duyar\u0131z. Ba\u015fkan Takada, &quot;Deste\u011finizin devam\u0131n\u0131 bekliyoruz&quot; dedi.<\/p>\n<h3>Manabu Okino, Hokuryu Kasaba Meclisi \u00dcyesi<\/h3>\n<figure class=\"wp-caption aligncenter\"><a href=\"https:\/\/photos.google.com\/share\/AF1QipOMLYW4FNKw2kcw08y0FdFOYR3Uu3saL9M33nxEVLOqB2wqZmG8pHpMBypLu5qjAw\/photo\/AF1QipNd0JTTV4k9X7r26KAsfRgsutfT5tw2zkXHhEc?key=cUhxenFRWGVyZkZoVWRsc2lhVFFqdWVGWl82WGZ3\" target=\"_blank\" rel=\"noopener\"><img decoding=\"async\" src=\"https:\/\/lh3.googleusercontent.com\/pw\/AP1GczPGDzzePetILPpPdSCBU0AJL60zf8bp_gzbXPgBt7pK2jnIOCYKMt0bMAAg2FejJmCb_IA1a6nHzIQACiMh3uQ5bPfO190-TXyp9dCIzzN4Y5ec_xwYJmWS3upCXLtEgVrWIQuFk6l8_0Ciiqx3FdBs=w2000-h1333-s-no-gm?authuser=0\" width=\"2000\" height=\"1333\" alt=\"Konsey \u00dcyesi Manabu Okino\" class=\"size-full\" \/><\/a><figcaption class=\"wp-caption-text\">Konsey \u00dcyesi Manabu Okino<\/figcaption><\/figure>\n<p>&quot;Ben ayn\u0131 zamanda Meclis \u00fcyesiyim ve Ticaret Odas\u0131 ba\u015fkan yard\u0131mc\u0131s\u0131 olarak g\u00f6rev yap\u0131yorum. Ticaret Odas\u0131&#039;n\u0131n mevcut durumunu tan\u0131tmak istiyorum.<\/p>\n<p>Daha \u00f6nce kapat\u0131lan Hokuren Ma\u011fazas\u0131&#039;n\u0131n yerine Kokowa ticari tesisi in\u015fa edildi ve yenilenen Ticaret Odas\u0131 ofisi de ayn\u0131 binada yer al\u0131yor. Tesiste ayr\u0131ca salon ve sosyal tesisler de yer al\u0131yor.<\/p>\n<p>Daha \u00f6nce faaliyet g\u00f6steren &quot;Seasonal Cuisine Kawajin&quot; ve &quot;Snack Kirara&quot; adl\u0131 restoranlar kapand\u0131.<\/p>\n<p>Ancak Kawajin&#039;in g\u00f6revi devralmas\u0131n\u0131n ard\u0131ndan yerel canland\u0131rma i\u015fbirli\u011fi ekibinin i\u015fletmeyi devralmas\u0131 i\u00e7in planlar yap\u0131l\u0131yor. Ticaret odas\u0131 olarak bu gelene\u011fi devam ettirmek ve \u0131\u015f\u0131\u011f\u0131 canl\u0131 tutmak i\u00e7in elimizden geleni yapmak istiyoruz.<\/p>\n<p>Biz Ticaret Odas\u0131 ve 7 in\u015faat \u015firketi olarak bu konuda \u00e7ok heyecanl\u0131y\u0131z ve il\u00e7emiz i\u00e7in elimizden geleni yapmaya devam edece\u011fiz.<\/p>\n<p>Herkesin Ay\u00e7i\u00e7e\u011fi Festivali s\u0131ras\u0131nda Hokuryu Kasabas\u0131n\u0131 ziyaret etmesini ve d\u00f6n\u00fc\u015f yolunda Hokuryu&#039;ya ait hediyelik e\u015fyalar sat\u0131n almas\u0131n\u0131 umuyoruz.<\/p>\n<p>1974 y\u0131l\u0131nda kurulan Okino Sushi&#039;nin ikinci ku\u015fak sahibiyim. 23 ya\u015f\u0131mdayken Hokuryu Kasabas\u0131&#039;na geri d\u00f6nd\u00fcm ve &quot;Ajidokoro Yahachi&quot; adl\u0131 bir restoran i\u015fletmeye ba\u015flad\u0131m.<\/p>\n<p>Ay\u00e7i\u00e7e\u011fi Festivali s\u00fcresince turizm merkezindeki ma\u011fazada sadece festivale \u00f6zel yumu\u015fak dondurma sat\u0131\u015f\u0131 yap\u0131lacak. Bir iki lokma da olsa denemenizi umuyorum. Belediye Meclisi \u00dcyesi Okino, &quot;\u0130\u015fbirli\u011finiz i\u00e7in \u00e7ok te\u015fekk\u00fcr ederim&quot; dedi.<\/p>\n<h3>\u00d6zel e\u011flence<\/h3>\n<h4>1. Karaoke Gururu: Sunuculuk: Tonoji Hirabayashi ve Yoichi Fujita<\/h4>\n<figure class=\"wp-caption aligncenter\"><a href=\"https:\/\/photos.google.com\/share\/AF1QipOMLYW4FNKw2kcw08y0FdFOYR3Uu3saL9M33nxEVLOqB2wqZmG8pHpMBypLu5qjAw\/photo\/AF1QipNteWZOXxSiMjIgF9pfuogYsvbJBaN2UccSPRE?key=cUhxenFRWGVyZkZoVWRsc2lhVFFqdWVGWl82WGZ3\" target=\"_blank\" rel=\"noopener\"><img decoding=\"async\" src=\"https:\/\/lh3.googleusercontent.com\/pw\/AP1GczPbXx98-IaBVXKTdwPByOIPH-Na2LRQYCMqpLGu5cbLIIkcw_5nyhYH4c-IoZ-2o_TCXNIssRMadSvkA96Zctjd-vzhmggvKPAB4ZEKETKuhMkscL2hf4lYO4uqfv3RwNURo4c-tqoWjgIK7mVubmlk=w2000-h1333-s-no-gm\" width=\"2000\" height=\"1333\" alt=\"Kazuo Kimura\" class=\"size-full\" \/><\/a><figcaption class=\"wp-caption-text\">Kazuo Kimura<\/figcaption><\/figure>\n<figure class=\"wp-caption aligncenter\"><a href=\"https:\/\/photos.google.com\/share\/AF1QipOMLYW4FNKw2kcw08y0FdFOYR3Uu3saL9M33nxEVLOqB2wqZmG8pHpMBypLu5qjAw\/photo\/AF1QipPYdDV9vKE5COUez1jkkyXENfgtKxnA-m6Ip2U?key=cUhxenFRWGVyZkZoVWRsc2lhVFFqdWVGWl82WGZ3\" target=\"_blank\" rel=\"noopener\"><img decoding=\"async\" src=\"https:\/\/lh3.googleusercontent.com\/pw\/AP1GczNzH9r6YXYx-31lFNlrwnWNaaYLFwSHv6dgKoL-FC2qR7shrDMZcPzlZIunSrPBCnXMin6Tl1kTGajfboiVjRU0he0_74cub153tekuyB-xQQFjxbOTIomffHNnNWFqXBNzHs3gOz4_OBsrXHF33aMt=w2000-h1333-s-no-gm?authuser=0\" width=\"2000\" height=\"1333\" alt=\"Shiro Sigortas\u0131\" class=\"size-full\" \/><\/a><figcaption class=\"wp-caption-text\">Shiro Sigortas\u0131<\/figcaption><\/figure>\n<figure class=\"wp-caption aligncenter\"><a href=\"https:\/\/photos.google.com\/share\/AF1QipOMLYW4FNKw2kcw08y0FdFOYR3Uu3saL9M33nxEVLOqB2wqZmG8pHpMBypLu5qjAw\/photo\/AF1QipOxqSsH4lPCAEYZCQ87eNY0WQa3r5VDYV8sFlw?key=cUhxenFRWGVyZkZoVWRsc2lhVFFqdWVGWl82WGZ3\" target=\"_blank\" rel=\"noopener\"><img decoding=\"async\" src=\"https:\/\/lh3.googleusercontent.com\/pw\/AP1GczOilL8d2M3pa1uXZNlmrfAskRJu2j6wxyF_ah-8ceWiWyXKYBrf_SgcFrDgv7Phbnu69U8TU_Cqx6XCQEN8BaBwax-sSuIahJXaJT6oe_Xm3ni-kSghBw64Kug50IXYfhlmtRwp62vkfH4ymULg6GMs=w2000-h1333-s-no-gm?authuser=0\" width=\"2000\" height=\"1333\" alt=\"B\u00fct\u00fcn kalbimle. . .\" class=\"size-full\" \/><\/a><figcaption class=\"wp-caption-text\">B\u00fct\u00fcn kalbimle. . .<\/figcaption><\/figure>\n<h4>2. Beyin egzersizi: Lider: Isamu Okita<\/h4>\n<p>&quot;Kurodabushi&quot; adl\u0131 halk \u015fark\u0131s\u0131n\u0131n s\u00f6zlerinin &quot;hay\u0131r&quot; k\u0131sm\u0131nda ellerinizi \u00e7\u0131rp\u0131n. Ayr\u0131ca &quot;hay\u0131r&quot; demeden \u015fark\u0131 s\u00f6yleyin.<br \/>\n<figure class=\"wp-caption aligncenter\"><a href=\"https:\/\/photos.google.com\/share\/AF1QipOMLYW4FNKw2kcw08y0FdFOYR3Uu3saL9M33nxEVLOqB2wqZmG8pHpMBypLu5qjAw\/photo\/AF1QipPmzJLNa7uJhRfYIB9_8JNFdWVmX0-oKWz0dBI?key=cUhxenFRWGVyZkZoVWRsc2lhVFFqdWVGWl82WGZ3\" target=\"_blank\" rel=\"noopener\"><img decoding=\"async\" src=\"https:\/\/lh3.googleusercontent.com\/pw\/AP1GczMWYKUcrhfYVwWfSOwbGvtLt08PwR17vXEAmTtNTfl0QlU9tTNrsAuAxNg4Bwa2DgSLhCwZGrr0M8Me5NaCGFnkmNnEZy6IwEjFE3SptDujPFyI8fePG4q34CIcWRGqL9qMDjiWCZ-PiBqyoaefXR9T=w2000-h1333-s-no-gm?authuser=0\" width=\"2000\" height=\"1333\" alt=\"Beyin e\u011fitimi\" class=\"size-full\" \/><\/a><figcaption class=\"wp-caption-text\">Beyin e\u011fitimi<\/figcaption><\/figure>\n<h4>3. Bingo oyunu: Sunuculu\u011funu Masaaki Nozawa ve Isamu Okita \u00fcstleniyor<\/h4>\n<figure class=\"wp-caption aligncenter\"><a href=\"https:\/\/photos.google.com\/share\/AF1QipOMLYW4FNKw2kcw08y0FdFOYR3Uu3saL9M33nxEVLOqB2wqZmG8pHpMBypLu5qjAw\/photo\/AF1QipM10H5enhuMrGAUmFNuxId0GDMWxjZw2X_iuTQ?key=cUhxenFRWGVyZkZoVWRsc2lhVFFqdWVGWl82WGZ3\" target=\"_blank\" rel=\"noopener\"><img decoding=\"async\" src=\"https:\/\/lh3.googleusercontent.com\/pw\/AP1GczOidifl_F8ZHMrX5niMuefTd7qUT5ZqTpL1kqojNHuWwGfDauHbdKPjjM8g5CiUjJNU8u6MKkDdK-y1MAWt9kZrFIf7NA29D2z6krxDg7EusYRUavxgLozLBffTFxibHUGfuWb_y7sy29B9q_kvJ-bH=w2000-h1333-s-no-gm?authuser=0\" width=\"2000\" height=\"1333\" alt=\"Bingo! ! !\" class=\"size-full\" \/><\/a><figcaption class=\"wp-caption-text\">Bingo! ! !<\/figcaption><\/figure>\n<figure class=\"wp-caption aligncenter\"><a href=\"https:\/\/photos.google.com\/share\/AF1QipOMLYW4FNKw2kcw08y0FdFOYR3Uu3saL9M33nxEVLOqB2wqZmG8pHpMBypLu5qjAw\/photo\/AF1QipNHB570HUUsjpPF5oWdK21SWvPmltcdoL5CMw4?key=cUhxenFRWGVyZkZoVWRsc2lhVFFqdWVGWl82WGZ3\" target=\"_blank\" rel=\"noopener\"><img decoding=\"async\" src=\"https:\/\/lh3.googleusercontent.com\/pw\/AP1GczPuX_x9CYzU_BSzUk58SBl4xpaXsK3zfeIngVm-pcbeSbGHOujQa8EuoqYkTOurB7z1ll079kwTOUghIESZrVi4oySfFsbDU-AA3_EzJLCxmoN399RCpqvITEQgrtq4Sdok3ttsOvhqoCQyvFlGg-Pw=w2000-h1333-s-no-gm?authuser=0\" width=\"2000\" height=\"1333\" alt=\"Bingo \u00d6d\u00fclleri\" class=\"size-full\" \/><\/a><figcaption class=\"wp-caption-text\">Bingo \u00d6d\u00fclleri<\/figcaption><\/figure>\n<h4>4. \u00d6zel \u00f6d\u00fcller \u015fu ki\u015filere verilecektir: Ritsuko Nishimura ve Isamu Okita<\/h4>\n<h5>Hokuryu Kasabas\u0131ndan Sapporo Hokuryu Derne\u011fine bir hediye<\/h5>\n<figure class=\"wp-caption aligncenter\"><a href=\"https:\/\/photos.google.com\/share\/AF1QipOMLYW4FNKw2kcw08y0FdFOYR3Uu3saL9M33nxEVLOqB2wqZmG8pHpMBypLu5qjAw\/photo\/AF1QipMD0uWctVrdpY1A_xVULJhSYQIZ0iG7SR3Zz6w?key=cUhxenFRWGVyZkZoVWRsc2lhVFFqdWVGWl82WGZ3\" target=\"_blank\" rel=\"noopener\"><img decoding=\"async\" src=\"https:\/\/lh3.googleusercontent.com\/pw\/AP1GczOAxKEOImPx6khip6y-PqKi0FPQDBKENKAHzsx_lqhEeGCWdaN5Z6djyx62XVtc3LoT8Y9V-apdTADyxy2sfSq9bN0D7dF4UiubLglInFxKzYRydQsY7x49iHYLnqkLqEwmGu7quGKPLGokJ58OPx6s=w2000-h1500-s-no-gm?authuser=0\" width=\"2000\" height=\"1500\" alt=\"Hokuryu Kasabas\u0131ndan Sapporo Hokuryu Derne\u011fine\" class=\"size-full\" \/><\/a><figcaption class=\"wp-caption-text\">Hokuryu Kasabas\u0131ndan Sapporo Hokuryu Derne\u011fine<\/figcaption><\/figure>\n<h5>Sapporo Hokuryu Derne\u011fi&#039;nden Hokuryu Kasabas\u0131&#039;na bir hediye<\/h5>\n<figure class=\"wp-caption aligncenter\"><a href=\"https:\/\/photos.google.com\/share\/AF1QipOMLYW4FNKw2kcw08y0FdFOYR3Uu3saL9M33nxEVLOqB2wqZmG8pHpMBypLu5qjAw\/photo\/AF1QipOPE-qh5poiijKdaaWH008Qssq6Fx_rBOcbUgA?key=cUhxenFRWGVyZkZoVWRsc2lhVFFqdWVGWl82WGZ3\" target=\"_blank\" rel=\"noopener\"><img decoding=\"async\" src=\"https:\/\/lh3.googleusercontent.com\/pw\/AP1GczMMY1Tuo-ncd9lCdozzLXalmrFGsbP2WIk2DEW1oqSnaNhq0lwxaF_f41nFXMx8P-22mnxbkiyFa_0-Iw0Z_mrYZQIfyVMWzx9RJzPPXbvNKUH6tntgLr24wmwx-0WNQlafOkQje5gHPqzKlqWqdE_n=w2000-h1500-s-no-gm?authuser=0\" width=\"2000\" height=\"1500\" alt=\"Sapporo Hokuryu-kai&#039;den Hokuryu Kasabas\u0131na\" class=\"size-full\" \/><\/a><figcaption class=\"wp-caption-text\">Sapporo Hokuryu-kai&#039;den Hokuryu Kasabas\u0131na<\/figcaption><\/figure>\n<h3>Tost: Hokuryu Kasaba Meclisi Ba\u015fkan\u0131 Bay Naoichi Nakamura<\/h3>\n<figure class=\"wp-caption aligncenter\"><a href=\"https:\/\/photos.google.com\/share\/AF1QipOMLYW4FNKw2kcw08y0FdFOYR3Uu3saL9M33nxEVLOqB2wqZmG8pHpMBypLu5qjAw\/photo\/AF1QipPkgAxhfDgT1oJKxAIVpkU8o9c3v9LK4QrLQ5M?key=cUhxenFRWGVyZkZoVWRsc2lhVFFqdWVGWl82WGZ3\" target=\"_blank\" rel=\"noopener\"><img decoding=\"async\" src=\"https:\/\/lh3.googleusercontent.com\/pw\/AP1GczNoznSSuVb3ueSeUcWYTUkGVR2ITcz95tyu-2sIUuR53RurHIFhVs2CXGWP8FGTjC2-DAviTkn6AVLBvbytVJOM5Xm4xgBXucftFhwM0KDLktLyuA4lpRXG1TLkv2PrZGBvItt-F5g2VCXYuOHUrccK=w2000-h1125-s-no-gm?authuser=0\" width=\"2000\" height=\"1125\" alt=\"Bay Naoichi Nakamura, Hokuryu Belediye Meclisi \u00dcyesi\" class=\"size-full\" \/><\/a><figcaption class=\"wp-caption-text\">Bay Naoichi Nakamura, Hokuryu Belediye Meclisi \u00dcyesi<\/figcaption><\/figure>\n<p>&quot;Bug\u00fcn Sapporo Hokuryu-kai&#039;nin ba\u015far\u0131l\u0131 genel kurulu i\u00e7in tebrikler.<br \/>\nBelediye meclisimiz sekiz \u00fcye kapasitelidir, ancak ge\u00e7en y\u0131l kontenjandan az, sadece yedi \u00fcyemiz vard\u0131. Televizyonlarda yay\u0131nlanmas\u0131 da dahil olmak \u00fczere bir\u00e7ok geli\u015fme oldu ama herkesin \u00e7abas\u0131yla Ocak ay\u0131ndaki ara se\u00e7imde sekiz aday \u00e7\u0131karabildik.<\/p>\n<p>\u0130ki kad\u0131n meclis \u00fcyesiyle, toplam meclis sandalyelerinin y\u00fczde 25&#039;i kad\u0131nlardan olu\u015farak \u00fclke ortalamas\u0131n\u0131n \u00fczerine \u00e7\u0131km\u0131\u015f, durum olumsuzdan olumluya d\u00f6nm\u00fc\u015ft\u00fcr.<\/p>\n<p>Say\u0131n Sano&#039;ya son 12 y\u0131ld\u0131r g\u00f6sterdi\u011fi s\u0131k\u0131 \u00e7al\u0131\u015fmadan dolay\u0131 bir kez daha te\u015fekk\u00fcr ederiz. Konu daha sonra Belediye Ba\u015fkan\u0131 Sasaki&#039;ye iletilecek. Mevcut n\u00fcfus azalmas\u0131 g\u00f6z \u00f6n\u00fcne al\u0131nd\u0131\u011f\u0131nda bu zor olacak, ancak elimizden gelenin en iyisini yapaca\u011f\u0131z, t\u00fcm bilgeli\u011fimizi kullanarak \u00e7e\u015fitli \u00e7\u00f6z\u00fcmler \u00fcretece\u011fiz, bu nedenle deste\u011finizi takdir ediyoruz.<\/p>\n<p>Temsilci Sawada da geri d\u00f6n\u00fcyor ve yeni gelen Temsilci Hayashi, Zenrin Tap\u0131na\u011f\u0131&#039;n\u0131n ba\u015f rahibinin e\u015fi. Bug\u00fcn ikiniz de aram\u0131za kat\u0131lamad\u0131n\u0131z ama yard\u0131m\u0131n\u0131z i\u00e7in te\u015fekk\u00fcr ederim.<\/p>\n<p>Ay\u00e7i\u00e7e\u011fi Festivali&#039;ne kat\u0131lman\u0131z\u0131 umuyor, 3 Kas\u0131m&#039;daki bir sonraki bulu\u015fmam\u0131zda sa\u011fl\u0131kl\u0131 bir \u015fekilde tekrar bir araya gelebilmeyi umuyoruz. \u015ferefe! &quot; dedi Ba\u015fkan Nakamura.<\/p>\n<figure class=\"wp-caption aligncenter\"><a href=\"https:\/\/photos.google.com\/share\/AF1QipOMLYW4FNKw2kcw08y0FdFOYR3Uu3saL9M33nxEVLOqB2wqZmG8pHpMBypLu5qjAw\/photo\/AF1QipPXFmypnvrgadHP5nquvYreiRHgUsPRLOCfoDI?key=cUhxenFRWGVyZkZoVWRsc2lhVFFqdWVGWl82WGZ3\" target=\"_blank\" rel=\"noopener\"><img decoding=\"async\" src=\"https:\/\/lh3.googleusercontent.com\/pw\/AP1GczPGYbDVrwyCuerxsg3v1cCMU8tmGbdgX-WWSfZr9nfZCY2mphiFWjFoNHWzchy-e3XQoHaZNehz_62tLUpef2Y86GXVUQgogh8Bul0mvm2ovPaXM-WxufzgNvZgxGM6xOKpc_un8Wh00PfdPsN9D1mx=w2000-h1125-s-no-gm?authuser=0\" width=\"2000\" height=\"1125\" alt=\"\u015ferefe! ! !\" class=\"size-full\" \/><\/a><figcaption class=\"wp-caption-text\">\u015ferefe! ! !<\/figcaption><\/figure>\n<p>Sapporo Hokuryu Derne\u011fi&#039;nin kurulu\u015funun \u00fczerinden 56 y\u0131l ge\u00e7ti ve Hokuryu Kasabas\u0131&#039;n\u0131n de\u011ferli ruhu nesilden nesile aktar\u0131l\u0131yor.<\/p>\n<p>Hokuryu Kasabas\u0131n\u0131 \u00e7ok seven, koruyan ve destekleyen Sapporo Hokuryu Derne\u011fi&#039;ndeki herkese s\u0131n\u0131rs\u0131z sevgi, \u015f\u00fckran ve dualar\u0131m\u0131zla. . .<\/p>\n<figure class=\"wp-caption aligncenter\"><a href=\"https:\/\/photos.google.com\/share\/AF1QipOMLYW4FNKw2kcw08y0FdFOYR3Uu3saL9M33nxEVLOqB2wqZmG8pHpMBypLu5qjAw\/photo\/AF1QipPIOIMxhAbDYcsDK0xYxB_QrJUsk55GZwYEtcY?key=cUhxenFRWGVyZkZoVWRsc2lhVFFqdWVGWl82WGZ3\" target=\"_blank\" rel=\"noopener\"><img decoding=\"async\" src=\"https:\/\/lh3.googleusercontent.com\/pw\/AP1GczMNknAgUm3shUphrxG9FGEbLK9ARrQLG_0Z3NO1Bo6SMREqyILKLmqTpenoj73CO1nuWPXjcdcPVp324VZ4msBw1gIZenJSBl7IqeiuqZo9qKAPeGLq1emIlfolyKrIbNMTwu0xWY8crQ047ygFdC6B=w2000-h1500-s-no-gm?authuser=0\" width=\"2000\" height=\"1500\" alt=\"Hokuryu Kasabas\u0131&#039;n\u0131n de\u011ferli ruhlar\u0131na \u015f\u00fckranla!\" class=\"size-full\" \/><\/a><figcaption class=\"wp-caption-text\">Hokuryu Kasabas\u0131&#039;n\u0131n de\u011ferli ruhlar\u0131na \u015f\u00fckranla!<\/figcaption><\/figure>\n<h2>Youtube videolar\u0131<\/h2>\n<div class=\"youtube\"><iframe title=\"Sapporo Hokuryu Festivali 2024: Hokuryu Kasabas\u0131 sakinleri ve kasaba halk\u0131 ruhen bir araya geliyor\" src=\"https:\/\/www.youtube.com\/embed\/5-OQqcCJMr8?feature=oembed\" frameborder=\"0\" allow=\"accelerometer; autoplay; clipboard-write; encrypted-media; gyroscope; picture-in-picture; web-share\" referrerpolicy=\"strict-origin-when-cross-origin\" allowfullscreen><\/iframe><\/div>\n<h2>Di\u011fer foto\u011fraflar<\/h2>\n<div class=\"img-move\"><img decoding=\"async\" style=\"vertical-align: middle;\" src=\"https:\/\/ehokkaido.net\/wp-content\/uploads\/2021\/12\/2021-12-06-11.41.12.png\" \/> <a href=\"https:\/\/photos.app.goo.gl\/L7gq7qjuWjcgH2SBA\" target=\"_blank\" rel=\"noopener noreferrer\">Hokuryu Kasabas\u0131 halk\u0131n\u0131n ve kasaba halk\u0131n\u0131n ruhen bir araya geldi\u011fi 2024 Sapporo Hokuryu Festivali&#039;nin foto\u011fraflar\u0131 (73 foto\u011fraf) burada mevcuttur &gt;&gt;<\/a><\/div>\n<h2>\u0130lgili makaleler<\/h2>\n<h4>2017 (Heisei 29)<\/h4>\n\n        <div class=\"site-blogcard-premium\">\n            <div class=\"bc-label-custom\">\u0130lgili makaleler<\/div>\n            <div class=\"bc-flex-container\">\n                <div class=\"bc-main-text\">\n                    <div class=\"bc-title-link-box\">\n                        <a href=\"https:\/\/portal.hokuryu.info\/tr\/topics\/culture\/20170705.html\/\" target=\"_blank\">Sapporo Hokuryu Festivali 2017, memleketin an\u0131lar\u0131n\u0131 getiriyor (Sapporo \u015eehri) - Hokuryu Kasabas\u0131 Portal\u0131 (Hokkaido) - Japonya&#039;n\u0131n 1 numaral\u0131 ay\u00e7i\u00e7e\u011fi k\u00f6y\u00fc<\/a>\n                    <\/div>\n                    <div class=\"bc-excerpt-box\">25 Haziran Pazar g\u00fcn\u00fc, 2017 Sapporo Hokuryu Festivali, Sapporo Sunplaza 2&#039;deki Takasago Salonu&#039;nda d\u00fczenlendi...<\/div>\n                <\/div>\n                <div class=\"bc-thumbnail-box\">\n                    <a href=\"https:\/\/portal.hokuryu.info\/tr\/topics\/culture\/20170705.html\/\" target=\"_blank\">\n                        <div class=\"bc-img-zoom-wrap\">\n                            <img decoding=\"async\" src=\"https:\/\/lh3.googleusercontent.com\/hHk4aMyRhmdAPorcuybC0AZoq-W-09dwosX7kJkNFE_R2vNJ3gLIIQM2Y4O6Szt1AhRDGJtVhNGpja7UBFTQ7P4CPZyPaZ0-vXk-6fNA3DZg-alj62FeRdYBxKajQNVnTeRYuj4l64GzNnWlQogECjdZUlT1gJZDrxqHgCCxXznZjlRkpO17lrAxIr3BwLcojI1ZtfrW3hxcybAI5fGSxL2jgFIRshP7rOFoFokm15SQ5MyT-SpP0ojw4LY3Uli39Va8W3WoaQ7seV-h6yq0gGK1TK90uVsW-ANkbMgY8insmXBkbKqlLCu7kJc_DiG5s1WGVNtVAuotwH2v7Xvs9R6PKBMUjzthFUf_enT3_uuD76DMpsvEMJujCRKTsDU0ctmhsZunJm0R284i9pnJ45_qsVsYjP3-FCNwzcU80vyiRu6z8UiG-z3lprkYTXeBZTdgmtg78wDKoZ19wwsRMsfJoZxqtzALaSk4S4KbuZEWp8D2UvWIlrKDgweziQHH1F2z_dIYzN3mZmskfrVgzQ3HZEWk3sDOV45nJ7ZP6sG8YWxI2k3o9DDiVK0XD-Q9448y3yKtqZBDmUptADhnWNb8XCXEO4F0ISE9wpkvNQAgknpQIcL2sVZc-6l2aG5U7O4pqR-zfJyV2j9inoACuEVKicKmR48RKPzIK3TYVA=w2000-h1333-no\" alt=\"Sapporo Hokuryu Festivali 2017, memleketin an\u0131lar\u0131n\u0131 getiriyor (Sapporo \u015eehri) - Hokuryu Kasabas\u0131 Portal\u0131 (Hokkaido) - Japonya&#039;n\u0131n 1 numaral\u0131 ay\u00e7i\u00e7e\u011fi k\u00f6y\u00fc\">\n                        <\/div>\n                    <\/a>\n                <\/div>\n            <\/div>\n        <\/div>\n<h4>2012 (Heisei 24)<\/h4>\n\n        <div class=\"site-blogcard-premium\">\n            <div class=\"bc-label-custom\">\u0130lgili makaleler<\/div>\n            <div class=\"bc-flex-container\">\n                <div class=\"bc-main-text\">\n                    <div class=\"bc-title-link-box\">\n                        <a href=\"https:\/\/portal.hokuryu.info\/tr\/topics\/circle\/20120628.html\/\" target=\"_blank\">Sapporo Hokuryu Derne\u011fi (Sapporo \u015eehri), 50 y\u0131ll\u0131k bir ge\u00e7mi\u015fe sahip Hokuryu Kasabas\u0131&#039;ndan bir grup insan - Hokuryu Kasabas\u0131 Portal\u0131 (Hokkaido) - Japonya&#039;n\u0131n 1 numaral\u0131 ay\u00e7i\u00e7e\u011fi k\u00f6y\u00fc<\/a>\n                    <\/div>\n                    <div class=\"bc-excerpt-box\">Nefes kesen bir Japon manzaras\u0131: Hokkaido&#039;nun Hokuryu kasabas\u0131ndaki &quot;Ay\u00e7i\u00e7e\u011fi K\u00f6y\u00fc&quot;. Hokkaido&#039;da pop\u00fcler bir turistik yer. L\u00fctfen en az bir kez ziyaret edin. (Pirin\u00e7 Sommelier&#039;i...).<\/div>\n                <\/div>\n                <div class=\"bc-thumbnail-box\">\n                    <a href=\"https:\/\/portal.hokuryu.info\/tr\/topics\/circle\/20120628.html\/\" target=\"_blank\">\n                        <div class=\"bc-img-zoom-wrap\">\n                            <img decoding=\"async\" src=\"https:\/\/lh5.googleusercontent.com\/-T5lFwGB_VUc\/T-mHaC7D_jI\/AAAAAAAAVXE\/hARdHuWopu4\/s720\/_IGP8736.JPG\" alt=\"Sapporo Hokuryu Derne\u011fi (Sapporo \u015eehri), 50 y\u0131ll\u0131k bir ge\u00e7mi\u015fe sahip Hokuryu Kasabas\u0131&#039;ndan bir grup insan - Hokuryu Kasabas\u0131 Portal\u0131 (Hokkaido) - Japonya&#039;n\u0131n 1 numaral\u0131 ay\u00e7i\u00e7e\u011fi k\u00f6y\u00fc\">\n                        <\/div>\n                    <\/a>\n                <\/div>\n            <\/div>\n        <\/div>\n\u3000 <\/p>\n<p>\u25c7 R\u00f6portaj ve metin: Ikuko Terauchi (foto\u011fraf\u00e7\u0131l\u0131k ve d\u00fczenleme asistan\u0131: Noboru Terauchi)<\/p>","protected":false},"excerpt":{"rendered":"<p>\uff12\uff10\uff12\uff14\u5e74\uff17\u6708\uff13\u65e5\uff08\u6c34\uff09 \uff16\u6708\uff13\uff10\u65e5\uff08\u65e5\uff09\uff11\uff18\uff1a\uff10\uff10\u301c\u3001\u4ee4\u548c\uff16\u5e74\u5ea6\u300c\u3055\u3063\u307d\u308d\u5317\u7adc\u796d\u300d\u304c\u3001\u672d\u5e4c\u30b5\u30f3\u30d7\u30e9\u30b6\uff08\u672d\u5e4c\u5e02\uff09\uff12\u968e\u300c\u7389\u8449\u306e\u9593\u300d\u3067\u76db\u5927\u306b\u958b\u50ac\u3055\u308c\u307e\u3057\u305f\u3002 \u4ee4\u548c\uff16\u5e74\u5ea6 \u3055\u3063\u307d\u308d\u5317\u7adc\u796d \u3055\u3063\u307d\u308d\u5317\u7adc\u4f1a \u3055 [&hellip;]<\/p>\n","protected":false},"author":1,"featured_media":47135,"comment_status":"open","ping_status":"open","sticky":false,"template":"","format":"standard","meta":{"footnotes":""},"categories":[4],"tags":[],"class_list":["post-47122","post","type-post","status-publish","format-standard","has-post-thumbnail","hentry","category-cover-story"],"_links":{"self":[{"href":"https:\/\/portal.hokuryu.info\/tr\/wp-json\/wp\/v2\/posts\/47122","targetHints":{"allow":["GET"]}}],"collection":[{"href":"https:\/\/portal.hokuryu.info\/tr\/wp-json\/wp\/v2\/posts"}],"about":[{"href":"https:\/\/portal.hokuryu.info\/tr\/wp-json\/wp\/v2\/types\/post"}],"author":[{"embeddable":true,"href":"https:\/\/portal.hokuryu.info\/tr\/wp-json\/wp\/v2\/users\/1"}],"replies":[{"embeddable":true,"href":"https:\/\/portal.hokuryu.info\/tr\/wp-json\/wp\/v2\/comments?post=47122"}],"version-history":[{"count":0,"href":"https:\/\/portal.hokuryu.info\/tr\/wp-json\/wp\/v2\/posts\/47122\/revisions"}],"wp:featuredmedia":[{"embeddable":true,"href":"https:\/\/portal.hokuryu.info\/tr\/wp-json\/wp\/v2\/media\/47135"}],"wp:attachment":[{"href":"https:\/\/portal.hokuryu.info\/tr\/wp-json\/wp\/v2\/media?parent=47122"}],"wp:term":[{"taxonomy":"category","embeddable":true,"href":"https:\/\/portal.hokuryu.info\/tr\/wp-json\/wp\/v2\/categories?post=47122"},{"taxonomy":"post_tag","embeddable":true,"href":"https:\/\/portal.hokuryu.info\/tr\/wp-json\/wp\/v2\/tags?post=47122"}],"curies":[{"name":"wp","href":"https:\/\/api.w.org\/{rel}","templated":true}]}}