{"id":46960,"date":"2024-07-01T13:04:48","date_gmt":"2024-07-01T04:04:48","guid":{"rendered":"https:\/\/portal.hokuryu.info\/?p=46960"},"modified":"2024-07-03T17:12:04","modified_gmt":"2024-07-03T08:12:04","slug":"fy2024-hokuryu-yangin-sondurme-tatbikati-2024-hokuryu-kasabasi-hokkaido-kasaba-sakinleri","status":"publish","type":"post","link":"https:\/\/portal.hokuryu.info\/tr\/46960\/","title":{"rendered":"FY2024 Hokuryu Yang\u0131n S\u00f6nd\u00fcrme Tatbikat\u0131 2024 (Hokuryu Kasabas\u0131, Hokkaido) - Kasaba halk\u0131n\u0131n can g\u00fcvenli\u011fini ve emniyetini korumak i\u00e7in s\u0131k\u0131 e\u011fitim ve s\u0131k\u0131 \u00e7al\u0131\u015fma"},"content":{"rendered":"<p>Pazartesi, 1 Temmuz 2024<\/p>\n<p>Hokuryu \u0130tfaiye Tugay\u0131 (\u015eef Nakayama Shigeyuki) taraf\u0131ndan Hokuryu Yang\u0131n Tatbikat\u0131, 28 Haziran Cuma g\u00fcn\u00fc saat 14:30&#039;da Hokuryu Belediye Binas\u0131&#039;n\u0131n kuzeyindeki otoparkta ger\u00e7ekle\u015ftirilecektir. Daha sonra saat 17.00&#039;den itibaren Kitary\u016b Kasaba Toplum Merkezi&#039;nin b\u00fcy\u00fck salonunda sosyal bir toplant\u0131 d\u00fczenlendi.<\/p>\n<h2>2020 Mali Y\u0131l\u0131 Hokuryu Yang\u0131n Tatbikat\u0131<\/h2>\n<figure class=\"wp-caption aligncenter\"><a href=\"https:\/\/photos.google.com\/share\/AF1QipN1im7JxLUHs54fdcpzUimiMP8L8fpZ0r2Tapzy2R0J4jcBbssfqYV4r8KoLHN7Tg\/photo\/AF1QipPxBnMCf9LeaXmIKmGg1R9_QvEevrRv8Yqo8q4?key=Zzcxd1NQM3ZMNXJaVkZ3b2o4YzF2ZnlhUkxmUXN3\" target=\"_blank\" rel=\"noopener\"><img decoding=\"async\" src=\"https:\/\/lh3.googleusercontent.com\/pw\/AP1GczOXVgb2Wic28qgfSzMVMuAnK0KMWUspFxnvMmSPenAeqBfZmfLp2Y6Ko5__4iSIEEvuzN3MZ-qrud-Ho45601dlZG9_tzSfzyPXj9Yo7e88ajop4nGTWom3scIl-10UHTo12F2CO5hqUyIcmJbfEE48=w2000-h1500-s-no-gm?authuser=0\" width=\"2000\" height=\"1500\" alt=\"2020 Mali Y\u0131l\u0131 Hokuryu Yang\u0131n Tatbikat\u0131\" class=\"size-full\" \/><\/a><figcaption class=\"wp-caption-text\">2020 Mali Y\u0131l\u0131 Hokuryu Yang\u0131n Tatbikat\u0131<\/figcaption><\/figure>\n<p>Bu derne\u011fin amac\u0131, Hokuriku \u0130tfaiye Tugay\u0131&#039;n\u0131n \u00e7e\u015fitli birimleri ile Hokuriku \u015eube Polis Karakolu aras\u0131ndaki i\u015fbirli\u011fini g\u00fc\u00e7lendirmek, Hokuriku Kasabas\u0131&#039;n\u0131n kapsaml\u0131 yang\u0131nla m\u00fccadele kabiliyetlerini g\u00f6stermek ve yang\u0131nla m\u00fccadele tekniklerini uygulayarak itfaiyecilerin moralini y\u00fckseltmek ve yerel halk aras\u0131nda yang\u0131n \u00f6nleme konusunda fark\u0131ndal\u0131k yaratmakt\u0131r.<\/p>\n<figure class=\"wp-caption aligncenter\"><a href=\"https:\/\/photos.google.com\/share\/AF1QipN1im7JxLUHs54fdcpzUimiMP8L8fpZ0r2Tapzy2R0J4jcBbssfqYV4r8KoLHN7Tg\/photo\/AF1QipOjoO4qvy3iCa_iSoguqo45oeQ_ZQ9UTkWPgrk?key=Zzcxd1NQM3ZMNXJaVkZ3b2o4YzF2ZnlhUkxmUXN3\" target=\"_blank\" rel=\"noopener\"><img decoding=\"async\" src=\"https:\/\/lh3.googleusercontent.com\/pw\/AP1GczPRgc_AqcawhE6CC9FZNaK7UYV11v1EaKp9y4EaHKfSu4l871J05sZ9KGt08-VQKRyUescT4SF2DfVfqpLTkiN33u6gTLaniGKkNiB0gmyfrzfwS7HKIyB9BkAgdB6RprDhBPgdursFCqdBuP66Pe-9=w2000-h1500-s-no-gm?authuser=0\" width=\"2000\" height=\"1500\" alt=\"\u00d6d\u00fcl pankart\u0131\" class=\"size-full\" \/><\/a><figcaption class=\"wp-caption-text\">\u00d6d\u00fcl pankart\u0131<\/figcaption><\/figure>\n<ul>\n<li><strong>Organizat\u00f6r:<\/strong>Fukagawa B\u00f6lge \u0130tfaiye Departman\u0131 Hokuryu \u0130tfaiye Tugay\u0131<br \/>\nFukagawa B\u00f6lge \u0130tfaiye Departman\u0131, Hokuryu \u015eubesi<\/li>\n<li><strong>Sponsor:<\/strong>Hokuryu \u0130tfaiye Tugay\u0131 Birli\u011fi Destek\u00e7ileri Derne\u011fi<\/li>\n<li><strong>i\u015fbirli\u011fi:<\/strong>Hokkaido Polisi Asahikawa B\u00f6lgesi Fukagawa Polis Karakolu<br \/>\nHokuryu Kasabas\u0131 Trafik G\u00fcvenli\u011fi E\u011fitmenleri Derne\u011fi<br \/>\nHokuryu Kasabas\u0131 Yawara Anaokulu<\/li>\n<li><strong>Kat\u0131lan tak\u0131m\u0131n ad\u0131:<\/strong>Fukagawa B\u00f6lge \u0130tfaiye Departman\u0131, Hokuryu \u0130tfaiye Tugay\u0131 1. B\u00f6l\u00fcm<br \/>\nFukagawa B\u00f6lge \u0130tfaiye Departman\u0131 Birli\u011fi Hokuryu \u0130tfaiye Tugay\u0131 2. B\u00f6l\u00fcm<br \/>\nFukagawa B\u00f6lge \u0130tfaiye Departman\u0131, Hokuryu \u015eubesi<\/li>\n<li><strong>mekan :<\/strong>Hokuryu Belediye Binas\u0131 Kuzey Otopark\u0131<\/li>\n<\/ul>\n<h3>Anlat\u0131m: D\u00f6rt kad\u0131n itfaiyeci<\/h3>\n<figure class=\"wp-caption aligncenter\"><a href=\"https:\/\/photos.google.com\/share\/AF1QipN1im7JxLUHs54fdcpzUimiMP8L8fpZ0r2Tapzy2R0J4jcBbssfqYV4r8KoLHN7Tg\/photo\/AF1QipM7xz2aSEhCNqnIB97X13OzlnTT3rdS10p9GcE?key=Zzcxd1NQM3ZMNXJaVkZ3b2o4YzF2ZnlhUkxmUXN3\" target=\"_blank\" rel=\"noopener\"><img decoding=\"async\" src=\"https:\/\/lh3.googleusercontent.com\/pw\/AP1GczP7fzIRLFE9klMIB_2btrAc9H2mUtsezGAqYcUDNiGeQTdDN90g_qiJ5ZbQIsy2G3j5vhAHYJRQp-7l7LfOgtZTachSgTDjLpUR7-INwohI9snFcE_ytqNvT11TjiKA9gxnvKItho_osgK8B6bfYMa3=w2000-h1500-s-no-gm?authuser=0\" width=\"2000\" height=\"1500\" alt=\"D\u00f6rt kad\u0131n itfaiyeci\" class=\"size-full\" \/><\/a><figcaption class=\"wp-caption-text\">D\u00f6rt kad\u0131n itfaiyeci<\/figcaption><\/figure>\n<h3>1. A\u00e7\u0131l\u0131\u015f T\u00f6reni<\/h3>\n<h4>Anaokulu \u00e7ocuklar\u0131 taraf\u0131ndan seslendirilen &quot;Yang\u0131n \u00d6nleme \u015eark\u0131s\u0131&quot;<\/h4>\n<p>Yawara Anaokulu K\u00fc\u00e7\u00fck \u0130tfaiye Kul\u00fcb\u00fc&#039;nden \u00e7ocuklar\u0131n seslendirdi\u011fi &quot;Yang\u0131n \u00d6nleme \u015eark\u0131s\u0131&quot;.<br \/>\nBirbirine uyumlu ne\u015feli paltolar giyen ve k\u00fc\u00e7\u00fck pankartlar sallayan sevimli anaokulu \u00f6\u011frencileri, &quot;Yang\u0131n \u00d6nleme \u015eark\u0131s\u0131&quot;n\u0131 s\u00f6yledi!<\/p>\n<figure class=\"wp-caption aligncenter\"><a href=\"https:\/\/photos.google.com\/share\/AF1QipN1im7JxLUHs54fdcpzUimiMP8L8fpZ0r2Tapzy2R0J4jcBbssfqYV4r8KoLHN7Tg\/photo\/AF1QipNy1xed_ys_eAU3jLKvF917Wn7vi7edrFy-Bbo?key=Zzcxd1NQM3ZMNXJaVkZ3b2o4YzF2ZnlhUkxmUXN3\" target=\"_blank\" rel=\"noopener\"><img decoding=\"async\" src=\"https:\/\/lh3.googleusercontent.com\/pw\/AP1GczM8JMlondi_i2XskgtQIjF69sQ5q-AaVCaiHRMemdybuzYVaD2prm1LnwQmESYNdMOj3nbeC3eK2c-3yEhnpHdmujK9F4yIWMfDIh9E8fv18OQ-3qj6bI-Hem2oFBauXH0GyLccaI7G2oDr7jnvTZpP=w2000-h1500-s-no-gm?authuser=0\" width=\"2000\" height=\"1500\" alt=\"Yawara Anaokulu \u00c7ocuk \u0130tfaiye Kul\u00fcb\u00fc&#039;n\u00fcn \u00e7ocuklar\u0131 taraf\u0131ndan seslendirilen &quot;Yang\u0131n \u00d6nleme \u015eark\u0131s\u0131&quot;\" class=\"size-full\" \/><\/a><figcaption class=\"wp-caption-text\">Yawara Anaokulu \u00c7ocuk \u0130tfaiye Kul\u00fcb\u00fc&#039;n\u00fcn \u00e7ocuklar\u0131 taraf\u0131ndan seslendirilen &quot;Yang\u0131n \u00d6nleme \u015eark\u0131s\u0131&quot;<\/figcaption><\/figure>\n<h4>\u00c7ocuklar &quot;yang\u0131n \u00f6nleme s\u00f6z\u00fc&quot; veriyor<\/h4>\n<p>Sonra iki anaokulu \u00e7ocu\u011fu belirdi!<\/p>\n<p>&quot;Keirei!&quot;<br \/>\n&quot;Biz asla ate\u015fle oynamay\u0131z!&quot;<br \/>\n&quot;Keirei!&quot; y\u00fcksek sesle k\u00fcf\u00fcr ediyorlar!<\/p>\n<figure class=\"wp-caption aligncenter\"><a href=\"https:\/\/photos.google.com\/share\/AF1QipN1im7JxLUHs54fdcpzUimiMP8L8fpZ0r2Tapzy2R0J4jcBbssfqYV4r8KoLHN7Tg\/photo\/AF1QipN7HtUEsT7INAA5X_x8gN2Ng0mtak6egcQtE2I?key=Zzcxd1NQM3ZMNXJaVkZ3b2o4YzF2ZnlhUkxmUXN3\"><img decoding=\"async\" src=\"https:\/\/lh3.googleusercontent.com\/pw\/AP1GczPYgUbdvg2h0fhFdioz462D-YVl6TYQr38uV6it3EtBx4sHYbWUqGga38ToPAo4S6wJ7QQrg2j5Vnjt578zo3g3PaFqyW7YSJPwKebi9Pti9Q-g5F1rejIciReqobo5dxSVIPZSG0FZRw7ZjvHoHhJN=w2000-h1500-s-no-gm?authuser=0\" width=\"2000\" height=\"1500\" alt=\"&quot;Yang\u0131n \u00d6nleme S\u00f6z\u00fc&quot;\" class=\"size-full\" \/><\/a><figcaption class=\"wp-caption-text\">&quot;Yang\u0131n \u00d6nleme S\u00f6z\u00fc&quot;<\/figcaption><\/figure>\n<h3>2. A\u00e7\u0131l\u0131\u015f T\u00f6reni Haz\u0131rl\u0131\u011f\u0131<\/h3>\n<ol>\n<li><strong>Personel, makine ve ekipman muayene raporu:<\/strong>Komutan \u21d2 Komutan Yard\u0131mc\u0131s\u0131 \u21d2 Ba\u015fkomutan<\/li>\n<li><strong>Ba\u015fkomutan\u0131n emri:<\/strong>Ba\u015fkomutan: Takashi Ukai<\/li>\n<\/ol>\n<figure class=\"wp-caption aligncenter\"><a href=\"https:\/\/photos.google.com\/share\/AF1QipN1im7JxLUHs54fdcpzUimiMP8L8fpZ0r2Tapzy2R0J4jcBbssfqYV4r8KoLHN7Tg\/photo\/AF1QipMzNebMBlijVvhMESx5Mq0HJ-xELokZjCokhVs?key=Zzcxd1NQM3ZMNXJaVkZ3b2o4YzF2ZnlhUkxmUXN3\" target=\"_blank\" rel=\"noopener\"><img decoding=\"async\" src=\"https:\/\/lh3.googleusercontent.com\/pw\/AP1GczMpFhs3BhXDSg-83NJ422w3ReV7ZdgEpcelV270JbmK0MSAmWqCOGyW8a907bgn7Q3r6zusuxNfdsuwtjyyx5CDTlTzTxgXS_wiNaq7iQAhVrsBmTuHi4fI9VLz3jcvb_MfS8Jz0F_5AnQQB3-XAbIX=w2000-h1333-s-no-gm?authuser=0\" width=\"2000\" height=\"1333\" alt=\"Hokuryu \u0130tfaiye Tugay\u0131 1. ve 2. T\u00fcmenleri\" class=\"size-full\" \/><\/a><figcaption class=\"wp-caption-text\">Hokuryu \u0130tfaiye Tugay\u0131 1. ve 2. T\u00fcmenleri<\/figcaption><\/figure>\n<h3>3. A\u00e7\u0131l\u0131\u015f T\u00f6reni<\/h3>\n<h3>A\u00e7\u0131l\u0131\u015f konu\u015fmas\u0131: Komutan Yard\u0131mc\u0131s\u0131 Akinori Fujii<\/h3>\n<figure class=\"wp-caption aligncenter\"><a href=\"https:\/\/photos.google.com\/share\/AF1QipN1im7JxLUHs54fdcpzUimiMP8L8fpZ0r2Tapzy2R0J4jcBbssfqYV4r8KoLHN7Tg\/photo\/AF1QipPTBNUHhnxkEgByhKJTAzYG3RWD7jHiYC_Tku4?key=Zzcxd1NQM3ZMNXJaVkZ3b2o4YzF2ZnlhUkxmUXN3\" target=\"_blank\" rel=\"noopener\"><img decoding=\"async\" src=\"https:\/\/lh3.googleusercontent.com\/pw\/AP1GczO2r8_agGrMZuMcC8YJ52uQEw6YS6QlLGQZV0Vi6OXYPDx6OyF7RZFSqsJqbItWXYSJvImhkgFN61z_mZFTchj2K0_N_5OeF4wZKVPHl72eRGdhBh6FusKY7kj82sbUFjibw2-iDiFBolhQnqofcL4C=w2000-h1333-s-no-gm?authuser=0\" width=\"2000\" height=\"1333\" alt=\"Komutan Yard\u0131mc\u0131s\u0131 Akinori Fujii\" class=\"size-full\" \/><\/a><figcaption class=\"wp-caption-text\">Komutan Yard\u0131mc\u0131s\u0131 Akinori Fujii<\/figcaption><\/figure>\n<h4>Bayra\u011fa selam<\/h4>\n<figure class=\"wp-caption aligncenter\"><a href=\"https:\/\/photos.google.com\/share\/AF1QipN1im7JxLUHs54fdcpzUimiMP8L8fpZ0r2Tapzy2R0J4jcBbssfqYV4r8KoLHN7Tg\/photo\/AF1QipPWPE7qpiix54A3ach-_XsT-ar2bct7xbwW48I?key=Zzcxd1NQM3ZMNXJaVkZ3b2o4YzF2ZnlhUkxmUXN3\"><img decoding=\"async\" src=\"https:\/\/lh3.googleusercontent.com\/pw\/AP1GczOd2W7VImjrQgqwjhLuOONZ3V3PZRTQ-X907crekhM-75MG0bFhFdBONa2ZoIFlYpj9ffc5xNCKYik1PoO4_Sn6TwMpKXoq854LETiGjlRMmNuIj1n4Sc3VXnToiRW7o-r-Kqv5zAxULccfpMbevqVZ=w2000-h1500-s-no-gm?authuser=0\" width=\"2000\" height=\"1500\" alt=\"Bayra\u011fa selam\" class=\"size-full\" \/><\/a><figcaption class=\"wp-caption-text\">Bayra\u011fa selam<\/figcaption><\/figure>\n<h4>Hayat\u0131n\u0131 kaybeden itfaiyeciler i\u00e7in bir dakikal\u0131k sayg\u0131 duru\u015fu<\/h4>\n<figure class=\"wp-caption aligncenter\"><a href=\"https:\/\/photos.google.com\/share\/AF1QipN1im7JxLUHs54fdcpzUimiMP8L8fpZ0r2Tapzy2R0J4jcBbssfqYV4r8KoLHN7Tg\/photo\/AF1QipNcOccWre1TXCZl3zlTcisDTCGgCZcS3MlJfE8?key=Zzcxd1NQM3ZMNXJaVkZ3b2o4YzF2ZnlhUkxmUXN3\" target=\"_blank\" rel=\"noopener\"><img decoding=\"async\" src=\"https:\/\/lh3.googleusercontent.com\/pw\/AP1GczPnFn780B76-F_MqIH9D4d7M-W-RI0waqNcONZVfAhewBUD33DTj8bd8yl1adWdKrKtK19H7YvR0xb8jdWftwsAPFRjcEOqnCSANznB2saPDri1M93ZGLkx6TUO-RU3n1UM5zBvzVTJOk9HItQKA5O7=w2000-h1500-s-no-gm?authuser=0\" width=\"2000\" height=\"1125\" alt=\"sessiz dua\" class=\"size-full\" \/><\/a><figcaption class=\"wp-caption-text\">sessiz dua<\/figcaption><\/figure>\n<h4>Personel Raporu: Ba\u015fkomutan Takashi Ukai<\/h4>\n<figure class=\"wp-caption aligncenter\"><a href=\"https:\/\/photos.google.com\/share\/AF1QipN1im7JxLUHs54fdcpzUimiMP8L8fpZ0r2Tapzy2R0J4jcBbssfqYV4r8KoLHN7Tg\/photo\/AF1QipOMBt3VAhTHdT4krQSB_SZ_x4XMHZQ4B6aO4-I?key=Zzcxd1NQM3ZMNXJaVkZ3b2o4YzF2ZnlhUkxmUXN3\" target=\"_blank\" rel=\"noopener\"><img decoding=\"async\" src=\"https:\/\/lh3.googleusercontent.com\/pw\/AP1GczOrHlA6wFJb9wPTbha8gu2d4zksUPo3-oAeRTbzOw8pnYJv12SHa2IBXgK6btHcC0UGpS84yDrVIwAysdxNFoRV3q_PWLcMK7FVttwq470aJGpyMuIrxEpv-zfGchnqIQAK_COf1sG_XmqmOvWvR1t-=w2000-h1333-s-no-gm?authuser=0\" width=\"2000\" height=\"1333\" alt=\"Ba\u015fkomutan: Takashi Ukai\" class=\"size-full\" \/><\/a><figcaption class=\"wp-caption-text\">Ba\u015fkomutan: Takashi Ukai<\/figcaption><\/figure>\n<h4>Ba\u015fm\u00fcfetti\u015ften selamlar: Ba\u015fm\u00fcfetti\u015f Yasuhiro Sasaki (Hokuryu Kasabas\u0131 Belediye Ba\u015fkan\u0131)<\/h4>\n<figure class=\"wp-caption aligncenter\"><a href=\"https:\/\/photos.google.com\/share\/AF1QipN1im7JxLUHs54fdcpzUimiMP8L8fpZ0r2Tapzy2R0J4jcBbssfqYV4r8KoLHN7Tg\/photo\/AF1QipOYR_dtuG3u0kQc4mkT4zgkXDa2blG5WrOMZbs?key=Zzcxd1NQM3ZMNXJaVkZ3b2o4YzF2ZnlhUkxmUXN3\" target=\"_blank\" rel=\"noopener\"><img decoding=\"async\" src=\"https:\/\/lh3.googleusercontent.com\/pw\/AP1GczNfyMZj3GyqPDIPYCc24uDFc7S6hFF8aHLTDLVYsOK_hTPnRo1U4vlXIWaNTeVERhGIoZLKOz_HMu0Z7RfQw6qj56J22qw-YVuyZmjFf8TRnFI99YMt32rsh4sr8Mok_ahUqtNcrIHAIrMslgNAohBr=w2000-h1125-s-no-gm?authuser=0\" width=\"2000\" height=\"1125\" alt=\"M\u00fcfetti\u015f Yasuhiro Sasaki (Hokuryu Kasabas\u0131 Belediye Ba\u015fkan\u0131)\" class=\"size-full\" \/><\/a><figcaption class=\"wp-caption-text\">M\u00fcfetti\u015f Yasuhiro Sasaki (Hokuryu Kasabas\u0131 Belediye Ba\u015fkan\u0131)<\/figcaption><\/figure>\n<p>\u201c2024 y\u0131l\u0131 tarihi ve geleneksel Hokuryu Yang\u0131n Tatbikat\u0131n\u0131n bug\u00fcn burada b\u00f6ylesine b\u00fcy\u00fck bir tantanayla ve \u00e7ok say\u0131da se\u00e7kin konu\u011fun kat\u0131l\u0131m\u0131yla ger\u00e7ekle\u015ftirilmesinden ger\u00e7ekten b\u00fcy\u00fck mutluluk duyuyorum.<\/p>\n<p>Bu prestijli yang\u0131n tatbikat\u0131 kapsam\u0131nda, Y\u00fczba\u015f\u0131 Nakayama komutas\u0131ndaki kasaba halk\u0131, kasaba halk\u0131n\u0131n can ve mal g\u00fcvenli\u011fini korumak i\u00e7in b\u00f6lgedeki \u00f6nleyici yang\u0131n s\u00f6nd\u00fcrme g\u00f6revlerinde gece g\u00fcnd\u00fcz muazzam \u00e7abalar sarf ediyor.<\/p>\n<p>\u0130tfaiye te\u015fkilat\u0131m\u0131z\u0131n t\u00fcm mensuplar\u0131na en derin sayg\u0131 ve \u015f\u00fckranlar\u0131m\u0131z\u0131 sunar, g\u00fcnl\u00fck ald\u0131klar\u0131 e\u011fitimlerin sonu\u00e7lar\u0131n\u0131 tam olarak ortaya koymalar\u0131n\u0131 ve bu tatbikat\u0131n b\u00fcy\u00fck bir ba\u015far\u0131yla sonu\u00e7lanmas\u0131n\u0131 temenni ederiz.<\/p>\n<p>Son y\u0131llarda anormal hava olaylar\u0131 ola\u011fan hale gelmi\u015f olup, deprem, tayfun, kar ya\u011f\u0131\u015f\u0131, hortum, \u015fiddetli ya\u011f\u0131\u015flar\u0131n neden oldu\u011fu heyelan gibi do\u011fal afetlerin yol a\u00e7t\u0131\u011f\u0131 hasarlar devam etmekte, \u00e7ok say\u0131da can ve mal kayb\u0131na neden olmaktad\u0131r.<\/p>\n<p>\u0130tfaiye te\u015fkilatlar\u0131, sadece g\u00fcnl\u00fck hayatta ya\u015fanan afetler de\u011fil, deprem, f\u0131rt\u0131na ve sel gibi do\u011fal afetler, ara\u00e7 kazalar\u0131 ve sivil savunmay\u0131 ilgilendiren acil durumlar gibi \u00e7a\u011f\u0131n gerektirdi\u011fi bir\u00e7ok duruma m\u00fcdahale etmekle g\u00f6revlendirilmekte ve onlardan beklentiler giderek artmaktad\u0131r.<\/p>\n<p>Kitary\u016b Kasabas\u0131nda, ge\u00e7en y\u0131ldan bu yana yang\u0131nla m\u00fccadele kabiliyetlerimizi g\u00fc\u00e7lendirmek i\u00e7in \u00e7al\u0131\u015fmalar y\u00fcr\u00fct\u00fcyoruz. Bu kapsamda Heisei b\u00f6lgesindeki sirenleri yeniledik ve depreme dayan\u0131kl\u0131 iki adet yang\u0131n suyu deposu kurduk.<\/p>\n<p>Herhangi bir afet durumunda, t\u00fcm ekip \u00fcyelerinizden, modern yang\u0131n s\u00f6nd\u00fcrme ekipmanlar\u0131n\u0131 ve e\u011fitimle edindikleri becerileri kullanarak h\u0131zl\u0131 bir \u015fekilde m\u00fcdahale etmelerini ve yerel halk\u0131n beklentilerini kar\u015f\u0131lamalar\u0131n\u0131 rica ediyorum.<\/p>\n<p>Son olarak, bu tatbikata katk\u0131 sa\u011flayan \u0130tfaiye Destek Derne\u011fi ve trafik g\u00fcvenli\u011fi e\u011fitmenlerimize ve bug\u00fcnk\u00fc tatbikata renk katan Yawara Anaokulu Gen\u00e7 \u0130tfaiye Kul\u00fcb\u00fcne i\u00e7ten \u015f\u00fckranlar\u0131m\u0131z\u0131 sunmak istiyoruz.<\/p>\n<p>De\u011ferli konuklar, bug\u00fcn toplant\u0131m\u0131za kat\u0131lan hepinize sa\u011fl\u0131k ve ba\u015far\u0131 dileklerimi iletiyorum. Tatbikatla ilgili s\u00f6zlerim burada sona eriyor. &quot;Bu son&quot; dedi Ba\u015fkomiser Sasaki.<\/p>\n<h4>Denetleme<\/h4>\n<figure class=\"wp-caption aligncenter\"><a href=\"https:\/\/photos.google.com\/share\/AF1QipN1im7JxLUHs54fdcpzUimiMP8L8fpZ0r2Tapzy2R0J4jcBbssfqYV4r8KoLHN7Tg\/photo\/AF1QipPs64TmSRy_CPKhxhcprfy6mz2mQ_5iIYQNnVA?key=Zzcxd1NQM3ZMNXJaVkZ3b2o4YzF2ZnlhUkxmUXN3\" target=\"_blank\" rel=\"noopener\"><img decoding=\"async\" src=\"https:\/\/lh3.googleusercontent.com\/pw\/AP1GczMEuCPPlIh3LmPSEWKGgIGJ6VqZN9olgcdce5nQiL09XbFBzVlic7Iy6YEew4ipkBHkVncXmdr-Z7bDweABqyquzZZdz0FMCoipgKLkBS2yqu5TyG6Belyb5F5tQMN_Z83wucJaHWFnFU-7_zk_GyR5=w2000-h1500-s-no-gm?authuser=0\" width=\"2000\" height=\"1500\" alt=\"Denetleme\" class=\"size-full\" \/><\/a><figcaption class=\"wp-caption-text\">Denetleme<\/figcaption><\/figure>\n<h4>kapal\u0131 tip<\/h4>\n<h3>egzersizler<\/h3>\n<h4>disiplin e\u011fitimi<\/h4>\n<figure class=\"wp-caption alignnone\"><a href=\"https:\/\/photos.google.com\/share\/AF1QipN1im7JxLUHs54fdcpzUimiMP8L8fpZ0r2Tapzy2R0J4jcBbssfqYV4r8KoLHN7Tg\/photo\/AF1QipPVncIJmytc2ZS5pf7x-K92mfyUiABUFYINmJI?key=Zzcxd1NQM3ZMNXJaVkZ3b2o4YzF2ZnlhUkxmUXN3\" target=\"_blank\" rel=\"noopener\"><img decoding=\"async\" src=\"https:\/\/lh3.googleusercontent.com\/pw\/AP1GczN3PLz2lVToY-WYSFIbzfIyoMoLCTpG0Wy-RYNkl6qzAHdrJfv2CZFwpOJQUA7P3PmwpHpJFSEIsnjJa_xj1fGYhVxsItzqd4sQKhesr0ytcS0GraI-G_TjcnsiijMmK5ojwkp2w5NAx4q-JNShUfOU=w2000-h1500-s-no-gm?authuser=0\" width=\"2000\" height=\"1500\" alt=\"disiplin e\u011fitimi\" class=\"size-full\" \/><\/a><figcaption class=\"wp-caption-text\">disiplin e\u011fitimi<\/figcaption><\/figure>\n<ul>\n<li><strong>B\u00f6l\u00fck komutan\u0131:<\/strong>Bay Kimihiro Suzuki, 2. T\u00fcmen \u015eefi<\/li>\n<li><strong>1. Tak\u0131m (17 ki\u015fi):<\/strong>Osamu Komatsu, Tak\u0131m Lideri, 1. T\u00fcmen, Tak\u0131m Lideri<\/li>\n<li><strong>2. Tak\u0131m (17 ki\u015fi):<\/strong>Tak\u0131m Lideri, 2. Lig, Tak\u0131m Lideri, Yohei Tsuji<\/li>\n<\/ul>\n<h4>Yang\u0131n pompas\u0131 \u00e7al\u0131\u015fmas\u0131 (su olmadan)<\/h4>\n<ul>\n<li><strong>1. Lig (K\u00fc\u00e7\u00fck Pompalar):<\/strong>\u00c7ift sar\u0131l\u0131 hortum tek hatl\u0131 uzatma elle, Tak\u0131m Lideri Masayuki Takada<\/li>\n<li><strong>2. Lig (K\u00fc\u00e7\u00fck Pompalar):<\/strong>\u00c7ift sar\u0131l\u0131 hortum tek hatl\u0131 uzatma elle, Tak\u0131m Lideri Akito Yamagai<\/li>\n<li><strong>1.Lig (Senryu):<\/strong>Tebirome, Ekip Lideri Daisuke Fujita taraf\u0131ndan \u00e7ift sar\u0131l\u0131 hortum tek hat uzatma<\/li>\n<li><strong>\u0130kinci Lig (Zhonglong):<\/strong>\u00c7ift sar\u0131l\u0131 hortum tek hatl\u0131 uzatma elle, Ekip Lideri, Bay Okunobu Asakura<\/li>\n<\/ul>\n<figure class=\"wp-caption aligncenter\"><a href=\"https:\/\/photos.google.com\/share\/AF1QipN1im7JxLUHs54fdcpzUimiMP8L8fpZ0r2Tapzy2R0J4jcBbssfqYV4r8KoLHN7Tg\/photo\/AF1QipOqF-h71mSF1c-7qW-JNmA_IZRpMZ9wyKSAb-U?key=Zzcxd1NQM3ZMNXJaVkZ3b2o4YzF2ZnlhUkxmUXN3\" target=\"_blank\" rel=\"noopener\"><img decoding=\"async\" src=\"https:\/\/lh3.googleusercontent.com\/pw\/AP1GczNZKsnVxOE1RGw5MezQBbGdb_HW6gkeT5DLTtYkO3KOv1K87lbyelWKU5YUq8dWDp2khf54QCLppS2XxP_ygxQ0zdZKNCTRYjjkKDW3AzEr26bG13PZ_wwlbGJiRi_DzSK3uhcy8kMKMdExKmyIyNs4=w2000-h1500-s-no-gm?authuser=0\" width=\"2000\" height=\"1500\" alt=\"Yang\u0131n pompas\u0131 \u00e7al\u0131\u015fmas\u0131\" class=\"size-full\" \/><\/a><figcaption class=\"wp-caption-text\">Yang\u0131n pompas\u0131 \u00e7al\u0131\u015fmas\u0131<\/figcaption><\/figure>\n<figure class=\"wp-caption aligncenter\"><a href=\"https:\/\/photos.google.com\/share\/AF1QipN1im7JxLUHs54fdcpzUimiMP8L8fpZ0r2Tapzy2R0J4jcBbssfqYV4r8KoLHN7Tg\/photo\/AF1QipOx5TM1vbEOTAGi5gmPehuQsI37Vh57YwHnTpU?key=Zzcxd1NQM3ZMNXJaVkZ3b2o4YzF2ZnlhUkxmUXN3\" target=\"_blank\" rel=\"noopener\"><img decoding=\"async\" src=\"https:\/\/lh3.googleusercontent.com\/pw\/AP1GczOwq0lBVY3mC86gJGvO93GPdjLXT6aeDu8gKx6QMUOXJkitaVnLemhIAguu44nQEQ69UWaB87vWJevk-z0PIqEKKMTg82NxmNtJx-ZjI06l98eRphTHWqGAE5PJUJQaBO_46Ng1JU6PCPqOhHH8m_p6=w2000-h1500-s-no-gm?authuser=0\" width=\"2000\" height=\"1500\" alt=\"\uff0e Yang\u0131n pompas\u0131 \u00e7al\u0131\u015fmas\u0131 (su olmadan)\" class=\"size-full\" \/><\/a><figcaption class=\"wp-caption-text\">Yang\u0131n pompas\u0131 \u00e7al\u0131\u015fmas\u0131 (su olmadan)<\/figcaption><\/figure>\n<figure class=\"wp-caption aligncenter\"><a href=\"https:\/\/photos.google.com\/share\/AF1QipN1im7JxLUHs54fdcpzUimiMP8L8fpZ0r2Tapzy2R0J4jcBbssfqYV4r8KoLHN7Tg\/photo\/AF1QipPxmmnrT0k8_PC49z3g8VPICGZB7640zCu4QZg?key=Zzcxd1NQM3ZMNXJaVkZ3b2o4YzF2ZnlhUkxmUXN3\" target=\"_blank\" rel=\"noopener\"><img decoding=\"async\" src=\"https:\/\/lh3.googleusercontent.com\/pw\/AP1GczMA9X47wYBjCF26CKYU6HXYUuMEq1_RO4AejxgXiHwlwRq18oOGVA6ltD6qpSota63De6CXVrLFYM8Nr1sQ5ArSkUjF8HdhfchlLULO5JM0GeHL8ueRzTGK5vXUVzgbFyEtQSylR-1ZS61wUNMv4mMR=w2000-h1333-s-no-gm?authuser=0\" width=\"2000\" height=\"1333\" alt=\"Pompa operasyonunun tamamland\u0131\u011f\u0131n\u0131 Ba\u015fkomutan&#039;a bildirin\" class=\"size-full\" \/><\/a><figcaption class=\"wp-caption-text\">Pompa operasyonunun tamamland\u0131\u011f\u0131n\u0131 Ba\u015fkomutan&#039;a bildirin<\/figcaption><\/figure>\n<h4>Arama e\u011fitimi<\/h4>\n<p><strong>[Varsay\u0131mlar]<\/strong><\/p>\n<ul>\n<li><strong>Tarih ve Saat:<\/strong>Cuma, 28 Haziran 2020, 15:50<\/li>\n<li><strong>Fark\u0131ndal\u0131k:<\/strong>119<\/li>\n<li><strong>yer:<\/strong>Hokuryu Kasabas\u0131 Ortak H\u00fck\u00fcmet Binas\u0131 Yak\u0131n\u0131nda<\/li>\n<li><strong>Hava ko\u015fullar\u0131:<\/strong>R\u00fczgar y\u00f6n\u00fc: G\u00fcneybat\u0131 R\u00fczgar h\u0131z\u0131: 10\/ms Nem:<\/li>\n<\/ul>\n<p><strong>[\u0130HA operasyonu yorumu: Fukagawa \u0130tfaiye Departman\u0131 Hokuryu \u015eube \u015eefi Kazuma Takayoshi]<\/strong><\/p>\n<figure class=\"wp-caption aligncenter\"><a href=\"https:\/\/photos.google.com\/share\/AF1QipN1im7JxLUHs54fdcpzUimiMP8L8fpZ0r2Tapzy2R0J4jcBbssfqYV4r8KoLHN7Tg\/photo\/AF1QipMiIiibLw_gpJKRfkGjzbdHT_ERQoiYOXvSjmA?key=Zzcxd1NQM3ZMNXJaVkZ3b2o4YzF2ZnlhUkxmUXN3\" target=\"_blank\" rel=\"noopener\"><img decoding=\"async\" src=\"https:\/\/lh3.googleusercontent.com\/pw\/AP1GczOcibzAgBn9c6xOMN2durzzOKyQdXg0UPiFBh-QHvfglUI54_fXED0HNjRMCFidErGqg_Z3QcBpVilZYdSP9um1A0ormaFydMPOvZ_psHFleIlIDTg6lIv8dfI4svcxFP9aX5CutycTfampgmfcVarI=w2000-h1500-s-no-gm?authuser=0\" width=\"2000\" height=\"1500\" alt=\"\u015eube \u015eefi Takayoshi Kazuma&#039;n\u0131n A\u00e7\u0131klamas\u0131\" class=\"size-full\" \/><\/a><figcaption class=\"wp-caption-text\">\u015eube \u015eefi Takayoshi Kazuma&#039;n\u0131n A\u00e7\u0131klamas\u0131<\/figcaption><\/figure>\n<figure class=\"wp-caption aligncenter\"><a href=\"https:\/\/photos.google.com\/share\/AF1QipN1im7JxLUHs54fdcpzUimiMP8L8fpZ0r2Tapzy2R0J4jcBbssfqYV4r8KoLHN7Tg\/photo\/AF1QipM1u01mmB8KJb3ONclQNfLaDQ6anlkGtRauJWE?key=Zzcxd1NQM3ZMNXJaVkZ3b2o4YzF2ZnlhUkxmUXN3\" target=\"_blank\" rel=\"noopener\"><img decoding=\"async\" src=\"https:\/\/lh3.googleusercontent.com\/pw\/AP1GczMt5g_UGE6WUHz5Kbmx8DeNhdr_FSFi9gOGJZH4mZCACp6Gy5-PNBZWcyUiZ8UsD0d5z5lr7zrzfAqtaUEv3QL5Y_knPFhiKxT3oPwjfy8639Yg6G8DiMSVptQ9a1YsEFltw7bog4HMajCBQnqn2xEm=w2000-h1333-s-no-gm?authuser=0\" width=\"2000\" height=\"1333\" alt=\"Kazuma \u015eube \u015eefi&#039;nin a\u00e7\u0131klamas\u0131\" class=\"size-full\" \/><\/a><figcaption class=\"wp-caption-text\">Kazuma \u015eube \u015eefi&#039;nin a\u00e7\u0131klamas\u0131<\/figcaption><\/figure>\n<p>&quot;Her drone i\u00e7in iki kontrol\u00f6r kullan\u0131l\u0131yor. Biri drone&#039;u kontrol ediyor, di\u011feri ke\u015fif kameras\u0131n\u0131 \u00e7al\u0131\u015ft\u0131r\u0131yor.<\/p>\n<p>2022 mali y\u0131l\u0131nda (Reiwa 4), itfaiye ekipman bak\u0131m deste\u011fini kullanarak bir afet drone&#039;u sat\u0131n ald\u0131k. Nisan 2023&#039;te Kitary\u016b \u0130tfaiye Tugay\u0131&#039;nda bir drone ekibi kuruldu. Bunlar, bir felaket durumunda \u00fcyeler ve personelin ortakla\u015fa m\u00fcdahale edebilmesi i\u00e7in kuruldu.<\/p>\n<p>Temel faaliyetleri aras\u0131nda arama \u00e7al\u0131\u015fmalar\u0131, yang\u0131n\u0131n yay\u0131ld\u0131\u011f\u0131 alanlar\u0131n tespiti, yang\u0131n hasar alan\u0131n\u0131n tespiti, kasabada heyelan riski ta\u015f\u0131yan be\u015f b\u00f6lgede ke\u015fif \u00e7al\u0131\u015fmalar\u0131 ve sel gibi do\u011fal afetlerde kurtar\u0131lmaya ihtiya\u00e7 duyan ki\u015filerin tespiti yer alacak.<\/p>\n<p>Bug\u00fcnk\u00fc arama e\u011fitimimizde ya\u015fanan olaylar dizisine bir g\u00f6z atman\u0131z\u0131 isterim.<\/p>\n<p>Biz buraya bir monit\u00f6r yerle\u015ftirdik ama normalde itfaiye arac\u0131n\u0131n i\u00e7ine bir monit\u00f6r yerle\u015ftirilir ve komuta merkezi bunu kontrol ederken ke\u015fif de yapar.<\/p>\n<p>Bu sefer monit\u00f6r\u00fc bu televizyona ba\u011flayaca\u011f\u0131z ki, ke\u015fif \u00e7al\u0131\u015fmas\u0131n\u0131 nas\u0131l yapt\u0131\u011f\u0131m\u0131z\u0131 g\u00f6rebilesiniz. Kazuma \u015eube \u015eefi, &quot;\u0130\u015fbirli\u011finiz i\u00e7in te\u015fekk\u00fcr ederiz&quot; dedi.<\/p>\n<figure class=\"wp-caption aligncenter\"><a href=\"https:\/\/photos.google.com\/share\/AF1QipN1im7JxLUHs54fdcpzUimiMP8L8fpZ0r2Tapzy2R0J4jcBbssfqYV4r8KoLHN7Tg\/photo\/AF1QipNEietMJ8unbVNOrspSmloM-voGQeRmoU4HQoM?key=Zzcxd1NQM3ZMNXJaVkZ3b2o4YzF2ZnlhUkxmUXN3\" target=\"_blank\" rel=\"noopener\"><img decoding=\"async\" src=\"https:\/\/lh3.googleusercontent.com\/pw\/AP1GczOTNCeTrH6aR6HX7s7R6t1UUCI2YHYccOGUE4lLQ7Tr8UrQ2qIhEEXinckWjaT_CtPzx-Ze_2y0Z7gjQrsvj6vJfI7T6N_IV3mc8l7qUe4U6pCP63Lhr3hFtf7NBwX1qojSJkI5-jUnu2LpICgEZ-HU=w2000-h1333-s-no-gm?authuser=0\" width=\"2000\" height=\"1333\" alt=\"\u0130HA Tak\u0131m\u0131\" class=\"size-full\" \/><\/a><figcaption class=\"wp-caption-text\">\u0130HA Tak\u0131m\u0131<\/figcaption><\/figure>\n<p><strong>[Dikkat edilmesi gereken noktalar]<\/strong><\/p>\n<p>Kitary\u016b \u015eube Polis Karakolu&#039;ndan bir muhabere memuru, Wa b\u00f6lgesinde yabani sebze toplarken bir ki\u015finin kayboldu\u011funa dair bir ihbar ald\u0131. Derhal sirenler \u00e7al\u0131nacak ve itfaiye ile \u015fube ara\u00e7lar\u0131n\u0131n harekete ge\u00e7mesi istenecek.<\/p>\n<ol>\n<li>Sevk emri siren (\u00e7a\u011f\u0131rma) ile yap\u0131l\u0131r<\/li>\n<li>G\u00f6nderilen ara\u00e7lar k\u0131rm\u0131z\u0131 \u0131\u015f\u0131klar\u0131n\u0131 yakarak ve sirenlerini \u00e7alarak yola \u00e7\u0131kacak.<\/li>\n<li>Ara\u00e7lar\u0131n yasal h\u0131z s\u0131n\u0131r\u0131nda veya alt\u0131nda seyretmesi gerekmektedir.<\/li>\n<li>Arama, ba\u015fkomutan\u0131n emriyle ba\u015flar.<\/li>\n<li>\u0130HA ekibi arama \u00e7al\u0131\u015fmalar\u0131n\u0131 \u0130HA&#039;lar kullanarak ger\u00e7ekle\u015ftiriyor.<\/li>\n<li>Trafik denetimi polis memurlar\u0131 ve trafik e\u011fitmenleri taraf\u0131ndan ger\u00e7ekle\u015ftirilecek.<\/li>\n<li>Araman\u0131n sonland\u0131r\u0131lmas\u0131 emri ba\u015fkomutan taraf\u0131ndan telsizle verilir.<\/li>\n<\/ol>\n<figure class=\"wp-caption aligncenter\"><a href=\"https:\/\/photos.google.com\/share\/AF1QipN1im7JxLUHs54fdcpzUimiMP8L8fpZ0r2Tapzy2R0J4jcBbssfqYV4r8KoLHN7Tg\/photo\/AF1QipPMuUIBTQoIxVWoalLZrmZxMyCsjGs45e73F8w?key=Zzcxd1NQM3ZMNXJaVkZ3b2o4YzF2ZnlhUkxmUXN3\" target=\"_blank\" rel=\"noopener\"><img decoding=\"async\" src=\"https:\/\/lh3.googleusercontent.com\/pw\/AP1GczN_Se70YiRfVQjt6FxXlCoVVUlSGgro0_Rv6PK0fiN6krba93yCFI6oM5PMDZ7JnE_HhPAfiHuaCuD5r5t3rbgic2vz9q8V0f0EJeSwE0WDPdkG5LSfakfrUkRrk72Y8GCwQYiAmlCRsA2px97zlCRe=w2000-h1333-s-no-gm?authuser=0\" width=\"2000\" height=\"1333\" alt=\"\u0130nsans\u0131z hava arac\u0131\" class=\"size-full\" \/><\/a><figcaption class=\"wp-caption-text\">\u0130nsans\u0131z hava arac\u0131<\/figcaption><\/figure>\n<h4>E\u015f zamanl\u0131 su p\u00fcsk\u00fcrtme<\/h4>\n<figure class=\"wp-caption aligncenter\"><a href=\"https:\/\/photos.google.com\/share\/AF1QipN1im7JxLUHs54fdcpzUimiMP8L8fpZ0r2Tapzy2R0J4jcBbssfqYV4r8KoLHN7Tg\/photo\/AF1QipM4ksjcsmXFLt9uirOTzrVyLvVkzVXhyEJqiAo?key=Zzcxd1NQM3ZMNXJaVkZ3b2o4YzF2ZnlhUkxmUXN3\" target=\"_blank\" rel=\"noopener\"><img decoding=\"async\" src=\"https:\/\/lh3.googleusercontent.com\/pw\/AP1GczNnFmjF1oVH2fs8eBktpBa5R0MUvSvy6buDpI1Enf0oJKCuUgrvvaKr_4h6FzKIam8m6MaQPEcyLuwUraY-gWnTsbptF3Dq3pU_BrA8yGVLAb9EuBZ387XBjTMKjyRjdgSgE04_pJyf41UaB2X9nxqQ=w2000-h1125-s-no-gm?authuser=0\" width=\"2000\" height=\"1125\" alt=\"E\u015f zamanl\u0131 su p\u00fcsk\u00fcrtme\" class=\"size-full\" \/><\/a><figcaption class=\"wp-caption-text\">E\u015f zamanl\u0131 su p\u00fcsk\u00fcrtme<\/figcaption><\/figure>\n<p>Bu kez ger\u00e7ek anlamda su b\u0131rak\u0131lmad\u0131 \u00e7\u00fcnk\u00fc suyun b\u0131rak\u0131laca\u011f\u0131 yerde &quot;Hokuryu Kasabas\u0131 Afet Haz\u0131rl\u0131k Depolama Ambar\u0131 \u0130n\u015faat Projesi&quot; devam ediyordu.<\/p>\n<h4>b\u00f6l\u00fcnme y\u00fcr\u00fcy\u00fc\u015f\u00fc<\/h4>\n<p>Y\u00fcr\u00fcy\u00fc\u015f tugay karargah\u0131, 1. ve 2. t\u00fcmen mensuplar\u0131 ve ard\u0131ndan ara\u00e7 birli\u011fiyle ba\u015flad\u0131. Ara\u00e7 birli\u011fi aras\u0131nda b\u00fcy\u00fck su tankeri &quot;Shiroyuu&quot;, su tankerli itfaiye arac\u0131 &quot;Shinryuu&quot;, CD-II yang\u0131n pompal\u0131 ara\u00e7 &quot;Senryuu&quot;, CD-II yang\u0131n pompal\u0131 ara\u00e7 &quot;Shoryuu&quot; ve k\u00fc\u00e7\u00fck g\u00fc\u00e7 pompal\u0131 y\u00fckleme arac\u0131 &quot;Kouryuu&quot; vard\u0131.<\/p>\n<figure class=\"wp-caption aligncenter\"><a href=\"https:\/\/photos.google.com\/share\/AF1QipN1im7JxLUHs54fdcpzUimiMP8L8fpZ0r2Tapzy2R0J4jcBbssfqYV4r8KoLHN7Tg\/photo\/AF1QipNhwuSBVEGhG0j2R-Qbm_7A3NrM0cjdfh677Y0?key=Zzcxd1NQM3ZMNXJaVkZ3b2o4YzF2ZnlhUkxmUXN3\" target=\"_blank\" rel=\"noopener\"><img decoding=\"async\" src=\"https:\/\/lh3.googleusercontent.com\/pw\/AP1GczM_DRUsuAesrIwP6ASDZ1CroXBTJmIMu7kNtSVFWpWn-0jmFIc0tvKjrm8t4FTbxmYJMpXa0cg5rW0rXY6ZCaeznIVp_zA6JvxeKwZfn8gbcBYfZ2OcNqf859oKU9vvP2C0AHJgFDOVKD9XNnHsu_2m=w2000-h1125-s-no-gm?authuser=0\" width=\"2000\" height=\"1125\" alt=\"b\u00f6l\u00fcnme y\u00fcr\u00fcy\u00fc\u015f\u00fc\" class=\"size-full\" \/><\/a><figcaption class=\"wp-caption-text\">b\u00f6l\u00fcnme y\u00fcr\u00fcy\u00fc\u015f\u00fc<\/figcaption><\/figure>\n<figure class=\"wp-caption aligncenter\"><a href=\"https:\/\/photos.google.com\/share\/AF1QipN1im7JxLUHs54fdcpzUimiMP8L8fpZ0r2Tapzy2R0J4jcBbssfqYV4r8KoLHN7Tg\/photo\/AF1QipOooxqpTG_lvBG8AX9dFJ39A6qYNb3pG7curo0?key=Zzcxd1NQM3ZMNXJaVkZ3b2o4YzF2ZnlhUkxmUXN3\" target=\"_blank\" rel=\"noopener\"><img decoding=\"async\" src=\"https:\/\/lh3.googleusercontent.com\/pw\/AP1GczMJoSlRWByxaxKn3M-5j5a0IHHrc0jx_mL8YTjozglFhGjdvKBqSLKC_v6SXgmyBaIQ7Xwg6aqVI6PzmwGP7TtQO6aoeTagEXpzYcNt2LXXLKTPPaoOKtS-PFbgpCrIwVGOBuDieJdHkjbelM-zPvXi=w2000-h1125-s-no-gm?authuser=0\" width=\"2000\" height=\"1125\" alt=\"b\u00f6l\u00fcnme y\u00fcr\u00fcy\u00fc\u015f\u00fc\" class=\"size-full\" \/><\/a><figcaption class=\"wp-caption-text\">b\u00f6l\u00fcnme y\u00fcr\u00fcy\u00fc\u015f\u00fc<\/figcaption><\/figure>\n<h3>Kapan\u0131\u015f T\u00f6reni<\/h3>\n<h4>M\u00fcd\u00fcrden Yorumlar: Bay Shigeyuki Nakayama, M\u00fcd\u00fcr<\/h4>\n<figure class=\"wp-caption aligncenter\"><a href=\"https:\/\/photos.google.com\/share\/AF1QipN1im7JxLUHs54fdcpzUimiMP8L8fpZ0r2Tapzy2R0J4jcBbssfqYV4r8KoLHN7Tg\/photo\/AF1QipNn3s1PodvpxS5jcpahrFUQhLiVuFF49Ioye_E?key=Zzcxd1NQM3ZMNXJaVkZ3b2o4YzF2ZnlhUkxmUXN3\" target=\"_blank\" rel=\"noopener\"><img decoding=\"async\" src=\"https:\/\/lh3.googleusercontent.com\/pw\/AP1GczM0BAj8juM7V4n_5kx0hscw1axev9eNGGwws92Lao7nvBQpzJt4U02UNNxnqAOYHnGG128X53Gd2JEaJh7VffwDgHDaM_dMjVvku-hIdNk2A7v-Qr4g2m9fOMY1B_2UmU8swDkLGsOZXPimBsQT1DxL=w2000-h1333-s-no-gm?authuser=0https:\/\/lh3.googleusercontent.com\/pw\/AP1GczMzn10I7M1akb0z5rUoNJXe2fUVZNwQjI8sdGvFhoT7NK5anVsURAwoTLEMGLwUur-q1YowscjEUF6P0JQtbAIcYy1YWZ_BEM77eAf44N-TwkPLt4ftHebgp8-48mGEBRgmRI0CLd6jb1fQA4hqTvwR=w2000-h1500-s-no-gm?authuser=0\" width=\"2000\" height=\"1333\" alt=\"Ba\u015fkomiser Shigeyuki Nakayama\" class=\"size-full\" \/><\/a><figcaption class=\"wp-caption-text\">Ba\u015fkomiser Shigeyuki Nakayama<\/figcaption><\/figure>\n<p>&quot;Bug\u00fcnk\u00fc kapsaml\u0131 tatbikata kat\u0131lan t\u00fcm konuklar\u0131m\u0131za te\u015fekk\u00fcr etmek istiyorum.<\/p>\n<p>Grubun t\u00fcm \u00fcyelerinin son d\u00f6nemde ald\u0131klar\u0131 e\u011fitimin sonu\u00e7lar\u0131n\u0131 tam olarak ortaya koyduklar\u0131na ve beklenen sonu\u00e7lar\u0131 elde ettiklerine inan\u0131yorum.<\/p>\n<p>Ayr\u0131ca bug\u00fcnk\u00fc tatbikat\u0131n kat\u0131l\u0131mc\u0131lar\u0131n afetlere m\u00fcdahale etme ve ekip \u00e7al\u0131\u015fmas\u0131n\u0131 geli\u015ftirme becerileri edinmelerine yard\u0131mc\u0131 olmas\u0131 a\u00e7\u0131s\u0131ndan olduk\u00e7a etkili oldu\u011funu d\u00fc\u015f\u00fcn\u00fcyorum.<\/p>\n<p>Biz itfaiye te\u015fkilat\u0131 mensuplar\u0131 olarak bu tatbikat\u0131, afet \u00f6nleme konusunda en yak\u0131n kurulu\u015f olarak, b\u00f6lge halk\u0131n\u0131n beklentilerine daha fazla cevap vermek ve ya\u015fanabilecek her t\u00fcrl\u00fc afete kar\u015f\u0131 daha fazla \u00e7al\u0131\u015fmak ad\u0131na bir f\u0131rsat olarak de\u011ferlendirmeye kararl\u0131y\u0131z.<\/p>\n<p>Sonu\u00e7 olarak Hokuryu Kasabas\u0131&#039;n\u0131n felaketlerden uzak, ayd\u0131nl\u0131k ve ya\u015fanabilir bir kasaba olmas\u0131n\u0131 umuyorum ve t\u00fcm de\u011ferli konuklar\u0131m\u0131zdan gelecekte de bize rehberlik etmeye devam etmelerini rica ediyorum. Bitti! &quot;<\/p>\n<h4>Konuk Konu\u015fmac\u0131: Hokuryu Kasaba Konseyi Ba\u015fkan\u0131 Say\u0131n Shoichi Nakamura<\/h4>\n<figure class=\"wp-caption aligncenter\"><a href=\"https:\/\/photos.google.com\/share\/AF1QipN1im7JxLUHs54fdcpzUimiMP8L8fpZ0r2Tapzy2R0J4jcBbssfqYV4r8KoLHN7Tg\/photo\/AF1QipNnf80osjk028ei1S12FNPfhM7HVzM4HXGYzXo?key=Zzcxd1NQM3ZMNXJaVkZ3b2o4YzF2ZnlhUkxmUXN3\" target=\"_blank\" rel=\"noopener\"><img decoding=\"async\" src=\"https:\/\/lh3.googleusercontent.com\/pw\/AP1GczOBlLVmO-y2zfpmk_H9yoVaFOX6rP5h47oflRNJoXujcQ8LqWrAsaV0AFoBXWkSIcQS_59oc90hSjxiN_vNSsk6CcbcxboMvLDEPnvd-bPCuYqk4N1sYbFfGjy_B-WVlRtiEADYR86vS0ErXZM3u-kL=w2000-h1125-s-no-gm?authuser=0\" width=\"2000\" height=\"1125\" alt=\"Hokuryu Kasaba Konseyi Ba\u015fkan\u0131 Say\u0131n Shoichi Nakamura\" class=\"size-full\" \/><\/a><figcaption class=\"wp-caption-text\">Hokuryu Kasaba Konseyi Ba\u015fkan\u0131 Say\u0131n Shoichi Nakamura<\/figcaption><\/figure>\n<p>&quot;Bug\u00fcn g\u00fczel bir hava ve bir\u00e7ok se\u00e7kin misafir ve ilgili taraf\u0131n kat\u0131l\u0131m\u0131yla kutsand\u0131k. FY2024 Hokuryu Yang\u0131n Tatbikat\u0131n\u0131 ba\u015far\u0131yla ger\u00e7ekle\u015ftirdi\u011finiz i\u00e7in sizi tebrik etmek istiyorum. Ger\u00e7ekten mutluyum.<\/p>\n<p>Heyetimizin t\u00fcm \u00fcyelerine, \u00f6n e\u011fitimden ge\u00e7tikleri ve yo\u011fun programlar\u0131na ra\u011fmen bug\u00fcn burada bulunmaya zaman ay\u0131rd\u0131klar\u0131 i\u00e7in te\u015fekk\u00fcr etmek istiyorum.<\/p>\n<p>Bu y\u0131l, \u015eef Nakayama&#039;n\u0131n liderli\u011finde, sadece b\u00f6l\u00fcm faaliyetlerinde de\u011fil, ayn\u0131 zamanda itfaiye te\u015fkilat\u0131 faaliyetlerinde de \u00e7abalar\u0131n\u0131z\u0131n devam\u0131n\u0131 rica ediyorum.<\/p>\n<p>Say\u0131n Belediye Ba\u015fkan\u0131 Sasaki, belediye ba\u015fkan\u0131 olarak g\u00f6reve geldi\u011finizden bu yana ilk itfaiye etkinli\u011finizdi ve herhangi bir sorun ya\u015famadan M\u00fcd\u00fcr olarak g\u00f6revlerinizi yerine getirerek harika bir i\u015f \u00e7\u0131kard\u0131n\u0131z.<\/p>\n<p>Kasaba halk\u0131n\u0131n emniyet ve g\u00fcvenli\u011fini sa\u011flamak amac\u0131yla Kitaryu \u0130tfaiye Departman\u0131na yard\u0131m etme \u00e7abalar\u0131n\u0131zda deste\u011finizin devam\u0131n\u0131 rica ediyoruz.<\/p>\n<p>Ayr\u0131ca Yawara Anaokulu&#039;nun &quot;Ay\u00e7i\u00e7e\u011fi Grubu&quot; ve &quot;Sakura Grubu&quot;ndan 23 \u00e7ocu\u011fun yer ald\u0131\u011f\u0131 bir &quot;K\u00fc\u00e7\u00fck \u0130tfaiyecilik Kul\u00fcb\u00fc&quot; de vard\u0131. 10 y\u0131l\u0131 a\u015fk\u0131n s\u00fcredir herkesin rehberli\u011fi sayesinde, Yang\u0131n \u00d6nleme \u015eark\u0131s\u0131 ve Yang\u0131n \u00d6nleme And\u0131&#039;n\u0131 hem y\u00fcksek sesle s\u00f6yleyebildik, hem de Yang\u0131n \u00d6nleme \u015eark\u0131s\u0131 ve Yang\u0131n \u00d6nleme And\u0131&#039;n\u0131 biraz utanarak s\u00f6yledik. &quot;Her izledi\u011fimde i\u00e7im \u0131s\u0131n\u0131yor, tarif edilemez bir duyguya kap\u0131l\u0131yorum. Bug\u00fcn de ayn\u0131s\u0131n\u0131 g\u00f6rd\u00fcm.<\/p>\n<p>Disiplin e\u011fitimleri de dahil olmak \u00fczere bir dizi e\u011fitim oturumunu tamamlamadaki s\u0131k\u0131 \u00e7al\u0131\u015fman\u0131z i\u00e7in \u00e7ok te\u015fekk\u00fcr ederim. E\u011fitimin i\u015fe yarad\u0131\u011f\u0131n\u0131 d\u00fc\u015f\u00fcn\u00fcyorum ama yine de harika bir performans oldu\u011funu d\u00fc\u015f\u00fcn\u00fcyorum.<\/p>\n<p>\u00d6zellikle bu y\u0131l tatbikat yang\u0131n e\u011fitimleri yerine, drone kullan\u0131larak arama operasyonlar\u0131na y\u00f6nelik e\u011fitimler yap\u0131l\u0131yor.<\/p>\n<p>Son y\u0131llarda pek fazla arama faaliyeti yap\u0131lmad\u0131, ancak ge\u00e7mi\u015fte Keidaibetsu Baraj\u0131 \u00e7evresinde ve Uryu Nehri boyunca arama faaliyetlerinde bulunuldu\u011fu deneyimlendi. Y\u00fcr\u00fcyerek yap\u0131lan arama \u00e7al\u0131\u015fmalar\u0131n\u0131n da bir s\u0131n\u0131r\u0131 var, bu nedenle cesetler en sonunda helikopterle bulundu. Havadan araman\u0131n etkili olaca\u011f\u0131n\u0131 d\u00fc\u015f\u00fcn\u00fcyorum. Son zamanlarda ay\u0131 g\u00f6zlemleri b\u00fcy\u00fck bir sorun haline geldi. Da\u011flarda arama yaparken her saniyenin \u00f6nemi vard\u0131r.<\/p>\n<p>Ayr\u0131ca bu y\u0131l \u0130zumiryu da yenilenecek. Yang\u0131n suyu tanklar\u0131 da dahil olmak \u00fczere \u00e7e\u015fitli ekipmanlar kuruldu.<\/p>\n<p>Acil bir durumun ne zaman ortaya \u00e7\u0131kaca\u011f\u0131n\u0131 bilemedi\u011fimiz i\u00e7in, d\u00fczenli e\u011fitimlerle yang\u0131n ve felaketleri \u00f6nleme \u00e7abalar\u0131n\u0131z\u0131 s\u00fcrd\u00fcrmenizi rica ediyoruz. Ve umar\u0131m ki zarar en aza indirilebilir.<\/p>\n<p>Sonu\u00e7 olarak, bu tatbikat sayesinde kasaba halk\u0131n\u0131n yang\u0131n ve afet \u00f6nleme konusunda fark\u0131ndal\u0131\u011f\u0131n\u0131n daha da artaca\u011f\u0131n\u0131 ve bir daha yang\u0131n veya afet ya\u015fanmayaca\u011f\u0131n\u0131 umuyorum. Kitaryu \u0130tfaiye Tugay\u0131&#039;na ba\u015far\u0131lar\u0131n\u0131n devam\u0131n\u0131 ve t\u00fcm kat\u0131l\u0131mc\u0131lara sa\u011fl\u0131kl\u0131 g\u00fcnler diliyorum. Bug\u00fcnk\u00fc s\u0131k\u0131 \u00e7al\u0131\u015fman\u0131z i\u00e7in \u00e7ok te\u015fekk\u00fcr ederim. Tebrikler&quot; dedi Ba\u015fkan Nakamura.<\/p>\n<h4>Fujihiko Kondo, Hokkaido \u0130l Polisi, Asahikawa B\u00f6lgesi, Fukagawa Polis Karakolu \u015eefi<\/h4>\n<p>Fukagawa Polis Karakolu \u015eefi Fujihiko Kondo ki\u015fisel i\u015fleri nedeniyle t\u00f6rene kat\u0131lamad\u0131\u011f\u0131 i\u00e7in, onun ad\u0131na tebrik mesaj\u0131n\u0131 Numata \u015eube M\u00fcd\u00fcr\u00fc Seiji Oshima okudu.<\/p>\n<figure class=\"wp-caption aligncenter\"><a href=\"https:\/\/photos.google.com\/share\/AF1QipN1im7JxLUHs54fdcpzUimiMP8L8fpZ0r2Tapzy2R0J4jcBbssfqYV4r8KoLHN7Tg\/photo\/AF1QipNjwvpmejYrRB4l66zeni9yuvNyIkl4VbD26Zw?key=Zzcxd1NQM3ZMNXJaVkZ3b2o4YzF2ZnlhUkxmUXN3\" target=\"_blank\" rel=\"noopener\"><img decoding=\"async\" src=\"https:\/\/lh3.googleusercontent.com\/pw\/AP1GczOMSBpW-GTJOmdtX86s8tzkoIYooMu0eyjFihecQApNGgLx5rdzWDSUcZw8bb_ZXBbu-4NOl5YNZAdlLBV4I3s6mxq0tkPW1n2oAd01DAPwDbYXetl94f4ZXe-GFYMHBjdrkbr79rnqTkPqmRsWNNC-=w2000-h1125-s-no-gm?authuser=0\" width=\"2000\" height=\"1125\" alt=\"Okuyan: Seiji Oshima, Numata \u015eube Ofisi M\u00fcd\u00fcr\u00fc\" class=\"size-full\" \/><\/a><figcaption class=\"wp-caption-text\">Okuyan: Seiji Oshima, Numata Polis Karakolu \u015eefi<\/figcaption><\/figure>\n<p>&quot;Bug\u00fcn burada d\u00fczenlenen Hokuryu Yang\u0131n Tatbikat\u0131&#039;ndan dolay\u0131 en i\u00e7ten tebriklerimi sunmak istiyorum.<\/p>\n<p>Ayr\u0131ca polis te\u015fkilat\u0131na g\u00f6sterdi\u011finiz anlay\u0131\u015f ve i\u015fbirli\u011finizden dolay\u0131 i\u00e7ten te\u015fekk\u00fcrlerimizi sunmak isteriz.<\/p>\n<p>Kitaryu \u0130tfaiye Tugay\u0131 \u00fcyelerine, yo\u011fun ana i\u015flerinin yan\u0131 s\u0131ra, yerel gurur ve g\u00fc\u00e7l\u00fc adalet duygusuyla, yang\u0131n ve afetlerden sakinlerin can ve mallar\u0131n\u0131 koruma gibi asil bir g\u00f6revi yerine getirmedeki s\u0131k\u0131 \u00e7al\u0131\u015fmalar\u0131ndan dolay\u0131, parlak bir vizyona ve tarihe sahip bir itfaiye tugay\u0131 olan Kitaryu \u0130tfaiye Tugay\u0131 \u00fcyelerine en derin sayg\u0131lar\u0131m\u0131 sunmak istiyorum.<\/p>\n<p>Daha \u00f6nce Ba\u015fkomutan\u0131n y\u00f6netimi alt\u0131nda disiplin e\u011fitimlerinden, pompal\u0131 t\u00fcfek kullan\u0131m\u0131na, arama e\u011fitimlerinden, hatta formasyon y\u00fcr\u00fcy\u00fc\u015f\u00fcne kadar her \u015feyi g\u00f6zlemledim ve sizlerin y\u00fcksek moralli, vakur ve disiplinli g\u00f6n\u00fcll\u00fclerinizden etkilendim, bu da bana sizlerin ger\u00e7ekten g\u00fcvenilir ve g\u00fc\u00e7l\u00fc oldu\u011funuz intiba\u0131n\u0131 verdi.<\/p>\n<p>Son y\u0131llarda \u00fclke genelinde b\u00fcy\u00fck \u00e7apl\u0131 do\u011fal afetler ve kazalar s\u0131kl\u0131kla ya\u015fan\u0131rken, anormal hava ko\u015fullar\u0131n\u0131n yol a\u00e7t\u0131\u011f\u0131 felaketler de Hokkaido&#039;da art\u0131\u015f g\u00f6steriyor. Gelecekte zorlu itfaiyecilik ve acil kurtarma faaliyetleri gibi faaliyetlerinizin kapsam\u0131n\u0131n eskisinden daha da artaca\u011f\u0131ndan endi\u015fe ediyoruz.<\/p>\n<p>Hepinizden moralinizi y\u00fcksek tutman\u0131z\u0131, konforu daha da iyile\u015ftirmek i\u00e7in s\u0131k\u0131 \u00e7al\u0131\u015fman\u0131z\u0131 ve sakinlerimizin beklenti ve g\u00fcvenini kar\u015f\u0131laman\u0131z\u0131 rica ediyorum.<\/p>\n<p>Yerel halk\u0131n can, mal ve can g\u00fcvenli\u011fini koruma sorumlulu\u011fumuzu yerine getirmek i\u00e7in, polis te\u015fkilat\u0131 olarak sizlerle g\u00fcnl\u00fck olarak yak\u0131n bir \u015fekilde \u00e7al\u0131\u015fmaya devam edecek ve yerel halk\u0131n emniyet ve g\u00fcvenli\u011fini sa\u011flamak i\u00e7in daha fazla \u00e7aba g\u00f6sterece\u011fiz.<\/p>\n<p>Son olarak itfaiye te\u015fkilat\u0131m\u0131za, itfaiyecilikte g\u00f6rev alan herkese ve bug\u00fcn olay yerinde bulunan herkese tebriklerimi ve en iyi dileklerimi sunmak istiyorum.<\/p>\n<p>28 Haziran 2024, Fujihiko Kondo, Fukagawa Karakolu \u015eefi, Asahikawa taraf\u0131ndan<\/p>\n<h4>Bayra\u011fa selam<\/h4>\n<h4>Kapan\u0131\u015f konu\u015fmas\u0131: Komutan Yard\u0131mc\u0131s\u0131 Mitsuya Yamamoto<\/h4>\n<p>&quot;2024 Kitary\u016b Yang\u0131n Tatbikat\u0131 tamamland\u0131.&quot;<\/p>\n<h4>Ba\u015fkomutan&#039;\u0131 selaml\u0131yoruz: Ba\u015fkomutan Takashi Ukai<\/h4>\n<figure class=\"wp-caption aligncenter\"><a href=\"https:\/\/photos.google.com\/share\/AF1QipN1im7JxLUHs54fdcpzUimiMP8L8fpZ0r2Tapzy2R0J4jcBbssfqYV4r8KoLHN7Tg\/photo\/AF1QipPGchYt-yzOwSik7QT1rl9F-n7fMbl_uDSbluA?key=Zzcxd1NQM3ZMNXJaVkZ3b2o4YzF2ZnlhUkxmUXN3\" target=\"_blank\" rel=\"noopener\"><img decoding=\"async\" src=\"https:\/\/lh3.googleusercontent.com\/pw\/AP1GczOEYettVoAcp9T4Ibye9qeW-xCOwJvMnDz2hH7glzYD__Ne-8yNMGhbELj5mg4Biq-z_mGmOaMCsexPgMbAa-1s2bXq1sAsePEbs_0Bab7aCyUIjtUj06H2_vozURYKd5q_cZ7zIoZ9UlR-uiqmkwWD=w2000-h1500-s-no-gm?authuser=0\" width=\"2000\" height=\"1500\" alt=\"Kapan\u0131\u015f\" class=\"size-full\" \/><\/a><figcaption class=\"wp-caption-text\">Kapan\u0131\u015f<\/figcaption><\/figure>\n<p>Daha sonra Kitary\u016b Kasaba Toplum Merkezi&#039;nin ikinci kat\u0131ndaki b\u00fcy\u00fck salonda sosyal bir toplant\u0131 d\u00fczenlendi.<\/p>\n<figure class=\"wp-caption aligncenter\"><a href=\"https:\/\/photos.google.com\/share\/AF1QipN1im7JxLUHs54fdcpzUimiMP8L8fpZ0r2Tapzy2R0J4jcBbssfqYV4r8KoLHN7Tg\/photo\/AF1QipPWgI2Jai3p1xE5L2XTsTd4dwFO1gjKqksT1Uw?key=Zzcxd1NQM3ZMNXJaVkZ3b2o4YzF2ZnlhUkxmUXN3\" target=\"_blank\" rel=\"noopener\"><img decoding=\"async\" src=\"https:\/\/lh3.googleusercontent.com\/pw\/AP1GczM1gjmc3tfqswaDfDj-YCnESmQIY-80iLG45DM6sIPWcHvSozaCk2tFOmDH8z5ijsHAaxv6JbDhrpyZRjhjonN-DkjLviaaW2QHGlkMB2e7NipY0L5MY_GbWil9rWd-PxCobLiQi_7RpsFBVPJb30EF=w2000-h1500-s-no-gm?authuser=0\" width=\"2000\" height=\"1500\" alt=\"Ge\u00e7it t\u00f6reninden sonra itfaiye ara\u00e7lar\u0131 (Hokuryu \u0130tfaiye Departman\u0131 binas\u0131n\u0131n \u00f6n\u00fc)\" class=\"size-full\" \/><\/a><figcaption class=\"wp-caption-text\">Ge\u00e7it t\u00f6reninden sonra itfaiye ara\u00e7lar\u0131 (Hokuryu \u0130tfaiye Departman\u0131 binas\u0131n\u0131n \u00f6n\u00fc)<\/figcaption><\/figure>\n<figure class=\"wp-caption aligncenter\"><a href=\"https:\/\/photos.google.com\/share\/AF1QipN1im7JxLUHs54fdcpzUimiMP8L8fpZ0r2Tapzy2R0J4jcBbssfqYV4r8KoLHN7Tg\/photo\/AF1QipPbrG1LYbjBWrQGe8wqZRMop_2IY-xUo6mDSvo?key=Zzcxd1NQM3ZMNXJaVkZ3b2o4YzF2ZnlhUkxmUXN3\" target=\"_blank\" rel=\"noopener\"><img decoding=\"async\" src=\"https:\/\/lh3.googleusercontent.com\/pw\/AP1GczNVbOkPcjQKqNPwbCeUj6Md2-b-MyHdAbG_ghyMbFlMLrrTr0Cxg2KTVqLc8BJHg5X6xplApM6Pn8gCKz_awLsbfau0vKuhQaYZLZfgq8UOMng78yaimYkq3BnOJ9HZn1mJg27xm0uoV6CZccmpp3th=w2000-h1500-s-no-gm?authuser=0\" width=\"2000\" height=\"1500\" alt=\"Her itfaiye arac\u0131\" class=\"size-full\" \/><\/a><figcaption class=\"wp-caption-text\">Her itfaiye arac\u0131<\/figcaption><\/figure>\n<p>Kasaba halk\u0131n\u0131n g\u00fcvenli ve emniyetli ya\u015famlar\u0131n\u0131 korumak i\u00e7in s\u0131k\u0131 e\u011fitim ve s\u0131k\u0131 \u00e7al\u0131\u015fmalardan ge\u00e7en Kitaryu \u0130tfaiye Tugay\u0131 \u00fcyelerinin de\u011ferli ruhlar\u0131na s\u0131n\u0131rs\u0131z sevgi, \u015f\u00fckran ve dualar\u0131m\u0131zla. . .<\/p>\n<h2>FY2024 Hokuryu Yang\u0131nla M\u00fccadele Tatbikat Plan\u0131<\/h2>\n<div class=\"img-move\">\n<div class=\"column column-255\">\n<div class=\"column__item\"><a href=\"https:\/\/photos.google.com\/share\/AF1QipN1im7JxLUHs54fdcpzUimiMP8L8fpZ0r2Tapzy2R0J4jcBbssfqYV4r8KoLHN7Tg\/photo\/AF1QipPlw-BXLSbIQc3qyJPDSPR02sfz2aCSCNb1GI4?key=Zzcxd1NQM3ZMNXJaVkZ3b2o4YzF2ZnlhUkxmUXN3\" target=\"_blank\" rel=\"noopener\"><img decoding=\"async\" src=\"https:\/\/lh3.googleusercontent.com\/pw\/AP1GczMdquT10a_BNTZXdXwgErI7dVX540SRwDsymu1xCvMkXSW5RhKd019vmMLPLfPV0dioSdEtD4z7MDoiGflY4BwgO-tiVyQ_qOxSwRjsS9qffSvwReb4XUZLSDN-giF1zT1RKTHhb4fxe7dUlbGKhapr=w1241-h1755-s-no-gm?authuser=0\" alt=\"FY2024 Hokuryu Yang\u0131nla M\u00fccadele Tatbikat Plan\u0131\" style=\"border:solid 1px blue\" width=\"300\"\/><\/a><\/div>\n<div class=\"column__item\"><a href=\"https:\/\/photos.google.com\/share\/AF1QipN1im7JxLUHs54fdcpzUimiMP8L8fpZ0r2Tapzy2R0J4jcBbssfqYV4r8KoLHN7Tg\/photo\/AF1QipMoVpuJBwHfldS-DUAS-eic7JFPbJSY9Z07Sag?key=Zzcxd1NQM3ZMNXJaVkZ3b2o4YzF2ZnlhUkxmUXN3\" target=\"_blank\" rel=\"noopener\"><img decoding=\"async\" src=\"https:\/\/lh3.googleusercontent.com\/pw\/AP1GczPTuqdc4gAom4reXGj-VtRB15Y89wOzk8rwEwPEOaq1V1h-t8pqV7wTMczpADPHymIhHQwi40QhEcYZwqVmqo-yXnnLeS5FNCFOWU1bcMIPCGhIGxiOMVU0nI_dO3eiJyJFiHpQcC1-oJM4DfRWuG1N=w1332-h1884-s-no-gm?authuser=0\" alt=\"FY2024 Hokuryu Yang\u0131nla M\u00fccadele Tatbikat Plan\u0131\" style=\"border:solid 1px blue\" width=\"300\"\/><\/a><\/div>\n<\/div>\n<div class=\"column column-255\">\n<div class=\"column__item\">\n<div class=\"column column-255\">\n<div class=\"column__item\"><a href=\"https:\/\/photos.google.com\/share\/AF1QipN1im7JxLUHs54fdcpzUimiMP8L8fpZ0r2Tapzy2R0J4jcBbssfqYV4r8KoLHN7Tg\/photo\/AF1QipMSzylFOyc_cLgkZLK8_WwDYHDyPSJhCoZ8iEU?key=Zzcxd1NQM3ZMNXJaVkZ3b2o4YzF2ZnlhUkxmUXN3\" target=\"_blank\" rel=\"noopener\"><img decoding=\"async\" src=\"https:\/\/lh3.googleusercontent.com\/pw\/AP1GczPFmSdox7UCzfCkSDu0nRRhsj0pY7SgS3iDUbfyMj-HOw6mN2fMh1VnhmB_4oD4ZFYyKSnnFqna0MfhxDt9veXa_kdkW7jrC4YuHfgl8njZgcJK1YXZptU5X1u0BUAcqyho1If03sLEy6ADVv2Jxa02=w1332-h1884-s-no-gm?authuser=0\" alt=\"FY2024 Hokuryu Yang\u0131nla M\u00fccadele Tatbikat Plan\u0131\" style=\"border:solid 1px blue\" width=\"300\"\/><\/a><\/div>\n<div class=\"column__item\"><a href=\"https:\/\/photos.google.com\/share\/AF1QipN1im7JxLUHs54fdcpzUimiMP8L8fpZ0r2Tapzy2R0J4jcBbssfqYV4r8KoLHN7Tg\/photo\/AF1QipMk1B9PhxQ58-ElZl9WA4jVgTOQpGLPe3IWzXc?key=Zzcxd1NQM3ZMNXJaVkZ3b2o4YzF2ZnlhUkxmUXN3\" target=\"_blank\" rel=\"noopener\"><img decoding=\"async\" src=\"https:\/\/lh3.googleusercontent.com\/pw\/AP1GczN2Kgk9R9nWXZ_GgrtlE5yxvY3_i2mHXk4wyIe4P4xYoGIZL1DiC5jwujfZqbfplNIV9mOlItyTUeCe-fyHN3PdChy-eXkJxkbCHhlYl-a6yayx3rrs3oxuA_Dl375f4uvZIqW-KPGcrWvpOLKesFm_=w1332-h1884-s-no-gm?authuser=0\" alt=\"FY2024 Hokuryu Yang\u0131nla M\u00fccadele Tatbikat Plan\u0131\" style=\"border:solid 1px blue\" width=\"300\"\/><\/a><\/div>\n<\/div>\n<\/div>\n<div class=\"column__item\">\n<div class=\"column column-255\">\n<div class=\"column__item\"><a href=\"https:\/\/photos.google.com\/share\/AF1QipN1im7JxLUHs54fdcpzUimiMP8L8fpZ0r2Tapzy2R0J4jcBbssfqYV4r8KoLHN7Tg\/photo\/AF1QipMtgsHchXDBaM7ufVl7PHMh0ivxVH1kJYIiTOU?key=Zzcxd1NQM3ZMNXJaVkZ3b2o4YzF2ZnlhUkxmUXN3\" target=\"_blank\" rel=\"noopener\"><img decoding=\"async\" src=\"https:\/\/lh3.googleusercontent.com\/pw\/AP1GczP3BdsTpXN_Km20GKeW2DYPvsjeH-SGqh2fUwn60bh4ueAVS1riAYTwaDN9c5VNtLDIrpcqyepGiMfLYD_dlLpgw5E23Qdtl0eftjn_FJW4DfPGRZfT1xX__fBBRvbWgDvGRyRS52OhruYsQc_bodm2=w1332-h1884-s-no-gm?authuser=0\" alt=\"FY2024 Hokuryu Yang\u0131nla M\u00fccadele Tatbikat Plan\u0131\" style=\"border:solid 1px blue\" width=\"300\"\/><\/a><\/div>\n<div class=\"column__item\"><a href=\"https:\/\/photos.google.com\/share\/AF1QipN1im7JxLUHs54fdcpzUimiMP8L8fpZ0r2Tapzy2R0J4jcBbssfqYV4r8KoLHN7Tg\/photo\/AF1QipOahj23v0oSlCEv2EFd18Acj_t3HpyRMHTTjnA?key=Zzcxd1NQM3ZMNXJaVkZ3b2o4YzF2ZnlhUkxmUXN3\" target=\"_blank\" rel=\"noopener\"><img decoding=\"async\" src=\"https:\/\/lh3.googleusercontent.com\/pw\/AP1GczPIgXMG5ELpV2EGXBxGLGe6iin8VjlxqfhN0uqJSxLW4Rxucbadi0ZpgeP1SjTbsJut-Q28NyWFOEXGHZvpWmqMQe9xy0LhiB9uwc79qR0I3JPvOF_p-7NsXdvrYSJcWz0yijWfAptRIuyPZgu6l9ZT=w1332-h1884-s-no-gm?authuser=0\" alt=\"FY2024 Hokuryu Yang\u0131nla M\u00fccadele Tatbikat Plan\u0131\" style=\"border:solid 1px blue\" width=\"300\"\/><\/a><\/div>\n<\/div>\n<\/div>\n<\/div>\n<div class=\"column column-255\">\n<div class=\"column__item\">\n<div class=\"column column-255\">\n<div class=\"column__item\"><a href=\"https:\/\/photos.google.com\/share\/AF1QipN1im7JxLUHs54fdcpzUimiMP8L8fpZ0r2Tapzy2R0J4jcBbssfqYV4r8KoLHN7Tg\/photo\/AF1QipPk7BNOPxLSg1fGZoUPRJ1p5fWefU6Bdz38t08?key=Zzcxd1NQM3ZMNXJaVkZ3b2o4YzF2ZnlhUkxmUXN3\" target=\"_blank\" rel=\"noopener\"><img decoding=\"async\" src=\"https:\/\/lh3.googleusercontent.com\/pw\/AP1GczO82kofOcXzhuZNSXQzNfZIwv7eRcNbjOx-k487ZfvEviro_I_CTb_EFVR1oKwJJ5jRZ_xrzLFcdwGV7VvjFqW5tSslGeKcyf8u_iciiodxjz-tD-WTve_3ZiK1MdFOxMGu_RxUvGZkrx10fihxmIfD=w1332-h1884-s-no-gm?authuser=0\" alt=\"FY2024 Hokuryu Yang\u0131nla M\u00fccadele Tatbikat Plan\u0131\" style=\"border:solid 1px blue\" width=\"300\"\/><\/a><\/div>\n<div class=\"column__item\"><a href=\"https:\/\/photos.google.com\/share\/AF1QipN1im7JxLUHs54fdcpzUimiMP8L8fpZ0r2Tapzy2R0J4jcBbssfqYV4r8KoLHN7Tg\/photo\/AF1QipMVC0aDdKcuBwy9p1fKTY7YMo3dYcXmCALrNfg?key=Zzcxd1NQM3ZMNXJaVkZ3b2o4YzF2ZnlhUkxmUXN3\" target=\"_blank\" rel=\"noopener\"><img decoding=\"async\" src=\"https:\/\/lh3.googleusercontent.com\/pw\/AP1GczMvAjOA9kf-kQ6XqFH5hMe92zftEhEqKMWe_Lf9sHOeLxI4lpAnrVVa-B2hNuaDnofWWPa51uEM0on4L4uslIOgb75vUR-lo2fjFo45CGp4tL_H9GXfBw8jVEIQzOzNxIsZrxnS2AW36gUDSQu25EZW=w1332-h1884-s-no-gm?authuser=0\" alt=\"FY2024 Hokuryu Yang\u0131nla M\u00fccadele Tatbikat Plan\u0131\" style=\"border:solid 1px blue\" width=\"300\"\/><\/a><\/div>\n<\/div>\n<\/div>\n<div class=\"column__item\">\n<div class=\"column column-255\">\n<div class=\"column__item\"><a href=\"https:\/\/photos.google.com\/share\/AF1QipN1im7JxLUHs54fdcpzUimiMP8L8fpZ0r2Tapzy2R0J4jcBbssfqYV4r8KoLHN7Tg\/photo\/AF1QipOgrDQtZZhf676fubXMv41LipDs8803B5tv2xA?key=Zzcxd1NQM3ZMNXJaVkZ3b2o4YzF2ZnlhUkxmUXN3\" target=\"_blank\" rel=\"noopener\"><img decoding=\"async\" src=\"https:\/\/lh3.googleusercontent.com\/pw\/AP1GczNvF4fzOQaWuML5MzIn1dfVaX3p_vo5nuCas3CHcyypBbk-tyJYh2BdxSeKhCJdFPWSKgAea2U9MqzgE8ulRZxyBDjqJU1VFHFG0RaSvqjG_1f4fYePBVZLWe6sObB1Ih9G4j5-EhIEX7c4kGqVfiXM=w1332-h1884-s-no-gm?authuser=0\" alt=\"FY2024 Hokuryu Yang\u0131nla M\u00fccadele Tatbikat Plan\u0131\" style=\"border:solid 1px blue\" width=\"300\"\/><\/a><\/div>\n<div class=\"column__item\"><a href=\"https:\/\/photos.google.com\/share\/AF1QipN1im7JxLUHs54fdcpzUimiMP8L8fpZ0r2Tapzy2R0J4jcBbssfqYV4r8KoLHN7Tg\/photo\/AF1QipOyGgTf48Kq-CxoukH3RjdgfF5Aw0tA8KDbKok?key=Zzcxd1NQM3ZMNXJaVkZ3b2o4YzF2ZnlhUkxmUXN3\" target=\"_blank\" rel=\"noopener\"><img decoding=\"async\" src=\"https:\/\/lh3.googleusercontent.com\/pw\/AP1GczNAw-cn024ANotcm1EBwtNGT3lIdPa9II2aJhqOenpt4RQmQ-5drpnI-0b1CrXm_cn5DYHzAS0AVu60-zazkYlaFmSwcNSNwR6Vq2c3yItMr9YEsv5_9UBFtlUyMW8TaOp1SsjOu1sVIUYWcjlDvlHp=w1332-h1884-s-no-gm?authuser=0\" alt=\"FY2024 Hokuryu Yang\u0131nla M\u00fccadele Tatbikat Plan\u0131\" style=\"border:solid 1px blue\" width=\"300\"\/><\/a><\/div>\n<\/div>\n<\/div>\n<\/div>\n<\/div>\n<h2>Youtube videolar\u0131<\/h2>\n<div class=\"youtube\"><iframe title=\"FY2024 Hokuryu Yang\u0131n S\u00f6nd\u00fcrme Tatbikat\u0131 2024 (Hokuryu Kasabas\u0131, Hokkaido) - Kasaba halk\u0131n\u0131n can g\u00fcvenli\u011fini ve emniyetini korumak i\u00e7in s\u0131k\u0131 e\u011fitim ve s\u0131k\u0131 \u00e7al\u0131\u015fma\" src=\"https:\/\/www.youtube.com\/embed\/KCfmPyrVr8o?feature=oembed\" frameborder=\"0\" allow=\"accelerometer; autoplay; clipboard-write; encrypted-media; gyroscope; picture-in-picture; web-share\" referrerpolicy=\"strict-origin-when-cross-origin\" allowfullscreen><\/iframe><\/div>\n<h2>Di\u011fer foto\u011fraflar<\/h2>\n<div class=\"img-move\"><img decoding=\"async\" style=\"vertical-align: middle;\" src=\"https:\/\/ehokkaido.net\/wp-content\/uploads\/2021\/12\/2021-12-06-11.41.12.png\" \/> <a href=\"https:\/\/photos.app.goo.gl\/3s6d1pf5BMrra2nR9\" target=\"_blank\" rel=\"noopener noreferrer\">FY2024 Hokuryu \u0130tfaiye Tatbikat\u0131 ve Sosyal Toplant\u0131s\u0131ndan foto\u011fraflar (134 foto\u011fraf) burada &gt;&gt;<\/a><\/div>\n<h2>\u0130lgili makaleler<\/h2>\n\n\n\n\n        <div class=\"site-blogcard-premium\">\n            <div class=\"bc-label-custom\">\u0130lgili makaleler<\/div>\n            <div class=\"bc-flex-container\">\n                <div class=\"bc-main-text\">\n                    <div class=\"bc-title-link-box\">\n                        <a href=\"https:\/\/portal.hokuryu.info\/tr\/topics\/culture\/20190723.html\/\" target=\"_blank\">71. Kita Sorachi Yang\u0131n S\u00f6nd\u00fcrme Tatbikat\u0131, Hokuryu Kasabas\u0131&#039;n\u0131n Himawari no Sato - Hokuryu Kasabas\u0131 Portal\u0131 (Hokkaido) - Japonya&#039;n\u0131n 1 Numaral\u0131 Ay\u00e7i\u00e7e\u011fi K\u00f6y\u00fc otopark\u0131nda ger\u00e7ekle\u015ftirilecek<\/a>\n                    <\/div>\n                    <div class=\"bc-excerpt-box\">71. Kita-Sorachi Ortak \u0130tfaiye Tatbikat\u0131, 5 Temmuz 2019 Cuma g\u00fcn\u00fc saat 13:00&#039;te Hokuryu Kasabas\u0131&#039;ndaki Himawari-no-Sato otopark\u0131nda ger\u00e7ekle\u015ftirildi...<\/div>\n                <\/div>\n                <div class=\"bc-thumbnail-box\">\n                    <a href=\"https:\/\/portal.hokuryu.info\/tr\/topics\/culture\/20190723.html\/\" target=\"_blank\">\n                        <div class=\"bc-img-zoom-wrap\">\n                            <img decoding=\"async\" src=\"https:\/\/lh3.googleusercontent.com\/a-7dFJ9m5Qqrt1a53WvKplpJp3P2Ne8HEQWWHBW3uxkhmGkeQ6H98wf03w-ekJ39r_SRQ3QYEKnaY5xqgSJqXN-vWEw5jST5WVpE6ba3ybQjW2Xjln_ytL_tO6veemzQkgsZGROh5v5n9WDn-DoSUqfcGPro5J_ZPVxhn3oNN4sWjfaSB_NIVd373QspmYZ84zt5o0cB-PZKfD2F70gzAYOFVvOq2LzUL2BJ0W5rPhzSyI1EtDjZ3eaCPcdNgHxYt2CbmHJ8DFUSAT11ZAOH0jv2wIJhkySvVpBfEudGFaXODlp288tj26wq6J0cQ4H5kpx_7O-eYlK4a_9ArD0jzJc9LNxQmfkUY9w3JXpjfQftYDetTk3HX7Gauuf9yqVjNyV2AAKa6umeewVaICTGSgDxe9Nz9JAD2r2GAomIn1b9YHPn9qszrDIr7_Bo_OhH1gTipJRZLs23-Ux0zhktPSoiEM6f-xxQu9QoN8I9-akQ2Xge4L4vkhmSOElr1IbUxk3IvTYVBiF7lXshHn19MWLWcmvA5AwF43kMiGXEnxmLnVjCJlCwHy7hQQvnlfK0EJlW9dO_AHsMGSC7V7faFU9soDqdpxurJTxOMJHF61O4ZWZGrBWyNPGppCcm_BjC18eRM-Tha2mN4LoCBjb6-8l2bxmjpOjcAgwv5HQk8B6G7wyCuNLDzmGo1aRVJLflvEtfOK6FeMBkBLZkcTJxNMoU=w1346-h897-no\" alt=\"71. Kita Sorachi Yang\u0131n S\u00f6nd\u00fcrme Tatbikat\u0131, Hokuryu Kasabas\u0131&#039;n\u0131n Himawari no Sato - Hokuryu Kasabas\u0131 Portal\u0131 (Hokkaido) - Japonya&#039;n\u0131n 1 Numaral\u0131 Ay\u00e7i\u00e7e\u011fi K\u00f6y\u00fc otopark\u0131nda ger\u00e7ekle\u015ftirilecek\">\n                        <\/div>\n                    <\/a>\n                <\/div>\n            <\/div>\n        <\/div>\n\n        <div class=\"site-blogcard-premium\">\n            <div class=\"bc-label-custom\">\u0130lgili makaleler<\/div>\n            <div class=\"bc-flex-container\">\n                <div class=\"bc-main-text\">\n                    <div class=\"bc-title-link-box\">\n                        <a href=\"https:\/\/portal.hokuryu.info\/tr\/topics\/culture\/20130708.html\/\" target=\"_blank\">Hokuryu \u0130tfaiye Tugay\u0131 100. Y\u0131l T\u00f6reni ve Tatbikat\u0131 2013 - Hokuryu Kasaba Portal\u0131 (Hokkaido) - Japonya&#039;n\u0131n 1 Numaral\u0131 Ay\u00e7i\u00e7e\u011fi K\u00f6y\u00fc<\/a>\n                    <\/div>\n                    <div class=\"bc-excerpt-box\">2.100 n\u00fcfuslu ve 401.300 ki\u015filik ya\u015flanma oran\u0131na sahip, canl\u0131 bir kasaban\u0131n &quot;bug\u00fcnk\u00fc&quot; halini sizlere sunuyoruz. Ay\u00e7i\u00e7ekleri gibi, aileler uyum i\u00e7inde ya\u015f\u0131yor...<\/div>\n                <\/div>\n                <div class=\"bc-thumbnail-box\">\n                    <a href=\"https:\/\/portal.hokuryu.info\/tr\/topics\/culture\/20130708.html\/\" target=\"_blank\">\n                        <div class=\"bc-img-zoom-wrap\">\n                            <img decoding=\"async\" src=\"https:\/\/lh6.googleusercontent.com\/-rHol1cSBURE\/UdO8_ujtHeI\/AAAAAAAAr8k\/5nDozCTAZbw\/w1024-h678-no\/K5+10063\" alt=\"Hokuryu \u0130tfaiye Tugay\u0131 100. Y\u0131l T\u00f6reni ve Tatbikat\u0131 2013 - Hokuryu Kasaba Portal\u0131 (Hokkaido) - Japonya&#039;n\u0131n 1 Numaral\u0131 Ay\u00e7i\u00e7e\u011fi K\u00f6y\u00fc\">\n                        <\/div>\n                    <\/a>\n                <\/div>\n            <\/div>\n        <\/div>\n\n        <div class=\"site-blogcard-premium\">\n            <div class=\"bc-label-custom\">\u0130lgili makaleler<\/div>\n            <div class=\"bc-flex-container\">\n                <div class=\"bc-main-text\">\n                    <div class=\"bc-title-link-box\">\n                        <a href=\"https:\/\/portal.hokuryu.info\/tr\/topics\/culture\/20130111.html\/\" target=\"_blank\">Hokuryu \u0130tfaiye Departman\u0131 100. Y\u0131l D\u00f6n\u00fcm\u00fc &quot;Yeni Y\u0131l Ge\u00e7it T\u00f6reni&quot; 2013 - Hokuryu Kasaba Portal\u0131 (Hokkaido) - Japonya&#039;n\u0131n 1 Numaral\u0131 Ay\u00e7i\u00e7e\u011fi K\u00f6y\u00fc<\/a>\n                    <\/div>\n                    <div class=\"bc-excerpt-box\">Nefes kesen bir Japon manzaras\u0131: Hokkaido&#039;nun Hokuryu kasabas\u0131ndaki &quot;Ay\u00e7i\u00e7e\u011fi K\u00f6y\u00fc&quot;. Hokkaido&#039;da pop\u00fcler bir turistik yer. L\u00fctfen en az bir kez ziyaret edin. (Pirin\u00e7 Sommelier&#039;i...).<\/div>\n                <\/div>\n                <div class=\"bc-thumbnail-box\">\n                    <a href=\"https:\/\/portal.hokuryu.info\/tr\/topics\/culture\/20130111.html\/\" target=\"_blank\">\n                        <div class=\"bc-img-zoom-wrap\">\n                            <img decoding=\"async\" src=\"https:\/\/lh4.googleusercontent.com\/-JNcMy2LJKlI\/UO4CKde0vKI\/AAAAAAAAjYY\/vUnIG5wXXyk\/s720\/IMGP8041.jpg\" alt=\"Hokuryu \u0130tfaiye Departman\u0131 100. Y\u0131l D\u00f6n\u00fcm\u00fc &quot;Yeni Y\u0131l Ge\u00e7it T\u00f6reni&quot; 2013 - Hokuryu Kasaba Portal\u0131 (Hokkaido) - Japonya&#039;n\u0131n 1 Numaral\u0131 Ay\u00e7i\u00e7e\u011fi K\u00f6y\u00fc\">\n                        <\/div>\n                    <\/a>\n                <\/div>\n            <\/div>\n        <\/div>\n<p>\u25c7 R\u00f6portaj ve metin: Ikuko Terauchi (foto\u011fraf\u00e7\u0131l\u0131k ve d\u00fczenleme asistan\u0131: Noboru Terauchi)<\/p>","protected":false},"excerpt":{"rendered":"<p>\uff12\uff10\uff12\uff14\u5e74\uff17\u6708\uff11\u65e5\uff08\u6708\uff09 \uff16\u6708\uff12\uff18\u65e5\uff08\u91d1\uff09\uff11\uff14\uff1a\uff13\uff10\u301c\u3001\u5317\u7adc\u6d88\u9632\u56e3\uff08\u4e2d\u5c71\u6210\u5e78 \u56e3\u9577\uff09\u306e\u5317\u7adc\u6d88\u9632\u6f14\u7fd2\u304c\u5317\u7adc\u753a\u5f79\u5834\u5317\u5074\u99d0\u8eca\u5834\u306b\u3066\u958b\u50ac\u3002\u305d\u306e\u5f8c\uff11\uff17\uff1a\uff10\uff10\u301c\u3001\u61c7\u89aa\u4f1a\u304c\u5317\u7adc\u753a\u516c\u6c11\u9928\u5927\u30db\u30fc\u30eb\u306b\u3066\u884c\u308f\u308c\u307e\u3057\u305f\u3002 \u4ee4 [&hellip;]<\/p>\n","protected":false},"author":1,"featured_media":46974,"comment_status":"open","ping_status":"open","sticky":false,"template":"","format":"standard","meta":{"footnotes":""},"categories":[4,29],"tags":[],"class_list":["post-46960","post","type-post","status-publish","format-standard","has-post-thumbnail","hentry","category-cover-story","category-firestation"],"_links":{"self":[{"href":"https:\/\/portal.hokuryu.info\/tr\/wp-json\/wp\/v2\/posts\/46960","targetHints":{"allow":["GET"]}}],"collection":[{"href":"https:\/\/portal.hokuryu.info\/tr\/wp-json\/wp\/v2\/posts"}],"about":[{"href":"https:\/\/portal.hokuryu.info\/tr\/wp-json\/wp\/v2\/types\/post"}],"author":[{"embeddable":true,"href":"https:\/\/portal.hokuryu.info\/tr\/wp-json\/wp\/v2\/users\/1"}],"replies":[{"embeddable":true,"href":"https:\/\/portal.hokuryu.info\/tr\/wp-json\/wp\/v2\/comments?post=46960"}],"version-history":[{"count":0,"href":"https:\/\/portal.hokuryu.info\/tr\/wp-json\/wp\/v2\/posts\/46960\/revisions"}],"wp:featuredmedia":[{"embeddable":true,"href":"https:\/\/portal.hokuryu.info\/tr\/wp-json\/wp\/v2\/media\/46974"}],"wp:attachment":[{"href":"https:\/\/portal.hokuryu.info\/tr\/wp-json\/wp\/v2\/media?parent=46960"}],"wp:term":[{"taxonomy":"category","embeddable":true,"href":"https:\/\/portal.hokuryu.info\/tr\/wp-json\/wp\/v2\/categories?post=46960"},{"taxonomy":"post_tag","embeddable":true,"href":"https:\/\/portal.hokuryu.info\/tr\/wp-json\/wp\/v2\/tags?post=46960"}],"curies":[{"name":"wp","href":"https:\/\/api.w.org\/{rel}","templated":true}]}}