{"id":46475,"date":"2024-06-24T13:13:54","date_gmt":"2024-06-24T04:13:54","guid":{"rendered":"https:\/\/portal.hokuryu.info\/?p=46475"},"modified":"2025-03-31T15:38:39","modified_gmt":"2025-03-31T06:38:39","slug":"tarim-ormancilik-ve-balikcilik-bakanligi-tarim-endustrisi-burosu-muduru-yusaku-hiragata-ve-partisi","status":"publish","type":"post","link":"https:\/\/portal.hokuryu.info\/tr\/46475\/","title":{"rendered":"Tar\u0131m, Ormanc\u0131l\u0131k ve Bal\u0131k\u00e7\u0131l\u0131k Bakanl\u0131\u011f\u0131 Tar\u0131msal \u00dcretim B\u00fcrosu Genel M\u00fcd\u00fcr\u00fc Yusaku Hiragata&#039;n\u0131n, g\u00fcvenli ve emniyetli pirin\u00e7 \u00fcretimiyle \u00fcnl\u00fc Hokuryu Kasabas\u0131&#039;na yapt\u0131\u011f\u0131 ziyaret"},"content":{"rendered":"<p>Cuma, 21 Haziran 2024<\/p>\n<p>Tar\u0131m, Ormanc\u0131l\u0131k ve Bal\u0131k\u00e7\u0131l\u0131k Bakanl\u0131\u011f\u0131 Tar\u0131m \u00dcr\u00fcnleri B\u00fcrosu&#039;ndan bir heyet, Tar\u0131m, Ormanc\u0131l\u0131k ve Bal\u0131k\u00e7\u0131l\u0131k Bakanl\u0131\u011f\u0131 Genel M\u00fcd\u00fcr\u00fc Yusaku Hiragata ve Hokkaido Tar\u0131m \u0130daresi Ofisi&#039;nden olu\u015fan bir heyet, 16 Haziran Pazar g\u00fcn\u00fc Kitary\u016b Kasabas\u0131&#039;n\u0131 ziyaret ederek Honoka Tar\u0131m Kooperatifi \u00fcyeleriyle g\u00f6r\u00fc\u015f al\u0131\u015fveri\u015finde bulundu.<\/p>\n<h2>Hokuryu Kasabas\u0131na Ho\u015f Geldiniz! Y\u00f6netmen Yusaku Hiraga&#039;y\u0131 aram\u0131zda g\u00f6rmekten mutluluk duyuyoruz!<br \/>\n(Hokuryu Belediye Binas\u0131, LCD ekran)<\/h2>\n<figure class=\"wp-caption aligncenter\"><a href=\"https:\/\/photos.google.com\/share\/AF1QipNAsShBiibRysYgsOw8svZnvBjAFPnKGej1jCy7-5wkYWOlUNBGSKmFNzjQDEWwOA\/photo\/AF1QipMfthcqpIB3jgt1cQgzqqOhAEv2RlutjGPkB1U?key=eGktS2Nac0JzSU8zVWRDNGFveDNYcFdiNnBLNWt3\" target=\"_blank\" rel=\"noopener\"><img decoding=\"async\" src=\"https:\/\/lh3.googleusercontent.com\/pw\/AP1GczP0k44epRuSClevayvHxukfROMWT8MdHsiuuz983hU26d0W0OWQdGXy10oGR3v7uKtklmNJTODy1ix_o1cECJTkRAObOP049heHkduIa850f-ovMCXi339bE9_yLP5prEhg95UzLdRkbqrq_xaJyvbW=w2000-h1500-s-no-gm?authuser=0\" width=\"2000\" height=\"1500\" alt=\"Solda: Direkt\u00f6r Yusaku Hiragata, Sa\u011fda: Belediye Ba\u015fkan\u0131 Yasuhiro Sasaki\" class=\"size-full\" \/><\/a><figcaption class=\"wp-caption-text\">Solda: Direkt\u00f6r Yusaku Hiragata, Sa\u011fda: Belediye Ba\u015fkan\u0131 Yasuhiro Sasaki<\/figcaption><\/figure>\n<h3>De\u011ferli ziyaret\u00e7ilerimiz,<\/h3>\n<ul>\n<li>Tar\u0131m, Ormanc\u0131l\u0131k ve Bal\u0131k\u00e7\u0131l\u0131k Bakanl\u0131\u011f\u0131 Tar\u0131m End\u00fcstrisi B\u00fcrosu Genel M\u00fcd\u00fcr\u00fc Yusaku Hiragata<\/li>\n<li>Say\u0131n Takehito Asami, Tar\u0131m \u00dcr\u00fcnleri B\u00fcrosu, Tar\u0131m, Ormanc\u0131l\u0131k ve Bal\u0131k\u00e7\u0131l\u0131k Bakanl\u0131\u011f\u0131, Planlama B\u00f6l\u00fcm\u00fc, Arazi Kullan\u0131m\u0131 Tar\u0131msal Koordinasyon Ekibi M\u00fcd\u00fcr Yard\u0131mc\u0131s\u0131<\/li>\n<li>Hokkaido Tar\u0131m \u0130daresi Ofisi M\u00fcd\u00fcr\u00fc Hajime Fukushima<\/li>\n<li>Bay Kimitaka Kado, Yard\u0131mc\u0131 M\u00fcd\u00fcr, \u00dcretim Destek B\u00f6l\u00fcm\u00fc, Hokkaido \u0130l Tar\u0131m \u0130daresi Ofisi<\/li>\n<\/ul>\n<figure class=\"wp-caption aligncenter\"><a href=\"https:\/\/photos.google.com\/share\/AF1QipNAsShBiibRysYgsOw8svZnvBjAFPnKGej1jCy7-5wkYWOlUNBGSKmFNzjQDEWwOA\/photo\/AF1QipO_6PzYMVee510SJM5l-hK1ZjISgeNw7oLvz4I?key=eGktS2Nac0JzSU8zVWRDNGFveDNYcFdiNnBLNWt3\" target=\"_blank\" rel=\"noopener\"><img decoding=\"async\" src=\"https:\/\/lh3.googleusercontent.com\/pw\/AP1GczNXA16BVZ9CNSwBbDrxk8UWLB3lLlWfDtY9JHN4bBi1JR2naqPDQGYP91pGThTgrDKIf6uXx3WmnvGqdb7v33QVDRmoF1640AiJ4fVaQqRlacVNhfLrgM1-R6c_fTHHxBTj_B86w--ny5VCf9Fipggt=w2000-h1500-s-no-gm?authuser=0\" width=\"2000\" height=\"1500\" alt=\"Tar\u0131m, Ormanc\u0131l\u0131k ve Bal\u0131k\u00e7\u0131l\u0131k Bakanl\u0131\u011f\u0131 ve Hokkaido Tar\u0131m \u0130daresi Ofisi \u00fcyeleri\" class=\"size-full\" \/><\/a><figcaption class=\"wp-caption-text\">Tar\u0131m, Ormanc\u0131l\u0131k ve Bal\u0131k\u00e7\u0131l\u0131k Bakanl\u0131\u011f\u0131 ve Hokkaido Tar\u0131m \u0130daresi Ofisi \u00fcyeleri<\/figcaption><\/figure>\n<h4>Yusaku Hirakata&#039;n\u0131n profili<\/h4>\n<p>Yusaku Hiragata, 13 Nisan 1964&#039;te do\u011fdu (60 ya\u015f\u0131nda) ve Gunma Eyaleti, Agatsuma \u0130l\u00e7esi, Takayama K\u00f6y\u00fc&#039;nde bir \u00e7ift\u00e7i ailesinden geliyor (Takayama K\u00f6y\u00fc: 1 May\u0131s 2024 itibar\u0131yla n\u00fcfusu 3.167). Keio \u00dcniversitesi Hukuk Fak\u00fcltesi&#039;nden mezun olduktan sonra, Tar\u0131m, Ormanc\u0131l\u0131k ve Bal\u0131k\u00e7\u0131l\u0131k Bakanl\u0131\u011f\u0131&#039;na kat\u0131ld\u0131 (Nisan 1989) ve Tar\u0131m, Ormanc\u0131l\u0131k ve Bal\u0131k\u00e7\u0131l\u0131k Bakanl\u0131\u011f\u0131 Tar\u0131m End\u00fcstrisi B\u00fcrosu Genel M\u00fcd\u00fcr\u00fc olarak atand\u0131 (1 Temmuz 2021).<\/p>\n<ul>\n<li>Mart 1989 \u2013 Keio \u00dcniversitesi Hukuk Fak\u00fcltesinden mezun oldu<\/li>\n<li>Nisan 1989 \u2013 Tar\u0131m, Ormanc\u0131l\u0131k ve Bal\u0131k\u00e7\u0131l\u0131k Bakanl\u0131\u011f\u0131&#039;na kat\u0131ld\u0131<\/li>\n<li>Nisan 2005 \u2013 Ara\u015ft\u0131rmac\u0131, Planlama ve De\u011ferlendirme B\u00f6l\u00fcm\u00fc, Bakanl\u0131k Sekreterli\u011fi, Tar\u0131m, Ormanc\u0131l\u0131k ve Bal\u0131k\u00e7\u0131l\u0131k Bakanl\u0131\u011f\u0131<\/li>\n<li>A\u011fustos 2006 \u2013 Ara\u015ft\u0131rmac\u0131 ve Kabine Sekreteri, Planlama ve De\u011ferlendirme B\u00f6l\u00fcm\u00fc, Bakanl\u0131k Sekreterli\u011fi, Tar\u0131m, Ormanc\u0131l\u0131k ve Bal\u0131k\u00e7\u0131l\u0131k Bakanl\u0131\u011f\u0131<\/li>\n<li>A\u011fustos 2008 \u2013 Ara\u015ft\u0131rma G\u00f6revlisi ve Kabine Sekreteri, Politika B\u00f6l\u00fcm\u00fc, Tar\u0131m, Ormanc\u0131l\u0131k ve Bal\u0131k\u00e7\u0131l\u0131k Bakanl\u0131\u011f\u0131<\/li>\n<li>Ocak 2009 \u2013 M\u00fc\u015favir, Bakanl\u0131k Sekreterli\u011fi, Tar\u0131m, Ormanc\u0131l\u0131k ve Bal\u0131k\u00e7\u0131l\u0131k Bakanl\u0131\u011f\u0131<\/li>\n<li>Ekim 2009 \u2013 Tar\u0131m, Ormanc\u0131l\u0131k ve Bal\u0131k\u00e7\u0131l\u0131k Bakanl\u0131\u011f\u0131 Y\u00f6netim B\u00fcrosu Kooperatif \u00d6rg\u00fctleri B\u00f6l\u00fcm\u00fc M\u00fcd\u00fcr\u00fc<\/li>\n<li>Haziran 2012 \u2013 Tar\u0131m, Ormanc\u0131l\u0131k ve Bal\u0131k\u00e7\u0131l\u0131k Bakanl\u0131\u011f\u0131 Y\u00f6netim B\u00fcrosu, Y\u00f6netim Politikas\u0131 B\u00f6l\u00fcm\u00fc M\u00fcd\u00fcr\u00fc<\/li>\n<li>Ekim 2015 \u2013 Tar\u0131m, Ormanc\u0131l\u0131k ve Bal\u0131k\u00e7\u0131l\u0131k Bakanl\u0131\u011f\u0131 G\u0131da End\u00fcstrisi B\u00fcrosu Genel \u0130\u015fler Dairesi M\u00fcd\u00fcr\u00fc<\/li>\n<li>Temmuz 2017 \u2013 B\u00fct\u00e7e Dairesi M\u00fcd\u00fcr\u00fc, Bakanl\u0131k Sekreterli\u011fi, Tar\u0131m, Ormanc\u0131l\u0131k ve Bal\u0131k\u00e7\u0131l\u0131k Bakanl\u0131\u011f\u0131<\/li>\n<li>Temmuz 2018 \u2013 Tar\u0131m \u00dcretim Dairesi M\u00fcd\u00fcr\u00fc ve Tar\u0131m, Orman ve Bal\u0131k\u00e7\u0131l\u0131k Bakanl\u0131\u011f\u0131 Politika Genel M\u00fcd\u00fcr\u00fcne Ba\u011fl\u0131<\/li>\n<li>Temmuz 2021 \u2013 Tar\u0131m, Ormanc\u0131l\u0131k ve Bal\u0131k\u00e7\u0131l\u0131k Bakanl\u0131\u011f\u0131 Tar\u0131m End\u00fcstrisi B\u00fcrosu Genel M\u00fcd\u00fcr\u00fc<\/li>\n<\/ul>\n<h2>Honoka \u00c7ift\u00e7iler Derne\u011fi Ofisi (Mihagyu)<\/h2>\n<p>Kat\u0131l\u0131mc\u0131lar daha sonra Hokuryu Belediye Binas\u0131&#039;ndan Honoka Tar\u0131m Kooperatifi Derne\u011fi ofisine (Mihoushi) ge\u00e7erek fikir al\u0131\u015fveri\u015finde bulundular.<\/p>\n<figure class=\"wp-caption aligncenter\"><a href=\"https:\/\/photos.google.com\/share\/AF1QipNAsShBiibRysYgsOw8svZnvBjAFPnKGej1jCy7-5wkYWOlUNBGSKmFNzjQDEWwOA\/photo\/AF1QipPh9bomac5kMOTd2ycxc9XPpFwWe3_1bTebQLM?key=eGktS2Nac0JzSU8zVWRDNGFveDNYcFdiNnBLNWt3\" target=\"_blank\" rel=\"noopener\"><img decoding=\"async\" src=\"https:\/\/lh3.googleusercontent.com\/pw\/AP1GczN24F31YX7FHOIEBrVYV5o_sbBi88Vb-20pr6P8cv_0sQgAYz2zPWuOYnJ9rDR8RX01b1GyRxcKeDVi6SZb10UeQazreiJmHaXuIWbiQQFdb1V3QwP0bpN9AbtT3tdp8wXBulFfct5pAxdjQNhpNbWR=w2000-h1500-s-no-gm?authuser=0\" width=\"2000\" height=\"1500\" alt=\"Honoka Tar\u0131m Kooperatifi Ofisi\" class=\"size-full\" \/><\/a><figcaption class=\"wp-caption-text\">Honoka Tar\u0131m Kooperatifi Ofisi<\/figcaption><\/figure>\n<h3>Y\u00f6netmen Yusaku Hirakata&#039;dan selamlar<\/h3>\n<figure class=\"wp-caption aligncenter\"><a href=\"https:\/\/photos.google.com\/share\/AF1QipNAsShBiibRysYgsOw8svZnvBjAFPnKGej1jCy7-5wkYWOlUNBGSKmFNzjQDEWwOA\/photo\/AF1QipPPHk4JxX6NIO6ruHprfaLIBBjO0pffovQwbfg?key=eGktS2Nac0JzSU8zVWRDNGFveDNYcFdiNnBLNWt3\" target=\"_blank\" rel=\"noopener\"><img decoding=\"async\" src=\"https:\/\/lh3.googleusercontent.com\/pw\/AP1GczPnc2UEIRcLj-Spfiub7HIQwjyaF2GiPP2M4Pv-fgQrbK9Epn1PGCYR8_jWuZKcT-3LrxLeR5D8t_hr9VfQcSscAIC2atsquX1vSmIwpKeJ2M8NPSs70IzDIR9ylK4OaHkXPXFDDbqSwesjtv8DedWl=w2000-h1125-s-no-gm?authuser=0\" width=\"2000\" height=\"1125\" alt=\"Yusaku Hirakata&#039;dan selamlar\" class=\"size-full\" \/><\/a><figcaption class=\"wp-caption-text\">Yusaku Hirakata&#039;dan selamlar<\/figcaption><\/figure>\n<p>&quot;Belediye Ba\u015fkan\u0131 Sasaki&#039;ye ve bizi davet eden herkese te\u015fekk\u00fcr ederiz.<\/p>\n<p>D\u00fcnden beri Hokkaido&#039;day\u0131m. Orada G\u0131da, Tar\u0131m ve K\u0131rsal Alanlar Temel Kanunu&#039;nda de\u011fi\u015fiklik yap\u0131lmas\u0131 ve \u00e7eltik tarla politikas\u0131 hakk\u0131nda g\u00f6r\u00fc\u015fmelerde bulundum. \u00d6zellikle Kitary\u016b Kasabas\u0131ndaki Honoka Tar\u0131m Kooperatifi&#039;ni ziyaret etmem \u00f6nerilmi\u015fti, bu y\u00fczden tatil olmas\u0131na ra\u011fmen onlar\u0131 ziyaret etmeye karar verdim.<\/p>\n<p>Bu kez g\u0131da g\u00fcvenli\u011finin sa\u011flanmas\u0131, yeniden d\u00fczenlenen G\u0131da, Tar\u0131m ve K\u0131rsal Alanlar Temel Kanunu&#039;na yaz\u0131lacak. Hokkaido&#039;nun \u00e7e\u015fitli tah\u0131llar\u0131n, sebzelerin ve pirin\u00e7 de dahil olmak \u00fczere di\u011fer \u00fcr\u00fcnlerin yeti\u015ftirilmesi i\u00e7in \u00f6nemli bir merkez oldu\u011funa inan\u0131yorum.<\/p>\n<p>Japonya&#039;n\u0131n en iyi \u00fcretim b\u00f6lgelerindeki insanlar\u0131n y\u00fcksek kaliteli pirin\u00e7 \u00fcretmek i\u00e7in s\u0131k\u0131 \u00e7al\u0131\u015fmalar\u0131n\u0131n, Japon halk\u0131n\u0131n a\u00e7 kalmamas\u0131 i\u00e7in \u00e7ok \u00f6nemli oldu\u011funu d\u00fc\u015f\u00fcn\u00fcyorum.<\/p>\n<p>Biz de onlara destek olmak istiyoruz. Ba\u015far\u0131lar\u0131n\u0131z\u0131 bekliyoruz. &quot;Bug\u00fcnk\u00fc i\u015fbirli\u011finiz i\u00e7in te\u015fekk\u00fcr ederiz&quot; dedi Y\u00f6netmen Hiraga.<\/p>\n<h3>Honoka Tar\u0131m Kooperatifi Birli\u011fi ile g\u00f6r\u00fc\u015f al\u0131\u015fveri\u015fi<\/h3>\n<h4>Hokkaido&#039;daki Hokuryu Kasabas\u0131na Genel Bak\u0131\u015f<\/h4>\n<ul>\n<li><strong>Konum:<\/strong>Sapporo&#039;nun yakla\u015f\u0131k 100 km kuzeyinde, Asahikawa&#039;n\u0131n yakla\u015f\u0131k 50 km bat\u0131s\u0131nda<\/li>\n<li><strong>N\u00fcfus:<\/strong>1.612 ki\u015fi 785 hane (1 Haziran 2024 itibariyle)<\/li>\n<li><strong>\u00c7iftlik hanelerinin say\u0131s\u0131:<\/strong>Yakla\u015f\u0131k 140 adet (1 Nisan 2024 itibariyle)<\/li>\n<li><strong>Ekili arazi alan\u0131:<\/strong>2.977 hektar<br \/>\n(Pirin\u00e7 tarlalar\u0131 1.669ha, tarlalar 1.308ha: karabu\u011fday 49ha, soya fasulyesi 260ha, bu\u011fday 230ha)<\/li>\n<li><strong>Hane ba\u015f\u0131na ortalama ekili alan<\/strong>\uff1a21.3 hektar<\/li>\n<\/ul>\n<div class=\"img-move\"><figure class=\"wp-caption aligncenter\"><a href=\"https:\/\/maps.app.goo.gl\/XWQCC2zk9FE63X469\" target=\"_blank\" rel=\"noopener\"><img decoding=\"async\" src=\"https:\/\/lh3.googleusercontent.com\/pw\/AP1GczO0iChi2kInt60NGbogeh5aibqV9FbGS2Cb9oYXJDyB8jB1LzQychMsuIlONDUOnyC0TCOJzQjqOG4jwm8PM3kv6oxoBBFr5KZBg36xg2niUL9w1dmfh81wbeXV65t8TkZ5VUu0opUml4pDL3inn53T=w1848-h1598-s-no-gm?authuser=0\" width=\"500\" alt=\"Hokkaido&#039;nun kuzeybat\u0131s\u0131nda bulunan Hokuryu Kasabas\u0131\" class=\"size-full\" style=\"border:solid 1px blue\"\/><figcaption class=\"wp-caption-text\">[Google Haritas\u0131] Hokkaido&#039;nun kuzeybat\u0131s\u0131nda bulunan Hokuryu Kasabas\u0131<\/a><\/figcaption><\/figure><\/div>\n<h3>Minoru Nagai, JA Kitasorachi, Hokuryu B\u00f6lge Temsilcisi Direkt\u00f6r\u00fc<br \/>\nHokuryu Kasabas\u0131&#039;n\u0131n pirinci &quot;Ay\u00e7i\u00e7e\u011fi Pirinci&quot;nin a\u00e7\u0131klamas\u0131<\/h3>\n<h4>46. Japonya Tar\u0131m \u00d6d\u00fclleri&#039;nde Toplu \u00d6rg\u00fctlenme Kategorisinde B\u00fcy\u00fck \u00d6d\u00fcl&#039;\u00fcn sahibi<\/h4>\n<p>&quot;2016 y\u0131l\u0131nda Hokuryu Ay\u00e7i\u00e7e\u011fi Pirin\u00e7 \u00dcreticileri Derne\u011fi, 46. Japonya Tar\u0131m \u00d6d\u00fclleri&#039;nde kolektif \u00f6rg\u00fctlenme kategorisinde b\u00fcy\u00fck \u00f6d\u00fcl\u00fc kazand\u0131.<\/p>\n<p>Japonya Tar\u0131m \u00d6d\u00fclleri, JA Zenchu, JA \u0130l Federasyonlar\u0131 ve NHK taraf\u0131ndan desteklenmekte olup, Japon tar\u0131m\u0131n\u0131 kurmay\u0131 ama\u00e7layan, y\u00f6netim ve teknolojiyi aktif olarak reform edip geli\u015ftirmek i\u00e7in \u00e7al\u0131\u015fan ve yerel topluluklar\u0131n\u0131n geli\u015fimine katk\u0131da bulunan \u00e7ift\u00e7ileri ve \u00e7ift\u00e7ilik gruplar\u0131n\u0131 takdir etmek amac\u0131yla verilmektedir.<\/p>\n<div class=\"img-move\"><figure class=\"wp-caption aligncenter\"><a href=\"https:\/\/portal.hokuryu.info\/tr\/hokuryu-himawari-rice-pc.html\/\" target=\"_blank\" rel=\"noopener\"><img decoding=\"async\" src=\"https:\/\/lh3.googleusercontent.com\/pw\/AP1GczPUNI0fMC0Rq-f-vaVpkiPxd8s7SbQzP8f1SGbzcVJVYW0GKjuyT5-FbWjIaoteFwWvMkhq76RmDjebo1zC9uXfEogV1TNM3DmhqZ55hfX-m6nVCG0xvCy1fADvp01ur_xYluswy5NUshiDGePeydCH=w1361-h766-s-no-gm?authuser=0\" width=\"1361\" height=\"766\" alt=\"46. Japonya Tar\u0131m \u00d6d\u00fclleri&#039;nde Toplu \u00d6rg\u00fctlenme Kategorisi B\u00fcy\u00fck \u00d6d\u00fcl\u00fc&#039;n\u00fcn sahibi: &quot;Hokuryu Ay\u00e7i\u00e7e\u011fi Pirin\u00e7 \u00dcreticileri Derne\u011fi&quot;\" class=\"size-full\" \/><figcaption class=\"wp-caption-text\">46. Japonya Tar\u0131m \u00d6d\u00fcl\u00fc, Toplu \u00d6rg\u00fctlenme B\u00f6l\u00fcm\u00fc B\u00fcy\u00fck \u00d6d\u00fcl Kazanan\u0131 &quot;Hokuryu Ay\u00e7i\u00e7e\u011fi Pirin\u00e7 \u00dcreticileri Derne\u011fi&quot; [Hokuryu Kasaba Portal\u0131 \u00d6zel Makalesi]<\/a><\/figcaption><\/figure><\/div>\n<p>&quot;Hokuryu Ay\u00e7i\u00e7e\u011fi Pirin\u00e7 \u00dcreticileri Derne\u011fi, kasaba \u00e7ap\u0131nda pestisit kullan\u0131m\u0131n\u0131 azaltma y\u00f6n\u00fcndeki \u00e7abalar\u0131, JAS tar\u0131msal \u00fcr\u00fcn \u00fcretim bilgi a\u00e7\u0131klama standard\u0131n\u0131 edinmesi ve kasaba \u00e7ap\u0131ndaki sat\u0131\u015f ve halkla ili\u015fkiler faaliyetleri nedeniyle b\u00fcy\u00fck \u00f6d\u00fcle lay\u0131k g\u00f6r\u00fcld\u00fc.<\/p>\n<p>Hokuryu Kasabas\u0131 \u00e7evre dostu pirin\u00e7 yeti\u015ftiricili\u011finin uzun bir ge\u00e7mi\u015fine sahiptir ve 1988&#039;den bu yana, pestisit d\u00fczenlemeleri hen\u00fcz gev\u015fekken, kasaba aktif olarak organik tar\u0131m, azalt\u0131lm\u0131\u015f pestisit kullan\u0131m\u0131 ve zararl\u0131lardan ar\u0131nd\u0131r\u0131lm\u0131\u015f ekim ile u\u011fra\u015fmaktad\u0131r.<\/p>\n<p>Hokuryu Kasabas\u0131, kendisini &quot;vatanda\u015flar\u0131n\u0131n ya\u015famlar\u0131n\u0131 ve sa\u011fl\u0131klar\u0131n\u0131 korumak i\u00e7in g\u00fcvenli g\u0131da \u00fcretimi yapan bir kasaba&quot; ilan etti ve Tar\u0131m Komitesi, Arazi Geli\u015ftirme B\u00f6lgesi ve Hokuryu Kasabas\u0131, g\u00fcvenli tar\u0131msal \u00fcr\u00fcnler yeti\u015ftirmek i\u00e7in birlikte \u00e7al\u0131\u015ft\u0131.<\/p>\n<p>Ay\u00e7i\u00e7e\u011fi Pirin\u00e7 \u00dcreticileri Derne\u011fi, \u00fcretim bilgileri a\u00e7\u0131klanan tar\u0131m \u00fcr\u00fcnleri i\u00e7in JAS standard\u0131n\u0131 elde etmi\u015f ve t\u00fcm bilgileri t\u00fcketicilere a\u00e7\u0131klam\u0131\u015ft\u0131r.<\/p>\n<p>Ay\u00e7i\u00e7e\u011fi Pirin\u00e7 \u00dcreticileri Birli\u011fi&#039;ndeki 140 \u00e7ift\u00e7i hanesinden 100&#039;\u00fc pirin\u00e7 \u00e7ift\u00e7isidir ve bu pirin\u00e7 \u00e7ift\u00e7ilerinin tamam\u0131, \u00fcretim bilgilerinin a\u00e7\u0131klanmas\u0131n\u0131 gerektiren tar\u0131msal \u00fcr\u00fcnler i\u00e7in JAS standartlar\u0131na uymak i\u00e7in \u00e7al\u0131\u015fmaktad\u0131r.<\/p>\n<p>Hokuryu \u0130l\u00e7e Temsilcisi M\u00fcd\u00fcr\u00fc Nagai, &quot;Hokuryu Kasabas\u0131, kasabadaki t\u00fcm \u00fcretim kooperatiflerinin sertifikal\u0131 oldu\u011fu \u00fclkedeki tek kasabad\u0131r&quot; dedi.<\/p>\n<h4>\u00d6nc\u00fc: Ryoji Kikura (JA Kitasorachi&#039;nin eski ba\u015fkan\u0131 ve Hokuryu Kasabas\u0131&#039;n\u0131n fahri ikametgah\u0131: o g\u00fcn da\u011f\u0131t\u0131lan bildiriden)<\/h4>\n<p>1973 y\u0131l\u0131nda merhum Toru Goto ve Ryoji Kikura (o zamanlar Hokuryu Kasabas\u0131 Tar\u0131m Kooperatifi Derne\u011fi ba\u015fkan\u0131yd\u0131) do\u011fal tar\u0131m y\u00f6ntemlerini kullanarak pirin\u00e7 yeti\u015ftirmeye ba\u015flad\u0131lar.<\/p>\n<p>Ryoji Kikura, &quot;yiyecek hayatt\u0131r&quot; ve tar\u0131m\u0131n ruhudur fikrini savunuyor.<strong>&quot;\u00dcretim ko\u015fullar\u0131n\u0131n kalite kontrol\u00fc&quot;<\/strong>\u00d6nemini vurgulad\u0131.<\/p>\n<p>&quot;Orijinal g\u0131da, da\u011flar, a\u011fa\u00e7lar ve ye\u015filliklerle desteklenen g\u00fc\u00e7l\u00fc suda ya\u015far. Miras ald\u0131\u011f\u0131m\u0131z topra\u011f\u0131 bozmamal\u0131 veya kirletmemeliyiz. Hayat\u0131n\u0131z\u0131 koruyan \u00e7ift\u00e7i ruhunu geli\u015ftirmeli ve onu s\u00fcrd\u00fcrecek olanlar\u0131 beslemeliyiz. Bunlar tar\u0131m\u0131n temelleridir,&quot; diye tekrar tekrar s\u00f6yl\u00fcyor.<\/p>\n<p>Haziran 1988&#039;de, &quot;Ulusun Ya\u015fam\u0131n\u0131 ve Sa\u011fl\u0131\u011f\u0131n\u0131 Korumak \u0130\u00e7in \u00c7ift\u00e7i Toplant\u0131s\u0131&quot;nda, tar\u0131m kooperatifinin gen\u00e7lik kolu, g\u00fcvenli g\u0131da \u00fcretimi konusunda bir bildiri yay\u0131nlad\u0131.<\/p>\n<div class=\"img-move\"><figure class=\"wp-caption aligncenter\"><a href=\"https:\/\/portal.hokuryu.info\/tr\/31230\/\" target=\"_blank\" rel=\"noopener\"><img decoding=\"async\" src=\"https:\/\/lh3.googleusercontent.com\/pw\/AP1GczOfsyDUWkosG6aXoKxl0gLjCyDA0GhYMimVR7-FTDtC97VEtXwyPGQS52Xu9N-vFMq-yDDU5y2PtW_KG4O3zNIn-BZomIXE3izWW0dPshf9tQahpNX0FRDGYmcwd1yON4GwtgcQToVgPoI5n9PYjF5i=w1130-h1598-s-no-gm?authuser=0\" width=\"500\" alt=\"\u00d6nc\u00fc Ryoji Kikura: &quot;Yemek hayatt\u0131r&quot;\" class=\"size-full\" style=\"border:solid 1px blue\"\/><figcaption class=\"wp-caption-text\">\u00d6nc\u00fc Ryoji Kikura: &quot;Yemek hayatt\u0131r&quot; [Hokuryu Town Portal&#039;da \u00f6ne \u00e7\u0131kan makale]<\/a><\/figcaption><\/figure><\/div>\n<p>Pirin\u00e7 \u00fcreten bir b\u00f6lge olarak \u00fcreticiler, &quot;g\u0131da hayatt\u0131r&quot; fikrini benimsemek i\u00e7in birlikte \u00e7al\u0131\u015f\u0131yor ve ellerini, becerilerini ve kalplerini kullanarak insanlara g\u00fcvenli g\u0131da \u00fcretiyor, b\u00f6ylece &quot;ya\u015fam\u0131, g\u0131day\u0131, \u00e7evreyi ve ge\u00e7im kaynaklar\u0131n\u0131&quot; koruyor ve besliyor, insanlara, b\u00f6lgeye ve topluma katk\u0131da bulunmay\u0131 ama\u00e7l\u0131yor.<\/p>\n<h4>Organik JAS teknolojisi (g\u00fcn i\u00e7inde da\u011f\u0131t\u0131lan bro\u015f\u00fcrden)<\/h4>\n<ul>\n<li>Toprak haz\u0131rl\u0131\u011f\u0131na dayal\u0131 olarak topra\u011f\u0131n fiziksel, kimyasal ve biyolojik \u00f6zelliklerini iyile\u015ftiriyor, zararl\u0131lar\u0131n ve hastal\u0131klar\u0131n olu\u015fumunu \u00f6ng\u00f6rmeye y\u00f6nelik \u00e7al\u0131\u015fmalar yap\u0131yoruz.<\/li>\n<li>Ot temizli\u011fi, tarlan\u0131n iki kez s\u00fcr\u00fclmesi ve ot yolma aletinin kullan\u0131lmas\u0131yla yap\u0131l\u0131r.<\/li>\n<li>Zararl\u0131lara kar\u015f\u0131 biyolojik pestisitler ve \u00e7amur ya\u011f temizleyicileri kullan\u0131n.<\/li>\n<\/ul>\n<h4>Pirin\u00e7 tohumu s\u0131cak su sterilizat\u00f6r\u00fc<\/h4>\n<p>&quot;JAS standard\u0131na g\u00f6re organik tar\u0131m tekniklerinden biri olarak, &quot;pirin\u00e7 tohumlar\u0131 i\u00e7in s\u0131cak su sterilizasyon makinesi&quot;ni ilk benimseyen biz olduk. Kimyasal pestisitlerin kullan\u0131m\u0131n\u0131 nas\u0131l azaltaca\u011f\u0131m\u0131z perspektifinden bak\u0131ld\u0131\u011f\u0131nda, tohum sterilizasyonu gerekli bir ad\u0131md\u0131r ve s\u0131cak su sterilizasyonu kullanarak pestisit kullan\u0131m\u0131n\u0131 s\u0131n\u0131rlayabiliriz.<\/p>\n<ul>\n<li>Kimyasal pestisitlere dayanmayan bir pirin\u00e7 tohumu dezenfeksiyon y\u00f6ntemi ise s\u0131cak su dezenfeksiyonudur.<\/li>\n<li>JA Kitasorachi Hokuryu \u015eubesi, valilik ve Hokuryu Kasabas\u0131&#039;n\u0131n yard\u0131mlar\u0131yla s\u0131cak su dezenfeksiyon tesisi kurdu.<\/li>\n<li>S\u0131cak su dezenfeksiyonu, tohumlar\u0131 60\u00b0C suda 10 dakika sterilize ederek t\u00fcm bakterileri \u00f6ld\u00fcr\u00fcr.<\/li>\n<\/ul>\n<div class=\"img-move\"><figure class=\"wp-caption aligncenter\"><a href=\"https:\/\/portal.hokuryu.info\/tr\/topics\/agri\/20120329\/\" target=\"_blank\" rel=\"noopener\"><img decoding=\"async\" src=\"https:\/\/lh3.googleusercontent.com\/pw\/AP1GczN-qAvt2OGqi2KTeu7xhlMQNdaIlrYtleS00q4FvZJnqiDBSTQ_N5i53mdiaQketWRVsfhFISwX41fxSTH9UH4tAOyx7wXl-DviAW59qKkEsxT18gK1I97pM-g8FixUwN2souHBGf_j2gtTY1WA2cMd=w720-h480-s-no-gm?authuser=0\" width=\"720\" height=\"480\" alt=\"Pirin\u00e7 tohumu s\u0131cak su sterilizat\u00f6r\u00fc\" class=\"size-full\" \/><figcaption class=\"wp-caption-text\">Pirin\u00e7 tohumu s\u0131cak su sterilizat\u00f6r\u00fc [Hokuryu Kasaba Portal\u0131 \u00d6zel Makalesi]<\/a><\/figcaption><\/figure><\/div>\n<p>Pirin\u00e7 \u00fcretimimizin yakla\u015f\u0131k &#039;unu olu\u015fturmas\u0131na ra\u011fmen organik pirin\u00e7 ve \u00f6zel yeti\u015ftirilen pirin\u00e7le de ilgileniyoruz. Hokuryu B\u00f6lge Temsilcisi M\u00fcd\u00fcr\u00fc Nagai, &quot;Bunlar\u0131n aras\u0131nda, sadece d\u00f6rt pestisit maddesi kullan\u0131larak yeti\u015ftirilebilen (geleneksel tar\u0131mda 22 pestisit maddesi kullan\u0131l\u0131yor) pestisit i\u00e7ermeyen pirin\u00e7 \u00e7e\u015fidimiz &#039;Kitakurin&#039; var ve biz bunu g\u00fcvenli ve emniyetli pirin\u00e7 olarak sat\u0131yoruz&quot; diye a\u00e7\u0131klad\u0131.<\/p>\n<h4>Hokuryu kahverengi pirin\u00e7 toplu tesisindeki renk ay\u0131rma makinesi (o g\u00fcn da\u011f\u0131t\u0131lan bro\u015f\u00fcrden)<\/h4>\n<div class=\"img-move\"><figure class=\"wp-caption aligncenter\"><a href=\"https:\/\/portal.hokuryu.info\/tr\/5982\/#outline_1__5_7\" target=\"_blank\" rel=\"noopener\"><img decoding=\"async\" src=\"https:\/\/lh3.googleusercontent.com\/pw\/AP1GczND7hERn9npwzKblK6XDQL6uP6FbQspAJ7nzG3aoULEUHoN-RtBuxjvmlq6CMeHfx8mKS2mA3AD1vRHKl8Hv2n0LJt_7UZQEP9ScpTtFg0FfGFvrs98Wbwjj5SO3wUKSJADFxCOFsmSsx7NVwIox2i8=w2048-h1365-s-no-gm?authuser=0\" width=\"2048\" height=\"1365\" alt=\"Hokuryu kahverengi pirin\u00e7 toplu tesisi renk ay\u0131rma makinesi [Hokuryu Kasaba Portal\u0131 \u00d6zel Makalesi]\" class=\"size-full\" \/><figcaption class=\"wp-caption-text\">Hokuryu kahverengi pirin\u00e7 toplu tesisi renk ay\u0131rma makinesi [Hokuryu Kasaba Portal\u0131 \u00d6zel Makalesi]<\/a><\/figcaption><\/figure><\/div>\n<p>Kitary\u016b toplu kahverengi pirin\u00e7 tesisinde, daha \u00f6nce elle yap\u0131lan i\u015flemlerin yap\u0131larak verimlili\u011fin art\u0131r\u0131lmas\u0131n\u0131 sa\u011flayacak yeni bir sistem kuruldu.<\/p>\n<ul>\n<li>Yabanc\u0131 maddeleri ay\u0131rmak i\u00e7in t\u00fcm miktar renk ay\u0131rma makinesinden ge\u00e7irilir.<\/li>\n<li>T\u00fcm hatlara kontaminasyon \u00f6nleme cihazlar\u0131 yerle\u015ftirildi<\/li>\n<li>\u0130zlenebilirlik sisteminin tan\u0131t\u0131lmas\u0131. \u00dcretici tan\u0131mlamas\u0131n\u0131n otomatikle\u015ftirilmesi<\/li>\n<\/ul>\n<p>JA Kitasorachi Hokuryu \u015eubesi\/Tar\u0131msal \u00dcr\u00fcn \u00dcretim Bilgilendirme Bildirimi JAS web sitesinde ay\u00e7i\u00e7e\u011fi pirincinin torbas\u0131 \u00fczerinde yaz\u0131l\u0131 parti numaras\u0131n\u0131 girerek \u00fcreticinin ad\u0131, foto\u011fraf\u0131, hasat tarihi, kullan\u0131lan pestisit ve g\u00fcbrelerin adlar\u0131, kullan\u0131m say\u0131s\u0131 ve miktarlar\u0131 ve pirin\u00e7 tarlalar\u0131n\u0131n haritas\u0131 gibi ayr\u0131nt\u0131l\u0131 \u00fcr\u00fcn bilgilerine ula\u015fabilirsiniz.<\/p>\n<div class=\"img-move\"><figure id=\"attachment_46742\" class=\"wp-caption aligncenter\"><a href=\"http:\/\/www.hokuryu-mai.com\/\" target=\"_blank\" rel=\"noopener\"><img decoding=\"async\" src=\"https:\/\/lh3.googleusercontent.com\/pw\/AP1GczONgJqbqTsnoEncGxUo1UOcimd0wsaTcYeC2lrP7Me4q64_IN9M7q5x7vkFbQqhxfvNwJvTudflAHBII6NDSOYwNnh9O82C3EXwTVkUePqxYSpVNRVrNizd_e7DNaxnkRakoCjg7Xj4XDOveIcoWE-g=w952-h346-s-no-gm?authuser=0\" alt=\"JA Kitasorachi Hokuryu \u015eube Ofisi - \u00dcretim Bilgi A\u00e7\u0131klamas\u0131 Tar\u0131m \u00dcr\u00fcnleri JAS Ana Sayfas\u0131\" width=\"1500\" class=\"size-full wp-image-46742\" style=\"border:solid 1px blue\"\/><figcaption class=\"wp-caption-text\">JA Kitasorachi Hokuryu \u015eube Ofisi - \u00dcretim Bilgi A\u00e7\u0131klamas\u0131 Tar\u0131m \u00dcr\u00fcnleri JAS Ana Sayfas\u0131<\/a><\/figcaption><\/figure>\n<figure id=\"attachment_46742\" class=\"wp-caption aligncenter\"><a href=\"http:\/\/www.hokuryu-mai.com\/\" target=\"_blank\" rel=\"noopener\"><img decoding=\"async\" src=\"https:\/\/portal.hokuryu.info\/wp\/wp-content\/uploads\/2024\/06\/6fd5afe0ab8540331d0934ca56ca77b8-scaled.jpg\" alt=\"JA Kitasorachi Hokuryu \u015eube Ofisi - \u00dcretim Bilgi A\u00e7\u0131klamas\u0131 Tar\u0131m \u00dcr\u00fcnleri JAS Ana Sayfas\u0131\" width=\"500\" class=\"size-full wp-image-46742\" style=\"border:solid 1px blue\"\/><figcaption class=\"wp-caption-text\">JA Kitasorachi Hokuryu \u015eube Ofisi - \u00dcretim Bilgi A\u00e7\u0131klamas\u0131 Tar\u0131m \u00dcr\u00fcnleri JAS Ana Sayfas\u0131<\/a><\/figcaption><\/figure><\/div>\n<p>\u00c7ift\u00e7iler taraf\u0131ndan kurutularak tesise getirilen esmer pirin\u00e7, ilk \u00f6nce JA Kitasorachi personeli taraf\u0131ndan &quot;g\u00f6n\u00fcll\u00fc denetime&quot; tabi tutuluyor. Muayene makinesi protein i\u00e7eri\u011fini, tane b\u00fcy\u00fckl\u00fc\u011f\u00fcn\u00fc vb. belirler ve bilgiler bilgisayar taraf\u0131ndan i\u015flenir.<\/p>\n<h5>Kahverengi pirin\u00e7 i\u00e7in kabul kriterleri<\/h5>\n<ul>\n<li>Protein de\u011feri (4 kategori), tam tah\u0131l (4 kategori)<\/li>\n<li>Ayarlama s\u0131ralamas\u0131 (5 kategori), \u00e7e\u015fitlilik (13 kategori)<\/li>\n<li>\u00dcr\u00fcn Tan\u0131mlama Numaras\u0131 (8 kategori) Genel Yeti\u015ftirme (\u00e7e\u015fide g\u00f6re)<\/li>\n<li>Organik JAS (\u00e7e\u015fide g\u00f6re) \u00d6zel yeti\u015ftirme (\u00e7e\u015fide g\u00f6re)<br \/>\n\u3000<\/li>\n<li>Yeti\u015ftirme kategorisi x protein x tane boyutu x ayarlama s\u0131ralamas\u0131 = sevkiyat i\u00e7in 3.500 \u00e7e\u015fit pirin\u00e7 mevcuttur<\/li>\n<li>Ger\u00e7ek sonu\u00e7larda, teslim an\u0131nda ay\u0131klama s\u0131ras\u0131nda 335 \u00e7e\u015fit gl\u00fctensiz pirin\u00e7 ve 29 \u00e7e\u015fit gl\u00fctenli pirin\u00e7 toplanm\u0131\u015ft\u0131r.<\/li>\n<li>Sat\u0131\u015fta 115 \u00e7e\u015fit pirin\u00e7 bulunmaktad\u0131r (103 \u00e7e\u015fit gl\u00fctensiz pirin\u00e7 ve 12 \u00e7e\u015fit gl\u00fctenli pirin\u00e7).<\/li>\n<\/ul>\n<h5>E\u015fyalar\u0131 ay\u0131rmak ve toplamak i\u00e7in neden bu kadar u\u011fra\u015f\u0131yorsunuz?<\/h5>\n<ol>\n<li>\u00dcreticiler a\u00e7\u0131s\u0131ndan bak\u0131ld\u0131\u011f\u0131nda, bu kadar emek vererek yeti\u015ftirdikleri pirincin s\u0131n\u0131fland\u0131r\u0131lmas\u0131 \u00f6d\u00fcllendirici bir durum. Bu durum JA&#039;n\u0131n tahsilat oran\u0131n\u0131n da artmas\u0131na yol a\u00e7acakt\u0131r.<\/li>\n<li>T\u00fcketici a\u00e7\u0131s\u0131ndan bak\u0131ld\u0131\u011f\u0131nda \u00e7e\u015fitli ihtiya\u00e7lara cevap verebilen bir \u00fcretim alan\u0131 olarak kabul edilmektedir.<\/li>\n<\/ol>\n<h4>Ay\u00e7i\u00e7e\u011fi pirincinin \u00f6zellikleri (o g\u00fcn da\u011f\u0131t\u0131lan bro\u015f\u00fcrden)<\/h4>\n<ol>\n<li>Hokkaido&#039;daki pirin\u00e7 \u00e7ift\u00e7ilerinin kalitesi y\u00fcksek ve d\u00fcr\u00fcst olmak gerekirse, tat a\u00e7\u0131s\u0131ndan neredeyse hi\u00e7bir fark yok.<\/li>\n<li>JA Kitasorachi Hokuryu \u015eubesi&#039;nde en kaliteli pirin\u00e7ler se\u00e7iliyor ve sadece tad\u0131 etkiledi\u011fi s\u00f6ylenen protein i\u00e7eri\u011fi standard\u0131n\u0131 kar\u015f\u0131layan pirin\u00e7ler &quot;Ay\u00e7i\u00e7ekli Pirin\u00e7&quot; olarak g\u00f6nderiliyor. Dolay\u0131s\u0131yla lezzette herhangi bir farkl\u0131l\u0131k olmuyor ve d\u00fc\u015f\u00fck s\u0131cakl\u0131ktaki depolarda saklanan pirin\u00e7ler, yeni hasat edilmi\u015f pirin\u00e7lerle ayn\u0131 lezzette teslim edilebiliyor.<\/li>\n<li>Tesiste toplanan pirincin tamam\u0131 renk ay\u0131rma makinesinde yabanc\u0131 maddelerden ar\u0131nd\u0131r\u0131larak paketleniyor, b\u00f6ylece hem lezzetli hem de g\u00fcvenli pirin\u00e7 elde ediliyor.<\/li>\n<\/ol>\n<h3>G\u00f6r\u00fc\u015f al\u0131\u015fveri\u015fi: Ak\u0131ll\u0131 tar\u0131mda GPS kullan\u0131m\u0131<\/h3>\n<p><strong>\u2742 Bay Nagai, Hokuryu B\u00f6lgesi Temsilci M\u00fcd\u00fcr\u00fc<\/strong>&quot;\u00dclke \u00e7ap\u0131nda \u00fcretici say\u0131s\u0131 azal\u0131rken, art\u0131k emek tasarrufu ve y\u00fcksek kaliteli \u00fcretim sa\u011flayacak ak\u0131ll\u0131 tar\u0131m\u0131 benimseme konumunday\u0131z. Bu kasaba da\u011flarla \u00e7evrilidir ve orta ve da\u011fl\u0131k alanlarda k\u0131vr\u0131ml\u0131 alanlar vard\u0131r, bu nedenle ICT tan\u0131t\u0131l\u0131rsa GPS sinyallerini g\u00fcvence alt\u0131na almak \u015fu anda zordur.<br \/>\nBu baharda pirin\u00e7 ekim mevsiminde GPS&#039;in bozulmas\u0131na neden olan bir olay ya\u015fand\u0131. G\u00fcne\u015f parlamas\u0131 sonucu meydana geldi\u011fi s\u00f6yleniyor. &quot;Araban\u0131n normalden farkl\u0131 davrand\u0131\u011f\u0131, d\u00fcz bir \u00e7izgide hareket etmek yerine zikzak \u00e7izdi\u011fi, daha sonra durdu\u011fu ve ayarlar\u0131n kesildi\u011fi yakla\u015f\u0131k 10 durum vard\u0131.&quot;<\/p>\n<p><strong>\u2742 Y\u00f6netmen Hirakata<\/strong>&quot;\u015eu anda toplam lokasyonlar\u0131n\u0131z\u0131n ne kadar\u0131nda GPS kullanabiliyorsunuz?&quot;<\/p>\n<p><strong>\u2742 Bay Nagai, Hokuryu B\u00f6lgesi Temsilci M\u00fcd\u00fcr\u00fc<\/strong>&quot;Bence alan\u0131n yakla\u015f\u0131k &#039;\u0131 normal d\u00fcz arazide kullan\u0131labilir. Sadece y\u00fcksekli\u011fi \u00f6l\u00e7en bir GPS ile bunun &#039;den az oldu\u011funu d\u00fc\u015f\u00fcn\u00fcyorum.&quot;<\/p>\n<p><strong>\u2742 Y\u00f6netmen Hirakata<\/strong>&quot;Tren penceresinden manzaraya bakt\u0131\u011f\u0131mda, b\u00fcy\u00fck tar\u0131m arazileri oldu\u011funu g\u00f6rebiliyordum ve bunlar\u0131 d\u00fczeltmek i\u00e7in \u00e7ok fazla i\u015f gerekecek gibi g\u00f6r\u00fcn\u00fcyordu. Baz istasyonlar\u0131n\u0131n kurulumunun sadece Tar\u0131m, Ormanc\u0131l\u0131k ve Bal\u0131k\u00e7\u0131l\u0131k Bakanl\u0131\u011f\u0131 taraf\u0131ndan de\u011fil, ayn\u0131 zamanda yerel y\u00f6netimler ve di\u011fer tar\u0131m d\u0131\u015f\u0131 kurulu\u015flar \u00fczerinde yetkisi olan \u0130\u00e7i\u015fleri ve \u0130leti\u015fim Bakanl\u0131\u011f\u0131 taraf\u0131ndan da yap\u0131lmas\u0131 gerekti\u011fini d\u00fc\u015f\u00fcn\u00fcyorum. Bu konular\u0131n fark\u0131nda olarak ele almak istiyorum.&quot;<\/p>\n<h3>Honoka Tar\u0131m Kooperatifi Hakk\u0131nda: \u0130\u015fletmenin genel g\u00f6r\u00fcn\u00fcm\u00fc: Toshimitsu Yamada, temsilci ve g\u00fcn i\u00e7inde da\u011f\u0131t\u0131lan materyaller taraf\u0131ndan yap\u0131lan a\u00e7\u0131klama<\/h3>\n<p>&quot;Honoka Tar\u0131m Kooperatifi Birli\u011fi 2012 y\u0131l\u0131nda be\u015f \u00e7iftli\u011fin birle\u015ferek pirin\u00e7 tar\u0131m\u0131nda ortak \u00e7al\u0131\u015fma ve muhasebe faaliyetlerine ba\u015flamas\u0131yla \u015firketle\u015fmeyi hedeflemi\u015ftir.<\/p>\n<p>\u015eirket, 2014 y\u0131l\u0131nda Hukuk B\u00fcrosu&#039;na tescil edilerek kuruldu. O d\u00f6nemde \u00f6denen tevsiiye bedeli ihtiyat ak\u00e7esi olarak kullan\u0131ld\u0131. Meyve sebze yeti\u015ftiricili\u011fine de ba\u015flad\u0131k ve \u00fc\u00e7 y\u0131l i\u00e7erisinde ay\u00e7i\u00e7e\u011fi konusunda uzmanla\u015fm\u0131\u015f e\u015fsiz bir \u015firket haline geldik. Ba\u015flang\u0131\u00e7ta 150 milyon yen civar\u0131nda olan gelir, \u015fu anda 250 milyon yen&#039;i a\u015fm\u0131\u015f durumda. Genel olarak giderler y\u00fcksek, gelirler ise az. &quot;Karl\u0131 de\u011fil (g\u00fcl\u00fcyor)&quot; diyor Yamada.<\/p>\n<h4>Tar\u0131msal kooperatif kurulu\u015fu nedir?<\/h4>\n<p>Tar\u0131msal \u00fcretim \u015firketleri aras\u0131nda tar\u0131msal kooperatif \u015firketleri, \u015firketlerden farkl\u0131 bir sistem ve yap\u0131ya sahip olup e\u015fitlik ilkesine dayal\u0131 kooperatiflerdir.<\/p>\n<h4>\u00dcyeler<\/h4>\n<ul>\n<li><strong>Yat\u0131r\u0131mc\u0131 \u00fcyeler:<\/strong>9 ki\u015fi<\/li>\n<li><strong>Yeni \u00e7ift\u00e7iler:<\/strong>5 ki\u015fi<\/li>\n<li><strong>erkek:<\/strong>10 ki\u015fi (2&#039;si 20&#039;li ya\u015flarda, 2&#039;si 30&#039;lu ya\u015flarda, 2&#039;si 40&#039;l\u0131 ya\u015flarda, 1&#039;i 50&#039;li ya\u015flarda, 3&#039;\u00fc 60&#039;l\u0131 ya\u015flarda)<\/li>\n<li><strong>kad\u0131n:<\/strong>8 ki\u015fi (20&#039;li ya\u015flardan 60&#039;l\u0131 ya\u015flara kadar)<\/li>\n<li>Di\u011fer yar\u0131 zamanl\u0131 i\u015fler<\/li>\n<\/ul>\n<h4>2020 y\u0131l\u0131nda ekili alan: 17.318a (yakla\u015f\u0131k 4km x 4km)<\/h4>\n<ul>\n<li><strong>\u00c7eltik:<\/strong>12.268a<\/li>\n<li><strong>Soya fasulyesi:<\/strong>960a<\/li>\n<li><strong>Sonbahar bu\u011fday\u0131:<\/strong>442a<\/li>\n<li><strong>Ay\u00e7i\u00e7e\u011fi Yenilebilirleri:<\/strong>187a<\/li>\n<li><strong>Ay\u00e7i\u00e7ek ya\u011f\u0131 i\u00e7in:<\/strong>357a<\/li>\n<li><strong>Manzara Ay\u00e7i\u00e7e\u011fi:<\/strong>148a<\/li>\n<li><strong>Ev Kavunu:<\/strong>135a<\/li>\n<li><strong>Dar\u0131:<\/strong>406a<\/li>\n<li><strong>Ye\u015fil g\u00fcbre, \u00f6rt\u00fc alt\u0131 vb.:<\/strong>1.170a<\/li>\n<li><strong>sebzeler :<\/strong>28a<\/li>\n<li><strong>Toplam :<\/strong>17.318a<br \/>\nYakla\u015f\u0131k 4km x 4km = 340 Tokyo Kubbesi\n<\/li>\n<\/ul>\n<h4>Mart-Ekim aylar\u0131 aras\u0131ndaki ana aktiviteler<\/h4>\n<ul>\n<li>\u00dcniversite \u00f6\u011frencileriyle tar\u0131msal deneyim payla\u015f\u0131m\u0131<\/li>\n<li>Muayene ve hasat deneyimi<\/li>\n<li>Tar\u0131m stajyeri kabul\u00fc<\/li>\n<li>K\u0131zlar\u0131n bulu\u015fmas\u0131\/y\u00fczme<\/li>\n<li>\u00c7iftlik i\u015fleri ve ara s\u0131ra barbek\u00fcler<\/li>\n<\/ul>\n<h4>Honoka Tar\u0131m Kooperatifi Derne\u011fi&#039;nin Instagram&#039;\u0131ndan al\u0131nt\u0131<a href=\"https:\/\/www.instagram.com\/honoka.hokuryu\/\" rel=\"noopener\" target=\"_blank\">(Instagram burada &gt;&gt;)<\/a><\/h4>\n<div class=\"img-move\">\n<h5><a href=\"https:\/\/www.instagram.com\/reel\/C4-GxGNB2BA\/?utm_source=ig_web_copy_link&#038;igsh=MzRlODBiNWFlZA==\" target=\"_blank\" rel=\"noopener\">Mart: Vinil seralara \u00e7ad\u0131r kurulumu. \u00dcyelerin birlikte \u00e7al\u0131\u015fmas\u0131 verimlili\u011fi art\u0131r\u0131r.<\/a><\/h5>\n<figure class=\"wp-caption aligncenter\"><a href=\"https:\/\/www.instagram.com\/reel\/C4-GxGNB2BA\/?utm_source=ig_web_copy_link&#038;igsh=MzRlODBiNWFlZA==\" target=\"_blank\" rel=\"noopener\"><img decoding=\"async\" src=\"https:\/\/lh3.googleusercontent.com\/pw\/AP1GczNApdDI0ZMnT3ttAkzv5KFb_YSXexuH1PUwcAOfD3Nyorp0IwCMLmFx0OjoCeUVbHQjoZ07Z0lVoObWvQxySng_2T5ktaaX1EIoqWUYl_BoWGSrUa7tAAVbFDnleAISEOCqpx_4NFOwMqEpP1QFRMO0=w798-h1462-s-no-gm?authuser=0\" width=\"500\" alt=\"Vinil seralarda \u00e7ad\u0131r kurulumu Mart\" class=\"size-full\" \/><figcaption class=\"wp-caption-text\">Mart: Serada \u00e7ad\u0131rlar\u0131n kurulmas\u0131<\/a><\/figcaption><\/figure>\n<h5><a href=\"https:\/\/www.instagram.com\/p\/Cr-l67mhVbC\/?utm_source=ig_web_copy_link&#038;igsh=MzRlODBiNWFlZA==\" target=\"_blank\" rel=\"noopener\">May\u0131s: Honoka kiraz \u00e7i\u00e7e\u011fi izleme partisi (Mihoushi Tap\u0131na\u011f\u0131&#039;nda) Kalpleri \u0131s\u0131tan, dost canl\u0131s\u0131, aile s\u0131cakl\u0131\u011f\u0131nda bir kiraz \u00e7i\u00e7e\u011fi izleme partisi.<\/a><\/h5>\n<figure class=\"wp-caption aligncenter\"><a href=\"https:\/\/www.instagram.com\/p\/Cr-l67mhVbC\/?utm_source=ig_web_copy_link&#038;igsh=MzRlODBiNWFlZA==\" target=\"_blank\" rel=\"noopener\"><img decoding=\"async\" src=\"https:\/\/lh3.googleusercontent.com\/pw\/AP1GczPN0mICJJ71s0WV9z2S5NwFAgvcBfwDVTJvLIsD-OCW9iWvmCAQboL858ezBF3DTP54_K_6JLZUupsudH4cnQlpny10-LoVdXgrHpH2TNhqFX1S5ZujZBLxGssXdk19r5rYaDFp7jORvgRgPxf-Ow8M=w1270-h990-s-no-gm?authuser=0\" width=\"1270\" height=\"990\" alt=\"May\u0131s: Honoka kiraz \u00e7i\u00e7e\u011fi izleme k\u0131zlar\u0131n\u0131n bulu\u015fmas\u0131 (Mihoushi Tap\u0131na\u011f\u0131&#039;nda)\" class=\"size-full\" \/><figcaption class=\"wp-caption-text\">May\u0131s: Honoka kiraz \u00e7i\u00e7e\u011fi izleme k\u0131zlar\u0131n\u0131n bulu\u015fmas\u0131 (Mihoushi Tap\u0131na\u011f\u0131&#039;nda)<\/a><\/figcaption><\/figure>\n<h5><a href=\"https:\/\/www.instagram.com\/p\/CtJF_heB5jL\/?utm_source=ig_web_copy_link&#038;igsh=MzRlODBiNWFlZA==\" target=\"_blank\" rel=\"noopener\">May\u0131s: Pirin\u00e7 ekimi ve pirin\u00e7 dikimi takdir partisi, birlik ve beraberlikle yap\u0131lan \u00e7al\u0131\u015fmalar\u0131n ard\u0131ndan takdir partisi<\/a><\/h5>\n<figure class=\"wp-caption aligncenter\"><a href=\"https:\/\/www.instagram.com\/p\/CtJF_heB5jL\/?utm_source=ig_web_copy_link&#038;igsh=MzRlODBiNWFlZA==\" target=\"_blank\" rel=\"noopener\"><img decoding=\"async\" src=\"https:\/\/lh3.googleusercontent.com\/pw\/AP1GczMeaBZm2ZYn0hd05anEscPlT517FGXNAaBGOM56ss4ygDYwcdvVgFe_R-8Cw1_-aexIcENathbjLZkG0WTHZT9CE7E3VXgctylPpSH1o8efspJruA5gN-6U0hAfkF6CZuFDMFDXXs3pf73OspnHskYT=w1288-h976-s-no-gm?authuser=0\" width=\"1288\" height=\"976\" alt=\"May\u0131s: Pirin\u00e7 ekimi ve dikim kutlamas\u0131\" class=\"size-full\" \/><figcaption class=\"wp-caption-text\">May\u0131s: Pirin\u00e7 ekimi ve dikim kutlamas\u0131<\/a><\/figcaption><\/figure>\n<h5><a href=\"https:\/\/www.instagram.com\/p\/CwjkFeVB13m\/?utm_source=ig_web_copy_link&#038;igsh=MzRlODBiNWFlZA==\" target=\"_blank\" rel=\"noopener\">A\u011fustos: Honoka k\u0131zlar\u0131 Bon Odori festivali i\u00e7in giyinip sanal Bon Odori festivaline kat\u0131l\u0131yor.<\/a><\/h5>\n<figure class=\"wp-caption aligncenter\"><a href=\"https:\/\/www.instagram.com\/p\/CwjkFeVB13m\/?utm_source=ig_web_copy_link&#038;igsh=MzRlODBiNWFlZA==\" target=\"_blank\" rel=\"noopener\"><img decoding=\"async\" src=\"https:\/\/lh3.googleusercontent.com\/pw\/AP1GczMf7jU7EWpN-BVmHKurR-KFh-VOVywGPpRFE8KvqdUj0XmZT0pOElBgPYsYS-H3yV-dVoYRpHu_F-RTJ7X6pfepDlc8RdJhbRE5akv5OJhrr_XNjZYhEAw74IJSx2eJ_qwzRtKTQovQ6ke2m8FcZ52a=w1284-h980-s-no-gm?authuser=0\" width=\"1284\" height=\"980\" alt=\"A\u011fustos: Honoka k\u0131zlar\u0131yla Bon Odori festivali\" class=\"size-full\" \/><figcaption class=\"wp-caption-text\">A\u011fustos: Honoka k\u0131zlar\u0131yla Bon Odori festivali<\/a><\/figcaption><\/figure>\n<h5><a href=\"https:\/\/www.instagram.com\/p\/C1f-4cFBAxE\/?utm_source=ig_web_copy_link&#038;igsh=MzRlODBiNWFlZA==\" target=\"_blank\" rel=\"noopener\">Aral\u0131k: \u00dcyelerin gezisi - ailece e\u011flenen \u00fcyelerin g\u00fcl\u00fcmseyen y\u00fczleri<\/a><\/h5>\n<figure class=\"wp-caption aligncenter\"><a href=\"https:\/\/www.instagram.com\/p\/C1f-4cFBAxE\/?utm_source=ig_web_copy_link&#038;igsh=MzRlODBiNWFlZA==\" target=\"_blank\" rel=\"noopener\"><img decoding=\"async\" src=\"https:\/\/lh3.googleusercontent.com\/pw\/AP1GczNQsJtVWIXjnk_Q3uVAx0F63btPzp_LEqkFsFuWz47bqbewQE7Tl84wqXwFwLS81jMbxIfAcOXiBU-AzndMyR_yqNf8UQDMJnWkxQqwBguH2vHbu9CeHRuzKLLwPb_rQ-ztw6ySo0dyxJWI7SU9uZPQ=w1262-h976-s-no-gm?authuser=0\" width=\"1262\" height=\"976\" alt=\"Aral\u0131k: Sendika \u00fcyesi gezisi\" class=\"size-full\" \/><figcaption class=\"wp-caption-text\">Aral\u0131k: Sendika \u00fcyesi gezisi<\/a><\/figcaption><\/figure><\/div>\n<h4>T\u00fcm gen\u00e7lere mesaj (Da\u011f\u0131t\u0131m notundan)<\/h4>\n<p><span style=\"font-size:+1;\"><strong>Pirin\u00e7 tarlalar\u0131 ve \u00e7iftlikleri g\u0131da \u00fcretim fabrikalar\u0131 de\u011fildir. Tar\u0131m, bir montaj hatt\u0131nda araba veya televizyon \u00fcretmeye benzemez.<\/p>\n<p>B\u00fcy\u00fckbabalar\u0131n, b\u00fcy\u00fckannelerin, e\u015flerin ve \u00e7ocuklar\u0131n bilgeliklerini, bedenlerini ve zihinlerini kullanarak yiyecek yeti\u015ftirdikleri, g\u00fcne\u015fin, suyun ve topra\u011f\u0131n nimetlerinden yararland\u0131klar\u0131, bazen de do\u011fayla m\u00fccadele ettikleri, ya\u015fayan, nefes alan bir sekt\u00f6rd\u00fcr.<\/p>\n<p>\u00c7ift\u00e7iler toplumu yarat\u0131r. K\u0131rsal\u0131 korumak. Orada bulunan insanlar\u0131 besliyoruz.<\/p>\n<p>Honoka, tar\u0131m yoluyla kendimizi, \u00e7evremizdeki insanlar\u0131, do\u011fal \u00e7evremizi ve Hokuryu kasabas\u0131n\u0131 koruma ve besleme amac\u0131yla kuruldu.<\/strong><\/span><\/p>\n<h3>g\u00f6r\u00fc\u015f al\u0131\u015fveri\u015fi<\/h3>\n<p><strong>\u2742 Y\u00f6netmen Hirakata<\/strong>&quot;Bay Honoka, erkeklerin ya\u015f da\u011f\u0131l\u0131m\u0131 iyi dengelenmi\u015f ve kasaban\u0131n d\u0131\u015f\u0131ndan gelen gen\u00e7ler \u00e7ift\u00e7ili\u011fe ba\u015fl\u0131yor. Yeni bir \u00e7iftlik kurmak cesaret ister, peki bu insanlar\u0131n buraya yerle\u015fip \u00e7ift\u00e7ili\u011fe ba\u015flamalar\u0131n\u0131n s\u0131rr\u0131 nedir?&quot;<\/p>\n<p><strong>\u2742 Shigeki Mizutani, eski Honoka temsilcisi<\/strong>&quot;Gen\u00e7lerin burada \u00e7al\u0131\u015fmak istedi\u011fini d\u00fc\u015f\u00fcn\u00fcyorum \u00e7\u00fcnk\u00fc e\u011flenceli. E\u011fitim ve \u00f6\u011frenim i\u00e7in buraya gelen gen\u00e7lerin neredeyse hepsi burada \u00e7al\u0131\u015fmak istediklerini s\u00f6yl\u00fcyor. Hokkaido&#039;daki tar\u0131msal istihdam oran\u0131 d\u00fc\u015f\u00fck, ancak burada y\u00fcksek. Her y\u0131l tar\u0131m\u0131 gen\u00e7 nesille bulu\u015fturmaya \u00e7al\u0131\u015f\u0131yoruz.&quot;<\/p>\n<p><strong>\u2742 Y\u00f6netmen Hirakata<\/strong>&quot;Temel Kanun&#039;da yap\u0131lan son de\u011fi\u015fiklikle, m\u00fcmk\u00fcn oldu\u011funca \u00e7ok pirin\u00e7, bu\u011fday, soya fasulyesi ve di\u011fer mahsulleri yurti\u00e7inde \u00fcretmeye y\u00f6nelik bir hareket var. Ayr\u0131ca kompost gibi g\u00fcbreleri yeniden g\u00f6zden ge\u00e7irmeye y\u00f6nelik bir hareket de var.<\/p>\n<p>\u015eu anda 1,2 milyon ki\u015fi olan tar\u0131msal i\u015f g\u00fcc\u00fcn\u00fcn, 2040 y\u0131l\u0131na kadar mevcut rakam\u0131n d\u00f6rtte biri olan 300 bine d\u00fc\u015fece\u011fi tahmin ediliyor.<\/p>\n<p>Gelecekte s\u00f6zle\u015fmeli i\u015f yapan tar\u0131msal destek hizmet \u00f6rg\u00fctlerinin ciddi \u015fekilde geli\u015ftirilmesi ve desteklenmesi gerekti\u011fine inan\u0131yorum.<\/p>\n<p>Bug\u00fcn buna ak\u0131ll\u0131 tar\u0131m deniyor ama pahal\u0131. Ekipmanlar s\u00fcrekli olarak yenilendi\u011fi i\u00e7in bireysel \u00e7ift\u00e7ilerin yeni ekipman sat\u0131n almas\u0131n\u0131 sa\u011flamak zor olacakt\u0131r.<\/p>\n<p>Gelecekte, \u00e7iftliklerin sadece ekim, ila\u00e7lama, hasat vb. i\u015fleri \u00fcstlendi\u011fi, son teknoloji ak\u0131ll\u0131 tar\u0131m makinelerinin kullan\u0131lmas\u0131na do\u011fru bir e\u011filim olaca\u011f\u0131n\u0131 d\u00fc\u015f\u00fcn\u00fcyorum.<\/p>\n<p>Honoka&#039;n\u0131n rol\u00fc y\u00f6neticilik olacak ama bunun k\u0131smi s\u00f6zle\u015fmeli i\u015fe d\u00f6n\u00fc\u015febilece\u011fini veya \u00e7al\u0131\u015fan yeti\u015ftirme s\u00fcrecine de ge\u00e7ebilece\u011fini d\u00fc\u015f\u00fcn\u00fcyorum.<\/p>\n<p>\u015eimdiye kadar tar\u0131m i\u015fletmelerine makine getirilmesinde a\u011f\u0131rl\u0131kl\u0131 olarak destek veriliyordu ancak bundan sonra s\u00f6zle\u015fmeli i\u015f yapan kurulu\u015flara da makine getirilmesinde aktif olarak destek sa\u011flayaca\u011f\u0131z.<\/p>\n<p>Ayr\u0131ca Ak\u0131ll\u0131 Tar\u0131m Teknolojileri Te\u015fvik Yasas\u0131 kapsam\u0131nda \u00f6n\u00fcm\u00fczdeki y\u0131l finansal vergi sistemleriyle destek sa\u011flanmas\u0131na olanak sa\u011flayacak bir d\u00fczenlemenin hayata ge\u00e7irilmesi planlan\u0131yor. &quot;Tar\u0131msal destek hizmeti kurulu\u015flar\u0131n\u0131 g\u00fc\u00e7lendirmemiz gerekti\u011fini d\u00fc\u015f\u00fcn\u00fcyorum.&quot;<\/p>\n<p><strong>\u2742 Mizutani<\/strong>&quot;\u015eirketi ilk kurdu\u011fumuzda s\u00f6zle\u015fmeli i\u015f almay\u0131 d\u00fc\u015f\u00fcn\u00fcyorduk ancak \u015firket b\u00fcy\u00fcd\u00fck\u00e7e art\u0131k tamamen kendi i\u015flerimizle me\u015fgul\u00fcz.&quot;<\/p>\n<p><strong>\u2742 Hiroki Yoshioka, Ba\u015fkan (Hokuryu Kasabas\u0131 Tar\u0131m Komitesi)<\/strong>&quot;Fidan dikme talepleri al\u0131yoruz, ancak zaten kendi i\u015fimizle tamamen me\u015fgul\u00fcz. \u00dc\u00e7\u00fcnc\u00fc sekt\u00f6r gibi kurulu\u015flardan bu i\u015fi yapmalar\u0131n\u0131 istemezsek zorla\u015fabilir.&quot;<\/p>\n<p><strong>\u2742 Y\u00f6netmen Hirakata<\/strong>&quot;Ge\u00e7ti\u011fimiz 30 y\u0131lda Hokkaido&#039;nun pirin\u00e7 \u00e7ift\u00e7ilerinin standard\u0131 \u00f6nemli \u00f6l\u00e7\u00fcde iyile\u015fti. Yumepirika, Fukkuriinko veya Kirara olsun, t\u00fcm pirin\u00e7ler lezzetli ve bunun ger\u00e7ekten harika bir \u00e7aba oldu\u011funu d\u00fc\u015f\u00fcn\u00fcyorum.<\/p>\n<p>Honoka&#039;n\u0131n en g\u00fczel yan\u0131, sadece \u00e7ift\u00e7ilik gelene\u011fini s\u00fcrd\u00fcrecek ikinci ve \u00fc\u00e7\u00fcnc\u00fc nesil \u00e7ift\u00e7ileri yeti\u015ftirmesi de\u011fil, ayn\u0131 zamanda tar\u0131m hakk\u0131nda hi\u00e7bir \u015fey bilmeyen ancak \u00e7ift\u00e7ili\u011fi denemek isteyen Hokkaido d\u0131\u015f\u0131ndan insanlar\u0131 da \u00e7ekmesi ve e\u011fitmesidir.<\/p>\n<p>Herkesin Japonya&#039;ya g\u0131da \u00fcretmek i\u00e7in birlikte \u00e7al\u0131\u015fmas\u0131n\u0131 ve \u00e7ok say\u0131da insan\u0131n \u00e7ift\u00e7i olmas\u0131n\u0131 umuyoruz. Ve ben onlar\u0131 desteklemek istiyorum.&quot;<\/p>\n<h4>Saha denetimi<\/h4>\n<p>Zaman\u0131m\u0131z k\u0131s\u0131tl\u0131 oldu\u011fu i\u00e7in sohbeti sonland\u0131r\u0131p ofisin yan\u0131ndaki dar\u0131 tarlas\u0131nda toprakla bulu\u015farak bir tur att\u0131k.<\/p>\n<figure class=\"wp-caption aligncenter\"><a href=\"https:\/\/photos.google.com\/share\/AF1QipNAsShBiibRysYgsOw8svZnvBjAFPnKGej1jCy7-5wkYWOlUNBGSKmFNzjQDEWwOA\/photo\/AF1QipNIJLzc8rn9JPRj9SvAqH_BjJhxJn046698lhk?key=eGktS2Nac0JzSU8zVWRDNGFveDNYcFdiNnBLNWt3\" target=\"_blank\" rel=\"noopener\"><img decoding=\"async\" src=\"https:\/\/lh3.googleusercontent.com\/pw\/AP1GczM1N-122lJ3g9SfvXlgA22QCAh_RB8Nd0FyJcpGjVLR9YNyJI4d4_Wufhf1ILtGGkGjKeZkTFqJUnPAigCrEas2JcZRa9ZEwZCR8-G-bcvesh4cYN9k94mA26L8E0yP-rwZSwZZQDcxWoje1b9XZEqu=w2000-h1500-s-no-gm?authuser=0\" width=\"2000\" height=\"1500\" alt=\"Pirin\u00e7 tarlalar\u0131n\u0131n topra\u011f\u0131n\u0131 teninizle hissedin. . .\" class=\"size-full\" \/><\/a><figcaption class=\"wp-caption-text\">Pirin\u00e7 tarlalar\u0131n\u0131n topra\u011f\u0131n\u0131 teninizle hissedin. . .<\/figcaption><\/figure>\n<figure class=\"wp-caption aligncenter\"><a href=\"https:\/\/photos.google.com\/share\/AF1QipNAsShBiibRysYgsOw8svZnvBjAFPnKGej1jCy7-5wkYWOlUNBGSKmFNzjQDEWwOA\/photo\/AF1QipN5YuiMYsUZMbisTqlXt7tQQ7sDn2N3IMKz6EI?key=eGktS2Nac0JzSU8zVWRDNGFveDNYcFdiNnBLNWt3\" target=\"_blank\" rel=\"noopener\"><img decoding=\"async\" src=\"https:\/\/lh3.googleusercontent.com\/pw\/AP1GczPGhvoarnLqPj-Ylgnd6eYdzPQLONcpZCe4B7EQeZBnpvO7Hwu9CitTCip0Lb_iRr5ZzrvZrvHj6a4UkZ150i_hNe0UsGkCf32RMbV662JT-8y2HHSo2qde5xzK5ixeV0nIZNZOJuiIyZxbbbbr2esP=w2000-h1500-s-no-gm?authuser=0\" width=\"2000\" height=\"1500\" alt=\"Saha ziyareti\" class=\"size-full\" \/><\/a><figcaption class=\"wp-caption-text\">Saha ziyareti<\/figcaption><\/figure>\n<figure class=\"wp-caption aligncenter\"><a href=\"https:\/\/photos.google.com\/share\/AF1QipNAsShBiibRysYgsOw8svZnvBjAFPnKGej1jCy7-5wkYWOlUNBGSKmFNzjQDEWwOA\/photo\/AF1QipM5x-vvCWpCVqnLZFAgmmjHBPM2jiDvx1KqndM?key=eGktS2Nac0JzSU8zVWRDNGFveDNYcFdiNnBLNWt3\" target=\"_blank\" rel=\"noopener\"><img decoding=\"async\" src=\"https:\/\/lh3.googleusercontent.com\/pw\/AP1GczMXPb3kMZ1jkFmIgMAmv08u0zMEtuCfwTRqcaPBSqIIRc729FLMcT1HHVuwf1-T-d4h1Vf3D62dRJXBCjVg0EVZgjpF2dxYRRDXlWSKlgSDx5sDnpTOiwwIM54z63fcfJar-MyoCuDofWLkOXGyWV6l=w2000-h1500-s-no-gm?authuser=0\" width=\"2000\" height=\"1500\" alt=\"Yeni \u00e7ift\u00e7imiz Yamagami Miharu ile birlikte!\" class=\"size-full\" \/><\/a><figcaption class=\"wp-caption-text\">Yeni \u00e7ift\u00e7imiz Yamagami Miharu ile birlikte!<\/figcaption><\/figure>\n<figure class=\"wp-caption aligncenter\"><a href=\"https:\/\/photos.google.com\/share\/AF1QipNAsShBiibRysYgsOw8svZnvBjAFPnKGej1jCy7-5wkYWOlUNBGSKmFNzjQDEWwOA\/photo\/AF1QipMgrbBrx3LkUpqvTSmkacWwG98bMfCzRzY4Jns?key=eGktS2Nac0JzSU8zVWRDNGFveDNYcFdiNnBLNWt3\" target=\"_blank\" rel=\"noopener\"><img decoding=\"async\" src=\"https:\/\/lh3.googleusercontent.com\/pw\/AP1GczPmgAkBbnzQs77XoKEXrUaQugv2fIUL9-N7z7WCaPHieAaFNHkDni2YgzyyTRy9dQ0eYeGWpLcJVIiouPffqKdzd-GmTEKRJ7OZs1K-AKDvE7bk-acPcmGJsUr0polDd2PEYJUnNjl5sXaec9pocWZI=w2000-h1333-s-no-gm?authuser=0\" width=\"2000\" height=\"1333\" alt=\"Gelin hep birlikte hat\u0131ra foto\u011fraf\u0131 \u00e7ektirelim!\" class=\"size-full\" \/><\/a><figcaption class=\"wp-caption-text\">Gelin hep birlikte hat\u0131ra foto\u011fraf\u0131 \u00e7ektirelim!<\/figcaption><\/figure>\n<h2>Daha sonra Ay\u00e7i\u00e7e\u011fi K\u00f6y\u00fc&#039;ne do\u011fru turlamaya ge\u00e7tik!<\/h2>\n<p>Honoka Tar\u0131m Kooperatifi&#039;nin tarlalar\u0131n\u0131 inceleyen grup, Hokuryu Kasabas\u0131&#039;ndan ayr\u0131l\u0131p Asahikawa Havaalan\u0131&#039;na do\u011fru yola \u00e7\u0131kmadan \u00f6nce Ay\u00e7i\u00e7e\u011fi K\u00f6y\u00fc&#039;n\u00fc gezdi.<\/p>\n<figure class=\"wp-caption aligncenter\"><a href=\"https:\/\/photos.google.com\/share\/AF1QipNAsShBiibRysYgsOw8svZnvBjAFPnKGej1jCy7-5wkYWOlUNBGSKmFNzjQDEWwOA\/photo\/AF1QipNPBftNLZGgVj3fqgP8u-obYCWPJc4Mwy2G9Cw?key=eGktS2Nac0JzSU8zVWRDNGFveDNYcFdiNnBLNWt3\" target=\"_blank\" rel=\"noopener\"><img decoding=\"async\" src=\"https:\/\/lh3.googleusercontent.com\/pw\/AP1GczP_YPf0ObzhEB7JnahVsSWuTt4a2CS9t_573mUQu-Pd9DwmWoSJNrc0I1ZSjCzjrIek4papM9yOSFv3dvNxLSRy_kp1o_v_s2Wp6dKpNknzBXs2FxHwXyiOtP2650_jxzx97XkUm0EdTh6syXCvIfWn=w2000-h1500-s-no-gm?authuser=0\" width=\"2000\" height=\"1500\" alt=\"Ay\u00e7i\u00e7e\u011fi K\u00f6y\u00fc Ziyareti\" class=\"size-full\" \/><\/a><figcaption class=\"wp-caption-text\">Ay\u00e7i\u00e7e\u011fi K\u00f6y\u00fc Ziyareti<\/figcaption><\/figure>\n<figure class=\"wp-caption aligncenter\"><a href=\"https:\/\/photos.google.com\/share\/AF1QipNAsShBiibRysYgsOw8svZnvBjAFPnKGej1jCy7-5wkYWOlUNBGSKmFNzjQDEWwOA\/photo\/AF1QipOy0LXuuUBgJSRZrKPde_mnK9WAAhLMxBEAvY4?key=eGktS2Nac0JzSU8zVWRDNGFveDNYcFdiNnBLNWt3\" target=\"_blank\" rel=\"noopener\"><img decoding=\"async\" src=\"https:\/\/lh3.googleusercontent.com\/pw\/AP1GczP8pBJNbs5Cfwvm-mhu8q4apsem4Q9RlmnxWPAIds54jCWnmp-GBb35uLXfUrm1BEG66_ZlNhBkN3X1L5Yphgvvm9MpwK7dpfe3yFxVy0T6vNi_lWlC8IyggQQLgUjLoOIkAbxY1RacbVtVpJ2w8Se5=w2000-h1500-s-no-gm?authuser=0\" width=\"2000\" height=\"1500\" alt=\"Tomurcuklar\u0131n belirmeye ba\u015flad\u0131\u011f\u0131 Ay\u00e7i\u00e7e\u011fi K\u00f6y\u00fc\" class=\"size-full\" \/><\/a><figcaption class=\"wp-caption-text\">Tomurcuklar\u0131n belirmeye ba\u015flad\u0131\u011f\u0131 Ay\u00e7i\u00e7e\u011fi K\u00f6y\u00fc<\/figcaption><\/figure>\n<figure class=\"wp-caption aligncenter\"><a href=\"https:\/\/photos.google.com\/share\/AF1QipNAsShBiibRysYgsOw8svZnvBjAFPnKGej1jCy7-5wkYWOlUNBGSKmFNzjQDEWwOA\/photo\/AF1QipPQlxlS4vbMOBULuly8ZL-LAnYO6frSSI84deY?key=eGktS2Nac0JzSU8zVWRDNGFveDNYcFdiNnBLNWt3\" target=\"_blank\" rel=\"noopener\"><img decoding=\"async\" src=\"https:\/\/lh3.googleusercontent.com\/pw\/AP1GczOJ8l9u6b3Q7MJB9MgRlc1ZAyq0exL3sjuQ0c6LfRMJp3wOpgCES5vO4HpbgpwZV21FbGQc1C9qwrDwX32CxiB6UKchoUelZ8zFBRsSliiEaBYsJY2CVFL4dekmsoJJh2sJuUZE-Pe_UOhMajZaDart=w2000-h1500-s-no-gm?authuser=0\" width=\"2000\" height=\"1500\" alt=\"Ya\u015fam\u0131n beslendi\u011fi ay\u00e7i\u00e7e\u011fi k\u00f6y\u00fcne \u015f\u00fckranla. . .\" class=\"size-full\" \/><\/a><figcaption class=\"wp-caption-text\">Ya\u015fam\u0131n beslendi\u011fi ay\u00e7i\u00e7e\u011fi k\u00f6y\u00fcne \u015f\u00fckranla. . .<\/figcaption><\/figure>\n<p>Y\u00f6netmen Hiraga&#039;ya ve yo\u011fun programlar\u0131ndan vakit ay\u0131r\u0131p Hokuryu Kasabas\u0131&#039;na gelen, yap\u0131mc\u0131larla do\u011frudan konu\u015fan ve tarlalardaki atmosferi hisseden herkese i\u00e7ten \u015f\u00fckranlar\u0131m\u0131z\u0131 sunmak istiyoruz. Te\u015fekk\u00fcrler.<\/p>\n<p>S\u0131n\u0131rs\u0131z sevgi, minnet ve dualarla, Do\u011fa Ana&#039;n\u0131n kuca\u011f\u0131nda ya\u015fam\u0131 besleyen k\u0131ymetli tar\u0131m\u0131n ve \u00fcreticilerin tutkusunun payla\u015f\u0131ld\u0131\u011f\u0131 ve ileti\u015fim kuruldu\u011fu muhte\u015fem bir inceleme gezisiydi. . .<\/p>\n<h2>Youtube videolar\u0131<\/h2>\n<div class=\"youtube\"><iframe title=\"Tar\u0131m, Ormanc\u0131l\u0131k ve Bal\u0131k\u00e7\u0131l\u0131k Bakanl\u0131\u011f\u0131 Tar\u0131msal \u00dcretim B\u00fcrosu Genel M\u00fcd\u00fcr\u00fc Yusaku Hiragata&#039;n\u0131n, g\u00fcvenli ve emniyetli pirin\u00e7 \u00fcretimiyle \u00fcnl\u00fc Hokuryu Kasabas\u0131&#039;na yapt\u0131\u011f\u0131 ziyaret\" src=\"https:\/\/www.youtube.com\/embed\/J-sGGy08a4w?feature=oembed\" frameborder=\"0\" allow=\"accelerometer; autoplay; clipboard-write; encrypted-media; gyroscope; picture-in-picture; web-share\" referrerpolicy=\"strict-origin-when-cross-origin\" allowfullscreen><\/iframe><\/div>\n<h2>Di\u011fer foto\u011fraflar<\/h2>\n<div class=\"img-move\"><img decoding=\"async\" style=\"vertical-align: middle;\" src=\"https:\/\/ehokkaido.net\/wp-content\/uploads\/2021\/12\/2021-12-06-11.41.12.png\" \/> <a href=\"https:\/\/photos.app.goo.gl\/URhsAfnPGgX62L658\" target=\"_blank\" rel=\"noopener noreferrer\">Tar\u0131m, Ormanc\u0131l\u0131k ve Bal\u0131k\u00e7\u0131l\u0131k Bakanl\u0131\u011f\u0131 Tar\u0131m End\u00fcstrisi B\u00fcrosu M\u00fcd\u00fcr\u00fc Yusaku Hiragata ve di\u011ferlerinin ve Kurimachi&#039;nin foto\u011fraflar\u0131 (25 foto\u011fraf) burada &gt;&gt;<\/a><\/div>\n<h2>\u0130lgili Makaleler\/Siteler<\/h2>\n\n\n        <div class=\"site-blogcard-premium\">\n            <div class=\"bc-label-custom\">\u0130lgili makaleler<\/div>\n            <div class=\"bc-flex-container\">\n                <div class=\"bc-main-text\">\n                    <div class=\"bc-title-link-box\">\n                        <a href=\"https:\/\/portal.hokuryu.info\/tr\/honoka.html\/\" target=\"_blank\">Honoka Tar\u0131m Kooperatifi (Hokuryu Kasabas\u0131, Hokkaido) - Hokuryu Kasabas\u0131 Portal\u0131 (Hokkaido) - Japonya&#039;n\u0131n 1 Nolu Ay\u00e7i\u00e7e\u011fi K\u00f6y\u00fc<\/a>\n                    <\/div>\n                    <div class=\"bc-excerpt-box\">Nefes kesen bir Japon manzaras\u0131: Hokkaido&#039;nun Hokuryu kasabas\u0131ndaki &quot;Ay\u00e7i\u00e7e\u011fi K\u00f6y\u00fc&quot;. Hokkaido&#039;da pop\u00fcler bir turistik yer. L\u00fctfen en az bir kez ziyaret edin. (Pirin\u00e7 Sommelier&#039;i...).<\/div>\n                <\/div>\n                <div class=\"bc-thumbnail-box\">\n                    <a href=\"https:\/\/portal.hokuryu.info\/tr\/honoka.html\/\" target=\"_blank\">\n                        <div class=\"bc-img-zoom-wrap\">\n                            <img decoding=\"async\" src=\"https:\/\/lh3.googleusercontent.com\/ei2ILla3bvn1M1EIGj7w8mL_57aaDDl_eWOrmcQSF22JSN085g9ZPDJt5sXCktZte5lmX8P-4BeIuGFHGneOYo3m5hfbFLezVwrBaKaMbDG2iMO3EnxzXn-JPAbyhIyxNcvhyUsgCri1EML9JKWQR5Yk_lWlRXmpDeIKm9dd-1T4dwYgcBDbpEUWxp6ySVEtlJhsGk_8x1d3fwCgJmGODQEnUwyGfE0J5P09gAgaVl8RQU-SDQ0jGMBJeBZTFOEKEGLbbsvTc0q9pKS_dd_zt4svIv43ZtI67N5fL14AziceBeOC6zY9yDxIHIENOvvvO5pCW3HZM2KjSglRtvbW6mTEq5yIQRYnLhHVQCMXsDD2ersrPZO1MRyMp_0qfOZfwJP0vb1ZzOWhePeMSPF2ZCT-7rV6GjUprufYFz12hFuGOMH4PcLd9-4j3dlFSsQwaJ6AMQS8IvamH0k_iMyvp7JFL7589tzvo0GWRsDDiilCqRgHZ2C6wYjTX_iUnOtSrz6TvYqdaiQvApo-M7xUdJn5f04KRWAjyLt8isqVVasQmEcIb0D_9HwQlk5e2dQqHBwDVD6uX0NJwDgVfUCFwOR9NPekyAPYC-hdsHZoe8Z1EIQnN-74HH1XeG3N1O1Jclrgqs3k4qEI933LybRiF-TOUPlF9Do27nZ4NDnLuw=w225-h312-no\" alt=\"Honoka Tar\u0131m Kooperatifi (Hokuryu Kasabas\u0131, Hokkaido) - Hokuryu Kasabas\u0131 Portal\u0131 (Hokkaido) - Japonya&#039;n\u0131n 1 Nolu Ay\u00e7i\u00e7e\u011fi K\u00f6y\u00fc\">\n                        <\/div>\n                    <\/a>\n                <\/div>\n            <\/div>\n        <\/div>\n\u3000<br \/>\n\n        <div class=\"site-blogcard-premium\">\n            <div class=\"bc-label-custom\">\u0130lgili makaleler<\/div>\n            <div class=\"bc-flex-container\">\n                <div class=\"bc-main-text\">\n                    <div class=\"bc-title-link-box\">\n                        <a href=\"https:\/\/www.maff.go.jp\/j\/basiclaw\" target=\"_blank\">G\u0131da, Tar\u0131m ve K\u0131rsal Alanlar Temel Yasas\u0131: Tar\u0131m, Orman ve Bal\u0131k\u00e7\u0131l\u0131k Bakanl\u0131\u011f\u0131<\/a>\n                    <\/div>\n                    <div class=\"bc-excerpt-box\"><\/div>\n                <\/div>\n                <div class=\"bc-thumbnail-box\">\n                    <a href=\"https:\/\/www.maff.go.jp\/j\/basiclaw\" target=\"_blank\">\n                        <div class=\"bc-img-zoom-wrap\">\n                            <img decoding=\"async\" src=\"https:\/\/img.youtube.com\/vi\/Qu_X3Q1mckQ\/mqdefault.jpg\" alt=\"G\u0131da, Tar\u0131m ve K\u0131rsal Alanlar Temel Yasas\u0131: Tar\u0131m, Orman ve Bal\u0131k\u00e7\u0131l\u0131k Bakanl\u0131\u011f\u0131\">\n                        <\/div>\n                    <\/a>\n                <\/div>\n            <\/div>\n        <\/div>\n\n        <div class=\"site-blogcard-premium\">\n            <div class=\"bc-label-custom\">\u0130lgili makaleler<\/div>\n            <div class=\"bc-flex-container\">\n                <div class=\"bc-main-text\">\n                    <div class=\"bc-title-link-box\">\n                        <a href=\"https:\/\/elaws.e-gov.go.jp\/document?lawid=411AC0000000106\" target=\"_blank\">e-Devlet Hukuku Arama<\/a>\n                    <\/div>\n                    <div class=\"bc-excerpt-box\"><\/div>\n                <\/div>\n                <div class=\"bc-thumbnail-box\">\n                    <a href=\"https:\/\/elaws.e-gov.go.jp\/document?lawid=411AC0000000106\" target=\"_blank\">\n                        <div class=\"bc-img-zoom-wrap\">\n                            <img decoding=\"async\" src=\"https:\/\/portal.hokuryu.info\/wp\/wp-content\/uploads\/2026\/02\/20230802DSC06445_1.jpg\" alt=\"e-Devlet Hukuku Arama\">\n                        <\/div>\n                    <\/a>\n                <\/div>\n            <\/div>\n        <\/div>\n\u3000<\/p>\n<p>\u25c7 R\u00f6portaj ve metin: Ikuko Terauchi (foto\u011fraf\u00e7\u0131l\u0131k ve d\u00fczenleme asistan\u0131: Noboru Terauchi)<\/p>","protected":false},"excerpt":{"rendered":"<p>\uff12\uff10\uff12\uff14\u5e74\uff16\u6708\uff12\uff11\u65e5\uff08\u91d1\uff09 \uff16\u6708\uff11\uff16\u65e5\uff08\u65e5\uff09\u3001\u8fb2\u6797\u6c34\u7523\u7701\u8fb2\u7523\u5c40\u30fb\u5e73\u5f62\u96c4\u7b56 \u5c40\u9577\u3092\u306f\u3058\u3081\u3001\u8fb2\u6c34\u672c\u7701\u3001\u5317\u6d77\u9053\u8fb2\u653f\u4e8b\u52d9\u6240\u306e\u65b9\u3005\u304c\u3001\u5317\u7adc\u753a\u3092\u8996\u5bdf\u8a2a\u554f\u3055\u308c\u3001\u300c\u8fb2\u4e8b\u7d44\u5408\u6cd5\u4eba\u307b\u306e\u304b\u300d\u306e\u7d44\u5408\u54e1\u306e\u65b9\u3005\u3068\u306e\u610f\u898b\u4ea4\u63db\u304c\u5b9f\u65bd [&hellip;]<\/p>\n","protected":false},"author":1,"featured_media":46477,"comment_status":"open","ping_status":"open","sticky":false,"template":"","format":"standard","meta":{"footnotes":""},"categories":[4,26,45,75,91,27],"tags":[],"class_list":["post-46475","post","type-post","status-publish","format-standard","has-post-thumbnail","hentry","category-cover-story","category-jahokuryu","category-new_farmer","category-sasaki-yasuhiro-mayor","category-91","category-honoka"],"_links":{"self":[{"href":"https:\/\/portal.hokuryu.info\/tr\/wp-json\/wp\/v2\/posts\/46475","targetHints":{"allow":["GET"]}}],"collection":[{"href":"https:\/\/portal.hokuryu.info\/tr\/wp-json\/wp\/v2\/posts"}],"about":[{"href":"https:\/\/portal.hokuryu.info\/tr\/wp-json\/wp\/v2\/types\/post"}],"author":[{"embeddable":true,"href":"https:\/\/portal.hokuryu.info\/tr\/wp-json\/wp\/v2\/users\/1"}],"replies":[{"embeddable":true,"href":"https:\/\/portal.hokuryu.info\/tr\/wp-json\/wp\/v2\/comments?post=46475"}],"version-history":[{"count":0,"href":"https:\/\/portal.hokuryu.info\/tr\/wp-json\/wp\/v2\/posts\/46475\/revisions"}],"wp:featuredmedia":[{"embeddable":true,"href":"https:\/\/portal.hokuryu.info\/tr\/wp-json\/wp\/v2\/media\/46477"}],"wp:attachment":[{"href":"https:\/\/portal.hokuryu.info\/tr\/wp-json\/wp\/v2\/media?parent=46475"}],"wp:term":[{"taxonomy":"category","embeddable":true,"href":"https:\/\/portal.hokuryu.info\/tr\/wp-json\/wp\/v2\/categories?post=46475"},{"taxonomy":"post_tag","embeddable":true,"href":"https:\/\/portal.hokuryu.info\/tr\/wp-json\/wp\/v2\/tags?post=46475"}],"curies":[{"name":"wp","href":"https:\/\/api.w.org\/{rel}","templated":true}]}}