{"id":46416,"date":"2024-06-18T16:20:28","date_gmt":"2024-06-18T07:20:28","guid":{"rendered":"https:\/\/portal.hokuryu.info\/?p=46416"},"modified":"2025-06-24T15:25:47","modified_gmt":"2025-06-24T06:25:47","slug":"ilk-hokuryu-aycicegi-kavunu-muzayedesi-2024-kyokuichi-meyve-ve-sebze-merkezi","status":"publish","type":"post","link":"https:\/\/portal.hokuryu.info\/tr\/46416\/","title":{"rendered":"\u0130lk Hokuryu Ay\u00e7i\u00e7e\u011fi Kavunu M\u00fczayedesi 2024 (Kyokuichi Meyve ve Sebze M\u00fczayedesi, Asahikawa \u015eehri)"},"content":{"rendered":"<p>Sal\u0131, 18 Haziran 2024<\/p>\n<h2>\u0130lk Hokuryu Ay\u00e7i\u00e7e\u011fi Kavunu M\u00fczayedesi 2024<br \/>\nKyokuichi Meyve ve Sebze M\u00fczayede \u015eirketi Ltd. (Asahikawa \u015eehri)<\/h2>\n<p>Hokuryu kavunlar\u0131n\u0131n ilk m\u00fczayedesi, ilk sevkiyat\u0131n ertesi g\u00fcn\u00fc, 17 Haziran Pazartesi g\u00fcn\u00fc saat 06:45&#039;te Kyokuichi Meyve ve Sebze M\u00fczayedesi&#039;nde (Asahikawa \u015eehri) ger\u00e7ekle\u015ftirildi.<\/p>\n<h3>Kyokuichi Co., Ltd.<\/h3>\n<p>Kyokuichi Co., Ltd., Asahiichi Asahikawa B\u00f6lgesel Toptan Pazar\u0131&#039;nda toptanc\u0131d\u0131r ve t\u00fcketicilere taze deniz \u00fcr\u00fcnleri, sebzeler ve canl\u0131 hayvanlar\u0131n g\u00fcvenli, emniyetli ve istikrarl\u0131 tedarikini sa\u011flayan bir pazard\u0131r.<\/p>\n<figure class=\"wp-caption aligncenter\"><a href=\"https:\/\/photos.google.com\/share\/AF1QipM6TUHpO3nqchLmFs7mDvDtK34_3ZvpB27MJxj5HN1kjFOL-9ioWCxQlcMH2KJMTg\/photo\/AF1QipMr1yTNahHOQY7iYfmGcbV9HBXfHH0dO-SxRnc?key=ODk1STRlQ0Y2MkEtTFRMQ0NUTkNkdDFiLVNoR3l3\" target=\"_blank\" rel=\"noopener\"><img decoding=\"async\" src=\"https:\/\/lh3.googleusercontent.com\/pw\/AP1GczOF3NmPWjdP3xHJ12kNN4tphvyda-qt_g_6wLAr98mXl9KzvD-dXqnVaeq3PnCL0GIOo1QRJP72stqUCchSm8vDCDGAMF0uZIZkeaAUzJTJS7b3P1WuY0zmAJSQiyrxSEd6fYZqjNJzWjQM1gU3lOU1=w2000-h1500-s-no-gm?authuser=0\" width=\"2000\" height=\"1500\" alt=\"Kyokuichi Co., Ltd.\" class=\"size-full\" \/><\/a><figcaption class=\"wp-caption-text\">Kyokuichi Co., Ltd.<\/figcaption><\/figure>\n<p>Herkes pazara do\u011fru gidiyor.<\/p>\n<figure class=\"wp-caption aligncenter\"><a href=\"https:\/\/photos.google.com\/share\/AF1QipM6TUHpO3nqchLmFs7mDvDtK34_3ZvpB27MJxj5HN1kjFOL-9ioWCxQlcMH2KJMTg\/photo\/AF1QipPoZe23ZdKV5KV1z0Aje1-tSbXSPsmfSPf-Mcc?key=ODk1STRlQ0Y2MkEtTFRMQ0NUTkNkdDFiLVNoR3l3\" target=\"_blank\" rel=\"noopener\"><img decoding=\"async\" src=\"https:\/\/lh3.googleusercontent.com\/pw\/AP1GczMLu26JG-D8ZkOklJXAXZ5iUhh17yEtFfK439IBW_fjUf68UhTNITa5zA7qvfQSgT9HYQYmctaBntrZmfBAuA6U61wP9ffdO5dSbjGs1xdPXz8ZB41ShjmK88ZfFaizSd1vWlQN24IGRFPy_jqsNqjf=w2000-h1500-s-no-gm?authuser=0\" width=\"2000\" height=\"1500\" alt=\"Herkes pazara gidiyor\" class=\"size-full\" \/><\/a><figcaption class=\"wp-caption-text\">Herkes pazara gidiyor<\/figcaption><\/figure>\n<p>Meyve ve sebze m\u00fczayede salonumuz, \u00fclkenin d\u00f6rt bir yan\u0131ndan mevsimlik meyve ve sebzeleri kapsayan geni\u015f bir \u00fcr\u00fcn yelpazesini bir araya getiriyor. Sebze ve meyvelerin yumu\u015fak kokusu pazar yerini dolduruyor.<\/p>\n<figure class=\"wp-caption aligncenter\"><a href=\"https:\/\/photos.google.com\/share\/AF1QipM6TUHpO3nqchLmFs7mDvDtK34_3ZvpB27MJxj5HN1kjFOL-9ioWCxQlcMH2KJMTg\/photo\/AF1QipNKp5VaxMADxnFaTKZRZhd7QR2cyDJbj3B59w0?key=ODk1STRlQ0Y2MkEtTFRMQ0NUTkNkdDFiLVNoR3l3\" target=\"_blank\" rel=\"noopener\"><img decoding=\"async\" src=\"https:\/\/lh3.googleusercontent.com\/pw\/AP1GczO1WtSr10yFLu5kIzIh6KPJxQ0XIFThsWaUYgYL56sdVg2AXNoNfuwZMusitcDxKr5JnRdGaiu1kGEA0GKHisGg-dC4NM70GgDUCIBgk-RMRJavuVH-gXlmJGQYTN0Th7AoehmxQ6xUWlMgn_DQeiih=w2000-h1500-s-no-gm?authuser=0\" width=\"2000\" height=\"1500\" alt=\"Japonya ve Hokkaido&#039;nun her yerinden gelen sebze ve meyvelerin devasa koleksiyonu!\" class=\"size-full\" \/><\/a><figcaption class=\"wp-caption-text\">Japonya ve Hokkaido&#039;nun her yerinden gelen sebze ve meyvelerin devasa koleksiyonu!<\/figcaption><\/figure>\n<p>Ayr\u0131ca ay\u00e7i\u00e7e\u011fi karpuzu kasalar\u0131 da s\u0131raya girdi. . .<\/p>\n<figure class=\"wp-caption aligncenter\"><a href=\"https:\/\/photos.google.com\/share\/AF1QipM6TUHpO3nqchLmFs7mDvDtK34_3ZvpB27MJxj5HN1kjFOL-9ioWCxQlcMH2KJMTg\/photo\/AF1QipNUfL5iB9i9i7dwYJoIDYaxxrYx9w_e0qf9kv0?key=ODk1STRlQ0Y2MkEtTFRMQ0NUTkNkdDFiLVNoR3l3\" target=\"_blank\" rel=\"noopener\"><img decoding=\"async\" src=\"https:\/\/lh3.googleusercontent.com\/pw\/AP1GczMhqlvYnJjoR5NxAhpFQ9A6P4J9Aiff7a3JiPlMi6ElnOMU8kQXKfJ0X98H6BRJHpvswQjnjDh1n1EO72f2pBO-BVvY5h9USzYEOar_5aULTmRlKwRyI9Y5AVgyUnjS9afs__xgovlYR4Njxs_UJp46=w2000-h1500-s-no-gm?authuser=0\" width=\"2000\" height=\"1500\" alt=\"Ge\u00e7ti\u011fimiz hafta ilk kez sat\u0131\u015fa sunulan ay\u00e7i\u00e7e\u011fi karpuzlar\u0131 da sergileniyor.\" class=\"size-full\" \/><\/a><figcaption class=\"wp-caption-text\">Ge\u00e7ti\u011fimiz hafta ilk kez sat\u0131\u015fa sunulan ay\u00e7i\u00e7e\u011fi karpuzlar\u0131 da sergileniyor.<\/figcaption><\/figure>\n<p>T\u00fcm kat\u0131l\u0131mc\u0131lar ilk m\u00fczayedenin ba\u015flamas\u0131n\u0131 bekliyor.<\/p>\n<figure class=\"wp-caption aligncenter\"><a href=\"https:\/\/photos.google.com\/share\/AF1QipM6TUHpO3nqchLmFs7mDvDtK34_3ZvpB27MJxj5HN1kjFOL-9ioWCxQlcMH2KJMTg\/photo\/AF1QipM3Ac5PZlPn53WmGftPBesxwMv8N8eWqQlKXXc?key=ODk1STRlQ0Y2MkEtTFRMQ0NUTkNkdDFiLVNoR3l3\" target=\"_blank\" rel=\"noopener\"><img decoding=\"async\" src=\"https:\/\/lh3.googleusercontent.com\/pw\/AP1GczNpZFm6XmMADnPVyqEgucnHan4455C_Ckjko7ng3HlYp6zlPuY7HHrooX0hI_fBHlYCjiDJsIUiU55_EdSqH8_IcLVeFiH3r8QENCJg229AzrXpspCHo6nXfIjhuJ17Xnr-YOmietEUCYD9swT5_nWR=w2000-h1500-s-no-gm?authuser=0\" width=\"2000\" height=\"1500\" alt=\"\u0130lk m\u00fczayedenin ba\u015flamas\u0131n\u0131 bekleyen kat\u0131l\u0131mc\u0131lar\" class=\"size-full\" \/><\/a><figcaption class=\"wp-caption-text\">\u0130lk m\u00fczayedenin ba\u015flamas\u0131n\u0131 bekleyen kat\u0131l\u0131mc\u0131lar<\/figcaption><\/figure>\n<h3>Ay\u00e7i\u00e7e\u011fi kavunlar\u0131n\u0131n ilk sevkiyat\u0131na bakan insanlar<\/h3>\n<figure class=\"wp-caption aligncenter\"><a href=\"https:\/\/photos.google.com\/share\/AF1QipM6TUHpO3nqchLmFs7mDvDtK34_3ZvpB27MJxj5HN1kjFOL-9ioWCxQlcMH2KJMTg\/photo\/AF1QipMuDmi133ENsR0LQeHqjwLmz_Hm2QQtX2Bc8CQ?key=ODk1STRlQ0Y2MkEtTFRMQ0NUTkNkdDFiLVNoR3l3\" target=\"_blank\" rel=\"noopener\"><img decoding=\"async\" src=\"https:\/\/lh3.googleusercontent.com\/pw\/AP1GczOftgNV553VBBBGtJLLlW-ZrK4WhH_mqe2Nb3nj50Tr24RQSpT9pJB7zVX1JrHKoIjrYHMVHel5uKxu-fo8AH4tZe_JZ8Yb1VdDBkjyaV9igLzw1X_kQsKBLQwGME12iZvPo691JF4SP8NH014uWB7k=w2000-h1500-s-no-gm?authuser=0\" width=\"2000\" height=\"1500\" alt=\"Ay\u00e7i\u00e7e\u011fi kavunlar\u0131n\u0131n ilk sevkiyat\u0131na bakan insanlar\" class=\"size-full\" \/><\/a><figcaption class=\"wp-caption-text\">Ay\u00e7i\u00e7e\u011fi kavunlar\u0131n\u0131n ilk sevkiyat\u0131na bakan insanlar<\/figcaption><\/figure>\n<p>Bir s\u0131ra ay\u00e7i\u00e7e\u011fi kavunu.<\/p>\n<figure class=\"wp-caption aligncenter\"><a href=\"https:\/\/photos.google.com\/share\/AF1QipM6TUHpO3nqchLmFs7mDvDtK34_3ZvpB27MJxj5HN1kjFOL-9ioWCxQlcMH2KJMTg\/photo\/AF1QipM0DjaWSDEtK9lgyLprucAf7Xt-fGcRGQcIHYk?key=ODk1STRlQ0Y2MkEtTFRMQ0NUTkNkdDFiLVNoR3l3\"><img decoding=\"async\" src=\"https:\/\/lh3.googleusercontent.com\/pw\/AP1GczPDJNOOf_k-dWzYIWUlYlyaYgr_mizQj5sk-Bet-nvhHmzDccKXVEB0WkNzvecbDmZZe_9S7zVfcgnTYKI2QrE8a3yXAWvQECB8ZuN7Z_QxFRc8B9LbHjbO9jGsOZu_CzIfy0OpjbpS1kyccejZ8RI5=w2000-h1500-s-no-gm?authuser=0\" width=\"2000\" height=\"1500\" alt=\"Be\u015f m\u00fckemmel ay\u00e7i\u00e7e\u011fi kavunu g\u00fczel bir a\u011fla sar\u0131lm\u0131\u015f!\" class=\"size-full\" \/><\/a><figcaption class=\"wp-caption-text\">Be\u015f m\u00fckemmel ay\u00e7i\u00e7e\u011fi kavunu g\u00fczel bir a\u011fla sar\u0131lm\u0131\u015f!<\/figcaption><\/figure>\n<p>Be\u015f m\u00fckemmel ay\u00e7i\u00e7e\u011fi kavunu g\u00fczel bir a\u011fla sar\u0131lm\u0131\u015f!<\/p>\n<h3>Belediye Ba\u015fkan\u0131 Sasaki, Nagai B\u00f6lge Temsilcisi ve Ishii Ay\u00e7i\u00e7e\u011fi Kavun \u00dcreticileri Derne\u011fi Temsilcisi&#039;nden selamlar<\/h3>\n<figure class=\"wp-caption aligncenter\"><a href=\"https:\/\/photos.google.com\/share\/AF1QipM6TUHpO3nqchLmFs7mDvDtK34_3ZvpB27MJxj5HN1kjFOL-9ioWCxQlcMH2KJMTg\/photo\/AF1QipNMP3tMOQM3pQi6pDSv4VBcstwXgiqSSdlb_e4?key=ODk1STRlQ0Y2MkEtTFRMQ0NUTkNkdDFiLVNoR3l3\" target=\"_blank\" rel=\"noopener\"><img decoding=\"async\" src=\"https:\/\/lh3.googleusercontent.com\/pw\/AP1GczPrZNnakNoMRt_C2OcjxVkVC49huT6hkh5Ok5BS9QNMukj8_vYoz-cjBYv0F7vel6OxuHVv8Osht1qrHIRf7khsbmIfSzOK7iBTrfuxFuU5Awzf_CS0IMXKWom59cKlizxcSHshUHAjwd3j65cHlT3K=w2636-h1452-s-no-gm?authuser=0\" width=\"2000\" height=\"1500\" alt=\"Belediye Ba\u015fkan\u0131 Sasaki, Nagai B\u00f6lge Temsilcisi ve Ishii Ay\u00e7i\u00e7e\u011fi Kavun \u00dcreticileri Derne\u011fi Temsilcisi&#039;nden selamlar\" class=\"size-full\" \/><\/a><figcaption class=\"wp-caption-text\">Belediye Ba\u015fkan\u0131 Sasaki, Nagai B\u00f6lge Temsilcisi ve Ishii Ay\u00e7i\u00e7e\u011fi Kavun \u00dcreticileri Derne\u011fi Temsilcisi&#039;nden selamlar<\/figcaption><\/figure>\n<p>\u0130lk m\u00fczayede \u00f6ncesinde Belediye Ba\u015fkan\u0131 Sasaki Yasuhiro&#039;dan bir mesaj var!<\/p>\n<p>&quot;Bu y\u0131l da \u00e7ok tatl\u0131 ay\u00e7i\u00e7e\u011fi kavunlar\u0131 teslim etmeye geldik. Umar\u0131z be\u011fenirsiniz!&quot; dedi Belediye Ba\u015fkan\u0131 Sasaki.<\/p>\n<p>&quot;Ben JA Kitasorachi&#039;nin Kitary\u016b b\u00f6lgesinin temsilci m\u00fcd\u00fcr\u00fc Nagai Minoru&#039;yum. Bu y\u0131lki kavunlar inan\u0131lmaz tatl\u0131, \u015feker i\u00e7eri\u011fi 17 derecenin \u00fczerinde. Bu y\u0131l da size lezzetli kavunlar ula\u015ft\u0131rabilece\u011fiz, bu y\u00fczden devam eden deste\u011finiz i\u00e7in te\u015fekk\u00fcr ederiz.&quot;<\/p>\n<p>&quot;Ben Ay\u00e7i\u00e7e\u011fi Kavun \u00dcreticileri Derne\u011fi temsilcisi Ishii Takashi. Bu sezonda bana s\u00fcrekli destek vermenizi bekliyorum!&quot;<\/p>\n<h3>Hokuryu ay\u00e7i\u00e7e\u011fi kavunlar\u0131n\u0131n ilk m\u00fczayedesi<\/h3>\n<p>Sonra m\u00fczayede ba\u015flar, m\u00fczayedecilerin co\u015fkulu hayk\u0131r\u0131\u015flar\u0131 yank\u0131lan\u0131r! <\/p>\n<figure class=\"wp-caption aligncenter\"><a href=\"https:\/\/photos.google.com\/share\/AF1QipM6TUHpO3nqchLmFs7mDvDtK34_3ZvpB27MJxj5HN1kjFOL-9ioWCxQlcMH2KJMTg\/photo\/AF1QipMImiTqZrRMZZyqX-hVy834CvaVxi_GdiGtga0?key=ODk1STRlQ0Y2MkEtTFRMQ0NUTkNkdDFiLVNoR3l3\" target=\"_blank\" rel=\"noopener\"><img decoding=\"async\" src=\"https:\/\/lh3.googleusercontent.com\/pw\/AP1GczPj215raDiDX6-JDIR_SB8GChY5ZNZwUdVTPSkEYvZh90_cHXgV67kvZF8t5f7CHnxCX1gQIIPdgDhDjo2BrmiHmccainMIq4ahVKw1BOmzYUBg7aWFZfd_bhxmRiKN6jkyjRwP9s1QNfmIdpZs4cGv=w2636-h1438-s-no-gm?authuser=0\" width=\"2000\" height=\"1500\" alt=\"M\u00fczayedecilerin co\u015fkulu hayk\u0131r\u0131\u015flar\u0131 t\u00fcm mekanda yank\u0131lan\u0131yordu.\" class=\"size-full\" \/><\/a><figcaption class=\"wp-caption-text\">M\u00fczayedecilerin co\u015fkulu hayk\u0131r\u0131\u015flar\u0131 t\u00fcm mekanda yank\u0131lan\u0131yordu.<\/figcaption><\/figure>\n<p>H\u0131zl\u0131 bir teklif! Hediye bedeli: 100.000 yen (5&#039;li Shujiki kutusu)! Tebrikler!<\/p>\n<figure class=\"wp-caption aligncenter\"><a href=\"https:\/\/photos.google.com\/share\/AF1QipM6TUHpO3nqchLmFs7mDvDtK34_3ZvpB27MJxj5HN1kjFOL-9ioWCxQlcMH2KJMTg\/photo\/AF1QipNFZQF8VQkiNufvLc1pxZ4_Gqg9abR_6m4v7pI?key=ODk1STRlQ0Y2MkEtTFRMQ0NUTkNkdDFiLVNoR3l3\" target=\"_blank\" rel=\"noopener\"><img decoding=\"async\" src=\"https:\/\/lh3.googleusercontent.com\/pw\/AP1GczMJot5dRNBmVsNbpkVY2VyOJVO5zlQ3cXy0foFDy20lgjwyMiYBOQN7DmT0n8mPv3y1TFus2tLObc8GWyMrWrSE6TEGCcd9jAlcZNUZIjAFBoxOvJwUk9flFsU6kQcWIWpH2nqa5BPt3svVbfcs3fkA=w2000-h1500-s-no-gm?authuser=0\" width=\"2000\" height=\"1500\" alt=\"Hediye bedeli: 100.000 yen!\" class=\"size-full\" \/><\/a><figcaption class=\"wp-caption-text\">Hediye bedeli: 100.000 yen!<\/figcaption><\/figure>\n<p>\u0130lk a\u00e7\u0131k art\u0131rma g\u00fcvenle sona erdi!<\/p>\n<figure class=\"wp-caption aligncenter\"><a href=\"https:\/\/photos.google.com\/share\/AF1QipM6TUHpO3nqchLmFs7mDvDtK34_3ZvpB27MJxj5HN1kjFOL-9ioWCxQlcMH2KJMTg\/photo\/AF1QipPYvzeT3xLus6EomYzm515WylYp4jL7Or7WWAU?key=ODk1STRlQ0Y2MkEtTFRMQ0NUTkNkdDFiLVNoR3l3\" target=\"_blank\" rel=\"noopener\"><img decoding=\"async\" src=\"https:\/\/lh3.googleusercontent.com\/pw\/AP1GczPRtZ3y6zlygsDuzfKsJjUSSHCcXbQGiY5YuRITgTmGC_IVwY3NHHRpRvvzyKlHbjJpl-LtbQrB20dAH45EY95r8BjczG2jVwl5orIj-GUR-Dw4bgNFOL5RPqtsWWV-C9fa7i_CqleEffwxx2oFq1a7=w2636-h1466-s-no-gm?authuser=0\" width=\"2000\" height=\"1500\" alt=\"\u0130lk a\u00e7\u0131k art\u0131rma g\u00fcvenle sona erdi!\" class=\"size-full\" \/><\/a><figcaption class=\"wp-caption-text\">\u0130lk a\u00e7\u0131k art\u0131rma g\u00fcvenle sona erdi!<\/figcaption><\/figure>\n<figure class=\"wp-caption aligncenter\"><a href=\"https:\/\/photos.google.com\/share\/AF1QipM6TUHpO3nqchLmFs7mDvDtK34_3ZvpB27MJxj5HN1kjFOL-9ioWCxQlcMH2KJMTg\/photo\/AF1QipOXZQC7T_3Vdn9lQgMoxs8YPq93Goya-mNPi_A?key=ODk1STRlQ0Y2MkEtTFRMQ0NUTkNkdDFiLVNoR3l3\" target=\"_blank\" rel=\"noopener\"><img decoding=\"async\" src=\"https:\/\/lh3.googleusercontent.com\/pw\/AP1GczPislLW02veS1U13DnKeLx0oG9d3ydKEWyJgMICcxwKME6CXHkg-0nqaHuiGXiJqCukDd2BhyBpiFKI4dIztiAPmTbon62uiI6SgO8x06CfQrsujXYWu3AQpBKxEs55N_g3Ur8nnRXNVBTGLPX3LeIo=w2000-h1500-s-no-gm?authuser=0\" width=\"2000\" height=\"1500\" alt=\"Herkes sohbet ediyor\" class=\"size-full\" \/><\/a><figcaption class=\"wp-caption-text\">Herkes sohbet ediyor<\/figcaption><\/figure>\n<p>Yap\u0131mc\u0131lar tutkular\u0131n\u0131 payla\u015f\u0131yor. . .<\/p>\n<figure class=\"wp-caption aligncenter\"><a href=\"https:\/\/photos.google.com\/share\/AF1QipM6TUHpO3nqchLmFs7mDvDtK34_3ZvpB27MJxj5HN1kjFOL-9ioWCxQlcMH2KJMTg\/photo\/AF1QipMd-n8ZwvLqbx2dV9G6oUrBY8f3ST5kajhE46E?key=ODk1STRlQ0Y2MkEtTFRMQ0NUTkNkdDFiLVNoR3l3\" target=\"_blank\" rel=\"noopener\"><img decoding=\"async\" src=\"https:\/\/lh3.googleusercontent.com\/pw\/AP1GczN4Cm8oS9vc5gR4A-Umpj34j3T8QWAYDJsuicfYhohwcDIoIjf7ezoucPiJZGxhyE5MhmNDY2IgtvMqTlS4N_X-_4bS7mR0tvBi8hcT7k8dyKByYZUpd9Sgw7N3FRd3EHdLPr-TxQknNb5975ebQU32=w2000-h1500-s-no-gm?authuser=0\" width=\"2000\" height=\"1500\" alt=\"Yap\u0131mc\u0131lar tutkular\u0131n\u0131 payla\u015f\u0131yor. . .\" class=\"size-full\" \/><\/a><figcaption class=\"wp-caption-text\">Yap\u0131mc\u0131lar tutkular\u0131n\u0131 payla\u015f\u0131yor. . .<\/figcaption><\/figure>\n<h2>Kyokuichi Corporation kurumsal logosu<\/h2>\n<p>\u015eirketin logosu &quot;Asahi Ichi&quot; (sabah g\u00fcne\u015fi) ve ufuk \u00e7izgisini simgeleyen grafiksel bir temsildir.<br \/>\nSabah g\u00fcne\u015fi d\u00fcnyay\u0131 ayd\u0131nlatan y\u00fckselen enerjiyi temsil ederken, ufuk do\u011faya kar\u015f\u0131 duydu\u011fumuz m\u00fctevaz\u0131 duygular\u0131m\u0131z\u0131 sembolize ediyor!<\/p>\n<p>Bu logo, her g\u00fcn de\u011fi\u015fen bir pazarda, yeri doldurulamaz bu anda tarih in\u015fa etme konusundaki derin arzumuzu somutla\u015ft\u0131r\u0131yor.<\/p>\n<h3>Bina \u00fczerinde kurumsal logomuz sergileniyor!<\/h3>\n<figure class=\"wp-caption aligncenter\"><a href=\"https:\/\/photos.google.com\/share\/AF1QipM6TUHpO3nqchLmFs7mDvDtK34_3ZvpB27MJxj5HN1kjFOL-9ioWCxQlcMH2KJMTg\/photo\/AF1QipMvmrOGkNaTYgsetn-L1uhx7JgwECOSHF1wN-k?key=ODk1STRlQ0Y2MkEtTFRMQ0NUTkNkdDFiLVNoR3l3\" target=\"_blank\" rel=\"noopener\"><img decoding=\"async\" src=\"https:\/\/lh3.googleusercontent.com\/pw\/AP1GczNCfCYOuNpx7DGOiUU87lVp03XL7VijAhr1YL9R5kxnQNE5Sl4642nt9N8HnZnATu0RBFzTEQZ6owptem7RU44z_QrQzJOUfEvol0LAQZg5Wuu9oL3lqkuu1uSsp7aKfgv9B0fQgIiNcGq3X1mjOuOR=w2000-h1500-s-no-gm?authuser=0\" width=\"2000\" height=\"1500\" alt=\"Bina \u00fczerinde kurumsal logomuz sergileniyor!\" class=\"size-full\" \/><\/a><figcaption class=\"wp-caption-text\">Bina \u00fczerinde kurumsal logomuz sergileniyor!<\/figcaption><\/figure>\n<p>D\u00fcnyaya ayd\u0131nl\u0131k ve enerjik bir enerji getiren enfes yaz lezzeti Ay\u00e7i\u00e7e\u011fi Kavununa s\u0131n\u0131rs\u0131z sevgi, \u015f\u00fckran ve dualar\u0131m\u0131zla. . .<\/p>\n<div class=\"img-move\">\n<b><a href=\"https:\/\/kyokuichi.com\/company\/kyokuichi\/\" target=\"_blank\" rel=\"noopener\"><font color=\"#ff9900\">\u2742 <\/font> Kyokuichi Co., Ltd. (Asahikawa \u015eehri) web sitesi<\/a><\/b>\n<\/div>\n<h2>Youtube videolar\u0131<\/h2>\n<div class=\"youtube\"><iframe title=\"\u0130lk Hokuryu Ay\u00e7i\u00e7e\u011fi Kavunu M\u00fczayedesi 2024 (Kyokuichi Meyve ve Sebze M\u00fczayedesi, Asahikawa \u015eehri)\" src=\"https:\/\/www.youtube.com\/embed\/mcQeaJ_f13k?feature=oembed\" frameborder=\"0\" allow=\"accelerometer; autoplay; clipboard-write; encrypted-media; gyroscope; picture-in-picture; web-share\" referrerpolicy=\"strict-origin-when-cross-origin\" allowfullscreen><\/iframe><\/div>\n<h2>Di\u011fer foto\u011fraflar<\/h2>\n<div class=\"img-move\"><img decoding=\"async\" style=\"vertical-align: middle;\" src=\"https:\/\/ehokkaido.net\/wp-content\/uploads\/2021\/12\/2021-12-06-11.41.12.png\" \/> <a href=\"https:\/\/photos.app.goo.gl\/bD8ufcfN14dEfPrb9\" target=\"_blank\" rel=\"noopener noreferrer\"> Hokuryu Ay\u00e7i\u00e7e\u011fi Kavunu \u0130lk M\u00fczayedesi 2024&#039;ten (Kyokuichi Meyve ve Sebze M\u00fczayedesi, Asahikawa \u015eehri) foto\u011fraflar (37 foto\u011fraf) burada &gt;&gt;<\/a><\/div>\n<h2>\u0130lgili makaleler<\/h2>\n\n<p>\u3000<br \/>\n\u25c7 R\u00f6portaj ve metin: Ikuko Terauchi (foto\u011fraf\u00e7\u0131l\u0131k ve d\u00fczenleme asistan\u0131: Noboru Terauchi)<\/p>","protected":false},"excerpt":{"rendered":"<p>\uff12\uff10\uff12\uff14\u5e74\uff16\u6708\uff11\uff18\u65e5\uff08\u706b\uff09 \u5317\u7adc\u3072\u307e\u308f\u308a\u30e1\u30ed\u30f3\u521d\u7af6\u308a 2024 \u682a\u5f0f\u4f1a\u793e\u30ad\u30e7\u30af\u30a4\u30c1\u9752\u679c\u30bb\u30ea\u5834\uff08\u65ed\u5ddd\u5e02\uff09 \u5317\u7adc\u30e1\u30ed\u30f3\u521d\u51fa\u8377\u306e\u7fcc\u65e5\uff16\u6708\uff11\uff17\u65e5\uff08\u6708\uff09\u3001\uff10\uff16\uff1a\uff14\uff15\u3088\u308a\u682a\u5f0f\u4f1a\u793e\u30ad\u30e7\u30af\u30a4\u30c1\u9752\u679c\u30bb\u30ea\u5834\uff08\u65ed\u5ddd\u5e02\uff09\u306b\u3066 [&hellip;]<\/p>\n","protected":false},"author":1,"featured_media":46417,"comment_status":"open","ping_status":"open","sticky":false,"template":"","format":"standard","meta":{"footnotes":""},"categories":[4,26],"tags":[],"class_list":["post-46416","post","type-post","status-publish","format-standard","has-post-thumbnail","hentry","category-cover-story","category-jahokuryu"],"_links":{"self":[{"href":"https:\/\/portal.hokuryu.info\/tr\/wp-json\/wp\/v2\/posts\/46416","targetHints":{"allow":["GET"]}}],"collection":[{"href":"https:\/\/portal.hokuryu.info\/tr\/wp-json\/wp\/v2\/posts"}],"about":[{"href":"https:\/\/portal.hokuryu.info\/tr\/wp-json\/wp\/v2\/types\/post"}],"author":[{"embeddable":true,"href":"https:\/\/portal.hokuryu.info\/tr\/wp-json\/wp\/v2\/users\/1"}],"replies":[{"embeddable":true,"href":"https:\/\/portal.hokuryu.info\/tr\/wp-json\/wp\/v2\/comments?post=46416"}],"version-history":[{"count":0,"href":"https:\/\/portal.hokuryu.info\/tr\/wp-json\/wp\/v2\/posts\/46416\/revisions"}],"wp:featuredmedia":[{"embeddable":true,"href":"https:\/\/portal.hokuryu.info\/tr\/wp-json\/wp\/v2\/media\/46417"}],"wp:attachment":[{"href":"https:\/\/portal.hokuryu.info\/tr\/wp-json\/wp\/v2\/media?parent=46416"}],"wp:term":[{"taxonomy":"category","embeddable":true,"href":"https:\/\/portal.hokuryu.info\/tr\/wp-json\/wp\/v2\/categories?post=46416"},{"taxonomy":"post_tag","embeddable":true,"href":"https:\/\/portal.hokuryu.info\/tr\/wp-json\/wp\/v2\/tags?post=46416"}],"curies":[{"name":"wp","href":"https:\/\/api.w.org\/{rel}","templated":true}]}}