{"id":46233,"date":"2024-06-14T16:03:59","date_gmt":"2024-06-14T07:03:59","guid":{"rendered":"https:\/\/portal.hokuryu.info\/?p=46233"},"modified":"2024-06-28T08:05:15","modified_gmt":"2024-06-27T23:05:15","slug":"kurosengoku-is-kooperatifi-dernegi-hayalet-kurosengoku-soya-fasulyesi-fuarini-duzenleyecek","status":"publish","type":"post","link":"https:\/\/portal.hokuryu.info\/tr\/46233\/","title":{"rendered":"Kurosengoku \u0130\u015f Kooperatifi, &quot;Chikaho&#039;daki Hayalet Kurosengoku Soya Fasulyesi Fuar\u0131&quot;n\u0131 kendi stand\u0131nda (Sapporo \u0130stasyonu Yeralt\u0131 Meydan\u0131) d\u00fczenleyecek ve Sapporo&#039;da d\u00fczenli olarak bir stand a\u00e7acak!"},"content":{"rendered":"<p>Cuma, 14 Haziran 2024<\/p>\n<p>Kurosengoku \u0130\u015f Kooperatifi, 10 Haziran Pazartesi ve 11 Haziran Sal\u0131 g\u00fcnleri Chi-Ka-Ho&#039;da (Sapporo Ekimae-dori Yeralt\u0131 Meydan\u0131) &quot;Chi-Ka-Ho&#039;daki Efsanevi Kurosengoku Soya Fasulyesi Fuar\u0131&quot; ad\u0131nda bir stand d\u00fczenleyecek.<\/p>\n<h2>Chikaho&#039;daki efsanevi Kurosengoku soya fasulyesi fuar\u0131<\/h2>\n<p>Sapporo&#039;daki m\u00fc\u015fterilerden gelen, &quot;\u0130ki \u00fc\u00e7 ayda bir tezgah kurabilirseniz harika olur&quot; \u015feklindeki talepler \u00fczerine, Genel M\u00fcd\u00fcr Yuji Takada bu talebe yan\u0131t vermeye karar verdi ve etkinlik b\u00f6ylece organize edildi.<\/p>\n<h3>&quot;Ikoi no Kukan Kita 1 Higashi&quot;nin 7 numaral\u0131 \u00e7\u0131k\u0131\u015f\u0131n\u0131n yak\u0131n\u0131nda<\/h3>\n<p>Ma\u011fazan\u0131n yeri, Chi-Ka-Ho&#039;daki (Sapporo Ekimae-dori Yeralt\u0131 Plaza) &quot;Ikoi no Kukan Kita 1 Higashi&quot;nin 7 numaral\u0131 \u00e7\u0131k\u0131\u015f\u0131n\u0131n yak\u0131n\u0131ndaki Sapporo Kitaichijo Ekimae-dori Binas\u0131d\u0131r.<\/p>\n<figure class=\"wp-caption aligncenter\"><a href=\"https:\/\/photos.google.com\/share\/AF1QipP2u0Dg1Icz61Ynxq01oU3_-et-nZAQXbKx50WTeBhSDktjF5iDaDOcbjw2_nkBFg\/photo\/AF1QipNqDcBE55daeQhAmrfLNxm9jNcap5SLm5FR_CA?key=UG1Ib2R4THdTQ0RZRmthcGRHQkh0ZTktekQzRlZ3\" target=\"_blank\" rel=\"noopener\"><img decoding=\"async\" src=\"https:\/\/lh3.googleusercontent.com\/pw\/AP1GczM1tYXYxqGoOXiyHGy2benxyLUD4Ysi5PZAqwlY7UbIjEuXCIMxIME9_DiPzQbiUPWGiJMnqPb8PX9OYDZB5X9Hnzp_KmKcCEwo8ik8qisG-cN9sI0iImgXz6mcPixCTqhKknOPGxhsx9YWP0OvVXsj=w2000-h1500-s-no-gm?authuser=0\" width=\"2000\" height=\"1500\" alt=\"&quot;Ikoi no Kukan Kita 1 Higashi&quot;nin 7 numaral\u0131 \u00e7\u0131k\u0131\u015f\u0131n\u0131n yak\u0131n\u0131nda\" class=\"size-full\" \/><\/a><figcaption class=\"wp-caption-text\">&quot;Ikoi no Kukan Kita 1 Higashi&quot;nin 7 numaral\u0131 \u00e7\u0131k\u0131\u015f\u0131n\u0131n yak\u0131n\u0131nda<\/figcaption><\/figure>\n<figure class=\"wp-caption aligncenter\"><a href=\"https:\/\/photos.google.com\/share\/AF1QipP2u0Dg1Icz61Ynxq01oU3_-et-nZAQXbKx50WTeBhSDktjF5iDaDOcbjw2_nkBFg\/photo\/AF1QipP48RNi7vRMFjeejUe6B38w6PFhAv7TsMpDM_4?key=UG1Ib2R4THdTQ0RZRmthcGRHQkh0ZTktekQzRlZ3\" target=\"_blank\" rel=\"noopener\"><img decoding=\"async\" src=\"https:\/\/lh3.googleusercontent.com\/pw\/AP1GczPq2YBrpBoijo_CituIjdxwZfFXrJjaJOvafcWKdJzdiHPmntvXdaJ6CEur0jd2CPbhHiPtgIWP_cxZhA6cM3r95Dn7n5-epy9vkl_wCN0LbgpwYwx-CI7fAskx9QyVjeBCqwqDStDobvnj5vCVnuTr=w2000-h1500-s-no-gm?authuser=0\" width=\"2000\" height=\"1500\" alt=\"Kurosengoku soya fasulyesi stand\u0131\" class=\"size-full\" \/><\/a><figcaption class=\"wp-caption-text\">Kurosengoku soya fasulyesi stand\u0131<\/figcaption><\/figure>\n<h3>Kurosengoku soya fasulyesi, Kurosengoku don, Kurosengoku soya fasulyesi unu, Kurosengoku soya fasulyesi eti, Kurosengoku sosu, Kurosengoku \u00e7ay\u0131 vb.<\/h3>\n<p>Sat\u0131\u015fa sunulan \u00fcr\u00fcnler aras\u0131nda ham Kurosengoku soya fasulyesi, Kurosengoku don, Kurosengoku kinako (soya fasulyesi unu), Kurosengoku soya fasulyesi eti, Kurosengoku sosu, Kurosengoku \u00e7ay\u0131 ve daha fazlas\u0131 yer al\u0131yor.<\/p>\n<h4>Pop\u00fcler Kurosengoku soya \u00fcr\u00fcnlerinin tam serisi! ! !<\/h4>\n<figure class=\"wp-caption aligncenter\"><a href=\"https:\/\/photos.google.com\/share\/AF1QipP2u0Dg1Icz61Ynxq01oU3_-et-nZAQXbKx50WTeBhSDktjF5iDaDOcbjw2_nkBFg\/photo\/AF1QipO5qlLYVVkPe_k04RDEQlSnraYFDpRwAdrECV0?key=UG1Ib2R4THdTQ0RZRmthcGRHQkh0ZTktekQzRlZ3\" target=\"_blank\" rel=\"noopener\"><img decoding=\"async\" src=\"https:\/\/lh3.googleusercontent.com\/pw\/AP1GczOZvJLqJO1wgPTQlbGgV05wgKfwbZtE0kmt2omi2OlbEKG2AB7l_pvnCjZ-cmP5I2KgPKcxnPiVXvxsgzmDkSzvBRgx-C7nLF3pZVv3jua0GfuyeUvOv49SxQdhWX5iHHaO8n7a3cCb8afViIbtX24p=w2000-h1500-s-no-gm?authuser=0\" width=\"2000\" height=\"1500\" alt=\"Kurosengoku soya fasulyesi i\u015flenmi\u015f \u00fcr\u00fcnleri s\u0131raland\u0131\" class=\"size-full\" \/><\/a><figcaption class=\"wp-caption-text\">Kurosengoku soya fasulyesi i\u015flenmi\u015f \u00fcr\u00fcnleri s\u0131raland\u0131<\/figcaption><\/figure>\n<figure class=\"wp-caption aligncenter\"><a href=\"https:\/\/photos.google.com\/share\/AF1QipP2u0Dg1Icz61Ynxq01oU3_-et-nZAQXbKx50WTeBhSDktjF5iDaDOcbjw2_nkBFg\/photo\/AF1QipOaCiISLBnA2nR0_hPqZDRVLqwUhesgxNXvmG0?key=UG1Ib2R4THdTQ0RZRmthcGRHQkh0ZTktekQzRlZ3\" target=\"_blank\" rel=\"noopener\"><img decoding=\"async\" src=\"https:\/\/lh3.googleusercontent.com\/pw\/AP1GczPTaUxuOGgdHepKs_caNed6tG2Ow83SPuadt9dyDjmGhvhdSTMKuBSn1hXPv4gPc2SoOZ9zky4Ol2d_PevuvHXnT4DNpL_hKhN4Jq8avd6sT2yxLi_9qhVRQvQ9h4IEZe-9AGUM3K_YXOGfmj4jBidc=w2000-h1500-s-no-gm?authuser=0\" width=\"2000\" height=\"1500\" alt=\"T\u00fcm posterler Genel M\u00fcd\u00fcr Takada&#039;n\u0131n \u00f6zg\u00fcn tasar\u0131mlar\u0131d\u0131r\" class=\"size-full\" \/><\/a><figcaption class=\"wp-caption-text\">T\u00fcm posterler Genel M\u00fcd\u00fcr Takada&#039;n\u0131n \u00f6zg\u00fcn tasar\u0131mlar\u0131d\u0131r<\/figcaption><\/figure>\n<h4>Deneme \u00fcr\u00fcn\u00fc olarak &quot;Kurosengoku Kinako 25g&quot; (150 yen) \u00fcr\u00fcn\u00fcm\u00fcz var!<br \/>\n&quot;Ay\u00e7i\u00e7ek Ya\u011f\u0131 ve Kurosengoku Sosu&quot; indirimli bir \u00fcr\u00fcn olarak normal fiyat\u0131 olan 700 yen yerine 500 yene sat\u0131l\u0131yor!<\/h4>\n<figure class=\"wp-caption aligncenter\"><a href=\"https:\/\/photos.google.com\/share\/AF1QipP2u0Dg1Icz61Ynxq01oU3_-et-nZAQXbKx50WTeBhSDktjF5iDaDOcbjw2_nkBFg\/photo\/AF1QipNj7U99DALYQfvOSGU1RjG7iMktoVGcVY50__A?key=UG1Ib2R4THdTQ0RZRmthcGRHQkh0ZTktekQzRlZ3\" target=\"_blank\" rel=\"noopener\"><img decoding=\"async\" src=\"https:\/\/lh3.googleusercontent.com\/pw\/AP1GczP2zvFl9OnPS5Ajt9Z2aPboxBP9Z1-0kxVjues1CKrPR7mSeSeBEhqRJhVuVdo9umvjG9sGM7u3ogyutqeLvDcjWLqjIlSfC5eVQ5H8reryZuH5gUg2qjikQsOOltJ4mL62FtJ4K8MzdnZ517L-OZqJ=w2000-h1500-s-no-gm?authuser=0\" width=\"2000\" height=\"1500\" alt=\"Deneme \u00fcr\u00fcn\u00fc &quot;Kurosengoku Kinako 25g&quot; (150 yen) ve indirimli \u00fcr\u00fcn &quot;Ay\u00e7i\u00e7ek Ya\u011f\u0131 ve Kurosengoku Sosu&quot; normal fiyat\u0131 olan 700 yen yerine 500 yen olarak fiyatland\u0131r\u0131ld\u0131\" class=\"size-full\" \/><\/a><figcaption class=\"wp-caption-text\">Deneme \u00fcr\u00fcn\u00fc &quot;Kurosengoku Kinako 25g&quot; (150 yen) ve indirimli \u00fcr\u00fcn &quot;Ay\u00e7i\u00e7ek Ya\u011f\u0131 ve Kurosengoku Sosu&quot; normal fiyat\u0131 olan 700 yen yerine 500 yen olarak fiyatland\u0131r\u0131ld\u0131<\/figcaption><\/figure>\n<h3>\u00dcr\u00fcn a\u00e7\u0131klamas\u0131: Pop a\u00e7\u0131klamas\u0131<\/h3>\n<h4>Ham Kurosengoku soya fasulyesi<\/h4>\n<p>Ha\u015flanm\u0131\u015f fasulye ve fasulye pilav\u0131 i\u00e7in m\u00fckemmel!<br \/>\nK\u00fc\u00e7\u00fck siyah soya fasulyesi ye\u015fil meyveleriyle \u00f6ne \u00e7\u0131kar, besin a\u00e7\u0131s\u0131ndan zengindir ve kendine \u00f6zg\u00fc bir tatl\u0131l\u0131\u011fa sahiptir!<\/p>\n<h4>Kurosengokudon<\/h4>\n<p>Hem alkol\u00fcn yan\u0131nda at\u0131\u015ft\u0131rmal\u0131k olarak, hem fasulye pilav\u0131nda, hem k\u0131zarm\u0131\u015f yumurtada, hem de her t\u00fcrl\u00fc yemekte, hatta tatl\u0131da bile \u00e7ok lezzetli!<\/p>\n<h4>Kurosengoku pullar\u0131<\/h4>\n<p>Buharda pi\u015firilmi\u015f ve s\u0131k\u0131\u015ft\u0131r\u0131lm\u0131\u015f Kurosengoku soya fasulyesi gevre\u011fi!<\/p>\n<h4>Kurosengoku Kinako<\/h4>\n<p>Kinako, \u0131s\u0131 olu\u015fumunu \u00f6nlemek i\u00e7in \u00f6zel bir ta\u015f de\u011firmende yava\u015f\u00e7a \u00f6\u011f\u00fct\u00fcl\u00fcr ve sonu\u00e7ta ho\u015f kokulu ve tatl\u0131 soya fasulyesi unu elde edilir. M\u00fcmk\u00fcn oldu\u011funca bozulmas\u0131n\u0131 \u00f6nlemek i\u00e7in, ambalajlamada kal\u0131n al\u00fcminyum folyo kullan\u0131l\u0131r. Miso \u00e7orbas\u0131, kahve, yo\u011furt, dondurma ve daha bir\u00e7ok \u015feyin \u00fczerine konulabilir!<\/p>\n<h4>Kurosengoku soya eti<\/h4>\n<p>Il\u0131k suda bekletip k\u0131yma yerine kullanabilirsiniz. Et sosu, mapo tofu, sote sebzeler, k\u0131yma k\u00f6risi ve taco pirinci gibi \u00e7ok \u00e7e\u015fitli yemeklerde kullan\u0131l\u0131r.<\/p>\n<h4>Kurosengoku sosu<\/h4>\n<p>Kurosengoku soya fasulyesiyle yap\u0131lan l\u00fcks ve ho\u015f kokulu bir ay\u00e7i\u00e7ek ya\u011f\u0131 sosu!<br \/>\nSalatalara, \u0131zgara etlere ve gyozaya \u00e7ok yak\u0131\u015fan lezzetli bir sos!<\/p>\n<h3>Ma\u011fazay\u0131 ziyaret eden m\u00fc\u015fteriler<\/h3>\n<p>Ma\u011fazam\u0131z\u0131 a\u00e7t\u0131\u011f\u0131m\u0131z g\u00fcnden bu yana Kurosengoku soya fasulyesi tutkunlar\u0131 ve tan\u0131d\u0131klar\u0131 s\u00fcrekli ziyaret ediyor.<\/p>\n<p>Kurosengoku soya fasulyesini hi\u00e7 duymam\u0131\u015f baz\u0131 m\u00fc\u015fteriler stantta durup merakla, &quot;Bu fasulyeler nedir? Bunlar\u0131 nas\u0131l pi\u015firirim?&quot; diye sordular. . .<\/p>\n<p>Sonra, Kurosengoku soya fasulyesinin besin de\u011ferini ve pi\u015firme y\u00f6ntemlerini \u00f6\u011frendikten sonra ikna olup, bunlar\u0131 b\u00fcy\u00fck miktarlarda sat\u0131n almaya ba\u015flayanlar da var.<\/p>\n<figure class=\"wp-caption aligncenter\"><a href=\"https:\/\/photos.google.com\/share\/AF1QipP2u0Dg1Icz61Ynxq01oU3_-et-nZAQXbKx50WTeBhSDktjF5iDaDOcbjw2_nkBFg\/photo\/AF1QipMQpxeeHolY3ah-_z39np9mkKiYXD9RcGjK3GA?key=UG1Ib2R4THdTQ0RZRmthcGRHQkh0ZTktekQzRlZ3\" target=\"_blank\" rel=\"noopener\"><img decoding=\"async\" src=\"https:\/\/lh3.googleusercontent.com\/pw\/AP1GczPZObirWYPm4rKvDxieOBSmoYEFyQInZ6lAuqYD2aZ0Svo8jiX0MTVLD-BU_At-l8gbe9fjNavNMFXTFVXvYmPQsCJQVRMs57QDnQ-B4qSVNEplkmEC93mdia1PDifZP19mN6y4LGwxG11u3Gq0Qw00=w2000-h1500-s-no-gm?authuser=0\" width=\"2000\" height=\"1500\" alt=\"Stand\u0131m\u0131z\u0131 ziyaret eden m\u00fc\u015fteriler\" class=\"size-full\" \/><\/a><figcaption class=\"wp-caption-text\">Stand\u0131m\u0131z\u0131 ziyaret eden m\u00fc\u015fteriler<\/figcaption><\/figure>\n<figure class=\"wp-caption aligncenter\"><a href=\"https:\/\/photos.google.com\/share\/AF1QipP2u0Dg1Icz61Ynxq01oU3_-et-nZAQXbKx50WTeBhSDktjF5iDaDOcbjw2_nkBFg\/photo\/AF1QipNjVjpMYymGoJwFUI-dRxTrBPbLbnMaLfNUN68?key=UG1Ib2R4THdTQ0RZRmthcGRHQkh0ZTktekQzRlZ3\" target=\"_blank\" rel=\"noopener\"><img decoding=\"async\" src=\"https:\/\/lh3.googleusercontent.com\/pw\/AP1GczORKBBbVvPnQlZxuvvBmj36x_MOJniJxKhMpCfj9Wi4bpNqH-b76i9DQgfjD-vojfdx_4Zao8qQGDQx7_iOIHv0sQQodGIGw5nwsab8y7tZd-Zfv0LBds6VXYiTI9c9f5QSBddEmcO_WbxR-0Dfwg0L=w2000-h1500-s-no-gm?authuser=0\" width=\"2000\" height=\"1500\" alt=\"Al\u0131\u015fveri\u015fleriniz i\u00e7in \u00e7ok te\u015fekk\u00fcr ederiz!\" class=\"size-full\" \/><\/a><figcaption class=\"wp-caption-text\">Al\u0131\u015fveri\u015fleriniz i\u00e7in \u00e7ok te\u015fekk\u00fcr ederiz!<\/figcaption><\/figure>\n<figure class=\"wp-caption aligncenter\"><a href=\"https:\/\/photos.google.com\/share\/AF1QipP2u0Dg1Icz61Ynxq01oU3_-et-nZAQXbKx50WTeBhSDktjF5iDaDOcbjw2_nkBFg\/photo\/AF1QipNLZ6JH4HDEkaGYDAdIvTQFzLXgVQcgwU3SIlA?key=UG1Ib2R4THdTQ0RZRmthcGRHQkh0ZTktekQzRlZ3\" target=\"_blank\" rel=\"noopener\"><img decoding=\"async\" src=\"https:\/\/lh3.googleusercontent.com\/pw\/AP1GczNXvU9oFFF40Iw9vZP_r-ttzsZKUV8ihmRSqn8D9P3R50qdqs5QMTqON7XnPj9YCgsBNmMrYinUiHqtU20RMpiSkBGyo4-SzS2rg-tijgrJh-YJuzr9qnqui2xqASHAocY_GHDG3PcLLMVg2zA8kWep=w2000-h1500-s-no-gm?authuser=0\" width=\"2000\" height=\"1500\" alt=\"Bizi d\u00fczenli olarak ziyaret edin!\" class=\"size-full\" \/><\/a><figcaption class=\"wp-caption-text\">Bizi d\u00fczenli olarak ziyaret edin!<\/figcaption><\/figure>\n<h3>[Goutabi Hokkaido] ile bir i\u015fbirli\u011fi projesi \u015fu anda devam ediyor<\/h3>\n<p>10 Haziran Pazartesi ak\u015fam\u0131, Hokkaido \u00f6zel konaklama rezervasyon sitesini [Goutabi Hokkaido] i\u015fleten Hokkaido Value Scope Co., Ltd.,<a href=\"https:\/\/www.v-scope.co.jp\/overview\/#ceo\" rel=\"noopener\" target=\"_blank\">Shigemichi Miura Temsilci Direkt\u00f6r ve Ba\u015fkan<\/a>Planlama M\u00fcd\u00fcr\u00fc Ayuko Fujimura ve di\u011ferleri ma\u011fazam\u0131z\u0131 ziyaret etti!<\/p>\n<p>Genel M\u00fcd\u00fcr Takada Yuji ile bir g\u00f6r\u00fc\u015fme yapt\u0131k ve Guutabi Hokkaido ile Kurosengoku \u0130\u015f Kooperatifi aras\u0131nda \u015fu anda bir i\u015fbirli\u011fi hediye projesinin y\u00fcr\u00fct\u00fcld\u00fc\u011f\u00fcn\u00fc \u00f6\u011frendik! Bunu sab\u0131rs\u0131zl\u0131kla bekliyorum~\u266a<\/p>\n<figure class=\"wp-caption aligncenter\"><a href=\"https:\/\/photos.google.com\/share\/AF1QipP2u0Dg1Icz61Ynxq01oU3_-et-nZAQXbKx50WTeBhSDktjF5iDaDOcbjw2_nkBFg\/photo\/AF1QipNM1dT1cvmWfPQEXgfN805rQuDW7YeTBuNruRQ?key=UG1Ib2R4THdTQ0RZRmthcGRHQkh0ZTktekQzRlZ3\" target=\"_blank\" rel=\"noopener\"><img decoding=\"async\" src=\"https:\/\/lh3.googleusercontent.com\/pw\/AP1GczN95Le-E1QpMqYf6AhMc9kGulRrrW1cHrFgYu9luXWjdWsF9_15nuvC3yBgSIVl6rKxN8rC3fSIM0b0aEldZ5edSSXmgyGzQOX77yRWo0XCSJIlIlNqqLJl5YcGS8pubYoLPZes2VznYglu4ww3ijGH=w2000-h1500-s-no-gm?authuser=0\" width=\"2000\" height=\"1500\" alt=\"&quot;Goutabi Hokkaido&quot;yu i\u015fleten Hokkaido Valuescope&#039;un Ba\u015fkan\u0131 ve CEO&#039;su Shigemichi Miura, Planlama M\u00fcd\u00fcr\u00fc Ayuko Fujimura ve di\u011ferleri ma\u011fazay\u0131 ziyaret etti!\" class=\"size-full\" \/><\/a><figcaption class=\"wp-caption-text\">&quot;Goutabi Hokkaido&quot;yu i\u015fleten Hokkaido Valuescope&#039;un Ba\u015fkan\u0131 ve CEO&#039;su Shigemichi Miura, Planlama M\u00fcd\u00fcr\u00fc Ayuko Fujimura ve di\u011ferleri ma\u011fazay\u0131 ziyaret etti!<\/figcaption><\/figure>\n<figure class=\"wp-caption aligncenter\"><a href=\"https:\/\/photos.google.com\/share\/AF1QipP2u0Dg1Icz61Ynxq01oU3_-et-nZAQXbKx50WTeBhSDktjF5iDaDOcbjw2_nkBFg\/photo\/AF1QipNeSGhVLFrfdhgrr-U0kDBFKQYZB3uEgHdwLA8?key=UG1Ib2R4THdTQ0RZRmthcGRHQkh0ZTktekQzRlZ3\" target=\"_blank\" rel=\"noopener\"><img decoding=\"async\" src=\"https:\/\/lh3.googleusercontent.com\/pw\/AP1GczNsvCs1ClgWkACUP8ugp1RNpg23Ud_JyG51njjBD0wACk10PGUArrCk7gjHFs7b0IGrgHGccXL1WrfXGuIDI-2byWcyck3ScKtlSzpSGAp0QxLhJQZRxa2Ltr19UZeAXdIpJDHaGJUovJI3zo058150=w2000-h1500-s-no-gm?authuser=0\" width=\"2000\" height=\"1500\" alt=\"Hediye kampanyam\u0131z ba\u015flad\u0131!\" class=\"size-full\" \/><\/a><figcaption class=\"wp-caption-text\">Hediye kampanyam\u0131z ba\u015flad\u0131!<\/figcaption><\/figure>\n\n        <div class=\"site-blogcard-premium\">\n            <div class=\"bc-label-custom\">\u0130lgili makaleler<\/div>\n            <div class=\"bc-flex-container\">\n                <div class=\"bc-main-text\">\n                    <div class=\"bc-title-link-box\">\n                        <a href=\"https:\/\/www.gutabi.jp\/event\/detail\/899\" target=\"_blank\">39. Ay\u00e7i\u00e7e\u011fi Festivali | Hokkaido Turizmi | Guutabi Hokkaido<\/a>\n                    <\/div>\n                    <div class=\"bc-excerpt-box\">Ishikari\/Sorachi Etkinli\u011fi: 39. Ay\u00e7i\u00e7e\u011fi Festivali. Yaz\u0131n simgesi olan ay\u00e7i\u00e7ekleri, yakla\u015f\u0131k 23 hektarl\u0131k geni\u015f bir alanda a\u00e7\u0131yor...<\/div>\n                <\/div>\n                <div class=\"bc-thumbnail-box\">\n                    <a href=\"https:\/\/www.gutabi.jp\/event\/detail\/899\" target=\"_blank\">\n                        <div class=\"bc-img-zoom-wrap\">\n                            <img decoding=\"async\" src=\"https:\/\/static.gutabi.jp\/static\/responsive\/images\/ogp.jpg\" alt=\"39. Ay\u00e7i\u00e7e\u011fi Festivali | Hokkaido Turizmi | Guutabi Hokkaido\">\n                        <\/div>\n                    <\/a>\n                <\/div>\n            <\/div>\n        <\/div>\n<h3>Belediye Ba\u015fkan\u0131 Sasaki Yasuhiro cesaret vermek i\u00e7in ziyarette bulundu<\/h3>\n<p>Ayr\u0131ca, ikinci g\u00fcn olan 11 Haziran (Sal\u0131) \u00f6\u011fleden sonra Belediye Ba\u015fkan\u0131 Sasaki Yasuhiro, Hokuriku Kasabas\u0131 Genel \u0130\u015fler B\u00f6l\u00fcm \u015eefi Minamiha Hajime ile birlikte tak\u0131m\u0131 desteklemek i\u00e7in bir ziyaret ger\u00e7ekle\u015ftirdi.<\/p>\n<figure class=\"wp-caption aligncenter\"><a href=\"https:\/\/photos.google.com\/share\/AF1QipP2u0Dg1Icz61Ynxq01oU3_-et-nZAQXbKx50WTeBhSDktjF5iDaDOcbjw2_nkBFg\/photo\/AF1QipNkd8p1kiVNu_0iUcnaZshz8ktFgvPIOBdK3r0?key=UG1Ib2R4THdTQ0RZRmthcGRHQkh0ZTktekQzRlZ3\" target=\"_blank\" rel=\"noopener\"><img decoding=\"async\" src=\"https:\/\/lh3.googleusercontent.com\/pw\/AP1GczMTT4XclZe3bbghVQBGC6_HX50uNJAD9TKekJqX89MnNrJZNKt_kanWu0XyR6AllPbfkixPro0vjoZN96Byp1IzJgX8QWAIVrCpJVvKy3LpXCWCFiqe-Vj6Pd4iROYIfwn8HMJ_wR6TRa-1F_-fdyJh=w2000-h1500-s-no-gm?authuser=0\" width=\"2000\" height=\"1500\" alt=\"Belediye Ba\u015fkan\u0131 Sasaki bizi cesaretlendirmek i\u00e7in ziyarette bulundu!\" class=\"size-full\" \/><\/a><figcaption class=\"wp-caption-text\">Belediye Ba\u015fkan\u0131 Sasaki bizi cesaretlendirmek i\u00e7in ziyarette bulundu!<\/figcaption><\/figure>\n<h4>Nishiyama Ramen i\u015fbirli\u011fi seti<\/h4>\n<p>Nishiyama Ramen&#039;de de ramen tezgah\u0131n\u0131n kuruldu\u011fu mekan\u0131 Ba\u015fkan Takada Yukio ile birlikte ziyaret ederek merhaba dedi.<\/p>\n<figure class=\"wp-caption aligncenter\"><a href=\"https:\/\/photos.google.com\/share\/AF1QipP2u0Dg1Icz61Ynxq01oU3_-et-nZAQXbKx50WTeBhSDktjF5iDaDOcbjw2_nkBFg\/photo\/AF1QipPGW5zy1EJG0IkGwpGTHK63xQXnfLDxgcp0ekk?key=UG1Ib2R4THdTQ0RZRmthcGRHQkh0ZTktekQzRlZ3\"><img decoding=\"async\" src=\"https:\/\/lh3.googleusercontent.com\/pw\/AP1GczOChfzYCaBXhEZHJ6MD6jtQxoEqQdUAOivIzeu9MArOL080wZnjT3xprsslnOwIHT3ZZBIUmVD_3YRDi71_FXLAbudOx3BT0oQavIHWG5A8EkF2U6j8ZYmNltVjyPr_pbtbgB6A0wWSiT8GqYDGDl4E=w2000-h1500-s-no-gm?authuser=0\" width=\"2000\" height=\"1500\" alt=\"Nishiyama Ramen stand\u0131n\u0131 ziyaret edin\" class=\"size-full\" \/><\/a><figcaption class=\"wp-caption-text\">Nishiyama Ramen stand\u0131n\u0131 ziyaret edin<\/figcaption><\/figure>\n<p>Nishiyama Ramen&#039;in &quot;Hokkaido Umaimono Seti A\u011fustos&quot; yeme\u011finde iki porsiyon Komefutei Abura Soba (iki su barda\u011f\u0131) ve Kurosengoku soya fasulyesi ve k\u0131y\u0131lm\u0131\u015f yosunla yap\u0131lan bir pirin\u00e7 baharat\u0131 ve Hokkaido&#039;nun Hokuryu kasabas\u0131ndan iki su barda\u011f\u0131 Nanatsuboshi pirinci bulunuyor.<\/p>\n<figure class=\"wp-caption aligncenter\"><a href=\"https:\/\/photos.google.com\/share\/AF1QipP2u0Dg1Icz61Ynxq01oU3_-et-nZAQXbKx50WTeBhSDktjF5iDaDOcbjw2_nkBFg\/photo\/AF1QipPRsozPv6mUbBmh1_SUoxV-IZC0p3l6bSsogvg?key=UG1Ib2R4THdTQ0RZRmthcGRHQkh0ZTktekQzRlZ3\" target=\"_blank\" rel=\"noopener\"><img decoding=\"async\" src=\"https:\/\/lh3.googleusercontent.com\/pw\/AP1GczOAXUbNkQvaZittMHJ4Rd9pPc5D9ZCwnu9lpiXi8SMGh_x6DfAzT_c2J_pxY_tv0dPfeoYSeMVM2KYrh0cueLmrzLK2MFaZd_Hzn674kFO4Wawack64iJUNDQFZUF3aqbbKZALd2wDWZtMp48fvlTqR=w2000-h1500-s-no-gm?authuser=0\" width=\"2000\" height=\"1500\" alt=\"Nishiyama Ramen ve Kurosengoku pirincinin birle\u015fiminden olu\u015fan lezzetli bir set!\" class=\"size-full\" \/><\/a><figcaption class=\"wp-caption-text\">Nishiyama Ramen ve Kurosengoku pirincinin birle\u015fiminden olu\u015fan lezzetli bir set!<\/figcaption><\/figure>\n\n        <div class=\"site-blogcard-premium\">\n            <div class=\"bc-label-custom\">\u0130lgili makaleler<\/div>\n            <div class=\"bc-flex-container\">\n                <div class=\"bc-main-text\">\n                    <div class=\"bc-title-link-box\">\n                        <a href=\"https:\/\/www.ramen.jp\" target=\"_blank\">Nishiyama Seimen Co., Ltd. - Eri\u015fte yap\u0131m\u0131nda 70 y\u0131ll\u0131k deneyim. Sapporo Nishiyama Ramen<\/a>\n                    <\/div>\n                    <div class=\"bc-excerpt-box\">70 y\u0131ll\u0131k eri\u015fte \u00fcretimi. Bu kitap, Nishiyama Eri\u015fte Fabrikas\u0131&#039;n\u0131n tarihini, eri\u015fte \u00fcretimine olan ba\u011fl\u0131l\u0131\u011f\u0131n\u0131, i\u015f kurma deste\u011fini ve yemek pi\u015firme e\u011fitimini, ayr\u0131ca kalite ve uygun fiyat konusundaki kararl\u0131l\u0131\u011f\u0131n\u0131 ele al\u0131yor...<\/div>\n                <\/div>\n                <div class=\"bc-thumbnail-box\">\n                    <a href=\"https:\/\/www.ramen.jp\" target=\"_blank\">\n                        <div class=\"bc-img-zoom-wrap\">\n                            <img decoding=\"async\" src=\"http:\/\/www.ramen.jp\/shared\/images\/logo_ogp.jpg\" alt=\"Nishiyama Seimen Co., Ltd. - Eri\u015fte yap\u0131m\u0131nda 70 y\u0131ll\u0131k deneyim. Sapporo Nishiyama Ramen\">\n                        <\/div>\n                    <\/a>\n                <\/div>\n            <\/div>\n        <\/div>\n<h2>Ayakta duran soba restoran\u0131 Nagara<\/h2>\n<p>Konum Sapporo, Chuo-ku&#039;daki Showa Binas\u0131&#039;n\u0131n bodrum kat\u0131nda, 5-chome Odori Nishi&#039;de.<\/p>\n<figure id=\"attachment_46343\" class=\"wp-caption aligncenter\"><a href=\"https:\/\/maps.app.goo.gl\/81Vry5VQrGu7XeMq8\" target=\"_blank\" rel=\"noopener\"><img decoding=\"async\" src=\"https:\/\/portal.hokuryu.info\/wp\/wp-content\/uploads\/2024\/06\/2024-06-14-14.31.42.jpg\" alt=\"Stand-and-eat soba restoran\u0131 Nagara (Sapporo)\" width=\"1328\" height=\"976\" class=\"size-full wp-image-46343\" style=\"border:solid 1px blue\"\/><figcaption class=\"wp-caption-text\">Stand-and-eat soba restoran\u0131 Nagara (Sapporo)<\/a><\/figcaption><\/figure>\n<p>Genel M\u00fcd\u00fcr Takada&#039;n\u0131n uzun zamand\u0131r m\u00fcdavimi oldu\u011fu soba stand-and-eat restoran\u0131 Nagara, Kurosengoku soya fasulyesi pirin\u00e7 toplar\u0131 servis ediyor, bu y\u00fczden \u00f6\u011fle yeme\u011fi i\u00e7in oraya u\u011framaya karar verdik!<\/p>\n<figure class=\"wp-caption aligncenter\"><a href=\"https:\/\/photos.google.com\/share\/AF1QipP2u0Dg1Icz61Ynxq01oU3_-et-nZAQXbKx50WTeBhSDktjF5iDaDOcbjw2_nkBFg\/photo\/AF1QipO3sCVlgTanmUTm7aTrawSJx9pHoq7ELAccuNU?key=UG1Ib2R4THdTQ0RZRmthcGRHQkh0ZTktekQzRlZ3\" target=\"_blank\" rel=\"noopener\"><img decoding=\"async\" src=\"https:\/\/lh3.googleusercontent.com\/pw\/AP1GczPzveVoPLruZz-vLhYtaTsr915G16A0sg4uJW4tdN0xvzkFxWuen1QhOMHxQ-UOO4sY-YnRyathocixGrf4kIqJJn9dxOJt7XoTlaOQGAXqRfJbc67zmbXF7A8zHpMDvmlAkb5xAcKlJGeH5lt9C3b-=w2000-h1500-s-no-gm?authuser=0\" width=\"2000\" height=\"1500\" alt=\"Ayakta duran soba restoran\u0131 &quot;Nagara&quot;\" class=\"size-full\" \/><\/a><figcaption class=\"wp-caption-text\">Ayakta duran soba restoran\u0131 &quot;Nagara&quot;<\/figcaption><\/figure>\n<p>\u00d6\u011fle vakti oldu\u011fu i\u00e7in tezgahta yer a\u00e7\u0131lmas\u0131n\u0131 beklemek zorundayd\u0131k. . . Otantik ve lezzetli dashi \u00e7orbas\u0131 suyu sunan pop\u00fcler bir restoran.<\/p>\n<figure class=\"wp-caption aligncenter\"><a href=\"https:\/\/photos.google.com\/share\/AF1QipP2u0Dg1Icz61Ynxq01oU3_-et-nZAQXbKx50WTeBhSDktjF5iDaDOcbjw2_nkBFg\/photo\/AF1QipMD4QdkUKaWaTEX9C_zAYFlPOdpyu5pFs1Z6pw?key=UG1Ib2R4THdTQ0RZRmthcGRHQkh0ZTktekQzRlZ3\" target=\"_blank\" rel=\"noopener\"><img decoding=\"async\" src=\"https:\/\/lh3.googleusercontent.com\/pw\/AP1GczMQkIqeOKf_1DiwTdpK3GZhb7WFl8CzBDtWMEmat0welXMgZnM2dib9lfAY1E21r3SZBU3V3ikykWshab6lVGVv4E5uyyMpFKLAdkNlBwJSqz1VrSoNCWX_TKWtS0nS040MkMB5ei_gXshv08n7jpn3=w2000-h1500-s-no-gm?authuser=0\" width=\"2000\" height=\"1500\" alt=\"Sebze tempura soba ve Kurosengoku soya fasulyesi pirin\u00e7 toplar\u0131\" class=\"size-full\" \/><\/a><figcaption class=\"wp-caption-text\">Sebze tempura soba ve siyah soya fasulyesi pirin\u00e7 toplar\u0131<\/figcaption><\/figure>\n<p>Baz\u0131 m\u00fc\u015fteriler Kurosengoku soya fasulyesi pirin\u00e7 toplar\u0131 ve inari su\u015fi i\u00e7eren setler sipari\u015f ediyor! ! !<br \/>\nlezzetli! erken! ucuz! Hem doyurucu hem de \u00e7ok lezzetli soba eri\u015ftesi!<\/p>\n<figure class=\"wp-caption aligncenter\"><a href=\"https:\/\/photos.google.com\/share\/AF1QipP2u0Dg1Icz61Ynxq01oU3_-et-nZAQXbKx50WTeBhSDktjF5iDaDOcbjw2_nkBFg\/photo\/AF1QipMMa1JZazItYvTTmYj2mzhaEPfcqhPu3WpJ9bo?key=UG1Ib2R4THdTQ0RZRmthcGRHQkh0ZTktekQzRlZ3\" target=\"_blank\" rel=\"noopener\"><img decoding=\"async\" src=\"https:\/\/lh3.googleusercontent.com\/pw\/AP1GczNli9TrTnr-Dtor0m3XEW_CJQJhCjiJnd03KnPIYvcc1P8ObmDGtblmILDoDlC3U5D3hdoKoAilo0Cn9-twsbsEDZzpSJI-KTRNgu1-qPe2o8seszXqVlkfsSsRP2p1IvEySufLjCarGDQx6yVJpeeo=w2000-h1500-s-no-gm?authuser=0\" width=\"2000\" height=\"1500\" alt=\"Kurosengoku soya fasulyesi pirin\u00e7 toplar\u0131 ve inari sunuyoruz!\" class=\"size-full\" \/><\/a><figcaption class=\"wp-caption-text\">Kurosengoku soya fasulyesi pirin\u00e7 toplar\u0131 ve inari sunuyoruz!<\/figcaption><\/figure>\n<figure class=\"wp-caption aligncenter\"><a href=\"https:\/\/photos.google.com\/share\/AF1QipP2u0Dg1Icz61Ynxq01oU3_-et-nZAQXbKx50WTeBhSDktjF5iDaDOcbjw2_nkBFg\/photo\/AF1QipMjyN_SryOX6kD2cS4lJlxTtagGPfBeN8ubCTY?key=UG1Ib2R4THdTQ0RZRmthcGRHQkh0ZTktekQzRlZ3\" target=\"_blank\" rel=\"noopener\"><img decoding=\"async\" src=\"https:\/\/lh3.googleusercontent.com\/pw\/AP1GczMZR8eyFrDB3JP7sUuT8WvzhJ8lZC8Ch9tOQZ2wJ5gPmPz4qBUYVwfs06rygccJGAawEajpd37QUkN6EfqYWTXGxJKs_QMpb0toZGGHuw5sjjSBl9p74rXv0-lRgG0QC37rXA6K7KYtkXujZgN9Sznf=w2000-h1500-s-no-gm?authuser=0\" width=\"2000\" height=\"1500\" alt=\"Efsanevi Kurosengoku soya fasulyesi pirin\u00e7 toplar\u0131 ve UMEYA&#039;n\u0131n Kurosengoku kremal\u0131 b\u00f6rekleri\" class=\"size-full\" \/><\/a><figcaption class=\"wp-caption-text\">Efsanevi Kurosengoku soya fasulyesi pirin\u00e7 toplar\u0131 ve UMEYA&#039;n\u0131n Kurosengoku kremal\u0131 b\u00f6rekleri<\/figcaption><\/figure>\n<figure id=\"attachment_46342\" class=\"wp-caption aligncenter\"><a href=\"https:\/\/www.instagram.com\/yorunonagara\/?hl\"><img decoding=\"async\" src=\"https:\/\/portal.hokuryu.info\/wp\/wp-content\/uploads\/2024\/06\/2024-06-14-14.28.40.jpg\" alt=\"Standing Soba Restoran Nagara (Sapporo \u015eehri) Instagram\" width=\"2110\" height=\"1434\" class=\"size-full wp-image-46342\" \/><figcaption class=\"wp-caption-text\">Standing Soba Restoran Nagara (Sapporo \u015eehri) Instagram<\/a><\/figcaption><\/figure>\n<p><center><img decoding=\"async\" src=\"https:\/\/portal.hokuryu.info\/wp\/wp-content\/uploads\/2024\/06\/2024-06-14-14.35.47.png\" width=\"15\"> ~ <img decoding=\"async\" src=\"https:\/\/portal.hokuryu.info\/wp\/wp-content\/uploads\/2024\/06\/2024-06-14-14.35.47.png\" width=\"15\"> ~ <img decoding=\"async\" src=\"https:\/\/portal.hokuryu.info\/wp\/wp-content\/uploads\/2024\/06\/2024-06-14-14.35.47.png\" width=\"15\"> ~ <img decoding=\"async\" src=\"https:\/\/portal.hokuryu.info\/wp\/wp-content\/uploads\/2024\/06\/2024-06-14-14.35.47.png\" width=\"15\"> ~ <img decoding=\"async\" src=\"https:\/\/portal.hokuryu.info\/wp\/wp-content\/uploads\/2024\/06\/2024-06-14-14.35.47.png\" width=\"15\"> ~ <img decoding=\"async\" src=\"https:\/\/portal.hokuryu.info\/wp\/wp-content\/uploads\/2024\/06\/2024-06-14-14.35.47.png\" width=\"15\"><\/center><\/p>\n<p>Sapporo Chi-Ka-Ho&#039;da iki g\u00fcnl\u00fck Kurosengoku Soya Fasulyesi Fuar\u0131!<br \/>\nS\u0131n\u0131rs\u0131z sevgi, \u015f\u00fckran ve dualarla, Sapporo&#039;da Kurosengoku soya fasulyesi hakk\u0131nda fark\u0131ndal\u0131\u011f\u0131 art\u0131racak ve Kurosengoku soya fasulyesinin cazibesini daha da fazla insana yayacak olan &quot;Chikaho&#039;daki Hayalet Kurosengoku Soya Fasulyesi Fuar\u0131&quot;na i\u00e7ten \u015f\u00fckranlar\u0131m\u0131z\u0131 sunmak istiyoruz. . .<\/p>\n<figure class=\"wp-caption aligncenter\"><a href=\"https:\/\/photos.google.com\/share\/AF1QipP2u0Dg1Icz61Ynxq01oU3_-et-nZAQXbKx50WTeBhSDktjF5iDaDOcbjw2_nkBFg\/photo\/AF1QipPNpWdWIrGelxY5HKSQW7uyWOj8Osn7b5WC7Tg?key=UG1Ib2R4THdTQ0RZRmthcGRHQkh0ZTktekQzRlZ3\" target=\"_blank\" rel=\"noopener\"><img decoding=\"async\" src=\"https:\/\/lh3.googleusercontent.com\/pw\/AP1GczPC6YeQ6n0bpR6iv5SxGoQ4NmvNCkENP7En4WkzeHOcruOYwRHcDq6ELnsJZ2nRzMIRbqXsa9w7nuNVsri9KKne2GwhtUa-47XRm4uH7Qlu8pYGf7HKLlrEpn-1t8v3IbQyEOSIH_B4trhG9mdD_fwq=w2000-h1500-s-no-gm?authuser=0\" width=\"2000\" height=\"1500\" alt=\"Kurosengoku soya fasulyesinin cazibesini artt\u0131rd\u0131\u011f\u0131 i\u00e7in Chikaho&#039;daki Kurosengoku Soya Fuar\u0131&#039;na \u015f\u00fckranlar\u0131m\u0131z\u0131 sunmak istiyoruz. . .\" class=\"size-full\" \/><\/a><figcaption class=\"wp-caption-text\">Kurosengoku soya fasulyesinin cazibesini artt\u0131rd\u0131\u011f\u0131 i\u00e7in Chikaho&#039;daki Kurosengoku Soya Fuar\u0131&#039;na \u015f\u00fckranlar\u0131m\u0131z\u0131 sunmak istiyoruz. . .<\/figcaption><\/figure>\n<h2>Youtube videolar\u0131<\/h2>\n<div class=\"youtube\"><iframe title=\"Kurosengoku \u0130\u015f Kooperatifi, kendi b\u00fcnyesinde (Sapporo Ekimae-dori Yeralt\u0131 Meydan\u0131) &quot;Chi-Ka-Ho&#039;daki Hayalet Kurosengoku Soya Fasulyesi Fuar\u0131&quot;n\u0131 d\u00fczenleyecek ve her birka\u00e7 ayda bir Sapporo&#039;da bir tezgah a\u00e7acak!\" src=\"https:\/\/www.youtube.com\/embed\/_97Gou1asnI?feature=oembed\" frameborder=\"0\" allow=\"accelerometer; autoplay; clipboard-write; encrypted-media; gyroscope; picture-in-picture; web-share\" referrerpolicy=\"strict-origin-when-cross-origin\" allowfullscreen><\/iframe><\/div>\n<h2>Di\u011fer foto\u011fraflar<\/h2>\n<div class=\"img-move\"><img decoding=\"async\" style=\"vertical-align: middle;\" src=\"https:\/\/ehokkaido.net\/wp-content\/uploads\/2021\/12\/2021-12-06-11.41.12.png\" \/> <a href=\"https:\/\/photos.app.goo.gl\/VXDdyiNuczPBAfPq8\" target=\"_blank\" rel=\"noopener noreferrer\">Chikaho&#039;daki Kurosengoku Soya Fasulyesi Fuar\u0131&#039;ndan ilk foto\u011fraf setini (108 foto\u011fraf) g\u00f6rmek i\u00e7in buraya t\u0131klay\u0131n &gt;&gt;<\/a><\/div>\n<h2>\u0130lgili makaleler<\/h2>\n\n\u3000<br \/>\n\u25c7 R\u00f6portaj ve metin: Ikuko Terauchi (foto\u011fraf\u00e7\u0131l\u0131k ve d\u00fczenleme asistan\u0131: Noboru Terauchi)<\/p>","protected":false},"excerpt":{"rendered":"<p>\uff12\uff10\uff12\uff14\u5e74\uff16\u6708\uff11\uff14\u65e5\uff08\u91d1\uff09 \uff16\u6708\uff11\uff10\u65e5\uff08\u6708\uff09\u30fb\uff16\u6708\uff11\uff11\u65e5\uff08\u706b\uff09\u3001\u30c1\u30fb\u30ab\u30fb\u30db\uff08\u672d\u5e4c\u99c5\u524d\u901a\u5730\u4e0b\u5e83\u5834\uff09\u306b\u3066\u3001\u9ed2\u5343\u77f3\u4e8b\u696d\u5354\u540c\u7d44\u5408\u304c\u300c\u5e7b\u306e\u9ed2\u5343\u77f3\u5927\u8c46\u30d5\u30a7\u30a2 in \u30c1\u30ab\u30db\u300d\u3092\u5358\u72ec\u3067\u51fa\u5e97\u3002 \u5e7b\u306e\u9ed2\u5343\u77f3\u5927\u8c46\u30d5\u30a7\u30a2 i [&hellip;]<\/p>\n","protected":false},"author":1,"featured_media":46284,"comment_status":"open","ping_status":"open","sticky":false,"template":"","format":"standard","meta":{"footnotes":""},"categories":[4,72,9],"tags":[],"class_list":["post-46233","post","type-post","status-publish","format-standard","has-post-thumbnail","hentry","category-cover-story","category-kurosengoku_jyoumu","category-kurosengoku"],"_links":{"self":[{"href":"https:\/\/portal.hokuryu.info\/tr\/wp-json\/wp\/v2\/posts\/46233","targetHints":{"allow":["GET"]}}],"collection":[{"href":"https:\/\/portal.hokuryu.info\/tr\/wp-json\/wp\/v2\/posts"}],"about":[{"href":"https:\/\/portal.hokuryu.info\/tr\/wp-json\/wp\/v2\/types\/post"}],"author":[{"embeddable":true,"href":"https:\/\/portal.hokuryu.info\/tr\/wp-json\/wp\/v2\/users\/1"}],"replies":[{"embeddable":true,"href":"https:\/\/portal.hokuryu.info\/tr\/wp-json\/wp\/v2\/comments?post=46233"}],"version-history":[{"count":0,"href":"https:\/\/portal.hokuryu.info\/tr\/wp-json\/wp\/v2\/posts\/46233\/revisions"}],"wp:featuredmedia":[{"embeddable":true,"href":"https:\/\/portal.hokuryu.info\/tr\/wp-json\/wp\/v2\/media\/46284"}],"wp:attachment":[{"href":"https:\/\/portal.hokuryu.info\/tr\/wp-json\/wp\/v2\/media?parent=46233"}],"wp:term":[{"taxonomy":"category","embeddable":true,"href":"https:\/\/portal.hokuryu.info\/tr\/wp-json\/wp\/v2\/categories?post=46233"},{"taxonomy":"post_tag","embeddable":true,"href":"https:\/\/portal.hokuryu.info\/tr\/wp-json\/wp\/v2\/tags?post=46233"}],"curies":[{"name":"wp","href":"https:\/\/api.w.org\/{rel}","templated":true}]}}