{"id":44877,"date":"2024-05-20T09:39:08","date_gmt":"2024-05-20T00:39:08","guid":{"rendered":"https:\/\/portal.hokuryu.info\/?p=44877"},"modified":"2024-05-21T21:45:24","modified_gmt":"2024-05-21T12:45:24","slug":"hokuryu-kasabasi-oncu-anma-toreni-ve-liyakat-odul-toreni-2024","status":"publish","type":"post","link":"https:\/\/portal.hokuryu.info\/tr\/44877\/","title":{"rendered":"Hokuryu Kasabas\u0131 \u00d6nc\u00fclerini Anma T\u00f6reni ve \u00dcst\u00fcn Hizmet \u00d6d\u00fcl T\u00f6reni 2024 - Atalar\u0131m\u0131z\u0131n zorluklar\u0131n\u0131 an\u0131yoruz"},"content":{"rendered":"<p>Pazartesi, 20 May\u0131s 2024<\/p>\n<p>17 May\u0131s Cuma g\u00fcn\u00fc Kitary\u016b Kasabas\u0131 \u00d6nc\u00fcleri Anma T\u00f6reni ve \u00dcst\u00fcn Hizmet \u00d6d\u00fcl T\u00f6reni t\u00f6renle ger\u00e7ekle\u015ftirildi.<br \/>\n\ufffc<br \/>\n<figure class=\"wp-caption aligncenter\"><a href=\"https:\/\/photos.google.com\/share\/AF1QipOFEDxNc2ZxEOq51LFjpWqn9dHofM-5U2-GFhLh5neAd9KCLyC4bevDlD1a4TaNRg\/photo\/AF1QipOggg-vda597YZfa1arB9EQQeEIfaCEvwj-IqU?key=UDFGXzlFOEF4WWpHZ3lKWTkyZnJvTUxkdWsyS0h3\" target=\"_blank\" rel=\"noopener\"><img decoding=\"async\" src=\"https:\/\/lh3.googleusercontent.com\/pw\/AP1GczNO0gAVUd6HNU_MYAEI8arNDD0KRIvJb5SCJixSoL0gFtCOoKYS96KCLgHeLBqt_2ejbg4qa9bZQmmVJcUT3SBl-ILWo-kx0Hi9C3IzpDCogm3bp1mUkv6r19jNisoHaYK6b-kXWEzcqnBk6BWWoOaL=w1957-h1468-s-no-gm?authuser=0\" width=\"1957\" height=\"1468\" alt=\"Hokuryu Kasabas\u0131 \u00d6nc\u00fc Anma T\u00f6reni 2024\" class=\"size-full\" \/><\/a><figcaption class=\"wp-caption-text\">Hokuryu Kasabas\u0131 \u00d6nc\u00fc Anma T\u00f6reni 2024<\/figcaption><\/figure>\n<h2>Hokuryu Kasabas\u0131 Geli\u015fimi Anma T\u00f6reni<\/h2>\n<p>Bu y\u0131l, Ejderha Y\u0131l\u0131 olan 2024 (Reiwa 6), Hokuryu Kasabas\u0131&#039;n\u0131n kurulu\u015funun 132. y\u0131l d\u00f6n\u00fcm\u00fcn\u00fc kutluyor.<br \/>\nKuvvetli bahar r\u00fczgarlar\u0131 ve ya\u011fmur tayfun gibi u\u011fuldarken, pirin\u00e7 tarlalar\u0131ndaki bereketli sular kuvvetli r\u00fczgarlarla \u015fiddetle sallan\u0131yor.<\/p>\n<p>Saat 10:00&#039;da, sanki t\u00fcm pirin\u00e7 tarlalar\u0131n\u0131 g\u00f6zetleyen ve atalar\u0131m\u0131z\u0131n \u00e7ekti\u011fi s\u0131k\u0131nt\u0131lara g\u00f6\u011f\u00fcs geren \u00f6nc\u00fc an\u0131t\u0131n\u0131n \u00f6n\u00fcnde, Okuni Tap\u0131na\u011f\u0131&#039;n\u0131n (Fukagawa \u015eehri) ba\u015frahibi Bay Onishi taraf\u0131ndan kutsal bir dua okundu.<\/p>\n<h3>1. Tanr\u0131lara adaklar<\/h3>\n<p>Sunulan yiyecekler aras\u0131nda pirin\u00e7, sake, su, tuz, bal\u0131k, sebze, meyve, deniz yosunu, yumurta ve tatl\u0131lar yer al\u0131yor.<\/p>\n<figure class=\"wp-caption aligncenter\"><a href=\"https:\/\/photos.google.com\/share\/AF1QipOFEDxNc2ZxEOq51LFjpWqn9dHofM-5U2-GFhLh5neAd9KCLyC4bevDlD1a4TaNRg\/photo\/AF1QipNZiUwaw2nS9yfGfM01N9v7BOmq7h9ffBQVPik?key=UDFGXzlFOEF4WWpHZ3lKWTkyZnJvTUxkdWsyS0h3\" target=\"_blank\" rel=\"noopener\"><img decoding=\"async\" src=\"https:\/\/lh3.googleusercontent.com\/pw\/AP1GczNqnMPfqmGqFvNKHw-Go2SmBSuZYvbDYFW9hq2s1-znSOQX-WRRgyO9vNfCVlMxwVhN0WpWebTi4sA7FZLnGLfouCKFjP6XZ7w-URqNlJypT8AS06-kT4WfdJBujuEs60N8ar2gfDqQgCgUE0eKTAsG=w2000-h1500-s-no-gm?authuser=0\" width=\"2000\" height=\"1500\" alt=\"Tanr\u0131lara adaklar\" class=\"size-full\" \/><\/a><figcaption class=\"wp-caption-text\">Tanr\u0131lara adaklar<\/figcaption><\/figure>\n<h3>2. \u015einto duas\u0131n\u0131 okumak<\/h3>\n<figure class=\"wp-caption aligncenter\"><a href=\"https:\/\/photos.google.com\/share\/AF1QipOFEDxNc2ZxEOq51LFjpWqn9dHofM-5U2-GFhLh5neAd9KCLyC4bevDlD1a4TaNRg\/photo\/AF1QipM2f83UoWEpRdnoYXZuRMj1ihe4kOHYa1vHY5I?key=UDFGXzlFOEF4WWpHZ3lKWTkyZnJvTUxkdWsyS0h3\" target=\"_blank\" rel=\"noopener\"><img decoding=\"async\" src=\"https:\/\/lh3.googleusercontent.com\/pw\/AP1GczPqLEO3N0BPqlVFpCsLO_9Pnm1SIiZyK9Ec0o5A1oYkR-ZP8tLZUNfUPYnHYE27RhZiDjGtkh0se5_UzNDGXD-6El9Vyu52ZirQ8IKVbLbXHPVJfBE7xDcz1ggKlTgq8Q2eSwVwBbK_Ki1TDK-5Gdjg=w2000-h1500-s-no-gm?authuser=0\" width=\"2000\" height=\"1500\" alt=\"Bir dua okumak\" class=\"size-full\" \/><\/a><figcaption class=\"wp-caption-text\">Bir dua okumak<\/figcaption><\/figure>\n<h3>3. Kutsal dallar\u0131n sunulmas\u0131<\/h3>\n<p>Hokuryu Kasabas\u0131&#039;n\u0131 temsil eden 20&#039;den fazla \u00f6nemli \u015fahsiyet kutsal dal ba\u011f\u0131\u015flar\u0131nda bulundu.<\/p>\n<figure class=\"wp-caption aligncenter\"><a href=\"https:\/\/photos.google.com\/share\/AF1QipOFEDxNc2ZxEOq51LFjpWqn9dHofM-5U2-GFhLh5neAd9KCLyC4bevDlD1a4TaNRg\/photo\/AF1QipNFNXUEBT9V4xCxZWC-x5e1uh-kW5WPUy35EV4?key=UDFGXzlFOEF4WWpHZ3lKWTkyZnJvTUxkdWsyS0h3\" target=\"_blank\" rel=\"noopener\"><img decoding=\"async\" src=\"https:\/\/lh3.googleusercontent.com\/pw\/AP1GczP7XoZnOgiUPHKSKAt2EEjlia7lvLHNFUdOm9zK2Rkd_-IP8HVikSnu55eaIESEyOIOfaZDfF1H62tbZzm5o_IgfnoH87erWAJnR0M_McDTABBVx8FV8yBsKyql3AaLSWKK8qDRex0PE8mToTzHfk4m=w2000-h1500-s-no-gm?authuser=0\" width=\"2000\" height=\"1500\" alt=\"Kutsal dallar\u0131n sunulmas\u0131\" class=\"size-full\" \/><\/a><figcaption class=\"wp-caption-text\">Kutsal dallar\u0131n sunulmas\u0131<\/figcaption><\/figure>\n<p>Daha sonra Hokuryu Kasabas\u0131 Ya\u015fl\u0131lar Refah Merkezi&#039;ne ge\u00e7ildi ve burada \u00fcst\u00fcn ba\u015far\u0131lara sahip \u00f6\u011frencilere \u00f6d\u00fcl t\u00f6reni d\u00fczenlendi.<\/p>\n<h2>Hokuryu Kasaba \u00d6d\u00fclleri T\u00fcz\u00fc\u011f\u00fcne dayal\u0131 \u00f6d\u00fcl t\u00f6reni<\/h2>\n<p>Hokuryu Kasabas\u0131&#039;n\u0131n geli\u015fmesine ve tan\u0131t\u0131lmas\u0131na katk\u0131da bulunanlar veya \u00fcst\u00fcn ba\u015far\u0131lar elde etti\u011fi tespit edilenler y\u00f6netmeli\u011fe g\u00f6re \u00f6d\u00fcllendirilecek.<br \/>\n\ufffc<br \/>\n<figure class=\"wp-caption aligncenter\"><a href=\"https:\/\/photos.google.com\/share\/AF1QipOFEDxNc2ZxEOq51LFjpWqn9dHofM-5U2-GFhLh5neAd9KCLyC4bevDlD1a4TaNRg\/photo\/AF1QipNNWuJYCWvLYthPoBaUIznq7DsRIsIfI7o0Ovo?key=UDFGXzlFOEF4WWpHZ3lKWTkyZnJvTUxkdWsyS0h3\" target=\"_blank\" rel=\"noopener\"><img decoding=\"async\" src=\"https:\/\/lh3.googleusercontent.com\/pw\/AP1GczNH04L24c-g5DIcMOYg0LkG3CuHgUcm4E4FFzsQ667eObHmj3syVrfiKXmoZV2zfF9JICiyUYDRDIcTvfSjFH1YXsUmd6rX9QQhfY8uTqX7qbclGB_BkVgtYUw-Gyjy4iNzFfucbFNwVzbnPCyDBuGp=w2000-h1333-s-no-gm?authuser=0\" width=\"2000\" height=\"1333\" alt=\"Hokuryu Kasaba \u00d6d\u00fclleri T\u00fcz\u00fc\u011f\u00fcne dayal\u0131 \u00f6d\u00fcl t\u00f6reni\" class=\"size-full\" \/><\/a><figcaption class=\"wp-caption-text\">Hokuryu Kasaba \u00d6d\u00fclleri T\u00fcz\u00fc\u011f\u00fcne dayal\u0131 \u00f6d\u00fcl t\u00f6reni<\/figcaption><\/figure>\n<h3>1. A\u00e7\u0131l\u0131\u015f konu\u015fmas\u0131<\/h3>\n<p>Toplant\u0131n\u0131n moderat\u00f6rl\u00fc\u011f\u00fcn\u00fc Belediye Binas\u0131 Genel \u0130\u015fler Daire Ba\u015fkan\u0131 Hajime Minami yapt\u0131.<\/p>\n<figure class=\"wp-caption aligncenter\"><a href=\"https:\/\/photos.google.com\/share\/AF1QipOFEDxNc2ZxEOq51LFjpWqn9dHofM-5U2-GFhLh5neAd9KCLyC4bevDlD1a4TaNRg\/photo\/AF1QipMg9Z7hrecA2WB8Xjis8HX3LGWXf1dv_u987wU?key=UDFGXzlFOEF4WWpHZ3lKWTkyZnJvTUxkdWsyS0h3\" target=\"_blank\" rel=\"noopener\"><img decoding=\"async\" src=\"https:\/\/lh3.googleusercontent.com\/pw\/AP1GczOYofpfMd-WkSDfG7d_1Yg9CjNaxdKPA1MDiDrQZKrSKpYz-684rQxg-1xKlI4jQTU4h1mSpEXlzgCqAlDKLo2OCCTDGrsro-vyIfO3TuqgPqyY3jW9hpzsJBeNtKlBVtM_VQQf2A1I1FyaV5wPvNZC=w2000-h1333-s-no-gm?authuser=0\" width=\"2000\" height=\"1333\" alt=\"Oturumun moderat\u00f6rl\u00fc\u011f\u00fcn\u00fc Belediye Binas\u0131 Genel \u0130\u015fler B\u00f6l\u00fcm Ba\u015fkan\u0131 Hajime Nanba yapt\u0131.\" class=\"size-full\" \/><\/a><figcaption class=\"wp-caption-text\">Oturumun moderat\u00f6rl\u00fc\u011f\u00fcn\u00fc Belediye Binas\u0131 Genel \u0130\u015fler B\u00f6l\u00fcm Ba\u015fkan\u0131 Hajime Nanba yapt\u0131.<\/figcaption><\/figure>\n<h3>2. Konu\u015fma: Hokuryu Kasabas\u0131 Belediye Ba\u015fkan\u0131 Yasuhiro Sasaki<\/h3>\n<figure class=\"wp-caption aligncenter\"><a href=\"https:\/\/photos.google.com\/share\/AF1QipOFEDxNc2ZxEOq51LFjpWqn9dHofM-5U2-GFhLh5neAd9KCLyC4bevDlD1a4TaNRg\/photo\/AF1QipN58f1N1z8oNp5m1appIoObprswbJ4LnMZSo6Q?key=UDFGXzlFOEF4WWpHZ3lKWTkyZnJvTUxkdWsyS0h3\" target=\"_blank\" rel=\"noopener\"><img decoding=\"async\" src=\"https:\/\/lh3.googleusercontent.com\/pw\/AP1GczOMFLmeila1DnLcqRbmUQDY3tuEt7AZbBh0r8yOVPpPoq21jEHAy8-69E2amDc1WXj5Yb761pCpwVPcjKs0gW-bcyd8WjNvplIa4jjzf46my7J4kjP1CLem3KMlYe9LQNfbh9OKgVJnHWW5OMt12cjY=w2000-h1333-s-no-gm?authuser=0\" width=\"2000\" height=\"1333\" alt=\"Hokuryu Kasabas\u0131 Belediye Ba\u015fkan\u0131 Yasuhiro Sasaki&#039;nin Konu\u015fmas\u0131\" class=\"size-full\" \/><\/a><figcaption class=\"wp-caption-text\">Hokuryu Kasabas\u0131 Belediye Ba\u015fkan\u0131 Yasuhiro Sasaki&#039;nin Konu\u015fmas\u0131<\/figcaption><\/figure>\n<p>&quot;Emekleriniz i\u00e7in hepinize te\u015fekk\u00fcr ederim. Hava \u00e7ok zordu. Fahri ikamet eden Ryoji Kikura, &#039;Bu hava bize seleflerimizin zorluklar\u0131n\u0131 hat\u0131rlat\u0131yor&#039; diye nazik\u00e7e yorum yapt\u0131.<\/p>\n<p>Konu\u015fma: Hokuryu Kasabas\u0131 \u00d6nc\u00fcleri Anma T\u00f6reni ve Hokuryu Kasabas\u0131 \u00d6d\u00fcl T\u00fcz\u00fc\u011f\u00fc uyar\u0131nca d\u00fczenlenen \u00f6d\u00fcl t\u00f6renine kat\u0131lmak \u00fczere bug\u00fcn burada bulunmak \u00fczere hem profesyonel hem de ki\u015fisel yo\u011fun program\u0131n\u0131zdan zaman ay\u0131rd\u0131\u011f\u0131n\u0131z i\u00e7in hepinize en i\u00e7ten \u015f\u00fckranlar\u0131m\u0131 sunmak istiyorum.<\/p>\n<p>Bug\u00fcnk\u00fc Hokuryu Kasabas\u0131, 1892&#039;de ilk \u00f6nc\u00fc \u00e7apa makinelerinin d\u00f6\u015fenmesinin \u00fczerinden 132 y\u0131l ge\u00e7ti. O d\u00f6nemde atalar\u0131m\u0131z\u0131n bir\u00e7o\u011fu zorlu do\u011fa ko\u015fullar\u0131na g\u00f6\u011f\u00fcs gerdi, say\u0131s\u0131z zorlu\u011fun \u00fcstesinden geldi ve bug\u00fcn\u00fcn m\u00fcreffeh kasabas\u0131n\u0131n in\u015fas\u0131na g\u00f6n\u00fcllerini ve ruhlar\u0131n\u0131 koyarak bug\u00fcn\u00fcn kasabas\u0131n\u0131n temellerini att\u0131lar.<\/p>\n<p>Bol miktarda temiz akarsu ve verimli topraklara sahip olan Kitary\u016b Kasabas\u0131, \u00fcretim \u00fcss\u00fc kuran ilk yerlerden biri olup, \u015fimdi tar\u0131m\u0131 temel end\u00fcstrisi olarak kullanarak g\u00fcvenli g\u0131da \u00fcreticisi olarak istikrarl\u0131 bir \u015fekilde ilerlemekte, ayn\u0131 zamanda b\u00f6lge sakinlerinin refah\u0131n\u0131 ve sa\u011fl\u0131k hizmetlerini iyile\u015ftirmek, e\u011fitim ve k\u00fclt\u00fcr\u00fc te\u015fvik etmek, turizmi canland\u0131rmak ve \u00e7ocuk yeti\u015ftirmeyi desteklemek gibi politikalar\u0131 uygulamaktad\u0131r.<\/p>\n<p>Bizden \u00f6ncekilerin \u00e7o\u011fu, kar\u015f\u0131la\u015ft\u0131klar\u0131 her t\u00fcrl\u00fc olumsuzlu\u011fa, durum ne kadar zor olursa olsun, her zaman pozitif kalm\u0131\u015f, ideallerini ve umutlar\u0131n\u0131 korumu\u015f ve bug\u00fcn bildi\u011fimiz Kitary\u016b kasabas\u0131n\u0131 in\u015fa etmek i\u00e7in \u00e7ok \u00e7al\u0131\u015fm\u0131\u015flard\u0131r.<\/p>\n<p>\u0130\u015fletmeyi gelecek nesillere devretmede bizim de rol\u00fcm\u00fcz var ama karamsar ve karamsar bir tutum sergilersek i\u015fler iyi gitmez.<\/p>\n<p>Basit g\u00f6r\u00fcnebilir, ancak \u00f6nce kendi gelece\u011fimiz ve Hokuryu Kasabas\u0131&#039;n\u0131n gelece\u011fi i\u00e7in umutlu olmal\u0131y\u0131z. Ayr\u0131ca, harika bir gelecek yaratmak i\u00e7in ba\u015fkalar\u0131n\u0131 dinlemeye istekli a\u00e7\u0131k bir kalple pozitif, ne\u015feli ve enerjik bir hayat ya\u015famal\u0131y\u0131z.<\/p>\n<p>\u015eimdi Hokuryu&#039;nun gelece\u011fini ad\u0131m ad\u0131m haritalamak i\u00e7in stratejik bir toplant\u0131 ba\u015flatt\u0131k. Kasabal\u0131lar\u0131m\u0131z\u0131n g\u00f6r\u00fc\u015flerini dikkatle dinlerken yar\u0131n\u0131n Hokuryu&#039;sunu in\u015fa etmek istiyoruz.<\/p>\n<p>Kat\u0131lan herkese ve t\u00fcm kasaba halk\u0131na emekleri ve i\u015fbirlikleri i\u00e7in bir kez daha te\u015fekk\u00fcrlerimizi sunmak istiyoruz.<\/p>\n<p><strong>\u2742 Hokuryu Kasaba \u00d6d\u00fclleri T\u00fcz\u00fc\u011f\u00fcne dayal\u0131 \u00f6d\u00fcller<\/strong><\/p>\n<p>Bug\u00fcn \u00f6d\u00fcllerini takdim etti\u011fimiz ki\u015filer, uzun y\u0131llar boyunca \u015fehrin genel refah\u0131na, e\u011fitime ve end\u00fcstriyel geli\u015fime b\u00fcy\u00fck katk\u0131larda bulunmu\u015f ve b\u00fcy\u00fck i\u015fler ba\u015farm\u0131\u015flard\u0131r.<\/p>\n<p>Bu \u00f6d\u00fcl\u00fc alacak be\u015f ki\u015finin ba\u015far\u0131lar\u0131ndan baz\u0131lar\u0131n\u0131 sizlerle payla\u015fmak istiyoruz.<\/p>\n<ul>\n<li><strong>Genel Kasaba Liyakat \u00d6d\u00fcl\u00fc: Yutaka Sano<br \/>\n\u3000<\/strong><br \/>\nNisan 1970&#039;te Hokuryu Belediye Binas\u0131&#039;nda \u00e7al\u0131\u015fmaya ba\u015flad\u0131, \u00e7e\u015fitli b\u00f6l\u00fcm \u015fefleri olarak g\u00f6rev yapt\u0131 ve Mart 2004&#039;te ba\u015fkan yard\u0131mc\u0131s\u0131 olarak atand\u0131. \u015eubat 2012&#039;de belediye ba\u015fkan\u0131 olarak atand\u0131. \u015eubat 2024&#039;te emekli olana kadar g\u00f6rev yapt\u0131\u011f\u0131 12 y\u0131ll\u0131k \u00fc\u00e7 d\u00f6nem boyunca Minorichi Hokuryu, COCOWA ve Yawara Anaokulu gibi \u00e7e\u015fitli tesisler geli\u015ftirerek ve \u00e7ocuk yeti\u015ftirme destek \u00f6nlemlerini ve daimi ikameti te\u015fvik eden \u00f6nlemleri iyile\u015ftirerek Hokuryu Kasabas\u0131&#039;n\u0131n tan\u0131t\u0131m\u0131na ve geli\u015fimine katk\u0131da bulundu.<br \/>\n\u0130sminizden de anla\u015f\u0131laca\u011f\u0131 gibi Hokuryu&#039;da bir\u00e7ok farkl\u0131 a\u00e7\u0131dan zengin bir kasaba yaratm\u0131\u015fs\u0131n\u0131z. \u00c7ok te\u015fekk\u00fcr ederim.<br \/>\n\u3000<\/li>\n<li><strong>Genel Kasaba Liyakat \u00d6d\u00fcl\u00fc: Bay Kosaka Ikko<br \/>\n\u3000<\/strong><br \/>\nMart 2007&#039;de Hokuryu Belediye Meclisi&#039;ne se\u00e7ildi\u011finden beri, 16 y\u0131ll\u0131k bir s\u00fcre boyunca d\u00f6rt d\u00f6nem \u00fcst \u00fcste yorulmadan belediye meclisi operasyonlar\u0131n\u0131n sorunsuz i\u015flemesini ve belediye idaresinin geli\u015fmesini sa\u011flamak i\u00e7in \u00e7al\u0131\u015ft\u0131. Bu s\u00fcre zarf\u0131nda, Mart 2011&#039;den itibaren d\u00f6rt y\u0131l boyunca Belediye Meclisi Y\u00f6netim Komitesi ve Halkla \u0130li\u015fkiler \u00d6zel Komitesi ba\u015fkanl\u0131\u011f\u0131n\u0131 ve Mart 2015&#039;ten itibaren sekiz y\u0131l boyunca denetim komitesi \u00fcyeli\u011fini yapt\u0131.<br \/>\nS\u0131cakkanl\u0131 ve esprili bir ki\u015fili\u011fe sahip, bana \u00e7ok yard\u0131mc\u0131 oldu. \u00c7ok te\u015fekk\u00fcr ederim.<br \/>\n\u3000<\/li>\n<li><strong>Genel \u015eehir Liyakat \u00d6d\u00fcl\u00fc: Masami Komatsu<br \/>\n\u3000<\/strong><br \/>\nMart 2011&#039;de Hokuryu Kasaba Konseyi&#039;ne se\u00e7ildi\u011finden beri, 12 y\u0131ll\u0131k bir s\u00fcre boyunca \u00fc\u00e7 d\u00f6nem \u00fcst \u00fcste konseyin ve kasaban\u0131n idaresinin sorunsuz bir \u015fekilde y\u00fcr\u00fct\u00fclmesine b\u00fcy\u00fck katk\u0131larda bulundu. Bu s\u00fcre zarf\u0131nda, Mart 2015&#039;ten itibaren sekiz y\u0131l boyunca Konsey Y\u00f6netim Komitesi ve Halkla \u0130li\u015fkiler \u00d6zel Komitesi&#039;nin ba\u015fkanl\u0131\u011f\u0131n\u0131 yapt\u0131.<br \/>\nSa\u011flam varl\u0131klar\u0131n\u0131z var ve harika i\u015fler \u00e7\u0131kar\u0131yorsunuz. \u00c7ok te\u015fekk\u00fcr ederim.<br \/>\n\u3000<\/li>\n<li><strong>E\u011fitim De\u011feri: Nobuyuki Takebayashi (bug\u00fcn yok)<br \/>\n\u3000<\/strong><br \/>\nEkim 2007&#039;de Hokuryu Kasabas\u0131 E\u011fitim Kurulu \u00fcyeli\u011fi g\u00f6revini \u00fcstlendi\u011finden beri, d\u00f6rt d\u00f6nem boyunca 16 y\u0131ll\u0131k uzun bir s\u00fcre boyunca e\u011fitim y\u00f6netiminin tan\u0131t\u0131m\u0131na \u00f6nemli katk\u0131larda bulundu. Bu s\u00fcre zarf\u0131nda, Kas\u0131m 2013&#039;ten itibaren iki y\u0131l 11 ay boyunca E\u011fitim Kurulu Ba\u015fkan\u0131 olarak ve Ekim 2016&#039;dan itibaren yedi y\u0131l boyunca Ge\u00e7ici E\u011fitim M\u00fcd\u00fcr\u00fc olarak g\u00f6rev yapt\u0131. \u00c7ok te\u015fekk\u00fcr ederim.<br \/>\n\u3000<\/li>\n<li><strong>End\u00fcstriyel Tan\u0131t\u0131m Liyakati: Shigeki Mizutani<br \/>\n\u3000<\/strong><br \/>\nTemmuz 2005&#039;te Hokuryu Kasabas\u0131 Tar\u0131m Komitesi \u00fcyeli\u011fi g\u00f6revini \u00fcstlendi\u011finden beri, alt\u0131 d\u00f6nem boyunca 18 y\u0131l boyunca Hokuryu Kasabas\u0131&#039;ndaki tar\u0131m arazilerinin konsolidasyonu ve konsolidasyonunu te\u015fvik etmek i\u00e7in b\u00fcy\u00fck \u00e7abalar sarf etti. Bu s\u00fcre zarf\u0131nda, 2014&#039;ten itibaren \u00fc\u00e7 y\u0131l boyunca ba\u015fkan vekili olarak ve 2017&#039;den itibaren alt\u0131 y\u0131l boyunca ba\u015fkan olarak g\u00f6rev yapt\u0131 ve kasaba genelinde tar\u0131m\u0131n te\u015fvikine b\u00fcy\u00fck katk\u0131larda bulundu.<br \/>\nBen hala gencim, bu y\u00fczden rehberli\u011finizi almak isterim. \u00c7ok te\u015fekk\u00fcr ederim.<br \/>\n\u3000<\/li>\n<\/ul>\n<p>Bug\u00fcn onurland\u0131r\u0131lan her bir ki\u015finin ba\u015far\u0131lar\u0131ndan baz\u0131lar\u0131n\u0131 tan\u0131tman\u0131n sonuna geliyoruz ve uzun y\u0131llar s\u00fcren s\u0131k\u0131 \u00e7al\u0131\u015fmalar\u0131 i\u00e7in kendilerine en derin sayg\u0131 ve \u015f\u00fckranlar\u0131m\u0131 sunmak istiyorum.<\/p>\n<p>Daha sonra, Say\u0131n Hirono Katsutoshi, Say\u0131n Kawakami Hiroaki ve Say\u0131n Matsunaga Takashi&#039;ye bir te\u015fekk\u00fcr mektubu sunmak ve ge\u00e7en y\u0131l Kitary\u016b Kasabas\u0131&#039;na yapt\u0131klar\u0131 c\u00f6mert ba\u011f\u0131\u015flardan dolay\u0131 kendilerine en derin \u015f\u00fckranlar\u0131m\u0131z\u0131 ve te\u015fekk\u00fcrlerimizi sunmak istiyoruz.<\/p>\n<p>Ayr\u0131ca, ald\u0131\u011f\u0131m\u0131z ba\u011f\u0131\u015flar\u0131 gelecekte de il\u00e7emizin tan\u0131t\u0131m\u0131 ve geli\u015fimi i\u00e7in etkin ve do\u011fru bir \u015fekilde kullanmay\u0131 hedefliyoruz.<\/p>\n<p>Daha sonra Kitary\u016b Kasabas\u0131 Ay\u00e7i\u00e7e\u011fi Bankas\u0131 Kalk\u0131nma Fonu T\u00fcz\u00fc\u011f\u00fc&#039;ne dayanarak, tar\u0131m miras\u00e7\u0131lar\u0131n\u0131n \u00e7ift\u00e7ilikle ilgilenmeleri i\u00e7in te\u015fvik hibesi sunaca\u011f\u0131z.<\/p>\n<p>Bu tar\u0131msal halef giri\u015f te\u015fvik program\u0131, \u00f6\u011frenimlerini tamamlad\u0131ktan hemen sonra tar\u0131msal halef olarak \u00e7ift\u00e7ili\u011fe ba\u015flayanlara veya tar\u0131m d\u0131\u015f\u0131 bir i\u015fte \u00e7al\u0131\u015ft\u0131ktan sonra halef olarak \u00e7ift\u00e7ili\u011fe ba\u015flayan ve \u00e7ift\u00e7ili\u011fe ba\u015flad\u0131ktan sonra iki y\u0131l veya daha uzun s\u00fcre tar\u0131msal i\u015fletmede \u00e7al\u0131\u015fmaya devam edenlere te\u015fvik sa\u011flayacakt\u0131r.<\/p>\n<p>Burada hediyelerin sahiplerini tan\u0131tmak istiyoruz.<\/p>\n<p><strong>\u2742 Tar\u0131msal varislere y\u00f6nelik hibeler<\/strong><\/p>\n<ul>\n<li><strong>Bay Hirofumi Takebayashi (Iwamura Tar\u0131m Kooperatifi)<br \/>\n\u3000<\/strong><br \/>\n2005 y\u0131l\u0131nda Asahikawa \u00dcniversitesi&#039;nden mezun olduktan sonra Tokyo&#039;da i\u015f buldu, ancak \u00e7ift\u00e7ilik mesle\u011fini devam ettirmeye karar verdi ve Mart 2021&#039;den bu yana ailesinin \u00e7ift\u00e7ilik i\u015finde \u00e7ift\u00e7ilik mesle\u011fini devam ettiriyor.<br \/>\nElinizden gelenin en iyisini yapmaya devam etmenizi dilerim.<br \/>\n\u3000<\/li>\n<li><strong>Bayan Aguri Matsuda (\u0130taya Tar\u0131m Kooperatifi)<br \/>\n\u3000<\/strong><br \/>\n2010 y\u0131l\u0131nda Sapporo&#039;daki bir meslek okulundan mezun olduktan sonra Chitose&#039;de i\u015fe girdi, ancak \u00e7ift\u00e7ilik mesle\u011fini devam ettirmeye karar verdi ve A\u011fustos 2021&#039;den bu yana ailesinin \u00e7ift\u00e7ilik i\u015finde \u00e7ift\u00e7ilik mesle\u011fini devam ettiriyor.<br \/>\n\u0130\u015fbirli\u011finiz i\u00e7in \u00e7ok te\u015fekk\u00fcr ederiz.<br \/>\n\u3000<\/li>\n<li><strong>Bay Tsuyoshi Nakahara (Hekisui Tar\u0131m Kooperatifi)<br \/>\n\u3000<\/strong><br \/>\n2007 y\u0131l\u0131nda Hakodate Gelecek \u00dcniversitesi&#039;nden mezun oldu ve 2014 y\u0131l\u0131nda Hokuryu kasabas\u0131nda \u00e7al\u0131\u015fmaya ba\u015flad\u0131, ancak halefi olarak \u00e7ift\u00e7ili\u011fe ba\u015flamaya karar verdi ve Mart 2017&#039;den beri ailesinin \u00e7iftli\u011finin halefi olarak \u00e7al\u0131\u015f\u0131yor. Kendisinden b\u00fcy\u00fck umutlar\u0131m\u0131z var, bu y\u00fczden onunla \u00e7al\u0131\u015fmay\u0131 d\u00f6rt g\u00f6zle bekliyoruz.<br \/>\n\u3000<\/li>\n<li><strong>Bay Takahiro Takigami (Iwamura Tar\u0131m Kooperatifi)<br \/>\n\u3000<\/strong><br \/>\n2006 y\u0131l\u0131nda Hokkaido&#039;daki Takikawa Lisesi&#039;nden mezun olduktan sonra Ashibetsu \u015eehri&#039;nde bir i\u015fe girdi, ancak \u00e7ift\u00e7ilik halefi olmaya karar verdi ve Nisan 2022&#039;den bu yana akrabalar\u0131n\u0131n tar\u0131msal halefi olarak \u00e7al\u0131\u015f\u0131yor.<br \/>\n\u0130\u015f birli\u011fin i\u00e7in te\u015fekk\u00fcrler.<br \/>\n\u3000<\/li>\n<\/ul>\n<p>\u00c7ift\u00e7ileri \u00e7evreleyen ortam zorlu olmaya devam ediyor. Sa\u011fl\u0131\u011f\u0131n\u0131za iyi bakman\u0131z\u0131, e\u011fitiminizi ve zekan\u0131z\u0131 derinle\u015ftirmenizi ve sa\u011flam tar\u0131msal y\u00f6netimin arkas\u0131ndaki itici g\u00fc\u00e7 olmak i\u00e7in s\u0131k\u0131 \u00e7al\u0131\u015fman\u0131z\u0131 i\u00e7tenlikle umuyorum.<\/p>\n<p>&quot;Bu final \u0131\u015f\u0131\u011f\u0131nda, bug\u00fcn burada bulunan herkesin sa\u011fl\u0131\u011f\u0131 ve mutlulu\u011fu ve gelecekteki ba\u015far\u0131lar\u0131n\u0131z\u0131n devam\u0131 i\u00e7in i\u00e7ten dualar\u0131m\u0131 sunmak istiyorum. 17 May\u0131s 2024 Hokuriku Kasabas\u0131 Belediye Ba\u015fkan\u0131, Sasaki Yasuhiro.&quot;<\/p>\n<h3>3. \u00dcst\u00fcn Ba\u015far\u0131lara Verilen \u00d6d\u00fcller<\/h3>\n<figure class=\"wp-caption aligncenter\"><a href=\"https:\/\/photos.google.com\/share\/AF1QipOFEDxNc2ZxEOq51LFjpWqn9dHofM-5U2-GFhLh5neAd9KCLyC4bevDlD1a4TaNRg\/photo\/AF1QipMBlBEhCI6cQUhUW4sBq1PsdYlxlJ8CQoVr1ZE?key=UDFGXzlFOEF4WWpHZ3lKWTkyZnJvTUxkdWsyS0h3\" target=\"_blank\" rel=\"noopener\"><img decoding=\"async\" src=\"https:\/\/lh3.googleusercontent.com\/pw\/AP1GczOs8mUjjs0v6LLBfvqVuUZZRwdcEnB97sDCpALxYQAUTpd8bLHrZS-zdE4Ov9A_BEC5V7NyGlURcYzR8Iuaqc4IGNviy6XPkBqc5RXtwqpLObiIQyHqyDSCfzfdPpK_qbgjYt-V20Z6nlDBnbF1giIh=w2000-h1333-s-no-gm?authuser=0\" width=\"2000\" height=\"1333\" alt=\"Liyakat \u00d6d\u00fcl\u00fc\" class=\"size-full\" \/><\/a><figcaption class=\"wp-caption-text\">Liyakat \u00d6d\u00fcl\u00fc<\/figcaption><\/figure>\n<h4>1. Genel Kasaba Liyakat \u00d6d\u00fcl\u00fc: Yutaka Sano<\/h4>\n<figure class=\"wp-caption aligncenter\"><a href=\"https:\/\/photos.google.com\/share\/AF1QipOFEDxNc2ZxEOq51LFjpWqn9dHofM-5U2-GFhLh5neAd9KCLyC4bevDlD1a4TaNRg\/photo\/AF1QipPBaEcdjYmiZoXRGGW_lCJSMzD550mqpWOP0jc?key=UDFGXzlFOEF4WWpHZ3lKWTkyZnJvTUxkdWsyS0h3\" target=\"_blank\" rel=\"noopener\"><img decoding=\"async\" src=\"https:\/\/lh3.googleusercontent.com\/pw\/AP1GczP2Sk56G0hfZM7V-eDjJDHFoAaV3nHk8Jab99SV7b2rbyfo9kVh54qEo_QkIuhcAoEFTslPYT_LWAMpvK8ggJImK5dyUdXO1aEpKBtUoHZgFH_ViQ1lcrh52lCY72LpMptAOiL3PvgBWn08USlZzKgu=w2000-h1333-s-no-gm?authuser=0\" width=\"2000\" height=\"1333\" alt=\"Genel Kasaba Liyakat \u00d6d\u00fcl\u00fc: Yutaka Sano\" class=\"size-full\" \/><\/a><figcaption class=\"wp-caption-text\">Genel Kasaba Liyakat \u00d6d\u00fcl\u00fc: Yutaka Sano<\/figcaption><\/figure>\ufffc<\/p>\n<h4>2. Genel \u015eehir Liyakat \u00d6d\u00fcl\u00fc: Bay Kosaka Ikko<\/h4>\n<figure class=\"wp-caption aligncenter\"><a href=\"https:\/\/photos.google.com\/share\/AF1QipOFEDxNc2ZxEOq51LFjpWqn9dHofM-5U2-GFhLh5neAd9KCLyC4bevDlD1a4TaNRg\/photo\/AF1QipMr62qw8T6nnThfWhIz-Xh9YZzACMeZW0Fd-M4?key=UDFGXzlFOEF4WWpHZ3lKWTkyZnJvTUxkdWsyS0h3\" target=\"_blank\" rel=\"noopener\"><img decoding=\"async\" src=\"https:\/\/lh3.googleusercontent.com\/pw\/AP1GczOGfU_6gcZu-Iuxd0YaCAxW-NoGh_NPWxH8o0nYXBveoINnQnsT1fq5wFZhpMSZIzwOliMI3lzel3b8FZqtywBbtZ0LksuPPQBgNlAA88pN5gCNnSa0DuUz7k5whrULeiaxyYzLybAlqWvlaxh1lTau=w2000-h1333-s-no-gm?authuser=0\" width=\"2000\" height=\"1333\" alt=\"Genel Kasaba Liyakat \u00d6d\u00fcl\u00fc: Bay Kosaka Ikko\" class=\"size-full\" \/><\/a><figcaption class=\"wp-caption-text\">Genel Kasaba Liyakat \u00d6d\u00fcl\u00fc: Bay Kosaka Ikko<\/figcaption><\/figure>\n<h4>3. Genel \u015eehir Liyakat \u00d6d\u00fcl\u00fc: Masami Komatsu<\/h4>\n<figure class=\"wp-caption aligncenter\"><a href=\"https:\/\/photos.google.com\/share\/AF1QipOFEDxNc2ZxEOq51LFjpWqn9dHofM-5U2-GFhLh5neAd9KCLyC4bevDlD1a4TaNRg\/photo\/AF1QipOJUw5MVFWvWtRe62bbXH7B5dH0t5pipHn76RU?key=UDFGXzlFOEF4WWpHZ3lKWTkyZnJvTUxkdWsyS0h3\" target=\"_blank\" rel=\"noopener\"><img decoding=\"async\" src=\"https:\/\/lh3.googleusercontent.com\/pw\/AP1GczM51aa7q3YTEwVyPAlnfNFJ7veOFinneyhHvJFEx7teC01bjAsbHZsbhG2Gi0dnO2adWZQq56dhtTGB-UNvlY7oq1CDLFzvMcfzeu5sjSVwTpE5_CYrNWf9itVazVje83DwYmmRfVfoi5L8uU6yVH3x=w2000-h1333-s-no-gm?authuser=0\" width=\"2000\" height=\"1333\" alt=\"Genel \u015eehir Liyakat \u00d6d\u00fcl\u00fc: Masami Komatsu\" class=\"size-full\" \/><\/a><figcaption class=\"wp-caption-text\">Genel \u015eehir Liyakat \u00d6d\u00fcl\u00fc: Masami Komatsu<\/figcaption><\/figure>\n<h4>4. E\u011fitimde Ba\u015far\u0131 \u00d6d\u00fcl\u00fc: Nobuyuki Takebayashi (yok)<\/h4>\n<h4>5. End\u00fcstriyel Te\u015fvik \u00d6d\u00fcl\u00fc: Shigeki Mizutani<\/h4>\n<figure class=\"wp-caption aligncenter\"><a href=\"https:\/\/photos.google.com\/share\/AF1QipOFEDxNc2ZxEOq51LFjpWqn9dHofM-5U2-GFhLh5neAd9KCLyC4bevDlD1a4TaNRg\/photo\/AF1QipM6P7bysZ5ppOqitlWvwvif53q7JYgD5hRuVdk?key=UDFGXzlFOEF4WWpHZ3lKWTkyZnJvTUxkdWsyS0h3\" target=\"_blank\" rel=\"noopener\"><img decoding=\"async\" src=\"https:\/\/lh3.googleusercontent.com\/pw\/AP1GczMfS1NyfN_pSTX1Rw1Sij02iAXfK8gYDUahDsxk4zcvxJE_OEsVlufFxfnYLWXT2WxteFxqfJV4I59wNKKS_md86QO03zn-YzctaH3l2f-hjjoh5Nmkx0u55lX3C4TGxV4e_PVePMhWpeTaTEHzeepG=w2000-h1333-s-no-gm?authuser=0\" width=\"2000\" height=\"1333\" alt=\"End\u00fcstriyel Tan\u0131t\u0131m Liyakati: Shigeki Mizutani\" class=\"size-full\" \/><\/a><figcaption class=\"wp-caption-text\">End\u00fcstriyel Tan\u0131t\u0131m Liyakati: Shigeki Mizutani<\/figcaption><\/figure>\n<h3>4. \u00d6zel Ba\u011f\u0131\u015f\u00e7\u0131 \u00d6d\u00fcl\u00fc<\/h3>\n<p>Ki\u015filer veya gruplar Hokuryu Kasabas\u0131na ba\u011f\u0131\u015fta bulunduklar\u0131nda, kasaba y\u00f6netmeliklerine uygun olarak takdir edilecek ve kendilerine bir te\u015fekk\u00fcr mektubu verilecektir.<\/p>\n<ul>\n<li><strong>Bay Katsutoshi Hirono (Fukagawa \u015eehri)<\/strong><\/li>\n<li><strong>Hiroaki Kawakami (Miyogyu)<\/strong><\/li>\n<li><strong>Bay Takashi Matsunaga (Heishui)<\/strong><\/li>\n<\/ul>\n<figure class=\"wp-caption aligncenter\"><a href=\"https:\/\/photos.google.com\/share\/AF1QipOFEDxNc2ZxEOq51LFjpWqn9dHofM-5U2-GFhLh5neAd9KCLyC4bevDlD1a4TaNRg\/photo\/AF1QipOgnSWyIhLjMV5HQkxsa2dpe_xC8TvhiOFSyro?key=UDFGXzlFOEF4WWpHZ3lKWTkyZnJvTUxkdWsyS0h3\" target=\"_blank\" rel=\"noopener\"><img decoding=\"async\" src=\"https:\/\/lh3.googleusercontent.com\/pw\/AP1GczMBv0VIlb_2-LYGHrx6rZdMK2SO92wJW7gefCA0VEvWQsw-WoeAZujJP_ah90iR4Gt2FNo2_GqJCpVFV74IKLaWmMIeKqcLD6SbRBF-sJF-7QGb8NqmYiLnmMv5Rx1z7FFREO7zwuElrb6whMVv8NF9=w2000-h1333-s-no-gm?authuser=0\" width=\"2000\" height=\"1333\" alt=\"\u00d6zel Ba\u011f\u0131\u015f\u00e7\u0131 \u00d6d\u00fcl\u00fc\" class=\"size-full\" \/><\/a><figcaption class=\"wp-caption-text\">\u00d6zel Ba\u011f\u0131\u015f\u00e7\u0131 \u00d6d\u00fcl\u00fc<\/figcaption><\/figure>\n<figure class=\"wp-caption aligncenter\"><a href=\"https:\/\/photos.google.com\/share\/AF1QipOFEDxNc2ZxEOq51LFjpWqn9dHofM-5U2-GFhLh5neAd9KCLyC4bevDlD1a4TaNRg\/photo\/AF1QipNKTsoRfgdz3Q22kquQmDmEO2dquCSYmVRW1s4?key=UDFGXzlFOEF4WWpHZ3lKWTkyZnJvTUxkdWsyS0h3\" target=\"_blank\" rel=\"noopener\"><img decoding=\"async\" src=\"https:\/\/lh3.googleusercontent.com\/pw\/AP1GczMh8BkUURFN8xE4R7AZ-1Z8H0fZgL2HNurEuJbGLqvkyFov6zgPmJbiaBkbKcx0QBR8O7tLKb3VFiZ8hA3lnmL0oslVmX49j0TGsFY3k0EcmHX3mBQbiCB8tTGzdBdrhY6RLXITrONIGPGGYj1wZmtj=w2000-h1333-s-no-gm?authuser=0\" width=\"2000\" height=\"1333\" alt=\"\u00d6zel Ba\u011f\u0131\u015f\u00e7\u0131 \u00d6d\u00fcl\u00fc\" class=\"size-full\" \/><\/a><figcaption class=\"wp-caption-text\">\u00d6zel Ba\u011f\u0131\u015f\u00e7\u0131 \u00d6d\u00fcl\u00fc<\/figcaption><\/figure>\n<h3>5. Tar\u0131msal varislerin \u00e7ift\u00e7ili\u011fe ba\u015flamalar\u0131 i\u00e7in hibeler<\/h3>\n<p>Hokuryu Kasabas\u0131 Ay\u00e7i\u00e7e\u011fi Bankas\u0131 Kalk\u0131nma Fonu T\u00fcz\u00fc\u011f\u00fc uyar\u0131nca, yerel tar\u0131m\u0131n temel \u00fcyeleri haline gelmeleri umuduyla tar\u0131msal haleflere hibe sa\u011flayaca\u011f\u0131z.<\/p>\n<ul>\n<li><strong>Bay Hirofumi Takebayashi (Iwamura Tar\u0131m Kooperatifi)<\/strong><\/li>\n<li><strong>Bayan Aguri Matsuda (\u0130taya Tar\u0131m Kooperatifi)<\/strong><\/li>\n<li><strong>Bay Tsuyoshi Nakahara (Hekisui Tar\u0131m Kooperatifi)<\/strong><\/li>\n<li><strong>Bay Takahiro Takigami (Iwamura Tar\u0131m Kooperatifi)<\/strong><\/li>\n<\/ul>\n<figure class=\"wp-caption aligncenter\"><a href=\"https:\/\/photos.google.com\/share\/AF1QipOFEDxNc2ZxEOq51LFjpWqn9dHofM-5U2-GFhLh5neAd9KCLyC4bevDlD1a4TaNRg\/photo\/AF1QipNA748vlScygskUM8NCSTEMwC8BpOz71pitRrg?key=UDFGXzlFOEF4WWpHZ3lKWTkyZnJvTUxkdWsyS0h3\" target=\"_blank\" rel=\"noopener\"><img decoding=\"async\" src=\"https:\/\/lh3.googleusercontent.com\/pw\/AP1GczNLt9GtsxVuwg7G-aaeGJ_pEcV5fcz60DjJvdkYuHYD2UL2HlmGbi7eO_XBK3a4b5Ha-KR5W5tDeYWqnYfY54LEHGvUyzdZE6UT7lCVvq20O1rsZHfz2Q3jQj3x_52VmmuPl_ulFw4yFG5EvcLRJE-3=w2000-h1333-s-no-gm?authuser=0\" width=\"2000\" height=\"1333\" alt=\"Tar\u0131msal haleflere y\u00f6nelik hibeler\" class=\"size-full\" \/><\/a><figcaption class=\"wp-caption-text\">Tar\u0131msal haleflere y\u00f6nelik hibeler<\/figcaption><\/figure>\n<h3>6. Tebrik konu\u015fmas\u0131: Hokuriku Kasaba Konseyi Ba\u015fkan\u0131 Say\u0131n Shoichi Nakamura<\/h3>\n<figure class=\"wp-caption aligncenter\"><a href=\"https:\/\/photos.google.com\/share\/AF1QipOFEDxNc2ZxEOq51LFjpWqn9dHofM-5U2-GFhLh5neAd9KCLyC4bevDlD1a4TaNRg\/photo\/AF1QipNUU2VADz7qKYJXmugxLzUt22f45E-6MeTzmV4?key=UDFGXzlFOEF4WWpHZ3lKWTkyZnJvTUxkdWsyS0h3\" target=\"_blank\" rel=\"noopener\"><img decoding=\"async\" src=\"https:\/\/lh3.googleusercontent.com\/pw\/AP1GczOqX8c2rkcCKDuRuQV23h9R_cIV850D2NAtgk4aetuve0c6z7fuq6vgWfOdXhtcaeif0h_FO5_l_h6vUz-vuAhq350gzqFUPler4AXUQgGk6Lpvt_T5NEOuv4U34FAUBjAiclKDKHropQ_U1cMuZgsF=w2000-h1333-s-no-gm?authuser=0\" width=\"2000\" height=\"1333\" alt=\"Tebrik konu\u015fmas\u0131: Hokuriku Kasaba Konseyi Ba\u015fkan\u0131 Say\u0131n Shoichi Nakamura\" class=\"size-full\" \/><\/a><figcaption class=\"wp-caption-text\">Tebrik konu\u015fmas\u0131: Hokuriku Kasaba Konseyi Ba\u015fkan\u0131 Say\u0131n Shoichi Nakamura<\/figcaption><\/figure>\n<p>&quot;Yeni ye\u015fil yapraklar\u0131n par\u0131ldad\u0131\u011f\u0131 mevsime girerken, Hokuryu Kasabas\u0131 \u00d6nc\u00fcleri Anma T\u00f6reni ve Hokuryu Kasabas\u0131 T\u00fcz\u00fc\u011f\u00fc&#039;ne dayal\u0131 \u00f6d\u00fcl t\u00f6reninin bug\u00fcn burada yap\u0131l\u0131yor olmas\u0131ndan dolay\u0131 y\u00fcrekten tebriklerimi ve kutlamalar\u0131m\u0131 sunuyorum.<\/p>\n<p>Yoshiue Shoichiro \u00f6nderli\u011findeki Chiba Vilayeti&#039;nden bir grup insan\u0131n 1892 y\u0131l\u0131nda bu b\u00f6lgede \u00f6nc\u00fcl\u00fck yapmaya ba\u015flamas\u0131n\u0131n \u00fczerinden 132 y\u0131l ge\u00e7ti (Meiji 26).<\/p>\n<p>Tarihin a\u011f\u0131rl\u0131\u011f\u0131n\u0131 bir kez daha hissediyorum ve Hokuryu kasabas\u0131n\u0131 bug\u00fcn bildi\u011fimiz \u015fekilde in\u015fa etmek i\u00e7in r\u00fczgara, kara g\u00f6\u011f\u00fcs geren ve say\u0131s\u0131z zorlukla m\u00fccadele eden atalar\u0131m\u0131za en derin sayg\u0131 ve \u015f\u00fckranlar\u0131m\u0131 sunuyorum.<\/p>\n<p>Yeni tan\u0131nan \u00f6d\u00fcl sahiplerini tebrik ederiz: Bay Yutaka Sano, Bay Kazuyuki Kosaka, Bayan Masami Komatsu, Bay Nobuyuki Takebayashi ve Bay Shigeki Mizutani.<\/p>\n<p>Her birinize kendi alanlar\u0131n\u0131zda uzun y\u0131llar boyunca verdi\u011finiz s\u0131k\u0131 \u00e7al\u0131\u015fmalardan dolay\u0131 i\u00e7ten \u015f\u00fckranlar\u0131m\u0131 sunmak istiyorum. Ayr\u0131ca bug\u00fcn ald\u0131\u011f\u0131n\u0131z \u00f6d\u00fclleri de tebrik etmek istiyorum.<\/p>\n<p>Hokuryu&#039;nun gelece\u011fi i\u00e7in herhangi bir \u00f6neriniz varsa minnettar oluruz. Sa\u011fl\u0131kl\u0131 ve ba\u015far\u0131l\u0131 olmaya devam edece\u011finizi umuyoruz.<\/p>\n<p>Ayr\u0131ca, Fukagawa \u015eehri&#039;nden Bay Hirono Katsutoshi, Mibayashi&#039;den Bay Kawakami Hiroaki ve Hekisui&#039;den Bay Matsunaga Takeru&#039;nun yapt\u0131\u011f\u0131 de\u011ferli ba\u011f\u0131\u015flar\u0131 \u00f6zel ba\u011f\u0131\u015f takdir \u00f6d\u00fcllerinde takdir etmek istiyoruz. Bu ba\u011f\u0131\u015flar\u0131 en uygun \u015fekilde kullanmak i\u00e7in elimizden geleni yapaca\u011f\u0131z.<\/p>\n<p>Hokuryu Kasabas\u0131 i\u00e7in \u00e7e\u015fitli \u015fekillerde rehberlik sa\u011flamaya devam edece\u011finizi umuyorum, bu y\u00fczden sizinle \u00e7al\u0131\u015fmay\u0131 d\u00f6rt g\u00f6zle bekliyorum. \u00c7ok te\u015fekk\u00fcr ederim.<\/p>\n<p>Ayr\u0131ca, kasabam\u0131z\u0131n tar\u0131m\u0131n\u0131n omurgas\u0131 olarak \u00e7ift\u00e7ilik hibesi verilen Bay Takebayashi Hirofumi, Bayan Matsuda Aguri, Bay Nakahara Tsuyoshi ve Bay Takigami Takahiro&#039;ya deste\u011fimizi iletmek istiyoruz. Kasabam\u0131zda tar\u0131m i\u00e7in b\u00fcy\u00fck umutlar\u0131n\u0131 ve hayallerini ger\u00e7ekle\u015ftireceklerine dair b\u00fcy\u00fck umutlar\u0131m\u0131z var.<\/p>\n<p>Her birinizin halefleriniz veya \u00e7ift\u00e7ileriniz olarak ba\u015far\u0131l\u0131 olman\u0131z\u0131 i\u00e7tenlikle umuyoruz.<\/p>\n<p>Art\u0131k yerel y\u00f6netimlerin kendi y\u00f6nlerini kendilerinin belirlemesi, kendi y\u00f6ntemlerini olu\u015fturmas\u0131 ve kendi sorumluluklar\u0131 alt\u0131nda ilerlemesi gereken bir \u00e7a\u011fday\u0131z.<\/p>\n<p>Tebriklerimi sunmak ve t\u00fcm sakinlerin ger\u00e7eklik duygusunu ve daha geni\u015f bir bak\u0131\u015f a\u00e7\u0131s\u0131n\u0131 koruyarak zorluklarla y\u00fczle\u015fmek i\u00e7in birlikte \u00e7al\u0131\u015facaklar\u0131n\u0131 ve parlayan bir Kitaryu kasabas\u0131 in\u015fa edeceklerini ummak istiyorum.<br \/>\nBug\u00fcn\u00fc tebrik ediyorum.&quot;<\/p>\n<h3>7. Al\u0131c\u0131n\u0131n te\u015fekk\u00fcr s\u00f6zleri: Al\u0131c\u0131 Yutaka Sano<\/h3>\n<figure class=\"wp-caption aligncenter\"><a href=\"https:\/\/photos.google.com\/share\/AF1QipOFEDxNc2ZxEOq51LFjpWqn9dHofM-5U2-GFhLh5neAd9KCLyC4bevDlD1a4TaNRg\/photo\/AF1QipMt6jKx6B-3nQut5YcsvGb22oN7_5tjCbLBW4g?key=UDFGXzlFOEF4WWpHZ3lKWTkyZnJvTUxkdWsyS0h3\" target=\"_blank\" rel=\"noopener\"><img decoding=\"async\" src=\"https:\/\/lh3.googleusercontent.com\/pw\/AP1GczOEwI4MXeXVzLDExH-_hhk52rGHzyHuzXDOcJl71vW5XnyjoSgfmGL8lHHR9N-HzJ8w1lVrOBhk1GdHogkDqxFWdnR2VGlAJOHonD_f2yK7tOLuGCUrkNeEJ3UhrmL68BGOTTYVb0ZKwYppKRzMJ75-=w2000-h1333-s-no-gm?authuser=0\" width=\"2000\" height=\"1333\" alt=\"Al\u0131c\u0131n\u0131n te\u015fekk\u00fcr konu\u015fmas\u0131: Al\u0131c\u0131 Yutaka Sano\" class=\"size-full\" \/><\/a><figcaption class=\"wp-caption-text\">Al\u0131c\u0131n\u0131n te\u015fekk\u00fcr konu\u015fmas\u0131: Al\u0131c\u0131 Yutaka Sano<\/figcaption><\/figure>\n<p>&quot;Hokuryu Kasabas\u0131 \u00d6nc\u00fcleri G\u00fcn\u00fc&#039;n\u00fc kutlayan bu ayd\u0131nl\u0131k ve ne\u015feli t\u00f6rende bu \u00f6d\u00fcl\u00fc almaktan ger\u00e7ekten mutlu ve minnettar\u0131m.<\/p>\n<p>Bug\u00fcn erken saatlerde Ba\u015fkan Nakamura&#039;dan tebrik mesajlar\u0131 ve Belediye Ba\u015fkan\u0131 Sasaki&#039;den hayal g\u00fcc\u00fcm\u00fcn \u00f6tesinde \u00f6vg\u00fc dolu s\u00f6zler ald\u0131m. \u00c7ok te\u015fekk\u00fcr ederim.<\/p>\n<p>Geriye d\u00f6n\u00fcp bakt\u0131\u011f\u0131mda, kasaba halk\u0131 da dahil olmak \u00fczere bir\u00e7ok insan\u0131n deste\u011fiyle \u015eubat 2012&#039;de Belediye Ba\u015fkan\u0131 olabildim. \u00dc\u00e7 d\u00f6nem veya 12 y\u0131l boyunca memleketim Hokuryu Kasabas\u0131&#039;n\u0131n geli\u015fimini desteklemek i\u00e7in \u00e7ok \u00e7al\u0131\u015ft\u0131m.<\/p>\n<p>Bunlar aras\u0131nda, tar\u0131msal tan\u0131t\u0131m i\u00e7in \u00fcretilen ay\u00e7i\u00e7e\u011fi pirinci Japonya Tar\u0131m \u00d6d\u00fcl\u00fc B\u00fcy\u00fck \u00d6d\u00fcl\u00fc&#039;n\u00fc kazand\u0131, Kurosengoku \u0130\u015f Kooperatifi &quot;K\u0131rsal Alanlar\u0131n Hazinelerini Ke\u015ffedin&quot; \u00f6d\u00fcl\u00fcne lay\u0131k g\u00f6r\u00fcld\u00fc ve ge\u00e7en ilkbaharda, ilk preslenmi\u015f ay\u00e7i\u00e7e\u011fi ya\u011f\u0131 &quot;Kuzey Y\u00fcksek Dereceli G\u0131da 2023&quot; \u00f6d\u00fcl\u00fcne lay\u0131k g\u00f6r\u00fcld\u00fc. Dahas\u0131, ge\u00e7en sonbaharda, Hokuryu Kasabas\u0131&#039;nda yeti\u015ftirilen Suisei pirinciyle yap\u0131lan saf pirin\u00e7 sake &quot;Ryujin&quot;, &quot;Hokkaido Pirinciyle Yap\u0131lan Sake \u00d6d\u00fclleri 2023&quot;te b\u00fcy\u00fck \u00f6d\u00fcl\u00fc kazand\u0131.<\/p>\n<p>Hokuryu tar\u0131m\u0131n\u0131n her iki b\u00f6lgede de bu kadar \u00f6vg\u00fc almas\u0131, kasabam\u0131z i\u00e7in gurur verici oldu\u011funu d\u00fc\u015f\u00fcn\u00fcyorum.<\/p>\n<p>\u015eimdiye kadar herkesten g\u00f6rd\u00fc\u011f\u00fcm s\u0131cak nezaket i\u00e7in en derin \u015f\u00fckranlar\u0131m\u0131 sunmak istiyorum ve bundan sonra bir sakin olarak Hokuryu Kasabas\u0131&#039;n\u0131n geli\u015fimine katk\u0131da bulunmak i\u00e7in elimden geleni yapmay\u0131 ama\u00e7l\u0131yorum.<\/p>\n<p>&quot;Bug\u00fcn i\u00e7in \u00e7ok te\u015fekk\u00fcr ederim.&quot;<\/p>\n<figure class=\"wp-caption alignnone\"><a href=\"https:\/\/photos.google.com\/share\/AF1QipOFEDxNc2ZxEOq51LFjpWqn9dHofM-5U2-GFhLh5neAd9KCLyC4bevDlD1a4TaNRg\/photo\/AF1QipMb34V7AscaOHsXe5EZOdRNFaCNkM9IKR2-oDQ?key=UDFGXzlFOEF4WWpHZ3lKWTkyZnJvTUxkdWsyS0h3\" target=\"_blank\" rel=\"noopener\"><img decoding=\"async\" src=\"https:\/\/lh3.googleusercontent.com\/pw\/AP1GczOYShSeuarBlLKU-kaCZcRXnWEdRbplBbMYf6jPvW9RQMvduT8DRGDS1eMvbRUiGPftCvBLsrO6RIfaJeDO2Wg0SmFRCIQ8YvehjtOrh1H1ZwVvofy1dDh0IZEeQTHhpIaxqA-RNlcoC2ho1FYBgS5L=w2000-h1333-s-no-gm?authuser=0\" width=\"2000\" height=\"1333\" alt=\"Hokuryu Kasabas\u0131&#039;na \u00dcst\u00fcn Hizmet \u00d6d\u00fcl\u00fc&#039;n\u00fc almas\u0131ndan dolay\u0131 tebrik ve \u015f\u00fckranlar\u0131m\u0131z\u0131 sunuyoruz!\" class=\"size-full\" \/><\/a><figcaption class=\"wp-caption-text\">Hokuryu Kasabas\u0131&#039;na \u00dcst\u00fcn Hizmet \u00d6d\u00fcl\u00fc&#039;n\u00fc almas\u0131ndan dolay\u0131 tebrik ve \u015f\u00fckranlar\u0131m\u0131z\u0131 sunuyoruz!<\/figcaption><\/figure>\n<h3>8. Kapan\u0131\u015f konu\u015fmas\u0131<\/h3>\n<h3>Anma foto\u011fraf\u0131<\/h3>\n<h4>Liyakat \u00d6d\u00fcl\u00fc<\/h4>\n<figure class=\"wp-caption aligncenter\"><a href=\"https:\/\/photos.google.com\/share\/AF1QipOFEDxNc2ZxEOq51LFjpWqn9dHofM-5U2-GFhLh5neAd9KCLyC4bevDlD1a4TaNRg\/photo\/AF1QipNCt0Uz-F4DrtucAolNtuEmh4nnwiBc3kbEj9Q?key=UDFGXzlFOEF4WWpHZ3lKWTkyZnJvTUxkdWsyS0h3\" target=\"_blank\" rel=\"noopener\"><img decoding=\"async\" src=\"https:\/\/lh3.googleusercontent.com\/pw\/AP1GczMBeWxlZowtrt7Z-5zTCxZmVfCqxsWMwFlBIx74v4cozxpfIs9HcOyhj7RAkKGQm1rQn-BJM5U7_nypTIHP4_vv-D5YOJrzUZVrYFlypoYZLFBbi8vpY2Fq5yNPMuODw0OFzpOZoNZsULPUpysw4Cxs=w2000-h1333-s-no-gm?authuser=0\" width=\"2000\" height=\"1333\" alt=\"Liyakat \u00d6d\u00fcl\u00fc\" class=\"size-full\" \/><\/a><figcaption class=\"wp-caption-text\">Liyakat \u00d6d\u00fcl\u00fc<\/figcaption><\/figure>\n<h4>\u00d6zel Ba\u011f\u0131\u015f\u00e7\u0131 \u00d6d\u00fcl\u00fc<\/h4>\n<figure class=\"wp-caption aligncenter\"><a href=\"https:\/\/photos.google.com\/share\/AF1QipOFEDxNc2ZxEOq51LFjpWqn9dHofM-5U2-GFhLh5neAd9KCLyC4bevDlD1a4TaNRg\/photo\/AF1QipPa-luwG0OVYGbsL-gtyReaepJLhF6-cEZ5028?key=UDFGXzlFOEF4WWpHZ3lKWTkyZnJvTUxkdWsyS0h3\" target=\"_blank\" rel=\"noopener\"><img decoding=\"async\" src=\"https:\/\/lh3.googleusercontent.com\/pw\/AP1GczPHhX9_rXiJsII4v7sBT9aVXnUqb6DLZXBqPA3MCPjCgjokkvee90_QOhx_ogz-Ys1--_JIdan8tfNiakpeUUtX6YGBb3GtTxUkEFFmZQMVrJ7KYhOpI2wrwO7-XPN0VYTVpdU2HVIzXo8FFCe1ADMP=w2000-h1333-s-no-gm?authuser=0\" width=\"2000\" height=\"1333\" alt=\"\u00d6zel Ba\u011f\u0131\u015f\u00e7\u0131 \u00d6d\u00fcl\u00fc\" class=\"size-full\" \/><\/a><figcaption class=\"wp-caption-text\">\u00d6zel Ba\u011f\u0131\u015f\u00e7\u0131 \u00d6d\u00fcl\u00fc<\/figcaption><\/figure>\n<h4>Tar\u0131msal haleflere y\u00f6nelik hibeler<\/h4>\n<figure class=\"wp-caption aligncenter\"><a href=\"https:\/\/photos.google.com\/share\/AF1QipOFEDxNc2ZxEOq51LFjpWqn9dHofM-5U2-GFhLh5neAd9KCLyC4bevDlD1a4TaNRg\/photo\/AF1QipPhr9La_9k9SRyr0vC1FkiSpiusWclEU0-S9T8?key=UDFGXzlFOEF4WWpHZ3lKWTkyZnJvTUxkdWsyS0h3\" target=\"_blank\" rel=\"noopener\"><img decoding=\"async\" src=\"https:\/\/lh3.googleusercontent.com\/pw\/AP1GczNaEcbMVaAdHrTZaFAin4qfmJ6AbNtPx27_u3ufQpz6eYYyZTVr8GXge8TWXFaJbGbSgJjHs0pCCruevmZyBZMi1f6Hf7ldpF1rXkzZWFNNNKagly2RaPvqjY_SoeYDNZHOCkUoHjv0zlEbcCwdHOwS=w2000-h1333-s-no-gm?authuser=0\" width=\"2000\" height=\"1333\" alt=\"Tar\u0131msal haleflere y\u00f6nelik hibeler\" class=\"size-full\" \/><\/a><figcaption class=\"wp-caption-text\">Tar\u0131msal haleflere y\u00f6nelik hibeler<\/figcaption><\/figure>\n<p>132 y\u0131ll\u0131k restorasyonun ard\u0131ndan, \u00f6nc\u00fc ruhumuza sayg\u0131 duyan, bir\u00e7ok zorlu\u011fa katlanan ve \u015f\u00fckranlar\u0131n\u0131 sunan, Hokuryu Kasabas\u0131&#039;n\u0131n geli\u015fimine katk\u0131da bulunmaya ve onu korumaya devam eden de\u011ferli ruhlara s\u0131n\u0131rs\u0131z sevgimizi, \u015f\u00fckranlar\u0131m\u0131z\u0131 ve dualar\u0131m\u0131z\u0131 sunuyoruz...<\/p>\n<figure class=\"wp-caption aligncenter\"><a href=\"https:\/\/photos.google.com\/share\/AF1QipOFEDxNc2ZxEOq51LFjpWqn9dHofM-5U2-GFhLh5neAd9KCLyC4bevDlD1a4TaNRg\/photo\/AF1QipNGo4m8qsQltUGArOY0HekG8yKW4Q4utNuPCC8?key=UDFGXzlFOEF4WWpHZ3lKWTkyZnJvTUxkdWsyS0h3\" target=\"_blank\" rel=\"noopener\"><img decoding=\"async\" src=\"https:\/\/lh3.googleusercontent.com\/pw\/AP1GczP1eQ7pugYlabPhZQ8XrFBMCpReNNyB4uchyNOAZW4dgL7NJJPnwAKunwkiV5LNkmObVuyRxrxoCdyGaFszmdfsHmfmGaw0HEUXl2_2h2ac-EXDvtI66-uJcGnmqUQCiREN_i4QoySWE275CC0ymMmb=w2000-h1500-s-no-gm?authuser=0\" width=\"2000\" height=\"1500\" alt=\"Hokuryu Kasabas\u0131&#039;n\u0131n korunmas\u0131na ve geli\u015fimine katk\u0131da bulunmaya devam eden bu de\u011ferli ruha s\u0131n\u0131rs\u0131z sevgi, \u015f\u00fckran ve dualar\u0131m\u0131zla.\" class=\"size-full\" \/><\/a><figcaption class=\"wp-caption-text\">Hokuryu Kasabas\u0131&#039;n\u0131n korunmas\u0131na ve geli\u015fimine katk\u0131da bulunmaya devam eden bu de\u011ferli ruha s\u0131n\u0131rs\u0131z sevgi, \u015f\u00fckran ve dualar\u0131m\u0131zla.<\/figcaption><\/figure>\n<h2>Youtube videolar\u0131<\/h2>\n<div class=\"youtube\"><iframe title=\"Hokuryu Kasabas\u0131 \u00d6nc\u00fc Anma T\u00f6reni ve Liyakat \u00d6d\u00fcl T\u00f6reni 2024\" src=\"https:\/\/www.youtube.com\/embed\/CYcMAaKhdd8?feature=oembed\" frameborder=\"0\" allow=\"accelerometer; autoplay; clipboard-write; encrypted-media; gyroscope; picture-in-picture; web-share\" referrerpolicy=\"strict-origin-when-cross-origin\" allowfullscreen><\/iframe><\/div>\n<h2>Di\u011fer foto\u011fraflar<\/h2>\n<div class=\"img-move\"><img decoding=\"async\" style=\"vertical-align: middle;\" src=\"https:\/\/ehokkaido.net\/wp-content\/uploads\/2021\/12\/2021-12-06-11.41.12.png\" \/> <a href=\"https:\/\/photos.app.goo.gl\/WfJniiRepgQo2XmY8\" target=\"_blank\" rel=\"noopener noreferrer\">Hokuryu Kasabas\u0131 \u00d6nc\u00fc Anma T\u00f6reni ve 2024 Liyakat Hizmet \u00d6d\u00fcl\u00fc T\u00f6reni&#039;nden foto\u011fraflar (76 foto\u011fraf) burada &gt;&gt;<\/a><\/div>\n<h2>\u0130lgili makaleler<\/h2>\n\n        <div class=\"site-blogcard-premium\">\n            <div class=\"bc-label-custom\">\u0130lgili makaleler<\/div>\n            <div class=\"bc-flex-container\">\n                <div class=\"bc-main-text\">\n                    <div class=\"bc-title-link-box\">\n                        <a href=\"https:\/\/portal.hokuryu.info\/tr\/topics\/culture\/20190521.html\/\" target=\"_blank\">Hokuryu Kasabas\u0131 \u00d6nc\u00fc Anma T\u00f6reni ve Liyakat \u00d6d\u00fcl T\u00f6reni 2019 (Reiwa 1) - Hokuryu Kasabas\u0131 Portal\u0131 (Hokkaido) Japonya&#039;n\u0131n 1 Numaral\u0131 Ay\u00e7i\u00e7e\u011fi K\u00f6y\u00fc<\/a>\n                    <\/div>\n                    <div class=\"bc-excerpt-box\">Kitaryu Kasabas\u0131, 17 May\u0131s Per\u015fembe g\u00fcn\u00fc, 2019 y\u0131l\u0131n\u0131n 127. y\u0131ld\u00f6n\u00fcm\u00fcn\u00fc kutlad\u0131. Bu, Reiwa d\u00f6neminden kalma Kitaryu Kasabas\u0131&#039;n\u0131n ilk \u00f6nc\u00fc kayd\u0131 olma \u00f6zelli\u011fini ta\u015f\u0131yor...<\/div>\n                <\/div>\n                <div class=\"bc-thumbnail-box\">\n                    <a href=\"https:\/\/portal.hokuryu.info\/tr\/topics\/culture\/20190521.html\/\" target=\"_blank\">\n                        <div class=\"bc-img-zoom-wrap\">\n                            <img decoding=\"async\" src=\"https:\/\/lh3.googleusercontent.com\/f03Cogn-zOcH3Nel23DKNqifl_qVHW0y16hrDMbCzI8HkiuN8fTtmDSYQzcoSGylMsnss-BGPRhIvyk1sM0exQ_uSx80gX9Knw9xzKC0-3EpkzzfqKTfj4MOJ2TRctsjgVYgpsWbRiNbmA8P5wzuyvUujIZWcDo-hKcDv7jn_mbOnv_FqaZ9SVUHdVjTM45nzvIad4_UEIdJmZ6HRoGVtK11SvodhkJge_7VzQoi5mkcwymVjI-6dv8e5cQyd2o5G5E_H9tfNLXzPkJmqKfPRjN66wS4g0fTgP-oTjGmAHp29DCpYuff0dz5KixsbmzI7QOzT0S__-h_K9Gyrk_KO9fz-LVotAQ6z-coFkSqnbQaoUaLoxMCy6adsRJ0TLVidDesDnZPBolURQ39oJHaJF2bIbLGS5jpw3M2eKcldkG243bXVsabnCoo3cNJY6c0rXu5GelEJskpkbbk29a2JVRu7b3JH1cbGc-npbOBXVSFoT3nc62Hgjl0NHjIuChJqME0GK3XUuzhs3WPn3-8WdKc2-ko22d1eZr8ZGTQ7zwNqdNCxwruHL5RQq38e-A-CPd40l2aGyuaeTVW-1szW19_g2O44nvnGlKFO9MIBOgS0BHGWwPYYcZ09jPAmAQ5uo7UhU2tHAIlqefXOk-t7x0AQT-pe1a0eUfvV8qxyrw2h7c5rtjGb-9dRtRg-TL8bD6y_0d5PrF61Dl1H2ujPodf=w1420-h946-no\" alt=\"Hokuryu Kasabas\u0131 \u00d6nc\u00fc Anma T\u00f6reni ve Liyakat \u00d6d\u00fcl T\u00f6reni 2019 (Reiwa 1) - Hokuryu Kasabas\u0131 Portal\u0131 (Hokkaido) Japonya&#039;n\u0131n 1 Numaral\u0131 Ay\u00e7i\u00e7e\u011fi K\u00f6y\u00fc\">\n                        <\/div>\n                    <\/a>\n                <\/div>\n            <\/div>\n        <\/div>\u3000<br \/>\n\n        <div class=\"site-blogcard-premium\">\n            <div class=\"bc-label-custom\">\u0130lgili makaleler<\/div>\n            <div class=\"bc-flex-container\">\n                <div class=\"bc-main-text\">\n                    <div class=\"bc-title-link-box\">\n                        <a href=\"https:\/\/portal.hokuryu.info\/tr\/topics\/culture\/20160525.html\/\" target=\"_blank\">Hokuryu Kasabas\u0131 \u00d6nc\u00fc Anma T\u00f6reni ve Liyakat \u00d6d\u00fcl T\u00f6reni 2016 - Hokuryu Kasabas\u0131 Portal\u0131 (Hokkaido) - Japonya&#039;n\u0131n 1 Numaral\u0131 Ay\u00e7i\u00e7e\u011fi K\u00f6y\u00fc<\/a>\n                    <\/div>\n                    <div class=\"bc-excerpt-box\">Nefes kesen bir Japon manzaras\u0131: Hokkaido&#039;nun Hokuryu kasabas\u0131ndaki &quot;Ay\u00e7i\u00e7e\u011fi K\u00f6y\u00fc&quot;. Hokkaido&#039;da pop\u00fcler bir turistik yer. L\u00fctfen en az bir kez ziyaret edin. (Pirin\u00e7 Sommelier&#039;i...).<\/div>\n                <\/div>\n                <div class=\"bc-thumbnail-box\">\n                    <a href=\"https:\/\/portal.hokuryu.info\/tr\/topics\/culture\/20160525.html\/\" target=\"_blank\">\n                        <div class=\"bc-img-zoom-wrap\">\n                            <img decoding=\"async\" src=\"https:\/\/lh3.googleusercontent.com\/5JePTYMjrlIt_GcDYKQ48Gxj1_pRz5bWcXjl00uztclMXOWVo_crXyL_UTCa2YYNMVkizjiu5WUitrWOq1N_eEoasM5u3UrV9obkRec6cW2TUw44OrtjmzgZun5hc4rjokHByYY5UWCWpSj1n2yWY5FhnN6b_yi1F45SOxXCm5PUYruvMk22swfnnBrIhXtmZ-Cpf2w6BCT3JS7C9ZpmlIbZm1tgkLUMPsWYPvYUb0OoR1_9nDq1y6D6ZEQZCsb7jTJoeIQ15tFzdvexchn56gAbB8ySw6AUtZ__M0v8XE81bYHXa_iW6SAiV_GfZGRrGT2fonXoxQNnk---rzT8xQUAheO53jEcJimadZ7bhGXy9IB5wvSshUKjEoND4QHpnrtQCvG6MoumYPS8o9k-sHCZEW-4l50e9nmyz9OM4TzTOwcbCb2ftUjoyfTuK9I6Jm7aybfDpXECAWfvvp1XyXvbs586GUe77YVf_w_Y6MbZbW5vrDemLHxedOk3-p2DjX3GBsSPTpEgGT2H_oPJcTf8VwaETcKvUdedAPOJGnu8wSFCgz_mDkSP74nYuF2HYdBVh2ykXVbw4sKC05ErET4Bwb8=w1444-h963-no\" alt=\"Hokuryu Kasabas\u0131 \u00d6nc\u00fc Anma T\u00f6reni ve Liyakat \u00d6d\u00fcl T\u00f6reni 2016 - Hokuryu Kasabas\u0131 Portal\u0131 (Hokkaido) - Japonya&#039;n\u0131n 1 Numaral\u0131 Ay\u00e7i\u00e7e\u011fi K\u00f6y\u00fc\">\n                        <\/div>\n                    <\/a>\n                <\/div>\n            <\/div>\n        <\/div>\u3000<br \/>\n\n        <div class=\"site-blogcard-premium\">\n            <div class=\"bc-label-custom\">\u0130lgili makaleler<\/div>\n            <div class=\"bc-flex-container\">\n                <div class=\"bc-main-text\">\n                    <div class=\"bc-title-link-box\">\n                        <a href=\"https:\/\/portal.hokuryu.info\/tr\/topics\/culture\/20120604.html\/\" target=\"_blank\">Hokuryu Kasabas\u0131&#039;n\u0131n kurulu\u015funun 120. y\u0131l d\u00f6n\u00fcm\u00fcn\u00fc kutlayan Ejderha Y\u0131l\u0131&#039;nda, Hokuryu Kasabas\u0131&#039;n\u0131n k\u00f6kenlerini eski Motono k\u00f6y\u00fcnde (\u015fimdiki Inzai \u015eehri, Chiba Eyaleti) ke\u015ffediyoruz. &lt;Hokuryu Kasabas\u0131 Tarihi&gt; - Hokuryu Kasabas\u0131 Portal\u0131 (Hokkaido) - Japonya&#039;n\u0131n 1 numaral\u0131 ay\u00e7i\u00e7e\u011fi k\u00f6y\u00fc<\/a>\n                    <\/div>\n                    <div class=\"bc-excerpt-box\">Nefes kesen bir Japon manzaras\u0131: Hokkaido&#039;nun Hokuryu kasabas\u0131ndaki &quot;Ay\u00e7i\u00e7e\u011fi K\u00f6y\u00fc&quot;. Hokkaido&#039;da pop\u00fcler bir turistik yer. L\u00fctfen en az bir kez ziyaret edin. (Pirin\u00e7 Sommelier&#039;i...).<\/div>\n                <\/div>\n                <div class=\"bc-thumbnail-box\">\n                    <a href=\"https:\/\/portal.hokuryu.info\/tr\/topics\/culture\/20120604.html\/\" target=\"_blank\">\n                        <div class=\"bc-img-zoom-wrap\">\n                            <img decoding=\"async\" src=\"https:\/\/lh6.googleusercontent.com\/-Z6Sfr_G0Reg\/T9kthCBs_XI\/AAAAAAAAUCQ\/jcDsBCDMRc0\/s512\/P1070891.jpg\" alt=\"Hokuryu Kasabas\u0131&#039;n\u0131n kurulu\u015funun 120. y\u0131l d\u00f6n\u00fcm\u00fcn\u00fc kutlayan Ejderha Y\u0131l\u0131&#039;nda, Hokuryu Kasabas\u0131&#039;n\u0131n k\u00f6kenlerini eski Motono k\u00f6y\u00fcnde (\u015fimdiki Inzai \u015eehri, Chiba Eyaleti) ke\u015ffediyoruz. &lt;Hokuryu Kasabas\u0131 Tarihi&gt; - Hokuryu Kasabas\u0131 Portal\u0131 (Hokkaido) - Japonya&#039;n\u0131n 1 numaral\u0131 ay\u00e7i\u00e7e\u011fi k\u00f6y\u00fc\">\n                        <\/div>\n                    <\/a>\n                <\/div>\n            <\/div>\n        <\/div>\u3000<br \/>\n\n        <div class=\"site-blogcard-premium\">\n            <div class=\"bc-label-custom\">\u0130lgili makaleler<\/div>\n            <div class=\"bc-flex-container\">\n                <div class=\"bc-main-text\">\n                    <div class=\"bc-title-link-box\">\n                        <a href=\"https:\/\/portal.hokuryu.info\/tr\/topics\/culture\/20120521-1.html\/\" target=\"_blank\">Hokuryu Kasabas\u0131 \u00d6nc\u00fc Anma T\u00f6reni ve Liyakat \u00d6d\u00fcl T\u00f6reni 2012 - Hokuryu Kasabas\u0131 Portal\u0131 (Hokkaido) - Japonya&#039;n\u0131n 1 Numaral\u0131 Ay\u00e7i\u00e7e\u011fi K\u00f6y\u00fc<\/a>\n                    <\/div>\n                    <div class=\"bc-excerpt-box\">Nefes kesen bir Japon manzaras\u0131: Hokkaido&#039;nun Hokuryu kasabas\u0131ndaki &quot;Ay\u00e7i\u00e7e\u011fi K\u00f6y\u00fc&quot;. Hokkaido&#039;da pop\u00fcler bir turistik yer. L\u00fctfen en az bir kez ziyaret edin. (Pirin\u00e7 Sommelier&#039;i...).<\/div>\n                <\/div>\n                <div class=\"bc-thumbnail-box\">\n                    <a href=\"https:\/\/portal.hokuryu.info\/tr\/topics\/culture\/20120521-1.html\/\" target=\"_blank\">\n                        <div class=\"bc-img-zoom-wrap\">\n                            <img decoding=\"async\" src=\"https:\/\/lh4.googleusercontent.com\/-sD3_lNTWcgM\/T7hE9PI3TyI\/AAAAAAAAS7s\/T6fbgkumfI0\/s720\/_IGP4442.JPG\" alt=\"Hokuryu Kasabas\u0131 \u00d6nc\u00fc Anma T\u00f6reni ve Liyakat \u00d6d\u00fcl T\u00f6reni 2012 - Hokuryu Kasabas\u0131 Portal\u0131 (Hokkaido) - Japonya&#039;n\u0131n 1 Numaral\u0131 Ay\u00e7i\u00e7e\u011fi K\u00f6y\u00fc\">\n                        <\/div>\n                    <\/a>\n                <\/div>\n            <\/div>\n        <\/div>\u3000<br \/>\n\n        <div class=\"site-blogcard-premium\">\n            <div class=\"bc-label-custom\">\u0130lgili makaleler<\/div>\n            <div class=\"bc-flex-container\">\n                <div class=\"bc-main-text\">\n                    <div class=\"bc-title-link-box\">\n                        <a href=\"https:\/\/portal.hokuryu.info\/tr\/topics\/culture\/20110517.html\/\" target=\"_blank\">Hokuryu Kasabas\u0131 \u00d6nc\u00fc Anma T\u00f6reni ve Liyakat \u00d6d\u00fcl T\u00f6reni 2011 - Hokuryu Kasabas\u0131 Portal\u0131 (Hokkaido) - Japonya&#039;n\u0131n 1 Numaral\u0131 Ay\u00e7i\u00e7e\u011fi K\u00f6y\u00fc<\/a>\n                    <\/div>\n                    <div class=\"bc-excerpt-box\">17 May\u0131s g\u00fcn\u00fc saat 11:00&#039;te, ara s\u0131ra ya\u011fan sa\u011fanak ya\u011fmur alt\u0131nda, \u00f6n\u00fcmde uzanan u\u00e7suz bucaks\u0131z, su dolu pirin\u00e7 tarlalar\u0131na bakakald\u0131m...<\/div>\n                <\/div>\n                <div class=\"bc-thumbnail-box\">\n                    <a href=\"https:\/\/portal.hokuryu.info\/tr\/topics\/culture\/20110517.html\/\" target=\"_blank\">\n                        <div class=\"bc-img-zoom-wrap\">\n                            <img decoding=\"async\" src=\"https:\/\/lh4.googleusercontent.com\/_GeywX8xpUMw\/TdIpk2c6qeI\/AAAAAAAAAiY\/Xc1WaO-LxhE\/s512\/P1070891.jpg\" alt=\"Hokuryu Kasabas\u0131 \u00d6nc\u00fc Anma T\u00f6reni ve Liyakat \u00d6d\u00fcl T\u00f6reni 2011 - Hokuryu Kasabas\u0131 Portal\u0131 (Hokkaido) - Japonya&#039;n\u0131n 1 Numaral\u0131 Ay\u00e7i\u00e7e\u011fi K\u00f6y\u00fc\">\n                        <\/div>\n                    <\/a>\n                <\/div>\n            <\/div>\n        <\/div>\u3000<\/p>\n<p>\u25c7 R\u00f6portaj ve metin: Ikuko Terauchi (foto\u011fraf\u00e7\u0131l\u0131k ve d\u00fczenleme asistan\u0131: Noboru Terauchi)<\/p>","protected":false},"excerpt":{"rendered":"<p>\uff12\uff10\uff12\uff14\u5e74\uff15\u6708\uff12\uff10\u65e5\uff08\u6708\uff09 \uff15\u6708\uff11\uff17\u65e5\uff08\u91d1\uff09\u3001\u5317\u7adc\u753a\u958b\u62d3\u8a18\u5ff5\u5f0f\u4e26\u3073\u306b\u529f\u52b4\u8005\u8868\u5f70\u5f0f\u304c\u53b3\u7c9b\u306b\u57f7\u308a\u884c\u308f\u308c\u307e\u3057\u305f\u3002 \ufffc \u5317\u7adc\u753a\u958b\u62d3\u8a18\u5ff5\u5f0f \u4eca\u5e74\uff12\uff10\uff12\uff14\u5e74\uff08\u4ee4\u548c\uff16\u5e74\uff09\u8fb0\u5e74\u3001\u5317\u7adc\u753a\u306f\u3001\u958b\u753a\uff11\uff13\uff12\u5e74\u3092\u8fce\u3048\u307e\u3059\u3002 \u6625 [&hellip;]<\/p>\n","protected":false},"author":1,"featured_media":44878,"comment_status":"open","ping_status":"open","sticky":false,"template":"","format":"standard","meta":{"footnotes":""},"categories":[4,75,14],"tags":[],"class_list":["post-44877","post","type-post","status-publish","format-standard","has-post-thumbnail","hentry","category-cover-story","category-sasaki-yasuhiro-mayor","category-hokuryu-town"],"_links":{"self":[{"href":"https:\/\/portal.hokuryu.info\/tr\/wp-json\/wp\/v2\/posts\/44877","targetHints":{"allow":["GET"]}}],"collection":[{"href":"https:\/\/portal.hokuryu.info\/tr\/wp-json\/wp\/v2\/posts"}],"about":[{"href":"https:\/\/portal.hokuryu.info\/tr\/wp-json\/wp\/v2\/types\/post"}],"author":[{"embeddable":true,"href":"https:\/\/portal.hokuryu.info\/tr\/wp-json\/wp\/v2\/users\/1"}],"replies":[{"embeddable":true,"href":"https:\/\/portal.hokuryu.info\/tr\/wp-json\/wp\/v2\/comments?post=44877"}],"version-history":[{"count":0,"href":"https:\/\/portal.hokuryu.info\/tr\/wp-json\/wp\/v2\/posts\/44877\/revisions"}],"wp:featuredmedia":[{"embeddable":true,"href":"https:\/\/portal.hokuryu.info\/tr\/wp-json\/wp\/v2\/media\/44878"}],"wp:attachment":[{"href":"https:\/\/portal.hokuryu.info\/tr\/wp-json\/wp\/v2\/media?parent=44877"}],"wp:term":[{"taxonomy":"category","embeddable":true,"href":"https:\/\/portal.hokuryu.info\/tr\/wp-json\/wp\/v2\/categories?post=44877"},{"taxonomy":"post_tag","embeddable":true,"href":"https:\/\/portal.hokuryu.info\/tr\/wp-json\/wp\/v2\/tags?post=44877"}],"curies":[{"name":"wp","href":"https:\/\/api.w.org\/{rel}","templated":true}]}}