{"id":43582,"date":"2024-04-09T09:36:18","date_gmt":"2024-04-09T00:36:18","guid":{"rendered":"https:\/\/portal.hokuryu.info\/?p=43582"},"modified":"2024-04-10T00:52:50","modified_gmt":"2024-04-09T15:52:50","slug":"kurosengoku-is-kooperatifi-dernegi-yeni-ofis-ve-fabrika-dogrudan-satis-magazasi","status":"publish","type":"post","link":"https:\/\/portal.hokuryu.info\/tr\/43582\/","title":{"rendered":"Kurosengoku \u0130\u015f Kooperatifi Derne\u011fi&#039;nin Yeni Ofisi ve Fabrika Sat\u0131\u015f Ma\u011fazas\u0131 A\u00e7\u0131ld\u0131!"},"content":{"rendered":"<p>Sal\u0131, 9 Nisan 2024<\/p>\n<p>Kurosengoku Ticaret Kooperatifi Derne\u011fi&#039;nin yeni ofisi ve fabrika do\u011frudan sat\u0131\u015f ma\u011fazas\u0131 8 Nisan Pazartesi g\u00fcn\u00fc saat 09:00&#039;da a\u00e7\u0131ld\u0131.<\/p>\n<p>\u0130n\u015faat\u0131, COVID-19 salg\u0131n\u0131n\u0131n etkileri nedeniyle artan malzeme maliyetleri de dahil olmak \u00fczere \u00e7e\u015fitli zorluklar\u0131n \u00fcstesinden gelen ve uzun \u00e7al\u0131\u015fmalar sonucunda projeyi tamamlayan yerel bir \u015firket olan Hokko Construction Co., Ltd. (Temsilci: Fujii Masahito) \u00fcstlendi.<\/p>\n<h2>Kurosengoku \u0130\u015f Kooperatifi Derne\u011fi&#039;nin Yeni Ofisi ve Fabrika Sat\u0131\u015f Ma\u011fazas\u0131 A\u00e7\u0131ld\u0131!<\/h2>\n<figure class=\"wp-caption aligncenter\"><a href=\"https:\/\/photos.google.com\/share\/AF1QipMg7w6R7XuXjEe0oIyfwlOofhDt4eWV38ccFk0ggVACXEd_2ZKpQwStmsEqF0eC6Q\/photo\/AF1QipPBtY2SqZnq-chEEjqClkD5PlMx27FDQ51huoc?key=TU5UN1p4UDJaMHI2bzlXeWgzak9FbHRteHoxMDd3\" target=\"_blank\" rel=\"noopener\"><img decoding=\"async\" src=\"https:\/\/lh3.googleusercontent.com\/pw\/AP1GczN7CRaUmSERz-Ob_LvWkSUJaMbYr-ppgt_vvemP_GnFeu_qeIPuUkTyuSzyGe7Ncua_-S8B8TVtlM7Iw5BRSH5zG6VzvWzNUXg2cJQ6tKd4KnNzTPTecPeVenozyJp7_71K-SoXUy57Ko6bS7YYedbh=w1974-h1315-s-no-gm?authuser=0\" width=\"2000\" height=\"1333\" alt=\"Kurosengoku \u0130\u015f Kooperatifi Derne\u011fi, Yeni Ofis, Ulusal Yol 275&#039;ten\" class=\"size-full\" \/><\/a><figcaption class=\"wp-caption-text\">Kurosengoku \u0130\u015f Kooperatifi Derne\u011fi, Yeni Ofis, Ulusal Yol 275&#039;ten<\/figcaption><\/figure>\n<figure class=\"wp-caption aligncenter\"><a href=\"https:\/\/photos.google.com\/share\/AF1QipMg7w6R7XuXjEe0oIyfwlOofhDt4eWV38ccFk0ggVACXEd_2ZKpQwStmsEqF0eC6Q\/photo\/AF1QipPDq6rz2bvQnPqFZMrpSD3kCw4-ViNexbwVmtU?key=TU5UN1p4UDJaMHI2bzlXeWgzak9FbHRteHoxMDd3\" target=\"_blank\" rel=\"noopener\"><img decoding=\"async\" src=\"https:\/\/lh3.googleusercontent.com\/pw\/AP1GczMEkDUPitMkStlmD8fGy5XHa7Y8U7Tg06dTk2tt99nMfSl5Ul18vOZr9ZUxzmoRD1GGn2iPKSK9SDskjqOlXd8FH7HFcHZ11N2FRwnPVSqndgqZ2ytrVxjSofUBxRYiSaRyHtbTfxZ1k_SY4w082CQw=w1968-h1476-s-no-gm?authuser=0\" width=\"2000\" height=\"1333\" alt=\"Kurosengoku \u0130\u015f Kooperatifi Derne\u011fi, \u00f6nden\" class=\"size-full\" \/><\/a><figcaption class=\"wp-caption-text\">Kurosengoku \u0130\u015f Kooperatifi Derne\u011fi, yeni ofis, \u00f6n g\u00f6r\u00fcn\u00fcm<\/figcaption><\/figure>\n<figure class=\"wp-caption aligncenter\"><a href=\"https:\/\/photos.google.com\/share\/AF1QipMg7w6R7XuXjEe0oIyfwlOofhDt4eWV38ccFk0ggVACXEd_2ZKpQwStmsEqF0eC6Q\/photo\/AF1QipNSkPul4SoZqwHgq9pEAnyjpMSdytkmIlQLGVY?key=TU5UN1p4UDJaMHI2bzlXeWgzak9FbHRteHoxMDd3\" target=\"_blank\" rel=\"noopener\"><img decoding=\"async\" src=\"https:\/\/lh3.googleusercontent.com\/pw\/AP1GczNk_Urs0dvKZQo537EmmGtIMnPxd8MbJ8ylAR89Mh0RCoBfpPcHY1ZMIN3B_fakK04aPjg-SRjyHhInmxK966xdSnJvGonZCSUGhwEN5UnMuZSOqttvZjiXVHfXD2T_sOggL6R1K5RRLAfjZoqq0PPf=w2000-h1333-s-no-gm?authuser=0\" width=\"2000\" height=\"1333\" alt=\"Kurosengoku \u0130\u015f Kooperatifi Derne\u011fi, yeni ofis ve depo taraf\u0131\" class=\"size-full\" \/><\/a><figcaption class=\"wp-caption-text\">Kurosengoku \u0130\u015f Kooperatifi Derne\u011fi, yeni ofis ve depo taraf\u0131<\/figcaption><\/figure>\n<h3>Belediye Ba\u015fkan\u0131 Sasaki Yasuhiro cesaret vermek i\u00e7in ziyarette bulundu<\/h3>\n<p>Sabah 9&#039;daki a\u00e7\u0131l\u0131\u015fta Belediye Ba\u015fkan\u0131 Sasaki Yasuhiro gelip destek verdi! Te\u015fekk\u00fcrler!<\/p>\n<figure class=\"wp-caption aligncenter\"><a href=\"https:\/\/photos.google.com\/share\/AF1QipMg7w6R7XuXjEe0oIyfwlOofhDt4eWV38ccFk0ggVACXEd_2ZKpQwStmsEqF0eC6Q\/photo\/AF1QipOY-1E6dB1356CiCN9p4YLfSCL1wo2N-ABWcvw?key=TU5UN1p4UDJaMHI2bzlXeWgzak9FbHRteHoxMDd3\" target=\"_blank\" rel=\"noopener\"><img decoding=\"async\" src=\"https:\/\/lh3.googleusercontent.com\/pw\/AP1GczM7RUrZ8P2XR-TSWXvU-Uj6JSBPkdSXoHC3u2HCE8uVPQochxWJrWHNlqtmfVZ_0832KTeAJZAudBSTqDhtszWqj9Lt3xEB9VHOy11XI6bbmTSmmEZqYDF_fJTudZ-kzBjI_D4AeMtuHbAYABQO7Q11=w2000-h1333-s-no-gm?authuser=0\" width=\"2000\" height=\"1333\" alt=\"Belediye Ba\u015fkan\u0131 Sasaki bizi cesaretlendirmek i\u00e7in ziyarette bulundu!\" class=\"size-full\" \/><\/a><figcaption class=\"wp-caption-text\">Belediye Ba\u015fkan\u0131 Sasaki bizi cesaretlendirmek i\u00e7in ziyarette bulundu!<\/figcaption><\/figure>\n<p>Ofis, beyaz zeminli, ayd\u0131nl\u0131k ve ferah bir mekand\u0131r.<\/p>\n<h3>Y\u00f6netici ve personel masas\u0131<\/h3>\n<figure class=\"wp-caption aligncenter\"><a href=\"https:\/\/photos.google.com\/share\/AF1QipMg7w6R7XuXjEe0oIyfwlOofhDt4eWV38ccFk0ggVACXEd_2ZKpQwStmsEqF0eC6Q\/photo\/AF1QipNUK-eAoytMXo1tHkH7-3HXQFYqHRBV64yn_2Y?key=TU5UN1p4UDJaMHI2bzlXeWgzak9FbHRteHoxMDd3\" target=\"_blank\" rel=\"noopener\"><img decoding=\"async\" src=\"https:\/\/lh3.googleusercontent.com\/pw\/AP1GczOYYOOu0qojzz076hx4ncsfHq0Jx1Frb1L2R4u1l2w7JDuWFVd-WXJNc803Mdrxa-1HG3HBXRz9NjRfmUApAR14G8nmpCIH8DTk4vDDKOPKhCwmx4JRLJzRr3XEZgk5Pay--45bEbeApKESHCbWk7CB=w1553-h1165-s-no-gm?authuser=0\" width=\"1840\" height=\"1380\" alt=\"Yuji Takada, Genel M\u00fcd\u00fcr ve Yukio Takada, Y\u00f6netim Kurulu Ba\u015fkan\u0131&#039;n\u0131n Masas\u0131\" class=\"size-full\" \/><\/a><figcaption class=\"wp-caption-text\">Yuji Takada, Genel M\u00fcd\u00fcr ve Yukio Takada, Y\u00f6netim Kurulu Ba\u015fkan\u0131&#039;n\u0131n Masas\u0131<\/figcaption><\/figure>\n<figure class=\"wp-caption aligncenter\"><a href=\"https:\/\/photos.google.com\/share\/AF1QipMg7w6R7XuXjEe0oIyfwlOofhDt4eWV38ccFk0ggVACXEd_2ZKpQwStmsEqF0eC6Q\/photo\/AF1QipM5APp_AO14NeJ2I1meD3Xlck0TgYr_s3wn52k?key=TU5UN1p4UDJaMHI2bzlXeWgzak9FbHRteHoxMDd3\" target=\"_blank\" rel=\"noopener\"><img decoding=\"async\" src=\"https:\/\/lh3.googleusercontent.com\/pw\/AP1GczO6eyGa3MCs81fOqbFmVZDI1lzFe2rIFAkEmFWUNQpB2OqvBLMIQSEiuPgxGkbdh0YBM-pk2BXJFY56LdZBPEPv6ReYZMZcc-zHBZUAkHaemhcF4dyQm5ivW3YZnamnOOrIuQ5cftVI58erLSdZN_5t=w1840-h1380-s-no-gm?authuser=0\" width=\"1840\" height=\"1380\" alt=\"Hitomi Asagi, Sekreterlik Masas\u0131\" class=\"size-full\" \/><\/a><figcaption class=\"wp-caption-text\">Hitomi Asagi, Sekreterlik Masas\u0131<\/figcaption><\/figure>\n<h3>Resepsiyon alan\u0131<\/h3>\n<p>Ba\u015fkan, genel m\u00fcd\u00fcr ve y\u00f6netici direkt\u00f6r\u00fcn \u00e7al\u0131\u015fma masalar\u0131n\u0131n iki yan\u0131nda birer orta sehpa ve birer kanepe yer al\u0131yor. Misafirlerimizi rahat bir ortamda a\u011f\u0131rl\u0131yoruz.<\/p>\n<figure class=\"wp-caption aligncenter\"><a href=\"https:\/\/photos.google.com\/share\/AF1QipMg7w6R7XuXjEe0oIyfwlOofhDt4eWV38ccFk0ggVACXEd_2ZKpQwStmsEqF0eC6Q\/photo\/AF1QipMDoyLxt7fkaLOXMDSJF1C6QxAo4-2G7_pH6Mg?key=TU5UN1p4UDJaMHI2bzlXeWgzak9FbHRteHoxMDd3\" target=\"_blank\" rel=\"noopener\"><img decoding=\"async\" src=\"https:\/\/lh3.googleusercontent.com\/pw\/AP1GczOyu0K3q-jth1l5z5_Foqa5TramXXYu9_5aWAB3LVGKFmYHoRro-VIKBVs7_gXovak66943ctWAfNcz0lfzgvOj6WdEPzb_ZFCDj_jvZ3svzi7rSfUiZS9clJ7fa1TccRSTk0leT95bd20QHfZy_pcj=w2000-h1500-s-no-gm?authuser=0\" width=\"1840\" height=\"1380\" alt=\"Misafirlerimizi konforlu bir koltukta a\u011f\u0131rl\u0131yoruz!\" class=\"size-full\" \/><\/a><figcaption class=\"wp-caption-text\">Misafirlerimizi konforlu bir koltukta a\u011f\u0131rl\u0131yoruz!<\/figcaption><\/figure>\n<h3>Fabrika sat\u0131\u015f ma\u011fazas\u0131ndan sat\u0131n almaya haz\u0131r<\/h3>\n<p>Giri\u015fin hemen i\u00e7 taraf\u0131ndaki resepsiyon masas\u0131nda Kurosengoku soya i\u015flenmi\u015f \u00fcr\u00fcnler sergileniyor ve m\u00fc\u015fteriler \u00fcr\u00fcnleri fabrikan\u0131n do\u011frudan sat\u0131\u015f ma\u011fazas\u0131ndan hemen sat\u0131n alabiliyorlar.<\/p>\n<figure class=\"wp-caption aligncenter\"><a href=\"https:\/\/photos.google.com\/share\/AF1QipMg7w6R7XuXjEe0oIyfwlOofhDt4eWV38ccFk0ggVACXEd_2ZKpQwStmsEqF0eC6Q\/photo\/AF1QipMaiWhqIxkzAElNdOtN3mHheIT3f2R7Lo0d5WU?key=TU5UN1p4UDJaMHI2bzlXeWgzak9FbHRteHoxMDd3\" target=\"_blank\" rel=\"noopener\"><img decoding=\"async\" src=\"https:\/\/lh3.googleusercontent.com\/pw\/AP1GczMI4718ForUpQrJ2f48vRyC4cta3CQRXEso0omGzS_hFj1r5wud_mMLvMHZJ94mIy6mMvDemwLkTC1kXMQs6btIejUUwdopFvYRzkap9uEqOtmrkBaaIdqGUfnNX3oEAyybqtOgkldRbq0imkkzAvUK=w1840-h1380-s-no-gm?authuser=0\" width=\"1840\" height=\"1380\" alt=\"Resepsiyonda \u00e7e\u015fitli \u00fcr\u00fcnler sat\u0131l\u0131yor\" class=\"size-full\" \/><\/a><figcaption class=\"wp-caption-text\">Resepsiyonda \u00e7e\u015fitli \u00fcr\u00fcnler sat\u0131l\u0131yor<\/figcaption><\/figure>\n<figure class=\"wp-caption aligncenter\"><a href=\"https:\/\/photos.google.com\/share\/AF1QipMg7w6R7XuXjEe0oIyfwlOofhDt4eWV38ccFk0ggVACXEd_2ZKpQwStmsEqF0eC6Q\/photo\/AF1QipPR2nUMqJd3YR1EK9fOAGOQ7pHqATAHj6-nzCk?key=TU5UN1p4UDJaMHI2bzlXeWgzak9FbHRteHoxMDd3\" target=\"_blank\" rel=\"noopener\"><img decoding=\"async\" src=\"https:\/\/lh3.googleusercontent.com\/pw\/AP1GczPP18WOgk9DqI7CWsPEN4Erd6Qd-XXqOxkTLvbRRG6IvZS9CQ6VsFrI3q8CX8pLdXj4KrdCTRM_c0jwe22mF7sH7hfJ6cVlHWIv6awCC_COdTRTrvkjHvma4C1ubpaG5gye80O9wDHNV9HjxzaYXXwW=w2000-h1500-s-no-gm?authuser=0\" width=\"1840\" height=\"1380\" alt=\"H\u0131zl\u0131 sat\u0131n al\u0131m\u0131n\u0131z i\u00e7in te\u015fekk\u00fcr ederiz!\" class=\"size-full\" \/><\/a><figcaption class=\"wp-caption-text\">H\u0131zl\u0131 sat\u0131n al\u0131m\u0131n\u0131z i\u00e7in te\u015fekk\u00fcr ederiz!<\/figcaption><\/figure>\n<h3>Mutfak, temiz bay ve bayan tuvaletleri, do\u011frudan fabrikaya ba\u011fl\u0131<\/h3>\n<p>Fabrikan\u0131n biti\u015fi\u011finde in\u015fa edilen yeni ofiste, erkekler ve kad\u0131nlar i\u00e7in mutfak ve temiz tuvaletler bulunuyor. Ayr\u0131ca tuvaletlerin arkas\u0131ndaki koridorun sonunda ofis ile fabrikay\u0131 birbirine ba\u011flayan tek bir kap\u0131 bulunmaktad\u0131r.<\/p>\n<figure class=\"wp-caption aligncenter\"><a href=\"https:\/\/photos.google.com\/share\/AF1QipMg7w6R7XuXjEe0oIyfwlOofhDt4eWV38ccFk0ggVACXEd_2ZKpQwStmsEqF0eC6Q\/photo\/AF1QipP8y8EG2CGRj7iQRRkTbP3yY9pb3waq0mJIUf4?key=TU5UN1p4UDJaMHI2bzlXeWgzak9FbHRteHoxMDd3\" target=\"_blank\" rel=\"noopener\"><img decoding=\"async\" src=\"https:\/\/lh3.googleusercontent.com\/pw\/AP1GczOhdFluczwk_VaWlBcGdiaFIK2BrIhCrp4jatxXYzjMOK3UirqPE8GuXC5KJaLjEsNfl3rstWbT6htmrDErDCeeKa-nB_TRuvEe8qe_kNAQotexSuObkA3kEDzBC5ujaaRgd2CoJyKBznsJ521fiqsm=w1797-h1198-s-no-gm?authuser=0\" width=\"1840\" height=\"1380\" alt=\"Ofisin arkas\u0131ndaki mutfak\" class=\"size-full\" \/><\/a><figcaption class=\"wp-caption-text\">Ofisin arkas\u0131ndaki mutfak<\/figcaption><\/figure>\n<figure class=\"wp-caption aligncenter\"><a href=\"https:\/\/photos.google.com\/share\/AF1QipMg7w6R7XuXjEe0oIyfwlOofhDt4eWV38ccFk0ggVACXEd_2ZKpQwStmsEqF0eC6Q\/photo\/AF1QipNB-R6pvGN0R4aK_fnPqPFdtzHXQMUVsizoU5Q?key=TU5UN1p4UDJaMHI2bzlXeWgzak9FbHRteHoxMDd3\" target=\"_blank\" rel=\"noopener\"><img decoding=\"async\" src=\"https:\/\/lh3.googleusercontent.com\/pw\/AP1GczMaZ3HocXsDzHl_7ivg0jg5fadFa-943xhg8CY9q6AwAQVhAOIdCzjGlQzpB2lMjtlHCYkfZ9movNG1nxevMhq_N8FOuJqxFqaqHNYLyVAaY1Db3mdhJwYiM4Inbbm4QnqRoZsNxIuhRT5Utn_xONWe=w1840-h1380-s-no-gm?authuser=0\" width=\"1840\" height=\"1380\" alt=\"Tuvaletin arkas\u0131nda fabrikaya giden bir ge\u00e7it var.\" class=\"size-full\" \/><\/a><figcaption class=\"wp-caption-text\">Tuvaletin arkas\u0131nda fabrikaya giden bir ge\u00e7it var.<\/figcaption><\/figure>\n<figure class=\"wp-caption aligncenter\"><a href=\"https:\/\/photos.google.com\/share\/AF1QipMg7w6R7XuXjEe0oIyfwlOofhDt4eWV38ccFk0ggVACXEd_2ZKpQwStmsEqF0eC6Q\/photo\/AF1QipMHi_8OdTd_ZrxeXeoxUFV3Zz2zSYNWqDkCTIw?key=TU5UN1p4UDJaMHI2bzlXeWgzak9FbHRteHoxMDd3\" target=\"_blank\" rel=\"noopener\"><img decoding=\"async\" src=\"https:\/\/lh3.googleusercontent.com\/pw\/AP1GczPqA6xbd-3UbuBTJH5xfjfwkwpFEbp5U54h9IaR-RVGhhS3iys_vL-V-tvspBTpwpANPPFgdD2y9JAGpBNmbFzuTXoV-3hJokMGAqeU7g9he7_We5tUFIf2UykN5l-BUIMp6lrgJUHa8evUkdU0_jWX=w1840-h1380-s-no-gm?authuser=0\" width=\"1840\" height=\"1380\" alt=\"Kap\u0131y\u0131 a\u00e7t\u0131\u011f\u0131n\u0131zda kendinizi bir fabrikada bulacaks\u0131n\u0131z!\" class=\"size-full\" \/><\/a><figcaption class=\"wp-caption-text\">Kap\u0131y\u0131 a\u00e7t\u0131\u011f\u0131n\u0131zda kendinizi bir fabrikada bulacaks\u0131n\u0131z!<\/figcaption><\/figure>\n<h2>Ba\u015fkan Yukio Takada&#039;n\u0131n konu\u015fmas\u0131<\/h2>\n<figure class=\"wp-caption aligncenter\"><a href=\"https:\/\/photos.google.com\/share\/AF1QipMg7w6R7XuXjEe0oIyfwlOofhDt4eWV38ccFk0ggVACXEd_2ZKpQwStmsEqF0eC6Q\/photo\/AF1QipOlnNDv3dSRbypBOXuniuF_qSN4CxdmHZyRbiI?key=TU5UN1p4UDJaMHI2bzlXeWgzak9FbHRteHoxMDd3\" target=\"_blank\" rel=\"noopener\"><img decoding=\"async\" src=\"https:\/\/lh3.googleusercontent.com\/pw\/AP1GczNCrrGrb_DyurdLCH6BvKlq4Hdo3qzKCfKVhgsBd57EXP8RnigXO_2rMf-X2h-kiuYKTGx1pICMxwWOiYxx0q27aCn4Vw1okq854D4TebOhiWMqlI0BhVbkIzVFmJYO3r9RQBjvHkXs1dq5yk2CNL7j=w2000-h1333-s-no-gm?authuser=0\" width=\"2000\" height=\"1333\" alt=\"Y\u00f6netim kurulu ba\u015fkan\u0131 Yukio Takada, yerel kasaba halk\u0131yla ba\u011flant\u0131lara de\u011fer veriyor\" class=\"size-full\" \/><\/a><figcaption class=\"wp-caption-text\">Y\u00f6netim kurulu ba\u015fkan\u0131 Yukio Takada, yerel kasaba halk\u0131yla ba\u011flant\u0131lara de\u011fer veriyor<\/figcaption><\/figure>\n<p>&quot;Uzun s\u00fcredir ofis \u00e7al\u0131\u015fmalar\u0131m\u0131z\u0131 prefabrik bir binada y\u00fcr\u00fct\u00fcyorduk, ancak sonunda herkesi yeni ofisimizde b\u00f6yle a\u011f\u0131rlayabiliyoruz.<\/p>\n<p>Bunun kasabadaki daha fazla insan\u0131n Kurosengoku soya fasulyesini tan\u0131mas\u0131 ve g\u00fcvenli bir \u015fekilde denemesi i\u00e7in bir f\u0131rsat olmas\u0131n\u0131 ve &quot;\u00c7ok lezzetliydi!&quot; demelerini umuyoruz. Yerel halk\u0131n ``Buras\u0131 ziyaret edilecek harika bir yer&#039;&#039; dedi\u011fini duymay\u0131 umuyorum.<\/p>\n<p>Fabrika do\u011frudan sat\u0131\u015f ma\u011fazam\u0131z\u0131 kurarak, yerel halk\u0131n bu sabah ofisimize gelip \u00fcr\u00fcnlerimizi sat\u0131n almas\u0131ndan b\u00fcy\u00fck mutluluk duyuyoruz.<\/p>\n<p>Y\u00f6netim Kurulu Ba\u015fkan\u0131 Takada Yukio, &quot;Hokko \u0130n\u015faat&#039;taki herkese, tamamlanmaya kadar ge\u00e7en y\u0131l boyunca \u00e7e\u015fitli sorunlar\u0131n \u00e7\u00f6z\u00fcm\u00fcnde g\u00f6sterdikleri yard\u0131m ve i\u015f birli\u011fi i\u00e7in son derece minnettar\u0131z&quot; dedi.<\/p>\n<h2>Genel M\u00fcd\u00fcr Yuji Takada&#039;dan bir s\u00f6z<\/h2>\n<figure class=\"wp-caption aligncenter\"><a href=\"https:\/\/photos.google.com\/share\/AF1QipMg7w6R7XuXjEe0oIyfwlOofhDt4eWV38ccFk0ggVACXEd_2ZKpQwStmsEqF0eC6Q\/photo\/AF1QipMkORD70GH-gMtPZrEtMjbrnxQrY0i4c_Io7J4?key=TU5UN1p4UDJaMHI2bzlXeWgzak9FbHRteHoxMDd3\" target=\"_blank\" rel=\"noopener\"><img decoding=\"async\" src=\"https:\/\/lh3.googleusercontent.com\/pw\/AP1GczOyFhKllqL2Af9DtWDeaHkEtlSeKpaHd_hLN5urjplfdyfK9tgUr2ovwyyJcC96lxEcUxHUWdMPmZnQV8ZtaK4RYt5K7_jWwDjTt4eD_ZS_6DQZmBnguBp_1LSmqmHW_FYb5MXTsm10ev8oMZ6CogEl=w2000-h1333-s-no-gm?authuser=0\" width=\"2000\" height=\"1333\" alt=\"Genel M\u00fcd\u00fcr Yuji Takada\" class=\"size-full\" \/><\/a><figcaption class=\"wp-caption-text\">Genel M\u00fcd\u00fcr Yuji Takada<\/figcaption><\/figure>\n<p>Genel M\u00fcd\u00fcr Takada Yuji, &quot;\u00dclke genelindeki insanlar\u0131n Kurosengoku&#039;yu &#039;Kurosengoku&#039; olarak do\u011fru \u015fekilde telaffuz etmesini ve daha fazla insan\u0131n Kurosengoku&#039;nun kalitesini ve lezzetini tan\u0131mas\u0131n\u0131 sa\u011flamak i\u00e7in elimizden geleni yapaca\u011f\u0131z&quot; dedi.<\/p>\n<figure class=\"wp-caption aligncenter\"><a href=\"https:\/\/photos.google.com\/share\/AF1QipMg7w6R7XuXjEe0oIyfwlOofhDt4eWV38ccFk0ggVACXEd_2ZKpQwStmsEqF0eC6Q\/photo\/AF1QipN5w6TLsvVlRpGPEUSmJDY-RtyKEIsg2VvIpko?key=TU5UN1p4UDJaMHI2bzlXeWgzak9FbHRteHoxMDd3\" target=\"_blank\" rel=\"noopener\"><img decoding=\"async\" src=\"https:\/\/lh3.googleusercontent.com\/pw\/AP1GczP7jtF8MSKohA6QpPvuRPwArUG4VVTjviIJ1V5HjyF3-CoNuZ-sH9vv4uGC-GQ1I7pooYByBp7gPbW9TdfGLN7mr42FYpkx5tXtzpyFBerGWrsXmePEhFzT9-tGs2J5hVjKpPCtalJG6X4Mq-nPmu5G=w2000-h1333-s-no-gm?authuser=0\" width=\"2000\" height=\"1333\" alt=\"Y\u00f6netim Kurulu Ba\u015fkan\u0131 Takada ve Genel M\u00fcd\u00fcr Takada, Kurosengoku soya fasulyesinin yay\u0131lmas\u0131n\u0131 te\u015fvik etmek i\u00e7in yan yana \u00e7al\u0131\u015f\u0131yor\" class=\"size-full\" \/><\/a><figcaption class=\"wp-caption-text\">Y\u00f6netim Kurulu Ba\u015fkan\u0131 Takada ve Genel M\u00fcd\u00fcr Takada, Kurosengoku soya fasulyesinin yay\u0131lmas\u0131n\u0131 te\u015fvik etmek i\u00e7in yan yana \u00e7al\u0131\u015f\u0131yor<\/figcaption><\/figure>\n<p>10 Haziran Pazartesi ve 11 Haziran Sal\u0131 g\u00fcnleri Sapporo Chikaho&#039;da solo Kurosengoku fuar\u0131 d\u00fczenlenecek.<\/p>\n<figure class=\"wp-caption aligncenter\"><a href=\"https:\/\/photos.google.com\/share\/AF1QipMg7w6R7XuXjEe0oIyfwlOofhDt4eWV38ccFk0ggVACXEd_2ZKpQwStmsEqF0eC6Q\/photo\/AF1QipMfznLu_SQ4VAVUBvr-lGkFtgwoFpE-m8cyhjY?key=TU5UN1p4UDJaMHI2bzlXeWgzak9FbHRteHoxMDd3\" target=\"_blank\" rel=\"noopener\"><img decoding=\"async\" src=\"https:\/\/lh3.googleusercontent.com\/pw\/AP1GczMkZgd6DWlsaZLyTlnhO2WXSCIjPqd_gF-FNjf_U4EMxd2Fl6MePaEdqnVR1ogWQRi9eP81feH8oldTfnpR9w7nf6mAn8pguB9JvGblPy3aiXeKb9WDCPH5fy7p9m1afcI1oIyAwRYr6b7fWTh9ZpHL=w1840-h1380-s-no-gm?authuser=0\" width=\"1840\" height=\"1380\" alt=\"Haziran ay\u0131nda Sapporo Chikaho&#039;da d\u00fczenlenecek Kurosengoku Fuar\u0131&#039;n\u0131n duyurusu!\" class=\"size-full\" \/><\/a><figcaption class=\"wp-caption-text\">Haziran ay\u0131nda Sapporo Chikaho&#039;da d\u00fczenlenecek Kurosengoku Fuar\u0131&#039;n\u0131n duyurusu!<\/figcaption><\/figure>\n\n        <div class=\"site-blogcard-premium\">\n            <div class=\"bc-label-custom\">\u0130lgili makaleler<\/div>\n            <div class=\"bc-flex-container\">\n                <div class=\"bc-main-text\">\n                    <div class=\"bc-title-link-box\">\n                        <a href=\"https:\/\/portal.hokuryu.info\/tr\/43606\/\" target=\"_blank\">https:\/\/portal.hokuryu.info\/43606<\/a>\n                    <\/div>\n                    <div class=\"bc-excerpt-box\">Sayfa bilgileri al\u0131namad\u0131.<\/div>\n                <\/div>\n                <div class=\"bc-thumbnail-box\">\n                    <a href=\"https:\/\/portal.hokuryu.info\/tr\/43606\/\" target=\"_blank\">\n                        <div class=\"bc-img-zoom-wrap\">\n                            <img decoding=\"async\" src=\"https:\/\/portal.hokuryu.info\/wp\/wp-content\/uploads\/2026\/02\/20230802DSC06445_1.jpg\" alt=\"https:\/\/portal.hokuryu.info\/43606\">\n                        <\/div>\n                    <\/a>\n                <\/div>\n            <\/div>\n        <\/div>\n\u3000<br \/>\nKurosengoku Ticaret Kooperatifi Derne\u011fi, \u00fcreticiler ile yerel t\u00fcketiciler aras\u0131ndaki yak\u0131n ba\u011flar\u0131 ve al\u0131\u015fveri\u015fleri daha da g\u00fc\u00e7lendirecek, Kurosengoku soya fasulyesinin lezzetini ve kalitesini daha da yayg\u0131nla\u015ft\u0131racak ve fark\u0131ndal\u0131\u011f\u0131 art\u0131racak yeni ofisinin a\u00e7\u0131l\u0131\u015f\u0131n\u0131 s\u0131n\u0131rs\u0131z sevgi, \u015f\u00fckran ve duayla kutluyor. . .<\/p>\n<figure class=\"wp-caption aligncenter\"><a href=\"https:\/\/photos.google.com\/share\/AF1QipMg7w6R7XuXjEe0oIyfwlOofhDt4eWV38ccFk0ggVACXEd_2ZKpQwStmsEqF0eC6Q\/photo\/AF1QipPIRqrQ9ZdJ8H97PFDh5KdnooM8a2OeNRxdpPc?key=TU5UN1p4UDJaMHI2bzlXeWgzak9FbHRteHoxMDd3\" target=\"_blank\" rel=\"noopener\"><img decoding=\"async\" src=\"https:\/\/lh3.googleusercontent.com\/pw\/AP1GczPR9L9bv9zKgsNAh-AyAxeW50-Ub0YKd2Iyp8CnY69GtJ_Hboi1bRNx1n78L4xYLBMlAeHz8XJaGKfTrMaZwyHqWuHEmudVAtQ2qoWOzgx6Wh-IUhhn54W8D6_k4_bs-ksc8VzLi3noyfM0UVNBhRjd=w1840-h1380-s-no-gm?authuser=0\" width=\"1840\" height=\"1380\" alt=\"Kutlama buketi\" class=\"size-full\" \/><\/a><figcaption class=\"wp-caption-text\">Kutlama buketi<\/figcaption><\/figure>\n<h2>Youtube videolar\u0131<\/h2>\n<div class=\"youtube\"><iframe title=\"Kurosengoku \u0130\u015f Kooperatifi Derne\u011fi&#039;nin Yeni Ofisi ve Fabrika Sat\u0131\u015f Ma\u011fazas\u0131 A\u00e7\u0131ld\u0131!\" src=\"https:\/\/www.youtube.com\/embed\/U1t9PQpPCjI?feature=oembed\" frameborder=\"0\" allow=\"accelerometer; autoplay; clipboard-write; encrypted-media; gyroscope; picture-in-picture; web-share\" referrerpolicy=\"strict-origin-when-cross-origin\" allowfullscreen><\/iframe><\/div>\n<h2>Di\u011fer foto\u011fraflar<\/h2>\n<div class=\"img-move\"><img decoding=\"async\" style=\"vertical-align: middle;\" src=\"https:\/\/ehokkaido.net\/wp-content\/uploads\/2021\/12\/2021-12-06-11.41.12.png\" \/> <a href=\"https:\/\/photos.app.goo.gl\/ZwTn1zdtVHEk6ukS8\" target=\"_blank\" rel=\"noopener noreferrer\">Kurosengoku \u0130\u015f Kooperatifi Derne\u011fi&#039;nin Yeni Ofisi ve Fabrika Sat\u0131\u015f Ma\u011fazas\u0131 A\u00e7\u0131ld\u0131! Foto\u011fraflar i\u00e7in t\u0131klay\u0131n\u0131z (25 foto\u011fraf) &gt;&gt;<\/a><\/div>\n<h2>\u0130lgili Makaleler\/Siteler<\/h2>\n\n        <div class=\"site-blogcard-premium\">\n            <div class=\"bc-label-custom\">\u0130lgili makaleler<\/div>\n            <div class=\"bc-flex-container\">\n                <div class=\"bc-main-text\">\n                    <div class=\"bc-title-link-box\">\n                        <a href=\"https:\/\/portal.hokuryu.info\/tr\/43187\/\" target=\"_blank\">https:\/\/portal.hokuryu.info\/43187<\/a>\n                    <\/div>\n                    <div class=\"bc-excerpt-box\">Sayfa bilgileri al\u0131namad\u0131.<\/div>\n                <\/div>\n                <div class=\"bc-thumbnail-box\">\n                    <a href=\"https:\/\/portal.hokuryu.info\/tr\/43187\/\" target=\"_blank\">\n                        <div class=\"bc-img-zoom-wrap\">\n                            <img decoding=\"async\" src=\"https:\/\/portal.hokuryu.info\/wp\/wp-content\/uploads\/2026\/02\/20230802DSC06445_1.jpg\" alt=\"https:\/\/portal.hokuryu.info\/43187\">\n                        <\/div>\n                    <\/a>\n                <\/div>\n            <\/div>\n        <\/div>\n\u3000<\/p>\n<div class=\"img-move\">\n<div class=\"sitecard\">\n<div class=\"sitecard__subtitle\"> Kurosengoku \u0130\u015f Kooperatifleri Birli\u011fi \u00c7evrimi\u00e7i Ma\u011fazas\u0131<\/div>\n<div class=\"column column-273\">\n<div class=\"column__item\"><span style=\"font-size:medium\">Kurosengoku soya fasulyesi tatl\u0131 ve zengin bir tada sahiptir ve siyah kabuklar\u0131na ra\u011fmen ye\u015fil ete sahip olmalar\u0131yla karakterize edilir. K\u00fc\u00e7\u00fck, besin de\u011feri dengeli bir s\u00fcper besin! ! !<\/span><br \/>\n<span style=\"color: #ff9900\">\u25b6<\/span> <a href=\"https:\/\/kurosengoku.or.jp\/\" target=\"_blank\" rel=\"noopener\"><b style=\"font-size:large\">Kurosengoku \u0130\u015f Kooperatifleri Birli\u011fi Do\u011frudan \u00c7evrimi\u00e7i Ma\u011faza &gt;&gt;<\/b><\/div>\n<div class=\"column__item\"><img decoding=\"async\" src=\"https:\/\/lh3.googleusercontent.com\/pw\/AM-JKLWNWJFImAmp1PfKwfI58vH_sLgmN8vbY-5K81_DP6Xx1z43KsaIhYalSkj00KRHHCX0P9g69a7fX48J-2WzJBy-pPG5DkIHYkDILY8I4eOL-HGXiW8twsF91oVVPPW_kRFu2FRKL4Plfohni5Y52bLIeQ=w438-h382-no?authuser=0\" alt=\"Kurosengoku \u0130\u015f Kooperatifi Derne\u011fi\" \/><\/a><\/div>\n<\/div>\n<\/div>\n<\/div>\n\n\n<p>\u25c7 R\u00f6portaj ve metin: Ikuko Terauchi (foto\u011fraf\u00e7\u0131l\u0131k ve d\u00fczenleme asistan\u0131: Noboru Terauchi)<\/p>","protected":false},"excerpt":{"rendered":"<p>\uff12\uff10\uff12\uff14\u5e74\uff14\u6708\uff19\u65e5\uff08\u706b\uff09 \uff14\u6708\uff18\u65e5\uff08\u6708\uff09\u3001\uff10\uff19\uff1a\uff10\uff10\u3088\u308a\u3001\u9ed2\u5343\u77f3\u4e8b\u696d\u5354\u540c\u7d44\u5408\u306e\u65b0\u4e8b\u52d9\u6240 \uff06 \u5de5\u5834\u76f4\u58f2\u5e97\u304c\u30aa\u30fc\u30d7\u30f3\u3068\u306a\u308a\u307e\u3057\u305f\u3002 \u5efa\u8a2d\u306f\u3001\u753a\u5185\u306e\uff08\u682a\uff09\u5317\u8208\u5efa\u8a2d\uff08\u85e4\u4e95\u96c5\u4ec1 \u4ee3\u8868\uff09\u3055\u3093\u304c\u8acb\u3051\u8ca0\u3044\u3001\u30b3\u30ed\u30ca\u798d\u306e [&hellip;]<\/p>\n","protected":false},"author":1,"featured_media":43655,"comment_status":"open","ping_status":"open","sticky":false,"template":"","format":"standard","meta":{"footnotes":""},"categories":[4,75,9],"tags":[],"class_list":["post-43582","post","type-post","status-publish","format-standard","has-post-thumbnail","hentry","category-cover-story","category-sasaki-yasuhiro-mayor","category-kurosengoku"],"_links":{"self":[{"href":"https:\/\/portal.hokuryu.info\/tr\/wp-json\/wp\/v2\/posts\/43582","targetHints":{"allow":["GET"]}}],"collection":[{"href":"https:\/\/portal.hokuryu.info\/tr\/wp-json\/wp\/v2\/posts"}],"about":[{"href":"https:\/\/portal.hokuryu.info\/tr\/wp-json\/wp\/v2\/types\/post"}],"author":[{"embeddable":true,"href":"https:\/\/portal.hokuryu.info\/tr\/wp-json\/wp\/v2\/users\/1"}],"replies":[{"embeddable":true,"href":"https:\/\/portal.hokuryu.info\/tr\/wp-json\/wp\/v2\/comments?post=43582"}],"version-history":[{"count":0,"href":"https:\/\/portal.hokuryu.info\/tr\/wp-json\/wp\/v2\/posts\/43582\/revisions"}],"wp:featuredmedia":[{"embeddable":true,"href":"https:\/\/portal.hokuryu.info\/tr\/wp-json\/wp\/v2\/media\/43655"}],"wp:attachment":[{"href":"https:\/\/portal.hokuryu.info\/tr\/wp-json\/wp\/v2\/media?parent=43582"}],"wp:term":[{"taxonomy":"category","embeddable":true,"href":"https:\/\/portal.hokuryu.info\/tr\/wp-json\/wp\/v2\/categories?post=43582"},{"taxonomy":"post_tag","embeddable":true,"href":"https:\/\/portal.hokuryu.info\/tr\/wp-json\/wp\/v2\/tags?post=43582"}],"curies":[{"name":"wp","href":"https:\/\/api.w.org\/{rel}","templated":true}]}}